{"id":8787,"date":"2021-01-12T18:49:15","date_gmt":"2021-01-12T17:49:15","guid":{"rendered":"https:\/\/www.galerie-metzger.de\/?p=8787"},"modified":"2021-05-29T15:10:33","modified_gmt":"2021-05-29T13:10:33","slug":"handled-ware","status":"publish","type":"post","link":"https:\/\/www.galerie-metzger.de\/en\/expo\/handled-ware\/","title":{"rendered":"Handled Ware"},"content":{"rendered":"<div id='topp'  class='avia-section av-39p4agv-2522fcf585d2ac7445cd0f90c9103b9e main_color avia-section-no-padding avia-no-border-styling  avia-builder-el-0  el_before_av_submenu  avia-builder-el-first  avia-bg-style-scroll container_wrap fullsize'  ><div class='container av-section-cont-open' ><main  class='template-page content  av-content-full alpha units'><div class='post-entry post-entry-type-page post-entry-8787'><div class='entry-content-wrapper clearfix'>\n\n<style type=\"text\/css\" data-created_by=\"avia_inline_auto\" id=\"style-css-av-38qqpzz-e83686adc2179d1d9c7c0f6c8d2295c1\">\n.flex_column.av-38qqpzz-e83686adc2179d1d9c7c0f6c8d2295c1{\n-webkit-border-radius:0px 0px 0px 0px;\n-moz-border-radius:0px 0px 0px 0px;\nborder-radius:0px 0px 0px 0px;\n}\n<\/style>\n<div class='flex_column av-38qqpzz-e83686adc2179d1d9c7c0f6c8d2295c1 av_one_full  avia-builder-el-1  el_before_av_one_full  avia-builder-el-first  jo_col_page_title first no_margin flex_column_div av-animated-generic fade-in av-zero-column-padding '     ><style type=\"text\/css\" data-created_by=\"avia_inline_auto\" id=\"style-css-av-av_heading-d83bb47b9b3ec4a7923ba84c42f81b81\">\n#top .av-special-heading.av-av_heading-d83bb47b9b3ec4a7923ba84c42f81b81{\npadding-bottom:0px;\n}\nbody .av-special-heading.av-av_heading-d83bb47b9b3ec4a7923ba84c42f81b81 .av-special-heading-tag .heading-char{\nfont-size:25px;\n}\n.av-special-heading.av-av_heading-d83bb47b9b3ec4a7923ba84c42f81b81 .av-subheading{\nfont-size:15px;\n}\n<\/style>\n<div  class='av-special-heading av-av_heading-d83bb47b9b3ec4a7923ba84c42f81b81 av-special-heading-h2 blockquote modern-quote  avia-builder-el-2  avia-builder-el-no-sibling  jo_special_heading portfo one'><h2 class='av-special-heading-tag'  >Handled Ware<\/h2><div class=\"special-heading-border\"><div class=\"special-heading-inner-border\"><\/div><\/div><\/div><\/div><div class='flex_column_table av-2gsxvhb-1118cc7ed190ef12b94344766d75b468 sc-av_one_full av-equal-height-column-flextable'>\n<style type=\"text\/css\" data-created_by=\"avia_inline_auto\" id=\"style-css-av-2gsxvhb-1118cc7ed190ef12b94344766d75b468\">\n.flex_column.av-2gsxvhb-1118cc7ed190ef12b94344766d75b468{\n-webkit-border-radius:0px 0px 0px 0px;\n-moz-border-radius:0px 0px 0px 0px;\nborder-radius:0px 0px 0px 0px;\n}\n<\/style>\n<div class='flex_column av-2gsxvhb-1118cc7ed190ef12b94344766d75b468 av_one_full  avia-builder-el-3  el_after_av_one_full  el_before_av_two_third  jo_col_empty first flex_column_table_cell av-equal-height-column av-align-top av-animated-generic fade-in av-zero-column-padding column-top-margin'     ><section  class='av_textblock_section av-2ebrkhr-7982fab1bb27e611fade3e31fb8d8b3f' ><div class='avia_textblock' ><p>invisible placeholder<\/p>\n<\/div><\/section><\/div><\/div><!--close column table wrapper. Autoclose: 1 --><div class='flex_column_table av-av_two_third-9dd532ab0d5813bed57b43564300f6f9 sc-av_two_third av-equal-height-column-flextable'>\n<style type=\"text\/css\" data-created_by=\"avia_inline_auto\" id=\"style-css-av-av_two_third-9dd532ab0d5813bed57b43564300f6f9\">\n.flex_column.av-av_two_third-9dd532ab0d5813bed57b43564300f6f9{\n-webkit-border-radius:0px 0px 0px 0px;\n-moz-border-radius:0px 0px 0px 0px;\nborder-radius:0px 0px 0px 0px;\n}\n<\/style>\n<div class='flex_column av-av_two_third-9dd532ab0d5813bed57b43564300f6f9 av_two_third  avia-builder-el-5  el_after_av_one_full  el_before_av_one_third  jo_pf_bild_bg first flex_column_table_cell av-equal-height-column av-align-middle av-animated-generic fade-in av-zero-column-padding column-top-margin'     ><p>\n<style type=\"text\/css\" data-created_by=\"avia_inline_auto\" id=\"style-css-av-av_image-ccf70a3462bd97a25f5aa153acd8cc19\">\n.avia-image-container.av-av_image-ccf70a3462bd97a25f5aa153acd8cc19 img.avia_image{\nbox-shadow:none;\n}\n.avia-image-container.av-av_image-ccf70a3462bd97a25f5aa153acd8cc19 .av-caption-image-overlay-bg{\nopacity:0.4;\n}\n<\/style>\n<div  class='avia-image-container av-av_image-ccf70a3462bd97a25f5aa153acd8cc19 av-styling-no-styling avia_animated_image av-animated-when-visible-95 fade-in avia-align-left  avia-builder-el-6  el_before_av_textblock  avia-builder-el-first  jo_pf_bild noHover av-overlay-hover-deactivate'  ><div class=\"avia-image-container-inner\"><div class=\"avia-image-overlay-wrap\"><a href=\"https:\/\/www.galerie-metzger.de\/wp-content\/uploads\/2021\/01\/Jean-Fran\u00e7ois-Thi\u00e9rion-Rascar-Capac-galerie-metzger-ceramic-art-object-keramik-gallery-kaufen-1030x687.jpg\" data-srcset=\"https:\/\/www.galerie-metzger.de\/wp-content\/uploads\/2021\/01\/Jean-Fran\u00e7ois-Thi\u00e9rion-Rascar-Capac-galerie-metzger-ceramic-art-object-keramik-gallery-kaufen-1030x687.jpg 1030w, https:\/\/www.galerie-metzger.de\/wp-content\/uploads\/2021\/01\/Jean-Fran\u00e7ois-Thi\u00e9rion-Rascar-Capac-galerie-metzger-ceramic-art-object-keramik-gallery-kaufen-400x267.jpg 400w, https:\/\/www.galerie-metzger.de\/wp-content\/uploads\/2021\/01\/Jean-Fran\u00e7ois-Thi\u00e9rion-Rascar-Capac-galerie-metzger-ceramic-art-object-keramik-gallery-kaufen-768x512.jpg 768w, https:\/\/www.galerie-metzger.de\/wp-content\/uploads\/2021\/01\/Jean-Fran\u00e7ois-Thi\u00e9rion-Rascar-Capac-galerie-metzger-ceramic-art-object-keramik-gallery-kaufen-1536x1024.jpg 1536w, https:\/\/www.galerie-metzger.de\/wp-content\/uploads\/2021\/01\/Jean-Fran\u00e7ois-Thi\u00e9rion-Rascar-Capac-galerie-metzger-ceramic-art-object-keramik-gallery-kaufen-2048x1365.jpg 2048w, https:\/\/www.galerie-metzger.de\/wp-content\/uploads\/2021\/01\/Jean-Fran\u00e7ois-Thi\u00e9rion-Rascar-Capac-galerie-metzger-ceramic-art-object-keramik-gallery-kaufen-1500x1000.jpg 1500w, https:\/\/www.galerie-metzger.de\/wp-content\/uploads\/2021\/01\/Jean-Fran\u00e7ois-Thi\u00e9rion-Rascar-Capac-galerie-metzger-ceramic-art-object-keramik-gallery-kaufen-600x400.jpg 600w, https:\/\/www.galerie-metzger.de\/wp-content\/uploads\/2021\/01\/Jean-Fran\u00e7ois-Thi\u00e9rion-Rascar-Capac-galerie-metzger-ceramic-art-object-keramik-gallery-kaufen-300x200.jpg 300w, https:\/\/www.galerie-metzger.de\/wp-content\/uploads\/2021\/01\/Jean-Fran\u00e7ois-Thi\u00e9rion-Rascar-Capac-galerie-metzger-ceramic-art-object-keramik-gallery-kaufen-900x600.jpg 900w, https:\/\/www.galerie-metzger.de\/wp-content\/uploads\/2021\/01\/Jean-Fran\u00e7ois-Thi\u00e9rion-Rascar-Capac-galerie-metzger-ceramic-art-object-keramik-gallery-kaufen-705x470.jpg 705w, https:\/\/www.galerie-metzger.de\/wp-content\/uploads\/2021\/01\/Jean-Fran\u00e7ois-Thi\u00e9rion-Rascar-Capac-galerie-metzger-ceramic-art-object-keramik-gallery-kaufen-450x300.jpg 450w\" data-sizes=\"(max-width: 1030px) 100vw, 1030px\" class='avia_image' ><div class=\"av-image-caption-overlay\"><div class=\"av-caption-image-overlay-bg\"><\/div><div class=\"av-image-caption-overlay-position\"><div class=\"av-image-caption-overlay-center\"><p>Jean-Fran\u00e7ois Thi\u00e9rion \u2013 Rascar Capac \u2013\u00a0, Foto: Edi Baumann<\/p>\n<\/div><\/div><\/div><img decoding=\"async\" class='wp-image-9014 avia-img-lazy-loading-not-9014 avia_image ' src=\"https:\/\/www.galerie-metzger.de\/wp-content\/uploads\/2021\/01\/Jean-Fran\u00e7ois-Thi\u00e9rion-Rascar-Capac-galerie-metzger-ceramic-art-object-keramik-gallery-kaufen-900x600.jpg\" alt='Jean-Fran\u00e7ois Thi\u00e9rion - Rascar Capac -' title='Jean-Fran\u00e7ois Thi\u00e9rion - Rascar Capac'  height=\"563\" width=\"845\" srcset=\"https:\/\/www.galerie-metzger.de\/wp-content\/uploads\/2021\/01\/Jean-Fran\u00e7ois-Thi\u00e9rion-Rascar-Capac-galerie-metzger-ceramic-art-object-keramik-gallery-kaufen-900x600.jpg 900w, https:\/\/www.galerie-metzger.de\/wp-content\/uploads\/2021\/01\/Jean-Fran\u00e7ois-Thi\u00e9rion-Rascar-Capac-galerie-metzger-ceramic-art-object-keramik-gallery-kaufen-400x267.jpg 400w, https:\/\/www.galerie-metzger.de\/wp-content\/uploads\/2021\/01\/Jean-Fran\u00e7ois-Thi\u00e9rion-Rascar-Capac-galerie-metzger-ceramic-art-object-keramik-gallery-kaufen-1030x687.jpg 1030w, https:\/\/www.galerie-metzger.de\/wp-content\/uploads\/2021\/01\/Jean-Fran\u00e7ois-Thi\u00e9rion-Rascar-Capac-galerie-metzger-ceramic-art-object-keramik-gallery-kaufen-768x512.jpg 768w, https:\/\/www.galerie-metzger.de\/wp-content\/uploads\/2021\/01\/Jean-Fran\u00e7ois-Thi\u00e9rion-Rascar-Capac-galerie-metzger-ceramic-art-object-keramik-gallery-kaufen-1536x1024.jpg 1536w, https:\/\/www.galerie-metzger.de\/wp-content\/uploads\/2021\/01\/Jean-Fran\u00e7ois-Thi\u00e9rion-Rascar-Capac-galerie-metzger-ceramic-art-object-keramik-gallery-kaufen-2048x1365.jpg 2048w, https:\/\/www.galerie-metzger.de\/wp-content\/uploads\/2021\/01\/Jean-Fran\u00e7ois-Thi\u00e9rion-Rascar-Capac-galerie-metzger-ceramic-art-object-keramik-gallery-kaufen-1500x1000.jpg 1500w, https:\/\/www.galerie-metzger.de\/wp-content\/uploads\/2021\/01\/Jean-Fran\u00e7ois-Thi\u00e9rion-Rascar-Capac-galerie-metzger-ceramic-art-object-keramik-gallery-kaufen-600x400.jpg 600w, https:\/\/www.galerie-metzger.de\/wp-content\/uploads\/2021\/01\/Jean-Fran\u00e7ois-Thi\u00e9rion-Rascar-Capac-galerie-metzger-ceramic-art-object-keramik-gallery-kaufen-300x200.jpg 300w, https:\/\/www.galerie-metzger.de\/wp-content\/uploads\/2021\/01\/Jean-Fran\u00e7ois-Thi\u00e9rion-Rascar-Capac-galerie-metzger-ceramic-art-object-keramik-gallery-kaufen-705x470.jpg 705w, https:\/\/www.galerie-metzger.de\/wp-content\/uploads\/2021\/01\/Jean-Fran\u00e7ois-Thi\u00e9rion-Rascar-Capac-galerie-metzger-ceramic-art-object-keramik-gallery-kaufen-450x300.jpg 450w\" sizes=\"(max-width: 845px) 100vw, 845px\" \/><\/a><\/div><\/div><\/div><br \/>\n<section  class='av_textblock_section av-av_textblock-2df6986536148a6092118248b21c996c' ><div class='avia_textblock jo_werk_anfrage' ><p><a class=\"anfrage\" href=\"mailto:info@galerie-metzger.de?subject=Laura%20Gabers%20Woechnerinnenschale 3%202020\">request information<\/a><\/p>\n<\/div><\/section><\/p><\/div><div class='av-flex-placeholder'><\/div>\n<style type=\"text\/css\" data-created_by=\"avia_inline_auto\" id=\"style-css-av-a4qn2n-856651ccfd145b8a6460040044b31760\">\n.flex_column.av-a4qn2n-856651ccfd145b8a6460040044b31760{\n-webkit-border-radius:0px 0px 0px 0px;\n-moz-border-radius:0px 0px 0px 0px;\nborder-radius:0px 0px 0px 0px;\n}\n<\/style>\n<div class='flex_column av-a4qn2n-856651ccfd145b8a6460040044b31760 av_one_third  avia-builder-el-8  el_after_av_two_third  el_before_av_one_full  flex_column_table_cell av-equal-height-column av-align-middle av-animated-generic fade-in av-zero-column-padding column-top-margin'     ><section  class='av_textblock_section av-av_textblock-283972ea15f2e73870c23e2d6de3245d' ><div class='avia_textblock' ><p>Come on, get closer (to me)!<\/p>\n<p>HANDLES are an invitation to use:<br \/>\ngrasp \u2013 touch \u2013 experience \u2013 comprehend \u2013 acquire.<\/p>\n<\/div><\/section><\/div><\/div><!--close column table wrapper. Autoclose: 1 -->\n<style type=\"text\/css\" data-created_by=\"avia_inline_auto\" id=\"style-css-av-2ymbam7-645260c3b0cd49dacf53ae91eb0d40c1\">\n.flex_column.av-2ymbam7-645260c3b0cd49dacf53ae91eb0d40c1{\n-webkit-border-radius:0px 0px 0px 0px;\n-moz-border-radius:0px 0px 0px 0px;\nborder-radius:0px 0px 0px 0px;\n}\n<\/style>\n<div class='flex_column av-2ymbam7-645260c3b0cd49dacf53ae91eb0d40c1 av_one_full  avia-builder-el-10  el_after_av_one_third  el_before_av_two_third  jo_col_head first no_margin flex_column_div av-animated-generic fade-in av-zero-column-padding column-top-margin'     ><p><section  class='av_textblock_section av-av_textblock-500d8cf82da8812e2ff62ea41c4ced7b' ><div class='avia_textblock event_date' ><p>24.03.2021 \u2013 25.04.2021<\/p>\n<\/div><\/section><br \/>\n\n<style type=\"text\/css\" data-created_by=\"avia_inline_auto\" id=\"style-css-av-av_heading-ed14dad3e770d9f9a76483bc9b500478\">\n#top .av-special-heading.av-av_heading-ed14dad3e770d9f9a76483bc9b500478{\npadding-bottom:0px;\n}\nbody .av-special-heading.av-av_heading-ed14dad3e770d9f9a76483bc9b500478 .av-special-heading-tag .heading-char{\nfont-size:25px;\n}\n.av-special-heading.av-av_heading-ed14dad3e770d9f9a76483bc9b500478 .av-subheading{\nfont-size:15px;\n}\n<\/style>\n<div  class='av-special-heading av-av_heading-ed14dad3e770d9f9a76483bc9b500478 av-special-heading-h1 blockquote modern-quote  avia-builder-el-12  el_after_av_textblock  avia-builder-el-last  jo_special_heading portfo two'><h1 class='av-special-heading-tag'  >Handled Ware<\/h1><div class='av-subheading av-subheading_below'><p>with<br \/>\nKerstin Abraham \u2013 Hans Fischer \u2013 Karl Fulle \u2013 Laura Garbers \u2013 Birgit Hasse \u2013 Karin Kruck-H\u00f6rter &#8211; Sebastian Pertl \u2013 Milan Peters \u2013 Norbert Prangenberg \u2013 Herv\u00e9 Rousseau \u2013 Elke Sada &#8211; Iris Sch\u00f6ne \u2013 Karl-Heinz Till \u2013 Jean-Fran\u00e7ois Thi\u00e9rion &#8211; Cl\u00e9mence van Lunen \u2013 Chikako Yoshikawa \u2013 Medi Zimmermann<\/p>\n<\/div><div class=\"special-heading-border\"><div class=\"special-heading-inner-border\"><\/div><\/div><\/div><\/p><\/div><div class='flex_column_table av-a4qn2n-e8a9abf6d0297ce2157d36e874aeb3e6 sc-av_two_third av-equal-height-column-flextable'>\n<style type=\"text\/css\" data-created_by=\"avia_inline_auto\" id=\"style-css-av-a4qn2n-e8a9abf6d0297ce2157d36e874aeb3e6\">\n.flex_column.av-a4qn2n-e8a9abf6d0297ce2157d36e874aeb3e6{\n-webkit-border-radius:0px 0px 0px 0px;\n-moz-border-radius:0px 0px 0px 0px;\nborder-radius:0px 0px 0px 0px;\n}\n<\/style>\n<div class='flex_column av-a4qn2n-e8a9abf6d0297ce2157d36e874aeb3e6 av_two_third  avia-builder-el-13  el_after_av_one_full  el_before_av_one_third  first flex_column_table_cell av-equal-height-column av-align-top av-animated-generic fade-in av-zero-column-padding column-top-margin'     ><section  class='av_textblock_section av-av_textblock-283972ea15f2e73870c23e2d6de3245d' ><div class='avia_textblock' ><p>vom 24.03. bis zum 25.04.2021<\/p>\n<\/div><\/section><\/div><div class='av-flex-placeholder'><\/div>\n<style type=\"text\/css\" data-created_by=\"avia_inline_auto\" id=\"style-css-av-2gsxvhb-ca9679bebbe6e460ec9c9d0c915ad2e5\">\n.flex_column.av-2gsxvhb-ca9679bebbe6e460ec9c9d0c915ad2e5{\n-webkit-border-radius:0px 0px 0px 0px;\n-moz-border-radius:0px 0px 0px 0px;\nborder-radius:0px 0px 0px 0px;\n}\n<\/style>\n<div class='flex_column av-2gsxvhb-ca9679bebbe6e460ec9c9d0c915ad2e5 av_one_third  avia-builder-el-15  el_after_av_two_third  el_before_av_two_third  jo_col_empty flex_column_table_cell av-equal-height-column av-align-top av-animated-generic fade-in av-zero-column-padding column-top-margin'     ><section  class='av_textblock_section av-2ebrkhr-7982fab1bb27e611fade3e31fb8d8b3f' ><div class='avia_textblock' ><p>invisible placeholder<\/p>\n<\/div><\/section><\/div><\/div><!--close column table wrapper. Autoclose: 1 --><div class='flex_column_table av-a4qn2n-e8a9abf6d0297ce2157d36e874aeb3e6 sc-av_two_third av-equal-height-column-flextable'>\n<style type=\"text\/css\" data-created_by=\"avia_inline_auto\" id=\"style-css-av-a4qn2n-e8a9abf6d0297ce2157d36e874aeb3e6\">\n.flex_column.av-a4qn2n-e8a9abf6d0297ce2157d36e874aeb3e6{\n-webkit-border-radius:0px 0px 0px 0px;\n-moz-border-radius:0px 0px 0px 0px;\nborder-radius:0px 0px 0px 0px;\n}\n<\/style>\n<div class='flex_column av-a4qn2n-e8a9abf6d0297ce2157d36e874aeb3e6 av_two_third  avia-builder-el-17  el_after_av_one_third  el_before_av_one_third  first flex_column_table_cell av-equal-height-column av-align-top av-animated-generic fade-in av-zero-column-padding column-top-margin'     ><section  class='av_textblock_section av-av_textblock-283972ea15f2e73870c23e2d6de3245d' ><div class='avia_textblock' ><p><strong>The exhibition is open<br \/>\n<\/strong><\/p>\n<ul>\n<li>Wednesday 14.30 \u2013 19.00<\/li>\n<li>Saturday 14.30 \u2013 18,00<\/li>\n<li>Sunday 11.00 \u2013 17.00<\/li>\n<\/ul>\n<p>arrange your personal appointment<\/p>\n<ul>\n<li>Phone: <a title=\"\" href=\"tel:004906021460224\">+49 (0)6021 460224<\/a><\/li>\n<li>E-Mail: <a title=\"\" href=\"mailto:info@galerie-metzger.de\">info@galerie-metzger.de<\/a><\/li>\n<\/ul>\n<\/div><\/section><\/div><div class='av-flex-placeholder'><\/div>\n<style type=\"text\/css\" data-created_by=\"avia_inline_auto\" id=\"style-css-av-2gsxvhb-ca9679bebbe6e460ec9c9d0c915ad2e5\">\n.flex_column.av-2gsxvhb-ca9679bebbe6e460ec9c9d0c915ad2e5{\n-webkit-border-radius:0px 0px 0px 0px;\n-moz-border-radius:0px 0px 0px 0px;\nborder-radius:0px 0px 0px 0px;\n}\n<\/style>\n<div class='flex_column av-2gsxvhb-ca9679bebbe6e460ec9c9d0c915ad2e5 av_one_third  avia-builder-el-19  el_after_av_two_third  el_before_av_one_full  jo_col_empty flex_column_table_cell av-equal-height-column av-align-top av-animated-generic fade-in av-zero-column-padding column-top-margin'     ><section  class='av_textblock_section av-2ebrkhr-7982fab1bb27e611fade3e31fb8d8b3f' ><div class='avia_textblock' ><p>invisible placeholder<\/p>\n<\/div><\/section><\/div><\/div><!--close column table wrapper. Autoclose: 1 --><div class='flex_column_table av-1cb5lcv-ff48e07486e36b50c5fad4100389274d sc-av_one_full av-equal-height-column-flextable'>\n<style type=\"text\/css\" data-created_by=\"avia_inline_auto\" id=\"style-css-av-1cb5lcv-ff48e07486e36b50c5fad4100389274d\">\n.flex_column.av-1cb5lcv-ff48e07486e36b50c5fad4100389274d{\n-webkit-border-radius:0px 0px 0px 0px;\n-moz-border-radius:0px 0px 0px 0px;\nborder-radius:0px 0px 0px 0px;\n}\n<\/style>\n<div class='flex_column av-1cb5lcv-ff48e07486e36b50c5fad4100389274d av_one_full  avia-builder-el-21  el_after_av_one_third  el_before_av_one_full  jo_col_empty first flex_column_table_cell av-equal-height-column av-align-top av-animated-generic fade-in av-zero-column-padding column-top-margin'     ><section  class='av_textblock_section av-1akcd1b-a1ee40105ba2dc3247706d718ee35c5f' ><div class='avia_textblock' ><p>invisible placeholder<\/p>\n<\/div><\/section><\/div><\/div><!--close column table wrapper. Autoclose: 1 --><div class='flex_column_table av-av_one_full-9dd532ab0d5813bed57b43564300f6f9 sc-av_one_full av-equal-height-column-flextable'>\n<style type=\"text\/css\" data-created_by=\"avia_inline_auto\" id=\"style-css-av-av_one_full-9dd532ab0d5813bed57b43564300f6f9\">\n.flex_column.av-av_one_full-9dd532ab0d5813bed57b43564300f6f9{\n-webkit-border-radius:0px 0px 0px 0px;\n-moz-border-radius:0px 0px 0px 0px;\nborder-radius:0px 0px 0px 0px;\n}\n<\/style>\n<div class='flex_column av-av_one_full-9dd532ab0d5813bed57b43564300f6f9 av_one_full  avia-builder-el-23  el_after_av_one_full  el_before_av_one_third  jo_pf_bild_bg first flex_column_table_cell av-equal-height-column av-align-middle av-animated-generic fade-in av-zero-column-padding column-top-margin'     ><p>\n<style type=\"text\/css\" data-created_by=\"avia_inline_auto\" id=\"style-css-av-av_image-29b5f8fb89bf408232039f203af5d0c2\">\n.avia-image-container.av-av_image-29b5f8fb89bf408232039f203af5d0c2 img.avia_image{\nbox-shadow:none;\n}\n.avia-image-container.av-av_image-29b5f8fb89bf408232039f203af5d0c2 .av-caption-image-overlay-bg{\nopacity:0.4;\n}\n<\/style>\n<div  class='avia-image-container av-av_image-29b5f8fb89bf408232039f203af5d0c2 av-styling-no-styling avia_animated_image av-animated-when-visible-95 fade-in avia-align-left  avia-builder-el-24  el_before_av_textblock  avia-builder-el-first  jo_pf_bild noHover av-overlay-hover-deactivate'  ><div class=\"avia-image-container-inner\"><div class=\"avia-image-overlay-wrap\"><a href=\"https:\/\/www.galerie-metzger.de\/wp-content\/uploads\/2021\/01\/Kerstin-Abraham-sinfonieorchester-galerie-metzger-gallery-kunst-art-keramik-skulptur-1030x378.jpg\" data-srcset=\"https:\/\/www.galerie-metzger.de\/wp-content\/uploads\/2021\/01\/Kerstin-Abraham-sinfonieorchester-galerie-metzger-gallery-kunst-art-keramik-skulptur-1030x378.jpg 1030w, https:\/\/www.galerie-metzger.de\/wp-content\/uploads\/2021\/01\/Kerstin-Abraham-sinfonieorchester-galerie-metzger-gallery-kunst-art-keramik-skulptur-400x147.jpg 400w, https:\/\/www.galerie-metzger.de\/wp-content\/uploads\/2021\/01\/Kerstin-Abraham-sinfonieorchester-galerie-metzger-gallery-kunst-art-keramik-skulptur-768x282.jpg 768w, https:\/\/www.galerie-metzger.de\/wp-content\/uploads\/2021\/01\/Kerstin-Abraham-sinfonieorchester-galerie-metzger-gallery-kunst-art-keramik-skulptur-1536x563.jpg 1536w, https:\/\/www.galerie-metzger.de\/wp-content\/uploads\/2021\/01\/Kerstin-Abraham-sinfonieorchester-galerie-metzger-gallery-kunst-art-keramik-skulptur-2048x751.jpg 2048w, https:\/\/www.galerie-metzger.de\/wp-content\/uploads\/2021\/01\/Kerstin-Abraham-sinfonieorchester-galerie-metzger-gallery-kunst-art-keramik-skulptur-1500x550.jpg 1500w, https:\/\/www.galerie-metzger.de\/wp-content\/uploads\/2021\/01\/Kerstin-Abraham-sinfonieorchester-galerie-metzger-gallery-kunst-art-keramik-skulptur-705x259.jpg 705w, https:\/\/www.galerie-metzger.de\/wp-content\/uploads\/2021\/01\/Kerstin-Abraham-sinfonieorchester-galerie-metzger-gallery-kunst-art-keramik-skulptur-450x165.jpg 450w\" data-sizes=\"(max-width: 1030px) 100vw, 1030px\" class='avia_image' ><div class=\"av-image-caption-overlay\"><div class=\"av-caption-image-overlay-bg\"><\/div><div class=\"av-image-caption-overlay-position\"><div class=\"av-image-caption-overlay-center\"><p>Kerstin Abraham \u2013 symphonos \u2013 , 2020, Foto: Kerstin Abraham<\/p>\n<\/div><\/div><\/div><img decoding=\"async\" class='wp-image-8955 avia-img-lazy-loading-not-8955 avia_image ' src=\"https:\/\/www.galerie-metzger.de\/wp-content\/uploads\/2021\/01\/Kerstin-Abraham-sinfonieorchester-galerie-metzger-gallery-kunst-art-keramik-skulptur.jpg\" alt='Kerstin Abraham - sinfonieorchester - 2020' title='Kerstin Abraham - sinfonieorchester -'  height=\"898\" width=\"2448\" srcset=\"https:\/\/www.galerie-metzger.de\/wp-content\/uploads\/2021\/01\/Kerstin-Abraham-sinfonieorchester-galerie-metzger-gallery-kunst-art-keramik-skulptur.jpg 2448w, https:\/\/www.galerie-metzger.de\/wp-content\/uploads\/2021\/01\/Kerstin-Abraham-sinfonieorchester-galerie-metzger-gallery-kunst-art-keramik-skulptur-400x147.jpg 400w, https:\/\/www.galerie-metzger.de\/wp-content\/uploads\/2021\/01\/Kerstin-Abraham-sinfonieorchester-galerie-metzger-gallery-kunst-art-keramik-skulptur-1030x378.jpg 1030w, https:\/\/www.galerie-metzger.de\/wp-content\/uploads\/2021\/01\/Kerstin-Abraham-sinfonieorchester-galerie-metzger-gallery-kunst-art-keramik-skulptur-768x282.jpg 768w, https:\/\/www.galerie-metzger.de\/wp-content\/uploads\/2021\/01\/Kerstin-Abraham-sinfonieorchester-galerie-metzger-gallery-kunst-art-keramik-skulptur-1536x563.jpg 1536w, https:\/\/www.galerie-metzger.de\/wp-content\/uploads\/2021\/01\/Kerstin-Abraham-sinfonieorchester-galerie-metzger-gallery-kunst-art-keramik-skulptur-2048x751.jpg 2048w, https:\/\/www.galerie-metzger.de\/wp-content\/uploads\/2021\/01\/Kerstin-Abraham-sinfonieorchester-galerie-metzger-gallery-kunst-art-keramik-skulptur-1500x550.jpg 1500w, https:\/\/www.galerie-metzger.de\/wp-content\/uploads\/2021\/01\/Kerstin-Abraham-sinfonieorchester-galerie-metzger-gallery-kunst-art-keramik-skulptur-705x259.jpg 705w, https:\/\/www.galerie-metzger.de\/wp-content\/uploads\/2021\/01\/Kerstin-Abraham-sinfonieorchester-galerie-metzger-gallery-kunst-art-keramik-skulptur-450x165.jpg 450w\" sizes=\"(max-width: 2448px) 100vw, 2448px\" \/><\/a><\/div><\/div><\/div><br \/>\n<section  class='av_textblock_section av-av_textblock-2df6986536148a6092118248b21c996c' ><div class='avia_textblock jo_werk_anfrage' ><p><a class=\"anfrage\" href=\"mailto:info@galerie-metzger.de?subject=Kerstin%20Abraham%20symphonos%202020\">request information<\/a><\/p>\n<\/div><\/section><\/p><\/div><\/div><!--close column table wrapper. Autoclose: 1 --><div class='flex_column_table av-1cb5lcv-ff48e07486e36b50c5fad4100389274d sc-av_one_full av-equal-height-column-flextable'>\n<style type=\"text\/css\" data-created_by=\"avia_inline_auto\" id=\"style-css-av-1cb5lcv-ff48e07486e36b50c5fad4100389274d\">\n.flex_column.av-1cb5lcv-ff48e07486e36b50c5fad4100389274d{\n-webkit-border-radius:0px 0px 0px 0px;\n-moz-border-radius:0px 0px 0px 0px;\nborder-radius:0px 0px 0px 0px;\n}\n<\/style>\n<div class='flex_column av-1cb5lcv-ff48e07486e36b50c5fad4100389274d av_one_full  jo_col_empty first flex_column_table_cell av-equal-height-column av-align-top av-animated-generic fade-in av-zero-column-padding '     ><section  class='av_textblock_section av-1akcd1b-a1ee40105ba2dc3247706d718ee35c5f' ><div class='avia_textblock' ><p>invisible placeholder<\/p>\n<\/div><\/section><\/div><\/div><!--close column table wrapper. Autoclose: 1 --><div class='flex_column_table av-av_one_third-fd486467dc704447bf94fbfa3bda1daa sc-av_one_third av-equal-height-column-flextable'>\n<style type=\"text\/css\" data-created_by=\"avia_inline_auto\" id=\"style-css-av-av_one_third-fd486467dc704447bf94fbfa3bda1daa\">\n.flex_column.av-av_one_third-fd486467dc704447bf94fbfa3bda1daa{\n-webkit-border-radius:0px 0px 0px 0px;\n-moz-border-radius:0px 0px 0px 0px;\nborder-radius:0px 0px 0px 0px;\n}\n<\/style>\n<div class='flex_column av-av_one_third-fd486467dc704447bf94fbfa3bda1daa av_one_third  avia-builder-el-26  el_after_av_one_full  el_before_av_one_third  first flex_column_table_cell av-equal-height-column av-align-middle av-animated-generic fade-in av-zero-column-padding column-top-margin'     ><section  class='av_textblock_section av-av_textblock-283972ea15f2e73870c23e2d6de3245d' ><div class='avia_textblock' ><p>symphonos<br \/>\n( = consonant, harmonious)<\/p>\n<p>the 5 movements are: duo\/trio\/quartet I\/quartet II\/quintet<\/p>\n<p>only physically interesting this summer.<br \/>\nbodies, arms seek balance and distance. count. jostle.<br \/>\nshare. negative volume. mark. cohorts.<br \/>\ntentacles. small form from the hand, sewage sludge, iron red.<\/p>\n<p><em> Kerstin Abraham, 2021 <\/em><\/p>\n<\/div><\/section><\/div><div class='av-flex-placeholder'><\/div>\n<style type=\"text\/css\" data-created_by=\"avia_inline_auto\" id=\"style-css-av-av_one_third-9b5c7e58c7b47f2247f1460dc9e28d7a\">\n.flex_column.av-av_one_third-9b5c7e58c7b47f2247f1460dc9e28d7a{\n-webkit-border-radius:0px 0px 0px 0px;\n-moz-border-radius:0px 0px 0px 0px;\nborder-radius:0px 0px 0px 0px;\n}\n<\/style>\n<div class='flex_column av-av_one_third-9b5c7e58c7b47f2247f1460dc9e28d7a av_one_third  avia-builder-el-28  el_after_av_one_third  el_before_av_one_third  jo_pf_bild_bg flex_column_table_cell av-equal-height-column av-align-middle av-animated-generic fade-in av-zero-column-padding column-top-margin'     ><p>\n<style type=\"text\/css\" data-created_by=\"avia_inline_auto\" id=\"style-css-av-av_image-e09c52409c3c17d918758752ef331a6d\">\n.avia-image-container.av-av_image-e09c52409c3c17d918758752ef331a6d img.avia_image{\nbox-shadow:none;\n}\n.avia-image-container.av-av_image-e09c52409c3c17d918758752ef331a6d .av-caption-image-overlay-bg{\nopacity:0.4;\n}\n<\/style>\n<div  class='avia-image-container av-av_image-e09c52409c3c17d918758752ef331a6d av-styling-no-styling avia_animated_image av-animated-when-visible-95 fade-in avia-align-left  avia-builder-el-29  el_before_av_textblock  avia-builder-el-first  jo_pf_bild noHover av-overlay-hover-deactivate'  ><div class=\"avia-image-container-inner\"><div class=\"avia-image-overlay-wrap\"><a href=\"https:\/\/www.galerie-metzger.de\/wp-content\/uploads\/2021\/01\/Kerstin-Abraham-symphonos-duo-2020-galerie-metzger-ceramic-art-object-gallery-kunst-platstische-arbeit-sculpture-1-1030x1030.jpg\" data-srcset=\"https:\/\/www.galerie-metzger.de\/wp-content\/uploads\/2021\/01\/Kerstin-Abraham-symphonos-duo-2020-galerie-metzger-ceramic-art-object-gallery-kunst-platstische-arbeit-sculpture-1-1030x1030.jpg 1030w, https:\/\/www.galerie-metzger.de\/wp-content\/uploads\/2021\/01\/Kerstin-Abraham-symphonos-duo-2020-galerie-metzger-ceramic-art-object-gallery-kunst-platstische-arbeit-sculpture-1-400x400.jpg 400w, https:\/\/www.galerie-metzger.de\/wp-content\/uploads\/2021\/01\/Kerstin-Abraham-symphonos-duo-2020-galerie-metzger-ceramic-art-object-gallery-kunst-platstische-arbeit-sculpture-1-80x80.jpg 80w, https:\/\/www.galerie-metzger.de\/wp-content\/uploads\/2021\/01\/Kerstin-Abraham-symphonos-duo-2020-galerie-metzger-ceramic-art-object-gallery-kunst-platstische-arbeit-sculpture-1-768x768.jpg 768w, https:\/\/www.galerie-metzger.de\/wp-content\/uploads\/2021\/01\/Kerstin-Abraham-symphonos-duo-2020-galerie-metzger-ceramic-art-object-gallery-kunst-platstische-arbeit-sculpture-1-1536x1536.jpg 1536w, https:\/\/www.galerie-metzger.de\/wp-content\/uploads\/2021\/01\/Kerstin-Abraham-symphonos-duo-2020-galerie-metzger-ceramic-art-object-gallery-kunst-platstische-arbeit-sculpture-1-2048x2048.jpg 2048w, https:\/\/www.galerie-metzger.de\/wp-content\/uploads\/2021\/01\/Kerstin-Abraham-symphonos-duo-2020-galerie-metzger-ceramic-art-object-gallery-kunst-platstische-arbeit-sculpture-1-36x36.jpg 36w, https:\/\/www.galerie-metzger.de\/wp-content\/uploads\/2021\/01\/Kerstin-Abraham-symphonos-duo-2020-galerie-metzger-ceramic-art-object-gallery-kunst-platstische-arbeit-sculpture-1-180x180.jpg 180w, https:\/\/www.galerie-metzger.de\/wp-content\/uploads\/2021\/01\/Kerstin-Abraham-symphonos-duo-2020-galerie-metzger-ceramic-art-object-gallery-kunst-platstische-arbeit-sculpture-1-1500x1500.jpg 1500w, https:\/\/www.galerie-metzger.de\/wp-content\/uploads\/2021\/01\/Kerstin-Abraham-symphonos-duo-2020-galerie-metzger-ceramic-art-object-gallery-kunst-platstische-arbeit-sculpture-1-705x705.jpg 705w, https:\/\/www.galerie-metzger.de\/wp-content\/uploads\/2021\/01\/Kerstin-Abraham-symphonos-duo-2020-galerie-metzger-ceramic-art-object-gallery-kunst-platstische-arbeit-sculpture-1-120x120.jpg 120w, https:\/\/www.galerie-metzger.de\/wp-content\/uploads\/2021\/01\/Kerstin-Abraham-symphonos-duo-2020-galerie-metzger-ceramic-art-object-gallery-kunst-platstische-arbeit-sculpture-1-450x450.jpg 450w\" data-sizes=\"(max-width: 1030px) 100vw, 1030px\" class='avia_image' ><div class=\"av-image-caption-overlay\"><div class=\"av-caption-image-overlay-bg\"><\/div><div class=\"av-image-caption-overlay-position\"><div class=\"av-image-caption-overlay-center\"><p>Kerstin Abraham \u2013 symphonos-duo \u2013 , 2020, Foto: Kerstin Abraham<\/p>\n<\/div><\/div><\/div><img decoding=\"async\" class='wp-image-8961 avia-img-lazy-loading-not-8961 avia_image ' src=\"https:\/\/www.galerie-metzger.de\/wp-content\/uploads\/2021\/01\/Kerstin-Abraham-symphonos-duo-2020-galerie-metzger-ceramic-art-object-gallery-kunst-platstische-arbeit-sculpture-1-400x400.jpg\" alt='Kerstin Abraham - symphonos-duo - 2020' title='Kerstin Abraham - symphonos-duo 2020  -'  height=\"400\" width=\"400\" srcset=\"https:\/\/www.galerie-metzger.de\/wp-content\/uploads\/2021\/01\/Kerstin-Abraham-symphonos-duo-2020-galerie-metzger-ceramic-art-object-gallery-kunst-platstische-arbeit-sculpture-1-400x400.jpg 400w, https:\/\/www.galerie-metzger.de\/wp-content\/uploads\/2021\/01\/Kerstin-Abraham-symphonos-duo-2020-galerie-metzger-ceramic-art-object-gallery-kunst-platstische-arbeit-sculpture-1-1030x1030.jpg 1030w, https:\/\/www.galerie-metzger.de\/wp-content\/uploads\/2021\/01\/Kerstin-Abraham-symphonos-duo-2020-galerie-metzger-ceramic-art-object-gallery-kunst-platstische-arbeit-sculpture-1-80x80.jpg 80w, https:\/\/www.galerie-metzger.de\/wp-content\/uploads\/2021\/01\/Kerstin-Abraham-symphonos-duo-2020-galerie-metzger-ceramic-art-object-gallery-kunst-platstische-arbeit-sculpture-1-768x768.jpg 768w, https:\/\/www.galerie-metzger.de\/wp-content\/uploads\/2021\/01\/Kerstin-Abraham-symphonos-duo-2020-galerie-metzger-ceramic-art-object-gallery-kunst-platstische-arbeit-sculpture-1-1536x1536.jpg 1536w, https:\/\/www.galerie-metzger.de\/wp-content\/uploads\/2021\/01\/Kerstin-Abraham-symphonos-duo-2020-galerie-metzger-ceramic-art-object-gallery-kunst-platstische-arbeit-sculpture-1-2048x2048.jpg 2048w, https:\/\/www.galerie-metzger.de\/wp-content\/uploads\/2021\/01\/Kerstin-Abraham-symphonos-duo-2020-galerie-metzger-ceramic-art-object-gallery-kunst-platstische-arbeit-sculpture-1-36x36.jpg 36w, https:\/\/www.galerie-metzger.de\/wp-content\/uploads\/2021\/01\/Kerstin-Abraham-symphonos-duo-2020-galerie-metzger-ceramic-art-object-gallery-kunst-platstische-arbeit-sculpture-1-180x180.jpg 180w, https:\/\/www.galerie-metzger.de\/wp-content\/uploads\/2021\/01\/Kerstin-Abraham-symphonos-duo-2020-galerie-metzger-ceramic-art-object-gallery-kunst-platstische-arbeit-sculpture-1-1500x1500.jpg 1500w, https:\/\/www.galerie-metzger.de\/wp-content\/uploads\/2021\/01\/Kerstin-Abraham-symphonos-duo-2020-galerie-metzger-ceramic-art-object-gallery-kunst-platstische-arbeit-sculpture-1-705x705.jpg 705w, https:\/\/www.galerie-metzger.de\/wp-content\/uploads\/2021\/01\/Kerstin-Abraham-symphonos-duo-2020-galerie-metzger-ceramic-art-object-gallery-kunst-platstische-arbeit-sculpture-1-120x120.jpg 120w, https:\/\/www.galerie-metzger.de\/wp-content\/uploads\/2021\/01\/Kerstin-Abraham-symphonos-duo-2020-galerie-metzger-ceramic-art-object-gallery-kunst-platstische-arbeit-sculpture-1-450x450.jpg 450w\" sizes=\"(max-width: 400px) 100vw, 400px\" \/><\/a><\/div><\/div><\/div><br \/>\n<section  class='av_textblock_section av-av_textblock-2df6986536148a6092118248b21c996c' ><div class='avia_textblock jo_werk_anfrage' ><p><a class=\"anfrage\" href=\"mailto:info@galerie-metzger.de?subject=Kerstin%20Abraham%20symphonos-duo%202020\">request information<\/a><\/p>\n<\/div><\/section><\/p><\/div><div class='av-flex-placeholder'><\/div>\n<style type=\"text\/css\" data-created_by=\"avia_inline_auto\" id=\"style-css-av-av_one_third-9b5c7e58c7b47f2247f1460dc9e28d7a\">\n.flex_column.av-av_one_third-9b5c7e58c7b47f2247f1460dc9e28d7a{\n-webkit-border-radius:0px 0px 0px 0px;\n-moz-border-radius:0px 0px 0px 0px;\nborder-radius:0px 0px 0px 0px;\n}\n<\/style>\n<div class='flex_column av-av_one_third-9b5c7e58c7b47f2247f1460dc9e28d7a av_one_third  avia-builder-el-31  el_after_av_one_third  el_before_av_one_full  jo_pf_bild_bg flex_column_table_cell av-equal-height-column av-align-middle av-animated-generic fade-in av-zero-column-padding column-top-margin'     ><p>\n<style type=\"text\/css\" data-created_by=\"avia_inline_auto\" id=\"style-css-av-av_image-ab0a6e8d86af2cc177531c7409e9ace8\">\n.avia-image-container.av-av_image-ab0a6e8d86af2cc177531c7409e9ace8 img.avia_image{\nbox-shadow:none;\n}\n.avia-image-container.av-av_image-ab0a6e8d86af2cc177531c7409e9ace8 .av-caption-image-overlay-bg{\nopacity:0.4;\n}\n<\/style>\n<div  class='avia-image-container av-av_image-ab0a6e8d86af2cc177531c7409e9ace8 av-styling-no-styling avia_animated_image av-animated-when-visible-95 fade-in avia-align-left  avia-builder-el-32  el_before_av_textblock  avia-builder-el-first  jo_pf_bild noHover av-overlay-hover-deactivate'  ><div class=\"avia-image-container-inner\"><div class=\"avia-image-overlay-wrap\"><a href=\"https:\/\/www.galerie-metzger.de\/wp-content\/uploads\/2021\/01\/Kerstin-Abrahamn-symphonos-quintett-2020-galerie-metzger-gallery-art-kunst-angewandte-kunst-kaufen.jpg\" class='avia_image' ><div class=\"av-image-caption-overlay\"><div class=\"av-caption-image-overlay-bg\"><\/div><div class=\"av-image-caption-overlay-position\"><div class=\"av-image-caption-overlay-center\"><p>Kerstin Abraham \u2013 symphonos-quintett \u2013 , 2020, Foto: Kerstin Abraham<\/p>\n<\/div><\/div><\/div><img decoding=\"async\" class='wp-image-8963 avia-img-lazy-loading-not-8963 avia_image ' src=\"https:\/\/www.galerie-metzger.de\/wp-content\/uploads\/2021\/01\/Kerstin-Abrahamn-symphonos-quintett-2020-galerie-metzger-gallery-art-kunst-angewandte-kunst-kaufen-400x400.jpg\" alt='Kerstin Abrahamn - symphonos-quintett - 2020' title='Kerstin Abrahamn - symphonos-quintett - 2020'  height=\"400\" width=\"400\" srcset=\"https:\/\/www.galerie-metzger.de\/wp-content\/uploads\/2021\/01\/Kerstin-Abrahamn-symphonos-quintett-2020-galerie-metzger-gallery-art-kunst-angewandte-kunst-kaufen-400x400.jpg 400w, https:\/\/www.galerie-metzger.de\/wp-content\/uploads\/2021\/01\/Kerstin-Abrahamn-symphonos-quintett-2020-galerie-metzger-gallery-art-kunst-angewandte-kunst-kaufen-80x80.jpg 80w, https:\/\/www.galerie-metzger.de\/wp-content\/uploads\/2021\/01\/Kerstin-Abrahamn-symphonos-quintett-2020-galerie-metzger-gallery-art-kunst-angewandte-kunst-kaufen-768x768.jpg 768w, https:\/\/www.galerie-metzger.de\/wp-content\/uploads\/2021\/01\/Kerstin-Abrahamn-symphonos-quintett-2020-galerie-metzger-gallery-art-kunst-angewandte-kunst-kaufen-1536x1536.jpg 1536w, https:\/\/www.galerie-metzger.de\/wp-content\/uploads\/2021\/01\/Kerstin-Abrahamn-symphonos-quintett-2020-galerie-metzger-gallery-art-kunst-angewandte-kunst-kaufen-2048x2048.jpg 2048w, https:\/\/www.galerie-metzger.de\/wp-content\/uploads\/2021\/01\/Kerstin-Abrahamn-symphonos-quintett-2020-galerie-metzger-gallery-art-kunst-angewandte-kunst-kaufen-36x36.jpg 36w, https:\/\/www.galerie-metzger.de\/wp-content\/uploads\/2021\/01\/Kerstin-Abrahamn-symphonos-quintett-2020-galerie-metzger-gallery-art-kunst-angewandte-kunst-kaufen-180x180.jpg 180w, https:\/\/www.galerie-metzger.de\/wp-content\/uploads\/2021\/01\/Kerstin-Abrahamn-symphonos-quintett-2020-galerie-metzger-gallery-art-kunst-angewandte-kunst-kaufen-1500x1500.jpg 1500w, https:\/\/www.galerie-metzger.de\/wp-content\/uploads\/2021\/01\/Kerstin-Abrahamn-symphonos-quintett-2020-galerie-metzger-gallery-art-kunst-angewandte-kunst-kaufen-705x705.jpg 705w, https:\/\/www.galerie-metzger.de\/wp-content\/uploads\/2021\/01\/Kerstin-Abrahamn-symphonos-quintett-2020-galerie-metzger-gallery-art-kunst-angewandte-kunst-kaufen-120x120.jpg 120w, https:\/\/www.galerie-metzger.de\/wp-content\/uploads\/2021\/01\/Kerstin-Abrahamn-symphonos-quintett-2020-galerie-metzger-gallery-art-kunst-angewandte-kunst-kaufen-450x450.jpg 450w\" sizes=\"(max-width: 400px) 100vw, 400px\" \/><\/a><\/div><\/div><\/div><br \/>\n<section  class='av_textblock_section av-av_textblock-2df6986536148a6092118248b21c996c' ><div class='avia_textblock jo_werk_anfrage' ><p><a class=\"anfrage\" href=\"mailto:info@galerie-metzger.de?subject=Kerstin%20Abraham%20symphonos-quintett %202020\">request information<\/a><\/p>\n<\/div><\/section><\/p><\/div><\/div><!--close column table wrapper. Autoclose: 1 --><div class='flex_column_table av-24u7m67-97d938777d7b778a4918786b6515b74e sc-av_one_full av-equal-height-column-flextable'>\n<style type=\"text\/css\" data-created_by=\"avia_inline_auto\" id=\"style-css-av-24u7m67-97d938777d7b778a4918786b6515b74e\">\n.flex_column.av-24u7m67-97d938777d7b778a4918786b6515b74e{\n-webkit-border-radius:0px 0px 0px 0px;\n-moz-border-radius:0px 0px 0px 0px;\nborder-radius:0px 0px 0px 0px;\n}\n<\/style>\n<div class='flex_column av-24u7m67-97d938777d7b778a4918786b6515b74e av_one_full  avia-builder-el-34  el_after_av_one_third  el_before_av_two_third  jo_col_empty first flex_column_table_cell av-equal-height-column av-align-top av-animated-generic fade-in av-zero-column-padding column-top-margin'     ><section  class='av_textblock_section av-23pq51b-93bfdaad90a564136b90e54ea6628052' ><div class='avia_textblock' ><p>invisible placeholder<\/p>\n<\/div><\/section><\/div><\/div><!--close column table wrapper. Autoclose: 1 --><div class='flex_column_table av-av_two_third-9dd532ab0d5813bed57b43564300f6f9 sc-av_two_third av-equal-height-column-flextable'>\n<style type=\"text\/css\" data-created_by=\"avia_inline_auto\" id=\"style-css-av-av_two_third-9dd532ab0d5813bed57b43564300f6f9\">\n.flex_column.av-av_two_third-9dd532ab0d5813bed57b43564300f6f9{\n-webkit-border-radius:0px 0px 0px 0px;\n-moz-border-radius:0px 0px 0px 0px;\nborder-radius:0px 0px 0px 0px;\n}\n<\/style>\n<div class='flex_column av-av_two_third-9dd532ab0d5813bed57b43564300f6f9 av_two_third  avia-builder-el-36  el_after_av_one_full  el_before_av_one_third  jo_pf_bild_bg first flex_column_table_cell av-equal-height-column av-align-middle av-animated-generic fade-in av-zero-column-padding column-top-margin'     ><p>\n<style type=\"text\/css\" data-created_by=\"avia_inline_auto\" id=\"style-css-av-av_image-d77e4f6b249463501e5706142f62facd\">\n.avia-image-container.av-av_image-d77e4f6b249463501e5706142f62facd img.avia_image{\nbox-shadow:none;\n}\n.avia-image-container.av-av_image-d77e4f6b249463501e5706142f62facd .av-caption-image-overlay-bg{\nopacity:0.4;\n}\n<\/style>\n<div  class='avia-image-container av-av_image-d77e4f6b249463501e5706142f62facd av-styling-no-styling avia_animated_image av-animated-when-visible-95 fade-in avia-align-left  avia-builder-el-37  el_before_av_textblock  avia-builder-el-first  jo_pf_bild noHover av-overlay-hover-deactivate'  ><div class=\"avia-image-container-inner\"><div class=\"avia-image-overlay-wrap\"><a href=\"https:\/\/www.galerie-metzger.de\/wp-content\/uploads\/2021\/01\/Kerstin-Abraham-Duett-2020-galerie-metzger-ceramic-art-object-keramik-gallery-kaufen-1030x687.jpg\" data-srcset=\"https:\/\/www.galerie-metzger.de\/wp-content\/uploads\/2021\/01\/Kerstin-Abraham-Duett-2020-galerie-metzger-ceramic-art-object-keramik-gallery-kaufen-1030x687.jpg 1030w, https:\/\/www.galerie-metzger.de\/wp-content\/uploads\/2021\/01\/Kerstin-Abraham-Duett-2020-galerie-metzger-ceramic-art-object-keramik-gallery-kaufen-400x267.jpg 400w, https:\/\/www.galerie-metzger.de\/wp-content\/uploads\/2021\/01\/Kerstin-Abraham-Duett-2020-galerie-metzger-ceramic-art-object-keramik-gallery-kaufen-768x512.jpg 768w, https:\/\/www.galerie-metzger.de\/wp-content\/uploads\/2021\/01\/Kerstin-Abraham-Duett-2020-galerie-metzger-ceramic-art-object-keramik-gallery-kaufen-1536x1024.jpg 1536w, https:\/\/www.galerie-metzger.de\/wp-content\/uploads\/2021\/01\/Kerstin-Abraham-Duett-2020-galerie-metzger-ceramic-art-object-keramik-gallery-kaufen-2048x1365.jpg 2048w, https:\/\/www.galerie-metzger.de\/wp-content\/uploads\/2021\/01\/Kerstin-Abraham-Duett-2020-galerie-metzger-ceramic-art-object-keramik-gallery-kaufen-1500x1000.jpg 1500w, https:\/\/www.galerie-metzger.de\/wp-content\/uploads\/2021\/01\/Kerstin-Abraham-Duett-2020-galerie-metzger-ceramic-art-object-keramik-gallery-kaufen-600x400.jpg 600w, https:\/\/www.galerie-metzger.de\/wp-content\/uploads\/2021\/01\/Kerstin-Abraham-Duett-2020-galerie-metzger-ceramic-art-object-keramik-gallery-kaufen-300x200.jpg 300w, https:\/\/www.galerie-metzger.de\/wp-content\/uploads\/2021\/01\/Kerstin-Abraham-Duett-2020-galerie-metzger-ceramic-art-object-keramik-gallery-kaufen-900x600.jpg 900w, https:\/\/www.galerie-metzger.de\/wp-content\/uploads\/2021\/01\/Kerstin-Abraham-Duett-2020-galerie-metzger-ceramic-art-object-keramik-gallery-kaufen-705x470.jpg 705w, https:\/\/www.galerie-metzger.de\/wp-content\/uploads\/2021\/01\/Kerstin-Abraham-Duett-2020-galerie-metzger-ceramic-art-object-keramik-gallery-kaufen-450x300.jpg 450w\" data-sizes=\"(max-width: 1030px) 100vw, 1030px\" class='avia_image' ><div class=\"av-image-caption-overlay\"><div class=\"av-caption-image-overlay-bg\"><\/div><div class=\"av-image-caption-overlay-position\"><div class=\"av-image-caption-overlay-center\"><p>Kerstin Abraham \u2013 Duett \u2013 , 2020, Foto: Kerstin Abraham<\/p>\n<\/div><\/div><\/div><img decoding=\"async\" class='wp-image-8953 avia-img-lazy-loading-not-8953 avia_image ' src=\"https:\/\/www.galerie-metzger.de\/wp-content\/uploads\/2021\/01\/Kerstin-Abraham-Duett-2020-galerie-metzger-ceramic-art-object-keramik-gallery-kaufen-900x600.jpg\" alt='Kerstin Abraham - Duett 2020 -' title='Kerstin Abraham - Duett 2020 -'  height=\"563\" width=\"845\" srcset=\"https:\/\/www.galerie-metzger.de\/wp-content\/uploads\/2021\/01\/Kerstin-Abraham-Duett-2020-galerie-metzger-ceramic-art-object-keramik-gallery-kaufen-900x600.jpg 900w, https:\/\/www.galerie-metzger.de\/wp-content\/uploads\/2021\/01\/Kerstin-Abraham-Duett-2020-galerie-metzger-ceramic-art-object-keramik-gallery-kaufen-400x267.jpg 400w, https:\/\/www.galerie-metzger.de\/wp-content\/uploads\/2021\/01\/Kerstin-Abraham-Duett-2020-galerie-metzger-ceramic-art-object-keramik-gallery-kaufen-1030x687.jpg 1030w, https:\/\/www.galerie-metzger.de\/wp-content\/uploads\/2021\/01\/Kerstin-Abraham-Duett-2020-galerie-metzger-ceramic-art-object-keramik-gallery-kaufen-768x512.jpg 768w, https:\/\/www.galerie-metzger.de\/wp-content\/uploads\/2021\/01\/Kerstin-Abraham-Duett-2020-galerie-metzger-ceramic-art-object-keramik-gallery-kaufen-1536x1024.jpg 1536w, https:\/\/www.galerie-metzger.de\/wp-content\/uploads\/2021\/01\/Kerstin-Abraham-Duett-2020-galerie-metzger-ceramic-art-object-keramik-gallery-kaufen-2048x1365.jpg 2048w, https:\/\/www.galerie-metzger.de\/wp-content\/uploads\/2021\/01\/Kerstin-Abraham-Duett-2020-galerie-metzger-ceramic-art-object-keramik-gallery-kaufen-1500x1000.jpg 1500w, https:\/\/www.galerie-metzger.de\/wp-content\/uploads\/2021\/01\/Kerstin-Abraham-Duett-2020-galerie-metzger-ceramic-art-object-keramik-gallery-kaufen-600x400.jpg 600w, https:\/\/www.galerie-metzger.de\/wp-content\/uploads\/2021\/01\/Kerstin-Abraham-Duett-2020-galerie-metzger-ceramic-art-object-keramik-gallery-kaufen-300x200.jpg 300w, https:\/\/www.galerie-metzger.de\/wp-content\/uploads\/2021\/01\/Kerstin-Abraham-Duett-2020-galerie-metzger-ceramic-art-object-keramik-gallery-kaufen-705x470.jpg 705w, https:\/\/www.galerie-metzger.de\/wp-content\/uploads\/2021\/01\/Kerstin-Abraham-Duett-2020-galerie-metzger-ceramic-art-object-keramik-gallery-kaufen-450x300.jpg 450w\" sizes=\"(max-width: 845px) 100vw, 845px\" \/><\/a><\/div><\/div><\/div><br \/>\n<section  class='av_textblock_section av-av_textblock-2df6986536148a6092118248b21c996c' ><div class='avia_textblock jo_werk_anfrage' ><p><a class=\"anfrage\" href=\"mailto:info@galerie-metzger.de?subject=Kerstin%20Abraham%20Duett%202020\">request information<\/a><\/p>\n<\/div><\/section><\/p><\/div><div class='av-flex-placeholder'><\/div>\n<style type=\"text\/css\" data-created_by=\"avia_inline_auto\" id=\"style-css-av-2gsxvhb-ca9679bebbe6e460ec9c9d0c915ad2e5\">\n.flex_column.av-2gsxvhb-ca9679bebbe6e460ec9c9d0c915ad2e5{\n-webkit-border-radius:0px 0px 0px 0px;\n-moz-border-radius:0px 0px 0px 0px;\nborder-radius:0px 0px 0px 0px;\n}\n<\/style>\n<div class='flex_column av-2gsxvhb-ca9679bebbe6e460ec9c9d0c915ad2e5 av_one_third  avia-builder-el-39  el_after_av_two_third  el_before_av_one_full  jo_col_empty flex_column_table_cell av-equal-height-column av-align-middle av-animated-generic fade-in av-zero-column-padding column-top-margin'     ><section  class='av_textblock_section av-2ebrkhr-7982fab1bb27e611fade3e31fb8d8b3f' ><div class='avia_textblock' ><p>invisible placeholder<\/p>\n<\/div><\/section><\/div><\/div><!--close column table wrapper. Autoclose: 1 --><div class='flex_column_table av-2gsxvhb-1118cc7ed190ef12b94344766d75b468 sc-av_one_full av-equal-height-column-flextable'>\n<style type=\"text\/css\" data-created_by=\"avia_inline_auto\" id=\"style-css-av-2gsxvhb-1118cc7ed190ef12b94344766d75b468\">\n.flex_column.av-2gsxvhb-1118cc7ed190ef12b94344766d75b468{\n-webkit-border-radius:0px 0px 0px 0px;\n-moz-border-radius:0px 0px 0px 0px;\nborder-radius:0px 0px 0px 0px;\n}\n<\/style>\n<div class='flex_column av-2gsxvhb-1118cc7ed190ef12b94344766d75b468 av_one_full  avia-builder-el-41  el_after_av_one_third  el_before_av_one_half  jo_col_empty first flex_column_table_cell av-equal-height-column av-align-top av-animated-generic fade-in av-zero-column-padding column-top-margin'     ><section  class='av_textblock_section av-2ebrkhr-7982fab1bb27e611fade3e31fb8d8b3f' ><div class='avia_textblock' ><p>invisible placeholder<\/p>\n<\/div><\/section><\/div><\/div><!--close column table wrapper. Autoclose: 1 --><div class='flex_column_table av-2gsxvhb-1118cc7ed190ef12b94344766d75b468 sc-av_one_half av-equal-height-column-flextable'>\n<style type=\"text\/css\" data-created_by=\"avia_inline_auto\" id=\"style-css-av-2gsxvhb-1118cc7ed190ef12b94344766d75b468\">\n.flex_column.av-2gsxvhb-1118cc7ed190ef12b94344766d75b468{\n-webkit-border-radius:0px 0px 0px 0px;\n-moz-border-radius:0px 0px 0px 0px;\nborder-radius:0px 0px 0px 0px;\n}\n<\/style>\n<div class='flex_column av-2gsxvhb-1118cc7ed190ef12b94344766d75b468 av_one_half  avia-builder-el-43  el_after_av_one_full  el_before_av_one_half  jo_col_empty first flex_column_table_cell av-equal-height-column av-align-top av-animated-generic fade-in av-zero-column-padding column-top-margin'     ><section  class='av_textblock_section av-2ebrkhr-7982fab1bb27e611fade3e31fb8d8b3f' ><div class='avia_textblock' ><p>invisible placeholder<\/p>\n<\/div><\/section><\/div><div class='av-flex-placeholder'><\/div>\n<style type=\"text\/css\" data-created_by=\"avia_inline_auto\" id=\"style-css-av-av_one_half-9b5c7e58c7b47f2247f1460dc9e28d7a\">\n.flex_column.av-av_one_half-9b5c7e58c7b47f2247f1460dc9e28d7a{\n-webkit-border-radius:0px 0px 0px 0px;\n-moz-border-radius:0px 0px 0px 0px;\nborder-radius:0px 0px 0px 0px;\n}\n<\/style>\n<div class='flex_column av-av_one_half-9b5c7e58c7b47f2247f1460dc9e28d7a av_one_half  avia-builder-el-45  el_after_av_one_half  el_before_av_one_full  jo_pf_bild_bg flex_column_table_cell av-equal-height-column av-align-top av-animated-generic fade-in av-zero-column-padding column-top-margin'     ><p>\n<style type=\"text\/css\" data-created_by=\"avia_inline_auto\" id=\"style-css-av-av_image-fb1528504d0b27b7284380c07e6ca588\">\n.avia-image-container.av-av_image-fb1528504d0b27b7284380c07e6ca588 img.avia_image{\nbox-shadow:none;\n}\n.avia-image-container.av-av_image-fb1528504d0b27b7284380c07e6ca588 .av-caption-image-overlay-bg{\nopacity:0.4;\n}\n<\/style>\n<div  class='avia-image-container av-av_image-fb1528504d0b27b7284380c07e6ca588 av-styling-no-styling avia_animated_image av-animated-when-visible-95 fade-in avia-align-left  avia-builder-el-46  el_before_av_textblock  avia-builder-el-first  jo_pf_bild noHover av-overlay-hover-deactivate'  ><div class=\"avia-image-container-inner\"><div class=\"avia-image-overlay-wrap\"><a href=\"https:\/\/www.galerie-metzger.de\/wp-content\/uploads\/2021\/01\/Kerstin-Abraham-Goldenes-Vlies-2020-galerie-metzger-gallery-sculpture-kunst-ceramic-art-object.jpg\" class='avia_image' ><div class=\"av-image-caption-overlay\"><div class=\"av-caption-image-overlay-bg\"><\/div><div class=\"av-image-caption-overlay-position\"><div class=\"av-image-caption-overlay-center\"><p>Kerstin Abraham \u2013 Goldenes Vlies \u2013 , 2020, Foto: Kerstin Abraham<\/p>\n<\/div><\/div><\/div><img decoding=\"async\" class='wp-image-8968 avia-img-lazy-loading-not-8968 avia_image ' src=\"https:\/\/www.galerie-metzger.de\/wp-content\/uploads\/2021\/01\/Kerstin-Abraham-Goldenes-Vlies-2020-galerie-metzger-gallery-sculpture-kunst-ceramic-art-object.jpg\" alt='Kerstin Abraham - Goldenes Vlies - 2020' title='Kerstin Abraham - Goldenes Vlies - 2020'  height=\"2560\" width=\"2560\"  \/><\/a><\/div><\/div><\/div><br \/>\n<section  class='av_textblock_section av-av_textblock-2df6986536148a6092118248b21c996c' ><div class='avia_textblock jo_werk_anfrage' ><p><a class=\"anfrage\" href=\"mailto:info@galerie-metzger.de?subject=Kerstin%20Abraham%20symphonos-duo%202020\">request information<\/a><\/p>\n<\/div><\/section><\/p><\/div><\/div><!--close column table wrapper. Autoclose: 1 --><div class='flex_column_table av-2gsxvhb-1118cc7ed190ef12b94344766d75b468 sc-av_one_full av-equal-height-column-flextable'>\n<style type=\"text\/css\" data-created_by=\"avia_inline_auto\" id=\"style-css-av-2gsxvhb-1118cc7ed190ef12b94344766d75b468\">\n.flex_column.av-2gsxvhb-1118cc7ed190ef12b94344766d75b468{\n-webkit-border-radius:0px 0px 0px 0px;\n-moz-border-radius:0px 0px 0px 0px;\nborder-radius:0px 0px 0px 0px;\n}\n<\/style>\n<div class='flex_column av-2gsxvhb-1118cc7ed190ef12b94344766d75b468 av_one_full  avia-builder-el-48  el_after_av_one_half  el_before_av_one_half  jo_col_empty first flex_column_table_cell av-equal-height-column av-align-top av-animated-generic fade-in av-zero-column-padding column-top-margin'     ><section  class='av_textblock_section av-2ebrkhr-7982fab1bb27e611fade3e31fb8d8b3f' ><div class='avia_textblock' ><p>invisible placeholder<\/p>\n<\/div><\/section><\/div><\/div><!--close column table wrapper. Autoclose: 1 --><div class='flex_column_table av-av_two_third-9dd532ab0d5813bed57b43564300f6f9 sc-av_two_third av-equal-height-column-flextable'>\n<style type=\"text\/css\" data-created_by=\"avia_inline_auto\" id=\"style-css-av-av_two_third-9dd532ab0d5813bed57b43564300f6f9\">\n.flex_column.av-av_two_third-9dd532ab0d5813bed57b43564300f6f9{\n-webkit-border-radius:0px 0px 0px 0px;\n-moz-border-radius:0px 0px 0px 0px;\nborder-radius:0px 0px 0px 0px;\n}\n<\/style>\n<div class='flex_column av-av_two_third-9dd532ab0d5813bed57b43564300f6f9 av_two_third  jo_pf_bild_bg first flex_column_table_cell av-equal-height-column av-align-middle av-animated-generic fade-in av-zero-column-padding '     ><style type=\"text\/css\" data-created_by=\"avia_inline_auto\" id=\"style-css-av-av_image-2b05dbc27168ef4a370d27fb6ef16df5\">\n.avia-image-container.av-av_image-2b05dbc27168ef4a370d27fb6ef16df5 img.avia_image{\nbox-shadow:none;\n}\n.avia-image-container.av-av_image-2b05dbc27168ef4a370d27fb6ef16df5 .av-caption-image-overlay-bg{\nopacity:0.4;\n}\n<\/style>\n<div  class='avia-image-container av-av_image-2b05dbc27168ef4a370d27fb6ef16df5 av-styling-no-styling avia_animated_image av-animated-when-visible-95 fade-in avia-align-left  jo_pf_bild noHover av-overlay-hover-deactivate'  ><div class=\"avia-image-container-inner\"><div class=\"avia-image-overlay-wrap\"><a href=\"https:\/\/www.galerie-metzger.de\/wp-content\/uploads\/2021\/04\/Kerstin-Abraham-symphonos-galerie-metzger-gallery-kunst-art-keramik-skulptur-1030x687.jpg\" data-srcset=\"https:\/\/www.galerie-metzger.de\/wp-content\/uploads\/2021\/04\/Kerstin-Abraham-symphonos-galerie-metzger-gallery-kunst-art-keramik-skulptur-1030x687.jpg 1030w, https:\/\/www.galerie-metzger.de\/wp-content\/uploads\/2021\/04\/Kerstin-Abraham-symphonos-galerie-metzger-gallery-kunst-art-keramik-skulptur-400x267.jpg 400w, https:\/\/www.galerie-metzger.de\/wp-content\/uploads\/2021\/04\/Kerstin-Abraham-symphonos-galerie-metzger-gallery-kunst-art-keramik-skulptur-768x512.jpg 768w, https:\/\/www.galerie-metzger.de\/wp-content\/uploads\/2021\/04\/Kerstin-Abraham-symphonos-galerie-metzger-gallery-kunst-art-keramik-skulptur-1536x1024.jpg 1536w, https:\/\/www.galerie-metzger.de\/wp-content\/uploads\/2021\/04\/Kerstin-Abraham-symphonos-galerie-metzger-gallery-kunst-art-keramik-skulptur-2048x1365.jpg 2048w, https:\/\/www.galerie-metzger.de\/wp-content\/uploads\/2021\/04\/Kerstin-Abraham-symphonos-galerie-metzger-gallery-kunst-art-keramik-skulptur-1500x1000.jpg 1500w, https:\/\/www.galerie-metzger.de\/wp-content\/uploads\/2021\/04\/Kerstin-Abraham-symphonos-galerie-metzger-gallery-kunst-art-keramik-skulptur-600x400.jpg 600w, https:\/\/www.galerie-metzger.de\/wp-content\/uploads\/2021\/04\/Kerstin-Abraham-symphonos-galerie-metzger-gallery-kunst-art-keramik-skulptur-300x200.jpg 300w, https:\/\/www.galerie-metzger.de\/wp-content\/uploads\/2021\/04\/Kerstin-Abraham-symphonos-galerie-metzger-gallery-kunst-art-keramik-skulptur-900x600.jpg 900w, https:\/\/www.galerie-metzger.de\/wp-content\/uploads\/2021\/04\/Kerstin-Abraham-symphonos-galerie-metzger-gallery-kunst-art-keramik-skulptur-705x470.jpg 705w, https:\/\/www.galerie-metzger.de\/wp-content\/uploads\/2021\/04\/Kerstin-Abraham-symphonos-galerie-metzger-gallery-kunst-art-keramik-skulptur-450x300.jpg 450w\" data-sizes=\"(max-width: 1030px) 100vw, 1030px\" class='avia_image' ><div class=\"av-image-caption-overlay\"><div class=\"av-caption-image-overlay-bg\"><\/div><div class=\"av-image-caption-overlay-position\"><div class=\"av-image-caption-overlay-center\"><p>Kerstin Abraham \u2013 symphonos, view into the exhibition \u2013 , Foto: Edi Baumann<\/p>\n<\/div><\/div><\/div><img decoding=\"async\" class='wp-image-9307 avia-img-lazy-loading-not-9307 avia_image ' src=\"https:\/\/www.galerie-metzger.de\/wp-content\/uploads\/2021\/04\/Kerstin-Abraham-symphonos-galerie-metzger-gallery-kunst-art-keramik-skulptur-900x600.jpg\" alt='Kerstin Abraham - symphonos' title='Kerstin Abraham - symphonos'  height=\"563\" width=\"845\" srcset=\"https:\/\/www.galerie-metzger.de\/wp-content\/uploads\/2021\/04\/Kerstin-Abraham-symphonos-galerie-metzger-gallery-kunst-art-keramik-skulptur-900x600.jpg 900w, https:\/\/www.galerie-metzger.de\/wp-content\/uploads\/2021\/04\/Kerstin-Abraham-symphonos-galerie-metzger-gallery-kunst-art-keramik-skulptur-400x267.jpg 400w, https:\/\/www.galerie-metzger.de\/wp-content\/uploads\/2021\/04\/Kerstin-Abraham-symphonos-galerie-metzger-gallery-kunst-art-keramik-skulptur-1030x687.jpg 1030w, https:\/\/www.galerie-metzger.de\/wp-content\/uploads\/2021\/04\/Kerstin-Abraham-symphonos-galerie-metzger-gallery-kunst-art-keramik-skulptur-768x512.jpg 768w, https:\/\/www.galerie-metzger.de\/wp-content\/uploads\/2021\/04\/Kerstin-Abraham-symphonos-galerie-metzger-gallery-kunst-art-keramik-skulptur-1536x1024.jpg 1536w, https:\/\/www.galerie-metzger.de\/wp-content\/uploads\/2021\/04\/Kerstin-Abraham-symphonos-galerie-metzger-gallery-kunst-art-keramik-skulptur-2048x1365.jpg 2048w, https:\/\/www.galerie-metzger.de\/wp-content\/uploads\/2021\/04\/Kerstin-Abraham-symphonos-galerie-metzger-gallery-kunst-art-keramik-skulptur-1500x1000.jpg 1500w, https:\/\/www.galerie-metzger.de\/wp-content\/uploads\/2021\/04\/Kerstin-Abraham-symphonos-galerie-metzger-gallery-kunst-art-keramik-skulptur-600x400.jpg 600w, https:\/\/www.galerie-metzger.de\/wp-content\/uploads\/2021\/04\/Kerstin-Abraham-symphonos-galerie-metzger-gallery-kunst-art-keramik-skulptur-300x200.jpg 300w, https:\/\/www.galerie-metzger.de\/wp-content\/uploads\/2021\/04\/Kerstin-Abraham-symphonos-galerie-metzger-gallery-kunst-art-keramik-skulptur-705x470.jpg 705w, https:\/\/www.galerie-metzger.de\/wp-content\/uploads\/2021\/04\/Kerstin-Abraham-symphonos-galerie-metzger-gallery-kunst-art-keramik-skulptur-450x300.jpg 450w\" sizes=\"(max-width: 845px) 100vw, 845px\" \/><\/a><\/div><\/div><\/div><\/div><\/div><!--close column table wrapper. Autoclose: 1 --><div class='flex_column_table av-2gsxvhb-ca9679bebbe6e460ec9c9d0c915ad2e5 sc-av_one_third av-equal-height-column-flextable'><div class='av-flex-placeholder'><\/div>\n<style type=\"text\/css\" data-created_by=\"avia_inline_auto\" id=\"style-css-av-2gsxvhb-ca9679bebbe6e460ec9c9d0c915ad2e5\">\n.flex_column.av-2gsxvhb-ca9679bebbe6e460ec9c9d0c915ad2e5{\n-webkit-border-radius:0px 0px 0px 0px;\n-moz-border-radius:0px 0px 0px 0px;\nborder-radius:0px 0px 0px 0px;\n}\n<\/style>\n<div class='flex_column av-2gsxvhb-ca9679bebbe6e460ec9c9d0c915ad2e5 av_one_third  jo_col_empty flex_column_table_cell av-equal-height-column av-align-middle av-animated-generic fade-in av-zero-column-padding '     ><section  class='av_textblock_section av-2ebrkhr-7982fab1bb27e611fade3e31fb8d8b3f' ><div class='avia_textblock' ><p>invisible placeholder<\/p>\n<\/div><\/section><\/div><\/div><!--close column table wrapper. Autoclose: 1 --><div class='flex_column_table av-2gsxvhb-1118cc7ed190ef12b94344766d75b468 sc-av_one_full av-equal-height-column-flextable'>\n<style type=\"text\/css\" data-created_by=\"avia_inline_auto\" id=\"style-css-av-2gsxvhb-1118cc7ed190ef12b94344766d75b468\">\n.flex_column.av-2gsxvhb-1118cc7ed190ef12b94344766d75b468{\n-webkit-border-radius:0px 0px 0px 0px;\n-moz-border-radius:0px 0px 0px 0px;\nborder-radius:0px 0px 0px 0px;\n}\n<\/style>\n<div class='flex_column av-2gsxvhb-1118cc7ed190ef12b94344766d75b468 av_one_full  jo_col_empty first flex_column_table_cell av-equal-height-column av-align-top av-animated-generic fade-in av-zero-column-padding '     ><section  class='av_textblock_section av-2ebrkhr-7982fab1bb27e611fade3e31fb8d8b3f' ><div class='avia_textblock' ><p>invisible placeholder<\/p>\n<\/div><\/section><\/div><\/div><!--close column table wrapper. Autoclose: 1 --><div class='flex_column_table av-av_one_third-9dd532ab0d5813bed57b43564300f6f9 sc-av_one_third av-equal-height-column-flextable'>\n<style type=\"text\/css\" data-created_by=\"avia_inline_auto\" id=\"style-css-av-av_one_third-9dd532ab0d5813bed57b43564300f6f9\">\n.flex_column.av-av_one_third-9dd532ab0d5813bed57b43564300f6f9{\n-webkit-border-radius:0px 0px 0px 0px;\n-moz-border-radius:0px 0px 0px 0px;\nborder-radius:0px 0px 0px 0px;\n}\n<\/style>\n<div class='flex_column av-av_one_third-9dd532ab0d5813bed57b43564300f6f9 av_one_third  jo_pf_bild_bg first flex_column_table_cell av-equal-height-column av-align-middle av-animated-generic fade-in av-zero-column-padding '     ><p>\n<style type=\"text\/css\" data-created_by=\"avia_inline_auto\" id=\"style-css-av-av_image-06b6adf6cbd23a8d96e03dd6ac4fb908\">\n.avia-image-container.av-av_image-06b6adf6cbd23a8d96e03dd6ac4fb908 img.avia_image{\nbox-shadow:none;\n}\n.avia-image-container.av-av_image-06b6adf6cbd23a8d96e03dd6ac4fb908 .av-caption-image-overlay-bg{\nopacity:0.4;\n}\n<\/style>\n<div  class='avia-image-container av-av_image-06b6adf6cbd23a8d96e03dd6ac4fb908 av-styling-no-styling avia_animated_image av-animated-when-visible-95 fade-in avia-align-left  jo_pf_bild noHover av-overlay-hover-deactivate'  ><div class=\"avia-image-container-inner\"><div class=\"avia-image-overlay-wrap\"><a href=\"https:\/\/www.galerie-metzger.de\/wp-content\/uploads\/2021\/03\/Hans-Fischer-halten-galerie-metzger-art-keramik-ceramic-gallery-skulptur-kunst-kaufen-687x1030.jpg\" data-srcset=\"https:\/\/www.galerie-metzger.de\/wp-content\/uploads\/2021\/03\/Hans-Fischer-halten-galerie-metzger-art-keramik-ceramic-gallery-skulptur-kunst-kaufen-687x1030.jpg 687w, https:\/\/www.galerie-metzger.de\/wp-content\/uploads\/2021\/03\/Hans-Fischer-halten-galerie-metzger-art-keramik-ceramic-gallery-skulptur-kunst-kaufen-267x400.jpg 267w, https:\/\/www.galerie-metzger.de\/wp-content\/uploads\/2021\/03\/Hans-Fischer-halten-galerie-metzger-art-keramik-ceramic-gallery-skulptur-kunst-kaufen-768x1152.jpg 768w, https:\/\/www.galerie-metzger.de\/wp-content\/uploads\/2021\/03\/Hans-Fischer-halten-galerie-metzger-art-keramik-ceramic-gallery-skulptur-kunst-kaufen-1024x1536.jpg 1024w, https:\/\/www.galerie-metzger.de\/wp-content\/uploads\/2021\/03\/Hans-Fischer-halten-galerie-metzger-art-keramik-ceramic-gallery-skulptur-kunst-kaufen-1365x2048.jpg 1365w, https:\/\/www.galerie-metzger.de\/wp-content\/uploads\/2021\/03\/Hans-Fischer-halten-galerie-metzger-art-keramik-ceramic-gallery-skulptur-kunst-kaufen-1000x1500.jpg 1000w, https:\/\/www.galerie-metzger.de\/wp-content\/uploads\/2021\/03\/Hans-Fischer-halten-galerie-metzger-art-keramik-ceramic-gallery-skulptur-kunst-kaufen-470x705.jpg 470w, https:\/\/www.galerie-metzger.de\/wp-content\/uploads\/2021\/03\/Hans-Fischer-halten-galerie-metzger-art-keramik-ceramic-gallery-skulptur-kunst-kaufen-450x675.jpg 450w, https:\/\/www.galerie-metzger.de\/wp-content\/uploads\/2021\/03\/Hans-Fischer-halten-galerie-metzger-art-keramik-ceramic-gallery-skulptur-kunst-kaufen-scaled.jpg 1707w\" data-sizes=\"(max-width: 687px) 100vw, 687px\" class='avia_image' ><div class=\"av-image-caption-overlay\"><div class=\"av-caption-image-overlay-bg\"><\/div><div class=\"av-image-caption-overlay-position\"><div class=\"av-image-caption-overlay-center\"><p>Hans Fischer \u2013 hold \u2013 , 2021, Foto: Edi Baumann<\/p>\n<\/div><\/div><\/div><img decoding=\"async\" class='wp-image-9263 avia-img-lazy-loading-not-9263 avia_image ' src=\"https:\/\/www.galerie-metzger.de\/wp-content\/uploads\/2021\/03\/Hans-Fischer-halten-galerie-metzger-art-keramik-ceramic-gallery-skulptur-kunst-kaufen.jpg\" alt='Hans Fischer - halten -' title='Hans Fischer - halten -'  height=\"2560\" width=\"1707\"  \/><\/a><\/div><\/div><\/div><br \/>\n<section  class='av_textblock_section av-av_textblock-2df6986536148a6092118248b21c996c' ><div class='avia_textblock jo_werk_anfrage' ><p><a class=\"anfrage\" href=\"mailto:info@galerie-metzger.de?subject=Hans%20Fischer%20halten%202021\">request information<\/a><\/p>\n<\/div><\/section><\/p><\/div><\/div><!--close column table wrapper. Autoclose: 1 --><div class='flex_column_table av-av_one_third-9b5c7e58c7b47f2247f1460dc9e28d7a sc-av_one_third av-equal-height-column-flextable'><div class='av-flex-placeholder'><\/div>\n<style type=\"text\/css\" data-created_by=\"avia_inline_auto\" id=\"style-css-av-av_one_third-9b5c7e58c7b47f2247f1460dc9e28d7a\">\n.flex_column.av-av_one_third-9b5c7e58c7b47f2247f1460dc9e28d7a{\n-webkit-border-radius:0px 0px 0px 0px;\n-moz-border-radius:0px 0px 0px 0px;\nborder-radius:0px 0px 0px 0px;\n}\n<\/style>\n<div class='flex_column av-av_one_third-9b5c7e58c7b47f2247f1460dc9e28d7a av_one_third  jo_pf_bild_bg flex_column_table_cell av-equal-height-column av-align-middle av-animated-generic fade-in av-zero-column-padding '     ><p>\n<style type=\"text\/css\" data-created_by=\"avia_inline_auto\" id=\"style-css-av-av_image-f556aae9d6b64976075c28e0e05af228\">\n.avia-image-container.av-av_image-f556aae9d6b64976075c28e0e05af228 img.avia_image{\nbox-shadow:none;\n}\n.avia-image-container.av-av_image-f556aae9d6b64976075c28e0e05af228 .av-caption-image-overlay-bg{\nopacity:0.4;\n}\n<\/style>\n<div  class='avia-image-container av-av_image-f556aae9d6b64976075c28e0e05af228 av-styling-no-styling avia_animated_image av-animated-when-visible-95 fade-in avia-align-left  jo_pf_bild noHover av-overlay-hover-deactivate'  ><div class=\"avia-image-container-inner\"><div class=\"avia-image-overlay-wrap\"><a href=\"https:\/\/www.galerie-metzger.de\/wp-content\/uploads\/2021\/03\/Hans-Fischer-halten-galerie-metzger-art-keramik-ceramic-gallery-skulptur-687x1030.jpg\" data-srcset=\"https:\/\/www.galerie-metzger.de\/wp-content\/uploads\/2021\/03\/Hans-Fischer-halten-galerie-metzger-art-keramik-ceramic-gallery-skulptur-687x1030.jpg 687w, https:\/\/www.galerie-metzger.de\/wp-content\/uploads\/2021\/03\/Hans-Fischer-halten-galerie-metzger-art-keramik-ceramic-gallery-skulptur-267x400.jpg 267w, https:\/\/www.galerie-metzger.de\/wp-content\/uploads\/2021\/03\/Hans-Fischer-halten-galerie-metzger-art-keramik-ceramic-gallery-skulptur-768x1152.jpg 768w, https:\/\/www.galerie-metzger.de\/wp-content\/uploads\/2021\/03\/Hans-Fischer-halten-galerie-metzger-art-keramik-ceramic-gallery-skulptur-1024x1536.jpg 1024w, https:\/\/www.galerie-metzger.de\/wp-content\/uploads\/2021\/03\/Hans-Fischer-halten-galerie-metzger-art-keramik-ceramic-gallery-skulptur-1365x2048.jpg 1365w, https:\/\/www.galerie-metzger.de\/wp-content\/uploads\/2021\/03\/Hans-Fischer-halten-galerie-metzger-art-keramik-ceramic-gallery-skulptur-1000x1500.jpg 1000w, https:\/\/www.galerie-metzger.de\/wp-content\/uploads\/2021\/03\/Hans-Fischer-halten-galerie-metzger-art-keramik-ceramic-gallery-skulptur-470x705.jpg 470w, https:\/\/www.galerie-metzger.de\/wp-content\/uploads\/2021\/03\/Hans-Fischer-halten-galerie-metzger-art-keramik-ceramic-gallery-skulptur-450x675.jpg 450w, https:\/\/www.galerie-metzger.de\/wp-content\/uploads\/2021\/03\/Hans-Fischer-halten-galerie-metzger-art-keramik-ceramic-gallery-skulptur-scaled.jpg 1707w\" data-sizes=\"(max-width: 687px) 100vw, 687px\" class='avia_image' ><div class=\"av-image-caption-overlay\"><div class=\"av-caption-image-overlay-bg\"><\/div><div class=\"av-image-caption-overlay-position\"><div class=\"av-image-caption-overlay-center\"><p>Hans Fischer \u2013 hold \u2013 , 2021, 2. Ansicht, Foto: Edi Baumann<\/p>\n<\/div><\/div><\/div><img decoding=\"async\" class='wp-image-9257 avia-img-lazy-loading-not-9257 avia_image ' src=\"https:\/\/www.galerie-metzger.de\/wp-content\/uploads\/2021\/03\/Hans-Fischer-halten-galerie-metzger-art-keramik-ceramic-gallery-skulptur.jpg\" alt='Hans Fischer - halten -' title='Hans Fischer - halten -'  height=\"2560\" width=\"1707\"  \/><\/a><\/div><\/div><\/div><br \/>\n<section  class='av_textblock_section av-av_textblock-2df6986536148a6092118248b21c996c' ><div class='avia_textblock jo_werk_anfrage' ><p><a class=\"anfrage\" href=\"mailto:info@galerie-metzger.de?subject=Hans%20Fischer%20halten%202021\">request information<\/a><\/p>\n<\/div><\/section><\/p><\/div><\/div><!--close column table wrapper. Autoclose: 1 --><div class='flex_column_table av-av_one_third-9b5c7e58c7b47f2247f1460dc9e28d7a sc-av_one_third av-equal-height-column-flextable'><div class='av-flex-placeholder'><\/div>\n<style type=\"text\/css\" data-created_by=\"avia_inline_auto\" id=\"style-css-av-av_one_third-9b5c7e58c7b47f2247f1460dc9e28d7a\">\n.flex_column.av-av_one_third-9b5c7e58c7b47f2247f1460dc9e28d7a{\n-webkit-border-radius:0px 0px 0px 0px;\n-moz-border-radius:0px 0px 0px 0px;\nborder-radius:0px 0px 0px 0px;\n}\n<\/style>\n<div class='flex_column av-av_one_third-9b5c7e58c7b47f2247f1460dc9e28d7a av_one_third  jo_pf_bild_bg flex_column_table_cell av-equal-height-column av-align-middle av-animated-generic fade-in av-zero-column-padding '     ><p>\n<style type=\"text\/css\" data-created_by=\"avia_inline_auto\" id=\"style-css-av-av_image-a7066a89d8113b5ad8c1b29822f0a8bd\">\n.avia-image-container.av-av_image-a7066a89d8113b5ad8c1b29822f0a8bd img.avia_image{\nbox-shadow:none;\n}\n.avia-image-container.av-av_image-a7066a89d8113b5ad8c1b29822f0a8bd .av-caption-image-overlay-bg{\nopacity:0.4;\n}\n<\/style>\n<div  class='avia-image-container av-av_image-a7066a89d8113b5ad8c1b29822f0a8bd av-styling-no-styling avia_animated_image av-animated-when-visible-95 fade-in avia-align-left  jo_pf_bild noHover av-overlay-hover-deactivate'  ><div class=\"avia-image-container-inner\"><div class=\"avia-image-overlay-wrap\"><a href=\"https:\/\/www.galerie-metzger.de\/wp-content\/uploads\/2021\/03\/Hans-Fischer-halten-galerie-metzger-art-keramik-ceramic-gallery-skulptur-kunst-687x1030.jpg\" data-srcset=\"https:\/\/www.galerie-metzger.de\/wp-content\/uploads\/2021\/03\/Hans-Fischer-halten-galerie-metzger-art-keramik-ceramic-gallery-skulptur-kunst-687x1030.jpg 687w, https:\/\/www.galerie-metzger.de\/wp-content\/uploads\/2021\/03\/Hans-Fischer-halten-galerie-metzger-art-keramik-ceramic-gallery-skulptur-kunst-267x400.jpg 267w, https:\/\/www.galerie-metzger.de\/wp-content\/uploads\/2021\/03\/Hans-Fischer-halten-galerie-metzger-art-keramik-ceramic-gallery-skulptur-kunst-768x1152.jpg 768w, https:\/\/www.galerie-metzger.de\/wp-content\/uploads\/2021\/03\/Hans-Fischer-halten-galerie-metzger-art-keramik-ceramic-gallery-skulptur-kunst-1024x1536.jpg 1024w, https:\/\/www.galerie-metzger.de\/wp-content\/uploads\/2021\/03\/Hans-Fischer-halten-galerie-metzger-art-keramik-ceramic-gallery-skulptur-kunst-1365x2048.jpg 1365w, https:\/\/www.galerie-metzger.de\/wp-content\/uploads\/2021\/03\/Hans-Fischer-halten-galerie-metzger-art-keramik-ceramic-gallery-skulptur-kunst-1000x1500.jpg 1000w, https:\/\/www.galerie-metzger.de\/wp-content\/uploads\/2021\/03\/Hans-Fischer-halten-galerie-metzger-art-keramik-ceramic-gallery-skulptur-kunst-470x705.jpg 470w, https:\/\/www.galerie-metzger.de\/wp-content\/uploads\/2021\/03\/Hans-Fischer-halten-galerie-metzger-art-keramik-ceramic-gallery-skulptur-kunst-450x675.jpg 450w, https:\/\/www.galerie-metzger.de\/wp-content\/uploads\/2021\/03\/Hans-Fischer-halten-galerie-metzger-art-keramik-ceramic-gallery-skulptur-kunst-scaled.jpg 1707w\" data-sizes=\"(max-width: 687px) 100vw, 687px\" class='avia_image' ><div class=\"av-image-caption-overlay\"><div class=\"av-caption-image-overlay-bg\"><\/div><div class=\"av-image-caption-overlay-position\"><div class=\"av-image-caption-overlay-center\"><p>Hans Fischer \u2013 hold \u2013 , 2021, Foto: Edi Baumann<\/p>\n<\/div><\/div><\/div><img decoding=\"async\" class='wp-image-9255 avia-img-lazy-loading-not-9255 avia_image ' src=\"https:\/\/www.galerie-metzger.de\/wp-content\/uploads\/2021\/03\/Hans-Fischer-halten-galerie-metzger-art-keramik-ceramic-gallery-skulptur-kunst.jpg\" alt='Hans Fischer - halten -' title='Hans Fischer - halten -'  height=\"2560\" width=\"1707\"  \/><\/a><\/div><\/div><\/div><br \/>\n<section  class='av_textblock_section av-av_textblock-2df6986536148a6092118248b21c996c' ><div class='avia_textblock jo_werk_anfrage' ><p><a class=\"anfrage\" href=\"mailto:info@galerie-metzger.de?subject=Hans%20Fischer%20halten%202021\">request information<\/a><\/p>\n<\/div><\/section><\/p><\/div><\/div><!--close column table wrapper. Autoclose: 1 --><div class='flex_column_table av-2gsxvhb-1118cc7ed190ef12b94344766d75b468 sc-av_one_full av-equal-height-column-flextable'>\n<style type=\"text\/css\" data-created_by=\"avia_inline_auto\" id=\"style-css-av-2gsxvhb-1118cc7ed190ef12b94344766d75b468\">\n.flex_column.av-2gsxvhb-1118cc7ed190ef12b94344766d75b468{\n-webkit-border-radius:0px 0px 0px 0px;\n-moz-border-radius:0px 0px 0px 0px;\nborder-radius:0px 0px 0px 0px;\n}\n<\/style>\n<div class='flex_column av-2gsxvhb-1118cc7ed190ef12b94344766d75b468 av_one_full  jo_col_empty first flex_column_table_cell av-equal-height-column av-align-top av-animated-generic fade-in av-zero-column-padding '     ><section  class='av_textblock_section av-2ebrkhr-7982fab1bb27e611fade3e31fb8d8b3f' ><div class='avia_textblock' ><p>invisible placeholder<\/p>\n<\/div><\/section><\/div><\/div><!--close column table wrapper. Autoclose: 1 --><div class='flex_column_table av-2gsxvhb-1118cc7ed190ef12b94344766d75b468 sc-av_one_third av-equal-height-column-flextable'>\n<style type=\"text\/css\" data-created_by=\"avia_inline_auto\" id=\"style-css-av-2gsxvhb-1118cc7ed190ef12b94344766d75b468\">\n.flex_column.av-2gsxvhb-1118cc7ed190ef12b94344766d75b468{\n-webkit-border-radius:0px 0px 0px 0px;\n-moz-border-radius:0px 0px 0px 0px;\nborder-radius:0px 0px 0px 0px;\n}\n<\/style>\n<div class='flex_column av-2gsxvhb-1118cc7ed190ef12b94344766d75b468 av_one_third  jo_col_empty first flex_column_table_cell av-equal-height-column av-align-top av-animated-generic fade-in av-zero-column-padding '     ><section  class='av_textblock_section av-2ebrkhr-7982fab1bb27e611fade3e31fb8d8b3f' ><div class='avia_textblock' ><p>invisible placeholder<\/p>\n<\/div><\/section><\/div><\/div><!--close column table wrapper. Autoclose: 1 --><div class='flex_column_table av-av_one_third-9b5c7e58c7b47f2247f1460dc9e28d7a sc-av_one_third av-equal-height-column-flextable'><div class='av-flex-placeholder'><\/div>\n<style type=\"text\/css\" data-created_by=\"avia_inline_auto\" id=\"style-css-av-av_one_third-9b5c7e58c7b47f2247f1460dc9e28d7a\">\n.flex_column.av-av_one_third-9b5c7e58c7b47f2247f1460dc9e28d7a{\n-webkit-border-radius:0px 0px 0px 0px;\n-moz-border-radius:0px 0px 0px 0px;\nborder-radius:0px 0px 0px 0px;\n}\n<\/style>\n<div class='flex_column av-av_one_third-9b5c7e58c7b47f2247f1460dc9e28d7a av_one_third  jo_pf_bild_bg flex_column_table_cell av-equal-height-column av-align-top av-animated-generic fade-in av-zero-column-padding '     ><p>\n<style type=\"text\/css\" data-created_by=\"avia_inline_auto\" id=\"style-css-av-av_image-377ada8690a6b11032cb2bf49d0e4aa7\">\n.avia-image-container.av-av_image-377ada8690a6b11032cb2bf49d0e4aa7 img.avia_image{\nbox-shadow:none;\n}\n.avia-image-container.av-av_image-377ada8690a6b11032cb2bf49d0e4aa7 .av-caption-image-overlay-bg{\nopacity:0.4;\n}\n<\/style>\n<div  class='avia-image-container av-av_image-377ada8690a6b11032cb2bf49d0e4aa7 av-styling-no-styling avia_animated_image av-animated-when-visible-95 fade-in avia-align-left  jo_pf_bild noHover av-overlay-hover-deactivate'  ><div class=\"avia-image-container-inner\"><div class=\"avia-image-overlay-wrap\"><a href=\"https:\/\/www.galerie-metzger.de\/wp-content\/uploads\/2021\/03\/Hans-Fischer-meta-galerie-metzger-art-keramik-ceramic-gallery-skulptur-kunst-687x1030.jpg\" data-srcset=\"https:\/\/www.galerie-metzger.de\/wp-content\/uploads\/2021\/03\/Hans-Fischer-meta-galerie-metzger-art-keramik-ceramic-gallery-skulptur-kunst-687x1030.jpg 687w, https:\/\/www.galerie-metzger.de\/wp-content\/uploads\/2021\/03\/Hans-Fischer-meta-galerie-metzger-art-keramik-ceramic-gallery-skulptur-kunst-267x400.jpg 267w, https:\/\/www.galerie-metzger.de\/wp-content\/uploads\/2021\/03\/Hans-Fischer-meta-galerie-metzger-art-keramik-ceramic-gallery-skulptur-kunst-768x1152.jpg 768w, https:\/\/www.galerie-metzger.de\/wp-content\/uploads\/2021\/03\/Hans-Fischer-meta-galerie-metzger-art-keramik-ceramic-gallery-skulptur-kunst-1024x1536.jpg 1024w, https:\/\/www.galerie-metzger.de\/wp-content\/uploads\/2021\/03\/Hans-Fischer-meta-galerie-metzger-art-keramik-ceramic-gallery-skulptur-kunst-1365x2048.jpg 1365w, https:\/\/www.galerie-metzger.de\/wp-content\/uploads\/2021\/03\/Hans-Fischer-meta-galerie-metzger-art-keramik-ceramic-gallery-skulptur-kunst-1000x1500.jpg 1000w, https:\/\/www.galerie-metzger.de\/wp-content\/uploads\/2021\/03\/Hans-Fischer-meta-galerie-metzger-art-keramik-ceramic-gallery-skulptur-kunst-470x705.jpg 470w, https:\/\/www.galerie-metzger.de\/wp-content\/uploads\/2021\/03\/Hans-Fischer-meta-galerie-metzger-art-keramik-ceramic-gallery-skulptur-kunst-450x675.jpg 450w, https:\/\/www.galerie-metzger.de\/wp-content\/uploads\/2021\/03\/Hans-Fischer-meta-galerie-metzger-art-keramik-ceramic-gallery-skulptur-kunst-scaled.jpg 1707w\" data-sizes=\"(max-width: 687px) 100vw, 687px\" class='avia_image' ><div class=\"av-image-caption-overlay\"><div class=\"av-caption-image-overlay-bg\"><\/div><div class=\"av-image-caption-overlay-position\"><div class=\"av-image-caption-overlay-center\"><p>Hans Fischer \u2013 meta \u2013 , 2021, Foto: Edi Baumann<\/p>\n<\/div><\/div><\/div><img decoding=\"async\" class='wp-image-9261 avia-img-lazy-loading-not-9261 avia_image ' src=\"https:\/\/www.galerie-metzger.de\/wp-content\/uploads\/2021\/03\/Hans-Fischer-meta-galerie-metzger-art-keramik-ceramic-gallery-skulptur-kunst.jpg\" alt='Hans Fischer - meta -' title='Hans Fischer - meta -'  height=\"2560\" width=\"1707\"  \/><\/a><\/div><\/div><\/div><br \/>\n<section  class='av_textblock_section av-av_textblock-2df6986536148a6092118248b21c996c' ><div class='avia_textblock jo_werk_anfrage' ><p><a class=\"anfrage\" href=\"mailto:info@galerie-metzger.de?subject=Hans%20Fischer%20meta%202021\">request information<\/a><\/p>\n<\/div><\/section><\/p><\/div><\/div><!--close column table wrapper. Autoclose: 1 --><div class='flex_column_table av-av_one_third-9b5c7e58c7b47f2247f1460dc9e28d7a sc-av_one_third av-equal-height-column-flextable'><div class='av-flex-placeholder'><\/div>\n<style type=\"text\/css\" data-created_by=\"avia_inline_auto\" id=\"style-css-av-av_one_third-9b5c7e58c7b47f2247f1460dc9e28d7a\">\n.flex_column.av-av_one_third-9b5c7e58c7b47f2247f1460dc9e28d7a{\n-webkit-border-radius:0px 0px 0px 0px;\n-moz-border-radius:0px 0px 0px 0px;\nborder-radius:0px 0px 0px 0px;\n}\n<\/style>\n<div class='flex_column av-av_one_third-9b5c7e58c7b47f2247f1460dc9e28d7a av_one_third  jo_pf_bild_bg flex_column_table_cell av-equal-height-column av-align-top av-animated-generic fade-in av-zero-column-padding '     ><p>\n<style type=\"text\/css\" data-created_by=\"avia_inline_auto\" id=\"style-css-av-av_image-e809a7f2aac0e66b6b24b9b043502c84\">\n.avia-image-container.av-av_image-e809a7f2aac0e66b6b24b9b043502c84 img.avia_image{\nbox-shadow:none;\n}\n.avia-image-container.av-av_image-e809a7f2aac0e66b6b24b9b043502c84 .av-caption-image-overlay-bg{\nopacity:0.4;\n}\n<\/style>\n<div  class='avia-image-container av-av_image-e809a7f2aac0e66b6b24b9b043502c84 av-styling-no-styling avia_animated_image av-animated-when-visible-95 fade-in avia-align-left  jo_pf_bild noHover av-overlay-hover-deactivate'  ><div class=\"avia-image-container-inner\"><div class=\"avia-image-overlay-wrap\"><a href=\"https:\/\/www.galerie-metzger.de\/wp-content\/uploads\/2021\/03\/Hans-Fischer-meta-galerie-metzger-art-keramik-ceramic-gallery-skulptur-kunst-kaufen-687x1030.jpg\" data-srcset=\"https:\/\/www.galerie-metzger.de\/wp-content\/uploads\/2021\/03\/Hans-Fischer-meta-galerie-metzger-art-keramik-ceramic-gallery-skulptur-kunst-kaufen-687x1030.jpg 687w, https:\/\/www.galerie-metzger.de\/wp-content\/uploads\/2021\/03\/Hans-Fischer-meta-galerie-metzger-art-keramik-ceramic-gallery-skulptur-kunst-kaufen-267x400.jpg 267w, https:\/\/www.galerie-metzger.de\/wp-content\/uploads\/2021\/03\/Hans-Fischer-meta-galerie-metzger-art-keramik-ceramic-gallery-skulptur-kunst-kaufen-768x1152.jpg 768w, https:\/\/www.galerie-metzger.de\/wp-content\/uploads\/2021\/03\/Hans-Fischer-meta-galerie-metzger-art-keramik-ceramic-gallery-skulptur-kunst-kaufen-1024x1536.jpg 1024w, https:\/\/www.galerie-metzger.de\/wp-content\/uploads\/2021\/03\/Hans-Fischer-meta-galerie-metzger-art-keramik-ceramic-gallery-skulptur-kunst-kaufen-1365x2048.jpg 1365w, https:\/\/www.galerie-metzger.de\/wp-content\/uploads\/2021\/03\/Hans-Fischer-meta-galerie-metzger-art-keramik-ceramic-gallery-skulptur-kunst-kaufen-1000x1500.jpg 1000w, https:\/\/www.galerie-metzger.de\/wp-content\/uploads\/2021\/03\/Hans-Fischer-meta-galerie-metzger-art-keramik-ceramic-gallery-skulptur-kunst-kaufen-470x705.jpg 470w, https:\/\/www.galerie-metzger.de\/wp-content\/uploads\/2021\/03\/Hans-Fischer-meta-galerie-metzger-art-keramik-ceramic-gallery-skulptur-kunst-kaufen-450x675.jpg 450w, https:\/\/www.galerie-metzger.de\/wp-content\/uploads\/2021\/03\/Hans-Fischer-meta-galerie-metzger-art-keramik-ceramic-gallery-skulptur-kunst-kaufen-scaled.jpg 1707w\" data-sizes=\"(max-width: 687px) 100vw, 687px\" class='avia_image' ><div class=\"av-image-caption-overlay\"><div class=\"av-caption-image-overlay-bg\"><\/div><div class=\"av-image-caption-overlay-position\"><div class=\"av-image-caption-overlay-center\"><p>Hans Fischer \u2013 meta \u2013 , 2021, 2. Ansicht, Foto: Edi Baumann<\/p>\n<\/div><\/div><\/div><img decoding=\"async\" class='wp-image-9259 avia-img-lazy-loading-not-9259 avia_image ' src=\"https:\/\/www.galerie-metzger.de\/wp-content\/uploads\/2021\/03\/Hans-Fischer-meta-galerie-metzger-art-keramik-ceramic-gallery-skulptur-kunst-kaufen.jpg\" alt='Hans Fischer - meta -' title='Hans Fischer - meta -'  height=\"2560\" width=\"1707\"  \/><\/a><\/div><\/div><\/div><br \/>\n<section  class='av_textblock_section av-av_textblock-2df6986536148a6092118248b21c996c' ><div class='avia_textblock jo_werk_anfrage' ><p><a class=\"anfrage\" href=\"mailto:info@galerie-metzger.de?subject=Hans%20Fischer%20meta%202021\">request information<\/a><\/p>\n<\/div><\/section><\/p><\/div><\/div><!--close column table wrapper. Autoclose: 1 --><div class='flex_column_table av-2gsxvhb-1118cc7ed190ef12b94344766d75b468 sc-av_one_full av-equal-height-column-flextable'>\n<style type=\"text\/css\" data-created_by=\"avia_inline_auto\" id=\"style-css-av-2gsxvhb-1118cc7ed190ef12b94344766d75b468\">\n.flex_column.av-2gsxvhb-1118cc7ed190ef12b94344766d75b468{\n-webkit-border-radius:0px 0px 0px 0px;\n-moz-border-radius:0px 0px 0px 0px;\nborder-radius:0px 0px 0px 0px;\n}\n<\/style>\n<div class='flex_column av-2gsxvhb-1118cc7ed190ef12b94344766d75b468 av_one_full  jo_col_empty first flex_column_table_cell av-equal-height-column av-align-top av-animated-generic fade-in av-zero-column-padding '     ><section  class='av_textblock_section av-2ebrkhr-7982fab1bb27e611fade3e31fb8d8b3f' ><div class='avia_textblock' ><p>invisible placeholder<\/p>\n<\/div><\/section><\/div><\/div><!--close column table wrapper. Autoclose: 1 --><div class='flex_column_table av-av_one_half-9dd532ab0d5813bed57b43564300f6f9 sc-av_one_half av-equal-height-column-flextable'>\n<style type=\"text\/css\" data-created_by=\"avia_inline_auto\" id=\"style-css-av-av_one_half-9dd532ab0d5813bed57b43564300f6f9\">\n.flex_column.av-av_one_half-9dd532ab0d5813bed57b43564300f6f9{\n-webkit-border-radius:0px 0px 0px 0px;\n-moz-border-radius:0px 0px 0px 0px;\nborder-radius:0px 0px 0px 0px;\n}\n<\/style>\n<div class='flex_column av-av_one_half-9dd532ab0d5813bed57b43564300f6f9 av_one_half  avia-builder-el-50  el_after_av_one_full  el_before_av_one_half  jo_pf_bild_bg first flex_column_table_cell av-equal-height-column av-align-middle av-animated-generic fade-in av-zero-column-padding column-top-margin'     ><p>\n<style type=\"text\/css\" data-created_by=\"avia_inline_auto\" id=\"style-css-av-av_image-77a2178b4745afd7edeee1a0cb696b80\">\n.avia-image-container.av-av_image-77a2178b4745afd7edeee1a0cb696b80 img.avia_image{\nbox-shadow:none;\n}\n.avia-image-container.av-av_image-77a2178b4745afd7edeee1a0cb696b80 .av-caption-image-overlay-bg{\nopacity:0.4;\n}\n<\/style>\n<div  class='avia-image-container av-av_image-77a2178b4745afd7edeee1a0cb696b80 av-styling-no-styling avia_animated_image av-animated-when-visible-95 fade-in avia-align-left  avia-builder-el-51  el_before_av_textblock  avia-builder-el-first  jo_pf_bild noHover av-overlay-hover-deactivate'  ><div class=\"avia-image-container-inner\"><div class=\"avia-image-overlay-wrap\"><a href=\"https:\/\/www.galerie-metzger.de\/wp-content\/uploads\/2021\/01\/Karl-Fulle-geschwungene-Form-galerie-metzger-ceramic-art-object-keramik-kaufen-gallery-plastische-arbeit-skulptur-1030x687.jpg\" data-srcset=\"https:\/\/www.galerie-metzger.de\/wp-content\/uploads\/2021\/01\/Karl-Fulle-geschwungene-Form-galerie-metzger-ceramic-art-object-keramik-kaufen-gallery-plastische-arbeit-skulptur-1030x687.jpg 1030w, https:\/\/www.galerie-metzger.de\/wp-content\/uploads\/2021\/01\/Karl-Fulle-geschwungene-Form-galerie-metzger-ceramic-art-object-keramik-kaufen-gallery-plastische-arbeit-skulptur-400x267.jpg 400w, https:\/\/www.galerie-metzger.de\/wp-content\/uploads\/2021\/01\/Karl-Fulle-geschwungene-Form-galerie-metzger-ceramic-art-object-keramik-kaufen-gallery-plastische-arbeit-skulptur-768x512.jpg 768w, https:\/\/www.galerie-metzger.de\/wp-content\/uploads\/2021\/01\/Karl-Fulle-geschwungene-Form-galerie-metzger-ceramic-art-object-keramik-kaufen-gallery-plastische-arbeit-skulptur-1536x1024.jpg 1536w, https:\/\/www.galerie-metzger.de\/wp-content\/uploads\/2021\/01\/Karl-Fulle-geschwungene-Form-galerie-metzger-ceramic-art-object-keramik-kaufen-gallery-plastische-arbeit-skulptur-2048x1365.jpg 2048w, https:\/\/www.galerie-metzger.de\/wp-content\/uploads\/2021\/01\/Karl-Fulle-geschwungene-Form-galerie-metzger-ceramic-art-object-keramik-kaufen-gallery-plastische-arbeit-skulptur-1500x1000.jpg 1500w, https:\/\/www.galerie-metzger.de\/wp-content\/uploads\/2021\/01\/Karl-Fulle-geschwungene-Form-galerie-metzger-ceramic-art-object-keramik-kaufen-gallery-plastische-arbeit-skulptur-600x400.jpg 600w, https:\/\/www.galerie-metzger.de\/wp-content\/uploads\/2021\/01\/Karl-Fulle-geschwungene-Form-galerie-metzger-ceramic-art-object-keramik-kaufen-gallery-plastische-arbeit-skulptur-300x200.jpg 300w, https:\/\/www.galerie-metzger.de\/wp-content\/uploads\/2021\/01\/Karl-Fulle-geschwungene-Form-galerie-metzger-ceramic-art-object-keramik-kaufen-gallery-plastische-arbeit-skulptur-900x600.jpg 900w, https:\/\/www.galerie-metzger.de\/wp-content\/uploads\/2021\/01\/Karl-Fulle-geschwungene-Form-galerie-metzger-ceramic-art-object-keramik-kaufen-gallery-plastische-arbeit-skulptur-705x470.jpg 705w, https:\/\/www.galerie-metzger.de\/wp-content\/uploads\/2021\/01\/Karl-Fulle-geschwungene-Form-galerie-metzger-ceramic-art-object-keramik-kaufen-gallery-plastische-arbeit-skulptur-450x300.jpg 450w\" data-sizes=\"(max-width: 1030px) 100vw, 1030px\" class='avia_image' ><div class=\"av-image-caption-overlay\"><div class=\"av-caption-image-overlay-bg\"><\/div><div class=\"av-image-caption-overlay-position\"><div class=\"av-image-caption-overlay-center\"><p>Karl Fulle \u2013 Leaf bowl \u2013 , 33x55x34 cm, Foto: Karl Fulle<\/p>\n<\/div><\/div><\/div><img decoding=\"async\" class='wp-image-8821 avia-img-lazy-loading-not-8821 avia_image ' src=\"https:\/\/www.galerie-metzger.de\/wp-content\/uploads\/2021\/01\/Karl-Fulle-geschwungene-Form-galerie-metzger-ceramic-art-object-keramik-kaufen-gallery-plastische-arbeit-skulptur-600x400.jpg\" alt='Karl Fulle - geschwungene Form -' title='Karl Fulle - geschwungene Form -'  height=\"330\" width=\"495\" srcset=\"https:\/\/www.galerie-metzger.de\/wp-content\/uploads\/2021\/01\/Karl-Fulle-geschwungene-Form-galerie-metzger-ceramic-art-object-keramik-kaufen-gallery-plastische-arbeit-skulptur-600x400.jpg 600w, https:\/\/www.galerie-metzger.de\/wp-content\/uploads\/2021\/01\/Karl-Fulle-geschwungene-Form-galerie-metzger-ceramic-art-object-keramik-kaufen-gallery-plastische-arbeit-skulptur-400x267.jpg 400w, https:\/\/www.galerie-metzger.de\/wp-content\/uploads\/2021\/01\/Karl-Fulle-geschwungene-Form-galerie-metzger-ceramic-art-object-keramik-kaufen-gallery-plastische-arbeit-skulptur-1030x687.jpg 1030w, https:\/\/www.galerie-metzger.de\/wp-content\/uploads\/2021\/01\/Karl-Fulle-geschwungene-Form-galerie-metzger-ceramic-art-object-keramik-kaufen-gallery-plastische-arbeit-skulptur-768x512.jpg 768w, https:\/\/www.galerie-metzger.de\/wp-content\/uploads\/2021\/01\/Karl-Fulle-geschwungene-Form-galerie-metzger-ceramic-art-object-keramik-kaufen-gallery-plastische-arbeit-skulptur-1536x1024.jpg 1536w, https:\/\/www.galerie-metzger.de\/wp-content\/uploads\/2021\/01\/Karl-Fulle-geschwungene-Form-galerie-metzger-ceramic-art-object-keramik-kaufen-gallery-plastische-arbeit-skulptur-2048x1365.jpg 2048w, https:\/\/www.galerie-metzger.de\/wp-content\/uploads\/2021\/01\/Karl-Fulle-geschwungene-Form-galerie-metzger-ceramic-art-object-keramik-kaufen-gallery-plastische-arbeit-skulptur-1500x1000.jpg 1500w, https:\/\/www.galerie-metzger.de\/wp-content\/uploads\/2021\/01\/Karl-Fulle-geschwungene-Form-galerie-metzger-ceramic-art-object-keramik-kaufen-gallery-plastische-arbeit-skulptur-300x200.jpg 300w, https:\/\/www.galerie-metzger.de\/wp-content\/uploads\/2021\/01\/Karl-Fulle-geschwungene-Form-galerie-metzger-ceramic-art-object-keramik-kaufen-gallery-plastische-arbeit-skulptur-900x600.jpg 900w, https:\/\/www.galerie-metzger.de\/wp-content\/uploads\/2021\/01\/Karl-Fulle-geschwungene-Form-galerie-metzger-ceramic-art-object-keramik-kaufen-gallery-plastische-arbeit-skulptur-705x470.jpg 705w, https:\/\/www.galerie-metzger.de\/wp-content\/uploads\/2021\/01\/Karl-Fulle-geschwungene-Form-galerie-metzger-ceramic-art-object-keramik-kaufen-gallery-plastische-arbeit-skulptur-450x300.jpg 450w\" sizes=\"(max-width: 495px) 100vw, 495px\" \/><\/a><\/div><\/div><\/div><br \/>\n<section  class='av_textblock_section av-av_textblock-2df6986536148a6092118248b21c996c' ><div class='avia_textblock jo_werk_anfrage' ><p><a class=\"anfrage\" href=\"mailto:info@galerie-metzger.de?subject=Kerstin%20Abraham%20symphonos-duo%202020\">request information<\/a><\/p>\n<\/div><\/section><\/p><\/div><div class='av-flex-placeholder'><\/div>\n<style type=\"text\/css\" data-created_by=\"avia_inline_auto\" id=\"style-css-av-av_one_half-9b5c7e58c7b47f2247f1460dc9e28d7a\">\n.flex_column.av-av_one_half-9b5c7e58c7b47f2247f1460dc9e28d7a{\n-webkit-border-radius:0px 0px 0px 0px;\n-moz-border-radius:0px 0px 0px 0px;\nborder-radius:0px 0px 0px 0px;\n}\n<\/style>\n<div class='flex_column av-av_one_half-9b5c7e58c7b47f2247f1460dc9e28d7a av_one_half  avia-builder-el-53  el_after_av_one_half  el_before_av_one_full  jo_pf_bild_bg flex_column_table_cell av-equal-height-column av-align-middle av-animated-generic fade-in av-zero-column-padding column-top-margin'     ><p>\n<style type=\"text\/css\" data-created_by=\"avia_inline_auto\" id=\"style-css-av-av_image-e8e197a7bc1454706ce2f5a78924357c\">\n.avia-image-container.av-av_image-e8e197a7bc1454706ce2f5a78924357c img.avia_image{\nbox-shadow:none;\n}\n.avia-image-container.av-av_image-e8e197a7bc1454706ce2f5a78924357c .av-caption-image-overlay-bg{\nopacity:0.4;\n}\n<\/style>\n<div  class='avia-image-container av-av_image-e8e197a7bc1454706ce2f5a78924357c av-styling-no-styling avia_animated_image av-animated-when-visible-95 fade-in avia-align-left  avia-builder-el-54  el_before_av_textblock  avia-builder-el-first  jo_pf_bild noHover av-overlay-hover-deactivate'  ><div class=\"avia-image-container-inner\"><div class=\"avia-image-overlay-wrap\"><a href=\"https:\/\/www.galerie-metzger.de\/wp-content\/uploads\/2021\/01\/Karl-Fulle-Bluetenform-galerie-metzger-ceramic-art-object-keramik-kaufen-gallery-plastische-arbeit-skulptur-scaled-1090x727.jpg\" data-srcset=\"https:\/\/www.galerie-metzger.de\/wp-content\/uploads\/2021\/01\/Karl-Fulle-Bluetenform-galerie-metzger-ceramic-art-object-keramik-kaufen-gallery-plastische-arbeit-skulptur-scaled-1090x727.jpg 1090w, https:\/\/www.galerie-metzger.de\/wp-content\/uploads\/2021\/01\/Karl-Fulle-Bluetenform-galerie-metzger-ceramic-art-object-keramik-kaufen-gallery-plastische-arbeit-skulptur-scaled-690x460.jpg 690w, https:\/\/www.galerie-metzger.de\/wp-content\/uploads\/2021\/01\/Karl-Fulle-Bluetenform-galerie-metzger-ceramic-art-object-keramik-kaufen-gallery-plastische-arbeit-skulptur-scaled-768x512.jpg 768w, https:\/\/www.galerie-metzger.de\/wp-content\/uploads\/2021\/01\/Karl-Fulle-Bluetenform-galerie-metzger-ceramic-art-object-keramik-kaufen-gallery-plastische-arbeit-skulptur-scaled-1536x1024.jpg 1536w, https:\/\/www.galerie-metzger.de\/wp-content\/uploads\/2021\/01\/Karl-Fulle-Bluetenform-galerie-metzger-ceramic-art-object-keramik-kaufen-gallery-plastische-arbeit-skulptur-scaled-2048x1366.jpg 2048w, https:\/\/www.galerie-metzger.de\/wp-content\/uploads\/2021\/01\/Karl-Fulle-Bluetenform-galerie-metzger-ceramic-art-object-keramik-kaufen-gallery-plastische-arbeit-skulptur-scaled-1500x1000.jpg 1500w, https:\/\/www.galerie-metzger.de\/wp-content\/uploads\/2021\/01\/Karl-Fulle-Bluetenform-galerie-metzger-ceramic-art-object-keramik-kaufen-gallery-plastische-arbeit-skulptur-scaled-705x470.jpg 705w, https:\/\/www.galerie-metzger.de\/wp-content\/uploads\/2021\/01\/Karl-Fulle-Bluetenform-galerie-metzger-ceramic-art-object-keramik-kaufen-gallery-plastische-arbeit-skulptur-400x267.jpg 400w, https:\/\/www.galerie-metzger.de\/wp-content\/uploads\/2021\/01\/Karl-Fulle-Bluetenform-galerie-metzger-ceramic-art-object-keramik-kaufen-gallery-plastische-arbeit-skulptur-1030x687.jpg 1030w, https:\/\/www.galerie-metzger.de\/wp-content\/uploads\/2021\/01\/Karl-Fulle-Bluetenform-galerie-metzger-ceramic-art-object-keramik-kaufen-gallery-plastische-arbeit-skulptur-300x200.jpg 300w, https:\/\/www.galerie-metzger.de\/wp-content\/uploads\/2021\/01\/Karl-Fulle-Bluetenform-galerie-metzger-ceramic-art-object-keramik-kaufen-gallery-plastische-arbeit-skulptur-900x600.jpg 900w, https:\/\/www.galerie-metzger.de\/wp-content\/uploads\/2021\/01\/Karl-Fulle-Bluetenform-galerie-metzger-ceramic-art-object-keramik-kaufen-gallery-plastische-arbeit-skulptur-450x300.jpg 450w\" data-sizes=\"(max-width: 1030px) 100vw, 1030px\" class='avia_image' ><div class=\"av-image-caption-overlay\"><div class=\"av-caption-image-overlay-bg\"><\/div><div class=\"av-image-caption-overlay-position\"><div class=\"av-image-caption-overlay-center\"><p>Karl Fulle \u2013 Blossom \u2013 , 19x36x16 cm, Foto: Karl Fulle<\/p>\n<\/div><\/div><\/div><img decoding=\"async\" class='wp-image-8823 avia-img-lazy-loading-not-8823 avia_image ' src=\"https:\/\/www.galerie-metzger.de\/wp-content\/uploads\/2021\/01\/Karl-Fulle-Bluetenform-galerie-metzger-ceramic-art-object-keramik-kaufen-gallery-plastische-arbeit-skulptur-scaled-495x400.jpg\" alt='Karl Fulle - Blossom -' title='Karl Fulle - Blossom -'  height=\"400\" width=\"495\" srcset=\"https:\/\/www.galerie-metzger.de\/wp-content\/uploads\/2021\/01\/Karl-Fulle-Bluetenform-galerie-metzger-ceramic-art-object-keramik-kaufen-gallery-plastische-arbeit-skulptur-scaled-495x400.jpg 495w, https:\/\/www.galerie-metzger.de\/wp-content\/uploads\/2021\/01\/Karl-Fulle-Bluetenform-galerie-metzger-ceramic-art-object-keramik-kaufen-gallery-plastische-arbeit-skulptur-scaled-845x684.jpg 845w\" sizes=\"(max-width: 495px) 100vw, 495px\" \/><\/a><\/div><\/div><\/div><br \/>\n<section  class='av_textblock_section av-av_textblock-2df6986536148a6092118248b21c996c' ><div class='avia_textblock jo_werk_anfrage' ><p><a class=\"anfrage\" href=\"mailto:info@galerie-metzger.de?subject=Karl%20Fulle%20Bluete%202020\">request information<\/a><\/p>\n<\/div><\/section><\/p><\/div><\/div><!--close column table wrapper. Autoclose: 1 --><div class='flex_column_table av-2gsxvhb-1118cc7ed190ef12b94344766d75b468 sc-av_one_full av-equal-height-column-flextable'>\n<style type=\"text\/css\" data-created_by=\"avia_inline_auto\" id=\"style-css-av-2gsxvhb-1118cc7ed190ef12b94344766d75b468\">\n.flex_column.av-2gsxvhb-1118cc7ed190ef12b94344766d75b468{\n-webkit-border-radius:0px 0px 0px 0px;\n-moz-border-radius:0px 0px 0px 0px;\nborder-radius:0px 0px 0px 0px;\n}\n<\/style>\n<div class='flex_column av-2gsxvhb-1118cc7ed190ef12b94344766d75b468 av_one_full  avia-builder-el-56  el_after_av_one_half  el_before_av_one_third  jo_col_empty first flex_column_table_cell av-equal-height-column av-align-top av-animated-generic fade-in av-zero-column-padding column-top-margin'     ><section  class='av_textblock_section av-2ebrkhr-7982fab1bb27e611fade3e31fb8d8b3f' ><div class='avia_textblock' ><p>invisible placeholder<\/p>\n<\/div><\/section><\/div><\/div><!--close column table wrapper. Autoclose: 1 --><div class='flex_column_table av-av_one_third-9dd532ab0d5813bed57b43564300f6f9 sc-av_one_third av-equal-height-column-flextable'>\n<style type=\"text\/css\" data-created_by=\"avia_inline_auto\" id=\"style-css-av-av_one_third-9dd532ab0d5813bed57b43564300f6f9\">\n.flex_column.av-av_one_third-9dd532ab0d5813bed57b43564300f6f9{\n-webkit-border-radius:0px 0px 0px 0px;\n-moz-border-radius:0px 0px 0px 0px;\nborder-radius:0px 0px 0px 0px;\n}\n<\/style>\n<div class='flex_column av-av_one_third-9dd532ab0d5813bed57b43564300f6f9 av_one_third  avia-builder-el-58  el_after_av_one_full  el_before_av_one_third  jo_pf_bild_bg first flex_column_table_cell av-equal-height-column av-align-middle av-animated-generic fade-in av-zero-column-padding column-top-margin'     ><p>\n<style type=\"text\/css\" data-created_by=\"avia_inline_auto\" id=\"style-css-av-av_image-8cfb04b72792e030570e22b3da77bd53\">\n.avia-image-container.av-av_image-8cfb04b72792e030570e22b3da77bd53 img.avia_image{\nbox-shadow:none;\n}\n.avia-image-container.av-av_image-8cfb04b72792e030570e22b3da77bd53 .av-caption-image-overlay-bg{\nopacity:0.4;\n}\n<\/style>\n<div  class='avia-image-container av-av_image-8cfb04b72792e030570e22b3da77bd53 av-styling-no-styling avia_animated_image av-animated-when-visible-95 fade-in avia-align-left  avia-builder-el-59  el_before_av_textblock  avia-builder-el-first  jo_pf_bild noHover av-overlay-hover-deactivate'  ><div class=\"avia-image-container-inner\"><div class=\"avia-image-overlay-wrap\"><a href=\"https:\/\/www.galerie-metzger.de\/wp-content\/uploads\/2021\/01\/Laura-Gabers-Angebot-und-Nachfrage-galerie-metzger-art-ceramic-sculpture-plastische-arbeit-gallery-687x1030.jpg\" data-srcset=\"https:\/\/www.galerie-metzger.de\/wp-content\/uploads\/2021\/01\/Laura-Gabers-Angebot-und-Nachfrage-galerie-metzger-art-ceramic-sculpture-plastische-arbeit-gallery-687x1030.jpg 687w, https:\/\/www.galerie-metzger.de\/wp-content\/uploads\/2021\/01\/Laura-Gabers-Angebot-und-Nachfrage-galerie-metzger-art-ceramic-sculpture-plastische-arbeit-gallery-267x400.jpg 267w, https:\/\/www.galerie-metzger.de\/wp-content\/uploads\/2021\/01\/Laura-Gabers-Angebot-und-Nachfrage-galerie-metzger-art-ceramic-sculpture-plastische-arbeit-gallery-768x1152.jpg 768w, https:\/\/www.galerie-metzger.de\/wp-content\/uploads\/2021\/01\/Laura-Gabers-Angebot-und-Nachfrage-galerie-metzger-art-ceramic-sculpture-plastische-arbeit-gallery-1024x1536.jpg 1024w, https:\/\/www.galerie-metzger.de\/wp-content\/uploads\/2021\/01\/Laura-Gabers-Angebot-und-Nachfrage-galerie-metzger-art-ceramic-sculpture-plastische-arbeit-gallery-1365x2048.jpg 1365w, https:\/\/www.galerie-metzger.de\/wp-content\/uploads\/2021\/01\/Laura-Gabers-Angebot-und-Nachfrage-galerie-metzger-art-ceramic-sculpture-plastische-arbeit-gallery-1000x1500.jpg 1000w, https:\/\/www.galerie-metzger.de\/wp-content\/uploads\/2021\/01\/Laura-Gabers-Angebot-und-Nachfrage-galerie-metzger-art-ceramic-sculpture-plastische-arbeit-gallery-470x705.jpg 470w, https:\/\/www.galerie-metzger.de\/wp-content\/uploads\/2021\/01\/Laura-Gabers-Angebot-und-Nachfrage-galerie-metzger-art-ceramic-sculpture-plastische-arbeit-gallery-450x675.jpg 450w\" data-sizes=\"(max-width: 687px) 100vw, 687px\" class='avia_image' ><div class=\"av-image-caption-overlay\"><div class=\"av-caption-image-overlay-bg\"><\/div><div class=\"av-image-caption-overlay-position\"><div class=\"av-image-caption-overlay-center\"><p>Laura Garbers \u2013 Supply and Demand \u2013, 2017, Foto: Laura Garbers<\/p>\n<\/div><\/div><\/div><img decoding=\"async\" class='wp-image-8819 avia-img-lazy-loading-not-8819 avia_image ' src=\"https:\/\/www.galerie-metzger.de\/wp-content\/uploads\/2021\/01\/Laura-Gabers-Angebot-und-Nachfrage-galerie-metzger-art-ceramic-sculpture-plastische-arbeit-gallery-scaled.jpg\" alt='Laura Gabers - Angebot und Nachfrage - 2017' title='Laura Gabers Angebot und Nachfrage - 2017'  height=\"3300\" width=\"2200\"  \/><\/a><\/div><\/div><\/div><br \/>\n<section  class='av_textblock_section av-av_textblock-2df6986536148a6092118248b21c996c' ><div class='avia_textblock jo_werk_anfrage' ><p><a class=\"anfrage\" href=\"mailto:info@galerie-metzger.de?subject=Karl%20Scheid%20Reliefierte%20Schalenform%20Porzellan\">Request information<\/a><\/p>\n<\/div><\/section><\/p><\/div><div class='av-flex-placeholder'><\/div>\n<style type=\"text\/css\" data-created_by=\"avia_inline_auto\" id=\"style-css-av-av_one_third-9b5c7e58c7b47f2247f1460dc9e28d7a\">\n.flex_column.av-av_one_third-9b5c7e58c7b47f2247f1460dc9e28d7a{\n-webkit-border-radius:0px 0px 0px 0px;\n-moz-border-radius:0px 0px 0px 0px;\nborder-radius:0px 0px 0px 0px;\n}\n<\/style>\n<div class='flex_column av-av_one_third-9b5c7e58c7b47f2247f1460dc9e28d7a av_one_third  avia-builder-el-61  el_after_av_one_third  el_before_av_one_third  jo_pf_bild_bg flex_column_table_cell av-equal-height-column av-align-middle av-animated-generic fade-in av-zero-column-padding column-top-margin'     ><p>\n<style type=\"text\/css\" data-created_by=\"avia_inline_auto\" id=\"style-css-av-av_image-849387dc6cd771ea8fc12fc6ff61d9d1\">\n.avia-image-container.av-av_image-849387dc6cd771ea8fc12fc6ff61d9d1 img.avia_image{\nbox-shadow:none;\n}\n.avia-image-container.av-av_image-849387dc6cd771ea8fc12fc6ff61d9d1 .av-caption-image-overlay-bg{\nopacity:0.4;\n}\n<\/style>\n<div  class='avia-image-container av-av_image-849387dc6cd771ea8fc12fc6ff61d9d1 av-styling-no-styling avia_animated_image av-animated-when-visible-95 fade-in avia-align-left  avia-builder-el-62  el_before_av_textblock  avia-builder-el-first  jo_pf_bild noHover av-overlay-hover-deactivate'  ><div class=\"avia-image-container-inner\"><div class=\"avia-image-overlay-wrap\"><a href=\"https:\/\/www.galerie-metzger.de\/wp-content\/uploads\/2021\/01\/Laura-Gabers-Angebot-und-Nachfrage-galerie-metzger-art-ceramic-sculpture-plastische-arbeit-gallery-performance-687x1030.jpg\" data-srcset=\"https:\/\/www.galerie-metzger.de\/wp-content\/uploads\/2021\/01\/Laura-Gabers-Angebot-und-Nachfrage-galerie-metzger-art-ceramic-sculpture-plastische-arbeit-gallery-performance-687x1030.jpg 687w, https:\/\/www.galerie-metzger.de\/wp-content\/uploads\/2021\/01\/Laura-Gabers-Angebot-und-Nachfrage-galerie-metzger-art-ceramic-sculpture-plastische-arbeit-gallery-performance-267x400.jpg 267w, https:\/\/www.galerie-metzger.de\/wp-content\/uploads\/2021\/01\/Laura-Gabers-Angebot-und-Nachfrage-galerie-metzger-art-ceramic-sculpture-plastische-arbeit-gallery-performance-768x1152.jpg 768w, https:\/\/www.galerie-metzger.de\/wp-content\/uploads\/2021\/01\/Laura-Gabers-Angebot-und-Nachfrage-galerie-metzger-art-ceramic-sculpture-plastische-arbeit-gallery-performance-1024x1536.jpg 1024w, https:\/\/www.galerie-metzger.de\/wp-content\/uploads\/2021\/01\/Laura-Gabers-Angebot-und-Nachfrage-galerie-metzger-art-ceramic-sculpture-plastische-arbeit-gallery-performance-1365x2048.jpg 1365w, https:\/\/www.galerie-metzger.de\/wp-content\/uploads\/2021\/01\/Laura-Gabers-Angebot-und-Nachfrage-galerie-metzger-art-ceramic-sculpture-plastische-arbeit-gallery-performance-1000x1500.jpg 1000w, https:\/\/www.galerie-metzger.de\/wp-content\/uploads\/2021\/01\/Laura-Gabers-Angebot-und-Nachfrage-galerie-metzger-art-ceramic-sculpture-plastische-arbeit-gallery-performance-470x705.jpg 470w, https:\/\/www.galerie-metzger.de\/wp-content\/uploads\/2021\/01\/Laura-Gabers-Angebot-und-Nachfrage-galerie-metzger-art-ceramic-sculpture-plastische-arbeit-gallery-performance-450x675.jpg 450w, https:\/\/www.galerie-metzger.de\/wp-content\/uploads\/2021\/01\/Laura-Gabers-Angebot-und-Nachfrage-galerie-metzger-art-ceramic-sculpture-plastische-arbeit-gallery-performance-scaled.jpg 1706w\" data-sizes=\"(max-width: 687px) 100vw, 687px\" class='avia_image' ><div class=\"av-image-caption-overlay\"><div class=\"av-caption-image-overlay-bg\"><\/div><div class=\"av-image-caption-overlay-position\"><div class=\"av-image-caption-overlay-center\"><p>Laura Garbers \u2013 Supply and Demand \u2013, 2017, Foto: Laura Garbers<\/p>\n<\/div><\/div><\/div><img decoding=\"async\" class='wp-image-8848 avia-img-lazy-loading-not-8848 avia_image ' src=\"https:\/\/www.galerie-metzger.de\/wp-content\/uploads\/2021\/01\/Laura-Gabers-Angebot-und-Nachfrage-galerie-metzger-art-ceramic-sculpture-plastische-arbeit-gallery-performance.jpg\" alt='Laura Gabers - Angebot und Nachfrage -' title='Laura Gabers - Angebot und Nachfrage -'  height=\"2560\" width=\"1706\"  \/><\/a><\/div><\/div><\/div><br \/>\n<section  class='av_textblock_section av-av_textblock-2df6986536148a6092118248b21c996c' ><div class='avia_textblock jo_werk_anfrage' ><p><a class=\"anfrage\" href=\"mailto:info@galerie-metzger.de?subject=Karl%20Scheid%20Reliefierte%20Schalenform%20Porzellan\">Request information<\/a><\/p>\n<\/div><\/section><\/p><\/div><div class='av-flex-placeholder'><\/div>\n<style type=\"text\/css\" data-created_by=\"avia_inline_auto\" id=\"style-css-av-av_one_third-728b8c4e0575ffa199c640fb528df830\">\n.flex_column.av-av_one_third-728b8c4e0575ffa199c640fb528df830{\n-webkit-border-radius:0px 0px 0px 0px;\n-moz-border-radius:0px 0px 0px 0px;\nborder-radius:0px 0px 0px 0px;\n}\n<\/style>\n<div class='flex_column av-av_one_third-728b8c4e0575ffa199c640fb528df830 av_one_third  avia-builder-el-64  el_after_av_one_third  el_before_av_one_full  flex_column_table_cell av-equal-height-column av-align-middle av-animated-generic fade-in av-zero-column-padding column-top-margin'     ><section  class='av_textblock_section av-av_textblock-283972ea15f2e73870c23e2d6de3245d' ><div class='avia_textblock' ><p>Supply and Demand<br \/>\nInstallation, performance, c. 70 x 100 cm<\/p>\n<p>The cups are carried on the back with the frame of a rucksack. Through the sale of the cups, the words dissolve, become unreadable and spread through various households. The modes of transport and of production are no longer in tune with the times but the principle of supply and demand is part of our everyday lives and is a defining factor for our world.<\/p>\n<p><em> Laura Garbers, Hamburg 2020 <\/em><\/p>\n<\/div><\/section><\/div><\/div><!--close column table wrapper. Autoclose: 1 --><div class='flex_column_table av-2gsxvhb-1118cc7ed190ef12b94344766d75b468 sc-av_one_full av-equal-height-column-flextable'>\n<style type=\"text\/css\" data-created_by=\"avia_inline_auto\" id=\"style-css-av-2gsxvhb-1118cc7ed190ef12b94344766d75b468\">\n.flex_column.av-2gsxvhb-1118cc7ed190ef12b94344766d75b468{\n-webkit-border-radius:0px 0px 0px 0px;\n-moz-border-radius:0px 0px 0px 0px;\nborder-radius:0px 0px 0px 0px;\n}\n<\/style>\n<div class='flex_column av-2gsxvhb-1118cc7ed190ef12b94344766d75b468 av_one_full  avia-builder-el-66  el_after_av_one_third  el_before_av_one_third  jo_col_empty first flex_column_table_cell av-equal-height-column av-align-top av-animated-generic fade-in av-zero-column-padding column-top-margin'     ><section  class='av_textblock_section av-2ebrkhr-7982fab1bb27e611fade3e31fb8d8b3f' ><div class='avia_textblock' ><p>invisible placeholder<\/p>\n<\/div><\/section><\/div><\/div><!--close column table wrapper. Autoclose: 1 --><div class='flex_column_table av-av_one_third-9dd532ab0d5813bed57b43564300f6f9 sc-av_one_third av-equal-height-column-flextable'>\n<style type=\"text\/css\" data-created_by=\"avia_inline_auto\" id=\"style-css-av-av_one_third-9dd532ab0d5813bed57b43564300f6f9\">\n.flex_column.av-av_one_third-9dd532ab0d5813bed57b43564300f6f9{\n-webkit-border-radius:0px 0px 0px 0px;\n-moz-border-radius:0px 0px 0px 0px;\nborder-radius:0px 0px 0px 0px;\n}\n<\/style>\n<div class='flex_column av-av_one_third-9dd532ab0d5813bed57b43564300f6f9 av_one_third  avia-builder-el-68  el_after_av_one_full  el_before_av_one_third  jo_pf_bild_bg first flex_column_table_cell av-equal-height-column av-align-middle av-animated-generic fade-in av-zero-column-padding column-top-margin'     ><p>\n<style type=\"text\/css\" data-created_by=\"avia_inline_auto\" id=\"style-css-av-av_image-79ccafc3bca02e8144d4482fddd93ed6\">\n.avia-image-container.av-av_image-79ccafc3bca02e8144d4482fddd93ed6 img.avia_image{\nbox-shadow:none;\n}\n.avia-image-container.av-av_image-79ccafc3bca02e8144d4482fddd93ed6 .av-caption-image-overlay-bg{\nopacity:0.4;\n}\n<\/style>\n<div  class='avia-image-container av-av_image-79ccafc3bca02e8144d4482fddd93ed6 av-styling-no-styling avia_animated_image av-animated-when-visible-95 fade-in avia-align-left  avia-builder-el-69  el_before_av_textblock  avia-builder-el-first  jo_pf_bild noHover av-overlay-hover-deactivate'  ><div class=\"avia-image-container-inner\"><div class=\"avia-image-overlay-wrap\"><a href=\"https:\/\/www.galerie-metzger.de\/wp-content\/uploads\/2021\/01\/Laura-Gabers-Woechnerinnenschale-Follikel-galerie-metzger-gallery-art-sculpture-plastische-arbeit-keramik-gal--1030x687.jpg\" data-srcset=\"https:\/\/www.galerie-metzger.de\/wp-content\/uploads\/2021\/01\/Laura-Gabers-Woechnerinnenschale-Follikel-galerie-metzger-gallery-art-sculpture-plastische-arbeit-keramik-gal--1030x687.jpg 1030w, https:\/\/www.galerie-metzger.de\/wp-content\/uploads\/2021\/01\/Laura-Gabers-Woechnerinnenschale-Follikel-galerie-metzger-gallery-art-sculpture-plastische-arbeit-keramik-gal--400x267.jpg 400w, https:\/\/www.galerie-metzger.de\/wp-content\/uploads\/2021\/01\/Laura-Gabers-Woechnerinnenschale-Follikel-galerie-metzger-gallery-art-sculpture-plastische-arbeit-keramik-gal--768x512.jpg 768w, https:\/\/www.galerie-metzger.de\/wp-content\/uploads\/2021\/01\/Laura-Gabers-Woechnerinnenschale-Follikel-galerie-metzger-gallery-art-sculpture-plastische-arbeit-keramik-gal--1536x1024.jpg 1536w, https:\/\/www.galerie-metzger.de\/wp-content\/uploads\/2021\/01\/Laura-Gabers-Woechnerinnenschale-Follikel-galerie-metzger-gallery-art-sculpture-plastische-arbeit-keramik-gal--2048x1365.jpg 2048w, https:\/\/www.galerie-metzger.de\/wp-content\/uploads\/2021\/01\/Laura-Gabers-Woechnerinnenschale-Follikel-galerie-metzger-gallery-art-sculpture-plastische-arbeit-keramik-gal--1500x1000.jpg 1500w, https:\/\/www.galerie-metzger.de\/wp-content\/uploads\/2021\/01\/Laura-Gabers-Woechnerinnenschale-Follikel-galerie-metzger-gallery-art-sculpture-plastische-arbeit-keramik-gal--600x400.jpg 600w, https:\/\/www.galerie-metzger.de\/wp-content\/uploads\/2021\/01\/Laura-Gabers-Woechnerinnenschale-Follikel-galerie-metzger-gallery-art-sculpture-plastische-arbeit-keramik-gal--300x200.jpg 300w, https:\/\/www.galerie-metzger.de\/wp-content\/uploads\/2021\/01\/Laura-Gabers-Woechnerinnenschale-Follikel-galerie-metzger-gallery-art-sculpture-plastische-arbeit-keramik-gal--900x600.jpg 900w, https:\/\/www.galerie-metzger.de\/wp-content\/uploads\/2021\/01\/Laura-Gabers-Woechnerinnenschale-Follikel-galerie-metzger-gallery-art-sculpture-plastische-arbeit-keramik-gal--705x470.jpg 705w, https:\/\/www.galerie-metzger.de\/wp-content\/uploads\/2021\/01\/Laura-Gabers-Woechnerinnenschale-Follikel-galerie-metzger-gallery-art-sculpture-plastische-arbeit-keramik-gal--450x300.jpg 450w\" data-sizes=\"(max-width: 1030px) 100vw, 1030px\" class='avia_image' ><div class=\"av-image-caption-overlay\"><div class=\"av-caption-image-overlay-bg\"><\/div><div class=\"av-image-caption-overlay-position\"><div class=\"av-image-caption-overlay-center\"><p>Laura Garbers \u2013 Childbed Bowl 1, Follicle \u2013, 2020, 5x14x18 cm, Foto: Laura Garbers<\/p>\n<\/div><\/div><\/div><img decoding=\"async\" class='wp-image-8850 avia-img-lazy-loading-not-8850 avia_image ' src=\"https:\/\/www.galerie-metzger.de\/wp-content\/uploads\/2021\/01\/Laura-Gabers-Woechnerinnenschale-Follikel-galerie-metzger-gallery-art-sculpture-plastische-arbeit-keramik-gal--400x267.jpg\" alt='Laura Gabers - Woechnerinnenschale 1 Follikel -' title='Laura Gabers - Woechnerinnenschale 1 Follikel -'  height=\"267\" width=\"400\" srcset=\"https:\/\/www.galerie-metzger.de\/wp-content\/uploads\/2021\/01\/Laura-Gabers-Woechnerinnenschale-Follikel-galerie-metzger-gallery-art-sculpture-plastische-arbeit-keramik-gal--400x267.jpg 400w, https:\/\/www.galerie-metzger.de\/wp-content\/uploads\/2021\/01\/Laura-Gabers-Woechnerinnenschale-Follikel-galerie-metzger-gallery-art-sculpture-plastische-arbeit-keramik-gal--1030x687.jpg 1030w, https:\/\/www.galerie-metzger.de\/wp-content\/uploads\/2021\/01\/Laura-Gabers-Woechnerinnenschale-Follikel-galerie-metzger-gallery-art-sculpture-plastische-arbeit-keramik-gal--768x512.jpg 768w, https:\/\/www.galerie-metzger.de\/wp-content\/uploads\/2021\/01\/Laura-Gabers-Woechnerinnenschale-Follikel-galerie-metzger-gallery-art-sculpture-plastische-arbeit-keramik-gal--1536x1024.jpg 1536w, https:\/\/www.galerie-metzger.de\/wp-content\/uploads\/2021\/01\/Laura-Gabers-Woechnerinnenschale-Follikel-galerie-metzger-gallery-art-sculpture-plastische-arbeit-keramik-gal--2048x1365.jpg 2048w, https:\/\/www.galerie-metzger.de\/wp-content\/uploads\/2021\/01\/Laura-Gabers-Woechnerinnenschale-Follikel-galerie-metzger-gallery-art-sculpture-plastische-arbeit-keramik-gal--1500x1000.jpg 1500w, https:\/\/www.galerie-metzger.de\/wp-content\/uploads\/2021\/01\/Laura-Gabers-Woechnerinnenschale-Follikel-galerie-metzger-gallery-art-sculpture-plastische-arbeit-keramik-gal--600x400.jpg 600w, https:\/\/www.galerie-metzger.de\/wp-content\/uploads\/2021\/01\/Laura-Gabers-Woechnerinnenschale-Follikel-galerie-metzger-gallery-art-sculpture-plastische-arbeit-keramik-gal--300x200.jpg 300w, https:\/\/www.galerie-metzger.de\/wp-content\/uploads\/2021\/01\/Laura-Gabers-Woechnerinnenschale-Follikel-galerie-metzger-gallery-art-sculpture-plastische-arbeit-keramik-gal--900x600.jpg 900w, https:\/\/www.galerie-metzger.de\/wp-content\/uploads\/2021\/01\/Laura-Gabers-Woechnerinnenschale-Follikel-galerie-metzger-gallery-art-sculpture-plastische-arbeit-keramik-gal--705x470.jpg 705w, https:\/\/www.galerie-metzger.de\/wp-content\/uploads\/2021\/01\/Laura-Gabers-Woechnerinnenschale-Follikel-galerie-metzger-gallery-art-sculpture-plastische-arbeit-keramik-gal--450x300.jpg 450w\" sizes=\"(max-width: 400px) 100vw, 400px\" \/><\/a><\/div><\/div><\/div><br \/>\n<section  class='av_textblock_section av-av_textblock-2df6986536148a6092118248b21c996c' ><div class='avia_textblock jo_werk_anfrage' ><p><a class=\"anfrage\" href=\"mailto:info@galerie-metzger.de?subject=Laura%20Gabers%20Woechnerinnenschale 1%202020\">request information<\/a><\/p>\n<\/div><\/section><\/p><\/div><div class='av-flex-placeholder'><\/div>\n<style type=\"text\/css\" data-created_by=\"avia_inline_auto\" id=\"style-css-av-av_one_third-9b5c7e58c7b47f2247f1460dc9e28d7a\">\n.flex_column.av-av_one_third-9b5c7e58c7b47f2247f1460dc9e28d7a{\n-webkit-border-radius:0px 0px 0px 0px;\n-moz-border-radius:0px 0px 0px 0px;\nborder-radius:0px 0px 0px 0px;\n}\n<\/style>\n<div class='flex_column av-av_one_third-9b5c7e58c7b47f2247f1460dc9e28d7a av_one_third  avia-builder-el-71  el_after_av_one_third  el_before_av_one_third  jo_pf_bild_bg flex_column_table_cell av-equal-height-column av-align-middle av-animated-generic fade-in av-zero-column-padding column-top-margin'     ><p>\n<style type=\"text\/css\" data-created_by=\"avia_inline_auto\" id=\"style-css-av-av_image-ddf933d3087ede4c6547e2947e8c366c\">\n.avia-image-container.av-av_image-ddf933d3087ede4c6547e2947e8c366c img.avia_image{\nbox-shadow:none;\n}\n.avia-image-container.av-av_image-ddf933d3087ede4c6547e2947e8c366c .av-caption-image-overlay-bg{\nopacity:0.4;\n}\n<\/style>\n<div  class='avia-image-container av-av_image-ddf933d3087ede4c6547e2947e8c366c av-styling-no-styling avia_animated_image av-animated-when-visible-95 fade-in avia-align-left  avia-builder-el-72  el_before_av_textblock  avia-builder-el-first  jo_pf_bild noHover av-overlay-hover-deactivate'  ><div class=\"avia-image-container-inner\"><div class=\"avia-image-overlay-wrap\"><a href=\"https:\/\/www.galerie-metzger.de\/wp-content\/uploads\/2021\/01\/Laura-Gabers-Woechnerinnenschale-Zyklus-galerie-metzger-gallery-art-sculpture-plastische-arbeit-ceramic-gal--1030x687.jpg\" data-srcset=\"https:\/\/www.galerie-metzger.de\/wp-content\/uploads\/2021\/01\/Laura-Gabers-Woechnerinnenschale-Zyklus-galerie-metzger-gallery-art-sculpture-plastische-arbeit-ceramic-gal--1030x687.jpg 1030w, https:\/\/www.galerie-metzger.de\/wp-content\/uploads\/2021\/01\/Laura-Gabers-Woechnerinnenschale-Zyklus-galerie-metzger-gallery-art-sculpture-plastische-arbeit-ceramic-gal--400x267.jpg 400w, https:\/\/www.galerie-metzger.de\/wp-content\/uploads\/2021\/01\/Laura-Gabers-Woechnerinnenschale-Zyklus-galerie-metzger-gallery-art-sculpture-plastische-arbeit-ceramic-gal--768x512.jpg 768w, https:\/\/www.galerie-metzger.de\/wp-content\/uploads\/2021\/01\/Laura-Gabers-Woechnerinnenschale-Zyklus-galerie-metzger-gallery-art-sculpture-plastische-arbeit-ceramic-gal--1536x1024.jpg 1536w, https:\/\/www.galerie-metzger.de\/wp-content\/uploads\/2021\/01\/Laura-Gabers-Woechnerinnenschale-Zyklus-galerie-metzger-gallery-art-sculpture-plastische-arbeit-ceramic-gal--2048x1365.jpg 2048w, https:\/\/www.galerie-metzger.de\/wp-content\/uploads\/2021\/01\/Laura-Gabers-Woechnerinnenschale-Zyklus-galerie-metzger-gallery-art-sculpture-plastische-arbeit-ceramic-gal--1500x1000.jpg 1500w, https:\/\/www.galerie-metzger.de\/wp-content\/uploads\/2021\/01\/Laura-Gabers-Woechnerinnenschale-Zyklus-galerie-metzger-gallery-art-sculpture-plastische-arbeit-ceramic-gal--600x400.jpg 600w, https:\/\/www.galerie-metzger.de\/wp-content\/uploads\/2021\/01\/Laura-Gabers-Woechnerinnenschale-Zyklus-galerie-metzger-gallery-art-sculpture-plastische-arbeit-ceramic-gal--300x200.jpg 300w, https:\/\/www.galerie-metzger.de\/wp-content\/uploads\/2021\/01\/Laura-Gabers-Woechnerinnenschale-Zyklus-galerie-metzger-gallery-art-sculpture-plastische-arbeit-ceramic-gal--900x600.jpg 900w, https:\/\/www.galerie-metzger.de\/wp-content\/uploads\/2021\/01\/Laura-Gabers-Woechnerinnenschale-Zyklus-galerie-metzger-gallery-art-sculpture-plastische-arbeit-ceramic-gal--705x470.jpg 705w, https:\/\/www.galerie-metzger.de\/wp-content\/uploads\/2021\/01\/Laura-Gabers-Woechnerinnenschale-Zyklus-galerie-metzger-gallery-art-sculpture-plastische-arbeit-ceramic-gal--450x300.jpg 450w\" data-sizes=\"(max-width: 1030px) 100vw, 1030px\" class='avia_image' ><div class=\"av-image-caption-overlay\"><div class=\"av-caption-image-overlay-bg\"><\/div><div class=\"av-image-caption-overlay-position\"><div class=\"av-image-caption-overlay-center\"><p>Laura Garbers \u2013 Childbed Bowl 2, Cycle \u2013, 2020, 4,5x13x17,5 cm, Foto: Laura Garbers<\/p>\n<\/div><\/div><\/div><img decoding=\"async\" class='wp-image-8852 avia-img-lazy-loading-not-8852 avia_image ' src=\"https:\/\/www.galerie-metzger.de\/wp-content\/uploads\/2021\/01\/Laura-Gabers-Woechnerinnenschale-Zyklus-galerie-metzger-gallery-art-sculpture-plastische-arbeit-ceramic-gal--400x267.jpg\" alt='Laura Gabers - Woechnerinnenschale 2 Zyklus --' title='Laura Gabers  - Woechnerinnenschale 2 Zyklus -'  height=\"267\" width=\"400\" srcset=\"https:\/\/www.galerie-metzger.de\/wp-content\/uploads\/2021\/01\/Laura-Gabers-Woechnerinnenschale-Zyklus-galerie-metzger-gallery-art-sculpture-plastische-arbeit-ceramic-gal--400x267.jpg 400w, https:\/\/www.galerie-metzger.de\/wp-content\/uploads\/2021\/01\/Laura-Gabers-Woechnerinnenschale-Zyklus-galerie-metzger-gallery-art-sculpture-plastische-arbeit-ceramic-gal--1030x687.jpg 1030w, https:\/\/www.galerie-metzger.de\/wp-content\/uploads\/2021\/01\/Laura-Gabers-Woechnerinnenschale-Zyklus-galerie-metzger-gallery-art-sculpture-plastische-arbeit-ceramic-gal--768x512.jpg 768w, https:\/\/www.galerie-metzger.de\/wp-content\/uploads\/2021\/01\/Laura-Gabers-Woechnerinnenschale-Zyklus-galerie-metzger-gallery-art-sculpture-plastische-arbeit-ceramic-gal--1536x1024.jpg 1536w, https:\/\/www.galerie-metzger.de\/wp-content\/uploads\/2021\/01\/Laura-Gabers-Woechnerinnenschale-Zyklus-galerie-metzger-gallery-art-sculpture-plastische-arbeit-ceramic-gal--2048x1365.jpg 2048w, https:\/\/www.galerie-metzger.de\/wp-content\/uploads\/2021\/01\/Laura-Gabers-Woechnerinnenschale-Zyklus-galerie-metzger-gallery-art-sculpture-plastische-arbeit-ceramic-gal--1500x1000.jpg 1500w, https:\/\/www.galerie-metzger.de\/wp-content\/uploads\/2021\/01\/Laura-Gabers-Woechnerinnenschale-Zyklus-galerie-metzger-gallery-art-sculpture-plastische-arbeit-ceramic-gal--600x400.jpg 600w, https:\/\/www.galerie-metzger.de\/wp-content\/uploads\/2021\/01\/Laura-Gabers-Woechnerinnenschale-Zyklus-galerie-metzger-gallery-art-sculpture-plastische-arbeit-ceramic-gal--300x200.jpg 300w, https:\/\/www.galerie-metzger.de\/wp-content\/uploads\/2021\/01\/Laura-Gabers-Woechnerinnenschale-Zyklus-galerie-metzger-gallery-art-sculpture-plastische-arbeit-ceramic-gal--900x600.jpg 900w, https:\/\/www.galerie-metzger.de\/wp-content\/uploads\/2021\/01\/Laura-Gabers-Woechnerinnenschale-Zyklus-galerie-metzger-gallery-art-sculpture-plastische-arbeit-ceramic-gal--705x470.jpg 705w, https:\/\/www.galerie-metzger.de\/wp-content\/uploads\/2021\/01\/Laura-Gabers-Woechnerinnenschale-Zyklus-galerie-metzger-gallery-art-sculpture-plastische-arbeit-ceramic-gal--450x300.jpg 450w\" sizes=\"(max-width: 400px) 100vw, 400px\" \/><\/a><\/div><\/div><\/div><br \/>\n<section  class='av_textblock_section av-av_textblock-2df6986536148a6092118248b21c996c' ><div class='avia_textblock jo_werk_anfrage' ><p><a class=\"anfrage\" href=\"mailto:info@galerie-metzger.de?subject=Laura%20Gabers%20Woechnerinnenschale 2%202020\">request information<\/a><\/p>\n<\/div><\/section><\/p><\/div><div class='av-flex-placeholder'><\/div>\n<style type=\"text\/css\" data-created_by=\"avia_inline_auto\" id=\"style-css-av-av_one_third-728b8c4e0575ffa199c640fb528df830\">\n.flex_column.av-av_one_third-728b8c4e0575ffa199c640fb528df830{\n-webkit-border-radius:0px 0px 0px 0px;\n-moz-border-radius:0px 0px 0px 0px;\nborder-radius:0px 0px 0px 0px;\n}\n<\/style>\n<div class='flex_column av-av_one_third-728b8c4e0575ffa199c640fb528df830 av_one_third  avia-builder-el-74  el_after_av_one_third  el_before_av_one_full  flex_column_table_cell av-equal-height-column av-align-middle av-animated-generic fade-in av-zero-column-padding column-top-margin'     ><section  class='av_textblock_section av-av_textblock-283972ea15f2e73870c23e2d6de3245d' ><div class='avia_textblock' ><p>Childbed Bowls<\/p>\n<p>In <em>W\u00f6chnerinnenschalen<\/em> (\u201cChildbed Bowls\u201d), women were served the first bowl of soup after childbirth.<br \/>\nIt was often a gift from the child\u2019s godparent and was thus an important memento. This custom existed almost all over Europe from the Middle Ages and continued into the late 19th century.<br \/>\nThe vessel of the childbed bowl is charged with meaning through the life situation in which it was used and through the rituals that accompanied it.<\/p>\n<\/div><\/section><\/div><\/div><!--close column table wrapper. Autoclose: 1 --><div class='flex_column_table av-2gsxvhb-1118cc7ed190ef12b94344766d75b468 sc-av_one_full av-equal-height-column-flextable'>\n<style type=\"text\/css\" data-created_by=\"avia_inline_auto\" id=\"style-css-av-2gsxvhb-1118cc7ed190ef12b94344766d75b468\">\n.flex_column.av-2gsxvhb-1118cc7ed190ef12b94344766d75b468{\n-webkit-border-radius:0px 0px 0px 0px;\n-moz-border-radius:0px 0px 0px 0px;\nborder-radius:0px 0px 0px 0px;\n}\n<\/style>\n<div class='flex_column av-2gsxvhb-1118cc7ed190ef12b94344766d75b468 av_one_full  avia-builder-el-76  el_after_av_one_third  el_before_av_one_third  jo_col_empty first flex_column_table_cell av-equal-height-column av-align-top av-animated-generic fade-in av-zero-column-padding column-top-margin'     ><section  class='av_textblock_section av-2ebrkhr-7982fab1bb27e611fade3e31fb8d8b3f' ><div class='avia_textblock' ><p>invisible placeholder<\/p>\n<\/div><\/section><\/div><\/div><!--close column table wrapper. Autoclose: 1 --><div class='flex_column_table av-a4qn2n-e8a9abf6d0297ce2157d36e874aeb3e6 sc-av_one_third av-equal-height-column-flextable'>\n<style type=\"text\/css\" data-created_by=\"avia_inline_auto\" id=\"style-css-av-a4qn2n-e8a9abf6d0297ce2157d36e874aeb3e6\">\n.flex_column.av-a4qn2n-e8a9abf6d0297ce2157d36e874aeb3e6{\n-webkit-border-radius:0px 0px 0px 0px;\n-moz-border-radius:0px 0px 0px 0px;\nborder-radius:0px 0px 0px 0px;\n}\n<\/style>\n<div class='flex_column av-a4qn2n-e8a9abf6d0297ce2157d36e874aeb3e6 av_one_third  avia-builder-el-78  el_after_av_one_full  el_before_av_one_third  first flex_column_table_cell av-equal-height-column av-align-top av-animated-generic fade-in av-zero-column-padding column-top-margin'     ><section  class='av_textblock_section av-av_textblock-283972ea15f2e73870c23e2d6de3245d' ><div class='avia_textblock' ><p>The mother lies in childbed with the newborn child after the exertions of giving birth.<br \/>\nAfter this momentous event, she takes nourishment again for the first time. Food that supports the process of healing, that gives the mother strength and nourishes the child through the mother\u2019s milk.<br \/>\nWhat a meaningful repast in a vessel created especially for this occasion.<\/p>\n<p><em> Laura Garbers, Hamburg 2021 <\/em><\/p>\n<\/div><\/section><\/div><div class='av-flex-placeholder'><\/div>\n<style type=\"text\/css\" data-created_by=\"avia_inline_auto\" id=\"style-css-av-av_one_third-9b5c7e58c7b47f2247f1460dc9e28d7a\">\n.flex_column.av-av_one_third-9b5c7e58c7b47f2247f1460dc9e28d7a{\n-webkit-border-radius:0px 0px 0px 0px;\n-moz-border-radius:0px 0px 0px 0px;\nborder-radius:0px 0px 0px 0px;\n}\n<\/style>\n<div class='flex_column av-av_one_third-9b5c7e58c7b47f2247f1460dc9e28d7a av_one_third  avia-builder-el-80  el_after_av_one_third  el_before_av_one_third  jo_pf_bild_bg flex_column_table_cell av-equal-height-column av-align-top av-animated-generic fade-in av-zero-column-padding column-top-margin'     ><p>\n<style type=\"text\/css\" data-created_by=\"avia_inline_auto\" id=\"style-css-av-av_image-d8e3d8bdcd2b4bb5d5f45a723b1f35ea\">\n.avia-image-container.av-av_image-d8e3d8bdcd2b4bb5d5f45a723b1f35ea img.avia_image{\nbox-shadow:none;\n}\n.avia-image-container.av-av_image-d8e3d8bdcd2b4bb5d5f45a723b1f35ea .av-caption-image-overlay-bg{\nopacity:0.4;\n}\n<\/style>\n<div  class='avia-image-container av-av_image-d8e3d8bdcd2b4bb5d5f45a723b1f35ea av-styling-no-styling avia_animated_image av-animated-when-visible-95 fade-in avia-align-left  avia-builder-el-81  el_before_av_textblock  avia-builder-el-first  jo_pf_bild noHover av-overlay-hover-deactivate'  ><div class=\"avia-image-container-inner\"><div class=\"avia-image-overlay-wrap\"><a href=\"https:\/\/www.galerie-metzger.de\/wp-content\/uploads\/2021\/01\/Laura-Gabers-Woechnerinnenschale-Kind-galerie-metzger-gallery-art-sculpture-plastische-arbeit-keramik-gal--1030x687.jpg\" data-srcset=\"https:\/\/www.galerie-metzger.de\/wp-content\/uploads\/2021\/01\/Laura-Gabers-Woechnerinnenschale-Kind-galerie-metzger-gallery-art-sculpture-plastische-arbeit-keramik-gal--1030x687.jpg 1030w, https:\/\/www.galerie-metzger.de\/wp-content\/uploads\/2021\/01\/Laura-Gabers-Woechnerinnenschale-Kind-galerie-metzger-gallery-art-sculpture-plastische-arbeit-keramik-gal--400x267.jpg 400w, https:\/\/www.galerie-metzger.de\/wp-content\/uploads\/2021\/01\/Laura-Gabers-Woechnerinnenschale-Kind-galerie-metzger-gallery-art-sculpture-plastische-arbeit-keramik-gal--768x512.jpg 768w, https:\/\/www.galerie-metzger.de\/wp-content\/uploads\/2021\/01\/Laura-Gabers-Woechnerinnenschale-Kind-galerie-metzger-gallery-art-sculpture-plastische-arbeit-keramik-gal--1536x1024.jpg 1536w, https:\/\/www.galerie-metzger.de\/wp-content\/uploads\/2021\/01\/Laura-Gabers-Woechnerinnenschale-Kind-galerie-metzger-gallery-art-sculpture-plastische-arbeit-keramik-gal--2048x1365.jpg 2048w, https:\/\/www.galerie-metzger.de\/wp-content\/uploads\/2021\/01\/Laura-Gabers-Woechnerinnenschale-Kind-galerie-metzger-gallery-art-sculpture-plastische-arbeit-keramik-gal--1500x1000.jpg 1500w, https:\/\/www.galerie-metzger.de\/wp-content\/uploads\/2021\/01\/Laura-Gabers-Woechnerinnenschale-Kind-galerie-metzger-gallery-art-sculpture-plastische-arbeit-keramik-gal--600x400.jpg 600w, https:\/\/www.galerie-metzger.de\/wp-content\/uploads\/2021\/01\/Laura-Gabers-Woechnerinnenschale-Kind-galerie-metzger-gallery-art-sculpture-plastische-arbeit-keramik-gal--300x200.jpg 300w, https:\/\/www.galerie-metzger.de\/wp-content\/uploads\/2021\/01\/Laura-Gabers-Woechnerinnenschale-Kind-galerie-metzger-gallery-art-sculpture-plastische-arbeit-keramik-gal--900x600.jpg 900w, https:\/\/www.galerie-metzger.de\/wp-content\/uploads\/2021\/01\/Laura-Gabers-Woechnerinnenschale-Kind-galerie-metzger-gallery-art-sculpture-plastische-arbeit-keramik-gal--705x470.jpg 705w, https:\/\/www.galerie-metzger.de\/wp-content\/uploads\/2021\/01\/Laura-Gabers-Woechnerinnenschale-Kind-galerie-metzger-gallery-art-sculpture-plastische-arbeit-keramik-gal--450x300.jpg 450w\" data-sizes=\"(max-width: 1030px) 100vw, 1030px\" class='avia_image' ><div class=\"av-image-caption-overlay\"><div class=\"av-caption-image-overlay-bg\"><\/div><div class=\"av-image-caption-overlay-position\"><div class=\"av-image-caption-overlay-center\"><p>Laura Garbers \u2013 Childbed Bowl 3, Child \u2013, 2020, 7x17x21 cm, Foto: Laura Garbers<\/p>\n<\/div><\/div><\/div><img decoding=\"async\" class='wp-image-8854 avia-img-lazy-loading-not-8854 avia_image ' src=\"https:\/\/www.galerie-metzger.de\/wp-content\/uploads\/2021\/01\/Laura-Gabers-Woechnerinnenschale-Kind-galerie-metzger-gallery-art-sculpture-plastische-arbeit-keramik-gal--400x267.jpg\" alt='Laura Gabers - Woechnerinnenschale 3 Kind -' title='Laura Gabers - Woechnerinnenschale 3 Kind -'  height=\"267\" width=\"400\" srcset=\"https:\/\/www.galerie-metzger.de\/wp-content\/uploads\/2021\/01\/Laura-Gabers-Woechnerinnenschale-Kind-galerie-metzger-gallery-art-sculpture-plastische-arbeit-keramik-gal--400x267.jpg 400w, https:\/\/www.galerie-metzger.de\/wp-content\/uploads\/2021\/01\/Laura-Gabers-Woechnerinnenschale-Kind-galerie-metzger-gallery-art-sculpture-plastische-arbeit-keramik-gal--1030x687.jpg 1030w, https:\/\/www.galerie-metzger.de\/wp-content\/uploads\/2021\/01\/Laura-Gabers-Woechnerinnenschale-Kind-galerie-metzger-gallery-art-sculpture-plastische-arbeit-keramik-gal--768x512.jpg 768w, https:\/\/www.galerie-metzger.de\/wp-content\/uploads\/2021\/01\/Laura-Gabers-Woechnerinnenschale-Kind-galerie-metzger-gallery-art-sculpture-plastische-arbeit-keramik-gal--1536x1024.jpg 1536w, https:\/\/www.galerie-metzger.de\/wp-content\/uploads\/2021\/01\/Laura-Gabers-Woechnerinnenschale-Kind-galerie-metzger-gallery-art-sculpture-plastische-arbeit-keramik-gal--2048x1365.jpg 2048w, https:\/\/www.galerie-metzger.de\/wp-content\/uploads\/2021\/01\/Laura-Gabers-Woechnerinnenschale-Kind-galerie-metzger-gallery-art-sculpture-plastische-arbeit-keramik-gal--1500x1000.jpg 1500w, https:\/\/www.galerie-metzger.de\/wp-content\/uploads\/2021\/01\/Laura-Gabers-Woechnerinnenschale-Kind-galerie-metzger-gallery-art-sculpture-plastische-arbeit-keramik-gal--600x400.jpg 600w, https:\/\/www.galerie-metzger.de\/wp-content\/uploads\/2021\/01\/Laura-Gabers-Woechnerinnenschale-Kind-galerie-metzger-gallery-art-sculpture-plastische-arbeit-keramik-gal--300x200.jpg 300w, https:\/\/www.galerie-metzger.de\/wp-content\/uploads\/2021\/01\/Laura-Gabers-Woechnerinnenschale-Kind-galerie-metzger-gallery-art-sculpture-plastische-arbeit-keramik-gal--900x600.jpg 900w, https:\/\/www.galerie-metzger.de\/wp-content\/uploads\/2021\/01\/Laura-Gabers-Woechnerinnenschale-Kind-galerie-metzger-gallery-art-sculpture-plastische-arbeit-keramik-gal--705x470.jpg 705w, https:\/\/www.galerie-metzger.de\/wp-content\/uploads\/2021\/01\/Laura-Gabers-Woechnerinnenschale-Kind-galerie-metzger-gallery-art-sculpture-plastische-arbeit-keramik-gal--450x300.jpg 450w\" sizes=\"(max-width: 400px) 100vw, 400px\" \/><\/a><\/div><\/div><\/div><br \/>\n<section  class='av_textblock_section av-av_textblock-2df6986536148a6092118248b21c996c' ><div class='avia_textblock jo_werk_anfrage' ><p><a class=\"anfrage\" href=\"mailto:info@galerie-metzger.de?subject=Laura%20Gabers%20Woechnerinnenschale 3%202020\">request information<\/a><\/p>\n<\/div><\/section><\/p><\/div><div class='av-flex-placeholder'><\/div>\n<style type=\"text\/css\" data-created_by=\"avia_inline_auto\" id=\"style-css-av-av_one_third-9b5c7e58c7b47f2247f1460dc9e28d7a\">\n.flex_column.av-av_one_third-9b5c7e58c7b47f2247f1460dc9e28d7a{\n-webkit-border-radius:0px 0px 0px 0px;\n-moz-border-radius:0px 0px 0px 0px;\nborder-radius:0px 0px 0px 0px;\n}\n<\/style>\n<div class='flex_column av-av_one_third-9b5c7e58c7b47f2247f1460dc9e28d7a av_one_third  avia-builder-el-83  el_after_av_one_third  el_before_av_one_full  jo_pf_bild_bg flex_column_table_cell av-equal-height-column av-align-top av-animated-generic fade-in av-zero-column-padding column-top-margin'     ><p>\n<style type=\"text\/css\" data-created_by=\"avia_inline_auto\" id=\"style-css-av-av_image-b5508633812d7cfc7233fe9ae4caeecb\">\n.avia-image-container.av-av_image-b5508633812d7cfc7233fe9ae4caeecb img.avia_image{\nbox-shadow:none;\n}\n.avia-image-container.av-av_image-b5508633812d7cfc7233fe9ae4caeecb .av-caption-image-overlay-bg{\nopacity:0.4;\n}\n<\/style>\n<div  class='avia-image-container av-av_image-b5508633812d7cfc7233fe9ae4caeecb av-styling-no-styling avia_animated_image av-animated-when-visible-95 fade-in avia-align-left  avia-builder-el-84  el_before_av_textblock  avia-builder-el-first  jo_pf_bild noHover av-overlay-hover-deactivate'  ><div class=\"avia-image-container-inner\"><div class=\"avia-image-overlay-wrap\"><a href=\"https:\/\/www.galerie-metzger.de\/wp-content\/uploads\/2021\/01\/Laura-Gabers-Woechnerinnenschale-galerie-metzger-gallery-art-sculpture-plastische-arbeit-keramik-gal--1030x687.jpg\" data-srcset=\"https:\/\/www.galerie-metzger.de\/wp-content\/uploads\/2021\/01\/Laura-Gabers-Woechnerinnenschale-galerie-metzger-gallery-art-sculpture-plastische-arbeit-keramik-gal--1030x687.jpg 1030w, https:\/\/www.galerie-metzger.de\/wp-content\/uploads\/2021\/01\/Laura-Gabers-Woechnerinnenschale-galerie-metzger-gallery-art-sculpture-plastische-arbeit-keramik-gal--400x267.jpg 400w, https:\/\/www.galerie-metzger.de\/wp-content\/uploads\/2021\/01\/Laura-Gabers-Woechnerinnenschale-galerie-metzger-gallery-art-sculpture-plastische-arbeit-keramik-gal--768x512.jpg 768w, https:\/\/www.galerie-metzger.de\/wp-content\/uploads\/2021\/01\/Laura-Gabers-Woechnerinnenschale-galerie-metzger-gallery-art-sculpture-plastische-arbeit-keramik-gal--1536x1024.jpg 1536w, https:\/\/www.galerie-metzger.de\/wp-content\/uploads\/2021\/01\/Laura-Gabers-Woechnerinnenschale-galerie-metzger-gallery-art-sculpture-plastische-arbeit-keramik-gal--2048x1365.jpg 2048w, https:\/\/www.galerie-metzger.de\/wp-content\/uploads\/2021\/01\/Laura-Gabers-Woechnerinnenschale-galerie-metzger-gallery-art-sculpture-plastische-arbeit-keramik-gal--1500x1000.jpg 1500w, https:\/\/www.galerie-metzger.de\/wp-content\/uploads\/2021\/01\/Laura-Gabers-Woechnerinnenschale-galerie-metzger-gallery-art-sculpture-plastische-arbeit-keramik-gal--600x400.jpg 600w, https:\/\/www.galerie-metzger.de\/wp-content\/uploads\/2021\/01\/Laura-Gabers-Woechnerinnenschale-galerie-metzger-gallery-art-sculpture-plastische-arbeit-keramik-gal--300x200.jpg 300w, https:\/\/www.galerie-metzger.de\/wp-content\/uploads\/2021\/01\/Laura-Gabers-Woechnerinnenschale-galerie-metzger-gallery-art-sculpture-plastische-arbeit-keramik-gal--900x600.jpg 900w, https:\/\/www.galerie-metzger.de\/wp-content\/uploads\/2021\/01\/Laura-Gabers-Woechnerinnenschale-galerie-metzger-gallery-art-sculpture-plastische-arbeit-keramik-gal--705x470.jpg 705w, https:\/\/www.galerie-metzger.de\/wp-content\/uploads\/2021\/01\/Laura-Gabers-Woechnerinnenschale-galerie-metzger-gallery-art-sculpture-plastische-arbeit-keramik-gal--450x300.jpg 450w\" data-sizes=\"(max-width: 1030px) 100vw, 1030px\" class='avia_image' ><div class=\"av-image-caption-overlay\"><div class=\"av-caption-image-overlay-bg\"><\/div><div class=\"av-image-caption-overlay-position\"><div class=\"av-image-caption-overlay-center\"><p>Laura Garbers \u2013 Childbed Bowl \u2013, 2020, 7x17x21 cm, Foto: Laura Garbers<\/p>\n<\/div><\/div><\/div><img decoding=\"async\" class='wp-image-8988 avia-img-lazy-loading-not-8988 avia_image ' src=\"https:\/\/www.galerie-metzger.de\/wp-content\/uploads\/2021\/01\/Laura-Gabers-Woechnerinnenschale-galerie-metzger-gallery-art-sculpture-plastische-arbeit-keramik-gal--400x267.jpg\" alt='Laura Gabers - Woechnerinnenschale -' title='Laura Gabers - Woechnerinnenschale -'  height=\"267\" width=\"400\" srcset=\"https:\/\/www.galerie-metzger.de\/wp-content\/uploads\/2021\/01\/Laura-Gabers-Woechnerinnenschale-galerie-metzger-gallery-art-sculpture-plastische-arbeit-keramik-gal--400x267.jpg 400w, https:\/\/www.galerie-metzger.de\/wp-content\/uploads\/2021\/01\/Laura-Gabers-Woechnerinnenschale-galerie-metzger-gallery-art-sculpture-plastische-arbeit-keramik-gal--1030x687.jpg 1030w, https:\/\/www.galerie-metzger.de\/wp-content\/uploads\/2021\/01\/Laura-Gabers-Woechnerinnenschale-galerie-metzger-gallery-art-sculpture-plastische-arbeit-keramik-gal--768x512.jpg 768w, https:\/\/www.galerie-metzger.de\/wp-content\/uploads\/2021\/01\/Laura-Gabers-Woechnerinnenschale-galerie-metzger-gallery-art-sculpture-plastische-arbeit-keramik-gal--1536x1024.jpg 1536w, https:\/\/www.galerie-metzger.de\/wp-content\/uploads\/2021\/01\/Laura-Gabers-Woechnerinnenschale-galerie-metzger-gallery-art-sculpture-plastische-arbeit-keramik-gal--2048x1365.jpg 2048w, https:\/\/www.galerie-metzger.de\/wp-content\/uploads\/2021\/01\/Laura-Gabers-Woechnerinnenschale-galerie-metzger-gallery-art-sculpture-plastische-arbeit-keramik-gal--1500x1000.jpg 1500w, https:\/\/www.galerie-metzger.de\/wp-content\/uploads\/2021\/01\/Laura-Gabers-Woechnerinnenschale-galerie-metzger-gallery-art-sculpture-plastische-arbeit-keramik-gal--600x400.jpg 600w, https:\/\/www.galerie-metzger.de\/wp-content\/uploads\/2021\/01\/Laura-Gabers-Woechnerinnenschale-galerie-metzger-gallery-art-sculpture-plastische-arbeit-keramik-gal--300x200.jpg 300w, https:\/\/www.galerie-metzger.de\/wp-content\/uploads\/2021\/01\/Laura-Gabers-Woechnerinnenschale-galerie-metzger-gallery-art-sculpture-plastische-arbeit-keramik-gal--900x600.jpg 900w, https:\/\/www.galerie-metzger.de\/wp-content\/uploads\/2021\/01\/Laura-Gabers-Woechnerinnenschale-galerie-metzger-gallery-art-sculpture-plastische-arbeit-keramik-gal--705x470.jpg 705w, https:\/\/www.galerie-metzger.de\/wp-content\/uploads\/2021\/01\/Laura-Gabers-Woechnerinnenschale-galerie-metzger-gallery-art-sculpture-plastische-arbeit-keramik-gal--450x300.jpg 450w\" sizes=\"(max-width: 400px) 100vw, 400px\" \/><\/a><\/div><\/div><\/div><br \/>\n<section  class='av_textblock_section av-av_textblock-2df6986536148a6092118248b21c996c' ><div class='avia_textblock jo_werk_anfrage' ><p><a class=\"anfrage\" href=\"mailto:info@galerie-metzger.de?subject=Laura%20Gabers%20Woechnerinnenschale 3%202020\">request information<\/a><\/p>\n<\/div><\/section><\/p><\/div><\/div><!--close column table wrapper. Autoclose: 1 --><div class='flex_column_table av-2gsxvhb-1118cc7ed190ef12b94344766d75b468 sc-av_one_full av-equal-height-column-flextable'>\n<style type=\"text\/css\" data-created_by=\"avia_inline_auto\" id=\"style-css-av-2gsxvhb-1118cc7ed190ef12b94344766d75b468\">\n.flex_column.av-2gsxvhb-1118cc7ed190ef12b94344766d75b468{\n-webkit-border-radius:0px 0px 0px 0px;\n-moz-border-radius:0px 0px 0px 0px;\nborder-radius:0px 0px 0px 0px;\n}\n<\/style>\n<div class='flex_column av-2gsxvhb-1118cc7ed190ef12b94344766d75b468 av_one_full  avia-builder-el-86  el_after_av_one_third  el_before_av_one_half  jo_col_empty first flex_column_table_cell av-equal-height-column av-align-top av-animated-generic fade-in av-zero-column-padding column-top-margin'     ><section  class='av_textblock_section av-2ebrkhr-7982fab1bb27e611fade3e31fb8d8b3f' ><div class='avia_textblock' ><p>invisible placeholder<\/p>\n<\/div><\/section><\/div><\/div><!--close column table wrapper. Autoclose: 1 --><div class='flex_column_table av-av_one_half-9dd532ab0d5813bed57b43564300f6f9 sc-av_one_half av-equal-height-column-flextable'>\n<style type=\"text\/css\" data-created_by=\"avia_inline_auto\" id=\"style-css-av-av_one_half-9dd532ab0d5813bed57b43564300f6f9\">\n.flex_column.av-av_one_half-9dd532ab0d5813bed57b43564300f6f9{\n-webkit-border-radius:0px 0px 0px 0px;\n-moz-border-radius:0px 0px 0px 0px;\nborder-radius:0px 0px 0px 0px;\n}\n<\/style>\n<div class='flex_column av-av_one_half-9dd532ab0d5813bed57b43564300f6f9 av_one_half  avia-builder-el-88  el_after_av_one_full  el_before_av_one_half  jo_pf_bild_bg first flex_column_table_cell av-equal-height-column av-align-middle av-animated-generic fade-in av-zero-column-padding column-top-margin'     ><p>\n<style type=\"text\/css\" data-created_by=\"avia_inline_auto\" id=\"style-css-av-av_image-11f7089abae4dbe7ade165330294f573\">\n.avia-image-container.av-av_image-11f7089abae4dbe7ade165330294f573 img.avia_image{\nbox-shadow:none;\n}\n.avia-image-container.av-av_image-11f7089abae4dbe7ade165330294f573 .av-caption-image-overlay-bg{\nopacity:0.4;\n}\n<\/style>\n<div  class='avia-image-container av-av_image-11f7089abae4dbe7ade165330294f573 av-styling-no-styling avia_animated_image av-animated-when-visible-95 fade-in avia-align-left  avia-builder-el-89  el_before_av_textblock  avia-builder-el-first  jo_pf_bild noHover av-overlay-hover-deactivate'  ><div class=\"avia-image-container-inner\"><div class=\"avia-image-overlay-wrap\"><a href=\"https:\/\/www.galerie-metzger.de\/wp-content\/uploads\/2021\/01\/Birgit-Hasse-Cups-galerie-metzger-gallery-porzellan-angewandte-kunst-kaufen-1030x686.jpg\" data-srcset=\"https:\/\/www.galerie-metzger.de\/wp-content\/uploads\/2021\/01\/Birgit-Hasse-Cups-galerie-metzger-gallery-porzellan-angewandte-kunst-kaufen-1030x686.jpg 1030w, https:\/\/www.galerie-metzger.de\/wp-content\/uploads\/2021\/01\/Birgit-Hasse-Cups-galerie-metzger-gallery-porzellan-angewandte-kunst-kaufen-400x267.jpg 400w, https:\/\/www.galerie-metzger.de\/wp-content\/uploads\/2021\/01\/Birgit-Hasse-Cups-galerie-metzger-gallery-porzellan-angewandte-kunst-kaufen-768x512.jpg 768w, https:\/\/www.galerie-metzger.de\/wp-content\/uploads\/2021\/01\/Birgit-Hasse-Cups-galerie-metzger-gallery-porzellan-angewandte-kunst-kaufen-1536x1024.jpg 1536w, https:\/\/www.galerie-metzger.de\/wp-content\/uploads\/2021\/01\/Birgit-Hasse-Cups-galerie-metzger-gallery-porzellan-angewandte-kunst-kaufen-2048x1365.jpg 2048w, https:\/\/www.galerie-metzger.de\/wp-content\/uploads\/2021\/01\/Birgit-Hasse-Cups-galerie-metzger-gallery-porzellan-angewandte-kunst-kaufen-1500x1000.jpg 1500w, https:\/\/www.galerie-metzger.de\/wp-content\/uploads\/2021\/01\/Birgit-Hasse-Cups-galerie-metzger-gallery-porzellan-angewandte-kunst-kaufen-600x400.jpg 600w, https:\/\/www.galerie-metzger.de\/wp-content\/uploads\/2021\/01\/Birgit-Hasse-Cups-galerie-metzger-gallery-porzellan-angewandte-kunst-kaufen-300x200.jpg 300w, https:\/\/www.galerie-metzger.de\/wp-content\/uploads\/2021\/01\/Birgit-Hasse-Cups-galerie-metzger-gallery-porzellan-angewandte-kunst-kaufen-900x600.jpg 900w, https:\/\/www.galerie-metzger.de\/wp-content\/uploads\/2021\/01\/Birgit-Hasse-Cups-galerie-metzger-gallery-porzellan-angewandte-kunst-kaufen-705x470.jpg 705w, https:\/\/www.galerie-metzger.de\/wp-content\/uploads\/2021\/01\/Birgit-Hasse-Cups-galerie-metzger-gallery-porzellan-angewandte-kunst-kaufen-450x300.jpg 450w\" data-sizes=\"(max-width: 1030px) 100vw, 1030px\" class='avia_image' ><div class=\"av-image-caption-overlay\"><div class=\"av-caption-image-overlay-bg\"><\/div><div class=\"av-image-caption-overlay-position\"><div class=\"av-image-caption-overlay-center\"><p>Birgit Hasse \u2013 Cups \u2013\u00a0, Foto: Peter H\u00e4fner<\/p>\n<\/div><\/div><\/div><img decoding=\"async\" class='wp-image-8981 avia-img-lazy-loading-not-8981 avia_image ' src=\"https:\/\/www.galerie-metzger.de\/wp-content\/uploads\/2021\/01\/Birgit-Hasse-Cups-galerie-metzger-gallery-porzellan-angewandte-kunst-kaufen-600x400.jpg\" alt='Birgit Hasse - Cups -' title='Birgit Hasse - Cups -'  height=\"330\" width=\"495\" srcset=\"https:\/\/www.galerie-metzger.de\/wp-content\/uploads\/2021\/01\/Birgit-Hasse-Cups-galerie-metzger-gallery-porzellan-angewandte-kunst-kaufen-600x400.jpg 600w, https:\/\/www.galerie-metzger.de\/wp-content\/uploads\/2021\/01\/Birgit-Hasse-Cups-galerie-metzger-gallery-porzellan-angewandte-kunst-kaufen-400x267.jpg 400w, https:\/\/www.galerie-metzger.de\/wp-content\/uploads\/2021\/01\/Birgit-Hasse-Cups-galerie-metzger-gallery-porzellan-angewandte-kunst-kaufen-1030x686.jpg 1030w, https:\/\/www.galerie-metzger.de\/wp-content\/uploads\/2021\/01\/Birgit-Hasse-Cups-galerie-metzger-gallery-porzellan-angewandte-kunst-kaufen-768x512.jpg 768w, https:\/\/www.galerie-metzger.de\/wp-content\/uploads\/2021\/01\/Birgit-Hasse-Cups-galerie-metzger-gallery-porzellan-angewandte-kunst-kaufen-1536x1024.jpg 1536w, https:\/\/www.galerie-metzger.de\/wp-content\/uploads\/2021\/01\/Birgit-Hasse-Cups-galerie-metzger-gallery-porzellan-angewandte-kunst-kaufen-2048x1365.jpg 2048w, https:\/\/www.galerie-metzger.de\/wp-content\/uploads\/2021\/01\/Birgit-Hasse-Cups-galerie-metzger-gallery-porzellan-angewandte-kunst-kaufen-1500x1000.jpg 1500w, https:\/\/www.galerie-metzger.de\/wp-content\/uploads\/2021\/01\/Birgit-Hasse-Cups-galerie-metzger-gallery-porzellan-angewandte-kunst-kaufen-300x200.jpg 300w, https:\/\/www.galerie-metzger.de\/wp-content\/uploads\/2021\/01\/Birgit-Hasse-Cups-galerie-metzger-gallery-porzellan-angewandte-kunst-kaufen-900x600.jpg 900w, https:\/\/www.galerie-metzger.de\/wp-content\/uploads\/2021\/01\/Birgit-Hasse-Cups-galerie-metzger-gallery-porzellan-angewandte-kunst-kaufen-705x470.jpg 705w, https:\/\/www.galerie-metzger.de\/wp-content\/uploads\/2021\/01\/Birgit-Hasse-Cups-galerie-metzger-gallery-porzellan-angewandte-kunst-kaufen-450x300.jpg 450w\" sizes=\"(max-width: 495px) 100vw, 495px\" \/><\/a><\/div><\/div><\/div><br \/>\n<section  class='av_textblock_section av-av_textblock-2df6986536148a6092118248b21c996c' ><div class='avia_textblock jo_werk_anfrage' ><p><a class=\"anfrage\" href=\"mailto:info@galerie-metzger.de?subject=Laura%20Gabers%20Woechnerinnenschale 3%202020\">request information<\/a><\/p>\n<\/div><\/section><\/p><\/div><div class='av-flex-placeholder'><\/div>\n<style type=\"text\/css\" data-created_by=\"avia_inline_auto\" id=\"style-css-av-2gsxvhb-ca9679bebbe6e460ec9c9d0c915ad2e5\">\n.flex_column.av-2gsxvhb-ca9679bebbe6e460ec9c9d0c915ad2e5{\n-webkit-border-radius:0px 0px 0px 0px;\n-moz-border-radius:0px 0px 0px 0px;\nborder-radius:0px 0px 0px 0px;\n}\n<\/style>\n<div class='flex_column av-2gsxvhb-ca9679bebbe6e460ec9c9d0c915ad2e5 av_one_half  avia-builder-el-91  el_after_av_one_half  el_before_av_one_full  jo_col_empty flex_column_table_cell av-equal-height-column av-align-middle av-animated-generic fade-in av-zero-column-padding column-top-margin'     ><section  class='av_textblock_section av-2ebrkhr-7982fab1bb27e611fade3e31fb8d8b3f' ><div class='avia_textblock' ><p>invisible placeholder<\/p>\n<\/div><\/section><\/div><\/div><!--close column table wrapper. Autoclose: 1 --><div class='flex_column_table av-2gsxvhb-1118cc7ed190ef12b94344766d75b468 sc-av_one_full av-equal-height-column-flextable'>\n<style type=\"text\/css\" data-created_by=\"avia_inline_auto\" id=\"style-css-av-2gsxvhb-1118cc7ed190ef12b94344766d75b468\">\n.flex_column.av-2gsxvhb-1118cc7ed190ef12b94344766d75b468{\n-webkit-border-radius:0px 0px 0px 0px;\n-moz-border-radius:0px 0px 0px 0px;\nborder-radius:0px 0px 0px 0px;\n}\n<\/style>\n<div class='flex_column av-2gsxvhb-1118cc7ed190ef12b94344766d75b468 av_one_full  avia-builder-el-93  el_after_av_one_half  el_before_av_one_third  jo_col_empty first flex_column_table_cell av-equal-height-column av-align-top av-animated-generic fade-in av-zero-column-padding column-top-margin'     ><section  class='av_textblock_section av-2ebrkhr-7982fab1bb27e611fade3e31fb8d8b3f' ><div class='avia_textblock' ><p>invisible placeholder<\/p>\n<\/div><\/section><\/div><\/div><!--close column table wrapper. Autoclose: 1 --><div class='flex_column_table av-av_one_third-9dd532ab0d5813bed57b43564300f6f9 sc-av_one_third av-equal-height-column-flextable'>\n<style type=\"text\/css\" data-created_by=\"avia_inline_auto\" id=\"style-css-av-av_one_third-9dd532ab0d5813bed57b43564300f6f9\">\n.flex_column.av-av_one_third-9dd532ab0d5813bed57b43564300f6f9{\n-webkit-border-radius:0px 0px 0px 0px;\n-moz-border-radius:0px 0px 0px 0px;\nborder-radius:0px 0px 0px 0px;\n}\n<\/style>\n<div class='flex_column av-av_one_third-9dd532ab0d5813bed57b43564300f6f9 av_one_third  avia-builder-el-95  el_after_av_one_full  el_before_av_one_third  jo_pf_bild_bg first flex_column_table_cell av-equal-height-column av-align-middle av-animated-generic fade-in av-zero-column-padding column-top-margin'     ><p>\n<style type=\"text\/css\" data-created_by=\"avia_inline_auto\" id=\"style-css-av-av_image-a110dfc3302e2710bb6919727636b6a8\">\n.avia-image-container.av-av_image-a110dfc3302e2710bb6919727636b6a8 img.avia_image{\nbox-shadow:none;\n}\n.avia-image-container.av-av_image-a110dfc3302e2710bb6919727636b6a8 .av-caption-image-overlay-bg{\nopacity:0.4;\n}\n<\/style>\n<div  class='avia-image-container av-av_image-a110dfc3302e2710bb6919727636b6a8 av-styling-no-styling avia_animated_image av-animated-when-visible-95 fade-in avia-align-left  avia-builder-el-96  el_before_av_textblock  avia-builder-el-first  jo_pf_bild noHover av-overlay-hover-deactivate'  ><div class=\"avia-image-container-inner\"><div class=\"avia-image-overlay-wrap\"><a href=\"https:\/\/www.galerie-metzger.de\/wp-content\/uploads\/2021\/01\/Karin-Kruck-Hoerter-Eisen-Topf-galerie-metzger-kunst-art-gallery-aschaffenburg-kaufen-1-1030x1010.jpg\" data-srcset=\"https:\/\/www.galerie-metzger.de\/wp-content\/uploads\/2021\/01\/Karin-Kruck-Hoerter-Eisen-Topf-galerie-metzger-kunst-art-gallery-aschaffenburg-kaufen-1-1030x1010.jpg 1030w, https:\/\/www.galerie-metzger.de\/wp-content\/uploads\/2021\/01\/Karin-Kruck-Hoerter-Eisen-Topf-galerie-metzger-kunst-art-gallery-aschaffenburg-kaufen-1-400x392.jpg 400w, https:\/\/www.galerie-metzger.de\/wp-content\/uploads\/2021\/01\/Karin-Kruck-Hoerter-Eisen-Topf-galerie-metzger-kunst-art-gallery-aschaffenburg-kaufen-1-768x753.jpg 768w, https:\/\/www.galerie-metzger.de\/wp-content\/uploads\/2021\/01\/Karin-Kruck-Hoerter-Eisen-Topf-galerie-metzger-kunst-art-gallery-aschaffenburg-kaufen-1-1536x1506.jpg 1536w, https:\/\/www.galerie-metzger.de\/wp-content\/uploads\/2021\/01\/Karin-Kruck-Hoerter-Eisen-Topf-galerie-metzger-kunst-art-gallery-aschaffenburg-kaufen-1-2048x2008.jpg 2048w, https:\/\/www.galerie-metzger.de\/wp-content\/uploads\/2021\/01\/Karin-Kruck-Hoerter-Eisen-Topf-galerie-metzger-kunst-art-gallery-aschaffenburg-kaufen-1-36x36.jpg 36w, https:\/\/www.galerie-metzger.de\/wp-content\/uploads\/2021\/01\/Karin-Kruck-Hoerter-Eisen-Topf-galerie-metzger-kunst-art-gallery-aschaffenburg-kaufen-1-1500x1471.jpg 1500w, https:\/\/www.galerie-metzger.de\/wp-content\/uploads\/2021\/01\/Karin-Kruck-Hoerter-Eisen-Topf-galerie-metzger-kunst-art-gallery-aschaffenburg-kaufen-1-705x691.jpg 705w, https:\/\/www.galerie-metzger.de\/wp-content\/uploads\/2021\/01\/Karin-Kruck-Hoerter-Eisen-Topf-galerie-metzger-kunst-art-gallery-aschaffenburg-kaufen-1-450x441.jpg 450w\" data-sizes=\"(max-width: 1030px) 100vw, 1030px\" class='avia_image' ><div class=\"av-image-caption-overlay\"><div class=\"av-caption-image-overlay-bg\"><\/div><div class=\"av-image-caption-overlay-position\"><div class=\"av-image-caption-overlay-center\"><p>Karin Kruck-H\u00f6rter \u2013 Iron pot \u2013 , 2020, 26&#215;25 cm o. R., \u00d6l auf HF, Foto: Edi Baumann<\/p>\n<\/div><\/div><\/div><img decoding=\"async\" class='wp-image-9002 avia-img-lazy-loading-not-9002 avia_image ' src=\"https:\/\/www.galerie-metzger.de\/wp-content\/uploads\/2021\/01\/Karin-Kruck-Hoerter-Eisen-Topf-galerie-metzger-kunst-art-gallery-aschaffenburg-kaufen-1-400x392.jpg\" alt='Karin Kruck-Hoerter - Eisen-Topf -' title='Karin Kruck-Hoerter - Eisen-Topf -'  height=\"392\" width=\"400\" srcset=\"https:\/\/www.galerie-metzger.de\/wp-content\/uploads\/2021\/01\/Karin-Kruck-Hoerter-Eisen-Topf-galerie-metzger-kunst-art-gallery-aschaffenburg-kaufen-1-400x392.jpg 400w, https:\/\/www.galerie-metzger.de\/wp-content\/uploads\/2021\/01\/Karin-Kruck-Hoerter-Eisen-Topf-galerie-metzger-kunst-art-gallery-aschaffenburg-kaufen-1-1030x1010.jpg 1030w, https:\/\/www.galerie-metzger.de\/wp-content\/uploads\/2021\/01\/Karin-Kruck-Hoerter-Eisen-Topf-galerie-metzger-kunst-art-gallery-aschaffenburg-kaufen-1-768x753.jpg 768w, https:\/\/www.galerie-metzger.de\/wp-content\/uploads\/2021\/01\/Karin-Kruck-Hoerter-Eisen-Topf-galerie-metzger-kunst-art-gallery-aschaffenburg-kaufen-1-1536x1506.jpg 1536w, https:\/\/www.galerie-metzger.de\/wp-content\/uploads\/2021\/01\/Karin-Kruck-Hoerter-Eisen-Topf-galerie-metzger-kunst-art-gallery-aschaffenburg-kaufen-1-2048x2008.jpg 2048w, https:\/\/www.galerie-metzger.de\/wp-content\/uploads\/2021\/01\/Karin-Kruck-Hoerter-Eisen-Topf-galerie-metzger-kunst-art-gallery-aschaffenburg-kaufen-1-36x36.jpg 36w, https:\/\/www.galerie-metzger.de\/wp-content\/uploads\/2021\/01\/Karin-Kruck-Hoerter-Eisen-Topf-galerie-metzger-kunst-art-gallery-aschaffenburg-kaufen-1-1500x1471.jpg 1500w, https:\/\/www.galerie-metzger.de\/wp-content\/uploads\/2021\/01\/Karin-Kruck-Hoerter-Eisen-Topf-galerie-metzger-kunst-art-gallery-aschaffenburg-kaufen-1-705x691.jpg 705w, https:\/\/www.galerie-metzger.de\/wp-content\/uploads\/2021\/01\/Karin-Kruck-Hoerter-Eisen-Topf-galerie-metzger-kunst-art-gallery-aschaffenburg-kaufen-1-450x441.jpg 450w\" sizes=\"(max-width: 400px) 100vw, 400px\" \/><\/a><\/div><\/div><\/div><br \/>\n<section  class='av_textblock_section av-av_textblock-2df6986536148a6092118248b21c996c' ><div class='avia_textblock jo_werk_anfrage' ><p><a class=\"anfrage\" href=\"mailto:info@galerie-metzger.de?subject=Margaret%20Curtis%20Chawan%202020\">request information<\/a><\/p>\n<\/div><\/section><\/p><\/div><div class='av-flex-placeholder'><\/div>\n<style type=\"text\/css\" data-created_by=\"avia_inline_auto\" id=\"style-css-av-av_one_third-9b5c7e58c7b47f2247f1460dc9e28d7a\">\n.flex_column.av-av_one_third-9b5c7e58c7b47f2247f1460dc9e28d7a{\n-webkit-border-radius:0px 0px 0px 0px;\n-moz-border-radius:0px 0px 0px 0px;\nborder-radius:0px 0px 0px 0px;\n}\n<\/style>\n<div class='flex_column av-av_one_third-9b5c7e58c7b47f2247f1460dc9e28d7a av_one_third  avia-builder-el-98  el_after_av_one_third  el_before_av_one_third  jo_pf_bild_bg flex_column_table_cell av-equal-height-column av-align-middle av-animated-generic fade-in av-zero-column-padding column-top-margin'     ><p>\n<style type=\"text\/css\" data-created_by=\"avia_inline_auto\" id=\"style-css-av-av_image-fa931e827bcfcb85da13da130ba4cee3\">\n.avia-image-container.av-av_image-fa931e827bcfcb85da13da130ba4cee3 img.avia_image{\nbox-shadow:none;\n}\n.avia-image-container.av-av_image-fa931e827bcfcb85da13da130ba4cee3 .av-caption-image-overlay-bg{\nopacity:0.4;\n}\n<\/style>\n<div  class='avia-image-container av-av_image-fa931e827bcfcb85da13da130ba4cee3 av-styling-no-styling avia_animated_image av-animated-when-visible-95 fade-in avia-align-left  avia-builder-el-99  el_before_av_textblock  avia-builder-el-first  jo_pf_bild noHover av-overlay-hover-deactivate'  ><div class=\"avia-image-container-inner\"><div class=\"avia-image-overlay-wrap\"><a href=\"https:\/\/www.galerie-metzger.de\/wp-content\/uploads\/2021\/02\/Karin-Kruck-Hoerter-gruene-kanne-galerie-metzger-kunst-art-gallery-aschaffenburg-kaufen-751x1030.jpg\" data-srcset=\"https:\/\/www.galerie-metzger.de\/wp-content\/uploads\/2021\/02\/Karin-Kruck-Hoerter-gruene-kanne-galerie-metzger-kunst-art-gallery-aschaffenburg-kaufen-751x1030.jpg 751w, https:\/\/www.galerie-metzger.de\/wp-content\/uploads\/2021\/02\/Karin-Kruck-Hoerter-gruene-kanne-galerie-metzger-kunst-art-gallery-aschaffenburg-kaufen-292x400.jpg 292w, https:\/\/www.galerie-metzger.de\/wp-content\/uploads\/2021\/02\/Karin-Kruck-Hoerter-gruene-kanne-galerie-metzger-kunst-art-gallery-aschaffenburg-kaufen-768x1053.jpg 768w, https:\/\/www.galerie-metzger.de\/wp-content\/uploads\/2021\/02\/Karin-Kruck-Hoerter-gruene-kanne-galerie-metzger-kunst-art-gallery-aschaffenburg-kaufen-1120x1536.jpg 1120w, https:\/\/www.galerie-metzger.de\/wp-content\/uploads\/2021\/02\/Karin-Kruck-Hoerter-gruene-kanne-galerie-metzger-kunst-art-gallery-aschaffenburg-kaufen-1493x2048.jpg 1493w, https:\/\/www.galerie-metzger.de\/wp-content\/uploads\/2021\/02\/Karin-Kruck-Hoerter-gruene-kanne-galerie-metzger-kunst-art-gallery-aschaffenburg-kaufen-1094x1500.jpg 1094w, https:\/\/www.galerie-metzger.de\/wp-content\/uploads\/2021\/02\/Karin-Kruck-Hoerter-gruene-kanne-galerie-metzger-kunst-art-gallery-aschaffenburg-kaufen-514x705.jpg 514w, https:\/\/www.galerie-metzger.de\/wp-content\/uploads\/2021\/02\/Karin-Kruck-Hoerter-gruene-kanne-galerie-metzger-kunst-art-gallery-aschaffenburg-kaufen-450x617.jpg 450w, https:\/\/www.galerie-metzger.de\/wp-content\/uploads\/2021\/02\/Karin-Kruck-Hoerter-gruene-kanne-galerie-metzger-kunst-art-gallery-aschaffenburg-kaufen-scaled.jpg 1866w\" data-sizes=\"(max-width: 751px) 100vw, 751px\" class='avia_image' ><div class=\"av-image-caption-overlay\"><div class=\"av-caption-image-overlay-bg\"><\/div><div class=\"av-image-caption-overlay-position\"><div class=\"av-image-caption-overlay-center\"><p>Karin Kruck-H\u00f6rter \u2013 green pot \u2013 , 2020, 28&#215;35 cm o. R., \u00d6l auf Holz, Foto: Edi Baumann<\/p>\n<\/div><\/div><\/div><img decoding=\"async\" class='wp-image-9233 avia-img-lazy-loading-not-9233 avia_image ' src=\"https:\/\/www.galerie-metzger.de\/wp-content\/uploads\/2021\/02\/Karin-Kruck-Hoerter-gruene-kanne-galerie-metzger-kunst-art-gallery-aschaffenburg-kaufen.jpg\" alt='Karin Kruck-Hoerter - gruene Kanne -' title='Karin Kruck-Hoerter - gruene Kanne -'  height=\"2560\" width=\"1866\"  \/><\/a><\/div><\/div><\/div><br \/>\n<section  class='av_textblock_section av-av_textblock-2df6986536148a6092118248b21c996c' ><div class='avia_textblock jo_werk_anfrage' ><p><a class=\"anfrage\" href=\"mailto:info@galerie-metzger.de?subject=Karin%20Kruck-Hoerter%20green pot\">request information<\/a><\/p>\n<\/div><\/section><\/p><\/div><div class='av-flex-placeholder'><\/div>\n<style type=\"text\/css\" data-created_by=\"avia_inline_auto\" id=\"style-css-av-av_one_third-9b5c7e58c7b47f2247f1460dc9e28d7a\">\n.flex_column.av-av_one_third-9b5c7e58c7b47f2247f1460dc9e28d7a{\n-webkit-border-radius:0px 0px 0px 0px;\n-moz-border-radius:0px 0px 0px 0px;\nborder-radius:0px 0px 0px 0px;\n}\n<\/style>\n<div class='flex_column av-av_one_third-9b5c7e58c7b47f2247f1460dc9e28d7a av_one_third  avia-builder-el-101  el_after_av_one_third  el_before_av_one_full  jo_pf_bild_bg flex_column_table_cell av-equal-height-column av-align-middle av-animated-generic fade-in av-zero-column-padding column-top-margin'     ><p>\n<style type=\"text\/css\" data-created_by=\"avia_inline_auto\" id=\"style-css-av-av_image-207a2192913766d92f197809c7877bdd\">\n.avia-image-container.av-av_image-207a2192913766d92f197809c7877bdd img.avia_image{\nbox-shadow:none;\n}\n.avia-image-container.av-av_image-207a2192913766d92f197809c7877bdd .av-caption-image-overlay-bg{\nopacity:0.4;\n}\n<\/style>\n<div  class='avia-image-container av-av_image-207a2192913766d92f197809c7877bdd av-styling-no-styling avia_animated_image av-animated-when-visible-95 fade-in avia-align-left  avia-builder-el-102  el_before_av_textblock  avia-builder-el-first  jo_pf_bild noHover av-overlay-hover-deactivate'  ><div class=\"avia-image-container-inner\"><div class=\"avia-image-overlay-wrap\"><a href=\"https:\/\/www.galerie-metzger.de\/wp-content\/uploads\/2021\/02\/Karin-Kruck-Hoerter-mit-Hyazinthe-galerie-metzger-kunst-art-gallery-aschaffenburg-kaufen.jpg\" class='avia_image' ><div class=\"av-image-caption-overlay\"><div class=\"av-caption-image-overlay-bg\"><\/div><div class=\"av-image-caption-overlay-position\"><div class=\"av-image-caption-overlay-center\"><p>Karin Kruck-H\u00f6rter \u2013 with hyacinth \u2013 , 2020, 28,5&#215;28,5 cm, \u00d6l auf Leinwand, Foto: Edi Baumann<\/p>\n<\/div><\/div><\/div><img decoding=\"async\" class='wp-image-9231 avia-img-lazy-loading-not-9231 avia_image ' src=\"https:\/\/www.galerie-metzger.de\/wp-content\/uploads\/2021\/02\/Karin-Kruck-Hoerter-mit-Hyazinthe-galerie-metzger-kunst-art-gallery-aschaffenburg-kaufen-400x400.jpg\" alt='Karin Kruck-Hoerter - mit Hyazinthe -' title='Karin Kruck-Hoerter - mit Hyazinthe -'  height=\"400\" width=\"400\" srcset=\"https:\/\/www.galerie-metzger.de\/wp-content\/uploads\/2021\/02\/Karin-Kruck-Hoerter-mit-Hyazinthe-galerie-metzger-kunst-art-gallery-aschaffenburg-kaufen-400x400.jpg 400w, https:\/\/www.galerie-metzger.de\/wp-content\/uploads\/2021\/02\/Karin-Kruck-Hoerter-mit-Hyazinthe-galerie-metzger-kunst-art-gallery-aschaffenburg-kaufen-80x80.jpg 80w, https:\/\/www.galerie-metzger.de\/wp-content\/uploads\/2021\/02\/Karin-Kruck-Hoerter-mit-Hyazinthe-galerie-metzger-kunst-art-gallery-aschaffenburg-kaufen-768x767.jpg 768w, https:\/\/www.galerie-metzger.de\/wp-content\/uploads\/2021\/02\/Karin-Kruck-Hoerter-mit-Hyazinthe-galerie-metzger-kunst-art-gallery-aschaffenburg-kaufen-1536x1534.jpg 1536w, https:\/\/www.galerie-metzger.de\/wp-content\/uploads\/2021\/02\/Karin-Kruck-Hoerter-mit-Hyazinthe-galerie-metzger-kunst-art-gallery-aschaffenburg-kaufen-2048x2045.jpg 2048w, https:\/\/www.galerie-metzger.de\/wp-content\/uploads\/2021\/02\/Karin-Kruck-Hoerter-mit-Hyazinthe-galerie-metzger-kunst-art-gallery-aschaffenburg-kaufen-36x36.jpg 36w, https:\/\/www.galerie-metzger.de\/wp-content\/uploads\/2021\/02\/Karin-Kruck-Hoerter-mit-Hyazinthe-galerie-metzger-kunst-art-gallery-aschaffenburg-kaufen-180x180.jpg 180w, https:\/\/www.galerie-metzger.de\/wp-content\/uploads\/2021\/02\/Karin-Kruck-Hoerter-mit-Hyazinthe-galerie-metzger-kunst-art-gallery-aschaffenburg-kaufen-1500x1498.jpg 1500w, https:\/\/www.galerie-metzger.de\/wp-content\/uploads\/2021\/02\/Karin-Kruck-Hoerter-mit-Hyazinthe-galerie-metzger-kunst-art-gallery-aschaffenburg-kaufen-705x705.jpg 705w, https:\/\/www.galerie-metzger.de\/wp-content\/uploads\/2021\/02\/Karin-Kruck-Hoerter-mit-Hyazinthe-galerie-metzger-kunst-art-gallery-aschaffenburg-kaufen-120x120.jpg 120w, https:\/\/www.galerie-metzger.de\/wp-content\/uploads\/2021\/02\/Karin-Kruck-Hoerter-mit-Hyazinthe-galerie-metzger-kunst-art-gallery-aschaffenburg-kaufen-450x449.jpg 450w\" sizes=\"(max-width: 400px) 100vw, 400px\" \/><\/a><\/div><\/div><\/div><br \/>\n<section  class='av_textblock_section av-av_textblock-2df6986536148a6092118248b21c996c' ><div class='avia_textblock jo_werk_anfrage' ><p><a class=\"anfrage\" href=\"mailto:info@galerie-metzger.de?subject=Karin%20Kruck-Hoerter%20mit Hyanzinthe\">request information<\/a><\/p>\n<\/div><\/section><\/p><\/div><\/div><!--close column table wrapper. Autoclose: 1 --><div class='flex_column_table av-2gsxvhb-1118cc7ed190ef12b94344766d75b468 sc-av_one_full av-equal-height-column-flextable'>\n<style type=\"text\/css\" data-created_by=\"avia_inline_auto\" id=\"style-css-av-2gsxvhb-1118cc7ed190ef12b94344766d75b468\">\n.flex_column.av-2gsxvhb-1118cc7ed190ef12b94344766d75b468{\n-webkit-border-radius:0px 0px 0px 0px;\n-moz-border-radius:0px 0px 0px 0px;\nborder-radius:0px 0px 0px 0px;\n}\n<\/style>\n<div class='flex_column av-2gsxvhb-1118cc7ed190ef12b94344766d75b468 av_one_full  avia-builder-el-104  el_after_av_one_third  el_before_av_one_half  jo_col_empty first flex_column_table_cell av-equal-height-column av-align-top av-animated-generic fade-in av-zero-column-padding column-top-margin'     ><section  class='av_textblock_section av-2ebrkhr-7982fab1bb27e611fade3e31fb8d8b3f' ><div class='avia_textblock' ><p>invisible placeholder<\/p>\n<\/div><\/section><\/div><\/div><!--close column table wrapper. Autoclose: 1 --><div class='flex_column_table av-2gsxvhb-1118cc7ed190ef12b94344766d75b468 sc-av_one_third av-equal-height-column-flextable'>\n<style type=\"text\/css\" data-created_by=\"avia_inline_auto\" id=\"style-css-av-2gsxvhb-1118cc7ed190ef12b94344766d75b468\">\n.flex_column.av-2gsxvhb-1118cc7ed190ef12b94344766d75b468{\n-webkit-border-radius:0px 0px 0px 0px;\n-moz-border-radius:0px 0px 0px 0px;\nborder-radius:0px 0px 0px 0px;\n}\n<\/style>\n<div class='flex_column av-2gsxvhb-1118cc7ed190ef12b94344766d75b468 av_one_third  jo_col_empty first flex_column_table_cell av-equal-height-column av-align-top av-animated-generic fade-in av-zero-column-padding '     ><section  class='av_textblock_section av-2ebrkhr-7982fab1bb27e611fade3e31fb8d8b3f' ><div class='avia_textblock' ><p>invisible placeholder<\/p>\n<\/div><\/section><\/div><\/div><!--close column table wrapper. Autoclose: 1 --><div class='flex_column_table av-av_two_third-9b5c7e58c7b47f2247f1460dc9e28d7a sc-av_two_third av-equal-height-column-flextable'><div class='av-flex-placeholder'><\/div>\n<style type=\"text\/css\" data-created_by=\"avia_inline_auto\" id=\"style-css-av-av_two_third-9b5c7e58c7b47f2247f1460dc9e28d7a\">\n.flex_column.av-av_two_third-9b5c7e58c7b47f2247f1460dc9e28d7a{\n-webkit-border-radius:0px 0px 0px 0px;\n-moz-border-radius:0px 0px 0px 0px;\nborder-radius:0px 0px 0px 0px;\n}\n<\/style>\n<div class='flex_column av-av_two_third-9b5c7e58c7b47f2247f1460dc9e28d7a av_two_third  jo_pf_bild_bg flex_column_table_cell av-equal-height-column av-align-top av-animated-generic fade-in av-zero-column-padding '     ><style type=\"text\/css\" data-created_by=\"avia_inline_auto\" id=\"style-css-av-av_image-5c8d4f156ed8b8736e54a1f81d8e0240\">\n.avia-image-container.av-av_image-5c8d4f156ed8b8736e54a1f81d8e0240 img.avia_image{\nbox-shadow:none;\n}\n.avia-image-container.av-av_image-5c8d4f156ed8b8736e54a1f81d8e0240 .av-caption-image-overlay-bg{\nopacity:0.4;\n}\n<\/style>\n<div  class='avia-image-container av-av_image-5c8d4f156ed8b8736e54a1f81d8e0240 av-styling-no-styling avia_animated_image av-animated-when-visible-95 fade-in avia-align-left  jo_pf_bild noHover av-overlay-hover-deactivate'  ><div class=\"avia-image-container-inner\"><div class=\"avia-image-overlay-wrap\"><a href=\"https:\/\/www.galerie-metzger.de\/wp-content\/uploads\/2021\/04\/Karin-Kruck-Hoerter-galerie-metzger-galllery-aschaffenburg-kaufen-1030x687.jpg\" data-srcset=\"https:\/\/www.galerie-metzger.de\/wp-content\/uploads\/2021\/04\/Karin-Kruck-Hoerter-galerie-metzger-galllery-aschaffenburg-kaufen-1030x687.jpg 1030w, https:\/\/www.galerie-metzger.de\/wp-content\/uploads\/2021\/04\/Karin-Kruck-Hoerter-galerie-metzger-galllery-aschaffenburg-kaufen-400x267.jpg 400w, https:\/\/www.galerie-metzger.de\/wp-content\/uploads\/2021\/04\/Karin-Kruck-Hoerter-galerie-metzger-galllery-aschaffenburg-kaufen-768x512.jpg 768w, https:\/\/www.galerie-metzger.de\/wp-content\/uploads\/2021\/04\/Karin-Kruck-Hoerter-galerie-metzger-galllery-aschaffenburg-kaufen-1536x1024.jpg 1536w, https:\/\/www.galerie-metzger.de\/wp-content\/uploads\/2021\/04\/Karin-Kruck-Hoerter-galerie-metzger-galllery-aschaffenburg-kaufen-2048x1365.jpg 2048w, https:\/\/www.galerie-metzger.de\/wp-content\/uploads\/2021\/04\/Karin-Kruck-Hoerter-galerie-metzger-galllery-aschaffenburg-kaufen-1500x1000.jpg 1500w, https:\/\/www.galerie-metzger.de\/wp-content\/uploads\/2021\/04\/Karin-Kruck-Hoerter-galerie-metzger-galllery-aschaffenburg-kaufen-600x400.jpg 600w, https:\/\/www.galerie-metzger.de\/wp-content\/uploads\/2021\/04\/Karin-Kruck-Hoerter-galerie-metzger-galllery-aschaffenburg-kaufen-300x200.jpg 300w, https:\/\/www.galerie-metzger.de\/wp-content\/uploads\/2021\/04\/Karin-Kruck-Hoerter-galerie-metzger-galllery-aschaffenburg-kaufen-900x600.jpg 900w, https:\/\/www.galerie-metzger.de\/wp-content\/uploads\/2021\/04\/Karin-Kruck-Hoerter-galerie-metzger-galllery-aschaffenburg-kaufen-705x470.jpg 705w, https:\/\/www.galerie-metzger.de\/wp-content\/uploads\/2021\/04\/Karin-Kruck-Hoerter-galerie-metzger-galllery-aschaffenburg-kaufen-450x300.jpg 450w\" data-sizes=\"(max-width: 1030px) 100vw, 1030px\" class='avia_image' ><div class=\"av-image-caption-overlay\"><div class=\"av-caption-image-overlay-bg\"><\/div><div class=\"av-image-caption-overlay-position\"><div class=\"av-image-caption-overlay-center\"><p>Karin Kruck-H\u00f6rter \u2013 view into the exhibition \u2013\u00a0 , Foto: Edi Baumann<\/p>\n<\/div><\/div><\/div><img decoding=\"async\" class='wp-image-9311 avia-img-lazy-loading-not-9311 avia_image ' src=\"https:\/\/www.galerie-metzger.de\/wp-content\/uploads\/2021\/04\/Karin-Kruck-Hoerter-galerie-metzger-galllery-aschaffenburg-kaufen-900x600.jpg\" alt='Karin Kruck-Hoerter' title='Karin Kruck-Hoerter'  height=\"563\" width=\"845\" srcset=\"https:\/\/www.galerie-metzger.de\/wp-content\/uploads\/2021\/04\/Karin-Kruck-Hoerter-galerie-metzger-galllery-aschaffenburg-kaufen-900x600.jpg 900w, https:\/\/www.galerie-metzger.de\/wp-content\/uploads\/2021\/04\/Karin-Kruck-Hoerter-galerie-metzger-galllery-aschaffenburg-kaufen-400x267.jpg 400w, https:\/\/www.galerie-metzger.de\/wp-content\/uploads\/2021\/04\/Karin-Kruck-Hoerter-galerie-metzger-galllery-aschaffenburg-kaufen-1030x687.jpg 1030w, https:\/\/www.galerie-metzger.de\/wp-content\/uploads\/2021\/04\/Karin-Kruck-Hoerter-galerie-metzger-galllery-aschaffenburg-kaufen-768x512.jpg 768w, https:\/\/www.galerie-metzger.de\/wp-content\/uploads\/2021\/04\/Karin-Kruck-Hoerter-galerie-metzger-galllery-aschaffenburg-kaufen-1536x1024.jpg 1536w, https:\/\/www.galerie-metzger.de\/wp-content\/uploads\/2021\/04\/Karin-Kruck-Hoerter-galerie-metzger-galllery-aschaffenburg-kaufen-2048x1365.jpg 2048w, https:\/\/www.galerie-metzger.de\/wp-content\/uploads\/2021\/04\/Karin-Kruck-Hoerter-galerie-metzger-galllery-aschaffenburg-kaufen-1500x1000.jpg 1500w, https:\/\/www.galerie-metzger.de\/wp-content\/uploads\/2021\/04\/Karin-Kruck-Hoerter-galerie-metzger-galllery-aschaffenburg-kaufen-600x400.jpg 600w, https:\/\/www.galerie-metzger.de\/wp-content\/uploads\/2021\/04\/Karin-Kruck-Hoerter-galerie-metzger-galllery-aschaffenburg-kaufen-300x200.jpg 300w, https:\/\/www.galerie-metzger.de\/wp-content\/uploads\/2021\/04\/Karin-Kruck-Hoerter-galerie-metzger-galllery-aschaffenburg-kaufen-705x470.jpg 705w, https:\/\/www.galerie-metzger.de\/wp-content\/uploads\/2021\/04\/Karin-Kruck-Hoerter-galerie-metzger-galllery-aschaffenburg-kaufen-450x300.jpg 450w\" sizes=\"(max-width: 845px) 100vw, 845px\" \/><\/a><\/div><\/div><\/div><\/div><\/div><!--close column table wrapper. Autoclose: 1 --><div class='flex_column_table av-av_one_full-a13f1725c40f3930d23246e96897f248 sc-av_one_full av-equal-height-column-flextable'>\n<style type=\"text\/css\" data-created_by=\"avia_inline_auto\" id=\"style-css-av-av_one_full-a13f1725c40f3930d23246e96897f248\">\n.flex_column.av-av_one_full-a13f1725c40f3930d23246e96897f248{\n-webkit-border-radius:0px 0px 0px 0px;\n-moz-border-radius:0px 0px 0px 0px;\nborder-radius:0px 0px 0px 0px;\npadding:-100px 0px 0px 0px;\n}\n<\/style>\n<div class='flex_column av-av_one_full-a13f1725c40f3930d23246e96897f248 av_one_full  jo_pf_bild_bg first flex_column_table_cell av-equal-height-column av-align-middle av-animated-generic fade-in '     ><p>\n<style type=\"text\/css\" data-created_by=\"avia_inline_auto\" id=\"style-css-av-av_image-e0b2577a3070073edcc19fece2de51b4\">\n.avia-image-container.av-av_image-e0b2577a3070073edcc19fece2de51b4 img.avia_image{\nbox-shadow:none;\n}\n.avia-image-container.av-av_image-e0b2577a3070073edcc19fece2de51b4 .av-caption-image-overlay-bg{\nopacity:0.4;\n}\n<\/style>\n<div  class='avia-image-container av-av_image-e0b2577a3070073edcc19fece2de51b4 av-styling-no-styling avia_animated_image av-animated-when-visible-95 fade-in avia-align-left  jo_pf_bild noHover av-overlay-hover-deactivate'  ><div class=\"avia-image-container-inner\"><div class=\"avia-image-overlay-wrap\"><a href=\"https:\/\/www.galerie-metzger.de\/wp-content\/uploads\/2020\/12\/Sebastian-Pertl-Henkelformen-galerie-metzger-ceramic-art-object-keramik-gallery-aschaffenburg-scaled.jpg\" class='avia_image' ><div class=\"av-image-caption-overlay\"><div class=\"av-caption-image-overlay-bg\"><\/div><div class=\"av-image-caption-overlay-position\"><div class=\"av-image-caption-overlay-center\"><p>Sebastian Pertl \u2013 Handle shapes \u2013 , Foto: Peter Litvai<\/p>\n<\/div><\/div><\/div><img decoding=\"async\" class='wp-image-8810 avia-img-lazy-loading-not-8810 avia_image ' src=\"https:\/\/www.galerie-metzger.de\/wp-content\/uploads\/2020\/12\/Sebastian-Pertl-Henkelformen-galerie-metzger-ceramic-art-object-keramik-gallery-aschaffenburg-scaled.jpg\" alt='Sebastian Pertl - Henkelformen -' title='Sebastian Pertl - Henkelformen -'  height=\"3300\" width=\"3300\"  \/><\/a><\/div><\/div><\/div><br \/>\n<section  class='av_textblock_section av-av_textblock-2df6986536148a6092118248b21c996c' ><div class='avia_textblock jo_werk_anfrage' ><p><a class=\"anfrage\" href=\"mailto:info@galerie-metzger.de?subject=Margaret%20Curtis%20Chawan%202020\">request information<\/a><\/p>\n<\/div><\/section><\/p><\/div><\/div><!--close column table wrapper. Autoclose: 1 --><div class='flex_column_table av-2gsxvhb-1118cc7ed190ef12b94344766d75b468 sc-av_one_full av-equal-height-column-flextable'>\n<style type=\"text\/css\" data-created_by=\"avia_inline_auto\" id=\"style-css-av-2gsxvhb-1118cc7ed190ef12b94344766d75b468\">\n.flex_column.av-2gsxvhb-1118cc7ed190ef12b94344766d75b468{\n-webkit-border-radius:0px 0px 0px 0px;\n-moz-border-radius:0px 0px 0px 0px;\nborder-radius:0px 0px 0px 0px;\n}\n<\/style>\n<div class='flex_column av-2gsxvhb-1118cc7ed190ef12b94344766d75b468 av_one_full  jo_col_empty first flex_column_table_cell av-equal-height-column av-align-top av-animated-generic fade-in av-zero-column-padding '     ><section  class='av_textblock_section av-2ebrkhr-7982fab1bb27e611fade3e31fb8d8b3f' ><div class='avia_textblock' ><p>invisible placeholder<\/p>\n<\/div><\/section><\/div><\/div><!--close column table wrapper. Autoclose: 1 --><div class='flex_column_table av-2gsxvhb-1118cc7ed190ef12b94344766d75b468 sc-av_one_third av-equal-height-column-flextable'>\n<style type=\"text\/css\" data-created_by=\"avia_inline_auto\" id=\"style-css-av-2gsxvhb-1118cc7ed190ef12b94344766d75b468\">\n.flex_column.av-2gsxvhb-1118cc7ed190ef12b94344766d75b468{\n-webkit-border-radius:0px 0px 0px 0px;\n-moz-border-radius:0px 0px 0px 0px;\nborder-radius:0px 0px 0px 0px;\n}\n<\/style>\n<div class='flex_column av-2gsxvhb-1118cc7ed190ef12b94344766d75b468 av_one_third  jo_col_empty first flex_column_table_cell av-equal-height-column av-align-top av-animated-generic fade-in av-zero-column-padding '     ><section  class='av_textblock_section av-2ebrkhr-7982fab1bb27e611fade3e31fb8d8b3f' ><div class='avia_textblock' ><p>invisible placeholder<\/p>\n<\/div><\/section><\/div><\/div><!--close column table wrapper. Autoclose: 1 --><div class='flex_column_table av-av_one_third-9b5c7e58c7b47f2247f1460dc9e28d7a sc-av_one_third av-equal-height-column-flextable'><div class='av-flex-placeholder'><\/div>\n<style type=\"text\/css\" data-created_by=\"avia_inline_auto\" id=\"style-css-av-av_one_third-9b5c7e58c7b47f2247f1460dc9e28d7a\">\n.flex_column.av-av_one_third-9b5c7e58c7b47f2247f1460dc9e28d7a{\n-webkit-border-radius:0px 0px 0px 0px;\n-moz-border-radius:0px 0px 0px 0px;\nborder-radius:0px 0px 0px 0px;\n}\n<\/style>\n<div class='flex_column av-av_one_third-9b5c7e58c7b47f2247f1460dc9e28d7a av_one_third  jo_pf_bild_bg flex_column_table_cell av-equal-height-column av-align-top av-animated-generic fade-in av-zero-column-padding '     ><p>\n<style type=\"text\/css\" data-created_by=\"avia_inline_auto\" id=\"style-css-av-av_image-e4b4238274aec5bbc1dec9b6e28bfa48\">\n.avia-image-container.av-av_image-e4b4238274aec5bbc1dec9b6e28bfa48 img.avia_image{\nbox-shadow:none;\n}\n.avia-image-container.av-av_image-e4b4238274aec5bbc1dec9b6e28bfa48 .av-caption-image-overlay-bg{\nopacity:0.4;\n}\n<\/style>\n<div  class='avia-image-container av-av_image-e4b4238274aec5bbc1dec9b6e28bfa48 av-styling-no-styling avia_animated_image av-animated-when-visible-95 fade-in avia-align-left  jo_pf_bild noHover av-overlay-hover-deactivate'  ><div class=\"avia-image-container-inner\"><div class=\"avia-image-overlay-wrap\"><a href=\"https:\/\/www.galerie-metzger.de\/wp-content\/uploads\/2021\/02\/Sebastian-Pertl-Henkelmann.galerie-metzger-keramik-ceramic-art-object-kunsthandwerk-gallery.jpg\" class='avia_image' ><div class=\"av-image-caption-overlay\"><div class=\"av-caption-image-overlay-bg\"><\/div><div class=\"av-image-caption-overlay-position\"><div class=\"av-image-caption-overlay-center\"><p>Sebastian Pertl \u2013 Henkelmann \u2013\u00a0, Foto: Sebastian Pert<\/p>\n<\/div><\/div><\/div><img decoding=\"async\" class='wp-image-9212 avia-img-lazy-loading-not-9212 avia_image ' src=\"https:\/\/www.galerie-metzger.de\/wp-content\/uploads\/2021\/02\/Sebastian-Pertl-Henkelmann.galerie-metzger-keramik-ceramic-art-object-kunsthandwerk-gallery-400x400.jpg\" alt='Sebastian Pertl - Henkelmann -' title='Sebastian Pertl - Henkelmann -'  height=\"400\" width=\"400\" srcset=\"https:\/\/www.galerie-metzger.de\/wp-content\/uploads\/2021\/02\/Sebastian-Pertl-Henkelmann.galerie-metzger-keramik-ceramic-art-object-kunsthandwerk-gallery-400x400.jpg 400w, https:\/\/www.galerie-metzger.de\/wp-content\/uploads\/2021\/02\/Sebastian-Pertl-Henkelmann.galerie-metzger-keramik-ceramic-art-object-kunsthandwerk-gallery-80x80.jpg 80w, https:\/\/www.galerie-metzger.de\/wp-content\/uploads\/2021\/02\/Sebastian-Pertl-Henkelmann.galerie-metzger-keramik-ceramic-art-object-kunsthandwerk-gallery-768x768.jpg 768w, https:\/\/www.galerie-metzger.de\/wp-content\/uploads\/2021\/02\/Sebastian-Pertl-Henkelmann.galerie-metzger-keramik-ceramic-art-object-kunsthandwerk-gallery-1536x1536.jpg 1536w, https:\/\/www.galerie-metzger.de\/wp-content\/uploads\/2021\/02\/Sebastian-Pertl-Henkelmann.galerie-metzger-keramik-ceramic-art-object-kunsthandwerk-gallery-2048x2048.jpg 2048w, https:\/\/www.galerie-metzger.de\/wp-content\/uploads\/2021\/02\/Sebastian-Pertl-Henkelmann.galerie-metzger-keramik-ceramic-art-object-kunsthandwerk-gallery-36x36.jpg 36w, https:\/\/www.galerie-metzger.de\/wp-content\/uploads\/2021\/02\/Sebastian-Pertl-Henkelmann.galerie-metzger-keramik-ceramic-art-object-kunsthandwerk-gallery-180x180.jpg 180w, https:\/\/www.galerie-metzger.de\/wp-content\/uploads\/2021\/02\/Sebastian-Pertl-Henkelmann.galerie-metzger-keramik-ceramic-art-object-kunsthandwerk-gallery-1500x1500.jpg 1500w, https:\/\/www.galerie-metzger.de\/wp-content\/uploads\/2021\/02\/Sebastian-Pertl-Henkelmann.galerie-metzger-keramik-ceramic-art-object-kunsthandwerk-gallery-705x705.jpg 705w, https:\/\/www.galerie-metzger.de\/wp-content\/uploads\/2021\/02\/Sebastian-Pertl-Henkelmann.galerie-metzger-keramik-ceramic-art-object-kunsthandwerk-gallery-120x120.jpg 120w, https:\/\/www.galerie-metzger.de\/wp-content\/uploads\/2021\/02\/Sebastian-Pertl-Henkelmann.galerie-metzger-keramik-ceramic-art-object-kunsthandwerk-gallery-450x450.jpg 450w\" sizes=\"(max-width: 400px) 100vw, 400px\" \/><\/a><\/div><\/div><\/div><br \/>\n<section  class='av_textblock_section av-av_textblock-2df6986536148a6092118248b21c996c' ><div class='avia_textblock jo_werk_anfrage' ><p><a class=\"anfrage\" href=\"mailto:info@galerie-metzger.de?subject=Margaret%20Curtis%20Chawan%202020\">request information<\/a><\/p>\n<\/div><\/section><\/p><\/div><\/div><!--close column table wrapper. Autoclose: 1 --><div class='flex_column_table av-av_one_third-9b5c7e58c7b47f2247f1460dc9e28d7a sc-av_one_third av-equal-height-column-flextable'><div class='av-flex-placeholder'><\/div>\n<style type=\"text\/css\" data-created_by=\"avia_inline_auto\" id=\"style-css-av-av_one_third-9b5c7e58c7b47f2247f1460dc9e28d7a\">\n.flex_column.av-av_one_third-9b5c7e58c7b47f2247f1460dc9e28d7a{\n-webkit-border-radius:0px 0px 0px 0px;\n-moz-border-radius:0px 0px 0px 0px;\nborder-radius:0px 0px 0px 0px;\n}\n<\/style>\n<div class='flex_column av-av_one_third-9b5c7e58c7b47f2247f1460dc9e28d7a av_one_third  jo_pf_bild_bg flex_column_table_cell av-equal-height-column av-align-top av-animated-generic fade-in av-zero-column-padding '     ><p>\n<style type=\"text\/css\" data-created_by=\"avia_inline_auto\" id=\"style-css-av-av_image-06c8798fb193ed944e2f473266d5867d\">\n.avia-image-container.av-av_image-06c8798fb193ed944e2f473266d5867d img.avia_image{\nbox-shadow:none;\n}\n.avia-image-container.av-av_image-06c8798fb193ed944e2f473266d5867d .av-caption-image-overlay-bg{\nopacity:0.4;\n}\n<\/style>\n<div  class='avia-image-container av-av_image-06c8798fb193ed944e2f473266d5867d av-styling-no-styling avia_animated_image av-animated-when-visible-95 fade-in avia-align-left  jo_pf_bild noHover av-overlay-hover-deactivate'  ><div class=\"avia-image-container-inner\"><div class=\"avia-image-overlay-wrap\"><a href=\"https:\/\/www.galerie-metzger.de\/wp-content\/uploads\/2021\/02\/Sebastian-Pertl-Henkelmann.galerie-metzger-keramik-ceramic-art-object-kunsthandwerk-gallery-kaufen.jpg\" class='avia_image' ><div class=\"av-image-caption-overlay\"><div class=\"av-caption-image-overlay-bg\"><\/div><div class=\"av-image-caption-overlay-position\"><div class=\"av-image-caption-overlay-center\"><p>Sebastian Pertl \u2013 Henkelmann \u2013\u00a0, Foto: Sebastian Pert<\/p>\n<\/div><\/div><\/div><img decoding=\"async\" class='wp-image-9214 avia-img-lazy-loading-not-9214 avia_image ' src=\"https:\/\/www.galerie-metzger.de\/wp-content\/uploads\/2021\/02\/Sebastian-Pertl-Henkelmann.galerie-metzger-keramik-ceramic-art-object-kunsthandwerk-gallery-kaufen-400x400.jpg\" alt='Sebastian Pertl - Henkelmann -' title='Sebastian Pertl - Henkelmann -'  height=\"400\" width=\"400\" srcset=\"https:\/\/www.galerie-metzger.de\/wp-content\/uploads\/2021\/02\/Sebastian-Pertl-Henkelmann.galerie-metzger-keramik-ceramic-art-object-kunsthandwerk-gallery-kaufen-400x400.jpg 400w, https:\/\/www.galerie-metzger.de\/wp-content\/uploads\/2021\/02\/Sebastian-Pertl-Henkelmann.galerie-metzger-keramik-ceramic-art-object-kunsthandwerk-gallery-kaufen-80x80.jpg 80w, https:\/\/www.galerie-metzger.de\/wp-content\/uploads\/2021\/02\/Sebastian-Pertl-Henkelmann.galerie-metzger-keramik-ceramic-art-object-kunsthandwerk-gallery-kaufen-768x768.jpg 768w, https:\/\/www.galerie-metzger.de\/wp-content\/uploads\/2021\/02\/Sebastian-Pertl-Henkelmann.galerie-metzger-keramik-ceramic-art-object-kunsthandwerk-gallery-kaufen-1536x1536.jpg 1536w, https:\/\/www.galerie-metzger.de\/wp-content\/uploads\/2021\/02\/Sebastian-Pertl-Henkelmann.galerie-metzger-keramik-ceramic-art-object-kunsthandwerk-gallery-kaufen-2048x2048.jpg 2048w, https:\/\/www.galerie-metzger.de\/wp-content\/uploads\/2021\/02\/Sebastian-Pertl-Henkelmann.galerie-metzger-keramik-ceramic-art-object-kunsthandwerk-gallery-kaufen-36x36.jpg 36w, https:\/\/www.galerie-metzger.de\/wp-content\/uploads\/2021\/02\/Sebastian-Pertl-Henkelmann.galerie-metzger-keramik-ceramic-art-object-kunsthandwerk-gallery-kaufen-180x180.jpg 180w, https:\/\/www.galerie-metzger.de\/wp-content\/uploads\/2021\/02\/Sebastian-Pertl-Henkelmann.galerie-metzger-keramik-ceramic-art-object-kunsthandwerk-gallery-kaufen-1500x1500.jpg 1500w, https:\/\/www.galerie-metzger.de\/wp-content\/uploads\/2021\/02\/Sebastian-Pertl-Henkelmann.galerie-metzger-keramik-ceramic-art-object-kunsthandwerk-gallery-kaufen-705x705.jpg 705w, https:\/\/www.galerie-metzger.de\/wp-content\/uploads\/2021\/02\/Sebastian-Pertl-Henkelmann.galerie-metzger-keramik-ceramic-art-object-kunsthandwerk-gallery-kaufen-120x120.jpg 120w, https:\/\/www.galerie-metzger.de\/wp-content\/uploads\/2021\/02\/Sebastian-Pertl-Henkelmann.galerie-metzger-keramik-ceramic-art-object-kunsthandwerk-gallery-kaufen-450x450.jpg 450w\" sizes=\"(max-width: 400px) 100vw, 400px\" \/><\/a><\/div><\/div><\/div><br \/>\n<section  class='av_textblock_section av-av_textblock-2df6986536148a6092118248b21c996c' ><div class='avia_textblock jo_werk_anfrage' ><p><a class=\"anfrage\" href=\"mailto:info@galerie-metzger.de?subject=Margaret%20Curtis%20Chawan%202020\">request information<\/a><\/p>\n<\/div><\/section><\/p><\/div><\/div><!--close column table wrapper. Autoclose: 1 --><div class='flex_column_table av-2gsxvhb-1118cc7ed190ef12b94344766d75b468 sc-av_one_full av-equal-height-column-flextable'>\n<style type=\"text\/css\" data-created_by=\"avia_inline_auto\" id=\"style-css-av-2gsxvhb-1118cc7ed190ef12b94344766d75b468\">\n.flex_column.av-2gsxvhb-1118cc7ed190ef12b94344766d75b468{\n-webkit-border-radius:0px 0px 0px 0px;\n-moz-border-radius:0px 0px 0px 0px;\nborder-radius:0px 0px 0px 0px;\n}\n<\/style>\n<div class='flex_column av-2gsxvhb-1118cc7ed190ef12b94344766d75b468 av_one_full  jo_col_empty first flex_column_table_cell av-equal-height-column av-align-top av-animated-generic fade-in av-zero-column-padding '     ><section  class='av_textblock_section av-2ebrkhr-7982fab1bb27e611fade3e31fb8d8b3f' ><div class='avia_textblock' ><p>invisible placeholder<\/p>\n<\/div><\/section><\/div><\/div><!--close column table wrapper. Autoclose: 1 --><div class='flex_column_table av-av_one_third-9dd532ab0d5813bed57b43564300f6f9 sc-av_one_third av-equal-height-column-flextable'>\n<style type=\"text\/css\" data-created_by=\"avia_inline_auto\" id=\"style-css-av-av_one_third-9dd532ab0d5813bed57b43564300f6f9\">\n.flex_column.av-av_one_third-9dd532ab0d5813bed57b43564300f6f9{\n-webkit-border-radius:0px 0px 0px 0px;\n-moz-border-radius:0px 0px 0px 0px;\nborder-radius:0px 0px 0px 0px;\n}\n<\/style>\n<div class='flex_column av-av_one_third-9dd532ab0d5813bed57b43564300f6f9 av_one_third  jo_pf_bild_bg first flex_column_table_cell av-equal-height-column av-align-middle av-animated-generic fade-in av-zero-column-padding '     ><p>\n<style type=\"text\/css\" data-created_by=\"avia_inline_auto\" id=\"style-css-av-av_image-cf9fef3747d8df9fde85f47c84111f58\">\n.avia-image-container.av-av_image-cf9fef3747d8df9fde85f47c84111f58 img.avia_image{\nbox-shadow:none;\n}\n.avia-image-container.av-av_image-cf9fef3747d8df9fde85f47c84111f58 .av-caption-image-overlay-bg{\nopacity:0.4;\n}\n<\/style>\n<div  class='avia-image-container av-av_image-cf9fef3747d8df9fde85f47c84111f58 av-styling-no-styling avia_animated_image av-animated-when-visible-95 fade-in avia-align-left  jo_pf_bild noHover av-overlay-hover-deactivate'  ><div class=\"avia-image-container-inner\"><div class=\"avia-image-overlay-wrap\"><a href=\"https:\/\/www.galerie-metzger.de\/wp-content\/uploads\/2021\/01\/Milan-Peters-Henkelform-galerie-metzger-keramik-ceramic-art-object-gallery-kaufen-1030x1030.jpg\" data-srcset=\"https:\/\/www.galerie-metzger.de\/wp-content\/uploads\/2021\/01\/Milan-Peters-Henkelform-galerie-metzger-keramik-ceramic-art-object-gallery-kaufen-1030x1030.jpg 1030w, https:\/\/www.galerie-metzger.de\/wp-content\/uploads\/2021\/01\/Milan-Peters-Henkelform-galerie-metzger-keramik-ceramic-art-object-gallery-kaufen-400x400.jpg 400w, https:\/\/www.galerie-metzger.de\/wp-content\/uploads\/2021\/01\/Milan-Peters-Henkelform-galerie-metzger-keramik-ceramic-art-object-gallery-kaufen-80x80.jpg 80w, https:\/\/www.galerie-metzger.de\/wp-content\/uploads\/2021\/01\/Milan-Peters-Henkelform-galerie-metzger-keramik-ceramic-art-object-gallery-kaufen-768x768.jpg 768w, https:\/\/www.galerie-metzger.de\/wp-content\/uploads\/2021\/01\/Milan-Peters-Henkelform-galerie-metzger-keramik-ceramic-art-object-gallery-kaufen-1536x1536.jpg 1536w, https:\/\/www.galerie-metzger.de\/wp-content\/uploads\/2021\/01\/Milan-Peters-Henkelform-galerie-metzger-keramik-ceramic-art-object-gallery-kaufen-2048x2048.jpg 2048w, https:\/\/www.galerie-metzger.de\/wp-content\/uploads\/2021\/01\/Milan-Peters-Henkelform-galerie-metzger-keramik-ceramic-art-object-gallery-kaufen-36x36.jpg 36w, https:\/\/www.galerie-metzger.de\/wp-content\/uploads\/2021\/01\/Milan-Peters-Henkelform-galerie-metzger-keramik-ceramic-art-object-gallery-kaufen-180x180.jpg 180w, https:\/\/www.galerie-metzger.de\/wp-content\/uploads\/2021\/01\/Milan-Peters-Henkelform-galerie-metzger-keramik-ceramic-art-object-gallery-kaufen-1500x1500.jpg 1500w, https:\/\/www.galerie-metzger.de\/wp-content\/uploads\/2021\/01\/Milan-Peters-Henkelform-galerie-metzger-keramik-ceramic-art-object-gallery-kaufen-705x705.jpg 705w, https:\/\/www.galerie-metzger.de\/wp-content\/uploads\/2021\/01\/Milan-Peters-Henkelform-galerie-metzger-keramik-ceramic-art-object-gallery-kaufen-120x120.jpg 120w, https:\/\/www.galerie-metzger.de\/wp-content\/uploads\/2021\/01\/Milan-Peters-Henkelform-galerie-metzger-keramik-ceramic-art-object-gallery-kaufen-450x450.jpg 450w\" data-sizes=\"(max-width: 1030px) 100vw, 1030px\" class='avia_image' ><div class=\"av-image-caption-overlay\"><div class=\"av-caption-image-overlay-bg\"><\/div><div class=\"av-image-caption-overlay-position\"><div class=\"av-image-caption-overlay-center\"><p>Milan Peters \u2013 Handle shape \u2013 2021, Foto: Milan Peters<\/p>\n<\/div><\/div><\/div><img decoding=\"async\" class='wp-image-8893 avia-img-lazy-loading-not-8893 avia_image ' src=\"https:\/\/www.galerie-metzger.de\/wp-content\/uploads\/2021\/01\/Milan-Peters-Henkelform-galerie-metzger-keramik-ceramic-art-object-gallery-kaufen-400x400.jpg\" alt='Milan Peters - Henkelform -' title='Milan Peters - Henkelform -'  height=\"400\" width=\"400\" srcset=\"https:\/\/www.galerie-metzger.de\/wp-content\/uploads\/2021\/01\/Milan-Peters-Henkelform-galerie-metzger-keramik-ceramic-art-object-gallery-kaufen-400x400.jpg 400w, https:\/\/www.galerie-metzger.de\/wp-content\/uploads\/2021\/01\/Milan-Peters-Henkelform-galerie-metzger-keramik-ceramic-art-object-gallery-kaufen-1030x1030.jpg 1030w, https:\/\/www.galerie-metzger.de\/wp-content\/uploads\/2021\/01\/Milan-Peters-Henkelform-galerie-metzger-keramik-ceramic-art-object-gallery-kaufen-80x80.jpg 80w, https:\/\/www.galerie-metzger.de\/wp-content\/uploads\/2021\/01\/Milan-Peters-Henkelform-galerie-metzger-keramik-ceramic-art-object-gallery-kaufen-768x768.jpg 768w, https:\/\/www.galerie-metzger.de\/wp-content\/uploads\/2021\/01\/Milan-Peters-Henkelform-galerie-metzger-keramik-ceramic-art-object-gallery-kaufen-1536x1536.jpg 1536w, https:\/\/www.galerie-metzger.de\/wp-content\/uploads\/2021\/01\/Milan-Peters-Henkelform-galerie-metzger-keramik-ceramic-art-object-gallery-kaufen-2048x2048.jpg 2048w, https:\/\/www.galerie-metzger.de\/wp-content\/uploads\/2021\/01\/Milan-Peters-Henkelform-galerie-metzger-keramik-ceramic-art-object-gallery-kaufen-36x36.jpg 36w, https:\/\/www.galerie-metzger.de\/wp-content\/uploads\/2021\/01\/Milan-Peters-Henkelform-galerie-metzger-keramik-ceramic-art-object-gallery-kaufen-180x180.jpg 180w, https:\/\/www.galerie-metzger.de\/wp-content\/uploads\/2021\/01\/Milan-Peters-Henkelform-galerie-metzger-keramik-ceramic-art-object-gallery-kaufen-1500x1500.jpg 1500w, https:\/\/www.galerie-metzger.de\/wp-content\/uploads\/2021\/01\/Milan-Peters-Henkelform-galerie-metzger-keramik-ceramic-art-object-gallery-kaufen-705x705.jpg 705w, https:\/\/www.galerie-metzger.de\/wp-content\/uploads\/2021\/01\/Milan-Peters-Henkelform-galerie-metzger-keramik-ceramic-art-object-gallery-kaufen-120x120.jpg 120w, https:\/\/www.galerie-metzger.de\/wp-content\/uploads\/2021\/01\/Milan-Peters-Henkelform-galerie-metzger-keramik-ceramic-art-object-gallery-kaufen-450x450.jpg 450w\" sizes=\"(max-width: 400px) 100vw, 400px\" \/><\/a><\/div><\/div><\/div><br \/>\n<section  class='av_textblock_section av-av_textblock-2df6986536148a6092118248b21c996c' ><div class='avia_textblock jo_werk_anfrage' ><p><a class=\"anfrage\" href=\"mailto:info@galerie-metzger.de?subject=Gotlind%20Weigel%20Form%201992\">Request information<\/a><\/p>\n<\/div><\/section><\/p><\/div><\/div><!--close column table wrapper. Autoclose: 1 --><div class='flex_column_table av-av_one_third-9b5c7e58c7b47f2247f1460dc9e28d7a sc-av_one_third av-equal-height-column-flextable'><div class='av-flex-placeholder'><\/div>\n<style type=\"text\/css\" data-created_by=\"avia_inline_auto\" id=\"style-css-av-av_one_third-9b5c7e58c7b47f2247f1460dc9e28d7a\">\n.flex_column.av-av_one_third-9b5c7e58c7b47f2247f1460dc9e28d7a{\n-webkit-border-radius:0px 0px 0px 0px;\n-moz-border-radius:0px 0px 0px 0px;\nborder-radius:0px 0px 0px 0px;\n}\n<\/style>\n<div class='flex_column av-av_one_third-9b5c7e58c7b47f2247f1460dc9e28d7a av_one_third  jo_pf_bild_bg flex_column_table_cell av-equal-height-column av-align-middle av-animated-generic fade-in av-zero-column-padding '     ><p>\n<style type=\"text\/css\" data-created_by=\"avia_inline_auto\" id=\"style-css-av-av_image-6672e983c5af821b2fb15e29eeb4322e\">\n.avia-image-container.av-av_image-6672e983c5af821b2fb15e29eeb4322e img.avia_image{\nbox-shadow:none;\n}\n.avia-image-container.av-av_image-6672e983c5af821b2fb15e29eeb4322e .av-caption-image-overlay-bg{\nopacity:0.4;\n}\n<\/style>\n<div  class='avia-image-container av-av_image-6672e983c5af821b2fb15e29eeb4322e av-styling-no-styling avia_animated_image av-animated-when-visible-95 fade-in avia-align-left  jo_pf_bild noHover av-overlay-hover-deactivate'  ><div class=\"avia-image-container-inner\"><div class=\"avia-image-overlay-wrap\"><a href=\"https:\/\/www.galerie-metzger.de\/wp-content\/uploads\/2021\/04\/Milan-Peters-Henkelformen-galerie-metzger-keramik-ceramic-art-object-gallery-kaufen-1030x496.jpg\" data-srcset=\"https:\/\/www.galerie-metzger.de\/wp-content\/uploads\/2021\/04\/Milan-Peters-Henkelformen-galerie-metzger-keramik-ceramic-art-object-gallery-kaufen-1030x496.jpg 1030w, https:\/\/www.galerie-metzger.de\/wp-content\/uploads\/2021\/04\/Milan-Peters-Henkelformen-galerie-metzger-keramik-ceramic-art-object-gallery-kaufen-400x192.jpg 400w, https:\/\/www.galerie-metzger.de\/wp-content\/uploads\/2021\/04\/Milan-Peters-Henkelformen-galerie-metzger-keramik-ceramic-art-object-gallery-kaufen-768x370.jpg 768w, https:\/\/www.galerie-metzger.de\/wp-content\/uploads\/2021\/04\/Milan-Peters-Henkelformen-galerie-metzger-keramik-ceramic-art-object-gallery-kaufen-1536x739.jpg 1536w, https:\/\/www.galerie-metzger.de\/wp-content\/uploads\/2021\/04\/Milan-Peters-Henkelformen-galerie-metzger-keramik-ceramic-art-object-gallery-kaufen-2048x986.jpg 2048w, https:\/\/www.galerie-metzger.de\/wp-content\/uploads\/2021\/04\/Milan-Peters-Henkelformen-galerie-metzger-keramik-ceramic-art-object-gallery-kaufen-1500x722.jpg 1500w, https:\/\/www.galerie-metzger.de\/wp-content\/uploads\/2021\/04\/Milan-Peters-Henkelformen-galerie-metzger-keramik-ceramic-art-object-gallery-kaufen-705x339.jpg 705w, https:\/\/www.galerie-metzger.de\/wp-content\/uploads\/2021\/04\/Milan-Peters-Henkelformen-galerie-metzger-keramik-ceramic-art-object-gallery-kaufen-450x217.jpg 450w\" data-sizes=\"(max-width: 1030px) 100vw, 1030px\" class='avia_image' ><div class=\"av-image-caption-overlay\"><div class=\"av-caption-image-overlay-bg\"><\/div><div class=\"av-image-caption-overlay-position\"><div class=\"av-image-caption-overlay-center\"><p>Milan Peters \u2013 Handle shapes \u2013 2021, Foto: Milan Peters<\/p>\n<\/div><\/div><\/div><img decoding=\"async\" class='wp-image-9319 avia-img-lazy-loading-not-9319 avia_image ' src=\"https:\/\/www.galerie-metzger.de\/wp-content\/uploads\/2021\/04\/Milan-Peters-Henkelformen-galerie-metzger-keramik-ceramic-art-object-gallery-kaufen-400x192.jpg\" alt='Milan Peters - Henkelformen' title='Milan Peters - Henkelformen'  height=\"192\" width=\"400\" srcset=\"https:\/\/www.galerie-metzger.de\/wp-content\/uploads\/2021\/04\/Milan-Peters-Henkelformen-galerie-metzger-keramik-ceramic-art-object-gallery-kaufen-400x192.jpg 400w, https:\/\/www.galerie-metzger.de\/wp-content\/uploads\/2021\/04\/Milan-Peters-Henkelformen-galerie-metzger-keramik-ceramic-art-object-gallery-kaufen-1030x496.jpg 1030w, https:\/\/www.galerie-metzger.de\/wp-content\/uploads\/2021\/04\/Milan-Peters-Henkelformen-galerie-metzger-keramik-ceramic-art-object-gallery-kaufen-768x370.jpg 768w, https:\/\/www.galerie-metzger.de\/wp-content\/uploads\/2021\/04\/Milan-Peters-Henkelformen-galerie-metzger-keramik-ceramic-art-object-gallery-kaufen-1536x739.jpg 1536w, https:\/\/www.galerie-metzger.de\/wp-content\/uploads\/2021\/04\/Milan-Peters-Henkelformen-galerie-metzger-keramik-ceramic-art-object-gallery-kaufen-2048x986.jpg 2048w, https:\/\/www.galerie-metzger.de\/wp-content\/uploads\/2021\/04\/Milan-Peters-Henkelformen-galerie-metzger-keramik-ceramic-art-object-gallery-kaufen-1500x722.jpg 1500w, https:\/\/www.galerie-metzger.de\/wp-content\/uploads\/2021\/04\/Milan-Peters-Henkelformen-galerie-metzger-keramik-ceramic-art-object-gallery-kaufen-705x339.jpg 705w, https:\/\/www.galerie-metzger.de\/wp-content\/uploads\/2021\/04\/Milan-Peters-Henkelformen-galerie-metzger-keramik-ceramic-art-object-gallery-kaufen-450x217.jpg 450w\" sizes=\"(max-width: 400px) 100vw, 400px\" \/><\/a><\/div><\/div><\/div><br \/>\n<section  class='av_textblock_section av-av_textblock-2df6986536148a6092118248b21c996c' ><div class='avia_textblock jo_werk_anfrage' ><p><a class=\"anfrage\" href=\"mailto:info@galerie-metzger.de?subject=Margaret%20Curtis%20Chawan%202020\">request information<\/a><\/p>\n<\/div><\/section><\/p><\/div><\/div><!--close column table wrapper. Autoclose: 1 --><div class='flex_column_table av-av_one_third-9b5c7e58c7b47f2247f1460dc9e28d7a sc-av_one_third av-equal-height-column-flextable'><div class='av-flex-placeholder'><\/div>\n<style type=\"text\/css\" data-created_by=\"avia_inline_auto\" id=\"style-css-av-av_one_third-9b5c7e58c7b47f2247f1460dc9e28d7a\">\n.flex_column.av-av_one_third-9b5c7e58c7b47f2247f1460dc9e28d7a{\n-webkit-border-radius:0px 0px 0px 0px;\n-moz-border-radius:0px 0px 0px 0px;\nborder-radius:0px 0px 0px 0px;\n}\n<\/style>\n<div class='flex_column av-av_one_third-9b5c7e58c7b47f2247f1460dc9e28d7a av_one_third  jo_pf_bild_bg flex_column_table_cell av-equal-height-column av-align-middle av-animated-generic fade-in av-zero-column-padding '     ><p>\n<style type=\"text\/css\" data-created_by=\"avia_inline_auto\" id=\"style-css-av-av_image-00f9753a60090ea3744dba6921e6e0cf\">\n.avia-image-container.av-av_image-00f9753a60090ea3744dba6921e6e0cf img.avia_image{\nbox-shadow:none;\n}\n.avia-image-container.av-av_image-00f9753a60090ea3744dba6921e6e0cf .av-caption-image-overlay-bg{\nopacity:0.4;\n}\n<\/style>\n<div  class='avia-image-container av-av_image-00f9753a60090ea3744dba6921e6e0cf av-styling-no-styling avia_animated_image av-animated-when-visible-95 fade-in avia-align-left  jo_pf_bild noHover av-overlay-hover-deactivate'  ><div class=\"avia-image-container-inner\"><div class=\"avia-image-overlay-wrap\"><a href=\"https:\/\/www.galerie-metzger.de\/wp-content\/uploads\/2021\/01\/Milan-Peters-Henkelform-galerie-metzger-keramik-ceramic-art-object-gallery-kaufen-aschaffenburg-1030x1030.jpg\" data-srcset=\"https:\/\/www.galerie-metzger.de\/wp-content\/uploads\/2021\/01\/Milan-Peters-Henkelform-galerie-metzger-keramik-ceramic-art-object-gallery-kaufen-aschaffenburg-1030x1030.jpg 1030w, https:\/\/www.galerie-metzger.de\/wp-content\/uploads\/2021\/01\/Milan-Peters-Henkelform-galerie-metzger-keramik-ceramic-art-object-gallery-kaufen-aschaffenburg-400x400.jpg 400w, https:\/\/www.galerie-metzger.de\/wp-content\/uploads\/2021\/01\/Milan-Peters-Henkelform-galerie-metzger-keramik-ceramic-art-object-gallery-kaufen-aschaffenburg-80x80.jpg 80w, https:\/\/www.galerie-metzger.de\/wp-content\/uploads\/2021\/01\/Milan-Peters-Henkelform-galerie-metzger-keramik-ceramic-art-object-gallery-kaufen-aschaffenburg-768x768.jpg 768w, https:\/\/www.galerie-metzger.de\/wp-content\/uploads\/2021\/01\/Milan-Peters-Henkelform-galerie-metzger-keramik-ceramic-art-object-gallery-kaufen-aschaffenburg-1536x1536.jpg 1536w, https:\/\/www.galerie-metzger.de\/wp-content\/uploads\/2021\/01\/Milan-Peters-Henkelform-galerie-metzger-keramik-ceramic-art-object-gallery-kaufen-aschaffenburg-2048x2048.jpg 2048w, https:\/\/www.galerie-metzger.de\/wp-content\/uploads\/2021\/01\/Milan-Peters-Henkelform-galerie-metzger-keramik-ceramic-art-object-gallery-kaufen-aschaffenburg-36x36.jpg 36w, https:\/\/www.galerie-metzger.de\/wp-content\/uploads\/2021\/01\/Milan-Peters-Henkelform-galerie-metzger-keramik-ceramic-art-object-gallery-kaufen-aschaffenburg-180x180.jpg 180w, https:\/\/www.galerie-metzger.de\/wp-content\/uploads\/2021\/01\/Milan-Peters-Henkelform-galerie-metzger-keramik-ceramic-art-object-gallery-kaufen-aschaffenburg-1500x1500.jpg 1500w, https:\/\/www.galerie-metzger.de\/wp-content\/uploads\/2021\/01\/Milan-Peters-Henkelform-galerie-metzger-keramik-ceramic-art-object-gallery-kaufen-aschaffenburg-705x705.jpg 705w, https:\/\/www.galerie-metzger.de\/wp-content\/uploads\/2021\/01\/Milan-Peters-Henkelform-galerie-metzger-keramik-ceramic-art-object-gallery-kaufen-aschaffenburg-120x120.jpg 120w, https:\/\/www.galerie-metzger.de\/wp-content\/uploads\/2021\/01\/Milan-Peters-Henkelform-galerie-metzger-keramik-ceramic-art-object-gallery-kaufen-aschaffenburg-450x450.jpg 450w\" data-sizes=\"(max-width: 1030px) 100vw, 1030px\" class='avia_image' ><div class=\"av-image-caption-overlay\"><div class=\"av-caption-image-overlay-bg\"><\/div><div class=\"av-image-caption-overlay-position\"><div class=\"av-image-caption-overlay-center\"><p>Milan Peters \u2013 Handle shape \u2013 2021, Foto: Milan Peters<\/p>\n<\/div><\/div><\/div><img decoding=\"async\" class='wp-image-8897 avia-img-lazy-loading-not-8897 avia_image ' src=\"https:\/\/www.galerie-metzger.de\/wp-content\/uploads\/2021\/01\/Milan-Peters-Henkelform-galerie-metzger-keramik-ceramic-art-object-gallery-kaufen-aschaffenburg-400x400.jpg\" alt='Milan Peters - Henkelform -' title='Milan Peters - Henkelform -'  height=\"400\" width=\"400\" srcset=\"https:\/\/www.galerie-metzger.de\/wp-content\/uploads\/2021\/01\/Milan-Peters-Henkelform-galerie-metzger-keramik-ceramic-art-object-gallery-kaufen-aschaffenburg-400x400.jpg 400w, https:\/\/www.galerie-metzger.de\/wp-content\/uploads\/2021\/01\/Milan-Peters-Henkelform-galerie-metzger-keramik-ceramic-art-object-gallery-kaufen-aschaffenburg-1030x1030.jpg 1030w, https:\/\/www.galerie-metzger.de\/wp-content\/uploads\/2021\/01\/Milan-Peters-Henkelform-galerie-metzger-keramik-ceramic-art-object-gallery-kaufen-aschaffenburg-80x80.jpg 80w, https:\/\/www.galerie-metzger.de\/wp-content\/uploads\/2021\/01\/Milan-Peters-Henkelform-galerie-metzger-keramik-ceramic-art-object-gallery-kaufen-aschaffenburg-768x768.jpg 768w, https:\/\/www.galerie-metzger.de\/wp-content\/uploads\/2021\/01\/Milan-Peters-Henkelform-galerie-metzger-keramik-ceramic-art-object-gallery-kaufen-aschaffenburg-1536x1536.jpg 1536w, https:\/\/www.galerie-metzger.de\/wp-content\/uploads\/2021\/01\/Milan-Peters-Henkelform-galerie-metzger-keramik-ceramic-art-object-gallery-kaufen-aschaffenburg-2048x2048.jpg 2048w, https:\/\/www.galerie-metzger.de\/wp-content\/uploads\/2021\/01\/Milan-Peters-Henkelform-galerie-metzger-keramik-ceramic-art-object-gallery-kaufen-aschaffenburg-36x36.jpg 36w, https:\/\/www.galerie-metzger.de\/wp-content\/uploads\/2021\/01\/Milan-Peters-Henkelform-galerie-metzger-keramik-ceramic-art-object-gallery-kaufen-aschaffenburg-180x180.jpg 180w, https:\/\/www.galerie-metzger.de\/wp-content\/uploads\/2021\/01\/Milan-Peters-Henkelform-galerie-metzger-keramik-ceramic-art-object-gallery-kaufen-aschaffenburg-1500x1500.jpg 1500w, https:\/\/www.galerie-metzger.de\/wp-content\/uploads\/2021\/01\/Milan-Peters-Henkelform-galerie-metzger-keramik-ceramic-art-object-gallery-kaufen-aschaffenburg-705x705.jpg 705w, https:\/\/www.galerie-metzger.de\/wp-content\/uploads\/2021\/01\/Milan-Peters-Henkelform-galerie-metzger-keramik-ceramic-art-object-gallery-kaufen-aschaffenburg-120x120.jpg 120w, https:\/\/www.galerie-metzger.de\/wp-content\/uploads\/2021\/01\/Milan-Peters-Henkelform-galerie-metzger-keramik-ceramic-art-object-gallery-kaufen-aschaffenburg-450x450.jpg 450w\" sizes=\"(max-width: 400px) 100vw, 400px\" \/><\/a><\/div><\/div><\/div><br \/>\n<section  class='av_textblock_section av-av_textblock-2df6986536148a6092118248b21c996c' ><div class='avia_textblock jo_werk_anfrage' ><p><a class=\"anfrage\" href=\"mailto:info@galerie-metzger.de?subject=Gotlind%20Weigel%20Form%201992\">Request information<\/a><\/p>\n<\/div><\/section><\/p><\/div><\/div><!--close column table wrapper. Autoclose: 1 --><div class='flex_column_table av-24u7m67-97d938777d7b778a4918786b6515b74e sc-av_one_full av-equal-height-column-flextable'>\n<style type=\"text\/css\" data-created_by=\"avia_inline_auto\" id=\"style-css-av-24u7m67-97d938777d7b778a4918786b6515b74e\">\n.flex_column.av-24u7m67-97d938777d7b778a4918786b6515b74e{\n-webkit-border-radius:0px 0px 0px 0px;\n-moz-border-radius:0px 0px 0px 0px;\nborder-radius:0px 0px 0px 0px;\n}\n<\/style>\n<div class='flex_column av-24u7m67-97d938777d7b778a4918786b6515b74e av_one_full  jo_col_empty first flex_column_table_cell av-equal-height-column av-align-top av-animated-generic fade-in av-zero-column-padding '     ><section  class='av_textblock_section av-23pq51b-93bfdaad90a564136b90e54ea6628052' ><div class='avia_textblock' ><p>invisible placeholder<\/p>\n<\/div><\/section><\/div><\/div><!--close column table wrapper. Autoclose: 1 --><div class='flex_column_table av-1gtfhzz-05b623446118c7272bde0d04add552e2 sc-av_two_third av-equal-height-column-flextable'>\n<style type=\"text\/css\" data-created_by=\"avia_inline_auto\" id=\"style-css-av-1gtfhzz-05b623446118c7272bde0d04add552e2\">\n.flex_column.av-1gtfhzz-05b623446118c7272bde0d04add552e2{\n-webkit-border-radius:0px 0px 0px 0px;\n-moz-border-radius:0px 0px 0px 0px;\nborder-radius:0px 0px 0px 0px;\n}\n<\/style>\n<div class='flex_column av-1gtfhzz-05b623446118c7272bde0d04add552e2 av_two_third  jo_pf_bild_bg first flex_column_table_cell av-equal-height-column av-align-top av-animated-generic fade-in av-zero-column-padding '     ><p>\n<style type=\"text\/css\" data-created_by=\"avia_inline_auto\" id=\"style-css-av-av_image-cedda5428fd19aa513847ce924868928\">\n.avia-image-container.av-av_image-cedda5428fd19aa513847ce924868928 img.avia_image{\nbox-shadow:none;\n}\n.avia-image-container.av-av_image-cedda5428fd19aa513847ce924868928 .av-caption-image-overlay-bg{\nopacity:0.4;\n}\n<\/style>\n<div  class='avia-image-container av-av_image-cedda5428fd19aa513847ce924868928 av-styling-no-styling avia_animated_image av-animated-when-visible-95 fade-in avia-align-left  jo_pf_bild noHover av-overlay-hover-deactivate'  ><div class=\"avia-image-container-inner\"><div class=\"avia-image-overlay-wrap\"><a href=\"https:\/\/www.galerie-metzger.de\/wp-content\/uploads\/2021\/02\/Norbert-Prangenberg-o.-T.-Nr.-6886-galerie-metzger-art-ceramic-kunst-skulptur-sculpture-gallery-kaufen-1030x687.jpg\" data-srcset=\"https:\/\/www.galerie-metzger.de\/wp-content\/uploads\/2021\/02\/Norbert-Prangenberg-o.-T.-Nr.-6886-galerie-metzger-art-ceramic-kunst-skulptur-sculpture-gallery-kaufen-1030x687.jpg 1030w, https:\/\/www.galerie-metzger.de\/wp-content\/uploads\/2021\/02\/Norbert-Prangenberg-o.-T.-Nr.-6886-galerie-metzger-art-ceramic-kunst-skulptur-sculpture-gallery-kaufen-400x267.jpg 400w, https:\/\/www.galerie-metzger.de\/wp-content\/uploads\/2021\/02\/Norbert-Prangenberg-o.-T.-Nr.-6886-galerie-metzger-art-ceramic-kunst-skulptur-sculpture-gallery-kaufen-768x512.jpg 768w, https:\/\/www.galerie-metzger.de\/wp-content\/uploads\/2021\/02\/Norbert-Prangenberg-o.-T.-Nr.-6886-galerie-metzger-art-ceramic-kunst-skulptur-sculpture-gallery-kaufen-1536x1024.jpg 1536w, https:\/\/www.galerie-metzger.de\/wp-content\/uploads\/2021\/02\/Norbert-Prangenberg-o.-T.-Nr.-6886-galerie-metzger-art-ceramic-kunst-skulptur-sculpture-gallery-kaufen-2048x1365.jpg 2048w, https:\/\/www.galerie-metzger.de\/wp-content\/uploads\/2021\/02\/Norbert-Prangenberg-o.-T.-Nr.-6886-galerie-metzger-art-ceramic-kunst-skulptur-sculpture-gallery-kaufen-1500x1000.jpg 1500w, https:\/\/www.galerie-metzger.de\/wp-content\/uploads\/2021\/02\/Norbert-Prangenberg-o.-T.-Nr.-6886-galerie-metzger-art-ceramic-kunst-skulptur-sculpture-gallery-kaufen-600x400.jpg 600w, https:\/\/www.galerie-metzger.de\/wp-content\/uploads\/2021\/02\/Norbert-Prangenberg-o.-T.-Nr.-6886-galerie-metzger-art-ceramic-kunst-skulptur-sculpture-gallery-kaufen-300x200.jpg 300w, https:\/\/www.galerie-metzger.de\/wp-content\/uploads\/2021\/02\/Norbert-Prangenberg-o.-T.-Nr.-6886-galerie-metzger-art-ceramic-kunst-skulptur-sculpture-gallery-kaufen-900x600.jpg 900w, https:\/\/www.galerie-metzger.de\/wp-content\/uploads\/2021\/02\/Norbert-Prangenberg-o.-T.-Nr.-6886-galerie-metzger-art-ceramic-kunst-skulptur-sculpture-gallery-kaufen-705x470.jpg 705w, https:\/\/www.galerie-metzger.de\/wp-content\/uploads\/2021\/02\/Norbert-Prangenberg-o.-T.-Nr.-6886-galerie-metzger-art-ceramic-kunst-skulptur-sculpture-gallery-kaufen-450x300.jpg 450w\" data-sizes=\"(max-width: 1030px) 100vw, 1030px\" class='avia_image' ><div class=\"av-image-caption-overlay\"><div class=\"av-caption-image-overlay-bg\"><\/div><div class=\"av-image-caption-overlay-position\"><div class=\"av-image-caption-overlay-center\"><p>Norbert Prangenberg \u2013 untitled \u2013 ca. 2008, 19x19x37 cm, Detail , Foto: Edi Baumann<\/p>\n<\/div><\/div><\/div><img decoding=\"async\" class='wp-image-9223 avia-img-lazy-loading-not-9223 avia_image ' src=\"https:\/\/www.galerie-metzger.de\/wp-content\/uploads\/2021\/02\/Norbert-Prangenberg-o.-T.-Nr.-6886-galerie-metzger-art-ceramic-kunst-skulptur-sculpture-gallery-kaufen-900x600.jpg\" alt='Norbert Prangenberg - o. T. - Nr. 6886' title='Norbert Prangenberg - o. T. - Nr. 6886'  height=\"563\" width=\"845\" srcset=\"https:\/\/www.galerie-metzger.de\/wp-content\/uploads\/2021\/02\/Norbert-Prangenberg-o.-T.-Nr.-6886-galerie-metzger-art-ceramic-kunst-skulptur-sculpture-gallery-kaufen-900x600.jpg 900w, https:\/\/www.galerie-metzger.de\/wp-content\/uploads\/2021\/02\/Norbert-Prangenberg-o.-T.-Nr.-6886-galerie-metzger-art-ceramic-kunst-skulptur-sculpture-gallery-kaufen-400x267.jpg 400w, https:\/\/www.galerie-metzger.de\/wp-content\/uploads\/2021\/02\/Norbert-Prangenberg-o.-T.-Nr.-6886-galerie-metzger-art-ceramic-kunst-skulptur-sculpture-gallery-kaufen-1030x687.jpg 1030w, https:\/\/www.galerie-metzger.de\/wp-content\/uploads\/2021\/02\/Norbert-Prangenberg-o.-T.-Nr.-6886-galerie-metzger-art-ceramic-kunst-skulptur-sculpture-gallery-kaufen-768x512.jpg 768w, https:\/\/www.galerie-metzger.de\/wp-content\/uploads\/2021\/02\/Norbert-Prangenberg-o.-T.-Nr.-6886-galerie-metzger-art-ceramic-kunst-skulptur-sculpture-gallery-kaufen-1536x1024.jpg 1536w, https:\/\/www.galerie-metzger.de\/wp-content\/uploads\/2021\/02\/Norbert-Prangenberg-o.-T.-Nr.-6886-galerie-metzger-art-ceramic-kunst-skulptur-sculpture-gallery-kaufen-2048x1365.jpg 2048w, https:\/\/www.galerie-metzger.de\/wp-content\/uploads\/2021\/02\/Norbert-Prangenberg-o.-T.-Nr.-6886-galerie-metzger-art-ceramic-kunst-skulptur-sculpture-gallery-kaufen-1500x1000.jpg 1500w, https:\/\/www.galerie-metzger.de\/wp-content\/uploads\/2021\/02\/Norbert-Prangenberg-o.-T.-Nr.-6886-galerie-metzger-art-ceramic-kunst-skulptur-sculpture-gallery-kaufen-600x400.jpg 600w, https:\/\/www.galerie-metzger.de\/wp-content\/uploads\/2021\/02\/Norbert-Prangenberg-o.-T.-Nr.-6886-galerie-metzger-art-ceramic-kunst-skulptur-sculpture-gallery-kaufen-300x200.jpg 300w, https:\/\/www.galerie-metzger.de\/wp-content\/uploads\/2021\/02\/Norbert-Prangenberg-o.-T.-Nr.-6886-galerie-metzger-art-ceramic-kunst-skulptur-sculpture-gallery-kaufen-705x470.jpg 705w, https:\/\/www.galerie-metzger.de\/wp-content\/uploads\/2021\/02\/Norbert-Prangenberg-o.-T.-Nr.-6886-galerie-metzger-art-ceramic-kunst-skulptur-sculpture-gallery-kaufen-450x300.jpg 450w\" sizes=\"(max-width: 845px) 100vw, 845px\" \/><\/a><\/div><\/div><\/div><br \/>\n<section  class='av_textblock_section av-av_textblock-2df6986536148a6092118248b21c996c' ><div class='avia_textblock jo_werk_anfrage' ><p><a class=\"anfrage\" href=\"mailto:info@galerie-metzger.de?subject=Norbert%20Prangenberg%20o. T. Nr. 6886%20ca. 2008\">request information<\/a><\/p>\n<\/div><\/section><\/p><\/div><\/div><!--close column table wrapper. Autoclose: 1 --><div class='flex_column_table av-24u7m67-fe161f63af43ef3039fd2a26d9b24627 sc-av_one_third av-equal-height-column-flextable'><div class='av-flex-placeholder'><\/div>\n<style type=\"text\/css\" data-created_by=\"avia_inline_auto\" id=\"style-css-av-24u7m67-fe161f63af43ef3039fd2a26d9b24627\">\n.flex_column.av-24u7m67-fe161f63af43ef3039fd2a26d9b24627{\n-webkit-border-radius:0px 0px 0px 0px;\n-moz-border-radius:0px 0px 0px 0px;\nborder-radius:0px 0px 0px 0px;\n}\n<\/style>\n<div class='flex_column av-24u7m67-fe161f63af43ef3039fd2a26d9b24627 av_one_third  jo_col_empty flex_column_table_cell av-equal-height-column av-align-top av-animated-generic fade-in av-zero-column-padding '     ><section  class='av_textblock_section av-23pq51b-93bfdaad90a564136b90e54ea6628052' ><div class='avia_textblock' ><p>invisible placeholder<\/p>\n<\/div><\/section><\/div><\/div><!--close column table wrapper. Autoclose: 1 --><div class='flex_column_table av-24u7m67-97d938777d7b778a4918786b6515b74e sc-av_one_full av-equal-height-column-flextable'>\n<style type=\"text\/css\" data-created_by=\"avia_inline_auto\" id=\"style-css-av-24u7m67-97d938777d7b778a4918786b6515b74e\">\n.flex_column.av-24u7m67-97d938777d7b778a4918786b6515b74e{\n-webkit-border-radius:0px 0px 0px 0px;\n-moz-border-radius:0px 0px 0px 0px;\nborder-radius:0px 0px 0px 0px;\n}\n<\/style>\n<div class='flex_column av-24u7m67-97d938777d7b778a4918786b6515b74e av_one_full  jo_col_empty first flex_column_table_cell av-equal-height-column av-align-top av-animated-generic fade-in av-zero-column-padding '     ><section  class='av_textblock_section av-23pq51b-93bfdaad90a564136b90e54ea6628052' ><div class='avia_textblock' ><p>invisible placeholder<\/p>\n<\/div><\/section><\/div><\/div><!--close column table wrapper. Autoclose: 1 --><div class='flex_column_table av-1gtfhzz-05b623446118c7272bde0d04add552e2 sc-av_one_half av-equal-height-column-flextable'>\n<style type=\"text\/css\" data-created_by=\"avia_inline_auto\" id=\"style-css-av-1gtfhzz-05b623446118c7272bde0d04add552e2\">\n.flex_column.av-1gtfhzz-05b623446118c7272bde0d04add552e2{\n-webkit-border-radius:0px 0px 0px 0px;\n-moz-border-radius:0px 0px 0px 0px;\nborder-radius:0px 0px 0px 0px;\n}\n<\/style>\n<div class='flex_column av-1gtfhzz-05b623446118c7272bde0d04add552e2 av_one_half  avia-builder-el-106  el_after_av_one_full  el_before_av_one_half  jo_pf_bild_bg first flex_column_table_cell av-equal-height-column av-align-top av-animated-generic fade-in av-zero-column-padding column-top-margin'     ><p>\n<style type=\"text\/css\" data-created_by=\"avia_inline_auto\" id=\"style-css-av-av_image-681525f7cd4e470159e719a89154c3a1\">\n.avia-image-container.av-av_image-681525f7cd4e470159e719a89154c3a1 img.avia_image{\nbox-shadow:none;\n}\n.avia-image-container.av-av_image-681525f7cd4e470159e719a89154c3a1 .av-caption-image-overlay-bg{\nopacity:0.4;\n}\n<\/style>\n<div  class='avia-image-container av-av_image-681525f7cd4e470159e719a89154c3a1 av-styling-no-styling avia_animated_image av-animated-when-visible-95 fade-in avia-align-left  avia-builder-el-107  el_before_av_textblock  avia-builder-el-first  jo_pf_bild noHover av-overlay-hover-deactivate'  ><div class=\"avia-image-container-inner\"><div class=\"avia-image-overlay-wrap\"><a href=\"https:\/\/www.galerie-metzger.de\/wp-content\/uploads\/2021\/02\/Norbert-Prangenberg-o.-T.-Nr.-6886-galerie-metzger-art-ceramic-kunst-skulptur-sculpture-gallery-aschaffenburg-1030x687.jpg\" data-srcset=\"https:\/\/www.galerie-metzger.de\/wp-content\/uploads\/2021\/02\/Norbert-Prangenberg-o.-T.-Nr.-6886-galerie-metzger-art-ceramic-kunst-skulptur-sculpture-gallery-aschaffenburg-1030x687.jpg 1030w, https:\/\/www.galerie-metzger.de\/wp-content\/uploads\/2021\/02\/Norbert-Prangenberg-o.-T.-Nr.-6886-galerie-metzger-art-ceramic-kunst-skulptur-sculpture-gallery-aschaffenburg-400x267.jpg 400w, https:\/\/www.galerie-metzger.de\/wp-content\/uploads\/2021\/02\/Norbert-Prangenberg-o.-T.-Nr.-6886-galerie-metzger-art-ceramic-kunst-skulptur-sculpture-gallery-aschaffenburg-768x512.jpg 768w, https:\/\/www.galerie-metzger.de\/wp-content\/uploads\/2021\/02\/Norbert-Prangenberg-o.-T.-Nr.-6886-galerie-metzger-art-ceramic-kunst-skulptur-sculpture-gallery-aschaffenburg-1536x1024.jpg 1536w, https:\/\/www.galerie-metzger.de\/wp-content\/uploads\/2021\/02\/Norbert-Prangenberg-o.-T.-Nr.-6886-galerie-metzger-art-ceramic-kunst-skulptur-sculpture-gallery-aschaffenburg-2048x1365.jpg 2048w, https:\/\/www.galerie-metzger.de\/wp-content\/uploads\/2021\/02\/Norbert-Prangenberg-o.-T.-Nr.-6886-galerie-metzger-art-ceramic-kunst-skulptur-sculpture-gallery-aschaffenburg-1500x1000.jpg 1500w, https:\/\/www.galerie-metzger.de\/wp-content\/uploads\/2021\/02\/Norbert-Prangenberg-o.-T.-Nr.-6886-galerie-metzger-art-ceramic-kunst-skulptur-sculpture-gallery-aschaffenburg-600x400.jpg 600w, https:\/\/www.galerie-metzger.de\/wp-content\/uploads\/2021\/02\/Norbert-Prangenberg-o.-T.-Nr.-6886-galerie-metzger-art-ceramic-kunst-skulptur-sculpture-gallery-aschaffenburg-300x200.jpg 300w, https:\/\/www.galerie-metzger.de\/wp-content\/uploads\/2021\/02\/Norbert-Prangenberg-o.-T.-Nr.-6886-galerie-metzger-art-ceramic-kunst-skulptur-sculpture-gallery-aschaffenburg-900x600.jpg 900w, https:\/\/www.galerie-metzger.de\/wp-content\/uploads\/2021\/02\/Norbert-Prangenberg-o.-T.-Nr.-6886-galerie-metzger-art-ceramic-kunst-skulptur-sculpture-gallery-aschaffenburg-705x470.jpg 705w, https:\/\/www.galerie-metzger.de\/wp-content\/uploads\/2021\/02\/Norbert-Prangenberg-o.-T.-Nr.-6886-galerie-metzger-art-ceramic-kunst-skulptur-sculpture-gallery-aschaffenburg-450x300.jpg 450w\" data-sizes=\"(max-width: 1030px) 100vw, 1030px\" class='avia_image' ><div class=\"av-image-caption-overlay\"><div class=\"av-caption-image-overlay-bg\"><\/div><div class=\"av-image-caption-overlay-position\"><div class=\"av-image-caption-overlay-center\"><p>Norbert Prangenberg \u2013 untitled \u2013 ca. 2008, 19x19x37 cm, 2. view, Foto: Edi Baumann<\/p>\n<\/div><\/div><\/div><img decoding=\"async\" class='wp-image-9221 avia-img-lazy-loading-not-9221 avia_image ' src=\"https:\/\/www.galerie-metzger.de\/wp-content\/uploads\/2021\/02\/Norbert-Prangenberg-o.-T.-Nr.-6886-galerie-metzger-art-ceramic-kunst-skulptur-sculpture-gallery-aschaffenburg-600x400.jpg\" alt='Norbert Prangenberg - o. T. - Nr. 6886' title='Norbert Prangenberg - o. T. - Nr. 6886'  height=\"330\" width=\"495\" srcset=\"https:\/\/www.galerie-metzger.de\/wp-content\/uploads\/2021\/02\/Norbert-Prangenberg-o.-T.-Nr.-6886-galerie-metzger-art-ceramic-kunst-skulptur-sculpture-gallery-aschaffenburg-600x400.jpg 600w, https:\/\/www.galerie-metzger.de\/wp-content\/uploads\/2021\/02\/Norbert-Prangenberg-o.-T.-Nr.-6886-galerie-metzger-art-ceramic-kunst-skulptur-sculpture-gallery-aschaffenburg-400x267.jpg 400w, https:\/\/www.galerie-metzger.de\/wp-content\/uploads\/2021\/02\/Norbert-Prangenberg-o.-T.-Nr.-6886-galerie-metzger-art-ceramic-kunst-skulptur-sculpture-gallery-aschaffenburg-1030x687.jpg 1030w, https:\/\/www.galerie-metzger.de\/wp-content\/uploads\/2021\/02\/Norbert-Prangenberg-o.-T.-Nr.-6886-galerie-metzger-art-ceramic-kunst-skulptur-sculpture-gallery-aschaffenburg-768x512.jpg 768w, https:\/\/www.galerie-metzger.de\/wp-content\/uploads\/2021\/02\/Norbert-Prangenberg-o.-T.-Nr.-6886-galerie-metzger-art-ceramic-kunst-skulptur-sculpture-gallery-aschaffenburg-1536x1024.jpg 1536w, https:\/\/www.galerie-metzger.de\/wp-content\/uploads\/2021\/02\/Norbert-Prangenberg-o.-T.-Nr.-6886-galerie-metzger-art-ceramic-kunst-skulptur-sculpture-gallery-aschaffenburg-2048x1365.jpg 2048w, https:\/\/www.galerie-metzger.de\/wp-content\/uploads\/2021\/02\/Norbert-Prangenberg-o.-T.-Nr.-6886-galerie-metzger-art-ceramic-kunst-skulptur-sculpture-gallery-aschaffenburg-1500x1000.jpg 1500w, https:\/\/www.galerie-metzger.de\/wp-content\/uploads\/2021\/02\/Norbert-Prangenberg-o.-T.-Nr.-6886-galerie-metzger-art-ceramic-kunst-skulptur-sculpture-gallery-aschaffenburg-300x200.jpg 300w, https:\/\/www.galerie-metzger.de\/wp-content\/uploads\/2021\/02\/Norbert-Prangenberg-o.-T.-Nr.-6886-galerie-metzger-art-ceramic-kunst-skulptur-sculpture-gallery-aschaffenburg-900x600.jpg 900w, https:\/\/www.galerie-metzger.de\/wp-content\/uploads\/2021\/02\/Norbert-Prangenberg-o.-T.-Nr.-6886-galerie-metzger-art-ceramic-kunst-skulptur-sculpture-gallery-aschaffenburg-705x470.jpg 705w, https:\/\/www.galerie-metzger.de\/wp-content\/uploads\/2021\/02\/Norbert-Prangenberg-o.-T.-Nr.-6886-galerie-metzger-art-ceramic-kunst-skulptur-sculpture-gallery-aschaffenburg-450x300.jpg 450w\" sizes=\"(max-width: 495px) 100vw, 495px\" \/><\/a><\/div><\/div><\/div><br \/>\n<section  class='av_textblock_section av-av_textblock-2df6986536148a6092118248b21c996c' ><div class='avia_textblock jo_werk_anfrage' ><p><a class=\"anfrage\" href=\"mailto:info@galerie-metzger.de?subject=Norbert%20Prangenberg%20o. T. Nr. 6886%20ca. 2008\">request information<\/a><\/p>\n<\/div><\/section><\/p><\/div><div class='av-flex-placeholder'><\/div>\n<style type=\"text\/css\" data-created_by=\"avia_inline_auto\" id=\"style-css-av-1gtfhzz-fd9ae249205f9c517fc1a4130749b6ac\">\n.flex_column.av-1gtfhzz-fd9ae249205f9c517fc1a4130749b6ac{\n-webkit-border-radius:0px 0px 0px 0px;\n-moz-border-radius:0px 0px 0px 0px;\nborder-radius:0px 0px 0px 0px;\n}\n<\/style>\n<div class='flex_column av-1gtfhzz-fd9ae249205f9c517fc1a4130749b6ac av_one_half  avia-builder-el-109  el_after_av_one_half  el_before_av_one_full  jo_pf_bild_bg flex_column_table_cell av-equal-height-column av-align-top av-animated-generic fade-in av-zero-column-padding column-top-margin'     ><p>\n<style type=\"text\/css\" data-created_by=\"avia_inline_auto\" id=\"style-css-av-av_image-658a1c902265051b3d0a4ad99eaf0c90\">\n.avia-image-container.av-av_image-658a1c902265051b3d0a4ad99eaf0c90 img.avia_image{\nbox-shadow:none;\n}\n.avia-image-container.av-av_image-658a1c902265051b3d0a4ad99eaf0c90 .av-caption-image-overlay-bg{\nopacity:0.4;\n}\n<\/style>\n<div  class='avia-image-container av-av_image-658a1c902265051b3d0a4ad99eaf0c90 av-styling-no-styling avia_animated_image av-animated-when-visible-95 fade-in avia-align-left  jo_pf_bild noHover av-overlay-hover-deactivate'  ><div class=\"avia-image-container-inner\"><div class=\"avia-image-overlay-wrap\"><a href=\"https:\/\/www.galerie-metzger.de\/wp-content\/uploads\/2021\/02\/Norbert-Prangenberg-o.-T.-Nr.-6886-galerie-metzger-art-ceramic-kunst-skulptur-sculpture-gallery-1030x687.jpg\" data-srcset=\"https:\/\/www.galerie-metzger.de\/wp-content\/uploads\/2021\/02\/Norbert-Prangenberg-o.-T.-Nr.-6886-galerie-metzger-art-ceramic-kunst-skulptur-sculpture-gallery-1030x687.jpg 1030w, https:\/\/www.galerie-metzger.de\/wp-content\/uploads\/2021\/02\/Norbert-Prangenberg-o.-T.-Nr.-6886-galerie-metzger-art-ceramic-kunst-skulptur-sculpture-gallery-400x267.jpg 400w, https:\/\/www.galerie-metzger.de\/wp-content\/uploads\/2021\/02\/Norbert-Prangenberg-o.-T.-Nr.-6886-galerie-metzger-art-ceramic-kunst-skulptur-sculpture-gallery-768x512.jpg 768w, https:\/\/www.galerie-metzger.de\/wp-content\/uploads\/2021\/02\/Norbert-Prangenberg-o.-T.-Nr.-6886-galerie-metzger-art-ceramic-kunst-skulptur-sculpture-gallery-1536x1024.jpg 1536w, https:\/\/www.galerie-metzger.de\/wp-content\/uploads\/2021\/02\/Norbert-Prangenberg-o.-T.-Nr.-6886-galerie-metzger-art-ceramic-kunst-skulptur-sculpture-gallery-2048x1365.jpg 2048w, https:\/\/www.galerie-metzger.de\/wp-content\/uploads\/2021\/02\/Norbert-Prangenberg-o.-T.-Nr.-6886-galerie-metzger-art-ceramic-kunst-skulptur-sculpture-gallery-1500x1000.jpg 1500w, https:\/\/www.galerie-metzger.de\/wp-content\/uploads\/2021\/02\/Norbert-Prangenberg-o.-T.-Nr.-6886-galerie-metzger-art-ceramic-kunst-skulptur-sculpture-gallery-600x400.jpg 600w, https:\/\/www.galerie-metzger.de\/wp-content\/uploads\/2021\/02\/Norbert-Prangenberg-o.-T.-Nr.-6886-galerie-metzger-art-ceramic-kunst-skulptur-sculpture-gallery-300x200.jpg 300w, https:\/\/www.galerie-metzger.de\/wp-content\/uploads\/2021\/02\/Norbert-Prangenberg-o.-T.-Nr.-6886-galerie-metzger-art-ceramic-kunst-skulptur-sculpture-gallery-900x600.jpg 900w, https:\/\/www.galerie-metzger.de\/wp-content\/uploads\/2021\/02\/Norbert-Prangenberg-o.-T.-Nr.-6886-galerie-metzger-art-ceramic-kunst-skulptur-sculpture-gallery-705x470.jpg 705w, https:\/\/www.galerie-metzger.de\/wp-content\/uploads\/2021\/02\/Norbert-Prangenberg-o.-T.-Nr.-6886-galerie-metzger-art-ceramic-kunst-skulptur-sculpture-gallery-450x300.jpg 450w\" data-sizes=\"(max-width: 1030px) 100vw, 1030px\" class='avia_image' ><div class=\"av-image-caption-overlay\"><div class=\"av-caption-image-overlay-bg\"><\/div><div class=\"av-image-caption-overlay-position\"><div class=\"av-image-caption-overlay-center\"><p>Norbert Prangenberg \u2013 untitled \u2013 ca. 2008, 19x19x37 cm, Foto: Edi Baumann<\/p>\n<\/div><\/div><\/div><img decoding=\"async\" class='wp-image-9219 avia-img-lazy-loading-not-9219 avia_image ' src=\"https:\/\/www.galerie-metzger.de\/wp-content\/uploads\/2021\/02\/Norbert-Prangenberg-o.-T.-Nr.-6886-galerie-metzger-art-ceramic-kunst-skulptur-sculpture-gallery-600x400.jpg\" alt='Norbert Prangenberg - o. T. - Nr. 6886' title='Norbert Prangenberg - o. T. - Nr. 6886'  height=\"330\" width=\"495\" srcset=\"https:\/\/www.galerie-metzger.de\/wp-content\/uploads\/2021\/02\/Norbert-Prangenberg-o.-T.-Nr.-6886-galerie-metzger-art-ceramic-kunst-skulptur-sculpture-gallery-600x400.jpg 600w, https:\/\/www.galerie-metzger.de\/wp-content\/uploads\/2021\/02\/Norbert-Prangenberg-o.-T.-Nr.-6886-galerie-metzger-art-ceramic-kunst-skulptur-sculpture-gallery-400x267.jpg 400w, https:\/\/www.galerie-metzger.de\/wp-content\/uploads\/2021\/02\/Norbert-Prangenberg-o.-T.-Nr.-6886-galerie-metzger-art-ceramic-kunst-skulptur-sculpture-gallery-1030x687.jpg 1030w, https:\/\/www.galerie-metzger.de\/wp-content\/uploads\/2021\/02\/Norbert-Prangenberg-o.-T.-Nr.-6886-galerie-metzger-art-ceramic-kunst-skulptur-sculpture-gallery-768x512.jpg 768w, https:\/\/www.galerie-metzger.de\/wp-content\/uploads\/2021\/02\/Norbert-Prangenberg-o.-T.-Nr.-6886-galerie-metzger-art-ceramic-kunst-skulptur-sculpture-gallery-1536x1024.jpg 1536w, https:\/\/www.galerie-metzger.de\/wp-content\/uploads\/2021\/02\/Norbert-Prangenberg-o.-T.-Nr.-6886-galerie-metzger-art-ceramic-kunst-skulptur-sculpture-gallery-2048x1365.jpg 2048w, https:\/\/www.galerie-metzger.de\/wp-content\/uploads\/2021\/02\/Norbert-Prangenberg-o.-T.-Nr.-6886-galerie-metzger-art-ceramic-kunst-skulptur-sculpture-gallery-1500x1000.jpg 1500w, https:\/\/www.galerie-metzger.de\/wp-content\/uploads\/2021\/02\/Norbert-Prangenberg-o.-T.-Nr.-6886-galerie-metzger-art-ceramic-kunst-skulptur-sculpture-gallery-300x200.jpg 300w, https:\/\/www.galerie-metzger.de\/wp-content\/uploads\/2021\/02\/Norbert-Prangenberg-o.-T.-Nr.-6886-galerie-metzger-art-ceramic-kunst-skulptur-sculpture-gallery-900x600.jpg 900w, https:\/\/www.galerie-metzger.de\/wp-content\/uploads\/2021\/02\/Norbert-Prangenberg-o.-T.-Nr.-6886-galerie-metzger-art-ceramic-kunst-skulptur-sculpture-gallery-705x470.jpg 705w, https:\/\/www.galerie-metzger.de\/wp-content\/uploads\/2021\/02\/Norbert-Prangenberg-o.-T.-Nr.-6886-galerie-metzger-art-ceramic-kunst-skulptur-sculpture-gallery-450x300.jpg 450w\" sizes=\"(max-width: 495px) 100vw, 495px\" \/><\/a><\/div><\/div><\/div><br \/>\n<section  class='av_textblock_section av-av_textblock-2df6986536148a6092118248b21c996c' ><div class='avia_textblock jo_werk_anfrage' ><p><a class=\"anfrage\" href=\"mailto:info@galerie-metzger.de?subject=Norbert%20Prangenberg%20o. T. Nr. 6886%20ca. 2008\">request information<\/a><\/p>\n<\/div><\/section><\/p><\/div><\/div><!--close column table wrapper. Autoclose: 1 --><div class='flex_column_table av-24u7m67-97d938777d7b778a4918786b6515b74e sc-av_one_full av-equal-height-column-flextable'>\n<style type=\"text\/css\" data-created_by=\"avia_inline_auto\" id=\"style-css-av-24u7m67-97d938777d7b778a4918786b6515b74e\">\n.flex_column.av-24u7m67-97d938777d7b778a4918786b6515b74e{\n-webkit-border-radius:0px 0px 0px 0px;\n-moz-border-radius:0px 0px 0px 0px;\nborder-radius:0px 0px 0px 0px;\n}\n<\/style>\n<div class='flex_column av-24u7m67-97d938777d7b778a4918786b6515b74e av_one_full  avia-builder-el-111  el_after_av_one_half  el_before_av_one_third  jo_col_empty first flex_column_table_cell av-equal-height-column av-align-top av-animated-generic fade-in av-zero-column-padding column-top-margin'     ><section  class='av_textblock_section av-23pq51b-93bfdaad90a564136b90e54ea6628052' ><div class='avia_textblock' ><p>invisible placeholder<\/p>\n<\/div><\/section><\/div><\/div><!--close column table wrapper. Autoclose: 1 --><div class='flex_column_table av-1gtfhzz-05b623446118c7272bde0d04add552e2 sc-av_one_third av-equal-height-column-flextable'>\n<style type=\"text\/css\" data-created_by=\"avia_inline_auto\" id=\"style-css-av-1gtfhzz-05b623446118c7272bde0d04add552e2\">\n.flex_column.av-1gtfhzz-05b623446118c7272bde0d04add552e2{\n-webkit-border-radius:0px 0px 0px 0px;\n-moz-border-radius:0px 0px 0px 0px;\nborder-radius:0px 0px 0px 0px;\n}\n<\/style>\n<div class='flex_column av-1gtfhzz-05b623446118c7272bde0d04add552e2 av_one_third  avia-builder-el-113  el_after_av_one_full  el_before_av_one_third  jo_pf_bild_bg first flex_column_table_cell av-equal-height-column av-align-top av-animated-generic fade-in av-zero-column-padding column-top-margin'     ><p>\n<style type=\"text\/css\" data-created_by=\"avia_inline_auto\" id=\"style-css-av-av_image-14afdd40ce7a10a6e5c91415cb24f6dc\">\n.avia-image-container.av-av_image-14afdd40ce7a10a6e5c91415cb24f6dc img.avia_image{\nbox-shadow:none;\n}\n.avia-image-container.av-av_image-14afdd40ce7a10a6e5c91415cb24f6dc .av-caption-image-overlay-bg{\nopacity:0.4;\n}\n<\/style>\n<div  class='avia-image-container av-av_image-14afdd40ce7a10a6e5c91415cb24f6dc av-styling-no-styling avia_animated_image av-animated-when-visible-95 fade-in avia-align-left  jo_pf_bild noHover av-overlay-hover-deactivate'  ><div class=\"avia-image-container-inner\"><div class=\"avia-image-overlay-wrap\"><a href=\"https:\/\/www.galerie-metzger.de\/wp-content\/uploads\/2021\/02\/Norbert-Prangenberg-o.-T.-Nr.-9501-galerie-metzger-sculpture-art-plastische-arbeit-gallery-1030x687.jpg\" data-srcset=\"https:\/\/www.galerie-metzger.de\/wp-content\/uploads\/2021\/02\/Norbert-Prangenberg-o.-T.-Nr.-9501-galerie-metzger-sculpture-art-plastische-arbeit-gallery-1030x687.jpg 1030w, https:\/\/www.galerie-metzger.de\/wp-content\/uploads\/2021\/02\/Norbert-Prangenberg-o.-T.-Nr.-9501-galerie-metzger-sculpture-art-plastische-arbeit-gallery-400x267.jpg 400w, https:\/\/www.galerie-metzger.de\/wp-content\/uploads\/2021\/02\/Norbert-Prangenberg-o.-T.-Nr.-9501-galerie-metzger-sculpture-art-plastische-arbeit-gallery-768x512.jpg 768w, https:\/\/www.galerie-metzger.de\/wp-content\/uploads\/2021\/02\/Norbert-Prangenberg-o.-T.-Nr.-9501-galerie-metzger-sculpture-art-plastische-arbeit-gallery-1536x1024.jpg 1536w, https:\/\/www.galerie-metzger.de\/wp-content\/uploads\/2021\/02\/Norbert-Prangenberg-o.-T.-Nr.-9501-galerie-metzger-sculpture-art-plastische-arbeit-gallery-2048x1365.jpg 2048w, https:\/\/www.galerie-metzger.de\/wp-content\/uploads\/2021\/02\/Norbert-Prangenberg-o.-T.-Nr.-9501-galerie-metzger-sculpture-art-plastische-arbeit-gallery-1500x1000.jpg 1500w, https:\/\/www.galerie-metzger.de\/wp-content\/uploads\/2021\/02\/Norbert-Prangenberg-o.-T.-Nr.-9501-galerie-metzger-sculpture-art-plastische-arbeit-gallery-600x400.jpg 600w, https:\/\/www.galerie-metzger.de\/wp-content\/uploads\/2021\/02\/Norbert-Prangenberg-o.-T.-Nr.-9501-galerie-metzger-sculpture-art-plastische-arbeit-gallery-300x200.jpg 300w, https:\/\/www.galerie-metzger.de\/wp-content\/uploads\/2021\/02\/Norbert-Prangenberg-o.-T.-Nr.-9501-galerie-metzger-sculpture-art-plastische-arbeit-gallery-900x600.jpg 900w, https:\/\/www.galerie-metzger.de\/wp-content\/uploads\/2021\/02\/Norbert-Prangenberg-o.-T.-Nr.-9501-galerie-metzger-sculpture-art-plastische-arbeit-gallery-705x470.jpg 705w, https:\/\/www.galerie-metzger.de\/wp-content\/uploads\/2021\/02\/Norbert-Prangenberg-o.-T.-Nr.-9501-galerie-metzger-sculpture-art-plastische-arbeit-gallery-450x300.jpg 450w\" data-sizes=\"(max-width: 1030px) 100vw, 1030px\" class='avia_image' ><div class=\"av-image-caption-overlay\"><div class=\"av-caption-image-overlay-bg\"><\/div><div class=\"av-image-caption-overlay-position\"><div class=\"av-image-caption-overlay-center\"><p>Norbert Prangenberg \u2013 untitled \u2013 1996, 14&#215;33 cm, Foto: Edi Baumann<\/p>\n<\/div><\/div><\/div><img decoding=\"async\" class='wp-image-9225 avia-img-lazy-loading-not-9225 avia_image ' src=\"https:\/\/www.galerie-metzger.de\/wp-content\/uploads\/2021\/02\/Norbert-Prangenberg-o.-T.-Nr.-9501-galerie-metzger-sculpture-art-plastische-arbeit-gallery-400x267.jpg\" alt='Norbert Prangenberg - o. T. - Nr. 9501' title='Norbert Prangenberg - o. T. - Nr. 9501'  height=\"267\" width=\"400\" srcset=\"https:\/\/www.galerie-metzger.de\/wp-content\/uploads\/2021\/02\/Norbert-Prangenberg-o.-T.-Nr.-9501-galerie-metzger-sculpture-art-plastische-arbeit-gallery-400x267.jpg 400w, https:\/\/www.galerie-metzger.de\/wp-content\/uploads\/2021\/02\/Norbert-Prangenberg-o.-T.-Nr.-9501-galerie-metzger-sculpture-art-plastische-arbeit-gallery-1030x687.jpg 1030w, https:\/\/www.galerie-metzger.de\/wp-content\/uploads\/2021\/02\/Norbert-Prangenberg-o.-T.-Nr.-9501-galerie-metzger-sculpture-art-plastische-arbeit-gallery-768x512.jpg 768w, https:\/\/www.galerie-metzger.de\/wp-content\/uploads\/2021\/02\/Norbert-Prangenberg-o.-T.-Nr.-9501-galerie-metzger-sculpture-art-plastische-arbeit-gallery-1536x1024.jpg 1536w, https:\/\/www.galerie-metzger.de\/wp-content\/uploads\/2021\/02\/Norbert-Prangenberg-o.-T.-Nr.-9501-galerie-metzger-sculpture-art-plastische-arbeit-gallery-2048x1365.jpg 2048w, https:\/\/www.galerie-metzger.de\/wp-content\/uploads\/2021\/02\/Norbert-Prangenberg-o.-T.-Nr.-9501-galerie-metzger-sculpture-art-plastische-arbeit-gallery-1500x1000.jpg 1500w, https:\/\/www.galerie-metzger.de\/wp-content\/uploads\/2021\/02\/Norbert-Prangenberg-o.-T.-Nr.-9501-galerie-metzger-sculpture-art-plastische-arbeit-gallery-600x400.jpg 600w, https:\/\/www.galerie-metzger.de\/wp-content\/uploads\/2021\/02\/Norbert-Prangenberg-o.-T.-Nr.-9501-galerie-metzger-sculpture-art-plastische-arbeit-gallery-300x200.jpg 300w, https:\/\/www.galerie-metzger.de\/wp-content\/uploads\/2021\/02\/Norbert-Prangenberg-o.-T.-Nr.-9501-galerie-metzger-sculpture-art-plastische-arbeit-gallery-900x600.jpg 900w, https:\/\/www.galerie-metzger.de\/wp-content\/uploads\/2021\/02\/Norbert-Prangenberg-o.-T.-Nr.-9501-galerie-metzger-sculpture-art-plastische-arbeit-gallery-705x470.jpg 705w, https:\/\/www.galerie-metzger.de\/wp-content\/uploads\/2021\/02\/Norbert-Prangenberg-o.-T.-Nr.-9501-galerie-metzger-sculpture-art-plastische-arbeit-gallery-450x300.jpg 450w\" sizes=\"(max-width: 400px) 100vw, 400px\" \/><\/a><\/div><\/div><\/div><br \/>\n<section  class='av_textblock_section av-av_textblock-2df6986536148a6092118248b21c996c' ><div class='avia_textblock jo_werk_anfrage' ><p><a class=\"anfrage\" href=\"mailto:info@galerie-metzger.de?subject=Norbert%20Prangenberg%20o. T. Nr. 9501%201996\">request information<\/a><\/p>\n<\/div><\/section><\/p><\/div><div class='av-flex-placeholder'><\/div>\n<style type=\"text\/css\" data-created_by=\"avia_inline_auto\" id=\"style-css-av-1gtfhzz-fd9ae249205f9c517fc1a4130749b6ac\">\n.flex_column.av-1gtfhzz-fd9ae249205f9c517fc1a4130749b6ac{\n-webkit-border-radius:0px 0px 0px 0px;\n-moz-border-radius:0px 0px 0px 0px;\nborder-radius:0px 0px 0px 0px;\n}\n<\/style>\n<div class='flex_column av-1gtfhzz-fd9ae249205f9c517fc1a4130749b6ac av_one_third  avia-builder-el-115  el_after_av_one_third  el_before_av_one_third  jo_pf_bild_bg flex_column_table_cell av-equal-height-column av-align-top av-animated-generic fade-in av-zero-column-padding column-top-margin'     ><p>\n<style type=\"text\/css\" data-created_by=\"avia_inline_auto\" id=\"style-css-av-av_image-db9b39b23b7a02aed4393599c3238621\">\n.avia-image-container.av-av_image-db9b39b23b7a02aed4393599c3238621 img.avia_image{\nbox-shadow:none;\n}\n.avia-image-container.av-av_image-db9b39b23b7a02aed4393599c3238621 .av-caption-image-overlay-bg{\nopacity:0.4;\n}\n<\/style>\n<div  class='avia-image-container av-av_image-db9b39b23b7a02aed4393599c3238621 av-styling-no-styling avia_animated_image av-animated-when-visible-95 fade-in avia-align-left  avia-builder-el-116  el_before_av_textblock  avia-builder-el-first  jo_pf_bild noHover av-overlay-hover-deactivate'  ><div class=\"avia-image-container-inner\"><div class=\"avia-image-overlay-wrap\"><a href=\"https:\/\/www.galerie-metzger.de\/wp-content\/uploads\/2021\/02\/Norbert-Prangenberg-o.-T.-Nr.-9501-galerie-metzger-sculpture-art-plastische-arbeit-gallery-skulptur-1030x687.jpg\" data-srcset=\"https:\/\/www.galerie-metzger.de\/wp-content\/uploads\/2021\/02\/Norbert-Prangenberg-o.-T.-Nr.-9501-galerie-metzger-sculpture-art-plastische-arbeit-gallery-skulptur-1030x687.jpg 1030w, https:\/\/www.galerie-metzger.de\/wp-content\/uploads\/2021\/02\/Norbert-Prangenberg-o.-T.-Nr.-9501-galerie-metzger-sculpture-art-plastische-arbeit-gallery-skulptur-400x267.jpg 400w, https:\/\/www.galerie-metzger.de\/wp-content\/uploads\/2021\/02\/Norbert-Prangenberg-o.-T.-Nr.-9501-galerie-metzger-sculpture-art-plastische-arbeit-gallery-skulptur-768x512.jpg 768w, https:\/\/www.galerie-metzger.de\/wp-content\/uploads\/2021\/02\/Norbert-Prangenberg-o.-T.-Nr.-9501-galerie-metzger-sculpture-art-plastische-arbeit-gallery-skulptur-1536x1024.jpg 1536w, https:\/\/www.galerie-metzger.de\/wp-content\/uploads\/2021\/02\/Norbert-Prangenberg-o.-T.-Nr.-9501-galerie-metzger-sculpture-art-plastische-arbeit-gallery-skulptur-2048x1365.jpg 2048w, https:\/\/www.galerie-metzger.de\/wp-content\/uploads\/2021\/02\/Norbert-Prangenberg-o.-T.-Nr.-9501-galerie-metzger-sculpture-art-plastische-arbeit-gallery-skulptur-1500x1000.jpg 1500w, https:\/\/www.galerie-metzger.de\/wp-content\/uploads\/2021\/02\/Norbert-Prangenberg-o.-T.-Nr.-9501-galerie-metzger-sculpture-art-plastische-arbeit-gallery-skulptur-600x400.jpg 600w, https:\/\/www.galerie-metzger.de\/wp-content\/uploads\/2021\/02\/Norbert-Prangenberg-o.-T.-Nr.-9501-galerie-metzger-sculpture-art-plastische-arbeit-gallery-skulptur-300x200.jpg 300w, https:\/\/www.galerie-metzger.de\/wp-content\/uploads\/2021\/02\/Norbert-Prangenberg-o.-T.-Nr.-9501-galerie-metzger-sculpture-art-plastische-arbeit-gallery-skulptur-900x600.jpg 900w, https:\/\/www.galerie-metzger.de\/wp-content\/uploads\/2021\/02\/Norbert-Prangenberg-o.-T.-Nr.-9501-galerie-metzger-sculpture-art-plastische-arbeit-gallery-skulptur-705x470.jpg 705w, https:\/\/www.galerie-metzger.de\/wp-content\/uploads\/2021\/02\/Norbert-Prangenberg-o.-T.-Nr.-9501-galerie-metzger-sculpture-art-plastische-arbeit-gallery-skulptur-450x300.jpg 450w\" data-sizes=\"(max-width: 1030px) 100vw, 1030px\" class='avia_image' ><div class=\"av-image-caption-overlay\"><div class=\"av-caption-image-overlay-bg\"><\/div><div class=\"av-image-caption-overlay-position\"><div class=\"av-image-caption-overlay-center\"><p>Norbert Prangenberg \u2013 untitled \u2013 1996, 14&#215;33 cm, 2. view, Foto: Edi Baumann<\/p>\n<\/div><\/div><\/div><img decoding=\"async\" class='wp-image-9227 avia-img-lazy-loading-not-9227 avia_image ' src=\"https:\/\/www.galerie-metzger.de\/wp-content\/uploads\/2021\/02\/Norbert-Prangenberg-o.-T.-Nr.-9501-galerie-metzger-sculpture-art-plastische-arbeit-gallery-skulptur-400x267.jpg\" alt='Norbert Prangenberg - o. T. - Nr. 9501' title='Norbert Prangenberg - o. T. - Nr. 9501'  height=\"267\" width=\"400\" srcset=\"https:\/\/www.galerie-metzger.de\/wp-content\/uploads\/2021\/02\/Norbert-Prangenberg-o.-T.-Nr.-9501-galerie-metzger-sculpture-art-plastische-arbeit-gallery-skulptur-400x267.jpg 400w, https:\/\/www.galerie-metzger.de\/wp-content\/uploads\/2021\/02\/Norbert-Prangenberg-o.-T.-Nr.-9501-galerie-metzger-sculpture-art-plastische-arbeit-gallery-skulptur-1030x687.jpg 1030w, https:\/\/www.galerie-metzger.de\/wp-content\/uploads\/2021\/02\/Norbert-Prangenberg-o.-T.-Nr.-9501-galerie-metzger-sculpture-art-plastische-arbeit-gallery-skulptur-768x512.jpg 768w, https:\/\/www.galerie-metzger.de\/wp-content\/uploads\/2021\/02\/Norbert-Prangenberg-o.-T.-Nr.-9501-galerie-metzger-sculpture-art-plastische-arbeit-gallery-skulptur-1536x1024.jpg 1536w, https:\/\/www.galerie-metzger.de\/wp-content\/uploads\/2021\/02\/Norbert-Prangenberg-o.-T.-Nr.-9501-galerie-metzger-sculpture-art-plastische-arbeit-gallery-skulptur-2048x1365.jpg 2048w, https:\/\/www.galerie-metzger.de\/wp-content\/uploads\/2021\/02\/Norbert-Prangenberg-o.-T.-Nr.-9501-galerie-metzger-sculpture-art-plastische-arbeit-gallery-skulptur-1500x1000.jpg 1500w, https:\/\/www.galerie-metzger.de\/wp-content\/uploads\/2021\/02\/Norbert-Prangenberg-o.-T.-Nr.-9501-galerie-metzger-sculpture-art-plastische-arbeit-gallery-skulptur-600x400.jpg 600w, https:\/\/www.galerie-metzger.de\/wp-content\/uploads\/2021\/02\/Norbert-Prangenberg-o.-T.-Nr.-9501-galerie-metzger-sculpture-art-plastische-arbeit-gallery-skulptur-300x200.jpg 300w, https:\/\/www.galerie-metzger.de\/wp-content\/uploads\/2021\/02\/Norbert-Prangenberg-o.-T.-Nr.-9501-galerie-metzger-sculpture-art-plastische-arbeit-gallery-skulptur-900x600.jpg 900w, https:\/\/www.galerie-metzger.de\/wp-content\/uploads\/2021\/02\/Norbert-Prangenberg-o.-T.-Nr.-9501-galerie-metzger-sculpture-art-plastische-arbeit-gallery-skulptur-705x470.jpg 705w, https:\/\/www.galerie-metzger.de\/wp-content\/uploads\/2021\/02\/Norbert-Prangenberg-o.-T.-Nr.-9501-galerie-metzger-sculpture-art-plastische-arbeit-gallery-skulptur-450x300.jpg 450w\" sizes=\"(max-width: 400px) 100vw, 400px\" \/><\/a><\/div><\/div><\/div><br \/>\n<section  class='av_textblock_section av-av_textblock-2df6986536148a6092118248b21c996c' ><div class='avia_textblock jo_werk_anfrage' ><p><a class=\"anfrage\" href=\"mailto:info@galerie-metzger.de?subject=Norbert%20Prangenberg%20o. T. Nr. 9501%201996\">request information<\/a><\/p>\n<\/div><\/section><\/p><\/div><div class='av-flex-placeholder'><\/div>\n<style type=\"text\/css\" data-created_by=\"avia_inline_auto\" id=\"style-css-av-1gtfhzz-fd9ae249205f9c517fc1a4130749b6ac\">\n.flex_column.av-1gtfhzz-fd9ae249205f9c517fc1a4130749b6ac{\n-webkit-border-radius:0px 0px 0px 0px;\n-moz-border-radius:0px 0px 0px 0px;\nborder-radius:0px 0px 0px 0px;\n}\n<\/style>\n<div class='flex_column av-1gtfhzz-fd9ae249205f9c517fc1a4130749b6ac av_one_third  avia-builder-el-118  el_after_av_one_third  el_before_av_one_full  jo_pf_bild_bg flex_column_table_cell av-equal-height-column av-align-top av-animated-generic fade-in av-zero-column-padding column-top-margin'     ><p>\n<style type=\"text\/css\" data-created_by=\"avia_inline_auto\" id=\"style-css-av-av_image-a496da7204519c57795b40029769b106\">\n.avia-image-container.av-av_image-a496da7204519c57795b40029769b106 img.avia_image{\nbox-shadow:none;\n}\n.avia-image-container.av-av_image-a496da7204519c57795b40029769b106 .av-caption-image-overlay-bg{\nopacity:0.4;\n}\n<\/style>\n<div  class='avia-image-container av-av_image-a496da7204519c57795b40029769b106 av-styling-no-styling avia_animated_image av-animated-when-visible-95 fade-in avia-align-left  avia-builder-el-119  el_before_av_textblock  avia-builder-el-first  jo_pf_bild noHover av-overlay-hover-deactivate'  ><div class=\"avia-image-container-inner\"><div class=\"avia-image-overlay-wrap\"><a href=\"https:\/\/www.galerie-metzger.de\/wp-content\/uploads\/2021\/02\/Norbert-Prangenberg-o.-T.-Nr.-9501-galerie-metzger-sculpture-art-plastische-arbeit-gallery-kaufen-1030x687.jpg\" data-srcset=\"https:\/\/www.galerie-metzger.de\/wp-content\/uploads\/2021\/02\/Norbert-Prangenberg-o.-T.-Nr.-9501-galerie-metzger-sculpture-art-plastische-arbeit-gallery-kaufen-1030x687.jpg 1030w, https:\/\/www.galerie-metzger.de\/wp-content\/uploads\/2021\/02\/Norbert-Prangenberg-o.-T.-Nr.-9501-galerie-metzger-sculpture-art-plastische-arbeit-gallery-kaufen-400x267.jpg 400w, https:\/\/www.galerie-metzger.de\/wp-content\/uploads\/2021\/02\/Norbert-Prangenberg-o.-T.-Nr.-9501-galerie-metzger-sculpture-art-plastische-arbeit-gallery-kaufen-768x512.jpg 768w, https:\/\/www.galerie-metzger.de\/wp-content\/uploads\/2021\/02\/Norbert-Prangenberg-o.-T.-Nr.-9501-galerie-metzger-sculpture-art-plastische-arbeit-gallery-kaufen-1536x1024.jpg 1536w, https:\/\/www.galerie-metzger.de\/wp-content\/uploads\/2021\/02\/Norbert-Prangenberg-o.-T.-Nr.-9501-galerie-metzger-sculpture-art-plastische-arbeit-gallery-kaufen-2048x1365.jpg 2048w, https:\/\/www.galerie-metzger.de\/wp-content\/uploads\/2021\/02\/Norbert-Prangenberg-o.-T.-Nr.-9501-galerie-metzger-sculpture-art-plastische-arbeit-gallery-kaufen-1500x1000.jpg 1500w, https:\/\/www.galerie-metzger.de\/wp-content\/uploads\/2021\/02\/Norbert-Prangenberg-o.-T.-Nr.-9501-galerie-metzger-sculpture-art-plastische-arbeit-gallery-kaufen-600x400.jpg 600w, https:\/\/www.galerie-metzger.de\/wp-content\/uploads\/2021\/02\/Norbert-Prangenberg-o.-T.-Nr.-9501-galerie-metzger-sculpture-art-plastische-arbeit-gallery-kaufen-300x200.jpg 300w, https:\/\/www.galerie-metzger.de\/wp-content\/uploads\/2021\/02\/Norbert-Prangenberg-o.-T.-Nr.-9501-galerie-metzger-sculpture-art-plastische-arbeit-gallery-kaufen-900x600.jpg 900w, https:\/\/www.galerie-metzger.de\/wp-content\/uploads\/2021\/02\/Norbert-Prangenberg-o.-T.-Nr.-9501-galerie-metzger-sculpture-art-plastische-arbeit-gallery-kaufen-705x470.jpg 705w, https:\/\/www.galerie-metzger.de\/wp-content\/uploads\/2021\/02\/Norbert-Prangenberg-o.-T.-Nr.-9501-galerie-metzger-sculpture-art-plastische-arbeit-gallery-kaufen-450x300.jpg 450w\" data-sizes=\"(max-width: 1030px) 100vw, 1030px\" class='avia_image' ><div class=\"av-image-caption-overlay\"><div class=\"av-caption-image-overlay-bg\"><\/div><div class=\"av-image-caption-overlay-position\"><div class=\"av-image-caption-overlay-center\"><p>Norbert Prangenberg \u2013 untitled \u2013 1996, 14&#215;33 cm, 3. view, Foto: Edi Baumann<\/p>\n<\/div><\/div><\/div><img decoding=\"async\" class='wp-image-9229 avia-img-lazy-loading-not-9229 avia_image ' src=\"https:\/\/www.galerie-metzger.de\/wp-content\/uploads\/2021\/02\/Norbert-Prangenberg-o.-T.-Nr.-9501-galerie-metzger-sculpture-art-plastische-arbeit-gallery-kaufen-400x267.jpg\" alt='Norbert Prangenberg - o. T. - Nr. 9501' title='Norbert Prangenberg - o. T. - Nr. 9501'  height=\"267\" width=\"400\" srcset=\"https:\/\/www.galerie-metzger.de\/wp-content\/uploads\/2021\/02\/Norbert-Prangenberg-o.-T.-Nr.-9501-galerie-metzger-sculpture-art-plastische-arbeit-gallery-kaufen-400x267.jpg 400w, https:\/\/www.galerie-metzger.de\/wp-content\/uploads\/2021\/02\/Norbert-Prangenberg-o.-T.-Nr.-9501-galerie-metzger-sculpture-art-plastische-arbeit-gallery-kaufen-1030x687.jpg 1030w, https:\/\/www.galerie-metzger.de\/wp-content\/uploads\/2021\/02\/Norbert-Prangenberg-o.-T.-Nr.-9501-galerie-metzger-sculpture-art-plastische-arbeit-gallery-kaufen-768x512.jpg 768w, https:\/\/www.galerie-metzger.de\/wp-content\/uploads\/2021\/02\/Norbert-Prangenberg-o.-T.-Nr.-9501-galerie-metzger-sculpture-art-plastische-arbeit-gallery-kaufen-1536x1024.jpg 1536w, https:\/\/www.galerie-metzger.de\/wp-content\/uploads\/2021\/02\/Norbert-Prangenberg-o.-T.-Nr.-9501-galerie-metzger-sculpture-art-plastische-arbeit-gallery-kaufen-2048x1365.jpg 2048w, https:\/\/www.galerie-metzger.de\/wp-content\/uploads\/2021\/02\/Norbert-Prangenberg-o.-T.-Nr.-9501-galerie-metzger-sculpture-art-plastische-arbeit-gallery-kaufen-1500x1000.jpg 1500w, https:\/\/www.galerie-metzger.de\/wp-content\/uploads\/2021\/02\/Norbert-Prangenberg-o.-T.-Nr.-9501-galerie-metzger-sculpture-art-plastische-arbeit-gallery-kaufen-600x400.jpg 600w, https:\/\/www.galerie-metzger.de\/wp-content\/uploads\/2021\/02\/Norbert-Prangenberg-o.-T.-Nr.-9501-galerie-metzger-sculpture-art-plastische-arbeit-gallery-kaufen-300x200.jpg 300w, https:\/\/www.galerie-metzger.de\/wp-content\/uploads\/2021\/02\/Norbert-Prangenberg-o.-T.-Nr.-9501-galerie-metzger-sculpture-art-plastische-arbeit-gallery-kaufen-900x600.jpg 900w, https:\/\/www.galerie-metzger.de\/wp-content\/uploads\/2021\/02\/Norbert-Prangenberg-o.-T.-Nr.-9501-galerie-metzger-sculpture-art-plastische-arbeit-gallery-kaufen-705x470.jpg 705w, https:\/\/www.galerie-metzger.de\/wp-content\/uploads\/2021\/02\/Norbert-Prangenberg-o.-T.-Nr.-9501-galerie-metzger-sculpture-art-plastische-arbeit-gallery-kaufen-450x300.jpg 450w\" sizes=\"(max-width: 400px) 100vw, 400px\" \/><\/a><\/div><\/div><\/div><br \/>\n<section  class='av_textblock_section av-av_textblock-2df6986536148a6092118248b21c996c' ><div class='avia_textblock jo_werk_anfrage' ><p><a class=\"anfrage\" href=\"mailto:info@galerie-metzger.de?subject=Norbert%20Prangenberg%20o. T. Nr. 9501%201996\">request information<\/a><\/p>\n<\/div><\/section><\/p><\/div><\/div><!--close column table wrapper. Autoclose: 1 --><div class='flex_column_table av-24u7m67-97d938777d7b778a4918786b6515b74e sc-av_one_full av-equal-height-column-flextable'>\n<style type=\"text\/css\" data-created_by=\"avia_inline_auto\" id=\"style-css-av-24u7m67-97d938777d7b778a4918786b6515b74e\">\n.flex_column.av-24u7m67-97d938777d7b778a4918786b6515b74e{\n-webkit-border-radius:0px 0px 0px 0px;\n-moz-border-radius:0px 0px 0px 0px;\nborder-radius:0px 0px 0px 0px;\n}\n<\/style>\n<div class='flex_column av-24u7m67-97d938777d7b778a4918786b6515b74e av_one_full  avia-builder-el-121  el_after_av_one_third  el_before_av_one_third  jo_col_empty first flex_column_table_cell av-equal-height-column av-align-top av-animated-generic fade-in av-zero-column-padding column-top-margin'     ><section  class='av_textblock_section av-23pq51b-93bfdaad90a564136b90e54ea6628052' ><div class='avia_textblock' ><p>invisible placeholder<\/p>\n<\/div><\/section><\/div><\/div><!--close column table wrapper. Autoclose: 1 --><div class='flex_column_table av-1gtfhzz-05b623446118c7272bde0d04add552e2 sc-av_one_full av-equal-height-column-flextable'>\n<style type=\"text\/css\" data-created_by=\"avia_inline_auto\" id=\"style-css-av-1gtfhzz-05b623446118c7272bde0d04add552e2\">\n.flex_column.av-1gtfhzz-05b623446118c7272bde0d04add552e2{\n-webkit-border-radius:0px 0px 0px 0px;\n-moz-border-radius:0px 0px 0px 0px;\nborder-radius:0px 0px 0px 0px;\n}\n<\/style>\n<div class='flex_column av-1gtfhzz-05b623446118c7272bde0d04add552e2 av_one_full  jo_pf_bild_bg first flex_column_table_cell av-equal-height-column av-align-top av-animated-generic fade-in av-zero-column-padding '     ><p>\n<style type=\"text\/css\" data-created_by=\"avia_inline_auto\" id=\"style-css-av-av_image-c74cbae41f351830c8ed06fd8305ccae\">\n.avia-image-container.av-av_image-c74cbae41f351830c8ed06fd8305ccae img.avia_image{\nbox-shadow:none;\n}\n.avia-image-container.av-av_image-c74cbae41f351830c8ed06fd8305ccae .av-caption-image-overlay-bg{\nopacity:0.4;\n}\n<\/style>\n<div  class='avia-image-container av-av_image-c74cbae41f351830c8ed06fd8305ccae av-styling-no-styling avia_animated_image av-animated-when-visible-95 fade-in avia-align-left  jo_pf_bild noHover av-overlay-hover-deactivate'  ><div class=\"avia-image-container-inner\"><div class=\"avia-image-overlay-wrap\"><a href=\"https:\/\/www.galerie-metzger.de\/wp-content\/uploads\/2021\/03\/norbert-prangenberg-ot-6895-henkelformen-galerie-metzger-ceramic-art-object-keramik-gallery-aschaffenburg-1030x667.jpg\" data-srcset=\"https:\/\/www.galerie-metzger.de\/wp-content\/uploads\/2021\/03\/norbert-prangenberg-ot-6895-henkelformen-galerie-metzger-ceramic-art-object-keramik-gallery-aschaffenburg-1030x667.jpg 1030w, https:\/\/www.galerie-metzger.de\/wp-content\/uploads\/2021\/03\/norbert-prangenberg-ot-6895-henkelformen-galerie-metzger-ceramic-art-object-keramik-gallery-aschaffenburg-400x259.jpg 400w, https:\/\/www.galerie-metzger.de\/wp-content\/uploads\/2021\/03\/norbert-prangenberg-ot-6895-henkelformen-galerie-metzger-ceramic-art-object-keramik-gallery-aschaffenburg-768x498.jpg 768w, https:\/\/www.galerie-metzger.de\/wp-content\/uploads\/2021\/03\/norbert-prangenberg-ot-6895-henkelformen-galerie-metzger-ceramic-art-object-keramik-gallery-aschaffenburg-1536x995.jpg 1536w, https:\/\/www.galerie-metzger.de\/wp-content\/uploads\/2021\/03\/norbert-prangenberg-ot-6895-henkelformen-galerie-metzger-ceramic-art-object-keramik-gallery-aschaffenburg-2048x1327.jpg 2048w, https:\/\/www.galerie-metzger.de\/wp-content\/uploads\/2021\/03\/norbert-prangenberg-ot-6895-henkelformen-galerie-metzger-ceramic-art-object-keramik-gallery-aschaffenburg-1500x972.jpg 1500w, https:\/\/www.galerie-metzger.de\/wp-content\/uploads\/2021\/03\/norbert-prangenberg-ot-6895-henkelformen-galerie-metzger-ceramic-art-object-keramik-gallery-aschaffenburg-705x457.jpg 705w, https:\/\/www.galerie-metzger.de\/wp-content\/uploads\/2021\/03\/norbert-prangenberg-ot-6895-henkelformen-galerie-metzger-ceramic-art-object-keramik-gallery-aschaffenburg-450x292.jpg 450w\" data-sizes=\"(max-width: 1030px) 100vw, 1030px\" class='avia_image' ><div class=\"av-image-caption-overlay\"><div class=\"av-caption-image-overlay-bg\"><\/div><div class=\"av-image-caption-overlay-position\"><div class=\"av-image-caption-overlay-center\"><p>Norbert Prangenberg \u2013 untitled \u2013 ca. 2006, 22&#215;46 cm, 2. Ansicht, Foto: Edi Baumann<\/p>\n<\/div><\/div><\/div><img decoding=\"async\" class='wp-image-9265 avia-img-lazy-loading-not-9265 avia_image ' src=\"https:\/\/www.galerie-metzger.de\/wp-content\/uploads\/2021\/03\/norbert-prangenberg-ot-6895-henkelformen-galerie-metzger-ceramic-art-object-keramik-gallery-aschaffenburg-1500x972.jpg\" alt='Norbert Prangenberg - o. T. - Nr. 6895' title='norbert-prangenberg-ot-6895-henkelformen-galerie-metzger-ceramic-art-object-keramik-gallery-aschaffenburg'  height=\"972\" width=\"1500\" srcset=\"https:\/\/www.galerie-metzger.de\/wp-content\/uploads\/2021\/03\/norbert-prangenberg-ot-6895-henkelformen-galerie-metzger-ceramic-art-object-keramik-gallery-aschaffenburg-1500x972.jpg 1500w, https:\/\/www.galerie-metzger.de\/wp-content\/uploads\/2021\/03\/norbert-prangenberg-ot-6895-henkelformen-galerie-metzger-ceramic-art-object-keramik-gallery-aschaffenburg-400x259.jpg 400w, https:\/\/www.galerie-metzger.de\/wp-content\/uploads\/2021\/03\/norbert-prangenberg-ot-6895-henkelformen-galerie-metzger-ceramic-art-object-keramik-gallery-aschaffenburg-1030x667.jpg 1030w, https:\/\/www.galerie-metzger.de\/wp-content\/uploads\/2021\/03\/norbert-prangenberg-ot-6895-henkelformen-galerie-metzger-ceramic-art-object-keramik-gallery-aschaffenburg-768x498.jpg 768w, https:\/\/www.galerie-metzger.de\/wp-content\/uploads\/2021\/03\/norbert-prangenberg-ot-6895-henkelformen-galerie-metzger-ceramic-art-object-keramik-gallery-aschaffenburg-1536x995.jpg 1536w, https:\/\/www.galerie-metzger.de\/wp-content\/uploads\/2021\/03\/norbert-prangenberg-ot-6895-henkelformen-galerie-metzger-ceramic-art-object-keramik-gallery-aschaffenburg-2048x1327.jpg 2048w, https:\/\/www.galerie-metzger.de\/wp-content\/uploads\/2021\/03\/norbert-prangenberg-ot-6895-henkelformen-galerie-metzger-ceramic-art-object-keramik-gallery-aschaffenburg-705x457.jpg 705w, https:\/\/www.galerie-metzger.de\/wp-content\/uploads\/2021\/03\/norbert-prangenberg-ot-6895-henkelformen-galerie-metzger-ceramic-art-object-keramik-gallery-aschaffenburg-450x292.jpg 450w\" sizes=\"(max-width: 1500px) 100vw, 1500px\" \/><\/a><\/div><\/div><\/div><br \/>\n<section  class='av_textblock_section av-av_textblock-2df6986536148a6092118248b21c996c' ><div class='avia_textblock jo_werk_anfrage' ><p><a class=\"anfrage\" href=\"mailto:info@galerie-metzger.de?subject=Norbert%20Prangenberg%20o. T. Nr. 6895%20ca. 2006\">request information<\/a><\/p>\n<\/div><\/section><\/p><\/div><\/div><!--close column table wrapper. Autoclose: 1 --><div class='flex_column_table av-24u7m67-97d938777d7b778a4918786b6515b74e sc-av_one_full av-equal-height-column-flextable'>\n<style type=\"text\/css\" data-created_by=\"avia_inline_auto\" id=\"style-css-av-24u7m67-97d938777d7b778a4918786b6515b74e\">\n.flex_column.av-24u7m67-97d938777d7b778a4918786b6515b74e{\n-webkit-border-radius:0px 0px 0px 0px;\n-moz-border-radius:0px 0px 0px 0px;\nborder-radius:0px 0px 0px 0px;\n}\n<\/style>\n<div class='flex_column av-24u7m67-97d938777d7b778a4918786b6515b74e av_one_full  jo_col_empty first flex_column_table_cell av-equal-height-column av-align-top av-animated-generic fade-in av-zero-column-padding '     ><section  class='av_textblock_section av-23pq51b-93bfdaad90a564136b90e54ea6628052' ><div class='avia_textblock' ><p>invisible placeholder<\/p>\n<\/div><\/section><\/div><\/div><!--close column table wrapper. Autoclose: 1 --><div class='flex_column_table av-1gtfhzz-05b623446118c7272bde0d04add552e2 sc-av_one_half av-equal-height-column-flextable'>\n<style type=\"text\/css\" data-created_by=\"avia_inline_auto\" id=\"style-css-av-1gtfhzz-05b623446118c7272bde0d04add552e2\">\n.flex_column.av-1gtfhzz-05b623446118c7272bde0d04add552e2{\n-webkit-border-radius:0px 0px 0px 0px;\n-moz-border-radius:0px 0px 0px 0px;\nborder-radius:0px 0px 0px 0px;\n}\n<\/style>\n<div class='flex_column av-1gtfhzz-05b623446118c7272bde0d04add552e2 av_one_half  jo_pf_bild_bg first flex_column_table_cell av-equal-height-column av-align-top av-animated-generic fade-in av-zero-column-padding '     ><style type=\"text\/css\" data-created_by=\"avia_inline_auto\" id=\"style-css-av-av_image-44be315f045f54fb9d78ba95994fc7fc\">\n.avia-image-container.av-av_image-44be315f045f54fb9d78ba95994fc7fc img.avia_image{\nbox-shadow:none;\n}\n.avia-image-container.av-av_image-44be315f045f54fb9d78ba95994fc7fc .av-caption-image-overlay-bg{\nopacity:0.4;\n}\n<\/style>\n<div  class='avia-image-container av-av_image-44be315f045f54fb9d78ba95994fc7fc av-styling-no-styling avia_animated_image av-animated-when-visible-95 fade-in avia-align-left  jo_pf_bild noHover av-overlay-hover-deactivate'  ><div class=\"avia-image-container-inner\"><div class=\"avia-image-overlay-wrap\"><a href=\"https:\/\/www.galerie-metzger.de\/wp-content\/uploads\/2021\/03\/Norbert-Prangenberg-o.-T.-Nr.-6895-galerie-metzger-art-sculpture-kunst-keramik-gallery-skulptur-1030x687.jpg\" data-srcset=\"https:\/\/www.galerie-metzger.de\/wp-content\/uploads\/2021\/03\/Norbert-Prangenberg-o.-T.-Nr.-6895-galerie-metzger-art-sculpture-kunst-keramik-gallery-skulptur-1030x687.jpg 1030w, https:\/\/www.galerie-metzger.de\/wp-content\/uploads\/2021\/03\/Norbert-Prangenberg-o.-T.-Nr.-6895-galerie-metzger-art-sculpture-kunst-keramik-gallery-skulptur-400x267.jpg 400w, https:\/\/www.galerie-metzger.de\/wp-content\/uploads\/2021\/03\/Norbert-Prangenberg-o.-T.-Nr.-6895-galerie-metzger-art-sculpture-kunst-keramik-gallery-skulptur-768x512.jpg 768w, https:\/\/www.galerie-metzger.de\/wp-content\/uploads\/2021\/03\/Norbert-Prangenberg-o.-T.-Nr.-6895-galerie-metzger-art-sculpture-kunst-keramik-gallery-skulptur-1536x1024.jpg 1536w, https:\/\/www.galerie-metzger.de\/wp-content\/uploads\/2021\/03\/Norbert-Prangenberg-o.-T.-Nr.-6895-galerie-metzger-art-sculpture-kunst-keramik-gallery-skulptur-2048x1365.jpg 2048w, https:\/\/www.galerie-metzger.de\/wp-content\/uploads\/2021\/03\/Norbert-Prangenberg-o.-T.-Nr.-6895-galerie-metzger-art-sculpture-kunst-keramik-gallery-skulptur-1500x1000.jpg 1500w, https:\/\/www.galerie-metzger.de\/wp-content\/uploads\/2021\/03\/Norbert-Prangenberg-o.-T.-Nr.-6895-galerie-metzger-art-sculpture-kunst-keramik-gallery-skulptur-600x400.jpg 600w, https:\/\/www.galerie-metzger.de\/wp-content\/uploads\/2021\/03\/Norbert-Prangenberg-o.-T.-Nr.-6895-galerie-metzger-art-sculpture-kunst-keramik-gallery-skulptur-300x200.jpg 300w, https:\/\/www.galerie-metzger.de\/wp-content\/uploads\/2021\/03\/Norbert-Prangenberg-o.-T.-Nr.-6895-galerie-metzger-art-sculpture-kunst-keramik-gallery-skulptur-900x600.jpg 900w, https:\/\/www.galerie-metzger.de\/wp-content\/uploads\/2021\/03\/Norbert-Prangenberg-o.-T.-Nr.-6895-galerie-metzger-art-sculpture-kunst-keramik-gallery-skulptur-705x470.jpg 705w, https:\/\/www.galerie-metzger.de\/wp-content\/uploads\/2021\/03\/Norbert-Prangenberg-o.-T.-Nr.-6895-galerie-metzger-art-sculpture-kunst-keramik-gallery-skulptur-450x300.jpg 450w\" data-sizes=\"(max-width: 1030px) 100vw, 1030px\" class='avia_image' ><div class=\"av-image-caption-overlay\"><div class=\"av-caption-image-overlay-bg\"><\/div><div class=\"av-image-caption-overlay-position\"><div class=\"av-image-caption-overlay-center\"><p>Norbert Prangenberg \u2013 untitled \u2013 ca. 2006, 22&#215;46 cm, Detail Ansicht, Foto: Edi Baumann<\/p>\n<\/div><\/div><\/div><img decoding=\"async\" class='wp-image-9242 avia-img-lazy-loading-not-9242 avia_image ' src=\"https:\/\/www.galerie-metzger.de\/wp-content\/uploads\/2021\/03\/Norbert-Prangenberg-o.-T.-Nr.-6895-galerie-metzger-art-sculpture-kunst-keramik-gallery-skulptur.jpg\" alt='Norbert Prangenberg - o. T. - Nr. 6895' title='Norbert Prangenberg - o. T. - Nr. 6895'  height=\"1707\" width=\"2560\"  \/><\/a><\/div><\/div><\/div><\/div><\/div><!--close column table wrapper. Autoclose: 1 --><div class='flex_column_table av-1gtfhzz-fd9ae249205f9c517fc1a4130749b6ac sc-av_one_half av-equal-height-column-flextable'><div class='av-flex-placeholder'><\/div>\n<style type=\"text\/css\" data-created_by=\"avia_inline_auto\" id=\"style-css-av-1gtfhzz-fd9ae249205f9c517fc1a4130749b6ac\">\n.flex_column.av-1gtfhzz-fd9ae249205f9c517fc1a4130749b6ac{\n-webkit-border-radius:0px 0px 0px 0px;\n-moz-border-radius:0px 0px 0px 0px;\nborder-radius:0px 0px 0px 0px;\n}\n<\/style>\n<div class='flex_column av-1gtfhzz-fd9ae249205f9c517fc1a4130749b6ac av_one_half  jo_pf_bild_bg flex_column_table_cell av-equal-height-column av-align-top av-animated-generic fade-in av-zero-column-padding '     ><p>\n<style type=\"text\/css\" data-created_by=\"avia_inline_auto\" id=\"style-css-av-av_image-5c655092d70acb5f11810890d78a580f\">\n.avia-image-container.av-av_image-5c655092d70acb5f11810890d78a580f img.avia_image{\nbox-shadow:none;\n}\n.avia-image-container.av-av_image-5c655092d70acb5f11810890d78a580f .av-caption-image-overlay-bg{\nopacity:0.4;\n}\n<\/style>\n<div  class='avia-image-container av-av_image-5c655092d70acb5f11810890d78a580f av-styling-no-styling avia_animated_image av-animated-when-visible-95 fade-in avia-align-left  jo_pf_bild noHover av-overlay-hover-deactivate'  ><div class=\"avia-image-container-inner\"><div class=\"avia-image-overlay-wrap\"><a href=\"https:\/\/www.galerie-metzger.de\/wp-content\/uploads\/2021\/03\/Norbert-Prangenberg-o.-T.-Nr.-6895-galerie-metzger-art-sculpture-kunst-keramik-gallery-1030x687.jpg\" data-srcset=\"https:\/\/www.galerie-metzger.de\/wp-content\/uploads\/2021\/03\/Norbert-Prangenberg-o.-T.-Nr.-6895-galerie-metzger-art-sculpture-kunst-keramik-gallery-1030x687.jpg 1030w, https:\/\/www.galerie-metzger.de\/wp-content\/uploads\/2021\/03\/Norbert-Prangenberg-o.-T.-Nr.-6895-galerie-metzger-art-sculpture-kunst-keramik-gallery-400x267.jpg 400w, https:\/\/www.galerie-metzger.de\/wp-content\/uploads\/2021\/03\/Norbert-Prangenberg-o.-T.-Nr.-6895-galerie-metzger-art-sculpture-kunst-keramik-gallery-768x512.jpg 768w, https:\/\/www.galerie-metzger.de\/wp-content\/uploads\/2021\/03\/Norbert-Prangenberg-o.-T.-Nr.-6895-galerie-metzger-art-sculpture-kunst-keramik-gallery-1536x1024.jpg 1536w, https:\/\/www.galerie-metzger.de\/wp-content\/uploads\/2021\/03\/Norbert-Prangenberg-o.-T.-Nr.-6895-galerie-metzger-art-sculpture-kunst-keramik-gallery-2048x1365.jpg 2048w, https:\/\/www.galerie-metzger.de\/wp-content\/uploads\/2021\/03\/Norbert-Prangenberg-o.-T.-Nr.-6895-galerie-metzger-art-sculpture-kunst-keramik-gallery-1500x1000.jpg 1500w, https:\/\/www.galerie-metzger.de\/wp-content\/uploads\/2021\/03\/Norbert-Prangenberg-o.-T.-Nr.-6895-galerie-metzger-art-sculpture-kunst-keramik-gallery-600x400.jpg 600w, https:\/\/www.galerie-metzger.de\/wp-content\/uploads\/2021\/03\/Norbert-Prangenberg-o.-T.-Nr.-6895-galerie-metzger-art-sculpture-kunst-keramik-gallery-300x200.jpg 300w, https:\/\/www.galerie-metzger.de\/wp-content\/uploads\/2021\/03\/Norbert-Prangenberg-o.-T.-Nr.-6895-galerie-metzger-art-sculpture-kunst-keramik-gallery-900x600.jpg 900w, https:\/\/www.galerie-metzger.de\/wp-content\/uploads\/2021\/03\/Norbert-Prangenberg-o.-T.-Nr.-6895-galerie-metzger-art-sculpture-kunst-keramik-gallery-705x470.jpg 705w, https:\/\/www.galerie-metzger.de\/wp-content\/uploads\/2021\/03\/Norbert-Prangenberg-o.-T.-Nr.-6895-galerie-metzger-art-sculpture-kunst-keramik-gallery-450x300.jpg 450w\" data-sizes=\"(max-width: 1030px) 100vw, 1030px\" class='avia_image' ><div class=\"av-image-caption-overlay\"><div class=\"av-caption-image-overlay-bg\"><\/div><div class=\"av-image-caption-overlay-position\"><div class=\"av-image-caption-overlay-center\"><p>Norbert Prangenberg \u2013 untitled \u2013 ca. 2006, 22&#215;46 cm, Foto: Edi Baumann<\/p>\n<\/div><\/div><\/div><img decoding=\"async\" class='wp-image-9244 avia-img-lazy-loading-not-9244 avia_image ' src=\"https:\/\/www.galerie-metzger.de\/wp-content\/uploads\/2021\/03\/Norbert-Prangenberg-o.-T.-Nr.-6895-galerie-metzger-art-sculpture-kunst-keramik-gallery-600x400.jpg\" alt='Norbert Prangenberg - o. T. - Nr. 6895' title='Norbert Prangenberg - o. T. - Nr. 6895'  height=\"330\" width=\"495\" srcset=\"https:\/\/www.galerie-metzger.de\/wp-content\/uploads\/2021\/03\/Norbert-Prangenberg-o.-T.-Nr.-6895-galerie-metzger-art-sculpture-kunst-keramik-gallery-600x400.jpg 600w, https:\/\/www.galerie-metzger.de\/wp-content\/uploads\/2021\/03\/Norbert-Prangenberg-o.-T.-Nr.-6895-galerie-metzger-art-sculpture-kunst-keramik-gallery-400x267.jpg 400w, https:\/\/www.galerie-metzger.de\/wp-content\/uploads\/2021\/03\/Norbert-Prangenberg-o.-T.-Nr.-6895-galerie-metzger-art-sculpture-kunst-keramik-gallery-1030x687.jpg 1030w, https:\/\/www.galerie-metzger.de\/wp-content\/uploads\/2021\/03\/Norbert-Prangenberg-o.-T.-Nr.-6895-galerie-metzger-art-sculpture-kunst-keramik-gallery-768x512.jpg 768w, https:\/\/www.galerie-metzger.de\/wp-content\/uploads\/2021\/03\/Norbert-Prangenberg-o.-T.-Nr.-6895-galerie-metzger-art-sculpture-kunst-keramik-gallery-1536x1024.jpg 1536w, https:\/\/www.galerie-metzger.de\/wp-content\/uploads\/2021\/03\/Norbert-Prangenberg-o.-T.-Nr.-6895-galerie-metzger-art-sculpture-kunst-keramik-gallery-2048x1365.jpg 2048w, https:\/\/www.galerie-metzger.de\/wp-content\/uploads\/2021\/03\/Norbert-Prangenberg-o.-T.-Nr.-6895-galerie-metzger-art-sculpture-kunst-keramik-gallery-1500x1000.jpg 1500w, https:\/\/www.galerie-metzger.de\/wp-content\/uploads\/2021\/03\/Norbert-Prangenberg-o.-T.-Nr.-6895-galerie-metzger-art-sculpture-kunst-keramik-gallery-300x200.jpg 300w, https:\/\/www.galerie-metzger.de\/wp-content\/uploads\/2021\/03\/Norbert-Prangenberg-o.-T.-Nr.-6895-galerie-metzger-art-sculpture-kunst-keramik-gallery-900x600.jpg 900w, https:\/\/www.galerie-metzger.de\/wp-content\/uploads\/2021\/03\/Norbert-Prangenberg-o.-T.-Nr.-6895-galerie-metzger-art-sculpture-kunst-keramik-gallery-705x470.jpg 705w, https:\/\/www.galerie-metzger.de\/wp-content\/uploads\/2021\/03\/Norbert-Prangenberg-o.-T.-Nr.-6895-galerie-metzger-art-sculpture-kunst-keramik-gallery-450x300.jpg 450w\" sizes=\"(max-width: 495px) 100vw, 495px\" \/><\/a><\/div><\/div><\/div><br \/>\n<section  class='av_textblock_section av-av_textblock-2df6986536148a6092118248b21c996c' ><div class='avia_textblock jo_werk_anfrage' ><p><a class=\"anfrage\" href=\"mailto:info@galerie-metzger.de?subject=Norbert%20Prangenberg%20o. T. Nr. 6895%20ca. 2006\">request information<\/a><\/p>\n<\/div><\/section><\/p><\/div><\/div><!--close column table wrapper. Autoclose: 1 --><div class='flex_column_table av-24u7m67-97d938777d7b778a4918786b6515b74e sc-av_one_full av-equal-height-column-flextable'>\n<style type=\"text\/css\" data-created_by=\"avia_inline_auto\" id=\"style-css-av-24u7m67-97d938777d7b778a4918786b6515b74e\">\n.flex_column.av-24u7m67-97d938777d7b778a4918786b6515b74e{\n-webkit-border-radius:0px 0px 0px 0px;\n-moz-border-radius:0px 0px 0px 0px;\nborder-radius:0px 0px 0px 0px;\n}\n<\/style>\n<div class='flex_column av-24u7m67-97d938777d7b778a4918786b6515b74e av_one_full  jo_col_empty first flex_column_table_cell av-equal-height-column av-align-top av-animated-generic fade-in av-zero-column-padding '     ><section  class='av_textblock_section av-23pq51b-93bfdaad90a564136b90e54ea6628052' ><div class='avia_textblock' ><p>invisible placeholder<\/p>\n<\/div><\/section><\/div><\/div><!--close column table wrapper. Autoclose: 1 --><div class='flex_column_table av-1gtfhzz-05b623446118c7272bde0d04add552e2 sc-av_one_full av-equal-height-column-flextable'>\n<style type=\"text\/css\" data-created_by=\"avia_inline_auto\" id=\"style-css-av-1gtfhzz-05b623446118c7272bde0d04add552e2\">\n.flex_column.av-1gtfhzz-05b623446118c7272bde0d04add552e2{\n-webkit-border-radius:0px 0px 0px 0px;\n-moz-border-radius:0px 0px 0px 0px;\nborder-radius:0px 0px 0px 0px;\n}\n<\/style>\n<div class='flex_column av-1gtfhzz-05b623446118c7272bde0d04add552e2 av_one_full  jo_pf_bild_bg first flex_column_table_cell av-equal-height-column av-align-top av-animated-generic fade-in av-zero-column-padding '     ><style type=\"text\/css\" data-created_by=\"avia_inline_auto\" id=\"style-css-av-av_image-0405e1c9b9018324d047f67d3c3acb4c\">\n.avia-image-container.av-av_image-0405e1c9b9018324d047f67d3c3acb4c img.avia_image{\nbox-shadow:none;\n}\n.avia-image-container.av-av_image-0405e1c9b9018324d047f67d3c3acb4c .av-caption-image-overlay-bg{\nopacity:0.4;\n}\n<\/style>\n<div  class='avia-image-container av-av_image-0405e1c9b9018324d047f67d3c3acb4c av-styling-no-styling avia_animated_image av-animated-when-visible-95 fade-in avia-align-left  jo_pf_bild noHover av-overlay-hover-deactivate'  ><div class=\"avia-image-container-inner\"><div class=\"avia-image-overlay-wrap\"><a href=\"https:\/\/www.galerie-metzger.de\/wp-content\/uploads\/2021\/04\/Norbert-Prangenberg-Blick-in-die-Ausstellung-galerie-metzger-gallery-kunst-sculpture-plastische-arbeit-kaufen-1030x475.jpg\" data-srcset=\"https:\/\/www.galerie-metzger.de\/wp-content\/uploads\/2021\/04\/Norbert-Prangenberg-Blick-in-die-Ausstellung-galerie-metzger-gallery-kunst-sculpture-plastische-arbeit-kaufen-1030x475.jpg 1030w, https:\/\/www.galerie-metzger.de\/wp-content\/uploads\/2021\/04\/Norbert-Prangenberg-Blick-in-die-Ausstellung-galerie-metzger-gallery-kunst-sculpture-plastische-arbeit-kaufen-400x184.jpg 400w, https:\/\/www.galerie-metzger.de\/wp-content\/uploads\/2021\/04\/Norbert-Prangenberg-Blick-in-die-Ausstellung-galerie-metzger-gallery-kunst-sculpture-plastische-arbeit-kaufen-768x354.jpg 768w, https:\/\/www.galerie-metzger.de\/wp-content\/uploads\/2021\/04\/Norbert-Prangenberg-Blick-in-die-Ausstellung-galerie-metzger-gallery-kunst-sculpture-plastische-arbeit-kaufen-1536x708.jpg 1536w, https:\/\/www.galerie-metzger.de\/wp-content\/uploads\/2021\/04\/Norbert-Prangenberg-Blick-in-die-Ausstellung-galerie-metzger-gallery-kunst-sculpture-plastische-arbeit-kaufen-2048x945.jpg 2048w, https:\/\/www.galerie-metzger.de\/wp-content\/uploads\/2021\/04\/Norbert-Prangenberg-Blick-in-die-Ausstellung-galerie-metzger-gallery-kunst-sculpture-plastische-arbeit-kaufen-1500x692.jpg 1500w, https:\/\/www.galerie-metzger.de\/wp-content\/uploads\/2021\/04\/Norbert-Prangenberg-Blick-in-die-Ausstellung-galerie-metzger-gallery-kunst-sculpture-plastische-arbeit-kaufen-705x325.jpg 705w, https:\/\/www.galerie-metzger.de\/wp-content\/uploads\/2021\/04\/Norbert-Prangenberg-Blick-in-die-Ausstellung-galerie-metzger-gallery-kunst-sculpture-plastische-arbeit-kaufen-450x208.jpg 450w\" data-sizes=\"(max-width: 1030px) 100vw, 1030px\" class='avia_image' ><div class=\"av-image-caption-overlay\"><div class=\"av-caption-image-overlay-bg\"><\/div><div class=\"av-image-caption-overlay-position\"><div class=\"av-image-caption-overlay-center\"><p>Norbert Prangenberg \u2013 view into the exhibition \u2013 , Foto: Edi Baumann<\/p>\n<\/div><\/div><\/div><img decoding=\"async\" class='wp-image-9317 avia-img-lazy-loading-not-9317 avia_image ' src=\"https:\/\/www.galerie-metzger.de\/wp-content\/uploads\/2021\/04\/Norbert-Prangenberg-Blick-in-die-Ausstellung-galerie-metzger-gallery-kunst-sculpture-plastische-arbeit-kaufen.jpg\" alt='Norbert Prangenberg - Blick in die Ausstellung' title='Norbert Prangenberg - Blick in die Ausstellung'  height=\"1181\" width=\"2560\"  \/><\/a><\/div><\/div><\/div><\/div><\/div><!--close column table wrapper. Autoclose: 1 --><div class='flex_column_table av-24u7m67-97d938777d7b778a4918786b6515b74e sc-av_one_full av-equal-height-column-flextable'>\n<style type=\"text\/css\" data-created_by=\"avia_inline_auto\" id=\"style-css-av-24u7m67-97d938777d7b778a4918786b6515b74e\">\n.flex_column.av-24u7m67-97d938777d7b778a4918786b6515b74e{\n-webkit-border-radius:0px 0px 0px 0px;\n-moz-border-radius:0px 0px 0px 0px;\nborder-radius:0px 0px 0px 0px;\n}\n<\/style>\n<div class='flex_column av-24u7m67-97d938777d7b778a4918786b6515b74e av_one_full  jo_col_empty first flex_column_table_cell av-equal-height-column av-align-top av-animated-generic fade-in av-zero-column-padding '     ><section  class='av_textblock_section av-23pq51b-93bfdaad90a564136b90e54ea6628052' ><div class='avia_textblock' ><p>invisible placeholder<\/p>\n<\/div><\/section><\/div><\/div><!--close column table wrapper. Autoclose: 1 --><div class='flex_column_table av-1gtfhzz-05b623446118c7272bde0d04add552e2 sc-av_one_half av-equal-height-column-flextable'>\n<style type=\"text\/css\" data-created_by=\"avia_inline_auto\" id=\"style-css-av-1gtfhzz-05b623446118c7272bde0d04add552e2\">\n.flex_column.av-1gtfhzz-05b623446118c7272bde0d04add552e2{\n-webkit-border-radius:0px 0px 0px 0px;\n-moz-border-radius:0px 0px 0px 0px;\nborder-radius:0px 0px 0px 0px;\n}\n<\/style>\n<div class='flex_column av-1gtfhzz-05b623446118c7272bde0d04add552e2 av_one_half  jo_pf_bild_bg first flex_column_table_cell av-equal-height-column av-align-top av-animated-generic fade-in av-zero-column-padding '     ><p>\n<style type=\"text\/css\" data-created_by=\"avia_inline_auto\" id=\"style-css-av-av_image-b208e36cdda55ddf00774bdff64a088b\">\n.avia-image-container.av-av_image-b208e36cdda55ddf00774bdff64a088b img.avia_image{\nbox-shadow:none;\n}\n.avia-image-container.av-av_image-b208e36cdda55ddf00774bdff64a088b .av-caption-image-overlay-bg{\nopacity:0.4;\n}\n<\/style>\n<div  class='avia-image-container av-av_image-b208e36cdda55ddf00774bdff64a088b av-styling-no-styling avia_animated_image av-animated-when-visible-95 fade-in avia-align-left  jo_pf_bild noHover av-overlay-hover-deactivate'  ><div class=\"avia-image-container-inner\"><div class=\"avia-image-overlay-wrap\"><a href=\"https:\/\/www.galerie-metzger.de\/wp-content\/uploads\/2021\/01\/Herve-Rousseau-grosse-Schale-galerie-metzger-ceramic-art-object-keramik-gallery-1030x686.jpg\" data-srcset=\"https:\/\/www.galerie-metzger.de\/wp-content\/uploads\/2021\/01\/Herve-Rousseau-grosse-Schale-galerie-metzger-ceramic-art-object-keramik-gallery-1030x686.jpg 1030w, https:\/\/www.galerie-metzger.de\/wp-content\/uploads\/2021\/01\/Herve-Rousseau-grosse-Schale-galerie-metzger-ceramic-art-object-keramik-gallery-400x267.jpg 400w, https:\/\/www.galerie-metzger.de\/wp-content\/uploads\/2021\/01\/Herve-Rousseau-grosse-Schale-galerie-metzger-ceramic-art-object-keramik-gallery-768x512.jpg 768w, https:\/\/www.galerie-metzger.de\/wp-content\/uploads\/2021\/01\/Herve-Rousseau-grosse-Schale-galerie-metzger-ceramic-art-object-keramik-gallery-600x400.jpg 600w, https:\/\/www.galerie-metzger.de\/wp-content\/uploads\/2021\/01\/Herve-Rousseau-grosse-Schale-galerie-metzger-ceramic-art-object-keramik-gallery-300x200.jpg 300w, https:\/\/www.galerie-metzger.de\/wp-content\/uploads\/2021\/01\/Herve-Rousseau-grosse-Schale-galerie-metzger-ceramic-art-object-keramik-gallery-900x600.jpg 900w, https:\/\/www.galerie-metzger.de\/wp-content\/uploads\/2021\/01\/Herve-Rousseau-grosse-Schale-galerie-metzger-ceramic-art-object-keramik-gallery-705x470.jpg 705w, https:\/\/www.galerie-metzger.de\/wp-content\/uploads\/2021\/01\/Herve-Rousseau-grosse-Schale-galerie-metzger-ceramic-art-object-keramik-gallery-450x300.jpg 450w, https:\/\/www.galerie-metzger.de\/wp-content\/uploads\/2021\/01\/Herve-Rousseau-grosse-Schale-galerie-metzger-ceramic-art-object-keramik-gallery.jpg 1166w\" data-sizes=\"(max-width: 1030px) 100vw, 1030px\" class='avia_image' ><div class=\"av-image-caption-overlay\"><div class=\"av-caption-image-overlay-bg\"><\/div><div class=\"av-image-caption-overlay-position\"><div class=\"av-image-caption-overlay-center\"><p>Herv\u00e9 Rousseau \u2013 Bowl \u2013 2019, 14x73x63 cm, Foto: Herv\u00e9 Rousseau<\/p>\n<\/div><\/div><\/div><img decoding=\"async\" class='wp-image-8918 avia-img-lazy-loading-not-8918 avia_image ' src=\"https:\/\/www.galerie-metzger.de\/wp-content\/uploads\/2021\/01\/Herve-Rousseau-grosse-Schale-galerie-metzger-ceramic-art-object-keramik-gallery-600x400.jpg\" alt='Herve Rousseau - gro\u00dfe Schale -' title='Herve Rousseau - gro\u00dfe Schale -'  height=\"330\" width=\"495\" srcset=\"https:\/\/www.galerie-metzger.de\/wp-content\/uploads\/2021\/01\/Herve-Rousseau-grosse-Schale-galerie-metzger-ceramic-art-object-keramik-gallery-600x400.jpg 600w, https:\/\/www.galerie-metzger.de\/wp-content\/uploads\/2021\/01\/Herve-Rousseau-grosse-Schale-galerie-metzger-ceramic-art-object-keramik-gallery-400x267.jpg 400w, https:\/\/www.galerie-metzger.de\/wp-content\/uploads\/2021\/01\/Herve-Rousseau-grosse-Schale-galerie-metzger-ceramic-art-object-keramik-gallery-1030x686.jpg 1030w, https:\/\/www.galerie-metzger.de\/wp-content\/uploads\/2021\/01\/Herve-Rousseau-grosse-Schale-galerie-metzger-ceramic-art-object-keramik-gallery-768x512.jpg 768w, https:\/\/www.galerie-metzger.de\/wp-content\/uploads\/2021\/01\/Herve-Rousseau-grosse-Schale-galerie-metzger-ceramic-art-object-keramik-gallery-300x200.jpg 300w, https:\/\/www.galerie-metzger.de\/wp-content\/uploads\/2021\/01\/Herve-Rousseau-grosse-Schale-galerie-metzger-ceramic-art-object-keramik-gallery-900x600.jpg 900w, https:\/\/www.galerie-metzger.de\/wp-content\/uploads\/2021\/01\/Herve-Rousseau-grosse-Schale-galerie-metzger-ceramic-art-object-keramik-gallery-705x470.jpg 705w, https:\/\/www.galerie-metzger.de\/wp-content\/uploads\/2021\/01\/Herve-Rousseau-grosse-Schale-galerie-metzger-ceramic-art-object-keramik-gallery-450x300.jpg 450w, https:\/\/www.galerie-metzger.de\/wp-content\/uploads\/2021\/01\/Herve-Rousseau-grosse-Schale-galerie-metzger-ceramic-art-object-keramik-gallery.jpg 1166w\" sizes=\"(max-width: 495px) 100vw, 495px\" \/><\/a><\/div><\/div><\/div><br \/>\n<section  class='av_textblock_section av-av_textblock-2df6986536148a6092118248b21c996c' ><div class='avia_textblock jo_werk_anfrage' ><p><a class=\"anfrage\" href=\"mailto:info@galerie-metzger.de?subject=Rachel%20Wood%20Gefae\u00dfkoerper%202019\">Request information<\/a><\/p>\n<\/div><\/section><\/p><\/div><\/div><!--close column table wrapper. Autoclose: 1 --><div class='flex_column_table av-1gtfhzz-fd9ae249205f9c517fc1a4130749b6ac sc-av_one_half av-equal-height-column-flextable'><div class='av-flex-placeholder'><\/div>\n<style type=\"text\/css\" data-created_by=\"avia_inline_auto\" id=\"style-css-av-1gtfhzz-fd9ae249205f9c517fc1a4130749b6ac\">\n.flex_column.av-1gtfhzz-fd9ae249205f9c517fc1a4130749b6ac{\n-webkit-border-radius:0px 0px 0px 0px;\n-moz-border-radius:0px 0px 0px 0px;\nborder-radius:0px 0px 0px 0px;\n}\n<\/style>\n<div class='flex_column av-1gtfhzz-fd9ae249205f9c517fc1a4130749b6ac av_one_half  jo_pf_bild_bg flex_column_table_cell av-equal-height-column av-align-top av-animated-generic fade-in av-zero-column-padding '     ><p>\n<style type=\"text\/css\" data-created_by=\"avia_inline_auto\" id=\"style-css-av-av_image-944e18f105f8536a8f811ccecfab588b\">\n.avia-image-container.av-av_image-944e18f105f8536a8f811ccecfab588b img.avia_image{\nbox-shadow:none;\n}\n.avia-image-container.av-av_image-944e18f105f8536a8f811ccecfab588b .av-caption-image-overlay-bg{\nopacity:0.4;\n}\n<\/style>\n<div  class='avia-image-container av-av_image-944e18f105f8536a8f811ccecfab588b av-styling-no-styling avia_animated_image av-animated-when-visible-95 fade-in avia-align-left  jo_pf_bild noHover av-overlay-hover-deactivate'  ><div class=\"avia-image-container-inner\"><div class=\"avia-image-overlay-wrap\"><a href=\"https:\/\/www.galerie-metzger.de\/wp-content\/uploads\/2019\/06\/Herve-Rousseau-grand-lac-galerie-metzger-contemporary-object-ceramic-design-gallery-1030x1030.jpg\" data-srcset=\"https:\/\/www.galerie-metzger.de\/wp-content\/uploads\/2019\/06\/Herve-Rousseau-grand-lac-galerie-metzger-contemporary-object-ceramic-design-gallery-1030x1030.jpg 1030w, https:\/\/www.galerie-metzger.de\/wp-content\/uploads\/2019\/06\/Herve-Rousseau-grand-lac-galerie-metzger-contemporary-object-ceramic-design-gallery-80x80.jpg 80w, https:\/\/www.galerie-metzger.de\/wp-content\/uploads\/2019\/06\/Herve-Rousseau-grand-lac-galerie-metzger-contemporary-object-ceramic-design-gallery-400x400.jpg 400w, https:\/\/www.galerie-metzger.de\/wp-content\/uploads\/2019\/06\/Herve-Rousseau-grand-lac-galerie-metzger-contemporary-object-ceramic-design-gallery-768x768.jpg 768w, https:\/\/www.galerie-metzger.de\/wp-content\/uploads\/2019\/06\/Herve-Rousseau-grand-lac-galerie-metzger-contemporary-object-ceramic-design-gallery-36x36.jpg 36w, https:\/\/www.galerie-metzger.de\/wp-content\/uploads\/2019\/06\/Herve-Rousseau-grand-lac-galerie-metzger-contemporary-object-ceramic-design-gallery-180x180.jpg 180w, https:\/\/www.galerie-metzger.de\/wp-content\/uploads\/2019\/06\/Herve-Rousseau-grand-lac-galerie-metzger-contemporary-object-ceramic-design-gallery-1500x1500.jpg 1500w, https:\/\/www.galerie-metzger.de\/wp-content\/uploads\/2019\/06\/Herve-Rousseau-grand-lac-galerie-metzger-contemporary-object-ceramic-design-gallery-705x705.jpg 705w, https:\/\/www.galerie-metzger.de\/wp-content\/uploads\/2019\/06\/Herve-Rousseau-grand-lac-galerie-metzger-contemporary-object-ceramic-design-gallery-120x120.jpg 120w, https:\/\/www.galerie-metzger.de\/wp-content\/uploads\/2019\/06\/Herve-Rousseau-grand-lac-galerie-metzger-contemporary-object-ceramic-design-gallery-450x450.jpg 450w\" data-sizes=\"(max-width: 1030px) 100vw, 1030px\" class='avia_image' ><div class=\"av-image-caption-overlay\"><div class=\"av-caption-image-overlay-bg\"><\/div><div class=\"av-image-caption-overlay-position\"><div class=\"av-image-caption-overlay-center\"><p>Herv\u00e9 Rousseau \u2013 Bowl \u2013 2019, 14x73x63 cm, Foto: Herv\u00e9 Rousseau<\/p>\n<\/div><\/div><\/div><img decoding=\"async\" class='wp-image-7426 avia-img-lazy-loading-not-7426 avia_image ' src=\"https:\/\/www.galerie-metzger.de\/wp-content\/uploads\/2019\/06\/Herve-Rousseau-grand-lac-galerie-metzger-contemporary-object-ceramic-design-gallery-600x400.jpg\" alt='Herve-Rousseau-grand-lac' title='Herve-Rousseau-grand-lac'  height=\"330\" width=\"495\" srcset=\"https:\/\/www.galerie-metzger.de\/wp-content\/uploads\/2019\/06\/Herve-Rousseau-grand-lac-galerie-metzger-contemporary-object-ceramic-design-gallery-600x400.jpg 600w, https:\/\/www.galerie-metzger.de\/wp-content\/uploads\/2019\/06\/Herve-Rousseau-grand-lac-galerie-metzger-contemporary-object-ceramic-design-gallery-300x200.jpg 300w, https:\/\/www.galerie-metzger.de\/wp-content\/uploads\/2019\/06\/Herve-Rousseau-grand-lac-galerie-metzger-contemporary-object-ceramic-design-gallery-900x600.jpg 900w\" sizes=\"(max-width: 495px) 100vw, 495px\" \/><\/a><\/div><\/div><\/div><br \/>\n<section  class='av_textblock_section av-av_textblock-2df6986536148a6092118248b21c996c' ><div class='avia_textblock jo_werk_anfrage' ><p><a class=\"anfrage\" href=\"mailto:info@galerie-metzger.de?subject=Rachel%20Wood%20Gefae\u00dfkoerper%202019\">Request information<\/a><\/p>\n<\/div><\/section><\/p><\/div><\/div><!--close column table wrapper. Autoclose: 1 --><div class='flex_column_table av-1to08gf-3c389a743937050c5219a5f79e922f24 sc-av_one_full av-equal-height-column-flextable'>\n<style type=\"text\/css\" data-created_by=\"avia_inline_auto\" id=\"style-css-av-1to08gf-3c389a743937050c5219a5f79e922f24\">\n.flex_column.av-1to08gf-3c389a743937050c5219a5f79e922f24{\n-webkit-border-radius:0px 0px 0px 0px;\n-moz-border-radius:0px 0px 0px 0px;\nborder-radius:0px 0px 0px 0px;\n}\n<\/style>\n<div class='flex_column av-1to08gf-3c389a743937050c5219a5f79e922f24 av_one_full  jo_col_empty first flex_column_table_cell av-equal-height-column av-align-top av-animated-generic fade-in av-zero-column-padding '     ><section  class='av_textblock_section av-1rgf80v-1b3d9ab38da5b5692231fa7de6db07e3' ><div class='avia_textblock' ><p>invisible placeholder<\/p>\n<\/div><\/section><\/div><\/div><!--close column table wrapper. Autoclose: 1 --><div class='flex_column_table av-av_one_third-9dd532ab0d5813bed57b43564300f6f9 sc-av_one_third av-equal-height-column-flextable'>\n<style type=\"text\/css\" data-created_by=\"avia_inline_auto\" id=\"style-css-av-av_one_third-9dd532ab0d5813bed57b43564300f6f9\">\n.flex_column.av-av_one_third-9dd532ab0d5813bed57b43564300f6f9{\n-webkit-border-radius:0px 0px 0px 0px;\n-moz-border-radius:0px 0px 0px 0px;\nborder-radius:0px 0px 0px 0px;\n}\n<\/style>\n<div class='flex_column av-av_one_third-9dd532ab0d5813bed57b43564300f6f9 av_one_third  avia-builder-el-123  el_after_av_one_full  el_before_av_one_third  jo_pf_bild_bg first flex_column_table_cell av-equal-height-column av-align-middle av-animated-generic fade-in av-zero-column-padding column-top-margin'     ><p>\n<style type=\"text\/css\" data-created_by=\"avia_inline_auto\" id=\"style-css-av-av_image-e0915b47240c0f7b95f92826b4cc2cb2\">\n.avia-image-container.av-av_image-e0915b47240c0f7b95f92826b4cc2cb2 img.avia_image{\nbox-shadow:none;\n}\n.avia-image-container.av-av_image-e0915b47240c0f7b95f92826b4cc2cb2 .av-caption-image-overlay-bg{\nopacity:0.4;\n}\n<\/style>\n<div  class='avia-image-container av-av_image-e0915b47240c0f7b95f92826b4cc2cb2 av-styling-no-styling avia_animated_image av-animated-when-visible-95 fade-in avia-align-left  avia-builder-el-124  el_before_av_textblock  avia-builder-el-first  jo_pf_bild noHover av-overlay-hover-deactivate'  ><div class=\"avia-image-container-inner\"><div class=\"avia-image-overlay-wrap\"><a href=\"https:\/\/www.galerie-metzger.de\/wp-content\/uploads\/2021\/01\/Elke-Sada-ar_f-galerie-metzger-gallery-art-kunst-aschaffenburg-687x1030.jpg\" data-srcset=\"https:\/\/www.galerie-metzger.de\/wp-content\/uploads\/2021\/01\/Elke-Sada-ar_f-galerie-metzger-gallery-art-kunst-aschaffenburg-687x1030.jpg 687w, https:\/\/www.galerie-metzger.de\/wp-content\/uploads\/2021\/01\/Elke-Sada-ar_f-galerie-metzger-gallery-art-kunst-aschaffenburg-267x400.jpg 267w, https:\/\/www.galerie-metzger.de\/wp-content\/uploads\/2021\/01\/Elke-Sada-ar_f-galerie-metzger-gallery-art-kunst-aschaffenburg-768x1152.jpg 768w, https:\/\/www.galerie-metzger.de\/wp-content\/uploads\/2021\/01\/Elke-Sada-ar_f-galerie-metzger-gallery-art-kunst-aschaffenburg-1024x1536.jpg 1024w, https:\/\/www.galerie-metzger.de\/wp-content\/uploads\/2021\/01\/Elke-Sada-ar_f-galerie-metzger-gallery-art-kunst-aschaffenburg-1366x2048.jpg 1366w, https:\/\/www.galerie-metzger.de\/wp-content\/uploads\/2021\/01\/Elke-Sada-ar_f-galerie-metzger-gallery-art-kunst-aschaffenburg-1000x1500.jpg 1000w, https:\/\/www.galerie-metzger.de\/wp-content\/uploads\/2021\/01\/Elke-Sada-ar_f-galerie-metzger-gallery-art-kunst-aschaffenburg-470x705.jpg 470w, https:\/\/www.galerie-metzger.de\/wp-content\/uploads\/2021\/01\/Elke-Sada-ar_f-galerie-metzger-gallery-art-kunst-aschaffenburg-450x675.jpg 450w, https:\/\/www.galerie-metzger.de\/wp-content\/uploads\/2021\/01\/Elke-Sada-ar_f-galerie-metzger-gallery-art-kunst-aschaffenburg-scaled.jpg 1707w\" data-sizes=\"(max-width: 687px) 100vw, 687px\" class='avia_image' ><div class=\"av-image-caption-overlay\"><div class=\"av-caption-image-overlay-bg\"><\/div><div class=\"av-image-caption-overlay-position\"><div class=\"av-image-caption-overlay-center\"><p>Elke Sada \u2013 ar\/f \u2013, 2020, 25&#215;17 cm, Mixed Media, Gouache, Illustrierten Papier, Foto: Elke Sada<\/p>\n<\/div><\/div><\/div><img decoding=\"async\" class='wp-image-8842 avia-img-lazy-loading-not-8842 avia_image ' src=\"https:\/\/www.galerie-metzger.de\/wp-content\/uploads\/2021\/01\/Elke-Sada-ar_f-galerie-metzger-gallery-art-kunst-aschaffenburg.jpg\" alt='Elke Sada - ar\/f -' title='Elke Sada - ar\/f  -'  height=\"2560\" width=\"1707\"  \/><\/a><\/div><\/div><\/div><br \/>\n<section  class='av_textblock_section av-av_textblock-2df6986536148a6092118248b21c996c' ><div class='avia_textblock jo_werk_anfrage' ><p><a class=\"anfrage\" href=\"mailto:info@galerie-metzger.de?subject=Margaret%20Curtis%20Chawan%202020\">request information<\/a><\/p>\n<\/div><\/section><\/p><\/div><div class='av-flex-placeholder'><\/div>\n<style type=\"text\/css\" data-created_by=\"avia_inline_auto\" id=\"style-css-av-a4qn2n-856651ccfd145b8a6460040044b31760\">\n.flex_column.av-a4qn2n-856651ccfd145b8a6460040044b31760{\n-webkit-border-radius:0px 0px 0px 0px;\n-moz-border-radius:0px 0px 0px 0px;\nborder-radius:0px 0px 0px 0px;\n}\n<\/style>\n<div class='flex_column av-a4qn2n-856651ccfd145b8a6460040044b31760 av_one_third  avia-builder-el-126  el_after_av_one_third  el_before_av_one_third  flex_column_table_cell av-equal-height-column av-align-middle av-animated-generic fade-in av-zero-column-padding column-top-margin'     ><section  class='av_textblock_section av-av_textblock-283972ea15f2e73870c23e2d6de3245d' ><div class='avia_textblock' ><p>The term handled ware immediately conjures up the image of a cup or a jug in me. The handle has an unambiguous task and in the final result of the form it is heavily influential. With the invitation to freely interpret \u201chandled ware\u201d, I immediately had the desire to devote myself to the subject pictorially. This led to collages and small paintings showing handles in quite different contexts.<\/p>\n<p><em> Elke Sada, Leipzig 2021 <\/em><\/p>\n<\/div><\/section><\/div><div class='av-flex-placeholder'><\/div>\n<style type=\"text\/css\" data-created_by=\"avia_inline_auto\" id=\"style-css-av-av_one_third-9b5c7e58c7b47f2247f1460dc9e28d7a\">\n.flex_column.av-av_one_third-9b5c7e58c7b47f2247f1460dc9e28d7a{\n-webkit-border-radius:0px 0px 0px 0px;\n-moz-border-radius:0px 0px 0px 0px;\nborder-radius:0px 0px 0px 0px;\n}\n<\/style>\n<div class='flex_column av-av_one_third-9b5c7e58c7b47f2247f1460dc9e28d7a av_one_third  jo_pf_bild_bg flex_column_table_cell av-equal-height-column av-align-middle av-animated-generic fade-in av-zero-column-padding column-top-margin'     ><p>\n<style type=\"text\/css\" data-created_by=\"avia_inline_auto\" id=\"style-css-av-av_image-e0c1b46445479201efb71c5f0dddc677\">\n.avia-image-container.av-av_image-e0c1b46445479201efb71c5f0dddc677 img.avia_image{\nbox-shadow:none;\n}\n.avia-image-container.av-av_image-e0c1b46445479201efb71c5f0dddc677 .av-caption-image-overlay-bg{\nopacity:0.4;\n}\n<\/style>\n<div  class='avia-image-container av-av_image-e0c1b46445479201efb71c5f0dddc677 av-styling-no-styling avia_animated_image av-animated-when-visible-95 fade-in avia-align-left  avia-builder-el-127  el_before_av_textblock  avia-builder-el-first  jo_pf_bild noHover av-overlay-hover-deactivate'  ><div class=\"avia-image-container-inner\"><div class=\"avia-image-overlay-wrap\"><a href=\"https:\/\/www.galerie-metzger.de\/wp-content\/uploads\/2021\/01\/Elke-Sada-Vase-im-Zitronengelb-galerie-metzger-art-kunst-kaufen-gallery-aschaffenburg-687x1030.jpg\" data-srcset=\"https:\/\/www.galerie-metzger.de\/wp-content\/uploads\/2021\/01\/Elke-Sada-Vase-im-Zitronengelb-galerie-metzger-art-kunst-kaufen-gallery-aschaffenburg-687x1030.jpg 687w, https:\/\/www.galerie-metzger.de\/wp-content\/uploads\/2021\/01\/Elke-Sada-Vase-im-Zitronengelb-galerie-metzger-art-kunst-kaufen-gallery-aschaffenburg-267x400.jpg 267w, https:\/\/www.galerie-metzger.de\/wp-content\/uploads\/2021\/01\/Elke-Sada-Vase-im-Zitronengelb-galerie-metzger-art-kunst-kaufen-gallery-aschaffenburg-768x1152.jpg 768w, https:\/\/www.galerie-metzger.de\/wp-content\/uploads\/2021\/01\/Elke-Sada-Vase-im-Zitronengelb-galerie-metzger-art-kunst-kaufen-gallery-aschaffenburg-1024x1536.jpg 1024w, https:\/\/www.galerie-metzger.de\/wp-content\/uploads\/2021\/01\/Elke-Sada-Vase-im-Zitronengelb-galerie-metzger-art-kunst-kaufen-gallery-aschaffenburg-1366x2048.jpg 1366w, https:\/\/www.galerie-metzger.de\/wp-content\/uploads\/2021\/01\/Elke-Sada-Vase-im-Zitronengelb-galerie-metzger-art-kunst-kaufen-gallery-aschaffenburg-1000x1500.jpg 1000w, https:\/\/www.galerie-metzger.de\/wp-content\/uploads\/2021\/01\/Elke-Sada-Vase-im-Zitronengelb-galerie-metzger-art-kunst-kaufen-gallery-aschaffenburg-470x705.jpg 470w, https:\/\/www.galerie-metzger.de\/wp-content\/uploads\/2021\/01\/Elke-Sada-Vase-im-Zitronengelb-galerie-metzger-art-kunst-kaufen-gallery-aschaffenburg-450x675.jpg 450w, https:\/\/www.galerie-metzger.de\/wp-content\/uploads\/2021\/01\/Elke-Sada-Vase-im-Zitronengelb-galerie-metzger-art-kunst-kaufen-gallery-aschaffenburg-scaled.jpg 1707w\" data-sizes=\"(max-width: 687px) 100vw, 687px\" class='avia_image' ><div class=\"av-image-caption-overlay\"><div class=\"av-caption-image-overlay-bg\"><\/div><div class=\"av-image-caption-overlay-position\"><div class=\"av-image-caption-overlay-center\"><p>Elke Sada \u2013 Vase in lemon yellow \u2013, 2020, 26&#215;18 cm, Collage, Gouache, Foto: Elke Sada<\/p>\n<\/div><\/div><\/div><img decoding=\"async\" class='wp-image-8844 avia-img-lazy-loading-not-8844 avia_image ' src=\"https:\/\/www.galerie-metzger.de\/wp-content\/uploads\/2021\/01\/Elke-Sada-Vase-im-Zitronengelb-galerie-metzger-art-kunst-kaufen-gallery-aschaffenburg.jpg\" alt='Elke Sada - Vase im Zitronengelb -' title='Elke Sada - Vase im Zitronengelb -'  height=\"2560\" width=\"1707\"  \/><\/a><\/div><\/div><\/div><br \/>\n<section  class='av_textblock_section av-av_textblock-2df6986536148a6092118248b21c996c' ><div class='avia_textblock jo_werk_anfrage' ><p><a class=\"anfrage\" href=\"mailto:info@galerie-metzger.de?subject=Xavier%20Toubes%20Exquisite Nomad%202003\">Request information<\/a><\/p>\n<\/div><\/section><\/p><\/div><\/div><!--close column table wrapper. Autoclose: 1 --><div class='flex_column_table av-jf3w4f-77f46a1d67ce0e2acbd9952ec63bccd1 sc-av_one_full av-equal-height-column-flextable'>\n<style type=\"text\/css\" data-created_by=\"avia_inline_auto\" id=\"style-css-av-jf3w4f-77f46a1d67ce0e2acbd9952ec63bccd1\">\n.flex_column.av-jf3w4f-77f46a1d67ce0e2acbd9952ec63bccd1{\n-webkit-border-radius:0px 0px 0px 0px;\n-moz-border-radius:0px 0px 0px 0px;\nborder-radius:0px 0px 0px 0px;\n}\n<\/style>\n<div class='flex_column av-jf3w4f-77f46a1d67ce0e2acbd9952ec63bccd1 av_one_full  jo_col_empty first flex_column_table_cell av-equal-height-column av-align-top av-animated-generic fade-in av-zero-column-padding '     ><section  class='av_textblock_section av-h33mnz-85df926b250f443195c65890c49b2553' ><div class='avia_textblock' ><p>invisible placeholder<\/p>\n<\/div><\/section><\/div><\/div><!--close column table wrapper. Autoclose: 1 --><div class='flex_column_table av-22ccvjz-c20c10c7f195c3bda27bd103a17649b8 sc-av_one_third av-equal-height-column-flextable'>\n<style type=\"text\/css\" data-created_by=\"avia_inline_auto\" id=\"style-css-av-22ccvjz-c20c10c7f195c3bda27bd103a17649b8\">\n.flex_column.av-22ccvjz-c20c10c7f195c3bda27bd103a17649b8{\n-webkit-border-radius:0px 0px 0px 0px;\n-moz-border-radius:0px 0px 0px 0px;\nborder-radius:0px 0px 0px 0px;\n}\n<\/style>\n<div class='flex_column av-22ccvjz-c20c10c7f195c3bda27bd103a17649b8 av_one_third  avia-builder-el-129  el_after_av_one_third  el_before_av_one_full  jo_pf_bild_bg first flex_column_table_cell av-equal-height-column av-align-top av-animated-generic fade-in av-zero-column-padding column-top-margin'     ><p>\n<style type=\"text\/css\" data-created_by=\"avia_inline_auto\" id=\"style-css-av-av_image-c0ab3b1310556f5104cea759603f4d95\">\n.avia-image-container.av-av_image-c0ab3b1310556f5104cea759603f4d95 img.avia_image{\nbox-shadow:none;\n}\n.avia-image-container.av-av_image-c0ab3b1310556f5104cea759603f4d95 .av-caption-image-overlay-bg{\nopacity:0.4;\n}\n<\/style>\n<div  class='avia-image-container av-av_image-c0ab3b1310556f5104cea759603f4d95 av-styling-no-styling avia_animated_image av-animated-when-visible-95 fade-in avia-align-left  avia-builder-el-130  el_before_av_textblock  avia-builder-el-first  jo_pf_bild noHover av-overlay-hover-deactivate'  ><div class=\"avia-image-container-inner\"><div class=\"avia-image-overlay-wrap\"><a href=\"https:\/\/www.galerie-metzger.de\/wp-content\/uploads\/2021\/01\/Iris-Schoene-Krug-galerie-metzger-ceramic-art-object-keramik-gallery-kaufen-1030x687.jpg\" data-srcset=\"https:\/\/www.galerie-metzger.de\/wp-content\/uploads\/2021\/01\/Iris-Schoene-Krug-galerie-metzger-ceramic-art-object-keramik-gallery-kaufen-1030x687.jpg 1030w, https:\/\/www.galerie-metzger.de\/wp-content\/uploads\/2021\/01\/Iris-Schoene-Krug-galerie-metzger-ceramic-art-object-keramik-gallery-kaufen-400x267.jpg 400w, https:\/\/www.galerie-metzger.de\/wp-content\/uploads\/2021\/01\/Iris-Schoene-Krug-galerie-metzger-ceramic-art-object-keramik-gallery-kaufen-768x512.jpg 768w, https:\/\/www.galerie-metzger.de\/wp-content\/uploads\/2021\/01\/Iris-Schoene-Krug-galerie-metzger-ceramic-art-object-keramik-gallery-kaufen-1536x1024.jpg 1536w, https:\/\/www.galerie-metzger.de\/wp-content\/uploads\/2021\/01\/Iris-Schoene-Krug-galerie-metzger-ceramic-art-object-keramik-gallery-kaufen-2048x1365.jpg 2048w, https:\/\/www.galerie-metzger.de\/wp-content\/uploads\/2021\/01\/Iris-Schoene-Krug-galerie-metzger-ceramic-art-object-keramik-gallery-kaufen-1500x1000.jpg 1500w, https:\/\/www.galerie-metzger.de\/wp-content\/uploads\/2021\/01\/Iris-Schoene-Krug-galerie-metzger-ceramic-art-object-keramik-gallery-kaufen-600x400.jpg 600w, https:\/\/www.galerie-metzger.de\/wp-content\/uploads\/2021\/01\/Iris-Schoene-Krug-galerie-metzger-ceramic-art-object-keramik-gallery-kaufen-300x200.jpg 300w, https:\/\/www.galerie-metzger.de\/wp-content\/uploads\/2021\/01\/Iris-Schoene-Krug-galerie-metzger-ceramic-art-object-keramik-gallery-kaufen-900x600.jpg 900w, https:\/\/www.galerie-metzger.de\/wp-content\/uploads\/2021\/01\/Iris-Schoene-Krug-galerie-metzger-ceramic-art-object-keramik-gallery-kaufen-705x470.jpg 705w, https:\/\/www.galerie-metzger.de\/wp-content\/uploads\/2021\/01\/Iris-Schoene-Krug-galerie-metzger-ceramic-art-object-keramik-gallery-kaufen-450x300.jpg 450w\" data-sizes=\"(max-width: 1030px) 100vw, 1030px\" class='avia_image' ><div class=\"av-image-caption-overlay\"><div class=\"av-caption-image-overlay-bg\"><\/div><div class=\"av-image-caption-overlay-position\"><div class=\"av-image-caption-overlay-center\"><p>Iris Sch\u00f6ne \u2013 Jug, Wood Firing \u2013 , Foto: Michael Lange<\/p>\n<\/div><\/div><\/div><img decoding=\"async\" class='wp-image-8934 avia-img-lazy-loading-not-8934 avia_image ' src=\"https:\/\/www.galerie-metzger.de\/wp-content\/uploads\/2021\/01\/Iris-Schoene-Krug-galerie-metzger-ceramic-art-object-keramik-gallery-kaufen-400x267.jpg\" alt='Iris Schoene - Krug -' title='Iris Schoene - Krug -'  height=\"267\" width=\"400\" srcset=\"https:\/\/www.galerie-metzger.de\/wp-content\/uploads\/2021\/01\/Iris-Schoene-Krug-galerie-metzger-ceramic-art-object-keramik-gallery-kaufen-400x267.jpg 400w, https:\/\/www.galerie-metzger.de\/wp-content\/uploads\/2021\/01\/Iris-Schoene-Krug-galerie-metzger-ceramic-art-object-keramik-gallery-kaufen-1030x687.jpg 1030w, https:\/\/www.galerie-metzger.de\/wp-content\/uploads\/2021\/01\/Iris-Schoene-Krug-galerie-metzger-ceramic-art-object-keramik-gallery-kaufen-768x512.jpg 768w, https:\/\/www.galerie-metzger.de\/wp-content\/uploads\/2021\/01\/Iris-Schoene-Krug-galerie-metzger-ceramic-art-object-keramik-gallery-kaufen-1536x1024.jpg 1536w, https:\/\/www.galerie-metzger.de\/wp-content\/uploads\/2021\/01\/Iris-Schoene-Krug-galerie-metzger-ceramic-art-object-keramik-gallery-kaufen-2048x1365.jpg 2048w, https:\/\/www.galerie-metzger.de\/wp-content\/uploads\/2021\/01\/Iris-Schoene-Krug-galerie-metzger-ceramic-art-object-keramik-gallery-kaufen-1500x1000.jpg 1500w, https:\/\/www.galerie-metzger.de\/wp-content\/uploads\/2021\/01\/Iris-Schoene-Krug-galerie-metzger-ceramic-art-object-keramik-gallery-kaufen-600x400.jpg 600w, https:\/\/www.galerie-metzger.de\/wp-content\/uploads\/2021\/01\/Iris-Schoene-Krug-galerie-metzger-ceramic-art-object-keramik-gallery-kaufen-300x200.jpg 300w, https:\/\/www.galerie-metzger.de\/wp-content\/uploads\/2021\/01\/Iris-Schoene-Krug-galerie-metzger-ceramic-art-object-keramik-gallery-kaufen-900x600.jpg 900w, https:\/\/www.galerie-metzger.de\/wp-content\/uploads\/2021\/01\/Iris-Schoene-Krug-galerie-metzger-ceramic-art-object-keramik-gallery-kaufen-705x470.jpg 705w, https:\/\/www.galerie-metzger.de\/wp-content\/uploads\/2021\/01\/Iris-Schoene-Krug-galerie-metzger-ceramic-art-object-keramik-gallery-kaufen-450x300.jpg 450w\" sizes=\"(max-width: 400px) 100vw, 400px\" \/><\/a><\/div><\/div><\/div><br \/>\n<section  class='av_textblock_section av-av_textblock-2df6986536148a6092118248b21c996c' ><div class='avia_textblock jo_werk_anfrage' ><p><a class=\"anfrage\" href=\"mailto:info@galerie-metzger.de?subject=Margaret%20Curtis%20Chawan%202020\">request information<\/a><\/p>\n<\/div><\/section><\/p><\/div><\/div><!--close column table wrapper. Autoclose: 1 --><div class='flex_column_table av-22ccvjz-ad468ee973643f648d80b19378020a49 sc-av_one_third av-equal-height-column-flextable'><div class='av-flex-placeholder'><\/div>\n<style type=\"text\/css\" data-created_by=\"avia_inline_auto\" id=\"style-css-av-22ccvjz-ad468ee973643f648d80b19378020a49\">\n.flex_column.av-22ccvjz-ad468ee973643f648d80b19378020a49{\n-webkit-border-radius:0px 0px 0px 0px;\n-moz-border-radius:0px 0px 0px 0px;\nborder-radius:0px 0px 0px 0px;\n}\n<\/style>\n<div class='flex_column av-22ccvjz-ad468ee973643f648d80b19378020a49 av_one_third  jo_pf_bild_bg flex_column_table_cell av-equal-height-column av-align-top av-animated-generic fade-in av-zero-column-padding column-top-margin'     ><p>\n<style type=\"text\/css\" data-created_by=\"avia_inline_auto\" id=\"style-css-av-av_image-e8d018e596da915e7b4bdc7b70483741\">\n.avia-image-container.av-av_image-e8d018e596da915e7b4bdc7b70483741 img.avia_image{\nbox-shadow:none;\n}\n.avia-image-container.av-av_image-e8d018e596da915e7b4bdc7b70483741 .av-caption-image-overlay-bg{\nopacity:0.4;\n}\n<\/style>\n<div  class='avia-image-container av-av_image-e8d018e596da915e7b4bdc7b70483741 av-styling-no-styling avia_animated_image av-animated-when-visible-95 fade-in avia-align-left  jo_pf_bild noHover av-overlay-hover-deactivate'  ><div class=\"avia-image-container-inner\"><div class=\"avia-image-overlay-wrap\"><a href=\"https:\/\/www.galerie-metzger.de\/wp-content\/uploads\/2021\/01\/Iris-Schoene-Krug-galerie-metzger-ceramic-art-object-keramik-gallery-1030x687.jpg\" data-srcset=\"https:\/\/www.galerie-metzger.de\/wp-content\/uploads\/2021\/01\/Iris-Schoene-Krug-galerie-metzger-ceramic-art-object-keramik-gallery-1030x687.jpg 1030w, https:\/\/www.galerie-metzger.de\/wp-content\/uploads\/2021\/01\/Iris-Schoene-Krug-galerie-metzger-ceramic-art-object-keramik-gallery-400x267.jpg 400w, https:\/\/www.galerie-metzger.de\/wp-content\/uploads\/2021\/01\/Iris-Schoene-Krug-galerie-metzger-ceramic-art-object-keramik-gallery-768x512.jpg 768w, https:\/\/www.galerie-metzger.de\/wp-content\/uploads\/2021\/01\/Iris-Schoene-Krug-galerie-metzger-ceramic-art-object-keramik-gallery-1536x1024.jpg 1536w, https:\/\/www.galerie-metzger.de\/wp-content\/uploads\/2021\/01\/Iris-Schoene-Krug-galerie-metzger-ceramic-art-object-keramik-gallery-2048x1365.jpg 2048w, https:\/\/www.galerie-metzger.de\/wp-content\/uploads\/2021\/01\/Iris-Schoene-Krug-galerie-metzger-ceramic-art-object-keramik-gallery-1500x1000.jpg 1500w, https:\/\/www.galerie-metzger.de\/wp-content\/uploads\/2021\/01\/Iris-Schoene-Krug-galerie-metzger-ceramic-art-object-keramik-gallery-600x400.jpg 600w, https:\/\/www.galerie-metzger.de\/wp-content\/uploads\/2021\/01\/Iris-Schoene-Krug-galerie-metzger-ceramic-art-object-keramik-gallery-300x200.jpg 300w, https:\/\/www.galerie-metzger.de\/wp-content\/uploads\/2021\/01\/Iris-Schoene-Krug-galerie-metzger-ceramic-art-object-keramik-gallery-900x600.jpg 900w, https:\/\/www.galerie-metzger.de\/wp-content\/uploads\/2021\/01\/Iris-Schoene-Krug-galerie-metzger-ceramic-art-object-keramik-gallery-705x470.jpg 705w, https:\/\/www.galerie-metzger.de\/wp-content\/uploads\/2021\/01\/Iris-Schoene-Krug-galerie-metzger-ceramic-art-object-keramik-gallery-450x300.jpg 450w\" data-sizes=\"(max-width: 1030px) 100vw, 1030px\" class='avia_image' ><div class=\"av-image-caption-overlay\"><div class=\"av-caption-image-overlay-bg\"><\/div><div class=\"av-image-caption-overlay-position\"><div class=\"av-image-caption-overlay-center\"><p>Iris Sch\u00f6ne \u2013 Jug, Wood Firing \u2013 , Foto: Michael Lange<\/p>\n<\/div><\/div><\/div><img decoding=\"async\" class='wp-image-8936 avia-img-lazy-loading-not-8936 avia_image ' src=\"https:\/\/www.galerie-metzger.de\/wp-content\/uploads\/2021\/01\/Iris-Schoene-Krug-galerie-metzger-ceramic-art-object-keramik-gallery-400x267.jpg\" alt='Iris Schoene - Krug -' title='Iris Schoene - Krug -'  height=\"267\" width=\"400\" srcset=\"https:\/\/www.galerie-metzger.de\/wp-content\/uploads\/2021\/01\/Iris-Schoene-Krug-galerie-metzger-ceramic-art-object-keramik-gallery-400x267.jpg 400w, https:\/\/www.galerie-metzger.de\/wp-content\/uploads\/2021\/01\/Iris-Schoene-Krug-galerie-metzger-ceramic-art-object-keramik-gallery-1030x687.jpg 1030w, https:\/\/www.galerie-metzger.de\/wp-content\/uploads\/2021\/01\/Iris-Schoene-Krug-galerie-metzger-ceramic-art-object-keramik-gallery-768x512.jpg 768w, https:\/\/www.galerie-metzger.de\/wp-content\/uploads\/2021\/01\/Iris-Schoene-Krug-galerie-metzger-ceramic-art-object-keramik-gallery-1536x1024.jpg 1536w, https:\/\/www.galerie-metzger.de\/wp-content\/uploads\/2021\/01\/Iris-Schoene-Krug-galerie-metzger-ceramic-art-object-keramik-gallery-2048x1365.jpg 2048w, https:\/\/www.galerie-metzger.de\/wp-content\/uploads\/2021\/01\/Iris-Schoene-Krug-galerie-metzger-ceramic-art-object-keramik-gallery-1500x1000.jpg 1500w, https:\/\/www.galerie-metzger.de\/wp-content\/uploads\/2021\/01\/Iris-Schoene-Krug-galerie-metzger-ceramic-art-object-keramik-gallery-600x400.jpg 600w, https:\/\/www.galerie-metzger.de\/wp-content\/uploads\/2021\/01\/Iris-Schoene-Krug-galerie-metzger-ceramic-art-object-keramik-gallery-300x200.jpg 300w, https:\/\/www.galerie-metzger.de\/wp-content\/uploads\/2021\/01\/Iris-Schoene-Krug-galerie-metzger-ceramic-art-object-keramik-gallery-900x600.jpg 900w, https:\/\/www.galerie-metzger.de\/wp-content\/uploads\/2021\/01\/Iris-Schoene-Krug-galerie-metzger-ceramic-art-object-keramik-gallery-705x470.jpg 705w, https:\/\/www.galerie-metzger.de\/wp-content\/uploads\/2021\/01\/Iris-Schoene-Krug-galerie-metzger-ceramic-art-object-keramik-gallery-450x300.jpg 450w\" sizes=\"(max-width: 400px) 100vw, 400px\" \/><\/a><\/div><\/div><\/div><br \/>\n<section  class='av_textblock_section av-av_textblock-2df6986536148a6092118248b21c996c' ><div class='avia_textblock jo_werk_anfrage' ><p><a class=\"anfrage\" href=\"mailto:info@galerie-metzger.de?subject=Margaret%20Curtis%20Chawan%202020\">request information<\/a><\/p>\n<\/div><\/section><\/p><\/div><\/div><!--close column table wrapper. Autoclose: 1 --><div class='flex_column_table av-22ccvjz-ad468ee973643f648d80b19378020a49 sc-av_one_third av-equal-height-column-flextable'><div class='av-flex-placeholder'><\/div>\n<style type=\"text\/css\" data-created_by=\"avia_inline_auto\" id=\"style-css-av-22ccvjz-ad468ee973643f648d80b19378020a49\">\n.flex_column.av-22ccvjz-ad468ee973643f648d80b19378020a49{\n-webkit-border-radius:0px 0px 0px 0px;\n-moz-border-radius:0px 0px 0px 0px;\nborder-radius:0px 0px 0px 0px;\n}\n<\/style>\n<div class='flex_column av-22ccvjz-ad468ee973643f648d80b19378020a49 av_one_third  jo_pf_bild_bg flex_column_table_cell av-equal-height-column av-align-top av-animated-generic fade-in av-zero-column-padding column-top-margin'     ><p>\n<style type=\"text\/css\" data-created_by=\"avia_inline_auto\" id=\"style-css-av-av_image-9112098e52bfc366f0a70ebafe100abf\">\n.avia-image-container.av-av_image-9112098e52bfc366f0a70ebafe100abf img.avia_image{\nbox-shadow:none;\n}\n.avia-image-container.av-av_image-9112098e52bfc366f0a70ebafe100abf .av-caption-image-overlay-bg{\nopacity:0.4;\n}\n<\/style>\n<div  class='avia-image-container av-av_image-9112098e52bfc366f0a70ebafe100abf av-styling-no-styling avia_animated_image av-animated-when-visible-95 fade-in avia-align-left  jo_pf_bild noHover av-overlay-hover-deactivate'  ><div class=\"avia-image-container-inner\"><div class=\"avia-image-overlay-wrap\"><a href=\"https:\/\/www.galerie-metzger.de\/wp-content\/uploads\/2021\/01\/Iris-Schoene-Krug-galerie-metzger-ceramic-art-object-keramik-gallery-kaufen-aschaffenburg-1030x687.jpg\" data-srcset=\"https:\/\/www.galerie-metzger.de\/wp-content\/uploads\/2021\/01\/Iris-Schoene-Krug-galerie-metzger-ceramic-art-object-keramik-gallery-kaufen-aschaffenburg-1030x687.jpg 1030w, https:\/\/www.galerie-metzger.de\/wp-content\/uploads\/2021\/01\/Iris-Schoene-Krug-galerie-metzger-ceramic-art-object-keramik-gallery-kaufen-aschaffenburg-400x267.jpg 400w, https:\/\/www.galerie-metzger.de\/wp-content\/uploads\/2021\/01\/Iris-Schoene-Krug-galerie-metzger-ceramic-art-object-keramik-gallery-kaufen-aschaffenburg-768x512.jpg 768w, https:\/\/www.galerie-metzger.de\/wp-content\/uploads\/2021\/01\/Iris-Schoene-Krug-galerie-metzger-ceramic-art-object-keramik-gallery-kaufen-aschaffenburg-1536x1024.jpg 1536w, https:\/\/www.galerie-metzger.de\/wp-content\/uploads\/2021\/01\/Iris-Schoene-Krug-galerie-metzger-ceramic-art-object-keramik-gallery-kaufen-aschaffenburg-2048x1365.jpg 2048w, https:\/\/www.galerie-metzger.de\/wp-content\/uploads\/2021\/01\/Iris-Schoene-Krug-galerie-metzger-ceramic-art-object-keramik-gallery-kaufen-aschaffenburg-1500x1000.jpg 1500w, https:\/\/www.galerie-metzger.de\/wp-content\/uploads\/2021\/01\/Iris-Schoene-Krug-galerie-metzger-ceramic-art-object-keramik-gallery-kaufen-aschaffenburg-600x400.jpg 600w, https:\/\/www.galerie-metzger.de\/wp-content\/uploads\/2021\/01\/Iris-Schoene-Krug-galerie-metzger-ceramic-art-object-keramik-gallery-kaufen-aschaffenburg-300x200.jpg 300w, https:\/\/www.galerie-metzger.de\/wp-content\/uploads\/2021\/01\/Iris-Schoene-Krug-galerie-metzger-ceramic-art-object-keramik-gallery-kaufen-aschaffenburg-900x600.jpg 900w, https:\/\/www.galerie-metzger.de\/wp-content\/uploads\/2021\/01\/Iris-Schoene-Krug-galerie-metzger-ceramic-art-object-keramik-gallery-kaufen-aschaffenburg-705x470.jpg 705w, https:\/\/www.galerie-metzger.de\/wp-content\/uploads\/2021\/01\/Iris-Schoene-Krug-galerie-metzger-ceramic-art-object-keramik-gallery-kaufen-aschaffenburg-450x300.jpg 450w\" data-sizes=\"(max-width: 1030px) 100vw, 1030px\" class='avia_image' ><div class=\"av-image-caption-overlay\"><div class=\"av-caption-image-overlay-bg\"><\/div><div class=\"av-image-caption-overlay-position\"><div class=\"av-image-caption-overlay-center\"><p>Iris Sch\u00f6ne \u2013 Jug, Wood Firing \u2013 , Foto: Michael Lange<\/p>\n<\/div><\/div><\/div><img decoding=\"async\" class='wp-image-8932 avia-img-lazy-loading-not-8932 avia_image ' src=\"https:\/\/www.galerie-metzger.de\/wp-content\/uploads\/2021\/01\/Iris-Schoene-Krug-galerie-metzger-ceramic-art-object-keramik-gallery-kaufen-aschaffenburg-400x267.jpg\" alt='Iris Schoene -Krug -' title='Iris Schoene - Krug -'  height=\"267\" width=\"400\" srcset=\"https:\/\/www.galerie-metzger.de\/wp-content\/uploads\/2021\/01\/Iris-Schoene-Krug-galerie-metzger-ceramic-art-object-keramik-gallery-kaufen-aschaffenburg-400x267.jpg 400w, https:\/\/www.galerie-metzger.de\/wp-content\/uploads\/2021\/01\/Iris-Schoene-Krug-galerie-metzger-ceramic-art-object-keramik-gallery-kaufen-aschaffenburg-1030x687.jpg 1030w, https:\/\/www.galerie-metzger.de\/wp-content\/uploads\/2021\/01\/Iris-Schoene-Krug-galerie-metzger-ceramic-art-object-keramik-gallery-kaufen-aschaffenburg-768x512.jpg 768w, https:\/\/www.galerie-metzger.de\/wp-content\/uploads\/2021\/01\/Iris-Schoene-Krug-galerie-metzger-ceramic-art-object-keramik-gallery-kaufen-aschaffenburg-1536x1024.jpg 1536w, https:\/\/www.galerie-metzger.de\/wp-content\/uploads\/2021\/01\/Iris-Schoene-Krug-galerie-metzger-ceramic-art-object-keramik-gallery-kaufen-aschaffenburg-2048x1365.jpg 2048w, https:\/\/www.galerie-metzger.de\/wp-content\/uploads\/2021\/01\/Iris-Schoene-Krug-galerie-metzger-ceramic-art-object-keramik-gallery-kaufen-aschaffenburg-1500x1000.jpg 1500w, https:\/\/www.galerie-metzger.de\/wp-content\/uploads\/2021\/01\/Iris-Schoene-Krug-galerie-metzger-ceramic-art-object-keramik-gallery-kaufen-aschaffenburg-600x400.jpg 600w, https:\/\/www.galerie-metzger.de\/wp-content\/uploads\/2021\/01\/Iris-Schoene-Krug-galerie-metzger-ceramic-art-object-keramik-gallery-kaufen-aschaffenburg-300x200.jpg 300w, https:\/\/www.galerie-metzger.de\/wp-content\/uploads\/2021\/01\/Iris-Schoene-Krug-galerie-metzger-ceramic-art-object-keramik-gallery-kaufen-aschaffenburg-900x600.jpg 900w, https:\/\/www.galerie-metzger.de\/wp-content\/uploads\/2021\/01\/Iris-Schoene-Krug-galerie-metzger-ceramic-art-object-keramik-gallery-kaufen-aschaffenburg-705x470.jpg 705w, https:\/\/www.galerie-metzger.de\/wp-content\/uploads\/2021\/01\/Iris-Schoene-Krug-galerie-metzger-ceramic-art-object-keramik-gallery-kaufen-aschaffenburg-450x300.jpg 450w\" sizes=\"(max-width: 400px) 100vw, 400px\" \/><\/a><\/div><\/div><\/div><br \/>\n<section  class='av_textblock_section av-av_textblock-2df6986536148a6092118248b21c996c' ><div class='avia_textblock jo_werk_anfrage' ><p><a class=\"anfrage\" href=\"mailto:info@galerie-metzger.de?subject=Margaret%20Curtis%20Chawan%202020\">request information<\/a><\/p>\n<\/div><\/section><\/p><\/div><\/div><!--close column table wrapper. Autoclose: 1 --><div class='flex_column_table av-2gsxvhb-1118cc7ed190ef12b94344766d75b468 sc-av_one_full av-equal-height-column-flextable'>\n<style type=\"text\/css\" data-created_by=\"avia_inline_auto\" id=\"style-css-av-2gsxvhb-1118cc7ed190ef12b94344766d75b468\">\n.flex_column.av-2gsxvhb-1118cc7ed190ef12b94344766d75b468{\n-webkit-border-radius:0px 0px 0px 0px;\n-moz-border-radius:0px 0px 0px 0px;\nborder-radius:0px 0px 0px 0px;\n}\n<\/style>\n<div class='flex_column av-2gsxvhb-1118cc7ed190ef12b94344766d75b468 av_one_full  avia-builder-el-132  el_after_av_one_third  el_before_av_one_half  jo_col_empty first flex_column_table_cell av-equal-height-column av-align-top av-animated-generic fade-in av-zero-column-padding column-top-margin'     ><section  class='av_textblock_section av-2ebrkhr-7982fab1bb27e611fade3e31fb8d8b3f' ><div class='avia_textblock' ><p>invisible placeholder<\/p>\n<\/div><\/section><\/div><\/div><!--close column table wrapper. Autoclose: 1 --><div class='flex_column_table av-22ccvjz-c20c10c7f195c3bda27bd103a17649b8 sc-av_one_third av-equal-height-column-flextable'>\n<style type=\"text\/css\" data-created_by=\"avia_inline_auto\" id=\"style-css-av-22ccvjz-c20c10c7f195c3bda27bd103a17649b8\">\n.flex_column.av-22ccvjz-c20c10c7f195c3bda27bd103a17649b8{\n-webkit-border-radius:0px 0px 0px 0px;\n-moz-border-radius:0px 0px 0px 0px;\nborder-radius:0px 0px 0px 0px;\n}\n<\/style>\n<div class='flex_column av-22ccvjz-c20c10c7f195c3bda27bd103a17649b8 av_one_third  jo_pf_bild_bg first flex_column_table_cell av-equal-height-column av-align-top av-animated-generic fade-in av-zero-column-padding '     ><p>\n<style type=\"text\/css\" data-created_by=\"avia_inline_auto\" id=\"style-css-av-av_image-bf72f5e75d377aa4cd99c0cd6fd3a05f\">\n.avia-image-container.av-av_image-bf72f5e75d377aa4cd99c0cd6fd3a05f img.avia_image{\nbox-shadow:none;\n}\n.avia-image-container.av-av_image-bf72f5e75d377aa4cd99c0cd6fd3a05f .av-caption-image-overlay-bg{\nopacity:0.4;\n}\n<\/style>\n<div  class='avia-image-container av-av_image-bf72f5e75d377aa4cd99c0cd6fd3a05f av-styling-no-styling avia_animated_image av-animated-when-visible-95 fade-in avia-align-left  jo_pf_bild noHover av-overlay-hover-deactivate'  ><div class=\"avia-image-container-inner\"><div class=\"avia-image-overlay-wrap\"><a href=\"https:\/\/www.galerie-metzger.de\/wp-content\/uploads\/2021\/03\/Iris-Schoene-Henkel-galerie-metzger-keramik-ceramic-art-object-gallery-kaufen-1030x687.jpg\" data-srcset=\"https:\/\/www.galerie-metzger.de\/wp-content\/uploads\/2021\/03\/Iris-Schoene-Henkel-galerie-metzger-keramik-ceramic-art-object-gallery-kaufen-1030x687.jpg 1030w, https:\/\/www.galerie-metzger.de\/wp-content\/uploads\/2021\/03\/Iris-Schoene-Henkel-galerie-metzger-keramik-ceramic-art-object-gallery-kaufen-400x267.jpg 400w, https:\/\/www.galerie-metzger.de\/wp-content\/uploads\/2021\/03\/Iris-Schoene-Henkel-galerie-metzger-keramik-ceramic-art-object-gallery-kaufen-768x512.jpg 768w, https:\/\/www.galerie-metzger.de\/wp-content\/uploads\/2021\/03\/Iris-Schoene-Henkel-galerie-metzger-keramik-ceramic-art-object-gallery-kaufen-1536x1024.jpg 1536w, https:\/\/www.galerie-metzger.de\/wp-content\/uploads\/2021\/03\/Iris-Schoene-Henkel-galerie-metzger-keramik-ceramic-art-object-gallery-kaufen-2048x1365.jpg 2048w, https:\/\/www.galerie-metzger.de\/wp-content\/uploads\/2021\/03\/Iris-Schoene-Henkel-galerie-metzger-keramik-ceramic-art-object-gallery-kaufen-1500x1000.jpg 1500w, https:\/\/www.galerie-metzger.de\/wp-content\/uploads\/2021\/03\/Iris-Schoene-Henkel-galerie-metzger-keramik-ceramic-art-object-gallery-kaufen-600x400.jpg 600w, https:\/\/www.galerie-metzger.de\/wp-content\/uploads\/2021\/03\/Iris-Schoene-Henkel-galerie-metzger-keramik-ceramic-art-object-gallery-kaufen-300x200.jpg 300w, https:\/\/www.galerie-metzger.de\/wp-content\/uploads\/2021\/03\/Iris-Schoene-Henkel-galerie-metzger-keramik-ceramic-art-object-gallery-kaufen-900x600.jpg 900w, https:\/\/www.galerie-metzger.de\/wp-content\/uploads\/2021\/03\/Iris-Schoene-Henkel-galerie-metzger-keramik-ceramic-art-object-gallery-kaufen-705x470.jpg 705w, https:\/\/www.galerie-metzger.de\/wp-content\/uploads\/2021\/03\/Iris-Schoene-Henkel-galerie-metzger-keramik-ceramic-art-object-gallery-kaufen-450x300.jpg 450w\" data-sizes=\"(max-width: 1030px) 100vw, 1030px\" class='avia_image' ><div class=\"av-image-caption-overlay\"><div class=\"av-caption-image-overlay-bg\"><\/div><div class=\"av-image-caption-overlay-position\"><div class=\"av-image-caption-overlay-center\"><p>Iris Sch\u00f6ne \u2013 Jars, salted wood fire \u2013 , Foto: Edi Baumann<\/p>\n<\/div><\/div><\/div><img decoding=\"async\" class='wp-image-9251 avia-img-lazy-loading-not-9251 avia_image ' src=\"https:\/\/www.galerie-metzger.de\/wp-content\/uploads\/2021\/03\/Iris-Schoene-Henkel-galerie-metzger-keramik-ceramic-art-object-gallery-kaufen-400x267.jpg\" alt='Iris Schoene -Henkel -' title='Iris Schoene - Henkel -'  height=\"267\" width=\"400\" srcset=\"https:\/\/www.galerie-metzger.de\/wp-content\/uploads\/2021\/03\/Iris-Schoene-Henkel-galerie-metzger-keramik-ceramic-art-object-gallery-kaufen-400x267.jpg 400w, https:\/\/www.galerie-metzger.de\/wp-content\/uploads\/2021\/03\/Iris-Schoene-Henkel-galerie-metzger-keramik-ceramic-art-object-gallery-kaufen-1030x687.jpg 1030w, https:\/\/www.galerie-metzger.de\/wp-content\/uploads\/2021\/03\/Iris-Schoene-Henkel-galerie-metzger-keramik-ceramic-art-object-gallery-kaufen-768x512.jpg 768w, https:\/\/www.galerie-metzger.de\/wp-content\/uploads\/2021\/03\/Iris-Schoene-Henkel-galerie-metzger-keramik-ceramic-art-object-gallery-kaufen-1536x1024.jpg 1536w, https:\/\/www.galerie-metzger.de\/wp-content\/uploads\/2021\/03\/Iris-Schoene-Henkel-galerie-metzger-keramik-ceramic-art-object-gallery-kaufen-2048x1365.jpg 2048w, https:\/\/www.galerie-metzger.de\/wp-content\/uploads\/2021\/03\/Iris-Schoene-Henkel-galerie-metzger-keramik-ceramic-art-object-gallery-kaufen-1500x1000.jpg 1500w, https:\/\/www.galerie-metzger.de\/wp-content\/uploads\/2021\/03\/Iris-Schoene-Henkel-galerie-metzger-keramik-ceramic-art-object-gallery-kaufen-600x400.jpg 600w, https:\/\/www.galerie-metzger.de\/wp-content\/uploads\/2021\/03\/Iris-Schoene-Henkel-galerie-metzger-keramik-ceramic-art-object-gallery-kaufen-300x200.jpg 300w, https:\/\/www.galerie-metzger.de\/wp-content\/uploads\/2021\/03\/Iris-Schoene-Henkel-galerie-metzger-keramik-ceramic-art-object-gallery-kaufen-900x600.jpg 900w, https:\/\/www.galerie-metzger.de\/wp-content\/uploads\/2021\/03\/Iris-Schoene-Henkel-galerie-metzger-keramik-ceramic-art-object-gallery-kaufen-705x470.jpg 705w, https:\/\/www.galerie-metzger.de\/wp-content\/uploads\/2021\/03\/Iris-Schoene-Henkel-galerie-metzger-keramik-ceramic-art-object-gallery-kaufen-450x300.jpg 450w\" sizes=\"(max-width: 400px) 100vw, 400px\" \/><\/a><\/div><\/div><\/div><br \/>\n<section  class='av_textblock_section av-av_textblock-2df6986536148a6092118248b21c996c' ><div class='avia_textblock jo_werk_anfrage' ><p><a class=\"anfrage\" href=\"mailto:info@galerie-metzger.de?subject=Iris%20Schoene%20Henkel\">request information<\/a><\/p>\n<\/div><\/section><\/p><\/div><\/div><!--close column table wrapper. Autoclose: 1 --><div class='flex_column_table av-22ccvjz-ad468ee973643f648d80b19378020a49 sc-av_one_third av-equal-height-column-flextable'><div class='av-flex-placeholder'><\/div>\n<style type=\"text\/css\" data-created_by=\"avia_inline_auto\" id=\"style-css-av-22ccvjz-ad468ee973643f648d80b19378020a49\">\n.flex_column.av-22ccvjz-ad468ee973643f648d80b19378020a49{\n-webkit-border-radius:0px 0px 0px 0px;\n-moz-border-radius:0px 0px 0px 0px;\nborder-radius:0px 0px 0px 0px;\n}\n<\/style>\n<div class='flex_column av-22ccvjz-ad468ee973643f648d80b19378020a49 av_one_third  jo_pf_bild_bg flex_column_table_cell av-equal-height-column av-align-top av-animated-generic fade-in av-zero-column-padding '     ><p>\n<style type=\"text\/css\" data-created_by=\"avia_inline_auto\" id=\"style-css-av-av_image-b62d9ce8a0780632842167841987314b\">\n.avia-image-container.av-av_image-b62d9ce8a0780632842167841987314b img.avia_image{\nbox-shadow:none;\n}\n.avia-image-container.av-av_image-b62d9ce8a0780632842167841987314b .av-caption-image-overlay-bg{\nopacity:0.4;\n}\n<\/style>\n<div  class='avia-image-container av-av_image-b62d9ce8a0780632842167841987314b av-styling-no-styling avia_animated_image av-animated-when-visible-95 fade-in avia-align-left  jo_pf_bild noHover av-overlay-hover-deactivate'  ><div class=\"avia-image-container-inner\"><div class=\"avia-image-overlay-wrap\"><a href=\"https:\/\/www.galerie-metzger.de\/wp-content\/uploads\/2021\/03\/Iris-Schoene-2-Kruege-galerie-metzger-keramik-ceramic-art-object-gallery-kaufen-1030x687.jpg\" data-srcset=\"https:\/\/www.galerie-metzger.de\/wp-content\/uploads\/2021\/03\/Iris-Schoene-2-Kruege-galerie-metzger-keramik-ceramic-art-object-gallery-kaufen-1030x687.jpg 1030w, https:\/\/www.galerie-metzger.de\/wp-content\/uploads\/2021\/03\/Iris-Schoene-2-Kruege-galerie-metzger-keramik-ceramic-art-object-gallery-kaufen-400x267.jpg 400w, https:\/\/www.galerie-metzger.de\/wp-content\/uploads\/2021\/03\/Iris-Schoene-2-Kruege-galerie-metzger-keramik-ceramic-art-object-gallery-kaufen-768x512.jpg 768w, https:\/\/www.galerie-metzger.de\/wp-content\/uploads\/2021\/03\/Iris-Schoene-2-Kruege-galerie-metzger-keramik-ceramic-art-object-gallery-kaufen-1536x1024.jpg 1536w, https:\/\/www.galerie-metzger.de\/wp-content\/uploads\/2021\/03\/Iris-Schoene-2-Kruege-galerie-metzger-keramik-ceramic-art-object-gallery-kaufen-2048x1365.jpg 2048w, https:\/\/www.galerie-metzger.de\/wp-content\/uploads\/2021\/03\/Iris-Schoene-2-Kruege-galerie-metzger-keramik-ceramic-art-object-gallery-kaufen-1500x1000.jpg 1500w, https:\/\/www.galerie-metzger.de\/wp-content\/uploads\/2021\/03\/Iris-Schoene-2-Kruege-galerie-metzger-keramik-ceramic-art-object-gallery-kaufen-600x400.jpg 600w, https:\/\/www.galerie-metzger.de\/wp-content\/uploads\/2021\/03\/Iris-Schoene-2-Kruege-galerie-metzger-keramik-ceramic-art-object-gallery-kaufen-300x200.jpg 300w, https:\/\/www.galerie-metzger.de\/wp-content\/uploads\/2021\/03\/Iris-Schoene-2-Kruege-galerie-metzger-keramik-ceramic-art-object-gallery-kaufen-900x600.jpg 900w, https:\/\/www.galerie-metzger.de\/wp-content\/uploads\/2021\/03\/Iris-Schoene-2-Kruege-galerie-metzger-keramik-ceramic-art-object-gallery-kaufen-705x470.jpg 705w, https:\/\/www.galerie-metzger.de\/wp-content\/uploads\/2021\/03\/Iris-Schoene-2-Kruege-galerie-metzger-keramik-ceramic-art-object-gallery-kaufen-450x300.jpg 450w\" data-sizes=\"(max-width: 1030px) 100vw, 1030px\" class='avia_image' ><div class=\"av-image-caption-overlay\"><div class=\"av-caption-image-overlay-bg\"><\/div><div class=\"av-image-caption-overlay-position\"><div class=\"av-image-caption-overlay-center\"><p>Iris Sch\u00f6ne \u2013 Jars, salted wood fire \u2013 , Foto: Edi Baumann<\/p>\n<\/div><\/div><\/div><img decoding=\"async\" class='wp-image-9248 avia-img-lazy-loading-not-9248 avia_image ' src=\"https:\/\/www.galerie-metzger.de\/wp-content\/uploads\/2021\/03\/Iris-Schoene-2-Kruege-galerie-metzger-keramik-ceramic-art-object-gallery-kaufen-400x267.jpg\" alt='Iris Schoene - 2 Kruege -' title='Iris Schoene - 2 Kruege -'  height=\"267\" width=\"400\" srcset=\"https:\/\/www.galerie-metzger.de\/wp-content\/uploads\/2021\/03\/Iris-Schoene-2-Kruege-galerie-metzger-keramik-ceramic-art-object-gallery-kaufen-400x267.jpg 400w, https:\/\/www.galerie-metzger.de\/wp-content\/uploads\/2021\/03\/Iris-Schoene-2-Kruege-galerie-metzger-keramik-ceramic-art-object-gallery-kaufen-1030x687.jpg 1030w, https:\/\/www.galerie-metzger.de\/wp-content\/uploads\/2021\/03\/Iris-Schoene-2-Kruege-galerie-metzger-keramik-ceramic-art-object-gallery-kaufen-768x512.jpg 768w, https:\/\/www.galerie-metzger.de\/wp-content\/uploads\/2021\/03\/Iris-Schoene-2-Kruege-galerie-metzger-keramik-ceramic-art-object-gallery-kaufen-1536x1024.jpg 1536w, https:\/\/www.galerie-metzger.de\/wp-content\/uploads\/2021\/03\/Iris-Schoene-2-Kruege-galerie-metzger-keramik-ceramic-art-object-gallery-kaufen-2048x1365.jpg 2048w, https:\/\/www.galerie-metzger.de\/wp-content\/uploads\/2021\/03\/Iris-Schoene-2-Kruege-galerie-metzger-keramik-ceramic-art-object-gallery-kaufen-1500x1000.jpg 1500w, https:\/\/www.galerie-metzger.de\/wp-content\/uploads\/2021\/03\/Iris-Schoene-2-Kruege-galerie-metzger-keramik-ceramic-art-object-gallery-kaufen-600x400.jpg 600w, https:\/\/www.galerie-metzger.de\/wp-content\/uploads\/2021\/03\/Iris-Schoene-2-Kruege-galerie-metzger-keramik-ceramic-art-object-gallery-kaufen-300x200.jpg 300w, https:\/\/www.galerie-metzger.de\/wp-content\/uploads\/2021\/03\/Iris-Schoene-2-Kruege-galerie-metzger-keramik-ceramic-art-object-gallery-kaufen-900x600.jpg 900w, https:\/\/www.galerie-metzger.de\/wp-content\/uploads\/2021\/03\/Iris-Schoene-2-Kruege-galerie-metzger-keramik-ceramic-art-object-gallery-kaufen-705x470.jpg 705w, https:\/\/www.galerie-metzger.de\/wp-content\/uploads\/2021\/03\/Iris-Schoene-2-Kruege-galerie-metzger-keramik-ceramic-art-object-gallery-kaufen-450x300.jpg 450w\" sizes=\"(max-width: 400px) 100vw, 400px\" \/><\/a><\/div><\/div><\/div><br \/>\n<section  class='av_textblock_section av-av_textblock-2df6986536148a6092118248b21c996c' ><div class='avia_textblock jo_werk_anfrage' ><p><a class=\"anfrage\" href=\"mailto:info@galerie-metzger.de?subject=Iris%20Schoene%20Kruege\">request information<\/a><\/p>\n<\/div><\/section><\/p><\/div><\/div><!--close column table wrapper. Autoclose: 1 --><div class='flex_column_table av-2gsxvhb-ca9679bebbe6e460ec9c9d0c915ad2e5 sc-av_one_third av-equal-height-column-flextable'><div class='av-flex-placeholder'><\/div>\n<style type=\"text\/css\" data-created_by=\"avia_inline_auto\" id=\"style-css-av-2gsxvhb-ca9679bebbe6e460ec9c9d0c915ad2e5\">\n.flex_column.av-2gsxvhb-ca9679bebbe6e460ec9c9d0c915ad2e5{\n-webkit-border-radius:0px 0px 0px 0px;\n-moz-border-radius:0px 0px 0px 0px;\nborder-radius:0px 0px 0px 0px;\n}\n<\/style>\n<div class='flex_column av-2gsxvhb-ca9679bebbe6e460ec9c9d0c915ad2e5 av_one_third  jo_col_empty flex_column_table_cell av-equal-height-column av-align-top av-animated-generic fade-in av-zero-column-padding '     ><section  class='av_textblock_section av-2ebrkhr-7982fab1bb27e611fade3e31fb8d8b3f' ><div class='avia_textblock' ><p>invisible placeholder<\/p>\n<\/div><\/section><\/div><\/div><!--close column table wrapper. Autoclose: 1 --><div class='flex_column_table av-2gsxvhb-1118cc7ed190ef12b94344766d75b468 sc-av_one_full av-equal-height-column-flextable'>\n<style type=\"text\/css\" data-created_by=\"avia_inline_auto\" id=\"style-css-av-2gsxvhb-1118cc7ed190ef12b94344766d75b468\">\n.flex_column.av-2gsxvhb-1118cc7ed190ef12b94344766d75b468{\n-webkit-border-radius:0px 0px 0px 0px;\n-moz-border-radius:0px 0px 0px 0px;\nborder-radius:0px 0px 0px 0px;\n}\n<\/style>\n<div class='flex_column av-2gsxvhb-1118cc7ed190ef12b94344766d75b468 av_one_full  jo_col_empty first flex_column_table_cell av-equal-height-column av-align-top av-animated-generic fade-in av-zero-column-padding '     ><section  class='av_textblock_section av-2ebrkhr-7982fab1bb27e611fade3e31fb8d8b3f' ><div class='avia_textblock' ><p>invisible placeholder<\/p>\n<\/div><\/section><\/div><\/div><!--close column table wrapper. Autoclose: 1 --><div class='flex_column_table av-22ccvjz-c20c10c7f195c3bda27bd103a17649b8 sc-av_one_third av-equal-height-column-flextable'>\n<style type=\"text\/css\" data-created_by=\"avia_inline_auto\" id=\"style-css-av-22ccvjz-c20c10c7f195c3bda27bd103a17649b8\">\n.flex_column.av-22ccvjz-c20c10c7f195c3bda27bd103a17649b8{\n-webkit-border-radius:0px 0px 0px 0px;\n-moz-border-radius:0px 0px 0px 0px;\nborder-radius:0px 0px 0px 0px;\n}\n<\/style>\n<div class='flex_column av-22ccvjz-c20c10c7f195c3bda27bd103a17649b8 av_one_third  jo_pf_bild_bg first flex_column_table_cell av-equal-height-column av-align-top av-animated-generic fade-in av-zero-column-padding '     ><p>\n<style type=\"text\/css\" data-created_by=\"avia_inline_auto\" id=\"style-css-av-av_image-956eda73ecd7bbc9be0d63b17bd0dd1c\">\n.avia-image-container.av-av_image-956eda73ecd7bbc9be0d63b17bd0dd1c img.avia_image{\nbox-shadow:none;\n}\n.avia-image-container.av-av_image-956eda73ecd7bbc9be0d63b17bd0dd1c .av-caption-image-overlay-bg{\nopacity:0.4;\n}\n<\/style>\n<div  class='avia-image-container av-av_image-956eda73ecd7bbc9be0d63b17bd0dd1c av-styling-no-styling avia_animated_image av-animated-when-visible-95 fade-in avia-align-left  jo_pf_bild noHover av-overlay-hover-deactivate'  ><div class=\"avia-image-container-inner\"><div class=\"avia-image-overlay-wrap\"><a href=\"https:\/\/www.galerie-metzger.de\/wp-content\/uploads\/2021\/01\/Karl-Heinz-Till-Holzbrand-Mug-galerie-metzger-ceramic-art-object-keramik-gallery-1030x687.jpg\" data-srcset=\"https:\/\/www.galerie-metzger.de\/wp-content\/uploads\/2021\/01\/Karl-Heinz-Till-Holzbrand-Mug-galerie-metzger-ceramic-art-object-keramik-gallery-1030x687.jpg 1030w, https:\/\/www.galerie-metzger.de\/wp-content\/uploads\/2021\/01\/Karl-Heinz-Till-Holzbrand-Mug-galerie-metzger-ceramic-art-object-keramik-gallery-400x267.jpg 400w, https:\/\/www.galerie-metzger.de\/wp-content\/uploads\/2021\/01\/Karl-Heinz-Till-Holzbrand-Mug-galerie-metzger-ceramic-art-object-keramik-gallery-768x512.jpg 768w, https:\/\/www.galerie-metzger.de\/wp-content\/uploads\/2021\/01\/Karl-Heinz-Till-Holzbrand-Mug-galerie-metzger-ceramic-art-object-keramik-gallery-1536x1024.jpg 1536w, https:\/\/www.galerie-metzger.de\/wp-content\/uploads\/2021\/01\/Karl-Heinz-Till-Holzbrand-Mug-galerie-metzger-ceramic-art-object-keramik-gallery-2048x1365.jpg 2048w, https:\/\/www.galerie-metzger.de\/wp-content\/uploads\/2021\/01\/Karl-Heinz-Till-Holzbrand-Mug-galerie-metzger-ceramic-art-object-keramik-gallery-1500x1000.jpg 1500w, https:\/\/www.galerie-metzger.de\/wp-content\/uploads\/2021\/01\/Karl-Heinz-Till-Holzbrand-Mug-galerie-metzger-ceramic-art-object-keramik-gallery-600x400.jpg 600w, https:\/\/www.galerie-metzger.de\/wp-content\/uploads\/2021\/01\/Karl-Heinz-Till-Holzbrand-Mug-galerie-metzger-ceramic-art-object-keramik-gallery-300x200.jpg 300w, https:\/\/www.galerie-metzger.de\/wp-content\/uploads\/2021\/01\/Karl-Heinz-Till-Holzbrand-Mug-galerie-metzger-ceramic-art-object-keramik-gallery-900x600.jpg 900w, https:\/\/www.galerie-metzger.de\/wp-content\/uploads\/2021\/01\/Karl-Heinz-Till-Holzbrand-Mug-galerie-metzger-ceramic-art-object-keramik-gallery-705x470.jpg 705w, https:\/\/www.galerie-metzger.de\/wp-content\/uploads\/2021\/01\/Karl-Heinz-Till-Holzbrand-Mug-galerie-metzger-ceramic-art-object-keramik-gallery-450x300.jpg 450w\" data-sizes=\"(max-width: 1030px) 100vw, 1030px\" class='avia_image' ><div class=\"av-image-caption-overlay\"><div class=\"av-caption-image-overlay-bg\"><\/div><div class=\"av-image-caption-overlay-position\"><div class=\"av-image-caption-overlay-center\"><p>Karl-Heinz Till \u2013 Mug, Wood Firing \u2013 , Foto: Karl-Heinz Till<\/p>\n<\/div><\/div><\/div><img decoding=\"async\" class='wp-image-8921 avia-img-lazy-loading-not-8921 avia_image ' src=\"https:\/\/www.galerie-metzger.de\/wp-content\/uploads\/2021\/01\/Karl-Heinz-Till-Holzbrand-Mug-galerie-metzger-ceramic-art-object-keramik-gallery-400x267.jpg\" alt='Karl-Heinz Till - Holzbrand Mug -' title='Karl-Heinz Till - Holzbrand Mug -'  height=\"267\" width=\"400\" srcset=\"https:\/\/www.galerie-metzger.de\/wp-content\/uploads\/2021\/01\/Karl-Heinz-Till-Holzbrand-Mug-galerie-metzger-ceramic-art-object-keramik-gallery-400x267.jpg 400w, https:\/\/www.galerie-metzger.de\/wp-content\/uploads\/2021\/01\/Karl-Heinz-Till-Holzbrand-Mug-galerie-metzger-ceramic-art-object-keramik-gallery-1030x687.jpg 1030w, https:\/\/www.galerie-metzger.de\/wp-content\/uploads\/2021\/01\/Karl-Heinz-Till-Holzbrand-Mug-galerie-metzger-ceramic-art-object-keramik-gallery-768x512.jpg 768w, https:\/\/www.galerie-metzger.de\/wp-content\/uploads\/2021\/01\/Karl-Heinz-Till-Holzbrand-Mug-galerie-metzger-ceramic-art-object-keramik-gallery-1536x1024.jpg 1536w, https:\/\/www.galerie-metzger.de\/wp-content\/uploads\/2021\/01\/Karl-Heinz-Till-Holzbrand-Mug-galerie-metzger-ceramic-art-object-keramik-gallery-2048x1365.jpg 2048w, https:\/\/www.galerie-metzger.de\/wp-content\/uploads\/2021\/01\/Karl-Heinz-Till-Holzbrand-Mug-galerie-metzger-ceramic-art-object-keramik-gallery-1500x1000.jpg 1500w, https:\/\/www.galerie-metzger.de\/wp-content\/uploads\/2021\/01\/Karl-Heinz-Till-Holzbrand-Mug-galerie-metzger-ceramic-art-object-keramik-gallery-600x400.jpg 600w, https:\/\/www.galerie-metzger.de\/wp-content\/uploads\/2021\/01\/Karl-Heinz-Till-Holzbrand-Mug-galerie-metzger-ceramic-art-object-keramik-gallery-300x200.jpg 300w, https:\/\/www.galerie-metzger.de\/wp-content\/uploads\/2021\/01\/Karl-Heinz-Till-Holzbrand-Mug-galerie-metzger-ceramic-art-object-keramik-gallery-900x600.jpg 900w, https:\/\/www.galerie-metzger.de\/wp-content\/uploads\/2021\/01\/Karl-Heinz-Till-Holzbrand-Mug-galerie-metzger-ceramic-art-object-keramik-gallery-705x470.jpg 705w, https:\/\/www.galerie-metzger.de\/wp-content\/uploads\/2021\/01\/Karl-Heinz-Till-Holzbrand-Mug-galerie-metzger-ceramic-art-object-keramik-gallery-450x300.jpg 450w\" sizes=\"(max-width: 400px) 100vw, 400px\" \/><\/a><\/div><\/div><\/div><br \/>\n<section  class='av_textblock_section av-av_textblock-2df6986536148a6092118248b21c996c' ><div class='avia_textblock jo_werk_anfrage' ><p><a class=\"anfrage\" href=\"mailto:info@galerie-metzger.de?subject=Margaret%20Curtis%20Chawan%202020\">request information<\/a><\/p>\n<\/div><\/section><\/p><\/div><\/div><!--close column table wrapper. Autoclose: 1 --><div class='flex_column_table av-22ccvjz-ad468ee973643f648d80b19378020a49 sc-av_one_third av-equal-height-column-flextable'><div class='av-flex-placeholder'><\/div>\n<style type=\"text\/css\" data-created_by=\"avia_inline_auto\" id=\"style-css-av-22ccvjz-ad468ee973643f648d80b19378020a49\">\n.flex_column.av-22ccvjz-ad468ee973643f648d80b19378020a49{\n-webkit-border-radius:0px 0px 0px 0px;\n-moz-border-radius:0px 0px 0px 0px;\nborder-radius:0px 0px 0px 0px;\n}\n<\/style>\n<div class='flex_column av-22ccvjz-ad468ee973643f648d80b19378020a49 av_one_third  jo_pf_bild_bg flex_column_table_cell av-equal-height-column av-align-top av-animated-generic fade-in av-zero-column-padding '     ><p>\n<style type=\"text\/css\" data-created_by=\"avia_inline_auto\" id=\"style-css-av-av_image-71e3cd13287ac4489ed7e17189613c44\">\n.avia-image-container.av-av_image-71e3cd13287ac4489ed7e17189613c44 img.avia_image{\nbox-shadow:none;\n}\n.avia-image-container.av-av_image-71e3cd13287ac4489ed7e17189613c44 .av-caption-image-overlay-bg{\nopacity:0.4;\n}\n<\/style>\n<div  class='avia-image-container av-av_image-71e3cd13287ac4489ed7e17189613c44 av-styling-no-styling avia_animated_image av-animated-when-visible-95 fade-in avia-align-left  jo_pf_bild noHover av-overlay-hover-deactivate'  ><div class=\"avia-image-container-inner\"><div class=\"avia-image-overlay-wrap\"><a href=\"https:\/\/www.galerie-metzger.de\/wp-content\/uploads\/2021\/01\/Karl-Heinz-Till-Holzbrand-Mug-galerie-metzger-ceramic-art-object-keramik-gallery-kaufen-1030x687.jpg\" data-srcset=\"https:\/\/www.galerie-metzger.de\/wp-content\/uploads\/2021\/01\/Karl-Heinz-Till-Holzbrand-Mug-galerie-metzger-ceramic-art-object-keramik-gallery-kaufen-1030x687.jpg 1030w, https:\/\/www.galerie-metzger.de\/wp-content\/uploads\/2021\/01\/Karl-Heinz-Till-Holzbrand-Mug-galerie-metzger-ceramic-art-object-keramik-gallery-kaufen-400x267.jpg 400w, https:\/\/www.galerie-metzger.de\/wp-content\/uploads\/2021\/01\/Karl-Heinz-Till-Holzbrand-Mug-galerie-metzger-ceramic-art-object-keramik-gallery-kaufen-768x512.jpg 768w, https:\/\/www.galerie-metzger.de\/wp-content\/uploads\/2021\/01\/Karl-Heinz-Till-Holzbrand-Mug-galerie-metzger-ceramic-art-object-keramik-gallery-kaufen-1536x1024.jpg 1536w, https:\/\/www.galerie-metzger.de\/wp-content\/uploads\/2021\/01\/Karl-Heinz-Till-Holzbrand-Mug-galerie-metzger-ceramic-art-object-keramik-gallery-kaufen-2048x1365.jpg 2048w, https:\/\/www.galerie-metzger.de\/wp-content\/uploads\/2021\/01\/Karl-Heinz-Till-Holzbrand-Mug-galerie-metzger-ceramic-art-object-keramik-gallery-kaufen-1500x1000.jpg 1500w, https:\/\/www.galerie-metzger.de\/wp-content\/uploads\/2021\/01\/Karl-Heinz-Till-Holzbrand-Mug-galerie-metzger-ceramic-art-object-keramik-gallery-kaufen-600x400.jpg 600w, https:\/\/www.galerie-metzger.de\/wp-content\/uploads\/2021\/01\/Karl-Heinz-Till-Holzbrand-Mug-galerie-metzger-ceramic-art-object-keramik-gallery-kaufen-300x200.jpg 300w, https:\/\/www.galerie-metzger.de\/wp-content\/uploads\/2021\/01\/Karl-Heinz-Till-Holzbrand-Mug-galerie-metzger-ceramic-art-object-keramik-gallery-kaufen-705x470.jpg 705w, https:\/\/www.galerie-metzger.de\/wp-content\/uploads\/2021\/01\/Karl-Heinz-Till-Holzbrand-Mug-galerie-metzger-ceramic-art-object-keramik-gallery-kaufen-450x300.jpg 450w\" data-sizes=\"(max-width: 1030px) 100vw, 1030px\" class='avia_image' ><div class=\"av-image-caption-overlay\"><div class=\"av-caption-image-overlay-bg\"><\/div><div class=\"av-image-caption-overlay-position\"><div class=\"av-image-caption-overlay-center\"><p>Karl-Heinz Till \u2013 Pitcher, Wood Firing \u2013 , Foto: Karl-Heinz Till<\/p>\n<\/div><\/div><\/div><img decoding=\"async\" class='wp-image-8923 avia-img-lazy-loading-not-8923 avia_image ' src=\"https:\/\/www.galerie-metzger.de\/wp-content\/uploads\/2021\/01\/Karl-Heinz-Till-Holzbrand-Mug-galerie-metzger-ceramic-art-object-keramik-gallery-kaufen-400x267.jpg\" alt='Karl-Heinz Till - Kanne Holzbrand -' title='Karl-Heinz Till - Kanne Holzbrand -'  height=\"267\" width=\"400\" srcset=\"https:\/\/www.galerie-metzger.de\/wp-content\/uploads\/2021\/01\/Karl-Heinz-Till-Holzbrand-Mug-galerie-metzger-ceramic-art-object-keramik-gallery-kaufen-400x267.jpg 400w, https:\/\/www.galerie-metzger.de\/wp-content\/uploads\/2021\/01\/Karl-Heinz-Till-Holzbrand-Mug-galerie-metzger-ceramic-art-object-keramik-gallery-kaufen-1030x687.jpg 1030w, https:\/\/www.galerie-metzger.de\/wp-content\/uploads\/2021\/01\/Karl-Heinz-Till-Holzbrand-Mug-galerie-metzger-ceramic-art-object-keramik-gallery-kaufen-768x512.jpg 768w, https:\/\/www.galerie-metzger.de\/wp-content\/uploads\/2021\/01\/Karl-Heinz-Till-Holzbrand-Mug-galerie-metzger-ceramic-art-object-keramik-gallery-kaufen-1536x1024.jpg 1536w, https:\/\/www.galerie-metzger.de\/wp-content\/uploads\/2021\/01\/Karl-Heinz-Till-Holzbrand-Mug-galerie-metzger-ceramic-art-object-keramik-gallery-kaufen-2048x1365.jpg 2048w, https:\/\/www.galerie-metzger.de\/wp-content\/uploads\/2021\/01\/Karl-Heinz-Till-Holzbrand-Mug-galerie-metzger-ceramic-art-object-keramik-gallery-kaufen-1500x1000.jpg 1500w, https:\/\/www.galerie-metzger.de\/wp-content\/uploads\/2021\/01\/Karl-Heinz-Till-Holzbrand-Mug-galerie-metzger-ceramic-art-object-keramik-gallery-kaufen-600x400.jpg 600w, https:\/\/www.galerie-metzger.de\/wp-content\/uploads\/2021\/01\/Karl-Heinz-Till-Holzbrand-Mug-galerie-metzger-ceramic-art-object-keramik-gallery-kaufen-300x200.jpg 300w, https:\/\/www.galerie-metzger.de\/wp-content\/uploads\/2021\/01\/Karl-Heinz-Till-Holzbrand-Mug-galerie-metzger-ceramic-art-object-keramik-gallery-kaufen-705x470.jpg 705w, https:\/\/www.galerie-metzger.de\/wp-content\/uploads\/2021\/01\/Karl-Heinz-Till-Holzbrand-Mug-galerie-metzger-ceramic-art-object-keramik-gallery-kaufen-450x300.jpg 450w\" sizes=\"(max-width: 400px) 100vw, 400px\" \/><\/a><\/div><\/div><\/div><br \/>\n<section  class='av_textblock_section av-av_textblock-2df6986536148a6092118248b21c996c' ><div class='avia_textblock jo_werk_anfrage' ><p><a class=\"anfrage\" href=\"mailto:info@galerie-metzger.de?subject=Medi%20Zimmermann%20in dem sich neue Orientierung findet %202020\">request information<\/a><\/p>\n<\/div><\/section><\/p><\/div><\/div><!--close column table wrapper. Autoclose: 1 --><div class='flex_column_table av-22ccvjz-ad468ee973643f648d80b19378020a49 sc-av_one_third av-equal-height-column-flextable'><div class='av-flex-placeholder'><\/div>\n<style type=\"text\/css\" data-created_by=\"avia_inline_auto\" id=\"style-css-av-22ccvjz-ad468ee973643f648d80b19378020a49\">\n.flex_column.av-22ccvjz-ad468ee973643f648d80b19378020a49{\n-webkit-border-radius:0px 0px 0px 0px;\n-moz-border-radius:0px 0px 0px 0px;\nborder-radius:0px 0px 0px 0px;\n}\n<\/style>\n<div class='flex_column av-22ccvjz-ad468ee973643f648d80b19378020a49 av_one_third  jo_pf_bild_bg flex_column_table_cell av-equal-height-column av-align-top av-animated-generic fade-in av-zero-column-padding '     ><p>\n<style type=\"text\/css\" data-created_by=\"avia_inline_auto\" id=\"style-css-av-av_image-e6279862df6f30d26fb5817fb67e1e50\">\n.avia-image-container.av-av_image-e6279862df6f30d26fb5817fb67e1e50 img.avia_image{\nbox-shadow:none;\n}\n.avia-image-container.av-av_image-e6279862df6f30d26fb5817fb67e1e50 .av-caption-image-overlay-bg{\nopacity:0.4;\n}\n<\/style>\n<div  class='avia-image-container av-av_image-e6279862df6f30d26fb5817fb67e1e50 av-styling-no-styling avia_animated_image av-animated-when-visible-95 fade-in avia-align-left  jo_pf_bild noHover av-overlay-hover-deactivate'  ><div class=\"avia-image-container-inner\"><div class=\"avia-image-overlay-wrap\"><a href=\"https:\/\/www.galerie-metzger.de\/wp-content\/uploads\/2021\/01\/Karl-Heinz-Till-Holzbrand-Mug-galerie-metzger-ceramic-art-object-keramik-gallery-kaufen-aschaffenburg-1030x687.jpg\" data-srcset=\"https:\/\/www.galerie-metzger.de\/wp-content\/uploads\/2021\/01\/Karl-Heinz-Till-Holzbrand-Mug-galerie-metzger-ceramic-art-object-keramik-gallery-kaufen-aschaffenburg-1030x687.jpg 1030w, https:\/\/www.galerie-metzger.de\/wp-content\/uploads\/2021\/01\/Karl-Heinz-Till-Holzbrand-Mug-galerie-metzger-ceramic-art-object-keramik-gallery-kaufen-aschaffenburg-400x267.jpg 400w, https:\/\/www.galerie-metzger.de\/wp-content\/uploads\/2021\/01\/Karl-Heinz-Till-Holzbrand-Mug-galerie-metzger-ceramic-art-object-keramik-gallery-kaufen-aschaffenburg-768x512.jpg 768w, https:\/\/www.galerie-metzger.de\/wp-content\/uploads\/2021\/01\/Karl-Heinz-Till-Holzbrand-Mug-galerie-metzger-ceramic-art-object-keramik-gallery-kaufen-aschaffenburg-1536x1024.jpg 1536w, https:\/\/www.galerie-metzger.de\/wp-content\/uploads\/2021\/01\/Karl-Heinz-Till-Holzbrand-Mug-galerie-metzger-ceramic-art-object-keramik-gallery-kaufen-aschaffenburg-2048x1365.jpg 2048w, https:\/\/www.galerie-metzger.de\/wp-content\/uploads\/2021\/01\/Karl-Heinz-Till-Holzbrand-Mug-galerie-metzger-ceramic-art-object-keramik-gallery-kaufen-aschaffenburg-1500x1000.jpg 1500w, https:\/\/www.galerie-metzger.de\/wp-content\/uploads\/2021\/01\/Karl-Heinz-Till-Holzbrand-Mug-galerie-metzger-ceramic-art-object-keramik-gallery-kaufen-aschaffenburg-600x400.jpg 600w, https:\/\/www.galerie-metzger.de\/wp-content\/uploads\/2021\/01\/Karl-Heinz-Till-Holzbrand-Mug-galerie-metzger-ceramic-art-object-keramik-gallery-kaufen-aschaffenburg-300x200.jpg 300w, https:\/\/www.galerie-metzger.de\/wp-content\/uploads\/2021\/01\/Karl-Heinz-Till-Holzbrand-Mug-galerie-metzger-ceramic-art-object-keramik-gallery-kaufen-aschaffenburg-705x470.jpg 705w, https:\/\/www.galerie-metzger.de\/wp-content\/uploads\/2021\/01\/Karl-Heinz-Till-Holzbrand-Mug-galerie-metzger-ceramic-art-object-keramik-gallery-kaufen-aschaffenburg-450x300.jpg 450w\" data-sizes=\"(max-width: 1030px) 100vw, 1030px\" class='avia_image' ><div class=\"av-image-caption-overlay\"><div class=\"av-caption-image-overlay-bg\"><\/div><div class=\"av-image-caption-overlay-position\"><div class=\"av-image-caption-overlay-center\"><p>Karl-Heinz Till \u2013 Handle shape, wood firing\u00a0\u2013 , Foto: Karl-Heinz Till<\/p>\n<\/div><\/div><\/div><img decoding=\"async\" class='wp-image-8925 avia-img-lazy-loading-not-8925 avia_image ' src=\"https:\/\/www.galerie-metzger.de\/wp-content\/uploads\/2021\/01\/Karl-Heinz-Till-Holzbrand-Mug-galerie-metzger-ceramic-art-object-keramik-gallery-kaufen-aschaffenburg-400x267.jpg\" alt='' title='Karl-Heinz Till - Henkelform Holzbrand -'  height=\"267\" width=\"400\" srcset=\"https:\/\/www.galerie-metzger.de\/wp-content\/uploads\/2021\/01\/Karl-Heinz-Till-Holzbrand-Mug-galerie-metzger-ceramic-art-object-keramik-gallery-kaufen-aschaffenburg-400x267.jpg 400w, https:\/\/www.galerie-metzger.de\/wp-content\/uploads\/2021\/01\/Karl-Heinz-Till-Holzbrand-Mug-galerie-metzger-ceramic-art-object-keramik-gallery-kaufen-aschaffenburg-1030x687.jpg 1030w, https:\/\/www.galerie-metzger.de\/wp-content\/uploads\/2021\/01\/Karl-Heinz-Till-Holzbrand-Mug-galerie-metzger-ceramic-art-object-keramik-gallery-kaufen-aschaffenburg-768x512.jpg 768w, https:\/\/www.galerie-metzger.de\/wp-content\/uploads\/2021\/01\/Karl-Heinz-Till-Holzbrand-Mug-galerie-metzger-ceramic-art-object-keramik-gallery-kaufen-aschaffenburg-1536x1024.jpg 1536w, https:\/\/www.galerie-metzger.de\/wp-content\/uploads\/2021\/01\/Karl-Heinz-Till-Holzbrand-Mug-galerie-metzger-ceramic-art-object-keramik-gallery-kaufen-aschaffenburg-2048x1365.jpg 2048w, https:\/\/www.galerie-metzger.de\/wp-content\/uploads\/2021\/01\/Karl-Heinz-Till-Holzbrand-Mug-galerie-metzger-ceramic-art-object-keramik-gallery-kaufen-aschaffenburg-1500x1000.jpg 1500w, https:\/\/www.galerie-metzger.de\/wp-content\/uploads\/2021\/01\/Karl-Heinz-Till-Holzbrand-Mug-galerie-metzger-ceramic-art-object-keramik-gallery-kaufen-aschaffenburg-600x400.jpg 600w, https:\/\/www.galerie-metzger.de\/wp-content\/uploads\/2021\/01\/Karl-Heinz-Till-Holzbrand-Mug-galerie-metzger-ceramic-art-object-keramik-gallery-kaufen-aschaffenburg-300x200.jpg 300w, https:\/\/www.galerie-metzger.de\/wp-content\/uploads\/2021\/01\/Karl-Heinz-Till-Holzbrand-Mug-galerie-metzger-ceramic-art-object-keramik-gallery-kaufen-aschaffenburg-705x470.jpg 705w, https:\/\/www.galerie-metzger.de\/wp-content\/uploads\/2021\/01\/Karl-Heinz-Till-Holzbrand-Mug-galerie-metzger-ceramic-art-object-keramik-gallery-kaufen-aschaffenburg-450x300.jpg 450w\" sizes=\"(max-width: 400px) 100vw, 400px\" \/><\/a><\/div><\/div><\/div><br \/>\n<section  class='av_textblock_section av-av_textblock-2df6986536148a6092118248b21c996c' ><div class='avia_textblock jo_werk_anfrage' ><p><a class=\"anfrage\" href=\"mailto:info@galerie-metzger.de?subject=Margaret%20Curtis%20Chawan%202020\">request information<\/a><\/p>\n<\/div><\/section><\/p><\/div><\/div><!--close column table wrapper. Autoclose: 1 --><div class='flex_column_table av-2gsxvhb-1118cc7ed190ef12b94344766d75b468 sc-av_one_full av-equal-height-column-flextable'>\n<style type=\"text\/css\" data-created_by=\"avia_inline_auto\" id=\"style-css-av-2gsxvhb-1118cc7ed190ef12b94344766d75b468\">\n.flex_column.av-2gsxvhb-1118cc7ed190ef12b94344766d75b468{\n-webkit-border-radius:0px 0px 0px 0px;\n-moz-border-radius:0px 0px 0px 0px;\nborder-radius:0px 0px 0px 0px;\n}\n<\/style>\n<div class='flex_column av-2gsxvhb-1118cc7ed190ef12b94344766d75b468 av_one_full  jo_col_empty first flex_column_table_cell av-equal-height-column av-align-top av-animated-generic fade-in av-zero-column-padding '     ><section  class='av_textblock_section av-2ebrkhr-7982fab1bb27e611fade3e31fb8d8b3f' ><div class='avia_textblock' ><p>invisible placeholder<\/p>\n<\/div><\/section><\/div><\/div><!--close column table wrapper. Autoclose: 1 --><div class='flex_column_table av-a4qn2n-e8a9abf6d0297ce2157d36e874aeb3e6 sc-av_two_third av-equal-height-column-flextable'>\n<style type=\"text\/css\" data-created_by=\"avia_inline_auto\" id=\"style-css-av-a4qn2n-e8a9abf6d0297ce2157d36e874aeb3e6\">\n.flex_column.av-a4qn2n-e8a9abf6d0297ce2157d36e874aeb3e6{\n-webkit-border-radius:0px 0px 0px 0px;\n-moz-border-radius:0px 0px 0px 0px;\nborder-radius:0px 0px 0px 0px;\n}\n<\/style>\n<div class='flex_column av-a4qn2n-e8a9abf6d0297ce2157d36e874aeb3e6 av_two_third first flex_column_table_cell av-equal-height-column av-align-top av-animated-generic fade-in av-zero-column-padding '     ><section  class='av_textblock_section av-av_textblock-283972ea15f2e73870c23e2d6de3245d' ><div class='avia_textblock' ><p>A handle is usually a part of the vessel to the side of or over the opening and bent to form a loop, which serves to hang it up or to grasp it comfortably. According to Wiktionary, the German word \u201cHenkel\u201d originated in the 15th century and was derived from the verb \u201chenken\u201d, to hang something up. In German, a handle is thus also a \u201changer\u201d.<\/p>\n<p>But what handle goes with the form?<br \/>\nIt is good if you can form it. Then everything is possible: you can attach a coil, shape a strip, etc.<br \/>\nIt doesn\u2019t matter, the important thing is that you have to be able to grasp it easily, to grip it, and it is best if you can then hold on to the lid with your thumb if necessary.<br \/>\nAnd it should suit the pot.<br \/>\nYes, there is a little bit of Bauhaus in there, the form follows the function, but not only that.<\/p>\n<p><em> Karl-Heinz Till, Appenborn 2021 <\/em><\/p>\n<\/div><\/section><\/div><\/div><!--close column table wrapper. Autoclose: 1 --><div class='flex_column_table av-22ccvjz-ad468ee973643f648d80b19378020a49 sc-av_one_third av-equal-height-column-flextable'><div class='av-flex-placeholder'><\/div>\n<style type=\"text\/css\" data-created_by=\"avia_inline_auto\" id=\"style-css-av-22ccvjz-ad468ee973643f648d80b19378020a49\">\n.flex_column.av-22ccvjz-ad468ee973643f648d80b19378020a49{\n-webkit-border-radius:0px 0px 0px 0px;\n-moz-border-radius:0px 0px 0px 0px;\nborder-radius:0px 0px 0px 0px;\n}\n<\/style>\n<div class='flex_column av-22ccvjz-ad468ee973643f648d80b19378020a49 av_one_third  jo_pf_bild_bg flex_column_table_cell av-equal-height-column av-align-top av-animated-generic fade-in av-zero-column-padding '     ><p>\n<style type=\"text\/css\" data-created_by=\"avia_inline_auto\" id=\"style-css-av-av_image-2834be0a32da0fe98d529f626c1bba85\">\n.avia-image-container.av-av_image-2834be0a32da0fe98d529f626c1bba85 img.avia_image{\nbox-shadow:none;\n}\n.avia-image-container.av-av_image-2834be0a32da0fe98d529f626c1bba85 .av-caption-image-overlay-bg{\nopacity:0.4;\n}\n<\/style>\n<div  class='avia-image-container av-av_image-2834be0a32da0fe98d529f626c1bba85 av-styling-no-styling avia_animated_image av-animated-when-visible-95 fade-in avia-align-left  jo_pf_bild noHover av-overlay-hover-deactivate'  ><div class=\"avia-image-container-inner\"><div class=\"avia-image-overlay-wrap\"><a href=\"https:\/\/www.galerie-metzger.de\/wp-content\/uploads\/2021\/02\/Karl-Heinz-Till-Holzbrand-Mug-galerie-metzger-ceramic-art-object-keramik-gallery-aschaffenburg-kaufen-1030x687.jpg\" data-srcset=\"https:\/\/www.galerie-metzger.de\/wp-content\/uploads\/2021\/02\/Karl-Heinz-Till-Holzbrand-Mug-galerie-metzger-ceramic-art-object-keramik-gallery-aschaffenburg-kaufen-1030x687.jpg 1030w, https:\/\/www.galerie-metzger.de\/wp-content\/uploads\/2021\/02\/Karl-Heinz-Till-Holzbrand-Mug-galerie-metzger-ceramic-art-object-keramik-gallery-aschaffenburg-kaufen-400x267.jpg 400w, https:\/\/www.galerie-metzger.de\/wp-content\/uploads\/2021\/02\/Karl-Heinz-Till-Holzbrand-Mug-galerie-metzger-ceramic-art-object-keramik-gallery-aschaffenburg-kaufen-768x512.jpg 768w, https:\/\/www.galerie-metzger.de\/wp-content\/uploads\/2021\/02\/Karl-Heinz-Till-Holzbrand-Mug-galerie-metzger-ceramic-art-object-keramik-gallery-aschaffenburg-kaufen-1536x1024.jpg 1536w, https:\/\/www.galerie-metzger.de\/wp-content\/uploads\/2021\/02\/Karl-Heinz-Till-Holzbrand-Mug-galerie-metzger-ceramic-art-object-keramik-gallery-aschaffenburg-kaufen-2048x1365.jpg 2048w, https:\/\/www.galerie-metzger.de\/wp-content\/uploads\/2021\/02\/Karl-Heinz-Till-Holzbrand-Mug-galerie-metzger-ceramic-art-object-keramik-gallery-aschaffenburg-kaufen-1500x1000.jpg 1500w, https:\/\/www.galerie-metzger.de\/wp-content\/uploads\/2021\/02\/Karl-Heinz-Till-Holzbrand-Mug-galerie-metzger-ceramic-art-object-keramik-gallery-aschaffenburg-kaufen-600x400.jpg 600w, https:\/\/www.galerie-metzger.de\/wp-content\/uploads\/2021\/02\/Karl-Heinz-Till-Holzbrand-Mug-galerie-metzger-ceramic-art-object-keramik-gallery-aschaffenburg-kaufen-300x200.jpg 300w, https:\/\/www.galerie-metzger.de\/wp-content\/uploads\/2021\/02\/Karl-Heinz-Till-Holzbrand-Mug-galerie-metzger-ceramic-art-object-keramik-gallery-aschaffenburg-kaufen-900x600.jpg 900w, https:\/\/www.galerie-metzger.de\/wp-content\/uploads\/2021\/02\/Karl-Heinz-Till-Holzbrand-Mug-galerie-metzger-ceramic-art-object-keramik-gallery-aschaffenburg-kaufen-705x470.jpg 705w, https:\/\/www.galerie-metzger.de\/wp-content\/uploads\/2021\/02\/Karl-Heinz-Till-Holzbrand-Mug-galerie-metzger-ceramic-art-object-keramik-gallery-aschaffenburg-kaufen-450x300.jpg 450w\" data-sizes=\"(max-width: 1030px) 100vw, 1030px\" class='avia_image' ><div class=\"av-image-caption-overlay\"><div class=\"av-caption-image-overlay-bg\"><\/div><div class=\"av-image-caption-overlay-position\"><div class=\"av-image-caption-overlay-center\"><p>Karl-Heinz Till \u2013 Mug, Holzbrand \u2013\u00a0, Foto: Edi Baumann<\/p>\n<\/div><\/div><\/div><img decoding=\"async\" class='wp-image-9134 avia-img-lazy-loading-not-9134 avia_image ' src=\"https:\/\/www.galerie-metzger.de\/wp-content\/uploads\/2021\/02\/Karl-Heinz-Till-Holzbrand-Mug-galerie-metzger-ceramic-art-object-keramik-gallery-aschaffenburg-kaufen-400x267.jpg\" alt='Karl-Heinz Till - Holzbrand Mug -' title='Karl-Heinz Till - Holzbrand Mug -'  height=\"267\" width=\"400\" srcset=\"https:\/\/www.galerie-metzger.de\/wp-content\/uploads\/2021\/02\/Karl-Heinz-Till-Holzbrand-Mug-galerie-metzger-ceramic-art-object-keramik-gallery-aschaffenburg-kaufen-400x267.jpg 400w, https:\/\/www.galerie-metzger.de\/wp-content\/uploads\/2021\/02\/Karl-Heinz-Till-Holzbrand-Mug-galerie-metzger-ceramic-art-object-keramik-gallery-aschaffenburg-kaufen-1030x687.jpg 1030w, https:\/\/www.galerie-metzger.de\/wp-content\/uploads\/2021\/02\/Karl-Heinz-Till-Holzbrand-Mug-galerie-metzger-ceramic-art-object-keramik-gallery-aschaffenburg-kaufen-768x512.jpg 768w, https:\/\/www.galerie-metzger.de\/wp-content\/uploads\/2021\/02\/Karl-Heinz-Till-Holzbrand-Mug-galerie-metzger-ceramic-art-object-keramik-gallery-aschaffenburg-kaufen-1536x1024.jpg 1536w, https:\/\/www.galerie-metzger.de\/wp-content\/uploads\/2021\/02\/Karl-Heinz-Till-Holzbrand-Mug-galerie-metzger-ceramic-art-object-keramik-gallery-aschaffenburg-kaufen-2048x1365.jpg 2048w, https:\/\/www.galerie-metzger.de\/wp-content\/uploads\/2021\/02\/Karl-Heinz-Till-Holzbrand-Mug-galerie-metzger-ceramic-art-object-keramik-gallery-aschaffenburg-kaufen-1500x1000.jpg 1500w, https:\/\/www.galerie-metzger.de\/wp-content\/uploads\/2021\/02\/Karl-Heinz-Till-Holzbrand-Mug-galerie-metzger-ceramic-art-object-keramik-gallery-aschaffenburg-kaufen-600x400.jpg 600w, https:\/\/www.galerie-metzger.de\/wp-content\/uploads\/2021\/02\/Karl-Heinz-Till-Holzbrand-Mug-galerie-metzger-ceramic-art-object-keramik-gallery-aschaffenburg-kaufen-300x200.jpg 300w, https:\/\/www.galerie-metzger.de\/wp-content\/uploads\/2021\/02\/Karl-Heinz-Till-Holzbrand-Mug-galerie-metzger-ceramic-art-object-keramik-gallery-aschaffenburg-kaufen-900x600.jpg 900w, https:\/\/www.galerie-metzger.de\/wp-content\/uploads\/2021\/02\/Karl-Heinz-Till-Holzbrand-Mug-galerie-metzger-ceramic-art-object-keramik-gallery-aschaffenburg-kaufen-705x470.jpg 705w, https:\/\/www.galerie-metzger.de\/wp-content\/uploads\/2021\/02\/Karl-Heinz-Till-Holzbrand-Mug-galerie-metzger-ceramic-art-object-keramik-gallery-aschaffenburg-kaufen-450x300.jpg 450w\" sizes=\"(max-width: 400px) 100vw, 400px\" \/><\/a><\/div><\/div><\/div><br \/>\n<section  class='av_textblock_section av-av_textblock-2df6986536148a6092118248b21c996c' ><div class='avia_textblock jo_werk_anfrage' ><p><a class=\"anfrage\" href=\"mailto:info@galerie-metzger.de?subject=Margaret%20Curtis%20Chawan%202020\">request information<\/a><\/p>\n<\/div><\/section><\/p><\/div><\/div><!--close column table wrapper. Autoclose: 1 --><div class='flex_column_table av-2gsxvhb-1118cc7ed190ef12b94344766d75b468 sc-av_one_full av-equal-height-column-flextable'>\n<style type=\"text\/css\" data-created_by=\"avia_inline_auto\" id=\"style-css-av-2gsxvhb-1118cc7ed190ef12b94344766d75b468\">\n.flex_column.av-2gsxvhb-1118cc7ed190ef12b94344766d75b468{\n-webkit-border-radius:0px 0px 0px 0px;\n-moz-border-radius:0px 0px 0px 0px;\nborder-radius:0px 0px 0px 0px;\n}\n<\/style>\n<div class='flex_column av-2gsxvhb-1118cc7ed190ef12b94344766d75b468 av_one_full  jo_col_empty first flex_column_table_cell av-equal-height-column av-align-top av-animated-generic fade-in av-zero-column-padding '     ><section  class='av_textblock_section av-2ebrkhr-7982fab1bb27e611fade3e31fb8d8b3f' ><div class='avia_textblock' ><p>invisible placeholder<\/p>\n<\/div><\/section><\/div><\/div><!--close column table wrapper. Autoclose: 1 --><div class='flex_column_table av-22ccvjz-c20c10c7f195c3bda27bd103a17649b8 sc-av_two_third av-equal-height-column-flextable'>\n<style type=\"text\/css\" data-created_by=\"avia_inline_auto\" id=\"style-css-av-22ccvjz-c20c10c7f195c3bda27bd103a17649b8\">\n.flex_column.av-22ccvjz-c20c10c7f195c3bda27bd103a17649b8{\n-webkit-border-radius:0px 0px 0px 0px;\n-moz-border-radius:0px 0px 0px 0px;\nborder-radius:0px 0px 0px 0px;\n}\n<\/style>\n<div class='flex_column av-22ccvjz-c20c10c7f195c3bda27bd103a17649b8 av_two_third  jo_pf_bild_bg first flex_column_table_cell av-equal-height-column av-align-top av-animated-generic fade-in av-zero-column-padding '     ><p>\n<style type=\"text\/css\" data-created_by=\"avia_inline_auto\" id=\"style-css-av-av_image-c2c81277c138c4afda1c3b83aa7d9d98\">\n.avia-image-container.av-av_image-c2c81277c138c4afda1c3b83aa7d9d98 img.avia_image{\nbox-shadow:none;\n}\n.avia-image-container.av-av_image-c2c81277c138c4afda1c3b83aa7d9d98 .av-caption-image-overlay-bg{\nopacity:0.4;\n}\n<\/style>\n<div  class='avia-image-container av-av_image-c2c81277c138c4afda1c3b83aa7d9d98 av-styling-no-styling avia_animated_image av-animated-when-visible-95 fade-in avia-align-left  jo_pf_bild noHover av-overlay-hover-deactivate'  ><div class=\"avia-image-container-inner\"><div class=\"avia-image-overlay-wrap\"><a href=\"https:\/\/www.galerie-metzger.de\/wp-content\/uploads\/2021\/01\/Jean-Fran\u00e7ois-Thi\u00e9rion-Rascar-Capac-galerie-metzger-ceramic-art-object-keramik-gallery-kaufen-sculpture-1030x687.jpg\" data-srcset=\"https:\/\/www.galerie-metzger.de\/wp-content\/uploads\/2021\/01\/Jean-Fran\u00e7ois-Thi\u00e9rion-Rascar-Capac-galerie-metzger-ceramic-art-object-keramik-gallery-kaufen-sculpture-1030x687.jpg 1030w, https:\/\/www.galerie-metzger.de\/wp-content\/uploads\/2021\/01\/Jean-Fran\u00e7ois-Thi\u00e9rion-Rascar-Capac-galerie-metzger-ceramic-art-object-keramik-gallery-kaufen-sculpture-400x267.jpg 400w, https:\/\/www.galerie-metzger.de\/wp-content\/uploads\/2021\/01\/Jean-Fran\u00e7ois-Thi\u00e9rion-Rascar-Capac-galerie-metzger-ceramic-art-object-keramik-gallery-kaufen-sculpture-768x512.jpg 768w, https:\/\/www.galerie-metzger.de\/wp-content\/uploads\/2021\/01\/Jean-Fran\u00e7ois-Thi\u00e9rion-Rascar-Capac-galerie-metzger-ceramic-art-object-keramik-gallery-kaufen-sculpture-1536x1024.jpg 1536w, https:\/\/www.galerie-metzger.de\/wp-content\/uploads\/2021\/01\/Jean-Fran\u00e7ois-Thi\u00e9rion-Rascar-Capac-galerie-metzger-ceramic-art-object-keramik-gallery-kaufen-sculpture-2048x1365.jpg 2048w, https:\/\/www.galerie-metzger.de\/wp-content\/uploads\/2021\/01\/Jean-Fran\u00e7ois-Thi\u00e9rion-Rascar-Capac-galerie-metzger-ceramic-art-object-keramik-gallery-kaufen-sculpture-1500x1000.jpg 1500w, https:\/\/www.galerie-metzger.de\/wp-content\/uploads\/2021\/01\/Jean-Fran\u00e7ois-Thi\u00e9rion-Rascar-Capac-galerie-metzger-ceramic-art-object-keramik-gallery-kaufen-sculpture-600x400.jpg 600w, https:\/\/www.galerie-metzger.de\/wp-content\/uploads\/2021\/01\/Jean-Fran\u00e7ois-Thi\u00e9rion-Rascar-Capac-galerie-metzger-ceramic-art-object-keramik-gallery-kaufen-sculpture-300x200.jpg 300w, https:\/\/www.galerie-metzger.de\/wp-content\/uploads\/2021\/01\/Jean-Fran\u00e7ois-Thi\u00e9rion-Rascar-Capac-galerie-metzger-ceramic-art-object-keramik-gallery-kaufen-sculpture-900x600.jpg 900w, https:\/\/www.galerie-metzger.de\/wp-content\/uploads\/2021\/01\/Jean-Fran\u00e7ois-Thi\u00e9rion-Rascar-Capac-galerie-metzger-ceramic-art-object-keramik-gallery-kaufen-sculpture-705x470.jpg 705w, https:\/\/www.galerie-metzger.de\/wp-content\/uploads\/2021\/01\/Jean-Fran\u00e7ois-Thi\u00e9rion-Rascar-Capac-galerie-metzger-ceramic-art-object-keramik-gallery-kaufen-sculpture-450x300.jpg 450w\" data-sizes=\"(max-width: 1030px) 100vw, 1030px\" class='avia_image' ><div class=\"av-image-caption-overlay\"><div class=\"av-caption-image-overlay-bg\"><\/div><div class=\"av-image-caption-overlay-position\"><div class=\"av-image-caption-overlay-center\"><p>Jean-Fran\u00e7ois Thi\u00e9rion \u2013 Rascar Capac \u2013\u00a0, Foto: Edi Baumann<\/p>\n<\/div><\/div><\/div><img decoding=\"async\" class='wp-image-9012 avia-img-lazy-loading-not-9012 avia_image ' src=\"https:\/\/www.galerie-metzger.de\/wp-content\/uploads\/2021\/01\/Jean-Fran\u00e7ois-Thi\u00e9rion-Rascar-Capac-galerie-metzger-ceramic-art-object-keramik-gallery-kaufen-sculpture-900x600.jpg\" alt='Jean-Fran\u00e7ois Thi\u00e9rion - Rascar Capac -' title='Jean-Fran\u00e7ois Thi\u00e9rion - Rascar Capac -'  height=\"563\" width=\"845\" srcset=\"https:\/\/www.galerie-metzger.de\/wp-content\/uploads\/2021\/01\/Jean-Fran\u00e7ois-Thi\u00e9rion-Rascar-Capac-galerie-metzger-ceramic-art-object-keramik-gallery-kaufen-sculpture-900x600.jpg 900w, https:\/\/www.galerie-metzger.de\/wp-content\/uploads\/2021\/01\/Jean-Fran\u00e7ois-Thi\u00e9rion-Rascar-Capac-galerie-metzger-ceramic-art-object-keramik-gallery-kaufen-sculpture-400x267.jpg 400w, https:\/\/www.galerie-metzger.de\/wp-content\/uploads\/2021\/01\/Jean-Fran\u00e7ois-Thi\u00e9rion-Rascar-Capac-galerie-metzger-ceramic-art-object-keramik-gallery-kaufen-sculpture-1030x687.jpg 1030w, https:\/\/www.galerie-metzger.de\/wp-content\/uploads\/2021\/01\/Jean-Fran\u00e7ois-Thi\u00e9rion-Rascar-Capac-galerie-metzger-ceramic-art-object-keramik-gallery-kaufen-sculpture-768x512.jpg 768w, https:\/\/www.galerie-metzger.de\/wp-content\/uploads\/2021\/01\/Jean-Fran\u00e7ois-Thi\u00e9rion-Rascar-Capac-galerie-metzger-ceramic-art-object-keramik-gallery-kaufen-sculpture-1536x1024.jpg 1536w, https:\/\/www.galerie-metzger.de\/wp-content\/uploads\/2021\/01\/Jean-Fran\u00e7ois-Thi\u00e9rion-Rascar-Capac-galerie-metzger-ceramic-art-object-keramik-gallery-kaufen-sculpture-2048x1365.jpg 2048w, https:\/\/www.galerie-metzger.de\/wp-content\/uploads\/2021\/01\/Jean-Fran\u00e7ois-Thi\u00e9rion-Rascar-Capac-galerie-metzger-ceramic-art-object-keramik-gallery-kaufen-sculpture-1500x1000.jpg 1500w, https:\/\/www.galerie-metzger.de\/wp-content\/uploads\/2021\/01\/Jean-Fran\u00e7ois-Thi\u00e9rion-Rascar-Capac-galerie-metzger-ceramic-art-object-keramik-gallery-kaufen-sculpture-600x400.jpg 600w, https:\/\/www.galerie-metzger.de\/wp-content\/uploads\/2021\/01\/Jean-Fran\u00e7ois-Thi\u00e9rion-Rascar-Capac-galerie-metzger-ceramic-art-object-keramik-gallery-kaufen-sculpture-300x200.jpg 300w, https:\/\/www.galerie-metzger.de\/wp-content\/uploads\/2021\/01\/Jean-Fran\u00e7ois-Thi\u00e9rion-Rascar-Capac-galerie-metzger-ceramic-art-object-keramik-gallery-kaufen-sculpture-705x470.jpg 705w, https:\/\/www.galerie-metzger.de\/wp-content\/uploads\/2021\/01\/Jean-Fran\u00e7ois-Thi\u00e9rion-Rascar-Capac-galerie-metzger-ceramic-art-object-keramik-gallery-kaufen-sculpture-450x300.jpg 450w\" sizes=\"(max-width: 845px) 100vw, 845px\" \/><\/a><\/div><\/div><\/div><br \/>\n<section  class='av_textblock_section av-av_textblock-2df6986536148a6092118248b21c996c' ><div class='avia_textblock jo_werk_anfrage' ><p><a class=\"anfrage\" href=\"mailto:info@galerie-metzger.de?subject=Laura%20Gabers%20Woechnerinnenschale 3%202020\">request information<\/a><\/p>\n<\/div><\/section><\/p><\/div><\/div><!--close column table wrapper. Autoclose: 1 --><div class='flex_column_table av-2gsxvhb-ca9679bebbe6e460ec9c9d0c915ad2e5 sc-av_one_third av-equal-height-column-flextable'><div class='av-flex-placeholder'><\/div>\n<style type=\"text\/css\" data-created_by=\"avia_inline_auto\" id=\"style-css-av-2gsxvhb-ca9679bebbe6e460ec9c9d0c915ad2e5\">\n.flex_column.av-2gsxvhb-ca9679bebbe6e460ec9c9d0c915ad2e5{\n-webkit-border-radius:0px 0px 0px 0px;\n-moz-border-radius:0px 0px 0px 0px;\nborder-radius:0px 0px 0px 0px;\n}\n<\/style>\n<div class='flex_column av-2gsxvhb-ca9679bebbe6e460ec9c9d0c915ad2e5 av_one_third  jo_col_empty flex_column_table_cell av-equal-height-column av-align-top av-animated-generic fade-in av-zero-column-padding '     ><section  class='av_textblock_section av-2ebrkhr-7982fab1bb27e611fade3e31fb8d8b3f' ><div class='avia_textblock' ><p>invisible placeholder<\/p>\n<\/div><\/section><\/div><\/div><!--close column table wrapper. Autoclose: 1 --><div class='flex_column_table av-tahj3z-7b0e9a71687464c2380c8a8d5340f14a sc-av_one_full av-equal-height-column-flextable'>\n<style type=\"text\/css\" data-created_by=\"avia_inline_auto\" id=\"style-css-av-tahj3z-7b0e9a71687464c2380c8a8d5340f14a\">\n.flex_column.av-tahj3z-7b0e9a71687464c2380c8a8d5340f14a{\n-webkit-border-radius:0px 0px 0px 0px;\n-moz-border-radius:0px 0px 0px 0px;\nborder-radius:0px 0px 0px 0px;\n}\n<\/style>\n<div class='flex_column av-tahj3z-7b0e9a71687464c2380c8a8d5340f14a av_one_full  jo_col_empty first flex_column_table_cell av-equal-height-column av-align-top av-animated-generic fade-in av-zero-column-padding '     ><section  class='av_textblock_section av-2qhdmn-564d5a9e3e413954e3a7b502ea3a7e17' ><div class='avia_textblock' ><p>invisible placeholder<\/p>\n<\/div><\/section><\/div><\/div><!--close column table wrapper. Autoclose: 1 --><div class='flex_column_table av-2gsxvhb-1118cc7ed190ef12b94344766d75b468 sc-av_one_third av-equal-height-column-flextable'>\n<style type=\"text\/css\" data-created_by=\"avia_inline_auto\" id=\"style-css-av-2gsxvhb-1118cc7ed190ef12b94344766d75b468\">\n.flex_column.av-2gsxvhb-1118cc7ed190ef12b94344766d75b468{\n-webkit-border-radius:0px 0px 0px 0px;\n-moz-border-radius:0px 0px 0px 0px;\nborder-radius:0px 0px 0px 0px;\n}\n<\/style>\n<div class='flex_column av-2gsxvhb-1118cc7ed190ef12b94344766d75b468 av_one_third  jo_col_empty first flex_column_table_cell av-equal-height-column av-align-top av-animated-generic fade-in av-zero-column-padding '     ><section  class='av_textblock_section av-2ebrkhr-7982fab1bb27e611fade3e31fb8d8b3f' ><div class='avia_textblock' ><p>invisible placeholder<\/p>\n<\/div><\/section><\/div><\/div><!--close column table wrapper. Autoclose: 1 --><div class='flex_column_table av-22ccvjz-ad468ee973643f648d80b19378020a49 sc-av_two_third av-equal-height-column-flextable'><div class='av-flex-placeholder'><\/div>\n<style type=\"text\/css\" data-created_by=\"avia_inline_auto\" id=\"style-css-av-22ccvjz-ad468ee973643f648d80b19378020a49\">\n.flex_column.av-22ccvjz-ad468ee973643f648d80b19378020a49{\n-webkit-border-radius:0px 0px 0px 0px;\n-moz-border-radius:0px 0px 0px 0px;\nborder-radius:0px 0px 0px 0px;\n}\n<\/style>\n<div class='flex_column av-22ccvjz-ad468ee973643f648d80b19378020a49 av_two_third  jo_pf_bild_bg flex_column_table_cell av-equal-height-column av-align-top av-animated-generic fade-in av-zero-column-padding '     ><p>\n<style type=\"text\/css\" data-created_by=\"avia_inline_auto\" id=\"style-css-av-av_image-a1da45e764696eb53ae5e92586457297\">\n.avia-image-container.av-av_image-a1da45e764696eb53ae5e92586457297 img.avia_image{\nbox-shadow:none;\n}\n.avia-image-container.av-av_image-a1da45e764696eb53ae5e92586457297 .av-caption-image-overlay-bg{\nopacity:0.4;\n}\n<\/style>\n<div  class='avia-image-container av-av_image-a1da45e764696eb53ae5e92586457297 av-styling-no-styling avia_animated_image av-animated-when-visible-95 fade-in avia-align-left  jo_pf_bild noHover av-overlay-hover-deactivate'  ><div class=\"avia-image-container-inner\"><div class=\"avia-image-overlay-wrap\"><a href=\"https:\/\/www.galerie-metzger.de\/wp-content\/uploads\/2020\/12\/Clemence-van-Lunen-Tang-family-2-86x60x115-cm-galerie-metzger-gallery-art-sculpture-plastische-arbeit-kunst-1030x740.jpg\" data-srcset=\"https:\/\/www.galerie-metzger.de\/wp-content\/uploads\/2020\/12\/Clemence-van-Lunen-Tang-family-2-86x60x115-cm-galerie-metzger-gallery-art-sculpture-plastische-arbeit-kunst-1030x740.jpg 1030w, https:\/\/www.galerie-metzger.de\/wp-content\/uploads\/2020\/12\/Clemence-van-Lunen-Tang-family-2-86x60x115-cm-galerie-metzger-gallery-art-sculpture-plastische-arbeit-kunst-400x287.jpg 400w, https:\/\/www.galerie-metzger.de\/wp-content\/uploads\/2020\/12\/Clemence-van-Lunen-Tang-family-2-86x60x115-cm-galerie-metzger-gallery-art-sculpture-plastische-arbeit-kunst-768x552.jpg 768w, https:\/\/www.galerie-metzger.de\/wp-content\/uploads\/2020\/12\/Clemence-van-Lunen-Tang-family-2-86x60x115-cm-galerie-metzger-gallery-art-sculpture-plastische-arbeit-kunst-1536x1103.jpg 1536w, https:\/\/www.galerie-metzger.de\/wp-content\/uploads\/2020\/12\/Clemence-van-Lunen-Tang-family-2-86x60x115-cm-galerie-metzger-gallery-art-sculpture-plastische-arbeit-kunst-2048x1471.jpg 2048w, https:\/\/www.galerie-metzger.de\/wp-content\/uploads\/2020\/12\/Clemence-van-Lunen-Tang-family-2-86x60x115-cm-galerie-metzger-gallery-art-sculpture-plastische-arbeit-kunst-1500x1077.jpg 1500w, https:\/\/www.galerie-metzger.de\/wp-content\/uploads\/2020\/12\/Clemence-van-Lunen-Tang-family-2-86x60x115-cm-galerie-metzger-gallery-art-sculpture-plastische-arbeit-kunst-705x506.jpg 705w, https:\/\/www.galerie-metzger.de\/wp-content\/uploads\/2020\/12\/Clemence-van-Lunen-Tang-family-2-86x60x115-cm-galerie-metzger-gallery-art-sculpture-plastische-arbeit-kunst-450x323.jpg 450w\" data-sizes=\"(max-width: 1030px) 100vw, 1030px\" class='avia_image' ><div class=\"av-image-caption-overlay\"><div class=\"av-caption-image-overlay-bg\"><\/div><div class=\"av-image-caption-overlay-position\"><div class=\"av-image-caption-overlay-center\"><p>Cl\u00e9mence van Lunen \u2013 Tang family 2 \u2013 86x60x115 cm, Foto: O. Garros<\/p>\n<\/div><\/div><\/div><img decoding=\"async\" class='wp-image-8814 avia-img-lazy-loading-not-8814 avia_image ' src=\"https:\/\/www.galerie-metzger.de\/wp-content\/uploads\/2020\/12\/Clemence-van-Lunen-Tang-family-2-86x60x115-cm-galerie-metzger-gallery-art-sculpture-plastische-arbeit-kunst-900x600.jpg\" alt='Clemence van Lunen - Tang family 2 - 86x60x115 cm' title='Clemence van Lunen - Tang family 2 - 86x60x115 cm'  height=\"563\" width=\"845\" srcset=\"https:\/\/www.galerie-metzger.de\/wp-content\/uploads\/2020\/12\/Clemence-van-Lunen-Tang-family-2-86x60x115-cm-galerie-metzger-gallery-art-sculpture-plastische-arbeit-kunst-900x600.jpg 900w, https:\/\/www.galerie-metzger.de\/wp-content\/uploads\/2020\/12\/Clemence-van-Lunen-Tang-family-2-86x60x115-cm-galerie-metzger-gallery-art-sculpture-plastische-arbeit-kunst-600x400.jpg 600w, https:\/\/www.galerie-metzger.de\/wp-content\/uploads\/2020\/12\/Clemence-van-Lunen-Tang-family-2-86x60x115-cm-galerie-metzger-gallery-art-sculpture-plastische-arbeit-kunst-300x200.jpg 300w\" sizes=\"(max-width: 845px) 100vw, 845px\" \/><\/a><\/div><\/div><\/div><br \/>\n<section  class='av_textblock_section av-av_textblock-2df6986536148a6092118248b21c996c' ><div class='avia_textblock jo_werk_anfrage' ><p><a class=\"anfrage\" href=\"mailto:info@galerie-metzger.de?subject=Hans%20Fischer%20familie sommer\">request information<\/a><\/p>\n<\/div><\/section><\/p><\/div><\/div><!--close column table wrapper. Autoclose: 1 --><div class='flex_column_table av-tahj3z-7b0e9a71687464c2380c8a8d5340f14a sc-av_one_full av-equal-height-column-flextable'>\n<style type=\"text\/css\" data-created_by=\"avia_inline_auto\" id=\"style-css-av-tahj3z-7b0e9a71687464c2380c8a8d5340f14a\">\n.flex_column.av-tahj3z-7b0e9a71687464c2380c8a8d5340f14a{\n-webkit-border-radius:0px 0px 0px 0px;\n-moz-border-radius:0px 0px 0px 0px;\nborder-radius:0px 0px 0px 0px;\n}\n<\/style>\n<div class='flex_column av-tahj3z-7b0e9a71687464c2380c8a8d5340f14a av_one_full  jo_col_empty first flex_column_table_cell av-equal-height-column av-align-top av-animated-generic fade-in av-zero-column-padding '     ><section  class='av_textblock_section av-2qhdmn-564d5a9e3e413954e3a7b502ea3a7e17' ><div class='avia_textblock' ><p>invisible placeholder<\/p>\n<\/div><\/section><\/div><\/div><!--close column table wrapper. Autoclose: 1 --><div class='flex_column_table av-crtdr-e423a3ef8c0273d24c080ff6c38dccc6 sc-av_one_half av-equal-height-column-flextable'>\n<style type=\"text\/css\" data-created_by=\"avia_inline_auto\" id=\"style-css-av-crtdr-e423a3ef8c0273d24c080ff6c38dccc6\">\n.flex_column.av-crtdr-e423a3ef8c0273d24c080ff6c38dccc6{\n-webkit-border-radius:0px 0px 0px 0px;\n-moz-border-radius:0px 0px 0px 0px;\nborder-radius:0px 0px 0px 0px;\n}\n<\/style>\n<div class='flex_column av-crtdr-e423a3ef8c0273d24c080ff6c38dccc6 av_one_half  avia-builder-el-134  el_after_av_one_full  el_before_av_one_half  jo_pf_bild_bg first flex_column_table_cell av-equal-height-column av-align-top av-animated-generic fade-in av-zero-column-padding column-top-margin'     ><p>\n<style type=\"text\/css\" data-created_by=\"avia_inline_auto\" id=\"style-css-av-av_image-5357fbacc579d92f413566670b4f64b8\">\n.avia-image-container.av-av_image-5357fbacc579d92f413566670b4f64b8 img.avia_image{\nbox-shadow:none;\n}\n.avia-image-container.av-av_image-5357fbacc579d92f413566670b4f64b8 .av-caption-image-overlay-bg{\nopacity:0.4;\n}\n<\/style>\n<div  class='avia-image-container av-av_image-5357fbacc579d92f413566670b4f64b8 av-styling-no-styling avia_animated_image av-animated-when-visible-95 fade-in avia-align-left  avia-builder-el-135  el_before_av_textblock  avia-builder-el-first  jo_pf_bild noHover av-overlay-hover-deactivate'  ><div class=\"avia-image-container-inner\"><div class=\"avia-image-overlay-wrap\"><a href=\"https:\/\/www.galerie-metzger.de\/wp-content\/uploads\/2021\/01\/Chikako-Yoshikawa-Flower-bowl-galerie-metzger-gallery-porcelain-art-object-sculpture-kunst-kaufen-1030x687.jpg\" data-srcset=\"https:\/\/www.galerie-metzger.de\/wp-content\/uploads\/2021\/01\/Chikako-Yoshikawa-Flower-bowl-galerie-metzger-gallery-porcelain-art-object-sculpture-kunst-kaufen-1030x687.jpg 1030w, https:\/\/www.galerie-metzger.de\/wp-content\/uploads\/2021\/01\/Chikako-Yoshikawa-Flower-bowl-galerie-metzger-gallery-porcelain-art-object-sculpture-kunst-kaufen-400x267.jpg 400w, https:\/\/www.galerie-metzger.de\/wp-content\/uploads\/2021\/01\/Chikako-Yoshikawa-Flower-bowl-galerie-metzger-gallery-porcelain-art-object-sculpture-kunst-kaufen-768x512.jpg 768w, https:\/\/www.galerie-metzger.de\/wp-content\/uploads\/2021\/01\/Chikako-Yoshikawa-Flower-bowl-galerie-metzger-gallery-porcelain-art-object-sculpture-kunst-kaufen-1536x1024.jpg 1536w, https:\/\/www.galerie-metzger.de\/wp-content\/uploads\/2021\/01\/Chikako-Yoshikawa-Flower-bowl-galerie-metzger-gallery-porcelain-art-object-sculpture-kunst-kaufen-2048x1365.jpg 2048w, https:\/\/www.galerie-metzger.de\/wp-content\/uploads\/2021\/01\/Chikako-Yoshikawa-Flower-bowl-galerie-metzger-gallery-porcelain-art-object-sculpture-kunst-kaufen-1500x1000.jpg 1500w, https:\/\/www.galerie-metzger.de\/wp-content\/uploads\/2021\/01\/Chikako-Yoshikawa-Flower-bowl-galerie-metzger-gallery-porcelain-art-object-sculpture-kunst-kaufen-600x400.jpg 600w, https:\/\/www.galerie-metzger.de\/wp-content\/uploads\/2021\/01\/Chikako-Yoshikawa-Flower-bowl-galerie-metzger-gallery-porcelain-art-object-sculpture-kunst-kaufen-300x200.jpg 300w, https:\/\/www.galerie-metzger.de\/wp-content\/uploads\/2021\/01\/Chikako-Yoshikawa-Flower-bowl-galerie-metzger-gallery-porcelain-art-object-sculpture-kunst-kaufen-900x600.jpg 900w, https:\/\/www.galerie-metzger.de\/wp-content\/uploads\/2021\/01\/Chikako-Yoshikawa-Flower-bowl-galerie-metzger-gallery-porcelain-art-object-sculpture-kunst-kaufen-705x470.jpg 705w, https:\/\/www.galerie-metzger.de\/wp-content\/uploads\/2021\/01\/Chikako-Yoshikawa-Flower-bowl-galerie-metzger-gallery-porcelain-art-object-sculpture-kunst-kaufen-450x300.jpg 450w\" data-sizes=\"(max-width: 1030px) 100vw, 1030px\" class='avia_image' ><div class=\"av-image-caption-overlay\"><div class=\"av-caption-image-overlay-bg\"><\/div><div class=\"av-image-caption-overlay-position\"><div class=\"av-image-caption-overlay-center\"><p>Chikako Yoshikawa \u2013 Flower bowl \u2013 , 10x13x16 cm, 2020, Foto: Edi Baumann<\/p>\n<\/div><\/div><\/div><img decoding=\"async\" class='wp-image-8914 avia-img-lazy-loading-not-8914 avia_image ' src=\"https:\/\/www.galerie-metzger.de\/wp-content\/uploads\/2021\/01\/Chikako-Yoshikawa-Flower-bowl-galerie-metzger-gallery-porcelain-art-object-sculpture-kunst-kaufen-600x400.jpg\" alt='Chikako Yoshikawa - Flower bowl -' title='Chikako Yoshikawa - Flower bowl -'  height=\"330\" width=\"495\" srcset=\"https:\/\/www.galerie-metzger.de\/wp-content\/uploads\/2021\/01\/Chikako-Yoshikawa-Flower-bowl-galerie-metzger-gallery-porcelain-art-object-sculpture-kunst-kaufen-600x400.jpg 600w, https:\/\/www.galerie-metzger.de\/wp-content\/uploads\/2021\/01\/Chikako-Yoshikawa-Flower-bowl-galerie-metzger-gallery-porcelain-art-object-sculpture-kunst-kaufen-400x267.jpg 400w, https:\/\/www.galerie-metzger.de\/wp-content\/uploads\/2021\/01\/Chikako-Yoshikawa-Flower-bowl-galerie-metzger-gallery-porcelain-art-object-sculpture-kunst-kaufen-1030x687.jpg 1030w, https:\/\/www.galerie-metzger.de\/wp-content\/uploads\/2021\/01\/Chikako-Yoshikawa-Flower-bowl-galerie-metzger-gallery-porcelain-art-object-sculpture-kunst-kaufen-768x512.jpg 768w, https:\/\/www.galerie-metzger.de\/wp-content\/uploads\/2021\/01\/Chikako-Yoshikawa-Flower-bowl-galerie-metzger-gallery-porcelain-art-object-sculpture-kunst-kaufen-1536x1024.jpg 1536w, https:\/\/www.galerie-metzger.de\/wp-content\/uploads\/2021\/01\/Chikako-Yoshikawa-Flower-bowl-galerie-metzger-gallery-porcelain-art-object-sculpture-kunst-kaufen-2048x1365.jpg 2048w, https:\/\/www.galerie-metzger.de\/wp-content\/uploads\/2021\/01\/Chikako-Yoshikawa-Flower-bowl-galerie-metzger-gallery-porcelain-art-object-sculpture-kunst-kaufen-1500x1000.jpg 1500w, https:\/\/www.galerie-metzger.de\/wp-content\/uploads\/2021\/01\/Chikako-Yoshikawa-Flower-bowl-galerie-metzger-gallery-porcelain-art-object-sculpture-kunst-kaufen-300x200.jpg 300w, https:\/\/www.galerie-metzger.de\/wp-content\/uploads\/2021\/01\/Chikako-Yoshikawa-Flower-bowl-galerie-metzger-gallery-porcelain-art-object-sculpture-kunst-kaufen-900x600.jpg 900w, https:\/\/www.galerie-metzger.de\/wp-content\/uploads\/2021\/01\/Chikako-Yoshikawa-Flower-bowl-galerie-metzger-gallery-porcelain-art-object-sculpture-kunst-kaufen-705x470.jpg 705w, https:\/\/www.galerie-metzger.de\/wp-content\/uploads\/2021\/01\/Chikako-Yoshikawa-Flower-bowl-galerie-metzger-gallery-porcelain-art-object-sculpture-kunst-kaufen-450x300.jpg 450w\" sizes=\"(max-width: 495px) 100vw, 495px\" \/><\/a><\/div><\/div><\/div><br \/>\n<section  class='av_textblock_section av-av_textblock-2df6986536148a6092118248b21c996c' ><div class='avia_textblock jo_werk_anfrage' ><p><a class=\"anfrage\" href=\"mailto:info@galerie-metzger.de?subject=Hermann%20Grueneberg%20Rose%202020\">request information<\/a><\/p>\n<\/div><\/section><\/p><\/div><div class='av-flex-placeholder'><\/div>\n<style type=\"text\/css\" data-created_by=\"avia_inline_auto\" id=\"style-css-av-crtdr-bcf20628e49305ba3ebee0160c9af2ab\">\n.flex_column.av-crtdr-bcf20628e49305ba3ebee0160c9af2ab{\n-webkit-border-radius:0px 0px 0px 0px;\n-moz-border-radius:0px 0px 0px 0px;\nborder-radius:0px 0px 0px 0px;\n}\n<\/style>\n<div class='flex_column av-crtdr-bcf20628e49305ba3ebee0160c9af2ab av_one_half  avia-builder-el-137  el_after_av_one_half  el_before_av_one_full  jo_pf_bild_bg flex_column_table_cell av-equal-height-column av-align-top av-animated-generic fade-in av-zero-column-padding column-top-margin'     ><p>\n<style type=\"text\/css\" data-created_by=\"avia_inline_auto\" id=\"style-css-av-av_image-6bca4098d0e65d56bcb468d6a4acf9ab\">\n.avia-image-container.av-av_image-6bca4098d0e65d56bcb468d6a4acf9ab img.avia_image{\nbox-shadow:none;\n}\n.avia-image-container.av-av_image-6bca4098d0e65d56bcb468d6a4acf9ab .av-caption-image-overlay-bg{\nopacity:0.4;\n}\n<\/style>\n<div  class='avia-image-container av-av_image-6bca4098d0e65d56bcb468d6a4acf9ab av-styling-no-styling avia_animated_image av-animated-when-visible-95 fade-in avia-align-left  avia-builder-el-138  el_before_av_textblock  avia-builder-el-first  jo_pf_bild noHover av-overlay-hover-deactivate'  ><div class=\"avia-image-container-inner\"><div class=\"avia-image-overlay-wrap\"><a href=\"https:\/\/www.galerie-metzger.de\/wp-content\/uploads\/2020\/12\/Chikako-Yoshikawa-Animal-mug-galerie-metzger-porcelain-art-object-gallery-kunst-kaufen-aschaffenburg-1030x687.jpg\" data-srcset=\"https:\/\/www.galerie-metzger.de\/wp-content\/uploads\/2020\/12\/Chikako-Yoshikawa-Animal-mug-galerie-metzger-porcelain-art-object-gallery-kunst-kaufen-aschaffenburg-1030x687.jpg 1030w, https:\/\/www.galerie-metzger.de\/wp-content\/uploads\/2020\/12\/Chikako-Yoshikawa-Animal-mug-galerie-metzger-porcelain-art-object-gallery-kunst-kaufen-aschaffenburg-400x267.jpg 400w, https:\/\/www.galerie-metzger.de\/wp-content\/uploads\/2020\/12\/Chikako-Yoshikawa-Animal-mug-galerie-metzger-porcelain-art-object-gallery-kunst-kaufen-aschaffenburg-768x512.jpg 768w, https:\/\/www.galerie-metzger.de\/wp-content\/uploads\/2020\/12\/Chikako-Yoshikawa-Animal-mug-galerie-metzger-porcelain-art-object-gallery-kunst-kaufen-aschaffenburg-1536x1024.jpg 1536w, https:\/\/www.galerie-metzger.de\/wp-content\/uploads\/2020\/12\/Chikako-Yoshikawa-Animal-mug-galerie-metzger-porcelain-art-object-gallery-kunst-kaufen-aschaffenburg-2048x1365.jpg 2048w, https:\/\/www.galerie-metzger.de\/wp-content\/uploads\/2020\/12\/Chikako-Yoshikawa-Animal-mug-galerie-metzger-porcelain-art-object-gallery-kunst-kaufen-aschaffenburg-1500x1000.jpg 1500w, https:\/\/www.galerie-metzger.de\/wp-content\/uploads\/2020\/12\/Chikako-Yoshikawa-Animal-mug-galerie-metzger-porcelain-art-object-gallery-kunst-kaufen-aschaffenburg-600x400.jpg 600w, https:\/\/www.galerie-metzger.de\/wp-content\/uploads\/2020\/12\/Chikako-Yoshikawa-Animal-mug-galerie-metzger-porcelain-art-object-gallery-kunst-kaufen-aschaffenburg-300x200.jpg 300w, https:\/\/www.galerie-metzger.de\/wp-content\/uploads\/2020\/12\/Chikako-Yoshikawa-Animal-mug-galerie-metzger-porcelain-art-object-gallery-kunst-kaufen-aschaffenburg-900x600.jpg 900w, https:\/\/www.galerie-metzger.de\/wp-content\/uploads\/2020\/12\/Chikako-Yoshikawa-Animal-mug-galerie-metzger-porcelain-art-object-gallery-kunst-kaufen-aschaffenburg-705x470.jpg 705w, https:\/\/www.galerie-metzger.de\/wp-content\/uploads\/2020\/12\/Chikako-Yoshikawa-Animal-mug-galerie-metzger-porcelain-art-object-gallery-kunst-kaufen-aschaffenburg-450x300.jpg 450w\" data-sizes=\"(max-width: 1030px) 100vw, 1030px\" class='avia_image' ><div class=\"av-image-caption-overlay\"><div class=\"av-caption-image-overlay-bg\"><\/div><div class=\"av-image-caption-overlay-position\"><div class=\"av-image-caption-overlay-center\"><p>Chikako Yoshikawa \u2013 Animal Mug \u2013 , 7x18x9,5 cm, 2020, Foto: Edi Baumann<\/p>\n<\/div><\/div><\/div><img decoding=\"async\" class='wp-image-8816 avia-img-lazy-loading-not-8816 avia_image ' src=\"https:\/\/www.galerie-metzger.de\/wp-content\/uploads\/2020\/12\/Chikako-Yoshikawa-Animal-mug-galerie-metzger-porcelain-art-object-gallery-kunst-kaufen-aschaffenburg-600x400.jpg\" alt='Chikako Yoshikawa - Animal mug -' title='Chikako Yoshikawa - Animal mug -'  height=\"330\" width=\"495\" srcset=\"https:\/\/www.galerie-metzger.de\/wp-content\/uploads\/2020\/12\/Chikako-Yoshikawa-Animal-mug-galerie-metzger-porcelain-art-object-gallery-kunst-kaufen-aschaffenburg-600x400.jpg 600w, https:\/\/www.galerie-metzger.de\/wp-content\/uploads\/2020\/12\/Chikako-Yoshikawa-Animal-mug-galerie-metzger-porcelain-art-object-gallery-kunst-kaufen-aschaffenburg-400x267.jpg 400w, https:\/\/www.galerie-metzger.de\/wp-content\/uploads\/2020\/12\/Chikako-Yoshikawa-Animal-mug-galerie-metzger-porcelain-art-object-gallery-kunst-kaufen-aschaffenburg-1030x687.jpg 1030w, https:\/\/www.galerie-metzger.de\/wp-content\/uploads\/2020\/12\/Chikako-Yoshikawa-Animal-mug-galerie-metzger-porcelain-art-object-gallery-kunst-kaufen-aschaffenburg-768x512.jpg 768w, https:\/\/www.galerie-metzger.de\/wp-content\/uploads\/2020\/12\/Chikako-Yoshikawa-Animal-mug-galerie-metzger-porcelain-art-object-gallery-kunst-kaufen-aschaffenburg-1536x1024.jpg 1536w, https:\/\/www.galerie-metzger.de\/wp-content\/uploads\/2020\/12\/Chikako-Yoshikawa-Animal-mug-galerie-metzger-porcelain-art-object-gallery-kunst-kaufen-aschaffenburg-2048x1365.jpg 2048w, https:\/\/www.galerie-metzger.de\/wp-content\/uploads\/2020\/12\/Chikako-Yoshikawa-Animal-mug-galerie-metzger-porcelain-art-object-gallery-kunst-kaufen-aschaffenburg-1500x1000.jpg 1500w, https:\/\/www.galerie-metzger.de\/wp-content\/uploads\/2020\/12\/Chikako-Yoshikawa-Animal-mug-galerie-metzger-porcelain-art-object-gallery-kunst-kaufen-aschaffenburg-300x200.jpg 300w, https:\/\/www.galerie-metzger.de\/wp-content\/uploads\/2020\/12\/Chikako-Yoshikawa-Animal-mug-galerie-metzger-porcelain-art-object-gallery-kunst-kaufen-aschaffenburg-900x600.jpg 900w, https:\/\/www.galerie-metzger.de\/wp-content\/uploads\/2020\/12\/Chikako-Yoshikawa-Animal-mug-galerie-metzger-porcelain-art-object-gallery-kunst-kaufen-aschaffenburg-705x470.jpg 705w, https:\/\/www.galerie-metzger.de\/wp-content\/uploads\/2020\/12\/Chikako-Yoshikawa-Animal-mug-galerie-metzger-porcelain-art-object-gallery-kunst-kaufen-aschaffenburg-450x300.jpg 450w\" sizes=\"(max-width: 495px) 100vw, 495px\" \/><\/a><\/div><\/div><\/div><br \/>\n<section  class='av_textblock_section av-av_textblock-2df6986536148a6092118248b21c996c' ><div class='avia_textblock jo_werk_anfrage' ><p><a class=\"anfrage\" href=\"mailto:info@galerie-metzger.de?subject=Hermann%20Grueneberg%20Rose%202020\">request information<\/a><\/p>\n<\/div><\/section><\/p><\/div><\/div><!--close column table wrapper. Autoclose: 1 --><div class='flex_column_table av-2gsxvhb-1118cc7ed190ef12b94344766d75b468 sc-av_one_full av-equal-height-column-flextable'>\n<style type=\"text\/css\" data-created_by=\"avia_inline_auto\" id=\"style-css-av-2gsxvhb-1118cc7ed190ef12b94344766d75b468\">\n.flex_column.av-2gsxvhb-1118cc7ed190ef12b94344766d75b468{\n-webkit-border-radius:0px 0px 0px 0px;\n-moz-border-radius:0px 0px 0px 0px;\nborder-radius:0px 0px 0px 0px;\n}\n<\/style>\n<div class='flex_column av-2gsxvhb-1118cc7ed190ef12b94344766d75b468 av_one_full  avia-builder-el-140  el_after_av_one_half  el_before_av_one_third  jo_col_empty first flex_column_table_cell av-equal-height-column av-align-top av-animated-generic fade-in av-zero-column-padding column-top-margin'     ><section  class='av_textblock_section av-2ebrkhr-7982fab1bb27e611fade3e31fb8d8b3f' ><div class='avia_textblock' ><p>invisible placeholder<\/p>\n<\/div><\/section><\/div><\/div><!--close column table wrapper. Autoclose: 1 --><div class='flex_column_table av-2l7jblr-e926ebe96e6070f6f9419b08d40cb7a8 sc-av_two_third av-equal-height-column-flextable'>\n<style type=\"text\/css\" data-created_by=\"avia_inline_auto\" id=\"style-css-av-2l7jblr-e926ebe96e6070f6f9419b08d40cb7a8\">\n.flex_column.av-2l7jblr-e926ebe96e6070f6f9419b08d40cb7a8{\n-webkit-border-radius:0px 0px 0px 0px;\n-moz-border-radius:0px 0px 0px 0px;\nborder-radius:0px 0px 0px 0px;\n}\n<\/style>\n<div class='flex_column av-2l7jblr-e926ebe96e6070f6f9419b08d40cb7a8 av_two_third  jo_pf_bild_bg first flex_column_table_cell av-equal-height-column av-align-top av-animated-generic fade-in av-zero-column-padding '     ><p>\n<style type=\"text\/css\" data-created_by=\"avia_inline_auto\" id=\"style-css-av-av_image-45be704b55279b45c745b85f8f5257fa\">\n.avia-image-container.av-av_image-45be704b55279b45c745b85f8f5257fa img.avia_image{\nbox-shadow:none;\n}\n.avia-image-container.av-av_image-45be704b55279b45c745b85f8f5257fa .av-caption-image-overlay-bg{\nopacity:0.4;\n}\n<\/style>\n<div  class='avia-image-container av-av_image-45be704b55279b45c745b85f8f5257fa av-styling-no-styling avia_animated_image av-animated-when-visible-95 fade-in avia-align-left  jo_pf_bild noHover av-overlay-hover-deactivate'  ><div class=\"avia-image-container-inner\"><div class=\"avia-image-overlay-wrap\"><a href=\"https:\/\/www.galerie-metzger.de\/wp-content\/uploads\/2020\/12\/Medi-Zimmermann-Krugformen-galerie-metzger-gallery-ceramic-keramik-angewandte-kunst-1030x687.jpg\" data-srcset=\"https:\/\/www.galerie-metzger.de\/wp-content\/uploads\/2020\/12\/Medi-Zimmermann-Krugformen-galerie-metzger-gallery-ceramic-keramik-angewandte-kunst-1030x687.jpg 1030w, https:\/\/www.galerie-metzger.de\/wp-content\/uploads\/2020\/12\/Medi-Zimmermann-Krugformen-galerie-metzger-gallery-ceramic-keramik-angewandte-kunst-400x267.jpg 400w, https:\/\/www.galerie-metzger.de\/wp-content\/uploads\/2020\/12\/Medi-Zimmermann-Krugformen-galerie-metzger-gallery-ceramic-keramik-angewandte-kunst-768x512.jpg 768w, https:\/\/www.galerie-metzger.de\/wp-content\/uploads\/2020\/12\/Medi-Zimmermann-Krugformen-galerie-metzger-gallery-ceramic-keramik-angewandte-kunst-1536x1024.jpg 1536w, https:\/\/www.galerie-metzger.de\/wp-content\/uploads\/2020\/12\/Medi-Zimmermann-Krugformen-galerie-metzger-gallery-ceramic-keramik-angewandte-kunst-2048x1365.jpg 2048w, https:\/\/www.galerie-metzger.de\/wp-content\/uploads\/2020\/12\/Medi-Zimmermann-Krugformen-galerie-metzger-gallery-ceramic-keramik-angewandte-kunst-1500x1000.jpg 1500w, https:\/\/www.galerie-metzger.de\/wp-content\/uploads\/2020\/12\/Medi-Zimmermann-Krugformen-galerie-metzger-gallery-ceramic-keramik-angewandte-kunst-600x400.jpg 600w, https:\/\/www.galerie-metzger.de\/wp-content\/uploads\/2020\/12\/Medi-Zimmermann-Krugformen-galerie-metzger-gallery-ceramic-keramik-angewandte-kunst-300x200.jpg 300w, https:\/\/www.galerie-metzger.de\/wp-content\/uploads\/2020\/12\/Medi-Zimmermann-Krugformen-galerie-metzger-gallery-ceramic-keramik-angewandte-kunst-900x600.jpg 900w, https:\/\/www.galerie-metzger.de\/wp-content\/uploads\/2020\/12\/Medi-Zimmermann-Krugformen-galerie-metzger-gallery-ceramic-keramik-angewandte-kunst-705x470.jpg 705w, https:\/\/www.galerie-metzger.de\/wp-content\/uploads\/2020\/12\/Medi-Zimmermann-Krugformen-galerie-metzger-gallery-ceramic-keramik-angewandte-kunst-450x300.jpg 450w\" data-sizes=\"(max-width: 1030px) 100vw, 1030px\" class='avia_image' ><div class=\"av-image-caption-overlay\"><div class=\"av-caption-image-overlay-bg\"><\/div><div class=\"av-image-caption-overlay-position\"><div class=\"av-image-caption-overlay-center\"><p>Medi Zimmermann \u2013 jugs \u2013 , Foto: Rolf Bolt<\/p>\n<\/div><\/div><\/div><img decoding=\"async\" class='wp-image-8812 avia-img-lazy-loading-not-8812 avia_image ' src=\"https:\/\/www.galerie-metzger.de\/wp-content\/uploads\/2020\/12\/Medi-Zimmermann-Krugformen-galerie-metzger-gallery-ceramic-keramik-angewandte-kunst-scaled.jpg\" alt='Medi Zimmermann - Krugformen -' title='Medi Zimmermann - Krugformen -'  height=\"1979\" width=\"2969\"  \/><\/a><\/div><\/div><\/div><br \/>\n<section  class='av_textblock_section av-av_textblock-2df6986536148a6092118248b21c996c' ><div class='avia_textblock jo_werk_anfrage' ><p><a class=\"anfrage\" href=\"mailto:info@galerie-metzger.de?subject=Sebastian%20Scheid%20Form,%20Porzellan%202019\">Request information<\/a><\/p>\n<\/div><\/section><\/p><\/div><\/div><!--close column table wrapper. Autoclose: 1 --><div class='flex_column_table av-jf3w4f-d9424f5bf0db63f258f404532f90f0e5 sc-av_one_third av-equal-height-column-flextable'><div class='av-flex-placeholder'><\/div>\n<style type=\"text\/css\" data-created_by=\"avia_inline_auto\" id=\"style-css-av-jf3w4f-d9424f5bf0db63f258f404532f90f0e5\">\n.flex_column.av-jf3w4f-d9424f5bf0db63f258f404532f90f0e5{\n-webkit-border-radius:0px 0px 0px 0px;\n-moz-border-radius:0px 0px 0px 0px;\nborder-radius:0px 0px 0px 0px;\n}\n<\/style>\n<div class='flex_column av-jf3w4f-d9424f5bf0db63f258f404532f90f0e5 av_one_third  avia-builder-el-142  el_after_av_one_full  el_before_av_one_third  jo_col_empty flex_column_table_cell av-equal-height-column av-align-top av-animated-generic fade-in av-zero-column-padding '     ><section  class='av_textblock_section av-h33mnz-85df926b250f443195c65890c49b2553' ><div class='avia_textblock' ><p>invisible placeholder<\/p>\n<\/div><\/section><\/div><div class='flex_column_table av-jf3w4f-77f46a1d67ce0e2acbd9952ec63bccd1 sc-av_one_full av-equal-height-column-flextable'>\n<style type=\"text\/css\" data-created_by=\"avia_inline_auto\" id=\"style-css-av-jf3w4f-77f46a1d67ce0e2acbd9952ec63bccd1\">\n.flex_column.av-jf3w4f-77f46a1d67ce0e2acbd9952ec63bccd1{\n-webkit-border-radius:0px 0px 0px 0px;\n-moz-border-radius:0px 0px 0px 0px;\nborder-radius:0px 0px 0px 0px;\n}\n<\/style>\n<div class='flex_column av-jf3w4f-77f46a1d67ce0e2acbd9952ec63bccd1 av_one_full  jo_col_empty first flex_column_table_cell av-equal-height-column av-align-top av-animated-generic fade-in av-zero-column-padding '     ><section  class='av_textblock_section av-h33mnz-85df926b250f443195c65890c49b2553' ><div class='avia_textblock' ><p>invisible placeholder<\/p>\n<\/div><\/section><\/div><\/div><!--close column table wrapper. Autoclose: 1 --><div class='flex_column_table av-2l7jblr-e926ebe96e6070f6f9419b08d40cb7a8 sc-av_one_half av-equal-height-column-flextable'>\n<style type=\"text\/css\" data-created_by=\"avia_inline_auto\" id=\"style-css-av-2l7jblr-e926ebe96e6070f6f9419b08d40cb7a8\">\n.flex_column.av-2l7jblr-e926ebe96e6070f6f9419b08d40cb7a8{\n-webkit-border-radius:0px 0px 0px 0px;\n-moz-border-radius:0px 0px 0px 0px;\nborder-radius:0px 0px 0px 0px;\n}\n<\/style>\n<div class='flex_column av-2l7jblr-e926ebe96e6070f6f9419b08d40cb7a8 av_one_half  jo_pf_bild_bg first flex_column_table_cell av-equal-height-column av-align-top av-animated-generic fade-in av-zero-column-padding '     ><p>\n<style type=\"text\/css\" data-created_by=\"avia_inline_auto\" id=\"style-css-av-av_image-0ce3dad9abbcdfb6efb91f5783a32922\">\n.avia-image-container.av-av_image-0ce3dad9abbcdfb6efb91f5783a32922 img.avia_image{\nbox-shadow:none;\n}\n.avia-image-container.av-av_image-0ce3dad9abbcdfb6efb91f5783a32922 .av-caption-image-overlay-bg{\nopacity:0.4;\n}\n<\/style>\n<div  class='avia-image-container av-av_image-0ce3dad9abbcdfb6efb91f5783a32922 av-styling-no-styling avia_animated_image av-animated-when-visible-95 fade-in avia-align-left  avia-builder-el-143  el_before_av_textblock  avia-builder-el-first  jo_pf_bild noHover av-overlay-hover-deactivate'  ><div class=\"avia-image-container-inner\"><div class=\"avia-image-overlay-wrap\"><a href=\"https:\/\/www.galerie-metzger.de\/wp-content\/uploads\/2021\/02\/Medi-Zimmermann-Henkelware-galerie-metzger-keramik-angewandte-kunst-ceramic-gallery-1030x687.jpg\" data-srcset=\"https:\/\/www.galerie-metzger.de\/wp-content\/uploads\/2021\/02\/Medi-Zimmermann-Henkelware-galerie-metzger-keramik-angewandte-kunst-ceramic-gallery-1030x687.jpg 1030w, https:\/\/www.galerie-metzger.de\/wp-content\/uploads\/2021\/02\/Medi-Zimmermann-Henkelware-galerie-metzger-keramik-angewandte-kunst-ceramic-gallery-400x267.jpg 400w, https:\/\/www.galerie-metzger.de\/wp-content\/uploads\/2021\/02\/Medi-Zimmermann-Henkelware-galerie-metzger-keramik-angewandte-kunst-ceramic-gallery-768x512.jpg 768w, https:\/\/www.galerie-metzger.de\/wp-content\/uploads\/2021\/02\/Medi-Zimmermann-Henkelware-galerie-metzger-keramik-angewandte-kunst-ceramic-gallery-1536x1025.jpg 1536w, https:\/\/www.galerie-metzger.de\/wp-content\/uploads\/2021\/02\/Medi-Zimmermann-Henkelware-galerie-metzger-keramik-angewandte-kunst-ceramic-gallery-2048x1367.jpg 2048w, https:\/\/www.galerie-metzger.de\/wp-content\/uploads\/2021\/02\/Medi-Zimmermann-Henkelware-galerie-metzger-keramik-angewandte-kunst-ceramic-gallery-1500x1001.jpg 1500w, https:\/\/www.galerie-metzger.de\/wp-content\/uploads\/2021\/02\/Medi-Zimmermann-Henkelware-galerie-metzger-keramik-angewandte-kunst-ceramic-gallery-600x400.jpg 600w, https:\/\/www.galerie-metzger.de\/wp-content\/uploads\/2021\/02\/Medi-Zimmermann-Henkelware-galerie-metzger-keramik-angewandte-kunst-ceramic-gallery-300x200.jpg 300w, https:\/\/www.galerie-metzger.de\/wp-content\/uploads\/2021\/02\/Medi-Zimmermann-Henkelware-galerie-metzger-keramik-angewandte-kunst-ceramic-gallery-900x600.jpg 900w, https:\/\/www.galerie-metzger.de\/wp-content\/uploads\/2021\/02\/Medi-Zimmermann-Henkelware-galerie-metzger-keramik-angewandte-kunst-ceramic-gallery-705x470.jpg 705w, https:\/\/www.galerie-metzger.de\/wp-content\/uploads\/2021\/02\/Medi-Zimmermann-Henkelware-galerie-metzger-keramik-angewandte-kunst-ceramic-gallery-450x300.jpg 450w\" data-sizes=\"(max-width: 1030px) 100vw, 1030px\" class='avia_image' ><div class=\"av-image-caption-overlay\"><div class=\"av-caption-image-overlay-bg\"><\/div><div class=\"av-image-caption-overlay-position\"><div class=\"av-image-caption-overlay-center\"><p>Medi Zimmermann \u2013 Handled Ware \u2013 , Foto: Edi Baumann<\/p>\n<\/div><\/div><\/div><img decoding=\"async\" class='wp-image-9216 avia-img-lazy-loading-not-9216 avia_image ' src=\"https:\/\/www.galerie-metzger.de\/wp-content\/uploads\/2021\/02\/Medi-Zimmermann-Henkelware-galerie-metzger-keramik-angewandte-kunst-ceramic-gallery-600x400.jpg\" alt='Medi Zimmermann - Henkelware -' title='Medi Zimmermann - Henkelware -'  height=\"330\" width=\"495\" srcset=\"https:\/\/www.galerie-metzger.de\/wp-content\/uploads\/2021\/02\/Medi-Zimmermann-Henkelware-galerie-metzger-keramik-angewandte-kunst-ceramic-gallery-600x400.jpg 600w, https:\/\/www.galerie-metzger.de\/wp-content\/uploads\/2021\/02\/Medi-Zimmermann-Henkelware-galerie-metzger-keramik-angewandte-kunst-ceramic-gallery-400x267.jpg 400w, https:\/\/www.galerie-metzger.de\/wp-content\/uploads\/2021\/02\/Medi-Zimmermann-Henkelware-galerie-metzger-keramik-angewandte-kunst-ceramic-gallery-1030x687.jpg 1030w, https:\/\/www.galerie-metzger.de\/wp-content\/uploads\/2021\/02\/Medi-Zimmermann-Henkelware-galerie-metzger-keramik-angewandte-kunst-ceramic-gallery-768x512.jpg 768w, https:\/\/www.galerie-metzger.de\/wp-content\/uploads\/2021\/02\/Medi-Zimmermann-Henkelware-galerie-metzger-keramik-angewandte-kunst-ceramic-gallery-1536x1025.jpg 1536w, https:\/\/www.galerie-metzger.de\/wp-content\/uploads\/2021\/02\/Medi-Zimmermann-Henkelware-galerie-metzger-keramik-angewandte-kunst-ceramic-gallery-2048x1367.jpg 2048w, https:\/\/www.galerie-metzger.de\/wp-content\/uploads\/2021\/02\/Medi-Zimmermann-Henkelware-galerie-metzger-keramik-angewandte-kunst-ceramic-gallery-1500x1001.jpg 1500w, https:\/\/www.galerie-metzger.de\/wp-content\/uploads\/2021\/02\/Medi-Zimmermann-Henkelware-galerie-metzger-keramik-angewandte-kunst-ceramic-gallery-300x200.jpg 300w, https:\/\/www.galerie-metzger.de\/wp-content\/uploads\/2021\/02\/Medi-Zimmermann-Henkelware-galerie-metzger-keramik-angewandte-kunst-ceramic-gallery-900x600.jpg 900w, https:\/\/www.galerie-metzger.de\/wp-content\/uploads\/2021\/02\/Medi-Zimmermann-Henkelware-galerie-metzger-keramik-angewandte-kunst-ceramic-gallery-705x470.jpg 705w, https:\/\/www.galerie-metzger.de\/wp-content\/uploads\/2021\/02\/Medi-Zimmermann-Henkelware-galerie-metzger-keramik-angewandte-kunst-ceramic-gallery-450x300.jpg 450w\" sizes=\"(max-width: 495px) 100vw, 495px\" \/><\/a><\/div><\/div><\/div><br \/>\n<section  class='av_textblock_section av-av_textblock-2df6986536148a6092118248b21c996c' ><div class='avia_textblock jo_werk_anfrage' ><p><a class=\"anfrage\" href=\"mailto:info@galerie-metzger.de?subject=Medi%20Zimmermann%20Henkelware%202020\">request information<\/a><\/p>\n<\/div><\/section><\/p><\/div><\/div><!--close column table wrapper. Autoclose: 1 --><div class='flex_column_table av-2l7jblr-7a2c7fe8d483caea5d87343e47d37115 sc-av_one_half av-equal-height-column-flextable'><div class='av-flex-placeholder'><\/div>\n<style type=\"text\/css\" data-created_by=\"avia_inline_auto\" id=\"style-css-av-2l7jblr-7a2c7fe8d483caea5d87343e47d37115\">\n.flex_column.av-2l7jblr-7a2c7fe8d483caea5d87343e47d37115{\n-webkit-border-radius:0px 0px 0px 0px;\n-moz-border-radius:0px 0px 0px 0px;\nborder-radius:0px 0px 0px 0px;\n}\n<\/style>\n<div class='flex_column av-2l7jblr-7a2c7fe8d483caea5d87343e47d37115 av_one_half  jo_pf_bild_bg flex_column_table_cell av-equal-height-column av-align-top av-animated-generic fade-in av-zero-column-padding '     ><p>\n<style type=\"text\/css\" data-created_by=\"avia_inline_auto\" id=\"style-css-av-av_image-bc56f6e4d009f438d207b56d28687d51\">\n.avia-image-container.av-av_image-bc56f6e4d009f438d207b56d28687d51 img.avia_image{\nbox-shadow:none;\n}\n.avia-image-container.av-av_image-bc56f6e4d009f438d207b56d28687d51 .av-caption-image-overlay-bg{\nopacity:0.4;\n}\n<\/style>\n<div  class='avia-image-container av-av_image-bc56f6e4d009f438d207b56d28687d51 av-styling-no-styling avia_animated_image av-animated-when-visible-95 fade-in avia-align-left  jo_pf_bild noHover av-overlay-hover-deactivate'  ><div class=\"avia-image-container-inner\"><div class=\"avia-image-overlay-wrap\"><a href=\"https:\/\/www.galerie-metzger.de\/wp-content\/uploads\/2021\/02\/Medi-Zimmermann-Henkelware-galerie-metzger-keramik-angewandte-kunst-ceramicgallery-kaufen-1030x687.jpg\" data-srcset=\"https:\/\/www.galerie-metzger.de\/wp-content\/uploads\/2021\/02\/Medi-Zimmermann-Henkelware-galerie-metzger-keramik-angewandte-kunst-ceramicgallery-kaufen-1030x687.jpg 1030w, https:\/\/www.galerie-metzger.de\/wp-content\/uploads\/2021\/02\/Medi-Zimmermann-Henkelware-galerie-metzger-keramik-angewandte-kunst-ceramicgallery-kaufen-400x267.jpg 400w, https:\/\/www.galerie-metzger.de\/wp-content\/uploads\/2021\/02\/Medi-Zimmermann-Henkelware-galerie-metzger-keramik-angewandte-kunst-ceramicgallery-kaufen-768x512.jpg 768w, https:\/\/www.galerie-metzger.de\/wp-content\/uploads\/2021\/02\/Medi-Zimmermann-Henkelware-galerie-metzger-keramik-angewandte-kunst-ceramicgallery-kaufen-1536x1024.jpg 1536w, https:\/\/www.galerie-metzger.de\/wp-content\/uploads\/2021\/02\/Medi-Zimmermann-Henkelware-galerie-metzger-keramik-angewandte-kunst-ceramicgallery-kaufen-2048x1365.jpg 2048w, https:\/\/www.galerie-metzger.de\/wp-content\/uploads\/2021\/02\/Medi-Zimmermann-Henkelware-galerie-metzger-keramik-angewandte-kunst-ceramicgallery-kaufen-1500x1000.jpg 1500w, https:\/\/www.galerie-metzger.de\/wp-content\/uploads\/2021\/02\/Medi-Zimmermann-Henkelware-galerie-metzger-keramik-angewandte-kunst-ceramicgallery-kaufen-600x400.jpg 600w, https:\/\/www.galerie-metzger.de\/wp-content\/uploads\/2021\/02\/Medi-Zimmermann-Henkelware-galerie-metzger-keramik-angewandte-kunst-ceramicgallery-kaufen-300x200.jpg 300w, https:\/\/www.galerie-metzger.de\/wp-content\/uploads\/2021\/02\/Medi-Zimmermann-Henkelware-galerie-metzger-keramik-angewandte-kunst-ceramicgallery-kaufen-900x600.jpg 900w, https:\/\/www.galerie-metzger.de\/wp-content\/uploads\/2021\/02\/Medi-Zimmermann-Henkelware-galerie-metzger-keramik-angewandte-kunst-ceramicgallery-kaufen-705x470.jpg 705w, https:\/\/www.galerie-metzger.de\/wp-content\/uploads\/2021\/02\/Medi-Zimmermann-Henkelware-galerie-metzger-keramik-angewandte-kunst-ceramicgallery-kaufen-450x300.jpg 450w\" data-sizes=\"(max-width: 1030px) 100vw, 1030px\" class='avia_image' ><div class=\"av-image-caption-overlay\"><div class=\"av-caption-image-overlay-bg\"><\/div><div class=\"av-image-caption-overlay-position\"><div class=\"av-image-caption-overlay-center\"><p>Medi Zimmermann \u2013 Handled Ware \u2013 , Foto: Edi Baumann<\/p>\n<\/div><\/div><\/div><img decoding=\"async\" class='wp-image-9210 avia-img-lazy-loading-not-9210 avia_image ' src=\"https:\/\/www.galerie-metzger.de\/wp-content\/uploads\/2021\/02\/Medi-Zimmermann-Henkelware-galerie-metzger-keramik-angewandte-kunst-ceramicgallery-kaufen-600x400.jpg\" alt='Medi Zimmermann - Henkelware -' title='Medi Zimmermann - Henkelware -'  height=\"330\" width=\"495\" srcset=\"https:\/\/www.galerie-metzger.de\/wp-content\/uploads\/2021\/02\/Medi-Zimmermann-Henkelware-galerie-metzger-keramik-angewandte-kunst-ceramicgallery-kaufen-600x400.jpg 600w, https:\/\/www.galerie-metzger.de\/wp-content\/uploads\/2021\/02\/Medi-Zimmermann-Henkelware-galerie-metzger-keramik-angewandte-kunst-ceramicgallery-kaufen-400x267.jpg 400w, https:\/\/www.galerie-metzger.de\/wp-content\/uploads\/2021\/02\/Medi-Zimmermann-Henkelware-galerie-metzger-keramik-angewandte-kunst-ceramicgallery-kaufen-1030x687.jpg 1030w, https:\/\/www.galerie-metzger.de\/wp-content\/uploads\/2021\/02\/Medi-Zimmermann-Henkelware-galerie-metzger-keramik-angewandte-kunst-ceramicgallery-kaufen-768x512.jpg 768w, https:\/\/www.galerie-metzger.de\/wp-content\/uploads\/2021\/02\/Medi-Zimmermann-Henkelware-galerie-metzger-keramik-angewandte-kunst-ceramicgallery-kaufen-1536x1024.jpg 1536w, https:\/\/www.galerie-metzger.de\/wp-content\/uploads\/2021\/02\/Medi-Zimmermann-Henkelware-galerie-metzger-keramik-angewandte-kunst-ceramicgallery-kaufen-2048x1365.jpg 2048w, https:\/\/www.galerie-metzger.de\/wp-content\/uploads\/2021\/02\/Medi-Zimmermann-Henkelware-galerie-metzger-keramik-angewandte-kunst-ceramicgallery-kaufen-1500x1000.jpg 1500w, https:\/\/www.galerie-metzger.de\/wp-content\/uploads\/2021\/02\/Medi-Zimmermann-Henkelware-galerie-metzger-keramik-angewandte-kunst-ceramicgallery-kaufen-300x200.jpg 300w, https:\/\/www.galerie-metzger.de\/wp-content\/uploads\/2021\/02\/Medi-Zimmermann-Henkelware-galerie-metzger-keramik-angewandte-kunst-ceramicgallery-kaufen-900x600.jpg 900w, https:\/\/www.galerie-metzger.de\/wp-content\/uploads\/2021\/02\/Medi-Zimmermann-Henkelware-galerie-metzger-keramik-angewandte-kunst-ceramicgallery-kaufen-705x470.jpg 705w, https:\/\/www.galerie-metzger.de\/wp-content\/uploads\/2021\/02\/Medi-Zimmermann-Henkelware-galerie-metzger-keramik-angewandte-kunst-ceramicgallery-kaufen-450x300.jpg 450w\" sizes=\"(max-width: 495px) 100vw, 495px\" \/><\/a><\/div><\/div><\/div><br \/>\n<section  class='av_textblock_section av-av_textblock-2df6986536148a6092118248b21c996c' ><div class='avia_textblock jo_werk_anfrage' ><p><a class=\"anfrage\" href=\"mailto:info@galerie-metzger.de?subject=Medi%20Zimmermann%20Henkelware%202020\">request information<\/a><\/p>\n<\/div><\/section><\/p><\/div><\/div><!--close column table wrapper. Autoclose: 1 --><div class='flex_column_table av-jf3w4f-77f46a1d67ce0e2acbd9952ec63bccd1 sc-av_one_full av-equal-height-column-flextable'>\n<style type=\"text\/css\" data-created_by=\"avia_inline_auto\" id=\"style-css-av-jf3w4f-77f46a1d67ce0e2acbd9952ec63bccd1\">\n.flex_column.av-jf3w4f-77f46a1d67ce0e2acbd9952ec63bccd1{\n-webkit-border-radius:0px 0px 0px 0px;\n-moz-border-radius:0px 0px 0px 0px;\nborder-radius:0px 0px 0px 0px;\n}\n<\/style>\n<div class='flex_column av-jf3w4f-77f46a1d67ce0e2acbd9952ec63bccd1 av_one_full  jo_col_empty first flex_column_table_cell av-equal-height-column av-align-top av-animated-generic fade-in av-zero-column-padding '     ><section  class='av_textblock_section av-h33mnz-85df926b250f443195c65890c49b2553' ><div class='avia_textblock' ><p>invisible placeholder<\/p>\n<\/div><\/section><\/div><\/div><!--close column table wrapper. Autoclose: 1 --><div class='flex_column_table av-2l7jblr-e926ebe96e6070f6f9419b08d40cb7a8 sc-av_one_third av-equal-height-column-flextable'>\n<style type=\"text\/css\" data-created_by=\"avia_inline_auto\" id=\"style-css-av-2l7jblr-e926ebe96e6070f6f9419b08d40cb7a8\">\n.flex_column.av-2l7jblr-e926ebe96e6070f6f9419b08d40cb7a8{\n-webkit-border-radius:0px 0px 0px 0px;\n-moz-border-radius:0px 0px 0px 0px;\nborder-radius:0px 0px 0px 0px;\n}\n<\/style>\n<div class='flex_column av-2l7jblr-e926ebe96e6070f6f9419b08d40cb7a8 av_one_third  avia-builder-el-145  el_after_av_one_third  el_before_av_one_third  jo_pf_bild_bg first flex_column_table_cell av-equal-height-column av-align-top av-animated-generic fade-in av-zero-column-padding column-top-margin'     ><style type=\"text\/css\" data-created_by=\"avia_inline_auto\" id=\"style-css-av-av_image-21fac32ba8aced1ebf937ed6ffc738b4\">\n.avia-image-container.av-av_image-21fac32ba8aced1ebf937ed6ffc738b4 img.avia_image{\nbox-shadow:none;\n}\n.avia-image-container.av-av_image-21fac32ba8aced1ebf937ed6ffc738b4 .av-caption-image-overlay-bg{\nopacity:0.4;\n}\n<\/style>\n<div  class='avia-image-container av-av_image-21fac32ba8aced1ebf937ed6ffc738b4 av-styling-no-styling avia_animated_image av-animated-when-visible-95 fade-in avia-align-left  jo_pf_bild noHover av-overlay-hover-deactivate'  ><div class=\"avia-image-container-inner\"><div class=\"avia-image-overlay-wrap\"><a href=\"https:\/\/www.galerie-metzger.de\/wp-content\/uploads\/2021\/04\/Henkelware-galerie-metzger-gallerie-ceramic-keramik-angewandte-kunst-1030x687.jpg\" data-srcset=\"https:\/\/www.galerie-metzger.de\/wp-content\/uploads\/2021\/04\/Henkelware-galerie-metzger-gallerie-ceramic-keramik-angewandte-kunst-1030x687.jpg 1030w, https:\/\/www.galerie-metzger.de\/wp-content\/uploads\/2021\/04\/Henkelware-galerie-metzger-gallerie-ceramic-keramik-angewandte-kunst-400x267.jpg 400w, https:\/\/www.galerie-metzger.de\/wp-content\/uploads\/2021\/04\/Henkelware-galerie-metzger-gallerie-ceramic-keramik-angewandte-kunst-768x512.jpg 768w, https:\/\/www.galerie-metzger.de\/wp-content\/uploads\/2021\/04\/Henkelware-galerie-metzger-gallerie-ceramic-keramik-angewandte-kunst-1536x1024.jpg 1536w, https:\/\/www.galerie-metzger.de\/wp-content\/uploads\/2021\/04\/Henkelware-galerie-metzger-gallerie-ceramic-keramik-angewandte-kunst-2048x1365.jpg 2048w, https:\/\/www.galerie-metzger.de\/wp-content\/uploads\/2021\/04\/Henkelware-galerie-metzger-gallerie-ceramic-keramik-angewandte-kunst-1500x1000.jpg 1500w, https:\/\/www.galerie-metzger.de\/wp-content\/uploads\/2021\/04\/Henkelware-galerie-metzger-gallerie-ceramic-keramik-angewandte-kunst-600x400.jpg 600w, https:\/\/www.galerie-metzger.de\/wp-content\/uploads\/2021\/04\/Henkelware-galerie-metzger-gallerie-ceramic-keramik-angewandte-kunst-300x200.jpg 300w, https:\/\/www.galerie-metzger.de\/wp-content\/uploads\/2021\/04\/Henkelware-galerie-metzger-gallerie-ceramic-keramik-angewandte-kunst-900x600.jpg 900w, https:\/\/www.galerie-metzger.de\/wp-content\/uploads\/2021\/04\/Henkelware-galerie-metzger-gallerie-ceramic-keramik-angewandte-kunst-705x470.jpg 705w, https:\/\/www.galerie-metzger.de\/wp-content\/uploads\/2021\/04\/Henkelware-galerie-metzger-gallerie-ceramic-keramik-angewandte-kunst-450x300.jpg 450w\" data-sizes=\"(max-width: 1030px) 100vw, 1030px\" class='avia_image' ><div class=\"av-image-caption-overlay\"><div class=\"av-caption-image-overlay-bg\"><\/div><div class=\"av-image-caption-overlay-position\"><div class=\"av-image-caption-overlay-center\"><p>Handled Ware\u00a0\u2013 view into the exhibition \u2013 , Foto: Edi Baumann<\/p>\n<\/div><\/div><\/div><img decoding=\"async\" class='wp-image-9309 avia-img-lazy-loading-not-9309 avia_image ' src=\"https:\/\/www.galerie-metzger.de\/wp-content\/uploads\/2021\/04\/Henkelware-galerie-metzger-gallerie-ceramic-keramik-angewandte-kunst-400x267.jpg\" alt='Henkelware - Blick in die Ausstellung' title='Henkelware - Blick in die Ausstellung'  height=\"267\" width=\"400\" srcset=\"https:\/\/www.galerie-metzger.de\/wp-content\/uploads\/2021\/04\/Henkelware-galerie-metzger-gallerie-ceramic-keramik-angewandte-kunst-400x267.jpg 400w, https:\/\/www.galerie-metzger.de\/wp-content\/uploads\/2021\/04\/Henkelware-galerie-metzger-gallerie-ceramic-keramik-angewandte-kunst-1030x687.jpg 1030w, https:\/\/www.galerie-metzger.de\/wp-content\/uploads\/2021\/04\/Henkelware-galerie-metzger-gallerie-ceramic-keramik-angewandte-kunst-768x512.jpg 768w, https:\/\/www.galerie-metzger.de\/wp-content\/uploads\/2021\/04\/Henkelware-galerie-metzger-gallerie-ceramic-keramik-angewandte-kunst-1536x1024.jpg 1536w, https:\/\/www.galerie-metzger.de\/wp-content\/uploads\/2021\/04\/Henkelware-galerie-metzger-gallerie-ceramic-keramik-angewandte-kunst-2048x1365.jpg 2048w, https:\/\/www.galerie-metzger.de\/wp-content\/uploads\/2021\/04\/Henkelware-galerie-metzger-gallerie-ceramic-keramik-angewandte-kunst-1500x1000.jpg 1500w, https:\/\/www.galerie-metzger.de\/wp-content\/uploads\/2021\/04\/Henkelware-galerie-metzger-gallerie-ceramic-keramik-angewandte-kunst-600x400.jpg 600w, https:\/\/www.galerie-metzger.de\/wp-content\/uploads\/2021\/04\/Henkelware-galerie-metzger-gallerie-ceramic-keramik-angewandte-kunst-300x200.jpg 300w, https:\/\/www.galerie-metzger.de\/wp-content\/uploads\/2021\/04\/Henkelware-galerie-metzger-gallerie-ceramic-keramik-angewandte-kunst-900x600.jpg 900w, https:\/\/www.galerie-metzger.de\/wp-content\/uploads\/2021\/04\/Henkelware-galerie-metzger-gallerie-ceramic-keramik-angewandte-kunst-705x470.jpg 705w, https:\/\/www.galerie-metzger.de\/wp-content\/uploads\/2021\/04\/Henkelware-galerie-metzger-gallerie-ceramic-keramik-angewandte-kunst-450x300.jpg 450w\" sizes=\"(max-width: 400px) 100vw, 400px\" \/><\/a><\/div><\/div><\/div><\/div><div class='av-flex-placeholder'><\/div>\n<style type=\"text\/css\" data-created_by=\"avia_inline_auto\" id=\"style-css-av-2l7jblr-7a2c7fe8d483caea5d87343e47d37115\">\n.flex_column.av-2l7jblr-7a2c7fe8d483caea5d87343e47d37115{\n-webkit-border-radius:0px 0px 0px 0px;\n-moz-border-radius:0px 0px 0px 0px;\nborder-radius:0px 0px 0px 0px;\n}\n<\/style>\n<div class='flex_column av-2l7jblr-7a2c7fe8d483caea5d87343e47d37115 av_one_third  jo_pf_bild_bg flex_column_table_cell av-equal-height-column av-align-top av-animated-generic fade-in av-zero-column-padding column-top-margin'     ><style type=\"text\/css\" data-created_by=\"avia_inline_auto\" id=\"style-css-av-av_image-cf59635a48f779b3e366118cee4604bb\">\n.avia-image-container.av-av_image-cf59635a48f779b3e366118cee4604bb img.avia_image{\nbox-shadow:none;\n}\n.avia-image-container.av-av_image-cf59635a48f779b3e366118cee4604bb .av-caption-image-overlay-bg{\nopacity:0.4;\n}\n<\/style>\n<div  class='avia-image-container av-av_image-cf59635a48f779b3e366118cee4604bb av-styling-no-styling avia_animated_image av-animated-when-visible-95 fade-in avia-align-left  jo_pf_bild noHover av-overlay-hover-deactivate'  ><div class=\"avia-image-container-inner\"><div class=\"avia-image-overlay-wrap\"><a href=\"https:\/\/www.galerie-metzger.de\/wp-content\/uploads\/2021\/04\/Henkelware-Blick-in-die-Ausstellung-galerie-metzger-gallery-angewandte-kunst-keramik-plastische-arbeit-skulptur-gallery-1030x687.jpg\" data-srcset=\"https:\/\/www.galerie-metzger.de\/wp-content\/uploads\/2021\/04\/Henkelware-Blick-in-die-Ausstellung-galerie-metzger-gallery-angewandte-kunst-keramik-plastische-arbeit-skulptur-gallery-1030x687.jpg 1030w, https:\/\/www.galerie-metzger.de\/wp-content\/uploads\/2021\/04\/Henkelware-Blick-in-die-Ausstellung-galerie-metzger-gallery-angewandte-kunst-keramik-plastische-arbeit-skulptur-gallery-400x267.jpg 400w, https:\/\/www.galerie-metzger.de\/wp-content\/uploads\/2021\/04\/Henkelware-Blick-in-die-Ausstellung-galerie-metzger-gallery-angewandte-kunst-keramik-plastische-arbeit-skulptur-gallery-768x512.jpg 768w, https:\/\/www.galerie-metzger.de\/wp-content\/uploads\/2021\/04\/Henkelware-Blick-in-die-Ausstellung-galerie-metzger-gallery-angewandte-kunst-keramik-plastische-arbeit-skulptur-gallery-1536x1024.jpg 1536w, https:\/\/www.galerie-metzger.de\/wp-content\/uploads\/2021\/04\/Henkelware-Blick-in-die-Ausstellung-galerie-metzger-gallery-angewandte-kunst-keramik-plastische-arbeit-skulptur-gallery-2048x1365.jpg 2048w, https:\/\/www.galerie-metzger.de\/wp-content\/uploads\/2021\/04\/Henkelware-Blick-in-die-Ausstellung-galerie-metzger-gallery-angewandte-kunst-keramik-plastische-arbeit-skulptur-gallery-1500x1000.jpg 1500w, https:\/\/www.galerie-metzger.de\/wp-content\/uploads\/2021\/04\/Henkelware-Blick-in-die-Ausstellung-galerie-metzger-gallery-angewandte-kunst-keramik-plastische-arbeit-skulptur-gallery-600x400.jpg 600w, https:\/\/www.galerie-metzger.de\/wp-content\/uploads\/2021\/04\/Henkelware-Blick-in-die-Ausstellung-galerie-metzger-gallery-angewandte-kunst-keramik-plastische-arbeit-skulptur-gallery-300x200.jpg 300w, https:\/\/www.galerie-metzger.de\/wp-content\/uploads\/2021\/04\/Henkelware-Blick-in-die-Ausstellung-galerie-metzger-gallery-angewandte-kunst-keramik-plastische-arbeit-skulptur-gallery-900x600.jpg 900w, https:\/\/www.galerie-metzger.de\/wp-content\/uploads\/2021\/04\/Henkelware-Blick-in-die-Ausstellung-galerie-metzger-gallery-angewandte-kunst-keramik-plastische-arbeit-skulptur-gallery-705x470.jpg 705w, https:\/\/www.galerie-metzger.de\/wp-content\/uploads\/2021\/04\/Henkelware-Blick-in-die-Ausstellung-galerie-metzger-gallery-angewandte-kunst-keramik-plastische-arbeit-skulptur-gallery-450x300.jpg 450w\" data-sizes=\"(max-width: 1030px) 100vw, 1030px\" class='avia_image' ><div class=\"av-image-caption-overlay\"><div class=\"av-caption-image-overlay-bg\"><\/div><div class=\"av-image-caption-overlay-position\"><div class=\"av-image-caption-overlay-center\"><p>Handled Ware\u00a0\u2013 view into the exhibition \u2013 , Foto: Edi Baumann<\/p>\n<\/div><\/div><\/div><img decoding=\"async\" class='wp-image-9315 avia-img-lazy-loading-not-9315 avia_image ' src=\"https:\/\/www.galerie-metzger.de\/wp-content\/uploads\/2021\/04\/Henkelware-Blick-in-die-Ausstellung-galerie-metzger-gallery-angewandte-kunst-keramik-plastische-arbeit-skulptur-gallery-400x267.jpg\" alt='Henkelware - Blick in die Ausstellung' title='Henkelware - Blick in die Ausstellung'  height=\"267\" width=\"400\" srcset=\"https:\/\/www.galerie-metzger.de\/wp-content\/uploads\/2021\/04\/Henkelware-Blick-in-die-Ausstellung-galerie-metzger-gallery-angewandte-kunst-keramik-plastische-arbeit-skulptur-gallery-400x267.jpg 400w, https:\/\/www.galerie-metzger.de\/wp-content\/uploads\/2021\/04\/Henkelware-Blick-in-die-Ausstellung-galerie-metzger-gallery-angewandte-kunst-keramik-plastische-arbeit-skulptur-gallery-1030x687.jpg 1030w, https:\/\/www.galerie-metzger.de\/wp-content\/uploads\/2021\/04\/Henkelware-Blick-in-die-Ausstellung-galerie-metzger-gallery-angewandte-kunst-keramik-plastische-arbeit-skulptur-gallery-768x512.jpg 768w, https:\/\/www.galerie-metzger.de\/wp-content\/uploads\/2021\/04\/Henkelware-Blick-in-die-Ausstellung-galerie-metzger-gallery-angewandte-kunst-keramik-plastische-arbeit-skulptur-gallery-1536x1024.jpg 1536w, https:\/\/www.galerie-metzger.de\/wp-content\/uploads\/2021\/04\/Henkelware-Blick-in-die-Ausstellung-galerie-metzger-gallery-angewandte-kunst-keramik-plastische-arbeit-skulptur-gallery-2048x1365.jpg 2048w, https:\/\/www.galerie-metzger.de\/wp-content\/uploads\/2021\/04\/Henkelware-Blick-in-die-Ausstellung-galerie-metzger-gallery-angewandte-kunst-keramik-plastische-arbeit-skulptur-gallery-1500x1000.jpg 1500w, https:\/\/www.galerie-metzger.de\/wp-content\/uploads\/2021\/04\/Henkelware-Blick-in-die-Ausstellung-galerie-metzger-gallery-angewandte-kunst-keramik-plastische-arbeit-skulptur-gallery-600x400.jpg 600w, https:\/\/www.galerie-metzger.de\/wp-content\/uploads\/2021\/04\/Henkelware-Blick-in-die-Ausstellung-galerie-metzger-gallery-angewandte-kunst-keramik-plastische-arbeit-skulptur-gallery-300x200.jpg 300w, https:\/\/www.galerie-metzger.de\/wp-content\/uploads\/2021\/04\/Henkelware-Blick-in-die-Ausstellung-galerie-metzger-gallery-angewandte-kunst-keramik-plastische-arbeit-skulptur-gallery-900x600.jpg 900w, https:\/\/www.galerie-metzger.de\/wp-content\/uploads\/2021\/04\/Henkelware-Blick-in-die-Ausstellung-galerie-metzger-gallery-angewandte-kunst-keramik-plastische-arbeit-skulptur-gallery-705x470.jpg 705w, https:\/\/www.galerie-metzger.de\/wp-content\/uploads\/2021\/04\/Henkelware-Blick-in-die-Ausstellung-galerie-metzger-gallery-angewandte-kunst-keramik-plastische-arbeit-skulptur-gallery-450x300.jpg 450w\" sizes=\"(max-width: 400px) 100vw, 400px\" \/><\/a><\/div><\/div><\/div><\/div><\/div><!--close column table wrapper. Autoclose: 1 --><div class='flex_column_table av-2l7jblr-7a2c7fe8d483caea5d87343e47d37115 sc-av_one_third av-equal-height-column-flextable'><div class='av-flex-placeholder'><\/div>\n<style type=\"text\/css\" data-created_by=\"avia_inline_auto\" id=\"style-css-av-2l7jblr-7a2c7fe8d483caea5d87343e47d37115\">\n.flex_column.av-2l7jblr-7a2c7fe8d483caea5d87343e47d37115{\n-webkit-border-radius:0px 0px 0px 0px;\n-moz-border-radius:0px 0px 0px 0px;\nborder-radius:0px 0px 0px 0px;\n}\n<\/style>\n<div class='flex_column av-2l7jblr-7a2c7fe8d483caea5d87343e47d37115 av_one_third  jo_pf_bild_bg flex_column_table_cell av-equal-height-column av-align-top av-animated-generic fade-in av-zero-column-padding column-top-margin'     ><style type=\"text\/css\" data-created_by=\"avia_inline_auto\" id=\"style-css-av-av_image-d0553dbbbd17716e118ec14fc4679ed6\">\n.avia-image-container.av-av_image-d0553dbbbd17716e118ec14fc4679ed6 img.avia_image{\nbox-shadow:none;\n}\n.avia-image-container.av-av_image-d0553dbbbd17716e118ec14fc4679ed6 .av-caption-image-overlay-bg{\nopacity:0.4;\n}\n<\/style>\n<div  class='avia-image-container av-av_image-d0553dbbbd17716e118ec14fc4679ed6 av-styling-no-styling avia_animated_image av-animated-when-visible-95 fade-in avia-align-left  jo_pf_bild noHover av-overlay-hover-deactivate'  ><div class=\"avia-image-container-inner\"><div class=\"avia-image-overlay-wrap\"><a href=\"https:\/\/www.galerie-metzger.de\/wp-content\/uploads\/2021\/04\/Henkelware-Blick-in-die-Ausstellung-galerie-metzger-gallery-kunst-art-ceramic-keramik-1030x687.jpg\" data-srcset=\"https:\/\/www.galerie-metzger.de\/wp-content\/uploads\/2021\/04\/Henkelware-Blick-in-die-Ausstellung-galerie-metzger-gallery-kunst-art-ceramic-keramik-1030x687.jpg 1030w, https:\/\/www.galerie-metzger.de\/wp-content\/uploads\/2021\/04\/Henkelware-Blick-in-die-Ausstellung-galerie-metzger-gallery-kunst-art-ceramic-keramik-400x267.jpg 400w, https:\/\/www.galerie-metzger.de\/wp-content\/uploads\/2021\/04\/Henkelware-Blick-in-die-Ausstellung-galerie-metzger-gallery-kunst-art-ceramic-keramik-768x512.jpg 768w, https:\/\/www.galerie-metzger.de\/wp-content\/uploads\/2021\/04\/Henkelware-Blick-in-die-Ausstellung-galerie-metzger-gallery-kunst-art-ceramic-keramik-1536x1024.jpg 1536w, https:\/\/www.galerie-metzger.de\/wp-content\/uploads\/2021\/04\/Henkelware-Blick-in-die-Ausstellung-galerie-metzger-gallery-kunst-art-ceramic-keramik-2048x1365.jpg 2048w, https:\/\/www.galerie-metzger.de\/wp-content\/uploads\/2021\/04\/Henkelware-Blick-in-die-Ausstellung-galerie-metzger-gallery-kunst-art-ceramic-keramik-1500x1000.jpg 1500w, https:\/\/www.galerie-metzger.de\/wp-content\/uploads\/2021\/04\/Henkelware-Blick-in-die-Ausstellung-galerie-metzger-gallery-kunst-art-ceramic-keramik-600x400.jpg 600w, https:\/\/www.galerie-metzger.de\/wp-content\/uploads\/2021\/04\/Henkelware-Blick-in-die-Ausstellung-galerie-metzger-gallery-kunst-art-ceramic-keramik-300x200.jpg 300w, https:\/\/www.galerie-metzger.de\/wp-content\/uploads\/2021\/04\/Henkelware-Blick-in-die-Ausstellung-galerie-metzger-gallery-kunst-art-ceramic-keramik-900x600.jpg 900w, https:\/\/www.galerie-metzger.de\/wp-content\/uploads\/2021\/04\/Henkelware-Blick-in-die-Ausstellung-galerie-metzger-gallery-kunst-art-ceramic-keramik-705x470.jpg 705w, https:\/\/www.galerie-metzger.de\/wp-content\/uploads\/2021\/04\/Henkelware-Blick-in-die-Ausstellung-galerie-metzger-gallery-kunst-art-ceramic-keramik-450x300.jpg 450w\" data-sizes=\"(max-width: 1030px) 100vw, 1030px\" class='avia_image' ><div class=\"av-image-caption-overlay\"><div class=\"av-caption-image-overlay-bg\"><\/div><div class=\"av-image-caption-overlay-position\"><div class=\"av-image-caption-overlay-center\"><p>Handled Ware\u00a0\u2013 view into the exhibition \u2013 , Foto: Edi Baumann<\/p>\n<\/div><\/div><\/div><img decoding=\"async\" class='wp-image-9313 avia-img-lazy-loading-not-9313 avia_image ' src=\"https:\/\/www.galerie-metzger.de\/wp-content\/uploads\/2021\/04\/Henkelware-Blick-in-die-Ausstellung-galerie-metzger-gallery-kunst-art-ceramic-keramik-400x267.jpg\" alt='Henkelware - Blick in die Ausstellung' title='Henkelware - Blick in die Ausstellung'  height=\"267\" width=\"400\" srcset=\"https:\/\/www.galerie-metzger.de\/wp-content\/uploads\/2021\/04\/Henkelware-Blick-in-die-Ausstellung-galerie-metzger-gallery-kunst-art-ceramic-keramik-400x267.jpg 400w, https:\/\/www.galerie-metzger.de\/wp-content\/uploads\/2021\/04\/Henkelware-Blick-in-die-Ausstellung-galerie-metzger-gallery-kunst-art-ceramic-keramik-1030x687.jpg 1030w, https:\/\/www.galerie-metzger.de\/wp-content\/uploads\/2021\/04\/Henkelware-Blick-in-die-Ausstellung-galerie-metzger-gallery-kunst-art-ceramic-keramik-768x512.jpg 768w, https:\/\/www.galerie-metzger.de\/wp-content\/uploads\/2021\/04\/Henkelware-Blick-in-die-Ausstellung-galerie-metzger-gallery-kunst-art-ceramic-keramik-1536x1024.jpg 1536w, https:\/\/www.galerie-metzger.de\/wp-content\/uploads\/2021\/04\/Henkelware-Blick-in-die-Ausstellung-galerie-metzger-gallery-kunst-art-ceramic-keramik-2048x1365.jpg 2048w, https:\/\/www.galerie-metzger.de\/wp-content\/uploads\/2021\/04\/Henkelware-Blick-in-die-Ausstellung-galerie-metzger-gallery-kunst-art-ceramic-keramik-1500x1000.jpg 1500w, https:\/\/www.galerie-metzger.de\/wp-content\/uploads\/2021\/04\/Henkelware-Blick-in-die-Ausstellung-galerie-metzger-gallery-kunst-art-ceramic-keramik-600x400.jpg 600w, https:\/\/www.galerie-metzger.de\/wp-content\/uploads\/2021\/04\/Henkelware-Blick-in-die-Ausstellung-galerie-metzger-gallery-kunst-art-ceramic-keramik-300x200.jpg 300w, https:\/\/www.galerie-metzger.de\/wp-content\/uploads\/2021\/04\/Henkelware-Blick-in-die-Ausstellung-galerie-metzger-gallery-kunst-art-ceramic-keramik-900x600.jpg 900w, https:\/\/www.galerie-metzger.de\/wp-content\/uploads\/2021\/04\/Henkelware-Blick-in-die-Ausstellung-galerie-metzger-gallery-kunst-art-ceramic-keramik-705x470.jpg 705w, https:\/\/www.galerie-metzger.de\/wp-content\/uploads\/2021\/04\/Henkelware-Blick-in-die-Ausstellung-galerie-metzger-gallery-kunst-art-ceramic-keramik-450x300.jpg 450w\" sizes=\"(max-width: 400px) 100vw, 400px\" \/><\/a><\/div><\/div><\/div><\/div><\/div><!--close column table wrapper. Autoclose: 1 --><div class='flex_column_table av-jf3w4f-77f46a1d67ce0e2acbd9952ec63bccd1 sc-av_one_full av-equal-height-column-flextable'>\n<style type=\"text\/css\" data-created_by=\"avia_inline_auto\" id=\"style-css-av-jf3w4f-77f46a1d67ce0e2acbd9952ec63bccd1\">\n.flex_column.av-jf3w4f-77f46a1d67ce0e2acbd9952ec63bccd1{\n-webkit-border-radius:0px 0px 0px 0px;\n-moz-border-radius:0px 0px 0px 0px;\nborder-radius:0px 0px 0px 0px;\n}\n<\/style>\n<div class='flex_column av-jf3w4f-77f46a1d67ce0e2acbd9952ec63bccd1 av_one_full  jo_col_empty first flex_column_table_cell av-equal-height-column av-align-top av-animated-generic fade-in av-zero-column-padding '     ><section  class='av_textblock_section av-h33mnz-85df926b250f443195c65890c49b2553' ><div class='avia_textblock' ><p>invisible placeholder<\/p>\n<\/div><\/section><\/div><\/div><!--close column table wrapper. Autoclose: 1 --><\/div><\/div><\/main><!-- close content main element --><\/div><\/div><div id='sub_menu1'  class='av-submenu-container av-58ujtr-020fba297cc1afa8ff85f782ddfede4f main_color  waypmenu container_wrap fullsize' style='z-index:301' ><div class='container av-menu-mobile-disabled av-submenu-pos-center'><ul id=\"menu-hauptmenue-english\" class=\"av-subnav-menu\"><li role=\"menuitem\" id=\"menu-item-4551\" class=\"mobile menu-item menu-item-type-post_type menu-item-object-page menu-item-top-level menu-item-top-level-1\"><a href=\"https:\/\/www.galerie-metzger.de\/en\/artists\/\" tabindex=\"0\"><span class=\"avia-bullet\"><\/span><span class=\"avia-menu-text\">Artists<\/span><span class=\"avia-menu-fx\"><span class=\"avia-arrow-wrap\"><span class=\"avia-arrow\"><\/span><\/span><\/span><\/a><\/li>\n<li role=\"menuitem\" id=\"menu-item-4553\" class=\"topp main menu-item menu-item-type-post_type menu-item-object-page menu-item-top-level menu-item-top-level-2\"><a href=\"https:\/\/www.galerie-metzger.de\/en\/expo\/\" tabindex=\"0\"><span class=\"avia-bullet\"><\/span><span class=\"avia-menu-text\">Exhibitions<\/span><span class=\"avia-menu-fx\"><span class=\"avia-arrow-wrap\"><span class=\"avia-arrow\"><\/span><\/span><\/span><\/a><\/li>\n<li role=\"menuitem\" id=\"menu-item-4550\" class=\"mobile menu-item menu-item-type-post_type menu-item-object-page menu-item-top-level menu-item-top-level-3\"><a href=\"https:\/\/www.galerie-metzger.de\/en\/sales\/\" tabindex=\"0\"><span class=\"avia-bullet\"><\/span><span class=\"avia-menu-text\">Sales<\/span><span class=\"avia-menu-fx\"><span class=\"avia-arrow-wrap\"><span class=\"avia-arrow\"><\/span><\/span><\/span><\/a><\/li>\n<li role=\"menuitem\" id=\"menu-item-12313\" class=\"mobile menu-item menu-item-type-post_type menu-item-object-post menu-item-top-level menu-item-top-level-4\"><a href=\"https:\/\/www.galerie-metzger.de\/en\/studio-ceramics\/studio-ceramics\/\" tabindex=\"0\"><span class=\"avia-bullet\"><\/span><span class=\"avia-menu-text\">Studio Ceramics<\/span><span class=\"avia-menu-fx\"><span class=\"avia-arrow-wrap\"><span class=\"avia-arrow\"><\/span><\/span><\/span><\/a><\/li>\n<li role=\"menuitem\" id=\"menu-item-10693\" class=\"menu-item menu-item-type-post_type menu-item-object-page menu-item-top-level menu-item-top-level-5\"><a href=\"https:\/\/www.galerie-metzger.de\/en\/ceramics-brands-signatures-stamps\/\" tabindex=\"0\"><span class=\"avia-bullet\"><\/span><span class=\"avia-menu-text\">Signatures<\/span><span class=\"avia-menu-fx\"><span class=\"avia-arrow-wrap\"><span class=\"avia-arrow\"><\/span><\/span><\/span><\/a><\/li>\n<li role=\"menuitem\" id=\"menu-item-4477\" class=\"mobile menu-item menu-item-type-post_type menu-item-object-page menu-item-top-level menu-item-top-level-6\"><a href=\"https:\/\/www.galerie-metzger.de\/en\/homepage\/\" tabindex=\"0\"><span class=\"avia-bullet\"><\/span><span class=\"avia-menu-text\">the Gallery<\/span><span class=\"avia-menu-fx\"><span class=\"avia-arrow-wrap\"><span class=\"avia-arrow\"><\/span><\/span><\/span><\/a><\/li>\n<li role=\"menuitem\" id=\"menu-item-4481\" class=\"mobile menu-item menu-item-type-post_type menu-item-object-page menu-item-top-level menu-item-top-level-7\"><a href=\"https:\/\/www.galerie-metzger.de\/en\/contact\/\" tabindex=\"0\"><span class=\"avia-bullet\"><\/span><span class=\"avia-menu-text\">Contact<\/span><span class=\"avia-menu-fx\"><span class=\"avia-arrow-wrap\"><span class=\"avia-arrow\"><\/span><\/span><\/span><\/a><\/li>\n<li role=\"menuitem\" id=\"menu-item-5936\" class=\"mobile menu-item menu-item-type-custom menu-item-object-custom menu-item-top-level menu-item-top-level-8\"><a href=\"https:\/\/www.galerie-metzger.de\/en\/contact\/#site-notice\" tabindex=\"0\"><span class=\"avia-bullet\"><\/span><span class=\"avia-menu-text\">Site Notice<\/span><span class=\"avia-menu-fx\"><span class=\"avia-arrow-wrap\"><span class=\"avia-arrow\"><\/span><\/span><\/span><\/a><\/li>\n<li role=\"menuitem\" id=\"menu-item-5937\" class=\"mobile menu-item menu-item-type-custom menu-item-object-custom menu-item-top-level menu-item-top-level-9\"><a href=\"https:\/\/www.galerie-metzger.de\/en\/contact\/#data\" tabindex=\"0\"><span class=\"avia-bullet\"><\/span><span class=\"avia-menu-text\">Data Protection<\/span><span class=\"avia-menu-fx\"><span class=\"avia-arrow-wrap\"><span class=\"avia-arrow\"><\/span><\/span><\/span><\/a><\/li>\n<li role=\"menuitem\" id=\"menu-item-4552\" class=\"mobile menu-item menu-item-type-post_type menu-item-object-page menu-item-top-level menu-item-top-level-10\"><a href=\"https:\/\/www.galerie-metzger.de\/en\/links\/\" tabindex=\"0\"><span class=\"avia-bullet\"><\/span><span class=\"avia-menu-text\">Links<\/span><span class=\"avia-menu-fx\"><span class=\"avia-arrow-wrap\"><span class=\"avia-arrow\"><\/span><\/span><\/span><\/a><\/li>\n<li role=\"menuitem\" id=\"menu-item-5124\" class=\"menu_inv mobile menu-item menu-item-type-custom menu-item-object-custom menu-item-top-level menu-item-top-level-11\"><a href=\"#\" tabindex=\"0\"><span class=\"avia-bullet\"><\/span><span class=\"avia-menu-text\"><p class=\"mob_menu dist top\">GALERIE <span class=\"bold\">METZGER<\/span><\/p>  <p class=\"mob_menu\">Angelika Metzger<\/p> <p class=\"mob_menu\">Hauptstr. 18<\/p> <p class=\"mob_menu\">63867 Johannesberg<\/p> <p class=\"mob_menu phone\"><a href=\"tel:00496021460224\">+49 (0)6021 460224<\/a><\/p> <p class=\"mob_menu mail\"><a href=\"mailto:info@galerie-metzger.de\">info@galerie-metzger.de<\/a><\/p><\/span><span class=\"avia-menu-fx\"><span class=\"avia-arrow-wrap\"><span class=\"avia-arrow\"><\/span><\/span><\/span><\/a><\/li>\n<li role=\"menuitem\" id=\"menu-item-wpml-ls-17-de\" class=\"menu-item-language menu-item wpml-ls-slot-17 wpml-ls-item wpml-ls-item-de wpml-ls-menu-item wpml-ls-first-item menu-item-type-wpml_ls_menu_item menu-item-object-wpml_ls_menu_item menu-item-top-level menu-item-top-level-12\"><a title=\"Switch to Deutsch\" href=\"https:\/\/www.galerie-metzger.de\/de\/\" tabindex=\"0\"><span class=\"avia-bullet\"><\/span><span class=\"avia-menu-text\"><span class=\"wpml-ls-native\" lang=\"de\">Deutsch<\/span><\/span><span class=\"avia-menu-fx\"><span class=\"avia-arrow-wrap\"><span class=\"avia-arrow\"><\/span><\/span><\/span><\/a><\/li>\n<li role=\"menuitem\" id=\"menu-item-wpml-ls-17-en\" class=\"menu-item-language menu-item-language-current menu-item wpml-ls-slot-17 wpml-ls-item wpml-ls-item-en wpml-ls-current-language wpml-ls-menu-item wpml-ls-last-item menu-item-type-wpml_ls_menu_item menu-item-object-wpml_ls_menu_item menu-item-top-level menu-item-top-level-13\"><a href=\"https:\/\/www.galerie-metzger.de\/en\/\" tabindex=\"0\"><span class=\"avia-bullet\"><\/span><span class=\"avia-menu-text\"><span class=\"wpml-ls-native\" lang=\"en\">English<\/span><\/span><span class=\"avia-menu-fx\"><span class=\"avia-arrow-wrap\"><span class=\"avia-arrow\"><\/span><\/span><\/span><\/a><\/li>\n<\/ul><\/div><\/div><\/p>\n","protected":false},"excerpt":{"rendered":"<p><span class=\"event_date_preview\">24.03.2021 \u2013 25.04.2021<\/span><br \/>\nCome on, get closer (to me)!<\/p>\n","protected":false},"author":4,"featured_media":8823,"comment_status":"closed","ping_status":"closed","sticky":false,"template":"","format":"standard","meta":{"_lmt_disableupdate":"no","_lmt_disable":"","footnotes":""},"categories":[66,70],"tags":[],"class_list":["post-8787","post","type-post","status-publish","format-standard","has-post-thumbnail","hentry","category-expo","category-expo-past"],"yoast_head":"<!-- This site is optimized with the Yoast SEO plugin v26.8 - https:\/\/yoast.com\/product\/yoast-seo-wordpress\/ -->\n<title>Handled Ware &#8211; GALERIE METZGER<\/title>\n<meta name=\"robots\" content=\"index, follow, max-snippet:-1, max-image-preview:large, max-video-preview:-1\" \/>\n<link rel=\"canonical\" href=\"https:\/\/www.galerie-metzger.de\/en\/expo\/handled-ware\/\" \/>\n<meta property=\"og:locale\" content=\"en_US\" \/>\n<meta property=\"og:type\" content=\"article\" \/>\n<meta property=\"og:title\" content=\"Handled Ware &#8211; GALERIE METZGER\" \/>\n<meta property=\"og:description\" content=\"24.03.2021 \u2013 25.04.2021 Come on, get closer (to me)!\" \/>\n<meta property=\"og:url\" content=\"https:\/\/www.galerie-metzger.de\/en\/expo\/handled-ware\/\" \/>\n<meta property=\"og:site_name\" content=\"GALERIE METZGER\" \/>\n<meta property=\"article:published_time\" content=\"2021-01-12T17:49:15+00:00\" \/>\n<meta property=\"article:modified_time\" content=\"2021-05-29T13:10:33+00:00\" \/>\n<meta property=\"og:image\" content=\"https:\/\/www.galerie-metzger.de\/wp-content\/uploads\/2021\/01\/Karl-Fulle-Bluetenform-galerie-metzger-ceramic-art-object-keramik-kaufen-gallery-plastische-arbeit-skulptur-1030x687.jpg\" \/>\n\t<meta property=\"og:image:width\" content=\"1030\" \/>\n\t<meta property=\"og:image:height\" content=\"687\" \/>\n\t<meta property=\"og:image:type\" content=\"image\/jpeg\" \/>\n<meta name=\"author\" content=\"Angelika Metzger\" \/>\n<meta name=\"twitter:card\" content=\"summary_large_image\" \/>\n<meta name=\"twitter:label1\" content=\"Written by\" \/>\n\t<meta name=\"twitter:data1\" content=\"Angelika Metzger\" \/>\n\t<meta name=\"twitter:label2\" content=\"Est. reading time\" \/>\n\t<meta name=\"twitter:data2\" content=\"82 minutes\" \/>\n<script type=\"application\/ld+json\" class=\"yoast-schema-graph\">{\"@context\":\"https:\/\/schema.org\",\"@graph\":[{\"@type\":\"Article\",\"@id\":\"https:\/\/www.galerie-metzger.de\/en\/expo\/handled-ware\/#article\",\"isPartOf\":{\"@id\":\"https:\/\/www.galerie-metzger.de\/en\/expo\/handled-ware\/\"},\"author\":{\"name\":\"Angelika Metzger\",\"@id\":\"https:\/\/www.galerie-metzger.de\/de\/#\/schema\/person\/de40226dffedff12173595e065b355f4\"},\"headline\":\"Handled Ware\",\"datePublished\":\"2021-01-12T17:49:15+00:00\",\"dateModified\":\"2021-05-29T13:10:33+00:00\",\"mainEntityOfPage\":{\"@id\":\"https:\/\/www.galerie-metzger.de\/en\/expo\/handled-ware\/\"},\"wordCount\":13681,\"publisher\":{\"@id\":\"https:\/\/www.galerie-metzger.de\/de\/#organization\"},\"image\":{\"@id\":\"https:\/\/www.galerie-metzger.de\/en\/expo\/handled-ware\/#primaryimage\"},\"thumbnailUrl\":\"https:\/\/www.galerie-metzger.de\/wp-content\/uploads\/2021\/01\/Karl-Fulle-Bluetenform-galerie-metzger-ceramic-art-object-keramik-kaufen-gallery-plastische-arbeit-skulptur-scaled.jpg\",\"articleSection\":[\"expo\",\"expo-past\"],\"inLanguage\":\"en-US\"},{\"@type\":\"WebPage\",\"@id\":\"https:\/\/www.galerie-metzger.de\/en\/expo\/handled-ware\/\",\"url\":\"https:\/\/www.galerie-metzger.de\/en\/expo\/handled-ware\/\",\"name\":\"Handled Ware &#8211; GALERIE METZGER\",\"isPartOf\":{\"@id\":\"https:\/\/www.galerie-metzger.de\/de\/#website\"},\"primaryImageOfPage\":{\"@id\":\"https:\/\/www.galerie-metzger.de\/en\/expo\/handled-ware\/#primaryimage\"},\"image\":{\"@id\":\"https:\/\/www.galerie-metzger.de\/en\/expo\/handled-ware\/#primaryimage\"},\"thumbnailUrl\":\"https:\/\/www.galerie-metzger.de\/wp-content\/uploads\/2021\/01\/Karl-Fulle-Bluetenform-galerie-metzger-ceramic-art-object-keramik-kaufen-gallery-plastische-arbeit-skulptur-scaled.jpg\",\"datePublished\":\"2021-01-12T17:49:15+00:00\",\"dateModified\":\"2021-05-29T13:10:33+00:00\",\"breadcrumb\":{\"@id\":\"https:\/\/www.galerie-metzger.de\/en\/expo\/handled-ware\/#breadcrumb\"},\"inLanguage\":\"en-US\",\"potentialAction\":[{\"@type\":\"ReadAction\",\"target\":[\"https:\/\/www.galerie-metzger.de\/en\/expo\/handled-ware\/\"]}]},{\"@type\":\"ImageObject\",\"inLanguage\":\"en-US\",\"@id\":\"https:\/\/www.galerie-metzger.de\/en\/expo\/handled-ware\/#primaryimage\",\"url\":\"https:\/\/www.galerie-metzger.de\/wp-content\/uploads\/2021\/01\/Karl-Fulle-Bluetenform-galerie-metzger-ceramic-art-object-keramik-kaufen-gallery-plastische-arbeit-skulptur-scaled.jpg\",\"contentUrl\":\"https:\/\/www.galerie-metzger.de\/wp-content\/uploads\/2021\/01\/Karl-Fulle-Bluetenform-galerie-metzger-ceramic-art-object-keramik-kaufen-gallery-plastische-arbeit-skulptur-scaled.jpg\",\"width\":2560,\"height\":1707,\"caption\":\"Karl Fulle Bluete galerie metzger ceramic art object keramik kaufen gallery plastische arbeit skulptur\"},{\"@type\":\"BreadcrumbList\",\"@id\":\"https:\/\/www.galerie-metzger.de\/en\/expo\/handled-ware\/#breadcrumb\",\"itemListElement\":[{\"@type\":\"ListItem\",\"position\":1,\"name\":\"Startseite\",\"item\":\"https:\/\/www.galerie-metzger.de\/en\/start-20260213-en\/\"},{\"@type\":\"ListItem\",\"position\":2,\"name\":\"Handled Ware\"}]},{\"@type\":\"WebSite\",\"@id\":\"https:\/\/www.galerie-metzger.de\/de\/#website\",\"url\":\"https:\/\/www.galerie-metzger.de\/de\/\",\"name\":\"GALERIE METZGER\",\"description\":\"Keramik \u2013\u00a0Plastik \u2013\u00a0Kunst\",\"publisher\":{\"@id\":\"https:\/\/www.galerie-metzger.de\/de\/#organization\"},\"potentialAction\":[{\"@type\":\"SearchAction\",\"target\":{\"@type\":\"EntryPoint\",\"urlTemplate\":\"https:\/\/www.galerie-metzger.de\/de\/?s={search_term_string}\"},\"query-input\":{\"@type\":\"PropertyValueSpecification\",\"valueRequired\":true,\"valueName\":\"search_term_string\"}}],\"inLanguage\":\"en-US\"},{\"@type\":\"Organization\",\"@id\":\"https:\/\/www.galerie-metzger.de\/de\/#organization\",\"name\":\"GALERIE METZGER\",\"url\":\"https:\/\/www.galerie-metzger.de\/de\/\",\"logo\":{\"@type\":\"ImageObject\",\"inLanguage\":\"en-US\",\"@id\":\"https:\/\/www.galerie-metzger.de\/de\/#\/schema\/logo\/image\/\",\"url\":\"https:\/\/www.galerie-metzger.de\/wp-content\/uploads\/2018\/01\/galerie-metzger_logo_2018.png\",\"contentUrl\":\"https:\/\/www.galerie-metzger.de\/wp-content\/uploads\/2018\/01\/galerie-metzger_logo_2018.png\",\"width\":740,\"height\":340,\"caption\":\"GALERIE METZGER\"},\"image\":{\"@id\":\"https:\/\/www.galerie-metzger.de\/de\/#\/schema\/logo\/image\/\"}},{\"@type\":\"Person\",\"@id\":\"https:\/\/www.galerie-metzger.de\/de\/#\/schema\/person\/de40226dffedff12173595e065b355f4\",\"name\":\"Angelika Metzger\",\"image\":{\"@type\":\"ImageObject\",\"inLanguage\":\"en-US\",\"@id\":\"https:\/\/www.galerie-metzger.de\/de\/#\/schema\/person\/image\/\",\"url\":\"https:\/\/secure.gravatar.com\/avatar\/dcd8c624421a40d9ea1372799a6665c5d7c11319774bd77bb802a0c8910009e0?s=96&d=mm&r=g\",\"contentUrl\":\"https:\/\/secure.gravatar.com\/avatar\/dcd8c624421a40d9ea1372799a6665c5d7c11319774bd77bb802a0c8910009e0?s=96&d=mm&r=g\",\"caption\":\"Angelika Metzger\"},\"sameAs\":[\"http:\/\/www.galerie-metzger.de\"]}]}<\/script>\n<!-- \/ Yoast SEO plugin. -->","yoast_head_json":{"title":"Handled Ware &#8211; GALERIE METZGER","robots":{"index":"index","follow":"follow","max-snippet":"max-snippet:-1","max-image-preview":"max-image-preview:large","max-video-preview":"max-video-preview:-1"},"canonical":"https:\/\/www.galerie-metzger.de\/en\/expo\/handled-ware\/","og_locale":"en_US","og_type":"article","og_title":"Handled Ware &#8211; GALERIE METZGER","og_description":"24.03.2021 \u2013 25.04.2021 Come on, get closer (to me)!","og_url":"https:\/\/www.galerie-metzger.de\/en\/expo\/handled-ware\/","og_site_name":"GALERIE METZGER","article_published_time":"2021-01-12T17:49:15+00:00","article_modified_time":"2021-05-29T13:10:33+00:00","og_image":[{"width":1030,"height":687,"url":"https:\/\/www.galerie-metzger.de\/wp-content\/uploads\/2021\/01\/Karl-Fulle-Bluetenform-galerie-metzger-ceramic-art-object-keramik-kaufen-gallery-plastische-arbeit-skulptur-1030x687.jpg","type":"image\/jpeg"}],"author":"Angelika Metzger","twitter_card":"summary_large_image","twitter_misc":{"Written by":"Angelika Metzger","Est. reading time":"82 minutes"},"schema":{"@context":"https:\/\/schema.org","@graph":[{"@type":"Article","@id":"https:\/\/www.galerie-metzger.de\/en\/expo\/handled-ware\/#article","isPartOf":{"@id":"https:\/\/www.galerie-metzger.de\/en\/expo\/handled-ware\/"},"author":{"name":"Angelika Metzger","@id":"https:\/\/www.galerie-metzger.de\/de\/#\/schema\/person\/de40226dffedff12173595e065b355f4"},"headline":"Handled Ware","datePublished":"2021-01-12T17:49:15+00:00","dateModified":"2021-05-29T13:10:33+00:00","mainEntityOfPage":{"@id":"https:\/\/www.galerie-metzger.de\/en\/expo\/handled-ware\/"},"wordCount":13681,"publisher":{"@id":"https:\/\/www.galerie-metzger.de\/de\/#organization"},"image":{"@id":"https:\/\/www.galerie-metzger.de\/en\/expo\/handled-ware\/#primaryimage"},"thumbnailUrl":"https:\/\/www.galerie-metzger.de\/wp-content\/uploads\/2021\/01\/Karl-Fulle-Bluetenform-galerie-metzger-ceramic-art-object-keramik-kaufen-gallery-plastische-arbeit-skulptur-scaled.jpg","articleSection":["expo","expo-past"],"inLanguage":"en-US"},{"@type":"WebPage","@id":"https:\/\/www.galerie-metzger.de\/en\/expo\/handled-ware\/","url":"https:\/\/www.galerie-metzger.de\/en\/expo\/handled-ware\/","name":"Handled Ware &#8211; GALERIE METZGER","isPartOf":{"@id":"https:\/\/www.galerie-metzger.de\/de\/#website"},"primaryImageOfPage":{"@id":"https:\/\/www.galerie-metzger.de\/en\/expo\/handled-ware\/#primaryimage"},"image":{"@id":"https:\/\/www.galerie-metzger.de\/en\/expo\/handled-ware\/#primaryimage"},"thumbnailUrl":"https:\/\/www.galerie-metzger.de\/wp-content\/uploads\/2021\/01\/Karl-Fulle-Bluetenform-galerie-metzger-ceramic-art-object-keramik-kaufen-gallery-plastische-arbeit-skulptur-scaled.jpg","datePublished":"2021-01-12T17:49:15+00:00","dateModified":"2021-05-29T13:10:33+00:00","breadcrumb":{"@id":"https:\/\/www.galerie-metzger.de\/en\/expo\/handled-ware\/#breadcrumb"},"inLanguage":"en-US","potentialAction":[{"@type":"ReadAction","target":["https:\/\/www.galerie-metzger.de\/en\/expo\/handled-ware\/"]}]},{"@type":"ImageObject","inLanguage":"en-US","@id":"https:\/\/www.galerie-metzger.de\/en\/expo\/handled-ware\/#primaryimage","url":"https:\/\/www.galerie-metzger.de\/wp-content\/uploads\/2021\/01\/Karl-Fulle-Bluetenform-galerie-metzger-ceramic-art-object-keramik-kaufen-gallery-plastische-arbeit-skulptur-scaled.jpg","contentUrl":"https:\/\/www.galerie-metzger.de\/wp-content\/uploads\/2021\/01\/Karl-Fulle-Bluetenform-galerie-metzger-ceramic-art-object-keramik-kaufen-gallery-plastische-arbeit-skulptur-scaled.jpg","width":2560,"height":1707,"caption":"Karl Fulle Bluete galerie metzger ceramic art object keramik kaufen gallery plastische arbeit skulptur"},{"@type":"BreadcrumbList","@id":"https:\/\/www.galerie-metzger.de\/en\/expo\/handled-ware\/#breadcrumb","itemListElement":[{"@type":"ListItem","position":1,"name":"Startseite","item":"https:\/\/www.galerie-metzger.de\/en\/start-20260213-en\/"},{"@type":"ListItem","position":2,"name":"Handled Ware"}]},{"@type":"WebSite","@id":"https:\/\/www.galerie-metzger.de\/de\/#website","url":"https:\/\/www.galerie-metzger.de\/de\/","name":"GALERIE METZGER","description":"Keramik \u2013\u00a0Plastik \u2013\u00a0Kunst","publisher":{"@id":"https:\/\/www.galerie-metzger.de\/de\/#organization"},"potentialAction":[{"@type":"SearchAction","target":{"@type":"EntryPoint","urlTemplate":"https:\/\/www.galerie-metzger.de\/de\/?s={search_term_string}"},"query-input":{"@type":"PropertyValueSpecification","valueRequired":true,"valueName":"search_term_string"}}],"inLanguage":"en-US"},{"@type":"Organization","@id":"https:\/\/www.galerie-metzger.de\/de\/#organization","name":"GALERIE METZGER","url":"https:\/\/www.galerie-metzger.de\/de\/","logo":{"@type":"ImageObject","inLanguage":"en-US","@id":"https:\/\/www.galerie-metzger.de\/de\/#\/schema\/logo\/image\/","url":"https:\/\/www.galerie-metzger.de\/wp-content\/uploads\/2018\/01\/galerie-metzger_logo_2018.png","contentUrl":"https:\/\/www.galerie-metzger.de\/wp-content\/uploads\/2018\/01\/galerie-metzger_logo_2018.png","width":740,"height":340,"caption":"GALERIE METZGER"},"image":{"@id":"https:\/\/www.galerie-metzger.de\/de\/#\/schema\/logo\/image\/"}},{"@type":"Person","@id":"https:\/\/www.galerie-metzger.de\/de\/#\/schema\/person\/de40226dffedff12173595e065b355f4","name":"Angelika Metzger","image":{"@type":"ImageObject","inLanguage":"en-US","@id":"https:\/\/www.galerie-metzger.de\/de\/#\/schema\/person\/image\/","url":"https:\/\/secure.gravatar.com\/avatar\/dcd8c624421a40d9ea1372799a6665c5d7c11319774bd77bb802a0c8910009e0?s=96&d=mm&r=g","contentUrl":"https:\/\/secure.gravatar.com\/avatar\/dcd8c624421a40d9ea1372799a6665c5d7c11319774bd77bb802a0c8910009e0?s=96&d=mm&r=g","caption":"Angelika Metzger"},"sameAs":["http:\/\/www.galerie-metzger.de"]}]}},"modified_by":"Jochen Hilmer","_links":{"self":[{"href":"https:\/\/www.galerie-metzger.de\/en\/wp-json\/wp\/v2\/posts\/8787","targetHints":{"allow":["GET"]}}],"collection":[{"href":"https:\/\/www.galerie-metzger.de\/en\/wp-json\/wp\/v2\/posts"}],"about":[{"href":"https:\/\/www.galerie-metzger.de\/en\/wp-json\/wp\/v2\/types\/post"}],"author":[{"embeddable":true,"href":"https:\/\/www.galerie-metzger.de\/en\/wp-json\/wp\/v2\/users\/4"}],"replies":[{"embeddable":true,"href":"https:\/\/www.galerie-metzger.de\/en\/wp-json\/wp\/v2\/comments?post=8787"}],"version-history":[{"count":0,"href":"https:\/\/www.galerie-metzger.de\/en\/wp-json\/wp\/v2\/posts\/8787\/revisions"}],"wp:featuredmedia":[{"embeddable":true,"href":"https:\/\/www.galerie-metzger.de\/en\/wp-json\/wp\/v2\/media\/8823"}],"wp:attachment":[{"href":"https:\/\/www.galerie-metzger.de\/en\/wp-json\/wp\/v2\/media?parent=8787"}],"wp:term":[{"taxonomy":"category","embeddable":true,"href":"https:\/\/www.galerie-metzger.de\/en\/wp-json\/wp\/v2\/categories?post=8787"},{"taxonomy":"post_tag","embeddable":true,"href":"https:\/\/www.galerie-metzger.de\/en\/wp-json\/wp\/v2\/tags?post=8787"}],"curies":[{"name":"wp","href":"https:\/\/api.w.org\/{rel}","templated":true}]}}