{"id":12755,"date":"2024-08-30T14:00:35","date_gmt":"2024-08-30T12:00:35","guid":{"rendered":"https:\/\/www.galerie-metzger.de\/uncategorized\/tee-hier-weiter-arbeiten\/"},"modified":"2024-10-17T18:08:21","modified_gmt":"2024-10-17T16:08:21","slug":"tea-june","status":"publish","type":"post","link":"https:\/\/www.galerie-metzger.de\/en\/uncategorized\/tea-june\/","title":{"rendered":"TEA \u2013\u00a0June"},"content":{"rendered":"<div id='topp'  class='avia-section av-1xfthkb-26280551945384f60ad40a8e2f7104b6 main_color avia-section-no-padding avia-no-border-styling  avia-builder-el-0  el_before_av_section  avia-builder-el-first  avia-bg-style-scroll container_wrap fullsize'  ><div class='container av-section-cont-open' ><main  class='template-page content  av-content-full alpha units'><div class='post-entry post-entry-type-page post-entry-12755'><div class='entry-content-wrapper clearfix'>\n\n<style type=\"text\/css\" data-created_by=\"avia_inline_auto\" id=\"style-css-av-13puvcn-cf76ff4a0f19b13e472f23d7bccce410\">\n.flex_column.av-13puvcn-cf76ff4a0f19b13e472f23d7bccce410{\n-webkit-border-radius:0px 0px 0px 0px;\n-moz-border-radius:0px 0px 0px 0px;\nborder-radius:0px 0px 0px 0px;\n}\n<\/style>\n<div class='flex_column av-13puvcn-cf76ff4a0f19b13e472f23d7bccce410 av_one_full  avia-builder-el-1  el_before_av_one_full  avia-builder-el-first  jo_col_page_title first no_margin flex_column_div av-animated-generic fade-in av-zero-column-padding '     ><p>\n<style type=\"text\/css\" data-created_by=\"avia_inline_auto\" id=\"style-css-av-rivz13-a5f8cffb8b73fa20cb9a19727ac9f68a\">\n#top .hr.hr-invisible.av-rivz13-a5f8cffb8b73fa20cb9a19727ac9f68a{\nheight:96px;\n}\n<\/style>\n<div  class='hr av-rivz13-a5f8cffb8b73fa20cb9a19727ac9f68a hr-invisible  avia-builder-el-2  el_before_av_textblock  avia-builder-el-first '><span class='hr-inner '><span class=\"hr-inner-style\"><\/span><\/span><\/div><br \/>\n<section  class='av_textblock_section av-lrb0aw3n-dbb6df09c893d6507b92acef8e0a9109' ><div class='avia_textblock' ><h1>TEA<\/h1>\n<\/div><\/section><\/p><\/div>\n<style type=\"text\/css\" data-created_by=\"avia_inline_auto\" id=\"style-css-av-1ukr517-50ad893f2a17f515642f22c79fbc5c2e\">\n.flex_column.av-1ukr517-50ad893f2a17f515642f22c79fbc5c2e{\n-webkit-border-radius:0px 0px 0px 0px;\n-moz-border-radius:0px 0px 0px 0px;\nborder-radius:0px 0px 0px 0px;\n}\n<\/style>\n<div class='flex_column av-1ukr517-50ad893f2a17f515642f22c79fbc5c2e av_one_full  avia-builder-el-4  el_after_av_one_full  avia-builder-el-last  jo_col_page_title first no_margin flex_column_div av-animated-generic fade-in av-zero-column-padding column-top-margin'     ><p>\n<style type=\"text\/css\" data-created_by=\"avia_inline_auto\" id=\"style-css-av-kq1v5v5a-5274d25489657404f28c5db9921b6e9b\">\n.avia-image-container.av-kq1v5v5a-5274d25489657404f28c5db9921b6e9b img.avia_image{\nbox-shadow:none;\n}\n.avia-image-container.av-kq1v5v5a-5274d25489657404f28c5db9921b6e9b .av-caption-image-overlay-bg{\nopacity:0.4;\n}\n<\/style>\n<div  class='avia-image-container av-kq1v5v5a-5274d25489657404f28c5db9921b6e9b av-styling-no-styling avia_animated_image av-animated-when-visible-95 fade-in avia-align-left  avia-builder-el-5  el_before_av_textblock  avia-builder-el-first  jo_pf_bild noHover av-overlay-hover-deactivate'  ><div class=\"avia-image-container-inner\"><div class=\"avia-image-overlay-wrap\"><a href=\"https:\/\/www.galerie-metzger.de\/wp-content\/uploads\/2024\/01\/Julien-Stair-Two-cups-on-a-ground-galerie-metzger-gallery-sculpture-ceramic-art-object-buy-start-page-03-1030x687.jpg\" data-srcset=\"https:\/\/www.galerie-metzger.de\/wp-content\/uploads\/2024\/01\/Julien-Stair-Two-cups-on-a-ground-galerie-metzger-gallery-sculpture-ceramic-art-object-buy-start-page-03-1030x687.jpg 1030w, https:\/\/www.galerie-metzger.de\/wp-content\/uploads\/2024\/01\/Julien-Stair-Two-cups-on-a-ground-galerie-metzger-gallery-sculpture-ceramic-art-object-buy-start-page-03-690x460.jpg 690w, https:\/\/www.galerie-metzger.de\/wp-content\/uploads\/2024\/01\/Julien-Stair-Two-cups-on-a-ground-galerie-metzger-gallery-sculpture-ceramic-art-object-buy-start-page-03-768x512.jpg 768w, https:\/\/www.galerie-metzger.de\/wp-content\/uploads\/2024\/01\/Julien-Stair-Two-cups-on-a-ground-galerie-metzger-gallery-sculpture-ceramic-art-object-buy-start-page-03-1536x1024.jpg 1536w, https:\/\/www.galerie-metzger.de\/wp-content\/uploads\/2024\/01\/Julien-Stair-Two-cups-on-a-ground-galerie-metzger-gallery-sculpture-ceramic-art-object-buy-start-page-03-2048x1365.jpg 2048w, https:\/\/www.galerie-metzger.de\/wp-content\/uploads\/2024\/01\/Julien-Stair-Two-cups-on-a-ground-galerie-metzger-gallery-sculpture-ceramic-art-object-buy-start-page-03-1500x1000.jpg 1500w, https:\/\/www.galerie-metzger.de\/wp-content\/uploads\/2024\/01\/Julien-Stair-Two-cups-on-a-ground-galerie-metzger-gallery-sculpture-ceramic-art-object-buy-start-page-03-705x470.jpg 705w\" data-sizes=\"(max-width: 1030px) 100vw, 1030px\" class='avia_image' ><div class=\"av-image-caption-overlay\"><div class=\"av-caption-image-overlay-bg\"><\/div><div class=\"av-image-caption-overlay-position\"><div class=\"av-image-caption-overlay-center\"><p>Julien Stair \u2013 Two Cups on a Ground \u2013 2019, 18,5x20x10,5 cm, Foto: Edi Baumann<\/p>\n<\/div><\/div><\/div><img decoding=\"async\" class='wp-image-12590 avia-img-lazy-loading-not-12590 avia_image ' src=\"https:\/\/www.galerie-metzger.de\/wp-content\/uploads\/2024\/01\/Julien-Stair-Two-cups-on-a-ground-galerie-metzger-gallery-sculpture-ceramic-art-object-buy-start-page-03-scaled.jpg\" alt='' title='Julian-Stair-Two-cups-on-a-ground-galerie-metzger-gallery-sculpture-ceramic-art-object-buy-start-page-03'  height=\"1707\" width=\"2560\" srcset=\"https:\/\/www.galerie-metzger.de\/wp-content\/uploads\/2024\/01\/Julien-Stair-Two-cups-on-a-ground-galerie-metzger-gallery-sculpture-ceramic-art-object-buy-start-page-03-scaled.jpg 2560w, https:\/\/www.galerie-metzger.de\/wp-content\/uploads\/2024\/01\/Julien-Stair-Two-cups-on-a-ground-galerie-metzger-gallery-sculpture-ceramic-art-object-buy-start-page-03-690x460.jpg 690w, https:\/\/www.galerie-metzger.de\/wp-content\/uploads\/2024\/01\/Julien-Stair-Two-cups-on-a-ground-galerie-metzger-gallery-sculpture-ceramic-art-object-buy-start-page-03-1030x687.jpg 1030w, https:\/\/www.galerie-metzger.de\/wp-content\/uploads\/2024\/01\/Julien-Stair-Two-cups-on-a-ground-galerie-metzger-gallery-sculpture-ceramic-art-object-buy-start-page-03-768x512.jpg 768w, https:\/\/www.galerie-metzger.de\/wp-content\/uploads\/2024\/01\/Julien-Stair-Two-cups-on-a-ground-galerie-metzger-gallery-sculpture-ceramic-art-object-buy-start-page-03-1536x1024.jpg 1536w, https:\/\/www.galerie-metzger.de\/wp-content\/uploads\/2024\/01\/Julien-Stair-Two-cups-on-a-ground-galerie-metzger-gallery-sculpture-ceramic-art-object-buy-start-page-03-2048x1365.jpg 2048w, https:\/\/www.galerie-metzger.de\/wp-content\/uploads\/2024\/01\/Julien-Stair-Two-cups-on-a-ground-galerie-metzger-gallery-sculpture-ceramic-art-object-buy-start-page-03-1500x1000.jpg 1500w, https:\/\/www.galerie-metzger.de\/wp-content\/uploads\/2024\/01\/Julien-Stair-Two-cups-on-a-ground-galerie-metzger-gallery-sculpture-ceramic-art-object-buy-start-page-03-705x470.jpg 705w\" sizes=\"(max-width: 2560px) 100vw, 2560px\" \/><\/a><\/div><\/div><\/div><br \/>\n<section  class='av_textblock_section av-kq1v7dg6-25fb53f4c50bd34982ae7e9cc431a36f' ><div class='avia_textblock jo_werk_anfrage' ><p><a class=\"anfrage\" href=\"mailto:info@galerie-metzger.de?subject=Julian%20Stair%20Two%20Cups%20on%20a%20Ground%20\">request information<\/a><\/p>\n<\/div><\/section><\/p><\/div>\n\n<\/div><\/div><\/main><!-- close content main element --><\/div><\/div><div id='av_section_2'  class='avia-section av-2va8sji1-cb9a86355f975aec2b00c7a06d52ac6f main_color avia-section-default avia-no-border-styling  avia-builder-el-7  el_after_av_section  el_before_av_section  topp avia-bg-style-scroll container_wrap fullsize'  ><div class='container av-section-cont-open' ><div class='template-page content  av-content-full alpha units'><div class='post-entry post-entry-type-page post-entry-12755'><div class='entry-content-wrapper clearfix'>\n<div class='flex_column_table av-1ji8uzf-73b367786462d8d8343183b81765ab62 sc-av_four_fifth av-equal-height-column-flextable'>\n<style type=\"text\/css\" data-created_by=\"avia_inline_auto\" id=\"style-css-av-1ji8uzf-73b367786462d8d8343183b81765ab62\">\n.flex_column.av-1ji8uzf-73b367786462d8d8343183b81765ab62{\n-webkit-border-radius:0px 0px 0px 0px;\n-moz-border-radius:0px 0px 0px 0px;\nborder-radius:0px 0px 0px 0px;\n}\n<\/style>\n<div class='flex_column av-1ji8uzf-73b367786462d8d8343183b81765ab62 av_four_fifth  avia-builder-el-8  el_before_av_four_fifth  avia-builder-el-first  jo_col_head first no_margin flex_column_table_cell av-equal-height-column av-align-middle av-animated-generic fade-in av-zero-column-padding '     ><p><section  class='av_textblock_section av-9r9b0l-f0d5cfe9ef05262452a83e6948e70882' ><div class='avia_textblock event_date_off' ><p>27.10.2024 &#8211; 17.11.2024<\/p>\n<\/div><\/section><br \/>\n<section  class='av_textblock_section av-lrb0b8o2-bedafdad2762d387f4036602df749446' ><div class='avia_textblock event_date_off' ><h1>TEA<\/h1>\n<\/div><\/section><br \/>\n<section  class='av_textblock_section av-llm7rdzy-87b65432f18fefe3189a09117bbe59fb' ><div class='avia_textblock' ><p>with Kerstin Abraham \u00b7 Emmanuel Alexia \u00b7 Ute Brade \u00b7 Peter Callas \u00b7 Claude Champy \u00b7 Nani Champy Schott \u00b7 Margaret Curtis \u00b7 Pascal Geoffroy \u00b7 Lena Kaapke \u00b7 Young-Jae Lee<strong> \u00b7<\/strong> Uwe L\u00f6llmann \u00b7 Keramische Werkstatt Margaretenh\u00f6he \u00b7 Helmut Menzel \u00b7 Sebastian Pertl \u00b7 Laetitia Pineda \u00b7 Sebastian Scheid \u00b7 Iris Sch\u00f6ne \u00b7 Julian Stair \u00b7 Volker Tiemann \u00b7 Gotlind Weigel \u00b7 Masamichi Yoshikawa<\/p>\n<\/div><\/section><\/p><\/div><\/div><!--close column table wrapper. Autoclose: 1 -->\n<style type=\"text\/css\" data-created_by=\"avia_inline_auto\" id=\"style-css-av-yxwvuf-70b0e2af71de3feb2a269ea71dd95899\">\n.flex_column.av-yxwvuf-70b0e2af71de3feb2a269ea71dd95899{\n-webkit-border-radius:0px 0px 0px 0px;\n-moz-border-radius:0px 0px 0px 0px;\nborder-radius:0px 0px 0px 0px;\n}\n<\/style>\n<div class='flex_column av-yxwvuf-70b0e2af71de3feb2a269ea71dd95899 av_four_fifth  avia-builder-el-12  el_after_av_four_fifth  el_before_av_four_fifth  jo_col_head first no_margin flex_column_div av-animated-generic fade-in av-zero-column-padding '     ><section  class='av_textblock_section av-llm5ijf4-9d68067f7d3167b2c2718258fbaf6b9e' ><div class='avia_textblock' ><p>Exhibition opening on Sunday, 27 October 2024. The gallery is open from 11 a.m. \u2013 5 p.m.<\/p>\n<\/div><\/section><\/div>\n<style type=\"text\/css\" data-created_by=\"avia_inline_auto\" id=\"style-css-av-mjuxoy-dfadb213e99c9528e30e4e28427779bc\">\n.flex_column.av-mjuxoy-dfadb213e99c9528e30e4e28427779bc{\n-webkit-border-radius:0px 0px 0px 0px;\n-moz-border-radius:0px 0px 0px 0px;\nborder-radius:0px 0px 0px 0px;\n}\n<\/style>\n<div class='flex_column av-mjuxoy-dfadb213e99c9528e30e4e28427779bc av_four_fifth  avia-builder-el-14  el_after_av_four_fifth  el_before_av_four_fifth  jo_col_head first no_margin flex_column_div av-animated-generic fade-in av-zero-column-padding '     ><section  class='av_textblock_section av-ly5y3jlr-716c94463db20e7fbd60747d0706d122' ><div class='avia_textblock' ><p>Small tea ceremony on Sonntag, 27.October.2024 um 4 p.m.. By prior appointment only.<\/p>\n<\/div><\/section><\/div>\n<style type=\"text\/css\" data-created_by=\"avia_inline_auto\" id=\"style-css-av-yrf9cn-12553cecc2ef7ebc2dc5e1eebee8080d\">\n.flex_column.av-yrf9cn-12553cecc2ef7ebc2dc5e1eebee8080d{\n-webkit-border-radius:0px 0px 0px 0px;\n-moz-border-radius:0px 0px 0px 0px;\nborder-radius:0px 0px 0px 0px;\n}\n<\/style>\n<div class='flex_column av-yrf9cn-12553cecc2ef7ebc2dc5e1eebee8080d av_four_fifth  avia-builder-el-16  el_after_av_four_fifth  avia-builder-el-last  jo_col_head first no_margin flex_column_div av-animated-generic fade-in av-zero-column-padding '     ><section  class='av_textblock_section av-wdxevr-c9ff75289e310983556b901b7c332044' ><div class='avia_textblock' ><p><strong>The exhibition is open <\/strong><\/p>\n<ul>\n<li>Wednesday 14.30 \u2013 19.00<\/li>\n<li>Saturday, 2.30 \u2013 6 p.m.<\/li>\n<li>Sunday 11.00 \u2013 17.00<\/li>\n<\/ul>\n<p> and by appointment: <\/p>\n<ul>\n<li>Phone: <a title=\"\" href=\"tel:004906021460224\">+49 (0)6021 460224<\/a><\/li>\n<li>E-Mai: <a title=\"\" href=\"mailto:info@galerie-metzger.de\">info@galerie-metzger.de<\/a><\/li>\n<\/ul>\n<\/div><\/section><\/div>\n\n<\/div><\/div><\/div><!-- close content main div --><\/div><\/div><div id='av_section_3'  class='avia-section av-2p1tzcm1-a41b24b1a71039782ac21ee9a4ed7a86 main_color avia-section-no-padding avia-no-border-styling  avia-builder-el-18  el_after_av_section  el_before_av_submenu  topp avia-bg-style-scroll container_wrap fullsize'  ><div class='container av-section-cont-open' ><div class='template-page content  av-content-full alpha units'><div class='post-entry post-entry-type-page post-entry-12755'><div class='entry-content-wrapper clearfix'>\n\n<style type=\"text\/css\" data-created_by=\"avia_inline_auto\" id=\"style-css-av-9mscjzm-9b1bc12ef196ccad13c50175000a6cb8\">\n.flex_column.av-9mscjzm-9b1bc12ef196ccad13c50175000a6cb8{\n-webkit-border-radius:0px 0px 0px 0px;\n-moz-border-radius:0px 0px 0px 0px;\nborder-radius:0px 0px 0px 0px;\n}\n<\/style>\n<div class='flex_column av-9mscjzm-9b1bc12ef196ccad13c50175000a6cb8 av_one_half  avia-builder-el-19  el_before_av_one_half  avia-builder-el-first  jo_pf_bild_bg first flex_column_div av-animated-generic fade-in av-zero-column-padding '     ><p>\n<style type=\"text\/css\" data-created_by=\"avia_inline_auto\" id=\"style-css-av-lyegdbe5-11582e4e58092092e73b91c05917879f\">\n.avia-image-container.av-lyegdbe5-11582e4e58092092e73b91c05917879f img.avia_image{\nbox-shadow:none;\n}\n.avia-image-container.av-lyegdbe5-11582e4e58092092e73b91c05917879f .av-caption-image-overlay-bg{\nopacity:0.4;\n}\n<\/style>\n<div  class='avia-image-container av-lyegdbe5-11582e4e58092092e73b91c05917879f av-styling-no-styling avia_animated_image av-animated-when-visible-95 fade-in avia-align-left  avia-builder-el-20  el_before_av_textblock  avia-builder-el-first  jo_pf_bild noHover av-overlay-hover-deactivate'  ><div class=\"avia-image-container-inner\"><div class=\"avia-image-overlay-wrap\"><a href=\"https:\/\/www.galerie-metzger.de\/wp-content\/uploads\/2024\/07\/Kerstin-Abraham-Teetisch-fuer-Kaethe-Bollhagen-galerie-metzger-jpg-1030x687.jpg\" data-srcset=\"https:\/\/www.galerie-metzger.de\/wp-content\/uploads\/2024\/07\/Kerstin-Abraham-Teetisch-fuer-Kaethe-Bollhagen-galerie-metzger-jpg-1030x687.jpg 1030w, https:\/\/www.galerie-metzger.de\/wp-content\/uploads\/2024\/07\/Kerstin-Abraham-Teetisch-fuer-Kaethe-Bollhagen-galerie-metzger-jpg-690x460.jpg 690w, https:\/\/www.galerie-metzger.de\/wp-content\/uploads\/2024\/07\/Kerstin-Abraham-Teetisch-fuer-Kaethe-Bollhagen-galerie-metzger-jpg-768x512.jpg 768w, https:\/\/www.galerie-metzger.de\/wp-content\/uploads\/2024\/07\/Kerstin-Abraham-Teetisch-fuer-Kaethe-Bollhagen-galerie-metzger-jpg-1536x1024.jpg 1536w, https:\/\/www.galerie-metzger.de\/wp-content\/uploads\/2024\/07\/Kerstin-Abraham-Teetisch-fuer-Kaethe-Bollhagen-galerie-metzger-jpg-2048x1365.jpg 2048w, https:\/\/www.galerie-metzger.de\/wp-content\/uploads\/2024\/07\/Kerstin-Abraham-Teetisch-fuer-Kaethe-Bollhagen-galerie-metzger-jpg-1500x1000.jpg 1500w, https:\/\/www.galerie-metzger.de\/wp-content\/uploads\/2024\/07\/Kerstin-Abraham-Teetisch-fuer-Kaethe-Bollhagen-galerie-metzger-jpg-705x470.jpg 705w\" data-sizes=\"(max-width: 1030px) 100vw, 1030px\" class='avia_image' ><div class=\"av-image-caption-overlay\"><div class=\"av-caption-image-overlay-bg\"><\/div><div class=\"av-image-caption-overlay-position\"><div class=\"av-image-caption-overlay-center\"><p>Kerstin Abraham \u2013 Tea table for Hedwig Bollhagen \u2013 2009, 82x56x76 cm, Foto: Wolf Abraham<\/p>\n<\/div><\/div><\/div><img decoding=\"async\" class='wp-image-12454 avia-img-lazy-loading-not-12454 avia_image ' src=\"https:\/\/www.galerie-metzger.de\/wp-content\/uploads\/2024\/07\/Kerstin-Abraham-Teetisch-fuer-Kaethe-Bollhagen-galerie-metzger-jpg-690x460.jpg\" alt='Kerstin Abraham - Teetisch fuer Kaethe Bollhagen' title='Kerstin Abraham - Teetisch fuer Kaethe Bollhagen'  height=\"460\" width=\"690\" srcset=\"https:\/\/www.galerie-metzger.de\/wp-content\/uploads\/2024\/07\/Kerstin-Abraham-Teetisch-fuer-Kaethe-Bollhagen-galerie-metzger-jpg-690x460.jpg 690w, https:\/\/www.galerie-metzger.de\/wp-content\/uploads\/2024\/07\/Kerstin-Abraham-Teetisch-fuer-Kaethe-Bollhagen-galerie-metzger-jpg-1030x687.jpg 1030w, https:\/\/www.galerie-metzger.de\/wp-content\/uploads\/2024\/07\/Kerstin-Abraham-Teetisch-fuer-Kaethe-Bollhagen-galerie-metzger-jpg-768x512.jpg 768w, https:\/\/www.galerie-metzger.de\/wp-content\/uploads\/2024\/07\/Kerstin-Abraham-Teetisch-fuer-Kaethe-Bollhagen-galerie-metzger-jpg-1536x1024.jpg 1536w, https:\/\/www.galerie-metzger.de\/wp-content\/uploads\/2024\/07\/Kerstin-Abraham-Teetisch-fuer-Kaethe-Bollhagen-galerie-metzger-jpg-2048x1365.jpg 2048w, https:\/\/www.galerie-metzger.de\/wp-content\/uploads\/2024\/07\/Kerstin-Abraham-Teetisch-fuer-Kaethe-Bollhagen-galerie-metzger-jpg-1500x1000.jpg 1500w, https:\/\/www.galerie-metzger.de\/wp-content\/uploads\/2024\/07\/Kerstin-Abraham-Teetisch-fuer-Kaethe-Bollhagen-galerie-metzger-jpg-705x470.jpg 705w\" sizes=\"(max-width: 690px) 100vw, 690px\" \/><\/a><\/div><\/div><\/div><br \/>\n<section  class='av_textblock_section av-lyegmz2m-558881f138eb92242fa8378addbb36a8' ><div class='avia_textblock jo_werk_anfrage lang sehr' ><p><a class=\"anfrage\" href=\"mailto:info@galerie-metzger.de?subject=Kerstin%20Abraham%20Teetisch%20fuer%20Hedwig%20Bollhagen%202009\">request information<\/a><\/p>\n<\/div><\/section><\/p><\/div>\n<style type=\"text\/css\" data-created_by=\"avia_inline_auto\" id=\"style-css-av-3kym5x3-b7599de154899ac6f74ffdea8d488ce7\">\n.flex_column.av-3kym5x3-b7599de154899ac6f74ffdea8d488ce7{\n-webkit-border-radius:0px 0px 0px 0px;\n-moz-border-radius:0px 0px 0px 0px;\nborder-radius:0px 0px 0px 0px;\n}\n<\/style>\n<div class='flex_column av-3kym5x3-b7599de154899ac6f74ffdea8d488ce7 av_one_half  avia-builder-el-22  el_after_av_one_half  el_before_av_one_half  jo_pf_bild_bg flex_column_div av-animated-generic fade-in av-zero-column-padding '     ><p>\n<style type=\"text\/css\" data-created_by=\"avia_inline_auto\" id=\"style-css-av-lljm35wf-dca08c721212cb4d7535422d462ff488\">\n.avia-image-container.av-lljm35wf-dca08c721212cb4d7535422d462ff488 img.avia_image{\nbox-shadow:none;\n}\n.avia-image-container.av-lljm35wf-dca08c721212cb4d7535422d462ff488 .av-caption-image-overlay-bg{\nopacity:0.4;\n}\n<\/style>\n<div  class='avia-image-container av-lljm35wf-dca08c721212cb4d7535422d462ff488 av-styling-no-styling avia_animated_image av-animated-when-visible-95 fade-in avia-align-left  avia-builder-el-23  el_before_av_textblock  avia-builder-el-first  jo_pf_bild noHover av-overlay-hover-deactivate'  ><div class=\"avia-image-container-inner\"><div class=\"avia-image-overlay-wrap\"><a href=\"https:\/\/www.galerie-metzger.de\/wp-content\/uploads\/2024\/07\/Kerstin-Abraham-Teetisch-fuer-Kaethe-Bollhagen-galerie-metzger-gallery-ceramic-art-object-jpg-1030x687.jpg\" data-srcset=\"https:\/\/www.galerie-metzger.de\/wp-content\/uploads\/2024\/07\/Kerstin-Abraham-Teetisch-fuer-Kaethe-Bollhagen-galerie-metzger-gallery-ceramic-art-object-jpg-1030x687.jpg 1030w, https:\/\/www.galerie-metzger.de\/wp-content\/uploads\/2024\/07\/Kerstin-Abraham-Teetisch-fuer-Kaethe-Bollhagen-galerie-metzger-gallery-ceramic-art-object-jpg-690x460.jpg 690w, https:\/\/www.galerie-metzger.de\/wp-content\/uploads\/2024\/07\/Kerstin-Abraham-Teetisch-fuer-Kaethe-Bollhagen-galerie-metzger-gallery-ceramic-art-object-jpg-768x512.jpg 768w, https:\/\/www.galerie-metzger.de\/wp-content\/uploads\/2024\/07\/Kerstin-Abraham-Teetisch-fuer-Kaethe-Bollhagen-galerie-metzger-gallery-ceramic-art-object-jpg-1536x1024.jpg 1536w\" data-sizes=\"(max-width: 1030px) 100vw, 1030px\" class='avia_image' ><div class=\"av-image-caption-overlay\"><div class=\"av-caption-image-overlay-bg\"><\/div><div class=\"av-image-caption-overlay-position\"><div class=\"av-image-caption-overlay-center\"><p>Kerstin Abraham \u2013 Tea table for Hedwig Bollhagen \u2013 2009, 82x56x76 cm, Foto: Wolf Abraham<\/p>\n<\/div><\/div><\/div><img decoding=\"async\" class='wp-image-12422 avia-img-lazy-loading-not-12422 avia_image ' src=\"https:\/\/www.galerie-metzger.de\/wp-content\/uploads\/2024\/07\/Kerstin-Abraham-Teetisch-fuer-Kaethe-Bollhagen-galerie-metzger-gallery-ceramic-art-object-jpg-690x460.jpg\" alt='Kerstin Abraham - Teetisch fuer Kaethe Bollhagen' title='Kerstin Abraham - Teetisch fuer Kaethe Bollhagen'  height=\"460\" width=\"690\" srcset=\"https:\/\/www.galerie-metzger.de\/wp-content\/uploads\/2024\/07\/Kerstin-Abraham-Teetisch-fuer-Kaethe-Bollhagen-galerie-metzger-gallery-ceramic-art-object-jpg-690x460.jpg 690w, https:\/\/www.galerie-metzger.de\/wp-content\/uploads\/2024\/07\/Kerstin-Abraham-Teetisch-fuer-Kaethe-Bollhagen-galerie-metzger-gallery-ceramic-art-object-jpg-1030x687.jpg 1030w, https:\/\/www.galerie-metzger.de\/wp-content\/uploads\/2024\/07\/Kerstin-Abraham-Teetisch-fuer-Kaethe-Bollhagen-galerie-metzger-gallery-ceramic-art-object-jpg-768x512.jpg 768w, https:\/\/www.galerie-metzger.de\/wp-content\/uploads\/2024\/07\/Kerstin-Abraham-Teetisch-fuer-Kaethe-Bollhagen-galerie-metzger-gallery-ceramic-art-object-jpg-1536x1024.jpg 1536w\" sizes=\"(max-width: 690px) 100vw, 690px\" \/><\/a><\/div><\/div><\/div><br \/>\n<section  class='av_textblock_section av-lljm49yq-908eabe1a4391f15227be42fd24b0bb8' ><div class='avia_textblock jo_werk_anfrage lang sehr' ><p><a class=\"anfrage\" href=\"mailto:info@galerie-metzger.de?subject=Kerstin%20Abraham%20Teetisch%20fuer%20Hedwig%20Bollhagen%202009\">request information<\/a><\/p>\n<\/div><\/section><\/p><\/div><div class='flex_column_table av-18nr7nc-bb415ef41b8f9b6322e14f85a0a8124e sc-av_one_half av-equal-height-column-flextable'>\n<style type=\"text\/css\" data-created_by=\"avia_inline_auto\" id=\"style-css-av-18nr7nc-bb415ef41b8f9b6322e14f85a0a8124e\">\n.flex_column.av-18nr7nc-bb415ef41b8f9b6322e14f85a0a8124e{\n-webkit-border-radius:0px 0px 0px 0px;\n-moz-border-radius:0px 0px 0px 0px;\nborder-radius:0px 0px 0px 0px;\n}\n<\/style>\n<div class='flex_column av-18nr7nc-bb415ef41b8f9b6322e14f85a0a8124e av_one_half  avia-builder-el-25  el_after_av_one_half  el_before_av_one_half  jhd-no-margin-top first flex_column_table_cell av-equal-height-column av-align-top av-animated-generic fade-in av-zero-column-padding column-top-margin'     ><p><section  class='av_textblock_section av-m0iitlx3-403b463e92221e76d0a0d7ec85a12889' ><div class='avia_textblock' ><p><strong>\u201eTea Table for Hedwig Bollhagen \u201c by Kerstin Abraham<\/strong><\/p>\n<\/div><\/section><br \/>\n<section  class='av_textblock_section av-1rcvw6w-6c3feda2c72bfd0113e54da18a48f12d' ><div class='avia_textblock' ><p>\u2026in her installation, Kerstin Abraham subtly takes up Hedwig Bollhagen\u2019s simple yet timeless ceramic forms and their decor from the 1920s, the early 1930s and the 1970s and translates their colour into warm or cold grey tones \u2013 a receptive, historical moment, not least reminiscent of old black-and-white films. The faience top of her tea table was made after her own designs, based on Hedwig Bollhagen\u2019s ceramic painting, by the painter Christa Tourmo working in the HB workshops. In this constellation, Kerstin Abraham made use of the craftsmanship on site. At the same time, she re-composed the proportions of the patterns for individual parts, which are, for instance, painted from the inside, over the edge of the vessel to the outside so that a new ornament is created on the edge.<\/p>\n<\/div><\/section><\/p><\/div><div class='av-flex-placeholder'><\/div>\n<style type=\"text\/css\" data-created_by=\"avia_inline_auto\" id=\"style-css-av-isj4d4-52d12b1552cb1f42ea447e0a1e97ffce\">\n.flex_column.av-isj4d4-52d12b1552cb1f42ea447e0a1e97ffce{\n-webkit-border-radius:0px 0px 0px 0px;\n-moz-border-radius:0px 0px 0px 0px;\nborder-radius:0px 0px 0px 0px;\n}\n<\/style>\n<div class='flex_column av-isj4d4-52d12b1552cb1f42ea447e0a1e97ffce av_one_half  avia-builder-el-28  el_after_av_one_half  el_before_av_one_half  jhd-no-margin-top flex_column_table_cell av-equal-height-column av-align-top av-animated-generic fade-in av-zero-column-padding column-top-margin'     ><section  class='av_textblock_section av-m0iiseo0-cc188c19c9e7d4150a24470fbde68873' ><div class='avia_textblock' ><p>The graphic clarity, the partially changed proportions of the patterns and the combination of the various decorations lend the work a unique and unmistakable aura.<br \/>The tea table top with its faience brushwork is reminiscent in this context of a wax-coated tablecloth, wrapped in the old style around the edge of the table top in a technically complex process. This visibly shifts tea drinking into the kitchen, i.e. to a place where housework and family communication take place. At the same time, the table top impresses with a wonderful, deeply spatial shine, granting an autonomously founded artistic intensity going far beyond conceptions of applied art\u2026 <em>Uwe Haupenthal<\/em> Abwarten und \u2212 \/ Verlag der Kunst<\/p>\n<\/div><\/section><\/div><\/div><!--close column table wrapper. Autoclose: 1 -->\n<style type=\"text\/css\" data-created_by=\"avia_inline_auto\" id=\"style-css-av-5pn2gyg-b4b7179bb9d905bbdbc046252de546c1\">\n.flex_column.av-5pn2gyg-b4b7179bb9d905bbdbc046252de546c1{\n-webkit-border-radius:0px 0px 0px 0px;\n-moz-border-radius:0px 0px 0px 0px;\nborder-radius:0px 0px 0px 0px;\n}\n<\/style>\n<div class='flex_column av-5pn2gyg-b4b7179bb9d905bbdbc046252de546c1 av_one_half  avia-builder-el-30  el_after_av_one_half  el_before_av_one_half  jo_pf_bild_bg first flex_column_div av-animated-generic fade-in av-zero-column-padding column-top-margin'     ><p>\n<style type=\"text\/css\" data-created_by=\"avia_inline_auto\" id=\"style-css-av-5h4t3dk-9b3687159779c8e6deaff17d1ab02da5\">\n.avia-image-container.av-5h4t3dk-9b3687159779c8e6deaff17d1ab02da5 img.avia_image{\nbox-shadow:none;\n}\n.avia-image-container.av-5h4t3dk-9b3687159779c8e6deaff17d1ab02da5 .av-caption-image-overlay-bg{\nopacity:0.4;\n}\n<\/style>\n<div  class='avia-image-container av-5h4t3dk-9b3687159779c8e6deaff17d1ab02da5 av-styling-no-styling avia_animated_image av-animated-when-visible-95 fade-in avia-align-left  avia-builder-el-31  el_before_av_textblock  avia-builder-el-first  jo_pf_bild noHover av-overlay-hover-deactivate'  ><div class=\"avia-image-container-inner\"><div class=\"avia-image-overlay-wrap\"><a href=\"https:\/\/www.galerie-metzger.de\/wp-content\/uploads\/2024\/08\/Kerstin-Abraham-Teegedeck-bemalt-in-HB-Werkstaette-von-Christa-Tourmo-nach-Entwurf-von-Kerstin-Abraham-galerie-metzger-keramikkunst-germandesign-gallery-1030x1030.jpg\" data-srcset=\"https:\/\/www.galerie-metzger.de\/wp-content\/uploads\/2024\/08\/Kerstin-Abraham-Teegedeck-bemalt-in-HB-Werkstaette-von-Christa-Tourmo-nach-Entwurf-von-Kerstin-Abraham-galerie-metzger-keramikkunst-germandesign-gallery-1030x1030.jpg 1030w, https:\/\/www.galerie-metzger.de\/wp-content\/uploads\/2024\/08\/Kerstin-Abraham-Teegedeck-bemalt-in-HB-Werkstaette-von-Christa-Tourmo-nach-Entwurf-von-Kerstin-Abraham-galerie-metzger-keramikkunst-germandesign-gallery-690x690.jpg 690w, https:\/\/www.galerie-metzger.de\/wp-content\/uploads\/2024\/08\/Kerstin-Abraham-Teegedeck-bemalt-in-HB-Werkstaette-von-Christa-Tourmo-nach-Entwurf-von-Kerstin-Abraham-galerie-metzger-keramikkunst-germandesign-gallery-80x80.jpg 80w, https:\/\/www.galerie-metzger.de\/wp-content\/uploads\/2024\/08\/Kerstin-Abraham-Teegedeck-bemalt-in-HB-Werkstaette-von-Christa-Tourmo-nach-Entwurf-von-Kerstin-Abraham-galerie-metzger-keramikkunst-germandesign-gallery-768x768.jpg 768w, https:\/\/www.galerie-metzger.de\/wp-content\/uploads\/2024\/08\/Kerstin-Abraham-Teegedeck-bemalt-in-HB-Werkstaette-von-Christa-Tourmo-nach-Entwurf-von-Kerstin-Abraham-galerie-metzger-keramikkunst-germandesign-gallery-1536x1536.jpg 1536w, https:\/\/www.galerie-metzger.de\/wp-content\/uploads\/2024\/08\/Kerstin-Abraham-Teegedeck-bemalt-in-HB-Werkstaette-von-Christa-Tourmo-nach-Entwurf-von-Kerstin-Abraham-galerie-metzger-keramikkunst-germandesign-gallery-2048x2048.jpg 2048w, https:\/\/www.galerie-metzger.de\/wp-content\/uploads\/2024\/08\/Kerstin-Abraham-Teegedeck-bemalt-in-HB-Werkstaette-von-Christa-Tourmo-nach-Entwurf-von-Kerstin-Abraham-galerie-metzger-keramikkunst-germandesign-gallery-36x36.jpg 36w, https:\/\/www.galerie-metzger.de\/wp-content\/uploads\/2024\/08\/Kerstin-Abraham-Teegedeck-bemalt-in-HB-Werkstaette-von-Christa-Tourmo-nach-Entwurf-von-Kerstin-Abraham-galerie-metzger-keramikkunst-germandesign-gallery-180x180.jpg 180w, https:\/\/www.galerie-metzger.de\/wp-content\/uploads\/2024\/08\/Kerstin-Abraham-Teegedeck-bemalt-in-HB-Werkstaette-von-Christa-Tourmo-nach-Entwurf-von-Kerstin-Abraham-galerie-metzger-keramikkunst-germandesign-gallery-1500x1500.jpg 1500w, https:\/\/www.galerie-metzger.de\/wp-content\/uploads\/2024\/08\/Kerstin-Abraham-Teegedeck-bemalt-in-HB-Werkstaette-von-Christa-Tourmo-nach-Entwurf-von-Kerstin-Abraham-galerie-metzger-keramikkunst-germandesign-gallery-705x705.jpg 705w\" data-sizes=\"(max-width: 1030px) 100vw, 1030px\" class='avia_image' ><div class=\"av-image-caption-overlay\"><div class=\"av-caption-image-overlay-bg\"><\/div><div class=\"av-image-caption-overlay-position\"><div class=\"av-image-caption-overlay-center\"><p>Kerstin Abraham \u2013 Tea set, 3 pieces, painted in HB workshop by Christa Tourmo based on a design by Kerstin Abraham \u2013 2009, Foto: Edi Baumann<\/p>\n<\/div><\/div><\/div><img decoding=\"async\" class='wp-image-12686 avia-img-lazy-loading-not-12686 avia_image ' src=\"https:\/\/www.galerie-metzger.de\/wp-content\/uploads\/2024\/08\/Kerstin-Abraham-Teegedeck-bemalt-in-HB-Werkstaette-von-Christa-Tourmo-nach-Entwurf-von-Kerstin-Abraham-galerie-metzger-keramikkunst-germandesign-gallery-690x690.jpg\" alt='Kerstin Abraham - Teegedeck bemalt in HB Werkstaette von Christa Tourmo nach Entwurf von Kerstin Abraham' title='Kerstin Abraham - Teegedeck bemalt in HB Werkstaette von Christa Tourmo nach Entwurf von Kerstin Abraham'  height=\"690\" width=\"690\" srcset=\"https:\/\/www.galerie-metzger.de\/wp-content\/uploads\/2024\/08\/Kerstin-Abraham-Teegedeck-bemalt-in-HB-Werkstaette-von-Christa-Tourmo-nach-Entwurf-von-Kerstin-Abraham-galerie-metzger-keramikkunst-germandesign-gallery-690x690.jpg 690w, https:\/\/www.galerie-metzger.de\/wp-content\/uploads\/2024\/08\/Kerstin-Abraham-Teegedeck-bemalt-in-HB-Werkstaette-von-Christa-Tourmo-nach-Entwurf-von-Kerstin-Abraham-galerie-metzger-keramikkunst-germandesign-gallery-1030x1030.jpg 1030w, https:\/\/www.galerie-metzger.de\/wp-content\/uploads\/2024\/08\/Kerstin-Abraham-Teegedeck-bemalt-in-HB-Werkstaette-von-Christa-Tourmo-nach-Entwurf-von-Kerstin-Abraham-galerie-metzger-keramikkunst-germandesign-gallery-80x80.jpg 80w, https:\/\/www.galerie-metzger.de\/wp-content\/uploads\/2024\/08\/Kerstin-Abraham-Teegedeck-bemalt-in-HB-Werkstaette-von-Christa-Tourmo-nach-Entwurf-von-Kerstin-Abraham-galerie-metzger-keramikkunst-germandesign-gallery-768x768.jpg 768w, https:\/\/www.galerie-metzger.de\/wp-content\/uploads\/2024\/08\/Kerstin-Abraham-Teegedeck-bemalt-in-HB-Werkstaette-von-Christa-Tourmo-nach-Entwurf-von-Kerstin-Abraham-galerie-metzger-keramikkunst-germandesign-gallery-1536x1536.jpg 1536w, https:\/\/www.galerie-metzger.de\/wp-content\/uploads\/2024\/08\/Kerstin-Abraham-Teegedeck-bemalt-in-HB-Werkstaette-von-Christa-Tourmo-nach-Entwurf-von-Kerstin-Abraham-galerie-metzger-keramikkunst-germandesign-gallery-2048x2048.jpg 2048w, https:\/\/www.galerie-metzger.de\/wp-content\/uploads\/2024\/08\/Kerstin-Abraham-Teegedeck-bemalt-in-HB-Werkstaette-von-Christa-Tourmo-nach-Entwurf-von-Kerstin-Abraham-galerie-metzger-keramikkunst-germandesign-gallery-36x36.jpg 36w, https:\/\/www.galerie-metzger.de\/wp-content\/uploads\/2024\/08\/Kerstin-Abraham-Teegedeck-bemalt-in-HB-Werkstaette-von-Christa-Tourmo-nach-Entwurf-von-Kerstin-Abraham-galerie-metzger-keramikkunst-germandesign-gallery-180x180.jpg 180w, https:\/\/www.galerie-metzger.de\/wp-content\/uploads\/2024\/08\/Kerstin-Abraham-Teegedeck-bemalt-in-HB-Werkstaette-von-Christa-Tourmo-nach-Entwurf-von-Kerstin-Abraham-galerie-metzger-keramikkunst-germandesign-gallery-1500x1500.jpg 1500w, https:\/\/www.galerie-metzger.de\/wp-content\/uploads\/2024\/08\/Kerstin-Abraham-Teegedeck-bemalt-in-HB-Werkstaette-von-Christa-Tourmo-nach-Entwurf-von-Kerstin-Abraham-galerie-metzger-keramikkunst-germandesign-gallery-705x705.jpg 705w\" sizes=\"(max-width: 690px) 100vw, 690px\" \/><\/a><\/div><\/div><\/div><br \/>\n<section  class='av_textblock_section av-4xtl8ag-8542032d88f1295f9e88db9e2ca75ef8' ><div class='avia_textblock jo_werk_anfrage lang sehr' ><p><a class=\"anfrage\" href=\"mailto:info@galerie-metzger.de?subject=Kerstin%20Abraham%20Teegedeck%20bemalt%20in%20HB%20Werkstaette%20von%20Christa%20Tourmo%20nach%20Entwurf%20von%20Kerstin%20Abraham%202009\">request information<\/a><\/p>\n<\/div><\/section><\/p><\/div>\n<style type=\"text\/css\" data-created_by=\"avia_inline_auto\" id=\"style-css-av-59mbv94-a5a6525f16a6fa3d6e54fe0d42e44f70\">\n.flex_column.av-59mbv94-a5a6525f16a6fa3d6e54fe0d42e44f70{\n-webkit-border-radius:0px 0px 0px 0px;\n-moz-border-radius:0px 0px 0px 0px;\nborder-radius:0px 0px 0px 0px;\n}\n<\/style>\n<div class='flex_column av-59mbv94-a5a6525f16a6fa3d6e54fe0d42e44f70 av_one_half  avia-builder-el-33  el_after_av_one_half  el_before_av_one_third  jo_pf_bild_bg flex_column_div av-animated-generic fade-in av-zero-column-padding column-top-margin'     ><p>\n<style type=\"text\/css\" data-created_by=\"avia_inline_auto\" id=\"style-css-av-m0avwd6l-c347faebf9f92feccad4ad7ca0542665\">\n.avia-image-container.av-m0avwd6l-c347faebf9f92feccad4ad7ca0542665 img.avia_image{\nbox-shadow:none;\n}\n.avia-image-container.av-m0avwd6l-c347faebf9f92feccad4ad7ca0542665 .av-caption-image-overlay-bg{\nopacity:0.4;\n}\n<\/style>\n<div  class='avia-image-container av-m0avwd6l-c347faebf9f92feccad4ad7ca0542665 av-styling-no-styling avia_animated_image av-animated-when-visible-95 fade-in avia-align-left  avia-builder-el-34  el_before_av_textblock  avia-builder-el-first  jo_pf_bild noHover av-overlay-hover-deactivate'  ><div class=\"avia-image-container-inner\"><div class=\"avia-image-overlay-wrap\"><a href=\"https:\/\/www.galerie-metzger.de\/wp-content\/uploads\/2024\/08\/Kerstin-Abraham-Teegedeck-bemalt-in-HB-Werkstaette-von-Christa-Tourmo-nach-Entwurf-von-Kerstin-Abraham-galerie-metzger-keramikkunst-germandesign-1030x1030.jpg\" data-srcset=\"https:\/\/www.galerie-metzger.de\/wp-content\/uploads\/2024\/08\/Kerstin-Abraham-Teegedeck-bemalt-in-HB-Werkstaette-von-Christa-Tourmo-nach-Entwurf-von-Kerstin-Abraham-galerie-metzger-keramikkunst-germandesign-1030x1030.jpg 1030w, https:\/\/www.galerie-metzger.de\/wp-content\/uploads\/2024\/08\/Kerstin-Abraham-Teegedeck-bemalt-in-HB-Werkstaette-von-Christa-Tourmo-nach-Entwurf-von-Kerstin-Abraham-galerie-metzger-keramikkunst-germandesign-690x690.jpg 690w, https:\/\/www.galerie-metzger.de\/wp-content\/uploads\/2024\/08\/Kerstin-Abraham-Teegedeck-bemalt-in-HB-Werkstaette-von-Christa-Tourmo-nach-Entwurf-von-Kerstin-Abraham-galerie-metzger-keramikkunst-germandesign-80x80.jpg 80w, https:\/\/www.galerie-metzger.de\/wp-content\/uploads\/2024\/08\/Kerstin-Abraham-Teegedeck-bemalt-in-HB-Werkstaette-von-Christa-Tourmo-nach-Entwurf-von-Kerstin-Abraham-galerie-metzger-keramikkunst-germandesign-768x768.jpg 768w, https:\/\/www.galerie-metzger.de\/wp-content\/uploads\/2024\/08\/Kerstin-Abraham-Teegedeck-bemalt-in-HB-Werkstaette-von-Christa-Tourmo-nach-Entwurf-von-Kerstin-Abraham-galerie-metzger-keramikkunst-germandesign-1536x1536.jpg 1536w, https:\/\/www.galerie-metzger.de\/wp-content\/uploads\/2024\/08\/Kerstin-Abraham-Teegedeck-bemalt-in-HB-Werkstaette-von-Christa-Tourmo-nach-Entwurf-von-Kerstin-Abraham-galerie-metzger-keramikkunst-germandesign-2048x2048.jpg 2048w, https:\/\/www.galerie-metzger.de\/wp-content\/uploads\/2024\/08\/Kerstin-Abraham-Teegedeck-bemalt-in-HB-Werkstaette-von-Christa-Tourmo-nach-Entwurf-von-Kerstin-Abraham-galerie-metzger-keramikkunst-germandesign-36x36.jpg 36w, https:\/\/www.galerie-metzger.de\/wp-content\/uploads\/2024\/08\/Kerstin-Abraham-Teegedeck-bemalt-in-HB-Werkstaette-von-Christa-Tourmo-nach-Entwurf-von-Kerstin-Abraham-galerie-metzger-keramikkunst-germandesign-180x180.jpg 180w, https:\/\/www.galerie-metzger.de\/wp-content\/uploads\/2024\/08\/Kerstin-Abraham-Teegedeck-bemalt-in-HB-Werkstaette-von-Christa-Tourmo-nach-Entwurf-von-Kerstin-Abraham-galerie-metzger-keramikkunst-germandesign-1500x1500.jpg 1500w, https:\/\/www.galerie-metzger.de\/wp-content\/uploads\/2024\/08\/Kerstin-Abraham-Teegedeck-bemalt-in-HB-Werkstaette-von-Christa-Tourmo-nach-Entwurf-von-Kerstin-Abraham-galerie-metzger-keramikkunst-germandesign-705x705.jpg 705w\" data-sizes=\"(max-width: 1030px) 100vw, 1030px\" class='avia_image' ><div class=\"av-image-caption-overlay\"><div class=\"av-caption-image-overlay-bg\"><\/div><div class=\"av-image-caption-overlay-position\"><div class=\"av-image-caption-overlay-center\"><p>Kerstin Abraham \u2013 Tea set, 3 pieces, painted in HB workshop by Christa Tourmo based on a design by Kerstin Abraham \u2013 2009, Foto: Edi Baumann<\/p>\n<\/div><\/div><\/div><img decoding=\"async\" class='wp-image-12688 avia-img-lazy-loading-not-12688 avia_image ' src=\"https:\/\/www.galerie-metzger.de\/wp-content\/uploads\/2024\/08\/Kerstin-Abraham-Teegedeck-bemalt-in-HB-Werkstaette-von-Christa-Tourmo-nach-Entwurf-von-Kerstin-Abraham-galerie-metzger-keramikkunst-germandesign-690x690.jpg\" alt='Kerstin Abraham - Teegedeck bemalt in HB Werkstaette von Christa Tourmo nach Entwurf von Kerstin Abraham' title='Kerstin Abraham - Teegedeck bemalt in HB Werkstaette von Christa Tourmo nach Entwurf von Kerstin Abraham'  height=\"690\" width=\"690\" srcset=\"https:\/\/www.galerie-metzger.de\/wp-content\/uploads\/2024\/08\/Kerstin-Abraham-Teegedeck-bemalt-in-HB-Werkstaette-von-Christa-Tourmo-nach-Entwurf-von-Kerstin-Abraham-galerie-metzger-keramikkunst-germandesign-690x690.jpg 690w, https:\/\/www.galerie-metzger.de\/wp-content\/uploads\/2024\/08\/Kerstin-Abraham-Teegedeck-bemalt-in-HB-Werkstaette-von-Christa-Tourmo-nach-Entwurf-von-Kerstin-Abraham-galerie-metzger-keramikkunst-germandesign-1030x1030.jpg 1030w, https:\/\/www.galerie-metzger.de\/wp-content\/uploads\/2024\/08\/Kerstin-Abraham-Teegedeck-bemalt-in-HB-Werkstaette-von-Christa-Tourmo-nach-Entwurf-von-Kerstin-Abraham-galerie-metzger-keramikkunst-germandesign-80x80.jpg 80w, https:\/\/www.galerie-metzger.de\/wp-content\/uploads\/2024\/08\/Kerstin-Abraham-Teegedeck-bemalt-in-HB-Werkstaette-von-Christa-Tourmo-nach-Entwurf-von-Kerstin-Abraham-galerie-metzger-keramikkunst-germandesign-768x768.jpg 768w, https:\/\/www.galerie-metzger.de\/wp-content\/uploads\/2024\/08\/Kerstin-Abraham-Teegedeck-bemalt-in-HB-Werkstaette-von-Christa-Tourmo-nach-Entwurf-von-Kerstin-Abraham-galerie-metzger-keramikkunst-germandesign-1536x1536.jpg 1536w, https:\/\/www.galerie-metzger.de\/wp-content\/uploads\/2024\/08\/Kerstin-Abraham-Teegedeck-bemalt-in-HB-Werkstaette-von-Christa-Tourmo-nach-Entwurf-von-Kerstin-Abraham-galerie-metzger-keramikkunst-germandesign-2048x2048.jpg 2048w, https:\/\/www.galerie-metzger.de\/wp-content\/uploads\/2024\/08\/Kerstin-Abraham-Teegedeck-bemalt-in-HB-Werkstaette-von-Christa-Tourmo-nach-Entwurf-von-Kerstin-Abraham-galerie-metzger-keramikkunst-germandesign-36x36.jpg 36w, https:\/\/www.galerie-metzger.de\/wp-content\/uploads\/2024\/08\/Kerstin-Abraham-Teegedeck-bemalt-in-HB-Werkstaette-von-Christa-Tourmo-nach-Entwurf-von-Kerstin-Abraham-galerie-metzger-keramikkunst-germandesign-180x180.jpg 180w, https:\/\/www.galerie-metzger.de\/wp-content\/uploads\/2024\/08\/Kerstin-Abraham-Teegedeck-bemalt-in-HB-Werkstaette-von-Christa-Tourmo-nach-Entwurf-von-Kerstin-Abraham-galerie-metzger-keramikkunst-germandesign-1500x1500.jpg 1500w, https:\/\/www.galerie-metzger.de\/wp-content\/uploads\/2024\/08\/Kerstin-Abraham-Teegedeck-bemalt-in-HB-Werkstaette-von-Christa-Tourmo-nach-Entwurf-von-Kerstin-Abraham-galerie-metzger-keramikkunst-germandesign-705x705.jpg 705w\" sizes=\"(max-width: 690px) 100vw, 690px\" \/><\/a><\/div><\/div><\/div><br \/>\n<section  class='av_textblock_section av-50quo1k-5e790797b5c76ac8f67d140eb4797bcd' ><div class='avia_textblock jo_werk_anfrage lang sehr' ><p><a class=\"anfrage\" href=\"mailto:info@galerie-metzger.de?subject=Kerstin%20Abraham%20Teegedeck%20bemalt%20in%20HB%20Werkstaette%20von%20Christa%20Tourmo%20nach%20Entwurf%20von%20Kerstin%20Abraham%202009\">request information<\/a><\/p>\n<\/div><\/section><\/p><\/div>\n<style type=\"text\/css\" data-created_by=\"avia_inline_auto\" id=\"style-css-av-4audke0-1499dbb598c9437cbcd122fbbdb4d629\">\n.flex_column.av-4audke0-1499dbb598c9437cbcd122fbbdb4d629{\n-webkit-border-radius:0px 0px 0px 0px;\n-moz-border-radius:0px 0px 0px 0px;\nborder-radius:0px 0px 0px 0px;\n}\n<\/style>\n<div class='flex_column av-4audke0-1499dbb598c9437cbcd122fbbdb4d629 av_one_third  avia-builder-el-36  el_after_av_one_half  el_before_av_one_third  jo_pf_bild_bg first flex_column_div av-animated-generic fade-in av-zero-column-padding column-top-margin'     ><p>\n<style type=\"text\/css\" data-created_by=\"avia_inline_auto\" id=\"style-css-av-3sxcjlk-7c1d39bad1094af38afb151e96f2ecf1\">\n.avia-image-container.av-3sxcjlk-7c1d39bad1094af38afb151e96f2ecf1 img.avia_image{\nbox-shadow:none;\n}\n.avia-image-container.av-3sxcjlk-7c1d39bad1094af38afb151e96f2ecf1 .av-caption-image-overlay-bg{\nopacity:0.4;\n}\n<\/style>\n<div  class='avia-image-container av-3sxcjlk-7c1d39bad1094af38afb151e96f2ecf1 av-styling-no-styling avia_animated_image av-animated-when-visible-95 fade-in avia-align-left  avia-builder-el-37  el_before_av_textblock  avia-builder-el-first  jo_pf_bild noHover av-overlay-hover-deactivate'  ><div class=\"avia-image-container-inner\"><div class=\"avia-image-overlay-wrap\"><a href=\"https:\/\/www.galerie-metzger.de\/wp-content\/uploads\/2024\/08\/Kerstin-Abraham-Teegedeck-bemalt-in-HB-Werkstaette-von-Christa-Tourmo-nach-Entwurf-von-Kerstin-Abraham-galerie-metzger-ceramicart-germandesign-1030x687.jpg\" data-srcset=\"https:\/\/www.galerie-metzger.de\/wp-content\/uploads\/2024\/08\/Kerstin-Abraham-Teegedeck-bemalt-in-HB-Werkstaette-von-Christa-Tourmo-nach-Entwurf-von-Kerstin-Abraham-galerie-metzger-ceramicart-germandesign-1030x687.jpg 1030w, https:\/\/www.galerie-metzger.de\/wp-content\/uploads\/2024\/08\/Kerstin-Abraham-Teegedeck-bemalt-in-HB-Werkstaette-von-Christa-Tourmo-nach-Entwurf-von-Kerstin-Abraham-galerie-metzger-ceramicart-germandesign-690x460.jpg 690w, https:\/\/www.galerie-metzger.de\/wp-content\/uploads\/2024\/08\/Kerstin-Abraham-Teegedeck-bemalt-in-HB-Werkstaette-von-Christa-Tourmo-nach-Entwurf-von-Kerstin-Abraham-galerie-metzger-ceramicart-germandesign-768x512.jpg 768w, https:\/\/www.galerie-metzger.de\/wp-content\/uploads\/2024\/08\/Kerstin-Abraham-Teegedeck-bemalt-in-HB-Werkstaette-von-Christa-Tourmo-nach-Entwurf-von-Kerstin-Abraham-galerie-metzger-ceramicart-germandesign-1536x1024.jpg 1536w, https:\/\/www.galerie-metzger.de\/wp-content\/uploads\/2024\/08\/Kerstin-Abraham-Teegedeck-bemalt-in-HB-Werkstaette-von-Christa-Tourmo-nach-Entwurf-von-Kerstin-Abraham-galerie-metzger-ceramicart-germandesign-2048x1365.jpg 2048w, https:\/\/www.galerie-metzger.de\/wp-content\/uploads\/2024\/08\/Kerstin-Abraham-Teegedeck-bemalt-in-HB-Werkstaette-von-Christa-Tourmo-nach-Entwurf-von-Kerstin-Abraham-galerie-metzger-ceramicart-germandesign-1500x1000.jpg 1500w, https:\/\/www.galerie-metzger.de\/wp-content\/uploads\/2024\/08\/Kerstin-Abraham-Teegedeck-bemalt-in-HB-Werkstaette-von-Christa-Tourmo-nach-Entwurf-von-Kerstin-Abraham-galerie-metzger-ceramicart-germandesign-705x470.jpg 705w\" data-sizes=\"(max-width: 1030px) 100vw, 1030px\" class='avia_image' ><div class=\"av-image-caption-overlay\"><div class=\"av-caption-image-overlay-bg\"><\/div><div class=\"av-image-caption-overlay-position\"><div class=\"av-image-caption-overlay-center\"><p>Kerstin Abraham \u2013 Tea set, 3 pieces, painted in HB workshop by Christa Tourmo based on a design by Kerstin Abraham\u2013 2009, Foto: Edi Baumann<\/p>\n<\/div><\/div><\/div><img decoding=\"async\" class='wp-image-12680 avia-img-lazy-loading-not-12680 avia_image ' src=\"https:\/\/www.galerie-metzger.de\/wp-content\/uploads\/2024\/08\/Kerstin-Abraham-Teegedeck-bemalt-in-HB-Werkstaette-von-Christa-Tourmo-nach-Entwurf-von-Kerstin-Abraham-galerie-metzger-ceramicart-germandesign-690x460.jpg\" alt='Kerstin Abraham - Teegedeck bemalt in HB Werkstaette von Christa Tourmo nach Entwurf von Kerstin Abraham' title='Kerstin Abraham - Teegedeck bemalt in HB Werkstaette von Christa Tourmo nach Entwurf von Kerstin Abraham'  height=\"460\" width=\"690\" srcset=\"https:\/\/www.galerie-metzger.de\/wp-content\/uploads\/2024\/08\/Kerstin-Abraham-Teegedeck-bemalt-in-HB-Werkstaette-von-Christa-Tourmo-nach-Entwurf-von-Kerstin-Abraham-galerie-metzger-ceramicart-germandesign-690x460.jpg 690w, https:\/\/www.galerie-metzger.de\/wp-content\/uploads\/2024\/08\/Kerstin-Abraham-Teegedeck-bemalt-in-HB-Werkstaette-von-Christa-Tourmo-nach-Entwurf-von-Kerstin-Abraham-galerie-metzger-ceramicart-germandesign-1030x687.jpg 1030w, https:\/\/www.galerie-metzger.de\/wp-content\/uploads\/2024\/08\/Kerstin-Abraham-Teegedeck-bemalt-in-HB-Werkstaette-von-Christa-Tourmo-nach-Entwurf-von-Kerstin-Abraham-galerie-metzger-ceramicart-germandesign-768x512.jpg 768w, https:\/\/www.galerie-metzger.de\/wp-content\/uploads\/2024\/08\/Kerstin-Abraham-Teegedeck-bemalt-in-HB-Werkstaette-von-Christa-Tourmo-nach-Entwurf-von-Kerstin-Abraham-galerie-metzger-ceramicart-germandesign-1536x1024.jpg 1536w, https:\/\/www.galerie-metzger.de\/wp-content\/uploads\/2024\/08\/Kerstin-Abraham-Teegedeck-bemalt-in-HB-Werkstaette-von-Christa-Tourmo-nach-Entwurf-von-Kerstin-Abraham-galerie-metzger-ceramicart-germandesign-2048x1365.jpg 2048w, https:\/\/www.galerie-metzger.de\/wp-content\/uploads\/2024\/08\/Kerstin-Abraham-Teegedeck-bemalt-in-HB-Werkstaette-von-Christa-Tourmo-nach-Entwurf-von-Kerstin-Abraham-galerie-metzger-ceramicart-germandesign-1500x1000.jpg 1500w, https:\/\/www.galerie-metzger.de\/wp-content\/uploads\/2024\/08\/Kerstin-Abraham-Teegedeck-bemalt-in-HB-Werkstaette-von-Christa-Tourmo-nach-Entwurf-von-Kerstin-Abraham-galerie-metzger-ceramicart-germandesign-705x470.jpg 705w\" sizes=\"(max-width: 690px) 100vw, 690px\" \/><\/a><\/div><\/div><\/div><br \/>\n<section  class='av_textblock_section av-3n2vt94-615e0f6a7db940e4e9f4f0f5a8b4e007' ><div class='avia_textblock jo_werk_anfrage lang sehr sehr' ><p><a class=\"anfrage\" href=\"mailto:info@galerie-metzger.de?subject=Kerstin%20Abraham%20Teegedeck%20bemalt%20in%20HB%20Werkstaette%20von%20Christa%20Tourmo%20nach%20Entwurf%20von%20Kerstin%20Abraham%202009\">request information<\/a><\/p>\n<\/div><\/section><\/p><\/div>\n<style type=\"text\/css\" data-created_by=\"avia_inline_auto\" id=\"style-css-av-2v9pae0-ab616080fb7c2785080e432678887326\">\n.flex_column.av-2v9pae0-ab616080fb7c2785080e432678887326{\n-webkit-border-radius:0px 0px 0px 0px;\n-moz-border-radius:0px 0px 0px 0px;\nborder-radius:0px 0px 0px 0px;\n}\n<\/style>\n<div class='flex_column av-2v9pae0-ab616080fb7c2785080e432678887326 av_one_third  avia-builder-el-39  el_after_av_one_third  el_before_av_one_third  jo_pf_bild_bg flex_column_div av-animated-generic fade-in av-zero-column-padding column-top-margin'     ><p>\n<style type=\"text\/css\" data-created_by=\"avia_inline_auto\" id=\"style-css-av-m0avs66g-4c46ca1043e9971075e4262b8d931c79\">\n.avia-image-container.av-m0avs66g-4c46ca1043e9971075e4262b8d931c79 img.avia_image{\nbox-shadow:none;\n}\n.avia-image-container.av-m0avs66g-4c46ca1043e9971075e4262b8d931c79 .av-caption-image-overlay-bg{\nopacity:0.4;\n}\n<\/style>\n<div  class='avia-image-container av-m0avs66g-4c46ca1043e9971075e4262b8d931c79 av-styling-no-styling avia_animated_image av-animated-when-visible-95 fade-in avia-align-left  avia-builder-el-40  el_before_av_textblock  avia-builder-el-first  jo_pf_bild noHover av-overlay-hover-deactivate'  ><div class=\"avia-image-container-inner\"><div class=\"avia-image-overlay-wrap\"><a href=\"https:\/\/www.galerie-metzger.de\/wp-content\/uploads\/2024\/08\/Kerstin-Abraham-Teegedeck-bemalt-in-HB-Werkstaette-von-Christa-Tourmo-nach-Entwurf-von-Kerstin-Abraham-galerie-metzger-keramikkunst-germandesign-hedwig-bollhagen-1030x687.jpg\" data-srcset=\"https:\/\/www.galerie-metzger.de\/wp-content\/uploads\/2024\/08\/Kerstin-Abraham-Teegedeck-bemalt-in-HB-Werkstaette-von-Christa-Tourmo-nach-Entwurf-von-Kerstin-Abraham-galerie-metzger-keramikkunst-germandesign-hedwig-bollhagen-1030x687.jpg 1030w, https:\/\/www.galerie-metzger.de\/wp-content\/uploads\/2024\/08\/Kerstin-Abraham-Teegedeck-bemalt-in-HB-Werkstaette-von-Christa-Tourmo-nach-Entwurf-von-Kerstin-Abraham-galerie-metzger-keramikkunst-germandesign-hedwig-bollhagen-690x460.jpg 690w, https:\/\/www.galerie-metzger.de\/wp-content\/uploads\/2024\/08\/Kerstin-Abraham-Teegedeck-bemalt-in-HB-Werkstaette-von-Christa-Tourmo-nach-Entwurf-von-Kerstin-Abraham-galerie-metzger-keramikkunst-germandesign-hedwig-bollhagen-768x512.jpg 768w, https:\/\/www.galerie-metzger.de\/wp-content\/uploads\/2024\/08\/Kerstin-Abraham-Teegedeck-bemalt-in-HB-Werkstaette-von-Christa-Tourmo-nach-Entwurf-von-Kerstin-Abraham-galerie-metzger-keramikkunst-germandesign-hedwig-bollhagen-1536x1024.jpg 1536w, https:\/\/www.galerie-metzger.de\/wp-content\/uploads\/2024\/08\/Kerstin-Abraham-Teegedeck-bemalt-in-HB-Werkstaette-von-Christa-Tourmo-nach-Entwurf-von-Kerstin-Abraham-galerie-metzger-keramikkunst-germandesign-hedwig-bollhagen-2048x1365.jpg 2048w, https:\/\/www.galerie-metzger.de\/wp-content\/uploads\/2024\/08\/Kerstin-Abraham-Teegedeck-bemalt-in-HB-Werkstaette-von-Christa-Tourmo-nach-Entwurf-von-Kerstin-Abraham-galerie-metzger-keramikkunst-germandesign-hedwig-bollhagen-1500x1000.jpg 1500w, https:\/\/www.galerie-metzger.de\/wp-content\/uploads\/2024\/08\/Kerstin-Abraham-Teegedeck-bemalt-in-HB-Werkstaette-von-Christa-Tourmo-nach-Entwurf-von-Kerstin-Abraham-galerie-metzger-keramikkunst-germandesign-hedwig-bollhagen-705x470.jpg 705w\" data-sizes=\"(max-width: 1030px) 100vw, 1030px\" class='avia_image' ><div class=\"av-image-caption-overlay\"><div class=\"av-caption-image-overlay-bg\"><\/div><div class=\"av-image-caption-overlay-position\"><div class=\"av-image-caption-overlay-center\"><p>Kerstin Abraham \u2013 Tea set, 3 pieces, painted in HB workshop by Christa Tourmo based on a design by Kerstin Abraham\u2013 2009, Foto: Edi Baumann<\/p>\n<\/div><\/div><\/div><img decoding=\"async\" class='wp-image-12682 avia-img-lazy-loading-not-12682 avia_image ' src=\"https:\/\/www.galerie-metzger.de\/wp-content\/uploads\/2024\/08\/Kerstin-Abraham-Teegedeck-bemalt-in-HB-Werkstaette-von-Christa-Tourmo-nach-Entwurf-von-Kerstin-Abraham-galerie-metzger-keramikkunst-germandesign-hedwig-bollhagen-690x460.jpg\" alt='Kerstin Abraham - Teegedeck bemalt in HB Werkstaette von Christa Tourmo nach Entwurf von Kerstin Abraham' title='Kerstin Abraham - Teegedeck bemalt in HB Werkstaette von Christa Tourmo nach Entwurf von Kerstin Abraham'  height=\"460\" width=\"690\" srcset=\"https:\/\/www.galerie-metzger.de\/wp-content\/uploads\/2024\/08\/Kerstin-Abraham-Teegedeck-bemalt-in-HB-Werkstaette-von-Christa-Tourmo-nach-Entwurf-von-Kerstin-Abraham-galerie-metzger-keramikkunst-germandesign-hedwig-bollhagen-690x460.jpg 690w, https:\/\/www.galerie-metzger.de\/wp-content\/uploads\/2024\/08\/Kerstin-Abraham-Teegedeck-bemalt-in-HB-Werkstaette-von-Christa-Tourmo-nach-Entwurf-von-Kerstin-Abraham-galerie-metzger-keramikkunst-germandesign-hedwig-bollhagen-1030x687.jpg 1030w, https:\/\/www.galerie-metzger.de\/wp-content\/uploads\/2024\/08\/Kerstin-Abraham-Teegedeck-bemalt-in-HB-Werkstaette-von-Christa-Tourmo-nach-Entwurf-von-Kerstin-Abraham-galerie-metzger-keramikkunst-germandesign-hedwig-bollhagen-768x512.jpg 768w, https:\/\/www.galerie-metzger.de\/wp-content\/uploads\/2024\/08\/Kerstin-Abraham-Teegedeck-bemalt-in-HB-Werkstaette-von-Christa-Tourmo-nach-Entwurf-von-Kerstin-Abraham-galerie-metzger-keramikkunst-germandesign-hedwig-bollhagen-1536x1024.jpg 1536w, https:\/\/www.galerie-metzger.de\/wp-content\/uploads\/2024\/08\/Kerstin-Abraham-Teegedeck-bemalt-in-HB-Werkstaette-von-Christa-Tourmo-nach-Entwurf-von-Kerstin-Abraham-galerie-metzger-keramikkunst-germandesign-hedwig-bollhagen-2048x1365.jpg 2048w, https:\/\/www.galerie-metzger.de\/wp-content\/uploads\/2024\/08\/Kerstin-Abraham-Teegedeck-bemalt-in-HB-Werkstaette-von-Christa-Tourmo-nach-Entwurf-von-Kerstin-Abraham-galerie-metzger-keramikkunst-germandesign-hedwig-bollhagen-1500x1000.jpg 1500w, https:\/\/www.galerie-metzger.de\/wp-content\/uploads\/2024\/08\/Kerstin-Abraham-Teegedeck-bemalt-in-HB-Werkstaette-von-Christa-Tourmo-nach-Entwurf-von-Kerstin-Abraham-galerie-metzger-keramikkunst-germandesign-hedwig-bollhagen-705x470.jpg 705w\" sizes=\"(max-width: 690px) 100vw, 690px\" \/><\/a><\/div><\/div><\/div><br \/>\n<section  class='av_textblock_section av-2iuvgvs-626a1f1ab6da7fee35dde9126f8d1905' ><div class='avia_textblock jo_werk_anfrage lang sehr' ><p><a class=\"anfrage\" href=\"mailto:info@galerie-metzger.de?subject=Kerstin%20Abraham%20Teegedeck%20bemalt%20in%20HB%20Werkstaette%20von%20Christa%20Tourmo%20nach%20Entwurf%20von%20Kerstin%20Abraham%202009\">request information<\/a><\/p>\n<\/div><\/section><\/p><\/div>\n<style type=\"text\/css\" data-created_by=\"avia_inline_auto\" id=\"style-css-av-20wapx4-fdc631b1e8ce4a62423257df80f7cf9e\">\n.flex_column.av-20wapx4-fdc631b1e8ce4a62423257df80f7cf9e{\n-webkit-border-radius:0px 0px 0px 0px;\n-moz-border-radius:0px 0px 0px 0px;\nborder-radius:0px 0px 0px 0px;\n}\n<\/style>\n<div class='flex_column av-20wapx4-fdc631b1e8ce4a62423257df80f7cf9e av_one_third  avia-builder-el-42  el_after_av_one_third  el_before_av_one_full  jo_pf_bild_bg flex_column_div av-animated-generic fade-in av-zero-column-padding column-top-margin'     ><p>\n<style type=\"text\/css\" data-created_by=\"avia_inline_auto\" id=\"style-css-av-m0avsnnb-ff5b3a352dd90875ef0e9a8c6b0d1691\">\n.avia-image-container.av-m0avsnnb-ff5b3a352dd90875ef0e9a8c6b0d1691 img.avia_image{\nbox-shadow:none;\n}\n.avia-image-container.av-m0avsnnb-ff5b3a352dd90875ef0e9a8c6b0d1691 .av-caption-image-overlay-bg{\nopacity:0.4;\n}\n<\/style>\n<div  class='avia-image-container av-m0avsnnb-ff5b3a352dd90875ef0e9a8c6b0d1691 av-styling-no-styling avia_animated_image av-animated-when-visible-95 fade-in avia-align-left  avia-builder-el-43  el_before_av_textblock  avia-builder-el-first  jo_pf_bild noHover av-overlay-hover-deactivate'  ><div class=\"avia-image-container-inner\"><div class=\"avia-image-overlay-wrap\"><a href=\"https:\/\/www.galerie-metzger.de\/wp-content\/uploads\/2024\/08\/Kerstin-Abraham-Teegedeck-bemalt-in-HB-Werkstaette-von-Christa-Tourmo-nach-Entwurf-von-Kerstin-Abraham-galerie-metzger-keramikkunst-germandesign-Bollhagen-1030x687.jpg\" data-srcset=\"https:\/\/www.galerie-metzger.de\/wp-content\/uploads\/2024\/08\/Kerstin-Abraham-Teegedeck-bemalt-in-HB-Werkstaette-von-Christa-Tourmo-nach-Entwurf-von-Kerstin-Abraham-galerie-metzger-keramikkunst-germandesign-Bollhagen-1030x687.jpg 1030w, https:\/\/www.galerie-metzger.de\/wp-content\/uploads\/2024\/08\/Kerstin-Abraham-Teegedeck-bemalt-in-HB-Werkstaette-von-Christa-Tourmo-nach-Entwurf-von-Kerstin-Abraham-galerie-metzger-keramikkunst-germandesign-Bollhagen-690x460.jpg 690w, https:\/\/www.galerie-metzger.de\/wp-content\/uploads\/2024\/08\/Kerstin-Abraham-Teegedeck-bemalt-in-HB-Werkstaette-von-Christa-Tourmo-nach-Entwurf-von-Kerstin-Abraham-galerie-metzger-keramikkunst-germandesign-Bollhagen-768x512.jpg 768w, https:\/\/www.galerie-metzger.de\/wp-content\/uploads\/2024\/08\/Kerstin-Abraham-Teegedeck-bemalt-in-HB-Werkstaette-von-Christa-Tourmo-nach-Entwurf-von-Kerstin-Abraham-galerie-metzger-keramikkunst-germandesign-Bollhagen-1536x1024.jpg 1536w, https:\/\/www.galerie-metzger.de\/wp-content\/uploads\/2024\/08\/Kerstin-Abraham-Teegedeck-bemalt-in-HB-Werkstaette-von-Christa-Tourmo-nach-Entwurf-von-Kerstin-Abraham-galerie-metzger-keramikkunst-germandesign-Bollhagen-2048x1365.jpg 2048w, https:\/\/www.galerie-metzger.de\/wp-content\/uploads\/2024\/08\/Kerstin-Abraham-Teegedeck-bemalt-in-HB-Werkstaette-von-Christa-Tourmo-nach-Entwurf-von-Kerstin-Abraham-galerie-metzger-keramikkunst-germandesign-Bollhagen-1500x1000.jpg 1500w, https:\/\/www.galerie-metzger.de\/wp-content\/uploads\/2024\/08\/Kerstin-Abraham-Teegedeck-bemalt-in-HB-Werkstaette-von-Christa-Tourmo-nach-Entwurf-von-Kerstin-Abraham-galerie-metzger-keramikkunst-germandesign-Bollhagen-705x470.jpg 705w\" data-sizes=\"(max-width: 1030px) 100vw, 1030px\" class='avia_image' ><div class=\"av-image-caption-overlay\"><div class=\"av-caption-image-overlay-bg\"><\/div><div class=\"av-image-caption-overlay-position\"><div class=\"av-image-caption-overlay-center\"><p>Kerstin Abraham \u2013 Tea set, 3 pieces, painted in HB workshop by Christa Tourmo based on a design by Kerstin Abraham\u2013 2009, Foto: Edi Baumann<\/p>\n<\/div><\/div><\/div><img decoding=\"async\" class='wp-image-12684 avia-img-lazy-loading-not-12684 avia_image ' src=\"https:\/\/www.galerie-metzger.de\/wp-content\/uploads\/2024\/08\/Kerstin-Abraham-Teegedeck-bemalt-in-HB-Werkstaette-von-Christa-Tourmo-nach-Entwurf-von-Kerstin-Abraham-galerie-metzger-keramikkunst-germandesign-Bollhagen-690x460.jpg\" alt='Kerstin Abraham - Teegedeck bemalt in HB Werkstaette von Christa Tourmo nach Entwurf von Kerstin Abraham' title='Kerstin Abraham - Teegedeck bemalt in HB Werkstaette von Christa Tourmo nach Entwurf von Kerstin Abraham'  height=\"460\" width=\"690\" srcset=\"https:\/\/www.galerie-metzger.de\/wp-content\/uploads\/2024\/08\/Kerstin-Abraham-Teegedeck-bemalt-in-HB-Werkstaette-von-Christa-Tourmo-nach-Entwurf-von-Kerstin-Abraham-galerie-metzger-keramikkunst-germandesign-Bollhagen-690x460.jpg 690w, https:\/\/www.galerie-metzger.de\/wp-content\/uploads\/2024\/08\/Kerstin-Abraham-Teegedeck-bemalt-in-HB-Werkstaette-von-Christa-Tourmo-nach-Entwurf-von-Kerstin-Abraham-galerie-metzger-keramikkunst-germandesign-Bollhagen-1030x687.jpg 1030w, https:\/\/www.galerie-metzger.de\/wp-content\/uploads\/2024\/08\/Kerstin-Abraham-Teegedeck-bemalt-in-HB-Werkstaette-von-Christa-Tourmo-nach-Entwurf-von-Kerstin-Abraham-galerie-metzger-keramikkunst-germandesign-Bollhagen-768x512.jpg 768w, https:\/\/www.galerie-metzger.de\/wp-content\/uploads\/2024\/08\/Kerstin-Abraham-Teegedeck-bemalt-in-HB-Werkstaette-von-Christa-Tourmo-nach-Entwurf-von-Kerstin-Abraham-galerie-metzger-keramikkunst-germandesign-Bollhagen-1536x1024.jpg 1536w, https:\/\/www.galerie-metzger.de\/wp-content\/uploads\/2024\/08\/Kerstin-Abraham-Teegedeck-bemalt-in-HB-Werkstaette-von-Christa-Tourmo-nach-Entwurf-von-Kerstin-Abraham-galerie-metzger-keramikkunst-germandesign-Bollhagen-2048x1365.jpg 2048w, https:\/\/www.galerie-metzger.de\/wp-content\/uploads\/2024\/08\/Kerstin-Abraham-Teegedeck-bemalt-in-HB-Werkstaette-von-Christa-Tourmo-nach-Entwurf-von-Kerstin-Abraham-galerie-metzger-keramikkunst-germandesign-Bollhagen-1500x1000.jpg 1500w, https:\/\/www.galerie-metzger.de\/wp-content\/uploads\/2024\/08\/Kerstin-Abraham-Teegedeck-bemalt-in-HB-Werkstaette-von-Christa-Tourmo-nach-Entwurf-von-Kerstin-Abraham-galerie-metzger-keramikkunst-germandesign-Bollhagen-705x470.jpg 705w\" sizes=\"(max-width: 690px) 100vw, 690px\" \/><\/a><\/div><\/div><\/div><br \/>\n<section  class='av_textblock_section av-1g8obco-46d892ed0591331a2bf5f9e753086dbd' ><div class='avia_textblock jo_werk_anfrage lang sehr' ><p><a class=\"anfrage\" href=\"mailto:info@galerie-metzger.de?subject=Kerstin%20Abraham%20Teegedeck%20bemalt%20in%20HB%20Werkstaette%20von%20Christa%20Tourmo%20nach%20Entwurf%20von%20Kerstin%20Abraham%202009\">request information<\/a><\/p>\n<\/div><\/section><\/p><\/div><div class='flex_column_table av-1a4qshk-2341af9565a64e22e012da0091852555 sc-av_one_full av-equal-height-column-flextable'>\n<style type=\"text\/css\" data-created_by=\"avia_inline_auto\" id=\"style-css-av-1a4qshk-2341af9565a64e22e012da0091852555\">\n.flex_column.av-1a4qshk-2341af9565a64e22e012da0091852555{\n-webkit-border-radius:0px 0px 0px 0px;\n-moz-border-radius:0px 0px 0px 0px;\nborder-radius:0px 0px 0px 0px;\n}\n<\/style>\n<div class='flex_column av-1a4qshk-2341af9565a64e22e012da0091852555 av_one_full  avia-builder-el-45  el_after_av_one_third  el_before_av_one_third  jo_col_empty first flex_column_table_cell av-equal-height-column av-align-top av-animated-generic fade-in av-zero-column-padding column-top-margin'     ><section  class='av_textblock_section av-n2qe1k-9a98265e05dd772a34c07d33f11300f0' ><div class='avia_textblock' ><p>invisible placeholder<\/p>\n<\/div><\/section><\/div><\/div><!--close column table wrapper. Autoclose: 1 -->\n<style type=\"text\/css\" data-created_by=\"avia_inline_auto\" id=\"style-css-av-5s2vwoo-62ce2500b1228909975c70b0619de6b3\">\n.flex_column.av-5s2vwoo-62ce2500b1228909975c70b0619de6b3{\n-webkit-border-radius:0px 0px 0px 0px;\n-moz-border-radius:0px 0px 0px 0px;\nborder-radius:0px 0px 0px 0px;\n}\n<\/style>\n<div class='flex_column av-5s2vwoo-62ce2500b1228909975c70b0619de6b3 av_one_third  avia-builder-el-47  el_after_av_one_full  el_before_av_one_third  jo_pf_bild_bg first flex_column_div av-animated-generic fade-in av-zero-column-padding column-top-margin'     ><p>\n<style type=\"text\/css\" data-created_by=\"avia_inline_auto\" id=\"style-css-av-m0avr0ef-47d6090732db031da6d68016e596bc8a\">\n.avia-image-container.av-m0avr0ef-47d6090732db031da6d68016e596bc8a img.avia_image{\nbox-shadow:none;\n}\n.avia-image-container.av-m0avr0ef-47d6090732db031da6d68016e596bc8a .av-caption-image-overlay-bg{\nopacity:0.4;\n}\n<\/style>\n<div  class='avia-image-container av-m0avr0ef-47d6090732db031da6d68016e596bc8a av-styling-no-styling avia_animated_image av-animated-when-visible-95 fade-in avia-align-left  avia-builder-el-48  el_before_av_textblock  avia-builder-el-first  jo_pf_bild noHover av-overlay-hover-deactivate'  ><div class=\"avia-image-container-inner\"><div class=\"avia-image-overlay-wrap\"><a href=\"https:\/\/www.galerie-metzger.de\/wp-content\/uploads\/2024\/08\/Emmanuel-Alexia-Teekanne-galerie-metzger-gallery-keramik-art-teezeremonie-1030x687.jpg\" data-srcset=\"https:\/\/www.galerie-metzger.de\/wp-content\/uploads\/2024\/08\/Emmanuel-Alexia-Teekanne-galerie-metzger-gallery-keramik-art-teezeremonie-1030x687.jpg 1030w, https:\/\/www.galerie-metzger.de\/wp-content\/uploads\/2024\/08\/Emmanuel-Alexia-Teekanne-galerie-metzger-gallery-keramik-art-teezeremonie-690x460.jpg 690w, https:\/\/www.galerie-metzger.de\/wp-content\/uploads\/2024\/08\/Emmanuel-Alexia-Teekanne-galerie-metzger-gallery-keramik-art-teezeremonie-768x512.jpg 768w, https:\/\/www.galerie-metzger.de\/wp-content\/uploads\/2024\/08\/Emmanuel-Alexia-Teekanne-galerie-metzger-gallery-keramik-art-teezeremonie-1536x1024.jpg 1536w, https:\/\/www.galerie-metzger.de\/wp-content\/uploads\/2024\/08\/Emmanuel-Alexia-Teekanne-galerie-metzger-gallery-keramik-art-teezeremonie-2048x1365.jpg 2048w, https:\/\/www.galerie-metzger.de\/wp-content\/uploads\/2024\/08\/Emmanuel-Alexia-Teekanne-galerie-metzger-gallery-keramik-art-teezeremonie-1500x1000.jpg 1500w, https:\/\/www.galerie-metzger.de\/wp-content\/uploads\/2024\/08\/Emmanuel-Alexia-Teekanne-galerie-metzger-gallery-keramik-art-teezeremonie-705x470.jpg 705w\" data-sizes=\"(max-width: 1030px) 100vw, 1030px\" class='avia_image' ><div class=\"av-image-caption-overlay\"><div class=\"av-caption-image-overlay-bg\"><\/div><div class=\"av-image-caption-overlay-position\"><div class=\"av-image-caption-overlay-center\"><p>Emmanuel Alexia \u2013 small tea pot \u2013 , Foto: Emmanuel Alexia<\/p>\n<\/div><\/div><\/div><img decoding=\"async\" class='wp-image-12775 avia-img-lazy-loading-not-12775 avia_image ' src=\"https:\/\/www.galerie-metzger.de\/wp-content\/uploads\/2024\/08\/Emmanuel-Alexia-Teekanne-galerie-metzger-gallery-keramik-art-teezeremonie-690x460.jpg\" alt='Emmanuel Alexia - small tea pot' title='Emmanuel Alexia - small tea pot'  height=\"460\" width=\"690\" srcset=\"https:\/\/www.galerie-metzger.de\/wp-content\/uploads\/2024\/08\/Emmanuel-Alexia-Teekanne-galerie-metzger-gallery-keramik-art-teezeremonie-690x460.jpg 690w, https:\/\/www.galerie-metzger.de\/wp-content\/uploads\/2024\/08\/Emmanuel-Alexia-Teekanne-galerie-metzger-gallery-keramik-art-teezeremonie-1030x687.jpg 1030w, https:\/\/www.galerie-metzger.de\/wp-content\/uploads\/2024\/08\/Emmanuel-Alexia-Teekanne-galerie-metzger-gallery-keramik-art-teezeremonie-768x512.jpg 768w, https:\/\/www.galerie-metzger.de\/wp-content\/uploads\/2024\/08\/Emmanuel-Alexia-Teekanne-galerie-metzger-gallery-keramik-art-teezeremonie-1536x1024.jpg 1536w, https:\/\/www.galerie-metzger.de\/wp-content\/uploads\/2024\/08\/Emmanuel-Alexia-Teekanne-galerie-metzger-gallery-keramik-art-teezeremonie-2048x1365.jpg 2048w, https:\/\/www.galerie-metzger.de\/wp-content\/uploads\/2024\/08\/Emmanuel-Alexia-Teekanne-galerie-metzger-gallery-keramik-art-teezeremonie-1500x1000.jpg 1500w, https:\/\/www.galerie-metzger.de\/wp-content\/uploads\/2024\/08\/Emmanuel-Alexia-Teekanne-galerie-metzger-gallery-keramik-art-teezeremonie-705x470.jpg 705w\" sizes=\"(max-width: 690px) 100vw, 690px\" \/><\/a><\/div><\/div><\/div><br \/>\n<section  class='av_textblock_section av-m0avrg3v-45315d0d4bbb0805f2c2de9581d1ce59' ><div class='avia_textblock jo_werk_anfrage lang' ><p><a class=\"anfrage\" href=\"mailto:info@galerie-metzger.de?subject=Emmanuel%20Alexia%20kleine%20Teekanne%202009\">request information<\/a><\/p>\n<\/div><\/section><\/p><\/div>\n<style type=\"text\/css\" data-created_by=\"avia_inline_auto\" id=\"style-css-av-481eg6w-b7360fb07677eda604b7959a6d4e715d\">\n.flex_column.av-481eg6w-b7360fb07677eda604b7959a6d4e715d{\n-webkit-border-radius:0px 0px 0px 0px;\n-moz-border-radius:0px 0px 0px 0px;\nborder-radius:0px 0px 0px 0px;\n}\n<\/style>\n<div class='flex_column av-481eg6w-b7360fb07677eda604b7959a6d4e715d av_one_third  avia-builder-el-50  el_after_av_one_third  el_before_av_one_third  jo_pf_bild_bg flex_column_div av-animated-generic fade-in av-zero-column-padding column-top-margin'     ><p>\n<style type=\"text\/css\" data-created_by=\"avia_inline_auto\" id=\"style-css-av-m0ib5024-c7462aac326923c11aaa857417e21ed7\">\n.avia-image-container.av-m0ib5024-c7462aac326923c11aaa857417e21ed7 img.avia_image{\nbox-shadow:none;\n}\n.avia-image-container.av-m0ib5024-c7462aac326923c11aaa857417e21ed7 .av-caption-image-overlay-bg{\nopacity:0.4;\n}\n<\/style>\n<div  class='avia-image-container av-m0ib5024-c7462aac326923c11aaa857417e21ed7 av-styling-no-styling avia_animated_image av-animated-when-visible-95 fade-in avia-align-left  avia-builder-el-51  el_before_av_textblock  avia-builder-el-first  jo_pf_bild noHover av-overlay-hover-deactivate'  ><div class=\"avia-image-container-inner\"><div class=\"avia-image-overlay-wrap\"><a href=\"https:\/\/www.galerie-metzger.de\/wp-content\/uploads\/2024\/08\/Emmanuel-Alexia-Objekt-fuer-Teezeremonie-galerie-metzger-gallery-keramik-art-teezeremonie-scalpture-1030x687.jpg\" data-srcset=\"https:\/\/www.galerie-metzger.de\/wp-content\/uploads\/2024\/08\/Emmanuel-Alexia-Objekt-fuer-Teezeremonie-galerie-metzger-gallery-keramik-art-teezeremonie-scalpture-1030x687.jpg 1030w, https:\/\/www.galerie-metzger.de\/wp-content\/uploads\/2024\/08\/Emmanuel-Alexia-Objekt-fuer-Teezeremonie-galerie-metzger-gallery-keramik-art-teezeremonie-scalpture-690x460.jpg 690w, https:\/\/www.galerie-metzger.de\/wp-content\/uploads\/2024\/08\/Emmanuel-Alexia-Objekt-fuer-Teezeremonie-galerie-metzger-gallery-keramik-art-teezeremonie-scalpture-768x512.jpg 768w, https:\/\/www.galerie-metzger.de\/wp-content\/uploads\/2024\/08\/Emmanuel-Alexia-Objekt-fuer-Teezeremonie-galerie-metzger-gallery-keramik-art-teezeremonie-scalpture-1536x1024.jpg 1536w, https:\/\/www.galerie-metzger.de\/wp-content\/uploads\/2024\/08\/Emmanuel-Alexia-Objekt-fuer-Teezeremonie-galerie-metzger-gallery-keramik-art-teezeremonie-scalpture-2048x1365.jpg 2048w, https:\/\/www.galerie-metzger.de\/wp-content\/uploads\/2024\/08\/Emmanuel-Alexia-Objekt-fuer-Teezeremonie-galerie-metzger-gallery-keramik-art-teezeremonie-scalpture-1500x1000.jpg 1500w, https:\/\/www.galerie-metzger.de\/wp-content\/uploads\/2024\/08\/Emmanuel-Alexia-Objekt-fuer-Teezeremonie-galerie-metzger-gallery-keramik-art-teezeremonie-scalpture-705x470.jpg 705w\" data-sizes=\"(max-width: 1030px) 100vw, 1030px\" class='avia_image' ><div class=\"av-image-caption-overlay\"><div class=\"av-caption-image-overlay-bg\"><\/div><div class=\"av-image-caption-overlay-position\"><div class=\"av-image-caption-overlay-center\"><p>Emmanuel Alexia \u2013 Small jug for sencha \u2013 , Foto: Emmanuel Alexia<\/p>\n<\/div><\/div><\/div><img decoding=\"async\" class='wp-image-12779 avia-img-lazy-loading-not-12779 avia_image ' src=\"https:\/\/www.galerie-metzger.de\/wp-content\/uploads\/2024\/08\/Emmanuel-Alexia-Objekt-fuer-Teezeremonie-galerie-metzger-gallery-keramik-art-teezeremonie-scalpture-690x460.jpg\" alt='Emmanuel Alexia - Small jug for sencha' title='Emmanuel Alexia - Small jug for sencha'  height=\"460\" width=\"690\" srcset=\"https:\/\/www.galerie-metzger.de\/wp-content\/uploads\/2024\/08\/Emmanuel-Alexia-Objekt-fuer-Teezeremonie-galerie-metzger-gallery-keramik-art-teezeremonie-scalpture-690x460.jpg 690w, https:\/\/www.galerie-metzger.de\/wp-content\/uploads\/2024\/08\/Emmanuel-Alexia-Objekt-fuer-Teezeremonie-galerie-metzger-gallery-keramik-art-teezeremonie-scalpture-1030x687.jpg 1030w, https:\/\/www.galerie-metzger.de\/wp-content\/uploads\/2024\/08\/Emmanuel-Alexia-Objekt-fuer-Teezeremonie-galerie-metzger-gallery-keramik-art-teezeremonie-scalpture-768x512.jpg 768w, https:\/\/www.galerie-metzger.de\/wp-content\/uploads\/2024\/08\/Emmanuel-Alexia-Objekt-fuer-Teezeremonie-galerie-metzger-gallery-keramik-art-teezeremonie-scalpture-1536x1024.jpg 1536w, https:\/\/www.galerie-metzger.de\/wp-content\/uploads\/2024\/08\/Emmanuel-Alexia-Objekt-fuer-Teezeremonie-galerie-metzger-gallery-keramik-art-teezeremonie-scalpture-2048x1365.jpg 2048w, https:\/\/www.galerie-metzger.de\/wp-content\/uploads\/2024\/08\/Emmanuel-Alexia-Objekt-fuer-Teezeremonie-galerie-metzger-gallery-keramik-art-teezeremonie-scalpture-1500x1000.jpg 1500w, https:\/\/www.galerie-metzger.de\/wp-content\/uploads\/2024\/08\/Emmanuel-Alexia-Objekt-fuer-Teezeremonie-galerie-metzger-gallery-keramik-art-teezeremonie-scalpture-705x470.jpg 705w\" sizes=\"(max-width: 690px) 100vw, 690px\" \/><\/a><\/div><\/div><\/div><br \/>\n<section  class='av_textblock_section av-m0ib68x3-6d36097c67a28062c950f6185c96aa8c' ><div class='avia_textblock jo_werk_anfrage lang' ><p><a class=\"anfrage\" href=\"mailto:info@galerie-metzger.de?subject=Emmanuel%20Alexia%20Objekt%20f%C3%BCr%20Teezeremonie%202009\">request information<\/a><\/p>\n<\/div><\/section><\/p><\/div>\n<style type=\"text\/css\" data-created_by=\"avia_inline_auto\" id=\"style-css-av-42crrko-a1853d5cd7ff94a3508d84f6af4d326d\">\n.flex_column.av-42crrko-a1853d5cd7ff94a3508d84f6af4d326d{\n-webkit-border-radius:0px 0px 0px 0px;\n-moz-border-radius:0px 0px 0px 0px;\nborder-radius:0px 0px 0px 0px;\n}\n<\/style>\n<div class='flex_column av-42crrko-a1853d5cd7ff94a3508d84f6af4d326d av_one_third  avia-builder-el-53  el_after_av_one_third  el_before_av_one_half  jo_pf_bild_bg flex_column_div av-animated-generic fade-in av-zero-column-padding column-top-margin'     ><p>\n<style type=\"text\/css\" data-created_by=\"avia_inline_auto\" id=\"style-css-av-m0ib9lmr-9eca0b0fd5340886286f5eb2f83a26a7\">\n.avia-image-container.av-m0ib9lmr-9eca0b0fd5340886286f5eb2f83a26a7 img.avia_image{\nbox-shadow:none;\n}\n.avia-image-container.av-m0ib9lmr-9eca0b0fd5340886286f5eb2f83a26a7 .av-caption-image-overlay-bg{\nopacity:0.4;\n}\n<\/style>\n<div  class='avia-image-container av-m0ib9lmr-9eca0b0fd5340886286f5eb2f83a26a7 av-styling-no-styling avia_animated_image av-animated-when-visible-95 fade-in avia-align-left  avia-builder-el-54  el_before_av_textblock  avia-builder-el-first  jo_pf_bild noHover av-overlay-hover-deactivate'  ><div class=\"avia-image-container-inner\"><div class=\"avia-image-overlay-wrap\"><a href=\"https:\/\/www.galerie-metzger.de\/wp-content\/uploads\/2024\/08\/Emmanuel-Alexia-Teekanne-galerie-metzger-gallery-keramik-art-teezeremonie-scalpture-1030x687.jpg\" data-srcset=\"https:\/\/www.galerie-metzger.de\/wp-content\/uploads\/2024\/08\/Emmanuel-Alexia-Teekanne-galerie-metzger-gallery-keramik-art-teezeremonie-scalpture-1030x687.jpg 1030w, https:\/\/www.galerie-metzger.de\/wp-content\/uploads\/2024\/08\/Emmanuel-Alexia-Teekanne-galerie-metzger-gallery-keramik-art-teezeremonie-scalpture-690x460.jpg 690w, https:\/\/www.galerie-metzger.de\/wp-content\/uploads\/2024\/08\/Emmanuel-Alexia-Teekanne-galerie-metzger-gallery-keramik-art-teezeremonie-scalpture-768x512.jpg 768w, https:\/\/www.galerie-metzger.de\/wp-content\/uploads\/2024\/08\/Emmanuel-Alexia-Teekanne-galerie-metzger-gallery-keramik-art-teezeremonie-scalpture-1536x1024.jpg 1536w, https:\/\/www.galerie-metzger.de\/wp-content\/uploads\/2024\/08\/Emmanuel-Alexia-Teekanne-galerie-metzger-gallery-keramik-art-teezeremonie-scalpture-2048x1365.jpg 2048w, https:\/\/www.galerie-metzger.de\/wp-content\/uploads\/2024\/08\/Emmanuel-Alexia-Teekanne-galerie-metzger-gallery-keramik-art-teezeremonie-scalpture-1500x1000.jpg 1500w, https:\/\/www.galerie-metzger.de\/wp-content\/uploads\/2024\/08\/Emmanuel-Alexia-Teekanne-galerie-metzger-gallery-keramik-art-teezeremonie-scalpture-705x470.jpg 705w\" data-sizes=\"(max-width: 1030px) 100vw, 1030px\" class='avia_image' ><div class=\"av-image-caption-overlay\"><div class=\"av-caption-image-overlay-bg\"><\/div><div class=\"av-image-caption-overlay-position\"><div class=\"av-image-caption-overlay-center\"><p>Emmanuel Alexia \u2013 small tea pot \u2013 , Foto: Emmanuel Alexia<\/p>\n<\/div><\/div><\/div><img decoding=\"async\" class='wp-image-12777 avia-img-lazy-loading-not-12777 avia_image ' src=\"https:\/\/www.galerie-metzger.de\/wp-content\/uploads\/2024\/08\/Emmanuel-Alexia-Teekanne-galerie-metzger-gallery-keramik-art-teezeremonie-scalpture-690x460.jpg\" alt='Emmanuel Alexia - small tea pot' title='Emmanuel Alexia - small tea pot'  height=\"460\" width=\"690\" srcset=\"https:\/\/www.galerie-metzger.de\/wp-content\/uploads\/2024\/08\/Emmanuel-Alexia-Teekanne-galerie-metzger-gallery-keramik-art-teezeremonie-scalpture-690x460.jpg 690w, https:\/\/www.galerie-metzger.de\/wp-content\/uploads\/2024\/08\/Emmanuel-Alexia-Teekanne-galerie-metzger-gallery-keramik-art-teezeremonie-scalpture-1030x687.jpg 1030w, https:\/\/www.galerie-metzger.de\/wp-content\/uploads\/2024\/08\/Emmanuel-Alexia-Teekanne-galerie-metzger-gallery-keramik-art-teezeremonie-scalpture-768x512.jpg 768w, https:\/\/www.galerie-metzger.de\/wp-content\/uploads\/2024\/08\/Emmanuel-Alexia-Teekanne-galerie-metzger-gallery-keramik-art-teezeremonie-scalpture-1536x1024.jpg 1536w, https:\/\/www.galerie-metzger.de\/wp-content\/uploads\/2024\/08\/Emmanuel-Alexia-Teekanne-galerie-metzger-gallery-keramik-art-teezeremonie-scalpture-2048x1365.jpg 2048w, https:\/\/www.galerie-metzger.de\/wp-content\/uploads\/2024\/08\/Emmanuel-Alexia-Teekanne-galerie-metzger-gallery-keramik-art-teezeremonie-scalpture-1500x1000.jpg 1500w, https:\/\/www.galerie-metzger.de\/wp-content\/uploads\/2024\/08\/Emmanuel-Alexia-Teekanne-galerie-metzger-gallery-keramik-art-teezeremonie-scalpture-705x470.jpg 705w\" sizes=\"(max-width: 690px) 100vw, 690px\" \/><\/a><\/div><\/div><\/div><br \/>\n<section  class='av_textblock_section av-3bw42ig-6cd3ac564bd732ed5359639d58935e34' ><div class='avia_textblock jo_werk_anfrage lang' ><p><a class=\"anfrage\" href=\"mailto:info@galerie-metzger.de?subject=Emmanuel%20Alexia%20kleine%20Teekanne%202009\">request information<\/a><\/p>\n<\/div><\/section><\/p><\/div>\n<style type=\"text\/css\" data-created_by=\"avia_inline_auto\" id=\"style-css-av-28g33ko-f3c35115be00773fcbf5d00e99224f5e\">\n.flex_column.av-28g33ko-f3c35115be00773fcbf5d00e99224f5e{\n-webkit-border-radius:0px 0px 0px 0px;\n-moz-border-radius:0px 0px 0px 0px;\nborder-radius:0px 0px 0px 0px;\n}\n<\/style>\n<div class='flex_column av-28g33ko-f3c35115be00773fcbf5d00e99224f5e av_one_half  avia-builder-el-56  el_after_av_one_third  el_before_av_one_half  jo_pf_bild_bg first flex_column_div av-animated-generic fade-in av-zero-column-padding column-top-margin'     ><p>\n<style type=\"text\/css\" data-created_by=\"avia_inline_auto\" id=\"style-css-av-m0ib7op0-d9b58a6f97c642aaaef845489739a051\">\n.avia-image-container.av-m0ib7op0-d9b58a6f97c642aaaef845489739a051 img.avia_image{\nbox-shadow:none;\n}\n.avia-image-container.av-m0ib7op0-d9b58a6f97c642aaaef845489739a051 .av-caption-image-overlay-bg{\nopacity:0.4;\n}\n<\/style>\n<div  class='avia-image-container av-m0ib7op0-d9b58a6f97c642aaaef845489739a051 av-styling-no-styling avia_animated_image av-animated-when-visible-95 fade-in avia-align-left  avia-builder-el-57  el_before_av_textblock  avia-builder-el-first  jo_pf_bild noHover av-overlay-hover-deactivate'  ><div class=\"avia-image-container-inner\"><div class=\"avia-image-overlay-wrap\"><a href=\"https:\/\/www.galerie-metzger.de\/wp-content\/uploads\/2024\/08\/Emmanuel-Alexia-Teeschale-Raku-noir-galerie-metzger-gallery-ceramic-tea-object-1030x687.jpg\" data-srcset=\"https:\/\/www.galerie-metzger.de\/wp-content\/uploads\/2024\/08\/Emmanuel-Alexia-Teeschale-Raku-noir-galerie-metzger-gallery-ceramic-tea-object-1030x687.jpg 1030w, https:\/\/www.galerie-metzger.de\/wp-content\/uploads\/2024\/08\/Emmanuel-Alexia-Teeschale-Raku-noir-galerie-metzger-gallery-ceramic-tea-object-690x460.jpg 690w, https:\/\/www.galerie-metzger.de\/wp-content\/uploads\/2024\/08\/Emmanuel-Alexia-Teeschale-Raku-noir-galerie-metzger-gallery-ceramic-tea-object-768x512.jpg 768w, https:\/\/www.galerie-metzger.de\/wp-content\/uploads\/2024\/08\/Emmanuel-Alexia-Teeschale-Raku-noir-galerie-metzger-gallery-ceramic-tea-object-1536x1024.jpg 1536w, https:\/\/www.galerie-metzger.de\/wp-content\/uploads\/2024\/08\/Emmanuel-Alexia-Teeschale-Raku-noir-galerie-metzger-gallery-ceramic-tea-object-2048x1365.jpg 2048w, https:\/\/www.galerie-metzger.de\/wp-content\/uploads\/2024\/08\/Emmanuel-Alexia-Teeschale-Raku-noir-galerie-metzger-gallery-ceramic-tea-object-1500x1000.jpg 1500w, https:\/\/www.galerie-metzger.de\/wp-content\/uploads\/2024\/08\/Emmanuel-Alexia-Teeschale-Raku-noir-galerie-metzger-gallery-ceramic-tea-object-705x470.jpg 705w\" data-sizes=\"(max-width: 1030px) 100vw, 1030px\" class='avia_image' ><div class=\"av-image-caption-overlay\"><div class=\"av-caption-image-overlay-bg\"><\/div><div class=\"av-image-caption-overlay-position\"><div class=\"av-image-caption-overlay-center\"><p>Emmanuel Alexia \u2013 Tea bowl Raku noir \u2013 2024, Foto: Emmanuel Alexia<\/p>\n<\/div><\/div><\/div><img decoding=\"async\" class='wp-image-12771 avia-img-lazy-loading-not-12771 avia_image ' src=\"https:\/\/www.galerie-metzger.de\/wp-content\/uploads\/2024\/08\/Emmanuel-Alexia-Teeschale-Raku-noir-galerie-metzger-gallery-ceramic-tea-object-690x460.jpg\" alt='Emmanuel Alexia - Tea bowl Raku noir' title='Emmanuel Alexia - Tea bowl Raku noir'  height=\"460\" width=\"690\" srcset=\"https:\/\/www.galerie-metzger.de\/wp-content\/uploads\/2024\/08\/Emmanuel-Alexia-Teeschale-Raku-noir-galerie-metzger-gallery-ceramic-tea-object-690x460.jpg 690w, https:\/\/www.galerie-metzger.de\/wp-content\/uploads\/2024\/08\/Emmanuel-Alexia-Teeschale-Raku-noir-galerie-metzger-gallery-ceramic-tea-object-1030x687.jpg 1030w, https:\/\/www.galerie-metzger.de\/wp-content\/uploads\/2024\/08\/Emmanuel-Alexia-Teeschale-Raku-noir-galerie-metzger-gallery-ceramic-tea-object-768x512.jpg 768w, https:\/\/www.galerie-metzger.de\/wp-content\/uploads\/2024\/08\/Emmanuel-Alexia-Teeschale-Raku-noir-galerie-metzger-gallery-ceramic-tea-object-1536x1024.jpg 1536w, https:\/\/www.galerie-metzger.de\/wp-content\/uploads\/2024\/08\/Emmanuel-Alexia-Teeschale-Raku-noir-galerie-metzger-gallery-ceramic-tea-object-2048x1365.jpg 2048w, https:\/\/www.galerie-metzger.de\/wp-content\/uploads\/2024\/08\/Emmanuel-Alexia-Teeschale-Raku-noir-galerie-metzger-gallery-ceramic-tea-object-1500x1000.jpg 1500w, https:\/\/www.galerie-metzger.de\/wp-content\/uploads\/2024\/08\/Emmanuel-Alexia-Teeschale-Raku-noir-galerie-metzger-gallery-ceramic-tea-object-705x470.jpg 705w\" sizes=\"(max-width: 690px) 100vw, 690px\" \/><\/a><\/div><\/div><\/div><br \/>\n<section  class='av_textblock_section av-m0ib7ybq-6cdd6e18807a9eb42c0a9ac67ba47aea' ><div class='avia_textblock jo_werk_anfrage lang' ><p><a class=\"anfrage\" href=\"mailto:info@galerie-metzger.de?subject=Emmanuel%20Alexia%20Teeschale%20Raku%20noir%202009\">request information<\/a><\/p>\n<\/div><\/section><\/p><\/div>\n<style type=\"text\/css\" data-created_by=\"avia_inline_auto\" id=\"style-css-av-654nqw-b4f7b8346259045ca846bab127fe76e3\">\n.flex_column.av-654nqw-b4f7b8346259045ca846bab127fe76e3{\n-webkit-border-radius:0px 0px 0px 0px;\n-moz-border-radius:0px 0px 0px 0px;\nborder-radius:0px 0px 0px 0px;\n}\n<\/style>\n<div class='flex_column av-654nqw-b4f7b8346259045ca846bab127fe76e3 av_one_half  avia-builder-el-59  el_after_av_one_half  el_before_av_one_full  jo_pf_bild_bg flex_column_div av-animated-generic fade-in av-zero-column-padding column-top-margin'     ><p>\n<style type=\"text\/css\" data-created_by=\"avia_inline_auto\" id=\"style-css-av-m0ib8p52-1803151b7150760bd3f1aecd261a535b\">\n.avia-image-container.av-m0ib8p52-1803151b7150760bd3f1aecd261a535b img.avia_image{\nbox-shadow:none;\n}\n.avia-image-container.av-m0ib8p52-1803151b7150760bd3f1aecd261a535b .av-caption-image-overlay-bg{\nopacity:0.4;\n}\n<\/style>\n<div  class='avia-image-container av-m0ib8p52-1803151b7150760bd3f1aecd261a535b av-styling-no-styling avia_animated_image av-animated-when-visible-95 fade-in avia-align-left  avia-builder-el-60  el_before_av_textblock  avia-builder-el-first  jo_pf_bild noHover av-overlay-hover-deactivate'  ><div class=\"avia-image-container-inner\"><div class=\"avia-image-overlay-wrap\"><a href=\"https:\/\/www.galerie-metzger.de\/wp-content\/uploads\/2024\/08\/Emmanuel-Alexia-Teeschale-Raku-rouge-galerie-metzger-gallery-keramik-kunst-1030x687.jpg\" data-srcset=\"https:\/\/www.galerie-metzger.de\/wp-content\/uploads\/2024\/08\/Emmanuel-Alexia-Teeschale-Raku-rouge-galerie-metzger-gallery-keramik-kunst-1030x687.jpg 1030w, https:\/\/www.galerie-metzger.de\/wp-content\/uploads\/2024\/08\/Emmanuel-Alexia-Teeschale-Raku-rouge-galerie-metzger-gallery-keramik-kunst-690x460.jpg 690w, https:\/\/www.galerie-metzger.de\/wp-content\/uploads\/2024\/08\/Emmanuel-Alexia-Teeschale-Raku-rouge-galerie-metzger-gallery-keramik-kunst-768x512.jpg 768w, https:\/\/www.galerie-metzger.de\/wp-content\/uploads\/2024\/08\/Emmanuel-Alexia-Teeschale-Raku-rouge-galerie-metzger-gallery-keramik-kunst-1536x1024.jpg 1536w, https:\/\/www.galerie-metzger.de\/wp-content\/uploads\/2024\/08\/Emmanuel-Alexia-Teeschale-Raku-rouge-galerie-metzger-gallery-keramik-kunst-2048x1365.jpg 2048w, https:\/\/www.galerie-metzger.de\/wp-content\/uploads\/2024\/08\/Emmanuel-Alexia-Teeschale-Raku-rouge-galerie-metzger-gallery-keramik-kunst-1500x1000.jpg 1500w, https:\/\/www.galerie-metzger.de\/wp-content\/uploads\/2024\/08\/Emmanuel-Alexia-Teeschale-Raku-rouge-galerie-metzger-gallery-keramik-kunst-705x470.jpg 705w\" data-sizes=\"(max-width: 1030px) 100vw, 1030px\" class='avia_image' ><div class=\"av-image-caption-overlay\"><div class=\"av-caption-image-overlay-bg\"><\/div><div class=\"av-image-caption-overlay-position\"><div class=\"av-image-caption-overlay-center\"><p>Emmanuel Alexia \u2013 Tea bowl Raku rouge \u2013 2024, Foto: Emmanuel Alexia<\/p>\n<\/div><\/div><\/div><img decoding=\"async\" class='wp-image-12773 avia-img-lazy-loading-not-12773 avia_image ' src=\"https:\/\/www.galerie-metzger.de\/wp-content\/uploads\/2024\/08\/Emmanuel-Alexia-Teeschale-Raku-rouge-galerie-metzger-gallery-keramik-kunst-690x460.jpg\" alt='Emmanuel Alexia - Tea bowl Raku rouge' title='Emmanuel Alexia - Tea bowl Raku rouge'  height=\"460\" width=\"690\" srcset=\"https:\/\/www.galerie-metzger.de\/wp-content\/uploads\/2024\/08\/Emmanuel-Alexia-Teeschale-Raku-rouge-galerie-metzger-gallery-keramik-kunst-690x460.jpg 690w, https:\/\/www.galerie-metzger.de\/wp-content\/uploads\/2024\/08\/Emmanuel-Alexia-Teeschale-Raku-rouge-galerie-metzger-gallery-keramik-kunst-1030x687.jpg 1030w, https:\/\/www.galerie-metzger.de\/wp-content\/uploads\/2024\/08\/Emmanuel-Alexia-Teeschale-Raku-rouge-galerie-metzger-gallery-keramik-kunst-768x512.jpg 768w, https:\/\/www.galerie-metzger.de\/wp-content\/uploads\/2024\/08\/Emmanuel-Alexia-Teeschale-Raku-rouge-galerie-metzger-gallery-keramik-kunst-1536x1024.jpg 1536w, https:\/\/www.galerie-metzger.de\/wp-content\/uploads\/2024\/08\/Emmanuel-Alexia-Teeschale-Raku-rouge-galerie-metzger-gallery-keramik-kunst-2048x1365.jpg 2048w, https:\/\/www.galerie-metzger.de\/wp-content\/uploads\/2024\/08\/Emmanuel-Alexia-Teeschale-Raku-rouge-galerie-metzger-gallery-keramik-kunst-1500x1000.jpg 1500w, https:\/\/www.galerie-metzger.de\/wp-content\/uploads\/2024\/08\/Emmanuel-Alexia-Teeschale-Raku-rouge-galerie-metzger-gallery-keramik-kunst-705x470.jpg 705w\" sizes=\"(max-width: 690px) 100vw, 690px\" \/><\/a><\/div><\/div><\/div><br \/>\n<section  class='av_textblock_section av-m0ib8xph-4a462ad46dafdb0fd45aa2ef8cfd91aa' ><div class='avia_textblock jo_werk_anfrage lang' ><p><a class=\"anfrage\" href=\"mailto:info@galerie-metzger.de?subject=Emmanuel%20Alexia%20Teeschale%20Raku%20rouge%202009\">request information<\/a><\/p>\n<\/div><\/section><\/p><\/div><div class='flex_column_table av-z5leag-0bc285fb2748b4e1453cc9f10f99721f sc-av_one_full av-equal-height-column-flextable'>\n<style type=\"text\/css\" data-created_by=\"avia_inline_auto\" id=\"style-css-av-z5leag-0bc285fb2748b4e1453cc9f10f99721f\">\n.flex_column.av-z5leag-0bc285fb2748b4e1453cc9f10f99721f{\n-webkit-border-radius:0px 0px 0px 0px;\n-moz-border-radius:0px 0px 0px 0px;\nborder-radius:0px 0px 0px 0px;\n}\n<\/style>\n<div class='flex_column av-z5leag-0bc285fb2748b4e1453cc9f10f99721f av_one_full  avia-builder-el-62  el_after_av_one_half  el_before_av_one_full  jo_col_empty first flex_column_table_cell av-equal-height-column av-align-top av-animated-generic fade-in av-zero-column-padding column-top-margin'     ><section  class='av_textblock_section av-2wdk0o-1eac009402b0ad96c542389e85eb2612' ><div class='avia_textblock' ><p>invisible placeholder<\/p>\n<\/div><\/section><\/div><\/div><!--close column table wrapper. Autoclose: 1 -->\n<style type=\"text\/css\" data-created_by=\"avia_inline_auto\" id=\"style-css-av-88fyxea-1ef6cfb0e088ddb00efb6a03456576af\">\n.flex_column.av-88fyxea-1ef6cfb0e088ddb00efb6a03456576af{\n-webkit-border-radius:0px 0px 0px 0px;\n-moz-border-radius:0px 0px 0px 0px;\nborder-radius:0px 0px 0px 0px;\n}\n<\/style>\n<div class='flex_column av-88fyxea-1ef6cfb0e088ddb00efb6a03456576af av_one_full  avia-builder-el-64  el_after_av_one_full  el_before_av_one_half  jo_pf_bild_bg first flex_column_div av-animated-generic fade-in av-zero-column-padding column-top-margin'     ><p>\n<style type=\"text\/css\" data-created_by=\"avia_inline_auto\" id=\"style-css-av-lyeggotz-38e499ae7bcffd7eaa5c027fb6484a62\">\n.avia-image-container.av-lyeggotz-38e499ae7bcffd7eaa5c027fb6484a62 img.avia_image{\nbox-shadow:none;\n}\n.avia-image-container.av-lyeggotz-38e499ae7bcffd7eaa5c027fb6484a62 .av-caption-image-overlay-bg{\nopacity:0.4;\n}\n<\/style>\n<div  class='avia-image-container av-lyeggotz-38e499ae7bcffd7eaa5c027fb6484a62 av-styling-no-styling avia_animated_image av-animated-when-visible-95 fade-in avia-align-left  avia-builder-el-65  el_before_av_textblock  avia-builder-el-first  jo_pf_bild noHover av-overlay-hover-deactivate'  ><div class=\"avia-image-container-inner\"><div class=\"avia-image-overlay-wrap\"><a href=\"https:\/\/www.galerie-metzger.de\/wp-content\/uploads\/2024\/07\/Ute-Brade-Teekanne-galerie-metzger-gallery-keramik-kunst-kaufen-start-1030x687.jpg\" data-srcset=\"https:\/\/www.galerie-metzger.de\/wp-content\/uploads\/2024\/07\/Ute-Brade-Teekanne-galerie-metzger-gallery-keramik-kunst-kaufen-start-1030x687.jpg 1030w, https:\/\/www.galerie-metzger.de\/wp-content\/uploads\/2024\/07\/Ute-Brade-Teekanne-galerie-metzger-gallery-keramik-kunst-kaufen-start-690x460.jpg 690w, https:\/\/www.galerie-metzger.de\/wp-content\/uploads\/2024\/07\/Ute-Brade-Teekanne-galerie-metzger-gallery-keramik-kunst-kaufen-start-768x512.jpg 768w, https:\/\/www.galerie-metzger.de\/wp-content\/uploads\/2024\/07\/Ute-Brade-Teekanne-galerie-metzger-gallery-keramik-kunst-kaufen-start-1536x1024.jpg 1536w, https:\/\/www.galerie-metzger.de\/wp-content\/uploads\/2024\/07\/Ute-Brade-Teekanne-galerie-metzger-gallery-keramik-kunst-kaufen-start-2048x1365.jpg 2048w, https:\/\/www.galerie-metzger.de\/wp-content\/uploads\/2024\/07\/Ute-Brade-Teekanne-galerie-metzger-gallery-keramik-kunst-kaufen-start-1500x1000.jpg 1500w, https:\/\/www.galerie-metzger.de\/wp-content\/uploads\/2024\/07\/Ute-Brade-Teekanne-galerie-metzger-gallery-keramik-kunst-kaufen-start-705x470.jpg 705w\" data-sizes=\"(max-width: 1030px) 100vw, 1030px\" class='avia_image' ><div class=\"av-image-caption-overlay\"><div class=\"av-caption-image-overlay-bg\"><\/div><div class=\"av-image-caption-overlay-position\"><div class=\"av-image-caption-overlay-center\"><p>Ute Brade \u2013 Tea pot object \u2013 1980, 9,5&#215;18,5&#215;11,5 cm, Foto: Edi Baumann<\/p>\n<\/div><\/div><\/div><img decoding=\"async\" class='wp-image-12548 avia-img-lazy-loading-not-12548 avia_image ' src=\"https:\/\/www.galerie-metzger.de\/wp-content\/uploads\/2024\/07\/Ute-Brade-Teekanne-galerie-metzger-gallery-keramik-kunst-kaufen-start-scaled.jpg\" alt='' title='Ute-Brade-Teekanne-galerie-metzger-gallery-keramik-kunst-kaufen-start'  height=\"1707\" width=\"2560\" srcset=\"https:\/\/www.galerie-metzger.de\/wp-content\/uploads\/2024\/07\/Ute-Brade-Teekanne-galerie-metzger-gallery-keramik-kunst-kaufen-start-scaled.jpg 2560w, https:\/\/www.galerie-metzger.de\/wp-content\/uploads\/2024\/07\/Ute-Brade-Teekanne-galerie-metzger-gallery-keramik-kunst-kaufen-start-690x460.jpg 690w, https:\/\/www.galerie-metzger.de\/wp-content\/uploads\/2024\/07\/Ute-Brade-Teekanne-galerie-metzger-gallery-keramik-kunst-kaufen-start-1030x687.jpg 1030w, https:\/\/www.galerie-metzger.de\/wp-content\/uploads\/2024\/07\/Ute-Brade-Teekanne-galerie-metzger-gallery-keramik-kunst-kaufen-start-768x512.jpg 768w, https:\/\/www.galerie-metzger.de\/wp-content\/uploads\/2024\/07\/Ute-Brade-Teekanne-galerie-metzger-gallery-keramik-kunst-kaufen-start-1536x1024.jpg 1536w, https:\/\/www.galerie-metzger.de\/wp-content\/uploads\/2024\/07\/Ute-Brade-Teekanne-galerie-metzger-gallery-keramik-kunst-kaufen-start-2048x1365.jpg 2048w, https:\/\/www.galerie-metzger.de\/wp-content\/uploads\/2024\/07\/Ute-Brade-Teekanne-galerie-metzger-gallery-keramik-kunst-kaufen-start-1500x1000.jpg 1500w, https:\/\/www.galerie-metzger.de\/wp-content\/uploads\/2024\/07\/Ute-Brade-Teekanne-galerie-metzger-gallery-keramik-kunst-kaufen-start-705x470.jpg 705w\" sizes=\"(max-width: 2560px) 100vw, 2560px\" \/><\/a><\/div><\/div><\/div><br \/>\n<section  class='av_textblock_section av-lyeghbna-f060a391cfa4f8c2a53b3bd4d933877d' ><div class='avia_textblock jo_werk_anfrage lang' ><p><a class=\"anfrage\" href=\"mailto:info@galerie-metzger.de?subject=Ute%20Brade%20Kannenobjekt%201980\">request information<\/a><\/p>\n<\/div><\/section><\/p><\/div>\n<style type=\"text\/css\" data-created_by=\"avia_inline_auto\" id=\"style-css-av-7sr0pgy-06d01de7c299011dd288c296f7d60bc3\">\n.flex_column.av-7sr0pgy-06d01de7c299011dd288c296f7d60bc3{\n-webkit-border-radius:0px 0px 0px 0px;\n-moz-border-radius:0px 0px 0px 0px;\nborder-radius:0px 0px 0px 0px;\n}\n<\/style>\n<div class='flex_column av-7sr0pgy-06d01de7c299011dd288c296f7d60bc3 av_one_half  avia-builder-el-67  el_after_av_one_full  el_before_av_one_half  jo_pf_bild_bg first flex_column_div av-animated-generic fade-in av-zero-column-padding column-top-margin'     ><p>\n<style type=\"text\/css\" data-created_by=\"avia_inline_auto\" id=\"style-css-av-lyeghusg-b78efd7ad719239fd41fa9fa4b2eccba\">\n.avia-image-container.av-lyeghusg-b78efd7ad719239fd41fa9fa4b2eccba img.avia_image{\nbox-shadow:none;\n}\n.avia-image-container.av-lyeghusg-b78efd7ad719239fd41fa9fa4b2eccba .av-caption-image-overlay-bg{\nopacity:0.4;\n}\n<\/style>\n<div  class='avia-image-container av-lyeghusg-b78efd7ad719239fd41fa9fa4b2eccba av-styling-no-styling avia_animated_image av-animated-when-visible-95 fade-in avia-align-left  avia-builder-el-68  el_before_av_textblock  avia-builder-el-first  jo_pf_bild noHover av-overlay-hover-deactivate'  ><div class=\"avia-image-container-inner\"><div class=\"avia-image-overlay-wrap\"><a href=\"https:\/\/www.galerie-metzger.de\/wp-content\/uploads\/2024\/07\/Ute-Brade-Teekanne-galerie-metzger-gallery-keramik-kunst-studiookeramik-marken-signatur-1030x687.jpg\" data-srcset=\"https:\/\/www.galerie-metzger.de\/wp-content\/uploads\/2024\/07\/Ute-Brade-Teekanne-galerie-metzger-gallery-keramik-kunst-studiookeramik-marken-signatur-1030x687.jpg 1030w, https:\/\/www.galerie-metzger.de\/wp-content\/uploads\/2024\/07\/Ute-Brade-Teekanne-galerie-metzger-gallery-keramik-kunst-studiookeramik-marken-signatur-690x460.jpg 690w, https:\/\/www.galerie-metzger.de\/wp-content\/uploads\/2024\/07\/Ute-Brade-Teekanne-galerie-metzger-gallery-keramik-kunst-studiookeramik-marken-signatur-768x512.jpg 768w, https:\/\/www.galerie-metzger.de\/wp-content\/uploads\/2024\/07\/Ute-Brade-Teekanne-galerie-metzger-gallery-keramik-kunst-studiookeramik-marken-signatur-1536x1024.jpg 1536w, https:\/\/www.galerie-metzger.de\/wp-content\/uploads\/2024\/07\/Ute-Brade-Teekanne-galerie-metzger-gallery-keramik-kunst-studiookeramik-marken-signatur-2048x1365.jpg 2048w, https:\/\/www.galerie-metzger.de\/wp-content\/uploads\/2024\/07\/Ute-Brade-Teekanne-galerie-metzger-gallery-keramik-kunst-studiookeramik-marken-signatur-1500x1000.jpg 1500w, https:\/\/www.galerie-metzger.de\/wp-content\/uploads\/2024\/07\/Ute-Brade-Teekanne-galerie-metzger-gallery-keramik-kunst-studiookeramik-marken-signatur-705x470.jpg 705w\" data-sizes=\"(max-width: 1030px) 100vw, 1030px\" class='avia_image' ><div class=\"av-image-caption-overlay\"><div class=\"av-caption-image-overlay-bg\"><\/div><div class=\"av-image-caption-overlay-position\"><div class=\"av-image-caption-overlay-center\"><p>Ute Brade \u2013 Tea pot object \u2013 1980, 9,5&#215;18,5&#215;11,5 cm, Foto: Edi Baumann<\/p>\n<\/div><\/div><\/div><img decoding=\"async\" class='wp-image-12498 avia-img-lazy-loading-not-12498 avia_image ' src=\"https:\/\/www.galerie-metzger.de\/wp-content\/uploads\/2024\/07\/Ute-Brade-Teekanne-galerie-metzger-gallery-keramik-kunst-studiookeramik-marken-signatur-690x460.jpg\" alt='Ute Brade - Teekanne' title='Ute Brade - Teekanne'  height=\"460\" width=\"690\" srcset=\"https:\/\/www.galerie-metzger.de\/wp-content\/uploads\/2024\/07\/Ute-Brade-Teekanne-galerie-metzger-gallery-keramik-kunst-studiookeramik-marken-signatur-690x460.jpg 690w, https:\/\/www.galerie-metzger.de\/wp-content\/uploads\/2024\/07\/Ute-Brade-Teekanne-galerie-metzger-gallery-keramik-kunst-studiookeramik-marken-signatur-1030x687.jpg 1030w, https:\/\/www.galerie-metzger.de\/wp-content\/uploads\/2024\/07\/Ute-Brade-Teekanne-galerie-metzger-gallery-keramik-kunst-studiookeramik-marken-signatur-768x512.jpg 768w, https:\/\/www.galerie-metzger.de\/wp-content\/uploads\/2024\/07\/Ute-Brade-Teekanne-galerie-metzger-gallery-keramik-kunst-studiookeramik-marken-signatur-1536x1024.jpg 1536w, https:\/\/www.galerie-metzger.de\/wp-content\/uploads\/2024\/07\/Ute-Brade-Teekanne-galerie-metzger-gallery-keramik-kunst-studiookeramik-marken-signatur-2048x1365.jpg 2048w, https:\/\/www.galerie-metzger.de\/wp-content\/uploads\/2024\/07\/Ute-Brade-Teekanne-galerie-metzger-gallery-keramik-kunst-studiookeramik-marken-signatur-1500x1000.jpg 1500w, https:\/\/www.galerie-metzger.de\/wp-content\/uploads\/2024\/07\/Ute-Brade-Teekanne-galerie-metzger-gallery-keramik-kunst-studiookeramik-marken-signatur-705x470.jpg 705w\" sizes=\"(max-width: 690px) 100vw, 690px\" \/><\/a><\/div><\/div><\/div><br \/>\n<section  class='av_textblock_section av-6yk5wnm-63e70ca10a35e111d1e437f017b102e8' ><div class='avia_textblock jo_werk_anfrage lang' ><p><a class=\"anfrage\" href=\"mailto:info@galerie-metzger.de?subject=Ute%20Brade%20Kannenobjekt%201980\">request information<\/a><\/p>\n<\/div><\/section><\/p><\/div>\n<style type=\"text\/css\" data-created_by=\"avia_inline_auto\" id=\"style-css-av-6mucak2-bedda26ac278b00c9ce6d72c94a818e3\">\n.flex_column.av-6mucak2-bedda26ac278b00c9ce6d72c94a818e3{\n-webkit-border-radius:0px 0px 0px 0px;\n-moz-border-radius:0px 0px 0px 0px;\nborder-radius:0px 0px 0px 0px;\n}\n<\/style>\n<div class='flex_column av-6mucak2-bedda26ac278b00c9ce6d72c94a818e3 av_one_half  avia-builder-el-70  el_after_av_one_half  el_before_av_one_half  jo_pf_bild_bg flex_column_div av-animated-generic fade-in av-zero-column-padding column-top-margin'     ><p>\n<style type=\"text\/css\" data-created_by=\"avia_inline_auto\" id=\"style-css-av-lyegi5y0-c9d21b461e02584352293b8c7f89f6c3\">\n.avia-image-container.av-lyegi5y0-c9d21b461e02584352293b8c7f89f6c3 img.avia_image{\nbox-shadow:none;\n}\n.avia-image-container.av-lyegi5y0-c9d21b461e02584352293b8c7f89f6c3 .av-caption-image-overlay-bg{\nopacity:0.4;\n}\n<\/style>\n<div  class='avia-image-container av-lyegi5y0-c9d21b461e02584352293b8c7f89f6c3 av-styling-no-styling avia_animated_image av-animated-when-visible-95 fade-in avia-align-left  avia-builder-el-71  el_before_av_textblock  avia-builder-el-first  jo_pf_bild noHover av-overlay-hover-deactivate'  ><div class=\"avia-image-container-inner\"><div class=\"avia-image-overlay-wrap\"><a href=\"https:\/\/www.galerie-metzger.de\/wp-content\/uploads\/2024\/07\/Ute-Brade-Teekanne-galerie-metzger-gallery-keramik-kunst-studiookeramik-1030x687.jpg\" data-srcset=\"https:\/\/www.galerie-metzger.de\/wp-content\/uploads\/2024\/07\/Ute-Brade-Teekanne-galerie-metzger-gallery-keramik-kunst-studiookeramik-1030x687.jpg 1030w, https:\/\/www.galerie-metzger.de\/wp-content\/uploads\/2024\/07\/Ute-Brade-Teekanne-galerie-metzger-gallery-keramik-kunst-studiookeramik-690x460.jpg 690w, https:\/\/www.galerie-metzger.de\/wp-content\/uploads\/2024\/07\/Ute-Brade-Teekanne-galerie-metzger-gallery-keramik-kunst-studiookeramik-768x512.jpg 768w, https:\/\/www.galerie-metzger.de\/wp-content\/uploads\/2024\/07\/Ute-Brade-Teekanne-galerie-metzger-gallery-keramik-kunst-studiookeramik-1536x1024.jpg 1536w, https:\/\/www.galerie-metzger.de\/wp-content\/uploads\/2024\/07\/Ute-Brade-Teekanne-galerie-metzger-gallery-keramik-kunst-studiookeramik-2048x1365.jpg 2048w, https:\/\/www.galerie-metzger.de\/wp-content\/uploads\/2024\/07\/Ute-Brade-Teekanne-galerie-metzger-gallery-keramik-kunst-studiookeramik-1500x1000.jpg 1500w, https:\/\/www.galerie-metzger.de\/wp-content\/uploads\/2024\/07\/Ute-Brade-Teekanne-galerie-metzger-gallery-keramik-kunst-studiookeramik-705x470.jpg 705w\" data-sizes=\"(max-width: 1030px) 100vw, 1030px\" class='avia_image' ><div class=\"av-image-caption-overlay\"><div class=\"av-caption-image-overlay-bg\"><\/div><div class=\"av-image-caption-overlay-position\"><div class=\"av-image-caption-overlay-center\"><p>Ute Brade \u2013 Tea pot object \u2013 1980, 9,5&#215;18,5&#215;11,5 cm, Foto: Edi Baumann<\/p>\n<\/div><\/div><\/div><img decoding=\"async\" class='wp-image-12500 avia-img-lazy-loading-not-12500 avia_image ' src=\"https:\/\/www.galerie-metzger.de\/wp-content\/uploads\/2024\/07\/Ute-Brade-Teekanne-galerie-metzger-gallery-keramik-kunst-studiookeramik-690x460.jpg\" alt='Ute Brade - Teekanne' title='Ute Brade - Teekanne'  height=\"460\" width=\"690\" srcset=\"https:\/\/www.galerie-metzger.de\/wp-content\/uploads\/2024\/07\/Ute-Brade-Teekanne-galerie-metzger-gallery-keramik-kunst-studiookeramik-690x460.jpg 690w, https:\/\/www.galerie-metzger.de\/wp-content\/uploads\/2024\/07\/Ute-Brade-Teekanne-galerie-metzger-gallery-keramik-kunst-studiookeramik-1030x687.jpg 1030w, https:\/\/www.galerie-metzger.de\/wp-content\/uploads\/2024\/07\/Ute-Brade-Teekanne-galerie-metzger-gallery-keramik-kunst-studiookeramik-768x512.jpg 768w, https:\/\/www.galerie-metzger.de\/wp-content\/uploads\/2024\/07\/Ute-Brade-Teekanne-galerie-metzger-gallery-keramik-kunst-studiookeramik-1536x1024.jpg 1536w, https:\/\/www.galerie-metzger.de\/wp-content\/uploads\/2024\/07\/Ute-Brade-Teekanne-galerie-metzger-gallery-keramik-kunst-studiookeramik-2048x1365.jpg 2048w, https:\/\/www.galerie-metzger.de\/wp-content\/uploads\/2024\/07\/Ute-Brade-Teekanne-galerie-metzger-gallery-keramik-kunst-studiookeramik-1500x1000.jpg 1500w, https:\/\/www.galerie-metzger.de\/wp-content\/uploads\/2024\/07\/Ute-Brade-Teekanne-galerie-metzger-gallery-keramik-kunst-studiookeramik-705x470.jpg 705w\" sizes=\"(max-width: 690px) 100vw, 690px\" \/><\/a><\/div><\/div><\/div><br \/>\n<section  class='av_textblock_section av-6c2t8wi-81ed6f2c3750117e7c4e11ef105063ad' ><div class='avia_textblock jo_werk_anfrage lang' ><p><a class=\"anfrage\" href=\"mailto:info@galerie-metzger.de?subject=Ute%20Brade%20Kannenobjekt%201980\">request information<\/a><\/p>\n<\/div><\/section><\/p><\/div>\n<style type=\"text\/css\" data-created_by=\"avia_inline_auto\" id=\"style-css-av-1t77xu-65676adf2e70e1beeb05ae029e1cc8df\">\n.flex_column.av-1t77xu-65676adf2e70e1beeb05ae029e1cc8df{\n-webkit-border-radius:0px 0px 0px 0px;\n-moz-border-radius:0px 0px 0px 0px;\nborder-radius:0px 0px 0px 0px;\n}\n<\/style>\n<div class='flex_column av-1t77xu-65676adf2e70e1beeb05ae029e1cc8df av_one_half  avia-builder-el-73  el_after_av_one_half  el_before_av_one_half  jo_pf_bild_bg first flex_column_div av-animated-generic fade-in av-zero-column-padding column-top-margin'     ><p>\n<style type=\"text\/css\" data-created_by=\"avia_inline_auto\" id=\"style-css-av-lyegm7c2-fa737f00dc58f931b4316a78be4d0730\">\n.avia-image-container.av-lyegm7c2-fa737f00dc58f931b4316a78be4d0730 img.avia_image{\nbox-shadow:none;\n}\n.avia-image-container.av-lyegm7c2-fa737f00dc58f931b4316a78be4d0730 .av-caption-image-overlay-bg{\nopacity:0.4;\n}\n<\/style>\n<div  class='avia-image-container av-lyegm7c2-fa737f00dc58f931b4316a78be4d0730 av-styling-no-styling avia_animated_image av-animated-when-visible-95 fade-in avia-align-left  avia-builder-el-74  el_before_av_textblock  avia-builder-el-first  jo_pf_bild noHover av-overlay-hover-deactivate'  ><div class=\"avia-image-container-inner\"><div class=\"avia-image-overlay-wrap\"><a href=\"https:\/\/www.galerie-metzger.de\/wp-content\/uploads\/2024\/07\/Ute-Brade-Teekanne-1974-galerie-metzger-gallery-keramik-ceramic-art--1030x687.jpg\" data-srcset=\"https:\/\/www.galerie-metzger.de\/wp-content\/uploads\/2024\/07\/Ute-Brade-Teekanne-1974-galerie-metzger-gallery-keramik-ceramic-art--1030x687.jpg 1030w, https:\/\/www.galerie-metzger.de\/wp-content\/uploads\/2024\/07\/Ute-Brade-Teekanne-1974-galerie-metzger-gallery-keramik-ceramic-art--690x460.jpg 690w, https:\/\/www.galerie-metzger.de\/wp-content\/uploads\/2024\/07\/Ute-Brade-Teekanne-1974-galerie-metzger-gallery-keramik-ceramic-art--768x512.jpg 768w, https:\/\/www.galerie-metzger.de\/wp-content\/uploads\/2024\/07\/Ute-Brade-Teekanne-1974-galerie-metzger-gallery-keramik-ceramic-art--1536x1024.jpg 1536w, https:\/\/www.galerie-metzger.de\/wp-content\/uploads\/2024\/07\/Ute-Brade-Teekanne-1974-galerie-metzger-gallery-keramik-ceramic-art--2048x1365.jpg 2048w, https:\/\/www.galerie-metzger.de\/wp-content\/uploads\/2024\/07\/Ute-Brade-Teekanne-1974-galerie-metzger-gallery-keramik-ceramic-art--1500x1000.jpg 1500w, https:\/\/www.galerie-metzger.de\/wp-content\/uploads\/2024\/07\/Ute-Brade-Teekanne-1974-galerie-metzger-gallery-keramik-ceramic-art--705x470.jpg 705w\" data-sizes=\"(max-width: 1030px) 100vw, 1030px\" class='avia_image' ><div class=\"av-image-caption-overlay\"><div class=\"av-caption-image-overlay-bg\"><\/div><div class=\"av-image-caption-overlay-position\"><div class=\"av-image-caption-overlay-center\"><p>Ute Brade \u2013 Tea pot object \u2013 1974, 10,5x19x12 cm, Foto: Edi Baumann<\/p>\n<\/div><\/div><\/div><img decoding=\"async\" class='wp-image-12492 avia-img-lazy-loading-not-12492 avia_image ' src=\"https:\/\/www.galerie-metzger.de\/wp-content\/uploads\/2024\/07\/Ute-Brade-Teekanne-1974-galerie-metzger-gallery-keramik-ceramic-art--690x460.jpg\" alt='Ute Brade - Teekanne  - 1974' title='Ute Brade - Teekanne - 1974'  height=\"460\" width=\"690\" srcset=\"https:\/\/www.galerie-metzger.de\/wp-content\/uploads\/2024\/07\/Ute-Brade-Teekanne-1974-galerie-metzger-gallery-keramik-ceramic-art--690x460.jpg 690w, https:\/\/www.galerie-metzger.de\/wp-content\/uploads\/2024\/07\/Ute-Brade-Teekanne-1974-galerie-metzger-gallery-keramik-ceramic-art--1030x687.jpg 1030w, https:\/\/www.galerie-metzger.de\/wp-content\/uploads\/2024\/07\/Ute-Brade-Teekanne-1974-galerie-metzger-gallery-keramik-ceramic-art--768x512.jpg 768w, https:\/\/www.galerie-metzger.de\/wp-content\/uploads\/2024\/07\/Ute-Brade-Teekanne-1974-galerie-metzger-gallery-keramik-ceramic-art--1536x1024.jpg 1536w, https:\/\/www.galerie-metzger.de\/wp-content\/uploads\/2024\/07\/Ute-Brade-Teekanne-1974-galerie-metzger-gallery-keramik-ceramic-art--2048x1365.jpg 2048w, https:\/\/www.galerie-metzger.de\/wp-content\/uploads\/2024\/07\/Ute-Brade-Teekanne-1974-galerie-metzger-gallery-keramik-ceramic-art--1500x1000.jpg 1500w, https:\/\/www.galerie-metzger.de\/wp-content\/uploads\/2024\/07\/Ute-Brade-Teekanne-1974-galerie-metzger-gallery-keramik-ceramic-art--705x470.jpg 705w\" sizes=\"(max-width: 690px) 100vw, 690px\" \/><\/a><\/div><\/div><\/div><br \/>\n<section  class='av_textblock_section av-lyegmgge-df7b2f7aecd5c41ee9f7c23a330fa788' ><div class='avia_textblock jo_werk_anfrage lang' ><p><a class=\"anfrage\" href=\"mailto:info@galerie-metzger.de?subject=Ute%20Brade%20Kannenobjekt%201974\">request information<\/a><\/p>\n<\/div><\/section><\/p><\/div>\n<style type=\"text\/css\" data-created_by=\"avia_inline_auto\" id=\"style-css-av-499zsxe-2732caaca29066c3ea9a4635f0e1bcba\">\n.flex_column.av-499zsxe-2732caaca29066c3ea9a4635f0e1bcba{\n-webkit-border-radius:0px 0px 0px 0px;\n-moz-border-radius:0px 0px 0px 0px;\nborder-radius:0px 0px 0px 0px;\n}\n<\/style>\n<div class='flex_column av-499zsxe-2732caaca29066c3ea9a4635f0e1bcba av_one_half  avia-builder-el-76  el_after_av_one_half  el_before_av_one_half  jo_pf_bild_bg flex_column_div av-animated-generic fade-in av-zero-column-padding column-top-margin'     ><p>\n<style type=\"text\/css\" data-created_by=\"avia_inline_auto\" id=\"style-css-av-lyegnwz4-9360f68f0320b4e595aa37ca8ee8e1e8\">\n.avia-image-container.av-lyegnwz4-9360f68f0320b4e595aa37ca8ee8e1e8 img.avia_image{\nbox-shadow:none;\n}\n.avia-image-container.av-lyegnwz4-9360f68f0320b4e595aa37ca8ee8e1e8 .av-caption-image-overlay-bg{\nopacity:0.4;\n}\n<\/style>\n<div  class='avia-image-container av-lyegnwz4-9360f68f0320b4e595aa37ca8ee8e1e8 av-styling-no-styling avia_animated_image av-animated-when-visible-95 fade-in avia-align-left  avia-builder-el-77  el_before_av_textblock  avia-builder-el-first  jo_pf_bild noHover av-overlay-hover-deactivate'  ><div class=\"avia-image-container-inner\"><div class=\"avia-image-overlay-wrap\"><a href=\"https:\/\/www.galerie-metzger.de\/wp-content\/uploads\/2024\/07\/Ute-Brade-Teekanne-1981-galerie-metzger-gallery-keramik-ceramic-art-object--1030x687.jpg\" data-srcset=\"https:\/\/www.galerie-metzger.de\/wp-content\/uploads\/2024\/07\/Ute-Brade-Teekanne-1981-galerie-metzger-gallery-keramik-ceramic-art-object--1030x687.jpg 1030w, https:\/\/www.galerie-metzger.de\/wp-content\/uploads\/2024\/07\/Ute-Brade-Teekanne-1981-galerie-metzger-gallery-keramik-ceramic-art-object--690x460.jpg 690w, https:\/\/www.galerie-metzger.de\/wp-content\/uploads\/2024\/07\/Ute-Brade-Teekanne-1981-galerie-metzger-gallery-keramik-ceramic-art-object--768x512.jpg 768w, https:\/\/www.galerie-metzger.de\/wp-content\/uploads\/2024\/07\/Ute-Brade-Teekanne-1981-galerie-metzger-gallery-keramik-ceramic-art-object--1536x1024.jpg 1536w, https:\/\/www.galerie-metzger.de\/wp-content\/uploads\/2024\/07\/Ute-Brade-Teekanne-1981-galerie-metzger-gallery-keramik-ceramic-art-object--2048x1365.jpg 2048w, https:\/\/www.galerie-metzger.de\/wp-content\/uploads\/2024\/07\/Ute-Brade-Teekanne-1981-galerie-metzger-gallery-keramik-ceramic-art-object--1500x1000.jpg 1500w, https:\/\/www.galerie-metzger.de\/wp-content\/uploads\/2024\/07\/Ute-Brade-Teekanne-1981-galerie-metzger-gallery-keramik-ceramic-art-object--705x470.jpg 705w\" data-sizes=\"(max-width: 1030px) 100vw, 1030px\" class='avia_image' ><div class=\"av-image-caption-overlay\"><div class=\"av-caption-image-overlay-bg\"><\/div><div class=\"av-image-caption-overlay-position\"><div class=\"av-image-caption-overlay-center\"><p>Ute Brade \u2013 Tea pot object \u2013 1970, 13x20x12 cm, Foto: Edi Baumann<\/p>\n<\/div><\/div><\/div><img decoding=\"async\" class='wp-image-12494 avia-img-lazy-loading-not-12494 avia_image ' src=\"https:\/\/www.galerie-metzger.de\/wp-content\/uploads\/2024\/07\/Ute-Brade-Teekanne-1981-galerie-metzger-gallery-keramik-ceramic-art-object--690x460.jpg\" alt='Ute Brade - Teekanne  - 1981' title='Ute Brade - Teekanne - 1981'  height=\"460\" width=\"690\" srcset=\"https:\/\/www.galerie-metzger.de\/wp-content\/uploads\/2024\/07\/Ute-Brade-Teekanne-1981-galerie-metzger-gallery-keramik-ceramic-art-object--690x460.jpg 690w, https:\/\/www.galerie-metzger.de\/wp-content\/uploads\/2024\/07\/Ute-Brade-Teekanne-1981-galerie-metzger-gallery-keramik-ceramic-art-object--1030x687.jpg 1030w, https:\/\/www.galerie-metzger.de\/wp-content\/uploads\/2024\/07\/Ute-Brade-Teekanne-1981-galerie-metzger-gallery-keramik-ceramic-art-object--768x512.jpg 768w, https:\/\/www.galerie-metzger.de\/wp-content\/uploads\/2024\/07\/Ute-Brade-Teekanne-1981-galerie-metzger-gallery-keramik-ceramic-art-object--1536x1024.jpg 1536w, https:\/\/www.galerie-metzger.de\/wp-content\/uploads\/2024\/07\/Ute-Brade-Teekanne-1981-galerie-metzger-gallery-keramik-ceramic-art-object--2048x1365.jpg 2048w, https:\/\/www.galerie-metzger.de\/wp-content\/uploads\/2024\/07\/Ute-Brade-Teekanne-1981-galerie-metzger-gallery-keramik-ceramic-art-object--1500x1000.jpg 1500w, https:\/\/www.galerie-metzger.de\/wp-content\/uploads\/2024\/07\/Ute-Brade-Teekanne-1981-galerie-metzger-gallery-keramik-ceramic-art-object--705x470.jpg 705w\" sizes=\"(max-width: 690px) 100vw, 690px\" \/><\/a><\/div><\/div><\/div><br \/>\n<section  class='av_textblock_section av-lyego3xc-be2dec3efe20257e525d57f1fc337e27' ><div class='avia_textblock jo_werk_anfrage lang' ><p><a class=\"anfrage\" href=\"mailto:info@galerie-metzger.de?subject=Ute%20Brade%20Kannenobjekt%201970\">request information<\/a><\/p>\n<\/div><\/section><\/p><\/div>\n<style type=\"text\/css\" data-created_by=\"avia_inline_auto\" id=\"style-css-av-2p1hfyw-99e7bc0ea011cafda747dfc5b76f607a\">\n.flex_column.av-2p1hfyw-99e7bc0ea011cafda747dfc5b76f607a{\n-webkit-border-radius:0px 0px 0px 0px;\n-moz-border-radius:0px 0px 0px 0px;\nborder-radius:0px 0px 0px 0px;\n}\n<\/style>\n<div class='flex_column av-2p1hfyw-99e7bc0ea011cafda747dfc5b76f607a av_one_half  avia-builder-el-79  el_after_av_one_half  el_before_av_one_half  jo_pf_bild_bg first flex_column_div av-animated-generic fade-in av-zero-column-padding column-top-margin'     ><p>\n<style type=\"text\/css\" data-created_by=\"avia_inline_auto\" id=\"style-css-av-m0b7ezwg-f2d96abdbcf207cca1c8cfb38fe569c3\">\n.avia-image-container.av-m0b7ezwg-f2d96abdbcf207cca1c8cfb38fe569c3 img.avia_image{\nbox-shadow:none;\n}\n.avia-image-container.av-m0b7ezwg-f2d96abdbcf207cca1c8cfb38fe569c3 .av-caption-image-overlay-bg{\nopacity:0.4;\n}\n<\/style>\n<div  class='avia-image-container av-m0b7ezwg-f2d96abdbcf207cca1c8cfb38fe569c3 av-styling-no-styling avia_animated_image av-animated-when-visible-95 fade-in avia-align-left  avia-builder-el-80  el_before_av_textblock  avia-builder-el-first  jo_pf_bild noHover av-overlay-hover-deactivate'  ><div class=\"avia-image-container-inner\"><div class=\"avia-image-overlay-wrap\"><a href=\"https:\/\/www.galerie-metzger.de\/wp-content\/uploads\/2024\/08\/Ute-Brade-Kannenobjekt.1970-galerie-metzger-studiokeramik-gallery-ceramicart-1030x1030.jpg\" data-srcset=\"https:\/\/www.galerie-metzger.de\/wp-content\/uploads\/2024\/08\/Ute-Brade-Kannenobjekt.1970-galerie-metzger-studiokeramik-gallery-ceramicart-1030x1030.jpg 1030w, https:\/\/www.galerie-metzger.de\/wp-content\/uploads\/2024\/08\/Ute-Brade-Kannenobjekt.1970-galerie-metzger-studiokeramik-gallery-ceramicart-690x690.jpg 690w, https:\/\/www.galerie-metzger.de\/wp-content\/uploads\/2024\/08\/Ute-Brade-Kannenobjekt.1970-galerie-metzger-studiokeramik-gallery-ceramicart-80x80.jpg 80w, https:\/\/www.galerie-metzger.de\/wp-content\/uploads\/2024\/08\/Ute-Brade-Kannenobjekt.1970-galerie-metzger-studiokeramik-gallery-ceramicart-768x768.jpg 768w, https:\/\/www.galerie-metzger.de\/wp-content\/uploads\/2024\/08\/Ute-Brade-Kannenobjekt.1970-galerie-metzger-studiokeramik-gallery-ceramicart-1536x1536.jpg 1536w, https:\/\/www.galerie-metzger.de\/wp-content\/uploads\/2024\/08\/Ute-Brade-Kannenobjekt.1970-galerie-metzger-studiokeramik-gallery-ceramicart-2048x2048.jpg 2048w, https:\/\/www.galerie-metzger.de\/wp-content\/uploads\/2024\/08\/Ute-Brade-Kannenobjekt.1970-galerie-metzger-studiokeramik-gallery-ceramicart-36x36.jpg 36w, https:\/\/www.galerie-metzger.de\/wp-content\/uploads\/2024\/08\/Ute-Brade-Kannenobjekt.1970-galerie-metzger-studiokeramik-gallery-ceramicart-180x180.jpg 180w, https:\/\/www.galerie-metzger.de\/wp-content\/uploads\/2024\/08\/Ute-Brade-Kannenobjekt.1970-galerie-metzger-studiokeramik-gallery-ceramicart-1500x1500.jpg 1500w, https:\/\/www.galerie-metzger.de\/wp-content\/uploads\/2024\/08\/Ute-Brade-Kannenobjekt.1970-galerie-metzger-studiokeramik-gallery-ceramicart-705x705.jpg 705w\" data-sizes=\"(max-width: 1030px) 100vw, 1030px\" class='avia_image' ><div class=\"av-image-caption-overlay\"><div class=\"av-caption-image-overlay-bg\"><\/div><div class=\"av-image-caption-overlay-position\"><div class=\"av-image-caption-overlay-center\"><p>Ute Brade \u2013 Kannenobjekt \u2013 1970, 19,5x17x10 cm, Foto: Edi Baumann<\/p>\n<\/div><\/div><\/div><img decoding=\"async\" class='wp-image-12678 avia-img-lazy-loading-not-12678 avia_image ' src=\"https:\/\/www.galerie-metzger.de\/wp-content\/uploads\/2024\/08\/Ute-Brade-Kannenobjekt.1970-galerie-metzger-studiokeramik-gallery-ceramicart-690x690.jpg\" alt='Ute Brade - Kannenobjekt 1970' title='Ute Brade - Kannenobjekt 1970'  height=\"690\" width=\"690\" srcset=\"https:\/\/www.galerie-metzger.de\/wp-content\/uploads\/2024\/08\/Ute-Brade-Kannenobjekt.1970-galerie-metzger-studiokeramik-gallery-ceramicart-690x690.jpg 690w, https:\/\/www.galerie-metzger.de\/wp-content\/uploads\/2024\/08\/Ute-Brade-Kannenobjekt.1970-galerie-metzger-studiokeramik-gallery-ceramicart-1030x1030.jpg 1030w, https:\/\/www.galerie-metzger.de\/wp-content\/uploads\/2024\/08\/Ute-Brade-Kannenobjekt.1970-galerie-metzger-studiokeramik-gallery-ceramicart-80x80.jpg 80w, https:\/\/www.galerie-metzger.de\/wp-content\/uploads\/2024\/08\/Ute-Brade-Kannenobjekt.1970-galerie-metzger-studiokeramik-gallery-ceramicart-768x768.jpg 768w, https:\/\/www.galerie-metzger.de\/wp-content\/uploads\/2024\/08\/Ute-Brade-Kannenobjekt.1970-galerie-metzger-studiokeramik-gallery-ceramicart-1536x1536.jpg 1536w, https:\/\/www.galerie-metzger.de\/wp-content\/uploads\/2024\/08\/Ute-Brade-Kannenobjekt.1970-galerie-metzger-studiokeramik-gallery-ceramicart-2048x2048.jpg 2048w, https:\/\/www.galerie-metzger.de\/wp-content\/uploads\/2024\/08\/Ute-Brade-Kannenobjekt.1970-galerie-metzger-studiokeramik-gallery-ceramicart-36x36.jpg 36w, https:\/\/www.galerie-metzger.de\/wp-content\/uploads\/2024\/08\/Ute-Brade-Kannenobjekt.1970-galerie-metzger-studiokeramik-gallery-ceramicart-180x180.jpg 180w, https:\/\/www.galerie-metzger.de\/wp-content\/uploads\/2024\/08\/Ute-Brade-Kannenobjekt.1970-galerie-metzger-studiokeramik-gallery-ceramicart-1500x1500.jpg 1500w, https:\/\/www.galerie-metzger.de\/wp-content\/uploads\/2024\/08\/Ute-Brade-Kannenobjekt.1970-galerie-metzger-studiokeramik-gallery-ceramicart-705x705.jpg 705w\" sizes=\"(max-width: 690px) 100vw, 690px\" \/><\/a><\/div><\/div><\/div><br \/>\n<section  class='av_textblock_section av-2a3dvfc-ce4ce7552e2c039c80b044b5a2d892b8' ><div class='avia_textblock jo_werk_anfrage lang' ><p><a class=\"anfrage\" href=\"mailto:info@galerie-metzger.de?subject=Ute%20Brade%20Kannenobjekt%201981\">request information<\/a><\/p>\n<\/div><\/section><\/p><\/div>\n<style type=\"text\/css\" data-created_by=\"avia_inline_auto\" id=\"style-css-av-1t6fpw8-8f0bb6cdaf3771f86cdcfd5ae84a284a\">\n.flex_column.av-1t6fpw8-8f0bb6cdaf3771f86cdcfd5ae84a284a{\n-webkit-border-radius:0px 0px 0px 0px;\n-moz-border-radius:0px 0px 0px 0px;\nborder-radius:0px 0px 0px 0px;\n}\n<\/style>\n<div class='flex_column av-1t6fpw8-8f0bb6cdaf3771f86cdcfd5ae84a284a av_one_half  avia-builder-el-82  el_after_av_one_half  el_before_av_one_full  jo_pf_bild_bg flex_column_div av-animated-generic fade-in av-zero-column-padding column-top-margin'     ><p>\n<style type=\"text\/css\" data-created_by=\"avia_inline_auto\" id=\"style-css-av-m0b7dds8-db5098f706a9ef747bf712b144334549\">\n.avia-image-container.av-m0b7dds8-db5098f706a9ef747bf712b144334549 img.avia_image{\nbox-shadow:none;\n}\n.avia-image-container.av-m0b7dds8-db5098f706a9ef747bf712b144334549 .av-caption-image-overlay-bg{\nopacity:0.4;\n}\n<\/style>\n<div  class='avia-image-container av-m0b7dds8-db5098f706a9ef747bf712b144334549 av-styling-no-styling avia_animated_image av-animated-when-visible-95 fade-in avia-align-left  avia-builder-el-83  el_before_av_textblock  avia-builder-el-first  jo_pf_bild noHover av-overlay-hover-deactivate'  ><div class=\"avia-image-container-inner\"><div class=\"avia-image-overlay-wrap\"><a href=\"https:\/\/www.galerie-metzger.de\/wp-content\/uploads\/2024\/08\/Ute-Brade-Kannenobjekt.1981-galerie-metzger-studiokeramik-gallery-ceramicart-germandesgin-1030x1030.jpg\" data-srcset=\"https:\/\/www.galerie-metzger.de\/wp-content\/uploads\/2024\/08\/Ute-Brade-Kannenobjekt.1981-galerie-metzger-studiokeramik-gallery-ceramicart-germandesgin-1030x1030.jpg 1030w, https:\/\/www.galerie-metzger.de\/wp-content\/uploads\/2024\/08\/Ute-Brade-Kannenobjekt.1981-galerie-metzger-studiokeramik-gallery-ceramicart-germandesgin-690x690.jpg 690w, https:\/\/www.galerie-metzger.de\/wp-content\/uploads\/2024\/08\/Ute-Brade-Kannenobjekt.1981-galerie-metzger-studiokeramik-gallery-ceramicart-germandesgin-80x80.jpg 80w, https:\/\/www.galerie-metzger.de\/wp-content\/uploads\/2024\/08\/Ute-Brade-Kannenobjekt.1981-galerie-metzger-studiokeramik-gallery-ceramicart-germandesgin-768x768.jpg 768w, https:\/\/www.galerie-metzger.de\/wp-content\/uploads\/2024\/08\/Ute-Brade-Kannenobjekt.1981-galerie-metzger-studiokeramik-gallery-ceramicart-germandesgin-1536x1536.jpg 1536w, https:\/\/www.galerie-metzger.de\/wp-content\/uploads\/2024\/08\/Ute-Brade-Kannenobjekt.1981-galerie-metzger-studiokeramik-gallery-ceramicart-germandesgin-2048x2048.jpg 2048w, https:\/\/www.galerie-metzger.de\/wp-content\/uploads\/2024\/08\/Ute-Brade-Kannenobjekt.1981-galerie-metzger-studiokeramik-gallery-ceramicart-germandesgin-36x36.jpg 36w, https:\/\/www.galerie-metzger.de\/wp-content\/uploads\/2024\/08\/Ute-Brade-Kannenobjekt.1981-galerie-metzger-studiokeramik-gallery-ceramicart-germandesgin-180x180.jpg 180w, https:\/\/www.galerie-metzger.de\/wp-content\/uploads\/2024\/08\/Ute-Brade-Kannenobjekt.1981-galerie-metzger-studiokeramik-gallery-ceramicart-germandesgin-1500x1500.jpg 1500w, https:\/\/www.galerie-metzger.de\/wp-content\/uploads\/2024\/08\/Ute-Brade-Kannenobjekt.1981-galerie-metzger-studiokeramik-gallery-ceramicart-germandesgin-705x705.jpg 705w\" data-sizes=\"(max-width: 1030px) 100vw, 1030px\" class='avia_image' ><div class=\"av-image-caption-overlay\"><div class=\"av-caption-image-overlay-bg\"><\/div><div class=\"av-image-caption-overlay-position\"><div class=\"av-image-caption-overlay-center\"><p>Ute Brade \u2013 Jug object \u2013 1981, 20&#215;16,5&#215;10,5 cm, Foto: Edi Baumann<\/p>\n<\/div><\/div><\/div><img decoding=\"async\" class='wp-image-12676 avia-img-lazy-loading-not-12676 avia_image ' src=\"https:\/\/www.galerie-metzger.de\/wp-content\/uploads\/2024\/08\/Ute-Brade-Kannenobjekt.1981-galerie-metzger-studiokeramik-gallery-ceramicart-germandesgin-690x690.jpg\" alt='Ute Brade - Kannenobjekt 1981' title='Ute Brade - Kannenobjekt 1981'  height=\"690\" width=\"690\" srcset=\"https:\/\/www.galerie-metzger.de\/wp-content\/uploads\/2024\/08\/Ute-Brade-Kannenobjekt.1981-galerie-metzger-studiokeramik-gallery-ceramicart-germandesgin-690x690.jpg 690w, https:\/\/www.galerie-metzger.de\/wp-content\/uploads\/2024\/08\/Ute-Brade-Kannenobjekt.1981-galerie-metzger-studiokeramik-gallery-ceramicart-germandesgin-1030x1030.jpg 1030w, https:\/\/www.galerie-metzger.de\/wp-content\/uploads\/2024\/08\/Ute-Brade-Kannenobjekt.1981-galerie-metzger-studiokeramik-gallery-ceramicart-germandesgin-80x80.jpg 80w, https:\/\/www.galerie-metzger.de\/wp-content\/uploads\/2024\/08\/Ute-Brade-Kannenobjekt.1981-galerie-metzger-studiokeramik-gallery-ceramicart-germandesgin-768x768.jpg 768w, https:\/\/www.galerie-metzger.de\/wp-content\/uploads\/2024\/08\/Ute-Brade-Kannenobjekt.1981-galerie-metzger-studiokeramik-gallery-ceramicart-germandesgin-1536x1536.jpg 1536w, https:\/\/www.galerie-metzger.de\/wp-content\/uploads\/2024\/08\/Ute-Brade-Kannenobjekt.1981-galerie-metzger-studiokeramik-gallery-ceramicart-germandesgin-2048x2048.jpg 2048w, https:\/\/www.galerie-metzger.de\/wp-content\/uploads\/2024\/08\/Ute-Brade-Kannenobjekt.1981-galerie-metzger-studiokeramik-gallery-ceramicart-germandesgin-36x36.jpg 36w, https:\/\/www.galerie-metzger.de\/wp-content\/uploads\/2024\/08\/Ute-Brade-Kannenobjekt.1981-galerie-metzger-studiokeramik-gallery-ceramicart-germandesgin-180x180.jpg 180w, https:\/\/www.galerie-metzger.de\/wp-content\/uploads\/2024\/08\/Ute-Brade-Kannenobjekt.1981-galerie-metzger-studiokeramik-gallery-ceramicart-germandesgin-1500x1500.jpg 1500w, https:\/\/www.galerie-metzger.de\/wp-content\/uploads\/2024\/08\/Ute-Brade-Kannenobjekt.1981-galerie-metzger-studiokeramik-gallery-ceramicart-germandesgin-705x705.jpg 705w\" sizes=\"(max-width: 690px) 100vw, 690px\" \/><\/a><\/div><\/div><\/div><br \/>\n<section  class='av_textblock_section av-m0b7dovh-f4c1774ca93e86247fba5a3d51312715' ><div class='avia_textblock jo_werk_anfrage lang' ><p><a class=\"anfrage\" href=\"mailto:info@galerie-metzger.de?subject=Ute%20Brade%20Kannenobjekt%201981\">request information<\/a><\/p>\n<\/div><\/section><\/p><\/div><div class='flex_column_table av-167kwyg-01e4df2c07d8ef39d8e1adca571ec898 sc-av_one_full av-equal-height-column-flextable'>\n<style type=\"text\/css\" data-created_by=\"avia_inline_auto\" id=\"style-css-av-167kwyg-01e4df2c07d8ef39d8e1adca571ec898\">\n.flex_column.av-167kwyg-01e4df2c07d8ef39d8e1adca571ec898{\n-webkit-border-radius:0px 0px 0px 0px;\n-moz-border-radius:0px 0px 0px 0px;\nborder-radius:0px 0px 0px 0px;\n}\n<\/style>\n<div class='flex_column av-167kwyg-01e4df2c07d8ef39d8e1adca571ec898 av_one_full  avia-builder-el-85  el_after_av_one_half  el_before_av_one_third  jo_col_empty first flex_column_table_cell av-equal-height-column av-align-top av-animated-generic fade-in av-zero-column-padding column-top-margin'     ><section  class='av_textblock_section av-kl8xtk-b244a8ba73b73a4c34917eb5cbf21484' ><div class='avia_textblock' ><p>invisible placeholder<\/p>\n<\/div><\/section><\/div><\/div><!--close column table wrapper. Autoclose: 1 --><div class='flex_column_table av-3ffre4y-31e97ca0dd2c9351e1dc2a55f04686fe sc-av_one_third av-equal-height-column-flextable'>\n<style type=\"text\/css\" data-created_by=\"avia_inline_auto\" id=\"style-css-av-3ffre4y-31e97ca0dd2c9351e1dc2a55f04686fe\">\n.flex_column.av-3ffre4y-31e97ca0dd2c9351e1dc2a55f04686fe{\n-webkit-border-radius:0px 0px 0px 0px;\n-moz-border-radius:0px 0px 0px 0px;\nborder-radius:0px 0px 0px 0px;\n}\n<\/style>\n<div class='flex_column av-3ffre4y-31e97ca0dd2c9351e1dc2a55f04686fe av_one_third  avia-builder-el-87  el_after_av_one_full  el_before_av_one_third  jo_pf_bild_bg first flex_column_table_cell av-equal-height-column av-align-top av-animated-generic fade-in av-zero-column-padding column-top-margin'     ><p>\n<style type=\"text\/css\" data-created_by=\"avia_inline_auto\" id=\"style-css-av-lye8xfaf-6c0e080969d1c3dd1f40371f5ef15b23\">\n.avia-image-container.av-lye8xfaf-6c0e080969d1c3dd1f40371f5ef15b23 img.avia_image{\nbox-shadow:none;\n}\n.avia-image-container.av-lye8xfaf-6c0e080969d1c3dd1f40371f5ef15b23 .av-caption-image-overlay-bg{\nopacity:0.4;\n}\n<\/style>\n<div  class='avia-image-container av-lye8xfaf-6c0e080969d1c3dd1f40371f5ef15b23 av-styling-no-styling avia_animated_image av-animated-when-visible-95 fade-in avia-align-left  avia-builder-el-88  el_before_av_textblock  avia-builder-el-first  jo_pf_bild noHover av-overlay-hover-deactivate'  ><div class=\"avia-image-container-inner\"><div class=\"avia-image-overlay-wrap\"><a href=\"https:\/\/www.galerie-metzger.de\/wp-content\/uploads\/2024\/07\/Peter-Callas-Teabowl-galerie-metzger-gallery-ceramic-art-angewandte-kunst-keramik-1030x1030.jpg\" data-srcset=\"https:\/\/www.galerie-metzger.de\/wp-content\/uploads\/2024\/07\/Peter-Callas-Teabowl-galerie-metzger-gallery-ceramic-art-angewandte-kunst-keramik-1030x1030.jpg 1030w, https:\/\/www.galerie-metzger.de\/wp-content\/uploads\/2024\/07\/Peter-Callas-Teabowl-galerie-metzger-gallery-ceramic-art-angewandte-kunst-keramik-690x690.jpg 690w, https:\/\/www.galerie-metzger.de\/wp-content\/uploads\/2024\/07\/Peter-Callas-Teabowl-galerie-metzger-gallery-ceramic-art-angewandte-kunst-keramik-80x80.jpg 80w, https:\/\/www.galerie-metzger.de\/wp-content\/uploads\/2024\/07\/Peter-Callas-Teabowl-galerie-metzger-gallery-ceramic-art-angewandte-kunst-keramik-768x768.jpg 768w, https:\/\/www.galerie-metzger.de\/wp-content\/uploads\/2024\/07\/Peter-Callas-Teabowl-galerie-metzger-gallery-ceramic-art-angewandte-kunst-keramik-1536x1536.jpg 1536w, https:\/\/www.galerie-metzger.de\/wp-content\/uploads\/2024\/07\/Peter-Callas-Teabowl-galerie-metzger-gallery-ceramic-art-angewandte-kunst-keramik-2048x2048.jpg 2048w, https:\/\/www.galerie-metzger.de\/wp-content\/uploads\/2024\/07\/Peter-Callas-Teabowl-galerie-metzger-gallery-ceramic-art-angewandte-kunst-keramik-36x36.jpg 36w, https:\/\/www.galerie-metzger.de\/wp-content\/uploads\/2024\/07\/Peter-Callas-Teabowl-galerie-metzger-gallery-ceramic-art-angewandte-kunst-keramik-180x180.jpg 180w, https:\/\/www.galerie-metzger.de\/wp-content\/uploads\/2024\/07\/Peter-Callas-Teabowl-galerie-metzger-gallery-ceramic-art-angewandte-kunst-keramik-1500x1500.jpg 1500w, https:\/\/www.galerie-metzger.de\/wp-content\/uploads\/2024\/07\/Peter-Callas-Teabowl-galerie-metzger-gallery-ceramic-art-angewandte-kunst-keramik-705x705.jpg 705w\" data-sizes=\"(max-width: 1030px) 100vw, 1030px\" class='avia_image' ><div class=\"av-image-caption-overlay\"><div class=\"av-caption-image-overlay-bg\"><\/div><div class=\"av-image-caption-overlay-position\"><div class=\"av-image-caption-overlay-center\"><p>Peter Callas \u2013 Chawan \u2013 , 11.5&#215;11.5&#215;9 cm, Foto: Peter Callas<\/p>\n<\/div><\/div><\/div><img decoding=\"async\" class='wp-image-12480 avia-img-lazy-loading-not-12480 avia_image ' src=\"https:\/\/www.galerie-metzger.de\/wp-content\/uploads\/2024\/07\/Peter-Callas-Teabowl-galerie-metzger-gallery-ceramic-art-angewandte-kunst-keramik-690x690.jpg\" alt='Peter Callas - Teabowl' title='Peter Callas - Teabowl'  height=\"690\" width=\"690\" srcset=\"https:\/\/www.galerie-metzger.de\/wp-content\/uploads\/2024\/07\/Peter-Callas-Teabowl-galerie-metzger-gallery-ceramic-art-angewandte-kunst-keramik-690x690.jpg 690w, https:\/\/www.galerie-metzger.de\/wp-content\/uploads\/2024\/07\/Peter-Callas-Teabowl-galerie-metzger-gallery-ceramic-art-angewandte-kunst-keramik-1030x1030.jpg 1030w, https:\/\/www.galerie-metzger.de\/wp-content\/uploads\/2024\/07\/Peter-Callas-Teabowl-galerie-metzger-gallery-ceramic-art-angewandte-kunst-keramik-80x80.jpg 80w, https:\/\/www.galerie-metzger.de\/wp-content\/uploads\/2024\/07\/Peter-Callas-Teabowl-galerie-metzger-gallery-ceramic-art-angewandte-kunst-keramik-768x768.jpg 768w, https:\/\/www.galerie-metzger.de\/wp-content\/uploads\/2024\/07\/Peter-Callas-Teabowl-galerie-metzger-gallery-ceramic-art-angewandte-kunst-keramik-1536x1536.jpg 1536w, https:\/\/www.galerie-metzger.de\/wp-content\/uploads\/2024\/07\/Peter-Callas-Teabowl-galerie-metzger-gallery-ceramic-art-angewandte-kunst-keramik-2048x2048.jpg 2048w, https:\/\/www.galerie-metzger.de\/wp-content\/uploads\/2024\/07\/Peter-Callas-Teabowl-galerie-metzger-gallery-ceramic-art-angewandte-kunst-keramik-36x36.jpg 36w, https:\/\/www.galerie-metzger.de\/wp-content\/uploads\/2024\/07\/Peter-Callas-Teabowl-galerie-metzger-gallery-ceramic-art-angewandte-kunst-keramik-180x180.jpg 180w, https:\/\/www.galerie-metzger.de\/wp-content\/uploads\/2024\/07\/Peter-Callas-Teabowl-galerie-metzger-gallery-ceramic-art-angewandte-kunst-keramik-1500x1500.jpg 1500w, https:\/\/www.galerie-metzger.de\/wp-content\/uploads\/2024\/07\/Peter-Callas-Teabowl-galerie-metzger-gallery-ceramic-art-angewandte-kunst-keramik-705x705.jpg 705w\" sizes=\"(max-width: 690px) 100vw, 690px\" \/><\/a><\/div><\/div><\/div><br \/>\n<section  class='av_textblock_section av-lye8y0zt-1999f6080b2ac160a9cfdd682e8c4ce9' ><div class='avia_textblock jo_werk_anfrage' ><p><a class=\"anfrage\" href=\"mailto:info@galerie-metzger.de?subject=Peter%20Callas%20Chawan%2011.5x11.5x9%20cm\">request information<\/a><\/p>\n<\/div><\/section><\/p><\/div><div class='av-flex-placeholder'><\/div>\n<style type=\"text\/css\" data-created_by=\"avia_inline_auto\" id=\"style-css-av-783kqdu-3630cc2c153252dce22bb73e1b4b128e\">\n.flex_column.av-783kqdu-3630cc2c153252dce22bb73e1b4b128e{\n-webkit-border-radius:0px 0px 0px 0px;\n-moz-border-radius:0px 0px 0px 0px;\nborder-radius:0px 0px 0px 0px;\n}\n<\/style>\n<div class='flex_column av-783kqdu-3630cc2c153252dce22bb73e1b4b128e av_one_third  avia-builder-el-90  el_after_av_one_third  el_before_av_one_third  jo_pf_bild_bg flex_column_table_cell av-equal-height-column av-align-top av-animated-generic fade-in av-zero-column-padding column-top-margin'     ><p>\n<style type=\"text\/css\" data-created_by=\"avia_inline_auto\" id=\"style-css-av-lyeh31ws-611d1ec3d0c1c1d8c9945c04be96476e\">\n.avia-image-container.av-lyeh31ws-611d1ec3d0c1c1d8c9945c04be96476e img.avia_image{\nbox-shadow:none;\n}\n.avia-image-container.av-lyeh31ws-611d1ec3d0c1c1d8c9945c04be96476e .av-caption-image-overlay-bg{\nopacity:0.4;\n}\n<\/style>\n<div  class='avia-image-container av-lyeh31ws-611d1ec3d0c1c1d8c9945c04be96476e av-styling-no-styling avia_animated_image av-animated-when-visible-95 fade-in avia-align-left  avia-builder-el-91  el_before_av_textblock  avia-builder-el-first  jo_pf_bild noHover av-overlay-hover-deactivate'  ><div class=\"avia-image-container-inner\"><div class=\"avia-image-overlay-wrap\"><a href=\"https:\/\/www.galerie-metzger.de\/wp-content\/uploads\/2024\/07\/Peter-Callas-Teabowl-galerie-metzger-gallery-ceramic-art-angewandte-kunst-1030x1030.jpg\" data-srcset=\"https:\/\/www.galerie-metzger.de\/wp-content\/uploads\/2024\/07\/Peter-Callas-Teabowl-galerie-metzger-gallery-ceramic-art-angewandte-kunst-1030x1030.jpg 1030w, https:\/\/www.galerie-metzger.de\/wp-content\/uploads\/2024\/07\/Peter-Callas-Teabowl-galerie-metzger-gallery-ceramic-art-angewandte-kunst-690x690.jpg 690w, https:\/\/www.galerie-metzger.de\/wp-content\/uploads\/2024\/07\/Peter-Callas-Teabowl-galerie-metzger-gallery-ceramic-art-angewandte-kunst-80x80.jpg 80w, https:\/\/www.galerie-metzger.de\/wp-content\/uploads\/2024\/07\/Peter-Callas-Teabowl-galerie-metzger-gallery-ceramic-art-angewandte-kunst-768x768.jpg 768w, https:\/\/www.galerie-metzger.de\/wp-content\/uploads\/2024\/07\/Peter-Callas-Teabowl-galerie-metzger-gallery-ceramic-art-angewandte-kunst-1536x1536.jpg 1536w, https:\/\/www.galerie-metzger.de\/wp-content\/uploads\/2024\/07\/Peter-Callas-Teabowl-galerie-metzger-gallery-ceramic-art-angewandte-kunst-2048x2048.jpg 2048w, https:\/\/www.galerie-metzger.de\/wp-content\/uploads\/2024\/07\/Peter-Callas-Teabowl-galerie-metzger-gallery-ceramic-art-angewandte-kunst-36x36.jpg 36w, https:\/\/www.galerie-metzger.de\/wp-content\/uploads\/2024\/07\/Peter-Callas-Teabowl-galerie-metzger-gallery-ceramic-art-angewandte-kunst-180x180.jpg 180w, https:\/\/www.galerie-metzger.de\/wp-content\/uploads\/2024\/07\/Peter-Callas-Teabowl-galerie-metzger-gallery-ceramic-art-angewandte-kunst-1500x1500.jpg 1500w, https:\/\/www.galerie-metzger.de\/wp-content\/uploads\/2024\/07\/Peter-Callas-Teabowl-galerie-metzger-gallery-ceramic-art-angewandte-kunst-705x705.jpg 705w\" data-sizes=\"(max-width: 1030px) 100vw, 1030px\" class='avia_image' ><div class=\"av-image-caption-overlay\"><div class=\"av-caption-image-overlay-bg\"><\/div><div class=\"av-image-caption-overlay-position\"><div class=\"av-image-caption-overlay-center\"><p>Peter Callas \u2013 Chawan \u2013 , 11.5&#215;11.5&#215;9 cm, Foto: Peter Callas<\/p>\n<\/div><\/div><\/div><img decoding=\"async\" class='wp-image-12482 avia-img-lazy-loading-not-12482 avia_image ' src=\"https:\/\/www.galerie-metzger.de\/wp-content\/uploads\/2024\/07\/Peter-Callas-Teabowl-galerie-metzger-gallery-ceramic-art-angewandte-kunst-690x690.jpg\" alt='Peter Callas -Teabowl' title='Peter Callas - Teabowl'  height=\"690\" width=\"690\" srcset=\"https:\/\/www.galerie-metzger.de\/wp-content\/uploads\/2024\/07\/Peter-Callas-Teabowl-galerie-metzger-gallery-ceramic-art-angewandte-kunst-690x690.jpg 690w, https:\/\/www.galerie-metzger.de\/wp-content\/uploads\/2024\/07\/Peter-Callas-Teabowl-galerie-metzger-gallery-ceramic-art-angewandte-kunst-1030x1030.jpg 1030w, https:\/\/www.galerie-metzger.de\/wp-content\/uploads\/2024\/07\/Peter-Callas-Teabowl-galerie-metzger-gallery-ceramic-art-angewandte-kunst-80x80.jpg 80w, https:\/\/www.galerie-metzger.de\/wp-content\/uploads\/2024\/07\/Peter-Callas-Teabowl-galerie-metzger-gallery-ceramic-art-angewandte-kunst-768x768.jpg 768w, https:\/\/www.galerie-metzger.de\/wp-content\/uploads\/2024\/07\/Peter-Callas-Teabowl-galerie-metzger-gallery-ceramic-art-angewandte-kunst-1536x1536.jpg 1536w, https:\/\/www.galerie-metzger.de\/wp-content\/uploads\/2024\/07\/Peter-Callas-Teabowl-galerie-metzger-gallery-ceramic-art-angewandte-kunst-2048x2048.jpg 2048w, https:\/\/www.galerie-metzger.de\/wp-content\/uploads\/2024\/07\/Peter-Callas-Teabowl-galerie-metzger-gallery-ceramic-art-angewandte-kunst-36x36.jpg 36w, https:\/\/www.galerie-metzger.de\/wp-content\/uploads\/2024\/07\/Peter-Callas-Teabowl-galerie-metzger-gallery-ceramic-art-angewandte-kunst-180x180.jpg 180w, https:\/\/www.galerie-metzger.de\/wp-content\/uploads\/2024\/07\/Peter-Callas-Teabowl-galerie-metzger-gallery-ceramic-art-angewandte-kunst-1500x1500.jpg 1500w, https:\/\/www.galerie-metzger.de\/wp-content\/uploads\/2024\/07\/Peter-Callas-Teabowl-galerie-metzger-gallery-ceramic-art-angewandte-kunst-705x705.jpg 705w\" sizes=\"(max-width: 690px) 100vw, 690px\" \/><\/a><\/div><\/div><\/div><br \/>\n<section  class='av_textblock_section av-6qjvtjm-22f773be3d260a8b7d96495dcdb9611b' ><div class='avia_textblock jo_werk_anfrage' ><p><a class=\"anfrage\" href=\"mailto:info@galerie-metzger.de?subject=Peter%20Callas%20Chawan%2011.5x11.5x9%20cm\">request information<\/a><\/p>\n<\/div><\/section><\/p><\/div><div class='av-flex-placeholder'><\/div>\n<style type=\"text\/css\" data-created_by=\"avia_inline_auto\" id=\"style-css-av-6bx1cc2-fbbb1d839d0de69b4b3ed5854c0ccbc4\">\n.flex_column.av-6bx1cc2-fbbb1d839d0de69b4b3ed5854c0ccbc4{\n-webkit-border-radius:0px 0px 0px 0px;\n-moz-border-radius:0px 0px 0px 0px;\nborder-radius:0px 0px 0px 0px;\n}\n<\/style>\n<div class='flex_column av-6bx1cc2-fbbb1d839d0de69b4b3ed5854c0ccbc4 av_one_third  avia-builder-el-93  el_after_av_one_third  el_before_av_one_full  jo_pf_bild_bg flex_column_table_cell av-equal-height-column av-align-top av-animated-generic fade-in av-zero-column-padding column-top-margin'     ><p>\n<style type=\"text\/css\" data-created_by=\"avia_inline_auto\" id=\"style-css-av-lyeh3a2t-8c25bbc9b3bf56c1908326b2f507299c\">\n.avia-image-container.av-lyeh3a2t-8c25bbc9b3bf56c1908326b2f507299c img.avia_image{\nbox-shadow:none;\n}\n.avia-image-container.av-lyeh3a2t-8c25bbc9b3bf56c1908326b2f507299c .av-caption-image-overlay-bg{\nopacity:0.4;\n}\n<\/style>\n<div  class='avia-image-container av-lyeh3a2t-8c25bbc9b3bf56c1908326b2f507299c av-styling-no-styling avia_animated_image av-animated-when-visible-95 fade-in avia-align-left  avia-builder-el-94  el_before_av_textblock  avia-builder-el-first  jo_pf_bild noHover av-overlay-hover-deactivate'  ><div class=\"avia-image-container-inner\"><div class=\"avia-image-overlay-wrap\"><a href=\"https:\/\/www.galerie-metzger.de\/wp-content\/uploads\/2024\/07\/Peter-Callas-Teabowl-galerie-metzger-gallery-ceramic-art-teezeremonie-1030x1030.jpg\" data-srcset=\"https:\/\/www.galerie-metzger.de\/wp-content\/uploads\/2024\/07\/Peter-Callas-Teabowl-galerie-metzger-gallery-ceramic-art-teezeremonie-1030x1030.jpg 1030w, https:\/\/www.galerie-metzger.de\/wp-content\/uploads\/2024\/07\/Peter-Callas-Teabowl-galerie-metzger-gallery-ceramic-art-teezeremonie-690x690.jpg 690w, https:\/\/www.galerie-metzger.de\/wp-content\/uploads\/2024\/07\/Peter-Callas-Teabowl-galerie-metzger-gallery-ceramic-art-teezeremonie-80x80.jpg 80w, https:\/\/www.galerie-metzger.de\/wp-content\/uploads\/2024\/07\/Peter-Callas-Teabowl-galerie-metzger-gallery-ceramic-art-teezeremonie-768x768.jpg 768w, https:\/\/www.galerie-metzger.de\/wp-content\/uploads\/2024\/07\/Peter-Callas-Teabowl-galerie-metzger-gallery-ceramic-art-teezeremonie-1536x1536.jpg 1536w, https:\/\/www.galerie-metzger.de\/wp-content\/uploads\/2024\/07\/Peter-Callas-Teabowl-galerie-metzger-gallery-ceramic-art-teezeremonie-2048x2048.jpg 2048w, https:\/\/www.galerie-metzger.de\/wp-content\/uploads\/2024\/07\/Peter-Callas-Teabowl-galerie-metzger-gallery-ceramic-art-teezeremonie-36x36.jpg 36w, https:\/\/www.galerie-metzger.de\/wp-content\/uploads\/2024\/07\/Peter-Callas-Teabowl-galerie-metzger-gallery-ceramic-art-teezeremonie-180x180.jpg 180w, https:\/\/www.galerie-metzger.de\/wp-content\/uploads\/2024\/07\/Peter-Callas-Teabowl-galerie-metzger-gallery-ceramic-art-teezeremonie-1500x1500.jpg 1500w, https:\/\/www.galerie-metzger.de\/wp-content\/uploads\/2024\/07\/Peter-Callas-Teabowl-galerie-metzger-gallery-ceramic-art-teezeremonie-705x705.jpg 705w\" data-sizes=\"(max-width: 1030px) 100vw, 1030px\" class='avia_image' ><div class=\"av-image-caption-overlay\"><div class=\"av-caption-image-overlay-bg\"><\/div><div class=\"av-image-caption-overlay-position\"><div class=\"av-image-caption-overlay-center\"><p>Peter Callas \u2013 Chawan \u2013 , 11.5&#215;11.5&#215;9 cm, Foto: Peter Callas<\/p>\n<\/div><\/div><\/div><img decoding=\"async\" class='wp-image-12484 avia-img-lazy-loading-not-12484 avia_image ' src=\"https:\/\/www.galerie-metzger.de\/wp-content\/uploads\/2024\/07\/Peter-Callas-Teabowl-galerie-metzger-gallery-ceramic-art-teezeremonie-690x690.jpg\" alt='Peter Callas - Teabowl' title='Peter Callas Teabowl galerie metzger gallery ceramic art teezeremonie'  height=\"690\" width=\"690\" srcset=\"https:\/\/www.galerie-metzger.de\/wp-content\/uploads\/2024\/07\/Peter-Callas-Teabowl-galerie-metzger-gallery-ceramic-art-teezeremonie-690x690.jpg 690w, https:\/\/www.galerie-metzger.de\/wp-content\/uploads\/2024\/07\/Peter-Callas-Teabowl-galerie-metzger-gallery-ceramic-art-teezeremonie-1030x1030.jpg 1030w, https:\/\/www.galerie-metzger.de\/wp-content\/uploads\/2024\/07\/Peter-Callas-Teabowl-galerie-metzger-gallery-ceramic-art-teezeremonie-80x80.jpg 80w, https:\/\/www.galerie-metzger.de\/wp-content\/uploads\/2024\/07\/Peter-Callas-Teabowl-galerie-metzger-gallery-ceramic-art-teezeremonie-768x768.jpg 768w, https:\/\/www.galerie-metzger.de\/wp-content\/uploads\/2024\/07\/Peter-Callas-Teabowl-galerie-metzger-gallery-ceramic-art-teezeremonie-1536x1536.jpg 1536w, https:\/\/www.galerie-metzger.de\/wp-content\/uploads\/2024\/07\/Peter-Callas-Teabowl-galerie-metzger-gallery-ceramic-art-teezeremonie-2048x2048.jpg 2048w, https:\/\/www.galerie-metzger.de\/wp-content\/uploads\/2024\/07\/Peter-Callas-Teabowl-galerie-metzger-gallery-ceramic-art-teezeremonie-36x36.jpg 36w, https:\/\/www.galerie-metzger.de\/wp-content\/uploads\/2024\/07\/Peter-Callas-Teabowl-galerie-metzger-gallery-ceramic-art-teezeremonie-180x180.jpg 180w, https:\/\/www.galerie-metzger.de\/wp-content\/uploads\/2024\/07\/Peter-Callas-Teabowl-galerie-metzger-gallery-ceramic-art-teezeremonie-1500x1500.jpg 1500w, https:\/\/www.galerie-metzger.de\/wp-content\/uploads\/2024\/07\/Peter-Callas-Teabowl-galerie-metzger-gallery-ceramic-art-teezeremonie-705x705.jpg 705w\" sizes=\"(max-width: 690px) 100vw, 690px\" \/><\/a><\/div><\/div><\/div><br \/>\n<section  class='av_textblock_section av-5q74rki-a5a0a481e8dd0728fc88d324769cbfbc' ><div class='avia_textblock jo_werk_anfrage' ><p><a class=\"anfrage\" href=\"mailto:info@galerie-metzger.de?subject=Peter%20Callas%20Chawan%2011.5x11.5x9cm\">request information<\/a><\/p>\n<\/div><\/section><\/p><\/div><\/div><!--close column table wrapper. Autoclose: 1 --><div class='flex_column_table av-4i45ulu-3ed584b12e0fa969f17345dd1446ce25 sc-av_one_full av-equal-height-column-flextable'>\n<style type=\"text\/css\" data-created_by=\"avia_inline_auto\" id=\"style-css-av-4i45ulu-3ed584b12e0fa969f17345dd1446ce25\">\n.flex_column.av-4i45ulu-3ed584b12e0fa969f17345dd1446ce25{\n-webkit-border-radius:0px 0px 0px 0px;\n-moz-border-radius:0px 0px 0px 0px;\nborder-radius:0px 0px 0px 0px;\n}\n<\/style>\n<div class='flex_column av-4i45ulu-3ed584b12e0fa969f17345dd1446ce25 av_one_full  avia-builder-el-96  el_after_av_one_third  el_before_av_one_half  jo_pf_bild_bg first flex_column_table_cell av-equal-height-column av-align-top av-animated-generic fade-in av-zero-column-padding column-top-margin'     ><p>\n<style type=\"text\/css\" data-created_by=\"avia_inline_auto\" id=\"style-css-av-evb376-206c759f6f1a7d2364afee40b72b6bf1\">\n.avia-image-container.av-evb376-206c759f6f1a7d2364afee40b72b6bf1 img.avia_image{\nbox-shadow:none;\n}\n.avia-image-container.av-evb376-206c759f6f1a7d2364afee40b72b6bf1 .av-caption-image-overlay-bg{\nopacity:0.4;\n}\n<\/style>\n<div  class='avia-image-container av-evb376-206c759f6f1a7d2364afee40b72b6bf1 av-styling-no-styling avia_animated_image av-animated-when-visible-95 fade-in avia-align-left  avia-builder-el-97  el_before_av_textblock  avia-builder-el-first  jo_pf_bild noHover av-overlay-hover-deactivate'  ><div class=\"avia-image-container-inner\"><div class=\"avia-image-overlay-wrap\"><a href=\"https:\/\/www.galerie-metzger.de\/wp-content\/uploads\/2024\/07\/Peter-Callas-chawan-galerie-metzger-gallery-ceramic-teabowl-keramik-kunst-start-1030x687.jpg\" data-srcset=\"https:\/\/www.galerie-metzger.de\/wp-content\/uploads\/2024\/07\/Peter-Callas-chawan-galerie-metzger-gallery-ceramic-teabowl-keramik-kunst-start-1030x687.jpg 1030w, https:\/\/www.galerie-metzger.de\/wp-content\/uploads\/2024\/07\/Peter-Callas-chawan-galerie-metzger-gallery-ceramic-teabowl-keramik-kunst-start-690x460.jpg 690w, https:\/\/www.galerie-metzger.de\/wp-content\/uploads\/2024\/07\/Peter-Callas-chawan-galerie-metzger-gallery-ceramic-teabowl-keramik-kunst-start-768x512.jpg 768w, https:\/\/www.galerie-metzger.de\/wp-content\/uploads\/2024\/07\/Peter-Callas-chawan-galerie-metzger-gallery-ceramic-teabowl-keramik-kunst-start-1536x1024.jpg 1536w, https:\/\/www.galerie-metzger.de\/wp-content\/uploads\/2024\/07\/Peter-Callas-chawan-galerie-metzger-gallery-ceramic-teabowl-keramik-kunst-start-2048x1365.jpg 2048w, https:\/\/www.galerie-metzger.de\/wp-content\/uploads\/2024\/07\/Peter-Callas-chawan-galerie-metzger-gallery-ceramic-teabowl-keramik-kunst-start-1500x1000.jpg 1500w, https:\/\/www.galerie-metzger.de\/wp-content\/uploads\/2024\/07\/Peter-Callas-chawan-galerie-metzger-gallery-ceramic-teabowl-keramik-kunst-start-705x470.jpg 705w\" data-sizes=\"(max-width: 1030px) 100vw, 1030px\" class='avia_image' ><div class=\"av-image-caption-overlay\"><div class=\"av-caption-image-overlay-bg\"><\/div><div class=\"av-image-caption-overlay-position\"><div class=\"av-image-caption-overlay-center\"><p>Peter Callas \u2013 Chawan \u2013,14x14x8 cm Foto: Peter Callas<\/p>\n<\/div><\/div><\/div><img decoding=\"async\" class='wp-image-12546 avia-img-lazy-loading-not-12546 avia_image ' src=\"https:\/\/www.galerie-metzger.de\/wp-content\/uploads\/2024\/07\/Peter-Callas-chawan-galerie-metzger-gallery-ceramic-teabowl-keramik-kunst-start-scaled.jpg\" alt='' title='Peter-Callas-chawan-galerie-metzger-gallery-ceramic-teabowl-keramik-kunst-start'  height=\"1707\" width=\"2560\" srcset=\"https:\/\/www.galerie-metzger.de\/wp-content\/uploads\/2024\/07\/Peter-Callas-chawan-galerie-metzger-gallery-ceramic-teabowl-keramik-kunst-start-scaled.jpg 2560w, https:\/\/www.galerie-metzger.de\/wp-content\/uploads\/2024\/07\/Peter-Callas-chawan-galerie-metzger-gallery-ceramic-teabowl-keramik-kunst-start-690x460.jpg 690w, https:\/\/www.galerie-metzger.de\/wp-content\/uploads\/2024\/07\/Peter-Callas-chawan-galerie-metzger-gallery-ceramic-teabowl-keramik-kunst-start-1030x687.jpg 1030w, https:\/\/www.galerie-metzger.de\/wp-content\/uploads\/2024\/07\/Peter-Callas-chawan-galerie-metzger-gallery-ceramic-teabowl-keramik-kunst-start-768x512.jpg 768w, https:\/\/www.galerie-metzger.de\/wp-content\/uploads\/2024\/07\/Peter-Callas-chawan-galerie-metzger-gallery-ceramic-teabowl-keramik-kunst-start-1536x1024.jpg 1536w, https:\/\/www.galerie-metzger.de\/wp-content\/uploads\/2024\/07\/Peter-Callas-chawan-galerie-metzger-gallery-ceramic-teabowl-keramik-kunst-start-2048x1365.jpg 2048w, https:\/\/www.galerie-metzger.de\/wp-content\/uploads\/2024\/07\/Peter-Callas-chawan-galerie-metzger-gallery-ceramic-teabowl-keramik-kunst-start-1500x1000.jpg 1500w, https:\/\/www.galerie-metzger.de\/wp-content\/uploads\/2024\/07\/Peter-Callas-chawan-galerie-metzger-gallery-ceramic-teabowl-keramik-kunst-start-705x470.jpg 705w\" sizes=\"(max-width: 2560px) 100vw, 2560px\" \/><\/a><\/div><\/div><\/div><br \/>\n<section  class='av_textblock_section av-3egt8xe-ffdc8564945361b0f34511647e3c836e' ><div class='avia_textblock jo_werk_anfrage' ><p><a class=\"anfrage\" href=\"mailto:info@galerie-metzger.de?subject=Peter%20Callas%20Chawan%2014x14x8cm%20\">request information<\/a><\/p>\n<\/div><\/section><\/p><\/div><\/div><!--close column table wrapper. Autoclose: 1 --><div class='flex_column_table av-319xwtu-b7b7275421ab465ae8cc2ce9d8de8dd1 sc-av_one_half av-equal-height-column-flextable'>\n<style type=\"text\/css\" data-created_by=\"avia_inline_auto\" id=\"style-css-av-319xwtu-b7b7275421ab465ae8cc2ce9d8de8dd1\">\n.flex_column.av-319xwtu-b7b7275421ab465ae8cc2ce9d8de8dd1{\n-webkit-border-radius:0px 0px 0px 0px;\n-moz-border-radius:0px 0px 0px 0px;\nborder-radius:0px 0px 0px 0px;\n}\n<\/style>\n<div class='flex_column av-319xwtu-b7b7275421ab465ae8cc2ce9d8de8dd1 av_one_half  avia-builder-el-99  el_after_av_one_full  el_before_av_one_half  jo_pf_bild_bg first flex_column_table_cell av-equal-height-column av-align-top av-animated-generic fade-in av-zero-column-padding column-top-margin'     ><p>\n<style type=\"text\/css\" data-created_by=\"avia_inline_auto\" id=\"style-css-av-lye8yp52-58d15afd6443e021f5fd8e56f081fe02\">\n.avia-image-container.av-lye8yp52-58d15afd6443e021f5fd8e56f081fe02 img.avia_image{\nbox-shadow:none;\n}\n.avia-image-container.av-lye8yp52-58d15afd6443e021f5fd8e56f081fe02 .av-caption-image-overlay-bg{\nopacity:0.4;\n}\n<\/style>\n<div  class='avia-image-container av-lye8yp52-58d15afd6443e021f5fd8e56f081fe02 av-styling-no-styling avia_animated_image av-animated-when-visible-95 fade-in avia-align-left  avia-builder-el-100  el_before_av_textblock  avia-builder-el-first  jo_pf_bild noHover av-overlay-hover-deactivate'  ><div class=\"avia-image-container-inner\"><div class=\"avia-image-overlay-wrap\"><a href=\"https:\/\/www.galerie-metzger.de\/wp-content\/uploads\/2024\/07\/Peter-Callas-chawan-galerie-metzger-gallery-1030x1030.jpg\" data-srcset=\"https:\/\/www.galerie-metzger.de\/wp-content\/uploads\/2024\/07\/Peter-Callas-chawan-galerie-metzger-gallery-1030x1030.jpg 1030w, https:\/\/www.galerie-metzger.de\/wp-content\/uploads\/2024\/07\/Peter-Callas-chawan-galerie-metzger-gallery-690x690.jpg 690w, https:\/\/www.galerie-metzger.de\/wp-content\/uploads\/2024\/07\/Peter-Callas-chawan-galerie-metzger-gallery-80x80.jpg 80w, https:\/\/www.galerie-metzger.de\/wp-content\/uploads\/2024\/07\/Peter-Callas-chawan-galerie-metzger-gallery-768x768.jpg 768w, https:\/\/www.galerie-metzger.de\/wp-content\/uploads\/2024\/07\/Peter-Callas-chawan-galerie-metzger-gallery-1536x1536.jpg 1536w, https:\/\/www.galerie-metzger.de\/wp-content\/uploads\/2024\/07\/Peter-Callas-chawan-galerie-metzger-gallery-2048x2048.jpg 2048w, https:\/\/www.galerie-metzger.de\/wp-content\/uploads\/2024\/07\/Peter-Callas-chawan-galerie-metzger-gallery-36x36.jpg 36w, https:\/\/www.galerie-metzger.de\/wp-content\/uploads\/2024\/07\/Peter-Callas-chawan-galerie-metzger-gallery-180x180.jpg 180w, https:\/\/www.galerie-metzger.de\/wp-content\/uploads\/2024\/07\/Peter-Callas-chawan-galerie-metzger-gallery-1500x1500.jpg 1500w, https:\/\/www.galerie-metzger.de\/wp-content\/uploads\/2024\/07\/Peter-Callas-chawan-galerie-metzger-gallery-705x705.jpg 705w\" data-sizes=\"(max-width: 1030px) 100vw, 1030px\" class='avia_image' ><div class=\"av-image-caption-overlay\"><div class=\"av-caption-image-overlay-bg\"><\/div><div class=\"av-image-caption-overlay-position\"><div class=\"av-image-caption-overlay-center\"><p>Peter Callas \u2013 Chawan, 2nd view \u2013, 14x14x8 cm , Foto: Peter Callas<\/p>\n<\/div><\/div><\/div><img decoding=\"async\" class='wp-image-12476 avia-img-lazy-loading-not-12476 avia_image ' src=\"https:\/\/www.galerie-metzger.de\/wp-content\/uploads\/2024\/07\/Peter-Callas-chawan-galerie-metzger-gallery-690x690.jpg\" alt='Peter Callas - Chawan' title='Peter Callas -Chawan'  height=\"690\" width=\"690\" srcset=\"https:\/\/www.galerie-metzger.de\/wp-content\/uploads\/2024\/07\/Peter-Callas-chawan-galerie-metzger-gallery-690x690.jpg 690w, https:\/\/www.galerie-metzger.de\/wp-content\/uploads\/2024\/07\/Peter-Callas-chawan-galerie-metzger-gallery-1030x1030.jpg 1030w, https:\/\/www.galerie-metzger.de\/wp-content\/uploads\/2024\/07\/Peter-Callas-chawan-galerie-metzger-gallery-80x80.jpg 80w, https:\/\/www.galerie-metzger.de\/wp-content\/uploads\/2024\/07\/Peter-Callas-chawan-galerie-metzger-gallery-768x768.jpg 768w, https:\/\/www.galerie-metzger.de\/wp-content\/uploads\/2024\/07\/Peter-Callas-chawan-galerie-metzger-gallery-1536x1536.jpg 1536w, https:\/\/www.galerie-metzger.de\/wp-content\/uploads\/2024\/07\/Peter-Callas-chawan-galerie-metzger-gallery-2048x2048.jpg 2048w, https:\/\/www.galerie-metzger.de\/wp-content\/uploads\/2024\/07\/Peter-Callas-chawan-galerie-metzger-gallery-36x36.jpg 36w, https:\/\/www.galerie-metzger.de\/wp-content\/uploads\/2024\/07\/Peter-Callas-chawan-galerie-metzger-gallery-180x180.jpg 180w, https:\/\/www.galerie-metzger.de\/wp-content\/uploads\/2024\/07\/Peter-Callas-chawan-galerie-metzger-gallery-1500x1500.jpg 1500w, https:\/\/www.galerie-metzger.de\/wp-content\/uploads\/2024\/07\/Peter-Callas-chawan-galerie-metzger-gallery-705x705.jpg 705w\" sizes=\"(max-width: 690px) 100vw, 690px\" \/><\/a><\/div><\/div><\/div><br \/>\n<section  class='av_textblock_section av-2nvv8b6-438833b86809f356f6c274bce41f3dcc' ><div class='avia_textblock jo_werk_anfrage' ><p><a class=\"anfrage\" href=\"mailto:info@galerie-metzger.de?subject=Peter%20Callas%20Chawan%2014x14x8cm%20\">request information<\/a><\/p>\n<\/div><\/section><\/p><\/div><div class='av-flex-placeholder'><\/div>\n<style type=\"text\/css\" data-created_by=\"avia_inline_auto\" id=\"style-css-av-qx1qq-d42f8e6d6fed1e31344e3564a3269b0d\">\n.flex_column.av-qx1qq-d42f8e6d6fed1e31344e3564a3269b0d{\n-webkit-border-radius:0px 0px 0px 0px;\n-moz-border-radius:0px 0px 0px 0px;\nborder-radius:0px 0px 0px 0px;\n}\n<\/style>\n<div class='flex_column av-qx1qq-d42f8e6d6fed1e31344e3564a3269b0d av_one_half  avia-builder-el-102  el_after_av_one_half  el_before_av_one_third  jo_pf_bild_bg flex_column_table_cell av-equal-height-column av-align-top av-animated-generic fade-in av-zero-column-padding column-top-margin'     ><p>\n<style type=\"text\/css\" data-created_by=\"avia_inline_auto\" id=\"style-css-av-lye8zb9t-73858e675c365c60ac144bc78d4c9f8b\">\n.avia-image-container.av-lye8zb9t-73858e675c365c60ac144bc78d4c9f8b img.avia_image{\nbox-shadow:none;\n}\n.avia-image-container.av-lye8zb9t-73858e675c365c60ac144bc78d4c9f8b .av-caption-image-overlay-bg{\nopacity:0.4;\n}\n<\/style>\n<div  class='avia-image-container av-lye8zb9t-73858e675c365c60ac144bc78d4c9f8b av-styling-no-styling avia_animated_image av-animated-when-visible-95 fade-in avia-align-left  avia-builder-el-103  el_before_av_textblock  avia-builder-el-first  jo_pf_bild noHover av-overlay-hover-deactivate'  ><div class=\"avia-image-container-inner\"><div class=\"avia-image-overlay-wrap\"><a href=\"https:\/\/www.galerie-metzger.de\/wp-content\/uploads\/2024\/07\/Peter-Callas-chawan-signatur-marken-galerie-metzger-1030x1030.jpg\" data-srcset=\"https:\/\/www.galerie-metzger.de\/wp-content\/uploads\/2024\/07\/Peter-Callas-chawan-signatur-marken-galerie-metzger-1030x1030.jpg 1030w, https:\/\/www.galerie-metzger.de\/wp-content\/uploads\/2024\/07\/Peter-Callas-chawan-signatur-marken-galerie-metzger-690x690.jpg 690w, https:\/\/www.galerie-metzger.de\/wp-content\/uploads\/2024\/07\/Peter-Callas-chawan-signatur-marken-galerie-metzger-80x80.jpg 80w, https:\/\/www.galerie-metzger.de\/wp-content\/uploads\/2024\/07\/Peter-Callas-chawan-signatur-marken-galerie-metzger-768x768.jpg 768w, https:\/\/www.galerie-metzger.de\/wp-content\/uploads\/2024\/07\/Peter-Callas-chawan-signatur-marken-galerie-metzger-1536x1536.jpg 1536w, https:\/\/www.galerie-metzger.de\/wp-content\/uploads\/2024\/07\/Peter-Callas-chawan-signatur-marken-galerie-metzger-2048x2048.jpg 2048w, https:\/\/www.galerie-metzger.de\/wp-content\/uploads\/2024\/07\/Peter-Callas-chawan-signatur-marken-galerie-metzger-36x36.jpg 36w, https:\/\/www.galerie-metzger.de\/wp-content\/uploads\/2024\/07\/Peter-Callas-chawan-signatur-marken-galerie-metzger-180x180.jpg 180w, https:\/\/www.galerie-metzger.de\/wp-content\/uploads\/2024\/07\/Peter-Callas-chawan-signatur-marken-galerie-metzger-1500x1500.jpg 1500w, https:\/\/www.galerie-metzger.de\/wp-content\/uploads\/2024\/07\/Peter-Callas-chawan-signatur-marken-galerie-metzger-705x705.jpg 705w\" data-sizes=\"(max-width: 1030px) 100vw, 1030px\" class='avia_image' ><div class=\"av-image-caption-overlay\"><div class=\"av-caption-image-overlay-bg\"><\/div><div class=\"av-image-caption-overlay-position\"><div class=\"av-image-caption-overlay-center\"><p>Peter Callas \u2013 Chawan \u2013, 14x14x8 cm , Foto: Peter Callas<\/p>\n<\/div><\/div><\/div><img decoding=\"async\" class='wp-image-12478 avia-img-lazy-loading-not-12478 avia_image ' src=\"https:\/\/www.galerie-metzger.de\/wp-content\/uploads\/2024\/07\/Peter-Callas-chawan-signatur-marken-galerie-metzger-690x690.jpg\" alt='Peter Callas - Chawan' title='Peter Callas - Chawan'  height=\"690\" width=\"690\" srcset=\"https:\/\/www.galerie-metzger.de\/wp-content\/uploads\/2024\/07\/Peter-Callas-chawan-signatur-marken-galerie-metzger-690x690.jpg 690w, https:\/\/www.galerie-metzger.de\/wp-content\/uploads\/2024\/07\/Peter-Callas-chawan-signatur-marken-galerie-metzger-1030x1030.jpg 1030w, https:\/\/www.galerie-metzger.de\/wp-content\/uploads\/2024\/07\/Peter-Callas-chawan-signatur-marken-galerie-metzger-80x80.jpg 80w, https:\/\/www.galerie-metzger.de\/wp-content\/uploads\/2024\/07\/Peter-Callas-chawan-signatur-marken-galerie-metzger-768x768.jpg 768w, https:\/\/www.galerie-metzger.de\/wp-content\/uploads\/2024\/07\/Peter-Callas-chawan-signatur-marken-galerie-metzger-1536x1536.jpg 1536w, https:\/\/www.galerie-metzger.de\/wp-content\/uploads\/2024\/07\/Peter-Callas-chawan-signatur-marken-galerie-metzger-2048x2048.jpg 2048w, https:\/\/www.galerie-metzger.de\/wp-content\/uploads\/2024\/07\/Peter-Callas-chawan-signatur-marken-galerie-metzger-36x36.jpg 36w, https:\/\/www.galerie-metzger.de\/wp-content\/uploads\/2024\/07\/Peter-Callas-chawan-signatur-marken-galerie-metzger-180x180.jpg 180w, https:\/\/www.galerie-metzger.de\/wp-content\/uploads\/2024\/07\/Peter-Callas-chawan-signatur-marken-galerie-metzger-1500x1500.jpg 1500w, https:\/\/www.galerie-metzger.de\/wp-content\/uploads\/2024\/07\/Peter-Callas-chawan-signatur-marken-galerie-metzger-705x705.jpg 705w\" sizes=\"(max-width: 690px) 100vw, 690px\" \/><\/a><\/div><\/div><\/div><br \/>\n<section  class='av_textblock_section av-5gd0ia-1c96a108abfb147d6856068f1c448326' ><div class='avia_textblock jo_werk_anfrage' ><p><a class=\"anfrage\" href=\"mailto:info@galerie-metzger.de?subject=Peter%20Callas%20Chawan%2014x14x8cm%20\">request information<\/a><\/p>\n<\/div><\/section><\/p><\/div><\/div><!--close column table wrapper. Autoclose: 1 --><div class='flex_column_table av-2xw6rma-a1e271e93b6d03dd54698260f515a710 sc-av_one_third av-equal-height-column-flextable'>\n<style type=\"text\/css\" data-created_by=\"avia_inline_auto\" id=\"style-css-av-2xw6rma-a1e271e93b6d03dd54698260f515a710\">\n.flex_column.av-2xw6rma-a1e271e93b6d03dd54698260f515a710{\n-webkit-border-radius:0px 0px 0px 0px;\n-moz-border-radius:0px 0px 0px 0px;\nborder-radius:0px 0px 0px 0px;\n}\n<\/style>\n<div class='flex_column av-2xw6rma-a1e271e93b6d03dd54698260f515a710 av_one_third  avia-builder-el-105  el_after_av_one_half  el_before_av_one_third  jo_pf_bild_bg first flex_column_table_cell av-equal-height-column av-align-top av-animated-generic fade-in av-zero-column-padding column-top-margin'     ><p>\n<style type=\"text\/css\" data-created_by=\"avia_inline_auto\" id=\"style-css-av-lyeh55e7-ce97df6e1d74ea31468690f4cf7cae25\">\n.avia-image-container.av-lyeh55e7-ce97df6e1d74ea31468690f4cf7cae25 img.avia_image{\nbox-shadow:none;\n}\n.avia-image-container.av-lyeh55e7-ce97df6e1d74ea31468690f4cf7cae25 .av-caption-image-overlay-bg{\nopacity:0.4;\n}\n<\/style>\n<div  class='avia-image-container av-lyeh55e7-ce97df6e1d74ea31468690f4cf7cae25 av-styling-no-styling avia_animated_image av-animated-when-visible-95 fade-in avia-align-left  avia-builder-el-106  el_before_av_textblock  avia-builder-el-first  jo_pf_bild noHover av-overlay-hover-deactivate'  ><div class=\"avia-image-container-inner\"><div class=\"avia-image-overlay-wrap\"><a href=\"https:\/\/www.galerie-metzger.de\/wp-content\/uploads\/2024\/07\/Peter-Callas-Teabowl-galerie-metzger-gallery-ceramic-art-teeschale-1030x1030.jpg\" data-srcset=\"https:\/\/www.galerie-metzger.de\/wp-content\/uploads\/2024\/07\/Peter-Callas-Teabowl-galerie-metzger-gallery-ceramic-art-teeschale-1030x1030.jpg 1030w, https:\/\/www.galerie-metzger.de\/wp-content\/uploads\/2024\/07\/Peter-Callas-Teabowl-galerie-metzger-gallery-ceramic-art-teeschale-690x690.jpg 690w, https:\/\/www.galerie-metzger.de\/wp-content\/uploads\/2024\/07\/Peter-Callas-Teabowl-galerie-metzger-gallery-ceramic-art-teeschale-80x80.jpg 80w, https:\/\/www.galerie-metzger.de\/wp-content\/uploads\/2024\/07\/Peter-Callas-Teabowl-galerie-metzger-gallery-ceramic-art-teeschale-768x768.jpg 768w, https:\/\/www.galerie-metzger.de\/wp-content\/uploads\/2024\/07\/Peter-Callas-Teabowl-galerie-metzger-gallery-ceramic-art-teeschale-1536x1536.jpg 1536w, https:\/\/www.galerie-metzger.de\/wp-content\/uploads\/2024\/07\/Peter-Callas-Teabowl-galerie-metzger-gallery-ceramic-art-teeschale-2048x2048.jpg 2048w, https:\/\/www.galerie-metzger.de\/wp-content\/uploads\/2024\/07\/Peter-Callas-Teabowl-galerie-metzger-gallery-ceramic-art-teeschale-36x36.jpg 36w, https:\/\/www.galerie-metzger.de\/wp-content\/uploads\/2024\/07\/Peter-Callas-Teabowl-galerie-metzger-gallery-ceramic-art-teeschale-180x180.jpg 180w, https:\/\/www.galerie-metzger.de\/wp-content\/uploads\/2024\/07\/Peter-Callas-Teabowl-galerie-metzger-gallery-ceramic-art-teeschale-1500x1500.jpg 1500w, https:\/\/www.galerie-metzger.de\/wp-content\/uploads\/2024\/07\/Peter-Callas-Teabowl-galerie-metzger-gallery-ceramic-art-teeschale-705x705.jpg 705w\" data-sizes=\"(max-width: 1030px) 100vw, 1030px\" class='avia_image' ><div class=\"av-image-caption-overlay\"><div class=\"av-caption-image-overlay-bg\"><\/div><div class=\"av-image-caption-overlay-position\"><div class=\"av-image-caption-overlay-center\"><p>Peter Callas \u2013 Chawan \u2013 , 14.5x11x9 cm, Foto: Peter Callas<\/p>\n<\/div><\/div><\/div><img decoding=\"async\" class='wp-image-12486 avia-img-lazy-loading-not-12486 avia_image ' src=\"https:\/\/www.galerie-metzger.de\/wp-content\/uploads\/2024\/07\/Peter-Callas-Teabowl-galerie-metzger-gallery-ceramic-art-teeschale-690x690.jpg\" alt='Peter Callas - Teabowl' title='Peter Callas - Teabowl'  height=\"690\" width=\"690\" srcset=\"https:\/\/www.galerie-metzger.de\/wp-content\/uploads\/2024\/07\/Peter-Callas-Teabowl-galerie-metzger-gallery-ceramic-art-teeschale-690x690.jpg 690w, https:\/\/www.galerie-metzger.de\/wp-content\/uploads\/2024\/07\/Peter-Callas-Teabowl-galerie-metzger-gallery-ceramic-art-teeschale-1030x1030.jpg 1030w, https:\/\/www.galerie-metzger.de\/wp-content\/uploads\/2024\/07\/Peter-Callas-Teabowl-galerie-metzger-gallery-ceramic-art-teeschale-80x80.jpg 80w, https:\/\/www.galerie-metzger.de\/wp-content\/uploads\/2024\/07\/Peter-Callas-Teabowl-galerie-metzger-gallery-ceramic-art-teeschale-768x768.jpg 768w, https:\/\/www.galerie-metzger.de\/wp-content\/uploads\/2024\/07\/Peter-Callas-Teabowl-galerie-metzger-gallery-ceramic-art-teeschale-1536x1536.jpg 1536w, https:\/\/www.galerie-metzger.de\/wp-content\/uploads\/2024\/07\/Peter-Callas-Teabowl-galerie-metzger-gallery-ceramic-art-teeschale-2048x2048.jpg 2048w, https:\/\/www.galerie-metzger.de\/wp-content\/uploads\/2024\/07\/Peter-Callas-Teabowl-galerie-metzger-gallery-ceramic-art-teeschale-36x36.jpg 36w, https:\/\/www.galerie-metzger.de\/wp-content\/uploads\/2024\/07\/Peter-Callas-Teabowl-galerie-metzger-gallery-ceramic-art-teeschale-180x180.jpg 180w, https:\/\/www.galerie-metzger.de\/wp-content\/uploads\/2024\/07\/Peter-Callas-Teabowl-galerie-metzger-gallery-ceramic-art-teeschale-1500x1500.jpg 1500w, https:\/\/www.galerie-metzger.de\/wp-content\/uploads\/2024\/07\/Peter-Callas-Teabowl-galerie-metzger-gallery-ceramic-art-teeschale-705x705.jpg 705w\" sizes=\"(max-width: 690px) 100vw, 690px\" \/><\/a><\/div><\/div><\/div><br \/>\n<section  class='av_textblock_section av-2g5ndbm-1cc330c72c99efb63fc1546a41e35808' ><div class='avia_textblock jo_werk_anfrage' ><p><a class=\"anfrage\" href=\"mailto:info@galerie-metzger.de?subject=Peter%20Callas%20Chawan%2014.5x11x9cm\">request information<\/a><\/p>\n<\/div><\/section><\/p><\/div><div class='av-flex-placeholder'><\/div>\n<style type=\"text\/css\" data-created_by=\"avia_inline_auto\" id=\"style-css-av-25qbpki-d317d5454cdec7e7b2c33fcbf0d89d72\">\n.flex_column.av-25qbpki-d317d5454cdec7e7b2c33fcbf0d89d72{\n-webkit-border-radius:0px 0px 0px 0px;\n-moz-border-radius:0px 0px 0px 0px;\nborder-radius:0px 0px 0px 0px;\n}\n<\/style>\n<div class='flex_column av-25qbpki-d317d5454cdec7e7b2c33fcbf0d89d72 av_one_third  avia-builder-el-108  el_after_av_one_third  el_before_av_one_third  jo_pf_bild_bg flex_column_table_cell av-equal-height-column av-align-top av-animated-generic fade-in av-zero-column-padding column-top-margin'     ><p>\n<style type=\"text\/css\" data-created_by=\"avia_inline_auto\" id=\"style-css-av-lyeh5e6e-f8630ac7f42ce865a349a69ff36af3b1\">\n.avia-image-container.av-lyeh5e6e-f8630ac7f42ce865a349a69ff36af3b1 img.avia_image{\nbox-shadow:none;\n}\n.avia-image-container.av-lyeh5e6e-f8630ac7f42ce865a349a69ff36af3b1 .av-caption-image-overlay-bg{\nopacity:0.4;\n}\n<\/style>\n<div  class='avia-image-container av-lyeh5e6e-f8630ac7f42ce865a349a69ff36af3b1 av-styling-no-styling avia_animated_image av-animated-when-visible-95 fade-in avia-align-left  avia-builder-el-109  el_before_av_textblock  avia-builder-el-first  jo_pf_bild noHover av-overlay-hover-deactivate'  ><div class=\"avia-image-container-inner\"><div class=\"avia-image-overlay-wrap\"><a href=\"https:\/\/www.galerie-metzger.de\/wp-content\/uploads\/2024\/07\/Peter-Callas-Teabowl-galerie-metzger-gallery-ceramic-art-1030x1030.jpg\" data-srcset=\"https:\/\/www.galerie-metzger.de\/wp-content\/uploads\/2024\/07\/Peter-Callas-Teabowl-galerie-metzger-gallery-ceramic-art-1030x1030.jpg 1030w, https:\/\/www.galerie-metzger.de\/wp-content\/uploads\/2024\/07\/Peter-Callas-Teabowl-galerie-metzger-gallery-ceramic-art-690x690.jpg 690w, https:\/\/www.galerie-metzger.de\/wp-content\/uploads\/2024\/07\/Peter-Callas-Teabowl-galerie-metzger-gallery-ceramic-art-80x80.jpg 80w, https:\/\/www.galerie-metzger.de\/wp-content\/uploads\/2024\/07\/Peter-Callas-Teabowl-galerie-metzger-gallery-ceramic-art-768x768.jpg 768w, https:\/\/www.galerie-metzger.de\/wp-content\/uploads\/2024\/07\/Peter-Callas-Teabowl-galerie-metzger-gallery-ceramic-art-1536x1536.jpg 1536w, https:\/\/www.galerie-metzger.de\/wp-content\/uploads\/2024\/07\/Peter-Callas-Teabowl-galerie-metzger-gallery-ceramic-art-2048x2048.jpg 2048w, https:\/\/www.galerie-metzger.de\/wp-content\/uploads\/2024\/07\/Peter-Callas-Teabowl-galerie-metzger-gallery-ceramic-art-36x36.jpg 36w, https:\/\/www.galerie-metzger.de\/wp-content\/uploads\/2024\/07\/Peter-Callas-Teabowl-galerie-metzger-gallery-ceramic-art-180x180.jpg 180w, https:\/\/www.galerie-metzger.de\/wp-content\/uploads\/2024\/07\/Peter-Callas-Teabowl-galerie-metzger-gallery-ceramic-art-1500x1500.jpg 1500w, https:\/\/www.galerie-metzger.de\/wp-content\/uploads\/2024\/07\/Peter-Callas-Teabowl-galerie-metzger-gallery-ceramic-art-705x705.jpg 705w\" data-sizes=\"(max-width: 1030px) 100vw, 1030px\" class='avia_image' ><div class=\"av-image-caption-overlay\"><div class=\"av-caption-image-overlay-bg\"><\/div><div class=\"av-image-caption-overlay-position\"><div class=\"av-image-caption-overlay-center\"><p>Peter Callas \u2013 Chawan \u2013 , 14.5x11x9 cm, Foto: Peter Callas<\/p>\n<\/div><\/div><\/div><img decoding=\"async\" class='wp-image-12488 avia-img-lazy-loading-not-12488 avia_image ' src=\"https:\/\/www.galerie-metzger.de\/wp-content\/uploads\/2024\/07\/Peter-Callas-Teabowl-galerie-metzger-gallery-ceramic-art-690x690.jpg\" alt='Peter Callas - Teabowl' title='Peter Callas -Teabowl'  height=\"690\" width=\"690\" srcset=\"https:\/\/www.galerie-metzger.de\/wp-content\/uploads\/2024\/07\/Peter-Callas-Teabowl-galerie-metzger-gallery-ceramic-art-690x690.jpg 690w, https:\/\/www.galerie-metzger.de\/wp-content\/uploads\/2024\/07\/Peter-Callas-Teabowl-galerie-metzger-gallery-ceramic-art-1030x1030.jpg 1030w, https:\/\/www.galerie-metzger.de\/wp-content\/uploads\/2024\/07\/Peter-Callas-Teabowl-galerie-metzger-gallery-ceramic-art-80x80.jpg 80w, https:\/\/www.galerie-metzger.de\/wp-content\/uploads\/2024\/07\/Peter-Callas-Teabowl-galerie-metzger-gallery-ceramic-art-768x768.jpg 768w, https:\/\/www.galerie-metzger.de\/wp-content\/uploads\/2024\/07\/Peter-Callas-Teabowl-galerie-metzger-gallery-ceramic-art-1536x1536.jpg 1536w, https:\/\/www.galerie-metzger.de\/wp-content\/uploads\/2024\/07\/Peter-Callas-Teabowl-galerie-metzger-gallery-ceramic-art-2048x2048.jpg 2048w, https:\/\/www.galerie-metzger.de\/wp-content\/uploads\/2024\/07\/Peter-Callas-Teabowl-galerie-metzger-gallery-ceramic-art-36x36.jpg 36w, https:\/\/www.galerie-metzger.de\/wp-content\/uploads\/2024\/07\/Peter-Callas-Teabowl-galerie-metzger-gallery-ceramic-art-180x180.jpg 180w, https:\/\/www.galerie-metzger.de\/wp-content\/uploads\/2024\/07\/Peter-Callas-Teabowl-galerie-metzger-gallery-ceramic-art-1500x1500.jpg 1500w, https:\/\/www.galerie-metzger.de\/wp-content\/uploads\/2024\/07\/Peter-Callas-Teabowl-galerie-metzger-gallery-ceramic-art-705x705.jpg 705w\" sizes=\"(max-width: 690px) 100vw, 690px\" \/><\/a><\/div><\/div><\/div><br \/>\n<section  class='av_textblock_section av-5w9acy-fc4108cd90c567950c0964dc16e64815' ><div class='avia_textblock jo_werk_anfrage' ><p><a class=\"anfrage\" href=\"mailto:info@galerie-metzger.de?subject=Peter%20Callas%20Chawan14.5x11x9cm\">request information<\/a><\/p>\n<\/div><\/section><\/p><\/div><div class='av-flex-placeholder'><\/div>\n<style type=\"text\/css\" data-created_by=\"avia_inline_auto\" id=\"style-css-av-10tq5wy-b27837195380f15490d6ac47896312f6\">\n.flex_column.av-10tq5wy-b27837195380f15490d6ac47896312f6{\n-webkit-border-radius:0px 0px 0px 0px;\n-moz-border-radius:0px 0px 0px 0px;\nborder-radius:0px 0px 0px 0px;\n}\n<\/style>\n<div class='flex_column av-10tq5wy-b27837195380f15490d6ac47896312f6 av_one_third  avia-builder-el-111  el_after_av_one_third  el_before_av_two_fifth  jo_pf_bild_bg flex_column_table_cell av-equal-height-column av-align-top av-animated-generic fade-in av-zero-column-padding column-top-margin'     ><p>\n<style type=\"text\/css\" data-created_by=\"avia_inline_auto\" id=\"style-css-av-lyeh5mu5-d5bb070388e61bb28254bb78de6aaaa6\">\n.avia-image-container.av-lyeh5mu5-d5bb070388e61bb28254bb78de6aaaa6 img.avia_image{\nbox-shadow:none;\n}\n.avia-image-container.av-lyeh5mu5-d5bb070388e61bb28254bb78de6aaaa6 .av-caption-image-overlay-bg{\nopacity:0.4;\n}\n<\/style>\n<div  class='avia-image-container av-lyeh5mu5-d5bb070388e61bb28254bb78de6aaaa6 av-styling-no-styling avia_animated_image av-animated-when-visible-95 fade-in avia-align-left  avia-builder-el-112  el_before_av_textblock  avia-builder-el-first  jo_pf_bild noHover av-overlay-hover-deactivate'  ><div class=\"avia-image-container-inner\"><div class=\"avia-image-overlay-wrap\"><a href=\"https:\/\/www.galerie-metzger.de\/wp-content\/uploads\/2024\/07\/Peter-Callas-Teabowl-signatur-galerie-metzger-gallery-ceramic-art-teezeremonie-keramik-1030x1030.jpg\" data-srcset=\"https:\/\/www.galerie-metzger.de\/wp-content\/uploads\/2024\/07\/Peter-Callas-Teabowl-signatur-galerie-metzger-gallery-ceramic-art-teezeremonie-keramik-1030x1030.jpg 1030w, https:\/\/www.galerie-metzger.de\/wp-content\/uploads\/2024\/07\/Peter-Callas-Teabowl-signatur-galerie-metzger-gallery-ceramic-art-teezeremonie-keramik-690x690.jpg 690w, https:\/\/www.galerie-metzger.de\/wp-content\/uploads\/2024\/07\/Peter-Callas-Teabowl-signatur-galerie-metzger-gallery-ceramic-art-teezeremonie-keramik-80x80.jpg 80w, https:\/\/www.galerie-metzger.de\/wp-content\/uploads\/2024\/07\/Peter-Callas-Teabowl-signatur-galerie-metzger-gallery-ceramic-art-teezeremonie-keramik-768x768.jpg 768w, https:\/\/www.galerie-metzger.de\/wp-content\/uploads\/2024\/07\/Peter-Callas-Teabowl-signatur-galerie-metzger-gallery-ceramic-art-teezeremonie-keramik-1536x1536.jpg 1536w, https:\/\/www.galerie-metzger.de\/wp-content\/uploads\/2024\/07\/Peter-Callas-Teabowl-signatur-galerie-metzger-gallery-ceramic-art-teezeremonie-keramik-2048x2048.jpg 2048w, https:\/\/www.galerie-metzger.de\/wp-content\/uploads\/2024\/07\/Peter-Callas-Teabowl-signatur-galerie-metzger-gallery-ceramic-art-teezeremonie-keramik-36x36.jpg 36w, https:\/\/www.galerie-metzger.de\/wp-content\/uploads\/2024\/07\/Peter-Callas-Teabowl-signatur-galerie-metzger-gallery-ceramic-art-teezeremonie-keramik-180x180.jpg 180w, https:\/\/www.galerie-metzger.de\/wp-content\/uploads\/2024\/07\/Peter-Callas-Teabowl-signatur-galerie-metzger-gallery-ceramic-art-teezeremonie-keramik-1500x1500.jpg 1500w, https:\/\/www.galerie-metzger.de\/wp-content\/uploads\/2024\/07\/Peter-Callas-Teabowl-signatur-galerie-metzger-gallery-ceramic-art-teezeremonie-keramik-705x705.jpg 705w\" data-sizes=\"(max-width: 1030px) 100vw, 1030px\" class='avia_image' ><div class=\"av-image-caption-overlay\"><div class=\"av-caption-image-overlay-bg\"><\/div><div class=\"av-image-caption-overlay-position\"><div class=\"av-image-caption-overlay-center\"><p>Peter Callas \u2013 Chawan \u2013 , 14.5x11x9 cm, Foto: Peter Callas<\/p>\n<\/div><\/div><\/div><img decoding=\"async\" class='wp-image-12490 avia-img-lazy-loading-not-12490 avia_image ' src=\"https:\/\/www.galerie-metzger.de\/wp-content\/uploads\/2024\/07\/Peter-Callas-Teabowl-signatur-galerie-metzger-gallery-ceramic-art-teezeremonie-keramik-690x690.jpg\" alt='Peter Callas - Teabowl' title='Peter Callas - Teabowl'  height=\"690\" width=\"690\" srcset=\"https:\/\/www.galerie-metzger.de\/wp-content\/uploads\/2024\/07\/Peter-Callas-Teabowl-signatur-galerie-metzger-gallery-ceramic-art-teezeremonie-keramik-690x690.jpg 690w, https:\/\/www.galerie-metzger.de\/wp-content\/uploads\/2024\/07\/Peter-Callas-Teabowl-signatur-galerie-metzger-gallery-ceramic-art-teezeremonie-keramik-1030x1030.jpg 1030w, https:\/\/www.galerie-metzger.de\/wp-content\/uploads\/2024\/07\/Peter-Callas-Teabowl-signatur-galerie-metzger-gallery-ceramic-art-teezeremonie-keramik-80x80.jpg 80w, https:\/\/www.galerie-metzger.de\/wp-content\/uploads\/2024\/07\/Peter-Callas-Teabowl-signatur-galerie-metzger-gallery-ceramic-art-teezeremonie-keramik-768x768.jpg 768w, https:\/\/www.galerie-metzger.de\/wp-content\/uploads\/2024\/07\/Peter-Callas-Teabowl-signatur-galerie-metzger-gallery-ceramic-art-teezeremonie-keramik-1536x1536.jpg 1536w, https:\/\/www.galerie-metzger.de\/wp-content\/uploads\/2024\/07\/Peter-Callas-Teabowl-signatur-galerie-metzger-gallery-ceramic-art-teezeremonie-keramik-2048x2048.jpg 2048w, https:\/\/www.galerie-metzger.de\/wp-content\/uploads\/2024\/07\/Peter-Callas-Teabowl-signatur-galerie-metzger-gallery-ceramic-art-teezeremonie-keramik-36x36.jpg 36w, https:\/\/www.galerie-metzger.de\/wp-content\/uploads\/2024\/07\/Peter-Callas-Teabowl-signatur-galerie-metzger-gallery-ceramic-art-teezeremonie-keramik-180x180.jpg 180w, https:\/\/www.galerie-metzger.de\/wp-content\/uploads\/2024\/07\/Peter-Callas-Teabowl-signatur-galerie-metzger-gallery-ceramic-art-teezeremonie-keramik-1500x1500.jpg 1500w, https:\/\/www.galerie-metzger.de\/wp-content\/uploads\/2024\/07\/Peter-Callas-Teabowl-signatur-galerie-metzger-gallery-ceramic-art-teezeremonie-keramik-705x705.jpg 705w\" sizes=\"(max-width: 690px) 100vw, 690px\" \/><\/a><\/div><\/div><\/div><br \/>\n<section  class='av_textblock_section av-r48pte-77339094de230407a8b05ea539cb8dee' ><div class='avia_textblock jo_werk_anfrage' ><p><a class=\"anfrage\" href=\"mailto:info@galerie-metzger.de?subject=Peter%20Callas%20Chawan%2014.5x11x9cm\">request information<\/a><\/p>\n<\/div><\/section><\/p><\/div><\/div><!--close column table wrapper. Autoclose: 1 --><div class='flex_column_table av-4s7ztmh-5e21d776f0b0db5f6ef267f494bdc4ec sc-av_two_fifth av-equal-height-column-flextable'>\n<style type=\"text\/css\" data-created_by=\"avia_inline_auto\" id=\"style-css-av-4s7ztmh-5e21d776f0b0db5f6ef267f494bdc4ec\">\n.flex_column.av-4s7ztmh-5e21d776f0b0db5f6ef267f494bdc4ec{\n-webkit-border-radius:0px 0px 0px 0px;\n-moz-border-radius:0px 0px 0px 0px;\nborder-radius:0px 0px 0px 0px;\n}\n<\/style>\n<div class='flex_column av-4s7ztmh-5e21d776f0b0db5f6ef267f494bdc4ec av_two_fifth  avia-builder-el-114  el_after_av_one_third  el_before_av_three_fifth  jhd-no-margin-top first flex_column_table_cell av-equal-height-column av-align-middle av-animated-generic fade-in av-zero-column-padding column-top-margin'     ><section  class='av_textblock_section av-4e97995-4635e898d678077cf1b8ec7fba0d75e9' ><div class='avia_textblock' ><p><strong>To Listen to the Clay<\/strong><br \/>\u201cThe Anagama kiln, used to fire my work, serves as a tool for intangible qualities of spirit and energy. The centerpiece for experimentation that records the passage of time as effectively as accumulated strata in the cross-sections of earth.<br \/>Its ability to conjure in simple, rustic form the material transformations associated with time and the natural forces that return all things to their origins.\u201d<br \/><em>Peter Callas<\/em><\/p>\n<\/div><\/section><\/div><div class='av-flex-placeholder'><\/div>\n<style type=\"text\/css\" data-created_by=\"avia_inline_auto\" id=\"style-css-av-42abv93-cd66ecf0f05de7bc4c08173a08b804b8\">\n.flex_column.av-42abv93-cd66ecf0f05de7bc4c08173a08b804b8{\n-webkit-border-radius:0px 0px 0px 0px;\n-moz-border-radius:0px 0px 0px 0px;\nborder-radius:0px 0px 0px 0px;\n}\n<\/style>\n<div class='flex_column av-42abv93-cd66ecf0f05de7bc4c08173a08b804b8 av_three_fifth  avia-builder-el-116  el_after_av_two_fifth  el_before_av_one_half  jo_pf_bild_bg flex_column_table_cell av-equal-height-column av-align-middle av-animated-generic fade-in av-zero-column-padding column-top-margin'     ><p>\n<style type=\"text\/css\" data-created_by=\"avia_inline_auto\" id=\"style-css-av-3a5ryqf-022d7c3f825d91e97d98ddae0e61ff7f\">\n.avia-image-container.av-3a5ryqf-022d7c3f825d91e97d98ddae0e61ff7f img.avia_image{\nbox-shadow:none;\n}\n.avia-image-container.av-3a5ryqf-022d7c3f825d91e97d98ddae0e61ff7f .av-caption-image-overlay-bg{\nopacity:0.4;\n}\n<\/style>\n<div  class='avia-image-container av-3a5ryqf-022d7c3f825d91e97d98ddae0e61ff7f av-styling-no-styling avia_animated_image av-animated-when-visible-95 fade-in avia-align-left  avia-builder-el-117  el_before_av_textblock  avia-builder-el-first  jo_pf_bild noHover av-overlay-hover-deactivate'  ><div class=\"avia-image-container-inner\"><div class=\"avia-image-overlay-wrap\"><a href=\"https:\/\/www.galerie-metzger.de\/wp-content\/uploads\/2023\/07\/Peter-Calla-Gefaessform-49x42x44cm-galerie-metzger-gallery-kunst-keramik-Seite-03-908x1090.jpg\" data-srcset=\"https:\/\/www.galerie-metzger.de\/wp-content\/uploads\/2023\/07\/Peter-Calla-Gefaessform-49x42x44cm-galerie-metzger-gallery-kunst-keramik-Seite-03-908x1090.jpg 908w, https:\/\/www.galerie-metzger.de\/wp-content\/uploads\/2023\/07\/Peter-Calla-Gefaessform-49x42x44cm-galerie-metzger-gallery-kunst-keramik-Seite-03-690x829.jpg 690w, https:\/\/www.galerie-metzger.de\/wp-content\/uploads\/2023\/07\/Peter-Calla-Gefaessform-49x42x44cm-galerie-metzger-gallery-kunst-keramik-Seite-03-768x922.jpg 768w, https:\/\/www.galerie-metzger.de\/wp-content\/uploads\/2023\/07\/Peter-Calla-Gefaessform-49x42x44cm-galerie-metzger-gallery-kunst-keramik-Seite-03-1279x1536.jpg 1279w, https:\/\/www.galerie-metzger.de\/wp-content\/uploads\/2023\/07\/Peter-Calla-Gefaessform-49x42x44cm-galerie-metzger-gallery-kunst-keramik-Seite-03-1249x1500.jpg 1249w, https:\/\/www.galerie-metzger.de\/wp-content\/uploads\/2023\/07\/Peter-Calla-Gefaessform-49x42x44cm-galerie-metzger-gallery-kunst-keramik-Seite-03-587x705.jpg 587w, https:\/\/www.galerie-metzger.de\/wp-content\/uploads\/2023\/07\/Peter-Calla-Gefaessform-49x42x44cm-galerie-metzger-gallery-kunst-keramik-Seite-03.jpg 1688w\" data-sizes=\"(max-width: 858px) 100vw, 858px\" class='avia_image' ><div class=\"av-image-caption-overlay\"><div class=\"av-caption-image-overlay-bg\"><\/div><div class=\"av-image-caption-overlay-position\"><div class=\"av-image-caption-overlay-center\"><p>Peter Callas \u2013 Jar \u2013 2004, 49x42x44 cm, Foto: Peter Callas<\/p>\n<\/div><\/div><\/div><img decoding=\"async\" class='wp-image-11805 avia-img-lazy-loading-not-11805 avia_image ' src=\"https:\/\/www.galerie-metzger.de\/wp-content\/uploads\/2023\/07\/Peter-Calla-Gefaessform-49x42x44cm-galerie-metzger-gallery-kunst-keramik-Seite-03-908x1090.jpg\" alt='' title='Peter-Calla-Gef\u00e4\u00dfform-49x42x44cm-galerie-metzger-gallery-kunst-keramik-Seite-03'  height=\"1030\" width=\"858\" srcset=\"https:\/\/www.galerie-metzger.de\/wp-content\/uploads\/2023\/07\/Peter-Calla-Gefaessform-49x42x44cm-galerie-metzger-gallery-kunst-keramik-Seite-03-908x1090.jpg 908w, https:\/\/www.galerie-metzger.de\/wp-content\/uploads\/2023\/07\/Peter-Calla-Gefaessform-49x42x44cm-galerie-metzger-gallery-kunst-keramik-Seite-03-690x829.jpg 690w, https:\/\/www.galerie-metzger.de\/wp-content\/uploads\/2023\/07\/Peter-Calla-Gefaessform-49x42x44cm-galerie-metzger-gallery-kunst-keramik-Seite-03-768x922.jpg 768w, https:\/\/www.galerie-metzger.de\/wp-content\/uploads\/2023\/07\/Peter-Calla-Gefaessform-49x42x44cm-galerie-metzger-gallery-kunst-keramik-Seite-03-1279x1536.jpg 1279w, https:\/\/www.galerie-metzger.de\/wp-content\/uploads\/2023\/07\/Peter-Calla-Gefaessform-49x42x44cm-galerie-metzger-gallery-kunst-keramik-Seite-03-1249x1500.jpg 1249w, https:\/\/www.galerie-metzger.de\/wp-content\/uploads\/2023\/07\/Peter-Calla-Gefaessform-49x42x44cm-galerie-metzger-gallery-kunst-keramik-Seite-03-587x705.jpg 587w, https:\/\/www.galerie-metzger.de\/wp-content\/uploads\/2023\/07\/Peter-Calla-Gefaessform-49x42x44cm-galerie-metzger-gallery-kunst-keramik-Seite-03.jpg 1688w\" sizes=\"(max-width: 858px) 100vw, 858px\" \/><\/a><\/div><\/div><\/div><br \/>\n<section  class='av_textblock_section av-2zxu2vr-624236c4c7702e9b33c172024766af37' ><div class='avia_textblock jo_werk_anfrage' ><p><a class=\"anfrage\" href=\"mailto:info@galerie-metzger.de?subject=Peter%20Callas%20Gef%C3%A4%C3%9Fform%2049x42x44cm\">request information<\/a><\/p>\n<\/div><\/section><\/p><\/div><\/div><!--close column table wrapper. Autoclose: 1 --><div class='flex_column_table av-1c6ot2v-aa4a62251e1a581bf531dd737ab5af14 sc-av_one_half av-equal-height-column-flextable'>\n<style type=\"text\/css\" data-created_by=\"avia_inline_auto\" id=\"style-css-av-1c6ot2v-aa4a62251e1a581bf531dd737ab5af14\">\n.flex_column.av-1c6ot2v-aa4a62251e1a581bf531dd737ab5af14{\n-webkit-border-radius:0px 0px 0px 0px;\n-moz-border-radius:0px 0px 0px 0px;\nborder-radius:0px 0px 0px 0px;\n}\n<\/style>\n<div class='flex_column av-1c6ot2v-aa4a62251e1a581bf531dd737ab5af14 av_one_half  avia-builder-el-119  el_after_av_three_fifth  el_before_av_one_half  jo_pf_bild_bg first flex_column_table_cell av-equal-height-column av-align-top av-animated-generic fade-in av-zero-column-padding '     ><p>\n<style type=\"text\/css\" data-created_by=\"avia_inline_auto\" id=\"style-css-av-lko3ud8y-17fe7918127e78d00cfc3ee251c5ad88\">\n.avia-image-container.av-lko3ud8y-17fe7918127e78d00cfc3ee251c5ad88 img.avia_image{\nbox-shadow:none;\n}\n.avia-image-container.av-lko3ud8y-17fe7918127e78d00cfc3ee251c5ad88 .av-caption-image-overlay-bg{\nopacity:0.4;\n}\n<\/style>\n<div  class='avia-image-container av-lko3ud8y-17fe7918127e78d00cfc3ee251c5ad88 av-styling-no-styling avia_animated_image av-animated-when-visible-95 fade-in avia-align-left  avia-builder-el-120  el_before_av_textblock  avia-builder-el-first  jo_pf_bild noHover av-overlay-hover-deactivate'  ><div class=\"avia-image-container-inner\"><div class=\"avia-image-overlay-wrap\"><a href=\"https:\/\/www.galerie-metzger.de\/wp-content\/uploads\/2023\/07\/Peter-Callas-Jar-galerie-metzger-gallery-sales-ceramic-art-object-keramikkunst-kaufen-1090x1090.jpg\" data-srcset=\"https:\/\/www.galerie-metzger.de\/wp-content\/uploads\/2023\/07\/Peter-Callas-Jar-galerie-metzger-gallery-sales-ceramic-art-object-keramikkunst-kaufen-1090x1090.jpg 1090w, https:\/\/www.galerie-metzger.de\/wp-content\/uploads\/2023\/07\/Peter-Callas-Jar-galerie-metzger-gallery-sales-ceramic-art-object-keramikkunst-kaufen-690x690.jpg 690w, https:\/\/www.galerie-metzger.de\/wp-content\/uploads\/2023\/07\/Peter-Callas-Jar-galerie-metzger-gallery-sales-ceramic-art-object-keramikkunst-kaufen-80x80.jpg 80w, https:\/\/www.galerie-metzger.de\/wp-content\/uploads\/2023\/07\/Peter-Callas-Jar-galerie-metzger-gallery-sales-ceramic-art-object-keramikkunst-kaufen-768x768.jpg 768w, https:\/\/www.galerie-metzger.de\/wp-content\/uploads\/2023\/07\/Peter-Callas-Jar-galerie-metzger-gallery-sales-ceramic-art-object-keramikkunst-kaufen-1536x1536.jpg 1536w, https:\/\/www.galerie-metzger.de\/wp-content\/uploads\/2023\/07\/Peter-Callas-Jar-galerie-metzger-gallery-sales-ceramic-art-object-keramikkunst-kaufen-2048x2048.jpg 2048w, https:\/\/www.galerie-metzger.de\/wp-content\/uploads\/2023\/07\/Peter-Callas-Jar-galerie-metzger-gallery-sales-ceramic-art-object-keramikkunst-kaufen-36x36.jpg 36w, https:\/\/www.galerie-metzger.de\/wp-content\/uploads\/2023\/07\/Peter-Callas-Jar-galerie-metzger-gallery-sales-ceramic-art-object-keramikkunst-kaufen-180x180.jpg 180w, https:\/\/www.galerie-metzger.de\/wp-content\/uploads\/2023\/07\/Peter-Callas-Jar-galerie-metzger-gallery-sales-ceramic-art-object-keramikkunst-kaufen-1500x1500.jpg 1500w, https:\/\/www.galerie-metzger.de\/wp-content\/uploads\/2023\/07\/Peter-Callas-Jar-galerie-metzger-gallery-sales-ceramic-art-object-keramikkunst-kaufen-705x705.jpg 705w\" data-sizes=\"(max-width: 1030px) 100vw, 1030px\" class='avia_image' ><div class=\"av-image-caption-overlay\"><div class=\"av-caption-image-overlay-bg\"><\/div><div class=\"av-image-caption-overlay-position\"><div class=\"av-image-caption-overlay-center\"><p>Peter Callas \u2013 Jar \u2013 2021, 46x44x41 cm, Foto: Peter Callas<\/p>\n<\/div><\/div><\/div><img decoding=\"async\" class='wp-image-11572 avia-img-lazy-loading-not-11572 avia_image ' src=\"https:\/\/www.galerie-metzger.de\/wp-content\/uploads\/2023\/07\/Peter-Callas-Jar-galerie-metzger-gallery-sales-ceramic-art-object-keramikkunst-kaufen-690x690.jpg\" alt='Peter Callas - Jar' title='Peter Callas - Jar'  height=\"690\" width=\"690\" srcset=\"https:\/\/www.galerie-metzger.de\/wp-content\/uploads\/2023\/07\/Peter-Callas-Jar-galerie-metzger-gallery-sales-ceramic-art-object-keramikkunst-kaufen-690x690.jpg 690w, https:\/\/www.galerie-metzger.de\/wp-content\/uploads\/2023\/07\/Peter-Callas-Jar-galerie-metzger-gallery-sales-ceramic-art-object-keramikkunst-kaufen-1090x1090.jpg 1090w, https:\/\/www.galerie-metzger.de\/wp-content\/uploads\/2023\/07\/Peter-Callas-Jar-galerie-metzger-gallery-sales-ceramic-art-object-keramikkunst-kaufen-80x80.jpg 80w, https:\/\/www.galerie-metzger.de\/wp-content\/uploads\/2023\/07\/Peter-Callas-Jar-galerie-metzger-gallery-sales-ceramic-art-object-keramikkunst-kaufen-768x768.jpg 768w, https:\/\/www.galerie-metzger.de\/wp-content\/uploads\/2023\/07\/Peter-Callas-Jar-galerie-metzger-gallery-sales-ceramic-art-object-keramikkunst-kaufen-1536x1536.jpg 1536w, https:\/\/www.galerie-metzger.de\/wp-content\/uploads\/2023\/07\/Peter-Callas-Jar-galerie-metzger-gallery-sales-ceramic-art-object-keramikkunst-kaufen-2048x2048.jpg 2048w, https:\/\/www.galerie-metzger.de\/wp-content\/uploads\/2023\/07\/Peter-Callas-Jar-galerie-metzger-gallery-sales-ceramic-art-object-keramikkunst-kaufen-36x36.jpg 36w, https:\/\/www.galerie-metzger.de\/wp-content\/uploads\/2023\/07\/Peter-Callas-Jar-galerie-metzger-gallery-sales-ceramic-art-object-keramikkunst-kaufen-180x180.jpg 180w, https:\/\/www.galerie-metzger.de\/wp-content\/uploads\/2023\/07\/Peter-Callas-Jar-galerie-metzger-gallery-sales-ceramic-art-object-keramikkunst-kaufen-1500x1500.jpg 1500w, https:\/\/www.galerie-metzger.de\/wp-content\/uploads\/2023\/07\/Peter-Callas-Jar-galerie-metzger-gallery-sales-ceramic-art-object-keramikkunst-kaufen-705x705.jpg 705w\" sizes=\"(max-width: 690px) 100vw, 690px\" \/><\/a><\/div><\/div><\/div><br \/>\n<section  class='av_textblock_section av-qjrec7-aedba037707e47014b68c1b4f449be8b' ><div class='avia_textblock jo_werk_anfrage' ><p><a class=\"anfrage\" href=\"mailto:info@galerie-metzger.de?subject=Peter%20Callas%20Gef%C3%A4%C3%9Fform%2046x44x41cm\">request information<\/a><\/p>\n<\/div><\/section><\/p><\/div><div class='av-flex-placeholder'><\/div>\n<style type=\"text\/css\" data-created_by=\"avia_inline_auto\" id=\"style-css-av-2no1o13t-3e0b7a0e12aeefee71ad25079ab78057\">\n.flex_column.av-2no1o13t-3e0b7a0e12aeefee71ad25079ab78057{\n-webkit-border-radius:0px 0px 0px 0px;\n-moz-border-radius:0px 0px 0px 0px;\nborder-radius:0px 0px 0px 0px;\n}\n<\/style>\n<div class='flex_column av-2no1o13t-3e0b7a0e12aeefee71ad25079ab78057 av_one_half  avia-builder-el-122  el_after_av_one_half  el_before_av_one_full  jo_pf_bild_bg flex_column_table_cell av-equal-height-column av-align-top av-animated-generic fade-in av-zero-column-padding '     ><p>\n<style type=\"text\/css\" data-created_by=\"avia_inline_auto\" id=\"style-css-av-2n76113t-e78a08421564c53b45adde462ddb588c\">\n.avia-image-container.av-2n76113t-e78a08421564c53b45adde462ddb588c img.avia_image{\nbox-shadow:none;\n}\n.avia-image-container.av-2n76113t-e78a08421564c53b45adde462ddb588c .av-caption-image-overlay-bg{\nopacity:0.4;\n}\n<\/style>\n<div  class='avia-image-container av-2n76113t-e78a08421564c53b45adde462ddb588c av-styling-no-styling avia_animated_image av-animated-when-visible-95 fade-in avia-align-left  avia-builder-el-123  el_before_av_textblock  avia-builder-el-first  jo_pf_bild noHover av-overlay-hover-deactivate'  ><div class=\"avia-image-container-inner\"><div class=\"avia-image-overlay-wrap\"><a href=\"https:\/\/www.galerie-metzger.de\/wp-content\/uploads\/2023\/07\/Peter-Callas-Jar-galerie-metzger-gallery-sales-ceramic-art-object-keramikkunst-kaufen-aschaffenburg.jpg\" data-srcset=\"https:\/\/www.galerie-metzger.de\/wp-content\/uploads\/2023\/07\/Peter-Callas-Jar-galerie-metzger-gallery-sales-ceramic-art-object-keramikkunst-kaufen-aschaffenburg.jpg 948w, https:\/\/www.galerie-metzger.de\/wp-content\/uploads\/2023\/07\/Peter-Callas-Jar-galerie-metzger-gallery-sales-ceramic-art-object-keramikkunst-kaufen-aschaffenburg-690x690.jpg 690w, https:\/\/www.galerie-metzger.de\/wp-content\/uploads\/2023\/07\/Peter-Callas-Jar-galerie-metzger-gallery-sales-ceramic-art-object-keramikkunst-kaufen-aschaffenburg-80x80.jpg 80w, https:\/\/www.galerie-metzger.de\/wp-content\/uploads\/2023\/07\/Peter-Callas-Jar-galerie-metzger-gallery-sales-ceramic-art-object-keramikkunst-kaufen-aschaffenburg-768x768.jpg 768w, https:\/\/www.galerie-metzger.de\/wp-content\/uploads\/2023\/07\/Peter-Callas-Jar-galerie-metzger-gallery-sales-ceramic-art-object-keramikkunst-kaufen-aschaffenburg-36x36.jpg 36w, https:\/\/www.galerie-metzger.de\/wp-content\/uploads\/2023\/07\/Peter-Callas-Jar-galerie-metzger-gallery-sales-ceramic-art-object-keramikkunst-kaufen-aschaffenburg-180x180.jpg 180w, https:\/\/www.galerie-metzger.de\/wp-content\/uploads\/2023\/07\/Peter-Callas-Jar-galerie-metzger-gallery-sales-ceramic-art-object-keramikkunst-kaufen-aschaffenburg-705x705.jpg 705w\" data-sizes=\"(max-width: 948px) 100vw, 948px\" class='avia_image' ><div class=\"av-image-caption-overlay\"><div class=\"av-caption-image-overlay-bg\"><\/div><div class=\"av-image-caption-overlay-position\"><div class=\"av-image-caption-overlay-center\"><p>Peter Callas \u2013 Jar \u2013 1995, 45x38x38 cm, Foto: Peter Callas<\/p>\n<\/div><\/div><\/div><img decoding=\"async\" class='wp-image-11570 avia-img-lazy-loading-not-11570 avia_image ' src=\"https:\/\/www.galerie-metzger.de\/wp-content\/uploads\/2023\/07\/Peter-Callas-Jar-galerie-metzger-gallery-sales-ceramic-art-object-keramikkunst-kaufen-aschaffenburg-690x690.jpg\" alt='Peter Callas - Jar' title='Peter Callas - Jar'  height=\"690\" width=\"690\" srcset=\"https:\/\/www.galerie-metzger.de\/wp-content\/uploads\/2023\/07\/Peter-Callas-Jar-galerie-metzger-gallery-sales-ceramic-art-object-keramikkunst-kaufen-aschaffenburg-690x690.jpg 690w, https:\/\/www.galerie-metzger.de\/wp-content\/uploads\/2023\/07\/Peter-Callas-Jar-galerie-metzger-gallery-sales-ceramic-art-object-keramikkunst-kaufen-aschaffenburg-80x80.jpg 80w, https:\/\/www.galerie-metzger.de\/wp-content\/uploads\/2023\/07\/Peter-Callas-Jar-galerie-metzger-gallery-sales-ceramic-art-object-keramikkunst-kaufen-aschaffenburg-768x768.jpg 768w, https:\/\/www.galerie-metzger.de\/wp-content\/uploads\/2023\/07\/Peter-Callas-Jar-galerie-metzger-gallery-sales-ceramic-art-object-keramikkunst-kaufen-aschaffenburg-36x36.jpg 36w, https:\/\/www.galerie-metzger.de\/wp-content\/uploads\/2023\/07\/Peter-Callas-Jar-galerie-metzger-gallery-sales-ceramic-art-object-keramikkunst-kaufen-aschaffenburg-180x180.jpg 180w, https:\/\/www.galerie-metzger.de\/wp-content\/uploads\/2023\/07\/Peter-Callas-Jar-galerie-metzger-gallery-sales-ceramic-art-object-keramikkunst-kaufen-aschaffenburg-705x705.jpg 705w, https:\/\/www.galerie-metzger.de\/wp-content\/uploads\/2023\/07\/Peter-Callas-Jar-galerie-metzger-gallery-sales-ceramic-art-object-keramikkunst-kaufen-aschaffenburg.jpg 948w\" sizes=\"(max-width: 690px) 100vw, 690px\" \/><\/a><\/div><\/div><\/div><br \/>\n<section  class='av_textblock_section av-2n27ezmh-98b150bf59bb42eec65b7669c05eac85' ><div class='avia_textblock jo_werk_anfrage' ><p><a class=\"anfrage\" href=\"mailto:info@galerie-metzger.de?subject=Peter%20Callas%20Gef%C3%A4%C3%9Fform%2045x38x38cm\">request information<\/a><\/p>\n<\/div><\/section><\/p><\/div><\/div><!--close column table wrapper. Autoclose: 1 --><div class='flex_column_table av-3apfafs-a4721df6261017aacab2aa5202ca8239 sc-av_one_full av-equal-height-column-flextable'>\n<style type=\"text\/css\" data-created_by=\"avia_inline_auto\" id=\"style-css-av-3apfafs-a4721df6261017aacab2aa5202ca8239\">\n.flex_column.av-3apfafs-a4721df6261017aacab2aa5202ca8239{\n-webkit-border-radius:0px 0px 0px 0px;\n-moz-border-radius:0px 0px 0px 0px;\nborder-radius:0px 0px 0px 0px;\n}\n<\/style>\n<div class='flex_column av-3apfafs-a4721df6261017aacab2aa5202ca8239 av_one_full  avia-builder-el-125  el_after_av_one_half  el_before_av_one_third  jo_pf_bild_bg first flex_column_table_cell av-equal-height-column av-align-top av-animated-generic fade-in av-zero-column-padding column-top-margin'     ><p>\n<style type=\"text\/css\" data-created_by=\"avia_inline_auto\" id=\"style-css-av-m0dzsbbe-db217df127ef7c3434b7f19477eb44c0\">\n.avia-image-container.av-m0dzsbbe-db217df127ef7c3434b7f19477eb44c0 img.avia_image{\nbox-shadow:none;\n}\n.avia-image-container.av-m0dzsbbe-db217df127ef7c3434b7f19477eb44c0 .av-caption-image-overlay-bg{\nopacity:0.4;\n}\n<\/style>\n<div  class='avia-image-container av-m0dzsbbe-db217df127ef7c3434b7f19477eb44c0 av-styling-no-styling avia_animated_image av-animated-when-visible-95 fade-in avia-align-left  avia-builder-el-126  el_before_av_textblock  avia-builder-el-first  jo_pf_bild noHover av-overlay-hover-deactivate'  ><div class=\"avia-image-container-inner\"><div class=\"avia-image-overlay-wrap\"><a href=\"https:\/\/www.galerie-metzger.de\/wp-content\/uploads\/2024\/08\/Claude-Champy-Tee-Kannenskulptur-13x31x29cm-galerie-metzger-gallery-ceramic-teabowl-keramik-kunst-start-1030x687.jpg\" data-srcset=\"https:\/\/www.galerie-metzger.de\/wp-content\/uploads\/2024\/08\/Claude-Champy-Tee-Kannenskulptur-13x31x29cm-galerie-metzger-gallery-ceramic-teabowl-keramik-kunst-start-1030x687.jpg 1030w, https:\/\/www.galerie-metzger.de\/wp-content\/uploads\/2024\/08\/Claude-Champy-Tee-Kannenskulptur-13x31x29cm-galerie-metzger-gallery-ceramic-teabowl-keramik-kunst-start-690x460.jpg 690w, https:\/\/www.galerie-metzger.de\/wp-content\/uploads\/2024\/08\/Claude-Champy-Tee-Kannenskulptur-13x31x29cm-galerie-metzger-gallery-ceramic-teabowl-keramik-kunst-start-768x512.jpg 768w, https:\/\/www.galerie-metzger.de\/wp-content\/uploads\/2024\/08\/Claude-Champy-Tee-Kannenskulptur-13x31x29cm-galerie-metzger-gallery-ceramic-teabowl-keramik-kunst-start-1536x1024.jpg 1536w, https:\/\/www.galerie-metzger.de\/wp-content\/uploads\/2024\/08\/Claude-Champy-Tee-Kannenskulptur-13x31x29cm-galerie-metzger-gallery-ceramic-teabowl-keramik-kunst-start-2048x1365.jpg 2048w, https:\/\/www.galerie-metzger.de\/wp-content\/uploads\/2024\/08\/Claude-Champy-Tee-Kannenskulptur-13x31x29cm-galerie-metzger-gallery-ceramic-teabowl-keramik-kunst-start-1500x1000.jpg 1500w, https:\/\/www.galerie-metzger.de\/wp-content\/uploads\/2024\/08\/Claude-Champy-Tee-Kannenskulptur-13x31x29cm-galerie-metzger-gallery-ceramic-teabowl-keramik-kunst-start-705x470.jpg 705w\" data-sizes=\"(max-width: 1030px) 100vw, 1030px\" class='avia_image' ><div class=\"av-image-caption-overlay\"><div class=\"av-caption-image-overlay-bg\"><\/div><div class=\"av-image-caption-overlay-position\"><div class=\"av-image-caption-overlay-center\"><p>Claude Champy \u2013 Tea pot sculpture \u2013 , 13x31x29 cm, Foto: Edi Baumann<\/p>\n<\/div><\/div><\/div><img decoding=\"async\" class='wp-image-12798 avia-img-lazy-loading-not-12798 avia_image ' src=\"https:\/\/www.galerie-metzger.de\/wp-content\/uploads\/2024\/08\/Claude-Champy-Tee-Kannenskulptur-13x31x29cm-galerie-metzger-gallery-ceramic-teabowl-keramik-kunst-start-scaled.jpg\" alt='Claude Champy - Kannenobjekt' title='Claude-Champy-Tee-Kannenskulptur-13x31x29cm-galerie-metzger-gallery-ceramic-teabowl-keramik-kunst-start'  height=\"1707\" width=\"2560\" srcset=\"https:\/\/www.galerie-metzger.de\/wp-content\/uploads\/2024\/08\/Claude-Champy-Tee-Kannenskulptur-13x31x29cm-galerie-metzger-gallery-ceramic-teabowl-keramik-kunst-start-scaled.jpg 2560w, https:\/\/www.galerie-metzger.de\/wp-content\/uploads\/2024\/08\/Claude-Champy-Tee-Kannenskulptur-13x31x29cm-galerie-metzger-gallery-ceramic-teabowl-keramik-kunst-start-690x460.jpg 690w, https:\/\/www.galerie-metzger.de\/wp-content\/uploads\/2024\/08\/Claude-Champy-Tee-Kannenskulptur-13x31x29cm-galerie-metzger-gallery-ceramic-teabowl-keramik-kunst-start-1030x687.jpg 1030w, https:\/\/www.galerie-metzger.de\/wp-content\/uploads\/2024\/08\/Claude-Champy-Tee-Kannenskulptur-13x31x29cm-galerie-metzger-gallery-ceramic-teabowl-keramik-kunst-start-768x512.jpg 768w, https:\/\/www.galerie-metzger.de\/wp-content\/uploads\/2024\/08\/Claude-Champy-Tee-Kannenskulptur-13x31x29cm-galerie-metzger-gallery-ceramic-teabowl-keramik-kunst-start-1536x1024.jpg 1536w, https:\/\/www.galerie-metzger.de\/wp-content\/uploads\/2024\/08\/Claude-Champy-Tee-Kannenskulptur-13x31x29cm-galerie-metzger-gallery-ceramic-teabowl-keramik-kunst-start-2048x1365.jpg 2048w, https:\/\/www.galerie-metzger.de\/wp-content\/uploads\/2024\/08\/Claude-Champy-Tee-Kannenskulptur-13x31x29cm-galerie-metzger-gallery-ceramic-teabowl-keramik-kunst-start-1500x1000.jpg 1500w, https:\/\/www.galerie-metzger.de\/wp-content\/uploads\/2024\/08\/Claude-Champy-Tee-Kannenskulptur-13x31x29cm-galerie-metzger-gallery-ceramic-teabowl-keramik-kunst-start-705x470.jpg 705w\" sizes=\"(max-width: 2560px) 100vw, 2560px\" \/><\/a><\/div><\/div><\/div><br \/>\n<section  class='av_textblock_section av-m0dzt0lo-93a0a352f05971bf129719eb54f7f221' ><div class='avia_textblock jo_werk_anfrage' ><p><a class=\"anfrage\" href=\"mailto:info@galerie-metzger.de?subject=Claude%20Champy%20Tee-Kannenskulptur\">request information<\/a><\/p>\n<\/div><\/section><\/p><\/div><\/div><!--close column table wrapper. Autoclose: 1 --><div class='flex_column_table av-6c1ad4-f28febadb454dbcf82575e2fecce7f26 sc-av_one_third av-equal-height-column-flextable'>\n<style type=\"text\/css\" data-created_by=\"avia_inline_auto\" id=\"style-css-av-6c1ad4-f28febadb454dbcf82575e2fecce7f26\">\n.flex_column.av-6c1ad4-f28febadb454dbcf82575e2fecce7f26{\n-webkit-border-radius:0px 0px 0px 0px;\n-moz-border-radius:0px 0px 0px 0px;\nborder-radius:0px 0px 0px 0px;\n}\n<\/style>\n<div class='flex_column av-6c1ad4-f28febadb454dbcf82575e2fecce7f26 av_one_third  avia-builder-el-128  el_after_av_one_full  el_before_av_one_third  jo_pf_bild_bg first flex_column_table_cell av-equal-height-column av-align-top av-animated-generic fade-in av-zero-column-padding column-top-margin'     ><p>\n<style type=\"text\/css\" data-created_by=\"avia_inline_auto\" id=\"style-css-av-13pk6ag-b96300e945c0b24b575ffb394382b690\">\n.avia-image-container.av-13pk6ag-b96300e945c0b24b575ffb394382b690 img.avia_image{\nbox-shadow:none;\n}\n.avia-image-container.av-13pk6ag-b96300e945c0b24b575ffb394382b690 .av-caption-image-overlay-bg{\nopacity:0.4;\n}\n<\/style>\n<div  class='avia-image-container av-13pk6ag-b96300e945c0b24b575ffb394382b690 av-styling-no-styling avia_animated_image av-animated-when-visible-95 fade-in avia-align-left  avia-builder-el-129  el_before_av_textblock  avia-builder-el-first  jo_pf_bild noHover av-overlay-hover-deactivate'  ><div class=\"avia-image-container-inner\"><div class=\"avia-image-overlay-wrap\"><a href=\"https:\/\/www.galerie-metzger.de\/wp-content\/uploads\/2024\/08\/Claude-Champy-Kannenobjekt-galerie-metzger-gallery-ceramic-sculpture-art-1030x687.jpg\" data-srcset=\"https:\/\/www.galerie-metzger.de\/wp-content\/uploads\/2024\/08\/Claude-Champy-Kannenobjekt-galerie-metzger-gallery-ceramic-sculpture-art-1030x687.jpg 1030w, https:\/\/www.galerie-metzger.de\/wp-content\/uploads\/2024\/08\/Claude-Champy-Kannenobjekt-galerie-metzger-gallery-ceramic-sculpture-art-690x460.jpg 690w, https:\/\/www.galerie-metzger.de\/wp-content\/uploads\/2024\/08\/Claude-Champy-Kannenobjekt-galerie-metzger-gallery-ceramic-sculpture-art-768x512.jpg 768w, https:\/\/www.galerie-metzger.de\/wp-content\/uploads\/2024\/08\/Claude-Champy-Kannenobjekt-galerie-metzger-gallery-ceramic-sculpture-art-1536x1024.jpg 1536w, https:\/\/www.galerie-metzger.de\/wp-content\/uploads\/2024\/08\/Claude-Champy-Kannenobjekt-galerie-metzger-gallery-ceramic-sculpture-art-2048x1365.jpg 2048w, https:\/\/www.galerie-metzger.de\/wp-content\/uploads\/2024\/08\/Claude-Champy-Kannenobjekt-galerie-metzger-gallery-ceramic-sculpture-art-1500x1000.jpg 1500w, https:\/\/www.galerie-metzger.de\/wp-content\/uploads\/2024\/08\/Claude-Champy-Kannenobjekt-galerie-metzger-gallery-ceramic-sculpture-art-705x470.jpg 705w\" data-sizes=\"(max-width: 1030px) 100vw, 1030px\" class='avia_image' ><div class=\"av-image-caption-overlay\"><div class=\"av-caption-image-overlay-bg\"><\/div><div class=\"av-image-caption-overlay-position\"><div class=\"av-image-caption-overlay-center\"><p>Claude Champy \u2013 Tea pot sculpture \u2013 , 13x31x29 cm, Foto: Edi Baumann<\/p>\n<\/div><\/div><\/div><img decoding=\"async\" class='wp-image-12693 avia-img-lazy-loading-not-12693 avia_image ' src=\"https:\/\/www.galerie-metzger.de\/wp-content\/uploads\/2024\/08\/Claude-Champy-Kannenobjekt-galerie-metzger-gallery-ceramic-sculpture-art-690x460.jpg\" alt='Claude Champy - Tea pot object' title='Claude Champy - Tea pot object'  height=\"460\" width=\"690\" srcset=\"https:\/\/www.galerie-metzger.de\/wp-content\/uploads\/2024\/08\/Claude-Champy-Kannenobjekt-galerie-metzger-gallery-ceramic-sculpture-art-690x460.jpg 690w, https:\/\/www.galerie-metzger.de\/wp-content\/uploads\/2024\/08\/Claude-Champy-Kannenobjekt-galerie-metzger-gallery-ceramic-sculpture-art-1030x687.jpg 1030w, https:\/\/www.galerie-metzger.de\/wp-content\/uploads\/2024\/08\/Claude-Champy-Kannenobjekt-galerie-metzger-gallery-ceramic-sculpture-art-768x512.jpg 768w, https:\/\/www.galerie-metzger.de\/wp-content\/uploads\/2024\/08\/Claude-Champy-Kannenobjekt-galerie-metzger-gallery-ceramic-sculpture-art-1536x1024.jpg 1536w, https:\/\/www.galerie-metzger.de\/wp-content\/uploads\/2024\/08\/Claude-Champy-Kannenobjekt-galerie-metzger-gallery-ceramic-sculpture-art-2048x1365.jpg 2048w, https:\/\/www.galerie-metzger.de\/wp-content\/uploads\/2024\/08\/Claude-Champy-Kannenobjekt-galerie-metzger-gallery-ceramic-sculpture-art-1500x1000.jpg 1500w, https:\/\/www.galerie-metzger.de\/wp-content\/uploads\/2024\/08\/Claude-Champy-Kannenobjekt-galerie-metzger-gallery-ceramic-sculpture-art-705x470.jpg 705w\" sizes=\"(max-width: 690px) 100vw, 690px\" \/><\/a><\/div><\/div><\/div><br \/>\n<section  class='av_textblock_section av-wjgrjs-653b279b46a68a61b21fb8d0c2ef0b4a' ><div class='avia_textblock jo_werk_anfrage' ><p><a class=\"anfrage\" href=\"mailto:info@galerie-metzger.de?subject=Claude%20Champy%20Tee-Kannenskulptur\">request information<\/a><\/p>\n<\/div><\/section><\/p><\/div><div class='av-flex-placeholder'><\/div>\n<style type=\"text\/css\" data-created_by=\"avia_inline_auto\" id=\"style-css-av-b7wqgo-10599fe86407d477d0306acaa0af82b1\">\n.flex_column.av-b7wqgo-10599fe86407d477d0306acaa0af82b1{\n-webkit-border-radius:0px 0px 0px 0px;\n-moz-border-radius:0px 0px 0px 0px;\nborder-radius:0px 0px 0px 0px;\n}\n<\/style>\n<div class='flex_column av-b7wqgo-10599fe86407d477d0306acaa0af82b1 av_one_third  avia-builder-el-131  el_after_av_one_third  el_before_av_one_third  jo_pf_bild_bg flex_column_table_cell av-equal-height-column av-align-top av-animated-generic fade-in av-zero-column-padding column-top-margin'     ><p>\n<style type=\"text\/css\" data-created_by=\"avia_inline_auto\" id=\"style-css-av-m0dztjux-45732add7ab4fdceb1ac690906a7cf44\">\n.avia-image-container.av-m0dztjux-45732add7ab4fdceb1ac690906a7cf44 img.avia_image{\nbox-shadow:none;\n}\n.avia-image-container.av-m0dztjux-45732add7ab4fdceb1ac690906a7cf44 .av-caption-image-overlay-bg{\nopacity:0.4;\n}\n<\/style>\n<div  class='avia-image-container av-m0dztjux-45732add7ab4fdceb1ac690906a7cf44 av-styling-no-styling avia_animated_image av-animated-when-visible-95 fade-in avia-align-left  avia-builder-el-132  el_before_av_textblock  avia-builder-el-first  jo_pf_bild noHover av-overlay-hover-deactivate'  ><div class=\"avia-image-container-inner\"><div class=\"avia-image-overlay-wrap\"><a href=\"https:\/\/www.galerie-metzger.de\/wp-content\/uploads\/2024\/08\/Claude-Champy-Kannenobjekt-galerie-metzger-gallery-ceramic-sculpture-1030x687.jpg\" data-srcset=\"https:\/\/www.galerie-metzger.de\/wp-content\/uploads\/2024\/08\/Claude-Champy-Kannenobjekt-galerie-metzger-gallery-ceramic-sculpture-1030x687.jpg 1030w, https:\/\/www.galerie-metzger.de\/wp-content\/uploads\/2024\/08\/Claude-Champy-Kannenobjekt-galerie-metzger-gallery-ceramic-sculpture-690x460.jpg 690w, https:\/\/www.galerie-metzger.de\/wp-content\/uploads\/2024\/08\/Claude-Champy-Kannenobjekt-galerie-metzger-gallery-ceramic-sculpture-768x512.jpg 768w, https:\/\/www.galerie-metzger.de\/wp-content\/uploads\/2024\/08\/Claude-Champy-Kannenobjekt-galerie-metzger-gallery-ceramic-sculpture-1536x1024.jpg 1536w, https:\/\/www.galerie-metzger.de\/wp-content\/uploads\/2024\/08\/Claude-Champy-Kannenobjekt-galerie-metzger-gallery-ceramic-sculpture-2048x1365.jpg 2048w, https:\/\/www.galerie-metzger.de\/wp-content\/uploads\/2024\/08\/Claude-Champy-Kannenobjekt-galerie-metzger-gallery-ceramic-sculpture-1500x1000.jpg 1500w, https:\/\/www.galerie-metzger.de\/wp-content\/uploads\/2024\/08\/Claude-Champy-Kannenobjekt-galerie-metzger-gallery-ceramic-sculpture-705x470.jpg 705w\" data-sizes=\"(max-width: 1030px) 100vw, 1030px\" class='avia_image' ><div class=\"av-image-caption-overlay\"><div class=\"av-caption-image-overlay-bg\"><\/div><div class=\"av-image-caption-overlay-position\"><div class=\"av-image-caption-overlay-center\"><p>Claude Champy \u2013 Tea pot sculpture, Detail \u2013 , 13x31x29 cm, Foto: Edi Baumann<\/p>\n<\/div><\/div><\/div><img decoding=\"async\" class='wp-image-12695 avia-img-lazy-loading-not-12695 avia_image ' src=\"https:\/\/www.galerie-metzger.de\/wp-content\/uploads\/2024\/08\/Claude-Champy-Kannenobjekt-galerie-metzger-gallery-ceramic-sculpture-690x460.jpg\" alt='Claude Champy - Tea pot object detail' title='Claude Champy - Tea pot object detail'  height=\"460\" width=\"690\" srcset=\"https:\/\/www.galerie-metzger.de\/wp-content\/uploads\/2024\/08\/Claude-Champy-Kannenobjekt-galerie-metzger-gallery-ceramic-sculpture-690x460.jpg 690w, https:\/\/www.galerie-metzger.de\/wp-content\/uploads\/2024\/08\/Claude-Champy-Kannenobjekt-galerie-metzger-gallery-ceramic-sculpture-1030x687.jpg 1030w, https:\/\/www.galerie-metzger.de\/wp-content\/uploads\/2024\/08\/Claude-Champy-Kannenobjekt-galerie-metzger-gallery-ceramic-sculpture-768x512.jpg 768w, https:\/\/www.galerie-metzger.de\/wp-content\/uploads\/2024\/08\/Claude-Champy-Kannenobjekt-galerie-metzger-gallery-ceramic-sculpture-1536x1024.jpg 1536w, https:\/\/www.galerie-metzger.de\/wp-content\/uploads\/2024\/08\/Claude-Champy-Kannenobjekt-galerie-metzger-gallery-ceramic-sculpture-2048x1365.jpg 2048w, https:\/\/www.galerie-metzger.de\/wp-content\/uploads\/2024\/08\/Claude-Champy-Kannenobjekt-galerie-metzger-gallery-ceramic-sculpture-1500x1000.jpg 1500w, https:\/\/www.galerie-metzger.de\/wp-content\/uploads\/2024\/08\/Claude-Champy-Kannenobjekt-galerie-metzger-gallery-ceramic-sculpture-705x470.jpg 705w\" sizes=\"(max-width: 690px) 100vw, 690px\" \/><\/a><\/div><\/div><\/div><br \/>\n<section  class='av_textblock_section av-2n5qbbs-34761c58117793cfade433524ec762a9' ><div class='avia_textblock jo_werk_anfrage' ><p><a class=\"anfrage\" href=\"mailto:info@galerie-metzger.de?subject=Claude%20Champy%20Tee-Kannenskulptur\">request information<\/a><\/p>\n<\/div><\/section><\/p><\/div><div class='av-flex-placeholder'><\/div>\n<style type=\"text\/css\" data-created_by=\"avia_inline_auto\" id=\"style-css-av-1wqqmrc-489422ad4ab9a5ad96ae4a8877404188\">\n.flex_column.av-1wqqmrc-489422ad4ab9a5ad96ae4a8877404188{\n-webkit-border-radius:0px 0px 0px 0px;\n-moz-border-radius:0px 0px 0px 0px;\nborder-radius:0px 0px 0px 0px;\n}\n<\/style>\n<div class='flex_column av-1wqqmrc-489422ad4ab9a5ad96ae4a8877404188 av_one_third  avia-builder-el-134  el_after_av_one_third  el_before_av_one_half  jo_pf_bild_bg flex_column_table_cell av-equal-height-column av-align-top av-animated-generic fade-in av-zero-column-padding column-top-margin'     ><p>\n<style type=\"text\/css\" data-created_by=\"avia_inline_auto\" id=\"style-css-av-m0dzu0ht-8cc8e88896a841c563d4bb53c39cb9fd\">\n.avia-image-container.av-m0dzu0ht-8cc8e88896a841c563d4bb53c39cb9fd img.avia_image{\nbox-shadow:none;\n}\n.avia-image-container.av-m0dzu0ht-8cc8e88896a841c563d4bb53c39cb9fd .av-caption-image-overlay-bg{\nopacity:0.4;\n}\n<\/style>\n<div  class='avia-image-container av-m0dzu0ht-8cc8e88896a841c563d4bb53c39cb9fd av-styling-no-styling avia_animated_image av-animated-when-visible-95 fade-in avia-align-left  avia-builder-el-135  el_before_av_textblock  avia-builder-el-first  jo_pf_bild noHover av-overlay-hover-deactivate'  ><div class=\"avia-image-container-inner\"><div class=\"avia-image-overlay-wrap\"><a href=\"https:\/\/www.galerie-metzger.de\/wp-content\/uploads\/2024\/08\/Claude-Champy-Kannenobjekt-galerie-metzger-gallery-keramik-skulptur-1030x687.jpg\" data-srcset=\"https:\/\/www.galerie-metzger.de\/wp-content\/uploads\/2024\/08\/Claude-Champy-Kannenobjekt-galerie-metzger-gallery-keramik-skulptur-1030x687.jpg 1030w, https:\/\/www.galerie-metzger.de\/wp-content\/uploads\/2024\/08\/Claude-Champy-Kannenobjekt-galerie-metzger-gallery-keramik-skulptur-690x460.jpg 690w, https:\/\/www.galerie-metzger.de\/wp-content\/uploads\/2024\/08\/Claude-Champy-Kannenobjekt-galerie-metzger-gallery-keramik-skulptur-768x512.jpg 768w, https:\/\/www.galerie-metzger.de\/wp-content\/uploads\/2024\/08\/Claude-Champy-Kannenobjekt-galerie-metzger-gallery-keramik-skulptur-1536x1024.jpg 1536w, https:\/\/www.galerie-metzger.de\/wp-content\/uploads\/2024\/08\/Claude-Champy-Kannenobjekt-galerie-metzger-gallery-keramik-skulptur-2048x1365.jpg 2048w, https:\/\/www.galerie-metzger.de\/wp-content\/uploads\/2024\/08\/Claude-Champy-Kannenobjekt-galerie-metzger-gallery-keramik-skulptur-1500x1000.jpg 1500w, https:\/\/www.galerie-metzger.de\/wp-content\/uploads\/2024\/08\/Claude-Champy-Kannenobjekt-galerie-metzger-gallery-keramik-skulptur-705x470.jpg 705w\" data-sizes=\"(max-width: 1030px) 100vw, 1030px\" class='avia_image' ><div class=\"av-image-caption-overlay\"><div class=\"av-caption-image-overlay-bg\"><\/div><div class=\"av-image-caption-overlay-position\"><div class=\"av-image-caption-overlay-center\"><p>Claude Champy \u2013 Tea pot sculpture \u2013 , 13x31x29 cm, Foto: Edi Baumann<\/p>\n<\/div><\/div><\/div><img decoding=\"async\" class='wp-image-12697 avia-img-lazy-loading-not-12697 avia_image ' src=\"https:\/\/www.galerie-metzger.de\/wp-content\/uploads\/2024\/08\/Claude-Champy-Kannenobjekt-galerie-metzger-gallery-keramik-skulptur-690x460.jpg\" alt='Claude Champy - Kannenobjekt' title='Claude Champy - Kannenobjekt'  height=\"460\" width=\"690\" srcset=\"https:\/\/www.galerie-metzger.de\/wp-content\/uploads\/2024\/08\/Claude-Champy-Kannenobjekt-galerie-metzger-gallery-keramik-skulptur-690x460.jpg 690w, https:\/\/www.galerie-metzger.de\/wp-content\/uploads\/2024\/08\/Claude-Champy-Kannenobjekt-galerie-metzger-gallery-keramik-skulptur-1030x687.jpg 1030w, https:\/\/www.galerie-metzger.de\/wp-content\/uploads\/2024\/08\/Claude-Champy-Kannenobjekt-galerie-metzger-gallery-keramik-skulptur-768x512.jpg 768w, https:\/\/www.galerie-metzger.de\/wp-content\/uploads\/2024\/08\/Claude-Champy-Kannenobjekt-galerie-metzger-gallery-keramik-skulptur-1536x1024.jpg 1536w, https:\/\/www.galerie-metzger.de\/wp-content\/uploads\/2024\/08\/Claude-Champy-Kannenobjekt-galerie-metzger-gallery-keramik-skulptur-2048x1365.jpg 2048w, https:\/\/www.galerie-metzger.de\/wp-content\/uploads\/2024\/08\/Claude-Champy-Kannenobjekt-galerie-metzger-gallery-keramik-skulptur-1500x1000.jpg 1500w, https:\/\/www.galerie-metzger.de\/wp-content\/uploads\/2024\/08\/Claude-Champy-Kannenobjekt-galerie-metzger-gallery-keramik-skulptur-705x470.jpg 705w\" sizes=\"(max-width: 690px) 100vw, 690px\" \/><\/a><\/div><\/div><\/div><br \/>\n<section  class='av_textblock_section av-6bqkk8-318f077e6e5594f4885d09a4721fb2de' ><div class='avia_textblock jo_werk_anfrage' ><p><a class=\"anfrage\" href=\"mailto:info@galerie-metzger.de?subject=Claude%20Champy%20Tee-Kannenskulptur\">request information<\/a><\/p>\n<\/div><\/section><\/p><\/div><\/div><!--close column table wrapper. Autoclose: 1 --><div class='flex_column_table av-3qgc8ns-5275bc95012f14816aef7137d8c93b5d sc-av_one_half av-equal-height-column-flextable'>\n<style type=\"text\/css\" data-created_by=\"avia_inline_auto\" id=\"style-css-av-3qgc8ns-5275bc95012f14816aef7137d8c93b5d\">\n.flex_column.av-3qgc8ns-5275bc95012f14816aef7137d8c93b5d{\n-webkit-border-radius:0px 0px 0px 0px;\n-moz-border-radius:0px 0px 0px 0px;\nborder-radius:0px 0px 0px 0px;\n}\n<\/style>\n<div class='flex_column av-3qgc8ns-5275bc95012f14816aef7137d8c93b5d av_one_half  avia-builder-el-137  el_after_av_one_third  el_before_av_one_half  jo_pf_bild_bg first flex_column_table_cell av-equal-height-column av-align-top av-animated-generic fade-in av-zero-column-padding column-top-margin'     ><p>\n<style type=\"text\/css\" data-created_by=\"avia_inline_auto\" id=\"style-css-av-m0e7eqam-d9616596d30a52fc1884a19e1f08dbe5\">\n.avia-image-container.av-m0e7eqam-d9616596d30a52fc1884a19e1f08dbe5 img.avia_image{\nbox-shadow:none;\n}\n.avia-image-container.av-m0e7eqam-d9616596d30a52fc1884a19e1f08dbe5 .av-caption-image-overlay-bg{\nopacity:0.4;\n}\n<\/style>\n<div  class='avia-image-container av-m0e7eqam-d9616596d30a52fc1884a19e1f08dbe5 av-styling-no-styling avia_animated_image av-animated-when-visible-95 fade-in avia-align-left  avia-builder-el-138  el_before_av_textblock  avia-builder-el-first  jo_pf_bild noHover av-overlay-hover-deactivate'  ><div class=\"avia-image-container-inner\"><div class=\"avia-image-overlay-wrap\"><a href=\"https:\/\/www.galerie-metzger.de\/wp-content\/uploads\/2024\/08\/Claude-Champy-Schalenform-8x15x13cm-galerie-metzger-gallery-ceramic-art-sculpture-1030x687.jpg\" data-srcset=\"https:\/\/www.galerie-metzger.de\/wp-content\/uploads\/2024\/08\/Claude-Champy-Schalenform-8x15x13cm-galerie-metzger-gallery-ceramic-art-sculpture-1030x687.jpg 1030w, https:\/\/www.galerie-metzger.de\/wp-content\/uploads\/2024\/08\/Claude-Champy-Schalenform-8x15x13cm-galerie-metzger-gallery-ceramic-art-sculpture-690x460.jpg 690w, https:\/\/www.galerie-metzger.de\/wp-content\/uploads\/2024\/08\/Claude-Champy-Schalenform-8x15x13cm-galerie-metzger-gallery-ceramic-art-sculpture-768x512.jpg 768w, https:\/\/www.galerie-metzger.de\/wp-content\/uploads\/2024\/08\/Claude-Champy-Schalenform-8x15x13cm-galerie-metzger-gallery-ceramic-art-sculpture-1536x1024.jpg 1536w, https:\/\/www.galerie-metzger.de\/wp-content\/uploads\/2024\/08\/Claude-Champy-Schalenform-8x15x13cm-galerie-metzger-gallery-ceramic-art-sculpture-2048x1365.jpg 2048w, https:\/\/www.galerie-metzger.de\/wp-content\/uploads\/2024\/08\/Claude-Champy-Schalenform-8x15x13cm-galerie-metzger-gallery-ceramic-art-sculpture-1500x1000.jpg 1500w, https:\/\/www.galerie-metzger.de\/wp-content\/uploads\/2024\/08\/Claude-Champy-Schalenform-8x15x13cm-galerie-metzger-gallery-ceramic-art-sculpture-705x470.jpg 705w\" data-sizes=\"(max-width: 1030px) 100vw, 1030px\" class='avia_image' ><div class=\"av-image-caption-overlay\"><div class=\"av-caption-image-overlay-bg\"><\/div><div class=\"av-image-caption-overlay-position\"><div class=\"av-image-caption-overlay-center\"><p>Claude Champy \u2013 Bowl \u2013 , 8x15x13 cm, Foto: Edi Baumann<\/p>\n<\/div><\/div><\/div><img decoding=\"async\" class='wp-image-12718 avia-img-lazy-loading-not-12718 avia_image ' src=\"https:\/\/www.galerie-metzger.de\/wp-content\/uploads\/2024\/08\/Claude-Champy-Schalenform-8x15x13cm-galerie-metzger-gallery-ceramic-art-sculpture-690x460.jpg\" alt='Claude Champy - Schalenform 8x15x13cm' title='Claude Champy - Schalenform 8x15x13cm'  height=\"460\" width=\"690\" srcset=\"https:\/\/www.galerie-metzger.de\/wp-content\/uploads\/2024\/08\/Claude-Champy-Schalenform-8x15x13cm-galerie-metzger-gallery-ceramic-art-sculpture-690x460.jpg 690w, https:\/\/www.galerie-metzger.de\/wp-content\/uploads\/2024\/08\/Claude-Champy-Schalenform-8x15x13cm-galerie-metzger-gallery-ceramic-art-sculpture-1030x687.jpg 1030w, https:\/\/www.galerie-metzger.de\/wp-content\/uploads\/2024\/08\/Claude-Champy-Schalenform-8x15x13cm-galerie-metzger-gallery-ceramic-art-sculpture-768x512.jpg 768w, https:\/\/www.galerie-metzger.de\/wp-content\/uploads\/2024\/08\/Claude-Champy-Schalenform-8x15x13cm-galerie-metzger-gallery-ceramic-art-sculpture-1536x1024.jpg 1536w, https:\/\/www.galerie-metzger.de\/wp-content\/uploads\/2024\/08\/Claude-Champy-Schalenform-8x15x13cm-galerie-metzger-gallery-ceramic-art-sculpture-2048x1365.jpg 2048w, https:\/\/www.galerie-metzger.de\/wp-content\/uploads\/2024\/08\/Claude-Champy-Schalenform-8x15x13cm-galerie-metzger-gallery-ceramic-art-sculpture-1500x1000.jpg 1500w, https:\/\/www.galerie-metzger.de\/wp-content\/uploads\/2024\/08\/Claude-Champy-Schalenform-8x15x13cm-galerie-metzger-gallery-ceramic-art-sculpture-705x470.jpg 705w\" sizes=\"(max-width: 690px) 100vw, 690px\" \/><\/a><\/div><\/div><\/div><br \/>\n<section  class='av_textblock_section av-m0e7f6kv-9251aa1afe9ad09b4637d78a8632eb41' ><div class='avia_textblock jo_werk_anfrage' ><p><a class=\"anfrage\" href=\"mailto:info@galerie-metzger.de?subject=Claude%20Champy%20Schalenform%208x15x13\">request information<\/a><\/p>\n<\/div><\/section><\/p><\/div><div class='av-flex-placeholder'><\/div>\n<style type=\"text\/css\" data-created_by=\"avia_inline_auto\" id=\"style-css-av-3c1rorc-4cbfa045e4e2858de25f23725272e3af\">\n.flex_column.av-3c1rorc-4cbfa045e4e2858de25f23725272e3af{\n-webkit-border-radius:0px 0px 0px 0px;\n-moz-border-radius:0px 0px 0px 0px;\nborder-radius:0px 0px 0px 0px;\n}\n<\/style>\n<div class='flex_column av-3c1rorc-4cbfa045e4e2858de25f23725272e3af av_one_half  avia-builder-el-140  el_after_av_one_half  el_before_av_one_third  jo_pf_bild_bg flex_column_table_cell av-equal-height-column av-align-top av-animated-generic fade-in av-zero-column-padding column-top-margin'     ><p>\n<style type=\"text\/css\" data-created_by=\"avia_inline_auto\" id=\"style-css-av-m0e7fqrq-40d8a050981d4d49b1da7a946aab61ee\">\n.avia-image-container.av-m0e7fqrq-40d8a050981d4d49b1da7a946aab61ee img.avia_image{\nbox-shadow:none;\n}\n.avia-image-container.av-m0e7fqrq-40d8a050981d4d49b1da7a946aab61ee .av-caption-image-overlay-bg{\nopacity:0.4;\n}\n<\/style>\n<div  class='avia-image-container av-m0e7fqrq-40d8a050981d4d49b1da7a946aab61ee av-styling-no-styling avia_animated_image av-animated-when-visible-95 fade-in avia-align-left  avia-builder-el-141  el_before_av_textblock  avia-builder-el-first  jo_pf_bild noHover av-overlay-hover-deactivate'  ><div class=\"avia-image-container-inner\"><div class=\"avia-image-overlay-wrap\"><a href=\"https:\/\/www.galerie-metzger.de\/wp-content\/uploads\/2024\/08\/Claude-Champy-Schalenform-8x15x13cm-galerie-metzger-gallery-ceramic-art-sculpture-kunst-1030x687.jpg\" data-srcset=\"https:\/\/www.galerie-metzger.de\/wp-content\/uploads\/2024\/08\/Claude-Champy-Schalenform-8x15x13cm-galerie-metzger-gallery-ceramic-art-sculpture-kunst-1030x687.jpg 1030w, https:\/\/www.galerie-metzger.de\/wp-content\/uploads\/2024\/08\/Claude-Champy-Schalenform-8x15x13cm-galerie-metzger-gallery-ceramic-art-sculpture-kunst-690x460.jpg 690w, https:\/\/www.galerie-metzger.de\/wp-content\/uploads\/2024\/08\/Claude-Champy-Schalenform-8x15x13cm-galerie-metzger-gallery-ceramic-art-sculpture-kunst-768x512.jpg 768w, https:\/\/www.galerie-metzger.de\/wp-content\/uploads\/2024\/08\/Claude-Champy-Schalenform-8x15x13cm-galerie-metzger-gallery-ceramic-art-sculpture-kunst-1536x1024.jpg 1536w, https:\/\/www.galerie-metzger.de\/wp-content\/uploads\/2024\/08\/Claude-Champy-Schalenform-8x15x13cm-galerie-metzger-gallery-ceramic-art-sculpture-kunst-2048x1365.jpg 2048w, https:\/\/www.galerie-metzger.de\/wp-content\/uploads\/2024\/08\/Claude-Champy-Schalenform-8x15x13cm-galerie-metzger-gallery-ceramic-art-sculpture-kunst-1500x1000.jpg 1500w, https:\/\/www.galerie-metzger.de\/wp-content\/uploads\/2024\/08\/Claude-Champy-Schalenform-8x15x13cm-galerie-metzger-gallery-ceramic-art-sculpture-kunst-705x470.jpg 705w\" data-sizes=\"(max-width: 1030px) 100vw, 1030px\" class='avia_image' ><div class=\"av-image-caption-overlay\"><div class=\"av-caption-image-overlay-bg\"><\/div><div class=\"av-image-caption-overlay-position\"><div class=\"av-image-caption-overlay-center\"><p>Claude Champy \u2013 Bowl, Detail \u2013 , 8x15x13 cm, Foto: Edi Baumann<\/p>\n<\/div><\/div><\/div><img decoding=\"async\" class='wp-image-12720 avia-img-lazy-loading-not-12720 avia_image ' src=\"https:\/\/www.galerie-metzger.de\/wp-content\/uploads\/2024\/08\/Claude-Champy-Schalenform-8x15x13cm-galerie-metzger-gallery-ceramic-art-sculpture-kunst-690x460.jpg\" alt='Claude Champy - Schalenform 8x15x13cm' title='Claude Champy - Schalenform 8x15x13cm'  height=\"460\" width=\"690\" srcset=\"https:\/\/www.galerie-metzger.de\/wp-content\/uploads\/2024\/08\/Claude-Champy-Schalenform-8x15x13cm-galerie-metzger-gallery-ceramic-art-sculpture-kunst-690x460.jpg 690w, https:\/\/www.galerie-metzger.de\/wp-content\/uploads\/2024\/08\/Claude-Champy-Schalenform-8x15x13cm-galerie-metzger-gallery-ceramic-art-sculpture-kunst-1030x687.jpg 1030w, https:\/\/www.galerie-metzger.de\/wp-content\/uploads\/2024\/08\/Claude-Champy-Schalenform-8x15x13cm-galerie-metzger-gallery-ceramic-art-sculpture-kunst-768x512.jpg 768w, https:\/\/www.galerie-metzger.de\/wp-content\/uploads\/2024\/08\/Claude-Champy-Schalenform-8x15x13cm-galerie-metzger-gallery-ceramic-art-sculpture-kunst-1536x1024.jpg 1536w, https:\/\/www.galerie-metzger.de\/wp-content\/uploads\/2024\/08\/Claude-Champy-Schalenform-8x15x13cm-galerie-metzger-gallery-ceramic-art-sculpture-kunst-2048x1365.jpg 2048w, https:\/\/www.galerie-metzger.de\/wp-content\/uploads\/2024\/08\/Claude-Champy-Schalenform-8x15x13cm-galerie-metzger-gallery-ceramic-art-sculpture-kunst-1500x1000.jpg 1500w, https:\/\/www.galerie-metzger.de\/wp-content\/uploads\/2024\/08\/Claude-Champy-Schalenform-8x15x13cm-galerie-metzger-gallery-ceramic-art-sculpture-kunst-705x470.jpg 705w\" sizes=\"(max-width: 690px) 100vw, 690px\" \/><\/a><\/div><\/div><\/div><br \/>\n<section  class='av_textblock_section av-3191rw8-5d74e6dfd7243fac2545c891bf71b0f1' ><div class='avia_textblock jo_werk_anfrage' ><p><a class=\"anfrage\" href=\"mailto:info@galerie-metzger.de?subject=Claude%20Champy%20Schalenform%208x15x13\">request information<\/a><\/p>\n<\/div><\/section><\/p><\/div><\/div><!--close column table wrapper. Autoclose: 1 --><div class='flex_column_table av-2e4as2g-43723bbaaf3c94079cc1fce0cbed4ec6 sc-av_one_third av-equal-height-column-flextable'>\n<style type=\"text\/css\" data-created_by=\"avia_inline_auto\" id=\"style-css-av-2e4as2g-43723bbaaf3c94079cc1fce0cbed4ec6\">\n.flex_column.av-2e4as2g-43723bbaaf3c94079cc1fce0cbed4ec6{\n-webkit-border-radius:0px 0px 0px 0px;\n-moz-border-radius:0px 0px 0px 0px;\nborder-radius:0px 0px 0px 0px;\n}\n<\/style>\n<div class='flex_column av-2e4as2g-43723bbaaf3c94079cc1fce0cbed4ec6 av_one_third  avia-builder-el-143  el_after_av_one_half  el_before_av_one_third  jo_pf_bild_bg first flex_column_table_cell av-equal-height-column av-align-top av-animated-generic fade-in av-zero-column-padding column-top-margin'     ><p>\n<style type=\"text\/css\" data-created_by=\"avia_inline_auto\" id=\"style-css-av-m0e7hfhp-c60619b1fcda8590e21b232059e23bf2\">\n.avia-image-container.av-m0e7hfhp-c60619b1fcda8590e21b232059e23bf2 img.avia_image{\nbox-shadow:none;\n}\n.avia-image-container.av-m0e7hfhp-c60619b1fcda8590e21b232059e23bf2 .av-caption-image-overlay-bg{\nopacity:0.4;\n}\n<\/style>\n<div  class='avia-image-container av-m0e7hfhp-c60619b1fcda8590e21b232059e23bf2 av-styling-no-styling avia_animated_image av-animated-when-visible-95 fade-in avia-align-left  avia-builder-el-144  el_before_av_textblock  avia-builder-el-first  jo_pf_bild noHover av-overlay-hover-deactivate'  ><div class=\"avia-image-container-inner\"><div class=\"avia-image-overlay-wrap\"><a href=\"https:\/\/www.galerie-metzger.de\/wp-content\/uploads\/2024\/08\/Claude-Champy-Schalenform-10x15x14cm-galerie-metzger-gallery-ceramic-art-sculpture-kunst-1030x687.jpg\" data-srcset=\"https:\/\/www.galerie-metzger.de\/wp-content\/uploads\/2024\/08\/Claude-Champy-Schalenform-10x15x14cm-galerie-metzger-gallery-ceramic-art-sculpture-kunst-1030x687.jpg 1030w, https:\/\/www.galerie-metzger.de\/wp-content\/uploads\/2024\/08\/Claude-Champy-Schalenform-10x15x14cm-galerie-metzger-gallery-ceramic-art-sculpture-kunst-690x460.jpg 690w, https:\/\/www.galerie-metzger.de\/wp-content\/uploads\/2024\/08\/Claude-Champy-Schalenform-10x15x14cm-galerie-metzger-gallery-ceramic-art-sculpture-kunst-768x512.jpg 768w, https:\/\/www.galerie-metzger.de\/wp-content\/uploads\/2024\/08\/Claude-Champy-Schalenform-10x15x14cm-galerie-metzger-gallery-ceramic-art-sculpture-kunst-1536x1024.jpg 1536w, https:\/\/www.galerie-metzger.de\/wp-content\/uploads\/2024\/08\/Claude-Champy-Schalenform-10x15x14cm-galerie-metzger-gallery-ceramic-art-sculpture-kunst-2048x1365.jpg 2048w, https:\/\/www.galerie-metzger.de\/wp-content\/uploads\/2024\/08\/Claude-Champy-Schalenform-10x15x14cm-galerie-metzger-gallery-ceramic-art-sculpture-kunst-1500x1000.jpg 1500w, https:\/\/www.galerie-metzger.de\/wp-content\/uploads\/2024\/08\/Claude-Champy-Schalenform-10x15x14cm-galerie-metzger-gallery-ceramic-art-sculpture-kunst-705x470.jpg 705w\" data-sizes=\"(max-width: 1030px) 100vw, 1030px\" class='avia_image' ><div class=\"av-image-caption-overlay\"><div class=\"av-caption-image-overlay-bg\"><\/div><div class=\"av-image-caption-overlay-position\"><div class=\"av-image-caption-overlay-center\"><p>Claude Champy \u2013 Bowl \u2013 , 10x15x14 cm, Foto: Edi Baumann<\/p>\n<\/div><\/div><\/div><img decoding=\"async\" class='wp-image-12724 avia-img-lazy-loading-not-12724 avia_image ' src=\"https:\/\/www.galerie-metzger.de\/wp-content\/uploads\/2024\/08\/Claude-Champy-Schalenform-10x15x14cm-galerie-metzger-gallery-ceramic-art-sculpture-kunst-690x460.jpg\" alt='Claude Champy - Schalenform 10x15x14cm' title='Claude Champy - Schalenform 10x15x14cm'  height=\"460\" width=\"690\" srcset=\"https:\/\/www.galerie-metzger.de\/wp-content\/uploads\/2024\/08\/Claude-Champy-Schalenform-10x15x14cm-galerie-metzger-gallery-ceramic-art-sculpture-kunst-690x460.jpg 690w, https:\/\/www.galerie-metzger.de\/wp-content\/uploads\/2024\/08\/Claude-Champy-Schalenform-10x15x14cm-galerie-metzger-gallery-ceramic-art-sculpture-kunst-1030x687.jpg 1030w, https:\/\/www.galerie-metzger.de\/wp-content\/uploads\/2024\/08\/Claude-Champy-Schalenform-10x15x14cm-galerie-metzger-gallery-ceramic-art-sculpture-kunst-768x512.jpg 768w, https:\/\/www.galerie-metzger.de\/wp-content\/uploads\/2024\/08\/Claude-Champy-Schalenform-10x15x14cm-galerie-metzger-gallery-ceramic-art-sculpture-kunst-1536x1024.jpg 1536w, https:\/\/www.galerie-metzger.de\/wp-content\/uploads\/2024\/08\/Claude-Champy-Schalenform-10x15x14cm-galerie-metzger-gallery-ceramic-art-sculpture-kunst-2048x1365.jpg 2048w, https:\/\/www.galerie-metzger.de\/wp-content\/uploads\/2024\/08\/Claude-Champy-Schalenform-10x15x14cm-galerie-metzger-gallery-ceramic-art-sculpture-kunst-1500x1000.jpg 1500w, https:\/\/www.galerie-metzger.de\/wp-content\/uploads\/2024\/08\/Claude-Champy-Schalenform-10x15x14cm-galerie-metzger-gallery-ceramic-art-sculpture-kunst-705x470.jpg 705w\" sizes=\"(max-width: 690px) 100vw, 690px\" \/><\/a><\/div><\/div><\/div><br \/>\n<section  class='av_textblock_section av-m0e7hxl4-99c2342fd1c3aaf6c7034f7f3f19772b' ><div class='avia_textblock jo_werk_anfrage' ><p><a class=\"anfrage\" href=\"mailto:info@galerie-metzger.de?subject=Claude%20Champy%20Schalenform%2010x15x14cm\">request information<\/a><\/p>\n<\/div><\/section><\/p><\/div><div class='av-flex-placeholder'><\/div>\n<style type=\"text\/css\" data-created_by=\"avia_inline_auto\" id=\"style-css-av-26514oo-c6d4e4c35a8bb54a39a9f7730cf9ea47\">\n.flex_column.av-26514oo-c6d4e4c35a8bb54a39a9f7730cf9ea47{\n-webkit-border-radius:0px 0px 0px 0px;\n-moz-border-radius:0px 0px 0px 0px;\nborder-radius:0px 0px 0px 0px;\n}\n<\/style>\n<div class='flex_column av-26514oo-c6d4e4c35a8bb54a39a9f7730cf9ea47 av_one_third  avia-builder-el-146  el_after_av_one_third  el_before_av_one_third  jo_pf_bild_bg flex_column_table_cell av-equal-height-column av-align-top av-animated-generic fade-in av-zero-column-padding column-top-margin'     ><p>\n<style type=\"text\/css\" data-created_by=\"avia_inline_auto\" id=\"style-css-av-m0e7j6lo-35306670d656248b4d7f0460912427df\">\n.avia-image-container.av-m0e7j6lo-35306670d656248b4d7f0460912427df img.avia_image{\nbox-shadow:none;\n}\n.avia-image-container.av-m0e7j6lo-35306670d656248b4d7f0460912427df .av-caption-image-overlay-bg{\nopacity:0.4;\n}\n<\/style>\n<div  class='avia-image-container av-m0e7j6lo-35306670d656248b4d7f0460912427df av-styling-no-styling avia_animated_image av-animated-when-visible-95 fade-in avia-align-left  avia-builder-el-147  el_before_av_textblock  avia-builder-el-first  jo_pf_bild noHover av-overlay-hover-deactivate'  ><div class=\"avia-image-container-inner\"><div class=\"avia-image-overlay-wrap\"><a href=\"https:\/\/www.galerie-metzger.de\/wp-content\/uploads\/2024\/08\/Claude-Champy-Schalenform-75x12x11.5cm-galerie-metzger-gallery-ceramic-art-sculpture-1030x687.jpg\" data-srcset=\"https:\/\/www.galerie-metzger.de\/wp-content\/uploads\/2024\/08\/Claude-Champy-Schalenform-75x12x11.5cm-galerie-metzger-gallery-ceramic-art-sculpture-1030x687.jpg 1030w, https:\/\/www.galerie-metzger.de\/wp-content\/uploads\/2024\/08\/Claude-Champy-Schalenform-75x12x11.5cm-galerie-metzger-gallery-ceramic-art-sculpture-690x460.jpg 690w, https:\/\/www.galerie-metzger.de\/wp-content\/uploads\/2024\/08\/Claude-Champy-Schalenform-75x12x11.5cm-galerie-metzger-gallery-ceramic-art-sculpture-768x512.jpg 768w, https:\/\/www.galerie-metzger.de\/wp-content\/uploads\/2024\/08\/Claude-Champy-Schalenform-75x12x11.5cm-galerie-metzger-gallery-ceramic-art-sculpture-1536x1024.jpg 1536w, https:\/\/www.galerie-metzger.de\/wp-content\/uploads\/2024\/08\/Claude-Champy-Schalenform-75x12x11.5cm-galerie-metzger-gallery-ceramic-art-sculpture-2048x1365.jpg 2048w, https:\/\/www.galerie-metzger.de\/wp-content\/uploads\/2024\/08\/Claude-Champy-Schalenform-75x12x11.5cm-galerie-metzger-gallery-ceramic-art-sculpture-1500x1000.jpg 1500w, https:\/\/www.galerie-metzger.de\/wp-content\/uploads\/2024\/08\/Claude-Champy-Schalenform-75x12x11.5cm-galerie-metzger-gallery-ceramic-art-sculpture-705x470.jpg 705w\" data-sizes=\"(max-width: 1030px) 100vw, 1030px\" class='avia_image' ><div class=\"av-image-caption-overlay\"><div class=\"av-caption-image-overlay-bg\"><\/div><div class=\"av-image-caption-overlay-position\"><div class=\"av-image-caption-overlay-center\"><p>Claude Champy \u2013 Tea bowl \u2013 , 7,5x12x11.5 cm, Foto: Edi Baumann<\/p>\n<\/div><\/div><\/div><img decoding=\"async\" class='wp-image-12726 avia-img-lazy-loading-not-12726 avia_image ' src=\"https:\/\/www.galerie-metzger.de\/wp-content\/uploads\/2024\/08\/Claude-Champy-Schalenform-75x12x11.5cm-galerie-metzger-gallery-ceramic-art-sculpture-690x460.jpg\" alt='Claude Champy - Tea bowl7,5x12x11.5cm' title='Claude Champy - Tea bowl 7,5x12x11,5cm'  height=\"460\" width=\"690\" srcset=\"https:\/\/www.galerie-metzger.de\/wp-content\/uploads\/2024\/08\/Claude-Champy-Schalenform-75x12x11.5cm-galerie-metzger-gallery-ceramic-art-sculpture-690x460.jpg 690w, https:\/\/www.galerie-metzger.de\/wp-content\/uploads\/2024\/08\/Claude-Champy-Schalenform-75x12x11.5cm-galerie-metzger-gallery-ceramic-art-sculpture-1030x687.jpg 1030w, https:\/\/www.galerie-metzger.de\/wp-content\/uploads\/2024\/08\/Claude-Champy-Schalenform-75x12x11.5cm-galerie-metzger-gallery-ceramic-art-sculpture-768x512.jpg 768w, https:\/\/www.galerie-metzger.de\/wp-content\/uploads\/2024\/08\/Claude-Champy-Schalenform-75x12x11.5cm-galerie-metzger-gallery-ceramic-art-sculpture-1536x1024.jpg 1536w, https:\/\/www.galerie-metzger.de\/wp-content\/uploads\/2024\/08\/Claude-Champy-Schalenform-75x12x11.5cm-galerie-metzger-gallery-ceramic-art-sculpture-2048x1365.jpg 2048w, https:\/\/www.galerie-metzger.de\/wp-content\/uploads\/2024\/08\/Claude-Champy-Schalenform-75x12x11.5cm-galerie-metzger-gallery-ceramic-art-sculpture-1500x1000.jpg 1500w, https:\/\/www.galerie-metzger.de\/wp-content\/uploads\/2024\/08\/Claude-Champy-Schalenform-75x12x11.5cm-galerie-metzger-gallery-ceramic-art-sculpture-705x470.jpg 705w\" sizes=\"(max-width: 690px) 100vw, 690px\" \/><\/a><\/div><\/div><\/div><br \/>\n<section  class='av_textblock_section av-m0e7jg8f-a88c9cf3fe5abf8cf9cde9b759a95978' ><div class='avia_textblock jo_werk_anfrage' ><p><a class=\"anfrage\" href=\"mailto:info@galerie-metzger.de?subject=Claude%20Champy%20Teeschale%207,5x12x11.5cm\">request information<\/a><\/p>\n<\/div><\/section><\/p><\/div><div class='av-flex-placeholder'><\/div>\n<style type=\"text\/css\" data-created_by=\"avia_inline_auto\" id=\"style-css-av-1tzq8uw-ae05a7c316ee6e8c515bc6a2f029a838\">\n.flex_column.av-1tzq8uw-ae05a7c316ee6e8c515bc6a2f029a838{\n-webkit-border-radius:0px 0px 0px 0px;\n-moz-border-radius:0px 0px 0px 0px;\nborder-radius:0px 0px 0px 0px;\n}\n<\/style>\n<div class='flex_column av-1tzq8uw-ae05a7c316ee6e8c515bc6a2f029a838 av_one_third  avia-builder-el-149  el_after_av_one_third  el_before_av_one_half  jo_pf_bild_bg flex_column_table_cell av-equal-height-column av-align-top av-animated-generic fade-in av-zero-column-padding column-top-margin'     ><p>\n<style type=\"text\/css\" data-created_by=\"avia_inline_auto\" id=\"style-css-av-m0e7k5fp-51233847d2d4a875ca4d56fb69dc745e\">\n.avia-image-container.av-m0e7k5fp-51233847d2d4a875ca4d56fb69dc745e img.avia_image{\nbox-shadow:none;\n}\n.avia-image-container.av-m0e7k5fp-51233847d2d4a875ca4d56fb69dc745e .av-caption-image-overlay-bg{\nopacity:0.4;\n}\n<\/style>\n<div  class='avia-image-container av-m0e7k5fp-51233847d2d4a875ca4d56fb69dc745e av-styling-no-styling avia_animated_image av-animated-when-visible-95 fade-in avia-align-left  avia-builder-el-150  el_before_av_textblock  avia-builder-el-first  jo_pf_bild noHover av-overlay-hover-deactivate'  ><div class=\"avia-image-container-inner\"><div class=\"avia-image-overlay-wrap\"><a href=\"https:\/\/www.galerie-metzger.de\/wp-content\/uploads\/2024\/08\/Claude-Champy-Schalenform-8x15x135cm-galerie-metzger-gallery-ceramic-art-sculpture-kunst-kaufen-1030x687.jpg\" data-srcset=\"https:\/\/www.galerie-metzger.de\/wp-content\/uploads\/2024\/08\/Claude-Champy-Schalenform-8x15x135cm-galerie-metzger-gallery-ceramic-art-sculpture-kunst-kaufen-1030x687.jpg 1030w, https:\/\/www.galerie-metzger.de\/wp-content\/uploads\/2024\/08\/Claude-Champy-Schalenform-8x15x135cm-galerie-metzger-gallery-ceramic-art-sculpture-kunst-kaufen-690x460.jpg 690w, https:\/\/www.galerie-metzger.de\/wp-content\/uploads\/2024\/08\/Claude-Champy-Schalenform-8x15x135cm-galerie-metzger-gallery-ceramic-art-sculpture-kunst-kaufen-768x512.jpg 768w, https:\/\/www.galerie-metzger.de\/wp-content\/uploads\/2024\/08\/Claude-Champy-Schalenform-8x15x135cm-galerie-metzger-gallery-ceramic-art-sculpture-kunst-kaufen-1536x1024.jpg 1536w, https:\/\/www.galerie-metzger.de\/wp-content\/uploads\/2024\/08\/Claude-Champy-Schalenform-8x15x135cm-galerie-metzger-gallery-ceramic-art-sculpture-kunst-kaufen-2048x1365.jpg 2048w, https:\/\/www.galerie-metzger.de\/wp-content\/uploads\/2024\/08\/Claude-Champy-Schalenform-8x15x135cm-galerie-metzger-gallery-ceramic-art-sculpture-kunst-kaufen-1500x1000.jpg 1500w, https:\/\/www.galerie-metzger.de\/wp-content\/uploads\/2024\/08\/Claude-Champy-Schalenform-8x15x135cm-galerie-metzger-gallery-ceramic-art-sculpture-kunst-kaufen-705x470.jpg 705w\" data-sizes=\"(max-width: 1030px) 100vw, 1030px\" class='avia_image' ><div class=\"av-image-caption-overlay\"><div class=\"av-caption-image-overlay-bg\"><\/div><div class=\"av-image-caption-overlay-position\"><div class=\"av-image-caption-overlay-center\"><p>Claude Champy \u2013 Bowl \u2013 , 8x15x13,5 cm, Foto: Edi Baumann<\/p>\n<\/div><\/div><\/div><img decoding=\"async\" class='wp-image-12728 avia-img-lazy-loading-not-12728 avia_image ' src=\"https:\/\/www.galerie-metzger.de\/wp-content\/uploads\/2024\/08\/Claude-Champy-Schalenform-8x15x135cm-galerie-metzger-gallery-ceramic-art-sculpture-kunst-kaufen-690x460.jpg\" alt='Claude Champy - Schalenform 8x15x13,5cm' title='Claude Champy - Schalenform 8x15x13,5cm'  height=\"460\" width=\"690\" srcset=\"https:\/\/www.galerie-metzger.de\/wp-content\/uploads\/2024\/08\/Claude-Champy-Schalenform-8x15x135cm-galerie-metzger-gallery-ceramic-art-sculpture-kunst-kaufen-690x460.jpg 690w, https:\/\/www.galerie-metzger.de\/wp-content\/uploads\/2024\/08\/Claude-Champy-Schalenform-8x15x135cm-galerie-metzger-gallery-ceramic-art-sculpture-kunst-kaufen-1030x687.jpg 1030w, https:\/\/www.galerie-metzger.de\/wp-content\/uploads\/2024\/08\/Claude-Champy-Schalenform-8x15x135cm-galerie-metzger-gallery-ceramic-art-sculpture-kunst-kaufen-768x512.jpg 768w, https:\/\/www.galerie-metzger.de\/wp-content\/uploads\/2024\/08\/Claude-Champy-Schalenform-8x15x135cm-galerie-metzger-gallery-ceramic-art-sculpture-kunst-kaufen-1536x1024.jpg 1536w, https:\/\/www.galerie-metzger.de\/wp-content\/uploads\/2024\/08\/Claude-Champy-Schalenform-8x15x135cm-galerie-metzger-gallery-ceramic-art-sculpture-kunst-kaufen-2048x1365.jpg 2048w, https:\/\/www.galerie-metzger.de\/wp-content\/uploads\/2024\/08\/Claude-Champy-Schalenform-8x15x135cm-galerie-metzger-gallery-ceramic-art-sculpture-kunst-kaufen-1500x1000.jpg 1500w, https:\/\/www.galerie-metzger.de\/wp-content\/uploads\/2024\/08\/Claude-Champy-Schalenform-8x15x135cm-galerie-metzger-gallery-ceramic-art-sculpture-kunst-kaufen-705x470.jpg 705w\" sizes=\"(max-width: 690px) 100vw, 690px\" \/><\/a><\/div><\/div><\/div><br \/>\n<section  class='av_textblock_section av-m0e7kes1-f54654f5c43a960ee4580c04d21de21b' ><div class='avia_textblock jo_werk_anfrage' ><p><a class=\"anfrage\" href=\"mailto:info@galerie-metzger.de?subject=Claude%20Champy%20Schalenform%208x15x13,5cm\">request information<\/a><\/p>\n<\/div><\/section><\/p><\/div><\/div><!--close column table wrapper. Autoclose: 1 --><div class='flex_column_table av-2abwddk-59a32cffd45b7e308ba67b5d1058d633 sc-av_one_half av-equal-height-column-flextable'>\n<style type=\"text\/css\" data-created_by=\"avia_inline_auto\" id=\"style-css-av-2abwddk-59a32cffd45b7e308ba67b5d1058d633\">\n.flex_column.av-2abwddk-59a32cffd45b7e308ba67b5d1058d633{\n-webkit-border-radius:0px 0px 0px 0px;\n-moz-border-radius:0px 0px 0px 0px;\nborder-radius:0px 0px 0px 0px;\n}\n<\/style>\n<div class='flex_column av-2abwddk-59a32cffd45b7e308ba67b5d1058d633 av_one_half  avia-builder-el-152  el_after_av_one_third  el_before_av_one_half  jo_pf_bild_bg first flex_column_table_cell av-equal-height-column av-align-top av-animated-generic fade-in av-zero-column-padding column-top-margin'     ><p>\n<style type=\"text\/css\" data-created_by=\"avia_inline_auto\" id=\"style-css-av-m0fcg37i-2cf0590ea5d19ab7aeb118b79fda7051\">\n.avia-image-container.av-m0fcg37i-2cf0590ea5d19ab7aeb118b79fda7051 img.avia_image{\nbox-shadow:none;\n}\n.avia-image-container.av-m0fcg37i-2cf0590ea5d19ab7aeb118b79fda7051 .av-caption-image-overlay-bg{\nopacity:0.4;\n}\n<\/style>\n<div  class='avia-image-container av-m0fcg37i-2cf0590ea5d19ab7aeb118b79fda7051 av-styling-no-styling avia_animated_image av-animated-when-visible-95 fade-in avia-align-left  avia-builder-el-153  el_before_av_textblock  avia-builder-el-first  jo_pf_bild noHover av-overlay-hover-deactivate'  ><div class=\"avia-image-container-inner\"><div class=\"avia-image-overlay-wrap\"><a href=\"https:\/\/www.galerie-metzger.de\/wp-content\/uploads\/2024\/08\/Claude-Champy-Schalenform-65x16x135cm-galerie-metzger-gallery-ceramic-art-sculpture-1030x687.jpg\" data-srcset=\"https:\/\/www.galerie-metzger.de\/wp-content\/uploads\/2024\/08\/Claude-Champy-Schalenform-65x16x135cm-galerie-metzger-gallery-ceramic-art-sculpture-1030x687.jpg 1030w, https:\/\/www.galerie-metzger.de\/wp-content\/uploads\/2024\/08\/Claude-Champy-Schalenform-65x16x135cm-galerie-metzger-gallery-ceramic-art-sculpture-690x460.jpg 690w, https:\/\/www.galerie-metzger.de\/wp-content\/uploads\/2024\/08\/Claude-Champy-Schalenform-65x16x135cm-galerie-metzger-gallery-ceramic-art-sculpture-768x512.jpg 768w, https:\/\/www.galerie-metzger.de\/wp-content\/uploads\/2024\/08\/Claude-Champy-Schalenform-65x16x135cm-galerie-metzger-gallery-ceramic-art-sculpture-1536x1024.jpg 1536w, https:\/\/www.galerie-metzger.de\/wp-content\/uploads\/2024\/08\/Claude-Champy-Schalenform-65x16x135cm-galerie-metzger-gallery-ceramic-art-sculpture-2048x1365.jpg 2048w, https:\/\/www.galerie-metzger.de\/wp-content\/uploads\/2024\/08\/Claude-Champy-Schalenform-65x16x135cm-galerie-metzger-gallery-ceramic-art-sculpture-1500x1000.jpg 1500w, https:\/\/www.galerie-metzger.de\/wp-content\/uploads\/2024\/08\/Claude-Champy-Schalenform-65x16x135cm-galerie-metzger-gallery-ceramic-art-sculpture-705x470.jpg 705w\" data-sizes=\"(max-width: 1030px) 100vw, 1030px\" class='avia_image' ><div class=\"av-image-caption-overlay\"><div class=\"av-caption-image-overlay-bg\"><\/div><div class=\"av-image-caption-overlay-position\"><div class=\"av-image-caption-overlay-center\"><p>Claude Champy \u2013 Bowl \u2013 , 6,5x16x13,5 cm, Foto: Edi Baumann<\/p>\n<\/div><\/div><\/div><img decoding=\"async\" class='wp-image-12722 avia-img-lazy-loading-not-12722 avia_image ' src=\"https:\/\/www.galerie-metzger.de\/wp-content\/uploads\/2024\/08\/Claude-Champy-Schalenform-65x16x135cm-galerie-metzger-gallery-ceramic-art-sculpture-690x460.jpg\" alt='Claude Champy - Schalenform 6,5x16x13,5cm' title='Claude Champy - Schalenform 6,5x16x13,5cm'  height=\"460\" width=\"690\" srcset=\"https:\/\/www.galerie-metzger.de\/wp-content\/uploads\/2024\/08\/Claude-Champy-Schalenform-65x16x135cm-galerie-metzger-gallery-ceramic-art-sculpture-690x460.jpg 690w, https:\/\/www.galerie-metzger.de\/wp-content\/uploads\/2024\/08\/Claude-Champy-Schalenform-65x16x135cm-galerie-metzger-gallery-ceramic-art-sculpture-1030x687.jpg 1030w, https:\/\/www.galerie-metzger.de\/wp-content\/uploads\/2024\/08\/Claude-Champy-Schalenform-65x16x135cm-galerie-metzger-gallery-ceramic-art-sculpture-768x512.jpg 768w, https:\/\/www.galerie-metzger.de\/wp-content\/uploads\/2024\/08\/Claude-Champy-Schalenform-65x16x135cm-galerie-metzger-gallery-ceramic-art-sculpture-1536x1024.jpg 1536w, https:\/\/www.galerie-metzger.de\/wp-content\/uploads\/2024\/08\/Claude-Champy-Schalenform-65x16x135cm-galerie-metzger-gallery-ceramic-art-sculpture-2048x1365.jpg 2048w, https:\/\/www.galerie-metzger.de\/wp-content\/uploads\/2024\/08\/Claude-Champy-Schalenform-65x16x135cm-galerie-metzger-gallery-ceramic-art-sculpture-1500x1000.jpg 1500w, https:\/\/www.galerie-metzger.de\/wp-content\/uploads\/2024\/08\/Claude-Champy-Schalenform-65x16x135cm-galerie-metzger-gallery-ceramic-art-sculpture-705x470.jpg 705w\" sizes=\"(max-width: 690px) 100vw, 690px\" \/><\/a><\/div><\/div><\/div><br \/>\n<section  class='av_textblock_section av-m0fcgf2d-9542a0b1243f1cde592db570a1b98fd5' ><div class='avia_textblock jo_werk_anfrage' ><p><a class=\"anfrage\" href=\"mailto:info@galerie-metzger.de?subject=Claude%20Champy%20Schalenform%206,5x16x13,5cm\">request information<\/a><\/p>\n<\/div><\/section><\/p><\/div><div class='av-flex-placeholder'><\/div>\n<style type=\"text\/css\" data-created_by=\"avia_inline_auto\" id=\"style-css-av-1qhqx94-ac66910a69c1562afc44f0c203f7f851\">\n.flex_column.av-1qhqx94-ac66910a69c1562afc44f0c203f7f851{\n-webkit-border-radius:0px 0px 0px 0px;\n-moz-border-radius:0px 0px 0px 0px;\nborder-radius:0px 0px 0px 0px;\n}\n<\/style>\n<div class='flex_column av-1qhqx94-ac66910a69c1562afc44f0c203f7f851 av_one_half  avia-builder-el-155  el_after_av_one_half  el_before_av_one_full  jo_pf_bild_bg flex_column_table_cell av-equal-height-column av-align-top av-animated-generic fade-in av-zero-column-padding column-top-margin'     ><p>\n<style type=\"text\/css\" data-created_by=\"avia_inline_auto\" id=\"style-css-av-m0fch965-d865e19906195d746747371f90814a11\">\n.avia-image-container.av-m0fch965-d865e19906195d746747371f90814a11 img.avia_image{\nbox-shadow:none;\n}\n.avia-image-container.av-m0fch965-d865e19906195d746747371f90814a11 .av-caption-image-overlay-bg{\nopacity:0.4;\n}\n<\/style>\n<div  class='avia-image-container av-m0fch965-d865e19906195d746747371f90814a11 av-styling-no-styling avia_animated_image av-animated-when-visible-95 fade-in avia-align-left  avia-builder-el-156  el_before_av_textblock  avia-builder-el-first  jo_pf_bild noHover av-overlay-hover-deactivate'  ><div class=\"avia-image-container-inner\"><div class=\"avia-image-overlay-wrap\"><a href=\"https:\/\/www.galerie-metzger.de\/wp-content\/uploads\/2024\/08\/Claude-Champy-Schalenform-75x15x15cm-galerie-metzger-gallery-ceramic-art-sculpture-keramikkunst-1030x687.jpg\" data-srcset=\"https:\/\/www.galerie-metzger.de\/wp-content\/uploads\/2024\/08\/Claude-Champy-Schalenform-75x15x15cm-galerie-metzger-gallery-ceramic-art-sculpture-keramikkunst-1030x687.jpg 1030w, https:\/\/www.galerie-metzger.de\/wp-content\/uploads\/2024\/08\/Claude-Champy-Schalenform-75x15x15cm-galerie-metzger-gallery-ceramic-art-sculpture-keramikkunst-690x460.jpg 690w, https:\/\/www.galerie-metzger.de\/wp-content\/uploads\/2024\/08\/Claude-Champy-Schalenform-75x15x15cm-galerie-metzger-gallery-ceramic-art-sculpture-keramikkunst-768x512.jpg 768w, https:\/\/www.galerie-metzger.de\/wp-content\/uploads\/2024\/08\/Claude-Champy-Schalenform-75x15x15cm-galerie-metzger-gallery-ceramic-art-sculpture-keramikkunst-1536x1024.jpg 1536w, https:\/\/www.galerie-metzger.de\/wp-content\/uploads\/2024\/08\/Claude-Champy-Schalenform-75x15x15cm-galerie-metzger-gallery-ceramic-art-sculpture-keramikkunst-2048x1365.jpg 2048w, https:\/\/www.galerie-metzger.de\/wp-content\/uploads\/2024\/08\/Claude-Champy-Schalenform-75x15x15cm-galerie-metzger-gallery-ceramic-art-sculpture-keramikkunst-1500x1000.jpg 1500w, https:\/\/www.galerie-metzger.de\/wp-content\/uploads\/2024\/08\/Claude-Champy-Schalenform-75x15x15cm-galerie-metzger-gallery-ceramic-art-sculpture-keramikkunst-705x470.jpg 705w\" data-sizes=\"(max-width: 1030px) 100vw, 1030px\" class='avia_image' ><div class=\"av-image-caption-overlay\"><div class=\"av-caption-image-overlay-bg\"><\/div><div class=\"av-image-caption-overlay-position\"><div class=\"av-image-caption-overlay-center\"><p>Claude Champy \u2013 Tea bowl \u2013 , 7,5x15x15 cm, Foto: Edi Baumann<\/p>\n<\/div><\/div><\/div><img decoding=\"async\" class='wp-image-12731 avia-img-lazy-loading-not-12731 avia_image ' src=\"https:\/\/www.galerie-metzger.de\/wp-content\/uploads\/2024\/08\/Claude-Champy-Schalenform-75x15x15cm-galerie-metzger-gallery-ceramic-art-sculpture-keramikkunst-690x460.jpg\" alt='Claude Champy - Tea bowl 7,5x15x15cm' title='Claude Champy - Tea bowl 7,5x15x15cm'  height=\"460\" width=\"690\" srcset=\"https:\/\/www.galerie-metzger.de\/wp-content\/uploads\/2024\/08\/Claude-Champy-Schalenform-75x15x15cm-galerie-metzger-gallery-ceramic-art-sculpture-keramikkunst-690x460.jpg 690w, https:\/\/www.galerie-metzger.de\/wp-content\/uploads\/2024\/08\/Claude-Champy-Schalenform-75x15x15cm-galerie-metzger-gallery-ceramic-art-sculpture-keramikkunst-1030x687.jpg 1030w, https:\/\/www.galerie-metzger.de\/wp-content\/uploads\/2024\/08\/Claude-Champy-Schalenform-75x15x15cm-galerie-metzger-gallery-ceramic-art-sculpture-keramikkunst-768x512.jpg 768w, https:\/\/www.galerie-metzger.de\/wp-content\/uploads\/2024\/08\/Claude-Champy-Schalenform-75x15x15cm-galerie-metzger-gallery-ceramic-art-sculpture-keramikkunst-1536x1024.jpg 1536w, https:\/\/www.galerie-metzger.de\/wp-content\/uploads\/2024\/08\/Claude-Champy-Schalenform-75x15x15cm-galerie-metzger-gallery-ceramic-art-sculpture-keramikkunst-2048x1365.jpg 2048w, https:\/\/www.galerie-metzger.de\/wp-content\/uploads\/2024\/08\/Claude-Champy-Schalenform-75x15x15cm-galerie-metzger-gallery-ceramic-art-sculpture-keramikkunst-1500x1000.jpg 1500w, https:\/\/www.galerie-metzger.de\/wp-content\/uploads\/2024\/08\/Claude-Champy-Schalenform-75x15x15cm-galerie-metzger-gallery-ceramic-art-sculpture-keramikkunst-705x470.jpg 705w\" sizes=\"(max-width: 690px) 100vw, 690px\" \/><\/a><\/div><\/div><\/div><br \/>\n<section  class='av_textblock_section av-m0fchhsp-e4bec1e593d14d93a179651a029f35a4' ><div class='avia_textblock jo_werk_anfrage' ><p><a class=\"anfrage\" href=\"mailto:info@galerie-metzger.de?subject=Claude%20Champy%20Teeschale%207,5x15x15cm\">request information<\/a><\/p>\n<\/div><\/section><\/p><\/div><\/div><!--close column table wrapper. Autoclose: 1 --><div class='flex_column_table av-14tzi9k-3af8b7c28ab80794c0c3386f15387212 sc-av_one_full av-equal-height-column-flextable'>\n<style type=\"text\/css\" data-created_by=\"avia_inline_auto\" id=\"style-css-av-14tzi9k-3af8b7c28ab80794c0c3386f15387212\">\n.flex_column.av-14tzi9k-3af8b7c28ab80794c0c3386f15387212{\n-webkit-border-radius:0px 0px 0px 0px;\n-moz-border-radius:0px 0px 0px 0px;\nborder-radius:0px 0px 0px 0px;\n}\n<\/style>\n<div class='flex_column av-14tzi9k-3af8b7c28ab80794c0c3386f15387212 av_one_full  avia-builder-el-158  el_after_av_one_half  el_before_av_one_full  jo_col_empty first flex_column_table_cell av-equal-height-column av-align-top av-animated-generic fade-in av-zero-column-padding column-top-margin'     ><section  class='av_textblock_section av-roubtk-7c708597bcba440940189adc5cc71f72' ><div class='avia_textblock' ><p>invisible placeholder<\/p>\n<\/div><\/section><\/div><\/div><!--close column table wrapper. Autoclose: 1 --><div class='flex_column_table av-4uoafvc-921afd05144bf04f0a6ea25f7a59fa14 sc-av_one_full av-equal-height-column-flextable'>\n<style type=\"text\/css\" data-created_by=\"avia_inline_auto\" id=\"style-css-av-4uoafvc-921afd05144bf04f0a6ea25f7a59fa14\">\n.flex_column.av-4uoafvc-921afd05144bf04f0a6ea25f7a59fa14{\n-webkit-border-radius:0px 0px 0px 0px;\n-moz-border-radius:0px 0px 0px 0px;\nborder-radius:0px 0px 0px 0px;\n}\n<\/style>\n<div class='flex_column av-4uoafvc-921afd05144bf04f0a6ea25f7a59fa14 av_one_full  avia-builder-el-160  el_after_av_one_full  el_before_av_one_half  jo_pf_bild_bg first flex_column_table_cell av-equal-height-column av-align-top av-animated-generic fade-in av-zero-column-padding column-top-margin'     ><p>\n<style type=\"text\/css\" data-created_by=\"avia_inline_auto\" id=\"style-css-av-m0e1ukz4-730f60c38af0556144d653212c35e1c3\">\n.avia-image-container.av-m0e1ukz4-730f60c38af0556144d653212c35e1c3 img.avia_image{\nbox-shadow:none;\n}\n.avia-image-container.av-m0e1ukz4-730f60c38af0556144d653212c35e1c3 .av-caption-image-overlay-bg{\nopacity:0.4;\n}\n<\/style>\n<div  class='avia-image-container av-m0e1ukz4-730f60c38af0556144d653212c35e1c3 av-styling-no-styling avia_animated_image av-animated-when-visible-95 fade-in avia-align-left  avia-builder-el-161  el_before_av_textblock  avia-builder-el-first  jo_pf_bild noHover av-overlay-hover-deactivate'  ><div class=\"avia-image-container-inner\"><div class=\"avia-image-overlay-wrap\"><a href=\"https:\/\/www.galerie-metzger.de\/wp-content\/uploads\/2024\/08\/Nani-Champy-Schott-Teeschale-galerie-metzger-gallery-ceramic-art-object-teekeramik-1030x422.jpg\" data-srcset=\"https:\/\/www.galerie-metzger.de\/wp-content\/uploads\/2024\/08\/Nani-Champy-Schott-Teeschale-galerie-metzger-gallery-ceramic-art-object-teekeramik-1030x422.jpg 1030w, https:\/\/www.galerie-metzger.de\/wp-content\/uploads\/2024\/08\/Nani-Champy-Schott-Teeschale-galerie-metzger-gallery-ceramic-art-object-teekeramik-690x283.jpg 690w, https:\/\/www.galerie-metzger.de\/wp-content\/uploads\/2024\/08\/Nani-Champy-Schott-Teeschale-galerie-metzger-gallery-ceramic-art-object-teekeramik-768x315.jpg 768w, https:\/\/www.galerie-metzger.de\/wp-content\/uploads\/2024\/08\/Nani-Champy-Schott-Teeschale-galerie-metzger-gallery-ceramic-art-object-teekeramik-1536x630.jpg 1536w, https:\/\/www.galerie-metzger.de\/wp-content\/uploads\/2024\/08\/Nani-Champy-Schott-Teeschale-galerie-metzger-gallery-ceramic-art-object-teekeramik-2048x840.jpg 2048w, https:\/\/www.galerie-metzger.de\/wp-content\/uploads\/2024\/08\/Nani-Champy-Schott-Teeschale-galerie-metzger-gallery-ceramic-art-object-teekeramik-1500x615.jpg 1500w, https:\/\/www.galerie-metzger.de\/wp-content\/uploads\/2024\/08\/Nani-Champy-Schott-Teeschale-galerie-metzger-gallery-ceramic-art-object-teekeramik-705x289.jpg 705w\" data-sizes=\"(max-width: 1030px) 100vw, 1030px\" class='avia_image' ><div class=\"av-image-caption-overlay\"><div class=\"av-caption-image-overlay-bg\"><\/div><div class=\"av-image-caption-overlay-position\"><div class=\"av-image-caption-overlay-center\"><p>Nani Champy-Schott \u2013 Tea bowl, Detail \u2013 , 9x\u00d811 cm, Foto: Edi Baumann<\/p>\n<\/div><\/div><\/div><img decoding=\"async\" class='wp-image-12709 avia-img-lazy-loading-not-12709 avia_image ' src=\"https:\/\/www.galerie-metzger.de\/wp-content\/uploads\/2024\/08\/Nani-Champy-Schott-Teeschale-galerie-metzger-gallery-ceramic-art-object-teekeramik-scaled.jpg\" alt='Nani Champy-Schott - Tea bowl detail' title='Nani Champy-Schott - Tea bowl detail'  height=\"1050\" width=\"2560\" srcset=\"https:\/\/www.galerie-metzger.de\/wp-content\/uploads\/2024\/08\/Nani-Champy-Schott-Teeschale-galerie-metzger-gallery-ceramic-art-object-teekeramik-scaled.jpg 2560w, https:\/\/www.galerie-metzger.de\/wp-content\/uploads\/2024\/08\/Nani-Champy-Schott-Teeschale-galerie-metzger-gallery-ceramic-art-object-teekeramik-690x283.jpg 690w, https:\/\/www.galerie-metzger.de\/wp-content\/uploads\/2024\/08\/Nani-Champy-Schott-Teeschale-galerie-metzger-gallery-ceramic-art-object-teekeramik-1030x422.jpg 1030w, https:\/\/www.galerie-metzger.de\/wp-content\/uploads\/2024\/08\/Nani-Champy-Schott-Teeschale-galerie-metzger-gallery-ceramic-art-object-teekeramik-768x315.jpg 768w, https:\/\/www.galerie-metzger.de\/wp-content\/uploads\/2024\/08\/Nani-Champy-Schott-Teeschale-galerie-metzger-gallery-ceramic-art-object-teekeramik-1536x630.jpg 1536w, https:\/\/www.galerie-metzger.de\/wp-content\/uploads\/2024\/08\/Nani-Champy-Schott-Teeschale-galerie-metzger-gallery-ceramic-art-object-teekeramik-2048x840.jpg 2048w, https:\/\/www.galerie-metzger.de\/wp-content\/uploads\/2024\/08\/Nani-Champy-Schott-Teeschale-galerie-metzger-gallery-ceramic-art-object-teekeramik-1500x615.jpg 1500w, https:\/\/www.galerie-metzger.de\/wp-content\/uploads\/2024\/08\/Nani-Champy-Schott-Teeschale-galerie-metzger-gallery-ceramic-art-object-teekeramik-705x289.jpg 705w\" sizes=\"(max-width: 2560px) 100vw, 2560px\" \/><\/a><\/div><\/div><\/div><br \/>\n<section  class='av_textblock_section av-m0e1v7ic-d6cf5462996a6bac04b9d98437ec4a62' ><div class='avia_textblock jo_werk_anfrage' ><p><a class=\"anfrage\" href=\"mailto:info@galerie-metzger.de?subject=Nani%20Champy-Schott%20Teeschale%209x11cm\">request information<\/a><\/p>\n<\/div><\/section><\/p><\/div><\/div><!--close column table wrapper. Autoclose: 1 --><div class='flex_column_table av-4iuu2zc-926bbe86523c932a3ffcfae78be1661f sc-av_one_half av-equal-height-column-flextable'>\n<style type=\"text\/css\" data-created_by=\"avia_inline_auto\" id=\"style-css-av-4iuu2zc-926bbe86523c932a3ffcfae78be1661f\">\n.flex_column.av-4iuu2zc-926bbe86523c932a3ffcfae78be1661f{\n-webkit-border-radius:0px 0px 0px 0px;\n-moz-border-radius:0px 0px 0px 0px;\nborder-radius:0px 0px 0px 0px;\n}\n<\/style>\n<div class='flex_column av-4iuu2zc-926bbe86523c932a3ffcfae78be1661f av_one_half  avia-builder-el-163  el_after_av_one_full  el_before_av_one_half  jo_pf_bild_bg first flex_column_table_cell av-equal-height-column av-align-top av-animated-generic fade-in av-zero-column-padding column-top-margin'     ><p>\n<style type=\"text\/css\" data-created_by=\"avia_inline_auto\" id=\"style-css-av-m0e1wqt7-5ac0328484d74b0d86c3d44ca9acb409\">\n.avia-image-container.av-m0e1wqt7-5ac0328484d74b0d86c3d44ca9acb409 img.avia_image{\nbox-shadow:none;\n}\n.avia-image-container.av-m0e1wqt7-5ac0328484d74b0d86c3d44ca9acb409 .av-caption-image-overlay-bg{\nopacity:0.4;\n}\n<\/style>\n<div  class='avia-image-container av-m0e1wqt7-5ac0328484d74b0d86c3d44ca9acb409 av-styling-no-styling avia_animated_image av-animated-when-visible-95 fade-in avia-align-left  avia-builder-el-164  el_before_av_textblock  avia-builder-el-first  jo_pf_bild noHover av-overlay-hover-deactivate'  ><div class=\"avia-image-container-inner\"><div class=\"avia-image-overlay-wrap\"><a href=\"https:\/\/www.galerie-metzger.de\/wp-content\/uploads\/2024\/08\/Nani-Champy-Schott-Teeschale-galerie-metzger-gallery-ceramic-art-object-gefaesskeramik-1030x1030.jpg\" data-srcset=\"https:\/\/www.galerie-metzger.de\/wp-content\/uploads\/2024\/08\/Nani-Champy-Schott-Teeschale-galerie-metzger-gallery-ceramic-art-object-gefaesskeramik-1030x1030.jpg 1030w, https:\/\/www.galerie-metzger.de\/wp-content\/uploads\/2024\/08\/Nani-Champy-Schott-Teeschale-galerie-metzger-gallery-ceramic-art-object-gefaesskeramik-690x690.jpg 690w, https:\/\/www.galerie-metzger.de\/wp-content\/uploads\/2024\/08\/Nani-Champy-Schott-Teeschale-galerie-metzger-gallery-ceramic-art-object-gefaesskeramik-80x80.jpg 80w, https:\/\/www.galerie-metzger.de\/wp-content\/uploads\/2024\/08\/Nani-Champy-Schott-Teeschale-galerie-metzger-gallery-ceramic-art-object-gefaesskeramik-768x768.jpg 768w, https:\/\/www.galerie-metzger.de\/wp-content\/uploads\/2024\/08\/Nani-Champy-Schott-Teeschale-galerie-metzger-gallery-ceramic-art-object-gefaesskeramik-1536x1536.jpg 1536w, https:\/\/www.galerie-metzger.de\/wp-content\/uploads\/2024\/08\/Nani-Champy-Schott-Teeschale-galerie-metzger-gallery-ceramic-art-object-gefaesskeramik-2048x2048.jpg 2048w, https:\/\/www.galerie-metzger.de\/wp-content\/uploads\/2024\/08\/Nani-Champy-Schott-Teeschale-galerie-metzger-gallery-ceramic-art-object-gefaesskeramik-36x36.jpg 36w, https:\/\/www.galerie-metzger.de\/wp-content\/uploads\/2024\/08\/Nani-Champy-Schott-Teeschale-galerie-metzger-gallery-ceramic-art-object-gefaesskeramik-180x180.jpg 180w, https:\/\/www.galerie-metzger.de\/wp-content\/uploads\/2024\/08\/Nani-Champy-Schott-Teeschale-galerie-metzger-gallery-ceramic-art-object-gefaesskeramik-1500x1500.jpg 1500w, https:\/\/www.galerie-metzger.de\/wp-content\/uploads\/2024\/08\/Nani-Champy-Schott-Teeschale-galerie-metzger-gallery-ceramic-art-object-gefaesskeramik-705x705.jpg 705w\" data-sizes=\"(max-width: 1030px) 100vw, 1030px\" class='avia_image' ><div class=\"av-image-caption-overlay\"><div class=\"av-caption-image-overlay-bg\"><\/div><div class=\"av-image-caption-overlay-position\"><div class=\"av-image-caption-overlay-center\"><p>Nani Champy-Schott \u2013 Tea bowl \u2013 , 9x\u00d811 cm, Foto: Edi Baumann<\/p>\n<\/div><\/div><\/div><img decoding=\"async\" class='wp-image-12707 avia-img-lazy-loading-not-12707 avia_image ' src=\"https:\/\/www.galerie-metzger.de\/wp-content\/uploads\/2024\/08\/Nani-Champy-Schott-Teeschale-galerie-metzger-gallery-ceramic-art-object-gefaesskeramik-690x690.jpg\" alt='Nani Champy-Schott - Tea bowl' title='Nani Champy-Schott - Tea bowl'  height=\"690\" width=\"690\" srcset=\"https:\/\/www.galerie-metzger.de\/wp-content\/uploads\/2024\/08\/Nani-Champy-Schott-Teeschale-galerie-metzger-gallery-ceramic-art-object-gefaesskeramik-690x690.jpg 690w, https:\/\/www.galerie-metzger.de\/wp-content\/uploads\/2024\/08\/Nani-Champy-Schott-Teeschale-galerie-metzger-gallery-ceramic-art-object-gefaesskeramik-1030x1030.jpg 1030w, https:\/\/www.galerie-metzger.de\/wp-content\/uploads\/2024\/08\/Nani-Champy-Schott-Teeschale-galerie-metzger-gallery-ceramic-art-object-gefaesskeramik-80x80.jpg 80w, https:\/\/www.galerie-metzger.de\/wp-content\/uploads\/2024\/08\/Nani-Champy-Schott-Teeschale-galerie-metzger-gallery-ceramic-art-object-gefaesskeramik-768x768.jpg 768w, https:\/\/www.galerie-metzger.de\/wp-content\/uploads\/2024\/08\/Nani-Champy-Schott-Teeschale-galerie-metzger-gallery-ceramic-art-object-gefaesskeramik-1536x1536.jpg 1536w, https:\/\/www.galerie-metzger.de\/wp-content\/uploads\/2024\/08\/Nani-Champy-Schott-Teeschale-galerie-metzger-gallery-ceramic-art-object-gefaesskeramik-2048x2048.jpg 2048w, https:\/\/www.galerie-metzger.de\/wp-content\/uploads\/2024\/08\/Nani-Champy-Schott-Teeschale-galerie-metzger-gallery-ceramic-art-object-gefaesskeramik-36x36.jpg 36w, https:\/\/www.galerie-metzger.de\/wp-content\/uploads\/2024\/08\/Nani-Champy-Schott-Teeschale-galerie-metzger-gallery-ceramic-art-object-gefaesskeramik-180x180.jpg 180w, https:\/\/www.galerie-metzger.de\/wp-content\/uploads\/2024\/08\/Nani-Champy-Schott-Teeschale-galerie-metzger-gallery-ceramic-art-object-gefaesskeramik-1500x1500.jpg 1500w, https:\/\/www.galerie-metzger.de\/wp-content\/uploads\/2024\/08\/Nani-Champy-Schott-Teeschale-galerie-metzger-gallery-ceramic-art-object-gefaesskeramik-705x705.jpg 705w\" sizes=\"(max-width: 690px) 100vw, 690px\" \/><\/a><\/div><\/div><\/div><br \/>\n<section  class='av_textblock_section av-enzgxk-f39ac40801a86a5def4735a1a2596367' ><div class='avia_textblock jo_werk_anfrage' ><p><a class=\"anfrage\" href=\"mailto:info@galerie-metzger.de?subject=Nani%20Champy-Schott%20Teeschale%209x11cm\">request information<\/a><\/p>\n<\/div><\/section><\/p><\/div><div class='av-flex-placeholder'><\/div>\n<style type=\"text\/css\" data-created_by=\"avia_inline_auto\" id=\"style-css-av-3f0mzug-764b4c8b74967a6be5952a3fede17e2b\">\n.flex_column.av-3f0mzug-764b4c8b74967a6be5952a3fede17e2b{\n-webkit-border-radius:0px 0px 0px 0px;\n-moz-border-radius:0px 0px 0px 0px;\nborder-radius:0px 0px 0px 0px;\n}\n<\/style>\n<div class='flex_column av-3f0mzug-764b4c8b74967a6be5952a3fede17e2b av_one_half  avia-builder-el-166  el_after_av_one_half  el_before_av_one_half  jo_pf_bild_bg flex_column_table_cell av-equal-height-column av-align-top av-animated-generic fade-in av-zero-column-padding column-top-margin'     ><p>\n<style type=\"text\/css\" data-created_by=\"avia_inline_auto\" id=\"style-css-av-m0e1zkqc-fecb6ff55cadfed044c0260b17278f23\">\n.avia-image-container.av-m0e1zkqc-fecb6ff55cadfed044c0260b17278f23 img.avia_image{\nbox-shadow:none;\n}\n.avia-image-container.av-m0e1zkqc-fecb6ff55cadfed044c0260b17278f23 .av-caption-image-overlay-bg{\nopacity:0.4;\n}\n<\/style>\n<div  class='avia-image-container av-m0e1zkqc-fecb6ff55cadfed044c0260b17278f23 av-styling-no-styling avia_animated_image av-animated-when-visible-95 fade-in avia-align-left  avia-builder-el-167  el_before_av_textblock  avia-builder-el-first  jo_pf_bild noHover av-overlay-hover-deactivate'  ><div class=\"avia-image-container-inner\"><div class=\"avia-image-overlay-wrap\"><a href=\"https:\/\/www.galerie-metzger.de\/wp-content\/uploads\/2024\/08\/Nani-Champy-Schott-Teeschale-galerie-metzger-gallery-ceramic-art-object-buy-keramik-kunst-1030x1030.jpg\" data-srcset=\"https:\/\/www.galerie-metzger.de\/wp-content\/uploads\/2024\/08\/Nani-Champy-Schott-Teeschale-galerie-metzger-gallery-ceramic-art-object-buy-keramik-kunst-1030x1030.jpg 1030w, https:\/\/www.galerie-metzger.de\/wp-content\/uploads\/2024\/08\/Nani-Champy-Schott-Teeschale-galerie-metzger-gallery-ceramic-art-object-buy-keramik-kunst-690x690.jpg 690w, https:\/\/www.galerie-metzger.de\/wp-content\/uploads\/2024\/08\/Nani-Champy-Schott-Teeschale-galerie-metzger-gallery-ceramic-art-object-buy-keramik-kunst-80x80.jpg 80w, https:\/\/www.galerie-metzger.de\/wp-content\/uploads\/2024\/08\/Nani-Champy-Schott-Teeschale-galerie-metzger-gallery-ceramic-art-object-buy-keramik-kunst-768x768.jpg 768w, https:\/\/www.galerie-metzger.de\/wp-content\/uploads\/2024\/08\/Nani-Champy-Schott-Teeschale-galerie-metzger-gallery-ceramic-art-object-buy-keramik-kunst-1536x1536.jpg 1536w, https:\/\/www.galerie-metzger.de\/wp-content\/uploads\/2024\/08\/Nani-Champy-Schott-Teeschale-galerie-metzger-gallery-ceramic-art-object-buy-keramik-kunst-2048x2048.jpg 2048w, https:\/\/www.galerie-metzger.de\/wp-content\/uploads\/2024\/08\/Nani-Champy-Schott-Teeschale-galerie-metzger-gallery-ceramic-art-object-buy-keramik-kunst-36x36.jpg 36w, https:\/\/www.galerie-metzger.de\/wp-content\/uploads\/2024\/08\/Nani-Champy-Schott-Teeschale-galerie-metzger-gallery-ceramic-art-object-buy-keramik-kunst-180x180.jpg 180w, https:\/\/www.galerie-metzger.de\/wp-content\/uploads\/2024\/08\/Nani-Champy-Schott-Teeschale-galerie-metzger-gallery-ceramic-art-object-buy-keramik-kunst-1500x1500.jpg 1500w, https:\/\/www.galerie-metzger.de\/wp-content\/uploads\/2024\/08\/Nani-Champy-Schott-Teeschale-galerie-metzger-gallery-ceramic-art-object-buy-keramik-kunst-705x705.jpg 705w\" data-sizes=\"(max-width: 1030px) 100vw, 1030px\" class='avia_image' ><div class=\"av-image-caption-overlay\"><div class=\"av-caption-image-overlay-bg\"><\/div><div class=\"av-image-caption-overlay-position\"><div class=\"av-image-caption-overlay-center\"><p>Nani Champy-Schott \u2013 Tea bowl \u2013 , 9,5x\u00d812,5 cm, Foto: Edi Baumann<\/p>\n<\/div><\/div><\/div><img decoding=\"async\" class='wp-image-12711 avia-img-lazy-loading-not-12711 avia_image ' src=\"https:\/\/www.galerie-metzger.de\/wp-content\/uploads\/2024\/08\/Nani-Champy-Schott-Teeschale-galerie-metzger-gallery-ceramic-art-object-buy-keramik-kunst-690x690.jpg\" alt='Nani Champy-Schott - Tea bowl' title='Nani Champy-Schott - Tea bowl'  height=\"690\" width=\"690\" srcset=\"https:\/\/www.galerie-metzger.de\/wp-content\/uploads\/2024\/08\/Nani-Champy-Schott-Teeschale-galerie-metzger-gallery-ceramic-art-object-buy-keramik-kunst-690x690.jpg 690w, https:\/\/www.galerie-metzger.de\/wp-content\/uploads\/2024\/08\/Nani-Champy-Schott-Teeschale-galerie-metzger-gallery-ceramic-art-object-buy-keramik-kunst-1030x1030.jpg 1030w, https:\/\/www.galerie-metzger.de\/wp-content\/uploads\/2024\/08\/Nani-Champy-Schott-Teeschale-galerie-metzger-gallery-ceramic-art-object-buy-keramik-kunst-80x80.jpg 80w, https:\/\/www.galerie-metzger.de\/wp-content\/uploads\/2024\/08\/Nani-Champy-Schott-Teeschale-galerie-metzger-gallery-ceramic-art-object-buy-keramik-kunst-768x768.jpg 768w, https:\/\/www.galerie-metzger.de\/wp-content\/uploads\/2024\/08\/Nani-Champy-Schott-Teeschale-galerie-metzger-gallery-ceramic-art-object-buy-keramik-kunst-1536x1536.jpg 1536w, https:\/\/www.galerie-metzger.de\/wp-content\/uploads\/2024\/08\/Nani-Champy-Schott-Teeschale-galerie-metzger-gallery-ceramic-art-object-buy-keramik-kunst-2048x2048.jpg 2048w, https:\/\/www.galerie-metzger.de\/wp-content\/uploads\/2024\/08\/Nani-Champy-Schott-Teeschale-galerie-metzger-gallery-ceramic-art-object-buy-keramik-kunst-36x36.jpg 36w, https:\/\/www.galerie-metzger.de\/wp-content\/uploads\/2024\/08\/Nani-Champy-Schott-Teeschale-galerie-metzger-gallery-ceramic-art-object-buy-keramik-kunst-180x180.jpg 180w, https:\/\/www.galerie-metzger.de\/wp-content\/uploads\/2024\/08\/Nani-Champy-Schott-Teeschale-galerie-metzger-gallery-ceramic-art-object-buy-keramik-kunst-1500x1500.jpg 1500w, https:\/\/www.galerie-metzger.de\/wp-content\/uploads\/2024\/08\/Nani-Champy-Schott-Teeschale-galerie-metzger-gallery-ceramic-art-object-buy-keramik-kunst-705x705.jpg 705w\" sizes=\"(max-width: 690px) 100vw, 690px\" \/><\/a><\/div><\/div><\/div><br \/>\n<section  class='av_textblock_section av-m0e1zy49-e0360826b749690cf2f58f2b85130188' ><div class='avia_textblock jo_werk_anfrage' ><p><a class=\"anfrage\" href=\"mailto:info@galerie-metzger.de?subject=Nani%20Champy-Schott%20Teeschale%209,5x12,5cm\">request information<\/a><\/p>\n<\/div><\/section><\/p><\/div><\/div><!--close column table wrapper. Autoclose: 1 --><div class='flex_column_table av-202vwmw-c76a288c8d1ff8994576d6de177771a5 sc-av_one_half av-equal-height-column-flextable'>\n<style type=\"text\/css\" data-created_by=\"avia_inline_auto\" id=\"style-css-av-202vwmw-c76a288c8d1ff8994576d6de177771a5\">\n.flex_column.av-202vwmw-c76a288c8d1ff8994576d6de177771a5{\n-webkit-border-radius:0px 0px 0px 0px;\n-moz-border-radius:0px 0px 0px 0px;\nborder-radius:0px 0px 0px 0px;\n}\n<\/style>\n<div class='flex_column av-202vwmw-c76a288c8d1ff8994576d6de177771a5 av_one_half  avia-builder-el-169  el_after_av_one_half  el_before_av_one_half  jo_pf_bild_bg first flex_column_table_cell av-equal-height-column av-align-top av-animated-generic fade-in av-zero-column-padding column-top-margin'     ><p>\n<style type=\"text\/css\" data-created_by=\"avia_inline_auto\" id=\"style-css-av-m0e20qao-7c048c17463f8b1bfda027a023858531\">\n.avia-image-container.av-m0e20qao-7c048c17463f8b1bfda027a023858531 img.avia_image{\nbox-shadow:none;\n}\n.avia-image-container.av-m0e20qao-7c048c17463f8b1bfda027a023858531 .av-caption-image-overlay-bg{\nopacity:0.4;\n}\n<\/style>\n<div  class='avia-image-container av-m0e20qao-7c048c17463f8b1bfda027a023858531 av-styling-no-styling avia_animated_image av-animated-when-visible-95 fade-in avia-align-left  avia-builder-el-170  el_before_av_textblock  avia-builder-el-first  jo_pf_bild noHover av-overlay-hover-deactivate'  ><div class=\"avia-image-container-inner\"><div class=\"avia-image-overlay-wrap\"><a href=\"https:\/\/www.galerie-metzger.de\/wp-content\/uploads\/2024\/08\/Nani-Champy-Schott-Teeschale-galerie-metzger-gallery-ceramic-art-object-1030x1030.jpg\" data-srcset=\"https:\/\/www.galerie-metzger.de\/wp-content\/uploads\/2024\/08\/Nani-Champy-Schott-Teeschale-galerie-metzger-gallery-ceramic-art-object-1030x1030.jpg 1030w, https:\/\/www.galerie-metzger.de\/wp-content\/uploads\/2024\/08\/Nani-Champy-Schott-Teeschale-galerie-metzger-gallery-ceramic-art-object-690x690.jpg 690w, https:\/\/www.galerie-metzger.de\/wp-content\/uploads\/2024\/08\/Nani-Champy-Schott-Teeschale-galerie-metzger-gallery-ceramic-art-object-80x80.jpg 80w, https:\/\/www.galerie-metzger.de\/wp-content\/uploads\/2024\/08\/Nani-Champy-Schott-Teeschale-galerie-metzger-gallery-ceramic-art-object-768x768.jpg 768w, https:\/\/www.galerie-metzger.de\/wp-content\/uploads\/2024\/08\/Nani-Champy-Schott-Teeschale-galerie-metzger-gallery-ceramic-art-object-1536x1536.jpg 1536w, https:\/\/www.galerie-metzger.de\/wp-content\/uploads\/2024\/08\/Nani-Champy-Schott-Teeschale-galerie-metzger-gallery-ceramic-art-object-2048x2048.jpg 2048w, https:\/\/www.galerie-metzger.de\/wp-content\/uploads\/2024\/08\/Nani-Champy-Schott-Teeschale-galerie-metzger-gallery-ceramic-art-object-36x36.jpg 36w, https:\/\/www.galerie-metzger.de\/wp-content\/uploads\/2024\/08\/Nani-Champy-Schott-Teeschale-galerie-metzger-gallery-ceramic-art-object-180x180.jpg 180w, https:\/\/www.galerie-metzger.de\/wp-content\/uploads\/2024\/08\/Nani-Champy-Schott-Teeschale-galerie-metzger-gallery-ceramic-art-object-1500x1500.jpg 1500w, https:\/\/www.galerie-metzger.de\/wp-content\/uploads\/2024\/08\/Nani-Champy-Schott-Teeschale-galerie-metzger-gallery-ceramic-art-object-705x705.jpg 705w\" data-sizes=\"(max-width: 1030px) 100vw, 1030px\" class='avia_image' ><div class=\"av-image-caption-overlay\"><div class=\"av-caption-image-overlay-bg\"><\/div><div class=\"av-image-caption-overlay-position\"><div class=\"av-image-caption-overlay-center\"><p>Nani Champy-Schott \u2013 Tea bowl \u2013 , 8x\u00d812 cm, Foto: Edi Baumann<\/p>\n<\/div><\/div><\/div><img decoding=\"async\" class='wp-image-12713 avia-img-lazy-loading-not-12713 avia_image ' src=\"https:\/\/www.galerie-metzger.de\/wp-content\/uploads\/2024\/08\/Nani-Champy-Schott-Teeschale-galerie-metzger-gallery-ceramic-art-object-690x690.jpg\" alt='Nani Champy-Schott - Tea bowl' title='Nani Champy-Schott Tea bowl'  height=\"690\" width=\"690\" srcset=\"https:\/\/www.galerie-metzger.de\/wp-content\/uploads\/2024\/08\/Nani-Champy-Schott-Teeschale-galerie-metzger-gallery-ceramic-art-object-690x690.jpg 690w, https:\/\/www.galerie-metzger.de\/wp-content\/uploads\/2024\/08\/Nani-Champy-Schott-Teeschale-galerie-metzger-gallery-ceramic-art-object-1030x1030.jpg 1030w, https:\/\/www.galerie-metzger.de\/wp-content\/uploads\/2024\/08\/Nani-Champy-Schott-Teeschale-galerie-metzger-gallery-ceramic-art-object-80x80.jpg 80w, https:\/\/www.galerie-metzger.de\/wp-content\/uploads\/2024\/08\/Nani-Champy-Schott-Teeschale-galerie-metzger-gallery-ceramic-art-object-768x768.jpg 768w, https:\/\/www.galerie-metzger.de\/wp-content\/uploads\/2024\/08\/Nani-Champy-Schott-Teeschale-galerie-metzger-gallery-ceramic-art-object-1536x1536.jpg 1536w, https:\/\/www.galerie-metzger.de\/wp-content\/uploads\/2024\/08\/Nani-Champy-Schott-Teeschale-galerie-metzger-gallery-ceramic-art-object-2048x2048.jpg 2048w, https:\/\/www.galerie-metzger.de\/wp-content\/uploads\/2024\/08\/Nani-Champy-Schott-Teeschale-galerie-metzger-gallery-ceramic-art-object-36x36.jpg 36w, https:\/\/www.galerie-metzger.de\/wp-content\/uploads\/2024\/08\/Nani-Champy-Schott-Teeschale-galerie-metzger-gallery-ceramic-art-object-180x180.jpg 180w, https:\/\/www.galerie-metzger.de\/wp-content\/uploads\/2024\/08\/Nani-Champy-Schott-Teeschale-galerie-metzger-gallery-ceramic-art-object-1500x1500.jpg 1500w, https:\/\/www.galerie-metzger.de\/wp-content\/uploads\/2024\/08\/Nani-Champy-Schott-Teeschale-galerie-metzger-gallery-ceramic-art-object-705x705.jpg 705w\" sizes=\"(max-width: 690px) 100vw, 690px\" \/><\/a><\/div><\/div><\/div><br \/>\n<section  class='av_textblock_section av-m0e254v9-73449151451888f5bfc185c47718162e' ><div class='avia_textblock jo_werk_anfrage' ><p><a class=\"anfrage\" href=\"mailto:info@galerie-metzger.de?subject=Nani%20Champy-Schott%20Teeschale%208x12cm\">request information<\/a><\/p>\n<\/div><\/section><\/p><\/div><div class='av-flex-placeholder'><\/div>\n<style type=\"text\/css\" data-created_by=\"avia_inline_auto\" id=\"style-css-av-1mwqago-2e6338af226342061c72305bcd4bc62e\">\n.flex_column.av-1mwqago-2e6338af226342061c72305bcd4bc62e{\n-webkit-border-radius:0px 0px 0px 0px;\n-moz-border-radius:0px 0px 0px 0px;\nborder-radius:0px 0px 0px 0px;\n}\n<\/style>\n<div class='flex_column av-1mwqago-2e6338af226342061c72305bcd4bc62e av_one_half  avia-builder-el-172  el_after_av_one_half  el_before_av_one_full  jo_pf_bild_bg flex_column_table_cell av-equal-height-column av-align-top av-animated-generic fade-in av-zero-column-padding column-top-margin'     ><p>\n<style type=\"text\/css\" data-created_by=\"avia_inline_auto\" id=\"style-css-av-m0e21rub-b6f32cb13c4013eb18c8d8ea0e5099c6\">\n.avia-image-container.av-m0e21rub-b6f32cb13c4013eb18c8d8ea0e5099c6 img.avia_image{\nbox-shadow:none;\n}\n.avia-image-container.av-m0e21rub-b6f32cb13c4013eb18c8d8ea0e5099c6 .av-caption-image-overlay-bg{\nopacity:0.4;\n}\n<\/style>\n<div  class='avia-image-container av-m0e21rub-b6f32cb13c4013eb18c8d8ea0e5099c6 av-styling-no-styling avia_animated_image av-animated-when-visible-95 fade-in avia-align-left  avia-builder-el-173  el_before_av_textblock  avia-builder-el-first  jo_pf_bild noHover av-overlay-hover-deactivate'  ><div class=\"avia-image-container-inner\"><div class=\"avia-image-overlay-wrap\"><a href=\"https:\/\/www.galerie-metzger.de\/wp-content\/uploads\/2024\/08\/Nani-Champy-Schott-Teeschale-galerie-metzger-gallery-ceramic-art-object-keramik-kunst-1030x1030.jpg\" data-srcset=\"https:\/\/www.galerie-metzger.de\/wp-content\/uploads\/2024\/08\/Nani-Champy-Schott-Teeschale-galerie-metzger-gallery-ceramic-art-object-keramik-kunst-1030x1030.jpg 1030w, https:\/\/www.galerie-metzger.de\/wp-content\/uploads\/2024\/08\/Nani-Champy-Schott-Teeschale-galerie-metzger-gallery-ceramic-art-object-keramik-kunst-690x690.jpg 690w, https:\/\/www.galerie-metzger.de\/wp-content\/uploads\/2024\/08\/Nani-Champy-Schott-Teeschale-galerie-metzger-gallery-ceramic-art-object-keramik-kunst-80x80.jpg 80w, https:\/\/www.galerie-metzger.de\/wp-content\/uploads\/2024\/08\/Nani-Champy-Schott-Teeschale-galerie-metzger-gallery-ceramic-art-object-keramik-kunst-768x768.jpg 768w, https:\/\/www.galerie-metzger.de\/wp-content\/uploads\/2024\/08\/Nani-Champy-Schott-Teeschale-galerie-metzger-gallery-ceramic-art-object-keramik-kunst-1536x1536.jpg 1536w, https:\/\/www.galerie-metzger.de\/wp-content\/uploads\/2024\/08\/Nani-Champy-Schott-Teeschale-galerie-metzger-gallery-ceramic-art-object-keramik-kunst-2048x2048.jpg 2048w, https:\/\/www.galerie-metzger.de\/wp-content\/uploads\/2024\/08\/Nani-Champy-Schott-Teeschale-galerie-metzger-gallery-ceramic-art-object-keramik-kunst-36x36.jpg 36w, https:\/\/www.galerie-metzger.de\/wp-content\/uploads\/2024\/08\/Nani-Champy-Schott-Teeschale-galerie-metzger-gallery-ceramic-art-object-keramik-kunst-180x180.jpg 180w, https:\/\/www.galerie-metzger.de\/wp-content\/uploads\/2024\/08\/Nani-Champy-Schott-Teeschale-galerie-metzger-gallery-ceramic-art-object-keramik-kunst-1500x1500.jpg 1500w, https:\/\/www.galerie-metzger.de\/wp-content\/uploads\/2024\/08\/Nani-Champy-Schott-Teeschale-galerie-metzger-gallery-ceramic-art-object-keramik-kunst-705x705.jpg 705w\" data-sizes=\"(max-width: 1030px) 100vw, 1030px\" class='avia_image' ><div class=\"av-image-caption-overlay\"><div class=\"av-caption-image-overlay-bg\"><\/div><div class=\"av-image-caption-overlay-position\"><div class=\"av-image-caption-overlay-center\"><p>Nani Champy-Schott \u2013 Tea bowl \u2013 , 8x\u00d813 cm, Foto: Edi Baumann<\/p>\n<\/div><\/div><\/div><img decoding=\"async\" class='wp-image-12715 avia-img-lazy-loading-not-12715 avia_image ' src=\"https:\/\/www.galerie-metzger.de\/wp-content\/uploads\/2024\/08\/Nani-Champy-Schott-Teeschale-galerie-metzger-gallery-ceramic-art-object-keramik-kunst-690x690.jpg\" alt='Nani Champy-Schott - Tea bowl' title='Nani Champy-Schott Tea bowl'  height=\"690\" width=\"690\" srcset=\"https:\/\/www.galerie-metzger.de\/wp-content\/uploads\/2024\/08\/Nani-Champy-Schott-Teeschale-galerie-metzger-gallery-ceramic-art-object-keramik-kunst-690x690.jpg 690w, https:\/\/www.galerie-metzger.de\/wp-content\/uploads\/2024\/08\/Nani-Champy-Schott-Teeschale-galerie-metzger-gallery-ceramic-art-object-keramik-kunst-1030x1030.jpg 1030w, https:\/\/www.galerie-metzger.de\/wp-content\/uploads\/2024\/08\/Nani-Champy-Schott-Teeschale-galerie-metzger-gallery-ceramic-art-object-keramik-kunst-80x80.jpg 80w, https:\/\/www.galerie-metzger.de\/wp-content\/uploads\/2024\/08\/Nani-Champy-Schott-Teeschale-galerie-metzger-gallery-ceramic-art-object-keramik-kunst-768x768.jpg 768w, https:\/\/www.galerie-metzger.de\/wp-content\/uploads\/2024\/08\/Nani-Champy-Schott-Teeschale-galerie-metzger-gallery-ceramic-art-object-keramik-kunst-1536x1536.jpg 1536w, https:\/\/www.galerie-metzger.de\/wp-content\/uploads\/2024\/08\/Nani-Champy-Schott-Teeschale-galerie-metzger-gallery-ceramic-art-object-keramik-kunst-2048x2048.jpg 2048w, https:\/\/www.galerie-metzger.de\/wp-content\/uploads\/2024\/08\/Nani-Champy-Schott-Teeschale-galerie-metzger-gallery-ceramic-art-object-keramik-kunst-36x36.jpg 36w, https:\/\/www.galerie-metzger.de\/wp-content\/uploads\/2024\/08\/Nani-Champy-Schott-Teeschale-galerie-metzger-gallery-ceramic-art-object-keramik-kunst-180x180.jpg 180w, https:\/\/www.galerie-metzger.de\/wp-content\/uploads\/2024\/08\/Nani-Champy-Schott-Teeschale-galerie-metzger-gallery-ceramic-art-object-keramik-kunst-1500x1500.jpg 1500w, https:\/\/www.galerie-metzger.de\/wp-content\/uploads\/2024\/08\/Nani-Champy-Schott-Teeschale-galerie-metzger-gallery-ceramic-art-object-keramik-kunst-705x705.jpg 705w\" sizes=\"(max-width: 690px) 100vw, 690px\" \/><\/a><\/div><\/div><\/div><br \/>\n<section  class='av_textblock_section av-m0e226iv-4fbd7d4be4b2a49f9a4b39a719700b36' ><div class='avia_textblock jo_werk_anfrage' ><p><a class=\"anfrage\" href=\"mailto:info@galerie-metzger.de?subject=Nani%20Champy-Schott%20Teeschale%208x13cm\">request information<\/a><\/p>\n<\/div><\/section><\/p><\/div><\/div><!--close column table wrapper. Autoclose: 1 --><div class='flex_column_table av-112nogo-0a3968118127ed3847e02fa2ec8a31ae sc-av_one_full av-equal-height-column-flextable'>\n<style type=\"text\/css\" data-created_by=\"avia_inline_auto\" id=\"style-css-av-112nogo-0a3968118127ed3847e02fa2ec8a31ae\">\n.flex_column.av-112nogo-0a3968118127ed3847e02fa2ec8a31ae{\n-webkit-border-radius:0px 0px 0px 0px;\n-moz-border-radius:0px 0px 0px 0px;\nborder-radius:0px 0px 0px 0px;\n}\n<\/style>\n<div class='flex_column av-112nogo-0a3968118127ed3847e02fa2ec8a31ae av_one_full  avia-builder-el-175  el_after_av_one_half  el_before_av_one_third  jo_col_empty first flex_column_table_cell av-equal-height-column av-align-top av-animated-generic fade-in av-zero-column-padding column-top-margin'     ><section  class='av_textblock_section av-ldgvw8-165b6330d44338e2713929c194fc1fe2' ><div class='avia_textblock' ><p>invisible placeholder<\/p>\n<\/div><\/section><\/div><\/div><!--close column table wrapper. Autoclose: 1 --><div class='flex_column_table av-4bl1rte-f45fe3f86fc80d48abc7a4b43691f3c0 sc-av_one_third av-equal-height-column-flextable'>\n<style type=\"text\/css\" data-created_by=\"avia_inline_auto\" id=\"style-css-av-4bl1rte-f45fe3f86fc80d48abc7a4b43691f3c0\">\n.flex_column.av-4bl1rte-f45fe3f86fc80d48abc7a4b43691f3c0{\n-webkit-border-radius:0px 0px 0px 0px;\n-moz-border-radius:0px 0px 0px 0px;\nborder-radius:0px 0px 0px 0px;\n}\n<\/style>\n<div class='flex_column av-4bl1rte-f45fe3f86fc80d48abc7a4b43691f3c0 av_one_third  avia-builder-el-177  el_after_av_one_full  el_before_av_one_third  jo_pf_bild_bg first flex_column_table_cell av-equal-height-column av-align-top av-animated-generic fade-in av-zero-column-padding column-top-margin'     ><p>\n<style type=\"text\/css\" data-created_by=\"avia_inline_auto\" id=\"style-css-av-lyehl7kd-550c856ac56940ccc316ea716ab04e3c\">\n.avia-image-container.av-lyehl7kd-550c856ac56940ccc316ea716ab04e3c img.avia_image{\nbox-shadow:none;\n}\n.avia-image-container.av-lyehl7kd-550c856ac56940ccc316ea716ab04e3c .av-caption-image-overlay-bg{\nopacity:0.4;\n}\n<\/style>\n<div  class='avia-image-container av-lyehl7kd-550c856ac56940ccc316ea716ab04e3c av-styling-no-styling avia_animated_image av-animated-when-visible-95 fade-in avia-align-left  avia-builder-el-178  el_before_av_textblock  avia-builder-el-first  jo_pf_bild noHover av-overlay-hover-deactivate'  ><div class=\"avia-image-container-inner\"><div class=\"avia-image-overlay-wrap\"><a href=\"https:\/\/www.galerie-metzger.de\/wp-content\/uploads\/2024\/07\/Margaret-Curtis-Red-Yunomi-H8-x-15-x-10cm-galerie-metzger-gallery-keramik--1030x1030.jpg\" data-srcset=\"https:\/\/www.galerie-metzger.de\/wp-content\/uploads\/2024\/07\/Margaret-Curtis-Red-Yunomi-H8-x-15-x-10cm-galerie-metzger-gallery-keramik--1030x1030.jpg 1030w, https:\/\/www.galerie-metzger.de\/wp-content\/uploads\/2024\/07\/Margaret-Curtis-Red-Yunomi-H8-x-15-x-10cm-galerie-metzger-gallery-keramik--690x690.jpg 690w, https:\/\/www.galerie-metzger.de\/wp-content\/uploads\/2024\/07\/Margaret-Curtis-Red-Yunomi-H8-x-15-x-10cm-galerie-metzger-gallery-keramik--80x80.jpg 80w, https:\/\/www.galerie-metzger.de\/wp-content\/uploads\/2024\/07\/Margaret-Curtis-Red-Yunomi-H8-x-15-x-10cm-galerie-metzger-gallery-keramik--768x768.jpg 768w, https:\/\/www.galerie-metzger.de\/wp-content\/uploads\/2024\/07\/Margaret-Curtis-Red-Yunomi-H8-x-15-x-10cm-galerie-metzger-gallery-keramik--1536x1536.jpg 1536w, https:\/\/www.galerie-metzger.de\/wp-content\/uploads\/2024\/07\/Margaret-Curtis-Red-Yunomi-H8-x-15-x-10cm-galerie-metzger-gallery-keramik--2048x2048.jpg 2048w, https:\/\/www.galerie-metzger.de\/wp-content\/uploads\/2024\/07\/Margaret-Curtis-Red-Yunomi-H8-x-15-x-10cm-galerie-metzger-gallery-keramik--36x36.jpg 36w, https:\/\/www.galerie-metzger.de\/wp-content\/uploads\/2024\/07\/Margaret-Curtis-Red-Yunomi-H8-x-15-x-10cm-galerie-metzger-gallery-keramik--180x180.jpg 180w, https:\/\/www.galerie-metzger.de\/wp-content\/uploads\/2024\/07\/Margaret-Curtis-Red-Yunomi-H8-x-15-x-10cm-galerie-metzger-gallery-keramik--1500x1500.jpg 1500w, https:\/\/www.galerie-metzger.de\/wp-content\/uploads\/2024\/07\/Margaret-Curtis-Red-Yunomi-H8-x-15-x-10cm-galerie-metzger-gallery-keramik--705x705.jpg 705w\" data-sizes=\"(max-width: 1030px) 100vw, 1030px\" class='avia_image' ><div class=\"av-image-caption-overlay\"><div class=\"av-caption-image-overlay-bg\"><\/div><div class=\"av-image-caption-overlay-position\"><div class=\"av-image-caption-overlay-center\"><p>Margaret Curtis \u2013 Red Yunomi \u2013 2024, 9x9cm, Foto: Eddie Curtis<\/p>\n<\/div><\/div><\/div><img decoding=\"async\" class='wp-image-12460 avia-img-lazy-loading-not-12460 avia_image ' src=\"https:\/\/www.galerie-metzger.de\/wp-content\/uploads\/2024\/07\/Margaret-Curtis-Red-Yunomi-H8-x-15-x-10cm-galerie-metzger-gallery-keramik--690x690.jpg\" alt='Margaret Curtis - Red Yunomi - H8 x 15 x 10 cm' title='Margaret Curtis - Red Yunomi - H8 x 15 x 10 cm'  height=\"690\" width=\"690\" srcset=\"https:\/\/www.galerie-metzger.de\/wp-content\/uploads\/2024\/07\/Margaret-Curtis-Red-Yunomi-H8-x-15-x-10cm-galerie-metzger-gallery-keramik--690x690.jpg 690w, https:\/\/www.galerie-metzger.de\/wp-content\/uploads\/2024\/07\/Margaret-Curtis-Red-Yunomi-H8-x-15-x-10cm-galerie-metzger-gallery-keramik--1030x1030.jpg 1030w, https:\/\/www.galerie-metzger.de\/wp-content\/uploads\/2024\/07\/Margaret-Curtis-Red-Yunomi-H8-x-15-x-10cm-galerie-metzger-gallery-keramik--80x80.jpg 80w, https:\/\/www.galerie-metzger.de\/wp-content\/uploads\/2024\/07\/Margaret-Curtis-Red-Yunomi-H8-x-15-x-10cm-galerie-metzger-gallery-keramik--768x768.jpg 768w, https:\/\/www.galerie-metzger.de\/wp-content\/uploads\/2024\/07\/Margaret-Curtis-Red-Yunomi-H8-x-15-x-10cm-galerie-metzger-gallery-keramik--1536x1536.jpg 1536w, https:\/\/www.galerie-metzger.de\/wp-content\/uploads\/2024\/07\/Margaret-Curtis-Red-Yunomi-H8-x-15-x-10cm-galerie-metzger-gallery-keramik--2048x2048.jpg 2048w, https:\/\/www.galerie-metzger.de\/wp-content\/uploads\/2024\/07\/Margaret-Curtis-Red-Yunomi-H8-x-15-x-10cm-galerie-metzger-gallery-keramik--36x36.jpg 36w, https:\/\/www.galerie-metzger.de\/wp-content\/uploads\/2024\/07\/Margaret-Curtis-Red-Yunomi-H8-x-15-x-10cm-galerie-metzger-gallery-keramik--180x180.jpg 180w, https:\/\/www.galerie-metzger.de\/wp-content\/uploads\/2024\/07\/Margaret-Curtis-Red-Yunomi-H8-x-15-x-10cm-galerie-metzger-gallery-keramik--1500x1500.jpg 1500w, https:\/\/www.galerie-metzger.de\/wp-content\/uploads\/2024\/07\/Margaret-Curtis-Red-Yunomi-H8-x-15-x-10cm-galerie-metzger-gallery-keramik--705x705.jpg 705w\" sizes=\"(max-width: 690px) 100vw, 690px\" \/><\/a><\/div><\/div><\/div><br \/>\n<section  class='av_textblock_section av-lyehm0j5-ea8b428118ece55e2c06f587c417496b' ><div class='avia_textblock jo_werk_anfrage' ><p><a class=\"anfrage\" href=\"mailto:info@galerie-metzger.de?subject=Margaret%20Curtis%20%20Red%20Yunomi%202024\">request information<\/a><\/p>\n<\/div><\/section><\/p><\/div><div class='av-flex-placeholder'><\/div>\n<style type=\"text\/css\" data-created_by=\"avia_inline_auto\" id=\"style-css-av-3uwhtwy-9a80ef7ac502e418ebf1e3899580e684\">\n.flex_column.av-3uwhtwy-9a80ef7ac502e418ebf1e3899580e684{\n-webkit-border-radius:0px 0px 0px 0px;\n-moz-border-radius:0px 0px 0px 0px;\nborder-radius:0px 0px 0px 0px;\n}\n<\/style>\n<div class='flex_column av-3uwhtwy-9a80ef7ac502e418ebf1e3899580e684 av_one_third  avia-builder-el-180  el_after_av_one_third  el_before_av_one_third  jo_pf_bild_bg flex_column_table_cell av-equal-height-column av-align-top av-animated-generic fade-in av-zero-column-padding column-top-margin'     ><p>\n<style type=\"text\/css\" data-created_by=\"avia_inline_auto\" id=\"style-css-av-lyeho8db-27adf8de0ee218944d3fb70ae8c0e8b2\">\n.avia-image-container.av-lyeho8db-27adf8de0ee218944d3fb70ae8c0e8b2 img.avia_image{\nbox-shadow:none;\n}\n.avia-image-container.av-lyeho8db-27adf8de0ee218944d3fb70ae8c0e8b2 .av-caption-image-overlay-bg{\nopacity:0.4;\n}\n<\/style>\n<div  class='avia-image-container av-lyeho8db-27adf8de0ee218944d3fb70ae8c0e8b2 av-styling-no-styling avia_animated_image av-animated-when-visible-95 fade-in avia-align-left  avia-builder-el-181  el_before_av_textblock  avia-builder-el-first  jo_pf_bild noHover av-overlay-hover-deactivate'  ><div class=\"avia-image-container-inner\"><div class=\"avia-image-overlay-wrap\"><a href=\"https:\/\/www.galerie-metzger.de\/wp-content\/uploads\/2024\/07\/Margaret-Curtis-Celadon-Yunomi-galerie-metzger-gallery-chawan--1030x1030.jpg\" data-srcset=\"https:\/\/www.galerie-metzger.de\/wp-content\/uploads\/2024\/07\/Margaret-Curtis-Celadon-Yunomi-galerie-metzger-gallery-chawan--1030x1030.jpg 1030w, https:\/\/www.galerie-metzger.de\/wp-content\/uploads\/2024\/07\/Margaret-Curtis-Celadon-Yunomi-galerie-metzger-gallery-chawan--690x690.jpg 690w, https:\/\/www.galerie-metzger.de\/wp-content\/uploads\/2024\/07\/Margaret-Curtis-Celadon-Yunomi-galerie-metzger-gallery-chawan--80x80.jpg 80w, https:\/\/www.galerie-metzger.de\/wp-content\/uploads\/2024\/07\/Margaret-Curtis-Celadon-Yunomi-galerie-metzger-gallery-chawan--768x768.jpg 768w, https:\/\/www.galerie-metzger.de\/wp-content\/uploads\/2024\/07\/Margaret-Curtis-Celadon-Yunomi-galerie-metzger-gallery-chawan--1536x1536.jpg 1536w, https:\/\/www.galerie-metzger.de\/wp-content\/uploads\/2024\/07\/Margaret-Curtis-Celadon-Yunomi-galerie-metzger-gallery-chawan--2048x2048.jpg 2048w, https:\/\/www.galerie-metzger.de\/wp-content\/uploads\/2024\/07\/Margaret-Curtis-Celadon-Yunomi-galerie-metzger-gallery-chawan--36x36.jpg 36w, https:\/\/www.galerie-metzger.de\/wp-content\/uploads\/2024\/07\/Margaret-Curtis-Celadon-Yunomi-galerie-metzger-gallery-chawan--180x180.jpg 180w, https:\/\/www.galerie-metzger.de\/wp-content\/uploads\/2024\/07\/Margaret-Curtis-Celadon-Yunomi-galerie-metzger-gallery-chawan--1500x1500.jpg 1500w, https:\/\/www.galerie-metzger.de\/wp-content\/uploads\/2024\/07\/Margaret-Curtis-Celadon-Yunomi-galerie-metzger-gallery-chawan--705x705.jpg 705w\" data-sizes=\"(max-width: 1030px) 100vw, 1030px\" class='avia_image' ><div class=\"av-image-caption-overlay\"><div class=\"av-caption-image-overlay-bg\"><\/div><div class=\"av-image-caption-overlay-position\"><div class=\"av-image-caption-overlay-center\"><p>Margaret Curtis \u2013 Celadon Yunomi \u2013 2024, 8,5&#215;10 cm, Foto: Eddie Curtis<\/p>\n<\/div><\/div><\/div><img decoding=\"async\" class='wp-image-12462 avia-img-lazy-loading-not-12462 avia_image ' src=\"https:\/\/www.galerie-metzger.de\/wp-content\/uploads\/2024\/07\/Margaret-Curtis-Celadon-Yunomi-galerie-metzger-gallery-chawan--690x690.jpg\" alt='Margaret Curtis - Celadon Yunomi' title='Margaret Curtis - Celadon Yunomi'  height=\"690\" width=\"690\" srcset=\"https:\/\/www.galerie-metzger.de\/wp-content\/uploads\/2024\/07\/Margaret-Curtis-Celadon-Yunomi-galerie-metzger-gallery-chawan--690x690.jpg 690w, https:\/\/www.galerie-metzger.de\/wp-content\/uploads\/2024\/07\/Margaret-Curtis-Celadon-Yunomi-galerie-metzger-gallery-chawan--1030x1030.jpg 1030w, https:\/\/www.galerie-metzger.de\/wp-content\/uploads\/2024\/07\/Margaret-Curtis-Celadon-Yunomi-galerie-metzger-gallery-chawan--80x80.jpg 80w, https:\/\/www.galerie-metzger.de\/wp-content\/uploads\/2024\/07\/Margaret-Curtis-Celadon-Yunomi-galerie-metzger-gallery-chawan--768x768.jpg 768w, https:\/\/www.galerie-metzger.de\/wp-content\/uploads\/2024\/07\/Margaret-Curtis-Celadon-Yunomi-galerie-metzger-gallery-chawan--1536x1536.jpg 1536w, https:\/\/www.galerie-metzger.de\/wp-content\/uploads\/2024\/07\/Margaret-Curtis-Celadon-Yunomi-galerie-metzger-gallery-chawan--2048x2048.jpg 2048w, https:\/\/www.galerie-metzger.de\/wp-content\/uploads\/2024\/07\/Margaret-Curtis-Celadon-Yunomi-galerie-metzger-gallery-chawan--36x36.jpg 36w, https:\/\/www.galerie-metzger.de\/wp-content\/uploads\/2024\/07\/Margaret-Curtis-Celadon-Yunomi-galerie-metzger-gallery-chawan--180x180.jpg 180w, https:\/\/www.galerie-metzger.de\/wp-content\/uploads\/2024\/07\/Margaret-Curtis-Celadon-Yunomi-galerie-metzger-gallery-chawan--1500x1500.jpg 1500w, https:\/\/www.galerie-metzger.de\/wp-content\/uploads\/2024\/07\/Margaret-Curtis-Celadon-Yunomi-galerie-metzger-gallery-chawan--705x705.jpg 705w\" sizes=\"(max-width: 690px) 100vw, 690px\" \/><\/a><\/div><\/div><\/div><br \/>\n<section  class='av_textblock_section av-lyehomyd-76e4aac767d765466b250cb690889fed' ><div class='avia_textblock jo_werk_anfrage' ><p><a class=\"anfrage\" href=\"mailto:info@galerie-metzger.de?subject=Margaret%20Curtis%20Celadon%20Yunomi%202024\">request information<\/a><\/p>\n<\/div><\/section><\/p><\/div><div class='av-flex-placeholder'><\/div>\n<style type=\"text\/css\" data-created_by=\"avia_inline_auto\" id=\"style-css-av-3luj07m-6c78c98e59da5950acdf022a9992baf5\">\n.flex_column.av-3luj07m-6c78c98e59da5950acdf022a9992baf5{\n-webkit-border-radius:0px 0px 0px 0px;\n-moz-border-radius:0px 0px 0px 0px;\nborder-radius:0px 0px 0px 0px;\n}\n<\/style>\n<div class='flex_column av-3luj07m-6c78c98e59da5950acdf022a9992baf5 av_one_third  avia-builder-el-183  el_after_av_one_third  el_before_av_one_half  jo_pf_bild_bg flex_column_table_cell av-equal-height-column av-align-top av-animated-generic fade-in av-zero-column-padding column-top-margin'     ><p>\n<style type=\"text\/css\" data-created_by=\"avia_inline_auto\" id=\"style-css-av-lyehvife-5c6c6947ebbe9908cf4d0e4a9a4a643e\">\n.avia-image-container.av-lyehvife-5c6c6947ebbe9908cf4d0e4a9a4a643e img.avia_image{\nbox-shadow:none;\n}\n.avia-image-container.av-lyehvife-5c6c6947ebbe9908cf4d0e4a9a4a643e .av-caption-image-overlay-bg{\nopacity:0.4;\n}\n<\/style>\n<div  class='avia-image-container av-lyehvife-5c6c6947ebbe9908cf4d0e4a9a4a643e av-styling-no-styling avia_animated_image av-animated-when-visible-95 fade-in avia-align-left  avia-builder-el-184  el_before_av_textblock  avia-builder-el-first  jo_pf_bild noHover av-overlay-hover-deactivate'  ><div class=\"avia-image-container-inner\"><div class=\"avia-image-overlay-wrap\"><a href=\"https:\/\/www.galerie-metzger.de\/wp-content\/uploads\/2024\/07\/Margaret-Curtis-Red-Yunomi-H8-x-D9.5cm-galerie-metzger-gallery-chawan--1030x1030.jpg\" data-srcset=\"https:\/\/www.galerie-metzger.de\/wp-content\/uploads\/2024\/07\/Margaret-Curtis-Red-Yunomi-H8-x-D9.5cm-galerie-metzger-gallery-chawan--1030x1030.jpg 1030w, https:\/\/www.galerie-metzger.de\/wp-content\/uploads\/2024\/07\/Margaret-Curtis-Red-Yunomi-H8-x-D9.5cm-galerie-metzger-gallery-chawan--690x690.jpg 690w, https:\/\/www.galerie-metzger.de\/wp-content\/uploads\/2024\/07\/Margaret-Curtis-Red-Yunomi-H8-x-D9.5cm-galerie-metzger-gallery-chawan--80x80.jpg 80w, https:\/\/www.galerie-metzger.de\/wp-content\/uploads\/2024\/07\/Margaret-Curtis-Red-Yunomi-H8-x-D9.5cm-galerie-metzger-gallery-chawan--768x768.jpg 768w, https:\/\/www.galerie-metzger.de\/wp-content\/uploads\/2024\/07\/Margaret-Curtis-Red-Yunomi-H8-x-D9.5cm-galerie-metzger-gallery-chawan--1536x1536.jpg 1536w, https:\/\/www.galerie-metzger.de\/wp-content\/uploads\/2024\/07\/Margaret-Curtis-Red-Yunomi-H8-x-D9.5cm-galerie-metzger-gallery-chawan--2048x2048.jpg 2048w, https:\/\/www.galerie-metzger.de\/wp-content\/uploads\/2024\/07\/Margaret-Curtis-Red-Yunomi-H8-x-D9.5cm-galerie-metzger-gallery-chawan--36x36.jpg 36w, https:\/\/www.galerie-metzger.de\/wp-content\/uploads\/2024\/07\/Margaret-Curtis-Red-Yunomi-H8-x-D9.5cm-galerie-metzger-gallery-chawan--180x180.jpg 180w, https:\/\/www.galerie-metzger.de\/wp-content\/uploads\/2024\/07\/Margaret-Curtis-Red-Yunomi-H8-x-D9.5cm-galerie-metzger-gallery-chawan--1500x1500.jpg 1500w, https:\/\/www.galerie-metzger.de\/wp-content\/uploads\/2024\/07\/Margaret-Curtis-Red-Yunomi-H8-x-D9.5cm-galerie-metzger-gallery-chawan--705x705.jpg 705w\" data-sizes=\"(max-width: 1030px) 100vw, 1030px\" class='avia_image' ><div class=\"av-image-caption-overlay\"><div class=\"av-caption-image-overlay-bg\"><\/div><div class=\"av-image-caption-overlay-position\"><div class=\"av-image-caption-overlay-center\"><p>Margaret Curtis \u2013 Red Yunomi \u2013 2024, 8&#215;9,5cm, Foto: Eddie Curtis<\/p>\n<\/div><\/div><\/div><img decoding=\"async\" class='wp-image-12464 avia-img-lazy-loading-not-12464 avia_image ' src=\"https:\/\/www.galerie-metzger.de\/wp-content\/uploads\/2024\/07\/Margaret-Curtis-Red-Yunomi-H8-x-D9.5cm-galerie-metzger-gallery-chawan--690x690.jpg\" alt='Margaret Curtis - Red Yunomi - H8 x D9.5 cm' title='Margaret Curtis - Red Yunomi - H8 x D9.5cm'  height=\"690\" width=\"690\" srcset=\"https:\/\/www.galerie-metzger.de\/wp-content\/uploads\/2024\/07\/Margaret-Curtis-Red-Yunomi-H8-x-D9.5cm-galerie-metzger-gallery-chawan--690x690.jpg 690w, https:\/\/www.galerie-metzger.de\/wp-content\/uploads\/2024\/07\/Margaret-Curtis-Red-Yunomi-H8-x-D9.5cm-galerie-metzger-gallery-chawan--1030x1030.jpg 1030w, https:\/\/www.galerie-metzger.de\/wp-content\/uploads\/2024\/07\/Margaret-Curtis-Red-Yunomi-H8-x-D9.5cm-galerie-metzger-gallery-chawan--80x80.jpg 80w, https:\/\/www.galerie-metzger.de\/wp-content\/uploads\/2024\/07\/Margaret-Curtis-Red-Yunomi-H8-x-D9.5cm-galerie-metzger-gallery-chawan--768x768.jpg 768w, https:\/\/www.galerie-metzger.de\/wp-content\/uploads\/2024\/07\/Margaret-Curtis-Red-Yunomi-H8-x-D9.5cm-galerie-metzger-gallery-chawan--1536x1536.jpg 1536w, https:\/\/www.galerie-metzger.de\/wp-content\/uploads\/2024\/07\/Margaret-Curtis-Red-Yunomi-H8-x-D9.5cm-galerie-metzger-gallery-chawan--2048x2048.jpg 2048w, https:\/\/www.galerie-metzger.de\/wp-content\/uploads\/2024\/07\/Margaret-Curtis-Red-Yunomi-H8-x-D9.5cm-galerie-metzger-gallery-chawan--36x36.jpg 36w, https:\/\/www.galerie-metzger.de\/wp-content\/uploads\/2024\/07\/Margaret-Curtis-Red-Yunomi-H8-x-D9.5cm-galerie-metzger-gallery-chawan--180x180.jpg 180w, https:\/\/www.galerie-metzger.de\/wp-content\/uploads\/2024\/07\/Margaret-Curtis-Red-Yunomi-H8-x-D9.5cm-galerie-metzger-gallery-chawan--1500x1500.jpg 1500w, https:\/\/www.galerie-metzger.de\/wp-content\/uploads\/2024\/07\/Margaret-Curtis-Red-Yunomi-H8-x-D9.5cm-galerie-metzger-gallery-chawan--705x705.jpg 705w\" sizes=\"(max-width: 690px) 100vw, 690px\" \/><\/a><\/div><\/div><\/div><br \/>\n<section  class='av_textblock_section av-lyehvujn-3de1694c79749ebac4aa16833887607f' ><div class='avia_textblock jo_werk_anfrage' ><p><a class=\"anfrage\" href=\"mailto:info@galerie-metzger.de?subject=Margaret%20Curtis%20Red%20Yunomi%202024\">request information<\/a><\/p>\n<\/div><\/section><\/p><\/div><\/div><!--close column table wrapper. Autoclose: 1 --><div class='flex_column_table av-28wp2vm-c4807ed1112fb461bb034afeb24a0d48 sc-av_one_half av-equal-height-column-flextable'>\n<style type=\"text\/css\" data-created_by=\"avia_inline_auto\" id=\"style-css-av-28wp2vm-c4807ed1112fb461bb034afeb24a0d48\">\n.flex_column.av-28wp2vm-c4807ed1112fb461bb034afeb24a0d48{\n-webkit-border-radius:0px 0px 0px 0px;\n-moz-border-radius:0px 0px 0px 0px;\nborder-radius:0px 0px 0px 0px;\n}\n<\/style>\n<div class='flex_column av-28wp2vm-c4807ed1112fb461bb034afeb24a0d48 av_one_half  avia-builder-el-186  el_after_av_one_third  el_before_av_one_half  jo_pf_bild_bg first flex_column_table_cell av-equal-height-column av-align-top av-animated-generic fade-in av-zero-column-padding column-top-margin'     ><p>\n<style type=\"text\/css\" data-created_by=\"avia_inline_auto\" id=\"style-css-av-lyehq8cf-07ad621535daed64c8f653d6502e9f6f\">\n.avia-image-container.av-lyehq8cf-07ad621535daed64c8f653d6502e9f6f img.avia_image{\nbox-shadow:none;\n}\n.avia-image-container.av-lyehq8cf-07ad621535daed64c8f653d6502e9f6f .av-caption-image-overlay-bg{\nopacity:0.4;\n}\n<\/style>\n<div  class='avia-image-container av-lyehq8cf-07ad621535daed64c8f653d6502e9f6f av-styling-no-styling avia_animated_image av-animated-when-visible-95 fade-in avia-align-left  avia-builder-el-187  el_before_av_textblock  avia-builder-el-first  jo_pf_bild noHover av-overlay-hover-deactivate'  ><div class=\"avia-image-container-inner\"><div class=\"avia-image-overlay-wrap\"><a href=\"https:\/\/www.galerie-metzger.de\/wp-content\/uploads\/2024\/07\/Margaret-Curtis-Red-Katakuchi-galerie-metzger-gallery-ceramic-art-object-1030x687.jpg\" data-srcset=\"https:\/\/www.galerie-metzger.de\/wp-content\/uploads\/2024\/07\/Margaret-Curtis-Red-Katakuchi-galerie-metzger-gallery-ceramic-art-object-1030x687.jpg 1030w, https:\/\/www.galerie-metzger.de\/wp-content\/uploads\/2024\/07\/Margaret-Curtis-Red-Katakuchi-galerie-metzger-gallery-ceramic-art-object-690x460.jpg 690w, https:\/\/www.galerie-metzger.de\/wp-content\/uploads\/2024\/07\/Margaret-Curtis-Red-Katakuchi-galerie-metzger-gallery-ceramic-art-object-768x512.jpg 768w, https:\/\/www.galerie-metzger.de\/wp-content\/uploads\/2024\/07\/Margaret-Curtis-Red-Katakuchi-galerie-metzger-gallery-ceramic-art-object-1536x1024.jpg 1536w, https:\/\/www.galerie-metzger.de\/wp-content\/uploads\/2024\/07\/Margaret-Curtis-Red-Katakuchi-galerie-metzger-gallery-ceramic-art-object-2048x1365.jpg 2048w, https:\/\/www.galerie-metzger.de\/wp-content\/uploads\/2024\/07\/Margaret-Curtis-Red-Katakuchi-galerie-metzger-gallery-ceramic-art-object-1500x1000.jpg 1500w, https:\/\/www.galerie-metzger.de\/wp-content\/uploads\/2024\/07\/Margaret-Curtis-Red-Katakuchi-galerie-metzger-gallery-ceramic-art-object-705x470.jpg 705w\" data-sizes=\"(max-width: 1030px) 100vw, 1030px\" class='avia_image' ><div class=\"av-image-caption-overlay\"><div class=\"av-caption-image-overlay-bg\"><\/div><div class=\"av-image-caption-overlay-position\"><div class=\"av-image-caption-overlay-center\"><p>Margaret Curtis \u2013 Red Katakuchi \u2013 2024, 8x15x10cm, Foto: Eddie Curtis<\/p>\n<\/div><\/div><\/div><img decoding=\"async\" class='wp-image-12458 avia-img-lazy-loading-not-12458 avia_image ' src=\"https:\/\/www.galerie-metzger.de\/wp-content\/uploads\/2024\/07\/Margaret-Curtis-Red-Katakuchi-galerie-metzger-gallery-ceramic-art-object-690x460.jpg\" alt='Margaret Curtis - Red Katakuchi' title='Margaret Curtis - Red Katakuchi'  height=\"460\" width=\"690\" srcset=\"https:\/\/www.galerie-metzger.de\/wp-content\/uploads\/2024\/07\/Margaret-Curtis-Red-Katakuchi-galerie-metzger-gallery-ceramic-art-object-690x460.jpg 690w, https:\/\/www.galerie-metzger.de\/wp-content\/uploads\/2024\/07\/Margaret-Curtis-Red-Katakuchi-galerie-metzger-gallery-ceramic-art-object-1030x687.jpg 1030w, https:\/\/www.galerie-metzger.de\/wp-content\/uploads\/2024\/07\/Margaret-Curtis-Red-Katakuchi-galerie-metzger-gallery-ceramic-art-object-768x512.jpg 768w, https:\/\/www.galerie-metzger.de\/wp-content\/uploads\/2024\/07\/Margaret-Curtis-Red-Katakuchi-galerie-metzger-gallery-ceramic-art-object-1536x1024.jpg 1536w, https:\/\/www.galerie-metzger.de\/wp-content\/uploads\/2024\/07\/Margaret-Curtis-Red-Katakuchi-galerie-metzger-gallery-ceramic-art-object-2048x1365.jpg 2048w, https:\/\/www.galerie-metzger.de\/wp-content\/uploads\/2024\/07\/Margaret-Curtis-Red-Katakuchi-galerie-metzger-gallery-ceramic-art-object-1500x1000.jpg 1500w, https:\/\/www.galerie-metzger.de\/wp-content\/uploads\/2024\/07\/Margaret-Curtis-Red-Katakuchi-galerie-metzger-gallery-ceramic-art-object-705x470.jpg 705w\" sizes=\"(max-width: 690px) 100vw, 690px\" \/><\/a><\/div><\/div><\/div><br \/>\n<section  class='av_textblock_section av-lyehsw8d-c20aaf69f8143fd31ebeed111bb3b857' ><div class='avia_textblock jo_werk_anfrage' ><p><a class=\"anfrage\" href=\"mailto:info@galerie-metzger.de?subject=Margaret%20Curtis%20Red%20Katakuchi%202024\">request information<\/a><\/p>\n<\/div><\/section><\/p><\/div><div class='av-flex-placeholder'><\/div>\n<style type=\"text\/css\" data-created_by=\"avia_inline_auto\" id=\"style-css-av-5krmdu-046a6256fb4652d956eb188071b65d0e\">\n.flex_column.av-5krmdu-046a6256fb4652d956eb188071b65d0e{\n-webkit-border-radius:0px 0px 0px 0px;\n-moz-border-radius:0px 0px 0px 0px;\nborder-radius:0px 0px 0px 0px;\n}\n<\/style>\n<div class='flex_column av-5krmdu-046a6256fb4652d956eb188071b65d0e av_one_half  avia-builder-el-189  el_after_av_one_half  el_before_av_one_full  jo_pf_bild_bg flex_column_table_cell av-equal-height-column av-align-top av-animated-generic fade-in av-zero-column-padding column-top-margin'     ><p>\n<style type=\"text\/css\" data-created_by=\"avia_inline_auto\" id=\"style-css-av-lyehtw13-15cb0b8566a7ad7da13aca83c6531b92\">\n.avia-image-container.av-lyehtw13-15cb0b8566a7ad7da13aca83c6531b92 img.avia_image{\nbox-shadow:none;\n}\n.avia-image-container.av-lyehtw13-15cb0b8566a7ad7da13aca83c6531b92 .av-caption-image-overlay-bg{\nopacity:0.4;\n}\n<\/style>\n<div  class='avia-image-container av-lyehtw13-15cb0b8566a7ad7da13aca83c6531b92 av-styling-no-styling avia_animated_image av-animated-when-visible-95 fade-in avia-align-left  avia-builder-el-190  el_before_av_textblock  avia-builder-el-first  jo_pf_bild noHover av-overlay-hover-deactivate'  ><div class=\"avia-image-container-inner\"><div class=\"avia-image-overlay-wrap\"><a href=\"https:\/\/www.galerie-metzger.de\/wp-content\/uploads\/2024\/07\/Margaret-Curtis-Celadon-Katakuchi-galerie-metzger-gallery-ceramic--1030x687.jpg\" data-srcset=\"https:\/\/www.galerie-metzger.de\/wp-content\/uploads\/2024\/07\/Margaret-Curtis-Celadon-Katakuchi-galerie-metzger-gallery-ceramic--1030x687.jpg 1030w, https:\/\/www.galerie-metzger.de\/wp-content\/uploads\/2024\/07\/Margaret-Curtis-Celadon-Katakuchi-galerie-metzger-gallery-ceramic--690x460.jpg 690w, https:\/\/www.galerie-metzger.de\/wp-content\/uploads\/2024\/07\/Margaret-Curtis-Celadon-Katakuchi-galerie-metzger-gallery-ceramic--768x512.jpg 768w, https:\/\/www.galerie-metzger.de\/wp-content\/uploads\/2024\/07\/Margaret-Curtis-Celadon-Katakuchi-galerie-metzger-gallery-ceramic--1536x1024.jpg 1536w, https:\/\/www.galerie-metzger.de\/wp-content\/uploads\/2024\/07\/Margaret-Curtis-Celadon-Katakuchi-galerie-metzger-gallery-ceramic--2048x1365.jpg 2048w, https:\/\/www.galerie-metzger.de\/wp-content\/uploads\/2024\/07\/Margaret-Curtis-Celadon-Katakuchi-galerie-metzger-gallery-ceramic--1500x1000.jpg 1500w, https:\/\/www.galerie-metzger.de\/wp-content\/uploads\/2024\/07\/Margaret-Curtis-Celadon-Katakuchi-galerie-metzger-gallery-ceramic--705x470.jpg 705w\" data-sizes=\"(max-width: 1030px) 100vw, 1030px\" class='avia_image' ><div class=\"av-image-caption-overlay\"><div class=\"av-caption-image-overlay-bg\"><\/div><div class=\"av-image-caption-overlay-position\"><div class=\"av-image-caption-overlay-center\"><p>Margaret Curtis \u2013 Celadon Katakuchi \u2013 2024, 10x15x10 cm, Foto: Eddie Curtis<\/p>\n<\/div><\/div><\/div><img decoding=\"async\" class='wp-image-12456 avia-img-lazy-loading-not-12456 avia_image ' src=\"https:\/\/www.galerie-metzger.de\/wp-content\/uploads\/2024\/07\/Margaret-Curtis-Celadon-Katakuchi-galerie-metzger-gallery-ceramic--690x460.jpg\" alt='Margaret Curtis - Celadon Katakuchi' title='Margaret Curtis - Celadon Katakuchi'  height=\"460\" width=\"690\" srcset=\"https:\/\/www.galerie-metzger.de\/wp-content\/uploads\/2024\/07\/Margaret-Curtis-Celadon-Katakuchi-galerie-metzger-gallery-ceramic--690x460.jpg 690w, https:\/\/www.galerie-metzger.de\/wp-content\/uploads\/2024\/07\/Margaret-Curtis-Celadon-Katakuchi-galerie-metzger-gallery-ceramic--1030x687.jpg 1030w, https:\/\/www.galerie-metzger.de\/wp-content\/uploads\/2024\/07\/Margaret-Curtis-Celadon-Katakuchi-galerie-metzger-gallery-ceramic--768x512.jpg 768w, https:\/\/www.galerie-metzger.de\/wp-content\/uploads\/2024\/07\/Margaret-Curtis-Celadon-Katakuchi-galerie-metzger-gallery-ceramic--1536x1024.jpg 1536w, https:\/\/www.galerie-metzger.de\/wp-content\/uploads\/2024\/07\/Margaret-Curtis-Celadon-Katakuchi-galerie-metzger-gallery-ceramic--2048x1365.jpg 2048w, https:\/\/www.galerie-metzger.de\/wp-content\/uploads\/2024\/07\/Margaret-Curtis-Celadon-Katakuchi-galerie-metzger-gallery-ceramic--1500x1000.jpg 1500w, https:\/\/www.galerie-metzger.de\/wp-content\/uploads\/2024\/07\/Margaret-Curtis-Celadon-Katakuchi-galerie-metzger-gallery-ceramic--705x470.jpg 705w\" sizes=\"(max-width: 690px) 100vw, 690px\" \/><\/a><\/div><\/div><\/div><br \/>\n<section  class='av_textblock_section av-lyehu7p1-c1d3d44875f0ee19080b5145858a1559' ><div class='avia_textblock jo_werk_anfrage' ><p><a class=\"anfrage\" href=\"mailto:info@galerie-metzger.de?subject=Margaret%20Curtis%20Celadon%20Katakuchi%202024\">request information<\/a><\/p>\n<\/div><\/section><\/p><\/div><\/div><!--close column table wrapper. Autoclose: 1 --><div class='flex_column_table av-19ym0he-12dba9104b0b7184a61619142e114978 sc-av_one_full av-equal-height-column-flextable'>\n<style type=\"text\/css\" data-created_by=\"avia_inline_auto\" id=\"style-css-av-19ym0he-12dba9104b0b7184a61619142e114978\">\n.flex_column.av-19ym0he-12dba9104b0b7184a61619142e114978{\n-webkit-border-radius:0px 0px 0px 0px;\n-moz-border-radius:0px 0px 0px 0px;\nborder-radius:0px 0px 0px 0px;\n}\n<\/style>\n<div class='flex_column av-19ym0he-12dba9104b0b7184a61619142e114978 av_one_full  avia-builder-el-192  el_after_av_one_half  el_before_av_three_fifth  jo_col_empty first flex_column_table_cell av-equal-height-column av-align-top av-animated-generic fade-in av-zero-column-padding column-top-margin'     ><section  class='av_textblock_section av-mi92cy-91e1d59aabc73597c6aa62c330f2b811' ><div class='avia_textblock' ><p>invisible placeholder<\/p>\n<\/div><\/section><\/div><\/div><!--close column table wrapper. Autoclose: 1 --><div class='flex_column_table av-22fq5lj-a4613d80cdb045d1e49c7e3563e03096 sc-av_three_fifth av-equal-height-column-flextable'>\n<style type=\"text\/css\" data-created_by=\"avia_inline_auto\" id=\"style-css-av-22fq5lj-a4613d80cdb045d1e49c7e3563e03096\">\n.flex_column.av-22fq5lj-a4613d80cdb045d1e49c7e3563e03096{\n-webkit-border-radius:0px 0px 0px 0px;\n-moz-border-radius:0px 0px 0px 0px;\nborder-radius:0px 0px 0px 0px;\n}\n<\/style>\n<div class='flex_column av-22fq5lj-a4613d80cdb045d1e49c7e3563e03096 av_three_fifth  avia-builder-el-194  el_after_av_one_full  el_before_av_two_fifth  jo_pf_bild_bg first flex_column_table_cell av-equal-height-column av-align-middle av-animated-generic fade-in av-zero-column-padding column-top-margin'     ><p>\n<style type=\"text\/css\" data-created_by=\"avia_inline_auto\" id=\"style-css-av-lldygswo-f7b352f955ce775316277370322980c1\">\n.avia-image-container.av-lldygswo-f7b352f955ce775316277370322980c1 img.avia_image{\nbox-shadow:none;\n}\n.avia-image-container.av-lldygswo-f7b352f955ce775316277370322980c1 .av-caption-image-overlay-bg{\nopacity:0.4;\n}\n<\/style>\n<div  class='avia-image-container av-lldygswo-f7b352f955ce775316277370322980c1 av-styling-no-styling avia_animated_image av-animated-when-visible-95 fade-in avia-align-left  avia-builder-el-195  el_before_av_textblock  avia-builder-el-first  jo_pf_bild noHover av-overlay-hover-deactivate'  ><div class=\"avia-image-container-inner\"><div class=\"avia-image-overlay-wrap\"><a href=\"https:\/\/www.galerie-metzger.de\/wp-content\/uploads\/2023\/08\/Pascal-Geoffroy-Chawan-galerie-metzger-gallery-sculpture-cerramic-art-object-kaufen-aschaffenburg-1090x727.jpg\" data-srcset=\"https:\/\/www.galerie-metzger.de\/wp-content\/uploads\/2023\/08\/Pascal-Geoffroy-Chawan-galerie-metzger-gallery-sculpture-cerramic-art-object-kaufen-aschaffenburg-1090x727.jpg 1090w, https:\/\/www.galerie-metzger.de\/wp-content\/uploads\/2023\/08\/Pascal-Geoffroy-Chawan-galerie-metzger-gallery-sculpture-cerramic-art-object-kaufen-aschaffenburg-690x460.jpg 690w, https:\/\/www.galerie-metzger.de\/wp-content\/uploads\/2023\/08\/Pascal-Geoffroy-Chawan-galerie-metzger-gallery-sculpture-cerramic-art-object-kaufen-aschaffenburg-768x512.jpg 768w, https:\/\/www.galerie-metzger.de\/wp-content\/uploads\/2023\/08\/Pascal-Geoffroy-Chawan-galerie-metzger-gallery-sculpture-cerramic-art-object-kaufen-aschaffenburg-1536x1024.jpg 1536w, https:\/\/www.galerie-metzger.de\/wp-content\/uploads\/2023\/08\/Pascal-Geoffroy-Chawan-galerie-metzger-gallery-sculpture-cerramic-art-object-kaufen-aschaffenburg-2048x1365.jpg 2048w, https:\/\/www.galerie-metzger.de\/wp-content\/uploads\/2023\/08\/Pascal-Geoffroy-Chawan-galerie-metzger-gallery-sculpture-cerramic-art-object-kaufen-aschaffenburg-1500x1000.jpg 1500w, https:\/\/www.galerie-metzger.de\/wp-content\/uploads\/2023\/08\/Pascal-Geoffroy-Chawan-galerie-metzger-gallery-sculpture-cerramic-art-object-kaufen-aschaffenburg-705x470.jpg 705w\" data-sizes=\"(max-width: 1030px) 100vw, 1030px\" class='avia_image' ><div class=\"av-image-caption-overlay\"><div class=\"av-caption-image-overlay-bg\"><\/div><div class=\"av-image-caption-overlay-position\"><div class=\"av-image-caption-overlay-center\"><p>Pascal Geoffroy \u2013 Chawan \u2013 , 10&#215;11 cm, Foto: Pascal Geoffroy<\/p>\n<\/div><\/div><\/div><img decoding=\"async\" class='wp-image-11741 avia-img-lazy-loading-not-11741 avia_image ' src=\"https:\/\/www.galerie-metzger.de\/wp-content\/uploads\/2023\/08\/Pascal-Geoffroy-Chawan-galerie-metzger-gallery-sculpture-cerramic-art-object-kaufen-aschaffenburg-690x460.jpg\" alt='Pascal Geoffroy - Chawan' title='Pascal Geoffroy - Chawan'  height=\"460\" width=\"690\" srcset=\"https:\/\/www.galerie-metzger.de\/wp-content\/uploads\/2023\/08\/Pascal-Geoffroy-Chawan-galerie-metzger-gallery-sculpture-cerramic-art-object-kaufen-aschaffenburg-690x460.jpg 690w, https:\/\/www.galerie-metzger.de\/wp-content\/uploads\/2023\/08\/Pascal-Geoffroy-Chawan-galerie-metzger-gallery-sculpture-cerramic-art-object-kaufen-aschaffenburg-1090x727.jpg 1090w, https:\/\/www.galerie-metzger.de\/wp-content\/uploads\/2023\/08\/Pascal-Geoffroy-Chawan-galerie-metzger-gallery-sculpture-cerramic-art-object-kaufen-aschaffenburg-768x512.jpg 768w, https:\/\/www.galerie-metzger.de\/wp-content\/uploads\/2023\/08\/Pascal-Geoffroy-Chawan-galerie-metzger-gallery-sculpture-cerramic-art-object-kaufen-aschaffenburg-1536x1024.jpg 1536w, https:\/\/www.galerie-metzger.de\/wp-content\/uploads\/2023\/08\/Pascal-Geoffroy-Chawan-galerie-metzger-gallery-sculpture-cerramic-art-object-kaufen-aschaffenburg-2048x1365.jpg 2048w, https:\/\/www.galerie-metzger.de\/wp-content\/uploads\/2023\/08\/Pascal-Geoffroy-Chawan-galerie-metzger-gallery-sculpture-cerramic-art-object-kaufen-aschaffenburg-1500x1000.jpg 1500w, https:\/\/www.galerie-metzger.de\/wp-content\/uploads\/2023\/08\/Pascal-Geoffroy-Chawan-galerie-metzger-gallery-sculpture-cerramic-art-object-kaufen-aschaffenburg-705x470.jpg 705w\" sizes=\"(max-width: 690px) 100vw, 690px\" \/><\/a><\/div><\/div><\/div><br \/>\n<section  class='av_textblock_section av-lldyh4mu-8647aad1b61e603de88f25bc34e08db1' ><div class='avia_textblock jo_werk_anfrage lang' ><p><a class=\"anfrage\" href=\"mailto:info@galerie-metzger.de?subject=Pascal%20Geoffroy%20Chawan%2010x11cm\">request information<\/a><\/p>\n<\/div><\/section><\/p><\/div><div class='av-flex-placeholder'><\/div>\n<style type=\"text\/css\" data-created_by=\"avia_inline_auto\" id=\"style-css-av-48ut8qf-c4daf59ba8c6ef073896e578cedcc6c4\">\n.flex_column.av-48ut8qf-c4daf59ba8c6ef073896e578cedcc6c4{\n-webkit-border-radius:0px 0px 0px 0px;\n-moz-border-radius:0px 0px 0px 0px;\nborder-radius:0px 0px 0px 0px;\n}\n<\/style>\n<div class='flex_column av-48ut8qf-c4daf59ba8c6ef073896e578cedcc6c4 av_two_fifth  avia-builder-el-197  el_after_av_three_fifth  el_before_av_one_full  jhd-no-margin-top flex_column_table_cell av-equal-height-column av-align-middle av-animated-generic fade-in av-zero-column-padding column-top-margin'     ><section  class='av_textblock_section av-3x6cxbr-167eb23be865778ebf16eddaa30199d0' ><div class='avia_textblock' ><p><strong>Pascal Geoffroy<\/strong> finds his inspiration in the heart of the Causse de Larzac, an austere, karstified limestone plateau in southern France. To form the earth like chaotic rocks with their clefts. To crack it like the ancient, wind-tormented pines. To patinate the earth by fire with shades of smoke and ash. To keep the long firing awake with wood. To paint the pots with fire. The results should do justice to the energy invested. <em>Pascal Geoffroy<\/em><\/p>\n<\/div><\/section><\/div><\/div><!--close column table wrapper. Autoclose: 1 --><div class='flex_column_table av-2h9qhiqh-4f4ef895505ccbb20cce9e174bdb11dc sc-av_one_full av-equal-height-column-flextable'>\n<style type=\"text\/css\" data-created_by=\"avia_inline_auto\" id=\"style-css-av-2h9qhiqh-4f4ef895505ccbb20cce9e174bdb11dc\">\n.flex_column.av-2h9qhiqh-4f4ef895505ccbb20cce9e174bdb11dc{\n-webkit-border-radius:0px 0px 0px 0px;\n-moz-border-radius:0px 0px 0px 0px;\nborder-radius:0px 0px 0px 0px;\n}\n<\/style>\n<div class='flex_column av-2h9qhiqh-4f4ef895505ccbb20cce9e174bdb11dc av_one_full  avia-builder-el-199  el_after_av_two_fifth  el_before_av_one_half  jo_col_empty first flex_column_table_cell av-equal-height-column av-align-top av-animated-generic fade-in av-zero-column-padding '     ><section  class='av_textblock_section av-2gzpbz6h-2545cf4a002751983f26c785f6a90ebf' ><div class='avia_textblock' ><p>invisible placeholder<\/p>\n<\/div><\/section><\/div><\/div><!--close column table wrapper. Autoclose: 1 -->\n<style type=\"text\/css\" data-created_by=\"avia_inline_auto\" id=\"style-css-av-2n38al4-210d9a26578ff7d8f27afcee9ef33290\">\n.flex_column.av-2n38al4-210d9a26578ff7d8f27afcee9ef33290{\n-webkit-border-radius:0px 0px 0px 0px;\n-moz-border-radius:0px 0px 0px 0px;\nborder-radius:0px 0px 0px 0px;\n}\n<\/style>\n<div class='flex_column av-2n38al4-210d9a26578ff7d8f27afcee9ef33290 av_one_half  avia-builder-el-201  el_after_av_one_full  el_before_av_one_half  jo_pf_bild_bg first flex_column_div av-animated-generic fade-in av-zero-column-padding column-top-margin'     ><p>\n<style type=\"text\/css\" data-created_by=\"avia_inline_auto\" id=\"style-css-av-m0as5z0l-6ab26bb0759bfada31a0d252adac1436\">\n.avia-image-container.av-m0as5z0l-6ab26bb0759bfada31a0d252adac1436 img.avia_image{\nbox-shadow:none;\n}\n.avia-image-container.av-m0as5z0l-6ab26bb0759bfada31a0d252adac1436 .av-caption-image-overlay-bg{\nopacity:0.4;\n}\n<\/style>\n<div  class='avia-image-container av-m0as5z0l-6ab26bb0759bfada31a0d252adac1436 av-styling-no-styling avia_animated_image av-animated-when-visible-95 fade-in avia-align-left  avia-builder-el-202  el_before_av_textblock  avia-builder-el-first  jo_pf_bild noHover av-overlay-hover-deactivate'  ><div class=\"avia-image-container-inner\"><div class=\"avia-image-overlay-wrap\"><a href=\"https:\/\/www.galerie-metzger.de\/wp-content\/uploads\/2024\/08\/Lena-Kaapke-o.T.-galereie-metzger-gallery-teapot-ceramicart-1030x687.jpg\" data-srcset=\"https:\/\/www.galerie-metzger.de\/wp-content\/uploads\/2024\/08\/Lena-Kaapke-o.T.-galereie-metzger-gallery-teapot-ceramicart-1030x687.jpg 1030w, https:\/\/www.galerie-metzger.de\/wp-content\/uploads\/2024\/08\/Lena-Kaapke-o.T.-galereie-metzger-gallery-teapot-ceramicart-690x460.jpg 690w, https:\/\/www.galerie-metzger.de\/wp-content\/uploads\/2024\/08\/Lena-Kaapke-o.T.-galereie-metzger-gallery-teapot-ceramicart-768x512.jpg 768w, https:\/\/www.galerie-metzger.de\/wp-content\/uploads\/2024\/08\/Lena-Kaapke-o.T.-galereie-metzger-gallery-teapot-ceramicart-1536x1024.jpg 1536w, https:\/\/www.galerie-metzger.de\/wp-content\/uploads\/2024\/08\/Lena-Kaapke-o.T.-galereie-metzger-gallery-teapot-ceramicart-2048x1365.jpg 2048w, https:\/\/www.galerie-metzger.de\/wp-content\/uploads\/2024\/08\/Lena-Kaapke-o.T.-galereie-metzger-gallery-teapot-ceramicart-1500x1000.jpg 1500w, https:\/\/www.galerie-metzger.de\/wp-content\/uploads\/2024\/08\/Lena-Kaapke-o.T.-galereie-metzger-gallery-teapot-ceramicart-705x470.jpg 705w\" data-sizes=\"(max-width: 1030px) 100vw, 1030px\" class='avia_image' ><div class=\"av-image-caption-overlay\"><div class=\"av-caption-image-overlay-bg\"><\/div><div class=\"av-image-caption-overlay-position\"><div class=\"av-image-caption-overlay-center\"><p>Lena Kaapke \u2013 untitled, 2010\/11 \u2013 , H\u00f6he 12cm, Foto: Christiane Kiefer<\/p>\n<\/div><\/div><\/div><img decoding=\"async\" class='wp-image-12660 avia-img-lazy-loading-not-12660 avia_image ' src=\"https:\/\/www.galerie-metzger.de\/wp-content\/uploads\/2024\/08\/Lena-Kaapke-o.T.-galereie-metzger-gallery-teapot-ceramicart-690x460.jpg\" alt='Lena Kaapke - untitled' title='Lena Kaapke - untitled'  height=\"460\" width=\"690\" srcset=\"https:\/\/www.galerie-metzger.de\/wp-content\/uploads\/2024\/08\/Lena-Kaapke-o.T.-galereie-metzger-gallery-teapot-ceramicart-690x460.jpg 690w, https:\/\/www.galerie-metzger.de\/wp-content\/uploads\/2024\/08\/Lena-Kaapke-o.T.-galereie-metzger-gallery-teapot-ceramicart-1030x687.jpg 1030w, https:\/\/www.galerie-metzger.de\/wp-content\/uploads\/2024\/08\/Lena-Kaapke-o.T.-galereie-metzger-gallery-teapot-ceramicart-768x512.jpg 768w, https:\/\/www.galerie-metzger.de\/wp-content\/uploads\/2024\/08\/Lena-Kaapke-o.T.-galereie-metzger-gallery-teapot-ceramicart-1536x1024.jpg 1536w, https:\/\/www.galerie-metzger.de\/wp-content\/uploads\/2024\/08\/Lena-Kaapke-o.T.-galereie-metzger-gallery-teapot-ceramicart-2048x1365.jpg 2048w, https:\/\/www.galerie-metzger.de\/wp-content\/uploads\/2024\/08\/Lena-Kaapke-o.T.-galereie-metzger-gallery-teapot-ceramicart-1500x1000.jpg 1500w, https:\/\/www.galerie-metzger.de\/wp-content\/uploads\/2024\/08\/Lena-Kaapke-o.T.-galereie-metzger-gallery-teapot-ceramicart-705x470.jpg 705w\" sizes=\"(max-width: 690px) 100vw, 690px\" \/><\/a><\/div><\/div><\/div><br \/>\n<section  class='av_textblock_section av-m0as6cud-f2970f5c819080be67ff7714f08d939a' ><div class='avia_textblock jo_werk_anfrage lang' ><p><a class=\"anfrage\" href=\"mailto:info@galerie-metzger.de?subject=Lena%20Kaapke%20o.T.%202010\/11\">request information<\/a><\/p>\n<\/div><\/section><\/p><\/div>\n<style type=\"text\/css\" data-created_by=\"avia_inline_auto\" id=\"style-css-av-3ee0iuw-921aae04f7c65fba73cfc8dcd909eed0\">\n.flex_column.av-3ee0iuw-921aae04f7c65fba73cfc8dcd909eed0{\n-webkit-border-radius:0px 0px 0px 0px;\n-moz-border-radius:0px 0px 0px 0px;\nborder-radius:0px 0px 0px 0px;\n}\n<\/style>\n<div class='flex_column av-3ee0iuw-921aae04f7c65fba73cfc8dcd909eed0 av_one_half  avia-builder-el-204  el_after_av_one_half  el_before_av_one_full  jo_pf_bild_bg flex_column_div av-animated-generic fade-in av-zero-column-padding column-top-margin'     ><p>\n<style type=\"text\/css\" data-created_by=\"avia_inline_auto\" id=\"style-css-av-m0awcevy-e6c624c6e35ed79b153e8a554e6132e2\">\n.avia-image-container.av-m0awcevy-e6c624c6e35ed79b153e8a554e6132e2 img.avia_image{\nbox-shadow:none;\n}\n.avia-image-container.av-m0awcevy-e6c624c6e35ed79b153e8a554e6132e2 .av-caption-image-overlay-bg{\nopacity:0.4;\n}\n<\/style>\n<div  class='avia-image-container av-m0awcevy-e6c624c6e35ed79b153e8a554e6132e2 av-styling-no-styling avia_animated_image av-animated-when-visible-95 fade-in avia-align-left  avia-builder-el-205  el_before_av_textblock  avia-builder-el-first  jo_pf_bild noHover av-overlay-hover-deactivate'  ><div class=\"avia-image-container-inner\"><div class=\"avia-image-overlay-wrap\"><a href=\"https:\/\/www.galerie-metzger.de\/wp-content\/uploads\/2024\/07\/Lena-Kaapke-o.T.-2011-galerie-metzger-gallery-ceramic-art-object-angewandte-kunst-1030x687.jpg\" data-srcset=\"https:\/\/www.galerie-metzger.de\/wp-content\/uploads\/2024\/07\/Lena-Kaapke-o.T.-2011-galerie-metzger-gallery-ceramic-art-object-angewandte-kunst-1030x687.jpg 1030w, https:\/\/www.galerie-metzger.de\/wp-content\/uploads\/2024\/07\/Lena-Kaapke-o.T.-2011-galerie-metzger-gallery-ceramic-art-object-angewandte-kunst-690x460.jpg 690w, https:\/\/www.galerie-metzger.de\/wp-content\/uploads\/2024\/07\/Lena-Kaapke-o.T.-2011-galerie-metzger-gallery-ceramic-art-object-angewandte-kunst-768x512.jpg 768w, https:\/\/www.galerie-metzger.de\/wp-content\/uploads\/2024\/07\/Lena-Kaapke-o.T.-2011-galerie-metzger-gallery-ceramic-art-object-angewandte-kunst-1536x1024.jpg 1536w, https:\/\/www.galerie-metzger.de\/wp-content\/uploads\/2024\/07\/Lena-Kaapke-o.T.-2011-galerie-metzger-gallery-ceramic-art-object-angewandte-kunst-2048x1365.jpg 2048w, https:\/\/www.galerie-metzger.de\/wp-content\/uploads\/2024\/07\/Lena-Kaapke-o.T.-2011-galerie-metzger-gallery-ceramic-art-object-angewandte-kunst-1500x1000.jpg 1500w, https:\/\/www.galerie-metzger.de\/wp-content\/uploads\/2024\/07\/Lena-Kaapke-o.T.-2011-galerie-metzger-gallery-ceramic-art-object-angewandte-kunst-705x470.jpg 705w\" data-sizes=\"(max-width: 1030px) 100vw, 1030px\" class='avia_image' ><div class=\"av-image-caption-overlay\"><div class=\"av-caption-image-overlay-bg\"><\/div><div class=\"av-image-caption-overlay-position\"><div class=\"av-image-caption-overlay-center\"><p>Lena Kaapke \u2013 untitled, 2010\/11 \u2013 , Foto: Christiane Kiefer<\/p>\n<\/div><\/div><\/div><img decoding=\"async\" class='wp-image-12517 avia-img-lazy-loading-not-12517 avia_image ' src=\"https:\/\/www.galerie-metzger.de\/wp-content\/uploads\/2024\/07\/Lena-Kaapke-o.T.-2011-galerie-metzger-gallery-ceramic-art-object-angewandte-kunst-690x460.jpg\" alt='Lena Kaapke - o.T. - 2011' title='Lena Kaapke - o.T.  - 2011'  height=\"460\" width=\"690\" srcset=\"https:\/\/www.galerie-metzger.de\/wp-content\/uploads\/2024\/07\/Lena-Kaapke-o.T.-2011-galerie-metzger-gallery-ceramic-art-object-angewandte-kunst-690x460.jpg 690w, https:\/\/www.galerie-metzger.de\/wp-content\/uploads\/2024\/07\/Lena-Kaapke-o.T.-2011-galerie-metzger-gallery-ceramic-art-object-angewandte-kunst-1030x687.jpg 1030w, https:\/\/www.galerie-metzger.de\/wp-content\/uploads\/2024\/07\/Lena-Kaapke-o.T.-2011-galerie-metzger-gallery-ceramic-art-object-angewandte-kunst-768x512.jpg 768w, https:\/\/www.galerie-metzger.de\/wp-content\/uploads\/2024\/07\/Lena-Kaapke-o.T.-2011-galerie-metzger-gallery-ceramic-art-object-angewandte-kunst-1536x1024.jpg 1536w, https:\/\/www.galerie-metzger.de\/wp-content\/uploads\/2024\/07\/Lena-Kaapke-o.T.-2011-galerie-metzger-gallery-ceramic-art-object-angewandte-kunst-2048x1365.jpg 2048w, https:\/\/www.galerie-metzger.de\/wp-content\/uploads\/2024\/07\/Lena-Kaapke-o.T.-2011-galerie-metzger-gallery-ceramic-art-object-angewandte-kunst-1500x1000.jpg 1500w, https:\/\/www.galerie-metzger.de\/wp-content\/uploads\/2024\/07\/Lena-Kaapke-o.T.-2011-galerie-metzger-gallery-ceramic-art-object-angewandte-kunst-705x470.jpg 705w\" sizes=\"(max-width: 690px) 100vw, 690px\" \/><\/a><\/div><\/div><\/div><br \/>\n<section  class='av_textblock_section av-13ygd4-0f977ab4a8057d3d49a94c7243009e83' ><div class='avia_textblock jo_werk_anfrage lang' ><p><a class=\"anfrage\" href=\"mailto:info@galerie-metzger.de?subject=Lena%20Kaapke%20o.T.%202010\/11\">request information<\/a><\/p>\n<\/div><\/section><\/p><\/div><div class='flex_column_table av-2g6pyoo-6b1bd7bc574ebbaa276d5c4538586007 sc-av_one_full av-equal-height-column-flextable'>\n<style type=\"text\/css\" data-created_by=\"avia_inline_auto\" id=\"style-css-av-2g6pyoo-6b1bd7bc574ebbaa276d5c4538586007\">\n.flex_column.av-2g6pyoo-6b1bd7bc574ebbaa276d5c4538586007{\n-webkit-border-radius:0px 0px 0px 0px;\n-moz-border-radius:0px 0px 0px 0px;\nborder-radius:0px 0px 0px 0px;\n}\n<\/style>\n<div class='flex_column av-2g6pyoo-6b1bd7bc574ebbaa276d5c4538586007 av_one_full  avia-builder-el-207  el_after_av_one_half  el_before_av_three_fifth  jo_col_empty first flex_column_table_cell av-equal-height-column av-align-top av-animated-generic fade-in av-zero-column-padding column-top-margin'     ><section  class='av_textblock_section av-23uc0rc-8ec8acea75326233b4c71521354d24ce' ><div class='avia_textblock' ><p>invisible placeholder<\/p>\n<\/div><\/section><\/div><\/div><!--close column table wrapper. Autoclose: 1 --><div class='flex_column_table av-48ouxfc-660d90817da4f9203c40f59d6e045d53 sc-av_three_fifth av-equal-height-column-flextable'>\n<style type=\"text\/css\" data-created_by=\"avia_inline_auto\" id=\"style-css-av-48ouxfc-660d90817da4f9203c40f59d6e045d53\">\n.flex_column.av-48ouxfc-660d90817da4f9203c40f59d6e045d53{\n-webkit-border-radius:0px 0px 0px 0px;\n-moz-border-radius:0px 0px 0px 0px;\nborder-radius:0px 0px 0px 0px;\n}\n<\/style>\n<div class='flex_column av-48ouxfc-660d90817da4f9203c40f59d6e045d53 av_three_fifth  avia-builder-el-209  el_after_av_one_full  el_before_av_two_fifth  jo_pf_bild_bg first flex_column_table_cell av-equal-height-column av-align-middle av-animated-generic fade-in av-zero-column-padding column-top-margin'     ><p>\n<style type=\"text\/css\" data-created_by=\"avia_inline_auto\" id=\"style-css-av-m0fjtgc6-4a9e6301494299c880fff7ef7cabcc1c\">\n.avia-image-container.av-m0fjtgc6-4a9e6301494299c880fff7ef7cabcc1c img.avia_image{\nbox-shadow:none;\n}\n.avia-image-container.av-m0fjtgc6-4a9e6301494299c880fff7ef7cabcc1c .av-caption-image-overlay-bg{\nopacity:0.4;\n}\n<\/style>\n<div  class='avia-image-container av-m0fjtgc6-4a9e6301494299c880fff7ef7cabcc1c av-styling-no-styling avia_animated_image av-animated-when-visible-95 fade-in avia-align-left  avia-builder-el-210  el_before_av_textblock  avia-builder-el-first  jo_pf_bild noHover av-overlay-hover-deactivate'  ><div class=\"avia-image-container-inner\"><div class=\"avia-image-overlay-wrap\"><a href=\"https:\/\/www.galerie-metzger.de\/wp-content\/uploads\/2024\/07\/Young-Jae-Lee-Ohne-Titel-2023-105x145cm-galerie-metzger-gallery-ceramic-teabowl-keramik-kunst-start-1-1-1030x1030.jpg\" data-srcset=\"https:\/\/www.galerie-metzger.de\/wp-content\/uploads\/2024\/07\/Young-Jae-Lee-Ohne-Titel-2023-105x145cm-galerie-metzger-gallery-ceramic-teabowl-keramik-kunst-start-1-1-1030x1030.jpg 1030w, https:\/\/www.galerie-metzger.de\/wp-content\/uploads\/2024\/07\/Young-Jae-Lee-Ohne-Titel-2023-105x145cm-galerie-metzger-gallery-ceramic-teabowl-keramik-kunst-start-1-1-690x690.jpg 690w, https:\/\/www.galerie-metzger.de\/wp-content\/uploads\/2024\/07\/Young-Jae-Lee-Ohne-Titel-2023-105x145cm-galerie-metzger-gallery-ceramic-teabowl-keramik-kunst-start-1-1-80x80.jpg 80w, https:\/\/www.galerie-metzger.de\/wp-content\/uploads\/2024\/07\/Young-Jae-Lee-Ohne-Titel-2023-105x145cm-galerie-metzger-gallery-ceramic-teabowl-keramik-kunst-start-1-1-768x768.jpg 768w, https:\/\/www.galerie-metzger.de\/wp-content\/uploads\/2024\/07\/Young-Jae-Lee-Ohne-Titel-2023-105x145cm-galerie-metzger-gallery-ceramic-teabowl-keramik-kunst-start-1-1-1536x1536.jpg 1536w, https:\/\/www.galerie-metzger.de\/wp-content\/uploads\/2024\/07\/Young-Jae-Lee-Ohne-Titel-2023-105x145cm-galerie-metzger-gallery-ceramic-teabowl-keramik-kunst-start-1-1-2048x2048.jpg 2048w, https:\/\/www.galerie-metzger.de\/wp-content\/uploads\/2024\/07\/Young-Jae-Lee-Ohne-Titel-2023-105x145cm-galerie-metzger-gallery-ceramic-teabowl-keramik-kunst-start-1-1-36x36.jpg 36w, https:\/\/www.galerie-metzger.de\/wp-content\/uploads\/2024\/07\/Young-Jae-Lee-Ohne-Titel-2023-105x145cm-galerie-metzger-gallery-ceramic-teabowl-keramik-kunst-start-1-1-180x180.jpg 180w, https:\/\/www.galerie-metzger.de\/wp-content\/uploads\/2024\/07\/Young-Jae-Lee-Ohne-Titel-2023-105x145cm-galerie-metzger-gallery-ceramic-teabowl-keramik-kunst-start-1-1-1500x1500.jpg 1500w, https:\/\/www.galerie-metzger.de\/wp-content\/uploads\/2024\/07\/Young-Jae-Lee-Ohne-Titel-2023-105x145cm-galerie-metzger-gallery-ceramic-teabowl-keramik-kunst-start-1-1-705x705.jpg 705w\" data-sizes=\"(max-width: 1030px) 100vw, 1030px\" class='avia_image' ><div class=\"av-image-caption-overlay\"><div class=\"av-caption-image-overlay-bg\"><\/div><div class=\"av-image-caption-overlay-position\"><div class=\"av-image-caption-overlay-center\"><p>Young-Jae Lee \u2013 untitled \u2013 2023, 10,5x \u00d814,5 cm, Foto: Edi Baumann<\/p>\n<\/div><\/div><\/div><img decoding=\"async\" class='wp-image-12806 avia-img-lazy-loading-not-12806 avia_image ' src=\"https:\/\/www.galerie-metzger.de\/wp-content\/uploads\/2024\/07\/Young-Jae-Lee-Ohne-Titel-2023-105x145cm-galerie-metzger-gallery-ceramic-teabowl-keramik-kunst-start-1-1-1030x1030.jpg\" alt='Young-Jae Lee - o. T. - 10.5x14,5 cm - Spinatschale' title='Young-Jae-Lee-Ohne-Titel-2023-10,5x14,5cm-galerie-metzger-gallery-ceramic-teabowl-keramik-kunst-start-1-1'  height=\"1030\" width=\"1030\" srcset=\"https:\/\/www.galerie-metzger.de\/wp-content\/uploads\/2024\/07\/Young-Jae-Lee-Ohne-Titel-2023-105x145cm-galerie-metzger-gallery-ceramic-teabowl-keramik-kunst-start-1-1-1030x1030.jpg 1030w, https:\/\/www.galerie-metzger.de\/wp-content\/uploads\/2024\/07\/Young-Jae-Lee-Ohne-Titel-2023-105x145cm-galerie-metzger-gallery-ceramic-teabowl-keramik-kunst-start-1-1-690x690.jpg 690w, https:\/\/www.galerie-metzger.de\/wp-content\/uploads\/2024\/07\/Young-Jae-Lee-Ohne-Titel-2023-105x145cm-galerie-metzger-gallery-ceramic-teabowl-keramik-kunst-start-1-1-80x80.jpg 80w, https:\/\/www.galerie-metzger.de\/wp-content\/uploads\/2024\/07\/Young-Jae-Lee-Ohne-Titel-2023-105x145cm-galerie-metzger-gallery-ceramic-teabowl-keramik-kunst-start-1-1-768x768.jpg 768w, https:\/\/www.galerie-metzger.de\/wp-content\/uploads\/2024\/07\/Young-Jae-Lee-Ohne-Titel-2023-105x145cm-galerie-metzger-gallery-ceramic-teabowl-keramik-kunst-start-1-1-1536x1536.jpg 1536w, https:\/\/www.galerie-metzger.de\/wp-content\/uploads\/2024\/07\/Young-Jae-Lee-Ohne-Titel-2023-105x145cm-galerie-metzger-gallery-ceramic-teabowl-keramik-kunst-start-1-1-2048x2048.jpg 2048w, https:\/\/www.galerie-metzger.de\/wp-content\/uploads\/2024\/07\/Young-Jae-Lee-Ohne-Titel-2023-105x145cm-galerie-metzger-gallery-ceramic-teabowl-keramik-kunst-start-1-1-36x36.jpg 36w, https:\/\/www.galerie-metzger.de\/wp-content\/uploads\/2024\/07\/Young-Jae-Lee-Ohne-Titel-2023-105x145cm-galerie-metzger-gallery-ceramic-teabowl-keramik-kunst-start-1-1-180x180.jpg 180w, https:\/\/www.galerie-metzger.de\/wp-content\/uploads\/2024\/07\/Young-Jae-Lee-Ohne-Titel-2023-105x145cm-galerie-metzger-gallery-ceramic-teabowl-keramik-kunst-start-1-1-1500x1500.jpg 1500w, https:\/\/www.galerie-metzger.de\/wp-content\/uploads\/2024\/07\/Young-Jae-Lee-Ohne-Titel-2023-105x145cm-galerie-metzger-gallery-ceramic-teabowl-keramik-kunst-start-1-1-705x705.jpg 705w\" sizes=\"(max-width: 1030px) 100vw, 1030px\" \/><\/a><\/div><\/div><\/div><br \/>\n<section  class='av_textblock_section av-m0fju1tn-65834b13b715d9950b2b14d3fb07f6cb' ><div class='avia_textblock jo_werk_anfrage lang' ><p><a class=\"anfrage\" href=\"mailto:info@galerie-metzger.de?subject=Young-Jae%20Lee%20o.T.%2010,5x%20%C3%9814,5cm\">request information<\/a><\/p>\n<\/div><\/section><\/p><\/div><div class='av-flex-placeholder'><\/div>\n<style type=\"text\/css\" data-created_by=\"avia_inline_auto\" id=\"style-css-av-3yl57yw-305976080400da6657f538aa6f059047\">\n.flex_column.av-3yl57yw-305976080400da6657f538aa6f059047{\n-webkit-border-radius:0px 0px 0px 0px;\n-moz-border-radius:0px 0px 0px 0px;\nborder-radius:0px 0px 0px 0px;\n}\n<\/style>\n<div class='flex_column av-3yl57yw-305976080400da6657f538aa6f059047 av_two_fifth  avia-builder-el-212  el_after_av_three_fifth  el_before_av_one_half  jhd-no-margin-top flex_column_table_cell av-equal-height-column av-align-middle av-animated-generic fade-in av-zero-column-padding column-top-margin'     ><section  class='av_textblock_section av-3ezszlk-541f6f30193efc8f5f301117ab3411ca' ><div class='avia_textblock' ><p><strong>Young-Jae Lee<\/strong> \u201eDrehen Sie, was Sie wollen. Wenn Sie sagen, das ist eine Teeschale, dann ist es eine Teeschale.\u201c <em>Jang-Tai Gum im Gespr\u00e4ch zu Young-Jae Lee<\/em> aus &#8220;Das Gr\u00fcn in den Schalen&#8221; \u00a9Folkwang Museum, arnoldsche Art Publishers<\/p>\n<\/div><\/section><\/div><\/div><!--close column table wrapper. Autoclose: 1 -->\n<style type=\"text\/css\" data-created_by=\"avia_inline_auto\" id=\"style-css-av-1xs8xvc-ea66d51ec35a180f2f25f9f47f9321ed\">\n.flex_column.av-1xs8xvc-ea66d51ec35a180f2f25f9f47f9321ed{\n-webkit-border-radius:0px 0px 0px 0px;\n-moz-border-radius:0px 0px 0px 0px;\nborder-radius:0px 0px 0px 0px;\n}\n<\/style>\n<div class='flex_column av-1xs8xvc-ea66d51ec35a180f2f25f9f47f9321ed av_one_half  avia-builder-el-214  el_after_av_two_fifth  el_before_av_one_half  jo_pf_bild_bg first flex_column_div av-animated-generic fade-in av-zero-column-padding '     ><p>\n<style type=\"text\/css\" data-created_by=\"avia_inline_auto\" id=\"style-css-av-m0fjs4y0-052f0b4462541b71f96d4e9e9d308ffa\">\n.avia-image-container.av-m0fjs4y0-052f0b4462541b71f96d4e9e9d308ffa img.avia_image{\nbox-shadow:none;\n}\n.avia-image-container.av-m0fjs4y0-052f0b4462541b71f96d4e9e9d308ffa .av-caption-image-overlay-bg{\nopacity:0.4;\n}\n<\/style>\n<div  class='avia-image-container av-m0fjs4y0-052f0b4462541b71f96d4e9e9d308ffa av-styling-no-styling avia_animated_image av-animated-when-visible-95 fade-in avia-align-left  avia-builder-el-215  el_before_av_textblock  avia-builder-el-first  jo_pf_bild noHover av-overlay-hover-deactivate'  ><div class=\"avia-image-container-inner\"><div class=\"avia-image-overlay-wrap\"><a href=\"https:\/\/www.galerie-metzger.de\/wp-content\/uploads\/2024\/08\/Young-Jae-Lee-o.-T.-117x145-cm-Spinatschale-galerie-metzger-gallery-keramik-skulptur-kunst-1030x687.jpg\" data-srcset=\"https:\/\/www.galerie-metzger.de\/wp-content\/uploads\/2024\/08\/Young-Jae-Lee-o.-T.-117x145-cm-Spinatschale-galerie-metzger-gallery-keramik-skulptur-kunst-1030x687.jpg 1030w, https:\/\/www.galerie-metzger.de\/wp-content\/uploads\/2024\/08\/Young-Jae-Lee-o.-T.-117x145-cm-Spinatschale-galerie-metzger-gallery-keramik-skulptur-kunst-690x460.jpg 690w, https:\/\/www.galerie-metzger.de\/wp-content\/uploads\/2024\/08\/Young-Jae-Lee-o.-T.-117x145-cm-Spinatschale-galerie-metzger-gallery-keramik-skulptur-kunst-768x512.jpg 768w, https:\/\/www.galerie-metzger.de\/wp-content\/uploads\/2024\/08\/Young-Jae-Lee-o.-T.-117x145-cm-Spinatschale-galerie-metzger-gallery-keramik-skulptur-kunst-1536x1024.jpg 1536w, https:\/\/www.galerie-metzger.de\/wp-content\/uploads\/2024\/08\/Young-Jae-Lee-o.-T.-117x145-cm-Spinatschale-galerie-metzger-gallery-keramik-skulptur-kunst-2048x1365.jpg 2048w, https:\/\/www.galerie-metzger.de\/wp-content\/uploads\/2024\/08\/Young-Jae-Lee-o.-T.-117x145-cm-Spinatschale-galerie-metzger-gallery-keramik-skulptur-kunst-1500x1000.jpg 1500w, https:\/\/www.galerie-metzger.de\/wp-content\/uploads\/2024\/08\/Young-Jae-Lee-o.-T.-117x145-cm-Spinatschale-galerie-metzger-gallery-keramik-skulptur-kunst-705x470.jpg 705w\" data-sizes=\"(max-width: 1030px) 100vw, 1030px\" class='avia_image' ><div class=\"av-image-caption-overlay\"><div class=\"av-caption-image-overlay-bg\"><\/div><div class=\"av-image-caption-overlay-position\"><div class=\"av-image-caption-overlay-center\"><p>Young-Jae Lee \u2013 untitled \u2013 2023, 11,7x \u00d814,5 cm, Foto: Edi Baumann<\/p>\n<\/div><\/div><\/div><img decoding=\"async\" class='wp-image-12737 avia-img-lazy-loading-not-12737 avia_image ' src=\"https:\/\/www.galerie-metzger.de\/wp-content\/uploads\/2024\/08\/Young-Jae-Lee-o.-T.-117x145-cm-Spinatschale-galerie-metzger-gallery-keramik-skulptur-kunst-690x460.jpg\" alt='Young-Jae Lee - o. T.  - 11,7x14,5 cm - Spinatschale' title='Young-Jae Lee - o. T.  - 11,7x14,5 cm  -  Spinatschale'  height=\"460\" width=\"690\" srcset=\"https:\/\/www.galerie-metzger.de\/wp-content\/uploads\/2024\/08\/Young-Jae-Lee-o.-T.-117x145-cm-Spinatschale-galerie-metzger-gallery-keramik-skulptur-kunst-690x460.jpg 690w, https:\/\/www.galerie-metzger.de\/wp-content\/uploads\/2024\/08\/Young-Jae-Lee-o.-T.-117x145-cm-Spinatschale-galerie-metzger-gallery-keramik-skulptur-kunst-1030x687.jpg 1030w, https:\/\/www.galerie-metzger.de\/wp-content\/uploads\/2024\/08\/Young-Jae-Lee-o.-T.-117x145-cm-Spinatschale-galerie-metzger-gallery-keramik-skulptur-kunst-768x512.jpg 768w, https:\/\/www.galerie-metzger.de\/wp-content\/uploads\/2024\/08\/Young-Jae-Lee-o.-T.-117x145-cm-Spinatschale-galerie-metzger-gallery-keramik-skulptur-kunst-1536x1024.jpg 1536w, https:\/\/www.galerie-metzger.de\/wp-content\/uploads\/2024\/08\/Young-Jae-Lee-o.-T.-117x145-cm-Spinatschale-galerie-metzger-gallery-keramik-skulptur-kunst-2048x1365.jpg 2048w, https:\/\/www.galerie-metzger.de\/wp-content\/uploads\/2024\/08\/Young-Jae-Lee-o.-T.-117x145-cm-Spinatschale-galerie-metzger-gallery-keramik-skulptur-kunst-1500x1000.jpg 1500w, https:\/\/www.galerie-metzger.de\/wp-content\/uploads\/2024\/08\/Young-Jae-Lee-o.-T.-117x145-cm-Spinatschale-galerie-metzger-gallery-keramik-skulptur-kunst-705x470.jpg 705w\" sizes=\"(max-width: 690px) 100vw, 690px\" \/><\/a><\/div><\/div><\/div><br \/>\n<section  class='av_textblock_section av-m0fjsh17-0c6324e85004945a0bd4ea468628fece' ><div class='avia_textblock jo_werk_anfrage lang' ><p><a class=\"anfrage\" href=\"mailto:info@galerie-metzger.de?subject=Young-Jae%20Lee%20o.T.%2011,7x%20%C3%9814,5cm\">request information<\/a><\/p>\n<\/div><\/section><\/p><\/div>\n<style type=\"text\/css\" data-created_by=\"avia_inline_auto\" id=\"style-css-av-1kwzk2g-c11499b6240ba642936e316b4b5b031c\">\n.flex_column.av-1kwzk2g-c11499b6240ba642936e316b4b5b031c{\n-webkit-border-radius:0px 0px 0px 0px;\n-moz-border-radius:0px 0px 0px 0px;\nborder-radius:0px 0px 0px 0px;\n}\n<\/style>\n<div class='flex_column av-1kwzk2g-c11499b6240ba642936e316b4b5b031c av_one_half  avia-builder-el-217  el_after_av_one_half  el_before_av_one_full  jo_pf_bild_bg flex_column_div av-animated-generic fade-in av-zero-column-padding '     ><p>\n<style type=\"text\/css\" data-created_by=\"avia_inline_auto\" id=\"style-css-av-m0fjlusl-2699a86c9a5d2df7f839eee9cab4d5c6\">\n.avia-image-container.av-m0fjlusl-2699a86c9a5d2df7f839eee9cab4d5c6 img.avia_image{\nbox-shadow:none;\n}\n.avia-image-container.av-m0fjlusl-2699a86c9a5d2df7f839eee9cab4d5c6 .av-caption-image-overlay-bg{\nopacity:0.4;\n}\n<\/style>\n<div  class='avia-image-container av-m0fjlusl-2699a86c9a5d2df7f839eee9cab4d5c6 av-styling-no-styling avia_animated_image av-animated-when-visible-95 fade-in avia-align-left  avia-builder-el-218  el_before_av_textblock  avia-builder-el-first  jo_pf_bild noHover av-overlay-hover-deactivate'  ><div class=\"avia-image-container-inner\"><div class=\"avia-image-overlay-wrap\"><a href=\"https:\/\/www.galerie-metzger.de\/wp-content\/uploads\/2024\/08\/Young-Jae-Lee-o.-T.-12x147-cm-Spinatschale-galerie-metzger-gallery-keramik-skulptur-kunst-1030x687.jpg\" data-srcset=\"https:\/\/www.galerie-metzger.de\/wp-content\/uploads\/2024\/08\/Young-Jae-Lee-o.-T.-12x147-cm-Spinatschale-galerie-metzger-gallery-keramik-skulptur-kunst-1030x687.jpg 1030w, https:\/\/www.galerie-metzger.de\/wp-content\/uploads\/2024\/08\/Young-Jae-Lee-o.-T.-12x147-cm-Spinatschale-galerie-metzger-gallery-keramik-skulptur-kunst-690x460.jpg 690w, https:\/\/www.galerie-metzger.de\/wp-content\/uploads\/2024\/08\/Young-Jae-Lee-o.-T.-12x147-cm-Spinatschale-galerie-metzger-gallery-keramik-skulptur-kunst-768x512.jpg 768w, https:\/\/www.galerie-metzger.de\/wp-content\/uploads\/2024\/08\/Young-Jae-Lee-o.-T.-12x147-cm-Spinatschale-galerie-metzger-gallery-keramik-skulptur-kunst-1536x1024.jpg 1536w, https:\/\/www.galerie-metzger.de\/wp-content\/uploads\/2024\/08\/Young-Jae-Lee-o.-T.-12x147-cm-Spinatschale-galerie-metzger-gallery-keramik-skulptur-kunst-2048x1365.jpg 2048w, https:\/\/www.galerie-metzger.de\/wp-content\/uploads\/2024\/08\/Young-Jae-Lee-o.-T.-12x147-cm-Spinatschale-galerie-metzger-gallery-keramik-skulptur-kunst-1500x1000.jpg 1500w, https:\/\/www.galerie-metzger.de\/wp-content\/uploads\/2024\/08\/Young-Jae-Lee-o.-T.-12x147-cm-Spinatschale-galerie-metzger-gallery-keramik-skulptur-kunst-705x470.jpg 705w\" data-sizes=\"(max-width: 1030px) 100vw, 1030px\" class='avia_image' ><div class=\"av-image-caption-overlay\"><div class=\"av-caption-image-overlay-bg\"><\/div><div class=\"av-image-caption-overlay-position\"><div class=\"av-image-caption-overlay-center\"><p>Young-Jae Lee \u2013 untitled \u2013 2023, 12x \u00d814,7 cm, Foto: Edi Baumann<\/p>\n<\/div><\/div><\/div><img decoding=\"async\" class='wp-image-12735 avia-img-lazy-loading-not-12735 avia_image ' src=\"https:\/\/www.galerie-metzger.de\/wp-content\/uploads\/2024\/08\/Young-Jae-Lee-o.-T.-12x147-cm-Spinatschale-galerie-metzger-gallery-keramik-skulptur-kunst-690x460.jpg\" alt='Young-Jae Lee - o. T. - 12x14,7 cm - aus der Reihe Spinatschalen' title='Young-Jae Lee - o. T.  - 12x14,7 cm  - Spinatschale'  height=\"460\" width=\"690\" srcset=\"https:\/\/www.galerie-metzger.de\/wp-content\/uploads\/2024\/08\/Young-Jae-Lee-o.-T.-12x147-cm-Spinatschale-galerie-metzger-gallery-keramik-skulptur-kunst-690x460.jpg 690w, https:\/\/www.galerie-metzger.de\/wp-content\/uploads\/2024\/08\/Young-Jae-Lee-o.-T.-12x147-cm-Spinatschale-galerie-metzger-gallery-keramik-skulptur-kunst-1030x687.jpg 1030w, https:\/\/www.galerie-metzger.de\/wp-content\/uploads\/2024\/08\/Young-Jae-Lee-o.-T.-12x147-cm-Spinatschale-galerie-metzger-gallery-keramik-skulptur-kunst-768x512.jpg 768w, https:\/\/www.galerie-metzger.de\/wp-content\/uploads\/2024\/08\/Young-Jae-Lee-o.-T.-12x147-cm-Spinatschale-galerie-metzger-gallery-keramik-skulptur-kunst-1536x1024.jpg 1536w, https:\/\/www.galerie-metzger.de\/wp-content\/uploads\/2024\/08\/Young-Jae-Lee-o.-T.-12x147-cm-Spinatschale-galerie-metzger-gallery-keramik-skulptur-kunst-2048x1365.jpg 2048w, https:\/\/www.galerie-metzger.de\/wp-content\/uploads\/2024\/08\/Young-Jae-Lee-o.-T.-12x147-cm-Spinatschale-galerie-metzger-gallery-keramik-skulptur-kunst-1500x1000.jpg 1500w, https:\/\/www.galerie-metzger.de\/wp-content\/uploads\/2024\/08\/Young-Jae-Lee-o.-T.-12x147-cm-Spinatschale-galerie-metzger-gallery-keramik-skulptur-kunst-705x470.jpg 705w\" sizes=\"(max-width: 690px) 100vw, 690px\" \/><\/a><\/div><\/div><\/div><br \/>\n<section  class='av_textblock_section av-m0fjozsj-a466afa93357f4e18c5d8804a5c9d120' ><div class='avia_textblock jo_werk_anfrage lang' ><p><a class=\"anfrage\" href=\"mailto:info@galerie-metzger.de?subject=Young-Jae%20Lee%20o.T.%2012x14,7cm\">request information<\/a><\/p>\n<\/div><\/section><\/p><\/div><div class='flex_column_table av-1bylbzs-9e86ac30b1b095b7aa558066993b8ef3 sc-av_one_full av-equal-height-column-flextable'>\n<style type=\"text\/css\" data-created_by=\"avia_inline_auto\" id=\"style-css-av-1bylbzs-9e86ac30b1b095b7aa558066993b8ef3\">\n.flex_column.av-1bylbzs-9e86ac30b1b095b7aa558066993b8ef3{\n-webkit-border-radius:0px 0px 0px 0px;\n-moz-border-radius:0px 0px 0px 0px;\nborder-radius:0px 0px 0px 0px;\n}\n<\/style>\n<div class='flex_column av-1bylbzs-9e86ac30b1b095b7aa558066993b8ef3 av_one_full  avia-builder-el-220  el_after_av_one_half  el_before_av_one_half  jo_col_empty first flex_column_table_cell av-equal-height-column av-align-top av-animated-generic fade-in av-zero-column-padding column-top-margin'     ><section  class='av_textblock_section av-m6zzi0-9548e591f0ea5e26cd20fa60d2964671' ><div class='avia_textblock' ><p>invisible placeholder<\/p>\n<\/div><\/section><\/div><\/div><!--close column table wrapper. Autoclose: 1 -->\n<style type=\"text\/css\" data-created_by=\"avia_inline_auto\" id=\"style-css-av-rk5054-f0a9f1cdece07ce0b9124ed26064c492\">\n.flex_column.av-rk5054-f0a9f1cdece07ce0b9124ed26064c492{\n-webkit-border-radius:0px 0px 0px 0px;\n-moz-border-radius:0px 0px 0px 0px;\nborder-radius:0px 0px 0px 0px;\n}\n<\/style>\n<div class='flex_column av-rk5054-f0a9f1cdece07ce0b9124ed26064c492 av_one_half  avia-builder-el-222  el_after_av_one_full  el_before_av_one_half  jo_pf_bild_bg first flex_column_div av-animated-generic fade-in av-zero-column-padding column-top-margin'     ><p>\n<style type=\"text\/css\" data-created_by=\"avia_inline_auto\" id=\"style-css-av-m0gknwre-a6b92d7646dfa98ebedca0761d8a1b37\">\n.avia-image-container.av-m0gknwre-a6b92d7646dfa98ebedca0761d8a1b37 img.avia_image{\nbox-shadow:none;\n}\n.avia-image-container.av-m0gknwre-a6b92d7646dfa98ebedca0761d8a1b37 .av-caption-image-overlay-bg{\nopacity:0.4;\n}\n<\/style>\n<div  class='avia-image-container av-m0gknwre-a6b92d7646dfa98ebedca0761d8a1b37 av-styling-no-styling avia_animated_image av-animated-when-visible-95 fade-in avia-align-left  avia-builder-el-223  el_before_av_textblock  avia-builder-el-first  jo_pf_bild noHover av-overlay-hover-deactivate'  ><div class=\"avia-image-container-inner\"><div class=\"avia-image-overlay-wrap\"><a href=\"https:\/\/www.galerie-metzger.de\/wp-content\/uploads\/2024\/08\/Keramische-Werkstatt-Margaretenhoehe-Teekanne-Teeschale-Plattenform-galerie-metzger-gallery-keramikkunst-1030x687.jpg\" data-srcset=\"https:\/\/www.galerie-metzger.de\/wp-content\/uploads\/2024\/08\/Keramische-Werkstatt-Margaretenhoehe-Teekanne-Teeschale-Plattenform-galerie-metzger-gallery-keramikkunst-1030x687.jpg 1030w, https:\/\/www.galerie-metzger.de\/wp-content\/uploads\/2024\/08\/Keramische-Werkstatt-Margaretenhoehe-Teekanne-Teeschale-Plattenform-galerie-metzger-gallery-keramikkunst-690x460.jpg 690w, https:\/\/www.galerie-metzger.de\/wp-content\/uploads\/2024\/08\/Keramische-Werkstatt-Margaretenhoehe-Teekanne-Teeschale-Plattenform-galerie-metzger-gallery-keramikkunst-768x512.jpg 768w, https:\/\/www.galerie-metzger.de\/wp-content\/uploads\/2024\/08\/Keramische-Werkstatt-Margaretenhoehe-Teekanne-Teeschale-Plattenform-galerie-metzger-gallery-keramikkunst-1536x1024.jpg 1536w, https:\/\/www.galerie-metzger.de\/wp-content\/uploads\/2024\/08\/Keramische-Werkstatt-Margaretenhoehe-Teekanne-Teeschale-Plattenform-galerie-metzger-gallery-keramikkunst-2048x1365.jpg 2048w, https:\/\/www.galerie-metzger.de\/wp-content\/uploads\/2024\/08\/Keramische-Werkstatt-Margaretenhoehe-Teekanne-Teeschale-Plattenform-galerie-metzger-gallery-keramikkunst-1500x1000.jpg 1500w, https:\/\/www.galerie-metzger.de\/wp-content\/uploads\/2024\/08\/Keramische-Werkstatt-Margaretenhoehe-Teekanne-Teeschale-Plattenform-galerie-metzger-gallery-keramikkunst-705x470.jpg 705w\" data-sizes=\"(max-width: 1030px) 100vw, 1030px\" class='avia_image' ><div class=\"av-image-caption-overlay\"><div class=\"av-caption-image-overlay-bg\"><\/div><div class=\"av-image-caption-overlay-position\"><div class=\"av-image-caption-overlay-center\"><p>Keramische Werkstatt Margaretenh\u00f6he \u2013 Tea pot by Kyoung-Ah Kim \u2013 , 9x16x9 cm, Foto: Edi Baumann<\/p>\n<\/div><\/div><\/div><img decoding=\"async\" class='wp-image-12751 avia-img-lazy-loading-not-12751 avia_image ' src=\"https:\/\/www.galerie-metzger.de\/wp-content\/uploads\/2024\/08\/Keramische-Werkstatt-Margaretenhoehe-Teekanne-Teeschale-Plattenform-galerie-metzger-gallery-keramikkunst-690x460.jpg\" alt='Keramische Werkstatt Margaretenhoehe - Teekanne Teeschale Plattenform' title='Keramische Werkstatt Margaretenhoehe - Teekanne Teeschale Plattenform'  height=\"460\" width=\"690\" srcset=\"https:\/\/www.galerie-metzger.de\/wp-content\/uploads\/2024\/08\/Keramische-Werkstatt-Margaretenhoehe-Teekanne-Teeschale-Plattenform-galerie-metzger-gallery-keramikkunst-690x460.jpg 690w, https:\/\/www.galerie-metzger.de\/wp-content\/uploads\/2024\/08\/Keramische-Werkstatt-Margaretenhoehe-Teekanne-Teeschale-Plattenform-galerie-metzger-gallery-keramikkunst-1030x687.jpg 1030w, https:\/\/www.galerie-metzger.de\/wp-content\/uploads\/2024\/08\/Keramische-Werkstatt-Margaretenhoehe-Teekanne-Teeschale-Plattenform-galerie-metzger-gallery-keramikkunst-768x512.jpg 768w, https:\/\/www.galerie-metzger.de\/wp-content\/uploads\/2024\/08\/Keramische-Werkstatt-Margaretenhoehe-Teekanne-Teeschale-Plattenform-galerie-metzger-gallery-keramikkunst-1536x1024.jpg 1536w, https:\/\/www.galerie-metzger.de\/wp-content\/uploads\/2024\/08\/Keramische-Werkstatt-Margaretenhoehe-Teekanne-Teeschale-Plattenform-galerie-metzger-gallery-keramikkunst-2048x1365.jpg 2048w, https:\/\/www.galerie-metzger.de\/wp-content\/uploads\/2024\/08\/Keramische-Werkstatt-Margaretenhoehe-Teekanne-Teeschale-Plattenform-galerie-metzger-gallery-keramikkunst-1500x1000.jpg 1500w, https:\/\/www.galerie-metzger.de\/wp-content\/uploads\/2024\/08\/Keramische-Werkstatt-Margaretenhoehe-Teekanne-Teeschale-Plattenform-galerie-metzger-gallery-keramikkunst-705x470.jpg 705w\" sizes=\"(max-width: 690px) 100vw, 690px\" \/><\/a><\/div><\/div><\/div><br \/>\n<section  class='av_textblock_section av-m0gkpka4-57106b2e347f088a115b43d8feb58681' ><div class='avia_textblock jo_werk_anfrage lang sehr' ><p><a class=\"anfrage\" href=\"mailto:info@galerie-metzger.de?subject=Keramische%20Werkstatt%20Margaretenh%C3%B6he%20Teeensemble%209x16x9cm\">request information<\/a><\/p>\n<\/div><\/section><\/p><\/div>\n<style type=\"text\/css\" data-created_by=\"avia_inline_auto\" id=\"style-css-av-73jyttk-3638021d839c33c5ab6492b12939b7ef\">\n.flex_column.av-73jyttk-3638021d839c33c5ab6492b12939b7ef{\n-webkit-border-radius:0px 0px 0px 0px;\n-moz-border-radius:0px 0px 0px 0px;\nborder-radius:0px 0px 0px 0px;\n}\n<\/style>\n<div class='flex_column av-73jyttk-3638021d839c33c5ab6492b12939b7ef av_one_half  avia-builder-el-225  el_after_av_one_half  el_before_av_one_half  jo_pf_bild_bg flex_column_div av-animated-generic fade-in av-zero-column-padding column-top-margin'     ><p>\n<style type=\"text\/css\" data-created_by=\"avia_inline_auto\" id=\"style-css-av-m0gkuhss-bbecf456c412b47770cbff3b4517a11c\">\n.avia-image-container.av-m0gkuhss-bbecf456c412b47770cbff3b4517a11c img.avia_image{\nbox-shadow:none;\n}\n.avia-image-container.av-m0gkuhss-bbecf456c412b47770cbff3b4517a11c .av-caption-image-overlay-bg{\nopacity:0.4;\n}\n<\/style>\n<div  class='avia-image-container av-m0gkuhss-bbecf456c412b47770cbff3b4517a11c av-styling-no-styling avia_animated_image av-animated-when-visible-95 fade-in avia-align-left  avia-builder-el-226  el_before_av_textblock  avia-builder-el-first  jo_pf_bild noHover av-overlay-hover-deactivate'  ><div class=\"avia-image-container-inner\"><div class=\"avia-image-overlay-wrap\"><a href=\"https:\/\/www.galerie-metzger.de\/wp-content\/uploads\/2024\/08\/Keramische-Werkstatt-Margaretenhoehe-Teekanne-Teeschale-Plattenform-galerie-metzger-gallery-keramik-kunst-kaufen-1030x687.jpg\" data-srcset=\"https:\/\/www.galerie-metzger.de\/wp-content\/uploads\/2024\/08\/Keramische-Werkstatt-Margaretenhoehe-Teekanne-Teeschale-Plattenform-galerie-metzger-gallery-keramik-kunst-kaufen-1030x687.jpg 1030w, https:\/\/www.galerie-metzger.de\/wp-content\/uploads\/2024\/08\/Keramische-Werkstatt-Margaretenhoehe-Teekanne-Teeschale-Plattenform-galerie-metzger-gallery-keramik-kunst-kaufen-690x460.jpg 690w, https:\/\/www.galerie-metzger.de\/wp-content\/uploads\/2024\/08\/Keramische-Werkstatt-Margaretenhoehe-Teekanne-Teeschale-Plattenform-galerie-metzger-gallery-keramik-kunst-kaufen-768x512.jpg 768w, https:\/\/www.galerie-metzger.de\/wp-content\/uploads\/2024\/08\/Keramische-Werkstatt-Margaretenhoehe-Teekanne-Teeschale-Plattenform-galerie-metzger-gallery-keramik-kunst-kaufen-1536x1024.jpg 1536w, https:\/\/www.galerie-metzger.de\/wp-content\/uploads\/2024\/08\/Keramische-Werkstatt-Margaretenhoehe-Teekanne-Teeschale-Plattenform-galerie-metzger-gallery-keramik-kunst-kaufen-2048x1365.jpg 2048w, https:\/\/www.galerie-metzger.de\/wp-content\/uploads\/2024\/08\/Keramische-Werkstatt-Margaretenhoehe-Teekanne-Teeschale-Plattenform-galerie-metzger-gallery-keramik-kunst-kaufen-1500x1000.jpg 1500w, https:\/\/www.galerie-metzger.de\/wp-content\/uploads\/2024\/08\/Keramische-Werkstatt-Margaretenhoehe-Teekanne-Teeschale-Plattenform-galerie-metzger-gallery-keramik-kunst-kaufen-705x470.jpg 705w\" data-sizes=\"(max-width: 1030px) 100vw, 1030px\" class='avia_image' ><div class=\"av-image-caption-overlay\"><div class=\"av-caption-image-overlay-bg\"><\/div><div class=\"av-image-caption-overlay-position\"><div class=\"av-image-caption-overlay-center\"><p>Keramische Werkstatt Margaretenh\u00f6he \u2013 Tea pot by Kyoung-Ah Kim \u2013 , 9x16x9 cm, Plate 25,5&#215;25,5 cm, Foto: Edi Baumann<\/p>\n<\/div><\/div><\/div><img decoding=\"async\" class='wp-image-12749 avia-img-lazy-loading-not-12749 avia_image ' src=\"https:\/\/www.galerie-metzger.de\/wp-content\/uploads\/2024\/08\/Keramische-Werkstatt-Margaretenhoehe-Teekanne-Teeschale-Plattenform-galerie-metzger-gallery-keramik-kunst-kaufen-690x460.jpg\" alt='Keramische Werkstatt Margaretenhoehe - Teekanne Teeschale Plattenform' title='Keramische Werkstatt Margaretenhoehe - Teekanne Teeschale Plattenform'  height=\"460\" width=\"690\" srcset=\"https:\/\/www.galerie-metzger.de\/wp-content\/uploads\/2024\/08\/Keramische-Werkstatt-Margaretenhoehe-Teekanne-Teeschale-Plattenform-galerie-metzger-gallery-keramik-kunst-kaufen-690x460.jpg 690w, https:\/\/www.galerie-metzger.de\/wp-content\/uploads\/2024\/08\/Keramische-Werkstatt-Margaretenhoehe-Teekanne-Teeschale-Plattenform-galerie-metzger-gallery-keramik-kunst-kaufen-1030x687.jpg 1030w, https:\/\/www.galerie-metzger.de\/wp-content\/uploads\/2024\/08\/Keramische-Werkstatt-Margaretenhoehe-Teekanne-Teeschale-Plattenform-galerie-metzger-gallery-keramik-kunst-kaufen-768x512.jpg 768w, https:\/\/www.galerie-metzger.de\/wp-content\/uploads\/2024\/08\/Keramische-Werkstatt-Margaretenhoehe-Teekanne-Teeschale-Plattenform-galerie-metzger-gallery-keramik-kunst-kaufen-1536x1024.jpg 1536w, https:\/\/www.galerie-metzger.de\/wp-content\/uploads\/2024\/08\/Keramische-Werkstatt-Margaretenhoehe-Teekanne-Teeschale-Plattenform-galerie-metzger-gallery-keramik-kunst-kaufen-2048x1365.jpg 2048w, https:\/\/www.galerie-metzger.de\/wp-content\/uploads\/2024\/08\/Keramische-Werkstatt-Margaretenhoehe-Teekanne-Teeschale-Plattenform-galerie-metzger-gallery-keramik-kunst-kaufen-1500x1000.jpg 1500w, https:\/\/www.galerie-metzger.de\/wp-content\/uploads\/2024\/08\/Keramische-Werkstatt-Margaretenhoehe-Teekanne-Teeschale-Plattenform-galerie-metzger-gallery-keramik-kunst-kaufen-705x470.jpg 705w\" sizes=\"(max-width: 690px) 100vw, 690px\" \/><\/a><\/div><\/div><\/div><br \/>\n<section  class='av_textblock_section av-6lg5gqg-5e7298f994c497020ece3a5cf3396222' ><div class='avia_textblock jo_werk_anfrage lang sehr' ><p><a class=\"anfrage\" href=\"mailto:info@galerie-metzger.de?subject=Keramische%20Werkstatt%20Margaretenh%C3%B6he%20Teeensemble%209x16x9cm\">request information<\/a><\/p>\n<\/div><\/section><\/p><\/div>\n<style type=\"text\/css\" data-created_by=\"avia_inline_auto\" id=\"style-css-av-56xzxko-90256f82d158b4ba9554ad3144c3024e\">\n.flex_column.av-56xzxko-90256f82d158b4ba9554ad3144c3024e{\n-webkit-border-radius:0px 0px 0px 0px;\n-moz-border-radius:0px 0px 0px 0px;\nborder-radius:0px 0px 0px 0px;\n}\n<\/style>\n<div class='flex_column av-56xzxko-90256f82d158b4ba9554ad3144c3024e av_one_half  avia-builder-el-228  el_after_av_one_half  el_before_av_one_half  jo_pf_bild_bg first flex_column_div av-animated-generic fade-in av-zero-column-padding column-top-margin'     ><p>\n<style type=\"text\/css\" data-created_by=\"avia_inline_auto\" id=\"style-css-av-m0gkyb6w-ab837068d26500f30268cf74b0bc6df3\">\n.avia-image-container.av-m0gkyb6w-ab837068d26500f30268cf74b0bc6df3 img.avia_image{\nbox-shadow:none;\n}\n.avia-image-container.av-m0gkyb6w-ab837068d26500f30268cf74b0bc6df3 .av-caption-image-overlay-bg{\nopacity:0.4;\n}\n<\/style>\n<div  class='avia-image-container av-m0gkyb6w-ab837068d26500f30268cf74b0bc6df3 av-styling-no-styling avia_animated_image av-animated-when-visible-95 fade-in avia-align-left  avia-builder-el-229  el_before_av_textblock  avia-builder-el-first  jo_pf_bild noHover av-overlay-hover-deactivate'  ><div class=\"avia-image-container-inner\"><div class=\"avia-image-overlay-wrap\"><a href=\"https:\/\/www.galerie-metzger.de\/wp-content\/uploads\/2024\/08\/Keramische-Werkstatt-Margaretenhoehe-KannenformTeeschale-galerie-metzger-gallery-keramikkunst-1030x687.jpg\" data-srcset=\"https:\/\/www.galerie-metzger.de\/wp-content\/uploads\/2024\/08\/Keramische-Werkstatt-Margaretenhoehe-KannenformTeeschale-galerie-metzger-gallery-keramikkunst-1030x687.jpg 1030w, https:\/\/www.galerie-metzger.de\/wp-content\/uploads\/2024\/08\/Keramische-Werkstatt-Margaretenhoehe-KannenformTeeschale-galerie-metzger-gallery-keramikkunst-690x460.jpg 690w, https:\/\/www.galerie-metzger.de\/wp-content\/uploads\/2024\/08\/Keramische-Werkstatt-Margaretenhoehe-KannenformTeeschale-galerie-metzger-gallery-keramikkunst-768x512.jpg 768w, https:\/\/www.galerie-metzger.de\/wp-content\/uploads\/2024\/08\/Keramische-Werkstatt-Margaretenhoehe-KannenformTeeschale-galerie-metzger-gallery-keramikkunst-1536x1024.jpg 1536w, https:\/\/www.galerie-metzger.de\/wp-content\/uploads\/2024\/08\/Keramische-Werkstatt-Margaretenhoehe-KannenformTeeschale-galerie-metzger-gallery-keramikkunst-2048x1365.jpg 2048w, https:\/\/www.galerie-metzger.de\/wp-content\/uploads\/2024\/08\/Keramische-Werkstatt-Margaretenhoehe-KannenformTeeschale-galerie-metzger-gallery-keramikkunst-1500x1000.jpg 1500w, https:\/\/www.galerie-metzger.de\/wp-content\/uploads\/2024\/08\/Keramische-Werkstatt-Margaretenhoehe-KannenformTeeschale-galerie-metzger-gallery-keramikkunst-705x470.jpg 705w\" data-sizes=\"(max-width: 1030px) 100vw, 1030px\" class='avia_image' ><div class=\"av-image-caption-overlay\"><div class=\"av-caption-image-overlay-bg\"><\/div><div class=\"av-image-caption-overlay-position\"><div class=\"av-image-caption-overlay-center\"><p>Keramische Werkstatt Margaretenh\u00f6he \u2013 Pitcher shape \u2013 , 18x16x13 cm, Foto: Edi Baumann<\/p>\n<\/div><\/div><\/div><img decoding=\"async\" class='wp-image-12745 avia-img-lazy-loading-not-12745 avia_image ' src=\"https:\/\/www.galerie-metzger.de\/wp-content\/uploads\/2024\/08\/Keramische-Werkstatt-Margaretenhoehe-KannenformTeeschale-galerie-metzger-gallery-keramikkunst-690x460.jpg\" alt='Keramische Werkstatt Margaretenhoehe -  Kannenform und Teeschale' title='Keramische Werkstatt Margaretenhoehe - Kannenform und Teeschale'  height=\"460\" width=\"690\" srcset=\"https:\/\/www.galerie-metzger.de\/wp-content\/uploads\/2024\/08\/Keramische-Werkstatt-Margaretenhoehe-KannenformTeeschale-galerie-metzger-gallery-keramikkunst-690x460.jpg 690w, https:\/\/www.galerie-metzger.de\/wp-content\/uploads\/2024\/08\/Keramische-Werkstatt-Margaretenhoehe-KannenformTeeschale-galerie-metzger-gallery-keramikkunst-1030x687.jpg 1030w, https:\/\/www.galerie-metzger.de\/wp-content\/uploads\/2024\/08\/Keramische-Werkstatt-Margaretenhoehe-KannenformTeeschale-galerie-metzger-gallery-keramikkunst-768x512.jpg 768w, https:\/\/www.galerie-metzger.de\/wp-content\/uploads\/2024\/08\/Keramische-Werkstatt-Margaretenhoehe-KannenformTeeschale-galerie-metzger-gallery-keramikkunst-1536x1024.jpg 1536w, https:\/\/www.galerie-metzger.de\/wp-content\/uploads\/2024\/08\/Keramische-Werkstatt-Margaretenhoehe-KannenformTeeschale-galerie-metzger-gallery-keramikkunst-2048x1365.jpg 2048w, https:\/\/www.galerie-metzger.de\/wp-content\/uploads\/2024\/08\/Keramische-Werkstatt-Margaretenhoehe-KannenformTeeschale-galerie-metzger-gallery-keramikkunst-1500x1000.jpg 1500w, https:\/\/www.galerie-metzger.de\/wp-content\/uploads\/2024\/08\/Keramische-Werkstatt-Margaretenhoehe-KannenformTeeschale-galerie-metzger-gallery-keramikkunst-705x470.jpg 705w\" sizes=\"(max-width: 690px) 100vw, 690px\" \/><\/a><\/div><\/div><\/div><br \/>\n<section  class='av_textblock_section av-m0gkywcz-f5a6956feaf6caebd2dca51a888438fd' ><div class='avia_textblock jo_werk_anfrage lang sehr' ><p><a class=\"anfrage\" href=\"mailto:info@galerie-metzger.de?subject=Keramische%20Werkstatt%20Margaretenh%C3%B6he%20Krugform%209x16x9cm\">request information<\/a><\/p>\n<\/div><\/section><\/p><\/div>\n<style type=\"text\/css\" data-created_by=\"avia_inline_auto\" id=\"style-css-av-hizgl4-19e723d8045aa56e0223c00a59b3cd78\">\n.flex_column.av-hizgl4-19e723d8045aa56e0223c00a59b3cd78{\n-webkit-border-radius:0px 0px 0px 0px;\n-moz-border-radius:0px 0px 0px 0px;\nborder-radius:0px 0px 0px 0px;\n}\n<\/style>\n<div class='flex_column av-hizgl4-19e723d8045aa56e0223c00a59b3cd78 av_one_half  avia-builder-el-231  el_after_av_one_half  el_before_av_one_half  jo_pf_bild_bg flex_column_div av-animated-generic fade-in av-zero-column-padding column-top-margin'     ><p>\n<style type=\"text\/css\" data-created_by=\"avia_inline_auto\" id=\"style-css-av-m0gl0w4n-be5ba6b33085f472e6e7a5c93a3e54f5\">\n.avia-image-container.av-m0gl0w4n-be5ba6b33085f472e6e7a5c93a3e54f5 img.avia_image{\nbox-shadow:none;\n}\n.avia-image-container.av-m0gl0w4n-be5ba6b33085f472e6e7a5c93a3e54f5 .av-caption-image-overlay-bg{\nopacity:0.4;\n}\n<\/style>\n<div  class='avia-image-container av-m0gl0w4n-be5ba6b33085f472e6e7a5c93a3e54f5 av-styling-no-styling avia_animated_image av-animated-when-visible-95 fade-in avia-align-left  avia-builder-el-232  el_before_av_textblock  avia-builder-el-first  jo_pf_bild noHover av-overlay-hover-deactivate'  ><div class=\"avia-image-container-inner\"><div class=\"avia-image-overlay-wrap\"><a href=\"https:\/\/www.galerie-metzger.de\/wp-content\/uploads\/2024\/08\/Keramische-Werkstatt-Margaretenhoehe-Teeschalen-galerie-metzger-gallery-keramik-kunst-ceramic-art-1030x687.jpg\" data-srcset=\"https:\/\/www.galerie-metzger.de\/wp-content\/uploads\/2024\/08\/Keramische-Werkstatt-Margaretenhoehe-Teeschalen-galerie-metzger-gallery-keramik-kunst-ceramic-art-1030x687.jpg 1030w, https:\/\/www.galerie-metzger.de\/wp-content\/uploads\/2024\/08\/Keramische-Werkstatt-Margaretenhoehe-Teeschalen-galerie-metzger-gallery-keramik-kunst-ceramic-art-690x460.jpg 690w, https:\/\/www.galerie-metzger.de\/wp-content\/uploads\/2024\/08\/Keramische-Werkstatt-Margaretenhoehe-Teeschalen-galerie-metzger-gallery-keramik-kunst-ceramic-art-768x512.jpg 768w, https:\/\/www.galerie-metzger.de\/wp-content\/uploads\/2024\/08\/Keramische-Werkstatt-Margaretenhoehe-Teeschalen-galerie-metzger-gallery-keramik-kunst-ceramic-art-1536x1024.jpg 1536w, https:\/\/www.galerie-metzger.de\/wp-content\/uploads\/2024\/08\/Keramische-Werkstatt-Margaretenhoehe-Teeschalen-galerie-metzger-gallery-keramik-kunst-ceramic-art-2048x1365.jpg 2048w, https:\/\/www.galerie-metzger.de\/wp-content\/uploads\/2024\/08\/Keramische-Werkstatt-Margaretenhoehe-Teeschalen-galerie-metzger-gallery-keramik-kunst-ceramic-art-1500x1000.jpg 1500w, https:\/\/www.galerie-metzger.de\/wp-content\/uploads\/2024\/08\/Keramische-Werkstatt-Margaretenhoehe-Teeschalen-galerie-metzger-gallery-keramik-kunst-ceramic-art-705x470.jpg 705w\" data-sizes=\"(max-width: 1030px) 100vw, 1030px\" class='avia_image' ><div class=\"av-image-caption-overlay\"><div class=\"av-caption-image-overlay-bg\"><\/div><div class=\"av-image-caption-overlay-position\"><div class=\"av-image-caption-overlay-center\"><p>Keramische Werkstatt Margaretenh\u00f6he \u2013 Tea bowl \u2013 , 8&#215;8,5 cm, Foto: Edi Baumann<\/p>\n<\/div><\/div><\/div><img decoding=\"async\" class='wp-image-12747 avia-img-lazy-loading-not-12747 avia_image ' src=\"https:\/\/www.galerie-metzger.de\/wp-content\/uploads\/2024\/08\/Keramische-Werkstatt-Margaretenhoehe-Teeschalen-galerie-metzger-gallery-keramik-kunst-ceramic-art-690x460.jpg\" alt='Keramische Werkstatt Margaretenhoehe - Tea bowls' title='Keramische Werkstatt Margaretenhoehe - Tea bowls'  height=\"460\" width=\"690\" srcset=\"https:\/\/www.galerie-metzger.de\/wp-content\/uploads\/2024\/08\/Keramische-Werkstatt-Margaretenhoehe-Teeschalen-galerie-metzger-gallery-keramik-kunst-ceramic-art-690x460.jpg 690w, https:\/\/www.galerie-metzger.de\/wp-content\/uploads\/2024\/08\/Keramische-Werkstatt-Margaretenhoehe-Teeschalen-galerie-metzger-gallery-keramik-kunst-ceramic-art-1030x687.jpg 1030w, https:\/\/www.galerie-metzger.de\/wp-content\/uploads\/2024\/08\/Keramische-Werkstatt-Margaretenhoehe-Teeschalen-galerie-metzger-gallery-keramik-kunst-ceramic-art-768x512.jpg 768w, https:\/\/www.galerie-metzger.de\/wp-content\/uploads\/2024\/08\/Keramische-Werkstatt-Margaretenhoehe-Teeschalen-galerie-metzger-gallery-keramik-kunst-ceramic-art-1536x1024.jpg 1536w, https:\/\/www.galerie-metzger.de\/wp-content\/uploads\/2024\/08\/Keramische-Werkstatt-Margaretenhoehe-Teeschalen-galerie-metzger-gallery-keramik-kunst-ceramic-art-2048x1365.jpg 2048w, https:\/\/www.galerie-metzger.de\/wp-content\/uploads\/2024\/08\/Keramische-Werkstatt-Margaretenhoehe-Teeschalen-galerie-metzger-gallery-keramik-kunst-ceramic-art-1500x1000.jpg 1500w, https:\/\/www.galerie-metzger.de\/wp-content\/uploads\/2024\/08\/Keramische-Werkstatt-Margaretenhoehe-Teeschalen-galerie-metzger-gallery-keramik-kunst-ceramic-art-705x470.jpg 705w\" sizes=\"(max-width: 690px) 100vw, 690px\" \/><\/a><\/div><\/div><\/div><br \/>\n<section  class='av_textblock_section av-4l6q248-122489b521a26e2a3022b4d9b67b4ff3' ><div class='avia_textblock jo_werk_anfrage lang sehr' ><p><a class=\"anfrage\" href=\"mailto:info@galerie-metzger.de?subject=Keramische%20Werkstatt%20Margaretenh%C3%B6he%20Krugform%209x16x9cm\">request information<\/a><\/p>\n<\/div><\/section><\/p><\/div>\n<style type=\"text\/css\" data-created_by=\"avia_inline_auto\" id=\"style-css-av-2zgoteg-0cb75010473598a68b340b1358440143\">\n.flex_column.av-2zgoteg-0cb75010473598a68b340b1358440143{\n-webkit-border-radius:0px 0px 0px 0px;\n-moz-border-radius:0px 0px 0px 0px;\nborder-radius:0px 0px 0px 0px;\n}\n<\/style>\n<div class='flex_column av-2zgoteg-0cb75010473598a68b340b1358440143 av_one_half  avia-builder-el-234  el_after_av_one_half  el_before_av_one_half  jo_pf_bild_bg first flex_column_div av-animated-generic fade-in av-zero-column-padding column-top-margin'     ><p>\n<style type=\"text\/css\" data-created_by=\"avia_inline_auto\" id=\"style-css-av-m0gl4b28-a5ca4420c5f90cb77ad6408393a19785\">\n.avia-image-container.av-m0gl4b28-a5ca4420c5f90cb77ad6408393a19785 img.avia_image{\nbox-shadow:none;\n}\n.avia-image-container.av-m0gl4b28-a5ca4420c5f90cb77ad6408393a19785 .av-caption-image-overlay-bg{\nopacity:0.4;\n}\n<\/style>\n<div  class='avia-image-container av-m0gl4b28-a5ca4420c5f90cb77ad6408393a19785 av-styling-no-styling avia_animated_image av-animated-when-visible-95 fade-in avia-align-left  avia-builder-el-235  el_before_av_textblock  avia-builder-el-first  jo_pf_bild noHover av-overlay-hover-deactivate'  ><div class=\"avia-image-container-inner\"><div class=\"avia-image-overlay-wrap\"><a href=\"https:\/\/www.galerie-metzger.de\/wp-content\/uploads\/2024\/08\/Keramische-Werkstatt-Margaretenhoehe-Plattenform-galerie-metzger-gallery-keramik-kunst-ceramic-art-object-1030x687.jpg\" data-srcset=\"https:\/\/www.galerie-metzger.de\/wp-content\/uploads\/2024\/08\/Keramische-Werkstatt-Margaretenhoehe-Plattenform-galerie-metzger-gallery-keramik-kunst-ceramic-art-object-1030x687.jpg 1030w, https:\/\/www.galerie-metzger.de\/wp-content\/uploads\/2024\/08\/Keramische-Werkstatt-Margaretenhoehe-Plattenform-galerie-metzger-gallery-keramik-kunst-ceramic-art-object-690x460.jpg 690w, https:\/\/www.galerie-metzger.de\/wp-content\/uploads\/2024\/08\/Keramische-Werkstatt-Margaretenhoehe-Plattenform-galerie-metzger-gallery-keramik-kunst-ceramic-art-object-768x512.jpg 768w, https:\/\/www.galerie-metzger.de\/wp-content\/uploads\/2024\/08\/Keramische-Werkstatt-Margaretenhoehe-Plattenform-galerie-metzger-gallery-keramik-kunst-ceramic-art-object-1536x1024.jpg 1536w, https:\/\/www.galerie-metzger.de\/wp-content\/uploads\/2024\/08\/Keramische-Werkstatt-Margaretenhoehe-Plattenform-galerie-metzger-gallery-keramik-kunst-ceramic-art-object-2048x1365.jpg 2048w, https:\/\/www.galerie-metzger.de\/wp-content\/uploads\/2024\/08\/Keramische-Werkstatt-Margaretenhoehe-Plattenform-galerie-metzger-gallery-keramik-kunst-ceramic-art-object-1500x1000.jpg 1500w, https:\/\/www.galerie-metzger.de\/wp-content\/uploads\/2024\/08\/Keramische-Werkstatt-Margaretenhoehe-Plattenform-galerie-metzger-gallery-keramik-kunst-ceramic-art-object-705x470.jpg 705w\" data-sizes=\"(max-width: 1030px) 100vw, 1030px\" class='avia_image' ><div class=\"av-image-caption-overlay\"><div class=\"av-caption-image-overlay-bg\"><\/div><div class=\"av-image-caption-overlay-position\"><div class=\"av-image-caption-overlay-center\"><p>Keramische Werkstatt Margaretenh\u00f6he \u2013 Plate \u2013 , 37&#215;32 cm, Foto: Edi Baumann<\/p>\n<\/div><\/div><\/div><img decoding=\"async\" class='wp-image-12743 avia-img-lazy-loading-not-12743 avia_image ' src=\"https:\/\/www.galerie-metzger.de\/wp-content\/uploads\/2024\/08\/Keramische-Werkstatt-Margaretenhoehe-Plattenform-galerie-metzger-gallery-keramik-kunst-ceramic-art-object-690x460.jpg\" alt='Keramische Werkstatt Margaretenhoehe - Plattenform' title='Keramische Werkstatt Margaretenhoehe - Plattenform'  height=\"460\" width=\"690\" srcset=\"https:\/\/www.galerie-metzger.de\/wp-content\/uploads\/2024\/08\/Keramische-Werkstatt-Margaretenhoehe-Plattenform-galerie-metzger-gallery-keramik-kunst-ceramic-art-object-690x460.jpg 690w, https:\/\/www.galerie-metzger.de\/wp-content\/uploads\/2024\/08\/Keramische-Werkstatt-Margaretenhoehe-Plattenform-galerie-metzger-gallery-keramik-kunst-ceramic-art-object-1030x687.jpg 1030w, https:\/\/www.galerie-metzger.de\/wp-content\/uploads\/2024\/08\/Keramische-Werkstatt-Margaretenhoehe-Plattenform-galerie-metzger-gallery-keramik-kunst-ceramic-art-object-768x512.jpg 768w, https:\/\/www.galerie-metzger.de\/wp-content\/uploads\/2024\/08\/Keramische-Werkstatt-Margaretenhoehe-Plattenform-galerie-metzger-gallery-keramik-kunst-ceramic-art-object-1536x1024.jpg 1536w, https:\/\/www.galerie-metzger.de\/wp-content\/uploads\/2024\/08\/Keramische-Werkstatt-Margaretenhoehe-Plattenform-galerie-metzger-gallery-keramik-kunst-ceramic-art-object-2048x1365.jpg 2048w, https:\/\/www.galerie-metzger.de\/wp-content\/uploads\/2024\/08\/Keramische-Werkstatt-Margaretenhoehe-Plattenform-galerie-metzger-gallery-keramik-kunst-ceramic-art-object-1500x1000.jpg 1500w, https:\/\/www.galerie-metzger.de\/wp-content\/uploads\/2024\/08\/Keramische-Werkstatt-Margaretenhoehe-Plattenform-galerie-metzger-gallery-keramik-kunst-ceramic-art-object-705x470.jpg 705w\" sizes=\"(max-width: 690px) 100vw, 690px\" \/><\/a><\/div><\/div><\/div><br \/>\n<section  class='av_textblock_section av-2emc7p4-bba87fbdb415f5977d08393aaecb35a2' ><div class='avia_textblock jo_werk_anfrage lang sehr' ><p><a class=\"anfrage\" href=\"mailto:info@galerie-metzger.de?subject=Keramische%20Werkstatt%20Margaretenh%C3%B6he%20Krugform%209x16x9cm\">request information<\/a><\/p>\n<\/div><\/section><\/p><\/div>\n<style type=\"text\/css\" data-created_by=\"avia_inline_auto\" id=\"style-css-av-1zelf5k-b0336ba1d009d7381cd6ec97553cb8cb\">\n.flex_column.av-1zelf5k-b0336ba1d009d7381cd6ec97553cb8cb{\n-webkit-border-radius:0px 0px 0px 0px;\n-moz-border-radius:0px 0px 0px 0px;\nborder-radius:0px 0px 0px 0px;\n}\n<\/style>\n<div class='flex_column av-1zelf5k-b0336ba1d009d7381cd6ec97553cb8cb av_one_half  avia-builder-el-237  el_after_av_one_half  el_before_av_one_full  jo_pf_bild_bg flex_column_div av-animated-generic fade-in av-zero-column-padding column-top-margin'     ><p>\n<style type=\"text\/css\" data-created_by=\"avia_inline_auto\" id=\"style-css-av-m0gl4wsp-d74a2ad7d7bf4a91dcad5439ab67fb0c\">\n.avia-image-container.av-m0gl4wsp-d74a2ad7d7bf4a91dcad5439ab67fb0c img.avia_image{\nbox-shadow:none;\n}\n.avia-image-container.av-m0gl4wsp-d74a2ad7d7bf4a91dcad5439ab67fb0c .av-caption-image-overlay-bg{\nopacity:0.4;\n}\n<\/style>\n<div  class='avia-image-container av-m0gl4wsp-d74a2ad7d7bf4a91dcad5439ab67fb0c av-styling-no-styling avia_animated_image av-animated-when-visible-95 fade-in avia-align-left  avia-builder-el-238  el_before_av_textblock  avia-builder-el-first  jo_pf_bild noHover av-overlay-hover-deactivate'  ><div class=\"avia-image-container-inner\"><div class=\"avia-image-overlay-wrap\"><a href=\"https:\/\/www.galerie-metzger.de\/wp-content\/uploads\/2024\/08\/Keramische-Werkstatt-Margaretenhoehe-Plattenform-galerie-metzger-gallery-keramik-kunst-kaufen-1030x687.jpg\" data-srcset=\"https:\/\/www.galerie-metzger.de\/wp-content\/uploads\/2024\/08\/Keramische-Werkstatt-Margaretenhoehe-Plattenform-galerie-metzger-gallery-keramik-kunst-kaufen-1030x687.jpg 1030w, https:\/\/www.galerie-metzger.de\/wp-content\/uploads\/2024\/08\/Keramische-Werkstatt-Margaretenhoehe-Plattenform-galerie-metzger-gallery-keramik-kunst-kaufen-690x460.jpg 690w, https:\/\/www.galerie-metzger.de\/wp-content\/uploads\/2024\/08\/Keramische-Werkstatt-Margaretenhoehe-Plattenform-galerie-metzger-gallery-keramik-kunst-kaufen-768x512.jpg 768w, https:\/\/www.galerie-metzger.de\/wp-content\/uploads\/2024\/08\/Keramische-Werkstatt-Margaretenhoehe-Plattenform-galerie-metzger-gallery-keramik-kunst-kaufen-1536x1024.jpg 1536w, https:\/\/www.galerie-metzger.de\/wp-content\/uploads\/2024\/08\/Keramische-Werkstatt-Margaretenhoehe-Plattenform-galerie-metzger-gallery-keramik-kunst-kaufen-2048x1365.jpg 2048w, https:\/\/www.galerie-metzger.de\/wp-content\/uploads\/2024\/08\/Keramische-Werkstatt-Margaretenhoehe-Plattenform-galerie-metzger-gallery-keramik-kunst-kaufen-1500x1000.jpg 1500w, https:\/\/www.galerie-metzger.de\/wp-content\/uploads\/2024\/08\/Keramische-Werkstatt-Margaretenhoehe-Plattenform-galerie-metzger-gallery-keramik-kunst-kaufen-705x470.jpg 705w\" data-sizes=\"(max-width: 1030px) 100vw, 1030px\" class='avia_image' ><div class=\"av-image-caption-overlay\"><div class=\"av-caption-image-overlay-bg\"><\/div><div class=\"av-image-caption-overlay-position\"><div class=\"av-image-caption-overlay-center\"><p>Keramische Werkstatt Margaretenh\u00f6he \u2013 Plate \u2013 , 37&#215;32 cm, Foto: Edi Baumann<\/p>\n<\/div><\/div><\/div><img decoding=\"async\" class='wp-image-12741 avia-img-lazy-loading-not-12741 avia_image ' src=\"https:\/\/www.galerie-metzger.de\/wp-content\/uploads\/2024\/08\/Keramische-Werkstatt-Margaretenhoehe-Plattenform-galerie-metzger-gallery-keramik-kunst-kaufen-690x460.jpg\" alt='Keramische Werkstatt Margaretenhoehe - Plattenform' title='Keramische Werkstatt Margaretenhoehe - Plattenform'  height=\"460\" width=\"690\" srcset=\"https:\/\/www.galerie-metzger.de\/wp-content\/uploads\/2024\/08\/Keramische-Werkstatt-Margaretenhoehe-Plattenform-galerie-metzger-gallery-keramik-kunst-kaufen-690x460.jpg 690w, https:\/\/www.galerie-metzger.de\/wp-content\/uploads\/2024\/08\/Keramische-Werkstatt-Margaretenhoehe-Plattenform-galerie-metzger-gallery-keramik-kunst-kaufen-1030x687.jpg 1030w, https:\/\/www.galerie-metzger.de\/wp-content\/uploads\/2024\/08\/Keramische-Werkstatt-Margaretenhoehe-Plattenform-galerie-metzger-gallery-keramik-kunst-kaufen-768x512.jpg 768w, https:\/\/www.galerie-metzger.de\/wp-content\/uploads\/2024\/08\/Keramische-Werkstatt-Margaretenhoehe-Plattenform-galerie-metzger-gallery-keramik-kunst-kaufen-1536x1024.jpg 1536w, https:\/\/www.galerie-metzger.de\/wp-content\/uploads\/2024\/08\/Keramische-Werkstatt-Margaretenhoehe-Plattenform-galerie-metzger-gallery-keramik-kunst-kaufen-2048x1365.jpg 2048w, https:\/\/www.galerie-metzger.de\/wp-content\/uploads\/2024\/08\/Keramische-Werkstatt-Margaretenhoehe-Plattenform-galerie-metzger-gallery-keramik-kunst-kaufen-1500x1000.jpg 1500w, https:\/\/www.galerie-metzger.de\/wp-content\/uploads\/2024\/08\/Keramische-Werkstatt-Margaretenhoehe-Plattenform-galerie-metzger-gallery-keramik-kunst-kaufen-705x470.jpg 705w\" sizes=\"(max-width: 690px) 100vw, 690px\" \/><\/a><\/div><\/div><\/div><br \/>\n<section  class='av_textblock_section av-5etat4-49267541ea5f5062b457f93df40c012e' ><div class='avia_textblock jo_werk_anfrage lang sehr' ><p><a class=\"anfrage\" href=\"mailto:info@galerie-metzger.de?subject=Keramische%20Werkstatt%20Margaretenh%C3%B6he%20Krugform%209x16x9cm\">request information<\/a><\/p>\n<\/div><\/section><\/p><\/div><div class='flex_column_table av-185w7i0-174eda691ebe6b2438a20cca93295af3 sc-av_one_full av-equal-height-column-flextable'>\n<style type=\"text\/css\" data-created_by=\"avia_inline_auto\" id=\"style-css-av-185w7i0-174eda691ebe6b2438a20cca93295af3\">\n.flex_column.av-185w7i0-174eda691ebe6b2438a20cca93295af3{\n-webkit-border-radius:0px 0px 0px 0px;\n-moz-border-radius:0px 0px 0px 0px;\nborder-radius:0px 0px 0px 0px;\n}\n<\/style>\n<div class='flex_column av-185w7i0-174eda691ebe6b2438a20cca93295af3 av_one_full  avia-builder-el-240  el_after_av_one_half  el_before_av_one_third  jo_col_empty first flex_column_table_cell av-equal-height-column av-align-top av-animated-generic fade-in av-zero-column-padding column-top-margin'     ><section  class='av_textblock_section av-vggvfc-9c43964ae52ccf4bfbe43292bb67fd4d' ><div class='avia_textblock' ><p>invisible placeholder<\/p>\n<\/div><\/section><\/div><\/div><!--close column table wrapper. Autoclose: 1 -->\n<style type=\"text\/css\" data-created_by=\"avia_inline_auto\" id=\"style-css-av-1gmb53s-c454b88c1e75252c100d0fdcfe0b87c1\">\n.flex_column.av-1gmb53s-c454b88c1e75252c100d0fdcfe0b87c1{\n-webkit-border-radius:0px 0px 0px 0px;\n-moz-border-radius:0px 0px 0px 0px;\nborder-radius:0px 0px 0px 0px;\n}\n<\/style>\n<div class='flex_column av-1gmb53s-c454b88c1e75252c100d0fdcfe0b87c1 av_one_third  avia-builder-el-242  el_after_av_one_full  el_before_av_one_third  jo_pf_bild_bg first flex_column_div av-animated-generic fade-in av-zero-column-padding column-top-margin'     ><p>\n<style type=\"text\/css\" data-created_by=\"avia_inline_auto\" id=\"style-css-av-4jdm2g-afb820929f03afb7461bb8852c1f6042\">\n.avia-image-container.av-4jdm2g-afb820929f03afb7461bb8852c1f6042 img.avia_image{\nbox-shadow:none;\n}\n.avia-image-container.av-4jdm2g-afb820929f03afb7461bb8852c1f6042 .av-caption-image-overlay-bg{\nopacity:0.4;\n}\n<\/style>\n<div  class='avia-image-container av-4jdm2g-afb820929f03afb7461bb8852c1f6042 av-styling-no-styling avia_animated_image av-animated-when-visible-95 fade-in avia-align-left  avia-builder-el-243  el_before_av_textblock  avia-builder-el-first  jo_pf_bild noHover av-overlay-hover-deactivate'  ><div class=\"avia-image-container-inner\"><div class=\"avia-image-overlay-wrap\"><a href=\"https:\/\/www.galerie-metzger.de\/wp-content\/uploads\/2024\/08\/Sebastian-Pertl-Teekanne-mit-Becher-galerie-metzger-gallery-keramikkunst-1030x687.jpg\" data-srcset=\"https:\/\/www.galerie-metzger.de\/wp-content\/uploads\/2024\/08\/Sebastian-Pertl-Teekanne-mit-Becher-galerie-metzger-gallery-keramikkunst-1030x687.jpg 1030w, https:\/\/www.galerie-metzger.de\/wp-content\/uploads\/2024\/08\/Sebastian-Pertl-Teekanne-mit-Becher-galerie-metzger-gallery-keramikkunst-690x460.jpg 690w, https:\/\/www.galerie-metzger.de\/wp-content\/uploads\/2024\/08\/Sebastian-Pertl-Teekanne-mit-Becher-galerie-metzger-gallery-keramikkunst-768x512.jpg 768w, https:\/\/www.galerie-metzger.de\/wp-content\/uploads\/2024\/08\/Sebastian-Pertl-Teekanne-mit-Becher-galerie-metzger-gallery-keramikkunst-1536x1024.jpg 1536w, https:\/\/www.galerie-metzger.de\/wp-content\/uploads\/2024\/08\/Sebastian-Pertl-Teekanne-mit-Becher-galerie-metzger-gallery-keramikkunst-2048x1365.jpg 2048w, https:\/\/www.galerie-metzger.de\/wp-content\/uploads\/2024\/08\/Sebastian-Pertl-Teekanne-mit-Becher-galerie-metzger-gallery-keramikkunst-1500x1000.jpg 1500w, https:\/\/www.galerie-metzger.de\/wp-content\/uploads\/2024\/08\/Sebastian-Pertl-Teekanne-mit-Becher-galerie-metzger-gallery-keramikkunst-705x470.jpg 705w\" data-sizes=\"(max-width: 1030px) 100vw, 1030px\" class='avia_image' ><div class=\"av-image-caption-overlay\"><div class=\"av-caption-image-overlay-bg\"><\/div><div class=\"av-image-caption-overlay-position\"><div class=\"av-image-caption-overlay-center\"><p>Sebastian Pertl \u2013 Teapot with mug \u2013 , Foto: Edi Baumann<\/p>\n<\/div><\/div><\/div><img decoding=\"async\" class='wp-image-12654 avia-img-lazy-loading-not-12654 avia_image ' src=\"https:\/\/www.galerie-metzger.de\/wp-content\/uploads\/2024\/08\/Sebastian-Pertl-Teekanne-mit-Becher-galerie-metzger-gallery-keramikkunst-690x460.jpg\" alt='Sebastian Pertl - Teapot with mug' title='Sebastian Pertl - Teapot with mug'  height=\"460\" width=\"690\" srcset=\"https:\/\/www.galerie-metzger.de\/wp-content\/uploads\/2024\/08\/Sebastian-Pertl-Teekanne-mit-Becher-galerie-metzger-gallery-keramikkunst-690x460.jpg 690w, https:\/\/www.galerie-metzger.de\/wp-content\/uploads\/2024\/08\/Sebastian-Pertl-Teekanne-mit-Becher-galerie-metzger-gallery-keramikkunst-1030x687.jpg 1030w, https:\/\/www.galerie-metzger.de\/wp-content\/uploads\/2024\/08\/Sebastian-Pertl-Teekanne-mit-Becher-galerie-metzger-gallery-keramikkunst-768x512.jpg 768w, https:\/\/www.galerie-metzger.de\/wp-content\/uploads\/2024\/08\/Sebastian-Pertl-Teekanne-mit-Becher-galerie-metzger-gallery-keramikkunst-1536x1024.jpg 1536w, https:\/\/www.galerie-metzger.de\/wp-content\/uploads\/2024\/08\/Sebastian-Pertl-Teekanne-mit-Becher-galerie-metzger-gallery-keramikkunst-2048x1365.jpg 2048w, https:\/\/www.galerie-metzger.de\/wp-content\/uploads\/2024\/08\/Sebastian-Pertl-Teekanne-mit-Becher-galerie-metzger-gallery-keramikkunst-1500x1000.jpg 1500w, https:\/\/www.galerie-metzger.de\/wp-content\/uploads\/2024\/08\/Sebastian-Pertl-Teekanne-mit-Becher-galerie-metzger-gallery-keramikkunst-705x470.jpg 705w\" sizes=\"(max-width: 690px) 100vw, 690px\" \/><\/a><\/div><\/div><\/div><br \/>\n<section  class='av_textblock_section av-k8v4fs-5afd2131a23ea108f9a5ca76dfe84f1e' ><div class='avia_textblock jo_werk_anfrage lang' ><p><a class=\"anfrage\" href=\"mailto:info@galerie-metzger.de?subject=Sebastian%20Pertl%20Teekanne%20mit%20Becher%202024\">request information<\/a><\/p>\n<\/div><\/section><\/p><\/div>\n<style type=\"text\/css\" data-created_by=\"avia_inline_auto\" id=\"style-css-av-1ywo9ug-361aa871776430c4a0de847cf9e05c70\">\n.flex_column.av-1ywo9ug-361aa871776430c4a0de847cf9e05c70{\n-webkit-border-radius:0px 0px 0px 0px;\n-moz-border-radius:0px 0px 0px 0px;\nborder-radius:0px 0px 0px 0px;\n}\n<\/style>\n<div class='flex_column av-1ywo9ug-361aa871776430c4a0de847cf9e05c70 av_one_third  avia-builder-el-245  el_after_av_one_third  el_before_av_one_third  jo_pf_bild_bg flex_column_div av-animated-generic fade-in av-zero-column-padding column-top-margin'     ><p>\n<style type=\"text\/css\" data-created_by=\"avia_inline_auto\" id=\"style-css-av-m0as3ahv-770a3a7e4c285bad5c7d44ca3abcba93\">\n.avia-image-container.av-m0as3ahv-770a3a7e4c285bad5c7d44ca3abcba93 img.avia_image{\nbox-shadow:none;\n}\n.avia-image-container.av-m0as3ahv-770a3a7e4c285bad5c7d44ca3abcba93 .av-caption-image-overlay-bg{\nopacity:0.4;\n}\n<\/style>\n<div  class='avia-image-container av-m0as3ahv-770a3a7e4c285bad5c7d44ca3abcba93 av-styling-no-styling avia_animated_image av-animated-when-visible-95 fade-in avia-align-left  avia-builder-el-246  el_before_av_textblock  avia-builder-el-first  jo_pf_bild noHover av-overlay-hover-deactivate'  ><div class=\"avia-image-container-inner\"><div class=\"avia-image-overlay-wrap\"><a href=\"https:\/\/www.galerie-metzger.de\/wp-content\/uploads\/2024\/08\/Sebastian-Pertl-Kannen-und-Becher-fuer-Rechts-und-Linkshaender-galerie-metzger-gallery-ceramic-art-buy-1030x687.jpg\" data-srcset=\"https:\/\/www.galerie-metzger.de\/wp-content\/uploads\/2024\/08\/Sebastian-Pertl-Kannen-und-Becher-fuer-Rechts-und-Linkshaender-galerie-metzger-gallery-ceramic-art-buy-1030x687.jpg 1030w, https:\/\/www.galerie-metzger.de\/wp-content\/uploads\/2024\/08\/Sebastian-Pertl-Kannen-und-Becher-fuer-Rechts-und-Linkshaender-galerie-metzger-gallery-ceramic-art-buy-690x460.jpg 690w, https:\/\/www.galerie-metzger.de\/wp-content\/uploads\/2024\/08\/Sebastian-Pertl-Kannen-und-Becher-fuer-Rechts-und-Linkshaender-galerie-metzger-gallery-ceramic-art-buy-768x512.jpg 768w, https:\/\/www.galerie-metzger.de\/wp-content\/uploads\/2024\/08\/Sebastian-Pertl-Kannen-und-Becher-fuer-Rechts-und-Linkshaender-galerie-metzger-gallery-ceramic-art-buy-1536x1024.jpg 1536w, https:\/\/www.galerie-metzger.de\/wp-content\/uploads\/2024\/08\/Sebastian-Pertl-Kannen-und-Becher-fuer-Rechts-und-Linkshaender-galerie-metzger-gallery-ceramic-art-buy-2048x1365.jpg 2048w, https:\/\/www.galerie-metzger.de\/wp-content\/uploads\/2024\/08\/Sebastian-Pertl-Kannen-und-Becher-fuer-Rechts-und-Linkshaender-galerie-metzger-gallery-ceramic-art-buy-1500x1000.jpg 1500w, https:\/\/www.galerie-metzger.de\/wp-content\/uploads\/2024\/08\/Sebastian-Pertl-Kannen-und-Becher-fuer-Rechts-und-Linkshaender-galerie-metzger-gallery-ceramic-art-buy-705x470.jpg 705w\" data-sizes=\"(max-width: 1030px) 100vw, 1030px\" class='avia_image' ><div class=\"av-image-caption-overlay\"><div class=\"av-caption-image-overlay-bg\"><\/div><div class=\"av-image-caption-overlay-position\"><div class=\"av-image-caption-overlay-center\"><p>Sebastian Pertl \u2013 Jugs and mugs for right and left-handers \u2013 , Foto: Edi Baumann<\/p>\n<\/div><\/div><\/div><img decoding=\"async\" class='wp-image-12652 avia-img-lazy-loading-not-12652 avia_image ' src=\"https:\/\/www.galerie-metzger.de\/wp-content\/uploads\/2024\/08\/Sebastian-Pertl-Kannen-und-Becher-fuer-Rechts-und-Linkshaender-galerie-metzger-gallery-ceramic-art-buy-690x460.jpg\" alt='Sebastian Pertl - Teapots and mugs for right and left-handers' title='Sebastian Pertl - Teapots and mugs for right and left-handers'  height=\"460\" width=\"690\" srcset=\"https:\/\/www.galerie-metzger.de\/wp-content\/uploads\/2024\/08\/Sebastian-Pertl-Kannen-und-Becher-fuer-Rechts-und-Linkshaender-galerie-metzger-gallery-ceramic-art-buy-690x460.jpg 690w, https:\/\/www.galerie-metzger.de\/wp-content\/uploads\/2024\/08\/Sebastian-Pertl-Kannen-und-Becher-fuer-Rechts-und-Linkshaender-galerie-metzger-gallery-ceramic-art-buy-1030x687.jpg 1030w, https:\/\/www.galerie-metzger.de\/wp-content\/uploads\/2024\/08\/Sebastian-Pertl-Kannen-und-Becher-fuer-Rechts-und-Linkshaender-galerie-metzger-gallery-ceramic-art-buy-768x512.jpg 768w, https:\/\/www.galerie-metzger.de\/wp-content\/uploads\/2024\/08\/Sebastian-Pertl-Kannen-und-Becher-fuer-Rechts-und-Linkshaender-galerie-metzger-gallery-ceramic-art-buy-1536x1024.jpg 1536w, https:\/\/www.galerie-metzger.de\/wp-content\/uploads\/2024\/08\/Sebastian-Pertl-Kannen-und-Becher-fuer-Rechts-und-Linkshaender-galerie-metzger-gallery-ceramic-art-buy-2048x1365.jpg 2048w, https:\/\/www.galerie-metzger.de\/wp-content\/uploads\/2024\/08\/Sebastian-Pertl-Kannen-und-Becher-fuer-Rechts-und-Linkshaender-galerie-metzger-gallery-ceramic-art-buy-1500x1000.jpg 1500w, https:\/\/www.galerie-metzger.de\/wp-content\/uploads\/2024\/08\/Sebastian-Pertl-Kannen-und-Becher-fuer-Rechts-und-Linkshaender-galerie-metzger-gallery-ceramic-art-buy-705x470.jpg 705w\" sizes=\"(max-width: 690px) 100vw, 690px\" \/><\/a><\/div><\/div><\/div><br \/>\n<section  class='av_textblock_section av-m0as43mp-05cf77da346b0bcce4aa1ac355210594' ><div class='avia_textblock jo_werk_anfrage lang' ><p><a class=\"anfrage\" href=\"mailto:info@galerie-metzger.de?subject=Sebastian%20Pertl%20Kannen%20und%20Becher%20f%C3%BCr%20Rechts-und%20Linkshaender%202024\">request information<\/a><\/p>\n<\/div><\/section><\/p><\/div>\n<style type=\"text\/css\" data-created_by=\"avia_inline_auto\" id=\"style-css-av-1gtzmt4-ce48d2c88ce7f3751cafef33b4e501fe\">\n.flex_column.av-1gtzmt4-ce48d2c88ce7f3751cafef33b4e501fe{\n-webkit-border-radius:0px 0px 0px 0px;\n-moz-border-radius:0px 0px 0px 0px;\nborder-radius:0px 0px 0px 0px;\n}\n<\/style>\n<div class='flex_column av-1gtzmt4-ce48d2c88ce7f3751cafef33b4e501fe av_one_third  avia-builder-el-248  el_after_av_one_third  el_before_av_one_full  jo_pf_bild_bg flex_column_div av-animated-generic fade-in av-zero-column-padding column-top-margin'     ><p>\n<style type=\"text\/css\" data-created_by=\"avia_inline_auto\" id=\"style-css-av-m0as6svi-9cd9ee7f9372a7dd3d66ae8a400e9589\">\n.avia-image-container.av-m0as6svi-9cd9ee7f9372a7dd3d66ae8a400e9589 img.avia_image{\nbox-shadow:none;\n}\n.avia-image-container.av-m0as6svi-9cd9ee7f9372a7dd3d66ae8a400e9589 .av-caption-image-overlay-bg{\nopacity:0.4;\n}\n<\/style>\n<div  class='avia-image-container av-m0as6svi-9cd9ee7f9372a7dd3d66ae8a400e9589 av-styling-no-styling avia_animated_image av-animated-when-visible-95 fade-in avia-align-left  avia-builder-el-249  el_before_av_textblock  avia-builder-el-first  jo_pf_bild noHover av-overlay-hover-deactivate'  ><div class=\"avia-image-container-inner\"><div class=\"avia-image-overlay-wrap\"><a href=\"https:\/\/www.galerie-metzger.de\/wp-content\/uploads\/2024\/08\/Sebastian-Pertl-Teekanne-mit-Becher-galerie-metzger-keramik-angewandte-kunst-kaufen-1030x687.jpg\" data-srcset=\"https:\/\/www.galerie-metzger.de\/wp-content\/uploads\/2024\/08\/Sebastian-Pertl-Teekanne-mit-Becher-galerie-metzger-keramik-angewandte-kunst-kaufen-1030x687.jpg 1030w, https:\/\/www.galerie-metzger.de\/wp-content\/uploads\/2024\/08\/Sebastian-Pertl-Teekanne-mit-Becher-galerie-metzger-keramik-angewandte-kunst-kaufen-690x460.jpg 690w, https:\/\/www.galerie-metzger.de\/wp-content\/uploads\/2024\/08\/Sebastian-Pertl-Teekanne-mit-Becher-galerie-metzger-keramik-angewandte-kunst-kaufen-768x512.jpg 768w, https:\/\/www.galerie-metzger.de\/wp-content\/uploads\/2024\/08\/Sebastian-Pertl-Teekanne-mit-Becher-galerie-metzger-keramik-angewandte-kunst-kaufen-1536x1024.jpg 1536w, https:\/\/www.galerie-metzger.de\/wp-content\/uploads\/2024\/08\/Sebastian-Pertl-Teekanne-mit-Becher-galerie-metzger-keramik-angewandte-kunst-kaufen-2048x1365.jpg 2048w, https:\/\/www.galerie-metzger.de\/wp-content\/uploads\/2024\/08\/Sebastian-Pertl-Teekanne-mit-Becher-galerie-metzger-keramik-angewandte-kunst-kaufen-1500x1000.jpg 1500w, https:\/\/www.galerie-metzger.de\/wp-content\/uploads\/2024\/08\/Sebastian-Pertl-Teekanne-mit-Becher-galerie-metzger-keramik-angewandte-kunst-kaufen-705x470.jpg 705w\" data-sizes=\"(max-width: 1030px) 100vw, 1030px\" class='avia_image' ><div class=\"av-image-caption-overlay\"><div class=\"av-caption-image-overlay-bg\"><\/div><div class=\"av-image-caption-overlay-position\"><div class=\"av-image-caption-overlay-center\"><p>Sebastian Pertl \u2013 Teapot with mugs \u2013 , Foto: Edi Baumann<\/p>\n<\/div><\/div><\/div><img decoding=\"async\" class='wp-image-12656 avia-img-lazy-loading-not-12656 avia_image ' src=\"https:\/\/www.galerie-metzger.de\/wp-content\/uploads\/2024\/08\/Sebastian-Pertl-Teekanne-mit-Becher-galerie-metzger-keramik-angewandte-kunst-kaufen-690x460.jpg\" alt='Sebastian Pertl - Teapot with mugs' title='Sebastian Pertl - Teapot with mugs'  height=\"460\" width=\"690\" srcset=\"https:\/\/www.galerie-metzger.de\/wp-content\/uploads\/2024\/08\/Sebastian-Pertl-Teekanne-mit-Becher-galerie-metzger-keramik-angewandte-kunst-kaufen-690x460.jpg 690w, https:\/\/www.galerie-metzger.de\/wp-content\/uploads\/2024\/08\/Sebastian-Pertl-Teekanne-mit-Becher-galerie-metzger-keramik-angewandte-kunst-kaufen-1030x687.jpg 1030w, https:\/\/www.galerie-metzger.de\/wp-content\/uploads\/2024\/08\/Sebastian-Pertl-Teekanne-mit-Becher-galerie-metzger-keramik-angewandte-kunst-kaufen-768x512.jpg 768w, https:\/\/www.galerie-metzger.de\/wp-content\/uploads\/2024\/08\/Sebastian-Pertl-Teekanne-mit-Becher-galerie-metzger-keramik-angewandte-kunst-kaufen-1536x1024.jpg 1536w, https:\/\/www.galerie-metzger.de\/wp-content\/uploads\/2024\/08\/Sebastian-Pertl-Teekanne-mit-Becher-galerie-metzger-keramik-angewandte-kunst-kaufen-2048x1365.jpg 2048w, https:\/\/www.galerie-metzger.de\/wp-content\/uploads\/2024\/08\/Sebastian-Pertl-Teekanne-mit-Becher-galerie-metzger-keramik-angewandte-kunst-kaufen-1500x1000.jpg 1500w, https:\/\/www.galerie-metzger.de\/wp-content\/uploads\/2024\/08\/Sebastian-Pertl-Teekanne-mit-Becher-galerie-metzger-keramik-angewandte-kunst-kaufen-705x470.jpg 705w\" sizes=\"(max-width: 690px) 100vw, 690px\" \/><\/a><\/div><\/div><\/div><br \/>\n<section  class='av_textblock_section av-m0as77xy-adc05738ba35bf1fbe9929d623cde60f' ><div class='avia_textblock jo_werk_anfrage lang' ><p><a class=\"anfrage\" href=\"mailto:info@galerie-metzger.de?subject=Sebastian%20Pertl%20Teekanne%20mit%20Bechern%202024\">request information<\/a><\/p>\n<\/div><\/section><\/p><\/div><div class='flex_column_table av-363o7mg-5c2d8b1f822417bdfef1eefcac79d765 sc-av_one_full av-equal-height-column-flextable'>\n<style type=\"text\/css\" data-created_by=\"avia_inline_auto\" id=\"style-css-av-363o7mg-5c2d8b1f822417bdfef1eefcac79d765\">\n.flex_column.av-363o7mg-5c2d8b1f822417bdfef1eefcac79d765{\n-webkit-border-radius:0px 0px 0px 0px;\n-moz-border-radius:0px 0px 0px 0px;\nborder-radius:0px 0px 0px 0px;\n}\n<\/style>\n<div class='flex_column av-363o7mg-5c2d8b1f822417bdfef1eefcac79d765 av_one_full  avia-builder-el-251  el_after_av_one_third  el_before_av_one_half  jo_col_empty first flex_column_table_cell av-equal-height-column av-align-top av-animated-generic fade-in av-zero-column-padding column-top-margin'     ><section  class='av_textblock_section av-2k33z4o-ed29bd0c0b2bb942de5fe0c3de48e75a' ><div class='avia_textblock' ><p>invisible placeholder<\/p>\n<\/div><\/section><\/div><\/div><!--close column table wrapper. Autoclose: 1 -->\n<style type=\"text\/css\" data-created_by=\"avia_inline_auto\" id=\"style-css-av-222mn14-8fe002c4b9f20309f7ec541928c6a4eb\">\n.flex_column.av-222mn14-8fe002c4b9f20309f7ec541928c6a4eb{\n-webkit-border-radius:0px 0px 0px 0px;\n-moz-border-radius:0px 0px 0px 0px;\nborder-radius:0px 0px 0px 0px;\n}\n<\/style>\n<div class='flex_column av-222mn14-8fe002c4b9f20309f7ec541928c6a4eb av_one_half  avia-builder-el-253  el_after_av_one_full  el_before_av_one_half  jo_pf_bild_bg first flex_column_div av-animated-generic fade-in av-zero-column-padding column-top-margin'     ><p>\n<style type=\"text\/css\" data-created_by=\"avia_inline_auto\" id=\"style-css-av-m0hq6qmf-a03d6862991d3c51606e1aa3fe7dab06\">\n.avia-image-container.av-m0hq6qmf-a03d6862991d3c51606e1aa3fe7dab06 img.avia_image{\nbox-shadow:none;\n}\n.avia-image-container.av-m0hq6qmf-a03d6862991d3c51606e1aa3fe7dab06 .av-caption-image-overlay-bg{\nopacity:0.4;\n}\n<\/style>\n<div  class='avia-image-container av-m0hq6qmf-a03d6862991d3c51606e1aa3fe7dab06 av-styling-no-styling avia_animated_image av-animated-when-visible-95 fade-in avia-align-left  avia-builder-el-254  el_before_av_textblock  avia-builder-el-first  jo_pf_bild noHover av-overlay-hover-deactivate'  ><div class=\"avia-image-container-inner\"><div class=\"avia-image-overlay-wrap\"><a href=\"https:\/\/www.galerie-metzger.de\/wp-content\/uploads\/2024\/08\/Laetitia-Pineda-Stillleben-mit-Teekeramik-galerie-metzger-gallery-keramikkunst-teaceramic-1030x687.jpg\" data-srcset=\"https:\/\/www.galerie-metzger.de\/wp-content\/uploads\/2024\/08\/Laetitia-Pineda-Stillleben-mit-Teekeramik-galerie-metzger-gallery-keramikkunst-teaceramic-1030x687.jpg 1030w, https:\/\/www.galerie-metzger.de\/wp-content\/uploads\/2024\/08\/Laetitia-Pineda-Stillleben-mit-Teekeramik-galerie-metzger-gallery-keramikkunst-teaceramic-690x460.jpg 690w, https:\/\/www.galerie-metzger.de\/wp-content\/uploads\/2024\/08\/Laetitia-Pineda-Stillleben-mit-Teekeramik-galerie-metzger-gallery-keramikkunst-teaceramic-768x512.jpg 768w, https:\/\/www.galerie-metzger.de\/wp-content\/uploads\/2024\/08\/Laetitia-Pineda-Stillleben-mit-Teekeramik-galerie-metzger-gallery-keramikkunst-teaceramic-1536x1024.jpg 1536w, https:\/\/www.galerie-metzger.de\/wp-content\/uploads\/2024\/08\/Laetitia-Pineda-Stillleben-mit-Teekeramik-galerie-metzger-gallery-keramikkunst-teaceramic-2048x1365.jpg 2048w, https:\/\/www.galerie-metzger.de\/wp-content\/uploads\/2024\/08\/Laetitia-Pineda-Stillleben-mit-Teekeramik-galerie-metzger-gallery-keramikkunst-teaceramic-1500x1000.jpg 1500w, https:\/\/www.galerie-metzger.de\/wp-content\/uploads\/2024\/08\/Laetitia-Pineda-Stillleben-mit-Teekeramik-galerie-metzger-gallery-keramikkunst-teaceramic-705x470.jpg 705w\" data-sizes=\"(max-width: 1030px) 100vw, 1030px\" class='avia_image' ><div class=\"av-image-caption-overlay\"><div class=\"av-caption-image-overlay-bg\"><\/div><div class=\"av-image-caption-overlay-position\"><div class=\"av-image-caption-overlay-center\"><p>Laetitia Pineda \u2013 Still life with tea ceramics \u2013 , Foto: Laetitia Pineda<\/p>\n<\/div><\/div><\/div><img decoding=\"async\" class='wp-image-12672 avia-img-lazy-loading-not-12672 avia_image ' src=\"https:\/\/www.galerie-metzger.de\/wp-content\/uploads\/2024\/08\/Laetitia-Pineda-Stillleben-mit-Teekeramik-galerie-metzger-gallery-keramikkunst-teaceramic-690x460.jpg\" alt='Laetitia Pineda - Still life with tea ceramics' title='Laetitia Pineda - Still life with tea ceramics'  height=\"460\" width=\"690\" srcset=\"https:\/\/www.galerie-metzger.de\/wp-content\/uploads\/2024\/08\/Laetitia-Pineda-Stillleben-mit-Teekeramik-galerie-metzger-gallery-keramikkunst-teaceramic-690x460.jpg 690w, https:\/\/www.galerie-metzger.de\/wp-content\/uploads\/2024\/08\/Laetitia-Pineda-Stillleben-mit-Teekeramik-galerie-metzger-gallery-keramikkunst-teaceramic-1030x687.jpg 1030w, https:\/\/www.galerie-metzger.de\/wp-content\/uploads\/2024\/08\/Laetitia-Pineda-Stillleben-mit-Teekeramik-galerie-metzger-gallery-keramikkunst-teaceramic-768x512.jpg 768w, https:\/\/www.galerie-metzger.de\/wp-content\/uploads\/2024\/08\/Laetitia-Pineda-Stillleben-mit-Teekeramik-galerie-metzger-gallery-keramikkunst-teaceramic-1536x1024.jpg 1536w, https:\/\/www.galerie-metzger.de\/wp-content\/uploads\/2024\/08\/Laetitia-Pineda-Stillleben-mit-Teekeramik-galerie-metzger-gallery-keramikkunst-teaceramic-2048x1365.jpg 2048w, https:\/\/www.galerie-metzger.de\/wp-content\/uploads\/2024\/08\/Laetitia-Pineda-Stillleben-mit-Teekeramik-galerie-metzger-gallery-keramikkunst-teaceramic-1500x1000.jpg 1500w, https:\/\/www.galerie-metzger.de\/wp-content\/uploads\/2024\/08\/Laetitia-Pineda-Stillleben-mit-Teekeramik-galerie-metzger-gallery-keramikkunst-teaceramic-705x470.jpg 705w\" sizes=\"(max-width: 690px) 100vw, 690px\" \/><\/a><\/div><\/div><\/div><br \/>\n<section  class='av_textblock_section av-m0hq8v8b-67962caff7573b963839886c76a3a9ea' ><div class='avia_textblock jo_werk_anfrage lang' ><p><a class=\"anfrage\" href=\"mailto:info@galerie-metzger.de?subject=Laetitia%20Pineda%20Stillleben%20mit%20Teekeramik%202024\">request information<\/a><\/p>\n<\/div><\/section><\/p><\/div>\n<style type=\"text\/css\" data-created_by=\"avia_inline_auto\" id=\"style-css-av-1j1rpvc-273aaf886d964d51bd4aa4216d4ace81\">\n.flex_column.av-1j1rpvc-273aaf886d964d51bd4aa4216d4ace81{\n-webkit-border-radius:0px 0px 0px 0px;\n-moz-border-radius:0px 0px 0px 0px;\nborder-radius:0px 0px 0px 0px;\n}\n<\/style>\n<div class='flex_column av-1j1rpvc-273aaf886d964d51bd4aa4216d4ace81 av_one_half  avia-builder-el-256  el_after_av_one_half  el_before_av_one_full  jo_pf_bild_bg flex_column_div av-animated-generic fade-in av-zero-column-padding column-top-margin'     ><p>\n<style type=\"text\/css\" data-created_by=\"avia_inline_auto\" id=\"style-css-av-m0hq9re6-539c147a200c3f83fb37fe2bcf085fd4\">\n.avia-image-container.av-m0hq9re6-539c147a200c3f83fb37fe2bcf085fd4 img.avia_image{\nbox-shadow:none;\n}\n.avia-image-container.av-m0hq9re6-539c147a200c3f83fb37fe2bcf085fd4 .av-caption-image-overlay-bg{\nopacity:0.4;\n}\n<\/style>\n<div  class='avia-image-container av-m0hq9re6-539c147a200c3f83fb37fe2bcf085fd4 av-styling-no-styling avia_animated_image av-animated-when-visible-95 fade-in avia-align-left  avia-builder-el-257  el_before_av_textblock  avia-builder-el-first  jo_pf_bild noHover av-overlay-hover-deactivate'  ><div class=\"avia-image-container-inner\"><div class=\"avia-image-overlay-wrap\"><a href=\"https:\/\/www.galerie-metzger.de\/wp-content\/uploads\/2024\/08\/Laetitia-Pineda-Tea-Bowl-galerie-metzter-gallery-keramikkunst-ceramic-art-1030x687.jpg\" data-srcset=\"https:\/\/www.galerie-metzger.de\/wp-content\/uploads\/2024\/08\/Laetitia-Pineda-Tea-Bowl-galerie-metzter-gallery-keramikkunst-ceramic-art-1030x687.jpg 1030w, https:\/\/www.galerie-metzger.de\/wp-content\/uploads\/2024\/08\/Laetitia-Pineda-Tea-Bowl-galerie-metzter-gallery-keramikkunst-ceramic-art-690x460.jpg 690w, https:\/\/www.galerie-metzger.de\/wp-content\/uploads\/2024\/08\/Laetitia-Pineda-Tea-Bowl-galerie-metzter-gallery-keramikkunst-ceramic-art-768x512.jpg 768w, https:\/\/www.galerie-metzger.de\/wp-content\/uploads\/2024\/08\/Laetitia-Pineda-Tea-Bowl-galerie-metzter-gallery-keramikkunst-ceramic-art-1536x1024.jpg 1536w, https:\/\/www.galerie-metzger.de\/wp-content\/uploads\/2024\/08\/Laetitia-Pineda-Tea-Bowl-galerie-metzter-gallery-keramikkunst-ceramic-art-2048x1365.jpg 2048w, https:\/\/www.galerie-metzger.de\/wp-content\/uploads\/2024\/08\/Laetitia-Pineda-Tea-Bowl-galerie-metzter-gallery-keramikkunst-ceramic-art-1500x1000.jpg 1500w, https:\/\/www.galerie-metzger.de\/wp-content\/uploads\/2024\/08\/Laetitia-Pineda-Tea-Bowl-galerie-metzter-gallery-keramikkunst-ceramic-art-705x470.jpg 705w\" data-sizes=\"(max-width: 1030px) 100vw, 1030px\" class='avia_image' ><div class=\"av-image-caption-overlay\"><div class=\"av-caption-image-overlay-bg\"><\/div><div class=\"av-image-caption-overlay-position\"><div class=\"av-image-caption-overlay-center\"><p>Laetitia Pineda \u2013 Tea bowls \u2013 , Foto: Laetitia Pineda<\/p>\n<\/div><\/div><\/div><img decoding=\"async\" class='wp-image-12674 avia-img-lazy-loading-not-12674 avia_image ' src=\"https:\/\/www.galerie-metzger.de\/wp-content\/uploads\/2024\/08\/Laetitia-Pineda-Tea-Bowl-galerie-metzter-gallery-keramikkunst-ceramic-art-690x460.jpg\" alt='Laetitia Pineda - Tea Bowl' title='Laetitia Pineda - Tea Bowl'  height=\"460\" width=\"690\" srcset=\"https:\/\/www.galerie-metzger.de\/wp-content\/uploads\/2024\/08\/Laetitia-Pineda-Tea-Bowl-galerie-metzter-gallery-keramikkunst-ceramic-art-690x460.jpg 690w, https:\/\/www.galerie-metzger.de\/wp-content\/uploads\/2024\/08\/Laetitia-Pineda-Tea-Bowl-galerie-metzter-gallery-keramikkunst-ceramic-art-1030x687.jpg 1030w, https:\/\/www.galerie-metzger.de\/wp-content\/uploads\/2024\/08\/Laetitia-Pineda-Tea-Bowl-galerie-metzter-gallery-keramikkunst-ceramic-art-768x512.jpg 768w, https:\/\/www.galerie-metzger.de\/wp-content\/uploads\/2024\/08\/Laetitia-Pineda-Tea-Bowl-galerie-metzter-gallery-keramikkunst-ceramic-art-1536x1024.jpg 1536w, https:\/\/www.galerie-metzger.de\/wp-content\/uploads\/2024\/08\/Laetitia-Pineda-Tea-Bowl-galerie-metzter-gallery-keramikkunst-ceramic-art-2048x1365.jpg 2048w, https:\/\/www.galerie-metzger.de\/wp-content\/uploads\/2024\/08\/Laetitia-Pineda-Tea-Bowl-galerie-metzter-gallery-keramikkunst-ceramic-art-1500x1000.jpg 1500w, https:\/\/www.galerie-metzger.de\/wp-content\/uploads\/2024\/08\/Laetitia-Pineda-Tea-Bowl-galerie-metzter-gallery-keramikkunst-ceramic-art-705x470.jpg 705w\" sizes=\"(max-width: 690px) 100vw, 690px\" \/><\/a><\/div><\/div><\/div><br \/>\n<section  class='av_textblock_section av-m0hqa3rf-001a73e053e3cbc737b9c47e7888d9bf' ><div class='avia_textblock jo_werk_anfrage lang' ><p><a class=\"anfrage\" href=\"mailto:info@galerie-metzger.de?subject=Laetitia%20Pineda%20Teeschalen%202024\">request information<\/a><\/p>\n<\/div><\/section><\/p><\/div><div class='flex_column_table av-1ci27h4-ebbe26a22abb36dde7ef46217d92eac1 sc-av_one_full av-equal-height-column-flextable'>\n<style type=\"text\/css\" data-created_by=\"avia_inline_auto\" id=\"style-css-av-1ci27h4-ebbe26a22abb36dde7ef46217d92eac1\">\n.flex_column.av-1ci27h4-ebbe26a22abb36dde7ef46217d92eac1{\n-webkit-border-radius:0px 0px 0px 0px;\n-moz-border-radius:0px 0px 0px 0px;\nborder-radius:0px 0px 0px 0px;\n}\n<\/style>\n<div class='flex_column av-1ci27h4-ebbe26a22abb36dde7ef46217d92eac1 av_one_full  avia-builder-el-259  el_after_av_one_half  el_before_av_one_third  jo_col_empty first flex_column_table_cell av-equal-height-column av-align-top av-animated-generic fade-in av-zero-column-padding column-top-margin'     ><section  class='av_textblock_section av-n89pyw-dc671010dffc44fc97b854133f4f8ea7' ><div class='avia_textblock' ><p>invisible placeholder<\/p>\n<\/div><\/section><\/div><\/div><!--close column table wrapper. Autoclose: 1 -->\n<style type=\"text\/css\" data-created_by=\"avia_inline_auto\" id=\"style-css-av-2hw1lzs-1b692b651a755524035bfa6e5c2fcb05\">\n.flex_column.av-2hw1lzs-1b692b651a755524035bfa6e5c2fcb05{\n-webkit-border-radius:0px 0px 0px 0px;\n-moz-border-radius:0px 0px 0px 0px;\nborder-radius:0px 0px 0px 0px;\n}\n<\/style>\n<div class='flex_column av-2hw1lzs-1b692b651a755524035bfa6e5c2fcb05 av_one_third  avia-builder-el-261  el_after_av_one_full  el_before_av_one_third  jo_pf_bild_bg first flex_column_div av-animated-generic fade-in av-zero-column-padding column-top-margin'     ><p>\n<style type=\"text\/css\" data-created_by=\"avia_inline_auto\" id=\"style-css-av-m0dzioyc-3a57aa3f543504792973cf8f926e91fc\">\n.avia-image-container.av-m0dzioyc-3a57aa3f543504792973cf8f926e91fc img.avia_image{\nbox-shadow:none;\n}\n.avia-image-container.av-m0dzioyc-3a57aa3f543504792973cf8f926e91fc .av-caption-image-overlay-bg{\nopacity:0.4;\n}\n<\/style>\n<div  class='avia-image-container av-m0dzioyc-3a57aa3f543504792973cf8f926e91fc av-styling-no-styling avia_animated_image av-animated-when-visible-95 fade-in avia-align-left  avia-builder-el-262  el_before_av_textblock  avia-builder-el-first  jo_pf_bild noHover av-overlay-hover-deactivate'  ><div class=\"avia-image-container-inner\"><div class=\"avia-image-overlay-wrap\"><a href=\"https:\/\/www.galerie-metzger.de\/wp-content\/uploads\/2024\/08\/Sebastian-Scheid-Teeschale-7x12cm-galerie-metzger-gallery-art-1030x1030.jpg\" data-srcset=\"https:\/\/www.galerie-metzger.de\/wp-content\/uploads\/2024\/08\/Sebastian-Scheid-Teeschale-7x12cm-galerie-metzger-gallery-art-1030x1030.jpg 1030w, https:\/\/www.galerie-metzger.de\/wp-content\/uploads\/2024\/08\/Sebastian-Scheid-Teeschale-7x12cm-galerie-metzger-gallery-art-690x690.jpg 690w, https:\/\/www.galerie-metzger.de\/wp-content\/uploads\/2024\/08\/Sebastian-Scheid-Teeschale-7x12cm-galerie-metzger-gallery-art-80x80.jpg 80w, https:\/\/www.galerie-metzger.de\/wp-content\/uploads\/2024\/08\/Sebastian-Scheid-Teeschale-7x12cm-galerie-metzger-gallery-art-768x768.jpg 768w, https:\/\/www.galerie-metzger.de\/wp-content\/uploads\/2024\/08\/Sebastian-Scheid-Teeschale-7x12cm-galerie-metzger-gallery-art-1536x1536.jpg 1536w, https:\/\/www.galerie-metzger.de\/wp-content\/uploads\/2024\/08\/Sebastian-Scheid-Teeschale-7x12cm-galerie-metzger-gallery-art-2048x2048.jpg 2048w, https:\/\/www.galerie-metzger.de\/wp-content\/uploads\/2024\/08\/Sebastian-Scheid-Teeschale-7x12cm-galerie-metzger-gallery-art-36x36.jpg 36w, https:\/\/www.galerie-metzger.de\/wp-content\/uploads\/2024\/08\/Sebastian-Scheid-Teeschale-7x12cm-galerie-metzger-gallery-art-180x180.jpg 180w, https:\/\/www.galerie-metzger.de\/wp-content\/uploads\/2024\/08\/Sebastian-Scheid-Teeschale-7x12cm-galerie-metzger-gallery-art-1500x1500.jpg 1500w, https:\/\/www.galerie-metzger.de\/wp-content\/uploads\/2024\/08\/Sebastian-Scheid-Teeschale-7x12cm-galerie-metzger-gallery-art-705x705.jpg 705w\" data-sizes=\"(max-width: 1030px) 100vw, 1030px\" class='avia_image' ><div class=\"av-image-caption-overlay\"><div class=\"av-caption-image-overlay-bg\"><\/div><div class=\"av-image-caption-overlay-position\"><div class=\"av-image-caption-overlay-center\"><p>Sebastian Scheid \u2013 Tea bowl, Porcelain \u2013 7x \u00d812 cm, Foto: Sebastian Scheid<\/p>\n<\/div><\/div><\/div><img decoding=\"async\" class='wp-image-12701 avia-img-lazy-loading-not-12701 avia_image ' src=\"https:\/\/www.galerie-metzger.de\/wp-content\/uploads\/2024\/08\/Sebastian-Scheid-Teeschale-7x12cm-galerie-metzger-gallery-art-690x690.jpg\" alt='Sebastian Scheid - Tea bowl 7x12cm' title='Sebastian Scheid - Tea bowl 7x12cm'  height=\"690\" width=\"690\" srcset=\"https:\/\/www.galerie-metzger.de\/wp-content\/uploads\/2024\/08\/Sebastian-Scheid-Teeschale-7x12cm-galerie-metzger-gallery-art-690x690.jpg 690w, https:\/\/www.galerie-metzger.de\/wp-content\/uploads\/2024\/08\/Sebastian-Scheid-Teeschale-7x12cm-galerie-metzger-gallery-art-1030x1030.jpg 1030w, https:\/\/www.galerie-metzger.de\/wp-content\/uploads\/2024\/08\/Sebastian-Scheid-Teeschale-7x12cm-galerie-metzger-gallery-art-80x80.jpg 80w, https:\/\/www.galerie-metzger.de\/wp-content\/uploads\/2024\/08\/Sebastian-Scheid-Teeschale-7x12cm-galerie-metzger-gallery-art-768x768.jpg 768w, https:\/\/www.galerie-metzger.de\/wp-content\/uploads\/2024\/08\/Sebastian-Scheid-Teeschale-7x12cm-galerie-metzger-gallery-art-1536x1536.jpg 1536w, https:\/\/www.galerie-metzger.de\/wp-content\/uploads\/2024\/08\/Sebastian-Scheid-Teeschale-7x12cm-galerie-metzger-gallery-art-2048x2048.jpg 2048w, https:\/\/www.galerie-metzger.de\/wp-content\/uploads\/2024\/08\/Sebastian-Scheid-Teeschale-7x12cm-galerie-metzger-gallery-art-36x36.jpg 36w, https:\/\/www.galerie-metzger.de\/wp-content\/uploads\/2024\/08\/Sebastian-Scheid-Teeschale-7x12cm-galerie-metzger-gallery-art-180x180.jpg 180w, https:\/\/www.galerie-metzger.de\/wp-content\/uploads\/2024\/08\/Sebastian-Scheid-Teeschale-7x12cm-galerie-metzger-gallery-art-1500x1500.jpg 1500w, https:\/\/www.galerie-metzger.de\/wp-content\/uploads\/2024\/08\/Sebastian-Scheid-Teeschale-7x12cm-galerie-metzger-gallery-art-705x705.jpg 705w\" sizes=\"(max-width: 690px) 100vw, 690px\" \/><\/a><\/div><\/div><\/div><br \/>\n<section  class='av_textblock_section av-m0dzj87s-47cf4b896b46ebda819e7f86c115cccc' ><div class='avia_textblock jo_werk_anfrage lang' ><p><a class=\"anfrage\" href=\"mailto:info@galerie-metzger.de?subject=Sebastian%20Scheid%20Teeschale%207x12cm\">request information<\/a><\/p>\n<\/div><\/section><\/p><\/div>\n<style type=\"text\/css\" data-created_by=\"avia_inline_auto\" id=\"style-css-av-20aoons-4e98535d82873ce9a193e24d6f778d7e\">\n.flex_column.av-20aoons-4e98535d82873ce9a193e24d6f778d7e{\n-webkit-border-radius:0px 0px 0px 0px;\n-moz-border-radius:0px 0px 0px 0px;\nborder-radius:0px 0px 0px 0px;\n}\n<\/style>\n<div class='flex_column av-20aoons-4e98535d82873ce9a193e24d6f778d7e av_one_third  avia-builder-el-264  el_after_av_one_third  el_before_av_one_third  jo_pf_bild_bg flex_column_div av-animated-generic fade-in av-zero-column-padding column-top-margin'     ><p>\n<style type=\"text\/css\" data-created_by=\"avia_inline_auto\" id=\"style-css-av-m0dzfnxh-d6b8eaa3d385b2cbe0c92f02b43de620\">\n.avia-image-container.av-m0dzfnxh-d6b8eaa3d385b2cbe0c92f02b43de620 img.avia_image{\nbox-shadow:none;\n}\n.avia-image-container.av-m0dzfnxh-d6b8eaa3d385b2cbe0c92f02b43de620 .av-caption-image-overlay-bg{\nopacity:0.4;\n}\n<\/style>\n<div  class='avia-image-container av-m0dzfnxh-d6b8eaa3d385b2cbe0c92f02b43de620 av-styling-no-styling avia_animated_image av-animated-when-visible-95 fade-in avia-align-left  avia-builder-el-265  el_before_av_textblock  avia-builder-el-first  jo_pf_bild noHover av-overlay-hover-deactivate'  ><div class=\"avia-image-container-inner\"><div class=\"avia-image-overlay-wrap\"><a href=\"https:\/\/www.galerie-metzger.de\/wp-content\/uploads\/2024\/08\/Sebastian-Scheid-Teedose-Porzellan-geschnitten-18x123cm-galerie-metzger-gallery-porzellan-1030x1030.jpg\" data-srcset=\"https:\/\/www.galerie-metzger.de\/wp-content\/uploads\/2024\/08\/Sebastian-Scheid-Teedose-Porzellan-geschnitten-18x123cm-galerie-metzger-gallery-porzellan-1030x1030.jpg 1030w, https:\/\/www.galerie-metzger.de\/wp-content\/uploads\/2024\/08\/Sebastian-Scheid-Teedose-Porzellan-geschnitten-18x123cm-galerie-metzger-gallery-porzellan-690x690.jpg 690w, https:\/\/www.galerie-metzger.de\/wp-content\/uploads\/2024\/08\/Sebastian-Scheid-Teedose-Porzellan-geschnitten-18x123cm-galerie-metzger-gallery-porzellan-80x80.jpg 80w, https:\/\/www.galerie-metzger.de\/wp-content\/uploads\/2024\/08\/Sebastian-Scheid-Teedose-Porzellan-geschnitten-18x123cm-galerie-metzger-gallery-porzellan-768x768.jpg 768w, https:\/\/www.galerie-metzger.de\/wp-content\/uploads\/2024\/08\/Sebastian-Scheid-Teedose-Porzellan-geschnitten-18x123cm-galerie-metzger-gallery-porzellan-1536x1536.jpg 1536w, https:\/\/www.galerie-metzger.de\/wp-content\/uploads\/2024\/08\/Sebastian-Scheid-Teedose-Porzellan-geschnitten-18x123cm-galerie-metzger-gallery-porzellan-2048x2048.jpg 2048w, https:\/\/www.galerie-metzger.de\/wp-content\/uploads\/2024\/08\/Sebastian-Scheid-Teedose-Porzellan-geschnitten-18x123cm-galerie-metzger-gallery-porzellan-36x36.jpg 36w, https:\/\/www.galerie-metzger.de\/wp-content\/uploads\/2024\/08\/Sebastian-Scheid-Teedose-Porzellan-geschnitten-18x123cm-galerie-metzger-gallery-porzellan-180x180.jpg 180w, https:\/\/www.galerie-metzger.de\/wp-content\/uploads\/2024\/08\/Sebastian-Scheid-Teedose-Porzellan-geschnitten-18x123cm-galerie-metzger-gallery-porzellan-1500x1500.jpg 1500w, https:\/\/www.galerie-metzger.de\/wp-content\/uploads\/2024\/08\/Sebastian-Scheid-Teedose-Porzellan-geschnitten-18x123cm-galerie-metzger-gallery-porzellan-705x705.jpg 705w\" data-sizes=\"(max-width: 1030px) 100vw, 1030px\" class='avia_image' ><div class=\"av-image-caption-overlay\"><div class=\"av-caption-image-overlay-bg\"><\/div><div class=\"av-image-caption-overlay-position\"><div class=\"av-image-caption-overlay-center\"><p>Sebastian Scheid \u2013 Cut porcelain tea caddy \u2013 18x \u00d812,3 cm, Foto: Sebastian Scheid<\/p>\n<\/div><\/div><\/div><img decoding=\"async\" class='wp-image-12703 avia-img-lazy-loading-not-12703 avia_image ' src=\"https:\/\/www.galerie-metzger.de\/wp-content\/uploads\/2024\/08\/Sebastian-Scheid-Teedose-Porzellan-geschnitten-18x123cm-galerie-metzger-gallery-porzellan-690x690.jpg\" alt='Sebastian Scheid - Teedose Porzellan geschnitten 18x12,3cm' title='Sebastian Scheid  - Teedose Porzellan geschnitten 18x12,3cm'  height=\"690\" width=\"690\" srcset=\"https:\/\/www.galerie-metzger.de\/wp-content\/uploads\/2024\/08\/Sebastian-Scheid-Teedose-Porzellan-geschnitten-18x123cm-galerie-metzger-gallery-porzellan-690x690.jpg 690w, https:\/\/www.galerie-metzger.de\/wp-content\/uploads\/2024\/08\/Sebastian-Scheid-Teedose-Porzellan-geschnitten-18x123cm-galerie-metzger-gallery-porzellan-1030x1030.jpg 1030w, https:\/\/www.galerie-metzger.de\/wp-content\/uploads\/2024\/08\/Sebastian-Scheid-Teedose-Porzellan-geschnitten-18x123cm-galerie-metzger-gallery-porzellan-80x80.jpg 80w, https:\/\/www.galerie-metzger.de\/wp-content\/uploads\/2024\/08\/Sebastian-Scheid-Teedose-Porzellan-geschnitten-18x123cm-galerie-metzger-gallery-porzellan-768x768.jpg 768w, https:\/\/www.galerie-metzger.de\/wp-content\/uploads\/2024\/08\/Sebastian-Scheid-Teedose-Porzellan-geschnitten-18x123cm-galerie-metzger-gallery-porzellan-1536x1536.jpg 1536w, https:\/\/www.galerie-metzger.de\/wp-content\/uploads\/2024\/08\/Sebastian-Scheid-Teedose-Porzellan-geschnitten-18x123cm-galerie-metzger-gallery-porzellan-2048x2048.jpg 2048w, https:\/\/www.galerie-metzger.de\/wp-content\/uploads\/2024\/08\/Sebastian-Scheid-Teedose-Porzellan-geschnitten-18x123cm-galerie-metzger-gallery-porzellan-36x36.jpg 36w, https:\/\/www.galerie-metzger.de\/wp-content\/uploads\/2024\/08\/Sebastian-Scheid-Teedose-Porzellan-geschnitten-18x123cm-galerie-metzger-gallery-porzellan-180x180.jpg 180w, https:\/\/www.galerie-metzger.de\/wp-content\/uploads\/2024\/08\/Sebastian-Scheid-Teedose-Porzellan-geschnitten-18x123cm-galerie-metzger-gallery-porzellan-1500x1500.jpg 1500w, https:\/\/www.galerie-metzger.de\/wp-content\/uploads\/2024\/08\/Sebastian-Scheid-Teedose-Porzellan-geschnitten-18x123cm-galerie-metzger-gallery-porzellan-705x705.jpg 705w\" sizes=\"(max-width: 690px) 100vw, 690px\" \/><\/a><\/div><\/div><\/div><br \/>\n<section  class='av_textblock_section av-m0dzh129-cb3891ae3a0eae2c67b39e3e5d6c5537' ><div class='avia_textblock jo_werk_anfrage lang' ><p><a class=\"anfrage\" href=\"mailto:info@galerie-metzger.de?subject=Sebastian%20Scheid%20Teedose%2018x12,3cm\">request information<\/a><\/p>\n<\/div><\/section><\/p><\/div>\n<style type=\"text\/css\" data-created_by=\"avia_inline_auto\" id=\"style-css-av-1rz7ndk-5677e977e2d8dfe1d13544ffd43f1670\">\n.flex_column.av-1rz7ndk-5677e977e2d8dfe1d13544ffd43f1670{\n-webkit-border-radius:0px 0px 0px 0px;\n-moz-border-radius:0px 0px 0px 0px;\nborder-radius:0px 0px 0px 0px;\n}\n<\/style>\n<div class='flex_column av-1rz7ndk-5677e977e2d8dfe1d13544ffd43f1670 av_one_third  avia-builder-el-267  el_after_av_one_third  el_before_av_one_full  jo_pf_bild_bg flex_column_div av-animated-generic fade-in av-zero-column-padding column-top-margin'     ><p>\n<style type=\"text\/css\" data-created_by=\"avia_inline_auto\" id=\"style-css-av-m0dzkn9p-a7954ba3d167dfadee043e92191d57f6\">\n.avia-image-container.av-m0dzkn9p-a7954ba3d167dfadee043e92191d57f6 img.avia_image{\nbox-shadow:none;\n}\n.avia-image-container.av-m0dzkn9p-a7954ba3d167dfadee043e92191d57f6 .av-caption-image-overlay-bg{\nopacity:0.4;\n}\n<\/style>\n<div  class='avia-image-container av-m0dzkn9p-a7954ba3d167dfadee043e92191d57f6 av-styling-no-styling avia_animated_image av-animated-when-visible-95 fade-in avia-align-left  avia-builder-el-268  el_before_av_textblock  avia-builder-el-first  jo_pf_bild noHover av-overlay-hover-deactivate'  ><div class=\"avia-image-container-inner\"><div class=\"avia-image-overlay-wrap\"><a href=\"https:\/\/www.galerie-metzger.de\/wp-content\/uploads\/2024\/08\/Sebasstian-Scheid-Teeschale-Porzellan-geschnitten-6x123-cm-galerie-metzger-gallerie-kunst-kaufen-aschaffenburg-1030x1030.jpg\" data-srcset=\"https:\/\/www.galerie-metzger.de\/wp-content\/uploads\/2024\/08\/Sebasstian-Scheid-Teeschale-Porzellan-geschnitten-6x123-cm-galerie-metzger-gallerie-kunst-kaufen-aschaffenburg-1030x1030.jpg 1030w, https:\/\/www.galerie-metzger.de\/wp-content\/uploads\/2024\/08\/Sebasstian-Scheid-Teeschale-Porzellan-geschnitten-6x123-cm-galerie-metzger-gallerie-kunst-kaufen-aschaffenburg-690x690.jpg 690w, https:\/\/www.galerie-metzger.de\/wp-content\/uploads\/2024\/08\/Sebasstian-Scheid-Teeschale-Porzellan-geschnitten-6x123-cm-galerie-metzger-gallerie-kunst-kaufen-aschaffenburg-80x80.jpg 80w, https:\/\/www.galerie-metzger.de\/wp-content\/uploads\/2024\/08\/Sebasstian-Scheid-Teeschale-Porzellan-geschnitten-6x123-cm-galerie-metzger-gallerie-kunst-kaufen-aschaffenburg-768x768.jpg 768w, https:\/\/www.galerie-metzger.de\/wp-content\/uploads\/2024\/08\/Sebasstian-Scheid-Teeschale-Porzellan-geschnitten-6x123-cm-galerie-metzger-gallerie-kunst-kaufen-aschaffenburg-1536x1536.jpg 1536w, https:\/\/www.galerie-metzger.de\/wp-content\/uploads\/2024\/08\/Sebasstian-Scheid-Teeschale-Porzellan-geschnitten-6x123-cm-galerie-metzger-gallerie-kunst-kaufen-aschaffenburg-2048x2048.jpg 2048w, https:\/\/www.galerie-metzger.de\/wp-content\/uploads\/2024\/08\/Sebasstian-Scheid-Teeschale-Porzellan-geschnitten-6x123-cm-galerie-metzger-gallerie-kunst-kaufen-aschaffenburg-36x36.jpg 36w, https:\/\/www.galerie-metzger.de\/wp-content\/uploads\/2024\/08\/Sebasstian-Scheid-Teeschale-Porzellan-geschnitten-6x123-cm-galerie-metzger-gallerie-kunst-kaufen-aschaffenburg-180x180.jpg 180w, https:\/\/www.galerie-metzger.de\/wp-content\/uploads\/2024\/08\/Sebasstian-Scheid-Teeschale-Porzellan-geschnitten-6x123-cm-galerie-metzger-gallerie-kunst-kaufen-aschaffenburg-1500x1500.jpg 1500w, https:\/\/www.galerie-metzger.de\/wp-content\/uploads\/2024\/08\/Sebasstian-Scheid-Teeschale-Porzellan-geschnitten-6x123-cm-galerie-metzger-gallerie-kunst-kaufen-aschaffenburg-705x705.jpg 705w\" data-sizes=\"(max-width: 1030px) 100vw, 1030px\" class='avia_image' ><div class=\"av-image-caption-overlay\"><div class=\"av-caption-image-overlay-bg\"><\/div><div class=\"av-image-caption-overlay-position\"><div class=\"av-image-caption-overlay-center\"><p>Sebastian Scheid \u2013 Tea bowl, Porcelain \u2013 6x \u00d812,3 cm, Foto: Sebastian Scheid<\/p>\n<\/div><\/div><\/div><img decoding=\"async\" class='wp-image-12699 avia-img-lazy-loading-not-12699 avia_image ' src=\"https:\/\/www.galerie-metzger.de\/wp-content\/uploads\/2024\/08\/Sebasstian-Scheid-Teeschale-Porzellan-geschnitten-6x123-cm-galerie-metzger-gallerie-kunst-kaufen-aschaffenburg-690x690.jpg\" alt='Sebastian Scheid - Teeschale Porzellan geschnitten 6x12,3 cm' title='Sebastian Scheid - Teeschale Porzellan geschnitten 6x12,3 cm'  height=\"690\" width=\"690\" srcset=\"https:\/\/www.galerie-metzger.de\/wp-content\/uploads\/2024\/08\/Sebasstian-Scheid-Teeschale-Porzellan-geschnitten-6x123-cm-galerie-metzger-gallerie-kunst-kaufen-aschaffenburg-690x690.jpg 690w, https:\/\/www.galerie-metzger.de\/wp-content\/uploads\/2024\/08\/Sebasstian-Scheid-Teeschale-Porzellan-geschnitten-6x123-cm-galerie-metzger-gallerie-kunst-kaufen-aschaffenburg-1030x1030.jpg 1030w, https:\/\/www.galerie-metzger.de\/wp-content\/uploads\/2024\/08\/Sebasstian-Scheid-Teeschale-Porzellan-geschnitten-6x123-cm-galerie-metzger-gallerie-kunst-kaufen-aschaffenburg-80x80.jpg 80w, https:\/\/www.galerie-metzger.de\/wp-content\/uploads\/2024\/08\/Sebasstian-Scheid-Teeschale-Porzellan-geschnitten-6x123-cm-galerie-metzger-gallerie-kunst-kaufen-aschaffenburg-768x768.jpg 768w, https:\/\/www.galerie-metzger.de\/wp-content\/uploads\/2024\/08\/Sebasstian-Scheid-Teeschale-Porzellan-geschnitten-6x123-cm-galerie-metzger-gallerie-kunst-kaufen-aschaffenburg-1536x1536.jpg 1536w, https:\/\/www.galerie-metzger.de\/wp-content\/uploads\/2024\/08\/Sebasstian-Scheid-Teeschale-Porzellan-geschnitten-6x123-cm-galerie-metzger-gallerie-kunst-kaufen-aschaffenburg-2048x2048.jpg 2048w, https:\/\/www.galerie-metzger.de\/wp-content\/uploads\/2024\/08\/Sebasstian-Scheid-Teeschale-Porzellan-geschnitten-6x123-cm-galerie-metzger-gallerie-kunst-kaufen-aschaffenburg-36x36.jpg 36w, https:\/\/www.galerie-metzger.de\/wp-content\/uploads\/2024\/08\/Sebasstian-Scheid-Teeschale-Porzellan-geschnitten-6x123-cm-galerie-metzger-gallerie-kunst-kaufen-aschaffenburg-180x180.jpg 180w, https:\/\/www.galerie-metzger.de\/wp-content\/uploads\/2024\/08\/Sebasstian-Scheid-Teeschale-Porzellan-geschnitten-6x123-cm-galerie-metzger-gallerie-kunst-kaufen-aschaffenburg-1500x1500.jpg 1500w, https:\/\/www.galerie-metzger.de\/wp-content\/uploads\/2024\/08\/Sebasstian-Scheid-Teeschale-Porzellan-geschnitten-6x123-cm-galerie-metzger-gallerie-kunst-kaufen-aschaffenburg-705x705.jpg 705w\" sizes=\"(max-width: 690px) 100vw, 690px\" \/><\/a><\/div><\/div><\/div><br \/>\n<section  class='av_textblock_section av-m0dzl3xl-75e3750ebed1857e2baa9078d5975e72' ><div class='avia_textblock jo_werk_anfrage lang' ><p><a class=\"anfrage\" href=\"mailto:info@galerie-metzger.de?subject=Sebastian%20Scheid%20Teeschale%20geschnitten%206x12,3cm\">request information<\/a><\/p>\n<\/div><\/section><\/p><\/div><div class='flex_column_table av-11mazfc-1dfef1c15f7f5d99bd25ffd34b3e8918 sc-av_one_full av-equal-height-column-flextable'>\n<style type=\"text\/css\" data-created_by=\"avia_inline_auto\" id=\"style-css-av-11mazfc-1dfef1c15f7f5d99bd25ffd34b3e8918\">\n.flex_column.av-11mazfc-1dfef1c15f7f5d99bd25ffd34b3e8918{\n-webkit-border-radius:0px 0px 0px 0px;\n-moz-border-radius:0px 0px 0px 0px;\nborder-radius:0px 0px 0px 0px;\n}\n<\/style>\n<div class='flex_column av-11mazfc-1dfef1c15f7f5d99bd25ffd34b3e8918 av_one_full  avia-builder-el-270  el_after_av_one_third  el_before_av_two_fifth  jo_col_empty first flex_column_table_cell av-equal-height-column av-align-top av-animated-generic fade-in av-zero-column-padding column-top-margin'     ><section  class='av_textblock_section av-jv65iw-7a72751b253a91a9176ad79c7719a89f' ><div class='avia_textblock' ><p>invisible placeholder<\/p>\n<\/div><\/section><\/div><\/div><!--close column table wrapper. Autoclose: 1 --><div class='flex_column_table av-3rm70hk-26fd23e5b27d87d7a585a427ac96998f sc-av_two_fifth av-equal-height-column-flextable'>\n<style type=\"text\/css\" data-created_by=\"avia_inline_auto\" id=\"style-css-av-3rm70hk-26fd23e5b27d87d7a585a427ac96998f\">\n.flex_column.av-3rm70hk-26fd23e5b27d87d7a585a427ac96998f{\n-webkit-border-radius:0px 0px 0px 0px;\n-moz-border-radius:0px 0px 0px 0px;\nborder-radius:0px 0px 0px 0px;\n}\n<\/style>\n<div class='flex_column av-3rm70hk-26fd23e5b27d87d7a585a427ac96998f av_two_fifth  avia-builder-el-272  el_after_av_one_full  el_before_av_three_fifth  jhd-no-margin-top first flex_column_table_cell av-equal-height-column av-align-middle av-animated-generic fade-in av-zero-column-padding column-top-margin'     ><section  class='av_textblock_section av-m0arkjh7-4d6ada54b6ad9f706a5969fbdcb26dd5' ><div class='avia_textblock' ><p><strong>The possibilities of the vessel form are truly inspiring.<\/strong> artists such as Lucie Rie and Hans Coper showed me that this ancient artistic practice could encompass the concerns of the modern day. The objects I make are made to be appreciated visually but they are also materially complex, made to be appreciated through touch. Human interaction may become ever more problematized in our increasingly digital age. For me, pottery is a stealth art. It is an art of the everyday as well as the special occasion. Omnipresent, it operates while we wake up in the morning bleary-eyed through to occasions of grand social ritual. <em>Julian Stair<\/em> \u201eWe can linger with objects. With information, however, we cannot.\u201c <em>(Byung-Chul Han, Undinge, 2021)<\/em><\/p>\n<\/div><\/section><\/div><div class='av-flex-placeholder'><\/div>\n<style type=\"text\/css\" data-created_by=\"avia_inline_auto\" id=\"style-css-av-2cp3hki-281d049c37686a3c0d637241e0f218a0\">\n.flex_column.av-2cp3hki-281d049c37686a3c0d637241e0f218a0{\n-webkit-border-radius:0px 0px 0px 0px;\n-moz-border-radius:0px 0px 0px 0px;\nborder-radius:0px 0px 0px 0px;\n}\n<\/style>\n<div class='flex_column av-2cp3hki-281d049c37686a3c0d637241e0f218a0 av_three_fifth  avia-builder-el-274  el_after_av_two_fifth  el_before_av_one_full  jo_pf_bild_bg flex_column_table_cell av-equal-height-column av-align-middle av-animated-generic fade-in av-zero-column-padding column-top-margin'     ><style type=\"text\/css\" data-created_by=\"avia_inline_auto\" id=\"style-css-av-2a7bbjm-05187860c5cf58ecf6a4d39f0bfffbd7\">\n.avia-image-container.av-2a7bbjm-05187860c5cf58ecf6a4d39f0bfffbd7 img.avia_image{\nbox-shadow:none;\n}\n.avia-image-container.av-2a7bbjm-05187860c5cf58ecf6a4d39f0bfffbd7 .av-caption-image-overlay-bg{\nopacity:0.4;\n}\n<\/style>\n<div  class='avia-image-container av-2a7bbjm-05187860c5cf58ecf6a4d39f0bfffbd7 av-styling-no-styling avia_animated_image av-animated-when-visible-95 fade-in avia-align-  avia-builder-el-275  avia-builder-el-no-sibling  jo_pf_bild noHover av-overlay-hover-deactivate'  ><div class=\"avia-image-container-inner\"><div class=\"avia-image-overlay-wrap\"><a href=\"https:\/\/www.galerie-metzger.de\/wp-content\/uploads\/2019\/08\/Julian-Stair-jug-2019-galerie-metzger-contemprary-art-ceramic-gallery-aschaffenburg-2-1030x687.jpg\" data-srcset=\"https:\/\/www.galerie-metzger.de\/wp-content\/uploads\/2019\/08\/Julian-Stair-jug-2019-galerie-metzger-contemprary-art-ceramic-gallery-aschaffenburg-2-1030x687.jpg 1030w, https:\/\/www.galerie-metzger.de\/wp-content\/uploads\/2019\/08\/Julian-Stair-jug-2019-galerie-metzger-contemprary-art-ceramic-gallery-aschaffenburg-2-400x267.jpg 400w, https:\/\/www.galerie-metzger.de\/wp-content\/uploads\/2019\/08\/Julian-Stair-jug-2019-galerie-metzger-contemprary-art-ceramic-gallery-aschaffenburg-2-768x512.jpg 768w, https:\/\/www.galerie-metzger.de\/wp-content\/uploads\/2019\/08\/Julian-Stair-jug-2019-galerie-metzger-contemprary-art-ceramic-gallery-aschaffenburg-2-1500x1000.jpg 1500w, https:\/\/www.galerie-metzger.de\/wp-content\/uploads\/2019\/08\/Julian-Stair-jug-2019-galerie-metzger-contemprary-art-ceramic-gallery-aschaffenburg-2-600x400.jpg 600w, https:\/\/www.galerie-metzger.de\/wp-content\/uploads\/2019\/08\/Julian-Stair-jug-2019-galerie-metzger-contemprary-art-ceramic-gallery-aschaffenburg-2-300x200.jpg 300w, https:\/\/www.galerie-metzger.de\/wp-content\/uploads\/2019\/08\/Julian-Stair-jug-2019-galerie-metzger-contemprary-art-ceramic-gallery-aschaffenburg-2-900x600.jpg 900w, https:\/\/www.galerie-metzger.de\/wp-content\/uploads\/2019\/08\/Julian-Stair-jug-2019-galerie-metzger-contemprary-art-ceramic-gallery-aschaffenburg-2-705x470.jpg 705w, https:\/\/www.galerie-metzger.de\/wp-content\/uploads\/2019\/08\/Julian-Stair-jug-2019-galerie-metzger-contemprary-art-ceramic-gallery-aschaffenburg-2-450x300.jpg 450w\" data-sizes=\"(max-width: 1030px) 100vw, 1030px\" class='avia_image' ><div class=\"av-image-caption-overlay\"><div class=\"av-caption-image-overlay-bg\"><\/div><div class=\"av-image-caption-overlay-position\"><div class=\"av-image-caption-overlay-center\"><p>Julien Stair \u2013 working \u2013 2018, Foto: Jan Baldwin<\/p>\n<\/div><\/div><\/div><img decoding=\"async\" class='wp-image-7650 avia-img-lazy-loading-not-7650 avia_image ' src=\"https:\/\/www.galerie-metzger.de\/wp-content\/uploads\/2019\/08\/Julian-Stair-jug-2019-galerie-metzger-contemprary-art-ceramic-gallery-aschaffenburg-2-400x267.jpg\" alt='Julian Stair \u2013\u00a0beim Arbeiten \u2013\u00a0galerie metzger exhibition art ceramic' title='Julian-Stair-jug-2019-galerie-metzger-contemprary-art-ceramic-gallery-aschaffenburg'  height=\"267\" width=\"400\" srcset=\"https:\/\/www.galerie-metzger.de\/wp-content\/uploads\/2019\/08\/Julian-Stair-jug-2019-galerie-metzger-contemprary-art-ceramic-gallery-aschaffenburg-2-400x267.jpg 400w, https:\/\/www.galerie-metzger.de\/wp-content\/uploads\/2019\/08\/Julian-Stair-jug-2019-galerie-metzger-contemprary-art-ceramic-gallery-aschaffenburg-2-768x512.jpg 768w, https:\/\/www.galerie-metzger.de\/wp-content\/uploads\/2019\/08\/Julian-Stair-jug-2019-galerie-metzger-contemprary-art-ceramic-gallery-aschaffenburg-2-1030x687.jpg 1030w, https:\/\/www.galerie-metzger.de\/wp-content\/uploads\/2019\/08\/Julian-Stair-jug-2019-galerie-metzger-contemprary-art-ceramic-gallery-aschaffenburg-2-1500x1000.jpg 1500w, https:\/\/www.galerie-metzger.de\/wp-content\/uploads\/2019\/08\/Julian-Stair-jug-2019-galerie-metzger-contemprary-art-ceramic-gallery-aschaffenburg-2-600x400.jpg 600w, https:\/\/www.galerie-metzger.de\/wp-content\/uploads\/2019\/08\/Julian-Stair-jug-2019-galerie-metzger-contemprary-art-ceramic-gallery-aschaffenburg-2-300x200.jpg 300w, https:\/\/www.galerie-metzger.de\/wp-content\/uploads\/2019\/08\/Julian-Stair-jug-2019-galerie-metzger-contemprary-art-ceramic-gallery-aschaffenburg-2-900x600.jpg 900w, https:\/\/www.galerie-metzger.de\/wp-content\/uploads\/2019\/08\/Julian-Stair-jug-2019-galerie-metzger-contemprary-art-ceramic-gallery-aschaffenburg-2-705x470.jpg 705w, https:\/\/www.galerie-metzger.de\/wp-content\/uploads\/2019\/08\/Julian-Stair-jug-2019-galerie-metzger-contemprary-art-ceramic-gallery-aschaffenburg-2-450x300.jpg 450w\" sizes=\"(max-width: 400px) 100vw, 400px\" \/><\/a><\/div><\/div><\/div><\/div><\/div><!--close column table wrapper. Autoclose: 1 --><div class='flex_column_table av-4512e0-22bc7fe081fe236a25128ffb378ac9ee sc-av_one_full av-equal-height-column-flextable'>\n<style type=\"text\/css\" data-created_by=\"avia_inline_auto\" id=\"style-css-av-4512e0-22bc7fe081fe236a25128ffb378ac9ee\">\n.flex_column.av-4512e0-22bc7fe081fe236a25128ffb378ac9ee{\n-webkit-border-radius:0px 0px 0px 0px;\n-moz-border-radius:0px 0px 0px 0px;\nborder-radius:0px 0px 0px 0px;\n}\n<\/style>\n<div class='flex_column av-4512e0-22bc7fe081fe236a25128ffb378ac9ee av_one_full  avia-builder-el-276  el_after_av_three_fifth  el_before_av_one_half  jo_col_empty first flex_column_table_cell av-equal-height-column av-align-top av-animated-generic fade-in av-zero-column-padding '     ><section  class='av_textblock_section av-v958oo-3ea8c68aeaf5953caa060c5d347bbdea' ><div class='avia_textblock' ><p>invisible placeholder<\/p>\n<\/div><\/section><\/div><\/div><!--close column table wrapper. Autoclose: 1 -->\n<style type=\"text\/css\" data-created_by=\"avia_inline_auto\" id=\"style-css-av-32s27pu-c0b3e789b0aaf8bbdec180272e062cdc\">\n.flex_column.av-32s27pu-c0b3e789b0aaf8bbdec180272e062cdc{\n-webkit-border-radius:0px 0px 0px 0px;\n-moz-border-radius:0px 0px 0px 0px;\nborder-radius:0px 0px 0px 0px;\n}\n<\/style>\n<div class='flex_column av-32s27pu-c0b3e789b0aaf8bbdec180272e062cdc av_one_half  avia-builder-el-278  el_after_av_one_full  el_before_av_one_half  jo_pf_bild_bg first flex_column_div av-animated-generic fade-in av-zero-column-padding column-top-margin'     ><p>\n<style type=\"text\/css\" data-created_by=\"avia_inline_auto\" id=\"style-css-av-lyes46me-05ec143087f655c985edd9e07cf2e040\">\n.avia-image-container.av-lyes46me-05ec143087f655c985edd9e07cf2e040 img.avia_image{\nbox-shadow:none;\n}\n.avia-image-container.av-lyes46me-05ec143087f655c985edd9e07cf2e040 .av-caption-image-overlay-bg{\nopacity:0.4;\n}\n<\/style>\n<div  class='avia-image-container av-lyes46me-05ec143087f655c985edd9e07cf2e040 av-styling-no-styling avia_animated_image av-animated-when-visible-95 fade-in avia-align-left  avia-builder-el-279  el_before_av_textblock  avia-builder-el-first  jo_pf_bild noHover av-overlay-hover-deactivate'  ><div class=\"avia-image-container-inner\"><div class=\"avia-image-overlay-wrap\"><a href=\"https:\/\/www.galerie-metzger.de\/wp-content\/uploads\/2024\/07\/Julien-Stair-Two-cups-on-a-ground-galerie-metzger-gallery-sculpture-ceramic-art-object-buy-1030x687.jpg\" data-srcset=\"https:\/\/www.galerie-metzger.de\/wp-content\/uploads\/2024\/07\/Julien-Stair-Two-cups-on-a-ground-galerie-metzger-gallery-sculpture-ceramic-art-object-buy-1030x687.jpg 1030w, https:\/\/www.galerie-metzger.de\/wp-content\/uploads\/2024\/07\/Julien-Stair-Two-cups-on-a-ground-galerie-metzger-gallery-sculpture-ceramic-art-object-buy-690x460.jpg 690w, https:\/\/www.galerie-metzger.de\/wp-content\/uploads\/2024\/07\/Julien-Stair-Two-cups-on-a-ground-galerie-metzger-gallery-sculpture-ceramic-art-object-buy-768x512.jpg 768w, https:\/\/www.galerie-metzger.de\/wp-content\/uploads\/2024\/07\/Julien-Stair-Two-cups-on-a-ground-galerie-metzger-gallery-sculpture-ceramic-art-object-buy-1536x1024.jpg 1536w, https:\/\/www.galerie-metzger.de\/wp-content\/uploads\/2024\/07\/Julien-Stair-Two-cups-on-a-ground-galerie-metzger-gallery-sculpture-ceramic-art-object-buy-2048x1365.jpg 2048w, https:\/\/www.galerie-metzger.de\/wp-content\/uploads\/2024\/07\/Julien-Stair-Two-cups-on-a-ground-galerie-metzger-gallery-sculpture-ceramic-art-object-buy-1500x1000.jpg 1500w, https:\/\/www.galerie-metzger.de\/wp-content\/uploads\/2024\/07\/Julien-Stair-Two-cups-on-a-ground-galerie-metzger-gallery-sculpture-ceramic-art-object-buy-705x470.jpg 705w\" data-sizes=\"(max-width: 1030px) 100vw, 1030px\" class='avia_image' ><div class=\"av-image-caption-overlay\"><div class=\"av-caption-image-overlay-bg\"><\/div><div class=\"av-image-caption-overlay-position\"><div class=\"av-image-caption-overlay-center\"><p>Julien Stair \u2013 Two Cups on a Ground \u2013 2019, 18,5x20x10,5 cm, Foto: Edi Baumann<\/p>\n<\/div><\/div><\/div><img decoding=\"async\" class='wp-image-12528 avia-img-lazy-loading-not-12528 avia_image ' src=\"https:\/\/www.galerie-metzger.de\/wp-content\/uploads\/2024\/07\/Julien-Stair-Two-cups-on-a-ground-galerie-metzger-gallery-sculpture-ceramic-art-object-buy-690x460.jpg\" alt='Julian Stair - Two cups on a ground' title='Julian Stair - Two cups on a ground'  height=\"460\" width=\"690\" srcset=\"https:\/\/www.galerie-metzger.de\/wp-content\/uploads\/2024\/07\/Julien-Stair-Two-cups-on-a-ground-galerie-metzger-gallery-sculpture-ceramic-art-object-buy-690x460.jpg 690w, https:\/\/www.galerie-metzger.de\/wp-content\/uploads\/2024\/07\/Julien-Stair-Two-cups-on-a-ground-galerie-metzger-gallery-sculpture-ceramic-art-object-buy-1030x687.jpg 1030w, https:\/\/www.galerie-metzger.de\/wp-content\/uploads\/2024\/07\/Julien-Stair-Two-cups-on-a-ground-galerie-metzger-gallery-sculpture-ceramic-art-object-buy-768x512.jpg 768w, https:\/\/www.galerie-metzger.de\/wp-content\/uploads\/2024\/07\/Julien-Stair-Two-cups-on-a-ground-galerie-metzger-gallery-sculpture-ceramic-art-object-buy-1536x1024.jpg 1536w, https:\/\/www.galerie-metzger.de\/wp-content\/uploads\/2024\/07\/Julien-Stair-Two-cups-on-a-ground-galerie-metzger-gallery-sculpture-ceramic-art-object-buy-2048x1365.jpg 2048w, https:\/\/www.galerie-metzger.de\/wp-content\/uploads\/2024\/07\/Julien-Stair-Two-cups-on-a-ground-galerie-metzger-gallery-sculpture-ceramic-art-object-buy-1500x1000.jpg 1500w, https:\/\/www.galerie-metzger.de\/wp-content\/uploads\/2024\/07\/Julien-Stair-Two-cups-on-a-ground-galerie-metzger-gallery-sculpture-ceramic-art-object-buy-705x470.jpg 705w\" sizes=\"(max-width: 690px) 100vw, 690px\" \/><\/a><\/div><\/div><\/div><br \/>\n<section  class='av_textblock_section av-lyes67jl-89960856220aa529f57cf0a05182ffa9' ><div class='avia_textblock jo_werk_anfrage lang' ><p><a class=\"anfrage\" href=\"mailto:info@galerie-metzger.de?subject=Julian%20Stair%20Two%20Cups%20on%20a%20Ground%202019\">request information<\/a><\/p>\n<\/div><\/section><\/p><\/div>\n<style type=\"text\/css\" data-created_by=\"avia_inline_auto\" id=\"style-css-av-63zwv7c-6ff5df05e3d8c0d2c162675b009a9c54\">\n.flex_column.av-63zwv7c-6ff5df05e3d8c0d2c162675b009a9c54{\n-webkit-border-radius:0px 0px 0px 0px;\n-moz-border-radius:0px 0px 0px 0px;\nborder-radius:0px 0px 0px 0px;\n}\n<\/style>\n<div class='flex_column av-63zwv7c-6ff5df05e3d8c0d2c162675b009a9c54 av_one_half  avia-builder-el-281  el_after_av_one_half  el_before_av_one_full  jo_pf_bild_bg flex_column_div av-animated-generic fade-in av-zero-column-padding column-top-margin'     ><p>\n<style type=\"text\/css\" data-created_by=\"avia_inline_auto\" id=\"style-css-av-5mfzdq0-06157186781bd045f1a4d3c6bcf7f31e\">\n.avia-image-container.av-5mfzdq0-06157186781bd045f1a4d3c6bcf7f31e img.avia_image{\nbox-shadow:none;\n}\n.avia-image-container.av-5mfzdq0-06157186781bd045f1a4d3c6bcf7f31e .av-caption-image-overlay-bg{\nopacity:0.4;\n}\n<\/style>\n<div  class='avia-image-container av-5mfzdq0-06157186781bd045f1a4d3c6bcf7f31e av-styling-no-styling avia_animated_image av-animated-when-visible-95 fade-in avia-align-left  avia-builder-el-282  el_before_av_textblock  avia-builder-el-first  jo_pf_bild noHover av-overlay-hover-deactivate'  ><div class=\"avia-image-container-inner\"><div class=\"avia-image-overlay-wrap\"><a href=\"https:\/\/www.galerie-metzger.de\/wp-content\/uploads\/2024\/08\/Julian-Stair-Teapot-Three-Cups-on-a-Ground-galerie-metzger-gallery-ceramic-art-object-buy-1030x687.jpg\" data-srcset=\"https:\/\/www.galerie-metzger.de\/wp-content\/uploads\/2024\/08\/Julian-Stair-Teapot-Three-Cups-on-a-Ground-galerie-metzger-gallery-ceramic-art-object-buy-1030x687.jpg 1030w, https:\/\/www.galerie-metzger.de\/wp-content\/uploads\/2024\/08\/Julian-Stair-Teapot-Three-Cups-on-a-Ground-galerie-metzger-gallery-ceramic-art-object-buy-690x460.jpg 690w, https:\/\/www.galerie-metzger.de\/wp-content\/uploads\/2024\/08\/Julian-Stair-Teapot-Three-Cups-on-a-Ground-galerie-metzger-gallery-ceramic-art-object-buy-768x512.jpg 768w, https:\/\/www.galerie-metzger.de\/wp-content\/uploads\/2024\/08\/Julian-Stair-Teapot-Three-Cups-on-a-Ground-galerie-metzger-gallery-ceramic-art-object-buy-1536x1024.jpg 1536w, https:\/\/www.galerie-metzger.de\/wp-content\/uploads\/2024\/08\/Julian-Stair-Teapot-Three-Cups-on-a-Ground-galerie-metzger-gallery-ceramic-art-object-buy-2048x1365.jpg 2048w, https:\/\/www.galerie-metzger.de\/wp-content\/uploads\/2024\/08\/Julian-Stair-Teapot-Three-Cups-on-a-Ground-galerie-metzger-gallery-ceramic-art-object-buy-1500x1000.jpg 1500w, https:\/\/www.galerie-metzger.de\/wp-content\/uploads\/2024\/08\/Julian-Stair-Teapot-Three-Cups-on-a-Ground-galerie-metzger-gallery-ceramic-art-object-buy-705x470.jpg 705w\" data-sizes=\"(max-width: 1030px) 100vw, 1030px\" class='avia_image' ><div class=\"av-image-caption-overlay\"><div class=\"av-caption-image-overlay-bg\"><\/div><div class=\"av-image-caption-overlay-position\"><div class=\"av-image-caption-overlay-center\"><p>Julian Stair \u2013 Teapot  Three Cups on a Ground \u2013 2024, 24x30x30 cm, Foto: Julian Stair<\/p>\n<\/div><\/div><\/div><img decoding=\"async\" class='wp-image-12658 avia-img-lazy-loading-not-12658 avia_image ' src=\"https:\/\/www.galerie-metzger.de\/wp-content\/uploads\/2024\/08\/Julian-Stair-Teapot-Three-Cups-on-a-Ground-galerie-metzger-gallery-ceramic-art-object-buy-690x460.jpg\" alt='Julian Stair - Teapot &amp; Three Cups on a Ground' title='Julian Stair - Teapot &amp; Three Cups on a Ground'  height=\"460\" width=\"690\" srcset=\"https:\/\/www.galerie-metzger.de\/wp-content\/uploads\/2024\/08\/Julian-Stair-Teapot-Three-Cups-on-a-Ground-galerie-metzger-gallery-ceramic-art-object-buy-690x460.jpg 690w, https:\/\/www.galerie-metzger.de\/wp-content\/uploads\/2024\/08\/Julian-Stair-Teapot-Three-Cups-on-a-Ground-galerie-metzger-gallery-ceramic-art-object-buy-1030x687.jpg 1030w, https:\/\/www.galerie-metzger.de\/wp-content\/uploads\/2024\/08\/Julian-Stair-Teapot-Three-Cups-on-a-Ground-galerie-metzger-gallery-ceramic-art-object-buy-768x512.jpg 768w, https:\/\/www.galerie-metzger.de\/wp-content\/uploads\/2024\/08\/Julian-Stair-Teapot-Three-Cups-on-a-Ground-galerie-metzger-gallery-ceramic-art-object-buy-1536x1024.jpg 1536w, https:\/\/www.galerie-metzger.de\/wp-content\/uploads\/2024\/08\/Julian-Stair-Teapot-Three-Cups-on-a-Ground-galerie-metzger-gallery-ceramic-art-object-buy-2048x1365.jpg 2048w, https:\/\/www.galerie-metzger.de\/wp-content\/uploads\/2024\/08\/Julian-Stair-Teapot-Three-Cups-on-a-Ground-galerie-metzger-gallery-ceramic-art-object-buy-1500x1000.jpg 1500w, https:\/\/www.galerie-metzger.de\/wp-content\/uploads\/2024\/08\/Julian-Stair-Teapot-Three-Cups-on-a-Ground-galerie-metzger-gallery-ceramic-art-object-buy-705x470.jpg 705w\" sizes=\"(max-width: 690px) 100vw, 690px\" \/><\/a><\/div><\/div><\/div><br \/>\n<section  class='av_textblock_section av-5dnpx6g-6eb9a1a4057522c72d8810fea820d8da' ><div class='avia_textblock jo_werk_anfrage lang sehr' ><p><a class=\"anfrage\" href=\"mailto:info@galerie-metzger.de?subject=Julian%20Stair%20Teapot%20&amp;%20Three%20Cups%20on%20a%20Ground%202024\">request information<\/a><\/p>\n<\/div><\/section><\/p><\/div><div class='flex_column_table av-12ioyqg-d6dc2a35cce3b480fb26edf30254f5ac sc-av_one_full av-equal-height-column-flextable'>\n<style type=\"text\/css\" data-created_by=\"avia_inline_auto\" id=\"style-css-av-12ioyqg-d6dc2a35cce3b480fb26edf30254f5ac\">\n.flex_column.av-12ioyqg-d6dc2a35cce3b480fb26edf30254f5ac{\n-webkit-border-radius:0px 0px 0px 0px;\n-moz-border-radius:0px 0px 0px 0px;\nborder-radius:0px 0px 0px 0px;\n}\n<\/style>\n<div class='flex_column av-12ioyqg-d6dc2a35cce3b480fb26edf30254f5ac av_one_full  avia-builder-el-284  el_after_av_one_half  el_before_av_one_third  jo_col_empty first flex_column_table_cell av-equal-height-column av-align-top av-animated-generic fade-in av-zero-column-padding column-top-margin'     ><section  class='av_textblock_section av-np002g-0502a53dcf804bda9d96694365066b97' ><div class='avia_textblock' ><p>invisible placeholder<\/p>\n<\/div><\/section><\/div><\/div><!--close column table wrapper. Autoclose: 1 -->\n<style type=\"text\/css\" data-created_by=\"avia_inline_auto\" id=\"style-css-av-4e7248i-57f0704221bf15f6bdfe085d2f7cfeb0\">\n.flex_column.av-4e7248i-57f0704221bf15f6bdfe085d2f7cfeb0{\n-webkit-border-radius:0px 0px 0px 0px;\n-moz-border-radius:0px 0px 0px 0px;\nborder-radius:0px 0px 0px 0px;\n}\n<\/style>\n<div class='flex_column av-4e7248i-57f0704221bf15f6bdfe085d2f7cfeb0 av_one_third  avia-builder-el-286  el_after_av_one_full  el_before_av_one_third  jo_pf_bild_bg first flex_column_div av-animated-generic fade-in av-zero-column-padding column-top-margin'     ><p>\n<style type=\"text\/css\" data-created_by=\"avia_inline_auto\" id=\"style-css-av-lyehfxog-2840f67acda2ffdee19baba685922755\">\n.avia-image-container.av-lyehfxog-2840f67acda2ffdee19baba685922755 img.avia_image{\nbox-shadow:none;\n}\n.avia-image-container.av-lyehfxog-2840f67acda2ffdee19baba685922755 .av-caption-image-overlay-bg{\nopacity:0.4;\n}\n<\/style>\n<div  class='avia-image-container av-lyehfxog-2840f67acda2ffdee19baba685922755 av-styling-no-styling avia_animated_image av-animated-when-visible-95 fade-in avia-align-left  avia-builder-el-287  el_before_av_textblock  avia-builder-el-first  jo_pf_bild noHover av-overlay-hover-deactivate'  ><div class=\"avia-image-container-inner\"><div class=\"avia-image-overlay-wrap\"><a href=\"https:\/\/www.galerie-metzger.de\/wp-content\/uploads\/2024\/07\/Volker-Tiemann-Mein-linker-Arm-beim-Fruehstueck-Nr.2-2011galerie-metzger-gallery-art-buy-687x1030.jpg\" data-srcset=\"https:\/\/www.galerie-metzger.de\/wp-content\/uploads\/2024\/07\/Volker-Tiemann-Mein-linker-Arm-beim-Fruehstueck-Nr.2-2011galerie-metzger-gallery-art-buy-687x1030.jpg 687w, https:\/\/www.galerie-metzger.de\/wp-content\/uploads\/2024\/07\/Volker-Tiemann-Mein-linker-Arm-beim-Fruehstueck-Nr.2-2011galerie-metzger-gallery-art-buy-690x1035.jpg 690w, https:\/\/www.galerie-metzger.de\/wp-content\/uploads\/2024\/07\/Volker-Tiemann-Mein-linker-Arm-beim-Fruehstueck-Nr.2-2011galerie-metzger-gallery-art-buy-768x1152.jpg 768w, https:\/\/www.galerie-metzger.de\/wp-content\/uploads\/2024\/07\/Volker-Tiemann-Mein-linker-Arm-beim-Fruehstueck-Nr.2-2011galerie-metzger-gallery-art-buy-1024x1536.jpg 1024w, https:\/\/www.galerie-metzger.de\/wp-content\/uploads\/2024\/07\/Volker-Tiemann-Mein-linker-Arm-beim-Fruehstueck-Nr.2-2011galerie-metzger-gallery-art-buy-1365x2048.jpg 1365w, https:\/\/www.galerie-metzger.de\/wp-content\/uploads\/2024\/07\/Volker-Tiemann-Mein-linker-Arm-beim-Fruehstueck-Nr.2-2011galerie-metzger-gallery-art-buy-1000x1500.jpg 1000w, https:\/\/www.galerie-metzger.de\/wp-content\/uploads\/2024\/07\/Volker-Tiemann-Mein-linker-Arm-beim-Fruehstueck-Nr.2-2011galerie-metzger-gallery-art-buy-470x705.jpg 470w, https:\/\/www.galerie-metzger.de\/wp-content\/uploads\/2024\/07\/Volker-Tiemann-Mein-linker-Arm-beim-Fruehstueck-Nr.2-2011galerie-metzger-gallery-art-buy-scaled.jpg 1707w\" data-sizes=\"(max-width: 687px) 100vw, 687px\" class='avia_image' ><div class=\"av-image-caption-overlay\"><div class=\"av-caption-image-overlay-bg\"><\/div><div class=\"av-image-caption-overlay-position\"><div class=\"av-image-caption-overlay-center\"><p>Volker Tiemann \u2013 My left arm at breakfast \u2013 No.2-2011, 90x60x50 cm, Foto: Volker Tiemann<\/p>\n<\/div><\/div><\/div><img decoding=\"async\" class='wp-image-12470 avia-img-lazy-loading-not-12470 avia_image ' src=\"https:\/\/www.galerie-metzger.de\/wp-content\/uploads\/2024\/07\/Volker-Tiemann-Mein-linker-Arm-beim-Fruehstueck-Nr.2-2011galerie-metzger-gallery-art-buy-690x1035.jpg\" alt='Volker Tiemann - Mein linker Arm beim Fr\u00fchst\u00fcck Nr.2-2011' title='Volker Tiemann - Mein linker Arm beim Fr\u00fchst\u00fcck Nr.2-2011'  height=\"1035\" width=\"690\" srcset=\"https:\/\/www.galerie-metzger.de\/wp-content\/uploads\/2024\/07\/Volker-Tiemann-Mein-linker-Arm-beim-Fruehstueck-Nr.2-2011galerie-metzger-gallery-art-buy-690x1035.jpg 690w, https:\/\/www.galerie-metzger.de\/wp-content\/uploads\/2024\/07\/Volker-Tiemann-Mein-linker-Arm-beim-Fruehstueck-Nr.2-2011galerie-metzger-gallery-art-buy-687x1030.jpg 687w, https:\/\/www.galerie-metzger.de\/wp-content\/uploads\/2024\/07\/Volker-Tiemann-Mein-linker-Arm-beim-Fruehstueck-Nr.2-2011galerie-metzger-gallery-art-buy-768x1152.jpg 768w, https:\/\/www.galerie-metzger.de\/wp-content\/uploads\/2024\/07\/Volker-Tiemann-Mein-linker-Arm-beim-Fruehstueck-Nr.2-2011galerie-metzger-gallery-art-buy-1024x1536.jpg 1024w, https:\/\/www.galerie-metzger.de\/wp-content\/uploads\/2024\/07\/Volker-Tiemann-Mein-linker-Arm-beim-Fruehstueck-Nr.2-2011galerie-metzger-gallery-art-buy-1365x2048.jpg 1365w, https:\/\/www.galerie-metzger.de\/wp-content\/uploads\/2024\/07\/Volker-Tiemann-Mein-linker-Arm-beim-Fruehstueck-Nr.2-2011galerie-metzger-gallery-art-buy-1000x1500.jpg 1000w, https:\/\/www.galerie-metzger.de\/wp-content\/uploads\/2024\/07\/Volker-Tiemann-Mein-linker-Arm-beim-Fruehstueck-Nr.2-2011galerie-metzger-gallery-art-buy-470x705.jpg 470w, https:\/\/www.galerie-metzger.de\/wp-content\/uploads\/2024\/07\/Volker-Tiemann-Mein-linker-Arm-beim-Fruehstueck-Nr.2-2011galerie-metzger-gallery-art-buy-scaled.jpg 1707w\" sizes=\"(max-width: 690px) 100vw, 690px\" \/><\/a><\/div><\/div><\/div><br \/>\n<section  class='av_textblock_section av-433k9bm-751a38bac164833b3c9cbb800b435359' ><div class='avia_textblock jo_werk_anfrage lang' ><p><a class=\"anfrage\" href=\"mailto:info@galerie-metzger.de?subject=Volker%20Tiemann%20%20Nr.2-2011\">request information<\/a><\/p>\n<\/div><\/section><\/p><\/div>\n<style type=\"text\/css\" data-created_by=\"avia_inline_auto\" id=\"style-css-av-1ll1g5z-3f3cc2f5daccbbb8e3fd03375f5ae26e\">\n.flex_column.av-1ll1g5z-3f3cc2f5daccbbb8e3fd03375f5ae26e{\n-webkit-border-radius:0px 0px 0px 0px;\n-moz-border-radius:0px 0px 0px 0px;\nborder-radius:0px 0px 0px 0px;\n}\n<\/style>\n<div class='flex_column av-1ll1g5z-3f3cc2f5daccbbb8e3fd03375f5ae26e av_one_third  avia-builder-el-289  el_after_av_one_third  el_before_av_one_third  jo_pf_bild_bg flex_column_div av-animated-generic fade-in av-zero-column-padding column-top-margin'     ><p>\n<style type=\"text\/css\" data-created_by=\"avia_inline_auto\" id=\"style-css-av-llce19f0-c370ea44788ea0e58e24ab545642f9b2\">\n.avia-image-container.av-llce19f0-c370ea44788ea0e58e24ab545642f9b2 img.avia_image{\nbox-shadow:none;\n}\n.avia-image-container.av-llce19f0-c370ea44788ea0e58e24ab545642f9b2 .av-caption-image-overlay-bg{\nopacity:0.4;\n}\n<\/style>\n<div  class='avia-image-container av-llce19f0-c370ea44788ea0e58e24ab545642f9b2 av-styling-no-styling avia_animated_image av-animated-when-visible-95 fade-in avia-align-left  avia-builder-el-290  el_before_av_textblock  avia-builder-el-first  jo_pf_bild noHover av-overlay-hover-deactivate'  ><div class=\"avia-image-container-inner\"><div class=\"avia-image-overlay-wrap\"><a href=\"https:\/\/www.galerie-metzger.de\/wp-content\/uploads\/2024\/07\/Volker-Tiemann-Mein-linker-Arm-beim-Fruehstueck-Nr.2-2011-galerie-metzger-gallery-kunst-sculpture-1030x687.jpg\" data-srcset=\"https:\/\/www.galerie-metzger.de\/wp-content\/uploads\/2024\/07\/Volker-Tiemann-Mein-linker-Arm-beim-Fruehstueck-Nr.2-2011-galerie-metzger-gallery-kunst-sculpture-1030x687.jpg 1030w, https:\/\/www.galerie-metzger.de\/wp-content\/uploads\/2024\/07\/Volker-Tiemann-Mein-linker-Arm-beim-Fruehstueck-Nr.2-2011-galerie-metzger-gallery-kunst-sculpture-690x460.jpg 690w, https:\/\/www.galerie-metzger.de\/wp-content\/uploads\/2024\/07\/Volker-Tiemann-Mein-linker-Arm-beim-Fruehstueck-Nr.2-2011-galerie-metzger-gallery-kunst-sculpture-768x512.jpg 768w, https:\/\/www.galerie-metzger.de\/wp-content\/uploads\/2024\/07\/Volker-Tiemann-Mein-linker-Arm-beim-Fruehstueck-Nr.2-2011-galerie-metzger-gallery-kunst-sculpture-1536x1024.jpg 1536w, https:\/\/www.galerie-metzger.de\/wp-content\/uploads\/2024\/07\/Volker-Tiemann-Mein-linker-Arm-beim-Fruehstueck-Nr.2-2011-galerie-metzger-gallery-kunst-sculpture-2048x1365.jpg 2048w, https:\/\/www.galerie-metzger.de\/wp-content\/uploads\/2024\/07\/Volker-Tiemann-Mein-linker-Arm-beim-Fruehstueck-Nr.2-2011-galerie-metzger-gallery-kunst-sculpture-1500x1000.jpg 1500w, https:\/\/www.galerie-metzger.de\/wp-content\/uploads\/2024\/07\/Volker-Tiemann-Mein-linker-Arm-beim-Fruehstueck-Nr.2-2011-galerie-metzger-gallery-kunst-sculpture-705x470.jpg 705w\" data-sizes=\"(max-width: 1030px) 100vw, 1030px\" class='avia_image' ><div class=\"av-image-caption-overlay\"><div class=\"av-caption-image-overlay-bg\"><\/div><div class=\"av-image-caption-overlay-position\"><div class=\"av-image-caption-overlay-center\"><p>Volker Tiemann \u2013 My left arm at breakfast \u2013 No.2-2011, 90x60x50 cm, Foto: Volker Tiemann<\/p>\n<\/div><\/div><\/div><img decoding=\"async\" class='wp-image-12472 avia-img-lazy-loading-not-12472 avia_image ' src=\"https:\/\/www.galerie-metzger.de\/wp-content\/uploads\/2024\/07\/Volker-Tiemann-Mein-linker-Arm-beim-Fruehstueck-Nr.2-2011-galerie-metzger-gallery-kunst-sculpture-690x460.jpg\" alt='Volker Tiemann - Mein linker Arm beim Fr\u00fchst\u00fcck Nr.2-2011' title='Volker Tiemann - Mein linker Arm beim Fr\u00fchst\u00fcck Nr.2-2011'  height=\"460\" width=\"690\" srcset=\"https:\/\/www.galerie-metzger.de\/wp-content\/uploads\/2024\/07\/Volker-Tiemann-Mein-linker-Arm-beim-Fruehstueck-Nr.2-2011-galerie-metzger-gallery-kunst-sculpture-690x460.jpg 690w, https:\/\/www.galerie-metzger.de\/wp-content\/uploads\/2024\/07\/Volker-Tiemann-Mein-linker-Arm-beim-Fruehstueck-Nr.2-2011-galerie-metzger-gallery-kunst-sculpture-1030x687.jpg 1030w, https:\/\/www.galerie-metzger.de\/wp-content\/uploads\/2024\/07\/Volker-Tiemann-Mein-linker-Arm-beim-Fruehstueck-Nr.2-2011-galerie-metzger-gallery-kunst-sculpture-768x512.jpg 768w, https:\/\/www.galerie-metzger.de\/wp-content\/uploads\/2024\/07\/Volker-Tiemann-Mein-linker-Arm-beim-Fruehstueck-Nr.2-2011-galerie-metzger-gallery-kunst-sculpture-1536x1024.jpg 1536w, https:\/\/www.galerie-metzger.de\/wp-content\/uploads\/2024\/07\/Volker-Tiemann-Mein-linker-Arm-beim-Fruehstueck-Nr.2-2011-galerie-metzger-gallery-kunst-sculpture-2048x1365.jpg 2048w, https:\/\/www.galerie-metzger.de\/wp-content\/uploads\/2024\/07\/Volker-Tiemann-Mein-linker-Arm-beim-Fruehstueck-Nr.2-2011-galerie-metzger-gallery-kunst-sculpture-1500x1000.jpg 1500w, https:\/\/www.galerie-metzger.de\/wp-content\/uploads\/2024\/07\/Volker-Tiemann-Mein-linker-Arm-beim-Fruehstueck-Nr.2-2011-galerie-metzger-gallery-kunst-sculpture-705x470.jpg 705w\" sizes=\"(max-width: 690px) 100vw, 690px\" \/><\/a><\/div><\/div><\/div><br \/>\n<section  class='av_textblock_section av-llce1zsy-3c1c0bd1df2c543d41577da1a24196eb' ><div class='avia_textblock jo_werk_anfrage lang' ><p><a class=\"anfrage\" href=\"mailto:info@galerie-metzger.de?subject=Volker%20Tiemann%20%20Nr.2-2011\">request information<\/a><\/p>\n<\/div><\/section><\/p><\/div>\n<style type=\"text\/css\" data-created_by=\"avia_inline_auto\" id=\"style-css-av-3is58nm-e9ae65cff88499eae896b2c1a976603f\">\n.flex_column.av-3is58nm-e9ae65cff88499eae896b2c1a976603f{\n-webkit-border-radius:0px 0px 0px 0px;\n-moz-border-radius:0px 0px 0px 0px;\nborder-radius:0px 0px 0px 0px;\n}\n<\/style>\n<div class='flex_column av-3is58nm-e9ae65cff88499eae896b2c1a976603f av_one_third  avia-builder-el-292  el_after_av_one_third  el_before_av_one_full  jo_pf_bild_bg flex_column_div av-animated-generic fade-in av-zero-column-padding column-top-margin'     ><p>\n<style type=\"text\/css\" data-created_by=\"avia_inline_auto\" id=\"style-css-av-lyehg9qn-ba676b6a1e3d6571c23aca48c437c913\">\n.avia-image-container.av-lyehg9qn-ba676b6a1e3d6571c23aca48c437c913 img.avia_image{\nbox-shadow:none;\n}\n.avia-image-container.av-lyehg9qn-ba676b6a1e3d6571c23aca48c437c913 .av-caption-image-overlay-bg{\nopacity:0.4;\n}\n<\/style>\n<div  class='avia-image-container av-lyehg9qn-ba676b6a1e3d6571c23aca48c437c913 av-styling-no-styling avia_animated_image av-animated-when-visible-95 fade-in avia-align-left  avia-builder-el-293  el_before_av_textblock  avia-builder-el-first  jo_pf_bild noHover av-overlay-hover-deactivate'  ><div class=\"avia-image-container-inner\"><div class=\"avia-image-overlay-wrap\"><a href=\"https:\/\/www.galerie-metzger.de\/wp-content\/uploads\/2024\/07\/Volker-Tiemann-Mein-linker-Arm-beim-Fruehstueck-Nr.2-2011-galerie-metzger-kunst-skulptur-1-1030x687.jpg\" data-srcset=\"https:\/\/www.galerie-metzger.de\/wp-content\/uploads\/2024\/07\/Volker-Tiemann-Mein-linker-Arm-beim-Fruehstueck-Nr.2-2011-galerie-metzger-kunst-skulptur-1-1030x687.jpg 1030w, https:\/\/www.galerie-metzger.de\/wp-content\/uploads\/2024\/07\/Volker-Tiemann-Mein-linker-Arm-beim-Fruehstueck-Nr.2-2011-galerie-metzger-kunst-skulptur-1-690x460.jpg 690w, https:\/\/www.galerie-metzger.de\/wp-content\/uploads\/2024\/07\/Volker-Tiemann-Mein-linker-Arm-beim-Fruehstueck-Nr.2-2011-galerie-metzger-kunst-skulptur-1-768x512.jpg 768w, https:\/\/www.galerie-metzger.de\/wp-content\/uploads\/2024\/07\/Volker-Tiemann-Mein-linker-Arm-beim-Fruehstueck-Nr.2-2011-galerie-metzger-kunst-skulptur-1-1536x1024.jpg 1536w, https:\/\/www.galerie-metzger.de\/wp-content\/uploads\/2024\/07\/Volker-Tiemann-Mein-linker-Arm-beim-Fruehstueck-Nr.2-2011-galerie-metzger-kunst-skulptur-1-2048x1365.jpg 2048w, https:\/\/www.galerie-metzger.de\/wp-content\/uploads\/2024\/07\/Volker-Tiemann-Mein-linker-Arm-beim-Fruehstueck-Nr.2-2011-galerie-metzger-kunst-skulptur-1-1500x1000.jpg 1500w, https:\/\/www.galerie-metzger.de\/wp-content\/uploads\/2024\/07\/Volker-Tiemann-Mein-linker-Arm-beim-Fruehstueck-Nr.2-2011-galerie-metzger-kunst-skulptur-1-705x470.jpg 705w\" data-sizes=\"(max-width: 1030px) 100vw, 1030px\" class='avia_image' ><div class=\"av-image-caption-overlay\"><div class=\"av-caption-image-overlay-bg\"><\/div><div class=\"av-image-caption-overlay-position\"><div class=\"av-image-caption-overlay-center\"><p>Volker Tiemann \u2013 My left arm at breakfast \u2013 No.2-2011, 90x60x50 cm, Foto: Volker Tiemann<\/p>\n<\/div><\/div><\/div><img decoding=\"async\" class='wp-image-12468 avia-img-lazy-loading-not-12468 avia_image ' src=\"https:\/\/www.galerie-metzger.de\/wp-content\/uploads\/2024\/07\/Volker-Tiemann-Mein-linker-Arm-beim-Fruehstueck-Nr.2-2011-galerie-metzger-kunst-skulptur-1-690x460.jpg\" alt='Volker Tiemann - Mein linker Arm beim Fr\u00fchst\u00fcck Nr.2-2011' title='Volker Tiemann - Mein linker Arm beim Fr\u00fchst\u00fcck Nr.2-2011'  height=\"460\" width=\"690\" srcset=\"https:\/\/www.galerie-metzger.de\/wp-content\/uploads\/2024\/07\/Volker-Tiemann-Mein-linker-Arm-beim-Fruehstueck-Nr.2-2011-galerie-metzger-kunst-skulptur-1-690x460.jpg 690w, https:\/\/www.galerie-metzger.de\/wp-content\/uploads\/2024\/07\/Volker-Tiemann-Mein-linker-Arm-beim-Fruehstueck-Nr.2-2011-galerie-metzger-kunst-skulptur-1-1030x687.jpg 1030w, https:\/\/www.galerie-metzger.de\/wp-content\/uploads\/2024\/07\/Volker-Tiemann-Mein-linker-Arm-beim-Fruehstueck-Nr.2-2011-galerie-metzger-kunst-skulptur-1-768x512.jpg 768w, https:\/\/www.galerie-metzger.de\/wp-content\/uploads\/2024\/07\/Volker-Tiemann-Mein-linker-Arm-beim-Fruehstueck-Nr.2-2011-galerie-metzger-kunst-skulptur-1-1536x1024.jpg 1536w, https:\/\/www.galerie-metzger.de\/wp-content\/uploads\/2024\/07\/Volker-Tiemann-Mein-linker-Arm-beim-Fruehstueck-Nr.2-2011-galerie-metzger-kunst-skulptur-1-2048x1365.jpg 2048w, https:\/\/www.galerie-metzger.de\/wp-content\/uploads\/2024\/07\/Volker-Tiemann-Mein-linker-Arm-beim-Fruehstueck-Nr.2-2011-galerie-metzger-kunst-skulptur-1-1500x1000.jpg 1500w, https:\/\/www.galerie-metzger.de\/wp-content\/uploads\/2024\/07\/Volker-Tiemann-Mein-linker-Arm-beim-Fruehstueck-Nr.2-2011-galerie-metzger-kunst-skulptur-1-705x470.jpg 705w\" sizes=\"(max-width: 690px) 100vw, 690px\" \/><\/a><\/div><\/div><\/div><br \/>\n<section  class='av_textblock_section av-30b8c9e-d23b1d070bfd2f6a62204a151e1cb645' ><div class='avia_textblock jo_werk_anfrage lang' ><p><a class=\"anfrage\" href=\"mailto:info@galerie-metzger.de?subject=Volker%20Tiemann%20%20Nr.2-2011\">request information<\/a><\/p>\n<\/div><\/section><\/p><\/div><div class='flex_column_table av-2irs02a-aa72ea0732dbbf90c45f0c0ce21f7050 sc-av_one_full av-equal-height-column-flextable'>\n<style type=\"text\/css\" data-created_by=\"avia_inline_auto\" id=\"style-css-av-2irs02a-aa72ea0732dbbf90c45f0c0ce21f7050\">\n.flex_column.av-2irs02a-aa72ea0732dbbf90c45f0c0ce21f7050{\n-webkit-border-radius:0px 0px 0px 0px;\n-moz-border-radius:0px 0px 0px 0px;\nborder-radius:0px 0px 0px 0px;\n}\n<\/style>\n<div class='flex_column av-2irs02a-aa72ea0732dbbf90c45f0c0ce21f7050 av_one_full  avia-builder-el-295  el_after_av_one_third  el_before_av_one_half  jo_col_empty first flex_column_table_cell av-equal-height-column av-align-top av-animated-generic fade-in av-zero-column-padding column-top-margin'     ><section  class='av_textblock_section av-286z5jm-2645708d09984be4031aecb904246bf0' ><div class='avia_textblock' ><p>invisible placeholder<\/p>\n<\/div><\/section><\/div><\/div><!--close column table wrapper. Autoclose: 1 -->\n<style type=\"text\/css\" data-created_by=\"avia_inline_auto\" id=\"style-css-av-1q1yx8y-43b516a3c5da6832552e6e3eec66355f\">\n.flex_column.av-1q1yx8y-43b516a3c5da6832552e6e3eec66355f{\n-webkit-border-radius:0px 0px 0px 0px;\n-moz-border-radius:0px 0px 0px 0px;\nborder-radius:0px 0px 0px 0px;\n}\n<\/style>\n<div class='flex_column av-1q1yx8y-43b516a3c5da6832552e6e3eec66355f av_one_half  avia-builder-el-297  el_after_av_one_full  el_before_av_one_half  jo_pf_bild_bg first flex_column_div av-animated-generic fade-in av-zero-column-padding column-top-margin'     ><p>\n<style type=\"text\/css\" data-created_by=\"avia_inline_auto\" id=\"style-css-av-hiedu-dbd934f6506f262b8dc03b55399b72fa\">\n.avia-image-container.av-hiedu-dbd934f6506f262b8dc03b55399b72fa img.avia_image{\nbox-shadow:none;\n}\n.avia-image-container.av-hiedu-dbd934f6506f262b8dc03b55399b72fa .av-caption-image-overlay-bg{\nopacity:0.4;\n}\n<\/style>\n<div  class='avia-image-container av-hiedu-dbd934f6506f262b8dc03b55399b72fa av-styling-no-styling avia_animated_image av-animated-when-visible-95 fade-in avia-align-left  avia-builder-el-298  el_before_av_textblock  avia-builder-el-first  jo_pf_bild noHover av-overlay-hover-deactivate'  ><div class=\"avia-image-container-inner\"><div class=\"avia-image-overlay-wrap\"><a href=\"https:\/\/www.galerie-metzger.de\/wp-content\/uploads\/2024\/08\/Gotlind-Weigel-Kannenform-1993-galerie-metzger-gallery-deutsche-studiokeramik-kaufen-germandesign-1030x1030.jpg\" data-srcset=\"https:\/\/www.galerie-metzger.de\/wp-content\/uploads\/2024\/08\/Gotlind-Weigel-Kannenform-1993-galerie-metzger-gallery-deutsche-studiokeramik-kaufen-germandesign-1030x1030.jpg 1030w, https:\/\/www.galerie-metzger.de\/wp-content\/uploads\/2024\/08\/Gotlind-Weigel-Kannenform-1993-galerie-metzger-gallery-deutsche-studiokeramik-kaufen-germandesign-690x690.jpg 690w, https:\/\/www.galerie-metzger.de\/wp-content\/uploads\/2024\/08\/Gotlind-Weigel-Kannenform-1993-galerie-metzger-gallery-deutsche-studiokeramik-kaufen-germandesign-80x80.jpg 80w, https:\/\/www.galerie-metzger.de\/wp-content\/uploads\/2024\/08\/Gotlind-Weigel-Kannenform-1993-galerie-metzger-gallery-deutsche-studiokeramik-kaufen-germandesign-768x768.jpg 768w, https:\/\/www.galerie-metzger.de\/wp-content\/uploads\/2024\/08\/Gotlind-Weigel-Kannenform-1993-galerie-metzger-gallery-deutsche-studiokeramik-kaufen-germandesign-1536x1536.jpg 1536w, https:\/\/www.galerie-metzger.de\/wp-content\/uploads\/2024\/08\/Gotlind-Weigel-Kannenform-1993-galerie-metzger-gallery-deutsche-studiokeramik-kaufen-germandesign-2048x2048.jpg 2048w, https:\/\/www.galerie-metzger.de\/wp-content\/uploads\/2024\/08\/Gotlind-Weigel-Kannenform-1993-galerie-metzger-gallery-deutsche-studiokeramik-kaufen-germandesign-36x36.jpg 36w, https:\/\/www.galerie-metzger.de\/wp-content\/uploads\/2024\/08\/Gotlind-Weigel-Kannenform-1993-galerie-metzger-gallery-deutsche-studiokeramik-kaufen-germandesign-180x180.jpg 180w, https:\/\/www.galerie-metzger.de\/wp-content\/uploads\/2024\/08\/Gotlind-Weigel-Kannenform-1993-galerie-metzger-gallery-deutsche-studiokeramik-kaufen-germandesign-1500x1500.jpg 1500w, https:\/\/www.galerie-metzger.de\/wp-content\/uploads\/2024\/08\/Gotlind-Weigel-Kannenform-1993-galerie-metzger-gallery-deutsche-studiokeramik-kaufen-germandesign-705x705.jpg 705w\" data-sizes=\"(max-width: 1030px) 100vw, 1030px\" class='avia_image' ><div class=\"av-image-caption-overlay\"><div class=\"av-caption-image-overlay-bg\"><\/div><div class=\"av-image-caption-overlay-position\"><div class=\"av-image-caption-overlay-center\"><p>Gotlind Weigel \u2013 Tea pot object \u2013, 14&#215;17,5&#215;16 cm, Foto: Eduard Baumann<\/p>\n<\/div><\/div><\/div><img decoding=\"async\" class='wp-image-12666 avia-img-lazy-loading-not-12666 avia_image ' src=\"https:\/\/www.galerie-metzger.de\/wp-content\/uploads\/2024\/08\/Gotlind-Weigel-Kannenform-1993-galerie-metzger-gallery-deutsche-studiokeramik-kaufen-germandesign-690x690.jpg\" alt='Gotlind Weigel - Teapot shape 1993' title='Gotlind Weigel  - Kannenform 1993'  height=\"690\" width=\"690\" srcset=\"https:\/\/www.galerie-metzger.de\/wp-content\/uploads\/2024\/08\/Gotlind-Weigel-Kannenform-1993-galerie-metzger-gallery-deutsche-studiokeramik-kaufen-germandesign-690x690.jpg 690w, https:\/\/www.galerie-metzger.de\/wp-content\/uploads\/2024\/08\/Gotlind-Weigel-Kannenform-1993-galerie-metzger-gallery-deutsche-studiokeramik-kaufen-germandesign-1030x1030.jpg 1030w, https:\/\/www.galerie-metzger.de\/wp-content\/uploads\/2024\/08\/Gotlind-Weigel-Kannenform-1993-galerie-metzger-gallery-deutsche-studiokeramik-kaufen-germandesign-80x80.jpg 80w, https:\/\/www.galerie-metzger.de\/wp-content\/uploads\/2024\/08\/Gotlind-Weigel-Kannenform-1993-galerie-metzger-gallery-deutsche-studiokeramik-kaufen-germandesign-768x768.jpg 768w, https:\/\/www.galerie-metzger.de\/wp-content\/uploads\/2024\/08\/Gotlind-Weigel-Kannenform-1993-galerie-metzger-gallery-deutsche-studiokeramik-kaufen-germandesign-1536x1536.jpg 1536w, https:\/\/www.galerie-metzger.de\/wp-content\/uploads\/2024\/08\/Gotlind-Weigel-Kannenform-1993-galerie-metzger-gallery-deutsche-studiokeramik-kaufen-germandesign-2048x2048.jpg 2048w, https:\/\/www.galerie-metzger.de\/wp-content\/uploads\/2024\/08\/Gotlind-Weigel-Kannenform-1993-galerie-metzger-gallery-deutsche-studiokeramik-kaufen-germandesign-36x36.jpg 36w, https:\/\/www.galerie-metzger.de\/wp-content\/uploads\/2024\/08\/Gotlind-Weigel-Kannenform-1993-galerie-metzger-gallery-deutsche-studiokeramik-kaufen-germandesign-180x180.jpg 180w, https:\/\/www.galerie-metzger.de\/wp-content\/uploads\/2024\/08\/Gotlind-Weigel-Kannenform-1993-galerie-metzger-gallery-deutsche-studiokeramik-kaufen-germandesign-1500x1500.jpg 1500w, https:\/\/www.galerie-metzger.de\/wp-content\/uploads\/2024\/08\/Gotlind-Weigel-Kannenform-1993-galerie-metzger-gallery-deutsche-studiokeramik-kaufen-germandesign-705x705.jpg 705w\" sizes=\"(max-width: 690px) 100vw, 690px\" \/><\/a><\/div><\/div><\/div><br \/>\n<section  class='av_textblock_section av-nz4cvm-fbef980519b17d17145ad3156ec92b9a' ><div class='avia_textblock jo_werk_anfrage lang' ><p><a class=\"anfrage\" href=\"mailto:info@galerie-metzger.de?subject=Gotlind%20Weigel%20Kannenobjekt%2014x17,5x16cm\">request information<\/a><\/p>\n<\/div><\/section><\/p><\/div>\n<style type=\"text\/css\" data-created_by=\"avia_inline_auto\" id=\"style-css-av-3b825o8-3785495123f32cde2a853874777742c9\">\n.flex_column.av-3b825o8-3785495123f32cde2a853874777742c9{\n-webkit-border-radius:0px 0px 0px 0px;\n-moz-border-radius:0px 0px 0px 0px;\nborder-radius:0px 0px 0px 0px;\n}\n<\/style>\n<div class='flex_column av-3b825o8-3785495123f32cde2a853874777742c9 av_one_half  avia-builder-el-300  el_after_av_one_half  el_before_av_one_half  jo_pf_bild_bg flex_column_div av-animated-generic fade-in av-zero-column-padding column-top-margin'     ><p>\n<style type=\"text\/css\" data-created_by=\"avia_inline_auto\" id=\"style-css-av-m0arcgwj-2b7e73c5f3b387484fb5d2efe670f3c1\">\n.avia-image-container.av-m0arcgwj-2b7e73c5f3b387484fb5d2efe670f3c1 img.avia_image{\nbox-shadow:none;\n}\n.avia-image-container.av-m0arcgwj-2b7e73c5f3b387484fb5d2efe670f3c1 .av-caption-image-overlay-bg{\nopacity:0.4;\n}\n<\/style>\n<div  class='avia-image-container av-m0arcgwj-2b7e73c5f3b387484fb5d2efe670f3c1 av-styling-no-styling avia_animated_image av-animated-when-visible-95 fade-in avia-align-left  avia-builder-el-301  el_before_av_textblock  avia-builder-el-first  jo_pf_bild noHover av-overlay-hover-deactivate'  ><div class=\"avia-image-container-inner\"><div class=\"avia-image-overlay-wrap\"><a href=\"https:\/\/www.galerie-metzger.de\/wp-content\/uploads\/2024\/08\/Gotlind-Weigel-Kannenform-1993-galerie-metzger-gallery-deutsche-studiokeramik-kaufen-1030x1030.jpg\" data-srcset=\"https:\/\/www.galerie-metzger.de\/wp-content\/uploads\/2024\/08\/Gotlind-Weigel-Kannenform-1993-galerie-metzger-gallery-deutsche-studiokeramik-kaufen-1030x1030.jpg 1030w, https:\/\/www.galerie-metzger.de\/wp-content\/uploads\/2024\/08\/Gotlind-Weigel-Kannenform-1993-galerie-metzger-gallery-deutsche-studiokeramik-kaufen-690x690.jpg 690w, https:\/\/www.galerie-metzger.de\/wp-content\/uploads\/2024\/08\/Gotlind-Weigel-Kannenform-1993-galerie-metzger-gallery-deutsche-studiokeramik-kaufen-80x80.jpg 80w, https:\/\/www.galerie-metzger.de\/wp-content\/uploads\/2024\/08\/Gotlind-Weigel-Kannenform-1993-galerie-metzger-gallery-deutsche-studiokeramik-kaufen-768x768.jpg 768w, https:\/\/www.galerie-metzger.de\/wp-content\/uploads\/2024\/08\/Gotlind-Weigel-Kannenform-1993-galerie-metzger-gallery-deutsche-studiokeramik-kaufen-1536x1536.jpg 1536w, https:\/\/www.galerie-metzger.de\/wp-content\/uploads\/2024\/08\/Gotlind-Weigel-Kannenform-1993-galerie-metzger-gallery-deutsche-studiokeramik-kaufen-2048x2048.jpg 2048w, https:\/\/www.galerie-metzger.de\/wp-content\/uploads\/2024\/08\/Gotlind-Weigel-Kannenform-1993-galerie-metzger-gallery-deutsche-studiokeramik-kaufen-36x36.jpg 36w, https:\/\/www.galerie-metzger.de\/wp-content\/uploads\/2024\/08\/Gotlind-Weigel-Kannenform-1993-galerie-metzger-gallery-deutsche-studiokeramik-kaufen-180x180.jpg 180w, https:\/\/www.galerie-metzger.de\/wp-content\/uploads\/2024\/08\/Gotlind-Weigel-Kannenform-1993-galerie-metzger-gallery-deutsche-studiokeramik-kaufen-1500x1500.jpg 1500w, https:\/\/www.galerie-metzger.de\/wp-content\/uploads\/2024\/08\/Gotlind-Weigel-Kannenform-1993-galerie-metzger-gallery-deutsche-studiokeramik-kaufen-705x705.jpg 705w\" data-sizes=\"(max-width: 1030px) 100vw, 1030px\" class='avia_image' ><div class=\"av-image-caption-overlay\"><div class=\"av-caption-image-overlay-bg\"><\/div><div class=\"av-image-caption-overlay-position\"><div class=\"av-image-caption-overlay-center\"><p>Gotlind Weigel \u2013 Tea pot object \u2013, 14&#215;17,5&#215;16 cm, Foto: Eduard Baumann<\/p>\n<\/div><\/div><\/div><img decoding=\"async\" class='wp-image-12664 avia-img-lazy-loading-not-12664 avia_image ' src=\"https:\/\/www.galerie-metzger.de\/wp-content\/uploads\/2024\/08\/Gotlind-Weigel-Kannenform-1993-galerie-metzger-gallery-deutsche-studiokeramik-kaufen-690x690.jpg\" alt='Gotlind Weigel - Teapot shape 1993' title='Gotlind Weigel - Kannenform 1993'  height=\"690\" width=\"690\" srcset=\"https:\/\/www.galerie-metzger.de\/wp-content\/uploads\/2024\/08\/Gotlind-Weigel-Kannenform-1993-galerie-metzger-gallery-deutsche-studiokeramik-kaufen-690x690.jpg 690w, https:\/\/www.galerie-metzger.de\/wp-content\/uploads\/2024\/08\/Gotlind-Weigel-Kannenform-1993-galerie-metzger-gallery-deutsche-studiokeramik-kaufen-1030x1030.jpg 1030w, https:\/\/www.galerie-metzger.de\/wp-content\/uploads\/2024\/08\/Gotlind-Weigel-Kannenform-1993-galerie-metzger-gallery-deutsche-studiokeramik-kaufen-80x80.jpg 80w, https:\/\/www.galerie-metzger.de\/wp-content\/uploads\/2024\/08\/Gotlind-Weigel-Kannenform-1993-galerie-metzger-gallery-deutsche-studiokeramik-kaufen-768x768.jpg 768w, https:\/\/www.galerie-metzger.de\/wp-content\/uploads\/2024\/08\/Gotlind-Weigel-Kannenform-1993-galerie-metzger-gallery-deutsche-studiokeramik-kaufen-1536x1536.jpg 1536w, https:\/\/www.galerie-metzger.de\/wp-content\/uploads\/2024\/08\/Gotlind-Weigel-Kannenform-1993-galerie-metzger-gallery-deutsche-studiokeramik-kaufen-2048x2048.jpg 2048w, https:\/\/www.galerie-metzger.de\/wp-content\/uploads\/2024\/08\/Gotlind-Weigel-Kannenform-1993-galerie-metzger-gallery-deutsche-studiokeramik-kaufen-36x36.jpg 36w, https:\/\/www.galerie-metzger.de\/wp-content\/uploads\/2024\/08\/Gotlind-Weigel-Kannenform-1993-galerie-metzger-gallery-deutsche-studiokeramik-kaufen-180x180.jpg 180w, https:\/\/www.galerie-metzger.de\/wp-content\/uploads\/2024\/08\/Gotlind-Weigel-Kannenform-1993-galerie-metzger-gallery-deutsche-studiokeramik-kaufen-1500x1500.jpg 1500w, https:\/\/www.galerie-metzger.de\/wp-content\/uploads\/2024\/08\/Gotlind-Weigel-Kannenform-1993-galerie-metzger-gallery-deutsche-studiokeramik-kaufen-705x705.jpg 705w\" sizes=\"(max-width: 690px) 100vw, 690px\" \/><\/a><\/div><\/div><\/div><br \/>\n<section  class='av_textblock_section av-add74o-338c2bd46330a246134fca7d3968042f' ><div class='avia_textblock jo_werk_anfrage lang' ><p><a class=\"anfrage\" href=\"mailto:info@galerie-metzger.de?subject=Gotlind%20Weigel%20Kannenobjekt%2014x17,5x16cm\">request information<\/a><\/p>\n<\/div><\/section><\/p><\/div>\n<style type=\"text\/css\" data-created_by=\"avia_inline_auto\" id=\"style-css-av-1pbcuzc-693c02b8aef7caca48b16b26daff8ddf\">\n.flex_column.av-1pbcuzc-693c02b8aef7caca48b16b26daff8ddf{\n-webkit-border-radius:0px 0px 0px 0px;\n-moz-border-radius:0px 0px 0px 0px;\nborder-radius:0px 0px 0px 0px;\n}\n<\/style>\n<div class='flex_column av-1pbcuzc-693c02b8aef7caca48b16b26daff8ddf av_one_half  avia-builder-el-303  el_after_av_one_half  el_before_av_one_half  jo_pf_bild_bg first flex_column_div av-animated-generic fade-in av-zero-column-padding column-top-margin'     ><p>\n<style type=\"text\/css\" data-created_by=\"avia_inline_auto\" id=\"style-css-av-1ajorrs-64ee71b9ace545fca4fc33f07837a5e1\">\n.avia-image-container.av-1ajorrs-64ee71b9ace545fca4fc33f07837a5e1 img.avia_image{\nbox-shadow:none;\n}\n.avia-image-container.av-1ajorrs-64ee71b9ace545fca4fc33f07837a5e1 .av-caption-image-overlay-bg{\nopacity:0.4;\n}\n<\/style>\n<div  class='avia-image-container av-1ajorrs-64ee71b9ace545fca4fc33f07837a5e1 av-styling-no-styling avia_animated_image av-animated-when-visible-95 fade-in avia-align-left  avia-builder-el-304  el_before_av_textblock  avia-builder-el-first  jo_pf_bild noHover av-overlay-hover-deactivate'  ><div class=\"avia-image-container-inner\"><div class=\"avia-image-overlay-wrap\"><a href=\"https:\/\/www.galerie-metzger.de\/wp-content\/uploads\/2022\/02\/Gotlind-Weigel-Teekanne-galerie-metzger-deutsche-studiokeramik-gallery-1030x687.jpg\" data-srcset=\"https:\/\/www.galerie-metzger.de\/wp-content\/uploads\/2022\/02\/Gotlind-Weigel-Teekanne-galerie-metzger-deutsche-studiokeramik-gallery-1030x687.jpg 1030w, https:\/\/www.galerie-metzger.de\/wp-content\/uploads\/2022\/02\/Gotlind-Weigel-Teekanne-galerie-metzger-deutsche-studiokeramik-gallery-400x267.jpg 400w, https:\/\/www.galerie-metzger.de\/wp-content\/uploads\/2022\/02\/Gotlind-Weigel-Teekanne-galerie-metzger-deutsche-studiokeramik-gallery-1536x1024.jpg 1536w, https:\/\/www.galerie-metzger.de\/wp-content\/uploads\/2022\/02\/Gotlind-Weigel-Teekanne-galerie-metzger-deutsche-studiokeramik-gallery-2048x1365.jpg 2048w, https:\/\/www.galerie-metzger.de\/wp-content\/uploads\/2022\/02\/Gotlind-Weigel-Teekanne-galerie-metzger-deutsche-studiokeramik-gallery-1500x1000.jpg 1500w, https:\/\/www.galerie-metzger.de\/wp-content\/uploads\/2022\/02\/Gotlind-Weigel-Teekanne-galerie-metzger-deutsche-studiokeramik-gallery-705x470.jpg 705w\" data-sizes=\"(max-width: 1030px) 100vw, 1030px\" class='avia_image' ><div class=\"av-image-caption-overlay\"><div class=\"av-caption-image-overlay-bg\"><\/div><div class=\"av-image-caption-overlay-position\"><div class=\"av-image-caption-overlay-center\"><p>Gotlind Weigel \u2013 Tea pot object \u2013, 13x21x10,5 cm, Foto: Eduard Baumann<\/p>\n<\/div><\/div><\/div><img decoding=\"async\" class='wp-image-10442 avia-img-lazy-loading-not-10442 avia_image ' src=\"https:\/\/www.galerie-metzger.de\/wp-content\/uploads\/2022\/02\/Gotlind-Weigel-Teekanne-galerie-metzger-deutsche-studiokeramik-gallery-400x267.jpg\" alt='Gotlind Weigel - Teapot' title='Gotlind Weigel - Teapot g'  height=\"267\" width=\"400\" srcset=\"https:\/\/www.galerie-metzger.de\/wp-content\/uploads\/2022\/02\/Gotlind-Weigel-Teekanne-galerie-metzger-deutsche-studiokeramik-gallery-400x267.jpg 400w, https:\/\/www.galerie-metzger.de\/wp-content\/uploads\/2022\/02\/Gotlind-Weigel-Teekanne-galerie-metzger-deutsche-studiokeramik-gallery-1030x687.jpg 1030w, https:\/\/www.galerie-metzger.de\/wp-content\/uploads\/2022\/02\/Gotlind-Weigel-Teekanne-galerie-metzger-deutsche-studiokeramik-gallery-1536x1024.jpg 1536w, https:\/\/www.galerie-metzger.de\/wp-content\/uploads\/2022\/02\/Gotlind-Weigel-Teekanne-galerie-metzger-deutsche-studiokeramik-gallery-2048x1365.jpg 2048w, https:\/\/www.galerie-metzger.de\/wp-content\/uploads\/2022\/02\/Gotlind-Weigel-Teekanne-galerie-metzger-deutsche-studiokeramik-gallery-1500x1000.jpg 1500w, https:\/\/www.galerie-metzger.de\/wp-content\/uploads\/2022\/02\/Gotlind-Weigel-Teekanne-galerie-metzger-deutsche-studiokeramik-gallery-705x470.jpg 705w\" sizes=\"(max-width: 400px) 100vw, 400px\" \/><\/a><\/div><\/div><\/div><br \/>\n<section  class='av_textblock_section av-ky1rbs-a4ee9e101f82d47573ec5aab4f2f660e' ><div class='avia_textblock jo_werk_anfrage lang' ><p><a class=\"anfrage\" href=\"mailto:info@galerie-metzger.de?subject=Gotlind%20Weigel%20Kannenobjekt%2013x21x10,5cm\">request information<\/a><\/p>\n<\/div><\/section><\/p><\/div>\n<style type=\"text\/css\" data-created_by=\"avia_inline_auto\" id=\"style-css-av-1925w0i-66c78a7e60fe9447fe06e01f9d955813\">\n.flex_column.av-1925w0i-66c78a7e60fe9447fe06e01f9d955813{\n-webkit-border-radius:0px 0px 0px 0px;\n-moz-border-radius:0px 0px 0px 0px;\nborder-radius:0px 0px 0px 0px;\n}\n<\/style>\n<div class='flex_column av-1925w0i-66c78a7e60fe9447fe06e01f9d955813 av_one_half  avia-builder-el-306  el_after_av_one_half  el_before_av_one_third  jo_pf_bild_bg flex_column_div av-animated-generic fade-in av-zero-column-padding column-top-margin'     ><p>\n<style type=\"text\/css\" data-created_by=\"avia_inline_auto\" id=\"style-css-av-ly5yknjj-247b1d13cf27366b3127a4cedcd3d998\">\n.avia-image-container.av-ly5yknjj-247b1d13cf27366b3127a4cedcd3d998 img.avia_image{\nbox-shadow:none;\n}\n.avia-image-container.av-ly5yknjj-247b1d13cf27366b3127a4cedcd3d998 .av-caption-image-overlay-bg{\nopacity:0.4;\n}\n<\/style>\n<div  class='avia-image-container av-ly5yknjj-247b1d13cf27366b3127a4cedcd3d998 av-styling-no-styling avia_animated_image av-animated-when-visible-95 fade-in avia-align-left  avia-builder-el-307  el_before_av_textblock  avia-builder-el-first  jo_pf_bild noHover av-overlay-hover-deactivate'  ><div class=\"avia-image-container-inner\"><div class=\"avia-image-overlay-wrap\"><a href=\"https:\/\/www.galerie-metzger.de\/wp-content\/uploads\/2022\/02\/Gotlind-Weigel-Teekanne-galerie-metzger-deutsche-studiokeramik-gallery-ceramic-art-1030x687.jpg\" data-srcset=\"https:\/\/www.galerie-metzger.de\/wp-content\/uploads\/2022\/02\/Gotlind-Weigel-Teekanne-galerie-metzger-deutsche-studiokeramik-gallery-ceramic-art-1030x687.jpg 1030w, https:\/\/www.galerie-metzger.de\/wp-content\/uploads\/2022\/02\/Gotlind-Weigel-Teekanne-galerie-metzger-deutsche-studiokeramik-gallery-ceramic-art-400x267.jpg 400w, https:\/\/www.galerie-metzger.de\/wp-content\/uploads\/2022\/02\/Gotlind-Weigel-Teekanne-galerie-metzger-deutsche-studiokeramik-gallery-ceramic-art-1536x1024.jpg 1536w, https:\/\/www.galerie-metzger.de\/wp-content\/uploads\/2022\/02\/Gotlind-Weigel-Teekanne-galerie-metzger-deutsche-studiokeramik-gallery-ceramic-art-2048x1365.jpg 2048w, https:\/\/www.galerie-metzger.de\/wp-content\/uploads\/2022\/02\/Gotlind-Weigel-Teekanne-galerie-metzger-deutsche-studiokeramik-gallery-ceramic-art-1500x1000.jpg 1500w, https:\/\/www.galerie-metzger.de\/wp-content\/uploads\/2022\/02\/Gotlind-Weigel-Teekanne-galerie-metzger-deutsche-studiokeramik-gallery-ceramic-art-705x470.jpg 705w\" data-sizes=\"(max-width: 1030px) 100vw, 1030px\" class='avia_image' ><div class=\"av-image-caption-overlay\"><div class=\"av-caption-image-overlay-bg\"><\/div><div class=\"av-image-caption-overlay-position\"><div class=\"av-image-caption-overlay-center\"><p>Gotlind Weigel \u2013 Tea pot object, Detail \u2013, 13x21x10,5 cm, Foto: Eduard Baumann<\/p>\n<\/div><\/div><\/div><img decoding=\"async\" class='wp-image-10444 avia-img-lazy-loading-not-10444 avia_image ' src=\"https:\/\/www.galerie-metzger.de\/wp-content\/uploads\/2022\/02\/Gotlind-Weigel-Teekanne-galerie-metzger-deutsche-studiokeramik-gallery-ceramic-art-400x267.jpg\" alt='Gotlind Weigel - Teapot' title='Gotlind Weigel - Teapot'  height=\"267\" width=\"400\" srcset=\"https:\/\/www.galerie-metzger.de\/wp-content\/uploads\/2022\/02\/Gotlind-Weigel-Teekanne-galerie-metzger-deutsche-studiokeramik-gallery-ceramic-art-400x267.jpg 400w, https:\/\/www.galerie-metzger.de\/wp-content\/uploads\/2022\/02\/Gotlind-Weigel-Teekanne-galerie-metzger-deutsche-studiokeramik-gallery-ceramic-art-1030x687.jpg 1030w, https:\/\/www.galerie-metzger.de\/wp-content\/uploads\/2022\/02\/Gotlind-Weigel-Teekanne-galerie-metzger-deutsche-studiokeramik-gallery-ceramic-art-1536x1024.jpg 1536w, https:\/\/www.galerie-metzger.de\/wp-content\/uploads\/2022\/02\/Gotlind-Weigel-Teekanne-galerie-metzger-deutsche-studiokeramik-gallery-ceramic-art-2048x1365.jpg 2048w, https:\/\/www.galerie-metzger.de\/wp-content\/uploads\/2022\/02\/Gotlind-Weigel-Teekanne-galerie-metzger-deutsche-studiokeramik-gallery-ceramic-art-1500x1000.jpg 1500w, https:\/\/www.galerie-metzger.de\/wp-content\/uploads\/2022\/02\/Gotlind-Weigel-Teekanne-galerie-metzger-deutsche-studiokeramik-gallery-ceramic-art-705x470.jpg 705w\" sizes=\"(max-width: 400px) 100vw, 400px\" \/><\/a><\/div><\/div><\/div><br \/>\n<section  class='av_textblock_section av-rdesj6-8a9e9eba595235c41e43ccb55206ea49' ><div class='avia_textblock jo_werk_anfrage lang' ><p><a class=\"anfrage\" href=\"mailto:info@galerie-metzger.de?subject=Gotlind%20Weigel%20Teekann%2013x21x10,5cm\">request information<\/a><\/p>\n<\/div><\/section><\/p><\/div>\n<style type=\"text\/css\" data-created_by=\"avia_inline_auto\" id=\"style-css-av-2xididu-320ec7eb5e8115382f4aba6a3caefeec\">\n.flex_column.av-2xididu-320ec7eb5e8115382f4aba6a3caefeec{\n-webkit-border-radius:0px 0px 0px 0px;\n-moz-border-radius:0px 0px 0px 0px;\nborder-radius:0px 0px 0px 0px;\n}\n<\/style>\n<div class='flex_column av-2xididu-320ec7eb5e8115382f4aba6a3caefeec av_one_third  avia-builder-el-309  el_after_av_one_half  el_before_av_one_third  jo_pf_bild_bg first flex_column_div av-animated-generic fade-in av-zero-column-padding column-top-margin'     ><p>\n<style type=\"text\/css\" data-created_by=\"avia_inline_auto\" id=\"style-css-av-lyeg41fr-55484f74fe5124e30efefb6a528dc0f1\">\n.avia-image-container.av-lyeg41fr-55484f74fe5124e30efefb6a528dc0f1 img.avia_image{\nbox-shadow:none;\n}\n.avia-image-container.av-lyeg41fr-55484f74fe5124e30efefb6a528dc0f1 .av-caption-image-overlay-bg{\nopacity:0.4;\n}\n<\/style>\n<div  class='avia-image-container av-lyeg41fr-55484f74fe5124e30efefb6a528dc0f1 av-styling-no-styling avia_animated_image av-animated-when-visible-95 fade-in avia-align-left  avia-builder-el-310  el_before_av_textblock  avia-builder-el-first  jo_pf_bild noHover av-overlay-hover-deactivate'  ><div class=\"avia-image-container-inner\"><div class=\"avia-image-overlay-wrap\"><a href=\"https:\/\/www.galerie-metzger.de\/wp-content\/uploads\/2024\/07\/Gotlind-Weigel-Teekanne-185x22x8cm-galerie-metzger-gallery-buy-mid-century-ceramics-1030x687.jpg\" data-srcset=\"https:\/\/www.galerie-metzger.de\/wp-content\/uploads\/2024\/07\/Gotlind-Weigel-Teekanne-185x22x8cm-galerie-metzger-gallery-buy-mid-century-ceramics-1030x687.jpg 1030w, https:\/\/www.galerie-metzger.de\/wp-content\/uploads\/2024\/07\/Gotlind-Weigel-Teekanne-185x22x8cm-galerie-metzger-gallery-buy-mid-century-ceramics-690x460.jpg 690w, https:\/\/www.galerie-metzger.de\/wp-content\/uploads\/2024\/07\/Gotlind-Weigel-Teekanne-185x22x8cm-galerie-metzger-gallery-buy-mid-century-ceramics-768x512.jpg 768w, https:\/\/www.galerie-metzger.de\/wp-content\/uploads\/2024\/07\/Gotlind-Weigel-Teekanne-185x22x8cm-galerie-metzger-gallery-buy-mid-century-ceramics-1536x1024.jpg 1536w, https:\/\/www.galerie-metzger.de\/wp-content\/uploads\/2024\/07\/Gotlind-Weigel-Teekanne-185x22x8cm-galerie-metzger-gallery-buy-mid-century-ceramics-2048x1365.jpg 2048w, https:\/\/www.galerie-metzger.de\/wp-content\/uploads\/2024\/07\/Gotlind-Weigel-Teekanne-185x22x8cm-galerie-metzger-gallery-buy-mid-century-ceramics-1500x1000.jpg 1500w, https:\/\/www.galerie-metzger.de\/wp-content\/uploads\/2024\/07\/Gotlind-Weigel-Teekanne-185x22x8cm-galerie-metzger-gallery-buy-mid-century-ceramics-705x470.jpg 705w\" data-sizes=\"(max-width: 1030px) 100vw, 1030px\" class='avia_image' ><div class=\"av-image-caption-overlay\"><div class=\"av-caption-image-overlay-bg\"><\/div><div class=\"av-image-caption-overlay-position\"><div class=\"av-image-caption-overlay-center\"><p>Gotlind Weigel \u2013 Tea pot object \u2013 , 18,5x22x8 cm , Foto: Eduard Baumann<\/p>\n<\/div><\/div><\/div><img decoding=\"async\" class='wp-image-12506 avia-img-lazy-loading-not-12506 avia_image ' src=\"https:\/\/www.galerie-metzger.de\/wp-content\/uploads\/2024\/07\/Gotlind-Weigel-Teekanne-185x22x8cm-galerie-metzger-gallery-buy-mid-century-ceramics-690x460.jpg\" alt='Gotlind Weigel - Teekanne - 18,5x22x8 cm' title='Gotlind Weigel - Teekanne - 18,5x22x8 cm'  height=\"460\" width=\"690\" srcset=\"https:\/\/www.galerie-metzger.de\/wp-content\/uploads\/2024\/07\/Gotlind-Weigel-Teekanne-185x22x8cm-galerie-metzger-gallery-buy-mid-century-ceramics-690x460.jpg 690w, https:\/\/www.galerie-metzger.de\/wp-content\/uploads\/2024\/07\/Gotlind-Weigel-Teekanne-185x22x8cm-galerie-metzger-gallery-buy-mid-century-ceramics-1030x687.jpg 1030w, https:\/\/www.galerie-metzger.de\/wp-content\/uploads\/2024\/07\/Gotlind-Weigel-Teekanne-185x22x8cm-galerie-metzger-gallery-buy-mid-century-ceramics-768x512.jpg 768w, https:\/\/www.galerie-metzger.de\/wp-content\/uploads\/2024\/07\/Gotlind-Weigel-Teekanne-185x22x8cm-galerie-metzger-gallery-buy-mid-century-ceramics-1536x1024.jpg 1536w, https:\/\/www.galerie-metzger.de\/wp-content\/uploads\/2024\/07\/Gotlind-Weigel-Teekanne-185x22x8cm-galerie-metzger-gallery-buy-mid-century-ceramics-2048x1365.jpg 2048w, https:\/\/www.galerie-metzger.de\/wp-content\/uploads\/2024\/07\/Gotlind-Weigel-Teekanne-185x22x8cm-galerie-metzger-gallery-buy-mid-century-ceramics-1500x1000.jpg 1500w, https:\/\/www.galerie-metzger.de\/wp-content\/uploads\/2024\/07\/Gotlind-Weigel-Teekanne-185x22x8cm-galerie-metzger-gallery-buy-mid-century-ceramics-705x470.jpg 705w\" sizes=\"(max-width: 690px) 100vw, 690px\" \/><\/a><\/div><\/div><\/div><br \/>\n<section  class='av_textblock_section av-lyeg4cmp-84b79d6d54f4fca03ae823c12bcd2f72' ><div class='avia_textblock jo_werk_anfrage lang' ><p><a class=\"anfrage\" href=\"mailto:info@galerie-metzger.de?subject=Gotlind%20Weigel%20Kannenobjekt%2018,5x22x8cm%20\">request information<\/a><\/p>\n<\/div><\/section><\/p><\/div>\n<style type=\"text\/css\" data-created_by=\"avia_inline_auto\" id=\"style-css-av-2g0agvm-0d9a8ad5c7be90f0634e4863ce2513c3\">\n.flex_column.av-2g0agvm-0d9a8ad5c7be90f0634e4863ce2513c3{\n-webkit-border-radius:0px 0px 0px 0px;\n-moz-border-radius:0px 0px 0px 0px;\nborder-radius:0px 0px 0px 0px;\n}\n<\/style>\n<div class='flex_column av-2g0agvm-0d9a8ad5c7be90f0634e4863ce2513c3 av_one_third  avia-builder-el-312  el_after_av_one_third  el_before_av_one_third  jo_pf_bild_bg flex_column_div av-animated-generic fade-in av-zero-column-padding column-top-margin'     ><p>\n<style type=\"text\/css\" data-created_by=\"avia_inline_auto\" id=\"style-css-av-lyeg4qx5-a631dbfa6c4d04780b188be9d8c32fc1\">\n.avia-image-container.av-lyeg4qx5-a631dbfa6c4d04780b188be9d8c32fc1 img.avia_image{\nbox-shadow:none;\n}\n.avia-image-container.av-lyeg4qx5-a631dbfa6c4d04780b188be9d8c32fc1 .av-caption-image-overlay-bg{\nopacity:0.4;\n}\n<\/style>\n<div  class='avia-image-container av-lyeg4qx5-a631dbfa6c4d04780b188be9d8c32fc1 av-styling-no-styling avia_animated_image av-animated-when-visible-95 fade-in avia-align-left  avia-builder-el-313  el_before_av_textblock  avia-builder-el-first  jo_pf_bild noHover av-overlay-hover-deactivate'  ><div class=\"avia-image-container-inner\"><div class=\"avia-image-overlay-wrap\"><a href=\"https:\/\/www.galerie-metzger.de\/wp-content\/uploads\/2024\/07\/Gotlind-Weigel-Teekanne-185x22x8cm-galerie-metzger-gallery-ceramic-art-object-1030x687.jpg\" data-srcset=\"https:\/\/www.galerie-metzger.de\/wp-content\/uploads\/2024\/07\/Gotlind-Weigel-Teekanne-185x22x8cm-galerie-metzger-gallery-ceramic-art-object-1030x687.jpg 1030w, https:\/\/www.galerie-metzger.de\/wp-content\/uploads\/2024\/07\/Gotlind-Weigel-Teekanne-185x22x8cm-galerie-metzger-gallery-ceramic-art-object-690x460.jpg 690w, https:\/\/www.galerie-metzger.de\/wp-content\/uploads\/2024\/07\/Gotlind-Weigel-Teekanne-185x22x8cm-galerie-metzger-gallery-ceramic-art-object-768x512.jpg 768w, https:\/\/www.galerie-metzger.de\/wp-content\/uploads\/2024\/07\/Gotlind-Weigel-Teekanne-185x22x8cm-galerie-metzger-gallery-ceramic-art-object-1536x1024.jpg 1536w, https:\/\/www.galerie-metzger.de\/wp-content\/uploads\/2024\/07\/Gotlind-Weigel-Teekanne-185x22x8cm-galerie-metzger-gallery-ceramic-art-object-2048x1365.jpg 2048w, https:\/\/www.galerie-metzger.de\/wp-content\/uploads\/2024\/07\/Gotlind-Weigel-Teekanne-185x22x8cm-galerie-metzger-gallery-ceramic-art-object-1500x1000.jpg 1500w, https:\/\/www.galerie-metzger.de\/wp-content\/uploads\/2024\/07\/Gotlind-Weigel-Teekanne-185x22x8cm-galerie-metzger-gallery-ceramic-art-object-705x470.jpg 705w\" data-sizes=\"(max-width: 1030px) 100vw, 1030px\" class='avia_image' ><div class=\"av-image-caption-overlay\"><div class=\"av-caption-image-overlay-bg\"><\/div><div class=\"av-image-caption-overlay-position\"><div class=\"av-image-caption-overlay-center\"><p>Gotlind Weigel \u2013 Tea pot object \u2013 , 18,5x22x8 cm , Foto: Eduard Baumann<\/p>\n<\/div><\/div><\/div><img decoding=\"async\" class='wp-image-12508 avia-img-lazy-loading-not-12508 avia_image ' src=\"https:\/\/www.galerie-metzger.de\/wp-content\/uploads\/2024\/07\/Gotlind-Weigel-Teekanne-185x22x8cm-galerie-metzger-gallery-ceramic-art-object-690x460.jpg\" alt='Gotlind Weigel - Teekanne - 18,5x22x8 cm' title='Gotlind Weigel - Teekanne - 18,5x22x8 cm'  height=\"460\" width=\"690\" srcset=\"https:\/\/www.galerie-metzger.de\/wp-content\/uploads\/2024\/07\/Gotlind-Weigel-Teekanne-185x22x8cm-galerie-metzger-gallery-ceramic-art-object-690x460.jpg 690w, https:\/\/www.galerie-metzger.de\/wp-content\/uploads\/2024\/07\/Gotlind-Weigel-Teekanne-185x22x8cm-galerie-metzger-gallery-ceramic-art-object-1030x687.jpg 1030w, https:\/\/www.galerie-metzger.de\/wp-content\/uploads\/2024\/07\/Gotlind-Weigel-Teekanne-185x22x8cm-galerie-metzger-gallery-ceramic-art-object-768x512.jpg 768w, https:\/\/www.galerie-metzger.de\/wp-content\/uploads\/2024\/07\/Gotlind-Weigel-Teekanne-185x22x8cm-galerie-metzger-gallery-ceramic-art-object-1536x1024.jpg 1536w, https:\/\/www.galerie-metzger.de\/wp-content\/uploads\/2024\/07\/Gotlind-Weigel-Teekanne-185x22x8cm-galerie-metzger-gallery-ceramic-art-object-2048x1365.jpg 2048w, https:\/\/www.galerie-metzger.de\/wp-content\/uploads\/2024\/07\/Gotlind-Weigel-Teekanne-185x22x8cm-galerie-metzger-gallery-ceramic-art-object-1500x1000.jpg 1500w, https:\/\/www.galerie-metzger.de\/wp-content\/uploads\/2024\/07\/Gotlind-Weigel-Teekanne-185x22x8cm-galerie-metzger-gallery-ceramic-art-object-705x470.jpg 705w\" sizes=\"(max-width: 690px) 100vw, 690px\" \/><\/a><\/div><\/div><\/div><br \/>\n<section  class='av_textblock_section av-1wsxx82-2d7123a8a4f74f1429a354b8be179117' ><div class='avia_textblock jo_werk_anfrage lang' ><p><a class=\"anfrage\" href=\"mailto:info@galerie-metzger.de?subject=Gotlind%20Weigel%20Kannenobjekt%2018,5x22x8cm%20\">request information<\/a><\/p>\n<\/div><\/section><\/p><\/div>\n<style type=\"text\/css\" data-created_by=\"avia_inline_auto\" id=\"style-css-av-1npwimq-16fec6a397735ffed1e3093c62db549e\">\n.flex_column.av-1npwimq-16fec6a397735ffed1e3093c62db549e{\n-webkit-border-radius:0px 0px 0px 0px;\n-moz-border-radius:0px 0px 0px 0px;\nborder-radius:0px 0px 0px 0px;\n}\n<\/style>\n<div class='flex_column av-1npwimq-16fec6a397735ffed1e3093c62db549e av_one_third  avia-builder-el-315  el_after_av_one_third  el_before_av_one_full  jo_pf_bild_bg flex_column_div av-animated-generic fade-in av-zero-column-padding column-top-margin'     ><p>\n<style type=\"text\/css\" data-created_by=\"avia_inline_auto\" id=\"style-css-av-lyeg0ata-30c04eec2b53b3c3378d5a0314f73332\">\n.avia-image-container.av-lyeg0ata-30c04eec2b53b3c3378d5a0314f73332 img.avia_image{\nbox-shadow:none;\n}\n.avia-image-container.av-lyeg0ata-30c04eec2b53b3c3378d5a0314f73332 .av-caption-image-overlay-bg{\nopacity:0.4;\n}\n<\/style>\n<div  class='avia-image-container av-lyeg0ata-30c04eec2b53b3c3378d5a0314f73332 av-styling-no-styling avia_animated_image av-animated-when-visible-95 fade-in avia-align-left  avia-builder-el-316  el_before_av_textblock  avia-builder-el-first  jo_pf_bild noHover av-overlay-hover-deactivate'  ><div class=\"avia-image-container-inner\"><div class=\"avia-image-overlay-wrap\"><a href=\"https:\/\/www.galerie-metzger.de\/wp-content\/uploads\/2024\/07\/Gotlind-Weigel-Teekanne-1997-galerie-metzger-gallery-studiokeramik-1030x687.jpg\" data-srcset=\"https:\/\/www.galerie-metzger.de\/wp-content\/uploads\/2024\/07\/Gotlind-Weigel-Teekanne-1997-galerie-metzger-gallery-studiokeramik-1030x687.jpg 1030w, https:\/\/www.galerie-metzger.de\/wp-content\/uploads\/2024\/07\/Gotlind-Weigel-Teekanne-1997-galerie-metzger-gallery-studiokeramik-690x460.jpg 690w, https:\/\/www.galerie-metzger.de\/wp-content\/uploads\/2024\/07\/Gotlind-Weigel-Teekanne-1997-galerie-metzger-gallery-studiokeramik-768x512.jpg 768w, https:\/\/www.galerie-metzger.de\/wp-content\/uploads\/2024\/07\/Gotlind-Weigel-Teekanne-1997-galerie-metzger-gallery-studiokeramik-1536x1024.jpg 1536w, https:\/\/www.galerie-metzger.de\/wp-content\/uploads\/2024\/07\/Gotlind-Weigel-Teekanne-1997-galerie-metzger-gallery-studiokeramik-2048x1365.jpg 2048w, https:\/\/www.galerie-metzger.de\/wp-content\/uploads\/2024\/07\/Gotlind-Weigel-Teekanne-1997-galerie-metzger-gallery-studiokeramik-1500x1000.jpg 1500w, https:\/\/www.galerie-metzger.de\/wp-content\/uploads\/2024\/07\/Gotlind-Weigel-Teekanne-1997-galerie-metzger-gallery-studiokeramik-705x470.jpg 705w\" data-sizes=\"(max-width: 1030px) 100vw, 1030px\" class='avia_image' ><div class=\"av-image-caption-overlay\"><div class=\"av-caption-image-overlay-bg\"><\/div><div class=\"av-image-caption-overlay-position\"><div class=\"av-image-caption-overlay-center\"><p>Gotlind Weigel \u2013 Tea pot object \u2013 1997, 12,5x19x9 cm, Foto: Eduard Baumann<\/p>\n<\/div><\/div><\/div><img decoding=\"async\" class='wp-image-12502 avia-img-lazy-loading-not-12502 avia_image ' src=\"https:\/\/www.galerie-metzger.de\/wp-content\/uploads\/2024\/07\/Gotlind-Weigel-Teekanne-1997-galerie-metzger-gallery-studiokeramik-690x460.jpg\" alt='Gotlind Weigel - Teekanne - 1997' title='Gotlind Weigel - Teekanne - 1997'  height=\"460\" width=\"690\" srcset=\"https:\/\/www.galerie-metzger.de\/wp-content\/uploads\/2024\/07\/Gotlind-Weigel-Teekanne-1997-galerie-metzger-gallery-studiokeramik-690x460.jpg 690w, https:\/\/www.galerie-metzger.de\/wp-content\/uploads\/2024\/07\/Gotlind-Weigel-Teekanne-1997-galerie-metzger-gallery-studiokeramik-1030x687.jpg 1030w, https:\/\/www.galerie-metzger.de\/wp-content\/uploads\/2024\/07\/Gotlind-Weigel-Teekanne-1997-galerie-metzger-gallery-studiokeramik-768x512.jpg 768w, https:\/\/www.galerie-metzger.de\/wp-content\/uploads\/2024\/07\/Gotlind-Weigel-Teekanne-1997-galerie-metzger-gallery-studiokeramik-1536x1024.jpg 1536w, https:\/\/www.galerie-metzger.de\/wp-content\/uploads\/2024\/07\/Gotlind-Weigel-Teekanne-1997-galerie-metzger-gallery-studiokeramik-2048x1365.jpg 2048w, https:\/\/www.galerie-metzger.de\/wp-content\/uploads\/2024\/07\/Gotlind-Weigel-Teekanne-1997-galerie-metzger-gallery-studiokeramik-1500x1000.jpg 1500w, https:\/\/www.galerie-metzger.de\/wp-content\/uploads\/2024\/07\/Gotlind-Weigel-Teekanne-1997-galerie-metzger-gallery-studiokeramik-705x470.jpg 705w\" sizes=\"(max-width: 690px) 100vw, 690px\" \/><\/a><\/div><\/div><\/div><br \/>\n<section  class='av_textblock_section av-lyeg0naa-2832b31c46ae21fc26887b40e3492dd5' ><div class='avia_textblock jo_werk_anfrage lang' ><p><a class=\"anfrage\" href=\"mailto:info@galerie-metzger.de?subject=Gotlind%20Weigel%20Kannenobjekt%2012,5x19x9cm\">request information<\/a><\/p>\n<\/div><\/section><\/p><\/div>\n<style type=\"text\/css\" data-created_by=\"avia_inline_auto\" id=\"style-css-av-1aobxte-06aa527108d17d0c3c6f83f243b53061\">\n.flex_column.av-1aobxte-06aa527108d17d0c3c6f83f243b53061{\n-webkit-border-radius:0px 0px 0px 0px;\n-moz-border-radius:0px 0px 0px 0px;\nborder-radius:0px 0px 0px 0px;\n}\n<\/style>\n<div class='flex_column av-1aobxte-06aa527108d17d0c3c6f83f243b53061 av_one_full  avia-builder-el-318  el_after_av_one_third  el_before_av_one_full  jo_pf_bild_bg first flex_column_div av-animated-generic fade-in av-zero-column-padding column-top-margin'     ><p>\n<style type=\"text\/css\" data-created_by=\"avia_inline_auto\" id=\"style-css-av-lyeg15yv-513c670c7c9694ea9548b68d8b85cd3f\">\n.avia-image-container.av-lyeg15yv-513c670c7c9694ea9548b68d8b85cd3f img.avia_image{\nbox-shadow:none;\n}\n.avia-image-container.av-lyeg15yv-513c670c7c9694ea9548b68d8b85cd3f .av-caption-image-overlay-bg{\nopacity:0.4;\n}\n<\/style>\n<div  class='avia-image-container av-lyeg15yv-513c670c7c9694ea9548b68d8b85cd3f av-styling-no-styling avia_animated_image av-animated-when-visible-95 fade-in avia-align-left  avia-builder-el-319  el_before_av_textblock  avia-builder-el-first  jo_pf_bild noHover av-overlay-hover-deactivate'  ><div class=\"avia-image-container-inner\"><div class=\"avia-image-overlay-wrap\"><a href=\"https:\/\/www.galerie-metzger.de\/wp-content\/uploads\/2024\/07\/Gotlind-Weigel-Teekanne-Detail-1997-1030x470.jpg\" data-srcset=\"https:\/\/www.galerie-metzger.de\/wp-content\/uploads\/2024\/07\/Gotlind-Weigel-Teekanne-Detail-1997-1030x470.jpg 1030w, https:\/\/www.galerie-metzger.de\/wp-content\/uploads\/2024\/07\/Gotlind-Weigel-Teekanne-Detail-1997-690x315.jpg 690w, https:\/\/www.galerie-metzger.de\/wp-content\/uploads\/2024\/07\/Gotlind-Weigel-Teekanne-Detail-1997-768x350.jpg 768w, https:\/\/www.galerie-metzger.de\/wp-content\/uploads\/2024\/07\/Gotlind-Weigel-Teekanne-Detail-1997-1536x701.jpg 1536w, https:\/\/www.galerie-metzger.de\/wp-content\/uploads\/2024\/07\/Gotlind-Weigel-Teekanne-Detail-1997-2048x934.jpg 2048w, https:\/\/www.galerie-metzger.de\/wp-content\/uploads\/2024\/07\/Gotlind-Weigel-Teekanne-Detail-1997-1500x684.jpg 1500w, https:\/\/www.galerie-metzger.de\/wp-content\/uploads\/2024\/07\/Gotlind-Weigel-Teekanne-Detail-1997-705x322.jpg 705w\" data-sizes=\"(max-width: 1030px) 100vw, 1030px\" class='avia_image' ><div class=\"av-image-caption-overlay\"><div class=\"av-caption-image-overlay-bg\"><\/div><div class=\"av-image-caption-overlay-position\"><div class=\"av-image-caption-overlay-center\"><p>Gotlind Weigel \u2013 Tea pot object, Detail \u2013 1997, 12,5x19x9 cm, Foto: Eduard Baumann<\/p>\n<\/div><\/div><\/div><img decoding=\"async\" class='wp-image-12504 avia-img-lazy-loading-not-12504 avia_image ' src=\"https:\/\/www.galerie-metzger.de\/wp-content\/uploads\/2024\/07\/Gotlind-Weigel-Teekanne-Detail-1997-scaled.jpg\" alt='Gotlind Weigel  - Teekanne Detail  - 1997' title='Gotlind Weigel  - Teekanne Detail - 1997'  height=\"1168\" width=\"2560\" srcset=\"https:\/\/www.galerie-metzger.de\/wp-content\/uploads\/2024\/07\/Gotlind-Weigel-Teekanne-Detail-1997-scaled.jpg 2560w, https:\/\/www.galerie-metzger.de\/wp-content\/uploads\/2024\/07\/Gotlind-Weigel-Teekanne-Detail-1997-690x315.jpg 690w, https:\/\/www.galerie-metzger.de\/wp-content\/uploads\/2024\/07\/Gotlind-Weigel-Teekanne-Detail-1997-1030x470.jpg 1030w, https:\/\/www.galerie-metzger.de\/wp-content\/uploads\/2024\/07\/Gotlind-Weigel-Teekanne-Detail-1997-768x350.jpg 768w, https:\/\/www.galerie-metzger.de\/wp-content\/uploads\/2024\/07\/Gotlind-Weigel-Teekanne-Detail-1997-1536x701.jpg 1536w, https:\/\/www.galerie-metzger.de\/wp-content\/uploads\/2024\/07\/Gotlind-Weigel-Teekanne-Detail-1997-2048x934.jpg 2048w, https:\/\/www.galerie-metzger.de\/wp-content\/uploads\/2024\/07\/Gotlind-Weigel-Teekanne-Detail-1997-1500x684.jpg 1500w, https:\/\/www.galerie-metzger.de\/wp-content\/uploads\/2024\/07\/Gotlind-Weigel-Teekanne-Detail-1997-705x322.jpg 705w\" sizes=\"(max-width: 2560px) 100vw, 2560px\" \/><\/a><\/div><\/div><\/div><br \/>\n<section  class='av_textblock_section av-pjojci-efdb22b172e4830009339baabc90a5ee' ><div class='avia_textblock jo_werk_anfrage lang' ><p><a class=\"anfrage\" href=\"mailto:info@galerie-metzger.de?subject=Gotlind%20Weigel%20Kannenobjekt%2012,5x19x9cm\">request information<\/a><\/p>\n<\/div><\/section><\/p><\/div><div class='flex_column_table av-32rtn2q-df8ad20a29a2f4a07b6c65db6768ad82 sc-av_one_full av-equal-height-column-flextable'>\n<style type=\"text\/css\" data-created_by=\"avia_inline_auto\" id=\"style-css-av-32rtn2q-df8ad20a29a2f4a07b6c65db6768ad82\">\n.flex_column.av-32rtn2q-df8ad20a29a2f4a07b6c65db6768ad82{\n-webkit-border-radius:0px 0px 0px 0px;\n-moz-border-radius:0px 0px 0px 0px;\nborder-radius:0px 0px 0px 0px;\n}\n<\/style>\n<div class='flex_column av-32rtn2q-df8ad20a29a2f4a07b6c65db6768ad82 av_one_full  avia-builder-el-321  el_after_av_one_full  el_before_av_one_third  jo_col_empty first flex_column_table_cell av-equal-height-column av-align-top av-animated-generic fade-in av-zero-column-padding column-top-margin'     ><section  class='av_textblock_section av-2kf2rwy-34f2339a425082621c59edb9c2d2dc39' ><div class='avia_textblock' ><p>invisible placeholder<\/p>\n<\/div><\/section><\/div><\/div><!--close column table wrapper. Autoclose: 1 -->\n<style type=\"text\/css\" data-created_by=\"avia_inline_auto\" id=\"style-css-av-22j8mc2-b98404d435391f55b16fc627aefe5e04\">\n.flex_column.av-22j8mc2-b98404d435391f55b16fc627aefe5e04{\n-webkit-border-radius:0px 0px 0px 0px;\n-moz-border-radius:0px 0px 0px 0px;\nborder-radius:0px 0px 0px 0px;\n}\n<\/style>\n<div class='flex_column av-22j8mc2-b98404d435391f55b16fc627aefe5e04 av_one_third  avia-builder-el-323  el_after_av_one_full  el_before_av_one_third  jo_pf_bild_bg first flex_column_div av-animated-generic fade-in av-zero-column-padding column-top-margin'     ><p>\n<style type=\"text\/css\" data-created_by=\"avia_inline_auto\" id=\"style-css-av-lyegvtxb-a3a22d46d292af549073ccd1cb451066\">\n.avia-image-container.av-lyegvtxb-a3a22d46d292af549073ccd1cb451066 img.avia_image{\nbox-shadow:none;\n}\n.avia-image-container.av-lyegvtxb-a3a22d46d292af549073ccd1cb451066 .av-caption-image-overlay-bg{\nopacity:0.4;\n}\n<\/style>\n<div  class='avia-image-container av-lyegvtxb-a3a22d46d292af549073ccd1cb451066 av-styling-no-styling avia_animated_image av-animated-when-visible-95 fade-in avia-align-left  avia-builder-el-324  el_before_av_textblock  avia-builder-el-first  jo_pf_bild noHover av-overlay-hover-deactivate'  ><div class=\"avia-image-container-inner\"><div class=\"avia-image-overlay-wrap\"><a href=\"https:\/\/www.galerie-metzger.de\/wp-content\/uploads\/2024\/07\/Masamichi-Yoshikawa-Chawan-75x15x14-cm-galerie-metzger-porzellan-kunst-kaufen-1030x687.jpg\" data-srcset=\"https:\/\/www.galerie-metzger.de\/wp-content\/uploads\/2024\/07\/Masamichi-Yoshikawa-Chawan-75x15x14-cm-galerie-metzger-porzellan-kunst-kaufen-1030x687.jpg 1030w, https:\/\/www.galerie-metzger.de\/wp-content\/uploads\/2024\/07\/Masamichi-Yoshikawa-Chawan-75x15x14-cm-galerie-metzger-porzellan-kunst-kaufen-690x460.jpg 690w, https:\/\/www.galerie-metzger.de\/wp-content\/uploads\/2024\/07\/Masamichi-Yoshikawa-Chawan-75x15x14-cm-galerie-metzger-porzellan-kunst-kaufen-768x512.jpg 768w, https:\/\/www.galerie-metzger.de\/wp-content\/uploads\/2024\/07\/Masamichi-Yoshikawa-Chawan-75x15x14-cm-galerie-metzger-porzellan-kunst-kaufen-1536x1024.jpg 1536w, https:\/\/www.galerie-metzger.de\/wp-content\/uploads\/2024\/07\/Masamichi-Yoshikawa-Chawan-75x15x14-cm-galerie-metzger-porzellan-kunst-kaufen-2048x1365.jpg 2048w, https:\/\/www.galerie-metzger.de\/wp-content\/uploads\/2024\/07\/Masamichi-Yoshikawa-Chawan-75x15x14-cm-galerie-metzger-porzellan-kunst-kaufen-1500x1000.jpg 1500w, https:\/\/www.galerie-metzger.de\/wp-content\/uploads\/2024\/07\/Masamichi-Yoshikawa-Chawan-75x15x14-cm-galerie-metzger-porzellan-kunst-kaufen-705x470.jpg 705w\" data-sizes=\"(max-width: 1030px) 100vw, 1030px\" class='avia_image' ><div class=\"av-image-caption-overlay\"><div class=\"av-caption-image-overlay-bg\"><\/div><div class=\"av-image-caption-overlay-position\"><div class=\"av-image-caption-overlay-center\"><p>Masamichi Yoshikawa \u2013 Chawan \u2013 2020, 7,5x15x14 cm, Foto: Eduard Baumann<\/p>\n<\/div><\/div><\/div><img decoding=\"async\" class='wp-image-12515 avia-img-lazy-loading-not-12515 avia_image ' src=\"https:\/\/www.galerie-metzger.de\/wp-content\/uploads\/2024\/07\/Masamichi-Yoshikawa-Chawan-75x15x14-cm-galerie-metzger-porzellan-kunst-kaufen-690x460.jpg\" alt='Masamichi Yoshikawa - Chawan - 7,5x15x14 cm' title='Masamichi Yoshikawa - Chawan - 7,5x15x14 cm'  height=\"460\" width=\"690\" srcset=\"https:\/\/www.galerie-metzger.de\/wp-content\/uploads\/2024\/07\/Masamichi-Yoshikawa-Chawan-75x15x14-cm-galerie-metzger-porzellan-kunst-kaufen-690x460.jpg 690w, https:\/\/www.galerie-metzger.de\/wp-content\/uploads\/2024\/07\/Masamichi-Yoshikawa-Chawan-75x15x14-cm-galerie-metzger-porzellan-kunst-kaufen-1030x687.jpg 1030w, https:\/\/www.galerie-metzger.de\/wp-content\/uploads\/2024\/07\/Masamichi-Yoshikawa-Chawan-75x15x14-cm-galerie-metzger-porzellan-kunst-kaufen-768x512.jpg 768w, https:\/\/www.galerie-metzger.de\/wp-content\/uploads\/2024\/07\/Masamichi-Yoshikawa-Chawan-75x15x14-cm-galerie-metzger-porzellan-kunst-kaufen-1536x1024.jpg 1536w, https:\/\/www.galerie-metzger.de\/wp-content\/uploads\/2024\/07\/Masamichi-Yoshikawa-Chawan-75x15x14-cm-galerie-metzger-porzellan-kunst-kaufen-2048x1365.jpg 2048w, https:\/\/www.galerie-metzger.de\/wp-content\/uploads\/2024\/07\/Masamichi-Yoshikawa-Chawan-75x15x14-cm-galerie-metzger-porzellan-kunst-kaufen-1500x1000.jpg 1500w, https:\/\/www.galerie-metzger.de\/wp-content\/uploads\/2024\/07\/Masamichi-Yoshikawa-Chawan-75x15x14-cm-galerie-metzger-porzellan-kunst-kaufen-705x470.jpg 705w\" sizes=\"(max-width: 690px) 100vw, 690px\" \/><\/a><\/div><\/div><\/div><br \/>\n<section  class='av_textblock_section av-lyegx9yo-a61c89a530e634667ae21358c2ba890a' ><div class='avia_textblock jo_werk_anfrage lang' ><p><a class=\"anfrage\" href=\"mailto:info@galerie-metzger.de?subject=Masamichi%20Yosikawa%20Chawan%207,5x15x14%20cm\">request information<\/a><\/p>\n<\/div><\/section><\/p><\/div>\n<style type=\"text\/css\" data-created_by=\"avia_inline_auto\" id=\"style-css-av-1jxi3xu-2f156a15767d32e6da3d027f00e2dc29\">\n.flex_column.av-1jxi3xu-2f156a15767d32e6da3d027f00e2dc29{\n-webkit-border-radius:0px 0px 0px 0px;\n-moz-border-radius:0px 0px 0px 0px;\nborder-radius:0px 0px 0px 0px;\n}\n<\/style>\n<div class='flex_column av-1jxi3xu-2f156a15767d32e6da3d027f00e2dc29 av_one_third  avia-builder-el-326  el_after_av_one_third  el_before_av_one_third  jo_pf_bild_bg flex_column_div av-animated-generic fade-in av-zero-column-padding column-top-margin'     ><p>\n<style type=\"text\/css\" data-created_by=\"avia_inline_auto\" id=\"style-css-av-lyegxm49-387dbfe2e25cc7bb9cdcc9be5fa9a097\">\n.avia-image-container.av-lyegxm49-387dbfe2e25cc7bb9cdcc9be5fa9a097 img.avia_image{\nbox-shadow:none;\n}\n.avia-image-container.av-lyegxm49-387dbfe2e25cc7bb9cdcc9be5fa9a097 .av-caption-image-overlay-bg{\nopacity:0.4;\n}\n<\/style>\n<div  class='avia-image-container av-lyegxm49-387dbfe2e25cc7bb9cdcc9be5fa9a097 av-styling-no-styling avia_animated_image av-animated-when-visible-95 fade-in avia-align-left  avia-builder-el-327  el_before_av_textblock  avia-builder-el-first  jo_pf_bild noHover av-overlay-hover-deactivate'  ><div class=\"avia-image-container-inner\"><div class=\"avia-image-overlay-wrap\"><a href=\"https:\/\/www.galerie-metzger.de\/wp-content\/uploads\/2024\/07\/Masamichi-Yoshikawa-Chawan-75x15x14-cm-galerie-metzger-gallery-ceramic-art-porzellan-1030x687.jpg\" data-srcset=\"https:\/\/www.galerie-metzger.de\/wp-content\/uploads\/2024\/07\/Masamichi-Yoshikawa-Chawan-75x15x14-cm-galerie-metzger-gallery-ceramic-art-porzellan-1030x687.jpg 1030w, https:\/\/www.galerie-metzger.de\/wp-content\/uploads\/2024\/07\/Masamichi-Yoshikawa-Chawan-75x15x14-cm-galerie-metzger-gallery-ceramic-art-porzellan-690x460.jpg 690w, https:\/\/www.galerie-metzger.de\/wp-content\/uploads\/2024\/07\/Masamichi-Yoshikawa-Chawan-75x15x14-cm-galerie-metzger-gallery-ceramic-art-porzellan-768x512.jpg 768w, https:\/\/www.galerie-metzger.de\/wp-content\/uploads\/2024\/07\/Masamichi-Yoshikawa-Chawan-75x15x14-cm-galerie-metzger-gallery-ceramic-art-porzellan-1536x1024.jpg 1536w, https:\/\/www.galerie-metzger.de\/wp-content\/uploads\/2024\/07\/Masamichi-Yoshikawa-Chawan-75x15x14-cm-galerie-metzger-gallery-ceramic-art-porzellan-2048x1365.jpg 2048w, https:\/\/www.galerie-metzger.de\/wp-content\/uploads\/2024\/07\/Masamichi-Yoshikawa-Chawan-75x15x14-cm-galerie-metzger-gallery-ceramic-art-porzellan-1500x1000.jpg 1500w, https:\/\/www.galerie-metzger.de\/wp-content\/uploads\/2024\/07\/Masamichi-Yoshikawa-Chawan-75x15x14-cm-galerie-metzger-gallery-ceramic-art-porzellan-705x470.jpg 705w\" data-sizes=\"(max-width: 1030px) 100vw, 1030px\" class='avia_image' ><div class=\"av-image-caption-overlay\"><div class=\"av-caption-image-overlay-bg\"><\/div><div class=\"av-image-caption-overlay-position\"><div class=\"av-image-caption-overlay-center\"><p>Masamichi Yoshikawa \u2013 Chawan \u2013 2020, 7,5x15x14 cm, Foto: Eduard Baumann<\/p>\n<\/div><\/div><\/div><img decoding=\"async\" class='wp-image-12513 avia-img-lazy-loading-not-12513 avia_image ' src=\"https:\/\/www.galerie-metzger.de\/wp-content\/uploads\/2024\/07\/Masamichi-Yoshikawa-Chawan-75x15x14-cm-galerie-metzger-gallery-ceramic-art-porzellan-690x460.jpg\" alt='Masamichi Yoshikawa - Chawan - 7,5x15x14 cm' title='Masamichi Yoshikawa - Chawan - 7,5x15x14 cm'  height=\"460\" width=\"690\" srcset=\"https:\/\/www.galerie-metzger.de\/wp-content\/uploads\/2024\/07\/Masamichi-Yoshikawa-Chawan-75x15x14-cm-galerie-metzger-gallery-ceramic-art-porzellan-690x460.jpg 690w, https:\/\/www.galerie-metzger.de\/wp-content\/uploads\/2024\/07\/Masamichi-Yoshikawa-Chawan-75x15x14-cm-galerie-metzger-gallery-ceramic-art-porzellan-1030x687.jpg 1030w, https:\/\/www.galerie-metzger.de\/wp-content\/uploads\/2024\/07\/Masamichi-Yoshikawa-Chawan-75x15x14-cm-galerie-metzger-gallery-ceramic-art-porzellan-768x512.jpg 768w, https:\/\/www.galerie-metzger.de\/wp-content\/uploads\/2024\/07\/Masamichi-Yoshikawa-Chawan-75x15x14-cm-galerie-metzger-gallery-ceramic-art-porzellan-1536x1024.jpg 1536w, https:\/\/www.galerie-metzger.de\/wp-content\/uploads\/2024\/07\/Masamichi-Yoshikawa-Chawan-75x15x14-cm-galerie-metzger-gallery-ceramic-art-porzellan-2048x1365.jpg 2048w, https:\/\/www.galerie-metzger.de\/wp-content\/uploads\/2024\/07\/Masamichi-Yoshikawa-Chawan-75x15x14-cm-galerie-metzger-gallery-ceramic-art-porzellan-1500x1000.jpg 1500w, https:\/\/www.galerie-metzger.de\/wp-content\/uploads\/2024\/07\/Masamichi-Yoshikawa-Chawan-75x15x14-cm-galerie-metzger-gallery-ceramic-art-porzellan-705x470.jpg 705w\" sizes=\"(max-width: 690px) 100vw, 690px\" \/><\/a><\/div><\/div><\/div><br \/>\n<section  class='av_textblock_section av-lyeh051g-e3f57939c1546973d3c13b71302de325' ><div class='avia_textblock jo_werk_anfrage lang' ><p><a class=\"anfrage\" href=\"mailto:info@galerie-metzger.de?subject=Masamichi%20Yosikawa%20Chawan%207,5x15x14cm\">request information<\/a><\/p>\n<\/div><\/section><\/p><\/div>\n<style type=\"text\/css\" data-created_by=\"avia_inline_auto\" id=\"style-css-av-16zk9wy-a4bb0b2c2735ca519b1d2c34ed219910\">\n.flex_column.av-16zk9wy-a4bb0b2c2735ca519b1d2c34ed219910{\n-webkit-border-radius:0px 0px 0px 0px;\n-moz-border-radius:0px 0px 0px 0px;\nborder-radius:0px 0px 0px 0px;\n}\n<\/style>\n<div class='flex_column av-16zk9wy-a4bb0b2c2735ca519b1d2c34ed219910 av_one_third  avia-builder-el-329  el_after_av_one_third  el_before_av_one_full  jo_pf_bild_bg flex_column_div av-animated-generic fade-in av-zero-column-padding column-top-margin'     ><p>\n<style type=\"text\/css\" data-created_by=\"avia_inline_auto\" id=\"style-css-av-lyegyr9c-3ff4cc20f814a83c9059cc7913d13e17\">\n.avia-image-container.av-lyegyr9c-3ff4cc20f814a83c9059cc7913d13e17 img.avia_image{\nbox-shadow:none;\n}\n.avia-image-container.av-lyegyr9c-3ff4cc20f814a83c9059cc7913d13e17 .av-caption-image-overlay-bg{\nopacity:0.4;\n}\n<\/style>\n<div  class='avia-image-container av-lyegyr9c-3ff4cc20f814a83c9059cc7913d13e17 av-styling-no-styling avia_animated_image av-animated-when-visible-95 fade-in avia-align-left  avia-builder-el-330  el_before_av_textblock  avia-builder-el-first  jo_pf_bild noHover av-overlay-hover-deactivate'  ><div class=\"avia-image-container-inner\"><div class=\"avia-image-overlay-wrap\"><a href=\"https:\/\/www.galerie-metzger.de\/wp-content\/uploads\/2024\/07\/Masamichi-Yoshikawa-Chawan-73x135x135-cm-galerie-metzger-aschaffenburg-kunst-kaufen-1030x687.jpg\" data-srcset=\"https:\/\/www.galerie-metzger.de\/wp-content\/uploads\/2024\/07\/Masamichi-Yoshikawa-Chawan-73x135x135-cm-galerie-metzger-aschaffenburg-kunst-kaufen-1030x687.jpg 1030w, https:\/\/www.galerie-metzger.de\/wp-content\/uploads\/2024\/07\/Masamichi-Yoshikawa-Chawan-73x135x135-cm-galerie-metzger-aschaffenburg-kunst-kaufen-690x460.jpg 690w, https:\/\/www.galerie-metzger.de\/wp-content\/uploads\/2024\/07\/Masamichi-Yoshikawa-Chawan-73x135x135-cm-galerie-metzger-aschaffenburg-kunst-kaufen-768x512.jpg 768w, https:\/\/www.galerie-metzger.de\/wp-content\/uploads\/2024\/07\/Masamichi-Yoshikawa-Chawan-73x135x135-cm-galerie-metzger-aschaffenburg-kunst-kaufen-1536x1024.jpg 1536w, https:\/\/www.galerie-metzger.de\/wp-content\/uploads\/2024\/07\/Masamichi-Yoshikawa-Chawan-73x135x135-cm-galerie-metzger-aschaffenburg-kunst-kaufen-2048x1365.jpg 2048w, https:\/\/www.galerie-metzger.de\/wp-content\/uploads\/2024\/07\/Masamichi-Yoshikawa-Chawan-73x135x135-cm-galerie-metzger-aschaffenburg-kunst-kaufen-1500x1000.jpg 1500w, https:\/\/www.galerie-metzger.de\/wp-content\/uploads\/2024\/07\/Masamichi-Yoshikawa-Chawan-73x135x135-cm-galerie-metzger-aschaffenburg-kunst-kaufen-705x470.jpg 705w\" data-sizes=\"(max-width: 1030px) 100vw, 1030px\" class='avia_image' ><div class=\"av-image-caption-overlay\"><div class=\"av-caption-image-overlay-bg\"><\/div><div class=\"av-image-caption-overlay-position\"><div class=\"av-image-caption-overlay-center\"><p>Masamichi Yoshikawa \u2013 Chawan \u2013 2020, 7,3&#215;13,5&#215;13,5 cm, Foto: Eduard Baumann<\/p>\n<\/div><\/div><\/div><img decoding=\"async\" class='wp-image-12511 avia-img-lazy-loading-not-12511 avia_image ' src=\"https:\/\/www.galerie-metzger.de\/wp-content\/uploads\/2024\/07\/Masamichi-Yoshikawa-Chawan-73x135x135-cm-galerie-metzger-aschaffenburg-kunst-kaufen-690x460.jpg\" alt='Masamichi Yoshikawa - Chawan - 7,3x13,5x13,5 cm' title='Masamichi Yoshikawa - Chawan - 7,3x13,5x13,5 cm'  height=\"460\" width=\"690\" srcset=\"https:\/\/www.galerie-metzger.de\/wp-content\/uploads\/2024\/07\/Masamichi-Yoshikawa-Chawan-73x135x135-cm-galerie-metzger-aschaffenburg-kunst-kaufen-690x460.jpg 690w, https:\/\/www.galerie-metzger.de\/wp-content\/uploads\/2024\/07\/Masamichi-Yoshikawa-Chawan-73x135x135-cm-galerie-metzger-aschaffenburg-kunst-kaufen-1030x687.jpg 1030w, https:\/\/www.galerie-metzger.de\/wp-content\/uploads\/2024\/07\/Masamichi-Yoshikawa-Chawan-73x135x135-cm-galerie-metzger-aschaffenburg-kunst-kaufen-768x512.jpg 768w, https:\/\/www.galerie-metzger.de\/wp-content\/uploads\/2024\/07\/Masamichi-Yoshikawa-Chawan-73x135x135-cm-galerie-metzger-aschaffenburg-kunst-kaufen-1536x1024.jpg 1536w, https:\/\/www.galerie-metzger.de\/wp-content\/uploads\/2024\/07\/Masamichi-Yoshikawa-Chawan-73x135x135-cm-galerie-metzger-aschaffenburg-kunst-kaufen-2048x1365.jpg 2048w, https:\/\/www.galerie-metzger.de\/wp-content\/uploads\/2024\/07\/Masamichi-Yoshikawa-Chawan-73x135x135-cm-galerie-metzger-aschaffenburg-kunst-kaufen-1500x1000.jpg 1500w, https:\/\/www.galerie-metzger.de\/wp-content\/uploads\/2024\/07\/Masamichi-Yoshikawa-Chawan-73x135x135-cm-galerie-metzger-aschaffenburg-kunst-kaufen-705x470.jpg 705w\" sizes=\"(max-width: 690px) 100vw, 690px\" \/><\/a><\/div><\/div><\/div><br \/>\n<section  class='av_textblock_section av-ili6ya-43047505f7023b0be18a4a590277c4f4' ><div class='avia_textblock jo_werk_anfrage lang' ><p><a class=\"anfrage\" href=\"mailto:info@galerie-metzger.de?subject=Masamichi%20Yosikawa%20Chawan%207,3x13,5x13,5%20cm\">request information<\/a><\/p>\n<\/div><\/section><\/p><\/div><div class='flex_column_table av-z8va48-8e6330c93a217f0bf3052b18c5650975 sc-av_one_full av-equal-height-column-flextable'>\n<style type=\"text\/css\" data-created_by=\"avia_inline_auto\" id=\"style-css-av-z8va48-8e6330c93a217f0bf3052b18c5650975\">\n.flex_column.av-z8va48-8e6330c93a217f0bf3052b18c5650975{\n-webkit-border-radius:0px 0px 0px 0px;\n-moz-border-radius:0px 0px 0px 0px;\nborder-radius:0px 0px 0px 0px;\n}\n<\/style>\n<div class='flex_column av-z8va48-8e6330c93a217f0bf3052b18c5650975 av_one_full  avia-builder-el-332  el_after_av_one_third  avia-builder-el-last  jo_col_empty first flex_column_table_cell av-equal-height-column av-align-top av-animated-generic fade-in av-zero-column-padding column-top-margin'     ><section  class='av_textblock_section av-2vs4ew-fe9af2b4930b16ccd805d1f55202d461' ><div class='avia_textblock' ><p>invisible placeholder<\/p>\n<\/div><\/section><\/div><\/div><!--close column table wrapper. Autoclose: 1 --><\/div><\/div><\/div><!-- close content main div --><\/div><\/div><div id='sub_menu1'  class='av-submenu-container av-5b2k7v-6d3b6fd53c74e0bcacec9fbf5edd736a main_color  avia-builder-el-334  el_after_av_section  avia-builder-el-last  waypmenu submenu-not-first container_wrap fullsize' style='z-index:301' ><div class='container av-menu-mobile-disabled av-submenu-pos-center'><ul id=\"menu-hauptmenue-english\" class=\"av-subnav-menu\"><li role=\"menuitem\" id=\"menu-item-4551\" class=\"mobile menu-item menu-item-type-post_type menu-item-object-page menu-item-top-level menu-item-top-level-1\"><a href=\"https:\/\/www.galerie-metzger.de\/en\/artists\/\" tabindex=\"0\"><span class=\"avia-bullet\"><\/span><span class=\"avia-menu-text\">Artists<\/span><span class=\"avia-menu-fx\"><span class=\"avia-arrow-wrap\"><span class=\"avia-arrow\"><\/span><\/span><\/span><\/a><\/li>\n<li role=\"menuitem\" id=\"menu-item-4549\" class=\"mobile menu-item menu-item-type-post_type menu-item-object-page menu-item-top-level menu-item-top-level-2\"><a href=\"https:\/\/www.galerie-metzger.de\/en\/expo\/\" tabindex=\"0\"><span class=\"avia-bullet\"><\/span><span class=\"avia-menu-text\">Exhibitions<\/span><span class=\"avia-menu-fx\"><span class=\"avia-arrow-wrap\"><span class=\"avia-arrow\"><\/span><\/span><\/span><\/a><\/li>\n<li role=\"menuitem\" id=\"menu-item-4550\" class=\"mobile menu-item menu-item-type-post_type menu-item-object-page menu-item-top-level menu-item-top-level-3\"><a href=\"https:\/\/www.galerie-metzger.de\/en\/sales\/\" tabindex=\"0\"><span class=\"avia-bullet\"><\/span><span class=\"avia-menu-text\">Sales<\/span><span class=\"avia-menu-fx\"><span class=\"avia-arrow-wrap\"><span class=\"avia-arrow\"><\/span><\/span><\/span><\/a><\/li>\n<li role=\"menuitem\" id=\"menu-item-12313\" class=\"mobile menu-item menu-item-type-post_type menu-item-object-post menu-item-top-level menu-item-top-level-4\"><a href=\"https:\/\/www.galerie-metzger.de\/en\/studio-ceramics\/studio-ceramics\/\" tabindex=\"0\"><span class=\"avia-bullet\"><\/span><span class=\"avia-menu-text\">Studio Ceramics<\/span><span class=\"avia-menu-fx\"><span class=\"avia-arrow-wrap\"><span class=\"avia-arrow\"><\/span><\/span><\/span><\/a><\/li>\n<li role=\"menuitem\" id=\"menu-item-10693\" class=\"menu-item menu-item-type-post_type menu-item-object-page menu-item-top-level menu-item-top-level-5\"><a href=\"https:\/\/www.galerie-metzger.de\/en\/ceramics-brands-signatures-stamps\/\" tabindex=\"0\"><span class=\"avia-bullet\"><\/span><span class=\"avia-menu-text\">Signatures<\/span><span class=\"avia-menu-fx\"><span class=\"avia-arrow-wrap\"><span class=\"avia-arrow\"><\/span><\/span><\/span><\/a><\/li>\n<li role=\"menuitem\" id=\"menu-item-4477\" class=\"mobile menu-item menu-item-type-post_type menu-item-object-page menu-item-top-level menu-item-top-level-6\"><a href=\"https:\/\/www.galerie-metzger.de\/en\/homepage\/\" tabindex=\"0\"><span class=\"avia-bullet\"><\/span><span class=\"avia-menu-text\">the Gallery<\/span><span class=\"avia-menu-fx\"><span class=\"avia-arrow-wrap\"><span class=\"avia-arrow\"><\/span><\/span><\/span><\/a><\/li>\n<li role=\"menuitem\" id=\"menu-item-4481\" class=\"mobile menu-item menu-item-type-post_type menu-item-object-page menu-item-top-level menu-item-top-level-7\"><a href=\"https:\/\/www.galerie-metzger.de\/en\/contact\/\" tabindex=\"0\"><span class=\"avia-bullet\"><\/span><span class=\"avia-menu-text\">Contact<\/span><span class=\"avia-menu-fx\"><span class=\"avia-arrow-wrap\"><span class=\"avia-arrow\"><\/span><\/span><\/span><\/a><\/li>\n<li role=\"menuitem\" id=\"menu-item-5936\" class=\"mobile menu-item menu-item-type-custom menu-item-object-custom menu-item-top-level menu-item-top-level-8\"><a href=\"https:\/\/www.galerie-metzger.de\/en\/contact\/#site-notice\" tabindex=\"0\"><span class=\"avia-bullet\"><\/span><span class=\"avia-menu-text\">Site Notice<\/span><span class=\"avia-menu-fx\"><span class=\"avia-arrow-wrap\"><span class=\"avia-arrow\"><\/span><\/span><\/span><\/a><\/li>\n<li role=\"menuitem\" id=\"menu-item-5937\" class=\"mobile menu-item menu-item-type-custom menu-item-object-custom menu-item-top-level menu-item-top-level-9\"><a href=\"https:\/\/www.galerie-metzger.de\/en\/contact\/#data\" tabindex=\"0\"><span class=\"avia-bullet\"><\/span><span class=\"avia-menu-text\">Data Protection<\/span><span class=\"avia-menu-fx\"><span class=\"avia-arrow-wrap\"><span class=\"avia-arrow\"><\/span><\/span><\/span><\/a><\/li>\n<li role=\"menuitem\" id=\"menu-item-4552\" class=\"mobile menu-item menu-item-type-post_type menu-item-object-page menu-item-top-level menu-item-top-level-10\"><a href=\"https:\/\/www.galerie-metzger.de\/en\/links\/\" tabindex=\"0\"><span class=\"avia-bullet\"><\/span><span class=\"avia-menu-text\">Links<\/span><span class=\"avia-menu-fx\"><span class=\"avia-arrow-wrap\"><span class=\"avia-arrow\"><\/span><\/span><\/span><\/a><\/li>\n<li role=\"menuitem\" id=\"menu-item-5124\" class=\"menu_inv mobile menu-item menu-item-type-custom menu-item-object-custom menu-item-top-level menu-item-top-level-11\"><a href=\"#\" tabindex=\"0\"><span class=\"avia-bullet\"><\/span><span class=\"avia-menu-text\"><p class=\"mob_menu dist top\">GALERIE <span class=\"bold\">METZGER<\/span><\/p>  <p class=\"mob_menu\">Angelika Metzger<\/p> <p class=\"mob_menu\">Hauptstr. 18<\/p> <p class=\"mob_menu\">63867 Johannesberg<\/p> <p class=\"mob_menu phone\"><a href=\"tel:00496021460224\">+49 (0)6021 460224<\/a><\/p> <p class=\"mob_menu mail\"><a href=\"mailto:info@galerie-metzger.de\">info@galerie-metzger.de<\/a><\/p><\/span><span class=\"avia-menu-fx\"><span class=\"avia-arrow-wrap\"><span class=\"avia-arrow\"><\/span><\/span><\/span><\/a><\/li>\n<li role=\"menuitem\" id=\"menu-item-wpml-ls-17-de\" class=\"menu-item-language menu-item wpml-ls-slot-17 wpml-ls-item wpml-ls-item-de wpml-ls-menu-item wpml-ls-first-item menu-item-type-wpml_ls_menu_item menu-item-object-wpml_ls_menu_item menu-item-top-level menu-item-top-level-12\"><a title=\"Switch to Deutsch\" href=\"https:\/\/www.galerie-metzger.de\/de\/\" tabindex=\"0\"><span class=\"avia-bullet\"><\/span><span class=\"avia-menu-text\"><span class=\"wpml-ls-native\" lang=\"de\">Deutsch<\/span><\/span><span class=\"avia-menu-fx\"><span class=\"avia-arrow-wrap\"><span class=\"avia-arrow\"><\/span><\/span><\/span><\/a><\/li>\n<li role=\"menuitem\" id=\"menu-item-wpml-ls-17-en\" class=\"menu-item-language menu-item-language-current menu-item wpml-ls-slot-17 wpml-ls-item wpml-ls-item-en wpml-ls-current-language wpml-ls-menu-item wpml-ls-last-item menu-item-type-wpml_ls_menu_item menu-item-object-wpml_ls_menu_item menu-item-top-level menu-item-top-level-13\"><a href=\"https:\/\/www.galerie-metzger.de\/en\/\" tabindex=\"0\"><span class=\"avia-bullet\"><\/span><span class=\"avia-menu-text\"><span class=\"wpml-ls-native\" lang=\"en\">English<\/span><\/span><span class=\"avia-menu-fx\"><span class=\"avia-arrow-wrap\"><span class=\"avia-arrow\"><\/span><\/span><\/span><\/a><\/li>\n<\/ul><\/div><\/div><\/p>\n","protected":false},"excerpt":{"rendered":"<p><span class=\"event_date_preview\">27.10.2024 \u2013 17.11.2024<\/span> \u2026, take a tea! <\/p>\n","protected":false},"author":3,"featured_media":12468,"comment_status":"closed","ping_status":"closed","sticky":false,"template":"","format":"standard","meta":{"_lmt_disableupdate":"no","_lmt_disable":"","footnotes":""},"categories":[4],"tags":[],"class_list":["post-12755","post","type-post","status-publish","format-standard","has-post-thumbnail","hentry","category-uncategorized"],"yoast_head":"<!-- This site is optimized with the Yoast SEO plugin v26.8 - https:\/\/yoast.com\/product\/yoast-seo-wordpress\/ -->\n<title>TEA \u2013\u00a0June &#8211; GALERIE METZGER<\/title>\n<meta name=\"robots\" content=\"index, follow, max-snippet:-1, max-image-preview:large, max-video-preview:-1\" \/>\n<link rel=\"canonical\" href=\"https:\/\/www.galerie-metzger.de\/en\/uncategorized\/tea-june\/\" \/>\n<meta property=\"og:locale\" content=\"en_US\" \/>\n<meta property=\"og:type\" content=\"article\" \/>\n<meta property=\"og:title\" content=\"TEA \u2013\u00a0June &#8211; GALERIE METZGER\" \/>\n<meta property=\"og:description\" content=\"27.10.2024 \u2013 17.11.2024 \u2026, take a tea!\" \/>\n<meta property=\"og:url\" content=\"https:\/\/www.galerie-metzger.de\/en\/uncategorized\/tea-june\/\" \/>\n<meta property=\"og:site_name\" content=\"GALERIE METZGER\" \/>\n<meta property=\"article:published_time\" content=\"2024-08-30T12:00:35+00:00\" \/>\n<meta property=\"article:modified_time\" content=\"2024-10-17T16:08:21+00:00\" \/>\n<meta property=\"og:image\" content=\"https:\/\/www.galerie-metzger.de\/wp-content\/uploads\/2024\/07\/Volker-Tiemann-Mein-linker-Arm-beim-Fruehstueck-Nr.2-2011-galerie-metzger-kunst-skulptur-1-1030x687.jpg\" \/>\n\t<meta property=\"og:image:width\" content=\"1030\" \/>\n\t<meta property=\"og:image:height\" content=\"687\" \/>\n\t<meta property=\"og:image:type\" content=\"image\/jpeg\" \/>\n<meta name=\"author\" content=\"Jochen Hilmer\" \/>\n<meta name=\"twitter:card\" content=\"summary_large_image\" \/>\n<meta name=\"twitter:label1\" content=\"Written by\" \/>\n\t<meta name=\"twitter:data1\" content=\"Jochen Hilmer\" \/>\n\t<meta name=\"twitter:label2\" content=\"Est. reading time\" \/>\n\t<meta name=\"twitter:data2\" content=\"275 minutes\" \/>\n<script type=\"application\/ld+json\" class=\"yoast-schema-graph\">{\"@context\":\"https:\/\/schema.org\",\"@graph\":[{\"@type\":\"Article\",\"@id\":\"https:\/\/www.galerie-metzger.de\/en\/uncategorized\/tea-june\/#article\",\"isPartOf\":{\"@id\":\"https:\/\/www.galerie-metzger.de\/en\/uncategorized\/tea-june\/\"},\"author\":{\"name\":\"Jochen Hilmer\",\"@id\":\"https:\/\/www.galerie-metzger.de\/de\/#\/schema\/person\/739b84f16bd18ee4644ff618a78ce452\"},\"headline\":\"TEA \u2013\u00a0June\",\"datePublished\":\"2024-08-30T12:00:35+00:00\",\"dateModified\":\"2024-10-17T16:08:21+00:00\",\"mainEntityOfPage\":{\"@id\":\"https:\/\/www.galerie-metzger.de\/en\/uncategorized\/tea-june\/\"},\"wordCount\":39994,\"publisher\":{\"@id\":\"https:\/\/www.galerie-metzger.de\/de\/#organization\"},\"image\":{\"@id\":\"https:\/\/www.galerie-metzger.de\/en\/uncategorized\/tea-june\/#primaryimage\"},\"thumbnailUrl\":\"https:\/\/www.galerie-metzger.de\/wp-content\/uploads\/2024\/07\/Volker-Tiemann-Mein-linker-Arm-beim-Fruehstueck-Nr.2-2011-galerie-metzger-kunst-skulptur-1-scaled.jpg\",\"inLanguage\":\"en-US\"},{\"@type\":\"WebPage\",\"@id\":\"https:\/\/www.galerie-metzger.de\/en\/uncategorized\/tea-june\/\",\"url\":\"https:\/\/www.galerie-metzger.de\/en\/uncategorized\/tea-june\/\",\"name\":\"TEA \u2013\u00a0June &#8211; GALERIE METZGER\",\"isPartOf\":{\"@id\":\"https:\/\/www.galerie-metzger.de\/de\/#website\"},\"primaryImageOfPage\":{\"@id\":\"https:\/\/www.galerie-metzger.de\/en\/uncategorized\/tea-june\/#primaryimage\"},\"image\":{\"@id\":\"https:\/\/www.galerie-metzger.de\/en\/uncategorized\/tea-june\/#primaryimage\"},\"thumbnailUrl\":\"https:\/\/www.galerie-metzger.de\/wp-content\/uploads\/2024\/07\/Volker-Tiemann-Mein-linker-Arm-beim-Fruehstueck-Nr.2-2011-galerie-metzger-kunst-skulptur-1-scaled.jpg\",\"datePublished\":\"2024-08-30T12:00:35+00:00\",\"dateModified\":\"2024-10-17T16:08:21+00:00\",\"breadcrumb\":{\"@id\":\"https:\/\/www.galerie-metzger.de\/en\/uncategorized\/tea-june\/#breadcrumb\"},\"inLanguage\":\"en-US\",\"potentialAction\":[{\"@type\":\"ReadAction\",\"target\":[\"https:\/\/www.galerie-metzger.de\/en\/uncategorized\/tea-june\/\"]}]},{\"@type\":\"ImageObject\",\"inLanguage\":\"en-US\",\"@id\":\"https:\/\/www.galerie-metzger.de\/en\/uncategorized\/tea-june\/#primaryimage\",\"url\":\"https:\/\/www.galerie-metzger.de\/wp-content\/uploads\/2024\/07\/Volker-Tiemann-Mein-linker-Arm-beim-Fruehstueck-Nr.2-2011-galerie-metzger-kunst-skulptur-1-scaled.jpg\",\"contentUrl\":\"https:\/\/www.galerie-metzger.de\/wp-content\/uploads\/2024\/07\/Volker-Tiemann-Mein-linker-Arm-beim-Fruehstueck-Nr.2-2011-galerie-metzger-kunst-skulptur-1-scaled.jpg\",\"width\":2560,\"height\":1707,\"caption\":\"Volker Tiemann Mein linker Arm beim Fr\u00fchst\u00fcck Nr.2-2011 galerie metzger kunst skulptur\"},{\"@type\":\"BreadcrumbList\",\"@id\":\"https:\/\/www.galerie-metzger.de\/en\/uncategorized\/tea-june\/#breadcrumb\",\"itemListElement\":[{\"@type\":\"ListItem\",\"position\":1,\"name\":\"Startseite\",\"item\":\"https:\/\/www.galerie-metzger.de\/en\/start-20260213-en\/\"},{\"@type\":\"ListItem\",\"position\":2,\"name\":\"TEA \u2013\u00a0June\"}]},{\"@type\":\"WebSite\",\"@id\":\"https:\/\/www.galerie-metzger.de\/de\/#website\",\"url\":\"https:\/\/www.galerie-metzger.de\/de\/\",\"name\":\"GALERIE METZGER\",\"description\":\"Keramik \u2013\u00a0Plastik \u2013\u00a0Kunst\",\"publisher\":{\"@id\":\"https:\/\/www.galerie-metzger.de\/de\/#organization\"},\"potentialAction\":[{\"@type\":\"SearchAction\",\"target\":{\"@type\":\"EntryPoint\",\"urlTemplate\":\"https:\/\/www.galerie-metzger.de\/de\/?s={search_term_string}\"},\"query-input\":{\"@type\":\"PropertyValueSpecification\",\"valueRequired\":true,\"valueName\":\"search_term_string\"}}],\"inLanguage\":\"en-US\"},{\"@type\":\"Organization\",\"@id\":\"https:\/\/www.galerie-metzger.de\/de\/#organization\",\"name\":\"GALERIE METZGER\",\"url\":\"https:\/\/www.galerie-metzger.de\/de\/\",\"logo\":{\"@type\":\"ImageObject\",\"inLanguage\":\"en-US\",\"@id\":\"https:\/\/www.galerie-metzger.de\/de\/#\/schema\/logo\/image\/\",\"url\":\"https:\/\/www.galerie-metzger.de\/wp-content\/uploads\/2018\/01\/galerie-metzger_logo_2018.png\",\"contentUrl\":\"https:\/\/www.galerie-metzger.de\/wp-content\/uploads\/2018\/01\/galerie-metzger_logo_2018.png\",\"width\":740,\"height\":340,\"caption\":\"GALERIE METZGER\"},\"image\":{\"@id\":\"https:\/\/www.galerie-metzger.de\/de\/#\/schema\/logo\/image\/\"}},{\"@type\":\"Person\",\"@id\":\"https:\/\/www.galerie-metzger.de\/de\/#\/schema\/person\/739b84f16bd18ee4644ff618a78ce452\",\"name\":\"Jochen Hilmer\",\"image\":{\"@type\":\"ImageObject\",\"inLanguage\":\"en-US\",\"@id\":\"https:\/\/www.galerie-metzger.de\/de\/#\/schema\/person\/image\/\",\"url\":\"https:\/\/secure.gravatar.com\/avatar\/ea765b289be44c807adb05f6b85400d488b8754d48419fddca400246400a0bc7?s=96&d=mm&r=g\",\"contentUrl\":\"https:\/\/secure.gravatar.com\/avatar\/ea765b289be44c807adb05f6b85400d488b8754d48419fddca400246400a0bc7?s=96&d=mm&r=g\",\"caption\":\"Jochen Hilmer\"}}]}<\/script>\n<!-- \/ Yoast SEO plugin. -->","yoast_head_json":{"title":"TEA \u2013\u00a0June &#8211; GALERIE METZGER","robots":{"index":"index","follow":"follow","max-snippet":"max-snippet:-1","max-image-preview":"max-image-preview:large","max-video-preview":"max-video-preview:-1"},"canonical":"https:\/\/www.galerie-metzger.de\/en\/uncategorized\/tea-june\/","og_locale":"en_US","og_type":"article","og_title":"TEA \u2013\u00a0June &#8211; GALERIE METZGER","og_description":"27.10.2024 \u2013 17.11.2024 \u2026, take a tea!","og_url":"https:\/\/www.galerie-metzger.de\/en\/uncategorized\/tea-june\/","og_site_name":"GALERIE METZGER","article_published_time":"2024-08-30T12:00:35+00:00","article_modified_time":"2024-10-17T16:08:21+00:00","og_image":[{"width":1030,"height":687,"url":"https:\/\/www.galerie-metzger.de\/wp-content\/uploads\/2024\/07\/Volker-Tiemann-Mein-linker-Arm-beim-Fruehstueck-Nr.2-2011-galerie-metzger-kunst-skulptur-1-1030x687.jpg","type":"image\/jpeg"}],"author":"Jochen Hilmer","twitter_card":"summary_large_image","twitter_misc":{"Written by":"Jochen Hilmer","Est. reading time":"275 minutes"},"schema":{"@context":"https:\/\/schema.org","@graph":[{"@type":"Article","@id":"https:\/\/www.galerie-metzger.de\/en\/uncategorized\/tea-june\/#article","isPartOf":{"@id":"https:\/\/www.galerie-metzger.de\/en\/uncategorized\/tea-june\/"},"author":{"name":"Jochen Hilmer","@id":"https:\/\/www.galerie-metzger.de\/de\/#\/schema\/person\/739b84f16bd18ee4644ff618a78ce452"},"headline":"TEA \u2013\u00a0June","datePublished":"2024-08-30T12:00:35+00:00","dateModified":"2024-10-17T16:08:21+00:00","mainEntityOfPage":{"@id":"https:\/\/www.galerie-metzger.de\/en\/uncategorized\/tea-june\/"},"wordCount":39994,"publisher":{"@id":"https:\/\/www.galerie-metzger.de\/de\/#organization"},"image":{"@id":"https:\/\/www.galerie-metzger.de\/en\/uncategorized\/tea-june\/#primaryimage"},"thumbnailUrl":"https:\/\/www.galerie-metzger.de\/wp-content\/uploads\/2024\/07\/Volker-Tiemann-Mein-linker-Arm-beim-Fruehstueck-Nr.2-2011-galerie-metzger-kunst-skulptur-1-scaled.jpg","inLanguage":"en-US"},{"@type":"WebPage","@id":"https:\/\/www.galerie-metzger.de\/en\/uncategorized\/tea-june\/","url":"https:\/\/www.galerie-metzger.de\/en\/uncategorized\/tea-june\/","name":"TEA \u2013\u00a0June &#8211; GALERIE METZGER","isPartOf":{"@id":"https:\/\/www.galerie-metzger.de\/de\/#website"},"primaryImageOfPage":{"@id":"https:\/\/www.galerie-metzger.de\/en\/uncategorized\/tea-june\/#primaryimage"},"image":{"@id":"https:\/\/www.galerie-metzger.de\/en\/uncategorized\/tea-june\/#primaryimage"},"thumbnailUrl":"https:\/\/www.galerie-metzger.de\/wp-content\/uploads\/2024\/07\/Volker-Tiemann-Mein-linker-Arm-beim-Fruehstueck-Nr.2-2011-galerie-metzger-kunst-skulptur-1-scaled.jpg","datePublished":"2024-08-30T12:00:35+00:00","dateModified":"2024-10-17T16:08:21+00:00","breadcrumb":{"@id":"https:\/\/www.galerie-metzger.de\/en\/uncategorized\/tea-june\/#breadcrumb"},"inLanguage":"en-US","potentialAction":[{"@type":"ReadAction","target":["https:\/\/www.galerie-metzger.de\/en\/uncategorized\/tea-june\/"]}]},{"@type":"ImageObject","inLanguage":"en-US","@id":"https:\/\/www.galerie-metzger.de\/en\/uncategorized\/tea-june\/#primaryimage","url":"https:\/\/www.galerie-metzger.de\/wp-content\/uploads\/2024\/07\/Volker-Tiemann-Mein-linker-Arm-beim-Fruehstueck-Nr.2-2011-galerie-metzger-kunst-skulptur-1-scaled.jpg","contentUrl":"https:\/\/www.galerie-metzger.de\/wp-content\/uploads\/2024\/07\/Volker-Tiemann-Mein-linker-Arm-beim-Fruehstueck-Nr.2-2011-galerie-metzger-kunst-skulptur-1-scaled.jpg","width":2560,"height":1707,"caption":"Volker Tiemann Mein linker Arm beim Fr\u00fchst\u00fcck Nr.2-2011 galerie metzger kunst skulptur"},{"@type":"BreadcrumbList","@id":"https:\/\/www.galerie-metzger.de\/en\/uncategorized\/tea-june\/#breadcrumb","itemListElement":[{"@type":"ListItem","position":1,"name":"Startseite","item":"https:\/\/www.galerie-metzger.de\/en\/start-20260213-en\/"},{"@type":"ListItem","position":2,"name":"TEA \u2013\u00a0June"}]},{"@type":"WebSite","@id":"https:\/\/www.galerie-metzger.de\/de\/#website","url":"https:\/\/www.galerie-metzger.de\/de\/","name":"GALERIE METZGER","description":"Keramik \u2013\u00a0Plastik \u2013\u00a0Kunst","publisher":{"@id":"https:\/\/www.galerie-metzger.de\/de\/#organization"},"potentialAction":[{"@type":"SearchAction","target":{"@type":"EntryPoint","urlTemplate":"https:\/\/www.galerie-metzger.de\/de\/?s={search_term_string}"},"query-input":{"@type":"PropertyValueSpecification","valueRequired":true,"valueName":"search_term_string"}}],"inLanguage":"en-US"},{"@type":"Organization","@id":"https:\/\/www.galerie-metzger.de\/de\/#organization","name":"GALERIE METZGER","url":"https:\/\/www.galerie-metzger.de\/de\/","logo":{"@type":"ImageObject","inLanguage":"en-US","@id":"https:\/\/www.galerie-metzger.de\/de\/#\/schema\/logo\/image\/","url":"https:\/\/www.galerie-metzger.de\/wp-content\/uploads\/2018\/01\/galerie-metzger_logo_2018.png","contentUrl":"https:\/\/www.galerie-metzger.de\/wp-content\/uploads\/2018\/01\/galerie-metzger_logo_2018.png","width":740,"height":340,"caption":"GALERIE METZGER"},"image":{"@id":"https:\/\/www.galerie-metzger.de\/de\/#\/schema\/logo\/image\/"}},{"@type":"Person","@id":"https:\/\/www.galerie-metzger.de\/de\/#\/schema\/person\/739b84f16bd18ee4644ff618a78ce452","name":"Jochen Hilmer","image":{"@type":"ImageObject","inLanguage":"en-US","@id":"https:\/\/www.galerie-metzger.de\/de\/#\/schema\/person\/image\/","url":"https:\/\/secure.gravatar.com\/avatar\/ea765b289be44c807adb05f6b85400d488b8754d48419fddca400246400a0bc7?s=96&d=mm&r=g","contentUrl":"https:\/\/secure.gravatar.com\/avatar\/ea765b289be44c807adb05f6b85400d488b8754d48419fddca400246400a0bc7?s=96&d=mm&r=g","caption":"Jochen Hilmer"}}]}},"modified_by":"Jochen Hilmer","_links":{"self":[{"href":"https:\/\/www.galerie-metzger.de\/en\/wp-json\/wp\/v2\/posts\/12755","targetHints":{"allow":["GET"]}}],"collection":[{"href":"https:\/\/www.galerie-metzger.de\/en\/wp-json\/wp\/v2\/posts"}],"about":[{"href":"https:\/\/www.galerie-metzger.de\/en\/wp-json\/wp\/v2\/types\/post"}],"author":[{"embeddable":true,"href":"https:\/\/www.galerie-metzger.de\/en\/wp-json\/wp\/v2\/users\/3"}],"replies":[{"embeddable":true,"href":"https:\/\/www.galerie-metzger.de\/en\/wp-json\/wp\/v2\/comments?post=12755"}],"version-history":[{"count":0,"href":"https:\/\/www.galerie-metzger.de\/en\/wp-json\/wp\/v2\/posts\/12755\/revisions"}],"wp:featuredmedia":[{"embeddable":true,"href":"https:\/\/www.galerie-metzger.de\/en\/wp-json\/wp\/v2\/media\/12468"}],"wp:attachment":[{"href":"https:\/\/www.galerie-metzger.de\/en\/wp-json\/wp\/v2\/media?parent=12755"}],"wp:term":[{"taxonomy":"category","embeddable":true,"href":"https:\/\/www.galerie-metzger.de\/en\/wp-json\/wp\/v2\/categories?post=12755"},{"taxonomy":"post_tag","embeddable":true,"href":"https:\/\/www.galerie-metzger.de\/en\/wp-json\/wp\/v2\/tags?post=12755"}],"curies":[{"name":"wp","href":"https:\/\/api.w.org\/{rel}","templated":true}]}}