{"id":11957,"date":"2024-02-07T12:29:44","date_gmt":"2024-02-07T11:29:44","guid":{"rendered":"https:\/\/www.galerie-metzger.de\/?p=11957"},"modified":"2024-08-20T13:31:46","modified_gmt":"2024-08-20T11:31:46","slug":"art-and-space","status":"publish","type":"post","link":"https:\/\/www.galerie-metzger.de\/en\/expo\/art-and-space\/","title":{"rendered":"Art and Space"},"content":{"rendered":"<div id='topp'  class='avia-section av-1xfthkb-26280551945384f60ad40a8e2f7104b6 main_color avia-section-no-padding avia-no-border-styling  avia-builder-el-0  el_before_av_section  avia-builder-el-first  avia-bg-style-scroll container_wrap fullsize'  ><div class='container av-section-cont-open' ><main  class='template-page content  av-content-full alpha units'><div class='post-entry post-entry-type-page post-entry-11957'><div class='entry-content-wrapper clearfix'>\n\n<style type=\"text\/css\" data-created_by=\"avia_inline_auto\" id=\"style-css-av-13puvcn-d1fa67ede9e5774857be57fd2b63b753\">\n.flex_column.av-13puvcn-d1fa67ede9e5774857be57fd2b63b753{\n-webkit-border-radius:0px 0px 0px 0px;\n-moz-border-radius:0px 0px 0px 0px;\nborder-radius:0px 0px 0px 0px;\n}\n<\/style>\n<div class='flex_column av-13puvcn-d1fa67ede9e5774857be57fd2b63b753 av_one_full  avia-builder-el-1  el_before_av_one_full  avia-builder-el-first  jo_col_page_title first no_margin flex_column_div av-animated-generic fade-in av-zero-column-padding '     ><style type=\"text\/css\" data-created_by=\"avia_inline_auto\" id=\"style-css-av-lsbof7uq-45e49bde3b927b817b5ade5c47e63ef8\">\n#top .av-special-heading.av-lsbof7uq-45e49bde3b927b817b5ade5c47e63ef8{\npadding-bottom:36px;\n}\nbody .av-special-heading.av-lsbof7uq-45e49bde3b927b817b5ade5c47e63ef8 .av-special-heading-tag .heading-char{\nfont-size:25px;\n}\n.av-special-heading.av-lsbof7uq-45e49bde3b927b817b5ade5c47e63ef8 .av-subheading{\nfont-size:15px;\n}\n<\/style>\n<div  class='av-special-heading av-lsbof7uq-45e49bde3b927b817b5ade5c47e63ef8 av-special-heading-h2 blockquote modern-quote  avia-builder-el-2  avia-builder-el-no-sibling  jo_special_heading portfo one'><h2 class='av-special-heading-tag'  >Art and Space<\/h2><div class=\"special-heading-border\"><div class=\"special-heading-inner-border\"><\/div><\/div><\/div><\/div>\n<style type=\"text\/css\" data-created_by=\"avia_inline_auto\" id=\"style-css-av-1ukr517-50ad893f2a17f515642f22c79fbc5c2e\">\n.flex_column.av-1ukr517-50ad893f2a17f515642f22c79fbc5c2e{\n-webkit-border-radius:0px 0px 0px 0px;\n-moz-border-radius:0px 0px 0px 0px;\nborder-radius:0px 0px 0px 0px;\n}\n<\/style>\n<div class='flex_column av-1ukr517-50ad893f2a17f515642f22c79fbc5c2e av_one_full  avia-builder-el-3  el_after_av_one_full  avia-builder-el-last  jo_col_page_title first no_margin flex_column_div av-animated-generic fade-in av-zero-column-padding column-top-margin'     ><p>\n<style type=\"text\/css\" data-created_by=\"avia_inline_auto\" id=\"style-css-av-kq1v5v5a-f4c9a2d825742e76389c381879ceca80\">\n.avia-image-container.av-kq1v5v5a-f4c9a2d825742e76389c381879ceca80 img.avia_image{\nbox-shadow:none;\n}\n.avia-image-container.av-kq1v5v5a-f4c9a2d825742e76389c381879ceca80 .av-caption-image-overlay-bg{\nopacity:0.4;\n}\n<\/style>\n<div  class='avia-image-container av-kq1v5v5a-f4c9a2d825742e76389c381879ceca80 av-styling-no-styling avia_animated_image av-animated-when-visible-95 fade-in avia-align-left  avia-builder-el-4  el_before_av_textblock  avia-builder-el-first  jo_pf_bild noHover av-overlay-hover-deactivate'  ><div class=\"avia-image-container-inner\"><div class=\"avia-image-overlay-wrap\"><a href=\"https:\/\/www.galerie-metzger.de\/wp-content\/uploads\/2024\/02\/Atsushi-Mannami-ohne-Titel-2021-16x165x12cm-galerie-metzger-gallery-skulptur-keramik-kunst-kaufen-1030x687.jpg\" data-srcset=\"https:\/\/www.galerie-metzger.de\/wp-content\/uploads\/2024\/02\/Atsushi-Mannami-ohne-Titel-2021-16x165x12cm-galerie-metzger-gallery-skulptur-keramik-kunst-kaufen-1030x687.jpg 1030w, https:\/\/www.galerie-metzger.de\/wp-content\/uploads\/2024\/02\/Atsushi-Mannami-ohne-Titel-2021-16x165x12cm-galerie-metzger-gallery-skulptur-keramik-kunst-kaufen-690x460.jpg 690w, https:\/\/www.galerie-metzger.de\/wp-content\/uploads\/2024\/02\/Atsushi-Mannami-ohne-Titel-2021-16x165x12cm-galerie-metzger-gallery-skulptur-keramik-kunst-kaufen-768x512.jpg 768w, https:\/\/www.galerie-metzger.de\/wp-content\/uploads\/2024\/02\/Atsushi-Mannami-ohne-Titel-2021-16x165x12cm-galerie-metzger-gallery-skulptur-keramik-kunst-kaufen-1536x1024.jpg 1536w, https:\/\/www.galerie-metzger.de\/wp-content\/uploads\/2024\/02\/Atsushi-Mannami-ohne-Titel-2021-16x165x12cm-galerie-metzger-gallery-skulptur-keramik-kunst-kaufen-2048x1365.jpg 2048w, https:\/\/www.galerie-metzger.de\/wp-content\/uploads\/2024\/02\/Atsushi-Mannami-ohne-Titel-2021-16x165x12cm-galerie-metzger-gallery-skulptur-keramik-kunst-kaufen-1500x1000.jpg 1500w, https:\/\/www.galerie-metzger.de\/wp-content\/uploads\/2024\/02\/Atsushi-Mannami-ohne-Titel-2021-16x165x12cm-galerie-metzger-gallery-skulptur-keramik-kunst-kaufen-705x470.jpg 705w\" data-sizes=\"(max-width: 1030px) 100vw, 1030px\" class='avia_image' ><div class=\"av-image-caption-overlay\"><div class=\"av-caption-image-overlay-bg\"><\/div><div class=\"av-image-caption-overlay-position\"><div class=\"av-image-caption-overlay-center\"><p>Atsushi Mannami \u2013 untitled \u2013 2021, 16&#215;16,5&#215;12 cm, Foto: Atsushi Mannami<\/p>\n<\/div><\/div><\/div><img decoding=\"async\" class='wp-image-12075 avia-img-lazy-loading-not-12075 avia_image ' src=\"https:\/\/www.galerie-metzger.de\/wp-content\/uploads\/2024\/02\/Atsushi-Mannami-ohne-Titel-2021-16x165x12cm-galerie-metzger-gallery-skulptur-keramik-kunst-kaufen-scaled.jpg\" alt='Atsushi Mannami - ohne Titel' title='Atsushi-Mannami-ohne-Titel-2021-16x16,5x12cm-galerie-metzger-gallery-skulptur-keramik-kunst-kaufen'  height=\"1707\" width=\"2560\" srcset=\"https:\/\/www.galerie-metzger.de\/wp-content\/uploads\/2024\/02\/Atsushi-Mannami-ohne-Titel-2021-16x165x12cm-galerie-metzger-gallery-skulptur-keramik-kunst-kaufen-scaled.jpg 2560w, https:\/\/www.galerie-metzger.de\/wp-content\/uploads\/2024\/02\/Atsushi-Mannami-ohne-Titel-2021-16x165x12cm-galerie-metzger-gallery-skulptur-keramik-kunst-kaufen-690x460.jpg 690w, https:\/\/www.galerie-metzger.de\/wp-content\/uploads\/2024\/02\/Atsushi-Mannami-ohne-Titel-2021-16x165x12cm-galerie-metzger-gallery-skulptur-keramik-kunst-kaufen-1030x687.jpg 1030w, https:\/\/www.galerie-metzger.de\/wp-content\/uploads\/2024\/02\/Atsushi-Mannami-ohne-Titel-2021-16x165x12cm-galerie-metzger-gallery-skulptur-keramik-kunst-kaufen-768x512.jpg 768w, https:\/\/www.galerie-metzger.de\/wp-content\/uploads\/2024\/02\/Atsushi-Mannami-ohne-Titel-2021-16x165x12cm-galerie-metzger-gallery-skulptur-keramik-kunst-kaufen-1536x1024.jpg 1536w, https:\/\/www.galerie-metzger.de\/wp-content\/uploads\/2024\/02\/Atsushi-Mannami-ohne-Titel-2021-16x165x12cm-galerie-metzger-gallery-skulptur-keramik-kunst-kaufen-2048x1365.jpg 2048w, https:\/\/www.galerie-metzger.de\/wp-content\/uploads\/2024\/02\/Atsushi-Mannami-ohne-Titel-2021-16x165x12cm-galerie-metzger-gallery-skulptur-keramik-kunst-kaufen-1500x1000.jpg 1500w, https:\/\/www.galerie-metzger.de\/wp-content\/uploads\/2024\/02\/Atsushi-Mannami-ohne-Titel-2021-16x165x12cm-galerie-metzger-gallery-skulptur-keramik-kunst-kaufen-705x470.jpg 705w\" sizes=\"(max-width: 2560px) 100vw, 2560px\" \/><\/a><\/div><\/div><\/div><br \/>\n<section  class='av_textblock_section av-kq1v7dg6-25fb53f4c50bd34982ae7e9cc431a36f' ><div class='avia_textblock jo_werk_anfrage' ><p><a class=\"anfrage\" href=\"mailto:info@galerie-metzger.de?subject=Atsushi%20Mannami%20o.T.%20\">request information<\/a><\/p>\n<\/div><\/section><\/p><\/div>\n\n<\/div><\/div><\/main><!-- close content main element --><\/div><\/div><div id='av_section_2'  class='avia-section av-2va8sji1-cb9a86355f975aec2b00c7a06d52ac6f main_color avia-section-default avia-no-border-styling  avia-builder-el-6  el_after_av_section  el_before_av_section  topp avia-bg-style-scroll container_wrap fullsize'  ><div class='container av-section-cont-open' ><div class='template-page content  av-content-full alpha units'><div class='post-entry post-entry-type-page post-entry-11957'><div class='entry-content-wrapper clearfix'>\n<div class='flex_column_table av-1ji8uzf-73b367786462d8d8343183b81765ab62 sc-av_four_fifth av-equal-height-column-flextable'>\n<style type=\"text\/css\" data-created_by=\"avia_inline_auto\" id=\"style-css-av-1ji8uzf-73b367786462d8d8343183b81765ab62\">\n.flex_column.av-1ji8uzf-73b367786462d8d8343183b81765ab62{\n-webkit-border-radius:0px 0px 0px 0px;\n-moz-border-radius:0px 0px 0px 0px;\nborder-radius:0px 0px 0px 0px;\n}\n<\/style>\n<div class='flex_column av-1ji8uzf-73b367786462d8d8343183b81765ab62 av_four_fifth  avia-builder-el-7  el_before_av_four_fifth  avia-builder-el-first  jo_col_head first no_margin flex_column_table_cell av-equal-height-column av-align-middle av-animated-generic fade-in av-zero-column-padding '     ><p><section  class='av_textblock_section av-9r9b0l-f0d5cfe9ef05262452a83e6948e70882' ><div class='avia_textblock event_date_off' ><p>07.04.2024 &#8211; 28.04.2024<\/p>\n<\/div><\/section><br \/>\n<section  class='av_textblock_section av-lrb0b8o2-bedafdad2762d387f4036602df749446' ><div class='avia_textblock event_date_off' ><h1>Art and Space<\/h1>\n<\/div><\/section><br \/>\n<section  class='av_textblock_section av-llm68k0f-0165168d38e2392d072e5b9c463c6c5b' ><div class='avia_textblock' ><p><img decoding=\"async\" class=\"alignnone wp-image-12088 \" src=\"https:\/\/www.galerie-metzger.de\/wp-content\/uploads\/2024\/02\/Galerie-Metzger-Ausstellung-2024-KUNST-RAUM-2-690x345.jpg\" alt=\"\" width=\"360\" height=\"180\" srcset=\"https:\/\/www.galerie-metzger.de\/wp-content\/uploads\/2024\/02\/Galerie-Metzger-Ausstellung-2024-KUNST-RAUM-2-690x345.jpg 690w, https:\/\/www.galerie-metzger.de\/wp-content\/uploads\/2024\/02\/Galerie-Metzger-Ausstellung-2024-KUNST-RAUM-2-1030x515.jpg 1030w, https:\/\/www.galerie-metzger.de\/wp-content\/uploads\/2024\/02\/Galerie-Metzger-Ausstellung-2024-KUNST-RAUM-2-768x384.jpg 768w, https:\/\/www.galerie-metzger.de\/wp-content\/uploads\/2024\/02\/Galerie-Metzger-Ausstellung-2024-KUNST-RAUM-2-1536x768.jpg 1536w, https:\/\/www.galerie-metzger.de\/wp-content\/uploads\/2024\/02\/Galerie-Metzger-Ausstellung-2024-KUNST-RAUM-2-2048x1024.jpg 2048w, https:\/\/www.galerie-metzger.de\/wp-content\/uploads\/2024\/02\/Galerie-Metzger-Ausstellung-2024-KUNST-RAUM-2-1500x750.jpg 1500w, https:\/\/www.galerie-metzger.de\/wp-content\/uploads\/2024\/02\/Galerie-Metzger-Ausstellung-2024-KUNST-RAUM-2-705x353.jpg 705w\" sizes=\"(max-width: 360px) 100vw, 360px\" \/><\/p>\n<\/div><\/section><br \/>\n<section  class='av_textblock_section av-su1ifo-ce67ed134f507ba4dbe4ef559b9697a1' ><div class='avia_textblock' ><p><strong>Art needs space<\/strong><br \/>\n<strong> Art seeks space<\/strong><br \/>\n<strong> Art takes space<\/strong><\/p>\n<\/div><\/section><br \/>\n<section  class='av_textblock_section av-llm7rdzy-87b65432f18fefe3189a09117bbe59fb' ><div class='avia_textblock' ><p>with<br \/>\nNao Kikuchi \u00b7 Klaus Lehmann \u00b7 Atsushi Mannami \u00b7 Waleed R. Qaisi \u00b7 Elke Sada \u00b7 Jeff Shapiro<\/p>\n<\/div><\/section><\/p><\/div><\/div><!--close column table wrapper. Autoclose: 1 -->\n<style type=\"text\/css\" data-created_by=\"avia_inline_auto\" id=\"style-css-av-yxwvuf-70b0e2af71de3feb2a269ea71dd95899\">\n.flex_column.av-yxwvuf-70b0e2af71de3feb2a269ea71dd95899{\n-webkit-border-radius:0px 0px 0px 0px;\n-moz-border-radius:0px 0px 0px 0px;\nborder-radius:0px 0px 0px 0px;\n}\n<\/style>\n<div class='flex_column av-yxwvuf-70b0e2af71de3feb2a269ea71dd95899 av_four_fifth  avia-builder-el-13  el_after_av_four_fifth  el_before_av_four_fifth  jo_col_head first no_margin flex_column_div av-animated-generic fade-in av-zero-column-padding '     ><section  class='av_textblock_section av-llm5ijf4-9d68067f7d3167b2c2718258fbaf6b9e' ><div class='avia_textblock' ><p>Exhibition opening on Sunday, 7 April 2024<br \/>\nThe gallery is open from 11 a.m. \u2013 5 p.m.<\/p>\n<\/div><\/section><\/div>\n<style type=\"text\/css\" data-created_by=\"avia_inline_auto\" id=\"style-css-av-o3pe9g-2a5df67b20b31bd0dabc01adf7746481\">\n.flex_column.av-o3pe9g-2a5df67b20b31bd0dabc01adf7746481{\n-webkit-border-radius:0px 0px 0px 0px;\n-moz-border-radius:0px 0px 0px 0px;\nborder-radius:0px 0px 0px 0px;\n}\n<\/style>\n<div class='flex_column av-o3pe9g-2a5df67b20b31bd0dabc01adf7746481 av_four_fifth  avia-builder-el-15  el_after_av_four_fifth  el_before_av_four_fifth  jo_col_head first no_margin flex_column_div av-animated-generic fade-in av-zero-column-padding '     ><section  class='av_textblock_section av-ls37jbhy-b26d9b536fa17db8a2e0119a27a4c2fa' ><div class='avia_textblock' ><p>On Sunday, 14 April 2024 at 11 a.m., Jeff Shapiro, USA, will give an insight into his work<br \/>\nDEPARTURES FROM JAPAN: A CREATIVE JOURNEY TO DISCOVER ONE\u2019S OWN VOICE<\/p>\n<\/div><\/section><\/div>\n<style type=\"text\/css\" data-created_by=\"avia_inline_auto\" id=\"style-css-av-yrf9cn-12553cecc2ef7ebc2dc5e1eebee8080d\">\n.flex_column.av-yrf9cn-12553cecc2ef7ebc2dc5e1eebee8080d{\n-webkit-border-radius:0px 0px 0px 0px;\n-moz-border-radius:0px 0px 0px 0px;\nborder-radius:0px 0px 0px 0px;\n}\n<\/style>\n<div class='flex_column av-yrf9cn-12553cecc2ef7ebc2dc5e1eebee8080d av_four_fifth  avia-builder-el-17  el_after_av_four_fifth  avia-builder-el-last  jo_col_head first no_margin flex_column_div av-animated-generic fade-in av-zero-column-padding '     ><section  class='av_textblock_section av-wdxevr-c9ff75289e310983556b901b7c332044' ><div class='avia_textblock' ><p><strong>The exhibition is open<br \/>\n<\/strong><\/p>\n<ul>\n<li>Wednesday 14.30 \u2013 19.00<\/li>\n<li>Saturday 14.30 \u2013 18.00<\/li>\n<li>Sunday 11.00 \u2013 17.00<\/li>\n<\/ul>\n<p>and by appointment:<\/p>\n<ul>\n<li>Phone:: <a title=\"\" href=\"tel:004906021460224\">+49 (0)6021 460224<\/a><\/li>\n<li>E-Mai: <a title=\"\" href=\"mailto:info@galerie-metzger.de\">info@galerie-metzger.de<\/a><\/li>\n<\/ul>\n<\/div><\/section><\/div>\n\n<\/div><\/div><\/div><!-- close content main div --><\/div><\/div><div id='av_section_3'  class='avia-section av-2p1tzcm1-a41b24b1a71039782ac21ee9a4ed7a86 main_color avia-section-no-padding avia-no-border-styling  avia-builder-el-19  el_after_av_section  el_before_av_submenu  topp avia-bg-style-scroll container_wrap fullsize'  ><div class='container av-section-cont-open' ><div class='template-page content  av-content-full alpha units'><div class='post-entry post-entry-type-page post-entry-11957'><div class='entry-content-wrapper clearfix'>\n<div class='flex_column_table av-42abv93-1075eb8fb35450c908e13625005e1c79 sc-av_one_third av-equal-height-column-flextable'>\n<style type=\"text\/css\" data-created_by=\"avia_inline_auto\" id=\"style-css-av-42abv93-1075eb8fb35450c908e13625005e1c79\">\n.flex_column.av-42abv93-1075eb8fb35450c908e13625005e1c79{\n-webkit-border-radius:0px 0px 0px 0px;\n-moz-border-radius:0px 0px 0px 0px;\nborder-radius:0px 0px 0px 0px;\n}\n<\/style>\n<div class='flex_column av-42abv93-1075eb8fb35450c908e13625005e1c79 av_one_third  avia-builder-el-20  el_before_av_one_third  avia-builder-el-first  jo_pf_bild_bg first flex_column_table_cell av-equal-height-column av-align-top av-animated-generic fade-in av-zero-column-padding '     ><style type=\"text\/css\" data-created_by=\"avia_inline_auto\" id=\"style-css-av-3a5ryqf-839283ad4f024e85f29db4346deb1b36\">\n.avia-image-container.av-3a5ryqf-839283ad4f024e85f29db4346deb1b36 img.avia_image{\nbox-shadow:none;\n}\n.avia-image-container.av-3a5ryqf-839283ad4f024e85f29db4346deb1b36 .av-caption-image-overlay-bg{\nopacity:0.4;\n}\n<\/style>\n<div  class='avia-image-container av-3a5ryqf-839283ad4f024e85f29db4346deb1b36 av-styling-no-styling avia_animated_image av-animated-when-visible-95 fade-in avia-align-left  avia-builder-el-21  avia-builder-el-no-sibling  jo_pf_bild noHover av-overlay-hover-deactivate'  ><div class=\"avia-image-container-inner\"><div class=\"avia-image-overlay-wrap\"><a href=\"https:\/\/www.galerie-metzger.de\/wp-content\/uploads\/2024\/03\/Die-Kunst-und-der-Raum-Ausstellungsansicht-Waleed-R.-Qaisi-Nao-Kikuchi-galerie-metzger-1030x687.jpg\" data-srcset=\"https:\/\/www.galerie-metzger.de\/wp-content\/uploads\/2024\/03\/Die-Kunst-und-der-Raum-Ausstellungsansicht-Waleed-R.-Qaisi-Nao-Kikuchi-galerie-metzger-1030x687.jpg 1030w, https:\/\/www.galerie-metzger.de\/wp-content\/uploads\/2024\/03\/Die-Kunst-und-der-Raum-Ausstellungsansicht-Waleed-R.-Qaisi-Nao-Kikuchi-galerie-metzger-690x460.jpg 690w, https:\/\/www.galerie-metzger.de\/wp-content\/uploads\/2024\/03\/Die-Kunst-und-der-Raum-Ausstellungsansicht-Waleed-R.-Qaisi-Nao-Kikuchi-galerie-metzger-768x512.jpg 768w, https:\/\/www.galerie-metzger.de\/wp-content\/uploads\/2024\/03\/Die-Kunst-und-der-Raum-Ausstellungsansicht-Waleed-R.-Qaisi-Nao-Kikuchi-galerie-metzger-1536x1024.jpg 1536w, https:\/\/www.galerie-metzger.de\/wp-content\/uploads\/2024\/03\/Die-Kunst-und-der-Raum-Ausstellungsansicht-Waleed-R.-Qaisi-Nao-Kikuchi-galerie-metzger-2048x1365.jpg 2048w, https:\/\/www.galerie-metzger.de\/wp-content\/uploads\/2024\/03\/Die-Kunst-und-der-Raum-Ausstellungsansicht-Waleed-R.-Qaisi-Nao-Kikuchi-galerie-metzger-1500x1000.jpg 1500w, https:\/\/www.galerie-metzger.de\/wp-content\/uploads\/2024\/03\/Die-Kunst-und-der-Raum-Ausstellungsansicht-Waleed-R.-Qaisi-Nao-Kikuchi-galerie-metzger-705x470.jpg 705w\" data-sizes=\"(max-width: 1030px) 100vw, 1030px\" class='avia_image' ><div class=\"av-image-caption-overlay\"><div class=\"av-caption-image-overlay-bg\"><\/div><div class=\"av-image-caption-overlay-position\"><div class=\"av-image-caption-overlay-center\"><p>View into the exhibition \u2013 Art and Space \u2013 Foto: Edi Baumann<\/p>\n<\/div><\/div><\/div><img decoding=\"async\" class='wp-image-12260 avia-img-lazy-loading-not-12260 avia_image ' src=\"https:\/\/www.galerie-metzger.de\/wp-content\/uploads\/2024\/03\/Die-Kunst-und-der-Raum-Ausstellungsansicht-Waleed-R.-Qaisi-Nao-Kikuchi-galerie-metzger-690x460.jpg\" alt='Die Kunst und der Raum - Ausstellungsansicht Waleed R. Qaisi - Nao Kikuchi' title='Die Kunst und der Raum - Ausstellungsansicht Waleed R. Qaisi - Nao Kikuchi'  height=\"460\" width=\"690\" srcset=\"https:\/\/www.galerie-metzger.de\/wp-content\/uploads\/2024\/03\/Die-Kunst-und-der-Raum-Ausstellungsansicht-Waleed-R.-Qaisi-Nao-Kikuchi-galerie-metzger-690x460.jpg 690w, https:\/\/www.galerie-metzger.de\/wp-content\/uploads\/2024\/03\/Die-Kunst-und-der-Raum-Ausstellungsansicht-Waleed-R.-Qaisi-Nao-Kikuchi-galerie-metzger-1030x687.jpg 1030w, https:\/\/www.galerie-metzger.de\/wp-content\/uploads\/2024\/03\/Die-Kunst-und-der-Raum-Ausstellungsansicht-Waleed-R.-Qaisi-Nao-Kikuchi-galerie-metzger-768x512.jpg 768w, https:\/\/www.galerie-metzger.de\/wp-content\/uploads\/2024\/03\/Die-Kunst-und-der-Raum-Ausstellungsansicht-Waleed-R.-Qaisi-Nao-Kikuchi-galerie-metzger-1536x1024.jpg 1536w, https:\/\/www.galerie-metzger.de\/wp-content\/uploads\/2024\/03\/Die-Kunst-und-der-Raum-Ausstellungsansicht-Waleed-R.-Qaisi-Nao-Kikuchi-galerie-metzger-2048x1365.jpg 2048w, https:\/\/www.galerie-metzger.de\/wp-content\/uploads\/2024\/03\/Die-Kunst-und-der-Raum-Ausstellungsansicht-Waleed-R.-Qaisi-Nao-Kikuchi-galerie-metzger-1500x1000.jpg 1500w, https:\/\/www.galerie-metzger.de\/wp-content\/uploads\/2024\/03\/Die-Kunst-und-der-Raum-Ausstellungsansicht-Waleed-R.-Qaisi-Nao-Kikuchi-galerie-metzger-705x470.jpg 705w\" sizes=\"(max-width: 690px) 100vw, 690px\" \/><\/a><\/div><\/div><\/div><\/div><div class='av-flex-placeholder'><\/div>\n<style type=\"text\/css\" data-created_by=\"avia_inline_auto\" id=\"style-css-av-6akt8d0-f4866d4faa99fe5fb90a6bcfa5ecd060\">\n.flex_column.av-6akt8d0-f4866d4faa99fe5fb90a6bcfa5ecd060{\n-webkit-border-radius:0px 0px 0px 0px;\n-moz-border-radius:0px 0px 0px 0px;\nborder-radius:0px 0px 0px 0px;\n}\n<\/style>\n<div class='flex_column av-6akt8d0-f4866d4faa99fe5fb90a6bcfa5ecd060 av_one_third  avia-builder-el-22  el_after_av_one_third  el_before_av_one_third  jo_pf_bild_bg flex_column_table_cell av-equal-height-column av-align-top av-animated-generic fade-in av-zero-column-padding '     ><style type=\"text\/css\" data-created_by=\"avia_inline_auto\" id=\"style-css-av-lu2miiph-7f37ae92327580901b78dc60822c4d95\">\n.avia-image-container.av-lu2miiph-7f37ae92327580901b78dc60822c4d95 img.avia_image{\nbox-shadow:none;\n}\n.avia-image-container.av-lu2miiph-7f37ae92327580901b78dc60822c4d95 .av-caption-image-overlay-bg{\nopacity:0.4;\n}\n<\/style>\n<div  class='avia-image-container av-lu2miiph-7f37ae92327580901b78dc60822c4d95 av-styling-no-styling avia_animated_image av-animated-when-visible-95 fade-in avia-align-left  avia-builder-el-23  avia-builder-el-no-sibling  jo_pf_bild noHover av-overlay-hover-deactivate'  ><div class=\"avia-image-container-inner\"><div class=\"avia-image-overlay-wrap\"><a href=\"https:\/\/www.galerie-metzger.de\/wp-content\/uploads\/2024\/03\/Die-Kunst-und-der-Raum-Ausstellungsansicht-Waleed-R.-Qaisi-und-Nao-Kikuchi-1030x687.jpg\" data-srcset=\"https:\/\/www.galerie-metzger.de\/wp-content\/uploads\/2024\/03\/Die-Kunst-und-der-Raum-Ausstellungsansicht-Waleed-R.-Qaisi-und-Nao-Kikuchi-1030x687.jpg 1030w, https:\/\/www.galerie-metzger.de\/wp-content\/uploads\/2024\/03\/Die-Kunst-und-der-Raum-Ausstellungsansicht-Waleed-R.-Qaisi-und-Nao-Kikuchi-690x460.jpg 690w, https:\/\/www.galerie-metzger.de\/wp-content\/uploads\/2024\/03\/Die-Kunst-und-der-Raum-Ausstellungsansicht-Waleed-R.-Qaisi-und-Nao-Kikuchi-768x512.jpg 768w, https:\/\/www.galerie-metzger.de\/wp-content\/uploads\/2024\/03\/Die-Kunst-und-der-Raum-Ausstellungsansicht-Waleed-R.-Qaisi-und-Nao-Kikuchi-1536x1024.jpg 1536w, https:\/\/www.galerie-metzger.de\/wp-content\/uploads\/2024\/03\/Die-Kunst-und-der-Raum-Ausstellungsansicht-Waleed-R.-Qaisi-und-Nao-Kikuchi-2048x1365.jpg 2048w, https:\/\/www.galerie-metzger.de\/wp-content\/uploads\/2024\/03\/Die-Kunst-und-der-Raum-Ausstellungsansicht-Waleed-R.-Qaisi-und-Nao-Kikuchi-1500x1000.jpg 1500w, https:\/\/www.galerie-metzger.de\/wp-content\/uploads\/2024\/03\/Die-Kunst-und-der-Raum-Ausstellungsansicht-Waleed-R.-Qaisi-und-Nao-Kikuchi-705x470.jpg 705w\" data-sizes=\"(max-width: 1030px) 100vw, 1030px\" class='avia_image' ><div class=\"av-image-caption-overlay\"><div class=\"av-caption-image-overlay-bg\"><\/div><div class=\"av-image-caption-overlay-position\"><div class=\"av-image-caption-overlay-center\"><p>View into the exhibition \u2013 Art and Space \u2013 Foto: Edi Baumann<\/p>\n<\/div><\/div><\/div><img decoding=\"async\" class='wp-image-12262 avia-img-lazy-loading-not-12262 avia_image ' src=\"https:\/\/www.galerie-metzger.de\/wp-content\/uploads\/2024\/03\/Die-Kunst-und-der-Raum-Ausstellungsansicht-Waleed-R.-Qaisi-und-Nao-Kikuchi-690x460.jpg\" alt='Die Kunst und der Raum  - Ausstellungsansicht Waleed R. Qaisi und Nao Kikuchi' title='Die Kunst und der Raum  - Ausstellungsansicht Waleed R. Qaisi und Nao Kikuchi'  height=\"460\" width=\"690\" srcset=\"https:\/\/www.galerie-metzger.de\/wp-content\/uploads\/2024\/03\/Die-Kunst-und-der-Raum-Ausstellungsansicht-Waleed-R.-Qaisi-und-Nao-Kikuchi-690x460.jpg 690w, https:\/\/www.galerie-metzger.de\/wp-content\/uploads\/2024\/03\/Die-Kunst-und-der-Raum-Ausstellungsansicht-Waleed-R.-Qaisi-und-Nao-Kikuchi-1030x687.jpg 1030w, https:\/\/www.galerie-metzger.de\/wp-content\/uploads\/2024\/03\/Die-Kunst-und-der-Raum-Ausstellungsansicht-Waleed-R.-Qaisi-und-Nao-Kikuchi-768x512.jpg 768w, https:\/\/www.galerie-metzger.de\/wp-content\/uploads\/2024\/03\/Die-Kunst-und-der-Raum-Ausstellungsansicht-Waleed-R.-Qaisi-und-Nao-Kikuchi-1536x1024.jpg 1536w, https:\/\/www.galerie-metzger.de\/wp-content\/uploads\/2024\/03\/Die-Kunst-und-der-Raum-Ausstellungsansicht-Waleed-R.-Qaisi-und-Nao-Kikuchi-2048x1365.jpg 2048w, https:\/\/www.galerie-metzger.de\/wp-content\/uploads\/2024\/03\/Die-Kunst-und-der-Raum-Ausstellungsansicht-Waleed-R.-Qaisi-und-Nao-Kikuchi-1500x1000.jpg 1500w, https:\/\/www.galerie-metzger.de\/wp-content\/uploads\/2024\/03\/Die-Kunst-und-der-Raum-Ausstellungsansicht-Waleed-R.-Qaisi-und-Nao-Kikuchi-705x470.jpg 705w\" sizes=\"(max-width: 690px) 100vw, 690px\" \/><\/a><\/div><\/div><\/div><\/div><div class='av-flex-placeholder'><\/div>\n<style type=\"text\/css\" data-created_by=\"avia_inline_auto\" id=\"style-css-av-5oq0wfo-8c0f188f71d2deea793fcfca6007acdc\">\n.flex_column.av-5oq0wfo-8c0f188f71d2deea793fcfca6007acdc{\n-webkit-border-radius:0px 0px 0px 0px;\n-moz-border-radius:0px 0px 0px 0px;\nborder-radius:0px 0px 0px 0px;\n}\n<\/style>\n<div class='flex_column av-5oq0wfo-8c0f188f71d2deea793fcfca6007acdc av_one_third  avia-builder-el-24  el_after_av_one_third  el_before_av_one_full  jo_pf_bild_bg flex_column_table_cell av-equal-height-column av-align-top av-animated-generic fade-in av-zero-column-padding '     ><style type=\"text\/css\" data-created_by=\"avia_inline_auto\" id=\"style-css-av-lu2mj09t-9b2157e22da610e6bd2e3f39b4d73a2e\">\n.avia-image-container.av-lu2mj09t-9b2157e22da610e6bd2e3f39b4d73a2e img.avia_image{\nbox-shadow:none;\n}\n.avia-image-container.av-lu2mj09t-9b2157e22da610e6bd2e3f39b4d73a2e .av-caption-image-overlay-bg{\nopacity:0.4;\n}\n<\/style>\n<div  class='avia-image-container av-lu2mj09t-9b2157e22da610e6bd2e3f39b4d73a2e av-styling-no-styling avia_animated_image av-animated-when-visible-95 fade-in avia-align-left  avia-builder-el-25  avia-builder-el-no-sibling  jo_pf_bild noHover av-overlay-hover-deactivate'  ><div class=\"avia-image-container-inner\"><div class=\"avia-image-overlay-wrap\"><a href=\"https:\/\/www.galerie-metzger.de\/wp-content\/uploads\/2024\/03\/Die-Kunst-und-der-Raum-Ausstellungsansicht-Waleed-R.-Qaisi-und-Jeff-Shapiro-galerie-metzger-1030x687.jpg\" data-srcset=\"https:\/\/www.galerie-metzger.de\/wp-content\/uploads\/2024\/03\/Die-Kunst-und-der-Raum-Ausstellungsansicht-Waleed-R.-Qaisi-und-Jeff-Shapiro-galerie-metzger-1030x687.jpg 1030w, https:\/\/www.galerie-metzger.de\/wp-content\/uploads\/2024\/03\/Die-Kunst-und-der-Raum-Ausstellungsansicht-Waleed-R.-Qaisi-und-Jeff-Shapiro-galerie-metzger-690x460.jpg 690w, https:\/\/www.galerie-metzger.de\/wp-content\/uploads\/2024\/03\/Die-Kunst-und-der-Raum-Ausstellungsansicht-Waleed-R.-Qaisi-und-Jeff-Shapiro-galerie-metzger-768x512.jpg 768w, https:\/\/www.galerie-metzger.de\/wp-content\/uploads\/2024\/03\/Die-Kunst-und-der-Raum-Ausstellungsansicht-Waleed-R.-Qaisi-und-Jeff-Shapiro-galerie-metzger-1536x1024.jpg 1536w, https:\/\/www.galerie-metzger.de\/wp-content\/uploads\/2024\/03\/Die-Kunst-und-der-Raum-Ausstellungsansicht-Waleed-R.-Qaisi-und-Jeff-Shapiro-galerie-metzger-2048x1365.jpg 2048w, https:\/\/www.galerie-metzger.de\/wp-content\/uploads\/2024\/03\/Die-Kunst-und-der-Raum-Ausstellungsansicht-Waleed-R.-Qaisi-und-Jeff-Shapiro-galerie-metzger-1500x1000.jpg 1500w, https:\/\/www.galerie-metzger.de\/wp-content\/uploads\/2024\/03\/Die-Kunst-und-der-Raum-Ausstellungsansicht-Waleed-R.-Qaisi-und-Jeff-Shapiro-galerie-metzger-705x470.jpg 705w\" data-sizes=\"(max-width: 1030px) 100vw, 1030px\" class='avia_image' ><div class=\"av-image-caption-overlay\"><div class=\"av-caption-image-overlay-bg\"><\/div><div class=\"av-image-caption-overlay-position\"><div class=\"av-image-caption-overlay-center\"><p>View into the exhibition \u2013 Art and Space \u2013 Foto: Edi Baumann<\/p>\n<\/div><\/div><\/div><img decoding=\"async\" class='wp-image-12266 avia-img-lazy-loading-not-12266 avia_image ' src=\"https:\/\/www.galerie-metzger.de\/wp-content\/uploads\/2024\/03\/Die-Kunst-und-der-Raum-Ausstellungsansicht-Waleed-R.-Qaisi-und-Jeff-Shapiro-galerie-metzger-690x460.jpg\" alt='Die Kunst und der Raum - Ausstellungsansicht Waleed R. Qaisi und Jeff Shapiro' title='Die Kunst und der Raum - Ausstellungsansicht Waleed R. Qaisi und Jeff Shapiro'  height=\"460\" width=\"690\" srcset=\"https:\/\/www.galerie-metzger.de\/wp-content\/uploads\/2024\/03\/Die-Kunst-und-der-Raum-Ausstellungsansicht-Waleed-R.-Qaisi-und-Jeff-Shapiro-galerie-metzger-690x460.jpg 690w, https:\/\/www.galerie-metzger.de\/wp-content\/uploads\/2024\/03\/Die-Kunst-und-der-Raum-Ausstellungsansicht-Waleed-R.-Qaisi-und-Jeff-Shapiro-galerie-metzger-1030x687.jpg 1030w, https:\/\/www.galerie-metzger.de\/wp-content\/uploads\/2024\/03\/Die-Kunst-und-der-Raum-Ausstellungsansicht-Waleed-R.-Qaisi-und-Jeff-Shapiro-galerie-metzger-768x512.jpg 768w, https:\/\/www.galerie-metzger.de\/wp-content\/uploads\/2024\/03\/Die-Kunst-und-der-Raum-Ausstellungsansicht-Waleed-R.-Qaisi-und-Jeff-Shapiro-galerie-metzger-1536x1024.jpg 1536w, https:\/\/www.galerie-metzger.de\/wp-content\/uploads\/2024\/03\/Die-Kunst-und-der-Raum-Ausstellungsansicht-Waleed-R.-Qaisi-und-Jeff-Shapiro-galerie-metzger-2048x1365.jpg 2048w, https:\/\/www.galerie-metzger.de\/wp-content\/uploads\/2024\/03\/Die-Kunst-und-der-Raum-Ausstellungsansicht-Waleed-R.-Qaisi-und-Jeff-Shapiro-galerie-metzger-1500x1000.jpg 1500w, https:\/\/www.galerie-metzger.de\/wp-content\/uploads\/2024\/03\/Die-Kunst-und-der-Raum-Ausstellungsansicht-Waleed-R.-Qaisi-und-Jeff-Shapiro-galerie-metzger-705x470.jpg 705w\" sizes=\"(max-width: 690px) 100vw, 690px\" \/><\/a><\/div><\/div><\/div><\/div><\/div><!--close column table wrapper. Autoclose: 1 --><div class='flex_column_table av-96doif-b1184c39a78ac0aa788781116983abc4 sc-av_one_full av-equal-height-column-flextable'>\n<style type=\"text\/css\" data-created_by=\"avia_inline_auto\" id=\"style-css-av-96doif-b1184c39a78ac0aa788781116983abc4\">\n.flex_column.av-96doif-b1184c39a78ac0aa788781116983abc4{\n-webkit-border-radius:0px 0px 0px 0px;\n-moz-border-radius:0px 0px 0px 0px;\nborder-radius:0px 0px 0px 0px;\n}\n<\/style>\n<div class='flex_column av-96doif-b1184c39a78ac0aa788781116983abc4 av_one_full  avia-builder-el-26  el_after_av_one_third  el_before_av_one_third  jo_col_empty first flex_column_table_cell av-equal-height-column av-align-top av-animated-generic fade-in av-zero-column-padding column-top-margin'     ><section  class='av_textblock_section av-21yiq7r-2e3ac856ec6b91139aca7988f7bf3dcb' ><div class='avia_textblock' ><p>invisible placeholder<\/p>\n<\/div><\/section><\/div><\/div><!--close column table wrapper. Autoclose: 1 --><div class='flex_column_table av-56rqv9w-18f1505b9fec1b142b4bd0a0a92f2f10 sc-av_one_third av-equal-height-column-flextable'>\n<style type=\"text\/css\" data-created_by=\"avia_inline_auto\" id=\"style-css-av-56rqv9w-18f1505b9fec1b142b4bd0a0a92f2f10\">\n.flex_column.av-56rqv9w-18f1505b9fec1b142b4bd0a0a92f2f10{\n-webkit-border-radius:0px 0px 0px 0px;\n-moz-border-radius:0px 0px 0px 0px;\nborder-radius:0px 0px 0px 0px;\n}\n<\/style>\n<div class='flex_column av-56rqv9w-18f1505b9fec1b142b4bd0a0a92f2f10 av_one_third  avia-builder-el-28  el_after_av_one_full  el_before_av_one_third  jo_pf_bild_bg first flex_column_table_cell av-equal-height-column av-align-middle av-animated-generic fade-in av-zero-column-padding column-top-margin'     ><style type=\"text\/css\" data-created_by=\"avia_inline_auto\" id=\"style-css-av-lu2mjse6-5b334c82a665bf396aa52452668372fd\">\n.avia-image-container.av-lu2mjse6-5b334c82a665bf396aa52452668372fd img.avia_image{\nbox-shadow:none;\n}\n.avia-image-container.av-lu2mjse6-5b334c82a665bf396aa52452668372fd .av-caption-image-overlay-bg{\nopacity:0.4;\n}\n<\/style>\n<div  class='avia-image-container av-lu2mjse6-5b334c82a665bf396aa52452668372fd av-styling-no-styling avia_animated_image av-animated-when-visible-95 fade-in avia-align-left  avia-builder-el-29  avia-builder-el-no-sibling  jo_pf_bild noHover av-overlay-hover-deactivate'  ><div class=\"avia-image-container-inner\"><div class=\"avia-image-overlay-wrap\"><a href=\"https:\/\/www.galerie-metzger.de\/wp-content\/uploads\/2024\/03\/Die-Kunst-und-der-Raum-Ausstellungsansicht-Jeff-Shapiro-und-Nao-Kikuchi-galerie-metzger-1030x687.jpg\" data-srcset=\"https:\/\/www.galerie-metzger.de\/wp-content\/uploads\/2024\/03\/Die-Kunst-und-der-Raum-Ausstellungsansicht-Jeff-Shapiro-und-Nao-Kikuchi-galerie-metzger-1030x687.jpg 1030w, https:\/\/www.galerie-metzger.de\/wp-content\/uploads\/2024\/03\/Die-Kunst-und-der-Raum-Ausstellungsansicht-Jeff-Shapiro-und-Nao-Kikuchi-galerie-metzger-690x460.jpg 690w, https:\/\/www.galerie-metzger.de\/wp-content\/uploads\/2024\/03\/Die-Kunst-und-der-Raum-Ausstellungsansicht-Jeff-Shapiro-und-Nao-Kikuchi-galerie-metzger-768x512.jpg 768w, https:\/\/www.galerie-metzger.de\/wp-content\/uploads\/2024\/03\/Die-Kunst-und-der-Raum-Ausstellungsansicht-Jeff-Shapiro-und-Nao-Kikuchi-galerie-metzger-1536x1024.jpg 1536w, https:\/\/www.galerie-metzger.de\/wp-content\/uploads\/2024\/03\/Die-Kunst-und-der-Raum-Ausstellungsansicht-Jeff-Shapiro-und-Nao-Kikuchi-galerie-metzger-2048x1365.jpg 2048w, https:\/\/www.galerie-metzger.de\/wp-content\/uploads\/2024\/03\/Die-Kunst-und-der-Raum-Ausstellungsansicht-Jeff-Shapiro-und-Nao-Kikuchi-galerie-metzger-1500x1000.jpg 1500w, https:\/\/www.galerie-metzger.de\/wp-content\/uploads\/2024\/03\/Die-Kunst-und-der-Raum-Ausstellungsansicht-Jeff-Shapiro-und-Nao-Kikuchi-galerie-metzger-705x470.jpg 705w\" data-sizes=\"(max-width: 1030px) 100vw, 1030px\" class='avia_image' ><div class=\"av-image-caption-overlay\"><div class=\"av-caption-image-overlay-bg\"><\/div><div class=\"av-image-caption-overlay-position\"><div class=\"av-image-caption-overlay-center\"><p>View into the exhibition \u2013 Art and Space \u2013 Foto: Edi Baumann<\/p>\n<\/div><\/div><\/div><img decoding=\"async\" class='wp-image-12258 avia-img-lazy-loading-not-12258 avia_image ' src=\"https:\/\/www.galerie-metzger.de\/wp-content\/uploads\/2024\/03\/Die-Kunst-und-der-Raum-Ausstellungsansicht-Jeff-Shapiro-und-Nao-Kikuchi-galerie-metzger-690x460.jpg\" alt='Die Kunst und der Raum - Ausstellungsansicht Jeff Shapiro und Nao Kikuchi' title='Die Kunst und der Raum  - Ausstellungsansicht Jeff Shapiro und Nao Kikuchi'  height=\"460\" width=\"690\" srcset=\"https:\/\/www.galerie-metzger.de\/wp-content\/uploads\/2024\/03\/Die-Kunst-und-der-Raum-Ausstellungsansicht-Jeff-Shapiro-und-Nao-Kikuchi-galerie-metzger-690x460.jpg 690w, https:\/\/www.galerie-metzger.de\/wp-content\/uploads\/2024\/03\/Die-Kunst-und-der-Raum-Ausstellungsansicht-Jeff-Shapiro-und-Nao-Kikuchi-galerie-metzger-1030x687.jpg 1030w, https:\/\/www.galerie-metzger.de\/wp-content\/uploads\/2024\/03\/Die-Kunst-und-der-Raum-Ausstellungsansicht-Jeff-Shapiro-und-Nao-Kikuchi-galerie-metzger-768x512.jpg 768w, https:\/\/www.galerie-metzger.de\/wp-content\/uploads\/2024\/03\/Die-Kunst-und-der-Raum-Ausstellungsansicht-Jeff-Shapiro-und-Nao-Kikuchi-galerie-metzger-1536x1024.jpg 1536w, https:\/\/www.galerie-metzger.de\/wp-content\/uploads\/2024\/03\/Die-Kunst-und-der-Raum-Ausstellungsansicht-Jeff-Shapiro-und-Nao-Kikuchi-galerie-metzger-2048x1365.jpg 2048w, https:\/\/www.galerie-metzger.de\/wp-content\/uploads\/2024\/03\/Die-Kunst-und-der-Raum-Ausstellungsansicht-Jeff-Shapiro-und-Nao-Kikuchi-galerie-metzger-1500x1000.jpg 1500w, https:\/\/www.galerie-metzger.de\/wp-content\/uploads\/2024\/03\/Die-Kunst-und-der-Raum-Ausstellungsansicht-Jeff-Shapiro-und-Nao-Kikuchi-galerie-metzger-705x470.jpg 705w\" sizes=\"(max-width: 690px) 100vw, 690px\" \/><\/a><\/div><\/div><\/div><\/div><div class='av-flex-placeholder'><\/div>\n<style type=\"text\/css\" data-created_by=\"avia_inline_auto\" id=\"style-css-av-4tsdlec-d1942fb14fd6150b01829d1a315c3198\">\n.flex_column.av-4tsdlec-d1942fb14fd6150b01829d1a315c3198{\n-webkit-border-radius:0px 0px 0px 0px;\n-moz-border-radius:0px 0px 0px 0px;\nborder-radius:0px 0px 0px 0px;\n}\n<\/style>\n<div class='flex_column av-4tsdlec-d1942fb14fd6150b01829d1a315c3198 av_one_third  avia-builder-el-30  el_after_av_one_third  el_before_av_one_third  jo_pf_bild_bg flex_column_table_cell av-equal-height-column av-align-middle av-animated-generic fade-in av-zero-column-padding column-top-margin'     ><style type=\"text\/css\" data-created_by=\"avia_inline_auto\" id=\"style-css-av-lu2mkcpx-a606f8414a4ff1a1d0df8620d00dd304\">\n.avia-image-container.av-lu2mkcpx-a606f8414a4ff1a1d0df8620d00dd304 img.avia_image{\nbox-shadow:none;\n}\n.avia-image-container.av-lu2mkcpx-a606f8414a4ff1a1d0df8620d00dd304 .av-caption-image-overlay-bg{\nopacity:0.4;\n}\n<\/style>\n<div  class='avia-image-container av-lu2mkcpx-a606f8414a4ff1a1d0df8620d00dd304 av-styling-no-styling avia_animated_image av-animated-when-visible-95 fade-in avia-align-left  avia-builder-el-31  avia-builder-el-no-sibling  jo_pf_bild noHover av-overlay-hover-deactivate'  ><div class=\"avia-image-container-inner\"><div class=\"avia-image-overlay-wrap\"><a href=\"https:\/\/www.galerie-metzger.de\/wp-content\/uploads\/2024\/03\/Die-Kunst-und-der-Raum-Ausstellungsansicht-Jeff-Shapiro-galerie-metzger-1030x687.jpg\" data-srcset=\"https:\/\/www.galerie-metzger.de\/wp-content\/uploads\/2024\/03\/Die-Kunst-und-der-Raum-Ausstellungsansicht-Jeff-Shapiro-galerie-metzger-1030x687.jpg 1030w, https:\/\/www.galerie-metzger.de\/wp-content\/uploads\/2024\/03\/Die-Kunst-und-der-Raum-Ausstellungsansicht-Jeff-Shapiro-galerie-metzger-690x460.jpg 690w, https:\/\/www.galerie-metzger.de\/wp-content\/uploads\/2024\/03\/Die-Kunst-und-der-Raum-Ausstellungsansicht-Jeff-Shapiro-galerie-metzger-768x512.jpg 768w, https:\/\/www.galerie-metzger.de\/wp-content\/uploads\/2024\/03\/Die-Kunst-und-der-Raum-Ausstellungsansicht-Jeff-Shapiro-galerie-metzger-1536x1024.jpg 1536w, https:\/\/www.galerie-metzger.de\/wp-content\/uploads\/2024\/03\/Die-Kunst-und-der-Raum-Ausstellungsansicht-Jeff-Shapiro-galerie-metzger-2048x1365.jpg 2048w, https:\/\/www.galerie-metzger.de\/wp-content\/uploads\/2024\/03\/Die-Kunst-und-der-Raum-Ausstellungsansicht-Jeff-Shapiro-galerie-metzger-1500x1000.jpg 1500w, https:\/\/www.galerie-metzger.de\/wp-content\/uploads\/2024\/03\/Die-Kunst-und-der-Raum-Ausstellungsansicht-Jeff-Shapiro-galerie-metzger-705x470.jpg 705w\" data-sizes=\"(max-width: 1030px) 100vw, 1030px\" class='avia_image' ><div class=\"av-image-caption-overlay\"><div class=\"av-caption-image-overlay-bg\"><\/div><div class=\"av-image-caption-overlay-position\"><div class=\"av-image-caption-overlay-center\"><p>View into the exhibition \u2013 Art and Space \u2013 Foto: Edi Baumann<\/p>\n<\/div><\/div><\/div><img decoding=\"async\" class='wp-image-12256 avia-img-lazy-loading-not-12256 avia_image ' src=\"https:\/\/www.galerie-metzger.de\/wp-content\/uploads\/2024\/03\/Die-Kunst-und-der-Raum-Ausstellungsansicht-Jeff-Shapiro-galerie-metzger-690x460.jpg\" alt='Die Kunst und der Raum - Ausstellungsansicht Jeff Shapiro' title='Die Kunst und der Raum - Ausstellungsansicht Jeff Shapiro'  height=\"460\" width=\"690\" srcset=\"https:\/\/www.galerie-metzger.de\/wp-content\/uploads\/2024\/03\/Die-Kunst-und-der-Raum-Ausstellungsansicht-Jeff-Shapiro-galerie-metzger-690x460.jpg 690w, https:\/\/www.galerie-metzger.de\/wp-content\/uploads\/2024\/03\/Die-Kunst-und-der-Raum-Ausstellungsansicht-Jeff-Shapiro-galerie-metzger-1030x687.jpg 1030w, https:\/\/www.galerie-metzger.de\/wp-content\/uploads\/2024\/03\/Die-Kunst-und-der-Raum-Ausstellungsansicht-Jeff-Shapiro-galerie-metzger-768x512.jpg 768w, https:\/\/www.galerie-metzger.de\/wp-content\/uploads\/2024\/03\/Die-Kunst-und-der-Raum-Ausstellungsansicht-Jeff-Shapiro-galerie-metzger-1536x1024.jpg 1536w, https:\/\/www.galerie-metzger.de\/wp-content\/uploads\/2024\/03\/Die-Kunst-und-der-Raum-Ausstellungsansicht-Jeff-Shapiro-galerie-metzger-2048x1365.jpg 2048w, https:\/\/www.galerie-metzger.de\/wp-content\/uploads\/2024\/03\/Die-Kunst-und-der-Raum-Ausstellungsansicht-Jeff-Shapiro-galerie-metzger-1500x1000.jpg 1500w, https:\/\/www.galerie-metzger.de\/wp-content\/uploads\/2024\/03\/Die-Kunst-und-der-Raum-Ausstellungsansicht-Jeff-Shapiro-galerie-metzger-705x470.jpg 705w\" sizes=\"(max-width: 690px) 100vw, 690px\" \/><\/a><\/div><\/div><\/div><\/div><div class='av-flex-placeholder'><\/div>\n<style type=\"text\/css\" data-created_by=\"avia_inline_auto\" id=\"style-css-av-4s7ztmh-1bc3103717c27624f84948edf7698a80\">\n.flex_column.av-4s7ztmh-1bc3103717c27624f84948edf7698a80{\n-webkit-border-radius:0px 0px 0px 0px;\n-moz-border-radius:0px 0px 0px 0px;\nborder-radius:0px 0px 0px 0px;\n}\n<\/style>\n<div class='flex_column av-4s7ztmh-1bc3103717c27624f84948edf7698a80 av_one_third  avia-builder-el-32  el_after_av_one_third  el_before_av_one_full  jhd-no-margin-top flex_column_table_cell av-equal-height-column av-align-middle av-animated-generic fade-in av-zero-column-padding column-top-margin'     ><p><section  class='av_textblock_section av-4e97995-8cb066051cc724ef1f12d2e2a0a65d4b' ><div class='avia_textblock gm-deutsch' ><p><a href=\"https:\/\/www.galerie-metzger.de\/wp-content\/uploads\/2024\/03\/Pressetext-Schnuppe-von-Gwinner-Die-Kunst-und-der-Raum-03.2024.pdf\" target=\"_blank\" rel=\"noopener\"><span class=\"nowrap\">Pressetext \u2013 <\/span>Schnuppe <span class=\"nowrap\">von Gwinner \u2013 <\/span>Die Kunst und der Raum, 03.2024<\/a><\/p>\n<\/div><\/section><br \/>\n<section  class='av_textblock_section av-lu3zz6ig-81ae45fe214d31b722275c7be0c30787' ><div class='avia_textblock gm-english' ><p><a href=\"https:\/\/www.galerie-metzger.de\/wp-content\/uploads\/2024\/03\/Art-and-Space-Text-by-Schnuppe-von-Gwinner.pdf\" target=\"_blank\" rel=\"noopener\"><span class=\"nowrap\">Press Release \u2013 <\/span>Schnuppe <span class=\"nowrap\">von Gwinner \u2013 <\/span>Die Kunst und der Raum, 03.2024<\/a><\/p>\n<\/div><\/section><\/p><\/div><\/div><!--close column table wrapper. Autoclose: 1 --><div class='flex_column_table av-4adizis-a27047ea4d2d36e5553c33c2566781ca sc-av_one_full av-equal-height-column-flextable'>\n<style type=\"text\/css\" data-created_by=\"avia_inline_auto\" id=\"style-css-av-4adizis-a27047ea4d2d36e5553c33c2566781ca\">\n.flex_column.av-4adizis-a27047ea4d2d36e5553c33c2566781ca{\n-webkit-border-radius:0px 0px 0px 0px;\n-moz-border-radius:0px 0px 0px 0px;\nborder-radius:0px 0px 0px 0px;\n}\n<\/style>\n<div class='flex_column av-4adizis-a27047ea4d2d36e5553c33c2566781ca av_one_full  avia-builder-el-35  el_after_av_one_third  el_before_av_one_half  jo_col_empty first flex_column_table_cell av-equal-height-column av-align-top av-animated-generic fade-in av-zero-column-padding column-top-margin'     ><section  class='av_textblock_section av-3vsrixg-d02382020fdd252252cc40c6ffe1eecb' ><div class='avia_textblock' ><p>invisible placeholder<\/p>\n<\/div><\/section><\/div><\/div><!--close column table wrapper. Autoclose: 1 --><div class='flex_column_table av-3mo6e5w-16674e4d4afeddbb509c2349051be4eb sc-av_one_half av-equal-height-column-flextable'>\n<style type=\"text\/css\" data-created_by=\"avia_inline_auto\" id=\"style-css-av-3mo6e5w-16674e4d4afeddbb509c2349051be4eb\">\n.flex_column.av-3mo6e5w-16674e4d4afeddbb509c2349051be4eb{\n-webkit-border-radius:0px 0px 0px 0px;\n-moz-border-radius:0px 0px 0px 0px;\nborder-radius:0px 0px 0px 0px;\n}\n<\/style>\n<div class='flex_column av-3mo6e5w-16674e4d4afeddbb509c2349051be4eb av_one_half  avia-builder-el-37  el_after_av_one_full  el_before_av_one_half  jhd-no-margin-top first flex_column_table_cell av-equal-height-column av-align-middle av-animated-generic fade-in av-zero-column-padding column-top-margin'     ><section  class='av_textblock_section av-30iqeic-f505f11123b8b1876702c38365afa84d' ><div class='avia_textblock' ><p><strong>Nao Kikuchi<\/strong><\/p>\n<p>Nao Kikuchi&#8217;s ceramics are condensed impressions that accumulate in transversing public space. Nao Kikuchi&#8217;s ceramics are condensed impressions that accumulate in transversing public space.<\/p>\n<\/div><\/section><\/div><div class='av-flex-placeholder'><\/div>\n<style type=\"text\/css\" data-created_by=\"avia_inline_auto\" id=\"style-css-av-2q0o5dg-33613da48dd20d52569974621232c164\">\n.flex_column.av-2q0o5dg-33613da48dd20d52569974621232c164{\n-webkit-border-radius:0px 0px 0px 0px;\n-moz-border-radius:0px 0px 0px 0px;\nborder-radius:0px 0px 0px 0px;\n}\n<\/style>\n<div class='flex_column av-2q0o5dg-33613da48dd20d52569974621232c164 av_one_half  avia-builder-el-39  el_after_av_one_half  el_before_av_one_full  jo_pf_bild_bg flex_column_table_cell av-equal-height-column av-align-middle av-animated-generic fade-in av-zero-column-padding column-top-margin'     ><p>\n<style type=\"text\/css\" data-created_by=\"avia_inline_auto\" id=\"style-css-av-25yu7jo-420da49d107a652c4c59f67d7fcd7ada\">\n.avia-image-container.av-25yu7jo-420da49d107a652c4c59f67d7fcd7ada img.avia_image{\nbox-shadow:none;\n}\n.avia-image-container.av-25yu7jo-420da49d107a652c4c59f67d7fcd7ada .av-caption-image-overlay-bg{\nopacity:0.4;\n}\n<\/style>\n<div  class='avia-image-container av-25yu7jo-420da49d107a652c4c59f67d7fcd7ada av-styling-no-styling avia_animated_image av-animated-when-visible-95 fade-in avia-align-left  avia-builder-el-40  el_before_av_textblock  avia-builder-el-first  jo_pf_bild noHover av-overlay-hover-deactivate'  ><div class=\"avia-image-container-inner\"><div class=\"avia-image-overlay-wrap\"><a href=\"https:\/\/www.galerie-metzger.de\/wp-content\/uploads\/2024\/01\/Nao-Kikuchi-80799-2022-14.7\u00d727\u00d74cm-galerie-metzger-gallery-ceramic-art-keramik-kunst-1030x687.jpg\" data-srcset=\"https:\/\/www.galerie-metzger.de\/wp-content\/uploads\/2024\/01\/Nao-Kikuchi-80799-2022-14.7\u00d727\u00d74cm-galerie-metzger-gallery-ceramic-art-keramik-kunst-1030x687.jpg 1030w, https:\/\/www.galerie-metzger.de\/wp-content\/uploads\/2024\/01\/Nao-Kikuchi-80799-2022-14.7\u00d727\u00d74cm-galerie-metzger-gallery-ceramic-art-keramik-kunst-690x460.jpg 690w, https:\/\/www.galerie-metzger.de\/wp-content\/uploads\/2024\/01\/Nao-Kikuchi-80799-2022-14.7\u00d727\u00d74cm-galerie-metzger-gallery-ceramic-art-keramik-kunst-768x512.jpg 768w, https:\/\/www.galerie-metzger.de\/wp-content\/uploads\/2024\/01\/Nao-Kikuchi-80799-2022-14.7\u00d727\u00d74cm-galerie-metzger-gallery-ceramic-art-keramik-kunst-1536x1024.jpg 1536w, https:\/\/www.galerie-metzger.de\/wp-content\/uploads\/2024\/01\/Nao-Kikuchi-80799-2022-14.7\u00d727\u00d74cm-galerie-metzger-gallery-ceramic-art-keramik-kunst-2048x1365.jpg 2048w, https:\/\/www.galerie-metzger.de\/wp-content\/uploads\/2024\/01\/Nao-Kikuchi-80799-2022-14.7\u00d727\u00d74cm-galerie-metzger-gallery-ceramic-art-keramik-kunst-1500x1000.jpg 1500w, https:\/\/www.galerie-metzger.de\/wp-content\/uploads\/2024\/01\/Nao-Kikuchi-80799-2022-14.7\u00d727\u00d74cm-galerie-metzger-gallery-ceramic-art-keramik-kunst-705x470.jpg 705w\" data-sizes=\"(max-width: 1030px) 100vw, 1030px\" class='avia_image' ><div class=\"av-image-caption-overlay\"><div class=\"av-caption-image-overlay-bg\"><\/div><div class=\"av-image-caption-overlay-position\"><div class=\"av-image-caption-overlay-center\"><p>Nao Kikuchi \u2013 80799 \u2013 2022, 14.7\u00d727\u00d74 cm, Foto: Manuel Carreon Lopez<\/p>\n<\/div><\/div><\/div><img decoding=\"async\" class='wp-image-12020 avia-img-lazy-loading-not-12020 avia_image ' src=\"https:\/\/www.galerie-metzger.de\/wp-content\/uploads\/2024\/01\/Nao-Kikuchi-80799-2022-14.7\u00d727\u00d74cm-galerie-metzger-gallery-ceramic-art-keramik-kunst-690x460.jpg\" alt='Nao Kikuchi - 80799 - 2022 - 14.7\u00d727\u00d74 cm' title='Nao Kikuchi - 80799 - 2022 - 14.7\u00d727\u00d74 cm'  height=\"460\" width=\"690\" srcset=\"https:\/\/www.galerie-metzger.de\/wp-content\/uploads\/2024\/01\/Nao-Kikuchi-80799-2022-14.7\u00d727\u00d74cm-galerie-metzger-gallery-ceramic-art-keramik-kunst-690x460.jpg 690w, https:\/\/www.galerie-metzger.de\/wp-content\/uploads\/2024\/01\/Nao-Kikuchi-80799-2022-14.7\u00d727\u00d74cm-galerie-metzger-gallery-ceramic-art-keramik-kunst-1030x687.jpg 1030w, https:\/\/www.galerie-metzger.de\/wp-content\/uploads\/2024\/01\/Nao-Kikuchi-80799-2022-14.7\u00d727\u00d74cm-galerie-metzger-gallery-ceramic-art-keramik-kunst-768x512.jpg 768w, https:\/\/www.galerie-metzger.de\/wp-content\/uploads\/2024\/01\/Nao-Kikuchi-80799-2022-14.7\u00d727\u00d74cm-galerie-metzger-gallery-ceramic-art-keramik-kunst-1536x1024.jpg 1536w, https:\/\/www.galerie-metzger.de\/wp-content\/uploads\/2024\/01\/Nao-Kikuchi-80799-2022-14.7\u00d727\u00d74cm-galerie-metzger-gallery-ceramic-art-keramik-kunst-2048x1365.jpg 2048w, https:\/\/www.galerie-metzger.de\/wp-content\/uploads\/2024\/01\/Nao-Kikuchi-80799-2022-14.7\u00d727\u00d74cm-galerie-metzger-gallery-ceramic-art-keramik-kunst-1500x1000.jpg 1500w, https:\/\/www.galerie-metzger.de\/wp-content\/uploads\/2024\/01\/Nao-Kikuchi-80799-2022-14.7\u00d727\u00d74cm-galerie-metzger-gallery-ceramic-art-keramik-kunst-705x470.jpg 705w\" sizes=\"(max-width: 690px) 100vw, 690px\" \/><\/a><\/div><\/div><\/div><br \/>\n<section  class='av_textblock_section av-1scyr04-cbb8b824d74cc55783905acbc2f5f71d' ><div class='avia_textblock jo_werk_anfrage' ><p><a class=\"anfrage\" href=\"mailto:info@galerie-metzger.de?subject=Nao%20Kikuchi%2080799%2014.7%C3%9727%C3%974cm%20\">request information<\/a><\/p>\n<\/div><\/section><\/p><\/div><\/div><!--close column table wrapper. Autoclose: 1 --><div class='flex_column_table av-16u336c-b53dcf88fce30596538831467532e9ba sc-av_one_full av-equal-height-column-flextable'>\n<style type=\"text\/css\" data-created_by=\"avia_inline_auto\" id=\"style-css-av-16u336c-b53dcf88fce30596538831467532e9ba\">\n.flex_column.av-16u336c-b53dcf88fce30596538831467532e9ba{\n-webkit-border-radius:0px 0px 0px 0px;\n-moz-border-radius:0px 0px 0px 0px;\nborder-radius:0px 0px 0px 0px;\n}\n<\/style>\n<div class='flex_column av-16u336c-b53dcf88fce30596538831467532e9ba av_one_full  avia-builder-el-42  el_after_av_one_half  el_before_av_one_half  jo_col_empty first flex_column_table_cell av-equal-height-column av-align-top av-animated-generic fade-in av-zero-column-padding column-top-margin'     ><section  class='av_textblock_section av-30lpys-457e2d2a7c9f71100ae51257eee993f9' ><div class='avia_textblock' ><p>invisible placeholder<\/p>\n<\/div><\/section><\/div><\/div><!--close column table wrapper. Autoclose: 1 --><div class='flex_column_table av-4hzr8r8-9e30dbca2fd569da8d8968589f5c39d6 sc-av_one_half av-equal-height-column-flextable'>\n<style type=\"text\/css\" data-created_by=\"avia_inline_auto\" id=\"style-css-av-4hzr8r8-9e30dbca2fd569da8d8968589f5c39d6\">\n.flex_column.av-4hzr8r8-9e30dbca2fd569da8d8968589f5c39d6{\n-webkit-border-radius:0px 0px 0px 0px;\n-moz-border-radius:0px 0px 0px 0px;\nborder-radius:0px 0px 0px 0px;\n}\n<\/style>\n<div class='flex_column av-4hzr8r8-9e30dbca2fd569da8d8968589f5c39d6 av_one_half  avia-builder-el-44  el_after_av_one_full  el_before_av_one_half  jo_pf_bild_bg first flex_column_table_cell av-equal-height-column av-align-top av-animated-generic fade-in av-zero-column-padding column-top-margin'     ><p>\n<style type=\"text\/css\" data-created_by=\"avia_inline_auto\" id=\"style-css-av-lrywax5h-fc9e9650b2d744aba9d858649433eefd\">\n.avia-image-container.av-lrywax5h-fc9e9650b2d744aba9d858649433eefd img.avia_image{\nbox-shadow:none;\n}\n.avia-image-container.av-lrywax5h-fc9e9650b2d744aba9d858649433eefd .av-caption-image-overlay-bg{\nopacity:0.4;\n}\n<\/style>\n<div  class='avia-image-container av-lrywax5h-fc9e9650b2d744aba9d858649433eefd av-styling-no-styling avia_animated_image av-animated-when-visible-95 fade-in avia-align-left  avia-builder-el-45  el_before_av_textblock  avia-builder-el-first  jo_pf_bild noHover av-overlay-hover-deactivate'  ><div class=\"avia-image-container-inner\"><div class=\"avia-image-overlay-wrap\"><a href=\"https:\/\/www.galerie-metzger.de\/wp-content\/uploads\/2024\/02\/Nao-Kikuchi-Herzbergerstr.-4-galerie-metzger-gallery-ceramic-art-angewandte-Kunst-kaufen-1030x1030.jpg\" data-srcset=\"https:\/\/www.galerie-metzger.de\/wp-content\/uploads\/2024\/02\/Nao-Kikuchi-Herzbergerstr.-4-galerie-metzger-gallery-ceramic-art-angewandte-Kunst-kaufen-1030x1030.jpg 1030w, https:\/\/www.galerie-metzger.de\/wp-content\/uploads\/2024\/02\/Nao-Kikuchi-Herzbergerstr.-4-galerie-metzger-gallery-ceramic-art-angewandte-Kunst-kaufen-690x690.jpg 690w, https:\/\/www.galerie-metzger.de\/wp-content\/uploads\/2024\/02\/Nao-Kikuchi-Herzbergerstr.-4-galerie-metzger-gallery-ceramic-art-angewandte-Kunst-kaufen-80x80.jpg 80w, https:\/\/www.galerie-metzger.de\/wp-content\/uploads\/2024\/02\/Nao-Kikuchi-Herzbergerstr.-4-galerie-metzger-gallery-ceramic-art-angewandte-Kunst-kaufen-768x768.jpg 768w, https:\/\/www.galerie-metzger.de\/wp-content\/uploads\/2024\/02\/Nao-Kikuchi-Herzbergerstr.-4-galerie-metzger-gallery-ceramic-art-angewandte-Kunst-kaufen-1536x1536.jpg 1536w, https:\/\/www.galerie-metzger.de\/wp-content\/uploads\/2024\/02\/Nao-Kikuchi-Herzbergerstr.-4-galerie-metzger-gallery-ceramic-art-angewandte-Kunst-kaufen-2048x2048.jpg 2048w, https:\/\/www.galerie-metzger.de\/wp-content\/uploads\/2024\/02\/Nao-Kikuchi-Herzbergerstr.-4-galerie-metzger-gallery-ceramic-art-angewandte-Kunst-kaufen-36x36.jpg 36w, https:\/\/www.galerie-metzger.de\/wp-content\/uploads\/2024\/02\/Nao-Kikuchi-Herzbergerstr.-4-galerie-metzger-gallery-ceramic-art-angewandte-Kunst-kaufen-180x180.jpg 180w, https:\/\/www.galerie-metzger.de\/wp-content\/uploads\/2024\/02\/Nao-Kikuchi-Herzbergerstr.-4-galerie-metzger-gallery-ceramic-art-angewandte-Kunst-kaufen-1500x1500.jpg 1500w, https:\/\/www.galerie-metzger.de\/wp-content\/uploads\/2024\/02\/Nao-Kikuchi-Herzbergerstr.-4-galerie-metzger-gallery-ceramic-art-angewandte-Kunst-kaufen-705x705.jpg 705w\" data-sizes=\"(max-width: 1030px) 100vw, 1030px\" class='avia_image' ><div class=\"av-image-caption-overlay\"><div class=\"av-caption-image-overlay-bg\"><\/div><div class=\"av-image-caption-overlay-position\"><div class=\"av-image-caption-overlay-center\"><p>Nao Kikuchi \u2013 Herzbergerstra\u00dfe #4 \u2013 2024, 24\u00d735,8\u00d74 cm, Foto: Manuel Carreon Lopez<\/p>\n<\/div><\/div><\/div><img decoding=\"async\" class='wp-image-12161 avia-img-lazy-loading-not-12161 avia_image ' src=\"https:\/\/www.galerie-metzger.de\/wp-content\/uploads\/2024\/02\/Nao-Kikuchi-Herzbergerstr.-4-galerie-metzger-gallery-ceramic-art-angewandte-Kunst-kaufen-690x690.jpg\" alt='Nao Kikuchi - Herzbergerstr. #4' title='Nao Kikuchi - Herzbergerstr. #4'  height=\"690\" width=\"690\" srcset=\"https:\/\/www.galerie-metzger.de\/wp-content\/uploads\/2024\/02\/Nao-Kikuchi-Herzbergerstr.-4-galerie-metzger-gallery-ceramic-art-angewandte-Kunst-kaufen-690x690.jpg 690w, https:\/\/www.galerie-metzger.de\/wp-content\/uploads\/2024\/02\/Nao-Kikuchi-Herzbergerstr.-4-galerie-metzger-gallery-ceramic-art-angewandte-Kunst-kaufen-1030x1030.jpg 1030w, https:\/\/www.galerie-metzger.de\/wp-content\/uploads\/2024\/02\/Nao-Kikuchi-Herzbergerstr.-4-galerie-metzger-gallery-ceramic-art-angewandte-Kunst-kaufen-80x80.jpg 80w, https:\/\/www.galerie-metzger.de\/wp-content\/uploads\/2024\/02\/Nao-Kikuchi-Herzbergerstr.-4-galerie-metzger-gallery-ceramic-art-angewandte-Kunst-kaufen-768x768.jpg 768w, https:\/\/www.galerie-metzger.de\/wp-content\/uploads\/2024\/02\/Nao-Kikuchi-Herzbergerstr.-4-galerie-metzger-gallery-ceramic-art-angewandte-Kunst-kaufen-1536x1536.jpg 1536w, https:\/\/www.galerie-metzger.de\/wp-content\/uploads\/2024\/02\/Nao-Kikuchi-Herzbergerstr.-4-galerie-metzger-gallery-ceramic-art-angewandte-Kunst-kaufen-2048x2048.jpg 2048w, https:\/\/www.galerie-metzger.de\/wp-content\/uploads\/2024\/02\/Nao-Kikuchi-Herzbergerstr.-4-galerie-metzger-gallery-ceramic-art-angewandte-Kunst-kaufen-36x36.jpg 36w, https:\/\/www.galerie-metzger.de\/wp-content\/uploads\/2024\/02\/Nao-Kikuchi-Herzbergerstr.-4-galerie-metzger-gallery-ceramic-art-angewandte-Kunst-kaufen-180x180.jpg 180w, https:\/\/www.galerie-metzger.de\/wp-content\/uploads\/2024\/02\/Nao-Kikuchi-Herzbergerstr.-4-galerie-metzger-gallery-ceramic-art-angewandte-Kunst-kaufen-1500x1500.jpg 1500w, https:\/\/www.galerie-metzger.de\/wp-content\/uploads\/2024\/02\/Nao-Kikuchi-Herzbergerstr.-4-galerie-metzger-gallery-ceramic-art-angewandte-Kunst-kaufen-705x705.jpg 705w\" sizes=\"(max-width: 690px) 100vw, 690px\" \/><\/a><\/div><\/div><\/div><br \/>\n<section  class='av_textblock_section av-lrywbitz-1d1ea5d8b2d130c4d01fcacd1c13ba13' ><div class='avia_textblock jo_werk_anfrage' ><p><a class=\"anfrage\" href=\"mailto:info@galerie-metzger.de?subject=Nao%20Kikuchi%20Herzbergerstra%C3%9Fe%20#4%20\">request information<\/a><\/p>\n<\/div><\/section><\/p><\/div><div class='av-flex-placeholder'><\/div>\n<style type=\"text\/css\" data-created_by=\"avia_inline_auto\" id=\"style-css-av-43l4jp0-73878e44789b4484abe8fbde323eb67c\">\n.flex_column.av-43l4jp0-73878e44789b4484abe8fbde323eb67c{\n-webkit-border-radius:0px 0px 0px 0px;\n-moz-border-radius:0px 0px 0px 0px;\nborder-radius:0px 0px 0px 0px;\n}\n<\/style>\n<div class='flex_column av-43l4jp0-73878e44789b4484abe8fbde323eb67c av_one_half  avia-builder-el-47  el_after_av_one_half  el_before_av_one_full  jo_pf_bild_bg flex_column_table_cell av-equal-height-column av-align-top av-animated-generic fade-in av-zero-column-padding column-top-margin'     ><p>\n<style type=\"text\/css\" data-created_by=\"avia_inline_auto\" id=\"style-css-av-lrywcy65-bd3c7403c19436db5e93f025b0d2c0cb\">\n.avia-image-container.av-lrywcy65-bd3c7403c19436db5e93f025b0d2c0cb img.avia_image{\nbox-shadow:none;\n}\n.avia-image-container.av-lrywcy65-bd3c7403c19436db5e93f025b0d2c0cb .av-caption-image-overlay-bg{\nopacity:0.4;\n}\n<\/style>\n<div  class='avia-image-container av-lrywcy65-bd3c7403c19436db5e93f025b0d2c0cb av-styling-no-styling avia_animated_image av-animated-when-visible-95 fade-in avia-align-left  avia-builder-el-48  el_before_av_textblock  avia-builder-el-first  jo_pf_bild noHover av-overlay-hover-deactivate'  ><div class=\"avia-image-container-inner\"><div class=\"avia-image-overlay-wrap\"><a href=\"https:\/\/www.galerie-metzger.de\/wp-content\/uploads\/2024\/01\/Nao-Kikuchi-Schillerstrasse-8-galerie-metzger-gallery-ceramic-art-object-keramik-kunst-kaufen-1030x1030.jpg\" data-srcset=\"https:\/\/www.galerie-metzger.de\/wp-content\/uploads\/2024\/01\/Nao-Kikuchi-Schillerstrasse-8-galerie-metzger-gallery-ceramic-art-object-keramik-kunst-kaufen-1030x1030.jpg 1030w, https:\/\/www.galerie-metzger.de\/wp-content\/uploads\/2024\/01\/Nao-Kikuchi-Schillerstrasse-8-galerie-metzger-gallery-ceramic-art-object-keramik-kunst-kaufen-690x690.jpg 690w, https:\/\/www.galerie-metzger.de\/wp-content\/uploads\/2024\/01\/Nao-Kikuchi-Schillerstrasse-8-galerie-metzger-gallery-ceramic-art-object-keramik-kunst-kaufen-80x80.jpg 80w, https:\/\/www.galerie-metzger.de\/wp-content\/uploads\/2024\/01\/Nao-Kikuchi-Schillerstrasse-8-galerie-metzger-gallery-ceramic-art-object-keramik-kunst-kaufen-768x768.jpg 768w, https:\/\/www.galerie-metzger.de\/wp-content\/uploads\/2024\/01\/Nao-Kikuchi-Schillerstrasse-8-galerie-metzger-gallery-ceramic-art-object-keramik-kunst-kaufen-1536x1536.jpg 1536w, https:\/\/www.galerie-metzger.de\/wp-content\/uploads\/2024\/01\/Nao-Kikuchi-Schillerstrasse-8-galerie-metzger-gallery-ceramic-art-object-keramik-kunst-kaufen-2048x2048.jpg 2048w, https:\/\/www.galerie-metzger.de\/wp-content\/uploads\/2024\/01\/Nao-Kikuchi-Schillerstrasse-8-galerie-metzger-gallery-ceramic-art-object-keramik-kunst-kaufen-36x36.jpg 36w, https:\/\/www.galerie-metzger.de\/wp-content\/uploads\/2024\/01\/Nao-Kikuchi-Schillerstrasse-8-galerie-metzger-gallery-ceramic-art-object-keramik-kunst-kaufen-180x180.jpg 180w, https:\/\/www.galerie-metzger.de\/wp-content\/uploads\/2024\/01\/Nao-Kikuchi-Schillerstrasse-8-galerie-metzger-gallery-ceramic-art-object-keramik-kunst-kaufen-1500x1500.jpg 1500w, https:\/\/www.galerie-metzger.de\/wp-content\/uploads\/2024\/01\/Nao-Kikuchi-Schillerstrasse-8-galerie-metzger-gallery-ceramic-art-object-keramik-kunst-kaufen-705x705.jpg 705w\" data-sizes=\"(max-width: 1030px) 100vw, 1030px\" class='avia_image' ><div class=\"av-image-caption-overlay\"><div class=\"av-caption-image-overlay-bg\"><\/div><div class=\"av-image-caption-overlay-position\"><div class=\"av-image-caption-overlay-center\"><p>Nao Kikuchi \u2013 Schillerstra\u00dfe #8 \u2013 2023, 27\u00d733.5\u00d72.7 cm, Foto: Manuel Carreon Lopez<\/p>\n<\/div><\/div><\/div><img decoding=\"async\" class='wp-image-12026 avia-img-lazy-loading-not-12026 avia_image ' src=\"https:\/\/www.galerie-metzger.de\/wp-content\/uploads\/2024\/01\/Nao-Kikuchi-Schillerstrasse-8-galerie-metzger-gallery-ceramic-art-object-keramik-kunst-kaufen-690x690.jpg\" alt='Nao Kikuchi - Schillerstra\u00dfe #8' title='Nao Kikuchi - Schillerstra\u00dfe #8'  height=\"690\" width=\"690\" srcset=\"https:\/\/www.galerie-metzger.de\/wp-content\/uploads\/2024\/01\/Nao-Kikuchi-Schillerstrasse-8-galerie-metzger-gallery-ceramic-art-object-keramik-kunst-kaufen-690x690.jpg 690w, https:\/\/www.galerie-metzger.de\/wp-content\/uploads\/2024\/01\/Nao-Kikuchi-Schillerstrasse-8-galerie-metzger-gallery-ceramic-art-object-keramik-kunst-kaufen-1030x1030.jpg 1030w, https:\/\/www.galerie-metzger.de\/wp-content\/uploads\/2024\/01\/Nao-Kikuchi-Schillerstrasse-8-galerie-metzger-gallery-ceramic-art-object-keramik-kunst-kaufen-80x80.jpg 80w, https:\/\/www.galerie-metzger.de\/wp-content\/uploads\/2024\/01\/Nao-Kikuchi-Schillerstrasse-8-galerie-metzger-gallery-ceramic-art-object-keramik-kunst-kaufen-768x768.jpg 768w, https:\/\/www.galerie-metzger.de\/wp-content\/uploads\/2024\/01\/Nao-Kikuchi-Schillerstrasse-8-galerie-metzger-gallery-ceramic-art-object-keramik-kunst-kaufen-1536x1536.jpg 1536w, https:\/\/www.galerie-metzger.de\/wp-content\/uploads\/2024\/01\/Nao-Kikuchi-Schillerstrasse-8-galerie-metzger-gallery-ceramic-art-object-keramik-kunst-kaufen-2048x2048.jpg 2048w, https:\/\/www.galerie-metzger.de\/wp-content\/uploads\/2024\/01\/Nao-Kikuchi-Schillerstrasse-8-galerie-metzger-gallery-ceramic-art-object-keramik-kunst-kaufen-36x36.jpg 36w, https:\/\/www.galerie-metzger.de\/wp-content\/uploads\/2024\/01\/Nao-Kikuchi-Schillerstrasse-8-galerie-metzger-gallery-ceramic-art-object-keramik-kunst-kaufen-180x180.jpg 180w, https:\/\/www.galerie-metzger.de\/wp-content\/uploads\/2024\/01\/Nao-Kikuchi-Schillerstrasse-8-galerie-metzger-gallery-ceramic-art-object-keramik-kunst-kaufen-1500x1500.jpg 1500w, https:\/\/www.galerie-metzger.de\/wp-content\/uploads\/2024\/01\/Nao-Kikuchi-Schillerstrasse-8-galerie-metzger-gallery-ceramic-art-object-keramik-kunst-kaufen-705x705.jpg 705w\" sizes=\"(max-width: 690px) 100vw, 690px\" \/><\/a><\/div><\/div><\/div><br \/>\n<section  class='av_textblock_section av-lrywd9lv-ebed078f8d08412b510c27a99b11443a' ><div class='avia_textblock jo_werk_anfrage' ><p><a class=\"anfrage\" href=\"mailto:info@galerie-metzger.de?subject=Nao%20Kikuchi%20Schillerstra%C3%9Fe%20#8%20\">request information<\/a><\/p>\n<\/div><\/section><\/p><\/div><\/div><!--close column table wrapper. Autoclose: 1 --><div class='flex_column_table av-czm3qs-13375676754451d748eddf5f7816b72e sc-av_one_full av-equal-height-column-flextable'>\n<style type=\"text\/css\" data-created_by=\"avia_inline_auto\" id=\"style-css-av-czm3qs-13375676754451d748eddf5f7816b72e\">\n.flex_column.av-czm3qs-13375676754451d748eddf5f7816b72e{\n-webkit-border-radius:0px 0px 0px 0px;\n-moz-border-radius:0px 0px 0px 0px;\nborder-radius:0px 0px 0px 0px;\n}\n<\/style>\n<div class='flex_column av-czm3qs-13375676754451d748eddf5f7816b72e av_one_full  avia-builder-el-50  el_after_av_one_half  el_before_av_one_third  jo_col_empty first flex_column_table_cell av-equal-height-column av-align-top av-animated-generic fade-in av-zero-column-padding column-top-margin'     ><section  class='av_textblock_section av-32jb55g-94b84aaa4b4948dc384a685757299a64' ><div class='avia_textblock' ><p>invisible placeholder<\/p>\n<\/div><\/section><\/div><\/div><!--close column table wrapper. Autoclose: 1 --><div class='flex_column_table av-2zx6ies-1993cdf40ace05621a3c7a3a0e694505 sc-av_one_third av-equal-height-column-flextable'>\n<style type=\"text\/css\" data-created_by=\"avia_inline_auto\" id=\"style-css-av-2zx6ies-1993cdf40ace05621a3c7a3a0e694505\">\n.flex_column.av-2zx6ies-1993cdf40ace05621a3c7a3a0e694505{\n-webkit-border-radius:0px 0px 0px 0px;\n-moz-border-radius:0px 0px 0px 0px;\nborder-radius:0px 0px 0px 0px;\n}\n<\/style>\n<div class='flex_column av-2zx6ies-1993cdf40ace05621a3c7a3a0e694505 av_one_third  avia-builder-el-52  el_after_av_one_full  el_before_av_two_third  jhd-no-margin-top first flex_column_table_cell av-equal-height-column av-align-middle av-animated-generic fade-in av-zero-column-padding column-top-margin'     ><section  class='av_textblock_section av-2r160r8-02d4e450f3ab9c561793903b4ec260f3' ><div class='avia_textblock' ><p><strong>Klaus Lehmann<\/strong><\/p>\n<p>\u00abThat one can only achieve if one has nothing left to prove.\u00bb \u00b9<\/p>\n<p><em>Theodor W. Ardorno<\/em><br \/>\n\u00b9 Adorno: Minima Moralia<\/p>\n<\/div><\/section><\/div><div class='av-flex-placeholder'><\/div>\n<style type=\"text\/css\" data-created_by=\"avia_inline_auto\" id=\"style-css-av-29r4bx0-2bffe0dcdf2cece2e8d8046cc7d92709\">\n.flex_column.av-29r4bx0-2bffe0dcdf2cece2e8d8046cc7d92709{\n-webkit-border-radius:0px 0px 0px 0px;\n-moz-border-radius:0px 0px 0px 0px;\nborder-radius:0px 0px 0px 0px;\n}\n<\/style>\n<div class='flex_column av-29r4bx0-2bffe0dcdf2cece2e8d8046cc7d92709 av_two_third  avia-builder-el-54  el_after_av_one_third  el_before_av_one_full  jo_pf_bild_bg flex_column_table_cell av-equal-height-column av-align-middle av-animated-generic fade-in av-zero-column-padding column-top-margin'     ><p>\n<style type=\"text\/css\" data-created_by=\"avia_inline_auto\" id=\"style-css-av-lrnmg83h-c08dcb089b9c2ea334edeab818bf9e4d\">\n.avia-image-container.av-lrnmg83h-c08dcb089b9c2ea334edeab818bf9e4d img.avia_image{\nbox-shadow:none;\n}\n.avia-image-container.av-lrnmg83h-c08dcb089b9c2ea334edeab818bf9e4d .av-caption-image-overlay-bg{\nopacity:0.4;\n}\n<\/style>\n<div  class='avia-image-container av-lrnmg83h-c08dcb089b9c2ea334edeab818bf9e4d av-styling-no-styling avia_animated_image av-animated-when-visible-95 fade-in avia-align-left  avia-builder-el-55  el_before_av_textblock  avia-builder-el-first  jo_pf_bild noHover av-overlay-hover-deactivate'  ><div class=\"avia-image-container-inner\"><div class=\"avia-image-overlay-wrap\"><a href=\"https:\/\/www.galerie-metzger.de\/wp-content\/uploads\/2018\/08\/Klaus-Lehmann-2008-8-untitled-gallery-metzger-sculpture-galerie-metzger-collect-saatchi-gallery-Foto-Klaus-Hoefges-1600x1600.jpg\" data-srcset=\"https:\/\/www.galerie-metzger.de\/wp-content\/uploads\/2018\/08\/Klaus-Lehmann-2008-8-untitled-gallery-metzger-sculpture-galerie-metzger-collect-saatchi-gallery-Foto-Klaus-Hoefges-1600x1600.jpg 1600w, https:\/\/www.galerie-metzger.de\/wp-content\/uploads\/2018\/08\/Klaus-Lehmann-2008-8-untitled-gallery-metzger-sculpture-galerie-metzger-collect-saatchi-gallery-Foto-Klaus-Hoefges-120x120.jpg 120w, https:\/\/www.galerie-metzger.de\/wp-content\/uploads\/2018\/08\/Klaus-Lehmann-2008-8-untitled-gallery-metzger-sculpture-galerie-metzger-collect-saatchi-gallery-Foto-Klaus-Hoefges-400x400.jpg 400w, https:\/\/www.galerie-metzger.de\/wp-content\/uploads\/2018\/08\/Klaus-Lehmann-2008-8-untitled-gallery-metzger-sculpture-galerie-metzger-collect-saatchi-gallery-Foto-Klaus-Hoefges-768x768.jpg 768w, https:\/\/www.galerie-metzger.de\/wp-content\/uploads\/2018\/08\/Klaus-Lehmann-2008-8-untitled-gallery-metzger-sculpture-galerie-metzger-collect-saatchi-gallery-Foto-Klaus-Hoefges-36x36.jpg 36w, https:\/\/www.galerie-metzger.de\/wp-content\/uploads\/2018\/08\/Klaus-Lehmann-2008-8-untitled-gallery-metzger-sculpture-galerie-metzger-collect-saatchi-gallery-Foto-Klaus-Hoefges-180x180.jpg 180w, https:\/\/www.galerie-metzger.de\/wp-content\/uploads\/2018\/08\/Klaus-Lehmann-2008-8-untitled-gallery-metzger-sculpture-galerie-metzger-collect-saatchi-gallery-Foto-Klaus-Hoefges-1500x1500.jpg 1500w, https:\/\/www.galerie-metzger.de\/wp-content\/uploads\/2018\/08\/Klaus-Lehmann-2008-8-untitled-gallery-metzger-sculpture-galerie-metzger-collect-saatchi-gallery-Foto-Klaus-Hoefges-705x705.jpg 705w, https:\/\/www.galerie-metzger.de\/wp-content\/uploads\/2018\/08\/Klaus-Lehmann-2008-8-untitled-gallery-metzger-sculpture-galerie-metzger-collect-saatchi-gallery-Foto-Klaus-Hoefges-450x450.jpg 450w\" data-sizes=\"(max-width: 1030px) 100vw, 1030px\" class='avia_image' ><div class=\"av-image-caption-overlay\"><div class=\"av-caption-image-overlay-bg\"><\/div><div class=\"av-image-caption-overlay-position\"><div class=\"av-image-caption-overlay-center\"><p>Klaus Lehmann \u2013 Bild von der Opferst\u00e4tte \u2013 2008, 27x28x27 cm, Foto: Klaus H\u00f6fges<\/p>\n<\/div><\/div><\/div><img decoding=\"async\" class='wp-image-6252 avia-img-lazy-loading-not-6252 avia_image ' src=\"https:\/\/www.galerie-metzger.de\/wp-content\/uploads\/2018\/08\/Klaus-Lehmann-2008-8-untitled-gallery-metzger-sculpture-galerie-metzger-collect-saatchi-gallery-Foto-Klaus-Hoefges-1600x1600.jpg\" alt='Klaus-Lehmann \u2013\u00a0untitled \u2013 2008 \u2013\u00a0Gallery Metzger \u2013\u00a0sculpture ceramic Collect 2019 Saatchi gallery \u2013\u00a0Foto-Klaus Hoefges' title='Klaus-Lehmann \u2013\u00a0untitled \u2013 2008'  height=\"1030\" width=\"1030\" srcset=\"https:\/\/www.galerie-metzger.de\/wp-content\/uploads\/2018\/08\/Klaus-Lehmann-2008-8-untitled-gallery-metzger-sculpture-galerie-metzger-collect-saatchi-gallery-Foto-Klaus-Hoefges-1600x1600.jpg 1600w, https:\/\/www.galerie-metzger.de\/wp-content\/uploads\/2018\/08\/Klaus-Lehmann-2008-8-untitled-gallery-metzger-sculpture-galerie-metzger-collect-saatchi-gallery-Foto-Klaus-Hoefges-120x120.jpg 120w, https:\/\/www.galerie-metzger.de\/wp-content\/uploads\/2018\/08\/Klaus-Lehmann-2008-8-untitled-gallery-metzger-sculpture-galerie-metzger-collect-saatchi-gallery-Foto-Klaus-Hoefges-400x400.jpg 400w, https:\/\/www.galerie-metzger.de\/wp-content\/uploads\/2018\/08\/Klaus-Lehmann-2008-8-untitled-gallery-metzger-sculpture-galerie-metzger-collect-saatchi-gallery-Foto-Klaus-Hoefges-768x768.jpg 768w, https:\/\/www.galerie-metzger.de\/wp-content\/uploads\/2018\/08\/Klaus-Lehmann-2008-8-untitled-gallery-metzger-sculpture-galerie-metzger-collect-saatchi-gallery-Foto-Klaus-Hoefges-36x36.jpg 36w, https:\/\/www.galerie-metzger.de\/wp-content\/uploads\/2018\/08\/Klaus-Lehmann-2008-8-untitled-gallery-metzger-sculpture-galerie-metzger-collect-saatchi-gallery-Foto-Klaus-Hoefges-180x180.jpg 180w, https:\/\/www.galerie-metzger.de\/wp-content\/uploads\/2018\/08\/Klaus-Lehmann-2008-8-untitled-gallery-metzger-sculpture-galerie-metzger-collect-saatchi-gallery-Foto-Klaus-Hoefges-1500x1500.jpg 1500w, https:\/\/www.galerie-metzger.de\/wp-content\/uploads\/2018\/08\/Klaus-Lehmann-2008-8-untitled-gallery-metzger-sculpture-galerie-metzger-collect-saatchi-gallery-Foto-Klaus-Hoefges-705x705.jpg 705w, https:\/\/www.galerie-metzger.de\/wp-content\/uploads\/2018\/08\/Klaus-Lehmann-2008-8-untitled-gallery-metzger-sculpture-galerie-metzger-collect-saatchi-gallery-Foto-Klaus-Hoefges-450x450.jpg 450w\" sizes=\"(max-width: 1030px) 100vw, 1030px\" \/><\/a><\/div><\/div><\/div><br \/>\n<section  class='av_textblock_section av-lrnmm4wg-9e58e530cedf2bd0391eb98722d10f58' ><div class='avia_textblock jo_werk_anfrage sehr lang' ><p><a class=\"anfrage\" href=\"mailto:info@galerie-metzger.de?subject=Klaus%20Lehmann%20Bild%20von%20einer%20Opferst%C3%A4tte\">request information<\/a><\/p>\n<\/div><\/section><\/p><\/div><\/div><!--close column table wrapper. Autoclose: 1 --><div class='flex_column_table av-111xxsn-7a730981d9be0be6828b4bb9adef2f77 sc-av_one_full av-equal-height-column-flextable'>\n<style type=\"text\/css\" data-created_by=\"avia_inline_auto\" id=\"style-css-av-111xxsn-7a730981d9be0be6828b4bb9adef2f77\">\n.flex_column.av-111xxsn-7a730981d9be0be6828b4bb9adef2f77{\n-webkit-border-radius:0px 0px 0px 0px;\n-moz-border-radius:0px 0px 0px 0px;\nborder-radius:0px 0px 0px 0px;\n}\n<\/style>\n<div class='flex_column av-111xxsn-7a730981d9be0be6828b4bb9adef2f77 av_one_full  avia-builder-el-57  el_after_av_two_third  el_before_av_one_third  jo_col_empty first flex_column_table_cell av-equal-height-column av-align-top av-animated-generic fade-in av-zero-column-padding column-top-margin'     ><section  class='av_textblock_section av-t3t0gn-ccca6e81835bdca31b50fe0b1539344a' ><div class='avia_textblock' ><p>invisible placeholder<\/p>\n<\/div><\/section><\/div><\/div><!--close column table wrapper. Autoclose: 1 --><div class='flex_column_table av-1kocrck-3469da08a20dc18f475b7a41bb6154c1 sc-av_one_third av-equal-height-column-flextable'>\n<style type=\"text\/css\" data-created_by=\"avia_inline_auto\" id=\"style-css-av-1kocrck-3469da08a20dc18f475b7a41bb6154c1\">\n.flex_column.av-1kocrck-3469da08a20dc18f475b7a41bb6154c1{\n-webkit-border-radius:0px 0px 0px 0px;\n-moz-border-radius:0px 0px 0px 0px;\nborder-radius:0px 0px 0px 0px;\n}\n<\/style>\n<div class='flex_column av-1kocrck-3469da08a20dc18f475b7a41bb6154c1 av_one_third  avia-builder-el-59  el_after_av_one_full  el_before_av_one_third  jo_pf_bild_bg first flex_column_table_cell av-equal-height-column av-align-bottom av-animated-generic fade-in av-zero-column-padding column-top-margin'     ><p>\n<style type=\"text\/css\" data-created_by=\"avia_inline_auto\" id=\"style-css-av-17jv5o4-29ee9fa551af314dad9d0d241ec9edc8\">\n.avia-image-container.av-17jv5o4-29ee9fa551af314dad9d0d241ec9edc8 img.avia_image{\nbox-shadow:none;\n}\n.avia-image-container.av-17jv5o4-29ee9fa551af314dad9d0d241ec9edc8 .av-caption-image-overlay-bg{\nopacity:0.4;\n}\n<\/style>\n<div  class='avia-image-container av-17jv5o4-29ee9fa551af314dad9d0d241ec9edc8 av-styling-no-styling avia_animated_image av-animated-when-visible-95 fade-in avia-align-left  avia-builder-el-60  el_before_av_textblock  avia-builder-el-first  jo_pf_bild noHover av-overlay-hover-deactivate'  ><div class=\"avia-image-container-inner\"><div class=\"avia-image-overlay-wrap\"><a href=\"https:\/\/www.galerie-metzger.de\/wp-content\/uploads\/2024\/01\/Klaus-Lehmann-o.T.-Farbstudie-mitte-der-1990er-Jahre-galerie-metzger-gallery-kunst-kaufen-781x1030.jpg\" data-srcset=\"https:\/\/www.galerie-metzger.de\/wp-content\/uploads\/2024\/01\/Klaus-Lehmann-o.T.-Farbstudie-mitte-der-1990er-Jahre-galerie-metzger-gallery-kunst-kaufen-781x1030.jpg 781w, https:\/\/www.galerie-metzger.de\/wp-content\/uploads\/2024\/01\/Klaus-Lehmann-o.T.-Farbstudie-mitte-der-1990er-Jahre-galerie-metzger-gallery-kunst-kaufen-690x910.jpg 690w, https:\/\/www.galerie-metzger.de\/wp-content\/uploads\/2024\/01\/Klaus-Lehmann-o.T.-Farbstudie-mitte-der-1990er-Jahre-galerie-metzger-gallery-kunst-kaufen-768x1013.jpg 768w, https:\/\/www.galerie-metzger.de\/wp-content\/uploads\/2024\/01\/Klaus-Lehmann-o.T.-Farbstudie-mitte-der-1990er-Jahre-galerie-metzger-gallery-kunst-kaufen-1165x1536.jpg 1165w, https:\/\/www.galerie-metzger.de\/wp-content\/uploads\/2024\/01\/Klaus-Lehmann-o.T.-Farbstudie-mitte-der-1990er-Jahre-galerie-metzger-gallery-kunst-kaufen-1553x2048.jpg 1553w, https:\/\/www.galerie-metzger.de\/wp-content\/uploads\/2024\/01\/Klaus-Lehmann-o.T.-Farbstudie-mitte-der-1990er-Jahre-galerie-metzger-gallery-kunst-kaufen-1138x1500.jpg 1138w, https:\/\/www.galerie-metzger.de\/wp-content\/uploads\/2024\/01\/Klaus-Lehmann-o.T.-Farbstudie-mitte-der-1990er-Jahre-galerie-metzger-gallery-kunst-kaufen-535x705.jpg 535w, https:\/\/www.galerie-metzger.de\/wp-content\/uploads\/2024\/01\/Klaus-Lehmann-o.T.-Farbstudie-mitte-der-1990er-Jahre-galerie-metzger-gallery-kunst-kaufen-scaled.jpg 1942w\" data-sizes=\"(max-width: 781px) 100vw, 781px\" class='avia_image' ><div class=\"av-image-caption-overlay\"><div class=\"av-caption-image-overlay-bg\"><\/div><div class=\"av-image-caption-overlay-position\"><div class=\"av-image-caption-overlay-center\"><p>Klaus Lehmann \u2013 Color study \u2013 Mitte der 1990er Jahre, 23,5&#215;18 cm, Scan: Edi Baumann<\/p>\n<\/div><\/div><\/div><img decoding=\"async\" class='wp-image-11994 avia-img-lazy-loading-not-11994 avia_image ' src=\"https:\/\/www.galerie-metzger.de\/wp-content\/uploads\/2024\/01\/Klaus-Lehmann-o.T.-Farbstudie-mitte-der-1990er-Jahre-galerie-metzger-gallery-kunst-kaufen-690x910.jpg\" alt='Klaus Lehmann - untiled., Color study from the mid-1990s' title='Klaus Lehmann - untitled, Color study from the mid-1990s'  height=\"910\" width=\"690\" srcset=\"https:\/\/www.galerie-metzger.de\/wp-content\/uploads\/2024\/01\/Klaus-Lehmann-o.T.-Farbstudie-mitte-der-1990er-Jahre-galerie-metzger-gallery-kunst-kaufen-690x910.jpg 690w, https:\/\/www.galerie-metzger.de\/wp-content\/uploads\/2024\/01\/Klaus-Lehmann-o.T.-Farbstudie-mitte-der-1990er-Jahre-galerie-metzger-gallery-kunst-kaufen-781x1030.jpg 781w, https:\/\/www.galerie-metzger.de\/wp-content\/uploads\/2024\/01\/Klaus-Lehmann-o.T.-Farbstudie-mitte-der-1990er-Jahre-galerie-metzger-gallery-kunst-kaufen-768x1013.jpg 768w, https:\/\/www.galerie-metzger.de\/wp-content\/uploads\/2024\/01\/Klaus-Lehmann-o.T.-Farbstudie-mitte-der-1990er-Jahre-galerie-metzger-gallery-kunst-kaufen-1165x1536.jpg 1165w, https:\/\/www.galerie-metzger.de\/wp-content\/uploads\/2024\/01\/Klaus-Lehmann-o.T.-Farbstudie-mitte-der-1990er-Jahre-galerie-metzger-gallery-kunst-kaufen-1553x2048.jpg 1553w, https:\/\/www.galerie-metzger.de\/wp-content\/uploads\/2024\/01\/Klaus-Lehmann-o.T.-Farbstudie-mitte-der-1990er-Jahre-galerie-metzger-gallery-kunst-kaufen-1138x1500.jpg 1138w, https:\/\/www.galerie-metzger.de\/wp-content\/uploads\/2024\/01\/Klaus-Lehmann-o.T.-Farbstudie-mitte-der-1990er-Jahre-galerie-metzger-gallery-kunst-kaufen-535x705.jpg 535w, https:\/\/www.galerie-metzger.de\/wp-content\/uploads\/2024\/01\/Klaus-Lehmann-o.T.-Farbstudie-mitte-der-1990er-Jahre-galerie-metzger-gallery-kunst-kaufen-scaled.jpg 1942w\" sizes=\"(max-width: 690px) 100vw, 690px\" \/><\/a><\/div><\/div><\/div><br \/>\n<section  class='av_textblock_section av-jll28k-cde96999549d99bfa2b8f859aa82275b' ><div class='avia_textblock jo_werk_anfrage lang' ><p><a class=\"anfrage\" href=\"mailto:info@galerie-metzger.de?subject=Klaus%20Lehmann%20Farbstudie\">request information<\/a><\/p>\n<\/div><\/section><\/p><\/div><div class='av-flex-placeholder'><\/div>\n<style type=\"text\/css\" data-created_by=\"avia_inline_auto\" id=\"style-css-av-48jk5p0-4e34383f5611cce370bcaf904d827648\">\n.flex_column.av-48jk5p0-4e34383f5611cce370bcaf904d827648{\n-webkit-border-radius:0px 0px 0px 0px;\n-moz-border-radius:0px 0px 0px 0px;\nborder-radius:0px 0px 0px 0px;\n}\n<\/style>\n<div class='flex_column av-48jk5p0-4e34383f5611cce370bcaf904d827648 av_one_third  avia-builder-el-62  el_after_av_one_third  el_before_av_one_third  jo_pf_bild_bg flex_column_table_cell av-equal-height-column av-align-bottom av-animated-generic fade-in av-zero-column-padding column-top-margin'     ><p>\n<style type=\"text\/css\" data-created_by=\"avia_inline_auto\" id=\"style-css-av-lrny68it-151eb8c6e766167f8df9efe4de180165\">\n.avia-image-container.av-lrny68it-151eb8c6e766167f8df9efe4de180165 img.avia_image{\nbox-shadow:none;\n}\n.avia-image-container.av-lrny68it-151eb8c6e766167f8df9efe4de180165 .av-caption-image-overlay-bg{\nopacity:0.4;\n}\n<\/style>\n<div  class='avia-image-container av-lrny68it-151eb8c6e766167f8df9efe4de180165 av-styling-no-styling avia_animated_image av-animated-when-visible-95 fade-in avia-align-left  avia-builder-el-63  el_before_av_textblock  avia-builder-el-first  jo_pf_bild noHover av-overlay-hover-deactivate'  ><div class=\"avia-image-container-inner\"><div class=\"avia-image-overlay-wrap\"><a href=\"https:\/\/www.galerie-metzger.de\/wp-content\/uploads\/2024\/01\/Klaus-Lehmann-o.T.-Farbstudie-mitte-der-1990er-Jahre-galerie-metzger-gallery-kunst-kaufen-aschaffenburg-sculpture-695x1030.jpg\" data-srcset=\"https:\/\/www.galerie-metzger.de\/wp-content\/uploads\/2024\/01\/Klaus-Lehmann-o.T.-Farbstudie-mitte-der-1990er-Jahre-galerie-metzger-gallery-kunst-kaufen-aschaffenburg-sculpture-695x1030.jpg 695w, https:\/\/www.galerie-metzger.de\/wp-content\/uploads\/2024\/01\/Klaus-Lehmann-o.T.-Farbstudie-mitte-der-1990er-Jahre-galerie-metzger-gallery-kunst-kaufen-aschaffenburg-sculpture-690x1023.jpg 690w, https:\/\/www.galerie-metzger.de\/wp-content\/uploads\/2024\/01\/Klaus-Lehmann-o.T.-Farbstudie-mitte-der-1990er-Jahre-galerie-metzger-gallery-kunst-kaufen-aschaffenburg-sculpture-768x1139.jpg 768w, https:\/\/www.galerie-metzger.de\/wp-content\/uploads\/2024\/01\/Klaus-Lehmann-o.T.-Farbstudie-mitte-der-1990er-Jahre-galerie-metzger-gallery-kunst-kaufen-aschaffenburg-sculpture-1036x1536.jpg 1036w, https:\/\/www.galerie-metzger.de\/wp-content\/uploads\/2024\/01\/Klaus-Lehmann-o.T.-Farbstudie-mitte-der-1990er-Jahre-galerie-metzger-gallery-kunst-kaufen-aschaffenburg-sculpture-1381x2048.jpg 1381w, https:\/\/www.galerie-metzger.de\/wp-content\/uploads\/2024\/01\/Klaus-Lehmann-o.T.-Farbstudie-mitte-der-1990er-Jahre-galerie-metzger-gallery-kunst-kaufen-aschaffenburg-sculpture-1012x1500.jpg 1012w, https:\/\/www.galerie-metzger.de\/wp-content\/uploads\/2024\/01\/Klaus-Lehmann-o.T.-Farbstudie-mitte-der-1990er-Jahre-galerie-metzger-gallery-kunst-kaufen-aschaffenburg-sculpture-476x705.jpg 476w, https:\/\/www.galerie-metzger.de\/wp-content\/uploads\/2024\/01\/Klaus-Lehmann-o.T.-Farbstudie-mitte-der-1990er-Jahre-galerie-metzger-gallery-kunst-kaufen-aschaffenburg-sculpture-scaled.jpg 1727w\" data-sizes=\"(max-width: 695px) 100vw, 695px\" class='avia_image' ><div class=\"av-image-caption-overlay\"><div class=\"av-caption-image-overlay-bg\"><\/div><div class=\"av-image-caption-overlay-position\"><div class=\"av-image-caption-overlay-center\"><p>Klaus Lehmann \u2013 Color study \u2013 Mitte der 1990er Jahre, 23,5&#215;16 cm, Scan: Edi Baumann<\/p>\n<\/div><\/div><\/div><img decoding=\"async\" class='wp-image-11998 avia-img-lazy-loading-not-11998 avia_image ' src=\"https:\/\/www.galerie-metzger.de\/wp-content\/uploads\/2024\/01\/Klaus-Lehmann-o.T.-Farbstudie-mitte-der-1990er-Jahre-galerie-metzger-gallery-kunst-kaufen-aschaffenburg-sculpture-690x1023.jpg\" alt='Klaus Lehmann - untitled,. Color study from the mid-1990s' title='Klaus Lehmann - untitled, Color study from the mid-1990s'  height=\"1023\" width=\"690\" srcset=\"https:\/\/www.galerie-metzger.de\/wp-content\/uploads\/2024\/01\/Klaus-Lehmann-o.T.-Farbstudie-mitte-der-1990er-Jahre-galerie-metzger-gallery-kunst-kaufen-aschaffenburg-sculpture-690x1023.jpg 690w, https:\/\/www.galerie-metzger.de\/wp-content\/uploads\/2024\/01\/Klaus-Lehmann-o.T.-Farbstudie-mitte-der-1990er-Jahre-galerie-metzger-gallery-kunst-kaufen-aschaffenburg-sculpture-695x1030.jpg 695w, https:\/\/www.galerie-metzger.de\/wp-content\/uploads\/2024\/01\/Klaus-Lehmann-o.T.-Farbstudie-mitte-der-1990er-Jahre-galerie-metzger-gallery-kunst-kaufen-aschaffenburg-sculpture-768x1139.jpg 768w, https:\/\/www.galerie-metzger.de\/wp-content\/uploads\/2024\/01\/Klaus-Lehmann-o.T.-Farbstudie-mitte-der-1990er-Jahre-galerie-metzger-gallery-kunst-kaufen-aschaffenburg-sculpture-1036x1536.jpg 1036w, https:\/\/www.galerie-metzger.de\/wp-content\/uploads\/2024\/01\/Klaus-Lehmann-o.T.-Farbstudie-mitte-der-1990er-Jahre-galerie-metzger-gallery-kunst-kaufen-aschaffenburg-sculpture-1381x2048.jpg 1381w, https:\/\/www.galerie-metzger.de\/wp-content\/uploads\/2024\/01\/Klaus-Lehmann-o.T.-Farbstudie-mitte-der-1990er-Jahre-galerie-metzger-gallery-kunst-kaufen-aschaffenburg-sculpture-1012x1500.jpg 1012w, https:\/\/www.galerie-metzger.de\/wp-content\/uploads\/2024\/01\/Klaus-Lehmann-o.T.-Farbstudie-mitte-der-1990er-Jahre-galerie-metzger-gallery-kunst-kaufen-aschaffenburg-sculpture-476x705.jpg 476w, https:\/\/www.galerie-metzger.de\/wp-content\/uploads\/2024\/01\/Klaus-Lehmann-o.T.-Farbstudie-mitte-der-1990er-Jahre-galerie-metzger-gallery-kunst-kaufen-aschaffenburg-sculpture-scaled.jpg 1727w\" sizes=\"(max-width: 690px) 100vw, 690px\" \/><\/a><\/div><\/div><\/div><br \/>\n<section  class='av_textblock_section av-3tzzkb8-a959af48f53ca5db0621e81168e23f95' ><div class='avia_textblock jo_werk_anfrage lang' ><p><a class=\"anfrage\" href=\"mailto:info@galerie-metzger.de?subject=Klaus%20Lehmann%20Farbstudie\">request information<\/a><\/p>\n<\/div><\/section><\/p><\/div><div class='av-flex-placeholder'><\/div>\n<style type=\"text\/css\" data-created_by=\"avia_inline_auto\" id=\"style-css-av-3l18h9w-37f49b76610c64e70050304db86c5bee\">\n.flex_column.av-3l18h9w-37f49b76610c64e70050304db86c5bee{\n-webkit-border-radius:0px 0px 0px 0px;\n-moz-border-radius:0px 0px 0px 0px;\nborder-radius:0px 0px 0px 0px;\n}\n<\/style>\n<div class='flex_column av-3l18h9w-37f49b76610c64e70050304db86c5bee av_one_third  avia-builder-el-65  el_after_av_one_third  el_before_av_one_full  jo_pf_bild_bg flex_column_table_cell av-equal-height-column av-align-bottom av-animated-generic fade-in av-zero-column-padding column-top-margin'     ><p>\n<style type=\"text\/css\" data-created_by=\"avia_inline_auto\" id=\"style-css-av-lrny72od-fc7d1cf5067585b00b463be0490253a0\">\n.avia-image-container.av-lrny72od-fc7d1cf5067585b00b463be0490253a0 img.avia_image{\nbox-shadow:none;\n}\n.avia-image-container.av-lrny72od-fc7d1cf5067585b00b463be0490253a0 .av-caption-image-overlay-bg{\nopacity:0.4;\n}\n<\/style>\n<div  class='avia-image-container av-lrny72od-fc7d1cf5067585b00b463be0490253a0 av-styling-no-styling avia_animated_image av-animated-when-visible-95 fade-in avia-align-left  avia-builder-el-66  el_before_av_textblock  avia-builder-el-first  jo_pf_bild noHover av-overlay-hover-deactivate'  ><div class=\"avia-image-container-inner\"><div class=\"avia-image-overlay-wrap\"><a href=\"https:\/\/www.galerie-metzger.de\/wp-content\/uploads\/2024\/01\/Klaus-Lehmann-o.T.-Farbstudie-mitte-der-1990er-Jahre-galerie-metzger-gallery-kunst-kaufen-sculpture-775x1030.jpg\" data-srcset=\"https:\/\/www.galerie-metzger.de\/wp-content\/uploads\/2024\/01\/Klaus-Lehmann-o.T.-Farbstudie-mitte-der-1990er-Jahre-galerie-metzger-gallery-kunst-kaufen-sculpture-775x1030.jpg 775w, https:\/\/www.galerie-metzger.de\/wp-content\/uploads\/2024\/01\/Klaus-Lehmann-o.T.-Farbstudie-mitte-der-1990er-Jahre-galerie-metzger-gallery-kunst-kaufen-sculpture-690x917.jpg 690w, https:\/\/www.galerie-metzger.de\/wp-content\/uploads\/2024\/01\/Klaus-Lehmann-o.T.-Farbstudie-mitte-der-1990er-Jahre-galerie-metzger-gallery-kunst-kaufen-sculpture-768x1021.jpg 768w, https:\/\/www.galerie-metzger.de\/wp-content\/uploads\/2024\/01\/Klaus-Lehmann-o.T.-Farbstudie-mitte-der-1990er-Jahre-galerie-metzger-gallery-kunst-kaufen-sculpture-1155x1536.jpg 1155w, https:\/\/www.galerie-metzger.de\/wp-content\/uploads\/2024\/01\/Klaus-Lehmann-o.T.-Farbstudie-mitte-der-1990er-Jahre-galerie-metzger-gallery-kunst-kaufen-sculpture-1540x2048.jpg 1540w, https:\/\/www.galerie-metzger.de\/wp-content\/uploads\/2024\/01\/Klaus-Lehmann-o.T.-Farbstudie-mitte-der-1990er-Jahre-galerie-metzger-gallery-kunst-kaufen-sculpture-1128x1500.jpg 1128w, https:\/\/www.galerie-metzger.de\/wp-content\/uploads\/2024\/01\/Klaus-Lehmann-o.T.-Farbstudie-mitte-der-1990er-Jahre-galerie-metzger-gallery-kunst-kaufen-sculpture-530x705.jpg 530w, https:\/\/www.galerie-metzger.de\/wp-content\/uploads\/2024\/01\/Klaus-Lehmann-o.T.-Farbstudie-mitte-der-1990er-Jahre-galerie-metzger-gallery-kunst-kaufen-sculpture-scaled.jpg 1925w\" data-sizes=\"(max-width: 775px) 100vw, 775px\" class='avia_image' ><div class=\"av-image-caption-overlay\"><div class=\"av-caption-image-overlay-bg\"><\/div><div class=\"av-image-caption-overlay-position\"><div class=\"av-image-caption-overlay-center\"><p>Klaus Lehmann \u2013 Color study \u2013 Mitte der 1990er Jahre, 23,5&#215;18 cm, Scan: Edi Baumann<\/p>\n<\/div><\/div><\/div><img decoding=\"async\" class='wp-image-11996 avia-img-lazy-loading-not-11996 avia_image ' src=\"https:\/\/www.galerie-metzger.de\/wp-content\/uploads\/2024\/01\/Klaus-Lehmann-o.T.-Farbstudie-mitte-der-1990er-Jahre-galerie-metzger-gallery-kunst-kaufen-sculpture-690x917.jpg\" alt='Klaus Lehmann - untitled, Color study from the mid-1990s' title='Klaus Lehmann - untitled, Color study from the mid-1990s'  height=\"917\" width=\"690\" srcset=\"https:\/\/www.galerie-metzger.de\/wp-content\/uploads\/2024\/01\/Klaus-Lehmann-o.T.-Farbstudie-mitte-der-1990er-Jahre-galerie-metzger-gallery-kunst-kaufen-sculpture-690x917.jpg 690w, https:\/\/www.galerie-metzger.de\/wp-content\/uploads\/2024\/01\/Klaus-Lehmann-o.T.-Farbstudie-mitte-der-1990er-Jahre-galerie-metzger-gallery-kunst-kaufen-sculpture-775x1030.jpg 775w, https:\/\/www.galerie-metzger.de\/wp-content\/uploads\/2024\/01\/Klaus-Lehmann-o.T.-Farbstudie-mitte-der-1990er-Jahre-galerie-metzger-gallery-kunst-kaufen-sculpture-768x1021.jpg 768w, https:\/\/www.galerie-metzger.de\/wp-content\/uploads\/2024\/01\/Klaus-Lehmann-o.T.-Farbstudie-mitte-der-1990er-Jahre-galerie-metzger-gallery-kunst-kaufen-sculpture-1155x1536.jpg 1155w, https:\/\/www.galerie-metzger.de\/wp-content\/uploads\/2024\/01\/Klaus-Lehmann-o.T.-Farbstudie-mitte-der-1990er-Jahre-galerie-metzger-gallery-kunst-kaufen-sculpture-1540x2048.jpg 1540w, https:\/\/www.galerie-metzger.de\/wp-content\/uploads\/2024\/01\/Klaus-Lehmann-o.T.-Farbstudie-mitte-der-1990er-Jahre-galerie-metzger-gallery-kunst-kaufen-sculpture-1128x1500.jpg 1128w, https:\/\/www.galerie-metzger.de\/wp-content\/uploads\/2024\/01\/Klaus-Lehmann-o.T.-Farbstudie-mitte-der-1990er-Jahre-galerie-metzger-gallery-kunst-kaufen-sculpture-530x705.jpg 530w, https:\/\/www.galerie-metzger.de\/wp-content\/uploads\/2024\/01\/Klaus-Lehmann-o.T.-Farbstudie-mitte-der-1990er-Jahre-galerie-metzger-gallery-kunst-kaufen-sculpture-scaled.jpg 1925w\" sizes=\"(max-width: 690px) 100vw, 690px\" \/><\/a><\/div><\/div><\/div><br \/>\n<section  class='av_textblock_section av-2zdw2es-762ed5990b30655a4e6f5b8ef7a9694a' ><div class='avia_textblock jo_werk_anfrage lang' ><p><a class=\"anfrage\" href=\"mailto:info@galerie-metzger.de?subject=Klaus%20Lehmann%20Farbstudie\">request information<\/a><\/p>\n<\/div><\/section><\/p><\/div><\/div><!--close column table wrapper. Autoclose: 1 --><div class='flex_column_table av-2l6iuxg-7e3fa512ccdbe759f30e68bb2cacef45 sc-av_one_full av-equal-height-column-flextable'>\n<style type=\"text\/css\" data-created_by=\"avia_inline_auto\" id=\"style-css-av-2l6iuxg-7e3fa512ccdbe759f30e68bb2cacef45\">\n.flex_column.av-2l6iuxg-7e3fa512ccdbe759f30e68bb2cacef45{\n-webkit-border-radius:0px 0px 0px 0px;\n-moz-border-radius:0px 0px 0px 0px;\nborder-radius:0px 0px 0px 0px;\n}\n<\/style>\n<div class='flex_column av-2l6iuxg-7e3fa512ccdbe759f30e68bb2cacef45 av_one_full  avia-builder-el-68  el_after_av_one_third  el_before_av_two_third  jo_col_empty first flex_column_table_cell av-equal-height-column av-align-top av-animated-generic fade-in av-zero-column-padding column-top-margin'     ><section  class='av_textblock_section av-7ut5kk-9d6fb53c478c8ca73341ff68b9320ff7' ><div class='avia_textblock' ><p>invisible placeholder<\/p>\n<\/div><\/section><\/div><\/div><!--close column table wrapper. Autoclose: 1 --><div class='flex_column_table av-1bwg5ro-ad513becb80ac04eeb1f4e9ea9d0cbf0 sc-av_two_third av-equal-height-column-flextable'>\n<style type=\"text\/css\" data-created_by=\"avia_inline_auto\" id=\"style-css-av-1bwg5ro-ad513becb80ac04eeb1f4e9ea9d0cbf0\">\n.flex_column.av-1bwg5ro-ad513becb80ac04eeb1f4e9ea9d0cbf0{\n-webkit-border-radius:0px 0px 0px 0px;\n-moz-border-radius:0px 0px 0px 0px;\nborder-radius:0px 0px 0px 0px;\n}\n<\/style>\n<div class='flex_column av-1bwg5ro-ad513becb80ac04eeb1f4e9ea9d0cbf0 av_two_third  avia-builder-el-70  el_after_av_one_full  el_before_av_one_third  jo_pf_bild_bg first flex_column_table_cell av-equal-height-column av-align-bottom av-animated-generic fade-in av-zero-column-padding column-top-margin'     ><p>\n<style type=\"text\/css\" data-created_by=\"avia_inline_auto\" id=\"style-css-av-ls37sbq5-827c098cdddf51c1dcfa53991ab33d05\">\n.avia-image-container.av-ls37sbq5-827c098cdddf51c1dcfa53991ab33d05 img.avia_image{\nbox-shadow:none;\n}\n.avia-image-container.av-ls37sbq5-827c098cdddf51c1dcfa53991ab33d05 .av-caption-image-overlay-bg{\nopacity:0.4;\n}\n<\/style>\n<div  class='avia-image-container av-ls37sbq5-827c098cdddf51c1dcfa53991ab33d05 av-styling-no-styling avia_animated_image av-animated-when-visible-95 fade-in avia-align-left  avia-builder-el-71  el_before_av_textblock  avia-builder-el-first  jo_pf_bild noHover av-overlay-hover-deactivate'  ><div class=\"avia-image-container-inner\"><div class=\"avia-image-overlay-wrap\"><a href=\"https:\/\/www.galerie-metzger.de\/wp-content\/uploads\/2022\/01\/Klaus-Lehmann-H3-galerie-metzger-skulptur-keramik-art-kaufen-start-1030x687.jpg\" data-srcset=\"https:\/\/www.galerie-metzger.de\/wp-content\/uploads\/2022\/01\/Klaus-Lehmann-H3-galerie-metzger-skulptur-keramik-art-kaufen-start-1030x687.jpg 1030w, https:\/\/www.galerie-metzger.de\/wp-content\/uploads\/2022\/01\/Klaus-Lehmann-H3-galerie-metzger-skulptur-keramik-art-kaufen-start-400x267.jpg 400w, https:\/\/www.galerie-metzger.de\/wp-content\/uploads\/2022\/01\/Klaus-Lehmann-H3-galerie-metzger-skulptur-keramik-art-kaufen-start-1536x1024.jpg 1536w, https:\/\/www.galerie-metzger.de\/wp-content\/uploads\/2022\/01\/Klaus-Lehmann-H3-galerie-metzger-skulptur-keramik-art-kaufen-start-2048x1365.jpg 2048w, https:\/\/www.galerie-metzger.de\/wp-content\/uploads\/2022\/01\/Klaus-Lehmann-H3-galerie-metzger-skulptur-keramik-art-kaufen-start-1500x1000.jpg 1500w, https:\/\/www.galerie-metzger.de\/wp-content\/uploads\/2022\/01\/Klaus-Lehmann-H3-galerie-metzger-skulptur-keramik-art-kaufen-start-705x470.jpg 705w\" data-sizes=\"(max-width: 1030px) 100vw, 1030px\" class='avia_image' ><div class=\"av-image-caption-overlay\"><div class=\"av-caption-image-overlay-bg\"><\/div><div class=\"av-image-caption-overlay-position\"><div class=\"av-image-caption-overlay-center\"><p>Klaus Lehmann \u2013 H3 \u2013 1998, 25x30x18 cm, Foto: Edi Baumann<\/p>\n<\/div><\/div><\/div><img decoding=\"async\" class='wp-image-10298 avia-img-lazy-loading-not-10298 avia_image ' src=\"https:\/\/www.galerie-metzger.de\/wp-content\/uploads\/2022\/01\/Klaus-Lehmann-H3-galerie-metzger-skulptur-keramik-art-kaufen-start-1030x687.jpg\" alt='Klaus Lehmann \u2013\u00a0H3' title='Klaus Lehmann \u2013\u00a0H3'  height=\"687\" width=\"1030\" srcset=\"https:\/\/www.galerie-metzger.de\/wp-content\/uploads\/2022\/01\/Klaus-Lehmann-H3-galerie-metzger-skulptur-keramik-art-kaufen-start-1030x687.jpg 1030w, https:\/\/www.galerie-metzger.de\/wp-content\/uploads\/2022\/01\/Klaus-Lehmann-H3-galerie-metzger-skulptur-keramik-art-kaufen-start-400x267.jpg 400w, https:\/\/www.galerie-metzger.de\/wp-content\/uploads\/2022\/01\/Klaus-Lehmann-H3-galerie-metzger-skulptur-keramik-art-kaufen-start-1536x1024.jpg 1536w, https:\/\/www.galerie-metzger.de\/wp-content\/uploads\/2022\/01\/Klaus-Lehmann-H3-galerie-metzger-skulptur-keramik-art-kaufen-start-2048x1365.jpg 2048w, https:\/\/www.galerie-metzger.de\/wp-content\/uploads\/2022\/01\/Klaus-Lehmann-H3-galerie-metzger-skulptur-keramik-art-kaufen-start-1500x1000.jpg 1500w, https:\/\/www.galerie-metzger.de\/wp-content\/uploads\/2022\/01\/Klaus-Lehmann-H3-galerie-metzger-skulptur-keramik-art-kaufen-start-705x470.jpg 705w\" sizes=\"(max-width: 1030px) 100vw, 1030px\" \/><\/a><\/div><\/div><\/div><br \/>\n<section  class='av_textblock_section av-lxrr6c-4d32464f20a6446b668d8cd91004f1e9' ><div class='avia_textblock jo_werk_anfrage' ><p><a class=\"anfrage\" href=\"mailto:info@galerie-metzger.de?subject=Klaus%20Lehmann%20H3\">request information<\/a><\/p>\n<\/div><\/section><\/p><\/div><div class='av-flex-placeholder'><\/div>\n<style type=\"text\/css\" data-created_by=\"avia_inline_auto\" id=\"style-css-av-1gly9p0-54ada585d60010fce1776818534f48cf\">\n.flex_column.av-1gly9p0-54ada585d60010fce1776818534f48cf{\n-webkit-border-radius:0px 0px 0px 0px;\n-moz-border-radius:0px 0px 0px 0px;\nborder-radius:0px 0px 0px 0px;\n}\n<\/style>\n<div class='flex_column av-1gly9p0-54ada585d60010fce1776818534f48cf av_one_third  avia-builder-el-73  el_after_av_two_third  el_before_av_one_full  jo_pf_bild_bg flex_column_table_cell av-equal-height-column av-align-bottom av-animated-generic fade-in av-zero-column-padding column-top-margin'     ><p>\n<style type=\"text\/css\" data-created_by=\"avia_inline_auto\" id=\"style-css-av-lrny9rwd-1d04192de23b378250f67b190b006554\">\n.avia-image-container.av-lrny9rwd-1d04192de23b378250f67b190b006554 img.avia_image{\nbox-shadow:none;\n}\n.avia-image-container.av-lrny9rwd-1d04192de23b378250f67b190b006554 .av-caption-image-overlay-bg{\nopacity:0.4;\n}\n<\/style>\n<div  class='avia-image-container av-lrny9rwd-1d04192de23b378250f67b190b006554 av-styling-no-styling avia_animated_image av-animated-when-visible-95 fade-in avia-align-left  avia-builder-el-74  el_before_av_textblock  avia-builder-el-first  jo_pf_bild noHover av-overlay-hover-deactivate'  ><div class=\"avia-image-container-inner\"><div class=\"avia-image-overlay-wrap\"><a href=\"https:\/\/www.galerie-metzger.de\/wp-content\/uploads\/2024\/01\/Klaus-Lehmann-Ein-Kalb-Zeichnung-galerie-metzger-gallery-art-buy-aschaffenburg--811x1030.jpg\" data-srcset=\"https:\/\/www.galerie-metzger.de\/wp-content\/uploads\/2024\/01\/Klaus-Lehmann-Ein-Kalb-Zeichnung-galerie-metzger-gallery-art-buy-aschaffenburg--811x1030.jpg 811w, https:\/\/www.galerie-metzger.de\/wp-content\/uploads\/2024\/01\/Klaus-Lehmann-Ein-Kalb-Zeichnung-galerie-metzger-gallery-art-buy-aschaffenburg--690x876.jpg 690w, https:\/\/www.galerie-metzger.de\/wp-content\/uploads\/2024\/01\/Klaus-Lehmann-Ein-Kalb-Zeichnung-galerie-metzger-gallery-art-buy-aschaffenburg--768x975.jpg 768w, https:\/\/www.galerie-metzger.de\/wp-content\/uploads\/2024\/01\/Klaus-Lehmann-Ein-Kalb-Zeichnung-galerie-metzger-gallery-art-buy-aschaffenburg--1210x1536.jpg 1210w, https:\/\/www.galerie-metzger.de\/wp-content\/uploads\/2024\/01\/Klaus-Lehmann-Ein-Kalb-Zeichnung-galerie-metzger-gallery-art-buy-aschaffenburg--1613x2048.jpg 1613w, https:\/\/www.galerie-metzger.de\/wp-content\/uploads\/2024\/01\/Klaus-Lehmann-Ein-Kalb-Zeichnung-galerie-metzger-gallery-art-buy-aschaffenburg--1181x1500.jpg 1181w, https:\/\/www.galerie-metzger.de\/wp-content\/uploads\/2024\/01\/Klaus-Lehmann-Ein-Kalb-Zeichnung-galerie-metzger-gallery-art-buy-aschaffenburg--555x705.jpg 555w, https:\/\/www.galerie-metzger.de\/wp-content\/uploads\/2024\/01\/Klaus-Lehmann-Ein-Kalb-Zeichnung-galerie-metzger-gallery-art-buy-aschaffenburg--scaled.jpg 2016w\" data-sizes=\"(max-width: 811px) 100vw, 811px\" class='avia_image' ><div class=\"av-image-caption-overlay\"><div class=\"av-caption-image-overlay-bg\"><\/div><div class=\"av-image-caption-overlay-position\"><div class=\"av-image-caption-overlay-center\"><p>Klaus Lehmann \u2013 Ein Kalb \u2013 13,5&#215;10,5 cm, Scan: Edi Baumann<\/p>\n<\/div><\/div><\/div><img decoding=\"async\" class='wp-image-12000 avia-img-lazy-loading-not-12000 avia_image ' src=\"https:\/\/www.galerie-metzger.de\/wp-content\/uploads\/2024\/01\/Klaus-Lehmann-Ein-Kalb-Zeichnung-galerie-metzger-gallery-art-buy-aschaffenburg--690x876.jpg\" alt='Klaus Lehmann - The calf, drawing' title='Klaus Lehmann - The calf, drawing'  height=\"876\" width=\"690\" srcset=\"https:\/\/www.galerie-metzger.de\/wp-content\/uploads\/2024\/01\/Klaus-Lehmann-Ein-Kalb-Zeichnung-galerie-metzger-gallery-art-buy-aschaffenburg--690x876.jpg 690w, https:\/\/www.galerie-metzger.de\/wp-content\/uploads\/2024\/01\/Klaus-Lehmann-Ein-Kalb-Zeichnung-galerie-metzger-gallery-art-buy-aschaffenburg--811x1030.jpg 811w, https:\/\/www.galerie-metzger.de\/wp-content\/uploads\/2024\/01\/Klaus-Lehmann-Ein-Kalb-Zeichnung-galerie-metzger-gallery-art-buy-aschaffenburg--768x975.jpg 768w, https:\/\/www.galerie-metzger.de\/wp-content\/uploads\/2024\/01\/Klaus-Lehmann-Ein-Kalb-Zeichnung-galerie-metzger-gallery-art-buy-aschaffenburg--1210x1536.jpg 1210w, https:\/\/www.galerie-metzger.de\/wp-content\/uploads\/2024\/01\/Klaus-Lehmann-Ein-Kalb-Zeichnung-galerie-metzger-gallery-art-buy-aschaffenburg--1613x2048.jpg 1613w, https:\/\/www.galerie-metzger.de\/wp-content\/uploads\/2024\/01\/Klaus-Lehmann-Ein-Kalb-Zeichnung-galerie-metzger-gallery-art-buy-aschaffenburg--1181x1500.jpg 1181w, https:\/\/www.galerie-metzger.de\/wp-content\/uploads\/2024\/01\/Klaus-Lehmann-Ein-Kalb-Zeichnung-galerie-metzger-gallery-art-buy-aschaffenburg--555x705.jpg 555w, https:\/\/www.galerie-metzger.de\/wp-content\/uploads\/2024\/01\/Klaus-Lehmann-Ein-Kalb-Zeichnung-galerie-metzger-gallery-art-buy-aschaffenburg--scaled.jpg 2016w\" sizes=\"(max-width: 690px) 100vw, 690px\" \/><\/a><\/div><\/div><\/div><br \/>\n<section  class='av_textblock_section av-lrnyadvk-a460fbc783536c5aeb36a2ed06da0a3c' ><div class='avia_textblock jo_werk_anfrage' ><p><a class=\"anfrage\" href=\"mailto:info@galerie-metzger.de?subject=Klaus%20Lehmann%20Ein%20Kalb\">request information<\/a><\/p>\n<\/div><\/section><\/p><\/div><\/div><!--close column table wrapper. Autoclose: 1 --><div class='flex_column_table av-19kx1lg-faa9e54b59d2de42b71ab735fa0cc6b3 sc-av_one_full av-equal-height-column-flextable'>\n<style type=\"text\/css\" data-created_by=\"avia_inline_auto\" id=\"style-css-av-19kx1lg-faa9e54b59d2de42b71ab735fa0cc6b3\">\n.flex_column.av-19kx1lg-faa9e54b59d2de42b71ab735fa0cc6b3{\n-webkit-border-radius:0px 0px 0px 0px;\n-moz-border-radius:0px 0px 0px 0px;\nborder-radius:0px 0px 0px 0px;\n}\n<\/style>\n<div class='flex_column av-19kx1lg-faa9e54b59d2de42b71ab735fa0cc6b3 av_one_full  avia-builder-el-76  el_after_av_one_third  el_before_av_two_third  jo_col_empty first flex_column_table_cell av-equal-height-column av-align-top av-animated-generic fade-in av-zero-column-padding column-top-margin'     ><section  class='av_textblock_section av-tt634k-804e07e4cfdaaefc54fe99207eef370e' ><div class='avia_textblock' ><p>invisible placeholder<\/p>\n<\/div><\/section><\/div><\/div><!--close column table wrapper. Autoclose: 1 --><div class='flex_column_table av-4q161mf-3560672f96b160d7a39880f7e1974d87 sc-av_two_third av-equal-height-column-flextable'>\n<style type=\"text\/css\" data-created_by=\"avia_inline_auto\" id=\"style-css-av-4q161mf-3560672f96b160d7a39880f7e1974d87\">\n.flex_column.av-4q161mf-3560672f96b160d7a39880f7e1974d87{\n-webkit-border-radius:0px 0px 0px 0px;\n-moz-border-radius:0px 0px 0px 0px;\nborder-radius:0px 0px 0px 0px;\n}\n<\/style>\n<div class='flex_column av-4q161mf-3560672f96b160d7a39880f7e1974d87 av_two_third  avia-builder-el-78  el_after_av_one_full  el_before_av_one_third  jo_pf_bild_bg first flex_column_table_cell av-equal-height-column av-align-middle av-animated-generic fade-in av-zero-column-padding column-top-margin'     ><p>\n<style type=\"text\/css\" data-created_by=\"avia_inline_auto\" id=\"style-css-av-lldyawe5-f38dd60dc1171b1c4e05e5157016370f\">\n.avia-image-container.av-lldyawe5-f38dd60dc1171b1c4e05e5157016370f img.avia_image{\nbox-shadow:none;\n}\n.avia-image-container.av-lldyawe5-f38dd60dc1171b1c4e05e5157016370f .av-caption-image-overlay-bg{\nopacity:0.4;\n}\n<\/style>\n<div  class='avia-image-container av-lldyawe5-f38dd60dc1171b1c4e05e5157016370f av-styling-no-styling avia_animated_image av-animated-when-visible-95 fade-in avia-align-left  avia-builder-el-79  el_before_av_textblock  avia-builder-el-first  jo_pf_bild noHover av-overlay-hover-deactivate'  ><div class=\"avia-image-container-inner\"><div class=\"avia-image-overlay-wrap\"><a href=\"https:\/\/www.galerie-metzger.de\/wp-content\/uploads\/2024\/02\/Atsushi-Mannami-ohne-Titel-2021-16x165x12cm-galerie-metzger-gallery-skulptur-keramik-kunst-kaufen-2-1030x687.jpg\" data-srcset=\"https:\/\/www.galerie-metzger.de\/wp-content\/uploads\/2024\/02\/Atsushi-Mannami-ohne-Titel-2021-16x165x12cm-galerie-metzger-gallery-skulptur-keramik-kunst-kaufen-2-1030x687.jpg 1030w, https:\/\/www.galerie-metzger.de\/wp-content\/uploads\/2024\/02\/Atsushi-Mannami-ohne-Titel-2021-16x165x12cm-galerie-metzger-gallery-skulptur-keramik-kunst-kaufen-2-690x460.jpg 690w, https:\/\/www.galerie-metzger.de\/wp-content\/uploads\/2024\/02\/Atsushi-Mannami-ohne-Titel-2021-16x165x12cm-galerie-metzger-gallery-skulptur-keramik-kunst-kaufen-2-768x512.jpg 768w, https:\/\/www.galerie-metzger.de\/wp-content\/uploads\/2024\/02\/Atsushi-Mannami-ohne-Titel-2021-16x165x12cm-galerie-metzger-gallery-skulptur-keramik-kunst-kaufen-2-1536x1024.jpg 1536w, https:\/\/www.galerie-metzger.de\/wp-content\/uploads\/2024\/02\/Atsushi-Mannami-ohne-Titel-2021-16x165x12cm-galerie-metzger-gallery-skulptur-keramik-kunst-kaufen-2-2048x1365.jpg 2048w, https:\/\/www.galerie-metzger.de\/wp-content\/uploads\/2024\/02\/Atsushi-Mannami-ohne-Titel-2021-16x165x12cm-galerie-metzger-gallery-skulptur-keramik-kunst-kaufen-2-1500x1000.jpg 1500w, https:\/\/www.galerie-metzger.de\/wp-content\/uploads\/2024\/02\/Atsushi-Mannami-ohne-Titel-2021-16x165x12cm-galerie-metzger-gallery-skulptur-keramik-kunst-kaufen-2-705x470.jpg 705w\" data-sizes=\"(max-width: 1030px) 100vw, 1030px\" class='avia_image' ><div class=\"av-image-caption-overlay\"><div class=\"av-caption-image-overlay-bg\"><\/div><div class=\"av-image-caption-overlay-position\"><div class=\"av-image-caption-overlay-center\"><p>Atsushi Mannami \u2013 untitled \u2013 2021, 16&#215;16,5&#215;12 cm, Foto: Atsushi Mannami<\/p>\n<\/div><\/div><\/div><img decoding=\"async\" class='wp-image-12078 avia-img-lazy-loading-not-12078 avia_image ' src=\"https:\/\/www.galerie-metzger.de\/wp-content\/uploads\/2024\/02\/Atsushi-Mannami-ohne-Titel-2021-16x165x12cm-galerie-metzger-gallery-skulptur-keramik-kunst-kaufen-2-1030x687.jpg\" alt='Atsushi Mannami - ohne Titel' title='Atsushi-Mannami-ohne-Titel-2021-16x16,5x12cm-galerie-metzger-gallery-skulptur-keramik-kunst-kaufen-2'  height=\"687\" width=\"1030\" srcset=\"https:\/\/www.galerie-metzger.de\/wp-content\/uploads\/2024\/02\/Atsushi-Mannami-ohne-Titel-2021-16x165x12cm-galerie-metzger-gallery-skulptur-keramik-kunst-kaufen-2-1030x687.jpg 1030w, https:\/\/www.galerie-metzger.de\/wp-content\/uploads\/2024\/02\/Atsushi-Mannami-ohne-Titel-2021-16x165x12cm-galerie-metzger-gallery-skulptur-keramik-kunst-kaufen-2-690x460.jpg 690w, https:\/\/www.galerie-metzger.de\/wp-content\/uploads\/2024\/02\/Atsushi-Mannami-ohne-Titel-2021-16x165x12cm-galerie-metzger-gallery-skulptur-keramik-kunst-kaufen-2-768x512.jpg 768w, https:\/\/www.galerie-metzger.de\/wp-content\/uploads\/2024\/02\/Atsushi-Mannami-ohne-Titel-2021-16x165x12cm-galerie-metzger-gallery-skulptur-keramik-kunst-kaufen-2-1536x1024.jpg 1536w, https:\/\/www.galerie-metzger.de\/wp-content\/uploads\/2024\/02\/Atsushi-Mannami-ohne-Titel-2021-16x165x12cm-galerie-metzger-gallery-skulptur-keramik-kunst-kaufen-2-2048x1365.jpg 2048w, https:\/\/www.galerie-metzger.de\/wp-content\/uploads\/2024\/02\/Atsushi-Mannami-ohne-Titel-2021-16x165x12cm-galerie-metzger-gallery-skulptur-keramik-kunst-kaufen-2-1500x1000.jpg 1500w, https:\/\/www.galerie-metzger.de\/wp-content\/uploads\/2024\/02\/Atsushi-Mannami-ohne-Titel-2021-16x165x12cm-galerie-metzger-gallery-skulptur-keramik-kunst-kaufen-2-705x470.jpg 705w\" sizes=\"(max-width: 1030px) 100vw, 1030px\" \/><\/a><\/div><\/div><\/div><br \/>\n<section  class='av_textblock_section av-lldycei9-8fb54467a5a7597582849149a3a3944a' ><div class='avia_textblock jo_werk_anfrage lang' ><p><a class=\"anfrage\" href=\"mailto:info@galerie-metzger.de?subject=Atsushi%20Mannami%20untitled%2016x16,5x12cm\">request information<\/a><\/p>\n<\/div><\/section><\/p><\/div><div class='av-flex-placeholder'><\/div>\n<style type=\"text\/css\" data-created_by=\"avia_inline_auto\" id=\"style-css-av-48ut8qf-c4daf59ba8c6ef073896e578cedcc6c4\">\n.flex_column.av-48ut8qf-c4daf59ba8c6ef073896e578cedcc6c4{\n-webkit-border-radius:0px 0px 0px 0px;\n-moz-border-radius:0px 0px 0px 0px;\nborder-radius:0px 0px 0px 0px;\n}\n<\/style>\n<div class='flex_column av-48ut8qf-c4daf59ba8c6ef073896e578cedcc6c4 av_one_third  avia-builder-el-81  el_after_av_two_third  el_before_av_one_full  jhd-no-margin-top flex_column_table_cell av-equal-height-column av-align-middle av-animated-generic fade-in av-zero-column-padding column-top-margin'     ><section  class='av_textblock_section av-3x6cxbr-167eb23be865778ebf16eddaa30199d0' ><div class='avia_textblock' ><p><strong>Atsushi Mannami<\/strong><\/p>\n<p>In his works, Atsushi Mannami explores transience, meaninglessness and imperfection and combines found objects collected in urban spaces with ceramics, especially with architectural motifs, to create a &#8220;utopia of meaningless architecture&#8221;. His spatial installations transform the exhibition space through architectural interventions and activate the viewer&#8217;s imagination.\u201d<\/p>\n<\/div><\/section><\/div><\/div><!--close column table wrapper. Autoclose: 1 --><div class='flex_column_table av-1ky71zmh-b749b6e1b14e6d40f501eb91a22dff6f sc-av_one_full av-equal-height-column-flextable'>\n<style type=\"text\/css\" data-created_by=\"avia_inline_auto\" id=\"style-css-av-1ky71zmh-b749b6e1b14e6d40f501eb91a22dff6f\">\n.flex_column.av-1ky71zmh-b749b6e1b14e6d40f501eb91a22dff6f{\n-webkit-border-radius:0px 0px 0px 0px;\n-moz-border-radius:0px 0px 0px 0px;\nborder-radius:0px 0px 0px 0px;\n}\n<\/style>\n<div class='flex_column av-1ky71zmh-b749b6e1b14e6d40f501eb91a22dff6f av_one_full  avia-builder-el-83  el_after_av_one_third  el_before_av_one_third  jo_col_empty first flex_column_table_cell av-equal-height-column av-align-top av-animated-generic fade-in av-zero-column-padding column-top-margin'     ><section  class='av_textblock_section av-1k6znxi1-f8687e118e3124377b03c5b08f73fbfc' ><div class='avia_textblock' ><p>invisible placeholder<\/p>\n<\/div><\/section><\/div><\/div><!--close column table wrapper. Autoclose: 1 --><div class='flex_column_table av-1gr2lhw-76589715fdd0fa89e3cf7ec06574b53d sc-av_one_third av-equal-height-column-flextable'>\n<style type=\"text\/css\" data-created_by=\"avia_inline_auto\" id=\"style-css-av-1gr2lhw-76589715fdd0fa89e3cf7ec06574b53d\">\n.flex_column.av-1gr2lhw-76589715fdd0fa89e3cf7ec06574b53d{\n-webkit-border-radius:0px 0px 0px 0px;\n-moz-border-radius:0px 0px 0px 0px;\nborder-radius:0px 0px 0px 0px;\n}\n<\/style>\n<div class='flex_column av-1gr2lhw-76589715fdd0fa89e3cf7ec06574b53d av_one_third  avia-builder-el-85  el_after_av_one_full  el_before_av_one_third  jo_pf_bild_bg first flex_column_table_cell av-equal-height-column av-align-middle av-animated-generic fade-in av-zero-column-padding column-top-margin'     ><p>\n<style type=\"text\/css\" data-created_by=\"avia_inline_auto\" id=\"style-css-av-lri8ojox-da4d256bdbac9647ddc9c3e06fa7b475\">\n.avia-image-container.av-lri8ojox-da4d256bdbac9647ddc9c3e06fa7b475 img.avia_image{\nbox-shadow:none;\n}\n.avia-image-container.av-lri8ojox-da4d256bdbac9647ddc9c3e06fa7b475 .av-caption-image-overlay-bg{\nopacity:0.4;\n}\n<\/style>\n<div  class='avia-image-container av-lri8ojox-da4d256bdbac9647ddc9c3e06fa7b475 av-styling-no-styling avia_animated_image av-animated-when-visible-95 fade-in avia-align-left  avia-builder-el-86  el_before_av_textblock  avia-builder-el-first  jo_pf_bild noHover av-overlay-hover-deactivate'  ><div class=\"avia-image-container-inner\"><div class=\"avia-image-overlay-wrap\"><a href=\"https:\/\/www.galerie-metzger.de\/wp-content\/uploads\/2024\/01\/Atsushi-Mannami-Die-reine-Treppe-galerie-metzger-gallery-keramikkunst-skulptur-687x1030.jpg\" data-srcset=\"https:\/\/www.galerie-metzger.de\/wp-content\/uploads\/2024\/01\/Atsushi-Mannami-Die-reine-Treppe-galerie-metzger-gallery-keramikkunst-skulptur-687x1030.jpg 687w, https:\/\/www.galerie-metzger.de\/wp-content\/uploads\/2024\/01\/Atsushi-Mannami-Die-reine-Treppe-galerie-metzger-gallery-keramikkunst-skulptur-690x1035.jpg 690w, https:\/\/www.galerie-metzger.de\/wp-content\/uploads\/2024\/01\/Atsushi-Mannami-Die-reine-Treppe-galerie-metzger-gallery-keramikkunst-skulptur-768x1152.jpg 768w, https:\/\/www.galerie-metzger.de\/wp-content\/uploads\/2024\/01\/Atsushi-Mannami-Die-reine-Treppe-galerie-metzger-gallery-keramikkunst-skulptur-1024x1536.jpg 1024w, https:\/\/www.galerie-metzger.de\/wp-content\/uploads\/2024\/01\/Atsushi-Mannami-Die-reine-Treppe-galerie-metzger-gallery-keramikkunst-skulptur-1365x2048.jpg 1365w, https:\/\/www.galerie-metzger.de\/wp-content\/uploads\/2024\/01\/Atsushi-Mannami-Die-reine-Treppe-galerie-metzger-gallery-keramikkunst-skulptur-1000x1500.jpg 1000w, https:\/\/www.galerie-metzger.de\/wp-content\/uploads\/2024\/01\/Atsushi-Mannami-Die-reine-Treppe-galerie-metzger-gallery-keramikkunst-skulptur-470x705.jpg 470w, https:\/\/www.galerie-metzger.de\/wp-content\/uploads\/2024\/01\/Atsushi-Mannami-Die-reine-Treppe-galerie-metzger-gallery-keramikkunst-skulptur-scaled.jpg 1707w\" data-sizes=\"(max-width: 687px) 100vw, 687px\" class='avia_image' ><div class=\"av-image-caption-overlay\"><div class=\"av-caption-image-overlay-bg\"><\/div><div class=\"av-image-caption-overlay-position\"><div class=\"av-image-caption-overlay-center\"><p>Atsushi Mannami \u2013 Die reine Treppe \u2013 2021 ,22x15x12 cm, Foto: Atsushi Mannami<\/p>\n<\/div><\/div><\/div><img decoding=\"async\" class='wp-image-11976 avia-img-lazy-loading-not-11976 avia_image ' src=\"https:\/\/www.galerie-metzger.de\/wp-content\/uploads\/2024\/01\/Atsushi-Mannami-Die-reine-Treppe-galerie-metzger-gallery-keramikkunst-skulptur-690x1035.jpg\" alt='Atsushi Mannami - Die reine Treppe' title='Atsushi Mannami - Die reine Treppe'  height=\"1035\" width=\"690\" srcset=\"https:\/\/www.galerie-metzger.de\/wp-content\/uploads\/2024\/01\/Atsushi-Mannami-Die-reine-Treppe-galerie-metzger-gallery-keramikkunst-skulptur-690x1035.jpg 690w, https:\/\/www.galerie-metzger.de\/wp-content\/uploads\/2024\/01\/Atsushi-Mannami-Die-reine-Treppe-galerie-metzger-gallery-keramikkunst-skulptur-687x1030.jpg 687w, https:\/\/www.galerie-metzger.de\/wp-content\/uploads\/2024\/01\/Atsushi-Mannami-Die-reine-Treppe-galerie-metzger-gallery-keramikkunst-skulptur-768x1152.jpg 768w, https:\/\/www.galerie-metzger.de\/wp-content\/uploads\/2024\/01\/Atsushi-Mannami-Die-reine-Treppe-galerie-metzger-gallery-keramikkunst-skulptur-1024x1536.jpg 1024w, https:\/\/www.galerie-metzger.de\/wp-content\/uploads\/2024\/01\/Atsushi-Mannami-Die-reine-Treppe-galerie-metzger-gallery-keramikkunst-skulptur-1365x2048.jpg 1365w, https:\/\/www.galerie-metzger.de\/wp-content\/uploads\/2024\/01\/Atsushi-Mannami-Die-reine-Treppe-galerie-metzger-gallery-keramikkunst-skulptur-1000x1500.jpg 1000w, https:\/\/www.galerie-metzger.de\/wp-content\/uploads\/2024\/01\/Atsushi-Mannami-Die-reine-Treppe-galerie-metzger-gallery-keramikkunst-skulptur-470x705.jpg 470w, https:\/\/www.galerie-metzger.de\/wp-content\/uploads\/2024\/01\/Atsushi-Mannami-Die-reine-Treppe-galerie-metzger-gallery-keramikkunst-skulptur-scaled.jpg 1707w\" sizes=\"(max-width: 690px) 100vw, 690px\" \/><\/a><\/div><\/div><\/div><br \/>\n<section  class='av_textblock_section av-lri8p7hu-fcce924305ced4d7762ff8c529a4a830' ><div class='avia_textblock jo_werk_anfrage lang' ><p><a class=\"anfrage\" href=\"mailto:info@galerie-metzger.de?subject=Atsushi%20Mannami%20Die%20reine%20Treppe%2022x15x12cm\">request information<\/a><\/p>\n<\/div><\/section><\/p><\/div><div class='av-flex-placeholder'><\/div>\n<style type=\"text\/css\" data-created_by=\"avia_inline_auto\" id=\"style-css-av-1af1kt0-557c5d786311a143cda352f4cea54c41\">\n.flex_column.av-1af1kt0-557c5d786311a143cda352f4cea54c41{\n-webkit-border-radius:0px 0px 0px 0px;\n-moz-border-radius:0px 0px 0px 0px;\nborder-radius:0px 0px 0px 0px;\n}\n<\/style>\n<div class='flex_column av-1af1kt0-557c5d786311a143cda352f4cea54c41 av_one_third  avia-builder-el-88  el_after_av_one_third  el_before_av_one_third  jo_pf_bild_bg flex_column_table_cell av-equal-height-column av-align-middle av-animated-generic fade-in av-zero-column-padding column-top-margin'     ><p>\n<style type=\"text\/css\" data-created_by=\"avia_inline_auto\" id=\"style-css-av-lri8qr8k-bb59c96eb3ecdbaec14fe91f79599d80\">\n.avia-image-container.av-lri8qr8k-bb59c96eb3ecdbaec14fe91f79599d80 img.avia_image{\nbox-shadow:none;\n}\n.avia-image-container.av-lri8qr8k-bb59c96eb3ecdbaec14fe91f79599d80 .av-caption-image-overlay-bg{\nopacity:0.4;\n}\n<\/style>\n<div  class='avia-image-container av-lri8qr8k-bb59c96eb3ecdbaec14fe91f79599d80 av-styling-no-styling avia_animated_image av-animated-when-visible-95 fade-in avia-align-left  avia-builder-el-89  el_before_av_textblock  avia-builder-el-first  jo_pf_bild noHover av-overlay-hover-deactivate'  ><div class=\"avia-image-container-inner\"><div class=\"avia-image-overlay-wrap\"><a href=\"https:\/\/www.galerie-metzger.de\/wp-content\/uploads\/2024\/01\/Atsushi-Mannami-Billboard-galerie-metzger-gallery-ceramic-art-object-kunst-skulptur-687x1030.jpg\" data-srcset=\"https:\/\/www.galerie-metzger.de\/wp-content\/uploads\/2024\/01\/Atsushi-Mannami-Billboard-galerie-metzger-gallery-ceramic-art-object-kunst-skulptur-687x1030.jpg 687w, https:\/\/www.galerie-metzger.de\/wp-content\/uploads\/2024\/01\/Atsushi-Mannami-Billboard-galerie-metzger-gallery-ceramic-art-object-kunst-skulptur-690x1035.jpg 690w, https:\/\/www.galerie-metzger.de\/wp-content\/uploads\/2024\/01\/Atsushi-Mannami-Billboard-galerie-metzger-gallery-ceramic-art-object-kunst-skulptur-768x1152.jpg 768w, https:\/\/www.galerie-metzger.de\/wp-content\/uploads\/2024\/01\/Atsushi-Mannami-Billboard-galerie-metzger-gallery-ceramic-art-object-kunst-skulptur-1024x1536.jpg 1024w, https:\/\/www.galerie-metzger.de\/wp-content\/uploads\/2024\/01\/Atsushi-Mannami-Billboard-galerie-metzger-gallery-ceramic-art-object-kunst-skulptur-1365x2048.jpg 1365w, https:\/\/www.galerie-metzger.de\/wp-content\/uploads\/2024\/01\/Atsushi-Mannami-Billboard-galerie-metzger-gallery-ceramic-art-object-kunst-skulptur-1000x1500.jpg 1000w, https:\/\/www.galerie-metzger.de\/wp-content\/uploads\/2024\/01\/Atsushi-Mannami-Billboard-galerie-metzger-gallery-ceramic-art-object-kunst-skulptur-470x705.jpg 470w, https:\/\/www.galerie-metzger.de\/wp-content\/uploads\/2024\/01\/Atsushi-Mannami-Billboard-galerie-metzger-gallery-ceramic-art-object-kunst-skulptur-scaled.jpg 1707w\" data-sizes=\"(max-width: 687px) 100vw, 687px\" class='avia_image' ><div class=\"av-image-caption-overlay\"><div class=\"av-caption-image-overlay-bg\"><\/div><div class=\"av-image-caption-overlay-position\"><div class=\"av-image-caption-overlay-center\"><p>Atsushi Mannami \u2013 Billboard \u2013 2023, 24x20x13 cm, Foto: Atsushi Mannami<\/p>\n<\/div><\/div><\/div><img decoding=\"async\" class='wp-image-11974 avia-img-lazy-loading-not-11974 avia_image ' src=\"https:\/\/www.galerie-metzger.de\/wp-content\/uploads\/2024\/01\/Atsushi-Mannami-Billboard-galerie-metzger-gallery-ceramic-art-object-kunst-skulptur-690x1035.jpg\" alt='Atsushi Mannami - Billboard' title='Atsushi Mannami - Billboard'  height=\"1035\" width=\"690\" srcset=\"https:\/\/www.galerie-metzger.de\/wp-content\/uploads\/2024\/01\/Atsushi-Mannami-Billboard-galerie-metzger-gallery-ceramic-art-object-kunst-skulptur-690x1035.jpg 690w, https:\/\/www.galerie-metzger.de\/wp-content\/uploads\/2024\/01\/Atsushi-Mannami-Billboard-galerie-metzger-gallery-ceramic-art-object-kunst-skulptur-687x1030.jpg 687w, https:\/\/www.galerie-metzger.de\/wp-content\/uploads\/2024\/01\/Atsushi-Mannami-Billboard-galerie-metzger-gallery-ceramic-art-object-kunst-skulptur-768x1152.jpg 768w, https:\/\/www.galerie-metzger.de\/wp-content\/uploads\/2024\/01\/Atsushi-Mannami-Billboard-galerie-metzger-gallery-ceramic-art-object-kunst-skulptur-1024x1536.jpg 1024w, https:\/\/www.galerie-metzger.de\/wp-content\/uploads\/2024\/01\/Atsushi-Mannami-Billboard-galerie-metzger-gallery-ceramic-art-object-kunst-skulptur-1365x2048.jpg 1365w, https:\/\/www.galerie-metzger.de\/wp-content\/uploads\/2024\/01\/Atsushi-Mannami-Billboard-galerie-metzger-gallery-ceramic-art-object-kunst-skulptur-1000x1500.jpg 1000w, https:\/\/www.galerie-metzger.de\/wp-content\/uploads\/2024\/01\/Atsushi-Mannami-Billboard-galerie-metzger-gallery-ceramic-art-object-kunst-skulptur-470x705.jpg 470w, https:\/\/www.galerie-metzger.de\/wp-content\/uploads\/2024\/01\/Atsushi-Mannami-Billboard-galerie-metzger-gallery-ceramic-art-object-kunst-skulptur-scaled.jpg 1707w\" sizes=\"(max-width: 690px) 100vw, 690px\" \/><\/a><\/div><\/div><\/div><br \/>\n<section  class='av_textblock_section av-lri8rh7t-38003b467cbdcd5877b61c7b1f7fa641' ><div class='avia_textblock jo_werk_anfrage lang' ><p><a class=\"anfrage\" href=\"mailto:info@galerie-metzger.de?subject=Atsushi%20Mannami%20Billboard%2024x20x13cm\">request information<\/a><\/p>\n<\/div><\/section><\/p><\/div><div class='av-flex-placeholder'><\/div>\n<style type=\"text\/css\" data-created_by=\"avia_inline_auto\" id=\"style-css-av-8gm0k-f77826e4d59d2aa4874ac735b9088b97\">\n.flex_column.av-8gm0k-f77826e4d59d2aa4874ac735b9088b97{\n-webkit-border-radius:0px 0px 0px 0px;\n-moz-border-radius:0px 0px 0px 0px;\nborder-radius:0px 0px 0px 0px;\n}\n<\/style>\n<div class='flex_column av-8gm0k-f77826e4d59d2aa4874ac735b9088b97 av_one_third  avia-builder-el-91  el_after_av_one_third  el_before_av_one_full  jo_pf_bild_bg flex_column_table_cell av-equal-height-column av-align-middle av-animated-generic fade-in av-zero-column-padding column-top-margin'     ><p>\n<style type=\"text\/css\" data-created_by=\"avia_inline_auto\" id=\"style-css-av-lri8ta45-bf2acddb33e0a65e948f2994f3f5b596\">\n.avia-image-container.av-lri8ta45-bf2acddb33e0a65e948f2994f3f5b596 img.avia_image{\nbox-shadow:none;\n}\n.avia-image-container.av-lri8ta45-bf2acddb33e0a65e948f2994f3f5b596 .av-caption-image-overlay-bg{\nopacity:0.4;\n}\n<\/style>\n<div  class='avia-image-container av-lri8ta45-bf2acddb33e0a65e948f2994f3f5b596 av-styling-no-styling avia_animated_image av-animated-when-visible-95 fade-in avia-align-left  avia-builder-el-92  el_before_av_textblock  avia-builder-el-first  jo_pf_bild noHover av-overlay-hover-deactivate'  ><div class=\"avia-image-container-inner\"><div class=\"avia-image-overlay-wrap\"><a href=\"https:\/\/www.galerie-metzger.de\/wp-content\/uploads\/2024\/01\/Atsushi-Mannami-die-reine-Wendeltreppe-gaylerie-metzger-gallery-sculpture-art-buy-687x1030.jpg\" data-srcset=\"https:\/\/www.galerie-metzger.de\/wp-content\/uploads\/2024\/01\/Atsushi-Mannami-die-reine-Wendeltreppe-gaylerie-metzger-gallery-sculpture-art-buy-687x1030.jpg 687w, https:\/\/www.galerie-metzger.de\/wp-content\/uploads\/2024\/01\/Atsushi-Mannami-die-reine-Wendeltreppe-gaylerie-metzger-gallery-sculpture-art-buy-690x1035.jpg 690w, https:\/\/www.galerie-metzger.de\/wp-content\/uploads\/2024\/01\/Atsushi-Mannami-die-reine-Wendeltreppe-gaylerie-metzger-gallery-sculpture-art-buy-768x1152.jpg 768w, https:\/\/www.galerie-metzger.de\/wp-content\/uploads\/2024\/01\/Atsushi-Mannami-die-reine-Wendeltreppe-gaylerie-metzger-gallery-sculpture-art-buy-1024x1536.jpg 1024w, https:\/\/www.galerie-metzger.de\/wp-content\/uploads\/2024\/01\/Atsushi-Mannami-die-reine-Wendeltreppe-gaylerie-metzger-gallery-sculpture-art-buy-1365x2048.jpg 1365w, https:\/\/www.galerie-metzger.de\/wp-content\/uploads\/2024\/01\/Atsushi-Mannami-die-reine-Wendeltreppe-gaylerie-metzger-gallery-sculpture-art-buy-1000x1500.jpg 1000w, https:\/\/www.galerie-metzger.de\/wp-content\/uploads\/2024\/01\/Atsushi-Mannami-die-reine-Wendeltreppe-gaylerie-metzger-gallery-sculpture-art-buy-470x705.jpg 470w, https:\/\/www.galerie-metzger.de\/wp-content\/uploads\/2024\/01\/Atsushi-Mannami-die-reine-Wendeltreppe-gaylerie-metzger-gallery-sculpture-art-buy-scaled.jpg 1707w\" data-sizes=\"(max-width: 687px) 100vw, 687px\" class='avia_image' ><div class=\"av-image-caption-overlay\"><div class=\"av-caption-image-overlay-bg\"><\/div><div class=\"av-image-caption-overlay-position\"><div class=\"av-image-caption-overlay-center\"><p>Atsushi Mannami \u2013 Die reine Wendeltreppe \u2013 2022 ,26x15x15 cm, Foto: Atsushi Mannami<\/p>\n<\/div><\/div><\/div><img decoding=\"async\" class='wp-image-11978 avia-img-lazy-loading-not-11978 avia_image ' src=\"https:\/\/www.galerie-metzger.de\/wp-content\/uploads\/2024\/01\/Atsushi-Mannami-die-reine-Wendeltreppe-gaylerie-metzger-gallery-sculpture-art-buy-690x1035.jpg\" alt='Atsushi Mannami - Die reine Wendeltreppe' title='Atsushi Mannami - Die reine Wendeltreppe'  height=\"1035\" width=\"690\" srcset=\"https:\/\/www.galerie-metzger.de\/wp-content\/uploads\/2024\/01\/Atsushi-Mannami-die-reine-Wendeltreppe-gaylerie-metzger-gallery-sculpture-art-buy-690x1035.jpg 690w, https:\/\/www.galerie-metzger.de\/wp-content\/uploads\/2024\/01\/Atsushi-Mannami-die-reine-Wendeltreppe-gaylerie-metzger-gallery-sculpture-art-buy-687x1030.jpg 687w, https:\/\/www.galerie-metzger.de\/wp-content\/uploads\/2024\/01\/Atsushi-Mannami-die-reine-Wendeltreppe-gaylerie-metzger-gallery-sculpture-art-buy-768x1152.jpg 768w, https:\/\/www.galerie-metzger.de\/wp-content\/uploads\/2024\/01\/Atsushi-Mannami-die-reine-Wendeltreppe-gaylerie-metzger-gallery-sculpture-art-buy-1024x1536.jpg 1024w, https:\/\/www.galerie-metzger.de\/wp-content\/uploads\/2024\/01\/Atsushi-Mannami-die-reine-Wendeltreppe-gaylerie-metzger-gallery-sculpture-art-buy-1365x2048.jpg 1365w, https:\/\/www.galerie-metzger.de\/wp-content\/uploads\/2024\/01\/Atsushi-Mannami-die-reine-Wendeltreppe-gaylerie-metzger-gallery-sculpture-art-buy-1000x1500.jpg 1000w, https:\/\/www.galerie-metzger.de\/wp-content\/uploads\/2024\/01\/Atsushi-Mannami-die-reine-Wendeltreppe-gaylerie-metzger-gallery-sculpture-art-buy-470x705.jpg 470w, https:\/\/www.galerie-metzger.de\/wp-content\/uploads\/2024\/01\/Atsushi-Mannami-die-reine-Wendeltreppe-gaylerie-metzger-gallery-sculpture-art-buy-scaled.jpg 1707w\" sizes=\"(max-width: 690px) 100vw, 690px\" \/><\/a><\/div><\/div><\/div><br \/>\n<section  class='av_textblock_section av-lri8tvm2-3db51eef1ad62b2b67bf7345d316c447' ><div class='avia_textblock jo_werk_anfrage lang' ><p><a class=\"anfrage\" href=\"mailto:info@galerie-metzger.de?subject=Atsushi%20Mannami%20Die%20reine%20Wendeltreppe%2026x15x15cm\">request information<\/a><\/p>\n<\/div><\/section><\/p><\/div><\/div><!--close column table wrapper. Autoclose: 1 --><div class='flex_column_table av-2xkinw7-5f2dc2c89c8864ac97e49fcbf6922e40 sc-av_one_full av-equal-height-column-flextable'>\n<style type=\"text\/css\" data-created_by=\"avia_inline_auto\" id=\"style-css-av-2xkinw7-5f2dc2c89c8864ac97e49fcbf6922e40\">\n.flex_column.av-2xkinw7-5f2dc2c89c8864ac97e49fcbf6922e40{\n-webkit-border-radius:0px 0px 0px 0px;\n-moz-border-radius:0px 0px 0px 0px;\nborder-radius:0px 0px 0px 0px;\n}\n<\/style>\n<div class='flex_column av-2xkinw7-5f2dc2c89c8864ac97e49fcbf6922e40 av_one_full  avia-builder-el-94  el_after_av_one_third  el_before_av_one_half  jo_col_empty first flex_column_table_cell av-equal-height-column av-align-top av-animated-generic fade-in av-zero-column-padding column-top-margin'     ><section  class='av_textblock_section av-2p3t0hj-cb3e9d2eed93a2038fc1aca73ec204a0' ><div class='avia_textblock' ><p>invisible placeholder<\/p>\n<\/div><\/section><\/div><\/div><!--close column table wrapper. Autoclose: 1 --><div class='flex_column_table av-744i9qs-c166ad66173539c2f7c8eab6a17e1b03 sc-av_one_half av-equal-height-column-flextable'>\n<style type=\"text\/css\" data-created_by=\"avia_inline_auto\" id=\"style-css-av-744i9qs-c166ad66173539c2f7c8eab6a17e1b03\">\n.flex_column.av-744i9qs-c166ad66173539c2f7c8eab6a17e1b03{\n-webkit-border-radius:0px 0px 0px 0px;\n-moz-border-radius:0px 0px 0px 0px;\nborder-radius:0px 0px 0px 0px;\n}\n<\/style>\n<div class='flex_column av-744i9qs-c166ad66173539c2f7c8eab6a17e1b03 av_one_half  avia-builder-el-96  el_after_av_one_full  el_before_av_one_half  jo_pf_bild_bg first flex_column_table_cell av-equal-height-column av-align-middle av-animated-generic fade-in av-zero-column-padding column-top-margin'     ><style type=\"text\/css\" data-created_by=\"avia_inline_auto\" id=\"style-css-av-lun4cs2p-dcbfff6eb83936d881941d3abb819c9f\">\n.avia-image-container.av-lun4cs2p-dcbfff6eb83936d881941d3abb819c9f img.avia_image{\nbox-shadow:none;\n}\n.avia-image-container.av-lun4cs2p-dcbfff6eb83936d881941d3abb819c9f .av-caption-image-overlay-bg{\nopacity:0.4;\n}\n<\/style>\n<div  class='avia-image-container av-lun4cs2p-dcbfff6eb83936d881941d3abb819c9f av-styling-no-styling avia_animated_image av-animated-when-visible-95 fade-in avia-align-left  avia-builder-el-97  avia-builder-el-no-sibling  jo_pf_bild noHover av-overlay-hover-deactivate'  ><div class=\"avia-image-container-inner\"><div class=\"avia-image-overlay-wrap\"><a href=\"https:\/\/www.galerie-metzger.de\/wp-content\/uploads\/2024\/04\/Atsushi-Mannami-Blick-in-die-Ausstellung-Die-Kunst-und-der-Raum-galerie-metzger-gallery-1030x687.jpg\" data-srcset=\"https:\/\/www.galerie-metzger.de\/wp-content\/uploads\/2024\/04\/Atsushi-Mannami-Blick-in-die-Ausstellung-Die-Kunst-und-der-Raum-galerie-metzger-gallery-1030x687.jpg 1030w, https:\/\/www.galerie-metzger.de\/wp-content\/uploads\/2024\/04\/Atsushi-Mannami-Blick-in-die-Ausstellung-Die-Kunst-und-der-Raum-galerie-metzger-gallery-690x460.jpg 690w, https:\/\/www.galerie-metzger.de\/wp-content\/uploads\/2024\/04\/Atsushi-Mannami-Blick-in-die-Ausstellung-Die-Kunst-und-der-Raum-galerie-metzger-gallery-768x512.jpg 768w, https:\/\/www.galerie-metzger.de\/wp-content\/uploads\/2024\/04\/Atsushi-Mannami-Blick-in-die-Ausstellung-Die-Kunst-und-der-Raum-galerie-metzger-gallery-1536x1024.jpg 1536w, https:\/\/www.galerie-metzger.de\/wp-content\/uploads\/2024\/04\/Atsushi-Mannami-Blick-in-die-Ausstellung-Die-Kunst-und-der-Raum-galerie-metzger-gallery-2048x1365.jpg 2048w, https:\/\/www.galerie-metzger.de\/wp-content\/uploads\/2024\/04\/Atsushi-Mannami-Blick-in-die-Ausstellung-Die-Kunst-und-der-Raum-galerie-metzger-gallery-1500x1000.jpg 1500w, https:\/\/www.galerie-metzger.de\/wp-content\/uploads\/2024\/04\/Atsushi-Mannami-Blick-in-die-Ausstellung-Die-Kunst-und-der-Raum-galerie-metzger-gallery-705x470.jpg 705w\" data-sizes=\"(max-width: 1030px) 100vw, 1030px\" class='avia_image' ><div class=\"av-image-caption-overlay\"><div class=\"av-caption-image-overlay-bg\"><\/div><div class=\"av-image-caption-overlay-position\"><div class=\"av-image-caption-overlay-center\"><p>View into the exhibition space of Atsushi Mannami \u2013 Art and Space \u2013 Foto: Edi Baumann<\/p>\n<\/div><\/div><\/div><img decoding=\"async\" class='wp-image-12399 avia-img-lazy-loading-not-12399 avia_image ' src=\"https:\/\/www.galerie-metzger.de\/wp-content\/uploads\/2024\/04\/Atsushi-Mannami-Blick-in-die-Ausstellung-Die-Kunst-und-der-Raum-galerie-metzger-gallery-690x460.jpg\" alt='Atsushi Mannami - View into the exhibion Art and Space' title='Atsushi Mannami - View into the exhibion Art and Space'  height=\"460\" width=\"690\" srcset=\"https:\/\/www.galerie-metzger.de\/wp-content\/uploads\/2024\/04\/Atsushi-Mannami-Blick-in-die-Ausstellung-Die-Kunst-und-der-Raum-galerie-metzger-gallery-690x460.jpg 690w, https:\/\/www.galerie-metzger.de\/wp-content\/uploads\/2024\/04\/Atsushi-Mannami-Blick-in-die-Ausstellung-Die-Kunst-und-der-Raum-galerie-metzger-gallery-1030x687.jpg 1030w, https:\/\/www.galerie-metzger.de\/wp-content\/uploads\/2024\/04\/Atsushi-Mannami-Blick-in-die-Ausstellung-Die-Kunst-und-der-Raum-galerie-metzger-gallery-768x512.jpg 768w, https:\/\/www.galerie-metzger.de\/wp-content\/uploads\/2024\/04\/Atsushi-Mannami-Blick-in-die-Ausstellung-Die-Kunst-und-der-Raum-galerie-metzger-gallery-1536x1024.jpg 1536w, https:\/\/www.galerie-metzger.de\/wp-content\/uploads\/2024\/04\/Atsushi-Mannami-Blick-in-die-Ausstellung-Die-Kunst-und-der-Raum-galerie-metzger-gallery-2048x1365.jpg 2048w, https:\/\/www.galerie-metzger.de\/wp-content\/uploads\/2024\/04\/Atsushi-Mannami-Blick-in-die-Ausstellung-Die-Kunst-und-der-Raum-galerie-metzger-gallery-1500x1000.jpg 1500w, https:\/\/www.galerie-metzger.de\/wp-content\/uploads\/2024\/04\/Atsushi-Mannami-Blick-in-die-Ausstellung-Die-Kunst-und-der-Raum-galerie-metzger-gallery-705x470.jpg 705w\" sizes=\"(max-width: 690px) 100vw, 690px\" \/><\/a><\/div><\/div><\/div><\/div><div class='av-flex-placeholder'><\/div>\n<style type=\"text\/css\" data-created_by=\"avia_inline_auto\" id=\"style-css-av-6ortkvo-66e0a087e639878fa8cdb37013da8b74\">\n.flex_column.av-6ortkvo-66e0a087e639878fa8cdb37013da8b74{\n-webkit-border-radius:0px 0px 0px 0px;\n-moz-border-radius:0px 0px 0px 0px;\nborder-radius:0px 0px 0px 0px;\n}\n<\/style>\n<div class='flex_column av-6ortkvo-66e0a087e639878fa8cdb37013da8b74 av_one_half  avia-builder-el-98  el_after_av_one_half  el_before_av_one_full  jo_pf_bild_bg flex_column_table_cell av-equal-height-column av-align-middle av-animated-generic fade-in av-zero-column-padding column-top-margin'     ><style type=\"text\/css\" data-created_by=\"avia_inline_auto\" id=\"style-css-av-lun4d82d-143fd7fb728f19f6294f8bd626b415c2\">\n.avia-image-container.av-lun4d82d-143fd7fb728f19f6294f8bd626b415c2 img.avia_image{\nbox-shadow:none;\n}\n.avia-image-container.av-lun4d82d-143fd7fb728f19f6294f8bd626b415c2 .av-caption-image-overlay-bg{\nopacity:0.4;\n}\n<\/style>\n<div  class='avia-image-container av-lun4d82d-143fd7fb728f19f6294f8bd626b415c2 av-styling-no-styling avia_animated_image av-animated-when-visible-95 fade-in avia-align-left  avia-builder-el-99  avia-builder-el-no-sibling  jo_pf_bild noHover av-overlay-hover-deactivate'  ><div class=\"avia-image-container-inner\"><div class=\"avia-image-overlay-wrap\"><a href=\"https:\/\/www.galerie-metzger.de\/wp-content\/uploads\/2024\/04\/Atsushi-Mannami-Blick-in-die-Ausstellung-Die-Kunst-und-der-Raum-galerie-metzger-gallery-sculpture-art-1030x687.jpg\" data-srcset=\"https:\/\/www.galerie-metzger.de\/wp-content\/uploads\/2024\/04\/Atsushi-Mannami-Blick-in-die-Ausstellung-Die-Kunst-und-der-Raum-galerie-metzger-gallery-sculpture-art-1030x687.jpg 1030w, https:\/\/www.galerie-metzger.de\/wp-content\/uploads\/2024\/04\/Atsushi-Mannami-Blick-in-die-Ausstellung-Die-Kunst-und-der-Raum-galerie-metzger-gallery-sculpture-art-690x460.jpg 690w, https:\/\/www.galerie-metzger.de\/wp-content\/uploads\/2024\/04\/Atsushi-Mannami-Blick-in-die-Ausstellung-Die-Kunst-und-der-Raum-galerie-metzger-gallery-sculpture-art-768x512.jpg 768w, https:\/\/www.galerie-metzger.de\/wp-content\/uploads\/2024\/04\/Atsushi-Mannami-Blick-in-die-Ausstellung-Die-Kunst-und-der-Raum-galerie-metzger-gallery-sculpture-art-1536x1024.jpg 1536w, https:\/\/www.galerie-metzger.de\/wp-content\/uploads\/2024\/04\/Atsushi-Mannami-Blick-in-die-Ausstellung-Die-Kunst-und-der-Raum-galerie-metzger-gallery-sculpture-art-2048x1365.jpg 2048w, https:\/\/www.galerie-metzger.de\/wp-content\/uploads\/2024\/04\/Atsushi-Mannami-Blick-in-die-Ausstellung-Die-Kunst-und-der-Raum-galerie-metzger-gallery-sculpture-art-1500x1000.jpg 1500w, https:\/\/www.galerie-metzger.de\/wp-content\/uploads\/2024\/04\/Atsushi-Mannami-Blick-in-die-Ausstellung-Die-Kunst-und-der-Raum-galerie-metzger-gallery-sculpture-art-705x470.jpg 705w\" data-sizes=\"(max-width: 1030px) 100vw, 1030px\" class='avia_image' ><div class=\"av-image-caption-overlay\"><div class=\"av-caption-image-overlay-bg\"><\/div><div class=\"av-image-caption-overlay-position\"><div class=\"av-image-caption-overlay-center\"><p>View into the exhibition space of Atsushi Mannami \u2013 Art and Space \u2013 Foto: Edi Baumann<\/p>\n<\/div><\/div><\/div><img decoding=\"async\" class='wp-image-12397 avia-img-lazy-loading-not-12397 avia_image ' src=\"https:\/\/www.galerie-metzger.de\/wp-content\/uploads\/2024\/04\/Atsushi-Mannami-Blick-in-die-Ausstellung-Die-Kunst-und-der-Raum-galerie-metzger-gallery-sculpture-art-690x460.jpg\" alt='Atsushi Mannami - Blick in die Ausstellung Die Kunst und der Raum' title='Atsushi Mannami Blick in die Ausstellung Die Kunst und der Raum galerie metzger gallery sculpture art'  height=\"460\" width=\"690\" srcset=\"https:\/\/www.galerie-metzger.de\/wp-content\/uploads\/2024\/04\/Atsushi-Mannami-Blick-in-die-Ausstellung-Die-Kunst-und-der-Raum-galerie-metzger-gallery-sculpture-art-690x460.jpg 690w, https:\/\/www.galerie-metzger.de\/wp-content\/uploads\/2024\/04\/Atsushi-Mannami-Blick-in-die-Ausstellung-Die-Kunst-und-der-Raum-galerie-metzger-gallery-sculpture-art-1030x687.jpg 1030w, https:\/\/www.galerie-metzger.de\/wp-content\/uploads\/2024\/04\/Atsushi-Mannami-Blick-in-die-Ausstellung-Die-Kunst-und-der-Raum-galerie-metzger-gallery-sculpture-art-768x512.jpg 768w, https:\/\/www.galerie-metzger.de\/wp-content\/uploads\/2024\/04\/Atsushi-Mannami-Blick-in-die-Ausstellung-Die-Kunst-und-der-Raum-galerie-metzger-gallery-sculpture-art-1536x1024.jpg 1536w, https:\/\/www.galerie-metzger.de\/wp-content\/uploads\/2024\/04\/Atsushi-Mannami-Blick-in-die-Ausstellung-Die-Kunst-und-der-Raum-galerie-metzger-gallery-sculpture-art-2048x1365.jpg 2048w, https:\/\/www.galerie-metzger.de\/wp-content\/uploads\/2024\/04\/Atsushi-Mannami-Blick-in-die-Ausstellung-Die-Kunst-und-der-Raum-galerie-metzger-gallery-sculpture-art-1500x1000.jpg 1500w, https:\/\/www.galerie-metzger.de\/wp-content\/uploads\/2024\/04\/Atsushi-Mannami-Blick-in-die-Ausstellung-Die-Kunst-und-der-Raum-galerie-metzger-gallery-sculpture-art-705x470.jpg 705w\" sizes=\"(max-width: 690px) 100vw, 690px\" \/><\/a><\/div><\/div><\/div><\/div><\/div><!--close column table wrapper. Autoclose: 1 --><div class='flex_column_table av-6b62eno-4dd71931130f622d0134a86b809b92da sc-av_one_full av-equal-height-column-flextable'>\n<style type=\"text\/css\" data-created_by=\"avia_inline_auto\" id=\"style-css-av-6b62eno-4dd71931130f622d0134a86b809b92da\">\n.flex_column.av-6b62eno-4dd71931130f622d0134a86b809b92da{\n-webkit-border-radius:0px 0px 0px 0px;\n-moz-border-radius:0px 0px 0px 0px;\nborder-radius:0px 0px 0px 0px;\n}\n<\/style>\n<div class='flex_column av-6b62eno-4dd71931130f622d0134a86b809b92da av_one_full  avia-builder-el-100  el_after_av_one_half  el_before_av_one_half  jo_col_empty first flex_column_table_cell av-equal-height-column av-align-top av-animated-generic fade-in av-zero-column-padding column-top-margin'     ><section  class='av_textblock_section av-ldeqac-5e9781a811b79c598bc62fec817c1eb8' ><div class='avia_textblock' ><p>invisible placeholder<\/p>\n<\/div><\/section><\/div><\/div><!--close column table wrapper. Autoclose: 1 --><div class='flex_column_table av-55xi1qs-9673817b23db178bc742bd78d65ed801 sc-av_one_half av-equal-height-column-flextable'>\n<style type=\"text\/css\" data-created_by=\"avia_inline_auto\" id=\"style-css-av-55xi1qs-9673817b23db178bc742bd78d65ed801\">\n.flex_column.av-55xi1qs-9673817b23db178bc742bd78d65ed801{\n-webkit-border-radius:0px 0px 0px 0px;\n-moz-border-radius:0px 0px 0px 0px;\nborder-radius:0px 0px 0px 0px;\n}\n<\/style>\n<div class='flex_column av-55xi1qs-9673817b23db178bc742bd78d65ed801 av_one_half  avia-builder-el-102  el_after_av_one_full  el_before_av_one_half  jo_pf_bild_bg first flex_column_table_cell av-equal-height-column av-align-middle av-animated-generic fade-in av-zero-column-padding column-top-margin'     ><style type=\"text\/css\" data-created_by=\"avia_inline_auto\" id=\"style-css-av-lun4end6-d64c6963dc8cd62b880c03abbae14c9d\">\n.avia-image-container.av-lun4end6-d64c6963dc8cd62b880c03abbae14c9d img.avia_image{\nbox-shadow:none;\n}\n.avia-image-container.av-lun4end6-d64c6963dc8cd62b880c03abbae14c9d .av-caption-image-overlay-bg{\nopacity:0.4;\n}\n<\/style>\n<div  class='avia-image-container av-lun4end6-d64c6963dc8cd62b880c03abbae14c9d av-styling-no-styling avia_animated_image av-animated-when-visible-95 fade-in avia-align-left  avia-builder-el-103  avia-builder-el-no-sibling  jo_pf_bild noHover av-overlay-hover-deactivate'  ><div class=\"avia-image-container-inner\"><div class=\"avia-image-overlay-wrap\"><a href=\"https:\/\/www.galerie-metzger.de\/wp-content\/uploads\/2024\/04\/Atsushi-Mannami-Sternfragmente-auf-Flachbett-galerie-metzger-sculpture-keramikunst-art-buy-1030x687.jpg\" data-srcset=\"https:\/\/www.galerie-metzger.de\/wp-content\/uploads\/2024\/04\/Atsushi-Mannami-Sternfragmente-auf-Flachbett-galerie-metzger-sculpture-keramikunst-art-buy-1030x687.jpg 1030w, https:\/\/www.galerie-metzger.de\/wp-content\/uploads\/2024\/04\/Atsushi-Mannami-Sternfragmente-auf-Flachbett-galerie-metzger-sculpture-keramikunst-art-buy-690x460.jpg 690w, https:\/\/www.galerie-metzger.de\/wp-content\/uploads\/2024\/04\/Atsushi-Mannami-Sternfragmente-auf-Flachbett-galerie-metzger-sculpture-keramikunst-art-buy-768x512.jpg 768w, https:\/\/www.galerie-metzger.de\/wp-content\/uploads\/2024\/04\/Atsushi-Mannami-Sternfragmente-auf-Flachbett-galerie-metzger-sculpture-keramikunst-art-buy-1536x1024.jpg 1536w, https:\/\/www.galerie-metzger.de\/wp-content\/uploads\/2024\/04\/Atsushi-Mannami-Sternfragmente-auf-Flachbett-galerie-metzger-sculpture-keramikunst-art-buy-2048x1365.jpg 2048w, https:\/\/www.galerie-metzger.de\/wp-content\/uploads\/2024\/04\/Atsushi-Mannami-Sternfragmente-auf-Flachbett-galerie-metzger-sculpture-keramikunst-art-buy-1500x1000.jpg 1500w, https:\/\/www.galerie-metzger.de\/wp-content\/uploads\/2024\/04\/Atsushi-Mannami-Sternfragmente-auf-Flachbett-galerie-metzger-sculpture-keramikunst-art-buy-705x470.jpg 705w\" data-sizes=\"(max-width: 1030px) 100vw, 1030px\" class='avia_image' ><div class=\"av-image-caption-overlay\"><div class=\"av-caption-image-overlay-bg\"><\/div><div class=\"av-image-caption-overlay-position\"><div class=\"av-image-caption-overlay-center\"><p>View into the exhibition space of Atsushi Mannami \u2013 Work Sternfragmente auf Flachbett \u2013 Foto: Edi Baumann<\/p>\n<\/div><\/div><\/div><img decoding=\"async\" class='wp-image-12403 avia-img-lazy-loading-not-12403 avia_image ' src=\"https:\/\/www.galerie-metzger.de\/wp-content\/uploads\/2024\/04\/Atsushi-Mannami-Sternfragmente-auf-Flachbett-galerie-metzger-sculpture-keramikunst-art-buy-690x460.jpg\" alt='Atsushi Mannami - Sternfragmente auf Flachbett' title='Atsushi Mannami - Sternfragmente auf Flachbett'  height=\"460\" width=\"690\" srcset=\"https:\/\/www.galerie-metzger.de\/wp-content\/uploads\/2024\/04\/Atsushi-Mannami-Sternfragmente-auf-Flachbett-galerie-metzger-sculpture-keramikunst-art-buy-690x460.jpg 690w, https:\/\/www.galerie-metzger.de\/wp-content\/uploads\/2024\/04\/Atsushi-Mannami-Sternfragmente-auf-Flachbett-galerie-metzger-sculpture-keramikunst-art-buy-1030x687.jpg 1030w, https:\/\/www.galerie-metzger.de\/wp-content\/uploads\/2024\/04\/Atsushi-Mannami-Sternfragmente-auf-Flachbett-galerie-metzger-sculpture-keramikunst-art-buy-768x512.jpg 768w, https:\/\/www.galerie-metzger.de\/wp-content\/uploads\/2024\/04\/Atsushi-Mannami-Sternfragmente-auf-Flachbett-galerie-metzger-sculpture-keramikunst-art-buy-1536x1024.jpg 1536w, https:\/\/www.galerie-metzger.de\/wp-content\/uploads\/2024\/04\/Atsushi-Mannami-Sternfragmente-auf-Flachbett-galerie-metzger-sculpture-keramikunst-art-buy-2048x1365.jpg 2048w, https:\/\/www.galerie-metzger.de\/wp-content\/uploads\/2024\/04\/Atsushi-Mannami-Sternfragmente-auf-Flachbett-galerie-metzger-sculpture-keramikunst-art-buy-1500x1000.jpg 1500w, https:\/\/www.galerie-metzger.de\/wp-content\/uploads\/2024\/04\/Atsushi-Mannami-Sternfragmente-auf-Flachbett-galerie-metzger-sculpture-keramikunst-art-buy-705x470.jpg 705w\" sizes=\"(max-width: 690px) 100vw, 690px\" \/><\/a><\/div><\/div><\/div><\/div><div class='av-flex-placeholder'><\/div>\n<style type=\"text\/css\" data-created_by=\"avia_inline_auto\" id=\"style-css-av-4v2tel0-3509158c0c5973506faa1c30e02e6470\">\n.flex_column.av-4v2tel0-3509158c0c5973506faa1c30e02e6470{\n-webkit-border-radius:0px 0px 0px 0px;\n-moz-border-radius:0px 0px 0px 0px;\nborder-radius:0px 0px 0px 0px;\n}\n<\/style>\n<div class='flex_column av-4v2tel0-3509158c0c5973506faa1c30e02e6470 av_one_half  avia-builder-el-104  el_after_av_one_half  el_before_av_one_full  jo_pf_bild_bg flex_column_table_cell av-equal-height-column av-align-middle av-animated-generic fade-in av-zero-column-padding column-top-margin'     ><style type=\"text\/css\" data-created_by=\"avia_inline_auto\" id=\"style-css-av-lun4f1a5-b9becd810e63336b4432278921aa8cb7\">\n.avia-image-container.av-lun4f1a5-b9becd810e63336b4432278921aa8cb7 img.avia_image{\nbox-shadow:none;\n}\n.avia-image-container.av-lun4f1a5-b9becd810e63336b4432278921aa8cb7 .av-caption-image-overlay-bg{\nopacity:0.4;\n}\n<\/style>\n<div  class='avia-image-container av-lun4f1a5-b9becd810e63336b4432278921aa8cb7 av-styling-no-styling avia_animated_image av-animated-when-visible-95 fade-in avia-align-left  avia-builder-el-105  avia-builder-el-no-sibling  jo_pf_bild noHover av-overlay-hover-deactivate'  ><div class=\"avia-image-container-inner\"><div class=\"avia-image-overlay-wrap\"><a href=\"https:\/\/www.galerie-metzger.de\/wp-content\/uploads\/2024\/04\/Atsushi-Mannami-Detail-Sternfragmente-auf-Flachbett-galerie-metzger-gallery-ceramic-art-1030x527.jpg\" data-srcset=\"https:\/\/www.galerie-metzger.de\/wp-content\/uploads\/2024\/04\/Atsushi-Mannami-Detail-Sternfragmente-auf-Flachbett-galerie-metzger-gallery-ceramic-art-1030x527.jpg 1030w, https:\/\/www.galerie-metzger.de\/wp-content\/uploads\/2024\/04\/Atsushi-Mannami-Detail-Sternfragmente-auf-Flachbett-galerie-metzger-gallery-ceramic-art-690x353.jpg 690w, https:\/\/www.galerie-metzger.de\/wp-content\/uploads\/2024\/04\/Atsushi-Mannami-Detail-Sternfragmente-auf-Flachbett-galerie-metzger-gallery-ceramic-art-768x393.jpg 768w, https:\/\/www.galerie-metzger.de\/wp-content\/uploads\/2024\/04\/Atsushi-Mannami-Detail-Sternfragmente-auf-Flachbett-galerie-metzger-gallery-ceramic-art-1536x786.jpg 1536w, https:\/\/www.galerie-metzger.de\/wp-content\/uploads\/2024\/04\/Atsushi-Mannami-Detail-Sternfragmente-auf-Flachbett-galerie-metzger-gallery-ceramic-art-2048x1048.jpg 2048w, https:\/\/www.galerie-metzger.de\/wp-content\/uploads\/2024\/04\/Atsushi-Mannami-Detail-Sternfragmente-auf-Flachbett-galerie-metzger-gallery-ceramic-art-1500x767.jpg 1500w, https:\/\/www.galerie-metzger.de\/wp-content\/uploads\/2024\/04\/Atsushi-Mannami-Detail-Sternfragmente-auf-Flachbett-galerie-metzger-gallery-ceramic-art-705x361.jpg 705w\" data-sizes=\"(max-width: 1030px) 100vw, 1030px\" class='avia_image' ><div class=\"av-image-caption-overlay\"><div class=\"av-caption-image-overlay-bg\"><\/div><div class=\"av-image-caption-overlay-position\"><div class=\"av-image-caption-overlay-center\"><p>View into the exhibition space of Atsushi Mannami \u2013 Work Sternfragmente auf Flachbett \u2013 Foto: Edi Baumann<\/p>\n<\/div><\/div><\/div><img decoding=\"async\" class='wp-image-12401 avia-img-lazy-loading-not-12401 avia_image ' src=\"https:\/\/www.galerie-metzger.de\/wp-content\/uploads\/2024\/04\/Atsushi-Mannami-Detail-Sternfragmente-auf-Flachbett-galerie-metzger-gallery-ceramic-art-690x353.jpg\" alt='Atsushi Mannami - Detail Sternfragmente auf Flachbett' title='Atsushi Mannami - Detail Sternfragmente auf Flachbett'  height=\"353\" width=\"690\" srcset=\"https:\/\/www.galerie-metzger.de\/wp-content\/uploads\/2024\/04\/Atsushi-Mannami-Detail-Sternfragmente-auf-Flachbett-galerie-metzger-gallery-ceramic-art-690x353.jpg 690w, https:\/\/www.galerie-metzger.de\/wp-content\/uploads\/2024\/04\/Atsushi-Mannami-Detail-Sternfragmente-auf-Flachbett-galerie-metzger-gallery-ceramic-art-1030x527.jpg 1030w, https:\/\/www.galerie-metzger.de\/wp-content\/uploads\/2024\/04\/Atsushi-Mannami-Detail-Sternfragmente-auf-Flachbett-galerie-metzger-gallery-ceramic-art-768x393.jpg 768w, https:\/\/www.galerie-metzger.de\/wp-content\/uploads\/2024\/04\/Atsushi-Mannami-Detail-Sternfragmente-auf-Flachbett-galerie-metzger-gallery-ceramic-art-1536x786.jpg 1536w, https:\/\/www.galerie-metzger.de\/wp-content\/uploads\/2024\/04\/Atsushi-Mannami-Detail-Sternfragmente-auf-Flachbett-galerie-metzger-gallery-ceramic-art-2048x1048.jpg 2048w, https:\/\/www.galerie-metzger.de\/wp-content\/uploads\/2024\/04\/Atsushi-Mannami-Detail-Sternfragmente-auf-Flachbett-galerie-metzger-gallery-ceramic-art-1500x767.jpg 1500w, https:\/\/www.galerie-metzger.de\/wp-content\/uploads\/2024\/04\/Atsushi-Mannami-Detail-Sternfragmente-auf-Flachbett-galerie-metzger-gallery-ceramic-art-705x361.jpg 705w\" sizes=\"(max-width: 690px) 100vw, 690px\" \/><\/a><\/div><\/div><\/div><\/div><\/div><!--close column table wrapper. Autoclose: 1 --><div class='flex_column_table av-4kobr2s-1f9fef3c894383e20addd37bac8ad7c4 sc-av_one_full av-equal-height-column-flextable'>\n<style type=\"text\/css\" data-created_by=\"avia_inline_auto\" id=\"style-css-av-4kobr2s-1f9fef3c894383e20addd37bac8ad7c4\">\n.flex_column.av-4kobr2s-1f9fef3c894383e20addd37bac8ad7c4{\n-webkit-border-radius:0px 0px 0px 0px;\n-moz-border-radius:0px 0px 0px 0px;\nborder-radius:0px 0px 0px 0px;\n}\n<\/style>\n<div class='flex_column av-4kobr2s-1f9fef3c894383e20addd37bac8ad7c4 av_one_full  avia-builder-el-106  el_after_av_one_half  el_before_av_one_half  jo_col_empty first flex_column_table_cell av-equal-height-column av-align-top av-animated-generic fade-in av-zero-column-padding column-top-margin'     ><section  class='av_textblock_section av-3w07fzo-de1d49116202e9f7d703f364e110af63' ><div class='avia_textblock' ><p>invisible placeholder<\/p>\n<\/div><\/section><\/div><\/div><!--close column table wrapper. Autoclose: 1 -->\n<style type=\"text\/css\" data-created_by=\"avia_inline_auto\" id=\"style-css-av-3kym5x3-1b3c38a8397b51b44278b292d2843307\">\n.flex_column.av-3kym5x3-1b3c38a8397b51b44278b292d2843307{\n-webkit-border-radius:0px 0px 0px 0px;\n-moz-border-radius:0px 0px 0px 0px;\nborder-radius:0px 0px 0px 0px;\n}\n<\/style>\n<div class='flex_column av-3kym5x3-1b3c38a8397b51b44278b292d2843307 av_one_half  avia-builder-el-108  el_after_av_one_full  el_before_av_one_half  jo_pf_bild_bg first flex_column_div av-animated-generic fade-in av-zero-column-padding column-top-margin'     ><p>\n<style type=\"text\/css\" data-created_by=\"avia_inline_auto\" id=\"style-css-av-lljm35wf-3ed72a6c36ac0fb755f32496db5c9e90\">\n.avia-image-container.av-lljm35wf-3ed72a6c36ac0fb755f32496db5c9e90 img.avia_image{\nbox-shadow:none;\n}\n.avia-image-container.av-lljm35wf-3ed72a6c36ac0fb755f32496db5c9e90 .av-caption-image-overlay-bg{\nopacity:0.4;\n}\n<\/style>\n<div  class='avia-image-container av-lljm35wf-3ed72a6c36ac0fb755f32496db5c9e90 av-styling-no-styling avia_animated_image av-animated-when-visible-95 fade-in avia-align-left  avia-builder-el-109  el_before_av_textblock  avia-builder-el-first  jo_pf_bild noHover av-overlay-hover-deactivate'  ><div class=\"avia-image-container-inner\"><div class=\"avia-image-overlay-wrap\"><a href=\"https:\/\/www.galerie-metzger.de\/wp-content\/uploads\/2024\/01\/Waleed-R.-Qaisi-Shapes-Space-galerie-metzger-gallery-sculture-buy-ceramic-1030x687.jpg\" data-srcset=\"https:\/\/www.galerie-metzger.de\/wp-content\/uploads\/2024\/01\/Waleed-R.-Qaisi-Shapes-Space-galerie-metzger-gallery-sculture-buy-ceramic-1030x687.jpg 1030w, https:\/\/www.galerie-metzger.de\/wp-content\/uploads\/2024\/01\/Waleed-R.-Qaisi-Shapes-Space-galerie-metzger-gallery-sculture-buy-ceramic-690x460.jpg 690w, https:\/\/www.galerie-metzger.de\/wp-content\/uploads\/2024\/01\/Waleed-R.-Qaisi-Shapes-Space-galerie-metzger-gallery-sculture-buy-ceramic-768x512.jpg 768w, https:\/\/www.galerie-metzger.de\/wp-content\/uploads\/2024\/01\/Waleed-R.-Qaisi-Shapes-Space-galerie-metzger-gallery-sculture-buy-ceramic-1536x1024.jpg 1536w, https:\/\/www.galerie-metzger.de\/wp-content\/uploads\/2024\/01\/Waleed-R.-Qaisi-Shapes-Space-galerie-metzger-gallery-sculture-buy-ceramic-2048x1365.jpg 2048w, https:\/\/www.galerie-metzger.de\/wp-content\/uploads\/2024\/01\/Waleed-R.-Qaisi-Shapes-Space-galerie-metzger-gallery-sculture-buy-ceramic-1500x1000.jpg 1500w, https:\/\/www.galerie-metzger.de\/wp-content\/uploads\/2024\/01\/Waleed-R.-Qaisi-Shapes-Space-galerie-metzger-gallery-sculture-buy-ceramic-705x470.jpg 705w\" data-sizes=\"(max-width: 1030px) 100vw, 1030px\" class='avia_image' ><div class=\"av-image-caption-overlay\"><div class=\"av-caption-image-overlay-bg\"><\/div><div class=\"av-image-caption-overlay-position\"><div class=\"av-image-caption-overlay-center\"><p>Waleed R. Qaisi \u2013 Shapes Space \u2013 2023 , 20x36x17 cm, Foto: Saleh Hamdouni<\/p>\n<\/div><\/div><\/div><img decoding=\"async\" class='wp-image-11968 avia-img-lazy-loading-not-11968 avia_image ' src=\"https:\/\/www.galerie-metzger.de\/wp-content\/uploads\/2024\/01\/Waleed-R.-Qaisi-Shapes-Space-galerie-metzger-gallery-sculture-buy-ceramic-690x460.jpg\" alt='Waleed R. Qaisi - Shapes Space' title='Waleed R. Qaisi - Shapes Space'  height=\"460\" width=\"690\" srcset=\"https:\/\/www.galerie-metzger.de\/wp-content\/uploads\/2024\/01\/Waleed-R.-Qaisi-Shapes-Space-galerie-metzger-gallery-sculture-buy-ceramic-690x460.jpg 690w, https:\/\/www.galerie-metzger.de\/wp-content\/uploads\/2024\/01\/Waleed-R.-Qaisi-Shapes-Space-galerie-metzger-gallery-sculture-buy-ceramic-1030x687.jpg 1030w, https:\/\/www.galerie-metzger.de\/wp-content\/uploads\/2024\/01\/Waleed-R.-Qaisi-Shapes-Space-galerie-metzger-gallery-sculture-buy-ceramic-768x512.jpg 768w, https:\/\/www.galerie-metzger.de\/wp-content\/uploads\/2024\/01\/Waleed-R.-Qaisi-Shapes-Space-galerie-metzger-gallery-sculture-buy-ceramic-1536x1024.jpg 1536w, https:\/\/www.galerie-metzger.de\/wp-content\/uploads\/2024\/01\/Waleed-R.-Qaisi-Shapes-Space-galerie-metzger-gallery-sculture-buy-ceramic-2048x1365.jpg 2048w, https:\/\/www.galerie-metzger.de\/wp-content\/uploads\/2024\/01\/Waleed-R.-Qaisi-Shapes-Space-galerie-metzger-gallery-sculture-buy-ceramic-1500x1000.jpg 1500w, https:\/\/www.galerie-metzger.de\/wp-content\/uploads\/2024\/01\/Waleed-R.-Qaisi-Shapes-Space-galerie-metzger-gallery-sculture-buy-ceramic-705x470.jpg 705w\" sizes=\"(max-width: 690px) 100vw, 690px\" \/><\/a><\/div><\/div><\/div><br \/>\n<section  class='av_textblock_section av-lljm49yq-31d2481efe5f4d12ae2ba79b8227f6cc' ><div class='avia_textblock jo_werk_anfrage lang' ><p><a class=\"anfrage\" href=\"mailto:info@galerie-metzger.de?subject=Waleed%20R.%20Qaisi%20Shapes%20Space%2020x36x17cm\">request information<\/a><\/p>\n<\/div><\/section><\/p><\/div>\n<style type=\"text\/css\" data-created_by=\"avia_inline_auto\" id=\"style-css-av-zdzlh0-dcce9d588c19daf8375282d6fcaf6719\">\n.flex_column.av-zdzlh0-dcce9d588c19daf8375282d6fcaf6719{\n-webkit-border-radius:0px 0px 0px 0px;\n-moz-border-radius:0px 0px 0px 0px;\nborder-radius:0px 0px 0px 0px;\n}\n<\/style>\n<div class='flex_column av-zdzlh0-dcce9d588c19daf8375282d6fcaf6719 av_one_half  avia-builder-el-111  el_after_av_one_half  el_before_av_one_full  jo_pf_bild_bg flex_column_div av-animated-generic fade-in av-zero-column-padding column-top-margin'     ><p>\n<style type=\"text\/css\" data-created_by=\"avia_inline_auto\" id=\"style-css-av-lri27f3c-15983aa1a8d94b5002911b4baa5d4847\">\n.avia-image-container.av-lri27f3c-15983aa1a8d94b5002911b4baa5d4847 img.avia_image{\nbox-shadow:none;\n}\n.avia-image-container.av-lri27f3c-15983aa1a8d94b5002911b4baa5d4847 .av-caption-image-overlay-bg{\nopacity:0.4;\n}\n<\/style>\n<div  class='avia-image-container av-lri27f3c-15983aa1a8d94b5002911b4baa5d4847 av-styling-no-styling avia_animated_image av-animated-when-visible-95 fade-in avia-align-left  avia-builder-el-112  el_before_av_textblock  avia-builder-el-first  jo_pf_bild noHover av-overlay-hover-deactivate'  ><div class=\"avia-image-container-inner\"><div class=\"avia-image-overlay-wrap\"><a href=\"https:\/\/www.galerie-metzger.de\/wp-content\/uploads\/2024\/01\/Waleed-R.-Qaisi-Spaces-shadow-galerie-metzger-gallery-skulptur-keramik-kunst-aschaffenburg-1030x687.jpg\" data-srcset=\"https:\/\/www.galerie-metzger.de\/wp-content\/uploads\/2024\/01\/Waleed-R.-Qaisi-Spaces-shadow-galerie-metzger-gallery-skulptur-keramik-kunst-aschaffenburg-1030x687.jpg 1030w, https:\/\/www.galerie-metzger.de\/wp-content\/uploads\/2024\/01\/Waleed-R.-Qaisi-Spaces-shadow-galerie-metzger-gallery-skulptur-keramik-kunst-aschaffenburg-690x460.jpg 690w, https:\/\/www.galerie-metzger.de\/wp-content\/uploads\/2024\/01\/Waleed-R.-Qaisi-Spaces-shadow-galerie-metzger-gallery-skulptur-keramik-kunst-aschaffenburg-768x512.jpg 768w, https:\/\/www.galerie-metzger.de\/wp-content\/uploads\/2024\/01\/Waleed-R.-Qaisi-Spaces-shadow-galerie-metzger-gallery-skulptur-keramik-kunst-aschaffenburg-1536x1024.jpg 1536w, https:\/\/www.galerie-metzger.de\/wp-content\/uploads\/2024\/01\/Waleed-R.-Qaisi-Spaces-shadow-galerie-metzger-gallery-skulptur-keramik-kunst-aschaffenburg-2048x1365.jpg 2048w, https:\/\/www.galerie-metzger.de\/wp-content\/uploads\/2024\/01\/Waleed-R.-Qaisi-Spaces-shadow-galerie-metzger-gallery-skulptur-keramik-kunst-aschaffenburg-1500x1000.jpg 1500w, https:\/\/www.galerie-metzger.de\/wp-content\/uploads\/2024\/01\/Waleed-R.-Qaisi-Spaces-shadow-galerie-metzger-gallery-skulptur-keramik-kunst-aschaffenburg-705x470.jpg 705w\" data-sizes=\"(max-width: 1030px) 100vw, 1030px\" class='avia_image' ><div class=\"av-image-caption-overlay\"><div class=\"av-caption-image-overlay-bg\"><\/div><div class=\"av-image-caption-overlay-position\"><div class=\"av-image-caption-overlay-center\"><p>Waleed R. Qaisi \u2013 Spaces shadow \u2013 2019 , 15x27x47 cm, Foto: Saleh Hamdouni<\/p>\n<\/div><\/div><\/div><img decoding=\"async\" class='wp-image-11970 avia-img-lazy-loading-not-11970 avia_image ' src=\"https:\/\/www.galerie-metzger.de\/wp-content\/uploads\/2024\/01\/Waleed-R.-Qaisi-Spaces-shadow-galerie-metzger-gallery-skulptur-keramik-kunst-aschaffenburg-690x460.jpg\" alt='Waleed R. Qaisi - Spaces shadow' title='Waleed R. Qaisi - Spaces shadow'  height=\"460\" width=\"690\" srcset=\"https:\/\/www.galerie-metzger.de\/wp-content\/uploads\/2024\/01\/Waleed-R.-Qaisi-Spaces-shadow-galerie-metzger-gallery-skulptur-keramik-kunst-aschaffenburg-690x460.jpg 690w, https:\/\/www.galerie-metzger.de\/wp-content\/uploads\/2024\/01\/Waleed-R.-Qaisi-Spaces-shadow-galerie-metzger-gallery-skulptur-keramik-kunst-aschaffenburg-1030x687.jpg 1030w, https:\/\/www.galerie-metzger.de\/wp-content\/uploads\/2024\/01\/Waleed-R.-Qaisi-Spaces-shadow-galerie-metzger-gallery-skulptur-keramik-kunst-aschaffenburg-768x512.jpg 768w, https:\/\/www.galerie-metzger.de\/wp-content\/uploads\/2024\/01\/Waleed-R.-Qaisi-Spaces-shadow-galerie-metzger-gallery-skulptur-keramik-kunst-aschaffenburg-1536x1024.jpg 1536w, https:\/\/www.galerie-metzger.de\/wp-content\/uploads\/2024\/01\/Waleed-R.-Qaisi-Spaces-shadow-galerie-metzger-gallery-skulptur-keramik-kunst-aschaffenburg-2048x1365.jpg 2048w, https:\/\/www.galerie-metzger.de\/wp-content\/uploads\/2024\/01\/Waleed-R.-Qaisi-Spaces-shadow-galerie-metzger-gallery-skulptur-keramik-kunst-aschaffenburg-1500x1000.jpg 1500w, https:\/\/www.galerie-metzger.de\/wp-content\/uploads\/2024\/01\/Waleed-R.-Qaisi-Spaces-shadow-galerie-metzger-gallery-skulptur-keramik-kunst-aschaffenburg-705x470.jpg 705w\" sizes=\"(max-width: 690px) 100vw, 690px\" \/><\/a><\/div><\/div><\/div><br \/>\n<section  class='av_textblock_section av-lri289ad-4a7e16c315e4b95bd588ca64f2e5a7a7' ><div class='avia_textblock jo_werk_anfrage lang' ><p><a class=\"anfrage\" href=\"mailto:info@galerie-metzger.de?subject=Waleed%20R.%20Qaisi%20Spaces%20shadow%2015x27x47cm\">request information<\/a><\/p>\n<\/div><\/section><\/p><\/div><div class='flex_column_table av-31m10fo-6bc3e29f5cc27a682a5d59c2d1273ae4 sc-av_one_full av-equal-height-column-flextable'>\n<style type=\"text\/css\" data-created_by=\"avia_inline_auto\" id=\"style-css-av-31m10fo-6bc3e29f5cc27a682a5d59c2d1273ae4\">\n.flex_column.av-31m10fo-6bc3e29f5cc27a682a5d59c2d1273ae4{\n-webkit-border-radius:0px 0px 0px 0px;\n-moz-border-radius:0px 0px 0px 0px;\nborder-radius:0px 0px 0px 0px;\n}\n<\/style>\n<div class='flex_column av-31m10fo-6bc3e29f5cc27a682a5d59c2d1273ae4 av_one_full  avia-builder-el-114  el_after_av_one_half  el_before_av_one_third  jo_col_empty first flex_column_table_cell av-equal-height-column av-align-top av-animated-generic fade-in av-zero-column-padding column-top-margin'     ><section  class='av_textblock_section av-2phsphw-ad01131345fe852d3c80feb753d04a64' ><div class='avia_textblock' ><p>invisible placeholder<\/p>\n<\/div><\/section><\/div><\/div><!--close column table wrapper. Autoclose: 1 --><div class='flex_column_table av-27on050-b624bcddf131261e91d4ea66f5655dd7 sc-av_one_third av-equal-height-column-flextable'>\n<style type=\"text\/css\" data-created_by=\"avia_inline_auto\" id=\"style-css-av-27on050-b624bcddf131261e91d4ea66f5655dd7\">\n.flex_column.av-27on050-b624bcddf131261e91d4ea66f5655dd7{\n-webkit-border-radius:0px 0px 0px 0px;\n-moz-border-radius:0px 0px 0px 0px;\nborder-radius:0px 0px 0px 0px;\n}\n<\/style>\n<div class='flex_column av-27on050-b624bcddf131261e91d4ea66f5655dd7 av_one_third  avia-builder-el-116  el_after_av_one_full  el_before_av_two_third  jo_col_empty first flex_column_table_cell av-equal-height-column av-align-top av-animated-generic fade-in av-zero-column-padding column-top-margin'     ><section  class='av_textblock_section av-1gcnwno-9c07b43dea5430d6ae3105815055e5e3' ><div class='avia_textblock' ><p>invisible placeholder<\/p>\n<\/div><\/section><\/div><div class='av-flex-placeholder'><\/div>\n<style type=\"text\/css\" data-created_by=\"avia_inline_auto\" id=\"style-css-av-264m3tj-62f4309a7914244ec4939af45064b310\">\n.flex_column.av-264m3tj-62f4309a7914244ec4939af45064b310{\n-webkit-border-radius:0px 0px 0px 0px;\n-moz-border-radius:0px 0px 0px 0px;\nborder-radius:0px 0px 0px 0px;\n}\n<\/style>\n<div class='flex_column av-264m3tj-62f4309a7914244ec4939af45064b310 av_two_third  avia-builder-el-118  el_after_av_one_third  el_before_av_one_full  jhd-no-margin-top flex_column_table_cell av-equal-height-column av-align-top av-animated-generic fade-in av-zero-column-padding column-top-margin'     ><section  class='av_textblock_section av-lljmg3c6-fabbaa88a584e48c3196ca177dbb31c0' ><div class='avia_textblock' ><p><strong>Waleed R. Qaisi<\/strong><\/p>\n<p>In artistic expression, there is a desire to take control, hence it is a form of the manifestation of freedom that gives magic to formal space within the artistic work.<\/p>\n<p><em>Waleed R. Qaisi<\/em><\/p>\n<\/div><\/section><\/div><\/div><!--close column table wrapper. Autoclose: 1 -->\n<style type=\"text\/css\" data-created_by=\"avia_inline_auto\" id=\"style-css-av-v6627o-e79b666f72c201cbe649200868984cfe\">\n.flex_column.av-v6627o-e79b666f72c201cbe649200868984cfe{\n-webkit-border-radius:0px 0px 0px 0px;\n-moz-border-radius:0px 0px 0px 0px;\nborder-radius:0px 0px 0px 0px;\n}\n<\/style>\n<div class='flex_column av-v6627o-e79b666f72c201cbe649200868984cfe av_one_full  avia-builder-el-120  el_after_av_two_third  el_before_av_one_full  jo_pf_bild_bg first flex_column_div av-animated-generic fade-in av-zero-column-padding column-top-margin'     ><p>\n<style type=\"text\/css\" data-created_by=\"avia_inline_auto\" id=\"style-css-av-lri2byjb-264a122659b475a49c464a02a4c4cf2b\">\n.avia-image-container.av-lri2byjb-264a122659b475a49c464a02a4c4cf2b img.avia_image{\nbox-shadow:none;\n}\n.avia-image-container.av-lri2byjb-264a122659b475a49c464a02a4c4cf2b .av-caption-image-overlay-bg{\nopacity:0.4;\n}\n<\/style>\n<div  class='avia-image-container av-lri2byjb-264a122659b475a49c464a02a4c4cf2b av-styling-no-styling avia_animated_image av-animated-when-visible-95 fade-in avia-align-left  avia-builder-el-121  el_before_av_textblock  avia-builder-el-first  jo_pf_bild noHover av-overlay-hover-deactivate'  ><div class=\"avia-image-container-inner\"><div class=\"avia-image-overlay-wrap\"><a href=\"https:\/\/www.galerie-metzger.de\/wp-content\/uploads\/2024\/01\/Waleed-R.-Quisi-Space-expression-galerie-metzger-gallery-ceramic-art-keramikkunst-kaufen-1030x476.jpg\" data-srcset=\"https:\/\/www.galerie-metzger.de\/wp-content\/uploads\/2024\/01\/Waleed-R.-Quisi-Space-expression-galerie-metzger-gallery-ceramic-art-keramikkunst-kaufen-1030x476.jpg 1030w, https:\/\/www.galerie-metzger.de\/wp-content\/uploads\/2024\/01\/Waleed-R.-Quisi-Space-expression-galerie-metzger-gallery-ceramic-art-keramikkunst-kaufen-690x319.jpg 690w, https:\/\/www.galerie-metzger.de\/wp-content\/uploads\/2024\/01\/Waleed-R.-Quisi-Space-expression-galerie-metzger-gallery-ceramic-art-keramikkunst-kaufen-768x355.jpg 768w, https:\/\/www.galerie-metzger.de\/wp-content\/uploads\/2024\/01\/Waleed-R.-Quisi-Space-expression-galerie-metzger-gallery-ceramic-art-keramikkunst-kaufen-1536x710.jpg 1536w, https:\/\/www.galerie-metzger.de\/wp-content\/uploads\/2024\/01\/Waleed-R.-Quisi-Space-expression-galerie-metzger-gallery-ceramic-art-keramikkunst-kaufen-2048x946.jpg 2048w, https:\/\/www.galerie-metzger.de\/wp-content\/uploads\/2024\/01\/Waleed-R.-Quisi-Space-expression-galerie-metzger-gallery-ceramic-art-keramikkunst-kaufen-1500x693.jpg 1500w, https:\/\/www.galerie-metzger.de\/wp-content\/uploads\/2024\/01\/Waleed-R.-Quisi-Space-expression-galerie-metzger-gallery-ceramic-art-keramikkunst-kaufen-705x326.jpg 705w\" data-sizes=\"(max-width: 1030px) 100vw, 1030px\" class='avia_image' ><div class=\"av-image-caption-overlay\"><div class=\"av-caption-image-overlay-bg\"><\/div><div class=\"av-image-caption-overlay-position\"><div class=\"av-image-caption-overlay-center\"><p>Waleed R. Qaisi \u2013 Space expression \u2013 2019 , 27x48x19 cm, Foto: Saleh Hamdouni<\/p>\n<\/div><\/div><\/div><img decoding=\"async\" class='wp-image-11972 avia-img-lazy-loading-not-11972 avia_image ' src=\"https:\/\/www.galerie-metzger.de\/wp-content\/uploads\/2024\/01\/Waleed-R.-Quisi-Space-expression-galerie-metzger-gallery-ceramic-art-keramikkunst-kaufen-scaled.jpg\" alt='Waleed R. Qaisi - Space expression' title='Waleed R. Qaisi - Space expression'  height=\"1183\" width=\"2560\" srcset=\"https:\/\/www.galerie-metzger.de\/wp-content\/uploads\/2024\/01\/Waleed-R.-Quisi-Space-expression-galerie-metzger-gallery-ceramic-art-keramikkunst-kaufen-scaled.jpg 2560w, https:\/\/www.galerie-metzger.de\/wp-content\/uploads\/2024\/01\/Waleed-R.-Quisi-Space-expression-galerie-metzger-gallery-ceramic-art-keramikkunst-kaufen-690x319.jpg 690w, https:\/\/www.galerie-metzger.de\/wp-content\/uploads\/2024\/01\/Waleed-R.-Quisi-Space-expression-galerie-metzger-gallery-ceramic-art-keramikkunst-kaufen-1030x476.jpg 1030w, https:\/\/www.galerie-metzger.de\/wp-content\/uploads\/2024\/01\/Waleed-R.-Quisi-Space-expression-galerie-metzger-gallery-ceramic-art-keramikkunst-kaufen-768x355.jpg 768w, https:\/\/www.galerie-metzger.de\/wp-content\/uploads\/2024\/01\/Waleed-R.-Quisi-Space-expression-galerie-metzger-gallery-ceramic-art-keramikkunst-kaufen-1536x710.jpg 1536w, https:\/\/www.galerie-metzger.de\/wp-content\/uploads\/2024\/01\/Waleed-R.-Quisi-Space-expression-galerie-metzger-gallery-ceramic-art-keramikkunst-kaufen-2048x946.jpg 2048w, https:\/\/www.galerie-metzger.de\/wp-content\/uploads\/2024\/01\/Waleed-R.-Quisi-Space-expression-galerie-metzger-gallery-ceramic-art-keramikkunst-kaufen-1500x693.jpg 1500w, https:\/\/www.galerie-metzger.de\/wp-content\/uploads\/2024\/01\/Waleed-R.-Quisi-Space-expression-galerie-metzger-gallery-ceramic-art-keramikkunst-kaufen-705x326.jpg 705w\" sizes=\"(max-width: 2560px) 100vw, 2560px\" \/><\/a><\/div><\/div><\/div><br \/>\n<section  class='av_textblock_section av-lri2d6bi-2293c3da4cf7e41fe9112450c4d9cb78' ><div class='avia_textblock jo_werk_anfrage lang' ><p><a class=\"anfrage\" href=\"mailto:info@galerie-metzger.de?subject=Waleed%20R.%20Qaisi%20Space%20expression%2027x48x19cm\">request information<\/a><\/p>\n<\/div><\/section><\/p><\/div><div class='flex_column_table av-409l3o-b633e5d0e2fd95e07116c502ceca57c3 sc-av_one_full av-equal-height-column-flextable'>\n<style type=\"text\/css\" data-created_by=\"avia_inline_auto\" id=\"style-css-av-409l3o-b633e5d0e2fd95e07116c502ceca57c3\">\n.flex_column.av-409l3o-b633e5d0e2fd95e07116c502ceca57c3{\n-webkit-border-radius:0px 0px 0px 0px;\n-moz-border-radius:0px 0px 0px 0px;\nborder-radius:0px 0px 0px 0px;\n}\n<\/style>\n<div class='flex_column av-409l3o-b633e5d0e2fd95e07116c502ceca57c3 av_one_full  avia-builder-el-123  el_after_av_one_full  el_before_av_one_half  jo_col_empty first flex_column_table_cell av-equal-height-column av-align-top av-animated-generic fade-in av-zero-column-padding column-top-margin'     ><section  class='av_textblock_section av-2i7fdg-cfcfe2884f4d5239e863df9ab5831c87' ><div class='avia_textblock' ><p>invisible placeholder<\/p>\n<\/div><\/section><\/div><\/div><!--close column table wrapper. Autoclose: 1 -->\n<style type=\"text\/css\" data-created_by=\"avia_inline_auto\" id=\"style-css-av-86h910-a86460da6f3c8cb93be516ae87ce9383\">\n.flex_column.av-86h910-a86460da6f3c8cb93be516ae87ce9383{\n-webkit-border-radius:0px 0px 0px 0px;\n-moz-border-radius:0px 0px 0px 0px;\nborder-radius:0px 0px 0px 0px;\n}\n<\/style>\n<div class='flex_column av-86h910-a86460da6f3c8cb93be516ae87ce9383 av_one_half  avia-builder-el-125  el_after_av_one_full  el_before_av_one_half  jo_pf_bild_bg first flex_column_div av-animated-generic fade-in av-zero-column-padding column-top-margin'     ><p>\n<style type=\"text\/css\" data-created_by=\"avia_inline_auto\" id=\"style-css-av-lri2gfzp-365516251249e2e6118271cfbd393bd0\">\n.avia-image-container.av-lri2gfzp-365516251249e2e6118271cfbd393bd0 img.avia_image{\nbox-shadow:none;\n}\n.avia-image-container.av-lri2gfzp-365516251249e2e6118271cfbd393bd0 .av-caption-image-overlay-bg{\nopacity:0.4;\n}\n<\/style>\n<div  class='avia-image-container av-lri2gfzp-365516251249e2e6118271cfbd393bd0 av-styling-no-styling avia_animated_image av-animated-when-visible-95 fade-in avia-align-left  avia-builder-el-126  el_before_av_textblock  avia-builder-el-first  jo_pf_bild noHover av-overlay-hover-deactivate'  ><div class=\"avia-image-container-inner\"><div class=\"avia-image-overlay-wrap\"><a href=\"https:\/\/www.galerie-metzger.de\/wp-content\/uploads\/2024\/02\/Waleed-R.-Qaisi-Containment-29x21x20-cm-galerie-metzger-gallery-sculpture-ceramic-art-buy-1030x687.jpg\" data-srcset=\"https:\/\/www.galerie-metzger.de\/wp-content\/uploads\/2024\/02\/Waleed-R.-Qaisi-Containment-29x21x20-cm-galerie-metzger-gallery-sculpture-ceramic-art-buy-1030x687.jpg 1030w, https:\/\/www.galerie-metzger.de\/wp-content\/uploads\/2024\/02\/Waleed-R.-Qaisi-Containment-29x21x20-cm-galerie-metzger-gallery-sculpture-ceramic-art-buy-690x460.jpg 690w, https:\/\/www.galerie-metzger.de\/wp-content\/uploads\/2024\/02\/Waleed-R.-Qaisi-Containment-29x21x20-cm-galerie-metzger-gallery-sculpture-ceramic-art-buy-768x512.jpg 768w, https:\/\/www.galerie-metzger.de\/wp-content\/uploads\/2024\/02\/Waleed-R.-Qaisi-Containment-29x21x20-cm-galerie-metzger-gallery-sculpture-ceramic-art-buy-1536x1024.jpg 1536w, https:\/\/www.galerie-metzger.de\/wp-content\/uploads\/2024\/02\/Waleed-R.-Qaisi-Containment-29x21x20-cm-galerie-metzger-gallery-sculpture-ceramic-art-buy-2048x1365.jpg 2048w, https:\/\/www.galerie-metzger.de\/wp-content\/uploads\/2024\/02\/Waleed-R.-Qaisi-Containment-29x21x20-cm-galerie-metzger-gallery-sculpture-ceramic-art-buy-1500x1000.jpg 1500w, https:\/\/www.galerie-metzger.de\/wp-content\/uploads\/2024\/02\/Waleed-R.-Qaisi-Containment-29x21x20-cm-galerie-metzger-gallery-sculpture-ceramic-art-buy-705x470.jpg 705w\" data-sizes=\"(max-width: 1030px) 100vw, 1030px\" class='avia_image' ><div class=\"av-image-caption-overlay\"><div class=\"av-caption-image-overlay-bg\"><\/div><div class=\"av-image-caption-overlay-position\"><div class=\"av-image-caption-overlay-center\"><p>Waleed R. Qaisi \u2013 Containment \u2013 2023, 29x21x20 cm, Foto: Saleh Hamdouni<\/p>\n<\/div><\/div><\/div><img decoding=\"async\" class='wp-image-12048 avia-img-lazy-loading-not-12048 avia_image ' src=\"https:\/\/www.galerie-metzger.de\/wp-content\/uploads\/2024\/02\/Waleed-R.-Qaisi-Containment-29x21x20-cm-galerie-metzger-gallery-sculpture-ceramic-art-buy-690x460.jpg\" alt='Waleed R. Qaisi - Containment  - 29x21x20 cm' title='Waleed R. Qaisi - Containment - 29x21x20 cm'  height=\"460\" width=\"690\" srcset=\"https:\/\/www.galerie-metzger.de\/wp-content\/uploads\/2024\/02\/Waleed-R.-Qaisi-Containment-29x21x20-cm-galerie-metzger-gallery-sculpture-ceramic-art-buy-690x460.jpg 690w, https:\/\/www.galerie-metzger.de\/wp-content\/uploads\/2024\/02\/Waleed-R.-Qaisi-Containment-29x21x20-cm-galerie-metzger-gallery-sculpture-ceramic-art-buy-1030x687.jpg 1030w, https:\/\/www.galerie-metzger.de\/wp-content\/uploads\/2024\/02\/Waleed-R.-Qaisi-Containment-29x21x20-cm-galerie-metzger-gallery-sculpture-ceramic-art-buy-768x512.jpg 768w, https:\/\/www.galerie-metzger.de\/wp-content\/uploads\/2024\/02\/Waleed-R.-Qaisi-Containment-29x21x20-cm-galerie-metzger-gallery-sculpture-ceramic-art-buy-1536x1024.jpg 1536w, https:\/\/www.galerie-metzger.de\/wp-content\/uploads\/2024\/02\/Waleed-R.-Qaisi-Containment-29x21x20-cm-galerie-metzger-gallery-sculpture-ceramic-art-buy-2048x1365.jpg 2048w, https:\/\/www.galerie-metzger.de\/wp-content\/uploads\/2024\/02\/Waleed-R.-Qaisi-Containment-29x21x20-cm-galerie-metzger-gallery-sculpture-ceramic-art-buy-1500x1000.jpg 1500w, https:\/\/www.galerie-metzger.de\/wp-content\/uploads\/2024\/02\/Waleed-R.-Qaisi-Containment-29x21x20-cm-galerie-metzger-gallery-sculpture-ceramic-art-buy-705x470.jpg 705w\" sizes=\"(max-width: 690px) 100vw, 690px\" \/><\/a><\/div><\/div><\/div><br \/>\n<section  class='av_textblock_section av-lri2h7jt-55394630916f5a8be9d3af137774db36' ><div class='avia_textblock jo_werk_anfrage lang' ><p><a class=\"anfrage\" href=\"mailto:info@galerie-metzger.de?subject=Waleed%20R.%20Qaisi%20Containment%2029x21x20%20cm\">request information<\/a><\/p>\n<\/div><\/section><\/p><\/div>\n<style type=\"text\/css\" data-created_by=\"avia_inline_auto\" id=\"style-css-av-1t0axx0-fb92441aa30901afe96f368871f0952d\">\n.flex_column.av-1t0axx0-fb92441aa30901afe96f368871f0952d{\n-webkit-border-radius:0px 0px 0px 0px;\n-moz-border-radius:0px 0px 0px 0px;\nborder-radius:0px 0px 0px 0px;\n}\n<\/style>\n<div class='flex_column av-1t0axx0-fb92441aa30901afe96f368871f0952d av_one_half  avia-builder-el-128  el_after_av_one_half  el_before_av_one_full  jo_pf_bild_bg flex_column_div av-animated-generic fade-in av-zero-column-padding column-top-margin'     ><p>\n<style type=\"text\/css\" data-created_by=\"avia_inline_auto\" id=\"style-css-av-10nlees-2016f7955e9f8a862948114b4ff1c8b4\">\n.avia-image-container.av-10nlees-2016f7955e9f8a862948114b4ff1c8b4 img.avia_image{\nbox-shadow:none;\n}\n.avia-image-container.av-10nlees-2016f7955e9f8a862948114b4ff1c8b4 .av-caption-image-overlay-bg{\nopacity:0.4;\n}\n<\/style>\n<div  class='avia-image-container av-10nlees-2016f7955e9f8a862948114b4ff1c8b4 av-styling-no-styling avia_animated_image av-animated-when-visible-95 fade-in avia-align-left  avia-builder-el-129  el_before_av_textblock  avia-builder-el-first  jo_pf_bild noHover av-overlay-hover-deactivate'  ><div class=\"avia-image-container-inner\"><div class=\"avia-image-overlay-wrap\"><a href=\"https:\/\/www.galerie-metzger.de\/wp-content\/uploads\/2024\/02\/Waleed-R.-Qaisi-Perceptible-harmony-38x125x18-cm-galerie-metzger-gallery-skulptur-keramik-kunst-aschaffenburg-1030x687.jpg\" data-srcset=\"https:\/\/www.galerie-metzger.de\/wp-content\/uploads\/2024\/02\/Waleed-R.-Qaisi-Perceptible-harmony-38x125x18-cm-galerie-metzger-gallery-skulptur-keramik-kunst-aschaffenburg-1030x687.jpg 1030w, https:\/\/www.galerie-metzger.de\/wp-content\/uploads\/2024\/02\/Waleed-R.-Qaisi-Perceptible-harmony-38x125x18-cm-galerie-metzger-gallery-skulptur-keramik-kunst-aschaffenburg-690x460.jpg 690w, https:\/\/www.galerie-metzger.de\/wp-content\/uploads\/2024\/02\/Waleed-R.-Qaisi-Perceptible-harmony-38x125x18-cm-galerie-metzger-gallery-skulptur-keramik-kunst-aschaffenburg-768x512.jpg 768w, https:\/\/www.galerie-metzger.de\/wp-content\/uploads\/2024\/02\/Waleed-R.-Qaisi-Perceptible-harmony-38x125x18-cm-galerie-metzger-gallery-skulptur-keramik-kunst-aschaffenburg-1536x1024.jpg 1536w, https:\/\/www.galerie-metzger.de\/wp-content\/uploads\/2024\/02\/Waleed-R.-Qaisi-Perceptible-harmony-38x125x18-cm-galerie-metzger-gallery-skulptur-keramik-kunst-aschaffenburg-2048x1365.jpg 2048w, https:\/\/www.galerie-metzger.de\/wp-content\/uploads\/2024\/02\/Waleed-R.-Qaisi-Perceptible-harmony-38x125x18-cm-galerie-metzger-gallery-skulptur-keramik-kunst-aschaffenburg-1500x1000.jpg 1500w, https:\/\/www.galerie-metzger.de\/wp-content\/uploads\/2024\/02\/Waleed-R.-Qaisi-Perceptible-harmony-38x125x18-cm-galerie-metzger-gallery-skulptur-keramik-kunst-aschaffenburg-705x470.jpg 705w\" data-sizes=\"(max-width: 1030px) 100vw, 1030px\" class='avia_image' ><div class=\"av-image-caption-overlay\"><div class=\"av-caption-image-overlay-bg\"><\/div><div class=\"av-image-caption-overlay-position\"><div class=\"av-image-caption-overlay-center\"><p>Waleed R. Qaisi \u2013 Perceptible harmony \u2013 2023, 38&#215;12,5&#215;18 cm, Foto: Saleh Hamdouni<\/p>\n<\/div><\/div><\/div><img decoding=\"async\" class='wp-image-12050 avia-img-lazy-loading-not-12050 avia_image ' src=\"https:\/\/www.galerie-metzger.de\/wp-content\/uploads\/2024\/02\/Waleed-R.-Qaisi-Perceptible-harmony-38x125x18-cm-galerie-metzger-gallery-skulptur-keramik-kunst-aschaffenburg-690x460.jpg\" alt='Waleed R. Qaisi - Perceptible harmony - 38x12,5x18 cm' title='Waleed R. Qaisi - Perceptible harmony - 38x12,5x18 cm'  height=\"460\" width=\"690\" srcset=\"https:\/\/www.galerie-metzger.de\/wp-content\/uploads\/2024\/02\/Waleed-R.-Qaisi-Perceptible-harmony-38x125x18-cm-galerie-metzger-gallery-skulptur-keramik-kunst-aschaffenburg-690x460.jpg 690w, https:\/\/www.galerie-metzger.de\/wp-content\/uploads\/2024\/02\/Waleed-R.-Qaisi-Perceptible-harmony-38x125x18-cm-galerie-metzger-gallery-skulptur-keramik-kunst-aschaffenburg-1030x687.jpg 1030w, https:\/\/www.galerie-metzger.de\/wp-content\/uploads\/2024\/02\/Waleed-R.-Qaisi-Perceptible-harmony-38x125x18-cm-galerie-metzger-gallery-skulptur-keramik-kunst-aschaffenburg-768x512.jpg 768w, https:\/\/www.galerie-metzger.de\/wp-content\/uploads\/2024\/02\/Waleed-R.-Qaisi-Perceptible-harmony-38x125x18-cm-galerie-metzger-gallery-skulptur-keramik-kunst-aschaffenburg-1536x1024.jpg 1536w, https:\/\/www.galerie-metzger.de\/wp-content\/uploads\/2024\/02\/Waleed-R.-Qaisi-Perceptible-harmony-38x125x18-cm-galerie-metzger-gallery-skulptur-keramik-kunst-aschaffenburg-2048x1365.jpg 2048w, https:\/\/www.galerie-metzger.de\/wp-content\/uploads\/2024\/02\/Waleed-R.-Qaisi-Perceptible-harmony-38x125x18-cm-galerie-metzger-gallery-skulptur-keramik-kunst-aschaffenburg-1500x1000.jpg 1500w, https:\/\/www.galerie-metzger.de\/wp-content\/uploads\/2024\/02\/Waleed-R.-Qaisi-Perceptible-harmony-38x125x18-cm-galerie-metzger-gallery-skulptur-keramik-kunst-aschaffenburg-705x470.jpg 705w\" sizes=\"(max-width: 690px) 100vw, 690px\" \/><\/a><\/div><\/div><\/div><br \/>\n<section  class='av_textblock_section av-1xfed0-0a3cfc7cb7189b43fe0a3d3c3d393fbb' ><div class='avia_textblock jo_werk_anfrage lang' ><p><a class=\"anfrage\" href=\"mailto:info@galerie-metzger.de?subject=Waleed%20R.%20Qaisi%20Perceptible%20harmony%2038x12,5x18%20cm%20\">request information<\/a><\/p>\n<\/div><\/section><\/p><\/div><div class='flex_column_table av-10wtlzr-e025903798f38143f22db08da9fc3235 sc-av_one_full av-equal-height-column-flextable'>\n<style type=\"text\/css\" data-created_by=\"avia_inline_auto\" id=\"style-css-av-10wtlzr-e025903798f38143f22db08da9fc3235\">\n.flex_column.av-10wtlzr-e025903798f38143f22db08da9fc3235{\n-webkit-border-radius:0px 0px 0px 0px;\n-moz-border-radius:0px 0px 0px 0px;\nborder-radius:0px 0px 0px 0px;\n}\n<\/style>\n<div class='flex_column av-10wtlzr-e025903798f38143f22db08da9fc3235 av_one_full  avia-builder-el-131  el_after_av_one_half  el_before_av_one_third  jo_col_empty first flex_column_table_cell av-equal-height-column av-align-top av-animated-generic fade-in av-zero-column-padding column-top-margin'     ><section  class='av_textblock_section av-lckpqv-c6272915142f27e9ee47e0b4098b177f' ><div class='avia_textblock' ><p>invisible placeholder<\/p>\n<\/div><\/section><\/div><\/div><!--close column table wrapper. Autoclose: 1 --><div class='flex_column_table av-50m36gn-b5c27e2b6c501fe73866126384ef3d8f sc-av_one_third av-equal-height-column-flextable'>\n<style type=\"text\/css\" data-created_by=\"avia_inline_auto\" id=\"style-css-av-50m36gn-b5c27e2b6c501fe73866126384ef3d8f\">\n.flex_column.av-50m36gn-b5c27e2b6c501fe73866126384ef3d8f{\n-webkit-border-radius:0px 0px 0px 0px;\n-moz-border-radius:0px 0px 0px 0px;\nborder-radius:0px 0px 0px 0px;\n}\n<\/style>\n<div class='flex_column av-50m36gn-b5c27e2b6c501fe73866126384ef3d8f av_one_third  avia-builder-el-133  el_after_av_one_full  el_before_av_two_third  jhd-no-margin-top first flex_column_table_cell av-equal-height-column av-align-middle av-animated-generic fade-in av-zero-column-padding column-top-margin'     ><section  class='av_textblock_section av-llcgw4uz-41f72b08289caafe658615cc2b87bd51' ><div class='avia_textblock' ><p><strong>VICE VERSA <\/strong><\/p>\n<p>Our experiences shape our ways of looking at things. This makes it all the more exciting for me to explore objects from di\ufb00erent perspectives and to discover new qualities and possibilities. Thus the works in the latest group of works VICE VERSA embody the changeable as a special characteristic. The top, the bottom and the sides are not \ufb01rmly de\ufb01ned.<\/p>\n<p><em>Elke Sada<\/em><\/p>\n<\/div><\/section><\/div><div class='av-flex-placeholder'><\/div>\n<style type=\"text\/css\" data-created_by=\"avia_inline_auto\" id=\"style-css-av-22ufoeih-7a641ff2e9561aa711b5b150fc2116e9\">\n.flex_column.av-22ufoeih-7a641ff2e9561aa711b5b150fc2116e9{\n-webkit-border-radius:0px 0px 0px 0px;\n-moz-border-radius:0px 0px 0px 0px;\nborder-radius:0px 0px 0px 0px;\n}\n<\/style>\n<div class='flex_column av-22ufoeih-7a641ff2e9561aa711b5b150fc2116e9 av_two_third  avia-builder-el-135  el_after_av_one_third  el_before_av_one_full  jo_pf_bild_bg flex_column_table_cell av-equal-height-column av-align-middle av-animated-generic fade-in av-zero-column-padding column-top-margin'     ><p>\n<style type=\"text\/css\" data-created_by=\"avia_inline_auto\" id=\"style-css-av-222qd72x-53cf1c94523911a29509152a89a5350a\">\n.avia-image-container.av-222qd72x-53cf1c94523911a29509152a89a5350a img.avia_image{\nbox-shadow:none;\n}\n.avia-image-container.av-222qd72x-53cf1c94523911a29509152a89a5350a .av-caption-image-overlay-bg{\nopacity:0.4;\n}\n<\/style>\n<div  class='avia-image-container av-222qd72x-53cf1c94523911a29509152a89a5350a av-styling-no-styling avia_animated_image av-animated-when-visible-95 fade-in avia-align-left  avia-builder-el-136  el_before_av_textblock  avia-builder-el-first  jo_pf_bild noHover av-overlay-hover-deactivate'  ><div class=\"avia-image-container-inner\"><div class=\"avia-image-overlay-wrap\"><a href=\"https:\/\/www.galerie-metzger.de\/wp-content\/uploads\/2024\/01\/Elke-Sada-Pink-meets-Blue-drei-Ansichten-galerie-metzger-gallery-ceramic-art-object-buy-1030x728.jpg\" data-srcset=\"https:\/\/www.galerie-metzger.de\/wp-content\/uploads\/2024\/01\/Elke-Sada-Pink-meets-Blue-drei-Ansichten-galerie-metzger-gallery-ceramic-art-object-buy-1030x728.jpg 1030w, https:\/\/www.galerie-metzger.de\/wp-content\/uploads\/2024\/01\/Elke-Sada-Pink-meets-Blue-drei-Ansichten-galerie-metzger-gallery-ceramic-art-object-buy-690x488.jpg 690w, https:\/\/www.galerie-metzger.de\/wp-content\/uploads\/2024\/01\/Elke-Sada-Pink-meets-Blue-drei-Ansichten-galerie-metzger-gallery-ceramic-art-object-buy-768x543.jpg 768w, https:\/\/www.galerie-metzger.de\/wp-content\/uploads\/2024\/01\/Elke-Sada-Pink-meets-Blue-drei-Ansichten-galerie-metzger-gallery-ceramic-art-object-buy-1536x1086.jpg 1536w, https:\/\/www.galerie-metzger.de\/wp-content\/uploads\/2024\/01\/Elke-Sada-Pink-meets-Blue-drei-Ansichten-galerie-metzger-gallery-ceramic-art-object-buy-2048x1448.jpg 2048w, https:\/\/www.galerie-metzger.de\/wp-content\/uploads\/2024\/01\/Elke-Sada-Pink-meets-Blue-drei-Ansichten-galerie-metzger-gallery-ceramic-art-object-buy-1500x1060.jpg 1500w, https:\/\/www.galerie-metzger.de\/wp-content\/uploads\/2024\/01\/Elke-Sada-Pink-meets-Blue-drei-Ansichten-galerie-metzger-gallery-ceramic-art-object-buy-260x185.jpg 260w, https:\/\/www.galerie-metzger.de\/wp-content\/uploads\/2024\/01\/Elke-Sada-Pink-meets-Blue-drei-Ansichten-galerie-metzger-gallery-ceramic-art-object-buy-705x498.jpg 705w\" data-sizes=\"(max-width: 1030px) 100vw, 1030px\" class='avia_image' ><div class=\"av-image-caption-overlay\"><div class=\"av-caption-image-overlay-bg\"><\/div><div class=\"av-image-caption-overlay-position\"><div class=\"av-image-caption-overlay-center\"><p>Elke Sada \u2013 Pink meets Blue, drei Ansichten \u2013 2021 ,17,5 x 14 x 17,5 cm, Foto: Jakob Adolphi.<\/p>\n<\/div><\/div><\/div><img decoding=\"async\" class='wp-image-12038 avia-img-lazy-loading-not-12038 avia_image ' src=\"https:\/\/www.galerie-metzger.de\/wp-content\/uploads\/2024\/01\/Elke-Sada-Pink-meets-Blue-drei-Ansichten-galerie-metzger-gallery-ceramic-art-object-buy-1030x728.jpg\" alt='Elke Sada - Pink meets Blue' title='Elke Sada - Pink meets Blue - drei Ansichten'  height=\"728\" width=\"1030\" srcset=\"https:\/\/www.galerie-metzger.de\/wp-content\/uploads\/2024\/01\/Elke-Sada-Pink-meets-Blue-drei-Ansichten-galerie-metzger-gallery-ceramic-art-object-buy-1030x728.jpg 1030w, https:\/\/www.galerie-metzger.de\/wp-content\/uploads\/2024\/01\/Elke-Sada-Pink-meets-Blue-drei-Ansichten-galerie-metzger-gallery-ceramic-art-object-buy-690x488.jpg 690w, https:\/\/www.galerie-metzger.de\/wp-content\/uploads\/2024\/01\/Elke-Sada-Pink-meets-Blue-drei-Ansichten-galerie-metzger-gallery-ceramic-art-object-buy-768x543.jpg 768w, https:\/\/www.galerie-metzger.de\/wp-content\/uploads\/2024\/01\/Elke-Sada-Pink-meets-Blue-drei-Ansichten-galerie-metzger-gallery-ceramic-art-object-buy-1536x1086.jpg 1536w, https:\/\/www.galerie-metzger.de\/wp-content\/uploads\/2024\/01\/Elke-Sada-Pink-meets-Blue-drei-Ansichten-galerie-metzger-gallery-ceramic-art-object-buy-2048x1448.jpg 2048w, https:\/\/www.galerie-metzger.de\/wp-content\/uploads\/2024\/01\/Elke-Sada-Pink-meets-Blue-drei-Ansichten-galerie-metzger-gallery-ceramic-art-object-buy-1500x1060.jpg 1500w, https:\/\/www.galerie-metzger.de\/wp-content\/uploads\/2024\/01\/Elke-Sada-Pink-meets-Blue-drei-Ansichten-galerie-metzger-gallery-ceramic-art-object-buy-260x185.jpg 260w, https:\/\/www.galerie-metzger.de\/wp-content\/uploads\/2024\/01\/Elke-Sada-Pink-meets-Blue-drei-Ansichten-galerie-metzger-gallery-ceramic-art-object-buy-705x498.jpg 705w\" sizes=\"(max-width: 1030px) 100vw, 1030px\" \/><\/a><\/div><\/div><\/div><br \/>\n<section  class='av_textblock_section av-21qw749l-55869585c159828e0d600b9634ada00d' ><div class='avia_textblock jo_werk_anfrage sehr lang' ><p><a class=\"anfrage\" href=\"mailto:info@galerie-metzger.de?subject=Elke%20Sada%20Pink%20meets%20Blue%2017,5%20x%2014%20x%2017,5cm\">request information<\/a><\/p>\n<\/div><\/section><\/p><\/div><\/div><!--close column table wrapper. Autoclose: 1 --><div class='flex_column_table av-2h9qhiqh-4f4ef895505ccbb20cce9e174bdb11dc sc-av_one_full av-equal-height-column-flextable'>\n<style type=\"text\/css\" data-created_by=\"avia_inline_auto\" id=\"style-css-av-2h9qhiqh-4f4ef895505ccbb20cce9e174bdb11dc\">\n.flex_column.av-2h9qhiqh-4f4ef895505ccbb20cce9e174bdb11dc{\n-webkit-border-radius:0px 0px 0px 0px;\n-moz-border-radius:0px 0px 0px 0px;\nborder-radius:0px 0px 0px 0px;\n}\n<\/style>\n<div class='flex_column av-2h9qhiqh-4f4ef895505ccbb20cce9e174bdb11dc av_one_full  avia-builder-el-138  el_after_av_two_third  el_before_av_one_third  jo_col_empty first flex_column_table_cell av-equal-height-column av-align-top av-animated-generic fade-in av-zero-column-padding column-top-margin'     ><section  class='av_textblock_section av-2gzpbz6h-2545cf4a002751983f26c785f6a90ebf' ><div class='avia_textblock' ><p>invisible placeholder<\/p>\n<\/div><\/section><\/div><\/div><!--close column table wrapper. Autoclose: 1 -->\n<style type=\"text\/css\" data-created_by=\"avia_inline_auto\" id=\"style-css-av-2ia1a9g-6f84e2b8b45780c0e0d4da2aa215d33b\">\n.flex_column.av-2ia1a9g-6f84e2b8b45780c0e0d4da2aa215d33b{\n-webkit-border-radius:0px 0px 0px 0px;\n-moz-border-radius:0px 0px 0px 0px;\nborder-radius:0px 0px 0px 0px;\n}\n<\/style>\n<div class='flex_column av-2ia1a9g-6f84e2b8b45780c0e0d4da2aa215d33b av_one_third  avia-builder-el-140  el_after_av_one_full  el_before_av_one_third  jo_pf_bild_bg first flex_column_div av-animated-generic fade-in av-zero-column-padding column-top-margin'     ><p>\n<style type=\"text\/css\" data-created_by=\"avia_inline_auto\" id=\"style-css-av-lrywpddl-025ac0399eff892c56abf8019ead1af5\">\n.avia-image-container.av-lrywpddl-025ac0399eff892c56abf8019ead1af5 img.avia_image{\nbox-shadow:none;\n}\n.avia-image-container.av-lrywpddl-025ac0399eff892c56abf8019ead1af5 .av-caption-image-overlay-bg{\nopacity:0.4;\n}\n<\/style>\n<div  class='avia-image-container av-lrywpddl-025ac0399eff892c56abf8019ead1af5 av-styling-no-styling avia_animated_image av-animated-when-visible-95 fade-in avia-align-left  avia-builder-el-141  el_before_av_textblock  avia-builder-el-first  jo_pf_bild noHover av-overlay-hover-deactivate'  ><div class=\"avia-image-container-inner\"><div class=\"avia-image-overlay-wrap\"><a href=\"https:\/\/www.galerie-metzger.de\/wp-content\/uploads\/2024\/01\/Elke-Sada-Untitled-galerie-metzger-gallery-ceramic-art-object-angewandte-kunst-kaufen-1030x1030.jpg\" data-srcset=\"https:\/\/www.galerie-metzger.de\/wp-content\/uploads\/2024\/01\/Elke-Sada-Untitled-galerie-metzger-gallery-ceramic-art-object-angewandte-kunst-kaufen-1030x1030.jpg 1030w, https:\/\/www.galerie-metzger.de\/wp-content\/uploads\/2024\/01\/Elke-Sada-Untitled-galerie-metzger-gallery-ceramic-art-object-angewandte-kunst-kaufen-690x690.jpg 690w, https:\/\/www.galerie-metzger.de\/wp-content\/uploads\/2024\/01\/Elke-Sada-Untitled-galerie-metzger-gallery-ceramic-art-object-angewandte-kunst-kaufen-80x80.jpg 80w, https:\/\/www.galerie-metzger.de\/wp-content\/uploads\/2024\/01\/Elke-Sada-Untitled-galerie-metzger-gallery-ceramic-art-object-angewandte-kunst-kaufen-768x768.jpg 768w, https:\/\/www.galerie-metzger.de\/wp-content\/uploads\/2024\/01\/Elke-Sada-Untitled-galerie-metzger-gallery-ceramic-art-object-angewandte-kunst-kaufen-1536x1536.jpg 1536w, https:\/\/www.galerie-metzger.de\/wp-content\/uploads\/2024\/01\/Elke-Sada-Untitled-galerie-metzger-gallery-ceramic-art-object-angewandte-kunst-kaufen-2048x2048.jpg 2048w, https:\/\/www.galerie-metzger.de\/wp-content\/uploads\/2024\/01\/Elke-Sada-Untitled-galerie-metzger-gallery-ceramic-art-object-angewandte-kunst-kaufen-36x36.jpg 36w, https:\/\/www.galerie-metzger.de\/wp-content\/uploads\/2024\/01\/Elke-Sada-Untitled-galerie-metzger-gallery-ceramic-art-object-angewandte-kunst-kaufen-180x180.jpg 180w, https:\/\/www.galerie-metzger.de\/wp-content\/uploads\/2024\/01\/Elke-Sada-Untitled-galerie-metzger-gallery-ceramic-art-object-angewandte-kunst-kaufen-1500x1500.jpg 1500w, https:\/\/www.galerie-metzger.de\/wp-content\/uploads\/2024\/01\/Elke-Sada-Untitled-galerie-metzger-gallery-ceramic-art-object-angewandte-kunst-kaufen-705x705.jpg 705w\" data-sizes=\"(max-width: 1030px) 100vw, 1030px\" class='avia_image' ><div class=\"av-image-caption-overlay\"><div class=\"av-caption-image-overlay-bg\"><\/div><div class=\"av-image-caption-overlay-position\"><div class=\"av-image-caption-overlay-center\"><p>Elke Sada \u2013 untitled \u2013 2021, 15,5 x 19 x 22 cm, Foto: Jakob Adolphi.<\/p>\n<\/div><\/div><\/div><img decoding=\"async\" class='wp-image-12030 avia-img-lazy-loading-not-12030 avia_image ' src=\"https:\/\/www.galerie-metzger.de\/wp-content\/uploads\/2024\/01\/Elke-Sada-Untitled-galerie-metzger-gallery-ceramic-art-object-angewandte-kunst-kaufen-690x690.jpg\" alt='Elke Sada - Untitled' title='Elke Sada - Untitled'  height=\"690\" width=\"690\" srcset=\"https:\/\/www.galerie-metzger.de\/wp-content\/uploads\/2024\/01\/Elke-Sada-Untitled-galerie-metzger-gallery-ceramic-art-object-angewandte-kunst-kaufen-690x690.jpg 690w, https:\/\/www.galerie-metzger.de\/wp-content\/uploads\/2024\/01\/Elke-Sada-Untitled-galerie-metzger-gallery-ceramic-art-object-angewandte-kunst-kaufen-1030x1030.jpg 1030w, https:\/\/www.galerie-metzger.de\/wp-content\/uploads\/2024\/01\/Elke-Sada-Untitled-galerie-metzger-gallery-ceramic-art-object-angewandte-kunst-kaufen-80x80.jpg 80w, https:\/\/www.galerie-metzger.de\/wp-content\/uploads\/2024\/01\/Elke-Sada-Untitled-galerie-metzger-gallery-ceramic-art-object-angewandte-kunst-kaufen-768x768.jpg 768w, https:\/\/www.galerie-metzger.de\/wp-content\/uploads\/2024\/01\/Elke-Sada-Untitled-galerie-metzger-gallery-ceramic-art-object-angewandte-kunst-kaufen-1536x1536.jpg 1536w, https:\/\/www.galerie-metzger.de\/wp-content\/uploads\/2024\/01\/Elke-Sada-Untitled-galerie-metzger-gallery-ceramic-art-object-angewandte-kunst-kaufen-2048x2048.jpg 2048w, https:\/\/www.galerie-metzger.de\/wp-content\/uploads\/2024\/01\/Elke-Sada-Untitled-galerie-metzger-gallery-ceramic-art-object-angewandte-kunst-kaufen-36x36.jpg 36w, https:\/\/www.galerie-metzger.de\/wp-content\/uploads\/2024\/01\/Elke-Sada-Untitled-galerie-metzger-gallery-ceramic-art-object-angewandte-kunst-kaufen-180x180.jpg 180w, https:\/\/www.galerie-metzger.de\/wp-content\/uploads\/2024\/01\/Elke-Sada-Untitled-galerie-metzger-gallery-ceramic-art-object-angewandte-kunst-kaufen-1500x1500.jpg 1500w, https:\/\/www.galerie-metzger.de\/wp-content\/uploads\/2024\/01\/Elke-Sada-Untitled-galerie-metzger-gallery-ceramic-art-object-angewandte-kunst-kaufen-705x705.jpg 705w\" sizes=\"(max-width: 690px) 100vw, 690px\" \/><\/a><\/div><\/div><\/div><br \/>\n<section  class='av_textblock_section av-lrywr63v-67c1c317ad332ee42d7f491eadf75521' ><div class='avia_textblock jo_werk_anfrage lang' ><p><a class=\"anfrage\" href=\"mailto:info@galerie-metzger.de?subject=Elke%20Sada%20untiled%2015,5%20x%2019%20x%2022%20cm\">request information<\/a><\/p>\n<\/div><\/section><\/p><\/div>\n<style type=\"text\/css\" data-created_by=\"avia_inline_auto\" id=\"style-css-av-2260sqc-713fddf88ee4c659dc66aa0cdcdd2692\">\n.flex_column.av-2260sqc-713fddf88ee4c659dc66aa0cdcdd2692{\n-webkit-border-radius:0px 0px 0px 0px;\n-moz-border-radius:0px 0px 0px 0px;\nborder-radius:0px 0px 0px 0px;\n}\n<\/style>\n<div class='flex_column av-2260sqc-713fddf88ee4c659dc66aa0cdcdd2692 av_one_third  avia-builder-el-143  el_after_av_one_third  el_before_av_one_third  jo_pf_bild_bg flex_column_div av-animated-generic fade-in av-zero-column-padding column-top-margin'     ><p>\n<style type=\"text\/css\" data-created_by=\"avia_inline_auto\" id=\"style-css-av-lryws4es-2633f8e9e3f22ab8cc866b91f914fbcc\">\n.avia-image-container.av-lryws4es-2633f8e9e3f22ab8cc866b91f914fbcc img.avia_image{\nbox-shadow:none;\n}\n.avia-image-container.av-lryws4es-2633f8e9e3f22ab8cc866b91f914fbcc .av-caption-image-overlay-bg{\nopacity:0.4;\n}\n<\/style>\n<div  class='avia-image-container av-lryws4es-2633f8e9e3f22ab8cc866b91f914fbcc av-styling-no-styling avia_animated_image av-animated-when-visible-95 fade-in avia-align-left  avia-builder-el-144  el_before_av_textblock  avia-builder-el-first  jo_pf_bild noHover av-overlay-hover-deactivate'  ><div class=\"avia-image-container-inner\"><div class=\"avia-image-overlay-wrap\"><a href=\"https:\/\/www.galerie-metzger.de\/wp-content\/uploads\/2024\/01\/Elke-Sada-Untitled-galerie-metzger-gallery-ceramic-art-object-buy-1030x1030.jpg\" data-srcset=\"https:\/\/www.galerie-metzger.de\/wp-content\/uploads\/2024\/01\/Elke-Sada-Untitled-galerie-metzger-gallery-ceramic-art-object-buy-1030x1030.jpg 1030w, https:\/\/www.galerie-metzger.de\/wp-content\/uploads\/2024\/01\/Elke-Sada-Untitled-galerie-metzger-gallery-ceramic-art-object-buy-690x690.jpg 690w, https:\/\/www.galerie-metzger.de\/wp-content\/uploads\/2024\/01\/Elke-Sada-Untitled-galerie-metzger-gallery-ceramic-art-object-buy-80x80.jpg 80w, https:\/\/www.galerie-metzger.de\/wp-content\/uploads\/2024\/01\/Elke-Sada-Untitled-galerie-metzger-gallery-ceramic-art-object-buy-768x768.jpg 768w, https:\/\/www.galerie-metzger.de\/wp-content\/uploads\/2024\/01\/Elke-Sada-Untitled-galerie-metzger-gallery-ceramic-art-object-buy-1536x1536.jpg 1536w, https:\/\/www.galerie-metzger.de\/wp-content\/uploads\/2024\/01\/Elke-Sada-Untitled-galerie-metzger-gallery-ceramic-art-object-buy-2048x2048.jpg 2048w, https:\/\/www.galerie-metzger.de\/wp-content\/uploads\/2024\/01\/Elke-Sada-Untitled-galerie-metzger-gallery-ceramic-art-object-buy-36x36.jpg 36w, https:\/\/www.galerie-metzger.de\/wp-content\/uploads\/2024\/01\/Elke-Sada-Untitled-galerie-metzger-gallery-ceramic-art-object-buy-180x180.jpg 180w, https:\/\/www.galerie-metzger.de\/wp-content\/uploads\/2024\/01\/Elke-Sada-Untitled-galerie-metzger-gallery-ceramic-art-object-buy-1500x1500.jpg 1500w, https:\/\/www.galerie-metzger.de\/wp-content\/uploads\/2024\/01\/Elke-Sada-Untitled-galerie-metzger-gallery-ceramic-art-object-buy-705x705.jpg 705w\" data-sizes=\"(max-width: 1030px) 100vw, 1030px\" class='avia_image' ><div class=\"av-image-caption-overlay\"><div class=\"av-caption-image-overlay-bg\"><\/div><div class=\"av-image-caption-overlay-position\"><div class=\"av-image-caption-overlay-center\"><p>Elke Sada \u2013 untitled \u2013 2021, 15,5 x 19 x 22 cm, Foto: Jakob Adolphi.<\/p>\n<\/div><\/div><\/div><img decoding=\"async\" class='wp-image-12032 avia-img-lazy-loading-not-12032 avia_image ' src=\"https:\/\/www.galerie-metzger.de\/wp-content\/uploads\/2024\/01\/Elke-Sada-Untitled-galerie-metzger-gallery-ceramic-art-object-buy-690x690.jpg\" alt='Elke Sada - Untitled' title='Elke Sada - Untitled'  height=\"690\" width=\"690\" srcset=\"https:\/\/www.galerie-metzger.de\/wp-content\/uploads\/2024\/01\/Elke-Sada-Untitled-galerie-metzger-gallery-ceramic-art-object-buy-690x690.jpg 690w, https:\/\/www.galerie-metzger.de\/wp-content\/uploads\/2024\/01\/Elke-Sada-Untitled-galerie-metzger-gallery-ceramic-art-object-buy-1030x1030.jpg 1030w, https:\/\/www.galerie-metzger.de\/wp-content\/uploads\/2024\/01\/Elke-Sada-Untitled-galerie-metzger-gallery-ceramic-art-object-buy-80x80.jpg 80w, https:\/\/www.galerie-metzger.de\/wp-content\/uploads\/2024\/01\/Elke-Sada-Untitled-galerie-metzger-gallery-ceramic-art-object-buy-768x768.jpg 768w, https:\/\/www.galerie-metzger.de\/wp-content\/uploads\/2024\/01\/Elke-Sada-Untitled-galerie-metzger-gallery-ceramic-art-object-buy-1536x1536.jpg 1536w, https:\/\/www.galerie-metzger.de\/wp-content\/uploads\/2024\/01\/Elke-Sada-Untitled-galerie-metzger-gallery-ceramic-art-object-buy-2048x2048.jpg 2048w, https:\/\/www.galerie-metzger.de\/wp-content\/uploads\/2024\/01\/Elke-Sada-Untitled-galerie-metzger-gallery-ceramic-art-object-buy-36x36.jpg 36w, https:\/\/www.galerie-metzger.de\/wp-content\/uploads\/2024\/01\/Elke-Sada-Untitled-galerie-metzger-gallery-ceramic-art-object-buy-180x180.jpg 180w, https:\/\/www.galerie-metzger.de\/wp-content\/uploads\/2024\/01\/Elke-Sada-Untitled-galerie-metzger-gallery-ceramic-art-object-buy-1500x1500.jpg 1500w, https:\/\/www.galerie-metzger.de\/wp-content\/uploads\/2024\/01\/Elke-Sada-Untitled-galerie-metzger-gallery-ceramic-art-object-buy-705x705.jpg 705w\" sizes=\"(max-width: 690px) 100vw, 690px\" \/><\/a><\/div><\/div><\/div><br \/>\n<section  class='av_textblock_section av-1o2l1uc-4c2e47d55f25dd87ce33618d95cad636' ><div class='avia_textblock jo_werk_anfrage lang' ><p><a class=\"anfrage\" href=\"mailto:info@galerie-metzger.de?subject=Elke%20Sada%20untiled%2015,5%20x%2019%20x%2022%20cm\">request information<\/a><\/p>\n<\/div><\/section><\/p><\/div>\n<style type=\"text\/css\" data-created_by=\"avia_inline_auto\" id=\"style-css-av-15z2ek4-f97b3a9b3de9e05a7d05595e0315c68c\">\n.flex_column.av-15z2ek4-f97b3a9b3de9e05a7d05595e0315c68c{\n-webkit-border-radius:0px 0px 0px 0px;\n-moz-border-radius:0px 0px 0px 0px;\nborder-radius:0px 0px 0px 0px;\n}\n<\/style>\n<div class='flex_column av-15z2ek4-f97b3a9b3de9e05a7d05595e0315c68c av_one_third  avia-builder-el-146  el_after_av_one_third  el_before_av_one_full  jo_pf_bild_bg flex_column_div av-animated-generic fade-in av-zero-column-padding column-top-margin'     ><p>\n<style type=\"text\/css\" data-created_by=\"avia_inline_auto\" id=\"style-css-av-lrywsmmh-c974d0368ef9033a49ff2dc3464c7ae0\">\n.avia-image-container.av-lrywsmmh-c974d0368ef9033a49ff2dc3464c7ae0 img.avia_image{\nbox-shadow:none;\n}\n.avia-image-container.av-lrywsmmh-c974d0368ef9033a49ff2dc3464c7ae0 .av-caption-image-overlay-bg{\nopacity:0.4;\n}\n<\/style>\n<div  class='avia-image-container av-lrywsmmh-c974d0368ef9033a49ff2dc3464c7ae0 av-styling-no-styling avia_animated_image av-animated-when-visible-95 fade-in avia-align-left  avia-builder-el-147  el_before_av_textblock  avia-builder-el-first  jo_pf_bild noHover av-overlay-hover-deactivate'  ><div class=\"avia-image-container-inner\"><div class=\"avia-image-overlay-wrap\"><a href=\"https:\/\/www.galerie-metzger.de\/wp-content\/uploads\/2024\/01\/Elke-Sada-Untitled-galerie-metzger-gallery-ceramic-art-object-keramikkunst-1030x1030.jpg\" data-srcset=\"https:\/\/www.galerie-metzger.de\/wp-content\/uploads\/2024\/01\/Elke-Sada-Untitled-galerie-metzger-gallery-ceramic-art-object-keramikkunst-1030x1030.jpg 1030w, https:\/\/www.galerie-metzger.de\/wp-content\/uploads\/2024\/01\/Elke-Sada-Untitled-galerie-metzger-gallery-ceramic-art-object-keramikkunst-690x690.jpg 690w, https:\/\/www.galerie-metzger.de\/wp-content\/uploads\/2024\/01\/Elke-Sada-Untitled-galerie-metzger-gallery-ceramic-art-object-keramikkunst-80x80.jpg 80w, https:\/\/www.galerie-metzger.de\/wp-content\/uploads\/2024\/01\/Elke-Sada-Untitled-galerie-metzger-gallery-ceramic-art-object-keramikkunst-768x768.jpg 768w, https:\/\/www.galerie-metzger.de\/wp-content\/uploads\/2024\/01\/Elke-Sada-Untitled-galerie-metzger-gallery-ceramic-art-object-keramikkunst-1536x1536.jpg 1536w, https:\/\/www.galerie-metzger.de\/wp-content\/uploads\/2024\/01\/Elke-Sada-Untitled-galerie-metzger-gallery-ceramic-art-object-keramikkunst-2048x2048.jpg 2048w, https:\/\/www.galerie-metzger.de\/wp-content\/uploads\/2024\/01\/Elke-Sada-Untitled-galerie-metzger-gallery-ceramic-art-object-keramikkunst-36x36.jpg 36w, https:\/\/www.galerie-metzger.de\/wp-content\/uploads\/2024\/01\/Elke-Sada-Untitled-galerie-metzger-gallery-ceramic-art-object-keramikkunst-180x180.jpg 180w, https:\/\/www.galerie-metzger.de\/wp-content\/uploads\/2024\/01\/Elke-Sada-Untitled-galerie-metzger-gallery-ceramic-art-object-keramikkunst-1500x1500.jpg 1500w, https:\/\/www.galerie-metzger.de\/wp-content\/uploads\/2024\/01\/Elke-Sada-Untitled-galerie-metzger-gallery-ceramic-art-object-keramikkunst-705x705.jpg 705w\" data-sizes=\"(max-width: 1030px) 100vw, 1030px\" class='avia_image' ><div class=\"av-image-caption-overlay\"><div class=\"av-caption-image-overlay-bg\"><\/div><div class=\"av-image-caption-overlay-position\"><div class=\"av-image-caption-overlay-center\"><p>Elke Sada \u2013 untitled \u2013 2021, 15,5 x 19 x 22 cm, Foto: Jakob Adolphi.<\/p>\n<\/div><\/div><\/div><img decoding=\"async\" class='wp-image-12034 avia-img-lazy-loading-not-12034 avia_image ' src=\"https:\/\/www.galerie-metzger.de\/wp-content\/uploads\/2024\/01\/Elke-Sada-Untitled-galerie-metzger-gallery-ceramic-art-object-keramikkunst-690x690.jpg\" alt='Elke Sada - Untitled' title='Elke Sada - Untitled'  height=\"690\" width=\"690\" srcset=\"https:\/\/www.galerie-metzger.de\/wp-content\/uploads\/2024\/01\/Elke-Sada-Untitled-galerie-metzger-gallery-ceramic-art-object-keramikkunst-690x690.jpg 690w, https:\/\/www.galerie-metzger.de\/wp-content\/uploads\/2024\/01\/Elke-Sada-Untitled-galerie-metzger-gallery-ceramic-art-object-keramikkunst-1030x1030.jpg 1030w, https:\/\/www.galerie-metzger.de\/wp-content\/uploads\/2024\/01\/Elke-Sada-Untitled-galerie-metzger-gallery-ceramic-art-object-keramikkunst-80x80.jpg 80w, https:\/\/www.galerie-metzger.de\/wp-content\/uploads\/2024\/01\/Elke-Sada-Untitled-galerie-metzger-gallery-ceramic-art-object-keramikkunst-768x768.jpg 768w, https:\/\/www.galerie-metzger.de\/wp-content\/uploads\/2024\/01\/Elke-Sada-Untitled-galerie-metzger-gallery-ceramic-art-object-keramikkunst-1536x1536.jpg 1536w, https:\/\/www.galerie-metzger.de\/wp-content\/uploads\/2024\/01\/Elke-Sada-Untitled-galerie-metzger-gallery-ceramic-art-object-keramikkunst-2048x2048.jpg 2048w, https:\/\/www.galerie-metzger.de\/wp-content\/uploads\/2024\/01\/Elke-Sada-Untitled-galerie-metzger-gallery-ceramic-art-object-keramikkunst-36x36.jpg 36w, https:\/\/www.galerie-metzger.de\/wp-content\/uploads\/2024\/01\/Elke-Sada-Untitled-galerie-metzger-gallery-ceramic-art-object-keramikkunst-180x180.jpg 180w, https:\/\/www.galerie-metzger.de\/wp-content\/uploads\/2024\/01\/Elke-Sada-Untitled-galerie-metzger-gallery-ceramic-art-object-keramikkunst-1500x1500.jpg 1500w, https:\/\/www.galerie-metzger.de\/wp-content\/uploads\/2024\/01\/Elke-Sada-Untitled-galerie-metzger-gallery-ceramic-art-object-keramikkunst-705x705.jpg 705w\" sizes=\"(max-width: 690px) 100vw, 690px\" \/><\/a><\/div><\/div><\/div><br \/>\n<section  class='av_textblock_section av-paow50-bd57f48a52917ba2083862e8239530e5' ><div class='avia_textblock jo_werk_anfrage lang' ><p><a class=\"anfrage\" href=\"mailto:info@galerie-metzger.de?subject=Elke%20Sada%20untiled%2015,5%20x%2019%20x%2022%20cm\">request information<\/a><\/p>\n<\/div><\/section><\/p><\/div>\n<style type=\"text\/css\" data-created_by=\"avia_inline_auto\" id=\"style-css-av-n0cn6c-c0ec0b36941d9a7288072e444a982050\">\n.flex_column.av-n0cn6c-c0ec0b36941d9a7288072e444a982050{\n-webkit-border-radius:0px 0px 0px 0px;\n-moz-border-radius:0px 0px 0px 0px;\nborder-radius:0px 0px 0px 0px;\n}\n<\/style>\n<div class='flex_column av-n0cn6c-c0ec0b36941d9a7288072e444a982050 av_one_full  avia-builder-el-149  el_after_av_one_third  el_before_av_one_full  jo_pf_bild_bg first flex_column_div av-animated-generic fade-in av-zero-column-padding column-top-margin'     ><p>\n<style type=\"text\/css\" data-created_by=\"avia_inline_auto\" id=\"style-css-av-lryx5449-20518d57b8977dcd6011704e41a5878a\">\n.avia-image-container.av-lryx5449-20518d57b8977dcd6011704e41a5878a img.avia_image{\nbox-shadow:none;\n}\n.avia-image-container.av-lryx5449-20518d57b8977dcd6011704e41a5878a .av-caption-image-overlay-bg{\nopacity:0.4;\n}\n<\/style>\n<div  class='avia-image-container av-lryx5449-20518d57b8977dcd6011704e41a5878a av-styling-no-styling avia_animated_image av-animated-when-visible-95 fade-in avia-align-left  avia-builder-el-150  el_before_av_textblock  avia-builder-el-first  jo_pf_bild noHover av-overlay-hover-deactivate'  ><div class=\"avia-image-container-inner\"><div class=\"avia-image-overlay-wrap\"><a href=\"https:\/\/www.galerie-metzger.de\/wp-content\/uploads\/2024\/01\/Elke-Sada-3er-Gruppe-Vice-Versa-galerie-metzger-gallery-ceramic-art-object-keramik-bemalt--1030x483.jpg\" data-srcset=\"https:\/\/www.galerie-metzger.de\/wp-content\/uploads\/2024\/01\/Elke-Sada-3er-Gruppe-Vice-Versa-galerie-metzger-gallery-ceramic-art-object-keramik-bemalt--1030x483.jpg 1030w, https:\/\/www.galerie-metzger.de\/wp-content\/uploads\/2024\/01\/Elke-Sada-3er-Gruppe-Vice-Versa-galerie-metzger-gallery-ceramic-art-object-keramik-bemalt--690x323.jpg 690w, https:\/\/www.galerie-metzger.de\/wp-content\/uploads\/2024\/01\/Elke-Sada-3er-Gruppe-Vice-Versa-galerie-metzger-gallery-ceramic-art-object-keramik-bemalt--768x360.jpg 768w, https:\/\/www.galerie-metzger.de\/wp-content\/uploads\/2024\/01\/Elke-Sada-3er-Gruppe-Vice-Versa-galerie-metzger-gallery-ceramic-art-object-keramik-bemalt--1536x720.jpg 1536w, https:\/\/www.galerie-metzger.de\/wp-content\/uploads\/2024\/01\/Elke-Sada-3er-Gruppe-Vice-Versa-galerie-metzger-gallery-ceramic-art-object-keramik-bemalt--2048x960.jpg 2048w, https:\/\/www.galerie-metzger.de\/wp-content\/uploads\/2024\/01\/Elke-Sada-3er-Gruppe-Vice-Versa-galerie-metzger-gallery-ceramic-art-object-keramik-bemalt--1500x703.jpg 1500w, https:\/\/www.galerie-metzger.de\/wp-content\/uploads\/2024\/01\/Elke-Sada-3er-Gruppe-Vice-Versa-galerie-metzger-gallery-ceramic-art-object-keramik-bemalt--705x330.jpg 705w\" data-sizes=\"(max-width: 1030px) 100vw, 1030px\" class='avia_image' ><div class=\"av-image-caption-overlay\"><div class=\"av-caption-image-overlay-bg\"><\/div><div class=\"av-image-caption-overlay-position\"><div class=\"av-image-caption-overlay-center\"><p>Elke Sada \u2013 3 Works from the Vice Versa series \u2013 2021, Foto: Jakob Adolphi.<\/p>\n<\/div><\/div><\/div><img decoding=\"async\" class='wp-image-12041 avia-img-lazy-loading-not-12041 avia_image ' src=\"https:\/\/www.galerie-metzger.de\/wp-content\/uploads\/2024\/01\/Elke-Sada-3er-Gruppe-Vice-Versa-galerie-metzger-gallery-ceramic-art-object-keramik-bemalt--scaled.jpg\" alt='Elke Sada - 3er-Gruppe Vice Versa' title='Elke Sada - 3er-Gruppe Vice Versa'  height=\"1200\" width=\"2560\" srcset=\"https:\/\/www.galerie-metzger.de\/wp-content\/uploads\/2024\/01\/Elke-Sada-3er-Gruppe-Vice-Versa-galerie-metzger-gallery-ceramic-art-object-keramik-bemalt--scaled.jpg 2560w, https:\/\/www.galerie-metzger.de\/wp-content\/uploads\/2024\/01\/Elke-Sada-3er-Gruppe-Vice-Versa-galerie-metzger-gallery-ceramic-art-object-keramik-bemalt--690x323.jpg 690w, https:\/\/www.galerie-metzger.de\/wp-content\/uploads\/2024\/01\/Elke-Sada-3er-Gruppe-Vice-Versa-galerie-metzger-gallery-ceramic-art-object-keramik-bemalt--1030x483.jpg 1030w, https:\/\/www.galerie-metzger.de\/wp-content\/uploads\/2024\/01\/Elke-Sada-3er-Gruppe-Vice-Versa-galerie-metzger-gallery-ceramic-art-object-keramik-bemalt--768x360.jpg 768w, https:\/\/www.galerie-metzger.de\/wp-content\/uploads\/2024\/01\/Elke-Sada-3er-Gruppe-Vice-Versa-galerie-metzger-gallery-ceramic-art-object-keramik-bemalt--1536x720.jpg 1536w, https:\/\/www.galerie-metzger.de\/wp-content\/uploads\/2024\/01\/Elke-Sada-3er-Gruppe-Vice-Versa-galerie-metzger-gallery-ceramic-art-object-keramik-bemalt--2048x960.jpg 2048w, https:\/\/www.galerie-metzger.de\/wp-content\/uploads\/2024\/01\/Elke-Sada-3er-Gruppe-Vice-Versa-galerie-metzger-gallery-ceramic-art-object-keramik-bemalt--1500x703.jpg 1500w, https:\/\/www.galerie-metzger.de\/wp-content\/uploads\/2024\/01\/Elke-Sada-3er-Gruppe-Vice-Versa-galerie-metzger-gallery-ceramic-art-object-keramik-bemalt--705x330.jpg 705w\" sizes=\"(max-width: 2560px) 100vw, 2560px\" \/><\/a><\/div><\/div><\/div><br \/>\n<section  class='av_textblock_section av-lryx5uio-b7e9b9716592b0936e87faf89eedaba0' ><div class='avia_textblock jo_werk_anfrage lang' ><p><a class=\"anfrage\" href=\"mailto:info@galerie-metzger.de?subject=Elke%20Sada%203%20Arbeiten%20Vice%20Versa\">request information<\/a><\/p>\n<\/div><\/section><\/p><\/div><div class='flex_column_table av-84p22yh-417a1e52afe92ba1d8228627bb843c58 sc-av_one_full av-equal-height-column-flextable'>\n<style type=\"text\/css\" data-created_by=\"avia_inline_auto\" id=\"style-css-av-84p22yh-417a1e52afe92ba1d8228627bb843c58\">\n.flex_column.av-84p22yh-417a1e52afe92ba1d8228627bb843c58{\n-webkit-border-radius:0px 0px 0px 0px;\n-moz-border-radius:0px 0px 0px 0px;\nborder-radius:0px 0px 0px 0px;\n}\n<\/style>\n<div class='flex_column av-84p22yh-417a1e52afe92ba1d8228627bb843c58 av_one_full  avia-builder-el-152  el_after_av_one_full  el_before_av_one_half  jo_col_empty first flex_column_table_cell av-equal-height-column av-align-top av-animated-generic fade-in av-zero-column-padding column-top-margin'     ><section  class='av_textblock_section av-28pjmnjt-3f50bd9e80250d193d45837af2abfc08' ><div class='avia_textblock' ><p>invisible placeholder<\/p>\n<\/div><\/section><\/div><\/div><!--close column table wrapper. Autoclose: 1 --><div class='flex_column_table av-3nk1310-88256c50b3c4b4f2b55f0cdf021dfc6f sc-av_one_half av-equal-height-column-flextable'>\n<style type=\"text\/css\" data-created_by=\"avia_inline_auto\" id=\"style-css-av-3nk1310-88256c50b3c4b4f2b55f0cdf021dfc6f\">\n.flex_column.av-3nk1310-88256c50b3c4b4f2b55f0cdf021dfc6f{\n-webkit-border-radius:0px 0px 0px 0px;\n-moz-border-radius:0px 0px 0px 0px;\nborder-radius:0px 0px 0px 0px;\n}\n<\/style>\n<div class='flex_column av-3nk1310-88256c50b3c4b4f2b55f0cdf021dfc6f av_one_half  avia-builder-el-154  el_after_av_one_full  el_before_av_one_half  jo_pf_bild_bg first flex_column_table_cell av-equal-height-column av-align-middle av-animated-generic fade-in av-zero-column-padding column-top-margin'     ><style type=\"text\/css\" data-created_by=\"avia_inline_auto\" id=\"style-css-av-lun47u2m-9ddfa3b276981773baf30bc8e1000b62\">\n.avia-image-container.av-lun47u2m-9ddfa3b276981773baf30bc8e1000b62 img.avia_image{\nbox-shadow:none;\n}\n.avia-image-container.av-lun47u2m-9ddfa3b276981773baf30bc8e1000b62 .av-caption-image-overlay-bg{\nopacity:0.4;\n}\n<\/style>\n<div  class='avia-image-container av-lun47u2m-9ddfa3b276981773baf30bc8e1000b62 av-styling-no-styling avia_animated_image av-animated-when-visible-95 fade-in avia-align-left  avia-builder-el-155  avia-builder-el-no-sibling  jo_pf_bild noHover av-overlay-hover-deactivate'  ><div class=\"avia-image-container-inner\"><div class=\"avia-image-overlay-wrap\"><a href=\"https:\/\/www.galerie-metzger.de\/wp-content\/uploads\/2024\/04\/Elke-Sada-Serie-vice-versa-galerie-metzger-gallery-ceramic-art-object-buy-1030x687.jpg\" data-srcset=\"https:\/\/www.galerie-metzger.de\/wp-content\/uploads\/2024\/04\/Elke-Sada-Serie-vice-versa-galerie-metzger-gallery-ceramic-art-object-buy-1030x687.jpg 1030w, https:\/\/www.galerie-metzger.de\/wp-content\/uploads\/2024\/04\/Elke-Sada-Serie-vice-versa-galerie-metzger-gallery-ceramic-art-object-buy-690x460.jpg 690w, https:\/\/www.galerie-metzger.de\/wp-content\/uploads\/2024\/04\/Elke-Sada-Serie-vice-versa-galerie-metzger-gallery-ceramic-art-object-buy-768x512.jpg 768w, https:\/\/www.galerie-metzger.de\/wp-content\/uploads\/2024\/04\/Elke-Sada-Serie-vice-versa-galerie-metzger-gallery-ceramic-art-object-buy-1536x1024.jpg 1536w, https:\/\/www.galerie-metzger.de\/wp-content\/uploads\/2024\/04\/Elke-Sada-Serie-vice-versa-galerie-metzger-gallery-ceramic-art-object-buy-2048x1365.jpg 2048w, https:\/\/www.galerie-metzger.de\/wp-content\/uploads\/2024\/04\/Elke-Sada-Serie-vice-versa-galerie-metzger-gallery-ceramic-art-object-buy-1500x1000.jpg 1500w, https:\/\/www.galerie-metzger.de\/wp-content\/uploads\/2024\/04\/Elke-Sada-Serie-vice-versa-galerie-metzger-gallery-ceramic-art-object-buy-705x470.jpg 705w\" data-sizes=\"(max-width: 1030px) 100vw, 1030px\" class='avia_image' ><div class=\"av-image-caption-overlay\"><div class=\"av-caption-image-overlay-bg\"><\/div><div class=\"av-image-caption-overlay-position\"><div class=\"av-image-caption-overlay-center\"><p>View into the exhibition space of Elke Sada \u2013 Art and Space \u2013 Foto: Edi Baumann<\/p>\n<\/div><\/div><\/div><img decoding=\"async\" class='wp-image-12393 avia-img-lazy-loading-not-12393 avia_image ' src=\"https:\/\/www.galerie-metzger.de\/wp-content\/uploads\/2024\/04\/Elke-Sada-Serie-vice-versa-galerie-metzger-gallery-ceramic-art-object-buy-690x460.jpg\" alt='Elke Sada - Serie Vice Versa' title='Elke Sada - Serie Vice Versa'  height=\"460\" width=\"690\" srcset=\"https:\/\/www.galerie-metzger.de\/wp-content\/uploads\/2024\/04\/Elke-Sada-Serie-vice-versa-galerie-metzger-gallery-ceramic-art-object-buy-690x460.jpg 690w, https:\/\/www.galerie-metzger.de\/wp-content\/uploads\/2024\/04\/Elke-Sada-Serie-vice-versa-galerie-metzger-gallery-ceramic-art-object-buy-1030x687.jpg 1030w, https:\/\/www.galerie-metzger.de\/wp-content\/uploads\/2024\/04\/Elke-Sada-Serie-vice-versa-galerie-metzger-gallery-ceramic-art-object-buy-768x512.jpg 768w, https:\/\/www.galerie-metzger.de\/wp-content\/uploads\/2024\/04\/Elke-Sada-Serie-vice-versa-galerie-metzger-gallery-ceramic-art-object-buy-1536x1024.jpg 1536w, https:\/\/www.galerie-metzger.de\/wp-content\/uploads\/2024\/04\/Elke-Sada-Serie-vice-versa-galerie-metzger-gallery-ceramic-art-object-buy-2048x1365.jpg 2048w, https:\/\/www.galerie-metzger.de\/wp-content\/uploads\/2024\/04\/Elke-Sada-Serie-vice-versa-galerie-metzger-gallery-ceramic-art-object-buy-1500x1000.jpg 1500w, https:\/\/www.galerie-metzger.de\/wp-content\/uploads\/2024\/04\/Elke-Sada-Serie-vice-versa-galerie-metzger-gallery-ceramic-art-object-buy-705x470.jpg 705w\" sizes=\"(max-width: 690px) 100vw, 690px\" \/><\/a><\/div><\/div><\/div><\/div><div class='av-flex-placeholder'><\/div>\n<style type=\"text\/css\" data-created_by=\"avia_inline_auto\" id=\"style-css-av-aa5g0k-b49ef02bba5b154bfe2c9b59194e8d26\">\n.flex_column.av-aa5g0k-b49ef02bba5b154bfe2c9b59194e8d26{\n-webkit-border-radius:0px 0px 0px 0px;\n-moz-border-radius:0px 0px 0px 0px;\nborder-radius:0px 0px 0px 0px;\n}\n<\/style>\n<div class='flex_column av-aa5g0k-b49ef02bba5b154bfe2c9b59194e8d26 av_one_half  avia-builder-el-156  el_after_av_one_half  el_before_av_one_full  jo_pf_bild_bg flex_column_table_cell av-equal-height-column av-align-middle av-animated-generic fade-in av-zero-column-padding column-top-margin'     ><style type=\"text\/css\" data-created_by=\"avia_inline_auto\" id=\"style-css-av-lun48j0k-e3fd1bf40d67cf3efb3ea3b67a61843b\">\n.avia-image-container.av-lun48j0k-e3fd1bf40d67cf3efb3ea3b67a61843b img.avia_image{\nbox-shadow:none;\n}\n.avia-image-container.av-lun48j0k-e3fd1bf40d67cf3efb3ea3b67a61843b .av-caption-image-overlay-bg{\nopacity:0.4;\n}\n<\/style>\n<div  class='avia-image-container av-lun48j0k-e3fd1bf40d67cf3efb3ea3b67a61843b av-styling-no-styling avia_animated_image av-animated-when-visible-95 fade-in avia-align-left  avia-builder-el-157  avia-builder-el-no-sibling  jo_pf_bild noHover av-overlay-hover-deactivate'  ><div class=\"avia-image-container-inner\"><div class=\"avia-image-overlay-wrap\"><a href=\"https:\/\/www.galerie-metzger.de\/wp-content\/uploads\/2024\/04\/Elke-Sada-Serie-Vice-Versa-galerie-metzger-gallery-keramik-1030x687.jpg\" data-srcset=\"https:\/\/www.galerie-metzger.de\/wp-content\/uploads\/2024\/04\/Elke-Sada-Serie-Vice-Versa-galerie-metzger-gallery-keramik-1030x687.jpg 1030w, https:\/\/www.galerie-metzger.de\/wp-content\/uploads\/2024\/04\/Elke-Sada-Serie-Vice-Versa-galerie-metzger-gallery-keramik-690x460.jpg 690w, https:\/\/www.galerie-metzger.de\/wp-content\/uploads\/2024\/04\/Elke-Sada-Serie-Vice-Versa-galerie-metzger-gallery-keramik-768x512.jpg 768w, https:\/\/www.galerie-metzger.de\/wp-content\/uploads\/2024\/04\/Elke-Sada-Serie-Vice-Versa-galerie-metzger-gallery-keramik-1536x1024.jpg 1536w, https:\/\/www.galerie-metzger.de\/wp-content\/uploads\/2024\/04\/Elke-Sada-Serie-Vice-Versa-galerie-metzger-gallery-keramik-2048x1365.jpg 2048w, https:\/\/www.galerie-metzger.de\/wp-content\/uploads\/2024\/04\/Elke-Sada-Serie-Vice-Versa-galerie-metzger-gallery-keramik-1500x1000.jpg 1500w, https:\/\/www.galerie-metzger.de\/wp-content\/uploads\/2024\/04\/Elke-Sada-Serie-Vice-Versa-galerie-metzger-gallery-keramik-705x470.jpg 705w\" data-sizes=\"(max-width: 1030px) 100vw, 1030px\" class='avia_image' ><div class=\"av-image-caption-overlay\"><div class=\"av-caption-image-overlay-bg\"><\/div><div class=\"av-image-caption-overlay-position\"><div class=\"av-image-caption-overlay-center\"><p>View into the exhibition space of Elke Sada \u2013 Art and Space \u2013 Foto: Edi Baumann<\/p>\n<\/div><\/div><\/div><img decoding=\"async\" class='wp-image-12395 avia-img-lazy-loading-not-12395 avia_image ' src=\"https:\/\/www.galerie-metzger.de\/wp-content\/uploads\/2024\/04\/Elke-Sada-Serie-Vice-Versa-galerie-metzger-gallery-keramik-690x460.jpg\" alt='Elke Sada - Serie Vice Versa' title='Elke Sada - Serie Vice Versa'  height=\"460\" width=\"690\" srcset=\"https:\/\/www.galerie-metzger.de\/wp-content\/uploads\/2024\/04\/Elke-Sada-Serie-Vice-Versa-galerie-metzger-gallery-keramik-690x460.jpg 690w, https:\/\/www.galerie-metzger.de\/wp-content\/uploads\/2024\/04\/Elke-Sada-Serie-Vice-Versa-galerie-metzger-gallery-keramik-1030x687.jpg 1030w, https:\/\/www.galerie-metzger.de\/wp-content\/uploads\/2024\/04\/Elke-Sada-Serie-Vice-Versa-galerie-metzger-gallery-keramik-768x512.jpg 768w, https:\/\/www.galerie-metzger.de\/wp-content\/uploads\/2024\/04\/Elke-Sada-Serie-Vice-Versa-galerie-metzger-gallery-keramik-1536x1024.jpg 1536w, https:\/\/www.galerie-metzger.de\/wp-content\/uploads\/2024\/04\/Elke-Sada-Serie-Vice-Versa-galerie-metzger-gallery-keramik-2048x1365.jpg 2048w, https:\/\/www.galerie-metzger.de\/wp-content\/uploads\/2024\/04\/Elke-Sada-Serie-Vice-Versa-galerie-metzger-gallery-keramik-1500x1000.jpg 1500w, https:\/\/www.galerie-metzger.de\/wp-content\/uploads\/2024\/04\/Elke-Sada-Serie-Vice-Versa-galerie-metzger-gallery-keramik-705x470.jpg 705w\" sizes=\"(max-width: 690px) 100vw, 690px\" \/><\/a><\/div><\/div><\/div><\/div><\/div><!--close column table wrapper. Autoclose: 1 --><div class='flex_column_table av-2dy6038-fd0720bbf483cc36687bda5eaa869bad sc-av_one_full av-equal-height-column-flextable'>\n<style type=\"text\/css\" data-created_by=\"avia_inline_auto\" id=\"style-css-av-2dy6038-fd0720bbf483cc36687bda5eaa869bad\">\n.flex_column.av-2dy6038-fd0720bbf483cc36687bda5eaa869bad{\n-webkit-border-radius:0px 0px 0px 0px;\n-moz-border-radius:0px 0px 0px 0px;\nborder-radius:0px 0px 0px 0px;\n}\n<\/style>\n<div class='flex_column av-2dy6038-fd0720bbf483cc36687bda5eaa869bad av_one_full  avia-builder-el-158  el_after_av_one_half  el_before_av_one_full  jo_col_empty first flex_column_table_cell av-equal-height-column av-align-top av-animated-generic fade-in av-zero-column-padding column-top-margin'     ><section  class='av_textblock_section av-7xq6fo-8a0e02bc3ba5ea376176ce0e78be74e0' ><div class='avia_textblock' ><p>invisible placeholder<\/p>\n<\/div><\/section><\/div><\/div><!--close column table wrapper. Autoclose: 1 --><div class='flex_column_table av-1jmsb2s-0d2f89725ef2bb9a46e65a23ce7fcf2e sc-av_one_full av-equal-height-column-flextable'>\n<style type=\"text\/css\" data-created_by=\"avia_inline_auto\" id=\"style-css-av-1jmsb2s-0d2f89725ef2bb9a46e65a23ce7fcf2e\">\n.flex_column.av-1jmsb2s-0d2f89725ef2bb9a46e65a23ce7fcf2e{\n-webkit-border-radius:0px 0px 0px 0px;\n-moz-border-radius:0px 0px 0px 0px;\nborder-radius:0px 0px 0px 0px;\n}\n<\/style>\n<div class='flex_column av-1jmsb2s-0d2f89725ef2bb9a46e65a23ce7fcf2e av_one_full  avia-builder-el-160  el_after_av_one_full  el_before_av_one_full  jo_pf_bild_bg first flex_column_table_cell av-equal-height-column av-align-middle av-animated-generic fade-in av-zero-column-padding column-top-margin'     ><style type=\"text\/css\" data-created_by=\"avia_inline_auto\" id=\"style-css-av-lun49pnm-8bfdf1786fdfea9397756b238f45bf20\">\n.avia-image-container.av-lun49pnm-8bfdf1786fdfea9397756b238f45bf20 img.avia_image{\nbox-shadow:none;\n}\n.avia-image-container.av-lun49pnm-8bfdf1786fdfea9397756b238f45bf20 .av-caption-image-overlay-bg{\nopacity:0.4;\n}\n<\/style>\n<div  class='avia-image-container av-lun49pnm-8bfdf1786fdfea9397756b238f45bf20 av-styling-no-styling avia_animated_image av-animated-when-visible-95 fade-in avia-align-left  avia-builder-el-161  avia-builder-el-no-sibling  jo_pf_bild noHover av-overlay-hover-deactivate'  ><div class=\"avia-image-container-inner\"><div class=\"avia-image-overlay-wrap\"><a href=\"https:\/\/www.galerie-metzger.de\/wp-content\/uploads\/2024\/04\/Elke-Sada-Blick-in-die-Ausstellung-die-Kunst-und-der-Raum-skulptur-keramikkunst-kaufen--1030x436.jpg\" data-srcset=\"https:\/\/www.galerie-metzger.de\/wp-content\/uploads\/2024\/04\/Elke-Sada-Blick-in-die-Ausstellung-die-Kunst-und-der-Raum-skulptur-keramikkunst-kaufen--1030x436.jpg 1030w, https:\/\/www.galerie-metzger.de\/wp-content\/uploads\/2024\/04\/Elke-Sada-Blick-in-die-Ausstellung-die-Kunst-und-der-Raum-skulptur-keramikkunst-kaufen--690x292.jpg 690w, https:\/\/www.galerie-metzger.de\/wp-content\/uploads\/2024\/04\/Elke-Sada-Blick-in-die-Ausstellung-die-Kunst-und-der-Raum-skulptur-keramikkunst-kaufen--768x325.jpg 768w, https:\/\/www.galerie-metzger.de\/wp-content\/uploads\/2024\/04\/Elke-Sada-Blick-in-die-Ausstellung-die-Kunst-und-der-Raum-skulptur-keramikkunst-kaufen--1536x651.jpg 1536w, https:\/\/www.galerie-metzger.de\/wp-content\/uploads\/2024\/04\/Elke-Sada-Blick-in-die-Ausstellung-die-Kunst-und-der-Raum-skulptur-keramikkunst-kaufen--2048x868.jpg 2048w, https:\/\/www.galerie-metzger.de\/wp-content\/uploads\/2024\/04\/Elke-Sada-Blick-in-die-Ausstellung-die-Kunst-und-der-Raum-skulptur-keramikkunst-kaufen--1500x635.jpg 1500w, https:\/\/www.galerie-metzger.de\/wp-content\/uploads\/2024\/04\/Elke-Sada-Blick-in-die-Ausstellung-die-Kunst-und-der-Raum-skulptur-keramikkunst-kaufen--705x299.jpg 705w\" data-sizes=\"(max-width: 1030px) 100vw, 1030px\" class='avia_image' ><div class=\"av-image-caption-overlay\"><div class=\"av-caption-image-overlay-bg\"><\/div><div class=\"av-image-caption-overlay-position\"><div class=\"av-image-caption-overlay-center\"><p>View into the exhibition space of Elke Sada \u2013 Serie Vice Versa \u2013 Foto: Edi Baumann<\/p>\n<\/div><\/div><\/div><img decoding=\"async\" class='wp-image-12391 avia-img-lazy-loading-not-12391 avia_image ' src=\"https:\/\/www.galerie-metzger.de\/wp-content\/uploads\/2024\/04\/Elke-Sada-Blick-in-die-Ausstellung-die-Kunst-und-der-Raum-skulptur-keramikkunst-kaufen--scaled.jpg\" alt='Elke Sada - View into the exhibion Art and Space' title='Elke Sada - View into the exhibion Art and Space'  height=\"1085\" width=\"2560\" srcset=\"https:\/\/www.galerie-metzger.de\/wp-content\/uploads\/2024\/04\/Elke-Sada-Blick-in-die-Ausstellung-die-Kunst-und-der-Raum-skulptur-keramikkunst-kaufen--scaled.jpg 2560w, https:\/\/www.galerie-metzger.de\/wp-content\/uploads\/2024\/04\/Elke-Sada-Blick-in-die-Ausstellung-die-Kunst-und-der-Raum-skulptur-keramikkunst-kaufen--690x292.jpg 690w, https:\/\/www.galerie-metzger.de\/wp-content\/uploads\/2024\/04\/Elke-Sada-Blick-in-die-Ausstellung-die-Kunst-und-der-Raum-skulptur-keramikkunst-kaufen--1030x436.jpg 1030w, https:\/\/www.galerie-metzger.de\/wp-content\/uploads\/2024\/04\/Elke-Sada-Blick-in-die-Ausstellung-die-Kunst-und-der-Raum-skulptur-keramikkunst-kaufen--768x325.jpg 768w, https:\/\/www.galerie-metzger.de\/wp-content\/uploads\/2024\/04\/Elke-Sada-Blick-in-die-Ausstellung-die-Kunst-und-der-Raum-skulptur-keramikkunst-kaufen--1536x651.jpg 1536w, https:\/\/www.galerie-metzger.de\/wp-content\/uploads\/2024\/04\/Elke-Sada-Blick-in-die-Ausstellung-die-Kunst-und-der-Raum-skulptur-keramikkunst-kaufen--2048x868.jpg 2048w, https:\/\/www.galerie-metzger.de\/wp-content\/uploads\/2024\/04\/Elke-Sada-Blick-in-die-Ausstellung-die-Kunst-und-der-Raum-skulptur-keramikkunst-kaufen--1500x635.jpg 1500w, https:\/\/www.galerie-metzger.de\/wp-content\/uploads\/2024\/04\/Elke-Sada-Blick-in-die-Ausstellung-die-Kunst-und-der-Raum-skulptur-keramikkunst-kaufen--705x299.jpg 705w\" sizes=\"(max-width: 2560px) 100vw, 2560px\" \/><\/a><\/div><\/div><\/div><\/div><\/div><!--close column table wrapper. Autoclose: 1 --><div class='flex_column_table av-1dm0dpw-be2a29a5d4c292cfaceae802765cc291 sc-av_one_full av-equal-height-column-flextable'>\n<style type=\"text\/css\" data-created_by=\"avia_inline_auto\" id=\"style-css-av-1dm0dpw-be2a29a5d4c292cfaceae802765cc291\">\n.flex_column.av-1dm0dpw-be2a29a5d4c292cfaceae802765cc291{\n-webkit-border-radius:0px 0px 0px 0px;\n-moz-border-radius:0px 0px 0px 0px;\nborder-radius:0px 0px 0px 0px;\n}\n<\/style>\n<div class='flex_column av-1dm0dpw-be2a29a5d4c292cfaceae802765cc291 av_one_full  avia-builder-el-162  el_after_av_one_full  el_before_av_one_full  jo_col_empty first flex_column_table_cell av-equal-height-column av-align-top av-animated-generic fade-in av-zero-column-padding column-top-margin'     ><section  class='av_textblock_section av-shnp1w-abd491ebd05ad2f40bb02f62fc070ada' ><div class='avia_textblock' ><p>invisible placeholder<\/p>\n<\/div><\/section><\/div><\/div><!--close column table wrapper. Autoclose: 1 --><div class='flex_column_table av-1sf873o-930a4b89d3bec61f5993da7890fb4070 sc-av_one_full av-equal-height-column-flextable'>\n<style type=\"text\/css\" data-created_by=\"avia_inline_auto\" id=\"style-css-av-1sf873o-930a4b89d3bec61f5993da7890fb4070\">\n.flex_column.av-1sf873o-930a4b89d3bec61f5993da7890fb4070{\n-webkit-border-radius:0px 0px 0px 0px;\n-moz-border-radius:0px 0px 0px 0px;\nborder-radius:0px 0px 0px 0px;\n}\n<\/style>\n<div class='flex_column av-1sf873o-930a4b89d3bec61f5993da7890fb4070 av_one_full  avia-builder-el-164  el_after_av_one_full  el_before_av_one_half  jhd-no-margin-top first flex_column_table_cell av-equal-height-column av-align-middle av-animated-generic fade-in av-zero-column-padding column-top-margin'     ><section  class='av_textblock_section av-lrnm9sru-43887c95f11cc4d62b21f860af05f37c' ><div class='avia_textblock' ><p><strong>Jeff Shapiro<\/strong><\/p>\n<p>On Sunday, 14 April 2024 at 11 a.m., Jeff Shapiro, USA, will give an insight into his work<\/p>\n<p>DEPARTURES FROM JAPAN: A CREATIVE JOURNEY TO DISCOVER ONE\u2019S OWN VOICE<\/p>\n<\/div><\/section><\/div><\/div><!--close column table wrapper. Autoclose: 1 --><div class='flex_column_table av-19r3xzr-6a21cca68336dfc5b8af13ce4ee60e58 sc-av_one_half av-equal-height-column-flextable'>\n<style type=\"text\/css\" data-created_by=\"avia_inline_auto\" id=\"style-css-av-19r3xzr-6a21cca68336dfc5b8af13ce4ee60e58\">\n.flex_column.av-19r3xzr-6a21cca68336dfc5b8af13ce4ee60e58{\n-webkit-border-radius:0px 0px 0px 0px;\n-moz-border-radius:0px 0px 0px 0px;\nborder-radius:0px 0px 0px 0px;\n}\n<\/style>\n<div class='flex_column av-19r3xzr-6a21cca68336dfc5b8af13ce4ee60e58 av_one_half  avia-builder-el-166  el_after_av_one_full  el_before_av_one_half  jhd-no-margin-top first flex_column_table_cell av-equal-height-column av-align-top av-animated-generic fade-in av-zero-column-padding column-top-margin'     ><section  class='av_textblock_section av-mryf93-6ee1278a80ed30ff73e6b01ad78093d2' ><div class='avia_textblock' ><p><strong>Jeff Shapiro<\/strong><\/p>\n<p>In my work, revealing the character of material is part of the approach.The work has an organic quality, but that is only one aspect of the completion of the work. I am not trying to \u201creproduce&#8221; what is found in nature, but rather addressing the essence of form, texture and color, and working with those qualities in a spontaneous and abstract way.<\/p>\n<p><em>Jeff Shapiro<\/em><\/p>\n<\/div><\/section><\/div><div class='av-flex-placeholder'><\/div>\n<style type=\"text\/css\" data-created_by=\"avia_inline_auto\" id=\"style-css-av-285dzjg9-e053ac418d29e3d306168599184f62fe\">\n.flex_column.av-285dzjg9-e053ac418d29e3d306168599184f62fe{\n-webkit-border-radius:0px 0px 0px 0px;\n-moz-border-radius:0px 0px 0px 0px;\nborder-radius:0px 0px 0px 0px;\n}\n<\/style>\n<div class='flex_column av-285dzjg9-e053ac418d29e3d306168599184f62fe av_one_half  avia-builder-el-168  el_after_av_one_half  el_before_av_one_full  jo_pf_bild_bg flex_column_table_cell av-equal-height-column av-align-top av-animated-generic fade-in av-zero-column-padding column-top-margin'     ><p>\n<style type=\"text\/css\" data-created_by=\"avia_inline_auto\" id=\"style-css-av-27l9u0d5-86d6b027825c184b4d07003cb8182655\">\n.avia-image-container.av-27l9u0d5-86d6b027825c184b4d07003cb8182655 img.avia_image{\nbox-shadow:none;\n}\n.avia-image-container.av-27l9u0d5-86d6b027825c184b4d07003cb8182655 .av-caption-image-overlay-bg{\nopacity:0.4;\n}\n<\/style>\n<div  class='avia-image-container av-27l9u0d5-86d6b027825c184b4d07003cb8182655 av-styling-no-styling avia_animated_image av-animated-when-visible-95 fade-in avia-align-left  avia-builder-el-169  el_before_av_textblock  avia-builder-el-first  jo_pf_bild noHover av-overlay-hover-deactivate'  ><div class=\"avia-image-container-inner\"><div class=\"avia-image-overlay-wrap\"><a href=\"https:\/\/www.galerie-metzger.de\/wp-content\/uploads\/2023\/08\/Jeff-Shapiro-o.T.-galerie-metzger-gallery-sculpture-ceramic-art-object-kunst-keramik-727x1090.jpg\" data-srcset=\"https:\/\/www.galerie-metzger.de\/wp-content\/uploads\/2023\/08\/Jeff-Shapiro-o.T.-galerie-metzger-gallery-sculpture-ceramic-art-object-kunst-keramik-727x1090.jpg 727w, https:\/\/www.galerie-metzger.de\/wp-content\/uploads\/2023\/08\/Jeff-Shapiro-o.T.-galerie-metzger-gallery-sculpture-ceramic-art-object-kunst-keramik-690x1035.jpg 690w, https:\/\/www.galerie-metzger.de\/wp-content\/uploads\/2023\/08\/Jeff-Shapiro-o.T.-galerie-metzger-gallery-sculpture-ceramic-art-object-kunst-keramik-768x1152.jpg 768w, https:\/\/www.galerie-metzger.de\/wp-content\/uploads\/2023\/08\/Jeff-Shapiro-o.T.-galerie-metzger-gallery-sculpture-ceramic-art-object-kunst-keramik-1024x1536.jpg 1024w, https:\/\/www.galerie-metzger.de\/wp-content\/uploads\/2023\/08\/Jeff-Shapiro-o.T.-galerie-metzger-gallery-sculpture-ceramic-art-object-kunst-keramik-1365x2048.jpg 1365w, https:\/\/www.galerie-metzger.de\/wp-content\/uploads\/2023\/08\/Jeff-Shapiro-o.T.-galerie-metzger-gallery-sculpture-ceramic-art-object-kunst-keramik-1000x1500.jpg 1000w, https:\/\/www.galerie-metzger.de\/wp-content\/uploads\/2023\/08\/Jeff-Shapiro-o.T.-galerie-metzger-gallery-sculpture-ceramic-art-object-kunst-keramik-470x705.jpg 470w, https:\/\/www.galerie-metzger.de\/wp-content\/uploads\/2023\/08\/Jeff-Shapiro-o.T.-galerie-metzger-gallery-sculpture-ceramic-art-object-kunst-keramik-scaled.jpg 1707w\" data-sizes=\"(max-width: 687px) 100vw, 687px\" class='avia_image' ><div class=\"av-image-caption-overlay\"><div class=\"av-caption-image-overlay-bg\"><\/div><div class=\"av-image-caption-overlay-position\"><div class=\"av-image-caption-overlay-center\"><p>Jeff Shapiro \u2013 Oribe Reborn Sculpture \u2013 2023, 33x24x17,7 cm, Foto: Ryan Shapiro<\/p>\n<\/div><\/div><\/div><img decoding=\"async\" class='wp-image-11713 avia-img-lazy-loading-not-11713 avia_image ' src=\"https:\/\/www.galerie-metzger.de\/wp-content\/uploads\/2023\/08\/Jeff-Shapiro-o.T.-galerie-metzger-gallery-sculpture-ceramic-art-object-kunst-keramik-690x1035.jpg\" alt='Jeff Shapiro - Oribe Reborn sculpture' title='Jeff Shapiro - Oribe Reborn sculpture'  height=\"1035\" width=\"690\" srcset=\"https:\/\/www.galerie-metzger.de\/wp-content\/uploads\/2023\/08\/Jeff-Shapiro-o.T.-galerie-metzger-gallery-sculpture-ceramic-art-object-kunst-keramik-690x1035.jpg 690w, https:\/\/www.galerie-metzger.de\/wp-content\/uploads\/2023\/08\/Jeff-Shapiro-o.T.-galerie-metzger-gallery-sculpture-ceramic-art-object-kunst-keramik-727x1090.jpg 727w, https:\/\/www.galerie-metzger.de\/wp-content\/uploads\/2023\/08\/Jeff-Shapiro-o.T.-galerie-metzger-gallery-sculpture-ceramic-art-object-kunst-keramik-768x1152.jpg 768w, https:\/\/www.galerie-metzger.de\/wp-content\/uploads\/2023\/08\/Jeff-Shapiro-o.T.-galerie-metzger-gallery-sculpture-ceramic-art-object-kunst-keramik-1024x1536.jpg 1024w, https:\/\/www.galerie-metzger.de\/wp-content\/uploads\/2023\/08\/Jeff-Shapiro-o.T.-galerie-metzger-gallery-sculpture-ceramic-art-object-kunst-keramik-1365x2048.jpg 1365w, https:\/\/www.galerie-metzger.de\/wp-content\/uploads\/2023\/08\/Jeff-Shapiro-o.T.-galerie-metzger-gallery-sculpture-ceramic-art-object-kunst-keramik-1000x1500.jpg 1000w, https:\/\/www.galerie-metzger.de\/wp-content\/uploads\/2023\/08\/Jeff-Shapiro-o.T.-galerie-metzger-gallery-sculpture-ceramic-art-object-kunst-keramik-470x705.jpg 470w, https:\/\/www.galerie-metzger.de\/wp-content\/uploads\/2023\/08\/Jeff-Shapiro-o.T.-galerie-metzger-gallery-sculpture-ceramic-art-object-kunst-keramik-scaled.jpg 1707w\" sizes=\"(max-width: 690px) 100vw, 690px\" \/><\/a><\/div><\/div><\/div><br \/>\n<section  class='av_textblock_section av-27g5kcmx-6f0d225b56f4ca8f7d9b11d0ebff17ff' ><div class='avia_textblock jo_werk_anfrage lang' ><p><a class=\"anfrage\" href=\"mailto:info@galerie-metzger.de?subject=Jeff%20Shapiro%20Oribe%20Reborn%20Skulptur%2033x24x17,7cm\">request information<\/a><\/p>\n<\/div><\/section><\/p><\/div><\/div><!--close column table wrapper. Autoclose: 1 -->\n<style type=\"text\/css\" data-created_by=\"avia_inline_auto\" id=\"style-css-av-4jr3ris-401c13cc534f19d7c43618a2fc15b027\">\n.flex_column.av-4jr3ris-401c13cc534f19d7c43618a2fc15b027{\n-webkit-border-radius:0px 0px 0px 0px;\n-moz-border-radius:0px 0px 0px 0px;\nborder-radius:0px 0px 0px 0px;\n}\n<\/style>\n<div class='flex_column av-4jr3ris-401c13cc534f19d7c43618a2fc15b027 av_one_full  avia-builder-el-171  el_after_av_one_half  el_before_av_one_half  jo_pf_bild_bg first flex_column_div av-animated-generic fade-in av-zero-column-padding column-top-margin'     ><p>\n<style type=\"text\/css\" data-created_by=\"avia_inline_auto\" id=\"style-css-av-ls4l8rh7-c2cc99c363b1bd75405ca0e28b668503\">\n.avia-image-container.av-ls4l8rh7-c2cc99c363b1bd75405ca0e28b668503 img.avia_image{\nbox-shadow:none;\n}\n.avia-image-container.av-ls4l8rh7-c2cc99c363b1bd75405ca0e28b668503 .av-caption-image-overlay-bg{\nopacity:0.4;\n}\n<\/style>\n<div  class='avia-image-container av-ls4l8rh7-c2cc99c363b1bd75405ca0e28b668503 av-styling-no-styling avia_animated_image av-animated-when-visible-95 fade-in avia-align-left  avia-builder-el-172  el_before_av_textblock  avia-builder-el-first  jo_pf_bild noHover av-overlay-hover-deactivate'  ><div class=\"avia-image-container-inner\"><div class=\"avia-image-overlay-wrap\"><a href=\"https:\/\/www.galerie-metzger.de\/wp-content\/uploads\/2024\/01\/KUNSTRAUM-SB-Jeff-Shapiro-Sea-Creature-galerie-metzger-gallery-ceramic-art-object-kunst-1030x687.jpg\" data-srcset=\"https:\/\/www.galerie-metzger.de\/wp-content\/uploads\/2024\/01\/KUNSTRAUM-SB-Jeff-Shapiro-Sea-Creature-galerie-metzger-gallery-ceramic-art-object-kunst-1030x687.jpg 1030w, https:\/\/www.galerie-metzger.de\/wp-content\/uploads\/2024\/01\/KUNSTRAUM-SB-Jeff-Shapiro-Sea-Creature-galerie-metzger-gallery-ceramic-art-object-kunst-690x460.jpg 690w, https:\/\/www.galerie-metzger.de\/wp-content\/uploads\/2024\/01\/KUNSTRAUM-SB-Jeff-Shapiro-Sea-Creature-galerie-metzger-gallery-ceramic-art-object-kunst-768x512.jpg 768w, https:\/\/www.galerie-metzger.de\/wp-content\/uploads\/2024\/01\/KUNSTRAUM-SB-Jeff-Shapiro-Sea-Creature-galerie-metzger-gallery-ceramic-art-object-kunst-1536x1024.jpg 1536w, https:\/\/www.galerie-metzger.de\/wp-content\/uploads\/2024\/01\/KUNSTRAUM-SB-Jeff-Shapiro-Sea-Creature-galerie-metzger-gallery-ceramic-art-object-kunst-2048x1365.jpg 2048w, https:\/\/www.galerie-metzger.de\/wp-content\/uploads\/2024\/01\/KUNSTRAUM-SB-Jeff-Shapiro-Sea-Creature-galerie-metzger-gallery-ceramic-art-object-kunst-1500x1000.jpg 1500w, https:\/\/www.galerie-metzger.de\/wp-content\/uploads\/2024\/01\/KUNSTRAUM-SB-Jeff-Shapiro-Sea-Creature-galerie-metzger-gallery-ceramic-art-object-kunst-705x470.jpg 705w\" data-sizes=\"(max-width: 1030px) 100vw, 1030px\" class='avia_image' ><div class=\"av-image-caption-overlay\"><div class=\"av-caption-image-overlay-bg\"><\/div><div class=\"av-image-caption-overlay-position\"><div class=\"av-image-caption-overlay-center\"><p>Jeff Shapiro \u2013 Sea Creature \u2013 Foto: Ryan Shapiro<\/p>\n<\/div><\/div><\/div><img decoding=\"async\" class='wp-image-12145 avia-img-lazy-loading-not-12145 avia_image ' src=\"https:\/\/www.galerie-metzger.de\/wp-content\/uploads\/2024\/01\/KUNSTRAUM-SB-Jeff-Shapiro-Sea-Creature-galerie-metzger-gallery-ceramic-art-object-kunst-1030x687.jpg\" alt='' title='KUNSTRAUM-SB-Jeff-Shapiro-Sea-Creature-galerie-metzger-gallery-ceramic-art-object-kunst'  height=\"687\" width=\"1030\" srcset=\"https:\/\/www.galerie-metzger.de\/wp-content\/uploads\/2024\/01\/KUNSTRAUM-SB-Jeff-Shapiro-Sea-Creature-galerie-metzger-gallery-ceramic-art-object-kunst-1030x687.jpg 1030w, https:\/\/www.galerie-metzger.de\/wp-content\/uploads\/2024\/01\/KUNSTRAUM-SB-Jeff-Shapiro-Sea-Creature-galerie-metzger-gallery-ceramic-art-object-kunst-690x460.jpg 690w, https:\/\/www.galerie-metzger.de\/wp-content\/uploads\/2024\/01\/KUNSTRAUM-SB-Jeff-Shapiro-Sea-Creature-galerie-metzger-gallery-ceramic-art-object-kunst-768x512.jpg 768w, https:\/\/www.galerie-metzger.de\/wp-content\/uploads\/2024\/01\/KUNSTRAUM-SB-Jeff-Shapiro-Sea-Creature-galerie-metzger-gallery-ceramic-art-object-kunst-1536x1024.jpg 1536w, https:\/\/www.galerie-metzger.de\/wp-content\/uploads\/2024\/01\/KUNSTRAUM-SB-Jeff-Shapiro-Sea-Creature-galerie-metzger-gallery-ceramic-art-object-kunst-2048x1365.jpg 2048w, https:\/\/www.galerie-metzger.de\/wp-content\/uploads\/2024\/01\/KUNSTRAUM-SB-Jeff-Shapiro-Sea-Creature-galerie-metzger-gallery-ceramic-art-object-kunst-1500x1000.jpg 1500w, https:\/\/www.galerie-metzger.de\/wp-content\/uploads\/2024\/01\/KUNSTRAUM-SB-Jeff-Shapiro-Sea-Creature-galerie-metzger-gallery-ceramic-art-object-kunst-705x470.jpg 705w\" sizes=\"(max-width: 1030px) 100vw, 1030px\" \/><\/a><\/div><\/div><\/div><br \/>\n<section  class='av_textblock_section av-ls4laem5-2d349fa89c9c90abd2ad1cf05a31fc20' ><div class='avia_textblock jo_werk_anfrage lang' ><p><a class=\"anfrage\" href=\"mailto:info@galerie-metzger.de?subject=Jeff%20Shapiro%20Sea%20Creature\">request information<\/a><\/p>\n<\/div><\/section><\/p><\/div>\n<style type=\"text\/css\" data-created_by=\"avia_inline_auto\" id=\"style-css-av-1ldatlg-c0f68ecddbc813acd5b7647bf415d2de\">\n.flex_column.av-1ldatlg-c0f68ecddbc813acd5b7647bf415d2de{\n-webkit-border-radius:0px 0px 0px 0px;\n-moz-border-radius:0px 0px 0px 0px;\nborder-radius:0px 0px 0px 0px;\n}\n<\/style>\n<div class='flex_column av-1ldatlg-c0f68ecddbc813acd5b7647bf415d2de av_one_half  avia-builder-el-174  el_after_av_one_full  el_before_av_one_half  jo_pf_bild_bg first flex_column_div av-animated-generic fade-in av-zero-column-padding column-top-margin'     ><p>\n<style type=\"text\/css\" data-created_by=\"avia_inline_auto\" id=\"style-css-av-15glyt0-59e6dab8e45c2f82cce1cf5e5eb10b1a\">\n.avia-image-container.av-15glyt0-59e6dab8e45c2f82cce1cf5e5eb10b1a img.avia_image{\nbox-shadow:none;\n}\n.avia-image-container.av-15glyt0-59e6dab8e45c2f82cce1cf5e5eb10b1a .av-caption-image-overlay-bg{\nopacity:0.4;\n}\n<\/style>\n<div  class='avia-image-container av-15glyt0-59e6dab8e45c2f82cce1cf5e5eb10b1a av-styling-no-styling avia_animated_image av-animated-when-visible-95 fade-in avia-align-left  avia-builder-el-175  el_before_av_textblock  avia-builder-el-first  jo_pf_bild noHover av-overlay-hover-deactivate'  ><div class=\"avia-image-container-inner\"><div class=\"avia-image-overlay-wrap\"><a href=\"https:\/\/www.galerie-metzger.de\/wp-content\/uploads\/2024\/02\/Jeff-Shapiro-Sea-Creature-galerie-metzger-gallery-ceramic-art-sculpture-1030x1030.jpg\" data-srcset=\"https:\/\/www.galerie-metzger.de\/wp-content\/uploads\/2024\/02\/Jeff-Shapiro-Sea-Creature-galerie-metzger-gallery-ceramic-art-sculpture-1030x1030.jpg 1030w, https:\/\/www.galerie-metzger.de\/wp-content\/uploads\/2024\/02\/Jeff-Shapiro-Sea-Creature-galerie-metzger-gallery-ceramic-art-sculpture-690x690.jpg 690w, https:\/\/www.galerie-metzger.de\/wp-content\/uploads\/2024\/02\/Jeff-Shapiro-Sea-Creature-galerie-metzger-gallery-ceramic-art-sculpture-80x80.jpg 80w, https:\/\/www.galerie-metzger.de\/wp-content\/uploads\/2024\/02\/Jeff-Shapiro-Sea-Creature-galerie-metzger-gallery-ceramic-art-sculpture-768x768.jpg 768w, https:\/\/www.galerie-metzger.de\/wp-content\/uploads\/2024\/02\/Jeff-Shapiro-Sea-Creature-galerie-metzger-gallery-ceramic-art-sculpture-1536x1536.jpg 1536w, https:\/\/www.galerie-metzger.de\/wp-content\/uploads\/2024\/02\/Jeff-Shapiro-Sea-Creature-galerie-metzger-gallery-ceramic-art-sculpture-2048x2048.jpg 2048w, https:\/\/www.galerie-metzger.de\/wp-content\/uploads\/2024\/02\/Jeff-Shapiro-Sea-Creature-galerie-metzger-gallery-ceramic-art-sculpture-36x36.jpg 36w, https:\/\/www.galerie-metzger.de\/wp-content\/uploads\/2024\/02\/Jeff-Shapiro-Sea-Creature-galerie-metzger-gallery-ceramic-art-sculpture-180x180.jpg 180w, https:\/\/www.galerie-metzger.de\/wp-content\/uploads\/2024\/02\/Jeff-Shapiro-Sea-Creature-galerie-metzger-gallery-ceramic-art-sculpture-1500x1500.jpg 1500w, https:\/\/www.galerie-metzger.de\/wp-content\/uploads\/2024\/02\/Jeff-Shapiro-Sea-Creature-galerie-metzger-gallery-ceramic-art-sculpture-705x705.jpg 705w\" data-sizes=\"(max-width: 1030px) 100vw, 1030px\" class='avia_image' ><div class=\"av-image-caption-overlay\"><div class=\"av-caption-image-overlay-bg\"><\/div><div class=\"av-image-caption-overlay-position\"><div class=\"av-image-caption-overlay-center\"><p>Jeff Shapiro \u2013 Sea Creature \u2013 Foto: Ryan Shapiro<\/p>\n<\/div><\/div><\/div><img decoding=\"async\" class='wp-image-12058 avia-img-lazy-loading-not-12058 avia_image ' src=\"https:\/\/www.galerie-metzger.de\/wp-content\/uploads\/2024\/02\/Jeff-Shapiro-Sea-Creature-galerie-metzger-gallery-ceramic-art-sculpture-690x690.jpg\" alt='Jeff Shapiro - Sea Creature' title='Jeff Shapiro - Sea Creature'  height=\"690\" width=\"690\" srcset=\"https:\/\/www.galerie-metzger.de\/wp-content\/uploads\/2024\/02\/Jeff-Shapiro-Sea-Creature-galerie-metzger-gallery-ceramic-art-sculpture-690x690.jpg 690w, https:\/\/www.galerie-metzger.de\/wp-content\/uploads\/2024\/02\/Jeff-Shapiro-Sea-Creature-galerie-metzger-gallery-ceramic-art-sculpture-1030x1030.jpg 1030w, https:\/\/www.galerie-metzger.de\/wp-content\/uploads\/2024\/02\/Jeff-Shapiro-Sea-Creature-galerie-metzger-gallery-ceramic-art-sculpture-80x80.jpg 80w, https:\/\/www.galerie-metzger.de\/wp-content\/uploads\/2024\/02\/Jeff-Shapiro-Sea-Creature-galerie-metzger-gallery-ceramic-art-sculpture-768x768.jpg 768w, https:\/\/www.galerie-metzger.de\/wp-content\/uploads\/2024\/02\/Jeff-Shapiro-Sea-Creature-galerie-metzger-gallery-ceramic-art-sculpture-1536x1536.jpg 1536w, https:\/\/www.galerie-metzger.de\/wp-content\/uploads\/2024\/02\/Jeff-Shapiro-Sea-Creature-galerie-metzger-gallery-ceramic-art-sculpture-2048x2048.jpg 2048w, https:\/\/www.galerie-metzger.de\/wp-content\/uploads\/2024\/02\/Jeff-Shapiro-Sea-Creature-galerie-metzger-gallery-ceramic-art-sculpture-36x36.jpg 36w, https:\/\/www.galerie-metzger.de\/wp-content\/uploads\/2024\/02\/Jeff-Shapiro-Sea-Creature-galerie-metzger-gallery-ceramic-art-sculpture-180x180.jpg 180w, https:\/\/www.galerie-metzger.de\/wp-content\/uploads\/2024\/02\/Jeff-Shapiro-Sea-Creature-galerie-metzger-gallery-ceramic-art-sculpture-1500x1500.jpg 1500w, https:\/\/www.galerie-metzger.de\/wp-content\/uploads\/2024\/02\/Jeff-Shapiro-Sea-Creature-galerie-metzger-gallery-ceramic-art-sculpture-705x705.jpg 705w\" sizes=\"(max-width: 690px) 100vw, 690px\" \/><\/a><\/div><\/div><\/div><br \/>\n<section  class='av_textblock_section av-lpqeic-265ee2cedaf1491866faa9622c22708e' ><div class='avia_textblock jo_werk_anfrage lang' ><p><a class=\"anfrage\" href=\"mailto:info@galerie-metzger.de?subject=Jeff%20Shapiro%20Sea%20Creature\">request information<\/a><\/p>\n<\/div><\/section><\/p><\/div>\n<style type=\"text\/css\" data-created_by=\"avia_inline_auto\" id=\"style-css-av-3wg3puc-dbaffbb84b5921c0735ab99e27c105a1\">\n.flex_column.av-3wg3puc-dbaffbb84b5921c0735ab99e27c105a1{\n-webkit-border-radius:0px 0px 0px 0px;\n-moz-border-radius:0px 0px 0px 0px;\nborder-radius:0px 0px 0px 0px;\n}\n<\/style>\n<div class='flex_column av-3wg3puc-dbaffbb84b5921c0735ab99e27c105a1 av_one_half  avia-builder-el-177  el_after_av_one_half  el_before_av_one_full  jo_pf_bild_bg flex_column_div av-animated-generic fade-in av-zero-column-padding column-top-margin'     ><p>\n<style type=\"text\/css\" data-created_by=\"avia_inline_auto\" id=\"style-css-av-ls4lawc5-5f7ac2c8f87150da458e671d084f8859\">\n.avia-image-container.av-ls4lawc5-5f7ac2c8f87150da458e671d084f8859 img.avia_image{\nbox-shadow:none;\n}\n.avia-image-container.av-ls4lawc5-5f7ac2c8f87150da458e671d084f8859 .av-caption-image-overlay-bg{\nopacity:0.4;\n}\n<\/style>\n<div  class='avia-image-container av-ls4lawc5-5f7ac2c8f87150da458e671d084f8859 av-styling-no-styling avia_animated_image av-animated-when-visible-95 fade-in avia-align-left  avia-builder-el-178  el_before_av_textblock  avia-builder-el-first  jo_pf_bild noHover av-overlay-hover-deactivate'  ><div class=\"avia-image-container-inner\"><div class=\"avia-image-overlay-wrap\"><a href=\"https:\/\/www.galerie-metzger.de\/wp-content\/uploads\/2024\/02\/Jeff-Shapiro-Sea-Creature-galerie-metzger-gallery-ceramic-art-sculpture-keramikkunst-1030x1030.jpg\" data-srcset=\"https:\/\/www.galerie-metzger.de\/wp-content\/uploads\/2024\/02\/Jeff-Shapiro-Sea-Creature-galerie-metzger-gallery-ceramic-art-sculpture-keramikkunst-1030x1030.jpg 1030w, https:\/\/www.galerie-metzger.de\/wp-content\/uploads\/2024\/02\/Jeff-Shapiro-Sea-Creature-galerie-metzger-gallery-ceramic-art-sculpture-keramikkunst-690x690.jpg 690w, https:\/\/www.galerie-metzger.de\/wp-content\/uploads\/2024\/02\/Jeff-Shapiro-Sea-Creature-galerie-metzger-gallery-ceramic-art-sculpture-keramikkunst-80x80.jpg 80w, https:\/\/www.galerie-metzger.de\/wp-content\/uploads\/2024\/02\/Jeff-Shapiro-Sea-Creature-galerie-metzger-gallery-ceramic-art-sculpture-keramikkunst-768x768.jpg 768w, https:\/\/www.galerie-metzger.de\/wp-content\/uploads\/2024\/02\/Jeff-Shapiro-Sea-Creature-galerie-metzger-gallery-ceramic-art-sculpture-keramikkunst-1536x1536.jpg 1536w, https:\/\/www.galerie-metzger.de\/wp-content\/uploads\/2024\/02\/Jeff-Shapiro-Sea-Creature-galerie-metzger-gallery-ceramic-art-sculpture-keramikkunst-2048x2048.jpg 2048w, https:\/\/www.galerie-metzger.de\/wp-content\/uploads\/2024\/02\/Jeff-Shapiro-Sea-Creature-galerie-metzger-gallery-ceramic-art-sculpture-keramikkunst-36x36.jpg 36w, https:\/\/www.galerie-metzger.de\/wp-content\/uploads\/2024\/02\/Jeff-Shapiro-Sea-Creature-galerie-metzger-gallery-ceramic-art-sculpture-keramikkunst-180x180.jpg 180w, https:\/\/www.galerie-metzger.de\/wp-content\/uploads\/2024\/02\/Jeff-Shapiro-Sea-Creature-galerie-metzger-gallery-ceramic-art-sculpture-keramikkunst-1500x1500.jpg 1500w, https:\/\/www.galerie-metzger.de\/wp-content\/uploads\/2024\/02\/Jeff-Shapiro-Sea-Creature-galerie-metzger-gallery-ceramic-art-sculpture-keramikkunst-705x705.jpg 705w\" data-sizes=\"(max-width: 1030px) 100vw, 1030px\" class='avia_image' ><div class=\"av-image-caption-overlay\"><div class=\"av-caption-image-overlay-bg\"><\/div><div class=\"av-image-caption-overlay-position\"><div class=\"av-image-caption-overlay-center\"><p>Jeff Shapiro \u2013 Sea Creature \u2013 Foto: Ryan Shapiro<\/p>\n<\/div><\/div><\/div><img decoding=\"async\" class='wp-image-12060 avia-img-lazy-loading-not-12060 avia_image ' src=\"https:\/\/www.galerie-metzger.de\/wp-content\/uploads\/2024\/02\/Jeff-Shapiro-Sea-Creature-galerie-metzger-gallery-ceramic-art-sculpture-keramikkunst-690x690.jpg\" alt='Jeff Shapiro - Sea Creature' title='Jeff Shapiro - Sea Creature'  height=\"690\" width=\"690\" srcset=\"https:\/\/www.galerie-metzger.de\/wp-content\/uploads\/2024\/02\/Jeff-Shapiro-Sea-Creature-galerie-metzger-gallery-ceramic-art-sculpture-keramikkunst-690x690.jpg 690w, https:\/\/www.galerie-metzger.de\/wp-content\/uploads\/2024\/02\/Jeff-Shapiro-Sea-Creature-galerie-metzger-gallery-ceramic-art-sculpture-keramikkunst-1030x1030.jpg 1030w, https:\/\/www.galerie-metzger.de\/wp-content\/uploads\/2024\/02\/Jeff-Shapiro-Sea-Creature-galerie-metzger-gallery-ceramic-art-sculpture-keramikkunst-80x80.jpg 80w, https:\/\/www.galerie-metzger.de\/wp-content\/uploads\/2024\/02\/Jeff-Shapiro-Sea-Creature-galerie-metzger-gallery-ceramic-art-sculpture-keramikkunst-768x768.jpg 768w, https:\/\/www.galerie-metzger.de\/wp-content\/uploads\/2024\/02\/Jeff-Shapiro-Sea-Creature-galerie-metzger-gallery-ceramic-art-sculpture-keramikkunst-1536x1536.jpg 1536w, https:\/\/www.galerie-metzger.de\/wp-content\/uploads\/2024\/02\/Jeff-Shapiro-Sea-Creature-galerie-metzger-gallery-ceramic-art-sculpture-keramikkunst-2048x2048.jpg 2048w, https:\/\/www.galerie-metzger.de\/wp-content\/uploads\/2024\/02\/Jeff-Shapiro-Sea-Creature-galerie-metzger-gallery-ceramic-art-sculpture-keramikkunst-36x36.jpg 36w, https:\/\/www.galerie-metzger.de\/wp-content\/uploads\/2024\/02\/Jeff-Shapiro-Sea-Creature-galerie-metzger-gallery-ceramic-art-sculpture-keramikkunst-180x180.jpg 180w, https:\/\/www.galerie-metzger.de\/wp-content\/uploads\/2024\/02\/Jeff-Shapiro-Sea-Creature-galerie-metzger-gallery-ceramic-art-sculpture-keramikkunst-1500x1500.jpg 1500w, https:\/\/www.galerie-metzger.de\/wp-content\/uploads\/2024\/02\/Jeff-Shapiro-Sea-Creature-galerie-metzger-gallery-ceramic-art-sculpture-keramikkunst-705x705.jpg 705w\" sizes=\"(max-width: 690px) 100vw, 690px\" \/><\/a><\/div><\/div><\/div><br \/>\n<section  class='av_textblock_section av-3ih2ktw-1685c64a7448e0d69411e330b3ce932f' ><div class='avia_textblock jo_werk_anfrage lang' ><p><a class=\"anfrage\" href=\"mailto:info@galerie-metzger.de?subject=Jeff%20Shapiro%20Sea%20Creature\">request information<\/a><\/p>\n<\/div><\/section><\/p><\/div><div class='flex_column_table av-f4yaft-956a21ecf40bb2b90f8cb49a9146ceb1 sc-av_one_full av-equal-height-column-flextable'>\n<style type=\"text\/css\" data-created_by=\"avia_inline_auto\" id=\"style-css-av-f4yaft-956a21ecf40bb2b90f8cb49a9146ceb1\">\n.flex_column.av-f4yaft-956a21ecf40bb2b90f8cb49a9146ceb1{\n-webkit-border-radius:0px 0px 0px 0px;\n-moz-border-radius:0px 0px 0px 0px;\nborder-radius:0px 0px 0px 0px;\n}\n<\/style>\n<div class='flex_column av-f4yaft-956a21ecf40bb2b90f8cb49a9146ceb1 av_one_full  avia-builder-el-180  el_after_av_one_half  el_before_av_one_third  jo_col_empty first flex_column_table_cell av-equal-height-column av-align-top av-animated-generic fade-in av-zero-column-padding column-top-margin'     ><section  class='av_textblock_section av-43jvijd-5d49a6d13e43cfe65e29fa266c2c2e3c' ><div class='avia_textblock' ><p>invisible placeholder<\/p>\n<\/div><\/section><\/div><\/div><!--close column table wrapper. Autoclose: 1 --><div class='flex_column_table av-2tz319w-04bd7bf794a5db730ffcffaadfe220dd sc-av_one_third av-equal-height-column-flextable'>\n<style type=\"text\/css\" data-created_by=\"avia_inline_auto\" id=\"style-css-av-2tz319w-04bd7bf794a5db730ffcffaadfe220dd\">\n.flex_column.av-2tz319w-04bd7bf794a5db730ffcffaadfe220dd{\n-webkit-border-radius:0px 0px 0px 0px;\n-moz-border-radius:0px 0px 0px 0px;\nborder-radius:0px 0px 0px 0px;\n}\n<\/style>\n<div class='flex_column av-2tz319w-04bd7bf794a5db730ffcffaadfe220dd av_one_third  avia-builder-el-182  el_after_av_one_full  el_before_av_one_third  jo_pf_bild_bg first flex_column_table_cell av-equal-height-column av-align-bottom av-animated-generic fade-in av-zero-column-padding column-top-margin'     ><p>\n<style type=\"text\/css\" data-created_by=\"avia_inline_auto\" id=\"style-css-av-ls4lchth-a9c1d2a66940ca49110ee1d218b6cac2\">\n.avia-image-container.av-ls4lchth-a9c1d2a66940ca49110ee1d218b6cac2 img.avia_image{\nbox-shadow:none;\n}\n.avia-image-container.av-ls4lchth-a9c1d2a66940ca49110ee1d218b6cac2 .av-caption-image-overlay-bg{\nopacity:0.4;\n}\n<\/style>\n<div  class='avia-image-container av-ls4lchth-a9c1d2a66940ca49110ee1d218b6cac2 av-styling-no-styling avia_animated_image av-animated-when-visible-95 fade-in avia-align-left  avia-builder-el-183  el_before_av_textblock  avia-builder-el-first  jo_pf_bild noHover av-overlay-hover-deactivate'  ><div class=\"avia-image-container-inner\"><div class=\"avia-image-overlay-wrap\"><a href=\"https:\/\/www.galerie-metzger.de\/wp-content\/uploads\/2024\/02\/Jeff-Shapiro-Abstract-Form-galerie-metzger-gallery-ceramic-art-object-keramik-skulptur-kaufen-1030x687.jpg\" data-srcset=\"https:\/\/www.galerie-metzger.de\/wp-content\/uploads\/2024\/02\/Jeff-Shapiro-Abstract-Form-galerie-metzger-gallery-ceramic-art-object-keramik-skulptur-kaufen-1030x687.jpg 1030w, https:\/\/www.galerie-metzger.de\/wp-content\/uploads\/2024\/02\/Jeff-Shapiro-Abstract-Form-galerie-metzger-gallery-ceramic-art-object-keramik-skulptur-kaufen-690x460.jpg 690w, https:\/\/www.galerie-metzger.de\/wp-content\/uploads\/2024\/02\/Jeff-Shapiro-Abstract-Form-galerie-metzger-gallery-ceramic-art-object-keramik-skulptur-kaufen-768x512.jpg 768w, https:\/\/www.galerie-metzger.de\/wp-content\/uploads\/2024\/02\/Jeff-Shapiro-Abstract-Form-galerie-metzger-gallery-ceramic-art-object-keramik-skulptur-kaufen-1536x1024.jpg 1536w, https:\/\/www.galerie-metzger.de\/wp-content\/uploads\/2024\/02\/Jeff-Shapiro-Abstract-Form-galerie-metzger-gallery-ceramic-art-object-keramik-skulptur-kaufen-2048x1365.jpg 2048w, https:\/\/www.galerie-metzger.de\/wp-content\/uploads\/2024\/02\/Jeff-Shapiro-Abstract-Form-galerie-metzger-gallery-ceramic-art-object-keramik-skulptur-kaufen-1500x1000.jpg 1500w, https:\/\/www.galerie-metzger.de\/wp-content\/uploads\/2024\/02\/Jeff-Shapiro-Abstract-Form-galerie-metzger-gallery-ceramic-art-object-keramik-skulptur-kaufen-705x470.jpg 705w\" data-sizes=\"(max-width: 1030px) 100vw, 1030px\" class='avia_image' ><div class=\"av-image-caption-overlay\"><div class=\"av-caption-image-overlay-bg\"><\/div><div class=\"av-image-caption-overlay-position\"><div class=\"av-image-caption-overlay-center\"><p>Jeff Shapiro \u2013 Abstract Form \u2013 1. view, Foto: Ryan Shapiro<\/p>\n<\/div><\/div><\/div><img decoding=\"async\" class='wp-image-12064 avia-img-lazy-loading-not-12064 avia_image ' src=\"https:\/\/www.galerie-metzger.de\/wp-content\/uploads\/2024\/02\/Jeff-Shapiro-Abstract-Form-galerie-metzger-gallery-ceramic-art-object-keramik-skulptur-kaufen-690x460.jpg\" alt='Jeff Shapiro - Abstract Form' title='Jeff Shapiro - Abstract Form'  height=\"460\" width=\"690\" srcset=\"https:\/\/www.galerie-metzger.de\/wp-content\/uploads\/2024\/02\/Jeff-Shapiro-Abstract-Form-galerie-metzger-gallery-ceramic-art-object-keramik-skulptur-kaufen-690x460.jpg 690w, https:\/\/www.galerie-metzger.de\/wp-content\/uploads\/2024\/02\/Jeff-Shapiro-Abstract-Form-galerie-metzger-gallery-ceramic-art-object-keramik-skulptur-kaufen-1030x687.jpg 1030w, https:\/\/www.galerie-metzger.de\/wp-content\/uploads\/2024\/02\/Jeff-Shapiro-Abstract-Form-galerie-metzger-gallery-ceramic-art-object-keramik-skulptur-kaufen-768x512.jpg 768w, https:\/\/www.galerie-metzger.de\/wp-content\/uploads\/2024\/02\/Jeff-Shapiro-Abstract-Form-galerie-metzger-gallery-ceramic-art-object-keramik-skulptur-kaufen-1536x1024.jpg 1536w, https:\/\/www.galerie-metzger.de\/wp-content\/uploads\/2024\/02\/Jeff-Shapiro-Abstract-Form-galerie-metzger-gallery-ceramic-art-object-keramik-skulptur-kaufen-2048x1365.jpg 2048w, https:\/\/www.galerie-metzger.de\/wp-content\/uploads\/2024\/02\/Jeff-Shapiro-Abstract-Form-galerie-metzger-gallery-ceramic-art-object-keramik-skulptur-kaufen-1500x1000.jpg 1500w, https:\/\/www.galerie-metzger.de\/wp-content\/uploads\/2024\/02\/Jeff-Shapiro-Abstract-Form-galerie-metzger-gallery-ceramic-art-object-keramik-skulptur-kaufen-705x470.jpg 705w\" sizes=\"(max-width: 690px) 100vw, 690px\" \/><\/a><\/div><\/div><\/div><br \/>\n<section  class='av_textblock_section av-2fuxkgk-dd0b87a4927a7dc07dbb9e30472454d6' ><div class='avia_textblock jo_werk_anfrage lang' ><p><a class=\"anfrage\" href=\"mailto:info@galerie-metzger.de?subject=Jeff%20Shapiro%20Abstract%20Form\">request information<\/a><\/p>\n<\/div><\/section><\/p><\/div><div class='av-flex-placeholder'><\/div>\n<style type=\"text\/css\" data-created_by=\"avia_inline_auto\" id=\"style-css-av-1x5mgfo-9f3e9b67677ec1369fd4aec4c028788c\">\n.flex_column.av-1x5mgfo-9f3e9b67677ec1369fd4aec4c028788c{\n-webkit-border-radius:0px 0px 0px 0px;\n-moz-border-radius:0px 0px 0px 0px;\nborder-radius:0px 0px 0px 0px;\n}\n<\/style>\n<div class='flex_column av-1x5mgfo-9f3e9b67677ec1369fd4aec4c028788c av_one_third  avia-builder-el-185  el_after_av_one_third  el_before_av_one_third  jo_pf_bild_bg flex_column_table_cell av-equal-height-column av-align-bottom av-animated-generic fade-in av-zero-column-padding column-top-margin'     ><p>\n<style type=\"text\/css\" data-created_by=\"avia_inline_auto\" id=\"style-css-av-ls4lc411-862681d67f98dc863e74e7b5d8647331\">\n.avia-image-container.av-ls4lc411-862681d67f98dc863e74e7b5d8647331 img.avia_image{\nbox-shadow:none;\n}\n.avia-image-container.av-ls4lc411-862681d67f98dc863e74e7b5d8647331 .av-caption-image-overlay-bg{\nopacity:0.4;\n}\n<\/style>\n<div  class='avia-image-container av-ls4lc411-862681d67f98dc863e74e7b5d8647331 av-styling-no-styling avia_animated_image av-animated-when-visible-95 fade-in avia-align-left  avia-builder-el-186  el_before_av_textblock  avia-builder-el-first  jo_pf_bild noHover av-overlay-hover-deactivate'  ><div class=\"avia-image-container-inner\"><div class=\"avia-image-overlay-wrap\"><a href=\"https:\/\/www.galerie-metzger.de\/wp-content\/uploads\/2024\/02\/Jeff-Shapiro-Abstract-Form-galerie-metzger-gallery-ceramic-art-object-keramik-skulptur-1030x1030.jpg\" data-srcset=\"https:\/\/www.galerie-metzger.de\/wp-content\/uploads\/2024\/02\/Jeff-Shapiro-Abstract-Form-galerie-metzger-gallery-ceramic-art-object-keramik-skulptur-1030x1030.jpg 1030w, https:\/\/www.galerie-metzger.de\/wp-content\/uploads\/2024\/02\/Jeff-Shapiro-Abstract-Form-galerie-metzger-gallery-ceramic-art-object-keramik-skulptur-690x690.jpg 690w, https:\/\/www.galerie-metzger.de\/wp-content\/uploads\/2024\/02\/Jeff-Shapiro-Abstract-Form-galerie-metzger-gallery-ceramic-art-object-keramik-skulptur-80x80.jpg 80w, https:\/\/www.galerie-metzger.de\/wp-content\/uploads\/2024\/02\/Jeff-Shapiro-Abstract-Form-galerie-metzger-gallery-ceramic-art-object-keramik-skulptur-768x768.jpg 768w, https:\/\/www.galerie-metzger.de\/wp-content\/uploads\/2024\/02\/Jeff-Shapiro-Abstract-Form-galerie-metzger-gallery-ceramic-art-object-keramik-skulptur-1536x1536.jpg 1536w, https:\/\/www.galerie-metzger.de\/wp-content\/uploads\/2024\/02\/Jeff-Shapiro-Abstract-Form-galerie-metzger-gallery-ceramic-art-object-keramik-skulptur-2048x2048.jpg 2048w, https:\/\/www.galerie-metzger.de\/wp-content\/uploads\/2024\/02\/Jeff-Shapiro-Abstract-Form-galerie-metzger-gallery-ceramic-art-object-keramik-skulptur-36x36.jpg 36w, https:\/\/www.galerie-metzger.de\/wp-content\/uploads\/2024\/02\/Jeff-Shapiro-Abstract-Form-galerie-metzger-gallery-ceramic-art-object-keramik-skulptur-180x180.jpg 180w, https:\/\/www.galerie-metzger.de\/wp-content\/uploads\/2024\/02\/Jeff-Shapiro-Abstract-Form-galerie-metzger-gallery-ceramic-art-object-keramik-skulptur-1500x1500.jpg 1500w, https:\/\/www.galerie-metzger.de\/wp-content\/uploads\/2024\/02\/Jeff-Shapiro-Abstract-Form-galerie-metzger-gallery-ceramic-art-object-keramik-skulptur-705x705.jpg 705w\" data-sizes=\"(max-width: 1030px) 100vw, 1030px\" class='avia_image' ><div class=\"av-image-caption-overlay\"><div class=\"av-caption-image-overlay-bg\"><\/div><div class=\"av-image-caption-overlay-position\"><div class=\"av-image-caption-overlay-center\"><p>Jeff Shapiro \u2013 Abstract Form \u2013 2. view, Foto: Ryan Shapiro<\/p>\n<\/div><\/div><\/div><img decoding=\"async\" class='wp-image-12062 avia-img-lazy-loading-not-12062 avia_image ' src=\"https:\/\/www.galerie-metzger.de\/wp-content\/uploads\/2024\/02\/Jeff-Shapiro-Abstract-Form-galerie-metzger-gallery-ceramic-art-object-keramik-skulptur-690x690.jpg\" alt='Jeff Shapiro - Abstract Form' title='Jeff Shapiro - Abstract Form'  height=\"690\" width=\"690\" srcset=\"https:\/\/www.galerie-metzger.de\/wp-content\/uploads\/2024\/02\/Jeff-Shapiro-Abstract-Form-galerie-metzger-gallery-ceramic-art-object-keramik-skulptur-690x690.jpg 690w, https:\/\/www.galerie-metzger.de\/wp-content\/uploads\/2024\/02\/Jeff-Shapiro-Abstract-Form-galerie-metzger-gallery-ceramic-art-object-keramik-skulptur-1030x1030.jpg 1030w, https:\/\/www.galerie-metzger.de\/wp-content\/uploads\/2024\/02\/Jeff-Shapiro-Abstract-Form-galerie-metzger-gallery-ceramic-art-object-keramik-skulptur-80x80.jpg 80w, https:\/\/www.galerie-metzger.de\/wp-content\/uploads\/2024\/02\/Jeff-Shapiro-Abstract-Form-galerie-metzger-gallery-ceramic-art-object-keramik-skulptur-768x768.jpg 768w, https:\/\/www.galerie-metzger.de\/wp-content\/uploads\/2024\/02\/Jeff-Shapiro-Abstract-Form-galerie-metzger-gallery-ceramic-art-object-keramik-skulptur-1536x1536.jpg 1536w, https:\/\/www.galerie-metzger.de\/wp-content\/uploads\/2024\/02\/Jeff-Shapiro-Abstract-Form-galerie-metzger-gallery-ceramic-art-object-keramik-skulptur-2048x2048.jpg 2048w, https:\/\/www.galerie-metzger.de\/wp-content\/uploads\/2024\/02\/Jeff-Shapiro-Abstract-Form-galerie-metzger-gallery-ceramic-art-object-keramik-skulptur-36x36.jpg 36w, https:\/\/www.galerie-metzger.de\/wp-content\/uploads\/2024\/02\/Jeff-Shapiro-Abstract-Form-galerie-metzger-gallery-ceramic-art-object-keramik-skulptur-180x180.jpg 180w, https:\/\/www.galerie-metzger.de\/wp-content\/uploads\/2024\/02\/Jeff-Shapiro-Abstract-Form-galerie-metzger-gallery-ceramic-art-object-keramik-skulptur-1500x1500.jpg 1500w, https:\/\/www.galerie-metzger.de\/wp-content\/uploads\/2024\/02\/Jeff-Shapiro-Abstract-Form-galerie-metzger-gallery-ceramic-art-object-keramik-skulptur-705x705.jpg 705w\" sizes=\"(max-width: 690px) 100vw, 690px\" \/><\/a><\/div><\/div><\/div><br \/>\n<section  class='av_textblock_section av-1oohswk-b96ec11ef739eca11ed44d6e7888f2d3' ><div class='avia_textblock jo_werk_anfrage lang' ><p><a class=\"anfrage\" href=\"mailto:info@galerie-metzger.de?subject=Jeff%20Shapiro%20Abstract%20Form\">request information<\/a><\/p>\n<\/div><\/section><\/p><\/div><div class='av-flex-placeholder'><\/div>\n<style type=\"text\/css\" data-created_by=\"avia_inline_auto\" id=\"style-css-av-12hdsr8-e9898f1ff01ad39b007b18292bd40016\">\n.flex_column.av-12hdsr8-e9898f1ff01ad39b007b18292bd40016{\n-webkit-border-radius:0px 0px 0px 0px;\n-moz-border-radius:0px 0px 0px 0px;\nborder-radius:0px 0px 0px 0px;\n}\n<\/style>\n<div class='flex_column av-12hdsr8-e9898f1ff01ad39b007b18292bd40016 av_one_third  avia-builder-el-188  el_after_av_one_third  el_before_av_one_full  jo_pf_bild_bg flex_column_table_cell av-equal-height-column av-align-bottom av-animated-generic fade-in av-zero-column-padding column-top-margin'     ><p>\n<style type=\"text\/css\" data-created_by=\"avia_inline_auto\" id=\"style-css-av-ls4ld0ox-131307d5d538f2ebbd5961f5aa378a60\">\n.avia-image-container.av-ls4ld0ox-131307d5d538f2ebbd5961f5aa378a60 img.avia_image{\nbox-shadow:none;\n}\n.avia-image-container.av-ls4ld0ox-131307d5d538f2ebbd5961f5aa378a60 .av-caption-image-overlay-bg{\nopacity:0.4;\n}\n<\/style>\n<div  class='avia-image-container av-ls4ld0ox-131307d5d538f2ebbd5961f5aa378a60 av-styling-no-styling avia_animated_image av-animated-when-visible-95 fade-in avia-align-left  avia-builder-el-189  el_before_av_textblock  avia-builder-el-first  jo_pf_bild noHover av-overlay-hover-deactivate'  ><div class=\"avia-image-container-inner\"><div class=\"avia-image-overlay-wrap\"><a href=\"https:\/\/www.galerie-metzger.de\/wp-content\/uploads\/2024\/02\/Jeff-Shapiro-Abstract-Form-galerie-metzger-gallery-ceramic-art-object-keramik-skulptur-kunst-1030x687.jpg\" data-srcset=\"https:\/\/www.galerie-metzger.de\/wp-content\/uploads\/2024\/02\/Jeff-Shapiro-Abstract-Form-galerie-metzger-gallery-ceramic-art-object-keramik-skulptur-kunst-1030x687.jpg 1030w, https:\/\/www.galerie-metzger.de\/wp-content\/uploads\/2024\/02\/Jeff-Shapiro-Abstract-Form-galerie-metzger-gallery-ceramic-art-object-keramik-skulptur-kunst-690x460.jpg 690w, https:\/\/www.galerie-metzger.de\/wp-content\/uploads\/2024\/02\/Jeff-Shapiro-Abstract-Form-galerie-metzger-gallery-ceramic-art-object-keramik-skulptur-kunst-768x512.jpg 768w, https:\/\/www.galerie-metzger.de\/wp-content\/uploads\/2024\/02\/Jeff-Shapiro-Abstract-Form-galerie-metzger-gallery-ceramic-art-object-keramik-skulptur-kunst-1536x1024.jpg 1536w, https:\/\/www.galerie-metzger.de\/wp-content\/uploads\/2024\/02\/Jeff-Shapiro-Abstract-Form-galerie-metzger-gallery-ceramic-art-object-keramik-skulptur-kunst-2048x1365.jpg 2048w, https:\/\/www.galerie-metzger.de\/wp-content\/uploads\/2024\/02\/Jeff-Shapiro-Abstract-Form-galerie-metzger-gallery-ceramic-art-object-keramik-skulptur-kunst-1500x1000.jpg 1500w, https:\/\/www.galerie-metzger.de\/wp-content\/uploads\/2024\/02\/Jeff-Shapiro-Abstract-Form-galerie-metzger-gallery-ceramic-art-object-keramik-skulptur-kunst-705x470.jpg 705w\" data-sizes=\"(max-width: 1030px) 100vw, 1030px\" class='avia_image' ><div class=\"av-image-caption-overlay\"><div class=\"av-caption-image-overlay-bg\"><\/div><div class=\"av-image-caption-overlay-position\"><div class=\"av-image-caption-overlay-center\"><p>Jeff Shapiro \u2013 Abstract Form \u2013 3. view, Foto: Ryan Shapiro<\/p>\n<\/div><\/div><\/div><img decoding=\"async\" class='wp-image-12066 avia-img-lazy-loading-not-12066 avia_image ' src=\"https:\/\/www.galerie-metzger.de\/wp-content\/uploads\/2024\/02\/Jeff-Shapiro-Abstract-Form-galerie-metzger-gallery-ceramic-art-object-keramik-skulptur-kunst-690x460.jpg\" alt='Jeff Shapiro - Abstract Form' title='Jeff Shapiro - Abstract Form'  height=\"460\" width=\"690\" srcset=\"https:\/\/www.galerie-metzger.de\/wp-content\/uploads\/2024\/02\/Jeff-Shapiro-Abstract-Form-galerie-metzger-gallery-ceramic-art-object-keramik-skulptur-kunst-690x460.jpg 690w, https:\/\/www.galerie-metzger.de\/wp-content\/uploads\/2024\/02\/Jeff-Shapiro-Abstract-Form-galerie-metzger-gallery-ceramic-art-object-keramik-skulptur-kunst-1030x687.jpg 1030w, https:\/\/www.galerie-metzger.de\/wp-content\/uploads\/2024\/02\/Jeff-Shapiro-Abstract-Form-galerie-metzger-gallery-ceramic-art-object-keramik-skulptur-kunst-768x512.jpg 768w, https:\/\/www.galerie-metzger.de\/wp-content\/uploads\/2024\/02\/Jeff-Shapiro-Abstract-Form-galerie-metzger-gallery-ceramic-art-object-keramik-skulptur-kunst-1536x1024.jpg 1536w, https:\/\/www.galerie-metzger.de\/wp-content\/uploads\/2024\/02\/Jeff-Shapiro-Abstract-Form-galerie-metzger-gallery-ceramic-art-object-keramik-skulptur-kunst-2048x1365.jpg 2048w, https:\/\/www.galerie-metzger.de\/wp-content\/uploads\/2024\/02\/Jeff-Shapiro-Abstract-Form-galerie-metzger-gallery-ceramic-art-object-keramik-skulptur-kunst-1500x1000.jpg 1500w, https:\/\/www.galerie-metzger.de\/wp-content\/uploads\/2024\/02\/Jeff-Shapiro-Abstract-Form-galerie-metzger-gallery-ceramic-art-object-keramik-skulptur-kunst-705x470.jpg 705w\" sizes=\"(max-width: 690px) 100vw, 690px\" \/><\/a><\/div><\/div><\/div><br \/>\n<section  class='av_textblock_section av-vpzsno-42e565cafdf6b7522087c48d9a3efdef' ><div class='avia_textblock jo_werk_anfrage lang' ><p><a class=\"anfrage\" href=\"mailto:info@galerie-metzger.de?subject=Jeff%20Shapiro%20Abstract%20Form\">request information<\/a><\/p>\n<\/div><\/section><\/p><\/div><\/div><!--close column table wrapper. Autoclose: 1 --><div class='flex_column_table av-1akxrp0-49c4490cd001c792f7071e4f55871eb1 sc-av_one_full av-equal-height-column-flextable'>\n<style type=\"text\/css\" data-created_by=\"avia_inline_auto\" id=\"style-css-av-1akxrp0-49c4490cd001c792f7071e4f55871eb1\">\n.flex_column.av-1akxrp0-49c4490cd001c792f7071e4f55871eb1{\n-webkit-border-radius:0px 0px 0px 0px;\n-moz-border-radius:0px 0px 0px 0px;\nborder-radius:0px 0px 0px 0px;\n}\n<\/style>\n<div class='flex_column av-1akxrp0-49c4490cd001c792f7071e4f55871eb1 av_one_full  avia-builder-el-191  el_after_av_one_third  avia-builder-el-last  jo_col_empty first flex_column_table_cell av-equal-height-column av-align-top av-animated-generic fade-in av-zero-column-padding column-top-margin'     ><section  class='av_textblock_section av-vozcxg-cf7870ce82eecd4d1c1b92a60ad09dc2' ><div class='avia_textblock' ><p>invisible placeholder<\/p>\n<\/div><\/section><\/div><\/div><!--close column table wrapper. Autoclose: 1 --><\/div><\/div><\/div><!-- close content main div --><\/div><\/div><div id='sub_menu1'  class='av-submenu-container av-5b2k7v-6d3b6fd53c74e0bcacec9fbf5edd736a main_color  avia-builder-el-193  el_after_av_section  el_before_av_section  waypmenu submenu-not-first container_wrap fullsize' style='z-index:301' ><div class='container av-menu-mobile-disabled av-submenu-pos-center'><ul id=\"menu-hauptmenue-english\" class=\"av-subnav-menu\"><li role=\"menuitem\" id=\"menu-item-4551\" class=\"mobile menu-item menu-item-type-post_type menu-item-object-page menu-item-top-level menu-item-top-level-1\"><a href=\"https:\/\/www.galerie-metzger.de\/en\/artists\/\" tabindex=\"0\"><span class=\"avia-bullet\"><\/span><span class=\"avia-menu-text\">Artists<\/span><span class=\"avia-menu-fx\"><span class=\"avia-arrow-wrap\"><span class=\"avia-arrow\"><\/span><\/span><\/span><\/a><\/li>\n<li role=\"menuitem\" id=\"menu-item-4553\" class=\"topp main menu-item menu-item-type-post_type menu-item-object-page menu-item-top-level menu-item-top-level-2\"><a href=\"https:\/\/www.galerie-metzger.de\/en\/expo\/\" tabindex=\"0\"><span class=\"avia-bullet\"><\/span><span class=\"avia-menu-text\">Exhibitions<\/span><span class=\"avia-menu-fx\"><span class=\"avia-arrow-wrap\"><span class=\"avia-arrow\"><\/span><\/span><\/span><\/a><\/li>\n<li role=\"menuitem\" id=\"menu-item-4550\" class=\"mobile menu-item menu-item-type-post_type menu-item-object-page menu-item-top-level menu-item-top-level-3\"><a href=\"https:\/\/www.galerie-metzger.de\/en\/sales\/\" tabindex=\"0\"><span class=\"avia-bullet\"><\/span><span class=\"avia-menu-text\">Sales<\/span><span class=\"avia-menu-fx\"><span class=\"avia-arrow-wrap\"><span class=\"avia-arrow\"><\/span><\/span><\/span><\/a><\/li>\n<li role=\"menuitem\" id=\"menu-item-12313\" class=\"mobile menu-item menu-item-type-post_type menu-item-object-post menu-item-top-level menu-item-top-level-4\"><a href=\"https:\/\/www.galerie-metzger.de\/en\/studio-ceramics\/studio-ceramics\/\" tabindex=\"0\"><span class=\"avia-bullet\"><\/span><span class=\"avia-menu-text\">Studio Ceramics<\/span><span class=\"avia-menu-fx\"><span class=\"avia-arrow-wrap\"><span class=\"avia-arrow\"><\/span><\/span><\/span><\/a><\/li>\n<li role=\"menuitem\" id=\"menu-item-10693\" class=\"menu-item menu-item-type-post_type menu-item-object-page menu-item-top-level menu-item-top-level-5\"><a href=\"https:\/\/www.galerie-metzger.de\/en\/ceramics-brands-signatures-stamps\/\" tabindex=\"0\"><span class=\"avia-bullet\"><\/span><span class=\"avia-menu-text\">Signatures<\/span><span class=\"avia-menu-fx\"><span class=\"avia-arrow-wrap\"><span class=\"avia-arrow\"><\/span><\/span><\/span><\/a><\/li>\n<li role=\"menuitem\" id=\"menu-item-4477\" class=\"mobile menu-item menu-item-type-post_type menu-item-object-page menu-item-top-level menu-item-top-level-6\"><a href=\"https:\/\/www.galerie-metzger.de\/en\/homepage\/\" tabindex=\"0\"><span class=\"avia-bullet\"><\/span><span class=\"avia-menu-text\">the Gallery<\/span><span class=\"avia-menu-fx\"><span class=\"avia-arrow-wrap\"><span class=\"avia-arrow\"><\/span><\/span><\/span><\/a><\/li>\n<li role=\"menuitem\" id=\"menu-item-4481\" class=\"mobile menu-item menu-item-type-post_type menu-item-object-page menu-item-top-level menu-item-top-level-7\"><a href=\"https:\/\/www.galerie-metzger.de\/en\/contact\/\" tabindex=\"0\"><span class=\"avia-bullet\"><\/span><span class=\"avia-menu-text\">Contact<\/span><span class=\"avia-menu-fx\"><span class=\"avia-arrow-wrap\"><span class=\"avia-arrow\"><\/span><\/span><\/span><\/a><\/li>\n<li role=\"menuitem\" id=\"menu-item-5936\" class=\"mobile menu-item menu-item-type-custom menu-item-object-custom menu-item-top-level menu-item-top-level-8\"><a href=\"https:\/\/www.galerie-metzger.de\/en\/contact\/#site-notice\" tabindex=\"0\"><span class=\"avia-bullet\"><\/span><span class=\"avia-menu-text\">Site Notice<\/span><span class=\"avia-menu-fx\"><span class=\"avia-arrow-wrap\"><span class=\"avia-arrow\"><\/span><\/span><\/span><\/a><\/li>\n<li role=\"menuitem\" id=\"menu-item-5937\" class=\"mobile menu-item menu-item-type-custom menu-item-object-custom menu-item-top-level menu-item-top-level-9\"><a href=\"https:\/\/www.galerie-metzger.de\/en\/contact\/#data\" tabindex=\"0\"><span class=\"avia-bullet\"><\/span><span class=\"avia-menu-text\">Data Protection<\/span><span class=\"avia-menu-fx\"><span class=\"avia-arrow-wrap\"><span class=\"avia-arrow\"><\/span><\/span><\/span><\/a><\/li>\n<li role=\"menuitem\" id=\"menu-item-4552\" class=\"mobile menu-item menu-item-type-post_type menu-item-object-page menu-item-top-level menu-item-top-level-10\"><a href=\"https:\/\/www.galerie-metzger.de\/en\/links\/\" tabindex=\"0\"><span class=\"avia-bullet\"><\/span><span class=\"avia-menu-text\">Links<\/span><span class=\"avia-menu-fx\"><span class=\"avia-arrow-wrap\"><span class=\"avia-arrow\"><\/span><\/span><\/span><\/a><\/li>\n<li role=\"menuitem\" id=\"menu-item-5124\" class=\"menu_inv mobile menu-item menu-item-type-custom menu-item-object-custom menu-item-top-level menu-item-top-level-11\"><a href=\"#\" tabindex=\"0\"><span class=\"avia-bullet\"><\/span><span class=\"avia-menu-text\"><p class=\"mob_menu dist top\">GALERIE <span class=\"bold\">METZGER<\/span><\/p>  <p class=\"mob_menu\">Angelika Metzger<\/p> <p class=\"mob_menu\">Hauptstr. 18<\/p> <p class=\"mob_menu\">63867 Johannesberg<\/p> <p class=\"mob_menu phone\"><a href=\"tel:00496021460224\">+49 (0)6021 460224<\/a><\/p> <p class=\"mob_menu mail\"><a href=\"mailto:info@galerie-metzger.de\">info@galerie-metzger.de<\/a><\/p><\/span><span class=\"avia-menu-fx\"><span class=\"avia-arrow-wrap\"><span class=\"avia-arrow\"><\/span><\/span><\/span><\/a><\/li>\n<li role=\"menuitem\" id=\"menu-item-wpml-ls-17-de\" class=\"menu-item-language menu-item wpml-ls-slot-17 wpml-ls-item wpml-ls-item-de wpml-ls-menu-item wpml-ls-first-item menu-item-type-wpml_ls_menu_item menu-item-object-wpml_ls_menu_item menu-item-top-level menu-item-top-level-12\"><a title=\"Switch to Deutsch\" href=\"https:\/\/www.galerie-metzger.de\/de\/\" tabindex=\"0\"><span class=\"avia-bullet\"><\/span><span class=\"avia-menu-text\"><span class=\"wpml-ls-native\" lang=\"de\">Deutsch<\/span><\/span><span class=\"avia-menu-fx\"><span class=\"avia-arrow-wrap\"><span class=\"avia-arrow\"><\/span><\/span><\/span><\/a><\/li>\n<li role=\"menuitem\" id=\"menu-item-wpml-ls-17-en\" class=\"menu-item-language menu-item-language-current menu-item wpml-ls-slot-17 wpml-ls-item wpml-ls-item-en wpml-ls-current-language wpml-ls-menu-item wpml-ls-last-item menu-item-type-wpml_ls_menu_item menu-item-object-wpml_ls_menu_item menu-item-top-level menu-item-top-level-13\"><a href=\"https:\/\/www.galerie-metzger.de\/en\/\" tabindex=\"0\"><span class=\"avia-bullet\"><\/span><span class=\"avia-menu-text\"><span class=\"wpml-ls-native\" lang=\"en\">English<\/span><\/span><span class=\"avia-menu-fx\"><span class=\"avia-arrow-wrap\"><span class=\"avia-arrow\"><\/span><\/span><\/span><\/a><\/li>\n<\/ul><\/div><\/div><\/p>\n<div id='av_section_4'  class='avia-section av-1c6t3p0-c817357125924ff1bd4fb2eec823babe main_color avia-section-default avia-no-border-styling  avia-builder-el-194  el_after_av_submenu  el_before_av_section  avia-bg-style-scroll container_wrap fullsize'  ><div class='container av-section-cont-open' ><div class='template-page content  av-content-full alpha units'><div class='post-entry post-entry-type-page post-entry-11957'><div class='entry-content-wrapper clearfix'>\n<\/div><\/div><\/div><!-- close content main div --><\/div><\/div><div id='av_section_5'  class='avia-section av-tqys6s-119e2986c2ec0541126d9cbdd40aec98 main_color avia-section-default avia-no-border-styling  avia-builder-el-195  el_after_av_section  avia-builder-el-last  avia-bg-style-scroll container_wrap fullsize'  ><div class='container av-section-cont-open' ><div class='template-page content  av-content-full alpha units'><div class='post-entry post-entry-type-page post-entry-11957'><div class='entry-content-wrapper clearfix'>\n","protected":false},"excerpt":{"rendered":"<p><span class=\"event_date_preview\">07.04.2024 \u2013 28.04.2024<\/span><br \/>\nArt and Space \u2026<\/p>\n","protected":false},"author":3,"featured_media":12120,"comment_status":"closed","ping_status":"closed","sticky":false,"template":"","format":"standard","meta":{"_lmt_disableupdate":"no","_lmt_disable":"","footnotes":""},"categories":[66,70],"tags":[],"class_list":["post-11957","post","type-post","status-publish","format-standard","has-post-thumbnail","hentry","category-expo","category-expo-past"],"yoast_head":"<!-- This site is optimized with the Yoast SEO plugin v26.8 - https:\/\/yoast.com\/product\/yoast-seo-wordpress\/ -->\n<title>Art and Space &#8211; GALERIE METZGER<\/title>\n<meta name=\"robots\" content=\"index, follow, max-snippet:-1, max-image-preview:large, max-video-preview:-1\" \/>\n<link rel=\"canonical\" href=\"https:\/\/www.galerie-metzger.de\/en\/expo\/art-and-space\/\" \/>\n<meta property=\"og:locale\" content=\"en_US\" \/>\n<meta property=\"og:type\" content=\"article\" \/>\n<meta property=\"og:title\" content=\"Art and Space &#8211; GALERIE METZGER\" \/>\n<meta property=\"og:description\" content=\"07.04.2024 \u2013 28.04.2024 Art and Space \u2026\" \/>\n<meta property=\"og:url\" content=\"https:\/\/www.galerie-metzger.de\/en\/expo\/art-and-space\/\" \/>\n<meta property=\"og:site_name\" content=\"GALERIE METZGER\" \/>\n<meta property=\"article:published_time\" content=\"2024-02-07T11:29:44+00:00\" \/>\n<meta property=\"article:modified_time\" content=\"2024-08-20T11:31:46+00:00\" \/>\n<meta property=\"og:image\" content=\"https:\/\/www.galerie-metzger.de\/wp-content\/uploads\/2024\/02\/Elke-Sada-3er-Gruppe-Vice-Versa-galerie-metzger-ceramic-art-object-keramik-bemalt-1030x687.jpg\" \/>\n\t<meta property=\"og:image:width\" content=\"1030\" \/>\n\t<meta property=\"og:image:height\" content=\"687\" \/>\n\t<meta property=\"og:image:type\" content=\"image\/jpeg\" \/>\n<meta name=\"author\" content=\"Jochen Hilmer\" \/>\n<meta name=\"twitter:card\" content=\"summary_large_image\" \/>\n<meta name=\"twitter:label1\" content=\"Written by\" \/>\n\t<meta name=\"twitter:data1\" content=\"Jochen Hilmer\" \/>\n\t<meta name=\"twitter:label2\" content=\"Est. reading time\" \/>\n\t<meta name=\"twitter:data2\" content=\"36 minutes\" \/>\n<script type=\"application\/ld+json\" class=\"yoast-schema-graph\">{\"@context\":\"https:\/\/schema.org\",\"@graph\":[{\"@type\":\"Article\",\"@id\":\"https:\/\/www.galerie-metzger.de\/en\/expo\/art-and-space\/#article\",\"isPartOf\":{\"@id\":\"https:\/\/www.galerie-metzger.de\/en\/expo\/art-and-space\/\"},\"author\":{\"name\":\"Jochen Hilmer\",\"@id\":\"https:\/\/www.galerie-metzger.de\/de\/#\/schema\/person\/739b84f16bd18ee4644ff618a78ce452\"},\"headline\":\"Art and Space\",\"datePublished\":\"2024-02-07T11:29:44+00:00\",\"dateModified\":\"2024-08-20T11:31:46+00:00\",\"mainEntityOfPage\":{\"@id\":\"https:\/\/www.galerie-metzger.de\/en\/expo\/art-and-space\/\"},\"wordCount\":23229,\"publisher\":{\"@id\":\"https:\/\/www.galerie-metzger.de\/de\/#organization\"},\"image\":{\"@id\":\"https:\/\/www.galerie-metzger.de\/en\/expo\/art-and-space\/#primaryimage\"},\"thumbnailUrl\":\"https:\/\/www.galerie-metzger.de\/wp-content\/uploads\/2024\/02\/Elke-Sada-3er-Gruppe-Vice-Versa-galerie-metzger-ceramic-art-object-keramik-bemalt-scaled.jpg\",\"articleSection\":[\"expo\",\"expo-past\"],\"inLanguage\":\"en-US\"},{\"@type\":\"WebPage\",\"@id\":\"https:\/\/www.galerie-metzger.de\/en\/expo\/art-and-space\/\",\"url\":\"https:\/\/www.galerie-metzger.de\/en\/expo\/art-and-space\/\",\"name\":\"Art and Space &#8211; GALERIE METZGER\",\"isPartOf\":{\"@id\":\"https:\/\/www.galerie-metzger.de\/de\/#website\"},\"primaryImageOfPage\":{\"@id\":\"https:\/\/www.galerie-metzger.de\/en\/expo\/art-and-space\/#primaryimage\"},\"image\":{\"@id\":\"https:\/\/www.galerie-metzger.de\/en\/expo\/art-and-space\/#primaryimage\"},\"thumbnailUrl\":\"https:\/\/www.galerie-metzger.de\/wp-content\/uploads\/2024\/02\/Elke-Sada-3er-Gruppe-Vice-Versa-galerie-metzger-ceramic-art-object-keramik-bemalt-scaled.jpg\",\"datePublished\":\"2024-02-07T11:29:44+00:00\",\"dateModified\":\"2024-08-20T11:31:46+00:00\",\"breadcrumb\":{\"@id\":\"https:\/\/www.galerie-metzger.de\/en\/expo\/art-and-space\/#breadcrumb\"},\"inLanguage\":\"en-US\",\"potentialAction\":[{\"@type\":\"ReadAction\",\"target\":[\"https:\/\/www.galerie-metzger.de\/en\/expo\/art-and-space\/\"]}]},{\"@type\":\"ImageObject\",\"inLanguage\":\"en-US\",\"@id\":\"https:\/\/www.galerie-metzger.de\/en\/expo\/art-and-space\/#primaryimage\",\"url\":\"https:\/\/www.galerie-metzger.de\/wp-content\/uploads\/2024\/02\/Elke-Sada-3er-Gruppe-Vice-Versa-galerie-metzger-ceramic-art-object-keramik-bemalt-scaled.jpg\",\"contentUrl\":\"https:\/\/www.galerie-metzger.de\/wp-content\/uploads\/2024\/02\/Elke-Sada-3er-Gruppe-Vice-Versa-galerie-metzger-ceramic-art-object-keramik-bemalt-scaled.jpg\",\"width\":2560,\"height\":1707,\"caption\":\"Elke Sada 3er-Gruppe Vice Versa galerie metzger ceramic art object keramik bemalt\"},{\"@type\":\"BreadcrumbList\",\"@id\":\"https:\/\/www.galerie-metzger.de\/en\/expo\/art-and-space\/#breadcrumb\",\"itemListElement\":[{\"@type\":\"ListItem\",\"position\":1,\"name\":\"Startseite\",\"item\":\"https:\/\/www.galerie-metzger.de\/en\/start-20260213-en\/\"},{\"@type\":\"ListItem\",\"position\":2,\"name\":\"Art and Space\"}]},{\"@type\":\"WebSite\",\"@id\":\"https:\/\/www.galerie-metzger.de\/de\/#website\",\"url\":\"https:\/\/www.galerie-metzger.de\/de\/\",\"name\":\"GALERIE METZGER\",\"description\":\"Keramik \u2013\u00a0Plastik \u2013\u00a0Kunst\",\"publisher\":{\"@id\":\"https:\/\/www.galerie-metzger.de\/de\/#organization\"},\"potentialAction\":[{\"@type\":\"SearchAction\",\"target\":{\"@type\":\"EntryPoint\",\"urlTemplate\":\"https:\/\/www.galerie-metzger.de\/de\/?s={search_term_string}\"},\"query-input\":{\"@type\":\"PropertyValueSpecification\",\"valueRequired\":true,\"valueName\":\"search_term_string\"}}],\"inLanguage\":\"en-US\"},{\"@type\":\"Organization\",\"@id\":\"https:\/\/www.galerie-metzger.de\/de\/#organization\",\"name\":\"GALERIE METZGER\",\"url\":\"https:\/\/www.galerie-metzger.de\/de\/\",\"logo\":{\"@type\":\"ImageObject\",\"inLanguage\":\"en-US\",\"@id\":\"https:\/\/www.galerie-metzger.de\/de\/#\/schema\/logo\/image\/\",\"url\":\"https:\/\/www.galerie-metzger.de\/wp-content\/uploads\/2018\/01\/galerie-metzger_logo_2018.png\",\"contentUrl\":\"https:\/\/www.galerie-metzger.de\/wp-content\/uploads\/2018\/01\/galerie-metzger_logo_2018.png\",\"width\":740,\"height\":340,\"caption\":\"GALERIE METZGER\"},\"image\":{\"@id\":\"https:\/\/www.galerie-metzger.de\/de\/#\/schema\/logo\/image\/\"}},{\"@type\":\"Person\",\"@id\":\"https:\/\/www.galerie-metzger.de\/de\/#\/schema\/person\/739b84f16bd18ee4644ff618a78ce452\",\"name\":\"Jochen Hilmer\",\"image\":{\"@type\":\"ImageObject\",\"inLanguage\":\"en-US\",\"@id\":\"https:\/\/www.galerie-metzger.de\/de\/#\/schema\/person\/image\/\",\"url\":\"https:\/\/secure.gravatar.com\/avatar\/ea765b289be44c807adb05f6b85400d488b8754d48419fddca400246400a0bc7?s=96&d=mm&r=g\",\"contentUrl\":\"https:\/\/secure.gravatar.com\/avatar\/ea765b289be44c807adb05f6b85400d488b8754d48419fddca400246400a0bc7?s=96&d=mm&r=g\",\"caption\":\"Jochen Hilmer\"}}]}<\/script>\n<!-- \/ Yoast SEO plugin. -->","yoast_head_json":{"title":"Art and Space &#8211; GALERIE METZGER","robots":{"index":"index","follow":"follow","max-snippet":"max-snippet:-1","max-image-preview":"max-image-preview:large","max-video-preview":"max-video-preview:-1"},"canonical":"https:\/\/www.galerie-metzger.de\/en\/expo\/art-and-space\/","og_locale":"en_US","og_type":"article","og_title":"Art and Space &#8211; GALERIE METZGER","og_description":"07.04.2024 \u2013 28.04.2024 Art and Space \u2026","og_url":"https:\/\/www.galerie-metzger.de\/en\/expo\/art-and-space\/","og_site_name":"GALERIE METZGER","article_published_time":"2024-02-07T11:29:44+00:00","article_modified_time":"2024-08-20T11:31:46+00:00","og_image":[{"width":1030,"height":687,"url":"https:\/\/www.galerie-metzger.de\/wp-content\/uploads\/2024\/02\/Elke-Sada-3er-Gruppe-Vice-Versa-galerie-metzger-ceramic-art-object-keramik-bemalt-1030x687.jpg","type":"image\/jpeg"}],"author":"Jochen Hilmer","twitter_card":"summary_large_image","twitter_misc":{"Written by":"Jochen Hilmer","Est. reading time":"36 minutes"},"schema":{"@context":"https:\/\/schema.org","@graph":[{"@type":"Article","@id":"https:\/\/www.galerie-metzger.de\/en\/expo\/art-and-space\/#article","isPartOf":{"@id":"https:\/\/www.galerie-metzger.de\/en\/expo\/art-and-space\/"},"author":{"name":"Jochen Hilmer","@id":"https:\/\/www.galerie-metzger.de\/de\/#\/schema\/person\/739b84f16bd18ee4644ff618a78ce452"},"headline":"Art and Space","datePublished":"2024-02-07T11:29:44+00:00","dateModified":"2024-08-20T11:31:46+00:00","mainEntityOfPage":{"@id":"https:\/\/www.galerie-metzger.de\/en\/expo\/art-and-space\/"},"wordCount":23229,"publisher":{"@id":"https:\/\/www.galerie-metzger.de\/de\/#organization"},"image":{"@id":"https:\/\/www.galerie-metzger.de\/en\/expo\/art-and-space\/#primaryimage"},"thumbnailUrl":"https:\/\/www.galerie-metzger.de\/wp-content\/uploads\/2024\/02\/Elke-Sada-3er-Gruppe-Vice-Versa-galerie-metzger-ceramic-art-object-keramik-bemalt-scaled.jpg","articleSection":["expo","expo-past"],"inLanguage":"en-US"},{"@type":"WebPage","@id":"https:\/\/www.galerie-metzger.de\/en\/expo\/art-and-space\/","url":"https:\/\/www.galerie-metzger.de\/en\/expo\/art-and-space\/","name":"Art and Space &#8211; GALERIE METZGER","isPartOf":{"@id":"https:\/\/www.galerie-metzger.de\/de\/#website"},"primaryImageOfPage":{"@id":"https:\/\/www.galerie-metzger.de\/en\/expo\/art-and-space\/#primaryimage"},"image":{"@id":"https:\/\/www.galerie-metzger.de\/en\/expo\/art-and-space\/#primaryimage"},"thumbnailUrl":"https:\/\/www.galerie-metzger.de\/wp-content\/uploads\/2024\/02\/Elke-Sada-3er-Gruppe-Vice-Versa-galerie-metzger-ceramic-art-object-keramik-bemalt-scaled.jpg","datePublished":"2024-02-07T11:29:44+00:00","dateModified":"2024-08-20T11:31:46+00:00","breadcrumb":{"@id":"https:\/\/www.galerie-metzger.de\/en\/expo\/art-and-space\/#breadcrumb"},"inLanguage":"en-US","potentialAction":[{"@type":"ReadAction","target":["https:\/\/www.galerie-metzger.de\/en\/expo\/art-and-space\/"]}]},{"@type":"ImageObject","inLanguage":"en-US","@id":"https:\/\/www.galerie-metzger.de\/en\/expo\/art-and-space\/#primaryimage","url":"https:\/\/www.galerie-metzger.de\/wp-content\/uploads\/2024\/02\/Elke-Sada-3er-Gruppe-Vice-Versa-galerie-metzger-ceramic-art-object-keramik-bemalt-scaled.jpg","contentUrl":"https:\/\/www.galerie-metzger.de\/wp-content\/uploads\/2024\/02\/Elke-Sada-3er-Gruppe-Vice-Versa-galerie-metzger-ceramic-art-object-keramik-bemalt-scaled.jpg","width":2560,"height":1707,"caption":"Elke Sada 3er-Gruppe Vice Versa galerie metzger ceramic art object keramik bemalt"},{"@type":"BreadcrumbList","@id":"https:\/\/www.galerie-metzger.de\/en\/expo\/art-and-space\/#breadcrumb","itemListElement":[{"@type":"ListItem","position":1,"name":"Startseite","item":"https:\/\/www.galerie-metzger.de\/en\/start-20260213-en\/"},{"@type":"ListItem","position":2,"name":"Art and Space"}]},{"@type":"WebSite","@id":"https:\/\/www.galerie-metzger.de\/de\/#website","url":"https:\/\/www.galerie-metzger.de\/de\/","name":"GALERIE METZGER","description":"Keramik \u2013\u00a0Plastik \u2013\u00a0Kunst","publisher":{"@id":"https:\/\/www.galerie-metzger.de\/de\/#organization"},"potentialAction":[{"@type":"SearchAction","target":{"@type":"EntryPoint","urlTemplate":"https:\/\/www.galerie-metzger.de\/de\/?s={search_term_string}"},"query-input":{"@type":"PropertyValueSpecification","valueRequired":true,"valueName":"search_term_string"}}],"inLanguage":"en-US"},{"@type":"Organization","@id":"https:\/\/www.galerie-metzger.de\/de\/#organization","name":"GALERIE METZGER","url":"https:\/\/www.galerie-metzger.de\/de\/","logo":{"@type":"ImageObject","inLanguage":"en-US","@id":"https:\/\/www.galerie-metzger.de\/de\/#\/schema\/logo\/image\/","url":"https:\/\/www.galerie-metzger.de\/wp-content\/uploads\/2018\/01\/galerie-metzger_logo_2018.png","contentUrl":"https:\/\/www.galerie-metzger.de\/wp-content\/uploads\/2018\/01\/galerie-metzger_logo_2018.png","width":740,"height":340,"caption":"GALERIE METZGER"},"image":{"@id":"https:\/\/www.galerie-metzger.de\/de\/#\/schema\/logo\/image\/"}},{"@type":"Person","@id":"https:\/\/www.galerie-metzger.de\/de\/#\/schema\/person\/739b84f16bd18ee4644ff618a78ce452","name":"Jochen Hilmer","image":{"@type":"ImageObject","inLanguage":"en-US","@id":"https:\/\/www.galerie-metzger.de\/de\/#\/schema\/person\/image\/","url":"https:\/\/secure.gravatar.com\/avatar\/ea765b289be44c807adb05f6b85400d488b8754d48419fddca400246400a0bc7?s=96&d=mm&r=g","contentUrl":"https:\/\/secure.gravatar.com\/avatar\/ea765b289be44c807adb05f6b85400d488b8754d48419fddca400246400a0bc7?s=96&d=mm&r=g","caption":"Jochen Hilmer"}}]}},"modified_by":"Jochen Hilmer","_links":{"self":[{"href":"https:\/\/www.galerie-metzger.de\/en\/wp-json\/wp\/v2\/posts\/11957","targetHints":{"allow":["GET"]}}],"collection":[{"href":"https:\/\/www.galerie-metzger.de\/en\/wp-json\/wp\/v2\/posts"}],"about":[{"href":"https:\/\/www.galerie-metzger.de\/en\/wp-json\/wp\/v2\/types\/post"}],"author":[{"embeddable":true,"href":"https:\/\/www.galerie-metzger.de\/en\/wp-json\/wp\/v2\/users\/3"}],"replies":[{"embeddable":true,"href":"https:\/\/www.galerie-metzger.de\/en\/wp-json\/wp\/v2\/comments?post=11957"}],"version-history":[{"count":0,"href":"https:\/\/www.galerie-metzger.de\/en\/wp-json\/wp\/v2\/posts\/11957\/revisions"}],"wp:featuredmedia":[{"embeddable":true,"href":"https:\/\/www.galerie-metzger.de\/en\/wp-json\/wp\/v2\/media\/12120"}],"wp:attachment":[{"href":"https:\/\/www.galerie-metzger.de\/en\/wp-json\/wp\/v2\/media?parent=11957"}],"wp:term":[{"taxonomy":"category","embeddable":true,"href":"https:\/\/www.galerie-metzger.de\/en\/wp-json\/wp\/v2\/categories?post=11957"},{"taxonomy":"post_tag","embeddable":true,"href":"https:\/\/www.galerie-metzger.de\/en\/wp-json\/wp\/v2\/tags?post=11957"}],"curies":[{"name":"wp","href":"https:\/\/api.w.org\/{rel}","templated":true}]}}