{"id":7717,"date":"2019-09-27T18:35:20","date_gmt":"2019-09-27T16:35:20","guid":{"rendered":"https:\/\/www.galerie-metzger.de\/?p=7717"},"modified":"2022-05-24T10:24:36","modified_gmt":"2022-05-24T08:24:36","slug":"beate-kuhn-2020","status":"publish","type":"post","link":"https:\/\/www.galerie-metzger.de\/de\/expo\/beate-kuhn-2020\/","title":{"rendered":"Beate Kuhn"},"content":{"rendered":"<div id='topp'  class='avia-section av-39p4agv-2522fcf585d2ac7445cd0f90c9103b9e main_color avia-section-no-padding avia-no-border-styling  avia-builder-el-0  el_before_av_submenu  avia-builder-el-first  avia-bg-style-scroll container_wrap fullsize'  ><div class='container av-section-cont-open' ><main  class='template-page content  av-content-full alpha units'><div class='post-entry post-entry-type-page post-entry-7717'><div class='entry-content-wrapper clearfix'>\n\n<style type=\"text\/css\" data-created_by=\"avia_inline_auto\" id=\"style-css-av-38qqpzz-e83686adc2179d1d9c7c0f6c8d2295c1\">\n.flex_column.av-38qqpzz-e83686adc2179d1d9c7c0f6c8d2295c1{\n-webkit-border-radius:0px 0px 0px 0px;\n-moz-border-radius:0px 0px 0px 0px;\nborder-radius:0px 0px 0px 0px;\n}\n<\/style>\n<div class='flex_column av-38qqpzz-e83686adc2179d1d9c7c0f6c8d2295c1 av_one_full  avia-builder-el-1  el_before_av_one_full  avia-builder-el-first  jo_col_page_title first no_margin flex_column_div av-animated-generic fade-in av-zero-column-padding '     ><style type=\"text\/css\" data-created_by=\"avia_inline_auto\" id=\"style-css-av-av_heading-58ed7d985c3f7343a6cbe8d4d536a8e7\">\n#top .av-special-heading.av-av_heading-58ed7d985c3f7343a6cbe8d4d536a8e7{\npadding-bottom:0px;\n}\nbody .av-special-heading.av-av_heading-58ed7d985c3f7343a6cbe8d4d536a8e7 .av-special-heading-tag .heading-char{\nfont-size:25px;\n}\n.av-special-heading.av-av_heading-58ed7d985c3f7343a6cbe8d4d536a8e7 .av-subheading{\nfont-size:15px;\n}\n<\/style>\n<div  class='av-special-heading av-av_heading-58ed7d985c3f7343a6cbe8d4d536a8e7 av-special-heading-h2 blockquote modern-quote  avia-builder-el-2  avia-builder-el-no-sibling  jo_special_heading portfo one'><h2 class='av-special-heading-tag'  >Beate Kuhn<\/h2><div class=\"special-heading-border\"><div class=\"special-heading-inner-border\"><\/div><\/div><\/div><\/div><div class='flex_column_table av-2gsxvhb-1118cc7ed190ef12b94344766d75b468 sc-av_one_full av-equal-height-column-flextable'>\n<style type=\"text\/css\" data-created_by=\"avia_inline_auto\" id=\"style-css-av-2gsxvhb-1118cc7ed190ef12b94344766d75b468\">\n.flex_column.av-2gsxvhb-1118cc7ed190ef12b94344766d75b468{\n-webkit-border-radius:0px 0px 0px 0px;\n-moz-border-radius:0px 0px 0px 0px;\nborder-radius:0px 0px 0px 0px;\n}\n<\/style>\n<div class='flex_column av-2gsxvhb-1118cc7ed190ef12b94344766d75b468 av_one_full  avia-builder-el-3  el_after_av_one_full  el_before_av_one_full  jo_col_empty first flex_column_table_cell av-equal-height-column av-align-top av-animated-generic fade-in av-zero-column-padding column-top-margin'     ><section  class='av_textblock_section av-2ebrkhr-7982fab1bb27e611fade3e31fb8d8b3f' ><div class='avia_textblock' ><p>invisible placeholder<\/p>\n<\/div><\/section><\/div><\/div><!--close column table wrapper. Autoclose: 1 -->\n<style type=\"text\/css\" data-created_by=\"avia_inline_auto\" id=\"style-css-av-34x9y4v-44cf278c1920b011126c0e0388de03e0\">\n.flex_column.av-34x9y4v-44cf278c1920b011126c0e0388de03e0{\n-webkit-border-radius:0px 0px 0px 0px;\n-moz-border-radius:0px 0px 0px 0px;\nborder-radius:0px 0px 0px 0px;\n}\n<\/style>\n<div class='flex_column av-34x9y4v-44cf278c1920b011126c0e0388de03e0 av_one_full  avia-builder-el-5  el_after_av_one_full  el_before_av_one_full  jo_pf_bild_bg start first flex_column_div av-animated-generic fade-in av-zero-column-padding column-top-margin'     ><style type=\"text\/css\" data-created_by=\"avia_inline_auto\" id=\"style-css-av-av_image-c7ec50daef12943196926e99059c630c\">\n.avia-image-container.av-av_image-c7ec50daef12943196926e99059c630c img.avia_image{\nbox-shadow:none;\n}\n.avia-image-container.av-av_image-c7ec50daef12943196926e99059c630c .av-caption-image-overlay-bg{\nopacity:0.4;\n}\n<\/style>\n<div  class='avia-image-container av-av_image-c7ec50daef12943196926e99059c630c av-styling-no-styling avia_animated_image av-animated-when-visible-95 fade-in avia-align-left  avia-builder-el-6  avia-builder-el-no-sibling  jo_pf_bild noHover av-overlay-hover-deactivate'  ><div class=\"avia-image-container-inner\"><div class=\"avia-image-overlay-wrap\"><a href=\"https:\/\/www.galerie-metzger.de\/wp-content\/uploads\/2019\/09\/beate-kuhn-atelier-kartoffelbluemchen-galerie-metzger-2-1090x606.jpg\" data-srcset=\"https:\/\/www.galerie-metzger.de\/wp-content\/uploads\/2019\/09\/beate-kuhn-atelier-kartoffelbluemchen-galerie-metzger-2-1090x606.jpg 1090w, https:\/\/www.galerie-metzger.de\/wp-content\/uploads\/2019\/09\/beate-kuhn-atelier-kartoffelbluemchen-galerie-metzger-2-690x384.jpg 690w, https:\/\/www.galerie-metzger.de\/wp-content\/uploads\/2019\/09\/beate-kuhn-atelier-kartoffelbluemchen-galerie-metzger-2-1536x854.jpg 1536w, https:\/\/www.galerie-metzger.de\/wp-content\/uploads\/2019\/09\/beate-kuhn-atelier-kartoffelbluemchen-galerie-metzger-2-2048x1139.jpg 2048w, https:\/\/www.galerie-metzger.de\/wp-content\/uploads\/2019\/09\/beate-kuhn-atelier-kartoffelbluemchen-galerie-metzger-2-1500x834.jpg 1500w, https:\/\/www.galerie-metzger.de\/wp-content\/uploads\/2019\/09\/beate-kuhn-atelier-kartoffelbluemchen-galerie-metzger-2-705x392.jpg 705w, https:\/\/www.galerie-metzger.de\/wp-content\/uploads\/2019\/09\/beate-kuhn-atelier-kartoffelbluemchen-galerie-metzger-2-400x222.jpg 400w, https:\/\/www.galerie-metzger.de\/wp-content\/uploads\/2019\/09\/beate-kuhn-atelier-kartoffelbluemchen-galerie-metzger-2-768x427.jpg 768w, https:\/\/www.galerie-metzger.de\/wp-content\/uploads\/2019\/09\/beate-kuhn-atelier-kartoffelbluemchen-galerie-metzger-2-1030x573.jpg 1030w, https:\/\/www.galerie-metzger.de\/wp-content\/uploads\/2019\/09\/beate-kuhn-atelier-kartoffelbluemchen-galerie-metzger-2-450x250.jpg 450w\" data-sizes=\"(max-width: 1030px) 100vw, 1030px\" class='avia_image' ><div class=\"av-image-caption-overlay\"><div class=\"av-caption-image-overlay-bg\"><\/div><div class=\"av-image-caption-overlay-position\"><div class=\"av-image-caption-overlay-center\"><p>Beate Kuhn \u2013 Blick ins Atelier \u2013 Foto: Beate Kuhn<\/p>\n<\/div><\/div><\/div><img decoding=\"async\" class='wp-image-8042 avia-img-lazy-loading-not-8042 avia_image ' src=\"https:\/\/www.galerie-metzger.de\/wp-content\/uploads\/2019\/09\/beate-kuhn-atelier-kartoffelbluemchen-galerie-metzger-2.jpg\" alt='Beate Kuhn \u2013\u00a0Blick ins Atelier' title='Beate Kuhn \u2013\u00a0Blick ins Atelier'  height=\"1422\" width=\"2557\" srcset=\"https:\/\/www.galerie-metzger.de\/wp-content\/uploads\/2019\/09\/beate-kuhn-atelier-kartoffelbluemchen-galerie-metzger-2.jpg 2557w, https:\/\/www.galerie-metzger.de\/wp-content\/uploads\/2019\/09\/beate-kuhn-atelier-kartoffelbluemchen-galerie-metzger-2-690x384.jpg 690w, https:\/\/www.galerie-metzger.de\/wp-content\/uploads\/2019\/09\/beate-kuhn-atelier-kartoffelbluemchen-galerie-metzger-2-1090x606.jpg 1090w, https:\/\/www.galerie-metzger.de\/wp-content\/uploads\/2019\/09\/beate-kuhn-atelier-kartoffelbluemchen-galerie-metzger-2-1536x854.jpg 1536w, https:\/\/www.galerie-metzger.de\/wp-content\/uploads\/2019\/09\/beate-kuhn-atelier-kartoffelbluemchen-galerie-metzger-2-2048x1139.jpg 2048w, https:\/\/www.galerie-metzger.de\/wp-content\/uploads\/2019\/09\/beate-kuhn-atelier-kartoffelbluemchen-galerie-metzger-2-1500x834.jpg 1500w, https:\/\/www.galerie-metzger.de\/wp-content\/uploads\/2019\/09\/beate-kuhn-atelier-kartoffelbluemchen-galerie-metzger-2-705x392.jpg 705w, https:\/\/www.galerie-metzger.de\/wp-content\/uploads\/2019\/09\/beate-kuhn-atelier-kartoffelbluemchen-galerie-metzger-2-400x222.jpg 400w, https:\/\/www.galerie-metzger.de\/wp-content\/uploads\/2019\/09\/beate-kuhn-atelier-kartoffelbluemchen-galerie-metzger-2-768x427.jpg 768w, https:\/\/www.galerie-metzger.de\/wp-content\/uploads\/2019\/09\/beate-kuhn-atelier-kartoffelbluemchen-galerie-metzger-2-1030x573.jpg 1030w, https:\/\/www.galerie-metzger.de\/wp-content\/uploads\/2019\/09\/beate-kuhn-atelier-kartoffelbluemchen-galerie-metzger-2-450x250.jpg 450w\" sizes=\"(max-width: 2557px) 100vw, 2557px\" \/><\/a><\/div><\/div><\/div><\/div>\n<style type=\"text\/css\" data-created_by=\"avia_inline_auto\" id=\"style-css-av-2ymbam7-645260c3b0cd49dacf53ae91eb0d40c1\">\n.flex_column.av-2ymbam7-645260c3b0cd49dacf53ae91eb0d40c1{\n-webkit-border-radius:0px 0px 0px 0px;\n-moz-border-radius:0px 0px 0px 0px;\nborder-radius:0px 0px 0px 0px;\n}\n<\/style>\n<div class='flex_column av-2ymbam7-645260c3b0cd49dacf53ae91eb0d40c1 av_one_full  avia-builder-el-7  el_after_av_one_full  el_before_av_two_third  jo_col_head first no_margin flex_column_div av-animated-generic fade-in av-zero-column-padding column-top-margin'     ><p><section  class='av_textblock_section av-l3jw5nv5-f61df72085961fcb92205220bc016875' ><div class='avia_textblock event_date' ><p>15.03.2020 &#8211; 31.05.2020<\/p>\n<\/div><\/section><br \/>\n\n<style type=\"text\/css\" data-created_by=\"avia_inline_auto\" id=\"style-css-av-av_heading-b7b14002971937de01b5170946aa278f\">\n#top .av-special-heading.av-av_heading-b7b14002971937de01b5170946aa278f{\npadding-bottom:0px;\n}\nbody .av-special-heading.av-av_heading-b7b14002971937de01b5170946aa278f .av-special-heading-tag .heading-char{\nfont-size:25px;\n}\n.av-special-heading.av-av_heading-b7b14002971937de01b5170946aa278f .av-subheading{\nfont-size:15px;\n}\n<\/style>\n<div  class='av-special-heading av-av_heading-b7b14002971937de01b5170946aa278f av-special-heading-h1 blockquote modern-quote  avia-builder-el-9  el_after_av_textblock  avia-builder-el-last  jo_special_heading portfo two'><h1 class='av-special-heading-tag'  >Beate Kuhn<\/h1><div class=\"special-heading-border\"><div class=\"special-heading-inner-border\"><\/div><\/div><\/div><\/p><\/div><div class='flex_column_table av-a4qn2n-e8a9abf6d0297ce2157d36e874aeb3e6 sc-av_two_third av-equal-height-column-flextable'>\n<style type=\"text\/css\" data-created_by=\"avia_inline_auto\" id=\"style-css-av-a4qn2n-e8a9abf6d0297ce2157d36e874aeb3e6\">\n.flex_column.av-a4qn2n-e8a9abf6d0297ce2157d36e874aeb3e6{\n-webkit-border-radius:0px 0px 0px 0px;\n-moz-border-radius:0px 0px 0px 0px;\nborder-radius:0px 0px 0px 0px;\n}\n<\/style>\n<div class='flex_column av-a4qn2n-e8a9abf6d0297ce2157d36e874aeb3e6 av_two_third  avia-builder-el-10  el_after_av_one_full  el_before_av_one_third  first flex_column_table_cell av-equal-height-column av-align-top av-animated-generic fade-in av-zero-column-padding column-top-margin'     ><section  class='av_textblock_section av-av_textblock-283972ea15f2e73870c23e2d6de3245d' ><div class='avia_textblock' ><p><strong>Ab Mittwoch, dem 29. April, k\u00f6nnen Sie uns wieder in der Galerie besuchen. Die Ausstellung ist dann wieder ge\u00f6ffnet und wird verl\u00e4ngert bis zum Sonntag, den 31.5.2020.<\/strong><\/p>\n<p>Kontaktieren Sie uns gerne f\u00fcr weitere Informationen:<br \/>\nTelefon: <a title=\"\" href=\"tel:004906021460224\">+49 (0)6021 460224<\/a><br \/>\nE-Mail: <a title=\"\" href=\"mailto:info@galerie-metzger.de\">info@galerie-metzger.de<\/a><\/p>\n<\/div><\/section><\/div><div class='av-flex-placeholder'><\/div>\n<style type=\"text\/css\" data-created_by=\"avia_inline_auto\" id=\"style-css-av-2gsxvhb-ca9679bebbe6e460ec9c9d0c915ad2e5\">\n.flex_column.av-2gsxvhb-ca9679bebbe6e460ec9c9d0c915ad2e5{\n-webkit-border-radius:0px 0px 0px 0px;\n-moz-border-radius:0px 0px 0px 0px;\nborder-radius:0px 0px 0px 0px;\n}\n<\/style>\n<div class='flex_column av-2gsxvhb-ca9679bebbe6e460ec9c9d0c915ad2e5 av_one_third  avia-builder-el-12  el_after_av_two_third  el_before_av_one_full  jo_col_empty flex_column_table_cell av-equal-height-column av-align-top av-animated-generic fade-in av-zero-column-padding column-top-margin'     ><section  class='av_textblock_section av-2ebrkhr-7982fab1bb27e611fade3e31fb8d8b3f' ><div class='avia_textblock' ><p>invisible placeholder<\/p>\n<\/div><\/section><\/div><\/div><!--close column table wrapper. Autoclose: 1 --><div class='flex_column_table av-2gsxvhb-1118cc7ed190ef12b94344766d75b468 sc-av_one_full av-equal-height-column-flextable'>\n<style type=\"text\/css\" data-created_by=\"avia_inline_auto\" id=\"style-css-av-2gsxvhb-1118cc7ed190ef12b94344766d75b468\">\n.flex_column.av-2gsxvhb-1118cc7ed190ef12b94344766d75b468{\n-webkit-border-radius:0px 0px 0px 0px;\n-moz-border-radius:0px 0px 0px 0px;\nborder-radius:0px 0px 0px 0px;\n}\n<\/style>\n<div class='flex_column av-2gsxvhb-1118cc7ed190ef12b94344766d75b468 av_one_full  avia-builder-el-14  el_after_av_one_third  el_before_av_two_third  jo_col_empty first flex_column_table_cell av-equal-height-column av-align-top av-animated-generic fade-in av-zero-column-padding column-top-margin'     ><section  class='av_textblock_section av-2ebrkhr-7982fab1bb27e611fade3e31fb8d8b3f' ><div class='avia_textblock' ><p>invisible placeholder<\/p>\n<\/div><\/section><\/div><\/div><!--close column table wrapper. Autoclose: 1 --><div class='flex_column_table av-av_two_third-081f2d25e9e807acef4963eb4e3a9b0e sc-av_two_third av-equal-height-column-flextable'>\n<style type=\"text\/css\" data-created_by=\"avia_inline_auto\" id=\"style-css-av-av_two_third-081f2d25e9e807acef4963eb4e3a9b0e\">\n.flex_column.av-av_two_third-081f2d25e9e807acef4963eb4e3a9b0e{\n-webkit-border-radius:0px 0px 0px 0px;\n-moz-border-radius:0px 0px 0px 0px;\nborder-radius:0px 0px 0px 0px;\n}\n<\/style>\n<div class='flex_column av-av_two_third-081f2d25e9e807acef4963eb4e3a9b0e av_two_third  avia-builder-el-16  el_after_av_one_full  el_before_av_one_third  first flex_column_table_cell av-equal-height-column av-align-top av-animated-generic fade-in av-zero-column-padding column-top-margin'     ><div class=\"avia-video av-av_video-a3573bcd7a4f5b2e55dc6c25f00a8329 avia-video-16-9 av-no-preview-image avia-video-load-always av-lazyload-immediate av-lazyload-video-embed\" style=\"\" itemprop=\"video\" itemtype=\"https:\/\/schema.org\/VideoObject\" data-original_url=\"https:\/\/vimeo.com\/399102815\"><div class='avia-iframe-wrap'><iframe loading=\"lazy\" title=\"GALERIE METZGER : Beate Kuhn\" src=\"https:\/\/player.vimeo.com\/video\/399102815?dnt=1&amp;app_id=122963\" width=\"1500\" height=\"844\" frameborder=\"0\" allow=\"autoplay; fullscreen\" allowfullscreen><\/iframe><\/div><\/div><\/div><div class='av-flex-placeholder'><\/div>\n<style type=\"text\/css\" data-created_by=\"avia_inline_auto\" id=\"style-css-av-crtdr-bcf20628e49305ba3ebee0160c9af2ab\">\n.flex_column.av-crtdr-bcf20628e49305ba3ebee0160c9af2ab{\n-webkit-border-radius:0px 0px 0px 0px;\n-moz-border-radius:0px 0px 0px 0px;\nborder-radius:0px 0px 0px 0px;\n}\n<\/style>\n<div class='flex_column av-crtdr-bcf20628e49305ba3ebee0160c9af2ab av_one_third  avia-builder-el-18  el_after_av_two_third  el_before_av_one_full  jo_pf_bild_bg flex_column_table_cell av-equal-height-column av-align-top av-animated-generic fade-in av-zero-column-padding column-top-margin'     ><p>\n<style type=\"text\/css\" data-created_by=\"avia_inline_auto\" id=\"style-css-av-av_image-455b6ccb1726fb190029b35bbfcdcb50\">\n.avia-image-container.av-av_image-455b6ccb1726fb190029b35bbfcdcb50 img.avia_image{\nbox-shadow:none;\n}\n.avia-image-container.av-av_image-455b6ccb1726fb190029b35bbfcdcb50 .av-caption-image-overlay-bg{\nopacity:0.4;\n}\n<\/style>\n<div  class='avia-image-container av-av_image-455b6ccb1726fb190029b35bbfcdcb50 av-styling-no-styling avia_animated_image av-animated-when-visible-95 fade-in avia-align-left  avia-builder-el-19  el_before_av_textblock  avia-builder-el-first  jo_pf_bild noHover av-overlay-hover-deactivate'  ><div class=\"avia-image-container-inner\"><div class=\"avia-image-overlay-wrap\"><a href=\"https:\/\/www.galerie-metzger.de\/wp-content\/uploads\/2018\/04\/Beate-Kuhn.Kastanie.18x18x21-cm-1090x727.jpg\" data-srcset=\"https:\/\/www.galerie-metzger.de\/wp-content\/uploads\/2018\/04\/Beate-Kuhn.Kastanie.18x18x21-cm-1090x727.jpg 1090w, https:\/\/www.galerie-metzger.de\/wp-content\/uploads\/2018\/04\/Beate-Kuhn.Kastanie.18x18x21-cm-690x460.jpg 690w, https:\/\/www.galerie-metzger.de\/wp-content\/uploads\/2018\/04\/Beate-Kuhn.Kastanie.18x18x21-cm-1536x1024.jpg 1536w, https:\/\/www.galerie-metzger.de\/wp-content\/uploads\/2018\/04\/Beate-Kuhn.Kastanie.18x18x21-cm-2048x1365.jpg 2048w, https:\/\/www.galerie-metzger.de\/wp-content\/uploads\/2018\/04\/Beate-Kuhn.Kastanie.18x18x21-cm-1500x1000.jpg 1500w, https:\/\/www.galerie-metzger.de\/wp-content\/uploads\/2018\/04\/Beate-Kuhn.Kastanie.18x18x21-cm-705x470.jpg 705w, https:\/\/www.galerie-metzger.de\/wp-content\/uploads\/2018\/04\/Beate-Kuhn.Kastanie.18x18x21-cm-400x267.jpg 400w, https:\/\/www.galerie-metzger.de\/wp-content\/uploads\/2018\/04\/Beate-Kuhn.Kastanie.18x18x21-cm-768x512.jpg 768w, https:\/\/www.galerie-metzger.de\/wp-content\/uploads\/2018\/04\/Beate-Kuhn.Kastanie.18x18x21-cm-1600x1067.jpg 1600w, https:\/\/www.galerie-metzger.de\/wp-content\/uploads\/2018\/04\/Beate-Kuhn.Kastanie.18x18x21-cm-300x200.jpg 300w, https:\/\/www.galerie-metzger.de\/wp-content\/uploads\/2018\/04\/Beate-Kuhn.Kastanie.18x18x21-cm-900x600.jpg 900w, https:\/\/www.galerie-metzger.de\/wp-content\/uploads\/2018\/04\/Beate-Kuhn.Kastanie.18x18x21-cm-450x300.jpg 450w\" data-sizes=\"(max-width: 1030px) 100vw, 1030px\" class='avia_image' ><div class=\"av-image-caption-overlay\"><div class=\"av-caption-image-overlay-bg\"><\/div><div class=\"av-image-caption-overlay-position\"><div class=\"av-image-caption-overlay-center\"><p>Beate Kuhn \u2013 gespaltene Kugel \u2013 Fr\u00fchjahr 1969, 18x18x21 cm, Foto: Edi Baumann<\/p>\n<\/div><\/div><\/div><img decoding=\"async\" class='wp-image-5683 avia-img-lazy-loading-not-5683 avia_image ' src=\"https:\/\/www.galerie-metzger.de\/wp-content\/uploads\/2018\/04\/Beate-Kuhn.Kastanie.18x18x21-cm-845x684.jpg\" alt='Beate - Kuhn - gespaltene Kugel - 1969' title='Beate - Kuhn - gespaltene Kugel - 1969 18x18x21 cm'  height=\"684\" width=\"845\" srcset=\"https:\/\/www.galerie-metzger.de\/wp-content\/uploads\/2018\/04\/Beate-Kuhn.Kastanie.18x18x21-cm-845x684.jpg 845w, https:\/\/www.galerie-metzger.de\/wp-content\/uploads\/2018\/04\/Beate-Kuhn.Kastanie.18x18x21-cm-495x400.jpg 495w\" sizes=\"(max-width: 845px) 100vw, 845px\" \/><\/a><\/div><\/div><\/div><br \/>\n<section  class='av_textblock_section av-av_textblock-2df6986536148a6092118248b21c996c' ><div class='avia_textblock jo_werk_anfrage' ><p><a class=\"anfrage\" href=\"mailto:info@galerie-metzger.de?subject=Beate%20Kuhn%20gespaltene Kugel%201969\">Anfrage zum Werk<\/a><\/p>\n<\/div><\/section><\/p><\/div><\/div><!--close column table wrapper. Autoclose: 1 --><div class='flex_column_table av-2gsxvhb-1118cc7ed190ef12b94344766d75b468 sc-av_one_full av-equal-height-column-flextable'>\n<style type=\"text\/css\" data-created_by=\"avia_inline_auto\" id=\"style-css-av-2gsxvhb-1118cc7ed190ef12b94344766d75b468\">\n.flex_column.av-2gsxvhb-1118cc7ed190ef12b94344766d75b468{\n-webkit-border-radius:0px 0px 0px 0px;\n-moz-border-radius:0px 0px 0px 0px;\nborder-radius:0px 0px 0px 0px;\n}\n<\/style>\n<div class='flex_column av-2gsxvhb-1118cc7ed190ef12b94344766d75b468 av_one_full  avia-builder-el-21  el_after_av_one_third  el_before_av_two_third  jo_col_empty first flex_column_table_cell av-equal-height-column av-align-top av-animated-generic fade-in av-zero-column-padding column-top-margin'     ><section  class='av_textblock_section av-2ebrkhr-7982fab1bb27e611fade3e31fb8d8b3f' ><div class='avia_textblock' ><p>invisible placeholder<\/p>\n<\/div><\/section><\/div><\/div><!--close column table wrapper. Autoclose: 1 --><div class='flex_column_table av-a4qn2n-e8a9abf6d0297ce2157d36e874aeb3e6 sc-av_two_third av-equal-height-column-flextable'>\n<style type=\"text\/css\" data-created_by=\"avia_inline_auto\" id=\"style-css-av-a4qn2n-e8a9abf6d0297ce2157d36e874aeb3e6\">\n.flex_column.av-a4qn2n-e8a9abf6d0297ce2157d36e874aeb3e6{\n-webkit-border-radius:0px 0px 0px 0px;\n-moz-border-radius:0px 0px 0px 0px;\nborder-radius:0px 0px 0px 0px;\n}\n<\/style>\n<div class='flex_column av-a4qn2n-e8a9abf6d0297ce2157d36e874aeb3e6 av_two_third  avia-builder-el-23  el_after_av_one_full  el_before_av_one_third  first flex_column_table_cell av-equal-height-column av-align-top av-animated-generic fade-in av-zero-column-padding column-top-margin'     ><section  class='av_textblock_section av-av_textblock-283972ea15f2e73870c23e2d6de3245d' ><div class='avia_textblock' ><p><strong>Beate Kuhn und ihre Arbeiten kennen wir schon sehr lange.<\/strong> D\u00fcdelsheim, die \u201eK\u00fcnstlerkolonie\u201c war immer in seiner Gesamtheit gesehen ein keramisches Highlight. Man traf sich, es gab viel zu sehen, und ganz besonders die vielen Begegnungen und Gespr\u00e4che mit den Scheids, Voglers und nat\u00fcrlich mit Beate Kuhn waren stets eine Bereicherung.<br \/>\nDass wir alle zwei Jahre uns nach D\u00fcdelsheim aufmachten, war vor allem Hanne Vollmer zu verdanken, die das keramische Interesse in uns weckte. Dazwischen gab es die Ausstellung \u201eGlasur und Form\u201c in der Jahrhunderthalle Frankfurt-H\u00f6chst. Das Ereignis schlechthin. Im R\u00fcckblick stelle ich sonderbarerweise fest, dass ich mich an sehr vieles genau erinnere, aber Beate Kuhns Arbeiten habe ich nicht vor Augen. Unsere Konzentration war damals auf ganz andere K\u00fcnstler gerichtet. Der Zugang zu ihren Formen &#8211; Dr. Lokau nannte sie mal \u201ekeramisches Wunderland\u201c &#8211; kam erst viel sp\u00e4ter. Zum vollst\u00e4ndigen Begreifen ihres gesamten Werks kommt noch heute immer wieder ein Teil hinzu. Plastische Arbeiten in dieser Komplexit\u00e4t fordern den Betrachter heraus. Das muss erlernt werden. Ausstellungen mit Beate Kuhn gab es einige in Johannesberg mit der \u201eLondongruppe\u201c, der \u201eGruppe 83\u201c oder auch, f\u00fcr mich ganz besonders begl\u00fcckend, die Ausstellung zusammen mit Doris Kaiser. Das Abarbeiten an ihrer unersch\u00f6pflichen Phantasie ist auch mit ein Grund, dass diese Ausstellung entsteht.<\/p>\n<p>Ich habe einige Weggef\u00e4hrten, Sammler und Freunde von Beate Kuhn aus ganz unterschiedlichen Richtungen eingeladen, ein Statement zu schreiben. Ein paar sind auf dieser Seite aufgef\u00fchrt, im Ganzen sind sie dann zu h\u00f6ren bei der Er\u00f6ffnung am 15.03.2020.<\/p>\n<p><em> Angelika Metzger, Dezember 2019 <\/em><\/p>\n<\/div><\/section><\/div><div class='av-flex-placeholder'><\/div>\n<style type=\"text\/css\" data-created_by=\"avia_inline_auto\" id=\"style-css-av-2gsxvhb-ca9679bebbe6e460ec9c9d0c915ad2e5\">\n.flex_column.av-2gsxvhb-ca9679bebbe6e460ec9c9d0c915ad2e5{\n-webkit-border-radius:0px 0px 0px 0px;\n-moz-border-radius:0px 0px 0px 0px;\nborder-radius:0px 0px 0px 0px;\n}\n<\/style>\n<div class='flex_column av-2gsxvhb-ca9679bebbe6e460ec9c9d0c915ad2e5 av_one_third  avia-builder-el-25  el_after_av_two_third  el_before_av_one_full  jo_col_empty flex_column_table_cell av-equal-height-column av-align-top av-animated-generic fade-in av-zero-column-padding column-top-margin'     ><section  class='av_textblock_section av-2ebrkhr-7982fab1bb27e611fade3e31fb8d8b3f' ><div class='avia_textblock' ><p>invisible placeholder<\/p>\n<\/div><\/section><\/div><\/div><!--close column table wrapper. Autoclose: 1 --><div class='flex_column_table av-2gsxvhb-1118cc7ed190ef12b94344766d75b468 sc-av_one_full av-equal-height-column-flextable'>\n<style type=\"text\/css\" data-created_by=\"avia_inline_auto\" id=\"style-css-av-2gsxvhb-1118cc7ed190ef12b94344766d75b468\">\n.flex_column.av-2gsxvhb-1118cc7ed190ef12b94344766d75b468{\n-webkit-border-radius:0px 0px 0px 0px;\n-moz-border-radius:0px 0px 0px 0px;\nborder-radius:0px 0px 0px 0px;\n}\n<\/style>\n<div class='flex_column av-2gsxvhb-1118cc7ed190ef12b94344766d75b468 av_one_full  avia-builder-el-27  el_after_av_one_third  el_before_av_one_third  jo_col_empty first flex_column_table_cell av-equal-height-column av-align-top av-animated-generic fade-in av-zero-column-padding column-top-margin'     ><section  class='av_textblock_section av-2ebrkhr-7982fab1bb27e611fade3e31fb8d8b3f' ><div class='avia_textblock' ><p>invisible placeholder<\/p>\n<\/div><\/section><\/div><\/div><!--close column table wrapper. Autoclose: 1 --><div class='flex_column_table av-22ccvjz-c20c10c7f195c3bda27bd103a17649b8 sc-av_one_third av-equal-height-column-flextable'>\n<style type=\"text\/css\" data-created_by=\"avia_inline_auto\" id=\"style-css-av-22ccvjz-c20c10c7f195c3bda27bd103a17649b8\">\n.flex_column.av-22ccvjz-c20c10c7f195c3bda27bd103a17649b8{\n-webkit-border-radius:0px 0px 0px 0px;\n-moz-border-radius:0px 0px 0px 0px;\nborder-radius:0px 0px 0px 0px;\n}\n<\/style>\n<div class='flex_column av-22ccvjz-c20c10c7f195c3bda27bd103a17649b8 av_one_third  avia-builder-el-29  el_after_av_one_full  el_before_av_one_third  jo_pf_bild_bg first flex_column_table_cell av-equal-height-column av-align-top av-animated-generic fade-in av-zero-column-padding column-top-margin'     ><style type=\"text\/css\" data-created_by=\"avia_inline_auto\" id=\"style-css-av-av_image-188b17b6d97fdfd186f62064f1df7b41\">\n.avia-image-container.av-av_image-188b17b6d97fdfd186f62064f1df7b41 img.avia_image{\nbox-shadow:none;\n}\n.avia-image-container.av-av_image-188b17b6d97fdfd186f62064f1df7b41 .av-caption-image-overlay-bg{\nopacity:0.4;\n}\n<\/style>\n<div  class='avia-image-container av-av_image-188b17b6d97fdfd186f62064f1df7b41 av-styling-no-styling avia_animated_image av-animated-when-visible-95 fade-in avia-align-left  avia-builder-el-30  avia-builder-el-no-sibling  jo_pf_bild noHover av-overlay-hover-deactivate'  ><div class=\"avia-image-container-inner\"><div class=\"avia-image-overlay-wrap\"><a href=\"https:\/\/www.galerie-metzger.de\/wp-content\/uploads\/2020\/02\/Beate-Kuhn-Blick-in-die-Ausstellung-Galerie-Metzger-deutsche-studio-keramik-sculpture-gallery-plastische-arbeit-1090x727.jpg\" data-srcset=\"https:\/\/www.galerie-metzger.de\/wp-content\/uploads\/2020\/02\/Beate-Kuhn-Blick-in-die-Ausstellung-Galerie-Metzger-deutsche-studio-keramik-sculpture-gallery-plastische-arbeit-1090x727.jpg 1090w, https:\/\/www.galerie-metzger.de\/wp-content\/uploads\/2020\/02\/Beate-Kuhn-Blick-in-die-Ausstellung-Galerie-Metzger-deutsche-studio-keramik-sculpture-gallery-plastische-arbeit-690x460.jpg 690w, https:\/\/www.galerie-metzger.de\/wp-content\/uploads\/2020\/02\/Beate-Kuhn-Blick-in-die-Ausstellung-Galerie-Metzger-deutsche-studio-keramik-sculpture-gallery-plastische-arbeit-1536x1024.jpg 1536w, https:\/\/www.galerie-metzger.de\/wp-content\/uploads\/2020\/02\/Beate-Kuhn-Blick-in-die-Ausstellung-Galerie-Metzger-deutsche-studio-keramik-sculpture-gallery-plastische-arbeit-2048x1365.jpg 2048w, https:\/\/www.galerie-metzger.de\/wp-content\/uploads\/2020\/02\/Beate-Kuhn-Blick-in-die-Ausstellung-Galerie-Metzger-deutsche-studio-keramik-sculpture-gallery-plastische-arbeit-1500x1000.jpg 1500w, https:\/\/www.galerie-metzger.de\/wp-content\/uploads\/2020\/02\/Beate-Kuhn-Blick-in-die-Ausstellung-Galerie-Metzger-deutsche-studio-keramik-sculpture-gallery-plastische-arbeit-705x470.jpg 705w, https:\/\/www.galerie-metzger.de\/wp-content\/uploads\/2020\/02\/Beate-Kuhn-Blick-in-die-Ausstellung-Galerie-Metzger-deutsche-studio-keramik-sculpture-gallery-plastische-arbeit-400x267.jpg 400w, https:\/\/www.galerie-metzger.de\/wp-content\/uploads\/2020\/02\/Beate-Kuhn-Blick-in-die-Ausstellung-Galerie-Metzger-deutsche-studio-keramik-sculpture-gallery-plastische-arbeit-768x512.jpg 768w, https:\/\/www.galerie-metzger.de\/wp-content\/uploads\/2020\/02\/Beate-Kuhn-Blick-in-die-Ausstellung-Galerie-Metzger-deutsche-studio-keramik-sculpture-gallery-plastische-arbeit-1030x687.jpg 1030w, https:\/\/www.galerie-metzger.de\/wp-content\/uploads\/2020\/02\/Beate-Kuhn-Blick-in-die-Ausstellung-Galerie-Metzger-deutsche-studio-keramik-sculpture-gallery-plastische-arbeit-300x200.jpg 300w, https:\/\/www.galerie-metzger.de\/wp-content\/uploads\/2020\/02\/Beate-Kuhn-Blick-in-die-Ausstellung-Galerie-Metzger-deutsche-studio-keramik-sculpture-gallery-plastische-arbeit-900x600.jpg 900w, https:\/\/www.galerie-metzger.de\/wp-content\/uploads\/2020\/02\/Beate-Kuhn-Blick-in-die-Ausstellung-Galerie-Metzger-deutsche-studio-keramik-sculpture-gallery-plastische-arbeit-450x300.jpg 450w\" data-sizes=\"(max-width: 1030px) 100vw, 1030px\" class='avia_image' ><div class=\"av-image-caption-overlay\"><div class=\"av-caption-image-overlay-bg\"><\/div><div class=\"av-image-caption-overlay-position\"><div class=\"av-image-caption-overlay-center\"><p>Beate Kuhn \u2013 Blick in die Ausstellung \u2013\u00a0, Foto: Edi Baumann<\/p>\n<\/div><\/div><\/div><img decoding=\"async\" class='wp-image-8087 avia-img-lazy-loading-not-8087 avia_image ' src=\"https:\/\/www.galerie-metzger.de\/wp-content\/uploads\/2020\/02\/Beate-Kuhn-Blick-in-die-Ausstellung-Galerie-Metzger-deutsche-studio-keramik-sculpture-gallery-plastische-arbeit-690x460.jpg\" alt='Beate Kuhn-view into the exhibiton' title='Beate Kuhn-view into the exhibiton'  height=\"460\" width=\"690\" srcset=\"https:\/\/www.galerie-metzger.de\/wp-content\/uploads\/2020\/02\/Beate-Kuhn-Blick-in-die-Ausstellung-Galerie-Metzger-deutsche-studio-keramik-sculpture-gallery-plastische-arbeit-690x460.jpg 690w, https:\/\/www.galerie-metzger.de\/wp-content\/uploads\/2020\/02\/Beate-Kuhn-Blick-in-die-Ausstellung-Galerie-Metzger-deutsche-studio-keramik-sculpture-gallery-plastische-arbeit-1090x727.jpg 1090w, https:\/\/www.galerie-metzger.de\/wp-content\/uploads\/2020\/02\/Beate-Kuhn-Blick-in-die-Ausstellung-Galerie-Metzger-deutsche-studio-keramik-sculpture-gallery-plastische-arbeit-1536x1024.jpg 1536w, https:\/\/www.galerie-metzger.de\/wp-content\/uploads\/2020\/02\/Beate-Kuhn-Blick-in-die-Ausstellung-Galerie-Metzger-deutsche-studio-keramik-sculpture-gallery-plastische-arbeit-2048x1365.jpg 2048w, https:\/\/www.galerie-metzger.de\/wp-content\/uploads\/2020\/02\/Beate-Kuhn-Blick-in-die-Ausstellung-Galerie-Metzger-deutsche-studio-keramik-sculpture-gallery-plastische-arbeit-1500x1000.jpg 1500w, https:\/\/www.galerie-metzger.de\/wp-content\/uploads\/2020\/02\/Beate-Kuhn-Blick-in-die-Ausstellung-Galerie-Metzger-deutsche-studio-keramik-sculpture-gallery-plastische-arbeit-705x470.jpg 705w, https:\/\/www.galerie-metzger.de\/wp-content\/uploads\/2020\/02\/Beate-Kuhn-Blick-in-die-Ausstellung-Galerie-Metzger-deutsche-studio-keramik-sculpture-gallery-plastische-arbeit-400x267.jpg 400w, https:\/\/www.galerie-metzger.de\/wp-content\/uploads\/2020\/02\/Beate-Kuhn-Blick-in-die-Ausstellung-Galerie-Metzger-deutsche-studio-keramik-sculpture-gallery-plastische-arbeit-768x512.jpg 768w, https:\/\/www.galerie-metzger.de\/wp-content\/uploads\/2020\/02\/Beate-Kuhn-Blick-in-die-Ausstellung-Galerie-Metzger-deutsche-studio-keramik-sculpture-gallery-plastische-arbeit-1030x687.jpg 1030w, https:\/\/www.galerie-metzger.de\/wp-content\/uploads\/2020\/02\/Beate-Kuhn-Blick-in-die-Ausstellung-Galerie-Metzger-deutsche-studio-keramik-sculpture-gallery-plastische-arbeit-300x200.jpg 300w, https:\/\/www.galerie-metzger.de\/wp-content\/uploads\/2020\/02\/Beate-Kuhn-Blick-in-die-Ausstellung-Galerie-Metzger-deutsche-studio-keramik-sculpture-gallery-plastische-arbeit-900x600.jpg 900w, https:\/\/www.galerie-metzger.de\/wp-content\/uploads\/2020\/02\/Beate-Kuhn-Blick-in-die-Ausstellung-Galerie-Metzger-deutsche-studio-keramik-sculpture-gallery-plastische-arbeit-450x300.jpg 450w\" sizes=\"(max-width: 690px) 100vw, 690px\" \/><\/a><\/div><\/div><\/div><\/div><div class='av-flex-placeholder'><\/div>\n<style type=\"text\/css\" data-created_by=\"avia_inline_auto\" id=\"style-css-av-22ccvjz-ad468ee973643f648d80b19378020a49\">\n.flex_column.av-22ccvjz-ad468ee973643f648d80b19378020a49{\n-webkit-border-radius:0px 0px 0px 0px;\n-moz-border-radius:0px 0px 0px 0px;\nborder-radius:0px 0px 0px 0px;\n}\n<\/style>\n<div class='flex_column av-22ccvjz-ad468ee973643f648d80b19378020a49 av_one_third  avia-builder-el-31  el_after_av_one_third  el_before_av_one_third  jo_pf_bild_bg flex_column_table_cell av-equal-height-column av-align-top av-animated-generic fade-in av-zero-column-padding column-top-margin'     ><style type=\"text\/css\" data-created_by=\"avia_inline_auto\" id=\"style-css-av-av_image-2b186f8fb1e24bcb1c81f6c4473a760c\">\n.avia-image-container.av-av_image-2b186f8fb1e24bcb1c81f6c4473a760c img.avia_image{\nbox-shadow:none;\n}\n.avia-image-container.av-av_image-2b186f8fb1e24bcb1c81f6c4473a760c .av-caption-image-overlay-bg{\nopacity:0.4;\n}\n<\/style>\n<div  class='avia-image-container av-av_image-2b186f8fb1e24bcb1c81f6c4473a760c av-styling-no-styling avia_animated_image av-animated-when-visible-95 fade-in avia-align-left  avia-builder-el-32  avia-builder-el-no-sibling  jo_pf_bild noHover av-overlay-hover-deactivate'  ><div class=\"avia-image-container-inner\"><div class=\"avia-image-overlay-wrap\"><a href=\"https:\/\/www.galerie-metzger.de\/wp-content\/uploads\/2020\/03\/Beate-Kuhn-view-into-the-exhibition-Galerie-Metzger-ceramic-art-object-deutsche-studio-kerami-1090x727.jpg\" data-srcset=\"https:\/\/www.galerie-metzger.de\/wp-content\/uploads\/2020\/03\/Beate-Kuhn-view-into-the-exhibition-Galerie-Metzger-ceramic-art-object-deutsche-studio-kerami-1090x727.jpg 1090w, https:\/\/www.galerie-metzger.de\/wp-content\/uploads\/2020\/03\/Beate-Kuhn-view-into-the-exhibition-Galerie-Metzger-ceramic-art-object-deutsche-studio-kerami-690x460.jpg 690w, https:\/\/www.galerie-metzger.de\/wp-content\/uploads\/2020\/03\/Beate-Kuhn-view-into-the-exhibition-Galerie-Metzger-ceramic-art-object-deutsche-studio-kerami-1536x1024.jpg 1536w, https:\/\/www.galerie-metzger.de\/wp-content\/uploads\/2020\/03\/Beate-Kuhn-view-into-the-exhibition-Galerie-Metzger-ceramic-art-object-deutsche-studio-kerami-2048x1365.jpg 2048w, https:\/\/www.galerie-metzger.de\/wp-content\/uploads\/2020\/03\/Beate-Kuhn-view-into-the-exhibition-Galerie-Metzger-ceramic-art-object-deutsche-studio-kerami-1500x1000.jpg 1500w, https:\/\/www.galerie-metzger.de\/wp-content\/uploads\/2020\/03\/Beate-Kuhn-view-into-the-exhibition-Galerie-Metzger-ceramic-art-object-deutsche-studio-kerami-705x470.jpg 705w, https:\/\/www.galerie-metzger.de\/wp-content\/uploads\/2020\/03\/Beate-Kuhn-view-into-the-exhibition-Galerie-Metzger-ceramic-art-object-deutsche-studio-kerami-400x267.jpg 400w, https:\/\/www.galerie-metzger.de\/wp-content\/uploads\/2020\/03\/Beate-Kuhn-view-into-the-exhibition-Galerie-Metzger-ceramic-art-object-deutsche-studio-kerami-768x512.jpg 768w, https:\/\/www.galerie-metzger.de\/wp-content\/uploads\/2020\/03\/Beate-Kuhn-view-into-the-exhibition-Galerie-Metzger-ceramic-art-object-deutsche-studio-kerami-1030x687.jpg 1030w, https:\/\/www.galerie-metzger.de\/wp-content\/uploads\/2020\/03\/Beate-Kuhn-view-into-the-exhibition-Galerie-Metzger-ceramic-art-object-deutsche-studio-kerami-300x200.jpg 300w, https:\/\/www.galerie-metzger.de\/wp-content\/uploads\/2020\/03\/Beate-Kuhn-view-into-the-exhibition-Galerie-Metzger-ceramic-art-object-deutsche-studio-kerami-900x600.jpg 900w, https:\/\/www.galerie-metzger.de\/wp-content\/uploads\/2020\/03\/Beate-Kuhn-view-into-the-exhibition-Galerie-Metzger-ceramic-art-object-deutsche-studio-kerami-450x300.jpg 450w\" data-sizes=\"(max-width: 1030px) 100vw, 1030px\" class='avia_image' ><div class=\"av-image-caption-overlay\"><div class=\"av-caption-image-overlay-bg\"><\/div><div class=\"av-image-caption-overlay-position\"><div class=\"av-image-caption-overlay-center\"><p>Beate Kuhn \u2013 Blick in die Ausstellung \u2013\u00a0, Foto: Edi Baumann<\/p>\n<\/div><\/div><\/div><img decoding=\"async\" class='wp-image-8138 avia-img-lazy-loading-not-8138 avia_image ' src=\"https:\/\/www.galerie-metzger.de\/wp-content\/uploads\/2020\/03\/Beate-Kuhn-view-into-the-exhibition-Galerie-Metzger-ceramic-art-object-deutsche-studio-kerami-690x460.jpg\" alt='Beate Kuhn-view into the exhibition' title='Beate Kuhn-view into the exhibition-Galerie Metzger'  height=\"460\" width=\"690\" srcset=\"https:\/\/www.galerie-metzger.de\/wp-content\/uploads\/2020\/03\/Beate-Kuhn-view-into-the-exhibition-Galerie-Metzger-ceramic-art-object-deutsche-studio-kerami-690x460.jpg 690w, https:\/\/www.galerie-metzger.de\/wp-content\/uploads\/2020\/03\/Beate-Kuhn-view-into-the-exhibition-Galerie-Metzger-ceramic-art-object-deutsche-studio-kerami-1090x727.jpg 1090w, https:\/\/www.galerie-metzger.de\/wp-content\/uploads\/2020\/03\/Beate-Kuhn-view-into-the-exhibition-Galerie-Metzger-ceramic-art-object-deutsche-studio-kerami-1536x1024.jpg 1536w, https:\/\/www.galerie-metzger.de\/wp-content\/uploads\/2020\/03\/Beate-Kuhn-view-into-the-exhibition-Galerie-Metzger-ceramic-art-object-deutsche-studio-kerami-2048x1365.jpg 2048w, https:\/\/www.galerie-metzger.de\/wp-content\/uploads\/2020\/03\/Beate-Kuhn-view-into-the-exhibition-Galerie-Metzger-ceramic-art-object-deutsche-studio-kerami-1500x1000.jpg 1500w, https:\/\/www.galerie-metzger.de\/wp-content\/uploads\/2020\/03\/Beate-Kuhn-view-into-the-exhibition-Galerie-Metzger-ceramic-art-object-deutsche-studio-kerami-705x470.jpg 705w, https:\/\/www.galerie-metzger.de\/wp-content\/uploads\/2020\/03\/Beate-Kuhn-view-into-the-exhibition-Galerie-Metzger-ceramic-art-object-deutsche-studio-kerami-400x267.jpg 400w, https:\/\/www.galerie-metzger.de\/wp-content\/uploads\/2020\/03\/Beate-Kuhn-view-into-the-exhibition-Galerie-Metzger-ceramic-art-object-deutsche-studio-kerami-768x512.jpg 768w, https:\/\/www.galerie-metzger.de\/wp-content\/uploads\/2020\/03\/Beate-Kuhn-view-into-the-exhibition-Galerie-Metzger-ceramic-art-object-deutsche-studio-kerami-1030x687.jpg 1030w, https:\/\/www.galerie-metzger.de\/wp-content\/uploads\/2020\/03\/Beate-Kuhn-view-into-the-exhibition-Galerie-Metzger-ceramic-art-object-deutsche-studio-kerami-300x200.jpg 300w, https:\/\/www.galerie-metzger.de\/wp-content\/uploads\/2020\/03\/Beate-Kuhn-view-into-the-exhibition-Galerie-Metzger-ceramic-art-object-deutsche-studio-kerami-900x600.jpg 900w, https:\/\/www.galerie-metzger.de\/wp-content\/uploads\/2020\/03\/Beate-Kuhn-view-into-the-exhibition-Galerie-Metzger-ceramic-art-object-deutsche-studio-kerami-450x300.jpg 450w\" sizes=\"(max-width: 690px) 100vw, 690px\" \/><\/a><\/div><\/div><\/div><\/div><div class='av-flex-placeholder'><\/div>\n<style type=\"text\/css\" data-created_by=\"avia_inline_auto\" id=\"style-css-av-2gsxvhb-ca9679bebbe6e460ec9c9d0c915ad2e5\">\n.flex_column.av-2gsxvhb-ca9679bebbe6e460ec9c9d0c915ad2e5{\n-webkit-border-radius:0px 0px 0px 0px;\n-moz-border-radius:0px 0px 0px 0px;\nborder-radius:0px 0px 0px 0px;\n}\n<\/style>\n<div class='flex_column av-2gsxvhb-ca9679bebbe6e460ec9c9d0c915ad2e5 av_one_third  avia-builder-el-33  el_after_av_one_third  el_before_av_one_full  jo_col_empty flex_column_table_cell av-equal-height-column av-align-top av-animated-generic fade-in av-zero-column-padding column-top-margin'     ><section  class='av_textblock_section av-2ebrkhr-7982fab1bb27e611fade3e31fb8d8b3f' ><div class='avia_textblock' ><p>invisible placeholder<\/p>\n<\/div><\/section><\/div><\/div><!--close column table wrapper. Autoclose: 1 --><div class='flex_column_table av-2gsxvhb-1118cc7ed190ef12b94344766d75b468 sc-av_one_full av-equal-height-column-flextable'>\n<style type=\"text\/css\" data-created_by=\"avia_inline_auto\" id=\"style-css-av-2gsxvhb-1118cc7ed190ef12b94344766d75b468\">\n.flex_column.av-2gsxvhb-1118cc7ed190ef12b94344766d75b468{\n-webkit-border-radius:0px 0px 0px 0px;\n-moz-border-radius:0px 0px 0px 0px;\nborder-radius:0px 0px 0px 0px;\n}\n<\/style>\n<div class='flex_column av-2gsxvhb-1118cc7ed190ef12b94344766d75b468 av_one_full  avia-builder-el-35  el_after_av_one_third  el_before_av_one_third  jo_col_empty first flex_column_table_cell av-equal-height-column av-align-top av-animated-generic fade-in av-zero-column-padding column-top-margin'     ><section  class='av_textblock_section av-2ebrkhr-7982fab1bb27e611fade3e31fb8d8b3f' ><div class='avia_textblock' ><p>invisible placeholder<\/p>\n<\/div><\/section><\/div><\/div><!--close column table wrapper. Autoclose: 1 --><div class='flex_column_table av-22ccvjz-c20c10c7f195c3bda27bd103a17649b8 sc-av_one_third av-equal-height-column-flextable'>\n<style type=\"text\/css\" data-created_by=\"avia_inline_auto\" id=\"style-css-av-22ccvjz-c20c10c7f195c3bda27bd103a17649b8\">\n.flex_column.av-22ccvjz-c20c10c7f195c3bda27bd103a17649b8{\n-webkit-border-radius:0px 0px 0px 0px;\n-moz-border-radius:0px 0px 0px 0px;\nborder-radius:0px 0px 0px 0px;\n}\n<\/style>\n<div class='flex_column av-22ccvjz-c20c10c7f195c3bda27bd103a17649b8 av_one_third  avia-builder-el-37  el_after_av_one_full  el_before_av_one_third  jo_pf_bild_bg first flex_column_table_cell av-equal-height-column av-align-top av-animated-generic fade-in av-zero-column-padding column-top-margin'     ><style type=\"text\/css\" data-created_by=\"avia_inline_auto\" id=\"style-css-av-av_image-b6459c96294ce9f5180ce8ed6e4f9c8f\">\n.avia-image-container.av-av_image-b6459c96294ce9f5180ce8ed6e4f9c8f img.avia_image{\nbox-shadow:none;\n}\n.avia-image-container.av-av_image-b6459c96294ce9f5180ce8ed6e4f9c8f .av-caption-image-overlay-bg{\nopacity:0.4;\n}\n<\/style>\n<div  class='avia-image-container av-av_image-b6459c96294ce9f5180ce8ed6e4f9c8f av-styling-no-styling avia_animated_image av-animated-when-visible-95 fade-in avia-align-left  avia-builder-el-38  avia-builder-el-no-sibling  jo_pf_bild noHover av-overlay-hover-deactivate'  ><div class=\"avia-image-container-inner\"><div class=\"avia-image-overlay-wrap\"><a href=\"https:\/\/www.galerie-metzger.de\/wp-content\/uploads\/2020\/03\/Beate-Kuhn-view-into-the-exhibition-Galerie-Metzger-deutsche-studio-keramik-angewandte-kunst-1090x727.jpg\" data-srcset=\"https:\/\/www.galerie-metzger.de\/wp-content\/uploads\/2020\/03\/Beate-Kuhn-view-into-the-exhibition-Galerie-Metzger-deutsche-studio-keramik-angewandte-kunst-1090x727.jpg 1090w, https:\/\/www.galerie-metzger.de\/wp-content\/uploads\/2020\/03\/Beate-Kuhn-view-into-the-exhibition-Galerie-Metzger-deutsche-studio-keramik-angewandte-kunst-690x460.jpg 690w, https:\/\/www.galerie-metzger.de\/wp-content\/uploads\/2020\/03\/Beate-Kuhn-view-into-the-exhibition-Galerie-Metzger-deutsche-studio-keramik-angewandte-kunst-1536x1024.jpg 1536w, https:\/\/www.galerie-metzger.de\/wp-content\/uploads\/2020\/03\/Beate-Kuhn-view-into-the-exhibition-Galerie-Metzger-deutsche-studio-keramik-angewandte-kunst-2048x1365.jpg 2048w, https:\/\/www.galerie-metzger.de\/wp-content\/uploads\/2020\/03\/Beate-Kuhn-view-into-the-exhibition-Galerie-Metzger-deutsche-studio-keramik-angewandte-kunst-1500x1000.jpg 1500w, https:\/\/www.galerie-metzger.de\/wp-content\/uploads\/2020\/03\/Beate-Kuhn-view-into-the-exhibition-Galerie-Metzger-deutsche-studio-keramik-angewandte-kunst-705x470.jpg 705w, https:\/\/www.galerie-metzger.de\/wp-content\/uploads\/2020\/03\/Beate-Kuhn-view-into-the-exhibition-Galerie-Metzger-deutsche-studio-keramik-angewandte-kunst-400x267.jpg 400w, https:\/\/www.galerie-metzger.de\/wp-content\/uploads\/2020\/03\/Beate-Kuhn-view-into-the-exhibition-Galerie-Metzger-deutsche-studio-keramik-angewandte-kunst-768x512.jpg 768w, https:\/\/www.galerie-metzger.de\/wp-content\/uploads\/2020\/03\/Beate-Kuhn-view-into-the-exhibition-Galerie-Metzger-deutsche-studio-keramik-angewandte-kunst-1030x687.jpg 1030w, https:\/\/www.galerie-metzger.de\/wp-content\/uploads\/2020\/03\/Beate-Kuhn-view-into-the-exhibition-Galerie-Metzger-deutsche-studio-keramik-angewandte-kunst-300x200.jpg 300w, https:\/\/www.galerie-metzger.de\/wp-content\/uploads\/2020\/03\/Beate-Kuhn-view-into-the-exhibition-Galerie-Metzger-deutsche-studio-keramik-angewandte-kunst-900x600.jpg 900w, https:\/\/www.galerie-metzger.de\/wp-content\/uploads\/2020\/03\/Beate-Kuhn-view-into-the-exhibition-Galerie-Metzger-deutsche-studio-keramik-angewandte-kunst-450x300.jpg 450w\" data-sizes=\"(max-width: 1030px) 100vw, 1030px\" class='avia_image' ><div class=\"av-image-caption-overlay\"><div class=\"av-caption-image-overlay-bg\"><\/div><div class=\"av-image-caption-overlay-position\"><div class=\"av-image-caption-overlay-center\"><p>Beate Kuhn \u2013 Blick in die Ausstellung \u2013\u00a0, Foto: Edi Baumann<\/p>\n<\/div><\/div><\/div><img decoding=\"async\" class='wp-image-8134 avia-img-lazy-loading-not-8134 avia_image ' src=\"https:\/\/www.galerie-metzger.de\/wp-content\/uploads\/2020\/03\/Beate-Kuhn-view-into-the-exhibition-Galerie-Metzger-deutsche-studio-keramik-angewandte-kunst-690x460.jpg\" alt='Beate Kuhn-view into the exhibition' title='Beate Kuhn-view into the exhibition-Galerie Metzger'  height=\"460\" width=\"690\" srcset=\"https:\/\/www.galerie-metzger.de\/wp-content\/uploads\/2020\/03\/Beate-Kuhn-view-into-the-exhibition-Galerie-Metzger-deutsche-studio-keramik-angewandte-kunst-690x460.jpg 690w, https:\/\/www.galerie-metzger.de\/wp-content\/uploads\/2020\/03\/Beate-Kuhn-view-into-the-exhibition-Galerie-Metzger-deutsche-studio-keramik-angewandte-kunst-1090x727.jpg 1090w, https:\/\/www.galerie-metzger.de\/wp-content\/uploads\/2020\/03\/Beate-Kuhn-view-into-the-exhibition-Galerie-Metzger-deutsche-studio-keramik-angewandte-kunst-1536x1024.jpg 1536w, https:\/\/www.galerie-metzger.de\/wp-content\/uploads\/2020\/03\/Beate-Kuhn-view-into-the-exhibition-Galerie-Metzger-deutsche-studio-keramik-angewandte-kunst-2048x1365.jpg 2048w, https:\/\/www.galerie-metzger.de\/wp-content\/uploads\/2020\/03\/Beate-Kuhn-view-into-the-exhibition-Galerie-Metzger-deutsche-studio-keramik-angewandte-kunst-1500x1000.jpg 1500w, https:\/\/www.galerie-metzger.de\/wp-content\/uploads\/2020\/03\/Beate-Kuhn-view-into-the-exhibition-Galerie-Metzger-deutsche-studio-keramik-angewandte-kunst-705x470.jpg 705w, https:\/\/www.galerie-metzger.de\/wp-content\/uploads\/2020\/03\/Beate-Kuhn-view-into-the-exhibition-Galerie-Metzger-deutsche-studio-keramik-angewandte-kunst-400x267.jpg 400w, https:\/\/www.galerie-metzger.de\/wp-content\/uploads\/2020\/03\/Beate-Kuhn-view-into-the-exhibition-Galerie-Metzger-deutsche-studio-keramik-angewandte-kunst-768x512.jpg 768w, https:\/\/www.galerie-metzger.de\/wp-content\/uploads\/2020\/03\/Beate-Kuhn-view-into-the-exhibition-Galerie-Metzger-deutsche-studio-keramik-angewandte-kunst-1030x687.jpg 1030w, https:\/\/www.galerie-metzger.de\/wp-content\/uploads\/2020\/03\/Beate-Kuhn-view-into-the-exhibition-Galerie-Metzger-deutsche-studio-keramik-angewandte-kunst-300x200.jpg 300w, https:\/\/www.galerie-metzger.de\/wp-content\/uploads\/2020\/03\/Beate-Kuhn-view-into-the-exhibition-Galerie-Metzger-deutsche-studio-keramik-angewandte-kunst-900x600.jpg 900w, https:\/\/www.galerie-metzger.de\/wp-content\/uploads\/2020\/03\/Beate-Kuhn-view-into-the-exhibition-Galerie-Metzger-deutsche-studio-keramik-angewandte-kunst-450x300.jpg 450w\" sizes=\"(max-width: 690px) 100vw, 690px\" \/><\/a><\/div><\/div><\/div><\/div><div class='av-flex-placeholder'><\/div>\n<style type=\"text\/css\" data-created_by=\"avia_inline_auto\" id=\"style-css-av-22ccvjz-ad468ee973643f648d80b19378020a49\">\n.flex_column.av-22ccvjz-ad468ee973643f648d80b19378020a49{\n-webkit-border-radius:0px 0px 0px 0px;\n-moz-border-radius:0px 0px 0px 0px;\nborder-radius:0px 0px 0px 0px;\n}\n<\/style>\n<div class='flex_column av-22ccvjz-ad468ee973643f648d80b19378020a49 av_one_third  avia-builder-el-39  el_after_av_one_third  el_before_av_one_third  jo_pf_bild_bg flex_column_table_cell av-equal-height-column av-align-top av-animated-generic fade-in av-zero-column-padding column-top-margin'     ><style type=\"text\/css\" data-created_by=\"avia_inline_auto\" id=\"style-css-av-av_image-9239dbc6f6454d1c9ce508e2c6e6aba3\">\n.avia-image-container.av-av_image-9239dbc6f6454d1c9ce508e2c6e6aba3 img.avia_image{\nbox-shadow:none;\n}\n.avia-image-container.av-av_image-9239dbc6f6454d1c9ce508e2c6e6aba3 .av-caption-image-overlay-bg{\nopacity:0.4;\n}\n<\/style>\n<div  class='avia-image-container av-av_image-9239dbc6f6454d1c9ce508e2c6e6aba3 av-styling-no-styling avia_animated_image av-animated-when-visible-95 fade-in avia-align-left  avia-builder-el-40  avia-builder-el-no-sibling  jo_pf_bild noHover av-overlay-hover-deactivate'  ><div class=\"avia-image-container-inner\"><div class=\"avia-image-overlay-wrap\"><a href=\"https:\/\/www.galerie-metzger.de\/wp-content\/uploads\/2020\/03\/Beate-Kuhn-view-into-the-exhibition-Galerie-Metzger-ceramic-art-object-deutsche-studio-keramik-sculpturet-1090x727.jpg\" data-srcset=\"https:\/\/www.galerie-metzger.de\/wp-content\/uploads\/2020\/03\/Beate-Kuhn-view-into-the-exhibition-Galerie-Metzger-ceramic-art-object-deutsche-studio-keramik-sculpturet-1090x727.jpg 1090w, https:\/\/www.galerie-metzger.de\/wp-content\/uploads\/2020\/03\/Beate-Kuhn-view-into-the-exhibition-Galerie-Metzger-ceramic-art-object-deutsche-studio-keramik-sculpturet-690x460.jpg 690w, https:\/\/www.galerie-metzger.de\/wp-content\/uploads\/2020\/03\/Beate-Kuhn-view-into-the-exhibition-Galerie-Metzger-ceramic-art-object-deutsche-studio-keramik-sculpturet-1536x1024.jpg 1536w, https:\/\/www.galerie-metzger.de\/wp-content\/uploads\/2020\/03\/Beate-Kuhn-view-into-the-exhibition-Galerie-Metzger-ceramic-art-object-deutsche-studio-keramik-sculpturet-2048x1365.jpg 2048w, https:\/\/www.galerie-metzger.de\/wp-content\/uploads\/2020\/03\/Beate-Kuhn-view-into-the-exhibition-Galerie-Metzger-ceramic-art-object-deutsche-studio-keramik-sculpturet-1500x1000.jpg 1500w, https:\/\/www.galerie-metzger.de\/wp-content\/uploads\/2020\/03\/Beate-Kuhn-view-into-the-exhibition-Galerie-Metzger-ceramic-art-object-deutsche-studio-keramik-sculpturet-705x470.jpg 705w, https:\/\/www.galerie-metzger.de\/wp-content\/uploads\/2020\/03\/Beate-Kuhn-view-into-the-exhibition-Galerie-Metzger-ceramic-art-object-deutsche-studio-keramik-sculpturet-400x267.jpg 400w, https:\/\/www.galerie-metzger.de\/wp-content\/uploads\/2020\/03\/Beate-Kuhn-view-into-the-exhibition-Galerie-Metzger-ceramic-art-object-deutsche-studio-keramik-sculpturet-768x512.jpg 768w, https:\/\/www.galerie-metzger.de\/wp-content\/uploads\/2020\/03\/Beate-Kuhn-view-into-the-exhibition-Galerie-Metzger-ceramic-art-object-deutsche-studio-keramik-sculpturet-1030x687.jpg 1030w, https:\/\/www.galerie-metzger.de\/wp-content\/uploads\/2020\/03\/Beate-Kuhn-view-into-the-exhibition-Galerie-Metzger-ceramic-art-object-deutsche-studio-keramik-sculpturet-300x200.jpg 300w, https:\/\/www.galerie-metzger.de\/wp-content\/uploads\/2020\/03\/Beate-Kuhn-view-into-the-exhibition-Galerie-Metzger-ceramic-art-object-deutsche-studio-keramik-sculpturet-900x600.jpg 900w, https:\/\/www.galerie-metzger.de\/wp-content\/uploads\/2020\/03\/Beate-Kuhn-view-into-the-exhibition-Galerie-Metzger-ceramic-art-object-deutsche-studio-keramik-sculpturet-450x300.jpg 450w\" data-sizes=\"(max-width: 1030px) 100vw, 1030px\" class='avia_image' ><div class=\"av-image-caption-overlay\"><div class=\"av-caption-image-overlay-bg\"><\/div><div class=\"av-image-caption-overlay-position\"><div class=\"av-image-caption-overlay-center\"><p>Beate Kuhn \u2013 Blick in die Ausstellung \u2013\u00a0, Foto: Edi Baumann<\/p>\n<\/div><\/div><\/div><img decoding=\"async\" class='wp-image-8136 avia-img-lazy-loading-not-8136 avia_image ' src=\"https:\/\/www.galerie-metzger.de\/wp-content\/uploads\/2020\/03\/Beate-Kuhn-view-into-the-exhibition-Galerie-Metzger-ceramic-art-object-deutsche-studio-keramik-sculpturet-690x460.jpg\" alt='Beate Kuhn-view into the exhibition' title='Beate Kuhn-view into the exhibition-Galerie Metzger'  height=\"460\" width=\"690\" srcset=\"https:\/\/www.galerie-metzger.de\/wp-content\/uploads\/2020\/03\/Beate-Kuhn-view-into-the-exhibition-Galerie-Metzger-ceramic-art-object-deutsche-studio-keramik-sculpturet-690x460.jpg 690w, https:\/\/www.galerie-metzger.de\/wp-content\/uploads\/2020\/03\/Beate-Kuhn-view-into-the-exhibition-Galerie-Metzger-ceramic-art-object-deutsche-studio-keramik-sculpturet-1090x727.jpg 1090w, https:\/\/www.galerie-metzger.de\/wp-content\/uploads\/2020\/03\/Beate-Kuhn-view-into-the-exhibition-Galerie-Metzger-ceramic-art-object-deutsche-studio-keramik-sculpturet-1536x1024.jpg 1536w, https:\/\/www.galerie-metzger.de\/wp-content\/uploads\/2020\/03\/Beate-Kuhn-view-into-the-exhibition-Galerie-Metzger-ceramic-art-object-deutsche-studio-keramik-sculpturet-2048x1365.jpg 2048w, https:\/\/www.galerie-metzger.de\/wp-content\/uploads\/2020\/03\/Beate-Kuhn-view-into-the-exhibition-Galerie-Metzger-ceramic-art-object-deutsche-studio-keramik-sculpturet-1500x1000.jpg 1500w, https:\/\/www.galerie-metzger.de\/wp-content\/uploads\/2020\/03\/Beate-Kuhn-view-into-the-exhibition-Galerie-Metzger-ceramic-art-object-deutsche-studio-keramik-sculpturet-705x470.jpg 705w, https:\/\/www.galerie-metzger.de\/wp-content\/uploads\/2020\/03\/Beate-Kuhn-view-into-the-exhibition-Galerie-Metzger-ceramic-art-object-deutsche-studio-keramik-sculpturet-400x267.jpg 400w, https:\/\/www.galerie-metzger.de\/wp-content\/uploads\/2020\/03\/Beate-Kuhn-view-into-the-exhibition-Galerie-Metzger-ceramic-art-object-deutsche-studio-keramik-sculpturet-768x512.jpg 768w, https:\/\/www.galerie-metzger.de\/wp-content\/uploads\/2020\/03\/Beate-Kuhn-view-into-the-exhibition-Galerie-Metzger-ceramic-art-object-deutsche-studio-keramik-sculpturet-1030x687.jpg 1030w, https:\/\/www.galerie-metzger.de\/wp-content\/uploads\/2020\/03\/Beate-Kuhn-view-into-the-exhibition-Galerie-Metzger-ceramic-art-object-deutsche-studio-keramik-sculpturet-300x200.jpg 300w, https:\/\/www.galerie-metzger.de\/wp-content\/uploads\/2020\/03\/Beate-Kuhn-view-into-the-exhibition-Galerie-Metzger-ceramic-art-object-deutsche-studio-keramik-sculpturet-900x600.jpg 900w, https:\/\/www.galerie-metzger.de\/wp-content\/uploads\/2020\/03\/Beate-Kuhn-view-into-the-exhibition-Galerie-Metzger-ceramic-art-object-deutsche-studio-keramik-sculpturet-450x300.jpg 450w\" sizes=\"(max-width: 690px) 100vw, 690px\" \/><\/a><\/div><\/div><\/div><\/div><div class='av-flex-placeholder'><\/div>\n<style type=\"text\/css\" data-created_by=\"avia_inline_auto\" id=\"style-css-av-2gsxvhb-ca9679bebbe6e460ec9c9d0c915ad2e5\">\n.flex_column.av-2gsxvhb-ca9679bebbe6e460ec9c9d0c915ad2e5{\n-webkit-border-radius:0px 0px 0px 0px;\n-moz-border-radius:0px 0px 0px 0px;\nborder-radius:0px 0px 0px 0px;\n}\n<\/style>\n<div class='flex_column av-2gsxvhb-ca9679bebbe6e460ec9c9d0c915ad2e5 av_one_third  avia-builder-el-41  el_after_av_one_third  el_before_av_one_full  jo_col_empty flex_column_table_cell av-equal-height-column av-align-top av-animated-generic fade-in av-zero-column-padding column-top-margin'     ><section  class='av_textblock_section av-2ebrkhr-7982fab1bb27e611fade3e31fb8d8b3f' ><div class='avia_textblock' ><p>invisible placeholder<\/p>\n<\/div><\/section><\/div><\/div><!--close column table wrapper. Autoclose: 1 --><div class='flex_column_table av-2gsxvhb-1118cc7ed190ef12b94344766d75b468 sc-av_one_full av-equal-height-column-flextable'>\n<style type=\"text\/css\" data-created_by=\"avia_inline_auto\" id=\"style-css-av-2gsxvhb-1118cc7ed190ef12b94344766d75b468\">\n.flex_column.av-2gsxvhb-1118cc7ed190ef12b94344766d75b468{\n-webkit-border-radius:0px 0px 0px 0px;\n-moz-border-radius:0px 0px 0px 0px;\nborder-radius:0px 0px 0px 0px;\n}\n<\/style>\n<div class='flex_column av-2gsxvhb-1118cc7ed190ef12b94344766d75b468 av_one_full  avia-builder-el-43  el_after_av_one_third  el_before_av_one_third  jo_col_empty first flex_column_table_cell av-equal-height-column av-align-top av-animated-generic fade-in av-zero-column-padding column-top-margin'     ><section  class='av_textblock_section av-2ebrkhr-7982fab1bb27e611fade3e31fb8d8b3f' ><div class='avia_textblock' ><p>invisible placeholder<\/p>\n<\/div><\/section><\/div><\/div><!--close column table wrapper. Autoclose: 1 --><div class='flex_column_table av-2gsxvhb-1118cc7ed190ef12b94344766d75b468 sc-av_one_third av-equal-height-column-flextable'>\n<style type=\"text\/css\" data-created_by=\"avia_inline_auto\" id=\"style-css-av-2gsxvhb-1118cc7ed190ef12b94344766d75b468\">\n.flex_column.av-2gsxvhb-1118cc7ed190ef12b94344766d75b468{\n-webkit-border-radius:0px 0px 0px 0px;\n-moz-border-radius:0px 0px 0px 0px;\nborder-radius:0px 0px 0px 0px;\n}\n<\/style>\n<div class='flex_column av-2gsxvhb-1118cc7ed190ef12b94344766d75b468 av_one_third  avia-builder-el-45  el_after_av_one_full  el_before_av_one_third  jo_col_empty first flex_column_table_cell av-equal-height-column av-align-top av-animated-generic fade-in av-zero-column-padding column-top-margin'     ><section  class='av_textblock_section av-2ebrkhr-7982fab1bb27e611fade3e31fb8d8b3f' ><div class='avia_textblock' ><p>invisible placeholder<\/p>\n<\/div><\/section><\/div><div class='av-flex-placeholder'><\/div>\n<style type=\"text\/css\" data-created_by=\"avia_inline_auto\" id=\"style-css-av-22ccvjz-ad468ee973643f648d80b19378020a49\">\n.flex_column.av-22ccvjz-ad468ee973643f648d80b19378020a49{\n-webkit-border-radius:0px 0px 0px 0px;\n-moz-border-radius:0px 0px 0px 0px;\nborder-radius:0px 0px 0px 0px;\n}\n<\/style>\n<div class='flex_column av-22ccvjz-ad468ee973643f648d80b19378020a49 av_one_third  avia-builder-el-47  el_after_av_one_third  el_before_av_one_third  jo_pf_bild_bg flex_column_table_cell av-equal-height-column av-align-top av-animated-generic fade-in av-zero-column-padding column-top-margin'     ><p>\n<style type=\"text\/css\" data-created_by=\"avia_inline_auto\" id=\"style-css-av-av_image-1208af24f62dc50a6f09e5311b4064a4\">\n.avia-image-container.av-av_image-1208af24f62dc50a6f09e5311b4064a4 img.avia_image{\nbox-shadow:none;\n}\n.avia-image-container.av-av_image-1208af24f62dc50a6f09e5311b4064a4 .av-caption-image-overlay-bg{\nopacity:0.4;\n}\n<\/style>\n<div  class='avia-image-container av-av_image-1208af24f62dc50a6f09e5311b4064a4 av-styling-no-styling avia_animated_image av-animated-when-visible-95 fade-in avia-align-left  avia-builder-el-48  el_before_av_textblock  avia-builder-el-first  jo_pf_bild noHover av-overlay-hover-deactivate'  ><div class=\"avia-image-container-inner\"><div class=\"avia-image-overlay-wrap\"><a href=\"https:\/\/www.galerie-metzger.de\/wp-content\/uploads\/2019\/12\/Beate-Kuh-Bl\u00fctenform-galerie-metzger-ceramic-art-object-angewandte-Kunst-gallery-skulptur-1090x727.jpg\" data-srcset=\"https:\/\/www.galerie-metzger.de\/wp-content\/uploads\/2019\/12\/Beate-Kuh-Bl\u00fctenform-galerie-metzger-ceramic-art-object-angewandte-Kunst-gallery-skulptur-1090x727.jpg 1090w, https:\/\/www.galerie-metzger.de\/wp-content\/uploads\/2019\/12\/Beate-Kuh-Bl\u00fctenform-galerie-metzger-ceramic-art-object-angewandte-Kunst-gallery-skulptur-690x460.jpg 690w, https:\/\/www.galerie-metzger.de\/wp-content\/uploads\/2019\/12\/Beate-Kuh-Bl\u00fctenform-galerie-metzger-ceramic-art-object-angewandte-Kunst-gallery-skulptur-1536x1024.jpg 1536w, https:\/\/www.galerie-metzger.de\/wp-content\/uploads\/2019\/12\/Beate-Kuh-Bl\u00fctenform-galerie-metzger-ceramic-art-object-angewandte-Kunst-gallery-skulptur-2048x1365.jpg 2048w, https:\/\/www.galerie-metzger.de\/wp-content\/uploads\/2019\/12\/Beate-Kuh-Bl\u00fctenform-galerie-metzger-ceramic-art-object-angewandte-Kunst-gallery-skulptur-1500x1000.jpg 1500w, https:\/\/www.galerie-metzger.de\/wp-content\/uploads\/2019\/12\/Beate-Kuh-Bl\u00fctenform-galerie-metzger-ceramic-art-object-angewandte-Kunst-gallery-skulptur-705x470.jpg 705w, https:\/\/www.galerie-metzger.de\/wp-content\/uploads\/2019\/12\/Beate-Kuh-Bl\u00fctenform-galerie-metzger-ceramic-art-object-angewandte-Kunst-gallery-skulptur-400x267.jpg 400w, https:\/\/www.galerie-metzger.de\/wp-content\/uploads\/2019\/12\/Beate-Kuh-Bl\u00fctenform-galerie-metzger-ceramic-art-object-angewandte-Kunst-gallery-skulptur-768x512.jpg 768w, https:\/\/www.galerie-metzger.de\/wp-content\/uploads\/2019\/12\/Beate-Kuh-Bl\u00fctenform-galerie-metzger-ceramic-art-object-angewandte-Kunst-gallery-skulptur-1030x687.jpg 1030w, https:\/\/www.galerie-metzger.de\/wp-content\/uploads\/2019\/12\/Beate-Kuh-Bl\u00fctenform-galerie-metzger-ceramic-art-object-angewandte-Kunst-gallery-skulptur-300x200.jpg 300w, https:\/\/www.galerie-metzger.de\/wp-content\/uploads\/2019\/12\/Beate-Kuh-Bl\u00fctenform-galerie-metzger-ceramic-art-object-angewandte-Kunst-gallery-skulptur-900x600.jpg 900w, https:\/\/www.galerie-metzger.de\/wp-content\/uploads\/2019\/12\/Beate-Kuh-Bl\u00fctenform-galerie-metzger-ceramic-art-object-angewandte-Kunst-gallery-skulptur-450x300.jpg 450w\" data-sizes=\"(max-width: 1030px) 100vw, 1030px\" class='avia_image' ><div class=\"av-image-caption-overlay\"><div class=\"av-caption-image-overlay-bg\"><\/div><div class=\"av-image-caption-overlay-position\"><div class=\"av-image-caption-overlay-center\"><p>Beate Kuhn \u2013 Bl\u00fctenform \u2013\u00a01992, 16,5x31x6,5 cm, Foto: Gerd Bayer<\/p>\n<\/div><\/div><\/div><img decoding=\"async\" class='wp-image-7827 avia-img-lazy-loading-not-7827 avia_image ' src=\"https:\/\/www.galerie-metzger.de\/wp-content\/uploads\/2019\/12\/Beate-Kuh-Bl\u00fctenform-galerie-metzger-ceramic-art-object-angewandte-Kunst-gallery-skulptur-690x460.jpg\" alt='Beate Kuhn-Bl\u00fctenform' title='Beate Kuhn-Bl\u00fctenform'  height=\"460\" width=\"690\" srcset=\"https:\/\/www.galerie-metzger.de\/wp-content\/uploads\/2019\/12\/Beate-Kuh-Bl\u00fctenform-galerie-metzger-ceramic-art-object-angewandte-Kunst-gallery-skulptur-690x460.jpg 690w, https:\/\/www.galerie-metzger.de\/wp-content\/uploads\/2019\/12\/Beate-Kuh-Bl\u00fctenform-galerie-metzger-ceramic-art-object-angewandte-Kunst-gallery-skulptur-1090x727.jpg 1090w, https:\/\/www.galerie-metzger.de\/wp-content\/uploads\/2019\/12\/Beate-Kuh-Bl\u00fctenform-galerie-metzger-ceramic-art-object-angewandte-Kunst-gallery-skulptur-1536x1024.jpg 1536w, https:\/\/www.galerie-metzger.de\/wp-content\/uploads\/2019\/12\/Beate-Kuh-Bl\u00fctenform-galerie-metzger-ceramic-art-object-angewandte-Kunst-gallery-skulptur-2048x1365.jpg 2048w, https:\/\/www.galerie-metzger.de\/wp-content\/uploads\/2019\/12\/Beate-Kuh-Bl\u00fctenform-galerie-metzger-ceramic-art-object-angewandte-Kunst-gallery-skulptur-1500x1000.jpg 1500w, https:\/\/www.galerie-metzger.de\/wp-content\/uploads\/2019\/12\/Beate-Kuh-Bl\u00fctenform-galerie-metzger-ceramic-art-object-angewandte-Kunst-gallery-skulptur-705x470.jpg 705w, https:\/\/www.galerie-metzger.de\/wp-content\/uploads\/2019\/12\/Beate-Kuh-Bl\u00fctenform-galerie-metzger-ceramic-art-object-angewandte-Kunst-gallery-skulptur-400x267.jpg 400w, https:\/\/www.galerie-metzger.de\/wp-content\/uploads\/2019\/12\/Beate-Kuh-Bl\u00fctenform-galerie-metzger-ceramic-art-object-angewandte-Kunst-gallery-skulptur-768x512.jpg 768w, https:\/\/www.galerie-metzger.de\/wp-content\/uploads\/2019\/12\/Beate-Kuh-Bl\u00fctenform-galerie-metzger-ceramic-art-object-angewandte-Kunst-gallery-skulptur-1030x687.jpg 1030w, https:\/\/www.galerie-metzger.de\/wp-content\/uploads\/2019\/12\/Beate-Kuh-Bl\u00fctenform-galerie-metzger-ceramic-art-object-angewandte-Kunst-gallery-skulptur-300x200.jpg 300w, https:\/\/www.galerie-metzger.de\/wp-content\/uploads\/2019\/12\/Beate-Kuh-Bl\u00fctenform-galerie-metzger-ceramic-art-object-angewandte-Kunst-gallery-skulptur-900x600.jpg 900w, https:\/\/www.galerie-metzger.de\/wp-content\/uploads\/2019\/12\/Beate-Kuh-Bl\u00fctenform-galerie-metzger-ceramic-art-object-angewandte-Kunst-gallery-skulptur-450x300.jpg 450w\" sizes=\"(max-width: 690px) 100vw, 690px\" \/><\/a><\/div><\/div><\/div><br \/>\n<section  class='av_textblock_section av-av_textblock-2df6986536148a6092118248b21c996c' ><div class='avia_textblock jo_werk_anfrage' ><p><a class=\"anfrage\" href=\"mailto:info@galerie-metzger.de?subject=Beate%20Kuhn%20Bl\u00fctenform%201992\">Anfrage zum Werk<\/a><\/p>\n<\/div><\/section><\/p><\/div><div class='av-flex-placeholder'><\/div>\n<style type=\"text\/css\" data-created_by=\"avia_inline_auto\" id=\"style-css-av-22ccvjz-ad468ee973643f648d80b19378020a49\">\n.flex_column.av-22ccvjz-ad468ee973643f648d80b19378020a49{\n-webkit-border-radius:0px 0px 0px 0px;\n-moz-border-radius:0px 0px 0px 0px;\nborder-radius:0px 0px 0px 0px;\n}\n<\/style>\n<div class='flex_column av-22ccvjz-ad468ee973643f648d80b19378020a49 av_one_third  avia-builder-el-50  el_after_av_one_third  el_before_av_one_full  jo_pf_bild_bg flex_column_table_cell av-equal-height-column av-align-top av-animated-generic fade-in av-zero-column-padding column-top-margin'     ><p>\n<style type=\"text\/css\" data-created_by=\"avia_inline_auto\" id=\"style-css-av-av_image-1aeed797eade77389501486fcaaa16a1\">\n.avia-image-container.av-av_image-1aeed797eade77389501486fcaaa16a1 img.avia_image{\nbox-shadow:none;\n}\n.avia-image-container.av-av_image-1aeed797eade77389501486fcaaa16a1 .av-caption-image-overlay-bg{\nopacity:0.4;\n}\n<\/style>\n<div  class='avia-image-container av-av_image-1aeed797eade77389501486fcaaa16a1 av-styling-no-styling avia_animated_image av-animated-when-visible-95 fade-in avia-align-left  avia-builder-el-51  el_before_av_textblock  avia-builder-el-first  jo_pf_bild noHover av-overlay-hover-deactivate'  ><div class=\"avia-image-container-inner\"><div class=\"avia-image-overlay-wrap\"><a href=\"https:\/\/www.galerie-metzger.de\/wp-content\/uploads\/2019\/12\/Beate-Kuh-Bl\u00fctenform-galerie-metzger-ceramic-art-object-angewandte-Kunst-gallery-1090x727.jpg\" data-srcset=\"https:\/\/www.galerie-metzger.de\/wp-content\/uploads\/2019\/12\/Beate-Kuh-Bl\u00fctenform-galerie-metzger-ceramic-art-object-angewandte-Kunst-gallery-1090x727.jpg 1090w, https:\/\/www.galerie-metzger.de\/wp-content\/uploads\/2019\/12\/Beate-Kuh-Bl\u00fctenform-galerie-metzger-ceramic-art-object-angewandte-Kunst-gallery-690x460.jpg 690w, https:\/\/www.galerie-metzger.de\/wp-content\/uploads\/2019\/12\/Beate-Kuh-Bl\u00fctenform-galerie-metzger-ceramic-art-object-angewandte-Kunst-gallery-1536x1024.jpg 1536w, https:\/\/www.galerie-metzger.de\/wp-content\/uploads\/2019\/12\/Beate-Kuh-Bl\u00fctenform-galerie-metzger-ceramic-art-object-angewandte-Kunst-gallery-2048x1365.jpg 2048w, https:\/\/www.galerie-metzger.de\/wp-content\/uploads\/2019\/12\/Beate-Kuh-Bl\u00fctenform-galerie-metzger-ceramic-art-object-angewandte-Kunst-gallery-1500x1000.jpg 1500w, https:\/\/www.galerie-metzger.de\/wp-content\/uploads\/2019\/12\/Beate-Kuh-Bl\u00fctenform-galerie-metzger-ceramic-art-object-angewandte-Kunst-gallery-705x470.jpg 705w, https:\/\/www.galerie-metzger.de\/wp-content\/uploads\/2019\/12\/Beate-Kuh-Bl\u00fctenform-galerie-metzger-ceramic-art-object-angewandte-Kunst-gallery-400x267.jpg 400w, https:\/\/www.galerie-metzger.de\/wp-content\/uploads\/2019\/12\/Beate-Kuh-Bl\u00fctenform-galerie-metzger-ceramic-art-object-angewandte-Kunst-gallery-768x512.jpg 768w, https:\/\/www.galerie-metzger.de\/wp-content\/uploads\/2019\/12\/Beate-Kuh-Bl\u00fctenform-galerie-metzger-ceramic-art-object-angewandte-Kunst-gallery-1030x687.jpg 1030w, https:\/\/www.galerie-metzger.de\/wp-content\/uploads\/2019\/12\/Beate-Kuh-Bl\u00fctenform-galerie-metzger-ceramic-art-object-angewandte-Kunst-gallery-300x200.jpg 300w, https:\/\/www.galerie-metzger.de\/wp-content\/uploads\/2019\/12\/Beate-Kuh-Bl\u00fctenform-galerie-metzger-ceramic-art-object-angewandte-Kunst-gallery-900x600.jpg 900w, https:\/\/www.galerie-metzger.de\/wp-content\/uploads\/2019\/12\/Beate-Kuh-Bl\u00fctenform-galerie-metzger-ceramic-art-object-angewandte-Kunst-gallery-450x300.jpg 450w\" data-sizes=\"(max-width: 1030px) 100vw, 1030px\" class='avia_image' ><div class=\"av-image-caption-overlay\"><div class=\"av-caption-image-overlay-bg\"><\/div><div class=\"av-image-caption-overlay-position\"><div class=\"av-image-caption-overlay-center\"><p>Beate Kuhn \u2013 Bl\u00fctenform \u2013\u00a01992, 16,5x31x6,5 cm, Foto: Gerd Bayer<\/p>\n<\/div><\/div><\/div><img decoding=\"async\" class='wp-image-7825 avia-img-lazy-loading-not-7825 avia_image ' src=\"https:\/\/www.galerie-metzger.de\/wp-content\/uploads\/2019\/12\/Beate-Kuh-Bl\u00fctenform-galerie-metzger-ceramic-art-object-angewandte-Kunst-gallery-690x460.jpg\" alt='Beate Kuhn-Bl\u00fctenform' title='Beate Kuhn-Bl\u00fctenform'  height=\"460\" width=\"690\" srcset=\"https:\/\/www.galerie-metzger.de\/wp-content\/uploads\/2019\/12\/Beate-Kuh-Bl\u00fctenform-galerie-metzger-ceramic-art-object-angewandte-Kunst-gallery-690x460.jpg 690w, https:\/\/www.galerie-metzger.de\/wp-content\/uploads\/2019\/12\/Beate-Kuh-Bl\u00fctenform-galerie-metzger-ceramic-art-object-angewandte-Kunst-gallery-1090x727.jpg 1090w, https:\/\/www.galerie-metzger.de\/wp-content\/uploads\/2019\/12\/Beate-Kuh-Bl\u00fctenform-galerie-metzger-ceramic-art-object-angewandte-Kunst-gallery-1536x1024.jpg 1536w, https:\/\/www.galerie-metzger.de\/wp-content\/uploads\/2019\/12\/Beate-Kuh-Bl\u00fctenform-galerie-metzger-ceramic-art-object-angewandte-Kunst-gallery-2048x1365.jpg 2048w, https:\/\/www.galerie-metzger.de\/wp-content\/uploads\/2019\/12\/Beate-Kuh-Bl\u00fctenform-galerie-metzger-ceramic-art-object-angewandte-Kunst-gallery-1500x1000.jpg 1500w, https:\/\/www.galerie-metzger.de\/wp-content\/uploads\/2019\/12\/Beate-Kuh-Bl\u00fctenform-galerie-metzger-ceramic-art-object-angewandte-Kunst-gallery-705x470.jpg 705w, https:\/\/www.galerie-metzger.de\/wp-content\/uploads\/2019\/12\/Beate-Kuh-Bl\u00fctenform-galerie-metzger-ceramic-art-object-angewandte-Kunst-gallery-400x267.jpg 400w, https:\/\/www.galerie-metzger.de\/wp-content\/uploads\/2019\/12\/Beate-Kuh-Bl\u00fctenform-galerie-metzger-ceramic-art-object-angewandte-Kunst-gallery-768x512.jpg 768w, https:\/\/www.galerie-metzger.de\/wp-content\/uploads\/2019\/12\/Beate-Kuh-Bl\u00fctenform-galerie-metzger-ceramic-art-object-angewandte-Kunst-gallery-1030x687.jpg 1030w, https:\/\/www.galerie-metzger.de\/wp-content\/uploads\/2019\/12\/Beate-Kuh-Bl\u00fctenform-galerie-metzger-ceramic-art-object-angewandte-Kunst-gallery-300x200.jpg 300w, https:\/\/www.galerie-metzger.de\/wp-content\/uploads\/2019\/12\/Beate-Kuh-Bl\u00fctenform-galerie-metzger-ceramic-art-object-angewandte-Kunst-gallery-900x600.jpg 900w, https:\/\/www.galerie-metzger.de\/wp-content\/uploads\/2019\/12\/Beate-Kuh-Bl\u00fctenform-galerie-metzger-ceramic-art-object-angewandte-Kunst-gallery-450x300.jpg 450w\" sizes=\"(max-width: 690px) 100vw, 690px\" \/><\/a><\/div><\/div><\/div><br \/>\n<section  class='av_textblock_section av-av_textblock-2df6986536148a6092118248b21c996c' ><div class='avia_textblock jo_werk_anfrage' ><p><a class=\"anfrage\" href=\"mailto:info@galerie-metzger.de?subject=Beate%20Kuhn%20Bl\u00fctenform%201992\">Anfrage zum Werk<\/a><\/p>\n<\/div><\/section><\/p><\/div><\/div><!--close column table wrapper. Autoclose: 1 --><div class='flex_column_table av-2gsxvhb-1118cc7ed190ef12b94344766d75b468 sc-av_one_full av-equal-height-column-flextable'>\n<style type=\"text\/css\" data-created_by=\"avia_inline_auto\" id=\"style-css-av-2gsxvhb-1118cc7ed190ef12b94344766d75b468\">\n.flex_column.av-2gsxvhb-1118cc7ed190ef12b94344766d75b468{\n-webkit-border-radius:0px 0px 0px 0px;\n-moz-border-radius:0px 0px 0px 0px;\nborder-radius:0px 0px 0px 0px;\n}\n<\/style>\n<div class='flex_column av-2gsxvhb-1118cc7ed190ef12b94344766d75b468 av_one_full  avia-builder-el-53  el_after_av_one_third  el_before_av_one_third  jo_col_empty first flex_column_table_cell av-equal-height-column av-align-top av-animated-generic fade-in av-zero-column-padding column-top-margin'     ><section  class='av_textblock_section av-2ebrkhr-7982fab1bb27e611fade3e31fb8d8b3f' ><div class='avia_textblock' ><p>invisible placeholder<\/p>\n<\/div><\/section><\/div><\/div><!--close column table wrapper. Autoclose: 1 --><div class='flex_column_table av-2gsxvhb-1118cc7ed190ef12b94344766d75b468 sc-av_one_third av-equal-height-column-flextable'>\n<style type=\"text\/css\" data-created_by=\"avia_inline_auto\" id=\"style-css-av-2gsxvhb-1118cc7ed190ef12b94344766d75b468\">\n.flex_column.av-2gsxvhb-1118cc7ed190ef12b94344766d75b468{\n-webkit-border-radius:0px 0px 0px 0px;\n-moz-border-radius:0px 0px 0px 0px;\nborder-radius:0px 0px 0px 0px;\n}\n<\/style>\n<div class='flex_column av-2gsxvhb-1118cc7ed190ef12b94344766d75b468 av_one_third  avia-builder-el-55  el_after_av_one_full  el_before_av_two_third  jo_col_empty first flex_column_table_cell av-equal-height-column av-align-top av-animated-generic fade-in av-zero-column-padding column-top-margin'     ><section  class='av_textblock_section av-2ebrkhr-7982fab1bb27e611fade3e31fb8d8b3f' ><div class='avia_textblock' ><p>invisible placeholder<\/p>\n<\/div><\/section><\/div><div class='av-flex-placeholder'><\/div>\n<style type=\"text\/css\" data-created_by=\"avia_inline_auto\" id=\"style-css-av-a4qn2n-856651ccfd145b8a6460040044b31760\">\n.flex_column.av-a4qn2n-856651ccfd145b8a6460040044b31760{\n-webkit-border-radius:0px 0px 0px 0px;\n-moz-border-radius:0px 0px 0px 0px;\nborder-radius:0px 0px 0px 0px;\n}\n<\/style>\n<div class='flex_column av-a4qn2n-856651ccfd145b8a6460040044b31760 av_two_third  avia-builder-el-57  el_after_av_one_third  el_before_av_one_full  flex_column_table_cell av-equal-height-column av-align-top av-animated-generic fade-in av-zero-column-padding column-top-margin'     ><section  class='av_textblock_section av-av_textblock-283972ea15f2e73870c23e2d6de3245d' ><div class='avia_textblock' ><p><strong>Meine erste Arbeit, die ich von Beate Kuhn ersteigerte, bescherte ihr einen Auktionsrekord.<\/strong> Das \u201eBallett\u201c \u00fcberzeugte mich durch die Originalit\u00e4t der Bildfindung. Nach meiner \u00dcberzeugung halten viele Arbeiten, aber nicht alle, dem Vergleich mit Werken aus der bildenden Kunst durchaus stand. Sie war die gro\u00dfe Naive der Keramik, was sich bei ihr sehr positiv niederschlug. Sie entwickelte, nur wenig beeinflusst von stilistischen Trends, ihren eigenen Stil der amorphen Abstraktion. Ihre figurativen Arbeiten lasse ich hier beiseite als Spielereien, die dem Kontext der Keramik geschuldet sind. Doch sie verf\u00fcgte \u00fcber eine unkonventionelle Freiheit, die sie \u00fcber die keramischen Standards hinaustrug ins Reich der freien Kunst.<\/p>\n<p><em> J\u00f6rg Johnen, Berlin, Dezember 2019 <\/em><\/p>\n<\/div><\/section><\/div><\/div><!--close column table wrapper. Autoclose: 1 --><div class='flex_column_table av-2gsxvhb-1118cc7ed190ef12b94344766d75b468 sc-av_one_full av-equal-height-column-flextable'>\n<style type=\"text\/css\" data-created_by=\"avia_inline_auto\" id=\"style-css-av-2gsxvhb-1118cc7ed190ef12b94344766d75b468\">\n.flex_column.av-2gsxvhb-1118cc7ed190ef12b94344766d75b468{\n-webkit-border-radius:0px 0px 0px 0px;\n-moz-border-radius:0px 0px 0px 0px;\nborder-radius:0px 0px 0px 0px;\n}\n<\/style>\n<div class='flex_column av-2gsxvhb-1118cc7ed190ef12b94344766d75b468 av_one_full  avia-builder-el-59  el_after_av_two_third  el_before_av_one_third  jo_col_empty first flex_column_table_cell av-equal-height-column av-align-top av-animated-generic fade-in av-zero-column-padding column-top-margin'     ><section  class='av_textblock_section av-2ebrkhr-7982fab1bb27e611fade3e31fb8d8b3f' ><div class='avia_textblock' ><p>invisible placeholder<\/p>\n<\/div><\/section><\/div><\/div><!--close column table wrapper. Autoclose: 1 --><div class='flex_column_table av-22ccvjz-c20c10c7f195c3bda27bd103a17649b8 sc-av_one_third av-equal-height-column-flextable'>\n<style type=\"text\/css\" data-created_by=\"avia_inline_auto\" id=\"style-css-av-22ccvjz-c20c10c7f195c3bda27bd103a17649b8\">\n.flex_column.av-22ccvjz-c20c10c7f195c3bda27bd103a17649b8{\n-webkit-border-radius:0px 0px 0px 0px;\n-moz-border-radius:0px 0px 0px 0px;\nborder-radius:0px 0px 0px 0px;\n}\n<\/style>\n<div class='flex_column av-22ccvjz-c20c10c7f195c3bda27bd103a17649b8 av_one_third  avia-builder-el-61  el_after_av_one_full  el_before_av_one_third  jo_pf_bild_bg first flex_column_table_cell av-equal-height-column av-align-top av-animated-generic fade-in av-zero-column-padding column-top-margin'     ><p>\n<style type=\"text\/css\" data-created_by=\"avia_inline_auto\" id=\"style-css-av-av_image-d1f9df7f09d86254908e14d24072b915\">\n.avia-image-container.av-av_image-d1f9df7f09d86254908e14d24072b915 img.avia_image{\nbox-shadow:none;\n}\n.avia-image-container.av-av_image-d1f9df7f09d86254908e14d24072b915 .av-caption-image-overlay-bg{\nopacity:0.4;\n}\n<\/style>\n<div  class='avia-image-container av-av_image-d1f9df7f09d86254908e14d24072b915 av-styling-no-styling avia_animated_image av-animated-when-visible-95 fade-in avia-align-left  avia-builder-el-62  el_before_av_textblock  avia-builder-el-first  jo_pf_bild noHover av-overlay-hover-deactivate'  ><div class=\"avia-image-container-inner\"><div class=\"avia-image-overlay-wrap\"><a href=\"https:\/\/www.galerie-metzger.de\/wp-content\/uploads\/2020\/04\/Beate-Kuhn-Schichtung-2014-29x22x19cm-galerie-metzger-ceramic-art-sculpture-deutsche-studiokeramik-727x1090.jpg\" data-srcset=\"https:\/\/www.galerie-metzger.de\/wp-content\/uploads\/2020\/04\/Beate-Kuhn-Schichtung-2014-29x22x19cm-galerie-metzger-ceramic-art-sculpture-deutsche-studiokeramik-727x1090.jpg 727w, https:\/\/www.galerie-metzger.de\/wp-content\/uploads\/2020\/04\/Beate-Kuhn-Schichtung-2014-29x22x19cm-galerie-metzger-ceramic-art-sculpture-deutsche-studiokeramik-690x1035.jpg 690w, https:\/\/www.galerie-metzger.de\/wp-content\/uploads\/2020\/04\/Beate-Kuhn-Schichtung-2014-29x22x19cm-galerie-metzger-ceramic-art-sculpture-deutsche-studiokeramik-1024x1536.jpg 1024w, https:\/\/www.galerie-metzger.de\/wp-content\/uploads\/2020\/04\/Beate-Kuhn-Schichtung-2014-29x22x19cm-galerie-metzger-ceramic-art-sculpture-deutsche-studiokeramik-1365x2048.jpg 1365w, https:\/\/www.galerie-metzger.de\/wp-content\/uploads\/2020\/04\/Beate-Kuhn-Schichtung-2014-29x22x19cm-galerie-metzger-ceramic-art-sculpture-deutsche-studiokeramik-1000x1500.jpg 1000w, https:\/\/www.galerie-metzger.de\/wp-content\/uploads\/2020\/04\/Beate-Kuhn-Schichtung-2014-29x22x19cm-galerie-metzger-ceramic-art-sculpture-deutsche-studiokeramik-470x705.jpg 470w, https:\/\/www.galerie-metzger.de\/wp-content\/uploads\/2020\/04\/Beate-Kuhn-Schichtung-2014-29x22x19cm-galerie-metzger-ceramic-art-sculpture-deutsche-studiokeramik-267x400.jpg 267w, https:\/\/www.galerie-metzger.de\/wp-content\/uploads\/2020\/04\/Beate-Kuhn-Schichtung-2014-29x22x19cm-galerie-metzger-ceramic-art-sculpture-deutsche-studiokeramik-768x1152.jpg 768w, https:\/\/www.galerie-metzger.de\/wp-content\/uploads\/2020\/04\/Beate-Kuhn-Schichtung-2014-29x22x19cm-galerie-metzger-ceramic-art-sculpture-deutsche-studiokeramik-687x1030.jpg 687w, https:\/\/www.galerie-metzger.de\/wp-content\/uploads\/2020\/04\/Beate-Kuhn-Schichtung-2014-29x22x19cm-galerie-metzger-ceramic-art-sculpture-deutsche-studiokeramik-450x675.jpg 450w, https:\/\/www.galerie-metzger.de\/wp-content\/uploads\/2020\/04\/Beate-Kuhn-Schichtung-2014-29x22x19cm-galerie-metzger-ceramic-art-sculpture-deutsche-studiokeramik-scaled.jpg 1707w\" data-sizes=\"(max-width: 687px) 100vw, 687px\" class='avia_image' ><div class=\"av-image-caption-overlay\"><div class=\"av-caption-image-overlay-bg\"><\/div><div class=\"av-image-caption-overlay-position\"><div class=\"av-image-caption-overlay-center\"><p>Beate Kuhn \u2013 Schichtung \u2013\u00a02014, 29x22x19 cm, Foto: Edi Baumann<\/p>\n<\/div><\/div><\/div><img decoding=\"async\" class='wp-image-8196 avia-img-lazy-loading-not-8196 avia_image ' src=\"https:\/\/www.galerie-metzger.de\/wp-content\/uploads\/2020\/04\/Beate-Kuhn-Schichtung-2014-29x22x19cm-galerie-metzger-ceramic-art-sculpture-deutsche-studiokeramik-scaled.jpg\" alt='Beate Kuhn-Schichtung - 2014 - 29x22x19cm' title='Beate Kuhn-Schichtung - 2014 - 29x22x19cm'  height=\"2560\" width=\"1707\" srcset=\"https:\/\/www.galerie-metzger.de\/wp-content\/uploads\/2020\/04\/Beate-Kuhn-Schichtung-2014-29x22x19cm-galerie-metzger-ceramic-art-sculpture-deutsche-studiokeramik-scaled.jpg 1707w, https:\/\/www.galerie-metzger.de\/wp-content\/uploads\/2020\/04\/Beate-Kuhn-Schichtung-2014-29x22x19cm-galerie-metzger-ceramic-art-sculpture-deutsche-studiokeramik-690x1035.jpg 690w, https:\/\/www.galerie-metzger.de\/wp-content\/uploads\/2020\/04\/Beate-Kuhn-Schichtung-2014-29x22x19cm-galerie-metzger-ceramic-art-sculpture-deutsche-studiokeramik-727x1090.jpg 727w, https:\/\/www.galerie-metzger.de\/wp-content\/uploads\/2020\/04\/Beate-Kuhn-Schichtung-2014-29x22x19cm-galerie-metzger-ceramic-art-sculpture-deutsche-studiokeramik-1024x1536.jpg 1024w, https:\/\/www.galerie-metzger.de\/wp-content\/uploads\/2020\/04\/Beate-Kuhn-Schichtung-2014-29x22x19cm-galerie-metzger-ceramic-art-sculpture-deutsche-studiokeramik-1365x2048.jpg 1365w, https:\/\/www.galerie-metzger.de\/wp-content\/uploads\/2020\/04\/Beate-Kuhn-Schichtung-2014-29x22x19cm-galerie-metzger-ceramic-art-sculpture-deutsche-studiokeramik-1000x1500.jpg 1000w, https:\/\/www.galerie-metzger.de\/wp-content\/uploads\/2020\/04\/Beate-Kuhn-Schichtung-2014-29x22x19cm-galerie-metzger-ceramic-art-sculpture-deutsche-studiokeramik-470x705.jpg 470w, https:\/\/www.galerie-metzger.de\/wp-content\/uploads\/2020\/04\/Beate-Kuhn-Schichtung-2014-29x22x19cm-galerie-metzger-ceramic-art-sculpture-deutsche-studiokeramik-267x400.jpg 267w, https:\/\/www.galerie-metzger.de\/wp-content\/uploads\/2020\/04\/Beate-Kuhn-Schichtung-2014-29x22x19cm-galerie-metzger-ceramic-art-sculpture-deutsche-studiokeramik-768x1152.jpg 768w, https:\/\/www.galerie-metzger.de\/wp-content\/uploads\/2020\/04\/Beate-Kuhn-Schichtung-2014-29x22x19cm-galerie-metzger-ceramic-art-sculpture-deutsche-studiokeramik-687x1030.jpg 687w, https:\/\/www.galerie-metzger.de\/wp-content\/uploads\/2020\/04\/Beate-Kuhn-Schichtung-2014-29x22x19cm-galerie-metzger-ceramic-art-sculpture-deutsche-studiokeramik-450x675.jpg 450w\" sizes=\"(max-width: 1707px) 100vw, 1707px\" \/><\/a><\/div><\/div><\/div><br \/>\n<section  class='av_textblock_section av-av_textblock-2df6986536148a6092118248b21c996c' ><div class='avia_textblock jo_werk_anfrage' ><p><a class=\"anfrage\" href=\"mailto:info@galerie-metzger.de?subject=Beate%20Kuhn%20Schichtung%202014\">Anfrage zum Werk<\/a><\/p>\n<\/div><\/section><\/p><\/div><div class='av-flex-placeholder'><\/div>\n<style type=\"text\/css\" data-created_by=\"avia_inline_auto\" id=\"style-css-av-22ccvjz-ad468ee973643f648d80b19378020a49\">\n.flex_column.av-22ccvjz-ad468ee973643f648d80b19378020a49{\n-webkit-border-radius:0px 0px 0px 0px;\n-moz-border-radius:0px 0px 0px 0px;\nborder-radius:0px 0px 0px 0px;\n}\n<\/style>\n<div class='flex_column av-22ccvjz-ad468ee973643f648d80b19378020a49 av_one_third  avia-builder-el-64  el_after_av_one_third  el_before_av_one_third  jo_pf_bild_bg flex_column_table_cell av-equal-height-column av-align-top av-animated-generic fade-in av-zero-column-padding column-top-margin'     ><p>\n<style type=\"text\/css\" data-created_by=\"avia_inline_auto\" id=\"style-css-av-av_image-29df7320c2fec4635d57da0cec8ec68b\">\n.avia-image-container.av-av_image-29df7320c2fec4635d57da0cec8ec68b img.avia_image{\nbox-shadow:none;\n}\n.avia-image-container.av-av_image-29df7320c2fec4635d57da0cec8ec68b .av-caption-image-overlay-bg{\nopacity:0.4;\n}\n<\/style>\n<div  class='avia-image-container av-av_image-29df7320c2fec4635d57da0cec8ec68b av-styling-no-styling avia_animated_image av-animated-when-visible-95 fade-in avia-align-left  avia-builder-el-65  el_before_av_textblock  avia-builder-el-first  jo_pf_bild noHover av-overlay-hover-deactivate'  ><div class=\"avia-image-container-inner\"><div class=\"avia-image-overlay-wrap\"><a href=\"https:\/\/www.galerie-metzger.de\/wp-content\/uploads\/2020\/04\/Beate-Kuhn-Schichtung-2014-29x22x19cm-galerie-metzger-ceramic-art-sculpture-727x1090.jpg\" data-srcset=\"https:\/\/www.galerie-metzger.de\/wp-content\/uploads\/2020\/04\/Beate-Kuhn-Schichtung-2014-29x22x19cm-galerie-metzger-ceramic-art-sculpture-727x1090.jpg 727w, https:\/\/www.galerie-metzger.de\/wp-content\/uploads\/2020\/04\/Beate-Kuhn-Schichtung-2014-29x22x19cm-galerie-metzger-ceramic-art-sculpture-690x1035.jpg 690w, https:\/\/www.galerie-metzger.de\/wp-content\/uploads\/2020\/04\/Beate-Kuhn-Schichtung-2014-29x22x19cm-galerie-metzger-ceramic-art-sculpture-1024x1536.jpg 1024w, https:\/\/www.galerie-metzger.de\/wp-content\/uploads\/2020\/04\/Beate-Kuhn-Schichtung-2014-29x22x19cm-galerie-metzger-ceramic-art-sculpture-1365x2048.jpg 1365w, https:\/\/www.galerie-metzger.de\/wp-content\/uploads\/2020\/04\/Beate-Kuhn-Schichtung-2014-29x22x19cm-galerie-metzger-ceramic-art-sculpture-1000x1500.jpg 1000w, https:\/\/www.galerie-metzger.de\/wp-content\/uploads\/2020\/04\/Beate-Kuhn-Schichtung-2014-29x22x19cm-galerie-metzger-ceramic-art-sculpture-470x705.jpg 470w, https:\/\/www.galerie-metzger.de\/wp-content\/uploads\/2020\/04\/Beate-Kuhn-Schichtung-2014-29x22x19cm-galerie-metzger-ceramic-art-sculpture-267x400.jpg 267w, https:\/\/www.galerie-metzger.de\/wp-content\/uploads\/2020\/04\/Beate-Kuhn-Schichtung-2014-29x22x19cm-galerie-metzger-ceramic-art-sculpture-768x1152.jpg 768w, https:\/\/www.galerie-metzger.de\/wp-content\/uploads\/2020\/04\/Beate-Kuhn-Schichtung-2014-29x22x19cm-galerie-metzger-ceramic-art-sculpture-687x1030.jpg 687w, https:\/\/www.galerie-metzger.de\/wp-content\/uploads\/2020\/04\/Beate-Kuhn-Schichtung-2014-29x22x19cm-galerie-metzger-ceramic-art-sculpture-450x675.jpg 450w, https:\/\/www.galerie-metzger.de\/wp-content\/uploads\/2020\/04\/Beate-Kuhn-Schichtung-2014-29x22x19cm-galerie-metzger-ceramic-art-sculpture-scaled.jpg 1707w\" data-sizes=\"(max-width: 687px) 100vw, 687px\" class='avia_image' ><div class=\"av-image-caption-overlay\"><div class=\"av-caption-image-overlay-bg\"><\/div><div class=\"av-image-caption-overlay-position\"><div class=\"av-image-caption-overlay-center\"><p>Beate Kuhn \u2013 Schichtung \u2013\u00a02014, 29x22x19 cm, Foto: Edi Baumann<\/p>\n<\/div><\/div><\/div><img decoding=\"async\" class='wp-image-8200 avia-img-lazy-loading-not-8200 avia_image ' src=\"https:\/\/www.galerie-metzger.de\/wp-content\/uploads\/2020\/04\/Beate-Kuhn-Schichtung-2014-29x22x19cm-galerie-metzger-ceramic-art-sculpture-scaled.jpg\" alt='Beate Kuhn-Schichtung - 2014 - 29x22x19cm' title='Beate Kuhn-Schichtung - 2014 - 29x22x19cm'  height=\"2560\" width=\"1707\" srcset=\"https:\/\/www.galerie-metzger.de\/wp-content\/uploads\/2020\/04\/Beate-Kuhn-Schichtung-2014-29x22x19cm-galerie-metzger-ceramic-art-sculpture-scaled.jpg 1707w, https:\/\/www.galerie-metzger.de\/wp-content\/uploads\/2020\/04\/Beate-Kuhn-Schichtung-2014-29x22x19cm-galerie-metzger-ceramic-art-sculpture-690x1035.jpg 690w, https:\/\/www.galerie-metzger.de\/wp-content\/uploads\/2020\/04\/Beate-Kuhn-Schichtung-2014-29x22x19cm-galerie-metzger-ceramic-art-sculpture-727x1090.jpg 727w, https:\/\/www.galerie-metzger.de\/wp-content\/uploads\/2020\/04\/Beate-Kuhn-Schichtung-2014-29x22x19cm-galerie-metzger-ceramic-art-sculpture-1024x1536.jpg 1024w, https:\/\/www.galerie-metzger.de\/wp-content\/uploads\/2020\/04\/Beate-Kuhn-Schichtung-2014-29x22x19cm-galerie-metzger-ceramic-art-sculpture-1365x2048.jpg 1365w, https:\/\/www.galerie-metzger.de\/wp-content\/uploads\/2020\/04\/Beate-Kuhn-Schichtung-2014-29x22x19cm-galerie-metzger-ceramic-art-sculpture-1000x1500.jpg 1000w, https:\/\/www.galerie-metzger.de\/wp-content\/uploads\/2020\/04\/Beate-Kuhn-Schichtung-2014-29x22x19cm-galerie-metzger-ceramic-art-sculpture-470x705.jpg 470w, https:\/\/www.galerie-metzger.de\/wp-content\/uploads\/2020\/04\/Beate-Kuhn-Schichtung-2014-29x22x19cm-galerie-metzger-ceramic-art-sculpture-267x400.jpg 267w, https:\/\/www.galerie-metzger.de\/wp-content\/uploads\/2020\/04\/Beate-Kuhn-Schichtung-2014-29x22x19cm-galerie-metzger-ceramic-art-sculpture-768x1152.jpg 768w, https:\/\/www.galerie-metzger.de\/wp-content\/uploads\/2020\/04\/Beate-Kuhn-Schichtung-2014-29x22x19cm-galerie-metzger-ceramic-art-sculpture-687x1030.jpg 687w, https:\/\/www.galerie-metzger.de\/wp-content\/uploads\/2020\/04\/Beate-Kuhn-Schichtung-2014-29x22x19cm-galerie-metzger-ceramic-art-sculpture-450x675.jpg 450w\" sizes=\"(max-width: 1707px) 100vw, 1707px\" \/><\/a><\/div><\/div><\/div><br \/>\n<section  class='av_textblock_section av-av_textblock-2df6986536148a6092118248b21c996c' ><div class='avia_textblock jo_werk_anfrage' ><p><a class=\"anfrage\" href=\"mailto:info@galerie-metzger.de?subject=Beate%20Kuhn%20Schichtung%202014\">Anfrage zum Werk<\/a><\/p>\n<\/div><\/section><\/p><\/div><div class='av-flex-placeholder'><\/div>\n<style type=\"text\/css\" data-created_by=\"avia_inline_auto\" id=\"style-css-av-22ccvjz-ad468ee973643f648d80b19378020a49\">\n.flex_column.av-22ccvjz-ad468ee973643f648d80b19378020a49{\n-webkit-border-radius:0px 0px 0px 0px;\n-moz-border-radius:0px 0px 0px 0px;\nborder-radius:0px 0px 0px 0px;\n}\n<\/style>\n<div class='flex_column av-22ccvjz-ad468ee973643f648d80b19378020a49 av_one_third  avia-builder-el-67  el_after_av_one_third  el_before_av_one_full  jo_pf_bild_bg flex_column_table_cell av-equal-height-column av-align-top av-animated-generic fade-in av-zero-column-padding column-top-margin'     ><p>\n<style type=\"text\/css\" data-created_by=\"avia_inline_auto\" id=\"style-css-av-av_image-7567ae9d24350da55420f38b9615906e\">\n.avia-image-container.av-av_image-7567ae9d24350da55420f38b9615906e img.avia_image{\nbox-shadow:none;\n}\n.avia-image-container.av-av_image-7567ae9d24350da55420f38b9615906e .av-caption-image-overlay-bg{\nopacity:0.4;\n}\n<\/style>\n<div  class='avia-image-container av-av_image-7567ae9d24350da55420f38b9615906e av-styling-no-styling avia_animated_image av-animated-when-visible-95 fade-in avia-align-left  avia-builder-el-68  el_before_av_textblock  avia-builder-el-first  jo_pf_bild noHover av-overlay-hover-deactivate'  ><div class=\"avia-image-container-inner\"><div class=\"avia-image-overlay-wrap\"><a href=\"https:\/\/www.galerie-metzger.de\/wp-content\/uploads\/2020\/04\/Beate-Kuhn-Schichtung-2014-29x22x19cm-galerie-metzger-ceramic-art-sculpture-gallery-727x1090.jpg\" data-srcset=\"https:\/\/www.galerie-metzger.de\/wp-content\/uploads\/2020\/04\/Beate-Kuhn-Schichtung-2014-29x22x19cm-galerie-metzger-ceramic-art-sculpture-gallery-727x1090.jpg 727w, https:\/\/www.galerie-metzger.de\/wp-content\/uploads\/2020\/04\/Beate-Kuhn-Schichtung-2014-29x22x19cm-galerie-metzger-ceramic-art-sculpture-gallery-690x1035.jpg 690w, https:\/\/www.galerie-metzger.de\/wp-content\/uploads\/2020\/04\/Beate-Kuhn-Schichtung-2014-29x22x19cm-galerie-metzger-ceramic-art-sculpture-gallery-1024x1536.jpg 1024w, https:\/\/www.galerie-metzger.de\/wp-content\/uploads\/2020\/04\/Beate-Kuhn-Schichtung-2014-29x22x19cm-galerie-metzger-ceramic-art-sculpture-gallery-1365x2048.jpg 1365w, https:\/\/www.galerie-metzger.de\/wp-content\/uploads\/2020\/04\/Beate-Kuhn-Schichtung-2014-29x22x19cm-galerie-metzger-ceramic-art-sculpture-gallery-1000x1500.jpg 1000w, https:\/\/www.galerie-metzger.de\/wp-content\/uploads\/2020\/04\/Beate-Kuhn-Schichtung-2014-29x22x19cm-galerie-metzger-ceramic-art-sculpture-gallery-470x705.jpg 470w, https:\/\/www.galerie-metzger.de\/wp-content\/uploads\/2020\/04\/Beate-Kuhn-Schichtung-2014-29x22x19cm-galerie-metzger-ceramic-art-sculpture-gallery-267x400.jpg 267w, https:\/\/www.galerie-metzger.de\/wp-content\/uploads\/2020\/04\/Beate-Kuhn-Schichtung-2014-29x22x19cm-galerie-metzger-ceramic-art-sculpture-gallery-768x1152.jpg 768w, https:\/\/www.galerie-metzger.de\/wp-content\/uploads\/2020\/04\/Beate-Kuhn-Schichtung-2014-29x22x19cm-galerie-metzger-ceramic-art-sculpture-gallery-687x1030.jpg 687w, https:\/\/www.galerie-metzger.de\/wp-content\/uploads\/2020\/04\/Beate-Kuhn-Schichtung-2014-29x22x19cm-galerie-metzger-ceramic-art-sculpture-gallery-450x675.jpg 450w, https:\/\/www.galerie-metzger.de\/wp-content\/uploads\/2020\/04\/Beate-Kuhn-Schichtung-2014-29x22x19cm-galerie-metzger-ceramic-art-sculpture-gallery-scaled.jpg 1707w\" data-sizes=\"(max-width: 687px) 100vw, 687px\" class='avia_image' ><div class=\"av-image-caption-overlay\"><div class=\"av-caption-image-overlay-bg\"><\/div><div class=\"av-image-caption-overlay-position\"><div class=\"av-image-caption-overlay-center\"><p>Beate Kuhn \u2013 Schichtung \u2013\u00a02014, 29x22x19 cm, Foto: Edi Baumann<\/p>\n<\/div><\/div><\/div><img decoding=\"async\" class='wp-image-8198 avia-img-lazy-loading-not-8198 avia_image ' src=\"https:\/\/www.galerie-metzger.de\/wp-content\/uploads\/2020\/04\/Beate-Kuhn-Schichtung-2014-29x22x19cm-galerie-metzger-ceramic-art-sculpture-gallery-scaled.jpg\" alt='Beate Kuhn - Schichtung - 2014-29x22x19cm' title='Beate Kuhn-Schichtung - 2014 - 29x22x19cm'  height=\"2560\" width=\"1707\" srcset=\"https:\/\/www.galerie-metzger.de\/wp-content\/uploads\/2020\/04\/Beate-Kuhn-Schichtung-2014-29x22x19cm-galerie-metzger-ceramic-art-sculpture-gallery-scaled.jpg 1707w, https:\/\/www.galerie-metzger.de\/wp-content\/uploads\/2020\/04\/Beate-Kuhn-Schichtung-2014-29x22x19cm-galerie-metzger-ceramic-art-sculpture-gallery-690x1035.jpg 690w, https:\/\/www.galerie-metzger.de\/wp-content\/uploads\/2020\/04\/Beate-Kuhn-Schichtung-2014-29x22x19cm-galerie-metzger-ceramic-art-sculpture-gallery-727x1090.jpg 727w, https:\/\/www.galerie-metzger.de\/wp-content\/uploads\/2020\/04\/Beate-Kuhn-Schichtung-2014-29x22x19cm-galerie-metzger-ceramic-art-sculpture-gallery-1024x1536.jpg 1024w, https:\/\/www.galerie-metzger.de\/wp-content\/uploads\/2020\/04\/Beate-Kuhn-Schichtung-2014-29x22x19cm-galerie-metzger-ceramic-art-sculpture-gallery-1365x2048.jpg 1365w, https:\/\/www.galerie-metzger.de\/wp-content\/uploads\/2020\/04\/Beate-Kuhn-Schichtung-2014-29x22x19cm-galerie-metzger-ceramic-art-sculpture-gallery-1000x1500.jpg 1000w, https:\/\/www.galerie-metzger.de\/wp-content\/uploads\/2020\/04\/Beate-Kuhn-Schichtung-2014-29x22x19cm-galerie-metzger-ceramic-art-sculpture-gallery-470x705.jpg 470w, https:\/\/www.galerie-metzger.de\/wp-content\/uploads\/2020\/04\/Beate-Kuhn-Schichtung-2014-29x22x19cm-galerie-metzger-ceramic-art-sculpture-gallery-267x400.jpg 267w, https:\/\/www.galerie-metzger.de\/wp-content\/uploads\/2020\/04\/Beate-Kuhn-Schichtung-2014-29x22x19cm-galerie-metzger-ceramic-art-sculpture-gallery-768x1152.jpg 768w, https:\/\/www.galerie-metzger.de\/wp-content\/uploads\/2020\/04\/Beate-Kuhn-Schichtung-2014-29x22x19cm-galerie-metzger-ceramic-art-sculpture-gallery-687x1030.jpg 687w, https:\/\/www.galerie-metzger.de\/wp-content\/uploads\/2020\/04\/Beate-Kuhn-Schichtung-2014-29x22x19cm-galerie-metzger-ceramic-art-sculpture-gallery-450x675.jpg 450w\" sizes=\"(max-width: 1707px) 100vw, 1707px\" \/><\/a><\/div><\/div><\/div><br \/>\n<section  class='av_textblock_section av-av_textblock-2df6986536148a6092118248b21c996c' ><div class='avia_textblock jo_werk_anfrage' ><p><a class=\"anfrage\" href=\"mailto:info@galerie-metzger.de?subject=Beate%20Kuhn%20Schichtung%202014\">Anfrage zum Werk<\/a><\/p>\n<\/div><\/section><\/p><\/div><\/div><!--close column table wrapper. Autoclose: 1 --><div class='flex_column_table av-2gsxvhb-1118cc7ed190ef12b94344766d75b468 sc-av_one_full av-equal-height-column-flextable'>\n<style type=\"text\/css\" data-created_by=\"avia_inline_auto\" id=\"style-css-av-2gsxvhb-1118cc7ed190ef12b94344766d75b468\">\n.flex_column.av-2gsxvhb-1118cc7ed190ef12b94344766d75b468{\n-webkit-border-radius:0px 0px 0px 0px;\n-moz-border-radius:0px 0px 0px 0px;\nborder-radius:0px 0px 0px 0px;\n}\n<\/style>\n<div class='flex_column av-2gsxvhb-1118cc7ed190ef12b94344766d75b468 av_one_full  avia-builder-el-70  el_after_av_one_third  el_before_av_one_third  jo_col_empty first flex_column_table_cell av-equal-height-column av-align-top av-animated-generic fade-in av-zero-column-padding column-top-margin'     ><section  class='av_textblock_section av-2ebrkhr-7982fab1bb27e611fade3e31fb8d8b3f' ><div class='avia_textblock' ><p>invisible placeholder<\/p>\n<\/div><\/section><\/div><\/div><!--close column table wrapper. Autoclose: 1 --><div class='flex_column_table av-22ccvjz-c20c10c7f195c3bda27bd103a17649b8 sc-av_one_third av-equal-height-column-flextable'>\n<style type=\"text\/css\" data-created_by=\"avia_inline_auto\" id=\"style-css-av-22ccvjz-c20c10c7f195c3bda27bd103a17649b8\">\n.flex_column.av-22ccvjz-c20c10c7f195c3bda27bd103a17649b8{\n-webkit-border-radius:0px 0px 0px 0px;\n-moz-border-radius:0px 0px 0px 0px;\nborder-radius:0px 0px 0px 0px;\n}\n<\/style>\n<div class='flex_column av-22ccvjz-c20c10c7f195c3bda27bd103a17649b8 av_one_third  avia-builder-el-72  el_after_av_one_full  el_before_av_one_third  jo_pf_bild_bg first flex_column_table_cell av-equal-height-column av-align-top av-animated-generic fade-in av-zero-column-padding column-top-margin'     ><p>\n<style type=\"text\/css\" data-created_by=\"avia_inline_auto\" id=\"style-css-av-av_image-676eb4560c8ff57035a5729d2c4ae70e\">\n.avia-image-container.av-av_image-676eb4560c8ff57035a5729d2c4ae70e img.avia_image{\nbox-shadow:none;\n}\n.avia-image-container.av-av_image-676eb4560c8ff57035a5729d2c4ae70e .av-caption-image-overlay-bg{\nopacity:0.4;\n}\n<\/style>\n<div  class='avia-image-container av-av_image-676eb4560c8ff57035a5729d2c4ae70e av-styling-no-styling avia_animated_image av-animated-when-visible-95 fade-in avia-align-left  avia-builder-el-73  el_before_av_textblock  avia-builder-el-first  jo_pf_bild noHover av-overlay-hover-deactivate'  ><div class=\"avia-image-container-inner\"><div class=\"avia-image-overlay-wrap\"><a href=\"https:\/\/www.galerie-metzger.de\/wp-content\/uploads\/2020\/05\/Beate-Kuhn-untitled-2015-287x182x8cm-galerie-metzger-sculpture-keramik-plastische-arbeit-gallery-727x1090.jpg\" data-srcset=\"https:\/\/www.galerie-metzger.de\/wp-content\/uploads\/2020\/05\/Beate-Kuhn-untitled-2015-287x182x8cm-galerie-metzger-sculpture-keramik-plastische-arbeit-gallery-727x1090.jpg 727w, https:\/\/www.galerie-metzger.de\/wp-content\/uploads\/2020\/05\/Beate-Kuhn-untitled-2015-287x182x8cm-galerie-metzger-sculpture-keramik-plastische-arbeit-gallery-690x1035.jpg 690w, https:\/\/www.galerie-metzger.de\/wp-content\/uploads\/2020\/05\/Beate-Kuhn-untitled-2015-287x182x8cm-galerie-metzger-sculpture-keramik-plastische-arbeit-gallery-1024x1536.jpg 1024w, https:\/\/www.galerie-metzger.de\/wp-content\/uploads\/2020\/05\/Beate-Kuhn-untitled-2015-287x182x8cm-galerie-metzger-sculpture-keramik-plastische-arbeit-gallery-1365x2048.jpg 1365w, https:\/\/www.galerie-metzger.de\/wp-content\/uploads\/2020\/05\/Beate-Kuhn-untitled-2015-287x182x8cm-galerie-metzger-sculpture-keramik-plastische-arbeit-gallery-1000x1500.jpg 1000w, https:\/\/www.galerie-metzger.de\/wp-content\/uploads\/2020\/05\/Beate-Kuhn-untitled-2015-287x182x8cm-galerie-metzger-sculpture-keramik-plastische-arbeit-gallery-470x705.jpg 470w, https:\/\/www.galerie-metzger.de\/wp-content\/uploads\/2020\/05\/Beate-Kuhn-untitled-2015-287x182x8cm-galerie-metzger-sculpture-keramik-plastische-arbeit-gallery-267x400.jpg 267w, https:\/\/www.galerie-metzger.de\/wp-content\/uploads\/2020\/05\/Beate-Kuhn-untitled-2015-287x182x8cm-galerie-metzger-sculpture-keramik-plastische-arbeit-gallery-768x1152.jpg 768w, https:\/\/www.galerie-metzger.de\/wp-content\/uploads\/2020\/05\/Beate-Kuhn-untitled-2015-287x182x8cm-galerie-metzger-sculpture-keramik-plastische-arbeit-gallery-687x1030.jpg 687w, https:\/\/www.galerie-metzger.de\/wp-content\/uploads\/2020\/05\/Beate-Kuhn-untitled-2015-287x182x8cm-galerie-metzger-sculpture-keramik-plastische-arbeit-gallery-450x675.jpg 450w, https:\/\/www.galerie-metzger.de\/wp-content\/uploads\/2020\/05\/Beate-Kuhn-untitled-2015-287x182x8cm-galerie-metzger-sculpture-keramik-plastische-arbeit-gallery-scaled.jpg 1707w\" data-sizes=\"(max-width: 687px) 100vw, 687px\" class='avia_image' ><div class=\"av-image-caption-overlay\"><div class=\"av-caption-image-overlay-bg\"><\/div><div class=\"av-image-caption-overlay-position\"><div class=\"av-image-caption-overlay-center\"><p>Beate Kuhn \u2013 untitled \u2013\u00a02015, 28,7&#215;18,2&#215;8 cm, Foto: Edi Baumann<\/p>\n<\/div><\/div><\/div><img decoding=\"async\" class='wp-image-8304 avia-img-lazy-loading-not-8304 avia_image ' src=\"https:\/\/www.galerie-metzger.de\/wp-content\/uploads\/2020\/05\/Beate-Kuhn-untitled-2015-287x182x8cm-galerie-metzger-sculpture-keramik-plastische-arbeit-gallery-scaled.jpg\" alt='Beate Kuhn-untitled-2015-28,7x18,2x8 cm' title='Beate Kuhn-untitled-2015-28,7x18,2x8 cm'  height=\"2560\" width=\"1707\" srcset=\"https:\/\/www.galerie-metzger.de\/wp-content\/uploads\/2020\/05\/Beate-Kuhn-untitled-2015-287x182x8cm-galerie-metzger-sculpture-keramik-plastische-arbeit-gallery-scaled.jpg 1707w, https:\/\/www.galerie-metzger.de\/wp-content\/uploads\/2020\/05\/Beate-Kuhn-untitled-2015-287x182x8cm-galerie-metzger-sculpture-keramik-plastische-arbeit-gallery-690x1035.jpg 690w, https:\/\/www.galerie-metzger.de\/wp-content\/uploads\/2020\/05\/Beate-Kuhn-untitled-2015-287x182x8cm-galerie-metzger-sculpture-keramik-plastische-arbeit-gallery-727x1090.jpg 727w, https:\/\/www.galerie-metzger.de\/wp-content\/uploads\/2020\/05\/Beate-Kuhn-untitled-2015-287x182x8cm-galerie-metzger-sculpture-keramik-plastische-arbeit-gallery-1024x1536.jpg 1024w, https:\/\/www.galerie-metzger.de\/wp-content\/uploads\/2020\/05\/Beate-Kuhn-untitled-2015-287x182x8cm-galerie-metzger-sculpture-keramik-plastische-arbeit-gallery-1365x2048.jpg 1365w, https:\/\/www.galerie-metzger.de\/wp-content\/uploads\/2020\/05\/Beate-Kuhn-untitled-2015-287x182x8cm-galerie-metzger-sculpture-keramik-plastische-arbeit-gallery-1000x1500.jpg 1000w, https:\/\/www.galerie-metzger.de\/wp-content\/uploads\/2020\/05\/Beate-Kuhn-untitled-2015-287x182x8cm-galerie-metzger-sculpture-keramik-plastische-arbeit-gallery-470x705.jpg 470w, https:\/\/www.galerie-metzger.de\/wp-content\/uploads\/2020\/05\/Beate-Kuhn-untitled-2015-287x182x8cm-galerie-metzger-sculpture-keramik-plastische-arbeit-gallery-267x400.jpg 267w, https:\/\/www.galerie-metzger.de\/wp-content\/uploads\/2020\/05\/Beate-Kuhn-untitled-2015-287x182x8cm-galerie-metzger-sculpture-keramik-plastische-arbeit-gallery-768x1152.jpg 768w, https:\/\/www.galerie-metzger.de\/wp-content\/uploads\/2020\/05\/Beate-Kuhn-untitled-2015-287x182x8cm-galerie-metzger-sculpture-keramik-plastische-arbeit-gallery-687x1030.jpg 687w, https:\/\/www.galerie-metzger.de\/wp-content\/uploads\/2020\/05\/Beate-Kuhn-untitled-2015-287x182x8cm-galerie-metzger-sculpture-keramik-plastische-arbeit-gallery-450x675.jpg 450w\" sizes=\"(max-width: 1707px) 100vw, 1707px\" \/><\/a><\/div><\/div><\/div><br \/>\n<section  class='av_textblock_section av-av_textblock-2df6986536148a6092118248b21c996c' ><div class='avia_textblock jo_werk_anfrage' ><p><a class=\"anfrage\" href=\"mailto:info@galerie-metzger.de?subject=Beate%20Kuhn%20untitled%202015\">Anfrage zum Werk<\/a><\/p>\n<\/div><\/section><\/p><\/div><div class='av-flex-placeholder'><\/div>\n<style type=\"text\/css\" data-created_by=\"avia_inline_auto\" id=\"style-css-av-2gsxvhb-ca9679bebbe6e460ec9c9d0c915ad2e5\">\n.flex_column.av-2gsxvhb-ca9679bebbe6e460ec9c9d0c915ad2e5{\n-webkit-border-radius:0px 0px 0px 0px;\n-moz-border-radius:0px 0px 0px 0px;\nborder-radius:0px 0px 0px 0px;\n}\n<\/style>\n<div class='flex_column av-2gsxvhb-ca9679bebbe6e460ec9c9d0c915ad2e5 av_one_third  avia-builder-el-75  el_after_av_one_third  el_before_av_one_third  jo_col_empty flex_column_table_cell av-equal-height-column av-align-top av-animated-generic fade-in av-zero-column-padding column-top-margin'     ><section  class='av_textblock_section av-2ebrkhr-7982fab1bb27e611fade3e31fb8d8b3f' ><div class='avia_textblock' ><p>invisible placeholder<\/p>\n<\/div><\/section><\/div><div class='av-flex-placeholder'><\/div>\n<style type=\"text\/css\" data-created_by=\"avia_inline_auto\" id=\"style-css-av-crtdr-bcf20628e49305ba3ebee0160c9af2ab\">\n.flex_column.av-crtdr-bcf20628e49305ba3ebee0160c9af2ab{\n-webkit-border-radius:0px 0px 0px 0px;\n-moz-border-radius:0px 0px 0px 0px;\nborder-radius:0px 0px 0px 0px;\n}\n<\/style>\n<div class='flex_column av-crtdr-bcf20628e49305ba3ebee0160c9af2ab av_one_third  avia-builder-el-77  el_after_av_one_third  el_before_av_one_full  jo_pf_bild_bg flex_column_table_cell av-equal-height-column av-align-top av-animated-generic fade-in av-zero-column-padding column-top-margin'     ><p>\n<style type=\"text\/css\" data-created_by=\"avia_inline_auto\" id=\"style-css-av-av_image-5c005187ff3d867cd8b89354db78356f\">\n.avia-image-container.av-av_image-5c005187ff3d867cd8b89354db78356f img.avia_image{\nbox-shadow:none;\n}\n.avia-image-container.av-av_image-5c005187ff3d867cd8b89354db78356f .av-caption-image-overlay-bg{\nopacity:0.4;\n}\n<\/style>\n<div  class='avia-image-container av-av_image-5c005187ff3d867cd8b89354db78356f av-styling-no-styling avia_animated_image av-animated-when-visible-95 fade-in avia-align-left  avia-builder-el-78  el_before_av_textblock  avia-builder-el-first  jo_pf_bild noHover av-overlay-hover-deactivate'  ><div class=\"avia-image-container-inner\"><div class=\"avia-image-overlay-wrap\"><a href=\"https:\/\/www.galerie-metzger.de\/wp-content\/uploads\/2019\/12\/Beate-Kuhn-Linolschnitt-1957-Auflage-unbekannt-galerie-metzger-gallery-art-ceramic-art-object-727x1090.jpg\" data-srcset=\"https:\/\/www.galerie-metzger.de\/wp-content\/uploads\/2019\/12\/Beate-Kuhn-Linolschnitt-1957-Auflage-unbekannt-galerie-metzger-gallery-art-ceramic-art-object-727x1090.jpg 727w, https:\/\/www.galerie-metzger.de\/wp-content\/uploads\/2019\/12\/Beate-Kuhn-Linolschnitt-1957-Auflage-unbekannt-galerie-metzger-gallery-art-ceramic-art-object-690x1035.jpg 690w, https:\/\/www.galerie-metzger.de\/wp-content\/uploads\/2019\/12\/Beate-Kuhn-Linolschnitt-1957-Auflage-unbekannt-galerie-metzger-gallery-art-ceramic-art-object-1024x1536.jpg 1024w, https:\/\/www.galerie-metzger.de\/wp-content\/uploads\/2019\/12\/Beate-Kuhn-Linolschnitt-1957-Auflage-unbekannt-galerie-metzger-gallery-art-ceramic-art-object-1365x2048.jpg 1365w, https:\/\/www.galerie-metzger.de\/wp-content\/uploads\/2019\/12\/Beate-Kuhn-Linolschnitt-1957-Auflage-unbekannt-galerie-metzger-gallery-art-ceramic-art-object-1000x1500.jpg 1000w, https:\/\/www.galerie-metzger.de\/wp-content\/uploads\/2019\/12\/Beate-Kuhn-Linolschnitt-1957-Auflage-unbekannt-galerie-metzger-gallery-art-ceramic-art-object-470x705.jpg 470w, https:\/\/www.galerie-metzger.de\/wp-content\/uploads\/2019\/12\/Beate-Kuhn-Linolschnitt-1957-Auflage-unbekannt-galerie-metzger-gallery-art-ceramic-art-object-267x400.jpg 267w, https:\/\/www.galerie-metzger.de\/wp-content\/uploads\/2019\/12\/Beate-Kuhn-Linolschnitt-1957-Auflage-unbekannt-galerie-metzger-gallery-art-ceramic-art-object-768x1152.jpg 768w, https:\/\/www.galerie-metzger.de\/wp-content\/uploads\/2019\/12\/Beate-Kuhn-Linolschnitt-1957-Auflage-unbekannt-galerie-metzger-gallery-art-ceramic-art-object-687x1030.jpg 687w, https:\/\/www.galerie-metzger.de\/wp-content\/uploads\/2019\/12\/Beate-Kuhn-Linolschnitt-1957-Auflage-unbekannt-galerie-metzger-gallery-art-ceramic-art-object-450x675.jpg 450w, https:\/\/www.galerie-metzger.de\/wp-content\/uploads\/2019\/12\/Beate-Kuhn-Linolschnitt-1957-Auflage-unbekannt-galerie-metzger-gallery-art-ceramic-art-object.jpg 1472w\" data-sizes=\"(max-width: 687px) 100vw, 687px\" class='avia_image' ><div class=\"av-image-caption-overlay\"><div class=\"av-caption-image-overlay-bg\"><\/div><div class=\"av-image-caption-overlay-position\"><div class=\"av-image-caption-overlay-center\"><p>Beate Kuhn \u2013 Linolschnitt \u2013 1957, 29&#215;21 cm, Foto: Edi Baumann<\/p>\n<\/div><\/div><\/div><img decoding=\"async\" class='wp-image-7829 avia-img-lazy-loading-not-7829 avia_image ' src=\"https:\/\/www.galerie-metzger.de\/wp-content\/uploads\/2019\/12\/Beate-Kuhn-Linolschnitt-1957-Auflage-unbekannt-galerie-metzger-gallery-art-ceramic-art-object.jpg\" alt='Beate Kuhn - Linolschnitt -1957, Auflage unbekannt' title='Beate Kuhn - Linolschnitt -1957, Auflage unbekannt'  height=\"2208\" width=\"1472\" srcset=\"https:\/\/www.galerie-metzger.de\/wp-content\/uploads\/2019\/12\/Beate-Kuhn-Linolschnitt-1957-Auflage-unbekannt-galerie-metzger-gallery-art-ceramic-art-object.jpg 1472w, https:\/\/www.galerie-metzger.de\/wp-content\/uploads\/2019\/12\/Beate-Kuhn-Linolschnitt-1957-Auflage-unbekannt-galerie-metzger-gallery-art-ceramic-art-object-690x1035.jpg 690w, https:\/\/www.galerie-metzger.de\/wp-content\/uploads\/2019\/12\/Beate-Kuhn-Linolschnitt-1957-Auflage-unbekannt-galerie-metzger-gallery-art-ceramic-art-object-727x1090.jpg 727w, https:\/\/www.galerie-metzger.de\/wp-content\/uploads\/2019\/12\/Beate-Kuhn-Linolschnitt-1957-Auflage-unbekannt-galerie-metzger-gallery-art-ceramic-art-object-1024x1536.jpg 1024w, https:\/\/www.galerie-metzger.de\/wp-content\/uploads\/2019\/12\/Beate-Kuhn-Linolschnitt-1957-Auflage-unbekannt-galerie-metzger-gallery-art-ceramic-art-object-1365x2048.jpg 1365w, https:\/\/www.galerie-metzger.de\/wp-content\/uploads\/2019\/12\/Beate-Kuhn-Linolschnitt-1957-Auflage-unbekannt-galerie-metzger-gallery-art-ceramic-art-object-1000x1500.jpg 1000w, https:\/\/www.galerie-metzger.de\/wp-content\/uploads\/2019\/12\/Beate-Kuhn-Linolschnitt-1957-Auflage-unbekannt-galerie-metzger-gallery-art-ceramic-art-object-470x705.jpg 470w, https:\/\/www.galerie-metzger.de\/wp-content\/uploads\/2019\/12\/Beate-Kuhn-Linolschnitt-1957-Auflage-unbekannt-galerie-metzger-gallery-art-ceramic-art-object-267x400.jpg 267w, https:\/\/www.galerie-metzger.de\/wp-content\/uploads\/2019\/12\/Beate-Kuhn-Linolschnitt-1957-Auflage-unbekannt-galerie-metzger-gallery-art-ceramic-art-object-768x1152.jpg 768w, https:\/\/www.galerie-metzger.de\/wp-content\/uploads\/2019\/12\/Beate-Kuhn-Linolschnitt-1957-Auflage-unbekannt-galerie-metzger-gallery-art-ceramic-art-object-687x1030.jpg 687w, https:\/\/www.galerie-metzger.de\/wp-content\/uploads\/2019\/12\/Beate-Kuhn-Linolschnitt-1957-Auflage-unbekannt-galerie-metzger-gallery-art-ceramic-art-object-450x675.jpg 450w\" sizes=\"(max-width: 1472px) 100vw, 1472px\" \/><\/a><\/div><\/div><\/div><br \/>\n<section  class='av_textblock_section av-av_textblock-2df6986536148a6092118248b21c996c' ><div class='avia_textblock jo_werk_anfrage' ><p><a class=\"anfrage\" href=\"mailto:info@galerie-metzger.de?subject=Beate%20Kuhn%20Linolschnitt%201957\">Anfrage zum Werk<\/a><\/p>\n<\/div><\/section><\/p><\/div><\/div><!--close column table wrapper. Autoclose: 1 --><div class='flex_column_table av-2gsxvhb-1118cc7ed190ef12b94344766d75b468 sc-av_one_full av-equal-height-column-flextable'>\n<style type=\"text\/css\" data-created_by=\"avia_inline_auto\" id=\"style-css-av-2gsxvhb-1118cc7ed190ef12b94344766d75b468\">\n.flex_column.av-2gsxvhb-1118cc7ed190ef12b94344766d75b468{\n-webkit-border-radius:0px 0px 0px 0px;\n-moz-border-radius:0px 0px 0px 0px;\nborder-radius:0px 0px 0px 0px;\n}\n<\/style>\n<div class='flex_column av-2gsxvhb-1118cc7ed190ef12b94344766d75b468 av_one_full  avia-builder-el-80  el_after_av_one_third  el_before_av_one_third  jo_col_empty first flex_column_table_cell av-equal-height-column av-align-top av-animated-generic fade-in av-zero-column-padding column-top-margin'     ><section  class='av_textblock_section av-2ebrkhr-7982fab1bb27e611fade3e31fb8d8b3f' ><div class='avia_textblock' ><p>invisible placeholder<\/p>\n<\/div><\/section><\/div><\/div><!--close column table wrapper. Autoclose: 1 --><div class='flex_column_table av-22ccvjz-c20c10c7f195c3bda27bd103a17649b8 sc-av_one_third av-equal-height-column-flextable'>\n<style type=\"text\/css\" data-created_by=\"avia_inline_auto\" id=\"style-css-av-22ccvjz-c20c10c7f195c3bda27bd103a17649b8\">\n.flex_column.av-22ccvjz-c20c10c7f195c3bda27bd103a17649b8{\n-webkit-border-radius:0px 0px 0px 0px;\n-moz-border-radius:0px 0px 0px 0px;\nborder-radius:0px 0px 0px 0px;\n}\n<\/style>\n<div class='flex_column av-22ccvjz-c20c10c7f195c3bda27bd103a17649b8 av_one_third  avia-builder-el-82  el_after_av_one_full  el_before_av_one_third  jo_pf_bild_bg first flex_column_table_cell av-equal-height-column av-align-top av-animated-generic fade-in av-zero-column-padding column-top-margin'     ><style type=\"text\/css\" data-created_by=\"avia_inline_auto\" id=\"style-css-av-av_image-15fb51bfe0a620656fe4780eae004da3\">\n.avia-image-container.av-av_image-15fb51bfe0a620656fe4780eae004da3 img.avia_image{\nbox-shadow:none;\n}\n.avia-image-container.av-av_image-15fb51bfe0a620656fe4780eae004da3 .av-caption-image-overlay-bg{\nopacity:0.4;\n}\n<\/style>\n<div  class='avia-image-container av-av_image-15fb51bfe0a620656fe4780eae004da3 av-styling-no-styling avia_animated_image av-animated-when-visible-95 fade-in avia-align-left  avia-builder-el-83  avia-builder-el-no-sibling  jo_pf_bild noHover av-overlay-hover-deactivate'  ><div class=\"avia-image-container-inner\"><div class=\"avia-image-overlay-wrap\"><a href=\"https:\/\/www.galerie-metzger.de\/wp-content\/uploads\/2019\/12\/Beate-Kuhn-Kaktus-18x28x26cm-galerie-metzger-deutsche-studiokeramik-sculpture-gallery-1090x727.jpg\" data-srcset=\"https:\/\/www.galerie-metzger.de\/wp-content\/uploads\/2019\/12\/Beate-Kuhn-Kaktus-18x28x26cm-galerie-metzger-deutsche-studiokeramik-sculpture-gallery-1090x727.jpg 1090w, https:\/\/www.galerie-metzger.de\/wp-content\/uploads\/2019\/12\/Beate-Kuhn-Kaktus-18x28x26cm-galerie-metzger-deutsche-studiokeramik-sculpture-gallery-690x460.jpg 690w, https:\/\/www.galerie-metzger.de\/wp-content\/uploads\/2019\/12\/Beate-Kuhn-Kaktus-18x28x26cm-galerie-metzger-deutsche-studiokeramik-sculpture-gallery-1536x1024.jpg 1536w, https:\/\/www.galerie-metzger.de\/wp-content\/uploads\/2019\/12\/Beate-Kuhn-Kaktus-18x28x26cm-galerie-metzger-deutsche-studiokeramik-sculpture-gallery-2048x1365.jpg 2048w, https:\/\/www.galerie-metzger.de\/wp-content\/uploads\/2019\/12\/Beate-Kuhn-Kaktus-18x28x26cm-galerie-metzger-deutsche-studiokeramik-sculpture-gallery-1500x1000.jpg 1500w, https:\/\/www.galerie-metzger.de\/wp-content\/uploads\/2019\/12\/Beate-Kuhn-Kaktus-18x28x26cm-galerie-metzger-deutsche-studiokeramik-sculpture-gallery-705x470.jpg 705w, https:\/\/www.galerie-metzger.de\/wp-content\/uploads\/2019\/12\/Beate-Kuhn-Kaktus-18x28x26cm-galerie-metzger-deutsche-studiokeramik-sculpture-gallery-400x267.jpg 400w, https:\/\/www.galerie-metzger.de\/wp-content\/uploads\/2019\/12\/Beate-Kuhn-Kaktus-18x28x26cm-galerie-metzger-deutsche-studiokeramik-sculpture-gallery-768x512.jpg 768w, https:\/\/www.galerie-metzger.de\/wp-content\/uploads\/2019\/12\/Beate-Kuhn-Kaktus-18x28x26cm-galerie-metzger-deutsche-studiokeramik-sculpture-gallery-1030x687.jpg 1030w, https:\/\/www.galerie-metzger.de\/wp-content\/uploads\/2019\/12\/Beate-Kuhn-Kaktus-18x28x26cm-galerie-metzger-deutsche-studiokeramik-sculpture-gallery-300x200.jpg 300w, https:\/\/www.galerie-metzger.de\/wp-content\/uploads\/2019\/12\/Beate-Kuhn-Kaktus-18x28x26cm-galerie-metzger-deutsche-studiokeramik-sculpture-gallery-900x600.jpg 900w, https:\/\/www.galerie-metzger.de\/wp-content\/uploads\/2019\/12\/Beate-Kuhn-Kaktus-18x28x26cm-galerie-metzger-deutsche-studiokeramik-sculpture-gallery-450x300.jpg 450w\" data-sizes=\"(max-width: 1030px) 100vw, 1030px\" class='avia_image' ><div class=\"av-image-caption-overlay\"><div class=\"av-caption-image-overlay-bg\"><\/div><div class=\"av-image-caption-overlay-position\"><div class=\"av-image-caption-overlay-center\"><p>Beate Kuhn \u2013 Kaktus \u2013\u00a0um 1967, 18x28x26 cm, Foto: Edi Baumann<\/p>\n<\/div><\/div><\/div><img decoding=\"async\" class='wp-image-7875 avia-img-lazy-loading-not-7875 avia_image ' src=\"https:\/\/www.galerie-metzger.de\/wp-content\/uploads\/2019\/12\/Beate-Kuhn-Kaktus-18x28x26cm-galerie-metzger-deutsche-studiokeramik-sculpture-gallery-690x460.jpg\" alt='Beate Kuhn - Kaktus - 18x28x26 cm' title='Beate Kuhn - Kaktus - 18x28x26 cm'  height=\"460\" width=\"690\" srcset=\"https:\/\/www.galerie-metzger.de\/wp-content\/uploads\/2019\/12\/Beate-Kuhn-Kaktus-18x28x26cm-galerie-metzger-deutsche-studiokeramik-sculpture-gallery-690x460.jpg 690w, https:\/\/www.galerie-metzger.de\/wp-content\/uploads\/2019\/12\/Beate-Kuhn-Kaktus-18x28x26cm-galerie-metzger-deutsche-studiokeramik-sculpture-gallery-1090x727.jpg 1090w, https:\/\/www.galerie-metzger.de\/wp-content\/uploads\/2019\/12\/Beate-Kuhn-Kaktus-18x28x26cm-galerie-metzger-deutsche-studiokeramik-sculpture-gallery-1536x1024.jpg 1536w, https:\/\/www.galerie-metzger.de\/wp-content\/uploads\/2019\/12\/Beate-Kuhn-Kaktus-18x28x26cm-galerie-metzger-deutsche-studiokeramik-sculpture-gallery-2048x1365.jpg 2048w, https:\/\/www.galerie-metzger.de\/wp-content\/uploads\/2019\/12\/Beate-Kuhn-Kaktus-18x28x26cm-galerie-metzger-deutsche-studiokeramik-sculpture-gallery-1500x1000.jpg 1500w, https:\/\/www.galerie-metzger.de\/wp-content\/uploads\/2019\/12\/Beate-Kuhn-Kaktus-18x28x26cm-galerie-metzger-deutsche-studiokeramik-sculpture-gallery-705x470.jpg 705w, https:\/\/www.galerie-metzger.de\/wp-content\/uploads\/2019\/12\/Beate-Kuhn-Kaktus-18x28x26cm-galerie-metzger-deutsche-studiokeramik-sculpture-gallery-400x267.jpg 400w, https:\/\/www.galerie-metzger.de\/wp-content\/uploads\/2019\/12\/Beate-Kuhn-Kaktus-18x28x26cm-galerie-metzger-deutsche-studiokeramik-sculpture-gallery-768x512.jpg 768w, https:\/\/www.galerie-metzger.de\/wp-content\/uploads\/2019\/12\/Beate-Kuhn-Kaktus-18x28x26cm-galerie-metzger-deutsche-studiokeramik-sculpture-gallery-1030x687.jpg 1030w, https:\/\/www.galerie-metzger.de\/wp-content\/uploads\/2019\/12\/Beate-Kuhn-Kaktus-18x28x26cm-galerie-metzger-deutsche-studiokeramik-sculpture-gallery-300x200.jpg 300w, https:\/\/www.galerie-metzger.de\/wp-content\/uploads\/2019\/12\/Beate-Kuhn-Kaktus-18x28x26cm-galerie-metzger-deutsche-studiokeramik-sculpture-gallery-900x600.jpg 900w, https:\/\/www.galerie-metzger.de\/wp-content\/uploads\/2019\/12\/Beate-Kuhn-Kaktus-18x28x26cm-galerie-metzger-deutsche-studiokeramik-sculpture-gallery-450x300.jpg 450w\" sizes=\"(max-width: 690px) 100vw, 690px\" \/><\/a><\/div><\/div><\/div><\/div><div class='av-flex-placeholder'><\/div>\n<style type=\"text\/css\" data-created_by=\"avia_inline_auto\" id=\"style-css-av-22ccvjz-ad468ee973643f648d80b19378020a49\">\n.flex_column.av-22ccvjz-ad468ee973643f648d80b19378020a49{\n-webkit-border-radius:0px 0px 0px 0px;\n-moz-border-radius:0px 0px 0px 0px;\nborder-radius:0px 0px 0px 0px;\n}\n<\/style>\n<div class='flex_column av-22ccvjz-ad468ee973643f648d80b19378020a49 av_one_third  avia-builder-el-84  el_after_av_one_third  el_before_av_one_third  jo_pf_bild_bg flex_column_table_cell av-equal-height-column av-align-top av-animated-generic fade-in av-zero-column-padding column-top-margin'     ><style type=\"text\/css\" data-created_by=\"avia_inline_auto\" id=\"style-css-av-av_image-15fb51bfe0a620656fe4780eae004da3\">\n.avia-image-container.av-av_image-15fb51bfe0a620656fe4780eae004da3 img.avia_image{\nbox-shadow:none;\n}\n.avia-image-container.av-av_image-15fb51bfe0a620656fe4780eae004da3 .av-caption-image-overlay-bg{\nopacity:0.4;\n}\n<\/style>\n<div  class='avia-image-container av-av_image-15fb51bfe0a620656fe4780eae004da3 av-styling-no-styling avia_animated_image av-animated-when-visible-95 fade-in avia-align-left  avia-builder-el-85  avia-builder-el-no-sibling  jo_pf_bild noHover av-overlay-hover-deactivate'  ><div class=\"avia-image-container-inner\"><div class=\"avia-image-overlay-wrap\"><a href=\"https:\/\/www.galerie-metzger.de\/wp-content\/uploads\/2019\/12\/Beate-Kuhn-Kaktus-18x28x26cm-galerie-metzger-deutsche-studiokeramik-sculpture-gallery-1090x727.jpg\" data-srcset=\"https:\/\/www.galerie-metzger.de\/wp-content\/uploads\/2019\/12\/Beate-Kuhn-Kaktus-18x28x26cm-galerie-metzger-deutsche-studiokeramik-sculpture-gallery-1090x727.jpg 1090w, https:\/\/www.galerie-metzger.de\/wp-content\/uploads\/2019\/12\/Beate-Kuhn-Kaktus-18x28x26cm-galerie-metzger-deutsche-studiokeramik-sculpture-gallery-690x460.jpg 690w, https:\/\/www.galerie-metzger.de\/wp-content\/uploads\/2019\/12\/Beate-Kuhn-Kaktus-18x28x26cm-galerie-metzger-deutsche-studiokeramik-sculpture-gallery-1536x1024.jpg 1536w, https:\/\/www.galerie-metzger.de\/wp-content\/uploads\/2019\/12\/Beate-Kuhn-Kaktus-18x28x26cm-galerie-metzger-deutsche-studiokeramik-sculpture-gallery-2048x1365.jpg 2048w, https:\/\/www.galerie-metzger.de\/wp-content\/uploads\/2019\/12\/Beate-Kuhn-Kaktus-18x28x26cm-galerie-metzger-deutsche-studiokeramik-sculpture-gallery-1500x1000.jpg 1500w, https:\/\/www.galerie-metzger.de\/wp-content\/uploads\/2019\/12\/Beate-Kuhn-Kaktus-18x28x26cm-galerie-metzger-deutsche-studiokeramik-sculpture-gallery-705x470.jpg 705w, https:\/\/www.galerie-metzger.de\/wp-content\/uploads\/2019\/12\/Beate-Kuhn-Kaktus-18x28x26cm-galerie-metzger-deutsche-studiokeramik-sculpture-gallery-400x267.jpg 400w, https:\/\/www.galerie-metzger.de\/wp-content\/uploads\/2019\/12\/Beate-Kuhn-Kaktus-18x28x26cm-galerie-metzger-deutsche-studiokeramik-sculpture-gallery-768x512.jpg 768w, https:\/\/www.galerie-metzger.de\/wp-content\/uploads\/2019\/12\/Beate-Kuhn-Kaktus-18x28x26cm-galerie-metzger-deutsche-studiokeramik-sculpture-gallery-1030x687.jpg 1030w, https:\/\/www.galerie-metzger.de\/wp-content\/uploads\/2019\/12\/Beate-Kuhn-Kaktus-18x28x26cm-galerie-metzger-deutsche-studiokeramik-sculpture-gallery-300x200.jpg 300w, https:\/\/www.galerie-metzger.de\/wp-content\/uploads\/2019\/12\/Beate-Kuhn-Kaktus-18x28x26cm-galerie-metzger-deutsche-studiokeramik-sculpture-gallery-900x600.jpg 900w, https:\/\/www.galerie-metzger.de\/wp-content\/uploads\/2019\/12\/Beate-Kuhn-Kaktus-18x28x26cm-galerie-metzger-deutsche-studiokeramik-sculpture-gallery-450x300.jpg 450w\" data-sizes=\"(max-width: 1030px) 100vw, 1030px\" class='avia_image' ><div class=\"av-image-caption-overlay\"><div class=\"av-caption-image-overlay-bg\"><\/div><div class=\"av-image-caption-overlay-position\"><div class=\"av-image-caption-overlay-center\"><p>Beate Kuhn \u2013 Kaktus \u2013\u00a0um 1967, 18x28x26 cm, Foto: Edi Baumann<\/p>\n<\/div><\/div><\/div><img decoding=\"async\" class='wp-image-7875 avia-img-lazy-loading-not-7875 avia_image ' src=\"https:\/\/www.galerie-metzger.de\/wp-content\/uploads\/2019\/12\/Beate-Kuhn-Kaktus-18x28x26cm-galerie-metzger-deutsche-studiokeramik-sculpture-gallery-690x460.jpg\" alt='Beate Kuhn - Kaktus - 18x28x26 cm' title='Beate Kuhn - Kaktus - 18x28x26 cm'  height=\"460\" width=\"690\" srcset=\"https:\/\/www.galerie-metzger.de\/wp-content\/uploads\/2019\/12\/Beate-Kuhn-Kaktus-18x28x26cm-galerie-metzger-deutsche-studiokeramik-sculpture-gallery-690x460.jpg 690w, https:\/\/www.galerie-metzger.de\/wp-content\/uploads\/2019\/12\/Beate-Kuhn-Kaktus-18x28x26cm-galerie-metzger-deutsche-studiokeramik-sculpture-gallery-1090x727.jpg 1090w, https:\/\/www.galerie-metzger.de\/wp-content\/uploads\/2019\/12\/Beate-Kuhn-Kaktus-18x28x26cm-galerie-metzger-deutsche-studiokeramik-sculpture-gallery-1536x1024.jpg 1536w, https:\/\/www.galerie-metzger.de\/wp-content\/uploads\/2019\/12\/Beate-Kuhn-Kaktus-18x28x26cm-galerie-metzger-deutsche-studiokeramik-sculpture-gallery-2048x1365.jpg 2048w, https:\/\/www.galerie-metzger.de\/wp-content\/uploads\/2019\/12\/Beate-Kuhn-Kaktus-18x28x26cm-galerie-metzger-deutsche-studiokeramik-sculpture-gallery-1500x1000.jpg 1500w, https:\/\/www.galerie-metzger.de\/wp-content\/uploads\/2019\/12\/Beate-Kuhn-Kaktus-18x28x26cm-galerie-metzger-deutsche-studiokeramik-sculpture-gallery-705x470.jpg 705w, https:\/\/www.galerie-metzger.de\/wp-content\/uploads\/2019\/12\/Beate-Kuhn-Kaktus-18x28x26cm-galerie-metzger-deutsche-studiokeramik-sculpture-gallery-400x267.jpg 400w, https:\/\/www.galerie-metzger.de\/wp-content\/uploads\/2019\/12\/Beate-Kuhn-Kaktus-18x28x26cm-galerie-metzger-deutsche-studiokeramik-sculpture-gallery-768x512.jpg 768w, https:\/\/www.galerie-metzger.de\/wp-content\/uploads\/2019\/12\/Beate-Kuhn-Kaktus-18x28x26cm-galerie-metzger-deutsche-studiokeramik-sculpture-gallery-1030x687.jpg 1030w, https:\/\/www.galerie-metzger.de\/wp-content\/uploads\/2019\/12\/Beate-Kuhn-Kaktus-18x28x26cm-galerie-metzger-deutsche-studiokeramik-sculpture-gallery-300x200.jpg 300w, https:\/\/www.galerie-metzger.de\/wp-content\/uploads\/2019\/12\/Beate-Kuhn-Kaktus-18x28x26cm-galerie-metzger-deutsche-studiokeramik-sculpture-gallery-900x600.jpg 900w, https:\/\/www.galerie-metzger.de\/wp-content\/uploads\/2019\/12\/Beate-Kuhn-Kaktus-18x28x26cm-galerie-metzger-deutsche-studiokeramik-sculpture-gallery-450x300.jpg 450w\" sizes=\"(max-width: 690px) 100vw, 690px\" \/><\/a><\/div><\/div><\/div><\/div><div class='av-flex-placeholder'><\/div>\n<style type=\"text\/css\" data-created_by=\"avia_inline_auto\" id=\"style-css-av-22ccvjz-ad468ee973643f648d80b19378020a49\">\n.flex_column.av-22ccvjz-ad468ee973643f648d80b19378020a49{\n-webkit-border-radius:0px 0px 0px 0px;\n-moz-border-radius:0px 0px 0px 0px;\nborder-radius:0px 0px 0px 0px;\n}\n<\/style>\n<div class='flex_column av-22ccvjz-ad468ee973643f648d80b19378020a49 av_one_third  avia-builder-el-86  el_after_av_one_third  el_before_av_one_full  jo_pf_bild_bg flex_column_table_cell av-equal-height-column av-align-top av-animated-generic fade-in av-zero-column-padding column-top-margin'     ><style type=\"text\/css\" data-created_by=\"avia_inline_auto\" id=\"style-css-av-av_image-d26afd9b0013a580346134e049c8b494\">\n.avia-image-container.av-av_image-d26afd9b0013a580346134e049c8b494 img.avia_image{\nbox-shadow:none;\n}\n.avia-image-container.av-av_image-d26afd9b0013a580346134e049c8b494 .av-caption-image-overlay-bg{\nopacity:0.4;\n}\n<\/style>\n<div  class='avia-image-container av-av_image-d26afd9b0013a580346134e049c8b494 av-styling-no-styling avia_animated_image av-animated-when-visible-95 fade-in avia-align-left  avia-builder-el-87  avia-builder-el-no-sibling  jo_pf_bild noHover av-overlay-hover-deactivate'  ><div class=\"avia-image-container-inner\"><div class=\"avia-image-overlay-wrap\"><a href=\"https:\/\/www.galerie-metzger.de\/wp-content\/uploads\/2019\/12\/Beate-Kuhn-cactus-18x28x26cm-galerie-metzger-keramik-angeandte-kunst-deutsche-studiokeramik-1090x727.jpg\" data-srcset=\"https:\/\/www.galerie-metzger.de\/wp-content\/uploads\/2019\/12\/Beate-Kuhn-cactus-18x28x26cm-galerie-metzger-keramik-angeandte-kunst-deutsche-studiokeramik-1090x727.jpg 1090w, https:\/\/www.galerie-metzger.de\/wp-content\/uploads\/2019\/12\/Beate-Kuhn-cactus-18x28x26cm-galerie-metzger-keramik-angeandte-kunst-deutsche-studiokeramik-690x460.jpg 690w, https:\/\/www.galerie-metzger.de\/wp-content\/uploads\/2019\/12\/Beate-Kuhn-cactus-18x28x26cm-galerie-metzger-keramik-angeandte-kunst-deutsche-studiokeramik-1536x1024.jpg 1536w, https:\/\/www.galerie-metzger.de\/wp-content\/uploads\/2019\/12\/Beate-Kuhn-cactus-18x28x26cm-galerie-metzger-keramik-angeandte-kunst-deutsche-studiokeramik-2048x1365.jpg 2048w, https:\/\/www.galerie-metzger.de\/wp-content\/uploads\/2019\/12\/Beate-Kuhn-cactus-18x28x26cm-galerie-metzger-keramik-angeandte-kunst-deutsche-studiokeramik-1500x1000.jpg 1500w, https:\/\/www.galerie-metzger.de\/wp-content\/uploads\/2019\/12\/Beate-Kuhn-cactus-18x28x26cm-galerie-metzger-keramik-angeandte-kunst-deutsche-studiokeramik-705x470.jpg 705w, https:\/\/www.galerie-metzger.de\/wp-content\/uploads\/2019\/12\/Beate-Kuhn-cactus-18x28x26cm-galerie-metzger-keramik-angeandte-kunst-deutsche-studiokeramik-400x267.jpg 400w, https:\/\/www.galerie-metzger.de\/wp-content\/uploads\/2019\/12\/Beate-Kuhn-cactus-18x28x26cm-galerie-metzger-keramik-angeandte-kunst-deutsche-studiokeramik-768x512.jpg 768w, https:\/\/www.galerie-metzger.de\/wp-content\/uploads\/2019\/12\/Beate-Kuhn-cactus-18x28x26cm-galerie-metzger-keramik-angeandte-kunst-deutsche-studiokeramik-1030x687.jpg 1030w, https:\/\/www.galerie-metzger.de\/wp-content\/uploads\/2019\/12\/Beate-Kuhn-cactus-18x28x26cm-galerie-metzger-keramik-angeandte-kunst-deutsche-studiokeramik-300x200.jpg 300w, https:\/\/www.galerie-metzger.de\/wp-content\/uploads\/2019\/12\/Beate-Kuhn-cactus-18x28x26cm-galerie-metzger-keramik-angeandte-kunst-deutsche-studiokeramik-900x600.jpg 900w, https:\/\/www.galerie-metzger.de\/wp-content\/uploads\/2019\/12\/Beate-Kuhn-cactus-18x28x26cm-galerie-metzger-keramik-angeandte-kunst-deutsche-studiokeramik-450x300.jpg 450w\" data-sizes=\"(max-width: 1030px) 100vw, 1030px\" class='avia_image' ><div class=\"av-image-caption-overlay\"><div class=\"av-caption-image-overlay-bg\"><\/div><div class=\"av-image-caption-overlay-position\"><div class=\"av-image-caption-overlay-center\"><p>Beate Kuhn \u2013 Kaktus \u2013\u00a0um 1967, 18x28x26 cm, Foto: Edi Baumann<\/p>\n<\/div><\/div><\/div><img decoding=\"async\" class='wp-image-7873 avia-img-lazy-loading-not-7873 avia_image ' src=\"https:\/\/www.galerie-metzger.de\/wp-content\/uploads\/2019\/12\/Beate-Kuhn-cactus-18x28x26cm-galerie-metzger-keramik-angeandte-kunst-deutsche-studiokeramik-690x460.jpg\" alt='Beate Kuhn - cactus - 18x28x26 cm' title='Beate Kuhn - cactus - 18x28x26 cm'  height=\"460\" width=\"690\" srcset=\"https:\/\/www.galerie-metzger.de\/wp-content\/uploads\/2019\/12\/Beate-Kuhn-cactus-18x28x26cm-galerie-metzger-keramik-angeandte-kunst-deutsche-studiokeramik-690x460.jpg 690w, https:\/\/www.galerie-metzger.de\/wp-content\/uploads\/2019\/12\/Beate-Kuhn-cactus-18x28x26cm-galerie-metzger-keramik-angeandte-kunst-deutsche-studiokeramik-1090x727.jpg 1090w, https:\/\/www.galerie-metzger.de\/wp-content\/uploads\/2019\/12\/Beate-Kuhn-cactus-18x28x26cm-galerie-metzger-keramik-angeandte-kunst-deutsche-studiokeramik-1536x1024.jpg 1536w, https:\/\/www.galerie-metzger.de\/wp-content\/uploads\/2019\/12\/Beate-Kuhn-cactus-18x28x26cm-galerie-metzger-keramik-angeandte-kunst-deutsche-studiokeramik-2048x1365.jpg 2048w, https:\/\/www.galerie-metzger.de\/wp-content\/uploads\/2019\/12\/Beate-Kuhn-cactus-18x28x26cm-galerie-metzger-keramik-angeandte-kunst-deutsche-studiokeramik-1500x1000.jpg 1500w, https:\/\/www.galerie-metzger.de\/wp-content\/uploads\/2019\/12\/Beate-Kuhn-cactus-18x28x26cm-galerie-metzger-keramik-angeandte-kunst-deutsche-studiokeramik-705x470.jpg 705w, https:\/\/www.galerie-metzger.de\/wp-content\/uploads\/2019\/12\/Beate-Kuhn-cactus-18x28x26cm-galerie-metzger-keramik-angeandte-kunst-deutsche-studiokeramik-400x267.jpg 400w, https:\/\/www.galerie-metzger.de\/wp-content\/uploads\/2019\/12\/Beate-Kuhn-cactus-18x28x26cm-galerie-metzger-keramik-angeandte-kunst-deutsche-studiokeramik-768x512.jpg 768w, https:\/\/www.galerie-metzger.de\/wp-content\/uploads\/2019\/12\/Beate-Kuhn-cactus-18x28x26cm-galerie-metzger-keramik-angeandte-kunst-deutsche-studiokeramik-1030x687.jpg 1030w, https:\/\/www.galerie-metzger.de\/wp-content\/uploads\/2019\/12\/Beate-Kuhn-cactus-18x28x26cm-galerie-metzger-keramik-angeandte-kunst-deutsche-studiokeramik-300x200.jpg 300w, https:\/\/www.galerie-metzger.de\/wp-content\/uploads\/2019\/12\/Beate-Kuhn-cactus-18x28x26cm-galerie-metzger-keramik-angeandte-kunst-deutsche-studiokeramik-900x600.jpg 900w, https:\/\/www.galerie-metzger.de\/wp-content\/uploads\/2019\/12\/Beate-Kuhn-cactus-18x28x26cm-galerie-metzger-keramik-angeandte-kunst-deutsche-studiokeramik-450x300.jpg 450w\" sizes=\"(max-width: 690px) 100vw, 690px\" \/><\/a><\/div><\/div><\/div><\/div><\/div><!--close column table wrapper. Autoclose: 1 --><div class='flex_column_table av-2gsxvhb-1118cc7ed190ef12b94344766d75b468 sc-av_one_full av-equal-height-column-flextable'>\n<style type=\"text\/css\" data-created_by=\"avia_inline_auto\" id=\"style-css-av-2gsxvhb-1118cc7ed190ef12b94344766d75b468\">\n.flex_column.av-2gsxvhb-1118cc7ed190ef12b94344766d75b468{\n-webkit-border-radius:0px 0px 0px 0px;\n-moz-border-radius:0px 0px 0px 0px;\nborder-radius:0px 0px 0px 0px;\n}\n<\/style>\n<div class='flex_column av-2gsxvhb-1118cc7ed190ef12b94344766d75b468 av_one_full  avia-builder-el-88  el_after_av_one_third  el_before_av_one_third  jo_col_empty first flex_column_table_cell av-equal-height-column av-align-top av-animated-generic fade-in av-zero-column-padding column-top-margin'     ><section  class='av_textblock_section av-2ebrkhr-7982fab1bb27e611fade3e31fb8d8b3f' ><div class='avia_textblock' ><p>invisible placeholder<\/p>\n<\/div><\/section><\/div><\/div><!--close column table wrapper. Autoclose: 1 --><div class='flex_column_table av-22ccvjz-c20c10c7f195c3bda27bd103a17649b8 sc-av_one_third av-equal-height-column-flextable'>\n<style type=\"text\/css\" data-created_by=\"avia_inline_auto\" id=\"style-css-av-22ccvjz-c20c10c7f195c3bda27bd103a17649b8\">\n.flex_column.av-22ccvjz-c20c10c7f195c3bda27bd103a17649b8{\n-webkit-border-radius:0px 0px 0px 0px;\n-moz-border-radius:0px 0px 0px 0px;\nborder-radius:0px 0px 0px 0px;\n}\n<\/style>\n<div class='flex_column av-22ccvjz-c20c10c7f195c3bda27bd103a17649b8 av_one_third  avia-builder-el-90  el_after_av_one_full  el_before_av_one_third  jo_pf_bild_bg first flex_column_table_cell av-equal-height-column av-align-top av-animated-generic fade-in av-zero-column-padding column-top-margin'     ><style type=\"text\/css\" data-created_by=\"avia_inline_auto\" id=\"style-css-av-av_image-9d98caaf10a5be22653b833695444110\">\n.avia-image-container.av-av_image-9d98caaf10a5be22653b833695444110 img.avia_image{\nbox-shadow:none;\n}\n.avia-image-container.av-av_image-9d98caaf10a5be22653b833695444110 .av-caption-image-overlay-bg{\nopacity:0.4;\n}\n<\/style>\n<div  class='avia-image-container av-av_image-9d98caaf10a5be22653b833695444110 av-styling-no-styling avia_animated_image av-animated-when-visible-95 fade-in avia-align-left  avia-builder-el-91  avia-builder-el-no-sibling  jo_pf_bild noHover av-overlay-hover-deactivate'  ><div class=\"avia-image-container-inner\"><div class=\"avia-image-overlay-wrap\"><a href=\"https:\/\/www.galerie-metzger.de\/wp-content\/uploads\/2019\/12\/Beate-KuhnKatze-um-1960-32x16x17cm-galerie-metzger-ceramic-art-object-angewandte-kunst-gallery-727x1090.jpg\" data-srcset=\"https:\/\/www.galerie-metzger.de\/wp-content\/uploads\/2019\/12\/Beate-KuhnKatze-um-1960-32x16x17cm-galerie-metzger-ceramic-art-object-angewandte-kunst-gallery-727x1090.jpg 727w, https:\/\/www.galerie-metzger.de\/wp-content\/uploads\/2019\/12\/Beate-KuhnKatze-um-1960-32x16x17cm-galerie-metzger-ceramic-art-object-angewandte-kunst-gallery-690x1035.jpg 690w, https:\/\/www.galerie-metzger.de\/wp-content\/uploads\/2019\/12\/Beate-KuhnKatze-um-1960-32x16x17cm-galerie-metzger-ceramic-art-object-angewandte-kunst-gallery-1024x1536.jpg 1024w, https:\/\/www.galerie-metzger.de\/wp-content\/uploads\/2019\/12\/Beate-KuhnKatze-um-1960-32x16x17cm-galerie-metzger-ceramic-art-object-angewandte-kunst-gallery-1365x2048.jpg 1365w, https:\/\/www.galerie-metzger.de\/wp-content\/uploads\/2019\/12\/Beate-KuhnKatze-um-1960-32x16x17cm-galerie-metzger-ceramic-art-object-angewandte-kunst-gallery-1000x1500.jpg 1000w, https:\/\/www.galerie-metzger.de\/wp-content\/uploads\/2019\/12\/Beate-KuhnKatze-um-1960-32x16x17cm-galerie-metzger-ceramic-art-object-angewandte-kunst-gallery-470x705.jpg 470w, https:\/\/www.galerie-metzger.de\/wp-content\/uploads\/2019\/12\/Beate-KuhnKatze-um-1960-32x16x17cm-galerie-metzger-ceramic-art-object-angewandte-kunst-gallery-267x400.jpg 267w, https:\/\/www.galerie-metzger.de\/wp-content\/uploads\/2019\/12\/Beate-KuhnKatze-um-1960-32x16x17cm-galerie-metzger-ceramic-art-object-angewandte-kunst-gallery-768x1152.jpg 768w, https:\/\/www.galerie-metzger.de\/wp-content\/uploads\/2019\/12\/Beate-KuhnKatze-um-1960-32x16x17cm-galerie-metzger-ceramic-art-object-angewandte-kunst-gallery-687x1030.jpg 687w, https:\/\/www.galerie-metzger.de\/wp-content\/uploads\/2019\/12\/Beate-KuhnKatze-um-1960-32x16x17cm-galerie-metzger-ceramic-art-object-angewandte-kunst-gallery-450x675.jpg 450w, https:\/\/www.galerie-metzger.de\/wp-content\/uploads\/2019\/12\/Beate-KuhnKatze-um-1960-32x16x17cm-galerie-metzger-ceramic-art-object-angewandte-kunst-gallery-scaled.jpg 1707w\" data-sizes=\"(max-width: 687px) 100vw, 687px\" class='avia_image' ><div class=\"av-image-caption-overlay\"><div class=\"av-caption-image-overlay-bg\"><\/div><div class=\"av-image-caption-overlay-position\"><div class=\"av-image-caption-overlay-center\"><p>Beate Kuhn \u2013 Katze mit abnehmbaren Kopf \u2013\u00a0um 1960, 32x16x17cm, Foto: Edi Baumann<\/p>\n<\/div><\/div><\/div><img decoding=\"async\" class='wp-image-7815 avia-img-lazy-loading-not-7815 avia_image ' src=\"https:\/\/www.galerie-metzger.de\/wp-content\/uploads\/2019\/12\/Beate-KuhnKatze-um-1960-32x16x17cm-galerie-metzger-ceramic-art-object-angewandte-kunst-gallery-scaled.jpg\" alt='Beate Kuhn - Katze - um 1960, 32x16x17cm' title='Beate Kuhn - Katze - um 1960, 32x16x17cm'  height=\"2560\" width=\"1707\" srcset=\"https:\/\/www.galerie-metzger.de\/wp-content\/uploads\/2019\/12\/Beate-KuhnKatze-um-1960-32x16x17cm-galerie-metzger-ceramic-art-object-angewandte-kunst-gallery-scaled.jpg 1707w, https:\/\/www.galerie-metzger.de\/wp-content\/uploads\/2019\/12\/Beate-KuhnKatze-um-1960-32x16x17cm-galerie-metzger-ceramic-art-object-angewandte-kunst-gallery-690x1035.jpg 690w, https:\/\/www.galerie-metzger.de\/wp-content\/uploads\/2019\/12\/Beate-KuhnKatze-um-1960-32x16x17cm-galerie-metzger-ceramic-art-object-angewandte-kunst-gallery-727x1090.jpg 727w, https:\/\/www.galerie-metzger.de\/wp-content\/uploads\/2019\/12\/Beate-KuhnKatze-um-1960-32x16x17cm-galerie-metzger-ceramic-art-object-angewandte-kunst-gallery-1024x1536.jpg 1024w, https:\/\/www.galerie-metzger.de\/wp-content\/uploads\/2019\/12\/Beate-KuhnKatze-um-1960-32x16x17cm-galerie-metzger-ceramic-art-object-angewandte-kunst-gallery-1365x2048.jpg 1365w, https:\/\/www.galerie-metzger.de\/wp-content\/uploads\/2019\/12\/Beate-KuhnKatze-um-1960-32x16x17cm-galerie-metzger-ceramic-art-object-angewandte-kunst-gallery-1000x1500.jpg 1000w, https:\/\/www.galerie-metzger.de\/wp-content\/uploads\/2019\/12\/Beate-KuhnKatze-um-1960-32x16x17cm-galerie-metzger-ceramic-art-object-angewandte-kunst-gallery-470x705.jpg 470w, https:\/\/www.galerie-metzger.de\/wp-content\/uploads\/2019\/12\/Beate-KuhnKatze-um-1960-32x16x17cm-galerie-metzger-ceramic-art-object-angewandte-kunst-gallery-267x400.jpg 267w, https:\/\/www.galerie-metzger.de\/wp-content\/uploads\/2019\/12\/Beate-KuhnKatze-um-1960-32x16x17cm-galerie-metzger-ceramic-art-object-angewandte-kunst-gallery-768x1152.jpg 768w, https:\/\/www.galerie-metzger.de\/wp-content\/uploads\/2019\/12\/Beate-KuhnKatze-um-1960-32x16x17cm-galerie-metzger-ceramic-art-object-angewandte-kunst-gallery-687x1030.jpg 687w, https:\/\/www.galerie-metzger.de\/wp-content\/uploads\/2019\/12\/Beate-KuhnKatze-um-1960-32x16x17cm-galerie-metzger-ceramic-art-object-angewandte-kunst-gallery-450x675.jpg 450w\" sizes=\"(max-width: 1707px) 100vw, 1707px\" \/><\/a><\/div><\/div><\/div><\/div><div class='av-flex-placeholder'><\/div>\n<style type=\"text\/css\" data-created_by=\"avia_inline_auto\" id=\"style-css-av-22ccvjz-ad468ee973643f648d80b19378020a49\">\n.flex_column.av-22ccvjz-ad468ee973643f648d80b19378020a49{\n-webkit-border-radius:0px 0px 0px 0px;\n-moz-border-radius:0px 0px 0px 0px;\nborder-radius:0px 0px 0px 0px;\n}\n<\/style>\n<div class='flex_column av-22ccvjz-ad468ee973643f648d80b19378020a49 av_one_third  avia-builder-el-92  el_after_av_one_third  el_before_av_one_third  jo_pf_bild_bg flex_column_table_cell av-equal-height-column av-align-top av-animated-generic fade-in av-zero-column-padding column-top-margin'     ><style type=\"text\/css\" data-created_by=\"avia_inline_auto\" id=\"style-css-av-av_image-491d407cc65a197bbabd45932555ec47\">\n.avia-image-container.av-av_image-491d407cc65a197bbabd45932555ec47 img.avia_image{\nbox-shadow:none;\n}\n.avia-image-container.av-av_image-491d407cc65a197bbabd45932555ec47 .av-caption-image-overlay-bg{\nopacity:0.4;\n}\n<\/style>\n<div  class='avia-image-container av-av_image-491d407cc65a197bbabd45932555ec47 av-styling-no-styling avia_animated_image av-animated-when-visible-95 fade-in avia-align-left  avia-builder-el-93  avia-builder-el-no-sibling  jo_pf_bild noHover av-overlay-hover-deactivate'  ><div class=\"avia-image-container-inner\"><div class=\"avia-image-overlay-wrap\"><a href=\"https:\/\/www.galerie-metzger.de\/wp-content\/uploads\/2019\/12\/Kuhn-Beate-Katze-um-1960-32x16x17cm-galerie-metzger-ceramic-art-object-deutsche-studio-keramik-sculpture-1090x727.jpg\" data-srcset=\"https:\/\/www.galerie-metzger.de\/wp-content\/uploads\/2019\/12\/Kuhn-Beate-Katze-um-1960-32x16x17cm-galerie-metzger-ceramic-art-object-deutsche-studio-keramik-sculpture-1090x727.jpg 1090w, https:\/\/www.galerie-metzger.de\/wp-content\/uploads\/2019\/12\/Kuhn-Beate-Katze-um-1960-32x16x17cm-galerie-metzger-ceramic-art-object-deutsche-studio-keramik-sculpture-690x460.jpg 690w, https:\/\/www.galerie-metzger.de\/wp-content\/uploads\/2019\/12\/Kuhn-Beate-Katze-um-1960-32x16x17cm-galerie-metzger-ceramic-art-object-deutsche-studio-keramik-sculpture-768x512.jpg 768w, https:\/\/www.galerie-metzger.de\/wp-content\/uploads\/2019\/12\/Kuhn-Beate-Katze-um-1960-32x16x17cm-galerie-metzger-ceramic-art-object-deutsche-studio-keramik-sculpture-1536x1024.jpg 1536w, https:\/\/www.galerie-metzger.de\/wp-content\/uploads\/2019\/12\/Kuhn-Beate-Katze-um-1960-32x16x17cm-galerie-metzger-ceramic-art-object-deutsche-studio-keramik-sculpture-2048x1365.jpg 2048w, https:\/\/www.galerie-metzger.de\/wp-content\/uploads\/2019\/12\/Kuhn-Beate-Katze-um-1960-32x16x17cm-galerie-metzger-ceramic-art-object-deutsche-studio-keramik-sculpture-1500x1000.jpg 1500w, https:\/\/www.galerie-metzger.de\/wp-content\/uploads\/2019\/12\/Kuhn-Beate-Katze-um-1960-32x16x17cm-galerie-metzger-ceramic-art-object-deutsche-studio-keramik-sculpture-705x470.jpg 705w, https:\/\/www.galerie-metzger.de\/wp-content\/uploads\/2019\/12\/Kuhn-Beate-Katze-um-1960-32x16x17cm-galerie-metzger-ceramic-art-object-deutsche-studio-keramik-sculpture-400x267.jpg 400w, https:\/\/www.galerie-metzger.de\/wp-content\/uploads\/2019\/12\/Kuhn-Beate-Katze-um-1960-32x16x17cm-galerie-metzger-ceramic-art-object-deutsche-studio-keramik-sculpture-1030x687.jpg 1030w, https:\/\/www.galerie-metzger.de\/wp-content\/uploads\/2019\/12\/Kuhn-Beate-Katze-um-1960-32x16x17cm-galerie-metzger-ceramic-art-object-deutsche-studio-keramik-sculpture-300x200.jpg 300w, https:\/\/www.galerie-metzger.de\/wp-content\/uploads\/2019\/12\/Kuhn-Beate-Katze-um-1960-32x16x17cm-galerie-metzger-ceramic-art-object-deutsche-studio-keramik-sculpture-900x600.jpg 900w, https:\/\/www.galerie-metzger.de\/wp-content\/uploads\/2019\/12\/Kuhn-Beate-Katze-um-1960-32x16x17cm-galerie-metzger-ceramic-art-object-deutsche-studio-keramik-sculpture-450x300.jpg 450w\" data-sizes=\"(max-width: 1030px) 100vw, 1030px\" class='avia_image' ><div class=\"av-image-caption-overlay\"><div class=\"av-caption-image-overlay-bg\"><\/div><div class=\"av-image-caption-overlay-position\"><div class=\"av-image-caption-overlay-center\"><p>Beate Kuhn \u2013 Katze mit abnehmbaren Kopf \u2013\u00a0um 1960, 32x16x17cm, Foto: Edi Baumann<\/p>\n<\/div><\/div><\/div><img decoding=\"async\" class='wp-image-7819 avia-img-lazy-loading-not-7819 avia_image ' src=\"https:\/\/www.galerie-metzger.de\/wp-content\/uploads\/2019\/12\/Kuhn-Beate-Katze-um-1960-32x16x17cm-galerie-metzger-ceramic-art-object-deutsche-studio-keramik-sculpture-690x460.jpg\" alt='Kuhn Beate - Katze um 1960, 32x16x17cm' title='Kuhn Beate - Katze um 1960, 32x16x17cm'  height=\"460\" width=\"690\" srcset=\"https:\/\/www.galerie-metzger.de\/wp-content\/uploads\/2019\/12\/Kuhn-Beate-Katze-um-1960-32x16x17cm-galerie-metzger-ceramic-art-object-deutsche-studio-keramik-sculpture-690x460.jpg 690w, https:\/\/www.galerie-metzger.de\/wp-content\/uploads\/2019\/12\/Kuhn-Beate-Katze-um-1960-32x16x17cm-galerie-metzger-ceramic-art-object-deutsche-studio-keramik-sculpture-1090x727.jpg 1090w, https:\/\/www.galerie-metzger.de\/wp-content\/uploads\/2019\/12\/Kuhn-Beate-Katze-um-1960-32x16x17cm-galerie-metzger-ceramic-art-object-deutsche-studio-keramik-sculpture-768x512.jpg 768w, https:\/\/www.galerie-metzger.de\/wp-content\/uploads\/2019\/12\/Kuhn-Beate-Katze-um-1960-32x16x17cm-galerie-metzger-ceramic-art-object-deutsche-studio-keramik-sculpture-1536x1024.jpg 1536w, https:\/\/www.galerie-metzger.de\/wp-content\/uploads\/2019\/12\/Kuhn-Beate-Katze-um-1960-32x16x17cm-galerie-metzger-ceramic-art-object-deutsche-studio-keramik-sculpture-2048x1365.jpg 2048w, https:\/\/www.galerie-metzger.de\/wp-content\/uploads\/2019\/12\/Kuhn-Beate-Katze-um-1960-32x16x17cm-galerie-metzger-ceramic-art-object-deutsche-studio-keramik-sculpture-1500x1000.jpg 1500w, https:\/\/www.galerie-metzger.de\/wp-content\/uploads\/2019\/12\/Kuhn-Beate-Katze-um-1960-32x16x17cm-galerie-metzger-ceramic-art-object-deutsche-studio-keramik-sculpture-705x470.jpg 705w, https:\/\/www.galerie-metzger.de\/wp-content\/uploads\/2019\/12\/Kuhn-Beate-Katze-um-1960-32x16x17cm-galerie-metzger-ceramic-art-object-deutsche-studio-keramik-sculpture-400x267.jpg 400w, https:\/\/www.galerie-metzger.de\/wp-content\/uploads\/2019\/12\/Kuhn-Beate-Katze-um-1960-32x16x17cm-galerie-metzger-ceramic-art-object-deutsche-studio-keramik-sculpture-1030x687.jpg 1030w, https:\/\/www.galerie-metzger.de\/wp-content\/uploads\/2019\/12\/Kuhn-Beate-Katze-um-1960-32x16x17cm-galerie-metzger-ceramic-art-object-deutsche-studio-keramik-sculpture-300x200.jpg 300w, https:\/\/www.galerie-metzger.de\/wp-content\/uploads\/2019\/12\/Kuhn-Beate-Katze-um-1960-32x16x17cm-galerie-metzger-ceramic-art-object-deutsche-studio-keramik-sculpture-900x600.jpg 900w, https:\/\/www.galerie-metzger.de\/wp-content\/uploads\/2019\/12\/Kuhn-Beate-Katze-um-1960-32x16x17cm-galerie-metzger-ceramic-art-object-deutsche-studio-keramik-sculpture-450x300.jpg 450w\" sizes=\"(max-width: 690px) 100vw, 690px\" \/><\/a><\/div><\/div><\/div><\/div><div class='av-flex-placeholder'><\/div>\n<style type=\"text\/css\" data-created_by=\"avia_inline_auto\" id=\"style-css-av-22ccvjz-ad468ee973643f648d80b19378020a49\">\n.flex_column.av-22ccvjz-ad468ee973643f648d80b19378020a49{\n-webkit-border-radius:0px 0px 0px 0px;\n-moz-border-radius:0px 0px 0px 0px;\nborder-radius:0px 0px 0px 0px;\n}\n<\/style>\n<div class='flex_column av-22ccvjz-ad468ee973643f648d80b19378020a49 av_one_third  avia-builder-el-94  el_after_av_one_third  el_before_av_one_full  jo_pf_bild_bg flex_column_table_cell av-equal-height-column av-align-top av-animated-generic fade-in av-zero-column-padding column-top-margin'     ><style type=\"text\/css\" data-created_by=\"avia_inline_auto\" id=\"style-css-av-av_image-a63e7cb13036959bedcd6b617f4d6285\">\n.avia-image-container.av-av_image-a63e7cb13036959bedcd6b617f4d6285 img.avia_image{\nbox-shadow:none;\n}\n.avia-image-container.av-av_image-a63e7cb13036959bedcd6b617f4d6285 .av-caption-image-overlay-bg{\nopacity:0.4;\n}\n<\/style>\n<div  class='avia-image-container av-av_image-a63e7cb13036959bedcd6b617f4d6285 av-styling-no-styling avia_animated_image av-animated-when-visible-95 fade-in avia-align-left  avia-builder-el-95  avia-builder-el-no-sibling  jo_pf_bild noHover av-overlay-hover-deactivate'  ><div class=\"avia-image-container-inner\"><div class=\"avia-image-overlay-wrap\"><a href=\"https:\/\/www.galerie-metzger.de\/wp-content\/uploads\/2019\/12\/Beate-KuhnKatze-um-1960-32x16x17cm-galerie-metzger-ceramic-art-object-angewandte-kunst-727x1090.jpg\" data-srcset=\"https:\/\/www.galerie-metzger.de\/wp-content\/uploads\/2019\/12\/Beate-KuhnKatze-um-1960-32x16x17cm-galerie-metzger-ceramic-art-object-angewandte-kunst-727x1090.jpg 727w, https:\/\/www.galerie-metzger.de\/wp-content\/uploads\/2019\/12\/Beate-KuhnKatze-um-1960-32x16x17cm-galerie-metzger-ceramic-art-object-angewandte-kunst-690x1035.jpg 690w, https:\/\/www.galerie-metzger.de\/wp-content\/uploads\/2019\/12\/Beate-KuhnKatze-um-1960-32x16x17cm-galerie-metzger-ceramic-art-object-angewandte-kunst-1024x1536.jpg 1024w, https:\/\/www.galerie-metzger.de\/wp-content\/uploads\/2019\/12\/Beate-KuhnKatze-um-1960-32x16x17cm-galerie-metzger-ceramic-art-object-angewandte-kunst-1365x2048.jpg 1365w, https:\/\/www.galerie-metzger.de\/wp-content\/uploads\/2019\/12\/Beate-KuhnKatze-um-1960-32x16x17cm-galerie-metzger-ceramic-art-object-angewandte-kunst-1000x1500.jpg 1000w, https:\/\/www.galerie-metzger.de\/wp-content\/uploads\/2019\/12\/Beate-KuhnKatze-um-1960-32x16x17cm-galerie-metzger-ceramic-art-object-angewandte-kunst-470x705.jpg 470w, https:\/\/www.galerie-metzger.de\/wp-content\/uploads\/2019\/12\/Beate-KuhnKatze-um-1960-32x16x17cm-galerie-metzger-ceramic-art-object-angewandte-kunst-267x400.jpg 267w, https:\/\/www.galerie-metzger.de\/wp-content\/uploads\/2019\/12\/Beate-KuhnKatze-um-1960-32x16x17cm-galerie-metzger-ceramic-art-object-angewandte-kunst-768x1152.jpg 768w, https:\/\/www.galerie-metzger.de\/wp-content\/uploads\/2019\/12\/Beate-KuhnKatze-um-1960-32x16x17cm-galerie-metzger-ceramic-art-object-angewandte-kunst-687x1030.jpg 687w, https:\/\/www.galerie-metzger.de\/wp-content\/uploads\/2019\/12\/Beate-KuhnKatze-um-1960-32x16x17cm-galerie-metzger-ceramic-art-object-angewandte-kunst-450x675.jpg 450w, https:\/\/www.galerie-metzger.de\/wp-content\/uploads\/2019\/12\/Beate-KuhnKatze-um-1960-32x16x17cm-galerie-metzger-ceramic-art-object-angewandte-kunst-scaled.jpg 1707w\" data-sizes=\"(max-width: 687px) 100vw, 687px\" class='avia_image' ><div class=\"av-image-caption-overlay\"><div class=\"av-caption-image-overlay-bg\"><\/div><div class=\"av-image-caption-overlay-position\"><div class=\"av-image-caption-overlay-center\"><p>Beate Kuhn \u2013 Katze mit abnehmbaren Kopf \u2013\u00a0um 1960, 32x16x17cm, Foto: Edi Baumann<\/p>\n<\/div><\/div><\/div><img decoding=\"async\" class='wp-image-7817 avia-img-lazy-loading-not-7817 avia_image ' src=\"https:\/\/www.galerie-metzger.de\/wp-content\/uploads\/2019\/12\/Beate-KuhnKatze-um-1960-32x16x17cm-galerie-metzger-ceramic-art-object-angewandte-kunst-scaled.jpg\" alt='Beate Kuhn - Katze - um 1960, 32x16x17cm' title='Beate Kuhn - Katze - um 1960, 32x16x17cm'  height=\"2560\" width=\"1707\" srcset=\"https:\/\/www.galerie-metzger.de\/wp-content\/uploads\/2019\/12\/Beate-KuhnKatze-um-1960-32x16x17cm-galerie-metzger-ceramic-art-object-angewandte-kunst-scaled.jpg 1707w, https:\/\/www.galerie-metzger.de\/wp-content\/uploads\/2019\/12\/Beate-KuhnKatze-um-1960-32x16x17cm-galerie-metzger-ceramic-art-object-angewandte-kunst-690x1035.jpg 690w, https:\/\/www.galerie-metzger.de\/wp-content\/uploads\/2019\/12\/Beate-KuhnKatze-um-1960-32x16x17cm-galerie-metzger-ceramic-art-object-angewandte-kunst-727x1090.jpg 727w, https:\/\/www.galerie-metzger.de\/wp-content\/uploads\/2019\/12\/Beate-KuhnKatze-um-1960-32x16x17cm-galerie-metzger-ceramic-art-object-angewandte-kunst-1024x1536.jpg 1024w, https:\/\/www.galerie-metzger.de\/wp-content\/uploads\/2019\/12\/Beate-KuhnKatze-um-1960-32x16x17cm-galerie-metzger-ceramic-art-object-angewandte-kunst-1365x2048.jpg 1365w, https:\/\/www.galerie-metzger.de\/wp-content\/uploads\/2019\/12\/Beate-KuhnKatze-um-1960-32x16x17cm-galerie-metzger-ceramic-art-object-angewandte-kunst-1000x1500.jpg 1000w, https:\/\/www.galerie-metzger.de\/wp-content\/uploads\/2019\/12\/Beate-KuhnKatze-um-1960-32x16x17cm-galerie-metzger-ceramic-art-object-angewandte-kunst-470x705.jpg 470w, https:\/\/www.galerie-metzger.de\/wp-content\/uploads\/2019\/12\/Beate-KuhnKatze-um-1960-32x16x17cm-galerie-metzger-ceramic-art-object-angewandte-kunst-267x400.jpg 267w, https:\/\/www.galerie-metzger.de\/wp-content\/uploads\/2019\/12\/Beate-KuhnKatze-um-1960-32x16x17cm-galerie-metzger-ceramic-art-object-angewandte-kunst-768x1152.jpg 768w, https:\/\/www.galerie-metzger.de\/wp-content\/uploads\/2019\/12\/Beate-KuhnKatze-um-1960-32x16x17cm-galerie-metzger-ceramic-art-object-angewandte-kunst-687x1030.jpg 687w, https:\/\/www.galerie-metzger.de\/wp-content\/uploads\/2019\/12\/Beate-KuhnKatze-um-1960-32x16x17cm-galerie-metzger-ceramic-art-object-angewandte-kunst-450x675.jpg 450w\" sizes=\"(max-width: 1707px) 100vw, 1707px\" \/><\/a><\/div><\/div><\/div><\/div><\/div><!--close column table wrapper. Autoclose: 1 --><div class='flex_column_table av-13la2y7-e7061b7342a54103268edf950c87ae3e sc-av_one_full av-equal-height-column-flextable'>\n<style type=\"text\/css\" data-created_by=\"avia_inline_auto\" id=\"style-css-av-13la2y7-e7061b7342a54103268edf950c87ae3e\">\n.flex_column.av-13la2y7-e7061b7342a54103268edf950c87ae3e{\n-webkit-border-radius:0px 0px 0px 0px;\n-moz-border-radius:0px 0px 0px 0px;\nborder-radius:0px 0px 0px 0px;\n}\n<\/style>\n<div class='flex_column av-13la2y7-e7061b7342a54103268edf950c87ae3e av_one_full  avia-builder-el-96  el_after_av_one_third  el_before_av_two_third  jo_col_empty first flex_column_table_cell av-equal-height-column av-align-top av-animated-generic fade-in av-zero-column-padding column-top-margin'     ><section  class='av_textblock_section av-10ogi6n-0d4b72c9db1b19641ad818d86b7fbbda' ><div class='avia_textblock' ><p>invisible placeholder<\/p>\n<\/div><\/section><\/div><\/div><!--close column table wrapper. Autoclose: 1 --><div class='flex_column_table av-a4qn2n-e8a9abf6d0297ce2157d36e874aeb3e6 sc-av_two_third av-equal-height-column-flextable'>\n<style type=\"text\/css\" data-created_by=\"avia_inline_auto\" id=\"style-css-av-a4qn2n-e8a9abf6d0297ce2157d36e874aeb3e6\">\n.flex_column.av-a4qn2n-e8a9abf6d0297ce2157d36e874aeb3e6{\n-webkit-border-radius:0px 0px 0px 0px;\n-moz-border-radius:0px 0px 0px 0px;\nborder-radius:0px 0px 0px 0px;\n}\n<\/style>\n<div class='flex_column av-a4qn2n-e8a9abf6d0297ce2157d36e874aeb3e6 av_two_third  avia-builder-el-98  el_after_av_one_full  el_before_av_one_third  first flex_column_table_cell av-equal-height-column av-align-top av-animated-generic fade-in av-zero-column-padding column-top-margin'     ><section  class='av_textblock_section av-av_textblock-283972ea15f2e73870c23e2d6de3245d' ><div class='avia_textblock' ><p><i><\/i><strong>W\u00e4hrend der mehrere Jahrzehnte lang ungebrochenen Bl\u00fcte der europ\u00e4ischen Keramik in der zweiten H\u00e4lfte des letzten Jahrhunderts kannte der Beitrag Beate Kuhns dazu keine Parallele, auch nicht in den L\u00e4ndern au\u00dferhalb Europas, die f\u00fcr die Fortentwicklung der keramischen Kunst eine herausragende Bedeutung besa\u00dfen und besitzen.<i><\/i><\/strong><br \/>\nBeate Kuhn unterschied sich von allen ihren Zeitgenossen durch die handwerklich-technische Methodik wie durch Themen und Aufgabenstellung ihrer Arbeiten. Sie war eine singul\u00e4re (jedoch immer bescheiden gebliebene) K\u00fcnstlerin. Es war deshalb nicht verwunderlich, dass die 2017 in M\u00fcnchen &#8211; zwei Jahre nach ihrem Tod &#8211; pr\u00e4sentierte Retrospektive mit dem Bestand einer umfangreichen privaten Sammlung \u00fcberraschend eine so gro\u00dfe Aufmerksamkeit fand wie kaum eine andere vergleichbare Ausstellung.<br \/>\nBeate Kuhn verzichtete nicht auf die tradierte Drehscheibe, aber sie beherrschte auch das freie Modellieren; sie brannte ihre Arbeiten wie ein klassischer T\u00f6pfer; sie kannte die abstrakte wie die fig\u00fcrliche Darstellungs-Modalit\u00e4t, im kleinen wie im monumentalen Format. Genaue Naturbeobachtung und Phantasie halten sich in ihren Objekten die Waage. Wie selbstverst\u00e4ndlich verbindet sich in ihnen Tektonisches mit musikalisch Rhythmischem. Ihre abstrakten, aus gedrehten Elementen montierten Bildwerke erinnern an Pflanzen \u2013 etwa Kakteen \u2013 oder an glatte, von Wasser geschliffene Stein-Konglomerate. Ihre Tierplastik verr\u00e4t, wie genau sie das Lauern einer Katze oder das Aufb\u00e4umen eines Pferdes beobachtete, meist mit stillem Humor.<br \/>\nDie Gef\u00e4\u00dfkeramik hat sie nie aufgegeben, jedoch um phantasievolle Erfindungen bereichert, nicht zuletzt durch Glasurmalerei.<br \/>\nKurz: Das Merkmal ihres Lebenswerks ist eine heute selten gewordene Vielfalt.<\/p>\n<p><em> Hamburg, im Dezember 2019<br \/>\nHeinz Spielmann<\/em><\/p>\n<\/div><\/section><\/div><div class='av-flex-placeholder'><\/div>\n<style type=\"text\/css\" data-created_by=\"avia_inline_auto\" id=\"style-css-av-13la2y7-72db4996e45be36d6a606cafd1c72408\">\n.flex_column.av-13la2y7-72db4996e45be36d6a606cafd1c72408{\n-webkit-border-radius:0px 0px 0px 0px;\n-moz-border-radius:0px 0px 0px 0px;\nborder-radius:0px 0px 0px 0px;\n}\n<\/style>\n<div class='flex_column av-13la2y7-72db4996e45be36d6a606cafd1c72408 av_one_third  avia-builder-el-100  el_after_av_two_third  el_before_av_one_full  jo_col_empty flex_column_table_cell av-equal-height-column av-align-top av-animated-generic fade-in av-zero-column-padding column-top-margin'     ><section  class='av_textblock_section av-10ogi6n-0d4b72c9db1b19641ad818d86b7fbbda' ><div class='avia_textblock' ><p>invisible placeholder<\/p>\n<\/div><\/section><\/div><\/div><!--close column table wrapper. Autoclose: 1 --><div class='flex_column_table av-2gsxvhb-1118cc7ed190ef12b94344766d75b468 sc-av_one_full av-equal-height-column-flextable'>\n<style type=\"text\/css\" data-created_by=\"avia_inline_auto\" id=\"style-css-av-2gsxvhb-1118cc7ed190ef12b94344766d75b468\">\n.flex_column.av-2gsxvhb-1118cc7ed190ef12b94344766d75b468{\n-webkit-border-radius:0px 0px 0px 0px;\n-moz-border-radius:0px 0px 0px 0px;\nborder-radius:0px 0px 0px 0px;\n}\n<\/style>\n<div class='flex_column av-2gsxvhb-1118cc7ed190ef12b94344766d75b468 av_one_full  avia-builder-el-102  el_after_av_one_third  el_before_av_one_third  jo_col_empty first flex_column_table_cell av-equal-height-column av-align-top av-animated-generic fade-in av-zero-column-padding column-top-margin'     ><section  class='av_textblock_section av-2ebrkhr-7982fab1bb27e611fade3e31fb8d8b3f' ><div class='avia_textblock' ><p>invisible placeholder<\/p>\n<\/div><\/section><\/div><\/div><!--close column table wrapper. Autoclose: 1 --><div class='flex_column_table av-22ccvjz-c20c10c7f195c3bda27bd103a17649b8 sc-av_one_third av-equal-height-column-flextable'>\n<style type=\"text\/css\" data-created_by=\"avia_inline_auto\" id=\"style-css-av-22ccvjz-c20c10c7f195c3bda27bd103a17649b8\">\n.flex_column.av-22ccvjz-c20c10c7f195c3bda27bd103a17649b8{\n-webkit-border-radius:0px 0px 0px 0px;\n-moz-border-radius:0px 0px 0px 0px;\nborder-radius:0px 0px 0px 0px;\n}\n<\/style>\n<div class='flex_column av-22ccvjz-c20c10c7f195c3bda27bd103a17649b8 av_one_third  avia-builder-el-104  el_after_av_one_full  el_before_av_one_third  jo_pf_bild_bg first flex_column_table_cell av-equal-height-column av-align-top av-animated-generic fade-in av-zero-column-padding column-top-margin'     ><style type=\"text\/css\" data-created_by=\"avia_inline_auto\" id=\"style-css-av-av_image-91a08a832e4d21c60ff36a21cbfe57ec\">\n.avia-image-container.av-av_image-91a08a832e4d21c60ff36a21cbfe57ec img.avia_image{\nbox-shadow:none;\n}\n.avia-image-container.av-av_image-91a08a832e4d21c60ff36a21cbfe57ec .av-caption-image-overlay-bg{\nopacity:0.4;\n}\n<\/style>\n<div  class='avia-image-container av-av_image-91a08a832e4d21c60ff36a21cbfe57ec av-styling-no-styling avia_animated_image av-animated-when-visible-95 fade-in avia-align-left  avia-builder-el-105  avia-builder-el-no-sibling  jo_pf_bild noHover av-overlay-hover-deactivate'  ><div class=\"avia-image-container-inner\"><div class=\"avia-image-overlay-wrap\"><a href=\"https:\/\/www.galerie-metzger.de\/wp-content\/uploads\/2019\/12\/Beate-Kuhn-Kugeln-mit-Fruchformen-2012-21x22x22-cm-galerie-metzger-cermaic-art-object-angewandte-kunst-sculpture-gallery-plastische-arbeit-1090x1090.jpg\" data-srcset=\"https:\/\/www.galerie-metzger.de\/wp-content\/uploads\/2019\/12\/Beate-Kuhn-Kugeln-mit-Fruchformen-2012-21x22x22-cm-galerie-metzger-cermaic-art-object-angewandte-kunst-sculpture-gallery-plastische-arbeit-1090x1090.jpg 1090w, https:\/\/www.galerie-metzger.de\/wp-content\/uploads\/2019\/12\/Beate-Kuhn-Kugeln-mit-Fruchformen-2012-21x22x22-cm-galerie-metzger-cermaic-art-object-angewandte-kunst-sculpture-gallery-plastische-arbeit-690x690.jpg 690w, https:\/\/www.galerie-metzger.de\/wp-content\/uploads\/2019\/12\/Beate-Kuhn-Kugeln-mit-Fruchformen-2012-21x22x22-cm-galerie-metzger-cermaic-art-object-angewandte-kunst-sculpture-gallery-plastische-arbeit-80x80.jpg 80w, https:\/\/www.galerie-metzger.de\/wp-content\/uploads\/2019\/12\/Beate-Kuhn-Kugeln-mit-Fruchformen-2012-21x22x22-cm-galerie-metzger-cermaic-art-object-angewandte-kunst-sculpture-gallery-plastische-arbeit-1536x1536.jpg 1536w, https:\/\/www.galerie-metzger.de\/wp-content\/uploads\/2019\/12\/Beate-Kuhn-Kugeln-mit-Fruchformen-2012-21x22x22-cm-galerie-metzger-cermaic-art-object-angewandte-kunst-sculpture-gallery-plastische-arbeit-2048x2048.jpg 2048w, https:\/\/www.galerie-metzger.de\/wp-content\/uploads\/2019\/12\/Beate-Kuhn-Kugeln-mit-Fruchformen-2012-21x22x22-cm-galerie-metzger-cermaic-art-object-angewandte-kunst-sculpture-gallery-plastische-arbeit-36x36.jpg 36w, https:\/\/www.galerie-metzger.de\/wp-content\/uploads\/2019\/12\/Beate-Kuhn-Kugeln-mit-Fruchformen-2012-21x22x22-cm-galerie-metzger-cermaic-art-object-angewandte-kunst-sculpture-gallery-plastische-arbeit-180x180.jpg 180w, https:\/\/www.galerie-metzger.de\/wp-content\/uploads\/2019\/12\/Beate-Kuhn-Kugeln-mit-Fruchformen-2012-21x22x22-cm-galerie-metzger-cermaic-art-object-angewandte-kunst-sculpture-gallery-plastische-arbeit-1500x1500.jpg 1500w, https:\/\/www.galerie-metzger.de\/wp-content\/uploads\/2019\/12\/Beate-Kuhn-Kugeln-mit-Fruchformen-2012-21x22x22-cm-galerie-metzger-cermaic-art-object-angewandte-kunst-sculpture-gallery-plastische-arbeit-705x705.jpg 705w, https:\/\/www.galerie-metzger.de\/wp-content\/uploads\/2019\/12\/Beate-Kuhn-Kugeln-mit-Fruchformen-2012-21x22x22-cm-galerie-metzger-cermaic-art-object-angewandte-kunst-sculpture-gallery-plastische-arbeit-400x400.jpg 400w, https:\/\/www.galerie-metzger.de\/wp-content\/uploads\/2019\/12\/Beate-Kuhn-Kugeln-mit-Fruchformen-2012-21x22x22-cm-galerie-metzger-cermaic-art-object-angewandte-kunst-sculpture-gallery-plastische-arbeit-768x768.jpg 768w, https:\/\/www.galerie-metzger.de\/wp-content\/uploads\/2019\/12\/Beate-Kuhn-Kugeln-mit-Fruchformen-2012-21x22x22-cm-galerie-metzger-cermaic-art-object-angewandte-kunst-sculpture-gallery-plastische-arbeit-1030x1030.jpg 1030w, https:\/\/www.galerie-metzger.de\/wp-content\/uploads\/2019\/12\/Beate-Kuhn-Kugeln-mit-Fruchformen-2012-21x22x22-cm-galerie-metzger-cermaic-art-object-angewandte-kunst-sculpture-gallery-plastische-arbeit-120x120.jpg 120w, https:\/\/www.galerie-metzger.de\/wp-content\/uploads\/2019\/12\/Beate-Kuhn-Kugeln-mit-Fruchformen-2012-21x22x22-cm-galerie-metzger-cermaic-art-object-angewandte-kunst-sculpture-gallery-plastische-arbeit-450x450.jpg 450w\" data-sizes=\"(max-width: 1030px) 100vw, 1030px\" class='avia_image' ><div class=\"av-image-caption-overlay\"><div class=\"av-caption-image-overlay-bg\"><\/div><div class=\"av-image-caption-overlay-position\"><div class=\"av-image-caption-overlay-center\"><p>Beate Kuhn \u2013 Kugel mit Fruchformen \u2013\u00a02012, 21x22x22 cm, Foto: Edi Baumann<\/p>\n<\/div><\/div><\/div><img decoding=\"async\" class='wp-image-7836 avia-img-lazy-loading-not-7836 avia_image ' src=\"https:\/\/www.galerie-metzger.de\/wp-content\/uploads\/2019\/12\/Beate-Kuhn-Kugeln-mit-Fruchformen-2012-21x22x22-cm-galerie-metzger-cermaic-art-object-angewandte-kunst-sculpture-gallery-plastische-arbeit-690x690.jpg\" alt='Beate Kuhn - Kugeln mit Fruchformen - 2012, 21x22x22 cm' title='Beate Kuhn - Kugeln mit Fruchformen - 2012, 21x22x22 cm'  height=\"690\" width=\"690\" srcset=\"https:\/\/www.galerie-metzger.de\/wp-content\/uploads\/2019\/12\/Beate-Kuhn-Kugeln-mit-Fruchformen-2012-21x22x22-cm-galerie-metzger-cermaic-art-object-angewandte-kunst-sculpture-gallery-plastische-arbeit-690x690.jpg 690w, https:\/\/www.galerie-metzger.de\/wp-content\/uploads\/2019\/12\/Beate-Kuhn-Kugeln-mit-Fruchformen-2012-21x22x22-cm-galerie-metzger-cermaic-art-object-angewandte-kunst-sculpture-gallery-plastische-arbeit-1090x1090.jpg 1090w, https:\/\/www.galerie-metzger.de\/wp-content\/uploads\/2019\/12\/Beate-Kuhn-Kugeln-mit-Fruchformen-2012-21x22x22-cm-galerie-metzger-cermaic-art-object-angewandte-kunst-sculpture-gallery-plastische-arbeit-80x80.jpg 80w, https:\/\/www.galerie-metzger.de\/wp-content\/uploads\/2019\/12\/Beate-Kuhn-Kugeln-mit-Fruchformen-2012-21x22x22-cm-galerie-metzger-cermaic-art-object-angewandte-kunst-sculpture-gallery-plastische-arbeit-1536x1536.jpg 1536w, https:\/\/www.galerie-metzger.de\/wp-content\/uploads\/2019\/12\/Beate-Kuhn-Kugeln-mit-Fruchformen-2012-21x22x22-cm-galerie-metzger-cermaic-art-object-angewandte-kunst-sculpture-gallery-plastische-arbeit-2048x2048.jpg 2048w, https:\/\/www.galerie-metzger.de\/wp-content\/uploads\/2019\/12\/Beate-Kuhn-Kugeln-mit-Fruchformen-2012-21x22x22-cm-galerie-metzger-cermaic-art-object-angewandte-kunst-sculpture-gallery-plastische-arbeit-36x36.jpg 36w, https:\/\/www.galerie-metzger.de\/wp-content\/uploads\/2019\/12\/Beate-Kuhn-Kugeln-mit-Fruchformen-2012-21x22x22-cm-galerie-metzger-cermaic-art-object-angewandte-kunst-sculpture-gallery-plastische-arbeit-180x180.jpg 180w, https:\/\/www.galerie-metzger.de\/wp-content\/uploads\/2019\/12\/Beate-Kuhn-Kugeln-mit-Fruchformen-2012-21x22x22-cm-galerie-metzger-cermaic-art-object-angewandte-kunst-sculpture-gallery-plastische-arbeit-1500x1500.jpg 1500w, https:\/\/www.galerie-metzger.de\/wp-content\/uploads\/2019\/12\/Beate-Kuhn-Kugeln-mit-Fruchformen-2012-21x22x22-cm-galerie-metzger-cermaic-art-object-angewandte-kunst-sculpture-gallery-plastische-arbeit-705x705.jpg 705w, https:\/\/www.galerie-metzger.de\/wp-content\/uploads\/2019\/12\/Beate-Kuhn-Kugeln-mit-Fruchformen-2012-21x22x22-cm-galerie-metzger-cermaic-art-object-angewandte-kunst-sculpture-gallery-plastische-arbeit-400x400.jpg 400w, https:\/\/www.galerie-metzger.de\/wp-content\/uploads\/2019\/12\/Beate-Kuhn-Kugeln-mit-Fruchformen-2012-21x22x22-cm-galerie-metzger-cermaic-art-object-angewandte-kunst-sculpture-gallery-plastische-arbeit-768x768.jpg 768w, https:\/\/www.galerie-metzger.de\/wp-content\/uploads\/2019\/12\/Beate-Kuhn-Kugeln-mit-Fruchformen-2012-21x22x22-cm-galerie-metzger-cermaic-art-object-angewandte-kunst-sculpture-gallery-plastische-arbeit-1030x1030.jpg 1030w, https:\/\/www.galerie-metzger.de\/wp-content\/uploads\/2019\/12\/Beate-Kuhn-Kugeln-mit-Fruchformen-2012-21x22x22-cm-galerie-metzger-cermaic-art-object-angewandte-kunst-sculpture-gallery-plastische-arbeit-120x120.jpg 120w, https:\/\/www.galerie-metzger.de\/wp-content\/uploads\/2019\/12\/Beate-Kuhn-Kugeln-mit-Fruchformen-2012-21x22x22-cm-galerie-metzger-cermaic-art-object-angewandte-kunst-sculpture-gallery-plastische-arbeit-450x450.jpg 450w\" sizes=\"(max-width: 690px) 100vw, 690px\" \/><\/a><\/div><\/div><\/div><\/div><div class='av-flex-placeholder'><\/div>\n<style type=\"text\/css\" data-created_by=\"avia_inline_auto\" id=\"style-css-av-22ccvjz-ad468ee973643f648d80b19378020a49\">\n.flex_column.av-22ccvjz-ad468ee973643f648d80b19378020a49{\n-webkit-border-radius:0px 0px 0px 0px;\n-moz-border-radius:0px 0px 0px 0px;\nborder-radius:0px 0px 0px 0px;\n}\n<\/style>\n<div class='flex_column av-22ccvjz-ad468ee973643f648d80b19378020a49 av_one_third  avia-builder-el-106  el_after_av_one_third  el_before_av_one_third  jo_pf_bild_bg flex_column_table_cell av-equal-height-column av-align-top av-animated-generic fade-in av-zero-column-padding column-top-margin'     ><style type=\"text\/css\" data-created_by=\"avia_inline_auto\" id=\"style-css-av-av_image-0887be7b8760d920f411c7258e0bbfb9\">\n.avia-image-container.av-av_image-0887be7b8760d920f411c7258e0bbfb9 img.avia_image{\nbox-shadow:none;\n}\n.avia-image-container.av-av_image-0887be7b8760d920f411c7258e0bbfb9 .av-caption-image-overlay-bg{\nopacity:0.4;\n}\n<\/style>\n<div  class='avia-image-container av-av_image-0887be7b8760d920f411c7258e0bbfb9 av-styling-no-styling avia_animated_image av-animated-when-visible-95 fade-in avia-align-left  avia-builder-el-107  avia-builder-el-no-sibling  jo_pf_bild noHover av-overlay-hover-deactivate'  ><div class=\"avia-image-container-inner\"><div class=\"avia-image-overlay-wrap\"><a href=\"https:\/\/www.galerie-metzger.de\/wp-content\/uploads\/2019\/12\/Beate-Kuhn-Kugeln-mit-Fruchformen-2012-21x22x22-cm-galerie-metzger-cermaic-art-object-angewandte-kunst-sculpture-gallery-1090x1090.jpg\" data-srcset=\"https:\/\/www.galerie-metzger.de\/wp-content\/uploads\/2019\/12\/Beate-Kuhn-Kugeln-mit-Fruchformen-2012-21x22x22-cm-galerie-metzger-cermaic-art-object-angewandte-kunst-sculpture-gallery-1090x1090.jpg 1090w, https:\/\/www.galerie-metzger.de\/wp-content\/uploads\/2019\/12\/Beate-Kuhn-Kugeln-mit-Fruchformen-2012-21x22x22-cm-galerie-metzger-cermaic-art-object-angewandte-kunst-sculpture-gallery-690x690.jpg 690w, https:\/\/www.galerie-metzger.de\/wp-content\/uploads\/2019\/12\/Beate-Kuhn-Kugeln-mit-Fruchformen-2012-21x22x22-cm-galerie-metzger-cermaic-art-object-angewandte-kunst-sculpture-gallery-80x80.jpg 80w, https:\/\/www.galerie-metzger.de\/wp-content\/uploads\/2019\/12\/Beate-Kuhn-Kugeln-mit-Fruchformen-2012-21x22x22-cm-galerie-metzger-cermaic-art-object-angewandte-kunst-sculpture-gallery-1536x1536.jpg 1536w, https:\/\/www.galerie-metzger.de\/wp-content\/uploads\/2019\/12\/Beate-Kuhn-Kugeln-mit-Fruchformen-2012-21x22x22-cm-galerie-metzger-cermaic-art-object-angewandte-kunst-sculpture-gallery-2048x2048.jpg 2048w, https:\/\/www.galerie-metzger.de\/wp-content\/uploads\/2019\/12\/Beate-Kuhn-Kugeln-mit-Fruchformen-2012-21x22x22-cm-galerie-metzger-cermaic-art-object-angewandte-kunst-sculpture-gallery-36x36.jpg 36w, https:\/\/www.galerie-metzger.de\/wp-content\/uploads\/2019\/12\/Beate-Kuhn-Kugeln-mit-Fruchformen-2012-21x22x22-cm-galerie-metzger-cermaic-art-object-angewandte-kunst-sculpture-gallery-180x180.jpg 180w, https:\/\/www.galerie-metzger.de\/wp-content\/uploads\/2019\/12\/Beate-Kuhn-Kugeln-mit-Fruchformen-2012-21x22x22-cm-galerie-metzger-cermaic-art-object-angewandte-kunst-sculpture-gallery-1500x1500.jpg 1500w, https:\/\/www.galerie-metzger.de\/wp-content\/uploads\/2019\/12\/Beate-Kuhn-Kugeln-mit-Fruchformen-2012-21x22x22-cm-galerie-metzger-cermaic-art-object-angewandte-kunst-sculpture-gallery-705x705.jpg 705w, https:\/\/www.galerie-metzger.de\/wp-content\/uploads\/2019\/12\/Beate-Kuhn-Kugeln-mit-Fruchformen-2012-21x22x22-cm-galerie-metzger-cermaic-art-object-angewandte-kunst-sculpture-gallery-400x400.jpg 400w, https:\/\/www.galerie-metzger.de\/wp-content\/uploads\/2019\/12\/Beate-Kuhn-Kugeln-mit-Fruchformen-2012-21x22x22-cm-galerie-metzger-cermaic-art-object-angewandte-kunst-sculpture-gallery-768x768.jpg 768w, https:\/\/www.galerie-metzger.de\/wp-content\/uploads\/2019\/12\/Beate-Kuhn-Kugeln-mit-Fruchformen-2012-21x22x22-cm-galerie-metzger-cermaic-art-object-angewandte-kunst-sculpture-gallery-1030x1030.jpg 1030w, https:\/\/www.galerie-metzger.de\/wp-content\/uploads\/2019\/12\/Beate-Kuhn-Kugeln-mit-Fruchformen-2012-21x22x22-cm-galerie-metzger-cermaic-art-object-angewandte-kunst-sculpture-gallery-120x120.jpg 120w, https:\/\/www.galerie-metzger.de\/wp-content\/uploads\/2019\/12\/Beate-Kuhn-Kugeln-mit-Fruchformen-2012-21x22x22-cm-galerie-metzger-cermaic-art-object-angewandte-kunst-sculpture-gallery-450x450.jpg 450w\" data-sizes=\"(max-width: 1030px) 100vw, 1030px\" class='avia_image' ><div class=\"av-image-caption-overlay\"><div class=\"av-caption-image-overlay-bg\"><\/div><div class=\"av-image-caption-overlay-position\"><div class=\"av-image-caption-overlay-center\"><p>Beate Kuhn \u2013 Kugel mit Fruchformen \u2013\u00a02012, 21x22x22 cm, Foto: Edi Baumann<\/p>\n<\/div><\/div><\/div><img decoding=\"async\" class='wp-image-7838 avia-img-lazy-loading-not-7838 avia_image ' src=\"https:\/\/www.galerie-metzger.de\/wp-content\/uploads\/2019\/12\/Beate-Kuhn-Kugeln-mit-Fruchformen-2012-21x22x22-cm-galerie-metzger-cermaic-art-object-angewandte-kunst-sculpture-gallery-690x690.jpg\" alt='Beate Kuhn - Kugeln mit Fruchformen - 2012, 21x22x22 cm' title='Beate Kuhn - Kugeln mit Fruchformen - 2012, 21x22x22 cm'  height=\"690\" width=\"690\" srcset=\"https:\/\/www.galerie-metzger.de\/wp-content\/uploads\/2019\/12\/Beate-Kuhn-Kugeln-mit-Fruchformen-2012-21x22x22-cm-galerie-metzger-cermaic-art-object-angewandte-kunst-sculpture-gallery-690x690.jpg 690w, https:\/\/www.galerie-metzger.de\/wp-content\/uploads\/2019\/12\/Beate-Kuhn-Kugeln-mit-Fruchformen-2012-21x22x22-cm-galerie-metzger-cermaic-art-object-angewandte-kunst-sculpture-gallery-1090x1090.jpg 1090w, https:\/\/www.galerie-metzger.de\/wp-content\/uploads\/2019\/12\/Beate-Kuhn-Kugeln-mit-Fruchformen-2012-21x22x22-cm-galerie-metzger-cermaic-art-object-angewandte-kunst-sculpture-gallery-80x80.jpg 80w, https:\/\/www.galerie-metzger.de\/wp-content\/uploads\/2019\/12\/Beate-Kuhn-Kugeln-mit-Fruchformen-2012-21x22x22-cm-galerie-metzger-cermaic-art-object-angewandte-kunst-sculpture-gallery-1536x1536.jpg 1536w, https:\/\/www.galerie-metzger.de\/wp-content\/uploads\/2019\/12\/Beate-Kuhn-Kugeln-mit-Fruchformen-2012-21x22x22-cm-galerie-metzger-cermaic-art-object-angewandte-kunst-sculpture-gallery-2048x2048.jpg 2048w, https:\/\/www.galerie-metzger.de\/wp-content\/uploads\/2019\/12\/Beate-Kuhn-Kugeln-mit-Fruchformen-2012-21x22x22-cm-galerie-metzger-cermaic-art-object-angewandte-kunst-sculpture-gallery-36x36.jpg 36w, https:\/\/www.galerie-metzger.de\/wp-content\/uploads\/2019\/12\/Beate-Kuhn-Kugeln-mit-Fruchformen-2012-21x22x22-cm-galerie-metzger-cermaic-art-object-angewandte-kunst-sculpture-gallery-180x180.jpg 180w, https:\/\/www.galerie-metzger.de\/wp-content\/uploads\/2019\/12\/Beate-Kuhn-Kugeln-mit-Fruchformen-2012-21x22x22-cm-galerie-metzger-cermaic-art-object-angewandte-kunst-sculpture-gallery-1500x1500.jpg 1500w, https:\/\/www.galerie-metzger.de\/wp-content\/uploads\/2019\/12\/Beate-Kuhn-Kugeln-mit-Fruchformen-2012-21x22x22-cm-galerie-metzger-cermaic-art-object-angewandte-kunst-sculpture-gallery-705x705.jpg 705w, https:\/\/www.galerie-metzger.de\/wp-content\/uploads\/2019\/12\/Beate-Kuhn-Kugeln-mit-Fruchformen-2012-21x22x22-cm-galerie-metzger-cermaic-art-object-angewandte-kunst-sculpture-gallery-400x400.jpg 400w, https:\/\/www.galerie-metzger.de\/wp-content\/uploads\/2019\/12\/Beate-Kuhn-Kugeln-mit-Fruchformen-2012-21x22x22-cm-galerie-metzger-cermaic-art-object-angewandte-kunst-sculpture-gallery-768x768.jpg 768w, https:\/\/www.galerie-metzger.de\/wp-content\/uploads\/2019\/12\/Beate-Kuhn-Kugeln-mit-Fruchformen-2012-21x22x22-cm-galerie-metzger-cermaic-art-object-angewandte-kunst-sculpture-gallery-1030x1030.jpg 1030w, https:\/\/www.galerie-metzger.de\/wp-content\/uploads\/2019\/12\/Beate-Kuhn-Kugeln-mit-Fruchformen-2012-21x22x22-cm-galerie-metzger-cermaic-art-object-angewandte-kunst-sculpture-gallery-120x120.jpg 120w, https:\/\/www.galerie-metzger.de\/wp-content\/uploads\/2019\/12\/Beate-Kuhn-Kugeln-mit-Fruchformen-2012-21x22x22-cm-galerie-metzger-cermaic-art-object-angewandte-kunst-sculpture-gallery-450x450.jpg 450w\" sizes=\"(max-width: 690px) 100vw, 690px\" \/><\/a><\/div><\/div><\/div><\/div><div class='av-flex-placeholder'><\/div>\n<style type=\"text\/css\" data-created_by=\"avia_inline_auto\" id=\"style-css-av-13la2y7-72db4996e45be36d6a606cafd1c72408\">\n.flex_column.av-13la2y7-72db4996e45be36d6a606cafd1c72408{\n-webkit-border-radius:0px 0px 0px 0px;\n-moz-border-radius:0px 0px 0px 0px;\nborder-radius:0px 0px 0px 0px;\n}\n<\/style>\n<div class='flex_column av-13la2y7-72db4996e45be36d6a606cafd1c72408 av_one_third  avia-builder-el-108  el_after_av_one_third  el_before_av_one_full  jo_col_empty flex_column_table_cell av-equal-height-column av-align-top av-animated-generic fade-in av-zero-column-padding column-top-margin'     ><section  class='av_textblock_section av-10ogi6n-0d4b72c9db1b19641ad818d86b7fbbda' ><div class='avia_textblock' ><p>invisible placeholder<\/p>\n<\/div><\/section><\/div><\/div><!--close column table wrapper. Autoclose: 1 --><div class='flex_column_table av-2gsxvhb-1118cc7ed190ef12b94344766d75b468 sc-av_one_full av-equal-height-column-flextable'>\n<style type=\"text\/css\" data-created_by=\"avia_inline_auto\" id=\"style-css-av-2gsxvhb-1118cc7ed190ef12b94344766d75b468\">\n.flex_column.av-2gsxvhb-1118cc7ed190ef12b94344766d75b468{\n-webkit-border-radius:0px 0px 0px 0px;\n-moz-border-radius:0px 0px 0px 0px;\nborder-radius:0px 0px 0px 0px;\n}\n<\/style>\n<div class='flex_column av-2gsxvhb-1118cc7ed190ef12b94344766d75b468 av_one_full  avia-builder-el-110  el_after_av_one_third  el_before_av_one_third  jo_col_empty first flex_column_table_cell av-equal-height-column av-align-top av-animated-generic fade-in av-zero-column-padding column-top-margin'     ><section  class='av_textblock_section av-2ebrkhr-7982fab1bb27e611fade3e31fb8d8b3f' ><div class='avia_textblock' ><p>invisible placeholder<\/p>\n<\/div><\/section><\/div><\/div><!--close column table wrapper. Autoclose: 1 --><div class='flex_column_table av-22ccvjz-c20c10c7f195c3bda27bd103a17649b8 sc-av_one_third av-equal-height-column-flextable'>\n<style type=\"text\/css\" data-created_by=\"avia_inline_auto\" id=\"style-css-av-22ccvjz-c20c10c7f195c3bda27bd103a17649b8\">\n.flex_column.av-22ccvjz-c20c10c7f195c3bda27bd103a17649b8{\n-webkit-border-radius:0px 0px 0px 0px;\n-moz-border-radius:0px 0px 0px 0px;\nborder-radius:0px 0px 0px 0px;\n}\n<\/style>\n<div class='flex_column av-22ccvjz-c20c10c7f195c3bda27bd103a17649b8 av_one_third  avia-builder-el-112  el_after_av_one_full  el_before_av_one_third  jo_pf_bild_bg first flex_column_table_cell av-equal-height-column av-align-top av-animated-generic fade-in av-zero-column-padding column-top-margin'     ><p>\n<style type=\"text\/css\" data-created_by=\"avia_inline_auto\" id=\"style-css-av-av_image-e4c582f15c60d9f928abda2e5862a0f7\">\n.avia-image-container.av-av_image-e4c582f15c60d9f928abda2e5862a0f7 img.avia_image{\nbox-shadow:none;\n}\n.avia-image-container.av-av_image-e4c582f15c60d9f928abda2e5862a0f7 .av-caption-image-overlay-bg{\nopacity:0.4;\n}\n<\/style>\n<div  class='avia-image-container av-av_image-e4c582f15c60d9f928abda2e5862a0f7 av-styling-no-styling avia_animated_image av-animated-when-visible-95 fade-in avia-align-left  avia-builder-el-113  el_before_av_textblock  avia-builder-el-first  jo_pf_bild noHover av-overlay-hover-deactivate'  ><div class=\"avia-image-container-inner\"><div class=\"avia-image-overlay-wrap\"><a href=\"https:\/\/www.galerie-metzger.de\/wp-content\/uploads\/2019\/12\/Beate-Kuhn-Katzenversammlung-Donaueschingen-2011-25x35x30-cm-galerie-metzger-sculpture-ceramic-1090x727.jpg\" data-srcset=\"https:\/\/www.galerie-metzger.de\/wp-content\/uploads\/2019\/12\/Beate-Kuhn-Katzenversammlung-Donaueschingen-2011-25x35x30-cm-galerie-metzger-sculpture-ceramic-1090x727.jpg 1090w, https:\/\/www.galerie-metzger.de\/wp-content\/uploads\/2019\/12\/Beate-Kuhn-Katzenversammlung-Donaueschingen-2011-25x35x30-cm-galerie-metzger-sculpture-ceramic-690x460.jpg 690w, https:\/\/www.galerie-metzger.de\/wp-content\/uploads\/2019\/12\/Beate-Kuhn-Katzenversammlung-Donaueschingen-2011-25x35x30-cm-galerie-metzger-sculpture-ceramic-1536x1024.jpg 1536w, https:\/\/www.galerie-metzger.de\/wp-content\/uploads\/2019\/12\/Beate-Kuhn-Katzenversammlung-Donaueschingen-2011-25x35x30-cm-galerie-metzger-sculpture-ceramic-2048x1365.jpg 2048w, https:\/\/www.galerie-metzger.de\/wp-content\/uploads\/2019\/12\/Beate-Kuhn-Katzenversammlung-Donaueschingen-2011-25x35x30-cm-galerie-metzger-sculpture-ceramic-1500x1000.jpg 1500w, https:\/\/www.galerie-metzger.de\/wp-content\/uploads\/2019\/12\/Beate-Kuhn-Katzenversammlung-Donaueschingen-2011-25x35x30-cm-galerie-metzger-sculpture-ceramic-705x470.jpg 705w, https:\/\/www.galerie-metzger.de\/wp-content\/uploads\/2019\/12\/Beate-Kuhn-Katzenversammlung-Donaueschingen-2011-25x35x30-cm-galerie-metzger-sculpture-ceramic-400x267.jpg 400w, https:\/\/www.galerie-metzger.de\/wp-content\/uploads\/2019\/12\/Beate-Kuhn-Katzenversammlung-Donaueschingen-2011-25x35x30-cm-galerie-metzger-sculpture-ceramic-768x512.jpg 768w, https:\/\/www.galerie-metzger.de\/wp-content\/uploads\/2019\/12\/Beate-Kuhn-Katzenversammlung-Donaueschingen-2011-25x35x30-cm-galerie-metzger-sculpture-ceramic-1030x687.jpg 1030w, https:\/\/www.galerie-metzger.de\/wp-content\/uploads\/2019\/12\/Beate-Kuhn-Katzenversammlung-Donaueschingen-2011-25x35x30-cm-galerie-metzger-sculpture-ceramic-300x200.jpg 300w, https:\/\/www.galerie-metzger.de\/wp-content\/uploads\/2019\/12\/Beate-Kuhn-Katzenversammlung-Donaueschingen-2011-25x35x30-cm-galerie-metzger-sculpture-ceramic-900x600.jpg 900w, https:\/\/www.galerie-metzger.de\/wp-content\/uploads\/2019\/12\/Beate-Kuhn-Katzenversammlung-Donaueschingen-2011-25x35x30-cm-galerie-metzger-sculpture-ceramic-450x300.jpg 450w\" data-sizes=\"(max-width: 1030px) 100vw, 1030px\" class='avia_image' ><div class=\"av-image-caption-overlay\"><div class=\"av-caption-image-overlay-bg\"><\/div><div class=\"av-image-caption-overlay-position\"><div class=\"av-image-caption-overlay-center\"><p>Beate Kuhn \u2013 Katzenversammlung Donaueschingen \u2013\u00a02011, 25x35x30, Foto: Baumann<\/p>\n<\/div><\/div><\/div><img decoding=\"async\" class='wp-image-7821 avia-img-lazy-loading-not-7821 avia_image ' src=\"https:\/\/www.galerie-metzger.de\/wp-content\/uploads\/2019\/12\/Beate-Kuhn-Katzenversammlung-Donaueschingen-2011-25x35x30-cm-galerie-metzger-sculpture-ceramic-690x460.jpg\" alt='Beate Kuhn - Katzenversammlung Donaueschingen - 2011, 25x35x30 cm' title='Beate Kuhn - Katzenversammlung Donaueschingen - 2011, 25x35x30 cm'  height=\"460\" width=\"690\" srcset=\"https:\/\/www.galerie-metzger.de\/wp-content\/uploads\/2019\/12\/Beate-Kuhn-Katzenversammlung-Donaueschingen-2011-25x35x30-cm-galerie-metzger-sculpture-ceramic-690x460.jpg 690w, https:\/\/www.galerie-metzger.de\/wp-content\/uploads\/2019\/12\/Beate-Kuhn-Katzenversammlung-Donaueschingen-2011-25x35x30-cm-galerie-metzger-sculpture-ceramic-1090x727.jpg 1090w, https:\/\/www.galerie-metzger.de\/wp-content\/uploads\/2019\/12\/Beate-Kuhn-Katzenversammlung-Donaueschingen-2011-25x35x30-cm-galerie-metzger-sculpture-ceramic-1536x1024.jpg 1536w, https:\/\/www.galerie-metzger.de\/wp-content\/uploads\/2019\/12\/Beate-Kuhn-Katzenversammlung-Donaueschingen-2011-25x35x30-cm-galerie-metzger-sculpture-ceramic-2048x1365.jpg 2048w, https:\/\/www.galerie-metzger.de\/wp-content\/uploads\/2019\/12\/Beate-Kuhn-Katzenversammlung-Donaueschingen-2011-25x35x30-cm-galerie-metzger-sculpture-ceramic-1500x1000.jpg 1500w, https:\/\/www.galerie-metzger.de\/wp-content\/uploads\/2019\/12\/Beate-Kuhn-Katzenversammlung-Donaueschingen-2011-25x35x30-cm-galerie-metzger-sculpture-ceramic-705x470.jpg 705w, https:\/\/www.galerie-metzger.de\/wp-content\/uploads\/2019\/12\/Beate-Kuhn-Katzenversammlung-Donaueschingen-2011-25x35x30-cm-galerie-metzger-sculpture-ceramic-400x267.jpg 400w, https:\/\/www.galerie-metzger.de\/wp-content\/uploads\/2019\/12\/Beate-Kuhn-Katzenversammlung-Donaueschingen-2011-25x35x30-cm-galerie-metzger-sculpture-ceramic-768x512.jpg 768w, https:\/\/www.galerie-metzger.de\/wp-content\/uploads\/2019\/12\/Beate-Kuhn-Katzenversammlung-Donaueschingen-2011-25x35x30-cm-galerie-metzger-sculpture-ceramic-1030x687.jpg 1030w, https:\/\/www.galerie-metzger.de\/wp-content\/uploads\/2019\/12\/Beate-Kuhn-Katzenversammlung-Donaueschingen-2011-25x35x30-cm-galerie-metzger-sculpture-ceramic-300x200.jpg 300w, https:\/\/www.galerie-metzger.de\/wp-content\/uploads\/2019\/12\/Beate-Kuhn-Katzenversammlung-Donaueschingen-2011-25x35x30-cm-galerie-metzger-sculpture-ceramic-900x600.jpg 900w, https:\/\/www.galerie-metzger.de\/wp-content\/uploads\/2019\/12\/Beate-Kuhn-Katzenversammlung-Donaueschingen-2011-25x35x30-cm-galerie-metzger-sculpture-ceramic-450x300.jpg 450w\" sizes=\"(max-width: 690px) 100vw, 690px\" \/><\/a><\/div><\/div><\/div><br \/>\n<section  class='av_textblock_section av-av_textblock-2df6986536148a6092118248b21c996c' ><div class='avia_textblock jo_werk_anfrage' ><p><a class=\"anfrage\" href=\"mailto:info@galerie-metzger.de?subject=Beate%20Kuhn%20Katzenversammlung Donaueschingen%202011\">Anfrage zum Werk<\/a><\/p>\n<\/div><\/section><\/p><\/div><div class='av-flex-placeholder'><\/div>\n<style type=\"text\/css\" data-created_by=\"avia_inline_auto\" id=\"style-css-av-22ccvjz-ad468ee973643f648d80b19378020a49\">\n.flex_column.av-22ccvjz-ad468ee973643f648d80b19378020a49{\n-webkit-border-radius:0px 0px 0px 0px;\n-moz-border-radius:0px 0px 0px 0px;\nborder-radius:0px 0px 0px 0px;\n}\n<\/style>\n<div class='flex_column av-22ccvjz-ad468ee973643f648d80b19378020a49 av_one_third  avia-builder-el-115  el_after_av_one_third  el_before_av_one_third  jo_pf_bild_bg flex_column_table_cell av-equal-height-column av-align-top av-animated-generic fade-in av-zero-column-padding column-top-margin'     ><p>\n<style type=\"text\/css\" data-created_by=\"avia_inline_auto\" id=\"style-css-av-av_image-1f89162ed2bc814169ba011b2d6ffcfb\">\n.avia-image-container.av-av_image-1f89162ed2bc814169ba011b2d6ffcfb img.avia_image{\nbox-shadow:none;\n}\n.avia-image-container.av-av_image-1f89162ed2bc814169ba011b2d6ffcfb .av-caption-image-overlay-bg{\nopacity:0.4;\n}\n<\/style>\n<div  class='avia-image-container av-av_image-1f89162ed2bc814169ba011b2d6ffcfb av-styling-no-styling avia_animated_image av-animated-when-visible-95 fade-in avia-align-left  avia-builder-el-116  el_before_av_textblock  avia-builder-el-first  jo_pf_bild noHover av-overlay-hover-deactivate'  ><div class=\"avia-image-container-inner\"><div class=\"avia-image-overlay-wrap\"><a href=\"https:\/\/www.galerie-metzger.de\/wp-content\/uploads\/2018\/01\/Beate-Kuhn-Katzenversammlung-Donaueschingen-2011-25x35x30-cm-Galerie-Metzger-Keramik-Plastik-Sculpture-Art-1090x727.jpg\" data-srcset=\"https:\/\/www.galerie-metzger.de\/wp-content\/uploads\/2018\/01\/Beate-Kuhn-Katzenversammlung-Donaueschingen-2011-25x35x30-cm-Galerie-Metzger-Keramik-Plastik-Sculpture-Art-1090x727.jpg 1090w, https:\/\/www.galerie-metzger.de\/wp-content\/uploads\/2018\/01\/Beate-Kuhn-Katzenversammlung-Donaueschingen-2011-25x35x30-cm-Galerie-Metzger-Keramik-Plastik-Sculpture-Art-690x460.jpg 690w, https:\/\/www.galerie-metzger.de\/wp-content\/uploads\/2018\/01\/Beate-Kuhn-Katzenversammlung-Donaueschingen-2011-25x35x30-cm-Galerie-Metzger-Keramik-Plastik-Sculpture-Art-1536x1024.jpg 1536w, https:\/\/www.galerie-metzger.de\/wp-content\/uploads\/2018\/01\/Beate-Kuhn-Katzenversammlung-Donaueschingen-2011-25x35x30-cm-Galerie-Metzger-Keramik-Plastik-Sculpture-Art-2048x1365.jpg 2048w, https:\/\/www.galerie-metzger.de\/wp-content\/uploads\/2018\/01\/Beate-Kuhn-Katzenversammlung-Donaueschingen-2011-25x35x30-cm-Galerie-Metzger-Keramik-Plastik-Sculpture-Art-1500x1000.jpg 1500w, https:\/\/www.galerie-metzger.de\/wp-content\/uploads\/2018\/01\/Beate-Kuhn-Katzenversammlung-Donaueschingen-2011-25x35x30-cm-Galerie-Metzger-Keramik-Plastik-Sculpture-Art-705x470.jpg 705w, https:\/\/www.galerie-metzger.de\/wp-content\/uploads\/2018\/01\/Beate-Kuhn-Katzenversammlung-Donaueschingen-2011-25x35x30-cm-Galerie-Metzger-Keramik-Plastik-Sculpture-Art-400x267.jpg 400w, https:\/\/www.galerie-metzger.de\/wp-content\/uploads\/2018\/01\/Beate-Kuhn-Katzenversammlung-Donaueschingen-2011-25x35x30-cm-Galerie-Metzger-Keramik-Plastik-Sculpture-Art-768x512.jpg 768w, https:\/\/www.galerie-metzger.de\/wp-content\/uploads\/2018\/01\/Beate-Kuhn-Katzenversammlung-Donaueschingen-2011-25x35x30-cm-Galerie-Metzger-Keramik-Plastik-Sculpture-Art-1600x1067.jpg 1600w, https:\/\/www.galerie-metzger.de\/wp-content\/uploads\/2018\/01\/Beate-Kuhn-Katzenversammlung-Donaueschingen-2011-25x35x30-cm-Galerie-Metzger-Keramik-Plastik-Sculpture-Art-300x200.jpg 300w, https:\/\/www.galerie-metzger.de\/wp-content\/uploads\/2018\/01\/Beate-Kuhn-Katzenversammlung-Donaueschingen-2011-25x35x30-cm-Galerie-Metzger-Keramik-Plastik-Sculpture-Art-900x600.jpg 900w, https:\/\/www.galerie-metzger.de\/wp-content\/uploads\/2018\/01\/Beate-Kuhn-Katzenversammlung-Donaueschingen-2011-25x35x30-cm-Galerie-Metzger-Keramik-Plastik-Sculpture-Art-450x300.jpg 450w\" data-sizes=\"(max-width: 1030px) 100vw, 1030px\" class='avia_image' ><div class=\"av-image-caption-overlay\"><div class=\"av-caption-image-overlay-bg\"><\/div><div class=\"av-image-caption-overlay-position\"><div class=\"av-image-caption-overlay-center\"><p>Beate Kuhn \u2013 Katzenversammlung Donaueschingen \u2013\u00a02011, 25x35x30, Foto: Baumann<\/p>\n<\/div><\/div><\/div><img decoding=\"async\" class='wp-image-3617 avia-img-lazy-loading-not-3617 avia_image ' src=\"https:\/\/www.galerie-metzger.de\/wp-content\/uploads\/2018\/01\/Beate-Kuhn-Katzenversammlung-Donaueschingen-2011-25x35x30-cm-Galerie-Metzger-Keramik-Plastik-Sculpture-Art-690x460.jpg\" alt='Beate Kuhn \u2013\u00a0Katzenversammlung Donaueschingen \u2013\u00a02011, 25x35x30cm \u2013\u00a0Galerie Metzger Keramik Plastik Sculpture Art' title='Beate Kuhn \u2013\u00a0Katzenversammlung Donaueschingen \u2013\u00a02011, 25x35x30cm'  height=\"460\" width=\"690\" srcset=\"https:\/\/www.galerie-metzger.de\/wp-content\/uploads\/2018\/01\/Beate-Kuhn-Katzenversammlung-Donaueschingen-2011-25x35x30-cm-Galerie-Metzger-Keramik-Plastik-Sculpture-Art-690x460.jpg 690w, https:\/\/www.galerie-metzger.de\/wp-content\/uploads\/2018\/01\/Beate-Kuhn-Katzenversammlung-Donaueschingen-2011-25x35x30-cm-Galerie-Metzger-Keramik-Plastik-Sculpture-Art-1090x727.jpg 1090w, https:\/\/www.galerie-metzger.de\/wp-content\/uploads\/2018\/01\/Beate-Kuhn-Katzenversammlung-Donaueschingen-2011-25x35x30-cm-Galerie-Metzger-Keramik-Plastik-Sculpture-Art-1536x1024.jpg 1536w, https:\/\/www.galerie-metzger.de\/wp-content\/uploads\/2018\/01\/Beate-Kuhn-Katzenversammlung-Donaueschingen-2011-25x35x30-cm-Galerie-Metzger-Keramik-Plastik-Sculpture-Art-2048x1365.jpg 2048w, https:\/\/www.galerie-metzger.de\/wp-content\/uploads\/2018\/01\/Beate-Kuhn-Katzenversammlung-Donaueschingen-2011-25x35x30-cm-Galerie-Metzger-Keramik-Plastik-Sculpture-Art-1500x1000.jpg 1500w, https:\/\/www.galerie-metzger.de\/wp-content\/uploads\/2018\/01\/Beate-Kuhn-Katzenversammlung-Donaueschingen-2011-25x35x30-cm-Galerie-Metzger-Keramik-Plastik-Sculpture-Art-705x470.jpg 705w, https:\/\/www.galerie-metzger.de\/wp-content\/uploads\/2018\/01\/Beate-Kuhn-Katzenversammlung-Donaueschingen-2011-25x35x30-cm-Galerie-Metzger-Keramik-Plastik-Sculpture-Art-400x267.jpg 400w, https:\/\/www.galerie-metzger.de\/wp-content\/uploads\/2018\/01\/Beate-Kuhn-Katzenversammlung-Donaueschingen-2011-25x35x30-cm-Galerie-Metzger-Keramik-Plastik-Sculpture-Art-768x512.jpg 768w, https:\/\/www.galerie-metzger.de\/wp-content\/uploads\/2018\/01\/Beate-Kuhn-Katzenversammlung-Donaueschingen-2011-25x35x30-cm-Galerie-Metzger-Keramik-Plastik-Sculpture-Art-1600x1067.jpg 1600w, https:\/\/www.galerie-metzger.de\/wp-content\/uploads\/2018\/01\/Beate-Kuhn-Katzenversammlung-Donaueschingen-2011-25x35x30-cm-Galerie-Metzger-Keramik-Plastik-Sculpture-Art-300x200.jpg 300w, https:\/\/www.galerie-metzger.de\/wp-content\/uploads\/2018\/01\/Beate-Kuhn-Katzenversammlung-Donaueschingen-2011-25x35x30-cm-Galerie-Metzger-Keramik-Plastik-Sculpture-Art-900x600.jpg 900w, https:\/\/www.galerie-metzger.de\/wp-content\/uploads\/2018\/01\/Beate-Kuhn-Katzenversammlung-Donaueschingen-2011-25x35x30-cm-Galerie-Metzger-Keramik-Plastik-Sculpture-Art-450x300.jpg 450w\" sizes=\"(max-width: 690px) 100vw, 690px\" \/><\/a><\/div><\/div><\/div><br \/>\n<section  class='av_textblock_section av-av_textblock-2df6986536148a6092118248b21c996c' ><div class='avia_textblock jo_werk_anfrage' ><p><a class=\"anfrage\" href=\"mailto:info@galerie-metzger.de?subject=Beate%20Kuhn%20Katzenversammlung Donaueschingen%202011\">Anfrage zum Werk<\/a><\/p>\n<\/div><\/section><\/p><\/div><div class='av-flex-placeholder'><\/div>\n<style type=\"text\/css\" data-created_by=\"avia_inline_auto\" id=\"style-css-av-22ccvjz-ad468ee973643f648d80b19378020a49\">\n.flex_column.av-22ccvjz-ad468ee973643f648d80b19378020a49{\n-webkit-border-radius:0px 0px 0px 0px;\n-moz-border-radius:0px 0px 0px 0px;\nborder-radius:0px 0px 0px 0px;\n}\n<\/style>\n<div class='flex_column av-22ccvjz-ad468ee973643f648d80b19378020a49 av_one_third  avia-builder-el-118  el_after_av_one_third  el_before_av_one_full  jo_pf_bild_bg flex_column_table_cell av-equal-height-column av-align-top av-animated-generic fade-in av-zero-column-padding column-top-margin'     ><p>\n<style type=\"text\/css\" data-created_by=\"avia_inline_auto\" id=\"style-css-av-av_image-56c641151d5c6a582c507c353171751b\">\n.avia-image-container.av-av_image-56c641151d5c6a582c507c353171751b img.avia_image{\nbox-shadow:none;\n}\n.avia-image-container.av-av_image-56c641151d5c6a582c507c353171751b .av-caption-image-overlay-bg{\nopacity:0.4;\n}\n<\/style>\n<div  class='avia-image-container av-av_image-56c641151d5c6a582c507c353171751b av-styling-no-styling avia_animated_image av-animated-when-visible-95 fade-in avia-align-left  avia-builder-el-119  el_before_av_textblock  avia-builder-el-first  jo_pf_bild noHover av-overlay-hover-deactivate'  ><div class=\"avia-image-container-inner\"><div class=\"avia-image-overlay-wrap\"><a href=\"https:\/\/www.galerie-metzger.de\/wp-content\/uploads\/2018\/01\/Beate-Kuhn-Katzenversammlung-Donaueschingen-2011-25x35x30cm-Galerie-Metzger-Skulptur-Keramik-Kunst-Art-Sculpture-Ceramic-1090x727.jpg\" data-srcset=\"https:\/\/www.galerie-metzger.de\/wp-content\/uploads\/2018\/01\/Beate-Kuhn-Katzenversammlung-Donaueschingen-2011-25x35x30cm-Galerie-Metzger-Skulptur-Keramik-Kunst-Art-Sculpture-Ceramic-1090x727.jpg 1090w, https:\/\/www.galerie-metzger.de\/wp-content\/uploads\/2018\/01\/Beate-Kuhn-Katzenversammlung-Donaueschingen-2011-25x35x30cm-Galerie-Metzger-Skulptur-Keramik-Kunst-Art-Sculpture-Ceramic-690x460.jpg 690w, https:\/\/www.galerie-metzger.de\/wp-content\/uploads\/2018\/01\/Beate-Kuhn-Katzenversammlung-Donaueschingen-2011-25x35x30cm-Galerie-Metzger-Skulptur-Keramik-Kunst-Art-Sculpture-Ceramic-1536x1024.jpg 1536w, https:\/\/www.galerie-metzger.de\/wp-content\/uploads\/2018\/01\/Beate-Kuhn-Katzenversammlung-Donaueschingen-2011-25x35x30cm-Galerie-Metzger-Skulptur-Keramik-Kunst-Art-Sculpture-Ceramic-2048x1365.jpg 2048w, https:\/\/www.galerie-metzger.de\/wp-content\/uploads\/2018\/01\/Beate-Kuhn-Katzenversammlung-Donaueschingen-2011-25x35x30cm-Galerie-Metzger-Skulptur-Keramik-Kunst-Art-Sculpture-Ceramic-1500x1000.jpg 1500w, https:\/\/www.galerie-metzger.de\/wp-content\/uploads\/2018\/01\/Beate-Kuhn-Katzenversammlung-Donaueschingen-2011-25x35x30cm-Galerie-Metzger-Skulptur-Keramik-Kunst-Art-Sculpture-Ceramic-705x470.jpg 705w, https:\/\/www.galerie-metzger.de\/wp-content\/uploads\/2018\/01\/Beate-Kuhn-Katzenversammlung-Donaueschingen-2011-25x35x30cm-Galerie-Metzger-Skulptur-Keramik-Kunst-Art-Sculpture-Ceramic-400x267.jpg 400w, https:\/\/www.galerie-metzger.de\/wp-content\/uploads\/2018\/01\/Beate-Kuhn-Katzenversammlung-Donaueschingen-2011-25x35x30cm-Galerie-Metzger-Skulptur-Keramik-Kunst-Art-Sculpture-Ceramic-768x512.jpg 768w, https:\/\/www.galerie-metzger.de\/wp-content\/uploads\/2018\/01\/Beate-Kuhn-Katzenversammlung-Donaueschingen-2011-25x35x30cm-Galerie-Metzger-Skulptur-Keramik-Kunst-Art-Sculpture-Ceramic-1600x1067.jpg 1600w, https:\/\/www.galerie-metzger.de\/wp-content\/uploads\/2018\/01\/Beate-Kuhn-Katzenversammlung-Donaueschingen-2011-25x35x30cm-Galerie-Metzger-Skulptur-Keramik-Kunst-Art-Sculpture-Ceramic-300x200.jpg 300w, https:\/\/www.galerie-metzger.de\/wp-content\/uploads\/2018\/01\/Beate-Kuhn-Katzenversammlung-Donaueschingen-2011-25x35x30cm-Galerie-Metzger-Skulptur-Keramik-Kunst-Art-Sculpture-Ceramic-900x600.jpg 900w, https:\/\/www.galerie-metzger.de\/wp-content\/uploads\/2018\/01\/Beate-Kuhn-Katzenversammlung-Donaueschingen-2011-25x35x30cm-Galerie-Metzger-Skulptur-Keramik-Kunst-Art-Sculpture-Ceramic-450x300.jpg 450w\" data-sizes=\"(max-width: 1030px) 100vw, 1030px\" class='avia_image' ><div class=\"av-image-caption-overlay\"><div class=\"av-caption-image-overlay-bg\"><\/div><div class=\"av-image-caption-overlay-position\"><div class=\"av-image-caption-overlay-center\"><p>Beate Kuhn \u2013 Katzenversammlung Donaueschingen \u2013\u00a02011, 25x35x30, Foto: Baumann<\/p>\n<\/div><\/div><\/div><img decoding=\"async\" class='wp-image-3618 avia-img-lazy-loading-not-3618 avia_image ' src=\"https:\/\/www.galerie-metzger.de\/wp-content\/uploads\/2018\/01\/Beate-Kuhn-Katzenversammlung-Donaueschingen-2011-25x35x30cm-Galerie-Metzger-Skulptur-Keramik-Kunst-Art-Sculpture-Ceramic-690x460.jpg\" alt='Beate Kuhn \u2013\u00a0Katzenversammlung Donaueschingen \u2013\u00a02011, 25x35x30cm \u2013\u00a0Galerie Metzger Keramik Plastik Sculpture Art' title='Beate Kuhn \u2013\u00a0Katzenversammlung Donaueschingen \u2013\u00a02011, 25x35x30cm'  height=\"460\" width=\"690\" srcset=\"https:\/\/www.galerie-metzger.de\/wp-content\/uploads\/2018\/01\/Beate-Kuhn-Katzenversammlung-Donaueschingen-2011-25x35x30cm-Galerie-Metzger-Skulptur-Keramik-Kunst-Art-Sculpture-Ceramic-690x460.jpg 690w, https:\/\/www.galerie-metzger.de\/wp-content\/uploads\/2018\/01\/Beate-Kuhn-Katzenversammlung-Donaueschingen-2011-25x35x30cm-Galerie-Metzger-Skulptur-Keramik-Kunst-Art-Sculpture-Ceramic-1090x727.jpg 1090w, https:\/\/www.galerie-metzger.de\/wp-content\/uploads\/2018\/01\/Beate-Kuhn-Katzenversammlung-Donaueschingen-2011-25x35x30cm-Galerie-Metzger-Skulptur-Keramik-Kunst-Art-Sculpture-Ceramic-1536x1024.jpg 1536w, https:\/\/www.galerie-metzger.de\/wp-content\/uploads\/2018\/01\/Beate-Kuhn-Katzenversammlung-Donaueschingen-2011-25x35x30cm-Galerie-Metzger-Skulptur-Keramik-Kunst-Art-Sculpture-Ceramic-2048x1365.jpg 2048w, https:\/\/www.galerie-metzger.de\/wp-content\/uploads\/2018\/01\/Beate-Kuhn-Katzenversammlung-Donaueschingen-2011-25x35x30cm-Galerie-Metzger-Skulptur-Keramik-Kunst-Art-Sculpture-Ceramic-1500x1000.jpg 1500w, https:\/\/www.galerie-metzger.de\/wp-content\/uploads\/2018\/01\/Beate-Kuhn-Katzenversammlung-Donaueschingen-2011-25x35x30cm-Galerie-Metzger-Skulptur-Keramik-Kunst-Art-Sculpture-Ceramic-705x470.jpg 705w, https:\/\/www.galerie-metzger.de\/wp-content\/uploads\/2018\/01\/Beate-Kuhn-Katzenversammlung-Donaueschingen-2011-25x35x30cm-Galerie-Metzger-Skulptur-Keramik-Kunst-Art-Sculpture-Ceramic-400x267.jpg 400w, https:\/\/www.galerie-metzger.de\/wp-content\/uploads\/2018\/01\/Beate-Kuhn-Katzenversammlung-Donaueschingen-2011-25x35x30cm-Galerie-Metzger-Skulptur-Keramik-Kunst-Art-Sculpture-Ceramic-768x512.jpg 768w, https:\/\/www.galerie-metzger.de\/wp-content\/uploads\/2018\/01\/Beate-Kuhn-Katzenversammlung-Donaueschingen-2011-25x35x30cm-Galerie-Metzger-Skulptur-Keramik-Kunst-Art-Sculpture-Ceramic-1600x1067.jpg 1600w, https:\/\/www.galerie-metzger.de\/wp-content\/uploads\/2018\/01\/Beate-Kuhn-Katzenversammlung-Donaueschingen-2011-25x35x30cm-Galerie-Metzger-Skulptur-Keramik-Kunst-Art-Sculpture-Ceramic-300x200.jpg 300w, https:\/\/www.galerie-metzger.de\/wp-content\/uploads\/2018\/01\/Beate-Kuhn-Katzenversammlung-Donaueschingen-2011-25x35x30cm-Galerie-Metzger-Skulptur-Keramik-Kunst-Art-Sculpture-Ceramic-900x600.jpg 900w, https:\/\/www.galerie-metzger.de\/wp-content\/uploads\/2018\/01\/Beate-Kuhn-Katzenversammlung-Donaueschingen-2011-25x35x30cm-Galerie-Metzger-Skulptur-Keramik-Kunst-Art-Sculpture-Ceramic-450x300.jpg 450w\" sizes=\"(max-width: 690px) 100vw, 690px\" \/><\/a><\/div><\/div><\/div><br \/>\n<section  class='av_textblock_section av-av_textblock-2df6986536148a6092118248b21c996c' ><div class='avia_textblock jo_werk_anfrage' ><p><a class=\"anfrage\" href=\"mailto:info@galerie-metzger.de?subject=Beate%20Kuhn%20Katzenversammlung Donaueschingen%202011\">Anfrage zum Werk<\/a><\/p>\n<\/div><\/section><\/p><\/div><\/div><!--close column table wrapper. Autoclose: 1 --><div class='flex_column_table av-jf3w4f-77f46a1d67ce0e2acbd9952ec63bccd1 sc-av_one_full av-equal-height-column-flextable'>\n<style type=\"text\/css\" data-created_by=\"avia_inline_auto\" id=\"style-css-av-jf3w4f-77f46a1d67ce0e2acbd9952ec63bccd1\">\n.flex_column.av-jf3w4f-77f46a1d67ce0e2acbd9952ec63bccd1{\n-webkit-border-radius:0px 0px 0px 0px;\n-moz-border-radius:0px 0px 0px 0px;\nborder-radius:0px 0px 0px 0px;\n}\n<\/style>\n<div class='flex_column av-jf3w4f-77f46a1d67ce0e2acbd9952ec63bccd1 av_one_full  avia-builder-el-121  el_after_av_one_third  el_before_av_one_half  jo_col_empty first flex_column_table_cell av-equal-height-column av-align-top av-animated-generic fade-in av-zero-column-padding column-top-margin'     ><section  class='av_textblock_section av-h33mnz-85df926b250f443195c65890c49b2553' ><div class='avia_textblock' ><p>invisible placeholder<\/p>\n<\/div><\/section><\/div><\/div><!--close column table wrapper. Autoclose: 1 --><div class='flex_column_table av-22ccvjz-c20c10c7f195c3bda27bd103a17649b8 sc-av_one_half av-equal-height-column-flextable'>\n<style type=\"text\/css\" data-created_by=\"avia_inline_auto\" id=\"style-css-av-22ccvjz-c20c10c7f195c3bda27bd103a17649b8\">\n.flex_column.av-22ccvjz-c20c10c7f195c3bda27bd103a17649b8{\n-webkit-border-radius:0px 0px 0px 0px;\n-moz-border-radius:0px 0px 0px 0px;\nborder-radius:0px 0px 0px 0px;\n}\n<\/style>\n<div class='flex_column av-22ccvjz-c20c10c7f195c3bda27bd103a17649b8 av_one_half  avia-builder-el-123  el_after_av_one_full  el_before_av_one_half  jo_pf_bild_bg first flex_column_table_cell av-equal-height-column av-align-top av-animated-generic fade-in av-zero-column-padding column-top-margin'     ><style type=\"text\/css\" data-created_by=\"avia_inline_auto\" id=\"style-css-av-av_image-3b1d222771ac385dd85749d4b9569c64\">\n.avia-image-container.av-av_image-3b1d222771ac385dd85749d4b9569c64 img.avia_image{\nbox-shadow:none;\n}\n.avia-image-container.av-av_image-3b1d222771ac385dd85749d4b9569c64 .av-caption-image-overlay-bg{\nopacity:0.4;\n}\n<\/style>\n<div  class='avia-image-container av-av_image-3b1d222771ac385dd85749d4b9569c64 av-styling-no-styling avia_animated_image av-animated-when-visible-95 fade-in avia-align-left  avia-builder-el-124  avia-builder-el-no-sibling  jo_pf_bild noHover av-overlay-hover-deactivate'  ><div class=\"avia-image-container-inner\"><div class=\"avia-image-overlay-wrap\"><a href=\"https:\/\/www.galerie-metzger.de\/wp-content\/uploads\/2019\/12\/Beate-Kuhn-Blumen-16x28x28cm-galerie-metzger-sculpture-ceramic-art-object-aschaffenburg-1090x727.jpg\" data-srcset=\"https:\/\/www.galerie-metzger.de\/wp-content\/uploads\/2019\/12\/Beate-Kuhn-Blumen-16x28x28cm-galerie-metzger-sculpture-ceramic-art-object-aschaffenburg-1090x727.jpg 1090w, https:\/\/www.galerie-metzger.de\/wp-content\/uploads\/2019\/12\/Beate-Kuhn-Blumen-16x28x28cm-galerie-metzger-sculpture-ceramic-art-object-aschaffenburg-690x460.jpg 690w, https:\/\/www.galerie-metzger.de\/wp-content\/uploads\/2019\/12\/Beate-Kuhn-Blumen-16x28x28cm-galerie-metzger-sculpture-ceramic-art-object-aschaffenburg-1536x1024.jpg 1536w, https:\/\/www.galerie-metzger.de\/wp-content\/uploads\/2019\/12\/Beate-Kuhn-Blumen-16x28x28cm-galerie-metzger-sculpture-ceramic-art-object-aschaffenburg-2048x1365.jpg 2048w, https:\/\/www.galerie-metzger.de\/wp-content\/uploads\/2019\/12\/Beate-Kuhn-Blumen-16x28x28cm-galerie-metzger-sculpture-ceramic-art-object-aschaffenburg-1500x1000.jpg 1500w, https:\/\/www.galerie-metzger.de\/wp-content\/uploads\/2019\/12\/Beate-Kuhn-Blumen-16x28x28cm-galerie-metzger-sculpture-ceramic-art-object-aschaffenburg-705x470.jpg 705w, https:\/\/www.galerie-metzger.de\/wp-content\/uploads\/2019\/12\/Beate-Kuhn-Blumen-16x28x28cm-galerie-metzger-sculpture-ceramic-art-object-aschaffenburg-400x267.jpg 400w, https:\/\/www.galerie-metzger.de\/wp-content\/uploads\/2019\/12\/Beate-Kuhn-Blumen-16x28x28cm-galerie-metzger-sculpture-ceramic-art-object-aschaffenburg-768x512.jpg 768w, https:\/\/www.galerie-metzger.de\/wp-content\/uploads\/2019\/12\/Beate-Kuhn-Blumen-16x28x28cm-galerie-metzger-sculpture-ceramic-art-object-aschaffenburg-1030x687.jpg 1030w, https:\/\/www.galerie-metzger.de\/wp-content\/uploads\/2019\/12\/Beate-Kuhn-Blumen-16x28x28cm-galerie-metzger-sculpture-ceramic-art-object-aschaffenburg-300x200.jpg 300w, https:\/\/www.galerie-metzger.de\/wp-content\/uploads\/2019\/12\/Beate-Kuhn-Blumen-16x28x28cm-galerie-metzger-sculpture-ceramic-art-object-aschaffenburg-900x600.jpg 900w, https:\/\/www.galerie-metzger.de\/wp-content\/uploads\/2019\/12\/Beate-Kuhn-Blumen-16x28x28cm-galerie-metzger-sculpture-ceramic-art-object-aschaffenburg-450x300.jpg 450w\" data-sizes=\"(max-width: 1030px) 100vw, 1030px\" class='avia_image' ><div class=\"av-image-caption-overlay\"><div class=\"av-caption-image-overlay-bg\"><\/div><div class=\"av-image-caption-overlay-position\"><div class=\"av-image-caption-overlay-center\"><p>Beate Kuhn \u2013 Blumen \u2013\u00a0, 16x28x28 cm, Foto: Edi Baumann<\/p>\n<\/div><\/div><\/div><img decoding=\"async\" class='wp-image-7869 avia-img-lazy-loading-not-7869 avia_image ' src=\"https:\/\/www.galerie-metzger.de\/wp-content\/uploads\/2019\/12\/Beate-Kuhn-Blumen-16x28x28cm-galerie-metzger-sculpture-ceramic-art-object-aschaffenburg-495x400.jpg\" alt='Beate Kuhn - Blumen - 16x28x28 cm' title='Beate Kuhn - Blumen - 16x28x28 cm'  height=\"400\" width=\"495\" srcset=\"https:\/\/www.galerie-metzger.de\/wp-content\/uploads\/2019\/12\/Beate-Kuhn-Blumen-16x28x28cm-galerie-metzger-sculpture-ceramic-art-object-aschaffenburg-495x400.jpg 495w, https:\/\/www.galerie-metzger.de\/wp-content\/uploads\/2019\/12\/Beate-Kuhn-Blumen-16x28x28cm-galerie-metzger-sculpture-ceramic-art-object-aschaffenburg-845x684.jpg 845w\" sizes=\"(max-width: 495px) 100vw, 495px\" \/><\/a><\/div><\/div><\/div><\/div><div class='av-flex-placeholder'><\/div>\n<style type=\"text\/css\" data-created_by=\"avia_inline_auto\" id=\"style-css-av-22ccvjz-ad468ee973643f648d80b19378020a49\">\n.flex_column.av-22ccvjz-ad468ee973643f648d80b19378020a49{\n-webkit-border-radius:0px 0px 0px 0px;\n-moz-border-radius:0px 0px 0px 0px;\nborder-radius:0px 0px 0px 0px;\n}\n<\/style>\n<div class='flex_column av-22ccvjz-ad468ee973643f648d80b19378020a49 av_one_half  avia-builder-el-125  el_after_av_one_half  el_before_av_one_full  jo_pf_bild_bg flex_column_table_cell av-equal-height-column av-align-top av-animated-generic fade-in av-zero-column-padding column-top-margin'     ><style type=\"text\/css\" data-created_by=\"avia_inline_auto\" id=\"style-css-av-av_image-45f4a20d14f0d335cdf2c07c7136fc38\">\n.avia-image-container.av-av_image-45f4a20d14f0d335cdf2c07c7136fc38 img.avia_image{\nbox-shadow:none;\n}\n.avia-image-container.av-av_image-45f4a20d14f0d335cdf2c07c7136fc38 .av-caption-image-overlay-bg{\nopacity:0.4;\n}\n<\/style>\n<div  class='avia-image-container av-av_image-45f4a20d14f0d335cdf2c07c7136fc38 av-styling-no-styling avia_animated_image av-animated-when-visible-95 fade-in avia-align-left  avia-builder-el-126  avia-builder-el-no-sibling  jo_pf_bild noHover av-overlay-hover-deactivate'  ><div class=\"avia-image-container-inner\"><div class=\"avia-image-overlay-wrap\"><a href=\"https:\/\/www.galerie-metzger.de\/wp-content\/uploads\/2019\/12\/Beate-Kuhn-Blumen-16x28x28cm-galerie-metzger-gallery-deutsche-studiokeramik-ceramic-art-object-1090x727.jpg\" data-srcset=\"https:\/\/www.galerie-metzger.de\/wp-content\/uploads\/2019\/12\/Beate-Kuhn-Blumen-16x28x28cm-galerie-metzger-gallery-deutsche-studiokeramik-ceramic-art-object-1090x727.jpg 1090w, https:\/\/www.galerie-metzger.de\/wp-content\/uploads\/2019\/12\/Beate-Kuhn-Blumen-16x28x28cm-galerie-metzger-gallery-deutsche-studiokeramik-ceramic-art-object-690x460.jpg 690w, https:\/\/www.galerie-metzger.de\/wp-content\/uploads\/2019\/12\/Beate-Kuhn-Blumen-16x28x28cm-galerie-metzger-gallery-deutsche-studiokeramik-ceramic-art-object-1536x1024.jpg 1536w, https:\/\/www.galerie-metzger.de\/wp-content\/uploads\/2019\/12\/Beate-Kuhn-Blumen-16x28x28cm-galerie-metzger-gallery-deutsche-studiokeramik-ceramic-art-object-2048x1365.jpg 2048w, https:\/\/www.galerie-metzger.de\/wp-content\/uploads\/2019\/12\/Beate-Kuhn-Blumen-16x28x28cm-galerie-metzger-gallery-deutsche-studiokeramik-ceramic-art-object-1500x1000.jpg 1500w, https:\/\/www.galerie-metzger.de\/wp-content\/uploads\/2019\/12\/Beate-Kuhn-Blumen-16x28x28cm-galerie-metzger-gallery-deutsche-studiokeramik-ceramic-art-object-705x470.jpg 705w, https:\/\/www.galerie-metzger.de\/wp-content\/uploads\/2019\/12\/Beate-Kuhn-Blumen-16x28x28cm-galerie-metzger-gallery-deutsche-studiokeramik-ceramic-art-object-400x267.jpg 400w, https:\/\/www.galerie-metzger.de\/wp-content\/uploads\/2019\/12\/Beate-Kuhn-Blumen-16x28x28cm-galerie-metzger-gallery-deutsche-studiokeramik-ceramic-art-object-768x512.jpg 768w, https:\/\/www.galerie-metzger.de\/wp-content\/uploads\/2019\/12\/Beate-Kuhn-Blumen-16x28x28cm-galerie-metzger-gallery-deutsche-studiokeramik-ceramic-art-object-1030x687.jpg 1030w, https:\/\/www.galerie-metzger.de\/wp-content\/uploads\/2019\/12\/Beate-Kuhn-Blumen-16x28x28cm-galerie-metzger-gallery-deutsche-studiokeramik-ceramic-art-object-300x200.jpg 300w, https:\/\/www.galerie-metzger.de\/wp-content\/uploads\/2019\/12\/Beate-Kuhn-Blumen-16x28x28cm-galerie-metzger-gallery-deutsche-studiokeramik-ceramic-art-object-900x600.jpg 900w, https:\/\/www.galerie-metzger.de\/wp-content\/uploads\/2019\/12\/Beate-Kuhn-Blumen-16x28x28cm-galerie-metzger-gallery-deutsche-studiokeramik-ceramic-art-object-450x300.jpg 450w\" data-sizes=\"(max-width: 1030px) 100vw, 1030px\" class='avia_image' ><div class=\"av-image-caption-overlay\"><div class=\"av-caption-image-overlay-bg\"><\/div><div class=\"av-image-caption-overlay-position\"><div class=\"av-image-caption-overlay-center\"><p>Beate Kuhn \u2013 Blumen \u2013\u00a0, 16x28x28 cm, Foto: Edi Baumann<\/p>\n<\/div><\/div><\/div><img decoding=\"async\" class='wp-image-7867 avia-img-lazy-loading-not-7867 avia_image ' src=\"https:\/\/www.galerie-metzger.de\/wp-content\/uploads\/2019\/12\/Beate-Kuhn-Blumen-16x28x28cm-galerie-metzger-gallery-deutsche-studiokeramik-ceramic-art-object-495x400.jpg\" alt='Beate Kuhn - Blumen - 16x28x28 cm' title='Beate Kuhn - Blumen - 16x28x28 cm'  height=\"400\" width=\"495\" srcset=\"https:\/\/www.galerie-metzger.de\/wp-content\/uploads\/2019\/12\/Beate-Kuhn-Blumen-16x28x28cm-galerie-metzger-gallery-deutsche-studiokeramik-ceramic-art-object-495x400.jpg 495w, https:\/\/www.galerie-metzger.de\/wp-content\/uploads\/2019\/12\/Beate-Kuhn-Blumen-16x28x28cm-galerie-metzger-gallery-deutsche-studiokeramik-ceramic-art-object-845x684.jpg 845w\" sizes=\"(max-width: 495px) 100vw, 495px\" \/><\/a><\/div><\/div><\/div><\/div><\/div><!--close column table wrapper. Autoclose: 1 --><div class='flex_column_table av-1to08gf-3c389a743937050c5219a5f79e922f24 sc-av_one_full av-equal-height-column-flextable'>\n<style type=\"text\/css\" data-created_by=\"avia_inline_auto\" id=\"style-css-av-1to08gf-3c389a743937050c5219a5f79e922f24\">\n.flex_column.av-1to08gf-3c389a743937050c5219a5f79e922f24{\n-webkit-border-radius:0px 0px 0px 0px;\n-moz-border-radius:0px 0px 0px 0px;\nborder-radius:0px 0px 0px 0px;\n}\n<\/style>\n<div class='flex_column av-1to08gf-3c389a743937050c5219a5f79e922f24 av_one_full  avia-builder-el-127  el_after_av_one_half  el_before_av_one_third  jo_col_empty first flex_column_table_cell av-equal-height-column av-align-top av-animated-generic fade-in av-zero-column-padding column-top-margin'     ><section  class='av_textblock_section av-1rgf80v-1b3d9ab38da5b5692231fa7de6db07e3' ><div class='avia_textblock' ><p>invisible placeholder<\/p>\n<\/div><\/section><\/div><\/div><!--close column table wrapper. Autoclose: 1 --><div class='flex_column_table av-22ccvjz-c20c10c7f195c3bda27bd103a17649b8 sc-av_one_third av-equal-height-column-flextable'>\n<style type=\"text\/css\" data-created_by=\"avia_inline_auto\" id=\"style-css-av-22ccvjz-c20c10c7f195c3bda27bd103a17649b8\">\n.flex_column.av-22ccvjz-c20c10c7f195c3bda27bd103a17649b8{\n-webkit-border-radius:0px 0px 0px 0px;\n-moz-border-radius:0px 0px 0px 0px;\nborder-radius:0px 0px 0px 0px;\n}\n<\/style>\n<div class='flex_column av-22ccvjz-c20c10c7f195c3bda27bd103a17649b8 av_one_third  avia-builder-el-129  el_after_av_one_full  el_before_av_two_third  jo_pf_bild_bg first flex_column_table_cell av-equal-height-column av-align-top av-animated-generic fade-in av-zero-column-padding column-top-margin'     ><style type=\"text\/css\" data-created_by=\"avia_inline_auto\" id=\"style-css-av-av_image-34c98bd6f8534e4d5b6afeba84908035\">\n.avia-image-container.av-av_image-34c98bd6f8534e4d5b6afeba84908035 img.avia_image{\nbox-shadow:none;\n}\n.avia-image-container.av-av_image-34c98bd6f8534e4d5b6afeba84908035 .av-caption-image-overlay-bg{\nopacity:0.4;\n}\n<\/style>\n<div  class='avia-image-container av-av_image-34c98bd6f8534e4d5b6afeba84908035 av-styling-no-styling avia_animated_image av-animated-when-visible-95 fade-in avia-align-left  avia-builder-el-130  avia-builder-el-no-sibling  jo_pf_bild noHover av-overlay-hover-deactivate'  ><div class=\"avia-image-container-inner\"><div class=\"avia-image-overlay-wrap\"><a href=\"https:\/\/www.galerie-metzger.de\/wp-content\/uploads\/2019\/12\/Text-Lotte-Reimers-zu-Beate-Kuhn-galerie-metzger-727x1090.jpg\" data-srcset=\"https:\/\/www.galerie-metzger.de\/wp-content\/uploads\/2019\/12\/Text-Lotte-Reimers-zu-Beate-Kuhn-galerie-metzger-727x1090.jpg 727w, https:\/\/www.galerie-metzger.de\/wp-content\/uploads\/2019\/12\/Text-Lotte-Reimers-zu-Beate-Kuhn-galerie-metzger-690x1035.jpg 690w, https:\/\/www.galerie-metzger.de\/wp-content\/uploads\/2019\/12\/Text-Lotte-Reimers-zu-Beate-Kuhn-galerie-metzger-1024x1536.jpg 1024w, https:\/\/www.galerie-metzger.de\/wp-content\/uploads\/2019\/12\/Text-Lotte-Reimers-zu-Beate-Kuhn-galerie-metzger-1365x2048.jpg 1365w, https:\/\/www.galerie-metzger.de\/wp-content\/uploads\/2019\/12\/Text-Lotte-Reimers-zu-Beate-Kuhn-galerie-metzger-1000x1500.jpg 1000w, https:\/\/www.galerie-metzger.de\/wp-content\/uploads\/2019\/12\/Text-Lotte-Reimers-zu-Beate-Kuhn-galerie-metzger-470x705.jpg 470w, https:\/\/www.galerie-metzger.de\/wp-content\/uploads\/2019\/12\/Text-Lotte-Reimers-zu-Beate-Kuhn-galerie-metzger-267x400.jpg 267w, https:\/\/www.galerie-metzger.de\/wp-content\/uploads\/2019\/12\/Text-Lotte-Reimers-zu-Beate-Kuhn-galerie-metzger-768x1152.jpg 768w, https:\/\/www.galerie-metzger.de\/wp-content\/uploads\/2019\/12\/Text-Lotte-Reimers-zu-Beate-Kuhn-galerie-metzger-687x1030.jpg 687w, https:\/\/www.galerie-metzger.de\/wp-content\/uploads\/2019\/12\/Text-Lotte-Reimers-zu-Beate-Kuhn-galerie-metzger-450x675.jpg 450w, https:\/\/www.galerie-metzger.de\/wp-content\/uploads\/2019\/12\/Text-Lotte-Reimers-zu-Beate-Kuhn-galerie-metzger-scaled.jpg 1707w\" data-sizes=\"(max-width: 687px) 100vw, 687px\" class='avia_image' ><div class=\"av-image-caption-overlay\"><div class=\"av-caption-image-overlay-bg\"><\/div><div class=\"av-image-caption-overlay-position\"><div class=\"av-image-caption-overlay-center\"><\/div><\/div><\/div><img decoding=\"async\" class='wp-image-7859 avia-img-lazy-loading-not-7859 avia_image ' src=\"https:\/\/www.galerie-metzger.de\/wp-content\/uploads\/2019\/12\/Text-Lotte-Reimers-zu-Beate-Kuhn-galerie-metzger-690x1035.jpg\" alt='Text Lotte Reimers zu Beate Kuhn' title='Text Lotte Reimers zu Beate Kuhn'  height=\"1035\" width=\"690\" srcset=\"https:\/\/www.galerie-metzger.de\/wp-content\/uploads\/2019\/12\/Text-Lotte-Reimers-zu-Beate-Kuhn-galerie-metzger-690x1035.jpg 690w, https:\/\/www.galerie-metzger.de\/wp-content\/uploads\/2019\/12\/Text-Lotte-Reimers-zu-Beate-Kuhn-galerie-metzger-727x1090.jpg 727w, https:\/\/www.galerie-metzger.de\/wp-content\/uploads\/2019\/12\/Text-Lotte-Reimers-zu-Beate-Kuhn-galerie-metzger-1024x1536.jpg 1024w, https:\/\/www.galerie-metzger.de\/wp-content\/uploads\/2019\/12\/Text-Lotte-Reimers-zu-Beate-Kuhn-galerie-metzger-1365x2048.jpg 1365w, https:\/\/www.galerie-metzger.de\/wp-content\/uploads\/2019\/12\/Text-Lotte-Reimers-zu-Beate-Kuhn-galerie-metzger-1000x1500.jpg 1000w, https:\/\/www.galerie-metzger.de\/wp-content\/uploads\/2019\/12\/Text-Lotte-Reimers-zu-Beate-Kuhn-galerie-metzger-470x705.jpg 470w, https:\/\/www.galerie-metzger.de\/wp-content\/uploads\/2019\/12\/Text-Lotte-Reimers-zu-Beate-Kuhn-galerie-metzger-267x400.jpg 267w, https:\/\/www.galerie-metzger.de\/wp-content\/uploads\/2019\/12\/Text-Lotte-Reimers-zu-Beate-Kuhn-galerie-metzger-768x1152.jpg 768w, https:\/\/www.galerie-metzger.de\/wp-content\/uploads\/2019\/12\/Text-Lotte-Reimers-zu-Beate-Kuhn-galerie-metzger-687x1030.jpg 687w, https:\/\/www.galerie-metzger.de\/wp-content\/uploads\/2019\/12\/Text-Lotte-Reimers-zu-Beate-Kuhn-galerie-metzger-450x675.jpg 450w, https:\/\/www.galerie-metzger.de\/wp-content\/uploads\/2019\/12\/Text-Lotte-Reimers-zu-Beate-Kuhn-galerie-metzger-scaled.jpg 1707w\" sizes=\"(max-width: 690px) 100vw, 690px\" \/><\/a><\/div><\/div><\/div><\/div><div class='av-flex-placeholder'><\/div>\n<style type=\"text\/css\" data-created_by=\"avia_inline_auto\" id=\"style-css-av-a4qn2n-856651ccfd145b8a6460040044b31760\">\n.flex_column.av-a4qn2n-856651ccfd145b8a6460040044b31760{\n-webkit-border-radius:0px 0px 0px 0px;\n-moz-border-radius:0px 0px 0px 0px;\nborder-radius:0px 0px 0px 0px;\n}\n<\/style>\n<div class='flex_column av-a4qn2n-856651ccfd145b8a6460040044b31760 av_two_third  avia-builder-el-131  el_after_av_one_third  el_before_av_one_full  flex_column_table_cell av-equal-height-column av-align-top av-animated-generic fade-in av-zero-column-padding column-top-margin'     ><section  class='av_textblock_section av-av_textblock-283972ea15f2e73870c23e2d6de3245d' ><div class='avia_textblock' ><p><strong>Beate Kuhn \u2013 als Mensch und als K\u00fcnstler eine singul\u00e4re Erscheinung.<\/strong><br \/>\nDie Verbindung zu Beate Kuhn bestand jahrzehntelang, von ihren fr\u00fchen Lottstetter Jahren und den Keramiken aus dieser Zeit, die w\u00e4hrend unserer Ausstellungs-Wanderschaft in vielen St\u00e4dten begeistertes Echo fanden, wie sp\u00e4ter ihre Jahr um Jahr neu entstehenden Objekte bei der Pilgerschar aus dem In- und Ausland im Deidesheimer Museum f\u00fcr moderne Keramik und nun in Schloss Villa Ludwigsh\u00f6he Edenkoben in der Sammlung Hinder\/Reimers des Landes Rheinland-Pfalz.<br \/>\nIhr Erfindungsreichtum schien unersch\u00f6pflich wie auch ihre F\u00e4higkeit, dieses Neue keramisch-technisch zu verwirklichen.<br \/>\nDass Beate Kuhn ein Mensch mit integrem Charakter und mit wachem Intellekt vielschichtig \u2013 nicht nur an zeitgen\u00f6ssischer Musik \u2013 an Kunst und Natur interessiert war, wurde bei jeder Begegnung mit ihr immer wieder deutlich.<br \/>\nDavon zeugen auch ihre Werke weltweit in Museen und Sammelbesitz und sichern ihr einen unverg\u00e4nglichen und unvergessenen Platz in der Geschichte der modernen Keramik.<\/p>\n<p><em> Lotte Reimers, Deidesheim, Dezember 2019 <\/em><\/p>\n<\/div><\/section><\/div><\/div><!--close column table wrapper. Autoclose: 1 --><div class='flex_column_table av-2gsxvhb-1118cc7ed190ef12b94344766d75b468 sc-av_one_full av-equal-height-column-flextable'>\n<style type=\"text\/css\" data-created_by=\"avia_inline_auto\" id=\"style-css-av-2gsxvhb-1118cc7ed190ef12b94344766d75b468\">\n.flex_column.av-2gsxvhb-1118cc7ed190ef12b94344766d75b468{\n-webkit-border-radius:0px 0px 0px 0px;\n-moz-border-radius:0px 0px 0px 0px;\nborder-radius:0px 0px 0px 0px;\n}\n<\/style>\n<div class='flex_column av-2gsxvhb-1118cc7ed190ef12b94344766d75b468 av_one_full  avia-builder-el-133  el_after_av_two_third  el_before_av_one_half  jo_col_empty first flex_column_table_cell av-equal-height-column av-align-top av-animated-generic fade-in av-zero-column-padding column-top-margin'     ><section  class='av_textblock_section av-2ebrkhr-7982fab1bb27e611fade3e31fb8d8b3f' ><div class='avia_textblock' ><p>invisible placeholder<\/p>\n<\/div><\/section><\/div><\/div><!--close column table wrapper. Autoclose: 1 --><div class='flex_column_table av-22ccvjz-c20c10c7f195c3bda27bd103a17649b8 sc-av_one_half av-equal-height-column-flextable'>\n<style type=\"text\/css\" data-created_by=\"avia_inline_auto\" id=\"style-css-av-22ccvjz-c20c10c7f195c3bda27bd103a17649b8\">\n.flex_column.av-22ccvjz-c20c10c7f195c3bda27bd103a17649b8{\n-webkit-border-radius:0px 0px 0px 0px;\n-moz-border-radius:0px 0px 0px 0px;\nborder-radius:0px 0px 0px 0px;\n}\n<\/style>\n<div class='flex_column av-22ccvjz-c20c10c7f195c3bda27bd103a17649b8 av_one_half  avia-builder-el-135  el_after_av_one_full  el_before_av_one_half  jo_pf_bild_bg first flex_column_table_cell av-equal-height-column av-align-top av-animated-generic fade-in av-zero-column-padding column-top-margin'     ><p>\n<style type=\"text\/css\" data-created_by=\"avia_inline_auto\" id=\"style-css-av-av_image-8fb63eb9df0ccadd2511b577e4db79f2\">\n.avia-image-container.av-av_image-8fb63eb9df0ccadd2511b577e4db79f2 img.avia_image{\nbox-shadow:none;\n}\n.avia-image-container.av-av_image-8fb63eb9df0ccadd2511b577e4db79f2 .av-caption-image-overlay-bg{\nopacity:0.4;\n}\n<\/style>\n<div  class='avia-image-container av-av_image-8fb63eb9df0ccadd2511b577e4db79f2 av-styling-no-styling avia_animated_image av-animated-when-visible-95 fade-in avia-align-left  avia-builder-el-136  el_before_av_textblock  avia-builder-el-first  jo_pf_bild noHover av-overlay-hover-deactivate'  ><div class=\"avia-image-container-inner\"><div class=\"avia-image-overlay-wrap\"><a href=\"https:\/\/www.galerie-metzger.de\/wp-content\/uploads\/2020\/02\/Beate-Kuhn-untitled-2014-26-x-23-x-115-cm-galerie-metzger-angewandte-kunst-ceramic-art-object-gallery-deutsche-studio-keramik--1090x727.jpg\" data-srcset=\"https:\/\/www.galerie-metzger.de\/wp-content\/uploads\/2020\/02\/Beate-Kuhn-untitled-2014-26-x-23-x-115-cm-galerie-metzger-angewandte-kunst-ceramic-art-object-gallery-deutsche-studio-keramik--1090x727.jpg 1090w, https:\/\/www.galerie-metzger.de\/wp-content\/uploads\/2020\/02\/Beate-Kuhn-untitled-2014-26-x-23-x-115-cm-galerie-metzger-angewandte-kunst-ceramic-art-object-gallery-deutsche-studio-keramik--690x460.jpg 690w, https:\/\/www.galerie-metzger.de\/wp-content\/uploads\/2020\/02\/Beate-Kuhn-untitled-2014-26-x-23-x-115-cm-galerie-metzger-angewandte-kunst-ceramic-art-object-gallery-deutsche-studio-keramik--1536x1024.jpg 1536w, https:\/\/www.galerie-metzger.de\/wp-content\/uploads\/2020\/02\/Beate-Kuhn-untitled-2014-26-x-23-x-115-cm-galerie-metzger-angewandte-kunst-ceramic-art-object-gallery-deutsche-studio-keramik--2048x1365.jpg 2048w, https:\/\/www.galerie-metzger.de\/wp-content\/uploads\/2020\/02\/Beate-Kuhn-untitled-2014-26-x-23-x-115-cm-galerie-metzger-angewandte-kunst-ceramic-art-object-gallery-deutsche-studio-keramik--1500x1000.jpg 1500w, https:\/\/www.galerie-metzger.de\/wp-content\/uploads\/2020\/02\/Beate-Kuhn-untitled-2014-26-x-23-x-115-cm-galerie-metzger-angewandte-kunst-ceramic-art-object-gallery-deutsche-studio-keramik--705x470.jpg 705w, https:\/\/www.galerie-metzger.de\/wp-content\/uploads\/2020\/02\/Beate-Kuhn-untitled-2014-26-x-23-x-115-cm-galerie-metzger-angewandte-kunst-ceramic-art-object-gallery-deutsche-studio-keramik--400x267.jpg 400w, https:\/\/www.galerie-metzger.de\/wp-content\/uploads\/2020\/02\/Beate-Kuhn-untitled-2014-26-x-23-x-115-cm-galerie-metzger-angewandte-kunst-ceramic-art-object-gallery-deutsche-studio-keramik--768x512.jpg 768w, https:\/\/www.galerie-metzger.de\/wp-content\/uploads\/2020\/02\/Beate-Kuhn-untitled-2014-26-x-23-x-115-cm-galerie-metzger-angewandte-kunst-ceramic-art-object-gallery-deutsche-studio-keramik--1030x687.jpg 1030w, https:\/\/www.galerie-metzger.de\/wp-content\/uploads\/2020\/02\/Beate-Kuhn-untitled-2014-26-x-23-x-115-cm-galerie-metzger-angewandte-kunst-ceramic-art-object-gallery-deutsche-studio-keramik--300x200.jpg 300w, https:\/\/www.galerie-metzger.de\/wp-content\/uploads\/2020\/02\/Beate-Kuhn-untitled-2014-26-x-23-x-115-cm-galerie-metzger-angewandte-kunst-ceramic-art-object-gallery-deutsche-studio-keramik--900x600.jpg 900w, https:\/\/www.galerie-metzger.de\/wp-content\/uploads\/2020\/02\/Beate-Kuhn-untitled-2014-26-x-23-x-115-cm-galerie-metzger-angewandte-kunst-ceramic-art-object-gallery-deutsche-studio-keramik--450x300.jpg 450w\" data-sizes=\"(max-width: 1030px) 100vw, 1030px\" class='avia_image' ><div class=\"av-image-caption-overlay\"><div class=\"av-caption-image-overlay-bg\"><\/div><div class=\"av-image-caption-overlay-position\"><div class=\"av-image-caption-overlay-center\"><p>Beate Kuhn \u2013 ohne Titel \u2013\u00a0 2014, 26 x 23 x 11,5 cm, Foto: Edi Baumann<\/p>\n<\/div><\/div><\/div><img decoding=\"async\" class='wp-image-8062 avia-img-lazy-loading-not-8062 avia_image ' src=\"https:\/\/www.galerie-metzger.de\/wp-content\/uploads\/2020\/02\/Beate-Kuhn-untitled-2014-26-x-23-x-115-cm-galerie-metzger-angewandte-kunst-ceramic-art-object-gallery-deutsche-studio-keramik--495x400.jpg\" alt='Beate Kuhn - untitled - 2014 - 26 x 23 x 11,5 cm' title='Beate Kuhn - untitled - 2014 - 26 x 23 x 11,5 cm'  height=\"400\" width=\"495\" srcset=\"https:\/\/www.galerie-metzger.de\/wp-content\/uploads\/2020\/02\/Beate-Kuhn-untitled-2014-26-x-23-x-115-cm-galerie-metzger-angewandte-kunst-ceramic-art-object-gallery-deutsche-studio-keramik--495x400.jpg 495w, https:\/\/www.galerie-metzger.de\/wp-content\/uploads\/2020\/02\/Beate-Kuhn-untitled-2014-26-x-23-x-115-cm-galerie-metzger-angewandte-kunst-ceramic-art-object-gallery-deutsche-studio-keramik--845x684.jpg 845w\" sizes=\"(max-width: 495px) 100vw, 495px\" \/><\/a><\/div><\/div><\/div><br \/>\n<section  class='av_textblock_section av-av_textblock-2df6986536148a6092118248b21c996c' ><div class='avia_textblock jo_werk_anfrage' ><p><a class=\"anfrage\" href=\"mailto:info@galerie-metzger.de?subject=Beate%20Kuhn%20ohne Titel%2026 x 23 x 11,5 cm\">Anfrage zum Werk<\/a><\/p>\n<\/div><\/section><\/p><\/div><div class='av-flex-placeholder'><\/div>\n<style type=\"text\/css\" data-created_by=\"avia_inline_auto\" id=\"style-css-av-22ccvjz-ad468ee973643f648d80b19378020a49\">\n.flex_column.av-22ccvjz-ad468ee973643f648d80b19378020a49{\n-webkit-border-radius:0px 0px 0px 0px;\n-moz-border-radius:0px 0px 0px 0px;\nborder-radius:0px 0px 0px 0px;\n}\n<\/style>\n<div class='flex_column av-22ccvjz-ad468ee973643f648d80b19378020a49 av_one_half  avia-builder-el-138  el_after_av_one_half  el_before_av_one_full  jo_pf_bild_bg flex_column_table_cell av-equal-height-column av-align-top av-animated-generic fade-in av-zero-column-padding column-top-margin'     ><p>\n<style type=\"text\/css\" data-created_by=\"avia_inline_auto\" id=\"style-css-av-av_image-1592cb52e9d770a382bafbd604ddcc34\">\n.avia-image-container.av-av_image-1592cb52e9d770a382bafbd604ddcc34 img.avia_image{\nbox-shadow:none;\n}\n.avia-image-container.av-av_image-1592cb52e9d770a382bafbd604ddcc34 .av-caption-image-overlay-bg{\nopacity:0.4;\n}\n<\/style>\n<div  class='avia-image-container av-av_image-1592cb52e9d770a382bafbd604ddcc34 av-styling-no-styling avia_animated_image av-animated-when-visible-95 fade-in avia-align-left  avia-builder-el-139  el_before_av_textblock  avia-builder-el-first  jo_pf_bild noHover av-overlay-hover-deactivate'  ><div class=\"avia-image-container-inner\"><div class=\"avia-image-overlay-wrap\"><a href=\"https:\/\/www.galerie-metzger.de\/wp-content\/uploads\/2020\/05\/Beate-Kuhn-untitled-2014-23x19x86-cm-galerie-metzger-art-sculpture-plastische-arbeit-keramik-1090x727.jpg\" data-srcset=\"https:\/\/www.galerie-metzger.de\/wp-content\/uploads\/2020\/05\/Beate-Kuhn-untitled-2014-23x19x86-cm-galerie-metzger-art-sculpture-plastische-arbeit-keramik-1090x727.jpg 1090w, https:\/\/www.galerie-metzger.de\/wp-content\/uploads\/2020\/05\/Beate-Kuhn-untitled-2014-23x19x86-cm-galerie-metzger-art-sculpture-plastische-arbeit-keramik-690x460.jpg 690w, https:\/\/www.galerie-metzger.de\/wp-content\/uploads\/2020\/05\/Beate-Kuhn-untitled-2014-23x19x86-cm-galerie-metzger-art-sculpture-plastische-arbeit-keramik-1536x1024.jpg 1536w, https:\/\/www.galerie-metzger.de\/wp-content\/uploads\/2020\/05\/Beate-Kuhn-untitled-2014-23x19x86-cm-galerie-metzger-art-sculpture-plastische-arbeit-keramik-2048x1365.jpg 2048w, https:\/\/www.galerie-metzger.de\/wp-content\/uploads\/2020\/05\/Beate-Kuhn-untitled-2014-23x19x86-cm-galerie-metzger-art-sculpture-plastische-arbeit-keramik-1500x1000.jpg 1500w, https:\/\/www.galerie-metzger.de\/wp-content\/uploads\/2020\/05\/Beate-Kuhn-untitled-2014-23x19x86-cm-galerie-metzger-art-sculpture-plastische-arbeit-keramik-705x470.jpg 705w, https:\/\/www.galerie-metzger.de\/wp-content\/uploads\/2020\/05\/Beate-Kuhn-untitled-2014-23x19x86-cm-galerie-metzger-art-sculpture-plastische-arbeit-keramik-400x267.jpg 400w, https:\/\/www.galerie-metzger.de\/wp-content\/uploads\/2020\/05\/Beate-Kuhn-untitled-2014-23x19x86-cm-galerie-metzger-art-sculpture-plastische-arbeit-keramik-768x512.jpg 768w, https:\/\/www.galerie-metzger.de\/wp-content\/uploads\/2020\/05\/Beate-Kuhn-untitled-2014-23x19x86-cm-galerie-metzger-art-sculpture-plastische-arbeit-keramik-1030x687.jpg 1030w, https:\/\/www.galerie-metzger.de\/wp-content\/uploads\/2020\/05\/Beate-Kuhn-untitled-2014-23x19x86-cm-galerie-metzger-art-sculpture-plastische-arbeit-keramik-300x200.jpg 300w, https:\/\/www.galerie-metzger.de\/wp-content\/uploads\/2020\/05\/Beate-Kuhn-untitled-2014-23x19x86-cm-galerie-metzger-art-sculpture-plastische-arbeit-keramik-900x600.jpg 900w, https:\/\/www.galerie-metzger.de\/wp-content\/uploads\/2020\/05\/Beate-Kuhn-untitled-2014-23x19x86-cm-galerie-metzger-art-sculpture-plastische-arbeit-keramik-450x300.jpg 450w\" data-sizes=\"(max-width: 1030px) 100vw, 1030px\" class='avia_image' ><div class=\"av-image-caption-overlay\"><div class=\"av-caption-image-overlay-bg\"><\/div><div class=\"av-image-caption-overlay-position\"><div class=\"av-image-caption-overlay-center\"><p>Beate Kuhn \u2013 untitled \u2013\u00a02014, 23x19x8,6 cm, Foto: Edi Baumann<\/p>\n<\/div><\/div><\/div><img decoding=\"async\" class='wp-image-8290 avia-img-lazy-loading-not-8290 avia_image ' src=\"https:\/\/www.galerie-metzger.de\/wp-content\/uploads\/2020\/05\/Beate-Kuhn-untitled-2014-23x19x86-cm-galerie-metzger-art-sculpture-plastische-arbeit-keramik-495x400.jpg\" alt='Beate Kuhn - untitled -2014-23x19x8,6 cm' title='Beate Kuhn - untitled -2014-23x19x8,6 cm'  height=\"400\" width=\"495\" srcset=\"https:\/\/www.galerie-metzger.de\/wp-content\/uploads\/2020\/05\/Beate-Kuhn-untitled-2014-23x19x86-cm-galerie-metzger-art-sculpture-plastische-arbeit-keramik-495x400.jpg 495w, https:\/\/www.galerie-metzger.de\/wp-content\/uploads\/2020\/05\/Beate-Kuhn-untitled-2014-23x19x86-cm-galerie-metzger-art-sculpture-plastische-arbeit-keramik-845x684.jpg 845w\" sizes=\"(max-width: 495px) 100vw, 495px\" \/><\/a><\/div><\/div><\/div><br \/>\n<section  class='av_textblock_section av-av_textblock-2df6986536148a6092118248b21c996c' ><div class='avia_textblock jo_werk_anfrage' ><p><a class=\"anfrage\" href=\"mailto:info@galerie-metzger.de?subject=Beate%20Kuhn%20untitled%202014,23x19x8,6 cm\">Anfrage zum Werk<\/a><\/p>\n<\/div><\/section><\/p><\/div><\/div><!--close column table wrapper. Autoclose: 1 --><div class='flex_column_table av-2gsxvhb-1118cc7ed190ef12b94344766d75b468 sc-av_one_full av-equal-height-column-flextable'>\n<style type=\"text\/css\" data-created_by=\"avia_inline_auto\" id=\"style-css-av-2gsxvhb-1118cc7ed190ef12b94344766d75b468\">\n.flex_column.av-2gsxvhb-1118cc7ed190ef12b94344766d75b468{\n-webkit-border-radius:0px 0px 0px 0px;\n-moz-border-radius:0px 0px 0px 0px;\nborder-radius:0px 0px 0px 0px;\n}\n<\/style>\n<div class='flex_column av-2gsxvhb-1118cc7ed190ef12b94344766d75b468 av_one_full  avia-builder-el-141  el_after_av_one_half  el_before_av_one_half  jo_col_empty first flex_column_table_cell av-equal-height-column av-align-top av-animated-generic fade-in av-zero-column-padding column-top-margin'     ><section  class='av_textblock_section av-2ebrkhr-7982fab1bb27e611fade3e31fb8d8b3f' ><div class='avia_textblock' ><p>invisible placeholder<\/p>\n<\/div><\/section><\/div><\/div><!--close column table wrapper. Autoclose: 1 --><div class='flex_column_table av-22ccvjz-c20c10c7f195c3bda27bd103a17649b8 sc-av_one_half av-equal-height-column-flextable'>\n<style type=\"text\/css\" data-created_by=\"avia_inline_auto\" id=\"style-css-av-22ccvjz-c20c10c7f195c3bda27bd103a17649b8\">\n.flex_column.av-22ccvjz-c20c10c7f195c3bda27bd103a17649b8{\n-webkit-border-radius:0px 0px 0px 0px;\n-moz-border-radius:0px 0px 0px 0px;\nborder-radius:0px 0px 0px 0px;\n}\n<\/style>\n<div class='flex_column av-22ccvjz-c20c10c7f195c3bda27bd103a17649b8 av_one_half  avia-builder-el-143  el_after_av_one_full  el_before_av_one_half  jo_pf_bild_bg first flex_column_table_cell av-equal-height-column av-align-top av-animated-generic fade-in av-zero-column-padding column-top-margin'     ><style type=\"text\/css\" data-created_by=\"avia_inline_auto\" id=\"style-css-av-av_image-f291612a30d42c828180ad5a4c5c90ad\">\n.avia-image-container.av-av_image-f291612a30d42c828180ad5a4c5c90ad img.avia_image{\nbox-shadow:none;\n}\n.avia-image-container.av-av_image-f291612a30d42c828180ad5a4c5c90ad .av-caption-image-overlay-bg{\nopacity:0.4;\n}\n<\/style>\n<div  class='avia-image-container av-av_image-f291612a30d42c828180ad5a4c5c90ad av-styling-no-styling avia_animated_image av-animated-when-visible-95 fade-in avia-align-left  avia-builder-el-144  avia-builder-el-no-sibling  jo_pf_bild noHover av-overlay-hover-deactivate'  ><div class=\"avia-image-container-inner\"><div class=\"avia-image-overlay-wrap\"><a href=\"https:\/\/www.galerie-metzger.de\/wp-content\/uploads\/2020\/04\/Beate-Kuhn-Mokkakanne-156x16x88cm-galerie-metzger-deutsche-studiokeramik-gallery-aschaffenburg-sculpture-art-1090x1090.jpg\" data-srcset=\"https:\/\/www.galerie-metzger.de\/wp-content\/uploads\/2020\/04\/Beate-Kuhn-Mokkakanne-156x16x88cm-galerie-metzger-deutsche-studiokeramik-gallery-aschaffenburg-sculpture-art-1090x1090.jpg 1090w, https:\/\/www.galerie-metzger.de\/wp-content\/uploads\/2020\/04\/Beate-Kuhn-Mokkakanne-156x16x88cm-galerie-metzger-deutsche-studiokeramik-gallery-aschaffenburg-sculpture-art-690x690.jpg 690w, https:\/\/www.galerie-metzger.de\/wp-content\/uploads\/2020\/04\/Beate-Kuhn-Mokkakanne-156x16x88cm-galerie-metzger-deutsche-studiokeramik-gallery-aschaffenburg-sculpture-art-80x80.jpg 80w, https:\/\/www.galerie-metzger.de\/wp-content\/uploads\/2020\/04\/Beate-Kuhn-Mokkakanne-156x16x88cm-galerie-metzger-deutsche-studiokeramik-gallery-aschaffenburg-sculpture-art-1536x1536.jpg 1536w, https:\/\/www.galerie-metzger.de\/wp-content\/uploads\/2020\/04\/Beate-Kuhn-Mokkakanne-156x16x88cm-galerie-metzger-deutsche-studiokeramik-gallery-aschaffenburg-sculpture-art-2048x2048.jpg 2048w, https:\/\/www.galerie-metzger.de\/wp-content\/uploads\/2020\/04\/Beate-Kuhn-Mokkakanne-156x16x88cm-galerie-metzger-deutsche-studiokeramik-gallery-aschaffenburg-sculpture-art-36x36.jpg 36w, https:\/\/www.galerie-metzger.de\/wp-content\/uploads\/2020\/04\/Beate-Kuhn-Mokkakanne-156x16x88cm-galerie-metzger-deutsche-studiokeramik-gallery-aschaffenburg-sculpture-art-180x180.jpg 180w, https:\/\/www.galerie-metzger.de\/wp-content\/uploads\/2020\/04\/Beate-Kuhn-Mokkakanne-156x16x88cm-galerie-metzger-deutsche-studiokeramik-gallery-aschaffenburg-sculpture-art-1500x1500.jpg 1500w, https:\/\/www.galerie-metzger.de\/wp-content\/uploads\/2020\/04\/Beate-Kuhn-Mokkakanne-156x16x88cm-galerie-metzger-deutsche-studiokeramik-gallery-aschaffenburg-sculpture-art-705x705.jpg 705w, https:\/\/www.galerie-metzger.de\/wp-content\/uploads\/2020\/04\/Beate-Kuhn-Mokkakanne-156x16x88cm-galerie-metzger-deutsche-studiokeramik-gallery-aschaffenburg-sculpture-art-400x400.jpg 400w, https:\/\/www.galerie-metzger.de\/wp-content\/uploads\/2020\/04\/Beate-Kuhn-Mokkakanne-156x16x88cm-galerie-metzger-deutsche-studiokeramik-gallery-aschaffenburg-sculpture-art-768x768.jpg 768w, https:\/\/www.galerie-metzger.de\/wp-content\/uploads\/2020\/04\/Beate-Kuhn-Mokkakanne-156x16x88cm-galerie-metzger-deutsche-studiokeramik-gallery-aschaffenburg-sculpture-art-1030x1030.jpg 1030w, https:\/\/www.galerie-metzger.de\/wp-content\/uploads\/2020\/04\/Beate-Kuhn-Mokkakanne-156x16x88cm-galerie-metzger-deutsche-studiokeramik-gallery-aschaffenburg-sculpture-art-120x120.jpg 120w, https:\/\/www.galerie-metzger.de\/wp-content\/uploads\/2020\/04\/Beate-Kuhn-Mokkakanne-156x16x88cm-galerie-metzger-deutsche-studiokeramik-gallery-aschaffenburg-sculpture-art-450x450.jpg 450w\" data-sizes=\"(max-width: 1030px) 100vw, 1030px\" class='avia_image' ><div class=\"av-image-caption-overlay\"><div class=\"av-caption-image-overlay-bg\"><\/div><div class=\"av-image-caption-overlay-position\"><div class=\"av-image-caption-overlay-center\"><p>Beate Kuhn \u2013 Mokkakanne \u2013\u00a0um 1955, 15,6x16x8,8 cm, Foto: Edi Baumann<\/p>\n<\/div><\/div><\/div><img decoding=\"async\" class='wp-image-8190 avia-img-lazy-loading-not-8190 avia_image ' src=\"https:\/\/www.galerie-metzger.de\/wp-content\/uploads\/2020\/04\/Beate-Kuhn-Mokkakanne-156x16x88cm-galerie-metzger-deutsche-studiokeramik-gallery-aschaffenburg-sculpture-art-scaled.jpg\" alt='Beate Kuhn-Mokkakanne-15,6x16x8,8cm' title='Beate Kuhn-Mokkakanne-15,6x16x8,8cm'  height=\"2560\" width=\"2560\" srcset=\"https:\/\/www.galerie-metzger.de\/wp-content\/uploads\/2020\/04\/Beate-Kuhn-Mokkakanne-156x16x88cm-galerie-metzger-deutsche-studiokeramik-gallery-aschaffenburg-sculpture-art-scaled.jpg 2560w, https:\/\/www.galerie-metzger.de\/wp-content\/uploads\/2020\/04\/Beate-Kuhn-Mokkakanne-156x16x88cm-galerie-metzger-deutsche-studiokeramik-gallery-aschaffenburg-sculpture-art-690x690.jpg 690w, https:\/\/www.galerie-metzger.de\/wp-content\/uploads\/2020\/04\/Beate-Kuhn-Mokkakanne-156x16x88cm-galerie-metzger-deutsche-studiokeramik-gallery-aschaffenburg-sculpture-art-1090x1090.jpg 1090w, https:\/\/www.galerie-metzger.de\/wp-content\/uploads\/2020\/04\/Beate-Kuhn-Mokkakanne-156x16x88cm-galerie-metzger-deutsche-studiokeramik-gallery-aschaffenburg-sculpture-art-80x80.jpg 80w, https:\/\/www.galerie-metzger.de\/wp-content\/uploads\/2020\/04\/Beate-Kuhn-Mokkakanne-156x16x88cm-galerie-metzger-deutsche-studiokeramik-gallery-aschaffenburg-sculpture-art-1536x1536.jpg 1536w, https:\/\/www.galerie-metzger.de\/wp-content\/uploads\/2020\/04\/Beate-Kuhn-Mokkakanne-156x16x88cm-galerie-metzger-deutsche-studiokeramik-gallery-aschaffenburg-sculpture-art-2048x2048.jpg 2048w, https:\/\/www.galerie-metzger.de\/wp-content\/uploads\/2020\/04\/Beate-Kuhn-Mokkakanne-156x16x88cm-galerie-metzger-deutsche-studiokeramik-gallery-aschaffenburg-sculpture-art-36x36.jpg 36w, https:\/\/www.galerie-metzger.de\/wp-content\/uploads\/2020\/04\/Beate-Kuhn-Mokkakanne-156x16x88cm-galerie-metzger-deutsche-studiokeramik-gallery-aschaffenburg-sculpture-art-180x180.jpg 180w, https:\/\/www.galerie-metzger.de\/wp-content\/uploads\/2020\/04\/Beate-Kuhn-Mokkakanne-156x16x88cm-galerie-metzger-deutsche-studiokeramik-gallery-aschaffenburg-sculpture-art-1500x1500.jpg 1500w, https:\/\/www.galerie-metzger.de\/wp-content\/uploads\/2020\/04\/Beate-Kuhn-Mokkakanne-156x16x88cm-galerie-metzger-deutsche-studiokeramik-gallery-aschaffenburg-sculpture-art-705x705.jpg 705w, https:\/\/www.galerie-metzger.de\/wp-content\/uploads\/2020\/04\/Beate-Kuhn-Mokkakanne-156x16x88cm-galerie-metzger-deutsche-studiokeramik-gallery-aschaffenburg-sculpture-art-400x400.jpg 400w, https:\/\/www.galerie-metzger.de\/wp-content\/uploads\/2020\/04\/Beate-Kuhn-Mokkakanne-156x16x88cm-galerie-metzger-deutsche-studiokeramik-gallery-aschaffenburg-sculpture-art-768x768.jpg 768w, https:\/\/www.galerie-metzger.de\/wp-content\/uploads\/2020\/04\/Beate-Kuhn-Mokkakanne-156x16x88cm-galerie-metzger-deutsche-studiokeramik-gallery-aschaffenburg-sculpture-art-1030x1030.jpg 1030w, https:\/\/www.galerie-metzger.de\/wp-content\/uploads\/2020\/04\/Beate-Kuhn-Mokkakanne-156x16x88cm-galerie-metzger-deutsche-studiokeramik-gallery-aschaffenburg-sculpture-art-120x120.jpg 120w, https:\/\/www.galerie-metzger.de\/wp-content\/uploads\/2020\/04\/Beate-Kuhn-Mokkakanne-156x16x88cm-galerie-metzger-deutsche-studiokeramik-gallery-aschaffenburg-sculpture-art-450x450.jpg 450w\" sizes=\"(max-width: 2560px) 100vw, 2560px\" \/><\/a><\/div><\/div><\/div><\/div><div class='av-flex-placeholder'><\/div>\n<style type=\"text\/css\" data-created_by=\"avia_inline_auto\" id=\"style-css-av-22ccvjz-ad468ee973643f648d80b19378020a49\">\n.flex_column.av-22ccvjz-ad468ee973643f648d80b19378020a49{\n-webkit-border-radius:0px 0px 0px 0px;\n-moz-border-radius:0px 0px 0px 0px;\nborder-radius:0px 0px 0px 0px;\n}\n<\/style>\n<div class='flex_column av-22ccvjz-ad468ee973643f648d80b19378020a49 av_one_half  avia-builder-el-145  el_after_av_one_half  el_before_av_one_full  jo_pf_bild_bg flex_column_table_cell av-equal-height-column av-align-top av-animated-generic fade-in av-zero-column-padding column-top-margin'     ><style type=\"text\/css\" data-created_by=\"avia_inline_auto\" id=\"style-css-av-av_image-9835b5b36143238e260147ff879cd03b\">\n.avia-image-container.av-av_image-9835b5b36143238e260147ff879cd03b img.avia_image{\nbox-shadow:none;\n}\n.avia-image-container.av-av_image-9835b5b36143238e260147ff879cd03b .av-caption-image-overlay-bg{\nopacity:0.4;\n}\n<\/style>\n<div  class='avia-image-container av-av_image-9835b5b36143238e260147ff879cd03b av-styling-no-styling avia_animated_image av-animated-when-visible-95 fade-in avia-align-left  avia-builder-el-146  avia-builder-el-no-sibling  jo_pf_bild noHover av-overlay-hover-deactivate'  ><div class=\"avia-image-container-inner\"><div class=\"avia-image-overlay-wrap\"><a href=\"https:\/\/www.galerie-metzger.de\/wp-content\/uploads\/2020\/04\/Beate-Kuhn-Mokkakanne-156x16x88cm-galerie-metzger-deutsche-studiokeramik-gallery-aschaffenburg-sculpture-1090x1090.jpg\" data-srcset=\"https:\/\/www.galerie-metzger.de\/wp-content\/uploads\/2020\/04\/Beate-Kuhn-Mokkakanne-156x16x88cm-galerie-metzger-deutsche-studiokeramik-gallery-aschaffenburg-sculpture-1090x1090.jpg 1090w, https:\/\/www.galerie-metzger.de\/wp-content\/uploads\/2020\/04\/Beate-Kuhn-Mokkakanne-156x16x88cm-galerie-metzger-deutsche-studiokeramik-gallery-aschaffenburg-sculpture-690x690.jpg 690w, https:\/\/www.galerie-metzger.de\/wp-content\/uploads\/2020\/04\/Beate-Kuhn-Mokkakanne-156x16x88cm-galerie-metzger-deutsche-studiokeramik-gallery-aschaffenburg-sculpture-80x80.jpg 80w, https:\/\/www.galerie-metzger.de\/wp-content\/uploads\/2020\/04\/Beate-Kuhn-Mokkakanne-156x16x88cm-galerie-metzger-deutsche-studiokeramik-gallery-aschaffenburg-sculpture-1536x1536.jpg 1536w, https:\/\/www.galerie-metzger.de\/wp-content\/uploads\/2020\/04\/Beate-Kuhn-Mokkakanne-156x16x88cm-galerie-metzger-deutsche-studiokeramik-gallery-aschaffenburg-sculpture-2048x2048.jpg 2048w, https:\/\/www.galerie-metzger.de\/wp-content\/uploads\/2020\/04\/Beate-Kuhn-Mokkakanne-156x16x88cm-galerie-metzger-deutsche-studiokeramik-gallery-aschaffenburg-sculpture-36x36.jpg 36w, https:\/\/www.galerie-metzger.de\/wp-content\/uploads\/2020\/04\/Beate-Kuhn-Mokkakanne-156x16x88cm-galerie-metzger-deutsche-studiokeramik-gallery-aschaffenburg-sculpture-180x180.jpg 180w, https:\/\/www.galerie-metzger.de\/wp-content\/uploads\/2020\/04\/Beate-Kuhn-Mokkakanne-156x16x88cm-galerie-metzger-deutsche-studiokeramik-gallery-aschaffenburg-sculpture-1500x1500.jpg 1500w, https:\/\/www.galerie-metzger.de\/wp-content\/uploads\/2020\/04\/Beate-Kuhn-Mokkakanne-156x16x88cm-galerie-metzger-deutsche-studiokeramik-gallery-aschaffenburg-sculpture-705x705.jpg 705w, https:\/\/www.galerie-metzger.de\/wp-content\/uploads\/2020\/04\/Beate-Kuhn-Mokkakanne-156x16x88cm-galerie-metzger-deutsche-studiokeramik-gallery-aschaffenburg-sculpture-400x400.jpg 400w, https:\/\/www.galerie-metzger.de\/wp-content\/uploads\/2020\/04\/Beate-Kuhn-Mokkakanne-156x16x88cm-galerie-metzger-deutsche-studiokeramik-gallery-aschaffenburg-sculpture-768x768.jpg 768w, https:\/\/www.galerie-metzger.de\/wp-content\/uploads\/2020\/04\/Beate-Kuhn-Mokkakanne-156x16x88cm-galerie-metzger-deutsche-studiokeramik-gallery-aschaffenburg-sculpture-1030x1030.jpg 1030w, https:\/\/www.galerie-metzger.de\/wp-content\/uploads\/2020\/04\/Beate-Kuhn-Mokkakanne-156x16x88cm-galerie-metzger-deutsche-studiokeramik-gallery-aschaffenburg-sculpture-120x120.jpg 120w, https:\/\/www.galerie-metzger.de\/wp-content\/uploads\/2020\/04\/Beate-Kuhn-Mokkakanne-156x16x88cm-galerie-metzger-deutsche-studiokeramik-gallery-aschaffenburg-sculpture-450x450.jpg 450w\" data-sizes=\"(max-width: 1030px) 100vw, 1030px\" class='avia_image' ><div class=\"av-image-caption-overlay\"><div class=\"av-caption-image-overlay-bg\"><\/div><div class=\"av-image-caption-overlay-position\"><div class=\"av-image-caption-overlay-center\"><p>Beate Kuhn \u2013 Mokkakanne \u2013\u00a0um 1955, 15,6x16x8,8 cm, Foto: Edi Baumann<\/p>\n<\/div><\/div><\/div><img decoding=\"async\" class='wp-image-8192 avia-img-lazy-loading-not-8192 avia_image ' src=\"https:\/\/www.galerie-metzger.de\/wp-content\/uploads\/2020\/04\/Beate-Kuhn-Mokkakanne-156x16x88cm-galerie-metzger-deutsche-studiokeramik-gallery-aschaffenburg-sculpture-scaled.jpg\" alt='Beate Kuhn-Mokkakanne -15,6x16x8,8cm' title='Beate Kuhn-Mokkakanne -15,6x16x8,8cm'  height=\"2560\" width=\"2560\" srcset=\"https:\/\/www.galerie-metzger.de\/wp-content\/uploads\/2020\/04\/Beate-Kuhn-Mokkakanne-156x16x88cm-galerie-metzger-deutsche-studiokeramik-gallery-aschaffenburg-sculpture-scaled.jpg 2560w, https:\/\/www.galerie-metzger.de\/wp-content\/uploads\/2020\/04\/Beate-Kuhn-Mokkakanne-156x16x88cm-galerie-metzger-deutsche-studiokeramik-gallery-aschaffenburg-sculpture-690x690.jpg 690w, https:\/\/www.galerie-metzger.de\/wp-content\/uploads\/2020\/04\/Beate-Kuhn-Mokkakanne-156x16x88cm-galerie-metzger-deutsche-studiokeramik-gallery-aschaffenburg-sculpture-1090x1090.jpg 1090w, https:\/\/www.galerie-metzger.de\/wp-content\/uploads\/2020\/04\/Beate-Kuhn-Mokkakanne-156x16x88cm-galerie-metzger-deutsche-studiokeramik-gallery-aschaffenburg-sculpture-80x80.jpg 80w, https:\/\/www.galerie-metzger.de\/wp-content\/uploads\/2020\/04\/Beate-Kuhn-Mokkakanne-156x16x88cm-galerie-metzger-deutsche-studiokeramik-gallery-aschaffenburg-sculpture-1536x1536.jpg 1536w, https:\/\/www.galerie-metzger.de\/wp-content\/uploads\/2020\/04\/Beate-Kuhn-Mokkakanne-156x16x88cm-galerie-metzger-deutsche-studiokeramik-gallery-aschaffenburg-sculpture-2048x2048.jpg 2048w, https:\/\/www.galerie-metzger.de\/wp-content\/uploads\/2020\/04\/Beate-Kuhn-Mokkakanne-156x16x88cm-galerie-metzger-deutsche-studiokeramik-gallery-aschaffenburg-sculpture-36x36.jpg 36w, https:\/\/www.galerie-metzger.de\/wp-content\/uploads\/2020\/04\/Beate-Kuhn-Mokkakanne-156x16x88cm-galerie-metzger-deutsche-studiokeramik-gallery-aschaffenburg-sculpture-180x180.jpg 180w, https:\/\/www.galerie-metzger.de\/wp-content\/uploads\/2020\/04\/Beate-Kuhn-Mokkakanne-156x16x88cm-galerie-metzger-deutsche-studiokeramik-gallery-aschaffenburg-sculpture-1500x1500.jpg 1500w, https:\/\/www.galerie-metzger.de\/wp-content\/uploads\/2020\/04\/Beate-Kuhn-Mokkakanne-156x16x88cm-galerie-metzger-deutsche-studiokeramik-gallery-aschaffenburg-sculpture-705x705.jpg 705w, https:\/\/www.galerie-metzger.de\/wp-content\/uploads\/2020\/04\/Beate-Kuhn-Mokkakanne-156x16x88cm-galerie-metzger-deutsche-studiokeramik-gallery-aschaffenburg-sculpture-400x400.jpg 400w, https:\/\/www.galerie-metzger.de\/wp-content\/uploads\/2020\/04\/Beate-Kuhn-Mokkakanne-156x16x88cm-galerie-metzger-deutsche-studiokeramik-gallery-aschaffenburg-sculpture-768x768.jpg 768w, https:\/\/www.galerie-metzger.de\/wp-content\/uploads\/2020\/04\/Beate-Kuhn-Mokkakanne-156x16x88cm-galerie-metzger-deutsche-studiokeramik-gallery-aschaffenburg-sculpture-1030x1030.jpg 1030w, https:\/\/www.galerie-metzger.de\/wp-content\/uploads\/2020\/04\/Beate-Kuhn-Mokkakanne-156x16x88cm-galerie-metzger-deutsche-studiokeramik-gallery-aschaffenburg-sculpture-120x120.jpg 120w, https:\/\/www.galerie-metzger.de\/wp-content\/uploads\/2020\/04\/Beate-Kuhn-Mokkakanne-156x16x88cm-galerie-metzger-deutsche-studiokeramik-gallery-aschaffenburg-sculpture-450x450.jpg 450w\" sizes=\"(max-width: 2560px) 100vw, 2560px\" \/><\/a><\/div><\/div><\/div><\/div><\/div><!--close column table wrapper. Autoclose: 1 --><div class='flex_column_table av-2gsxvhb-1118cc7ed190ef12b94344766d75b468 sc-av_one_full av-equal-height-column-flextable'>\n<style type=\"text\/css\" data-created_by=\"avia_inline_auto\" id=\"style-css-av-2gsxvhb-1118cc7ed190ef12b94344766d75b468\">\n.flex_column.av-2gsxvhb-1118cc7ed190ef12b94344766d75b468{\n-webkit-border-radius:0px 0px 0px 0px;\n-moz-border-radius:0px 0px 0px 0px;\nborder-radius:0px 0px 0px 0px;\n}\n<\/style>\n<div class='flex_column av-2gsxvhb-1118cc7ed190ef12b94344766d75b468 av_one_full  avia-builder-el-147  el_after_av_one_half  el_before_av_one_third  jo_col_empty first flex_column_table_cell av-equal-height-column av-align-top av-animated-generic fade-in av-zero-column-padding column-top-margin'     ><section  class='av_textblock_section av-2ebrkhr-7982fab1bb27e611fade3e31fb8d8b3f' ><div class='avia_textblock' ><p>invisible placeholder<\/p>\n<\/div><\/section><\/div><\/div><!--close column table wrapper. Autoclose: 1 --><div class='flex_column_table av-22ccvjz-c20c10c7f195c3bda27bd103a17649b8 sc-av_one_third av-equal-height-column-flextable'>\n<style type=\"text\/css\" data-created_by=\"avia_inline_auto\" id=\"style-css-av-22ccvjz-c20c10c7f195c3bda27bd103a17649b8\">\n.flex_column.av-22ccvjz-c20c10c7f195c3bda27bd103a17649b8{\n-webkit-border-radius:0px 0px 0px 0px;\n-moz-border-radius:0px 0px 0px 0px;\nborder-radius:0px 0px 0px 0px;\n}\n<\/style>\n<div class='flex_column av-22ccvjz-c20c10c7f195c3bda27bd103a17649b8 av_one_third  avia-builder-el-149  el_after_av_one_full  el_before_av_one_third  jo_pf_bild_bg first flex_column_table_cell av-equal-height-column av-align-top av-animated-generic fade-in av-zero-column-padding column-top-margin'     ><p>\n<style type=\"text\/css\" data-created_by=\"avia_inline_auto\" id=\"style-css-av-av_image-6505d8a33828766f032dab937b3e1524\">\n.avia-image-container.av-av_image-6505d8a33828766f032dab937b3e1524 img.avia_image{\nbox-shadow:none;\n}\n.avia-image-container.av-av_image-6505d8a33828766f032dab937b3e1524 .av-caption-image-overlay-bg{\nopacity:0.4;\n}\n<\/style>\n<div  class='avia-image-container av-av_image-6505d8a33828766f032dab937b3e1524 av-styling-no-styling avia_animated_image av-animated-when-visible-95 fade-in avia-align-left  avia-builder-el-150  el_before_av_textblock  avia-builder-el-first  jo_pf_bild noHover av-overlay-hover-deactivate'  ><div class=\"avia-image-container-inner\"><div class=\"avia-image-overlay-wrap\"><a href=\"https:\/\/www.galerie-metzger.de\/wp-content\/uploads\/2019\/12\/Beate-Kuhn-untitled-12x8x65cm-galerie-metzger-ceramic-art-object-deutsche-studiokeramik-art-1090x1090.jpg\" data-srcset=\"https:\/\/www.galerie-metzger.de\/wp-content\/uploads\/2019\/12\/Beate-Kuhn-untitled-12x8x65cm-galerie-metzger-ceramic-art-object-deutsche-studiokeramik-art-1090x1090.jpg 1090w, https:\/\/www.galerie-metzger.de\/wp-content\/uploads\/2019\/12\/Beate-Kuhn-untitled-12x8x65cm-galerie-metzger-ceramic-art-object-deutsche-studiokeramik-art-690x690.jpg 690w, https:\/\/www.galerie-metzger.de\/wp-content\/uploads\/2019\/12\/Beate-Kuhn-untitled-12x8x65cm-galerie-metzger-ceramic-art-object-deutsche-studiokeramik-art-80x80.jpg 80w, https:\/\/www.galerie-metzger.de\/wp-content\/uploads\/2019\/12\/Beate-Kuhn-untitled-12x8x65cm-galerie-metzger-ceramic-art-object-deutsche-studiokeramik-art-1536x1536.jpg 1536w, https:\/\/www.galerie-metzger.de\/wp-content\/uploads\/2019\/12\/Beate-Kuhn-untitled-12x8x65cm-galerie-metzger-ceramic-art-object-deutsche-studiokeramik-art-2048x2048.jpg 2048w, https:\/\/www.galerie-metzger.de\/wp-content\/uploads\/2019\/12\/Beate-Kuhn-untitled-12x8x65cm-galerie-metzger-ceramic-art-object-deutsche-studiokeramik-art-36x36.jpg 36w, https:\/\/www.galerie-metzger.de\/wp-content\/uploads\/2019\/12\/Beate-Kuhn-untitled-12x8x65cm-galerie-metzger-ceramic-art-object-deutsche-studiokeramik-art-180x180.jpg 180w, https:\/\/www.galerie-metzger.de\/wp-content\/uploads\/2019\/12\/Beate-Kuhn-untitled-12x8x65cm-galerie-metzger-ceramic-art-object-deutsche-studiokeramik-art-1500x1500.jpg 1500w, https:\/\/www.galerie-metzger.de\/wp-content\/uploads\/2019\/12\/Beate-Kuhn-untitled-12x8x65cm-galerie-metzger-ceramic-art-object-deutsche-studiokeramik-art-705x705.jpg 705w, https:\/\/www.galerie-metzger.de\/wp-content\/uploads\/2019\/12\/Beate-Kuhn-untitled-12x8x65cm-galerie-metzger-ceramic-art-object-deutsche-studiokeramik-art-400x400.jpg 400w, https:\/\/www.galerie-metzger.de\/wp-content\/uploads\/2019\/12\/Beate-Kuhn-untitled-12x8x65cm-galerie-metzger-ceramic-art-object-deutsche-studiokeramik-art-768x768.jpg 768w, https:\/\/www.galerie-metzger.de\/wp-content\/uploads\/2019\/12\/Beate-Kuhn-untitled-12x8x65cm-galerie-metzger-ceramic-art-object-deutsche-studiokeramik-art-1030x1030.jpg 1030w, https:\/\/www.galerie-metzger.de\/wp-content\/uploads\/2019\/12\/Beate-Kuhn-untitled-12x8x65cm-galerie-metzger-ceramic-art-object-deutsche-studiokeramik-art-120x120.jpg 120w, https:\/\/www.galerie-metzger.de\/wp-content\/uploads\/2019\/12\/Beate-Kuhn-untitled-12x8x65cm-galerie-metzger-ceramic-art-object-deutsche-studiokeramik-art-450x450.jpg 450w\" data-sizes=\"(max-width: 1030px) 100vw, 1030px\" class='avia_image' ><div class=\"av-image-caption-overlay\"><div class=\"av-caption-image-overlay-bg\"><\/div><div class=\"av-image-caption-overlay-position\"><div class=\"av-image-caption-overlay-center\"><p>Beate Kuhn \u2013 ohne Titel \u2013\u00a0um 1980, 12x8x6,5 cm, Foto: Edi Baumann<\/p>\n<\/div><\/div><\/div><img decoding=\"async\" class='wp-image-7877 avia-img-lazy-loading-not-7877 avia_image ' src=\"https:\/\/www.galerie-metzger.de\/wp-content\/uploads\/2019\/12\/Beate-Kuhn-untitled-12x8x65cm-galerie-metzger-ceramic-art-object-deutsche-studiokeramik-art-690x690.jpg\" alt='Beate Kuhn - untitled - 12x8x6,5cm' title='Beate Kuhn - untitled - 12x8x6,5cm'  height=\"690\" width=\"690\" srcset=\"https:\/\/www.galerie-metzger.de\/wp-content\/uploads\/2019\/12\/Beate-Kuhn-untitled-12x8x65cm-galerie-metzger-ceramic-art-object-deutsche-studiokeramik-art-690x690.jpg 690w, https:\/\/www.galerie-metzger.de\/wp-content\/uploads\/2019\/12\/Beate-Kuhn-untitled-12x8x65cm-galerie-metzger-ceramic-art-object-deutsche-studiokeramik-art-1090x1090.jpg 1090w, https:\/\/www.galerie-metzger.de\/wp-content\/uploads\/2019\/12\/Beate-Kuhn-untitled-12x8x65cm-galerie-metzger-ceramic-art-object-deutsche-studiokeramik-art-80x80.jpg 80w, https:\/\/www.galerie-metzger.de\/wp-content\/uploads\/2019\/12\/Beate-Kuhn-untitled-12x8x65cm-galerie-metzger-ceramic-art-object-deutsche-studiokeramik-art-1536x1536.jpg 1536w, https:\/\/www.galerie-metzger.de\/wp-content\/uploads\/2019\/12\/Beate-Kuhn-untitled-12x8x65cm-galerie-metzger-ceramic-art-object-deutsche-studiokeramik-art-2048x2048.jpg 2048w, https:\/\/www.galerie-metzger.de\/wp-content\/uploads\/2019\/12\/Beate-Kuhn-untitled-12x8x65cm-galerie-metzger-ceramic-art-object-deutsche-studiokeramik-art-36x36.jpg 36w, https:\/\/www.galerie-metzger.de\/wp-content\/uploads\/2019\/12\/Beate-Kuhn-untitled-12x8x65cm-galerie-metzger-ceramic-art-object-deutsche-studiokeramik-art-180x180.jpg 180w, https:\/\/www.galerie-metzger.de\/wp-content\/uploads\/2019\/12\/Beate-Kuhn-untitled-12x8x65cm-galerie-metzger-ceramic-art-object-deutsche-studiokeramik-art-1500x1500.jpg 1500w, https:\/\/www.galerie-metzger.de\/wp-content\/uploads\/2019\/12\/Beate-Kuhn-untitled-12x8x65cm-galerie-metzger-ceramic-art-object-deutsche-studiokeramik-art-705x705.jpg 705w, https:\/\/www.galerie-metzger.de\/wp-content\/uploads\/2019\/12\/Beate-Kuhn-untitled-12x8x65cm-galerie-metzger-ceramic-art-object-deutsche-studiokeramik-art-400x400.jpg 400w, https:\/\/www.galerie-metzger.de\/wp-content\/uploads\/2019\/12\/Beate-Kuhn-untitled-12x8x65cm-galerie-metzger-ceramic-art-object-deutsche-studiokeramik-art-768x768.jpg 768w, https:\/\/www.galerie-metzger.de\/wp-content\/uploads\/2019\/12\/Beate-Kuhn-untitled-12x8x65cm-galerie-metzger-ceramic-art-object-deutsche-studiokeramik-art-1030x1030.jpg 1030w, https:\/\/www.galerie-metzger.de\/wp-content\/uploads\/2019\/12\/Beate-Kuhn-untitled-12x8x65cm-galerie-metzger-ceramic-art-object-deutsche-studiokeramik-art-120x120.jpg 120w, https:\/\/www.galerie-metzger.de\/wp-content\/uploads\/2019\/12\/Beate-Kuhn-untitled-12x8x65cm-galerie-metzger-ceramic-art-object-deutsche-studiokeramik-art-450x450.jpg 450w\" sizes=\"(max-width: 690px) 100vw, 690px\" \/><\/a><\/div><\/div><\/div><br \/>\n<section  class='av_textblock_section av-av_textblock-2df6986536148a6092118248b21c996c' ><div class='avia_textblock jo_werk_anfrage' ><p><a class=\"anfrage\" href=\"mailto:info@galerie-metzger.de?subject=Beate%20Kuhn%20untitled%2012x8x6,5\">Anfrage zum Werk<\/a><\/p>\n<\/div><\/section><\/p><\/div><div class='av-flex-placeholder'><\/div>\n<style type=\"text\/css\" data-created_by=\"avia_inline_auto\" id=\"style-css-av-22ccvjz-ad468ee973643f648d80b19378020a49\">\n.flex_column.av-22ccvjz-ad468ee973643f648d80b19378020a49{\n-webkit-border-radius:0px 0px 0px 0px;\n-moz-border-radius:0px 0px 0px 0px;\nborder-radius:0px 0px 0px 0px;\n}\n<\/style>\n<div class='flex_column av-22ccvjz-ad468ee973643f648d80b19378020a49 av_one_third  avia-builder-el-152  el_after_av_one_third  el_before_av_one_third  jo_pf_bild_bg flex_column_table_cell av-equal-height-column av-align-top av-animated-generic fade-in av-zero-column-padding column-top-margin'     ><p>\n<style type=\"text\/css\" data-created_by=\"avia_inline_auto\" id=\"style-css-av-av_image-0ba524d8d6bb7beb84dc8e994f398a19\">\n.avia-image-container.av-av_image-0ba524d8d6bb7beb84dc8e994f398a19 img.avia_image{\nbox-shadow:none;\n}\n.avia-image-container.av-av_image-0ba524d8d6bb7beb84dc8e994f398a19 .av-caption-image-overlay-bg{\nopacity:0.4;\n}\n<\/style>\n<div  class='avia-image-container av-av_image-0ba524d8d6bb7beb84dc8e994f398a19 av-styling-no-styling avia_animated_image av-animated-when-visible-95 fade-in avia-align-left  avia-builder-el-153  el_before_av_textblock  avia-builder-el-first  jo_pf_bild noHover av-overlay-hover-deactivate'  ><div class=\"avia-image-container-inner\"><div class=\"avia-image-overlay-wrap\"><a href=\"https:\/\/www.galerie-metzger.de\/wp-content\/uploads\/2020\/04\/Beate-Kuhn-Figur-85x75x6-cm-galerie-metzger-ceramic-art-object-gallery-skulptur-plastische-arbeit-1090x1090.jpg\" data-srcset=\"https:\/\/www.galerie-metzger.de\/wp-content\/uploads\/2020\/04\/Beate-Kuhn-Figur-85x75x6-cm-galerie-metzger-ceramic-art-object-gallery-skulptur-plastische-arbeit-1090x1090.jpg 1090w, https:\/\/www.galerie-metzger.de\/wp-content\/uploads\/2020\/04\/Beate-Kuhn-Figur-85x75x6-cm-galerie-metzger-ceramic-art-object-gallery-skulptur-plastische-arbeit-690x690.jpg 690w, https:\/\/www.galerie-metzger.de\/wp-content\/uploads\/2020\/04\/Beate-Kuhn-Figur-85x75x6-cm-galerie-metzger-ceramic-art-object-gallery-skulptur-plastische-arbeit-80x80.jpg 80w, https:\/\/www.galerie-metzger.de\/wp-content\/uploads\/2020\/04\/Beate-Kuhn-Figur-85x75x6-cm-galerie-metzger-ceramic-art-object-gallery-skulptur-plastische-arbeit-1536x1536.jpg 1536w, https:\/\/www.galerie-metzger.de\/wp-content\/uploads\/2020\/04\/Beate-Kuhn-Figur-85x75x6-cm-galerie-metzger-ceramic-art-object-gallery-skulptur-plastische-arbeit-2048x2048.jpg 2048w, https:\/\/www.galerie-metzger.de\/wp-content\/uploads\/2020\/04\/Beate-Kuhn-Figur-85x75x6-cm-galerie-metzger-ceramic-art-object-gallery-skulptur-plastische-arbeit-36x36.jpg 36w, https:\/\/www.galerie-metzger.de\/wp-content\/uploads\/2020\/04\/Beate-Kuhn-Figur-85x75x6-cm-galerie-metzger-ceramic-art-object-gallery-skulptur-plastische-arbeit-180x180.jpg 180w, https:\/\/www.galerie-metzger.de\/wp-content\/uploads\/2020\/04\/Beate-Kuhn-Figur-85x75x6-cm-galerie-metzger-ceramic-art-object-gallery-skulptur-plastische-arbeit-1500x1500.jpg 1500w, https:\/\/www.galerie-metzger.de\/wp-content\/uploads\/2020\/04\/Beate-Kuhn-Figur-85x75x6-cm-galerie-metzger-ceramic-art-object-gallery-skulptur-plastische-arbeit-705x705.jpg 705w, https:\/\/www.galerie-metzger.de\/wp-content\/uploads\/2020\/04\/Beate-Kuhn-Figur-85x75x6-cm-galerie-metzger-ceramic-art-object-gallery-skulptur-plastische-arbeit-400x400.jpg 400w, https:\/\/www.galerie-metzger.de\/wp-content\/uploads\/2020\/04\/Beate-Kuhn-Figur-85x75x6-cm-galerie-metzger-ceramic-art-object-gallery-skulptur-plastische-arbeit-768x768.jpg 768w, https:\/\/www.galerie-metzger.de\/wp-content\/uploads\/2020\/04\/Beate-Kuhn-Figur-85x75x6-cm-galerie-metzger-ceramic-art-object-gallery-skulptur-plastische-arbeit-1030x1030.jpg 1030w, https:\/\/www.galerie-metzger.de\/wp-content\/uploads\/2020\/04\/Beate-Kuhn-Figur-85x75x6-cm-galerie-metzger-ceramic-art-object-gallery-skulptur-plastische-arbeit-120x120.jpg 120w, https:\/\/www.galerie-metzger.de\/wp-content\/uploads\/2020\/04\/Beate-Kuhn-Figur-85x75x6-cm-galerie-metzger-ceramic-art-object-gallery-skulptur-plastische-arbeit-450x450.jpg 450w\" data-sizes=\"(max-width: 1030px) 100vw, 1030px\" class='avia_image' ><div class=\"av-image-caption-overlay\"><div class=\"av-caption-image-overlay-bg\"><\/div><div class=\"av-image-caption-overlay-position\"><div class=\"av-image-caption-overlay-center\"><p>Beate Kuhn \u2013 Figur \u2013\u00a0, 8,5&#215;7,5&#215;6 cm, Foto: Edi Baumann<\/p>\n<\/div><\/div><\/div><img decoding=\"async\" class='wp-image-8194 avia-img-lazy-loading-not-8194 avia_image ' src=\"https:\/\/www.galerie-metzger.de\/wp-content\/uploads\/2020\/04\/Beate-Kuhn-Figur-85x75x6-cm-galerie-metzger-ceramic-art-object-gallery-skulptur-plastische-arbeit-690x690.jpg\" alt='Beate Kuhn - Figur - 8,5x7,5x6 cm' title='Beate Kuhn - Figur - 8,5x7,5x6 cm'  height=\"690\" width=\"690\" srcset=\"https:\/\/www.galerie-metzger.de\/wp-content\/uploads\/2020\/04\/Beate-Kuhn-Figur-85x75x6-cm-galerie-metzger-ceramic-art-object-gallery-skulptur-plastische-arbeit-690x690.jpg 690w, https:\/\/www.galerie-metzger.de\/wp-content\/uploads\/2020\/04\/Beate-Kuhn-Figur-85x75x6-cm-galerie-metzger-ceramic-art-object-gallery-skulptur-plastische-arbeit-1090x1090.jpg 1090w, https:\/\/www.galerie-metzger.de\/wp-content\/uploads\/2020\/04\/Beate-Kuhn-Figur-85x75x6-cm-galerie-metzger-ceramic-art-object-gallery-skulptur-plastische-arbeit-80x80.jpg 80w, https:\/\/www.galerie-metzger.de\/wp-content\/uploads\/2020\/04\/Beate-Kuhn-Figur-85x75x6-cm-galerie-metzger-ceramic-art-object-gallery-skulptur-plastische-arbeit-1536x1536.jpg 1536w, https:\/\/www.galerie-metzger.de\/wp-content\/uploads\/2020\/04\/Beate-Kuhn-Figur-85x75x6-cm-galerie-metzger-ceramic-art-object-gallery-skulptur-plastische-arbeit-2048x2048.jpg 2048w, https:\/\/www.galerie-metzger.de\/wp-content\/uploads\/2020\/04\/Beate-Kuhn-Figur-85x75x6-cm-galerie-metzger-ceramic-art-object-gallery-skulptur-plastische-arbeit-36x36.jpg 36w, https:\/\/www.galerie-metzger.de\/wp-content\/uploads\/2020\/04\/Beate-Kuhn-Figur-85x75x6-cm-galerie-metzger-ceramic-art-object-gallery-skulptur-plastische-arbeit-180x180.jpg 180w, https:\/\/www.galerie-metzger.de\/wp-content\/uploads\/2020\/04\/Beate-Kuhn-Figur-85x75x6-cm-galerie-metzger-ceramic-art-object-gallery-skulptur-plastische-arbeit-1500x1500.jpg 1500w, https:\/\/www.galerie-metzger.de\/wp-content\/uploads\/2020\/04\/Beate-Kuhn-Figur-85x75x6-cm-galerie-metzger-ceramic-art-object-gallery-skulptur-plastische-arbeit-705x705.jpg 705w, https:\/\/www.galerie-metzger.de\/wp-content\/uploads\/2020\/04\/Beate-Kuhn-Figur-85x75x6-cm-galerie-metzger-ceramic-art-object-gallery-skulptur-plastische-arbeit-400x400.jpg 400w, https:\/\/www.galerie-metzger.de\/wp-content\/uploads\/2020\/04\/Beate-Kuhn-Figur-85x75x6-cm-galerie-metzger-ceramic-art-object-gallery-skulptur-plastische-arbeit-768x768.jpg 768w, https:\/\/www.galerie-metzger.de\/wp-content\/uploads\/2020\/04\/Beate-Kuhn-Figur-85x75x6-cm-galerie-metzger-ceramic-art-object-gallery-skulptur-plastische-arbeit-1030x1030.jpg 1030w, https:\/\/www.galerie-metzger.de\/wp-content\/uploads\/2020\/04\/Beate-Kuhn-Figur-85x75x6-cm-galerie-metzger-ceramic-art-object-gallery-skulptur-plastische-arbeit-120x120.jpg 120w, https:\/\/www.galerie-metzger.de\/wp-content\/uploads\/2020\/04\/Beate-Kuhn-Figur-85x75x6-cm-galerie-metzger-ceramic-art-object-gallery-skulptur-plastische-arbeit-450x450.jpg 450w\" sizes=\"(max-width: 690px) 100vw, 690px\" \/><\/a><\/div><\/div><\/div><br \/>\n<section  class='av_textblock_section av-av_textblock-2df6986536148a6092118248b21c996c' ><div class='avia_textblock jo_werk_anfrage' ><p><a class=\"anfrage\" href=\"mailto:info@galerie-metzger.de?subject=Beate%20Kuhn%20Figur%208,5x7,5x6cm\">Anfrage zum Werk<\/a><\/p>\n<\/div><\/section><\/p><\/div><div class='av-flex-placeholder'><\/div>\n<style type=\"text\/css\" data-created_by=\"avia_inline_auto\" id=\"style-css-av-22ccvjz-ad468ee973643f648d80b19378020a49\">\n.flex_column.av-22ccvjz-ad468ee973643f648d80b19378020a49{\n-webkit-border-radius:0px 0px 0px 0px;\n-moz-border-radius:0px 0px 0px 0px;\nborder-radius:0px 0px 0px 0px;\n}\n<\/style>\n<div class='flex_column av-22ccvjz-ad468ee973643f648d80b19378020a49 av_one_third  avia-builder-el-155  el_after_av_one_third  el_before_av_one_full  jo_pf_bild_bg flex_column_table_cell av-equal-height-column av-align-top av-animated-generic fade-in av-zero-column-padding column-top-margin'     ><p>\n<style type=\"text\/css\" data-created_by=\"avia_inline_auto\" id=\"style-css-av-av_image-01bd0158edec02bcbf071a04654e3333\">\n.avia-image-container.av-av_image-01bd0158edec02bcbf071a04654e3333 img.avia_image{\nbox-shadow:none;\n}\n.avia-image-container.av-av_image-01bd0158edec02bcbf071a04654e3333 .av-caption-image-overlay-bg{\nopacity:0.4;\n}\n<\/style>\n<div  class='avia-image-container av-av_image-01bd0158edec02bcbf071a04654e3333 av-styling-no-styling avia_animated_image av-animated-when-visible-95 fade-in avia-align-left  avia-builder-el-156  el_before_av_textblock  avia-builder-el-first  jo_pf_bild noHover av-overlay-hover-deactivate'  ><div class=\"avia-image-container-inner\"><div class=\"avia-image-overlay-wrap\"><a href=\"https:\/\/www.galerie-metzger.de\/wp-content\/uploads\/2019\/12\/Beate-Kuhn-untitled-2015-8x155x19-cm-galerie-metzger-deutsche-studiokeramic-sculpture-gallery-angewandte-kunst--1090x1090.jpg\" data-srcset=\"https:\/\/www.galerie-metzger.de\/wp-content\/uploads\/2019\/12\/Beate-Kuhn-untitled-2015-8x155x19-cm-galerie-metzger-deutsche-studiokeramic-sculpture-gallery-angewandte-kunst--1090x1090.jpg 1090w, https:\/\/www.galerie-metzger.de\/wp-content\/uploads\/2019\/12\/Beate-Kuhn-untitled-2015-8x155x19-cm-galerie-metzger-deutsche-studiokeramic-sculpture-gallery-angewandte-kunst--690x690.jpg 690w, https:\/\/www.galerie-metzger.de\/wp-content\/uploads\/2019\/12\/Beate-Kuhn-untitled-2015-8x155x19-cm-galerie-metzger-deutsche-studiokeramic-sculpture-gallery-angewandte-kunst--80x80.jpg 80w, https:\/\/www.galerie-metzger.de\/wp-content\/uploads\/2019\/12\/Beate-Kuhn-untitled-2015-8x155x19-cm-galerie-metzger-deutsche-studiokeramic-sculpture-gallery-angewandte-kunst--1536x1536.jpg 1536w, https:\/\/www.galerie-metzger.de\/wp-content\/uploads\/2019\/12\/Beate-Kuhn-untitled-2015-8x155x19-cm-galerie-metzger-deutsche-studiokeramic-sculpture-gallery-angewandte-kunst--2048x2048.jpg 2048w, https:\/\/www.galerie-metzger.de\/wp-content\/uploads\/2019\/12\/Beate-Kuhn-untitled-2015-8x155x19-cm-galerie-metzger-deutsche-studiokeramic-sculpture-gallery-angewandte-kunst--36x36.jpg 36w, https:\/\/www.galerie-metzger.de\/wp-content\/uploads\/2019\/12\/Beate-Kuhn-untitled-2015-8x155x19-cm-galerie-metzger-deutsche-studiokeramic-sculpture-gallery-angewandte-kunst--180x180.jpg 180w, https:\/\/www.galerie-metzger.de\/wp-content\/uploads\/2019\/12\/Beate-Kuhn-untitled-2015-8x155x19-cm-galerie-metzger-deutsche-studiokeramic-sculpture-gallery-angewandte-kunst--1500x1500.jpg 1500w, https:\/\/www.galerie-metzger.de\/wp-content\/uploads\/2019\/12\/Beate-Kuhn-untitled-2015-8x155x19-cm-galerie-metzger-deutsche-studiokeramic-sculpture-gallery-angewandte-kunst--705x705.jpg 705w, https:\/\/www.galerie-metzger.de\/wp-content\/uploads\/2019\/12\/Beate-Kuhn-untitled-2015-8x155x19-cm-galerie-metzger-deutsche-studiokeramic-sculpture-gallery-angewandte-kunst--400x400.jpg 400w, https:\/\/www.galerie-metzger.de\/wp-content\/uploads\/2019\/12\/Beate-Kuhn-untitled-2015-8x155x19-cm-galerie-metzger-deutsche-studiokeramic-sculpture-gallery-angewandte-kunst--768x768.jpg 768w, https:\/\/www.galerie-metzger.de\/wp-content\/uploads\/2019\/12\/Beate-Kuhn-untitled-2015-8x155x19-cm-galerie-metzger-deutsche-studiokeramic-sculpture-gallery-angewandte-kunst--1030x1030.jpg 1030w, https:\/\/www.galerie-metzger.de\/wp-content\/uploads\/2019\/12\/Beate-Kuhn-untitled-2015-8x155x19-cm-galerie-metzger-deutsche-studiokeramic-sculpture-gallery-angewandte-kunst--120x120.jpg 120w, https:\/\/www.galerie-metzger.de\/wp-content\/uploads\/2019\/12\/Beate-Kuhn-untitled-2015-8x155x19-cm-galerie-metzger-deutsche-studiokeramic-sculpture-gallery-angewandte-kunst--450x450.jpg 450w\" data-sizes=\"(max-width: 1030px) 100vw, 1030px\" class='avia_image' ><div class=\"av-image-caption-overlay\"><div class=\"av-caption-image-overlay-bg\"><\/div><div class=\"av-image-caption-overlay-position\"><div class=\"av-image-caption-overlay-center\"><p>Beate Kuhn \u2013 ohne Titel \u2013\u00a02015, 8&#215;15,5&#215;19 cm, Foto: Edi Baumann<\/p>\n<\/div><\/div><\/div><img decoding=\"async\" class='wp-image-7911 avia-img-lazy-loading-not-7911 avia_image ' src=\"https:\/\/www.galerie-metzger.de\/wp-content\/uploads\/2019\/12\/Beate-Kuhn-untitled-2015-8x155x19-cm-galerie-metzger-deutsche-studiokeramic-sculpture-gallery-angewandte-kunst--690x690.jpg\" alt='Beate Kuhn - untitled - 2015, 8x15,5x19 cm' title='Beate Kuhn - untitled - 2015, 8x15,5x19 cm'  height=\"690\" width=\"690\" srcset=\"https:\/\/www.galerie-metzger.de\/wp-content\/uploads\/2019\/12\/Beate-Kuhn-untitled-2015-8x155x19-cm-galerie-metzger-deutsche-studiokeramic-sculpture-gallery-angewandte-kunst--690x690.jpg 690w, https:\/\/www.galerie-metzger.de\/wp-content\/uploads\/2019\/12\/Beate-Kuhn-untitled-2015-8x155x19-cm-galerie-metzger-deutsche-studiokeramic-sculpture-gallery-angewandte-kunst--1090x1090.jpg 1090w, https:\/\/www.galerie-metzger.de\/wp-content\/uploads\/2019\/12\/Beate-Kuhn-untitled-2015-8x155x19-cm-galerie-metzger-deutsche-studiokeramic-sculpture-gallery-angewandte-kunst--80x80.jpg 80w, https:\/\/www.galerie-metzger.de\/wp-content\/uploads\/2019\/12\/Beate-Kuhn-untitled-2015-8x155x19-cm-galerie-metzger-deutsche-studiokeramic-sculpture-gallery-angewandte-kunst--1536x1536.jpg 1536w, https:\/\/www.galerie-metzger.de\/wp-content\/uploads\/2019\/12\/Beate-Kuhn-untitled-2015-8x155x19-cm-galerie-metzger-deutsche-studiokeramic-sculpture-gallery-angewandte-kunst--2048x2048.jpg 2048w, https:\/\/www.galerie-metzger.de\/wp-content\/uploads\/2019\/12\/Beate-Kuhn-untitled-2015-8x155x19-cm-galerie-metzger-deutsche-studiokeramic-sculpture-gallery-angewandte-kunst--36x36.jpg 36w, https:\/\/www.galerie-metzger.de\/wp-content\/uploads\/2019\/12\/Beate-Kuhn-untitled-2015-8x155x19-cm-galerie-metzger-deutsche-studiokeramic-sculpture-gallery-angewandte-kunst--180x180.jpg 180w, https:\/\/www.galerie-metzger.de\/wp-content\/uploads\/2019\/12\/Beate-Kuhn-untitled-2015-8x155x19-cm-galerie-metzger-deutsche-studiokeramic-sculpture-gallery-angewandte-kunst--1500x1500.jpg 1500w, https:\/\/www.galerie-metzger.de\/wp-content\/uploads\/2019\/12\/Beate-Kuhn-untitled-2015-8x155x19-cm-galerie-metzger-deutsche-studiokeramic-sculpture-gallery-angewandte-kunst--705x705.jpg 705w, https:\/\/www.galerie-metzger.de\/wp-content\/uploads\/2019\/12\/Beate-Kuhn-untitled-2015-8x155x19-cm-galerie-metzger-deutsche-studiokeramic-sculpture-gallery-angewandte-kunst--400x400.jpg 400w, https:\/\/www.galerie-metzger.de\/wp-content\/uploads\/2019\/12\/Beate-Kuhn-untitled-2015-8x155x19-cm-galerie-metzger-deutsche-studiokeramic-sculpture-gallery-angewandte-kunst--768x768.jpg 768w, https:\/\/www.galerie-metzger.de\/wp-content\/uploads\/2019\/12\/Beate-Kuhn-untitled-2015-8x155x19-cm-galerie-metzger-deutsche-studiokeramic-sculpture-gallery-angewandte-kunst--1030x1030.jpg 1030w, https:\/\/www.galerie-metzger.de\/wp-content\/uploads\/2019\/12\/Beate-Kuhn-untitled-2015-8x155x19-cm-galerie-metzger-deutsche-studiokeramic-sculpture-gallery-angewandte-kunst--120x120.jpg 120w, https:\/\/www.galerie-metzger.de\/wp-content\/uploads\/2019\/12\/Beate-Kuhn-untitled-2015-8x155x19-cm-galerie-metzger-deutsche-studiokeramic-sculpture-gallery-angewandte-kunst--450x450.jpg 450w\" sizes=\"(max-width: 690px) 100vw, 690px\" \/><\/a><\/div><\/div><\/div><br \/>\n<section  class='av_textblock_section av-av_textblock-2df6986536148a6092118248b21c996c' ><div class='avia_textblock jo_werk_anfrage' ><p><a class=\"anfrage\" href=\"mailto:info@galerie-metzger.de?subject=Beate%20Kuhn%20untitled%208x15,5x19cm\">Anfrage zum Werk<\/a><\/p>\n<\/div><\/section><\/p><\/div><\/div><!--close column table wrapper. Autoclose: 1 --><div class='flex_column_table av-2gsxvhb-1118cc7ed190ef12b94344766d75b468 sc-av_one_full av-equal-height-column-flextable'>\n<style type=\"text\/css\" data-created_by=\"avia_inline_auto\" id=\"style-css-av-2gsxvhb-1118cc7ed190ef12b94344766d75b468\">\n.flex_column.av-2gsxvhb-1118cc7ed190ef12b94344766d75b468{\n-webkit-border-radius:0px 0px 0px 0px;\n-moz-border-radius:0px 0px 0px 0px;\nborder-radius:0px 0px 0px 0px;\n}\n<\/style>\n<div class='flex_column av-2gsxvhb-1118cc7ed190ef12b94344766d75b468 av_one_full  avia-builder-el-158  el_after_av_one_third  el_before_av_one_third  jo_col_empty first flex_column_table_cell av-equal-height-column av-align-top av-animated-generic fade-in av-zero-column-padding column-top-margin'     ><section  class='av_textblock_section av-2ebrkhr-7982fab1bb27e611fade3e31fb8d8b3f' ><div class='avia_textblock' ><p>invisible placeholder<\/p>\n<\/div><\/section><\/div><\/div><!--close column table wrapper. Autoclose: 1 --><div class='flex_column_table av-tahj3z-7b0e9a71687464c2380c8a8d5340f14a sc-av_one_third av-equal-height-column-flextable'>\n<style type=\"text\/css\" data-created_by=\"avia_inline_auto\" id=\"style-css-av-tahj3z-7b0e9a71687464c2380c8a8d5340f14a\">\n.flex_column.av-tahj3z-7b0e9a71687464c2380c8a8d5340f14a{\n-webkit-border-radius:0px 0px 0px 0px;\n-moz-border-radius:0px 0px 0px 0px;\nborder-radius:0px 0px 0px 0px;\n}\n<\/style>\n<div class='flex_column av-tahj3z-7b0e9a71687464c2380c8a8d5340f14a av_one_third  avia-builder-el-160  el_after_av_one_full  el_before_av_one_third  jo_col_empty first flex_column_table_cell av-equal-height-column av-align-top av-animated-generic fade-in av-zero-column-padding column-top-margin'     ><section  class='av_textblock_section av-2qhdmn-564d5a9e3e413954e3a7b502ea3a7e17' ><div class='avia_textblock' ><p>invisible placeholder<\/p>\n<\/div><\/section><\/div><div class='av-flex-placeholder'><\/div>\n<style type=\"text\/css\" data-created_by=\"avia_inline_auto\" id=\"style-css-av-crtdr-bcf20628e49305ba3ebee0160c9af2ab\">\n.flex_column.av-crtdr-bcf20628e49305ba3ebee0160c9af2ab{\n-webkit-border-radius:0px 0px 0px 0px;\n-moz-border-radius:0px 0px 0px 0px;\nborder-radius:0px 0px 0px 0px;\n}\n<\/style>\n<div class='flex_column av-crtdr-bcf20628e49305ba3ebee0160c9af2ab av_one_third  avia-builder-el-162  el_after_av_one_third  el_before_av_one_third  jo_pf_bild_bg flex_column_table_cell av-equal-height-column av-align-top av-animated-generic fade-in av-zero-column-padding column-top-margin'     ><p>\n<style type=\"text\/css\" data-created_by=\"avia_inline_auto\" id=\"style-css-av-av_image-a0f6ba02ad0682c78c494924dd503677\">\n.avia-image-container.av-av_image-a0f6ba02ad0682c78c494924dd503677 img.avia_image{\nbox-shadow:none;\n}\n.avia-image-container.av-av_image-a0f6ba02ad0682c78c494924dd503677 .av-caption-image-overlay-bg{\nopacity:0.4;\n}\n<\/style>\n<div  class='avia-image-container av-av_image-a0f6ba02ad0682c78c494924dd503677 av-styling-no-styling avia_animated_image av-animated-when-visible-95 fade-in avia-align-left  avia-builder-el-163  el_before_av_textblock  avia-builder-el-first  jo_pf_bild noHover av-overlay-hover-deactivate'  ><div class=\"avia-image-container-inner\"><div class=\"avia-image-overlay-wrap\"><a href=\"https:\/\/www.galerie-metzger.de\/wp-content\/uploads\/2019\/12\/Beate-Kuhn-untitled-ca.-2008-15x11x11cm-galerie-metzger-deutsche-studiokeramik-ceramic-art-object-gallery-727x1090.jpg\" data-srcset=\"https:\/\/www.galerie-metzger.de\/wp-content\/uploads\/2019\/12\/Beate-Kuhn-untitled-ca.-2008-15x11x11cm-galerie-metzger-deutsche-studiokeramik-ceramic-art-object-gallery-727x1090.jpg 727w, https:\/\/www.galerie-metzger.de\/wp-content\/uploads\/2019\/12\/Beate-Kuhn-untitled-ca.-2008-15x11x11cm-galerie-metzger-deutsche-studiokeramik-ceramic-art-object-gallery-690x1035.jpg 690w, https:\/\/www.galerie-metzger.de\/wp-content\/uploads\/2019\/12\/Beate-Kuhn-untitled-ca.-2008-15x11x11cm-galerie-metzger-deutsche-studiokeramik-ceramic-art-object-gallery-1024x1536.jpg 1024w, https:\/\/www.galerie-metzger.de\/wp-content\/uploads\/2019\/12\/Beate-Kuhn-untitled-ca.-2008-15x11x11cm-galerie-metzger-deutsche-studiokeramik-ceramic-art-object-gallery-1365x2048.jpg 1365w, https:\/\/www.galerie-metzger.de\/wp-content\/uploads\/2019\/12\/Beate-Kuhn-untitled-ca.-2008-15x11x11cm-galerie-metzger-deutsche-studiokeramik-ceramic-art-object-gallery-1000x1500.jpg 1000w, https:\/\/www.galerie-metzger.de\/wp-content\/uploads\/2019\/12\/Beate-Kuhn-untitled-ca.-2008-15x11x11cm-galerie-metzger-deutsche-studiokeramik-ceramic-art-object-gallery-470x705.jpg 470w, https:\/\/www.galerie-metzger.de\/wp-content\/uploads\/2019\/12\/Beate-Kuhn-untitled-ca.-2008-15x11x11cm-galerie-metzger-deutsche-studiokeramik-ceramic-art-object-gallery-scaled.jpg 1707w\" data-sizes=\"(max-width: 687px) 100vw, 687px\" class='avia_image' ><div class=\"av-image-caption-overlay\"><div class=\"av-caption-image-overlay-bg\"><\/div><div class=\"av-image-caption-overlay-position\"><div class=\"av-image-caption-overlay-center\"><p>Beate Kuhn \u2013 untitled \u2013 , about 2008, 15x11x11 cm, Foto: Edi Baumann<\/p>\n<\/div><\/div><\/div><img decoding=\"async\" class='wp-image-7903 avia-img-lazy-loading-not-7903 avia_image ' src=\"https:\/\/www.galerie-metzger.de\/wp-content\/uploads\/2019\/12\/Beate-Kuhn-untitled-ca.-2008-15x11x11cm-galerie-metzger-deutsche-studiokeramik-ceramic-art-object-gallery-scaled.jpg\" alt='Beate Kuhn -untitled - ca. 2008, 15x11x11cm' title='Beate Kuhn -untitled - ca. 2008, 15x11x11cm'  height=\"2560\" width=\"1707\" srcset=\"https:\/\/www.galerie-metzger.de\/wp-content\/uploads\/2019\/12\/Beate-Kuhn-untitled-ca.-2008-15x11x11cm-galerie-metzger-deutsche-studiokeramik-ceramic-art-object-gallery-scaled.jpg 1707w, https:\/\/www.galerie-metzger.de\/wp-content\/uploads\/2019\/12\/Beate-Kuhn-untitled-ca.-2008-15x11x11cm-galerie-metzger-deutsche-studiokeramik-ceramic-art-object-gallery-690x1035.jpg 690w, https:\/\/www.galerie-metzger.de\/wp-content\/uploads\/2019\/12\/Beate-Kuhn-untitled-ca.-2008-15x11x11cm-galerie-metzger-deutsche-studiokeramik-ceramic-art-object-gallery-727x1090.jpg 727w, https:\/\/www.galerie-metzger.de\/wp-content\/uploads\/2019\/12\/Beate-Kuhn-untitled-ca.-2008-15x11x11cm-galerie-metzger-deutsche-studiokeramik-ceramic-art-object-gallery-1024x1536.jpg 1024w, https:\/\/www.galerie-metzger.de\/wp-content\/uploads\/2019\/12\/Beate-Kuhn-untitled-ca.-2008-15x11x11cm-galerie-metzger-deutsche-studiokeramik-ceramic-art-object-gallery-1365x2048.jpg 1365w, https:\/\/www.galerie-metzger.de\/wp-content\/uploads\/2019\/12\/Beate-Kuhn-untitled-ca.-2008-15x11x11cm-galerie-metzger-deutsche-studiokeramik-ceramic-art-object-gallery-1000x1500.jpg 1000w, https:\/\/www.galerie-metzger.de\/wp-content\/uploads\/2019\/12\/Beate-Kuhn-untitled-ca.-2008-15x11x11cm-galerie-metzger-deutsche-studiokeramik-ceramic-art-object-gallery-470x705.jpg 470w\" sizes=\"(max-width: 1707px) 100vw, 1707px\" \/><\/a><\/div><\/div><\/div><br \/>\n<section  class='av_textblock_section av-av_textblock-2df6986536148a6092118248b21c996c' ><div class='avia_textblock jo_werk_anfrage' ><p><a class=\"anfrage\" href=\"mailto:info@galerie-metzger.de?subject=Beate%20Kuhn%20untitled%20about 2008\">Anfrage zum Werk<\/a><\/p>\n<\/div><\/section><\/p><\/div><div class='av-flex-placeholder'><\/div>\n<style type=\"text\/css\" data-created_by=\"avia_inline_auto\" id=\"style-css-av-crtdr-bcf20628e49305ba3ebee0160c9af2ab\">\n.flex_column.av-crtdr-bcf20628e49305ba3ebee0160c9af2ab{\n-webkit-border-radius:0px 0px 0px 0px;\n-moz-border-radius:0px 0px 0px 0px;\nborder-radius:0px 0px 0px 0px;\n}\n<\/style>\n<div class='flex_column av-crtdr-bcf20628e49305ba3ebee0160c9af2ab av_one_third  avia-builder-el-165  el_after_av_one_third  el_before_av_one_full  jo_pf_bild_bg flex_column_table_cell av-equal-height-column av-align-top av-animated-generic fade-in av-zero-column-padding column-top-margin'     ><p>\n<style type=\"text\/css\" data-created_by=\"avia_inline_auto\" id=\"style-css-av-av_image-0f49cbf0469b4bb222bb7bdefc72c17f\">\n.avia-image-container.av-av_image-0f49cbf0469b4bb222bb7bdefc72c17f img.avia_image{\nbox-shadow:none;\n}\n.avia-image-container.av-av_image-0f49cbf0469b4bb222bb7bdefc72c17f .av-caption-image-overlay-bg{\nopacity:0.4;\n}\n<\/style>\n<div  class='avia-image-container av-av_image-0f49cbf0469b4bb222bb7bdefc72c17f av-styling-no-styling avia_animated_image av-animated-when-visible-95 fade-in avia-align-left  avia-builder-el-166  el_before_av_textblock  avia-builder-el-first  jo_pf_bild noHover av-overlay-hover-deactivate'  ><div class=\"avia-image-container-inner\"><div class=\"avia-image-overlay-wrap\"><a href=\"https:\/\/www.galerie-metzger.de\/wp-content\/uploads\/2019\/08\/Beate-Kuhn-untitled-galerie-metzger-deutsche-studiokeramik-ceramic-art-gallery-727x1090.jpg\" data-srcset=\"https:\/\/www.galerie-metzger.de\/wp-content\/uploads\/2019\/08\/Beate-Kuhn-untitled-galerie-metzger-deutsche-studiokeramik-ceramic-art-gallery-727x1090.jpg 727w, https:\/\/www.galerie-metzger.de\/wp-content\/uploads\/2019\/08\/Beate-Kuhn-untitled-galerie-metzger-deutsche-studiokeramik-ceramic-art-gallery-690x1035.jpg 690w, https:\/\/www.galerie-metzger.de\/wp-content\/uploads\/2019\/08\/Beate-Kuhn-untitled-galerie-metzger-deutsche-studiokeramik-ceramic-art-gallery-1024x1536.jpg 1024w, https:\/\/www.galerie-metzger.de\/wp-content\/uploads\/2019\/08\/Beate-Kuhn-untitled-galerie-metzger-deutsche-studiokeramik-ceramic-art-gallery-1365x2048.jpg 1365w, https:\/\/www.galerie-metzger.de\/wp-content\/uploads\/2019\/08\/Beate-Kuhn-untitled-galerie-metzger-deutsche-studiokeramik-ceramic-art-gallery-1000x1500.jpg 1000w, https:\/\/www.galerie-metzger.de\/wp-content\/uploads\/2019\/08\/Beate-Kuhn-untitled-galerie-metzger-deutsche-studiokeramik-ceramic-art-gallery-470x705.jpg 470w, https:\/\/www.galerie-metzger.de\/wp-content\/uploads\/2019\/08\/Beate-Kuhn-untitled-galerie-metzger-deutsche-studiokeramik-ceramic-art-gallery-267x400.jpg 267w, https:\/\/www.galerie-metzger.de\/wp-content\/uploads\/2019\/08\/Beate-Kuhn-untitled-galerie-metzger-deutsche-studiokeramik-ceramic-art-gallery-768x1152.jpg 768w, https:\/\/www.galerie-metzger.de\/wp-content\/uploads\/2019\/08\/Beate-Kuhn-untitled-galerie-metzger-deutsche-studiokeramik-ceramic-art-gallery-687x1030.jpg 687w, https:\/\/www.galerie-metzger.de\/wp-content\/uploads\/2019\/08\/Beate-Kuhn-untitled-galerie-metzger-deutsche-studiokeramik-ceramic-art-gallery-450x675.jpg 450w, https:\/\/www.galerie-metzger.de\/wp-content\/uploads\/2019\/08\/Beate-Kuhn-untitled-galerie-metzger-deutsche-studiokeramik-ceramic-art-gallery-scaled.jpg 1707w\" data-sizes=\"(max-width: 687px) 100vw, 687px\" class='avia_image' ><div class=\"av-image-caption-overlay\"><div class=\"av-caption-image-overlay-bg\"><\/div><div class=\"av-image-caption-overlay-position\"><div class=\"av-image-caption-overlay-center\"><p>Beate Kuhn \u2013 ohne Titel \u2013 2005, 23,7&#215;9,5&#215;9,5 cm, Foto: Edi Baumann<\/p>\n<\/div><\/div><\/div><img decoding=\"async\" class='wp-image-7554 avia-img-lazy-loading-not-7554 avia_image ' src=\"https:\/\/www.galerie-metzger.de\/wp-content\/uploads\/2019\/08\/Beate-Kuhn-untitled-galerie-metzger-deutsche-studiokeramik-ceramic-art-gallery-727x1090.jpg\" alt='Beate Kuhn \u2013 ohne Titel \u2013 2015, 23,7\u00d79,5\u00d79,5 cm \u2013\u00a0galerie-metzger deutsche studiokeramik \u2013 ceramic art gallery Anfrage zum Werk' title='Beate Kuhn \u2013 ohne Titel \u2013 2015, 23,7\u00d79,5\u00d79,5 cm'  height=\"1030\" width=\"687\" srcset=\"https:\/\/www.galerie-metzger.de\/wp-content\/uploads\/2019\/08\/Beate-Kuhn-untitled-galerie-metzger-deutsche-studiokeramik-ceramic-art-gallery-727x1090.jpg 727w, https:\/\/www.galerie-metzger.de\/wp-content\/uploads\/2019\/08\/Beate-Kuhn-untitled-galerie-metzger-deutsche-studiokeramik-ceramic-art-gallery-690x1035.jpg 690w, https:\/\/www.galerie-metzger.de\/wp-content\/uploads\/2019\/08\/Beate-Kuhn-untitled-galerie-metzger-deutsche-studiokeramik-ceramic-art-gallery-1024x1536.jpg 1024w, https:\/\/www.galerie-metzger.de\/wp-content\/uploads\/2019\/08\/Beate-Kuhn-untitled-galerie-metzger-deutsche-studiokeramik-ceramic-art-gallery-1365x2048.jpg 1365w, https:\/\/www.galerie-metzger.de\/wp-content\/uploads\/2019\/08\/Beate-Kuhn-untitled-galerie-metzger-deutsche-studiokeramik-ceramic-art-gallery-1000x1500.jpg 1000w, https:\/\/www.galerie-metzger.de\/wp-content\/uploads\/2019\/08\/Beate-Kuhn-untitled-galerie-metzger-deutsche-studiokeramik-ceramic-art-gallery-470x705.jpg 470w, https:\/\/www.galerie-metzger.de\/wp-content\/uploads\/2019\/08\/Beate-Kuhn-untitled-galerie-metzger-deutsche-studiokeramik-ceramic-art-gallery-267x400.jpg 267w, https:\/\/www.galerie-metzger.de\/wp-content\/uploads\/2019\/08\/Beate-Kuhn-untitled-galerie-metzger-deutsche-studiokeramik-ceramic-art-gallery-768x1152.jpg 768w, https:\/\/www.galerie-metzger.de\/wp-content\/uploads\/2019\/08\/Beate-Kuhn-untitled-galerie-metzger-deutsche-studiokeramik-ceramic-art-gallery-687x1030.jpg 687w, https:\/\/www.galerie-metzger.de\/wp-content\/uploads\/2019\/08\/Beate-Kuhn-untitled-galerie-metzger-deutsche-studiokeramik-ceramic-art-gallery-450x675.jpg 450w, https:\/\/www.galerie-metzger.de\/wp-content\/uploads\/2019\/08\/Beate-Kuhn-untitled-galerie-metzger-deutsche-studiokeramik-ceramic-art-gallery-scaled.jpg 1707w\" sizes=\"(max-width: 687px) 100vw, 687px\" \/><\/a><\/div><\/div><\/div><br \/>\n<section  class='av_textblock_section av-av_textblock-2df6986536148a6092118248b21c996c' ><div class='avia_textblock jo_werk_anfrage' ><p><a class=\"anfrage\" href=\"mailto:info@galerie-metzger.de?subject=Beate%20Kuhn%2023,7x9,5x9,5cm%202005\">Anfrage zum Werk<\/a><\/p>\n<\/div><\/section><\/p><\/div><\/div><!--close column table wrapper. Autoclose: 1 --><div class='flex_column_table av-jf3w4f-77f46a1d67ce0e2acbd9952ec63bccd1 sc-av_one_full av-equal-height-column-flextable'>\n<style type=\"text\/css\" data-created_by=\"avia_inline_auto\" id=\"style-css-av-jf3w4f-77f46a1d67ce0e2acbd9952ec63bccd1\">\n.flex_column.av-jf3w4f-77f46a1d67ce0e2acbd9952ec63bccd1{\n-webkit-border-radius:0px 0px 0px 0px;\n-moz-border-radius:0px 0px 0px 0px;\nborder-radius:0px 0px 0px 0px;\n}\n<\/style>\n<div class='flex_column av-jf3w4f-77f46a1d67ce0e2acbd9952ec63bccd1 av_one_full  avia-builder-el-168  el_after_av_one_third  el_before_av_one_third  jo_col_empty first flex_column_table_cell av-equal-height-column av-align-top av-animated-generic fade-in av-zero-column-padding column-top-margin'     ><section  class='av_textblock_section av-h33mnz-85df926b250f443195c65890c49b2553' ><div class='avia_textblock' ><p>invisible placeholder<\/p>\n<\/div><\/section><\/div><\/div><!--close column table wrapper. Autoclose: 1 --><div class='flex_column_table av-22ccvjz-c20c10c7f195c3bda27bd103a17649b8 sc-av_one_third av-equal-height-column-flextable'>\n<style type=\"text\/css\" data-created_by=\"avia_inline_auto\" id=\"style-css-av-22ccvjz-c20c10c7f195c3bda27bd103a17649b8\">\n.flex_column.av-22ccvjz-c20c10c7f195c3bda27bd103a17649b8{\n-webkit-border-radius:0px 0px 0px 0px;\n-moz-border-radius:0px 0px 0px 0px;\nborder-radius:0px 0px 0px 0px;\n}\n<\/style>\n<div class='flex_column av-22ccvjz-c20c10c7f195c3bda27bd103a17649b8 av_one_third  avia-builder-el-170  el_after_av_one_full  el_before_av_one_third  jo_pf_bild_bg first flex_column_table_cell av-equal-height-column av-align-top av-animated-generic fade-in av-zero-column-padding column-top-margin'     ><p>\n<style type=\"text\/css\" data-created_by=\"avia_inline_auto\" id=\"style-css-av-av_image-b32fc3ee7aeceb31aa0e0116212e827c\">\n.avia-image-container.av-av_image-b32fc3ee7aeceb31aa0e0116212e827c img.avia_image{\nbox-shadow:none;\n}\n.avia-image-container.av-av_image-b32fc3ee7aeceb31aa0e0116212e827c .av-caption-image-overlay-bg{\nopacity:0.4;\n}\n<\/style>\n<div  class='avia-image-container av-av_image-b32fc3ee7aeceb31aa0e0116212e827c av-styling-no-styling avia_animated_image av-animated-when-visible-95 fade-in avia-align-left  avia-builder-el-171  el_before_av_textblock  avia-builder-el-first  jo_pf_bild noHover av-overlay-hover-deactivate'  ><div class=\"avia-image-container-inner\"><div class=\"avia-image-overlay-wrap\"><a href=\"https:\/\/www.galerie-metzger.de\/wp-content\/uploads\/2018\/01\/beate-kuhn-musik-2013-25x33x14cm-galerie-metzger-gallery-collect-london-kunst-keramik-plastik-sculpture-1090x727.jpg\" data-srcset=\"https:\/\/www.galerie-metzger.de\/wp-content\/uploads\/2018\/01\/beate-kuhn-musik-2013-25x33x14cm-galerie-metzger-gallery-collect-london-kunst-keramik-plastik-sculpture-1090x727.jpg 1090w, https:\/\/www.galerie-metzger.de\/wp-content\/uploads\/2018\/01\/beate-kuhn-musik-2013-25x33x14cm-galerie-metzger-gallery-collect-london-kunst-keramik-plastik-sculpture-690x460.jpg 690w, https:\/\/www.galerie-metzger.de\/wp-content\/uploads\/2018\/01\/beate-kuhn-musik-2013-25x33x14cm-galerie-metzger-gallery-collect-london-kunst-keramik-plastik-sculpture-1536x1024.jpg 1536w, https:\/\/www.galerie-metzger.de\/wp-content\/uploads\/2018\/01\/beate-kuhn-musik-2013-25x33x14cm-galerie-metzger-gallery-collect-london-kunst-keramik-plastik-sculpture-2048x1365.jpg 2048w, https:\/\/www.galerie-metzger.de\/wp-content\/uploads\/2018\/01\/beate-kuhn-musik-2013-25x33x14cm-galerie-metzger-gallery-collect-london-kunst-keramik-plastik-sculpture-1500x1000.jpg 1500w, https:\/\/www.galerie-metzger.de\/wp-content\/uploads\/2018\/01\/beate-kuhn-musik-2013-25x33x14cm-galerie-metzger-gallery-collect-london-kunst-keramik-plastik-sculpture-705x470.jpg 705w, https:\/\/www.galerie-metzger.de\/wp-content\/uploads\/2018\/01\/beate-kuhn-musik-2013-25x33x14cm-galerie-metzger-gallery-collect-london-kunst-keramik-plastik-sculpture-400x267.jpg 400w, https:\/\/www.galerie-metzger.de\/wp-content\/uploads\/2018\/01\/beate-kuhn-musik-2013-25x33x14cm-galerie-metzger-gallery-collect-london-kunst-keramik-plastik-sculpture-768x512.jpg 768w, https:\/\/www.galerie-metzger.de\/wp-content\/uploads\/2018\/01\/beate-kuhn-musik-2013-25x33x14cm-galerie-metzger-gallery-collect-london-kunst-keramik-plastik-sculpture-1600x1067.jpg 1600w, https:\/\/www.galerie-metzger.de\/wp-content\/uploads\/2018\/01\/beate-kuhn-musik-2013-25x33x14cm-galerie-metzger-gallery-collect-london-kunst-keramik-plastik-sculpture-300x200.jpg 300w, https:\/\/www.galerie-metzger.de\/wp-content\/uploads\/2018\/01\/beate-kuhn-musik-2013-25x33x14cm-galerie-metzger-gallery-collect-london-kunst-keramik-plastik-sculpture-900x600.jpg 900w, https:\/\/www.galerie-metzger.de\/wp-content\/uploads\/2018\/01\/beate-kuhn-musik-2013-25x33x14cm-galerie-metzger-gallery-collect-london-kunst-keramik-plastik-sculpture-450x300.jpg 450w\" data-sizes=\"(max-width: 1030px) 100vw, 1030px\" class='avia_image' ><div class=\"av-image-caption-overlay\"><div class=\"av-caption-image-overlay-bg\"><\/div><div class=\"av-image-caption-overlay-position\"><div class=\"av-image-caption-overlay-center\"><p>Beate Kuhn \u2013 Musik \u2013\u00a02013, 25x33x14 cm Foto: Edi Baumann<\/p>\n<\/div><\/div><\/div><img decoding=\"async\" class='wp-image-3612 avia-img-lazy-loading-not-3612 avia_image ' src=\"https:\/\/www.galerie-metzger.de\/wp-content\/uploads\/2018\/01\/beate-kuhn-musik-2013-25x33x14cm-galerie-metzger-gallery-collect-london-kunst-keramik-plastik-sculpture-690x460.jpg\" alt='Beate Kuhn \u2013 untitled \u2013\u00a02013, 25x33x14cm \u2013 Galerie Metzger Gallery Kunst Keramik Plastik Art Ceramics Sculpture' title='Beate Kuhn \u2013 Musik \u2013\u00a02013, 25x33x14cm'  height=\"460\" width=\"690\" srcset=\"https:\/\/www.galerie-metzger.de\/wp-content\/uploads\/2018\/01\/beate-kuhn-musik-2013-25x33x14cm-galerie-metzger-gallery-collect-london-kunst-keramik-plastik-sculpture-690x460.jpg 690w, https:\/\/www.galerie-metzger.de\/wp-content\/uploads\/2018\/01\/beate-kuhn-musik-2013-25x33x14cm-galerie-metzger-gallery-collect-london-kunst-keramik-plastik-sculpture-1090x727.jpg 1090w, https:\/\/www.galerie-metzger.de\/wp-content\/uploads\/2018\/01\/beate-kuhn-musik-2013-25x33x14cm-galerie-metzger-gallery-collect-london-kunst-keramik-plastik-sculpture-1536x1024.jpg 1536w, https:\/\/www.galerie-metzger.de\/wp-content\/uploads\/2018\/01\/beate-kuhn-musik-2013-25x33x14cm-galerie-metzger-gallery-collect-london-kunst-keramik-plastik-sculpture-2048x1365.jpg 2048w, https:\/\/www.galerie-metzger.de\/wp-content\/uploads\/2018\/01\/beate-kuhn-musik-2013-25x33x14cm-galerie-metzger-gallery-collect-london-kunst-keramik-plastik-sculpture-1500x1000.jpg 1500w, https:\/\/www.galerie-metzger.de\/wp-content\/uploads\/2018\/01\/beate-kuhn-musik-2013-25x33x14cm-galerie-metzger-gallery-collect-london-kunst-keramik-plastik-sculpture-705x470.jpg 705w, https:\/\/www.galerie-metzger.de\/wp-content\/uploads\/2018\/01\/beate-kuhn-musik-2013-25x33x14cm-galerie-metzger-gallery-collect-london-kunst-keramik-plastik-sculpture-400x267.jpg 400w, https:\/\/www.galerie-metzger.de\/wp-content\/uploads\/2018\/01\/beate-kuhn-musik-2013-25x33x14cm-galerie-metzger-gallery-collect-london-kunst-keramik-plastik-sculpture-768x512.jpg 768w, https:\/\/www.galerie-metzger.de\/wp-content\/uploads\/2018\/01\/beate-kuhn-musik-2013-25x33x14cm-galerie-metzger-gallery-collect-london-kunst-keramik-plastik-sculpture-1600x1067.jpg 1600w, https:\/\/www.galerie-metzger.de\/wp-content\/uploads\/2018\/01\/beate-kuhn-musik-2013-25x33x14cm-galerie-metzger-gallery-collect-london-kunst-keramik-plastik-sculpture-300x200.jpg 300w, https:\/\/www.galerie-metzger.de\/wp-content\/uploads\/2018\/01\/beate-kuhn-musik-2013-25x33x14cm-galerie-metzger-gallery-collect-london-kunst-keramik-plastik-sculpture-900x600.jpg 900w, https:\/\/www.galerie-metzger.de\/wp-content\/uploads\/2018\/01\/beate-kuhn-musik-2013-25x33x14cm-galerie-metzger-gallery-collect-london-kunst-keramik-plastik-sculpture-450x300.jpg 450w\" sizes=\"(max-width: 690px) 100vw, 690px\" \/><\/a><\/div><\/div><\/div><br \/>\n<section  class='av_textblock_section av-av_textblock-2df6986536148a6092118248b21c996c' ><div class='avia_textblock jo_werk_anfrage' ><p><a class=\"anfrage\" href=\"mailto:info@galerie-metzger.de?subject=Beate%20Kuhn%20Musik%202013\">Anfrage zum Werk<\/a><\/p>\n<\/div><\/section><\/p><\/div><div class='av-flex-placeholder'><\/div>\n<style type=\"text\/css\" data-created_by=\"avia_inline_auto\" id=\"style-css-av-22ccvjz-ad468ee973643f648d80b19378020a49\">\n.flex_column.av-22ccvjz-ad468ee973643f648d80b19378020a49{\n-webkit-border-radius:0px 0px 0px 0px;\n-moz-border-radius:0px 0px 0px 0px;\nborder-radius:0px 0px 0px 0px;\n}\n<\/style>\n<div class='flex_column av-22ccvjz-ad468ee973643f648d80b19378020a49 av_one_third  avia-builder-el-173  el_after_av_one_third  el_before_av_one_third  jo_pf_bild_bg flex_column_table_cell av-equal-height-column av-align-top av-animated-generic fade-in av-zero-column-padding column-top-margin'     ><p>\n<style type=\"text\/css\" data-created_by=\"avia_inline_auto\" id=\"style-css-av-av_image-4df8a8627541dd670215a522412f90aa\">\n.avia-image-container.av-av_image-4df8a8627541dd670215a522412f90aa img.avia_image{\nbox-shadow:none;\n}\n.avia-image-container.av-av_image-4df8a8627541dd670215a522412f90aa .av-caption-image-overlay-bg{\nopacity:0.4;\n}\n<\/style>\n<div  class='avia-image-container av-av_image-4df8a8627541dd670215a522412f90aa av-styling-no-styling avia_animated_image av-animated-when-visible-95 fade-in avia-align-left  avia-builder-el-174  el_before_av_textblock  avia-builder-el-first  jo_pf_bild noHover av-overlay-hover-deactivate'  ><div class=\"avia-image-container-inner\"><div class=\"avia-image-overlay-wrap\"><a href=\"https:\/\/www.galerie-metzger.de\/wp-content\/uploads\/2019\/12\/Beate-Kuhn-Musik-2013-25x33x14cm-galerie-metzger-gallery-kunst-keramik-plastik-sculpture-1090x727.jpg\" data-srcset=\"https:\/\/www.galerie-metzger.de\/wp-content\/uploads\/2019\/12\/Beate-Kuhn-Musik-2013-25x33x14cm-galerie-metzger-gallery-kunst-keramik-plastik-sculpture-1090x727.jpg 1090w, https:\/\/www.galerie-metzger.de\/wp-content\/uploads\/2019\/12\/Beate-Kuhn-Musik-2013-25x33x14cm-galerie-metzger-gallery-kunst-keramik-plastik-sculpture-690x460.jpg 690w, https:\/\/www.galerie-metzger.de\/wp-content\/uploads\/2019\/12\/Beate-Kuhn-Musik-2013-25x33x14cm-galerie-metzger-gallery-kunst-keramik-plastik-sculpture-1536x1024.jpg 1536w, https:\/\/www.galerie-metzger.de\/wp-content\/uploads\/2019\/12\/Beate-Kuhn-Musik-2013-25x33x14cm-galerie-metzger-gallery-kunst-keramik-plastik-sculpture-2048x1365.jpg 2048w, https:\/\/www.galerie-metzger.de\/wp-content\/uploads\/2019\/12\/Beate-Kuhn-Musik-2013-25x33x14cm-galerie-metzger-gallery-kunst-keramik-plastik-sculpture-1500x1000.jpg 1500w, https:\/\/www.galerie-metzger.de\/wp-content\/uploads\/2019\/12\/Beate-Kuhn-Musik-2013-25x33x14cm-galerie-metzger-gallery-kunst-keramik-plastik-sculpture-705x470.jpg 705w, https:\/\/www.galerie-metzger.de\/wp-content\/uploads\/2019\/12\/Beate-Kuhn-Musik-2013-25x33x14cm-galerie-metzger-gallery-kunst-keramik-plastik-sculpture-400x267.jpg 400w, https:\/\/www.galerie-metzger.de\/wp-content\/uploads\/2019\/12\/Beate-Kuhn-Musik-2013-25x33x14cm-galerie-metzger-gallery-kunst-keramik-plastik-sculpture-768x512.jpg 768w, https:\/\/www.galerie-metzger.de\/wp-content\/uploads\/2019\/12\/Beate-Kuhn-Musik-2013-25x33x14cm-galerie-metzger-gallery-kunst-keramik-plastik-sculpture-1030x687.jpg 1030w, https:\/\/www.galerie-metzger.de\/wp-content\/uploads\/2019\/12\/Beate-Kuhn-Musik-2013-25x33x14cm-galerie-metzger-gallery-kunst-keramik-plastik-sculpture-300x200.jpg 300w, https:\/\/www.galerie-metzger.de\/wp-content\/uploads\/2019\/12\/Beate-Kuhn-Musik-2013-25x33x14cm-galerie-metzger-gallery-kunst-keramik-plastik-sculpture-900x600.jpg 900w, https:\/\/www.galerie-metzger.de\/wp-content\/uploads\/2019\/12\/Beate-Kuhn-Musik-2013-25x33x14cm-galerie-metzger-gallery-kunst-keramik-plastik-sculpture-450x300.jpg 450w\" data-sizes=\"(max-width: 1030px) 100vw, 1030px\" class='avia_image' ><div class=\"av-image-caption-overlay\"><div class=\"av-caption-image-overlay-bg\"><\/div><div class=\"av-image-caption-overlay-position\"><div class=\"av-image-caption-overlay-center\"><p>Beate Kuhn \u2013 Musik \u2013\u00a02013, 25x33x14 cm Foto: Edi Baumann<\/p>\n<\/div><\/div><\/div><img decoding=\"async\" class='wp-image-7840 avia-img-lazy-loading-not-7840 avia_image ' src=\"https:\/\/www.galerie-metzger.de\/wp-content\/uploads\/2019\/12\/Beate-Kuhn-Musik-2013-25x33x14cm-galerie-metzger-gallery-kunst-keramik-plastik-sculpture-690x460.jpg\" alt='Beate Kuhn - Musik - 2013, 25x33x14 cm' title='Beate Kuhn - Musik - 2013, 25x33x14 cm'  height=\"460\" width=\"690\" srcset=\"https:\/\/www.galerie-metzger.de\/wp-content\/uploads\/2019\/12\/Beate-Kuhn-Musik-2013-25x33x14cm-galerie-metzger-gallery-kunst-keramik-plastik-sculpture-690x460.jpg 690w, https:\/\/www.galerie-metzger.de\/wp-content\/uploads\/2019\/12\/Beate-Kuhn-Musik-2013-25x33x14cm-galerie-metzger-gallery-kunst-keramik-plastik-sculpture-1090x727.jpg 1090w, https:\/\/www.galerie-metzger.de\/wp-content\/uploads\/2019\/12\/Beate-Kuhn-Musik-2013-25x33x14cm-galerie-metzger-gallery-kunst-keramik-plastik-sculpture-1536x1024.jpg 1536w, https:\/\/www.galerie-metzger.de\/wp-content\/uploads\/2019\/12\/Beate-Kuhn-Musik-2013-25x33x14cm-galerie-metzger-gallery-kunst-keramik-plastik-sculpture-2048x1365.jpg 2048w, https:\/\/www.galerie-metzger.de\/wp-content\/uploads\/2019\/12\/Beate-Kuhn-Musik-2013-25x33x14cm-galerie-metzger-gallery-kunst-keramik-plastik-sculpture-1500x1000.jpg 1500w, https:\/\/www.galerie-metzger.de\/wp-content\/uploads\/2019\/12\/Beate-Kuhn-Musik-2013-25x33x14cm-galerie-metzger-gallery-kunst-keramik-plastik-sculpture-705x470.jpg 705w, https:\/\/www.galerie-metzger.de\/wp-content\/uploads\/2019\/12\/Beate-Kuhn-Musik-2013-25x33x14cm-galerie-metzger-gallery-kunst-keramik-plastik-sculpture-400x267.jpg 400w, https:\/\/www.galerie-metzger.de\/wp-content\/uploads\/2019\/12\/Beate-Kuhn-Musik-2013-25x33x14cm-galerie-metzger-gallery-kunst-keramik-plastik-sculpture-768x512.jpg 768w, https:\/\/www.galerie-metzger.de\/wp-content\/uploads\/2019\/12\/Beate-Kuhn-Musik-2013-25x33x14cm-galerie-metzger-gallery-kunst-keramik-plastik-sculpture-1030x687.jpg 1030w, https:\/\/www.galerie-metzger.de\/wp-content\/uploads\/2019\/12\/Beate-Kuhn-Musik-2013-25x33x14cm-galerie-metzger-gallery-kunst-keramik-plastik-sculpture-300x200.jpg 300w, https:\/\/www.galerie-metzger.de\/wp-content\/uploads\/2019\/12\/Beate-Kuhn-Musik-2013-25x33x14cm-galerie-metzger-gallery-kunst-keramik-plastik-sculpture-900x600.jpg 900w, https:\/\/www.galerie-metzger.de\/wp-content\/uploads\/2019\/12\/Beate-Kuhn-Musik-2013-25x33x14cm-galerie-metzger-gallery-kunst-keramik-plastik-sculpture-450x300.jpg 450w\" sizes=\"(max-width: 690px) 100vw, 690px\" \/><\/a><\/div><\/div><\/div><br \/>\n<section  class='av_textblock_section av-av_textblock-2df6986536148a6092118248b21c996c' ><div class='avia_textblock jo_werk_anfrage' ><p><a class=\"anfrage\" href=\"mailto:info@galerie-metzger.de?subject=Beate%20Kuhn%20Musik%202013\">Anfrage zum Werk<\/a><\/p>\n<\/div><\/section><\/p><\/div><div class='av-flex-placeholder'><\/div>\n<style type=\"text\/css\" data-created_by=\"avia_inline_auto\" id=\"style-css-av-tahj3z-3e6a95eeb548281cf1549fadf439675a\">\n.flex_column.av-tahj3z-3e6a95eeb548281cf1549fadf439675a{\n-webkit-border-radius:0px 0px 0px 0px;\n-moz-border-radius:0px 0px 0px 0px;\nborder-radius:0px 0px 0px 0px;\n}\n<\/style>\n<div class='flex_column av-tahj3z-3e6a95eeb548281cf1549fadf439675a av_one_third  avia-builder-el-176  el_after_av_one_third  el_before_av_one_full  jo_col_empty flex_column_table_cell av-equal-height-column av-align-top av-animated-generic fade-in av-zero-column-padding column-top-margin'     ><section  class='av_textblock_section av-2qhdmn-564d5a9e3e413954e3a7b502ea3a7e17' ><div class='avia_textblock' ><p>invisible placeholder<\/p>\n<\/div><\/section><\/div><\/div><!--close column table wrapper. Autoclose: 1 --><div class='flex_column_table av-tahj3z-7b0e9a71687464c2380c8a8d5340f14a sc-av_one_full av-equal-height-column-flextable'>\n<style type=\"text\/css\" data-created_by=\"avia_inline_auto\" id=\"style-css-av-tahj3z-7b0e9a71687464c2380c8a8d5340f14a\">\n.flex_column.av-tahj3z-7b0e9a71687464c2380c8a8d5340f14a{\n-webkit-border-radius:0px 0px 0px 0px;\n-moz-border-radius:0px 0px 0px 0px;\nborder-radius:0px 0px 0px 0px;\n}\n<\/style>\n<div class='flex_column av-tahj3z-7b0e9a71687464c2380c8a8d5340f14a av_one_full  avia-builder-el-178  el_after_av_one_third  el_before_av_one_third  jo_col_empty first flex_column_table_cell av-equal-height-column av-align-top av-animated-generic fade-in av-zero-column-padding column-top-margin'     ><section  class='av_textblock_section av-2qhdmn-564d5a9e3e413954e3a7b502ea3a7e17' ><div class='avia_textblock' ><p>invisible placeholder<\/p>\n<\/div><\/section><\/div><\/div><!--close column table wrapper. Autoclose: 1 --><div class='flex_column_table av-tahj3z-7b0e9a71687464c2380c8a8d5340f14a sc-av_one_third av-equal-height-column-flextable'>\n<style type=\"text\/css\" data-created_by=\"avia_inline_auto\" id=\"style-css-av-tahj3z-7b0e9a71687464c2380c8a8d5340f14a\">\n.flex_column.av-tahj3z-7b0e9a71687464c2380c8a8d5340f14a{\n-webkit-border-radius:0px 0px 0px 0px;\n-moz-border-radius:0px 0px 0px 0px;\nborder-radius:0px 0px 0px 0px;\n}\n<\/style>\n<div class='flex_column av-tahj3z-7b0e9a71687464c2380c8a8d5340f14a av_one_third  avia-builder-el-180  el_after_av_one_full  el_before_av_one_third  jo_col_empty first flex_column_table_cell av-equal-height-column av-align-top av-animated-generic fade-in av-zero-column-padding column-top-margin'     ><section  class='av_textblock_section av-2qhdmn-564d5a9e3e413954e3a7b502ea3a7e17' ><div class='avia_textblock' ><p>invisible placeholder<\/p>\n<\/div><\/section><\/div><div class='av-flex-placeholder'><\/div>\n<style type=\"text\/css\" data-created_by=\"avia_inline_auto\" id=\"style-css-av-22ccvjz-ad468ee973643f648d80b19378020a49\">\n.flex_column.av-22ccvjz-ad468ee973643f648d80b19378020a49{\n-webkit-border-radius:0px 0px 0px 0px;\n-moz-border-radius:0px 0px 0px 0px;\nborder-radius:0px 0px 0px 0px;\n}\n<\/style>\n<div class='flex_column av-22ccvjz-ad468ee973643f648d80b19378020a49 av_one_third  avia-builder-el-182  el_after_av_one_third  el_before_av_one_third  jo_pf_bild_bg flex_column_table_cell av-equal-height-column av-align-top av-animated-generic fade-in av-zero-column-padding column-top-margin'     ><style type=\"text\/css\" data-created_by=\"avia_inline_auto\" id=\"style-css-av-av_image-5dfe142f9e1b61673e3e626128be1309\">\n.avia-image-container.av-av_image-5dfe142f9e1b61673e3e626128be1309 img.avia_image{\nbox-shadow:none;\n}\n.avia-image-container.av-av_image-5dfe142f9e1b61673e3e626128be1309 .av-caption-image-overlay-bg{\nopacity:0.4;\n}\n<\/style>\n<div  class='avia-image-container av-av_image-5dfe142f9e1b61673e3e626128be1309 av-styling-no-styling avia_animated_image av-animated-when-visible-95 fade-in avia-align-left  avia-builder-el-183  avia-builder-el-no-sibling  jo_pf_bild noHover av-overlay-hover-deactivate'  ><div class=\"avia-image-container-inner\"><div class=\"avia-image-overlay-wrap\"><a href=\"https:\/\/www.galerie-metzger.de\/wp-content\/uploads\/2019\/12\/Beate-Kuhn-untitled-1978-5x13x13-cm-galerie-metzger-sculpture-ceramic-art-objekt-angewandte-kunst-1090x727.jpg\" data-srcset=\"https:\/\/www.galerie-metzger.de\/wp-content\/uploads\/2019\/12\/Beate-Kuhn-untitled-1978-5x13x13-cm-galerie-metzger-sculpture-ceramic-art-objekt-angewandte-kunst-1090x727.jpg 1090w, https:\/\/www.galerie-metzger.de\/wp-content\/uploads\/2019\/12\/Beate-Kuhn-untitled-1978-5x13x13-cm-galerie-metzger-sculpture-ceramic-art-objekt-angewandte-kunst-690x460.jpg 690w, https:\/\/www.galerie-metzger.de\/wp-content\/uploads\/2019\/12\/Beate-Kuhn-untitled-1978-5x13x13-cm-galerie-metzger-sculpture-ceramic-art-objekt-angewandte-kunst-1536x1024.jpg 1536w, https:\/\/www.galerie-metzger.de\/wp-content\/uploads\/2019\/12\/Beate-Kuhn-untitled-1978-5x13x13-cm-galerie-metzger-sculpture-ceramic-art-objekt-angewandte-kunst-2048x1365.jpg 2048w, https:\/\/www.galerie-metzger.de\/wp-content\/uploads\/2019\/12\/Beate-Kuhn-untitled-1978-5x13x13-cm-galerie-metzger-sculpture-ceramic-art-objekt-angewandte-kunst-1500x1000.jpg 1500w, https:\/\/www.galerie-metzger.de\/wp-content\/uploads\/2019\/12\/Beate-Kuhn-untitled-1978-5x13x13-cm-galerie-metzger-sculpture-ceramic-art-objekt-angewandte-kunst-705x470.jpg 705w, https:\/\/www.galerie-metzger.de\/wp-content\/uploads\/2019\/12\/Beate-Kuhn-untitled-1978-5x13x13-cm-galerie-metzger-sculpture-ceramic-art-objekt-angewandte-kunst-400x267.jpg 400w, https:\/\/www.galerie-metzger.de\/wp-content\/uploads\/2019\/12\/Beate-Kuhn-untitled-1978-5x13x13-cm-galerie-metzger-sculpture-ceramic-art-objekt-angewandte-kunst-768x512.jpg 768w, https:\/\/www.galerie-metzger.de\/wp-content\/uploads\/2019\/12\/Beate-Kuhn-untitled-1978-5x13x13-cm-galerie-metzger-sculpture-ceramic-art-objekt-angewandte-kunst-1030x687.jpg 1030w, https:\/\/www.galerie-metzger.de\/wp-content\/uploads\/2019\/12\/Beate-Kuhn-untitled-1978-5x13x13-cm-galerie-metzger-sculpture-ceramic-art-objekt-angewandte-kunst-300x200.jpg 300w, https:\/\/www.galerie-metzger.de\/wp-content\/uploads\/2019\/12\/Beate-Kuhn-untitled-1978-5x13x13-cm-galerie-metzger-sculpture-ceramic-art-objekt-angewandte-kunst-900x600.jpg 900w, https:\/\/www.galerie-metzger.de\/wp-content\/uploads\/2019\/12\/Beate-Kuhn-untitled-1978-5x13x13-cm-galerie-metzger-sculpture-ceramic-art-objekt-angewandte-kunst-450x300.jpg 450w\" data-sizes=\"(max-width: 1030px) 100vw, 1030px\" class='avia_image' ><div class=\"av-image-caption-overlay\"><div class=\"av-caption-image-overlay-bg\"><\/div><div class=\"av-image-caption-overlay-position\"><div class=\"av-image-caption-overlay-center\"><p>Beate Kuhn \u2013 untitled \u2013\u00a01978, 5x13x13 cm Foto: Edi Baumann<\/p>\n<\/div><\/div><\/div><img decoding=\"async\" class='wp-image-7946 avia-img-lazy-loading-not-7946 avia_image ' src=\"https:\/\/www.galerie-metzger.de\/wp-content\/uploads\/2019\/12\/Beate-Kuhn-untitled-1978-5x13x13-cm-galerie-metzger-sculpture-ceramic-art-objekt-angewandte-kunst-690x460.jpg\" alt='Beate Kuhn - untitled - 1978, 5x13x13 cm' title='Beate Kuhn - untitled - 1978, 5x13x13 cm'  height=\"460\" width=\"690\" srcset=\"https:\/\/www.galerie-metzger.de\/wp-content\/uploads\/2019\/12\/Beate-Kuhn-untitled-1978-5x13x13-cm-galerie-metzger-sculpture-ceramic-art-objekt-angewandte-kunst-690x460.jpg 690w, https:\/\/www.galerie-metzger.de\/wp-content\/uploads\/2019\/12\/Beate-Kuhn-untitled-1978-5x13x13-cm-galerie-metzger-sculpture-ceramic-art-objekt-angewandte-kunst-1090x727.jpg 1090w, https:\/\/www.galerie-metzger.de\/wp-content\/uploads\/2019\/12\/Beate-Kuhn-untitled-1978-5x13x13-cm-galerie-metzger-sculpture-ceramic-art-objekt-angewandte-kunst-1536x1024.jpg 1536w, https:\/\/www.galerie-metzger.de\/wp-content\/uploads\/2019\/12\/Beate-Kuhn-untitled-1978-5x13x13-cm-galerie-metzger-sculpture-ceramic-art-objekt-angewandte-kunst-2048x1365.jpg 2048w, https:\/\/www.galerie-metzger.de\/wp-content\/uploads\/2019\/12\/Beate-Kuhn-untitled-1978-5x13x13-cm-galerie-metzger-sculpture-ceramic-art-objekt-angewandte-kunst-1500x1000.jpg 1500w, https:\/\/www.galerie-metzger.de\/wp-content\/uploads\/2019\/12\/Beate-Kuhn-untitled-1978-5x13x13-cm-galerie-metzger-sculpture-ceramic-art-objekt-angewandte-kunst-705x470.jpg 705w, https:\/\/www.galerie-metzger.de\/wp-content\/uploads\/2019\/12\/Beate-Kuhn-untitled-1978-5x13x13-cm-galerie-metzger-sculpture-ceramic-art-objekt-angewandte-kunst-400x267.jpg 400w, https:\/\/www.galerie-metzger.de\/wp-content\/uploads\/2019\/12\/Beate-Kuhn-untitled-1978-5x13x13-cm-galerie-metzger-sculpture-ceramic-art-objekt-angewandte-kunst-768x512.jpg 768w, https:\/\/www.galerie-metzger.de\/wp-content\/uploads\/2019\/12\/Beate-Kuhn-untitled-1978-5x13x13-cm-galerie-metzger-sculpture-ceramic-art-objekt-angewandte-kunst-1030x687.jpg 1030w, https:\/\/www.galerie-metzger.de\/wp-content\/uploads\/2019\/12\/Beate-Kuhn-untitled-1978-5x13x13-cm-galerie-metzger-sculpture-ceramic-art-objekt-angewandte-kunst-300x200.jpg 300w, https:\/\/www.galerie-metzger.de\/wp-content\/uploads\/2019\/12\/Beate-Kuhn-untitled-1978-5x13x13-cm-galerie-metzger-sculpture-ceramic-art-objekt-angewandte-kunst-900x600.jpg 900w, https:\/\/www.galerie-metzger.de\/wp-content\/uploads\/2019\/12\/Beate-Kuhn-untitled-1978-5x13x13-cm-galerie-metzger-sculpture-ceramic-art-objekt-angewandte-kunst-450x300.jpg 450w\" sizes=\"(max-width: 690px) 100vw, 690px\" \/><\/a><\/div><\/div><\/div><\/div><div class='av-flex-placeholder'><\/div>\n<style type=\"text\/css\" data-created_by=\"avia_inline_auto\" id=\"style-css-av-22ccvjz-ad468ee973643f648d80b19378020a49\">\n.flex_column.av-22ccvjz-ad468ee973643f648d80b19378020a49{\n-webkit-border-radius:0px 0px 0px 0px;\n-moz-border-radius:0px 0px 0px 0px;\nborder-radius:0px 0px 0px 0px;\n}\n<\/style>\n<div class='flex_column av-22ccvjz-ad468ee973643f648d80b19378020a49 av_one_third  avia-builder-el-184  el_after_av_one_third  el_before_av_one_full  jo_pf_bild_bg flex_column_table_cell av-equal-height-column av-align-top av-animated-generic fade-in av-zero-column-padding column-top-margin'     ><style type=\"text\/css\" data-created_by=\"avia_inline_auto\" id=\"style-css-av-av_image-c85f3f5c9d1dd1d879d20fdb52bc4fc4\">\n.avia-image-container.av-av_image-c85f3f5c9d1dd1d879d20fdb52bc4fc4 img.avia_image{\nbox-shadow:none;\n}\n.avia-image-container.av-av_image-c85f3f5c9d1dd1d879d20fdb52bc4fc4 .av-caption-image-overlay-bg{\nopacity:0.4;\n}\n<\/style>\n<div  class='avia-image-container av-av_image-c85f3f5c9d1dd1d879d20fdb52bc4fc4 av-styling-no-styling avia_animated_image av-animated-when-visible-95 fade-in avia-align-left  avia-builder-el-185  avia-builder-el-no-sibling  jo_pf_bild noHover av-overlay-hover-deactivate'  ><div class=\"avia-image-container-inner\"><div class=\"avia-image-overlay-wrap\"><a href=\"https:\/\/www.galerie-metzger.de\/wp-content\/uploads\/2019\/12\/Beate-Kuhn-untitled-1978-5x13x13-cm-galerie-metzger-deutsche-studiokeramik-plastische-arbeit-ceramic-art-object--1090x727.jpg\" data-srcset=\"https:\/\/www.galerie-metzger.de\/wp-content\/uploads\/2019\/12\/Beate-Kuhn-untitled-1978-5x13x13-cm-galerie-metzger-deutsche-studiokeramik-plastische-arbeit-ceramic-art-object--1090x727.jpg 1090w, https:\/\/www.galerie-metzger.de\/wp-content\/uploads\/2019\/12\/Beate-Kuhn-untitled-1978-5x13x13-cm-galerie-metzger-deutsche-studiokeramik-plastische-arbeit-ceramic-art-object--690x460.jpg 690w, https:\/\/www.galerie-metzger.de\/wp-content\/uploads\/2019\/12\/Beate-Kuhn-untitled-1978-5x13x13-cm-galerie-metzger-deutsche-studiokeramik-plastische-arbeit-ceramic-art-object--1536x1024.jpg 1536w, https:\/\/www.galerie-metzger.de\/wp-content\/uploads\/2019\/12\/Beate-Kuhn-untitled-1978-5x13x13-cm-galerie-metzger-deutsche-studiokeramik-plastische-arbeit-ceramic-art-object--2048x1365.jpg 2048w, https:\/\/www.galerie-metzger.de\/wp-content\/uploads\/2019\/12\/Beate-Kuhn-untitled-1978-5x13x13-cm-galerie-metzger-deutsche-studiokeramik-plastische-arbeit-ceramic-art-object--1500x1000.jpg 1500w, https:\/\/www.galerie-metzger.de\/wp-content\/uploads\/2019\/12\/Beate-Kuhn-untitled-1978-5x13x13-cm-galerie-metzger-deutsche-studiokeramik-plastische-arbeit-ceramic-art-object--705x470.jpg 705w, https:\/\/www.galerie-metzger.de\/wp-content\/uploads\/2019\/12\/Beate-Kuhn-untitled-1978-5x13x13-cm-galerie-metzger-deutsche-studiokeramik-plastische-arbeit-ceramic-art-object--400x267.jpg 400w, https:\/\/www.galerie-metzger.de\/wp-content\/uploads\/2019\/12\/Beate-Kuhn-untitled-1978-5x13x13-cm-galerie-metzger-deutsche-studiokeramik-plastische-arbeit-ceramic-art-object--768x512.jpg 768w, https:\/\/www.galerie-metzger.de\/wp-content\/uploads\/2019\/12\/Beate-Kuhn-untitled-1978-5x13x13-cm-galerie-metzger-deutsche-studiokeramik-plastische-arbeit-ceramic-art-object--1030x687.jpg 1030w, https:\/\/www.galerie-metzger.de\/wp-content\/uploads\/2019\/12\/Beate-Kuhn-untitled-1978-5x13x13-cm-galerie-metzger-deutsche-studiokeramik-plastische-arbeit-ceramic-art-object--300x200.jpg 300w, https:\/\/www.galerie-metzger.de\/wp-content\/uploads\/2019\/12\/Beate-Kuhn-untitled-1978-5x13x13-cm-galerie-metzger-deutsche-studiokeramik-plastische-arbeit-ceramic-art-object--900x600.jpg 900w, https:\/\/www.galerie-metzger.de\/wp-content\/uploads\/2019\/12\/Beate-Kuhn-untitled-1978-5x13x13-cm-galerie-metzger-deutsche-studiokeramik-plastische-arbeit-ceramic-art-object--450x300.jpg 450w\" data-sizes=\"(max-width: 1030px) 100vw, 1030px\" class='avia_image' ><div class=\"av-image-caption-overlay\"><div class=\"av-caption-image-overlay-bg\"><\/div><div class=\"av-image-caption-overlay-position\"><div class=\"av-image-caption-overlay-center\"><p>Beate Kuhn \u2013 untitled \u2013\u00a01978, 5x13x13 cm Foto: Edi Baumann<\/p>\n<\/div><\/div><\/div><img decoding=\"async\" class='wp-image-7944 avia-img-lazy-loading-not-7944 avia_image ' src=\"https:\/\/www.galerie-metzger.de\/wp-content\/uploads\/2019\/12\/Beate-Kuhn-untitled-1978-5x13x13-cm-galerie-metzger-deutsche-studiokeramik-plastische-arbeit-ceramic-art-object--690x460.jpg\" alt='Beate Kuhn - untitled - 1978, 5x13x13 cm' title='Beate Kuhn - untitled - 1978, 5x13x13 cm'  height=\"460\" width=\"690\" srcset=\"https:\/\/www.galerie-metzger.de\/wp-content\/uploads\/2019\/12\/Beate-Kuhn-untitled-1978-5x13x13-cm-galerie-metzger-deutsche-studiokeramik-plastische-arbeit-ceramic-art-object--690x460.jpg 690w, https:\/\/www.galerie-metzger.de\/wp-content\/uploads\/2019\/12\/Beate-Kuhn-untitled-1978-5x13x13-cm-galerie-metzger-deutsche-studiokeramik-plastische-arbeit-ceramic-art-object--1090x727.jpg 1090w, https:\/\/www.galerie-metzger.de\/wp-content\/uploads\/2019\/12\/Beate-Kuhn-untitled-1978-5x13x13-cm-galerie-metzger-deutsche-studiokeramik-plastische-arbeit-ceramic-art-object--1536x1024.jpg 1536w, https:\/\/www.galerie-metzger.de\/wp-content\/uploads\/2019\/12\/Beate-Kuhn-untitled-1978-5x13x13-cm-galerie-metzger-deutsche-studiokeramik-plastische-arbeit-ceramic-art-object--2048x1365.jpg 2048w, https:\/\/www.galerie-metzger.de\/wp-content\/uploads\/2019\/12\/Beate-Kuhn-untitled-1978-5x13x13-cm-galerie-metzger-deutsche-studiokeramik-plastische-arbeit-ceramic-art-object--1500x1000.jpg 1500w, https:\/\/www.galerie-metzger.de\/wp-content\/uploads\/2019\/12\/Beate-Kuhn-untitled-1978-5x13x13-cm-galerie-metzger-deutsche-studiokeramik-plastische-arbeit-ceramic-art-object--705x470.jpg 705w, https:\/\/www.galerie-metzger.de\/wp-content\/uploads\/2019\/12\/Beate-Kuhn-untitled-1978-5x13x13-cm-galerie-metzger-deutsche-studiokeramik-plastische-arbeit-ceramic-art-object--400x267.jpg 400w, https:\/\/www.galerie-metzger.de\/wp-content\/uploads\/2019\/12\/Beate-Kuhn-untitled-1978-5x13x13-cm-galerie-metzger-deutsche-studiokeramik-plastische-arbeit-ceramic-art-object--768x512.jpg 768w, https:\/\/www.galerie-metzger.de\/wp-content\/uploads\/2019\/12\/Beate-Kuhn-untitled-1978-5x13x13-cm-galerie-metzger-deutsche-studiokeramik-plastische-arbeit-ceramic-art-object--1030x687.jpg 1030w, https:\/\/www.galerie-metzger.de\/wp-content\/uploads\/2019\/12\/Beate-Kuhn-untitled-1978-5x13x13-cm-galerie-metzger-deutsche-studiokeramik-plastische-arbeit-ceramic-art-object--300x200.jpg 300w, https:\/\/www.galerie-metzger.de\/wp-content\/uploads\/2019\/12\/Beate-Kuhn-untitled-1978-5x13x13-cm-galerie-metzger-deutsche-studiokeramik-plastische-arbeit-ceramic-art-object--900x600.jpg 900w, https:\/\/www.galerie-metzger.de\/wp-content\/uploads\/2019\/12\/Beate-Kuhn-untitled-1978-5x13x13-cm-galerie-metzger-deutsche-studiokeramik-plastische-arbeit-ceramic-art-object--450x300.jpg 450w\" sizes=\"(max-width: 690px) 100vw, 690px\" \/><\/a><\/div><\/div><\/div><\/div><\/div><!--close column table wrapper. Autoclose: 1 --><div class='flex_column_table av-tahj3z-7b0e9a71687464c2380c8a8d5340f14a sc-av_one_full av-equal-height-column-flextable'>\n<style type=\"text\/css\" data-created_by=\"avia_inline_auto\" id=\"style-css-av-tahj3z-7b0e9a71687464c2380c8a8d5340f14a\">\n.flex_column.av-tahj3z-7b0e9a71687464c2380c8a8d5340f14a{\n-webkit-border-radius:0px 0px 0px 0px;\n-moz-border-radius:0px 0px 0px 0px;\nborder-radius:0px 0px 0px 0px;\n}\n<\/style>\n<div class='flex_column av-tahj3z-7b0e9a71687464c2380c8a8d5340f14a av_one_full  avia-builder-el-186  el_after_av_one_third  el_before_av_two_third  jo_col_empty first flex_column_table_cell av-equal-height-column av-align-top av-animated-generic fade-in av-zero-column-padding column-top-margin'     ><section  class='av_textblock_section av-2qhdmn-564d5a9e3e413954e3a7b502ea3a7e17' ><div class='avia_textblock' ><p>invisible placeholder<\/p>\n<\/div><\/section><\/div><\/div><!--close column table wrapper. Autoclose: 1 --><div class='flex_column_table av-22ccvjz-c20c10c7f195c3bda27bd103a17649b8 sc-av_two_third av-equal-height-column-flextable'>\n<style type=\"text\/css\" data-created_by=\"avia_inline_auto\" id=\"style-css-av-22ccvjz-c20c10c7f195c3bda27bd103a17649b8\">\n.flex_column.av-22ccvjz-c20c10c7f195c3bda27bd103a17649b8{\n-webkit-border-radius:0px 0px 0px 0px;\n-moz-border-radius:0px 0px 0px 0px;\nborder-radius:0px 0px 0px 0px;\n}\n<\/style>\n<div class='flex_column av-22ccvjz-c20c10c7f195c3bda27bd103a17649b8 av_two_third  avia-builder-el-188  el_after_av_one_full  el_before_av_one_third  jo_pf_bild_bg first flex_column_table_cell av-equal-height-column av-align-top av-animated-generic fade-in av-zero-column-padding column-top-margin'     ><p>\n<style type=\"text\/css\" data-created_by=\"avia_inline_auto\" id=\"style-css-av-av_image-8d029da1b96cb825591167db3a5ee0ca\">\n.avia-image-container.av-av_image-8d029da1b96cb825591167db3a5ee0ca img.avia_image{\nbox-shadow:none;\n}\n.avia-image-container.av-av_image-8d029da1b96cb825591167db3a5ee0ca .av-caption-image-overlay-bg{\nopacity:0.4;\n}\n<\/style>\n<div  class='avia-image-container av-av_image-8d029da1b96cb825591167db3a5ee0ca av-styling-no-styling avia_animated_image av-animated-when-visible-95 fade-in avia-align-left  avia-builder-el-189  el_before_av_textblock  avia-builder-el-first  jo_pf_bild noHover av-overlay-hover-deactivate'  ><div class=\"avia-image-container-inner\"><div class=\"avia-image-overlay-wrap\"><a href=\"https:\/\/www.galerie-metzger.de\/wp-content\/uploads\/2018\/01\/beate-kuhn-untiteld-um-1990-24x27x30-galerie-metzger-gallery-collect-plastik-sculpture-1090x727.jpg\" data-srcset=\"https:\/\/www.galerie-metzger.de\/wp-content\/uploads\/2018\/01\/beate-kuhn-untiteld-um-1990-24x27x30-galerie-metzger-gallery-collect-plastik-sculpture-1090x727.jpg 1090w, https:\/\/www.galerie-metzger.de\/wp-content\/uploads\/2018\/01\/beate-kuhn-untiteld-um-1990-24x27x30-galerie-metzger-gallery-collect-plastik-sculpture-690x460.jpg 690w, https:\/\/www.galerie-metzger.de\/wp-content\/uploads\/2018\/01\/beate-kuhn-untiteld-um-1990-24x27x30-galerie-metzger-gallery-collect-plastik-sculpture-768x512.jpg 768w, https:\/\/www.galerie-metzger.de\/wp-content\/uploads\/2018\/01\/beate-kuhn-untiteld-um-1990-24x27x30-galerie-metzger-gallery-collect-plastik-sculpture-1536x1024.jpg 1536w, https:\/\/www.galerie-metzger.de\/wp-content\/uploads\/2018\/01\/beate-kuhn-untiteld-um-1990-24x27x30-galerie-metzger-gallery-collect-plastik-sculpture-2048x1365.jpg 2048w, https:\/\/www.galerie-metzger.de\/wp-content\/uploads\/2018\/01\/beate-kuhn-untiteld-um-1990-24x27x30-galerie-metzger-gallery-collect-plastik-sculpture-1500x1000.jpg 1500w, https:\/\/www.galerie-metzger.de\/wp-content\/uploads\/2018\/01\/beate-kuhn-untiteld-um-1990-24x27x30-galerie-metzger-gallery-collect-plastik-sculpture-705x470.jpg 705w, https:\/\/www.galerie-metzger.de\/wp-content\/uploads\/2018\/01\/beate-kuhn-untiteld-um-1990-24x27x30-galerie-metzger-gallery-collect-plastik-sculpture-400x267.jpg 400w, https:\/\/www.galerie-metzger.de\/wp-content\/uploads\/2018\/01\/beate-kuhn-untiteld-um-1990-24x27x30-galerie-metzger-gallery-collect-plastik-sculpture-1600x1067.jpg 1600w, https:\/\/www.galerie-metzger.de\/wp-content\/uploads\/2018\/01\/beate-kuhn-untiteld-um-1990-24x27x30-galerie-metzger-gallery-collect-plastik-sculpture-300x200.jpg 300w, https:\/\/www.galerie-metzger.de\/wp-content\/uploads\/2018\/01\/beate-kuhn-untiteld-um-1990-24x27x30-galerie-metzger-gallery-collect-plastik-sculpture-900x600.jpg 900w, https:\/\/www.galerie-metzger.de\/wp-content\/uploads\/2018\/01\/beate-kuhn-untiteld-um-1990-24x27x30-galerie-metzger-gallery-collect-plastik-sculpture-450x300.jpg 450w\" data-sizes=\"(max-width: 1030px) 100vw, 1030px\" class='avia_image' ><div class=\"av-image-caption-overlay\"><div class=\"av-caption-image-overlay-bg\"><\/div><div class=\"av-image-caption-overlay-position\"><div class=\"av-image-caption-overlay-center\"><p>Beate Kuhn \u2013 ohne Titel \u2013\u00a0um 1980, 24x27x30 cm, Foto: Edi Baumann<\/p>\n<\/div><\/div><\/div><img decoding=\"async\" class='wp-image-3813 avia-img-lazy-loading-not-3813 avia_image ' src=\"https:\/\/www.galerie-metzger.de\/wp-content\/uploads\/2018\/01\/beate-kuhn-untiteld-um-1990-24x27x30-galerie-metzger-gallery-collect-plastik-sculpture-845x684.jpg\" alt='Beate-Kuhn-untitled-um 1990-24x27x30 cm' title='Beate-Kuhn-untitled-um 1990-24x27x30 cm'  height=\"684\" width=\"845\" srcset=\"https:\/\/www.galerie-metzger.de\/wp-content\/uploads\/2018\/01\/beate-kuhn-untiteld-um-1990-24x27x30-galerie-metzger-gallery-collect-plastik-sculpture-845x684.jpg 845w, https:\/\/www.galerie-metzger.de\/wp-content\/uploads\/2018\/01\/beate-kuhn-untiteld-um-1990-24x27x30-galerie-metzger-gallery-collect-plastik-sculpture-495x400.jpg 495w\" sizes=\"(max-width: 845px) 100vw, 845px\" \/><\/a><\/div><\/div><\/div><br \/>\n<section  class='av_textblock_section av-av_textblock-2df6986536148a6092118248b21c996c' ><div class='avia_textblock jo_werk_anfrage' ><p><a class=\"anfrage\" href=\"mailto:info@galerie-metzger.de?subject=Beate%20Kuhn%20Musik%202013\">Anfrage zum Werk<\/a><\/p>\n<\/div><\/section><\/p><\/div><div class='av-flex-placeholder'><\/div>\n<style type=\"text\/css\" data-created_by=\"avia_inline_auto\" id=\"style-css-av-tahj3z-3e6a95eeb548281cf1549fadf439675a\">\n.flex_column.av-tahj3z-3e6a95eeb548281cf1549fadf439675a{\n-webkit-border-radius:0px 0px 0px 0px;\n-moz-border-radius:0px 0px 0px 0px;\nborder-radius:0px 0px 0px 0px;\n}\n<\/style>\n<div class='flex_column av-tahj3z-3e6a95eeb548281cf1549fadf439675a av_one_third  avia-builder-el-191  el_after_av_two_third  avia-builder-el-last  jo_col_empty flex_column_table_cell av-equal-height-column av-align-top av-animated-generic fade-in av-zero-column-padding column-top-margin'     ><section  class='av_textblock_section av-2qhdmn-564d5a9e3e413954e3a7b502ea3a7e17' ><div class='avia_textblock' ><p>invisible placeholder<\/p>\n<\/div><\/section><\/div><\/div><!--close column table wrapper. Autoclose: 1 --><\/div><\/div><\/main><!-- close content main element --><\/div><\/div><div id='sub_menu1'  class='av-submenu-container av-58ujtr-020fba297cc1afa8ff85f782ddfede4f main_color  avia-builder-el-193  el_after_av_section  avia-builder-el-last  waypmenu submenu-not-first container_wrap fullsize' style='z-index:301' ><div class='container av-menu-mobile-disabled av-submenu-pos-center'><ul id=\"menu-hauptmenue-deutsch\" class=\"av-subnav-menu\"><li role=\"menuitem\" id=\"menu-item-2815\" class=\"mobile menu-item menu-item-type-post_type menu-item-object-page menu-item-top-level menu-item-top-level-1\"><a href=\"https:\/\/www.galerie-metzger.de\/de\/artists\/\" tabindex=\"0\"><span class=\"avia-bullet\"><\/span><span class=\"avia-menu-text\">K\u00fcnstler<\/span><span class=\"avia-menu-fx\"><span class=\"avia-arrow-wrap\"><span class=\"avia-arrow\"><\/span><\/span><\/span><\/a><\/li>\n<li role=\"menuitem\" id=\"menu-item-2818\" class=\"mobile menu-item menu-item-type-post_type menu-item-object-page menu-item-top-level menu-item-top-level-2\"><a href=\"https:\/\/www.galerie-metzger.de\/de\/expo\/\" tabindex=\"0\"><span class=\"avia-bullet\"><\/span><span class=\"avia-menu-text\">Ausstellungen<\/span><span class=\"avia-menu-fx\"><span class=\"avia-arrow-wrap\"><span class=\"avia-arrow\"><\/span><\/span><\/span><\/a><\/li>\n<li role=\"menuitem\" id=\"menu-item-2796\" class=\"mobile menu-item menu-item-type-post_type menu-item-object-page menu-item-top-level menu-item-top-level-3\"><a href=\"https:\/\/www.galerie-metzger.de\/de\/sales\/\" tabindex=\"0\"><span class=\"avia-bullet\"><\/span><span class=\"avia-menu-text\">Verkauf<\/span><span class=\"avia-menu-fx\"><span class=\"avia-arrow-wrap\"><span class=\"avia-arrow\"><\/span><\/span><\/span><\/a><\/li>\n<li role=\"menuitem\" id=\"menu-item-12309\" class=\"mobile menu-item menu-item-type-post_type menu-item-object-post menu-item-top-level menu-item-top-level-4\"><a href=\"https:\/\/www.galerie-metzger.de\/de\/studio-ceramics\/studiokeramik\/\" tabindex=\"0\"><span class=\"avia-bullet\"><\/span><span class=\"avia-menu-text\">Studiokeramik<\/span><span class=\"avia-menu-fx\"><span class=\"avia-arrow-wrap\"><span class=\"avia-arrow\"><\/span><\/span><\/span><\/a><\/li>\n<li role=\"menuitem\" id=\"menu-item-10694\" class=\"menu-item menu-item-type-post_type menu-item-object-page menu-item-top-level menu-item-top-level-5\"><a href=\"https:\/\/www.galerie-metzger.de\/de\/keramik-marken-stempel-signaturen\/\" tabindex=\"0\"><span class=\"avia-bullet\"><\/span><span class=\"avia-menu-text\">Signaturen<\/span><span class=\"avia-menu-fx\"><span class=\"avia-arrow-wrap\"><span class=\"avia-arrow\"><\/span><\/span><\/span><\/a><\/li>\n<li role=\"menuitem\" id=\"menu-item-3559\" class=\"mobile menu-item menu-item-type-post_type menu-item-object-page menu-item-top-level menu-item-top-level-6\"><a href=\"https:\/\/www.galerie-metzger.de\/de\/gallery\/\" tabindex=\"0\"><span class=\"avia-bullet\"><\/span><span class=\"avia-menu-text\">die Galerie<\/span><span class=\"avia-menu-fx\"><span class=\"avia-arrow-wrap\"><span class=\"avia-arrow\"><\/span><\/span><\/span><\/a><\/li>\n<li role=\"menuitem\" id=\"menu-item-2715\" class=\"mobile menu-item menu-item-type-post_type menu-item-object-page menu-item-top-level menu-item-top-level-7\"><a href=\"https:\/\/www.galerie-metzger.de\/de\/contact\/\" tabindex=\"0\"><span class=\"avia-bullet\"><\/span><span class=\"avia-menu-text\">Kontakt<\/span><span class=\"avia-menu-fx\"><span class=\"avia-arrow-wrap\"><span class=\"avia-arrow\"><\/span><\/span><\/span><\/a><\/li>\n<li role=\"menuitem\" id=\"menu-item-5932\" class=\"mobile menu-item menu-item-type-custom menu-item-object-custom menu-item-top-level menu-item-top-level-8\"><a href=\"https:\/\/www.galerie-metzger.de\/de\/contact\/#site-notice\" tabindex=\"0\"><span class=\"avia-bullet\"><\/span><span class=\"avia-menu-text\">Impressum<\/span><span class=\"avia-menu-fx\"><span class=\"avia-arrow-wrap\"><span class=\"avia-arrow\"><\/span><\/span><\/span><\/a><\/li>\n<li role=\"menuitem\" id=\"menu-item-5933\" class=\"mobile menu-item menu-item-type-custom menu-item-object-custom menu-item-top-level menu-item-top-level-9\"><a href=\"https:\/\/www.galerie-metzger.de\/de\/contact\/#data\" tabindex=\"0\"><span class=\"avia-bullet\"><\/span><span class=\"avia-menu-text\">Datenschutz<\/span><span class=\"avia-menu-fx\"><span class=\"avia-arrow-wrap\"><span class=\"avia-arrow\"><\/span><\/span><\/span><\/a><\/li>\n<li role=\"menuitem\" id=\"menu-item-2994\" class=\"mobile menu-item menu-item-type-post_type menu-item-object-page menu-item-top-level menu-item-top-level-10\"><a href=\"https:\/\/www.galerie-metzger.de\/de\/links\/\" tabindex=\"0\"><span class=\"avia-bullet\"><\/span><span class=\"avia-menu-text\">Links<\/span><span class=\"avia-menu-fx\"><span class=\"avia-arrow-wrap\"><span class=\"avia-arrow\"><\/span><\/span><\/span><\/a><\/li>\n<li role=\"menuitem\" id=\"menu-item-1070\" class=\"bottom nomob menu_inv menu-item menu-item-type-custom menu-item-object-custom menu-item-top-level menu-item-top-level-11\"><a href=\"#footer\" tabindex=\"0\"><span class=\"avia-bullet\"><\/span><span class=\"avia-menu-text\">+Info<\/span><span class=\"avia-menu-fx\"><span class=\"avia-arrow-wrap\"><span class=\"avia-arrow\"><\/span><\/span><\/span><\/a><\/li>\n<li role=\"menuitem\" id=\"menu-item-1807\" class=\"menu_inv mobile address menu-item menu-item-type-custom menu-item-object-custom menu-item-top-level menu-item-top-level-12\"><a href=\"#\" tabindex=\"0\"><span class=\"avia-bullet\"><\/span><span class=\"avia-menu-text\"><p class=\"mob_menu dist top\">GALERIE <span class=\"bold\">METZGER<\/span><\/p> <p class=\"mob_menu\">Angelika Metzger<\/p> <p class=\"mob_menu\">Hauptstr. 18<\/p> <p class=\"mob_menu\">63867 Johannesberg<\/p> <p class=\"mob_menu phone\"><a href=\"tel:00496021460224\">+49 (0)6021 460224<\/a><\/p> <p class=\"mob_menu mail\"><a href=\"mailto:info@galerie-metzger.de\">info@galerie-metzger.de<\/a><\/p><\/span><span class=\"avia-menu-fx\"><span class=\"avia-arrow-wrap\"><span class=\"avia-arrow\"><\/span><\/span><\/span><\/a><\/li>\n<li role=\"menuitem\" id=\"menu-item-wpml-ls-17-de\" class=\"menu-item-language menu-item-language-current menu-item wpml-ls-slot-17 wpml-ls-item wpml-ls-item-de wpml-ls-current-language wpml-ls-menu-item wpml-ls-first-item menu-item-type-wpml_ls_menu_item menu-item-object-wpml_ls_menu_item menu-item-top-level menu-item-top-level-13\"><a href=\"https:\/\/www.galerie-metzger.de\/de\/\" tabindex=\"0\"><span class=\"avia-bullet\"><\/span><span class=\"avia-menu-text\"><span class=\"wpml-ls-native\" lang=\"de\">Deutsch<\/span><\/span><span class=\"avia-menu-fx\"><span class=\"avia-arrow-wrap\"><span class=\"avia-arrow\"><\/span><\/span><\/span><\/a><\/li>\n<li role=\"menuitem\" id=\"menu-item-wpml-ls-17-en\" class=\"menu-item-language menu-item wpml-ls-slot-17 wpml-ls-item wpml-ls-item-en wpml-ls-menu-item wpml-ls-last-item menu-item-type-wpml_ls_menu_item menu-item-object-wpml_ls_menu_item menu-item-top-level menu-item-top-level-14\"><a title=\"Zu English wechseln\" href=\"https:\/\/www.galerie-metzger.de\/en\/\" tabindex=\"0\"><span class=\"avia-bullet\"><\/span><span class=\"avia-menu-text\"><span class=\"wpml-ls-native\" lang=\"en\">English<\/span><\/span><span class=\"avia-menu-fx\"><span class=\"avia-arrow-wrap\"><span class=\"avia-arrow\"><\/span><\/span><\/span><\/a><\/li>\n<\/ul><\/div><\/div><\/p>\n","protected":false},"excerpt":{"rendered":"<p><span class=\"event_date_preview\">15.03.2020 \u2013 31.05.2020<\/span><br \/>\nBeate Kuhn \u2013 als Mensch und als K\u00fcnstler eine singul\u00e4re Erscheinung&#8230;<\/p>\n","protected":false},"author":3,"featured_media":7819,"comment_status":"closed","ping_status":"closed","sticky":false,"template":"","format":"standard","meta":{"_lmt_disableupdate":"no","_lmt_disable":"","footnotes":""},"categories":[65,69],"tags":[],"class_list":["post-7717","post","type-post","status-publish","format-standard","has-post-thumbnail","hentry","category-expo","category-expo_past"],"yoast_head":"<!-- This site is optimized with the Yoast SEO plugin v26.8 - https:\/\/yoast.com\/product\/yoast-seo-wordpress\/ -->\n<title>Beate Kuhn \u2013 Keramik und Plastik in der Galerie Metzger<\/title>\n<meta name=\"description\" content=\"Wiederholung und Variation \u2013 neben dem Moment der Innovation sind sie die grundlegenden Prinzipien der K\u00fcnste, von der Tradition bis zur Avantgarde. Dass die deutsche Keramikerin Beate Kuhn immer wieder auf die Neue Musik des 20sten Jahrhunderts als Einfluss verwies, ist nicht einfach Marotte der K\u00fcnstlerin gewesen \u2026\u00a0\" \/>\n<meta name=\"robots\" content=\"index, follow, max-snippet:-1, max-image-preview:large, max-video-preview:-1\" \/>\n<link rel=\"canonical\" href=\"https:\/\/www.galerie-metzger.de\/de\/expo\/beate-kuhn-2020\/\" \/>\n<meta property=\"og:locale\" content=\"de_DE\" \/>\n<meta property=\"og:type\" content=\"article\" \/>\n<meta property=\"og:title\" content=\"Beate Kuhn \u2013 Keramik und Plastik in der Galerie Metzger\" \/>\n<meta property=\"og:description\" content=\"Wiederholung und Variation \u2013 neben dem Moment der Innovation sind sie die grundlegenden Prinzipien der K\u00fcnste, von der Tradition bis zur Avantgarde. Dass die deutsche Keramikerin Beate Kuhn immer wieder auf die Neue Musik des 20sten Jahrhunderts als Einfluss verwies, ist nicht einfach Marotte der K\u00fcnstlerin gewesen \u2026\u00a0\" \/>\n<meta property=\"og:url\" content=\"https:\/\/www.galerie-metzger.de\/de\/expo\/beate-kuhn-2020\/\" \/>\n<meta property=\"og:site_name\" content=\"GALERIE METZGER\" \/>\n<meta property=\"article:published_time\" content=\"2019-09-27T16:35:20+00:00\" \/>\n<meta property=\"article:modified_time\" content=\"2022-05-24T08:24:36+00:00\" \/>\n<meta property=\"og:image\" content=\"https:\/\/www.galerie-metzger.de\/wp-content\/uploads\/2019\/12\/Kuhn-Beate-Katze-um-1960-32x16x17cm-galerie-metzger-ceramic-art-object-deutsche-studio-keramik-sculpture-1090x727.jpg\" \/>\n\t<meta property=\"og:image:width\" content=\"1090\" \/>\n\t<meta property=\"og:image:height\" content=\"727\" \/>\n\t<meta property=\"og:image:type\" content=\"image\/jpeg\" \/>\n<meta name=\"author\" content=\"Jochen Hilmer\" \/>\n<meta name=\"twitter:card\" content=\"summary_large_image\" \/>\n<meta name=\"twitter:label1\" content=\"Verfasst von\" \/>\n\t<meta name=\"twitter:data1\" content=\"Jochen Hilmer\" \/>\n\t<meta name=\"twitter:label2\" content=\"Gesch\u00e4tzte Lesezeit\" \/>\n\t<meta name=\"twitter:data2\" content=\"57\u00a0Minuten\" \/>\n<script type=\"application\/ld+json\" class=\"yoast-schema-graph\">{\"@context\":\"https:\/\/schema.org\",\"@graph\":[{\"@type\":\"Article\",\"@id\":\"https:\/\/www.galerie-metzger.de\/de\/expo\/beate-kuhn-2020\/#article\",\"isPartOf\":{\"@id\":\"https:\/\/www.galerie-metzger.de\/de\/expo\/beate-kuhn-2020\/\"},\"author\":{\"name\":\"Jochen Hilmer\",\"@id\":\"https:\/\/www.galerie-metzger.de\/de\/#\/schema\/person\/739b84f16bd18ee4644ff618a78ce452\"},\"headline\":\"Beate Kuhn\",\"datePublished\":\"2019-09-27T16:35:20+00:00\",\"dateModified\":\"2022-05-24T08:24:36+00:00\",\"mainEntityOfPage\":{\"@id\":\"https:\/\/www.galerie-metzger.de\/de\/expo\/beate-kuhn-2020\/\"},\"wordCount\":9610,\"publisher\":{\"@id\":\"https:\/\/www.galerie-metzger.de\/de\/#organization\"},\"image\":{\"@id\":\"https:\/\/www.galerie-metzger.de\/de\/expo\/beate-kuhn-2020\/#primaryimage\"},\"thumbnailUrl\":\"https:\/\/www.galerie-metzger.de\/wp-content\/uploads\/2019\/12\/Kuhn-Beate-Katze-um-1960-32x16x17cm-galerie-metzger-ceramic-art-object-deutsche-studio-keramik-sculpture-scaled.jpg\",\"articleSection\":[\"expo\",\"expo_past\"],\"inLanguage\":\"de\"},{\"@type\":\"WebPage\",\"@id\":\"https:\/\/www.galerie-metzger.de\/de\/expo\/beate-kuhn-2020\/\",\"url\":\"https:\/\/www.galerie-metzger.de\/de\/expo\/beate-kuhn-2020\/\",\"name\":\"Beate Kuhn \u2013 Keramik und Plastik in der Galerie Metzger\",\"isPartOf\":{\"@id\":\"https:\/\/www.galerie-metzger.de\/de\/#website\"},\"primaryImageOfPage\":{\"@id\":\"https:\/\/www.galerie-metzger.de\/de\/expo\/beate-kuhn-2020\/#primaryimage\"},\"image\":{\"@id\":\"https:\/\/www.galerie-metzger.de\/de\/expo\/beate-kuhn-2020\/#primaryimage\"},\"thumbnailUrl\":\"https:\/\/www.galerie-metzger.de\/wp-content\/uploads\/2019\/12\/Kuhn-Beate-Katze-um-1960-32x16x17cm-galerie-metzger-ceramic-art-object-deutsche-studio-keramik-sculpture-scaled.jpg\",\"datePublished\":\"2019-09-27T16:35:20+00:00\",\"dateModified\":\"2022-05-24T08:24:36+00:00\",\"description\":\"Wiederholung und Variation \u2013 neben dem Moment der Innovation sind sie die grundlegenden Prinzipien der K\u00fcnste, von der Tradition bis zur Avantgarde. Dass die deutsche Keramikerin Beate Kuhn immer wieder auf die Neue Musik des 20sten Jahrhunderts als Einfluss verwies, ist nicht einfach Marotte der K\u00fcnstlerin gewesen \u2026\u00a0\",\"breadcrumb\":{\"@id\":\"https:\/\/www.galerie-metzger.de\/de\/expo\/beate-kuhn-2020\/#breadcrumb\"},\"inLanguage\":\"de\",\"potentialAction\":[{\"@type\":\"ReadAction\",\"target\":[\"https:\/\/www.galerie-metzger.de\/de\/expo\/beate-kuhn-2020\/\"]}]},{\"@type\":\"ImageObject\",\"inLanguage\":\"de\",\"@id\":\"https:\/\/www.galerie-metzger.de\/de\/expo\/beate-kuhn-2020\/#primaryimage\",\"url\":\"https:\/\/www.galerie-metzger.de\/wp-content\/uploads\/2019\/12\/Kuhn-Beate-Katze-um-1960-32x16x17cm-galerie-metzger-ceramic-art-object-deutsche-studio-keramik-sculpture-scaled.jpg\",\"contentUrl\":\"https:\/\/www.galerie-metzger.de\/wp-content\/uploads\/2019\/12\/Kuhn-Beate-Katze-um-1960-32x16x17cm-galerie-metzger-ceramic-art-object-deutsche-studio-keramik-sculpture-scaled.jpg\",\"width\":2560,\"height\":1707,\"caption\":\"Kuhn Beate - Katze um 1960, 32x16x17cm-galerie metzger ceramic art object deutsche studio keramik sculpture\"},{\"@type\":\"BreadcrumbList\",\"@id\":\"https:\/\/www.galerie-metzger.de\/de\/expo\/beate-kuhn-2020\/#breadcrumb\",\"itemListElement\":[{\"@type\":\"ListItem\",\"position\":1,\"name\":\"Startseite\",\"item\":\"https:\/\/www.galerie-metzger.de\/de\/start-20260213-de\/\"},{\"@type\":\"ListItem\",\"position\":2,\"name\":\"Beate Kuhn\"}]},{\"@type\":\"WebSite\",\"@id\":\"https:\/\/www.galerie-metzger.de\/de\/#website\",\"url\":\"https:\/\/www.galerie-metzger.de\/de\/\",\"name\":\"GALERIE METZGER\",\"description\":\"Keramik \u2013\u00a0Plastik \u2013\u00a0Kunst\",\"publisher\":{\"@id\":\"https:\/\/www.galerie-metzger.de\/de\/#organization\"},\"potentialAction\":[{\"@type\":\"SearchAction\",\"target\":{\"@type\":\"EntryPoint\",\"urlTemplate\":\"https:\/\/www.galerie-metzger.de\/de\/?s={search_term_string}\"},\"query-input\":{\"@type\":\"PropertyValueSpecification\",\"valueRequired\":true,\"valueName\":\"search_term_string\"}}],\"inLanguage\":\"de\"},{\"@type\":\"Organization\",\"@id\":\"https:\/\/www.galerie-metzger.de\/de\/#organization\",\"name\":\"GALERIE METZGER\",\"url\":\"https:\/\/www.galerie-metzger.de\/de\/\",\"logo\":{\"@type\":\"ImageObject\",\"inLanguage\":\"de\",\"@id\":\"https:\/\/www.galerie-metzger.de\/de\/#\/schema\/logo\/image\/\",\"url\":\"https:\/\/www.galerie-metzger.de\/wp-content\/uploads\/2018\/01\/galerie-metzger_logo_2018.png\",\"contentUrl\":\"https:\/\/www.galerie-metzger.de\/wp-content\/uploads\/2018\/01\/galerie-metzger_logo_2018.png\",\"width\":740,\"height\":340,\"caption\":\"GALERIE METZGER\"},\"image\":{\"@id\":\"https:\/\/www.galerie-metzger.de\/de\/#\/schema\/logo\/image\/\"}},{\"@type\":\"Person\",\"@id\":\"https:\/\/www.galerie-metzger.de\/de\/#\/schema\/person\/739b84f16bd18ee4644ff618a78ce452\",\"name\":\"Jochen Hilmer\",\"image\":{\"@type\":\"ImageObject\",\"inLanguage\":\"de\",\"@id\":\"https:\/\/www.galerie-metzger.de\/de\/#\/schema\/person\/image\/\",\"url\":\"https:\/\/secure.gravatar.com\/avatar\/ea765b289be44c807adb05f6b85400d488b8754d48419fddca400246400a0bc7?s=96&d=mm&r=g\",\"contentUrl\":\"https:\/\/secure.gravatar.com\/avatar\/ea765b289be44c807adb05f6b85400d488b8754d48419fddca400246400a0bc7?s=96&d=mm&r=g\",\"caption\":\"Jochen Hilmer\"}}]}<\/script>\n<!-- \/ Yoast SEO plugin. -->","yoast_head_json":{"title":"Beate Kuhn \u2013 Keramik und Plastik in der Galerie Metzger","description":"Wiederholung und Variation \u2013 neben dem Moment der Innovation sind sie die grundlegenden Prinzipien der K\u00fcnste, von der Tradition bis zur Avantgarde. Dass die deutsche Keramikerin Beate Kuhn immer wieder auf die Neue Musik des 20sten Jahrhunderts als Einfluss verwies, ist nicht einfach Marotte der K\u00fcnstlerin gewesen \u2026\u00a0","robots":{"index":"index","follow":"follow","max-snippet":"max-snippet:-1","max-image-preview":"max-image-preview:large","max-video-preview":"max-video-preview:-1"},"canonical":"https:\/\/www.galerie-metzger.de\/de\/expo\/beate-kuhn-2020\/","og_locale":"de_DE","og_type":"article","og_title":"Beate Kuhn \u2013 Keramik und Plastik in der Galerie Metzger","og_description":"Wiederholung und Variation \u2013 neben dem Moment der Innovation sind sie die grundlegenden Prinzipien der K\u00fcnste, von der Tradition bis zur Avantgarde. Dass die deutsche Keramikerin Beate Kuhn immer wieder auf die Neue Musik des 20sten Jahrhunderts als Einfluss verwies, ist nicht einfach Marotte der K\u00fcnstlerin gewesen \u2026\u00a0","og_url":"https:\/\/www.galerie-metzger.de\/de\/expo\/beate-kuhn-2020\/","og_site_name":"GALERIE METZGER","article_published_time":"2019-09-27T16:35:20+00:00","article_modified_time":"2022-05-24T08:24:36+00:00","og_image":[{"width":1090,"height":727,"url":"https:\/\/www.galerie-metzger.de\/wp-content\/uploads\/2019\/12\/Kuhn-Beate-Katze-um-1960-32x16x17cm-galerie-metzger-ceramic-art-object-deutsche-studio-keramik-sculpture-1090x727.jpg","type":"image\/jpeg"}],"author":"Jochen Hilmer","twitter_card":"summary_large_image","twitter_misc":{"Verfasst von":"Jochen Hilmer","Gesch\u00e4tzte Lesezeit":"57\u00a0Minuten"},"schema":{"@context":"https:\/\/schema.org","@graph":[{"@type":"Article","@id":"https:\/\/www.galerie-metzger.de\/de\/expo\/beate-kuhn-2020\/#article","isPartOf":{"@id":"https:\/\/www.galerie-metzger.de\/de\/expo\/beate-kuhn-2020\/"},"author":{"name":"Jochen Hilmer","@id":"https:\/\/www.galerie-metzger.de\/de\/#\/schema\/person\/739b84f16bd18ee4644ff618a78ce452"},"headline":"Beate Kuhn","datePublished":"2019-09-27T16:35:20+00:00","dateModified":"2022-05-24T08:24:36+00:00","mainEntityOfPage":{"@id":"https:\/\/www.galerie-metzger.de\/de\/expo\/beate-kuhn-2020\/"},"wordCount":9610,"publisher":{"@id":"https:\/\/www.galerie-metzger.de\/de\/#organization"},"image":{"@id":"https:\/\/www.galerie-metzger.de\/de\/expo\/beate-kuhn-2020\/#primaryimage"},"thumbnailUrl":"https:\/\/www.galerie-metzger.de\/wp-content\/uploads\/2019\/12\/Kuhn-Beate-Katze-um-1960-32x16x17cm-galerie-metzger-ceramic-art-object-deutsche-studio-keramik-sculpture-scaled.jpg","articleSection":["expo","expo_past"],"inLanguage":"de"},{"@type":"WebPage","@id":"https:\/\/www.galerie-metzger.de\/de\/expo\/beate-kuhn-2020\/","url":"https:\/\/www.galerie-metzger.de\/de\/expo\/beate-kuhn-2020\/","name":"Beate Kuhn \u2013 Keramik und Plastik in der Galerie Metzger","isPartOf":{"@id":"https:\/\/www.galerie-metzger.de\/de\/#website"},"primaryImageOfPage":{"@id":"https:\/\/www.galerie-metzger.de\/de\/expo\/beate-kuhn-2020\/#primaryimage"},"image":{"@id":"https:\/\/www.galerie-metzger.de\/de\/expo\/beate-kuhn-2020\/#primaryimage"},"thumbnailUrl":"https:\/\/www.galerie-metzger.de\/wp-content\/uploads\/2019\/12\/Kuhn-Beate-Katze-um-1960-32x16x17cm-galerie-metzger-ceramic-art-object-deutsche-studio-keramik-sculpture-scaled.jpg","datePublished":"2019-09-27T16:35:20+00:00","dateModified":"2022-05-24T08:24:36+00:00","description":"Wiederholung und Variation \u2013 neben dem Moment der Innovation sind sie die grundlegenden Prinzipien der K\u00fcnste, von der Tradition bis zur Avantgarde. Dass die deutsche Keramikerin Beate Kuhn immer wieder auf die Neue Musik des 20sten Jahrhunderts als Einfluss verwies, ist nicht einfach Marotte der K\u00fcnstlerin gewesen \u2026\u00a0","breadcrumb":{"@id":"https:\/\/www.galerie-metzger.de\/de\/expo\/beate-kuhn-2020\/#breadcrumb"},"inLanguage":"de","potentialAction":[{"@type":"ReadAction","target":["https:\/\/www.galerie-metzger.de\/de\/expo\/beate-kuhn-2020\/"]}]},{"@type":"ImageObject","inLanguage":"de","@id":"https:\/\/www.galerie-metzger.de\/de\/expo\/beate-kuhn-2020\/#primaryimage","url":"https:\/\/www.galerie-metzger.de\/wp-content\/uploads\/2019\/12\/Kuhn-Beate-Katze-um-1960-32x16x17cm-galerie-metzger-ceramic-art-object-deutsche-studio-keramik-sculpture-scaled.jpg","contentUrl":"https:\/\/www.galerie-metzger.de\/wp-content\/uploads\/2019\/12\/Kuhn-Beate-Katze-um-1960-32x16x17cm-galerie-metzger-ceramic-art-object-deutsche-studio-keramik-sculpture-scaled.jpg","width":2560,"height":1707,"caption":"Kuhn Beate - Katze um 1960, 32x16x17cm-galerie metzger ceramic art object deutsche studio keramik sculpture"},{"@type":"BreadcrumbList","@id":"https:\/\/www.galerie-metzger.de\/de\/expo\/beate-kuhn-2020\/#breadcrumb","itemListElement":[{"@type":"ListItem","position":1,"name":"Startseite","item":"https:\/\/www.galerie-metzger.de\/de\/start-20260213-de\/"},{"@type":"ListItem","position":2,"name":"Beate Kuhn"}]},{"@type":"WebSite","@id":"https:\/\/www.galerie-metzger.de\/de\/#website","url":"https:\/\/www.galerie-metzger.de\/de\/","name":"GALERIE METZGER","description":"Keramik \u2013\u00a0Plastik \u2013\u00a0Kunst","publisher":{"@id":"https:\/\/www.galerie-metzger.de\/de\/#organization"},"potentialAction":[{"@type":"SearchAction","target":{"@type":"EntryPoint","urlTemplate":"https:\/\/www.galerie-metzger.de\/de\/?s={search_term_string}"},"query-input":{"@type":"PropertyValueSpecification","valueRequired":true,"valueName":"search_term_string"}}],"inLanguage":"de"},{"@type":"Organization","@id":"https:\/\/www.galerie-metzger.de\/de\/#organization","name":"GALERIE METZGER","url":"https:\/\/www.galerie-metzger.de\/de\/","logo":{"@type":"ImageObject","inLanguage":"de","@id":"https:\/\/www.galerie-metzger.de\/de\/#\/schema\/logo\/image\/","url":"https:\/\/www.galerie-metzger.de\/wp-content\/uploads\/2018\/01\/galerie-metzger_logo_2018.png","contentUrl":"https:\/\/www.galerie-metzger.de\/wp-content\/uploads\/2018\/01\/galerie-metzger_logo_2018.png","width":740,"height":340,"caption":"GALERIE METZGER"},"image":{"@id":"https:\/\/www.galerie-metzger.de\/de\/#\/schema\/logo\/image\/"}},{"@type":"Person","@id":"https:\/\/www.galerie-metzger.de\/de\/#\/schema\/person\/739b84f16bd18ee4644ff618a78ce452","name":"Jochen Hilmer","image":{"@type":"ImageObject","inLanguage":"de","@id":"https:\/\/www.galerie-metzger.de\/de\/#\/schema\/person\/image\/","url":"https:\/\/secure.gravatar.com\/avatar\/ea765b289be44c807adb05f6b85400d488b8754d48419fddca400246400a0bc7?s=96&d=mm&r=g","contentUrl":"https:\/\/secure.gravatar.com\/avatar\/ea765b289be44c807adb05f6b85400d488b8754d48419fddca400246400a0bc7?s=96&d=mm&r=g","caption":"Jochen Hilmer"}}]}},"modified_by":"Angelika Metzger","_links":{"self":[{"href":"https:\/\/www.galerie-metzger.de\/de\/wp-json\/wp\/v2\/posts\/7717","targetHints":{"allow":["GET"]}}],"collection":[{"href":"https:\/\/www.galerie-metzger.de\/de\/wp-json\/wp\/v2\/posts"}],"about":[{"href":"https:\/\/www.galerie-metzger.de\/de\/wp-json\/wp\/v2\/types\/post"}],"author":[{"embeddable":true,"href":"https:\/\/www.galerie-metzger.de\/de\/wp-json\/wp\/v2\/users\/3"}],"replies":[{"embeddable":true,"href":"https:\/\/www.galerie-metzger.de\/de\/wp-json\/wp\/v2\/comments?post=7717"}],"version-history":[{"count":0,"href":"https:\/\/www.galerie-metzger.de\/de\/wp-json\/wp\/v2\/posts\/7717\/revisions"}],"wp:featuredmedia":[{"embeddable":true,"href":"https:\/\/www.galerie-metzger.de\/de\/wp-json\/wp\/v2\/media\/7819"}],"wp:attachment":[{"href":"https:\/\/www.galerie-metzger.de\/de\/wp-json\/wp\/v2\/media?parent=7717"}],"wp:term":[{"taxonomy":"category","embeddable":true,"href":"https:\/\/www.galerie-metzger.de\/de\/wp-json\/wp\/v2\/categories?post=7717"},{"taxonomy":"post_tag","embeddable":true,"href":"https:\/\/www.galerie-metzger.de\/de\/wp-json\/wp\/v2\/tags?post=7717"}],"curies":[{"name":"wp","href":"https:\/\/api.w.org\/{rel}","templated":true}]}}