{"id":5797,"date":"2018-05-04T12:33:46","date_gmt":"2018-05-04T10:33:46","guid":{"rendered":"https:\/\/www.galerie-metzger.de\/?p=5797"},"modified":"2019-05-14T16:39:19","modified_gmt":"2019-05-14T14:39:19","slug":"gila-stolzenfuss-und-sue-paraskeva","status":"publish","type":"post","link":"https:\/\/www.galerie-metzger.de\/de\/expo\/gila-stolzenfuss-und-sue-paraskeva\/","title":{"rendered":"Gila Stolzenfu\u00df und Sue Paraskeva"},"content":{"rendered":"<div id='topp'  class='avia-section av-av_section-0b933519e6bebca09d26a36c5c7f8c22 main_color avia-section-no-padding avia-no-border-styling  avia-builder-el-0  el_before_av_submenu  avia-builder-el-first  avia-bg-style-scroll container_wrap fullsize'  ><div class='container av-section-cont-open' ><main  class='template-page content  av-content-full alpha units'><div class='post-entry post-entry-type-page post-entry-5797'><div class='entry-content-wrapper clearfix'>\n\n<style type=\"text\/css\" data-created_by=\"avia_inline_auto\" id=\"style-css-av-av_one_full-9a6e6af0d17e525cf5301defaf4317f9\">\n.flex_column.av-av_one_full-9a6e6af0d17e525cf5301defaf4317f9{\n-webkit-border-radius:0px 0px 0px 0px;\n-moz-border-radius:0px 0px 0px 0px;\nborder-radius:0px 0px 0px 0px;\n}\n<\/style>\n<div class='flex_column av-av_one_full-9a6e6af0d17e525cf5301defaf4317f9 av_one_full  avia-builder-el-1  el_before_av_two_third  avia-builder-el-first  jo_col_page_title first no_margin flex_column_div av-animated-generic fade-in av-zero-column-padding '     ><style type=\"text\/css\" data-created_by=\"avia_inline_auto\" id=\"style-css-av-av_heading-0fe8850e91b5c28a90b81d8074ca1b31\">\n#top .av-special-heading.av-av_heading-0fe8850e91b5c28a90b81d8074ca1b31{\npadding-bottom:0px;\n}\nbody .av-special-heading.av-av_heading-0fe8850e91b5c28a90b81d8074ca1b31 .av-special-heading-tag .heading-char{\nfont-size:25px;\n}\n.av-special-heading.av-av_heading-0fe8850e91b5c28a90b81d8074ca1b31 .av-subheading{\nfont-size:15px;\n}\n<\/style>\n<div  class='av-special-heading av-av_heading-0fe8850e91b5c28a90b81d8074ca1b31 av-special-heading-h2 blockquote modern-quote  avia-builder-el-2  avia-builder-el-no-sibling  jo_special_heading portfo one'><h2 class='av-special-heading-tag'  >Gila Stolzenfu\u00df und Sue Paraskeva<\/h2><div class=\"special-heading-border\"><div class=\"special-heading-inner-border\"><\/div><\/div><\/div><\/div>\n<style type=\"text\/css\" data-created_by=\"avia_inline_auto\" id=\"style-css-av-av_two_third-2b82b6cf20a02dc04dbd7fd3d1fdd3a4\">\n.flex_column.av-av_two_third-2b82b6cf20a02dc04dbd7fd3d1fdd3a4{\n-webkit-border-radius:0px 0px 0px 0px;\n-moz-border-radius:0px 0px 0px 0px;\nborder-radius:0px 0px 0px 0px;\n}\n<\/style>\n<div class='flex_column av-av_two_third-2b82b6cf20a02dc04dbd7fd3d1fdd3a4 av_two_third  avia-builder-el-3  el_after_av_one_full  el_before_av_one_third  jo_pf_bild_bg start first flex_column_div av-animated-generic fade-in av-zero-column-padding column-top-margin'     ><p>\n<style type=\"text\/css\" data-created_by=\"avia_inline_auto\" id=\"style-css-av-av_image-67dfbb4c61fc425af32d0aaaa6c9a380\">\n.avia-image-container.av-av_image-67dfbb4c61fc425af32d0aaaa6c9a380 img.avia_image{\nbox-shadow:none;\n}\n.avia-image-container.av-av_image-67dfbb4c61fc425af32d0aaaa6c9a380 .av-caption-image-overlay-bg{\nopacity:0.4;\n}\n<\/style>\n<div  class='avia-image-container av-av_image-67dfbb4c61fc425af32d0aaaa6c9a380 av-styling-no-styling avia_animated_image av-animated-when-visible-95 fade-in avia-align-left  avia-builder-el-4  el_before_av_textblock  avia-builder-el-first  jo_pf_bild noHover av-overlay-hover-deactivate'  ><div class=\"avia-image-container-inner\"><div class=\"avia-image-overlay-wrap\"><a href=\"https:\/\/www.galerie-metzger.de\/wp-content\/uploads\/2018\/04\/sue-paraskeva-planets-galerie-metzger-gallery-sculpture-art-prozellan-1090x727.jpg\" data-srcset=\"https:\/\/www.galerie-metzger.de\/wp-content\/uploads\/2018\/04\/sue-paraskeva-planets-galerie-metzger-gallery-sculpture-art-prozellan-1090x727.jpg 1090w, https:\/\/www.galerie-metzger.de\/wp-content\/uploads\/2018\/04\/sue-paraskeva-planets-galerie-metzger-gallery-sculpture-art-prozellan-690x460.jpg 690w, https:\/\/www.galerie-metzger.de\/wp-content\/uploads\/2018\/04\/sue-paraskeva-planets-galerie-metzger-gallery-sculpture-art-prozellan-1536x1024.jpg 1536w, https:\/\/www.galerie-metzger.de\/wp-content\/uploads\/2018\/04\/sue-paraskeva-planets-galerie-metzger-gallery-sculpture-art-prozellan-2048x1365.jpg 2048w, https:\/\/www.galerie-metzger.de\/wp-content\/uploads\/2018\/04\/sue-paraskeva-planets-galerie-metzger-gallery-sculpture-art-prozellan-1500x1000.jpg 1500w, https:\/\/www.galerie-metzger.de\/wp-content\/uploads\/2018\/04\/sue-paraskeva-planets-galerie-metzger-gallery-sculpture-art-prozellan-705x470.jpg 705w, https:\/\/www.galerie-metzger.de\/wp-content\/uploads\/2018\/04\/sue-paraskeva-planets-galerie-metzger-gallery-sculpture-art-prozellan-400x267.jpg 400w, https:\/\/www.galerie-metzger.de\/wp-content\/uploads\/2018\/04\/sue-paraskeva-planets-galerie-metzger-gallery-sculpture-art-prozellan-768x512.jpg 768w, https:\/\/www.galerie-metzger.de\/wp-content\/uploads\/2018\/04\/sue-paraskeva-planets-galerie-metzger-gallery-sculpture-art-prozellan-1600x1066.jpg 1600w, https:\/\/www.galerie-metzger.de\/wp-content\/uploads\/2018\/04\/sue-paraskeva-planets-galerie-metzger-gallery-sculpture-art-prozellan-300x200.jpg 300w, https:\/\/www.galerie-metzger.de\/wp-content\/uploads\/2018\/04\/sue-paraskeva-planets-galerie-metzger-gallery-sculpture-art-prozellan-900x600.jpg 900w, https:\/\/www.galerie-metzger.de\/wp-content\/uploads\/2018\/04\/sue-paraskeva-planets-galerie-metzger-gallery-sculpture-art-prozellan-450x300.jpg 450w\" data-sizes=\"(max-width: 1030px) 100vw, 1030px\" class='avia_image' ><div class=\"av-image-caption-overlay\"><div class=\"av-caption-image-overlay-bg\"><\/div><div class=\"av-image-caption-overlay-position\"><div class=\"av-image-caption-overlay-center\"><p>Sue Paraskeva \u2013\u00a0Planets \u2013\u00a02018, 28&#215;12 cm, Foto: Mathew Chambers<\/p>\n<\/div><\/div><\/div><img decoding=\"async\" class='wp-image-5736 avia-img-lazy-loading-not-5736 avia_image ' src=\"https:\/\/www.galerie-metzger.de\/wp-content\/uploads\/2018\/04\/sue-paraskeva-planets-galerie-metzger-gallery-sculpture-art-prozellan-845x684.jpg\" alt='Sue Paraskeva Planets' title='Sue Paraskeva Planets'  height=\"684\" width=\"845\" srcset=\"https:\/\/www.galerie-metzger.de\/wp-content\/uploads\/2018\/04\/sue-paraskeva-planets-galerie-metzger-gallery-sculpture-art-prozellan-845x684.jpg 845w, https:\/\/www.galerie-metzger.de\/wp-content\/uploads\/2018\/04\/sue-paraskeva-planets-galerie-metzger-gallery-sculpture-art-prozellan-495x400.jpg 495w\" sizes=\"(max-width: 845px) 100vw, 845px\" \/><\/a><\/div><\/div><\/div><br \/>\n<section  class='av_textblock_section av-av_textblock-2df6986536148a6092118248b21c996c' ><div class='avia_textblock jo_werk_anfrage' ><p><a class=\"anfrage\" href=\"mailto:info@galerie-metzger.de?subject=Sue%20Paraskeva%20Planets%202018\">Anfrage zum Werk<\/a><\/p>\n<\/div><\/section><\/p><\/div>\n<style type=\"text\/css\" data-created_by=\"avia_inline_auto\" id=\"style-css-av-av_one_third-99631f555abdb327d0c5dfd5f6831e44\">\n.flex_column.av-av_one_third-99631f555abdb327d0c5dfd5f6831e44{\n-webkit-border-radius:0px 0px 0px 0px;\n-moz-border-radius:0px 0px 0px 0px;\nborder-radius:0px 0px 0px 0px;\n}\n<\/style>\n<div class='flex_column av-av_one_third-99631f555abdb327d0c5dfd5f6831e44 av_one_third  avia-builder-el-6  el_after_av_two_third  el_before_av_one_full  jo_col_empty flex_column_div av-animated-generic fade-in av-zero-column-padding column-top-margin'     ><section  class='av_textblock_section av-av_textblock-283972ea15f2e73870c23e2d6de3245d' ><div class='avia_textblock' ><p>invisible placeholder<\/p>\n<\/div><\/section><\/div>\n<style type=\"text\/css\" data-created_by=\"avia_inline_auto\" id=\"style-css-av-av_one_full-5fcb38d82373bff2e77d98e542a98739\">\n.flex_column.av-av_one_full-5fcb38d82373bff2e77d98e542a98739{\n-webkit-border-radius:0px 0px 0px 0px;\n-moz-border-radius:0px 0px 0px 0px;\nborder-radius:0px 0px 0px 0px;\n}\n<\/style>\n<div class='flex_column av-av_one_full-5fcb38d82373bff2e77d98e542a98739 av_one_full  avia-builder-el-8  el_after_av_one_third  el_before_av_one_full  jo_col_head first no_margin flex_column_div av-animated-generic fade-in av-zero-column-padding column-top-margin'     ><p><section  class='av_textblock_section av-av_textblock-500d8cf82da8812e2ff62ea41c4ced7b' ><div class='avia_textblock event_date' ><p>21.10.2018 \u2013 11.11.2018<\/p>\n<\/div><\/section><br \/>\n\n<style type=\"text\/css\" data-created_by=\"avia_inline_auto\" id=\"style-css-av-av_heading-c2b60692efad096bb215ce743205f111\">\n#top .av-special-heading.av-av_heading-c2b60692efad096bb215ce743205f111{\npadding-bottom:0px;\n}\nbody .av-special-heading.av-av_heading-c2b60692efad096bb215ce743205f111 .av-special-heading-tag .heading-char{\nfont-size:25px;\n}\n.av-special-heading.av-av_heading-c2b60692efad096bb215ce743205f111 .av-subheading{\nfont-size:15px;\n}\n<\/style>\n<div  class='av-special-heading av-av_heading-c2b60692efad096bb215ce743205f111 av-special-heading-h1 blockquote modern-quote  avia-builder-el-10  el_after_av_textblock  avia-builder-el-last  jo_special_heading portfo two'><h1 class='av-special-heading-tag'  >NA SO WAS<\/h1><div class='av-subheading av-subheading_below'><p>Gila Stolzenfu\u00df und Sue Paraskeva<\/p>\n<\/div><div class=\"special-heading-border\"><div class=\"special-heading-inner-border\"><\/div><\/div><\/div><\/p><\/div><div class='flex_column_table av-av_one_full-9731843b9236f31f4ed8d91fa944e8b0 sc-av_one_full av-equal-height-column-flextable'>\n<style type=\"text\/css\" data-created_by=\"avia_inline_auto\" id=\"style-css-av-av_one_full-9731843b9236f31f4ed8d91fa944e8b0\">\n.flex_column.av-av_one_full-9731843b9236f31f4ed8d91fa944e8b0{\n-webkit-border-radius:0px 0px 0px 0px;\n-moz-border-radius:0px 0px 0px 0px;\nborder-radius:0px 0px 0px 0px;\n}\n<\/style>\n<div class='flex_column av-av_one_full-9731843b9236f31f4ed8d91fa944e8b0 av_one_full  avia-builder-el-11  el_after_av_one_full  el_before_av_one_half  jo_col_empty first flex_column_table_cell av-equal-height-column av-align-top av-animated-generic fade-in av-zero-column-padding column-top-margin'     ><section  class='av_textblock_section av-av_textblock-283972ea15f2e73870c23e2d6de3245d' ><div class='avia_textblock' ><p>invisible placeholder<\/p>\n<\/div><\/section><\/div><\/div><!--close column table wrapper. Autoclose: 1 --><div class='flex_column_table av-av_one_half-d8bc1af391ab19e1b80332216d5a6941 sc-av_one_half av-equal-height-column-flextable'>\n<style type=\"text\/css\" data-created_by=\"avia_inline_auto\" id=\"style-css-av-av_one_half-d8bc1af391ab19e1b80332216d5a6941\">\n.flex_column.av-av_one_half-d8bc1af391ab19e1b80332216d5a6941{\n-webkit-border-radius:0px 0px 0px 0px;\n-moz-border-radius:0px 0px 0px 0px;\nborder-radius:0px 0px 0px 0px;\n}\n<\/style>\n<div class='flex_column av-av_one_half-d8bc1af391ab19e1b80332216d5a6941 av_one_half  avia-builder-el-13  el_after_av_one_full  el_before_av_one_half  jo_pf_bild_bg first flex_column_table_cell av-equal-height-column av-align-top av-animated-generic fade-in av-zero-column-padding column-top-margin'     ><style type=\"text\/css\" data-created_by=\"avia_inline_auto\" id=\"style-css-av-av_image-765be0ad9478af2b56dd18ca8e76901a\">\n.avia-image-container.av-av_image-765be0ad9478af2b56dd18ca8e76901a img.avia_image{\nbox-shadow:none;\n}\n.avia-image-container.av-av_image-765be0ad9478af2b56dd18ca8e76901a .av-caption-image-overlay-bg{\nopacity:0.4;\n}\n<\/style>\n<div  class='avia-image-container av-av_image-765be0ad9478af2b56dd18ca8e76901a av-styling-no-styling avia_animated_image av-animated-when-visible-95 fade-in avia-align-left  avia-builder-el-14  avia-builder-el-no-sibling  jo_pf_bild noHover av-overlay-hover-deactivate'  ><div class=\"avia-image-container-inner\"><div class=\"avia-image-overlay-wrap\"><a href=\"https:\/\/www.galerie-metzger.de\/wp-content\/uploads\/2018\/10\/Gila-Stolzenfu\u00df-view-into-the-exhibition-galerie-metzger-gsllery-metzger-painting-1090x727.jpg\" data-srcset=\"https:\/\/www.galerie-metzger.de\/wp-content\/uploads\/2018\/10\/Gila-Stolzenfu\u00df-view-into-the-exhibition-galerie-metzger-gsllery-metzger-painting-1090x727.jpg 1090w, https:\/\/www.galerie-metzger.de\/wp-content\/uploads\/2018\/10\/Gila-Stolzenfu\u00df-view-into-the-exhibition-galerie-metzger-gsllery-metzger-painting-690x460.jpg 690w, https:\/\/www.galerie-metzger.de\/wp-content\/uploads\/2018\/10\/Gila-Stolzenfu\u00df-view-into-the-exhibition-galerie-metzger-gsllery-metzger-painting-1536x1024.jpg 1536w, https:\/\/www.galerie-metzger.de\/wp-content\/uploads\/2018\/10\/Gila-Stolzenfu\u00df-view-into-the-exhibition-galerie-metzger-gsllery-metzger-painting-2048x1365.jpg 2048w, https:\/\/www.galerie-metzger.de\/wp-content\/uploads\/2018\/10\/Gila-Stolzenfu\u00df-view-into-the-exhibition-galerie-metzger-gsllery-metzger-painting-1500x1000.jpg 1500w, https:\/\/www.galerie-metzger.de\/wp-content\/uploads\/2018\/10\/Gila-Stolzenfu\u00df-view-into-the-exhibition-galerie-metzger-gsllery-metzger-painting-705x470.jpg 705w, https:\/\/www.galerie-metzger.de\/wp-content\/uploads\/2018\/10\/Gila-Stolzenfu\u00df-view-into-the-exhibition-galerie-metzger-gsllery-metzger-painting-400x267.jpg 400w, https:\/\/www.galerie-metzger.de\/wp-content\/uploads\/2018\/10\/Gila-Stolzenfu\u00df-view-into-the-exhibition-galerie-metzger-gsllery-metzger-painting-768x512.jpg 768w, https:\/\/www.galerie-metzger.de\/wp-content\/uploads\/2018\/10\/Gila-Stolzenfu\u00df-view-into-the-exhibition-galerie-metzger-gsllery-metzger-painting-1600x1067.jpg 1600w, https:\/\/www.galerie-metzger.de\/wp-content\/uploads\/2018\/10\/Gila-Stolzenfu\u00df-view-into-the-exhibition-galerie-metzger-gsllery-metzger-painting-300x200.jpg 300w, https:\/\/www.galerie-metzger.de\/wp-content\/uploads\/2018\/10\/Gila-Stolzenfu\u00df-view-into-the-exhibition-galerie-metzger-gsllery-metzger-painting-900x600.jpg 900w, https:\/\/www.galerie-metzger.de\/wp-content\/uploads\/2018\/10\/Gila-Stolzenfu\u00df-view-into-the-exhibition-galerie-metzger-gsllery-metzger-painting-450x300.jpg 450w\" data-sizes=\"(max-width: 1030px) 100vw, 1030px\" class='avia_image' ><div class=\"av-image-caption-overlay\"><div class=\"av-caption-image-overlay-bg\"><\/div><div class=\"av-image-caption-overlay-position\"><div class=\"av-image-caption-overlay-center\"><p>Gila Stolzenfu\u00df \u2013 Blick in die Ausstellung \u2013 NA SO WAS, 2018, mit Sue Paraskeva und Gila Stolzenfu\u00df, Foto: Edi Baumann<\/p>\n<\/div><\/div><\/div><img decoding=\"async\" class='wp-image-6692 avia-img-lazy-loading-not-6692 avia_image ' src=\"https:\/\/www.galerie-metzger.de\/wp-content\/uploads\/2018\/10\/Gila-Stolzenfu\u00df-view-into-the-exhibition-galerie-metzger-gsllery-metzger-painting-495x400.jpg\" alt='Gila-Stolzenfu\u00df-view-into-the-exhibition' title='Gila-Stolzenfu\u00df-view-into-the-exhibition'  height=\"400\" width=\"495\" srcset=\"https:\/\/www.galerie-metzger.de\/wp-content\/uploads\/2018\/10\/Gila-Stolzenfu\u00df-view-into-the-exhibition-galerie-metzger-gsllery-metzger-painting-495x400.jpg 495w, https:\/\/www.galerie-metzger.de\/wp-content\/uploads\/2018\/10\/Gila-Stolzenfu\u00df-view-into-the-exhibition-galerie-metzger-gsllery-metzger-painting-845x684.jpg 845w\" sizes=\"(max-width: 495px) 100vw, 495px\" \/><\/a><\/div><\/div><\/div><\/div><div class='av-flex-placeholder'><\/div>\n<style type=\"text\/css\" data-created_by=\"avia_inline_auto\" id=\"style-css-av-av_one_half-6b9a0098281ac79e1809296ee7f22ca2\">\n.flex_column.av-av_one_half-6b9a0098281ac79e1809296ee7f22ca2{\n-webkit-border-radius:0px 0px 0px 0px;\n-moz-border-radius:0px 0px 0px 0px;\nborder-radius:0px 0px 0px 0px;\n}\n<\/style>\n<div class='flex_column av-av_one_half-6b9a0098281ac79e1809296ee7f22ca2 av_one_half  avia-builder-el-15  el_after_av_one_half  el_before_av_one_full  jo_pf_bild_bg flex_column_table_cell av-equal-height-column av-align-top av-animated-generic fade-in av-zero-column-padding column-top-margin'     ><style type=\"text\/css\" data-created_by=\"avia_inline_auto\" id=\"style-css-av-av_image-d4dcf741c92687554345b6854c87e5bd\">\n.avia-image-container.av-av_image-d4dcf741c92687554345b6854c87e5bd img.avia_image{\nbox-shadow:none;\n}\n.avia-image-container.av-av_image-d4dcf741c92687554345b6854c87e5bd .av-caption-image-overlay-bg{\nopacity:0.4;\n}\n<\/style>\n<div  class='avia-image-container av-av_image-d4dcf741c92687554345b6854c87e5bd av-styling-no-styling avia_animated_image av-animated-when-visible-95 fade-in avia-align-left  avia-builder-el-16  avia-builder-el-no-sibling  jo_pf_bild noHover av-overlay-hover-deactivate'  ><div class=\"avia-image-container-inner\"><div class=\"avia-image-overlay-wrap\"><a href=\"https:\/\/www.galerie-metzger.de\/wp-content\/uploads\/2018\/10\/Sue-Paraskeva-Na-So-Was-hanging-porcelain-object-galerie-metzger-gallery-metzger-1090x727.jpg\" data-srcset=\"https:\/\/www.galerie-metzger.de\/wp-content\/uploads\/2018\/10\/Sue-Paraskeva-Na-So-Was-hanging-porcelain-object-galerie-metzger-gallery-metzger-1090x727.jpg 1090w, https:\/\/www.galerie-metzger.de\/wp-content\/uploads\/2018\/10\/Sue-Paraskeva-Na-So-Was-hanging-porcelain-object-galerie-metzger-gallery-metzger-690x460.jpg 690w, https:\/\/www.galerie-metzger.de\/wp-content\/uploads\/2018\/10\/Sue-Paraskeva-Na-So-Was-hanging-porcelain-object-galerie-metzger-gallery-metzger-1536x1024.jpg 1536w, https:\/\/www.galerie-metzger.de\/wp-content\/uploads\/2018\/10\/Sue-Paraskeva-Na-So-Was-hanging-porcelain-object-galerie-metzger-gallery-metzger-2048x1365.jpg 2048w, https:\/\/www.galerie-metzger.de\/wp-content\/uploads\/2018\/10\/Sue-Paraskeva-Na-So-Was-hanging-porcelain-object-galerie-metzger-gallery-metzger-1500x1000.jpg 1500w, https:\/\/www.galerie-metzger.de\/wp-content\/uploads\/2018\/10\/Sue-Paraskeva-Na-So-Was-hanging-porcelain-object-galerie-metzger-gallery-metzger-705x470.jpg 705w, https:\/\/www.galerie-metzger.de\/wp-content\/uploads\/2018\/10\/Sue-Paraskeva-Na-So-Was-hanging-porcelain-object-galerie-metzger-gallery-metzger-400x267.jpg 400w, https:\/\/www.galerie-metzger.de\/wp-content\/uploads\/2018\/10\/Sue-Paraskeva-Na-So-Was-hanging-porcelain-object-galerie-metzger-gallery-metzger-768x512.jpg 768w, https:\/\/www.galerie-metzger.de\/wp-content\/uploads\/2018\/10\/Sue-Paraskeva-Na-So-Was-hanging-porcelain-object-galerie-metzger-gallery-metzger-1600x1067.jpg 1600w, https:\/\/www.galerie-metzger.de\/wp-content\/uploads\/2018\/10\/Sue-Paraskeva-Na-So-Was-hanging-porcelain-object-galerie-metzger-gallery-metzger-300x200.jpg 300w, https:\/\/www.galerie-metzger.de\/wp-content\/uploads\/2018\/10\/Sue-Paraskeva-Na-So-Was-hanging-porcelain-object-galerie-metzger-gallery-metzger-900x600.jpg 900w, https:\/\/www.galerie-metzger.de\/wp-content\/uploads\/2018\/10\/Sue-Paraskeva-Na-So-Was-hanging-porcelain-object-galerie-metzger-gallery-metzger-450x300.jpg 450w\" data-sizes=\"(max-width: 1030px) 100vw, 1030px\" class='avia_image' ><div class=\"av-image-caption-overlay\"><div class=\"av-caption-image-overlay-bg\"><\/div><div class=\"av-image-caption-overlay-position\"><div class=\"av-image-caption-overlay-center\"><p>Sue Paraskeva \u2013 Blick in die Ausstellung \u2013 NA SO WAS, 2018, mit Sue Paraskeva und Gila Stolzenfu\u00df, Foto: Edi Baumann<\/p>\n<\/div><\/div><\/div><img decoding=\"async\" class='wp-image-6686 avia-img-lazy-loading-not-6686 avia_image ' src=\"https:\/\/www.galerie-metzger.de\/wp-content\/uploads\/2018\/10\/Sue-Paraskeva-Na-So-Was-hanging-porcelain-object-galerie-metzger-gallery-metzger-495x400.jpg\" alt='Sue-Paraskeva-hanging-porcelain-object' title='Sue-Paraskeva-hanging-porcelain-object'  height=\"400\" width=\"495\" srcset=\"https:\/\/www.galerie-metzger.de\/wp-content\/uploads\/2018\/10\/Sue-Paraskeva-Na-So-Was-hanging-porcelain-object-galerie-metzger-gallery-metzger-495x400.jpg 495w, https:\/\/www.galerie-metzger.de\/wp-content\/uploads\/2018\/10\/Sue-Paraskeva-Na-So-Was-hanging-porcelain-object-galerie-metzger-gallery-metzger-845x684.jpg 845w\" sizes=\"(max-width: 495px) 100vw, 495px\" \/><\/a><\/div><\/div><\/div><\/div><\/div><!--close column table wrapper. Autoclose: 1 --><div class='flex_column_table av-av_one_full-9731843b9236f31f4ed8d91fa944e8b0 sc-av_one_full av-equal-height-column-flextable'>\n<style type=\"text\/css\" data-created_by=\"avia_inline_auto\" id=\"style-css-av-av_one_full-9731843b9236f31f4ed8d91fa944e8b0\">\n.flex_column.av-av_one_full-9731843b9236f31f4ed8d91fa944e8b0{\n-webkit-border-radius:0px 0px 0px 0px;\n-moz-border-radius:0px 0px 0px 0px;\nborder-radius:0px 0px 0px 0px;\n}\n<\/style>\n<div class='flex_column av-av_one_full-9731843b9236f31f4ed8d91fa944e8b0 av_one_full  avia-builder-el-17  el_after_av_one_half  el_before_av_one_third  jo_col_empty first flex_column_table_cell av-equal-height-column av-align-top av-animated-generic fade-in av-zero-column-padding column-top-margin'     ><section  class='av_textblock_section av-av_textblock-283972ea15f2e73870c23e2d6de3245d' ><div class='avia_textblock' ><p>invisible placeholder<\/p>\n<\/div><\/section><\/div><\/div><!--close column table wrapper. Autoclose: 1 --><div class='flex_column_table av-av_one_third-d8bc1af391ab19e1b80332216d5a6941 sc-av_one_third av-equal-height-column-flextable'>\n<style type=\"text\/css\" data-created_by=\"avia_inline_auto\" id=\"style-css-av-av_one_third-d8bc1af391ab19e1b80332216d5a6941\">\n.flex_column.av-av_one_third-d8bc1af391ab19e1b80332216d5a6941{\n-webkit-border-radius:0px 0px 0px 0px;\n-moz-border-radius:0px 0px 0px 0px;\nborder-radius:0px 0px 0px 0px;\n}\n<\/style>\n<div class='flex_column av-av_one_third-d8bc1af391ab19e1b80332216d5a6941 av_one_third  avia-builder-el-19  el_after_av_one_full  el_before_av_one_third  jo_pf_bild_bg first flex_column_table_cell av-equal-height-column av-align-top av-animated-generic fade-in av-zero-column-padding column-top-margin'     ><style type=\"text\/css\" data-created_by=\"avia_inline_auto\" id=\"style-css-av-av_image-f629b65f75e576a2549353fd4c7ecff6\">\n.avia-image-container.av-av_image-f629b65f75e576a2549353fd4c7ecff6 img.avia_image{\nbox-shadow:none;\n}\n.avia-image-container.av-av_image-f629b65f75e576a2549353fd4c7ecff6 .av-caption-image-overlay-bg{\nopacity:0.4;\n}\n<\/style>\n<div  class='avia-image-container av-av_image-f629b65f75e576a2549353fd4c7ecff6 av-styling-no-styling avia_animated_image av-animated-when-visible-95 fade-in avia-align-left  avia-builder-el-20  avia-builder-el-no-sibling  jo_pf_bild noHover av-overlay-hover-deactivate'  ><div class=\"avia-image-container-inner\"><div class=\"avia-image-overlay-wrap\"><a href=\"https:\/\/www.galerie-metzger.de\/wp-content\/uploads\/2018\/10\/Sue-Paraskeva-Porzellanobjekt-2018-galerie-metzger-gallery-metzger-art-porcelain-727x1090.jpg\" data-srcset=\"https:\/\/www.galerie-metzger.de\/wp-content\/uploads\/2018\/10\/Sue-Paraskeva-Porzellanobjekt-2018-galerie-metzger-gallery-metzger-art-porcelain-727x1090.jpg 727w, https:\/\/www.galerie-metzger.de\/wp-content\/uploads\/2018\/10\/Sue-Paraskeva-Porzellanobjekt-2018-galerie-metzger-gallery-metzger-art-porcelain-690x1035.jpg 690w, https:\/\/www.galerie-metzger.de\/wp-content\/uploads\/2018\/10\/Sue-Paraskeva-Porzellanobjekt-2018-galerie-metzger-gallery-metzger-art-porcelain-1024x1536.jpg 1024w, https:\/\/www.galerie-metzger.de\/wp-content\/uploads\/2018\/10\/Sue-Paraskeva-Porzellanobjekt-2018-galerie-metzger-gallery-metzger-art-porcelain-1365x2048.jpg 1365w, https:\/\/www.galerie-metzger.de\/wp-content\/uploads\/2018\/10\/Sue-Paraskeva-Porzellanobjekt-2018-galerie-metzger-gallery-metzger-art-porcelain-1000x1500.jpg 1000w, https:\/\/www.galerie-metzger.de\/wp-content\/uploads\/2018\/10\/Sue-Paraskeva-Porzellanobjekt-2018-galerie-metzger-gallery-metzger-art-porcelain-470x705.jpg 470w, https:\/\/www.galerie-metzger.de\/wp-content\/uploads\/2018\/10\/Sue-Paraskeva-Porzellanobjekt-2018-galerie-metzger-gallery-metzger-art-porcelain-267x400.jpg 267w, https:\/\/www.galerie-metzger.de\/wp-content\/uploads\/2018\/10\/Sue-Paraskeva-Porzellanobjekt-2018-galerie-metzger-gallery-metzger-art-porcelain-768x1152.jpg 768w, https:\/\/www.galerie-metzger.de\/wp-content\/uploads\/2018\/10\/Sue-Paraskeva-Porzellanobjekt-2018-galerie-metzger-gallery-metzger-art-porcelain-1067x1600.jpg 1067w, https:\/\/www.galerie-metzger.de\/wp-content\/uploads\/2018\/10\/Sue-Paraskeva-Porzellanobjekt-2018-galerie-metzger-gallery-metzger-art-porcelain-450x675.jpg 450w, https:\/\/www.galerie-metzger.de\/wp-content\/uploads\/2018\/10\/Sue-Paraskeva-Porzellanobjekt-2018-galerie-metzger-gallery-metzger-art-porcelain-scaled.jpg 1707w\" data-sizes=\"(max-width: 687px) 100vw, 687px\" class='avia_image' ><div class=\"av-image-caption-overlay\"><div class=\"av-caption-image-overlay-bg\"><\/div><div class=\"av-image-caption-overlay-position\"><div class=\"av-image-caption-overlay-center\"><p>Sue Paraskeva \u2013 Blick in die Ausstellung \u2013 NA SO WAS, 2018, mit Sue Paraskeva und Gila Stolzenfu\u00df, Foto: Edi Baumann<\/p>\n<\/div><\/div><\/div><img decoding=\"async\" class='wp-image-6694 avia-img-lazy-loading-not-6694 avia_image ' src=\"https:\/\/www.galerie-metzger.de\/wp-content\/uploads\/2018\/10\/Sue-Paraskeva-Porzellanobjekt-2018-galerie-metzger-gallery-metzger-art-porcelain-690x1035.jpg\" alt='Sue-Paraskeva-Porzellanobjekt-2018' title='Sue-Paraskeva-Porzellanobjekt-2018'  height=\"1035\" width=\"690\" srcset=\"https:\/\/www.galerie-metzger.de\/wp-content\/uploads\/2018\/10\/Sue-Paraskeva-Porzellanobjekt-2018-galerie-metzger-gallery-metzger-art-porcelain-690x1035.jpg 690w, https:\/\/www.galerie-metzger.de\/wp-content\/uploads\/2018\/10\/Sue-Paraskeva-Porzellanobjekt-2018-galerie-metzger-gallery-metzger-art-porcelain-727x1090.jpg 727w, https:\/\/www.galerie-metzger.de\/wp-content\/uploads\/2018\/10\/Sue-Paraskeva-Porzellanobjekt-2018-galerie-metzger-gallery-metzger-art-porcelain-1024x1536.jpg 1024w, https:\/\/www.galerie-metzger.de\/wp-content\/uploads\/2018\/10\/Sue-Paraskeva-Porzellanobjekt-2018-galerie-metzger-gallery-metzger-art-porcelain-1365x2048.jpg 1365w, https:\/\/www.galerie-metzger.de\/wp-content\/uploads\/2018\/10\/Sue-Paraskeva-Porzellanobjekt-2018-galerie-metzger-gallery-metzger-art-porcelain-1000x1500.jpg 1000w, https:\/\/www.galerie-metzger.de\/wp-content\/uploads\/2018\/10\/Sue-Paraskeva-Porzellanobjekt-2018-galerie-metzger-gallery-metzger-art-porcelain-470x705.jpg 470w, https:\/\/www.galerie-metzger.de\/wp-content\/uploads\/2018\/10\/Sue-Paraskeva-Porzellanobjekt-2018-galerie-metzger-gallery-metzger-art-porcelain-267x400.jpg 267w, https:\/\/www.galerie-metzger.de\/wp-content\/uploads\/2018\/10\/Sue-Paraskeva-Porzellanobjekt-2018-galerie-metzger-gallery-metzger-art-porcelain-768x1152.jpg 768w, https:\/\/www.galerie-metzger.de\/wp-content\/uploads\/2018\/10\/Sue-Paraskeva-Porzellanobjekt-2018-galerie-metzger-gallery-metzger-art-porcelain-1067x1600.jpg 1067w, https:\/\/www.galerie-metzger.de\/wp-content\/uploads\/2018\/10\/Sue-Paraskeva-Porzellanobjekt-2018-galerie-metzger-gallery-metzger-art-porcelain-450x675.jpg 450w, https:\/\/www.galerie-metzger.de\/wp-content\/uploads\/2018\/10\/Sue-Paraskeva-Porzellanobjekt-2018-galerie-metzger-gallery-metzger-art-porcelain-scaled.jpg 1707w\" sizes=\"(max-width: 690px) 100vw, 690px\" \/><\/a><\/div><\/div><\/div><\/div><div class='av-flex-placeholder'><\/div>\n<style type=\"text\/css\" data-created_by=\"avia_inline_auto\" id=\"style-css-av-av_one_third-6b9a0098281ac79e1809296ee7f22ca2\">\n.flex_column.av-av_one_third-6b9a0098281ac79e1809296ee7f22ca2{\n-webkit-border-radius:0px 0px 0px 0px;\n-moz-border-radius:0px 0px 0px 0px;\nborder-radius:0px 0px 0px 0px;\n}\n<\/style>\n<div class='flex_column av-av_one_third-6b9a0098281ac79e1809296ee7f22ca2 av_one_third  avia-builder-el-21  el_after_av_one_third  el_before_av_one_third  jo_pf_bild_bg flex_column_table_cell av-equal-height-column av-align-top av-animated-generic fade-in av-zero-column-padding column-top-margin'     ><style type=\"text\/css\" data-created_by=\"avia_inline_auto\" id=\"style-css-av-av_image-4f7e16b900953300f1e94bad714c8b8c\">\n.avia-image-container.av-av_image-4f7e16b900953300f1e94bad714c8b8c img.avia_image{\nbox-shadow:none;\n}\n.avia-image-container.av-av_image-4f7e16b900953300f1e94bad714c8b8c .av-caption-image-overlay-bg{\nopacity:0.4;\n}\n<\/style>\n<div  class='avia-image-container av-av_image-4f7e16b900953300f1e94bad714c8b8c av-styling-no-styling avia_animated_image av-animated-when-visible-95 fade-in avia-align-left  avia-builder-el-22  avia-builder-el-no-sibling  jo_pf_bild noHover av-overlay-hover-deactivate'  ><div class=\"avia-image-container-inner\"><div class=\"avia-image-overlay-wrap\"><a href=\"https:\/\/www.galerie-metzger.de\/wp-content\/uploads\/2018\/10\/Gila-Stolzenfuss-Performance-opening-galerie-metzger-gallery-metzger-object-art-skulptur-727x1090.jpg\" data-srcset=\"https:\/\/www.galerie-metzger.de\/wp-content\/uploads\/2018\/10\/Gila-Stolzenfuss-Performance-opening-galerie-metzger-gallery-metzger-object-art-skulptur-727x1090.jpg 727w, https:\/\/www.galerie-metzger.de\/wp-content\/uploads\/2018\/10\/Gila-Stolzenfuss-Performance-opening-galerie-metzger-gallery-metzger-object-art-skulptur-690x1035.jpg 690w, https:\/\/www.galerie-metzger.de\/wp-content\/uploads\/2018\/10\/Gila-Stolzenfuss-Performance-opening-galerie-metzger-gallery-metzger-object-art-skulptur-1024x1536.jpg 1024w, https:\/\/www.galerie-metzger.de\/wp-content\/uploads\/2018\/10\/Gila-Stolzenfuss-Performance-opening-galerie-metzger-gallery-metzger-object-art-skulptur-1365x2048.jpg 1365w, https:\/\/www.galerie-metzger.de\/wp-content\/uploads\/2018\/10\/Gila-Stolzenfuss-Performance-opening-galerie-metzger-gallery-metzger-object-art-skulptur-1000x1500.jpg 1000w, https:\/\/www.galerie-metzger.de\/wp-content\/uploads\/2018\/10\/Gila-Stolzenfuss-Performance-opening-galerie-metzger-gallery-metzger-object-art-skulptur-470x705.jpg 470w, https:\/\/www.galerie-metzger.de\/wp-content\/uploads\/2018\/10\/Gila-Stolzenfuss-Performance-opening-galerie-metzger-gallery-metzger-object-art-skulptur-267x400.jpg 267w, https:\/\/www.galerie-metzger.de\/wp-content\/uploads\/2018\/10\/Gila-Stolzenfuss-Performance-opening-galerie-metzger-gallery-metzger-object-art-skulptur-768x1152.jpg 768w, https:\/\/www.galerie-metzger.de\/wp-content\/uploads\/2018\/10\/Gila-Stolzenfuss-Performance-opening-galerie-metzger-gallery-metzger-object-art-skulptur-1067x1600.jpg 1067w, https:\/\/www.galerie-metzger.de\/wp-content\/uploads\/2018\/10\/Gila-Stolzenfuss-Performance-opening-galerie-metzger-gallery-metzger-object-art-skulptur-450x675.jpg 450w, https:\/\/www.galerie-metzger.de\/wp-content\/uploads\/2018\/10\/Gila-Stolzenfuss-Performance-opening-galerie-metzger-gallery-metzger-object-art-skulptur-scaled.jpg 1707w\" data-sizes=\"(max-width: 687px) 100vw, 687px\" class='avia_image' ><div class=\"av-image-caption-overlay\"><div class=\"av-caption-image-overlay-bg\"><\/div><div class=\"av-image-caption-overlay-position\"><div class=\"av-image-caption-overlay-center\"><p>Gila Stolzenfu\u00df \u2013 Performance \u2013 NA SO WAS, 2018, mit Sue Paraskeva und Gila Stolzenfu\u00df, Foto: Sue Paraskeva<\/p>\n<\/div><\/div><\/div><img decoding=\"async\" class='wp-image-6684 avia-img-lazy-loading-not-6684 avia_image ' src=\"https:\/\/www.galerie-metzger.de\/wp-content\/uploads\/2018\/10\/Gila-Stolzenfuss-Performance-opening-galerie-metzger-gallery-metzger-object-art-skulptur-690x1035.jpg\" alt='Gila-Stolzenfuss-Performance-opening-galerie-metzger' title='Gila-Stolzenfuss-Performance-opening-galerie-metzger'  height=\"1035\" width=\"690\" srcset=\"https:\/\/www.galerie-metzger.de\/wp-content\/uploads\/2018\/10\/Gila-Stolzenfuss-Performance-opening-galerie-metzger-gallery-metzger-object-art-skulptur-690x1035.jpg 690w, https:\/\/www.galerie-metzger.de\/wp-content\/uploads\/2018\/10\/Gila-Stolzenfuss-Performance-opening-galerie-metzger-gallery-metzger-object-art-skulptur-727x1090.jpg 727w, https:\/\/www.galerie-metzger.de\/wp-content\/uploads\/2018\/10\/Gila-Stolzenfuss-Performance-opening-galerie-metzger-gallery-metzger-object-art-skulptur-1024x1536.jpg 1024w, https:\/\/www.galerie-metzger.de\/wp-content\/uploads\/2018\/10\/Gila-Stolzenfuss-Performance-opening-galerie-metzger-gallery-metzger-object-art-skulptur-1365x2048.jpg 1365w, https:\/\/www.galerie-metzger.de\/wp-content\/uploads\/2018\/10\/Gila-Stolzenfuss-Performance-opening-galerie-metzger-gallery-metzger-object-art-skulptur-1000x1500.jpg 1000w, https:\/\/www.galerie-metzger.de\/wp-content\/uploads\/2018\/10\/Gila-Stolzenfuss-Performance-opening-galerie-metzger-gallery-metzger-object-art-skulptur-470x705.jpg 470w, https:\/\/www.galerie-metzger.de\/wp-content\/uploads\/2018\/10\/Gila-Stolzenfuss-Performance-opening-galerie-metzger-gallery-metzger-object-art-skulptur-267x400.jpg 267w, https:\/\/www.galerie-metzger.de\/wp-content\/uploads\/2018\/10\/Gila-Stolzenfuss-Performance-opening-galerie-metzger-gallery-metzger-object-art-skulptur-768x1152.jpg 768w, https:\/\/www.galerie-metzger.de\/wp-content\/uploads\/2018\/10\/Gila-Stolzenfuss-Performance-opening-galerie-metzger-gallery-metzger-object-art-skulptur-1067x1600.jpg 1067w, https:\/\/www.galerie-metzger.de\/wp-content\/uploads\/2018\/10\/Gila-Stolzenfuss-Performance-opening-galerie-metzger-gallery-metzger-object-art-skulptur-450x675.jpg 450w, https:\/\/www.galerie-metzger.de\/wp-content\/uploads\/2018\/10\/Gila-Stolzenfuss-Performance-opening-galerie-metzger-gallery-metzger-object-art-skulptur-scaled.jpg 1707w\" sizes=\"(max-width: 690px) 100vw, 690px\" \/><\/a><\/div><\/div><\/div><\/div><div class='av-flex-placeholder'><\/div>\n<style type=\"text\/css\" data-created_by=\"avia_inline_auto\" id=\"style-css-av-av_one_third-6b9a0098281ac79e1809296ee7f22ca2\">\n.flex_column.av-av_one_third-6b9a0098281ac79e1809296ee7f22ca2{\n-webkit-border-radius:0px 0px 0px 0px;\n-moz-border-radius:0px 0px 0px 0px;\nborder-radius:0px 0px 0px 0px;\n}\n<\/style>\n<div class='flex_column av-av_one_third-6b9a0098281ac79e1809296ee7f22ca2 av_one_third  avia-builder-el-23  el_after_av_one_third  el_before_av_one_full  jo_pf_bild_bg flex_column_table_cell av-equal-height-column av-align-top av-animated-generic fade-in av-zero-column-padding column-top-margin'     ><style type=\"text\/css\" data-created_by=\"avia_inline_auto\" id=\"style-css-av-av_image-859fdbebba3efd9f2b5ed538894e0777\">\n.avia-image-container.av-av_image-859fdbebba3efd9f2b5ed538894e0777 img.avia_image{\nbox-shadow:none;\n}\n.avia-image-container.av-av_image-859fdbebba3efd9f2b5ed538894e0777 .av-caption-image-overlay-bg{\nopacity:0.4;\n}\n<\/style>\n<div  class='avia-image-container av-av_image-859fdbebba3efd9f2b5ed538894e0777 av-styling-no-styling avia_animated_image av-animated-when-visible-95 fade-in avia-align-left  avia-builder-el-24  avia-builder-el-no-sibling  jo_pf_bild noHover av-overlay-hover-deactivate'  ><div class=\"avia-image-container-inner\"><div class=\"avia-image-overlay-wrap\"><a href=\"https:\/\/www.galerie-metzger.de\/wp-content\/uploads\/2018\/10\/Sue-Paraskeva-Gila-Stolzenfu\u00df-Blick-in-die-Ausstellung-galerie-metzger-gallery-metzger-aschaffenburg-sculpture-porcelain-painting-727x1090.jpg\" data-srcset=\"https:\/\/www.galerie-metzger.de\/wp-content\/uploads\/2018\/10\/Sue-Paraskeva-Gila-Stolzenfu\u00df-Blick-in-die-Ausstellung-galerie-metzger-gallery-metzger-aschaffenburg-sculpture-porcelain-painting-727x1090.jpg 727w, https:\/\/www.galerie-metzger.de\/wp-content\/uploads\/2018\/10\/Sue-Paraskeva-Gila-Stolzenfu\u00df-Blick-in-die-Ausstellung-galerie-metzger-gallery-metzger-aschaffenburg-sculpture-porcelain-painting-690x1035.jpg 690w, https:\/\/www.galerie-metzger.de\/wp-content\/uploads\/2018\/10\/Sue-Paraskeva-Gila-Stolzenfu\u00df-Blick-in-die-Ausstellung-galerie-metzger-gallery-metzger-aschaffenburg-sculpture-porcelain-painting-1024x1536.jpg 1024w, https:\/\/www.galerie-metzger.de\/wp-content\/uploads\/2018\/10\/Sue-Paraskeva-Gila-Stolzenfu\u00df-Blick-in-die-Ausstellung-galerie-metzger-gallery-metzger-aschaffenburg-sculpture-porcelain-painting-1365x2048.jpg 1365w, https:\/\/www.galerie-metzger.de\/wp-content\/uploads\/2018\/10\/Sue-Paraskeva-Gila-Stolzenfu\u00df-Blick-in-die-Ausstellung-galerie-metzger-gallery-metzger-aschaffenburg-sculpture-porcelain-painting-1000x1500.jpg 1000w, https:\/\/www.galerie-metzger.de\/wp-content\/uploads\/2018\/10\/Sue-Paraskeva-Gila-Stolzenfu\u00df-Blick-in-die-Ausstellung-galerie-metzger-gallery-metzger-aschaffenburg-sculpture-porcelain-painting-470x705.jpg 470w, https:\/\/www.galerie-metzger.de\/wp-content\/uploads\/2018\/10\/Sue-Paraskeva-Gila-Stolzenfu\u00df-Blick-in-die-Ausstellung-galerie-metzger-gallery-metzger-aschaffenburg-sculpture-porcelain-painting-267x400.jpg 267w, https:\/\/www.galerie-metzger.de\/wp-content\/uploads\/2018\/10\/Sue-Paraskeva-Gila-Stolzenfu\u00df-Blick-in-die-Ausstellung-galerie-metzger-gallery-metzger-aschaffenburg-sculpture-porcelain-painting-768x1152.jpg 768w, https:\/\/www.galerie-metzger.de\/wp-content\/uploads\/2018\/10\/Sue-Paraskeva-Gila-Stolzenfu\u00df-Blick-in-die-Ausstellung-galerie-metzger-gallery-metzger-aschaffenburg-sculpture-porcelain-painting-1067x1600.jpg 1067w, https:\/\/www.galerie-metzger.de\/wp-content\/uploads\/2018\/10\/Sue-Paraskeva-Gila-Stolzenfu\u00df-Blick-in-die-Ausstellung-galerie-metzger-gallery-metzger-aschaffenburg-sculpture-porcelain-painting-450x675.jpg 450w, https:\/\/www.galerie-metzger.de\/wp-content\/uploads\/2018\/10\/Sue-Paraskeva-Gila-Stolzenfu\u00df-Blick-in-die-Ausstellung-galerie-metzger-gallery-metzger-aschaffenburg-sculpture-porcelain-painting-scaled.jpg 1707w\" data-sizes=\"(max-width: 687px) 100vw, 687px\" class='avia_image' ><div class=\"av-image-caption-overlay\"><div class=\"av-caption-image-overlay-bg\"><\/div><div class=\"av-image-caption-overlay-position\"><div class=\"av-image-caption-overlay-center\"><p>NA SO WAS, \u2013 Blick in die Ausstellung \u2013 mit Sue Paraskeva und Gila Stolzenfu\u00df, Foto: Edi Baumann<\/p>\n<\/div><\/div><\/div><img decoding=\"async\" class='wp-image-6690 avia-img-lazy-loading-not-6690 avia_image ' src=\"https:\/\/www.galerie-metzger.de\/wp-content\/uploads\/2018\/10\/Sue-Paraskeva-Gila-Stolzenfu\u00df-Blick-in-die-Ausstellung-galerie-metzger-gallery-metzger-aschaffenburg-sculpture-porcelain-painting-690x1035.jpg\" alt='Sue Paraskeva-Gila Stolzenfu\u00df-Blick-in-die-Ausstellung' title='Sue Paraskeva-Gila Stolzenfu\u00df-Blick-in-die-Ausstellung'  height=\"1035\" width=\"690\" srcset=\"https:\/\/www.galerie-metzger.de\/wp-content\/uploads\/2018\/10\/Sue-Paraskeva-Gila-Stolzenfu\u00df-Blick-in-die-Ausstellung-galerie-metzger-gallery-metzger-aschaffenburg-sculpture-porcelain-painting-690x1035.jpg 690w, https:\/\/www.galerie-metzger.de\/wp-content\/uploads\/2018\/10\/Sue-Paraskeva-Gila-Stolzenfu\u00df-Blick-in-die-Ausstellung-galerie-metzger-gallery-metzger-aschaffenburg-sculpture-porcelain-painting-727x1090.jpg 727w, https:\/\/www.galerie-metzger.de\/wp-content\/uploads\/2018\/10\/Sue-Paraskeva-Gila-Stolzenfu\u00df-Blick-in-die-Ausstellung-galerie-metzger-gallery-metzger-aschaffenburg-sculpture-porcelain-painting-1024x1536.jpg 1024w, https:\/\/www.galerie-metzger.de\/wp-content\/uploads\/2018\/10\/Sue-Paraskeva-Gila-Stolzenfu\u00df-Blick-in-die-Ausstellung-galerie-metzger-gallery-metzger-aschaffenburg-sculpture-porcelain-painting-1365x2048.jpg 1365w, https:\/\/www.galerie-metzger.de\/wp-content\/uploads\/2018\/10\/Sue-Paraskeva-Gila-Stolzenfu\u00df-Blick-in-die-Ausstellung-galerie-metzger-gallery-metzger-aschaffenburg-sculpture-porcelain-painting-1000x1500.jpg 1000w, https:\/\/www.galerie-metzger.de\/wp-content\/uploads\/2018\/10\/Sue-Paraskeva-Gila-Stolzenfu\u00df-Blick-in-die-Ausstellung-galerie-metzger-gallery-metzger-aschaffenburg-sculpture-porcelain-painting-470x705.jpg 470w, https:\/\/www.galerie-metzger.de\/wp-content\/uploads\/2018\/10\/Sue-Paraskeva-Gila-Stolzenfu\u00df-Blick-in-die-Ausstellung-galerie-metzger-gallery-metzger-aschaffenburg-sculpture-porcelain-painting-267x400.jpg 267w, https:\/\/www.galerie-metzger.de\/wp-content\/uploads\/2018\/10\/Sue-Paraskeva-Gila-Stolzenfu\u00df-Blick-in-die-Ausstellung-galerie-metzger-gallery-metzger-aschaffenburg-sculpture-porcelain-painting-768x1152.jpg 768w, https:\/\/www.galerie-metzger.de\/wp-content\/uploads\/2018\/10\/Sue-Paraskeva-Gila-Stolzenfu\u00df-Blick-in-die-Ausstellung-galerie-metzger-gallery-metzger-aschaffenburg-sculpture-porcelain-painting-1067x1600.jpg 1067w, https:\/\/www.galerie-metzger.de\/wp-content\/uploads\/2018\/10\/Sue-Paraskeva-Gila-Stolzenfu\u00df-Blick-in-die-Ausstellung-galerie-metzger-gallery-metzger-aschaffenburg-sculpture-porcelain-painting-450x675.jpg 450w, https:\/\/www.galerie-metzger.de\/wp-content\/uploads\/2018\/10\/Sue-Paraskeva-Gila-Stolzenfu\u00df-Blick-in-die-Ausstellung-galerie-metzger-gallery-metzger-aschaffenburg-sculpture-porcelain-painting-scaled.jpg 1707w\" sizes=\"(max-width: 690px) 100vw, 690px\" \/><\/a><\/div><\/div><\/div><\/div><\/div><!--close column table wrapper. Autoclose: 1 --><div class='flex_column_table av-av_one_full-9731843b9236f31f4ed8d91fa944e8b0 sc-av_one_full av-equal-height-column-flextable'>\n<style type=\"text\/css\" data-created_by=\"avia_inline_auto\" id=\"style-css-av-av_one_full-9731843b9236f31f4ed8d91fa944e8b0\">\n.flex_column.av-av_one_full-9731843b9236f31f4ed8d91fa944e8b0{\n-webkit-border-radius:0px 0px 0px 0px;\n-moz-border-radius:0px 0px 0px 0px;\nborder-radius:0px 0px 0px 0px;\n}\n<\/style>\n<div class='flex_column av-av_one_full-9731843b9236f31f4ed8d91fa944e8b0 av_one_full  avia-builder-el-25  el_after_av_one_third  el_before_av_one_half  jo_col_empty first flex_column_table_cell av-equal-height-column av-align-top av-animated-generic fade-in av-zero-column-padding column-top-margin'     ><section  class='av_textblock_section av-av_textblock-283972ea15f2e73870c23e2d6de3245d' ><div class='avia_textblock' ><p>invisible placeholder<\/p>\n<\/div><\/section><\/div><\/div><!--close column table wrapper. Autoclose: 1 --><div class='flex_column_table av-av_one_half-081f2d25e9e807acef4963eb4e3a9b0e sc-av_one_half av-equal-height-column-flextable'>\n<style type=\"text\/css\" data-created_by=\"avia_inline_auto\" id=\"style-css-av-av_one_half-081f2d25e9e807acef4963eb4e3a9b0e\">\n.flex_column.av-av_one_half-081f2d25e9e807acef4963eb4e3a9b0e{\n-webkit-border-radius:0px 0px 0px 0px;\n-moz-border-radius:0px 0px 0px 0px;\nborder-radius:0px 0px 0px 0px;\n}\n<\/style>\n<div class='flex_column av-av_one_half-081f2d25e9e807acef4963eb4e3a9b0e av_one_half  avia-builder-el-27  el_after_av_one_full  el_before_av_one_half  first flex_column_table_cell av-equal-height-column av-align-top av-animated-generic fade-in av-zero-column-padding column-top-margin'     ><section  class='av_textblock_section av-av_textblock-283972ea15f2e73870c23e2d6de3245d' ><div class='avia_textblock' ><p><strong>Eine Begegnung zwischen Malerei und Plastik &#8211; eine Begegnung zwischen Sue Paraskeva und Gila Stolzenfu\u00df<\/strong><\/p>\n<p>Unter Verwendung traditioneller Porzellantechniken l\u00e4sst <strong>Sue Paraskeva<\/strong> zart gedrehte Gef\u00e4\u00dfe entstehen. Dabei geschehen Ver\u00e4nderungen und Zuf\u00e4lle, die als erweiterter Kommentar \u00fcber h\u00e4usliche Beziehungen sowie als Erforschung des besch\u00e4digten bzw. geheilten menschlichen Geistes und K\u00f6rpers zu verstehen sind. Der Gef\u00e4\u00dfcharakter wird zugunsten einer neuen plastischen Aussage aufgehoben.<\/p>\n<p>Ihre intime Formensprache hat eigene physische und emotionale Gesten. Die j\u00fcngsten Arbeiten sind installativ, die auf Gewicht und Dimension verschiedener K\u00f6rperteile Bezug nehmen.<\/p>\n<\/div><\/section><\/div><div class='av-flex-placeholder'><\/div>\n<style type=\"text\/css\" data-created_by=\"avia_inline_auto\" id=\"style-css-av-av_one_half-d3527fefd78746f092942f935eb2b9ab\">\n.flex_column.av-av_one_half-d3527fefd78746f092942f935eb2b9ab{\n-webkit-border-radius:0px 0px 0px 0px;\n-moz-border-radius:0px 0px 0px 0px;\nborder-radius:0px 0px 0px 0px;\n}\n<\/style>\n<div class='flex_column av-av_one_half-d3527fefd78746f092942f935eb2b9ab av_one_half  avia-builder-el-29  el_after_av_one_half  el_before_av_one_full  flex_column_table_cell av-equal-height-column av-align-top av-animated-generic fade-in av-zero-column-padding column-top-margin'     ><section  class='av_textblock_section av-av_textblock-283972ea15f2e73870c23e2d6de3245d' ><div class='avia_textblock' ><p>Den Bildern von <strong>Gila Stolzenfu\u00df<\/strong> gelingt es, mit den traditionellen Mitteln von Linie, Fl\u00e4che, Farbe und Form den Betrachter in einen Raum zu ziehen, in dem die Zeitdimension durchschritten ist. Durch die ihrer Malerei innewohnende, frontale Dynamik findet eine Achsenverschiebung statt, die unseren Horizont aufs Spiel setzt und eine Erfahrung von Freiheit gew\u00e4hrleistet. Es ist Erfahrungs\u00e4sthetik, die uns hier begegnet und somit offenbart sich durch die Gleichzeitigkeit von Wildheit und Ruhe die Intensit\u00e4t von Sch\u00f6nheit.<\/p>\n<p>Die Performances von Gila Stolzenfu\u00df geben sich bewusst theatralisch, absurd, sie spiegeln uns unsere oft gebrochene menschliche Existenz sprachlich und gestisch wieder. Ihre Schauspielkunst beeindruckt durch seine Ernsthaftigkeit, durch seinen Humor und durch eine sprachliche Ebene, die in ihrer Gesamtwirkung dennoch Eindeutigkeit hinterl\u00e4sst.<\/p>\n<\/div><\/section><\/div><\/div><!--close column table wrapper. Autoclose: 1 --><div class='flex_column_table av-av_one_full-9731843b9236f31f4ed8d91fa944e8b0 sc-av_one_full av-equal-height-column-flextable'>\n<style type=\"text\/css\" data-created_by=\"avia_inline_auto\" id=\"style-css-av-av_one_full-9731843b9236f31f4ed8d91fa944e8b0\">\n.flex_column.av-av_one_full-9731843b9236f31f4ed8d91fa944e8b0{\n-webkit-border-radius:0px 0px 0px 0px;\n-moz-border-radius:0px 0px 0px 0px;\nborder-radius:0px 0px 0px 0px;\n}\n<\/style>\n<div class='flex_column av-av_one_full-9731843b9236f31f4ed8d91fa944e8b0 av_one_full  avia-builder-el-31  el_after_av_one_half  el_before_av_one_half  jo_col_empty first flex_column_table_cell av-equal-height-column av-align-top av-animated-generic fade-in av-zero-column-padding column-top-margin'     ><section  class='av_textblock_section av-av_textblock-283972ea15f2e73870c23e2d6de3245d' ><div class='avia_textblock' ><p>invisible placeholder<\/p>\n<\/div><\/section><\/div><\/div><!--close column table wrapper. Autoclose: 1 --><div class='flex_column_table av-av_one_half-d8bc1af391ab19e1b80332216d5a6941 sc-av_one_half av-equal-height-column-flextable'>\n<style type=\"text\/css\" data-created_by=\"avia_inline_auto\" id=\"style-css-av-av_one_half-d8bc1af391ab19e1b80332216d5a6941\">\n.flex_column.av-av_one_half-d8bc1af391ab19e1b80332216d5a6941{\n-webkit-border-radius:0px 0px 0px 0px;\n-moz-border-radius:0px 0px 0px 0px;\nborder-radius:0px 0px 0px 0px;\n}\n<\/style>\n<div class='flex_column av-av_one_half-d8bc1af391ab19e1b80332216d5a6941 av_one_half  avia-builder-el-33  el_after_av_one_full  el_before_av_one_half  jo_pf_bild_bg first flex_column_table_cell av-equal-height-column av-align-top av-animated-generic fade-in av-zero-column-padding column-top-margin'     ><style type=\"text\/css\" data-created_by=\"avia_inline_auto\" id=\"style-css-av-av_image-a5df80b40df98fb516706bc47aa7a33b\">\n.avia-image-container.av-av_image-a5df80b40df98fb516706bc47aa7a33b img.avia_image{\nbox-shadow:none;\n}\n.avia-image-container.av-av_image-a5df80b40df98fb516706bc47aa7a33b .av-caption-image-overlay-bg{\nopacity:0.4;\n}\n<\/style>\n<div  class='avia-image-container av-av_image-a5df80b40df98fb516706bc47aa7a33b av-styling-no-styling avia_animated_image av-animated-when-visible-95 fade-in avia-align-left  avia-builder-el-34  avia-builder-el-no-sibling  jo_pf_bild noHover av-overlay-hover-deactivate'  ><div class=\"avia-image-container-inner\"><div class=\"avia-image-overlay-wrap\"><a href=\"https:\/\/www.galerie-metzger.de\/wp-content\/uploads\/2018\/05\/gila-stolzenfu\u00df-untitled-2017-galerie-metzger-gallery-art-malerie-zeitgen\u00f6ssisch-1090x727.jpg\" data-srcset=\"https:\/\/www.galerie-metzger.de\/wp-content\/uploads\/2018\/05\/gila-stolzenfu\u00df-untitled-2017-galerie-metzger-gallery-art-malerie-zeitgen\u00f6ssisch-1090x727.jpg 1090w, https:\/\/www.galerie-metzger.de\/wp-content\/uploads\/2018\/05\/gila-stolzenfu\u00df-untitled-2017-galerie-metzger-gallery-art-malerie-zeitgen\u00f6ssisch-690x460.jpg 690w, https:\/\/www.galerie-metzger.de\/wp-content\/uploads\/2018\/05\/gila-stolzenfu\u00df-untitled-2017-galerie-metzger-gallery-art-malerie-zeitgen\u00f6ssisch-1536x1024.jpg 1536w, https:\/\/www.galerie-metzger.de\/wp-content\/uploads\/2018\/05\/gila-stolzenfu\u00df-untitled-2017-galerie-metzger-gallery-art-malerie-zeitgen\u00f6ssisch-2048x1365.jpg 2048w, https:\/\/www.galerie-metzger.de\/wp-content\/uploads\/2018\/05\/gila-stolzenfu\u00df-untitled-2017-galerie-metzger-gallery-art-malerie-zeitgen\u00f6ssisch-1500x1000.jpg 1500w, https:\/\/www.galerie-metzger.de\/wp-content\/uploads\/2018\/05\/gila-stolzenfu\u00df-untitled-2017-galerie-metzger-gallery-art-malerie-zeitgen\u00f6ssisch-705x470.jpg 705w, https:\/\/www.galerie-metzger.de\/wp-content\/uploads\/2018\/05\/gila-stolzenfu\u00df-untitled-2017-galerie-metzger-gallery-art-malerie-zeitgen\u00f6ssisch-400x267.jpg 400w, https:\/\/www.galerie-metzger.de\/wp-content\/uploads\/2018\/05\/gila-stolzenfu\u00df-untitled-2017-galerie-metzger-gallery-art-malerie-zeitgen\u00f6ssisch-768x512.jpg 768w, https:\/\/www.galerie-metzger.de\/wp-content\/uploads\/2018\/05\/gila-stolzenfu\u00df-untitled-2017-galerie-metzger-gallery-art-malerie-zeitgen\u00f6ssisch-1600x1067.jpg 1600w, https:\/\/www.galerie-metzger.de\/wp-content\/uploads\/2018\/05\/gila-stolzenfu\u00df-untitled-2017-galerie-metzger-gallery-art-malerie-zeitgen\u00f6ssisch-300x200.jpg 300w, https:\/\/www.galerie-metzger.de\/wp-content\/uploads\/2018\/05\/gila-stolzenfu\u00df-untitled-2017-galerie-metzger-gallery-art-malerie-zeitgen\u00f6ssisch-900x600.jpg 900w, https:\/\/www.galerie-metzger.de\/wp-content\/uploads\/2018\/05\/gila-stolzenfu\u00df-untitled-2017-galerie-metzger-gallery-art-malerie-zeitgen\u00f6ssisch-450x300.jpg 450w\" data-sizes=\"(max-width: 1030px) 100vw, 1030px\" class='avia_image' ><div class=\"av-image-caption-overlay\"><div class=\"av-caption-image-overlay-bg\"><\/div><div class=\"av-image-caption-overlay-position\"><div class=\"av-image-caption-overlay-center\"><p>Gila Stolzenfu\u00df \u2013 untitled \u2013 2017. 120x160cm, Ausschnitt aus dem Bild, Foto: Wilfried Petzi<\/p>\n<\/div><\/div><\/div><img decoding=\"async\" class='wp-image-5866 avia-img-lazy-loading-not-5866 avia_image ' src=\"https:\/\/www.galerie-metzger.de\/wp-content\/uploads\/2018\/05\/gila-stolzenfu\u00df-untitled-2017-galerie-metzger-gallery-art-malerie-zeitgen\u00f6ssisch-495x400.jpg\" alt='Gila-Stolzenfu\u00df-untitled-2017' title='Gila-Stolzenfu\u00df-untitled-2017'  height=\"400\" width=\"495\" srcset=\"https:\/\/www.galerie-metzger.de\/wp-content\/uploads\/2018\/05\/gila-stolzenfu\u00df-untitled-2017-galerie-metzger-gallery-art-malerie-zeitgen\u00f6ssisch-495x400.jpg 495w, https:\/\/www.galerie-metzger.de\/wp-content\/uploads\/2018\/05\/gila-stolzenfu\u00df-untitled-2017-galerie-metzger-gallery-art-malerie-zeitgen\u00f6ssisch-845x684.jpg 845w\" sizes=\"(max-width: 495px) 100vw, 495px\" \/><\/a><\/div><\/div><\/div><\/div><div class='av-flex-placeholder'><\/div>\n<style type=\"text\/css\" data-created_by=\"avia_inline_auto\" id=\"style-css-av-av_one_half-6b9a0098281ac79e1809296ee7f22ca2\">\n.flex_column.av-av_one_half-6b9a0098281ac79e1809296ee7f22ca2{\n-webkit-border-radius:0px 0px 0px 0px;\n-moz-border-radius:0px 0px 0px 0px;\nborder-radius:0px 0px 0px 0px;\n}\n<\/style>\n<div class='flex_column av-av_one_half-6b9a0098281ac79e1809296ee7f22ca2 av_one_half  avia-builder-el-35  el_after_av_one_half  el_before_av_one_half  jo_pf_bild_bg flex_column_table_cell av-equal-height-column av-align-top av-animated-generic fade-in av-zero-column-padding column-top-margin'     ><style type=\"text\/css\" data-created_by=\"avia_inline_auto\" id=\"style-css-av-av_image-6198fc12d1d94adf601afd3f2c27329f\">\n.avia-image-container.av-av_image-6198fc12d1d94adf601afd3f2c27329f img.avia_image{\nbox-shadow:none;\n}\n.avia-image-container.av-av_image-6198fc12d1d94adf601afd3f2c27329f .av-caption-image-overlay-bg{\nopacity:0.4;\n}\n<\/style>\n<div  class='avia-image-container av-av_image-6198fc12d1d94adf601afd3f2c27329f av-styling-no-styling avia_animated_image av-animated-when-visible-95 fade-in avia-align-left  avia-builder-el-36  avia-builder-el-no-sibling  jo_pf_bild noHover av-overlay-hover-deactivate'  ><div class=\"avia-image-container-inner\"><div class=\"avia-image-overlay-wrap\"><a href=\"https:\/\/www.galerie-metzger.de\/wp-content\/uploads\/2018\/04\/sue-paraskeva-pieces-of-eight-galerie-metzger-gallery-art-zeitgen\u00f6ssische-kunst-1090x727.jpg\" data-srcset=\"https:\/\/www.galerie-metzger.de\/wp-content\/uploads\/2018\/04\/sue-paraskeva-pieces-of-eight-galerie-metzger-gallery-art-zeitgen\u00f6ssische-kunst-1090x727.jpg 1090w, https:\/\/www.galerie-metzger.de\/wp-content\/uploads\/2018\/04\/sue-paraskeva-pieces-of-eight-galerie-metzger-gallery-art-zeitgen\u00f6ssische-kunst-690x460.jpg 690w, https:\/\/www.galerie-metzger.de\/wp-content\/uploads\/2018\/04\/sue-paraskeva-pieces-of-eight-galerie-metzger-gallery-art-zeitgen\u00f6ssische-kunst-1536x1024.jpg 1536w, https:\/\/www.galerie-metzger.de\/wp-content\/uploads\/2018\/04\/sue-paraskeva-pieces-of-eight-galerie-metzger-gallery-art-zeitgen\u00f6ssische-kunst-2048x1365.jpg 2048w, https:\/\/www.galerie-metzger.de\/wp-content\/uploads\/2018\/04\/sue-paraskeva-pieces-of-eight-galerie-metzger-gallery-art-zeitgen\u00f6ssische-kunst-1500x1000.jpg 1500w, https:\/\/www.galerie-metzger.de\/wp-content\/uploads\/2018\/04\/sue-paraskeva-pieces-of-eight-galerie-metzger-gallery-art-zeitgen\u00f6ssische-kunst-705x470.jpg 705w, https:\/\/www.galerie-metzger.de\/wp-content\/uploads\/2018\/04\/sue-paraskeva-pieces-of-eight-galerie-metzger-gallery-art-zeitgen\u00f6ssische-kunst-400x267.jpg 400w, https:\/\/www.galerie-metzger.de\/wp-content\/uploads\/2018\/04\/sue-paraskeva-pieces-of-eight-galerie-metzger-gallery-art-zeitgen\u00f6ssische-kunst-768x512.jpg 768w, https:\/\/www.galerie-metzger.de\/wp-content\/uploads\/2018\/04\/sue-paraskeva-pieces-of-eight-galerie-metzger-gallery-art-zeitgen\u00f6ssische-kunst-1600x1067.jpg 1600w, https:\/\/www.galerie-metzger.de\/wp-content\/uploads\/2018\/04\/sue-paraskeva-pieces-of-eight-galerie-metzger-gallery-art-zeitgen\u00f6ssische-kunst-300x200.jpg 300w, https:\/\/www.galerie-metzger.de\/wp-content\/uploads\/2018\/04\/sue-paraskeva-pieces-of-eight-galerie-metzger-gallery-art-zeitgen\u00f6ssische-kunst-900x600.jpg 900w, https:\/\/www.galerie-metzger.de\/wp-content\/uploads\/2018\/04\/sue-paraskeva-pieces-of-eight-galerie-metzger-gallery-art-zeitgen\u00f6ssische-kunst-450x300.jpg 450w\" data-sizes=\"(max-width: 1030px) 100vw, 1030px\" class='avia_image' ><div class=\"av-image-caption-overlay\"><div class=\"av-caption-image-overlay-bg\"><\/div><div class=\"av-image-caption-overlay-position\"><div class=\"av-image-caption-overlay-center\"><p>Sue Paraskeva \u2013 Pieces of Eight \u2013 2017, 25&#215;23 cm, Foto: Julian Winslow<\/p>\n<\/div><\/div><\/div><img decoding=\"async\" class='wp-image-5740 avia-img-lazy-loading-not-5740 avia_image ' src=\"https:\/\/www.galerie-metzger.de\/wp-content\/uploads\/2018\/04\/sue-paraskeva-pieces-of-eight-galerie-metzger-gallery-art-zeitgen\u00f6ssische-kunst-1090x727.jpg\" alt='sue paraskeva-pieces of eight' title='sue paraskeva-pieces of eight'  height=\"687\" width=\"1030\" srcset=\"https:\/\/www.galerie-metzger.de\/wp-content\/uploads\/2018\/04\/sue-paraskeva-pieces-of-eight-galerie-metzger-gallery-art-zeitgen\u00f6ssische-kunst-1090x727.jpg 1090w, https:\/\/www.galerie-metzger.de\/wp-content\/uploads\/2018\/04\/sue-paraskeva-pieces-of-eight-galerie-metzger-gallery-art-zeitgen\u00f6ssische-kunst-690x460.jpg 690w, https:\/\/www.galerie-metzger.de\/wp-content\/uploads\/2018\/04\/sue-paraskeva-pieces-of-eight-galerie-metzger-gallery-art-zeitgen\u00f6ssische-kunst-1536x1024.jpg 1536w, https:\/\/www.galerie-metzger.de\/wp-content\/uploads\/2018\/04\/sue-paraskeva-pieces-of-eight-galerie-metzger-gallery-art-zeitgen\u00f6ssische-kunst-2048x1365.jpg 2048w, https:\/\/www.galerie-metzger.de\/wp-content\/uploads\/2018\/04\/sue-paraskeva-pieces-of-eight-galerie-metzger-gallery-art-zeitgen\u00f6ssische-kunst-1500x1000.jpg 1500w, https:\/\/www.galerie-metzger.de\/wp-content\/uploads\/2018\/04\/sue-paraskeva-pieces-of-eight-galerie-metzger-gallery-art-zeitgen\u00f6ssische-kunst-705x470.jpg 705w, https:\/\/www.galerie-metzger.de\/wp-content\/uploads\/2018\/04\/sue-paraskeva-pieces-of-eight-galerie-metzger-gallery-art-zeitgen\u00f6ssische-kunst-400x267.jpg 400w, https:\/\/www.galerie-metzger.de\/wp-content\/uploads\/2018\/04\/sue-paraskeva-pieces-of-eight-galerie-metzger-gallery-art-zeitgen\u00f6ssische-kunst-768x512.jpg 768w, https:\/\/www.galerie-metzger.de\/wp-content\/uploads\/2018\/04\/sue-paraskeva-pieces-of-eight-galerie-metzger-gallery-art-zeitgen\u00f6ssische-kunst-1600x1067.jpg 1600w, https:\/\/www.galerie-metzger.de\/wp-content\/uploads\/2018\/04\/sue-paraskeva-pieces-of-eight-galerie-metzger-gallery-art-zeitgen\u00f6ssische-kunst-300x200.jpg 300w, https:\/\/www.galerie-metzger.de\/wp-content\/uploads\/2018\/04\/sue-paraskeva-pieces-of-eight-galerie-metzger-gallery-art-zeitgen\u00f6ssische-kunst-900x600.jpg 900w, https:\/\/www.galerie-metzger.de\/wp-content\/uploads\/2018\/04\/sue-paraskeva-pieces-of-eight-galerie-metzger-gallery-art-zeitgen\u00f6ssische-kunst-450x300.jpg 450w\" sizes=\"(max-width: 1030px) 100vw, 1030px\" \/><\/a><\/div><\/div><\/div><\/div><\/div><!--close column table wrapper. Autoclose: 1 --><div class='flex_column_table av-av_one_half-9731843b9236f31f4ed8d91fa944e8b0 sc-av_one_half av-equal-height-column-flextable'>\n<style type=\"text\/css\" data-created_by=\"avia_inline_auto\" id=\"style-css-av-av_one_half-9731843b9236f31f4ed8d91fa944e8b0\">\n.flex_column.av-av_one_half-9731843b9236f31f4ed8d91fa944e8b0{\n-webkit-border-radius:0px 0px 0px 0px;\n-moz-border-radius:0px 0px 0px 0px;\nborder-radius:0px 0px 0px 0px;\n}\n<\/style>\n<div class='flex_column av-av_one_half-9731843b9236f31f4ed8d91fa944e8b0 av_one_half  avia-builder-el-37  el_after_av_one_half  el_before_av_one_half  jo_col_empty first flex_column_table_cell av-equal-height-column av-align-top av-animated-generic fade-in av-zero-column-padding column-top-margin'     ><section  class='av_textblock_section av-av_textblock-283972ea15f2e73870c23e2d6de3245d' ><div class='avia_textblock' ><p>invisible placeholder<\/p>\n<\/div><\/section><\/div><div class='av-flex-placeholder'><\/div>\n<style type=\"text\/css\" data-created_by=\"avia_inline_auto\" id=\"style-css-av-av_one_half-99631f555abdb327d0c5dfd5f6831e44\">\n.flex_column.av-av_one_half-99631f555abdb327d0c5dfd5f6831e44{\n-webkit-border-radius:0px 0px 0px 0px;\n-moz-border-radius:0px 0px 0px 0px;\nborder-radius:0px 0px 0px 0px;\n}\n<\/style>\n<div class='flex_column av-av_one_half-99631f555abdb327d0c5dfd5f6831e44 av_one_half  avia-builder-el-39  el_after_av_one_half  el_before_av_one_half  jo_col_empty flex_column_table_cell av-equal-height-column av-align-top av-animated-generic fade-in av-zero-column-padding column-top-margin'     ><section  class='av_textblock_section av-av_textblock-283972ea15f2e73870c23e2d6de3245d' ><div class='avia_textblock' ><p>invisible placeholder<\/p>\n<\/div><\/section><\/div><\/div><!--close column table wrapper. Autoclose: 1 --><div class='flex_column_table av-av_one_half-081f2d25e9e807acef4963eb4e3a9b0e sc-av_one_half av-equal-height-column-flextable'>\n<style type=\"text\/css\" data-created_by=\"avia_inline_auto\" id=\"style-css-av-av_one_half-081f2d25e9e807acef4963eb4e3a9b0e\">\n.flex_column.av-av_one_half-081f2d25e9e807acef4963eb4e3a9b0e{\n-webkit-border-radius:0px 0px 0px 0px;\n-moz-border-radius:0px 0px 0px 0px;\nborder-radius:0px 0px 0px 0px;\n}\n<\/style>\n<div class='flex_column av-av_one_half-081f2d25e9e807acef4963eb4e3a9b0e av_one_half  avia-builder-el-41  el_after_av_one_half  el_before_av_one_half  first flex_column_table_cell av-equal-height-column av-align-top av-animated-generic fade-in av-zero-column-padding column-top-margin'     ><section  class='av_textblock_section av-av_textblock-283972ea15f2e73870c23e2d6de3245d' ><div class='avia_textblock' ><p>Gila Stolzenfu\u00df<\/p>\n<p><strong>NA SO WAS<\/strong><\/p>\n<p>Performance<br \/>\nam Sonntag, dem 21.10.2018 um 11 Uhr<\/p>\n<\/div><\/section><\/div><div class='av-flex-placeholder'><\/div>\n<style type=\"text\/css\" data-created_by=\"avia_inline_auto\" id=\"style-css-av-av_one_half-6b9a0098281ac79e1809296ee7f22ca2\">\n.flex_column.av-av_one_half-6b9a0098281ac79e1809296ee7f22ca2{\n-webkit-border-radius:0px 0px 0px 0px;\n-moz-border-radius:0px 0px 0px 0px;\nborder-radius:0px 0px 0px 0px;\n}\n<\/style>\n<div class='flex_column av-av_one_half-6b9a0098281ac79e1809296ee7f22ca2 av_one_half  avia-builder-el-43  el_after_av_one_half  el_before_av_one_full  jo_pf_bild_bg flex_column_table_cell av-equal-height-column av-align-top av-animated-generic fade-in av-zero-column-padding column-top-margin'     ><style type=\"text\/css\" data-created_by=\"avia_inline_auto\" id=\"style-css-av-av_image-e49b5c15c540e8e39e03ca03dc7ff766\">\n.avia-image-container.av-av_image-e49b5c15c540e8e39e03ca03dc7ff766 img.avia_image{\nbox-shadow:none;\n}\n.avia-image-container.av-av_image-e49b5c15c540e8e39e03ca03dc7ff766 .av-caption-image-overlay-bg{\nopacity:0.4;\n}\n<\/style>\n<div  class='avia-image-container av-av_image-e49b5c15c540e8e39e03ca03dc7ff766 av-styling-no-styling avia_animated_image av-animated-when-visible-95 fade-in avia-align-left  avia-builder-el-44  avia-builder-el-no-sibling  noHover av-overlay-hover-deactivate'  ><div class=\"avia-image-container-inner\"><div class=\"avia-image-overlay-wrap\"><a href=\"https:\/\/youtu.be\/HKkXk-wUySg\" class='avia_image' target=\"_blank\" rel=\"noopener noreferrer\"><div class=\"av-image-caption-overlay\"><div class=\"av-caption-image-overlay-bg\"><\/div><div class=\"av-image-caption-overlay-position\"><div class=\"av-image-caption-overlay-center\"><p>Gila Stolzenfu\u00df \u2013 Performance \u2013 NA SO WAS, 2018, Video: Sue Paraskeva<\/p>\n<\/div><\/div><\/div><img decoding=\"async\" class='wp-image-6684 avia-img-lazy-loading-not-6684 avia_image ' src=\"https:\/\/www.galerie-metzger.de\/wp-content\/uploads\/2018\/10\/Gila-Stolzenfuss-Performance-opening-galerie-metzger-gallery-metzger-object-art-skulptur-690x1035.jpg\" alt='Gila-Stolzenfuss-Performance-opening-galerie-metzger' title='Gila-Stolzenfuss-Performance-opening-galerie-metzger'  height=\"1035\" width=\"690\" srcset=\"https:\/\/www.galerie-metzger.de\/wp-content\/uploads\/2018\/10\/Gila-Stolzenfuss-Performance-opening-galerie-metzger-gallery-metzger-object-art-skulptur-690x1035.jpg 690w, https:\/\/www.galerie-metzger.de\/wp-content\/uploads\/2018\/10\/Gila-Stolzenfuss-Performance-opening-galerie-metzger-gallery-metzger-object-art-skulptur-727x1090.jpg 727w, https:\/\/www.galerie-metzger.de\/wp-content\/uploads\/2018\/10\/Gila-Stolzenfuss-Performance-opening-galerie-metzger-gallery-metzger-object-art-skulptur-1024x1536.jpg 1024w, https:\/\/www.galerie-metzger.de\/wp-content\/uploads\/2018\/10\/Gila-Stolzenfuss-Performance-opening-galerie-metzger-gallery-metzger-object-art-skulptur-1365x2048.jpg 1365w, https:\/\/www.galerie-metzger.de\/wp-content\/uploads\/2018\/10\/Gila-Stolzenfuss-Performance-opening-galerie-metzger-gallery-metzger-object-art-skulptur-1000x1500.jpg 1000w, https:\/\/www.galerie-metzger.de\/wp-content\/uploads\/2018\/10\/Gila-Stolzenfuss-Performance-opening-galerie-metzger-gallery-metzger-object-art-skulptur-470x705.jpg 470w, https:\/\/www.galerie-metzger.de\/wp-content\/uploads\/2018\/10\/Gila-Stolzenfuss-Performance-opening-galerie-metzger-gallery-metzger-object-art-skulptur-267x400.jpg 267w, https:\/\/www.galerie-metzger.de\/wp-content\/uploads\/2018\/10\/Gila-Stolzenfuss-Performance-opening-galerie-metzger-gallery-metzger-object-art-skulptur-768x1152.jpg 768w, https:\/\/www.galerie-metzger.de\/wp-content\/uploads\/2018\/10\/Gila-Stolzenfuss-Performance-opening-galerie-metzger-gallery-metzger-object-art-skulptur-1067x1600.jpg 1067w, https:\/\/www.galerie-metzger.de\/wp-content\/uploads\/2018\/10\/Gila-Stolzenfuss-Performance-opening-galerie-metzger-gallery-metzger-object-art-skulptur-450x675.jpg 450w, https:\/\/www.galerie-metzger.de\/wp-content\/uploads\/2018\/10\/Gila-Stolzenfuss-Performance-opening-galerie-metzger-gallery-metzger-object-art-skulptur-scaled.jpg 1707w\" sizes=\"(max-width: 690px) 100vw, 690px\" \/><\/a><\/div><\/div><\/div><\/div><\/div><!--close column table wrapper. Autoclose: 1 --><div class='flex_column_table av-av_one_full-9731843b9236f31f4ed8d91fa944e8b0 sc-av_one_full av-equal-height-column-flextable'>\n<style type=\"text\/css\" data-created_by=\"avia_inline_auto\" id=\"style-css-av-av_one_full-9731843b9236f31f4ed8d91fa944e8b0\">\n.flex_column.av-av_one_full-9731843b9236f31f4ed8d91fa944e8b0{\n-webkit-border-radius:0px 0px 0px 0px;\n-moz-border-radius:0px 0px 0px 0px;\nborder-radius:0px 0px 0px 0px;\n}\n<\/style>\n<div class='flex_column av-av_one_full-9731843b9236f31f4ed8d91fa944e8b0 av_one_full  avia-builder-el-45  el_after_av_one_half  el_before_av_one_half  jo_col_empty first flex_column_table_cell av-equal-height-column av-align-top av-animated-generic fade-in av-zero-column-padding column-top-margin'     ><section  class='av_textblock_section av-av_textblock-283972ea15f2e73870c23e2d6de3245d' ><div class='avia_textblock' ><p>invisible placeholder<\/p>\n<\/div><\/section><\/div><\/div><!--close column table wrapper. Autoclose: 1 --><div class='flex_column_table av-av_one_half-d8bc1af391ab19e1b80332216d5a6941 sc-av_one_half av-equal-height-column-flextable'>\n<style type=\"text\/css\" data-created_by=\"avia_inline_auto\" id=\"style-css-av-av_one_half-d8bc1af391ab19e1b80332216d5a6941\">\n.flex_column.av-av_one_half-d8bc1af391ab19e1b80332216d5a6941{\n-webkit-border-radius:0px 0px 0px 0px;\n-moz-border-radius:0px 0px 0px 0px;\nborder-radius:0px 0px 0px 0px;\n}\n<\/style>\n<div class='flex_column av-av_one_half-d8bc1af391ab19e1b80332216d5a6941 av_one_half  avia-builder-el-47  el_after_av_one_full  el_before_av_one_half  jo_pf_bild_bg first flex_column_table_cell av-equal-height-column av-align-top av-animated-generic fade-in av-zero-column-padding column-top-margin'     ><p>\n<style type=\"text\/css\" data-created_by=\"avia_inline_auto\" id=\"style-css-av-av_image-e40e2e3a1a15f6e83e21c056b33febb8\">\n.avia-image-container.av-av_image-e40e2e3a1a15f6e83e21c056b33febb8 img.avia_image{\nbox-shadow:none;\n}\n.avia-image-container.av-av_image-e40e2e3a1a15f6e83e21c056b33febb8 .av-caption-image-overlay-bg{\nopacity:0.4;\n}\n<\/style>\n<div  class='avia-image-container av-av_image-e40e2e3a1a15f6e83e21c056b33febb8 av-styling-no-styling avia_animated_image av-animated-when-visible-95 fade-in avia-align-left  avia-builder-el-48  el_before_av_textblock  avia-builder-el-first  jo_pf_bild noHover av-overlay-hover-deactivate'  ><div class=\"avia-image-container-inner\"><div class=\"avia-image-overlay-wrap\"><a href=\"https:\/\/www.galerie-metzger.de\/wp-content\/uploads\/2018\/05\/gila-stolzenfu\u00df-untitled-2017-200x140-cm-acryl-auf-leinwand-galerie-metzger-1090x767.jpg\" data-srcset=\"https:\/\/www.galerie-metzger.de\/wp-content\/uploads\/2018\/05\/gila-stolzenfu\u00df-untitled-2017-200x140-cm-acryl-auf-leinwand-galerie-metzger-1090x767.jpg 1090w, https:\/\/www.galerie-metzger.de\/wp-content\/uploads\/2018\/05\/gila-stolzenfu\u00df-untitled-2017-200x140-cm-acryl-auf-leinwand-galerie-metzger-690x485.jpg 690w, https:\/\/www.galerie-metzger.de\/wp-content\/uploads\/2018\/05\/gila-stolzenfu\u00df-untitled-2017-200x140-cm-acryl-auf-leinwand-galerie-metzger-1536x1081.jpg 1536w, https:\/\/www.galerie-metzger.de\/wp-content\/uploads\/2018\/05\/gila-stolzenfu\u00df-untitled-2017-200x140-cm-acryl-auf-leinwand-galerie-metzger-2048x1441.jpg 2048w, https:\/\/www.galerie-metzger.de\/wp-content\/uploads\/2018\/05\/gila-stolzenfu\u00df-untitled-2017-200x140-cm-acryl-auf-leinwand-galerie-metzger-1500x1055.jpg 1500w, https:\/\/www.galerie-metzger.de\/wp-content\/uploads\/2018\/05\/gila-stolzenfu\u00df-untitled-2017-200x140-cm-acryl-auf-leinwand-galerie-metzger-705x496.jpg 705w, https:\/\/www.galerie-metzger.de\/wp-content\/uploads\/2018\/05\/gila-stolzenfu\u00df-untitled-2017-200x140-cm-acryl-auf-leinwand-galerie-metzger-400x281.jpg 400w, https:\/\/www.galerie-metzger.de\/wp-content\/uploads\/2018\/05\/gila-stolzenfu\u00df-untitled-2017-200x140-cm-acryl-auf-leinwand-galerie-metzger-768x540.jpg 768w, https:\/\/www.galerie-metzger.de\/wp-content\/uploads\/2018\/05\/gila-stolzenfu\u00df-untitled-2017-200x140-cm-acryl-auf-leinwand-galerie-metzger-1600x1126.jpg 1600w, https:\/\/www.galerie-metzger.de\/wp-content\/uploads\/2018\/05\/gila-stolzenfu\u00df-untitled-2017-200x140-cm-acryl-auf-leinwand-galerie-metzger-450x317.jpg 450w\" data-sizes=\"(max-width: 1030px) 100vw, 1030px\" class='avia_image' ><div class=\"av-image-caption-overlay\"><div class=\"av-caption-image-overlay-bg\"><\/div><div class=\"av-image-caption-overlay-position\"><div class=\"av-image-caption-overlay-center\"><p>Gila Stolzenfu\u00df \u2013\u00a0untitled \u2013\u00a02017, 200&#215;140 cm, Foto: Wilfried Petzi<\/p>\n<\/div><\/div><\/div><img decoding=\"async\" class='wp-image-5822 avia-img-lazy-loading-not-5822 avia_image ' src=\"https:\/\/www.galerie-metzger.de\/wp-content\/uploads\/2018\/05\/gila-stolzenfu\u00df-untitled-2017-200x140-cm-acryl-auf-leinwand-galerie-metzger-1090x767.jpg\" alt='Gila-Stolzenfu\u00df, untitled-2017' title='Gila-Stolzenfu\u00df, untitled-2017'  height=\"725\" width=\"1030\" srcset=\"https:\/\/www.galerie-metzger.de\/wp-content\/uploads\/2018\/05\/gila-stolzenfu\u00df-untitled-2017-200x140-cm-acryl-auf-leinwand-galerie-metzger-1090x767.jpg 1090w, https:\/\/www.galerie-metzger.de\/wp-content\/uploads\/2018\/05\/gila-stolzenfu\u00df-untitled-2017-200x140-cm-acryl-auf-leinwand-galerie-metzger-690x485.jpg 690w, https:\/\/www.galerie-metzger.de\/wp-content\/uploads\/2018\/05\/gila-stolzenfu\u00df-untitled-2017-200x140-cm-acryl-auf-leinwand-galerie-metzger-1536x1081.jpg 1536w, https:\/\/www.galerie-metzger.de\/wp-content\/uploads\/2018\/05\/gila-stolzenfu\u00df-untitled-2017-200x140-cm-acryl-auf-leinwand-galerie-metzger-2048x1441.jpg 2048w, https:\/\/www.galerie-metzger.de\/wp-content\/uploads\/2018\/05\/gila-stolzenfu\u00df-untitled-2017-200x140-cm-acryl-auf-leinwand-galerie-metzger-1500x1055.jpg 1500w, https:\/\/www.galerie-metzger.de\/wp-content\/uploads\/2018\/05\/gila-stolzenfu\u00df-untitled-2017-200x140-cm-acryl-auf-leinwand-galerie-metzger-705x496.jpg 705w, https:\/\/www.galerie-metzger.de\/wp-content\/uploads\/2018\/05\/gila-stolzenfu\u00df-untitled-2017-200x140-cm-acryl-auf-leinwand-galerie-metzger-400x281.jpg 400w, https:\/\/www.galerie-metzger.de\/wp-content\/uploads\/2018\/05\/gila-stolzenfu\u00df-untitled-2017-200x140-cm-acryl-auf-leinwand-galerie-metzger-768x540.jpg 768w, https:\/\/www.galerie-metzger.de\/wp-content\/uploads\/2018\/05\/gila-stolzenfu\u00df-untitled-2017-200x140-cm-acryl-auf-leinwand-galerie-metzger-1600x1126.jpg 1600w, https:\/\/www.galerie-metzger.de\/wp-content\/uploads\/2018\/05\/gila-stolzenfu\u00df-untitled-2017-200x140-cm-acryl-auf-leinwand-galerie-metzger-450x317.jpg 450w\" sizes=\"(max-width: 1030px) 100vw, 1030px\" \/><\/a><\/div><\/div><\/div><br \/>\n<section  class='av_textblock_section av-av_textblock-2df6986536148a6092118248b21c996c' ><div class='avia_textblock jo_werk_anfrage' ><p><a class=\"anfrage\" href=\"mailto:info@galerie-metzger.de?subject=Gila%20Stolzenfuss%20untitled%202017\">Anfrage zum Werk<\/a><\/p>\n<\/div><\/section><\/p><\/div><div class='av-flex-placeholder'><\/div>\n<style type=\"text\/css\" data-created_by=\"avia_inline_auto\" id=\"style-css-av-av_one_half-6b9a0098281ac79e1809296ee7f22ca2\">\n.flex_column.av-av_one_half-6b9a0098281ac79e1809296ee7f22ca2{\n-webkit-border-radius:0px 0px 0px 0px;\n-moz-border-radius:0px 0px 0px 0px;\nborder-radius:0px 0px 0px 0px;\n}\n<\/style>\n<div class='flex_column av-av_one_half-6b9a0098281ac79e1809296ee7f22ca2 av_one_half  avia-builder-el-50  el_after_av_one_half  el_before_av_one_full  jo_pf_bild_bg flex_column_table_cell av-equal-height-column av-align-top av-animated-generic fade-in av-zero-column-padding column-top-margin'     ><p>\n<style type=\"text\/css\" data-created_by=\"avia_inline_auto\" id=\"style-css-av-av_image-0cb0b7ea3ac775d42c2ef323257e6432\">\n.avia-image-container.av-av_image-0cb0b7ea3ac775d42c2ef323257e6432 img.avia_image{\nbox-shadow:none;\n}\n.avia-image-container.av-av_image-0cb0b7ea3ac775d42c2ef323257e6432 .av-caption-image-overlay-bg{\nopacity:0.4;\n}\n<\/style>\n<div  class='avia-image-container av-av_image-0cb0b7ea3ac775d42c2ef323257e6432 av-styling-no-styling avia_animated_image av-animated-when-visible-95 fade-in avia-align-left  avia-builder-el-51  el_before_av_textblock  avia-builder-el-first  jo_pf_bild noHover av-overlay-hover-deactivate'  ><div class=\"avia-image-container-inner\"><div class=\"avia-image-overlay-wrap\"><a href=\"https:\/\/www.galerie-metzger.de\/wp-content\/uploads\/2018\/05\/gila-stolzenfu\u00df-untitled-2017-200x140-cm-acryl-auf-leinwand-galerie-metzger-gallery-zeitgenoessische-kunst-performance-1090x757.jpg\" data-srcset=\"https:\/\/www.galerie-metzger.de\/wp-content\/uploads\/2018\/05\/gila-stolzenfu\u00df-untitled-2017-200x140-cm-acryl-auf-leinwand-galerie-metzger-gallery-zeitgenoessische-kunst-performance-1090x757.jpg 1090w, https:\/\/www.galerie-metzger.de\/wp-content\/uploads\/2018\/05\/gila-stolzenfu\u00df-untitled-2017-200x140-cm-acryl-auf-leinwand-galerie-metzger-gallery-zeitgenoessische-kunst-performance-690x479.jpg 690w, https:\/\/www.galerie-metzger.de\/wp-content\/uploads\/2018\/05\/gila-stolzenfu\u00df-untitled-2017-200x140-cm-acryl-auf-leinwand-galerie-metzger-gallery-zeitgenoessische-kunst-performance-1536x1067.jpg 1536w, https:\/\/www.galerie-metzger.de\/wp-content\/uploads\/2018\/05\/gila-stolzenfu\u00df-untitled-2017-200x140-cm-acryl-auf-leinwand-galerie-metzger-gallery-zeitgenoessische-kunst-performance-2048x1423.jpg 2048w, https:\/\/www.galerie-metzger.de\/wp-content\/uploads\/2018\/05\/gila-stolzenfu\u00df-untitled-2017-200x140-cm-acryl-auf-leinwand-galerie-metzger-gallery-zeitgenoessische-kunst-performance-1500x1042.jpg 1500w, https:\/\/www.galerie-metzger.de\/wp-content\/uploads\/2018\/05\/gila-stolzenfu\u00df-untitled-2017-200x140-cm-acryl-auf-leinwand-galerie-metzger-gallery-zeitgenoessische-kunst-performance-705x490.jpg 705w, https:\/\/www.galerie-metzger.de\/wp-content\/uploads\/2018\/05\/gila-stolzenfu\u00df-untitled-2017-200x140-cm-acryl-auf-leinwand-galerie-metzger-gallery-zeitgenoessische-kunst-performance-400x278.jpg 400w, https:\/\/www.galerie-metzger.de\/wp-content\/uploads\/2018\/05\/gila-stolzenfu\u00df-untitled-2017-200x140-cm-acryl-auf-leinwand-galerie-metzger-gallery-zeitgenoessische-kunst-performance-768x534.jpg 768w, https:\/\/www.galerie-metzger.de\/wp-content\/uploads\/2018\/05\/gila-stolzenfu\u00df-untitled-2017-200x140-cm-acryl-auf-leinwand-galerie-metzger-gallery-zeitgenoessische-kunst-performance-1600x1112.jpg 1600w, https:\/\/www.galerie-metzger.de\/wp-content\/uploads\/2018\/05\/gila-stolzenfu\u00df-untitled-2017-200x140-cm-acryl-auf-leinwand-galerie-metzger-gallery-zeitgenoessische-kunst-performance-450x313.jpg 450w\" data-sizes=\"(max-width: 1030px) 100vw, 1030px\" class='avia_image' ><div class=\"av-image-caption-overlay\"><div class=\"av-caption-image-overlay-bg\"><\/div><div class=\"av-image-caption-overlay-position\"><div class=\"av-image-caption-overlay-center\"><p>Gila Stolzenfu\u00df \u2013\u00a0untitled \u2013\u00a02017, 200&#215;140 cm, Foto: Wilfried Petzi<\/p>\n<\/div><\/div><\/div><img decoding=\"async\" class='wp-image-5820 avia-img-lazy-loading-not-5820 avia_image ' src=\"https:\/\/www.galerie-metzger.de\/wp-content\/uploads\/2018\/05\/gila-stolzenfu\u00df-untitled-2017-200x140-cm-acryl-auf-leinwand-galerie-metzger-gallery-zeitgenoessische-kunst-performance-1090x757.jpg\" alt='Gila-Stolzenfu\u00df-untitled-2017' title='Gila-Stolzenfu\u00df-untitled-2017'  height=\"715\" width=\"1030\" srcset=\"https:\/\/www.galerie-metzger.de\/wp-content\/uploads\/2018\/05\/gila-stolzenfu\u00df-untitled-2017-200x140-cm-acryl-auf-leinwand-galerie-metzger-gallery-zeitgenoessische-kunst-performance-1090x757.jpg 1090w, https:\/\/www.galerie-metzger.de\/wp-content\/uploads\/2018\/05\/gila-stolzenfu\u00df-untitled-2017-200x140-cm-acryl-auf-leinwand-galerie-metzger-gallery-zeitgenoessische-kunst-performance-690x479.jpg 690w, https:\/\/www.galerie-metzger.de\/wp-content\/uploads\/2018\/05\/gila-stolzenfu\u00df-untitled-2017-200x140-cm-acryl-auf-leinwand-galerie-metzger-gallery-zeitgenoessische-kunst-performance-1536x1067.jpg 1536w, https:\/\/www.galerie-metzger.de\/wp-content\/uploads\/2018\/05\/gila-stolzenfu\u00df-untitled-2017-200x140-cm-acryl-auf-leinwand-galerie-metzger-gallery-zeitgenoessische-kunst-performance-2048x1423.jpg 2048w, https:\/\/www.galerie-metzger.de\/wp-content\/uploads\/2018\/05\/gila-stolzenfu\u00df-untitled-2017-200x140-cm-acryl-auf-leinwand-galerie-metzger-gallery-zeitgenoessische-kunst-performance-1500x1042.jpg 1500w, https:\/\/www.galerie-metzger.de\/wp-content\/uploads\/2018\/05\/gila-stolzenfu\u00df-untitled-2017-200x140-cm-acryl-auf-leinwand-galerie-metzger-gallery-zeitgenoessische-kunst-performance-705x490.jpg 705w, https:\/\/www.galerie-metzger.de\/wp-content\/uploads\/2018\/05\/gila-stolzenfu\u00df-untitled-2017-200x140-cm-acryl-auf-leinwand-galerie-metzger-gallery-zeitgenoessische-kunst-performance-400x278.jpg 400w, https:\/\/www.galerie-metzger.de\/wp-content\/uploads\/2018\/05\/gila-stolzenfu\u00df-untitled-2017-200x140-cm-acryl-auf-leinwand-galerie-metzger-gallery-zeitgenoessische-kunst-performance-768x534.jpg 768w, https:\/\/www.galerie-metzger.de\/wp-content\/uploads\/2018\/05\/gila-stolzenfu\u00df-untitled-2017-200x140-cm-acryl-auf-leinwand-galerie-metzger-gallery-zeitgenoessische-kunst-performance-1600x1112.jpg 1600w, https:\/\/www.galerie-metzger.de\/wp-content\/uploads\/2018\/05\/gila-stolzenfu\u00df-untitled-2017-200x140-cm-acryl-auf-leinwand-galerie-metzger-gallery-zeitgenoessische-kunst-performance-450x313.jpg 450w\" sizes=\"(max-width: 1030px) 100vw, 1030px\" \/><\/a><\/div><\/div><\/div><br \/>\n<section  class='av_textblock_section av-av_textblock-2df6986536148a6092118248b21c996c' ><div class='avia_textblock jo_werk_anfrage' ><p><a class=\"anfrage\" href=\"mailto:info@galerie-metzger.de?subject=Gila%20Stolzenfuss%20untitled%202017\">Anfrage zum Werk<\/a><\/p>\n<\/div><\/section><\/p><\/div><\/div><!--close column table wrapper. Autoclose: 1 --><div class='flex_column_table av-av_one_full-9731843b9236f31f4ed8d91fa944e8b0 sc-av_one_full av-equal-height-column-flextable'>\n<style type=\"text\/css\" data-created_by=\"avia_inline_auto\" id=\"style-css-av-av_one_full-9731843b9236f31f4ed8d91fa944e8b0\">\n.flex_column.av-av_one_full-9731843b9236f31f4ed8d91fa944e8b0{\n-webkit-border-radius:0px 0px 0px 0px;\n-moz-border-radius:0px 0px 0px 0px;\nborder-radius:0px 0px 0px 0px;\n}\n<\/style>\n<div class='flex_column av-av_one_full-9731843b9236f31f4ed8d91fa944e8b0 av_one_full  avia-builder-el-53  el_after_av_one_half  el_before_av_one_half  jo_col_empty first flex_column_table_cell av-equal-height-column av-align-top av-animated-generic fade-in av-zero-column-padding column-top-margin'     ><section  class='av_textblock_section av-av_textblock-283972ea15f2e73870c23e2d6de3245d' ><div class='avia_textblock' ><p>invisible placeholder<\/p>\n<\/div><\/section><\/div><\/div><!--close column table wrapper. Autoclose: 1 --><div class='flex_column_table av-av_one_half-081f2d25e9e807acef4963eb4e3a9b0e sc-av_one_half av-equal-height-column-flextable'>\n<style type=\"text\/css\" data-created_by=\"avia_inline_auto\" id=\"style-css-av-av_one_half-081f2d25e9e807acef4963eb4e3a9b0e\">\n.flex_column.av-av_one_half-081f2d25e9e807acef4963eb4e3a9b0e{\n-webkit-border-radius:0px 0px 0px 0px;\n-moz-border-radius:0px 0px 0px 0px;\nborder-radius:0px 0px 0px 0px;\n}\n<\/style>\n<div class='flex_column av-av_one_half-081f2d25e9e807acef4963eb4e3a9b0e av_one_half  avia-builder-el-55  el_after_av_one_full  el_before_av_one_half  first flex_column_table_cell av-equal-height-column av-align-top av-animated-generic fade-in av-zero-column-padding column-top-margin'     ><section  class='av_textblock_section av-av_textblock-283972ea15f2e73870c23e2d6de3245d' ><div class='avia_textblock' ><p>Die Malerei von <strong>Gila Stolzenfu\u00df<\/strong> bewegt sich. Sie bewegt sich unverhohlen und nur ein unausgeschlafener Zauber vermag die gehaltene Formlosigkeit steingeworfen zu erfassen. Die Drangsale werden ge\u00f6ffnet wie ein Kursbuch f\u00fcr die Berge in Tirol, denn einen heruntergefallenen Tisch kann man mit einer nicht wahrgenommenen Linie in eine rosa zu gr\u00fcn sich drehenden nach r\u00fcckw\u00e4rts gehenden Bewegung wenden. Und nur die f\u00fcnf Daumen am \u00e4u\u00dferen Versehen schlie\u00dfen um das Viereck den Kreis. Wir nehmen Abstand vom Betrachter, wir leiten das Verfahren ein in der jetzigen Version, denn der Kopf eines Heiligen steht fest auf dem Papier.<\/p>\n<\/div><\/section><\/div><div class='av-flex-placeholder'><\/div>\n<style type=\"text\/css\" data-created_by=\"avia_inline_auto\" id=\"style-css-av-av_one_half-d3527fefd78746f092942f935eb2b9ab\">\n.flex_column.av-av_one_half-d3527fefd78746f092942f935eb2b9ab{\n-webkit-border-radius:0px 0px 0px 0px;\n-moz-border-radius:0px 0px 0px 0px;\nborder-radius:0px 0px 0px 0px;\n}\n<\/style>\n<div class='flex_column av-av_one_half-d3527fefd78746f092942f935eb2b9ab av_one_half  avia-builder-el-57  el_after_av_one_half  el_before_av_one_full  flex_column_table_cell av-equal-height-column av-align-top av-animated-generic fade-in av-zero-column-padding column-top-margin'     ><section  class='av_textblock_section av-av_textblock-283972ea15f2e73870c23e2d6de3245d' ><div class='avia_textblock' ><p>Und bitterlich erhaben stellen sich die hereingebetenen und wuchtigen Einsilbigkeiten zur Verf\u00fcgung, denn, um es noch einmal zu sagen, ein Blitz in der Aussegnungshalle wird sch\u00f6n sein in jenen alten Tagen und der klaffende Wurzelsud stirbt bei Lichte gesehen im Ged\u00e4chtnis ab. Das ergibt dann die lustigen Geschichten, in den G\u00f6tterhimmel gejagt und der reihum gehende Tr\u00e4nenkanal wird zusammenbrechen in den Gem\u00e4lden in deren so blindwindiger Betonung, in dem eine Kehrtwendung sich wegdreht vom Blau.<\/p>\n<p><em> Gila Stolzenfu\u00df <\/em><\/p>\n<\/div><\/section><\/div><\/div><!--close column table wrapper. Autoclose: 1 --><div class='flex_column_table av-av_one_full-9731843b9236f31f4ed8d91fa944e8b0 sc-av_one_full av-equal-height-column-flextable'>\n<style type=\"text\/css\" data-created_by=\"avia_inline_auto\" id=\"style-css-av-av_one_full-9731843b9236f31f4ed8d91fa944e8b0\">\n.flex_column.av-av_one_full-9731843b9236f31f4ed8d91fa944e8b0{\n-webkit-border-radius:0px 0px 0px 0px;\n-moz-border-radius:0px 0px 0px 0px;\nborder-radius:0px 0px 0px 0px;\n}\n<\/style>\n<div class='flex_column av-av_one_full-9731843b9236f31f4ed8d91fa944e8b0 av_one_full  avia-builder-el-59  el_after_av_one_half  el_before_av_one_half  jo_col_empty first flex_column_table_cell av-equal-height-column av-align-top av-animated-generic fade-in av-zero-column-padding column-top-margin'     ><section  class='av_textblock_section av-av_textblock-283972ea15f2e73870c23e2d6de3245d' ><div class='avia_textblock' ><p>invisible placeholder<\/p>\n<\/div><\/section><\/div><\/div><!--close column table wrapper. Autoclose: 1 --><div class='flex_column_table av-av_one_half-d8bc1af391ab19e1b80332216d5a6941 sc-av_one_half av-equal-height-column-flextable'>\n<style type=\"text\/css\" data-created_by=\"avia_inline_auto\" id=\"style-css-av-av_one_half-d8bc1af391ab19e1b80332216d5a6941\">\n.flex_column.av-av_one_half-d8bc1af391ab19e1b80332216d5a6941{\n-webkit-border-radius:0px 0px 0px 0px;\n-moz-border-radius:0px 0px 0px 0px;\nborder-radius:0px 0px 0px 0px;\n}\n<\/style>\n<div class='flex_column av-av_one_half-d8bc1af391ab19e1b80332216d5a6941 av_one_half  avia-builder-el-61  el_after_av_one_full  el_before_av_one_half  jo_pf_bild_bg first flex_column_table_cell av-equal-height-column av-align-top av-animated-generic fade-in av-zero-column-padding column-top-margin'     ><p>\n<style type=\"text\/css\" data-created_by=\"avia_inline_auto\" id=\"style-css-av-av_image-e420db6a61a7c4f2c2f29d961c9bdbe9\">\n.avia-image-container.av-av_image-e420db6a61a7c4f2c2f29d961c9bdbe9 img.avia_image{\nbox-shadow:none;\n}\n.avia-image-container.av-av_image-e420db6a61a7c4f2c2f29d961c9bdbe9 .av-caption-image-overlay-bg{\nopacity:0.4;\n}\n<\/style>\n<div  class='avia-image-container av-av_image-e420db6a61a7c4f2c2f29d961c9bdbe9 av-styling-no-styling avia_animated_image av-animated-when-visible-95 fade-in avia-align-left  avia-builder-el-62  el_before_av_textblock  avia-builder-el-first  jo_pf_bild noHover av-overlay-hover-deactivate'  ><div class=\"avia-image-container-inner\"><div class=\"avia-image-overlay-wrap\"><a href=\"https:\/\/www.galerie-metzger.de\/wp-content\/uploads\/2018\/04\/gila-stolzenfu\u00df-untitled-2017-100x80-cm-acryl-auf-leinwand-galerie-metzger-gallery-zeitgenoessische-kunst-1-1090x876.jpg\" data-srcset=\"https:\/\/www.galerie-metzger.de\/wp-content\/uploads\/2018\/04\/gila-stolzenfu\u00df-untitled-2017-100x80-cm-acryl-auf-leinwand-galerie-metzger-gallery-zeitgenoessische-kunst-1-1090x876.jpg 1090w, https:\/\/www.galerie-metzger.de\/wp-content\/uploads\/2018\/04\/gila-stolzenfu\u00df-untitled-2017-100x80-cm-acryl-auf-leinwand-galerie-metzger-gallery-zeitgenoessische-kunst-1-690x555.jpg 690w, https:\/\/www.galerie-metzger.de\/wp-content\/uploads\/2018\/04\/gila-stolzenfu\u00df-untitled-2017-100x80-cm-acryl-auf-leinwand-galerie-metzger-gallery-zeitgenoessische-kunst-1-1536x1235.jpg 1536w, https:\/\/www.galerie-metzger.de\/wp-content\/uploads\/2018\/04\/gila-stolzenfu\u00df-untitled-2017-100x80-cm-acryl-auf-leinwand-galerie-metzger-gallery-zeitgenoessische-kunst-1-2048x1646.jpg 2048w, https:\/\/www.galerie-metzger.de\/wp-content\/uploads\/2018\/04\/gila-stolzenfu\u00df-untitled-2017-100x80-cm-acryl-auf-leinwand-galerie-metzger-gallery-zeitgenoessische-kunst-1-1500x1206.jpg 1500w, https:\/\/www.galerie-metzger.de\/wp-content\/uploads\/2018\/04\/gila-stolzenfu\u00df-untitled-2017-100x80-cm-acryl-auf-leinwand-galerie-metzger-gallery-zeitgenoessische-kunst-1-705x567.jpg 705w, https:\/\/www.galerie-metzger.de\/wp-content\/uploads\/2018\/04\/gila-stolzenfu\u00df-untitled-2017-100x80-cm-acryl-auf-leinwand-galerie-metzger-gallery-zeitgenoessische-kunst-1-400x322.jpg 400w, https:\/\/www.galerie-metzger.de\/wp-content\/uploads\/2018\/04\/gila-stolzenfu\u00df-untitled-2017-100x80-cm-acryl-auf-leinwand-galerie-metzger-gallery-zeitgenoessische-kunst-1-768x617.jpg 768w, https:\/\/www.galerie-metzger.de\/wp-content\/uploads\/2018\/04\/gila-stolzenfu\u00df-untitled-2017-100x80-cm-acryl-auf-leinwand-galerie-metzger-gallery-zeitgenoessische-kunst-1-1600x1286.jpg 1600w, https:\/\/www.galerie-metzger.de\/wp-content\/uploads\/2018\/04\/gila-stolzenfu\u00df-untitled-2017-100x80-cm-acryl-auf-leinwand-galerie-metzger-gallery-zeitgenoessische-kunst-1-450x362.jpg 450w\" data-sizes=\"(max-width: 1030px) 100vw, 1030px\" class='avia_image' ><div class=\"av-image-caption-overlay\"><div class=\"av-caption-image-overlay-bg\"><\/div><div class=\"av-image-caption-overlay-position\"><div class=\"av-image-caption-overlay-center\"><p>Gila Stolzenfu\u00df \u2013 untitled \u2013\u00a02017. 100x80cm, Foto: Wilfried Petzi<\/p>\n<\/div><\/div><\/div><img decoding=\"async\" class='wp-image-5761 avia-img-lazy-loading-not-5761 avia_image ' src=\"https:\/\/www.galerie-metzger.de\/wp-content\/uploads\/2018\/04\/gila-stolzenfu\u00df-untitled-2017-100x80-cm-acryl-auf-leinwand-galerie-metzger-gallery-zeitgenoessische-kunst-1-1090x876.jpg\" alt='Gila-Stolzenfu\u00df-untitled' title='Gila-Stolzenfu\u00df-untitled-2017'  height=\"828\" width=\"1030\" srcset=\"https:\/\/www.galerie-metzger.de\/wp-content\/uploads\/2018\/04\/gila-stolzenfu\u00df-untitled-2017-100x80-cm-acryl-auf-leinwand-galerie-metzger-gallery-zeitgenoessische-kunst-1-1090x876.jpg 1090w, https:\/\/www.galerie-metzger.de\/wp-content\/uploads\/2018\/04\/gila-stolzenfu\u00df-untitled-2017-100x80-cm-acryl-auf-leinwand-galerie-metzger-gallery-zeitgenoessische-kunst-1-690x555.jpg 690w, https:\/\/www.galerie-metzger.de\/wp-content\/uploads\/2018\/04\/gila-stolzenfu\u00df-untitled-2017-100x80-cm-acryl-auf-leinwand-galerie-metzger-gallery-zeitgenoessische-kunst-1-1536x1235.jpg 1536w, https:\/\/www.galerie-metzger.de\/wp-content\/uploads\/2018\/04\/gila-stolzenfu\u00df-untitled-2017-100x80-cm-acryl-auf-leinwand-galerie-metzger-gallery-zeitgenoessische-kunst-1-2048x1646.jpg 2048w, https:\/\/www.galerie-metzger.de\/wp-content\/uploads\/2018\/04\/gila-stolzenfu\u00df-untitled-2017-100x80-cm-acryl-auf-leinwand-galerie-metzger-gallery-zeitgenoessische-kunst-1-1500x1206.jpg 1500w, https:\/\/www.galerie-metzger.de\/wp-content\/uploads\/2018\/04\/gila-stolzenfu\u00df-untitled-2017-100x80-cm-acryl-auf-leinwand-galerie-metzger-gallery-zeitgenoessische-kunst-1-705x567.jpg 705w, https:\/\/www.galerie-metzger.de\/wp-content\/uploads\/2018\/04\/gila-stolzenfu\u00df-untitled-2017-100x80-cm-acryl-auf-leinwand-galerie-metzger-gallery-zeitgenoessische-kunst-1-400x322.jpg 400w, https:\/\/www.galerie-metzger.de\/wp-content\/uploads\/2018\/04\/gila-stolzenfu\u00df-untitled-2017-100x80-cm-acryl-auf-leinwand-galerie-metzger-gallery-zeitgenoessische-kunst-1-768x617.jpg 768w, https:\/\/www.galerie-metzger.de\/wp-content\/uploads\/2018\/04\/gila-stolzenfu\u00df-untitled-2017-100x80-cm-acryl-auf-leinwand-galerie-metzger-gallery-zeitgenoessische-kunst-1-1600x1286.jpg 1600w, https:\/\/www.galerie-metzger.de\/wp-content\/uploads\/2018\/04\/gila-stolzenfu\u00df-untitled-2017-100x80-cm-acryl-auf-leinwand-galerie-metzger-gallery-zeitgenoessische-kunst-1-450x362.jpg 450w\" sizes=\"(max-width: 1030px) 100vw, 1030px\" \/><\/a><\/div><\/div><\/div><br \/>\n<section  class='av_textblock_section av-av_textblock-2df6986536148a6092118248b21c996c' ><div class='avia_textblock jo_werk_anfrage' ><p><a class=\"anfrage\" href=\"mailto:info@galerie-metzger.de?subject=Gila%20Stolzenfuss%20untitled%202017\">Anfrage zum Werk<\/a><\/p>\n<\/div><\/section><\/p><\/div><div class='av-flex-placeholder'><\/div>\n<style type=\"text\/css\" data-created_by=\"avia_inline_auto\" id=\"style-css-av-av_one_half-6b9a0098281ac79e1809296ee7f22ca2\">\n.flex_column.av-av_one_half-6b9a0098281ac79e1809296ee7f22ca2{\n-webkit-border-radius:0px 0px 0px 0px;\n-moz-border-radius:0px 0px 0px 0px;\nborder-radius:0px 0px 0px 0px;\n}\n<\/style>\n<div class='flex_column av-av_one_half-6b9a0098281ac79e1809296ee7f22ca2 av_one_half  avia-builder-el-64  el_after_av_one_half  el_before_av_one_full  jo_pf_bild_bg flex_column_table_cell av-equal-height-column av-align-top av-animated-generic fade-in av-zero-column-padding column-top-margin'     ><p>\n<style type=\"text\/css\" data-created_by=\"avia_inline_auto\" id=\"style-css-av-av_image-b15a7c4fc612162f3878c698548d7385\">\n.avia-image-container.av-av_image-b15a7c4fc612162f3878c698548d7385 img.avia_image{\nbox-shadow:none;\n}\n.avia-image-container.av-av_image-b15a7c4fc612162f3878c698548d7385 .av-caption-image-overlay-bg{\nopacity:0.4;\n}\n<\/style>\n<div  class='avia-image-container av-av_image-b15a7c4fc612162f3878c698548d7385 av-styling-no-styling avia_animated_image av-animated-when-visible-95 fade-in avia-align-left  avia-builder-el-65  el_before_av_textblock  avia-builder-el-first  jo_pf_bild noHover av-overlay-hover-deactivate'  ><div class=\"avia-image-container-inner\"><div class=\"avia-image-overlay-wrap\"><a href=\"https:\/\/www.galerie-metzger.de\/wp-content\/uploads\/2018\/04\/gila-stolzenfu\u00df-untitled-2017-60x60-cm-Acryl-auf-Leinwand-galerie-metzger-gallery-art-kunst-1090x1090.jpg\" data-srcset=\"https:\/\/www.galerie-metzger.de\/wp-content\/uploads\/2018\/04\/gila-stolzenfu\u00df-untitled-2017-60x60-cm-Acryl-auf-Leinwand-galerie-metzger-gallery-art-kunst-1090x1090.jpg 1090w, https:\/\/www.galerie-metzger.de\/wp-content\/uploads\/2018\/04\/gila-stolzenfu\u00df-untitled-2017-60x60-cm-Acryl-auf-Leinwand-galerie-metzger-gallery-art-kunst-690x690.jpg 690w, https:\/\/www.galerie-metzger.de\/wp-content\/uploads\/2018\/04\/gila-stolzenfu\u00df-untitled-2017-60x60-cm-Acryl-auf-Leinwand-galerie-metzger-gallery-art-kunst-80x80.jpg 80w, https:\/\/www.galerie-metzger.de\/wp-content\/uploads\/2018\/04\/gila-stolzenfu\u00df-untitled-2017-60x60-cm-Acryl-auf-Leinwand-galerie-metzger-gallery-art-kunst-1536x1536.jpg 1536w, https:\/\/www.galerie-metzger.de\/wp-content\/uploads\/2018\/04\/gila-stolzenfu\u00df-untitled-2017-60x60-cm-Acryl-auf-Leinwand-galerie-metzger-gallery-art-kunst-2048x2048.jpg 2048w, https:\/\/www.galerie-metzger.de\/wp-content\/uploads\/2018\/04\/gila-stolzenfu\u00df-untitled-2017-60x60-cm-Acryl-auf-Leinwand-galerie-metzger-gallery-art-kunst-36x36.jpg 36w, https:\/\/www.galerie-metzger.de\/wp-content\/uploads\/2018\/04\/gila-stolzenfu\u00df-untitled-2017-60x60-cm-Acryl-auf-Leinwand-galerie-metzger-gallery-art-kunst-180x180.jpg 180w, https:\/\/www.galerie-metzger.de\/wp-content\/uploads\/2018\/04\/gila-stolzenfu\u00df-untitled-2017-60x60-cm-Acryl-auf-Leinwand-galerie-metzger-gallery-art-kunst-1500x1500.jpg 1500w, https:\/\/www.galerie-metzger.de\/wp-content\/uploads\/2018\/04\/gila-stolzenfu\u00df-untitled-2017-60x60-cm-Acryl-auf-Leinwand-galerie-metzger-gallery-art-kunst-705x705.jpg 705w, https:\/\/www.galerie-metzger.de\/wp-content\/uploads\/2018\/04\/gila-stolzenfu\u00df-untitled-2017-60x60-cm-Acryl-auf-Leinwand-galerie-metzger-gallery-art-kunst-120x120.jpg 120w, https:\/\/www.galerie-metzger.de\/wp-content\/uploads\/2018\/04\/gila-stolzenfu\u00df-untitled-2017-60x60-cm-Acryl-auf-Leinwand-galerie-metzger-gallery-art-kunst-400x400.jpg 400w, https:\/\/www.galerie-metzger.de\/wp-content\/uploads\/2018\/04\/gila-stolzenfu\u00df-untitled-2017-60x60-cm-Acryl-auf-Leinwand-galerie-metzger-gallery-art-kunst-768x768.jpg 768w, https:\/\/www.galerie-metzger.de\/wp-content\/uploads\/2018\/04\/gila-stolzenfu\u00df-untitled-2017-60x60-cm-Acryl-auf-Leinwand-galerie-metzger-gallery-art-kunst-1600x1600.jpg 1600w, https:\/\/www.galerie-metzger.de\/wp-content\/uploads\/2018\/04\/gila-stolzenfu\u00df-untitled-2017-60x60-cm-Acryl-auf-Leinwand-galerie-metzger-gallery-art-kunst-450x450.jpg 450w\" data-sizes=\"(max-width: 1030px) 100vw, 1030px\" class='avia_image' ><div class=\"av-image-caption-overlay\"><div class=\"av-caption-image-overlay-bg\"><\/div><div class=\"av-image-caption-overlay-position\"><div class=\"av-image-caption-overlay-center\"><p>Gila Stolzenfu\u00df \u2013 untitled \u2013\u00a02017. 60&#215;60 cm, Foto: Wilfried Petzi<\/p>\n<\/div><\/div><\/div><img decoding=\"async\" class='wp-image-5748 avia-img-lazy-loading-not-5748 avia_image ' src=\"https:\/\/www.galerie-metzger.de\/wp-content\/uploads\/2018\/04\/gila-stolzenfu\u00df-untitled-2017-60x60-cm-Acryl-auf-Leinwand-galerie-metzger-gallery-art-kunst-1090x1090.jpg\" alt='Gila Stolzenfu\u00df-untitled-2017' title='Gila Stolzenfu\u00df-untitled-2017'  height=\"1030\" width=\"1030\" srcset=\"https:\/\/www.galerie-metzger.de\/wp-content\/uploads\/2018\/04\/gila-stolzenfu\u00df-untitled-2017-60x60-cm-Acryl-auf-Leinwand-galerie-metzger-gallery-art-kunst-1090x1090.jpg 1090w, https:\/\/www.galerie-metzger.de\/wp-content\/uploads\/2018\/04\/gila-stolzenfu\u00df-untitled-2017-60x60-cm-Acryl-auf-Leinwand-galerie-metzger-gallery-art-kunst-690x690.jpg 690w, https:\/\/www.galerie-metzger.de\/wp-content\/uploads\/2018\/04\/gila-stolzenfu\u00df-untitled-2017-60x60-cm-Acryl-auf-Leinwand-galerie-metzger-gallery-art-kunst-80x80.jpg 80w, https:\/\/www.galerie-metzger.de\/wp-content\/uploads\/2018\/04\/gila-stolzenfu\u00df-untitled-2017-60x60-cm-Acryl-auf-Leinwand-galerie-metzger-gallery-art-kunst-1536x1536.jpg 1536w, https:\/\/www.galerie-metzger.de\/wp-content\/uploads\/2018\/04\/gila-stolzenfu\u00df-untitled-2017-60x60-cm-Acryl-auf-Leinwand-galerie-metzger-gallery-art-kunst-2048x2048.jpg 2048w, https:\/\/www.galerie-metzger.de\/wp-content\/uploads\/2018\/04\/gila-stolzenfu\u00df-untitled-2017-60x60-cm-Acryl-auf-Leinwand-galerie-metzger-gallery-art-kunst-36x36.jpg 36w, https:\/\/www.galerie-metzger.de\/wp-content\/uploads\/2018\/04\/gila-stolzenfu\u00df-untitled-2017-60x60-cm-Acryl-auf-Leinwand-galerie-metzger-gallery-art-kunst-180x180.jpg 180w, https:\/\/www.galerie-metzger.de\/wp-content\/uploads\/2018\/04\/gila-stolzenfu\u00df-untitled-2017-60x60-cm-Acryl-auf-Leinwand-galerie-metzger-gallery-art-kunst-1500x1500.jpg 1500w, https:\/\/www.galerie-metzger.de\/wp-content\/uploads\/2018\/04\/gila-stolzenfu\u00df-untitled-2017-60x60-cm-Acryl-auf-Leinwand-galerie-metzger-gallery-art-kunst-705x705.jpg 705w, https:\/\/www.galerie-metzger.de\/wp-content\/uploads\/2018\/04\/gila-stolzenfu\u00df-untitled-2017-60x60-cm-Acryl-auf-Leinwand-galerie-metzger-gallery-art-kunst-120x120.jpg 120w, https:\/\/www.galerie-metzger.de\/wp-content\/uploads\/2018\/04\/gila-stolzenfu\u00df-untitled-2017-60x60-cm-Acryl-auf-Leinwand-galerie-metzger-gallery-art-kunst-400x400.jpg 400w, https:\/\/www.galerie-metzger.de\/wp-content\/uploads\/2018\/04\/gila-stolzenfu\u00df-untitled-2017-60x60-cm-Acryl-auf-Leinwand-galerie-metzger-gallery-art-kunst-768x768.jpg 768w, https:\/\/www.galerie-metzger.de\/wp-content\/uploads\/2018\/04\/gila-stolzenfu\u00df-untitled-2017-60x60-cm-Acryl-auf-Leinwand-galerie-metzger-gallery-art-kunst-1600x1600.jpg 1600w, https:\/\/www.galerie-metzger.de\/wp-content\/uploads\/2018\/04\/gila-stolzenfu\u00df-untitled-2017-60x60-cm-Acryl-auf-Leinwand-galerie-metzger-gallery-art-kunst-450x450.jpg 450w\" sizes=\"(max-width: 1030px) 100vw, 1030px\" \/><\/a><\/div><\/div><\/div><br \/>\n<section  class='av_textblock_section av-av_textblock-2df6986536148a6092118248b21c996c' ><div class='avia_textblock jo_werk_anfrage' ><p><a class=\"anfrage\" href=\"mailto:info@galerie-metzger.de?subject=Gila%20Stolzenfuss%20untitled%202017\">Anfrage zum Werk<\/a><\/p>\n<\/div><\/section><\/p><\/div><\/div><!--close column table wrapper. Autoclose: 1 --><div class='flex_column_table av-av_one_full-9731843b9236f31f4ed8d91fa944e8b0 sc-av_one_full av-equal-height-column-flextable'>\n<style type=\"text\/css\" data-created_by=\"avia_inline_auto\" id=\"style-css-av-av_one_full-9731843b9236f31f4ed8d91fa944e8b0\">\n.flex_column.av-av_one_full-9731843b9236f31f4ed8d91fa944e8b0{\n-webkit-border-radius:0px 0px 0px 0px;\n-moz-border-radius:0px 0px 0px 0px;\nborder-radius:0px 0px 0px 0px;\n}\n<\/style>\n<div class='flex_column av-av_one_full-9731843b9236f31f4ed8d91fa944e8b0 av_one_full  avia-builder-el-67  el_after_av_one_half  el_before_av_one_half  jo_col_empty first flex_column_table_cell av-equal-height-column av-align-top av-animated-generic fade-in av-zero-column-padding column-top-margin'     ><section  class='av_textblock_section av-av_textblock-283972ea15f2e73870c23e2d6de3245d' ><div class='avia_textblock' ><p>invisible placeholder<\/p>\n<\/div><\/section><\/div><\/div><!--close column table wrapper. Autoclose: 1 --><div class='flex_column_table av-av_one_half-d8bc1af391ab19e1b80332216d5a6941 sc-av_one_half av-equal-height-column-flextable'>\n<style type=\"text\/css\" data-created_by=\"avia_inline_auto\" id=\"style-css-av-av_one_half-d8bc1af391ab19e1b80332216d5a6941\">\n.flex_column.av-av_one_half-d8bc1af391ab19e1b80332216d5a6941{\n-webkit-border-radius:0px 0px 0px 0px;\n-moz-border-radius:0px 0px 0px 0px;\nborder-radius:0px 0px 0px 0px;\n}\n<\/style>\n<div class='flex_column av-av_one_half-d8bc1af391ab19e1b80332216d5a6941 av_one_half  avia-builder-el-69  el_after_av_one_full  el_before_av_one_half  jo_pf_bild_bg first flex_column_table_cell av-equal-height-column av-align-top av-animated-generic fade-in av-zero-column-padding column-top-margin'     ><p>\n<style type=\"text\/css\" data-created_by=\"avia_inline_auto\" id=\"style-css-av-av_image-252d4928f83d48fd0ace2e51b18b5f9c\">\n.avia-image-container.av-av_image-252d4928f83d48fd0ace2e51b18b5f9c img.avia_image{\nbox-shadow:none;\n}\n.avia-image-container.av-av_image-252d4928f83d48fd0ace2e51b18b5f9c .av-caption-image-overlay-bg{\nopacity:0.4;\n}\n<\/style>\n<div  class='avia-image-container av-av_image-252d4928f83d48fd0ace2e51b18b5f9c av-styling-no-styling avia_animated_image av-animated-when-visible-95 fade-in avia-align-left  avia-builder-el-70  el_before_av_textblock  avia-builder-el-first  jo_pf_bild noHover av-overlay-hover-deactivate'  ><div class=\"avia-image-container-inner\"><div class=\"avia-image-overlay-wrap\"><a href=\"https:\/\/www.galerie-metzger.de\/wp-content\/uploads\/2018\/04\/sue-paraskeva-joined-porcelain-vessels-2017-galerie-metzger-gallery-sculpture-kunst-1090x727.jpg\" data-srcset=\"https:\/\/www.galerie-metzger.de\/wp-content\/uploads\/2018\/04\/sue-paraskeva-joined-porcelain-vessels-2017-galerie-metzger-gallery-sculpture-kunst-1090x727.jpg 1090w, https:\/\/www.galerie-metzger.de\/wp-content\/uploads\/2018\/04\/sue-paraskeva-joined-porcelain-vessels-2017-galerie-metzger-gallery-sculpture-kunst-690x460.jpg 690w, https:\/\/www.galerie-metzger.de\/wp-content\/uploads\/2018\/04\/sue-paraskeva-joined-porcelain-vessels-2017-galerie-metzger-gallery-sculpture-kunst-1536x1024.jpg 1536w, https:\/\/www.galerie-metzger.de\/wp-content\/uploads\/2018\/04\/sue-paraskeva-joined-porcelain-vessels-2017-galerie-metzger-gallery-sculpture-kunst-2048x1365.jpg 2048w, https:\/\/www.galerie-metzger.de\/wp-content\/uploads\/2018\/04\/sue-paraskeva-joined-porcelain-vessels-2017-galerie-metzger-gallery-sculpture-kunst-1500x1000.jpg 1500w, https:\/\/www.galerie-metzger.de\/wp-content\/uploads\/2018\/04\/sue-paraskeva-joined-porcelain-vessels-2017-galerie-metzger-gallery-sculpture-kunst-705x470.jpg 705w, https:\/\/www.galerie-metzger.de\/wp-content\/uploads\/2018\/04\/sue-paraskeva-joined-porcelain-vessels-2017-galerie-metzger-gallery-sculpture-kunst-400x267.jpg 400w, https:\/\/www.galerie-metzger.de\/wp-content\/uploads\/2018\/04\/sue-paraskeva-joined-porcelain-vessels-2017-galerie-metzger-gallery-sculpture-kunst-768x512.jpg 768w, https:\/\/www.galerie-metzger.de\/wp-content\/uploads\/2018\/04\/sue-paraskeva-joined-porcelain-vessels-2017-galerie-metzger-gallery-sculpture-kunst-1600x1067.jpg 1600w, https:\/\/www.galerie-metzger.de\/wp-content\/uploads\/2018\/04\/sue-paraskeva-joined-porcelain-vessels-2017-galerie-metzger-gallery-sculpture-kunst-300x200.jpg 300w, https:\/\/www.galerie-metzger.de\/wp-content\/uploads\/2018\/04\/sue-paraskeva-joined-porcelain-vessels-2017-galerie-metzger-gallery-sculpture-kunst-900x600.jpg 900w, https:\/\/www.galerie-metzger.de\/wp-content\/uploads\/2018\/04\/sue-paraskeva-joined-porcelain-vessels-2017-galerie-metzger-gallery-sculpture-kunst-450x300.jpg 450w\" data-sizes=\"(max-width: 1030px) 100vw, 1030px\" class='avia_image' ><div class=\"av-image-caption-overlay\"><div class=\"av-caption-image-overlay-bg\"><\/div><div class=\"av-image-caption-overlay-position\"><div class=\"av-image-caption-overlay-center\"><p>Sue Paraskeva \u2013 Thirty Pieces of Silver \u2013\u00a02017, 355&#215;18 cm, Foto: Julian Winslow<\/p>\n<\/div><\/div><\/div><img decoding=\"async\" class='wp-image-5734 avia-img-lazy-loading-not-5734 avia_image ' src=\"https:\/\/www.galerie-metzger.de\/wp-content\/uploads\/2018\/04\/sue-paraskeva-joined-porcelain-vessels-2017-galerie-metzger-gallery-sculpture-kunst-495x400.jpg\" alt='Sue-Paraskeva-joined porcelain vessels' title='Sue-Paraskeva-joined porcelain vessels'  height=\"400\" width=\"495\" srcset=\"https:\/\/www.galerie-metzger.de\/wp-content\/uploads\/2018\/04\/sue-paraskeva-joined-porcelain-vessels-2017-galerie-metzger-gallery-sculpture-kunst-495x400.jpg 495w, https:\/\/www.galerie-metzger.de\/wp-content\/uploads\/2018\/04\/sue-paraskeva-joined-porcelain-vessels-2017-galerie-metzger-gallery-sculpture-kunst-845x684.jpg 845w\" sizes=\"(max-width: 495px) 100vw, 495px\" \/><\/a><\/div><\/div><\/div><br \/>\n<section  class='av_textblock_section av-av_textblock-2df6986536148a6092118248b21c996c' ><div class='avia_textblock jo_werk_anfrage' ><p><a class=\"anfrage\" href=\"mailto:info@galerie-metzger.de?subject=Sue%20Paraskeva%2030 pieces of silver%2055x18cm%202016%20\">Anfrage zum Werk<\/a><\/p>\n<\/div><\/section><\/p><\/div><div class='av-flex-placeholder'><\/div>\n<style type=\"text\/css\" data-created_by=\"avia_inline_auto\" id=\"style-css-av-av_one_half-6b9a0098281ac79e1809296ee7f22ca2\">\n.flex_column.av-av_one_half-6b9a0098281ac79e1809296ee7f22ca2{\n-webkit-border-radius:0px 0px 0px 0px;\n-moz-border-radius:0px 0px 0px 0px;\nborder-radius:0px 0px 0px 0px;\n}\n<\/style>\n<div class='flex_column av-av_one_half-6b9a0098281ac79e1809296ee7f22ca2 av_one_half  avia-builder-el-72  el_after_av_one_half  el_before_av_one_full  jo_pf_bild_bg flex_column_table_cell av-equal-height-column av-align-top av-animated-generic fade-in av-zero-column-padding column-top-margin'     ><p>\n<style type=\"text\/css\" data-created_by=\"avia_inline_auto\" id=\"style-css-av-av_image-e46d2ce05a7e9bc710671739ffc3dc8a\">\n.avia-image-container.av-av_image-e46d2ce05a7e9bc710671739ffc3dc8a img.avia_image{\nbox-shadow:none;\n}\n.avia-image-container.av-av_image-e46d2ce05a7e9bc710671739ffc3dc8a .av-caption-image-overlay-bg{\nopacity:0.4;\n}\n<\/style>\n<div  class='avia-image-container av-av_image-e46d2ce05a7e9bc710671739ffc3dc8a av-styling-no-styling avia_animated_image av-animated-when-visible-95 fade-in avia-align-left  avia-builder-el-73  el_before_av_textblock  avia-builder-el-first  jo_pf_bild noHover av-overlay-hover-deactivate'  ><div class=\"avia-image-container-inner\"><div class=\"avia-image-overlay-wrap\"><a href=\"https:\/\/www.galerie-metzger.de\/wp-content\/uploads\/2018\/06\/sue-paraskeva-hanging-porcelain-galerie-metzger-porzellan-angewandte-kunst-gallery-metzger-art-1090x727.jpg\" data-srcset=\"https:\/\/www.galerie-metzger.de\/wp-content\/uploads\/2018\/06\/sue-paraskeva-hanging-porcelain-galerie-metzger-porzellan-angewandte-kunst-gallery-metzger-art-1090x727.jpg 1090w, https:\/\/www.galerie-metzger.de\/wp-content\/uploads\/2018\/06\/sue-paraskeva-hanging-porcelain-galerie-metzger-porzellan-angewandte-kunst-gallery-metzger-art-690x460.jpg 690w, https:\/\/www.galerie-metzger.de\/wp-content\/uploads\/2018\/06\/sue-paraskeva-hanging-porcelain-galerie-metzger-porzellan-angewandte-kunst-gallery-metzger-art-1536x1024.jpg 1536w, https:\/\/www.galerie-metzger.de\/wp-content\/uploads\/2018\/06\/sue-paraskeva-hanging-porcelain-galerie-metzger-porzellan-angewandte-kunst-gallery-metzger-art-2048x1365.jpg 2048w, https:\/\/www.galerie-metzger.de\/wp-content\/uploads\/2018\/06\/sue-paraskeva-hanging-porcelain-galerie-metzger-porzellan-angewandte-kunst-gallery-metzger-art-1500x1000.jpg 1500w, https:\/\/www.galerie-metzger.de\/wp-content\/uploads\/2018\/06\/sue-paraskeva-hanging-porcelain-galerie-metzger-porzellan-angewandte-kunst-gallery-metzger-art-705x470.jpg 705w, https:\/\/www.galerie-metzger.de\/wp-content\/uploads\/2018\/06\/sue-paraskeva-hanging-porcelain-galerie-metzger-porzellan-angewandte-kunst-gallery-metzger-art-400x267.jpg 400w, https:\/\/www.galerie-metzger.de\/wp-content\/uploads\/2018\/06\/sue-paraskeva-hanging-porcelain-galerie-metzger-porzellan-angewandte-kunst-gallery-metzger-art-768x512.jpg 768w, https:\/\/www.galerie-metzger.de\/wp-content\/uploads\/2018\/06\/sue-paraskeva-hanging-porcelain-galerie-metzger-porzellan-angewandte-kunst-gallery-metzger-art-1600x1067.jpg 1600w, https:\/\/www.galerie-metzger.de\/wp-content\/uploads\/2018\/06\/sue-paraskeva-hanging-porcelain-galerie-metzger-porzellan-angewandte-kunst-gallery-metzger-art-300x200.jpg 300w, https:\/\/www.galerie-metzger.de\/wp-content\/uploads\/2018\/06\/sue-paraskeva-hanging-porcelain-galerie-metzger-porzellan-angewandte-kunst-gallery-metzger-art-900x600.jpg 900w, https:\/\/www.galerie-metzger.de\/wp-content\/uploads\/2018\/06\/sue-paraskeva-hanging-porcelain-galerie-metzger-porzellan-angewandte-kunst-gallery-metzger-art-450x300.jpg 450w\" data-sizes=\"(max-width: 1030px) 100vw, 1030px\" class='avia_image' ><div class=\"av-image-caption-overlay\"><div class=\"av-caption-image-overlay-bg\"><\/div><div class=\"av-image-caption-overlay-position\"><div class=\"av-image-caption-overlay-center\"><p>Sue Paraskeva \u2013 Hanging Porcelain \u2013 2018, Foto: Julian Winslow<\/p>\n<\/div><\/div><\/div><img decoding=\"async\" class='wp-image-6157 avia-img-lazy-loading-not-6157 avia_image ' src=\"https:\/\/www.galerie-metzger.de\/wp-content\/uploads\/2018\/06\/sue-paraskeva-hanging-porcelain-galerie-metzger-porzellan-angewandte-kunst-gallery-metzger-art-495x400.jpg\" alt='Sue-Paraskeva-hanging-porcelain' title='Sue-Paraskeva-hanging-porcelain'  height=\"400\" width=\"495\" srcset=\"https:\/\/www.galerie-metzger.de\/wp-content\/uploads\/2018\/06\/sue-paraskeva-hanging-porcelain-galerie-metzger-porzellan-angewandte-kunst-gallery-metzger-art-495x400.jpg 495w, https:\/\/www.galerie-metzger.de\/wp-content\/uploads\/2018\/06\/sue-paraskeva-hanging-porcelain-galerie-metzger-porzellan-angewandte-kunst-gallery-metzger-art-845x684.jpg 845w\" sizes=\"(max-width: 495px) 100vw, 495px\" \/><\/a><\/div><\/div><\/div><br \/>\n<section  class='av_textblock_section av-av_textblock-2df6986536148a6092118248b21c996c' ><div class='avia_textblock jo_werk_anfrage' ><p><a class=\"anfrage\" href=\"mailto:info@galerie-metzger.de?subject=Sue%20Paraskeva%20hanging porcelain%2023%20128\">Anfrage zum Werk<\/a><\/p>\n<\/div><\/section><\/p><\/div><\/div><!--close column table wrapper. Autoclose: 1 --><div class='flex_column_table av-av_one_full-9731843b9236f31f4ed8d91fa944e8b0 sc-av_one_full av-equal-height-column-flextable'>\n<style type=\"text\/css\" data-created_by=\"avia_inline_auto\" id=\"style-css-av-av_one_full-9731843b9236f31f4ed8d91fa944e8b0\">\n.flex_column.av-av_one_full-9731843b9236f31f4ed8d91fa944e8b0{\n-webkit-border-radius:0px 0px 0px 0px;\n-moz-border-radius:0px 0px 0px 0px;\nborder-radius:0px 0px 0px 0px;\n}\n<\/style>\n<div class='flex_column av-av_one_full-9731843b9236f31f4ed8d91fa944e8b0 av_one_full  avia-builder-el-75  el_after_av_one_half  el_before_av_one_half  jo_col_empty first flex_column_table_cell av-equal-height-column av-align-top av-animated-generic fade-in av-zero-column-padding column-top-margin'     ><section  class='av_textblock_section av-av_textblock-283972ea15f2e73870c23e2d6de3245d' ><div class='avia_textblock' ><p>invisible placeholder<\/p>\n<\/div><\/section><\/div><\/div><!--close column table wrapper. Autoclose: 1 --><div class='flex_column_table av-av_one_half-081f2d25e9e807acef4963eb4e3a9b0e sc-av_one_half av-equal-height-column-flextable'>\n<style type=\"text\/css\" data-created_by=\"avia_inline_auto\" id=\"style-css-av-av_one_half-081f2d25e9e807acef4963eb4e3a9b0e\">\n.flex_column.av-av_one_half-081f2d25e9e807acef4963eb4e3a9b0e{\n-webkit-border-radius:0px 0px 0px 0px;\n-moz-border-radius:0px 0px 0px 0px;\nborder-radius:0px 0px 0px 0px;\n}\n<\/style>\n<div class='flex_column av-av_one_half-081f2d25e9e807acef4963eb4e3a9b0e av_one_half  avia-builder-el-77  el_after_av_one_full  el_before_av_one_half  first flex_column_table_cell av-equal-height-column av-align-top av-animated-generic fade-in av-zero-column-padding column-top-margin'     ><section  class='av_textblock_section av-av_textblock-283972ea15f2e73870c23e2d6de3245d' ><div class='avia_textblock' ><p><strong>Sue Paraskevas<\/strong> Verwendung traditioneller Porzellan Techniken resultiert in der Herstellung zart gedrehter Gef\u00e4\u00dfe. Ihr Arbeitsprozess umfasst sowohl Ver\u00e4nderungen als auch Zuf\u00e4lle \u2013 ihre \u00e4u\u00dferst pers\u00f6nliche Arbeit ist au\u00dferdem ein erweiterter Kommentar \u00fcber h\u00e4usliche Beziehungen sowie eine Erforschung des besch\u00e4digten bzw. geheilten menschlichen Geistes und K\u00f6rpers.<\/p>\n<\/div><\/section><\/div><div class='av-flex-placeholder'><\/div>\n<style type=\"text\/css\" data-created_by=\"avia_inline_auto\" id=\"style-css-av-av_one_half-d3527fefd78746f092942f935eb2b9ab\">\n.flex_column.av-av_one_half-d3527fefd78746f092942f935eb2b9ab{\n-webkit-border-radius:0px 0px 0px 0px;\n-moz-border-radius:0px 0px 0px 0px;\nborder-radius:0px 0px 0px 0px;\n}\n<\/style>\n<div class='flex_column av-av_one_half-d3527fefd78746f092942f935eb2b9ab av_one_half  avia-builder-el-79  el_after_av_one_half  el_before_av_one_full  flex_column_table_cell av-equal-height-column av-align-top av-animated-generic fade-in av-zero-column-padding column-top-margin'     ><section  class='av_textblock_section av-av_textblock-283972ea15f2e73870c23e2d6de3245d' ><div class='avia_textblock' ><p>Im Laufe ihrer gesamten Kariere hat Sue Paraskeva eine intime Formensprache entwickelt, die mit ihren eigenen physischen und emotionalen Gesten verwoben ist. Sie setzt die inh\u00e4rente St\u00e4rke und Feinheit des Porzellans ein, um ihre Vorstellungen zu vermitteln. In ihrem j\u00fcngsten \u0152uvre sind auch individuelle und installative Arbeiten enthalten, die auf Gewicht und Dimensionen verschiedener K\u00f6rperteil Bezug nehmen.<\/p>\n<\/div><\/section><\/div><\/div><!--close column table wrapper. Autoclose: 1 --><div class='flex_column_table av-av_one_full-9731843b9236f31f4ed8d91fa944e8b0 sc-av_one_full av-equal-height-column-flextable'>\n<style type=\"text\/css\" data-created_by=\"avia_inline_auto\" id=\"style-css-av-av_one_full-9731843b9236f31f4ed8d91fa944e8b0\">\n.flex_column.av-av_one_full-9731843b9236f31f4ed8d91fa944e8b0{\n-webkit-border-radius:0px 0px 0px 0px;\n-moz-border-radius:0px 0px 0px 0px;\nborder-radius:0px 0px 0px 0px;\n}\n<\/style>\n<div class='flex_column av-av_one_full-9731843b9236f31f4ed8d91fa944e8b0 av_one_full  avia-builder-el-81  el_after_av_one_half  el_before_av_one_half  jo_col_empty first flex_column_table_cell av-equal-height-column av-align-top av-animated-generic fade-in av-zero-column-padding column-top-margin'     ><section  class='av_textblock_section av-av_textblock-283972ea15f2e73870c23e2d6de3245d' ><div class='avia_textblock' ><p>invisible placeholder<\/p>\n<\/div><\/section><\/div><\/div><!--close column table wrapper. Autoclose: 1 --><div class='flex_column_table av-av_one_half-d8bc1af391ab19e1b80332216d5a6941 sc-av_one_half av-equal-height-column-flextable'>\n<style type=\"text\/css\" data-created_by=\"avia_inline_auto\" id=\"style-css-av-av_one_half-d8bc1af391ab19e1b80332216d5a6941\">\n.flex_column.av-av_one_half-d8bc1af391ab19e1b80332216d5a6941{\n-webkit-border-radius:0px 0px 0px 0px;\n-moz-border-radius:0px 0px 0px 0px;\nborder-radius:0px 0px 0px 0px;\n}\n<\/style>\n<div class='flex_column av-av_one_half-d8bc1af391ab19e1b80332216d5a6941 av_one_half  avia-builder-el-83  el_after_av_one_full  el_before_av_one_half  jo_pf_bild_bg first flex_column_table_cell av-equal-height-column av-align-top av-animated-generic fade-in av-zero-column-padding column-top-margin'     ><p>\n<style type=\"text\/css\" data-created_by=\"avia_inline_auto\" id=\"style-css-av-av_image-05be1a10a1f4aee9c866beaf3d179bee\">\n.avia-image-container.av-av_image-05be1a10a1f4aee9c866beaf3d179bee img.avia_image{\nbox-shadow:none;\n}\n.avia-image-container.av-av_image-05be1a10a1f4aee9c866beaf3d179bee .av-caption-image-overlay-bg{\nopacity:0.4;\n}\n<\/style>\n<div  class='avia-image-container av-av_image-05be1a10a1f4aee9c866beaf3d179bee av-styling-no-styling avia_animated_image av-animated-when-visible-95 fade-in avia-align-left  avia-builder-el-84  el_before_av_textblock  avia-builder-el-first  jo_pf_bild noHover av-overlay-hover-deactivate'  ><div class=\"avia-image-container-inner\"><div class=\"avia-image-overlay-wrap\"><a href=\"https:\/\/www.galerie-metzger.de\/wp-content\/uploads\/2018\/04\/sue-paraskeva-galerie-metzger-gallery-smashed-porcelain-tableware-1090x727.jpg\" data-srcset=\"https:\/\/www.galerie-metzger.de\/wp-content\/uploads\/2018\/04\/sue-paraskeva-galerie-metzger-gallery-smashed-porcelain-tableware-1090x727.jpg 1090w, https:\/\/www.galerie-metzger.de\/wp-content\/uploads\/2018\/04\/sue-paraskeva-galerie-metzger-gallery-smashed-porcelain-tableware-690x460.jpg 690w, https:\/\/www.galerie-metzger.de\/wp-content\/uploads\/2018\/04\/sue-paraskeva-galerie-metzger-gallery-smashed-porcelain-tableware-1536x1024.jpg 1536w, https:\/\/www.galerie-metzger.de\/wp-content\/uploads\/2018\/04\/sue-paraskeva-galerie-metzger-gallery-smashed-porcelain-tableware-2048x1365.jpg 2048w, https:\/\/www.galerie-metzger.de\/wp-content\/uploads\/2018\/04\/sue-paraskeva-galerie-metzger-gallery-smashed-porcelain-tableware-1500x1000.jpg 1500w, https:\/\/www.galerie-metzger.de\/wp-content\/uploads\/2018\/04\/sue-paraskeva-galerie-metzger-gallery-smashed-porcelain-tableware-705x470.jpg 705w, https:\/\/www.galerie-metzger.de\/wp-content\/uploads\/2018\/04\/sue-paraskeva-galerie-metzger-gallery-smashed-porcelain-tableware-400x267.jpg 400w, https:\/\/www.galerie-metzger.de\/wp-content\/uploads\/2018\/04\/sue-paraskeva-galerie-metzger-gallery-smashed-porcelain-tableware-768x512.jpg 768w, https:\/\/www.galerie-metzger.de\/wp-content\/uploads\/2018\/04\/sue-paraskeva-galerie-metzger-gallery-smashed-porcelain-tableware-1600x1067.jpg 1600w, https:\/\/www.galerie-metzger.de\/wp-content\/uploads\/2018\/04\/sue-paraskeva-galerie-metzger-gallery-smashed-porcelain-tableware-300x200.jpg 300w, https:\/\/www.galerie-metzger.de\/wp-content\/uploads\/2018\/04\/sue-paraskeva-galerie-metzger-gallery-smashed-porcelain-tableware-900x600.jpg 900w, https:\/\/www.galerie-metzger.de\/wp-content\/uploads\/2018\/04\/sue-paraskeva-galerie-metzger-gallery-smashed-porcelain-tableware-450x300.jpg 450w\" data-sizes=\"(max-width: 1030px) 100vw, 1030px\" class='avia_image' ><div class=\"av-image-caption-overlay\"><div class=\"av-caption-image-overlay-bg\"><\/div><div class=\"av-image-caption-overlay-position\"><div class=\"av-image-caption-overlay-center\"><p>Sue Paraskeva \u2013 Smashed Porcelain Tableware \u2013 2017, Foto: Julian Winslow<\/p>\n<\/div><\/div><\/div><img decoding=\"async\" class='wp-image-5738 avia-img-lazy-loading-not-5738 avia_image ' src=\"https:\/\/www.galerie-metzger.de\/wp-content\/uploads\/2018\/04\/sue-paraskeva-galerie-metzger-gallery-smashed-porcelain-tableware-495x400.jpg\" alt='Sue-Paraskeva-smashed porcelain-tableware' title='Sue-Paraskeva-smashed porcelain-tableware'  height=\"400\" width=\"495\" srcset=\"https:\/\/www.galerie-metzger.de\/wp-content\/uploads\/2018\/04\/sue-paraskeva-galerie-metzger-gallery-smashed-porcelain-tableware-495x400.jpg 495w, https:\/\/www.galerie-metzger.de\/wp-content\/uploads\/2018\/04\/sue-paraskeva-galerie-metzger-gallery-smashed-porcelain-tableware-845x684.jpg 845w\" sizes=\"(max-width: 495px) 100vw, 495px\" \/><\/a><\/div><\/div><\/div><br \/>\n<section  class='av_textblock_section av-av_textblock-2df6986536148a6092118248b21c996c' ><div class='avia_textblock jo_werk_anfrage' ><p><a class=\"anfrage\" href=\"mailto:info@galerie-metzger.de?subject=Sue%20Paraskeva%20dishware%202017%20 cm\">Anfrage zum Werk<\/a><\/p>\n<\/div><\/section><\/p><\/div><div class='av-flex-placeholder'><\/div>\n<style type=\"text\/css\" data-created_by=\"avia_inline_auto\" id=\"style-css-av-av_one_half-6b9a0098281ac79e1809296ee7f22ca2\">\n.flex_column.av-av_one_half-6b9a0098281ac79e1809296ee7f22ca2{\n-webkit-border-radius:0px 0px 0px 0px;\n-moz-border-radius:0px 0px 0px 0px;\nborder-radius:0px 0px 0px 0px;\n}\n<\/style>\n<div class='flex_column av-av_one_half-6b9a0098281ac79e1809296ee7f22ca2 av_one_half  avia-builder-el-86  el_after_av_one_half  el_before_av_one_full  jo_pf_bild_bg flex_column_table_cell av-equal-height-column av-align-top av-animated-generic fade-in av-zero-column-padding column-top-margin'     ><p>\n<style type=\"text\/css\" data-created_by=\"avia_inline_auto\" id=\"style-css-av-av_image-00aaa26fb274c8a31bcb28aa4df8600f\">\n.avia-image-container.av-av_image-00aaa26fb274c8a31bcb28aa4df8600f img.avia_image{\nbox-shadow:none;\n}\n.avia-image-container.av-av_image-00aaa26fb274c8a31bcb28aa4df8600f .av-caption-image-overlay-bg{\nopacity:0.4;\n}\n<\/style>\n<div  class='avia-image-container av-av_image-00aaa26fb274c8a31bcb28aa4df8600f av-styling-no-styling avia_animated_image av-animated-when-visible-95 fade-in avia-align-left  avia-builder-el-87  el_before_av_textblock  avia-builder-el-first  jo_pf_bild noHover av-overlay-hover-deactivate'  ><div class=\"avia-image-container-inner\"><div class=\"avia-image-overlay-wrap\"><a href=\"https:\/\/www.galerie-metzger.de\/wp-content\/uploads\/2018\/04\/sue-paraskeva-galerie-metzger-gallery-art-zeitgenoessische-Keramik-angewandte-Kunst-1090x727.jpg\" data-srcset=\"https:\/\/www.galerie-metzger.de\/wp-content\/uploads\/2018\/04\/sue-paraskeva-galerie-metzger-gallery-art-zeitgenoessische-Keramik-angewandte-Kunst-1090x727.jpg 1090w, https:\/\/www.galerie-metzger.de\/wp-content\/uploads\/2018\/04\/sue-paraskeva-galerie-metzger-gallery-art-zeitgenoessische-Keramik-angewandte-Kunst-690x460.jpg 690w, https:\/\/www.galerie-metzger.de\/wp-content\/uploads\/2018\/04\/sue-paraskeva-galerie-metzger-gallery-art-zeitgenoessische-Keramik-angewandte-Kunst-1536x1024.jpg 1536w, https:\/\/www.galerie-metzger.de\/wp-content\/uploads\/2018\/04\/sue-paraskeva-galerie-metzger-gallery-art-zeitgenoessische-Keramik-angewandte-Kunst-2048x1365.jpg 2048w, https:\/\/www.galerie-metzger.de\/wp-content\/uploads\/2018\/04\/sue-paraskeva-galerie-metzger-gallery-art-zeitgenoessische-Keramik-angewandte-Kunst-1500x1000.jpg 1500w, https:\/\/www.galerie-metzger.de\/wp-content\/uploads\/2018\/04\/sue-paraskeva-galerie-metzger-gallery-art-zeitgenoessische-Keramik-angewandte-Kunst-705x470.jpg 705w, https:\/\/www.galerie-metzger.de\/wp-content\/uploads\/2018\/04\/sue-paraskeva-galerie-metzger-gallery-art-zeitgenoessische-Keramik-angewandte-Kunst-400x267.jpg 400w, https:\/\/www.galerie-metzger.de\/wp-content\/uploads\/2018\/04\/sue-paraskeva-galerie-metzger-gallery-art-zeitgenoessische-Keramik-angewandte-Kunst-768x512.jpg 768w, https:\/\/www.galerie-metzger.de\/wp-content\/uploads\/2018\/04\/sue-paraskeva-galerie-metzger-gallery-art-zeitgenoessische-Keramik-angewandte-Kunst-1600x1067.jpg 1600w, https:\/\/www.galerie-metzger.de\/wp-content\/uploads\/2018\/04\/sue-paraskeva-galerie-metzger-gallery-art-zeitgenoessische-Keramik-angewandte-Kunst-300x200.jpg 300w, https:\/\/www.galerie-metzger.de\/wp-content\/uploads\/2018\/04\/sue-paraskeva-galerie-metzger-gallery-art-zeitgenoessische-Keramik-angewandte-Kunst-900x600.jpg 900w, https:\/\/www.galerie-metzger.de\/wp-content\/uploads\/2018\/04\/sue-paraskeva-galerie-metzger-gallery-art-zeitgenoessische-Keramik-angewandte-Kunst-450x300.jpg 450w\" data-sizes=\"(max-width: 1030px) 100vw, 1030px\" class='avia_image' ><div class=\"av-image-caption-overlay\"><div class=\"av-caption-image-overlay-bg\"><\/div><div class=\"av-image-caption-overlay-position\"><div class=\"av-image-caption-overlay-center\"><p>Sue Paraskeva \u2013 Smashed Porcelain Tableware \u2013 2017, Foto: Julian Winslow<\/p>\n<\/div><\/div><\/div><img decoding=\"async\" class='wp-image-5742 avia-img-lazy-loading-not-5742 avia_image ' src=\"https:\/\/www.galerie-metzger.de\/wp-content\/uploads\/2018\/04\/sue-paraskeva-galerie-metzger-gallery-art-zeitgenoessische-Keramik-angewandte-Kunst-495x400.jpg\" alt='sue-paraskeva' title='Sue-Paraskeva'  height=\"400\" width=\"495\" srcset=\"https:\/\/www.galerie-metzger.de\/wp-content\/uploads\/2018\/04\/sue-paraskeva-galerie-metzger-gallery-art-zeitgenoessische-Keramik-angewandte-Kunst-495x400.jpg 495w, https:\/\/www.galerie-metzger.de\/wp-content\/uploads\/2018\/04\/sue-paraskeva-galerie-metzger-gallery-art-zeitgenoessische-Keramik-angewandte-Kunst-845x684.jpg 845w\" sizes=\"(max-width: 495px) 100vw, 495px\" \/><\/a><\/div><\/div><\/div><br \/>\n<section  class='av_textblock_section av-av_textblock-2df6986536148a6092118248b21c996c' ><div class='avia_textblock jo_werk_anfrage' ><p><a class=\"anfrage\" href=\"mailto:info@galerie-metzger.de?subject=Sue%20Paraskeva%20dishware%202017%20cm\">Anfrage zum Werk<\/a><\/p>\n<\/div><\/section><\/p><\/div><\/div><!--close column table wrapper. Autoclose: 1 --><div class='flex_column_table av-av_one_full-9731843b9236f31f4ed8d91fa944e8b0 sc-av_one_full av-equal-height-column-flextable'>\n<style type=\"text\/css\" data-created_by=\"avia_inline_auto\" id=\"style-css-av-av_one_full-9731843b9236f31f4ed8d91fa944e8b0\">\n.flex_column.av-av_one_full-9731843b9236f31f4ed8d91fa944e8b0{\n-webkit-border-radius:0px 0px 0px 0px;\n-moz-border-radius:0px 0px 0px 0px;\nborder-radius:0px 0px 0px 0px;\n}\n<\/style>\n<div class='flex_column av-av_one_full-9731843b9236f31f4ed8d91fa944e8b0 av_one_full  avia-builder-el-89  el_after_av_one_half  avia-builder-el-last  jo_col_empty first flex_column_table_cell av-equal-height-column av-align-top av-animated-generic fade-in av-zero-column-padding column-top-margin'     ><section  class='av_textblock_section av-av_textblock-283972ea15f2e73870c23e2d6de3245d' ><div class='avia_textblock' ><p>invisible placeholder<\/p>\n<\/div><\/section><\/div><\/div><!--close column table wrapper. Autoclose: 1 --><\/div><\/div><\/main><!-- close content main element --><\/div><\/div><div id='sub_menu1'  class='av-submenu-container av-av_submenu-1b181b06a5cdde142b2fa91612ea84a5 main_color  avia-builder-el-91  el_after_av_section  avia-builder-el-last  waypmenu submenu-not-first container_wrap fullsize' style='z-index:301' ><div class='container av-menu-mobile-disabled av-submenu-pos-center'><ul id=\"menu-hauptmenue-deutsch\" class=\"av-subnav-menu\"><li role=\"menuitem\" id=\"menu-item-2815\" class=\"mobile menu-item menu-item-type-post_type menu-item-object-page menu-item-top-level menu-item-top-level-1\"><a href=\"https:\/\/www.galerie-metzger.de\/de\/artists\/\" tabindex=\"0\"><span class=\"avia-bullet\"><\/span><span class=\"avia-menu-text\">K\u00fcnstler<\/span><span class=\"avia-menu-fx\"><span class=\"avia-arrow-wrap\"><span class=\"avia-arrow\"><\/span><\/span><\/span><\/a><\/li>\n<li role=\"menuitem\" id=\"menu-item-2818\" class=\"mobile menu-item menu-item-type-post_type menu-item-object-page menu-item-top-level menu-item-top-level-2\"><a href=\"https:\/\/www.galerie-metzger.de\/de\/expo\/\" tabindex=\"0\"><span class=\"avia-bullet\"><\/span><span class=\"avia-menu-text\">Ausstellungen<\/span><span class=\"avia-menu-fx\"><span class=\"avia-arrow-wrap\"><span class=\"avia-arrow\"><\/span><\/span><\/span><\/a><\/li>\n<li role=\"menuitem\" id=\"menu-item-2796\" class=\"mobile menu-item menu-item-type-post_type menu-item-object-page menu-item-top-level menu-item-top-level-3\"><a href=\"https:\/\/www.galerie-metzger.de\/de\/sales\/\" tabindex=\"0\"><span class=\"avia-bullet\"><\/span><span class=\"avia-menu-text\">Verkauf<\/span><span class=\"avia-menu-fx\"><span class=\"avia-arrow-wrap\"><span class=\"avia-arrow\"><\/span><\/span><\/span><\/a><\/li>\n<li role=\"menuitem\" id=\"menu-item-12309\" class=\"mobile menu-item menu-item-type-post_type menu-item-object-post menu-item-top-level menu-item-top-level-4\"><a href=\"https:\/\/www.galerie-metzger.de\/de\/studio-ceramics\/studiokeramik\/\" tabindex=\"0\"><span class=\"avia-bullet\"><\/span><span class=\"avia-menu-text\">Studiokeramik<\/span><span class=\"avia-menu-fx\"><span class=\"avia-arrow-wrap\"><span class=\"avia-arrow\"><\/span><\/span><\/span><\/a><\/li>\n<li role=\"menuitem\" id=\"menu-item-10694\" class=\"menu-item menu-item-type-post_type menu-item-object-page menu-item-top-level menu-item-top-level-5\"><a href=\"https:\/\/www.galerie-metzger.de\/de\/keramik-marken-stempel-signaturen\/\" tabindex=\"0\"><span class=\"avia-bullet\"><\/span><span class=\"avia-menu-text\">Signaturen<\/span><span class=\"avia-menu-fx\"><span class=\"avia-arrow-wrap\"><span class=\"avia-arrow\"><\/span><\/span><\/span><\/a><\/li>\n<li role=\"menuitem\" id=\"menu-item-3559\" class=\"mobile menu-item menu-item-type-post_type menu-item-object-page menu-item-top-level menu-item-top-level-6\"><a href=\"https:\/\/www.galerie-metzger.de\/de\/gallery\/\" tabindex=\"0\"><span class=\"avia-bullet\"><\/span><span class=\"avia-menu-text\">die Galerie<\/span><span class=\"avia-menu-fx\"><span class=\"avia-arrow-wrap\"><span class=\"avia-arrow\"><\/span><\/span><\/span><\/a><\/li>\n<li role=\"menuitem\" id=\"menu-item-2715\" class=\"mobile menu-item menu-item-type-post_type menu-item-object-page menu-item-top-level menu-item-top-level-7\"><a href=\"https:\/\/www.galerie-metzger.de\/de\/contact\/\" tabindex=\"0\"><span class=\"avia-bullet\"><\/span><span class=\"avia-menu-text\">Kontakt<\/span><span class=\"avia-menu-fx\"><span class=\"avia-arrow-wrap\"><span class=\"avia-arrow\"><\/span><\/span><\/span><\/a><\/li>\n<li role=\"menuitem\" id=\"menu-item-5932\" class=\"mobile menu-item menu-item-type-custom menu-item-object-custom menu-item-top-level menu-item-top-level-8\"><a href=\"https:\/\/www.galerie-metzger.de\/de\/contact\/#site-notice\" tabindex=\"0\"><span class=\"avia-bullet\"><\/span><span class=\"avia-menu-text\">Impressum<\/span><span class=\"avia-menu-fx\"><span class=\"avia-arrow-wrap\"><span class=\"avia-arrow\"><\/span><\/span><\/span><\/a><\/li>\n<li role=\"menuitem\" id=\"menu-item-5933\" class=\"mobile menu-item menu-item-type-custom menu-item-object-custom menu-item-top-level menu-item-top-level-9\"><a href=\"https:\/\/www.galerie-metzger.de\/de\/contact\/#data\" tabindex=\"0\"><span class=\"avia-bullet\"><\/span><span class=\"avia-menu-text\">Datenschutz<\/span><span class=\"avia-menu-fx\"><span class=\"avia-arrow-wrap\"><span class=\"avia-arrow\"><\/span><\/span><\/span><\/a><\/li>\n<li role=\"menuitem\" id=\"menu-item-2994\" class=\"mobile menu-item menu-item-type-post_type menu-item-object-page menu-item-top-level menu-item-top-level-10\"><a href=\"https:\/\/www.galerie-metzger.de\/de\/links\/\" tabindex=\"0\"><span class=\"avia-bullet\"><\/span><span class=\"avia-menu-text\">Links<\/span><span class=\"avia-menu-fx\"><span class=\"avia-arrow-wrap\"><span class=\"avia-arrow\"><\/span><\/span><\/span><\/a><\/li>\n<li role=\"menuitem\" id=\"menu-item-1070\" class=\"bottom nomob menu_inv menu-item menu-item-type-custom menu-item-object-custom menu-item-top-level menu-item-top-level-11\"><a href=\"#footer\" tabindex=\"0\"><span class=\"avia-bullet\"><\/span><span class=\"avia-menu-text\">+Info<\/span><span class=\"avia-menu-fx\"><span class=\"avia-arrow-wrap\"><span class=\"avia-arrow\"><\/span><\/span><\/span><\/a><\/li>\n<li role=\"menuitem\" id=\"menu-item-1807\" class=\"menu_inv mobile address menu-item menu-item-type-custom menu-item-object-custom menu-item-top-level menu-item-top-level-12\"><a href=\"#\" tabindex=\"0\"><span class=\"avia-bullet\"><\/span><span class=\"avia-menu-text\"><p class=\"mob_menu dist top\">GALERIE <span class=\"bold\">METZGER<\/span><\/p> <p class=\"mob_menu\">Angelika Metzger<\/p> <p class=\"mob_menu\">Hauptstr. 18<\/p> <p class=\"mob_menu\">63867 Johannesberg<\/p> <p class=\"mob_menu phone\"><a href=\"tel:00496021460224\">+49 (0)6021 460224<\/a><\/p> <p class=\"mob_menu mail\"><a href=\"mailto:info@galerie-metzger.de\">info@galerie-metzger.de<\/a><\/p><\/span><span class=\"avia-menu-fx\"><span class=\"avia-arrow-wrap\"><span class=\"avia-arrow\"><\/span><\/span><\/span><\/a><\/li>\n<li role=\"menuitem\" id=\"menu-item-wpml-ls-17-de\" class=\"menu-item-language menu-item-language-current menu-item wpml-ls-slot-17 wpml-ls-item wpml-ls-item-de wpml-ls-current-language wpml-ls-menu-item wpml-ls-first-item menu-item-type-wpml_ls_menu_item menu-item-object-wpml_ls_menu_item menu-item-top-level menu-item-top-level-13\"><a href=\"https:\/\/www.galerie-metzger.de\/de\/\" tabindex=\"0\"><span class=\"avia-bullet\"><\/span><span class=\"avia-menu-text\"><span class=\"wpml-ls-native\" lang=\"de\">Deutsch<\/span><\/span><span class=\"avia-menu-fx\"><span class=\"avia-arrow-wrap\"><span class=\"avia-arrow\"><\/span><\/span><\/span><\/a><\/li>\n<li role=\"menuitem\" id=\"menu-item-wpml-ls-17-en\" class=\"menu-item-language menu-item wpml-ls-slot-17 wpml-ls-item wpml-ls-item-en wpml-ls-menu-item wpml-ls-last-item menu-item-type-wpml_ls_menu_item menu-item-object-wpml_ls_menu_item menu-item-top-level menu-item-top-level-14\"><a title=\"Zu English wechseln\" href=\"https:\/\/www.galerie-metzger.de\/en\/\" tabindex=\"0\"><span class=\"avia-bullet\"><\/span><span class=\"avia-menu-text\"><span class=\"wpml-ls-native\" lang=\"en\">English<\/span><\/span><span class=\"avia-menu-fx\"><span class=\"avia-arrow-wrap\"><span class=\"avia-arrow\"><\/span><\/span><\/span><\/a><\/li>\n<\/ul><\/div><\/div><\/p>\n","protected":false},"excerpt":{"rendered":"<p><span class=\"event_date_preview\">21.10.2018 \u2013 11.11.2018<\/span><br \/>\nzweimal  Bewegung \u2013 zwei K\u00fcnstlerinnen \u2013 zwei unterschiedliche Herangehensweisen \u2013 drei k\u00fcnstlerische Ausdrucksformen<\/p>\n","protected":false},"author":3,"featured_media":5903,"comment_status":"closed","ping_status":"closed","sticky":false,"template":"","format":"standard","meta":{"_lmt_disableupdate":"","_lmt_disable":"","footnotes":""},"categories":[65,69],"tags":[],"class_list":["post-5797","post","type-post","status-publish","format-standard","has-post-thumbnail","hentry","category-expo","category-expo_past"],"yoast_head":"<!-- This site is optimized with the Yoast SEO plugin v26.8 - https:\/\/yoast.com\/product\/yoast-seo-wordpress\/ -->\n<title>Gila Stolzenfu\u00df und Sue Paraskeva &#8211; GALERIE METZGER<\/title>\n<meta name=\"robots\" content=\"index, follow, max-snippet:-1, max-image-preview:large, max-video-preview:-1\" \/>\n<link rel=\"canonical\" href=\"https:\/\/www.galerie-metzger.de\/de\/expo\/gila-stolzenfuss-und-sue-paraskeva\/\" \/>\n<meta property=\"og:locale\" content=\"de_DE\" \/>\n<meta property=\"og:type\" content=\"article\" \/>\n<meta property=\"og:title\" content=\"Gila Stolzenfu\u00df und Sue Paraskeva &#8211; GALERIE METZGER\" \/>\n<meta property=\"og:description\" content=\"21.10.2018 \u2013 11.11.2018 zweimal Bewegung \u2013 zwei K\u00fcnstlerinnen \u2013 zwei unterschiedliche Herangehensweisen \u2013 drei k\u00fcnstlerische Ausdrucksformen\" \/>\n<meta property=\"og:url\" content=\"https:\/\/www.galerie-metzger.de\/de\/expo\/gila-stolzenfuss-und-sue-paraskeva\/\" \/>\n<meta property=\"og:site_name\" content=\"GALERIE METZGER\" \/>\n<meta property=\"article:published_time\" content=\"2018-05-04T10:33:46+00:00\" \/>\n<meta property=\"article:modified_time\" content=\"2019-05-14T14:39:19+00:00\" \/>\n<meta property=\"og:image\" content=\"https:\/\/www.galerie-metzger.de\/wp-content\/uploads\/2018\/05\/gila-stolzenfu\u00df-NA-SO-WAS-galerie-metzger-gallery-performance-left-2-scaled.jpg\" \/>\n\t<meta property=\"og:image:width\" content=\"2560\" \/>\n\t<meta property=\"og:image:height\" content=\"1707\" \/>\n\t<meta property=\"og:image:type\" content=\"image\/jpeg\" \/>\n<meta name=\"author\" content=\"Jochen Hilmer\" \/>\n<meta name=\"twitter:card\" content=\"summary_large_image\" \/>\n<meta name=\"twitter:label1\" content=\"Verfasst von\" \/>\n\t<meta name=\"twitter:data1\" content=\"Jochen Hilmer\" \/>\n\t<meta name=\"twitter:label2\" content=\"Gesch\u00e4tzte Lesezeit\" \/>\n\t<meta name=\"twitter:data2\" content=\"26\u00a0Minuten\" \/>\n<script type=\"application\/ld+json\" class=\"yoast-schema-graph\">{\"@context\":\"https:\/\/schema.org\",\"@graph\":[{\"@type\":\"Article\",\"@id\":\"https:\/\/www.galerie-metzger.de\/de\/expo\/gila-stolzenfuss-und-sue-paraskeva\/#article\",\"isPartOf\":{\"@id\":\"https:\/\/www.galerie-metzger.de\/de\/expo\/gila-stolzenfuss-und-sue-paraskeva\/\"},\"author\":{\"name\":\"Jochen Hilmer\",\"@id\":\"https:\/\/www.galerie-metzger.de\/de\/#\/schema\/person\/739b84f16bd18ee4644ff618a78ce452\"},\"headline\":\"Gila Stolzenfu\u00df und Sue Paraskeva\",\"datePublished\":\"2018-05-04T10:33:46+00:00\",\"dateModified\":\"2019-05-14T14:39:19+00:00\",\"mainEntityOfPage\":{\"@id\":\"https:\/\/www.galerie-metzger.de\/de\/expo\/gila-stolzenfuss-und-sue-paraskeva\/\"},\"wordCount\":4377,\"publisher\":{\"@id\":\"https:\/\/www.galerie-metzger.de\/de\/#organization\"},\"image\":{\"@id\":\"https:\/\/www.galerie-metzger.de\/de\/expo\/gila-stolzenfuss-und-sue-paraskeva\/#primaryimage\"},\"thumbnailUrl\":\"https:\/\/www.galerie-metzger.de\/wp-content\/uploads\/2018\/05\/gila-stolzenfu\u00df-NA-SO-WAS-galerie-metzger-gallery-performance-left-2-scaled.jpg\",\"articleSection\":[\"expo\",\"expo_past\"],\"inLanguage\":\"de\"},{\"@type\":\"WebPage\",\"@id\":\"https:\/\/www.galerie-metzger.de\/de\/expo\/gila-stolzenfuss-und-sue-paraskeva\/\",\"url\":\"https:\/\/www.galerie-metzger.de\/de\/expo\/gila-stolzenfuss-und-sue-paraskeva\/\",\"name\":\"Gila Stolzenfu\u00df und Sue Paraskeva &#8211; GALERIE METZGER\",\"isPartOf\":{\"@id\":\"https:\/\/www.galerie-metzger.de\/de\/#website\"},\"primaryImageOfPage\":{\"@id\":\"https:\/\/www.galerie-metzger.de\/de\/expo\/gila-stolzenfuss-und-sue-paraskeva\/#primaryimage\"},\"image\":{\"@id\":\"https:\/\/www.galerie-metzger.de\/de\/expo\/gila-stolzenfuss-und-sue-paraskeva\/#primaryimage\"},\"thumbnailUrl\":\"https:\/\/www.galerie-metzger.de\/wp-content\/uploads\/2018\/05\/gila-stolzenfu\u00df-NA-SO-WAS-galerie-metzger-gallery-performance-left-2-scaled.jpg\",\"datePublished\":\"2018-05-04T10:33:46+00:00\",\"dateModified\":\"2019-05-14T14:39:19+00:00\",\"breadcrumb\":{\"@id\":\"https:\/\/www.galerie-metzger.de\/de\/expo\/gila-stolzenfuss-und-sue-paraskeva\/#breadcrumb\"},\"inLanguage\":\"de\",\"potentialAction\":[{\"@type\":\"ReadAction\",\"target\":[\"https:\/\/www.galerie-metzger.de\/de\/expo\/gila-stolzenfuss-und-sue-paraskeva\/\"]}]},{\"@type\":\"ImageObject\",\"inLanguage\":\"de\",\"@id\":\"https:\/\/www.galerie-metzger.de\/de\/expo\/gila-stolzenfuss-und-sue-paraskeva\/#primaryimage\",\"url\":\"https:\/\/www.galerie-metzger.de\/wp-content\/uploads\/2018\/05\/gila-stolzenfu\u00df-NA-SO-WAS-galerie-metzger-gallery-performance-left-2-scaled.jpg\",\"contentUrl\":\"https:\/\/www.galerie-metzger.de\/wp-content\/uploads\/2018\/05\/gila-stolzenfu\u00df-NA-SO-WAS-galerie-metzger-gallery-performance-left-2-scaled.jpg\",\"width\":2560,\"height\":1707},{\"@type\":\"BreadcrumbList\",\"@id\":\"https:\/\/www.galerie-metzger.de\/de\/expo\/gila-stolzenfuss-und-sue-paraskeva\/#breadcrumb\",\"itemListElement\":[{\"@type\":\"ListItem\",\"position\":1,\"name\":\"Startseite\",\"item\":\"https:\/\/www.galerie-metzger.de\/de\/start-20260213-de\/\"},{\"@type\":\"ListItem\",\"position\":2,\"name\":\"Gila Stolzenfu\u00df und Sue Paraskeva\"}]},{\"@type\":\"WebSite\",\"@id\":\"https:\/\/www.galerie-metzger.de\/de\/#website\",\"url\":\"https:\/\/www.galerie-metzger.de\/de\/\",\"name\":\"GALERIE METZGER\",\"description\":\"Keramik \u2013\u00a0Plastik \u2013\u00a0Kunst\",\"publisher\":{\"@id\":\"https:\/\/www.galerie-metzger.de\/de\/#organization\"},\"potentialAction\":[{\"@type\":\"SearchAction\",\"target\":{\"@type\":\"EntryPoint\",\"urlTemplate\":\"https:\/\/www.galerie-metzger.de\/de\/?s={search_term_string}\"},\"query-input\":{\"@type\":\"PropertyValueSpecification\",\"valueRequired\":true,\"valueName\":\"search_term_string\"}}],\"inLanguage\":\"de\"},{\"@type\":\"Organization\",\"@id\":\"https:\/\/www.galerie-metzger.de\/de\/#organization\",\"name\":\"GALERIE METZGER\",\"url\":\"https:\/\/www.galerie-metzger.de\/de\/\",\"logo\":{\"@type\":\"ImageObject\",\"inLanguage\":\"de\",\"@id\":\"https:\/\/www.galerie-metzger.de\/de\/#\/schema\/logo\/image\/\",\"url\":\"https:\/\/www.galerie-metzger.de\/wp-content\/uploads\/2018\/01\/galerie-metzger_logo_2018.png\",\"contentUrl\":\"https:\/\/www.galerie-metzger.de\/wp-content\/uploads\/2018\/01\/galerie-metzger_logo_2018.png\",\"width\":740,\"height\":340,\"caption\":\"GALERIE METZGER\"},\"image\":{\"@id\":\"https:\/\/www.galerie-metzger.de\/de\/#\/schema\/logo\/image\/\"}},{\"@type\":\"Person\",\"@id\":\"https:\/\/www.galerie-metzger.de\/de\/#\/schema\/person\/739b84f16bd18ee4644ff618a78ce452\",\"name\":\"Jochen Hilmer\",\"image\":{\"@type\":\"ImageObject\",\"inLanguage\":\"de\",\"@id\":\"https:\/\/www.galerie-metzger.de\/de\/#\/schema\/person\/image\/\",\"url\":\"https:\/\/secure.gravatar.com\/avatar\/ea765b289be44c807adb05f6b85400d488b8754d48419fddca400246400a0bc7?s=96&d=mm&r=g\",\"contentUrl\":\"https:\/\/secure.gravatar.com\/avatar\/ea765b289be44c807adb05f6b85400d488b8754d48419fddca400246400a0bc7?s=96&d=mm&r=g\",\"caption\":\"Jochen Hilmer\"}}]}<\/script>\n<!-- \/ Yoast SEO plugin. -->","yoast_head_json":{"title":"Gila Stolzenfu\u00df und Sue Paraskeva &#8211; GALERIE METZGER","robots":{"index":"index","follow":"follow","max-snippet":"max-snippet:-1","max-image-preview":"max-image-preview:large","max-video-preview":"max-video-preview:-1"},"canonical":"https:\/\/www.galerie-metzger.de\/de\/expo\/gila-stolzenfuss-und-sue-paraskeva\/","og_locale":"de_DE","og_type":"article","og_title":"Gila Stolzenfu\u00df und Sue Paraskeva &#8211; GALERIE METZGER","og_description":"21.10.2018 \u2013 11.11.2018 zweimal Bewegung \u2013 zwei K\u00fcnstlerinnen \u2013 zwei unterschiedliche Herangehensweisen \u2013 drei k\u00fcnstlerische Ausdrucksformen","og_url":"https:\/\/www.galerie-metzger.de\/de\/expo\/gila-stolzenfuss-und-sue-paraskeva\/","og_site_name":"GALERIE METZGER","article_published_time":"2018-05-04T10:33:46+00:00","article_modified_time":"2019-05-14T14:39:19+00:00","og_image":[{"width":2560,"height":1707,"url":"https:\/\/www.galerie-metzger.de\/wp-content\/uploads\/2018\/05\/gila-stolzenfu\u00df-NA-SO-WAS-galerie-metzger-gallery-performance-left-2-scaled.jpg","type":"image\/jpeg"}],"author":"Jochen Hilmer","twitter_card":"summary_large_image","twitter_misc":{"Verfasst von":"Jochen Hilmer","Gesch\u00e4tzte Lesezeit":"26\u00a0Minuten"},"schema":{"@context":"https:\/\/schema.org","@graph":[{"@type":"Article","@id":"https:\/\/www.galerie-metzger.de\/de\/expo\/gila-stolzenfuss-und-sue-paraskeva\/#article","isPartOf":{"@id":"https:\/\/www.galerie-metzger.de\/de\/expo\/gila-stolzenfuss-und-sue-paraskeva\/"},"author":{"name":"Jochen Hilmer","@id":"https:\/\/www.galerie-metzger.de\/de\/#\/schema\/person\/739b84f16bd18ee4644ff618a78ce452"},"headline":"Gila Stolzenfu\u00df und Sue Paraskeva","datePublished":"2018-05-04T10:33:46+00:00","dateModified":"2019-05-14T14:39:19+00:00","mainEntityOfPage":{"@id":"https:\/\/www.galerie-metzger.de\/de\/expo\/gila-stolzenfuss-und-sue-paraskeva\/"},"wordCount":4377,"publisher":{"@id":"https:\/\/www.galerie-metzger.de\/de\/#organization"},"image":{"@id":"https:\/\/www.galerie-metzger.de\/de\/expo\/gila-stolzenfuss-und-sue-paraskeva\/#primaryimage"},"thumbnailUrl":"https:\/\/www.galerie-metzger.de\/wp-content\/uploads\/2018\/05\/gila-stolzenfu\u00df-NA-SO-WAS-galerie-metzger-gallery-performance-left-2-scaled.jpg","articleSection":["expo","expo_past"],"inLanguage":"de"},{"@type":"WebPage","@id":"https:\/\/www.galerie-metzger.de\/de\/expo\/gila-stolzenfuss-und-sue-paraskeva\/","url":"https:\/\/www.galerie-metzger.de\/de\/expo\/gila-stolzenfuss-und-sue-paraskeva\/","name":"Gila Stolzenfu\u00df und Sue Paraskeva &#8211; GALERIE METZGER","isPartOf":{"@id":"https:\/\/www.galerie-metzger.de\/de\/#website"},"primaryImageOfPage":{"@id":"https:\/\/www.galerie-metzger.de\/de\/expo\/gila-stolzenfuss-und-sue-paraskeva\/#primaryimage"},"image":{"@id":"https:\/\/www.galerie-metzger.de\/de\/expo\/gila-stolzenfuss-und-sue-paraskeva\/#primaryimage"},"thumbnailUrl":"https:\/\/www.galerie-metzger.de\/wp-content\/uploads\/2018\/05\/gila-stolzenfu\u00df-NA-SO-WAS-galerie-metzger-gallery-performance-left-2-scaled.jpg","datePublished":"2018-05-04T10:33:46+00:00","dateModified":"2019-05-14T14:39:19+00:00","breadcrumb":{"@id":"https:\/\/www.galerie-metzger.de\/de\/expo\/gila-stolzenfuss-und-sue-paraskeva\/#breadcrumb"},"inLanguage":"de","potentialAction":[{"@type":"ReadAction","target":["https:\/\/www.galerie-metzger.de\/de\/expo\/gila-stolzenfuss-und-sue-paraskeva\/"]}]},{"@type":"ImageObject","inLanguage":"de","@id":"https:\/\/www.galerie-metzger.de\/de\/expo\/gila-stolzenfuss-und-sue-paraskeva\/#primaryimage","url":"https:\/\/www.galerie-metzger.de\/wp-content\/uploads\/2018\/05\/gila-stolzenfu\u00df-NA-SO-WAS-galerie-metzger-gallery-performance-left-2-scaled.jpg","contentUrl":"https:\/\/www.galerie-metzger.de\/wp-content\/uploads\/2018\/05\/gila-stolzenfu\u00df-NA-SO-WAS-galerie-metzger-gallery-performance-left-2-scaled.jpg","width":2560,"height":1707},{"@type":"BreadcrumbList","@id":"https:\/\/www.galerie-metzger.de\/de\/expo\/gila-stolzenfuss-und-sue-paraskeva\/#breadcrumb","itemListElement":[{"@type":"ListItem","position":1,"name":"Startseite","item":"https:\/\/www.galerie-metzger.de\/de\/start-20260213-de\/"},{"@type":"ListItem","position":2,"name":"Gila Stolzenfu\u00df und Sue Paraskeva"}]},{"@type":"WebSite","@id":"https:\/\/www.galerie-metzger.de\/de\/#website","url":"https:\/\/www.galerie-metzger.de\/de\/","name":"GALERIE METZGER","description":"Keramik \u2013\u00a0Plastik \u2013\u00a0Kunst","publisher":{"@id":"https:\/\/www.galerie-metzger.de\/de\/#organization"},"potentialAction":[{"@type":"SearchAction","target":{"@type":"EntryPoint","urlTemplate":"https:\/\/www.galerie-metzger.de\/de\/?s={search_term_string}"},"query-input":{"@type":"PropertyValueSpecification","valueRequired":true,"valueName":"search_term_string"}}],"inLanguage":"de"},{"@type":"Organization","@id":"https:\/\/www.galerie-metzger.de\/de\/#organization","name":"GALERIE METZGER","url":"https:\/\/www.galerie-metzger.de\/de\/","logo":{"@type":"ImageObject","inLanguage":"de","@id":"https:\/\/www.galerie-metzger.de\/de\/#\/schema\/logo\/image\/","url":"https:\/\/www.galerie-metzger.de\/wp-content\/uploads\/2018\/01\/galerie-metzger_logo_2018.png","contentUrl":"https:\/\/www.galerie-metzger.de\/wp-content\/uploads\/2018\/01\/galerie-metzger_logo_2018.png","width":740,"height":340,"caption":"GALERIE METZGER"},"image":{"@id":"https:\/\/www.galerie-metzger.de\/de\/#\/schema\/logo\/image\/"}},{"@type":"Person","@id":"https:\/\/www.galerie-metzger.de\/de\/#\/schema\/person\/739b84f16bd18ee4644ff618a78ce452","name":"Jochen Hilmer","image":{"@type":"ImageObject","inLanguage":"de","@id":"https:\/\/www.galerie-metzger.de\/de\/#\/schema\/person\/image\/","url":"https:\/\/secure.gravatar.com\/avatar\/ea765b289be44c807adb05f6b85400d488b8754d48419fddca400246400a0bc7?s=96&d=mm&r=g","contentUrl":"https:\/\/secure.gravatar.com\/avatar\/ea765b289be44c807adb05f6b85400d488b8754d48419fddca400246400a0bc7?s=96&d=mm&r=g","caption":"Jochen Hilmer"}}]}},"modified_by":"Angelika Metzger","_links":{"self":[{"href":"https:\/\/www.galerie-metzger.de\/de\/wp-json\/wp\/v2\/posts\/5797","targetHints":{"allow":["GET"]}}],"collection":[{"href":"https:\/\/www.galerie-metzger.de\/de\/wp-json\/wp\/v2\/posts"}],"about":[{"href":"https:\/\/www.galerie-metzger.de\/de\/wp-json\/wp\/v2\/types\/post"}],"author":[{"embeddable":true,"href":"https:\/\/www.galerie-metzger.de\/de\/wp-json\/wp\/v2\/users\/3"}],"replies":[{"embeddable":true,"href":"https:\/\/www.galerie-metzger.de\/de\/wp-json\/wp\/v2\/comments?post=5797"}],"version-history":[{"count":0,"href":"https:\/\/www.galerie-metzger.de\/de\/wp-json\/wp\/v2\/posts\/5797\/revisions"}],"wp:featuredmedia":[{"embeddable":true,"href":"https:\/\/www.galerie-metzger.de\/de\/wp-json\/wp\/v2\/media\/5903"}],"wp:attachment":[{"href":"https:\/\/www.galerie-metzger.de\/de\/wp-json\/wp\/v2\/media?parent=5797"}],"wp:term":[{"taxonomy":"category","embeddable":true,"href":"https:\/\/www.galerie-metzger.de\/de\/wp-json\/wp\/v2\/categories?post=5797"},{"taxonomy":"post_tag","embeddable":true,"href":"https:\/\/www.galerie-metzger.de\/de\/wp-json\/wp\/v2\/tags?post=5797"}],"curies":[{"name":"wp","href":"https:\/\/api.w.org\/{rel}","templated":true}]}}