{"id":4265,"date":"2018-01-20T19:35:29","date_gmt":"2018-01-20T18:35:29","guid":{"rendered":"http:\/\/www.galerie-metzger.de\/_wpgm\/sale\/sale-hans-fischer-copy\/"},"modified":"2023-07-23T19:14:34","modified_gmt":"2023-07-23T17:14:34","slug":"sales-beate-kuhn","status":"publish","type":"post","link":"https:\/\/www.galerie-metzger.de\/de\/sales\/sales-beate-kuhn\/","title":{"rendered":"Verkauf \u2013\u00a0Beate Kuhn"},"content":{"rendered":"<div id='topp'  class='avia-section av-2icw015-fe5c7d03efe8a6a7a20bfc9f48a02601 main_color avia-section-no-padding avia-no-border-styling  avia-builder-el-0  el_before_av_submenu  avia-builder-el-first  avia-bg-style-scroll container_wrap fullsize'  ><div class='container av-section-cont-open' ><main  class='template-page content  av-content-full alpha units'><div class='post-entry post-entry-type-page post-entry-4265'><div class='entry-content-wrapper clearfix'>\n\n<style type=\"text\/css\" data-created_by=\"avia_inline_auto\" id=\"style-css-av-2gsdjah-563096c31b778e7d6533bd96dc56e0f6\">\n.flex_column.av-2gsdjah-563096c31b778e7d6533bd96dc56e0f6{\n-webkit-border-radius:0px 0px 0px 0px;\n-moz-border-radius:0px 0px 0px 0px;\nborder-radius:0px 0px 0px 0px;\n}\n<\/style>\n<div class='flex_column av-2gsdjah-563096c31b778e7d6533bd96dc56e0f6 av_one_full  avia-builder-el-1  el_before_av_two_third  avia-builder-el-first  jo_col_page_title first no_margin flex_column_div av-animated-generic fade-in av-zero-column-padding '     ><style type=\"text\/css\" data-created_by=\"avia_inline_auto\" id=\"style-css-av-16pplnt-0b92ec9e3a04cc3b05866c5685fb8a28\">\n#top .av-special-heading.av-16pplnt-0b92ec9e3a04cc3b05866c5685fb8a28{\npadding-bottom:0px;\n}\nbody .av-special-heading.av-16pplnt-0b92ec9e3a04cc3b05866c5685fb8a28 .av-special-heading-tag .heading-char{\nfont-size:25px;\n}\n.av-special-heading.av-16pplnt-0b92ec9e3a04cc3b05866c5685fb8a28 .av-subheading{\nfont-size:15px;\n}\n<\/style>\n<div  class='av-special-heading av-16pplnt-0b92ec9e3a04cc3b05866c5685fb8a28 av-special-heading-h2 blockquote modern-quote  avia-builder-el-2  avia-builder-el-no-sibling  jo_special_heading portfo one'><h2 class='av-special-heading-tag'  >Beate Kuhn<\/h2><div class=\"special-heading-border\"><div class=\"special-heading-inner-border\"><\/div><\/div><\/div><\/div><div class='flex_column_table av-2csrkgp-24b9d681e98b9ea2fa045c3ba2a610d0 sc-av_two_third av-equal-height-column-flextable'>\n<style type=\"text\/css\" data-created_by=\"avia_inline_auto\" id=\"style-css-av-2csrkgp-24b9d681e98b9ea2fa045c3ba2a610d0\">\n.flex_column.av-2csrkgp-24b9d681e98b9ea2fa045c3ba2a610d0{\n-webkit-border-radius:0px 0px 0px 0px;\n-moz-border-radius:0px 0px 0px 0px;\nborder-radius:0px 0px 0px 0px;\n}\n<\/style>\n<div class='flex_column av-2csrkgp-24b9d681e98b9ea2fa045c3ba2a610d0 av_two_third  avia-builder-el-3  el_after_av_one_full  el_before_av_one_third  jo_pf_bild_bg start first flex_column_table_cell av-equal-height-column av-align-top av-animated-generic fade-in av-zero-column-padding column-top-margin'     ><p>\n<style type=\"text\/css\" data-created_by=\"avia_inline_auto\" id=\"style-css-av-14837yx-a2c492bfdcce06b92723f66014d23e2b\">\n.avia-image-container.av-14837yx-a2c492bfdcce06b92723f66014d23e2b img.avia_image{\nbox-shadow:none;\n}\n.avia-image-container.av-14837yx-a2c492bfdcce06b92723f66014d23e2b .av-caption-image-overlay-bg{\nopacity:0.4;\n}\n<\/style>\n<div  class='avia-image-container av-14837yx-a2c492bfdcce06b92723f66014d23e2b av-styling-no-styling avia_animated_image av-animated-when-visible-95 fade-in avia-align-left  avia-builder-el-4  el_before_av_textblock  avia-builder-el-first  jo_pf_bild noHover av-overlay-hover-deactivate'  ><div class=\"avia-image-container-inner\"><div class=\"avia-image-overlay-wrap\"><a href=\"https:\/\/www.galerie-metzger.de\/wp-content\/uploads\/2021\/04\/Beate-Kuhn-untitled-ca.-2014-275x22-x16cm-galerie-metzger-gallery-keramik-ceramic-art-object-plastische-arbeit-kaufen--1090x727.jpg\" data-srcset=\"https:\/\/www.galerie-metzger.de\/wp-content\/uploads\/2021\/04\/Beate-Kuhn-untitled-ca.-2014-275x22-x16cm-galerie-metzger-gallery-keramik-ceramic-art-object-plastische-arbeit-kaufen--1090x727.jpg 1090w, https:\/\/www.galerie-metzger.de\/wp-content\/uploads\/2021\/04\/Beate-Kuhn-untitled-ca.-2014-275x22-x16cm-galerie-metzger-gallery-keramik-ceramic-art-object-plastische-arbeit-kaufen--690x460.jpg 690w, https:\/\/www.galerie-metzger.de\/wp-content\/uploads\/2021\/04\/Beate-Kuhn-untitled-ca.-2014-275x22-x16cm-galerie-metzger-gallery-keramik-ceramic-art-object-plastische-arbeit-kaufen--1536x1024.jpg 1536w, https:\/\/www.galerie-metzger.de\/wp-content\/uploads\/2021\/04\/Beate-Kuhn-untitled-ca.-2014-275x22-x16cm-galerie-metzger-gallery-keramik-ceramic-art-object-plastische-arbeit-kaufen--2048x1365.jpg 2048w, https:\/\/www.galerie-metzger.de\/wp-content\/uploads\/2021\/04\/Beate-Kuhn-untitled-ca.-2014-275x22-x16cm-galerie-metzger-gallery-keramik-ceramic-art-object-plastische-arbeit-kaufen--1500x1000.jpg 1500w, https:\/\/www.galerie-metzger.de\/wp-content\/uploads\/2021\/04\/Beate-Kuhn-untitled-ca.-2014-275x22-x16cm-galerie-metzger-gallery-keramik-ceramic-art-object-plastische-arbeit-kaufen--705x470.jpg 705w, https:\/\/www.galerie-metzger.de\/wp-content\/uploads\/2021\/04\/Beate-Kuhn-untitled-ca.-2014-275x22-x16cm-galerie-metzger-gallery-keramik-ceramic-art-object-plastische-arbeit-kaufen--400x267.jpg 400w, https:\/\/www.galerie-metzger.de\/wp-content\/uploads\/2021\/04\/Beate-Kuhn-untitled-ca.-2014-275x22-x16cm-galerie-metzger-gallery-keramik-ceramic-art-object-plastische-arbeit-kaufen--1030x687.jpg 1030w, https:\/\/www.galerie-metzger.de\/wp-content\/uploads\/2021\/04\/Beate-Kuhn-untitled-ca.-2014-275x22-x16cm-galerie-metzger-gallery-keramik-ceramic-art-object-plastische-arbeit-kaufen--768x512.jpg 768w, https:\/\/www.galerie-metzger.de\/wp-content\/uploads\/2021\/04\/Beate-Kuhn-untitled-ca.-2014-275x22-x16cm-galerie-metzger-gallery-keramik-ceramic-art-object-plastische-arbeit-kaufen--300x200.jpg 300w, https:\/\/www.galerie-metzger.de\/wp-content\/uploads\/2021\/04\/Beate-Kuhn-untitled-ca.-2014-275x22-x16cm-galerie-metzger-gallery-keramik-ceramic-art-object-plastische-arbeit-kaufen--900x600.jpg 900w, https:\/\/www.galerie-metzger.de\/wp-content\/uploads\/2021\/04\/Beate-Kuhn-untitled-ca.-2014-275x22-x16cm-galerie-metzger-gallery-keramik-ceramic-art-object-plastische-arbeit-kaufen--450x300.jpg 450w\" data-sizes=\"(max-width: 1030px) 100vw, 1030px\" class='avia_image' ><div class=\"av-image-caption-overlay\"><div class=\"av-caption-image-overlay-bg\"><\/div><div class=\"av-image-caption-overlay-position\"><div class=\"av-image-caption-overlay-center\"><p>Beate Kuhn \u2013 untitled \u2013 ca. 2014, 27,5&#215;22 x16 cm, Foto: Edi Baumann<\/p>\n<\/div><\/div><\/div><img decoding=\"async\" class='wp-image-9337 avia-img-lazy-loading-not-9337 avia_image ' src=\"https:\/\/www.galerie-metzger.de\/wp-content\/uploads\/2021\/04\/Beate-Kuhn-untitled-ca.-2014-275x22-x16cm-galerie-metzger-gallery-keramik-ceramic-art-object-plastische-arbeit-kaufen--845x684.jpg\" alt='Beate Kuhn untitled - ca. 2014 27,5x22 x16cm' title='Beate Kuhn untitled - ca. 2014 27,5x22 x16cm'  height=\"684\" width=\"845\" srcset=\"https:\/\/www.galerie-metzger.de\/wp-content\/uploads\/2021\/04\/Beate-Kuhn-untitled-ca.-2014-275x22-x16cm-galerie-metzger-gallery-keramik-ceramic-art-object-plastische-arbeit-kaufen--845x684.jpg 845w, https:\/\/www.galerie-metzger.de\/wp-content\/uploads\/2021\/04\/Beate-Kuhn-untitled-ca.-2014-275x22-x16cm-galerie-metzger-gallery-keramik-ceramic-art-object-plastische-arbeit-kaufen--495x400.jpg 495w\" sizes=\"(max-width: 845px) 100vw, 845px\" \/><\/a><\/div><\/div><\/div><br \/>\n<section  class='av_textblock_section av-12q97g9-c2442a22c3d1315babd9d2fe2e95e26e' ><div class='avia_textblock jo_werk_anfrage' ><p><a class=\"anfrage\" href=\"mailto:info@galerie-metzger.de?subject=Beate%20Kuhn%20\u2013%20untitled%20\u2013%20ca. 2014\">Anfrage zum Werk<\/a><\/p>\n<\/div><\/section><\/p><\/div><div class='av-flex-placeholder'><\/div>\n<style type=\"text\/css\" data-created_by=\"avia_inline_auto\" id=\"style-css-av-28a5vft-775ce9c1f7d3cc649d0e481427325be7\">\n.flex_column.av-28a5vft-775ce9c1f7d3cc649d0e481427325be7{\n-webkit-border-radius:0px 0px 0px 0px;\n-moz-border-radius:0px 0px 0px 0px;\nborder-radius:0px 0px 0px 0px;\n}\n<\/style>\n<div class='flex_column av-28a5vft-775ce9c1f7d3cc649d0e481427325be7 av_one_third  avia-builder-el-6  el_after_av_two_third  el_before_av_one_full  jo_col_empty flex_column_table_cell av-equal-height-column av-align-top av-animated-generic fade-in av-zero-column-padding column-top-margin'     ><section  class='av_textblock_section av-26sq06h-2402a389ba81f84926f5fc7e7077f497' ><div class='avia_textblock' ><p>invisible placeholder<\/p>\n<\/div><\/section><\/div><\/div><!--close column table wrapper. Autoclose: 1 -->\n<style type=\"text\/css\" data-created_by=\"avia_inline_auto\" id=\"style-css-av-7qxvx5-6394261b04fd3ee3e3a4d20a164a4bd8\">\n.flex_column.av-7qxvx5-6394261b04fd3ee3e3a4d20a164a4bd8{\n-webkit-border-radius:0px 0px 0px 0px;\n-moz-border-radius:0px 0px 0px 0px;\nborder-radius:0px 0px 0px 0px;\n}\n<\/style>\n<div class='flex_column av-7qxvx5-6394261b04fd3ee3e3a4d20a164a4bd8 av_one_full  avia-builder-el-8  el_after_av_one_third  el_before_av_one_third  jo_col_head first no_margin flex_column_div av-animated-generic fade-in av-zero-column-padding column-top-margin'     ><style type=\"text\/css\" data-created_by=\"avia_inline_auto\" id=\"style-css-av-115ili1-8ba382627be2e90f75ed617f140b4d3d\">\n#top .av-special-heading.av-115ili1-8ba382627be2e90f75ed617f140b4d3d{\npadding-bottom:0px;\n}\nbody .av-special-heading.av-115ili1-8ba382627be2e90f75ed617f140b4d3d .av-special-heading-tag .heading-char{\nfont-size:25px;\n}\n.av-special-heading.av-115ili1-8ba382627be2e90f75ed617f140b4d3d .av-subheading{\nfont-size:15px;\n}\n<\/style>\n<div  class='av-special-heading av-115ili1-8ba382627be2e90f75ed617f140b4d3d av-special-heading-h1 blockquote modern-quote  avia-builder-el-9  avia-builder-el-no-sibling  jo_special_heading portfo two'><h1 class='av-special-heading-tag'  >Keramik aus dem Geiste der Musik und der Natur<\/h1><div class=\"special-heading-border\"><div class=\"special-heading-inner-border\"><\/div><\/div><\/div><\/div><div class='flex_column_table av-7cbp0p-75b7aeb4e462ea81374573ff2583da8d sc-av_one_third av-equal-height-column-flextable'>\n<style type=\"text\/css\" data-created_by=\"avia_inline_auto\" id=\"style-css-av-7cbp0p-75b7aeb4e462ea81374573ff2583da8d\">\n.flex_column.av-7cbp0p-75b7aeb4e462ea81374573ff2583da8d{\n-webkit-border-radius:0px 0px 0px 0px;\n-moz-border-radius:0px 0px 0px 0px;\nborder-radius:0px 0px 0px 0px;\n}\n<\/style>\n<div class='flex_column av-7cbp0p-75b7aeb4e462ea81374573ff2583da8d av_one_third  avia-builder-el-10  el_after_av_one_full  el_before_av_two_third  first flex_column_table_cell av-equal-height-column av-align-top av-animated-generic fade-in av-zero-column-padding column-top-margin'     ><section  class='av_textblock_section av-76kv15-d59c14f84e938b3c3922fdaf6927b837' ><div class='avia_textblock' ><p>Wiederholung und Variation \u2013 neben dem \u00fcberbewerteten Moment der Innovation sind<br \/>\nsie die grundlegenden Prinzipien der K\u00fcnste, von der Tradition bis zur Avantgarde. Dass die deutsche Keramikerin Beate Kuhn, auf Genese und Herkunft ihrer Arbeiten angesprochen, immer wieder auf die Neue Musik des 20sten Jahrhunderts als Einfluss verwies, ist nicht einfach eine pers\u00f6nliche Marotte der K\u00fcnstlerin gewesen. Sie, die beim Arbeiten mit Vorliebe die g\u00e4nzlich atonale Musik Luigi Nonos h\u00f6rte, hatte die strukturellen Analogien der verschiedenen Bereiche begriffen und, fruchtbar und eigenwillig wie niemand neben ihr, intuitiv jene so simplen Grundprinzipien gestalterischen Bildens in die zeitgen\u00f6ssische Keramik \u00fcbertragen.<\/p>\n<\/div><\/section><\/div><div class='av-flex-placeholder'><\/div>\n<style type=\"text\/css\" data-created_by=\"avia_inline_auto\" id=\"style-css-av-1yz46rd-996dc72dcdc792dc43d0bc09e8f7711e\">\n.flex_column.av-1yz46rd-996dc72dcdc792dc43d0bc09e8f7711e{\n-webkit-border-radius:0px 0px 0px 0px;\n-moz-border-radius:0px 0px 0px 0px;\nborder-radius:0px 0px 0px 0px;\n}\n<\/style>\n<div class='flex_column av-1yz46rd-996dc72dcdc792dc43d0bc09e8f7711e av_two_third  avia-builder-el-12  el_after_av_one_third  el_before_av_one_full  jo_pf_bild_bg flex_column_table_cell av-equal-height-column av-align-top av-animated-generic fade-in av-zero-column-padding column-top-margin'     ><p>\n<style type=\"text\/css\" data-created_by=\"avia_inline_auto\" id=\"style-css-av-1wh6nu1-fc717dd97760b9a3e729e40935167774\">\n.avia-image-container.av-1wh6nu1-fc717dd97760b9a3e729e40935167774 img.avia_image{\nbox-shadow:none;\n}\n.avia-image-container.av-1wh6nu1-fc717dd97760b9a3e729e40935167774 .av-caption-image-overlay-bg{\nopacity:0.4;\n}\n<\/style>\n<div  class='avia-image-container av-1wh6nu1-fc717dd97760b9a3e729e40935167774 av-styling-no-styling avia_animated_image av-animated-when-visible-95 fade-in avia-align-left  avia-builder-el-13  el_before_av_textblock  avia-builder-el-first  jo_pf_bild noHover av-overlay-hover-deactivate'  ><div class=\"avia-image-container-inner\"><div class=\"avia-image-overlay-wrap\"><a href=\"https:\/\/www.galerie-metzger.de\/wp-content\/uploads\/2018\/01\/Beate-Kuhn-Katzenversammlung-Donaueschingen-2011-25x35x30cm-Galerie-Metzger-Skulptur-Keramik-Kunst-Art-Sculpture-Ceramic-1090x727.jpg\" data-srcset=\"https:\/\/www.galerie-metzger.de\/wp-content\/uploads\/2018\/01\/Beate-Kuhn-Katzenversammlung-Donaueschingen-2011-25x35x30cm-Galerie-Metzger-Skulptur-Keramik-Kunst-Art-Sculpture-Ceramic-1090x727.jpg 1090w, https:\/\/www.galerie-metzger.de\/wp-content\/uploads\/2018\/01\/Beate-Kuhn-Katzenversammlung-Donaueschingen-2011-25x35x30cm-Galerie-Metzger-Skulptur-Keramik-Kunst-Art-Sculpture-Ceramic-690x460.jpg 690w, https:\/\/www.galerie-metzger.de\/wp-content\/uploads\/2018\/01\/Beate-Kuhn-Katzenversammlung-Donaueschingen-2011-25x35x30cm-Galerie-Metzger-Skulptur-Keramik-Kunst-Art-Sculpture-Ceramic-1536x1024.jpg 1536w, https:\/\/www.galerie-metzger.de\/wp-content\/uploads\/2018\/01\/Beate-Kuhn-Katzenversammlung-Donaueschingen-2011-25x35x30cm-Galerie-Metzger-Skulptur-Keramik-Kunst-Art-Sculpture-Ceramic-2048x1365.jpg 2048w, https:\/\/www.galerie-metzger.de\/wp-content\/uploads\/2018\/01\/Beate-Kuhn-Katzenversammlung-Donaueschingen-2011-25x35x30cm-Galerie-Metzger-Skulptur-Keramik-Kunst-Art-Sculpture-Ceramic-1500x1000.jpg 1500w, https:\/\/www.galerie-metzger.de\/wp-content\/uploads\/2018\/01\/Beate-Kuhn-Katzenversammlung-Donaueschingen-2011-25x35x30cm-Galerie-Metzger-Skulptur-Keramik-Kunst-Art-Sculpture-Ceramic-705x470.jpg 705w, https:\/\/www.galerie-metzger.de\/wp-content\/uploads\/2018\/01\/Beate-Kuhn-Katzenversammlung-Donaueschingen-2011-25x35x30cm-Galerie-Metzger-Skulptur-Keramik-Kunst-Art-Sculpture-Ceramic-400x267.jpg 400w, https:\/\/www.galerie-metzger.de\/wp-content\/uploads\/2018\/01\/Beate-Kuhn-Katzenversammlung-Donaueschingen-2011-25x35x30cm-Galerie-Metzger-Skulptur-Keramik-Kunst-Art-Sculpture-Ceramic-768x512.jpg 768w, https:\/\/www.galerie-metzger.de\/wp-content\/uploads\/2018\/01\/Beate-Kuhn-Katzenversammlung-Donaueschingen-2011-25x35x30cm-Galerie-Metzger-Skulptur-Keramik-Kunst-Art-Sculpture-Ceramic-1600x1067.jpg 1600w, https:\/\/www.galerie-metzger.de\/wp-content\/uploads\/2018\/01\/Beate-Kuhn-Katzenversammlung-Donaueschingen-2011-25x35x30cm-Galerie-Metzger-Skulptur-Keramik-Kunst-Art-Sculpture-Ceramic-300x200.jpg 300w, https:\/\/www.galerie-metzger.de\/wp-content\/uploads\/2018\/01\/Beate-Kuhn-Katzenversammlung-Donaueschingen-2011-25x35x30cm-Galerie-Metzger-Skulptur-Keramik-Kunst-Art-Sculpture-Ceramic-900x600.jpg 900w, https:\/\/www.galerie-metzger.de\/wp-content\/uploads\/2018\/01\/Beate-Kuhn-Katzenversammlung-Donaueschingen-2011-25x35x30cm-Galerie-Metzger-Skulptur-Keramik-Kunst-Art-Sculpture-Ceramic-450x300.jpg 450w\" data-sizes=\"(max-width: 1030px) 100vw, 1030px\" class='avia_image' ><div class=\"av-image-caption-overlay\"><div class=\"av-caption-image-overlay-bg\"><\/div><div class=\"av-image-caption-overlay-position\"><div class=\"av-image-caption-overlay-center\"><p>Beate Kuhn \u2013 Katzenversammlung Donaueschingen \u2013 2011, 25x35x30 cm, Foto: Edi Baumann<\/p>\n<\/div><\/div><\/div><img decoding=\"async\" class='wp-image-3618 avia-img-lazy-loading-not-3618 avia_image ' src=\"https:\/\/www.galerie-metzger.de\/wp-content\/uploads\/2018\/01\/Beate-Kuhn-Katzenversammlung-Donaueschingen-2011-25x35x30cm-Galerie-Metzger-Skulptur-Keramik-Kunst-Art-Sculpture-Ceramic-845x684.jpg\" alt='Beate Kuhn \u2013\u00a0Katzenversammlung Donaueschingen \u2013\u00a02011, 25x35x30cm \u2013\u00a0Galerie Metzger Keramik Plastik Sculpture Art' title='Beate Kuhn \u2013\u00a0Katzenversammlung Donaueschingen \u2013\u00a02011, 25x35x30cm'  height=\"684\" width=\"845\" srcset=\"https:\/\/www.galerie-metzger.de\/wp-content\/uploads\/2018\/01\/Beate-Kuhn-Katzenversammlung-Donaueschingen-2011-25x35x30cm-Galerie-Metzger-Skulptur-Keramik-Kunst-Art-Sculpture-Ceramic-845x684.jpg 845w, https:\/\/www.galerie-metzger.de\/wp-content\/uploads\/2018\/01\/Beate-Kuhn-Katzenversammlung-Donaueschingen-2011-25x35x30cm-Galerie-Metzger-Skulptur-Keramik-Kunst-Art-Sculpture-Ceramic-495x400.jpg 495w\" sizes=\"(max-width: 845px) 100vw, 845px\" \/><\/a><\/div><\/div><\/div><br \/>\n<section  class='av_textblock_section av-1v1rvqx-d6021dbf738e151194fd66642f9c7673' ><div class='avia_textblock jo_werk_anfrage' ><p><a class=\"anfrage\" href=\"mailto:info@galerie-metzger.de?subject=Beate%20Kuhn%20Katzenmusik Donaueschingen%2025x35x30 cm%202011\">Anfrage zum Werk<\/a><\/p>\n<\/div><\/section><\/p><\/div><\/div><!--close column table wrapper. Autoclose: 1 --><div class='flex_column_table av-1t74ekp-ecbc1d5d1a0391860f955bd07bfe2793 sc-av_one_full av-equal-height-column-flextable'>\n<style type=\"text\/css\" data-created_by=\"avia_inline_auto\" id=\"style-css-av-1t74ekp-ecbc1d5d1a0391860f955bd07bfe2793\">\n.flex_column.av-1t74ekp-ecbc1d5d1a0391860f955bd07bfe2793{\n-webkit-border-radius:0px 0px 0px 0px;\n-moz-border-radius:0px 0px 0px 0px;\nborder-radius:0px 0px 0px 0px;\n}\n<\/style>\n<div class='flex_column av-1t74ekp-ecbc1d5d1a0391860f955bd07bfe2793 av_one_full  avia-builder-el-15  el_after_av_two_third  el_before_av_one_third  jo_col_empty first flex_column_table_cell av-equal-height-column av-align-top av-animated-generic fade-in av-zero-column-padding column-top-margin'     ><section  class='av_textblock_section av-1s1ff2x-f6774600f41b48f68585d0370b1bba55' ><div class='avia_textblock' ><p>invisible placeholder<\/p>\n<\/div><\/section><\/div><\/div><!--close column table wrapper. Autoclose: 1 --><div class='flex_column_table av-1pz4qi1-6e2f90bf4d39bb83a6c04597cd665f02 sc-av_one_third av-equal-height-column-flextable'>\n<style type=\"text\/css\" data-created_by=\"avia_inline_auto\" id=\"style-css-av-1pz4qi1-6e2f90bf4d39bb83a6c04597cd665f02\">\n.flex_column.av-1pz4qi1-6e2f90bf4d39bb83a6c04597cd665f02{\n-webkit-border-radius:0px 0px 0px 0px;\n-moz-border-radius:0px 0px 0px 0px;\nborder-radius:0px 0px 0px 0px;\n}\n<\/style>\n<div class='flex_column av-1pz4qi1-6e2f90bf4d39bb83a6c04597cd665f02 av_one_third  avia-builder-el-17  el_after_av_one_full  el_before_av_one_third  jo_pf_bild_bg first flex_column_table_cell av-equal-height-column av-align-top av-animated-generic fade-in av-zero-column-padding column-top-margin'     ><p>\n<style type=\"text\/css\" data-created_by=\"avia_inline_auto\" id=\"style-css-av-10dkxsp-ea464968bb316cf280ae929f7d773de0\">\n.avia-image-container.av-10dkxsp-ea464968bb316cf280ae929f7d773de0 img.avia_image{\nbox-shadow:none;\n}\n.avia-image-container.av-10dkxsp-ea464968bb316cf280ae929f7d773de0 .av-caption-image-overlay-bg{\nopacity:0.4;\n}\n<\/style>\n<div  class='avia-image-container av-10dkxsp-ea464968bb316cf280ae929f7d773de0 av-styling-no-styling avia_animated_image av-animated-when-visible-95 fade-in avia-align-left  avia-builder-el-18  el_before_av_textblock  avia-builder-el-first  jo_pf_bild noHover av-overlay-hover-deactivate'  ><div class=\"avia-image-container-inner\"><div class=\"avia-image-overlay-wrap\"><a href=\"https:\/\/www.galerie-metzger.de\/wp-content\/uploads\/2018\/01\/beate-kuhn-untiteld-um-1990-24x27x30-galerie-metzger-gallery-collect-plastik-sculpture-1090x727.jpg\" data-srcset=\"https:\/\/www.galerie-metzger.de\/wp-content\/uploads\/2018\/01\/beate-kuhn-untiteld-um-1990-24x27x30-galerie-metzger-gallery-collect-plastik-sculpture-1090x727.jpg 1090w, https:\/\/www.galerie-metzger.de\/wp-content\/uploads\/2018\/01\/beate-kuhn-untiteld-um-1990-24x27x30-galerie-metzger-gallery-collect-plastik-sculpture-690x460.jpg 690w, https:\/\/www.galerie-metzger.de\/wp-content\/uploads\/2018\/01\/beate-kuhn-untiteld-um-1990-24x27x30-galerie-metzger-gallery-collect-plastik-sculpture-768x512.jpg 768w, https:\/\/www.galerie-metzger.de\/wp-content\/uploads\/2018\/01\/beate-kuhn-untiteld-um-1990-24x27x30-galerie-metzger-gallery-collect-plastik-sculpture-1536x1024.jpg 1536w, https:\/\/www.galerie-metzger.de\/wp-content\/uploads\/2018\/01\/beate-kuhn-untiteld-um-1990-24x27x30-galerie-metzger-gallery-collect-plastik-sculpture-2048x1365.jpg 2048w, https:\/\/www.galerie-metzger.de\/wp-content\/uploads\/2018\/01\/beate-kuhn-untiteld-um-1990-24x27x30-galerie-metzger-gallery-collect-plastik-sculpture-1500x1000.jpg 1500w, https:\/\/www.galerie-metzger.de\/wp-content\/uploads\/2018\/01\/beate-kuhn-untiteld-um-1990-24x27x30-galerie-metzger-gallery-collect-plastik-sculpture-705x470.jpg 705w, https:\/\/www.galerie-metzger.de\/wp-content\/uploads\/2018\/01\/beate-kuhn-untiteld-um-1990-24x27x30-galerie-metzger-gallery-collect-plastik-sculpture-400x267.jpg 400w, https:\/\/www.galerie-metzger.de\/wp-content\/uploads\/2018\/01\/beate-kuhn-untiteld-um-1990-24x27x30-galerie-metzger-gallery-collect-plastik-sculpture-1600x1067.jpg 1600w, https:\/\/www.galerie-metzger.de\/wp-content\/uploads\/2018\/01\/beate-kuhn-untiteld-um-1990-24x27x30-galerie-metzger-gallery-collect-plastik-sculpture-300x200.jpg 300w, https:\/\/www.galerie-metzger.de\/wp-content\/uploads\/2018\/01\/beate-kuhn-untiteld-um-1990-24x27x30-galerie-metzger-gallery-collect-plastik-sculpture-900x600.jpg 900w, https:\/\/www.galerie-metzger.de\/wp-content\/uploads\/2018\/01\/beate-kuhn-untiteld-um-1990-24x27x30-galerie-metzger-gallery-collect-plastik-sculpture-450x300.jpg 450w\" data-sizes=\"(max-width: 1030px) 100vw, 1030px\" class='avia_image' ><div class=\"av-image-caption-overlay\"><div class=\"av-caption-image-overlay-bg\"><\/div><div class=\"av-image-caption-overlay-position\"><div class=\"av-image-caption-overlay-center\"><p>Beate Kuhn \u2013 Krabbe \u2013 um 1980, Foto: Edi Baumann<\/p>\n<\/div><\/div><\/div><img decoding=\"async\" class='wp-image-3813 avia-img-lazy-loading-not-3813 avia_image ' src=\"https:\/\/www.galerie-metzger.de\/wp-content\/uploads\/2018\/01\/beate-kuhn-untiteld-um-1990-24x27x30-galerie-metzger-gallery-collect-plastik-sculpture-690x460.jpg\" alt='Beate-Kuhn-untitled-um 1990-24x27x30 cm' title='Beate-Kuhn-untitled-um 1990-24x27x30 cm'  height=\"460\" width=\"690\" srcset=\"https:\/\/www.galerie-metzger.de\/wp-content\/uploads\/2018\/01\/beate-kuhn-untiteld-um-1990-24x27x30-galerie-metzger-gallery-collect-plastik-sculpture-690x460.jpg 690w, https:\/\/www.galerie-metzger.de\/wp-content\/uploads\/2018\/01\/beate-kuhn-untiteld-um-1990-24x27x30-galerie-metzger-gallery-collect-plastik-sculpture-1090x727.jpg 1090w, https:\/\/www.galerie-metzger.de\/wp-content\/uploads\/2018\/01\/beate-kuhn-untiteld-um-1990-24x27x30-galerie-metzger-gallery-collect-plastik-sculpture-768x512.jpg 768w, https:\/\/www.galerie-metzger.de\/wp-content\/uploads\/2018\/01\/beate-kuhn-untiteld-um-1990-24x27x30-galerie-metzger-gallery-collect-plastik-sculpture-1536x1024.jpg 1536w, https:\/\/www.galerie-metzger.de\/wp-content\/uploads\/2018\/01\/beate-kuhn-untiteld-um-1990-24x27x30-galerie-metzger-gallery-collect-plastik-sculpture-2048x1365.jpg 2048w, https:\/\/www.galerie-metzger.de\/wp-content\/uploads\/2018\/01\/beate-kuhn-untiteld-um-1990-24x27x30-galerie-metzger-gallery-collect-plastik-sculpture-1500x1000.jpg 1500w, https:\/\/www.galerie-metzger.de\/wp-content\/uploads\/2018\/01\/beate-kuhn-untiteld-um-1990-24x27x30-galerie-metzger-gallery-collect-plastik-sculpture-705x470.jpg 705w, https:\/\/www.galerie-metzger.de\/wp-content\/uploads\/2018\/01\/beate-kuhn-untiteld-um-1990-24x27x30-galerie-metzger-gallery-collect-plastik-sculpture-400x267.jpg 400w, https:\/\/www.galerie-metzger.de\/wp-content\/uploads\/2018\/01\/beate-kuhn-untiteld-um-1990-24x27x30-galerie-metzger-gallery-collect-plastik-sculpture-1600x1067.jpg 1600w, https:\/\/www.galerie-metzger.de\/wp-content\/uploads\/2018\/01\/beate-kuhn-untiteld-um-1990-24x27x30-galerie-metzger-gallery-collect-plastik-sculpture-300x200.jpg 300w, https:\/\/www.galerie-metzger.de\/wp-content\/uploads\/2018\/01\/beate-kuhn-untiteld-um-1990-24x27x30-galerie-metzger-gallery-collect-plastik-sculpture-900x600.jpg 900w, https:\/\/www.galerie-metzger.de\/wp-content\/uploads\/2018\/01\/beate-kuhn-untiteld-um-1990-24x27x30-galerie-metzger-gallery-collect-plastik-sculpture-450x300.jpg 450w\" sizes=\"(max-width: 690px) 100vw, 690px\" \/><\/a><\/div><\/div><\/div><br \/>\n<section  class='av_textblock_section av-1m7yp15-af30bf5a1227ac284105873ef70192a0' ><div class='avia_textblock jo_werk_anfrage' ><p><a class=\"anfrage\" href=\"mailto:info@galerie-metzger.de?subject=Beate%20Kuhn%20Krabbe%20um 1980\">Anfrage zum Werk<\/a><\/p>\n<\/div><\/section><\/p><\/div><div class='av-flex-placeholder'><\/div>\n<style type=\"text\/css\" data-created_by=\"avia_inline_auto\" id=\"style-css-av-2csrkgp-56-a8702f604f113a7c3b8967650b3b5813\">\n.flex_column.av-2csrkgp-56-a8702f604f113a7c3b8967650b3b5813{\n-webkit-border-radius:0px 0px 0px 0px;\n-moz-border-radius:0px 0px 0px 0px;\nborder-radius:0px 0px 0px 0px;\n}\n<\/style>\n<div class='flex_column av-2csrkgp-56-a8702f604f113a7c3b8967650b3b5813 av_one_third  avia-builder-el-20  el_after_av_one_third  el_before_av_one_third  jo_pf_bild_bg start flex_column_table_cell av-equal-height-column av-align-top av-animated-generic fade-in av-zero-column-padding column-top-margin'     ><p>\n<style type=\"text\/css\" data-created_by=\"avia_inline_auto\" id=\"style-css-av-y489p5-7764f5e7c9899e5748c0d23db3ebc56b\">\n.avia-image-container.av-y489p5-7764f5e7c9899e5748c0d23db3ebc56b img.avia_image{\nbox-shadow:none;\n}\n.avia-image-container.av-y489p5-7764f5e7c9899e5748c0d23db3ebc56b .av-caption-image-overlay-bg{\nopacity:0.4;\n}\n<\/style>\n<div  class='avia-image-container av-y489p5-7764f5e7c9899e5748c0d23db3ebc56b av-styling-no-styling avia_animated_image av-animated-when-visible-95 fade-in avia-align-left  avia-builder-el-21  el_before_av_textblock  avia-builder-el-first  jo_pf_bild noHover av-overlay-hover-deactivate'  ><div class=\"avia-image-container-inner\"><div class=\"avia-image-overlay-wrap\"><a href=\"https:\/\/www.galerie-metzger.de\/wp-content\/uploads\/2018\/04\/Beate-Kuhn.Kastanie.18x18x21-cm-1090x727.jpg\" data-srcset=\"https:\/\/www.galerie-metzger.de\/wp-content\/uploads\/2018\/04\/Beate-Kuhn.Kastanie.18x18x21-cm-1090x727.jpg 1090w, https:\/\/www.galerie-metzger.de\/wp-content\/uploads\/2018\/04\/Beate-Kuhn.Kastanie.18x18x21-cm-690x460.jpg 690w, https:\/\/www.galerie-metzger.de\/wp-content\/uploads\/2018\/04\/Beate-Kuhn.Kastanie.18x18x21-cm-1536x1024.jpg 1536w, https:\/\/www.galerie-metzger.de\/wp-content\/uploads\/2018\/04\/Beate-Kuhn.Kastanie.18x18x21-cm-2048x1365.jpg 2048w, https:\/\/www.galerie-metzger.de\/wp-content\/uploads\/2018\/04\/Beate-Kuhn.Kastanie.18x18x21-cm-1500x1000.jpg 1500w, https:\/\/www.galerie-metzger.de\/wp-content\/uploads\/2018\/04\/Beate-Kuhn.Kastanie.18x18x21-cm-705x470.jpg 705w, https:\/\/www.galerie-metzger.de\/wp-content\/uploads\/2018\/04\/Beate-Kuhn.Kastanie.18x18x21-cm-400x267.jpg 400w, https:\/\/www.galerie-metzger.de\/wp-content\/uploads\/2018\/04\/Beate-Kuhn.Kastanie.18x18x21-cm-768x512.jpg 768w, https:\/\/www.galerie-metzger.de\/wp-content\/uploads\/2018\/04\/Beate-Kuhn.Kastanie.18x18x21-cm-1600x1067.jpg 1600w, https:\/\/www.galerie-metzger.de\/wp-content\/uploads\/2018\/04\/Beate-Kuhn.Kastanie.18x18x21-cm-300x200.jpg 300w, https:\/\/www.galerie-metzger.de\/wp-content\/uploads\/2018\/04\/Beate-Kuhn.Kastanie.18x18x21-cm-900x600.jpg 900w, https:\/\/www.galerie-metzger.de\/wp-content\/uploads\/2018\/04\/Beate-Kuhn.Kastanie.18x18x21-cm-450x300.jpg 450w\" data-sizes=\"(max-width: 1030px) 100vw, 1030px\" class='avia_image' ><div class=\"av-image-caption-overlay\"><div class=\"av-caption-image-overlay-bg\"><\/div><div class=\"av-image-caption-overlay-position\"><div class=\"av-image-caption-overlay-center\"><p>Beate Kuhn \u2013 gespaltene Kugel \u2013 Fr\u00fchjahr 1969, 18x18x21cm, Foto: Edi Baumann<\/p>\n<\/div><\/div><\/div><img decoding=\"async\" class='wp-image-5683 avia-img-lazy-loading-not-5683 avia_image ' src=\"https:\/\/www.galerie-metzger.de\/wp-content\/uploads\/2018\/04\/Beate-Kuhn.Kastanie.18x18x21-cm-845x684.jpg\" alt='Beate - Kuhn - gespaltene Kugel - 1969' title='Beate - Kuhn - gespaltene Kugel - 1969 18x18x21 cm'  height=\"684\" width=\"845\" srcset=\"https:\/\/www.galerie-metzger.de\/wp-content\/uploads\/2018\/04\/Beate-Kuhn.Kastanie.18x18x21-cm-845x684.jpg 845w, https:\/\/www.galerie-metzger.de\/wp-content\/uploads\/2018\/04\/Beate-Kuhn.Kastanie.18x18x21-cm-495x400.jpg 495w\" sizes=\"(max-width: 845px) 100vw, 845px\" \/><\/a><\/div><\/div><\/div><br \/>\n<section  class='av_textblock_section av-wl0yhl-32fa04fbb1f630621faa88716911fa79' ><div class='avia_textblock jo_werk_anfrage' ><p><a class=\"anfrage\" href=\"mailto:info@galerie-metzger.de?subject=Beate%20Kuhn%20\u2013%20gespaltene Kugel%20\u2013%20Fruehjahr 1969\">Anfrage zum Werk<\/a><\/p>\n<\/div><\/section><\/p><\/div><div class='av-flex-placeholder'><\/div>\n<style type=\"text\/css\" data-created_by=\"avia_inline_auto\" id=\"style-css-av-1t74ekp-53-55c2c8ccb55c8c456b9558f8b597ddb4\">\n.flex_column.av-1t74ekp-53-55c2c8ccb55c8c456b9558f8b597ddb4{\n-webkit-border-radius:0px 0px 0px 0px;\n-moz-border-radius:0px 0px 0px 0px;\nborder-radius:0px 0px 0px 0px;\n}\n<\/style>\n<div class='flex_column av-1t74ekp-53-55c2c8ccb55c8c456b9558f8b597ddb4 av_one_third  avia-builder-el-23  el_after_av_one_third  el_before_av_one_full  jo_col_empty flex_column_table_cell av-equal-height-column av-align-top av-animated-generic fade-in av-zero-column-padding column-top-margin'     ><section  class='av_textblock_section av-1s1ff2x-52-741547ce8e100c8bfec1431edf1f64ec' ><div class='avia_textblock' ><p>invisible placeholder<\/p>\n<\/div><\/section><\/div><\/div><!--close column table wrapper. Autoclose: 1 --><div class='flex_column_table av-1t74ekp-50-64005091121bcc56b7ec6a589cb82439 sc-av_one_full av-equal-height-column-flextable'>\n<style type=\"text\/css\" data-created_by=\"avia_inline_auto\" id=\"style-css-av-1t74ekp-50-64005091121bcc56b7ec6a589cb82439\">\n.flex_column.av-1t74ekp-50-64005091121bcc56b7ec6a589cb82439{\n-webkit-border-radius:0px 0px 0px 0px;\n-moz-border-radius:0px 0px 0px 0px;\nborder-radius:0px 0px 0px 0px;\n}\n<\/style>\n<div class='flex_column av-1t74ekp-50-64005091121bcc56b7ec6a589cb82439 av_one_full  avia-builder-el-25  el_after_av_one_third  el_before_av_two_third  jo_col_empty first flex_column_table_cell av-equal-height-column av-align-top av-animated-generic fade-in av-zero-column-padding column-top-margin'     ><section  class='av_textblock_section av-1s1ff2x-49-00d5cbc438d0f1dddd464ac85d49dc3d' ><div class='avia_textblock' ><p>invisible placeholder<\/p>\n<\/div><\/section><\/div><\/div><!--close column table wrapper. Autoclose: 1 --><div class='flex_column_table av-1i4j4i1-93c25ea0895663c12d389ab595d97518 sc-av_two_third av-equal-height-column-flextable'>\n<style type=\"text\/css\" data-created_by=\"avia_inline_auto\" id=\"style-css-av-1i4j4i1-93c25ea0895663c12d389ab595d97518\">\n.flex_column.av-1i4j4i1-93c25ea0895663c12d389ab595d97518{\n-webkit-border-radius:0px 0px 0px 0px;\n-moz-border-radius:0px 0px 0px 0px;\nborder-radius:0px 0px 0px 0px;\n}\n<\/style>\n<div class='flex_column av-1i4j4i1-93c25ea0895663c12d389ab595d97518 av_two_third  avia-builder-el-27  el_after_av_one_full  el_before_av_one_third  jo_pf_bild_bg first flex_column_table_cell av-equal-height-column av-align-top av-animated-generic fade-in av-zero-column-padding column-top-margin'     ><p>\n<style type=\"text\/css\" data-created_by=\"avia_inline_auto\" id=\"style-css-av-v62ojd-d426c3730c2b3dfaf28c6cce20fffb5b\">\n.avia-image-container.av-v62ojd-d426c3730c2b3dfaf28c6cce20fffb5b img.avia_image{\nbox-shadow:none;\n}\n.avia-image-container.av-v62ojd-d426c3730c2b3dfaf28c6cce20fffb5b .av-caption-image-overlay-bg{\nopacity:0.4;\n}\n<\/style>\n<div  class='avia-image-container av-v62ojd-d426c3730c2b3dfaf28c6cce20fffb5b av-styling-no-styling avia_animated_image av-animated-when-visible-95 fade-in avia-align-left  avia-builder-el-28  el_before_av_textblock  avia-builder-el-first  jo_pf_bild noHover av-overlay-hover-deactivate'  ><div class=\"avia-image-container-inner\"><div class=\"avia-image-overlay-wrap\"><a href=\"https:\/\/www.galerie-metzger.de\/wp-content\/uploads\/2018\/01\/beate-kuhn-untitled-2015-8x155x19cm-galerie-metzger-gallery-kunst-keramik-plastik-art-ceramics-sculpture-1090x727.jpg\" data-srcset=\"https:\/\/www.galerie-metzger.de\/wp-content\/uploads\/2018\/01\/beate-kuhn-untitled-2015-8x155x19cm-galerie-metzger-gallery-kunst-keramik-plastik-art-ceramics-sculpture-1090x727.jpg 1090w, https:\/\/www.galerie-metzger.de\/wp-content\/uploads\/2018\/01\/beate-kuhn-untitled-2015-8x155x19cm-galerie-metzger-gallery-kunst-keramik-plastik-art-ceramics-sculpture-690x460.jpg 690w, https:\/\/www.galerie-metzger.de\/wp-content\/uploads\/2018\/01\/beate-kuhn-untitled-2015-8x155x19cm-galerie-metzger-gallery-kunst-keramik-plastik-art-ceramics-sculpture-1536x1024.jpg 1536w, https:\/\/www.galerie-metzger.de\/wp-content\/uploads\/2018\/01\/beate-kuhn-untitled-2015-8x155x19cm-galerie-metzger-gallery-kunst-keramik-plastik-art-ceramics-sculpture-2048x1365.jpg 2048w, https:\/\/www.galerie-metzger.de\/wp-content\/uploads\/2018\/01\/beate-kuhn-untitled-2015-8x155x19cm-galerie-metzger-gallery-kunst-keramik-plastik-art-ceramics-sculpture-1500x1000.jpg 1500w, https:\/\/www.galerie-metzger.de\/wp-content\/uploads\/2018\/01\/beate-kuhn-untitled-2015-8x155x19cm-galerie-metzger-gallery-kunst-keramik-plastik-art-ceramics-sculpture-705x470.jpg 705w, https:\/\/www.galerie-metzger.de\/wp-content\/uploads\/2018\/01\/beate-kuhn-untitled-2015-8x155x19cm-galerie-metzger-gallery-kunst-keramik-plastik-art-ceramics-sculpture-400x267.jpg 400w, https:\/\/www.galerie-metzger.de\/wp-content\/uploads\/2018\/01\/beate-kuhn-untitled-2015-8x155x19cm-galerie-metzger-gallery-kunst-keramik-plastik-art-ceramics-sculpture-768x512.jpg 768w, https:\/\/www.galerie-metzger.de\/wp-content\/uploads\/2018\/01\/beate-kuhn-untitled-2015-8x155x19cm-galerie-metzger-gallery-kunst-keramik-plastik-art-ceramics-sculpture-1600x1067.jpg 1600w, https:\/\/www.galerie-metzger.de\/wp-content\/uploads\/2018\/01\/beate-kuhn-untitled-2015-8x155x19cm-galerie-metzger-gallery-kunst-keramik-plastik-art-ceramics-sculpture-300x200.jpg 300w, https:\/\/www.galerie-metzger.de\/wp-content\/uploads\/2018\/01\/beate-kuhn-untitled-2015-8x155x19cm-galerie-metzger-gallery-kunst-keramik-plastik-art-ceramics-sculpture-900x600.jpg 900w, https:\/\/www.galerie-metzger.de\/wp-content\/uploads\/2018\/01\/beate-kuhn-untitled-2015-8x155x19cm-galerie-metzger-gallery-kunst-keramik-plastik-art-ceramics-sculpture-450x300.jpg 450w\" data-sizes=\"(max-width: 1030px) 100vw, 1030px\" class='avia_image' ><div class=\"av-image-caption-overlay\"><div class=\"av-caption-image-overlay-bg\"><\/div><div class=\"av-image-caption-overlay-position\"><div class=\"av-image-caption-overlay-center\"><p>Beate Kuhn \u2013 untitled \u2013 2015, Foto: Edi Baumann<\/p>\n<\/div><\/div><\/div><img decoding=\"async\" class='wp-image-3613 avia-img-lazy-loading-not-3613 avia_image ' src=\"https:\/\/www.galerie-metzger.de\/wp-content\/uploads\/2018\/01\/beate-kuhn-untitled-2015-8x155x19cm-galerie-metzger-gallery-kunst-keramik-plastik-art-ceramics-sculpture-845x684.jpg\" alt='Beate Kuhn \u2013 untitled \u2013\u00a02015, 8x15,5x19cm' title='Beate Kuhn \u2013 untitled \u2013\u00a02015, 8x15,5x19cm'  height=\"684\" width=\"845\" srcset=\"https:\/\/www.galerie-metzger.de\/wp-content\/uploads\/2018\/01\/beate-kuhn-untitled-2015-8x155x19cm-galerie-metzger-gallery-kunst-keramik-plastik-art-ceramics-sculpture-845x684.jpg 845w, https:\/\/www.galerie-metzger.de\/wp-content\/uploads\/2018\/01\/beate-kuhn-untitled-2015-8x155x19cm-galerie-metzger-gallery-kunst-keramik-plastik-art-ceramics-sculpture-495x400.jpg 495w\" sizes=\"(max-width: 845px) 100vw, 845px\" \/><\/a><\/div><\/div><\/div><br \/>\n<section  class='av_textblock_section av-1f55t9l-82e8ef4b46bc565e5312bc1e3f290012' ><div class='avia_textblock jo_werk_anfrage' ><p><a class=\"anfrage\" href=\"mailto:info@galerie-metzger.de?subject=Beate%20Kuhn%20untitled%202015\">Anfrage zum Werk<\/a><\/p>\n<\/div><\/section><\/p><\/div><div class='av-flex-placeholder'><\/div>\n<style type=\"text\/css\" data-created_by=\"avia_inline_auto\" id=\"style-css-av-1i4j4i1-46-d77ffd895258403f8338ede0c39e835e\">\n.flex_column.av-1i4j4i1-46-d77ffd895258403f8338ede0c39e835e{\n-webkit-border-radius:0px 0px 0px 0px;\n-moz-border-radius:0px 0px 0px 0px;\nborder-radius:0px 0px 0px 0px;\n}\n<\/style>\n<div class='flex_column av-1i4j4i1-46-d77ffd895258403f8338ede0c39e835e av_one_third  avia-builder-el-30  el_after_av_two_third  el_before_av_one_full  jo_pf_bild_bg flex_column_table_cell av-equal-height-column av-align-top av-animated-generic fade-in av-zero-column-padding column-top-margin'     ><p>\n<style type=\"text\/css\" data-created_by=\"avia_inline_auto\" id=\"style-css-av-tl1zxl-74906821299492b39575aacbac4b019c\">\n.avia-image-container.av-tl1zxl-74906821299492b39575aacbac4b019c img.avia_image{\nbox-shadow:none;\n}\n.avia-image-container.av-tl1zxl-74906821299492b39575aacbac4b019c .av-caption-image-overlay-bg{\nopacity:0.4;\n}\n<\/style>\n<div  class='avia-image-container av-tl1zxl-74906821299492b39575aacbac4b019c av-styling-no-styling avia_animated_image av-animated-when-visible-95 fade-in avia-align-left  avia-builder-el-31  el_before_av_textblock  avia-builder-el-first  jo_pf_bild noHover av-overlay-hover-deactivate'  ><div class=\"avia-image-container-inner\"><div class=\"avia-image-overlay-wrap\"><a href=\"https:\/\/www.galerie-metzger.de\/wp-content\/uploads\/2019\/12\/Beate-Kuhn-untitled-2015-8x155x19-cm-galerie-metzger-deutsche-studiokeramic-sculpture-gallery-angewandte-kunst--1090x1090.jpg\" data-srcset=\"https:\/\/www.galerie-metzger.de\/wp-content\/uploads\/2019\/12\/Beate-Kuhn-untitled-2015-8x155x19-cm-galerie-metzger-deutsche-studiokeramic-sculpture-gallery-angewandte-kunst--1090x1090.jpg 1090w, https:\/\/www.galerie-metzger.de\/wp-content\/uploads\/2019\/12\/Beate-Kuhn-untitled-2015-8x155x19-cm-galerie-metzger-deutsche-studiokeramic-sculpture-gallery-angewandte-kunst--690x690.jpg 690w, https:\/\/www.galerie-metzger.de\/wp-content\/uploads\/2019\/12\/Beate-Kuhn-untitled-2015-8x155x19-cm-galerie-metzger-deutsche-studiokeramic-sculpture-gallery-angewandte-kunst--80x80.jpg 80w, https:\/\/www.galerie-metzger.de\/wp-content\/uploads\/2019\/12\/Beate-Kuhn-untitled-2015-8x155x19-cm-galerie-metzger-deutsche-studiokeramic-sculpture-gallery-angewandte-kunst--1536x1536.jpg 1536w, https:\/\/www.galerie-metzger.de\/wp-content\/uploads\/2019\/12\/Beate-Kuhn-untitled-2015-8x155x19-cm-galerie-metzger-deutsche-studiokeramic-sculpture-gallery-angewandte-kunst--2048x2048.jpg 2048w, https:\/\/www.galerie-metzger.de\/wp-content\/uploads\/2019\/12\/Beate-Kuhn-untitled-2015-8x155x19-cm-galerie-metzger-deutsche-studiokeramic-sculpture-gallery-angewandte-kunst--36x36.jpg 36w, https:\/\/www.galerie-metzger.de\/wp-content\/uploads\/2019\/12\/Beate-Kuhn-untitled-2015-8x155x19-cm-galerie-metzger-deutsche-studiokeramic-sculpture-gallery-angewandte-kunst--180x180.jpg 180w, https:\/\/www.galerie-metzger.de\/wp-content\/uploads\/2019\/12\/Beate-Kuhn-untitled-2015-8x155x19-cm-galerie-metzger-deutsche-studiokeramic-sculpture-gallery-angewandte-kunst--1500x1500.jpg 1500w, https:\/\/www.galerie-metzger.de\/wp-content\/uploads\/2019\/12\/Beate-Kuhn-untitled-2015-8x155x19-cm-galerie-metzger-deutsche-studiokeramic-sculpture-gallery-angewandte-kunst--705x705.jpg 705w, https:\/\/www.galerie-metzger.de\/wp-content\/uploads\/2019\/12\/Beate-Kuhn-untitled-2015-8x155x19-cm-galerie-metzger-deutsche-studiokeramic-sculpture-gallery-angewandte-kunst--400x400.jpg 400w, https:\/\/www.galerie-metzger.de\/wp-content\/uploads\/2019\/12\/Beate-Kuhn-untitled-2015-8x155x19-cm-galerie-metzger-deutsche-studiokeramic-sculpture-gallery-angewandte-kunst--768x768.jpg 768w, https:\/\/www.galerie-metzger.de\/wp-content\/uploads\/2019\/12\/Beate-Kuhn-untitled-2015-8x155x19-cm-galerie-metzger-deutsche-studiokeramic-sculpture-gallery-angewandte-kunst--1030x1030.jpg 1030w, https:\/\/www.galerie-metzger.de\/wp-content\/uploads\/2019\/12\/Beate-Kuhn-untitled-2015-8x155x19-cm-galerie-metzger-deutsche-studiokeramic-sculpture-gallery-angewandte-kunst--120x120.jpg 120w, https:\/\/www.galerie-metzger.de\/wp-content\/uploads\/2019\/12\/Beate-Kuhn-untitled-2015-8x155x19-cm-galerie-metzger-deutsche-studiokeramic-sculpture-gallery-angewandte-kunst--450x450.jpg 450w\" data-sizes=\"(max-width: 1030px) 100vw, 1030px\" class='avia_image' ><div class=\"av-image-caption-overlay\"><div class=\"av-caption-image-overlay-bg\"><\/div><div class=\"av-image-caption-overlay-position\"><div class=\"av-image-caption-overlay-center\"><p>Beate Kuhn \u2013 untitled \u2013 2015, Foto: Edi Baumann<\/p>\n<\/div><\/div><\/div><img decoding=\"async\" class='wp-image-7911 avia-img-lazy-loading-not-7911 avia_image ' src=\"https:\/\/www.galerie-metzger.de\/wp-content\/uploads\/2019\/12\/Beate-Kuhn-untitled-2015-8x155x19-cm-galerie-metzger-deutsche-studiokeramic-sculpture-gallery-angewandte-kunst--690x690.jpg\" alt='Beate Kuhn - untitled - 2015, 8x15,5x19 cm' title='Beate Kuhn - untitled - 2015, 8x15,5x19 cm'  height=\"690\" width=\"690\" srcset=\"https:\/\/www.galerie-metzger.de\/wp-content\/uploads\/2019\/12\/Beate-Kuhn-untitled-2015-8x155x19-cm-galerie-metzger-deutsche-studiokeramic-sculpture-gallery-angewandte-kunst--690x690.jpg 690w, https:\/\/www.galerie-metzger.de\/wp-content\/uploads\/2019\/12\/Beate-Kuhn-untitled-2015-8x155x19-cm-galerie-metzger-deutsche-studiokeramic-sculpture-gallery-angewandte-kunst--1090x1090.jpg 1090w, https:\/\/www.galerie-metzger.de\/wp-content\/uploads\/2019\/12\/Beate-Kuhn-untitled-2015-8x155x19-cm-galerie-metzger-deutsche-studiokeramic-sculpture-gallery-angewandte-kunst--80x80.jpg 80w, https:\/\/www.galerie-metzger.de\/wp-content\/uploads\/2019\/12\/Beate-Kuhn-untitled-2015-8x155x19-cm-galerie-metzger-deutsche-studiokeramic-sculpture-gallery-angewandte-kunst--1536x1536.jpg 1536w, https:\/\/www.galerie-metzger.de\/wp-content\/uploads\/2019\/12\/Beate-Kuhn-untitled-2015-8x155x19-cm-galerie-metzger-deutsche-studiokeramic-sculpture-gallery-angewandte-kunst--2048x2048.jpg 2048w, https:\/\/www.galerie-metzger.de\/wp-content\/uploads\/2019\/12\/Beate-Kuhn-untitled-2015-8x155x19-cm-galerie-metzger-deutsche-studiokeramic-sculpture-gallery-angewandte-kunst--36x36.jpg 36w, https:\/\/www.galerie-metzger.de\/wp-content\/uploads\/2019\/12\/Beate-Kuhn-untitled-2015-8x155x19-cm-galerie-metzger-deutsche-studiokeramic-sculpture-gallery-angewandte-kunst--180x180.jpg 180w, https:\/\/www.galerie-metzger.de\/wp-content\/uploads\/2019\/12\/Beate-Kuhn-untitled-2015-8x155x19-cm-galerie-metzger-deutsche-studiokeramic-sculpture-gallery-angewandte-kunst--1500x1500.jpg 1500w, https:\/\/www.galerie-metzger.de\/wp-content\/uploads\/2019\/12\/Beate-Kuhn-untitled-2015-8x155x19-cm-galerie-metzger-deutsche-studiokeramic-sculpture-gallery-angewandte-kunst--705x705.jpg 705w, https:\/\/www.galerie-metzger.de\/wp-content\/uploads\/2019\/12\/Beate-Kuhn-untitled-2015-8x155x19-cm-galerie-metzger-deutsche-studiokeramic-sculpture-gallery-angewandte-kunst--400x400.jpg 400w, https:\/\/www.galerie-metzger.de\/wp-content\/uploads\/2019\/12\/Beate-Kuhn-untitled-2015-8x155x19-cm-galerie-metzger-deutsche-studiokeramic-sculpture-gallery-angewandte-kunst--768x768.jpg 768w, https:\/\/www.galerie-metzger.de\/wp-content\/uploads\/2019\/12\/Beate-Kuhn-untitled-2015-8x155x19-cm-galerie-metzger-deutsche-studiokeramic-sculpture-gallery-angewandte-kunst--1030x1030.jpg 1030w, https:\/\/www.galerie-metzger.de\/wp-content\/uploads\/2019\/12\/Beate-Kuhn-untitled-2015-8x155x19-cm-galerie-metzger-deutsche-studiokeramic-sculpture-gallery-angewandte-kunst--120x120.jpg 120w, https:\/\/www.galerie-metzger.de\/wp-content\/uploads\/2019\/12\/Beate-Kuhn-untitled-2015-8x155x19-cm-galerie-metzger-deutsche-studiokeramic-sculpture-gallery-angewandte-kunst--450x450.jpg 450w\" sizes=\"(max-width: 690px) 100vw, 690px\" \/><\/a><\/div><\/div><\/div><br \/>\n<section  class='av_textblock_section av-1f55t9l-45-b85a09056944d844a9992d78d4400c78' ><div class='avia_textblock jo_werk_anfrage' ><p><a class=\"anfrage\" href=\"mailto:info@galerie-metzger.de?subject=Beate%20Kuhn%20untitled%202015\">Anfrage zum Werk<\/a><\/p>\n<\/div><\/section><\/p><\/div><\/div><!--close column table wrapper. Autoclose: 1 --><div class='flex_column_table av-1t74ekp-48-10e268ab5d69040f660934bbcd422981 sc-av_one_full av-equal-height-column-flextable'>\n<style type=\"text\/css\" data-created_by=\"avia_inline_auto\" id=\"style-css-av-1t74ekp-48-10e268ab5d69040f660934bbcd422981\">\n.flex_column.av-1t74ekp-48-10e268ab5d69040f660934bbcd422981{\n-webkit-border-radius:0px 0px 0px 0px;\n-moz-border-radius:0px 0px 0px 0px;\nborder-radius:0px 0px 0px 0px;\n}\n<\/style>\n<div class='flex_column av-1t74ekp-48-10e268ab5d69040f660934bbcd422981 av_one_full  avia-builder-el-33  el_after_av_one_third  el_before_av_one_third  jo_col_empty first flex_column_table_cell av-equal-height-column av-align-top av-animated-generic fade-in av-zero-column-padding column-top-margin'     ><section  class='av_textblock_section av-1s1ff2x-47-18ccbcdf361f27a833521e5880563c81' ><div class='avia_textblock' ><p>invisible placeholder<\/p>\n<\/div><\/section><\/div><\/div><!--close column table wrapper. Autoclose: 1 --><div class='flex_column_table av-1i4j4i1-44-fc63848747955a5bd3ce11db062f9928 sc-av_one_third av-equal-height-column-flextable'>\n<style type=\"text\/css\" data-created_by=\"avia_inline_auto\" id=\"style-css-av-1i4j4i1-44-fc63848747955a5bd3ce11db062f9928\">\n.flex_column.av-1i4j4i1-44-fc63848747955a5bd3ce11db062f9928{\n-webkit-border-radius:0px 0px 0px 0px;\n-moz-border-radius:0px 0px 0px 0px;\nborder-radius:0px 0px 0px 0px;\n}\n<\/style>\n<div class='flex_column av-1i4j4i1-44-fc63848747955a5bd3ce11db062f9928 av_one_third  avia-builder-el-35  el_after_av_one_full  el_before_av_one_third  jo_pf_bild_bg first flex_column_table_cell av-equal-height-column av-align-top av-animated-generic fade-in av-zero-column-padding column-top-margin'     ><p>\n<style type=\"text\/css\" data-created_by=\"avia_inline_auto\" id=\"style-css-av-2q9oop-92b73d05c3d0fd8a68e7bcbd02fd6aa1\">\n.avia-image-container.av-2q9oop-92b73d05c3d0fd8a68e7bcbd02fd6aa1 img.avia_image{\nbox-shadow:none;\n}\n.avia-image-container.av-2q9oop-92b73d05c3d0fd8a68e7bcbd02fd6aa1 .av-caption-image-overlay-bg{\nopacity:0.4;\n}\n<\/style>\n<div  class='avia-image-container av-2q9oop-92b73d05c3d0fd8a68e7bcbd02fd6aa1 av-styling-no-styling avia_animated_image av-animated-when-visible-95 fade-in avia-align-left  avia-builder-el-36  el_before_av_textblock  avia-builder-el-first  jo_pf_bild noHover av-overlay-hover-deactivate'  ><div class=\"avia-image-container-inner\"><div class=\"avia-image-overlay-wrap\"><a href=\"https:\/\/www.galerie-metzger.de\/wp-content\/uploads\/2021\/04\/Beate-Kuhn-Teller-mit-Unterteilung-ca.-Ende-50er-Jahre-4-x-28cm-galerie-metzger-gallery-kaufen-keramik-studiokeramik-skulptur-ceramic-art-object-kaufen-1090x727.jpg\" data-srcset=\"https:\/\/www.galerie-metzger.de\/wp-content\/uploads\/2021\/04\/Beate-Kuhn-Teller-mit-Unterteilung-ca.-Ende-50er-Jahre-4-x-28cm-galerie-metzger-gallery-kaufen-keramik-studiokeramik-skulptur-ceramic-art-object-kaufen-1090x727.jpg 1090w, https:\/\/www.galerie-metzger.de\/wp-content\/uploads\/2021\/04\/Beate-Kuhn-Teller-mit-Unterteilung-ca.-Ende-50er-Jahre-4-x-28cm-galerie-metzger-gallery-kaufen-keramik-studiokeramik-skulptur-ceramic-art-object-kaufen-690x460.jpg 690w, https:\/\/www.galerie-metzger.de\/wp-content\/uploads\/2021\/04\/Beate-Kuhn-Teller-mit-Unterteilung-ca.-Ende-50er-Jahre-4-x-28cm-galerie-metzger-gallery-kaufen-keramik-studiokeramik-skulptur-ceramic-art-object-kaufen-1536x1024.jpg 1536w, https:\/\/www.galerie-metzger.de\/wp-content\/uploads\/2021\/04\/Beate-Kuhn-Teller-mit-Unterteilung-ca.-Ende-50er-Jahre-4-x-28cm-galerie-metzger-gallery-kaufen-keramik-studiokeramik-skulptur-ceramic-art-object-kaufen-2048x1365.jpg 2048w, https:\/\/www.galerie-metzger.de\/wp-content\/uploads\/2021\/04\/Beate-Kuhn-Teller-mit-Unterteilung-ca.-Ende-50er-Jahre-4-x-28cm-galerie-metzger-gallery-kaufen-keramik-studiokeramik-skulptur-ceramic-art-object-kaufen-1500x1000.jpg 1500w, https:\/\/www.galerie-metzger.de\/wp-content\/uploads\/2021\/04\/Beate-Kuhn-Teller-mit-Unterteilung-ca.-Ende-50er-Jahre-4-x-28cm-galerie-metzger-gallery-kaufen-keramik-studiokeramik-skulptur-ceramic-art-object-kaufen-705x470.jpg 705w, https:\/\/www.galerie-metzger.de\/wp-content\/uploads\/2021\/04\/Beate-Kuhn-Teller-mit-Unterteilung-ca.-Ende-50er-Jahre-4-x-28cm-galerie-metzger-gallery-kaufen-keramik-studiokeramik-skulptur-ceramic-art-object-kaufen-400x267.jpg 400w, https:\/\/www.galerie-metzger.de\/wp-content\/uploads\/2021\/04\/Beate-Kuhn-Teller-mit-Unterteilung-ca.-Ende-50er-Jahre-4-x-28cm-galerie-metzger-gallery-kaufen-keramik-studiokeramik-skulptur-ceramic-art-object-kaufen-1030x687.jpg 1030w, https:\/\/www.galerie-metzger.de\/wp-content\/uploads\/2021\/04\/Beate-Kuhn-Teller-mit-Unterteilung-ca.-Ende-50er-Jahre-4-x-28cm-galerie-metzger-gallery-kaufen-keramik-studiokeramik-skulptur-ceramic-art-object-kaufen-768x512.jpg 768w, https:\/\/www.galerie-metzger.de\/wp-content\/uploads\/2021\/04\/Beate-Kuhn-Teller-mit-Unterteilung-ca.-Ende-50er-Jahre-4-x-28cm-galerie-metzger-gallery-kaufen-keramik-studiokeramik-skulptur-ceramic-art-object-kaufen-300x200.jpg 300w, https:\/\/www.galerie-metzger.de\/wp-content\/uploads\/2021\/04\/Beate-Kuhn-Teller-mit-Unterteilung-ca.-Ende-50er-Jahre-4-x-28cm-galerie-metzger-gallery-kaufen-keramik-studiokeramik-skulptur-ceramic-art-object-kaufen-900x600.jpg 900w, https:\/\/www.galerie-metzger.de\/wp-content\/uploads\/2021\/04\/Beate-Kuhn-Teller-mit-Unterteilung-ca.-Ende-50er-Jahre-4-x-28cm-galerie-metzger-gallery-kaufen-keramik-studiokeramik-skulptur-ceramic-art-object-kaufen-450x300.jpg 450w\" data-sizes=\"(max-width: 1030px) 100vw, 1030px\" class='avia_image' ><div class=\"av-image-caption-overlay\"><div class=\"av-caption-image-overlay-bg\"><\/div><div class=\"av-image-caption-overlay-position\"><div class=\"av-image-caption-overlay-center\"><p>Beate Kuhn \u2013 Teller mit Unterteilung \u2013 Ende 50er Jahre, Foto: Edi Baumann<\/p>\n<\/div><\/div><\/div><img decoding=\"async\" class='wp-image-9335 avia-img-lazy-loading-not-9335 avia_image ' src=\"https:\/\/www.galerie-metzger.de\/wp-content\/uploads\/2021\/04\/Beate-Kuhn-Teller-mit-Unterteilung-ca.-Ende-50er-Jahre-4-x-28cm-galerie-metzger-gallery-kaufen-keramik-studiokeramik-skulptur-ceramic-art-object-kaufen-690x460.jpg\" alt='Beate Kuhn - Teller mit Unterteilung - ca. Ende 50er Jahre 4 x 28cm' title='Beate Kuhn - Teller mit Unterteilung - ca. Ende 50er Jahre 4 x 28cm'  height=\"460\" width=\"690\" srcset=\"https:\/\/www.galerie-metzger.de\/wp-content\/uploads\/2021\/04\/Beate-Kuhn-Teller-mit-Unterteilung-ca.-Ende-50er-Jahre-4-x-28cm-galerie-metzger-gallery-kaufen-keramik-studiokeramik-skulptur-ceramic-art-object-kaufen-690x460.jpg 690w, https:\/\/www.galerie-metzger.de\/wp-content\/uploads\/2021\/04\/Beate-Kuhn-Teller-mit-Unterteilung-ca.-Ende-50er-Jahre-4-x-28cm-galerie-metzger-gallery-kaufen-keramik-studiokeramik-skulptur-ceramic-art-object-kaufen-1090x727.jpg 1090w, https:\/\/www.galerie-metzger.de\/wp-content\/uploads\/2021\/04\/Beate-Kuhn-Teller-mit-Unterteilung-ca.-Ende-50er-Jahre-4-x-28cm-galerie-metzger-gallery-kaufen-keramik-studiokeramik-skulptur-ceramic-art-object-kaufen-1536x1024.jpg 1536w, https:\/\/www.galerie-metzger.de\/wp-content\/uploads\/2021\/04\/Beate-Kuhn-Teller-mit-Unterteilung-ca.-Ende-50er-Jahre-4-x-28cm-galerie-metzger-gallery-kaufen-keramik-studiokeramik-skulptur-ceramic-art-object-kaufen-2048x1365.jpg 2048w, https:\/\/www.galerie-metzger.de\/wp-content\/uploads\/2021\/04\/Beate-Kuhn-Teller-mit-Unterteilung-ca.-Ende-50er-Jahre-4-x-28cm-galerie-metzger-gallery-kaufen-keramik-studiokeramik-skulptur-ceramic-art-object-kaufen-1500x1000.jpg 1500w, https:\/\/www.galerie-metzger.de\/wp-content\/uploads\/2021\/04\/Beate-Kuhn-Teller-mit-Unterteilung-ca.-Ende-50er-Jahre-4-x-28cm-galerie-metzger-gallery-kaufen-keramik-studiokeramik-skulptur-ceramic-art-object-kaufen-705x470.jpg 705w, https:\/\/www.galerie-metzger.de\/wp-content\/uploads\/2021\/04\/Beate-Kuhn-Teller-mit-Unterteilung-ca.-Ende-50er-Jahre-4-x-28cm-galerie-metzger-gallery-kaufen-keramik-studiokeramik-skulptur-ceramic-art-object-kaufen-400x267.jpg 400w, https:\/\/www.galerie-metzger.de\/wp-content\/uploads\/2021\/04\/Beate-Kuhn-Teller-mit-Unterteilung-ca.-Ende-50er-Jahre-4-x-28cm-galerie-metzger-gallery-kaufen-keramik-studiokeramik-skulptur-ceramic-art-object-kaufen-1030x687.jpg 1030w, https:\/\/www.galerie-metzger.de\/wp-content\/uploads\/2021\/04\/Beate-Kuhn-Teller-mit-Unterteilung-ca.-Ende-50er-Jahre-4-x-28cm-galerie-metzger-gallery-kaufen-keramik-studiokeramik-skulptur-ceramic-art-object-kaufen-768x512.jpg 768w, https:\/\/www.galerie-metzger.de\/wp-content\/uploads\/2021\/04\/Beate-Kuhn-Teller-mit-Unterteilung-ca.-Ende-50er-Jahre-4-x-28cm-galerie-metzger-gallery-kaufen-keramik-studiokeramik-skulptur-ceramic-art-object-kaufen-300x200.jpg 300w, https:\/\/www.galerie-metzger.de\/wp-content\/uploads\/2021\/04\/Beate-Kuhn-Teller-mit-Unterteilung-ca.-Ende-50er-Jahre-4-x-28cm-galerie-metzger-gallery-kaufen-keramik-studiokeramik-skulptur-ceramic-art-object-kaufen-900x600.jpg 900w, https:\/\/www.galerie-metzger.de\/wp-content\/uploads\/2021\/04\/Beate-Kuhn-Teller-mit-Unterteilung-ca.-Ende-50er-Jahre-4-x-28cm-galerie-metzger-gallery-kaufen-keramik-studiokeramik-skulptur-ceramic-art-object-kaufen-450x300.jpg 450w\" sizes=\"(max-width: 690px) 100vw, 690px\" \/><\/a><\/div><\/div><\/div><br \/>\n<section  class='av_textblock_section av-pyds2x-10b57118ab071f51abb5c76fedba2580' ><div class='avia_textblock jo_werk_anfrage' ><p><a class=\"anfrage\" href=\"mailto:info@galerie-metzger.de?subject=Beate%20Kuhn%20Teller mit Unterteilung%202015\">Anfrage zum Werk<\/a><\/p>\n<\/div><\/section><\/p><\/div><div class='av-flex-placeholder'><\/div>\n<style type=\"text\/css\" data-created_by=\"avia_inline_auto\" id=\"style-css-av-1i4j4i1-41-efc37bb59f70ca52b001d1af9b23a3c0\">\n.flex_column.av-1i4j4i1-41-efc37bb59f70ca52b001d1af9b23a3c0{\n-webkit-border-radius:0px 0px 0px 0px;\n-moz-border-radius:0px 0px 0px 0px;\nborder-radius:0px 0px 0px 0px;\n}\n<\/style>\n<div class='flex_column av-1i4j4i1-41-efc37bb59f70ca52b001d1af9b23a3c0 av_one_third  avia-builder-el-38  el_after_av_one_third  el_before_av_one_third  jo_pf_bild_bg flex_column_table_cell av-equal-height-column av-align-top av-animated-generic fade-in av-zero-column-padding column-top-margin'     ><p>\n<style type=\"text\/css\" data-created_by=\"avia_inline_auto\" id=\"style-css-av-ooyemh-e3f1297e19442302c59c2d53a5f00488\">\n.avia-image-container.av-ooyemh-e3f1297e19442302c59c2d53a5f00488 img.avia_image{\nbox-shadow:none;\n}\n.avia-image-container.av-ooyemh-e3f1297e19442302c59c2d53a5f00488 .av-caption-image-overlay-bg{\nopacity:0.4;\n}\n<\/style>\n<div  class='avia-image-container av-ooyemh-e3f1297e19442302c59c2d53a5f00488 av-styling-no-styling avia_animated_image av-animated-when-visible-95 fade-in avia-align-left  avia-builder-el-39  el_before_av_textblock  avia-builder-el-first  jo_pf_bild noHover av-overlay-hover-deactivate'  ><div class=\"avia-image-container-inner\"><div class=\"avia-image-overlay-wrap\"><a href=\"https:\/\/www.galerie-metzger.de\/wp-content\/uploads\/2021\/04\/Beate-Kuhn-Teller-mit-Unterteilung-ca.-Ende-50er-Jahre-4-x-28cm-galerie-metzger-gallery-kaufen-keramik-studiokeramik-ceramic-art-object-kaufen-1090x727.jpg\" data-srcset=\"https:\/\/www.galerie-metzger.de\/wp-content\/uploads\/2021\/04\/Beate-Kuhn-Teller-mit-Unterteilung-ca.-Ende-50er-Jahre-4-x-28cm-galerie-metzger-gallery-kaufen-keramik-studiokeramik-ceramic-art-object-kaufen-1090x727.jpg 1090w, https:\/\/www.galerie-metzger.de\/wp-content\/uploads\/2021\/04\/Beate-Kuhn-Teller-mit-Unterteilung-ca.-Ende-50er-Jahre-4-x-28cm-galerie-metzger-gallery-kaufen-keramik-studiokeramik-ceramic-art-object-kaufen-690x460.jpg 690w, https:\/\/www.galerie-metzger.de\/wp-content\/uploads\/2021\/04\/Beate-Kuhn-Teller-mit-Unterteilung-ca.-Ende-50er-Jahre-4-x-28cm-galerie-metzger-gallery-kaufen-keramik-studiokeramik-ceramic-art-object-kaufen-1536x1024.jpg 1536w, https:\/\/www.galerie-metzger.de\/wp-content\/uploads\/2021\/04\/Beate-Kuhn-Teller-mit-Unterteilung-ca.-Ende-50er-Jahre-4-x-28cm-galerie-metzger-gallery-kaufen-keramik-studiokeramik-ceramic-art-object-kaufen-2048x1365.jpg 2048w, https:\/\/www.galerie-metzger.de\/wp-content\/uploads\/2021\/04\/Beate-Kuhn-Teller-mit-Unterteilung-ca.-Ende-50er-Jahre-4-x-28cm-galerie-metzger-gallery-kaufen-keramik-studiokeramik-ceramic-art-object-kaufen-1500x1000.jpg 1500w, https:\/\/www.galerie-metzger.de\/wp-content\/uploads\/2021\/04\/Beate-Kuhn-Teller-mit-Unterteilung-ca.-Ende-50er-Jahre-4-x-28cm-galerie-metzger-gallery-kaufen-keramik-studiokeramik-ceramic-art-object-kaufen-705x470.jpg 705w, https:\/\/www.galerie-metzger.de\/wp-content\/uploads\/2021\/04\/Beate-Kuhn-Teller-mit-Unterteilung-ca.-Ende-50er-Jahre-4-x-28cm-galerie-metzger-gallery-kaufen-keramik-studiokeramik-ceramic-art-object-kaufen-400x267.jpg 400w, https:\/\/www.galerie-metzger.de\/wp-content\/uploads\/2021\/04\/Beate-Kuhn-Teller-mit-Unterteilung-ca.-Ende-50er-Jahre-4-x-28cm-galerie-metzger-gallery-kaufen-keramik-studiokeramik-ceramic-art-object-kaufen-1030x687.jpg 1030w, https:\/\/www.galerie-metzger.de\/wp-content\/uploads\/2021\/04\/Beate-Kuhn-Teller-mit-Unterteilung-ca.-Ende-50er-Jahre-4-x-28cm-galerie-metzger-gallery-kaufen-keramik-studiokeramik-ceramic-art-object-kaufen-768x512.jpg 768w, https:\/\/www.galerie-metzger.de\/wp-content\/uploads\/2021\/04\/Beate-Kuhn-Teller-mit-Unterteilung-ca.-Ende-50er-Jahre-4-x-28cm-galerie-metzger-gallery-kaufen-keramik-studiokeramik-ceramic-art-object-kaufen-300x200.jpg 300w, https:\/\/www.galerie-metzger.de\/wp-content\/uploads\/2021\/04\/Beate-Kuhn-Teller-mit-Unterteilung-ca.-Ende-50er-Jahre-4-x-28cm-galerie-metzger-gallery-kaufen-keramik-studiokeramik-ceramic-art-object-kaufen-900x600.jpg 900w, https:\/\/www.galerie-metzger.de\/wp-content\/uploads\/2021\/04\/Beate-Kuhn-Teller-mit-Unterteilung-ca.-Ende-50er-Jahre-4-x-28cm-galerie-metzger-gallery-kaufen-keramik-studiokeramik-ceramic-art-object-kaufen-450x300.jpg 450w\" data-sizes=\"(max-width: 1030px) 100vw, 1030px\" class='avia_image' ><div class=\"av-image-caption-overlay\"><div class=\"av-caption-image-overlay-bg\"><\/div><div class=\"av-image-caption-overlay-position\"><div class=\"av-image-caption-overlay-center\"><p>Beate Kuhn \u2013 Teller mit Unterteilung \u2013 Ende 50er Jahre, Foto: Edi Baumann<\/p>\n<\/div><\/div><\/div><img decoding=\"async\" class='wp-image-9333 avia-img-lazy-loading-not-9333 avia_image ' src=\"https:\/\/www.galerie-metzger.de\/wp-content\/uploads\/2021\/04\/Beate-Kuhn-Teller-mit-Unterteilung-ca.-Ende-50er-Jahre-4-x-28cm-galerie-metzger-gallery-kaufen-keramik-studiokeramik-ceramic-art-object-kaufen-690x460.jpg\" alt='Beate Kuhn - Teller mit Unterteilung - ca. Ende 50er Jahre 4 x 28cm' title='Beate Kuhn - Teller mit Unterteilung - ca. Ende 50er Jahre 4 x 28cm'  height=\"460\" width=\"690\" srcset=\"https:\/\/www.galerie-metzger.de\/wp-content\/uploads\/2021\/04\/Beate-Kuhn-Teller-mit-Unterteilung-ca.-Ende-50er-Jahre-4-x-28cm-galerie-metzger-gallery-kaufen-keramik-studiokeramik-ceramic-art-object-kaufen-690x460.jpg 690w, https:\/\/www.galerie-metzger.de\/wp-content\/uploads\/2021\/04\/Beate-Kuhn-Teller-mit-Unterteilung-ca.-Ende-50er-Jahre-4-x-28cm-galerie-metzger-gallery-kaufen-keramik-studiokeramik-ceramic-art-object-kaufen-1090x727.jpg 1090w, https:\/\/www.galerie-metzger.de\/wp-content\/uploads\/2021\/04\/Beate-Kuhn-Teller-mit-Unterteilung-ca.-Ende-50er-Jahre-4-x-28cm-galerie-metzger-gallery-kaufen-keramik-studiokeramik-ceramic-art-object-kaufen-1536x1024.jpg 1536w, https:\/\/www.galerie-metzger.de\/wp-content\/uploads\/2021\/04\/Beate-Kuhn-Teller-mit-Unterteilung-ca.-Ende-50er-Jahre-4-x-28cm-galerie-metzger-gallery-kaufen-keramik-studiokeramik-ceramic-art-object-kaufen-2048x1365.jpg 2048w, https:\/\/www.galerie-metzger.de\/wp-content\/uploads\/2021\/04\/Beate-Kuhn-Teller-mit-Unterteilung-ca.-Ende-50er-Jahre-4-x-28cm-galerie-metzger-gallery-kaufen-keramik-studiokeramik-ceramic-art-object-kaufen-1500x1000.jpg 1500w, https:\/\/www.galerie-metzger.de\/wp-content\/uploads\/2021\/04\/Beate-Kuhn-Teller-mit-Unterteilung-ca.-Ende-50er-Jahre-4-x-28cm-galerie-metzger-gallery-kaufen-keramik-studiokeramik-ceramic-art-object-kaufen-705x470.jpg 705w, https:\/\/www.galerie-metzger.de\/wp-content\/uploads\/2021\/04\/Beate-Kuhn-Teller-mit-Unterteilung-ca.-Ende-50er-Jahre-4-x-28cm-galerie-metzger-gallery-kaufen-keramik-studiokeramik-ceramic-art-object-kaufen-400x267.jpg 400w, https:\/\/www.galerie-metzger.de\/wp-content\/uploads\/2021\/04\/Beate-Kuhn-Teller-mit-Unterteilung-ca.-Ende-50er-Jahre-4-x-28cm-galerie-metzger-gallery-kaufen-keramik-studiokeramik-ceramic-art-object-kaufen-1030x687.jpg 1030w, https:\/\/www.galerie-metzger.de\/wp-content\/uploads\/2021\/04\/Beate-Kuhn-Teller-mit-Unterteilung-ca.-Ende-50er-Jahre-4-x-28cm-galerie-metzger-gallery-kaufen-keramik-studiokeramik-ceramic-art-object-kaufen-768x512.jpg 768w, https:\/\/www.galerie-metzger.de\/wp-content\/uploads\/2021\/04\/Beate-Kuhn-Teller-mit-Unterteilung-ca.-Ende-50er-Jahre-4-x-28cm-galerie-metzger-gallery-kaufen-keramik-studiokeramik-ceramic-art-object-kaufen-300x200.jpg 300w, https:\/\/www.galerie-metzger.de\/wp-content\/uploads\/2021\/04\/Beate-Kuhn-Teller-mit-Unterteilung-ca.-Ende-50er-Jahre-4-x-28cm-galerie-metzger-gallery-kaufen-keramik-studiokeramik-ceramic-art-object-kaufen-900x600.jpg 900w, https:\/\/www.galerie-metzger.de\/wp-content\/uploads\/2021\/04\/Beate-Kuhn-Teller-mit-Unterteilung-ca.-Ende-50er-Jahre-4-x-28cm-galerie-metzger-gallery-kaufen-keramik-studiokeramik-ceramic-art-object-kaufen-450x300.jpg 450w\" sizes=\"(max-width: 690px) 100vw, 690px\" \/><\/a><\/div><\/div><\/div><br \/>\n<section  class='av_textblock_section av-mctn4p-5c1f4910cc69652949d094227ef5d517' ><div class='avia_textblock jo_werk_anfrage' ><p><a class=\"anfrage\" href=\"mailto:info@galerie-metzger.de?subject=Beate%20Kuhn%20Teller mit Unterteilung%202015\">Anfrage zum Werk<\/a><\/p>\n<\/div><\/section><\/p><\/div><div class='av-flex-placeholder'><\/div>\n<style type=\"text\/css\" data-created_by=\"avia_inline_auto\" id=\"style-css-av-1i4j4i1-40-e0373bc56ace9c5c213e5901cd31a72c\">\n.flex_column.av-1i4j4i1-40-e0373bc56ace9c5c213e5901cd31a72c{\n-webkit-border-radius:0px 0px 0px 0px;\n-moz-border-radius:0px 0px 0px 0px;\nborder-radius:0px 0px 0px 0px;\n}\n<\/style>\n<div class='flex_column av-1i4j4i1-40-e0373bc56ace9c5c213e5901cd31a72c av_one_third  avia-builder-el-41  el_after_av_one_third  el_before_av_one_full  jo_pf_bild_bg flex_column_table_cell av-equal-height-column av-align-top av-animated-generic fade-in av-zero-column-padding column-top-margin'     ><p>\n<style type=\"text\/css\" data-created_by=\"avia_inline_auto\" id=\"style-css-av-k74595-ecdd8c48b5dbd22f5078d16001d433be\">\n.avia-image-container.av-k74595-ecdd8c48b5dbd22f5078d16001d433be img.avia_image{\nbox-shadow:none;\n}\n.avia-image-container.av-k74595-ecdd8c48b5dbd22f5078d16001d433be .av-caption-image-overlay-bg{\nopacity:0.4;\n}\n<\/style>\n<div  class='avia-image-container av-k74595-ecdd8c48b5dbd22f5078d16001d433be av-styling-no-styling avia_animated_image av-animated-when-visible-95 fade-in avia-align-left  avia-builder-el-42  el_before_av_textblock  avia-builder-el-first  jo_pf_bild noHover av-overlay-hover-deactivate'  ><div class=\"avia-image-container-inner\"><div class=\"avia-image-overlay-wrap\"><a href=\"https:\/\/www.galerie-metzger.de\/wp-content\/uploads\/2021\/04\/Beate-Kuhn-Teller-mit-Unterteilung-ca-Ende-50er-Jahre-4-x-28cm-galerie-metzger-gallery-kaufen-keramik-studiokeramik-ceramic-art-object-kaufen-1090x727.jpg\" data-srcset=\"https:\/\/www.galerie-metzger.de\/wp-content\/uploads\/2021\/04\/Beate-Kuhn-Teller-mit-Unterteilung-ca-Ende-50er-Jahre-4-x-28cm-galerie-metzger-gallery-kaufen-keramik-studiokeramik-ceramic-art-object-kaufen-1090x727.jpg 1090w, https:\/\/www.galerie-metzger.de\/wp-content\/uploads\/2021\/04\/Beate-Kuhn-Teller-mit-Unterteilung-ca-Ende-50er-Jahre-4-x-28cm-galerie-metzger-gallery-kaufen-keramik-studiokeramik-ceramic-art-object-kaufen-690x460.jpg 690w, https:\/\/www.galerie-metzger.de\/wp-content\/uploads\/2021\/04\/Beate-Kuhn-Teller-mit-Unterteilung-ca-Ende-50er-Jahre-4-x-28cm-galerie-metzger-gallery-kaufen-keramik-studiokeramik-ceramic-art-object-kaufen-1536x1024.jpg 1536w, https:\/\/www.galerie-metzger.de\/wp-content\/uploads\/2021\/04\/Beate-Kuhn-Teller-mit-Unterteilung-ca-Ende-50er-Jahre-4-x-28cm-galerie-metzger-gallery-kaufen-keramik-studiokeramik-ceramic-art-object-kaufen-2048x1365.jpg 2048w, https:\/\/www.galerie-metzger.de\/wp-content\/uploads\/2021\/04\/Beate-Kuhn-Teller-mit-Unterteilung-ca-Ende-50er-Jahre-4-x-28cm-galerie-metzger-gallery-kaufen-keramik-studiokeramik-ceramic-art-object-kaufen-1500x1000.jpg 1500w, https:\/\/www.galerie-metzger.de\/wp-content\/uploads\/2021\/04\/Beate-Kuhn-Teller-mit-Unterteilung-ca-Ende-50er-Jahre-4-x-28cm-galerie-metzger-gallery-kaufen-keramik-studiokeramik-ceramic-art-object-kaufen-705x470.jpg 705w, https:\/\/www.galerie-metzger.de\/wp-content\/uploads\/2021\/04\/Beate-Kuhn-Teller-mit-Unterteilung-ca-Ende-50er-Jahre-4-x-28cm-galerie-metzger-gallery-kaufen-keramik-studiokeramik-ceramic-art-object-kaufen-400x267.jpg 400w, https:\/\/www.galerie-metzger.de\/wp-content\/uploads\/2021\/04\/Beate-Kuhn-Teller-mit-Unterteilung-ca-Ende-50er-Jahre-4-x-28cm-galerie-metzger-gallery-kaufen-keramik-studiokeramik-ceramic-art-object-kaufen-1030x687.jpg 1030w, https:\/\/www.galerie-metzger.de\/wp-content\/uploads\/2021\/04\/Beate-Kuhn-Teller-mit-Unterteilung-ca-Ende-50er-Jahre-4-x-28cm-galerie-metzger-gallery-kaufen-keramik-studiokeramik-ceramic-art-object-kaufen-768x512.jpg 768w, https:\/\/www.galerie-metzger.de\/wp-content\/uploads\/2021\/04\/Beate-Kuhn-Teller-mit-Unterteilung-ca-Ende-50er-Jahre-4-x-28cm-galerie-metzger-gallery-kaufen-keramik-studiokeramik-ceramic-art-object-kaufen-300x200.jpg 300w, https:\/\/www.galerie-metzger.de\/wp-content\/uploads\/2021\/04\/Beate-Kuhn-Teller-mit-Unterteilung-ca-Ende-50er-Jahre-4-x-28cm-galerie-metzger-gallery-kaufen-keramik-studiokeramik-ceramic-art-object-kaufen-900x600.jpg 900w, https:\/\/www.galerie-metzger.de\/wp-content\/uploads\/2021\/04\/Beate-Kuhn-Teller-mit-Unterteilung-ca-Ende-50er-Jahre-4-x-28cm-galerie-metzger-gallery-kaufen-keramik-studiokeramik-ceramic-art-object-kaufen-450x300.jpg 450w\" data-sizes=\"(max-width: 1030px) 100vw, 1030px\" class='avia_image' ><div class=\"av-image-caption-overlay\"><div class=\"av-caption-image-overlay-bg\"><\/div><div class=\"av-image-caption-overlay-position\"><div class=\"av-image-caption-overlay-center\"><p>Beate Kuhn \u2013 Teller mit Unterteilung \u2013 Ende 50er Jahre, Foto: Edi Baumann<\/p>\n<\/div><\/div><\/div><img decoding=\"async\" class='wp-image-9331 avia-img-lazy-loading-not-9331 avia_image ' src=\"https:\/\/www.galerie-metzger.de\/wp-content\/uploads\/2021\/04\/Beate-Kuhn-Teller-mit-Unterteilung-ca-Ende-50er-Jahre-4-x-28cm-galerie-metzger-gallery-kaufen-keramik-studiokeramik-ceramic-art-object-kaufen-690x460.jpg\" alt='Beate Kuhn - Teller mit Unterteilung - ca Ende 50er Jahre 4 x 28cm' title='Beate Kuhn - Teller mit Unterteilung - ca Ende 50er Jahre 4 x 28cm'  height=\"460\" width=\"690\" srcset=\"https:\/\/www.galerie-metzger.de\/wp-content\/uploads\/2021\/04\/Beate-Kuhn-Teller-mit-Unterteilung-ca-Ende-50er-Jahre-4-x-28cm-galerie-metzger-gallery-kaufen-keramik-studiokeramik-ceramic-art-object-kaufen-690x460.jpg 690w, https:\/\/www.galerie-metzger.de\/wp-content\/uploads\/2021\/04\/Beate-Kuhn-Teller-mit-Unterteilung-ca-Ende-50er-Jahre-4-x-28cm-galerie-metzger-gallery-kaufen-keramik-studiokeramik-ceramic-art-object-kaufen-1090x727.jpg 1090w, https:\/\/www.galerie-metzger.de\/wp-content\/uploads\/2021\/04\/Beate-Kuhn-Teller-mit-Unterteilung-ca-Ende-50er-Jahre-4-x-28cm-galerie-metzger-gallery-kaufen-keramik-studiokeramik-ceramic-art-object-kaufen-1536x1024.jpg 1536w, https:\/\/www.galerie-metzger.de\/wp-content\/uploads\/2021\/04\/Beate-Kuhn-Teller-mit-Unterteilung-ca-Ende-50er-Jahre-4-x-28cm-galerie-metzger-gallery-kaufen-keramik-studiokeramik-ceramic-art-object-kaufen-2048x1365.jpg 2048w, https:\/\/www.galerie-metzger.de\/wp-content\/uploads\/2021\/04\/Beate-Kuhn-Teller-mit-Unterteilung-ca-Ende-50er-Jahre-4-x-28cm-galerie-metzger-gallery-kaufen-keramik-studiokeramik-ceramic-art-object-kaufen-1500x1000.jpg 1500w, https:\/\/www.galerie-metzger.de\/wp-content\/uploads\/2021\/04\/Beate-Kuhn-Teller-mit-Unterteilung-ca-Ende-50er-Jahre-4-x-28cm-galerie-metzger-gallery-kaufen-keramik-studiokeramik-ceramic-art-object-kaufen-705x470.jpg 705w, https:\/\/www.galerie-metzger.de\/wp-content\/uploads\/2021\/04\/Beate-Kuhn-Teller-mit-Unterteilung-ca-Ende-50er-Jahre-4-x-28cm-galerie-metzger-gallery-kaufen-keramik-studiokeramik-ceramic-art-object-kaufen-400x267.jpg 400w, https:\/\/www.galerie-metzger.de\/wp-content\/uploads\/2021\/04\/Beate-Kuhn-Teller-mit-Unterteilung-ca-Ende-50er-Jahre-4-x-28cm-galerie-metzger-gallery-kaufen-keramik-studiokeramik-ceramic-art-object-kaufen-1030x687.jpg 1030w, https:\/\/www.galerie-metzger.de\/wp-content\/uploads\/2021\/04\/Beate-Kuhn-Teller-mit-Unterteilung-ca-Ende-50er-Jahre-4-x-28cm-galerie-metzger-gallery-kaufen-keramik-studiokeramik-ceramic-art-object-kaufen-768x512.jpg 768w, https:\/\/www.galerie-metzger.de\/wp-content\/uploads\/2021\/04\/Beate-Kuhn-Teller-mit-Unterteilung-ca-Ende-50er-Jahre-4-x-28cm-galerie-metzger-gallery-kaufen-keramik-studiokeramik-ceramic-art-object-kaufen-300x200.jpg 300w, https:\/\/www.galerie-metzger.de\/wp-content\/uploads\/2021\/04\/Beate-Kuhn-Teller-mit-Unterteilung-ca-Ende-50er-Jahre-4-x-28cm-galerie-metzger-gallery-kaufen-keramik-studiokeramik-ceramic-art-object-kaufen-900x600.jpg 900w, https:\/\/www.galerie-metzger.de\/wp-content\/uploads\/2021\/04\/Beate-Kuhn-Teller-mit-Unterteilung-ca-Ende-50er-Jahre-4-x-28cm-galerie-metzger-gallery-kaufen-keramik-studiokeramik-ceramic-art-object-kaufen-450x300.jpg 450w\" sizes=\"(max-width: 690px) 100vw, 690px\" \/><\/a><\/div><\/div><\/div><br \/>\n<section  class='av_textblock_section av-ii6fhl-5f7685d5795a10ffa8ee71361332f31b' ><div class='avia_textblock jo_werk_anfrage' ><p><a class=\"anfrage\" href=\"mailto:info@galerie-metzger.de?subject=Beate%20Kuhn%20Teller mit Unterteilung%202015\">Anfrage zum Werk<\/a><\/p>\n<\/div><\/section><\/p><\/div><\/div><!--close column table wrapper. Autoclose: 1 --><div class='flex_column_table av-1t74ekp-43-92ccb513c8982dda6d64827d0e23f3db sc-av_one_full av-equal-height-column-flextable'>\n<style type=\"text\/css\" data-created_by=\"avia_inline_auto\" id=\"style-css-av-1t74ekp-43-92ccb513c8982dda6d64827d0e23f3db\">\n.flex_column.av-1t74ekp-43-92ccb513c8982dda6d64827d0e23f3db{\n-webkit-border-radius:0px 0px 0px 0px;\n-moz-border-radius:0px 0px 0px 0px;\nborder-radius:0px 0px 0px 0px;\n}\n<\/style>\n<div class='flex_column av-1t74ekp-43-92ccb513c8982dda6d64827d0e23f3db av_one_full  avia-builder-el-44  el_after_av_one_third  el_before_av_one_third  jo_col_empty first flex_column_table_cell av-equal-height-column av-align-top av-animated-generic fade-in av-zero-column-padding column-top-margin'     ><section  class='av_textblock_section av-1s1ff2x-42-6939c77fc2fe00b4fc965799cdb24eb2' ><div class='avia_textblock' ><p>invisible placeholder<\/p>\n<\/div><\/section><\/div><\/div><!--close column table wrapper. Autoclose: 1 --><div class='flex_column_table av-28a5vft-55-b5c9a29aab80bf4822bd0e40fd456be5 sc-av_one_third av-equal-height-column-flextable'>\n<style type=\"text\/css\" data-created_by=\"avia_inline_auto\" id=\"style-css-av-28a5vft-55-b5c9a29aab80bf4822bd0e40fd456be5\">\n.flex_column.av-28a5vft-55-b5c9a29aab80bf4822bd0e40fd456be5{\n-webkit-border-radius:0px 0px 0px 0px;\n-moz-border-radius:0px 0px 0px 0px;\nborder-radius:0px 0px 0px 0px;\n}\n<\/style>\n<div class='flex_column av-28a5vft-55-b5c9a29aab80bf4822bd0e40fd456be5 av_one_third  avia-builder-el-46  el_after_av_one_full  el_before_av_one_third  jo_col_empty first flex_column_table_cell av-equal-height-column av-align-top av-animated-generic fade-in av-zero-column-padding column-top-margin'     ><section  class='av_textblock_section av-26sq06h-54-4457edd3900f94fb1ffcede630b6fb88' ><div class='avia_textblock' ><p>invisible placeholder<\/p>\n<\/div><\/section><\/div><div class='av-flex-placeholder'><\/div>\n<style type=\"text\/css\" data-created_by=\"avia_inline_auto\" id=\"style-css-av-1pz4qi1-51-7ccce5d53f2a456075c81c7445a7747c\">\n.flex_column.av-1pz4qi1-51-7ccce5d53f2a456075c81c7445a7747c{\n-webkit-border-radius:0px 0px 0px 0px;\n-moz-border-radius:0px 0px 0px 0px;\nborder-radius:0px 0px 0px 0px;\n}\n<\/style>\n<div class='flex_column av-1pz4qi1-51-7ccce5d53f2a456075c81c7445a7747c av_one_third  avia-builder-el-48  el_after_av_one_third  el_before_av_one_third  jo_pf_bild_bg flex_column_table_cell av-equal-height-column av-align-top av-animated-generic fade-in av-zero-column-padding column-top-margin'     ><p>\n<style type=\"text\/css\" data-created_by=\"avia_inline_auto\" id=\"style-css-av-hsgi5l-1bf0dc09bd6b2f3b0877cacadfb932f9\">\n.avia-image-container.av-hsgi5l-1bf0dc09bd6b2f3b0877cacadfb932f9 img.avia_image{\nbox-shadow:none;\n}\n.avia-image-container.av-hsgi5l-1bf0dc09bd6b2f3b0877cacadfb932f9 .av-caption-image-overlay-bg{\nopacity:0.4;\n}\n<\/style>\n<div  class='avia-image-container av-hsgi5l-1bf0dc09bd6b2f3b0877cacadfb932f9 av-styling-no-styling avia_animated_image av-animated-when-visible-95 fade-in avia-align-left  avia-builder-el-49  el_before_av_textblock  avia-builder-el-first  jo_pf_bild noHover av-overlay-hover-deactivate'  ><div class=\"avia-image-container-inner\"><div class=\"avia-image-overlay-wrap\"><a href=\"https:\/\/www.galerie-metzger.de\/wp-content\/uploads\/2020\/07\/Beate-Kuhn-Schoten-2014-26x205x10cm-galerie-metzger-sculpture-plastische-arbeit-ceramic-deutsche-studio-keramik-gallery-1090x1090.jpg\" data-srcset=\"https:\/\/www.galerie-metzger.de\/wp-content\/uploads\/2020\/07\/Beate-Kuhn-Schoten-2014-26x205x10cm-galerie-metzger-sculpture-plastische-arbeit-ceramic-deutsche-studio-keramik-gallery-1090x1090.jpg 1090w, https:\/\/www.galerie-metzger.de\/wp-content\/uploads\/2020\/07\/Beate-Kuhn-Schoten-2014-26x205x10cm-galerie-metzger-sculpture-plastische-arbeit-ceramic-deutsche-studio-keramik-gallery-690x690.jpg 690w, https:\/\/www.galerie-metzger.de\/wp-content\/uploads\/2020\/07\/Beate-Kuhn-Schoten-2014-26x205x10cm-galerie-metzger-sculpture-plastische-arbeit-ceramic-deutsche-studio-keramik-gallery-80x80.jpg 80w, https:\/\/www.galerie-metzger.de\/wp-content\/uploads\/2020\/07\/Beate-Kuhn-Schoten-2014-26x205x10cm-galerie-metzger-sculpture-plastische-arbeit-ceramic-deutsche-studio-keramik-gallery-1536x1536.jpg 1536w, https:\/\/www.galerie-metzger.de\/wp-content\/uploads\/2020\/07\/Beate-Kuhn-Schoten-2014-26x205x10cm-galerie-metzger-sculpture-plastische-arbeit-ceramic-deutsche-studio-keramik-gallery-2048x2048.jpg 2048w, https:\/\/www.galerie-metzger.de\/wp-content\/uploads\/2020\/07\/Beate-Kuhn-Schoten-2014-26x205x10cm-galerie-metzger-sculpture-plastische-arbeit-ceramic-deutsche-studio-keramik-gallery-36x36.jpg 36w, https:\/\/www.galerie-metzger.de\/wp-content\/uploads\/2020\/07\/Beate-Kuhn-Schoten-2014-26x205x10cm-galerie-metzger-sculpture-plastische-arbeit-ceramic-deutsche-studio-keramik-gallery-180x180.jpg 180w, https:\/\/www.galerie-metzger.de\/wp-content\/uploads\/2020\/07\/Beate-Kuhn-Schoten-2014-26x205x10cm-galerie-metzger-sculpture-plastische-arbeit-ceramic-deutsche-studio-keramik-gallery-1500x1500.jpg 1500w, https:\/\/www.galerie-metzger.de\/wp-content\/uploads\/2020\/07\/Beate-Kuhn-Schoten-2014-26x205x10cm-galerie-metzger-sculpture-plastische-arbeit-ceramic-deutsche-studio-keramik-gallery-705x705.jpg 705w, https:\/\/www.galerie-metzger.de\/wp-content\/uploads\/2020\/07\/Beate-Kuhn-Schoten-2014-26x205x10cm-galerie-metzger-sculpture-plastische-arbeit-ceramic-deutsche-studio-keramik-gallery-400x400.jpg 400w, https:\/\/www.galerie-metzger.de\/wp-content\/uploads\/2020\/07\/Beate-Kuhn-Schoten-2014-26x205x10cm-galerie-metzger-sculpture-plastische-arbeit-ceramic-deutsche-studio-keramik-gallery-768x768.jpg 768w, https:\/\/www.galerie-metzger.de\/wp-content\/uploads\/2020\/07\/Beate-Kuhn-Schoten-2014-26x205x10cm-galerie-metzger-sculpture-plastische-arbeit-ceramic-deutsche-studio-keramik-gallery-120x120.jpg 120w, https:\/\/www.galerie-metzger.de\/wp-content\/uploads\/2020\/07\/Beate-Kuhn-Schoten-2014-26x205x10cm-galerie-metzger-sculpture-plastische-arbeit-ceramic-deutsche-studio-keramik-gallery-450x450.jpg 450w\" data-sizes=\"(max-width: 1030px) 100vw, 1030px\" class='avia_image' ><div class=\"av-image-caption-overlay\"><div class=\"av-caption-image-overlay-bg\"><\/div><div class=\"av-image-caption-overlay-position\"><div class=\"av-image-caption-overlay-center\"><p>Beate Kuhn \u2013 Schoten \u2013 2014, 26&#215;20,5&#215;10 cm, Foto: Edi Baumann<\/p>\n<\/div><\/div><\/div><img decoding=\"async\" class='wp-image-8340 avia-img-lazy-loading-not-8340 avia_image ' src=\"https:\/\/www.galerie-metzger.de\/wp-content\/uploads\/2020\/07\/Beate-Kuhn-Schoten-2014-26x205x10cm-galerie-metzger-sculpture-plastische-arbeit-ceramic-deutsche-studio-keramik-gallery-690x690.jpg\" alt='Beate Kuhn - Schoten - 2014 - 26x20,5x10cm' title='Beate Kuhn - Schoten - 2014 - 26x20,5x10cm'  height=\"690\" width=\"690\" srcset=\"https:\/\/www.galerie-metzger.de\/wp-content\/uploads\/2020\/07\/Beate-Kuhn-Schoten-2014-26x205x10cm-galerie-metzger-sculpture-plastische-arbeit-ceramic-deutsche-studio-keramik-gallery-690x690.jpg 690w, https:\/\/www.galerie-metzger.de\/wp-content\/uploads\/2020\/07\/Beate-Kuhn-Schoten-2014-26x205x10cm-galerie-metzger-sculpture-plastische-arbeit-ceramic-deutsche-studio-keramik-gallery-1090x1090.jpg 1090w, https:\/\/www.galerie-metzger.de\/wp-content\/uploads\/2020\/07\/Beate-Kuhn-Schoten-2014-26x205x10cm-galerie-metzger-sculpture-plastische-arbeit-ceramic-deutsche-studio-keramik-gallery-80x80.jpg 80w, https:\/\/www.galerie-metzger.de\/wp-content\/uploads\/2020\/07\/Beate-Kuhn-Schoten-2014-26x205x10cm-galerie-metzger-sculpture-plastische-arbeit-ceramic-deutsche-studio-keramik-gallery-1536x1536.jpg 1536w, https:\/\/www.galerie-metzger.de\/wp-content\/uploads\/2020\/07\/Beate-Kuhn-Schoten-2014-26x205x10cm-galerie-metzger-sculpture-plastische-arbeit-ceramic-deutsche-studio-keramik-gallery-2048x2048.jpg 2048w, https:\/\/www.galerie-metzger.de\/wp-content\/uploads\/2020\/07\/Beate-Kuhn-Schoten-2014-26x205x10cm-galerie-metzger-sculpture-plastische-arbeit-ceramic-deutsche-studio-keramik-gallery-36x36.jpg 36w, https:\/\/www.galerie-metzger.de\/wp-content\/uploads\/2020\/07\/Beate-Kuhn-Schoten-2014-26x205x10cm-galerie-metzger-sculpture-plastische-arbeit-ceramic-deutsche-studio-keramik-gallery-180x180.jpg 180w, https:\/\/www.galerie-metzger.de\/wp-content\/uploads\/2020\/07\/Beate-Kuhn-Schoten-2014-26x205x10cm-galerie-metzger-sculpture-plastische-arbeit-ceramic-deutsche-studio-keramik-gallery-1500x1500.jpg 1500w, https:\/\/www.galerie-metzger.de\/wp-content\/uploads\/2020\/07\/Beate-Kuhn-Schoten-2014-26x205x10cm-galerie-metzger-sculpture-plastische-arbeit-ceramic-deutsche-studio-keramik-gallery-705x705.jpg 705w, https:\/\/www.galerie-metzger.de\/wp-content\/uploads\/2020\/07\/Beate-Kuhn-Schoten-2014-26x205x10cm-galerie-metzger-sculpture-plastische-arbeit-ceramic-deutsche-studio-keramik-gallery-400x400.jpg 400w, https:\/\/www.galerie-metzger.de\/wp-content\/uploads\/2020\/07\/Beate-Kuhn-Schoten-2014-26x205x10cm-galerie-metzger-sculpture-plastische-arbeit-ceramic-deutsche-studio-keramik-gallery-768x768.jpg 768w, https:\/\/www.galerie-metzger.de\/wp-content\/uploads\/2020\/07\/Beate-Kuhn-Schoten-2014-26x205x10cm-galerie-metzger-sculpture-plastische-arbeit-ceramic-deutsche-studio-keramik-gallery-120x120.jpg 120w, https:\/\/www.galerie-metzger.de\/wp-content\/uploads\/2020\/07\/Beate-Kuhn-Schoten-2014-26x205x10cm-galerie-metzger-sculpture-plastische-arbeit-ceramic-deutsche-studio-keramik-gallery-450x450.jpg 450w\" sizes=\"(max-width: 690px) 100vw, 690px\" \/><\/a><\/div><\/div><\/div><br \/>\n<section  class='av_textblock_section av-fs7zbt-dbf31c9ca2620bda2efa372fc7781a7e' ><div class='avia_textblock jo_werk_anfrage' ><p><a class=\"anfrage\" href=\"mailto:info@galerie-metzger.de?subject=Beate%20Kuhn%20KSchoten%202014\">Anfrage zum Werk<\/a><\/p>\n<\/div><\/section><\/p><\/div><div class='av-flex-placeholder'><\/div>\n<style type=\"text\/css\" data-created_by=\"avia_inline_auto\" id=\"style-css-av-1pz4qi1-34-212b4193ee098d34a526573cfbca9f85\">\n.flex_column.av-1pz4qi1-34-212b4193ee098d34a526573cfbca9f85{\n-webkit-border-radius:0px 0px 0px 0px;\n-moz-border-radius:0px 0px 0px 0px;\nborder-radius:0px 0px 0px 0px;\n}\n<\/style>\n<div class='flex_column av-1pz4qi1-34-212b4193ee098d34a526573cfbca9f85 av_one_third  avia-builder-el-51  el_after_av_one_third  el_before_av_one_full  jo_pf_bild_bg flex_column_table_cell av-equal-height-column av-align-top av-animated-generic fade-in av-zero-column-padding column-top-margin'     ><p>\n<style type=\"text\/css\" data-created_by=\"avia_inline_auto\" id=\"style-css-av-eg6xyh-4966bef7c1dce1a06b164baf7f4dce62\">\n.avia-image-container.av-eg6xyh-4966bef7c1dce1a06b164baf7f4dce62 img.avia_image{\nbox-shadow:none;\n}\n.avia-image-container.av-eg6xyh-4966bef7c1dce1a06b164baf7f4dce62 .av-caption-image-overlay-bg{\nopacity:0.4;\n}\n<\/style>\n<div  class='avia-image-container av-eg6xyh-4966bef7c1dce1a06b164baf7f4dce62 av-styling-no-styling avia_animated_image av-animated-when-visible-95 fade-in avia-align-left  avia-builder-el-52  el_before_av_textblock  avia-builder-el-first  jo_pf_bild noHover av-overlay-hover-deactivate'  ><div class=\"avia-image-container-inner\"><div class=\"avia-image-overlay-wrap\"><a href=\"https:\/\/www.galerie-metzger.de\/wp-content\/uploads\/2020\/07\/Beate-Kuhn-Schoten-2014-26x205x10cm-galerie-metzger-ceramic-art-object-sculpture-plastische-arbeit-1090x1090.jpg\" data-srcset=\"https:\/\/www.galerie-metzger.de\/wp-content\/uploads\/2020\/07\/Beate-Kuhn-Schoten-2014-26x205x10cm-galerie-metzger-ceramic-art-object-sculpture-plastische-arbeit-1090x1090.jpg 1090w, https:\/\/www.galerie-metzger.de\/wp-content\/uploads\/2020\/07\/Beate-Kuhn-Schoten-2014-26x205x10cm-galerie-metzger-ceramic-art-object-sculpture-plastische-arbeit-690x690.jpg 690w, https:\/\/www.galerie-metzger.de\/wp-content\/uploads\/2020\/07\/Beate-Kuhn-Schoten-2014-26x205x10cm-galerie-metzger-ceramic-art-object-sculpture-plastische-arbeit-80x80.jpg 80w, https:\/\/www.galerie-metzger.de\/wp-content\/uploads\/2020\/07\/Beate-Kuhn-Schoten-2014-26x205x10cm-galerie-metzger-ceramic-art-object-sculpture-plastische-arbeit-1536x1536.jpg 1536w, https:\/\/www.galerie-metzger.de\/wp-content\/uploads\/2020\/07\/Beate-Kuhn-Schoten-2014-26x205x10cm-galerie-metzger-ceramic-art-object-sculpture-plastische-arbeit-2048x2048.jpg 2048w, https:\/\/www.galerie-metzger.de\/wp-content\/uploads\/2020\/07\/Beate-Kuhn-Schoten-2014-26x205x10cm-galerie-metzger-ceramic-art-object-sculpture-plastische-arbeit-36x36.jpg 36w, https:\/\/www.galerie-metzger.de\/wp-content\/uploads\/2020\/07\/Beate-Kuhn-Schoten-2014-26x205x10cm-galerie-metzger-ceramic-art-object-sculpture-plastische-arbeit-180x180.jpg 180w, https:\/\/www.galerie-metzger.de\/wp-content\/uploads\/2020\/07\/Beate-Kuhn-Schoten-2014-26x205x10cm-galerie-metzger-ceramic-art-object-sculpture-plastische-arbeit-1500x1500.jpg 1500w, https:\/\/www.galerie-metzger.de\/wp-content\/uploads\/2020\/07\/Beate-Kuhn-Schoten-2014-26x205x10cm-galerie-metzger-ceramic-art-object-sculpture-plastische-arbeit-705x705.jpg 705w, https:\/\/www.galerie-metzger.de\/wp-content\/uploads\/2020\/07\/Beate-Kuhn-Schoten-2014-26x205x10cm-galerie-metzger-ceramic-art-object-sculpture-plastische-arbeit-400x400.jpg 400w, https:\/\/www.galerie-metzger.de\/wp-content\/uploads\/2020\/07\/Beate-Kuhn-Schoten-2014-26x205x10cm-galerie-metzger-ceramic-art-object-sculpture-plastische-arbeit-768x768.jpg 768w, https:\/\/www.galerie-metzger.de\/wp-content\/uploads\/2020\/07\/Beate-Kuhn-Schoten-2014-26x205x10cm-galerie-metzger-ceramic-art-object-sculpture-plastische-arbeit-120x120.jpg 120w, https:\/\/www.galerie-metzger.de\/wp-content\/uploads\/2020\/07\/Beate-Kuhn-Schoten-2014-26x205x10cm-galerie-metzger-ceramic-art-object-sculpture-plastische-arbeit-450x450.jpg 450w\" data-sizes=\"(max-width: 1030px) 100vw, 1030px\" class='avia_image' ><div class=\"av-image-caption-overlay\"><div class=\"av-caption-image-overlay-bg\"><\/div><div class=\"av-image-caption-overlay-position\"><div class=\"av-image-caption-overlay-center\"><p>Beate Kuhn \u2013 Schoten \u2013 2014, 26&#215;20,5&#215;10 cm, Foto: Edi Baumann<\/p>\n<\/div><\/div><\/div><img decoding=\"async\" class='wp-image-8338 avia-img-lazy-loading-not-8338 avia_image ' src=\"https:\/\/www.galerie-metzger.de\/wp-content\/uploads\/2020\/07\/Beate-Kuhn-Schoten-2014-26x205x10cm-galerie-metzger-ceramic-art-object-sculpture-plastische-arbeit-690x690.jpg\" alt='Beate Kuhn-Schoten - 2014 - 26x20,5x10cm' title='Beate Kuhn-Schoten - 2014 - 26x20,5x10cm'  height=\"690\" width=\"690\" srcset=\"https:\/\/www.galerie-metzger.de\/wp-content\/uploads\/2020\/07\/Beate-Kuhn-Schoten-2014-26x205x10cm-galerie-metzger-ceramic-art-object-sculpture-plastische-arbeit-690x690.jpg 690w, https:\/\/www.galerie-metzger.de\/wp-content\/uploads\/2020\/07\/Beate-Kuhn-Schoten-2014-26x205x10cm-galerie-metzger-ceramic-art-object-sculpture-plastische-arbeit-1090x1090.jpg 1090w, https:\/\/www.galerie-metzger.de\/wp-content\/uploads\/2020\/07\/Beate-Kuhn-Schoten-2014-26x205x10cm-galerie-metzger-ceramic-art-object-sculpture-plastische-arbeit-80x80.jpg 80w, https:\/\/www.galerie-metzger.de\/wp-content\/uploads\/2020\/07\/Beate-Kuhn-Schoten-2014-26x205x10cm-galerie-metzger-ceramic-art-object-sculpture-plastische-arbeit-1536x1536.jpg 1536w, https:\/\/www.galerie-metzger.de\/wp-content\/uploads\/2020\/07\/Beate-Kuhn-Schoten-2014-26x205x10cm-galerie-metzger-ceramic-art-object-sculpture-plastische-arbeit-2048x2048.jpg 2048w, https:\/\/www.galerie-metzger.de\/wp-content\/uploads\/2020\/07\/Beate-Kuhn-Schoten-2014-26x205x10cm-galerie-metzger-ceramic-art-object-sculpture-plastische-arbeit-36x36.jpg 36w, https:\/\/www.galerie-metzger.de\/wp-content\/uploads\/2020\/07\/Beate-Kuhn-Schoten-2014-26x205x10cm-galerie-metzger-ceramic-art-object-sculpture-plastische-arbeit-180x180.jpg 180w, https:\/\/www.galerie-metzger.de\/wp-content\/uploads\/2020\/07\/Beate-Kuhn-Schoten-2014-26x205x10cm-galerie-metzger-ceramic-art-object-sculpture-plastische-arbeit-1500x1500.jpg 1500w, https:\/\/www.galerie-metzger.de\/wp-content\/uploads\/2020\/07\/Beate-Kuhn-Schoten-2014-26x205x10cm-galerie-metzger-ceramic-art-object-sculpture-plastische-arbeit-705x705.jpg 705w, https:\/\/www.galerie-metzger.de\/wp-content\/uploads\/2020\/07\/Beate-Kuhn-Schoten-2014-26x205x10cm-galerie-metzger-ceramic-art-object-sculpture-plastische-arbeit-400x400.jpg 400w, https:\/\/www.galerie-metzger.de\/wp-content\/uploads\/2020\/07\/Beate-Kuhn-Schoten-2014-26x205x10cm-galerie-metzger-ceramic-art-object-sculpture-plastische-arbeit-768x768.jpg 768w, https:\/\/www.galerie-metzger.de\/wp-content\/uploads\/2020\/07\/Beate-Kuhn-Schoten-2014-26x205x10cm-galerie-metzger-ceramic-art-object-sculpture-plastische-arbeit-120x120.jpg 120w, https:\/\/www.galerie-metzger.de\/wp-content\/uploads\/2020\/07\/Beate-Kuhn-Schoten-2014-26x205x10cm-galerie-metzger-ceramic-art-object-sculpture-plastische-arbeit-450x450.jpg 450w\" sizes=\"(max-width: 690px) 100vw, 690px\" \/><\/a><\/div><\/div><\/div><br \/>\n<section  class='av_textblock_section av-ce4u0p-1b1856a0b687d7204e58fce761c8161a' ><div class='avia_textblock jo_werk_anfrage' ><p><a class=\"anfrage\" href=\"mailto:info@galerie-metzger.de?subject=Beate%20Kuhn%20KSchoten%202014\">Anfrage zum Werk<\/a><\/p>\n<\/div><\/section><\/p><\/div><\/div><!--close column table wrapper. Autoclose: 1 --><div class='flex_column_table av-1t74ekp-38-0bf80bfad642d5e8b1eef2707a201e89 sc-av_one_full av-equal-height-column-flextable'>\n<style type=\"text\/css\" data-created_by=\"avia_inline_auto\" id=\"style-css-av-1t74ekp-38-0bf80bfad642d5e8b1eef2707a201e89\">\n.flex_column.av-1t74ekp-38-0bf80bfad642d5e8b1eef2707a201e89{\n-webkit-border-radius:0px 0px 0px 0px;\n-moz-border-radius:0px 0px 0px 0px;\nborder-radius:0px 0px 0px 0px;\n}\n<\/style>\n<div class='flex_column av-1t74ekp-38-0bf80bfad642d5e8b1eef2707a201e89 av_one_full  avia-builder-el-54  el_after_av_one_third  el_before_av_one_third  jo_col_empty first flex_column_table_cell av-equal-height-column av-align-top av-animated-generic fade-in av-zero-column-padding column-top-margin'     ><section  class='av_textblock_section av-1s1ff2x-37-601c15a929eeec39fd4b01c89318a82f' ><div class='avia_textblock' ><p>invisible placeholder<\/p>\n<\/div><\/section><\/div><\/div><!--close column table wrapper. Autoclose: 1 --><div class='flex_column_table av-1i4j4i1-39-d2cf69d6ca7d355c809e8794e5d555a6 sc-av_one_third av-equal-height-column-flextable'>\n<style type=\"text\/css\" data-created_by=\"avia_inline_auto\" id=\"style-css-av-1i4j4i1-39-d2cf69d6ca7d355c809e8794e5d555a6\">\n.flex_column.av-1i4j4i1-39-d2cf69d6ca7d355c809e8794e5d555a6{\n-webkit-border-radius:0px 0px 0px 0px;\n-moz-border-radius:0px 0px 0px 0px;\nborder-radius:0px 0px 0px 0px;\n}\n<\/style>\n<div class='flex_column av-1i4j4i1-39-d2cf69d6ca7d355c809e8794e5d555a6 av_one_third  avia-builder-el-56  el_after_av_one_full  el_before_av_one_third  jo_pf_bild_bg first flex_column_table_cell av-equal-height-column av-align-top av-animated-generic fade-in av-zero-column-padding column-top-margin'     ><p>\n<style type=\"text\/css\" data-created_by=\"avia_inline_auto\" id=\"style-css-av-a39xrd-18a2c3766d3867eb276db646b5f948cf\">\n.avia-image-container.av-a39xrd-18a2c3766d3867eb276db646b5f948cf img.avia_image{\nbox-shadow:none;\n}\n.avia-image-container.av-a39xrd-18a2c3766d3867eb276db646b5f948cf .av-caption-image-overlay-bg{\nopacity:0.4;\n}\n<\/style>\n<div  class='avia-image-container av-a39xrd-18a2c3766d3867eb276db646b5f948cf av-styling-no-styling avia_animated_image av-animated-when-visible-95 fade-in avia-align-left  avia-builder-el-57  el_before_av_textblock  avia-builder-el-first  jo_pf_bild noHover av-overlay-hover-deactivate'  ><div class=\"avia-image-container-inner\"><div class=\"avia-image-overlay-wrap\"><a href=\"https:\/\/www.galerie-metzger.de\/wp-content\/uploads\/2020\/04\/Beate-Kuhn-Schichtung-2014-29x22x19cm-galerie-metzger-ceramic-art-sculpture-gallery-727x1090.jpg\" data-srcset=\"https:\/\/www.galerie-metzger.de\/wp-content\/uploads\/2020\/04\/Beate-Kuhn-Schichtung-2014-29x22x19cm-galerie-metzger-ceramic-art-sculpture-gallery-727x1090.jpg 727w, https:\/\/www.galerie-metzger.de\/wp-content\/uploads\/2020\/04\/Beate-Kuhn-Schichtung-2014-29x22x19cm-galerie-metzger-ceramic-art-sculpture-gallery-690x1035.jpg 690w, https:\/\/www.galerie-metzger.de\/wp-content\/uploads\/2020\/04\/Beate-Kuhn-Schichtung-2014-29x22x19cm-galerie-metzger-ceramic-art-sculpture-gallery-1024x1536.jpg 1024w, https:\/\/www.galerie-metzger.de\/wp-content\/uploads\/2020\/04\/Beate-Kuhn-Schichtung-2014-29x22x19cm-galerie-metzger-ceramic-art-sculpture-gallery-1365x2048.jpg 1365w, https:\/\/www.galerie-metzger.de\/wp-content\/uploads\/2020\/04\/Beate-Kuhn-Schichtung-2014-29x22x19cm-galerie-metzger-ceramic-art-sculpture-gallery-1000x1500.jpg 1000w, https:\/\/www.galerie-metzger.de\/wp-content\/uploads\/2020\/04\/Beate-Kuhn-Schichtung-2014-29x22x19cm-galerie-metzger-ceramic-art-sculpture-gallery-470x705.jpg 470w, https:\/\/www.galerie-metzger.de\/wp-content\/uploads\/2020\/04\/Beate-Kuhn-Schichtung-2014-29x22x19cm-galerie-metzger-ceramic-art-sculpture-gallery-267x400.jpg 267w, https:\/\/www.galerie-metzger.de\/wp-content\/uploads\/2020\/04\/Beate-Kuhn-Schichtung-2014-29x22x19cm-galerie-metzger-ceramic-art-sculpture-gallery-768x1152.jpg 768w, https:\/\/www.galerie-metzger.de\/wp-content\/uploads\/2020\/04\/Beate-Kuhn-Schichtung-2014-29x22x19cm-galerie-metzger-ceramic-art-sculpture-gallery-687x1030.jpg 687w, https:\/\/www.galerie-metzger.de\/wp-content\/uploads\/2020\/04\/Beate-Kuhn-Schichtung-2014-29x22x19cm-galerie-metzger-ceramic-art-sculpture-gallery-450x675.jpg 450w, https:\/\/www.galerie-metzger.de\/wp-content\/uploads\/2020\/04\/Beate-Kuhn-Schichtung-2014-29x22x19cm-galerie-metzger-ceramic-art-sculpture-gallery-scaled.jpg 1707w\" data-sizes=\"(max-width: 687px) 100vw, 687px\" class='avia_image' ><div class=\"av-image-caption-overlay\"><div class=\"av-caption-image-overlay-bg\"><\/div><div class=\"av-image-caption-overlay-position\"><div class=\"av-image-caption-overlay-center\"><p>Beate Kuhn \u2013 Schichtung \u2013 2014, Foto: Edi Baumann<\/p>\n<\/div><\/div><\/div><img decoding=\"async\" class='wp-image-8198 avia-img-lazy-loading-not-8198 avia_image ' src=\"https:\/\/www.galerie-metzger.de\/wp-content\/uploads\/2020\/04\/Beate-Kuhn-Schichtung-2014-29x22x19cm-galerie-metzger-ceramic-art-sculpture-gallery-scaled.jpg\" alt='Beate Kuhn - Schichtung - 2014-29x22x19cm' title='Beate Kuhn-Schichtung - 2014 - 29x22x19cm'  height=\"2560\" width=\"1707\" srcset=\"https:\/\/www.galerie-metzger.de\/wp-content\/uploads\/2020\/04\/Beate-Kuhn-Schichtung-2014-29x22x19cm-galerie-metzger-ceramic-art-sculpture-gallery-scaled.jpg 1707w, https:\/\/www.galerie-metzger.de\/wp-content\/uploads\/2020\/04\/Beate-Kuhn-Schichtung-2014-29x22x19cm-galerie-metzger-ceramic-art-sculpture-gallery-690x1035.jpg 690w, https:\/\/www.galerie-metzger.de\/wp-content\/uploads\/2020\/04\/Beate-Kuhn-Schichtung-2014-29x22x19cm-galerie-metzger-ceramic-art-sculpture-gallery-727x1090.jpg 727w, https:\/\/www.galerie-metzger.de\/wp-content\/uploads\/2020\/04\/Beate-Kuhn-Schichtung-2014-29x22x19cm-galerie-metzger-ceramic-art-sculpture-gallery-1024x1536.jpg 1024w, https:\/\/www.galerie-metzger.de\/wp-content\/uploads\/2020\/04\/Beate-Kuhn-Schichtung-2014-29x22x19cm-galerie-metzger-ceramic-art-sculpture-gallery-1365x2048.jpg 1365w, https:\/\/www.galerie-metzger.de\/wp-content\/uploads\/2020\/04\/Beate-Kuhn-Schichtung-2014-29x22x19cm-galerie-metzger-ceramic-art-sculpture-gallery-1000x1500.jpg 1000w, https:\/\/www.galerie-metzger.de\/wp-content\/uploads\/2020\/04\/Beate-Kuhn-Schichtung-2014-29x22x19cm-galerie-metzger-ceramic-art-sculpture-gallery-470x705.jpg 470w, https:\/\/www.galerie-metzger.de\/wp-content\/uploads\/2020\/04\/Beate-Kuhn-Schichtung-2014-29x22x19cm-galerie-metzger-ceramic-art-sculpture-gallery-267x400.jpg 267w, https:\/\/www.galerie-metzger.de\/wp-content\/uploads\/2020\/04\/Beate-Kuhn-Schichtung-2014-29x22x19cm-galerie-metzger-ceramic-art-sculpture-gallery-768x1152.jpg 768w, https:\/\/www.galerie-metzger.de\/wp-content\/uploads\/2020\/04\/Beate-Kuhn-Schichtung-2014-29x22x19cm-galerie-metzger-ceramic-art-sculpture-gallery-687x1030.jpg 687w, https:\/\/www.galerie-metzger.de\/wp-content\/uploads\/2020\/04\/Beate-Kuhn-Schichtung-2014-29x22x19cm-galerie-metzger-ceramic-art-sculpture-gallery-450x675.jpg 450w\" sizes=\"(max-width: 1707px) 100vw, 1707px\" \/><\/a><\/div><\/div><\/div><br \/>\n<section  class='av_textblock_section av-92tke1-17b893058529cae0778af76cecc502d9' ><div class='avia_textblock jo_werk_anfrage' ><p><a class=\"anfrage\" href=\"mailto:info@galerie-metzger.de?subject=Beate%20Kuhn%20Schichtung%202014\">Anfrage zum Werk<\/a><\/p>\n<\/div><\/section><\/p><\/div><div class='av-flex-placeholder'><\/div>\n<style type=\"text\/css\" data-created_by=\"avia_inline_auto\" id=\"style-css-av-1i4j4i1-31-d862735f2a6b9a30b70e17c0561d8fc7\">\n.flex_column.av-1i4j4i1-31-d862735f2a6b9a30b70e17c0561d8fc7{\n-webkit-border-radius:0px 0px 0px 0px;\n-moz-border-radius:0px 0px 0px 0px;\nborder-radius:0px 0px 0px 0px;\n}\n<\/style>\n<div class='flex_column av-1i4j4i1-31-d862735f2a6b9a30b70e17c0561d8fc7 av_one_third  avia-builder-el-59  el_after_av_one_third  el_before_av_one_third  jo_pf_bild_bg flex_column_table_cell av-equal-height-column av-align-top av-animated-generic fade-in av-zero-column-padding column-top-margin'     ><p>\n<style type=\"text\/css\" data-created_by=\"avia_inline_auto\" id=\"style-css-av-7ehxdl-699eab722c6846df6783893a6d8f9d7a\">\n.avia-image-container.av-7ehxdl-699eab722c6846df6783893a6d8f9d7a img.avia_image{\nbox-shadow:none;\n}\n.avia-image-container.av-7ehxdl-699eab722c6846df6783893a6d8f9d7a .av-caption-image-overlay-bg{\nopacity:0.4;\n}\n<\/style>\n<div  class='avia-image-container av-7ehxdl-699eab722c6846df6783893a6d8f9d7a av-styling-no-styling avia_animated_image av-animated-when-visible-95 fade-in avia-align-left  avia-builder-el-60  el_before_av_textblock  avia-builder-el-first  jo_pf_bild noHover av-overlay-hover-deactivate'  ><div class=\"avia-image-container-inner\"><div class=\"avia-image-overlay-wrap\"><a href=\"https:\/\/www.galerie-metzger.de\/wp-content\/uploads\/2020\/07\/Beate-Kuhn-R\u00f6hren-mit-Tellern-2011-325x23x21cm-galerie-metzger-deutsche-Studiokeramik-sculture-ceramic-art-object-gallery-aschaffenburg-727x1090.jpg\" data-srcset=\"https:\/\/www.galerie-metzger.de\/wp-content\/uploads\/2020\/07\/Beate-Kuhn-R\u00f6hren-mit-Tellern-2011-325x23x21cm-galerie-metzger-deutsche-Studiokeramik-sculture-ceramic-art-object-gallery-aschaffenburg-727x1090.jpg 727w, https:\/\/www.galerie-metzger.de\/wp-content\/uploads\/2020\/07\/Beate-Kuhn-R\u00f6hren-mit-Tellern-2011-325x23x21cm-galerie-metzger-deutsche-Studiokeramik-sculture-ceramic-art-object-gallery-aschaffenburg-690x1035.jpg 690w, https:\/\/www.galerie-metzger.de\/wp-content\/uploads\/2020\/07\/Beate-Kuhn-R\u00f6hren-mit-Tellern-2011-325x23x21cm-galerie-metzger-deutsche-Studiokeramik-sculture-ceramic-art-object-gallery-aschaffenburg-1024x1536.jpg 1024w, https:\/\/www.galerie-metzger.de\/wp-content\/uploads\/2020\/07\/Beate-Kuhn-R\u00f6hren-mit-Tellern-2011-325x23x21cm-galerie-metzger-deutsche-Studiokeramik-sculture-ceramic-art-object-gallery-aschaffenburg-1365x2048.jpg 1365w, https:\/\/www.galerie-metzger.de\/wp-content\/uploads\/2020\/07\/Beate-Kuhn-R\u00f6hren-mit-Tellern-2011-325x23x21cm-galerie-metzger-deutsche-Studiokeramik-sculture-ceramic-art-object-gallery-aschaffenburg-1000x1500.jpg 1000w, https:\/\/www.galerie-metzger.de\/wp-content\/uploads\/2020\/07\/Beate-Kuhn-R\u00f6hren-mit-Tellern-2011-325x23x21cm-galerie-metzger-deutsche-Studiokeramik-sculture-ceramic-art-object-gallery-aschaffenburg-470x705.jpg 470w, https:\/\/www.galerie-metzger.de\/wp-content\/uploads\/2020\/07\/Beate-Kuhn-R\u00f6hren-mit-Tellern-2011-325x23x21cm-galerie-metzger-deutsche-Studiokeramik-sculture-ceramic-art-object-gallery-aschaffenburg-267x400.jpg 267w, https:\/\/www.galerie-metzger.de\/wp-content\/uploads\/2020\/07\/Beate-Kuhn-R\u00f6hren-mit-Tellern-2011-325x23x21cm-galerie-metzger-deutsche-Studiokeramik-sculture-ceramic-art-object-gallery-aschaffenburg-687x1030.jpg 687w, https:\/\/www.galerie-metzger.de\/wp-content\/uploads\/2020\/07\/Beate-Kuhn-R\u00f6hren-mit-Tellern-2011-325x23x21cm-galerie-metzger-deutsche-Studiokeramik-sculture-ceramic-art-object-gallery-aschaffenburg-768x1152.jpg 768w, https:\/\/www.galerie-metzger.de\/wp-content\/uploads\/2020\/07\/Beate-Kuhn-R\u00f6hren-mit-Tellern-2011-325x23x21cm-galerie-metzger-deutsche-Studiokeramik-sculture-ceramic-art-object-gallery-aschaffenburg-450x675.jpg 450w, https:\/\/www.galerie-metzger.de\/wp-content\/uploads\/2020\/07\/Beate-Kuhn-R\u00f6hren-mit-Tellern-2011-325x23x21cm-galerie-metzger-deutsche-Studiokeramik-sculture-ceramic-art-object-gallery-aschaffenburg-scaled.jpg 1707w\" data-sizes=\"(max-width: 687px) 100vw, 687px\" class='avia_image' ><div class=\"av-image-caption-overlay\"><div class=\"av-caption-image-overlay-bg\"><\/div><div class=\"av-image-caption-overlay-position\"><div class=\"av-image-caption-overlay-center\"><p>Beate Kuhn \u2013 R\u00f6hren mit Tellern \u2013 2011, 32,5x23x21 cm, Foto: Edi Baumann<\/p>\n<\/div><\/div><\/div><img decoding=\"async\" class='wp-image-8336 avia-img-lazy-loading-not-8336 avia_image ' src=\"https:\/\/www.galerie-metzger.de\/wp-content\/uploads\/2020\/07\/Beate-Kuhn-R\u00f6hren-mit-Tellern-2011-325x23x21cm-galerie-metzger-deutsche-Studiokeramik-sculture-ceramic-art-object-gallery-aschaffenburg-scaled.jpg\" alt='Beate Kuhn - R\u00f6hren mit Tellern - 2011 - 32,5x23x21cm' title='Beate Kuhn - R\u00f6hren mit Tellern - 2011 - 32,5x23x21cm'  height=\"2560\" width=\"1707\" srcset=\"https:\/\/www.galerie-metzger.de\/wp-content\/uploads\/2020\/07\/Beate-Kuhn-R\u00f6hren-mit-Tellern-2011-325x23x21cm-galerie-metzger-deutsche-Studiokeramik-sculture-ceramic-art-object-gallery-aschaffenburg-scaled.jpg 1707w, https:\/\/www.galerie-metzger.de\/wp-content\/uploads\/2020\/07\/Beate-Kuhn-R\u00f6hren-mit-Tellern-2011-325x23x21cm-galerie-metzger-deutsche-Studiokeramik-sculture-ceramic-art-object-gallery-aschaffenburg-690x1035.jpg 690w, https:\/\/www.galerie-metzger.de\/wp-content\/uploads\/2020\/07\/Beate-Kuhn-R\u00f6hren-mit-Tellern-2011-325x23x21cm-galerie-metzger-deutsche-Studiokeramik-sculture-ceramic-art-object-gallery-aschaffenburg-727x1090.jpg 727w, https:\/\/www.galerie-metzger.de\/wp-content\/uploads\/2020\/07\/Beate-Kuhn-R\u00f6hren-mit-Tellern-2011-325x23x21cm-galerie-metzger-deutsche-Studiokeramik-sculture-ceramic-art-object-gallery-aschaffenburg-1024x1536.jpg 1024w, https:\/\/www.galerie-metzger.de\/wp-content\/uploads\/2020\/07\/Beate-Kuhn-R\u00f6hren-mit-Tellern-2011-325x23x21cm-galerie-metzger-deutsche-Studiokeramik-sculture-ceramic-art-object-gallery-aschaffenburg-1365x2048.jpg 1365w, https:\/\/www.galerie-metzger.de\/wp-content\/uploads\/2020\/07\/Beate-Kuhn-R\u00f6hren-mit-Tellern-2011-325x23x21cm-galerie-metzger-deutsche-Studiokeramik-sculture-ceramic-art-object-gallery-aschaffenburg-1000x1500.jpg 1000w, https:\/\/www.galerie-metzger.de\/wp-content\/uploads\/2020\/07\/Beate-Kuhn-R\u00f6hren-mit-Tellern-2011-325x23x21cm-galerie-metzger-deutsche-Studiokeramik-sculture-ceramic-art-object-gallery-aschaffenburg-470x705.jpg 470w, https:\/\/www.galerie-metzger.de\/wp-content\/uploads\/2020\/07\/Beate-Kuhn-R\u00f6hren-mit-Tellern-2011-325x23x21cm-galerie-metzger-deutsche-Studiokeramik-sculture-ceramic-art-object-gallery-aschaffenburg-267x400.jpg 267w, https:\/\/www.galerie-metzger.de\/wp-content\/uploads\/2020\/07\/Beate-Kuhn-R\u00f6hren-mit-Tellern-2011-325x23x21cm-galerie-metzger-deutsche-Studiokeramik-sculture-ceramic-art-object-gallery-aschaffenburg-687x1030.jpg 687w, https:\/\/www.galerie-metzger.de\/wp-content\/uploads\/2020\/07\/Beate-Kuhn-R\u00f6hren-mit-Tellern-2011-325x23x21cm-galerie-metzger-deutsche-Studiokeramik-sculture-ceramic-art-object-gallery-aschaffenburg-768x1152.jpg 768w, https:\/\/www.galerie-metzger.de\/wp-content\/uploads\/2020\/07\/Beate-Kuhn-R\u00f6hren-mit-Tellern-2011-325x23x21cm-galerie-metzger-deutsche-Studiokeramik-sculture-ceramic-art-object-gallery-aschaffenburg-450x675.jpg 450w\" sizes=\"(max-width: 1707px) 100vw, 1707px\" \/><\/a><\/div><\/div><\/div><br \/>\n<section  class='av_textblock_section av-jf91l-661318cbd5778ec04e7e1c44dc9f9bab' ><div class='avia_textblock jo_werk_anfrage' ><p><a class=\"anfrage\" href=\"mailto:info@galerie-metzger.de?subject=Beate%20Kuhn%20Roehren mit Tellern%202011\">Anfrage zum Werk<\/a><\/p>\n<\/div><\/section><\/p><\/div><div class='av-flex-placeholder'><\/div>\n<style type=\"text\/css\" data-created_by=\"avia_inline_auto\" id=\"style-css-av-28a5vft-36-772ce5fd5ebf36d2439cffe6c829ba71\">\n.flex_column.av-28a5vft-36-772ce5fd5ebf36d2439cffe6c829ba71{\n-webkit-border-radius:0px 0px 0px 0px;\n-moz-border-radius:0px 0px 0px 0px;\nborder-radius:0px 0px 0px 0px;\n}\n<\/style>\n<div class='flex_column av-28a5vft-36-772ce5fd5ebf36d2439cffe6c829ba71 av_one_third  avia-builder-el-62  el_after_av_one_third  el_before_av_one_full  jo_col_empty flex_column_table_cell av-equal-height-column av-align-top av-animated-generic fade-in av-zero-column-padding column-top-margin'     ><section  class='av_textblock_section av-26sq06h-35-d2b8e94983b6b32b1dd6440659e85609' ><div class='avia_textblock' ><p>invisible placeholder<\/p>\n<\/div><\/section><\/div><\/div><!--close column table wrapper. Autoclose: 1 --><div class='flex_column_table av-1t74ekp-33-ef8c42550091dd81107e3a65c6aea46d sc-av_one_full av-equal-height-column-flextable'>\n<style type=\"text\/css\" data-created_by=\"avia_inline_auto\" id=\"style-css-av-1t74ekp-33-ef8c42550091dd81107e3a65c6aea46d\">\n.flex_column.av-1t74ekp-33-ef8c42550091dd81107e3a65c6aea46d{\n-webkit-border-radius:0px 0px 0px 0px;\n-moz-border-radius:0px 0px 0px 0px;\nborder-radius:0px 0px 0px 0px;\n}\n<\/style>\n<div class='flex_column av-1t74ekp-33-ef8c42550091dd81107e3a65c6aea46d av_one_full  avia-builder-el-64  el_after_av_one_third  el_before_av_one_half  jo_col_empty first flex_column_table_cell av-equal-height-column av-align-top av-animated-generic fade-in av-zero-column-padding column-top-margin'     ><section  class='av_textblock_section av-1s1ff2x-32-83061821e2cc060c6c5106c8ca6a27ac' ><div class='avia_textblock' ><p>invisible placeholder<\/p>\n<\/div><\/section><\/div><\/div><!--close column table wrapper. Autoclose: 1 --><div class='flex_column_table av-1di8bt5-ef8bc0b97d3374a15551b7ef66f6f30f sc-av_one_half av-equal-height-column-flextable'>\n<style type=\"text\/css\" data-created_by=\"avia_inline_auto\" id=\"style-css-av-1di8bt5-ef8bc0b97d3374a15551b7ef66f6f30f\">\n.flex_column.av-1di8bt5-ef8bc0b97d3374a15551b7ef66f6f30f{\n-webkit-border-radius:0px 0px 0px 0px;\n-moz-border-radius:0px 0px 0px 0px;\nborder-radius:0px 0px 0px 0px;\n}\n<\/style>\n<div class='flex_column av-1di8bt5-ef8bc0b97d3374a15551b7ef66f6f30f av_one_half  avia-builder-el-66  el_after_av_one_full  el_before_av_one_half  first flex_column_table_cell av-equal-height-column av-align-top av-animated-generic fade-in av-zero-column-padding column-top-margin'     ><section  class='av_textblock_section av-1awqmop-d7b66282d7692b85c48676a8e3214136' ><div class='avia_textblock' ><p>So erfand sie sich ein ganz eigenes, unverwechselbares Idiom: Eine aus den genuinen Mitteln und Techniken der T\u00f6pferei stammende, gleichwohl aber erstaunlich freie keramische Plastik, indem sie ihre oft an die Grenze des technisch und handwerklich Machbaren sto\u00dfenden Plastiken g\u00e4nzlich aus auf der Scheibe gedrehten, endlos variierten und farbig glasierten Elementen zu gr\u00f6\u00dfter Komplexit\u00e4t montierte. Motivische Anregungen waren ihr hierbei, im weitesten Sinne, Gesch\u00f6pfe und Gebilde der Natur, die sie \u2013 programmatisch als Tier und Pflanze oder in abstrahierender Interpretation von Gew\u00e4chs als organische Komposition \u2013 mittels Reihung und Montage in plastische Formen umsetzte, nicht spontan sondern, im Wissen um die T\u00fccken \u201etonaler\u201c Stabilit\u00e4t, akkurat anhand vorgezeichnetem Bauplan, von verspielter Miniatur bis zur raumgreifenden Baukeramik. Nachtr\u00e4glich braucht es nicht viel, in den ungegenst\u00e4ndlichen Reihungen, zu Agglomerationen und Clustern verbundenen, in Gr\u00f6\u00dfe, Chromatik und Rhythmik modulierten Volumina Kompositionen zu sehen, die aus der plastischen R\u00e4umlichkeit wiederum in klangliche Zeitlichkeit \u00fcbersetzbar und musikalisch als lineare, akkordische und melodische Partituren lesbar w\u00e4ren, ohne darum von ihrer gestalterischen Autonomie als keramische Plastiken einzub\u00fc\u00dfen. Warum nicht schon l\u00e4ngst ein Streichquartett sich an den Versuch gewagt hat, das in vielerlei Hinsicht Partiturhafte der Gebilde stringent improvisierend in Klang zu verwandeln, verwundert. Es w\u00e4re der Empfindsamen die gr\u00f6\u00dfte Freude gewesen.<\/p>\n<\/div><\/section><\/div><div class='av-flex-placeholder'><\/div>\n<style type=\"text\/css\" data-created_by=\"avia_inline_auto\" id=\"style-css-av-19ojeqh-fec285fe332ecdd2ab5491eca2af03e0\">\n.flex_column.av-19ojeqh-fec285fe332ecdd2ab5491eca2af03e0{\n-webkit-border-radius:0px 0px 0px 0px;\n-moz-border-radius:0px 0px 0px 0px;\nborder-radius:0px 0px 0px 0px;\n}\n<\/style>\n<div class='flex_column av-19ojeqh-fec285fe332ecdd2ab5491eca2af03e0 av_one_half  avia-builder-el-68  el_after_av_one_half  el_before_av_one_full  flex_column_table_cell av-equal-height-column av-align-top av-animated-generic fade-in av-zero-column-padding column-top-margin'     ><section  class='av_textblock_section av-1833akp-2bcbaf8ad390d047a411510d6842de19' ><div class='avia_textblock' ><p>Dass Beate Kuhn Keramikerin werden w\u00fcrde, war ihr nicht vorgezeichnet. Am 15. Juli 1927 in D\u00fcsseldorf geboren entstammte sie einem k\u00fcnstlerischen Elternhaus \u2013 der Vater Erich war Bildhauer, Pianistin die Mutter Lisa \u2013, doch nach dem Abitur 1947 \u2013 die Familie war kriegsbedingt nach Neustadt im Schwarzwald gezogen \u2013 w\u00e4re sie zu gerne Malerin geworden, w\u00e4hnte sich selbst aber als zu wenig talentiert. Ein begonnenes Kunstgeschichtsstudium in Freiburg pr\u00e4gte sie nachhaltig, die materiell armselige Nachkriegszeit war ihr kulturell reich. Als die k\u00fcnstlerische Moderne vielgestaltig und aufregend nach Deutschland zur\u00fcckkehrte, waren die Heroen der jungen Kunstenthusiastin Maler wie Paul Klee und Joan Mir\u00f3. In einem Vorkriegskatalog abgebildet fand sie dann Gef\u00e4\u00dfe des Keramikers Jan Bontjes van Beek und sah hier mit einem Mal ihren Weg. Da aus der gew\u00fcnschten Lehre bei Richard Bampi im nahegelegenen Kandern nichts wurde, studierte sie ab 1949 an der Werkkunstschule in Wiesbaden, nach der Gesellenpr\u00fcfung an der Werkkunstschule Darmstadt bei Friedrich Theodor Schroeder. Noch am Ende der Ausbildungszeit entwarf sie f\u00fcr die Firma Rosenthal asymmetrische Vasenformen, darunter die als \u201eKummet-Vase\u201c bekannt gewordene extravagante Oval-Form mit seitlicher \u00d6ffnung.<\/p>\n<\/div><\/section><\/div><\/div><!--close column table wrapper. Autoclose: 1 --><div class='flex_column_table av-1t74ekp-29-fd98f2f329c6649fb2b8e4572571b344 sc-av_one_full av-equal-height-column-flextable'>\n<style type=\"text\/css\" data-created_by=\"avia_inline_auto\" id=\"style-css-av-1t74ekp-29-fd98f2f329c6649fb2b8e4572571b344\">\n.flex_column.av-1t74ekp-29-fd98f2f329c6649fb2b8e4572571b344{\n-webkit-border-radius:0px 0px 0px 0px;\n-moz-border-radius:0px 0px 0px 0px;\nborder-radius:0px 0px 0px 0px;\n}\n<\/style>\n<div class='flex_column av-1t74ekp-29-fd98f2f329c6649fb2b8e4572571b344 av_one_full  avia-builder-el-70  el_after_av_one_half  el_before_av_one_full  jo_col_empty first flex_column_table_cell av-equal-height-column av-align-top av-animated-generic fade-in av-zero-column-padding column-top-margin'     ><section  class='av_textblock_section av-1s1ff2x-28-2bdc57609fdd2ab910ae27a2d975c043' ><div class='avia_textblock' ><p>invisible placeholder<\/p>\n<\/div><\/section><\/div><\/div><!--close column table wrapper. Autoclose: 1 --><div class='flex_column_table av-1i4j4i1-30-33946acb9f18b523e9b807c7c7c170c1 sc-av_one_full av-equal-height-column-flextable'>\n<style type=\"text\/css\" data-created_by=\"avia_inline_auto\" id=\"style-css-av-1i4j4i1-30-33946acb9f18b523e9b807c7c7c170c1\">\n.flex_column.av-1i4j4i1-30-33946acb9f18b523e9b807c7c7c170c1{\n-webkit-border-radius:0px 0px 0px 0px;\n-moz-border-radius:0px 0px 0px 0px;\nborder-radius:0px 0px 0px 0px;\n}\n<\/style>\n<div class='flex_column av-1i4j4i1-30-33946acb9f18b523e9b807c7c7c170c1 av_one_full  avia-builder-el-72  el_after_av_one_full  el_before_av_one_full  jo_pf_bild_bg first flex_column_table_cell av-equal-height-column av-align-top av-animated-generic fade-in av-zero-column-padding column-top-margin'     ><p>\n<style type=\"text\/css\" data-created_by=\"avia_inline_auto\" id=\"style-css-av-3qpewp-ba01d205ddb8bf2b2d2f5a9633c2c0e6\">\n.avia-image-container.av-3qpewp-ba01d205ddb8bf2b2d2f5a9633c2c0e6 img.avia_image{\nbox-shadow:none;\n}\n.avia-image-container.av-3qpewp-ba01d205ddb8bf2b2d2f5a9633c2c0e6 .av-caption-image-overlay-bg{\nopacity:0.4;\n}\n<\/style>\n<div  class='avia-image-container av-3qpewp-ba01d205ddb8bf2b2d2f5a9633c2c0e6 av-styling-no-styling avia_animated_image av-animated-when-visible-95 fade-in avia-align-left  avia-builder-el-73  el_before_av_textblock  avia-builder-el-first  jo_pf_bild noHover av-overlay-hover-deactivate'  ><div class=\"avia-image-container-inner\"><div class=\"avia-image-overlay-wrap\"><a href=\"https:\/\/www.galerie-metzger.de\/wp-content\/uploads\/2019\/12\/beate-kuhn\u2013bluetenform-1992-galerie-metzger-aschaffenburg-1090x727.jpg\" data-srcset=\"https:\/\/www.galerie-metzger.de\/wp-content\/uploads\/2019\/12\/beate-kuhn\u2013bluetenform-1992-galerie-metzger-aschaffenburg-1090x727.jpg 1090w, https:\/\/www.galerie-metzger.de\/wp-content\/uploads\/2019\/12\/beate-kuhn\u2013bluetenform-1992-galerie-metzger-aschaffenburg-690x460.jpg 690w, https:\/\/www.galerie-metzger.de\/wp-content\/uploads\/2019\/12\/beate-kuhn\u2013bluetenform-1992-galerie-metzger-aschaffenburg-1536x1024.jpg 1536w, https:\/\/www.galerie-metzger.de\/wp-content\/uploads\/2019\/12\/beate-kuhn\u2013bluetenform-1992-galerie-metzger-aschaffenburg-2048x1365.jpg 2048w, https:\/\/www.galerie-metzger.de\/wp-content\/uploads\/2019\/12\/beate-kuhn\u2013bluetenform-1992-galerie-metzger-aschaffenburg-1500x1000.jpg 1500w, https:\/\/www.galerie-metzger.de\/wp-content\/uploads\/2019\/12\/beate-kuhn\u2013bluetenform-1992-galerie-metzger-aschaffenburg-705x470.jpg 705w, https:\/\/www.galerie-metzger.de\/wp-content\/uploads\/2019\/12\/beate-kuhn\u2013bluetenform-1992-galerie-metzger-aschaffenburg-400x267.jpg 400w, https:\/\/www.galerie-metzger.de\/wp-content\/uploads\/2019\/12\/beate-kuhn\u2013bluetenform-1992-galerie-metzger-aschaffenburg-768x512.jpg 768w, https:\/\/www.galerie-metzger.de\/wp-content\/uploads\/2019\/12\/beate-kuhn\u2013bluetenform-1992-galerie-metzger-aschaffenburg-1030x687.jpg 1030w, https:\/\/www.galerie-metzger.de\/wp-content\/uploads\/2019\/12\/beate-kuhn\u2013bluetenform-1992-galerie-metzger-aschaffenburg-300x200.jpg 300w, https:\/\/www.galerie-metzger.de\/wp-content\/uploads\/2019\/12\/beate-kuhn\u2013bluetenform-1992-galerie-metzger-aschaffenburg-900x600.jpg 900w, https:\/\/www.galerie-metzger.de\/wp-content\/uploads\/2019\/12\/beate-kuhn\u2013bluetenform-1992-galerie-metzger-aschaffenburg-450x300.jpg 450w\" data-sizes=\"(max-width: 1030px) 100vw, 1030px\" class='avia_image' ><div class=\"av-image-caption-overlay\"><div class=\"av-caption-image-overlay-bg\"><\/div><div class=\"av-image-caption-overlay-position\"><div class=\"av-image-caption-overlay-center\"><p>Beate Kuhn \u2013 Bl\u00fctenform \u2013 , 18x29x29 cm, Foto: Edi Baumann<\/p>\n<\/div><\/div><\/div><img decoding=\"async\" class='wp-image-7967 avia-img-lazy-loading-not-7967 avia_image ' src=\"https:\/\/www.galerie-metzger.de\/wp-content\/uploads\/2019\/12\/beate-kuhn\u2013bluetenform-1992-galerie-metzger-aschaffenburg-scaled.jpg\" alt='Beate Kuhn \u2013 Bl\u00fctenform \u2013' title='Beate Kuhn \u2013\u00a0Bl\u00fctenform'  height=\"1707\" width=\"2560\" srcset=\"https:\/\/www.galerie-metzger.de\/wp-content\/uploads\/2019\/12\/beate-kuhn\u2013bluetenform-1992-galerie-metzger-aschaffenburg-scaled.jpg 2560w, https:\/\/www.galerie-metzger.de\/wp-content\/uploads\/2019\/12\/beate-kuhn\u2013bluetenform-1992-galerie-metzger-aschaffenburg-690x460.jpg 690w, https:\/\/www.galerie-metzger.de\/wp-content\/uploads\/2019\/12\/beate-kuhn\u2013bluetenform-1992-galerie-metzger-aschaffenburg-1090x727.jpg 1090w, https:\/\/www.galerie-metzger.de\/wp-content\/uploads\/2019\/12\/beate-kuhn\u2013bluetenform-1992-galerie-metzger-aschaffenburg-1536x1024.jpg 1536w, https:\/\/www.galerie-metzger.de\/wp-content\/uploads\/2019\/12\/beate-kuhn\u2013bluetenform-1992-galerie-metzger-aschaffenburg-2048x1365.jpg 2048w, https:\/\/www.galerie-metzger.de\/wp-content\/uploads\/2019\/12\/beate-kuhn\u2013bluetenform-1992-galerie-metzger-aschaffenburg-1500x1000.jpg 1500w, https:\/\/www.galerie-metzger.de\/wp-content\/uploads\/2019\/12\/beate-kuhn\u2013bluetenform-1992-galerie-metzger-aschaffenburg-705x470.jpg 705w, https:\/\/www.galerie-metzger.de\/wp-content\/uploads\/2019\/12\/beate-kuhn\u2013bluetenform-1992-galerie-metzger-aschaffenburg-400x267.jpg 400w, https:\/\/www.galerie-metzger.de\/wp-content\/uploads\/2019\/12\/beate-kuhn\u2013bluetenform-1992-galerie-metzger-aschaffenburg-768x512.jpg 768w, https:\/\/www.galerie-metzger.de\/wp-content\/uploads\/2019\/12\/beate-kuhn\u2013bluetenform-1992-galerie-metzger-aschaffenburg-1030x687.jpg 1030w, https:\/\/www.galerie-metzger.de\/wp-content\/uploads\/2019\/12\/beate-kuhn\u2013bluetenform-1992-galerie-metzger-aschaffenburg-300x200.jpg 300w, https:\/\/www.galerie-metzger.de\/wp-content\/uploads\/2019\/12\/beate-kuhn\u2013bluetenform-1992-galerie-metzger-aschaffenburg-900x600.jpg 900w, https:\/\/www.galerie-metzger.de\/wp-content\/uploads\/2019\/12\/beate-kuhn\u2013bluetenform-1992-galerie-metzger-aschaffenburg-450x300.jpg 450w\" sizes=\"(max-width: 2560px) 100vw, 2560px\" \/><\/a><\/div><\/div><\/div><br \/>\n<section  class='av_textblock_section av-2laacp-034db2201d972f2818f52ae0266bf586' ><div class='avia_textblock jo_werk_anfrage' ><p><a class=\"anfrage\" href=\"mailto:info@galerie-metzger.de?subject=Beate%20Kuhn%20Bluetenform\">Anfrage zum Werk<\/a><\/p>\n<\/div><\/section><\/p><\/div><\/div><!--close column table wrapper. Autoclose: 1 --><div class='flex_column_table av-1t74ekp-27-c705a42dc7441c68f353d49f242f4e8e sc-av_one_full av-equal-height-column-flextable'>\n<style type=\"text\/css\" data-created_by=\"avia_inline_auto\" id=\"style-css-av-1t74ekp-27-c705a42dc7441c68f353d49f242f4e8e\">\n.flex_column.av-1t74ekp-27-c705a42dc7441c68f353d49f242f4e8e{\n-webkit-border-radius:0px 0px 0px 0px;\n-moz-border-radius:0px 0px 0px 0px;\nborder-radius:0px 0px 0px 0px;\n}\n<\/style>\n<div class='flex_column av-1t74ekp-27-c705a42dc7441c68f353d49f242f4e8e av_one_full  avia-builder-el-75  el_after_av_one_full  el_before_av_one_half  jo_col_empty first flex_column_table_cell av-equal-height-column av-align-top av-animated-generic fade-in av-zero-column-padding column-top-margin'     ><section  class='av_textblock_section av-1s1ff2x-26-6efd14688ace36ed803e4d3c7210a4d3' ><div class='avia_textblock' ><p>invisible placeholder<\/p>\n<\/div><\/section><\/div><\/div><!--close column table wrapper. Autoclose: 1 --><div class='flex_column_table av-yc7wmx-80d8a1c531b95ccbc21f580d26090e5a sc-av_one_half av-equal-height-column-flextable'>\n<style type=\"text\/css\" data-created_by=\"avia_inline_auto\" id=\"style-css-av-yc7wmx-80d8a1c531b95ccbc21f580d26090e5a\">\n.flex_column.av-yc7wmx-80d8a1c531b95ccbc21f580d26090e5a{\n-webkit-border-radius:0px 0px 0px 0px;\n-moz-border-radius:0px 0px 0px 0px;\nborder-radius:0px 0px 0px 0px;\n}\n<\/style>\n<div class='flex_column av-yc7wmx-80d8a1c531b95ccbc21f580d26090e5a av_one_half  avia-builder-el-77  el_after_av_one_full  el_before_av_one_half  first flex_column_table_cell av-equal-height-column av-align-top av-animated-generic fade-in av-zero-column-padding column-top-margin'     ><section  class='av_textblock_section av-wrg83t-ae2bbbbcadc276cf10bc149fe1d71d67' ><div class='avia_textblock' ><p>1953 \u00fcbernahmen sie und der gleichfalls an der Darmst\u00e4dter Schule ausgebildete Karl Scheid die Werkstatt ihres Lehrers im s\u00fcdbadischen Dorf Lottstetten, wo Beate Kuhn organische Geschirre und anthropomorphe Gef\u00e4\u00dfplastiken bemalte, fig\u00fcrliche Abstraktion in der Art ihrer Maler-Favoriten auf Keramik \u00fcbertragend. Die Frankfurter Messe war der unverzichtbare Vertriebsweg f\u00fcr die in der Provinz entstandene Avantgarde-Ware. 1957 schlie\u00dflich siedelte sie nach D\u00fcdelsheim in Hessen \u00fcber, wo sie in unmittelbarer Nachbarschaft der neuen Werkstatt des Ehepaares Karl und Ursula Scheid und des Ateliers des Bildhauers Bernhard Vogler einen von ihrem Bruder entworfenen Wohn- und Werkstatt-Bungalow bezog, ein ungew\u00f6hnliches Einraum-Geb\u00e4ude, Ort des Lebens und Arbeitens fortan. Mit ihrer gegen das Ende der 1950er Jahre entwickelten Sprache der aus Drehteilen montierten Plastik wurde die immer Liebensw\u00fcrdige zu einer hochgeachteten, sp\u00e4tere Entwicklungen antizipierenden Ausnahmeerscheinung in der deutschen Keramik nach 1945. Anerkennungen und Preise h\u00e4uften sich: 1968 wurde sie Mitglied der Genfer Acad\u00e9mie Internationale de la C\u00e9ramique, sp\u00e4ter geh\u00f6rte sie zu den Gr\u00fcndungsmitgliedern der Gruppe 83, sie erhielt unter anderen Badische, Bayerische und Hessische Staatspreise, wurde doppelt mit dem Westerwaldpreis bedacht, zuletzt geehrt mit dem Preis der Lotte-Reimers-Stiftung, Ausstellungen hatte sie weltweit, Museen in Deutschland, Europa und Japan h\u00fcten ihre Arbeiten.<br \/>\nEin keramisches Wunderland ohnegleichen hinterlassend starb die gro\u00dfe deutsche Keramikerin Beate Kuhn am 10. Dezember 2015.<\/p>\n<p><em> Dr. Walter Lokau <\/em><\/p>\n<\/div><\/section><\/div><div class='av-flex-placeholder'><\/div>\n<style type=\"text\/css\" data-created_by=\"avia_inline_auto\" id=\"style-css-av-uns8u1-8eeee2f1ebd4b5bc614f037d6b91f387\">\n.flex_column.av-uns8u1-8eeee2f1ebd4b5bc614f037d6b91f387{\n-webkit-border-radius:0px 0px 0px 0px;\n-moz-border-radius:0px 0px 0px 0px;\nborder-radius:0px 0px 0px 0px;\n}\n<\/style>\n<div class='flex_column av-uns8u1-8eeee2f1ebd4b5bc614f037d6b91f387 av_one_half  avia-builder-el-79  el_after_av_one_half  el_before_av_one_third  flex_column_table_cell av-equal-height-column av-align-top av-animated-generic fade-in av-zero-column-padding column-top-margin'     ><section  class='av_textblock_section av-tr8h6x-95513b6e0430f2fb3dc3d4d22984ae09' ><div class='avia_textblock' ><p>Beate Kuhn ist \u2013 neben einer un\u00fcbersehbaren Zahl von privaten Sammlungen \u2013 in allen wichtigen Kunstgewerbemuseen Deutschlands und in vielen Museen weltweit vertreten; neben den schon genannten (Hetjens-Museum und Keramion) unter anderem: Schlossmuseum Aschaffenburg, Keramik-Museum Berlin, Kunstgewerbemuseum Berlin, Kunstsammlungen der Veste Coburg, Museum f\u00fcr moderne Keramik Deidesheim (seit 1993 Land Rheinland-Pfalz, Sammlung Hinder\/Reimers), Museum f\u00fcr Kunsthandwerk Frankfurt am Main, Museum f\u00fcr Kunst und Gewerbe Hamburg, Kestner-Museum Hannover, Sammlung der Hoechst AG, Keramikmuseum Westerwald H\u00f6hr-Grenzhausen, Badisches Landesmuseum Karlsruhe, Museum f\u00fcr Angewandte Kunst K\u00f6ln, GRASSI Museum f\u00fcr Angewandte Kunst Leipzig, Kunsthalle Mannheim, Landesmuseum f\u00fcr Kunst und Kulturgeschichte Oldenburg, Kulturgeschichtliches Museum Osnabr\u00fcck, Stiftung Schleswig-Holsteinische Landesmuseen Schloss Gottorf (Schleswig), Emslandmuseum Schloss Clemenswerth (S\u00f6gel), W\u00fcrttembergisches Landesmuseum Stuttgart, Mus\u00e9e Ariana Genf, Mimar Sinan \u00dcniversitesi Istanbul, Victoria and Albert Museum London, Museum Boijmans van Beuningen Rotterdam, Taipeh Fine Arts Museum, National Museum of Modern Art Tokyo, Museum Bellerive Z\u00fcrich.<\/p>\n<\/div><\/section><\/div><\/div><!--close column table wrapper. Autoclose: 1 --><div class='flex_column_table av-qsube1-a1a99a3a871520d84d76cd6b1590da49 sc-av_one_third av-equal-height-column-flextable'>\n<style type=\"text\/css\" data-created_by=\"avia_inline_auto\" id=\"style-css-av-qsube1-a1a99a3a871520d84d76cd6b1590da49\">\n.flex_column.av-qsube1-a1a99a3a871520d84d76cd6b1590da49{\n-webkit-border-radius:0px 0px 0px 0px;\n-moz-border-radius:0px 0px 0px 0px;\nborder-radius:0px 0px 0px 0px;\n}\n<\/style>\n<div class='flex_column av-qsube1-a1a99a3a871520d84d76cd6b1590da49 av_one_third  avia-builder-el-81  el_after_av_one_half  el_before_av_one_third  jo_col_empty first flex_column_table_cell av-equal-height-column av-align-top av-animated-generic fade-in av-zero-column-padding column-top-margin'     ><section  class='av_textblock_section av-plkbfd-a0f0a118719c733147011dd2980a6d3a' ><div class='avia_textblock' ><p>invisible placeholder<\/p>\n<\/div><\/section><\/div><div class='av-flex-placeholder'><\/div>\n<style type=\"text\/css\" data-created_by=\"avia_inline_auto\" id=\"style-css-av-ns7s2h-5dd1845224e1bd362d55170263f39e56\">\n.flex_column.av-ns7s2h-5dd1845224e1bd362d55170263f39e56{\n-webkit-border-radius:0px 0px 0px 0px;\n-moz-border-radius:0px 0px 0px 0px;\nborder-radius:0px 0px 0px 0px;\n}\n<\/style>\n<div class='flex_column av-ns7s2h-5dd1845224e1bd362d55170263f39e56 av_one_third  avia-builder-el-83  el_after_av_one_third  el_before_av_one_third  jo_col_empty flex_column_table_cell av-equal-height-column av-align-top av-animated-generic fade-in av-zero-column-padding column-top-margin'     ><section  class='av_textblock_section av-mm6krd-fc1fd195f634c49983023a760bcbab88' ><div class='avia_textblock' ><p>invisible placeholder<\/p>\n<\/div><\/section><\/div><div class='av-flex-placeholder'><\/div>\n<style type=\"text\/css\" data-created_by=\"avia_inline_auto\" id=\"style-css-av-lg00jt-6eb42e89acdaac06e7023c18e7a01ab2\">\n.flex_column.av-lg00jt-6eb42e89acdaac06e7023c18e7a01ab2{\n-webkit-border-radius:0px 0px 0px 0px;\n-moz-border-radius:0px 0px 0px 0px;\nborder-radius:0px 0px 0px 0px;\n}\n<\/style>\n<div class='flex_column av-lg00jt-6eb42e89acdaac06e7023c18e7a01ab2 av_one_third  avia-builder-el-85  el_after_av_one_third  el_before_av_two_third  jo_col_empty flex_column_table_cell av-equal-height-column av-align-top av-animated-generic fade-in av-zero-column-padding column-top-margin'     ><section  class='av_textblock_section av-io6ozd-f2df45e41a08b43e2ee58eacf2263519' ><div class='avia_textblock' ><p>invisible placeholder<\/p>\n<\/div><\/section><\/div><\/div><!--close column table wrapper. Autoclose: 1 --><div class='flex_column_table av-12pghi1-7b7eaa3dcd53d95c5ce3ed438775e29b sc-av_two_third av-equal-height-column-flextable'>\n<style type=\"text\/css\" data-created_by=\"avia_inline_auto\" id=\"style-css-av-12pghi1-7b7eaa3dcd53d95c5ce3ed438775e29b\">\n.flex_column.av-12pghi1-7b7eaa3dcd53d95c5ce3ed438775e29b{\n-webkit-border-radius:0px 0px 0px 0px;\n-moz-border-radius:0px 0px 0px 0px;\nborder-radius:0px 0px 0px 0px;\n}\n<\/style>\n<div class='flex_column av-12pghi1-7b7eaa3dcd53d95c5ce3ed438775e29b av_two_third  avia-builder-el-87  el_after_av_one_third  el_before_av_one_third  jo_pf_bild_bg first flex_column_table_cell av-equal-height-column av-align-top av-animated-generic fade-in av-zero-column-padding column-top-margin'     ><p>\n<style type=\"text\/css\" data-created_by=\"avia_inline_auto\" id=\"style-css-av-11w5qtl-85fa477b123ce227b0178fde5a48422e\">\n.avia-image-container.av-11w5qtl-85fa477b123ce227b0178fde5a48422e img.avia_image{\nbox-shadow:none;\n}\n.avia-image-container.av-11w5qtl-85fa477b123ce227b0178fde5a48422e .av-caption-image-overlay-bg{\nopacity:0.4;\n}\n<\/style>\n<div  class='avia-image-container av-11w5qtl-85fa477b123ce227b0178fde5a48422e av-styling-no-styling avia_animated_image av-animated-when-visible-95 fade-in avia-align-left  avia-builder-el-88  el_before_av_textblock  avia-builder-el-first  jo_pf_bild noHover av-overlay-hover-deactivate'  ><div class=\"avia-image-container-inner\"><div class=\"avia-image-overlay-wrap\"><a href=\"https:\/\/www.galerie-metzger.de\/wp-content\/uploads\/2018\/01\/beate-kuhn-musik-2013-25x33x14cm-galerie-metzger-gallery-collect-london-kunst-keramik-plastik-sculpture-1090x727.jpg\" data-srcset=\"https:\/\/www.galerie-metzger.de\/wp-content\/uploads\/2018\/01\/beate-kuhn-musik-2013-25x33x14cm-galerie-metzger-gallery-collect-london-kunst-keramik-plastik-sculpture-1090x727.jpg 1090w, https:\/\/www.galerie-metzger.de\/wp-content\/uploads\/2018\/01\/beate-kuhn-musik-2013-25x33x14cm-galerie-metzger-gallery-collect-london-kunst-keramik-plastik-sculpture-690x460.jpg 690w, https:\/\/www.galerie-metzger.de\/wp-content\/uploads\/2018\/01\/beate-kuhn-musik-2013-25x33x14cm-galerie-metzger-gallery-collect-london-kunst-keramik-plastik-sculpture-1536x1024.jpg 1536w, https:\/\/www.galerie-metzger.de\/wp-content\/uploads\/2018\/01\/beate-kuhn-musik-2013-25x33x14cm-galerie-metzger-gallery-collect-london-kunst-keramik-plastik-sculpture-2048x1365.jpg 2048w, https:\/\/www.galerie-metzger.de\/wp-content\/uploads\/2018\/01\/beate-kuhn-musik-2013-25x33x14cm-galerie-metzger-gallery-collect-london-kunst-keramik-plastik-sculpture-1500x1000.jpg 1500w, https:\/\/www.galerie-metzger.de\/wp-content\/uploads\/2018\/01\/beate-kuhn-musik-2013-25x33x14cm-galerie-metzger-gallery-collect-london-kunst-keramik-plastik-sculpture-705x470.jpg 705w, https:\/\/www.galerie-metzger.de\/wp-content\/uploads\/2018\/01\/beate-kuhn-musik-2013-25x33x14cm-galerie-metzger-gallery-collect-london-kunst-keramik-plastik-sculpture-400x267.jpg 400w, https:\/\/www.galerie-metzger.de\/wp-content\/uploads\/2018\/01\/beate-kuhn-musik-2013-25x33x14cm-galerie-metzger-gallery-collect-london-kunst-keramik-plastik-sculpture-768x512.jpg 768w, https:\/\/www.galerie-metzger.de\/wp-content\/uploads\/2018\/01\/beate-kuhn-musik-2013-25x33x14cm-galerie-metzger-gallery-collect-london-kunst-keramik-plastik-sculpture-1600x1067.jpg 1600w, https:\/\/www.galerie-metzger.de\/wp-content\/uploads\/2018\/01\/beate-kuhn-musik-2013-25x33x14cm-galerie-metzger-gallery-collect-london-kunst-keramik-plastik-sculpture-300x200.jpg 300w, https:\/\/www.galerie-metzger.de\/wp-content\/uploads\/2018\/01\/beate-kuhn-musik-2013-25x33x14cm-galerie-metzger-gallery-collect-london-kunst-keramik-plastik-sculpture-900x600.jpg 900w, https:\/\/www.galerie-metzger.de\/wp-content\/uploads\/2018\/01\/beate-kuhn-musik-2013-25x33x14cm-galerie-metzger-gallery-collect-london-kunst-keramik-plastik-sculpture-450x300.jpg 450w\" data-sizes=\"(max-width: 1030px) 100vw, 1030px\" class='avia_image' ><div class=\"av-image-caption-overlay\"><div class=\"av-caption-image-overlay-bg\"><\/div><div class=\"av-image-caption-overlay-position\"><div class=\"av-image-caption-overlay-center\"><p>Beate Kuhn \u2013 Musik \u2013\u00a02013, Foto Edi Baumann<\/p>\n<\/div><\/div><\/div><img decoding=\"async\" class='wp-image-3612 avia-img-lazy-loading-not-3612 avia_image ' src=\"https:\/\/www.galerie-metzger.de\/wp-content\/uploads\/2018\/01\/beate-kuhn-musik-2013-25x33x14cm-galerie-metzger-gallery-collect-london-kunst-keramik-plastik-sculpture-845x684.jpg\" alt='Beate Kuhn \u2013 untitled \u2013\u00a02013, 25x33x14cm \u2013 Galerie Metzger Gallery Kunst Keramik Plastik Art Ceramics Sculpture' title='Beate Kuhn \u2013 Musik \u2013\u00a02013, 25x33x14cm'  height=\"684\" width=\"845\" srcset=\"https:\/\/www.galerie-metzger.de\/wp-content\/uploads\/2018\/01\/beate-kuhn-musik-2013-25x33x14cm-galerie-metzger-gallery-collect-london-kunst-keramik-plastik-sculpture-845x684.jpg 845w, https:\/\/www.galerie-metzger.de\/wp-content\/uploads\/2018\/01\/beate-kuhn-musik-2013-25x33x14cm-galerie-metzger-gallery-collect-london-kunst-keramik-plastik-sculpture-495x400.jpg 495w\" sizes=\"(max-width: 845px) 100vw, 845px\" \/><\/a><\/div><\/div><\/div><br \/>\n<section  class='av_textblock_section av-z06e0p-e1b5d25b315141b02a1581b71ea84ba7' ><div class='avia_textblock jo_werk_anfrage' ><p><a class=\"anfrage\" href=\"mailto:info@galerie-metzger.de?subject=Beate%20Kuhn%20\u2013%20Musik%20\u2013%202013\">Anfrage zum Werk<\/a><\/p>\n<\/div><\/section><\/p><\/div><div class='av-flex-placeholder'><\/div>\n<style type=\"text\/css\" data-created_by=\"avia_inline_auto\" id=\"style-css-av-d0vt1l-b5f9a96b4ad1db93e06f8bade7f093c3\">\n.flex_column.av-d0vt1l-b5f9a96b4ad1db93e06f8bade7f093c3{\n-webkit-border-radius:0px 0px 0px 0px;\n-moz-border-radius:0px 0px 0px 0px;\nborder-radius:0px 0px 0px 0px;\n}\n<\/style>\n<div class='flex_column av-d0vt1l-b5f9a96b4ad1db93e06f8bade7f093c3 av_one_third  avia-builder-el-90  el_after_av_two_third  el_before_av_one_full  flex_column_table_cell av-equal-height-column av-align-top av-animated-generic fade-in av-zero-column-padding column-top-margin'     ><section  class='av_textblock_section av-a4vldl-dc26782d08930b19e03e6a8da700a37f' ><div class='avia_textblock' ><p><a href=\"http:\/\/www.galerie-metzger.de\/wp-content\/uploads\/2018\/01\/REDE-Dr-Held-zur-ausstellung-im-April-2008.pdf\" target=\"_blank\" rel=\"noopener\">Rede von Dr. Held zur Ausstellung von Beate Kuhn und Doris Kaiser im April 2008<\/a><\/p>\n<\/div><\/section><\/div><\/div><!--close column table wrapper. Autoclose: 1 --><div class='flex_column_table av-9uesk9-e0fb7471fb202ec016c2f4eec71006be sc-av_one_full av-equal-height-column-flextable'>\n<style type=\"text\/css\" data-created_by=\"avia_inline_auto\" id=\"style-css-av-9uesk9-e0fb7471fb202ec016c2f4eec71006be\">\n.flex_column.av-9uesk9-e0fb7471fb202ec016c2f4eec71006be{\n-webkit-border-radius:0px 0px 0px 0px;\n-moz-border-radius:0px 0px 0px 0px;\nborder-radius:0px 0px 0px 0px;\n}\n<\/style>\n<div class='flex_column av-9uesk9-e0fb7471fb202ec016c2f4eec71006be av_one_full  avia-builder-el-92  el_after_av_one_third  avia-builder-el-last  jo_col_empty first flex_column_table_cell av-equal-height-column av-align-top av-animated-generic fade-in av-zero-column-padding column-top-margin'     ><section  class='av_textblock_section av-74ux3d-3efd4d9108a0ab7fdbebc74505227e6c' ><div class='avia_textblock' ><p>invisible placeholder<\/p>\n<\/div><\/section><\/div><\/div><!--close column table wrapper. Autoclose: 1 --><\/div><\/div><\/main><!-- close content main element --><\/div><\/div><div id='sub_menu1'  class='av-submenu-container av-6a68kp-be201202b44ea8807ff4a168e7dfaa4b main_color  avia-builder-el-94  el_after_av_section  avia-builder-el-last  waypmenu submenu-not-first container_wrap fullsize' style='z-index:301' ><div class='container av-menu-mobile-disabled av-submenu-pos-center'><ul id=\"menu-hauptmenue-deutsch\" class=\"av-subnav-menu\"><li role=\"menuitem\" id=\"menu-item-2815\" class=\"mobile menu-item menu-item-type-post_type menu-item-object-page menu-item-top-level menu-item-top-level-1\"><a href=\"https:\/\/www.galerie-metzger.de\/de\/artists\/\" tabindex=\"0\"><span class=\"avia-bullet\"><\/span><span class=\"avia-menu-text\">K\u00fcnstler<\/span><span class=\"avia-menu-fx\"><span class=\"avia-arrow-wrap\"><span class=\"avia-arrow\"><\/span><\/span><\/span><\/a><\/li>\n<li role=\"menuitem\" id=\"menu-item-2818\" class=\"mobile menu-item menu-item-type-post_type menu-item-object-page menu-item-top-level menu-item-top-level-2\"><a href=\"https:\/\/www.galerie-metzger.de\/de\/expo\/\" tabindex=\"0\"><span class=\"avia-bullet\"><\/span><span class=\"avia-menu-text\">Ausstellungen<\/span><span class=\"avia-menu-fx\"><span class=\"avia-arrow-wrap\"><span class=\"avia-arrow\"><\/span><\/span><\/span><\/a><\/li>\n<li role=\"menuitem\" id=\"menu-item-2995\" class=\"topp main menu-item menu-item-type-post_type menu-item-object-page menu-item-has-children menu-item-top-level menu-item-top-level-3\"><a href=\"https:\/\/www.galerie-metzger.de\/de\/sales\/\" tabindex=\"0\"><span class=\"avia-bullet\"><\/span><span class=\"avia-menu-text\">Verkauf<\/span><span class=\"avia-menu-fx\"><span class=\"avia-arrow-wrap\"><span class=\"avia-arrow\"><\/span><\/span><\/span><\/a>\n\n\n<ul class=\"sub-menu\">\n\t<li role=\"menuitem\" id=\"menu-item-11628\" class=\"sub menu-item menu-item-type-post_type menu-item-object-post\"><a href=\"https:\/\/www.galerie-metzger.de\/de\/sales\/joerg-von-manz\/\" tabindex=\"0\"><span class=\"avia-bullet\"><\/span><span class=\"avia-menu-text\">J\u00f6rg von Manz<\/span><\/a><\/li>\n\t<li role=\"menuitem\" id=\"menu-item-11629\" class=\"sub menu-item menu-item-type-post_type menu-item-object-post\"><a href=\"https:\/\/www.galerie-metzger.de\/de\/sales\/sales-hermann-grueneberg\/\" tabindex=\"0\"><span class=\"avia-bullet\"><\/span><span class=\"avia-menu-text\">Hermann Gr\u00fcneberg<\/span><\/a><\/li>\n\t<li role=\"menuitem\" id=\"menu-item-11630\" class=\"sub menu-item menu-item-type-post_type menu-item-object-post\"><a href=\"https:\/\/www.galerie-metzger.de\/de\/sales\/sales-masamichi-yoshikawa\/\" tabindex=\"0\"><span class=\"avia-bullet\"><\/span><span class=\"avia-menu-text\">Masamichi Yoshikawa<\/span><\/a><\/li>\n\t<li role=\"menuitem\" id=\"menu-item-11634\" class=\"sub menu-item menu-item-type-post_type menu-item-object-post\"><a href=\"https:\/\/www.galerie-metzger.de\/de\/sales\/sales-klaus-lehmann\/\" tabindex=\"0\"><span class=\"avia-bullet\"><\/span><span class=\"avia-menu-text\">Klaus Lehmann<\/span><\/a><\/li>\n\t<li role=\"menuitem\" id=\"menu-item-11635\" class=\"sub menu-item menu-item-type-post_type menu-item-object-post\"><a href=\"https:\/\/www.galerie-metzger.de\/de\/sales\/sales-hans-fischer\/\" tabindex=\"0\"><span class=\"avia-bullet\"><\/span><span class=\"avia-menu-text\">Hans Fischer<\/span><\/a><\/li>\n\t<li role=\"menuitem\" id=\"menu-item-11632\" class=\"sub menu-item menu-item-type-post_type menu-item-object-post\"><a href=\"https:\/\/www.galerie-metzger.de\/de\/sales\/sales-beate-kuhn\/\" tabindex=\"0\"><span class=\"avia-bullet\"><\/span><span class=\"avia-menu-text\">Beate Kuhn<\/span><\/a><\/li>\n\t<li role=\"menuitem\" id=\"menu-item-11633\" class=\"sub menu-item menu-item-type-post_type menu-item-object-post\"><a href=\"https:\/\/www.galerie-metzger.de\/de\/sales\/sales-christoph-moeller\/\" tabindex=\"0\"><span class=\"avia-bullet\"><\/span><span class=\"avia-menu-text\">Christoph M\u00f6ller<\/span><\/a><\/li>\n\t<li role=\"menuitem\" id=\"menu-item-11631\" class=\"sub menu-item menu-item-type-post_type menu-item-object-post\"><a href=\"https:\/\/www.galerie-metzger.de\/de\/sales\/sales-xavier-toubes\/\" tabindex=\"0\"><span class=\"avia-bullet\"><\/span><span class=\"avia-menu-text\">Xavier Toubes<\/span><\/a><\/li>\n<\/ul>\n<\/li>\n<li role=\"menuitem\" id=\"menu-item-12309\" class=\"mobile menu-item menu-item-type-post_type menu-item-object-post menu-item-top-level menu-item-top-level-4\"><a href=\"https:\/\/www.galerie-metzger.de\/de\/studio-ceramics\/studiokeramik\/\" tabindex=\"0\"><span class=\"avia-bullet\"><\/span><span class=\"avia-menu-text\">Studiokeramik<\/span><span class=\"avia-menu-fx\"><span class=\"avia-arrow-wrap\"><span class=\"avia-arrow\"><\/span><\/span><\/span><\/a><\/li>\n<li role=\"menuitem\" id=\"menu-item-10694\" class=\"menu-item menu-item-type-post_type menu-item-object-page menu-item-top-level menu-item-top-level-5\"><a href=\"https:\/\/www.galerie-metzger.de\/de\/keramik-marken-stempel-signaturen\/\" tabindex=\"0\"><span class=\"avia-bullet\"><\/span><span class=\"avia-menu-text\">Signaturen<\/span><span class=\"avia-menu-fx\"><span class=\"avia-arrow-wrap\"><span class=\"avia-arrow\"><\/span><\/span><\/span><\/a><\/li>\n<li role=\"menuitem\" id=\"menu-item-3559\" class=\"mobile menu-item menu-item-type-post_type menu-item-object-page menu-item-top-level menu-item-top-level-6\"><a href=\"https:\/\/www.galerie-metzger.de\/de\/gallery\/\" tabindex=\"0\"><span class=\"avia-bullet\"><\/span><span class=\"avia-menu-text\">die Galerie<\/span><span class=\"avia-menu-fx\"><span class=\"avia-arrow-wrap\"><span class=\"avia-arrow\"><\/span><\/span><\/span><\/a><\/li>\n<li role=\"menuitem\" id=\"menu-item-2715\" class=\"mobile menu-item menu-item-type-post_type menu-item-object-page menu-item-top-level menu-item-top-level-7\"><a href=\"https:\/\/www.galerie-metzger.de\/de\/contact\/\" tabindex=\"0\"><span class=\"avia-bullet\"><\/span><span class=\"avia-menu-text\">Kontakt<\/span><span class=\"avia-menu-fx\"><span class=\"avia-arrow-wrap\"><span class=\"avia-arrow\"><\/span><\/span><\/span><\/a><\/li>\n<li role=\"menuitem\" id=\"menu-item-5932\" class=\"mobile menu-item menu-item-type-custom menu-item-object-custom menu-item-top-level menu-item-top-level-8\"><a href=\"https:\/\/www.galerie-metzger.de\/de\/contact\/#site-notice\" tabindex=\"0\"><span class=\"avia-bullet\"><\/span><span class=\"avia-menu-text\">Impressum<\/span><span class=\"avia-menu-fx\"><span class=\"avia-arrow-wrap\"><span class=\"avia-arrow\"><\/span><\/span><\/span><\/a><\/li>\n<li role=\"menuitem\" id=\"menu-item-5933\" class=\"mobile menu-item menu-item-type-custom menu-item-object-custom menu-item-top-level menu-item-top-level-9\"><a href=\"https:\/\/www.galerie-metzger.de\/de\/contact\/#data\" tabindex=\"0\"><span class=\"avia-bullet\"><\/span><span class=\"avia-menu-text\">Datenschutz<\/span><span class=\"avia-menu-fx\"><span class=\"avia-arrow-wrap\"><span class=\"avia-arrow\"><\/span><\/span><\/span><\/a><\/li>\n<li role=\"menuitem\" id=\"menu-item-2994\" class=\"mobile menu-item menu-item-type-post_type menu-item-object-page menu-item-top-level menu-item-top-level-10\"><a href=\"https:\/\/www.galerie-metzger.de\/de\/links\/\" tabindex=\"0\"><span class=\"avia-bullet\"><\/span><span class=\"avia-menu-text\">Links<\/span><span class=\"avia-menu-fx\"><span class=\"avia-arrow-wrap\"><span class=\"avia-arrow\"><\/span><\/span><\/span><\/a><\/li>\n<li role=\"menuitem\" id=\"menu-item-1070\" class=\"bottom nomob menu_inv menu-item menu-item-type-custom menu-item-object-custom menu-item-top-level menu-item-top-level-11\"><a href=\"#footer\" tabindex=\"0\"><span class=\"avia-bullet\"><\/span><span class=\"avia-menu-text\">+Info<\/span><span class=\"avia-menu-fx\"><span class=\"avia-arrow-wrap\"><span class=\"avia-arrow\"><\/span><\/span><\/span><\/a><\/li>\n<li role=\"menuitem\" id=\"menu-item-1807\" class=\"menu_inv mobile address menu-item menu-item-type-custom menu-item-object-custom menu-item-top-level menu-item-top-level-12\"><a href=\"#\" tabindex=\"0\"><span class=\"avia-bullet\"><\/span><span class=\"avia-menu-text\"><p class=\"mob_menu dist top\">GALERIE <span class=\"bold\">METZGER<\/span><\/p> <p class=\"mob_menu\">Angelika Metzger<\/p> <p class=\"mob_menu\">Hauptstr. 18<\/p> <p class=\"mob_menu\">63867 Johannesberg<\/p> <p class=\"mob_menu phone\"><a href=\"tel:00496021460224\">+49 (0)6021 460224<\/a><\/p> <p class=\"mob_menu mail\"><a href=\"mailto:info@galerie-metzger.de\">info@galerie-metzger.de<\/a><\/p><\/span><span class=\"avia-menu-fx\"><span class=\"avia-arrow-wrap\"><span class=\"avia-arrow\"><\/span><\/span><\/span><\/a><\/li>\n<li role=\"menuitem\" id=\"menu-item-wpml-ls-17-de\" class=\"menu-item-language menu-item-language-current menu-item wpml-ls-slot-17 wpml-ls-item wpml-ls-item-de wpml-ls-current-language wpml-ls-menu-item wpml-ls-first-item menu-item-type-wpml_ls_menu_item menu-item-object-wpml_ls_menu_item menu-item-top-level menu-item-top-level-13\"><a href=\"https:\/\/www.galerie-metzger.de\/de\/\" tabindex=\"0\"><span class=\"avia-bullet\"><\/span><span class=\"avia-menu-text\"><span class=\"wpml-ls-native\" lang=\"de\">Deutsch<\/span><\/span><span class=\"avia-menu-fx\"><span class=\"avia-arrow-wrap\"><span class=\"avia-arrow\"><\/span><\/span><\/span><\/a><\/li>\n<li role=\"menuitem\" id=\"menu-item-wpml-ls-17-en\" class=\"menu-item-language menu-item wpml-ls-slot-17 wpml-ls-item wpml-ls-item-en wpml-ls-menu-item wpml-ls-last-item menu-item-type-wpml_ls_menu_item menu-item-object-wpml_ls_menu_item menu-item-top-level menu-item-top-level-14\"><a title=\"Zu English wechseln\" href=\"https:\/\/www.galerie-metzger.de\/en\/\" tabindex=\"0\"><span class=\"avia-bullet\"><\/span><span class=\"avia-menu-text\"><span class=\"wpml-ls-native\" lang=\"en\">English<\/span><\/span><span class=\"avia-menu-fx\"><span class=\"avia-arrow-wrap\"><span class=\"avia-arrow\"><\/span><\/span><\/span><\/a><\/li>\n<\/ul><\/div><\/div><\/p>\n","protected":false},"excerpt":{"rendered":"<p>Keramik aus dem Geiste der Musik und der Natur.<\/p>\n","protected":false},"author":3,"featured_media":9346,"comment_status":"closed","ping_status":"closed","sticky":false,"template":"","format":"standard","meta":{"_lmt_disableupdate":"no","_lmt_disable":"","footnotes":""},"categories":[54],"tags":[],"class_list":["post-4265","post","type-post","status-publish","format-standard","has-post-thumbnail","hentry","category-sales"],"yoast_head":"<!-- This site is optimized with the Yoast SEO plugin v26.8 - https:\/\/yoast.com\/product\/yoast-seo-wordpress\/ -->\n<title>Beate Kuhn \u2013 Verkauf von Werken in der Galerie Metzger<\/title>\n<meta name=\"description\" content=\"Beate Kuhn \u2013\u00a0Verkauf von Werken der K\u00fcnstlerin in der Galerie Metzger \u2013\u00a0Beate Kuhn ist neben einer un\u00fcbersehbaren Zahl von privaten Sammlungen \u2013 in allen wichtigen Kunstgewerbemuseen Deutschlands und in vielen Museen weltweit vertreten \u2026\u00a0\" \/>\n<meta name=\"robots\" content=\"index, follow, max-snippet:-1, max-image-preview:large, max-video-preview:-1\" \/>\n<link rel=\"canonical\" href=\"https:\/\/www.galerie-metzger.de\/de\/sales\/sales-beate-kuhn\/\" \/>\n<meta property=\"og:locale\" content=\"de_DE\" \/>\n<meta property=\"og:type\" content=\"article\" \/>\n<meta property=\"og:title\" content=\"Beate Kuhn \u2013 Verkauf von Werken in der Galerie Metzger\" \/>\n<meta property=\"og:description\" content=\"Beate Kuhn \u2013\u00a0Verkauf von Werken der K\u00fcnstlerin in der Galerie Metzger \u2013\u00a0Beate Kuhn ist neben einer un\u00fcbersehbaren Zahl von privaten Sammlungen \u2013 in allen wichtigen Kunstgewerbemuseen Deutschlands und in vielen Museen weltweit vertreten \u2026\u00a0\" \/>\n<meta property=\"og:url\" content=\"https:\/\/www.galerie-metzger.de\/de\/sales\/sales-beate-kuhn\/\" \/>\n<meta property=\"og:site_name\" content=\"GALERIE METZGER\" \/>\n<meta property=\"article:published_time\" content=\"2018-01-20T18:35:29+00:00\" \/>\n<meta property=\"article:modified_time\" content=\"2023-07-23T17:14:34+00:00\" \/>\n<meta property=\"og:image\" content=\"https:\/\/www.galerie-metzger.de\/wp-content\/uploads\/2021\/04\/Beate-Kuhn-untitled-ca.-2014-275-x-22-x-16-cm-galerie-metzger-angandte-kunst-ceramic-art-object-gallery-deutsche-studiokeramik-2-1090x727.jpg\" \/>\n\t<meta property=\"og:image:width\" content=\"1090\" \/>\n\t<meta property=\"og:image:height\" content=\"727\" \/>\n\t<meta property=\"og:image:type\" content=\"image\/jpeg\" \/>\n<meta name=\"author\" content=\"Jochen Hilmer\" \/>\n<meta name=\"twitter:card\" content=\"summary_large_image\" \/>\n<meta name=\"twitter:label1\" content=\"Verfasst von\" \/>\n\t<meta name=\"twitter:data1\" content=\"Jochen Hilmer\" \/>\n\t<meta name=\"twitter:label2\" content=\"Gesch\u00e4tzte Lesezeit\" \/>\n\t<meta name=\"twitter:data2\" content=\"15\u00a0Minuten\" \/>\n<script type=\"application\/ld+json\" class=\"yoast-schema-graph\">{\"@context\":\"https:\/\/schema.org\",\"@graph\":[{\"@type\":\"Article\",\"@id\":\"https:\/\/www.galerie-metzger.de\/de\/sales\/sales-beate-kuhn\/#article\",\"isPartOf\":{\"@id\":\"https:\/\/www.galerie-metzger.de\/de\/sales\/sales-beate-kuhn\/\"},\"author\":{\"name\":\"Jochen Hilmer\",\"@id\":\"https:\/\/www.galerie-metzger.de\/de\/#\/schema\/person\/739b84f16bd18ee4644ff618a78ce452\"},\"headline\":\"Verkauf \u2013\u00a0Beate Kuhn\",\"datePublished\":\"2018-01-20T18:35:29+00:00\",\"dateModified\":\"2023-07-23T17:14:34+00:00\",\"mainEntityOfPage\":{\"@id\":\"https:\/\/www.galerie-metzger.de\/de\/sales\/sales-beate-kuhn\/\"},\"wordCount\":5325,\"publisher\":{\"@id\":\"https:\/\/www.galerie-metzger.de\/de\/#organization\"},\"image\":{\"@id\":\"https:\/\/www.galerie-metzger.de\/de\/sales\/sales-beate-kuhn\/#primaryimage\"},\"thumbnailUrl\":\"https:\/\/www.galerie-metzger.de\/wp-content\/uploads\/2021\/04\/Beate-Kuhn-untitled-ca.-2014-275-x-22-x-16-cm-galerie-metzger-angandte-kunst-ceramic-art-object-gallery-deutsche-studiokeramik-2-scaled.jpg\",\"articleSection\":[\"sales\"],\"inLanguage\":\"de\"},{\"@type\":\"WebPage\",\"@id\":\"https:\/\/www.galerie-metzger.de\/de\/sales\/sales-beate-kuhn\/\",\"url\":\"https:\/\/www.galerie-metzger.de\/de\/sales\/sales-beate-kuhn\/\",\"name\":\"Beate Kuhn \u2013 Verkauf von Werken in der Galerie Metzger\",\"isPartOf\":{\"@id\":\"https:\/\/www.galerie-metzger.de\/de\/#website\"},\"primaryImageOfPage\":{\"@id\":\"https:\/\/www.galerie-metzger.de\/de\/sales\/sales-beate-kuhn\/#primaryimage\"},\"image\":{\"@id\":\"https:\/\/www.galerie-metzger.de\/de\/sales\/sales-beate-kuhn\/#primaryimage\"},\"thumbnailUrl\":\"https:\/\/www.galerie-metzger.de\/wp-content\/uploads\/2021\/04\/Beate-Kuhn-untitled-ca.-2014-275-x-22-x-16-cm-galerie-metzger-angandte-kunst-ceramic-art-object-gallery-deutsche-studiokeramik-2-scaled.jpg\",\"datePublished\":\"2018-01-20T18:35:29+00:00\",\"dateModified\":\"2023-07-23T17:14:34+00:00\",\"description\":\"Beate Kuhn \u2013\u00a0Verkauf von Werken der K\u00fcnstlerin in der Galerie Metzger \u2013\u00a0Beate Kuhn ist neben einer un\u00fcbersehbaren Zahl von privaten Sammlungen \u2013 in allen wichtigen Kunstgewerbemuseen Deutschlands und in vielen Museen weltweit vertreten \u2026\u00a0\",\"breadcrumb\":{\"@id\":\"https:\/\/www.galerie-metzger.de\/de\/sales\/sales-beate-kuhn\/#breadcrumb\"},\"inLanguage\":\"de\",\"potentialAction\":[{\"@type\":\"ReadAction\",\"target\":[\"https:\/\/www.galerie-metzger.de\/de\/sales\/sales-beate-kuhn\/\"]}]},{\"@type\":\"ImageObject\",\"inLanguage\":\"de\",\"@id\":\"https:\/\/www.galerie-metzger.de\/de\/sales\/sales-beate-kuhn\/#primaryimage\",\"url\":\"https:\/\/www.galerie-metzger.de\/wp-content\/uploads\/2021\/04\/Beate-Kuhn-untitled-ca.-2014-275-x-22-x-16-cm-galerie-metzger-angandte-kunst-ceramic-art-object-gallery-deutsche-studiokeramik-2-scaled.jpg\",\"contentUrl\":\"https:\/\/www.galerie-metzger.de\/wp-content\/uploads\/2021\/04\/Beate-Kuhn-untitled-ca.-2014-275-x-22-x-16-cm-galerie-metzger-angandte-kunst-ceramic-art-object-gallery-deutsche-studiokeramik-2-scaled.jpg\",\"width\":2560,\"height\":1707,\"caption\":\"Beate Kuhn - untitled - ca. 2014, 27,5 x 22 x 16 cm galerie metzger angandte kunst ceramic art object gallery deutsche studiokeramik\"},{\"@type\":\"BreadcrumbList\",\"@id\":\"https:\/\/www.galerie-metzger.de\/de\/sales\/sales-beate-kuhn\/#breadcrumb\",\"itemListElement\":[{\"@type\":\"ListItem\",\"position\":1,\"name\":\"Startseite\",\"item\":\"https:\/\/www.galerie-metzger.de\/de\/start-20260213-de\/\"},{\"@type\":\"ListItem\",\"position\":2,\"name\":\"Verkauf \u2013\u00a0Beate Kuhn\"}]},{\"@type\":\"WebSite\",\"@id\":\"https:\/\/www.galerie-metzger.de\/de\/#website\",\"url\":\"https:\/\/www.galerie-metzger.de\/de\/\",\"name\":\"GALERIE METZGER\",\"description\":\"Keramik \u2013\u00a0Plastik \u2013\u00a0Kunst\",\"publisher\":{\"@id\":\"https:\/\/www.galerie-metzger.de\/de\/#organization\"},\"potentialAction\":[{\"@type\":\"SearchAction\",\"target\":{\"@type\":\"EntryPoint\",\"urlTemplate\":\"https:\/\/www.galerie-metzger.de\/de\/?s={search_term_string}\"},\"query-input\":{\"@type\":\"PropertyValueSpecification\",\"valueRequired\":true,\"valueName\":\"search_term_string\"}}],\"inLanguage\":\"de\"},{\"@type\":\"Organization\",\"@id\":\"https:\/\/www.galerie-metzger.de\/de\/#organization\",\"name\":\"GALERIE METZGER\",\"url\":\"https:\/\/www.galerie-metzger.de\/de\/\",\"logo\":{\"@type\":\"ImageObject\",\"inLanguage\":\"de\",\"@id\":\"https:\/\/www.galerie-metzger.de\/de\/#\/schema\/logo\/image\/\",\"url\":\"https:\/\/www.galerie-metzger.de\/wp-content\/uploads\/2018\/01\/galerie-metzger_logo_2018.png\",\"contentUrl\":\"https:\/\/www.galerie-metzger.de\/wp-content\/uploads\/2018\/01\/galerie-metzger_logo_2018.png\",\"width\":740,\"height\":340,\"caption\":\"GALERIE METZGER\"},\"image\":{\"@id\":\"https:\/\/www.galerie-metzger.de\/de\/#\/schema\/logo\/image\/\"}},{\"@type\":\"Person\",\"@id\":\"https:\/\/www.galerie-metzger.de\/de\/#\/schema\/person\/739b84f16bd18ee4644ff618a78ce452\",\"name\":\"Jochen Hilmer\",\"image\":{\"@type\":\"ImageObject\",\"inLanguage\":\"de\",\"@id\":\"https:\/\/www.galerie-metzger.de\/de\/#\/schema\/person\/image\/\",\"url\":\"https:\/\/secure.gravatar.com\/avatar\/ea765b289be44c807adb05f6b85400d488b8754d48419fddca400246400a0bc7?s=96&d=mm&r=g\",\"contentUrl\":\"https:\/\/secure.gravatar.com\/avatar\/ea765b289be44c807adb05f6b85400d488b8754d48419fddca400246400a0bc7?s=96&d=mm&r=g\",\"caption\":\"Jochen Hilmer\"}}]}<\/script>\n<!-- \/ Yoast SEO plugin. -->","yoast_head_json":{"title":"Beate Kuhn \u2013 Verkauf von Werken in der Galerie Metzger","description":"Beate Kuhn \u2013\u00a0Verkauf von Werken der K\u00fcnstlerin in der Galerie Metzger \u2013\u00a0Beate Kuhn ist neben einer un\u00fcbersehbaren Zahl von privaten Sammlungen \u2013 in allen wichtigen Kunstgewerbemuseen Deutschlands und in vielen Museen weltweit vertreten \u2026\u00a0","robots":{"index":"index","follow":"follow","max-snippet":"max-snippet:-1","max-image-preview":"max-image-preview:large","max-video-preview":"max-video-preview:-1"},"canonical":"https:\/\/www.galerie-metzger.de\/de\/sales\/sales-beate-kuhn\/","og_locale":"de_DE","og_type":"article","og_title":"Beate Kuhn \u2013 Verkauf von Werken in der Galerie Metzger","og_description":"Beate Kuhn \u2013\u00a0Verkauf von Werken der K\u00fcnstlerin in der Galerie Metzger \u2013\u00a0Beate Kuhn ist neben einer un\u00fcbersehbaren Zahl von privaten Sammlungen \u2013 in allen wichtigen Kunstgewerbemuseen Deutschlands und in vielen Museen weltweit vertreten \u2026\u00a0","og_url":"https:\/\/www.galerie-metzger.de\/de\/sales\/sales-beate-kuhn\/","og_site_name":"GALERIE METZGER","article_published_time":"2018-01-20T18:35:29+00:00","article_modified_time":"2023-07-23T17:14:34+00:00","og_image":[{"width":1090,"height":727,"url":"https:\/\/www.galerie-metzger.de\/wp-content\/uploads\/2021\/04\/Beate-Kuhn-untitled-ca.-2014-275-x-22-x-16-cm-galerie-metzger-angandte-kunst-ceramic-art-object-gallery-deutsche-studiokeramik-2-1090x727.jpg","type":"image\/jpeg"}],"author":"Jochen Hilmer","twitter_card":"summary_large_image","twitter_misc":{"Verfasst von":"Jochen Hilmer","Gesch\u00e4tzte Lesezeit":"15\u00a0Minuten"},"schema":{"@context":"https:\/\/schema.org","@graph":[{"@type":"Article","@id":"https:\/\/www.galerie-metzger.de\/de\/sales\/sales-beate-kuhn\/#article","isPartOf":{"@id":"https:\/\/www.galerie-metzger.de\/de\/sales\/sales-beate-kuhn\/"},"author":{"name":"Jochen Hilmer","@id":"https:\/\/www.galerie-metzger.de\/de\/#\/schema\/person\/739b84f16bd18ee4644ff618a78ce452"},"headline":"Verkauf \u2013\u00a0Beate Kuhn","datePublished":"2018-01-20T18:35:29+00:00","dateModified":"2023-07-23T17:14:34+00:00","mainEntityOfPage":{"@id":"https:\/\/www.galerie-metzger.de\/de\/sales\/sales-beate-kuhn\/"},"wordCount":5325,"publisher":{"@id":"https:\/\/www.galerie-metzger.de\/de\/#organization"},"image":{"@id":"https:\/\/www.galerie-metzger.de\/de\/sales\/sales-beate-kuhn\/#primaryimage"},"thumbnailUrl":"https:\/\/www.galerie-metzger.de\/wp-content\/uploads\/2021\/04\/Beate-Kuhn-untitled-ca.-2014-275-x-22-x-16-cm-galerie-metzger-angandte-kunst-ceramic-art-object-gallery-deutsche-studiokeramik-2-scaled.jpg","articleSection":["sales"],"inLanguage":"de"},{"@type":"WebPage","@id":"https:\/\/www.galerie-metzger.de\/de\/sales\/sales-beate-kuhn\/","url":"https:\/\/www.galerie-metzger.de\/de\/sales\/sales-beate-kuhn\/","name":"Beate Kuhn \u2013 Verkauf von Werken in der Galerie Metzger","isPartOf":{"@id":"https:\/\/www.galerie-metzger.de\/de\/#website"},"primaryImageOfPage":{"@id":"https:\/\/www.galerie-metzger.de\/de\/sales\/sales-beate-kuhn\/#primaryimage"},"image":{"@id":"https:\/\/www.galerie-metzger.de\/de\/sales\/sales-beate-kuhn\/#primaryimage"},"thumbnailUrl":"https:\/\/www.galerie-metzger.de\/wp-content\/uploads\/2021\/04\/Beate-Kuhn-untitled-ca.-2014-275-x-22-x-16-cm-galerie-metzger-angandte-kunst-ceramic-art-object-gallery-deutsche-studiokeramik-2-scaled.jpg","datePublished":"2018-01-20T18:35:29+00:00","dateModified":"2023-07-23T17:14:34+00:00","description":"Beate Kuhn \u2013\u00a0Verkauf von Werken der K\u00fcnstlerin in der Galerie Metzger \u2013\u00a0Beate Kuhn ist neben einer un\u00fcbersehbaren Zahl von privaten Sammlungen \u2013 in allen wichtigen Kunstgewerbemuseen Deutschlands und in vielen Museen weltweit vertreten \u2026\u00a0","breadcrumb":{"@id":"https:\/\/www.galerie-metzger.de\/de\/sales\/sales-beate-kuhn\/#breadcrumb"},"inLanguage":"de","potentialAction":[{"@type":"ReadAction","target":["https:\/\/www.galerie-metzger.de\/de\/sales\/sales-beate-kuhn\/"]}]},{"@type":"ImageObject","inLanguage":"de","@id":"https:\/\/www.galerie-metzger.de\/de\/sales\/sales-beate-kuhn\/#primaryimage","url":"https:\/\/www.galerie-metzger.de\/wp-content\/uploads\/2021\/04\/Beate-Kuhn-untitled-ca.-2014-275-x-22-x-16-cm-galerie-metzger-angandte-kunst-ceramic-art-object-gallery-deutsche-studiokeramik-2-scaled.jpg","contentUrl":"https:\/\/www.galerie-metzger.de\/wp-content\/uploads\/2021\/04\/Beate-Kuhn-untitled-ca.-2014-275-x-22-x-16-cm-galerie-metzger-angandte-kunst-ceramic-art-object-gallery-deutsche-studiokeramik-2-scaled.jpg","width":2560,"height":1707,"caption":"Beate Kuhn - untitled - ca. 2014, 27,5 x 22 x 16 cm galerie metzger angandte kunst ceramic art object gallery deutsche studiokeramik"},{"@type":"BreadcrumbList","@id":"https:\/\/www.galerie-metzger.de\/de\/sales\/sales-beate-kuhn\/#breadcrumb","itemListElement":[{"@type":"ListItem","position":1,"name":"Startseite","item":"https:\/\/www.galerie-metzger.de\/de\/start-20260213-de\/"},{"@type":"ListItem","position":2,"name":"Verkauf \u2013\u00a0Beate Kuhn"}]},{"@type":"WebSite","@id":"https:\/\/www.galerie-metzger.de\/de\/#website","url":"https:\/\/www.galerie-metzger.de\/de\/","name":"GALERIE METZGER","description":"Keramik \u2013\u00a0Plastik \u2013\u00a0Kunst","publisher":{"@id":"https:\/\/www.galerie-metzger.de\/de\/#organization"},"potentialAction":[{"@type":"SearchAction","target":{"@type":"EntryPoint","urlTemplate":"https:\/\/www.galerie-metzger.de\/de\/?s={search_term_string}"},"query-input":{"@type":"PropertyValueSpecification","valueRequired":true,"valueName":"search_term_string"}}],"inLanguage":"de"},{"@type":"Organization","@id":"https:\/\/www.galerie-metzger.de\/de\/#organization","name":"GALERIE METZGER","url":"https:\/\/www.galerie-metzger.de\/de\/","logo":{"@type":"ImageObject","inLanguage":"de","@id":"https:\/\/www.galerie-metzger.de\/de\/#\/schema\/logo\/image\/","url":"https:\/\/www.galerie-metzger.de\/wp-content\/uploads\/2018\/01\/galerie-metzger_logo_2018.png","contentUrl":"https:\/\/www.galerie-metzger.de\/wp-content\/uploads\/2018\/01\/galerie-metzger_logo_2018.png","width":740,"height":340,"caption":"GALERIE METZGER"},"image":{"@id":"https:\/\/www.galerie-metzger.de\/de\/#\/schema\/logo\/image\/"}},{"@type":"Person","@id":"https:\/\/www.galerie-metzger.de\/de\/#\/schema\/person\/739b84f16bd18ee4644ff618a78ce452","name":"Jochen Hilmer","image":{"@type":"ImageObject","inLanguage":"de","@id":"https:\/\/www.galerie-metzger.de\/de\/#\/schema\/person\/image\/","url":"https:\/\/secure.gravatar.com\/avatar\/ea765b289be44c807adb05f6b85400d488b8754d48419fddca400246400a0bc7?s=96&d=mm&r=g","contentUrl":"https:\/\/secure.gravatar.com\/avatar\/ea765b289be44c807adb05f6b85400d488b8754d48419fddca400246400a0bc7?s=96&d=mm&r=g","caption":"Jochen Hilmer"}}]}},"modified_by":"Jochen Hilmer","_links":{"self":[{"href":"https:\/\/www.galerie-metzger.de\/de\/wp-json\/wp\/v2\/posts\/4265","targetHints":{"allow":["GET"]}}],"collection":[{"href":"https:\/\/www.galerie-metzger.de\/de\/wp-json\/wp\/v2\/posts"}],"about":[{"href":"https:\/\/www.galerie-metzger.de\/de\/wp-json\/wp\/v2\/types\/post"}],"author":[{"embeddable":true,"href":"https:\/\/www.galerie-metzger.de\/de\/wp-json\/wp\/v2\/users\/3"}],"replies":[{"embeddable":true,"href":"https:\/\/www.galerie-metzger.de\/de\/wp-json\/wp\/v2\/comments?post=4265"}],"version-history":[{"count":0,"href":"https:\/\/www.galerie-metzger.de\/de\/wp-json\/wp\/v2\/posts\/4265\/revisions"}],"wp:featuredmedia":[{"embeddable":true,"href":"https:\/\/www.galerie-metzger.de\/de\/wp-json\/wp\/v2\/media\/9346"}],"wp:attachment":[{"href":"https:\/\/www.galerie-metzger.de\/de\/wp-json\/wp\/v2\/media?parent=4265"}],"wp:term":[{"taxonomy":"category","embeddable":true,"href":"https:\/\/www.galerie-metzger.de\/de\/wp-json\/wp\/v2\/categories?post=4265"},{"taxonomy":"post_tag","embeddable":true,"href":"https:\/\/www.galerie-metzger.de\/de\/wp-json\/wp\/v2\/tags?post=4265"}],"curies":[{"name":"wp","href":"https:\/\/api.w.org\/{rel}","templated":true}]}}