{"id":3768,"date":"2018-01-11T19:31:12","date_gmt":"2018-01-11T18:31:12","guid":{"rendered":"http:\/\/www.galerie-metzger.de\/_wpgm\/index.php\/expo-now\/expo-xavier-toubes-copy\/"},"modified":"2018-06-21T17:27:08","modified_gmt":"2018-06-21T15:27:08","slug":"2018-mitesser-gesucht","status":"publish","type":"post","link":"https:\/\/www.galerie-metzger.de\/de\/expo\/2018-mitesser-gesucht\/","title":{"rendered":"Mitesser gesucht 2018"},"content":{"rendered":"<div id='topp'  class='avia-section av-av_section-0b933519e6bebca09d26a36c5c7f8c22 main_color avia-section-no-padding avia-no-border-styling  avia-builder-el-0  el_before_av_submenu  avia-builder-el-first  avia-bg-style-scroll container_wrap fullsize'  ><div class='container av-section-cont-open' ><main  class='template-page content  av-content-full alpha units'><div class='post-entry post-entry-type-page post-entry-3768'><div class='entry-content-wrapper clearfix'>\n\n<style type=\"text\/css\" data-created_by=\"avia_inline_auto\" id=\"style-css-av-av_one_full-9a6e6af0d17e525cf5301defaf4317f9\">\n.flex_column.av-av_one_full-9a6e6af0d17e525cf5301defaf4317f9{\n-webkit-border-radius:0px 0px 0px 0px;\n-moz-border-radius:0px 0px 0px 0px;\nborder-radius:0px 0px 0px 0px;\n}\n<\/style>\n<div class='flex_column av-av_one_full-9a6e6af0d17e525cf5301defaf4317f9 av_one_full  avia-builder-el-1  el_before_av_one_full  avia-builder-el-first  jo_col_page_title first no_margin flex_column_div av-animated-generic fade-in av-zero-column-padding '     ><style type=\"text\/css\" data-created_by=\"avia_inline_auto\" id=\"style-css-av-av_heading-7081f5617c8f91b648792140e192ca2a\">\n#top .av-special-heading.av-av_heading-7081f5617c8f91b648792140e192ca2a{\npadding-bottom:0px;\n}\nbody .av-special-heading.av-av_heading-7081f5617c8f91b648792140e192ca2a .av-special-heading-tag .heading-char{\nfont-size:25px;\n}\n.av-special-heading.av-av_heading-7081f5617c8f91b648792140e192ca2a .av-subheading{\nfont-size:15px;\n}\n<\/style>\n<div  class='av-special-heading av-av_heading-7081f5617c8f91b648792140e192ca2a av-special-heading-h2 blockquote modern-quote  avia-builder-el-2  avia-builder-el-no-sibling  jo_special_heading portfo one'><h2 class='av-special-heading-tag'  >Mitesser gesucht<\/h2><div class=\"special-heading-border\"><div class=\"special-heading-inner-border\"><\/div><\/div><\/div><\/div>\n<style type=\"text\/css\" data-created_by=\"avia_inline_auto\" id=\"style-css-av-av_one_full-2b82b6cf20a02dc04dbd7fd3d1fdd3a4\">\n.flex_column.av-av_one_full-2b82b6cf20a02dc04dbd7fd3d1fdd3a4{\n-webkit-border-radius:0px 0px 0px 0px;\n-moz-border-radius:0px 0px 0px 0px;\nborder-radius:0px 0px 0px 0px;\n}\n<\/style>\n<div class='flex_column av-av_one_full-2b82b6cf20a02dc04dbd7fd3d1fdd3a4 av_one_full  avia-builder-el-3  el_after_av_one_full  el_before_av_one_full  jo_pf_bild_bg start first flex_column_div av-animated-generic fade-in av-zero-column-padding column-top-margin'     ><style type=\"text\/css\" data-created_by=\"avia_inline_auto\" id=\"style-css-av-av_image-d15672f7bc9e0c79df94feb4aa7198b3\">\n.avia-image-container.av-av_image-d15672f7bc9e0c79df94feb4aa7198b3 img.avia_image{\nbox-shadow:none;\n}\n.avia-image-container.av-av_image-d15672f7bc9e0c79df94feb4aa7198b3 .av-caption-image-overlay-bg{\nopacity:0.4;\n}\n<\/style>\n<div  class='avia-image-container av-av_image-d15672f7bc9e0c79df94feb4aa7198b3 av-styling-no-styling avia_animated_image av-animated-when-visible-95 fade-in avia-align-left  avia-builder-el-4  avia-builder-el-no-sibling  jo_pf_bild border noHover av-overlay-hover-deactivate'  ><div class=\"avia-image-container-inner\"><div class=\"avia-image-overlay-wrap\"><a href=\"https:\/\/www.galerie-metzger.de\/wp-content\/uploads\/2018\/01\/Hans-Fischer-Zeichnung-Galerie-Metzger-Gallery-Art-Ceramic-Sculptur-Kunst-Plastik-Keramik-1090x727.jpg\" data-srcset=\"https:\/\/www.galerie-metzger.de\/wp-content\/uploads\/2018\/01\/Hans-Fischer-Zeichnung-Galerie-Metzger-Gallery-Art-Ceramic-Sculptur-Kunst-Plastik-Keramik-1090x727.jpg 1090w, https:\/\/www.galerie-metzger.de\/wp-content\/uploads\/2018\/01\/Hans-Fischer-Zeichnung-Galerie-Metzger-Gallery-Art-Ceramic-Sculptur-Kunst-Plastik-Keramik-690x460.jpg 690w, https:\/\/www.galerie-metzger.de\/wp-content\/uploads\/2018\/01\/Hans-Fischer-Zeichnung-Galerie-Metzger-Gallery-Art-Ceramic-Sculptur-Kunst-Plastik-Keramik-768x512.jpg 768w, https:\/\/www.galerie-metzger.de\/wp-content\/uploads\/2018\/01\/Hans-Fischer-Zeichnung-Galerie-Metzger-Gallery-Art-Ceramic-Sculptur-Kunst-Plastik-Keramik-1536x1024.jpg 1536w, https:\/\/www.galerie-metzger.de\/wp-content\/uploads\/2018\/01\/Hans-Fischer-Zeichnung-Galerie-Metzger-Gallery-Art-Ceramic-Sculptur-Kunst-Plastik-Keramik-2048x1365.jpg 2048w, https:\/\/www.galerie-metzger.de\/wp-content\/uploads\/2018\/01\/Hans-Fischer-Zeichnung-Galerie-Metzger-Gallery-Art-Ceramic-Sculptur-Kunst-Plastik-Keramik-1500x1000.jpg 1500w, https:\/\/www.galerie-metzger.de\/wp-content\/uploads\/2018\/01\/Hans-Fischer-Zeichnung-Galerie-Metzger-Gallery-Art-Ceramic-Sculptur-Kunst-Plastik-Keramik-705x470.jpg 705w, https:\/\/www.galerie-metzger.de\/wp-content\/uploads\/2018\/01\/Hans-Fischer-Zeichnung-Galerie-Metzger-Gallery-Art-Ceramic-Sculptur-Kunst-Plastik-Keramik-400x267.jpg 400w, https:\/\/www.galerie-metzger.de\/wp-content\/uploads\/2018\/01\/Hans-Fischer-Zeichnung-Galerie-Metzger-Gallery-Art-Ceramic-Sculptur-Kunst-Plastik-Keramik-1600x1067.jpg 1600w, https:\/\/www.galerie-metzger.de\/wp-content\/uploads\/2018\/01\/Hans-Fischer-Zeichnung-Galerie-Metzger-Gallery-Art-Ceramic-Sculptur-Kunst-Plastik-Keramik-300x200.jpg 300w, https:\/\/www.galerie-metzger.de\/wp-content\/uploads\/2018\/01\/Hans-Fischer-Zeichnung-Galerie-Metzger-Gallery-Art-Ceramic-Sculptur-Kunst-Plastik-Keramik-900x600.jpg 900w, https:\/\/www.galerie-metzger.de\/wp-content\/uploads\/2018\/01\/Hans-Fischer-Zeichnung-Galerie-Metzger-Gallery-Art-Ceramic-Sculptur-Kunst-Plastik-Keramik-450x300.jpg 450w\" data-sizes=\"(max-width: 1030px) 100vw, 1030px\" class='avia_image' ><div class=\"av-image-caption-overlay\"><div class=\"av-caption-image-overlay-bg\"><\/div><div class=\"av-image-caption-overlay-position\"><div class=\"av-image-caption-overlay-center\"><p>Hans Fischer \u2013\u00a0Zeichnung<\/p>\n<\/div><\/div><\/div><img decoding=\"async\" class='wp-image-3624 avia-img-lazy-loading-not-3624 avia_image ' src=\"https:\/\/www.galerie-metzger.de\/wp-content\/uploads\/2018\/01\/Hans-Fischer-Zeichnung-Galerie-Metzger-Gallery-Art-Ceramic-Sculptur-Kunst-Plastik-Keramik-1090x727.jpg\" alt='Hans Fischer \u2013\u00a0Zeichnung \u2013\u00a0Galerie Metzger Gallery Art Ceramic Sculptur Kunst Plastik Keramik' title='Hans Fischer \u2013\u00a0Zeichnung'  height=\"687\" width=\"1030\" srcset=\"https:\/\/www.galerie-metzger.de\/wp-content\/uploads\/2018\/01\/Hans-Fischer-Zeichnung-Galerie-Metzger-Gallery-Art-Ceramic-Sculptur-Kunst-Plastik-Keramik-1090x727.jpg 1090w, https:\/\/www.galerie-metzger.de\/wp-content\/uploads\/2018\/01\/Hans-Fischer-Zeichnung-Galerie-Metzger-Gallery-Art-Ceramic-Sculptur-Kunst-Plastik-Keramik-690x460.jpg 690w, https:\/\/www.galerie-metzger.de\/wp-content\/uploads\/2018\/01\/Hans-Fischer-Zeichnung-Galerie-Metzger-Gallery-Art-Ceramic-Sculptur-Kunst-Plastik-Keramik-768x512.jpg 768w, https:\/\/www.galerie-metzger.de\/wp-content\/uploads\/2018\/01\/Hans-Fischer-Zeichnung-Galerie-Metzger-Gallery-Art-Ceramic-Sculptur-Kunst-Plastik-Keramik-1536x1024.jpg 1536w, https:\/\/www.galerie-metzger.de\/wp-content\/uploads\/2018\/01\/Hans-Fischer-Zeichnung-Galerie-Metzger-Gallery-Art-Ceramic-Sculptur-Kunst-Plastik-Keramik-2048x1365.jpg 2048w, https:\/\/www.galerie-metzger.de\/wp-content\/uploads\/2018\/01\/Hans-Fischer-Zeichnung-Galerie-Metzger-Gallery-Art-Ceramic-Sculptur-Kunst-Plastik-Keramik-1500x1000.jpg 1500w, https:\/\/www.galerie-metzger.de\/wp-content\/uploads\/2018\/01\/Hans-Fischer-Zeichnung-Galerie-Metzger-Gallery-Art-Ceramic-Sculptur-Kunst-Plastik-Keramik-705x470.jpg 705w, https:\/\/www.galerie-metzger.de\/wp-content\/uploads\/2018\/01\/Hans-Fischer-Zeichnung-Galerie-Metzger-Gallery-Art-Ceramic-Sculptur-Kunst-Plastik-Keramik-400x267.jpg 400w, https:\/\/www.galerie-metzger.de\/wp-content\/uploads\/2018\/01\/Hans-Fischer-Zeichnung-Galerie-Metzger-Gallery-Art-Ceramic-Sculptur-Kunst-Plastik-Keramik-1600x1067.jpg 1600w, https:\/\/www.galerie-metzger.de\/wp-content\/uploads\/2018\/01\/Hans-Fischer-Zeichnung-Galerie-Metzger-Gallery-Art-Ceramic-Sculptur-Kunst-Plastik-Keramik-300x200.jpg 300w, https:\/\/www.galerie-metzger.de\/wp-content\/uploads\/2018\/01\/Hans-Fischer-Zeichnung-Galerie-Metzger-Gallery-Art-Ceramic-Sculptur-Kunst-Plastik-Keramik-900x600.jpg 900w, https:\/\/www.galerie-metzger.de\/wp-content\/uploads\/2018\/01\/Hans-Fischer-Zeichnung-Galerie-Metzger-Gallery-Art-Ceramic-Sculptur-Kunst-Plastik-Keramik-450x300.jpg 450w\" sizes=\"(max-width: 1030px) 100vw, 1030px\" \/><\/a><\/div><\/div><\/div><\/div>\n<style type=\"text\/css\" data-created_by=\"avia_inline_auto\" id=\"style-css-av-av_one_full-5fcb38d82373bff2e77d98e542a98739\">\n.flex_column.av-av_one_full-5fcb38d82373bff2e77d98e542a98739{\n-webkit-border-radius:0px 0px 0px 0px;\n-moz-border-radius:0px 0px 0px 0px;\nborder-radius:0px 0px 0px 0px;\n}\n<\/style>\n<div class='flex_column av-av_one_full-5fcb38d82373bff2e77d98e542a98739 av_one_full  avia-builder-el-5  el_after_av_one_full  el_before_av_one_half  jo_col_head first no_margin flex_column_div av-animated-generic fade-in av-zero-column-padding column-top-margin'     ><p><section  class='av_textblock_section av-av_textblock-500d8cf82da8812e2ff62ea41c4ced7b' ><div class='avia_textblock event_date' ><p>18.03.2018 \u2013 08.04.2018<\/p>\n<\/div><\/section><br \/>\n\n<style type=\"text\/css\" data-created_by=\"avia_inline_auto\" id=\"style-css-av-av_heading-d897aa6bd02005e22d80a29653bbc6de\">\n#top .av-special-heading.av-av_heading-d897aa6bd02005e22d80a29653bbc6de{\npadding-bottom:0px;\n}\nbody .av-special-heading.av-av_heading-d897aa6bd02005e22d80a29653bbc6de .av-special-heading-tag .heading-char{\nfont-size:25px;\n}\n.av-special-heading.av-av_heading-d897aa6bd02005e22d80a29653bbc6de .av-subheading{\nfont-size:15px;\n}\n<\/style>\n<div  class='av-special-heading av-av_heading-d897aa6bd02005e22d80a29653bbc6de av-special-heading-h1 blockquote modern-quote  avia-builder-el-7  el_after_av_textblock  avia-builder-el-last  jo_special_heading portfo two'><h1 class='av-special-heading-tag'  >Mitesser gesucht<\/h1><div class='av-subheading av-subheading_below'><p>Kerstin Abraham<br \/>\nMargaret Curtis<br \/>\nHans Fischer<br \/>\nJean Nicolas G\u00e9rard<br \/>\nHermann Gr\u00fcneberg<br \/>\nKati J\u00fcnger<br \/>\nNina Lund<br \/>\nIris Sch\u00f6ne<br \/>\nMedi Zimmermann<\/p>\n<\/div><div class=\"special-heading-border\"><div class=\"special-heading-inner-border\"><\/div><\/div><\/div><\/p><\/div><div class='flex_column_table av-av_one_half-081f2d25e9e807acef4963eb4e3a9b0e sc-av_one_half av-equal-height-column-flextable'>\n<style type=\"text\/css\" data-created_by=\"avia_inline_auto\" id=\"style-css-av-av_one_half-081f2d25e9e807acef4963eb4e3a9b0e\">\n.flex_column.av-av_one_half-081f2d25e9e807acef4963eb4e3a9b0e{\n-webkit-border-radius:0px 0px 0px 0px;\n-moz-border-radius:0px 0px 0px 0px;\nborder-radius:0px 0px 0px 0px;\n}\n<\/style>\n<div class='flex_column av-av_one_half-081f2d25e9e807acef4963eb4e3a9b0e av_one_half  avia-builder-el-8  el_after_av_one_full  el_before_av_one_half  first flex_column_table_cell av-equal-height-column av-align-top av-animated-generic fade-in av-zero-column-padding column-top-margin'     ><section  class='av_textblock_section av-av_textblock-283972ea15f2e73870c23e2d6de3245d' ><div class='avia_textblock' ><p>Er\u00f6ffnung: am Sonntag, dem 18. 03. 2018 um 11 Uhr mit den K\u00fcnstlerInnen<\/p>\n<p>Performance von Michael Kalmbach, Seyko Itoh: Miko&amp;Seels Tischmanieren<\/p>\n<\/div><\/section><\/div><div class='av-flex-placeholder'><\/div>\n<style type=\"text\/css\" data-created_by=\"avia_inline_auto\" id=\"style-css-av-av_one_half-6b9a0098281ac79e1809296ee7f22ca2\">\n.flex_column.av-av_one_half-6b9a0098281ac79e1809296ee7f22ca2{\n-webkit-border-radius:0px 0px 0px 0px;\n-moz-border-radius:0px 0px 0px 0px;\nborder-radius:0px 0px 0px 0px;\n}\n<\/style>\n<div class='flex_column av-av_one_half-6b9a0098281ac79e1809296ee7f22ca2 av_one_half  avia-builder-el-10  el_after_av_one_half  el_before_av_one_full  jo_pf_bild_bg flex_column_table_cell av-equal-height-column av-align-top av-animated-generic fade-in av-zero-column-padding column-top-margin'     ><style type=\"text\/css\" data-created_by=\"avia_inline_auto\" id=\"style-css-av-av_image-9a5185144a2087483600e3e3d472224e\">\n.avia-image-container.av-av_image-9a5185144a2087483600e3e3d472224e img.avia_image{\nbox-shadow:none;\n}\n.avia-image-container.av-av_image-9a5185144a2087483600e3e3d472224e .av-caption-image-overlay-bg{\nopacity:0.4;\n}\n<\/style>\n<div  class='avia-image-container av-av_image-9a5185144a2087483600e3e3d472224e av-styling-no-styling avia_animated_image av-animated-when-visible-95 fade-in avia-align-left  avia-builder-el-11  avia-builder-el-no-sibling  jo_pf_bild noHover av-overlay-hover-deactivate'  ><div class=\"avia-image-container-inner\"><div class=\"avia-image-overlay-wrap\"><a href=\"https:\/\/www.galerie-metzger.de\/wp-content\/uploads\/2018\/01\/MikoSeels-Tischmanieren-Performance-Galerie-Metzger-Gallery-Aschaffenburg-Art-Ceramic-Sculptur-Kunst-Plastik-Keramik-727x1090.jpg\" data-srcset=\"https:\/\/www.galerie-metzger.de\/wp-content\/uploads\/2018\/01\/MikoSeels-Tischmanieren-Performance-Galerie-Metzger-Gallery-Aschaffenburg-Art-Ceramic-Sculptur-Kunst-Plastik-Keramik-727x1090.jpg 727w, https:\/\/www.galerie-metzger.de\/wp-content\/uploads\/2018\/01\/MikoSeels-Tischmanieren-Performance-Galerie-Metzger-Gallery-Aschaffenburg-Art-Ceramic-Sculptur-Kunst-Plastik-Keramik-690x1035.jpg 690w, https:\/\/www.galerie-metzger.de\/wp-content\/uploads\/2018\/01\/MikoSeels-Tischmanieren-Performance-Galerie-Metzger-Gallery-Aschaffenburg-Art-Ceramic-Sculptur-Kunst-Plastik-Keramik-1024x1536.jpg 1024w, https:\/\/www.galerie-metzger.de\/wp-content\/uploads\/2018\/01\/MikoSeels-Tischmanieren-Performance-Galerie-Metzger-Gallery-Aschaffenburg-Art-Ceramic-Sculptur-Kunst-Plastik-Keramik-1365x2048.jpg 1365w, https:\/\/www.galerie-metzger.de\/wp-content\/uploads\/2018\/01\/MikoSeels-Tischmanieren-Performance-Galerie-Metzger-Gallery-Aschaffenburg-Art-Ceramic-Sculptur-Kunst-Plastik-Keramik-1000x1500.jpg 1000w, https:\/\/www.galerie-metzger.de\/wp-content\/uploads\/2018\/01\/MikoSeels-Tischmanieren-Performance-Galerie-Metzger-Gallery-Aschaffenburg-Art-Ceramic-Sculptur-Kunst-Plastik-Keramik-470x705.jpg 470w, https:\/\/www.galerie-metzger.de\/wp-content\/uploads\/2018\/01\/MikoSeels-Tischmanieren-Performance-Galerie-Metzger-Gallery-Aschaffenburg-Art-Ceramic-Sculptur-Kunst-Plastik-Keramik-267x400.jpg 267w, https:\/\/www.galerie-metzger.de\/wp-content\/uploads\/2018\/01\/MikoSeels-Tischmanieren-Performance-Galerie-Metzger-Gallery-Aschaffenburg-Art-Ceramic-Sculptur-Kunst-Plastik-Keramik-768x1152.jpg 768w, https:\/\/www.galerie-metzger.de\/wp-content\/uploads\/2018\/01\/MikoSeels-Tischmanieren-Performance-Galerie-Metzger-Gallery-Aschaffenburg-Art-Ceramic-Sculptur-Kunst-Plastik-Keramik-1067x1600.jpg 1067w, https:\/\/www.galerie-metzger.de\/wp-content\/uploads\/2018\/01\/MikoSeels-Tischmanieren-Performance-Galerie-Metzger-Gallery-Aschaffenburg-Art-Ceramic-Sculptur-Kunst-Plastik-Keramik-450x675.jpg 450w, https:\/\/www.galerie-metzger.de\/wp-content\/uploads\/2018\/01\/MikoSeels-Tischmanieren-Performance-Galerie-Metzger-Gallery-Aschaffenburg-Art-Ceramic-Sculptur-Kunst-Plastik-Keramik-scaled.jpg 1707w\" data-sizes=\"(max-width: 687px) 100vw, 687px\" class='avia_image' ><div class=\"av-image-caption-overlay\"><div class=\"av-caption-image-overlay-bg\"><\/div><div class=\"av-image-caption-overlay-position\"><div class=\"av-image-caption-overlay-center\"><p>Miko&amp;Seels<\/p>\n<\/div><\/div><\/div><img decoding=\"async\" class='wp-image-3625 avia-img-lazy-loading-not-3625 avia_image ' src=\"https:\/\/www.galerie-metzger.de\/wp-content\/uploads\/2018\/01\/MikoSeels-Tischmanieren-Performance-Galerie-Metzger-Gallery-Aschaffenburg-Art-Ceramic-Sculptur-Kunst-Plastik-Keramik-727x1090.jpg\" alt='Miko&amp;Seels \u2013\u00a0Tischmanieren Performance \u2013\u00a0Galerie Metzger Gallery Aschaffenburg Art Ceramic Sculptur Kunst Plastik Keramik' title='Miko&amp;Seels \u2013\u00a0Tischmanieren Performance'  height=\"1030\" width=\"687\" srcset=\"https:\/\/www.galerie-metzger.de\/wp-content\/uploads\/2018\/01\/MikoSeels-Tischmanieren-Performance-Galerie-Metzger-Gallery-Aschaffenburg-Art-Ceramic-Sculptur-Kunst-Plastik-Keramik-727x1090.jpg 727w, https:\/\/www.galerie-metzger.de\/wp-content\/uploads\/2018\/01\/MikoSeels-Tischmanieren-Performance-Galerie-Metzger-Gallery-Aschaffenburg-Art-Ceramic-Sculptur-Kunst-Plastik-Keramik-690x1035.jpg 690w, https:\/\/www.galerie-metzger.de\/wp-content\/uploads\/2018\/01\/MikoSeels-Tischmanieren-Performance-Galerie-Metzger-Gallery-Aschaffenburg-Art-Ceramic-Sculptur-Kunst-Plastik-Keramik-1024x1536.jpg 1024w, https:\/\/www.galerie-metzger.de\/wp-content\/uploads\/2018\/01\/MikoSeels-Tischmanieren-Performance-Galerie-Metzger-Gallery-Aschaffenburg-Art-Ceramic-Sculptur-Kunst-Plastik-Keramik-1365x2048.jpg 1365w, https:\/\/www.galerie-metzger.de\/wp-content\/uploads\/2018\/01\/MikoSeels-Tischmanieren-Performance-Galerie-Metzger-Gallery-Aschaffenburg-Art-Ceramic-Sculptur-Kunst-Plastik-Keramik-1000x1500.jpg 1000w, https:\/\/www.galerie-metzger.de\/wp-content\/uploads\/2018\/01\/MikoSeels-Tischmanieren-Performance-Galerie-Metzger-Gallery-Aschaffenburg-Art-Ceramic-Sculptur-Kunst-Plastik-Keramik-470x705.jpg 470w, https:\/\/www.galerie-metzger.de\/wp-content\/uploads\/2018\/01\/MikoSeels-Tischmanieren-Performance-Galerie-Metzger-Gallery-Aschaffenburg-Art-Ceramic-Sculptur-Kunst-Plastik-Keramik-267x400.jpg 267w, https:\/\/www.galerie-metzger.de\/wp-content\/uploads\/2018\/01\/MikoSeels-Tischmanieren-Performance-Galerie-Metzger-Gallery-Aschaffenburg-Art-Ceramic-Sculptur-Kunst-Plastik-Keramik-768x1152.jpg 768w, https:\/\/www.galerie-metzger.de\/wp-content\/uploads\/2018\/01\/MikoSeels-Tischmanieren-Performance-Galerie-Metzger-Gallery-Aschaffenburg-Art-Ceramic-Sculptur-Kunst-Plastik-Keramik-1067x1600.jpg 1067w, https:\/\/www.galerie-metzger.de\/wp-content\/uploads\/2018\/01\/MikoSeels-Tischmanieren-Performance-Galerie-Metzger-Gallery-Aschaffenburg-Art-Ceramic-Sculptur-Kunst-Plastik-Keramik-450x675.jpg 450w, https:\/\/www.galerie-metzger.de\/wp-content\/uploads\/2018\/01\/MikoSeels-Tischmanieren-Performance-Galerie-Metzger-Gallery-Aschaffenburg-Art-Ceramic-Sculptur-Kunst-Plastik-Keramik-scaled.jpg 1707w\" sizes=\"(max-width: 687px) 100vw, 687px\" \/><\/a><\/div><\/div><\/div><\/div><\/div><!--close column table wrapper. Autoclose: 1 --><div class='flex_column_table av-av_one_full-9731843b9236f31f4ed8d91fa944e8b0 sc-av_one_full av-equal-height-column-flextable'>\n<style type=\"text\/css\" data-created_by=\"avia_inline_auto\" id=\"style-css-av-av_one_full-9731843b9236f31f4ed8d91fa944e8b0\">\n.flex_column.av-av_one_full-9731843b9236f31f4ed8d91fa944e8b0{\n-webkit-border-radius:0px 0px 0px 0px;\n-moz-border-radius:0px 0px 0px 0px;\nborder-radius:0px 0px 0px 0px;\n}\n<\/style>\n<div class='flex_column av-av_one_full-9731843b9236f31f4ed8d91fa944e8b0 av_one_full  avia-builder-el-12  el_after_av_one_half  el_before_av_one_half  jo_col_empty first flex_column_table_cell av-equal-height-column av-align-top av-animated-generic fade-in av-zero-column-padding column-top-margin'     ><section  class='av_textblock_section av-av_textblock-283972ea15f2e73870c23e2d6de3245d' ><div class='avia_textblock' ><p>invisible placeholder 1<\/p>\n<\/div><\/section><\/div><\/div><!--close column table wrapper. Autoclose: 1 --><div class='flex_column_table av-av_one_half-d8bc1af391ab19e1b80332216d5a6941 sc-av_one_half av-equal-height-column-flextable'>\n<style type=\"text\/css\" data-created_by=\"avia_inline_auto\" id=\"style-css-av-av_one_half-d8bc1af391ab19e1b80332216d5a6941\">\n.flex_column.av-av_one_half-d8bc1af391ab19e1b80332216d5a6941{\n-webkit-border-radius:0px 0px 0px 0px;\n-moz-border-radius:0px 0px 0px 0px;\nborder-radius:0px 0px 0px 0px;\n}\n<\/style>\n<div class='flex_column av-av_one_half-d8bc1af391ab19e1b80332216d5a6941 av_one_half  avia-builder-el-14  el_after_av_one_full  el_before_av_one_half  jo_pf_bild_bg first flex_column_table_cell av-equal-height-column av-align-top av-animated-generic fade-in av-zero-column-padding column-top-margin'     ><style type=\"text\/css\" data-created_by=\"avia_inline_auto\" id=\"style-css-av-av_image-f598d38804de3f9d29295f2a7c54b162\">\n.avia-image-container.av-av_image-f598d38804de3f9d29295f2a7c54b162 img.avia_image{\nbox-shadow:none;\n}\n.avia-image-container.av-av_image-f598d38804de3f9d29295f2a7c54b162 .av-caption-image-overlay-bg{\nopacity:0.4;\n}\n<\/style>\n<div  class='avia-image-container av-av_image-f598d38804de3f9d29295f2a7c54b162 av-styling-no-styling avia_animated_image av-animated-when-visible-95 fade-in avia-align-left  avia-builder-el-15  avia-builder-el-no-sibling  jo_pf_bild noHover av-overlay-hover-deactivate'  ><div class=\"avia-image-container-inner\"><div class=\"avia-image-overlay-wrap\"><a href=\"https:\/\/www.galerie-metzger.de\/wp-content\/uploads\/2018\/03\/margaret-curtis-Tafelgeschichten-galerie-metzger-gallery-keramik-gefae\u00df-art-ceramics-1090x727.jpg\" data-srcset=\"https:\/\/www.galerie-metzger.de\/wp-content\/uploads\/2018\/03\/margaret-curtis-Tafelgeschichten-galerie-metzger-gallery-keramik-gefae\u00df-art-ceramics-1090x727.jpg 1090w, https:\/\/www.galerie-metzger.de\/wp-content\/uploads\/2018\/03\/margaret-curtis-Tafelgeschichten-galerie-metzger-gallery-keramik-gefae\u00df-art-ceramics-690x460.jpg 690w, https:\/\/www.galerie-metzger.de\/wp-content\/uploads\/2018\/03\/margaret-curtis-Tafelgeschichten-galerie-metzger-gallery-keramik-gefae\u00df-art-ceramics-1536x1024.jpg 1536w, https:\/\/www.galerie-metzger.de\/wp-content\/uploads\/2018\/03\/margaret-curtis-Tafelgeschichten-galerie-metzger-gallery-keramik-gefae\u00df-art-ceramics-2048x1365.jpg 2048w, https:\/\/www.galerie-metzger.de\/wp-content\/uploads\/2018\/03\/margaret-curtis-Tafelgeschichten-galerie-metzger-gallery-keramik-gefae\u00df-art-ceramics-1500x1000.jpg 1500w, https:\/\/www.galerie-metzger.de\/wp-content\/uploads\/2018\/03\/margaret-curtis-Tafelgeschichten-galerie-metzger-gallery-keramik-gefae\u00df-art-ceramics-705x470.jpg 705w, https:\/\/www.galerie-metzger.de\/wp-content\/uploads\/2018\/03\/margaret-curtis-Tafelgeschichten-galerie-metzger-gallery-keramik-gefae\u00df-art-ceramics-400x267.jpg 400w, https:\/\/www.galerie-metzger.de\/wp-content\/uploads\/2018\/03\/margaret-curtis-Tafelgeschichten-galerie-metzger-gallery-keramik-gefae\u00df-art-ceramics-768x512.jpg 768w, https:\/\/www.galerie-metzger.de\/wp-content\/uploads\/2018\/03\/margaret-curtis-Tafelgeschichten-galerie-metzger-gallery-keramik-gefae\u00df-art-ceramics-1600x1067.jpg 1600w, https:\/\/www.galerie-metzger.de\/wp-content\/uploads\/2018\/03\/margaret-curtis-Tafelgeschichten-galerie-metzger-gallery-keramik-gefae\u00df-art-ceramics-300x200.jpg 300w, https:\/\/www.galerie-metzger.de\/wp-content\/uploads\/2018\/03\/margaret-curtis-Tafelgeschichten-galerie-metzger-gallery-keramik-gefae\u00df-art-ceramics-900x600.jpg 900w, https:\/\/www.galerie-metzger.de\/wp-content\/uploads\/2018\/03\/margaret-curtis-Tafelgeschichten-galerie-metzger-gallery-keramik-gefae\u00df-art-ceramics-450x300.jpg 450w\" data-sizes=\"(max-width: 1030px) 100vw, 1030px\" class='avia_image' ><div class=\"av-image-caption-overlay\"><div class=\"av-caption-image-overlay-bg\"><\/div><div class=\"av-image-caption-overlay-position\"><div class=\"av-image-caption-overlay-center\"><p>Margaret Curtis<\/p>\n<\/div><\/div><\/div><img decoding=\"async\" class='wp-image-5600 avia-img-lazy-loading-not-5600 avia_image ' src=\"https:\/\/www.galerie-metzger.de\/wp-content\/uploads\/2018\/03\/margaret-curtis-Tafelgeschichten-galerie-metzger-gallery-keramik-gefae\u00df-art-ceramics-845x684.jpg\" alt='Margaret Curtis \u2013\u00a0Tafelgeschichten \u2013\u00a0Galerie Metzger Gallery Keramik Gef\u00e4\u00df Art ceramic' title='Margaret Curtis \u2013\u00a0Tafelgeschichten'  height=\"684\" width=\"845\" srcset=\"https:\/\/www.galerie-metzger.de\/wp-content\/uploads\/2018\/03\/margaret-curtis-Tafelgeschichten-galerie-metzger-gallery-keramik-gefae\u00df-art-ceramics-845x684.jpg 845w, https:\/\/www.galerie-metzger.de\/wp-content\/uploads\/2018\/03\/margaret-curtis-Tafelgeschichten-galerie-metzger-gallery-keramik-gefae\u00df-art-ceramics-495x400.jpg 495w\" sizes=\"(max-width: 845px) 100vw, 845px\" \/><\/a><\/div><\/div><\/div><\/div><div class='av-flex-placeholder'><\/div>\n<style type=\"text\/css\" data-created_by=\"avia_inline_auto\" id=\"style-css-av-av_one_half-99631f555abdb327d0c5dfd5f6831e44\">\n.flex_column.av-av_one_half-99631f555abdb327d0c5dfd5f6831e44{\n-webkit-border-radius:0px 0px 0px 0px;\n-moz-border-radius:0px 0px 0px 0px;\nborder-radius:0px 0px 0px 0px;\n}\n<\/style>\n<div class='flex_column av-av_one_half-99631f555abdb327d0c5dfd5f6831e44 av_one_half  avia-builder-el-16  el_after_av_one_half  el_before_av_one_half  jo_col_empty flex_column_table_cell av-equal-height-column av-align-top av-animated-generic fade-in av-zero-column-padding column-top-margin'     ><section  class='av_textblock_section av-av_textblock-283972ea15f2e73870c23e2d6de3245d' ><div class='avia_textblock' ><p>invisible placeholder<\/p>\n<\/div><\/section><\/div><\/div><!--close column table wrapper. Autoclose: 1 --><div class='flex_column_table av-av_one_half-d8bc1af391ab19e1b80332216d5a6941 sc-av_one_half av-equal-height-column-flextable'>\n<style type=\"text\/css\" data-created_by=\"avia_inline_auto\" id=\"style-css-av-av_one_half-d8bc1af391ab19e1b80332216d5a6941\">\n.flex_column.av-av_one_half-d8bc1af391ab19e1b80332216d5a6941{\n-webkit-border-radius:0px 0px 0px 0px;\n-moz-border-radius:0px 0px 0px 0px;\nborder-radius:0px 0px 0px 0px;\n}\n<\/style>\n<div class='flex_column av-av_one_half-d8bc1af391ab19e1b80332216d5a6941 av_one_half  avia-builder-el-18  el_after_av_one_half  el_before_av_one_half  jo_pf_bild_bg first flex_column_table_cell av-equal-height-column av-align-top av-animated-generic fade-in av-zero-column-padding column-top-margin'     ><style type=\"text\/css\" data-created_by=\"avia_inline_auto\" id=\"style-css-av-av_image-bc9d942667a2290ca241a38beb1c51f3\">\n.avia-image-container.av-av_image-bc9d942667a2290ca241a38beb1c51f3 img.avia_image{\nbox-shadow:none;\n}\n.avia-image-container.av-av_image-bc9d942667a2290ca241a38beb1c51f3 .av-caption-image-overlay-bg{\nopacity:0.4;\n}\n<\/style>\n<div  class='avia-image-container av-av_image-bc9d942667a2290ca241a38beb1c51f3 av-styling-no-styling avia_animated_image av-animated-when-visible-95 fade-in avia-align-left  avia-builder-el-19  avia-builder-el-no-sibling  jo_pf_bild noHover av-overlay-hover-deactivate'  ><div class=\"avia-image-container-inner\"><div class=\"avia-image-overlay-wrap\"><a href=\"https:\/\/www.galerie-metzger.de\/wp-content\/uploads\/2018\/03\/kerstin-abraham-miko-seels-galerie-metzger-gallery-keramik-gefae\u00df-art-ceramics.jpg-1090x727.jpg\" data-srcset=\"https:\/\/www.galerie-metzger.de\/wp-content\/uploads\/2018\/03\/kerstin-abraham-miko-seels-galerie-metzger-gallery-keramik-gefae\u00df-art-ceramics.jpg-1090x727.jpg 1090w, https:\/\/www.galerie-metzger.de\/wp-content\/uploads\/2018\/03\/kerstin-abraham-miko-seels-galerie-metzger-gallery-keramik-gefae\u00df-art-ceramics.jpg-690x460.jpg 690w, https:\/\/www.galerie-metzger.de\/wp-content\/uploads\/2018\/03\/kerstin-abraham-miko-seels-galerie-metzger-gallery-keramik-gefae\u00df-art-ceramics.jpg-1536x1024.jpg 1536w, https:\/\/www.galerie-metzger.de\/wp-content\/uploads\/2018\/03\/kerstin-abraham-miko-seels-galerie-metzger-gallery-keramik-gefae\u00df-art-ceramics.jpg-2048x1365.jpg 2048w, https:\/\/www.galerie-metzger.de\/wp-content\/uploads\/2018\/03\/kerstin-abraham-miko-seels-galerie-metzger-gallery-keramik-gefae\u00df-art-ceramics.jpg-1500x1000.jpg 1500w, https:\/\/www.galerie-metzger.de\/wp-content\/uploads\/2018\/03\/kerstin-abraham-miko-seels-galerie-metzger-gallery-keramik-gefae\u00df-art-ceramics.jpg-705x470.jpg 705w, https:\/\/www.galerie-metzger.de\/wp-content\/uploads\/2018\/03\/kerstin-abraham-miko-seels-galerie-metzger-gallery-keramik-gefae\u00df-art-ceramics.jpg-400x267.jpg 400w, https:\/\/www.galerie-metzger.de\/wp-content\/uploads\/2018\/03\/kerstin-abraham-miko-seels-galerie-metzger-gallery-keramik-gefae\u00df-art-ceramics.jpg-768x512.jpg 768w, https:\/\/www.galerie-metzger.de\/wp-content\/uploads\/2018\/03\/kerstin-abraham-miko-seels-galerie-metzger-gallery-keramik-gefae\u00df-art-ceramics.jpg-1600x1067.jpg 1600w, https:\/\/www.galerie-metzger.de\/wp-content\/uploads\/2018\/03\/kerstin-abraham-miko-seels-galerie-metzger-gallery-keramik-gefae\u00df-art-ceramics.jpg-300x200.jpg 300w, https:\/\/www.galerie-metzger.de\/wp-content\/uploads\/2018\/03\/kerstin-abraham-miko-seels-galerie-metzger-gallery-keramik-gefae\u00df-art-ceramics.jpg-900x600.jpg 900w, https:\/\/www.galerie-metzger.de\/wp-content\/uploads\/2018\/03\/kerstin-abraham-miko-seels-galerie-metzger-gallery-keramik-gefae\u00df-art-ceramics.jpg-450x300.jpg 450w\" data-sizes=\"(max-width: 1030px) 100vw, 1030px\" class='avia_image' ><div class=\"av-image-caption-overlay\"><div class=\"av-caption-image-overlay-bg\"><\/div><div class=\"av-image-caption-overlay-position\"><div class=\"av-image-caption-overlay-center\"><p>Kerstin Abraham<\/p>\n<\/div><\/div><\/div><img decoding=\"async\" class='wp-image-5598 avia-img-lazy-loading-not-5598 avia_image ' src=\"https:\/\/www.galerie-metzger.de\/wp-content\/uploads\/2018\/03\/kerstin-abraham-miko-seels-galerie-metzger-gallery-keramik-gefae\u00df-art-ceramics.jpg-845x684.jpg\" alt='Kerstin Abraham &amp; Miko Seels \u2013\u00a0Tafelgeschichten \u2013\u00a0Galerie Metzger Gallery Keramik Gef\u00e4\u00df Art ceramic' title='Kerstin Abraham &amp; Miko Seels \u2013\u00a0Tafelgeschichten'  height=\"684\" width=\"845\" srcset=\"https:\/\/www.galerie-metzger.de\/wp-content\/uploads\/2018\/03\/kerstin-abraham-miko-seels-galerie-metzger-gallery-keramik-gefae\u00df-art-ceramics.jpg-845x684.jpg 845w, https:\/\/www.galerie-metzger.de\/wp-content\/uploads\/2018\/03\/kerstin-abraham-miko-seels-galerie-metzger-gallery-keramik-gefae\u00df-art-ceramics.jpg-495x400.jpg 495w\" sizes=\"(max-width: 845px) 100vw, 845px\" \/><\/a><\/div><\/div><\/div><\/div><div class='av-flex-placeholder'><\/div>\n<style type=\"text\/css\" data-created_by=\"avia_inline_auto\" id=\"style-css-av-av_one_half-6b9a0098281ac79e1809296ee7f22ca2\">\n.flex_column.av-av_one_half-6b9a0098281ac79e1809296ee7f22ca2{\n-webkit-border-radius:0px 0px 0px 0px;\n-moz-border-radius:0px 0px 0px 0px;\nborder-radius:0px 0px 0px 0px;\n}\n<\/style>\n<div class='flex_column av-av_one_half-6b9a0098281ac79e1809296ee7f22ca2 av_one_half  avia-builder-el-20  el_after_av_one_half  el_before_av_one_half  jo_pf_bild_bg flex_column_table_cell av-equal-height-column av-align-top av-animated-generic fade-in av-zero-column-padding column-top-margin'     ><style type=\"text\/css\" data-created_by=\"avia_inline_auto\" id=\"style-css-av-av_image-51adb533c0a01d0baa4fa5a7c29a46db\">\n.avia-image-container.av-av_image-51adb533c0a01d0baa4fa5a7c29a46db img.avia_image{\nbox-shadow:none;\n}\n.avia-image-container.av-av_image-51adb533c0a01d0baa4fa5a7c29a46db .av-caption-image-overlay-bg{\nopacity:0.4;\n}\n<\/style>\n<div  class='avia-image-container av-av_image-51adb533c0a01d0baa4fa5a7c29a46db av-styling-no-styling avia_animated_image av-animated-when-visible-95 fade-in avia-align-left  avia-builder-el-21  avia-builder-el-no-sibling  jo_pf_bild noHover av-overlay-hover-deactivate'  ><div class=\"avia-image-container-inner\"><div class=\"avia-image-overlay-wrap\"><a href=\"https:\/\/www.galerie-metzger.de\/wp-content\/uploads\/2018\/03\/kersrtin-abraham-tafelgeschichten-galerie-metzger-gallery-keramik-gefae\u00df-art-ceramics-1-1090x727.jpg\" data-srcset=\"https:\/\/www.galerie-metzger.de\/wp-content\/uploads\/2018\/03\/kersrtin-abraham-tafelgeschichten-galerie-metzger-gallery-keramik-gefae\u00df-art-ceramics-1-1090x727.jpg 1090w, https:\/\/www.galerie-metzger.de\/wp-content\/uploads\/2018\/03\/kersrtin-abraham-tafelgeschichten-galerie-metzger-gallery-keramik-gefae\u00df-art-ceramics-1-690x460.jpg 690w, https:\/\/www.galerie-metzger.de\/wp-content\/uploads\/2018\/03\/kersrtin-abraham-tafelgeschichten-galerie-metzger-gallery-keramik-gefae\u00df-art-ceramics-1-1536x1024.jpg 1536w, https:\/\/www.galerie-metzger.de\/wp-content\/uploads\/2018\/03\/kersrtin-abraham-tafelgeschichten-galerie-metzger-gallery-keramik-gefae\u00df-art-ceramics-1-2048x1365.jpg 2048w, https:\/\/www.galerie-metzger.de\/wp-content\/uploads\/2018\/03\/kersrtin-abraham-tafelgeschichten-galerie-metzger-gallery-keramik-gefae\u00df-art-ceramics-1-1500x1000.jpg 1500w, https:\/\/www.galerie-metzger.de\/wp-content\/uploads\/2018\/03\/kersrtin-abraham-tafelgeschichten-galerie-metzger-gallery-keramik-gefae\u00df-art-ceramics-1-705x470.jpg 705w, https:\/\/www.galerie-metzger.de\/wp-content\/uploads\/2018\/03\/kersrtin-abraham-tafelgeschichten-galerie-metzger-gallery-keramik-gefae\u00df-art-ceramics-1-400x267.jpg 400w, https:\/\/www.galerie-metzger.de\/wp-content\/uploads\/2018\/03\/kersrtin-abraham-tafelgeschichten-galerie-metzger-gallery-keramik-gefae\u00df-art-ceramics-1-768x512.jpg 768w, https:\/\/www.galerie-metzger.de\/wp-content\/uploads\/2018\/03\/kersrtin-abraham-tafelgeschichten-galerie-metzger-gallery-keramik-gefae\u00df-art-ceramics-1-1600x1067.jpg 1600w, https:\/\/www.galerie-metzger.de\/wp-content\/uploads\/2018\/03\/kersrtin-abraham-tafelgeschichten-galerie-metzger-gallery-keramik-gefae\u00df-art-ceramics-1-300x200.jpg 300w, https:\/\/www.galerie-metzger.de\/wp-content\/uploads\/2018\/03\/kersrtin-abraham-tafelgeschichten-galerie-metzger-gallery-keramik-gefae\u00df-art-ceramics-1-900x600.jpg 900w, https:\/\/www.galerie-metzger.de\/wp-content\/uploads\/2018\/03\/kersrtin-abraham-tafelgeschichten-galerie-metzger-gallery-keramik-gefae\u00df-art-ceramics-1-450x300.jpg 450w\" data-sizes=\"(max-width: 1030px) 100vw, 1030px\" class='avia_image' ><div class=\"av-image-caption-overlay\"><div class=\"av-caption-image-overlay-bg\"><\/div><div class=\"av-image-caption-overlay-position\"><div class=\"av-image-caption-overlay-center\"><p>Kerstin Abraham<\/p>\n<\/div><\/div><\/div><img decoding=\"async\" class='wp-image-5596 avia-img-lazy-loading-not-5596 avia_image ' src=\"https:\/\/www.galerie-metzger.de\/wp-content\/uploads\/2018\/03\/kersrtin-abraham-tafelgeschichten-galerie-metzger-gallery-keramik-gefae\u00df-art-ceramics-1-845x684.jpg\" alt='Kerstin Abraham \u2013\u00a0Tafelgeschichten \u2013\u00a0Galerie Metzger Gallery Keramik Gef\u00e4\u00df Art ceramic' title='Kerstin Abraham \u2013\u00a0Tafelgeschichten'  height=\"684\" width=\"845\" srcset=\"https:\/\/www.galerie-metzger.de\/wp-content\/uploads\/2018\/03\/kersrtin-abraham-tafelgeschichten-galerie-metzger-gallery-keramik-gefae\u00df-art-ceramics-1-845x684.jpg 845w, https:\/\/www.galerie-metzger.de\/wp-content\/uploads\/2018\/03\/kersrtin-abraham-tafelgeschichten-galerie-metzger-gallery-keramik-gefae\u00df-art-ceramics-1-495x400.jpg 495w\" sizes=\"(max-width: 845px) 100vw, 845px\" \/><\/a><\/div><\/div><\/div><\/div><\/div><!--close column table wrapper. Autoclose: 1 --><div class='flex_column_table av-av_one_half-9731843b9236f31f4ed8d91fa944e8b0 sc-av_one_half av-equal-height-column-flextable'>\n<style type=\"text\/css\" data-created_by=\"avia_inline_auto\" id=\"style-css-av-av_one_half-9731843b9236f31f4ed8d91fa944e8b0\">\n.flex_column.av-av_one_half-9731843b9236f31f4ed8d91fa944e8b0{\n-webkit-border-radius:0px 0px 0px 0px;\n-moz-border-radius:0px 0px 0px 0px;\nborder-radius:0px 0px 0px 0px;\n}\n<\/style>\n<div class='flex_column av-av_one_half-9731843b9236f31f4ed8d91fa944e8b0 av_one_half  avia-builder-el-22  el_after_av_one_half  el_before_av_one_half  jo_col_empty first flex_column_table_cell av-equal-height-column av-align-top av-animated-generic fade-in av-zero-column-padding column-top-margin'     ><section  class='av_textblock_section av-av_textblock-283972ea15f2e73870c23e2d6de3245d' ><div class='avia_textblock' ><p>invisible placeholder<\/p>\n<\/div><\/section><\/div><div class='av-flex-placeholder'><\/div>\n<style type=\"text\/css\" data-created_by=\"avia_inline_auto\" id=\"style-css-av-av_one_half-6b9a0098281ac79e1809296ee7f22ca2\">\n.flex_column.av-av_one_half-6b9a0098281ac79e1809296ee7f22ca2{\n-webkit-border-radius:0px 0px 0px 0px;\n-moz-border-radius:0px 0px 0px 0px;\nborder-radius:0px 0px 0px 0px;\n}\n<\/style>\n<div class='flex_column av-av_one_half-6b9a0098281ac79e1809296ee7f22ca2 av_one_half  avia-builder-el-24  el_after_av_one_half  el_before_av_one_full  jo_pf_bild_bg flex_column_table_cell av-equal-height-column av-align-top av-animated-generic fade-in av-zero-column-padding column-top-margin'     ><style type=\"text\/css\" data-created_by=\"avia_inline_auto\" id=\"style-css-av-av_image-22407e12245e086611b8936a3bc2d220\">\n.avia-image-container.av-av_image-22407e12245e086611b8936a3bc2d220 img.avia_image{\nbox-shadow:none;\n}\n.avia-image-container.av-av_image-22407e12245e086611b8936a3bc2d220 .av-caption-image-overlay-bg{\nopacity:0.4;\n}\n<\/style>\n<div  class='avia-image-container av-av_image-22407e12245e086611b8936a3bc2d220 av-styling-no-styling avia_animated_image av-animated-when-visible-95 fade-in avia-align-left  avia-builder-el-25  avia-builder-el-no-sibling  jo_pf_bild noHover av-overlay-hover-deactivate'  ><div class=\"avia-image-container-inner\"><div class=\"avia-image-overlay-wrap\"><a href=\"https:\/\/www.galerie-metzger.de\/wp-content\/uploads\/2018\/03\/tafelgeschichten-galerie-metzger-gallery-keramik-gefae\u00df-art-ceramics-2-727x1090.jpg\" data-srcset=\"https:\/\/www.galerie-metzger.de\/wp-content\/uploads\/2018\/03\/tafelgeschichten-galerie-metzger-gallery-keramik-gefae\u00df-art-ceramics-2-727x1090.jpg 727w, https:\/\/www.galerie-metzger.de\/wp-content\/uploads\/2018\/03\/tafelgeschichten-galerie-metzger-gallery-keramik-gefae\u00df-art-ceramics-2-690x1035.jpg 690w, https:\/\/www.galerie-metzger.de\/wp-content\/uploads\/2018\/03\/tafelgeschichten-galerie-metzger-gallery-keramik-gefae\u00df-art-ceramics-2-1024x1536.jpg 1024w, https:\/\/www.galerie-metzger.de\/wp-content\/uploads\/2018\/03\/tafelgeschichten-galerie-metzger-gallery-keramik-gefae\u00df-art-ceramics-2-1365x2048.jpg 1365w, https:\/\/www.galerie-metzger.de\/wp-content\/uploads\/2018\/03\/tafelgeschichten-galerie-metzger-gallery-keramik-gefae\u00df-art-ceramics-2-1000x1500.jpg 1000w, https:\/\/www.galerie-metzger.de\/wp-content\/uploads\/2018\/03\/tafelgeschichten-galerie-metzger-gallery-keramik-gefae\u00df-art-ceramics-2-470x705.jpg 470w, https:\/\/www.galerie-metzger.de\/wp-content\/uploads\/2018\/03\/tafelgeschichten-galerie-metzger-gallery-keramik-gefae\u00df-art-ceramics-2-267x400.jpg 267w, https:\/\/www.galerie-metzger.de\/wp-content\/uploads\/2018\/03\/tafelgeschichten-galerie-metzger-gallery-keramik-gefae\u00df-art-ceramics-2-768x1152.jpg 768w, https:\/\/www.galerie-metzger.de\/wp-content\/uploads\/2018\/03\/tafelgeschichten-galerie-metzger-gallery-keramik-gefae\u00df-art-ceramics-2-1067x1600.jpg 1067w, https:\/\/www.galerie-metzger.de\/wp-content\/uploads\/2018\/03\/tafelgeschichten-galerie-metzger-gallery-keramik-gefae\u00df-art-ceramics-2-450x675.jpg 450w, https:\/\/www.galerie-metzger.de\/wp-content\/uploads\/2018\/03\/tafelgeschichten-galerie-metzger-gallery-keramik-gefae\u00df-art-ceramics-2-scaled.jpg 1707w\" data-sizes=\"(max-width: 687px) 100vw, 687px\" class='avia_image' ><div class=\"av-image-caption-overlay\"><div class=\"av-caption-image-overlay-bg\"><\/div><div class=\"av-image-caption-overlay-position\"><div class=\"av-image-caption-overlay-center\"><p>Performance Miko&amp;Seels<\/p>\n<\/div><\/div><\/div><img decoding=\"async\" class='wp-image-5606 avia-img-lazy-loading-not-5606 avia_image ' src=\"https:\/\/www.galerie-metzger.de\/wp-content\/uploads\/2018\/03\/tafelgeschichten-galerie-metzger-gallery-keramik-gefae\u00df-art-ceramics-2-727x1090.jpg\" alt='Ausstellung \u2013\u00a0Tafelgeschichten \u2013\u00a0Galerie Metzger Gallery Keramik Gef\u00e4\u00df Art ceramic' title='Ausstellung \u2013\u00a0Tafelgeschichten \u2013\u00a0Galerie Metzger'  height=\"1030\" width=\"687\" srcset=\"https:\/\/www.galerie-metzger.de\/wp-content\/uploads\/2018\/03\/tafelgeschichten-galerie-metzger-gallery-keramik-gefae\u00df-art-ceramics-2-727x1090.jpg 727w, https:\/\/www.galerie-metzger.de\/wp-content\/uploads\/2018\/03\/tafelgeschichten-galerie-metzger-gallery-keramik-gefae\u00df-art-ceramics-2-690x1035.jpg 690w, https:\/\/www.galerie-metzger.de\/wp-content\/uploads\/2018\/03\/tafelgeschichten-galerie-metzger-gallery-keramik-gefae\u00df-art-ceramics-2-1024x1536.jpg 1024w, https:\/\/www.galerie-metzger.de\/wp-content\/uploads\/2018\/03\/tafelgeschichten-galerie-metzger-gallery-keramik-gefae\u00df-art-ceramics-2-1365x2048.jpg 1365w, https:\/\/www.galerie-metzger.de\/wp-content\/uploads\/2018\/03\/tafelgeschichten-galerie-metzger-gallery-keramik-gefae\u00df-art-ceramics-2-1000x1500.jpg 1000w, https:\/\/www.galerie-metzger.de\/wp-content\/uploads\/2018\/03\/tafelgeschichten-galerie-metzger-gallery-keramik-gefae\u00df-art-ceramics-2-470x705.jpg 470w, https:\/\/www.galerie-metzger.de\/wp-content\/uploads\/2018\/03\/tafelgeschichten-galerie-metzger-gallery-keramik-gefae\u00df-art-ceramics-2-267x400.jpg 267w, https:\/\/www.galerie-metzger.de\/wp-content\/uploads\/2018\/03\/tafelgeschichten-galerie-metzger-gallery-keramik-gefae\u00df-art-ceramics-2-768x1152.jpg 768w, https:\/\/www.galerie-metzger.de\/wp-content\/uploads\/2018\/03\/tafelgeschichten-galerie-metzger-gallery-keramik-gefae\u00df-art-ceramics-2-1067x1600.jpg 1067w, https:\/\/www.galerie-metzger.de\/wp-content\/uploads\/2018\/03\/tafelgeschichten-galerie-metzger-gallery-keramik-gefae\u00df-art-ceramics-2-450x675.jpg 450w, https:\/\/www.galerie-metzger.de\/wp-content\/uploads\/2018\/03\/tafelgeschichten-galerie-metzger-gallery-keramik-gefae\u00df-art-ceramics-2-scaled.jpg 1707w\" sizes=\"(max-width: 687px) 100vw, 687px\" \/><\/a><\/div><\/div><\/div><\/div><\/div><!--close column table wrapper. Autoclose: 1 --><div class='flex_column_table av-av_one_full-9731843b9236f31f4ed8d91fa944e8b0 sc-av_one_full av-equal-height-column-flextable'>\n<style type=\"text\/css\" data-created_by=\"avia_inline_auto\" id=\"style-css-av-av_one_full-9731843b9236f31f4ed8d91fa944e8b0\">\n.flex_column.av-av_one_full-9731843b9236f31f4ed8d91fa944e8b0{\n-webkit-border-radius:0px 0px 0px 0px;\n-moz-border-radius:0px 0px 0px 0px;\nborder-radius:0px 0px 0px 0px;\n}\n<\/style>\n<div class='flex_column av-av_one_full-9731843b9236f31f4ed8d91fa944e8b0 av_one_full  avia-builder-el-26  el_after_av_one_half  el_before_av_one_half  jo_col_empty first flex_column_table_cell av-equal-height-column av-align-top av-animated-generic fade-in av-zero-column-padding column-top-margin'     ><section  class='av_textblock_section av-av_textblock-283972ea15f2e73870c23e2d6de3245d' ><div class='avia_textblock' ><p>invisible placeholder 2<\/p>\n<\/div><\/section><\/div><\/div><!--close column table wrapper. Autoclose: 1 --><div class='flex_column_table av-av_one_half-d8bc1af391ab19e1b80332216d5a6941 sc-av_one_half av-equal-height-column-flextable'>\n<style type=\"text\/css\" data-created_by=\"avia_inline_auto\" id=\"style-css-av-av_one_half-d8bc1af391ab19e1b80332216d5a6941\">\n.flex_column.av-av_one_half-d8bc1af391ab19e1b80332216d5a6941{\n-webkit-border-radius:0px 0px 0px 0px;\n-moz-border-radius:0px 0px 0px 0px;\nborder-radius:0px 0px 0px 0px;\n}\n<\/style>\n<div class='flex_column av-av_one_half-d8bc1af391ab19e1b80332216d5a6941 av_one_half  avia-builder-el-28  el_after_av_one_full  el_before_av_one_half  jo_pf_bild_bg first flex_column_table_cell av-equal-height-column av-align-top av-animated-generic fade-in av-zero-column-padding column-top-margin'     ><style type=\"text\/css\" data-created_by=\"avia_inline_auto\" id=\"style-css-av-av_image-0cb1f8bfc54894cb86e6422fad3b47f4\">\n.avia-image-container.av-av_image-0cb1f8bfc54894cb86e6422fad3b47f4 img.avia_image{\nbox-shadow:none;\n}\n.avia-image-container.av-av_image-0cb1f8bfc54894cb86e6422fad3b47f4 .av-caption-image-overlay-bg{\nopacity:0.4;\n}\n<\/style>\n<div  class='avia-image-container av-av_image-0cb1f8bfc54894cb86e6422fad3b47f4 av-styling-no-styling avia_animated_image av-animated-when-visible-95 fade-in avia-align-left  avia-builder-el-29  avia-builder-el-no-sibling  jo_pf_bild noHover av-overlay-hover-deactivate'  ><div class=\"avia-image-container-inner\"><div class=\"avia-image-overlay-wrap\"><a href=\"https:\/\/www.galerie-metzger.de\/wp-content\/uploads\/2018\/01\/hans-fischer-terinenform-2017-galerie-metzger-keramik-angewandte-kunst-ceramic-1-1090x727.jpg\" data-srcset=\"https:\/\/www.galerie-metzger.de\/wp-content\/uploads\/2018\/01\/hans-fischer-terinenform-2017-galerie-metzger-keramik-angewandte-kunst-ceramic-1-1090x727.jpg 1090w, https:\/\/www.galerie-metzger.de\/wp-content\/uploads\/2018\/01\/hans-fischer-terinenform-2017-galerie-metzger-keramik-angewandte-kunst-ceramic-1-690x460.jpg 690w, https:\/\/www.galerie-metzger.de\/wp-content\/uploads\/2018\/01\/hans-fischer-terinenform-2017-galerie-metzger-keramik-angewandte-kunst-ceramic-1-1536x1024.jpg 1536w, https:\/\/www.galerie-metzger.de\/wp-content\/uploads\/2018\/01\/hans-fischer-terinenform-2017-galerie-metzger-keramik-angewandte-kunst-ceramic-1-2048x1365.jpg 2048w, https:\/\/www.galerie-metzger.de\/wp-content\/uploads\/2018\/01\/hans-fischer-terinenform-2017-galerie-metzger-keramik-angewandte-kunst-ceramic-1-1500x1000.jpg 1500w, https:\/\/www.galerie-metzger.de\/wp-content\/uploads\/2018\/01\/hans-fischer-terinenform-2017-galerie-metzger-keramik-angewandte-kunst-ceramic-1-705x470.jpg 705w, https:\/\/www.galerie-metzger.de\/wp-content\/uploads\/2018\/01\/hans-fischer-terinenform-2017-galerie-metzger-keramik-angewandte-kunst-ceramic-1-400x267.jpg 400w, https:\/\/www.galerie-metzger.de\/wp-content\/uploads\/2018\/01\/hans-fischer-terinenform-2017-galerie-metzger-keramik-angewandte-kunst-ceramic-1-768x512.jpg 768w, https:\/\/www.galerie-metzger.de\/wp-content\/uploads\/2018\/01\/hans-fischer-terinenform-2017-galerie-metzger-keramik-angewandte-kunst-ceramic-1-1600x1067.jpg 1600w, https:\/\/www.galerie-metzger.de\/wp-content\/uploads\/2018\/01\/hans-fischer-terinenform-2017-galerie-metzger-keramik-angewandte-kunst-ceramic-1-300x200.jpg 300w, https:\/\/www.galerie-metzger.de\/wp-content\/uploads\/2018\/01\/hans-fischer-terinenform-2017-galerie-metzger-keramik-angewandte-kunst-ceramic-1-900x600.jpg 900w, https:\/\/www.galerie-metzger.de\/wp-content\/uploads\/2018\/01\/hans-fischer-terinenform-2017-galerie-metzger-keramik-angewandte-kunst-ceramic-1-450x300.jpg 450w\" data-sizes=\"(max-width: 1030px) 100vw, 1030px\" class='avia_image' ><div class=\"av-image-caption-overlay\"><div class=\"av-caption-image-overlay-bg\"><\/div><div class=\"av-image-caption-overlay-position\"><div class=\"av-image-caption-overlay-center\"><p>Hans Fischer \u2013 Terrinenform \u2013\u00a02017, Foto: Edi Baumann<\/p>\n<\/div><\/div><\/div><img decoding=\"async\" class='wp-image-3793 avia-img-lazy-loading-not-3793 avia_image ' src=\"https:\/\/www.galerie-metzger.de\/wp-content\/uploads\/2018\/01\/hans-fischer-terinenform-2017-galerie-metzger-keramik-angewandte-kunst-ceramic-1-495x400.jpg\" alt='Hans-Fischer-Terinenform-2017' title='Hans-Fischer-Terinenform-2017'  height=\"400\" width=\"495\" srcset=\"https:\/\/www.galerie-metzger.de\/wp-content\/uploads\/2018\/01\/hans-fischer-terinenform-2017-galerie-metzger-keramik-angewandte-kunst-ceramic-1-495x400.jpg 495w, https:\/\/www.galerie-metzger.de\/wp-content\/uploads\/2018\/01\/hans-fischer-terinenform-2017-galerie-metzger-keramik-angewandte-kunst-ceramic-1-845x684.jpg 845w\" sizes=\"(max-width: 495px) 100vw, 495px\" \/><\/a><\/div><\/div><\/div><\/div><div class='av-flex-placeholder'><\/div>\n<style type=\"text\/css\" data-created_by=\"avia_inline_auto\" id=\"style-css-av-av_one_half-d3527fefd78746f092942f935eb2b9ab\">\n.flex_column.av-av_one_half-d3527fefd78746f092942f935eb2b9ab{\n-webkit-border-radius:0px 0px 0px 0px;\n-moz-border-radius:0px 0px 0px 0px;\nborder-radius:0px 0px 0px 0px;\n}\n<\/style>\n<div class='flex_column av-av_one_half-d3527fefd78746f092942f935eb2b9ab av_one_half  avia-builder-el-30  el_after_av_one_half  el_before_av_one_full  flex_column_table_cell av-equal-height-column av-align-top av-animated-generic fade-in av-zero-column-padding column-top-margin'     ><section  class='av_textblock_section av-av_textblock-283972ea15f2e73870c23e2d6de3245d' ><div class='avia_textblock' ><p>Gespr\u00e4ch, Witz und Genuss.<br \/>\nDie doppelte sinnliche Freude des Sehens und Schmeckens.<br \/>\nDie Heiterkeit, wenn man sich durch den Griesberg auf den Grund der Sch\u00fcssel durchgegessen hat; der Schreck, wenn der Esser vom Fisch gefressen wird.<br \/>\nDer Staub aus dem wir gemacht sind, h\u00e4lt uns nicht zusammen. Heiterkeit, Geist und Essen aber sehr wohl.<\/p>\n<p><em> Hans Fischer <\/em><\/p>\n<\/div><\/section><\/div><\/div><!--close column table wrapper. Autoclose: 1 --><div class='flex_column_table av-av_one_full-9731843b9236f31f4ed8d91fa944e8b0 sc-av_one_full av-equal-height-column-flextable'>\n<style type=\"text\/css\" data-created_by=\"avia_inline_auto\" id=\"style-css-av-av_one_full-9731843b9236f31f4ed8d91fa944e8b0\">\n.flex_column.av-av_one_full-9731843b9236f31f4ed8d91fa944e8b0{\n-webkit-border-radius:0px 0px 0px 0px;\n-moz-border-radius:0px 0px 0px 0px;\nborder-radius:0px 0px 0px 0px;\n}\n<\/style>\n<div class='flex_column av-av_one_full-9731843b9236f31f4ed8d91fa944e8b0 av_one_full  avia-builder-el-32  el_after_av_one_half  el_before_av_one_half  jo_col_empty first flex_column_table_cell av-equal-height-column av-align-top av-animated-generic fade-in av-zero-column-padding column-top-margin'     ><section  class='av_textblock_section av-av_textblock-283972ea15f2e73870c23e2d6de3245d' ><div class='avia_textblock' ><p>invisible placeholder<\/p>\n<\/div><\/section><\/div><\/div><!--close column table wrapper. Autoclose: 1 --><div class='flex_column_table av-av_one_half-d8bc1af391ab19e1b80332216d5a6941 sc-av_one_half av-equal-height-column-flextable'>\n<style type=\"text\/css\" data-created_by=\"avia_inline_auto\" id=\"style-css-av-av_one_half-d8bc1af391ab19e1b80332216d5a6941\">\n.flex_column.av-av_one_half-d8bc1af391ab19e1b80332216d5a6941{\n-webkit-border-radius:0px 0px 0px 0px;\n-moz-border-radius:0px 0px 0px 0px;\nborder-radius:0px 0px 0px 0px;\n}\n<\/style>\n<div class='flex_column av-av_one_half-d8bc1af391ab19e1b80332216d5a6941 av_one_half  avia-builder-el-34  el_after_av_one_full  el_before_av_one_half  jo_pf_bild_bg first flex_column_table_cell av-equal-height-column av-align-top av-animated-generic fade-in av-zero-column-padding column-top-margin'     ><style type=\"text\/css\" data-created_by=\"avia_inline_auto\" id=\"style-css-av-av_image-ef2eb022d269c852f93a543fd3381464\">\n.avia-image-container.av-av_image-ef2eb022d269c852f93a543fd3381464 img.avia_image{\nbox-shadow:none;\n}\n.avia-image-container.av-av_image-ef2eb022d269c852f93a543fd3381464 .av-caption-image-overlay-bg{\nopacity:0.4;\n}\n<\/style>\n<div  class='avia-image-container av-av_image-ef2eb022d269c852f93a543fd3381464 av-styling-no-styling avia_animated_image av-animated-when-visible-95 fade-in avia-align-left  avia-builder-el-35  avia-builder-el-no-sibling  jo_pf_bild noHover av-overlay-hover-deactivate'  ><div class=\"avia-image-container-inner\"><div class=\"avia-image-overlay-wrap\"><a href=\"https:\/\/www.galerie-metzger.de\/wp-content\/uploads\/2017\/12\/hans-fischer-terinenform-2017-galerie-metzger-keramik-angewandte-kunst-ceramic-vessel-1090x727.jpg\" data-srcset=\"https:\/\/www.galerie-metzger.de\/wp-content\/uploads\/2017\/12\/hans-fischer-terinenform-2017-galerie-metzger-keramik-angewandte-kunst-ceramic-vessel-1090x727.jpg 1090w, https:\/\/www.galerie-metzger.de\/wp-content\/uploads\/2017\/12\/hans-fischer-terinenform-2017-galerie-metzger-keramik-angewandte-kunst-ceramic-vessel-690x460.jpg 690w, https:\/\/www.galerie-metzger.de\/wp-content\/uploads\/2017\/12\/hans-fischer-terinenform-2017-galerie-metzger-keramik-angewandte-kunst-ceramic-vessel-1536x1024.jpg 1536w, https:\/\/www.galerie-metzger.de\/wp-content\/uploads\/2017\/12\/hans-fischer-terinenform-2017-galerie-metzger-keramik-angewandte-kunst-ceramic-vessel-2048x1365.jpg 2048w, https:\/\/www.galerie-metzger.de\/wp-content\/uploads\/2017\/12\/hans-fischer-terinenform-2017-galerie-metzger-keramik-angewandte-kunst-ceramic-vessel-1500x1000.jpg 1500w, https:\/\/www.galerie-metzger.de\/wp-content\/uploads\/2017\/12\/hans-fischer-terinenform-2017-galerie-metzger-keramik-angewandte-kunst-ceramic-vessel-705x470.jpg 705w, https:\/\/www.galerie-metzger.de\/wp-content\/uploads\/2017\/12\/hans-fischer-terinenform-2017-galerie-metzger-keramik-angewandte-kunst-ceramic-vessel-400x267.jpg 400w, https:\/\/www.galerie-metzger.de\/wp-content\/uploads\/2017\/12\/hans-fischer-terinenform-2017-galerie-metzger-keramik-angewandte-kunst-ceramic-vessel-768x512.jpg 768w, https:\/\/www.galerie-metzger.de\/wp-content\/uploads\/2017\/12\/hans-fischer-terinenform-2017-galerie-metzger-keramik-angewandte-kunst-ceramic-vessel-1600x1067.jpg 1600w, https:\/\/www.galerie-metzger.de\/wp-content\/uploads\/2017\/12\/hans-fischer-terinenform-2017-galerie-metzger-keramik-angewandte-kunst-ceramic-vessel-300x200.jpg 300w, https:\/\/www.galerie-metzger.de\/wp-content\/uploads\/2017\/12\/hans-fischer-terinenform-2017-galerie-metzger-keramik-angewandte-kunst-ceramic-vessel-900x600.jpg 900w, https:\/\/www.galerie-metzger.de\/wp-content\/uploads\/2017\/12\/hans-fischer-terinenform-2017-galerie-metzger-keramik-angewandte-kunst-ceramic-vessel-450x300.jpg 450w\" data-sizes=\"(max-width: 1030px) 100vw, 1030px\" class='avia_image' ><div class=\"av-image-caption-overlay\"><div class=\"av-caption-image-overlay-bg\"><\/div><div class=\"av-image-caption-overlay-position\"><div class=\"av-image-caption-overlay-center\"><p>Hans Fischer \u2013 Terrinenform \u2013\u00a02017, Foto: Edi Baumann<\/p>\n<\/div><\/div><\/div><img decoding=\"async\" class='wp-image-3878 avia-img-lazy-loading-not-3878 avia_image ' src=\"https:\/\/www.galerie-metzger.de\/wp-content\/uploads\/2017\/12\/hans-fischer-terinenform-2017-galerie-metzger-keramik-angewandte-kunst-ceramic-vessel-495x400.jpg\" alt='Hans-Fischer-Terinenform-2017' title='Hans-Fischer-Terinenform-2017'  height=\"400\" width=\"495\" srcset=\"https:\/\/www.galerie-metzger.de\/wp-content\/uploads\/2017\/12\/hans-fischer-terinenform-2017-galerie-metzger-keramik-angewandte-kunst-ceramic-vessel-495x400.jpg 495w, https:\/\/www.galerie-metzger.de\/wp-content\/uploads\/2017\/12\/hans-fischer-terinenform-2017-galerie-metzger-keramik-angewandte-kunst-ceramic-vessel-845x684.jpg 845w\" sizes=\"(max-width: 495px) 100vw, 495px\" \/><\/a><\/div><\/div><\/div><\/div><div class='av-flex-placeholder'><\/div>\n<style type=\"text\/css\" data-created_by=\"avia_inline_auto\" id=\"style-css-av-av_one_half-99631f555abdb327d0c5dfd5f6831e44\">\n.flex_column.av-av_one_half-99631f555abdb327d0c5dfd5f6831e44{\n-webkit-border-radius:0px 0px 0px 0px;\n-moz-border-radius:0px 0px 0px 0px;\nborder-radius:0px 0px 0px 0px;\n}\n<\/style>\n<div class='flex_column av-av_one_half-99631f555abdb327d0c5dfd5f6831e44 av_one_half  avia-builder-el-36  el_after_av_one_half  el_before_av_one_full  jo_col_empty flex_column_table_cell av-equal-height-column av-align-top av-animated-generic fade-in av-zero-column-padding column-top-margin'     ><section  class='av_textblock_section av-av_textblock-283972ea15f2e73870c23e2d6de3245d' ><div class='avia_textblock' ><p>invisible placeholder<\/p>\n<\/div><\/section><\/div><\/div><!--close column table wrapper. Autoclose: 1 --><div class='flex_column_table av-av_one_full-9731843b9236f31f4ed8d91fa944e8b0 sc-av_one_full av-equal-height-column-flextable'>\n<style type=\"text\/css\" data-created_by=\"avia_inline_auto\" id=\"style-css-av-av_one_full-9731843b9236f31f4ed8d91fa944e8b0\">\n.flex_column.av-av_one_full-9731843b9236f31f4ed8d91fa944e8b0{\n-webkit-border-radius:0px 0px 0px 0px;\n-moz-border-radius:0px 0px 0px 0px;\nborder-radius:0px 0px 0px 0px;\n}\n<\/style>\n<div class='flex_column av-av_one_full-9731843b9236f31f4ed8d91fa944e8b0 av_one_full  avia-builder-el-38  el_after_av_one_half  el_before_av_one_half  jo_col_empty first flex_column_table_cell av-equal-height-column av-align-top av-animated-generic fade-in av-zero-column-padding column-top-margin'     ><section  class='av_textblock_section av-av_textblock-283972ea15f2e73870c23e2d6de3245d' ><div class='avia_textblock' ><p>invisible placeholder<\/p>\n<\/div><\/section><\/div><\/div><!--close column table wrapper. Autoclose: 1 --><div class='flex_column_table av-av_one_half-d8bc1af391ab19e1b80332216d5a6941 sc-av_one_half av-equal-height-column-flextable'>\n<style type=\"text\/css\" data-created_by=\"avia_inline_auto\" id=\"style-css-av-av_one_half-d8bc1af391ab19e1b80332216d5a6941\">\n.flex_column.av-av_one_half-d8bc1af391ab19e1b80332216d5a6941{\n-webkit-border-radius:0px 0px 0px 0px;\n-moz-border-radius:0px 0px 0px 0px;\nborder-radius:0px 0px 0px 0px;\n}\n<\/style>\n<div class='flex_column av-av_one_half-d8bc1af391ab19e1b80332216d5a6941 av_one_half  avia-builder-el-40  el_after_av_one_full  el_before_av_one_half  jo_pf_bild_bg first flex_column_table_cell av-equal-height-column av-align-top av-animated-generic fade-in av-zero-column-padding column-top-margin'     ><style type=\"text\/css\" data-created_by=\"avia_inline_auto\" id=\"style-css-av-av_image-b114536c51332b95ea71ba3eb54dfa21\">\n.avia-image-container.av-av_image-b114536c51332b95ea71ba3eb54dfa21 img.avia_image{\nbox-shadow:none;\n}\n.avia-image-container.av-av_image-b114536c51332b95ea71ba3eb54dfa21 .av-caption-image-overlay-bg{\nopacity:0.4;\n}\n<\/style>\n<div  class='avia-image-container av-av_image-b114536c51332b95ea71ba3eb54dfa21 av-styling-no-styling avia_animated_image av-animated-when-visible-95 fade-in avia-align-left  avia-builder-el-41  avia-builder-el-no-sibling  jo_pf_bild noHover av-overlay-hover-deactivate'  ><div class=\"avia-image-container-inner\"><div class=\"avia-image-overlay-wrap\"><a href=\"https:\/\/www.galerie-metzger.de\/wp-content\/uploads\/2018\/01\/Kerstin-Abraham-Galerie-Metzger-Kunst-Angeandte-Kunst-Art-Contemporary-Objects-1090x727.jpg\" data-srcset=\"https:\/\/www.galerie-metzger.de\/wp-content\/uploads\/2018\/01\/Kerstin-Abraham-Galerie-Metzger-Kunst-Angeandte-Kunst-Art-Contemporary-Objects-1090x727.jpg 1090w, https:\/\/www.galerie-metzger.de\/wp-content\/uploads\/2018\/01\/Kerstin-Abraham-Galerie-Metzger-Kunst-Angeandte-Kunst-Art-Contemporary-Objects-690x460.jpg 690w, https:\/\/www.galerie-metzger.de\/wp-content\/uploads\/2018\/01\/Kerstin-Abraham-Galerie-Metzger-Kunst-Angeandte-Kunst-Art-Contemporary-Objects-1536x1024.jpg 1536w, https:\/\/www.galerie-metzger.de\/wp-content\/uploads\/2018\/01\/Kerstin-Abraham-Galerie-Metzger-Kunst-Angeandte-Kunst-Art-Contemporary-Objects-2048x1365.jpg 2048w, https:\/\/www.galerie-metzger.de\/wp-content\/uploads\/2018\/01\/Kerstin-Abraham-Galerie-Metzger-Kunst-Angeandte-Kunst-Art-Contemporary-Objects-1500x1000.jpg 1500w, https:\/\/www.galerie-metzger.de\/wp-content\/uploads\/2018\/01\/Kerstin-Abraham-Galerie-Metzger-Kunst-Angeandte-Kunst-Art-Contemporary-Objects-705x470.jpg 705w, https:\/\/www.galerie-metzger.de\/wp-content\/uploads\/2018\/01\/Kerstin-Abraham-Galerie-Metzger-Kunst-Angeandte-Kunst-Art-Contemporary-Objects-400x267.jpg 400w, https:\/\/www.galerie-metzger.de\/wp-content\/uploads\/2018\/01\/Kerstin-Abraham-Galerie-Metzger-Kunst-Angeandte-Kunst-Art-Contemporary-Objects-768x512.jpg 768w, https:\/\/www.galerie-metzger.de\/wp-content\/uploads\/2018\/01\/Kerstin-Abraham-Galerie-Metzger-Kunst-Angeandte-Kunst-Art-Contemporary-Objects-1600x1067.jpg 1600w, https:\/\/www.galerie-metzger.de\/wp-content\/uploads\/2018\/01\/Kerstin-Abraham-Galerie-Metzger-Kunst-Angeandte-Kunst-Art-Contemporary-Objects-300x200.jpg 300w, https:\/\/www.galerie-metzger.de\/wp-content\/uploads\/2018\/01\/Kerstin-Abraham-Galerie-Metzger-Kunst-Angeandte-Kunst-Art-Contemporary-Objects-900x600.jpg 900w, https:\/\/www.galerie-metzger.de\/wp-content\/uploads\/2018\/01\/Kerstin-Abraham-Galerie-Metzger-Kunst-Angeandte-Kunst-Art-Contemporary-Objects-450x300.jpg 450w\" data-sizes=\"(max-width: 1030px) 100vw, 1030px\" class='avia_image' ><div class=\"av-image-caption-overlay\"><div class=\"av-caption-image-overlay-bg\"><\/div><div class=\"av-image-caption-overlay-position\"><div class=\"av-image-caption-overlay-center\"><p>Kerstin Abraham \u2013 Musterbuch \u2013\u00a02017, Foto: Kerstin Abraham<\/p>\n<\/div><\/div><\/div><img decoding=\"async\" class='wp-image-3636 avia-img-lazy-loading-not-3636 avia_image ' src=\"https:\/\/www.galerie-metzger.de\/wp-content\/uploads\/2018\/01\/Kerstin-Abraham-Galerie-Metzger-Kunst-Angeandte-Kunst-Art-Contemporary-Objects-495x400.jpg\" alt='Kerstin Abraham \u2013\u00a0Galerie Metzger Kunst Angewandte Kunst Art Contemporary Objects' title='Kerstin Abraham'  height=\"400\" width=\"495\" srcset=\"https:\/\/www.galerie-metzger.de\/wp-content\/uploads\/2018\/01\/Kerstin-Abraham-Galerie-Metzger-Kunst-Angeandte-Kunst-Art-Contemporary-Objects-495x400.jpg 495w, https:\/\/www.galerie-metzger.de\/wp-content\/uploads\/2018\/01\/Kerstin-Abraham-Galerie-Metzger-Kunst-Angeandte-Kunst-Art-Contemporary-Objects-845x684.jpg 845w\" sizes=\"(max-width: 495px) 100vw, 495px\" \/><\/a><\/div><\/div><\/div><\/div><div class='av-flex-placeholder'><\/div>\n<style type=\"text\/css\" data-created_by=\"avia_inline_auto\" id=\"style-css-av-av_one_half-d3527fefd78746f092942f935eb2b9ab\">\n.flex_column.av-av_one_half-d3527fefd78746f092942f935eb2b9ab{\n-webkit-border-radius:0px 0px 0px 0px;\n-moz-border-radius:0px 0px 0px 0px;\nborder-radius:0px 0px 0px 0px;\n}\n<\/style>\n<div class='flex_column av-av_one_half-d3527fefd78746f092942f935eb2b9ab av_one_half  avia-builder-el-42  el_after_av_one_half  el_before_av_one_full  flex_column_table_cell av-equal-height-column av-align-top av-animated-generic fade-in av-zero-column-padding column-top-margin'     ><section  class='av_textblock_section av-av_textblock-283972ea15f2e73870c23e2d6de3245d' ><div class='avia_textblock' ><p>Kulturpraktikantin<\/p>\n<p>Seit ich 2008 in den HB Werkst\u00e4tten gearbeitet habe, ist mir auch praktisch bewusst, dass das Zeitgen\u00f6ssische in seiner freiesten Form im Muster, im Dekor, zu Hause sein kann. Die Zeitgenossenschaft liegt in der Erfindung, die sich dem Zwecke vollkommen anverwandelt hat, schon in der Produktion, im Machen selbst.<\/p>\n<p>Vor einiger Zeit wandte ich mich dann der Frage zu, wann etwas, was ich zeichne, eine freie Zeichnung ist &#8211; und wann ein Ornament. Und ob sich aus meiner Zeichnung ein taugliches Ornament oder Muster gewinnen l\u00e4sst &#8211; und umgedreht.<\/p>\n<p>Ich zeige heute gern Zeichnungen aus meinen Musterb\u00fcchern zusammen mit den Geschirrteilen, meist Tellern, auf denen sie als Ornamente oder Muster auftauchen. Die Geschirre habe ich im Fall der meisten Fayencen selbst gemacht.<\/p>\n<\/div><\/section><\/div><\/div><!--close column table wrapper. Autoclose: 1 --><div class='flex_column_table av-av_one_full-9731843b9236f31f4ed8d91fa944e8b0 sc-av_one_full av-equal-height-column-flextable'>\n<style type=\"text\/css\" data-created_by=\"avia_inline_auto\" id=\"style-css-av-av_one_full-9731843b9236f31f4ed8d91fa944e8b0\">\n.flex_column.av-av_one_full-9731843b9236f31f4ed8d91fa944e8b0{\n-webkit-border-radius:0px 0px 0px 0px;\n-moz-border-radius:0px 0px 0px 0px;\nborder-radius:0px 0px 0px 0px;\n}\n<\/style>\n<div class='flex_column av-av_one_full-9731843b9236f31f4ed8d91fa944e8b0 av_one_full  avia-builder-el-44  el_after_av_one_half  el_before_av_one_half  jo_col_empty first flex_column_table_cell av-equal-height-column av-align-top av-animated-generic fade-in av-zero-column-padding column-top-margin'     ><section  class='av_textblock_section av-av_textblock-283972ea15f2e73870c23e2d6de3245d' ><div class='avia_textblock' ><p>invisible placeholder<\/p>\n<\/div><\/section><\/div><\/div><!--close column table wrapper. Autoclose: 1 --><div class='flex_column_table av-av_one_half-081f2d25e9e807acef4963eb4e3a9b0e sc-av_one_half av-equal-height-column-flextable'>\n<style type=\"text\/css\" data-created_by=\"avia_inline_auto\" id=\"style-css-av-av_one_half-081f2d25e9e807acef4963eb4e3a9b0e\">\n.flex_column.av-av_one_half-081f2d25e9e807acef4963eb4e3a9b0e{\n-webkit-border-radius:0px 0px 0px 0px;\n-moz-border-radius:0px 0px 0px 0px;\nborder-radius:0px 0px 0px 0px;\n}\n<\/style>\n<div class='flex_column av-av_one_half-081f2d25e9e807acef4963eb4e3a9b0e av_one_half  avia-builder-el-46  el_after_av_one_full  el_before_av_one_half  first flex_column_table_cell av-equal-height-column av-align-top av-animated-generic fade-in av-zero-column-padding column-top-margin'     ><section  class='av_textblock_section av-av_textblock-283972ea15f2e73870c23e2d6de3245d' ><div class='avia_textblock' ><p>Das hat damit zutun, was mir die Fayence bedeutet. Dann gibt es Arbeiten, die Resultate meiner T\u00e4tigkeit als \u201eWandermalerin\u201c in heute noch existierenden europ\u00e4ischen Produktionsst\u00e4tten sind, bei denen ich mich den jeweiligen Herstellungstechnologien anpasse. Wie das Glasur-auf-Glasur Malen bei Zsolnay, zum Beispiel. Man sagt, gerade bei Keramik, \u201eIndustrie\u201c gern abwertend. Wie aufregend dagegen ist es, in die historisch gewachsenen und fein unterschiedenen industriellen Techniken einzutauchen, eine winzige individuelle Spur zu legen. Schlie\u00dflich gibt es meine Palimpzeste auf historischer Industrieproduktion &#8211; hier habe ich das Tr\u00e4germaterial im Internet ersteigert und kann die vielen verschiedenen Technologien, zu der meine Maltechnik jedes Mal passen muss, nur erraten und austesten. Meine Lieblinge stammen aus der Zeit vor dem Geschirrsp\u00fcler (\u2026).<\/p>\n<\/div><\/section><\/div><div class='av-flex-placeholder'><\/div>\n<style type=\"text\/css\" data-created_by=\"avia_inline_auto\" id=\"style-css-av-av_one_half-6b9a0098281ac79e1809296ee7f22ca2\">\n.flex_column.av-av_one_half-6b9a0098281ac79e1809296ee7f22ca2{\n-webkit-border-radius:0px 0px 0px 0px;\n-moz-border-radius:0px 0px 0px 0px;\nborder-radius:0px 0px 0px 0px;\n}\n<\/style>\n<div class='flex_column av-av_one_half-6b9a0098281ac79e1809296ee7f22ca2 av_one_half  avia-builder-el-48  el_after_av_one_half  el_before_av_one_full  jo_pf_bild_bg flex_column_table_cell av-equal-height-column av-align-top av-animated-generic fade-in av-zero-column-padding column-top-margin'     ><style type=\"text\/css\" data-created_by=\"avia_inline_auto\" id=\"style-css-av-av_image-e352e857840d33ab4808fffbfefedba4\">\n.avia-image-container.av-av_image-e352e857840d33ab4808fffbfefedba4 img.avia_image{\nbox-shadow:none;\n}\n.avia-image-container.av-av_image-e352e857840d33ab4808fffbfefedba4 .av-caption-image-overlay-bg{\nopacity:0.4;\n}\n<\/style>\n<div  class='avia-image-container av-av_image-e352e857840d33ab4808fffbfefedba4 av-styling-no-styling avia_animated_image av-animated-when-visible-95 fade-in avia-align-left  avia-builder-el-49  avia-builder-el-no-sibling  jo_pf_bild noHover av-overlay-hover-deactivate'  ><div class=\"avia-image-container-inner\"><div class=\"avia-image-overlay-wrap\"><a href=\"https:\/\/www.galerie-metzger.de\/wp-content\/uploads\/2018\/01\/Kerstin-Abraham-Tee-Ivory-Fine-Galerie-Metzger-Kunst-Angewandte-Kunst-Art-Contemporary-Objects-1090x727.jpg\" data-srcset=\"https:\/\/www.galerie-metzger.de\/wp-content\/uploads\/2018\/01\/Kerstin-Abraham-Tee-Ivory-Fine-Galerie-Metzger-Kunst-Angewandte-Kunst-Art-Contemporary-Objects-1090x727.jpg 1090w, https:\/\/www.galerie-metzger.de\/wp-content\/uploads\/2018\/01\/Kerstin-Abraham-Tee-Ivory-Fine-Galerie-Metzger-Kunst-Angewandte-Kunst-Art-Contemporary-Objects-690x460.jpg 690w, https:\/\/www.galerie-metzger.de\/wp-content\/uploads\/2018\/01\/Kerstin-Abraham-Tee-Ivory-Fine-Galerie-Metzger-Kunst-Angewandte-Kunst-Art-Contemporary-Objects-1536x1024.jpg 1536w, https:\/\/www.galerie-metzger.de\/wp-content\/uploads\/2018\/01\/Kerstin-Abraham-Tee-Ivory-Fine-Galerie-Metzger-Kunst-Angewandte-Kunst-Art-Contemporary-Objects-2048x1365.jpg 2048w, https:\/\/www.galerie-metzger.de\/wp-content\/uploads\/2018\/01\/Kerstin-Abraham-Tee-Ivory-Fine-Galerie-Metzger-Kunst-Angewandte-Kunst-Art-Contemporary-Objects-1500x1000.jpg 1500w, https:\/\/www.galerie-metzger.de\/wp-content\/uploads\/2018\/01\/Kerstin-Abraham-Tee-Ivory-Fine-Galerie-Metzger-Kunst-Angewandte-Kunst-Art-Contemporary-Objects-705x470.jpg 705w, https:\/\/www.galerie-metzger.de\/wp-content\/uploads\/2018\/01\/Kerstin-Abraham-Tee-Ivory-Fine-Galerie-Metzger-Kunst-Angewandte-Kunst-Art-Contemporary-Objects-400x267.jpg 400w, https:\/\/www.galerie-metzger.de\/wp-content\/uploads\/2018\/01\/Kerstin-Abraham-Tee-Ivory-Fine-Galerie-Metzger-Kunst-Angewandte-Kunst-Art-Contemporary-Objects-768x512.jpg 768w, https:\/\/www.galerie-metzger.de\/wp-content\/uploads\/2018\/01\/Kerstin-Abraham-Tee-Ivory-Fine-Galerie-Metzger-Kunst-Angewandte-Kunst-Art-Contemporary-Objects-1600x1067.jpg 1600w, https:\/\/www.galerie-metzger.de\/wp-content\/uploads\/2018\/01\/Kerstin-Abraham-Tee-Ivory-Fine-Galerie-Metzger-Kunst-Angewandte-Kunst-Art-Contemporary-Objects-300x200.jpg 300w, https:\/\/www.galerie-metzger.de\/wp-content\/uploads\/2018\/01\/Kerstin-Abraham-Tee-Ivory-Fine-Galerie-Metzger-Kunst-Angewandte-Kunst-Art-Contemporary-Objects-900x600.jpg 900w, https:\/\/www.galerie-metzger.de\/wp-content\/uploads\/2018\/01\/Kerstin-Abraham-Tee-Ivory-Fine-Galerie-Metzger-Kunst-Angewandte-Kunst-Art-Contemporary-Objects-450x300.jpg 450w\" data-sizes=\"(max-width: 1030px) 100vw, 1030px\" class='avia_image' ><div class=\"av-image-caption-overlay\"><div class=\"av-caption-image-overlay-bg\"><\/div><div class=\"av-image-caption-overlay-position\"><div class=\"av-image-caption-overlay-center\"><p>Kerstin Abraham \u2013\u00a0Tee Ivory Fine \u2013\u00a02017, Foto: Kerstin Abraham<\/p>\n<\/div><\/div><\/div><img decoding=\"async\" class='wp-image-3637 avia-img-lazy-loading-not-3637 avia_image ' src=\"https:\/\/www.galerie-metzger.de\/wp-content\/uploads\/2018\/01\/Kerstin-Abraham-Tee-Ivory-Fine-Galerie-Metzger-Kunst-Angewandte-Kunst-Art-Contemporary-Objects-495x400.jpg\" alt='Kerstin Abraham \u2013\u00a0Tee Ivory Fine \u2013\u00a0Galerie Metzger Kunst Angewandte Kunst Art Contemporary Objects' title='Kerstin Abraham \u2013\u00a0Tee Ivory Fine'  height=\"400\" width=\"495\" srcset=\"https:\/\/www.galerie-metzger.de\/wp-content\/uploads\/2018\/01\/Kerstin-Abraham-Tee-Ivory-Fine-Galerie-Metzger-Kunst-Angewandte-Kunst-Art-Contemporary-Objects-495x400.jpg 495w, https:\/\/www.galerie-metzger.de\/wp-content\/uploads\/2018\/01\/Kerstin-Abraham-Tee-Ivory-Fine-Galerie-Metzger-Kunst-Angewandte-Kunst-Art-Contemporary-Objects-845x684.jpg 845w\" sizes=\"(max-width: 495px) 100vw, 495px\" \/><\/a><\/div><\/div><\/div><\/div><\/div><!--close column table wrapper. Autoclose: 1 --><div class='flex_column_table av-av_one_full-9731843b9236f31f4ed8d91fa944e8b0 sc-av_one_full av-equal-height-column-flextable'>\n<style type=\"text\/css\" data-created_by=\"avia_inline_auto\" id=\"style-css-av-av_one_full-9731843b9236f31f4ed8d91fa944e8b0\">\n.flex_column.av-av_one_full-9731843b9236f31f4ed8d91fa944e8b0{\n-webkit-border-radius:0px 0px 0px 0px;\n-moz-border-radius:0px 0px 0px 0px;\nborder-radius:0px 0px 0px 0px;\n}\n<\/style>\n<div class='flex_column av-av_one_full-9731843b9236f31f4ed8d91fa944e8b0 av_one_full  avia-builder-el-50  el_after_av_one_half  el_before_av_one_half  jo_col_empty first flex_column_table_cell av-equal-height-column av-align-top av-animated-generic fade-in av-zero-column-padding column-top-margin'     ><section  class='av_textblock_section av-av_textblock-283972ea15f2e73870c23e2d6de3245d' ><div class='avia_textblock' ><p>invisible placeholder<\/p>\n<\/div><\/section><\/div><\/div><!--close column table wrapper. Autoclose: 1 --><div class='flex_column_table av-av_one_half-081f2d25e9e807acef4963eb4e3a9b0e sc-av_one_half av-equal-height-column-flextable'>\n<style type=\"text\/css\" data-created_by=\"avia_inline_auto\" id=\"style-css-av-av_one_half-081f2d25e9e807acef4963eb4e3a9b0e\">\n.flex_column.av-av_one_half-081f2d25e9e807acef4963eb4e3a9b0e{\n-webkit-border-radius:0px 0px 0px 0px;\n-moz-border-radius:0px 0px 0px 0px;\nborder-radius:0px 0px 0px 0px;\n}\n<\/style>\n<div class='flex_column av-av_one_half-081f2d25e9e807acef4963eb4e3a9b0e av_one_half  avia-builder-el-52  el_after_av_one_full  el_before_av_one_half  first flex_column_table_cell av-equal-height-column av-align-top av-animated-generic fade-in av-zero-column-padding column-top-margin'     ><section  class='av_textblock_section av-av_textblock-283972ea15f2e73870c23e2d6de3245d' ><div class='avia_textblock' ><p>Die Musterbuchvorlagen, die ich immer wieder verwenden und variieren kann, sind einerseits wiedererkennbar. Andererseits bestimmen die Umst\u00e4nde der Applikation einen neuen Malakt, der in eine stets neue Zeichnung m\u00fcndet. Gleichzeitig ergeben die verschiedenen Formen, Zeichnungen, Produktions-und Maltechniken, die sich immer aufeinander beziehen m\u00fcssen, in ihrer F\u00fclle ein so gro\u00dfes Spannungsfeld, das ich nicht m\u00fcde werde, die Ergebnisse zu vermischen und neu zu kombinieren. Alle vorhergehenden Arbeitsschritte, die mich allein v\u00f6llig ausgef\u00fcllt haben, erweisen sich nun als Vorstufen einer ordnenden T\u00e4tigkeit, die das \u201eGanze\u201c will, aber nicht erreichen kann.<\/p>\n<p><em> Kerstin Abraham <\/em><\/p>\n<\/div><\/section><\/div><div class='av-flex-placeholder'><\/div>\n<style type=\"text\/css\" data-created_by=\"avia_inline_auto\" id=\"style-css-av-av_one_half-99631f555abdb327d0c5dfd5f6831e44\">\n.flex_column.av-av_one_half-99631f555abdb327d0c5dfd5f6831e44{\n-webkit-border-radius:0px 0px 0px 0px;\n-moz-border-radius:0px 0px 0px 0px;\nborder-radius:0px 0px 0px 0px;\n}\n<\/style>\n<div class='flex_column av-av_one_half-99631f555abdb327d0c5dfd5f6831e44 av_one_half  avia-builder-el-54  el_after_av_one_half  el_before_av_one_full  jo_col_empty flex_column_table_cell av-equal-height-column av-align-top av-animated-generic fade-in av-zero-column-padding column-top-margin'     ><section  class='av_textblock_section av-av_textblock-283972ea15f2e73870c23e2d6de3245d' ><div class='avia_textblock' ><p>invisible placeholder<\/p>\n<\/div><\/section><\/div><\/div><!--close column table wrapper. Autoclose: 1 --><div class='flex_column_table av-av_one_full-9731843b9236f31f4ed8d91fa944e8b0 sc-av_one_full av-equal-height-column-flextable'>\n<style type=\"text\/css\" data-created_by=\"avia_inline_auto\" id=\"style-css-av-av_one_full-9731843b9236f31f4ed8d91fa944e8b0\">\n.flex_column.av-av_one_full-9731843b9236f31f4ed8d91fa944e8b0{\n-webkit-border-radius:0px 0px 0px 0px;\n-moz-border-radius:0px 0px 0px 0px;\nborder-radius:0px 0px 0px 0px;\n}\n<\/style>\n<div class='flex_column av-av_one_full-9731843b9236f31f4ed8d91fa944e8b0 av_one_full  avia-builder-el-56  el_after_av_one_half  el_before_av_one_half  jo_col_empty first flex_column_table_cell av-equal-height-column av-align-top av-animated-generic fade-in av-zero-column-padding column-top-margin'     ><section  class='av_textblock_section av-av_textblock-283972ea15f2e73870c23e2d6de3245d' ><div class='avia_textblock' ><p>invisible placeholder<\/p>\n<\/div><\/section><\/div><\/div><!--close column table wrapper. Autoclose: 1 --><div class='flex_column_table av-av_one_half-d8bc1af391ab19e1b80332216d5a6941 sc-av_one_half av-equal-height-column-flextable'>\n<style type=\"text\/css\" data-created_by=\"avia_inline_auto\" id=\"style-css-av-av_one_half-d8bc1af391ab19e1b80332216d5a6941\">\n.flex_column.av-av_one_half-d8bc1af391ab19e1b80332216d5a6941{\n-webkit-border-radius:0px 0px 0px 0px;\n-moz-border-radius:0px 0px 0px 0px;\nborder-radius:0px 0px 0px 0px;\n}\n<\/style>\n<div class='flex_column av-av_one_half-d8bc1af391ab19e1b80332216d5a6941 av_one_half  avia-builder-el-58  el_after_av_one_full  el_before_av_one_half  jo_pf_bild_bg first flex_column_table_cell av-equal-height-column av-align-top av-animated-generic fade-in av-zero-column-padding column-top-margin'     ><style type=\"text\/css\" data-created_by=\"avia_inline_auto\" id=\"style-css-av-av_image-b5473d68fd41119673a718cb24f97d34\">\n.avia-image-container.av-av_image-b5473d68fd41119673a718cb24f97d34 img.avia_image{\nbox-shadow:none;\n}\n.avia-image-container.av-av_image-b5473d68fd41119673a718cb24f97d34 .av-caption-image-overlay-bg{\nopacity:0.4;\n}\n<\/style>\n<div  class='avia-image-container av-av_image-b5473d68fd41119673a718cb24f97d34 av-styling-no-styling avia_animated_image av-animated-when-visible-95 fade-in avia-align-left  avia-builder-el-59  avia-builder-el-no-sibling  jo_pf_bild noHover av-overlay-hover-deactivate'  ><div class=\"avia-image-container-inner\"><div class=\"avia-image-overlay-wrap\"><a href=\"https:\/\/www.galerie-metzger.de\/wp-content\/uploads\/2018\/01\/Margaret-Curtis-Schale-2017-Galerie-Metzger-Angewandte-Kunst-Contemporary-Objects-Ceramic-Oelfiring-1090x727.jpg\" data-srcset=\"https:\/\/www.galerie-metzger.de\/wp-content\/uploads\/2018\/01\/Margaret-Curtis-Schale-2017-Galerie-Metzger-Angewandte-Kunst-Contemporary-Objects-Ceramic-Oelfiring-1090x727.jpg 1090w, https:\/\/www.galerie-metzger.de\/wp-content\/uploads\/2018\/01\/Margaret-Curtis-Schale-2017-Galerie-Metzger-Angewandte-Kunst-Contemporary-Objects-Ceramic-Oelfiring-690x460.jpg 690w, https:\/\/www.galerie-metzger.de\/wp-content\/uploads\/2018\/01\/Margaret-Curtis-Schale-2017-Galerie-Metzger-Angewandte-Kunst-Contemporary-Objects-Ceramic-Oelfiring-1536x1024.jpg 1536w, https:\/\/www.galerie-metzger.de\/wp-content\/uploads\/2018\/01\/Margaret-Curtis-Schale-2017-Galerie-Metzger-Angewandte-Kunst-Contemporary-Objects-Ceramic-Oelfiring-2048x1365.jpg 2048w, https:\/\/www.galerie-metzger.de\/wp-content\/uploads\/2018\/01\/Margaret-Curtis-Schale-2017-Galerie-Metzger-Angewandte-Kunst-Contemporary-Objects-Ceramic-Oelfiring-1500x1000.jpg 1500w, https:\/\/www.galerie-metzger.de\/wp-content\/uploads\/2018\/01\/Margaret-Curtis-Schale-2017-Galerie-Metzger-Angewandte-Kunst-Contemporary-Objects-Ceramic-Oelfiring-705x470.jpg 705w, https:\/\/www.galerie-metzger.de\/wp-content\/uploads\/2018\/01\/Margaret-Curtis-Schale-2017-Galerie-Metzger-Angewandte-Kunst-Contemporary-Objects-Ceramic-Oelfiring-400x267.jpg 400w, https:\/\/www.galerie-metzger.de\/wp-content\/uploads\/2018\/01\/Margaret-Curtis-Schale-2017-Galerie-Metzger-Angewandte-Kunst-Contemporary-Objects-Ceramic-Oelfiring-768x512.jpg 768w, https:\/\/www.galerie-metzger.de\/wp-content\/uploads\/2018\/01\/Margaret-Curtis-Schale-2017-Galerie-Metzger-Angewandte-Kunst-Contemporary-Objects-Ceramic-Oelfiring-1600x1067.jpg 1600w, https:\/\/www.galerie-metzger.de\/wp-content\/uploads\/2018\/01\/Margaret-Curtis-Schale-2017-Galerie-Metzger-Angewandte-Kunst-Contemporary-Objects-Ceramic-Oelfiring-300x200.jpg 300w, https:\/\/www.galerie-metzger.de\/wp-content\/uploads\/2018\/01\/Margaret-Curtis-Schale-2017-Galerie-Metzger-Angewandte-Kunst-Contemporary-Objects-Ceramic-Oelfiring-900x600.jpg 900w, https:\/\/www.galerie-metzger.de\/wp-content\/uploads\/2018\/01\/Margaret-Curtis-Schale-2017-Galerie-Metzger-Angewandte-Kunst-Contemporary-Objects-Ceramic-Oelfiring-450x300.jpg 450w\" data-sizes=\"(max-width: 1030px) 100vw, 1030px\" class='avia_image' ><div class=\"av-image-caption-overlay\"><div class=\"av-caption-image-overlay-bg\"><\/div><div class=\"av-image-caption-overlay-position\"><div class=\"av-image-caption-overlay-center\"><p>Margaret Curtis \u2013 Schale \u2013\u00a02017, Foto: Eddie Curtis<\/p>\n<\/div><\/div><\/div><img decoding=\"async\" class='wp-image-3639 avia-img-lazy-loading-not-3639 avia_image ' src=\"https:\/\/www.galerie-metzger.de\/wp-content\/uploads\/2018\/01\/Margaret-Curtis-Schale-2017-Galerie-Metzger-Angewandte-Kunst-Contemporary-Objects-Ceramic-Oelfiring-495x400.jpg\" alt='Margaret Curtis \u2013\u00a0Schale \u2013\u00a02017 \u2013\u00a0Galerie Metzger Angewandte Kunst Contemporary Ceramic Objects Oilfiring' title='Margaret Curtis \u2013\u00a0Schale \u2013\u00a02017'  height=\"400\" width=\"495\" srcset=\"https:\/\/www.galerie-metzger.de\/wp-content\/uploads\/2018\/01\/Margaret-Curtis-Schale-2017-Galerie-Metzger-Angewandte-Kunst-Contemporary-Objects-Ceramic-Oelfiring-495x400.jpg 495w, https:\/\/www.galerie-metzger.de\/wp-content\/uploads\/2018\/01\/Margaret-Curtis-Schale-2017-Galerie-Metzger-Angewandte-Kunst-Contemporary-Objects-Ceramic-Oelfiring-845x684.jpg 845w\" sizes=\"(max-width: 495px) 100vw, 495px\" \/><\/a><\/div><\/div><\/div><\/div><div class='av-flex-placeholder'><\/div>\n<style type=\"text\/css\" data-created_by=\"avia_inline_auto\" id=\"style-css-av-av_one_half-d3527fefd78746f092942f935eb2b9ab\">\n.flex_column.av-av_one_half-d3527fefd78746f092942f935eb2b9ab{\n-webkit-border-radius:0px 0px 0px 0px;\n-moz-border-radius:0px 0px 0px 0px;\nborder-radius:0px 0px 0px 0px;\n}\n<\/style>\n<div class='flex_column av-av_one_half-d3527fefd78746f092942f935eb2b9ab av_one_half  avia-builder-el-60  el_after_av_one_half  el_before_av_one_full  flex_column_table_cell av-equal-height-column av-align-top av-animated-generic fade-in av-zero-column-padding column-top-margin'     ><section  class='av_textblock_section av-av_textblock-283972ea15f2e73870c23e2d6de3245d' ><div class='avia_textblock' ><p>Das Interesse von Margaret Curtis liegt in der Sch\u00f6nheit der Unvollkommenheit. Einer Sch\u00f6nheit, die aus dem Alter, aus dem nat\u00fcrlichen Verfall, aus patinierten Oberfl\u00e4chen, durch Abnutzung\u00a0\u2013 verwittert oder einzigartig verformt, kommt.<br \/>\nSie mag Objekte, die eine bescheidene, aber zutiefst selbstbewusste Pr\u00e4senz besitzen; Objekte, die eine Ruhe und Grad der Nachdenklichkeit von Ihrem Betrachter verlangen, damit die Nuancen und Feinheiten ihrer Existenz wirklich absorbiert und gesch\u00e4tzt werden k\u00f6nnen.<\/p>\n<p><em> Margaret Curtis <\/em><\/p>\n<\/div><\/section><\/div><\/div><!--close column table wrapper. Autoclose: 1 --><div class='flex_column_table av-av_one_full-9731843b9236f31f4ed8d91fa944e8b0 sc-av_one_full av-equal-height-column-flextable'>\n<style type=\"text\/css\" data-created_by=\"avia_inline_auto\" id=\"style-css-av-av_one_full-9731843b9236f31f4ed8d91fa944e8b0\">\n.flex_column.av-av_one_full-9731843b9236f31f4ed8d91fa944e8b0{\n-webkit-border-radius:0px 0px 0px 0px;\n-moz-border-radius:0px 0px 0px 0px;\nborder-radius:0px 0px 0px 0px;\n}\n<\/style>\n<div class='flex_column av-av_one_full-9731843b9236f31f4ed8d91fa944e8b0 av_one_full  avia-builder-el-62  el_after_av_one_half  el_before_av_one_half  jo_col_empty first flex_column_table_cell av-equal-height-column av-align-top av-animated-generic fade-in av-zero-column-padding column-top-margin'     ><section  class='av_textblock_section av-av_textblock-283972ea15f2e73870c23e2d6de3245d' ><div class='avia_textblock' ><p>invisible placeholder<\/p>\n<\/div><\/section><\/div><\/div><!--close column table wrapper. Autoclose: 1 --><div class='flex_column_table av-av_one_half-081f2d25e9e807acef4963eb4e3a9b0e sc-av_one_half av-equal-height-column-flextable'>\n<style type=\"text\/css\" data-created_by=\"avia_inline_auto\" id=\"style-css-av-av_one_half-081f2d25e9e807acef4963eb4e3a9b0e\">\n.flex_column.av-av_one_half-081f2d25e9e807acef4963eb4e3a9b0e{\n-webkit-border-radius:0px 0px 0px 0px;\n-moz-border-radius:0px 0px 0px 0px;\nborder-radius:0px 0px 0px 0px;\n}\n<\/style>\n<div class='flex_column av-av_one_half-081f2d25e9e807acef4963eb4e3a9b0e av_one_half  avia-builder-el-64  el_after_av_one_full  el_before_av_one_half  first flex_column_table_cell av-equal-height-column av-align-top av-animated-generic fade-in av-zero-column-padding column-top-margin'     ><section  class='av_textblock_section av-av_textblock-283972ea15f2e73870c23e2d6de3245d' ><div class='avia_textblock' ><p>Nussknacker, R\u00e4ucherm\u00e4nnchen, Schwibb\u00f6gen \u2013 2018 m\u00f6chte ich mit fliegenden Fahnen eindringen in das gesch\u00fctzte Idyll deutscher Volkskunst. M\u00f6chte Unruhe stiften, wo sonst Andacht herrscht.<\/p>\n<p>Mit aufgerissener T\u00fcr Fremdartigkeiten einladen, in den Hort, in dem die K\u00f6nige aus dem Morgenland das h\u00f6chste der Gef\u00fchle sind.<\/p>\n<p>In unserer lieben, dunklen, von Tannenduft und Quetschenton erf\u00fcllten Heimatstube soll es rappeln!<\/p>\n<p><em> Hermann Gr\u00fcneberg <\/em><\/p>\n<\/div><\/section><\/div><div class='av-flex-placeholder'><\/div>\n<style type=\"text\/css\" data-created_by=\"avia_inline_auto\" id=\"style-css-av-av_one_half-6b9a0098281ac79e1809296ee7f22ca2\">\n.flex_column.av-av_one_half-6b9a0098281ac79e1809296ee7f22ca2{\n-webkit-border-radius:0px 0px 0px 0px;\n-moz-border-radius:0px 0px 0px 0px;\nborder-radius:0px 0px 0px 0px;\n}\n<\/style>\n<div class='flex_column av-av_one_half-6b9a0098281ac79e1809296ee7f22ca2 av_one_half  avia-builder-el-66  el_after_av_one_half  el_before_av_one_full  jo_pf_bild_bg flex_column_table_cell av-equal-height-column av-align-top av-animated-generic fade-in av-zero-column-padding column-top-margin'     ><style type=\"text\/css\" data-created_by=\"avia_inline_auto\" id=\"style-css-av-av_image-2336787d6a12504aaaaf96ae56408127\">\n.avia-image-container.av-av_image-2336787d6a12504aaaaf96ae56408127 img.avia_image{\nbox-shadow:none;\n}\n.avia-image-container.av-av_image-2336787d6a12504aaaaf96ae56408127 .av-caption-image-overlay-bg{\nopacity:0.4;\n}\n<\/style>\n<div  class='avia-image-container av-av_image-2336787d6a12504aaaaf96ae56408127 av-styling-no-styling avia_animated_image av-animated-when-visible-95 fade-in avia-align-left  avia-builder-el-67  avia-builder-el-no-sibling  jo_pf_bild noHover av-overlay-hover-deactivate'  ><div class=\"avia-image-container-inner\"><div class=\"avia-image-overlay-wrap\"><a href=\"https:\/\/www.galerie-metzger.de\/wp-content\/uploads\/2018\/02\/hermann-grueneberg-Volxkunst-Versuchsanordnung-2018-galerie-metzger-gallery-skulptur-art-plastik-727x1090.jpg\" data-srcset=\"https:\/\/www.galerie-metzger.de\/wp-content\/uploads\/2018\/02\/hermann-grueneberg-Volxkunst-Versuchsanordnung-2018-galerie-metzger-gallery-skulptur-art-plastik-727x1090.jpg 727w, https:\/\/www.galerie-metzger.de\/wp-content\/uploads\/2018\/02\/hermann-grueneberg-Volxkunst-Versuchsanordnung-2018-galerie-metzger-gallery-skulptur-art-plastik-690x1035.jpg 690w, https:\/\/www.galerie-metzger.de\/wp-content\/uploads\/2018\/02\/hermann-grueneberg-Volxkunst-Versuchsanordnung-2018-galerie-metzger-gallery-skulptur-art-plastik-1024x1536.jpg 1024w, https:\/\/www.galerie-metzger.de\/wp-content\/uploads\/2018\/02\/hermann-grueneberg-Volxkunst-Versuchsanordnung-2018-galerie-metzger-gallery-skulptur-art-plastik-1365x2048.jpg 1365w, https:\/\/www.galerie-metzger.de\/wp-content\/uploads\/2018\/02\/hermann-grueneberg-Volxkunst-Versuchsanordnung-2018-galerie-metzger-gallery-skulptur-art-plastik-1000x1500.jpg 1000w, https:\/\/www.galerie-metzger.de\/wp-content\/uploads\/2018\/02\/hermann-grueneberg-Volxkunst-Versuchsanordnung-2018-galerie-metzger-gallery-skulptur-art-plastik-470x705.jpg 470w, https:\/\/www.galerie-metzger.de\/wp-content\/uploads\/2018\/02\/hermann-grueneberg-Volxkunst-Versuchsanordnung-2018-galerie-metzger-gallery-skulptur-art-plastik-267x400.jpg 267w, https:\/\/www.galerie-metzger.de\/wp-content\/uploads\/2018\/02\/hermann-grueneberg-Volxkunst-Versuchsanordnung-2018-galerie-metzger-gallery-skulptur-art-plastik-768x1152.jpg 768w, https:\/\/www.galerie-metzger.de\/wp-content\/uploads\/2018\/02\/hermann-grueneberg-Volxkunst-Versuchsanordnung-2018-galerie-metzger-gallery-skulptur-art-plastik-1067x1600.jpg 1067w, https:\/\/www.galerie-metzger.de\/wp-content\/uploads\/2018\/02\/hermann-grueneberg-Volxkunst-Versuchsanordnung-2018-galerie-metzger-gallery-skulptur-art-plastik-450x675.jpg 450w, https:\/\/www.galerie-metzger.de\/wp-content\/uploads\/2018\/02\/hermann-grueneberg-Volxkunst-Versuchsanordnung-2018-galerie-metzger-gallery-skulptur-art-plastik-scaled.jpg 1707w\" data-sizes=\"(max-width: 687px) 100vw, 687px\" class='avia_image' ><div class=\"av-image-caption-overlay\"><div class=\"av-caption-image-overlay-bg\"><\/div><div class=\"av-image-caption-overlay-position\"><div class=\"av-image-caption-overlay-center\"><p>Hermann Gr\u00fcneberg \u2013 Volxkunst, Versuchsanordnung \u2013\u00a02018, Foto: Hermann Gr\u00fcneberg<\/p>\n<\/div><\/div><\/div><img decoding=\"async\" class='wp-image-5538 avia-img-lazy-loading-not-5538 avia_image ' src=\"https:\/\/www.galerie-metzger.de\/wp-content\/uploads\/2018\/02\/hermann-grueneberg-Volxkunst-Versuchsanordnung-2018-galerie-metzger-gallery-skulptur-art-plastik-495x400.jpg\" alt='hermann grueneberg Volxkunst Versuchsanordnung 2018 galerie metzger gallery skulptur art plastik' title='Hermann Grueneberg Volxkunst Versuchsanordnung 2018'  height=\"400\" width=\"495\" srcset=\"https:\/\/www.galerie-metzger.de\/wp-content\/uploads\/2018\/02\/hermann-grueneberg-Volxkunst-Versuchsanordnung-2018-galerie-metzger-gallery-skulptur-art-plastik-495x400.jpg 495w, https:\/\/www.galerie-metzger.de\/wp-content\/uploads\/2018\/02\/hermann-grueneberg-Volxkunst-Versuchsanordnung-2018-galerie-metzger-gallery-skulptur-art-plastik-845x684.jpg 845w\" sizes=\"(max-width: 495px) 100vw, 495px\" \/><\/a><\/div><\/div><\/div><\/div><\/div><!--close column table wrapper. Autoclose: 1 --><div class='flex_column_table av-av_one_full-9731843b9236f31f4ed8d91fa944e8b0 sc-av_one_full av-equal-height-column-flextable'>\n<style type=\"text\/css\" data-created_by=\"avia_inline_auto\" id=\"style-css-av-av_one_full-9731843b9236f31f4ed8d91fa944e8b0\">\n.flex_column.av-av_one_full-9731843b9236f31f4ed8d91fa944e8b0{\n-webkit-border-radius:0px 0px 0px 0px;\n-moz-border-radius:0px 0px 0px 0px;\nborder-radius:0px 0px 0px 0px;\n}\n<\/style>\n<div class='flex_column av-av_one_full-9731843b9236f31f4ed8d91fa944e8b0 av_one_full  avia-builder-el-68  el_after_av_one_half  el_before_av_one_half  jo_col_empty first flex_column_table_cell av-equal-height-column av-align-top av-animated-generic fade-in av-zero-column-padding column-top-margin'     ><section  class='av_textblock_section av-av_textblock-283972ea15f2e73870c23e2d6de3245d' ><div class='avia_textblock' ><p>invisible placeholder<\/p>\n<\/div><\/section><\/div><\/div><!--close column table wrapper. Autoclose: 1 --><div class='flex_column_table av-av_one_half-d8bc1af391ab19e1b80332216d5a6941 sc-av_one_half av-equal-height-column-flextable'>\n<style type=\"text\/css\" data-created_by=\"avia_inline_auto\" id=\"style-css-av-av_one_half-d8bc1af391ab19e1b80332216d5a6941\">\n.flex_column.av-av_one_half-d8bc1af391ab19e1b80332216d5a6941{\n-webkit-border-radius:0px 0px 0px 0px;\n-moz-border-radius:0px 0px 0px 0px;\nborder-radius:0px 0px 0px 0px;\n}\n<\/style>\n<div class='flex_column av-av_one_half-d8bc1af391ab19e1b80332216d5a6941 av_one_half  avia-builder-el-70  el_after_av_one_full  el_before_av_one_half  jo_pf_bild_bg first flex_column_table_cell av-equal-height-column av-align-top av-animated-generic fade-in av-zero-column-padding column-top-margin'     ><style type=\"text\/css\" data-created_by=\"avia_inline_auto\" id=\"style-css-av-av_image-c44dda506bff763a5bdb5e8c9eed6b9f\">\n.avia-image-container.av-av_image-c44dda506bff763a5bdb5e8c9eed6b9f img.avia_image{\nbox-shadow:none;\n}\n.avia-image-container.av-av_image-c44dda506bff763a5bdb5e8c9eed6b9f .av-caption-image-overlay-bg{\nopacity:0.4;\n}\n<\/style>\n<div  class='avia-image-container av-av_image-c44dda506bff763a5bdb5e8c9eed6b9f av-styling-no-styling avia_animated_image av-animated-when-visible-95 fade-in avia-align-left  avia-builder-el-71  avia-builder-el-no-sibling  jo_pf_bild noHover av-overlay-hover-deactivate'  ><div class=\"avia-image-container-inner\"><div class=\"avia-image-overlay-wrap\"><a href=\"https:\/\/www.galerie-metzger.de\/wp-content\/uploads\/2018\/01\/Kati-Juenger-Galerie-Metzger-Angewandte-Kunst-Contemporary-Objects-727x1090.jpg\" data-srcset=\"https:\/\/www.galerie-metzger.de\/wp-content\/uploads\/2018\/01\/Kati-Juenger-Galerie-Metzger-Angewandte-Kunst-Contemporary-Objects-727x1090.jpg 727w, https:\/\/www.galerie-metzger.de\/wp-content\/uploads\/2018\/01\/Kati-Juenger-Galerie-Metzger-Angewandte-Kunst-Contemporary-Objects-690x1035.jpg 690w, https:\/\/www.galerie-metzger.de\/wp-content\/uploads\/2018\/01\/Kati-Juenger-Galerie-Metzger-Angewandte-Kunst-Contemporary-Objects-1024x1536.jpg 1024w, https:\/\/www.galerie-metzger.de\/wp-content\/uploads\/2018\/01\/Kati-Juenger-Galerie-Metzger-Angewandte-Kunst-Contemporary-Objects-1365x2048.jpg 1365w, https:\/\/www.galerie-metzger.de\/wp-content\/uploads\/2018\/01\/Kati-Juenger-Galerie-Metzger-Angewandte-Kunst-Contemporary-Objects-1000x1500.jpg 1000w, https:\/\/www.galerie-metzger.de\/wp-content\/uploads\/2018\/01\/Kati-Juenger-Galerie-Metzger-Angewandte-Kunst-Contemporary-Objects-470x705.jpg 470w, https:\/\/www.galerie-metzger.de\/wp-content\/uploads\/2018\/01\/Kati-Juenger-Galerie-Metzger-Angewandte-Kunst-Contemporary-Objects-267x400.jpg 267w, https:\/\/www.galerie-metzger.de\/wp-content\/uploads\/2018\/01\/Kati-Juenger-Galerie-Metzger-Angewandte-Kunst-Contemporary-Objects-768x1152.jpg 768w, https:\/\/www.galerie-metzger.de\/wp-content\/uploads\/2018\/01\/Kati-Juenger-Galerie-Metzger-Angewandte-Kunst-Contemporary-Objects-1067x1600.jpg 1067w, https:\/\/www.galerie-metzger.de\/wp-content\/uploads\/2018\/01\/Kati-Juenger-Galerie-Metzger-Angewandte-Kunst-Contemporary-Objects-450x675.jpg 450w, https:\/\/www.galerie-metzger.de\/wp-content\/uploads\/2018\/01\/Kati-Juenger-Galerie-Metzger-Angewandte-Kunst-Contemporary-Objects.jpg 1600w\" data-sizes=\"(max-width: 687px) 100vw, 687px\" class='avia_image' ><div class=\"av-image-caption-overlay\"><div class=\"av-caption-image-overlay-bg\"><\/div><div class=\"av-image-caption-overlay-position\"><div class=\"av-image-caption-overlay-center\"><p>Kati J\u00fcnger \u2013 Becherform \u2013\u00a02017, Foto: Kati J\u00fcnger<\/p>\n<\/div><\/div><\/div><img decoding=\"async\" class='wp-image-3653 avia-img-lazy-loading-not-3653 avia_image ' src=\"https:\/\/www.galerie-metzger.de\/wp-content\/uploads\/2018\/01\/Kati-Juenger-Galerie-Metzger-Angewandte-Kunst-Contemporary-Objects-727x1090.jpg\" alt='Kati J\u00fcnger \u2013\u00a0Becher \u2013\u00a0Galerie Metzger Angewandte Kunst Contemporary Objects' title='Kati J\u00fcnger \u2013\u00a0Becher'  height=\"1030\" width=\"687\" srcset=\"https:\/\/www.galerie-metzger.de\/wp-content\/uploads\/2018\/01\/Kati-Juenger-Galerie-Metzger-Angewandte-Kunst-Contemporary-Objects-727x1090.jpg 727w, https:\/\/www.galerie-metzger.de\/wp-content\/uploads\/2018\/01\/Kati-Juenger-Galerie-Metzger-Angewandte-Kunst-Contemporary-Objects-690x1035.jpg 690w, https:\/\/www.galerie-metzger.de\/wp-content\/uploads\/2018\/01\/Kati-Juenger-Galerie-Metzger-Angewandte-Kunst-Contemporary-Objects-1024x1536.jpg 1024w, https:\/\/www.galerie-metzger.de\/wp-content\/uploads\/2018\/01\/Kati-Juenger-Galerie-Metzger-Angewandte-Kunst-Contemporary-Objects-1365x2048.jpg 1365w, https:\/\/www.galerie-metzger.de\/wp-content\/uploads\/2018\/01\/Kati-Juenger-Galerie-Metzger-Angewandte-Kunst-Contemporary-Objects-1000x1500.jpg 1000w, https:\/\/www.galerie-metzger.de\/wp-content\/uploads\/2018\/01\/Kati-Juenger-Galerie-Metzger-Angewandte-Kunst-Contemporary-Objects-470x705.jpg 470w, https:\/\/www.galerie-metzger.de\/wp-content\/uploads\/2018\/01\/Kati-Juenger-Galerie-Metzger-Angewandte-Kunst-Contemporary-Objects-267x400.jpg 267w, https:\/\/www.galerie-metzger.de\/wp-content\/uploads\/2018\/01\/Kati-Juenger-Galerie-Metzger-Angewandte-Kunst-Contemporary-Objects-768x1152.jpg 768w, https:\/\/www.galerie-metzger.de\/wp-content\/uploads\/2018\/01\/Kati-Juenger-Galerie-Metzger-Angewandte-Kunst-Contemporary-Objects-1067x1600.jpg 1067w, https:\/\/www.galerie-metzger.de\/wp-content\/uploads\/2018\/01\/Kati-Juenger-Galerie-Metzger-Angewandte-Kunst-Contemporary-Objects-450x675.jpg 450w, https:\/\/www.galerie-metzger.de\/wp-content\/uploads\/2018\/01\/Kati-Juenger-Galerie-Metzger-Angewandte-Kunst-Contemporary-Objects.jpg 1600w\" sizes=\"(max-width: 687px) 100vw, 687px\" \/><\/a><\/div><\/div><\/div><\/div><div class='av-flex-placeholder'><\/div>\n<style type=\"text\/css\" data-created_by=\"avia_inline_auto\" id=\"style-css-av-av_one_half-d3527fefd78746f092942f935eb2b9ab\">\n.flex_column.av-av_one_half-d3527fefd78746f092942f935eb2b9ab{\n-webkit-border-radius:0px 0px 0px 0px;\n-moz-border-radius:0px 0px 0px 0px;\nborder-radius:0px 0px 0px 0px;\n}\n<\/style>\n<div class='flex_column av-av_one_half-d3527fefd78746f092942f935eb2b9ab av_one_half  avia-builder-el-72  el_after_av_one_half  el_before_av_one_full  flex_column_table_cell av-equal-height-column av-align-top av-animated-generic fade-in av-zero-column-padding column-top-margin'     ><section  class='av_textblock_section av-av_textblock-283972ea15f2e73870c23e2d6de3245d' ><div class='avia_textblock' ><p>Das Experimentieren mit Oberfl\u00e4che, Form und Glasur hat immer Priorit\u00e4t.<\/p>\n<p>Ich besch\u00e4ftige mich seit \u00fcber dreissig Jahren mit der Keramik. Das Experimentieren mit<br \/>\nOberfl\u00e4che, Form und Dekor hatten immer<br \/>\nPriorit\u00e4t .<br \/>\nIch versuche immer schon die Grenzen von<br \/>\nMaterial, Farbe, Glasur und Form auszuloten,<br \/>\nerlebe leider des \u00f6fteren b\u00f6se \u00dcberraschungen beim \u00d6ffnen der Ofent\u00fcr, da der Vorgang des Brennens f\u00fcr mich immer noch eine oft nicht vorhersehbare Komponente hat.<\/p>\n<p><em> Kati J\u00fcnger <\/em><\/p>\n<\/div><\/section><\/div><\/div><!--close column table wrapper. Autoclose: 1 --><div class='flex_column_table av-av_one_full-9731843b9236f31f4ed8d91fa944e8b0 sc-av_one_full av-equal-height-column-flextable'>\n<style type=\"text\/css\" data-created_by=\"avia_inline_auto\" id=\"style-css-av-av_one_full-9731843b9236f31f4ed8d91fa944e8b0\">\n.flex_column.av-av_one_full-9731843b9236f31f4ed8d91fa944e8b0{\n-webkit-border-radius:0px 0px 0px 0px;\n-moz-border-radius:0px 0px 0px 0px;\nborder-radius:0px 0px 0px 0px;\n}\n<\/style>\n<div class='flex_column av-av_one_full-9731843b9236f31f4ed8d91fa944e8b0 av_one_full  avia-builder-el-74  el_after_av_one_half  el_before_av_one_half  jo_col_empty first flex_column_table_cell av-equal-height-column av-align-top av-animated-generic fade-in av-zero-column-padding column-top-margin'     ><section  class='av_textblock_section av-av_textblock-283972ea15f2e73870c23e2d6de3245d' ><div class='avia_textblock' ><p>invisible placeholder<\/p>\n<\/div><\/section><\/div><\/div><!--close column table wrapper. Autoclose: 1 --><div class='flex_column_table av-av_one_half-081f2d25e9e807acef4963eb4e3a9b0e sc-av_one_half av-equal-height-column-flextable'>\n<style type=\"text\/css\" data-created_by=\"avia_inline_auto\" id=\"style-css-av-av_one_half-081f2d25e9e807acef4963eb4e3a9b0e\">\n.flex_column.av-av_one_half-081f2d25e9e807acef4963eb4e3a9b0e{\n-webkit-border-radius:0px 0px 0px 0px;\n-moz-border-radius:0px 0px 0px 0px;\nborder-radius:0px 0px 0px 0px;\n}\n<\/style>\n<div class='flex_column av-av_one_half-081f2d25e9e807acef4963eb4e3a9b0e av_one_half  avia-builder-el-76  el_after_av_one_full  el_before_av_one_half  first flex_column_table_cell av-equal-height-column av-align-top av-animated-generic fade-in av-zero-column-padding column-top-margin'     ><section  class='av_textblock_section av-av_textblock-283972ea15f2e73870c23e2d6de3245d' ><div class='avia_textblock' ><p>Ohne jeden Zweifel, Terre verniss\u00e9e ist eine traditionelle Technik.<br \/>\nIch liebe die F\u00e4higkeit von Terre verniss\u00e9e, Freude in den Alltag zu bringen, auf dem K\u00fcchentisch als auch im Garten. Deshalb akzeptiere und nutze ich diese Tradition in meiner Arbeit als T\u00f6pfer. Aber ich Hinterfrage auch diese Tradition.<br \/>\nF\u00fcr mich ist Terre verniss\u00e9e eine lebendige Technik, die mich inspiriert.<\/p>\n<p><em> Jean Nicolas G\u00e9rard <\/em><\/p>\n<\/div><\/section><\/div><div class='av-flex-placeholder'><\/div>\n<style type=\"text\/css\" data-created_by=\"avia_inline_auto\" id=\"style-css-av-av_one_half-6b9a0098281ac79e1809296ee7f22ca2\">\n.flex_column.av-av_one_half-6b9a0098281ac79e1809296ee7f22ca2{\n-webkit-border-radius:0px 0px 0px 0px;\n-moz-border-radius:0px 0px 0px 0px;\nborder-radius:0px 0px 0px 0px;\n}\n<\/style>\n<div class='flex_column av-av_one_half-6b9a0098281ac79e1809296ee7f22ca2 av_one_half  avia-builder-el-78  el_after_av_one_half  el_before_av_one_full  jo_pf_bild_bg flex_column_table_cell av-equal-height-column av-align-top av-animated-generic fade-in av-zero-column-padding column-top-margin'     ><style type=\"text\/css\" data-created_by=\"avia_inline_auto\" id=\"style-css-av-av_image-842921f72115aebf60557dff4d3572d0\">\n.avia-image-container.av-av_image-842921f72115aebf60557dff4d3572d0 img.avia_image{\nbox-shadow:none;\n}\n.avia-image-container.av-av_image-842921f72115aebf60557dff4d3572d0 .av-caption-image-overlay-bg{\nopacity:0.4;\n}\n<\/style>\n<div  class='avia-image-container av-av_image-842921f72115aebf60557dff4d3572d0 av-styling-no-styling avia_animated_image av-animated-when-visible-95 fade-in avia-align-left  avia-builder-el-79  avia-builder-el-no-sibling  jo_pf_bild noHover av-overlay-hover-deactivate'  ><div class=\"avia-image-container-inner\"><div class=\"avia-image-overlay-wrap\"><a href=\"https:\/\/www.galerie-metzger.de\/wp-content\/uploads\/2018\/01\/Jean-Nicolas-Gerard-Galerie-Metzger-Gallery-Angewandte-Kunst-Ceramic-1090x727.jpg\" data-srcset=\"https:\/\/www.galerie-metzger.de\/wp-content\/uploads\/2018\/01\/Jean-Nicolas-Gerard-Galerie-Metzger-Gallery-Angewandte-Kunst-Ceramic-1090x727.jpg 1090w, https:\/\/www.galerie-metzger.de\/wp-content\/uploads\/2018\/01\/Jean-Nicolas-Gerard-Galerie-Metzger-Gallery-Angewandte-Kunst-Ceramic-690x460.jpg 690w, https:\/\/www.galerie-metzger.de\/wp-content\/uploads\/2018\/01\/Jean-Nicolas-Gerard-Galerie-Metzger-Gallery-Angewandte-Kunst-Ceramic-1536x1024.jpg 1536w, https:\/\/www.galerie-metzger.de\/wp-content\/uploads\/2018\/01\/Jean-Nicolas-Gerard-Galerie-Metzger-Gallery-Angewandte-Kunst-Ceramic-2048x1365.jpg 2048w, https:\/\/www.galerie-metzger.de\/wp-content\/uploads\/2018\/01\/Jean-Nicolas-Gerard-Galerie-Metzger-Gallery-Angewandte-Kunst-Ceramic-1500x1000.jpg 1500w, https:\/\/www.galerie-metzger.de\/wp-content\/uploads\/2018\/01\/Jean-Nicolas-Gerard-Galerie-Metzger-Gallery-Angewandte-Kunst-Ceramic-705x470.jpg 705w, https:\/\/www.galerie-metzger.de\/wp-content\/uploads\/2018\/01\/Jean-Nicolas-Gerard-Galerie-Metzger-Gallery-Angewandte-Kunst-Ceramic-400x267.jpg 400w, https:\/\/www.galerie-metzger.de\/wp-content\/uploads\/2018\/01\/Jean-Nicolas-Gerard-Galerie-Metzger-Gallery-Angewandte-Kunst-Ceramic-768x512.jpg 768w, https:\/\/www.galerie-metzger.de\/wp-content\/uploads\/2018\/01\/Jean-Nicolas-Gerard-Galerie-Metzger-Gallery-Angewandte-Kunst-Ceramic-1600x1067.jpg 1600w, https:\/\/www.galerie-metzger.de\/wp-content\/uploads\/2018\/01\/Jean-Nicolas-Gerard-Galerie-Metzger-Gallery-Angewandte-Kunst-Ceramic-300x200.jpg 300w, https:\/\/www.galerie-metzger.de\/wp-content\/uploads\/2018\/01\/Jean-Nicolas-Gerard-Galerie-Metzger-Gallery-Angewandte-Kunst-Ceramic-900x600.jpg 900w, https:\/\/www.galerie-metzger.de\/wp-content\/uploads\/2018\/01\/Jean-Nicolas-Gerard-Galerie-Metzger-Gallery-Angewandte-Kunst-Ceramic-450x300.jpg 450w\" data-sizes=\"(max-width: 1030px) 100vw, 1030px\" class='avia_image' ><div class=\"av-image-caption-overlay\"><div class=\"av-caption-image-overlay-bg\"><\/div><div class=\"av-image-caption-overlay-position\"><div class=\"av-image-caption-overlay-center\"><p>Jean Nicolas G\u00e9rard \u2013 terre verniss\u00e9e \u2013\u00a02017, Foto: Edi Baumann<\/p>\n<\/div><\/div><\/div><img decoding=\"async\" class='wp-image-3650 avia-img-lazy-loading-not-3650 avia_image ' src=\"https:\/\/www.galerie-metzger.de\/wp-content\/uploads\/2018\/01\/Jean-Nicolas-Gerard-Galerie-Metzger-Gallery-Angewandte-Kunst-Ceramic-495x400.jpg\" alt='Jean Nicolas G\u00e9rard \u2013\u00a0Galerie Metzger Gallery Angewandte Kunst Ceramic' title='Jean Nicolas G\u00e9rard'  height=\"400\" width=\"495\" srcset=\"https:\/\/www.galerie-metzger.de\/wp-content\/uploads\/2018\/01\/Jean-Nicolas-Gerard-Galerie-Metzger-Gallery-Angewandte-Kunst-Ceramic-495x400.jpg 495w, https:\/\/www.galerie-metzger.de\/wp-content\/uploads\/2018\/01\/Jean-Nicolas-Gerard-Galerie-Metzger-Gallery-Angewandte-Kunst-Ceramic-845x684.jpg 845w\" sizes=\"(max-width: 495px) 100vw, 495px\" \/><\/a><\/div><\/div><\/div><\/div><\/div><!--close column table wrapper. Autoclose: 1 --><div class='flex_column_table av-av_one_full-9731843b9236f31f4ed8d91fa944e8b0 sc-av_one_full av-equal-height-column-flextable'>\n<style type=\"text\/css\" data-created_by=\"avia_inline_auto\" id=\"style-css-av-av_one_full-9731843b9236f31f4ed8d91fa944e8b0\">\n.flex_column.av-av_one_full-9731843b9236f31f4ed8d91fa944e8b0{\n-webkit-border-radius:0px 0px 0px 0px;\n-moz-border-radius:0px 0px 0px 0px;\nborder-radius:0px 0px 0px 0px;\n}\n<\/style>\n<div class='flex_column av-av_one_full-9731843b9236f31f4ed8d91fa944e8b0 av_one_full  avia-builder-el-80  el_after_av_one_half  el_before_av_one_half  jo_col_empty first flex_column_table_cell av-equal-height-column av-align-top av-animated-generic fade-in av-zero-column-padding column-top-margin'     ><section  class='av_textblock_section av-av_textblock-283972ea15f2e73870c23e2d6de3245d' ><div class='avia_textblock' ><p>invisible placeholder<\/p>\n<\/div><\/section><\/div><\/div><!--close column table wrapper. Autoclose: 1 --><div class='flex_column_table av-av_one_half-d8bc1af391ab19e1b80332216d5a6941 sc-av_one_half av-equal-height-column-flextable'>\n<style type=\"text\/css\" data-created_by=\"avia_inline_auto\" id=\"style-css-av-av_one_half-d8bc1af391ab19e1b80332216d5a6941\">\n.flex_column.av-av_one_half-d8bc1af391ab19e1b80332216d5a6941{\n-webkit-border-radius:0px 0px 0px 0px;\n-moz-border-radius:0px 0px 0px 0px;\nborder-radius:0px 0px 0px 0px;\n}\n<\/style>\n<div class='flex_column av-av_one_half-d8bc1af391ab19e1b80332216d5a6941 av_one_half  avia-builder-el-82  el_after_av_one_full  el_before_av_one_half  jo_pf_bild_bg first flex_column_table_cell av-equal-height-column av-align-top av-animated-generic fade-in av-zero-column-padding column-top-margin'     ><style type=\"text\/css\" data-created_by=\"avia_inline_auto\" id=\"style-css-av-av_image-2fe6ba4ea7b27e961f2803d41a6c2dda\">\n.avia-image-container.av-av_image-2fe6ba4ea7b27e961f2803d41a6c2dda img.avia_image{\nbox-shadow:none;\n}\n.avia-image-container.av-av_image-2fe6ba4ea7b27e961f2803d41a6c2dda .av-caption-image-overlay-bg{\nopacity:0.4;\n}\n<\/style>\n<div  class='avia-image-container av-av_image-2fe6ba4ea7b27e961f2803d41a6c2dda av-styling-no-styling avia_animated_image av-animated-when-visible-95 fade-in avia-align-left  avia-builder-el-83  avia-builder-el-no-sibling  jo_pf_bild noHover av-overlay-hover-deactivate'  ><div class=\"avia-image-container-inner\"><div class=\"avia-image-overlay-wrap\"><a href=\"https:\/\/www.galerie-metzger.de\/wp-content\/uploads\/2018\/01\/Iris-Schoene-Teller-Holzofenbrand-Angewandte-Kunst-Contemporary-Objects-Ceramic-Woodfiring--1090x727.jpg\" data-srcset=\"https:\/\/www.galerie-metzger.de\/wp-content\/uploads\/2018\/01\/Iris-Schoene-Teller-Holzofenbrand-Angewandte-Kunst-Contemporary-Objects-Ceramic-Woodfiring--1090x727.jpg 1090w, https:\/\/www.galerie-metzger.de\/wp-content\/uploads\/2018\/01\/Iris-Schoene-Teller-Holzofenbrand-Angewandte-Kunst-Contemporary-Objects-Ceramic-Woodfiring--690x460.jpg 690w, https:\/\/www.galerie-metzger.de\/wp-content\/uploads\/2018\/01\/Iris-Schoene-Teller-Holzofenbrand-Angewandte-Kunst-Contemporary-Objects-Ceramic-Woodfiring--1536x1024.jpg 1536w, https:\/\/www.galerie-metzger.de\/wp-content\/uploads\/2018\/01\/Iris-Schoene-Teller-Holzofenbrand-Angewandte-Kunst-Contemporary-Objects-Ceramic-Woodfiring--2048x1366.jpg 2048w, https:\/\/www.galerie-metzger.de\/wp-content\/uploads\/2018\/01\/Iris-Schoene-Teller-Holzofenbrand-Angewandte-Kunst-Contemporary-Objects-Ceramic-Woodfiring--1500x1000.jpg 1500w, https:\/\/www.galerie-metzger.de\/wp-content\/uploads\/2018\/01\/Iris-Schoene-Teller-Holzofenbrand-Angewandte-Kunst-Contemporary-Objects-Ceramic-Woodfiring--705x470.jpg 705w, https:\/\/www.galerie-metzger.de\/wp-content\/uploads\/2018\/01\/Iris-Schoene-Teller-Holzofenbrand-Angewandte-Kunst-Contemporary-Objects-Ceramic-Woodfiring--400x267.jpg 400w, https:\/\/www.galerie-metzger.de\/wp-content\/uploads\/2018\/01\/Iris-Schoene-Teller-Holzofenbrand-Angewandte-Kunst-Contemporary-Objects-Ceramic-Woodfiring--768x512.jpg 768w, https:\/\/www.galerie-metzger.de\/wp-content\/uploads\/2018\/01\/Iris-Schoene-Teller-Holzofenbrand-Angewandte-Kunst-Contemporary-Objects-Ceramic-Woodfiring--1600x1067.jpg 1600w, https:\/\/www.galerie-metzger.de\/wp-content\/uploads\/2018\/01\/Iris-Schoene-Teller-Holzofenbrand-Angewandte-Kunst-Contemporary-Objects-Ceramic-Woodfiring--300x200.jpg 300w, https:\/\/www.galerie-metzger.de\/wp-content\/uploads\/2018\/01\/Iris-Schoene-Teller-Holzofenbrand-Angewandte-Kunst-Contemporary-Objects-Ceramic-Woodfiring--900x600.jpg 900w, https:\/\/www.galerie-metzger.de\/wp-content\/uploads\/2018\/01\/Iris-Schoene-Teller-Holzofenbrand-Angewandte-Kunst-Contemporary-Objects-Ceramic-Woodfiring--450x300.jpg 450w\" data-sizes=\"(max-width: 1030px) 100vw, 1030px\" class='avia_image' ><div class=\"av-image-caption-overlay\"><div class=\"av-caption-image-overlay-bg\"><\/div><div class=\"av-image-caption-overlay-position\"><div class=\"av-image-caption-overlay-center\"><p>Iris Sch\u00f6ne \u2013 Holzbrand \u2013\u00a02017, Foto: Michael Lange<\/p>\n<\/div><\/div><\/div><img decoding=\"async\" class='wp-image-3628 avia-img-lazy-loading-not-3628 avia_image ' src=\"https:\/\/www.galerie-metzger.de\/wp-content\/uploads\/2018\/01\/Iris-Schoene-Teller-Holzofenbrand-Angewandte-Kunst-Contemporary-Objects-Ceramic-Woodfiring--495x400.jpg\" alt='Iris Sch\u00f6ne \u2013\u00a0Teller \u2013\u00a0Holzofenbrand Angewandte Kunst Contemporary Objects Ceramic Woodfiring' title='Iris Sch\u00f6ne \u2013\u00a0Teller'  height=\"400\" width=\"495\" srcset=\"https:\/\/www.galerie-metzger.de\/wp-content\/uploads\/2018\/01\/Iris-Schoene-Teller-Holzofenbrand-Angewandte-Kunst-Contemporary-Objects-Ceramic-Woodfiring--495x400.jpg 495w, https:\/\/www.galerie-metzger.de\/wp-content\/uploads\/2018\/01\/Iris-Schoene-Teller-Holzofenbrand-Angewandte-Kunst-Contemporary-Objects-Ceramic-Woodfiring--845x684.jpg 845w\" sizes=\"(max-width: 495px) 100vw, 495px\" \/><\/a><\/div><\/div><\/div><\/div><div class='av-flex-placeholder'><\/div>\n<style type=\"text\/css\" data-created_by=\"avia_inline_auto\" id=\"style-css-av-av_one_half-d3527fefd78746f092942f935eb2b9ab\">\n.flex_column.av-av_one_half-d3527fefd78746f092942f935eb2b9ab{\n-webkit-border-radius:0px 0px 0px 0px;\n-moz-border-radius:0px 0px 0px 0px;\nborder-radius:0px 0px 0px 0px;\n}\n<\/style>\n<div class='flex_column av-av_one_half-d3527fefd78746f092942f935eb2b9ab av_one_half  avia-builder-el-84  el_after_av_one_half  el_before_av_one_full  flex_column_table_cell av-equal-height-column av-align-top av-animated-generic fade-in av-zero-column-padding column-top-margin'     ><section  class='av_textblock_section av-av_textblock-283972ea15f2e73870c23e2d6de3245d' ><div class='avia_textblock' ><p>Jeder Brand ist wieder neu und oft unerwartet anders als der vorangegangene;<br \/>\nst\u00e4ndig ist es eine Auseinandersetzung mit schon \u00e4lteren und neuen Erfahrungen,<br \/>\nich bin st\u00e4ndig \u201ekeramisch unterwegs\u201c\u2026<br \/>\nSt\u00e4ndig auf der Suche nach guter Keramik, nach ehrlichen, einfachen T\u00f6pfen.<\/p>\n<p><em> Iris Sch\u00f6ne <\/em><\/p>\n<\/div><\/section><\/div><\/div><!--close column table wrapper. Autoclose: 1 --><div class='flex_column_table av-av_one_full-9731843b9236f31f4ed8d91fa944e8b0 sc-av_one_full av-equal-height-column-flextable'>\n<style type=\"text\/css\" data-created_by=\"avia_inline_auto\" id=\"style-css-av-av_one_full-9731843b9236f31f4ed8d91fa944e8b0\">\n.flex_column.av-av_one_full-9731843b9236f31f4ed8d91fa944e8b0{\n-webkit-border-radius:0px 0px 0px 0px;\n-moz-border-radius:0px 0px 0px 0px;\nborder-radius:0px 0px 0px 0px;\n}\n<\/style>\n<div class='flex_column av-av_one_full-9731843b9236f31f4ed8d91fa944e8b0 av_one_full  avia-builder-el-86  el_after_av_one_half  el_before_av_one_half  jo_col_empty first flex_column_table_cell av-equal-height-column av-align-top av-animated-generic fade-in av-zero-column-padding column-top-margin'     ><section  class='av_textblock_section av-av_textblock-283972ea15f2e73870c23e2d6de3245d' ><div class='avia_textblock' ><p>invisible placeholder<\/p>\n<\/div><\/section><\/div><\/div><!--close column table wrapper. Autoclose: 1 --><div class='flex_column_table av-av_one_half-d8bc1af391ab19e1b80332216d5a6941 sc-av_one_half av-equal-height-column-flextable'>\n<style type=\"text\/css\" data-created_by=\"avia_inline_auto\" id=\"style-css-av-av_one_half-d8bc1af391ab19e1b80332216d5a6941\">\n.flex_column.av-av_one_half-d8bc1af391ab19e1b80332216d5a6941{\n-webkit-border-radius:0px 0px 0px 0px;\n-moz-border-radius:0px 0px 0px 0px;\nborder-radius:0px 0px 0px 0px;\n}\n<\/style>\n<div class='flex_column av-av_one_half-d8bc1af391ab19e1b80332216d5a6941 av_one_half  avia-builder-el-88  el_after_av_one_full  el_before_av_one_half  jo_pf_bild_bg first flex_column_table_cell av-equal-height-column av-align-top av-animated-generic fade-in av-zero-column-padding column-top-margin'     ><style type=\"text\/css\" data-created_by=\"avia_inline_auto\" id=\"style-css-av-av_image-fccea15cf54964bf966d751c166d401e\">\n.avia-image-container.av-av_image-fccea15cf54964bf966d751c166d401e img.avia_image{\nbox-shadow:none;\n}\n.avia-image-container.av-av_image-fccea15cf54964bf966d751c166d401e .av-caption-image-overlay-bg{\nopacity:0.4;\n}\n<\/style>\n<div  class='avia-image-container av-av_image-fccea15cf54964bf966d751c166d401e av-styling-no-styling avia_animated_image av-animated-when-visible-95 fade-in avia-align-left  avia-builder-el-89  avia-builder-el-no-sibling  jo_pf_bild noHover av-overlay-hover-deactivate'  ><div class=\"avia-image-container-inner\"><div class=\"avia-image-overlay-wrap\"><a href=\"https:\/\/www.galerie-metzger.de\/wp-content\/uploads\/2018\/01\/nina-lund-terinenform-2017-galerie-metzger-gallery-angewandte-kunst-ceramic-2-1090x727.jpg\" data-srcset=\"https:\/\/www.galerie-metzger.de\/wp-content\/uploads\/2018\/01\/nina-lund-terinenform-2017-galerie-metzger-gallery-angewandte-kunst-ceramic-2-1090x727.jpg 1090w, https:\/\/www.galerie-metzger.de\/wp-content\/uploads\/2018\/01\/nina-lund-terinenform-2017-galerie-metzger-gallery-angewandte-kunst-ceramic-2-690x460.jpg 690w, https:\/\/www.galerie-metzger.de\/wp-content\/uploads\/2018\/01\/nina-lund-terinenform-2017-galerie-metzger-gallery-angewandte-kunst-ceramic-2-1536x1024.jpg 1536w, https:\/\/www.galerie-metzger.de\/wp-content\/uploads\/2018\/01\/nina-lund-terinenform-2017-galerie-metzger-gallery-angewandte-kunst-ceramic-2-2048x1365.jpg 2048w, https:\/\/www.galerie-metzger.de\/wp-content\/uploads\/2018\/01\/nina-lund-terinenform-2017-galerie-metzger-gallery-angewandte-kunst-ceramic-2-1500x1000.jpg 1500w, https:\/\/www.galerie-metzger.de\/wp-content\/uploads\/2018\/01\/nina-lund-terinenform-2017-galerie-metzger-gallery-angewandte-kunst-ceramic-2-705x470.jpg 705w, https:\/\/www.galerie-metzger.de\/wp-content\/uploads\/2018\/01\/nina-lund-terinenform-2017-galerie-metzger-gallery-angewandte-kunst-ceramic-2-400x267.jpg 400w, https:\/\/www.galerie-metzger.de\/wp-content\/uploads\/2018\/01\/nina-lund-terinenform-2017-galerie-metzger-gallery-angewandte-kunst-ceramic-2-768x512.jpg 768w, https:\/\/www.galerie-metzger.de\/wp-content\/uploads\/2018\/01\/nina-lund-terinenform-2017-galerie-metzger-gallery-angewandte-kunst-ceramic-2-1600x1067.jpg 1600w, https:\/\/www.galerie-metzger.de\/wp-content\/uploads\/2018\/01\/nina-lund-terinenform-2017-galerie-metzger-gallery-angewandte-kunst-ceramic-2-300x200.jpg 300w, https:\/\/www.galerie-metzger.de\/wp-content\/uploads\/2018\/01\/nina-lund-terinenform-2017-galerie-metzger-gallery-angewandte-kunst-ceramic-2-900x600.jpg 900w, https:\/\/www.galerie-metzger.de\/wp-content\/uploads\/2018\/01\/nina-lund-terinenform-2017-galerie-metzger-gallery-angewandte-kunst-ceramic-2-450x300.jpg 450w\" data-sizes=\"(max-width: 1030px) 100vw, 1030px\" class='avia_image' ><div class=\"av-image-caption-overlay\"><div class=\"av-caption-image-overlay-bg\"><\/div><div class=\"av-image-caption-overlay-position\"><div class=\"av-image-caption-overlay-center\"><p>Nina Lund \u2013 Terinenform \u2013\u00a02017<\/p>\n<\/div><\/div><\/div><img decoding=\"async\" class='wp-image-3891 avia-img-lazy-loading-not-3891 avia_image ' src=\"https:\/\/www.galerie-metzger.de\/wp-content\/uploads\/2018\/01\/nina-lund-terinenform-2017-galerie-metzger-gallery-angewandte-kunst-ceramic-2-495x400.jpg\" alt='Nina-Lund-Terinenform-2017' title='Nina-Lund-Terinenform-2017'  height=\"400\" width=\"495\" srcset=\"https:\/\/www.galerie-metzger.de\/wp-content\/uploads\/2018\/01\/nina-lund-terinenform-2017-galerie-metzger-gallery-angewandte-kunst-ceramic-2-495x400.jpg 495w, https:\/\/www.galerie-metzger.de\/wp-content\/uploads\/2018\/01\/nina-lund-terinenform-2017-galerie-metzger-gallery-angewandte-kunst-ceramic-2-845x684.jpg 845w\" sizes=\"(max-width: 495px) 100vw, 495px\" \/><\/a><\/div><\/div><\/div><\/div><div class='av-flex-placeholder'><\/div>\n<style type=\"text\/css\" data-created_by=\"avia_inline_auto\" id=\"style-css-av-av_one_half-6b9a0098281ac79e1809296ee7f22ca2\">\n.flex_column.av-av_one_half-6b9a0098281ac79e1809296ee7f22ca2{\n-webkit-border-radius:0px 0px 0px 0px;\n-moz-border-radius:0px 0px 0px 0px;\nborder-radius:0px 0px 0px 0px;\n}\n<\/style>\n<div class='flex_column av-av_one_half-6b9a0098281ac79e1809296ee7f22ca2 av_one_half  avia-builder-el-90  el_after_av_one_half  el_before_av_one_full  jo_pf_bild_bg flex_column_table_cell av-equal-height-column av-align-top av-animated-generic fade-in av-zero-column-padding column-top-margin'     ><style type=\"text\/css\" data-created_by=\"avia_inline_auto\" id=\"style-css-av-av_image-88bbe7a224cb284b7c4a0d1b49020353\">\n.avia-image-container.av-av_image-88bbe7a224cb284b7c4a0d1b49020353 img.avia_image{\nbox-shadow:none;\n}\n.avia-image-container.av-av_image-88bbe7a224cb284b7c4a0d1b49020353 .av-caption-image-overlay-bg{\nopacity:0.4;\n}\n<\/style>\n<div  class='avia-image-container av-av_image-88bbe7a224cb284b7c4a0d1b49020353 av-styling-no-styling avia_animated_image av-animated-when-visible-95 fade-in avia-align-left  avia-builder-el-91  avia-builder-el-no-sibling  jo_pf_bild noHover av-overlay-hover-deactivate'  ><div class=\"avia-image-container-inner\"><div class=\"avia-image-overlay-wrap\"><a href=\"https:\/\/www.galerie-metzger.de\/wp-content\/uploads\/2018\/01\/nina-lund-plattenformen-2017-galerie-metzger-angewandte-kunst-ceramic-1-1090x727.jpg\" data-srcset=\"https:\/\/www.galerie-metzger.de\/wp-content\/uploads\/2018\/01\/nina-lund-plattenformen-2017-galerie-metzger-angewandte-kunst-ceramic-1-1090x727.jpg 1090w, https:\/\/www.galerie-metzger.de\/wp-content\/uploads\/2018\/01\/nina-lund-plattenformen-2017-galerie-metzger-angewandte-kunst-ceramic-1-690x460.jpg 690w, https:\/\/www.galerie-metzger.de\/wp-content\/uploads\/2018\/01\/nina-lund-plattenformen-2017-galerie-metzger-angewandte-kunst-ceramic-1-1536x1024.jpg 1536w, https:\/\/www.galerie-metzger.de\/wp-content\/uploads\/2018\/01\/nina-lund-plattenformen-2017-galerie-metzger-angewandte-kunst-ceramic-1-2048x1365.jpg 2048w, https:\/\/www.galerie-metzger.de\/wp-content\/uploads\/2018\/01\/nina-lund-plattenformen-2017-galerie-metzger-angewandte-kunst-ceramic-1-1500x1000.jpg 1500w, https:\/\/www.galerie-metzger.de\/wp-content\/uploads\/2018\/01\/nina-lund-plattenformen-2017-galerie-metzger-angewandte-kunst-ceramic-1-705x470.jpg 705w, https:\/\/www.galerie-metzger.de\/wp-content\/uploads\/2018\/01\/nina-lund-plattenformen-2017-galerie-metzger-angewandte-kunst-ceramic-1-400x267.jpg 400w, https:\/\/www.galerie-metzger.de\/wp-content\/uploads\/2018\/01\/nina-lund-plattenformen-2017-galerie-metzger-angewandte-kunst-ceramic-1-768x512.jpg 768w, https:\/\/www.galerie-metzger.de\/wp-content\/uploads\/2018\/01\/nina-lund-plattenformen-2017-galerie-metzger-angewandte-kunst-ceramic-1-1600x1067.jpg 1600w, https:\/\/www.galerie-metzger.de\/wp-content\/uploads\/2018\/01\/nina-lund-plattenformen-2017-galerie-metzger-angewandte-kunst-ceramic-1-300x200.jpg 300w, https:\/\/www.galerie-metzger.de\/wp-content\/uploads\/2018\/01\/nina-lund-plattenformen-2017-galerie-metzger-angewandte-kunst-ceramic-1-900x600.jpg 900w, https:\/\/www.galerie-metzger.de\/wp-content\/uploads\/2018\/01\/nina-lund-plattenformen-2017-galerie-metzger-angewandte-kunst-ceramic-1-450x300.jpg 450w\" data-sizes=\"(max-width: 1030px) 100vw, 1030px\" class='avia_image' ><div class=\"av-image-caption-overlay\"><div class=\"av-caption-image-overlay-bg\"><\/div><div class=\"av-image-caption-overlay-position\"><div class=\"av-image-caption-overlay-center\"><p>Nina Lund \u2013 Plattenformen \u2013\u00a02017<\/p>\n<\/div><\/div><\/div><img decoding=\"async\" class='wp-image-3894 avia-img-lazy-loading-not-3894 avia_image ' src=\"https:\/\/www.galerie-metzger.de\/wp-content\/uploads\/2018\/01\/nina-lund-plattenformen-2017-galerie-metzger-angewandte-kunst-ceramic-1-495x400.jpg\" alt='Nina-Lund-Plattenformen-2017' title='Nina-Lund-Plattenformen-2017'  height=\"400\" width=\"495\" srcset=\"https:\/\/www.galerie-metzger.de\/wp-content\/uploads\/2018\/01\/nina-lund-plattenformen-2017-galerie-metzger-angewandte-kunst-ceramic-1-495x400.jpg 495w, https:\/\/www.galerie-metzger.de\/wp-content\/uploads\/2018\/01\/nina-lund-plattenformen-2017-galerie-metzger-angewandte-kunst-ceramic-1-845x684.jpg 845w\" sizes=\"(max-width: 495px) 100vw, 495px\" \/><\/a><\/div><\/div><\/div><\/div><\/div><!--close column table wrapper. Autoclose: 1 --><div class='flex_column_table av-av_one_full-9731843b9236f31f4ed8d91fa944e8b0 sc-av_one_full av-equal-height-column-flextable'>\n<style type=\"text\/css\" data-created_by=\"avia_inline_auto\" id=\"style-css-av-av_one_full-9731843b9236f31f4ed8d91fa944e8b0\">\n.flex_column.av-av_one_full-9731843b9236f31f4ed8d91fa944e8b0{\n-webkit-border-radius:0px 0px 0px 0px;\n-moz-border-radius:0px 0px 0px 0px;\nborder-radius:0px 0px 0px 0px;\n}\n<\/style>\n<div class='flex_column av-av_one_full-9731843b9236f31f4ed8d91fa944e8b0 av_one_full  avia-builder-el-92  el_after_av_one_half  el_before_av_one_half  jo_col_empty first flex_column_table_cell av-equal-height-column av-align-top av-animated-generic fade-in av-zero-column-padding column-top-margin'     ><section  class='av_textblock_section av-av_textblock-283972ea15f2e73870c23e2d6de3245d' ><div class='avia_textblock' ><p>invisible placeholder<\/p>\n<\/div><\/section><\/div><\/div><!--close column table wrapper. Autoclose: 1 --><div class='flex_column_table av-av_one_half-d8bc1af391ab19e1b80332216d5a6941 sc-av_one_half av-equal-height-column-flextable'>\n<style type=\"text\/css\" data-created_by=\"avia_inline_auto\" id=\"style-css-av-av_one_half-d8bc1af391ab19e1b80332216d5a6941\">\n.flex_column.av-av_one_half-d8bc1af391ab19e1b80332216d5a6941{\n-webkit-border-radius:0px 0px 0px 0px;\n-moz-border-radius:0px 0px 0px 0px;\nborder-radius:0px 0px 0px 0px;\n}\n<\/style>\n<div class='flex_column av-av_one_half-d8bc1af391ab19e1b80332216d5a6941 av_one_half  avia-builder-el-94  el_after_av_one_full  el_before_av_one_half  jo_pf_bild_bg first flex_column_table_cell av-equal-height-column av-align-top av-animated-generic fade-in av-zero-column-padding column-top-margin'     ><style type=\"text\/css\" data-created_by=\"avia_inline_auto\" id=\"style-css-av-av_image-3094cc8a7996243f7ddb6e17dfcdbbd6\">\n.avia-image-container.av-av_image-3094cc8a7996243f7ddb6e17dfcdbbd6 img.avia_image{\nbox-shadow:none;\n}\n.avia-image-container.av-av_image-3094cc8a7996243f7ddb6e17dfcdbbd6 .av-caption-image-overlay-bg{\nopacity:0.4;\n}\n<\/style>\n<div  class='avia-image-container av-av_image-3094cc8a7996243f7ddb6e17dfcdbbd6 av-styling-no-styling avia_animated_image av-animated-when-visible-95 fade-in avia-align-left  avia-builder-el-95  avia-builder-el-no-sibling  jo_pf_bild noHover av-overlay-hover-deactivate'  ><div class=\"avia-image-container-inner\"><div class=\"avia-image-overlay-wrap\"><a href=\"https:\/\/www.galerie-metzger.de\/wp-content\/uploads\/2018\/01\/Medi-Zimmermann-Galerie-Metzger-Gallery-Keramik-Art-Ceramics.jpg\" data-srcset=\"https:\/\/www.galerie-metzger.de\/wp-content\/uploads\/2018\/01\/Medi-Zimmermann-Galerie-Metzger-Gallery-Keramik-Art-Ceramics.jpg 509w, https:\/\/www.galerie-metzger.de\/wp-content\/uploads\/2018\/01\/Medi-Zimmermann-Galerie-Metzger-Gallery-Keramik-Art-Ceramics-80x80.jpg 80w, https:\/\/www.galerie-metzger.de\/wp-content\/uploads\/2018\/01\/Medi-Zimmermann-Galerie-Metzger-Gallery-Keramik-Art-Ceramics-36x36.jpg 36w, https:\/\/www.galerie-metzger.de\/wp-content\/uploads\/2018\/01\/Medi-Zimmermann-Galerie-Metzger-Gallery-Keramik-Art-Ceramics-180x180.jpg 180w, https:\/\/www.galerie-metzger.de\/wp-content\/uploads\/2018\/01\/Medi-Zimmermann-Galerie-Metzger-Gallery-Keramik-Art-Ceramics-120x120.jpg 120w, https:\/\/www.galerie-metzger.de\/wp-content\/uploads\/2018\/01\/Medi-Zimmermann-Galerie-Metzger-Gallery-Keramik-Art-Ceramics-400x400.jpg 400w, https:\/\/www.galerie-metzger.de\/wp-content\/uploads\/2018\/01\/Medi-Zimmermann-Galerie-Metzger-Gallery-Keramik-Art-Ceramics-450x450.jpg 450w\" data-sizes=\"(max-width: 509px) 100vw, 509px\" class='avia_image' ><div class=\"av-image-caption-overlay\"><div class=\"av-caption-image-overlay-bg\"><\/div><div class=\"av-image-caption-overlay-position\"><div class=\"av-image-caption-overlay-center\"><p>Medi Zimmermann \u2013 Tafelgeschichten \u2013\u00a02017, Foto: Rolf Bolt<\/p>\n<\/div><\/div><\/div><img decoding=\"async\" class='wp-image-3642 avia-img-lazy-loading-not-3642 avia_image ' src=\"https:\/\/www.galerie-metzger.de\/wp-content\/uploads\/2018\/01\/Medi-Zimmermann-Galerie-Metzger-Gallery-Keramik-Art-Ceramics.jpg\" alt='Medi Zimmermann \u2013\u00a0Galerie Metzger Gallery Angewandte Kunst Ceramics Art' title='Medi Zimmermann'  height=\"509\" width=\"509\" srcset=\"https:\/\/www.galerie-metzger.de\/wp-content\/uploads\/2018\/01\/Medi-Zimmermann-Galerie-Metzger-Gallery-Keramik-Art-Ceramics.jpg 509w, https:\/\/www.galerie-metzger.de\/wp-content\/uploads\/2018\/01\/Medi-Zimmermann-Galerie-Metzger-Gallery-Keramik-Art-Ceramics-80x80.jpg 80w, https:\/\/www.galerie-metzger.de\/wp-content\/uploads\/2018\/01\/Medi-Zimmermann-Galerie-Metzger-Gallery-Keramik-Art-Ceramics-36x36.jpg 36w, https:\/\/www.galerie-metzger.de\/wp-content\/uploads\/2018\/01\/Medi-Zimmermann-Galerie-Metzger-Gallery-Keramik-Art-Ceramics-180x180.jpg 180w, https:\/\/www.galerie-metzger.de\/wp-content\/uploads\/2018\/01\/Medi-Zimmermann-Galerie-Metzger-Gallery-Keramik-Art-Ceramics-120x120.jpg 120w, https:\/\/www.galerie-metzger.de\/wp-content\/uploads\/2018\/01\/Medi-Zimmermann-Galerie-Metzger-Gallery-Keramik-Art-Ceramics-400x400.jpg 400w, https:\/\/www.galerie-metzger.de\/wp-content\/uploads\/2018\/01\/Medi-Zimmermann-Galerie-Metzger-Gallery-Keramik-Art-Ceramics-450x450.jpg 450w\" sizes=\"(max-width: 509px) 100vw, 509px\" \/><\/a><\/div><\/div><\/div><\/div><div class='av-flex-placeholder'><\/div>\n<style type=\"text\/css\" data-created_by=\"avia_inline_auto\" id=\"style-css-av-av_one_half-d3527fefd78746f092942f935eb2b9ab\">\n.flex_column.av-av_one_half-d3527fefd78746f092942f935eb2b9ab{\n-webkit-border-radius:0px 0px 0px 0px;\n-moz-border-radius:0px 0px 0px 0px;\nborder-radius:0px 0px 0px 0px;\n}\n<\/style>\n<div class='flex_column av-av_one_half-d3527fefd78746f092942f935eb2b9ab av_one_half  avia-builder-el-96  el_after_av_one_half  avia-builder-el-last  flex_column_table_cell av-equal-height-column av-align-top av-animated-generic fade-in av-zero-column-padding column-top-margin'     ><section  class='av_textblock_section av-av_textblock-283972ea15f2e73870c23e2d6de3245d' ><div class='avia_textblock' ><p>viel Unterirdisches sich zutr\u00e4gt<\/p>\n<p><em> Medi Zimmermann <\/em><\/p>\n<\/div><\/section><\/div><\/div><!--close column table wrapper. Autoclose: 1 --><\/div><\/div><\/main><!-- close content main element --><\/div><\/div><div id='sub_menu1'  class='av-submenu-container av-av_submenu-1b181b06a5cdde142b2fa91612ea84a5 main_color  avia-builder-el-98  el_after_av_section  avia-builder-el-last  waypmenu submenu-not-first container_wrap fullsize' style='z-index:301' ><div class='container av-menu-mobile-disabled av-submenu-pos-center'><ul id=\"menu-hauptmenue-deutsch\" class=\"av-subnav-menu\"><li role=\"menuitem\" id=\"menu-item-2815\" class=\"mobile menu-item menu-item-type-post_type menu-item-object-page menu-item-top-level menu-item-top-level-1\"><a href=\"https:\/\/www.galerie-metzger.de\/de\/artists\/\" tabindex=\"0\"><span class=\"avia-bullet\"><\/span><span class=\"avia-menu-text\">K\u00fcnstler<\/span><span class=\"avia-menu-fx\"><span class=\"avia-arrow-wrap\"><span class=\"avia-arrow\"><\/span><\/span><\/span><\/a><\/li>\n<li role=\"menuitem\" id=\"menu-item-2818\" class=\"mobile menu-item menu-item-type-post_type menu-item-object-page menu-item-top-level menu-item-top-level-2\"><a href=\"https:\/\/www.galerie-metzger.de\/de\/expo\/\" tabindex=\"0\"><span class=\"avia-bullet\"><\/span><span class=\"avia-menu-text\">Ausstellungen<\/span><span class=\"avia-menu-fx\"><span class=\"avia-arrow-wrap\"><span class=\"avia-arrow\"><\/span><\/span><\/span><\/a><\/li>\n<li role=\"menuitem\" id=\"menu-item-2796\" class=\"mobile menu-item menu-item-type-post_type menu-item-object-page menu-item-top-level menu-item-top-level-3\"><a href=\"https:\/\/www.galerie-metzger.de\/de\/sales\/\" tabindex=\"0\"><span class=\"avia-bullet\"><\/span><span class=\"avia-menu-text\">Verkauf<\/span><span class=\"avia-menu-fx\"><span class=\"avia-arrow-wrap\"><span class=\"avia-arrow\"><\/span><\/span><\/span><\/a><\/li>\n<li role=\"menuitem\" id=\"menu-item-12309\" class=\"mobile menu-item menu-item-type-post_type menu-item-object-post menu-item-top-level menu-item-top-level-4\"><a href=\"https:\/\/www.galerie-metzger.de\/de\/studio-ceramics\/studiokeramik\/\" tabindex=\"0\"><span class=\"avia-bullet\"><\/span><span class=\"avia-menu-text\">Studiokeramik<\/span><span class=\"avia-menu-fx\"><span class=\"avia-arrow-wrap\"><span class=\"avia-arrow\"><\/span><\/span><\/span><\/a><\/li>\n<li role=\"menuitem\" id=\"menu-item-10694\" class=\"menu-item menu-item-type-post_type menu-item-object-page menu-item-top-level menu-item-top-level-5\"><a href=\"https:\/\/www.galerie-metzger.de\/de\/keramik-marken-stempel-signaturen\/\" tabindex=\"0\"><span class=\"avia-bullet\"><\/span><span class=\"avia-menu-text\">Signaturen<\/span><span class=\"avia-menu-fx\"><span class=\"avia-arrow-wrap\"><span class=\"avia-arrow\"><\/span><\/span><\/span><\/a><\/li>\n<li role=\"menuitem\" id=\"menu-item-3559\" class=\"mobile menu-item menu-item-type-post_type menu-item-object-page menu-item-top-level menu-item-top-level-6\"><a href=\"https:\/\/www.galerie-metzger.de\/de\/gallery\/\" tabindex=\"0\"><span class=\"avia-bullet\"><\/span><span class=\"avia-menu-text\">die Galerie<\/span><span class=\"avia-menu-fx\"><span class=\"avia-arrow-wrap\"><span class=\"avia-arrow\"><\/span><\/span><\/span><\/a><\/li>\n<li role=\"menuitem\" id=\"menu-item-2715\" class=\"mobile menu-item menu-item-type-post_type menu-item-object-page menu-item-top-level menu-item-top-level-7\"><a href=\"https:\/\/www.galerie-metzger.de\/de\/contact\/\" tabindex=\"0\"><span class=\"avia-bullet\"><\/span><span class=\"avia-menu-text\">Kontakt<\/span><span class=\"avia-menu-fx\"><span class=\"avia-arrow-wrap\"><span class=\"avia-arrow\"><\/span><\/span><\/span><\/a><\/li>\n<li role=\"menuitem\" id=\"menu-item-5932\" class=\"mobile menu-item menu-item-type-custom menu-item-object-custom menu-item-top-level menu-item-top-level-8\"><a href=\"https:\/\/www.galerie-metzger.de\/de\/contact\/#site-notice\" tabindex=\"0\"><span class=\"avia-bullet\"><\/span><span class=\"avia-menu-text\">Impressum<\/span><span class=\"avia-menu-fx\"><span class=\"avia-arrow-wrap\"><span class=\"avia-arrow\"><\/span><\/span><\/span><\/a><\/li>\n<li role=\"menuitem\" id=\"menu-item-5933\" class=\"mobile menu-item menu-item-type-custom menu-item-object-custom menu-item-top-level menu-item-top-level-9\"><a href=\"https:\/\/www.galerie-metzger.de\/de\/contact\/#data\" tabindex=\"0\"><span class=\"avia-bullet\"><\/span><span class=\"avia-menu-text\">Datenschutz<\/span><span class=\"avia-menu-fx\"><span class=\"avia-arrow-wrap\"><span class=\"avia-arrow\"><\/span><\/span><\/span><\/a><\/li>\n<li role=\"menuitem\" id=\"menu-item-2994\" class=\"mobile menu-item menu-item-type-post_type menu-item-object-page menu-item-top-level menu-item-top-level-10\"><a href=\"https:\/\/www.galerie-metzger.de\/de\/links\/\" tabindex=\"0\"><span class=\"avia-bullet\"><\/span><span class=\"avia-menu-text\">Links<\/span><span class=\"avia-menu-fx\"><span class=\"avia-arrow-wrap\"><span class=\"avia-arrow\"><\/span><\/span><\/span><\/a><\/li>\n<li role=\"menuitem\" id=\"menu-item-1070\" class=\"bottom nomob menu_inv menu-item menu-item-type-custom menu-item-object-custom menu-item-top-level menu-item-top-level-11\"><a href=\"#footer\" tabindex=\"0\"><span class=\"avia-bullet\"><\/span><span class=\"avia-menu-text\">+Info<\/span><span class=\"avia-menu-fx\"><span class=\"avia-arrow-wrap\"><span class=\"avia-arrow\"><\/span><\/span><\/span><\/a><\/li>\n<li role=\"menuitem\" id=\"menu-item-1807\" class=\"menu_inv mobile address menu-item menu-item-type-custom menu-item-object-custom menu-item-top-level menu-item-top-level-12\"><a href=\"#\" tabindex=\"0\"><span class=\"avia-bullet\"><\/span><span class=\"avia-menu-text\"><p class=\"mob_menu dist top\">GALERIE <span class=\"bold\">METZGER<\/span><\/p> <p class=\"mob_menu\">Angelika Metzger<\/p> <p class=\"mob_menu\">Hauptstr. 18<\/p> <p class=\"mob_menu\">63867 Johannesberg<\/p> <p class=\"mob_menu phone\"><a href=\"tel:00496021460224\">+49 (0)6021 460224<\/a><\/p> <p class=\"mob_menu mail\"><a href=\"mailto:info@galerie-metzger.de\">info@galerie-metzger.de<\/a><\/p><\/span><span class=\"avia-menu-fx\"><span class=\"avia-arrow-wrap\"><span class=\"avia-arrow\"><\/span><\/span><\/span><\/a><\/li>\n<li role=\"menuitem\" id=\"menu-item-wpml-ls-17-de\" class=\"menu-item-language menu-item-language-current menu-item wpml-ls-slot-17 wpml-ls-item wpml-ls-item-de wpml-ls-current-language wpml-ls-menu-item wpml-ls-first-item menu-item-type-wpml_ls_menu_item menu-item-object-wpml_ls_menu_item menu-item-top-level menu-item-top-level-13\"><a href=\"https:\/\/www.galerie-metzger.de\/de\/\" tabindex=\"0\"><span class=\"avia-bullet\"><\/span><span class=\"avia-menu-text\"><span class=\"wpml-ls-native\" lang=\"de\">Deutsch<\/span><\/span><span class=\"avia-menu-fx\"><span class=\"avia-arrow-wrap\"><span class=\"avia-arrow\"><\/span><\/span><\/span><\/a><\/li>\n<li role=\"menuitem\" id=\"menu-item-wpml-ls-17-en\" class=\"menu-item-language menu-item wpml-ls-slot-17 wpml-ls-item wpml-ls-item-en wpml-ls-menu-item wpml-ls-last-item menu-item-type-wpml_ls_menu_item menu-item-object-wpml_ls_menu_item menu-item-top-level menu-item-top-level-14\"><a title=\"Zu English wechseln\" href=\"https:\/\/www.galerie-metzger.de\/en\/\" tabindex=\"0\"><span class=\"avia-bullet\"><\/span><span class=\"avia-menu-text\"><span class=\"wpml-ls-native\" lang=\"en\">English<\/span><\/span><span class=\"avia-menu-fx\"><span class=\"avia-arrow-wrap\"><span class=\"avia-arrow\"><\/span><\/span><\/span><\/a><\/li>\n<\/ul><\/div><\/div><\/p>\n","protected":false},"excerpt":{"rendered":"<p><span class=\"event_date_preview\">18.03.2018 \u2013 08.04.2018<\/span><br \/>\nTafelgeschichten mit Margaret Curtis, Hans Fischer, Jean Nicolas G\u00e9rard,<br \/>\nHermann Gr\u00fcneberg, Kati J\u00fcnger, Nina Lund, Iris Sch\u00f6ne, Medi Zimmermann.<\/p>\n","protected":false},"author":3,"featured_media":3624,"comment_status":"closed","ping_status":"closed","sticky":false,"template":"","format":"standard","meta":{"_lmt_disableupdate":"","_lmt_disable":"","footnotes":""},"categories":[65,69],"tags":[],"class_list":["post-3768","post","type-post","status-publish","format-standard","has-post-thumbnail","hentry","category-expo","category-expo_past"],"yoast_head":"<!-- This site is optimized with the Yoast SEO plugin v26.8 - https:\/\/yoast.com\/product\/yoast-seo-wordpress\/ -->\n<title>Mitesser gesucht 2018 &#8211; GALERIE METZGER<\/title>\n<meta name=\"robots\" content=\"index, follow, max-snippet:-1, max-image-preview:large, max-video-preview:-1\" \/>\n<link rel=\"canonical\" href=\"https:\/\/www.galerie-metzger.de\/de\/expo\/2018-mitesser-gesucht\/\" \/>\n<meta property=\"og:locale\" content=\"de_DE\" \/>\n<meta property=\"og:type\" content=\"article\" \/>\n<meta property=\"og:title\" content=\"Mitesser gesucht 2018 &#8211; GALERIE METZGER\" \/>\n<meta property=\"og:description\" content=\"18.03.2018 \u2013 08.04.2018 Tafelgeschichten mit Margaret Curtis, Hans Fischer, Jean Nicolas G\u00e9rard,  Hermann Gr\u00fcneberg, Kati J\u00fcnger, Nina Lund, Iris Sch\u00f6ne, Medi Zimmermann.\" \/>\n<meta property=\"og:url\" content=\"https:\/\/www.galerie-metzger.de\/de\/expo\/2018-mitesser-gesucht\/\" \/>\n<meta property=\"og:site_name\" content=\"GALERIE METZGER\" \/>\n<meta property=\"article:published_time\" content=\"2018-01-11T18:31:12+00:00\" \/>\n<meta property=\"article:modified_time\" content=\"2018-06-21T15:27:08+00:00\" \/>\n<meta property=\"og:image\" content=\"https:\/\/www.galerie-metzger.de\/wp-content\/uploads\/2018\/01\/Hans-Fischer-Zeichnung-Galerie-Metzger-Gallery-Art-Ceramic-Sculptur-Kunst-Plastik-Keramik-scaled.jpg\" \/>\n\t<meta property=\"og:image:width\" content=\"2560\" \/>\n\t<meta property=\"og:image:height\" content=\"1707\" \/>\n\t<meta property=\"og:image:type\" content=\"image\/jpeg\" \/>\n<meta name=\"author\" content=\"Jochen Hilmer\" \/>\n<meta name=\"twitter:card\" content=\"summary_large_image\" \/>\n<meta name=\"twitter:label1\" content=\"Verfasst von\" \/>\n\t<meta name=\"twitter:data1\" content=\"Jochen Hilmer\" \/>\n\t<meta name=\"twitter:label2\" content=\"Gesch\u00e4tzte Lesezeit\" \/>\n\t<meta name=\"twitter:data2\" content=\"29\u00a0Minuten\" \/>\n<script type=\"application\/ld+json\" class=\"yoast-schema-graph\">{\"@context\":\"https:\/\/schema.org\",\"@graph\":[{\"@type\":\"Article\",\"@id\":\"https:\/\/www.galerie-metzger.de\/de\/expo\/2018-mitesser-gesucht\/#article\",\"isPartOf\":{\"@id\":\"https:\/\/www.galerie-metzger.de\/de\/expo\/2018-mitesser-gesucht\/\"},\"author\":{\"name\":\"Jochen Hilmer\",\"@id\":\"https:\/\/www.galerie-metzger.de\/de\/#\/schema\/person\/739b84f16bd18ee4644ff618a78ce452\"},\"headline\":\"Mitesser gesucht 2018\",\"datePublished\":\"2018-01-11T18:31:12+00:00\",\"dateModified\":\"2018-06-21T15:27:08+00:00\",\"mainEntityOfPage\":{\"@id\":\"https:\/\/www.galerie-metzger.de\/de\/expo\/2018-mitesser-gesucht\/\"},\"wordCount\":4929,\"publisher\":{\"@id\":\"https:\/\/www.galerie-metzger.de\/de\/#organization\"},\"image\":{\"@id\":\"https:\/\/www.galerie-metzger.de\/de\/expo\/2018-mitesser-gesucht\/#primaryimage\"},\"thumbnailUrl\":\"https:\/\/www.galerie-metzger.de\/wp-content\/uploads\/2018\/01\/Hans-Fischer-Zeichnung-Galerie-Metzger-Gallery-Art-Ceramic-Sculptur-Kunst-Plastik-Keramik-scaled.jpg\",\"articleSection\":[\"expo\",\"expo_past\"],\"inLanguage\":\"de\"},{\"@type\":\"WebPage\",\"@id\":\"https:\/\/www.galerie-metzger.de\/de\/expo\/2018-mitesser-gesucht\/\",\"url\":\"https:\/\/www.galerie-metzger.de\/de\/expo\/2018-mitesser-gesucht\/\",\"name\":\"Mitesser gesucht 2018 &#8211; GALERIE METZGER\",\"isPartOf\":{\"@id\":\"https:\/\/www.galerie-metzger.de\/de\/#website\"},\"primaryImageOfPage\":{\"@id\":\"https:\/\/www.galerie-metzger.de\/de\/expo\/2018-mitesser-gesucht\/#primaryimage\"},\"image\":{\"@id\":\"https:\/\/www.galerie-metzger.de\/de\/expo\/2018-mitesser-gesucht\/#primaryimage\"},\"thumbnailUrl\":\"https:\/\/www.galerie-metzger.de\/wp-content\/uploads\/2018\/01\/Hans-Fischer-Zeichnung-Galerie-Metzger-Gallery-Art-Ceramic-Sculptur-Kunst-Plastik-Keramik-scaled.jpg\",\"datePublished\":\"2018-01-11T18:31:12+00:00\",\"dateModified\":\"2018-06-21T15:27:08+00:00\",\"breadcrumb\":{\"@id\":\"https:\/\/www.galerie-metzger.de\/de\/expo\/2018-mitesser-gesucht\/#breadcrumb\"},\"inLanguage\":\"de\",\"potentialAction\":[{\"@type\":\"ReadAction\",\"target\":[\"https:\/\/www.galerie-metzger.de\/de\/expo\/2018-mitesser-gesucht\/\"]}]},{\"@type\":\"ImageObject\",\"inLanguage\":\"de\",\"@id\":\"https:\/\/www.galerie-metzger.de\/de\/expo\/2018-mitesser-gesucht\/#primaryimage\",\"url\":\"https:\/\/www.galerie-metzger.de\/wp-content\/uploads\/2018\/01\/Hans-Fischer-Zeichnung-Galerie-Metzger-Gallery-Art-Ceramic-Sculptur-Kunst-Plastik-Keramik-scaled.jpg\",\"contentUrl\":\"https:\/\/www.galerie-metzger.de\/wp-content\/uploads\/2018\/01\/Hans-Fischer-Zeichnung-Galerie-Metzger-Gallery-Art-Ceramic-Sculptur-Kunst-Plastik-Keramik-scaled.jpg\",\"width\":2560,\"height\":1707,\"caption\":\"Hans Fischer \u2013\u00a0Zeichnung \u2013\u00a0Galerie Metzger Gallery Art Ceramic Sculptur Kunst Plastik Keramik\"},{\"@type\":\"BreadcrumbList\",\"@id\":\"https:\/\/www.galerie-metzger.de\/de\/expo\/2018-mitesser-gesucht\/#breadcrumb\",\"itemListElement\":[{\"@type\":\"ListItem\",\"position\":1,\"name\":\"Startseite\",\"item\":\"https:\/\/www.galerie-metzger.de\/de\/start-20260213-de\/\"},{\"@type\":\"ListItem\",\"position\":2,\"name\":\"Mitesser gesucht 2018\"}]},{\"@type\":\"WebSite\",\"@id\":\"https:\/\/www.galerie-metzger.de\/de\/#website\",\"url\":\"https:\/\/www.galerie-metzger.de\/de\/\",\"name\":\"GALERIE METZGER\",\"description\":\"Keramik \u2013\u00a0Plastik \u2013\u00a0Kunst\",\"publisher\":{\"@id\":\"https:\/\/www.galerie-metzger.de\/de\/#organization\"},\"potentialAction\":[{\"@type\":\"SearchAction\",\"target\":{\"@type\":\"EntryPoint\",\"urlTemplate\":\"https:\/\/www.galerie-metzger.de\/de\/?s={search_term_string}\"},\"query-input\":{\"@type\":\"PropertyValueSpecification\",\"valueRequired\":true,\"valueName\":\"search_term_string\"}}],\"inLanguage\":\"de\"},{\"@type\":\"Organization\",\"@id\":\"https:\/\/www.galerie-metzger.de\/de\/#organization\",\"name\":\"GALERIE METZGER\",\"url\":\"https:\/\/www.galerie-metzger.de\/de\/\",\"logo\":{\"@type\":\"ImageObject\",\"inLanguage\":\"de\",\"@id\":\"https:\/\/www.galerie-metzger.de\/de\/#\/schema\/logo\/image\/\",\"url\":\"https:\/\/www.galerie-metzger.de\/wp-content\/uploads\/2018\/01\/galerie-metzger_logo_2018.png\",\"contentUrl\":\"https:\/\/www.galerie-metzger.de\/wp-content\/uploads\/2018\/01\/galerie-metzger_logo_2018.png\",\"width\":740,\"height\":340,\"caption\":\"GALERIE METZGER\"},\"image\":{\"@id\":\"https:\/\/www.galerie-metzger.de\/de\/#\/schema\/logo\/image\/\"}},{\"@type\":\"Person\",\"@id\":\"https:\/\/www.galerie-metzger.de\/de\/#\/schema\/person\/739b84f16bd18ee4644ff618a78ce452\",\"name\":\"Jochen Hilmer\",\"image\":{\"@type\":\"ImageObject\",\"inLanguage\":\"de\",\"@id\":\"https:\/\/www.galerie-metzger.de\/de\/#\/schema\/person\/image\/\",\"url\":\"https:\/\/secure.gravatar.com\/avatar\/ea765b289be44c807adb05f6b85400d488b8754d48419fddca400246400a0bc7?s=96&d=mm&r=g\",\"contentUrl\":\"https:\/\/secure.gravatar.com\/avatar\/ea765b289be44c807adb05f6b85400d488b8754d48419fddca400246400a0bc7?s=96&d=mm&r=g\",\"caption\":\"Jochen Hilmer\"}}]}<\/script>\n<!-- \/ Yoast SEO plugin. -->","yoast_head_json":{"title":"Mitesser gesucht 2018 &#8211; GALERIE METZGER","robots":{"index":"index","follow":"follow","max-snippet":"max-snippet:-1","max-image-preview":"max-image-preview:large","max-video-preview":"max-video-preview:-1"},"canonical":"https:\/\/www.galerie-metzger.de\/de\/expo\/2018-mitesser-gesucht\/","og_locale":"de_DE","og_type":"article","og_title":"Mitesser gesucht 2018 &#8211; GALERIE METZGER","og_description":"18.03.2018 \u2013 08.04.2018 Tafelgeschichten mit Margaret Curtis, Hans Fischer, Jean Nicolas G\u00e9rard,  Hermann Gr\u00fcneberg, Kati J\u00fcnger, Nina Lund, Iris Sch\u00f6ne, Medi Zimmermann.","og_url":"https:\/\/www.galerie-metzger.de\/de\/expo\/2018-mitesser-gesucht\/","og_site_name":"GALERIE METZGER","article_published_time":"2018-01-11T18:31:12+00:00","article_modified_time":"2018-06-21T15:27:08+00:00","og_image":[{"width":2560,"height":1707,"url":"https:\/\/www.galerie-metzger.de\/wp-content\/uploads\/2018\/01\/Hans-Fischer-Zeichnung-Galerie-Metzger-Gallery-Art-Ceramic-Sculptur-Kunst-Plastik-Keramik-scaled.jpg","type":"image\/jpeg"}],"author":"Jochen Hilmer","twitter_card":"summary_large_image","twitter_misc":{"Verfasst von":"Jochen Hilmer","Gesch\u00e4tzte Lesezeit":"29\u00a0Minuten"},"schema":{"@context":"https:\/\/schema.org","@graph":[{"@type":"Article","@id":"https:\/\/www.galerie-metzger.de\/de\/expo\/2018-mitesser-gesucht\/#article","isPartOf":{"@id":"https:\/\/www.galerie-metzger.de\/de\/expo\/2018-mitesser-gesucht\/"},"author":{"name":"Jochen Hilmer","@id":"https:\/\/www.galerie-metzger.de\/de\/#\/schema\/person\/739b84f16bd18ee4644ff618a78ce452"},"headline":"Mitesser gesucht 2018","datePublished":"2018-01-11T18:31:12+00:00","dateModified":"2018-06-21T15:27:08+00:00","mainEntityOfPage":{"@id":"https:\/\/www.galerie-metzger.de\/de\/expo\/2018-mitesser-gesucht\/"},"wordCount":4929,"publisher":{"@id":"https:\/\/www.galerie-metzger.de\/de\/#organization"},"image":{"@id":"https:\/\/www.galerie-metzger.de\/de\/expo\/2018-mitesser-gesucht\/#primaryimage"},"thumbnailUrl":"https:\/\/www.galerie-metzger.de\/wp-content\/uploads\/2018\/01\/Hans-Fischer-Zeichnung-Galerie-Metzger-Gallery-Art-Ceramic-Sculptur-Kunst-Plastik-Keramik-scaled.jpg","articleSection":["expo","expo_past"],"inLanguage":"de"},{"@type":"WebPage","@id":"https:\/\/www.galerie-metzger.de\/de\/expo\/2018-mitesser-gesucht\/","url":"https:\/\/www.galerie-metzger.de\/de\/expo\/2018-mitesser-gesucht\/","name":"Mitesser gesucht 2018 &#8211; GALERIE METZGER","isPartOf":{"@id":"https:\/\/www.galerie-metzger.de\/de\/#website"},"primaryImageOfPage":{"@id":"https:\/\/www.galerie-metzger.de\/de\/expo\/2018-mitesser-gesucht\/#primaryimage"},"image":{"@id":"https:\/\/www.galerie-metzger.de\/de\/expo\/2018-mitesser-gesucht\/#primaryimage"},"thumbnailUrl":"https:\/\/www.galerie-metzger.de\/wp-content\/uploads\/2018\/01\/Hans-Fischer-Zeichnung-Galerie-Metzger-Gallery-Art-Ceramic-Sculptur-Kunst-Plastik-Keramik-scaled.jpg","datePublished":"2018-01-11T18:31:12+00:00","dateModified":"2018-06-21T15:27:08+00:00","breadcrumb":{"@id":"https:\/\/www.galerie-metzger.de\/de\/expo\/2018-mitesser-gesucht\/#breadcrumb"},"inLanguage":"de","potentialAction":[{"@type":"ReadAction","target":["https:\/\/www.galerie-metzger.de\/de\/expo\/2018-mitesser-gesucht\/"]}]},{"@type":"ImageObject","inLanguage":"de","@id":"https:\/\/www.galerie-metzger.de\/de\/expo\/2018-mitesser-gesucht\/#primaryimage","url":"https:\/\/www.galerie-metzger.de\/wp-content\/uploads\/2018\/01\/Hans-Fischer-Zeichnung-Galerie-Metzger-Gallery-Art-Ceramic-Sculptur-Kunst-Plastik-Keramik-scaled.jpg","contentUrl":"https:\/\/www.galerie-metzger.de\/wp-content\/uploads\/2018\/01\/Hans-Fischer-Zeichnung-Galerie-Metzger-Gallery-Art-Ceramic-Sculptur-Kunst-Plastik-Keramik-scaled.jpg","width":2560,"height":1707,"caption":"Hans Fischer \u2013\u00a0Zeichnung \u2013\u00a0Galerie Metzger Gallery Art Ceramic Sculptur Kunst Plastik Keramik"},{"@type":"BreadcrumbList","@id":"https:\/\/www.galerie-metzger.de\/de\/expo\/2018-mitesser-gesucht\/#breadcrumb","itemListElement":[{"@type":"ListItem","position":1,"name":"Startseite","item":"https:\/\/www.galerie-metzger.de\/de\/start-20260213-de\/"},{"@type":"ListItem","position":2,"name":"Mitesser gesucht 2018"}]},{"@type":"WebSite","@id":"https:\/\/www.galerie-metzger.de\/de\/#website","url":"https:\/\/www.galerie-metzger.de\/de\/","name":"GALERIE METZGER","description":"Keramik \u2013\u00a0Plastik \u2013\u00a0Kunst","publisher":{"@id":"https:\/\/www.galerie-metzger.de\/de\/#organization"},"potentialAction":[{"@type":"SearchAction","target":{"@type":"EntryPoint","urlTemplate":"https:\/\/www.galerie-metzger.de\/de\/?s={search_term_string}"},"query-input":{"@type":"PropertyValueSpecification","valueRequired":true,"valueName":"search_term_string"}}],"inLanguage":"de"},{"@type":"Organization","@id":"https:\/\/www.galerie-metzger.de\/de\/#organization","name":"GALERIE METZGER","url":"https:\/\/www.galerie-metzger.de\/de\/","logo":{"@type":"ImageObject","inLanguage":"de","@id":"https:\/\/www.galerie-metzger.de\/de\/#\/schema\/logo\/image\/","url":"https:\/\/www.galerie-metzger.de\/wp-content\/uploads\/2018\/01\/galerie-metzger_logo_2018.png","contentUrl":"https:\/\/www.galerie-metzger.de\/wp-content\/uploads\/2018\/01\/galerie-metzger_logo_2018.png","width":740,"height":340,"caption":"GALERIE METZGER"},"image":{"@id":"https:\/\/www.galerie-metzger.de\/de\/#\/schema\/logo\/image\/"}},{"@type":"Person","@id":"https:\/\/www.galerie-metzger.de\/de\/#\/schema\/person\/739b84f16bd18ee4644ff618a78ce452","name":"Jochen Hilmer","image":{"@type":"ImageObject","inLanguage":"de","@id":"https:\/\/www.galerie-metzger.de\/de\/#\/schema\/person\/image\/","url":"https:\/\/secure.gravatar.com\/avatar\/ea765b289be44c807adb05f6b85400d488b8754d48419fddca400246400a0bc7?s=96&d=mm&r=g","contentUrl":"https:\/\/secure.gravatar.com\/avatar\/ea765b289be44c807adb05f6b85400d488b8754d48419fddca400246400a0bc7?s=96&d=mm&r=g","caption":"Jochen Hilmer"}}]}},"modified_by":"Jochen Hilmer","_links":{"self":[{"href":"https:\/\/www.galerie-metzger.de\/de\/wp-json\/wp\/v2\/posts\/3768","targetHints":{"allow":["GET"]}}],"collection":[{"href":"https:\/\/www.galerie-metzger.de\/de\/wp-json\/wp\/v2\/posts"}],"about":[{"href":"https:\/\/www.galerie-metzger.de\/de\/wp-json\/wp\/v2\/types\/post"}],"author":[{"embeddable":true,"href":"https:\/\/www.galerie-metzger.de\/de\/wp-json\/wp\/v2\/users\/3"}],"replies":[{"embeddable":true,"href":"https:\/\/www.galerie-metzger.de\/de\/wp-json\/wp\/v2\/comments?post=3768"}],"version-history":[{"count":0,"href":"https:\/\/www.galerie-metzger.de\/de\/wp-json\/wp\/v2\/posts\/3768\/revisions"}],"wp:featuredmedia":[{"embeddable":true,"href":"https:\/\/www.galerie-metzger.de\/de\/wp-json\/wp\/v2\/media\/3624"}],"wp:attachment":[{"href":"https:\/\/www.galerie-metzger.de\/de\/wp-json\/wp\/v2\/media?parent=3768"}],"wp:term":[{"taxonomy":"category","embeddable":true,"href":"https:\/\/www.galerie-metzger.de\/de\/wp-json\/wp\/v2\/categories?post=3768"},{"taxonomy":"post_tag","embeddable":true,"href":"https:\/\/www.galerie-metzger.de\/de\/wp-json\/wp\/v2\/tags?post=3768"}],"curies":[{"name":"wp","href":"https:\/\/api.w.org\/{rel}","templated":true}]}}