{"id":11181,"date":"2023-01-30T17:44:23","date_gmt":"2023-01-30T16:44:23","guid":{"rendered":"https:\/\/www.galerie-metzger.de\/expo\/henkelware-copy\/"},"modified":"2023-08-23T12:25:23","modified_gmt":"2023-08-23T10:25:23","slug":"tierszenen","status":"publish","type":"post","link":"https:\/\/www.galerie-metzger.de\/de\/expo\/tierszenen\/","title":{"rendered":"tierSzenen"},"content":{"rendered":"<div id='topp'  class='avia-section av-39p4agv-2522fcf585d2ac7445cd0f90c9103b9e main_color avia-section-no-padding avia-no-border-styling  avia-builder-el-0  el_before_av_submenu  avia-builder-el-first  avia-bg-style-scroll container_wrap fullsize'  ><div class='container av-section-cont-open' ><main  class='template-page content  av-content-full alpha units'><div class='post-entry post-entry-type-page post-entry-11181'><div class='entry-content-wrapper clearfix'>\n\n<style type=\"text\/css\" data-created_by=\"avia_inline_auto\" id=\"style-css-av-38qqpzz-e83686adc2179d1d9c7c0f6c8d2295c1\">\n.flex_column.av-38qqpzz-e83686adc2179d1d9c7c0f6c8d2295c1{\n-webkit-border-radius:0px 0px 0px 0px;\n-moz-border-radius:0px 0px 0px 0px;\nborder-radius:0px 0px 0px 0px;\n}\n<\/style>\n<div class='flex_column av-38qqpzz-e83686adc2179d1d9c7c0f6c8d2295c1 av_two_fifth  avia-builder-el-1  el_before_av_two_third  avia-builder-el-first  jo_col_page_title first no_margin flex_column_div av-animated-generic fade-in av-zero-column-padding '     ><p>\n<style type=\"text\/css\" data-created_by=\"avia_inline_auto\" id=\"style-css-av-lf2glcha-bc9642937720c1f8eed99bbb60bd1e50\">\n#top .hr.hr-invisible.av-lf2glcha-bc9642937720c1f8eed99bbb60bd1e50{\nheight:96px;\n}\n<\/style>\n<div  class='hr av-lf2glcha-bc9642937720c1f8eed99bbb60bd1e50 hr-invisible  avia-builder-el-2  el_before_av_image  avia-builder-el-first '><span class='hr-inner '><span class=\"hr-inner-style\"><\/span><\/span><\/div><br \/>\n\n<style type=\"text\/css\" data-created_by=\"avia_inline_auto\" id=\"style-css-av-23povivh-f8b848fdbac2ebbc54295f96f0eeaf90\">\n.avia-image-container.av-23povivh-f8b848fdbac2ebbc54295f96f0eeaf90 img.avia_image{\nbox-shadow:none;\n}\n<\/style>\n<div  class='avia-image-container av-23povivh-f8b848fdbac2ebbc54295f96f0eeaf90 av-styling-no-styling avia_animated_image av-animated-when-visible-95 fade-in avia-align-left  avia-builder-el-3  el_after_av_hr  avia-builder-el-last  jo_pf_bild'  ><div class=\"avia-image-container-inner\"><div class=\"avia-image-overlay-wrap\"><img decoding=\"async\" class='wp-image-11368 avia-img-lazy-loading-not-11368 avia_image ' src=\"https:\/\/www.galerie-metzger.de\/wp-content\/uploads\/2023\/01\/20230423-tierSzenen-titel-690x132.jpg\" alt='' title='20230423-tierSzenen-titel'  height=\"132\" width=\"690\" srcset=\"https:\/\/www.galerie-metzger.de\/wp-content\/uploads\/2023\/01\/20230423-tierSzenen-titel-690x132.jpg 690w, https:\/\/www.galerie-metzger.de\/wp-content\/uploads\/2023\/01\/20230423-tierSzenen-titel-1090x209.jpg 1090w, https:\/\/www.galerie-metzger.de\/wp-content\/uploads\/2023\/01\/20230423-tierSzenen-titel-768x147.jpg 768w, https:\/\/www.galerie-metzger.de\/wp-content\/uploads\/2023\/01\/20230423-tierSzenen-titel-1536x294.jpg 1536w, https:\/\/www.galerie-metzger.de\/wp-content\/uploads\/2023\/01\/20230423-tierSzenen-titel-2048x393.jpg 2048w, https:\/\/www.galerie-metzger.de\/wp-content\/uploads\/2023\/01\/20230423-tierSzenen-titel-1500x288.jpg 1500w, https:\/\/www.galerie-metzger.de\/wp-content\/uploads\/2023\/01\/20230423-tierSzenen-titel-705x135.jpg 705w\" sizes=\"(max-width: 690px) 100vw, 690px\" \/><\/div><\/div><\/div><\/p><\/div><div class='flex_column_table av-242vquz1-12daae74531d369363ab14a8758a3fd3 sc-av_two_third av-equal-height-column-flextable'>\n<style type=\"text\/css\" data-created_by=\"avia_inline_auto\" id=\"style-css-av-242vquz1-12daae74531d369363ab14a8758a3fd3\">\n.flex_column.av-242vquz1-12daae74531d369363ab14a8758a3fd3{\n-webkit-border-radius:0px 0px 0px 0px;\n-moz-border-radius:0px 0px 0px 0px;\nborder-radius:0px 0px 0px 0px;\n}\n<\/style>\n<div class='flex_column av-242vquz1-12daae74531d369363ab14a8758a3fd3 av_two_third  avia-builder-el-4  el_after_av_two_fifth  el_before_av_one_third  jo_pf_bild_bg start tierszenen first flex_column_table_cell av-equal-height-column av-align-middle av-animated-generic fade-in av-zero-column-padding '     ><p>\n<style type=\"text\/css\" data-created_by=\"avia_inline_auto\" id=\"style-css-av-1nty8z1-26be64f8aafd98922a18b8893a7885b8\">\n.avia-image-container.av-1nty8z1-26be64f8aafd98922a18b8893a7885b8 img.avia_image{\nbox-shadow:none;\n}\n.avia-image-container.av-1nty8z1-26be64f8aafd98922a18b8893a7885b8 .av-caption-image-overlay-bg{\nopacity:0.4;\n}\n<\/style>\n<div  class='avia-image-container av-1nty8z1-26be64f8aafd98922a18b8893a7885b8 av-styling-no-styling avia_animated_image av-animated-when-visible-95 fade-in avia-align-left  avia-builder-el-5  el_before_av_textblock  avia-builder-el-first  jo_pf_bild noHover av-overlay-hover-deactivate'  ><div class=\"avia-image-container-inner\"><div class=\"avia-image-overlay-wrap\"><a href=\"https:\/\/www.galerie-metzger.de\/wp-content\/uploads\/2023\/01\/beate-kuhn-katze-2006-215x10x28cm-galerie-metzger-sculpture-deutsche-studiio-keramik-page-1090x1090.jpg\" data-srcset=\"https:\/\/www.galerie-metzger.de\/wp-content\/uploads\/2023\/01\/beate-kuhn-katze-2006-215x10x28cm-galerie-metzger-sculpture-deutsche-studiio-keramik-page-1090x1090.jpg 1090w, https:\/\/www.galerie-metzger.de\/wp-content\/uploads\/2023\/01\/beate-kuhn-katze-2006-215x10x28cm-galerie-metzger-sculpture-deutsche-studiio-keramik-page-690x690.jpg 690w, https:\/\/www.galerie-metzger.de\/wp-content\/uploads\/2023\/01\/beate-kuhn-katze-2006-215x10x28cm-galerie-metzger-sculpture-deutsche-studiio-keramik-page-80x80.jpg 80w, https:\/\/www.galerie-metzger.de\/wp-content\/uploads\/2023\/01\/beate-kuhn-katze-2006-215x10x28cm-galerie-metzger-sculpture-deutsche-studiio-keramik-page-768x768.jpg 768w, https:\/\/www.galerie-metzger.de\/wp-content\/uploads\/2023\/01\/beate-kuhn-katze-2006-215x10x28cm-galerie-metzger-sculpture-deutsche-studiio-keramik-page-1536x1536.jpg 1536w, https:\/\/www.galerie-metzger.de\/wp-content\/uploads\/2023\/01\/beate-kuhn-katze-2006-215x10x28cm-galerie-metzger-sculpture-deutsche-studiio-keramik-page-2048x2048.jpg 2048w, https:\/\/www.galerie-metzger.de\/wp-content\/uploads\/2023\/01\/beate-kuhn-katze-2006-215x10x28cm-galerie-metzger-sculpture-deutsche-studiio-keramik-page-36x36.jpg 36w, https:\/\/www.galerie-metzger.de\/wp-content\/uploads\/2023\/01\/beate-kuhn-katze-2006-215x10x28cm-galerie-metzger-sculpture-deutsche-studiio-keramik-page-180x180.jpg 180w, https:\/\/www.galerie-metzger.de\/wp-content\/uploads\/2023\/01\/beate-kuhn-katze-2006-215x10x28cm-galerie-metzger-sculpture-deutsche-studiio-keramik-page-1500x1500.jpg 1500w, https:\/\/www.galerie-metzger.de\/wp-content\/uploads\/2023\/01\/beate-kuhn-katze-2006-215x10x28cm-galerie-metzger-sculpture-deutsche-studiio-keramik-page-705x705.jpg 705w\" data-sizes=\"(max-width: 1030px) 100vw, 1030px\" class='avia_image' ><div class=\"av-image-caption-overlay\"><div class=\"av-caption-image-overlay-bg\"><\/div><div class=\"av-image-caption-overlay-position\"><div class=\"av-image-caption-overlay-center\"><p>Beate Kuhn \u2013 laufende Katze mit Fisch \u2013\u00a0, 2006, 21,5x10x28 cm, Foto: Edi Baumann<\/p>\n<\/div><\/div><\/div><img decoding=\"async\" class='wp-image-11364 avia-img-lazy-loading-not-11364 avia_image ' src=\"https:\/\/www.galerie-metzger.de\/wp-content\/uploads\/2023\/01\/beate-kuhn-katze-2006-215x10x28cm-galerie-metzger-sculpture-deutsche-studiio-keramik-page-1090x1090.jpg\" alt='' title='beate-kuhn-katze-2006-21,5x10x28cm-galerie-metzger-sculpture-deutsche-studiio-keramik-page'  height=\"1030\" width=\"1030\" srcset=\"https:\/\/www.galerie-metzger.de\/wp-content\/uploads\/2023\/01\/beate-kuhn-katze-2006-215x10x28cm-galerie-metzger-sculpture-deutsche-studiio-keramik-page-1090x1090.jpg 1090w, https:\/\/www.galerie-metzger.de\/wp-content\/uploads\/2023\/01\/beate-kuhn-katze-2006-215x10x28cm-galerie-metzger-sculpture-deutsche-studiio-keramik-page-690x690.jpg 690w, https:\/\/www.galerie-metzger.de\/wp-content\/uploads\/2023\/01\/beate-kuhn-katze-2006-215x10x28cm-galerie-metzger-sculpture-deutsche-studiio-keramik-page-80x80.jpg 80w, https:\/\/www.galerie-metzger.de\/wp-content\/uploads\/2023\/01\/beate-kuhn-katze-2006-215x10x28cm-galerie-metzger-sculpture-deutsche-studiio-keramik-page-768x768.jpg 768w, https:\/\/www.galerie-metzger.de\/wp-content\/uploads\/2023\/01\/beate-kuhn-katze-2006-215x10x28cm-galerie-metzger-sculpture-deutsche-studiio-keramik-page-1536x1536.jpg 1536w, https:\/\/www.galerie-metzger.de\/wp-content\/uploads\/2023\/01\/beate-kuhn-katze-2006-215x10x28cm-galerie-metzger-sculpture-deutsche-studiio-keramik-page-2048x2048.jpg 2048w, https:\/\/www.galerie-metzger.de\/wp-content\/uploads\/2023\/01\/beate-kuhn-katze-2006-215x10x28cm-galerie-metzger-sculpture-deutsche-studiio-keramik-page-36x36.jpg 36w, https:\/\/www.galerie-metzger.de\/wp-content\/uploads\/2023\/01\/beate-kuhn-katze-2006-215x10x28cm-galerie-metzger-sculpture-deutsche-studiio-keramik-page-180x180.jpg 180w, https:\/\/www.galerie-metzger.de\/wp-content\/uploads\/2023\/01\/beate-kuhn-katze-2006-215x10x28cm-galerie-metzger-sculpture-deutsche-studiio-keramik-page-1500x1500.jpg 1500w, https:\/\/www.galerie-metzger.de\/wp-content\/uploads\/2023\/01\/beate-kuhn-katze-2006-215x10x28cm-galerie-metzger-sculpture-deutsche-studiio-keramik-page-705x705.jpg 705w\" sizes=\"(max-width: 1030px) 100vw, 1030px\" \/><\/a><\/div><\/div><\/div><br \/>\n<section  class='av_textblock_section av-23844159-ee48d4ccedef117beac118ad20fd6cce' ><div class='avia_textblock jo_werk_anfrage' ><p><a class=\"anfrage\" href=\"mailto:info@galerie-metzger.de?subject=Beate%20Kuhn%20laufende Katze mit Fisch\">Anfrage zum Werk<\/a><\/p>\n<\/div><\/section><\/p><\/div><div class='av-flex-placeholder'><\/div>\n<style type=\"text\/css\" data-created_by=\"avia_inline_auto\" id=\"style-css-av-161g4dp-2b1b773101c203969fd84e0534ecc46d\">\n.flex_column.av-161g4dp-2b1b773101c203969fd84e0534ecc46d{\n-webkit-border-radius:0px 0px 0px 0px;\n-moz-border-radius:0px 0px 0px 0px;\nborder-radius:0px 0px 0px 0px;\n}\n<\/style>\n<div class='flex_column av-161g4dp-2b1b773101c203969fd84e0534ecc46d av_one_third  avia-builder-el-7  el_after_av_two_third  el_before_av_one_full  jo_col_empty flex_column_table_cell av-equal-height-column av-align-middle av-animated-generic fade-in av-zero-column-padding '     ><section  class='av_textblock_section av-sqclvx-307f4b7f3863b5237d3d88baf63f7d09' ><div class='avia_textblock' ><p>invisible placeholder<\/p>\n<\/div><\/section><\/div><\/div><!--close column table wrapper. Autoclose: 1 -->\n<style type=\"text\/css\" data-created_by=\"avia_inline_auto\" id=\"style-css-av-2ymbam7-645260c3b0cd49dacf53ae91eb0d40c1\">\n.flex_column.av-2ymbam7-645260c3b0cd49dacf53ae91eb0d40c1{\n-webkit-border-radius:0px 0px 0px 0px;\n-moz-border-radius:0px 0px 0px 0px;\nborder-radius:0px 0px 0px 0px;\n}\n<\/style>\n<div class='flex_column av-2ymbam7-645260c3b0cd49dacf53ae91eb0d40c1 av_one_full  avia-builder-el-9  el_after_av_one_third  el_before_av_two_third  jo_col_head first no_margin flex_column_div av-animated-generic fade-in av-zero-column-padding column-top-margin'     ><p><section  class='av_textblock_section av-ldj1mm3w-b176f8e6c272f2877f777a7e76cf6a3c' ><div class='avia_textblock event_date_off' ><p>23.04.2023 \u2013 14.05.2023<\/p>\n<\/div><\/section><br \/>\n<section  class='av_textblock_section av-lf2h7xss-7b68df61825e3dd97d6f71e82b20029e' ><div class='avia_textblock' ><p><img decoding=\"async\" class=\"alignnone wp-image-11373\" src=\"https:\/\/www.galerie-metzger.de\/wp-content\/uploads\/2023\/01\/20230423-tierSzenen-titel-600.jpg\" alt=\"\" width=\"300\" height=\"57\" \/><\/p>\n<\/div><\/section><br \/>\n<\/p><\/div><div class='flex_column_table av-a4qn2n-283-672110d073ba11b0b3b3a14d290a29f3 sc-av_two_third av-equal-height-column-flextable'>\n<style type=\"text\/css\" data-created_by=\"avia_inline_auto\" id=\"style-css-av-a4qn2n-283-672110d073ba11b0b3b3a14d290a29f3\">\n.flex_column.av-a4qn2n-283-672110d073ba11b0b3b3a14d290a29f3{\n-webkit-border-radius:0px 0px 0px 0px;\n-moz-border-radius:0px 0px 0px 0px;\nborder-radius:0px 0px 0px 0px;\n}\n<\/style>\n<div class='flex_column av-a4qn2n-283-672110d073ba11b0b3b3a14d290a29f3 av_two_third  avia-builder-el-13  el_after_av_one_full  el_before_av_one_third  first flex_column_table_cell av-equal-height-column av-align-top av-animated-generic fade-in av-zero-column-padding column-top-margin'     ><section  class='av_textblock_section av-ldj1pm19-0c066590dea9a50dda2fdc171364fd42' ><div class='avia_textblock' ><p>Beginn der Ausstellung am Sonntag, dem 23.04.2023.<br \/>\nDie Galerie ist von 11 \u2013 17 Uhr ge\u00f6ffnet.<\/p>\n<\/div><\/section><\/div><div class='av-flex-placeholder'><\/div>\n<style type=\"text\/css\" data-created_by=\"avia_inline_auto\" id=\"style-css-av-18vyyr1-d43dbeb2fa40e0ca9271b6946b57a49f\">\n.flex_column.av-18vyyr1-d43dbeb2fa40e0ca9271b6946b57a49f{\n-webkit-border-radius:0px 0px 0px 0px;\n-moz-border-radius:0px 0px 0px 0px;\nborder-radius:0px 0px 0px 0px;\n}\n<\/style>\n<div class='flex_column av-18vyyr1-d43dbeb2fa40e0ca9271b6946b57a49f av_one_third  avia-builder-el-15  el_after_av_two_third  el_before_av_two_third  jo_col_empty flex_column_table_cell av-equal-height-column av-align-top av-animated-generic fade-in av-zero-column-padding column-top-margin'     ><section  class='av_textblock_section av-rqoqr1-dbeedd48c7ab43015b2e5e5eff451e58' ><div class='avia_textblock' ><p>invisible placeholder<\/p>\n<\/div><\/section><\/div><\/div><!--close column table wrapper. Autoclose: 1 --><div class='flex_column_table av-a4qn2n-282-ac614a991bd342896c4e3ee7a9352a8f sc-av_two_third av-equal-height-column-flextable'>\n<style type=\"text\/css\" data-created_by=\"avia_inline_auto\" id=\"style-css-av-a4qn2n-282-ac614a991bd342896c4e3ee7a9352a8f\">\n.flex_column.av-a4qn2n-282-ac614a991bd342896c4e3ee7a9352a8f{\n-webkit-border-radius:0px 0px 0px 0px;\n-moz-border-radius:0px 0px 0px 0px;\nborder-radius:0px 0px 0px 0px;\n}\n<\/style>\n<div class='flex_column av-a4qn2n-282-ac614a991bd342896c4e3ee7a9352a8f av_two_third  avia-builder-el-17  el_after_av_one_third  el_before_av_one_third  first flex_column_table_cell av-equal-height-column av-align-top av-animated-generic fade-in av-zero-column-padding column-top-margin'     ><section  class='av_textblock_section av-22bp4ab1-3f118162ace7644f9025e9bee3e326fd' ><div class='avia_textblock' ><p><strong>Die Ausstellung ist ge\u00f6ffnet<br \/>\n<\/strong><\/p>\n<ul>\n<li>Mittwoch 14:30 \u2013 19:00 Uhr<\/li>\n<li>Samstag, 14:30 \u2013 18:00 Uhr<\/li>\n<li>Sonntag 11:00 \u2013 17:00 Uhr<\/li>\n<\/ul>\n<p>vereinbaren Sie Ihren pers\u00f6nlichen Termin<\/p>\n<ul>\n<li>per Telefon: <a title=\"\" href=\"tel:004906021460224\">+49 (0)6021 460224<\/a><\/li>\n<li>per Mail: <a title=\"\" href=\"mailto:info@galerie-metzger.de\">info@galerie-metzger.de<\/a><\/li>\n<\/ul>\n<\/div><\/section><\/div><div class='av-flex-placeholder'><\/div>\n<style type=\"text\/css\" data-created_by=\"avia_inline_auto\" id=\"style-css-av-2gsxvhb-281-cf957850fb88f12cdab4ac65ff17ae7c\">\n.flex_column.av-2gsxvhb-281-cf957850fb88f12cdab4ac65ff17ae7c{\n-webkit-border-radius:0px 0px 0px 0px;\n-moz-border-radius:0px 0px 0px 0px;\nborder-radius:0px 0px 0px 0px;\n}\n<\/style>\n<div class='flex_column av-2gsxvhb-281-cf957850fb88f12cdab4ac65ff17ae7c av_one_third  avia-builder-el-19  el_after_av_two_third  el_before_av_one_full  jo_col_empty flex_column_table_cell av-equal-height-column av-align-top av-animated-generic fade-in av-zero-column-padding column-top-margin'     ><section  class='av_textblock_section av-2ebrkhr-280-9f96b05c1f63642d70ab10dfab0ba71e' ><div class='avia_textblock' ><p>invisible placeholder<\/p>\n<\/div><\/section><\/div><\/div><!--close column table wrapper. Autoclose: 1 --><div class='flex_column_table av-1gg4qudp-7218d7a5bb7ad29dda11b2b8e558b1fa sc-av_one_full av-equal-height-column-flextable'>\n<style type=\"text\/css\" data-created_by=\"avia_inline_auto\" id=\"style-css-av-1gg4qudp-7218d7a5bb7ad29dda11b2b8e558b1fa\">\n.flex_column.av-1gg4qudp-7218d7a5bb7ad29dda11b2b8e558b1fa{\n-webkit-border-radius:0px 0px 0px 0px;\n-moz-border-radius:0px 0px 0px 0px;\nborder-radius:0px 0px 0px 0px;\n}\n<\/style>\n<div class='flex_column av-1gg4qudp-7218d7a5bb7ad29dda11b2b8e558b1fa av_one_full  avia-builder-el-21  el_after_av_one_third  el_before_av_one_full  first flex_column_table_cell av-equal-height-column av-align-middle av-animated-generic fade-in av-zero-column-padding column-top-margin'     ><section  class='av_textblock_section av-1g05be7h-70941afb96fa20daa894746e0e81ec16' ><div class='avia_textblock' ><p><strong>tier<\/strong>Szenen<\/p>\n<p>Hans Fischer, Sigrid Hilpert-Artes, Beate Kuhn, J\u00f6rg von Manz, Christoph M\u00f6ller, Patricia Rieger, Xavier Toubes, Chikako Yoshikawa<\/p>\n<p>narrativ \u2013 humorvoll \u2013 skurril<\/p>\n<p><strong>tier<\/strong>Szenen ist eine geschichtenreiche Ausstellung zu Tier, Fabelwesen, Natur und Mensch. Die K\u00fcnstlerInnen leben und arbeiten in verschiedenen Kulturkreisen, und daraus sind diverse \u201eKunstsprachen\u201c entstanden.<\/p>\n<p>Dann gibt es noch eine Ausstellung in der Ausstellung \u00fcber die wunderbare Welt des J\u00f6rg von Manz. Mit ihm verbindet sich f\u00fcr Hans Fischer und Christoph M\u00f6ller eine k\u00fcnstlerische Seelenverwandtschaft. Somit l\u00e4dt die Ausstellung zu einem kleinen Familientreffen ein.<\/p>\n<\/div><\/section><\/div><\/div><!--close column table wrapper. Autoclose: 1 --><div class='flex_column_table av-1cb5lcv-276-e6892c07f1df177319679822b90fb7af sc-av_one_full av-equal-height-column-flextable'>\n<style type=\"text\/css\" data-created_by=\"avia_inline_auto\" id=\"style-css-av-1cb5lcv-276-e6892c07f1df177319679822b90fb7af\">\n.flex_column.av-1cb5lcv-276-e6892c07f1df177319679822b90fb7af{\n-webkit-border-radius:0px 0px 0px 0px;\n-moz-border-radius:0px 0px 0px 0px;\nborder-radius:0px 0px 0px 0px;\n}\n<\/style>\n<div class='flex_column av-1cb5lcv-276-e6892c07f1df177319679822b90fb7af av_one_full  avia-builder-el-23  el_after_av_one_full  el_before_av_one_half  jo_col_empty first flex_column_table_cell av-equal-height-column av-align-top av-animated-generic fade-in av-zero-column-padding column-top-margin'     ><section  class='av_textblock_section av-1akcd1b-275-8e2c3fffac4eef5fcc9eb4cc70230aed' ><div class='avia_textblock' ><p>invisible placeholder<\/p>\n<\/div><\/section><\/div><\/div><!--close column table wrapper. Autoclose: 1 --><div class='flex_column_table av-av_one_half-e3b8c1823edbe8618d8efb3f278284ff sc-av_one_half av-equal-height-column-flextable'>\n<style type=\"text\/css\" data-created_by=\"avia_inline_auto\" id=\"style-css-av-av_one_half-e3b8c1823edbe8618d8efb3f278284ff\">\n.flex_column.av-av_one_half-e3b8c1823edbe8618d8efb3f278284ff{\n-webkit-border-radius:0px 0px 0px 0px;\n-moz-border-radius:0px 0px 0px 0px;\nborder-radius:0px 0px 0px 0px;\n}\n<\/style>\n<div class='flex_column av-av_one_half-e3b8c1823edbe8618d8efb3f278284ff av_one_half  avia-builder-el-25  el_after_av_one_full  el_before_av_one_half  jo_pf_bild_bg first flex_column_table_cell av-equal-height-column av-align-middle av-animated-generic fade-in av-zero-column-padding column-top-margin'     ><style type=\"text\/css\" data-created_by=\"avia_inline_auto\" id=\"style-css-av-lh52vbly-949d5d2e6166c4c89f0e352cce0723c1\">\n.avia-image-container.av-lh52vbly-949d5d2e6166c4c89f0e352cce0723c1 img.avia_image{\nbox-shadow:none;\n}\n.avia-image-container.av-lh52vbly-949d5d2e6166c4c89f0e352cce0723c1 .av-caption-image-overlay-bg{\nopacity:0.4;\n}\n<\/style>\n<div  class='avia-image-container av-lh52vbly-949d5d2e6166c4c89f0e352cce0723c1 av-styling-no-styling avia_animated_image av-animated-when-visible-95 fade-in avia-align-left  avia-builder-el-26  avia-builder-el-no-sibling  jo_pf_bild noHover av-overlay-hover-deactivate'  ><div class=\"avia-image-container-inner\"><div class=\"avia-image-overlay-wrap\"><a href=\"https:\/\/www.galerie-metzger.de\/wp-content\/uploads\/2023\/04\/Blick-in-die-Ausstellung-tierSzenen-mit-Hans-Fisdcher-gallery-galerie-metzger-kaufen-kunst-ceramic-art-object-727x1090.jpg\" data-srcset=\"https:\/\/www.galerie-metzger.de\/wp-content\/uploads\/2023\/04\/Blick-in-die-Ausstellung-tierSzenen-mit-Hans-Fisdcher-gallery-galerie-metzger-kaufen-kunst-ceramic-art-object-727x1090.jpg 727w, https:\/\/www.galerie-metzger.de\/wp-content\/uploads\/2023\/04\/Blick-in-die-Ausstellung-tierSzenen-mit-Hans-Fisdcher-gallery-galerie-metzger-kaufen-kunst-ceramic-art-object-690x1035.jpg 690w, https:\/\/www.galerie-metzger.de\/wp-content\/uploads\/2023\/04\/Blick-in-die-Ausstellung-tierSzenen-mit-Hans-Fisdcher-gallery-galerie-metzger-kaufen-kunst-ceramic-art-object-768x1152.jpg 768w, https:\/\/www.galerie-metzger.de\/wp-content\/uploads\/2023\/04\/Blick-in-die-Ausstellung-tierSzenen-mit-Hans-Fisdcher-gallery-galerie-metzger-kaufen-kunst-ceramic-art-object-1024x1536.jpg 1024w, https:\/\/www.galerie-metzger.de\/wp-content\/uploads\/2023\/04\/Blick-in-die-Ausstellung-tierSzenen-mit-Hans-Fisdcher-gallery-galerie-metzger-kaufen-kunst-ceramic-art-object-1365x2048.jpg 1365w, https:\/\/www.galerie-metzger.de\/wp-content\/uploads\/2023\/04\/Blick-in-die-Ausstellung-tierSzenen-mit-Hans-Fisdcher-gallery-galerie-metzger-kaufen-kunst-ceramic-art-object-1000x1500.jpg 1000w, https:\/\/www.galerie-metzger.de\/wp-content\/uploads\/2023\/04\/Blick-in-die-Ausstellung-tierSzenen-mit-Hans-Fisdcher-gallery-galerie-metzger-kaufen-kunst-ceramic-art-object-470x705.jpg 470w, https:\/\/www.galerie-metzger.de\/wp-content\/uploads\/2023\/04\/Blick-in-die-Ausstellung-tierSzenen-mit-Hans-Fisdcher-gallery-galerie-metzger-kaufen-kunst-ceramic-art-object-scaled.jpg 1707w\" data-sizes=\"(max-width: 687px) 100vw, 687px\" class='avia_image' ><div class=\"av-image-caption-overlay\"><div class=\"av-caption-image-overlay-bg\"><\/div><div class=\"av-image-caption-overlay-position\"><div class=\"av-image-caption-overlay-center\"><p>Hans Fischer \u2013 Blick in die Ausstellung tierSzenen \u2013 , 2023, Foto: Edi Baumann<\/p>\n<\/div><\/div><\/div><img decoding=\"async\" class='wp-image-11455 avia-img-lazy-loading-not-11455 avia_image ' src=\"https:\/\/www.galerie-metzger.de\/wp-content\/uploads\/2023\/04\/Blick-in-die-Ausstellung-tierSzenen-mit-Hans-Fisdcher-gallery-galerie-metzger-kaufen-kunst-ceramic-art-object-690x1035.jpg\" alt='Blick in die Ausstellung tierSzenen mit Hans Fischer' title='Blick in die Ausstellung tierSzenen mit Hans Fischer'  height=\"1035\" width=\"690\" srcset=\"https:\/\/www.galerie-metzger.de\/wp-content\/uploads\/2023\/04\/Blick-in-die-Ausstellung-tierSzenen-mit-Hans-Fisdcher-gallery-galerie-metzger-kaufen-kunst-ceramic-art-object-690x1035.jpg 690w, https:\/\/www.galerie-metzger.de\/wp-content\/uploads\/2023\/04\/Blick-in-die-Ausstellung-tierSzenen-mit-Hans-Fisdcher-gallery-galerie-metzger-kaufen-kunst-ceramic-art-object-727x1090.jpg 727w, https:\/\/www.galerie-metzger.de\/wp-content\/uploads\/2023\/04\/Blick-in-die-Ausstellung-tierSzenen-mit-Hans-Fisdcher-gallery-galerie-metzger-kaufen-kunst-ceramic-art-object-768x1152.jpg 768w, https:\/\/www.galerie-metzger.de\/wp-content\/uploads\/2023\/04\/Blick-in-die-Ausstellung-tierSzenen-mit-Hans-Fisdcher-gallery-galerie-metzger-kaufen-kunst-ceramic-art-object-1024x1536.jpg 1024w, https:\/\/www.galerie-metzger.de\/wp-content\/uploads\/2023\/04\/Blick-in-die-Ausstellung-tierSzenen-mit-Hans-Fisdcher-gallery-galerie-metzger-kaufen-kunst-ceramic-art-object-1365x2048.jpg 1365w, https:\/\/www.galerie-metzger.de\/wp-content\/uploads\/2023\/04\/Blick-in-die-Ausstellung-tierSzenen-mit-Hans-Fisdcher-gallery-galerie-metzger-kaufen-kunst-ceramic-art-object-1000x1500.jpg 1000w, https:\/\/www.galerie-metzger.de\/wp-content\/uploads\/2023\/04\/Blick-in-die-Ausstellung-tierSzenen-mit-Hans-Fisdcher-gallery-galerie-metzger-kaufen-kunst-ceramic-art-object-470x705.jpg 470w, https:\/\/www.galerie-metzger.de\/wp-content\/uploads\/2023\/04\/Blick-in-die-Ausstellung-tierSzenen-mit-Hans-Fisdcher-gallery-galerie-metzger-kaufen-kunst-ceramic-art-object-scaled.jpg 1707w\" sizes=\"(max-width: 690px) 100vw, 690px\" \/><\/a><\/div><\/div><\/div><\/div><div class='av-flex-placeholder'><\/div>\n<style type=\"text\/css\" data-created_by=\"avia_inline_auto\" id=\"style-css-av-av_one_half-98c47ac8396e73f5312b80b521560a76\">\n.flex_column.av-av_one_half-98c47ac8396e73f5312b80b521560a76{\n-webkit-border-radius:0px 0px 0px 0px;\n-moz-border-radius:0px 0px 0px 0px;\nborder-radius:0px 0px 0px 0px;\n}\n<\/style>\n<div class='flex_column av-av_one_half-98c47ac8396e73f5312b80b521560a76 av_one_half  avia-builder-el-27  el_after_av_one_half  el_before_av_one_full  jo_pf_bild_bg flex_column_table_cell av-equal-height-column av-align-middle av-animated-generic fade-in av-zero-column-padding column-top-margin'     ><style type=\"text\/css\" data-created_by=\"avia_inline_auto\" id=\"style-css-av-lh52wpzh-1f7b6db4cce782c44c7162e50dd911b9\">\n.avia-image-container.av-lh52wpzh-1f7b6db4cce782c44c7162e50dd911b9 img.avia_image{\nbox-shadow:none;\n}\n.avia-image-container.av-lh52wpzh-1f7b6db4cce782c44c7162e50dd911b9 .av-caption-image-overlay-bg{\nopacity:0.4;\n}\n<\/style>\n<div  class='avia-image-container av-lh52wpzh-1f7b6db4cce782c44c7162e50dd911b9 av-styling-no-styling avia_animated_image av-animated-when-visible-95 fade-in avia-align-left  avia-builder-el-28  avia-builder-el-no-sibling  jo_pf_bild noHover av-overlay-hover-deactivate'  ><div class=\"avia-image-container-inner\"><div class=\"avia-image-overlay-wrap\"><a href=\"https:\/\/www.galerie-metzger.de\/wp-content\/uploads\/2023\/04\/Blick-in-die-Ausstellung-tierSzenen-mit-Christoph-Moeller-und-Xavier-Toubes-gallery-galerie-metzger-kaufen-kunst-ceramic-art-object.jpg.lnk_-727x1090.jpg\" data-srcset=\"https:\/\/www.galerie-metzger.de\/wp-content\/uploads\/2023\/04\/Blick-in-die-Ausstellung-tierSzenen-mit-Christoph-Moeller-und-Xavier-Toubes-gallery-galerie-metzger-kaufen-kunst-ceramic-art-object.jpg.lnk_-727x1090.jpg 727w, https:\/\/www.galerie-metzger.de\/wp-content\/uploads\/2023\/04\/Blick-in-die-Ausstellung-tierSzenen-mit-Christoph-Moeller-und-Xavier-Toubes-gallery-galerie-metzger-kaufen-kunst-ceramic-art-object.jpg.lnk_-690x1035.jpg 690w, https:\/\/www.galerie-metzger.de\/wp-content\/uploads\/2023\/04\/Blick-in-die-Ausstellung-tierSzenen-mit-Christoph-Moeller-und-Xavier-Toubes-gallery-galerie-metzger-kaufen-kunst-ceramic-art-object.jpg.lnk_-768x1152.jpg 768w, https:\/\/www.galerie-metzger.de\/wp-content\/uploads\/2023\/04\/Blick-in-die-Ausstellung-tierSzenen-mit-Christoph-Moeller-und-Xavier-Toubes-gallery-galerie-metzger-kaufen-kunst-ceramic-art-object.jpg.lnk_-1024x1536.jpg 1024w, https:\/\/www.galerie-metzger.de\/wp-content\/uploads\/2023\/04\/Blick-in-die-Ausstellung-tierSzenen-mit-Christoph-Moeller-und-Xavier-Toubes-gallery-galerie-metzger-kaufen-kunst-ceramic-art-object.jpg.lnk_-1365x2048.jpg 1365w, https:\/\/www.galerie-metzger.de\/wp-content\/uploads\/2023\/04\/Blick-in-die-Ausstellung-tierSzenen-mit-Christoph-Moeller-und-Xavier-Toubes-gallery-galerie-metzger-kaufen-kunst-ceramic-art-object.jpg.lnk_-1000x1500.jpg 1000w, https:\/\/www.galerie-metzger.de\/wp-content\/uploads\/2023\/04\/Blick-in-die-Ausstellung-tierSzenen-mit-Christoph-Moeller-und-Xavier-Toubes-gallery-galerie-metzger-kaufen-kunst-ceramic-art-object.jpg.lnk_-470x705.jpg 470w, https:\/\/www.galerie-metzger.de\/wp-content\/uploads\/2023\/04\/Blick-in-die-Ausstellung-tierSzenen-mit-Christoph-Moeller-und-Xavier-Toubes-gallery-galerie-metzger-kaufen-kunst-ceramic-art-object.jpg.lnk_-scaled.jpg 1707w\" data-sizes=\"(max-width: 687px) 100vw, 687px\" class='avia_image' ><div class=\"av-image-caption-overlay\"><div class=\"av-caption-image-overlay-bg\"><\/div><div class=\"av-image-caption-overlay-position\"><div class=\"av-image-caption-overlay-center\"><p>Christoph M\u00f6ller, Xavier Toubes \u2013 Blick in die Ausstellung tierSzenen \u2013 , 2023, Foto: Edi Baumann<\/p>\n<\/div><\/div><\/div><img decoding=\"async\" class='wp-image-11457 avia-img-lazy-loading-not-11457 avia_image ' src=\"https:\/\/www.galerie-metzger.de\/wp-content\/uploads\/2023\/04\/Blick-in-die-Ausstellung-tierSzenen-mit-Christoph-Moeller-und-Xavier-Toubes-gallery-galerie-metzger-kaufen-kunst-ceramic-art-object.jpg.lnk_-690x1035.jpg\" alt='Blick in die Ausstellung tierSzenen mit Christoph Moeller und Xavier Toubes' title='Blick in die Ausstellung tierSzenen mit Christoph Moeller und Xavier Toubes'  height=\"1035\" width=\"690\" srcset=\"https:\/\/www.galerie-metzger.de\/wp-content\/uploads\/2023\/04\/Blick-in-die-Ausstellung-tierSzenen-mit-Christoph-Moeller-und-Xavier-Toubes-gallery-galerie-metzger-kaufen-kunst-ceramic-art-object.jpg.lnk_-690x1035.jpg 690w, https:\/\/www.galerie-metzger.de\/wp-content\/uploads\/2023\/04\/Blick-in-die-Ausstellung-tierSzenen-mit-Christoph-Moeller-und-Xavier-Toubes-gallery-galerie-metzger-kaufen-kunst-ceramic-art-object.jpg.lnk_-727x1090.jpg 727w, https:\/\/www.galerie-metzger.de\/wp-content\/uploads\/2023\/04\/Blick-in-die-Ausstellung-tierSzenen-mit-Christoph-Moeller-und-Xavier-Toubes-gallery-galerie-metzger-kaufen-kunst-ceramic-art-object.jpg.lnk_-768x1152.jpg 768w, https:\/\/www.galerie-metzger.de\/wp-content\/uploads\/2023\/04\/Blick-in-die-Ausstellung-tierSzenen-mit-Christoph-Moeller-und-Xavier-Toubes-gallery-galerie-metzger-kaufen-kunst-ceramic-art-object.jpg.lnk_-1024x1536.jpg 1024w, https:\/\/www.galerie-metzger.de\/wp-content\/uploads\/2023\/04\/Blick-in-die-Ausstellung-tierSzenen-mit-Christoph-Moeller-und-Xavier-Toubes-gallery-galerie-metzger-kaufen-kunst-ceramic-art-object.jpg.lnk_-1365x2048.jpg 1365w, https:\/\/www.galerie-metzger.de\/wp-content\/uploads\/2023\/04\/Blick-in-die-Ausstellung-tierSzenen-mit-Christoph-Moeller-und-Xavier-Toubes-gallery-galerie-metzger-kaufen-kunst-ceramic-art-object.jpg.lnk_-1000x1500.jpg 1000w, https:\/\/www.galerie-metzger.de\/wp-content\/uploads\/2023\/04\/Blick-in-die-Ausstellung-tierSzenen-mit-Christoph-Moeller-und-Xavier-Toubes-gallery-galerie-metzger-kaufen-kunst-ceramic-art-object.jpg.lnk_-470x705.jpg 470w, https:\/\/www.galerie-metzger.de\/wp-content\/uploads\/2023\/04\/Blick-in-die-Ausstellung-tierSzenen-mit-Christoph-Moeller-und-Xavier-Toubes-gallery-galerie-metzger-kaufen-kunst-ceramic-art-object.jpg.lnk_-scaled.jpg 1707w\" sizes=\"(max-width: 690px) 100vw, 690px\" \/><\/a><\/div><\/div><\/div><\/div><\/div><!--close column table wrapper. Autoclose: 1 --><div class='flex_column_table av-av_one_full-d92ad2e9cc0eef1ebbdd4aee71a71a34 sc-av_one_full av-equal-height-column-flextable'>\n<style type=\"text\/css\" data-created_by=\"avia_inline_auto\" id=\"style-css-av-av_one_full-d92ad2e9cc0eef1ebbdd4aee71a71a34\">\n.flex_column.av-av_one_full-d92ad2e9cc0eef1ebbdd4aee71a71a34{\n-webkit-border-radius:0px 0px 0px 0px;\n-moz-border-radius:0px 0px 0px 0px;\nborder-radius:0px 0px 0px 0px;\n}\n<\/style>\n<div class='flex_column av-av_one_full-d92ad2e9cc0eef1ebbdd4aee71a71a34 av_one_full  avia-builder-el-29  el_after_av_one_half  el_before_av_one_half  jo_col_empty first flex_column_table_cell av-equal-height-column av-align-top av-animated-generic fade-in av-zero-column-padding column-top-margin'     ><section  class='av_textblock_section av-av_textblock-506c14c56273b6111dfdd9d5e43e88f2' ><div class='avia_textblock' ><p>invisible placeholder<\/p>\n<\/div><\/section><\/div><\/div><!--close column table wrapper. Autoclose: 1 --><div class='flex_column_table av-1zb36ect-9b64ab9a080d38fc87dc0f46af5097a6 sc-av_one_half av-equal-height-column-flextable'>\n<style type=\"text\/css\" data-created_by=\"avia_inline_auto\" id=\"style-css-av-1zb36ect-9b64ab9a080d38fc87dc0f46af5097a6\">\n.flex_column.av-1zb36ect-9b64ab9a080d38fc87dc0f46af5097a6{\n-webkit-border-radius:0px 0px 0px 0px;\n-moz-border-radius:0px 0px 0px 0px;\nborder-radius:0px 0px 0px 0px;\n}\n<\/style>\n<div class='flex_column av-1zb36ect-9b64ab9a080d38fc87dc0f46af5097a6 av_one_half  avia-builder-el-31  el_after_av_one_full  el_before_av_one_half  jo_pf_bild_bg first flex_column_table_cell av-equal-height-column av-align-middle av-animated-generic fade-in av-zero-column-padding column-top-margin'     ><p>\n<style type=\"text\/css\" data-created_by=\"avia_inline_auto\" id=\"style-css-av-1yt6qt65-e920bc47f9d036e419245b5f79b23897\">\n.avia-image-container.av-1yt6qt65-e920bc47f9d036e419245b5f79b23897 img.avia_image{\nbox-shadow:none;\n}\n.avia-image-container.av-1yt6qt65-e920bc47f9d036e419245b5f79b23897 .av-caption-image-overlay-bg{\nopacity:0.4;\n}\n<\/style>\n<div  class='avia-image-container av-1yt6qt65-e920bc47f9d036e419245b5f79b23897 av-styling-no-styling avia_animated_image av-animated-when-visible-95 fade-in avia-align-left  avia-builder-el-32  el_before_av_textblock  avia-builder-el-first  jo_pf_bild noHover av-overlay-hover-deactivate'  ><div class=\"avia-image-container-inner\"><div class=\"avia-image-overlay-wrap\"><a href=\"https:\/\/www.galerie-metzger.de\/wp-content\/uploads\/2018\/10\/hans-fischer-hier-2017-27x24x22-cm-galerie-metzger-gallery-contemporary-sculpture-ceramic-art-1090x1090.jpg\" data-srcset=\"https:\/\/www.galerie-metzger.de\/wp-content\/uploads\/2018\/10\/hans-fischer-hier-2017-27x24x22-cm-galerie-metzger-gallery-contemporary-sculpture-ceramic-art-1090x1090.jpg 1090w, https:\/\/www.galerie-metzger.de\/wp-content\/uploads\/2018\/10\/hans-fischer-hier-2017-27x24x22-cm-galerie-metzger-gallery-contemporary-sculpture-ceramic-art-690x690.jpg 690w, https:\/\/www.galerie-metzger.de\/wp-content\/uploads\/2018\/10\/hans-fischer-hier-2017-27x24x22-cm-galerie-metzger-gallery-contemporary-sculpture-ceramic-art-80x80.jpg 80w, https:\/\/www.galerie-metzger.de\/wp-content\/uploads\/2018\/10\/hans-fischer-hier-2017-27x24x22-cm-galerie-metzger-gallery-contemporary-sculpture-ceramic-art-1536x1536.jpg 1536w, https:\/\/www.galerie-metzger.de\/wp-content\/uploads\/2018\/10\/hans-fischer-hier-2017-27x24x22-cm-galerie-metzger-gallery-contemporary-sculpture-ceramic-art-2048x2048.jpg 2048w, https:\/\/www.galerie-metzger.de\/wp-content\/uploads\/2018\/10\/hans-fischer-hier-2017-27x24x22-cm-galerie-metzger-gallery-contemporary-sculpture-ceramic-art-36x36.jpg 36w, https:\/\/www.galerie-metzger.de\/wp-content\/uploads\/2018\/10\/hans-fischer-hier-2017-27x24x22-cm-galerie-metzger-gallery-contemporary-sculpture-ceramic-art-180x180.jpg 180w, https:\/\/www.galerie-metzger.de\/wp-content\/uploads\/2018\/10\/hans-fischer-hier-2017-27x24x22-cm-galerie-metzger-gallery-contemporary-sculpture-ceramic-art-1500x1500.jpg 1500w, https:\/\/www.galerie-metzger.de\/wp-content\/uploads\/2018\/10\/hans-fischer-hier-2017-27x24x22-cm-galerie-metzger-gallery-contemporary-sculpture-ceramic-art-705x705.jpg 705w, https:\/\/www.galerie-metzger.de\/wp-content\/uploads\/2018\/10\/hans-fischer-hier-2017-27x24x22-cm-galerie-metzger-gallery-contemporary-sculpture-ceramic-art-120x120.jpg 120w, https:\/\/www.galerie-metzger.de\/wp-content\/uploads\/2018\/10\/hans-fischer-hier-2017-27x24x22-cm-galerie-metzger-gallery-contemporary-sculpture-ceramic-art-400x400.jpg 400w, https:\/\/www.galerie-metzger.de\/wp-content\/uploads\/2018\/10\/hans-fischer-hier-2017-27x24x22-cm-galerie-metzger-gallery-contemporary-sculpture-ceramic-art-768x768.jpg 768w, https:\/\/www.galerie-metzger.de\/wp-content\/uploads\/2018\/10\/hans-fischer-hier-2017-27x24x22-cm-galerie-metzger-gallery-contemporary-sculpture-ceramic-art-1600x1600.jpg 1600w, https:\/\/www.galerie-metzger.de\/wp-content\/uploads\/2018\/10\/hans-fischer-hier-2017-27x24x22-cm-galerie-metzger-gallery-contemporary-sculpture-ceramic-art-450x450.jpg 450w\" data-sizes=\"(max-width: 1030px) 100vw, 1030px\" class='avia_image' ><div class=\"av-image-caption-overlay\"><div class=\"av-caption-image-overlay-bg\"><\/div><div class=\"av-image-caption-overlay-position\"><div class=\"av-image-caption-overlay-center\"><p>Hans Fischer \u2013 &#8222;hier&#8220; \u2013 , 2017, 27x24x22 cm, Foto: Edi Baumann<\/p>\n<\/div><\/div><\/div><img decoding=\"async\" class='wp-image-6725 avia-img-lazy-loading-not-6725 avia_image ' src=\"https:\/\/www.galerie-metzger.de\/wp-content\/uploads\/2018\/10\/hans-fischer-hier-2017-27x24x22-cm-galerie-metzger-gallery-contemporary-sculpture-ceramic-art-690x690.jpg\" alt='Hans Fischer-hier-2017-27x24x22 cm' title='Hans Fischer-hier-2017-27x24x22 cm'  height=\"690\" width=\"690\" srcset=\"https:\/\/www.galerie-metzger.de\/wp-content\/uploads\/2018\/10\/hans-fischer-hier-2017-27x24x22-cm-galerie-metzger-gallery-contemporary-sculpture-ceramic-art-690x690.jpg 690w, https:\/\/www.galerie-metzger.de\/wp-content\/uploads\/2018\/10\/hans-fischer-hier-2017-27x24x22-cm-galerie-metzger-gallery-contemporary-sculpture-ceramic-art-1090x1090.jpg 1090w, https:\/\/www.galerie-metzger.de\/wp-content\/uploads\/2018\/10\/hans-fischer-hier-2017-27x24x22-cm-galerie-metzger-gallery-contemporary-sculpture-ceramic-art-80x80.jpg 80w, https:\/\/www.galerie-metzger.de\/wp-content\/uploads\/2018\/10\/hans-fischer-hier-2017-27x24x22-cm-galerie-metzger-gallery-contemporary-sculpture-ceramic-art-1536x1536.jpg 1536w, https:\/\/www.galerie-metzger.de\/wp-content\/uploads\/2018\/10\/hans-fischer-hier-2017-27x24x22-cm-galerie-metzger-gallery-contemporary-sculpture-ceramic-art-2048x2048.jpg 2048w, https:\/\/www.galerie-metzger.de\/wp-content\/uploads\/2018\/10\/hans-fischer-hier-2017-27x24x22-cm-galerie-metzger-gallery-contemporary-sculpture-ceramic-art-36x36.jpg 36w, https:\/\/www.galerie-metzger.de\/wp-content\/uploads\/2018\/10\/hans-fischer-hier-2017-27x24x22-cm-galerie-metzger-gallery-contemporary-sculpture-ceramic-art-180x180.jpg 180w, https:\/\/www.galerie-metzger.de\/wp-content\/uploads\/2018\/10\/hans-fischer-hier-2017-27x24x22-cm-galerie-metzger-gallery-contemporary-sculpture-ceramic-art-1500x1500.jpg 1500w, https:\/\/www.galerie-metzger.de\/wp-content\/uploads\/2018\/10\/hans-fischer-hier-2017-27x24x22-cm-galerie-metzger-gallery-contemporary-sculpture-ceramic-art-705x705.jpg 705w, https:\/\/www.galerie-metzger.de\/wp-content\/uploads\/2018\/10\/hans-fischer-hier-2017-27x24x22-cm-galerie-metzger-gallery-contemporary-sculpture-ceramic-art-120x120.jpg 120w, https:\/\/www.galerie-metzger.de\/wp-content\/uploads\/2018\/10\/hans-fischer-hier-2017-27x24x22-cm-galerie-metzger-gallery-contemporary-sculpture-ceramic-art-400x400.jpg 400w, https:\/\/www.galerie-metzger.de\/wp-content\/uploads\/2018\/10\/hans-fischer-hier-2017-27x24x22-cm-galerie-metzger-gallery-contemporary-sculpture-ceramic-art-768x768.jpg 768w, https:\/\/www.galerie-metzger.de\/wp-content\/uploads\/2018\/10\/hans-fischer-hier-2017-27x24x22-cm-galerie-metzger-gallery-contemporary-sculpture-ceramic-art-1600x1600.jpg 1600w, https:\/\/www.galerie-metzger.de\/wp-content\/uploads\/2018\/10\/hans-fischer-hier-2017-27x24x22-cm-galerie-metzger-gallery-contemporary-sculpture-ceramic-art-450x450.jpg 450w\" sizes=\"(max-width: 690px) 100vw, 690px\" \/><\/a><\/div><\/div><\/div><br \/>\n<section  class='av_textblock_section av-1ychh5cd-dd0e4b4ad78a1daae2651dc74e95edbe' ><div class='avia_textblock jo_werk_anfrage' ><p><a class=\"anfrage\" href=\"mailto:info@galerie-metzger.de?subject=Hans%20Fischer%20hier%202017\">Anfrage zum Werk<\/a><\/p>\n<\/div><\/section><\/p><\/div><div class='av-flex-placeholder'><\/div>\n<style type=\"text\/css\" data-created_by=\"avia_inline_auto\" id=\"style-css-av-59evx59-4b40f6de6b0ff7e61630a2c153982fb1\">\n.flex_column.av-59evx59-4b40f6de6b0ff7e61630a2c153982fb1{\n-webkit-border-radius:0px 0px 0px 0px;\n-moz-border-radius:0px 0px 0px 0px;\nborder-radius:0px 0px 0px 0px;\n}\n<\/style>\n<div class='flex_column av-59evx59-4b40f6de6b0ff7e61630a2c153982fb1 av_one_half  avia-builder-el-34  el_after_av_one_half  el_before_av_one_full  jo_pf_bild_bg flex_column_table_cell av-equal-height-column av-align-middle av-animated-generic fade-in av-zero-column-padding column-top-margin'     ><p>\n<style type=\"text\/css\" data-created_by=\"avia_inline_auto\" id=\"style-css-av-4uq0kh9-14c2cbfa09b92a1b9df334f103cd1ffc\">\n.avia-image-container.av-4uq0kh9-14c2cbfa09b92a1b9df334f103cd1ffc img.avia_image{\nbox-shadow:none;\n}\n.avia-image-container.av-4uq0kh9-14c2cbfa09b92a1b9df334f103cd1ffc .av-caption-image-overlay-bg{\nopacity:0.4;\n}\n<\/style>\n<div  class='avia-image-container av-4uq0kh9-14c2cbfa09b92a1b9df334f103cd1ffc av-styling-no-styling avia_animated_image av-animated-when-visible-95 fade-in avia-align-left  avia-builder-el-35  el_before_av_textblock  avia-builder-el-first  jo_pf_bild noHover av-overlay-hover-deactivate'  ><div class=\"avia-image-container-inner\"><div class=\"avia-image-overlay-wrap\"><a href=\"https:\/\/www.galerie-metzger.de\/wp-content\/uploads\/2018\/10\/hans-fischer-hier-2017-27x24x22-cm-galerie-metzger-gallery-contemporary-sculpture-ceramic-art.plastikjpg-1090x1090.jpg\" data-srcset=\"https:\/\/www.galerie-metzger.de\/wp-content\/uploads\/2018\/10\/hans-fischer-hier-2017-27x24x22-cm-galerie-metzger-gallery-contemporary-sculpture-ceramic-art.plastikjpg-1090x1090.jpg 1090w, https:\/\/www.galerie-metzger.de\/wp-content\/uploads\/2018\/10\/hans-fischer-hier-2017-27x24x22-cm-galerie-metzger-gallery-contemporary-sculpture-ceramic-art.plastikjpg-690x690.jpg 690w, https:\/\/www.galerie-metzger.de\/wp-content\/uploads\/2018\/10\/hans-fischer-hier-2017-27x24x22-cm-galerie-metzger-gallery-contemporary-sculpture-ceramic-art.plastikjpg-80x80.jpg 80w, https:\/\/www.galerie-metzger.de\/wp-content\/uploads\/2018\/10\/hans-fischer-hier-2017-27x24x22-cm-galerie-metzger-gallery-contemporary-sculpture-ceramic-art.plastikjpg-1536x1536.jpg 1536w, https:\/\/www.galerie-metzger.de\/wp-content\/uploads\/2018\/10\/hans-fischer-hier-2017-27x24x22-cm-galerie-metzger-gallery-contemporary-sculpture-ceramic-art.plastikjpg-2048x2048.jpg 2048w, https:\/\/www.galerie-metzger.de\/wp-content\/uploads\/2018\/10\/hans-fischer-hier-2017-27x24x22-cm-galerie-metzger-gallery-contemporary-sculpture-ceramic-art.plastikjpg-36x36.jpg 36w, https:\/\/www.galerie-metzger.de\/wp-content\/uploads\/2018\/10\/hans-fischer-hier-2017-27x24x22-cm-galerie-metzger-gallery-contemporary-sculpture-ceramic-art.plastikjpg-180x180.jpg 180w, https:\/\/www.galerie-metzger.de\/wp-content\/uploads\/2018\/10\/hans-fischer-hier-2017-27x24x22-cm-galerie-metzger-gallery-contemporary-sculpture-ceramic-art.plastikjpg-1500x1500.jpg 1500w, https:\/\/www.galerie-metzger.de\/wp-content\/uploads\/2018\/10\/hans-fischer-hier-2017-27x24x22-cm-galerie-metzger-gallery-contemporary-sculpture-ceramic-art.plastikjpg-705x705.jpg 705w, https:\/\/www.galerie-metzger.de\/wp-content\/uploads\/2018\/10\/hans-fischer-hier-2017-27x24x22-cm-galerie-metzger-gallery-contemporary-sculpture-ceramic-art.plastikjpg-120x120.jpg 120w, https:\/\/www.galerie-metzger.de\/wp-content\/uploads\/2018\/10\/hans-fischer-hier-2017-27x24x22-cm-galerie-metzger-gallery-contemporary-sculpture-ceramic-art.plastikjpg-400x400.jpg 400w, https:\/\/www.galerie-metzger.de\/wp-content\/uploads\/2018\/10\/hans-fischer-hier-2017-27x24x22-cm-galerie-metzger-gallery-contemporary-sculpture-ceramic-art.plastikjpg-768x768.jpg 768w, https:\/\/www.galerie-metzger.de\/wp-content\/uploads\/2018\/10\/hans-fischer-hier-2017-27x24x22-cm-galerie-metzger-gallery-contemporary-sculpture-ceramic-art.plastikjpg-1600x1600.jpg 1600w, https:\/\/www.galerie-metzger.de\/wp-content\/uploads\/2018\/10\/hans-fischer-hier-2017-27x24x22-cm-galerie-metzger-gallery-contemporary-sculpture-ceramic-art.plastikjpg-450x450.jpg 450w\" data-sizes=\"(max-width: 1030px) 100vw, 1030px\" class='avia_image' ><div class=\"av-image-caption-overlay\"><div class=\"av-caption-image-overlay-bg\"><\/div><div class=\"av-image-caption-overlay-position\"><div class=\"av-image-caption-overlay-center\"><p>Hans Fischer \u2013 &#8222;hier&#8220; \u2013 , 2017, 27x24x22 cm, Foto: Edi Baumann<\/p>\n<\/div><\/div><\/div><img decoding=\"async\" class='wp-image-6727 avia-img-lazy-loading-not-6727 avia_image ' src=\"https:\/\/www.galerie-metzger.de\/wp-content\/uploads\/2018\/10\/hans-fischer-hier-2017-27x24x22-cm-galerie-metzger-gallery-contemporary-sculpture-ceramic-art.plastikjpg-690x690.jpg\" alt='Hans Fischer-hier-2017' title='Hans Fischer-hier-2017-27x24x22 cm'  height=\"690\" width=\"690\" srcset=\"https:\/\/www.galerie-metzger.de\/wp-content\/uploads\/2018\/10\/hans-fischer-hier-2017-27x24x22-cm-galerie-metzger-gallery-contemporary-sculpture-ceramic-art.plastikjpg-690x690.jpg 690w, https:\/\/www.galerie-metzger.de\/wp-content\/uploads\/2018\/10\/hans-fischer-hier-2017-27x24x22-cm-galerie-metzger-gallery-contemporary-sculpture-ceramic-art.plastikjpg-1090x1090.jpg 1090w, https:\/\/www.galerie-metzger.de\/wp-content\/uploads\/2018\/10\/hans-fischer-hier-2017-27x24x22-cm-galerie-metzger-gallery-contemporary-sculpture-ceramic-art.plastikjpg-80x80.jpg 80w, https:\/\/www.galerie-metzger.de\/wp-content\/uploads\/2018\/10\/hans-fischer-hier-2017-27x24x22-cm-galerie-metzger-gallery-contemporary-sculpture-ceramic-art.plastikjpg-1536x1536.jpg 1536w, https:\/\/www.galerie-metzger.de\/wp-content\/uploads\/2018\/10\/hans-fischer-hier-2017-27x24x22-cm-galerie-metzger-gallery-contemporary-sculpture-ceramic-art.plastikjpg-2048x2048.jpg 2048w, https:\/\/www.galerie-metzger.de\/wp-content\/uploads\/2018\/10\/hans-fischer-hier-2017-27x24x22-cm-galerie-metzger-gallery-contemporary-sculpture-ceramic-art.plastikjpg-36x36.jpg 36w, https:\/\/www.galerie-metzger.de\/wp-content\/uploads\/2018\/10\/hans-fischer-hier-2017-27x24x22-cm-galerie-metzger-gallery-contemporary-sculpture-ceramic-art.plastikjpg-180x180.jpg 180w, https:\/\/www.galerie-metzger.de\/wp-content\/uploads\/2018\/10\/hans-fischer-hier-2017-27x24x22-cm-galerie-metzger-gallery-contemporary-sculpture-ceramic-art.plastikjpg-1500x1500.jpg 1500w, https:\/\/www.galerie-metzger.de\/wp-content\/uploads\/2018\/10\/hans-fischer-hier-2017-27x24x22-cm-galerie-metzger-gallery-contemporary-sculpture-ceramic-art.plastikjpg-705x705.jpg 705w, https:\/\/www.galerie-metzger.de\/wp-content\/uploads\/2018\/10\/hans-fischer-hier-2017-27x24x22-cm-galerie-metzger-gallery-contemporary-sculpture-ceramic-art.plastikjpg-120x120.jpg 120w, https:\/\/www.galerie-metzger.de\/wp-content\/uploads\/2018\/10\/hans-fischer-hier-2017-27x24x22-cm-galerie-metzger-gallery-contemporary-sculpture-ceramic-art.plastikjpg-400x400.jpg 400w, https:\/\/www.galerie-metzger.de\/wp-content\/uploads\/2018\/10\/hans-fischer-hier-2017-27x24x22-cm-galerie-metzger-gallery-contemporary-sculpture-ceramic-art.plastikjpg-768x768.jpg 768w, https:\/\/www.galerie-metzger.de\/wp-content\/uploads\/2018\/10\/hans-fischer-hier-2017-27x24x22-cm-galerie-metzger-gallery-contemporary-sculpture-ceramic-art.plastikjpg-1600x1600.jpg 1600w, https:\/\/www.galerie-metzger.de\/wp-content\/uploads\/2018\/10\/hans-fischer-hier-2017-27x24x22-cm-galerie-metzger-gallery-contemporary-sculpture-ceramic-art.plastikjpg-450x450.jpg 450w\" sizes=\"(max-width: 690px) 100vw, 690px\" \/><\/a><\/div><\/div><\/div><br \/>\n<section  class='av_textblock_section av-4hl88zx-dd012325f8edba61b4859c38683194be' ><div class='avia_textblock jo_werk_anfrage' ><p><a class=\"anfrage\" href=\"mailto:info@galerie-metzger.de?subject=Hans%20Fischer%20hier%202017\">Anfrage zum Werk<\/a><\/p>\n<\/div><\/section><\/p><\/div><\/div><!--close column table wrapper. Autoclose: 1 --><div class='flex_column_table av-24u7m67-97d938777d7b778a4918786b6515b74e sc-av_one_full av-equal-height-column-flextable'>\n<style type=\"text\/css\" data-created_by=\"avia_inline_auto\" id=\"style-css-av-24u7m67-97d938777d7b778a4918786b6515b74e\">\n.flex_column.av-24u7m67-97d938777d7b778a4918786b6515b74e{\n-webkit-border-radius:0px 0px 0px 0px;\n-moz-border-radius:0px 0px 0px 0px;\nborder-radius:0px 0px 0px 0px;\n}\n<\/style>\n<div class='flex_column av-24u7m67-97d938777d7b778a4918786b6515b74e av_one_full  avia-builder-el-37  el_after_av_one_half  el_before_av_one_half  jo_col_empty first flex_column_table_cell av-equal-height-column av-align-top av-animated-generic fade-in av-zero-column-padding column-top-margin'     ><section  class='av_textblock_section av-23pq51b-93bfdaad90a564136b90e54ea6628052' ><div class='avia_textblock' ><p>invisible placeholder<\/p>\n<\/div><\/section><\/div><\/div><!--close column table wrapper. Autoclose: 1 --><div class='flex_column_table av-4d6obx-c7ee65550644a1357b729f6cede9835d sc-av_one_half av-equal-height-column-flextable'>\n<style type=\"text\/css\" data-created_by=\"avia_inline_auto\" id=\"style-css-av-4d6obx-c7ee65550644a1357b729f6cede9835d\">\n.flex_column.av-4d6obx-c7ee65550644a1357b729f6cede9835d{\n-webkit-border-radius:0px 0px 0px 0px;\n-moz-border-radius:0px 0px 0px 0px;\nborder-radius:0px 0px 0px 0px;\n}\n<\/style>\n<div class='flex_column av-4d6obx-c7ee65550644a1357b729f6cede9835d av_one_half  avia-builder-el-39  el_after_av_one_full  el_before_av_one_half  jo_pf_bild_bg first flex_column_table_cell av-equal-height-column av-align-middle av-animated-generic fade-in av-zero-column-padding column-top-margin'     ><p>\n<style type=\"text\/css\" data-created_by=\"avia_inline_auto\" id=\"style-css-av-lezws3qu-b439a148221ff557983c3da5f5e147f4\">\n.avia-image-container.av-lezws3qu-b439a148221ff557983c3da5f5e147f4 img.avia_image{\nbox-shadow:none;\n}\n.avia-image-container.av-lezws3qu-b439a148221ff557983c3da5f5e147f4 .av-caption-image-overlay-bg{\nopacity:0.4;\n}\n<\/style>\n<div  class='avia-image-container av-lezws3qu-b439a148221ff557983c3da5f5e147f4 av-styling-no-styling avia_animated_image av-animated-when-visible-95 fade-in avia-align-left  avia-builder-el-40  el_before_av_textblock  avia-builder-el-first  jo_pf_bild noHover av-overlay-hover-deactivate'  ><div class=\"avia-image-container-inner\"><div class=\"avia-image-overlay-wrap\"><a href=\"https:\/\/www.galerie-metzger.de\/wp-content\/uploads\/2023\/03\/Hans-Fischer-Hof-30-x25x15cm-galerie-metzger-skulptur-kaufen-keramikkunst-1-1090x727.jpg\" data-srcset=\"https:\/\/www.galerie-metzger.de\/wp-content\/uploads\/2023\/03\/Hans-Fischer-Hof-30-x25x15cm-galerie-metzger-skulptur-kaufen-keramikkunst-1-1090x727.jpg 1090w, https:\/\/www.galerie-metzger.de\/wp-content\/uploads\/2023\/03\/Hans-Fischer-Hof-30-x25x15cm-galerie-metzger-skulptur-kaufen-keramikkunst-1-690x460.jpg 690w, https:\/\/www.galerie-metzger.de\/wp-content\/uploads\/2023\/03\/Hans-Fischer-Hof-30-x25x15cm-galerie-metzger-skulptur-kaufen-keramikkunst-1-768x512.jpg 768w, https:\/\/www.galerie-metzger.de\/wp-content\/uploads\/2023\/03\/Hans-Fischer-Hof-30-x25x15cm-galerie-metzger-skulptur-kaufen-keramikkunst-1-1536x1024.jpg 1536w, https:\/\/www.galerie-metzger.de\/wp-content\/uploads\/2023\/03\/Hans-Fischer-Hof-30-x25x15cm-galerie-metzger-skulptur-kaufen-keramikkunst-1-2048x1365.jpg 2048w, https:\/\/www.galerie-metzger.de\/wp-content\/uploads\/2023\/03\/Hans-Fischer-Hof-30-x25x15cm-galerie-metzger-skulptur-kaufen-keramikkunst-1-1500x1000.jpg 1500w, https:\/\/www.galerie-metzger.de\/wp-content\/uploads\/2023\/03\/Hans-Fischer-Hof-30-x25x15cm-galerie-metzger-skulptur-kaufen-keramikkunst-1-705x470.jpg 705w\" data-sizes=\"(max-width: 1030px) 100vw, 1030px\" class='avia_image' ><div class=\"av-image-caption-overlay\"><div class=\"av-caption-image-overlay-bg\"><\/div><div class=\"av-image-caption-overlay-position\"><div class=\"av-image-caption-overlay-center\"><p>Hans Fischer \u2013 &#8222;Hof&#8220; \u2013 , 30 x25x15 cm, Foto: Hans -Fischer<\/p>\n<\/div><\/div><\/div><img decoding=\"async\" class='wp-image-11282 avia-img-lazy-loading-not-11282 avia_image ' src=\"https:\/\/www.galerie-metzger.de\/wp-content\/uploads\/2023\/03\/Hans-Fischer-Hof-30-x25x15cm-galerie-metzger-skulptur-kaufen-keramikkunst-1-690x460.jpg\" alt='Hans Fischer - Hof - 30 x25x15 cm' title='Hans Fischer - Hof - 30 x25x15 cm'  height=\"460\" width=\"690\" srcset=\"https:\/\/www.galerie-metzger.de\/wp-content\/uploads\/2023\/03\/Hans-Fischer-Hof-30-x25x15cm-galerie-metzger-skulptur-kaufen-keramikkunst-1-690x460.jpg 690w, https:\/\/www.galerie-metzger.de\/wp-content\/uploads\/2023\/03\/Hans-Fischer-Hof-30-x25x15cm-galerie-metzger-skulptur-kaufen-keramikkunst-1-1090x727.jpg 1090w, https:\/\/www.galerie-metzger.de\/wp-content\/uploads\/2023\/03\/Hans-Fischer-Hof-30-x25x15cm-galerie-metzger-skulptur-kaufen-keramikkunst-1-768x512.jpg 768w, https:\/\/www.galerie-metzger.de\/wp-content\/uploads\/2023\/03\/Hans-Fischer-Hof-30-x25x15cm-galerie-metzger-skulptur-kaufen-keramikkunst-1-1536x1024.jpg 1536w, https:\/\/www.galerie-metzger.de\/wp-content\/uploads\/2023\/03\/Hans-Fischer-Hof-30-x25x15cm-galerie-metzger-skulptur-kaufen-keramikkunst-1-2048x1365.jpg 2048w, https:\/\/www.galerie-metzger.de\/wp-content\/uploads\/2023\/03\/Hans-Fischer-Hof-30-x25x15cm-galerie-metzger-skulptur-kaufen-keramikkunst-1-1500x1000.jpg 1500w, https:\/\/www.galerie-metzger.de\/wp-content\/uploads\/2023\/03\/Hans-Fischer-Hof-30-x25x15cm-galerie-metzger-skulptur-kaufen-keramikkunst-1-705x470.jpg 705w\" sizes=\"(max-width: 690px) 100vw, 690px\" \/><\/a><\/div><\/div><\/div><br \/>\n<section  class='av_textblock_section av-lezwsu43-e1a61117127563c39f6b57c647d5dd12' ><div class='avia_textblock jo_werk_anfrage' ><p><a class=\"anfrage\" href=\"mailto:info@galerie-metzger.de?subject=Hans%20Fischer%20Hof%2030 x25x15cm\">Anfrage zum Werk<\/a><\/p>\n<\/div><\/section><\/p><\/div><div class='av-flex-placeholder'><\/div>\n<style type=\"text\/css\" data-created_by=\"avia_inline_auto\" id=\"style-css-av-wmoh65-02c7e79e680b55f257e3b4074b140806\">\n.flex_column.av-wmoh65-02c7e79e680b55f257e3b4074b140806{\n-webkit-border-radius:0px 0px 0px 0px;\n-moz-border-radius:0px 0px 0px 0px;\nborder-radius:0px 0px 0px 0px;\n}\n<\/style>\n<div class='flex_column av-wmoh65-02c7e79e680b55f257e3b4074b140806 av_one_half  avia-builder-el-42  el_after_av_one_half  el_before_av_one_full  jo_pf_bild_bg flex_column_table_cell av-equal-height-column av-align-middle av-animated-generic fade-in av-zero-column-padding column-top-margin'     ><p>\n<style type=\"text\/css\" data-created_by=\"avia_inline_auto\" id=\"style-css-av-lezwu1av-73cd3c397472ebfb327269ab2168ecc2\">\n.avia-image-container.av-lezwu1av-73cd3c397472ebfb327269ab2168ecc2 img.avia_image{\nbox-shadow:none;\n}\n.avia-image-container.av-lezwu1av-73cd3c397472ebfb327269ab2168ecc2 .av-caption-image-overlay-bg{\nopacity:0.4;\n}\n<\/style>\n<div  class='avia-image-container av-lezwu1av-73cd3c397472ebfb327269ab2168ecc2 av-styling-no-styling avia_animated_image av-animated-when-visible-95 fade-in avia-align-left  avia-builder-el-43  el_before_av_textblock  avia-builder-el-first  jo_pf_bild noHover av-overlay-hover-deactivate'  ><div class=\"avia-image-container-inner\"><div class=\"avia-image-overlay-wrap\"><a href=\"https:\/\/www.galerie-metzger.de\/wp-content\/uploads\/2023\/03\/Hans-Fischer-Tier-15x15x8cm-galerie-metzger-gallery-skulptur-keramik-kunst-1090x727.jpg\" data-srcset=\"https:\/\/www.galerie-metzger.de\/wp-content\/uploads\/2023\/03\/Hans-Fischer-Tier-15x15x8cm-galerie-metzger-gallery-skulptur-keramik-kunst-1090x727.jpg 1090w, https:\/\/www.galerie-metzger.de\/wp-content\/uploads\/2023\/03\/Hans-Fischer-Tier-15x15x8cm-galerie-metzger-gallery-skulptur-keramik-kunst-690x460.jpg 690w, https:\/\/www.galerie-metzger.de\/wp-content\/uploads\/2023\/03\/Hans-Fischer-Tier-15x15x8cm-galerie-metzger-gallery-skulptur-keramik-kunst-768x512.jpg 768w, https:\/\/www.galerie-metzger.de\/wp-content\/uploads\/2023\/03\/Hans-Fischer-Tier-15x15x8cm-galerie-metzger-gallery-skulptur-keramik-kunst-1536x1024.jpg 1536w, https:\/\/www.galerie-metzger.de\/wp-content\/uploads\/2023\/03\/Hans-Fischer-Tier-15x15x8cm-galerie-metzger-gallery-skulptur-keramik-kunst-2048x1365.jpg 2048w, https:\/\/www.galerie-metzger.de\/wp-content\/uploads\/2023\/03\/Hans-Fischer-Tier-15x15x8cm-galerie-metzger-gallery-skulptur-keramik-kunst-1500x1000.jpg 1500w, https:\/\/www.galerie-metzger.de\/wp-content\/uploads\/2023\/03\/Hans-Fischer-Tier-15x15x8cm-galerie-metzger-gallery-skulptur-keramik-kunst-705x470.jpg 705w\" data-sizes=\"(max-width: 1030px) 100vw, 1030px\" class='avia_image' ><div class=\"av-image-caption-overlay\"><div class=\"av-caption-image-overlay-bg\"><\/div><div class=\"av-image-caption-overlay-position\"><div class=\"av-image-caption-overlay-center\"><p>Hans Fischer \u2013 &#8222;Tier&#8220; \u2013 , 15x15x8 cm, Foto: Hans -Fischer<\/p>\n<\/div><\/div><\/div><img decoding=\"async\" class='wp-image-11284 avia-img-lazy-loading-not-11284 avia_image ' src=\"https:\/\/www.galerie-metzger.de\/wp-content\/uploads\/2023\/03\/Hans-Fischer-Tier-15x15x8cm-galerie-metzger-gallery-skulptur-keramik-kunst-690x460.jpg\" alt='Hans Fischer - Tier - 15x15x8 cm' title='Hans Fischer - Tier - 15x15x8 cm'  height=\"460\" width=\"690\" srcset=\"https:\/\/www.galerie-metzger.de\/wp-content\/uploads\/2023\/03\/Hans-Fischer-Tier-15x15x8cm-galerie-metzger-gallery-skulptur-keramik-kunst-690x460.jpg 690w, https:\/\/www.galerie-metzger.de\/wp-content\/uploads\/2023\/03\/Hans-Fischer-Tier-15x15x8cm-galerie-metzger-gallery-skulptur-keramik-kunst-1090x727.jpg 1090w, https:\/\/www.galerie-metzger.de\/wp-content\/uploads\/2023\/03\/Hans-Fischer-Tier-15x15x8cm-galerie-metzger-gallery-skulptur-keramik-kunst-768x512.jpg 768w, https:\/\/www.galerie-metzger.de\/wp-content\/uploads\/2023\/03\/Hans-Fischer-Tier-15x15x8cm-galerie-metzger-gallery-skulptur-keramik-kunst-1536x1024.jpg 1536w, https:\/\/www.galerie-metzger.de\/wp-content\/uploads\/2023\/03\/Hans-Fischer-Tier-15x15x8cm-galerie-metzger-gallery-skulptur-keramik-kunst-2048x1365.jpg 2048w, https:\/\/www.galerie-metzger.de\/wp-content\/uploads\/2023\/03\/Hans-Fischer-Tier-15x15x8cm-galerie-metzger-gallery-skulptur-keramik-kunst-1500x1000.jpg 1500w, https:\/\/www.galerie-metzger.de\/wp-content\/uploads\/2023\/03\/Hans-Fischer-Tier-15x15x8cm-galerie-metzger-gallery-skulptur-keramik-kunst-705x470.jpg 705w\" sizes=\"(max-width: 690px) 100vw, 690px\" \/><\/a><\/div><\/div><\/div><br \/>\n<section  class='av_textblock_section av-lezwuhc6-8e42c79a2f4c5260b040f971cf889173' ><div class='avia_textblock jo_werk_anfrage' ><p><a class=\"anfrage\" href=\"mailto:info@galerie-metzger.de?subject=Hans%20Fischer%20Tier%2015x15x8cm\">Anfrage zum Werk<\/a><\/p>\n<\/div><\/section><\/p><\/div><\/div><!--close column table wrapper. Autoclose: 1 --><div class='flex_column_table av-2gwfuz1-3942807d8eee8624bd3c3ef52e81fe60 sc-av_one_full av-equal-height-column-flextable'>\n<style type=\"text\/css\" data-created_by=\"avia_inline_auto\" id=\"style-css-av-2gwfuz1-3942807d8eee8624bd3c3ef52e81fe60\">\n.flex_column.av-2gwfuz1-3942807d8eee8624bd3c3ef52e81fe60{\n-webkit-border-radius:0px 0px 0px 0px;\n-moz-border-radius:0px 0px 0px 0px;\nborder-radius:0px 0px 0px 0px;\n}\n<\/style>\n<div class='flex_column av-2gwfuz1-3942807d8eee8624bd3c3ef52e81fe60 av_one_full  avia-builder-el-45  el_after_av_one_half  el_before_av_one_third  jo_col_empty first flex_column_table_cell av-equal-height-column av-align-top av-animated-generic fade-in av-zero-column-padding column-top-margin'     ><section  class='av_textblock_section av-1zj2559-fdaae9a7dcb12a96118fd08e1e0fa004' ><div class='avia_textblock' ><p>invisible placeholder<\/p>\n<\/div><\/section><\/div><\/div><!--close column table wrapper. Autoclose: 1 --><div class='flex_column_table av-1ok36fh-8ca530f285df7696def59abf28a604c6 sc-av_one_third av-equal-height-column-flextable'>\n<style type=\"text\/css\" data-created_by=\"avia_inline_auto\" id=\"style-css-av-1ok36fh-8ca530f285df7696def59abf28a604c6\">\n.flex_column.av-1ok36fh-8ca530f285df7696def59abf28a604c6{\n-webkit-border-radius:0px 0px 0px 0px;\n-moz-border-radius:0px 0px 0px 0px;\nborder-radius:0px 0px 0px 0px;\n}\n<\/style>\n<div class='flex_column av-1ok36fh-8ca530f285df7696def59abf28a604c6 av_one_third  avia-builder-el-47  el_after_av_one_full  el_before_av_one_third  jo_pf_bild_bg first flex_column_table_cell av-equal-height-column av-align-middle av-animated-generic fade-in av-zero-column-padding column-top-margin'     ><p>\n<style type=\"text\/css\" data-created_by=\"avia_inline_auto\" id=\"style-css-av-levi738b-3df3b6e8cddd43e9e6760a6fc5570ffd\">\n.avia-image-container.av-levi738b-3df3b6e8cddd43e9e6760a6fc5570ffd img.avia_image{\nbox-shadow:none;\n}\n.avia-image-container.av-levi738b-3df3b6e8cddd43e9e6760a6fc5570ffd .av-caption-image-overlay-bg{\nopacity:0.4;\n}\n<\/style>\n<div  class='avia-image-container av-levi738b-3df3b6e8cddd43e9e6760a6fc5570ffd av-styling-no-styling avia_animated_image av-animated-when-visible-95 fade-in avia-align-left  avia-builder-el-48  el_before_av_textblock  avia-builder-el-first  jo_pf_bild noHover av-overlay-hover-deactivate'  ><div class=\"avia-image-container-inner\"><div class=\"avia-image-overlay-wrap\"><a href=\"https:\/\/www.galerie-metzger.de\/wp-content\/uploads\/2023\/03\/Sigrid-Hilpert-Artes-Leda-mit-Schwan-galerie-metzger-gallery-keramik-aschaffenburg-1090x1090.jpg\" data-srcset=\"https:\/\/www.galerie-metzger.de\/wp-content\/uploads\/2023\/03\/Sigrid-Hilpert-Artes-Leda-mit-Schwan-galerie-metzger-gallery-keramik-aschaffenburg-1090x1090.jpg 1090w, https:\/\/www.galerie-metzger.de\/wp-content\/uploads\/2023\/03\/Sigrid-Hilpert-Artes-Leda-mit-Schwan-galerie-metzger-gallery-keramik-aschaffenburg-690x690.jpg 690w, https:\/\/www.galerie-metzger.de\/wp-content\/uploads\/2023\/03\/Sigrid-Hilpert-Artes-Leda-mit-Schwan-galerie-metzger-gallery-keramik-aschaffenburg-80x80.jpg 80w, https:\/\/www.galerie-metzger.de\/wp-content\/uploads\/2023\/03\/Sigrid-Hilpert-Artes-Leda-mit-Schwan-galerie-metzger-gallery-keramik-aschaffenburg-768x768.jpg 768w, https:\/\/www.galerie-metzger.de\/wp-content\/uploads\/2023\/03\/Sigrid-Hilpert-Artes-Leda-mit-Schwan-galerie-metzger-gallery-keramik-aschaffenburg-1536x1536.jpg 1536w, https:\/\/www.galerie-metzger.de\/wp-content\/uploads\/2023\/03\/Sigrid-Hilpert-Artes-Leda-mit-Schwan-galerie-metzger-gallery-keramik-aschaffenburg-2048x2048.jpg 2048w, https:\/\/www.galerie-metzger.de\/wp-content\/uploads\/2023\/03\/Sigrid-Hilpert-Artes-Leda-mit-Schwan-galerie-metzger-gallery-keramik-aschaffenburg-36x36.jpg 36w, https:\/\/www.galerie-metzger.de\/wp-content\/uploads\/2023\/03\/Sigrid-Hilpert-Artes-Leda-mit-Schwan-galerie-metzger-gallery-keramik-aschaffenburg-180x180.jpg 180w, https:\/\/www.galerie-metzger.de\/wp-content\/uploads\/2023\/03\/Sigrid-Hilpert-Artes-Leda-mit-Schwan-galerie-metzger-gallery-keramik-aschaffenburg-1500x1500.jpg 1500w, https:\/\/www.galerie-metzger.de\/wp-content\/uploads\/2023\/03\/Sigrid-Hilpert-Artes-Leda-mit-Schwan-galerie-metzger-gallery-keramik-aschaffenburg-705x705.jpg 705w\" data-sizes=\"(max-width: 1030px) 100vw, 1030px\" class='avia_image' ><div class=\"av-image-caption-overlay\"><div class=\"av-caption-image-overlay-bg\"><\/div><div class=\"av-image-caption-overlay-position\"><div class=\"av-image-caption-overlay-center\"><p>Sigrid Hilpert-Artes \u2013 Leda mit Schwan \u2013 , 2023, 16x8x14 cm, Foto: Edi Baumann<\/p>\n<\/div><\/div><\/div><img decoding=\"async\" class='wp-image-11230 avia-img-lazy-loading-not-11230 avia_image ' src=\"https:\/\/www.galerie-metzger.de\/wp-content\/uploads\/2023\/03\/Sigrid-Hilpert-Artes-Leda-mit-Schwan-galerie-metzger-gallery-keramik-aschaffenburg-690x690.jpg\" alt='Sigrid Hilpert-Artes - Leda mit Schwan' title='Sigrid Hilpert-Artes - Leda mit Schwan'  height=\"690\" width=\"690\" srcset=\"https:\/\/www.galerie-metzger.de\/wp-content\/uploads\/2023\/03\/Sigrid-Hilpert-Artes-Leda-mit-Schwan-galerie-metzger-gallery-keramik-aschaffenburg-690x690.jpg 690w, https:\/\/www.galerie-metzger.de\/wp-content\/uploads\/2023\/03\/Sigrid-Hilpert-Artes-Leda-mit-Schwan-galerie-metzger-gallery-keramik-aschaffenburg-1090x1090.jpg 1090w, https:\/\/www.galerie-metzger.de\/wp-content\/uploads\/2023\/03\/Sigrid-Hilpert-Artes-Leda-mit-Schwan-galerie-metzger-gallery-keramik-aschaffenburg-80x80.jpg 80w, https:\/\/www.galerie-metzger.de\/wp-content\/uploads\/2023\/03\/Sigrid-Hilpert-Artes-Leda-mit-Schwan-galerie-metzger-gallery-keramik-aschaffenburg-768x768.jpg 768w, https:\/\/www.galerie-metzger.de\/wp-content\/uploads\/2023\/03\/Sigrid-Hilpert-Artes-Leda-mit-Schwan-galerie-metzger-gallery-keramik-aschaffenburg-1536x1536.jpg 1536w, https:\/\/www.galerie-metzger.de\/wp-content\/uploads\/2023\/03\/Sigrid-Hilpert-Artes-Leda-mit-Schwan-galerie-metzger-gallery-keramik-aschaffenburg-2048x2048.jpg 2048w, https:\/\/www.galerie-metzger.de\/wp-content\/uploads\/2023\/03\/Sigrid-Hilpert-Artes-Leda-mit-Schwan-galerie-metzger-gallery-keramik-aschaffenburg-36x36.jpg 36w, https:\/\/www.galerie-metzger.de\/wp-content\/uploads\/2023\/03\/Sigrid-Hilpert-Artes-Leda-mit-Schwan-galerie-metzger-gallery-keramik-aschaffenburg-180x180.jpg 180w, https:\/\/www.galerie-metzger.de\/wp-content\/uploads\/2023\/03\/Sigrid-Hilpert-Artes-Leda-mit-Schwan-galerie-metzger-gallery-keramik-aschaffenburg-1500x1500.jpg 1500w, https:\/\/www.galerie-metzger.de\/wp-content\/uploads\/2023\/03\/Sigrid-Hilpert-Artes-Leda-mit-Schwan-galerie-metzger-gallery-keramik-aschaffenburg-705x705.jpg 705w\" sizes=\"(max-width: 690px) 100vw, 690px\" \/><\/a><\/div><\/div><\/div><br \/>\n<section  class='av_textblock_section av-1457ugd-c19fd654e623d8bb9edf30be1db3e8f4' ><div class='avia_textblock jo_werk_anfrage lang' ><p><a class=\"anfrage\" href=\"mailto:info@galerie-metzger.de?subject=Sigrid%20Hilpert-Artes%20Spaziergang mit Hunden%202023\">Anfrage zum Werk<\/a><\/p>\n<\/div><\/section><\/p><\/div><div class='av-flex-placeholder'><\/div>\n<style type=\"text\/css\" data-created_by=\"avia_inline_auto\" id=\"style-css-av-1wk4tdd9-9380e003e02c5f853876499d2b0956b5\">\n.flex_column.av-1wk4tdd9-9380e003e02c5f853876499d2b0956b5{\n-webkit-border-radius:0px 0px 0px 0px;\n-moz-border-radius:0px 0px 0px 0px;\nborder-radius:0px 0px 0px 0px;\n}\n<\/style>\n<div class='flex_column av-1wk4tdd9-9380e003e02c5f853876499d2b0956b5 av_one_third  avia-builder-el-50  el_after_av_one_third  el_before_av_one_third  jo_pf_bild_bg flex_column_table_cell av-equal-height-column av-align-middle av-animated-generic fade-in av-zero-column-padding column-top-margin'     ><p>\n<style type=\"text\/css\" data-created_by=\"avia_inline_auto\" id=\"style-css-av-1wb7sfzh-77a6d1d5798e11dddf0131822d0f5852\">\n.avia-image-container.av-1wb7sfzh-77a6d1d5798e11dddf0131822d0f5852 img.avia_image{\nbox-shadow:none;\n}\n.avia-image-container.av-1wb7sfzh-77a6d1d5798e11dddf0131822d0f5852 .av-caption-image-overlay-bg{\nopacity:0.4;\n}\n<\/style>\n<div  class='avia-image-container av-1wb7sfzh-77a6d1d5798e11dddf0131822d0f5852 av-styling-no-styling avia_animated_image av-animated-when-visible-95 fade-in avia-align-left  avia-builder-el-51  el_before_av_textblock  avia-builder-el-first  jo_pf_bild noHover av-overlay-hover-deactivate'  ><div class=\"avia-image-container-inner\"><div class=\"avia-image-overlay-wrap\"><a href=\"https:\/\/www.galerie-metzger.de\/wp-content\/uploads\/2023\/03\/Sigrid-Hilpert-Artes-Spaziergang-mit-Hunden-galerie-metzger-keramik-kunst-1090x1090.jpg\" data-srcset=\"https:\/\/www.galerie-metzger.de\/wp-content\/uploads\/2023\/03\/Sigrid-Hilpert-Artes-Spaziergang-mit-Hunden-galerie-metzger-keramik-kunst-1090x1090.jpg 1090w, https:\/\/www.galerie-metzger.de\/wp-content\/uploads\/2023\/03\/Sigrid-Hilpert-Artes-Spaziergang-mit-Hunden-galerie-metzger-keramik-kunst-690x690.jpg 690w, https:\/\/www.galerie-metzger.de\/wp-content\/uploads\/2023\/03\/Sigrid-Hilpert-Artes-Spaziergang-mit-Hunden-galerie-metzger-keramik-kunst-80x80.jpg 80w, https:\/\/www.galerie-metzger.de\/wp-content\/uploads\/2023\/03\/Sigrid-Hilpert-Artes-Spaziergang-mit-Hunden-galerie-metzger-keramik-kunst-768x768.jpg 768w, https:\/\/www.galerie-metzger.de\/wp-content\/uploads\/2023\/03\/Sigrid-Hilpert-Artes-Spaziergang-mit-Hunden-galerie-metzger-keramik-kunst-1536x1536.jpg 1536w, https:\/\/www.galerie-metzger.de\/wp-content\/uploads\/2023\/03\/Sigrid-Hilpert-Artes-Spaziergang-mit-Hunden-galerie-metzger-keramik-kunst-2048x2048.jpg 2048w, https:\/\/www.galerie-metzger.de\/wp-content\/uploads\/2023\/03\/Sigrid-Hilpert-Artes-Spaziergang-mit-Hunden-galerie-metzger-keramik-kunst-36x36.jpg 36w, https:\/\/www.galerie-metzger.de\/wp-content\/uploads\/2023\/03\/Sigrid-Hilpert-Artes-Spaziergang-mit-Hunden-galerie-metzger-keramik-kunst-180x180.jpg 180w, https:\/\/www.galerie-metzger.de\/wp-content\/uploads\/2023\/03\/Sigrid-Hilpert-Artes-Spaziergang-mit-Hunden-galerie-metzger-keramik-kunst-1500x1500.jpg 1500w, https:\/\/www.galerie-metzger.de\/wp-content\/uploads\/2023\/03\/Sigrid-Hilpert-Artes-Spaziergang-mit-Hunden-galerie-metzger-keramik-kunst-705x705.jpg 705w\" data-sizes=\"(max-width: 1030px) 100vw, 1030px\" class='avia_image' ><div class=\"av-image-caption-overlay\"><div class=\"av-caption-image-overlay-bg\"><\/div><div class=\"av-image-caption-overlay-position\"><div class=\"av-image-caption-overlay-center\"><p>Sigrid Hilpert-Artes \u2013 Spaziergang mit Hunden \u2013 , 2023, 17&#215;10 cm, Foto: Edi Baumann<\/p>\n<\/div><\/div><\/div><img decoding=\"async\" class='wp-image-11232 avia-img-lazy-loading-not-11232 avia_image ' src=\"https:\/\/www.galerie-metzger.de\/wp-content\/uploads\/2023\/03\/Sigrid-Hilpert-Artes-Spaziergang-mit-Hunden-galerie-metzger-keramik-kunst-690x690.jpg\" alt='Sigrid Hilpert-Artes - Spaziergang mit Hund' title='Sigrid Hilpert-Artes - Spaziergang mit Hund'  height=\"690\" width=\"690\" srcset=\"https:\/\/www.galerie-metzger.de\/wp-content\/uploads\/2023\/03\/Sigrid-Hilpert-Artes-Spaziergang-mit-Hunden-galerie-metzger-keramik-kunst-690x690.jpg 690w, https:\/\/www.galerie-metzger.de\/wp-content\/uploads\/2023\/03\/Sigrid-Hilpert-Artes-Spaziergang-mit-Hunden-galerie-metzger-keramik-kunst-1090x1090.jpg 1090w, https:\/\/www.galerie-metzger.de\/wp-content\/uploads\/2023\/03\/Sigrid-Hilpert-Artes-Spaziergang-mit-Hunden-galerie-metzger-keramik-kunst-80x80.jpg 80w, https:\/\/www.galerie-metzger.de\/wp-content\/uploads\/2023\/03\/Sigrid-Hilpert-Artes-Spaziergang-mit-Hunden-galerie-metzger-keramik-kunst-768x768.jpg 768w, https:\/\/www.galerie-metzger.de\/wp-content\/uploads\/2023\/03\/Sigrid-Hilpert-Artes-Spaziergang-mit-Hunden-galerie-metzger-keramik-kunst-1536x1536.jpg 1536w, https:\/\/www.galerie-metzger.de\/wp-content\/uploads\/2023\/03\/Sigrid-Hilpert-Artes-Spaziergang-mit-Hunden-galerie-metzger-keramik-kunst-2048x2048.jpg 2048w, https:\/\/www.galerie-metzger.de\/wp-content\/uploads\/2023\/03\/Sigrid-Hilpert-Artes-Spaziergang-mit-Hunden-galerie-metzger-keramik-kunst-36x36.jpg 36w, https:\/\/www.galerie-metzger.de\/wp-content\/uploads\/2023\/03\/Sigrid-Hilpert-Artes-Spaziergang-mit-Hunden-galerie-metzger-keramik-kunst-180x180.jpg 180w, https:\/\/www.galerie-metzger.de\/wp-content\/uploads\/2023\/03\/Sigrid-Hilpert-Artes-Spaziergang-mit-Hunden-galerie-metzger-keramik-kunst-1500x1500.jpg 1500w, https:\/\/www.galerie-metzger.de\/wp-content\/uploads\/2023\/03\/Sigrid-Hilpert-Artes-Spaziergang-mit-Hunden-galerie-metzger-keramik-kunst-705x705.jpg 705w\" sizes=\"(max-width: 690px) 100vw, 690px\" \/><\/a><\/div><\/div><\/div><br \/>\n<section  class='av_textblock_section av-1vxiital-702b12111ceb4eaed0bb92e65503aa53' ><div class='avia_textblock jo_werk_anfrage lang' ><p><a class=\"anfrage\" href=\"mailto:info@galerie-metzger.de?subject=Sigrid%20Hilpert-Artes%20Spaziergang mit Hunden%202023\">Anfrage zum Werk<\/a><\/p>\n<\/div><\/section><\/p><\/div><div class='av-flex-placeholder'><\/div>\n<style type=\"text\/css\" data-created_by=\"avia_inline_auto\" id=\"style-css-av-7nfd2l-404bbe3d70d045ff71b5e14a88f86fd2\">\n.flex_column.av-7nfd2l-404bbe3d70d045ff71b5e14a88f86fd2{\n-webkit-border-radius:0px 0px 0px 0px;\n-moz-border-radius:0px 0px 0px 0px;\nborder-radius:0px 0px 0px 0px;\n}\n<\/style>\n<div class='flex_column av-7nfd2l-404bbe3d70d045ff71b5e14a88f86fd2 av_one_third  avia-builder-el-53  el_after_av_one_third  el_before_av_one_full  jo_col_empty flex_column_table_cell av-equal-height-column av-align-middle av-animated-generic fade-in av-zero-column-padding column-top-margin'     ><section  class='av_textblock_section av-1m350nh-bf80bf2bda7456d9eaab6804ce260505' ><div class='avia_textblock' ><p>invisible placeholder<\/p>\n<\/div><\/section><\/div><\/div><!--close column table wrapper. Autoclose: 1 --><div class='flex_column_table av-15h33hp-e57ed0300791f0854ee4ca15a32f763b sc-av_one_full av-equal-height-column-flextable'>\n<style type=\"text\/css\" data-created_by=\"avia_inline_auto\" id=\"style-css-av-15h33hp-e57ed0300791f0854ee4ca15a32f763b\">\n.flex_column.av-15h33hp-e57ed0300791f0854ee4ca15a32f763b{\n-webkit-border-radius:0px 0px 0px 0px;\n-moz-border-radius:0px 0px 0px 0px;\nborder-radius:0px 0px 0px 0px;\n}\n<\/style>\n<div class='flex_column av-15h33hp-e57ed0300791f0854ee4ca15a32f763b av_one_full  avia-builder-el-55  el_after_av_one_third  el_before_av_one_half  jo_col_empty first flex_column_table_cell av-equal-height-column av-align-top av-animated-generic fade-in av-zero-column-padding column-top-margin'     ><section  class='av_textblock_section av-uwre99-e48028b2e5f31b43a215a48797ee7f0e' ><div class='avia_textblock' ><p>invisible placeholder<\/p>\n<\/div><\/section><\/div><\/div><!--close column table wrapper. Autoclose: 1 --><div class='flex_column_table av-mkkn1p-0f6b8be79e8edd83a6c87014684b061f sc-av_one_half av-equal-height-column-flextable'>\n<style type=\"text\/css\" data-created_by=\"avia_inline_auto\" id=\"style-css-av-mkkn1p-0f6b8be79e8edd83a6c87014684b061f\">\n.flex_column.av-mkkn1p-0f6b8be79e8edd83a6c87014684b061f{\n-webkit-border-radius:0px 0px 0px 0px;\n-moz-border-radius:0px 0px 0px 0px;\nborder-radius:0px 0px 0px 0px;\n}\n<\/style>\n<div class='flex_column av-mkkn1p-0f6b8be79e8edd83a6c87014684b061f av_one_half  avia-builder-el-57  el_after_av_one_full  el_before_av_one_half  jo_pf_bild_bg first flex_column_table_cell av-equal-height-column av-align-middle av-animated-generic fade-in av-zero-column-padding column-top-margin'     ><p>\n<style type=\"text\/css\" data-created_by=\"avia_inline_auto\" id=\"style-css-av-levi8u5f-c20f6dec4add60de489bcab84f370e9e\">\n.avia-image-container.av-levi8u5f-c20f6dec4add60de489bcab84f370e9e img.avia_image{\nbox-shadow:none;\n}\n.avia-image-container.av-levi8u5f-c20f6dec4add60de489bcab84f370e9e .av-caption-image-overlay-bg{\nopacity:0.4;\n}\n<\/style>\n<div  class='avia-image-container av-levi8u5f-c20f6dec4add60de489bcab84f370e9e av-styling-no-styling avia_animated_image av-animated-when-visible-95 fade-in avia-align-left  avia-builder-el-58  el_before_av_textblock  avia-builder-el-first  jo_pf_bild noHover av-overlay-hover-deactivate'  ><div class=\"avia-image-container-inner\"><div class=\"avia-image-overlay-wrap\"><a href=\"https:\/\/www.galerie-metzger.de\/wp-content\/uploads\/2023\/03\/Sigrid-Hilpert-Artes-Europa-auf-Stier-galerie-metzger-gallery-ceramic-art-object-1090x727.jpg\" data-srcset=\"https:\/\/www.galerie-metzger.de\/wp-content\/uploads\/2023\/03\/Sigrid-Hilpert-Artes-Europa-auf-Stier-galerie-metzger-gallery-ceramic-art-object-1090x727.jpg 1090w, https:\/\/www.galerie-metzger.de\/wp-content\/uploads\/2023\/03\/Sigrid-Hilpert-Artes-Europa-auf-Stier-galerie-metzger-gallery-ceramic-art-object-690x460.jpg 690w, https:\/\/www.galerie-metzger.de\/wp-content\/uploads\/2023\/03\/Sigrid-Hilpert-Artes-Europa-auf-Stier-galerie-metzger-gallery-ceramic-art-object-768x512.jpg 768w, https:\/\/www.galerie-metzger.de\/wp-content\/uploads\/2023\/03\/Sigrid-Hilpert-Artes-Europa-auf-Stier-galerie-metzger-gallery-ceramic-art-object-1536x1024.jpg 1536w, https:\/\/www.galerie-metzger.de\/wp-content\/uploads\/2023\/03\/Sigrid-Hilpert-Artes-Europa-auf-Stier-galerie-metzger-gallery-ceramic-art-object-2048x1365.jpg 2048w, https:\/\/www.galerie-metzger.de\/wp-content\/uploads\/2023\/03\/Sigrid-Hilpert-Artes-Europa-auf-Stier-galerie-metzger-gallery-ceramic-art-object-1500x1000.jpg 1500w, https:\/\/www.galerie-metzger.de\/wp-content\/uploads\/2023\/03\/Sigrid-Hilpert-Artes-Europa-auf-Stier-galerie-metzger-gallery-ceramic-art-object-705x470.jpg 705w\" data-sizes=\"(max-width: 1030px) 100vw, 1030px\" class='avia_image' ><div class=\"av-image-caption-overlay\"><div class=\"av-caption-image-overlay-bg\"><\/div><div class=\"av-image-caption-overlay-position\"><div class=\"av-image-caption-overlay-center\"><p>Sigrid Hilpert-Artes \u2013 Europa mit Stier \u2013 , 2023, 19&#215;16 cm, Foto: Edi Baumann<\/p>\n<\/div><\/div><\/div><img decoding=\"async\" class='wp-image-11228 avia-img-lazy-loading-not-11228 avia_image ' src=\"https:\/\/www.galerie-metzger.de\/wp-content\/uploads\/2023\/03\/Sigrid-Hilpert-Artes-Europa-auf-Stier-galerie-metzger-gallery-ceramic-art-object-690x460.jpg\" alt='Sigrid Hilpert-Artes - Europa auf Stier' title='Sigrid Hilpert-Artes - Europa auf Stier'  height=\"460\" width=\"690\" srcset=\"https:\/\/www.galerie-metzger.de\/wp-content\/uploads\/2023\/03\/Sigrid-Hilpert-Artes-Europa-auf-Stier-galerie-metzger-gallery-ceramic-art-object-690x460.jpg 690w, https:\/\/www.galerie-metzger.de\/wp-content\/uploads\/2023\/03\/Sigrid-Hilpert-Artes-Europa-auf-Stier-galerie-metzger-gallery-ceramic-art-object-1090x727.jpg 1090w, https:\/\/www.galerie-metzger.de\/wp-content\/uploads\/2023\/03\/Sigrid-Hilpert-Artes-Europa-auf-Stier-galerie-metzger-gallery-ceramic-art-object-768x512.jpg 768w, https:\/\/www.galerie-metzger.de\/wp-content\/uploads\/2023\/03\/Sigrid-Hilpert-Artes-Europa-auf-Stier-galerie-metzger-gallery-ceramic-art-object-1536x1024.jpg 1536w, https:\/\/www.galerie-metzger.de\/wp-content\/uploads\/2023\/03\/Sigrid-Hilpert-Artes-Europa-auf-Stier-galerie-metzger-gallery-ceramic-art-object-2048x1365.jpg 2048w, https:\/\/www.galerie-metzger.de\/wp-content\/uploads\/2023\/03\/Sigrid-Hilpert-Artes-Europa-auf-Stier-galerie-metzger-gallery-ceramic-art-object-1500x1000.jpg 1500w, https:\/\/www.galerie-metzger.de\/wp-content\/uploads\/2023\/03\/Sigrid-Hilpert-Artes-Europa-auf-Stier-galerie-metzger-gallery-ceramic-art-object-705x470.jpg 705w\" sizes=\"(max-width: 690px) 100vw, 690px\" \/><\/a><\/div><\/div><\/div><br \/>\n<section  class='av_textblock_section av-levi9ebs-8b58d85ad2a6a96dd13942ea0f70c261' ><div class='avia_textblock jo_werk_anfrage' ><p><a class=\"anfrage\" href=\"mailto:info@galerie-metzger.de?subject=Sigrid%20Hilpert-Artes%20Europa mit Stier%202023\">Anfrage zum Werk<\/a><\/p>\n<\/div><\/section><\/p><\/div><div class='av-flex-placeholder'><\/div>\n<style type=\"text\/css\" data-created_by=\"avia_inline_auto\" id=\"style-css-av-43hdhzh-6365d0bedb0d612f4375dd29a15c5377\">\n.flex_column.av-43hdhzh-6365d0bedb0d612f4375dd29a15c5377{\n-webkit-border-radius:0px 0px 0px 0px;\n-moz-border-radius:0px 0px 0px 0px;\nborder-radius:0px 0px 0px 0px;\n}\n<\/style>\n<div class='flex_column av-43hdhzh-6365d0bedb0d612f4375dd29a15c5377 av_one_half  avia-builder-el-60  el_after_av_one_half  el_before_av_one_full  jo_pf_bild_bg flex_column_table_cell av-equal-height-column av-align-middle av-animated-generic fade-in av-zero-column-padding column-top-margin'     ><p>\n<style type=\"text\/css\" data-created_by=\"avia_inline_auto\" id=\"style-css-av-leviie02-cb7f64afe4b8fa7300680f1c0c0e14d4\">\n.avia-image-container.av-leviie02-cb7f64afe4b8fa7300680f1c0c0e14d4 img.avia_image{\nbox-shadow:none;\n}\n.avia-image-container.av-leviie02-cb7f64afe4b8fa7300680f1c0c0e14d4 .av-caption-image-overlay-bg{\nopacity:0.4;\n}\n<\/style>\n<div  class='avia-image-container av-leviie02-cb7f64afe4b8fa7300680f1c0c0e14d4 av-styling-no-styling avia_animated_image av-animated-when-visible-95 fade-in avia-align-left  avia-builder-el-61  el_before_av_textblock  avia-builder-el-first  jo_pf_bild noHover av-overlay-hover-deactivate'  ><div class=\"avia-image-container-inner\"><div class=\"avia-image-overlay-wrap\"><a href=\"https:\/\/www.galerie-metzger.de\/wp-content\/uploads\/2023\/03\/Sigrid-Hilpert-Artes-Dose-Europa-auf-Stier-galerie-metzger-angewandte-kunst-skulptur-1090x727.jpg\" data-srcset=\"https:\/\/www.galerie-metzger.de\/wp-content\/uploads\/2023\/03\/Sigrid-Hilpert-Artes-Dose-Europa-auf-Stier-galerie-metzger-angewandte-kunst-skulptur-1090x727.jpg 1090w, https:\/\/www.galerie-metzger.de\/wp-content\/uploads\/2023\/03\/Sigrid-Hilpert-Artes-Dose-Europa-auf-Stier-galerie-metzger-angewandte-kunst-skulptur-690x460.jpg 690w, https:\/\/www.galerie-metzger.de\/wp-content\/uploads\/2023\/03\/Sigrid-Hilpert-Artes-Dose-Europa-auf-Stier-galerie-metzger-angewandte-kunst-skulptur-768x512.jpg 768w, https:\/\/www.galerie-metzger.de\/wp-content\/uploads\/2023\/03\/Sigrid-Hilpert-Artes-Dose-Europa-auf-Stier-galerie-metzger-angewandte-kunst-skulptur-1536x1024.jpg 1536w, https:\/\/www.galerie-metzger.de\/wp-content\/uploads\/2023\/03\/Sigrid-Hilpert-Artes-Dose-Europa-auf-Stier-galerie-metzger-angewandte-kunst-skulptur-2048x1365.jpg 2048w, https:\/\/www.galerie-metzger.de\/wp-content\/uploads\/2023\/03\/Sigrid-Hilpert-Artes-Dose-Europa-auf-Stier-galerie-metzger-angewandte-kunst-skulptur-1500x1000.jpg 1500w, https:\/\/www.galerie-metzger.de\/wp-content\/uploads\/2023\/03\/Sigrid-Hilpert-Artes-Dose-Europa-auf-Stier-galerie-metzger-angewandte-kunst-skulptur-705x470.jpg 705w\" data-sizes=\"(max-width: 1030px) 100vw, 1030px\" class='avia_image' ><div class=\"av-image-caption-overlay\"><div class=\"av-caption-image-overlay-bg\"><\/div><div class=\"av-image-caption-overlay-position\"><div class=\"av-image-caption-overlay-center\"><p>Sigrid Hilpert-Artes \u2013 Europa mit Stier \u2013 , 2023, 19&#215;16 cm, Foto: Edi Baumann<\/p>\n<\/div><\/div><\/div><img decoding=\"async\" class='wp-image-11254 avia-img-lazy-loading-not-11254 avia_image ' src=\"https:\/\/www.galerie-metzger.de\/wp-content\/uploads\/2023\/03\/Sigrid-Hilpert-Artes-Dose-Europa-auf-Stier-galerie-metzger-angewandte-kunst-skulptur-690x460.jpg\" alt='Sigrid Hilpert-Artes - Dose Europa auf Stier' title='Sigrid Hilpert-Artes - Dose Europa auf Stier'  height=\"460\" width=\"690\" srcset=\"https:\/\/www.galerie-metzger.de\/wp-content\/uploads\/2023\/03\/Sigrid-Hilpert-Artes-Dose-Europa-auf-Stier-galerie-metzger-angewandte-kunst-skulptur-690x460.jpg 690w, https:\/\/www.galerie-metzger.de\/wp-content\/uploads\/2023\/03\/Sigrid-Hilpert-Artes-Dose-Europa-auf-Stier-galerie-metzger-angewandte-kunst-skulptur-1090x727.jpg 1090w, https:\/\/www.galerie-metzger.de\/wp-content\/uploads\/2023\/03\/Sigrid-Hilpert-Artes-Dose-Europa-auf-Stier-galerie-metzger-angewandte-kunst-skulptur-768x512.jpg 768w, https:\/\/www.galerie-metzger.de\/wp-content\/uploads\/2023\/03\/Sigrid-Hilpert-Artes-Dose-Europa-auf-Stier-galerie-metzger-angewandte-kunst-skulptur-1536x1024.jpg 1536w, https:\/\/www.galerie-metzger.de\/wp-content\/uploads\/2023\/03\/Sigrid-Hilpert-Artes-Dose-Europa-auf-Stier-galerie-metzger-angewandte-kunst-skulptur-2048x1365.jpg 2048w, https:\/\/www.galerie-metzger.de\/wp-content\/uploads\/2023\/03\/Sigrid-Hilpert-Artes-Dose-Europa-auf-Stier-galerie-metzger-angewandte-kunst-skulptur-1500x1000.jpg 1500w, https:\/\/www.galerie-metzger.de\/wp-content\/uploads\/2023\/03\/Sigrid-Hilpert-Artes-Dose-Europa-auf-Stier-galerie-metzger-angewandte-kunst-skulptur-705x470.jpg 705w\" sizes=\"(max-width: 690px) 100vw, 690px\" \/><\/a><\/div><\/div><\/div><br \/>\n<section  class='av_textblock_section av-3jfwf4d-c6ff87a25bc224295b2cd7552ee8634d' ><div class='avia_textblock jo_werk_anfrage' ><p><a class=\"anfrage\" href=\"mailto:info@galerie-metzger.de?subject=Sigrid%20Hilpert-Artes%20Europa mit Stier%202023\">Anfrage zum Werk<\/a><\/p>\n<\/div><\/section><\/p><\/div><\/div><!--close column table wrapper. Autoclose: 1 --><div class='flex_column_table av-31j3yz1-67aa261b5494773a12fed200fe0503a5 sc-av_one_full av-equal-height-column-flextable'>\n<style type=\"text\/css\" data-created_by=\"avia_inline_auto\" id=\"style-css-av-31j3yz1-67aa261b5494773a12fed200fe0503a5\">\n.flex_column.av-31j3yz1-67aa261b5494773a12fed200fe0503a5{\n-webkit-border-radius:0px 0px 0px 0px;\n-moz-border-radius:0px 0px 0px 0px;\nborder-radius:0px 0px 0px 0px;\n}\n<\/style>\n<div class='flex_column av-31j3yz1-67aa261b5494773a12fed200fe0503a5 av_one_full  avia-builder-el-63  el_after_av_one_half  el_before_av_two_third  jo_col_empty first flex_column_table_cell av-equal-height-column av-align-top av-animated-generic fade-in av-zero-column-padding column-top-margin'     ><section  class='av_textblock_section av-2pzh9kd-824473eeb4c2c43548f8636905821890' ><div class='avia_textblock' ><p>invisible placeholder<\/p>\n<\/div><\/section><\/div><\/div><!--close column table wrapper. Autoclose: 1 --><div class='flex_column_table av-20w8jpp-6975d3c06213bf6e53230c566287cd8b sc-av_two_third av-equal-height-column-flextable'>\n<style type=\"text\/css\" data-created_by=\"avia_inline_auto\" id=\"style-css-av-20w8jpp-6975d3c06213bf6e53230c566287cd8b\">\n.flex_column.av-20w8jpp-6975d3c06213bf6e53230c566287cd8b{\n-webkit-border-radius:0px 0px 0px 0px;\n-moz-border-radius:0px 0px 0px 0px;\nborder-radius:0px 0px 0px 0px;\n}\n<\/style>\n<div class='flex_column av-20w8jpp-6975d3c06213bf6e53230c566287cd8b av_two_third  avia-builder-el-65  el_after_av_one_full  el_before_av_one_third  jo_pf_bild_bg first flex_column_table_cell av-equal-height-column av-align-middle av-animated-generic fade-in av-zero-column-padding column-top-margin'     ><p>\n<style type=\"text\/css\" data-created_by=\"avia_inline_auto\" id=\"style-css-av-levijvhv-63bab7226bd4a7d621be346f697116c1\">\n.avia-image-container.av-levijvhv-63bab7226bd4a7d621be346f697116c1 img.avia_image{\nbox-shadow:none;\n}\n.avia-image-container.av-levijvhv-63bab7226bd4a7d621be346f697116c1 .av-caption-image-overlay-bg{\nopacity:0.4;\n}\n<\/style>\n<div  class='avia-image-container av-levijvhv-63bab7226bd4a7d621be346f697116c1 av-styling-no-styling avia_animated_image av-animated-when-visible-95 fade-in avia-align-left  avia-builder-el-66  el_before_av_textblock  avia-builder-el-first  jo_pf_bild noHover av-overlay-hover-deactivate'  ><div class=\"avia-image-container-inner\"><div class=\"avia-image-overlay-wrap\"><a href=\"https:\/\/www.galerie-metzger.de\/wp-content\/uploads\/2023\/01\/Sigrid-Hipert-Artes-Dose-mit-Hund-galerie-metzger-gallery-ceramic-art-object-kunst-2200-2200-1090x1090.jpg\" data-srcset=\"https:\/\/www.galerie-metzger.de\/wp-content\/uploads\/2023\/01\/Sigrid-Hipert-Artes-Dose-mit-Hund-galerie-metzger-gallery-ceramic-art-object-kunst-2200-2200-1090x1090.jpg 1090w, https:\/\/www.galerie-metzger.de\/wp-content\/uploads\/2023\/01\/Sigrid-Hipert-Artes-Dose-mit-Hund-galerie-metzger-gallery-ceramic-art-object-kunst-2200-2200-690x690.jpg 690w, https:\/\/www.galerie-metzger.de\/wp-content\/uploads\/2023\/01\/Sigrid-Hipert-Artes-Dose-mit-Hund-galerie-metzger-gallery-ceramic-art-object-kunst-2200-2200-80x80.jpg 80w, https:\/\/www.galerie-metzger.de\/wp-content\/uploads\/2023\/01\/Sigrid-Hipert-Artes-Dose-mit-Hund-galerie-metzger-gallery-ceramic-art-object-kunst-2200-2200-768x768.jpg 768w, https:\/\/www.galerie-metzger.de\/wp-content\/uploads\/2023\/01\/Sigrid-Hipert-Artes-Dose-mit-Hund-galerie-metzger-gallery-ceramic-art-object-kunst-2200-2200-1536x1536.jpg 1536w, https:\/\/www.galerie-metzger.de\/wp-content\/uploads\/2023\/01\/Sigrid-Hipert-Artes-Dose-mit-Hund-galerie-metzger-gallery-ceramic-art-object-kunst-2200-2200-2048x2048.jpg 2048w, https:\/\/www.galerie-metzger.de\/wp-content\/uploads\/2023\/01\/Sigrid-Hipert-Artes-Dose-mit-Hund-galerie-metzger-gallery-ceramic-art-object-kunst-2200-2200-36x36.jpg 36w, https:\/\/www.galerie-metzger.de\/wp-content\/uploads\/2023\/01\/Sigrid-Hipert-Artes-Dose-mit-Hund-galerie-metzger-gallery-ceramic-art-object-kunst-2200-2200-180x180.jpg 180w, https:\/\/www.galerie-metzger.de\/wp-content\/uploads\/2023\/01\/Sigrid-Hipert-Artes-Dose-mit-Hund-galerie-metzger-gallery-ceramic-art-object-kunst-2200-2200-1500x1500.jpg 1500w, https:\/\/www.galerie-metzger.de\/wp-content\/uploads\/2023\/01\/Sigrid-Hipert-Artes-Dose-mit-Hund-galerie-metzger-gallery-ceramic-art-object-kunst-2200-2200-705x705.jpg 705w\" data-sizes=\"(max-width: 1030px) 100vw, 1030px\" class='avia_image' ><div class=\"av-image-caption-overlay\"><div class=\"av-caption-image-overlay-bg\"><\/div><div class=\"av-image-caption-overlay-position\"><div class=\"av-image-caption-overlay-center\"><p>Sigrid Hilpert-Artes \u2013 Dose mit Hund \u2013 , 2023, 13&#215;11 cm, Foto: Edi Baumann<\/p>\n<\/div><\/div><\/div><img decoding=\"async\" class='wp-image-11395 avia-img-lazy-loading-not-11395 avia_image ' src=\"https:\/\/www.galerie-metzger.de\/wp-content\/uploads\/2023\/01\/Sigrid-Hipert-Artes-Dose-mit-Hund-galerie-metzger-gallery-ceramic-art-object-kunst-2200-2200-1090x1090.jpg\" alt='' title='Sigrid-Hipert-Artes-Dose-mit-Hund-galerie-metzger-gallery-ceramic-art-object-kunst-2200-2200'  height=\"1030\" width=\"1030\" srcset=\"https:\/\/www.galerie-metzger.de\/wp-content\/uploads\/2023\/01\/Sigrid-Hipert-Artes-Dose-mit-Hund-galerie-metzger-gallery-ceramic-art-object-kunst-2200-2200-1090x1090.jpg 1090w, https:\/\/www.galerie-metzger.de\/wp-content\/uploads\/2023\/01\/Sigrid-Hipert-Artes-Dose-mit-Hund-galerie-metzger-gallery-ceramic-art-object-kunst-2200-2200-690x690.jpg 690w, https:\/\/www.galerie-metzger.de\/wp-content\/uploads\/2023\/01\/Sigrid-Hipert-Artes-Dose-mit-Hund-galerie-metzger-gallery-ceramic-art-object-kunst-2200-2200-80x80.jpg 80w, https:\/\/www.galerie-metzger.de\/wp-content\/uploads\/2023\/01\/Sigrid-Hipert-Artes-Dose-mit-Hund-galerie-metzger-gallery-ceramic-art-object-kunst-2200-2200-768x768.jpg 768w, https:\/\/www.galerie-metzger.de\/wp-content\/uploads\/2023\/01\/Sigrid-Hipert-Artes-Dose-mit-Hund-galerie-metzger-gallery-ceramic-art-object-kunst-2200-2200-1536x1536.jpg 1536w, https:\/\/www.galerie-metzger.de\/wp-content\/uploads\/2023\/01\/Sigrid-Hipert-Artes-Dose-mit-Hund-galerie-metzger-gallery-ceramic-art-object-kunst-2200-2200-2048x2048.jpg 2048w, https:\/\/www.galerie-metzger.de\/wp-content\/uploads\/2023\/01\/Sigrid-Hipert-Artes-Dose-mit-Hund-galerie-metzger-gallery-ceramic-art-object-kunst-2200-2200-36x36.jpg 36w, https:\/\/www.galerie-metzger.de\/wp-content\/uploads\/2023\/01\/Sigrid-Hipert-Artes-Dose-mit-Hund-galerie-metzger-gallery-ceramic-art-object-kunst-2200-2200-180x180.jpg 180w, https:\/\/www.galerie-metzger.de\/wp-content\/uploads\/2023\/01\/Sigrid-Hipert-Artes-Dose-mit-Hund-galerie-metzger-gallery-ceramic-art-object-kunst-2200-2200-1500x1500.jpg 1500w, https:\/\/www.galerie-metzger.de\/wp-content\/uploads\/2023\/01\/Sigrid-Hipert-Artes-Dose-mit-Hund-galerie-metzger-gallery-ceramic-art-object-kunst-2200-2200-705x705.jpg 705w\" sizes=\"(max-width: 1030px) 100vw, 1030px\" \/><\/a><\/div><\/div><\/div><br \/>\n<section  class='av_textblock_section av-levikfr6-02a55d239a7198b1b4581e51201d9a37' ><div class='avia_textblock jo_werk_anfrage' ><p><a class=\"anfrage\" href=\"mailto:info@galerie-metzger.de?subject=Sigrid%20Hilpert-Artes%20Dose mit Hund%202023\">Anfrage zum Werk<\/a><\/p>\n<\/div><\/section><\/p><\/div><div class='av-flex-placeholder'><\/div>\n<style type=\"text\/css\" data-created_by=\"avia_inline_auto\" id=\"style-css-av-2gsxvhb-266-6ee4e7bf638868841289fb7daab22296\">\n.flex_column.av-2gsxvhb-266-6ee4e7bf638868841289fb7daab22296{\n-webkit-border-radius:0px 0px 0px 0px;\n-moz-border-radius:0px 0px 0px 0px;\nborder-radius:0px 0px 0px 0px;\n}\n<\/style>\n<div class='flex_column av-2gsxvhb-266-6ee4e7bf638868841289fb7daab22296 av_one_third  avia-builder-el-68  el_after_av_two_third  el_before_av_one_third  jo_col_empty flex_column_table_cell av-equal-height-column av-align-middle av-animated-generic fade-in av-zero-column-padding column-top-margin'     ><section  class='av_textblock_section av-2ebrkhr-265-94097198f00dc19c2df768f27f3876ab' ><div class='avia_textblock' ><p>invisible placeholder<\/p>\n<\/div><\/section><\/div><\/div><!--close column table wrapper. Autoclose: 1 --><div class='flex_column_table av-z2dmkt-c69297ccc461adf55d8a7d7f5cf2bcf3 sc-av_one_third av-equal-height-column-flextable'>\n<style type=\"text\/css\" data-created_by=\"avia_inline_auto\" id=\"style-css-av-z2dmkt-c69297ccc461adf55d8a7d7f5cf2bcf3\">\n.flex_column.av-z2dmkt-c69297ccc461adf55d8a7d7f5cf2bcf3{\n-webkit-border-radius:0px 0px 0px 0px;\n-moz-border-radius:0px 0px 0px 0px;\nborder-radius:0px 0px 0px 0px;\n}\n<\/style>\n<div class='flex_column av-z2dmkt-c69297ccc461adf55d8a7d7f5cf2bcf3 av_one_third  avia-builder-el-70  el_after_av_one_third  el_before_av_one_third  jo_col_empty first flex_column_table_cell av-equal-height-column av-align-top av-animated-generic fade-in av-zero-column-padding column-top-margin'     ><section  class='av_textblock_section av-mydwa5-77dc62deaf058ae5c9711d6385f5f2cd' ><div class='avia_textblock' ><p>invisible placeholder<\/p>\n<\/div><\/section><\/div><div class='av-flex-placeholder'><\/div>\n<style type=\"text\/css\" data-created_by=\"avia_inline_auto\" id=\"style-css-av-1gfehfx-6ec876817b25240ebe0b2fcb139696d9\">\n.flex_column.av-1gfehfx-6ec876817b25240ebe0b2fcb139696d9{\n-webkit-border-radius:0px 0px 0px 0px;\n-moz-border-radius:0px 0px 0px 0px;\nborder-radius:0px 0px 0px 0px;\n}\n<\/style>\n<div class='flex_column av-1gfehfx-6ec876817b25240ebe0b2fcb139696d9 av_one_third  avia-builder-el-72  el_after_av_one_third  el_before_av_one_third  jo_pf_bild_bg flex_column_table_cell av-equal-height-column av-align-top av-animated-generic fade-in av-zero-column-padding column-top-margin'     ><p>\n<style type=\"text\/css\" data-created_by=\"avia_inline_auto\" id=\"style-css-av-leviljyy-08e91e9a6ad16a669778c6e8bc0f0ec0\">\n.avia-image-container.av-leviljyy-08e91e9a6ad16a669778c6e8bc0f0ec0 img.avia_image{\nbox-shadow:none;\n}\n.avia-image-container.av-leviljyy-08e91e9a6ad16a669778c6e8bc0f0ec0 .av-caption-image-overlay-bg{\nopacity:0.4;\n}\n<\/style>\n<div  class='avia-image-container av-leviljyy-08e91e9a6ad16a669778c6e8bc0f0ec0 av-styling-no-styling avia_animated_image av-animated-when-visible-95 fade-in avia-align-left  avia-builder-el-73  el_before_av_textblock  avia-builder-el-first  jo_pf_bild noHover av-overlay-hover-deactivate'  ><div class=\"avia-image-container-inner\"><div class=\"avia-image-overlay-wrap\"><a href=\"https:\/\/www.galerie-metzger.de\/wp-content\/uploads\/2023\/03\/Sigrid-Helpert-Artes-Harpic-galerie-metzger-gallery-angewandte-kunst-727x1090.jpg\" data-srcset=\"https:\/\/www.galerie-metzger.de\/wp-content\/uploads\/2023\/03\/Sigrid-Helpert-Artes-Harpic-galerie-metzger-gallery-angewandte-kunst-727x1090.jpg 727w, https:\/\/www.galerie-metzger.de\/wp-content\/uploads\/2023\/03\/Sigrid-Helpert-Artes-Harpic-galerie-metzger-gallery-angewandte-kunst-690x1035.jpg 690w, https:\/\/www.galerie-metzger.de\/wp-content\/uploads\/2023\/03\/Sigrid-Helpert-Artes-Harpic-galerie-metzger-gallery-angewandte-kunst-768x1152.jpg 768w, https:\/\/www.galerie-metzger.de\/wp-content\/uploads\/2023\/03\/Sigrid-Helpert-Artes-Harpic-galerie-metzger-gallery-angewandte-kunst-1024x1536.jpg 1024w, https:\/\/www.galerie-metzger.de\/wp-content\/uploads\/2023\/03\/Sigrid-Helpert-Artes-Harpic-galerie-metzger-gallery-angewandte-kunst-1365x2048.jpg 1365w, https:\/\/www.galerie-metzger.de\/wp-content\/uploads\/2023\/03\/Sigrid-Helpert-Artes-Harpic-galerie-metzger-gallery-angewandte-kunst-1000x1500.jpg 1000w, https:\/\/www.galerie-metzger.de\/wp-content\/uploads\/2023\/03\/Sigrid-Helpert-Artes-Harpic-galerie-metzger-gallery-angewandte-kunst-470x705.jpg 470w, https:\/\/www.galerie-metzger.de\/wp-content\/uploads\/2023\/03\/Sigrid-Helpert-Artes-Harpic-galerie-metzger-gallery-angewandte-kunst-scaled.jpg 1707w\" data-sizes=\"(max-width: 687px) 100vw, 687px\" class='avia_image' ><div class=\"av-image-caption-overlay\"><div class=\"av-caption-image-overlay-bg\"><\/div><div class=\"av-image-caption-overlay-position\"><div class=\"av-image-caption-overlay-center\"><p>Sigrid Hilpert-Artes \u2013 Windlicht mit Reiter \u2013 , 2023, 21&#215;12 cm, Foto: Edi Baumann<\/p>\n<\/div><\/div><\/div><img decoding=\"async\" class='wp-image-11224 avia-img-lazy-loading-not-11224 avia_image ' src=\"https:\/\/www.galerie-metzger.de\/wp-content\/uploads\/2023\/03\/Sigrid-Helpert-Artes-Harpic-galerie-metzger-gallery-angewandte-kunst-690x1035.jpg\" alt='Sigrid Hilpert-Artes - Windlicht mit Reiter' title='Sigrid Hilpert-Artes - Windlicht mit Reiter'  height=\"1035\" width=\"690\" srcset=\"https:\/\/www.galerie-metzger.de\/wp-content\/uploads\/2023\/03\/Sigrid-Helpert-Artes-Harpic-galerie-metzger-gallery-angewandte-kunst-690x1035.jpg 690w, https:\/\/www.galerie-metzger.de\/wp-content\/uploads\/2023\/03\/Sigrid-Helpert-Artes-Harpic-galerie-metzger-gallery-angewandte-kunst-727x1090.jpg 727w, https:\/\/www.galerie-metzger.de\/wp-content\/uploads\/2023\/03\/Sigrid-Helpert-Artes-Harpic-galerie-metzger-gallery-angewandte-kunst-768x1152.jpg 768w, https:\/\/www.galerie-metzger.de\/wp-content\/uploads\/2023\/03\/Sigrid-Helpert-Artes-Harpic-galerie-metzger-gallery-angewandte-kunst-1024x1536.jpg 1024w, https:\/\/www.galerie-metzger.de\/wp-content\/uploads\/2023\/03\/Sigrid-Helpert-Artes-Harpic-galerie-metzger-gallery-angewandte-kunst-1365x2048.jpg 1365w, https:\/\/www.galerie-metzger.de\/wp-content\/uploads\/2023\/03\/Sigrid-Helpert-Artes-Harpic-galerie-metzger-gallery-angewandte-kunst-1000x1500.jpg 1000w, https:\/\/www.galerie-metzger.de\/wp-content\/uploads\/2023\/03\/Sigrid-Helpert-Artes-Harpic-galerie-metzger-gallery-angewandte-kunst-470x705.jpg 470w, https:\/\/www.galerie-metzger.de\/wp-content\/uploads\/2023\/03\/Sigrid-Helpert-Artes-Harpic-galerie-metzger-gallery-angewandte-kunst-scaled.jpg 1707w\" sizes=\"(max-width: 690px) 100vw, 690px\" \/><\/a><\/div><\/div><\/div><br \/>\n<section  class='av_textblock_section av-levim1jd-82d2f18039ad56bb93805ce8188887b3' ><div class='avia_textblock jo_werk_anfrage lang' ><p><a class=\"anfrage\" href=\"mailto:info@galerie-metzger.de?subject=Sigrid%20Hilpert-Artes%20Windlicht mit Reiter%202023\">Anfrage zum Werk<\/a><\/p>\n<\/div><\/section><\/p><\/div><div class='av-flex-placeholder'><\/div>\n<style type=\"text\/css\" data-created_by=\"avia_inline_auto\" id=\"style-css-av-zv7099-4feb3c1bbfb6e02f00649b8f521ff4a9\">\n.flex_column.av-zv7099-4feb3c1bbfb6e02f00649b8f521ff4a9{\n-webkit-border-radius:0px 0px 0px 0px;\n-moz-border-radius:0px 0px 0px 0px;\nborder-radius:0px 0px 0px 0px;\n}\n<\/style>\n<div class='flex_column av-zv7099-4feb3c1bbfb6e02f00649b8f521ff4a9 av_one_third  avia-builder-el-75  el_after_av_one_third  el_before_av_one_full  jo_pf_bild_bg flex_column_table_cell av-equal-height-column av-align-top av-animated-generic fade-in av-zero-column-padding column-top-margin'     ><p>\n<style type=\"text\/css\" data-created_by=\"avia_inline_auto\" id=\"style-css-av-levimmbo-b70687f6bb304876c34fd895b9a763d8\">\n.avia-image-container.av-levimmbo-b70687f6bb304876c34fd895b9a763d8 img.avia_image{\nbox-shadow:none;\n}\n.avia-image-container.av-levimmbo-b70687f6bb304876c34fd895b9a763d8 .av-caption-image-overlay-bg{\nopacity:0.4;\n}\n<\/style>\n<div  class='avia-image-container av-levimmbo-b70687f6bb304876c34fd895b9a763d8 av-styling-no-styling avia_animated_image av-animated-when-visible-95 fade-in avia-align-left  avia-builder-el-76  el_before_av_textblock  avia-builder-el-first  jo_pf_bild noHover av-overlay-hover-deactivate'  ><div class=\"avia-image-container-inner\"><div class=\"avia-image-overlay-wrap\"><a href=\"https:\/\/www.galerie-metzger.de\/wp-content\/uploads\/2023\/03\/Sigrid-Helpert-Artes-Reiter-galerie-metzger-gallery-keramik-kaufen-1090x1090.jpg\" data-srcset=\"https:\/\/www.galerie-metzger.de\/wp-content\/uploads\/2023\/03\/Sigrid-Helpert-Artes-Reiter-galerie-metzger-gallery-keramik-kaufen-1090x1090.jpg 1090w, https:\/\/www.galerie-metzger.de\/wp-content\/uploads\/2023\/03\/Sigrid-Helpert-Artes-Reiter-galerie-metzger-gallery-keramik-kaufen-690x690.jpg 690w, https:\/\/www.galerie-metzger.de\/wp-content\/uploads\/2023\/03\/Sigrid-Helpert-Artes-Reiter-galerie-metzger-gallery-keramik-kaufen-80x80.jpg 80w, https:\/\/www.galerie-metzger.de\/wp-content\/uploads\/2023\/03\/Sigrid-Helpert-Artes-Reiter-galerie-metzger-gallery-keramik-kaufen-768x768.jpg 768w, https:\/\/www.galerie-metzger.de\/wp-content\/uploads\/2023\/03\/Sigrid-Helpert-Artes-Reiter-galerie-metzger-gallery-keramik-kaufen-1536x1536.jpg 1536w, https:\/\/www.galerie-metzger.de\/wp-content\/uploads\/2023\/03\/Sigrid-Helpert-Artes-Reiter-galerie-metzger-gallery-keramik-kaufen-2048x2048.jpg 2048w, https:\/\/www.galerie-metzger.de\/wp-content\/uploads\/2023\/03\/Sigrid-Helpert-Artes-Reiter-galerie-metzger-gallery-keramik-kaufen-36x36.jpg 36w, https:\/\/www.galerie-metzger.de\/wp-content\/uploads\/2023\/03\/Sigrid-Helpert-Artes-Reiter-galerie-metzger-gallery-keramik-kaufen-180x180.jpg 180w, https:\/\/www.galerie-metzger.de\/wp-content\/uploads\/2023\/03\/Sigrid-Helpert-Artes-Reiter-galerie-metzger-gallery-keramik-kaufen-1500x1500.jpg 1500w, https:\/\/www.galerie-metzger.de\/wp-content\/uploads\/2023\/03\/Sigrid-Helpert-Artes-Reiter-galerie-metzger-gallery-keramik-kaufen-705x705.jpg 705w\" data-sizes=\"(max-width: 1030px) 100vw, 1030px\" class='avia_image' ><div class=\"av-image-caption-overlay\"><div class=\"av-caption-image-overlay-bg\"><\/div><div class=\"av-image-caption-overlay-position\"><div class=\"av-image-caption-overlay-center\"><p>Sigrid Hilpert-Artes \u2013 Windlicht mit Reiter \u2013 , 2023, 21&#215;12 cm, Foto: Edi Baumann<\/p>\n<\/div><\/div><\/div><img decoding=\"async\" class='wp-image-11226 avia-img-lazy-loading-not-11226 avia_image ' src=\"https:\/\/www.galerie-metzger.de\/wp-content\/uploads\/2023\/03\/Sigrid-Helpert-Artes-Reiter-galerie-metzger-gallery-keramik-kaufen-690x690.jpg\" alt='Sigrid Hilpert-Artes - Reiter' title='Sigrid Hilpert-Artes - Reiter'  height=\"690\" width=\"690\" srcset=\"https:\/\/www.galerie-metzger.de\/wp-content\/uploads\/2023\/03\/Sigrid-Helpert-Artes-Reiter-galerie-metzger-gallery-keramik-kaufen-690x690.jpg 690w, https:\/\/www.galerie-metzger.de\/wp-content\/uploads\/2023\/03\/Sigrid-Helpert-Artes-Reiter-galerie-metzger-gallery-keramik-kaufen-1090x1090.jpg 1090w, https:\/\/www.galerie-metzger.de\/wp-content\/uploads\/2023\/03\/Sigrid-Helpert-Artes-Reiter-galerie-metzger-gallery-keramik-kaufen-80x80.jpg 80w, https:\/\/www.galerie-metzger.de\/wp-content\/uploads\/2023\/03\/Sigrid-Helpert-Artes-Reiter-galerie-metzger-gallery-keramik-kaufen-768x768.jpg 768w, https:\/\/www.galerie-metzger.de\/wp-content\/uploads\/2023\/03\/Sigrid-Helpert-Artes-Reiter-galerie-metzger-gallery-keramik-kaufen-1536x1536.jpg 1536w, https:\/\/www.galerie-metzger.de\/wp-content\/uploads\/2023\/03\/Sigrid-Helpert-Artes-Reiter-galerie-metzger-gallery-keramik-kaufen-2048x2048.jpg 2048w, https:\/\/www.galerie-metzger.de\/wp-content\/uploads\/2023\/03\/Sigrid-Helpert-Artes-Reiter-galerie-metzger-gallery-keramik-kaufen-36x36.jpg 36w, https:\/\/www.galerie-metzger.de\/wp-content\/uploads\/2023\/03\/Sigrid-Helpert-Artes-Reiter-galerie-metzger-gallery-keramik-kaufen-180x180.jpg 180w, https:\/\/www.galerie-metzger.de\/wp-content\/uploads\/2023\/03\/Sigrid-Helpert-Artes-Reiter-galerie-metzger-gallery-keramik-kaufen-1500x1500.jpg 1500w, https:\/\/www.galerie-metzger.de\/wp-content\/uploads\/2023\/03\/Sigrid-Helpert-Artes-Reiter-galerie-metzger-gallery-keramik-kaufen-705x705.jpg 705w\" sizes=\"(max-width: 690px) 100vw, 690px\" \/><\/a><\/div><\/div><\/div><br \/>\n<section  class='av_textblock_section av-urvn3h-3b7add0b5d17be5846f69d6291218458' ><div class='avia_textblock jo_werk_anfrage lang' ><p><a class=\"anfrage\" href=\"mailto:info@galerie-metzger.de?subject=Sigrid%20Hilpert-Artes%20Windlicht mit Reiter%202023\">Anfrage zum Werk<\/a><\/p>\n<\/div><\/section><\/p><\/div><\/div><!--close column table wrapper. Autoclose: 1 --><div class='flex_column_table av-2gsxvhb-272-b039ad662cd34525e5a5b5874234cf8f sc-av_one_full av-equal-height-column-flextable'>\n<style type=\"text\/css\" data-created_by=\"avia_inline_auto\" id=\"style-css-av-2gsxvhb-272-b039ad662cd34525e5a5b5874234cf8f\">\n.flex_column.av-2gsxvhb-272-b039ad662cd34525e5a5b5874234cf8f{\n-webkit-border-radius:0px 0px 0px 0px;\n-moz-border-radius:0px 0px 0px 0px;\nborder-radius:0px 0px 0px 0px;\n}\n<\/style>\n<div class='flex_column av-2gsxvhb-272-b039ad662cd34525e5a5b5874234cf8f av_one_full  avia-builder-el-78  el_after_av_one_third  el_before_av_one_third  jo_col_empty first flex_column_table_cell av-equal-height-column av-align-top av-animated-generic fade-in av-zero-column-padding column-top-margin'     ><section  class='av_textblock_section av-2ebrkhr-271-9883fc67106c52cd5e07b161c1f3e38d' ><div class='avia_textblock' ><p>invisible placeholder<\/p>\n<\/div><\/section><\/div><\/div><!--close column table wrapper. Autoclose: 1 --><div class='flex_column_table av-10vmqh9-20ce9121843948b411b0bd5f7049aac3 sc-av_one_third av-equal-height-column-flextable'>\n<style type=\"text\/css\" data-created_by=\"avia_inline_auto\" id=\"style-css-av-10vmqh9-20ce9121843948b411b0bd5f7049aac3\">\n.flex_column.av-10vmqh9-20ce9121843948b411b0bd5f7049aac3{\n-webkit-border-radius:0px 0px 0px 0px;\n-moz-border-radius:0px 0px 0px 0px;\nborder-radius:0px 0px 0px 0px;\n}\n<\/style>\n<div class='flex_column av-10vmqh9-20ce9121843948b411b0bd5f7049aac3 av_one_third  avia-builder-el-80  el_after_av_one_full  el_before_av_one_third  jo_col_empty first flex_column_table_cell av-equal-height-column av-align-top av-animated-generic fade-in av-zero-column-padding column-top-margin'     ><section  class='av_textblock_section av-k772wd-9e3a95f5cb265a5c31b970e1f50e8969' ><div class='avia_textblock' ><p>invisible placeholder<\/p>\n<\/div><\/section><\/div><div class='av-flex-placeholder'><\/div>\n<style type=\"text\/css\" data-created_by=\"avia_inline_auto\" id=\"style-css-av-2t67hu5-90c358ec4e4d2b172cfea6b0b8b46366\">\n.flex_column.av-2t67hu5-90c358ec4e4d2b172cfea6b0b8b46366{\n-webkit-border-radius:0px 0px 0px 0px;\n-moz-border-radius:0px 0px 0px 0px;\nborder-radius:0px 0px 0px 0px;\n}\n<\/style>\n<div class='flex_column av-2t67hu5-90c358ec4e4d2b172cfea6b0b8b46366 av_one_third  avia-builder-el-82  el_after_av_one_third  el_before_av_one_third  jo_pf_bild_bg flex_column_table_cell av-equal-height-column av-align-top av-animated-generic fade-in av-zero-column-padding column-top-margin'     ><p>\n<style type=\"text\/css\" data-created_by=\"avia_inline_auto\" id=\"style-css-av-levivl0i-bf9637d6aa37ed7d00aa041def27c599\">\n.avia-image-container.av-levivl0i-bf9637d6aa37ed7d00aa041def27c599 img.avia_image{\nbox-shadow:none;\n}\n.avia-image-container.av-levivl0i-bf9637d6aa37ed7d00aa041def27c599 .av-caption-image-overlay-bg{\nopacity:0.4;\n}\n<\/style>\n<div  class='avia-image-container av-levivl0i-bf9637d6aa37ed7d00aa041def27c599 av-styling-no-styling avia_animated_image av-animated-when-visible-95 fade-in avia-align-left  avia-builder-el-83  el_before_av_textblock  avia-builder-el-first  jo_pf_bild noHover av-overlay-hover-deactivate'  ><div class=\"avia-image-container-inner\"><div class=\"avia-image-overlay-wrap\"><a href=\"https:\/\/www.galerie-metzger.de\/wp-content\/uploads\/2023\/03\/Beate-Kuhn-Monster-12x20x20cm-galerie-metzger-gallery-deutsche-studiokeramik-art-1090x727.jpg\" data-srcset=\"https:\/\/www.galerie-metzger.de\/wp-content\/uploads\/2023\/03\/Beate-Kuhn-Monster-12x20x20cm-galerie-metzger-gallery-deutsche-studiokeramik-art-1090x727.jpg 1090w, https:\/\/www.galerie-metzger.de\/wp-content\/uploads\/2023\/03\/Beate-Kuhn-Monster-12x20x20cm-galerie-metzger-gallery-deutsche-studiokeramik-art-690x460.jpg 690w, https:\/\/www.galerie-metzger.de\/wp-content\/uploads\/2023\/03\/Beate-Kuhn-Monster-12x20x20cm-galerie-metzger-gallery-deutsche-studiokeramik-art-768x512.jpg 768w, https:\/\/www.galerie-metzger.de\/wp-content\/uploads\/2023\/03\/Beate-Kuhn-Monster-12x20x20cm-galerie-metzger-gallery-deutsche-studiokeramik-art-1536x1024.jpg 1536w, https:\/\/www.galerie-metzger.de\/wp-content\/uploads\/2023\/03\/Beate-Kuhn-Monster-12x20x20cm-galerie-metzger-gallery-deutsche-studiokeramik-art-2048x1365.jpg 2048w, https:\/\/www.galerie-metzger.de\/wp-content\/uploads\/2023\/03\/Beate-Kuhn-Monster-12x20x20cm-galerie-metzger-gallery-deutsche-studiokeramik-art-1500x1000.jpg 1500w, https:\/\/www.galerie-metzger.de\/wp-content\/uploads\/2023\/03\/Beate-Kuhn-Monster-12x20x20cm-galerie-metzger-gallery-deutsche-studiokeramik-art-705x470.jpg 705w\" data-sizes=\"(max-width: 1030px) 100vw, 1030px\" class='avia_image' ><div class=\"av-image-caption-overlay\"><div class=\"av-caption-image-overlay-bg\"><\/div><div class=\"av-image-caption-overlay-position\"><div class=\"av-image-caption-overlay-center\"><p>Beate Kuhn \u2013 Monster \u2013 , 12x20x20 cm, Foto: Edi Baumann<\/p>\n<\/div><\/div><\/div><img decoding=\"async\" class='wp-image-11222 avia-img-lazy-loading-not-11222 avia_image ' src=\"https:\/\/www.galerie-metzger.de\/wp-content\/uploads\/2023\/03\/Beate-Kuhn-Monster-12x20x20cm-galerie-metzger-gallery-deutsche-studiokeramik-art-690x460.jpg\" alt='Beate Kuhn - Monster - 12x20x20 cm' title='Beate Kuhn - Monster - 12x20x20 cm'  height=\"460\" width=\"690\" srcset=\"https:\/\/www.galerie-metzger.de\/wp-content\/uploads\/2023\/03\/Beate-Kuhn-Monster-12x20x20cm-galerie-metzger-gallery-deutsche-studiokeramik-art-690x460.jpg 690w, https:\/\/www.galerie-metzger.de\/wp-content\/uploads\/2023\/03\/Beate-Kuhn-Monster-12x20x20cm-galerie-metzger-gallery-deutsche-studiokeramik-art-1090x727.jpg 1090w, https:\/\/www.galerie-metzger.de\/wp-content\/uploads\/2023\/03\/Beate-Kuhn-Monster-12x20x20cm-galerie-metzger-gallery-deutsche-studiokeramik-art-768x512.jpg 768w, https:\/\/www.galerie-metzger.de\/wp-content\/uploads\/2023\/03\/Beate-Kuhn-Monster-12x20x20cm-galerie-metzger-gallery-deutsche-studiokeramik-art-1536x1024.jpg 1536w, https:\/\/www.galerie-metzger.de\/wp-content\/uploads\/2023\/03\/Beate-Kuhn-Monster-12x20x20cm-galerie-metzger-gallery-deutsche-studiokeramik-art-2048x1365.jpg 2048w, https:\/\/www.galerie-metzger.de\/wp-content\/uploads\/2023\/03\/Beate-Kuhn-Monster-12x20x20cm-galerie-metzger-gallery-deutsche-studiokeramik-art-1500x1000.jpg 1500w, https:\/\/www.galerie-metzger.de\/wp-content\/uploads\/2023\/03\/Beate-Kuhn-Monster-12x20x20cm-galerie-metzger-gallery-deutsche-studiokeramik-art-705x470.jpg 705w\" sizes=\"(max-width: 690px) 100vw, 690px\" \/><\/a><\/div><\/div><\/div><br \/>\n<section  class='av_textblock_section av-9qz9ql-fd6481523c87c9b22ed4aa53487c8435' ><div class='avia_textblock jo_werk_anfrage' ><p><a class=\"anfrage\" href=\"mailto:info@galerie-metzger.de?subject=Beate%20Kuhn%20Monster%2012x20x20cm\">Anfrage zum Werk<\/a><\/p>\n<\/div><\/section><\/p><\/div><div class='av-flex-placeholder'><\/div>\n<style type=\"text\/css\" data-created_by=\"avia_inline_auto\" id=\"style-css-av-1ou70lxp-9d412110f88a127aa66471a453c719c1\">\n.flex_column.av-1ou70lxp-9d412110f88a127aa66471a453c719c1{\n-webkit-border-radius:0px 0px 0px 0px;\n-moz-border-radius:0px 0px 0px 0px;\nborder-radius:0px 0px 0px 0px;\n}\n<\/style>\n<div class='flex_column av-1ou70lxp-9d412110f88a127aa66471a453c719c1 av_one_third  avia-builder-el-85  el_after_av_one_third  el_before_av_one_full  jo_pf_bild_bg flex_column_table_cell av-equal-height-column av-align-top av-animated-generic fade-in av-zero-column-padding column-top-margin'     ><p>\n<style type=\"text\/css\" data-created_by=\"avia_inline_auto\" id=\"style-css-av-1ojxl52l-fcfe8c2b3b498b47cf85bbd50653b353\">\n.avia-image-container.av-1ojxl52l-fcfe8c2b3b498b47cf85bbd50653b353 img.avia_image{\nbox-shadow:none;\n}\n.avia-image-container.av-1ojxl52l-fcfe8c2b3b498b47cf85bbd50653b353 .av-caption-image-overlay-bg{\nopacity:0.4;\n}\n<\/style>\n<div  class='avia-image-container av-1ojxl52l-fcfe8c2b3b498b47cf85bbd50653b353 av-styling-no-styling avia_animated_image av-animated-when-visible-95 fade-in avia-align-left  avia-builder-el-86  el_before_av_textblock  avia-builder-el-first  jo_pf_bild noHover av-overlay-hover-deactivate'  ><div class=\"avia-image-container-inner\"><div class=\"avia-image-overlay-wrap\"><a href=\"https:\/\/www.galerie-metzger.de\/wp-content\/uploads\/2023\/03\/Beate-Kuhn-Monster-galerie-metzger-gallery-ceramic-art-object-sculpture-buy-1090x727.jpg\" data-srcset=\"https:\/\/www.galerie-metzger.de\/wp-content\/uploads\/2023\/03\/Beate-Kuhn-Monster-galerie-metzger-gallery-ceramic-art-object-sculpture-buy-1090x727.jpg 1090w, https:\/\/www.galerie-metzger.de\/wp-content\/uploads\/2023\/03\/Beate-Kuhn-Monster-galerie-metzger-gallery-ceramic-art-object-sculpture-buy-690x460.jpg 690w, https:\/\/www.galerie-metzger.de\/wp-content\/uploads\/2023\/03\/Beate-Kuhn-Monster-galerie-metzger-gallery-ceramic-art-object-sculpture-buy-768x512.jpg 768w, https:\/\/www.galerie-metzger.de\/wp-content\/uploads\/2023\/03\/Beate-Kuhn-Monster-galerie-metzger-gallery-ceramic-art-object-sculpture-buy-1536x1024.jpg 1536w, https:\/\/www.galerie-metzger.de\/wp-content\/uploads\/2023\/03\/Beate-Kuhn-Monster-galerie-metzger-gallery-ceramic-art-object-sculpture-buy-2048x1365.jpg 2048w, https:\/\/www.galerie-metzger.de\/wp-content\/uploads\/2023\/03\/Beate-Kuhn-Monster-galerie-metzger-gallery-ceramic-art-object-sculpture-buy-1500x1000.jpg 1500w, https:\/\/www.galerie-metzger.de\/wp-content\/uploads\/2023\/03\/Beate-Kuhn-Monster-galerie-metzger-gallery-ceramic-art-object-sculpture-buy-705x470.jpg 705w\" data-sizes=\"(max-width: 1030px) 100vw, 1030px\" class='avia_image' ><div class=\"av-image-caption-overlay\"><div class=\"av-caption-image-overlay-bg\"><\/div><div class=\"av-image-caption-overlay-position\"><div class=\"av-image-caption-overlay-center\"><p>Beate Kuhn \u2013 Monster \u2013 , 12x20x20 cm, Foto: Edi Baumann<\/p>\n<\/div><\/div><\/div><img decoding=\"async\" class='wp-image-11220 avia-img-lazy-loading-not-11220 avia_image ' src=\"https:\/\/www.galerie-metzger.de\/wp-content\/uploads\/2023\/03\/Beate-Kuhn-Monster-galerie-metzger-gallery-ceramic-art-object-sculpture-buy-690x460.jpg\" alt='Beate Kuhn - Monster' title='Beate Kuhn - Monster'  height=\"460\" width=\"690\" srcset=\"https:\/\/www.galerie-metzger.de\/wp-content\/uploads\/2023\/03\/Beate-Kuhn-Monster-galerie-metzger-gallery-ceramic-art-object-sculpture-buy-690x460.jpg 690w, https:\/\/www.galerie-metzger.de\/wp-content\/uploads\/2023\/03\/Beate-Kuhn-Monster-galerie-metzger-gallery-ceramic-art-object-sculpture-buy-1090x727.jpg 1090w, https:\/\/www.galerie-metzger.de\/wp-content\/uploads\/2023\/03\/Beate-Kuhn-Monster-galerie-metzger-gallery-ceramic-art-object-sculpture-buy-768x512.jpg 768w, https:\/\/www.galerie-metzger.de\/wp-content\/uploads\/2023\/03\/Beate-Kuhn-Monster-galerie-metzger-gallery-ceramic-art-object-sculpture-buy-1536x1024.jpg 1536w, https:\/\/www.galerie-metzger.de\/wp-content\/uploads\/2023\/03\/Beate-Kuhn-Monster-galerie-metzger-gallery-ceramic-art-object-sculpture-buy-2048x1365.jpg 2048w, https:\/\/www.galerie-metzger.de\/wp-content\/uploads\/2023\/03\/Beate-Kuhn-Monster-galerie-metzger-gallery-ceramic-art-object-sculpture-buy-1500x1000.jpg 1500w, https:\/\/www.galerie-metzger.de\/wp-content\/uploads\/2023\/03\/Beate-Kuhn-Monster-galerie-metzger-gallery-ceramic-art-object-sculpture-buy-705x470.jpg 705w\" sizes=\"(max-width: 690px) 100vw, 690px\" \/><\/a><\/div><\/div><\/div><br \/>\n<section  class='av_textblock_section av-60fscrx-3f0af7e2214412ca18bc7636c8bc129f' ><div class='avia_textblock jo_werk_anfrage' ><p><a class=\"anfrage\" href=\"mailto:info@galerie-metzger.de?subject=Beate%20Kuhn%20Monster%2012x20x20cm\">Anfrage zum Werk<\/a><\/p>\n<\/div><\/section><\/p><\/div><\/div><!--close column table wrapper. Autoclose: 1 --><div class='flex_column_table av-2gsxvhb-262-3f9e80ae09feef062a2272616baa62ef sc-av_one_full av-equal-height-column-flextable'>\n<style type=\"text\/css\" data-created_by=\"avia_inline_auto\" id=\"style-css-av-2gsxvhb-262-3f9e80ae09feef062a2272616baa62ef\">\n.flex_column.av-2gsxvhb-262-3f9e80ae09feef062a2272616baa62ef{\n-webkit-border-radius:0px 0px 0px 0px;\n-moz-border-radius:0px 0px 0px 0px;\nborder-radius:0px 0px 0px 0px;\n}\n<\/style>\n<div class='flex_column av-2gsxvhb-262-3f9e80ae09feef062a2272616baa62ef av_one_full  avia-builder-el-88  el_after_av_one_third  el_before_av_one_half  jo_col_empty first flex_column_table_cell av-equal-height-column av-align-top av-animated-generic fade-in av-zero-column-padding column-top-margin'     ><section  class='av_textblock_section av-2ebrkhr-261-aeb5edc9c0fe0d3bd72e4c193495920b' ><div class='avia_textblock' ><p>invisible placeholder<\/p>\n<\/div><\/section><\/div><\/div><!--close column table wrapper. Autoclose: 1 --><div class='flex_column_table av-1yfgtf1-9a03b8f57ea651c2c356974ef96d98ee sc-av_one_half av-equal-height-column-flextable'>\n<style type=\"text\/css\" data-created_by=\"avia_inline_auto\" id=\"style-css-av-1yfgtf1-9a03b8f57ea651c2c356974ef96d98ee\">\n.flex_column.av-1yfgtf1-9a03b8f57ea651c2c356974ef96d98ee{\n-webkit-border-radius:0px 0px 0px 0px;\n-moz-border-radius:0px 0px 0px 0px;\nborder-radius:0px 0px 0px 0px;\n}\n<\/style>\n<div class='flex_column av-1yfgtf1-9a03b8f57ea651c2c356974ef96d98ee av_one_half  avia-builder-el-90  el_after_av_one_full  el_before_av_one_half  jo_pf_bild_bg first flex_column_table_cell av-equal-height-column av-align-middle av-animated-generic fade-in av-zero-column-padding column-top-margin'     ><p>\n<style type=\"text\/css\" data-created_by=\"avia_inline_auto\" id=\"style-css-av-levizqhe-9f5394138653909090faf08943834a34\">\n.avia-image-container.av-levizqhe-9f5394138653909090faf08943834a34 img.avia_image{\nbox-shadow:none;\n}\n.avia-image-container.av-levizqhe-9f5394138653909090faf08943834a34 .av-caption-image-overlay-bg{\nopacity:0.4;\n}\n<\/style>\n<div  class='avia-image-container av-levizqhe-9f5394138653909090faf08943834a34 av-styling-no-styling avia_animated_image av-animated-when-visible-95 fade-in avia-align-left  avia-builder-el-91  el_before_av_textblock  avia-builder-el-first  jo_pf_bild noHover av-overlay-hover-deactivate'  ><div class=\"avia-image-container-inner\"><div class=\"avia-image-overlay-wrap\"><a href=\"https:\/\/www.galerie-metzger.de\/wp-content\/uploads\/2019\/12\/Beate-Kuhn-Katzenversammlung-Donaueschingen-2011-25x35x30-cm-galerie-metzger-sculpture-ceramic-art-object-1090x727.jpg\" data-srcset=\"https:\/\/www.galerie-metzger.de\/wp-content\/uploads\/2019\/12\/Beate-Kuhn-Katzenversammlung-Donaueschingen-2011-25x35x30-cm-galerie-metzger-sculpture-ceramic-art-object-1090x727.jpg 1090w, https:\/\/www.galerie-metzger.de\/wp-content\/uploads\/2019\/12\/Beate-Kuhn-Katzenversammlung-Donaueschingen-2011-25x35x30-cm-galerie-metzger-sculpture-ceramic-art-object-690x460.jpg 690w, https:\/\/www.galerie-metzger.de\/wp-content\/uploads\/2019\/12\/Beate-Kuhn-Katzenversammlung-Donaueschingen-2011-25x35x30-cm-galerie-metzger-sculpture-ceramic-art-object-1536x1024.jpg 1536w, https:\/\/www.galerie-metzger.de\/wp-content\/uploads\/2019\/12\/Beate-Kuhn-Katzenversammlung-Donaueschingen-2011-25x35x30-cm-galerie-metzger-sculpture-ceramic-art-object-2048x1366.jpg 2048w, https:\/\/www.galerie-metzger.de\/wp-content\/uploads\/2019\/12\/Beate-Kuhn-Katzenversammlung-Donaueschingen-2011-25x35x30-cm-galerie-metzger-sculpture-ceramic-art-object-1500x1000.jpg 1500w, https:\/\/www.galerie-metzger.de\/wp-content\/uploads\/2019\/12\/Beate-Kuhn-Katzenversammlung-Donaueschingen-2011-25x35x30-cm-galerie-metzger-sculpture-ceramic-art-object-705x470.jpg 705w, https:\/\/www.galerie-metzger.de\/wp-content\/uploads\/2019\/12\/Beate-Kuhn-Katzenversammlung-Donaueschingen-2011-25x35x30-cm-galerie-metzger-sculpture-ceramic-art-object-400x267.jpg 400w, https:\/\/www.galerie-metzger.de\/wp-content\/uploads\/2019\/12\/Beate-Kuhn-Katzenversammlung-Donaueschingen-2011-25x35x30-cm-galerie-metzger-sculpture-ceramic-art-object-768x512.jpg 768w, https:\/\/www.galerie-metzger.de\/wp-content\/uploads\/2019\/12\/Beate-Kuhn-Katzenversammlung-Donaueschingen-2011-25x35x30-cm-galerie-metzger-sculpture-ceramic-art-object-1030x687.jpg 1030w, https:\/\/www.galerie-metzger.de\/wp-content\/uploads\/2019\/12\/Beate-Kuhn-Katzenversammlung-Donaueschingen-2011-25x35x30-cm-galerie-metzger-sculpture-ceramic-art-object-300x200.jpg 300w, https:\/\/www.galerie-metzger.de\/wp-content\/uploads\/2019\/12\/Beate-Kuhn-Katzenversammlung-Donaueschingen-2011-25x35x30-cm-galerie-metzger-sculpture-ceramic-art-object-900x600.jpg 900w, https:\/\/www.galerie-metzger.de\/wp-content\/uploads\/2019\/12\/Beate-Kuhn-Katzenversammlung-Donaueschingen-2011-25x35x30-cm-galerie-metzger-sculpture-ceramic-art-object-450x300.jpg 450w\" data-sizes=\"(max-width: 1030px) 100vw, 1030px\" class='avia_image' ><div class=\"av-image-caption-overlay\"><div class=\"av-caption-image-overlay-bg\"><\/div><div class=\"av-image-caption-overlay-position\"><div class=\"av-image-caption-overlay-center\"><p>Beate Kuhn \u2013 Katzenversammlung &#8222;Donaueschingen&#8220; \u2013 , 2011, 25x35x30 cm, Foto: Edi Baumann<\/p>\n<\/div><\/div><\/div><img decoding=\"async\" class='wp-image-7823 avia-img-lazy-loading-not-7823 avia_image ' src=\"https:\/\/www.galerie-metzger.de\/wp-content\/uploads\/2019\/12\/Beate-Kuhn-Katzenversammlung-Donaueschingen-2011-25x35x30-cm-galerie-metzger-sculpture-ceramic-art-object-690x460.jpg\" alt='Beate Kuhn - Katzenversammlung Donaueschingen - 2011, 25x35x30 cm' title='Beate Kuhn - Katzenversammlung Donaueschingen - 2011, 25x35x30 cm'  height=\"460\" width=\"690\" srcset=\"https:\/\/www.galerie-metzger.de\/wp-content\/uploads\/2019\/12\/Beate-Kuhn-Katzenversammlung-Donaueschingen-2011-25x35x30-cm-galerie-metzger-sculpture-ceramic-art-object-690x460.jpg 690w, https:\/\/www.galerie-metzger.de\/wp-content\/uploads\/2019\/12\/Beate-Kuhn-Katzenversammlung-Donaueschingen-2011-25x35x30-cm-galerie-metzger-sculpture-ceramic-art-object-1090x727.jpg 1090w, https:\/\/www.galerie-metzger.de\/wp-content\/uploads\/2019\/12\/Beate-Kuhn-Katzenversammlung-Donaueschingen-2011-25x35x30-cm-galerie-metzger-sculpture-ceramic-art-object-1536x1024.jpg 1536w, https:\/\/www.galerie-metzger.de\/wp-content\/uploads\/2019\/12\/Beate-Kuhn-Katzenversammlung-Donaueschingen-2011-25x35x30-cm-galerie-metzger-sculpture-ceramic-art-object-2048x1366.jpg 2048w, https:\/\/www.galerie-metzger.de\/wp-content\/uploads\/2019\/12\/Beate-Kuhn-Katzenversammlung-Donaueschingen-2011-25x35x30-cm-galerie-metzger-sculpture-ceramic-art-object-1500x1000.jpg 1500w, https:\/\/www.galerie-metzger.de\/wp-content\/uploads\/2019\/12\/Beate-Kuhn-Katzenversammlung-Donaueschingen-2011-25x35x30-cm-galerie-metzger-sculpture-ceramic-art-object-705x470.jpg 705w, https:\/\/www.galerie-metzger.de\/wp-content\/uploads\/2019\/12\/Beate-Kuhn-Katzenversammlung-Donaueschingen-2011-25x35x30-cm-galerie-metzger-sculpture-ceramic-art-object-400x267.jpg 400w, https:\/\/www.galerie-metzger.de\/wp-content\/uploads\/2019\/12\/Beate-Kuhn-Katzenversammlung-Donaueschingen-2011-25x35x30-cm-galerie-metzger-sculpture-ceramic-art-object-768x512.jpg 768w, https:\/\/www.galerie-metzger.de\/wp-content\/uploads\/2019\/12\/Beate-Kuhn-Katzenversammlung-Donaueschingen-2011-25x35x30-cm-galerie-metzger-sculpture-ceramic-art-object-1030x687.jpg 1030w, https:\/\/www.galerie-metzger.de\/wp-content\/uploads\/2019\/12\/Beate-Kuhn-Katzenversammlung-Donaueschingen-2011-25x35x30-cm-galerie-metzger-sculpture-ceramic-art-object-300x200.jpg 300w, https:\/\/www.galerie-metzger.de\/wp-content\/uploads\/2019\/12\/Beate-Kuhn-Katzenversammlung-Donaueschingen-2011-25x35x30-cm-galerie-metzger-sculpture-ceramic-art-object-900x600.jpg 900w, https:\/\/www.galerie-metzger.de\/wp-content\/uploads\/2019\/12\/Beate-Kuhn-Katzenversammlung-Donaueschingen-2011-25x35x30-cm-galerie-metzger-sculpture-ceramic-art-object-450x300.jpg 450w\" sizes=\"(max-width: 690px) 100vw, 690px\" \/><\/a><\/div><\/div><\/div><br \/>\n<section  class='av_textblock_section av-levj0qfd-713aa7cd608853a00bfc43bebccee84e' ><div class='avia_textblock jo_werk_anfrage' ><p><a class=\"anfrage\" href=\"mailto:info@galerie-metzger.de?subject=Beate%20Kuhn%20Katzenversammlung \">Anfrage zum Werk<\/a><\/p>\n<\/div><\/section><\/p><\/div><div class='av-flex-placeholder'><\/div>\n<style type=\"text\/css\" data-created_by=\"avia_inline_auto\" id=\"style-css-av-1s4ot3h-fa49bb091d115ac207b3e1c89acb28db\">\n.flex_column.av-1s4ot3h-fa49bb091d115ac207b3e1c89acb28db{\n-webkit-border-radius:0px 0px 0px 0px;\n-moz-border-radius:0px 0px 0px 0px;\nborder-radius:0px 0px 0px 0px;\n}\n<\/style>\n<div class='flex_column av-1s4ot3h-fa49bb091d115ac207b3e1c89acb28db av_one_half  avia-builder-el-93  el_after_av_one_half  el_before_av_one_full  jo_pf_bild_bg flex_column_table_cell av-equal-height-column av-align-middle av-animated-generic fade-in av-zero-column-padding column-top-margin'     ><p>\n<style type=\"text\/css\" data-created_by=\"avia_inline_auto\" id=\"style-css-av-15qo6bx-a90187d228c17182c773899e74a4a988\">\n.avia-image-container.av-15qo6bx-a90187d228c17182c773899e74a4a988 img.avia_image{\nbox-shadow:none;\n}\n.avia-image-container.av-15qo6bx-a90187d228c17182c773899e74a4a988 .av-caption-image-overlay-bg{\nopacity:0.4;\n}\n<\/style>\n<div  class='avia-image-container av-15qo6bx-a90187d228c17182c773899e74a4a988 av-styling-no-styling avia_animated_image av-animated-when-visible-95 fade-in avia-align-left  avia-builder-el-94  el_before_av_textblock  avia-builder-el-first  jo_pf_bild noHover av-overlay-hover-deactivate'  ><div class=\"avia-image-container-inner\"><div class=\"avia-image-overlay-wrap\"><a href=\"https:\/\/www.galerie-metzger.de\/wp-content\/uploads\/2019\/12\/Beate-Kuhn-Katzenversammlung-Donaueschingen-2011-25x35x30-cm-galerie-metzger-sculpture-ceramic-art-object-1090x727.jpg\" data-srcset=\"https:\/\/www.galerie-metzger.de\/wp-content\/uploads\/2019\/12\/Beate-Kuhn-Katzenversammlung-Donaueschingen-2011-25x35x30-cm-galerie-metzger-sculpture-ceramic-art-object-1090x727.jpg 1090w, https:\/\/www.galerie-metzger.de\/wp-content\/uploads\/2019\/12\/Beate-Kuhn-Katzenversammlung-Donaueschingen-2011-25x35x30-cm-galerie-metzger-sculpture-ceramic-art-object-690x460.jpg 690w, https:\/\/www.galerie-metzger.de\/wp-content\/uploads\/2019\/12\/Beate-Kuhn-Katzenversammlung-Donaueschingen-2011-25x35x30-cm-galerie-metzger-sculpture-ceramic-art-object-1536x1024.jpg 1536w, https:\/\/www.galerie-metzger.de\/wp-content\/uploads\/2019\/12\/Beate-Kuhn-Katzenversammlung-Donaueschingen-2011-25x35x30-cm-galerie-metzger-sculpture-ceramic-art-object-2048x1366.jpg 2048w, https:\/\/www.galerie-metzger.de\/wp-content\/uploads\/2019\/12\/Beate-Kuhn-Katzenversammlung-Donaueschingen-2011-25x35x30-cm-galerie-metzger-sculpture-ceramic-art-object-1500x1000.jpg 1500w, https:\/\/www.galerie-metzger.de\/wp-content\/uploads\/2019\/12\/Beate-Kuhn-Katzenversammlung-Donaueschingen-2011-25x35x30-cm-galerie-metzger-sculpture-ceramic-art-object-705x470.jpg 705w, https:\/\/www.galerie-metzger.de\/wp-content\/uploads\/2019\/12\/Beate-Kuhn-Katzenversammlung-Donaueschingen-2011-25x35x30-cm-galerie-metzger-sculpture-ceramic-art-object-400x267.jpg 400w, https:\/\/www.galerie-metzger.de\/wp-content\/uploads\/2019\/12\/Beate-Kuhn-Katzenversammlung-Donaueschingen-2011-25x35x30-cm-galerie-metzger-sculpture-ceramic-art-object-768x512.jpg 768w, https:\/\/www.galerie-metzger.de\/wp-content\/uploads\/2019\/12\/Beate-Kuhn-Katzenversammlung-Donaueschingen-2011-25x35x30-cm-galerie-metzger-sculpture-ceramic-art-object-1030x687.jpg 1030w, https:\/\/www.galerie-metzger.de\/wp-content\/uploads\/2019\/12\/Beate-Kuhn-Katzenversammlung-Donaueschingen-2011-25x35x30-cm-galerie-metzger-sculpture-ceramic-art-object-300x200.jpg 300w, https:\/\/www.galerie-metzger.de\/wp-content\/uploads\/2019\/12\/Beate-Kuhn-Katzenversammlung-Donaueschingen-2011-25x35x30-cm-galerie-metzger-sculpture-ceramic-art-object-900x600.jpg 900w, https:\/\/www.galerie-metzger.de\/wp-content\/uploads\/2019\/12\/Beate-Kuhn-Katzenversammlung-Donaueschingen-2011-25x35x30-cm-galerie-metzger-sculpture-ceramic-art-object-450x300.jpg 450w\" data-sizes=\"(max-width: 1030px) 100vw, 1030px\" class='avia_image' ><div class=\"av-image-caption-overlay\"><div class=\"av-caption-image-overlay-bg\"><\/div><div class=\"av-image-caption-overlay-position\"><div class=\"av-image-caption-overlay-center\"><p>Beate Kuhn \u2013 Katzenversammlung &#8222;Donaueschingen&#8220; \u2013 , 2011, 25x35x30 cm, Foto: Edi Baumann<\/p>\n<\/div><\/div><\/div><img decoding=\"async\" class='wp-image-7823 avia-img-lazy-loading-not-7823 avia_image ' src=\"https:\/\/www.galerie-metzger.de\/wp-content\/uploads\/2019\/12\/Beate-Kuhn-Katzenversammlung-Donaueschingen-2011-25x35x30-cm-galerie-metzger-sculpture-ceramic-art-object-690x460.jpg\" alt='Beate Kuhn - Katzenversammlung Donaueschingen - 2011, 25x35x30 cm' title='Beate Kuhn - Katzenversammlung Donaueschingen - 2011, 25x35x30 cm'  height=\"460\" width=\"690\" srcset=\"https:\/\/www.galerie-metzger.de\/wp-content\/uploads\/2019\/12\/Beate-Kuhn-Katzenversammlung-Donaueschingen-2011-25x35x30-cm-galerie-metzger-sculpture-ceramic-art-object-690x460.jpg 690w, https:\/\/www.galerie-metzger.de\/wp-content\/uploads\/2019\/12\/Beate-Kuhn-Katzenversammlung-Donaueschingen-2011-25x35x30-cm-galerie-metzger-sculpture-ceramic-art-object-1090x727.jpg 1090w, https:\/\/www.galerie-metzger.de\/wp-content\/uploads\/2019\/12\/Beate-Kuhn-Katzenversammlung-Donaueschingen-2011-25x35x30-cm-galerie-metzger-sculpture-ceramic-art-object-1536x1024.jpg 1536w, https:\/\/www.galerie-metzger.de\/wp-content\/uploads\/2019\/12\/Beate-Kuhn-Katzenversammlung-Donaueschingen-2011-25x35x30-cm-galerie-metzger-sculpture-ceramic-art-object-2048x1366.jpg 2048w, https:\/\/www.galerie-metzger.de\/wp-content\/uploads\/2019\/12\/Beate-Kuhn-Katzenversammlung-Donaueschingen-2011-25x35x30-cm-galerie-metzger-sculpture-ceramic-art-object-1500x1000.jpg 1500w, https:\/\/www.galerie-metzger.de\/wp-content\/uploads\/2019\/12\/Beate-Kuhn-Katzenversammlung-Donaueschingen-2011-25x35x30-cm-galerie-metzger-sculpture-ceramic-art-object-705x470.jpg 705w, https:\/\/www.galerie-metzger.de\/wp-content\/uploads\/2019\/12\/Beate-Kuhn-Katzenversammlung-Donaueschingen-2011-25x35x30-cm-galerie-metzger-sculpture-ceramic-art-object-400x267.jpg 400w, https:\/\/www.galerie-metzger.de\/wp-content\/uploads\/2019\/12\/Beate-Kuhn-Katzenversammlung-Donaueschingen-2011-25x35x30-cm-galerie-metzger-sculpture-ceramic-art-object-768x512.jpg 768w, https:\/\/www.galerie-metzger.de\/wp-content\/uploads\/2019\/12\/Beate-Kuhn-Katzenversammlung-Donaueschingen-2011-25x35x30-cm-galerie-metzger-sculpture-ceramic-art-object-1030x687.jpg 1030w, https:\/\/www.galerie-metzger.de\/wp-content\/uploads\/2019\/12\/Beate-Kuhn-Katzenversammlung-Donaueschingen-2011-25x35x30-cm-galerie-metzger-sculpture-ceramic-art-object-300x200.jpg 300w, https:\/\/www.galerie-metzger.de\/wp-content\/uploads\/2019\/12\/Beate-Kuhn-Katzenversammlung-Donaueschingen-2011-25x35x30-cm-galerie-metzger-sculpture-ceramic-art-object-900x600.jpg 900w, https:\/\/www.galerie-metzger.de\/wp-content\/uploads\/2019\/12\/Beate-Kuhn-Katzenversammlung-Donaueschingen-2011-25x35x30-cm-galerie-metzger-sculpture-ceramic-art-object-450x300.jpg 450w\" sizes=\"(max-width: 690px) 100vw, 690px\" \/><\/a><\/div><\/div><\/div><br \/>\n<section  class='av_textblock_section av-ilg17x-dd17368bd122ec7b109d4492f269e6c3' ><div class='avia_textblock jo_werk_anfrage' ><p><a class=\"anfrage\" href=\"mailto:info@galerie-metzger.de?subject=Beate%20Kuhn%20Katzenversammlung \">Anfrage zum Werk<\/a><\/p>\n<\/div><\/section><\/p><\/div><\/div><!--close column table wrapper. Autoclose: 1 --><div class='flex_column_table av-2gsxvhb-264-8eca7c1a79df945a17e3d18754b14db1 sc-av_one_full av-equal-height-column-flextable'>\n<style type=\"text\/css\" data-created_by=\"avia_inline_auto\" id=\"style-css-av-2gsxvhb-264-8eca7c1a79df945a17e3d18754b14db1\">\n.flex_column.av-2gsxvhb-264-8eca7c1a79df945a17e3d18754b14db1{\n-webkit-border-radius:0px 0px 0px 0px;\n-moz-border-radius:0px 0px 0px 0px;\nborder-radius:0px 0px 0px 0px;\n}\n<\/style>\n<div class='flex_column av-2gsxvhb-264-8eca7c1a79df945a17e3d18754b14db1 av_one_full  avia-builder-el-96  el_after_av_one_half  el_before_av_one_third  jo_col_empty first flex_column_table_cell av-equal-height-column av-align-top av-animated-generic fade-in av-zero-column-padding column-top-margin'     ><section  class='av_textblock_section av-2ebrkhr-263-2994d80b45ee043b81992178531ac8ce' ><div class='avia_textblock' ><p>invisible placeholder<\/p>\n<\/div><\/section><\/div><\/div><!--close column table wrapper. Autoclose: 1 --><div class='flex_column_table av-wkw6ct-7d13f519ea313e006af3b73efe145306 sc-av_one_third av-equal-height-column-flextable'>\n<style type=\"text\/css\" data-created_by=\"avia_inline_auto\" id=\"style-css-av-wkw6ct-7d13f519ea313e006af3b73efe145306\">\n.flex_column.av-wkw6ct-7d13f519ea313e006af3b73efe145306{\n-webkit-border-radius:0px 0px 0px 0px;\n-moz-border-radius:0px 0px 0px 0px;\nborder-radius:0px 0px 0px 0px;\n}\n<\/style>\n<div class='flex_column av-wkw6ct-7d13f519ea313e006af3b73efe145306 av_one_third  avia-builder-el-98  el_after_av_one_full  el_before_av_one_third  jo_pf_bild_bg first flex_column_table_cell av-equal-height-column av-align-middle av-animated-generic fade-in av-zero-column-padding column-top-margin'     ><p>\n<style type=\"text\/css\" data-created_by=\"avia_inline_auto\" id=\"style-css-av-levjjysy-7ddebf33889da3ffce1f218b5a7f9c59\">\n.avia-image-container.av-levjjysy-7ddebf33889da3ffce1f218b5a7f9c59 img.avia_image{\nbox-shadow:none;\n}\n.avia-image-container.av-levjjysy-7ddebf33889da3ffce1f218b5a7f9c59 .av-caption-image-overlay-bg{\nopacity:0.4;\n}\n<\/style>\n<div  class='avia-image-container av-levjjysy-7ddebf33889da3ffce1f218b5a7f9c59 av-styling-no-styling avia_animated_image av-animated-when-visible-95 fade-in avia-align-left  avia-builder-el-99  el_before_av_textblock  avia-builder-el-first  jo_pf_bild noHover av-overlay-hover-deactivate'  ><div class=\"avia-image-container-inner\"><div class=\"avia-image-overlay-wrap\"><a href=\"https:\/\/www.galerie-metzger.de\/wp-content\/uploads\/2023\/03\/Beate-Kuhn-Katze-2006-215x10x28cm-galerie-metzger-sculpture-deutsche-studiio-keramik-1090x727.jpg\" data-srcset=\"https:\/\/www.galerie-metzger.de\/wp-content\/uploads\/2023\/03\/Beate-Kuhn-Katze-2006-215x10x28cm-galerie-metzger-sculpture-deutsche-studiio-keramik-1090x727.jpg 1090w, https:\/\/www.galerie-metzger.de\/wp-content\/uploads\/2023\/03\/Beate-Kuhn-Katze-2006-215x10x28cm-galerie-metzger-sculpture-deutsche-studiio-keramik-690x460.jpg 690w, https:\/\/www.galerie-metzger.de\/wp-content\/uploads\/2023\/03\/Beate-Kuhn-Katze-2006-215x10x28cm-galerie-metzger-sculpture-deutsche-studiio-keramik-768x512.jpg 768w, https:\/\/www.galerie-metzger.de\/wp-content\/uploads\/2023\/03\/Beate-Kuhn-Katze-2006-215x10x28cm-galerie-metzger-sculpture-deutsche-studiio-keramik-1536x1024.jpg 1536w, https:\/\/www.galerie-metzger.de\/wp-content\/uploads\/2023\/03\/Beate-Kuhn-Katze-2006-215x10x28cm-galerie-metzger-sculpture-deutsche-studiio-keramik-2048x1365.jpg 2048w, https:\/\/www.galerie-metzger.de\/wp-content\/uploads\/2023\/03\/Beate-Kuhn-Katze-2006-215x10x28cm-galerie-metzger-sculpture-deutsche-studiio-keramik-1500x1000.jpg 1500w, https:\/\/www.galerie-metzger.de\/wp-content\/uploads\/2023\/03\/Beate-Kuhn-Katze-2006-215x10x28cm-galerie-metzger-sculpture-deutsche-studiio-keramik-705x470.jpg 705w\" data-sizes=\"(max-width: 1030px) 100vw, 1030px\" class='avia_image' ><div class=\"av-image-caption-overlay\"><div class=\"av-caption-image-overlay-bg\"><\/div><div class=\"av-image-caption-overlay-position\"><div class=\"av-image-caption-overlay-center\"><p>Beate Kuhn \u2013 laufende Katze mit Fisch \u2013 , 2006, 21,5x10x28 cm, Foto: Edi Baumann<\/p>\n<\/div><\/div><\/div><img decoding=\"async\" class='wp-image-11218 avia-img-lazy-loading-not-11218 avia_image ' src=\"https:\/\/www.galerie-metzger.de\/wp-content\/uploads\/2023\/03\/Beate-Kuhn-Katze-2006-215x10x28cm-galerie-metzger-sculpture-deutsche-studiio-keramik-690x460.jpg\" alt='Beate Kuhn - Katze - 2006 - 21,5x10x28 cm' title='Beate Kuhn - Katze - 2006 - 21,5x10x28 cm'  height=\"460\" width=\"690\" srcset=\"https:\/\/www.galerie-metzger.de\/wp-content\/uploads\/2023\/03\/Beate-Kuhn-Katze-2006-215x10x28cm-galerie-metzger-sculpture-deutsche-studiio-keramik-690x460.jpg 690w, https:\/\/www.galerie-metzger.de\/wp-content\/uploads\/2023\/03\/Beate-Kuhn-Katze-2006-215x10x28cm-galerie-metzger-sculpture-deutsche-studiio-keramik-1090x727.jpg 1090w, https:\/\/www.galerie-metzger.de\/wp-content\/uploads\/2023\/03\/Beate-Kuhn-Katze-2006-215x10x28cm-galerie-metzger-sculpture-deutsche-studiio-keramik-768x512.jpg 768w, https:\/\/www.galerie-metzger.de\/wp-content\/uploads\/2023\/03\/Beate-Kuhn-Katze-2006-215x10x28cm-galerie-metzger-sculpture-deutsche-studiio-keramik-1536x1024.jpg 1536w, https:\/\/www.galerie-metzger.de\/wp-content\/uploads\/2023\/03\/Beate-Kuhn-Katze-2006-215x10x28cm-galerie-metzger-sculpture-deutsche-studiio-keramik-2048x1365.jpg 2048w, https:\/\/www.galerie-metzger.de\/wp-content\/uploads\/2023\/03\/Beate-Kuhn-Katze-2006-215x10x28cm-galerie-metzger-sculpture-deutsche-studiio-keramik-1500x1000.jpg 1500w, https:\/\/www.galerie-metzger.de\/wp-content\/uploads\/2023\/03\/Beate-Kuhn-Katze-2006-215x10x28cm-galerie-metzger-sculpture-deutsche-studiio-keramik-705x470.jpg 705w\" sizes=\"(max-width: 690px) 100vw, 690px\" \/><\/a><\/div><\/div><\/div><br \/>\n<section  class='av_textblock_section av-levjkwof-ee0d01383ed84cd23aca28608f40e92f' ><div class='avia_textblock jo_werk_anfrage lang' ><p><a class=\"anfrage\" href=\"mailto:info@galerie-metzger.de?subject=Beate%20Kuhn%20laufende Katze mit Fisch \">Anfrage zum Werk<\/a><\/p>\n<\/div><\/section><\/p><\/div><div class='av-flex-placeholder'><\/div>\n<style type=\"text\/css\" data-created_by=\"avia_inline_auto\" id=\"style-css-av-28ts1fx-3cf3126b579e4824d3c5bea8fae25ab2\">\n.flex_column.av-28ts1fx-3cf3126b579e4824d3c5bea8fae25ab2{\n-webkit-border-radius:0px 0px 0px 0px;\n-moz-border-radius:0px 0px 0px 0px;\nborder-radius:0px 0px 0px 0px;\n}\n<\/style>\n<div class='flex_column av-28ts1fx-3cf3126b579e4824d3c5bea8fae25ab2 av_one_third  avia-builder-el-101  el_after_av_one_third  el_before_av_one_third  jo_pf_bild_bg flex_column_table_cell av-equal-height-column av-align-middle av-animated-generic fade-in av-zero-column-padding column-top-margin'     ><p>\n<style type=\"text\/css\" data-created_by=\"avia_inline_auto\" id=\"style-css-av-lezx684b-1dca5c5a783616f489b39020c21a0b98\">\n.avia-image-container.av-lezx684b-1dca5c5a783616f489b39020c21a0b98 img.avia_image{\nbox-shadow:none;\n}\n.avia-image-container.av-lezx684b-1dca5c5a783616f489b39020c21a0b98 .av-caption-image-overlay-bg{\nopacity:0.4;\n}\n<\/style>\n<div  class='avia-image-container av-lezx684b-1dca5c5a783616f489b39020c21a0b98 av-styling-no-styling avia_animated_image av-animated-when-visible-95 fade-in avia-align-left  avia-builder-el-102  el_before_av_textblock  avia-builder-el-first  jo_pf_bild noHover av-overlay-hover-deactivate'  ><div class=\"avia-image-container-inner\"><div class=\"avia-image-overlay-wrap\"><a href=\"https:\/\/www.galerie-metzger.de\/wp-content\/uploads\/2023\/03\/Beate-Kuhn-Katze-2006-215x10x28cm-galerie-metzger-gallery-keramik-kunst-1090x1090.jpg\" data-srcset=\"https:\/\/www.galerie-metzger.de\/wp-content\/uploads\/2023\/03\/Beate-Kuhn-Katze-2006-215x10x28cm-galerie-metzger-gallery-keramik-kunst-1090x1090.jpg 1090w, https:\/\/www.galerie-metzger.de\/wp-content\/uploads\/2023\/03\/Beate-Kuhn-Katze-2006-215x10x28cm-galerie-metzger-gallery-keramik-kunst-690x690.jpg 690w, https:\/\/www.galerie-metzger.de\/wp-content\/uploads\/2023\/03\/Beate-Kuhn-Katze-2006-215x10x28cm-galerie-metzger-gallery-keramik-kunst-80x80.jpg 80w, https:\/\/www.galerie-metzger.de\/wp-content\/uploads\/2023\/03\/Beate-Kuhn-Katze-2006-215x10x28cm-galerie-metzger-gallery-keramik-kunst-768x768.jpg 768w, https:\/\/www.galerie-metzger.de\/wp-content\/uploads\/2023\/03\/Beate-Kuhn-Katze-2006-215x10x28cm-galerie-metzger-gallery-keramik-kunst-1536x1536.jpg 1536w, https:\/\/www.galerie-metzger.de\/wp-content\/uploads\/2023\/03\/Beate-Kuhn-Katze-2006-215x10x28cm-galerie-metzger-gallery-keramik-kunst-2048x2048.jpg 2048w, https:\/\/www.galerie-metzger.de\/wp-content\/uploads\/2023\/03\/Beate-Kuhn-Katze-2006-215x10x28cm-galerie-metzger-gallery-keramik-kunst-36x36.jpg 36w, https:\/\/www.galerie-metzger.de\/wp-content\/uploads\/2023\/03\/Beate-Kuhn-Katze-2006-215x10x28cm-galerie-metzger-gallery-keramik-kunst-180x180.jpg 180w, https:\/\/www.galerie-metzger.de\/wp-content\/uploads\/2023\/03\/Beate-Kuhn-Katze-2006-215x10x28cm-galerie-metzger-gallery-keramik-kunst-1500x1500.jpg 1500w, https:\/\/www.galerie-metzger.de\/wp-content\/uploads\/2023\/03\/Beate-Kuhn-Katze-2006-215x10x28cm-galerie-metzger-gallery-keramik-kunst-705x705.jpg 705w\" data-sizes=\"(max-width: 1030px) 100vw, 1030px\" class='avia_image' ><div class=\"av-image-caption-overlay\"><div class=\"av-caption-image-overlay-bg\"><\/div><div class=\"av-image-caption-overlay-position\"><div class=\"av-image-caption-overlay-center\"><p>Beate Kuhn \u2013 laufende Katze mit Fisch \u2013 , 2006, 21,5x10x28 cm, Foto: Edi Baumann<\/p>\n<\/div><\/div><\/div><img decoding=\"async\" class='wp-image-11214 avia-img-lazy-loading-not-11214 avia_image ' src=\"https:\/\/www.galerie-metzger.de\/wp-content\/uploads\/2023\/03\/Beate-Kuhn-Katze-2006-215x10x28cm-galerie-metzger-gallery-keramik-kunst-690x690.jpg\" alt='Beate Kuhn - Katze - 2006 - 21,5x10x28 cm' title='Beate Kuhn - Katze - 2006 - 21,5x10x28 cm'  height=\"690\" width=\"690\" srcset=\"https:\/\/www.galerie-metzger.de\/wp-content\/uploads\/2023\/03\/Beate-Kuhn-Katze-2006-215x10x28cm-galerie-metzger-gallery-keramik-kunst-690x690.jpg 690w, https:\/\/www.galerie-metzger.de\/wp-content\/uploads\/2023\/03\/Beate-Kuhn-Katze-2006-215x10x28cm-galerie-metzger-gallery-keramik-kunst-1090x1090.jpg 1090w, https:\/\/www.galerie-metzger.de\/wp-content\/uploads\/2023\/03\/Beate-Kuhn-Katze-2006-215x10x28cm-galerie-metzger-gallery-keramik-kunst-80x80.jpg 80w, https:\/\/www.galerie-metzger.de\/wp-content\/uploads\/2023\/03\/Beate-Kuhn-Katze-2006-215x10x28cm-galerie-metzger-gallery-keramik-kunst-768x768.jpg 768w, https:\/\/www.galerie-metzger.de\/wp-content\/uploads\/2023\/03\/Beate-Kuhn-Katze-2006-215x10x28cm-galerie-metzger-gallery-keramik-kunst-1536x1536.jpg 1536w, https:\/\/www.galerie-metzger.de\/wp-content\/uploads\/2023\/03\/Beate-Kuhn-Katze-2006-215x10x28cm-galerie-metzger-gallery-keramik-kunst-2048x2048.jpg 2048w, https:\/\/www.galerie-metzger.de\/wp-content\/uploads\/2023\/03\/Beate-Kuhn-Katze-2006-215x10x28cm-galerie-metzger-gallery-keramik-kunst-36x36.jpg 36w, https:\/\/www.galerie-metzger.de\/wp-content\/uploads\/2023\/03\/Beate-Kuhn-Katze-2006-215x10x28cm-galerie-metzger-gallery-keramik-kunst-180x180.jpg 180w, https:\/\/www.galerie-metzger.de\/wp-content\/uploads\/2023\/03\/Beate-Kuhn-Katze-2006-215x10x28cm-galerie-metzger-gallery-keramik-kunst-1500x1500.jpg 1500w, https:\/\/www.galerie-metzger.de\/wp-content\/uploads\/2023\/03\/Beate-Kuhn-Katze-2006-215x10x28cm-galerie-metzger-gallery-keramik-kunst-705x705.jpg 705w\" sizes=\"(max-width: 690px) 100vw, 690px\" \/><\/a><\/div><\/div><\/div><br \/>\n<section  class='av_textblock_section av-1o0may5-951b4ddb45220c5be235947e3f3389b7' ><div class='avia_textblock jo_werk_anfrage lang' ><p><a class=\"anfrage\" href=\"mailto:info@galerie-metzger.de?subject=Beate%20Kuhn%20laufende Katze mit Fisch \">Anfrage zum Werk<\/a><\/p>\n<\/div><\/section><\/p><\/div><div class='av-flex-placeholder'><\/div>\n<style type=\"text\/css\" data-created_by=\"avia_inline_auto\" id=\"style-css-av-1210d0t-89d19bc68ad1cb6b959bdfdddaff89b3\">\n.flex_column.av-1210d0t-89d19bc68ad1cb6b959bdfdddaff89b3{\n-webkit-border-radius:0px 0px 0px 0px;\n-moz-border-radius:0px 0px 0px 0px;\nborder-radius:0px 0px 0px 0px;\n}\n<\/style>\n<div class='flex_column av-1210d0t-89d19bc68ad1cb6b959bdfdddaff89b3 av_one_third  avia-builder-el-104  el_after_av_one_third  el_before_av_one_full  jo_pf_bild_bg flex_column_table_cell av-equal-height-column av-align-middle av-animated-generic fade-in av-zero-column-padding column-top-margin'     ><p>\n<style type=\"text\/css\" data-created_by=\"avia_inline_auto\" id=\"style-css-av-lezx5o9v-2a5bf0d5f78ae740f46a5e90d8723604\">\n.avia-image-container.av-lezx5o9v-2a5bf0d5f78ae740f46a5e90d8723604 img.avia_image{\nbox-shadow:none;\n}\n.avia-image-container.av-lezx5o9v-2a5bf0d5f78ae740f46a5e90d8723604 .av-caption-image-overlay-bg{\nopacity:0.4;\n}\n<\/style>\n<div  class='avia-image-container av-lezx5o9v-2a5bf0d5f78ae740f46a5e90d8723604 av-styling-no-styling avia_animated_image av-animated-when-visible-95 fade-in avia-align-left  avia-builder-el-105  el_before_av_textblock  avia-builder-el-first  jo_pf_bild noHover av-overlay-hover-deactivate'  ><div class=\"avia-image-container-inner\"><div class=\"avia-image-overlay-wrap\"><a href=\"https:\/\/www.galerie-metzger.de\/wp-content\/uploads\/2023\/03\/Beate-Kuhn-Katze-2006-215x10x28cm-galerie-metzger-sculpture-buy-ceramic-1090x727.jpg\" data-srcset=\"https:\/\/www.galerie-metzger.de\/wp-content\/uploads\/2023\/03\/Beate-Kuhn-Katze-2006-215x10x28cm-galerie-metzger-sculpture-buy-ceramic-1090x727.jpg 1090w, https:\/\/www.galerie-metzger.de\/wp-content\/uploads\/2023\/03\/Beate-Kuhn-Katze-2006-215x10x28cm-galerie-metzger-sculpture-buy-ceramic-690x460.jpg 690w, https:\/\/www.galerie-metzger.de\/wp-content\/uploads\/2023\/03\/Beate-Kuhn-Katze-2006-215x10x28cm-galerie-metzger-sculpture-buy-ceramic-768x512.jpg 768w, https:\/\/www.galerie-metzger.de\/wp-content\/uploads\/2023\/03\/Beate-Kuhn-Katze-2006-215x10x28cm-galerie-metzger-sculpture-buy-ceramic-1536x1024.jpg 1536w, https:\/\/www.galerie-metzger.de\/wp-content\/uploads\/2023\/03\/Beate-Kuhn-Katze-2006-215x10x28cm-galerie-metzger-sculpture-buy-ceramic-2048x1365.jpg 2048w, https:\/\/www.galerie-metzger.de\/wp-content\/uploads\/2023\/03\/Beate-Kuhn-Katze-2006-215x10x28cm-galerie-metzger-sculpture-buy-ceramic-1500x1000.jpg 1500w, https:\/\/www.galerie-metzger.de\/wp-content\/uploads\/2023\/03\/Beate-Kuhn-Katze-2006-215x10x28cm-galerie-metzger-sculpture-buy-ceramic-705x470.jpg 705w\" data-sizes=\"(max-width: 1030px) 100vw, 1030px\" class='avia_image' ><div class=\"av-image-caption-overlay\"><div class=\"av-caption-image-overlay-bg\"><\/div><div class=\"av-image-caption-overlay-position\"><div class=\"av-image-caption-overlay-center\"><p>Beate Kuhn \u2013 laufende Katze mit Fisch \u2013 , 2006, 21,5x10x28 cm, Foto: Edi Baumann<\/p>\n<\/div><\/div><\/div><img decoding=\"async\" class='wp-image-11216 avia-img-lazy-loading-not-11216 avia_image ' src=\"https:\/\/www.galerie-metzger.de\/wp-content\/uploads\/2023\/03\/Beate-Kuhn-Katze-2006-215x10x28cm-galerie-metzger-sculpture-buy-ceramic-690x460.jpg\" alt='Beate Kuhn - Katze - 2006 - 21,5x10x28 cm' title='Beate Kuhn - Katze - 2006 - 21,5x10x28 cm'  height=\"460\" width=\"690\" srcset=\"https:\/\/www.galerie-metzger.de\/wp-content\/uploads\/2023\/03\/Beate-Kuhn-Katze-2006-215x10x28cm-galerie-metzger-sculpture-buy-ceramic-690x460.jpg 690w, https:\/\/www.galerie-metzger.de\/wp-content\/uploads\/2023\/03\/Beate-Kuhn-Katze-2006-215x10x28cm-galerie-metzger-sculpture-buy-ceramic-1090x727.jpg 1090w, https:\/\/www.galerie-metzger.de\/wp-content\/uploads\/2023\/03\/Beate-Kuhn-Katze-2006-215x10x28cm-galerie-metzger-sculpture-buy-ceramic-768x512.jpg 768w, https:\/\/www.galerie-metzger.de\/wp-content\/uploads\/2023\/03\/Beate-Kuhn-Katze-2006-215x10x28cm-galerie-metzger-sculpture-buy-ceramic-1536x1024.jpg 1536w, https:\/\/www.galerie-metzger.de\/wp-content\/uploads\/2023\/03\/Beate-Kuhn-Katze-2006-215x10x28cm-galerie-metzger-sculpture-buy-ceramic-2048x1365.jpg 2048w, https:\/\/www.galerie-metzger.de\/wp-content\/uploads\/2023\/03\/Beate-Kuhn-Katze-2006-215x10x28cm-galerie-metzger-sculpture-buy-ceramic-1500x1000.jpg 1500w, https:\/\/www.galerie-metzger.de\/wp-content\/uploads\/2023\/03\/Beate-Kuhn-Katze-2006-215x10x28cm-galerie-metzger-sculpture-buy-ceramic-705x470.jpg 705w\" sizes=\"(max-width: 690px) 100vw, 690px\" \/><\/a><\/div><\/div><\/div><br \/>\n<section  class='av_textblock_section av-sqvwbx-30d7a9cd24e428715dfa01439a1724d3' ><div class='avia_textblock jo_werk_anfrage lang' ><p><a class=\"anfrage\" href=\"mailto:info@galerie-metzger.de?subject=Beate%20Kuhn%20laufende Katze mit Fisch \">Anfrage zum Werk<\/a><\/p>\n<\/div><\/section><\/p><\/div><\/div><!--close column table wrapper. Autoclose: 1 --><div class='flex_column_table av-2gsxvhb-252-6d8b3d2e74046e96673edb5252948823 sc-av_one_full av-equal-height-column-flextable'>\n<style type=\"text\/css\" data-created_by=\"avia_inline_auto\" id=\"style-css-av-2gsxvhb-252-6d8b3d2e74046e96673edb5252948823\">\n.flex_column.av-2gsxvhb-252-6d8b3d2e74046e96673edb5252948823{\n-webkit-border-radius:0px 0px 0px 0px;\n-moz-border-radius:0px 0px 0px 0px;\nborder-radius:0px 0px 0px 0px;\n}\n<\/style>\n<div class='flex_column av-2gsxvhb-252-6d8b3d2e74046e96673edb5252948823 av_one_full  avia-builder-el-107  el_after_av_one_third  el_before_av_one_third  jo_col_empty first flex_column_table_cell av-equal-height-column av-align-top av-animated-generic fade-in av-zero-column-padding column-top-margin'     ><section  class='av_textblock_section av-2ebrkhr-251-1db3ac53b820f058564209fb0898b030' ><div class='avia_textblock' ><p>invisible placeholder<\/p>\n<\/div><\/section><\/div><\/div><!--close column table wrapper. Autoclose: 1 --><div class='flex_column_table av-4x4iuod-b2399067d224417670c2d4086e0a811f sc-av_one_third av-equal-height-column-flextable'>\n<style type=\"text\/css\" data-created_by=\"avia_inline_auto\" id=\"style-css-av-4x4iuod-b2399067d224417670c2d4086e0a811f\">\n.flex_column.av-4x4iuod-b2399067d224417670c2d4086e0a811f{\n-webkit-border-radius:0px 0px 0px 0px;\n-moz-border-radius:0px 0px 0px 0px;\nborder-radius:0px 0px 0px 0px;\n}\n<\/style>\n<div class='flex_column av-4x4iuod-b2399067d224417670c2d4086e0a811f av_one_third  avia-builder-el-109  el_after_av_one_full  el_before_av_one_third  jo_pf_bild_bg first flex_column_table_cell av-equal-height-column av-align-middle av-animated-generic fade-in av-zero-column-padding column-top-margin'     ><p>\n<style type=\"text\/css\" data-created_by=\"avia_inline_auto\" id=\"style-css-av-4f18s19-0d98f5dfef08b04fc0f81000ecbd201c\">\n.avia-image-container.av-4f18s19-0d98f5dfef08b04fc0f81000ecbd201c img.avia_image{\nbox-shadow:none;\n}\n.avia-image-container.av-4f18s19-0d98f5dfef08b04fc0f81000ecbd201c .av-caption-image-overlay-bg{\nopacity:0.4;\n}\n<\/style>\n<div  class='avia-image-container av-4f18s19-0d98f5dfef08b04fc0f81000ecbd201c av-styling-no-styling avia_animated_image av-animated-when-visible-95 fade-in avia-align-left  avia-builder-el-110  el_before_av_textblock  avia-builder-el-first  jo_pf_bild noHover av-overlay-hover-deactivate'  ><div class=\"avia-image-container-inner\"><div class=\"avia-image-overlay-wrap\"><a href=\"https:\/\/www.galerie-metzger.de\/wp-content\/uploads\/2023\/03\/Beate-Kuhn-Affe-2012-11x8x12cm-galerie-metzger-ceramic-art-sculpture-1090x1090.jpg\" data-srcset=\"https:\/\/www.galerie-metzger.de\/wp-content\/uploads\/2023\/03\/Beate-Kuhn-Affe-2012-11x8x12cm-galerie-metzger-ceramic-art-sculpture-1090x1090.jpg 1090w, https:\/\/www.galerie-metzger.de\/wp-content\/uploads\/2023\/03\/Beate-Kuhn-Affe-2012-11x8x12cm-galerie-metzger-ceramic-art-sculpture-690x690.jpg 690w, https:\/\/www.galerie-metzger.de\/wp-content\/uploads\/2023\/03\/Beate-Kuhn-Affe-2012-11x8x12cm-galerie-metzger-ceramic-art-sculpture-80x80.jpg 80w, https:\/\/www.galerie-metzger.de\/wp-content\/uploads\/2023\/03\/Beate-Kuhn-Affe-2012-11x8x12cm-galerie-metzger-ceramic-art-sculpture-768x768.jpg 768w, https:\/\/www.galerie-metzger.de\/wp-content\/uploads\/2023\/03\/Beate-Kuhn-Affe-2012-11x8x12cm-galerie-metzger-ceramic-art-sculpture-1536x1536.jpg 1536w, https:\/\/www.galerie-metzger.de\/wp-content\/uploads\/2023\/03\/Beate-Kuhn-Affe-2012-11x8x12cm-galerie-metzger-ceramic-art-sculpture-2048x2048.jpg 2048w, https:\/\/www.galerie-metzger.de\/wp-content\/uploads\/2023\/03\/Beate-Kuhn-Affe-2012-11x8x12cm-galerie-metzger-ceramic-art-sculpture-36x36.jpg 36w, https:\/\/www.galerie-metzger.de\/wp-content\/uploads\/2023\/03\/Beate-Kuhn-Affe-2012-11x8x12cm-galerie-metzger-ceramic-art-sculpture-180x180.jpg 180w, https:\/\/www.galerie-metzger.de\/wp-content\/uploads\/2023\/03\/Beate-Kuhn-Affe-2012-11x8x12cm-galerie-metzger-ceramic-art-sculpture-1500x1500.jpg 1500w, https:\/\/www.galerie-metzger.de\/wp-content\/uploads\/2023\/03\/Beate-Kuhn-Affe-2012-11x8x12cm-galerie-metzger-ceramic-art-sculpture-705x705.jpg 705w\" data-sizes=\"(max-width: 1030px) 100vw, 1030px\" class='avia_image' ><div class=\"av-image-caption-overlay\"><div class=\"av-caption-image-overlay-bg\"><\/div><div class=\"av-image-caption-overlay-position\"><div class=\"av-image-caption-overlay-center\"><p>Beate Kuhn \u2013 Affe \u2013 , 11x8x12 cm, Foto: Edi Baumann<\/p>\n<\/div><\/div><\/div><img decoding=\"async\" class='wp-image-11210 avia-img-lazy-loading-not-11210 avia_image ' src=\"https:\/\/www.galerie-metzger.de\/wp-content\/uploads\/2023\/03\/Beate-Kuhn-Affe-2012-11x8x12cm-galerie-metzger-ceramic-art-sculpture-690x690.jpg\" alt='Beate Kuhn - Affe - 2012 - 11x8x12 cm' title='Beate Kuhn - Affe - 2012 - 11x8x12 cm'  height=\"690\" width=\"690\" srcset=\"https:\/\/www.galerie-metzger.de\/wp-content\/uploads\/2023\/03\/Beate-Kuhn-Affe-2012-11x8x12cm-galerie-metzger-ceramic-art-sculpture-690x690.jpg 690w, https:\/\/www.galerie-metzger.de\/wp-content\/uploads\/2023\/03\/Beate-Kuhn-Affe-2012-11x8x12cm-galerie-metzger-ceramic-art-sculpture-1090x1090.jpg 1090w, https:\/\/www.galerie-metzger.de\/wp-content\/uploads\/2023\/03\/Beate-Kuhn-Affe-2012-11x8x12cm-galerie-metzger-ceramic-art-sculpture-80x80.jpg 80w, https:\/\/www.galerie-metzger.de\/wp-content\/uploads\/2023\/03\/Beate-Kuhn-Affe-2012-11x8x12cm-galerie-metzger-ceramic-art-sculpture-768x768.jpg 768w, https:\/\/www.galerie-metzger.de\/wp-content\/uploads\/2023\/03\/Beate-Kuhn-Affe-2012-11x8x12cm-galerie-metzger-ceramic-art-sculpture-1536x1536.jpg 1536w, https:\/\/www.galerie-metzger.de\/wp-content\/uploads\/2023\/03\/Beate-Kuhn-Affe-2012-11x8x12cm-galerie-metzger-ceramic-art-sculpture-2048x2048.jpg 2048w, https:\/\/www.galerie-metzger.de\/wp-content\/uploads\/2023\/03\/Beate-Kuhn-Affe-2012-11x8x12cm-galerie-metzger-ceramic-art-sculpture-36x36.jpg 36w, https:\/\/www.galerie-metzger.de\/wp-content\/uploads\/2023\/03\/Beate-Kuhn-Affe-2012-11x8x12cm-galerie-metzger-ceramic-art-sculpture-180x180.jpg 180w, https:\/\/www.galerie-metzger.de\/wp-content\/uploads\/2023\/03\/Beate-Kuhn-Affe-2012-11x8x12cm-galerie-metzger-ceramic-art-sculpture-1500x1500.jpg 1500w, https:\/\/www.galerie-metzger.de\/wp-content\/uploads\/2023\/03\/Beate-Kuhn-Affe-2012-11x8x12cm-galerie-metzger-ceramic-art-sculpture-705x705.jpg 705w\" sizes=\"(max-width: 690px) 100vw, 690px\" \/><\/a><\/div><\/div><\/div><br \/>\n<section  class='av_textblock_section av-3s8p63x-5342ebf0533cbb2a7c90d79adbdbc625' ><div class='avia_textblock jo_werk_anfrage' ><p><a class=\"anfrage\" href=\"mailto:info@galerie-metzger.de?subject=Beate%20Kuhn%20Affe\">Anfrage zum Werk<\/a><\/p>\n<\/div><\/section><\/p><\/div><div class='av-flex-placeholder'><\/div>\n<style type=\"text\/css\" data-created_by=\"avia_inline_auto\" id=\"style-css-av-3i4kgj1-31f001c9aeeb8abd276527382712353a\">\n.flex_column.av-3i4kgj1-31f001c9aeeb8abd276527382712353a{\n-webkit-border-radius:0px 0px 0px 0px;\n-moz-border-radius:0px 0px 0px 0px;\nborder-radius:0px 0px 0px 0px;\n}\n<\/style>\n<div class='flex_column av-3i4kgj1-31f001c9aeeb8abd276527382712353a av_one_third  avia-builder-el-112  el_after_av_one_third  el_before_av_one_third  jo_pf_bild_bg flex_column_table_cell av-equal-height-column av-align-middle av-animated-generic fade-in av-zero-column-padding column-top-margin'     ><p>\n<style type=\"text\/css\" data-created_by=\"avia_inline_auto\" id=\"style-css-av-lezxpjxf-2b0ab785c0ed9dca06a2ac8f13050915\">\n.avia-image-container.av-lezxpjxf-2b0ab785c0ed9dca06a2ac8f13050915 img.avia_image{\nbox-shadow:none;\n}\n.avia-image-container.av-lezxpjxf-2b0ab785c0ed9dca06a2ac8f13050915 .av-caption-image-overlay-bg{\nopacity:0.4;\n}\n<\/style>\n<div  class='avia-image-container av-lezxpjxf-2b0ab785c0ed9dca06a2ac8f13050915 av-styling-no-styling avia_animated_image av-animated-when-visible-95 fade-in avia-align-left  avia-builder-el-113  el_before_av_textblock  avia-builder-el-first  jo_pf_bild noHover av-overlay-hover-deactivate'  ><div class=\"avia-image-container-inner\"><div class=\"avia-image-overlay-wrap\"><a href=\"https:\/\/www.galerie-metzger.de\/wp-content\/uploads\/2023\/03\/Beate-Kuhn-Affe-2012-11x8x12cm-galerie-metzger-gallery-studio-keramik-1090x1090.jpg\" data-srcset=\"https:\/\/www.galerie-metzger.de\/wp-content\/uploads\/2023\/03\/Beate-Kuhn-Affe-2012-11x8x12cm-galerie-metzger-gallery-studio-keramik-1090x1090.jpg 1090w, https:\/\/www.galerie-metzger.de\/wp-content\/uploads\/2023\/03\/Beate-Kuhn-Affe-2012-11x8x12cm-galerie-metzger-gallery-studio-keramik-690x690.jpg 690w, https:\/\/www.galerie-metzger.de\/wp-content\/uploads\/2023\/03\/Beate-Kuhn-Affe-2012-11x8x12cm-galerie-metzger-gallery-studio-keramik-80x80.jpg 80w, https:\/\/www.galerie-metzger.de\/wp-content\/uploads\/2023\/03\/Beate-Kuhn-Affe-2012-11x8x12cm-galerie-metzger-gallery-studio-keramik-768x768.jpg 768w, https:\/\/www.galerie-metzger.de\/wp-content\/uploads\/2023\/03\/Beate-Kuhn-Affe-2012-11x8x12cm-galerie-metzger-gallery-studio-keramik-1536x1536.jpg 1536w, https:\/\/www.galerie-metzger.de\/wp-content\/uploads\/2023\/03\/Beate-Kuhn-Affe-2012-11x8x12cm-galerie-metzger-gallery-studio-keramik-2048x2048.jpg 2048w, https:\/\/www.galerie-metzger.de\/wp-content\/uploads\/2023\/03\/Beate-Kuhn-Affe-2012-11x8x12cm-galerie-metzger-gallery-studio-keramik-36x36.jpg 36w, https:\/\/www.galerie-metzger.de\/wp-content\/uploads\/2023\/03\/Beate-Kuhn-Affe-2012-11x8x12cm-galerie-metzger-gallery-studio-keramik-180x180.jpg 180w, https:\/\/www.galerie-metzger.de\/wp-content\/uploads\/2023\/03\/Beate-Kuhn-Affe-2012-11x8x12cm-galerie-metzger-gallery-studio-keramik-1500x1500.jpg 1500w, https:\/\/www.galerie-metzger.de\/wp-content\/uploads\/2023\/03\/Beate-Kuhn-Affe-2012-11x8x12cm-galerie-metzger-gallery-studio-keramik-705x705.jpg 705w\" data-sizes=\"(max-width: 1030px) 100vw, 1030px\" class='avia_image' ><div class=\"av-image-caption-overlay\"><div class=\"av-caption-image-overlay-bg\"><\/div><div class=\"av-image-caption-overlay-position\"><div class=\"av-image-caption-overlay-center\"><p>Beate Kuhn \u2013 Affe \u2013 , 11x8x12 cm, Foto: Edi Baumann<\/p>\n<\/div><\/div><\/div><img decoding=\"async\" class='wp-image-11212 avia-img-lazy-loading-not-11212 avia_image ' src=\"https:\/\/www.galerie-metzger.de\/wp-content\/uploads\/2023\/03\/Beate-Kuhn-Affe-2012-11x8x12cm-galerie-metzger-gallery-studio-keramik-690x690.jpg\" alt='Beate Kuhn - Affe-2012 - 11x8x12 cm' title='Beate Kuhn - Affe-2012 - 11x8x12 cm'  height=\"690\" width=\"690\" srcset=\"https:\/\/www.galerie-metzger.de\/wp-content\/uploads\/2023\/03\/Beate-Kuhn-Affe-2012-11x8x12cm-galerie-metzger-gallery-studio-keramik-690x690.jpg 690w, https:\/\/www.galerie-metzger.de\/wp-content\/uploads\/2023\/03\/Beate-Kuhn-Affe-2012-11x8x12cm-galerie-metzger-gallery-studio-keramik-1090x1090.jpg 1090w, https:\/\/www.galerie-metzger.de\/wp-content\/uploads\/2023\/03\/Beate-Kuhn-Affe-2012-11x8x12cm-galerie-metzger-gallery-studio-keramik-80x80.jpg 80w, https:\/\/www.galerie-metzger.de\/wp-content\/uploads\/2023\/03\/Beate-Kuhn-Affe-2012-11x8x12cm-galerie-metzger-gallery-studio-keramik-768x768.jpg 768w, https:\/\/www.galerie-metzger.de\/wp-content\/uploads\/2023\/03\/Beate-Kuhn-Affe-2012-11x8x12cm-galerie-metzger-gallery-studio-keramik-1536x1536.jpg 1536w, https:\/\/www.galerie-metzger.de\/wp-content\/uploads\/2023\/03\/Beate-Kuhn-Affe-2012-11x8x12cm-galerie-metzger-gallery-studio-keramik-2048x2048.jpg 2048w, https:\/\/www.galerie-metzger.de\/wp-content\/uploads\/2023\/03\/Beate-Kuhn-Affe-2012-11x8x12cm-galerie-metzger-gallery-studio-keramik-36x36.jpg 36w, https:\/\/www.galerie-metzger.de\/wp-content\/uploads\/2023\/03\/Beate-Kuhn-Affe-2012-11x8x12cm-galerie-metzger-gallery-studio-keramik-180x180.jpg 180w, https:\/\/www.galerie-metzger.de\/wp-content\/uploads\/2023\/03\/Beate-Kuhn-Affe-2012-11x8x12cm-galerie-metzger-gallery-studio-keramik-1500x1500.jpg 1500w, https:\/\/www.galerie-metzger.de\/wp-content\/uploads\/2023\/03\/Beate-Kuhn-Affe-2012-11x8x12cm-galerie-metzger-gallery-studio-keramik-705x705.jpg 705w\" sizes=\"(max-width: 690px) 100vw, 690px\" \/><\/a><\/div><\/div><\/div><br \/>\n<section  class='av_textblock_section av-lezxq1hy-7847323b9b3b51b978f5bba839f63c34' ><div class='avia_textblock jo_werk_anfrage' ><p><a class=\"anfrage\" href=\"mailto:info@galerie-metzger.de?subject=Beate%20Kuhn%20Affe\">Anfrage zum Werk<\/a><\/p>\n<\/div><\/section><\/p><\/div><div class='av-flex-placeholder'><\/div>\n<style type=\"text\/css\" data-created_by=\"avia_inline_auto\" id=\"style-css-av-31d5mx9-08a544c332efc8ed8c8566ceaf443ebd\">\n.flex_column.av-31d5mx9-08a544c332efc8ed8c8566ceaf443ebd{\n-webkit-border-radius:0px 0px 0px 0px;\n-moz-border-radius:0px 0px 0px 0px;\nborder-radius:0px 0px 0px 0px;\n}\n<\/style>\n<div class='flex_column av-31d5mx9-08a544c332efc8ed8c8566ceaf443ebd av_one_third  avia-builder-el-115  el_after_av_one_third  el_before_av_one_full  jo_col_empty flex_column_table_cell av-equal-height-column av-align-middle av-animated-generic fade-in av-zero-column-padding column-top-margin'     ><section  class='av_textblock_section av-2iio1xp-36dfd714b49037a6a0066beb818b219e' ><div class='avia_textblock' ><p>invisible placeholder<\/p>\n<\/div><\/section><\/div><\/div><!--close column table wrapper. Autoclose: 1 --><div class='flex_column_table av-2gsxvhb-254-0da92ed12af546991d3827a4d8e0e143 sc-av_one_full av-equal-height-column-flextable'>\n<style type=\"text\/css\" data-created_by=\"avia_inline_auto\" id=\"style-css-av-2gsxvhb-254-0da92ed12af546991d3827a4d8e0e143\">\n.flex_column.av-2gsxvhb-254-0da92ed12af546991d3827a4d8e0e143{\n-webkit-border-radius:0px 0px 0px 0px;\n-moz-border-radius:0px 0px 0px 0px;\nborder-radius:0px 0px 0px 0px;\n}\n<\/style>\n<div class='flex_column av-2gsxvhb-254-0da92ed12af546991d3827a4d8e0e143 av_one_full  avia-builder-el-117  el_after_av_one_third  el_before_av_one_half  jo_col_empty first flex_column_table_cell av-equal-height-column av-align-top av-animated-generic fade-in av-zero-column-padding column-top-margin'     ><section  class='av_textblock_section av-2ebrkhr-253-7671143ca3b75a0e9576977d48c2e888' ><div class='avia_textblock' ><p>invisible placeholder<\/p>\n<\/div><\/section><\/div><\/div><!--close column table wrapper. Autoclose: 1 --><div class='flex_column_table av-3zfk99-b8e92f27e88a5bb2714a793f7ba842d5 sc-av_one_half av-equal-height-column-flextable'>\n<style type=\"text\/css\" data-created_by=\"avia_inline_auto\" id=\"style-css-av-3zfk99-b8e92f27e88a5bb2714a793f7ba842d5\">\n.flex_column.av-3zfk99-b8e92f27e88a5bb2714a793f7ba842d5{\n-webkit-border-radius:0px 0px 0px 0px;\n-moz-border-radius:0px 0px 0px 0px;\nborder-radius:0px 0px 0px 0px;\n}\n<\/style>\n<div class='flex_column av-3zfk99-b8e92f27e88a5bb2714a793f7ba842d5 av_one_half  avia-builder-el-119  el_after_av_one_full  el_before_av_one_half  jo_pf_bild_bg first flex_column_table_cell av-equal-height-column av-align-middle av-animated-generic fade-in av-zero-column-padding column-top-margin'     ><p>\n<style type=\"text\/css\" data-created_by=\"avia_inline_auto\" id=\"style-css-av-lezxj8fy-de8716160e4b8385297bf530bbcb392e\">\n.avia-image-container.av-lezxj8fy-de8716160e4b8385297bf530bbcb392e img.avia_image{\nbox-shadow:none;\n}\n.avia-image-container.av-lezxj8fy-de8716160e4b8385297bf530bbcb392e .av-caption-image-overlay-bg{\nopacity:0.4;\n}\n<\/style>\n<div  class='avia-image-container av-lezxj8fy-de8716160e4b8385297bf530bbcb392e av-styling-no-styling avia_animated_image av-animated-when-visible-95 fade-in avia-align-left  avia-builder-el-120  el_before_av_textblock  avia-builder-el-first  jo_pf_bild noHover av-overlay-hover-deactivate'  ><div class=\"avia-image-container-inner\"><div class=\"avia-image-overlay-wrap\"><a href=\"https:\/\/www.galerie-metzger.de\/wp-content\/uploads\/2023\/03\/Joerg-von-Manz-Teller-5x365cm-galerie-metzger-gallery-kunst-keramik-1090x1090.jpg\" data-srcset=\"https:\/\/www.galerie-metzger.de\/wp-content\/uploads\/2023\/03\/Joerg-von-Manz-Teller-5x365cm-galerie-metzger-gallery-kunst-keramik-1090x1090.jpg 1090w, https:\/\/www.galerie-metzger.de\/wp-content\/uploads\/2023\/03\/Joerg-von-Manz-Teller-5x365cm-galerie-metzger-gallery-kunst-keramik-690x690.jpg 690w, https:\/\/www.galerie-metzger.de\/wp-content\/uploads\/2023\/03\/Joerg-von-Manz-Teller-5x365cm-galerie-metzger-gallery-kunst-keramik-80x80.jpg 80w, https:\/\/www.galerie-metzger.de\/wp-content\/uploads\/2023\/03\/Joerg-von-Manz-Teller-5x365cm-galerie-metzger-gallery-kunst-keramik-768x768.jpg 768w, https:\/\/www.galerie-metzger.de\/wp-content\/uploads\/2023\/03\/Joerg-von-Manz-Teller-5x365cm-galerie-metzger-gallery-kunst-keramik-1536x1536.jpg 1536w, https:\/\/www.galerie-metzger.de\/wp-content\/uploads\/2023\/03\/Joerg-von-Manz-Teller-5x365cm-galerie-metzger-gallery-kunst-keramik-2048x2048.jpg 2048w, https:\/\/www.galerie-metzger.de\/wp-content\/uploads\/2023\/03\/Joerg-von-Manz-Teller-5x365cm-galerie-metzger-gallery-kunst-keramik-36x36.jpg 36w, https:\/\/www.galerie-metzger.de\/wp-content\/uploads\/2023\/03\/Joerg-von-Manz-Teller-5x365cm-galerie-metzger-gallery-kunst-keramik-180x180.jpg 180w, https:\/\/www.galerie-metzger.de\/wp-content\/uploads\/2023\/03\/Joerg-von-Manz-Teller-5x365cm-galerie-metzger-gallery-kunst-keramik-1500x1500.jpg 1500w, https:\/\/www.galerie-metzger.de\/wp-content\/uploads\/2023\/03\/Joerg-von-Manz-Teller-5x365cm-galerie-metzger-gallery-kunst-keramik-705x705.jpg 705w\" data-sizes=\"(max-width: 1030px) 100vw, 1030px\" class='avia_image' ><div class=\"av-image-caption-overlay\"><div class=\"av-caption-image-overlay-bg\"><\/div><div class=\"av-image-caption-overlay-position\"><div class=\"av-image-caption-overlay-center\"><p>J\u00f6rg von Manz \u2013 Teller \u2013 , 5&#215;36,5 cm, Foto: Edi Baumann<\/p>\n<\/div><\/div><\/div><img decoding=\"async\" class='wp-image-11302 avia-img-lazy-loading-not-11302 avia_image ' src=\"https:\/\/www.galerie-metzger.de\/wp-content\/uploads\/2023\/03\/Joerg-von-Manz-Teller-5x365cm-galerie-metzger-gallery-kunst-keramik-690x690.jpg\" alt='Joerg von Manz - Teller - 5x36,5 cm' title='Joerg von Manz - Teller - 5x36,5 cm'  height=\"690\" width=\"690\" srcset=\"https:\/\/www.galerie-metzger.de\/wp-content\/uploads\/2023\/03\/Joerg-von-Manz-Teller-5x365cm-galerie-metzger-gallery-kunst-keramik-690x690.jpg 690w, https:\/\/www.galerie-metzger.de\/wp-content\/uploads\/2023\/03\/Joerg-von-Manz-Teller-5x365cm-galerie-metzger-gallery-kunst-keramik-1090x1090.jpg 1090w, https:\/\/www.galerie-metzger.de\/wp-content\/uploads\/2023\/03\/Joerg-von-Manz-Teller-5x365cm-galerie-metzger-gallery-kunst-keramik-80x80.jpg 80w, https:\/\/www.galerie-metzger.de\/wp-content\/uploads\/2023\/03\/Joerg-von-Manz-Teller-5x365cm-galerie-metzger-gallery-kunst-keramik-768x768.jpg 768w, https:\/\/www.galerie-metzger.de\/wp-content\/uploads\/2023\/03\/Joerg-von-Manz-Teller-5x365cm-galerie-metzger-gallery-kunst-keramik-1536x1536.jpg 1536w, https:\/\/www.galerie-metzger.de\/wp-content\/uploads\/2023\/03\/Joerg-von-Manz-Teller-5x365cm-galerie-metzger-gallery-kunst-keramik-2048x2048.jpg 2048w, https:\/\/www.galerie-metzger.de\/wp-content\/uploads\/2023\/03\/Joerg-von-Manz-Teller-5x365cm-galerie-metzger-gallery-kunst-keramik-36x36.jpg 36w, https:\/\/www.galerie-metzger.de\/wp-content\/uploads\/2023\/03\/Joerg-von-Manz-Teller-5x365cm-galerie-metzger-gallery-kunst-keramik-180x180.jpg 180w, https:\/\/www.galerie-metzger.de\/wp-content\/uploads\/2023\/03\/Joerg-von-Manz-Teller-5x365cm-galerie-metzger-gallery-kunst-keramik-1500x1500.jpg 1500w, https:\/\/www.galerie-metzger.de\/wp-content\/uploads\/2023\/03\/Joerg-von-Manz-Teller-5x365cm-galerie-metzger-gallery-kunst-keramik-705x705.jpg 705w\" sizes=\"(max-width: 690px) 100vw, 690px\" \/><\/a><\/div><\/div><\/div><br \/>\n<section  class='av_textblock_section av-lezxk3zq-a0d4d1849f7a09948da699d79ee7816d' ><div class='avia_textblock jo_werk_anfrage' ><p><a class=\"anfrage\" href=\"mailto:info@galerie-metzger.de?subject=J\u00f6rg%20von Manz%20Teller\">Anfrage zum Werk<\/a><\/p>\n<\/div><\/section><\/p><\/div><div class='av-flex-placeholder'><\/div>\n<style type=\"text\/css\" data-created_by=\"avia_inline_auto\" id=\"style-css-av-tr0wr1-876bbeec44b92032e9c464417fff2b5a\">\n.flex_column.av-tr0wr1-876bbeec44b92032e9c464417fff2b5a{\n-webkit-border-radius:0px 0px 0px 0px;\n-moz-border-radius:0px 0px 0px 0px;\nborder-radius:0px 0px 0px 0px;\n}\n<\/style>\n<div class='flex_column av-tr0wr1-876bbeec44b92032e9c464417fff2b5a av_one_half  avia-builder-el-122  el_after_av_one_half  el_before_av_one_full  jo_pf_bild_bg flex_column_table_cell av-equal-height-column av-align-middle av-animated-generic fade-in av-zero-column-padding column-top-margin'     ><p>\n<style type=\"text\/css\" data-created_by=\"avia_inline_auto\" id=\"style-css-av-lezxl667-8f7585d967031edf3b3f6d9c0858cfb5\">\n.avia-image-container.av-lezxl667-8f7585d967031edf3b3f6d9c0858cfb5 img.avia_image{\nbox-shadow:none;\n}\n.avia-image-container.av-lezxl667-8f7585d967031edf3b3f6d9c0858cfb5 .av-caption-image-overlay-bg{\nopacity:0.4;\n}\n<\/style>\n<div  class='avia-image-container av-lezxl667-8f7585d967031edf3b3f6d9c0858cfb5 av-styling-no-styling avia_animated_image av-animated-when-visible-95 fade-in avia-align-left  avia-builder-el-123  el_before_av_textblock  avia-builder-el-first  jo_pf_bild noHover av-overlay-hover-deactivate'  ><div class=\"avia-image-container-inner\"><div class=\"avia-image-overlay-wrap\"><a href=\"https:\/\/www.galerie-metzger.de\/wp-content\/uploads\/2023\/03\/Joerg-von-Manz-Teller-4x36cm-galerie-metzger-keramikkunst-1090x1090.jpg\" data-srcset=\"https:\/\/www.galerie-metzger.de\/wp-content\/uploads\/2023\/03\/Joerg-von-Manz-Teller-4x36cm-galerie-metzger-keramikkunst-1090x1090.jpg 1090w, https:\/\/www.galerie-metzger.de\/wp-content\/uploads\/2023\/03\/Joerg-von-Manz-Teller-4x36cm-galerie-metzger-keramikkunst-690x690.jpg 690w, https:\/\/www.galerie-metzger.de\/wp-content\/uploads\/2023\/03\/Joerg-von-Manz-Teller-4x36cm-galerie-metzger-keramikkunst-80x80.jpg 80w, https:\/\/www.galerie-metzger.de\/wp-content\/uploads\/2023\/03\/Joerg-von-Manz-Teller-4x36cm-galerie-metzger-keramikkunst-768x768.jpg 768w, https:\/\/www.galerie-metzger.de\/wp-content\/uploads\/2023\/03\/Joerg-von-Manz-Teller-4x36cm-galerie-metzger-keramikkunst-1536x1536.jpg 1536w, https:\/\/www.galerie-metzger.de\/wp-content\/uploads\/2023\/03\/Joerg-von-Manz-Teller-4x36cm-galerie-metzger-keramikkunst-2048x2048.jpg 2048w, https:\/\/www.galerie-metzger.de\/wp-content\/uploads\/2023\/03\/Joerg-von-Manz-Teller-4x36cm-galerie-metzger-keramikkunst-36x36.jpg 36w, https:\/\/www.galerie-metzger.de\/wp-content\/uploads\/2023\/03\/Joerg-von-Manz-Teller-4x36cm-galerie-metzger-keramikkunst-180x180.jpg 180w, https:\/\/www.galerie-metzger.de\/wp-content\/uploads\/2023\/03\/Joerg-von-Manz-Teller-4x36cm-galerie-metzger-keramikkunst-1500x1500.jpg 1500w, https:\/\/www.galerie-metzger.de\/wp-content\/uploads\/2023\/03\/Joerg-von-Manz-Teller-4x36cm-galerie-metzger-keramikkunst-705x705.jpg 705w\" data-sizes=\"(max-width: 1030px) 100vw, 1030px\" class='avia_image' ><div class=\"av-image-caption-overlay\"><div class=\"av-caption-image-overlay-bg\"><\/div><div class=\"av-image-caption-overlay-position\"><div class=\"av-image-caption-overlay-center\"><p>J\u00f6rg von Manz \u2013 Teller \u2013 , 4&#215;36 cm, Foto: Edi Baumann<\/p>\n<\/div><\/div><\/div><img decoding=\"async\" class='wp-image-11300 avia-img-lazy-loading-not-11300 avia_image ' src=\"https:\/\/www.galerie-metzger.de\/wp-content\/uploads\/2023\/03\/Joerg-von-Manz-Teller-4x36cm-galerie-metzger-keramikkunst-690x690.jpg\" alt='Joerg von Manz - Teller - 4x36 cm' title='Joerg von Manz - Teller - 4x36 cm'  height=\"690\" width=\"690\" srcset=\"https:\/\/www.galerie-metzger.de\/wp-content\/uploads\/2023\/03\/Joerg-von-Manz-Teller-4x36cm-galerie-metzger-keramikkunst-690x690.jpg 690w, https:\/\/www.galerie-metzger.de\/wp-content\/uploads\/2023\/03\/Joerg-von-Manz-Teller-4x36cm-galerie-metzger-keramikkunst-1090x1090.jpg 1090w, https:\/\/www.galerie-metzger.de\/wp-content\/uploads\/2023\/03\/Joerg-von-Manz-Teller-4x36cm-galerie-metzger-keramikkunst-80x80.jpg 80w, https:\/\/www.galerie-metzger.de\/wp-content\/uploads\/2023\/03\/Joerg-von-Manz-Teller-4x36cm-galerie-metzger-keramikkunst-768x768.jpg 768w, https:\/\/www.galerie-metzger.de\/wp-content\/uploads\/2023\/03\/Joerg-von-Manz-Teller-4x36cm-galerie-metzger-keramikkunst-1536x1536.jpg 1536w, https:\/\/www.galerie-metzger.de\/wp-content\/uploads\/2023\/03\/Joerg-von-Manz-Teller-4x36cm-galerie-metzger-keramikkunst-2048x2048.jpg 2048w, https:\/\/www.galerie-metzger.de\/wp-content\/uploads\/2023\/03\/Joerg-von-Manz-Teller-4x36cm-galerie-metzger-keramikkunst-36x36.jpg 36w, https:\/\/www.galerie-metzger.de\/wp-content\/uploads\/2023\/03\/Joerg-von-Manz-Teller-4x36cm-galerie-metzger-keramikkunst-180x180.jpg 180w, https:\/\/www.galerie-metzger.de\/wp-content\/uploads\/2023\/03\/Joerg-von-Manz-Teller-4x36cm-galerie-metzger-keramikkunst-1500x1500.jpg 1500w, https:\/\/www.galerie-metzger.de\/wp-content\/uploads\/2023\/03\/Joerg-von-Manz-Teller-4x36cm-galerie-metzger-keramikkunst-705x705.jpg 705w\" sizes=\"(max-width: 690px) 100vw, 690px\" \/><\/a><\/div><\/div><\/div><br \/>\n<section  class='av_textblock_section av-lezxliok-7794ff7094b697b7e78ef0c4149912f4' ><div class='avia_textblock jo_werk_anfrage' ><p><a class=\"anfrage\" href=\"mailto:info@galerie-metzger.de?subject=J\u00f6rg%20von Manz%20Teller\">Anfrage zum Werk<\/a><\/p>\n<\/div><\/section><\/p><\/div><\/div><!--close column table wrapper. Autoclose: 1 --><div class='flex_column_table av-2gsxvhb-250-4d2d2ca46bba499ac93813ff89d5956c sc-av_one_full av-equal-height-column-flextable'>\n<style type=\"text\/css\" data-created_by=\"avia_inline_auto\" id=\"style-css-av-2gsxvhb-250-4d2d2ca46bba499ac93813ff89d5956c\">\n.flex_column.av-2gsxvhb-250-4d2d2ca46bba499ac93813ff89d5956c{\n-webkit-border-radius:0px 0px 0px 0px;\n-moz-border-radius:0px 0px 0px 0px;\nborder-radius:0px 0px 0px 0px;\n}\n<\/style>\n<div class='flex_column av-2gsxvhb-250-4d2d2ca46bba499ac93813ff89d5956c av_one_full  avia-builder-el-125  el_after_av_one_half  el_before_av_one_third  jo_col_empty first flex_column_table_cell av-equal-height-column av-align-top av-animated-generic fade-in av-zero-column-padding column-top-margin'     ><section  class='av_textblock_section av-2ebrkhr-249-ef60d832d0c926797a9fe0c9bcd8e1db' ><div class='avia_textblock' ><p>invisible placeholder<\/p>\n<\/div><\/section><\/div><\/div><!--close column table wrapper. Autoclose: 1 --><div class='flex_column_table av-264sizx-5bbd98c60641090597b430b44ce16399 sc-av_one_third av-equal-height-column-flextable'>\n<style type=\"text\/css\" data-created_by=\"avia_inline_auto\" id=\"style-css-av-264sizx-5bbd98c60641090597b430b44ce16399\">\n.flex_column.av-264sizx-5bbd98c60641090597b430b44ce16399{\n-webkit-border-radius:0px 0px 0px 0px;\n-moz-border-radius:0px 0px 0px 0px;\nborder-radius:0px 0px 0px 0px;\n}\n<\/style>\n<div class='flex_column av-264sizx-5bbd98c60641090597b430b44ce16399 av_one_third  avia-builder-el-127  el_after_av_one_full  el_before_av_one_third  jo_pf_bild_bg first flex_column_table_cell av-equal-height-column av-align-middle av-animated-generic fade-in av-zero-column-padding column-top-margin'     ><p>\n<style type=\"text\/css\" data-created_by=\"avia_inline_auto\" id=\"style-css-av-lezyojo0-945457f32608d0493b9ca702145baee8\">\n.avia-image-container.av-lezyojo0-945457f32608d0493b9ca702145baee8 img.avia_image{\nbox-shadow:none;\n}\n.avia-image-container.av-lezyojo0-945457f32608d0493b9ca702145baee8 .av-caption-image-overlay-bg{\nopacity:0.4;\n}\n<\/style>\n<div  class='avia-image-container av-lezyojo0-945457f32608d0493b9ca702145baee8 av-styling-no-styling avia_animated_image av-animated-when-visible-95 fade-in avia-align-left  avia-builder-el-128  el_before_av_textblock  avia-builder-el-first  jo_pf_bild noHover av-overlay-hover-deactivate'  ><div class=\"avia-image-container-inner\"><div class=\"avia-image-overlay-wrap\"><a href=\"https:\/\/www.galerie-metzger.de\/wp-content\/uploads\/2023\/03\/Joerg-von-Manz-Spardosen-galerie-metzger-gallery-ceramic-art-object-1090x727.jpg\" data-srcset=\"https:\/\/www.galerie-metzger.de\/wp-content\/uploads\/2023\/03\/Joerg-von-Manz-Spardosen-galerie-metzger-gallery-ceramic-art-object-1090x727.jpg 1090w, https:\/\/www.galerie-metzger.de\/wp-content\/uploads\/2023\/03\/Joerg-von-Manz-Spardosen-galerie-metzger-gallery-ceramic-art-object-690x460.jpg 690w, https:\/\/www.galerie-metzger.de\/wp-content\/uploads\/2023\/03\/Joerg-von-Manz-Spardosen-galerie-metzger-gallery-ceramic-art-object-768x512.jpg 768w, https:\/\/www.galerie-metzger.de\/wp-content\/uploads\/2023\/03\/Joerg-von-Manz-Spardosen-galerie-metzger-gallery-ceramic-art-object-1536x1024.jpg 1536w, https:\/\/www.galerie-metzger.de\/wp-content\/uploads\/2023\/03\/Joerg-von-Manz-Spardosen-galerie-metzger-gallery-ceramic-art-object-2048x1365.jpg 2048w, https:\/\/www.galerie-metzger.de\/wp-content\/uploads\/2023\/03\/Joerg-von-Manz-Spardosen-galerie-metzger-gallery-ceramic-art-object-1500x1000.jpg 1500w, https:\/\/www.galerie-metzger.de\/wp-content\/uploads\/2023\/03\/Joerg-von-Manz-Spardosen-galerie-metzger-gallery-ceramic-art-object-705x470.jpg 705w\" data-sizes=\"(max-width: 1030px) 100vw, 1030px\" class='avia_image' ><div class=\"av-image-caption-overlay\"><div class=\"av-caption-image-overlay-bg\"><\/div><div class=\"av-image-caption-overlay-position\"><div class=\"av-image-caption-overlay-center\"><p>J\u00f6rg von Manz \u2013 Spardosen \u2013 , Foto: Edi Baumann<\/p>\n<\/div><\/div><\/div><img decoding=\"async\" class='wp-image-11250 avia-img-lazy-loading-not-11250 avia_image ' src=\"https:\/\/www.galerie-metzger.de\/wp-content\/uploads\/2023\/03\/Joerg-von-Manz-Spardosen-galerie-metzger-gallery-ceramic-art-object-690x460.jpg\" alt='Joerg von Manz - Spardosen' title='Joerg von Manz - Spardosen'  height=\"460\" width=\"690\" srcset=\"https:\/\/www.galerie-metzger.de\/wp-content\/uploads\/2023\/03\/Joerg-von-Manz-Spardosen-galerie-metzger-gallery-ceramic-art-object-690x460.jpg 690w, https:\/\/www.galerie-metzger.de\/wp-content\/uploads\/2023\/03\/Joerg-von-Manz-Spardosen-galerie-metzger-gallery-ceramic-art-object-1090x727.jpg 1090w, https:\/\/www.galerie-metzger.de\/wp-content\/uploads\/2023\/03\/Joerg-von-Manz-Spardosen-galerie-metzger-gallery-ceramic-art-object-768x512.jpg 768w, https:\/\/www.galerie-metzger.de\/wp-content\/uploads\/2023\/03\/Joerg-von-Manz-Spardosen-galerie-metzger-gallery-ceramic-art-object-1536x1024.jpg 1536w, https:\/\/www.galerie-metzger.de\/wp-content\/uploads\/2023\/03\/Joerg-von-Manz-Spardosen-galerie-metzger-gallery-ceramic-art-object-2048x1365.jpg 2048w, https:\/\/www.galerie-metzger.de\/wp-content\/uploads\/2023\/03\/Joerg-von-Manz-Spardosen-galerie-metzger-gallery-ceramic-art-object-1500x1000.jpg 1500w, https:\/\/www.galerie-metzger.de\/wp-content\/uploads\/2023\/03\/Joerg-von-Manz-Spardosen-galerie-metzger-gallery-ceramic-art-object-705x470.jpg 705w\" sizes=\"(max-width: 690px) 100vw, 690px\" \/><\/a><\/div><\/div><\/div><br \/>\n<section  class='av_textblock_section av-lezyowqn-fff8d89b743674fe8563170327d4be32' ><div class='avia_textblock jo_werk_anfrage' ><p><a class=\"anfrage\" href=\"mailto:info@galerie-metzger.de?subject=J\u00f6rg%20von Manz%20Spardosen\">Anfrage zum Werk<\/a><\/p>\n<\/div><\/section><\/p><\/div><div class='av-flex-placeholder'><\/div>\n<style type=\"text\/css\" data-created_by=\"avia_inline_auto\" id=\"style-css-av-1kz8z4d-2ba9253d5737940a2629da7bda256881\">\n.flex_column.av-1kz8z4d-2ba9253d5737940a2629da7bda256881{\n-webkit-border-radius:0px 0px 0px 0px;\n-moz-border-radius:0px 0px 0px 0px;\nborder-radius:0px 0px 0px 0px;\n}\n<\/style>\n<div class='flex_column av-1kz8z4d-2ba9253d5737940a2629da7bda256881 av_one_third  avia-builder-el-130  el_after_av_one_third  el_before_av_one_third  jo_pf_bild_bg flex_column_table_cell av-equal-height-column av-align-middle av-animated-generic fade-in av-zero-column-padding column-top-margin'     ><p>\n<style type=\"text\/css\" data-created_by=\"avia_inline_auto\" id=\"style-css-av-lezyq5gx-aef1e416535b8e0db5d5db46dd9db342\">\n.avia-image-container.av-lezyq5gx-aef1e416535b8e0db5d5db46dd9db342 img.avia_image{\nbox-shadow:none;\n}\n.avia-image-container.av-lezyq5gx-aef1e416535b8e0db5d5db46dd9db342 .av-caption-image-overlay-bg{\nopacity:0.4;\n}\n<\/style>\n<div  class='avia-image-container av-lezyq5gx-aef1e416535b8e0db5d5db46dd9db342 av-styling-no-styling avia_animated_image av-animated-when-visible-95 fade-in avia-align-left  avia-builder-el-131  el_before_av_textblock  avia-builder-el-first  jo_pf_bild noHover av-overlay-hover-deactivate'  ><div class=\"avia-image-container-inner\"><div class=\"avia-image-overlay-wrap\"><a href=\"https:\/\/www.galerie-metzger.de\/wp-content\/uploads\/2023\/03\/Joerg-von-Manz-Spardose-135x8x13cm-galerie-metzger-gallery-aschaffenburg-keramik-kaufen-1090x1090.jpg\" data-srcset=\"https:\/\/www.galerie-metzger.de\/wp-content\/uploads\/2023\/03\/Joerg-von-Manz-Spardose-135x8x13cm-galerie-metzger-gallery-aschaffenburg-keramik-kaufen-1090x1090.jpg 1090w, https:\/\/www.galerie-metzger.de\/wp-content\/uploads\/2023\/03\/Joerg-von-Manz-Spardose-135x8x13cm-galerie-metzger-gallery-aschaffenburg-keramik-kaufen-690x690.jpg 690w, https:\/\/www.galerie-metzger.de\/wp-content\/uploads\/2023\/03\/Joerg-von-Manz-Spardose-135x8x13cm-galerie-metzger-gallery-aschaffenburg-keramik-kaufen-80x80.jpg 80w, https:\/\/www.galerie-metzger.de\/wp-content\/uploads\/2023\/03\/Joerg-von-Manz-Spardose-135x8x13cm-galerie-metzger-gallery-aschaffenburg-keramik-kaufen-768x768.jpg 768w, https:\/\/www.galerie-metzger.de\/wp-content\/uploads\/2023\/03\/Joerg-von-Manz-Spardose-135x8x13cm-galerie-metzger-gallery-aschaffenburg-keramik-kaufen-1536x1536.jpg 1536w, https:\/\/www.galerie-metzger.de\/wp-content\/uploads\/2023\/03\/Joerg-von-Manz-Spardose-135x8x13cm-galerie-metzger-gallery-aschaffenburg-keramik-kaufen-2048x2048.jpg 2048w, https:\/\/www.galerie-metzger.de\/wp-content\/uploads\/2023\/03\/Joerg-von-Manz-Spardose-135x8x13cm-galerie-metzger-gallery-aschaffenburg-keramik-kaufen-36x36.jpg 36w, https:\/\/www.galerie-metzger.de\/wp-content\/uploads\/2023\/03\/Joerg-von-Manz-Spardose-135x8x13cm-galerie-metzger-gallery-aschaffenburg-keramik-kaufen-180x180.jpg 180w, https:\/\/www.galerie-metzger.de\/wp-content\/uploads\/2023\/03\/Joerg-von-Manz-Spardose-135x8x13cm-galerie-metzger-gallery-aschaffenburg-keramik-kaufen-1500x1500.jpg 1500w, https:\/\/www.galerie-metzger.de\/wp-content\/uploads\/2023\/03\/Joerg-von-Manz-Spardose-135x8x13cm-galerie-metzger-gallery-aschaffenburg-keramik-kaufen-705x705.jpg 705w\" data-sizes=\"(max-width: 1030px) 100vw, 1030px\" class='avia_image' ><div class=\"av-image-caption-overlay\"><div class=\"av-caption-image-overlay-bg\"><\/div><div class=\"av-image-caption-overlay-position\"><div class=\"av-image-caption-overlay-center\"><p>J\u00f6rg von Manz \u2013 Spardose \u2013 , 13,5x8x13 cm, Foto: Edi Baumann<\/p>\n<\/div><\/div><\/div><img decoding=\"async\" class='wp-image-11246 avia-img-lazy-loading-not-11246 avia_image ' src=\"https:\/\/www.galerie-metzger.de\/wp-content\/uploads\/2023\/03\/Joerg-von-Manz-Spardose-135x8x13cm-galerie-metzger-gallery-aschaffenburg-keramik-kaufen-690x690.jpg\" alt='Joerg von Manz - Spardose - 13,5x8x13 cm' title='Joerg von Manz - Spardose - 13,5x8x13 cm'  height=\"690\" width=\"690\" srcset=\"https:\/\/www.galerie-metzger.de\/wp-content\/uploads\/2023\/03\/Joerg-von-Manz-Spardose-135x8x13cm-galerie-metzger-gallery-aschaffenburg-keramik-kaufen-690x690.jpg 690w, https:\/\/www.galerie-metzger.de\/wp-content\/uploads\/2023\/03\/Joerg-von-Manz-Spardose-135x8x13cm-galerie-metzger-gallery-aschaffenburg-keramik-kaufen-1090x1090.jpg 1090w, https:\/\/www.galerie-metzger.de\/wp-content\/uploads\/2023\/03\/Joerg-von-Manz-Spardose-135x8x13cm-galerie-metzger-gallery-aschaffenburg-keramik-kaufen-80x80.jpg 80w, https:\/\/www.galerie-metzger.de\/wp-content\/uploads\/2023\/03\/Joerg-von-Manz-Spardose-135x8x13cm-galerie-metzger-gallery-aschaffenburg-keramik-kaufen-768x768.jpg 768w, https:\/\/www.galerie-metzger.de\/wp-content\/uploads\/2023\/03\/Joerg-von-Manz-Spardose-135x8x13cm-galerie-metzger-gallery-aschaffenburg-keramik-kaufen-1536x1536.jpg 1536w, https:\/\/www.galerie-metzger.de\/wp-content\/uploads\/2023\/03\/Joerg-von-Manz-Spardose-135x8x13cm-galerie-metzger-gallery-aschaffenburg-keramik-kaufen-2048x2048.jpg 2048w, https:\/\/www.galerie-metzger.de\/wp-content\/uploads\/2023\/03\/Joerg-von-Manz-Spardose-135x8x13cm-galerie-metzger-gallery-aschaffenburg-keramik-kaufen-36x36.jpg 36w, https:\/\/www.galerie-metzger.de\/wp-content\/uploads\/2023\/03\/Joerg-von-Manz-Spardose-135x8x13cm-galerie-metzger-gallery-aschaffenburg-keramik-kaufen-180x180.jpg 180w, https:\/\/www.galerie-metzger.de\/wp-content\/uploads\/2023\/03\/Joerg-von-Manz-Spardose-135x8x13cm-galerie-metzger-gallery-aschaffenburg-keramik-kaufen-1500x1500.jpg 1500w, https:\/\/www.galerie-metzger.de\/wp-content\/uploads\/2023\/03\/Joerg-von-Manz-Spardose-135x8x13cm-galerie-metzger-gallery-aschaffenburg-keramik-kaufen-705x705.jpg 705w\" sizes=\"(max-width: 690px) 100vw, 690px\" \/><\/a><\/div><\/div><\/div><br \/>\n<section  class='av_textblock_section av-lezyqfk3-d62fcd27d5e789a9d1eaef6f65b0124a' ><div class='avia_textblock jo_werk_anfrage' ><p><a class=\"anfrage\" href=\"mailto:info@galerie-metzger.de?subject=J\u00f6rg%20von Manz%20Spardose\">Anfrage zum Werk<\/a><\/p>\n<\/div><\/section><\/p><\/div><div class='av-flex-placeholder'><\/div>\n<style type=\"text\/css\" data-created_by=\"avia_inline_auto\" id=\"style-css-av-1499ld9-35412f5b0d3a72809b1874cd4f476dca\">\n.flex_column.av-1499ld9-35412f5b0d3a72809b1874cd4f476dca{\n-webkit-border-radius:0px 0px 0px 0px;\n-moz-border-radius:0px 0px 0px 0px;\nborder-radius:0px 0px 0px 0px;\n}\n<\/style>\n<div class='flex_column av-1499ld9-35412f5b0d3a72809b1874cd4f476dca av_one_third  avia-builder-el-133  el_after_av_one_third  el_before_av_one_full  jo_pf_bild_bg flex_column_table_cell av-equal-height-column av-align-middle av-animated-generic fade-in av-zero-column-padding column-top-margin'     ><p>\n<style type=\"text\/css\" data-created_by=\"avia_inline_auto\" id=\"style-css-av-lezyrlyg-4a8d77c12a1c0a7b82a843eff4fd8663\">\n.avia-image-container.av-lezyrlyg-4a8d77c12a1c0a7b82a843eff4fd8663 img.avia_image{\nbox-shadow:none;\n}\n.avia-image-container.av-lezyrlyg-4a8d77c12a1c0a7b82a843eff4fd8663 .av-caption-image-overlay-bg{\nopacity:0.4;\n}\n<\/style>\n<div  class='avia-image-container av-lezyrlyg-4a8d77c12a1c0a7b82a843eff4fd8663 av-styling-no-styling avia_animated_image av-animated-when-visible-95 fade-in avia-align-left  avia-builder-el-134  el_before_av_textblock  avia-builder-el-first  jo_pf_bild noHover av-overlay-hover-deactivate'  ><div class=\"avia-image-container-inner\"><div class=\"avia-image-overlay-wrap\"><a href=\"https:\/\/www.galerie-metzger.de\/wp-content\/uploads\/2023\/03\/Joerg-von-Manz-Spardose-17x10x13cm-galerie-metzger-skulptur-buy-1090x727.jpg\" data-srcset=\"https:\/\/www.galerie-metzger.de\/wp-content\/uploads\/2023\/03\/Joerg-von-Manz-Spardose-17x10x13cm-galerie-metzger-skulptur-buy-1090x727.jpg 1090w, https:\/\/www.galerie-metzger.de\/wp-content\/uploads\/2023\/03\/Joerg-von-Manz-Spardose-17x10x13cm-galerie-metzger-skulptur-buy-690x460.jpg 690w, https:\/\/www.galerie-metzger.de\/wp-content\/uploads\/2023\/03\/Joerg-von-Manz-Spardose-17x10x13cm-galerie-metzger-skulptur-buy-768x512.jpg 768w, https:\/\/www.galerie-metzger.de\/wp-content\/uploads\/2023\/03\/Joerg-von-Manz-Spardose-17x10x13cm-galerie-metzger-skulptur-buy-1536x1024.jpg 1536w, https:\/\/www.galerie-metzger.de\/wp-content\/uploads\/2023\/03\/Joerg-von-Manz-Spardose-17x10x13cm-galerie-metzger-skulptur-buy-2048x1365.jpg 2048w, https:\/\/www.galerie-metzger.de\/wp-content\/uploads\/2023\/03\/Joerg-von-Manz-Spardose-17x10x13cm-galerie-metzger-skulptur-buy-1500x1000.jpg 1500w, https:\/\/www.galerie-metzger.de\/wp-content\/uploads\/2023\/03\/Joerg-von-Manz-Spardose-17x10x13cm-galerie-metzger-skulptur-buy-705x470.jpg 705w\" data-sizes=\"(max-width: 1030px) 100vw, 1030px\" class='avia_image' ><div class=\"av-image-caption-overlay\"><div class=\"av-caption-image-overlay-bg\"><\/div><div class=\"av-image-caption-overlay-position\"><div class=\"av-image-caption-overlay-center\"><p>J\u00f6rg von Manz \u2013 Spardose \u2013 , 17x10x13 cm, Foto: Edi Baumann<\/p>\n<\/div><\/div><\/div><img decoding=\"async\" class='wp-image-11248 avia-img-lazy-loading-not-11248 avia_image ' src=\"https:\/\/www.galerie-metzger.de\/wp-content\/uploads\/2023\/03\/Joerg-von-Manz-Spardose-17x10x13cm-galerie-metzger-skulptur-buy-690x460.jpg\" alt='Joerg von Manz - Spardose - 17x10x13 cm' title='Joerg von Manz - Spardose - 17x10x13 cm'  height=\"460\" width=\"690\" srcset=\"https:\/\/www.galerie-metzger.de\/wp-content\/uploads\/2023\/03\/Joerg-von-Manz-Spardose-17x10x13cm-galerie-metzger-skulptur-buy-690x460.jpg 690w, https:\/\/www.galerie-metzger.de\/wp-content\/uploads\/2023\/03\/Joerg-von-Manz-Spardose-17x10x13cm-galerie-metzger-skulptur-buy-1090x727.jpg 1090w, https:\/\/www.galerie-metzger.de\/wp-content\/uploads\/2023\/03\/Joerg-von-Manz-Spardose-17x10x13cm-galerie-metzger-skulptur-buy-768x512.jpg 768w, https:\/\/www.galerie-metzger.de\/wp-content\/uploads\/2023\/03\/Joerg-von-Manz-Spardose-17x10x13cm-galerie-metzger-skulptur-buy-1536x1024.jpg 1536w, https:\/\/www.galerie-metzger.de\/wp-content\/uploads\/2023\/03\/Joerg-von-Manz-Spardose-17x10x13cm-galerie-metzger-skulptur-buy-2048x1365.jpg 2048w, https:\/\/www.galerie-metzger.de\/wp-content\/uploads\/2023\/03\/Joerg-von-Manz-Spardose-17x10x13cm-galerie-metzger-skulptur-buy-1500x1000.jpg 1500w, https:\/\/www.galerie-metzger.de\/wp-content\/uploads\/2023\/03\/Joerg-von-Manz-Spardose-17x10x13cm-galerie-metzger-skulptur-buy-705x470.jpg 705w\" sizes=\"(max-width: 690px) 100vw, 690px\" \/><\/a><\/div><\/div><\/div><br \/>\n<section  class='av_textblock_section av-ulqvkd-2d2d631c17ec764cbc0026aabab3e8ca' ><div class='avia_textblock jo_werk_anfrage' ><p><a class=\"anfrage\" href=\"mailto:info@galerie-metzger.de?subject=J\u00f6rg%20von Manz%20Spardosen\">Anfrage zum Werk<\/a><\/p>\n<\/div><\/section><\/p><\/div><\/div><!--close column table wrapper. Autoclose: 1 --><div class='flex_column_table av-2gsxvhb-258-e1b0fd6ea0666ece58beb1880bf2b66c sc-av_one_full av-equal-height-column-flextable'>\n<style type=\"text\/css\" data-created_by=\"avia_inline_auto\" id=\"style-css-av-2gsxvhb-258-e1b0fd6ea0666ece58beb1880bf2b66c\">\n.flex_column.av-2gsxvhb-258-e1b0fd6ea0666ece58beb1880bf2b66c{\n-webkit-border-radius:0px 0px 0px 0px;\n-moz-border-radius:0px 0px 0px 0px;\nborder-radius:0px 0px 0px 0px;\n}\n<\/style>\n<div class='flex_column av-2gsxvhb-258-e1b0fd6ea0666ece58beb1880bf2b66c av_one_full  avia-builder-el-136  el_after_av_one_third  el_before_av_one_third  jo_col_empty first flex_column_table_cell av-equal-height-column av-align-top av-animated-generic fade-in av-zero-column-padding column-top-margin'     ><section  class='av_textblock_section av-2ebrkhr-257-3a034a54a95c86e1f8e3dc7f9f22028d' ><div class='avia_textblock' ><p>invisible placeholder<\/p>\n<\/div><\/section><\/div><\/div><!--close column table wrapper. Autoclose: 1 --><div class='flex_column_table av-5g61clp-7a7665d489d7c42b068db98ccc0512d4 sc-av_one_third av-equal-height-column-flextable'>\n<style type=\"text\/css\" data-created_by=\"avia_inline_auto\" id=\"style-css-av-5g61clp-7a7665d489d7c42b068db98ccc0512d4\">\n.flex_column.av-5g61clp-7a7665d489d7c42b068db98ccc0512d4{\n-webkit-border-radius:0px 0px 0px 0px;\n-moz-border-radius:0px 0px 0px 0px;\nborder-radius:0px 0px 0px 0px;\n}\n<\/style>\n<div class='flex_column av-5g61clp-7a7665d489d7c42b068db98ccc0512d4 av_one_third  avia-builder-el-138  el_after_av_one_full  el_before_av_one_third  jo_col_empty first flex_column_table_cell av-equal-height-column av-align-top av-animated-generic fade-in av-zero-column-padding column-top-margin'     ><section  class='av_textblock_section av-4xyvyj1-6387cc16eed08d00b57c13e2c1e9e60f' ><div class='avia_textblock' ><p>invisible placeholder<\/p>\n<\/div><\/section><\/div><div class='av-flex-placeholder'><\/div>\n<style type=\"text\/css\" data-created_by=\"avia_inline_auto\" id=\"style-css-av-fyayr1-dce15df006215b0bc42c9e78e625cc9b\">\n.flex_column.av-fyayr1-dce15df006215b0bc42c9e78e625cc9b{\n-webkit-border-radius:0px 0px 0px 0px;\n-moz-border-radius:0px 0px 0px 0px;\nborder-radius:0px 0px 0px 0px;\n}\n<\/style>\n<div class='flex_column av-fyayr1-dce15df006215b0bc42c9e78e625cc9b av_one_third  avia-builder-el-140  el_after_av_one_third  el_before_av_one_third  jo_pf_bild_bg flex_column_table_cell av-equal-height-column av-align-top av-animated-generic fade-in av-zero-column-padding column-top-margin'     ><p>\n<style type=\"text\/css\" data-created_by=\"avia_inline_auto\" id=\"style-css-av-lezz1ga1-8029390ba946bfaffe75bcd2c27d37ac\">\n.avia-image-container.av-lezz1ga1-8029390ba946bfaffe75bcd2c27d37ac img.avia_image{\nbox-shadow:none;\n}\n.avia-image-container.av-lezz1ga1-8029390ba946bfaffe75bcd2c27d37ac .av-caption-image-overlay-bg{\nopacity:0.4;\n}\n<\/style>\n<div  class='avia-image-container av-lezz1ga1-8029390ba946bfaffe75bcd2c27d37ac av-styling-no-styling avia_animated_image av-animated-when-visible-95 fade-in avia-align-left  avia-builder-el-141  el_before_av_textblock  avia-builder-el-first  jo_pf_bild noHover av-overlay-hover-deactivate'  ><div class=\"avia-image-container-inner\"><div class=\"avia-image-overlay-wrap\"><a href=\"https:\/\/www.galerie-metzger.de\/wp-content\/uploads\/2023\/03\/Joerg-von-Manz-Figuren-Detail-galerie-metzger-scalpture-art-angewandte-kunst-727x1090.jpg\" data-srcset=\"https:\/\/www.galerie-metzger.de\/wp-content\/uploads\/2023\/03\/Joerg-von-Manz-Figuren-Detail-galerie-metzger-scalpture-art-angewandte-kunst-727x1090.jpg 727w, https:\/\/www.galerie-metzger.de\/wp-content\/uploads\/2023\/03\/Joerg-von-Manz-Figuren-Detail-galerie-metzger-scalpture-art-angewandte-kunst-690x1035.jpg 690w, https:\/\/www.galerie-metzger.de\/wp-content\/uploads\/2023\/03\/Joerg-von-Manz-Figuren-Detail-galerie-metzger-scalpture-art-angewandte-kunst-768x1152.jpg 768w, https:\/\/www.galerie-metzger.de\/wp-content\/uploads\/2023\/03\/Joerg-von-Manz-Figuren-Detail-galerie-metzger-scalpture-art-angewandte-kunst-1024x1536.jpg 1024w, https:\/\/www.galerie-metzger.de\/wp-content\/uploads\/2023\/03\/Joerg-von-Manz-Figuren-Detail-galerie-metzger-scalpture-art-angewandte-kunst-1365x2048.jpg 1365w, https:\/\/www.galerie-metzger.de\/wp-content\/uploads\/2023\/03\/Joerg-von-Manz-Figuren-Detail-galerie-metzger-scalpture-art-angewandte-kunst-1000x1500.jpg 1000w, https:\/\/www.galerie-metzger.de\/wp-content\/uploads\/2023\/03\/Joerg-von-Manz-Figuren-Detail-galerie-metzger-scalpture-art-angewandte-kunst-470x705.jpg 470w, https:\/\/www.galerie-metzger.de\/wp-content\/uploads\/2023\/03\/Joerg-von-Manz-Figuren-Detail-galerie-metzger-scalpture-art-angewandte-kunst-scaled.jpg 1707w\" data-sizes=\"(max-width: 687px) 100vw, 687px\" class='avia_image' ><div class=\"av-image-caption-overlay\"><div class=\"av-caption-image-overlay-bg\"><\/div><div class=\"av-image-caption-overlay-position\"><div class=\"av-image-caption-overlay-center\"><p>J\u00f6rg von Manz \u2013 Gartenkugel, Detail \u2013 , 27x11x11 cm , Foto: Eduard Baumann<\/p>\n<\/div><\/div><\/div><img decoding=\"async\" class='wp-image-11238 avia-img-lazy-loading-not-11238 avia_image ' src=\"https:\/\/www.galerie-metzger.de\/wp-content\/uploads\/2023\/03\/Joerg-von-Manz-Figuren-Detail-galerie-metzger-scalpture-art-angewandte-kunst-690x1035.jpg\" alt='Joerg von Manz - Figuren Detail' title='Joerg von Manz - Figuren Detail'  height=\"1035\" width=\"690\" srcset=\"https:\/\/www.galerie-metzger.de\/wp-content\/uploads\/2023\/03\/Joerg-von-Manz-Figuren-Detail-galerie-metzger-scalpture-art-angewandte-kunst-690x1035.jpg 690w, https:\/\/www.galerie-metzger.de\/wp-content\/uploads\/2023\/03\/Joerg-von-Manz-Figuren-Detail-galerie-metzger-scalpture-art-angewandte-kunst-727x1090.jpg 727w, https:\/\/www.galerie-metzger.de\/wp-content\/uploads\/2023\/03\/Joerg-von-Manz-Figuren-Detail-galerie-metzger-scalpture-art-angewandte-kunst-768x1152.jpg 768w, https:\/\/www.galerie-metzger.de\/wp-content\/uploads\/2023\/03\/Joerg-von-Manz-Figuren-Detail-galerie-metzger-scalpture-art-angewandte-kunst-1024x1536.jpg 1024w, https:\/\/www.galerie-metzger.de\/wp-content\/uploads\/2023\/03\/Joerg-von-Manz-Figuren-Detail-galerie-metzger-scalpture-art-angewandte-kunst-1365x2048.jpg 1365w, https:\/\/www.galerie-metzger.de\/wp-content\/uploads\/2023\/03\/Joerg-von-Manz-Figuren-Detail-galerie-metzger-scalpture-art-angewandte-kunst-1000x1500.jpg 1000w, https:\/\/www.galerie-metzger.de\/wp-content\/uploads\/2023\/03\/Joerg-von-Manz-Figuren-Detail-galerie-metzger-scalpture-art-angewandte-kunst-470x705.jpg 470w, https:\/\/www.galerie-metzger.de\/wp-content\/uploads\/2023\/03\/Joerg-von-Manz-Figuren-Detail-galerie-metzger-scalpture-art-angewandte-kunst-scaled.jpg 1707w\" sizes=\"(max-width: 690px) 100vw, 690px\" \/><\/a><\/div><\/div><\/div><br \/>\n<section  class='av_textblock_section av-lezz6jze-4e4990629135e25b3505e13488f60e91' ><div class='avia_textblock jo_werk_anfrage' ><p><a class=\"anfrage\" href=\"mailto:info@galerie-metzger.de?subject=J\u00f6rg%20von Manz%20Gartenkugel%2027x11x11cm\">Anfrage zum Werk<\/a><\/p>\n<\/div><\/section><\/p><\/div><div class='av-flex-placeholder'><\/div>\n<style type=\"text\/css\" data-created_by=\"avia_inline_auto\" id=\"style-css-av-1m4kvoy5-5cb82268522af7282b468c94d9bebaba\">\n.flex_column.av-1m4kvoy5-5cb82268522af7282b468c94d9bebaba{\n-webkit-border-radius:0px 0px 0px 0px;\n-moz-border-radius:0px 0px 0px 0px;\nborder-radius:0px 0px 0px 0px;\n}\n<\/style>\n<div class='flex_column av-1m4kvoy5-5cb82268522af7282b468c94d9bebaba av_one_third  avia-builder-el-143  el_after_av_one_third  el_before_av_one_full  jo_pf_bild_bg flex_column_table_cell av-equal-height-column av-align-top av-animated-generic fade-in av-zero-column-padding column-top-margin'     ><p>\n<style type=\"text\/css\" data-created_by=\"avia_inline_auto\" id=\"style-css-av-1lrhzylp-9539e6f5d0a389473f73e2b424146492\">\n.avia-image-container.av-1lrhzylp-9539e6f5d0a389473f73e2b424146492 img.avia_image{\nbox-shadow:none;\n}\n.avia-image-container.av-1lrhzylp-9539e6f5d0a389473f73e2b424146492 .av-caption-image-overlay-bg{\nopacity:0.4;\n}\n<\/style>\n<div  class='avia-image-container av-1lrhzylp-9539e6f5d0a389473f73e2b424146492 av-styling-no-styling avia_animated_image av-animated-when-visible-95 fade-in avia-align-left  avia-builder-el-144  el_before_av_textblock  avia-builder-el-first  jo_pf_bild noHover av-overlay-hover-deactivate'  ><div class=\"avia-image-container-inner\"><div class=\"avia-image-overlay-wrap\"><a href=\"https:\/\/www.galerie-metzger.de\/wp-content\/uploads\/2023\/03\/Joerg-von-Manz-Figuren-Gartenkugel27x11x11cm-galerie-metzger-gallery-ceramic-art-object-727x1090.jpg\" data-srcset=\"https:\/\/www.galerie-metzger.de\/wp-content\/uploads\/2023\/03\/Joerg-von-Manz-Figuren-Gartenkugel27x11x11cm-galerie-metzger-gallery-ceramic-art-object-727x1090.jpg 727w, https:\/\/www.galerie-metzger.de\/wp-content\/uploads\/2023\/03\/Joerg-von-Manz-Figuren-Gartenkugel27x11x11cm-galerie-metzger-gallery-ceramic-art-object-690x1035.jpg 690w, https:\/\/www.galerie-metzger.de\/wp-content\/uploads\/2023\/03\/Joerg-von-Manz-Figuren-Gartenkugel27x11x11cm-galerie-metzger-gallery-ceramic-art-object-768x1152.jpg 768w, https:\/\/www.galerie-metzger.de\/wp-content\/uploads\/2023\/03\/Joerg-von-Manz-Figuren-Gartenkugel27x11x11cm-galerie-metzger-gallery-ceramic-art-object-1024x1536.jpg 1024w, https:\/\/www.galerie-metzger.de\/wp-content\/uploads\/2023\/03\/Joerg-von-Manz-Figuren-Gartenkugel27x11x11cm-galerie-metzger-gallery-ceramic-art-object-1365x2048.jpg 1365w, https:\/\/www.galerie-metzger.de\/wp-content\/uploads\/2023\/03\/Joerg-von-Manz-Figuren-Gartenkugel27x11x11cm-galerie-metzger-gallery-ceramic-art-object-1000x1500.jpg 1000w, https:\/\/www.galerie-metzger.de\/wp-content\/uploads\/2023\/03\/Joerg-von-Manz-Figuren-Gartenkugel27x11x11cm-galerie-metzger-gallery-ceramic-art-object-470x705.jpg 470w, https:\/\/www.galerie-metzger.de\/wp-content\/uploads\/2023\/03\/Joerg-von-Manz-Figuren-Gartenkugel27x11x11cm-galerie-metzger-gallery-ceramic-art-object-scaled.jpg 1707w\" data-sizes=\"(max-width: 687px) 100vw, 687px\" class='avia_image' ><div class=\"av-image-caption-overlay\"><div class=\"av-caption-image-overlay-bg\"><\/div><div class=\"av-image-caption-overlay-position\"><div class=\"av-image-caption-overlay-center\"><p>J\u00f6rg von Manz \u2013 Gartenkugel \u2013 , 27x11x11 cm , Foto: Eduard Baumann<\/p>\n<\/div><\/div><\/div><img decoding=\"async\" class='wp-image-11240 avia-img-lazy-loading-not-11240 avia_image ' src=\"https:\/\/www.galerie-metzger.de\/wp-content\/uploads\/2023\/03\/Joerg-von-Manz-Figuren-Gartenkugel27x11x11cm-galerie-metzger-gallery-ceramic-art-object-690x1035.jpg\" alt='Joerg von Manz - Figuren - Gartenkugel - 27x11x11 cm' title='Joerg von Manz - Figuren - Gartenkugel - 27x11x11 cm'  height=\"1035\" width=\"690\" srcset=\"https:\/\/www.galerie-metzger.de\/wp-content\/uploads\/2023\/03\/Joerg-von-Manz-Figuren-Gartenkugel27x11x11cm-galerie-metzger-gallery-ceramic-art-object-690x1035.jpg 690w, https:\/\/www.galerie-metzger.de\/wp-content\/uploads\/2023\/03\/Joerg-von-Manz-Figuren-Gartenkugel27x11x11cm-galerie-metzger-gallery-ceramic-art-object-727x1090.jpg 727w, https:\/\/www.galerie-metzger.de\/wp-content\/uploads\/2023\/03\/Joerg-von-Manz-Figuren-Gartenkugel27x11x11cm-galerie-metzger-gallery-ceramic-art-object-768x1152.jpg 768w, https:\/\/www.galerie-metzger.de\/wp-content\/uploads\/2023\/03\/Joerg-von-Manz-Figuren-Gartenkugel27x11x11cm-galerie-metzger-gallery-ceramic-art-object-1024x1536.jpg 1024w, https:\/\/www.galerie-metzger.de\/wp-content\/uploads\/2023\/03\/Joerg-von-Manz-Figuren-Gartenkugel27x11x11cm-galerie-metzger-gallery-ceramic-art-object-1365x2048.jpg 1365w, https:\/\/www.galerie-metzger.de\/wp-content\/uploads\/2023\/03\/Joerg-von-Manz-Figuren-Gartenkugel27x11x11cm-galerie-metzger-gallery-ceramic-art-object-1000x1500.jpg 1000w, https:\/\/www.galerie-metzger.de\/wp-content\/uploads\/2023\/03\/Joerg-von-Manz-Figuren-Gartenkugel27x11x11cm-galerie-metzger-gallery-ceramic-art-object-470x705.jpg 470w, https:\/\/www.galerie-metzger.de\/wp-content\/uploads\/2023\/03\/Joerg-von-Manz-Figuren-Gartenkugel27x11x11cm-galerie-metzger-gallery-ceramic-art-object-scaled.jpg 1707w\" sizes=\"(max-width: 690px) 100vw, 690px\" \/><\/a><\/div><\/div><\/div><br \/>\n<section  class='av_textblock_section av-5q7b6h9-edf99039163713b94c633e132b783f5d' ><div class='avia_textblock jo_werk_anfrage' ><p><a class=\"anfrage\" href=\"mailto:info@galerie-metzger.de?subject=J\u00f6rg%20von Manz%20Gartenkugel%2027x11x11cm\">Anfrage zum Werk<\/a><\/p>\n<\/div><\/section><\/p><\/div><\/div><!--close column table wrapper. Autoclose: 1 --><div class='flex_column_table av-2gsxvhb-243-115ee88b999565388c062e3125e67acb sc-av_one_full av-equal-height-column-flextable'>\n<style type=\"text\/css\" data-created_by=\"avia_inline_auto\" id=\"style-css-av-2gsxvhb-243-115ee88b999565388c062e3125e67acb\">\n.flex_column.av-2gsxvhb-243-115ee88b999565388c062e3125e67acb{\n-webkit-border-radius:0px 0px 0px 0px;\n-moz-border-radius:0px 0px 0px 0px;\nborder-radius:0px 0px 0px 0px;\n}\n<\/style>\n<div class='flex_column av-2gsxvhb-243-115ee88b999565388c062e3125e67acb av_one_full  avia-builder-el-146  el_after_av_one_third  el_before_av_one_third  jo_col_empty first flex_column_table_cell av-equal-height-column av-align-top av-animated-generic fade-in av-zero-column-padding column-top-margin'     ><section  class='av_textblock_section av-2ebrkhr-242-0d5f12175f138c424d8cf8641337786a' ><div class='avia_textblock' ><p>invisible placeholder<\/p>\n<\/div><\/section><\/div><\/div><!--close column table wrapper. Autoclose: 1 --><div class='flex_column_table av-40evg3x-0792db59ebc0851d10f7e48932b7bd13 sc-av_one_third av-equal-height-column-flextable'>\n<style type=\"text\/css\" data-created_by=\"avia_inline_auto\" id=\"style-css-av-40evg3x-0792db59ebc0851d10f7e48932b7bd13\">\n.flex_column.av-40evg3x-0792db59ebc0851d10f7e48932b7bd13{\n-webkit-border-radius:0px 0px 0px 0px;\n-moz-border-radius:0px 0px 0px 0px;\nborder-radius:0px 0px 0px 0px;\n}\n<\/style>\n<div class='flex_column av-40evg3x-0792db59ebc0851d10f7e48932b7bd13 av_one_third  avia-builder-el-148  el_after_av_one_full  el_before_av_one_third  jo_pf_bild_bg first flex_column_table_cell av-equal-height-column av-align-middle av-animated-generic fade-in av-zero-column-padding column-top-margin'     ><p>\n<style type=\"text\/css\" data-created_by=\"avia_inline_auto\" id=\"style-css-av-lezz7jah-ce9cc3831a76ba5e2fe9ffe183772a2d\">\n.avia-image-container.av-lezz7jah-ce9cc3831a76ba5e2fe9ffe183772a2d img.avia_image{\nbox-shadow:none;\n}\n.avia-image-container.av-lezz7jah-ce9cc3831a76ba5e2fe9ffe183772a2d .av-caption-image-overlay-bg{\nopacity:0.4;\n}\n<\/style>\n<div  class='avia-image-container av-lezz7jah-ce9cc3831a76ba5e2fe9ffe183772a2d av-styling-no-styling avia_animated_image av-animated-when-visible-95 fade-in avia-align-left  avia-builder-el-149  el_before_av_textblock  avia-builder-el-first  jo_pf_bild noHover av-overlay-hover-deactivate'  ><div class=\"avia-image-container-inner\"><div class=\"avia-image-overlay-wrap\"><a href=\"https:\/\/www.galerie-metzger.de\/wp-content\/uploads\/2023\/03\/Joerg-von-Manz-Dachreiter-425x18x44cm-galerie-metzger-gallery-angeandte-kunst-1090x727.jpg\" data-srcset=\"https:\/\/www.galerie-metzger.de\/wp-content\/uploads\/2023\/03\/Joerg-von-Manz-Dachreiter-425x18x44cm-galerie-metzger-gallery-angeandte-kunst-1090x727.jpg 1090w, https:\/\/www.galerie-metzger.de\/wp-content\/uploads\/2023\/03\/Joerg-von-Manz-Dachreiter-425x18x44cm-galerie-metzger-gallery-angeandte-kunst-690x460.jpg 690w, https:\/\/www.galerie-metzger.de\/wp-content\/uploads\/2023\/03\/Joerg-von-Manz-Dachreiter-425x18x44cm-galerie-metzger-gallery-angeandte-kunst-768x512.jpg 768w, https:\/\/www.galerie-metzger.de\/wp-content\/uploads\/2023\/03\/Joerg-von-Manz-Dachreiter-425x18x44cm-galerie-metzger-gallery-angeandte-kunst-1536x1024.jpg 1536w, https:\/\/www.galerie-metzger.de\/wp-content\/uploads\/2023\/03\/Joerg-von-Manz-Dachreiter-425x18x44cm-galerie-metzger-gallery-angeandte-kunst-2048x1365.jpg 2048w, https:\/\/www.galerie-metzger.de\/wp-content\/uploads\/2023\/03\/Joerg-von-Manz-Dachreiter-425x18x44cm-galerie-metzger-gallery-angeandte-kunst-1500x1000.jpg 1500w, https:\/\/www.galerie-metzger.de\/wp-content\/uploads\/2023\/03\/Joerg-von-Manz-Dachreiter-425x18x44cm-galerie-metzger-gallery-angeandte-kunst-705x470.jpg 705w\" data-sizes=\"(max-width: 1030px) 100vw, 1030px\" class='avia_image' ><div class=\"av-image-caption-overlay\"><div class=\"av-caption-image-overlay-bg\"><\/div><div class=\"av-image-caption-overlay-position\"><div class=\"av-image-caption-overlay-center\"><p>J\u00f6rg von Manz \u2013 Dachreiter \u2013 , 42,5x18x44 cm , Foto: Eduard Baumann<\/p>\n<\/div><\/div><\/div><img decoding=\"async\" class='wp-image-11272 avia-img-lazy-loading-not-11272 avia_image ' src=\"https:\/\/www.galerie-metzger.de\/wp-content\/uploads\/2023\/03\/Joerg-von-Manz-Dachreiter-425x18x44cm-galerie-metzger-gallery-angeandte-kunst-690x460.jpg\" alt='Joerg von Manz - Dachreiter - 42,5x18x44 cm' title='Joerg von Manz - Dachreiter - 42,5x18x44 cm'  height=\"460\" width=\"690\" srcset=\"https:\/\/www.galerie-metzger.de\/wp-content\/uploads\/2023\/03\/Joerg-von-Manz-Dachreiter-425x18x44cm-galerie-metzger-gallery-angeandte-kunst-690x460.jpg 690w, https:\/\/www.galerie-metzger.de\/wp-content\/uploads\/2023\/03\/Joerg-von-Manz-Dachreiter-425x18x44cm-galerie-metzger-gallery-angeandte-kunst-1090x727.jpg 1090w, https:\/\/www.galerie-metzger.de\/wp-content\/uploads\/2023\/03\/Joerg-von-Manz-Dachreiter-425x18x44cm-galerie-metzger-gallery-angeandte-kunst-768x512.jpg 768w, https:\/\/www.galerie-metzger.de\/wp-content\/uploads\/2023\/03\/Joerg-von-Manz-Dachreiter-425x18x44cm-galerie-metzger-gallery-angeandte-kunst-1536x1024.jpg 1536w, https:\/\/www.galerie-metzger.de\/wp-content\/uploads\/2023\/03\/Joerg-von-Manz-Dachreiter-425x18x44cm-galerie-metzger-gallery-angeandte-kunst-2048x1365.jpg 2048w, https:\/\/www.galerie-metzger.de\/wp-content\/uploads\/2023\/03\/Joerg-von-Manz-Dachreiter-425x18x44cm-galerie-metzger-gallery-angeandte-kunst-1500x1000.jpg 1500w, https:\/\/www.galerie-metzger.de\/wp-content\/uploads\/2023\/03\/Joerg-von-Manz-Dachreiter-425x18x44cm-galerie-metzger-gallery-angeandte-kunst-705x470.jpg 705w\" sizes=\"(max-width: 690px) 100vw, 690px\" \/><\/a><\/div><\/div><\/div><br \/>\n<section  class='av_textblock_section av-3ap2efh-1bb7371fdcd7e29fd5c849a6d6682fd6' ><div class='avia_textblock jo_werk_anfrage lang' ><p><a class=\"anfrage\" href=\"mailto:info@galerie-metzger.de?subject=J\u00f6rg%20von Manz%20Dachreiter%2042,5x18x44cm\">Anfrage zum Werk<\/a><\/p>\n<\/div><\/section><\/p><\/div><div class='av-flex-placeholder'><\/div>\n<style type=\"text\/css\" data-created_by=\"avia_inline_auto\" id=\"style-css-av-b2finh-c0dae1f4a4a16a3aa2a336629ff90518\">\n.flex_column.av-b2finh-c0dae1f4a4a16a3aa2a336629ff90518{\n-webkit-border-radius:0px 0px 0px 0px;\n-moz-border-radius:0px 0px 0px 0px;\nborder-radius:0px 0px 0px 0px;\n}\n<\/style>\n<div class='flex_column av-b2finh-c0dae1f4a4a16a3aa2a336629ff90518 av_one_third  avia-builder-el-151  el_after_av_one_third  el_before_av_one_third  jo_pf_bild_bg flex_column_table_cell av-equal-height-column av-align-middle av-animated-generic fade-in av-zero-column-padding column-top-margin'     ><p>\n<style type=\"text\/css\" data-created_by=\"avia_inline_auto\" id=\"style-css-av-lezz5nqh-0dc0175e1b1390a348f5d5ba3b504d10\">\n.avia-image-container.av-lezz5nqh-0dc0175e1b1390a348f5d5ba3b504d10 img.avia_image{\nbox-shadow:none;\n}\n.avia-image-container.av-lezz5nqh-0dc0175e1b1390a348f5d5ba3b504d10 .av-caption-image-overlay-bg{\nopacity:0.4;\n}\n<\/style>\n<div  class='avia-image-container av-lezz5nqh-0dc0175e1b1390a348f5d5ba3b504d10 av-styling-no-styling avia_animated_image av-animated-when-visible-95 fade-in avia-align-left  avia-builder-el-152  el_before_av_textblock  avia-builder-el-first  jo_pf_bild noHover av-overlay-hover-deactivate'  ><div class=\"avia-image-container-inner\"><div class=\"avia-image-overlay-wrap\"><a href=\"https:\/\/www.galerie-metzger.de\/wp-content\/uploads\/2023\/03\/Joerg-von-Manz-Dachreiter-425x18x44cm-galerie-metzger-keramik-ceramic-art-1090x727.jpg\" data-srcset=\"https:\/\/www.galerie-metzger.de\/wp-content\/uploads\/2023\/03\/Joerg-von-Manz-Dachreiter-425x18x44cm-galerie-metzger-keramik-ceramic-art-1090x727.jpg 1090w, https:\/\/www.galerie-metzger.de\/wp-content\/uploads\/2023\/03\/Joerg-von-Manz-Dachreiter-425x18x44cm-galerie-metzger-keramik-ceramic-art-690x460.jpg 690w, https:\/\/www.galerie-metzger.de\/wp-content\/uploads\/2023\/03\/Joerg-von-Manz-Dachreiter-425x18x44cm-galerie-metzger-keramik-ceramic-art-768x512.jpg 768w, https:\/\/www.galerie-metzger.de\/wp-content\/uploads\/2023\/03\/Joerg-von-Manz-Dachreiter-425x18x44cm-galerie-metzger-keramik-ceramic-art-1536x1024.jpg 1536w, https:\/\/www.galerie-metzger.de\/wp-content\/uploads\/2023\/03\/Joerg-von-Manz-Dachreiter-425x18x44cm-galerie-metzger-keramik-ceramic-art-2048x1365.jpg 2048w, https:\/\/www.galerie-metzger.de\/wp-content\/uploads\/2023\/03\/Joerg-von-Manz-Dachreiter-425x18x44cm-galerie-metzger-keramik-ceramic-art-1500x1000.jpg 1500w, https:\/\/www.galerie-metzger.de\/wp-content\/uploads\/2023\/03\/Joerg-von-Manz-Dachreiter-425x18x44cm-galerie-metzger-keramik-ceramic-art-705x470.jpg 705w\" data-sizes=\"(max-width: 1030px) 100vw, 1030px\" class='avia_image' ><div class=\"av-image-caption-overlay\"><div class=\"av-caption-image-overlay-bg\"><\/div><div class=\"av-image-caption-overlay-position\"><div class=\"av-image-caption-overlay-center\"><p>J\u00f6rg von Manz \u2013 Dachreiter \u2013 , 42,5x18x44 cm , Foto: Eduard Baumann<\/p>\n<\/div><\/div><\/div><img decoding=\"async\" class='wp-image-11274 avia-img-lazy-loading-not-11274 avia_image ' src=\"https:\/\/www.galerie-metzger.de\/wp-content\/uploads\/2023\/03\/Joerg-von-Manz-Dachreiter-425x18x44cm-galerie-metzger-keramik-ceramic-art-690x460.jpg\" alt='Joerg von Manz - Dachreiter - 42,5x18x44 cm' title='Joerg von Manz - Dachreiter - 42,5x18x44 cm'  height=\"460\" width=\"690\" srcset=\"https:\/\/www.galerie-metzger.de\/wp-content\/uploads\/2023\/03\/Joerg-von-Manz-Dachreiter-425x18x44cm-galerie-metzger-keramik-ceramic-art-690x460.jpg 690w, https:\/\/www.galerie-metzger.de\/wp-content\/uploads\/2023\/03\/Joerg-von-Manz-Dachreiter-425x18x44cm-galerie-metzger-keramik-ceramic-art-1090x727.jpg 1090w, https:\/\/www.galerie-metzger.de\/wp-content\/uploads\/2023\/03\/Joerg-von-Manz-Dachreiter-425x18x44cm-galerie-metzger-keramik-ceramic-art-768x512.jpg 768w, https:\/\/www.galerie-metzger.de\/wp-content\/uploads\/2023\/03\/Joerg-von-Manz-Dachreiter-425x18x44cm-galerie-metzger-keramik-ceramic-art-1536x1024.jpg 1536w, https:\/\/www.galerie-metzger.de\/wp-content\/uploads\/2023\/03\/Joerg-von-Manz-Dachreiter-425x18x44cm-galerie-metzger-keramik-ceramic-art-2048x1365.jpg 2048w, https:\/\/www.galerie-metzger.de\/wp-content\/uploads\/2023\/03\/Joerg-von-Manz-Dachreiter-425x18x44cm-galerie-metzger-keramik-ceramic-art-1500x1000.jpg 1500w, https:\/\/www.galerie-metzger.de\/wp-content\/uploads\/2023\/03\/Joerg-von-Manz-Dachreiter-425x18x44cm-galerie-metzger-keramik-ceramic-art-705x470.jpg 705w\" sizes=\"(max-width: 690px) 100vw, 690px\" \/><\/a><\/div><\/div><\/div><br \/>\n<section  class='av_textblock_section av-lezz68dc-6baa4cecb0ac028fb7a3d576a7f2aa2b' ><div class='avia_textblock jo_werk_anfrage lang' ><p><a class=\"anfrage\" href=\"mailto:info@galerie-metzger.de?subject=J\u00f6rg%20von Manz%20Dachreiter%2042,5x18x44cm\">Anfrage zum Werk<\/a><\/p>\n<\/div><\/section><\/p><\/div><div class='av-flex-placeholder'><\/div>\n<style type=\"text\/css\" data-created_by=\"avia_inline_auto\" id=\"style-css-av-2gsxvhb-245-ac96eb0db1ff28cdc4c179fed4f7c5ad\">\n.flex_column.av-2gsxvhb-245-ac96eb0db1ff28cdc4c179fed4f7c5ad{\n-webkit-border-radius:0px 0px 0px 0px;\n-moz-border-radius:0px 0px 0px 0px;\nborder-radius:0px 0px 0px 0px;\n}\n<\/style>\n<div class='flex_column av-2gsxvhb-245-ac96eb0db1ff28cdc4c179fed4f7c5ad av_one_third  avia-builder-el-154  el_after_av_one_third  el_before_av_one_full  jo_col_empty flex_column_table_cell av-equal-height-column av-align-middle av-animated-generic fade-in av-zero-column-padding column-top-margin'     ><section  class='av_textblock_section av-2ebrkhr-244-8bfc6b9758d35d4e32eccfaedc9319c6' ><div class='avia_textblock' ><p>invisible placeholder<\/p>\n<\/div><\/section><\/div><\/div><!--close column table wrapper. Autoclose: 1 --><div class='flex_column_table av-2l8ufl9-10e48c8bf806fae91b0d8563d22652dc sc-av_one_full av-equal-height-column-flextable'>\n<style type=\"text\/css\" data-created_by=\"avia_inline_auto\" id=\"style-css-av-2l8ufl9-10e48c8bf806fae91b0d8563d22652dc\">\n.flex_column.av-2l8ufl9-10e48c8bf806fae91b0d8563d22652dc{\n-webkit-border-radius:0px 0px 0px 0px;\n-moz-border-radius:0px 0px 0px 0px;\nborder-radius:0px 0px 0px 0px;\n}\n<\/style>\n<div class='flex_column av-2l8ufl9-10e48c8bf806fae91b0d8563d22652dc av_one_full  avia-builder-el-156  el_after_av_one_third  el_before_av_one_half  jo_col_empty first flex_column_table_cell av-equal-height-column av-align-top av-animated-generic fade-in av-zero-column-padding column-top-margin'     ><section  class='av_textblock_section av-23korpp-ef91e20f44eeac483adf9a1180a152a2' ><div class='avia_textblock' ><p>invisible placeholder<\/p>\n<\/div><\/section><\/div><\/div><!--close column table wrapper. Autoclose: 1 --><div class='flex_column_table av-a2ql4dp-7276fcf9affdfe2a9773b17cadcf4aed sc-av_one_half av-equal-height-column-flextable'>\n<style type=\"text\/css\" data-created_by=\"avia_inline_auto\" id=\"style-css-av-a2ql4dp-7276fcf9affdfe2a9773b17cadcf4aed\">\n.flex_column.av-a2ql4dp-7276fcf9affdfe2a9773b17cadcf4aed{\n-webkit-border-radius:0px 0px 0px 0px;\n-moz-border-radius:0px 0px 0px 0px;\nborder-radius:0px 0px 0px 0px;\n}\n<\/style>\n<div class='flex_column av-a2ql4dp-7276fcf9affdfe2a9773b17cadcf4aed av_one_half  avia-builder-el-158  el_after_av_one_full  el_before_av_one_half  jo_pf_bild_bg first flex_column_table_cell av-equal-height-column av-align-middle av-animated-generic fade-in av-zero-column-padding column-top-margin'     ><p>\n<style type=\"text\/css\" data-created_by=\"avia_inline_auto\" id=\"style-css-av-lf0061u9-6f28db6b87294202bbc883f87291e912\">\n.avia-image-container.av-lf0061u9-6f28db6b87294202bbc883f87291e912 img.avia_image{\nbox-shadow:none;\n}\n.avia-image-container.av-lf0061u9-6f28db6b87294202bbc883f87291e912 .av-caption-image-overlay-bg{\nopacity:0.4;\n}\n<\/style>\n<div  class='avia-image-container av-lf0061u9-6f28db6b87294202bbc883f87291e912 av-styling-no-styling avia_animated_image av-animated-when-visible-95 fade-in avia-align-left  avia-builder-el-159  el_before_av_textblock  avia-builder-el-first  jo_pf_bild noHover av-overlay-hover-deactivate'  ><div class=\"avia-image-container-inner\"><div class=\"avia-image-overlay-wrap\"><a href=\"https:\/\/www.galerie-metzger.de\/wp-content\/uploads\/2023\/03\/Joerg-von-Manz-o.T.-galerie-metzger-skulptur-gallery-art-1090x727.jpg\" data-srcset=\"https:\/\/www.galerie-metzger.de\/wp-content\/uploads\/2023\/03\/Joerg-von-Manz-o.T.-galerie-metzger-skulptur-gallery-art-1090x727.jpg 1090w, https:\/\/www.galerie-metzger.de\/wp-content\/uploads\/2023\/03\/Joerg-von-Manz-o.T.-galerie-metzger-skulptur-gallery-art-690x460.jpg 690w, https:\/\/www.galerie-metzger.de\/wp-content\/uploads\/2023\/03\/Joerg-von-Manz-o.T.-galerie-metzger-skulptur-gallery-art-768x512.jpg 768w, https:\/\/www.galerie-metzger.de\/wp-content\/uploads\/2023\/03\/Joerg-von-Manz-o.T.-galerie-metzger-skulptur-gallery-art-1536x1024.jpg 1536w, https:\/\/www.galerie-metzger.de\/wp-content\/uploads\/2023\/03\/Joerg-von-Manz-o.T.-galerie-metzger-skulptur-gallery-art-2048x1365.jpg 2048w, https:\/\/www.galerie-metzger.de\/wp-content\/uploads\/2023\/03\/Joerg-von-Manz-o.T.-galerie-metzger-skulptur-gallery-art-1500x1000.jpg 1500w, https:\/\/www.galerie-metzger.de\/wp-content\/uploads\/2023\/03\/Joerg-von-Manz-o.T.-galerie-metzger-skulptur-gallery-art-705x470.jpg 705w\" data-sizes=\"(max-width: 1030px) 100vw, 1030px\" class='avia_image' ><div class=\"av-image-caption-overlay\"><div class=\"av-caption-image-overlay-bg\"><\/div><div class=\"av-image-caption-overlay-position\"><div class=\"av-image-caption-overlay-center\"><p>J\u00f6rg von Manz \u2013 o.T. oder &#8222;Garten Eden&#8220; \u2013 , 15x44x40 cm , Foto: Eduard Baumann<\/p>\n<\/div><\/div><\/div><img decoding=\"async\" class='wp-image-11280 avia-img-lazy-loading-not-11280 avia_image ' src=\"https:\/\/www.galerie-metzger.de\/wp-content\/uploads\/2023\/03\/Joerg-von-Manz-o.T.-galerie-metzger-skulptur-gallery-art-690x460.jpg\" alt='Joerg von Manz - o.T. oder Garten Eden' title='Joerg von Manz - o.T. oder Garten Eden'  height=\"460\" width=\"690\" srcset=\"https:\/\/www.galerie-metzger.de\/wp-content\/uploads\/2023\/03\/Joerg-von-Manz-o.T.-galerie-metzger-skulptur-gallery-art-690x460.jpg 690w, https:\/\/www.galerie-metzger.de\/wp-content\/uploads\/2023\/03\/Joerg-von-Manz-o.T.-galerie-metzger-skulptur-gallery-art-1090x727.jpg 1090w, https:\/\/www.galerie-metzger.de\/wp-content\/uploads\/2023\/03\/Joerg-von-Manz-o.T.-galerie-metzger-skulptur-gallery-art-768x512.jpg 768w, https:\/\/www.galerie-metzger.de\/wp-content\/uploads\/2023\/03\/Joerg-von-Manz-o.T.-galerie-metzger-skulptur-gallery-art-1536x1024.jpg 1536w, https:\/\/www.galerie-metzger.de\/wp-content\/uploads\/2023\/03\/Joerg-von-Manz-o.T.-galerie-metzger-skulptur-gallery-art-2048x1365.jpg 2048w, https:\/\/www.galerie-metzger.de\/wp-content\/uploads\/2023\/03\/Joerg-von-Manz-o.T.-galerie-metzger-skulptur-gallery-art-1500x1000.jpg 1500w, https:\/\/www.galerie-metzger.de\/wp-content\/uploads\/2023\/03\/Joerg-von-Manz-o.T.-galerie-metzger-skulptur-gallery-art-705x470.jpg 705w\" sizes=\"(max-width: 690px) 100vw, 690px\" \/><\/a><\/div><\/div><\/div><br \/>\n<section  class='av_textblock_section av-lf006m5o-b15b674d951279cd9d840f3a24e1f9fa' ><div class='avia_textblock jo_werk_anfrage' ><p><a class=\"anfrage\" href=\"mailto:info@galerie-metzger.de?subject=J\u00f6rg%20von Manz%20o.T.%2015x44x40cm\">Anfrage zum Werk<\/a><\/p>\n<\/div><\/section><\/p><\/div><div class='av-flex-placeholder'><\/div>\n<style type=\"text\/css\" data-created_by=\"avia_inline_auto\" id=\"style-css-av-99146fh-a14603dd15e54cb7e4bd666e8c51e620\">\n.flex_column.av-99146fh-a14603dd15e54cb7e4bd666e8c51e620{\n-webkit-border-radius:0px 0px 0px 0px;\n-moz-border-radius:0px 0px 0px 0px;\nborder-radius:0px 0px 0px 0px;\n}\n<\/style>\n<div class='flex_column av-99146fh-a14603dd15e54cb7e4bd666e8c51e620 av_one_half  avia-builder-el-161  el_after_av_one_half  el_before_av_one_full  jo_pf_bild_bg flex_column_table_cell av-equal-height-column av-align-middle av-animated-generic fade-in av-zero-column-padding column-top-margin'     ><p>\n<style type=\"text\/css\" data-created_by=\"avia_inline_auto\" id=\"style-css-av-lf0076b6-73282b6d26ad3b5d127cfdd5947d5e14\">\n.avia-image-container.av-lf0076b6-73282b6d26ad3b5d127cfdd5947d5e14 img.avia_image{\nbox-shadow:none;\n}\n.avia-image-container.av-lf0076b6-73282b6d26ad3b5d127cfdd5947d5e14 .av-caption-image-overlay-bg{\nopacity:0.4;\n}\n<\/style>\n<div  class='avia-image-container av-lf0076b6-73282b6d26ad3b5d127cfdd5947d5e14 av-styling-no-styling avia_animated_image av-animated-when-visible-95 fade-in avia-align-left  avia-builder-el-162  el_before_av_textblock  avia-builder-el-first  jo_pf_bild noHover av-overlay-hover-deactivate'  ><div class=\"avia-image-container-inner\"><div class=\"avia-image-overlay-wrap\"><a href=\"https:\/\/www.galerie-metzger.de\/wp-content\/uploads\/2023\/03\/Joerg-von-Manz-o.T.-galerie-metzger-sculpture-keramik-kunst-1090x727.jpg\" data-srcset=\"https:\/\/www.galerie-metzger.de\/wp-content\/uploads\/2023\/03\/Joerg-von-Manz-o.T.-galerie-metzger-sculpture-keramik-kunst-1090x727.jpg 1090w, https:\/\/www.galerie-metzger.de\/wp-content\/uploads\/2023\/03\/Joerg-von-Manz-o.T.-galerie-metzger-sculpture-keramik-kunst-690x460.jpg 690w, https:\/\/www.galerie-metzger.de\/wp-content\/uploads\/2023\/03\/Joerg-von-Manz-o.T.-galerie-metzger-sculpture-keramik-kunst-768x512.jpg 768w, https:\/\/www.galerie-metzger.de\/wp-content\/uploads\/2023\/03\/Joerg-von-Manz-o.T.-galerie-metzger-sculpture-keramik-kunst-1536x1024.jpg 1536w, https:\/\/www.galerie-metzger.de\/wp-content\/uploads\/2023\/03\/Joerg-von-Manz-o.T.-galerie-metzger-sculpture-keramik-kunst-2048x1365.jpg 2048w, https:\/\/www.galerie-metzger.de\/wp-content\/uploads\/2023\/03\/Joerg-von-Manz-o.T.-galerie-metzger-sculpture-keramik-kunst-1500x1000.jpg 1500w, https:\/\/www.galerie-metzger.de\/wp-content\/uploads\/2023\/03\/Joerg-von-Manz-o.T.-galerie-metzger-sculpture-keramik-kunst-705x470.jpg 705w\" data-sizes=\"(max-width: 1030px) 100vw, 1030px\" class='avia_image' ><div class=\"av-image-caption-overlay\"><div class=\"av-caption-image-overlay-bg\"><\/div><div class=\"av-image-caption-overlay-position\"><div class=\"av-image-caption-overlay-center\"><p>J\u00f6rg von Manz \u2013 o.T. oder &#8222;Garten Eden&#8220;, Detail \u2013 , 15x44x40 cm , Foto: Eduard Baumann<\/p>\n<\/div><\/div><\/div><img decoding=\"async\" class='wp-image-11278 avia-img-lazy-loading-not-11278 avia_image ' src=\"https:\/\/www.galerie-metzger.de\/wp-content\/uploads\/2023\/03\/Joerg-von-Manz-o.T.-galerie-metzger-sculpture-keramik-kunst-690x460.jpg\" alt='Joerg von Manz - o.T. oder Garten Eden' title='Joerg von Manz - o.T.  oder Garten Eden'  height=\"460\" width=\"690\" srcset=\"https:\/\/www.galerie-metzger.de\/wp-content\/uploads\/2023\/03\/Joerg-von-Manz-o.T.-galerie-metzger-sculpture-keramik-kunst-690x460.jpg 690w, https:\/\/www.galerie-metzger.de\/wp-content\/uploads\/2023\/03\/Joerg-von-Manz-o.T.-galerie-metzger-sculpture-keramik-kunst-1090x727.jpg 1090w, https:\/\/www.galerie-metzger.de\/wp-content\/uploads\/2023\/03\/Joerg-von-Manz-o.T.-galerie-metzger-sculpture-keramik-kunst-768x512.jpg 768w, https:\/\/www.galerie-metzger.de\/wp-content\/uploads\/2023\/03\/Joerg-von-Manz-o.T.-galerie-metzger-sculpture-keramik-kunst-1536x1024.jpg 1536w, https:\/\/www.galerie-metzger.de\/wp-content\/uploads\/2023\/03\/Joerg-von-Manz-o.T.-galerie-metzger-sculpture-keramik-kunst-2048x1365.jpg 2048w, https:\/\/www.galerie-metzger.de\/wp-content\/uploads\/2023\/03\/Joerg-von-Manz-o.T.-galerie-metzger-sculpture-keramik-kunst-1500x1000.jpg 1500w, https:\/\/www.galerie-metzger.de\/wp-content\/uploads\/2023\/03\/Joerg-von-Manz-o.T.-galerie-metzger-sculpture-keramik-kunst-705x470.jpg 705w\" sizes=\"(max-width: 690px) 100vw, 690px\" \/><\/a><\/div><\/div><\/div><br \/>\n<section  class='av_textblock_section av-8ssr86l-8bc90f09e795b9c3f0822992d5773e8f' ><div class='avia_textblock jo_werk_anfrage' ><p><a class=\"anfrage\" href=\"mailto:info@galerie-metzger.de?subject=J\u00f6rg%20von Manz%20o.T.%2015x44x40cm\">Anfrage zum Werk<\/a><\/p>\n<\/div><\/section><\/p><\/div><\/div><!--close column table wrapper. Autoclose: 1 --><div class='flex_column_table av-8kl180d-7390a8299b85bd297aa62c2619190ff5 sc-av_one_full av-equal-height-column-flextable'>\n<style type=\"text\/css\" data-created_by=\"avia_inline_auto\" id=\"style-css-av-8kl180d-7390a8299b85bd297aa62c2619190ff5\">\n.flex_column.av-8kl180d-7390a8299b85bd297aa62c2619190ff5{\n-webkit-border-radius:0px 0px 0px 0px;\n-moz-border-radius:0px 0px 0px 0px;\nborder-radius:0px 0px 0px 0px;\n}\n<\/style>\n<div class='flex_column av-8kl180d-7390a8299b85bd297aa62c2619190ff5 av_one_full  avia-builder-el-164  el_after_av_one_half  el_before_av_one_third  jo_col_empty first flex_column_table_cell av-equal-height-column av-align-top av-animated-generic fade-in av-zero-column-padding column-top-margin'     ><section  class='av_textblock_section av-sox619-798dee98a1b68bef1c8fc7c9b65614d3' ><div class='avia_textblock' ><p>invisible placeholder<\/p>\n<\/div><\/section><\/div><\/div><!--close column table wrapper. Autoclose: 1 --><div class='flex_column_table av-7zk94z1-8fba20eb0d9a40e4cd8ecc4337012a53 sc-av_one_third av-equal-height-column-flextable'>\n<style type=\"text\/css\" data-created_by=\"avia_inline_auto\" id=\"style-css-av-7zk94z1-8fba20eb0d9a40e4cd8ecc4337012a53\">\n.flex_column.av-7zk94z1-8fba20eb0d9a40e4cd8ecc4337012a53{\n-webkit-border-radius:0px 0px 0px 0px;\n-moz-border-radius:0px 0px 0px 0px;\nborder-radius:0px 0px 0px 0px;\n}\n<\/style>\n<div class='flex_column av-7zk94z1-8fba20eb0d9a40e4cd8ecc4337012a53 av_one_third  avia-builder-el-166  el_after_av_one_full  el_before_av_one_third  jo_pf_bild_bg first flex_column_table_cell av-equal-height-column av-align-middle av-animated-generic fade-in av-zero-column-padding column-top-margin'     ><p>\n<style type=\"text\/css\" data-created_by=\"avia_inline_auto\" id=\"style-css-av-lf11lu8c-46013b1f2e87397c5e671cf624f0dba0\">\n.avia-image-container.av-lf11lu8c-46013b1f2e87397c5e671cf624f0dba0 img.avia_image{\nbox-shadow:none;\n}\n.avia-image-container.av-lf11lu8c-46013b1f2e87397c5e671cf624f0dba0 .av-caption-image-overlay-bg{\nopacity:0.4;\n}\n<\/style>\n<div  class='avia-image-container av-lf11lu8c-46013b1f2e87397c5e671cf624f0dba0 av-styling-no-styling avia_animated_image av-animated-when-visible-95 fade-in avia-align-left  avia-builder-el-167  el_before_av_textblock  avia-builder-el-first  jo_pf_bild noHover av-overlay-hover-deactivate'  ><div class=\"avia-image-container-inner\"><div class=\"avia-image-overlay-wrap\"><a href=\"https:\/\/www.galerie-metzger.de\/wp-content\/uploads\/2023\/03\/Joerg-von-Manz-Deckelgefaess-27x19x19cm-galerie-metzger-keramikkuknst-aschaffenburg-kaufen-727x1090.jpg\" data-srcset=\"https:\/\/www.galerie-metzger.de\/wp-content\/uploads\/2023\/03\/Joerg-von-Manz-Deckelgefaess-27x19x19cm-galerie-metzger-keramikkuknst-aschaffenburg-kaufen-727x1090.jpg 727w, https:\/\/www.galerie-metzger.de\/wp-content\/uploads\/2023\/03\/Joerg-von-Manz-Deckelgefaess-27x19x19cm-galerie-metzger-keramikkuknst-aschaffenburg-kaufen-690x1035.jpg 690w, https:\/\/www.galerie-metzger.de\/wp-content\/uploads\/2023\/03\/Joerg-von-Manz-Deckelgefaess-27x19x19cm-galerie-metzger-keramikkuknst-aschaffenburg-kaufen-768x1152.jpg 768w, https:\/\/www.galerie-metzger.de\/wp-content\/uploads\/2023\/03\/Joerg-von-Manz-Deckelgefaess-27x19x19cm-galerie-metzger-keramikkuknst-aschaffenburg-kaufen-1024x1536.jpg 1024w, https:\/\/www.galerie-metzger.de\/wp-content\/uploads\/2023\/03\/Joerg-von-Manz-Deckelgefaess-27x19x19cm-galerie-metzger-keramikkuknst-aschaffenburg-kaufen-1365x2048.jpg 1365w, https:\/\/www.galerie-metzger.de\/wp-content\/uploads\/2023\/03\/Joerg-von-Manz-Deckelgefaess-27x19x19cm-galerie-metzger-keramikkuknst-aschaffenburg-kaufen-1000x1500.jpg 1000w, https:\/\/www.galerie-metzger.de\/wp-content\/uploads\/2023\/03\/Joerg-von-Manz-Deckelgefaess-27x19x19cm-galerie-metzger-keramikkuknst-aschaffenburg-kaufen-470x705.jpg 470w, https:\/\/www.galerie-metzger.de\/wp-content\/uploads\/2023\/03\/Joerg-von-Manz-Deckelgefaess-27x19x19cm-galerie-metzger-keramikkuknst-aschaffenburg-kaufen-scaled.jpg 1707w\" data-sizes=\"(max-width: 687px) 100vw, 687px\" class='avia_image' ><div class=\"av-image-caption-overlay\"><div class=\"av-caption-image-overlay-bg\"><\/div><div class=\"av-image-caption-overlay-position\"><div class=\"av-image-caption-overlay-center\"><p>J\u00f6rg von Manz \u2013 Deckelgef\u00e4\u00df \u2013 , 27x19x19 cm , Foto: Eduard Baumann<\/p>\n<\/div><\/div><\/div><img decoding=\"async\" class='wp-image-11317 avia-img-lazy-loading-not-11317 avia_image ' src=\"https:\/\/www.galerie-metzger.de\/wp-content\/uploads\/2023\/03\/Joerg-von-Manz-Deckelgefaess-27x19x19cm-galerie-metzger-keramikkuknst-aschaffenburg-kaufen-690x1035.jpg\" alt='Joerg von Manz - Deckelgefaess - 27x19x19 cm' title='Joerg von Manz - Deckelgefaess - 27x19x19 cm'  height=\"1035\" width=\"690\" srcset=\"https:\/\/www.galerie-metzger.de\/wp-content\/uploads\/2023\/03\/Joerg-von-Manz-Deckelgefaess-27x19x19cm-galerie-metzger-keramikkuknst-aschaffenburg-kaufen-690x1035.jpg 690w, https:\/\/www.galerie-metzger.de\/wp-content\/uploads\/2023\/03\/Joerg-von-Manz-Deckelgefaess-27x19x19cm-galerie-metzger-keramikkuknst-aschaffenburg-kaufen-727x1090.jpg 727w, https:\/\/www.galerie-metzger.de\/wp-content\/uploads\/2023\/03\/Joerg-von-Manz-Deckelgefaess-27x19x19cm-galerie-metzger-keramikkuknst-aschaffenburg-kaufen-768x1152.jpg 768w, https:\/\/www.galerie-metzger.de\/wp-content\/uploads\/2023\/03\/Joerg-von-Manz-Deckelgefaess-27x19x19cm-galerie-metzger-keramikkuknst-aschaffenburg-kaufen-1024x1536.jpg 1024w, https:\/\/www.galerie-metzger.de\/wp-content\/uploads\/2023\/03\/Joerg-von-Manz-Deckelgefaess-27x19x19cm-galerie-metzger-keramikkuknst-aschaffenburg-kaufen-1365x2048.jpg 1365w, https:\/\/www.galerie-metzger.de\/wp-content\/uploads\/2023\/03\/Joerg-von-Manz-Deckelgefaess-27x19x19cm-galerie-metzger-keramikkuknst-aschaffenburg-kaufen-1000x1500.jpg 1000w, https:\/\/www.galerie-metzger.de\/wp-content\/uploads\/2023\/03\/Joerg-von-Manz-Deckelgefaess-27x19x19cm-galerie-metzger-keramikkuknst-aschaffenburg-kaufen-470x705.jpg 470w, https:\/\/www.galerie-metzger.de\/wp-content\/uploads\/2023\/03\/Joerg-von-Manz-Deckelgefaess-27x19x19cm-galerie-metzger-keramikkuknst-aschaffenburg-kaufen-scaled.jpg 1707w\" sizes=\"(max-width: 690px) 100vw, 690px\" \/><\/a><\/div><\/div><\/div><br \/>\n<section  class='av_textblock_section av-lf11oj0z-dff22245c4e8a6f061de9d9c2f733b27' ><div class='avia_textblock jo_werk_anfrage' ><p><a class=\"anfrage\" href=\"mailto:info@galerie-metzger.de?subject=J\u00f6rg%20von Manz%20Deckelgefaess.%2027x19x19cm\">Anfrage zum Werk<\/a><\/p>\n<\/div><\/section><\/p><\/div><div class='av-flex-placeholder'><\/div>\n<style type=\"text\/css\" data-created_by=\"avia_inline_auto\" id=\"style-css-av-7ncidkd-67ea713da4ca8067d08a38c07ad4cee6\">\n.flex_column.av-7ncidkd-67ea713da4ca8067d08a38c07ad4cee6{\n-webkit-border-radius:0px 0px 0px 0px;\n-moz-border-radius:0px 0px 0px 0px;\nborder-radius:0px 0px 0px 0px;\n}\n<\/style>\n<div class='flex_column av-7ncidkd-67ea713da4ca8067d08a38c07ad4cee6 av_one_third  avia-builder-el-169  el_after_av_one_third  el_before_av_one_third  jo_pf_bild_bg flex_column_table_cell av-equal-height-column av-align-middle av-animated-generic fade-in av-zero-column-padding column-top-margin'     ><p>\n<style type=\"text\/css\" data-created_by=\"avia_inline_auto\" id=\"style-css-av-lf11ppij-8efe414c15aa14e249968ed0fbdeae20\">\n.avia-image-container.av-lf11ppij-8efe414c15aa14e249968ed0fbdeae20 img.avia_image{\nbox-shadow:none;\n}\n.avia-image-container.av-lf11ppij-8efe414c15aa14e249968ed0fbdeae20 .av-caption-image-overlay-bg{\nopacity:0.4;\n}\n<\/style>\n<div  class='avia-image-container av-lf11ppij-8efe414c15aa14e249968ed0fbdeae20 av-styling-no-styling avia_animated_image av-animated-when-visible-95 fade-in avia-align-left  avia-builder-el-170  el_before_av_textblock  avia-builder-el-first  jo_pf_bild noHover av-overlay-hover-deactivate'  ><div class=\"avia-image-container-inner\"><div class=\"avia-image-overlay-wrap\"><a href=\"https:\/\/www.galerie-metzger.de\/wp-content\/uploads\/2023\/03\/Joerg-von-Manz-1090x727.jpg\" data-srcset=\"https:\/\/www.galerie-metzger.de\/wp-content\/uploads\/2023\/03\/Joerg-von-Manz-1090x727.jpg 1090w, https:\/\/www.galerie-metzger.de\/wp-content\/uploads\/2023\/03\/Joerg-von-Manz-690x460.jpg 690w, https:\/\/www.galerie-metzger.de\/wp-content\/uploads\/2023\/03\/Joerg-von-Manz-768x512.jpg 768w, https:\/\/www.galerie-metzger.de\/wp-content\/uploads\/2023\/03\/Joerg-von-Manz-1536x1024.jpg 1536w, https:\/\/www.galerie-metzger.de\/wp-content\/uploads\/2023\/03\/Joerg-von-Manz-2048x1365.jpg 2048w, https:\/\/www.galerie-metzger.de\/wp-content\/uploads\/2023\/03\/Joerg-von-Manz-1500x1000.jpg 1500w, https:\/\/www.galerie-metzger.de\/wp-content\/uploads\/2023\/03\/Joerg-von-Manz-705x470.jpg 705w\" data-sizes=\"(max-width: 1030px) 100vw, 1030px\" class='avia_image' ><div class=\"av-image-caption-overlay\"><div class=\"av-caption-image-overlay-bg\"><\/div><div class=\"av-image-caption-overlay-position\"><div class=\"av-image-caption-overlay-center\"><p>J\u00f6rg von Manz \u2013 Deckelgef\u00e4\u00dfe \u2013 , 15,5x8x8 und 16x8x8 cm , Foto: Eduard Baumann<\/p>\n<\/div><\/div><\/div><img decoding=\"async\" class='wp-image-11319 avia-img-lazy-loading-not-11319 avia_image ' src=\"https:\/\/www.galerie-metzger.de\/wp-content\/uploads\/2023\/03\/Joerg-von-Manz-690x460.jpg\" alt='Joerg von Manz - Delckelgef\u00e4\u00df' title='Joerg von Manz - Deckelgef\u00e4\u00df'  height=\"460\" width=\"690\" srcset=\"https:\/\/www.galerie-metzger.de\/wp-content\/uploads\/2023\/03\/Joerg-von-Manz-690x460.jpg 690w, https:\/\/www.galerie-metzger.de\/wp-content\/uploads\/2023\/03\/Joerg-von-Manz-1090x727.jpg 1090w, https:\/\/www.galerie-metzger.de\/wp-content\/uploads\/2023\/03\/Joerg-von-Manz-768x512.jpg 768w, https:\/\/www.galerie-metzger.de\/wp-content\/uploads\/2023\/03\/Joerg-von-Manz-1536x1024.jpg 1536w, https:\/\/www.galerie-metzger.de\/wp-content\/uploads\/2023\/03\/Joerg-von-Manz-2048x1365.jpg 2048w, https:\/\/www.galerie-metzger.de\/wp-content\/uploads\/2023\/03\/Joerg-von-Manz-1500x1000.jpg 1500w, https:\/\/www.galerie-metzger.de\/wp-content\/uploads\/2023\/03\/Joerg-von-Manz-705x470.jpg 705w\" sizes=\"(max-width: 690px) 100vw, 690px\" \/><\/a><\/div><\/div><\/div><br \/>\n<section  class='av_textblock_section av-lf11q5vx-db3b73f1f28e554d9919b3881842fc05' ><div class='avia_textblock jo_werk_anfrage lang' ><p><a class=\"anfrage\" href=\"mailto:info@galerie-metzger.de?subject=J\u00f6rg%20von Manz%20Deckelgefaesse.%2015,5x8x8 und 16x8x8cm\">Anfrage zum Werk<\/a><\/p>\n<\/div><\/section><\/p><\/div><div class='av-flex-placeholder'><\/div>\n<style type=\"text\/css\" data-created_by=\"avia_inline_auto\" id=\"style-css-av-7cfbpnx-0ea6992a5d1e55932f8521bee54f4200\">\n.flex_column.av-7cfbpnx-0ea6992a5d1e55932f8521bee54f4200{\n-webkit-border-radius:0px 0px 0px 0px;\n-moz-border-radius:0px 0px 0px 0px;\nborder-radius:0px 0px 0px 0px;\n}\n<\/style>\n<div class='flex_column av-7cfbpnx-0ea6992a5d1e55932f8521bee54f4200 av_one_third  avia-builder-el-172  el_after_av_one_third  el_before_av_one_full  jo_pf_bild_bg flex_column_table_cell av-equal-height-column av-align-middle av-animated-generic fade-in av-zero-column-padding column-top-margin'     ><p>\n<style type=\"text\/css\" data-created_by=\"avia_inline_auto\" id=\"style-css-av-lf11qjsi-4986db6c932b376684b5aac9cc5d5881\">\n.avia-image-container.av-lf11qjsi-4986db6c932b376684b5aac9cc5d5881 img.avia_image{\nbox-shadow:none;\n}\n.avia-image-container.av-lf11qjsi-4986db6c932b376684b5aac9cc5d5881 .av-caption-image-overlay-bg{\nopacity:0.4;\n}\n<\/style>\n<div  class='avia-image-container av-lf11qjsi-4986db6c932b376684b5aac9cc5d5881 av-styling-no-styling avia_animated_image av-animated-when-visible-95 fade-in avia-align-left  avia-builder-el-173  el_before_av_textblock  avia-builder-el-first  jo_pf_bild noHover av-overlay-hover-deactivate'  ><div class=\"avia-image-container-inner\"><div class=\"avia-image-overlay-wrap\"><a href=\"https:\/\/www.galerie-metzger.de\/wp-content\/uploads\/2023\/03\/Joerg-von-Manz-2-Deckelgefaesse-155x8x8-und-16x8x8cm-galerie-metzger-keramik-kunst-gallery-1090x727.jpg\" data-srcset=\"https:\/\/www.galerie-metzger.de\/wp-content\/uploads\/2023\/03\/Joerg-von-Manz-2-Deckelgefaesse-155x8x8-und-16x8x8cm-galerie-metzger-keramik-kunst-gallery-1090x727.jpg 1090w, https:\/\/www.galerie-metzger.de\/wp-content\/uploads\/2023\/03\/Joerg-von-Manz-2-Deckelgefaesse-155x8x8-und-16x8x8cm-galerie-metzger-keramik-kunst-gallery-690x460.jpg 690w, https:\/\/www.galerie-metzger.de\/wp-content\/uploads\/2023\/03\/Joerg-von-Manz-2-Deckelgefaesse-155x8x8-und-16x8x8cm-galerie-metzger-keramik-kunst-gallery-768x512.jpg 768w, https:\/\/www.galerie-metzger.de\/wp-content\/uploads\/2023\/03\/Joerg-von-Manz-2-Deckelgefaesse-155x8x8-und-16x8x8cm-galerie-metzger-keramik-kunst-gallery-1536x1024.jpg 1536w, https:\/\/www.galerie-metzger.de\/wp-content\/uploads\/2023\/03\/Joerg-von-Manz-2-Deckelgefaesse-155x8x8-und-16x8x8cm-galerie-metzger-keramik-kunst-gallery-2048x1365.jpg 2048w, https:\/\/www.galerie-metzger.de\/wp-content\/uploads\/2023\/03\/Joerg-von-Manz-2-Deckelgefaesse-155x8x8-und-16x8x8cm-galerie-metzger-keramik-kunst-gallery-1500x1000.jpg 1500w, https:\/\/www.galerie-metzger.de\/wp-content\/uploads\/2023\/03\/Joerg-von-Manz-2-Deckelgefaesse-155x8x8-und-16x8x8cm-galerie-metzger-keramik-kunst-gallery-705x470.jpg 705w\" data-sizes=\"(max-width: 1030px) 100vw, 1030px\" class='avia_image' ><div class=\"av-image-caption-overlay\"><div class=\"av-caption-image-overlay-bg\"><\/div><div class=\"av-image-caption-overlay-position\"><div class=\"av-image-caption-overlay-center\"><p>J\u00f6rg von Manz \u2013 Deckelgef\u00e4\u00dfe \u2013 , 15,5x8x8 und 16x8x8 cm , Foto: Eduard Baumann<\/p>\n<\/div><\/div><\/div><img decoding=\"async\" class='wp-image-11315 avia-img-lazy-loading-not-11315 avia_image ' src=\"https:\/\/www.galerie-metzger.de\/wp-content\/uploads\/2023\/03\/Joerg-von-Manz-2-Deckelgefaesse-155x8x8-und-16x8x8cm-galerie-metzger-keramik-kunst-gallery-690x460.jpg\" alt='Joerg von Manz - 2 Deckelgefaesse - 15,5x8x8 und 16x8x8 cm' title='Joerg von Manz - 2 Deckelgefaesse - 15,5x8x8 und 16x8x8'  height=\"460\" width=\"690\" srcset=\"https:\/\/www.galerie-metzger.de\/wp-content\/uploads\/2023\/03\/Joerg-von-Manz-2-Deckelgefaesse-155x8x8-und-16x8x8cm-galerie-metzger-keramik-kunst-gallery-690x460.jpg 690w, https:\/\/www.galerie-metzger.de\/wp-content\/uploads\/2023\/03\/Joerg-von-Manz-2-Deckelgefaesse-155x8x8-und-16x8x8cm-galerie-metzger-keramik-kunst-gallery-1090x727.jpg 1090w, https:\/\/www.galerie-metzger.de\/wp-content\/uploads\/2023\/03\/Joerg-von-Manz-2-Deckelgefaesse-155x8x8-und-16x8x8cm-galerie-metzger-keramik-kunst-gallery-768x512.jpg 768w, https:\/\/www.galerie-metzger.de\/wp-content\/uploads\/2023\/03\/Joerg-von-Manz-2-Deckelgefaesse-155x8x8-und-16x8x8cm-galerie-metzger-keramik-kunst-gallery-1536x1024.jpg 1536w, https:\/\/www.galerie-metzger.de\/wp-content\/uploads\/2023\/03\/Joerg-von-Manz-2-Deckelgefaesse-155x8x8-und-16x8x8cm-galerie-metzger-keramik-kunst-gallery-2048x1365.jpg 2048w, https:\/\/www.galerie-metzger.de\/wp-content\/uploads\/2023\/03\/Joerg-von-Manz-2-Deckelgefaesse-155x8x8-und-16x8x8cm-galerie-metzger-keramik-kunst-gallery-1500x1000.jpg 1500w, https:\/\/www.galerie-metzger.de\/wp-content\/uploads\/2023\/03\/Joerg-von-Manz-2-Deckelgefaesse-155x8x8-und-16x8x8cm-galerie-metzger-keramik-kunst-gallery-705x470.jpg 705w\" sizes=\"(max-width: 690px) 100vw, 690px\" \/><\/a><\/div><\/div><\/div><br \/>\n<section  class='av_textblock_section av-6tbo1yl-a4ffe36b1a00f5f5e5cce6b1d606fcf2' ><div class='avia_textblock jo_werk_anfrage lang' ><p><a class=\"anfrage\" href=\"mailto:info@galerie-metzger.de?subject=J\u00f6rg%20von Manz%20Deckelgefaesse.%2015,5x8x8 und 16x8x8cm\">Anfrage zum Werk<\/a><\/p>\n<\/div><\/section><\/p><\/div><\/div><!--close column table wrapper. Autoclose: 1 --><div class='flex_column_table av-66yjklp-f76dd105cab21d2cff873525738b516e sc-av_one_full av-equal-height-column-flextable'>\n<style type=\"text\/css\" data-created_by=\"avia_inline_auto\" id=\"style-css-av-66yjklp-f76dd105cab21d2cff873525738b516e\">\n.flex_column.av-66yjklp-f76dd105cab21d2cff873525738b516e{\n-webkit-border-radius:0px 0px 0px 0px;\n-moz-border-radius:0px 0px 0px 0px;\nborder-radius:0px 0px 0px 0px;\n}\n<\/style>\n<div class='flex_column av-66yjklp-f76dd105cab21d2cff873525738b516e av_one_full  avia-builder-el-175  el_after_av_one_third  el_before_av_one_third  jo_col_empty first flex_column_table_cell av-equal-height-column av-align-top av-animated-generic fade-in av-zero-column-padding column-top-margin'     ><section  class='av_textblock_section av-5ojtz59-7cb6c6c6705ada05e8de82a07d68c56a' ><div class='avia_textblock' ><p>invisible placeholder<\/p>\n<\/div><\/section><\/div><\/div><!--close column table wrapper. Autoclose: 1 --><div class='flex_column_table av-5bd52j1-715fb5f8099e1cec62dbc4bf6a59938a sc-av_one_third av-equal-height-column-flextable'>\n<style type=\"text\/css\" data-created_by=\"avia_inline_auto\" id=\"style-css-av-5bd52j1-715fb5f8099e1cec62dbc4bf6a59938a\">\n.flex_column.av-5bd52j1-715fb5f8099e1cec62dbc4bf6a59938a{\n-webkit-border-radius:0px 0px 0px 0px;\n-moz-border-radius:0px 0px 0px 0px;\nborder-radius:0px 0px 0px 0px;\n}\n<\/style>\n<div class='flex_column av-5bd52j1-715fb5f8099e1cec62dbc4bf6a59938a av_one_third  avia-builder-el-177  el_after_av_one_full  el_before_av_one_third  jo_pf_bild_bg first flex_column_table_cell av-equal-height-column av-align-middle av-animated-generic fade-in av-zero-column-padding column-top-margin'     ><p>\n<style type=\"text\/css\" data-created_by=\"avia_inline_auto\" id=\"style-css-av-1s4mh9-15397889f9a9e4b4d467a87411f56eff\">\n.avia-image-container.av-1s4mh9-15397889f9a9e4b4d467a87411f56eff img.avia_image{\nbox-shadow:none;\n}\n.avia-image-container.av-1s4mh9-15397889f9a9e4b4d467a87411f56eff .av-caption-image-overlay-bg{\nopacity:0.4;\n}\n<\/style>\n<div  class='avia-image-container av-1s4mh9-15397889f9a9e4b4d467a87411f56eff av-styling-no-styling avia_animated_image av-animated-when-visible-95 fade-in avia-align-left  avia-builder-el-178  el_before_av_textblock  avia-builder-el-first  jo_pf_bild noHover av-overlay-hover-deactivate'  ><div class=\"avia-image-container-inner\"><div class=\"avia-image-overlay-wrap\"><a href=\"https:\/\/www.galerie-metzger.de\/wp-content\/uploads\/2023\/03\/Joerg-von-Manz-Elefantenballett-23x40x38cm-galerie-metzger-gallery-keramik-kjunst-kaufen-1090x727.jpg\" data-srcset=\"https:\/\/www.galerie-metzger.de\/wp-content\/uploads\/2023\/03\/Joerg-von-Manz-Elefantenballett-23x40x38cm-galerie-metzger-gallery-keramik-kjunst-kaufen-1090x727.jpg 1090w, https:\/\/www.galerie-metzger.de\/wp-content\/uploads\/2023\/03\/Joerg-von-Manz-Elefantenballett-23x40x38cm-galerie-metzger-gallery-keramik-kjunst-kaufen-690x460.jpg 690w, https:\/\/www.galerie-metzger.de\/wp-content\/uploads\/2023\/03\/Joerg-von-Manz-Elefantenballett-23x40x38cm-galerie-metzger-gallery-keramik-kjunst-kaufen-768x512.jpg 768w, https:\/\/www.galerie-metzger.de\/wp-content\/uploads\/2023\/03\/Joerg-von-Manz-Elefantenballett-23x40x38cm-galerie-metzger-gallery-keramik-kjunst-kaufen-1536x1024.jpg 1536w, https:\/\/www.galerie-metzger.de\/wp-content\/uploads\/2023\/03\/Joerg-von-Manz-Elefantenballett-23x40x38cm-galerie-metzger-gallery-keramik-kjunst-kaufen-2048x1365.jpg 2048w, https:\/\/www.galerie-metzger.de\/wp-content\/uploads\/2023\/03\/Joerg-von-Manz-Elefantenballett-23x40x38cm-galerie-metzger-gallery-keramik-kjunst-kaufen-1500x1000.jpg 1500w, https:\/\/www.galerie-metzger.de\/wp-content\/uploads\/2023\/03\/Joerg-von-Manz-Elefantenballett-23x40x38cm-galerie-metzger-gallery-keramik-kjunst-kaufen-705x470.jpg 705w\" data-sizes=\"(max-width: 1030px) 100vw, 1030px\" class='avia_image' ><div class=\"av-image-caption-overlay\"><div class=\"av-caption-image-overlay-bg\"><\/div><div class=\"av-image-caption-overlay-position\"><div class=\"av-image-caption-overlay-center\"><p>J\u00f6rg von Manz \u2013 o.T. oder &#8222;Elefantenballett&#8220; \u2013 , 23x40x38 cm , Foto: Eduard Baumann<\/p>\n<\/div><\/div><\/div><img decoding=\"async\" class='wp-image-11335 avia-img-lazy-loading-not-11335 avia_image ' src=\"https:\/\/www.galerie-metzger.de\/wp-content\/uploads\/2023\/03\/Joerg-von-Manz-Elefantenballett-23x40x38cm-galerie-metzger-gallery-keramik-kjunst-kaufen-690x460.jpg\" alt='Joerg von Manz - Elefantenballett - 23x40x38 cm' title='Joerg von Manz - Elefantenballett - 23x40x38 cm'  height=\"460\" width=\"690\" srcset=\"https:\/\/www.galerie-metzger.de\/wp-content\/uploads\/2023\/03\/Joerg-von-Manz-Elefantenballett-23x40x38cm-galerie-metzger-gallery-keramik-kjunst-kaufen-690x460.jpg 690w, https:\/\/www.galerie-metzger.de\/wp-content\/uploads\/2023\/03\/Joerg-von-Manz-Elefantenballett-23x40x38cm-galerie-metzger-gallery-keramik-kjunst-kaufen-1090x727.jpg 1090w, https:\/\/www.galerie-metzger.de\/wp-content\/uploads\/2023\/03\/Joerg-von-Manz-Elefantenballett-23x40x38cm-galerie-metzger-gallery-keramik-kjunst-kaufen-768x512.jpg 768w, https:\/\/www.galerie-metzger.de\/wp-content\/uploads\/2023\/03\/Joerg-von-Manz-Elefantenballett-23x40x38cm-galerie-metzger-gallery-keramik-kjunst-kaufen-1536x1024.jpg 1536w, https:\/\/www.galerie-metzger.de\/wp-content\/uploads\/2023\/03\/Joerg-von-Manz-Elefantenballett-23x40x38cm-galerie-metzger-gallery-keramik-kjunst-kaufen-2048x1365.jpg 2048w, https:\/\/www.galerie-metzger.de\/wp-content\/uploads\/2023\/03\/Joerg-von-Manz-Elefantenballett-23x40x38cm-galerie-metzger-gallery-keramik-kjunst-kaufen-1500x1000.jpg 1500w, https:\/\/www.galerie-metzger.de\/wp-content\/uploads\/2023\/03\/Joerg-von-Manz-Elefantenballett-23x40x38cm-galerie-metzger-gallery-keramik-kjunst-kaufen-705x470.jpg 705w\" sizes=\"(max-width: 690px) 100vw, 690px\" \/><\/a><\/div><\/div><\/div><br \/>\n<section  class='av_textblock_section av-4bqrinh-47f63206805c5e7a40e724ab3e68a3a0' ><div class='avia_textblock jo_werk_anfrage lang' ><p><a class=\"anfrage\" href=\"mailto:info@galerie-metzger.de?subject=J\u00f6rg%20von Manz%20o.T.%2023x40x38cm\">Anfrage zum Werk<\/a><\/p>\n<\/div><\/section><\/p><\/div><div class='av-flex-placeholder'><\/div>\n<style type=\"text\/css\" data-created_by=\"avia_inline_auto\" id=\"style-css-av-76vvi0d-daccf0bb2acf81234264aa03820b3d3c\">\n.flex_column.av-76vvi0d-daccf0bb2acf81234264aa03820b3d3c{\n-webkit-border-radius:0px 0px 0px 0px;\n-moz-border-radius:0px 0px 0px 0px;\nborder-radius:0px 0px 0px 0px;\n}\n<\/style>\n<div class='flex_column av-76vvi0d-daccf0bb2acf81234264aa03820b3d3c av_one_third  avia-builder-el-180  el_after_av_one_third  el_before_av_one_third  jo_pf_bild_bg flex_column_table_cell av-equal-height-column av-align-middle av-animated-generic fade-in av-zero-column-padding column-top-margin'     ><p>\n<style type=\"text\/css\" data-created_by=\"avia_inline_auto\" id=\"style-css-av-lf00apvn-c22d7a08cae5b69dde6bfb3fe3cf923f\">\n.avia-image-container.av-lf00apvn-c22d7a08cae5b69dde6bfb3fe3cf923f img.avia_image{\nbox-shadow:none;\n}\n.avia-image-container.av-lf00apvn-c22d7a08cae5b69dde6bfb3fe3cf923f .av-caption-image-overlay-bg{\nopacity:0.4;\n}\n<\/style>\n<div  class='avia-image-container av-lf00apvn-c22d7a08cae5b69dde6bfb3fe3cf923f av-styling-no-styling avia_animated_image av-animated-when-visible-95 fade-in avia-align-left  avia-builder-el-181  el_before_av_textblock  avia-builder-el-first  jo_pf_bild noHover av-overlay-hover-deactivate'  ><div class=\"avia-image-container-inner\"><div class=\"avia-image-overlay-wrap\"><a href=\"https:\/\/www.galerie-metzger.de\/wp-content\/uploads\/2023\/03\/Joerg-von-Manz-Elefantenballett-23x40x38cm-galerie-metzger-keramik-kunst-sculpture-933x1090.jpg\" data-srcset=\"https:\/\/www.galerie-metzger.de\/wp-content\/uploads\/2023\/03\/Joerg-von-Manz-Elefantenballett-23x40x38cm-galerie-metzger-keramik-kunst-sculpture-933x1090.jpg 933w, https:\/\/www.galerie-metzger.de\/wp-content\/uploads\/2023\/03\/Joerg-von-Manz-Elefantenballett-23x40x38cm-galerie-metzger-keramik-kunst-sculpture-690x806.jpg 690w, https:\/\/www.galerie-metzger.de\/wp-content\/uploads\/2023\/03\/Joerg-von-Manz-Elefantenballett-23x40x38cm-galerie-metzger-keramik-kunst-sculpture-768x898.jpg 768w, https:\/\/www.galerie-metzger.de\/wp-content\/uploads\/2023\/03\/Joerg-von-Manz-Elefantenballett-23x40x38cm-galerie-metzger-keramik-kunst-sculpture-1314x1536.jpg 1314w, https:\/\/www.galerie-metzger.de\/wp-content\/uploads\/2023\/03\/Joerg-von-Manz-Elefantenballett-23x40x38cm-galerie-metzger-keramik-kunst-sculpture-1752x2048.jpg 1752w, https:\/\/www.galerie-metzger.de\/wp-content\/uploads\/2023\/03\/Joerg-von-Manz-Elefantenballett-23x40x38cm-galerie-metzger-keramik-kunst-sculpture-1284x1500.jpg 1284w, https:\/\/www.galerie-metzger.de\/wp-content\/uploads\/2023\/03\/Joerg-von-Manz-Elefantenballett-23x40x38cm-galerie-metzger-keramik-kunst-sculpture-603x705.jpg 603w\" data-sizes=\"(max-width: 882px) 100vw, 882px\" class='avia_image' ><div class=\"av-image-caption-overlay\"><div class=\"av-caption-image-overlay-bg\"><\/div><div class=\"av-image-caption-overlay-position\"><div class=\"av-image-caption-overlay-center\"><p>J\u00f6rg von Manz \u2013 o.T. oder &#8222;Elefantenballett&#8220;, Detail \u2013 , 23x40x38 cm , Foto: Eduard Baumann<\/p>\n<\/div><\/div><\/div><img decoding=\"async\" class='wp-image-11304 avia-img-lazy-loading-not-11304 avia_image ' src=\"https:\/\/www.galerie-metzger.de\/wp-content\/uploads\/2023\/03\/Joerg-von-Manz-Elefantenballett-23x40x38cm-galerie-metzger-keramik-kunst-sculpture-690x806.jpg\" alt='Joerg von Manz-Elefantenballett-23x40x38 cm' title='Joerg von Manz-Elefantenballett-23x40x38 cm'  height=\"806\" width=\"690\" srcset=\"https:\/\/www.galerie-metzger.de\/wp-content\/uploads\/2023\/03\/Joerg-von-Manz-Elefantenballett-23x40x38cm-galerie-metzger-keramik-kunst-sculpture-690x806.jpg 690w, https:\/\/www.galerie-metzger.de\/wp-content\/uploads\/2023\/03\/Joerg-von-Manz-Elefantenballett-23x40x38cm-galerie-metzger-keramik-kunst-sculpture-933x1090.jpg 933w, https:\/\/www.galerie-metzger.de\/wp-content\/uploads\/2023\/03\/Joerg-von-Manz-Elefantenballett-23x40x38cm-galerie-metzger-keramik-kunst-sculpture-768x898.jpg 768w, https:\/\/www.galerie-metzger.de\/wp-content\/uploads\/2023\/03\/Joerg-von-Manz-Elefantenballett-23x40x38cm-galerie-metzger-keramik-kunst-sculpture-1314x1536.jpg 1314w, https:\/\/www.galerie-metzger.de\/wp-content\/uploads\/2023\/03\/Joerg-von-Manz-Elefantenballett-23x40x38cm-galerie-metzger-keramik-kunst-sculpture-1752x2048.jpg 1752w, https:\/\/www.galerie-metzger.de\/wp-content\/uploads\/2023\/03\/Joerg-von-Manz-Elefantenballett-23x40x38cm-galerie-metzger-keramik-kunst-sculpture-1284x1500.jpg 1284w, https:\/\/www.galerie-metzger.de\/wp-content\/uploads\/2023\/03\/Joerg-von-Manz-Elefantenballett-23x40x38cm-galerie-metzger-keramik-kunst-sculpture-603x705.jpg 603w\" sizes=\"(max-width: 690px) 100vw, 690px\" \/><\/a><\/div><\/div><\/div><br \/>\n<section  class='av_textblock_section av-6psoaml-16b00e2d7d7ffe0d74852ed2a18a6e21' ><div class='avia_textblock jo_werk_anfrage lang' ><p><a class=\"anfrage\" href=\"mailto:info@galerie-metzger.de?subject=J\u00f6rg%20von Manz%20o.T.%2023x40x38cm\">Anfrage zum Werk<\/a><\/p>\n<\/div><\/section><\/p><\/div><div class='av-flex-placeholder'><\/div>\n<style type=\"text\/css\" data-created_by=\"avia_inline_auto\" id=\"style-css-av-7gkenjh-210b5107e50ae2eb78e98a4482cc2692\">\n.flex_column.av-7gkenjh-210b5107e50ae2eb78e98a4482cc2692{\n-webkit-border-radius:0px 0px 0px 0px;\n-moz-border-radius:0px 0px 0px 0px;\nborder-radius:0px 0px 0px 0px;\n}\n<\/style>\n<div class='flex_column av-7gkenjh-210b5107e50ae2eb78e98a4482cc2692 av_one_third  avia-builder-el-183  el_after_av_one_third  el_before_av_one_full  jo_pf_bild_bg flex_column_table_cell av-equal-height-column av-align-middle av-animated-generic fade-in av-zero-column-padding column-top-margin'     ><p>\n<style type=\"text\/css\" data-created_by=\"avia_inline_auto\" id=\"style-css-av-lf009hio-2582f566b387d53d3199f179b1378367\">\n.avia-image-container.av-lf009hio-2582f566b387d53d3199f179b1378367 img.avia_image{\nbox-shadow:none;\n}\n.avia-image-container.av-lf009hio-2582f566b387d53d3199f179b1378367 .av-caption-image-overlay-bg{\nopacity:0.4;\n}\n<\/style>\n<div  class='avia-image-container av-lf009hio-2582f566b387d53d3199f179b1378367 av-styling-no-styling avia_animated_image av-animated-when-visible-95 fade-in avia-align-left  avia-builder-el-184  el_before_av_textblock  avia-builder-el-first  jo_pf_bild noHover av-overlay-hover-deactivate'  ><div class=\"avia-image-container-inner\"><div class=\"avia-image-overlay-wrap\"><a href=\"https:\/\/www.galerie-metzger.de\/wp-content\/uploads\/2023\/03\/Joerg-von-Manz-Elefanrtenbalett-23x40x38cm-1090x727.jpg\" data-srcset=\"https:\/\/www.galerie-metzger.de\/wp-content\/uploads\/2023\/03\/Joerg-von-Manz-Elefanrtenbalett-23x40x38cm-1090x727.jpg 1090w, https:\/\/www.galerie-metzger.de\/wp-content\/uploads\/2023\/03\/Joerg-von-Manz-Elefanrtenbalett-23x40x38cm-690x460.jpg 690w, https:\/\/www.galerie-metzger.de\/wp-content\/uploads\/2023\/03\/Joerg-von-Manz-Elefanrtenbalett-23x40x38cm-768x512.jpg 768w, https:\/\/www.galerie-metzger.de\/wp-content\/uploads\/2023\/03\/Joerg-von-Manz-Elefanrtenbalett-23x40x38cm-1536x1024.jpg 1536w, https:\/\/www.galerie-metzger.de\/wp-content\/uploads\/2023\/03\/Joerg-von-Manz-Elefanrtenbalett-23x40x38cm-2048x1365.jpg 2048w, https:\/\/www.galerie-metzger.de\/wp-content\/uploads\/2023\/03\/Joerg-von-Manz-Elefanrtenbalett-23x40x38cm-1500x1000.jpg 1500w, https:\/\/www.galerie-metzger.de\/wp-content\/uploads\/2023\/03\/Joerg-von-Manz-Elefanrtenbalett-23x40x38cm-705x470.jpg 705w\" data-sizes=\"(max-width: 1030px) 100vw, 1030px\" class='avia_image' ><div class=\"av-image-caption-overlay\"><div class=\"av-caption-image-overlay-bg\"><\/div><div class=\"av-image-caption-overlay-position\"><div class=\"av-image-caption-overlay-center\"><p>J\u00f6rg von Manz \u2013 o.T. oder &#8222;Elefantenballett&#8220; \u2013 , 23x40x38 cm , Foto: Eduard Baumann<\/p>\n<\/div><\/div><\/div><img decoding=\"async\" class='wp-image-11276 avia-img-lazy-loading-not-11276 avia_image ' src=\"https:\/\/www.galerie-metzger.de\/wp-content\/uploads\/2023\/03\/Joerg-von-Manz-Elefanrtenbalett-23x40x38cm-690x460.jpg\" alt='Joerg von Manz -Elefantenballett - 23x40x38 cm' title='Joerg von Manz - Elefantenballett - 23x40x38 cm'  height=\"460\" width=\"690\" srcset=\"https:\/\/www.galerie-metzger.de\/wp-content\/uploads\/2023\/03\/Joerg-von-Manz-Elefanrtenbalett-23x40x38cm-690x460.jpg 690w, https:\/\/www.galerie-metzger.de\/wp-content\/uploads\/2023\/03\/Joerg-von-Manz-Elefanrtenbalett-23x40x38cm-1090x727.jpg 1090w, https:\/\/www.galerie-metzger.de\/wp-content\/uploads\/2023\/03\/Joerg-von-Manz-Elefanrtenbalett-23x40x38cm-768x512.jpg 768w, https:\/\/www.galerie-metzger.de\/wp-content\/uploads\/2023\/03\/Joerg-von-Manz-Elefanrtenbalett-23x40x38cm-1536x1024.jpg 1536w, https:\/\/www.galerie-metzger.de\/wp-content\/uploads\/2023\/03\/Joerg-von-Manz-Elefanrtenbalett-23x40x38cm-2048x1365.jpg 2048w, https:\/\/www.galerie-metzger.de\/wp-content\/uploads\/2023\/03\/Joerg-von-Manz-Elefanrtenbalett-23x40x38cm-1500x1000.jpg 1500w, https:\/\/www.galerie-metzger.de\/wp-content\/uploads\/2023\/03\/Joerg-von-Manz-Elefanrtenbalett-23x40x38cm-705x470.jpg 705w\" sizes=\"(max-width: 690px) 100vw, 690px\" \/><\/a><\/div><\/div><\/div><br \/>\n<section  class='av_textblock_section av-lf009vhv-7771540c0d49f10b5afa1607452b317d' ><div class='avia_textblock jo_werk_anfrage lang' ><p><a class=\"anfrage\" href=\"mailto:info@galerie-metzger.de?subject=J\u00f6rg%20von Manz%20o.T.%2023x40x38cm\">Anfrage zum Werk<\/a><\/p>\n<\/div><\/section><\/p><\/div><\/div><!--close column table wrapper. Autoclose: 1 --><div class='flex_column_table av-58bevql-8aa70c0fd85d4c07e13c68f27c2c60c6 sc-av_one_full av-equal-height-column-flextable'>\n<style type=\"text\/css\" data-created_by=\"avia_inline_auto\" id=\"style-css-av-58bevql-8aa70c0fd85d4c07e13c68f27c2c60c6\">\n.flex_column.av-58bevql-8aa70c0fd85d4c07e13c68f27c2c60c6{\n-webkit-border-radius:0px 0px 0px 0px;\n-moz-border-radius:0px 0px 0px 0px;\nborder-radius:0px 0px 0px 0px;\n}\n<\/style>\n<div class='flex_column av-58bevql-8aa70c0fd85d4c07e13c68f27c2c60c6 av_one_full  avia-builder-el-186  el_after_av_one_third  el_before_av_two_third  jo_col_empty first flex_column_table_cell av-equal-height-column av-align-top av-animated-generic fade-in av-zero-column-padding column-top-margin'     ><section  class='av_textblock_section av-4zqlc99-2845c6d9260021f9b129d57bda7533e1' ><div class='avia_textblock' ><p>invisible placeholder<\/p>\n<\/div><\/section><\/div><\/div><!--close column table wrapper. Autoclose: 1 --><div class='flex_column_table av-4dxh0tp-37b97e6e889f07de07fae1d56dbe86f2 sc-av_two_third av-equal-height-column-flextable'>\n<style type=\"text\/css\" data-created_by=\"avia_inline_auto\" id=\"style-css-av-4dxh0tp-37b97e6e889f07de07fae1d56dbe86f2\">\n.flex_column.av-4dxh0tp-37b97e6e889f07de07fae1d56dbe86f2{\n-webkit-border-radius:0px 0px 0px 0px;\n-moz-border-radius:0px 0px 0px 0px;\nborder-radius:0px 0px 0px 0px;\n}\n<\/style>\n<div class='flex_column av-4dxh0tp-37b97e6e889f07de07fae1d56dbe86f2 av_two_third  avia-builder-el-188  el_after_av_one_full  el_before_av_one_third  jo_pf_bild_bg first flex_column_table_cell av-equal-height-column av-align-middle av-animated-generic fade-in av-zero-column-padding column-top-margin'     ><p>\n<style type=\"text\/css\" data-created_by=\"avia_inline_auto\" id=\"style-css-av-lf00essz-bcb97ed3904757d5dacafdb8234939c3\">\n.avia-image-container.av-lf00essz-bcb97ed3904757d5dacafdb8234939c3 img.avia_image{\nbox-shadow:none;\n}\n.avia-image-container.av-lf00essz-bcb97ed3904757d5dacafdb8234939c3 .av-caption-image-overlay-bg{\nopacity:0.4;\n}\n<\/style>\n<div  class='avia-image-container av-lf00essz-bcb97ed3904757d5dacafdb8234939c3 av-styling-no-styling avia_animated_image av-animated-when-visible-95 fade-in avia-align-left  avia-builder-el-189  el_before_av_textblock  avia-builder-el-first  jo_pf_bild noHover av-overlay-hover-deactivate'  ><div class=\"avia-image-container-inner\"><div class=\"avia-image-overlay-wrap\"><a href=\"https:\/\/www.galerie-metzger.de\/wp-content\/uploads\/2023\/03\/christoph-Moeller-oT-galerie-metzger-gallery-skulptur-keramik-1090x727.jpg\" data-srcset=\"https:\/\/www.galerie-metzger.de\/wp-content\/uploads\/2023\/03\/christoph-Moeller-oT-galerie-metzger-gallery-skulptur-keramik-1090x727.jpg 1090w, https:\/\/www.galerie-metzger.de\/wp-content\/uploads\/2023\/03\/christoph-Moeller-oT-galerie-metzger-gallery-skulptur-keramik-690x460.jpg 690w, https:\/\/www.galerie-metzger.de\/wp-content\/uploads\/2023\/03\/christoph-Moeller-oT-galerie-metzger-gallery-skulptur-keramik-768x512.jpg 768w, https:\/\/www.galerie-metzger.de\/wp-content\/uploads\/2023\/03\/christoph-Moeller-oT-galerie-metzger-gallery-skulptur-keramik-1536x1024.jpg 1536w, https:\/\/www.galerie-metzger.de\/wp-content\/uploads\/2023\/03\/christoph-Moeller-oT-galerie-metzger-gallery-skulptur-keramik-2048x1365.jpg 2048w, https:\/\/www.galerie-metzger.de\/wp-content\/uploads\/2023\/03\/christoph-Moeller-oT-galerie-metzger-gallery-skulptur-keramik-1500x1000.jpg 1500w, https:\/\/www.galerie-metzger.de\/wp-content\/uploads\/2023\/03\/christoph-Moeller-oT-galerie-metzger-gallery-skulptur-keramik-705x470.jpg 705w\" data-sizes=\"(max-width: 1030px) 100vw, 1030px\" class='avia_image' ><div class=\"av-image-caption-overlay\"><div class=\"av-caption-image-overlay-bg\"><\/div><div class=\"av-image-caption-overlay-position\"><div class=\"av-image-caption-overlay-center\"><p>Christoph M\u00f6ller \u2013 o.T. \u2013 , 2019, 35x56x37 cm, Foto: Christoph M\u00f6ller<\/p>\n<\/div><\/div><\/div><img decoding=\"async\" class='wp-image-11357 avia-img-lazy-loading-not-11357 avia_image ' src=\"https:\/\/www.galerie-metzger.de\/wp-content\/uploads\/2023\/03\/christoph-Moeller-oT-galerie-metzger-gallery-skulptur-keramik-1090x727.jpg\" alt='Christoph M\u00f6ller o.T. galerie metzger gallery skulptur keramik' title='Christoph M\u00f6ller o.T.'  height=\"687\" width=\"1030\" srcset=\"https:\/\/www.galerie-metzger.de\/wp-content\/uploads\/2023\/03\/christoph-Moeller-oT-galerie-metzger-gallery-skulptur-keramik-1090x727.jpg 1090w, https:\/\/www.galerie-metzger.de\/wp-content\/uploads\/2023\/03\/christoph-Moeller-oT-galerie-metzger-gallery-skulptur-keramik-690x460.jpg 690w, https:\/\/www.galerie-metzger.de\/wp-content\/uploads\/2023\/03\/christoph-Moeller-oT-galerie-metzger-gallery-skulptur-keramik-768x512.jpg 768w, https:\/\/www.galerie-metzger.de\/wp-content\/uploads\/2023\/03\/christoph-Moeller-oT-galerie-metzger-gallery-skulptur-keramik-1536x1024.jpg 1536w, https:\/\/www.galerie-metzger.de\/wp-content\/uploads\/2023\/03\/christoph-Moeller-oT-galerie-metzger-gallery-skulptur-keramik-2048x1365.jpg 2048w, https:\/\/www.galerie-metzger.de\/wp-content\/uploads\/2023\/03\/christoph-Moeller-oT-galerie-metzger-gallery-skulptur-keramik-1500x1000.jpg 1500w, https:\/\/www.galerie-metzger.de\/wp-content\/uploads\/2023\/03\/christoph-Moeller-oT-galerie-metzger-gallery-skulptur-keramik-705x470.jpg 705w\" sizes=\"(max-width: 1030px) 100vw, 1030px\" \/><\/a><\/div><\/div><\/div><br \/>\n<section  class='av_textblock_section av-lf02pzsu-ddd0f3f1996863f5949e8f2ca6b590d2' ><div class='avia_textblock jo_werk_anfrage' ><p><a class=\"anfrage\" href=\"mailto:info@galerie-metzger.de?subject=Christoph%20M\u00f6ller%20o.T.%2035x56x37cm\">Anfrage zum Werk<\/a><\/p>\n<\/div><\/section><\/p><\/div><div class='av-flex-placeholder'><\/div>\n<style type=\"text\/css\" data-created_by=\"avia_inline_auto\" id=\"style-css-av-3x9c31p-714845e89afbeafbe27afa650b9a6d76\">\n.flex_column.av-3x9c31p-714845e89afbeafbe27afa650b9a6d76{\n-webkit-border-radius:0px 0px 0px 0px;\n-moz-border-radius:0px 0px 0px 0px;\nborder-radius:0px 0px 0px 0px;\n}\n<\/style>\n<div class='flex_column av-3x9c31p-714845e89afbeafbe27afa650b9a6d76 av_one_third  avia-builder-el-191  el_after_av_two_third  el_before_av_one_full  jo_pf_bild_bg flex_column_table_cell av-equal-height-column av-align-middle av-animated-generic fade-in av-zero-column-padding column-top-margin'     ><p>\n<style type=\"text\/css\" data-created_by=\"avia_inline_auto\" id=\"style-css-av-lf02rwhd-c33b977b8558a93506fc9f7205992fe0\">\n.avia-image-container.av-lf02rwhd-c33b977b8558a93506fc9f7205992fe0 img.avia_image{\nbox-shadow:none;\n}\n.avia-image-container.av-lf02rwhd-c33b977b8558a93506fc9f7205992fe0 .av-caption-image-overlay-bg{\nopacity:0.4;\n}\n<\/style>\n<div  class='avia-image-container av-lf02rwhd-c33b977b8558a93506fc9f7205992fe0 av-styling-no-styling avia_animated_image av-animated-when-visible-95 fade-in avia-align-left  avia-builder-el-192  el_before_av_textblock  avia-builder-el-first  jo_pf_bild noHover av-overlay-hover-deactivate'  ><div class=\"avia-image-container-inner\"><div class=\"avia-image-overlay-wrap\"><a href=\"https:\/\/www.galerie-metzger.de\/wp-content\/uploads\/2023\/03\/Christoph-Moellergalerie-metzger-keramik-kunst-gallery-1090x1090.jpg\" data-srcset=\"https:\/\/www.galerie-metzger.de\/wp-content\/uploads\/2023\/03\/Christoph-Moellergalerie-metzger-keramik-kunst-gallery-1090x1090.jpg 1090w, https:\/\/www.galerie-metzger.de\/wp-content\/uploads\/2023\/03\/Christoph-Moellergalerie-metzger-keramik-kunst-gallery-690x690.jpg 690w, https:\/\/www.galerie-metzger.de\/wp-content\/uploads\/2023\/03\/Christoph-Moellergalerie-metzger-keramik-kunst-gallery-80x80.jpg 80w, https:\/\/www.galerie-metzger.de\/wp-content\/uploads\/2023\/03\/Christoph-Moellergalerie-metzger-keramik-kunst-gallery-768x768.jpg 768w, https:\/\/www.galerie-metzger.de\/wp-content\/uploads\/2023\/03\/Christoph-Moellergalerie-metzger-keramik-kunst-gallery-1536x1536.jpg 1536w, https:\/\/www.galerie-metzger.de\/wp-content\/uploads\/2023\/03\/Christoph-Moellergalerie-metzger-keramik-kunst-gallery-2048x2048.jpg 2048w, https:\/\/www.galerie-metzger.de\/wp-content\/uploads\/2023\/03\/Christoph-Moellergalerie-metzger-keramik-kunst-gallery-36x36.jpg 36w, https:\/\/www.galerie-metzger.de\/wp-content\/uploads\/2023\/03\/Christoph-Moellergalerie-metzger-keramik-kunst-gallery-180x180.jpg 180w, https:\/\/www.galerie-metzger.de\/wp-content\/uploads\/2023\/03\/Christoph-Moellergalerie-metzger-keramik-kunst-gallery-1500x1500.jpg 1500w, https:\/\/www.galerie-metzger.de\/wp-content\/uploads\/2023\/03\/Christoph-Moellergalerie-metzger-keramik-kunst-gallery-705x705.jpg 705w\" data-sizes=\"(max-width: 1030px) 100vw, 1030px\" class='avia_image' ><div class=\"av-image-caption-overlay\"><div class=\"av-caption-image-overlay-bg\"><\/div><div class=\"av-image-caption-overlay-position\"><div class=\"av-image-caption-overlay-center\"><p>Christoph M\u00f6ller \u2013 o.T. \u2013 , 2018, 57x57x55 cm, Foto: Christoph M\u00f6ller<\/p>\n<\/div><\/div><\/div><img decoding=\"async\" class='wp-image-11327 avia-img-lazy-loading-not-11327 avia_image ' src=\"https:\/\/www.galerie-metzger.de\/wp-content\/uploads\/2023\/03\/Christoph-Moellergalerie-metzger-keramik-kunst-gallery-690x690.jpg\" alt='Christoph Moeller - o.T.' title='Christoph Moeller - o.T.'  height=\"690\" width=\"690\" srcset=\"https:\/\/www.galerie-metzger.de\/wp-content\/uploads\/2023\/03\/Christoph-Moellergalerie-metzger-keramik-kunst-gallery-690x690.jpg 690w, https:\/\/www.galerie-metzger.de\/wp-content\/uploads\/2023\/03\/Christoph-Moellergalerie-metzger-keramik-kunst-gallery-1090x1090.jpg 1090w, https:\/\/www.galerie-metzger.de\/wp-content\/uploads\/2023\/03\/Christoph-Moellergalerie-metzger-keramik-kunst-gallery-80x80.jpg 80w, https:\/\/www.galerie-metzger.de\/wp-content\/uploads\/2023\/03\/Christoph-Moellergalerie-metzger-keramik-kunst-gallery-768x768.jpg 768w, https:\/\/www.galerie-metzger.de\/wp-content\/uploads\/2023\/03\/Christoph-Moellergalerie-metzger-keramik-kunst-gallery-1536x1536.jpg 1536w, https:\/\/www.galerie-metzger.de\/wp-content\/uploads\/2023\/03\/Christoph-Moellergalerie-metzger-keramik-kunst-gallery-2048x2048.jpg 2048w, https:\/\/www.galerie-metzger.de\/wp-content\/uploads\/2023\/03\/Christoph-Moellergalerie-metzger-keramik-kunst-gallery-36x36.jpg 36w, https:\/\/www.galerie-metzger.de\/wp-content\/uploads\/2023\/03\/Christoph-Moellergalerie-metzger-keramik-kunst-gallery-180x180.jpg 180w, https:\/\/www.galerie-metzger.de\/wp-content\/uploads\/2023\/03\/Christoph-Moellergalerie-metzger-keramik-kunst-gallery-1500x1500.jpg 1500w, https:\/\/www.galerie-metzger.de\/wp-content\/uploads\/2023\/03\/Christoph-Moellergalerie-metzger-keramik-kunst-gallery-705x705.jpg 705w\" sizes=\"(max-width: 690px) 100vw, 690px\" \/><\/a><\/div><\/div><\/div><br \/>\n<section  class='av_textblock_section av-lf02sckx-16fafc49aa12e1e714b111e2548d9507' ><div class='avia_textblock jo_werk_anfrage' ><p><a class=\"anfrage\" href=\"mailto:info@galerie-metzger.de?subject=Christoph%20M\u00f6ller%20o.T.%2057x57x55 cm\">Anfrage zum Werk<\/a><\/p>\n<\/div><\/section><\/p><\/div><\/div><!--close column table wrapper. Autoclose: 1 --><div class='flex_column_table av-24u7m67-217-52349a7a1472829030dfbe0b19e9b5a1 sc-av_one_full av-equal-height-column-flextable'>\n<style type=\"text\/css\" data-created_by=\"avia_inline_auto\" id=\"style-css-av-24u7m67-217-52349a7a1472829030dfbe0b19e9b5a1\">\n.flex_column.av-24u7m67-217-52349a7a1472829030dfbe0b19e9b5a1{\n-webkit-border-radius:0px 0px 0px 0px;\n-moz-border-radius:0px 0px 0px 0px;\nborder-radius:0px 0px 0px 0px;\n}\n<\/style>\n<div class='flex_column av-24u7m67-217-52349a7a1472829030dfbe0b19e9b5a1 av_one_full  avia-builder-el-194  el_after_av_one_third  el_before_av_one_third  jo_col_empty first flex_column_table_cell av-equal-height-column av-align-top av-animated-generic fade-in av-zero-column-padding column-top-margin'     ><section  class='av_textblock_section av-23pq51b-216-3d0055a1131070a5df7b75957cc08256' ><div class='avia_textblock' ><p>invisible placeholder<\/p>\n<\/div><\/section><\/div><\/div><!--close column table wrapper. Autoclose: 1 --><div class='flex_column_table av-3g64vnx-82d9ec03369e5611cac6acbbf82f7e3b sc-av_one_third av-equal-height-column-flextable'>\n<style type=\"text\/css\" data-created_by=\"avia_inline_auto\" id=\"style-css-av-3g64vnx-82d9ec03369e5611cac6acbbf82f7e3b\">\n.flex_column.av-3g64vnx-82d9ec03369e5611cac6acbbf82f7e3b{\n-webkit-border-radius:0px 0px 0px 0px;\n-moz-border-radius:0px 0px 0px 0px;\nborder-radius:0px 0px 0px 0px;\n}\n<\/style>\n<div class='flex_column av-3g64vnx-82d9ec03369e5611cac6acbbf82f7e3b av_one_third  avia-builder-el-196  el_after_av_one_full  el_before_av_one_third  jo_pf_bild_bg first flex_column_table_cell av-equal-height-column av-align-middle av-animated-generic fade-in av-zero-column-padding column-top-margin'     ><p>\n<style type=\"text\/css\" data-created_by=\"avia_inline_auto\" id=\"style-css-av-lf02uorv-cc9f109fa8c31329d32672aff1f3fbd1\">\n.avia-image-container.av-lf02uorv-cc9f109fa8c31329d32672aff1f3fbd1 img.avia_image{\nbox-shadow:none;\n}\n.avia-image-container.av-lf02uorv-cc9f109fa8c31329d32672aff1f3fbd1 .av-caption-image-overlay-bg{\nopacity:0.4;\n}\n<\/style>\n<div  class='avia-image-container av-lf02uorv-cc9f109fa8c31329d32672aff1f3fbd1 av-styling-no-styling avia_animated_image av-animated-when-visible-95 fade-in avia-align-left  avia-builder-el-197  el_before_av_textblock  avia-builder-el-first  jo_pf_bild noHover av-overlay-hover-deactivate'  ><div class=\"avia-image-container-inner\"><div class=\"avia-image-overlay-wrap\"><a href=\"https:\/\/www.galerie-metzger.de\/wp-content\/uploads\/2023\/03\/Christoph-Moeller-o.T.-galerie-metzger-skulptur-kunst-keramik-1090x727.jpg\" data-srcset=\"https:\/\/www.galerie-metzger.de\/wp-content\/uploads\/2023\/03\/Christoph-Moeller-o.T.-galerie-metzger-skulptur-kunst-keramik-1090x727.jpg 1090w, https:\/\/www.galerie-metzger.de\/wp-content\/uploads\/2023\/03\/Christoph-Moeller-o.T.-galerie-metzger-skulptur-kunst-keramik-690x460.jpg 690w, https:\/\/www.galerie-metzger.de\/wp-content\/uploads\/2023\/03\/Christoph-Moeller-o.T.-galerie-metzger-skulptur-kunst-keramik-768x512.jpg 768w, https:\/\/www.galerie-metzger.de\/wp-content\/uploads\/2023\/03\/Christoph-Moeller-o.T.-galerie-metzger-skulptur-kunst-keramik-1536x1024.jpg 1536w, https:\/\/www.galerie-metzger.de\/wp-content\/uploads\/2023\/03\/Christoph-Moeller-o.T.-galerie-metzger-skulptur-kunst-keramik-2048x1365.jpg 2048w, https:\/\/www.galerie-metzger.de\/wp-content\/uploads\/2023\/03\/Christoph-Moeller-o.T.-galerie-metzger-skulptur-kunst-keramik-1500x1000.jpg 1500w, https:\/\/www.galerie-metzger.de\/wp-content\/uploads\/2023\/03\/Christoph-Moeller-o.T.-galerie-metzger-skulptur-kunst-keramik-705x470.jpg 705w\" data-sizes=\"(max-width: 1030px) 100vw, 1030px\" class='avia_image' ><div class=\"av-image-caption-overlay\"><div class=\"av-caption-image-overlay-bg\"><\/div><div class=\"av-image-caption-overlay-position\"><div class=\"av-image-caption-overlay-center\"><p>Christoph M\u00f6ller \u2013 o.T. \u2013 , 2014, 14x34x26 cm, Foto: Christoph M\u00f6ller<\/p>\n<\/div><\/div><\/div><img decoding=\"async\" class='wp-image-11325 avia-img-lazy-loading-not-11325 avia_image ' src=\"https:\/\/www.galerie-metzger.de\/wp-content\/uploads\/2023\/03\/Christoph-Moeller-o.T.-galerie-metzger-skulptur-kunst-keramik-690x460.jpg\" alt='Christoph Moeller - o.T.' title='Christoph Moeller - o.T.'  height=\"460\" width=\"690\" srcset=\"https:\/\/www.galerie-metzger.de\/wp-content\/uploads\/2023\/03\/Christoph-Moeller-o.T.-galerie-metzger-skulptur-kunst-keramik-690x460.jpg 690w, https:\/\/www.galerie-metzger.de\/wp-content\/uploads\/2023\/03\/Christoph-Moeller-o.T.-galerie-metzger-skulptur-kunst-keramik-1090x727.jpg 1090w, https:\/\/www.galerie-metzger.de\/wp-content\/uploads\/2023\/03\/Christoph-Moeller-o.T.-galerie-metzger-skulptur-kunst-keramik-768x512.jpg 768w, https:\/\/www.galerie-metzger.de\/wp-content\/uploads\/2023\/03\/Christoph-Moeller-o.T.-galerie-metzger-skulptur-kunst-keramik-1536x1024.jpg 1536w, https:\/\/www.galerie-metzger.de\/wp-content\/uploads\/2023\/03\/Christoph-Moeller-o.T.-galerie-metzger-skulptur-kunst-keramik-2048x1365.jpg 2048w, https:\/\/www.galerie-metzger.de\/wp-content\/uploads\/2023\/03\/Christoph-Moeller-o.T.-galerie-metzger-skulptur-kunst-keramik-1500x1000.jpg 1500w, https:\/\/www.galerie-metzger.de\/wp-content\/uploads\/2023\/03\/Christoph-Moeller-o.T.-galerie-metzger-skulptur-kunst-keramik-705x470.jpg 705w\" sizes=\"(max-width: 690px) 100vw, 690px\" \/><\/a><\/div><\/div><\/div><br \/>\n<section  class='av_textblock_section av-lf02v1mq-376adf430f415b3a026025269e4fc96b' ><div class='avia_textblock jo_werk_anfrage' ><p><a class=\"anfrage\" href=\"mailto:info@galerie-metzger.de?subject=Christoph%20M\u00f6ller%20o.T.%2014x34x26 cm\">Anfrage zum Werk<\/a><\/p>\n<\/div><\/section><\/p><\/div><div class='av-flex-placeholder'><\/div>\n<style type=\"text\/css\" data-created_by=\"avia_inline_auto\" id=\"style-css-av-bfy231-f66c87fccf84f7d1b546072c37309632\">\n.flex_column.av-bfy231-f66c87fccf84f7d1b546072c37309632{\n-webkit-border-radius:0px 0px 0px 0px;\n-moz-border-radius:0px 0px 0px 0px;\nborder-radius:0px 0px 0px 0px;\n}\n<\/style>\n<div class='flex_column av-bfy231-f66c87fccf84f7d1b546072c37309632 av_one_third  avia-builder-el-199  el_after_av_one_third  el_before_av_one_third  jo_pf_bild_bg flex_column_table_cell av-equal-height-column av-align-middle av-animated-generic fade-in av-zero-column-padding column-top-margin'     ><p>\n<style type=\"text\/css\" data-created_by=\"avia_inline_auto\" id=\"style-css-av-lf02vulm-7209387aee125dc3fffc0e1f22a0efa2\">\n.avia-image-container.av-lf02vulm-7209387aee125dc3fffc0e1f22a0efa2 img.avia_image{\nbox-shadow:none;\n}\n.avia-image-container.av-lf02vulm-7209387aee125dc3fffc0e1f22a0efa2 .av-caption-image-overlay-bg{\nopacity:0.4;\n}\n<\/style>\n<div  class='avia-image-container av-lf02vulm-7209387aee125dc3fffc0e1f22a0efa2 av-styling-no-styling avia_animated_image av-animated-when-visible-95 fade-in avia-align-left  avia-builder-el-200  el_before_av_textblock  avia-builder-el-first  jo_pf_bild noHover av-overlay-hover-deactivate'  ><div class=\"avia-image-container-inner\"><div class=\"avia-image-overlay-wrap\"><a href=\"https:\/\/www.galerie-metzger.de\/wp-content\/uploads\/2023\/03\/Christoph-Moeller-galerie-metzger-sculpture-kunst-1090x727.jpg\" data-srcset=\"https:\/\/www.galerie-metzger.de\/wp-content\/uploads\/2023\/03\/Christoph-Moeller-galerie-metzger-sculpture-kunst-1090x727.jpg 1090w, https:\/\/www.galerie-metzger.de\/wp-content\/uploads\/2023\/03\/Christoph-Moeller-galerie-metzger-sculpture-kunst-690x460.jpg 690w, https:\/\/www.galerie-metzger.de\/wp-content\/uploads\/2023\/03\/Christoph-Moeller-galerie-metzger-sculpture-kunst-768x512.jpg 768w, https:\/\/www.galerie-metzger.de\/wp-content\/uploads\/2023\/03\/Christoph-Moeller-galerie-metzger-sculpture-kunst-1536x1024.jpg 1536w, https:\/\/www.galerie-metzger.de\/wp-content\/uploads\/2023\/03\/Christoph-Moeller-galerie-metzger-sculpture-kunst-2048x1365.jpg 2048w, https:\/\/www.galerie-metzger.de\/wp-content\/uploads\/2023\/03\/Christoph-Moeller-galerie-metzger-sculpture-kunst-1500x1000.jpg 1500w, https:\/\/www.galerie-metzger.de\/wp-content\/uploads\/2023\/03\/Christoph-Moeller-galerie-metzger-sculpture-kunst-705x470.jpg 705w\" data-sizes=\"(max-width: 1030px) 100vw, 1030px\" class='avia_image' ><div class=\"av-image-caption-overlay\"><div class=\"av-caption-image-overlay-bg\"><\/div><div class=\"av-image-caption-overlay-position\"><div class=\"av-image-caption-overlay-center\"><p>Christoph M\u00f6ller \u2013 o.T. \u2013 , 2014, 12x34x17 cm, Foto: Christoph M\u00f6ller<\/p>\n<\/div><\/div><\/div><img decoding=\"async\" class='wp-image-11323 avia-img-lazy-loading-not-11323 avia_image ' src=\"https:\/\/www.galerie-metzger.de\/wp-content\/uploads\/2023\/03\/Christoph-Moeller-galerie-metzger-sculpture-kunst-690x460.jpg\" alt='Christoph Moeller - o.T.' title='Christoph Moeller - o.T.'  height=\"460\" width=\"690\" srcset=\"https:\/\/www.galerie-metzger.de\/wp-content\/uploads\/2023\/03\/Christoph-Moeller-galerie-metzger-sculpture-kunst-690x460.jpg 690w, https:\/\/www.galerie-metzger.de\/wp-content\/uploads\/2023\/03\/Christoph-Moeller-galerie-metzger-sculpture-kunst-1090x727.jpg 1090w, https:\/\/www.galerie-metzger.de\/wp-content\/uploads\/2023\/03\/Christoph-Moeller-galerie-metzger-sculpture-kunst-768x512.jpg 768w, https:\/\/www.galerie-metzger.de\/wp-content\/uploads\/2023\/03\/Christoph-Moeller-galerie-metzger-sculpture-kunst-1536x1024.jpg 1536w, https:\/\/www.galerie-metzger.de\/wp-content\/uploads\/2023\/03\/Christoph-Moeller-galerie-metzger-sculpture-kunst-2048x1365.jpg 2048w, https:\/\/www.galerie-metzger.de\/wp-content\/uploads\/2023\/03\/Christoph-Moeller-galerie-metzger-sculpture-kunst-1500x1000.jpg 1500w, https:\/\/www.galerie-metzger.de\/wp-content\/uploads\/2023\/03\/Christoph-Moeller-galerie-metzger-sculpture-kunst-705x470.jpg 705w\" sizes=\"(max-width: 690px) 100vw, 690px\" \/><\/a><\/div><\/div><\/div><br \/>\n<section  class='av_textblock_section av-lf02w9uw-aaf792543fe5fb0d02b85e4b2cadf267' ><div class='avia_textblock jo_werk_anfrage' ><p><a class=\"anfrage\" href=\"mailto:info@galerie-metzger.de?subject=Christoph%20M\u00f6ller%20o.T.%2012x34x17 cm\">Anfrage zum Werk<\/a><\/p>\n<\/div><\/section><\/p><\/div><div class='av-flex-placeholder'><\/div>\n<style type=\"text\/css\" data-created_by=\"avia_inline_auto\" id=\"style-css-av-2gsotv1-6679caa66ba51f4d9ad1abbc0b39e75c\">\n.flex_column.av-2gsotv1-6679caa66ba51f4d9ad1abbc0b39e75c{\n-webkit-border-radius:0px 0px 0px 0px;\n-moz-border-radius:0px 0px 0px 0px;\nborder-radius:0px 0px 0px 0px;\n}\n<\/style>\n<div class='flex_column av-2gsotv1-6679caa66ba51f4d9ad1abbc0b39e75c av_one_third  avia-builder-el-202  el_after_av_one_third  el_before_av_one_full  jo_pf_bild_bg flex_column_table_cell av-equal-height-column av-align-middle av-animated-generic fade-in av-zero-column-padding column-top-margin'     ><p>\n<style type=\"text\/css\" data-created_by=\"avia_inline_auto\" id=\"style-css-av-lf02x9r7-3143f26d122c96cbdbf4987349522b11\">\n.avia-image-container.av-lf02x9r7-3143f26d122c96cbdbf4987349522b11 img.avia_image{\nbox-shadow:none;\n}\n.avia-image-container.av-lf02x9r7-3143f26d122c96cbdbf4987349522b11 .av-caption-image-overlay-bg{\nopacity:0.4;\n}\n<\/style>\n<div  class='avia-image-container av-lf02x9r7-3143f26d122c96cbdbf4987349522b11 av-styling-no-styling avia_animated_image av-animated-when-visible-95 fade-in avia-align-left  avia-builder-el-203  el_before_av_textblock  avia-builder-el-first  jo_pf_bild noHover av-overlay-hover-deactivate'  ><div class=\"avia-image-container-inner\"><div class=\"avia-image-overlay-wrap\"><a href=\"https:\/\/www.galerie-metzger.de\/wp-content\/uploads\/2023\/03\/Christoph-Moeller-galerie-metzger-gallery-sculpture-ceramic-art-object-1090x727.jpg\" data-srcset=\"https:\/\/www.galerie-metzger.de\/wp-content\/uploads\/2023\/03\/Christoph-Moeller-galerie-metzger-gallery-sculpture-ceramic-art-object-1090x727.jpg 1090w, https:\/\/www.galerie-metzger.de\/wp-content\/uploads\/2023\/03\/Christoph-Moeller-galerie-metzger-gallery-sculpture-ceramic-art-object-690x460.jpg 690w, https:\/\/www.galerie-metzger.de\/wp-content\/uploads\/2023\/03\/Christoph-Moeller-galerie-metzger-gallery-sculpture-ceramic-art-object-768x512.jpg 768w, https:\/\/www.galerie-metzger.de\/wp-content\/uploads\/2023\/03\/Christoph-Moeller-galerie-metzger-gallery-sculpture-ceramic-art-object-1536x1024.jpg 1536w, https:\/\/www.galerie-metzger.de\/wp-content\/uploads\/2023\/03\/Christoph-Moeller-galerie-metzger-gallery-sculpture-ceramic-art-object-2048x1365.jpg 2048w, https:\/\/www.galerie-metzger.de\/wp-content\/uploads\/2023\/03\/Christoph-Moeller-galerie-metzger-gallery-sculpture-ceramic-art-object-1500x1000.jpg 1500w, https:\/\/www.galerie-metzger.de\/wp-content\/uploads\/2023\/03\/Christoph-Moeller-galerie-metzger-gallery-sculpture-ceramic-art-object-705x470.jpg 705w\" data-sizes=\"(max-width: 1030px) 100vw, 1030px\" class='avia_image' ><div class=\"av-image-caption-overlay\"><div class=\"av-caption-image-overlay-bg\"><\/div><div class=\"av-image-caption-overlay-position\"><div class=\"av-image-caption-overlay-center\"><p>Christoph M\u00f6ller \u2013 o.T. \u2013 , 2018, 9x27x14 cm, Foto: Christoph M\u00f6ller<\/p>\n<\/div><\/div><\/div><img decoding=\"async\" class='wp-image-11321 avia-img-lazy-loading-not-11321 avia_image ' src=\"https:\/\/www.galerie-metzger.de\/wp-content\/uploads\/2023\/03\/Christoph-Moeller-galerie-metzger-gallery-sculpture-ceramic-art-object-690x460.jpg\" alt='Christoph Moeller - o.T.' title='Christoph Moeller  - o.T.'  height=\"460\" width=\"690\" srcset=\"https:\/\/www.galerie-metzger.de\/wp-content\/uploads\/2023\/03\/Christoph-Moeller-galerie-metzger-gallery-sculpture-ceramic-art-object-690x460.jpg 690w, https:\/\/www.galerie-metzger.de\/wp-content\/uploads\/2023\/03\/Christoph-Moeller-galerie-metzger-gallery-sculpture-ceramic-art-object-1090x727.jpg 1090w, https:\/\/www.galerie-metzger.de\/wp-content\/uploads\/2023\/03\/Christoph-Moeller-galerie-metzger-gallery-sculpture-ceramic-art-object-768x512.jpg 768w, https:\/\/www.galerie-metzger.de\/wp-content\/uploads\/2023\/03\/Christoph-Moeller-galerie-metzger-gallery-sculpture-ceramic-art-object-1536x1024.jpg 1536w, https:\/\/www.galerie-metzger.de\/wp-content\/uploads\/2023\/03\/Christoph-Moeller-galerie-metzger-gallery-sculpture-ceramic-art-object-2048x1365.jpg 2048w, https:\/\/www.galerie-metzger.de\/wp-content\/uploads\/2023\/03\/Christoph-Moeller-galerie-metzger-gallery-sculpture-ceramic-art-object-1500x1000.jpg 1500w, https:\/\/www.galerie-metzger.de\/wp-content\/uploads\/2023\/03\/Christoph-Moeller-galerie-metzger-gallery-sculpture-ceramic-art-object-705x470.jpg 705w\" sizes=\"(max-width: 690px) 100vw, 690px\" \/><\/a><\/div><\/div><\/div><br \/>\n<section  class='av_textblock_section av-lf02xn5r-c05bd50f2db1656279129804c2dffbc3' ><div class='avia_textblock jo_werk_anfrage' ><p><a class=\"anfrage\" href=\"mailto:info@galerie-metzger.de?subject=Christoph%20M\u00f6ller%20o.T.%209x27x14 cm\">Anfrage zum Werk<\/a><\/p>\n<\/div><\/section><\/p><\/div><\/div><!--close column table wrapper. Autoclose: 1 --><div class='flex_column_table av-2273d0t-98817c5b43734a1e2e080cd7412200b7 sc-av_one_full av-equal-height-column-flextable'>\n<style type=\"text\/css\" data-created_by=\"avia_inline_auto\" id=\"style-css-av-2273d0t-98817c5b43734a1e2e080cd7412200b7\">\n.flex_column.av-2273d0t-98817c5b43734a1e2e080cd7412200b7{\n-webkit-border-radius:0px 0px 0px 0px;\n-moz-border-radius:0px 0px 0px 0px;\nborder-radius:0px 0px 0px 0px;\n}\n<\/style>\n<div class='flex_column av-2273d0t-98817c5b43734a1e2e080cd7412200b7 av_one_full  avia-builder-el-205  el_after_av_one_third  el_before_av_two_third  jo_col_empty first flex_column_table_cell av-equal-height-column av-align-top av-animated-generic fade-in av-zero-column-padding column-top-margin'     ><section  class='av_textblock_section av-1iv3mul-e0c43dcc0a6a10072bdd29ef3d22c8a9' ><div class='avia_textblock' ><p>invisible placeholder<\/p>\n<\/div><\/section><\/div><\/div><!--close column table wrapper. Autoclose: 1 --><div class='flex_column_table av-1taq0el-4b3b7665c6f7cb62cd3703cf394f39d9 sc-av_two_third av-equal-height-column-flextable'>\n<style type=\"text\/css\" data-created_by=\"avia_inline_auto\" id=\"style-css-av-1taq0el-4b3b7665c6f7cb62cd3703cf394f39d9\">\n.flex_column.av-1taq0el-4b3b7665c6f7cb62cd3703cf394f39d9{\n-webkit-border-radius:0px 0px 0px 0px;\n-moz-border-radius:0px 0px 0px 0px;\nborder-radius:0px 0px 0px 0px;\n}\n<\/style>\n<div class='flex_column av-1taq0el-4b3b7665c6f7cb62cd3703cf394f39d9 av_two_third  avia-builder-el-207  el_after_av_one_full  el_before_av_one_third  jo_pf_bild_bg first flex_column_table_cell av-equal-height-column av-align-middle av-animated-generic fade-in av-zero-column-padding column-top-margin'     ><p>\n<style type=\"text\/css\" data-created_by=\"avia_inline_auto\" id=\"style-css-av-1cbg9m5-0a3dfd6ae061e2ffdb3d9a3f310e06f7\">\n.avia-image-container.av-1cbg9m5-0a3dfd6ae061e2ffdb3d9a3f310e06f7 img.avia_image{\nbox-shadow:none;\n}\n.avia-image-container.av-1cbg9m5-0a3dfd6ae061e2ffdb3d9a3f310e06f7 .av-caption-image-overlay-bg{\nopacity:0.4;\n}\n<\/style>\n<div  class='avia-image-container av-1cbg9m5-0a3dfd6ae061e2ffdb3d9a3f310e06f7 av-styling-no-styling avia_animated_image av-animated-when-visible-95 fade-in avia-align-left  avia-builder-el-208  el_before_av_textblock  avia-builder-el-first  jo_pf_bild noHover av-overlay-hover-deactivate'  ><div class=\"avia-image-container-inner\"><div class=\"avia-image-overlay-wrap\"><a href=\"https:\/\/www.galerie-metzger.de\/wp-content\/uploads\/2021\/05\/Patricia-Rieger-All-the-Names-galerie-metzger-gallery-ceramic-art-object-keramik-kaufen-plastische-arbeit-1090x727.jpg\" data-srcset=\"https:\/\/www.galerie-metzger.de\/wp-content\/uploads\/2021\/05\/Patricia-Rieger-All-the-Names-galerie-metzger-gallery-ceramic-art-object-keramik-kaufen-plastische-arbeit-1090x727.jpg 1090w, https:\/\/www.galerie-metzger.de\/wp-content\/uploads\/2021\/05\/Patricia-Rieger-All-the-Names-galerie-metzger-gallery-ceramic-art-object-keramik-kaufen-plastische-arbeit-690x460.jpg 690w, https:\/\/www.galerie-metzger.de\/wp-content\/uploads\/2021\/05\/Patricia-Rieger-All-the-Names-galerie-metzger-gallery-ceramic-art-object-keramik-kaufen-plastische-arbeit-1536x1024.jpg 1536w, https:\/\/www.galerie-metzger.de\/wp-content\/uploads\/2021\/05\/Patricia-Rieger-All-the-Names-galerie-metzger-gallery-ceramic-art-object-keramik-kaufen-plastische-arbeit-2048x1365.jpg 2048w, https:\/\/www.galerie-metzger.de\/wp-content\/uploads\/2021\/05\/Patricia-Rieger-All-the-Names-galerie-metzger-gallery-ceramic-art-object-keramik-kaufen-plastische-arbeit-1500x1000.jpg 1500w, https:\/\/www.galerie-metzger.de\/wp-content\/uploads\/2021\/05\/Patricia-Rieger-All-the-Names-galerie-metzger-gallery-ceramic-art-object-keramik-kaufen-plastische-arbeit-705x470.jpg 705w, https:\/\/www.galerie-metzger.de\/wp-content\/uploads\/2021\/05\/Patricia-Rieger-All-the-Names-galerie-metzger-gallery-ceramic-art-object-keramik-kaufen-plastische-arbeit-400x267.jpg 400w, https:\/\/www.galerie-metzger.de\/wp-content\/uploads\/2021\/05\/Patricia-Rieger-All-the-Names-galerie-metzger-gallery-ceramic-art-object-keramik-kaufen-plastische-arbeit-1030x687.jpg 1030w, https:\/\/www.galerie-metzger.de\/wp-content\/uploads\/2021\/05\/Patricia-Rieger-All-the-Names-galerie-metzger-gallery-ceramic-art-object-keramik-kaufen-plastische-arbeit-768x512.jpg 768w, https:\/\/www.galerie-metzger.de\/wp-content\/uploads\/2021\/05\/Patricia-Rieger-All-the-Names-galerie-metzger-gallery-ceramic-art-object-keramik-kaufen-plastische-arbeit-300x200.jpg 300w, https:\/\/www.galerie-metzger.de\/wp-content\/uploads\/2021\/05\/Patricia-Rieger-All-the-Names-galerie-metzger-gallery-ceramic-art-object-keramik-kaufen-plastische-arbeit-900x600.jpg 900w, https:\/\/www.galerie-metzger.de\/wp-content\/uploads\/2021\/05\/Patricia-Rieger-All-the-Names-galerie-metzger-gallery-ceramic-art-object-keramik-kaufen-plastische-arbeit-450x300.jpg 450w\" data-sizes=\"(max-width: 1030px) 100vw, 1030px\" class='avia_image' ><div class=\"av-image-caption-overlay\"><div class=\"av-caption-image-overlay-bg\"><\/div><div class=\"av-image-caption-overlay-position\"><div class=\"av-image-caption-overlay-center\"><p>Patricia Rieger \u2013 All the Names \u2013 , 38x56x30 cm, Foto: Patricia Rieger<\/p>\n<\/div><\/div><\/div><img decoding=\"async\" class='wp-image-9434 avia-img-lazy-loading-not-9434 avia_image ' src=\"https:\/\/www.galerie-metzger.de\/wp-content\/uploads\/2021\/05\/Patricia-Rieger-All-the-Names-galerie-metzger-gallery-ceramic-art-object-keramik-kaufen-plastische-arbeit-1090x727.jpg\" alt='Patricia Rieger - All the Names -' title='Patricia Rieger - All the Names -'  height=\"687\" width=\"1030\" srcset=\"https:\/\/www.galerie-metzger.de\/wp-content\/uploads\/2021\/05\/Patricia-Rieger-All-the-Names-galerie-metzger-gallery-ceramic-art-object-keramik-kaufen-plastische-arbeit-1090x727.jpg 1090w, https:\/\/www.galerie-metzger.de\/wp-content\/uploads\/2021\/05\/Patricia-Rieger-All-the-Names-galerie-metzger-gallery-ceramic-art-object-keramik-kaufen-plastische-arbeit-690x460.jpg 690w, https:\/\/www.galerie-metzger.de\/wp-content\/uploads\/2021\/05\/Patricia-Rieger-All-the-Names-galerie-metzger-gallery-ceramic-art-object-keramik-kaufen-plastische-arbeit-1536x1024.jpg 1536w, https:\/\/www.galerie-metzger.de\/wp-content\/uploads\/2021\/05\/Patricia-Rieger-All-the-Names-galerie-metzger-gallery-ceramic-art-object-keramik-kaufen-plastische-arbeit-2048x1365.jpg 2048w, https:\/\/www.galerie-metzger.de\/wp-content\/uploads\/2021\/05\/Patricia-Rieger-All-the-Names-galerie-metzger-gallery-ceramic-art-object-keramik-kaufen-plastische-arbeit-1500x1000.jpg 1500w, https:\/\/www.galerie-metzger.de\/wp-content\/uploads\/2021\/05\/Patricia-Rieger-All-the-Names-galerie-metzger-gallery-ceramic-art-object-keramik-kaufen-plastische-arbeit-705x470.jpg 705w, https:\/\/www.galerie-metzger.de\/wp-content\/uploads\/2021\/05\/Patricia-Rieger-All-the-Names-galerie-metzger-gallery-ceramic-art-object-keramik-kaufen-plastische-arbeit-400x267.jpg 400w, https:\/\/www.galerie-metzger.de\/wp-content\/uploads\/2021\/05\/Patricia-Rieger-All-the-Names-galerie-metzger-gallery-ceramic-art-object-keramik-kaufen-plastische-arbeit-1030x687.jpg 1030w, https:\/\/www.galerie-metzger.de\/wp-content\/uploads\/2021\/05\/Patricia-Rieger-All-the-Names-galerie-metzger-gallery-ceramic-art-object-keramik-kaufen-plastische-arbeit-768x512.jpg 768w, https:\/\/www.galerie-metzger.de\/wp-content\/uploads\/2021\/05\/Patricia-Rieger-All-the-Names-galerie-metzger-gallery-ceramic-art-object-keramik-kaufen-plastische-arbeit-300x200.jpg 300w, https:\/\/www.galerie-metzger.de\/wp-content\/uploads\/2021\/05\/Patricia-Rieger-All-the-Names-galerie-metzger-gallery-ceramic-art-object-keramik-kaufen-plastische-arbeit-900x600.jpg 900w, https:\/\/www.galerie-metzger.de\/wp-content\/uploads\/2021\/05\/Patricia-Rieger-All-the-Names-galerie-metzger-gallery-ceramic-art-object-keramik-kaufen-plastische-arbeit-450x300.jpg 450w\" sizes=\"(max-width: 1030px) 100vw, 1030px\" \/><\/a><\/div><\/div><\/div><br \/>\n<section  class='av_textblock_section av-unj6dp-5286d8b8a69083e4a37571b5a13e93b4' ><div class='avia_textblock jo_werk_anfrage' ><p><a class=\"anfrage\" href=\"mailto:info@galerie-metzger.de?subject=Patricia%20Rieger%20All the Names%2038x56x30cm\">Anfrage zum Werk<\/a><\/p>\n<\/div><\/section><\/p><\/div><div class='av-flex-placeholder'><\/div>\n<style type=\"text\/css\" data-created_by=\"avia_inline_auto\" id=\"style-css-av-ukhv71-38b5e224f88c2591816391ee412ce335\">\n.flex_column.av-ukhv71-38b5e224f88c2591816391ee412ce335{\n-webkit-border-radius:0px 0px 0px 0px;\n-moz-border-radius:0px 0px 0px 0px;\nborder-radius:0px 0px 0px 0px;\n}\n<\/style>\n<div class='flex_column av-ukhv71-38b5e224f88c2591816391ee412ce335 av_one_third  avia-builder-el-210  el_after_av_two_third  el_before_av_one_full  jo_pf_bild_bg flex_column_table_cell av-equal-height-column av-align-middle av-animated-generic fade-in av-zero-column-padding column-top-margin'     ><p>\n<style type=\"text\/css\" data-created_by=\"avia_inline_auto\" id=\"style-css-av-lea5fqpt-35f77ea6bbfef514858e35d67974c97e\">\n.avia-image-container.av-lea5fqpt-35f77ea6bbfef514858e35d67974c97e img.avia_image{\nbox-shadow:none;\n}\n.avia-image-container.av-lea5fqpt-35f77ea6bbfef514858e35d67974c97e .av-caption-image-overlay-bg{\nopacity:0.4;\n}\n<\/style>\n<div  class='avia-image-container av-lea5fqpt-35f77ea6bbfef514858e35d67974c97e av-styling-no-styling avia_animated_image av-animated-when-visible-95 fade-in avia-align-left  avia-builder-el-211  el_before_av_textblock  avia-builder-el-first  jo_pf_bild noHover av-overlay-hover-deactivate'  ><div class=\"avia-image-container-inner\"><div class=\"avia-image-overlay-wrap\"><a href=\"https:\/\/www.galerie-metzger.de\/wp-content\/uploads\/2023\/02\/Patricia-Rieger-Element-VIII-galeriemetzger-gallery-art-kunst-kaufen-863x1090.jpg\" data-srcset=\"https:\/\/www.galerie-metzger.de\/wp-content\/uploads\/2023\/02\/Patricia-Rieger-Element-VIII-galeriemetzger-gallery-art-kunst-kaufen-863x1090.jpg 863w, https:\/\/www.galerie-metzger.de\/wp-content\/uploads\/2023\/02\/Patricia-Rieger-Element-VIII-galeriemetzger-gallery-art-kunst-kaufen-690x871.jpg 690w, https:\/\/www.galerie-metzger.de\/wp-content\/uploads\/2023\/02\/Patricia-Rieger-Element-VIII-galeriemetzger-gallery-art-kunst-kaufen-768x970.jpg 768w, https:\/\/www.galerie-metzger.de\/wp-content\/uploads\/2023\/02\/Patricia-Rieger-Element-VIII-galeriemetzger-gallery-art-kunst-kaufen-1216x1536.jpg 1216w, https:\/\/www.galerie-metzger.de\/wp-content\/uploads\/2023\/02\/Patricia-Rieger-Element-VIII-galeriemetzger-gallery-art-kunst-kaufen-1622x2048.jpg 1622w, https:\/\/www.galerie-metzger.de\/wp-content\/uploads\/2023\/02\/Patricia-Rieger-Element-VIII-galeriemetzger-gallery-art-kunst-kaufen-1188x1500.jpg 1188w, https:\/\/www.galerie-metzger.de\/wp-content\/uploads\/2023\/02\/Patricia-Rieger-Element-VIII-galeriemetzger-gallery-art-kunst-kaufen-558x705.jpg 558w, https:\/\/www.galerie-metzger.de\/wp-content\/uploads\/2023\/02\/Patricia-Rieger-Element-VIII-galeriemetzger-gallery-art-kunst-kaufen.jpg 1864w\" data-sizes=\"(max-width: 815px) 100vw, 815px\" class='avia_image' ><div class=\"av-image-caption-overlay\"><div class=\"av-caption-image-overlay-bg\"><\/div><div class=\"av-image-caption-overlay-position\"><div class=\"av-image-caption-overlay-center\"><p>Patricia Rieger \u2013 Trace Element VIII \u2013 , 36&#215;28 cm, Foto: Patricia Rieger<\/p>\n<\/div><\/div><\/div><img decoding=\"async\" class='wp-image-11203 avia-img-lazy-loading-not-11203 avia_image ' src=\"https:\/\/www.galerie-metzger.de\/wp-content\/uploads\/2023\/02\/Patricia-Rieger-Element-VIII-galeriemetzger-gallery-art-kunst-kaufen-690x871.jpg\" alt='Patricia Rieger - Element VIII' title='Patricia Rieger-Element VIII-galeriemetzger gallery art kunst kaufen'  height=\"871\" width=\"690\" srcset=\"https:\/\/www.galerie-metzger.de\/wp-content\/uploads\/2023\/02\/Patricia-Rieger-Element-VIII-galeriemetzger-gallery-art-kunst-kaufen-690x871.jpg 690w, https:\/\/www.galerie-metzger.de\/wp-content\/uploads\/2023\/02\/Patricia-Rieger-Element-VIII-galeriemetzger-gallery-art-kunst-kaufen-863x1090.jpg 863w, https:\/\/www.galerie-metzger.de\/wp-content\/uploads\/2023\/02\/Patricia-Rieger-Element-VIII-galeriemetzger-gallery-art-kunst-kaufen-768x970.jpg 768w, https:\/\/www.galerie-metzger.de\/wp-content\/uploads\/2023\/02\/Patricia-Rieger-Element-VIII-galeriemetzger-gallery-art-kunst-kaufen-1216x1536.jpg 1216w, https:\/\/www.galerie-metzger.de\/wp-content\/uploads\/2023\/02\/Patricia-Rieger-Element-VIII-galeriemetzger-gallery-art-kunst-kaufen-1622x2048.jpg 1622w, https:\/\/www.galerie-metzger.de\/wp-content\/uploads\/2023\/02\/Patricia-Rieger-Element-VIII-galeriemetzger-gallery-art-kunst-kaufen-1188x1500.jpg 1188w, https:\/\/www.galerie-metzger.de\/wp-content\/uploads\/2023\/02\/Patricia-Rieger-Element-VIII-galeriemetzger-gallery-art-kunst-kaufen-558x705.jpg 558w, https:\/\/www.galerie-metzger.de\/wp-content\/uploads\/2023\/02\/Patricia-Rieger-Element-VIII-galeriemetzger-gallery-art-kunst-kaufen.jpg 1864w\" sizes=\"(max-width: 690px) 100vw, 690px\" \/><\/a><\/div><\/div><\/div><br \/>\n<section  class='av_textblock_section av-lea5ghux-7b29499f5af28735edc8b5f535e1bd02' ><div class='avia_textblock jo_werk_anfrage' ><p><a class=\"anfrage\" href=\"mailto:info@galerie-metzger.de?subject=Patricia%20Rieger%20Trace Element VIII%20Gem\u00e4lde\">Anfrage zum Werk<\/a><\/p>\n<\/div><\/section><\/p><\/div><\/div><!--close column table wrapper. Autoclose: 1 --><div class='flex_column_table av-24u7m67-214-d359c31062b6365094cac2cc10ecc014 sc-av_one_full av-equal-height-column-flextable'>\n<style type=\"text\/css\" data-created_by=\"avia_inline_auto\" id=\"style-css-av-24u7m67-214-d359c31062b6365094cac2cc10ecc014\">\n.flex_column.av-24u7m67-214-d359c31062b6365094cac2cc10ecc014{\n-webkit-border-radius:0px 0px 0px 0px;\n-moz-border-radius:0px 0px 0px 0px;\nborder-radius:0px 0px 0px 0px;\n}\n<\/style>\n<div class='flex_column av-24u7m67-214-d359c31062b6365094cac2cc10ecc014 av_one_full  avia-builder-el-213  el_after_av_one_third  el_before_av_one_third  jo_col_empty first flex_column_table_cell av-equal-height-column av-align-top av-animated-generic fade-in av-zero-column-padding column-top-margin'     ><section  class='av_textblock_section av-23pq51b-213-d560cd93747e9e03af26374364033fda' ><div class='avia_textblock' ><p>invisible placeholder<\/p>\n<\/div><\/section><\/div><\/div><!--close column table wrapper. Autoclose: 1 --><div class='flex_column_table av-2qmvln1-3f461494178df340389742c61d9ab2ab sc-av_one_third av-equal-height-column-flextable'>\n<style type=\"text\/css\" data-created_by=\"avia_inline_auto\" id=\"style-css-av-2qmvln1-3f461494178df340389742c61d9ab2ab\">\n.flex_column.av-2qmvln1-3f461494178df340389742c61d9ab2ab{\n-webkit-border-radius:0px 0px 0px 0px;\n-moz-border-radius:0px 0px 0px 0px;\nborder-radius:0px 0px 0px 0px;\n}\n<\/style>\n<div class='flex_column av-2qmvln1-3f461494178df340389742c61d9ab2ab av_one_third  avia-builder-el-215  el_after_av_one_full  el_before_av_one_third  jo_pf_bild_bg first flex_column_table_cell av-equal-height-column av-align-middle av-animated-generic fade-in av-zero-column-padding column-top-margin'     ><p>\n<style type=\"text\/css\" data-created_by=\"avia_inline_auto\" id=\"style-css-av-lf1gsv7e-4a07d18afd1218b2e8c0c3727f0c9d89\">\n.avia-image-container.av-lf1gsv7e-4a07d18afd1218b2e8c0c3727f0c9d89 img.avia_image{\nbox-shadow:none;\n}\n.avia-image-container.av-lf1gsv7e-4a07d18afd1218b2e8c0c3727f0c9d89 .av-caption-image-overlay-bg{\nopacity:0.4;\n}\n<\/style>\n<div  class='avia-image-container av-lf1gsv7e-4a07d18afd1218b2e8c0c3727f0c9d89 av-styling-no-styling avia_animated_image av-animated-when-visible-95 fade-in avia-align-left  avia-builder-el-216  el_before_av_textblock  avia-builder-el-first  jo_pf_bild noHover av-overlay-hover-deactivate'  ><div class=\"avia-image-container-inner\"><div class=\"avia-image-overlay-wrap\"><a href=\"https:\/\/www.galerie-metzger.de\/wp-content\/uploads\/2021\/05\/Patricia-Rieger-Leopard-VII-galerie-metzger-gallery-ceramic-sculpture-kunst-keramik-kaufen-1090x1090.jpg\" data-srcset=\"https:\/\/www.galerie-metzger.de\/wp-content\/uploads\/2021\/05\/Patricia-Rieger-Leopard-VII-galerie-metzger-gallery-ceramic-sculpture-kunst-keramik-kaufen-1090x1090.jpg 1090w, https:\/\/www.galerie-metzger.de\/wp-content\/uploads\/2021\/05\/Patricia-Rieger-Leopard-VII-galerie-metzger-gallery-ceramic-sculpture-kunst-keramik-kaufen-690x690.jpg 690w, https:\/\/www.galerie-metzger.de\/wp-content\/uploads\/2021\/05\/Patricia-Rieger-Leopard-VII-galerie-metzger-gallery-ceramic-sculpture-kunst-keramik-kaufen-80x80.jpg 80w, https:\/\/www.galerie-metzger.de\/wp-content\/uploads\/2021\/05\/Patricia-Rieger-Leopard-VII-galerie-metzger-gallery-ceramic-sculpture-kunst-keramik-kaufen-1536x1536.jpg 1536w, https:\/\/www.galerie-metzger.de\/wp-content\/uploads\/2021\/05\/Patricia-Rieger-Leopard-VII-galerie-metzger-gallery-ceramic-sculpture-kunst-keramik-kaufen-2048x2048.jpg 2048w, https:\/\/www.galerie-metzger.de\/wp-content\/uploads\/2021\/05\/Patricia-Rieger-Leopard-VII-galerie-metzger-gallery-ceramic-sculpture-kunst-keramik-kaufen-36x36.jpg 36w, https:\/\/www.galerie-metzger.de\/wp-content\/uploads\/2021\/05\/Patricia-Rieger-Leopard-VII-galerie-metzger-gallery-ceramic-sculpture-kunst-keramik-kaufen-180x180.jpg 180w, https:\/\/www.galerie-metzger.de\/wp-content\/uploads\/2021\/05\/Patricia-Rieger-Leopard-VII-galerie-metzger-gallery-ceramic-sculpture-kunst-keramik-kaufen-1500x1500.jpg 1500w, https:\/\/www.galerie-metzger.de\/wp-content\/uploads\/2021\/05\/Patricia-Rieger-Leopard-VII-galerie-metzger-gallery-ceramic-sculpture-kunst-keramik-kaufen-705x705.jpg 705w, https:\/\/www.galerie-metzger.de\/wp-content\/uploads\/2021\/05\/Patricia-Rieger-Leopard-VII-galerie-metzger-gallery-ceramic-sculpture-kunst-keramik-kaufen-400x400.jpg 400w, https:\/\/www.galerie-metzger.de\/wp-content\/uploads\/2021\/05\/Patricia-Rieger-Leopard-VII-galerie-metzger-gallery-ceramic-sculpture-kunst-keramik-kaufen-1030x1030.jpg 1030w, https:\/\/www.galerie-metzger.de\/wp-content\/uploads\/2021\/05\/Patricia-Rieger-Leopard-VII-galerie-metzger-gallery-ceramic-sculpture-kunst-keramik-kaufen-768x768.jpg 768w, https:\/\/www.galerie-metzger.de\/wp-content\/uploads\/2021\/05\/Patricia-Rieger-Leopard-VII-galerie-metzger-gallery-ceramic-sculpture-kunst-keramik-kaufen-120x120.jpg 120w, https:\/\/www.galerie-metzger.de\/wp-content\/uploads\/2021\/05\/Patricia-Rieger-Leopard-VII-galerie-metzger-gallery-ceramic-sculpture-kunst-keramik-kaufen-450x450.jpg 450w\" data-sizes=\"(max-width: 1030px) 100vw, 1030px\" class='avia_image' ><div class=\"av-image-caption-overlay\"><div class=\"av-caption-image-overlay-bg\"><\/div><div class=\"av-image-caption-overlay-position\"><div class=\"av-image-caption-overlay-center\"><p>Patricia Rieger \u2013 Leopard VII \u2013 , 27x28x20 cm, Foto: Patricia Rieger<\/p>\n<\/div><\/div><\/div><img decoding=\"async\" class='wp-image-9447 avia-img-lazy-loading-not-9447 avia_image ' src=\"https:\/\/www.galerie-metzger.de\/wp-content\/uploads\/2021\/05\/Patricia-Rieger-Leopard-VII-galerie-metzger-gallery-ceramic-sculpture-kunst-keramik-kaufen-690x690.jpg\" alt='Patricia Rieger - Leopard VII' title='Patricia Rieger - Leopard VII'  height=\"690\" width=\"690\" srcset=\"https:\/\/www.galerie-metzger.de\/wp-content\/uploads\/2021\/05\/Patricia-Rieger-Leopard-VII-galerie-metzger-gallery-ceramic-sculpture-kunst-keramik-kaufen-690x690.jpg 690w, https:\/\/www.galerie-metzger.de\/wp-content\/uploads\/2021\/05\/Patricia-Rieger-Leopard-VII-galerie-metzger-gallery-ceramic-sculpture-kunst-keramik-kaufen-1090x1090.jpg 1090w, https:\/\/www.galerie-metzger.de\/wp-content\/uploads\/2021\/05\/Patricia-Rieger-Leopard-VII-galerie-metzger-gallery-ceramic-sculpture-kunst-keramik-kaufen-80x80.jpg 80w, https:\/\/www.galerie-metzger.de\/wp-content\/uploads\/2021\/05\/Patricia-Rieger-Leopard-VII-galerie-metzger-gallery-ceramic-sculpture-kunst-keramik-kaufen-1536x1536.jpg 1536w, https:\/\/www.galerie-metzger.de\/wp-content\/uploads\/2021\/05\/Patricia-Rieger-Leopard-VII-galerie-metzger-gallery-ceramic-sculpture-kunst-keramik-kaufen-2048x2048.jpg 2048w, https:\/\/www.galerie-metzger.de\/wp-content\/uploads\/2021\/05\/Patricia-Rieger-Leopard-VII-galerie-metzger-gallery-ceramic-sculpture-kunst-keramik-kaufen-36x36.jpg 36w, https:\/\/www.galerie-metzger.de\/wp-content\/uploads\/2021\/05\/Patricia-Rieger-Leopard-VII-galerie-metzger-gallery-ceramic-sculpture-kunst-keramik-kaufen-180x180.jpg 180w, https:\/\/www.galerie-metzger.de\/wp-content\/uploads\/2021\/05\/Patricia-Rieger-Leopard-VII-galerie-metzger-gallery-ceramic-sculpture-kunst-keramik-kaufen-1500x1500.jpg 1500w, https:\/\/www.galerie-metzger.de\/wp-content\/uploads\/2021\/05\/Patricia-Rieger-Leopard-VII-galerie-metzger-gallery-ceramic-sculpture-kunst-keramik-kaufen-705x705.jpg 705w, https:\/\/www.galerie-metzger.de\/wp-content\/uploads\/2021\/05\/Patricia-Rieger-Leopard-VII-galerie-metzger-gallery-ceramic-sculpture-kunst-keramik-kaufen-400x400.jpg 400w, https:\/\/www.galerie-metzger.de\/wp-content\/uploads\/2021\/05\/Patricia-Rieger-Leopard-VII-galerie-metzger-gallery-ceramic-sculpture-kunst-keramik-kaufen-1030x1030.jpg 1030w, https:\/\/www.galerie-metzger.de\/wp-content\/uploads\/2021\/05\/Patricia-Rieger-Leopard-VII-galerie-metzger-gallery-ceramic-sculpture-kunst-keramik-kaufen-768x768.jpg 768w, https:\/\/www.galerie-metzger.de\/wp-content\/uploads\/2021\/05\/Patricia-Rieger-Leopard-VII-galerie-metzger-gallery-ceramic-sculpture-kunst-keramik-kaufen-120x120.jpg 120w, https:\/\/www.galerie-metzger.de\/wp-content\/uploads\/2021\/05\/Patricia-Rieger-Leopard-VII-galerie-metzger-gallery-ceramic-sculpture-kunst-keramik-kaufen-450x450.jpg 450w\" sizes=\"(max-width: 690px) 100vw, 690px\" \/><\/a><\/div><\/div><\/div><br \/>\n<section  class='av_textblock_section av-lf1gtoxk-47e2a2370c45611375e50cc32a61dd4d' ><div class='avia_textblock jo_werk_anfrage' ><p><a class=\"anfrage\" href=\"mailto:info@galerie-metzger.de?subject=Patricia%20Rieger%20Leopard VII%2027x28x20cm\">Anfrage zum Werk<\/a><\/p>\n<\/div><\/section><\/p><\/div><div class='av-flex-placeholder'><\/div>\n<style type=\"text\/css\" data-created_by=\"avia_inline_auto\" id=\"style-css-av-3fb6c7h-3d8ee4196e97c956e2aa694ccd8c1c81\">\n.flex_column.av-3fb6c7h-3d8ee4196e97c956e2aa694ccd8c1c81{\n-webkit-border-radius:0px 0px 0px 0px;\n-moz-border-radius:0px 0px 0px 0px;\nborder-radius:0px 0px 0px 0px;\n}\n<\/style>\n<div class='flex_column av-3fb6c7h-3d8ee4196e97c956e2aa694ccd8c1c81 av_one_third  avia-builder-el-218  el_after_av_one_third  el_before_av_one_third  jo_col_empty flex_column_table_cell av-equal-height-column av-align-middle av-animated-generic fade-in av-zero-column-padding column-top-margin'     ><section  class='av_textblock_section av-32tdcod-0c7d105a17130b59b30d969f990efa93' ><div class='avia_textblock' ><p>invisible placeholder<\/p>\n<\/div><\/section><\/div><div class='av-flex-placeholder'><\/div>\n<style type=\"text\/css\" data-created_by=\"avia_inline_auto\" id=\"style-css-av-qs7qtp-2b09f491cfdd07df520c3001a01a1d04\">\n.flex_column.av-qs7qtp-2b09f491cfdd07df520c3001a01a1d04{\n-webkit-border-radius:0px 0px 0px 0px;\n-moz-border-radius:0px 0px 0px 0px;\nborder-radius:0px 0px 0px 0px;\n}\n<\/style>\n<div class='flex_column av-qs7qtp-2b09f491cfdd07df520c3001a01a1d04 av_one_third  avia-builder-el-220  el_after_av_one_third  el_before_av_one_full  jo_pf_bild_bg flex_column_table_cell av-equal-height-column av-align-middle av-animated-generic fade-in av-zero-column-padding column-top-margin'     ><p>\n<style type=\"text\/css\" data-created_by=\"avia_inline_auto\" id=\"style-css-av-lf1hvpk2-152f2aadc931492c9d554aa7570bbf7b\">\n.avia-image-container.av-lf1hvpk2-152f2aadc931492c9d554aa7570bbf7b img.avia_image{\nbox-shadow:none;\n}\n.avia-image-container.av-lf1hvpk2-152f2aadc931492c9d554aa7570bbf7b .av-caption-image-overlay-bg{\nopacity:0.4;\n}\n<\/style>\n<div  class='avia-image-container av-lf1hvpk2-152f2aadc931492c9d554aa7570bbf7b av-styling-no-styling avia_animated_image av-animated-when-visible-95 fade-in avia-align-left  avia-builder-el-221  el_before_av_textblock  avia-builder-el-first  jo_pf_bild noHover av-overlay-hover-deactivate'  ><div class=\"avia-image-container-inner\"><div class=\"avia-image-overlay-wrap\"><a href=\"https:\/\/www.galerie-metzger.de\/wp-content\/uploads\/2018\/12\/Xavier-Toubes-Lazo-3-2018-galerie-metzger-contamporary-art-ceramic-plastische-arbeit-sculpture-keramik-gallery-aschaffenburg-1090x727.jpg\" data-srcset=\"https:\/\/www.galerie-metzger.de\/wp-content\/uploads\/2018\/12\/Xavier-Toubes-Lazo-3-2018-galerie-metzger-contamporary-art-ceramic-plastische-arbeit-sculpture-keramik-gallery-aschaffenburg-1090x727.jpg 1090w, https:\/\/www.galerie-metzger.de\/wp-content\/uploads\/2018\/12\/Xavier-Toubes-Lazo-3-2018-galerie-metzger-contamporary-art-ceramic-plastische-arbeit-sculpture-keramik-gallery-aschaffenburg-690x460.jpg 690w, https:\/\/www.galerie-metzger.de\/wp-content\/uploads\/2018\/12\/Xavier-Toubes-Lazo-3-2018-galerie-metzger-contamporary-art-ceramic-plastische-arbeit-sculpture-keramik-gallery-aschaffenburg-1536x1024.jpg 1536w, https:\/\/www.galerie-metzger.de\/wp-content\/uploads\/2018\/12\/Xavier-Toubes-Lazo-3-2018-galerie-metzger-contamporary-art-ceramic-plastische-arbeit-sculpture-keramik-gallery-aschaffenburg-2048x1365.jpg 2048w, https:\/\/www.galerie-metzger.de\/wp-content\/uploads\/2018\/12\/Xavier-Toubes-Lazo-3-2018-galerie-metzger-contamporary-art-ceramic-plastische-arbeit-sculpture-keramik-gallery-aschaffenburg-1500x1000.jpg 1500w, https:\/\/www.galerie-metzger.de\/wp-content\/uploads\/2018\/12\/Xavier-Toubes-Lazo-3-2018-galerie-metzger-contamporary-art-ceramic-plastische-arbeit-sculpture-keramik-gallery-aschaffenburg-705x470.jpg 705w, https:\/\/www.galerie-metzger.de\/wp-content\/uploads\/2018\/12\/Xavier-Toubes-Lazo-3-2018-galerie-metzger-contamporary-art-ceramic-plastische-arbeit-sculpture-keramik-gallery-aschaffenburg-400x267.jpg 400w, https:\/\/www.galerie-metzger.de\/wp-content\/uploads\/2018\/12\/Xavier-Toubes-Lazo-3-2018-galerie-metzger-contamporary-art-ceramic-plastische-arbeit-sculpture-keramik-gallery-aschaffenburg-768x512.jpg 768w, https:\/\/www.galerie-metzger.de\/wp-content\/uploads\/2018\/12\/Xavier-Toubes-Lazo-3-2018-galerie-metzger-contamporary-art-ceramic-plastische-arbeit-sculpture-keramik-gallery-aschaffenburg-1600x1067.jpg 1600w, https:\/\/www.galerie-metzger.de\/wp-content\/uploads\/2018\/12\/Xavier-Toubes-Lazo-3-2018-galerie-metzger-contamporary-art-ceramic-plastische-arbeit-sculpture-keramik-gallery-aschaffenburg-300x200.jpg 300w, https:\/\/www.galerie-metzger.de\/wp-content\/uploads\/2018\/12\/Xavier-Toubes-Lazo-3-2018-galerie-metzger-contamporary-art-ceramic-plastische-arbeit-sculpture-keramik-gallery-aschaffenburg-900x600.jpg 900w, https:\/\/www.galerie-metzger.de\/wp-content\/uploads\/2018\/12\/Xavier-Toubes-Lazo-3-2018-galerie-metzger-contamporary-art-ceramic-plastische-arbeit-sculpture-keramik-gallery-aschaffenburg-450x300.jpg 450w\" data-sizes=\"(max-width: 1030px) 100vw, 1030px\" class='avia_image' ><div class=\"av-image-caption-overlay\"><div class=\"av-caption-image-overlay-bg\"><\/div><div class=\"av-image-caption-overlay-position\"><div class=\"av-image-caption-overlay-center\"><p>Xavier Toubes \u2013 Lazo 3 \u2013 , 2019, 33&#215;25,5&#215;20,3 cm, Foto: Edi Baumann<\/p>\n<\/div><\/div><\/div><img decoding=\"async\" class='wp-image-6904 avia-img-lazy-loading-not-6904 avia_image ' src=\"https:\/\/www.galerie-metzger.de\/wp-content\/uploads\/2018\/12\/Xavier-Toubes-Lazo-3-2018-galerie-metzger-contamporary-art-ceramic-plastische-arbeit-sculpture-keramik-gallery-aschaffenburg-690x460.jpg\" alt='xavier toubes \u2013\u00a0Lazo 3 \u2013 2018 galerie metzger contamporary art ceramic plastische arbeit sculpture keramik gallery aschaffenburg' title='Xavier Toubes \u2013\u00a0Lazo 3 \u2013\u00a02018'  height=\"460\" width=\"690\" srcset=\"https:\/\/www.galerie-metzger.de\/wp-content\/uploads\/2018\/12\/Xavier-Toubes-Lazo-3-2018-galerie-metzger-contamporary-art-ceramic-plastische-arbeit-sculpture-keramik-gallery-aschaffenburg-690x460.jpg 690w, https:\/\/www.galerie-metzger.de\/wp-content\/uploads\/2018\/12\/Xavier-Toubes-Lazo-3-2018-galerie-metzger-contamporary-art-ceramic-plastische-arbeit-sculpture-keramik-gallery-aschaffenburg-1090x727.jpg 1090w, https:\/\/www.galerie-metzger.de\/wp-content\/uploads\/2018\/12\/Xavier-Toubes-Lazo-3-2018-galerie-metzger-contamporary-art-ceramic-plastische-arbeit-sculpture-keramik-gallery-aschaffenburg-1536x1024.jpg 1536w, https:\/\/www.galerie-metzger.de\/wp-content\/uploads\/2018\/12\/Xavier-Toubes-Lazo-3-2018-galerie-metzger-contamporary-art-ceramic-plastische-arbeit-sculpture-keramik-gallery-aschaffenburg-2048x1365.jpg 2048w, https:\/\/www.galerie-metzger.de\/wp-content\/uploads\/2018\/12\/Xavier-Toubes-Lazo-3-2018-galerie-metzger-contamporary-art-ceramic-plastische-arbeit-sculpture-keramik-gallery-aschaffenburg-1500x1000.jpg 1500w, https:\/\/www.galerie-metzger.de\/wp-content\/uploads\/2018\/12\/Xavier-Toubes-Lazo-3-2018-galerie-metzger-contamporary-art-ceramic-plastische-arbeit-sculpture-keramik-gallery-aschaffenburg-705x470.jpg 705w, https:\/\/www.galerie-metzger.de\/wp-content\/uploads\/2018\/12\/Xavier-Toubes-Lazo-3-2018-galerie-metzger-contamporary-art-ceramic-plastische-arbeit-sculpture-keramik-gallery-aschaffenburg-400x267.jpg 400w, https:\/\/www.galerie-metzger.de\/wp-content\/uploads\/2018\/12\/Xavier-Toubes-Lazo-3-2018-galerie-metzger-contamporary-art-ceramic-plastische-arbeit-sculpture-keramik-gallery-aschaffenburg-768x512.jpg 768w, https:\/\/www.galerie-metzger.de\/wp-content\/uploads\/2018\/12\/Xavier-Toubes-Lazo-3-2018-galerie-metzger-contamporary-art-ceramic-plastische-arbeit-sculpture-keramik-gallery-aschaffenburg-1600x1067.jpg 1600w, https:\/\/www.galerie-metzger.de\/wp-content\/uploads\/2018\/12\/Xavier-Toubes-Lazo-3-2018-galerie-metzger-contamporary-art-ceramic-plastische-arbeit-sculpture-keramik-gallery-aschaffenburg-300x200.jpg 300w, https:\/\/www.galerie-metzger.de\/wp-content\/uploads\/2018\/12\/Xavier-Toubes-Lazo-3-2018-galerie-metzger-contamporary-art-ceramic-plastische-arbeit-sculpture-keramik-gallery-aschaffenburg-900x600.jpg 900w, https:\/\/www.galerie-metzger.de\/wp-content\/uploads\/2018\/12\/Xavier-Toubes-Lazo-3-2018-galerie-metzger-contamporary-art-ceramic-plastische-arbeit-sculpture-keramik-gallery-aschaffenburg-450x300.jpg 450w\" sizes=\"(max-width: 690px) 100vw, 690px\" \/><\/a><\/div><\/div><\/div><br \/>\n<section  class='av_textblock_section av-lf1hwgk5-6276fbe72af20382405995c3b9f565b3' ><div class='avia_textblock jo_werk_anfrage' ><p><a class=\"anfrage\" href=\"mailto:info@galerie-metzger.de?subject=Chikako%20Yosikawa%20Lazo 3%2033x25,5x20,3 cm\">Anfrage zum Werk<\/a><\/p>\n<\/div><\/section><\/p><\/div><\/div><!--close column table wrapper. Autoclose: 1 --><div class='flex_column_table av-1yvd39p-370f5b43d08782fb0dcc92c1ebfd54c6 sc-av_one_full av-equal-height-column-flextable'>\n<style type=\"text\/css\" data-created_by=\"avia_inline_auto\" id=\"style-css-av-1yvd39p-370f5b43d08782fb0dcc92c1ebfd54c6\">\n.flex_column.av-1yvd39p-370f5b43d08782fb0dcc92c1ebfd54c6{\n-webkit-border-radius:0px 0px 0px 0px;\n-moz-border-radius:0px 0px 0px 0px;\nborder-radius:0px 0px 0px 0px;\n}\n<\/style>\n<div class='flex_column av-1yvd39p-370f5b43d08782fb0dcc92c1ebfd54c6 av_one_full  avia-builder-el-223  el_after_av_one_third  el_before_av_one_third  jo_col_empty first flex_column_table_cell av-equal-height-column av-align-top av-animated-generic fade-in av-zero-column-padding column-top-margin'     ><section  class='av_textblock_section av-68zy4t-256346f23d8792fa3bab3a5a7c0ae00b' ><div class='avia_textblock' ><p>invisible placeholder<\/p>\n<\/div><\/section><\/div><\/div><!--close column table wrapper. Autoclose: 1 --><div class='flex_column_table av-1sxa7r3h-cd98d50d820c1f851aa5fce1af8a4c0e sc-av_one_third av-equal-height-column-flextable'>\n<style type=\"text\/css\" data-created_by=\"avia_inline_auto\" id=\"style-css-av-1sxa7r3h-cd98d50d820c1f851aa5fce1af8a4c0e\">\n.flex_column.av-1sxa7r3h-cd98d50d820c1f851aa5fce1af8a4c0e{\n-webkit-border-radius:0px 0px 0px 0px;\n-moz-border-radius:0px 0px 0px 0px;\nborder-radius:0px 0px 0px 0px;\n}\n<\/style>\n<div class='flex_column av-1sxa7r3h-cd98d50d820c1f851aa5fce1af8a4c0e av_one_third  avia-builder-el-225  el_after_av_one_full  el_before_av_one_third  jo_pf_bild_bg first flex_column_table_cell av-equal-height-column av-align-middle av-animated-generic fade-in av-zero-column-padding column-top-margin'     ><p>\n<style type=\"text\/css\" data-created_by=\"avia_inline_auto\" id=\"style-css-av-1sltbn2l-6fd4aea2c079608fa318df78e808374c\">\n.avia-image-container.av-1sltbn2l-6fd4aea2c079608fa318df78e808374c img.avia_image{\nbox-shadow:none;\n}\n.avia-image-container.av-1sltbn2l-6fd4aea2c079608fa318df78e808374c .av-caption-image-overlay-bg{\nopacity:0.4;\n}\n<\/style>\n<div  class='avia-image-container av-1sltbn2l-6fd4aea2c079608fa318df78e808374c av-styling-no-styling avia_animated_image av-animated-when-visible-95 fade-in avia-align-left  avia-builder-el-226  el_before_av_textblock  avia-builder-el-first  jo_pf_bild noHover av-overlay-hover-deactivate'  ><div class=\"avia-image-container-inner\"><div class=\"avia-image-overlay-wrap\"><a href=\"https:\/\/www.galerie-metzger.de\/wp-content\/uploads\/2021\/06\/Xavier-Toubes-figures-with-shadows-galerie-metzger-gallery-art-sculpture--727x1090.jpg\" data-srcset=\"https:\/\/www.galerie-metzger.de\/wp-content\/uploads\/2021\/06\/Xavier-Toubes-figures-with-shadows-galerie-metzger-gallery-art-sculpture--727x1090.jpg 727w, https:\/\/www.galerie-metzger.de\/wp-content\/uploads\/2021\/06\/Xavier-Toubes-figures-with-shadows-galerie-metzger-gallery-art-sculpture--690x1035.jpg 690w, https:\/\/www.galerie-metzger.de\/wp-content\/uploads\/2021\/06\/Xavier-Toubes-figures-with-shadows-galerie-metzger-gallery-art-sculpture--1024x1536.jpg 1024w, https:\/\/www.galerie-metzger.de\/wp-content\/uploads\/2021\/06\/Xavier-Toubes-figures-with-shadows-galerie-metzger-gallery-art-sculpture--1365x2048.jpg 1365w, https:\/\/www.galerie-metzger.de\/wp-content\/uploads\/2021\/06\/Xavier-Toubes-figures-with-shadows-galerie-metzger-gallery-art-sculpture--1000x1500.jpg 1000w, https:\/\/www.galerie-metzger.de\/wp-content\/uploads\/2021\/06\/Xavier-Toubes-figures-with-shadows-galerie-metzger-gallery-art-sculpture--470x705.jpg 470w, https:\/\/www.galerie-metzger.de\/wp-content\/uploads\/2021\/06\/Xavier-Toubes-figures-with-shadows-galerie-metzger-gallery-art-sculpture--267x400.jpg 267w, https:\/\/www.galerie-metzger.de\/wp-content\/uploads\/2021\/06\/Xavier-Toubes-figures-with-shadows-galerie-metzger-gallery-art-sculpture--687x1030.jpg 687w, https:\/\/www.galerie-metzger.de\/wp-content\/uploads\/2021\/06\/Xavier-Toubes-figures-with-shadows-galerie-metzger-gallery-art-sculpture--scaled.jpg 1707w\" data-sizes=\"(max-width: 687px) 100vw, 687px\" class='avia_image' ><div class=\"av-image-caption-overlay\"><div class=\"av-caption-image-overlay-bg\"><\/div><div class=\"av-image-caption-overlay-position\"><div class=\"av-image-caption-overlay-center\"><p>Xavier Toubes \u2013 Figure with Shadow \u2013 , 2019, 77x23x18 cm, Foto: Edi Baumann<\/p>\n<\/div><\/div><\/div><img decoding=\"async\" class='wp-image-9628 avia-img-lazy-loading-not-9628 avia_image ' src=\"https:\/\/www.galerie-metzger.de\/wp-content\/uploads\/2021\/06\/Xavier-Toubes-figures-with-shadows-galerie-metzger-gallery-art-sculpture--690x1035.jpg\" alt='Xavier Toubes - figures with shadows - detail' title='Xavier Toubes  - figures with shadows - detail'  height=\"1035\" width=\"690\" srcset=\"https:\/\/www.galerie-metzger.de\/wp-content\/uploads\/2021\/06\/Xavier-Toubes-figures-with-shadows-galerie-metzger-gallery-art-sculpture--690x1035.jpg 690w, https:\/\/www.galerie-metzger.de\/wp-content\/uploads\/2021\/06\/Xavier-Toubes-figures-with-shadows-galerie-metzger-gallery-art-sculpture--727x1090.jpg 727w, https:\/\/www.galerie-metzger.de\/wp-content\/uploads\/2021\/06\/Xavier-Toubes-figures-with-shadows-galerie-metzger-gallery-art-sculpture--1024x1536.jpg 1024w, https:\/\/www.galerie-metzger.de\/wp-content\/uploads\/2021\/06\/Xavier-Toubes-figures-with-shadows-galerie-metzger-gallery-art-sculpture--1365x2048.jpg 1365w, https:\/\/www.galerie-metzger.de\/wp-content\/uploads\/2021\/06\/Xavier-Toubes-figures-with-shadows-galerie-metzger-gallery-art-sculpture--1000x1500.jpg 1000w, https:\/\/www.galerie-metzger.de\/wp-content\/uploads\/2021\/06\/Xavier-Toubes-figures-with-shadows-galerie-metzger-gallery-art-sculpture--470x705.jpg 470w, https:\/\/www.galerie-metzger.de\/wp-content\/uploads\/2021\/06\/Xavier-Toubes-figures-with-shadows-galerie-metzger-gallery-art-sculpture--267x400.jpg 267w, https:\/\/www.galerie-metzger.de\/wp-content\/uploads\/2021\/06\/Xavier-Toubes-figures-with-shadows-galerie-metzger-gallery-art-sculpture--687x1030.jpg 687w, https:\/\/www.galerie-metzger.de\/wp-content\/uploads\/2021\/06\/Xavier-Toubes-figures-with-shadows-galerie-metzger-gallery-art-sculpture--scaled.jpg 1707w\" sizes=\"(max-width: 690px) 100vw, 690px\" \/><\/a><\/div><\/div><\/div><br \/>\n<section  class='av_textblock_section av-n0y26l-49860701d72256893e9612b384f12f37' ><div class='avia_textblock jo_werk_anfrage lang' ><p><a class=\"anfrage\" href=\"mailto:info@galerie-metzger.de?subject=Chikako%20Yosikawa%20Figure with shadow%2077x23x18cm\">Anfrage zum Werk<\/a><\/p>\n<\/div><\/section><\/p><\/div><div class='av-flex-placeholder'><\/div>\n<style type=\"text\/css\" data-created_by=\"avia_inline_auto\" id=\"style-css-av-43hqcy5-23ad8c99c05315e4dbb1275fb8528c7b\">\n.flex_column.av-43hqcy5-23ad8c99c05315e4dbb1275fb8528c7b{\n-webkit-border-radius:0px 0px 0px 0px;\n-moz-border-radius:0px 0px 0px 0px;\nborder-radius:0px 0px 0px 0px;\n}\n<\/style>\n<div class='flex_column av-43hqcy5-23ad8c99c05315e4dbb1275fb8528c7b av_one_third  avia-builder-el-228  el_after_av_one_third  el_before_av_one_third  jo_pf_bild_bg flex_column_table_cell av-equal-height-column av-align-middle av-animated-generic fade-in av-zero-column-padding column-top-margin'     ><p>\n<style type=\"text\/css\" data-created_by=\"avia_inline_auto\" id=\"style-css-av-lf03hno0-24c0fe04055736e821b2be0827584433\">\n.avia-image-container.av-lf03hno0-24c0fe04055736e821b2be0827584433 img.avia_image{\nbox-shadow:none;\n}\n.avia-image-container.av-lf03hno0-24c0fe04055736e821b2be0827584433 .av-caption-image-overlay-bg{\nopacity:0.4;\n}\n<\/style>\n<div  class='avia-image-container av-lf03hno0-24c0fe04055736e821b2be0827584433 av-styling-no-styling avia_animated_image av-animated-when-visible-95 fade-in avia-align-left  avia-builder-el-229  el_before_av_textblock  avia-builder-el-first  jo_pf_bild noHover av-overlay-hover-deactivate'  ><div class=\"avia-image-container-inner\"><div class=\"avia-image-overlay-wrap\"><a href=\"https:\/\/www.galerie-metzger.de\/wp-content\/uploads\/2021\/06\/Xavier-Toubes-figures-with-shadows-galerie-metzger-gallery-art-sculpture-ceramic-art-object--727x1090.jpg\" data-srcset=\"https:\/\/www.galerie-metzger.de\/wp-content\/uploads\/2021\/06\/Xavier-Toubes-figures-with-shadows-galerie-metzger-gallery-art-sculpture-ceramic-art-object--727x1090.jpg 727w, https:\/\/www.galerie-metzger.de\/wp-content\/uploads\/2021\/06\/Xavier-Toubes-figures-with-shadows-galerie-metzger-gallery-art-sculpture-ceramic-art-object--690x1035.jpg 690w, https:\/\/www.galerie-metzger.de\/wp-content\/uploads\/2021\/06\/Xavier-Toubes-figures-with-shadows-galerie-metzger-gallery-art-sculpture-ceramic-art-object--1024x1536.jpg 1024w, https:\/\/www.galerie-metzger.de\/wp-content\/uploads\/2021\/06\/Xavier-Toubes-figures-with-shadows-galerie-metzger-gallery-art-sculpture-ceramic-art-object--1365x2048.jpg 1365w, https:\/\/www.galerie-metzger.de\/wp-content\/uploads\/2021\/06\/Xavier-Toubes-figures-with-shadows-galerie-metzger-gallery-art-sculpture-ceramic-art-object--1000x1500.jpg 1000w, https:\/\/www.galerie-metzger.de\/wp-content\/uploads\/2021\/06\/Xavier-Toubes-figures-with-shadows-galerie-metzger-gallery-art-sculpture-ceramic-art-object--470x705.jpg 470w, https:\/\/www.galerie-metzger.de\/wp-content\/uploads\/2021\/06\/Xavier-Toubes-figures-with-shadows-galerie-metzger-gallery-art-sculpture-ceramic-art-object--267x400.jpg 267w, https:\/\/www.galerie-metzger.de\/wp-content\/uploads\/2021\/06\/Xavier-Toubes-figures-with-shadows-galerie-metzger-gallery-art-sculpture-ceramic-art-object--687x1030.jpg 687w, https:\/\/www.galerie-metzger.de\/wp-content\/uploads\/2021\/06\/Xavier-Toubes-figures-with-shadows-galerie-metzger-gallery-art-sculpture-ceramic-art-object--scaled.jpg 1707w\" data-sizes=\"(max-width: 687px) 100vw, 687px\" class='avia_image' ><div class=\"av-image-caption-overlay\"><div class=\"av-caption-image-overlay-bg\"><\/div><div class=\"av-image-caption-overlay-position\"><div class=\"av-image-caption-overlay-center\"><p>Xavier Toubes \u2013 Figure with Shadow \u2013 , 2019, 77x23x18 cm, Foto: Edi Baumann<\/p>\n<\/div><\/div><\/div><img decoding=\"async\" class='wp-image-9626 avia-img-lazy-loading-not-9626 avia_image ' src=\"https:\/\/www.galerie-metzger.de\/wp-content\/uploads\/2021\/06\/Xavier-Toubes-figures-with-shadows-galerie-metzger-gallery-art-sculpture-ceramic-art-object--690x1035.jpg\" alt='Xavier Toubes - figures with shadows' title='Xavier Toubes - figures with shadows'  height=\"1035\" width=\"690\" srcset=\"https:\/\/www.galerie-metzger.de\/wp-content\/uploads\/2021\/06\/Xavier-Toubes-figures-with-shadows-galerie-metzger-gallery-art-sculpture-ceramic-art-object--690x1035.jpg 690w, https:\/\/www.galerie-metzger.de\/wp-content\/uploads\/2021\/06\/Xavier-Toubes-figures-with-shadows-galerie-metzger-gallery-art-sculpture-ceramic-art-object--727x1090.jpg 727w, https:\/\/www.galerie-metzger.de\/wp-content\/uploads\/2021\/06\/Xavier-Toubes-figures-with-shadows-galerie-metzger-gallery-art-sculpture-ceramic-art-object--1024x1536.jpg 1024w, https:\/\/www.galerie-metzger.de\/wp-content\/uploads\/2021\/06\/Xavier-Toubes-figures-with-shadows-galerie-metzger-gallery-art-sculpture-ceramic-art-object--1365x2048.jpg 1365w, https:\/\/www.galerie-metzger.de\/wp-content\/uploads\/2021\/06\/Xavier-Toubes-figures-with-shadows-galerie-metzger-gallery-art-sculpture-ceramic-art-object--1000x1500.jpg 1000w, https:\/\/www.galerie-metzger.de\/wp-content\/uploads\/2021\/06\/Xavier-Toubes-figures-with-shadows-galerie-metzger-gallery-art-sculpture-ceramic-art-object--470x705.jpg 470w, https:\/\/www.galerie-metzger.de\/wp-content\/uploads\/2021\/06\/Xavier-Toubes-figures-with-shadows-galerie-metzger-gallery-art-sculpture-ceramic-art-object--267x400.jpg 267w, https:\/\/www.galerie-metzger.de\/wp-content\/uploads\/2021\/06\/Xavier-Toubes-figures-with-shadows-galerie-metzger-gallery-art-sculpture-ceramic-art-object--687x1030.jpg 687w, https:\/\/www.galerie-metzger.de\/wp-content\/uploads\/2021\/06\/Xavier-Toubes-figures-with-shadows-galerie-metzger-gallery-art-sculpture-ceramic-art-object--scaled.jpg 1707w\" sizes=\"(max-width: 690px) 100vw, 690px\" \/><\/a><\/div><\/div><\/div><br \/>\n<section  class='av_textblock_section av-3cje37x-7a2572f223fdd6bfb223ea7cd5c7038b' ><div class='avia_textblock jo_werk_anfrage lang' ><p><a class=\"anfrage\" href=\"mailto:info@galerie-metzger.de?subject=Chikako%20Yosikawa%20Figure with shadow%2077x23x18cm\">Anfrage zum Werk<\/a><\/p>\n<\/div><\/section><\/p><\/div><div class='av-flex-placeholder'><\/div>\n<style type=\"text\/css\" data-created_by=\"avia_inline_auto\" id=\"style-css-av-2gsxvhb-256-435190a148ff1b9fa39956b16fe8f27c\">\n.flex_column.av-2gsxvhb-256-435190a148ff1b9fa39956b16fe8f27c{\n-webkit-border-radius:0px 0px 0px 0px;\n-moz-border-radius:0px 0px 0px 0px;\nborder-radius:0px 0px 0px 0px;\n}\n<\/style>\n<div class='flex_column av-2gsxvhb-256-435190a148ff1b9fa39956b16fe8f27c av_one_third  avia-builder-el-231  el_after_av_one_third  el_before_av_one_full  jo_col_empty flex_column_table_cell av-equal-height-column av-align-middle av-animated-generic fade-in av-zero-column-padding column-top-margin'     ><section  class='av_textblock_section av-2ebrkhr-255-ebbe9ffe4ee9a23b4536865aaeaeb8d9' ><div class='avia_textblock' ><p>invisible placeholder<\/p>\n<\/div><\/section><\/div><\/div><!--close column table wrapper. Autoclose: 1 --><div class='flex_column_table av-36q8iel-459b90d2bda2814623765799dbe35f3c sc-av_one_full av-equal-height-column-flextable'>\n<style type=\"text\/css\" data-created_by=\"avia_inline_auto\" id=\"style-css-av-36q8iel-459b90d2bda2814623765799dbe35f3c\">\n.flex_column.av-36q8iel-459b90d2bda2814623765799dbe35f3c{\n-webkit-border-radius:0px 0px 0px 0px;\n-moz-border-radius:0px 0px 0px 0px;\nborder-radius:0px 0px 0px 0px;\n}\n<\/style>\n<div class='flex_column av-36q8iel-459b90d2bda2814623765799dbe35f3c av_one_full  avia-builder-el-233  el_after_av_one_third  el_before_av_one_third  jo_col_empty first flex_column_table_cell av-equal-height-column av-align-top av-animated-generic fade-in av-zero-column-padding column-top-margin'     ><section  class='av_textblock_section av-2m8kfvx-53d10b3e22d63872e9834fc0cc0a5582' ><div class='avia_textblock' ><p>invisible placeholder<\/p>\n<\/div><\/section><\/div><\/div><!--close column table wrapper. Autoclose: 1 --><div class='flex_column_table av-2adbs6l-8b2203808e02d8201e09ab92baecf88a sc-av_one_third av-equal-height-column-flextable'>\n<style type=\"text\/css\" data-created_by=\"avia_inline_auto\" id=\"style-css-av-2adbs6l-8b2203808e02d8201e09ab92baecf88a\">\n.flex_column.av-2adbs6l-8b2203808e02d8201e09ab92baecf88a{\n-webkit-border-radius:0px 0px 0px 0px;\n-moz-border-radius:0px 0px 0px 0px;\nborder-radius:0px 0px 0px 0px;\n}\n<\/style>\n<div class='flex_column av-2adbs6l-8b2203808e02d8201e09ab92baecf88a av_one_third  avia-builder-el-235  el_after_av_one_full  el_before_av_one_third  jo_pf_bild_bg first flex_column_table_cell av-equal-height-column av-align-middle av-animated-generic fade-in av-zero-column-padding column-top-margin'     ><p>\n<style type=\"text\/css\" data-created_by=\"avia_inline_auto\" id=\"style-css-av-lf116k8k-63abae07115b1b283e2a551244f7301e\">\n.avia-image-container.av-lf116k8k-63abae07115b1b283e2a551244f7301e img.avia_image{\nbox-shadow:none;\n}\n.avia-image-container.av-lf116k8k-63abae07115b1b283e2a551244f7301e .av-caption-image-overlay-bg{\nopacity:0.4;\n}\n<\/style>\n<div  class='avia-image-container av-lf116k8k-63abae07115b1b283e2a551244f7301e av-styling-no-styling avia_animated_image av-animated-when-visible-95 fade-in avia-align-left  avia-builder-el-236  el_before_av_textblock  avia-builder-el-first  jo_pf_bild noHover av-overlay-hover-deactivate'  ><div class=\"avia-image-container-inner\"><div class=\"avia-image-overlay-wrap\"><a href=\"https:\/\/www.galerie-metzger.de\/wp-content\/uploads\/2023\/03\/Xavier-Toubes-Rumians-2016-57x1525x165-cm-galerie-metzger-gallery-ceramic-art-object-skulptur-727x1090.jpg\" data-srcset=\"https:\/\/www.galerie-metzger.de\/wp-content\/uploads\/2023\/03\/Xavier-Toubes-Rumians-2016-57x1525x165-cm-galerie-metzger-gallery-ceramic-art-object-skulptur-727x1090.jpg 727w, https:\/\/www.galerie-metzger.de\/wp-content\/uploads\/2023\/03\/Xavier-Toubes-Rumians-2016-57x1525x165-cm-galerie-metzger-gallery-ceramic-art-object-skulptur-690x1035.jpg 690w, https:\/\/www.galerie-metzger.de\/wp-content\/uploads\/2023\/03\/Xavier-Toubes-Rumians-2016-57x1525x165-cm-galerie-metzger-gallery-ceramic-art-object-skulptur-768x1152.jpg 768w, https:\/\/www.galerie-metzger.de\/wp-content\/uploads\/2023\/03\/Xavier-Toubes-Rumians-2016-57x1525x165-cm-galerie-metzger-gallery-ceramic-art-object-skulptur-1024x1536.jpg 1024w, https:\/\/www.galerie-metzger.de\/wp-content\/uploads\/2023\/03\/Xavier-Toubes-Rumians-2016-57x1525x165-cm-galerie-metzger-gallery-ceramic-art-object-skulptur-1365x2048.jpg 1365w, https:\/\/www.galerie-metzger.de\/wp-content\/uploads\/2023\/03\/Xavier-Toubes-Rumians-2016-57x1525x165-cm-galerie-metzger-gallery-ceramic-art-object-skulptur-1000x1500.jpg 1000w, https:\/\/www.galerie-metzger.de\/wp-content\/uploads\/2023\/03\/Xavier-Toubes-Rumians-2016-57x1525x165-cm-galerie-metzger-gallery-ceramic-art-object-skulptur-470x705.jpg 470w, https:\/\/www.galerie-metzger.de\/wp-content\/uploads\/2023\/03\/Xavier-Toubes-Rumians-2016-57x1525x165-cm-galerie-metzger-gallery-ceramic-art-object-skulptur-scaled.jpg 1707w\" data-sizes=\"(max-width: 687px) 100vw, 687px\" class='avia_image' ><div class=\"av-image-caption-overlay\"><div class=\"av-caption-image-overlay-bg\"><\/div><div class=\"av-image-caption-overlay-position\"><div class=\"av-image-caption-overlay-center\"><p>Xavier Toubes \u2013 Rumians \u2013 , 2016, 57&#215;15,25&#215;16,5 cm, Foto: Edi Baumann<\/p>\n<\/div><\/div><\/div><img decoding=\"async\" class='wp-image-11343 avia-img-lazy-loading-not-11343 avia_image ' src=\"https:\/\/www.galerie-metzger.de\/wp-content\/uploads\/2023\/03\/Xavier-Toubes-Rumians-2016-57x1525x165-cm-galerie-metzger-gallery-ceramic-art-object-skulptur-690x1035.jpg\" alt='Xavier Toubes - Rumians - 2016 - 57x15,25x16,5 cm' title='Xavier Toubes - Rumians - 2016 - 57x15,25x16,5 cm'  height=\"1035\" width=\"690\" srcset=\"https:\/\/www.galerie-metzger.de\/wp-content\/uploads\/2023\/03\/Xavier-Toubes-Rumians-2016-57x1525x165-cm-galerie-metzger-gallery-ceramic-art-object-skulptur-690x1035.jpg 690w, https:\/\/www.galerie-metzger.de\/wp-content\/uploads\/2023\/03\/Xavier-Toubes-Rumians-2016-57x1525x165-cm-galerie-metzger-gallery-ceramic-art-object-skulptur-727x1090.jpg 727w, https:\/\/www.galerie-metzger.de\/wp-content\/uploads\/2023\/03\/Xavier-Toubes-Rumians-2016-57x1525x165-cm-galerie-metzger-gallery-ceramic-art-object-skulptur-768x1152.jpg 768w, https:\/\/www.galerie-metzger.de\/wp-content\/uploads\/2023\/03\/Xavier-Toubes-Rumians-2016-57x1525x165-cm-galerie-metzger-gallery-ceramic-art-object-skulptur-1024x1536.jpg 1024w, https:\/\/www.galerie-metzger.de\/wp-content\/uploads\/2023\/03\/Xavier-Toubes-Rumians-2016-57x1525x165-cm-galerie-metzger-gallery-ceramic-art-object-skulptur-1365x2048.jpg 1365w, https:\/\/www.galerie-metzger.de\/wp-content\/uploads\/2023\/03\/Xavier-Toubes-Rumians-2016-57x1525x165-cm-galerie-metzger-gallery-ceramic-art-object-skulptur-1000x1500.jpg 1000w, https:\/\/www.galerie-metzger.de\/wp-content\/uploads\/2023\/03\/Xavier-Toubes-Rumians-2016-57x1525x165-cm-galerie-metzger-gallery-ceramic-art-object-skulptur-470x705.jpg 470w, https:\/\/www.galerie-metzger.de\/wp-content\/uploads\/2023\/03\/Xavier-Toubes-Rumians-2016-57x1525x165-cm-galerie-metzger-gallery-ceramic-art-object-skulptur-scaled.jpg 1707w\" sizes=\"(max-width: 690px) 100vw, 690px\" \/><\/a><\/div><\/div><\/div><br \/>\n<section  class='av_textblock_section av-lf117i6t-e026dfc82993e79977e6a418efd85b99' ><div class='avia_textblock jo_werk_anfrage' ><p><a class=\"anfrage\" href=\"mailto:info@galerie-metzger.de?subject=Chikako%20Yosikawa%20Rumians%2057x15,25x16,5 cm\">Anfrage zum Werk<\/a><\/p>\n<\/div><\/section><\/p><\/div><div class='av-flex-placeholder'><\/div>\n<style type=\"text\/css\" data-created_by=\"avia_inline_auto\" id=\"style-css-av-12trljh-2e2fe62d2462cb17fecf92d07c2a030f\">\n.flex_column.av-12trljh-2e2fe62d2462cb17fecf92d07c2a030f{\n-webkit-border-radius:0px 0px 0px 0px;\n-moz-border-radius:0px 0px 0px 0px;\nborder-radius:0px 0px 0px 0px;\n}\n<\/style>\n<div class='flex_column av-12trljh-2e2fe62d2462cb17fecf92d07c2a030f av_one_third  avia-builder-el-238  el_after_av_one_third  el_before_av_one_third  jo_pf_bild_bg flex_column_table_cell av-equal-height-column av-align-middle av-animated-generic fade-in av-zero-column-padding column-top-margin'     ><p>\n<style type=\"text\/css\" data-created_by=\"avia_inline_auto\" id=\"style-css-av-lf1gpka9-cc73d8f4ce612c719708184f31336dc5\">\n.avia-image-container.av-lf1gpka9-cc73d8f4ce612c719708184f31336dc5 img.avia_image{\nbox-shadow:none;\n}\n.avia-image-container.av-lf1gpka9-cc73d8f4ce612c719708184f31336dc5 .av-caption-image-overlay-bg{\nopacity:0.4;\n}\n<\/style>\n<div  class='avia-image-container av-lf1gpka9-cc73d8f4ce612c719708184f31336dc5 av-styling-no-styling avia_animated_image av-animated-when-visible-95 fade-in avia-align-left  avia-builder-el-239  el_before_av_textblock  avia-builder-el-first  jo_pf_bild noHover av-overlay-hover-deactivate'  ><div class=\"avia-image-container-inner\"><div class=\"avia-image-overlay-wrap\"><a href=\"https:\/\/www.galerie-metzger.de\/wp-content\/uploads\/2023\/03\/Xavier-Toubes-Bichos-Detail-2018-galerie-metzger-gallery-ceramic-art-object-skulptur-727x1090.jpg\" data-srcset=\"https:\/\/www.galerie-metzger.de\/wp-content\/uploads\/2023\/03\/Xavier-Toubes-Bichos-Detail-2018-galerie-metzger-gallery-ceramic-art-object-skulptur-727x1090.jpg 727w, https:\/\/www.galerie-metzger.de\/wp-content\/uploads\/2023\/03\/Xavier-Toubes-Bichos-Detail-2018-galerie-metzger-gallery-ceramic-art-object-skulptur-690x1035.jpg 690w, https:\/\/www.galerie-metzger.de\/wp-content\/uploads\/2023\/03\/Xavier-Toubes-Bichos-Detail-2018-galerie-metzger-gallery-ceramic-art-object-skulptur-768x1152.jpg 768w, https:\/\/www.galerie-metzger.de\/wp-content\/uploads\/2023\/03\/Xavier-Toubes-Bichos-Detail-2018-galerie-metzger-gallery-ceramic-art-object-skulptur-1024x1536.jpg 1024w, https:\/\/www.galerie-metzger.de\/wp-content\/uploads\/2023\/03\/Xavier-Toubes-Bichos-Detail-2018-galerie-metzger-gallery-ceramic-art-object-skulptur-1365x2048.jpg 1365w, https:\/\/www.galerie-metzger.de\/wp-content\/uploads\/2023\/03\/Xavier-Toubes-Bichos-Detail-2018-galerie-metzger-gallery-ceramic-art-object-skulptur-1000x1500.jpg 1000w, https:\/\/www.galerie-metzger.de\/wp-content\/uploads\/2023\/03\/Xavier-Toubes-Bichos-Detail-2018-galerie-metzger-gallery-ceramic-art-object-skulptur-470x705.jpg 470w, https:\/\/www.galerie-metzger.de\/wp-content\/uploads\/2023\/03\/Xavier-Toubes-Bichos-Detail-2018-galerie-metzger-gallery-ceramic-art-object-skulptur-scaled.jpg 1707w\" data-sizes=\"(max-width: 687px) 100vw, 687px\" class='avia_image' ><div class=\"av-image-caption-overlay\"><div class=\"av-caption-image-overlay-bg\"><\/div><div class=\"av-image-caption-overlay-position\"><div class=\"av-image-caption-overlay-center\"><p>Xavier Toubes \u2013 Bichos \u2013 Detail, 2018, 71x20x15 cm, Foto: Edi Baumann<\/p>\n<\/div><\/div><\/div><img decoding=\"async\" class='wp-image-11341 avia-img-lazy-loading-not-11341 avia_image ' src=\"https:\/\/www.galerie-metzger.de\/wp-content\/uploads\/2023\/03\/Xavier-Toubes-Bichos-Detail-2018-galerie-metzger-gallery-ceramic-art-object-skulptur-690x1035.jpg\" alt='Xavier Toubes - Bichos - Detail - 2018' title='Xavier Toubes - Bichos - Detail - 2018'  height=\"1035\" width=\"690\" srcset=\"https:\/\/www.galerie-metzger.de\/wp-content\/uploads\/2023\/03\/Xavier-Toubes-Bichos-Detail-2018-galerie-metzger-gallery-ceramic-art-object-skulptur-690x1035.jpg 690w, https:\/\/www.galerie-metzger.de\/wp-content\/uploads\/2023\/03\/Xavier-Toubes-Bichos-Detail-2018-galerie-metzger-gallery-ceramic-art-object-skulptur-727x1090.jpg 727w, https:\/\/www.galerie-metzger.de\/wp-content\/uploads\/2023\/03\/Xavier-Toubes-Bichos-Detail-2018-galerie-metzger-gallery-ceramic-art-object-skulptur-768x1152.jpg 768w, https:\/\/www.galerie-metzger.de\/wp-content\/uploads\/2023\/03\/Xavier-Toubes-Bichos-Detail-2018-galerie-metzger-gallery-ceramic-art-object-skulptur-1024x1536.jpg 1024w, https:\/\/www.galerie-metzger.de\/wp-content\/uploads\/2023\/03\/Xavier-Toubes-Bichos-Detail-2018-galerie-metzger-gallery-ceramic-art-object-skulptur-1365x2048.jpg 1365w, https:\/\/www.galerie-metzger.de\/wp-content\/uploads\/2023\/03\/Xavier-Toubes-Bichos-Detail-2018-galerie-metzger-gallery-ceramic-art-object-skulptur-1000x1500.jpg 1000w, https:\/\/www.galerie-metzger.de\/wp-content\/uploads\/2023\/03\/Xavier-Toubes-Bichos-Detail-2018-galerie-metzger-gallery-ceramic-art-object-skulptur-470x705.jpg 470w, https:\/\/www.galerie-metzger.de\/wp-content\/uploads\/2023\/03\/Xavier-Toubes-Bichos-Detail-2018-galerie-metzger-gallery-ceramic-art-object-skulptur-scaled.jpg 1707w\" sizes=\"(max-width: 690px) 100vw, 690px\" \/><\/a><\/div><\/div><\/div><br \/>\n<section  class='av_textblock_section av-or5uwd-e22c1388fda596988bdc572f6cb84835' ><div class='avia_textblock jo_werk_anfrage' ><p><a class=\"anfrage\" href=\"mailto:info@galerie-metzger.de?subject=Chikako%20Yosikawa%20Bichos%2071x20x15cm\">Anfrage zum Werk<\/a><\/p>\n<\/div><\/section><\/p><\/div><div class='av-flex-placeholder'><\/div>\n<style type=\"text\/css\" data-created_by=\"avia_inline_auto\" id=\"style-css-av-1kr5hal-56f155bec639551774eed89c3aec6278\">\n.flex_column.av-1kr5hal-56f155bec639551774eed89c3aec6278{\n-webkit-border-radius:0px 0px 0px 0px;\n-moz-border-radius:0px 0px 0px 0px;\nborder-radius:0px 0px 0px 0px;\n}\n<\/style>\n<div class='flex_column av-1kr5hal-56f155bec639551774eed89c3aec6278 av_one_third  avia-builder-el-241  el_after_av_one_third  el_before_av_one_full  jo_pf_bild_bg flex_column_table_cell av-equal-height-column av-align-middle av-animated-generic fade-in av-zero-column-padding column-top-margin'     ><p>\n<style type=\"text\/css\" data-created_by=\"avia_inline_auto\" id=\"style-css-av-lf1191te-5e10d8a88470f8172511a93037de7ccc\">\n.avia-image-container.av-lf1191te-5e10d8a88470f8172511a93037de7ccc img.avia_image{\nbox-shadow:none;\n}\n.avia-image-container.av-lf1191te-5e10d8a88470f8172511a93037de7ccc .av-caption-image-overlay-bg{\nopacity:0.4;\n}\n<\/style>\n<div  class='avia-image-container av-lf1191te-5e10d8a88470f8172511a93037de7ccc av-styling-no-styling avia_animated_image av-animated-when-visible-95 fade-in avia-align-left  avia-builder-el-242  el_before_av_textblock  avia-builder-el-first  jo_pf_bild noHover av-overlay-hover-deactivate'  ><div class=\"avia-image-container-inner\"><div class=\"avia-image-overlay-wrap\"><a href=\"https:\/\/www.galerie-metzger.de\/wp-content\/uploads\/2023\/03\/Xavier-Toubes-Bichos-2018-71x20x15cm-galerie-metzger-gallery-ceramic-art-object-skulptur-727x1090.jpg\" data-srcset=\"https:\/\/www.galerie-metzger.de\/wp-content\/uploads\/2023\/03\/Xavier-Toubes-Bichos-2018-71x20x15cm-galerie-metzger-gallery-ceramic-art-object-skulptur-727x1090.jpg 727w, https:\/\/www.galerie-metzger.de\/wp-content\/uploads\/2023\/03\/Xavier-Toubes-Bichos-2018-71x20x15cm-galerie-metzger-gallery-ceramic-art-object-skulptur-690x1035.jpg 690w, https:\/\/www.galerie-metzger.de\/wp-content\/uploads\/2023\/03\/Xavier-Toubes-Bichos-2018-71x20x15cm-galerie-metzger-gallery-ceramic-art-object-skulptur-768x1152.jpg 768w, https:\/\/www.galerie-metzger.de\/wp-content\/uploads\/2023\/03\/Xavier-Toubes-Bichos-2018-71x20x15cm-galerie-metzger-gallery-ceramic-art-object-skulptur-1024x1536.jpg 1024w, https:\/\/www.galerie-metzger.de\/wp-content\/uploads\/2023\/03\/Xavier-Toubes-Bichos-2018-71x20x15cm-galerie-metzger-gallery-ceramic-art-object-skulptur-1365x2048.jpg 1365w, https:\/\/www.galerie-metzger.de\/wp-content\/uploads\/2023\/03\/Xavier-Toubes-Bichos-2018-71x20x15cm-galerie-metzger-gallery-ceramic-art-object-skulptur-1000x1500.jpg 1000w, https:\/\/www.galerie-metzger.de\/wp-content\/uploads\/2023\/03\/Xavier-Toubes-Bichos-2018-71x20x15cm-galerie-metzger-gallery-ceramic-art-object-skulptur-470x705.jpg 470w, https:\/\/www.galerie-metzger.de\/wp-content\/uploads\/2023\/03\/Xavier-Toubes-Bichos-2018-71x20x15cm-galerie-metzger-gallery-ceramic-art-object-skulptur-scaled.jpg 1707w\" data-sizes=\"(max-width: 687px) 100vw, 687px\" class='avia_image' ><div class=\"av-image-caption-overlay\"><div class=\"av-caption-image-overlay-bg\"><\/div><div class=\"av-image-caption-overlay-position\"><div class=\"av-image-caption-overlay-center\"><p>Xavier Toubes \u2013 Bichos \u2013 , 2018, 71x20x15 cm, Foto: Edi Baumann<\/p>\n<\/div><\/div><\/div><img decoding=\"async\" class='wp-image-11339 avia-img-lazy-loading-not-11339 avia_image ' src=\"https:\/\/www.galerie-metzger.de\/wp-content\/uploads\/2023\/03\/Xavier-Toubes-Bichos-2018-71x20x15cm-galerie-metzger-gallery-ceramic-art-object-skulptur-690x1035.jpg\" alt='Xavier Toubes - Bichos - 2018 - 71x20x15 cm' title='Xavier Toubes - Bichos - 2018 - 71x20x15 cm'  height=\"1035\" width=\"690\" srcset=\"https:\/\/www.galerie-metzger.de\/wp-content\/uploads\/2023\/03\/Xavier-Toubes-Bichos-2018-71x20x15cm-galerie-metzger-gallery-ceramic-art-object-skulptur-690x1035.jpg 690w, https:\/\/www.galerie-metzger.de\/wp-content\/uploads\/2023\/03\/Xavier-Toubes-Bichos-2018-71x20x15cm-galerie-metzger-gallery-ceramic-art-object-skulptur-727x1090.jpg 727w, https:\/\/www.galerie-metzger.de\/wp-content\/uploads\/2023\/03\/Xavier-Toubes-Bichos-2018-71x20x15cm-galerie-metzger-gallery-ceramic-art-object-skulptur-768x1152.jpg 768w, https:\/\/www.galerie-metzger.de\/wp-content\/uploads\/2023\/03\/Xavier-Toubes-Bichos-2018-71x20x15cm-galerie-metzger-gallery-ceramic-art-object-skulptur-1024x1536.jpg 1024w, https:\/\/www.galerie-metzger.de\/wp-content\/uploads\/2023\/03\/Xavier-Toubes-Bichos-2018-71x20x15cm-galerie-metzger-gallery-ceramic-art-object-skulptur-1365x2048.jpg 1365w, https:\/\/www.galerie-metzger.de\/wp-content\/uploads\/2023\/03\/Xavier-Toubes-Bichos-2018-71x20x15cm-galerie-metzger-gallery-ceramic-art-object-skulptur-1000x1500.jpg 1000w, https:\/\/www.galerie-metzger.de\/wp-content\/uploads\/2023\/03\/Xavier-Toubes-Bichos-2018-71x20x15cm-galerie-metzger-gallery-ceramic-art-object-skulptur-470x705.jpg 470w, https:\/\/www.galerie-metzger.de\/wp-content\/uploads\/2023\/03\/Xavier-Toubes-Bichos-2018-71x20x15cm-galerie-metzger-gallery-ceramic-art-object-skulptur-scaled.jpg 1707w\" sizes=\"(max-width: 690px) 100vw, 690px\" \/><\/a><\/div><\/div><\/div><br \/>\n<section  class='av_textblock_section av-lf119q4y-670045f96051c3dcb19ba70733b0a64a' ><div class='avia_textblock jo_werk_anfrage' ><p><a class=\"anfrage\" href=\"mailto:info@galerie-metzger.de?subject=Chikako%20Yosikawa%20Bichos%2071x20x15cm\">Anfrage zum Werk<\/a><\/p>\n<\/div><\/section><\/p><\/div><\/div><!--close column table wrapper. Autoclose: 1 --><div class='flex_column_table av-17mq0rx-4da03db2602273c907ab8bc65158fd0c sc-av_one_full av-equal-height-column-flextable'>\n<style type=\"text\/css\" data-created_by=\"avia_inline_auto\" id=\"style-css-av-17mq0rx-4da03db2602273c907ab8bc65158fd0c\">\n.flex_column.av-17mq0rx-4da03db2602273c907ab8bc65158fd0c{\n-webkit-border-radius:0px 0px 0px 0px;\n-moz-border-radius:0px 0px 0px 0px;\nborder-radius:0px 0px 0px 0px;\n}\n<\/style>\n<div class='flex_column av-17mq0rx-4da03db2602273c907ab8bc65158fd0c av_one_full  avia-builder-el-244  el_after_av_one_third  el_before_av_one_third  jo_col_empty first flex_column_table_cell av-equal-height-column av-align-top av-animated-generic fade-in av-zero-column-padding column-top-margin'     ><section  class='av_textblock_section av-so9l9p-004cd15e83eae7dc99799108226933af' ><div class='avia_textblock' ><p>invisible placeholder<\/p>\n<\/div><\/section><\/div><\/div><!--close column table wrapper. Autoclose: 1 --><div class='flex_column_table av-16j2jvx-eba3853aeffd798cfc479cc16ac9985f sc-av_one_third av-equal-height-column-flextable'>\n<style type=\"text\/css\" data-created_by=\"avia_inline_auto\" id=\"style-css-av-16j2jvx-eba3853aeffd798cfc479cc16ac9985f\">\n.flex_column.av-16j2jvx-eba3853aeffd798cfc479cc16ac9985f{\n-webkit-border-radius:0px 0px 0px 0px;\n-moz-border-radius:0px 0px 0px 0px;\nborder-radius:0px 0px 0px 0px;\n}\n<\/style>\n<div class='flex_column av-16j2jvx-eba3853aeffd798cfc479cc16ac9985f av_one_third  avia-builder-el-246  el_after_av_one_full  el_before_av_one_third  jo_pf_bild_bg first flex_column_table_cell av-equal-height-column av-align-middle av-animated-generic fade-in av-zero-column-padding column-top-margin'     ><p>\n<style type=\"text\/css\" data-created_by=\"avia_inline_auto\" id=\"style-css-av-lea3v8zl-e9222cbb539d9dc43ef48b8dfc8855e6\">\n.avia-image-container.av-lea3v8zl-e9222cbb539d9dc43ef48b8dfc8855e6 img.avia_image{\nbox-shadow:none;\n}\n.avia-image-container.av-lea3v8zl-e9222cbb539d9dc43ef48b8dfc8855e6 .av-caption-image-overlay-bg{\nopacity:0.4;\n}\n<\/style>\n<div  class='avia-image-container av-lea3v8zl-e9222cbb539d9dc43ef48b8dfc8855e6 av-styling-no-styling avia_animated_image av-animated-when-visible-95 fade-in avia-align-left  avia-builder-el-247  el_before_av_textblock  avia-builder-el-first  jo_pf_bild noHover av-overlay-hover-deactivate'  ><div class=\"avia-image-container-inner\"><div class=\"avia-image-overlay-wrap\"><a href=\"https:\/\/www.galerie-metzger.de\/wp-content\/uploads\/2023\/02\/Chikako-Yoshikawa-Figurine-galerie-metzger-gallery-kaufen-keramik-kunst-727x1090.jpg\" data-srcset=\"https:\/\/www.galerie-metzger.de\/wp-content\/uploads\/2023\/02\/Chikako-Yoshikawa-Figurine-galerie-metzger-gallery-kaufen-keramik-kunst-727x1090.jpg 727w, https:\/\/www.galerie-metzger.de\/wp-content\/uploads\/2023\/02\/Chikako-Yoshikawa-Figurine-galerie-metzger-gallery-kaufen-keramik-kunst-690x1035.jpg 690w, https:\/\/www.galerie-metzger.de\/wp-content\/uploads\/2023\/02\/Chikako-Yoshikawa-Figurine-galerie-metzger-gallery-kaufen-keramik-kunst-768x1152.jpg 768w, https:\/\/www.galerie-metzger.de\/wp-content\/uploads\/2023\/02\/Chikako-Yoshikawa-Figurine-galerie-metzger-gallery-kaufen-keramik-kunst-1024x1536.jpg 1024w, https:\/\/www.galerie-metzger.de\/wp-content\/uploads\/2023\/02\/Chikako-Yoshikawa-Figurine-galerie-metzger-gallery-kaufen-keramik-kunst-1365x2048.jpg 1365w, https:\/\/www.galerie-metzger.de\/wp-content\/uploads\/2023\/02\/Chikako-Yoshikawa-Figurine-galerie-metzger-gallery-kaufen-keramik-kunst-1000x1500.jpg 1000w, https:\/\/www.galerie-metzger.de\/wp-content\/uploads\/2023\/02\/Chikako-Yoshikawa-Figurine-galerie-metzger-gallery-kaufen-keramik-kunst-470x705.jpg 470w, https:\/\/www.galerie-metzger.de\/wp-content\/uploads\/2023\/02\/Chikako-Yoshikawa-Figurine-galerie-metzger-gallery-kaufen-keramik-kunst-scaled.jpg 1707w\" data-sizes=\"(max-width: 687px) 100vw, 687px\" class='avia_image' ><div class=\"av-image-caption-overlay\"><div class=\"av-caption-image-overlay-bg\"><\/div><div class=\"av-image-caption-overlay-position\"><div class=\"av-image-caption-overlay-center\"><p>Chikako Yoshikawa \u2013 Figurine \u2013, 26&#215;14,5&#215;10 cm, Foto: Edi Baumann<\/p>\n<\/div><\/div><\/div><img decoding=\"async\" class='wp-image-11195 avia-img-lazy-loading-not-11195 avia_image ' src=\"https:\/\/www.galerie-metzger.de\/wp-content\/uploads\/2023\/02\/Chikako-Yoshikawa-Figurine-galerie-metzger-gallery-kaufen-keramik-kunst-690x1035.jpg\" alt='Chikako Yoshikawa -Figurine' title='Chikako Yoshikawa  -Figurine'  height=\"1035\" width=\"690\" srcset=\"https:\/\/www.galerie-metzger.de\/wp-content\/uploads\/2023\/02\/Chikako-Yoshikawa-Figurine-galerie-metzger-gallery-kaufen-keramik-kunst-690x1035.jpg 690w, https:\/\/www.galerie-metzger.de\/wp-content\/uploads\/2023\/02\/Chikako-Yoshikawa-Figurine-galerie-metzger-gallery-kaufen-keramik-kunst-727x1090.jpg 727w, https:\/\/www.galerie-metzger.de\/wp-content\/uploads\/2023\/02\/Chikako-Yoshikawa-Figurine-galerie-metzger-gallery-kaufen-keramik-kunst-768x1152.jpg 768w, https:\/\/www.galerie-metzger.de\/wp-content\/uploads\/2023\/02\/Chikako-Yoshikawa-Figurine-galerie-metzger-gallery-kaufen-keramik-kunst-1024x1536.jpg 1024w, https:\/\/www.galerie-metzger.de\/wp-content\/uploads\/2023\/02\/Chikako-Yoshikawa-Figurine-galerie-metzger-gallery-kaufen-keramik-kunst-1365x2048.jpg 1365w, https:\/\/www.galerie-metzger.de\/wp-content\/uploads\/2023\/02\/Chikako-Yoshikawa-Figurine-galerie-metzger-gallery-kaufen-keramik-kunst-1000x1500.jpg 1000w, https:\/\/www.galerie-metzger.de\/wp-content\/uploads\/2023\/02\/Chikako-Yoshikawa-Figurine-galerie-metzger-gallery-kaufen-keramik-kunst-470x705.jpg 470w, https:\/\/www.galerie-metzger.de\/wp-content\/uploads\/2023\/02\/Chikako-Yoshikawa-Figurine-galerie-metzger-gallery-kaufen-keramik-kunst-scaled.jpg 1707w\" sizes=\"(max-width: 690px) 100vw, 690px\" \/><\/a><\/div><\/div><\/div><br \/>\n<section  class='av_textblock_section av-lea3vswd-1235ba6736160f459280ca17e5cf81bb' ><div class='avia_textblock jo_werk_anfrage' ><p><a class=\"anfrage\" href=\"mailto:info@galerie-metzger.de?subject=Chikako%20Yosikawa%20Figurine%2026x14,5x10cm\">Anfrage zum Werk<\/a><\/p>\n<\/div><\/section><\/p><\/div><div class='av-flex-placeholder'><\/div>\n<style type=\"text\/css\" data-created_by=\"avia_inline_auto\" id=\"style-css-av-kcyzgt-0f7e74a425c98cf2f3f4591767b8643d\">\n.flex_column.av-kcyzgt-0f7e74a425c98cf2f3f4591767b8643d{\n-webkit-border-radius:0px 0px 0px 0px;\n-moz-border-radius:0px 0px 0px 0px;\nborder-radius:0px 0px 0px 0px;\n}\n<\/style>\n<div class='flex_column av-kcyzgt-0f7e74a425c98cf2f3f4591767b8643d av_one_third  avia-builder-el-249  el_after_av_one_third  el_before_av_one_third  jo_pf_bild_bg flex_column_table_cell av-equal-height-column av-align-middle av-animated-generic fade-in av-zero-column-padding column-top-margin'     ><p>\n<style type=\"text\/css\" data-created_by=\"avia_inline_auto\" id=\"style-css-av-lea3wyz4-9659c1b39100b864dd0f794dc4c0bf83\">\n.avia-image-container.av-lea3wyz4-9659c1b39100b864dd0f794dc4c0bf83 img.avia_image{\nbox-shadow:none;\n}\n.avia-image-container.av-lea3wyz4-9659c1b39100b864dd0f794dc4c0bf83 .av-caption-image-overlay-bg{\nopacity:0.4;\n}\n<\/style>\n<div  class='avia-image-container av-lea3wyz4-9659c1b39100b864dd0f794dc4c0bf83 av-styling-no-styling avia_animated_image av-animated-when-visible-95 fade-in avia-align-left  avia-builder-el-250  el_before_av_textblock  avia-builder-el-first  jo_pf_bild noHover av-overlay-hover-deactivate'  ><div class=\"avia-image-container-inner\"><div class=\"avia-image-overlay-wrap\"><a href=\"https:\/\/www.galerie-metzger.de\/wp-content\/uploads\/2023\/02\/Chikako-Yoshikawa-Figurine-galerie-metzger-gallery-kaufen-keramik-kunst-aschaffenburg-727x1090.jpg\" data-srcset=\"https:\/\/www.galerie-metzger.de\/wp-content\/uploads\/2023\/02\/Chikako-Yoshikawa-Figurine-galerie-metzger-gallery-kaufen-keramik-kunst-aschaffenburg-727x1090.jpg 727w, https:\/\/www.galerie-metzger.de\/wp-content\/uploads\/2023\/02\/Chikako-Yoshikawa-Figurine-galerie-metzger-gallery-kaufen-keramik-kunst-aschaffenburg-690x1035.jpg 690w, https:\/\/www.galerie-metzger.de\/wp-content\/uploads\/2023\/02\/Chikako-Yoshikawa-Figurine-galerie-metzger-gallery-kaufen-keramik-kunst-aschaffenburg-768x1152.jpg 768w, https:\/\/www.galerie-metzger.de\/wp-content\/uploads\/2023\/02\/Chikako-Yoshikawa-Figurine-galerie-metzger-gallery-kaufen-keramik-kunst-aschaffenburg-1024x1536.jpg 1024w, https:\/\/www.galerie-metzger.de\/wp-content\/uploads\/2023\/02\/Chikako-Yoshikawa-Figurine-galerie-metzger-gallery-kaufen-keramik-kunst-aschaffenburg-1365x2048.jpg 1365w, https:\/\/www.galerie-metzger.de\/wp-content\/uploads\/2023\/02\/Chikako-Yoshikawa-Figurine-galerie-metzger-gallery-kaufen-keramik-kunst-aschaffenburg-1000x1500.jpg 1000w, https:\/\/www.galerie-metzger.de\/wp-content\/uploads\/2023\/02\/Chikako-Yoshikawa-Figurine-galerie-metzger-gallery-kaufen-keramik-kunst-aschaffenburg-470x705.jpg 470w, https:\/\/www.galerie-metzger.de\/wp-content\/uploads\/2023\/02\/Chikako-Yoshikawa-Figurine-galerie-metzger-gallery-kaufen-keramik-kunst-aschaffenburg-scaled.jpg 1707w\" data-sizes=\"(max-width: 687px) 100vw, 687px\" class='avia_image' ><div class=\"av-image-caption-overlay\"><div class=\"av-caption-image-overlay-bg\"><\/div><div class=\"av-image-caption-overlay-position\"><div class=\"av-image-caption-overlay-center\"><p>Chikako Yoshikawa \u2013 Figurine \u2013, 29&#215;12,5&#215;8 cm, Foto: Edi Baumann<\/p>\n<\/div><\/div><\/div><img decoding=\"async\" class='wp-image-11193 avia-img-lazy-loading-not-11193 avia_image ' src=\"https:\/\/www.galerie-metzger.de\/wp-content\/uploads\/2023\/02\/Chikako-Yoshikawa-Figurine-galerie-metzger-gallery-kaufen-keramik-kunst-aschaffenburg-690x1035.jpg\" alt='Chikako Yoshikawa - Figurine' title='Chikako Yoshikawa - Figurine'  height=\"1035\" width=\"690\" srcset=\"https:\/\/www.galerie-metzger.de\/wp-content\/uploads\/2023\/02\/Chikako-Yoshikawa-Figurine-galerie-metzger-gallery-kaufen-keramik-kunst-aschaffenburg-690x1035.jpg 690w, https:\/\/www.galerie-metzger.de\/wp-content\/uploads\/2023\/02\/Chikako-Yoshikawa-Figurine-galerie-metzger-gallery-kaufen-keramik-kunst-aschaffenburg-727x1090.jpg 727w, https:\/\/www.galerie-metzger.de\/wp-content\/uploads\/2023\/02\/Chikako-Yoshikawa-Figurine-galerie-metzger-gallery-kaufen-keramik-kunst-aschaffenburg-768x1152.jpg 768w, https:\/\/www.galerie-metzger.de\/wp-content\/uploads\/2023\/02\/Chikako-Yoshikawa-Figurine-galerie-metzger-gallery-kaufen-keramik-kunst-aschaffenburg-1024x1536.jpg 1024w, https:\/\/www.galerie-metzger.de\/wp-content\/uploads\/2023\/02\/Chikako-Yoshikawa-Figurine-galerie-metzger-gallery-kaufen-keramik-kunst-aschaffenburg-1365x2048.jpg 1365w, https:\/\/www.galerie-metzger.de\/wp-content\/uploads\/2023\/02\/Chikako-Yoshikawa-Figurine-galerie-metzger-gallery-kaufen-keramik-kunst-aschaffenburg-1000x1500.jpg 1000w, https:\/\/www.galerie-metzger.de\/wp-content\/uploads\/2023\/02\/Chikako-Yoshikawa-Figurine-galerie-metzger-gallery-kaufen-keramik-kunst-aschaffenburg-470x705.jpg 470w, https:\/\/www.galerie-metzger.de\/wp-content\/uploads\/2023\/02\/Chikako-Yoshikawa-Figurine-galerie-metzger-gallery-kaufen-keramik-kunst-aschaffenburg-scaled.jpg 1707w\" sizes=\"(max-width: 690px) 100vw, 690px\" \/><\/a><\/div><\/div><\/div><br \/>\n<section  class='av_textblock_section av-lea3xhlk-6dbb2bd62d91621f7a8290a8d71f1301' ><div class='avia_textblock jo_werk_anfrage' ><p><a class=\"anfrage\" href=\"mailto:info@galerie-metzger.de?subject=Chikako%20Yosikawa%20Figurine%2029x12,5x8cm\">Anfrage zum Werk<\/a><\/p>\n<\/div><\/section><\/p><\/div><div class='av-flex-placeholder'><\/div>\n<style type=\"text\/css\" data-created_by=\"avia_inline_auto\" id=\"style-css-av-1frtpvx-11d1e3d5df48c8b1e66e40101999cebd\">\n.flex_column.av-1frtpvx-11d1e3d5df48c8b1e66e40101999cebd{\n-webkit-border-radius:0px 0px 0px 0px;\n-moz-border-radius:0px 0px 0px 0px;\nborder-radius:0px 0px 0px 0px;\n}\n<\/style>\n<div class='flex_column av-1frtpvx-11d1e3d5df48c8b1e66e40101999cebd av_one_third  avia-builder-el-252  el_after_av_one_third  el_before_av_one_full  jo_pf_bild_bg flex_column_table_cell av-equal-height-column av-align-middle av-animated-generic fade-in av-zero-column-padding column-top-margin'     ><p>\n<style type=\"text\/css\" data-created_by=\"avia_inline_auto\" id=\"style-css-av-1cumfal-38d7f57d8c32e5ab7d1750aab4230473\">\n.avia-image-container.av-1cumfal-38d7f57d8c32e5ab7d1750aab4230473 img.avia_image{\nbox-shadow:none;\n}\n.avia-image-container.av-1cumfal-38d7f57d8c32e5ab7d1750aab4230473 .av-caption-image-overlay-bg{\nopacity:0.4;\n}\n<\/style>\n<div  class='avia-image-container av-1cumfal-38d7f57d8c32e5ab7d1750aab4230473 av-styling-no-styling avia_animated_image av-animated-when-visible-95 fade-in avia-align-left  avia-builder-el-253  el_before_av_textblock  avia-builder-el-first  jo_pf_bild noHover av-overlay-hover-deactivate'  ><div class=\"avia-image-container-inner\"><div class=\"avia-image-overlay-wrap\"><a href=\"https:\/\/www.galerie-metzger.de\/wp-content\/uploads\/2023\/02\/Chikako-Yoshikawa-Figurine-galerie-metzger-gallery-sculpture-keramik-kunst-aschaffenburg-727x1090.jpg\" data-srcset=\"https:\/\/www.galerie-metzger.de\/wp-content\/uploads\/2023\/02\/Chikako-Yoshikawa-Figurine-galerie-metzger-gallery-sculpture-keramik-kunst-aschaffenburg-727x1090.jpg 727w, https:\/\/www.galerie-metzger.de\/wp-content\/uploads\/2023\/02\/Chikako-Yoshikawa-Figurine-galerie-metzger-gallery-sculpture-keramik-kunst-aschaffenburg-690x1035.jpg 690w, https:\/\/www.galerie-metzger.de\/wp-content\/uploads\/2023\/02\/Chikako-Yoshikawa-Figurine-galerie-metzger-gallery-sculpture-keramik-kunst-aschaffenburg-768x1152.jpg 768w, https:\/\/www.galerie-metzger.de\/wp-content\/uploads\/2023\/02\/Chikako-Yoshikawa-Figurine-galerie-metzger-gallery-sculpture-keramik-kunst-aschaffenburg-1024x1536.jpg 1024w, https:\/\/www.galerie-metzger.de\/wp-content\/uploads\/2023\/02\/Chikako-Yoshikawa-Figurine-galerie-metzger-gallery-sculpture-keramik-kunst-aschaffenburg-1365x2048.jpg 1365w, https:\/\/www.galerie-metzger.de\/wp-content\/uploads\/2023\/02\/Chikako-Yoshikawa-Figurine-galerie-metzger-gallery-sculpture-keramik-kunst-aschaffenburg-1000x1500.jpg 1000w, https:\/\/www.galerie-metzger.de\/wp-content\/uploads\/2023\/02\/Chikako-Yoshikawa-Figurine-galerie-metzger-gallery-sculpture-keramik-kunst-aschaffenburg-470x705.jpg 470w, https:\/\/www.galerie-metzger.de\/wp-content\/uploads\/2023\/02\/Chikako-Yoshikawa-Figurine-galerie-metzger-gallery-sculpture-keramik-kunst-aschaffenburg-scaled.jpg 1707w\" data-sizes=\"(max-width: 687px) 100vw, 687px\" class='avia_image' ><div class=\"av-image-caption-overlay\"><div class=\"av-caption-image-overlay-bg\"><\/div><div class=\"av-image-caption-overlay-position\"><div class=\"av-image-caption-overlay-center\"><p>Chikako Yoshikawa \u2013 Figurine \u2013 , 22x12x7 cm, Foto: Edi Baumann<\/p>\n<\/div><\/div><\/div><img decoding=\"async\" class='wp-image-11197 avia-img-lazy-loading-not-11197 avia_image ' src=\"https:\/\/www.galerie-metzger.de\/wp-content\/uploads\/2023\/02\/Chikako-Yoshikawa-Figurine-galerie-metzger-gallery-sculpture-keramik-kunst-aschaffenburg-690x1035.jpg\" alt='Chikako Yoshikawa - Figurine' title='Chikako Yoshikawa - Figurine'  height=\"1035\" width=\"690\" srcset=\"https:\/\/www.galerie-metzger.de\/wp-content\/uploads\/2023\/02\/Chikako-Yoshikawa-Figurine-galerie-metzger-gallery-sculpture-keramik-kunst-aschaffenburg-690x1035.jpg 690w, https:\/\/www.galerie-metzger.de\/wp-content\/uploads\/2023\/02\/Chikako-Yoshikawa-Figurine-galerie-metzger-gallery-sculpture-keramik-kunst-aschaffenburg-727x1090.jpg 727w, https:\/\/www.galerie-metzger.de\/wp-content\/uploads\/2023\/02\/Chikako-Yoshikawa-Figurine-galerie-metzger-gallery-sculpture-keramik-kunst-aschaffenburg-768x1152.jpg 768w, https:\/\/www.galerie-metzger.de\/wp-content\/uploads\/2023\/02\/Chikako-Yoshikawa-Figurine-galerie-metzger-gallery-sculpture-keramik-kunst-aschaffenburg-1024x1536.jpg 1024w, https:\/\/www.galerie-metzger.de\/wp-content\/uploads\/2023\/02\/Chikako-Yoshikawa-Figurine-galerie-metzger-gallery-sculpture-keramik-kunst-aschaffenburg-1365x2048.jpg 1365w, https:\/\/www.galerie-metzger.de\/wp-content\/uploads\/2023\/02\/Chikako-Yoshikawa-Figurine-galerie-metzger-gallery-sculpture-keramik-kunst-aschaffenburg-1000x1500.jpg 1000w, https:\/\/www.galerie-metzger.de\/wp-content\/uploads\/2023\/02\/Chikako-Yoshikawa-Figurine-galerie-metzger-gallery-sculpture-keramik-kunst-aschaffenburg-470x705.jpg 470w, https:\/\/www.galerie-metzger.de\/wp-content\/uploads\/2023\/02\/Chikako-Yoshikawa-Figurine-galerie-metzger-gallery-sculpture-keramik-kunst-aschaffenburg-scaled.jpg 1707w\" sizes=\"(max-width: 690px) 100vw, 690px\" \/><\/a><\/div><\/div><\/div><br \/>\n<section  class='av_textblock_section av-2xv3zh-6d58e1b19441f6993c90372ba7ee0646' ><div class='avia_textblock jo_werk_anfrage' ><p><a class=\"anfrage\" href=\"mailto:info@galerie-metzger.de?subject=Chikako%20Yosikawa%20Figurine%2022x12x7cm\">Anfrage zum Werk<\/a><\/p>\n<\/div><\/section><\/p><\/div><\/div><!--close column table wrapper. Autoclose: 1 --><div class='flex_column_table av-114x3il-cc2f60da82106c4c3d73a5259e4fa132 sc-av_one_full av-equal-height-column-flextable'>\n<style type=\"text\/css\" data-created_by=\"avia_inline_auto\" id=\"style-css-av-114x3il-cc2f60da82106c4c3d73a5259e4fa132\">\n.flex_column.av-114x3il-cc2f60da82106c4c3d73a5259e4fa132{\n-webkit-border-radius:0px 0px 0px 0px;\n-moz-border-radius:0px 0px 0px 0px;\nborder-radius:0px 0px 0px 0px;\n}\n<\/style>\n<div class='flex_column av-114x3il-cc2f60da82106c4c3d73a5259e4fa132 av_one_full  avia-builder-el-255  el_after_av_one_third  el_before_av_one_full  jo_col_empty first flex_column_table_cell av-equal-height-column av-align-top av-animated-generic fade-in av-zero-column-padding column-top-margin'     ><section  class='av_textblock_section av-m9qju5-b29901f5ccd09637fbc8e7d214deb3a1' ><div class='avia_textblock' ><p>invisible placeholder<\/p>\n<\/div><\/section><\/div><\/div><!--close column table wrapper. Autoclose: 1 --><div class='flex_column_table av-30g42ul-bcfe083960362ef626f87555eeaefd72 sc-av_one_full av-equal-height-column-flextable'>\n<style type=\"text\/css\" data-created_by=\"avia_inline_auto\" id=\"style-css-av-30g42ul-bcfe083960362ef626f87555eeaefd72\">\n.flex_column.av-30g42ul-bcfe083960362ef626f87555eeaefd72{\n-webkit-border-radius:0px 0px 0px 0px;\n-moz-border-radius:0px 0px 0px 0px;\nborder-radius:0px 0px 0px 0px;\n}\n<\/style>\n<div class='flex_column av-30g42ul-bcfe083960362ef626f87555eeaefd72 av_one_full  avia-builder-el-257  el_after_av_one_full  el_before_av_one_full  jo_pf_bild_bg first flex_column_table_cell av-equal-height-column av-align-middle av-animated-generic fade-in av-zero-column-padding column-top-margin'     ><p>\n<style type=\"text\/css\" data-created_by=\"avia_inline_auto\" id=\"style-css-av-lea5ko3f-71986b16eb7070faa48ddd6ef0964a75\">\n.avia-image-container.av-lea5ko3f-71986b16eb7070faa48ddd6ef0964a75 img.avia_image{\nbox-shadow:none;\n}\n.avia-image-container.av-lea5ko3f-71986b16eb7070faa48ddd6ef0964a75 .av-caption-image-overlay-bg{\nopacity:0.4;\n}\n<\/style>\n<div  class='avia-image-container av-lea5ko3f-71986b16eb7070faa48ddd6ef0964a75 av-styling-no-styling avia_animated_image av-animated-when-visible-95 fade-in avia-align-left  avia-builder-el-258  el_before_av_textblock  avia-builder-el-first  jo_pf_bild noHover av-overlay-hover-deactivate'  ><div class=\"avia-image-container-inner\"><div class=\"avia-image-overlay-wrap\"><a href=\"https:\/\/www.galerie-metzger.de\/wp-content\/uploads\/2023\/02\/Chikako-Yoshikawa-untitled-215x30x15-cm-galerie-metzger-gallery-kaufen-ceramic-art-1090x727.jpg\" data-srcset=\"https:\/\/www.galerie-metzger.de\/wp-content\/uploads\/2023\/02\/Chikako-Yoshikawa-untitled-215x30x15-cm-galerie-metzger-gallery-kaufen-ceramic-art-1090x727.jpg 1090w, https:\/\/www.galerie-metzger.de\/wp-content\/uploads\/2023\/02\/Chikako-Yoshikawa-untitled-215x30x15-cm-galerie-metzger-gallery-kaufen-ceramic-art-690x460.jpg 690w, https:\/\/www.galerie-metzger.de\/wp-content\/uploads\/2023\/02\/Chikako-Yoshikawa-untitled-215x30x15-cm-galerie-metzger-gallery-kaufen-ceramic-art-768x512.jpg 768w, https:\/\/www.galerie-metzger.de\/wp-content\/uploads\/2023\/02\/Chikako-Yoshikawa-untitled-215x30x15-cm-galerie-metzger-gallery-kaufen-ceramic-art-1536x1024.jpg 1536w, https:\/\/www.galerie-metzger.de\/wp-content\/uploads\/2023\/02\/Chikako-Yoshikawa-untitled-215x30x15-cm-galerie-metzger-gallery-kaufen-ceramic-art-2048x1365.jpg 2048w, https:\/\/www.galerie-metzger.de\/wp-content\/uploads\/2023\/02\/Chikako-Yoshikawa-untitled-215x30x15-cm-galerie-metzger-gallery-kaufen-ceramic-art-1500x1000.jpg 1500w, https:\/\/www.galerie-metzger.de\/wp-content\/uploads\/2023\/02\/Chikako-Yoshikawa-untitled-215x30x15-cm-galerie-metzger-gallery-kaufen-ceramic-art-705x470.jpg 705w\" data-sizes=\"(max-width: 1030px) 100vw, 1030px\" class='avia_image' ><div class=\"av-image-caption-overlay\"><div class=\"av-caption-image-overlay-bg\"><\/div><div class=\"av-image-caption-overlay-position\"><div class=\"av-image-caption-overlay-center\"><p>Chikako Yoshikawa \u2013 Figurine \u2013, 29&#215;12,5&#215;8 cm, Foto: Edi Baumann<\/p>\n<\/div><\/div><\/div><img decoding=\"async\" class='wp-image-11201 avia-img-lazy-loading-not-11201 avia_image ' src=\"https:\/\/www.galerie-metzger.de\/wp-content\/uploads\/2023\/02\/Chikako-Yoshikawa-untitled-215x30x15-cm-galerie-metzger-gallery-kaufen-ceramic-art-scaled.jpg\" alt='Chikako Yoshikawa - untitled - 21,5x30x15 cm' title='Chikako Yoshikawa - untitled - 21,5x30x15 cm'  height=\"1707\" width=\"2560\" srcset=\"https:\/\/www.galerie-metzger.de\/wp-content\/uploads\/2023\/02\/Chikako-Yoshikawa-untitled-215x30x15-cm-galerie-metzger-gallery-kaufen-ceramic-art-scaled.jpg 2560w, https:\/\/www.galerie-metzger.de\/wp-content\/uploads\/2023\/02\/Chikako-Yoshikawa-untitled-215x30x15-cm-galerie-metzger-gallery-kaufen-ceramic-art-690x460.jpg 690w, https:\/\/www.galerie-metzger.de\/wp-content\/uploads\/2023\/02\/Chikako-Yoshikawa-untitled-215x30x15-cm-galerie-metzger-gallery-kaufen-ceramic-art-1090x727.jpg 1090w, https:\/\/www.galerie-metzger.de\/wp-content\/uploads\/2023\/02\/Chikako-Yoshikawa-untitled-215x30x15-cm-galerie-metzger-gallery-kaufen-ceramic-art-768x512.jpg 768w, https:\/\/www.galerie-metzger.de\/wp-content\/uploads\/2023\/02\/Chikako-Yoshikawa-untitled-215x30x15-cm-galerie-metzger-gallery-kaufen-ceramic-art-1536x1024.jpg 1536w, https:\/\/www.galerie-metzger.de\/wp-content\/uploads\/2023\/02\/Chikako-Yoshikawa-untitled-215x30x15-cm-galerie-metzger-gallery-kaufen-ceramic-art-2048x1365.jpg 2048w, https:\/\/www.galerie-metzger.de\/wp-content\/uploads\/2023\/02\/Chikako-Yoshikawa-untitled-215x30x15-cm-galerie-metzger-gallery-kaufen-ceramic-art-1500x1000.jpg 1500w, https:\/\/www.galerie-metzger.de\/wp-content\/uploads\/2023\/02\/Chikako-Yoshikawa-untitled-215x30x15-cm-galerie-metzger-gallery-kaufen-ceramic-art-705x470.jpg 705w\" sizes=\"(max-width: 2560px) 100vw, 2560px\" \/><\/a><\/div><\/div><\/div><br \/>\n<section  class='av_textblock_section av-2ds5ia5-d98f05a1dc4c59177abacf50c20e13fc' ><div class='avia_textblock jo_werk_anfrage' ><p><a class=\"anfrage\" href=\"mailto:info@galerie-metzger.de?subject=Chikako%20Yosikawa%20Figurine%2029x12,5x8cm\">Anfrage zum Werk<\/a><\/p>\n<\/div><\/section><\/p><\/div><\/div><!--close column table wrapper. Autoclose: 1 --><div class='flex_column_table av-av_one_full-d92ad2e9cc0eef1ebbdd4aee71a71a34 sc-av_one_full av-equal-height-column-flextable'>\n<style type=\"text\/css\" data-created_by=\"avia_inline_auto\" id=\"style-css-av-av_one_full-d92ad2e9cc0eef1ebbdd4aee71a71a34\">\n.flex_column.av-av_one_full-d92ad2e9cc0eef1ebbdd4aee71a71a34{\n-webkit-border-radius:0px 0px 0px 0px;\n-moz-border-radius:0px 0px 0px 0px;\nborder-radius:0px 0px 0px 0px;\n}\n<\/style>\n<div class='flex_column av-av_one_full-d92ad2e9cc0eef1ebbdd4aee71a71a34 av_one_full  avia-builder-el-260  el_after_av_one_full  el_before_av_two_third  jo_col_empty first flex_column_table_cell av-equal-height-column av-align-top av-animated-generic fade-in av-zero-column-padding column-top-margin'     ><section  class='av_textblock_section av-av_textblock-506c14c56273b6111dfdd9d5e43e88f2' ><div class='avia_textblock' ><p>invisible placeholder<\/p>\n<\/div><\/section><\/div><\/div><!--close column table wrapper. Autoclose: 1 --><div class='flex_column_table av-22m5mml-e1ccc28e8fe82cd1ef9e287dee258cac sc-av_two_third av-equal-height-column-flextable'>\n<style type=\"text\/css\" data-created_by=\"avia_inline_auto\" id=\"style-css-av-22m5mml-e1ccc28e8fe82cd1ef9e287dee258cac\">\n.flex_column.av-22m5mml-e1ccc28e8fe82cd1ef9e287dee258cac{\n-webkit-border-radius:0px 0px 0px 0px;\n-moz-border-radius:0px 0px 0px 0px;\nborder-radius:0px 0px 0px 0px;\n}\n<\/style>\n<div class='flex_column av-22m5mml-e1ccc28e8fe82cd1ef9e287dee258cac av_two_third  avia-builder-el-262  el_after_av_one_full  el_before_av_one_third  jo_pf_bild_bg first flex_column_table_cell av-equal-height-column av-align-middle av-animated-generic fade-in av-zero-column-padding column-top-margin'     ><p>\n<style type=\"text\/css\" data-created_by=\"avia_inline_auto\" id=\"style-css-av-lea5r6yj-dd428aee22b275122ad4e892b1ac9571\">\n.avia-image-container.av-lea5r6yj-dd428aee22b275122ad4e892b1ac9571 img.avia_image{\nbox-shadow:none;\n}\n.avia-image-container.av-lea5r6yj-dd428aee22b275122ad4e892b1ac9571 .av-caption-image-overlay-bg{\nopacity:0.4;\n}\n<\/style>\n<div  class='avia-image-container av-lea5r6yj-dd428aee22b275122ad4e892b1ac9571 av-styling-no-styling avia_animated_image av-animated-when-visible-95 fade-in avia-align-left  avia-builder-el-263  el_before_av_textblock  avia-builder-el-first  jo_pf_bild noHover av-overlay-hover-deactivate'  ><div class=\"avia-image-container-inner\"><div class=\"avia-image-overlay-wrap\"><a href=\"https:\/\/www.galerie-metzger.de\/wp-content\/uploads\/2020\/07\/Chikako-Yoshikawa-MIX-21x15x7-cm-galerie-metzger-sculpture-art-gallery-plastische-arbeit-727x1090.jpg\" data-srcset=\"https:\/\/www.galerie-metzger.de\/wp-content\/uploads\/2020\/07\/Chikako-Yoshikawa-MIX-21x15x7-cm-galerie-metzger-sculpture-art-gallery-plastische-arbeit-727x1090.jpg 727w, https:\/\/www.galerie-metzger.de\/wp-content\/uploads\/2020\/07\/Chikako-Yoshikawa-MIX-21x15x7-cm-galerie-metzger-sculpture-art-gallery-plastische-arbeit-690x1035.jpg 690w, https:\/\/www.galerie-metzger.de\/wp-content\/uploads\/2020\/07\/Chikako-Yoshikawa-MIX-21x15x7-cm-galerie-metzger-sculpture-art-gallery-plastische-arbeit-1024x1536.jpg 1024w, https:\/\/www.galerie-metzger.de\/wp-content\/uploads\/2020\/07\/Chikako-Yoshikawa-MIX-21x15x7-cm-galerie-metzger-sculpture-art-gallery-plastische-arbeit-1365x2048.jpg 1365w, https:\/\/www.galerie-metzger.de\/wp-content\/uploads\/2020\/07\/Chikako-Yoshikawa-MIX-21x15x7-cm-galerie-metzger-sculpture-art-gallery-plastische-arbeit-1000x1500.jpg 1000w, https:\/\/www.galerie-metzger.de\/wp-content\/uploads\/2020\/07\/Chikako-Yoshikawa-MIX-21x15x7-cm-galerie-metzger-sculpture-art-gallery-plastische-arbeit-470x705.jpg 470w, https:\/\/www.galerie-metzger.de\/wp-content\/uploads\/2020\/07\/Chikako-Yoshikawa-MIX-21x15x7-cm-galerie-metzger-sculpture-art-gallery-plastische-arbeit-267x400.jpg 267w, https:\/\/www.galerie-metzger.de\/wp-content\/uploads\/2020\/07\/Chikako-Yoshikawa-MIX-21x15x7-cm-galerie-metzger-sculpture-art-gallery-plastische-arbeit-687x1030.jpg 687w, https:\/\/www.galerie-metzger.de\/wp-content\/uploads\/2020\/07\/Chikako-Yoshikawa-MIX-21x15x7-cm-galerie-metzger-sculpture-art-gallery-plastische-arbeit-768x1152.jpg 768w, https:\/\/www.galerie-metzger.de\/wp-content\/uploads\/2020\/07\/Chikako-Yoshikawa-MIX-21x15x7-cm-galerie-metzger-sculpture-art-gallery-plastische-arbeit-450x675.jpg 450w, https:\/\/www.galerie-metzger.de\/wp-content\/uploads\/2020\/07\/Chikako-Yoshikawa-MIX-21x15x7-cm-galerie-metzger-sculpture-art-gallery-plastische-arbeit-scaled.jpg 1707w\" data-sizes=\"(max-width: 687px) 100vw, 687px\" class='avia_image' ><div class=\"av-image-caption-overlay\"><div class=\"av-caption-image-overlay-bg\"><\/div><div class=\"av-image-caption-overlay-position\"><div class=\"av-image-caption-overlay-center\"><p>Chikako Yoshikawa \u2013 Figurine \u2013, 29&#215;12,5&#215;8 cm, Foto: Edi Baumann<\/p>\n<\/div><\/div><\/div><img decoding=\"async\" class='wp-image-8456 avia-img-lazy-loading-not-8456 avia_image ' src=\"https:\/\/www.galerie-metzger.de\/wp-content\/uploads\/2020\/07\/Chikako-Yoshikawa-MIX-21x15x7-cm-galerie-metzger-sculpture-art-gallery-plastische-arbeit-727x1090.jpg\" alt='Chikako Yoshikawa - MIX - 21x15x7 cm' title='Chikako Yoshikawa - MIX - 21x15x7 cm'  height=\"1030\" width=\"687\" srcset=\"https:\/\/www.galerie-metzger.de\/wp-content\/uploads\/2020\/07\/Chikako-Yoshikawa-MIX-21x15x7-cm-galerie-metzger-sculpture-art-gallery-plastische-arbeit-727x1090.jpg 727w, https:\/\/www.galerie-metzger.de\/wp-content\/uploads\/2020\/07\/Chikako-Yoshikawa-MIX-21x15x7-cm-galerie-metzger-sculpture-art-gallery-plastische-arbeit-690x1035.jpg 690w, https:\/\/www.galerie-metzger.de\/wp-content\/uploads\/2020\/07\/Chikako-Yoshikawa-MIX-21x15x7-cm-galerie-metzger-sculpture-art-gallery-plastische-arbeit-1024x1536.jpg 1024w, https:\/\/www.galerie-metzger.de\/wp-content\/uploads\/2020\/07\/Chikako-Yoshikawa-MIX-21x15x7-cm-galerie-metzger-sculpture-art-gallery-plastische-arbeit-1365x2048.jpg 1365w, https:\/\/www.galerie-metzger.de\/wp-content\/uploads\/2020\/07\/Chikako-Yoshikawa-MIX-21x15x7-cm-galerie-metzger-sculpture-art-gallery-plastische-arbeit-1000x1500.jpg 1000w, https:\/\/www.galerie-metzger.de\/wp-content\/uploads\/2020\/07\/Chikako-Yoshikawa-MIX-21x15x7-cm-galerie-metzger-sculpture-art-gallery-plastische-arbeit-470x705.jpg 470w, https:\/\/www.galerie-metzger.de\/wp-content\/uploads\/2020\/07\/Chikako-Yoshikawa-MIX-21x15x7-cm-galerie-metzger-sculpture-art-gallery-plastische-arbeit-267x400.jpg 267w, https:\/\/www.galerie-metzger.de\/wp-content\/uploads\/2020\/07\/Chikako-Yoshikawa-MIX-21x15x7-cm-galerie-metzger-sculpture-art-gallery-plastische-arbeit-687x1030.jpg 687w, https:\/\/www.galerie-metzger.de\/wp-content\/uploads\/2020\/07\/Chikako-Yoshikawa-MIX-21x15x7-cm-galerie-metzger-sculpture-art-gallery-plastische-arbeit-768x1152.jpg 768w, https:\/\/www.galerie-metzger.de\/wp-content\/uploads\/2020\/07\/Chikako-Yoshikawa-MIX-21x15x7-cm-galerie-metzger-sculpture-art-gallery-plastische-arbeit-450x675.jpg 450w, https:\/\/www.galerie-metzger.de\/wp-content\/uploads\/2020\/07\/Chikako-Yoshikawa-MIX-21x15x7-cm-galerie-metzger-sculpture-art-gallery-plastische-arbeit-scaled.jpg 1707w\" sizes=\"(max-width: 687px) 100vw, 687px\" \/><\/a><\/div><\/div><\/div><br \/>\n<section  class='av_textblock_section av-1l19ukt-9c68dadeaf6345dd04dd44e4ca7415f6' ><div class='avia_textblock jo_werk_anfrage' ><p><a class=\"anfrage\" href=\"mailto:info@galerie-metzger.de?subject=Chikako%20Yosikawa%20Figurine%2029x12,5x8cm\">Anfrage zum Werk<\/a><\/p>\n<\/div><\/section><\/p><\/div><div class='av-flex-placeholder'><\/div>\n<style type=\"text\/css\" data-created_by=\"avia_inline_auto\" id=\"style-css-av-10342lp-7c017cc2a25b0b5dc91f15de99349d84\">\n.flex_column.av-10342lp-7c017cc2a25b0b5dc91f15de99349d84{\n-webkit-border-radius:0px 0px 0px 0px;\n-moz-border-radius:0px 0px 0px 0px;\nborder-radius:0px 0px 0px 0px;\n}\n<\/style>\n<div class='flex_column av-10342lp-7c017cc2a25b0b5dc91f15de99349d84 av_one_third  avia-builder-el-265  el_after_av_two_third  el_before_av_one_full  jo_col_empty flex_column_table_cell av-equal-height-column av-align-middle av-animated-generic fade-in av-zero-column-padding column-top-margin'     ><section  class='av_textblock_section av-wwbp65-3ab0d5193dbb32a1a086f85aaae153ba' ><div class='avia_textblock' ><p>invisible placeholder<\/p>\n<\/div><\/section><\/div><\/div><!--close column table wrapper. Autoclose: 1 --><div class='flex_column_table av-jf3w4f-169-13b8ef289574f471b02570fb4169ad6f sc-av_one_full av-equal-height-column-flextable'>\n<style type=\"text\/css\" data-created_by=\"avia_inline_auto\" id=\"style-css-av-jf3w4f-169-13b8ef289574f471b02570fb4169ad6f\">\n.flex_column.av-jf3w4f-169-13b8ef289574f471b02570fb4169ad6f{\n-webkit-border-radius:0px 0px 0px 0px;\n-moz-border-radius:0px 0px 0px 0px;\nborder-radius:0px 0px 0px 0px;\n}\n<\/style>\n<div class='flex_column av-jf3w4f-169-13b8ef289574f471b02570fb4169ad6f av_one_full  avia-builder-el-267  el_after_av_one_third  el_before_av_one_half  jo_col_empty first flex_column_table_cell av-equal-height-column av-align-top av-animated-generic fade-in av-zero-column-padding column-top-margin'     ><section  class='av_textblock_section av-h33mnz-168-7a02d10d46fe9bc37655e77deb779938' ><div class='avia_textblock' ><p>invisible placeholder<\/p>\n<\/div><\/section><\/div><\/div><!--close column table wrapper. Autoclose: 1 --><div class='flex_column_table av-av_one_half-e3b8c1823edbe8618d8efb3f278284ff sc-av_one_half av-equal-height-column-flextable'>\n<style type=\"text\/css\" data-created_by=\"avia_inline_auto\" id=\"style-css-av-av_one_half-e3b8c1823edbe8618d8efb3f278284ff\">\n.flex_column.av-av_one_half-e3b8c1823edbe8618d8efb3f278284ff{\n-webkit-border-radius:0px 0px 0px 0px;\n-moz-border-radius:0px 0px 0px 0px;\nborder-radius:0px 0px 0px 0px;\n}\n<\/style>\n<div class='flex_column av-av_one_half-e3b8c1823edbe8618d8efb3f278284ff av_one_half  avia-builder-el-269  el_after_av_one_full  el_before_av_one_half  jo_pf_bild_bg first flex_column_table_cell av-equal-height-column av-align-middle av-animated-generic fade-in av-zero-column-padding column-top-margin'     ><style type=\"text\/css\" data-created_by=\"avia_inline_auto\" id=\"style-css-av-lh539tan-115a82b6284a8c46c28c6c74090bdbb4\">\n.avia-image-container.av-lh539tan-115a82b6284a8c46c28c6c74090bdbb4 img.avia_image{\nbox-shadow:none;\n}\n.avia-image-container.av-lh539tan-115a82b6284a8c46c28c6c74090bdbb4 .av-caption-image-overlay-bg{\nopacity:0.4;\n}\n<\/style>\n<div  class='avia-image-container av-lh539tan-115a82b6284a8c46c28c6c74090bdbb4 av-styling-no-styling avia_animated_image av-animated-when-visible-95 fade-in avia-align-left  avia-builder-el-270  avia-builder-el-no-sibling  jo_pf_bild noHover av-overlay-hover-deactivate'  ><div class=\"avia-image-container-inner\"><div class=\"avia-image-overlay-wrap\"><a href=\"https:\/\/www.galerie-metzger.de\/wp-content\/uploads\/2023\/04\/Blick-in-die-Ausstellung-tierSzenen-mit-Joerg-von-Manz-gallery-galerie-metzger-kaufen-kunst-ceramic-art-object-keramik-1090x727.jpg\" data-srcset=\"https:\/\/www.galerie-metzger.de\/wp-content\/uploads\/2023\/04\/Blick-in-die-Ausstellung-tierSzenen-mit-Joerg-von-Manz-gallery-galerie-metzger-kaufen-kunst-ceramic-art-object-keramik-1090x727.jpg 1090w, https:\/\/www.galerie-metzger.de\/wp-content\/uploads\/2023\/04\/Blick-in-die-Ausstellung-tierSzenen-mit-Joerg-von-Manz-gallery-galerie-metzger-kaufen-kunst-ceramic-art-object-keramik-690x460.jpg 690w, https:\/\/www.galerie-metzger.de\/wp-content\/uploads\/2023\/04\/Blick-in-die-Ausstellung-tierSzenen-mit-Joerg-von-Manz-gallery-galerie-metzger-kaufen-kunst-ceramic-art-object-keramik-768x512.jpg 768w, https:\/\/www.galerie-metzger.de\/wp-content\/uploads\/2023\/04\/Blick-in-die-Ausstellung-tierSzenen-mit-Joerg-von-Manz-gallery-galerie-metzger-kaufen-kunst-ceramic-art-object-keramik-1536x1024.jpg 1536w, https:\/\/www.galerie-metzger.de\/wp-content\/uploads\/2023\/04\/Blick-in-die-Ausstellung-tierSzenen-mit-Joerg-von-Manz-gallery-galerie-metzger-kaufen-kunst-ceramic-art-object-keramik-2048x1365.jpg 2048w, https:\/\/www.galerie-metzger.de\/wp-content\/uploads\/2023\/04\/Blick-in-die-Ausstellung-tierSzenen-mit-Joerg-von-Manz-gallery-galerie-metzger-kaufen-kunst-ceramic-art-object-keramik-1500x1000.jpg 1500w, https:\/\/www.galerie-metzger.de\/wp-content\/uploads\/2023\/04\/Blick-in-die-Ausstellung-tierSzenen-mit-Joerg-von-Manz-gallery-galerie-metzger-kaufen-kunst-ceramic-art-object-keramik-705x470.jpg 705w\" data-sizes=\"(max-width: 1030px) 100vw, 1030px\" class='avia_image' ><div class=\"av-image-caption-overlay\"><div class=\"av-caption-image-overlay-bg\"><\/div><div class=\"av-image-caption-overlay-position\"><div class=\"av-image-caption-overlay-center\"><p>J\u00f6rg von Manz \u2013 Blick in die Ausstellung tierSzenen \u2013, Foto: Edi Baumann<\/p>\n<\/div><\/div><\/div><img decoding=\"async\" class='wp-image-11463 avia-img-lazy-loading-not-11463 avia_image ' src=\"https:\/\/www.galerie-metzger.de\/wp-content\/uploads\/2023\/04\/Blick-in-die-Ausstellung-tierSzenen-mit-Joerg-von-Manz-gallery-galerie-metzger-kaufen-kunst-ceramic-art-object-keramik-690x460.jpg\" alt='Blick in die Ausstellung tierSzenen mit Joerg von Manz' title='Blick in die Ausstellung tierSzenen mit Joerg von Manz'  height=\"460\" width=\"690\" srcset=\"https:\/\/www.galerie-metzger.de\/wp-content\/uploads\/2023\/04\/Blick-in-die-Ausstellung-tierSzenen-mit-Joerg-von-Manz-gallery-galerie-metzger-kaufen-kunst-ceramic-art-object-keramik-690x460.jpg 690w, https:\/\/www.galerie-metzger.de\/wp-content\/uploads\/2023\/04\/Blick-in-die-Ausstellung-tierSzenen-mit-Joerg-von-Manz-gallery-galerie-metzger-kaufen-kunst-ceramic-art-object-keramik-1090x727.jpg 1090w, https:\/\/www.galerie-metzger.de\/wp-content\/uploads\/2023\/04\/Blick-in-die-Ausstellung-tierSzenen-mit-Joerg-von-Manz-gallery-galerie-metzger-kaufen-kunst-ceramic-art-object-keramik-768x512.jpg 768w, https:\/\/www.galerie-metzger.de\/wp-content\/uploads\/2023\/04\/Blick-in-die-Ausstellung-tierSzenen-mit-Joerg-von-Manz-gallery-galerie-metzger-kaufen-kunst-ceramic-art-object-keramik-1536x1024.jpg 1536w, https:\/\/www.galerie-metzger.de\/wp-content\/uploads\/2023\/04\/Blick-in-die-Ausstellung-tierSzenen-mit-Joerg-von-Manz-gallery-galerie-metzger-kaufen-kunst-ceramic-art-object-keramik-2048x1365.jpg 2048w, https:\/\/www.galerie-metzger.de\/wp-content\/uploads\/2023\/04\/Blick-in-die-Ausstellung-tierSzenen-mit-Joerg-von-Manz-gallery-galerie-metzger-kaufen-kunst-ceramic-art-object-keramik-1500x1000.jpg 1500w, https:\/\/www.galerie-metzger.de\/wp-content\/uploads\/2023\/04\/Blick-in-die-Ausstellung-tierSzenen-mit-Joerg-von-Manz-gallery-galerie-metzger-kaufen-kunst-ceramic-art-object-keramik-705x470.jpg 705w\" sizes=\"(max-width: 690px) 100vw, 690px\" \/><\/a><\/div><\/div><\/div><\/div><div class='av-flex-placeholder'><\/div>\n<style type=\"text\/css\" data-created_by=\"avia_inline_auto\" id=\"style-css-av-av_one_half-98c47ac8396e73f5312b80b521560a76\">\n.flex_column.av-av_one_half-98c47ac8396e73f5312b80b521560a76{\n-webkit-border-radius:0px 0px 0px 0px;\n-moz-border-radius:0px 0px 0px 0px;\nborder-radius:0px 0px 0px 0px;\n}\n<\/style>\n<div class='flex_column av-av_one_half-98c47ac8396e73f5312b80b521560a76 av_one_half  avia-builder-el-271  el_after_av_one_half  el_before_av_one_full  jo_pf_bild_bg flex_column_table_cell av-equal-height-column av-align-middle av-animated-generic fade-in av-zero-column-padding column-top-margin'     ><style type=\"text\/css\" data-created_by=\"avia_inline_auto\" id=\"style-css-av-lh53ftpr-8147c0feb3a2d689474ac9de1b3a6530\">\n.avia-image-container.av-lh53ftpr-8147c0feb3a2d689474ac9de1b3a6530 img.avia_image{\nbox-shadow:none;\n}\n.avia-image-container.av-lh53ftpr-8147c0feb3a2d689474ac9de1b3a6530 .av-caption-image-overlay-bg{\nopacity:0.4;\n}\n<\/style>\n<div  class='avia-image-container av-lh53ftpr-8147c0feb3a2d689474ac9de1b3a6530 av-styling-no-styling avia_animated_image av-animated-when-visible-95 fade-in avia-align-left  avia-builder-el-272  avia-builder-el-no-sibling  jo_pf_bild noHover av-overlay-hover-deactivate'  ><div class=\"avia-image-container-inner\"><div class=\"avia-image-overlay-wrap\"><a href=\"https:\/\/www.galerie-metzger.de\/wp-content\/uploads\/2023\/04\/Blick-in-die-Ausstellung-tierSzenen-mit-Joerg-von-Manz-gallery-galerie-metzger-skulptur-kunst-ceramic-art-object-1090x727.jpg\" data-srcset=\"https:\/\/www.galerie-metzger.de\/wp-content\/uploads\/2023\/04\/Blick-in-die-Ausstellung-tierSzenen-mit-Joerg-von-Manz-gallery-galerie-metzger-skulptur-kunst-ceramic-art-object-1090x727.jpg 1090w, https:\/\/www.galerie-metzger.de\/wp-content\/uploads\/2023\/04\/Blick-in-die-Ausstellung-tierSzenen-mit-Joerg-von-Manz-gallery-galerie-metzger-skulptur-kunst-ceramic-art-object-690x460.jpg 690w, https:\/\/www.galerie-metzger.de\/wp-content\/uploads\/2023\/04\/Blick-in-die-Ausstellung-tierSzenen-mit-Joerg-von-Manz-gallery-galerie-metzger-skulptur-kunst-ceramic-art-object-768x512.jpg 768w, https:\/\/www.galerie-metzger.de\/wp-content\/uploads\/2023\/04\/Blick-in-die-Ausstellung-tierSzenen-mit-Joerg-von-Manz-gallery-galerie-metzger-skulptur-kunst-ceramic-art-object-1536x1024.jpg 1536w, https:\/\/www.galerie-metzger.de\/wp-content\/uploads\/2023\/04\/Blick-in-die-Ausstellung-tierSzenen-mit-Joerg-von-Manz-gallery-galerie-metzger-skulptur-kunst-ceramic-art-object-2048x1365.jpg 2048w, https:\/\/www.galerie-metzger.de\/wp-content\/uploads\/2023\/04\/Blick-in-die-Ausstellung-tierSzenen-mit-Joerg-von-Manz-gallery-galerie-metzger-skulptur-kunst-ceramic-art-object-1500x1000.jpg 1500w, https:\/\/www.galerie-metzger.de\/wp-content\/uploads\/2023\/04\/Blick-in-die-Ausstellung-tierSzenen-mit-Joerg-von-Manz-gallery-galerie-metzger-skulptur-kunst-ceramic-art-object-705x470.jpg 705w\" data-sizes=\"(max-width: 1030px) 100vw, 1030px\" class='avia_image' ><div class=\"av-image-caption-overlay\"><div class=\"av-caption-image-overlay-bg\"><\/div><div class=\"av-image-caption-overlay-position\"><div class=\"av-image-caption-overlay-center\"><p>J\u00f6rg von Manz \u2013 Blick in die Ausstellung tierSzenen \u2013, Foto: Edi Baumann<\/p>\n<\/div><\/div><\/div><img decoding=\"async\" class='wp-image-11461 avia-img-lazy-loading-not-11461 avia_image ' src=\"https:\/\/www.galerie-metzger.de\/wp-content\/uploads\/2023\/04\/Blick-in-die-Ausstellung-tierSzenen-mit-Joerg-von-Manz-gallery-galerie-metzger-skulptur-kunst-ceramic-art-object-690x460.jpg\" alt='Blick in die Ausstellung tierSzenen mit Joerg von Manz' title='Blick in die Ausstellung tierSzenen mit Joerg von Manz'  height=\"460\" width=\"690\" srcset=\"https:\/\/www.galerie-metzger.de\/wp-content\/uploads\/2023\/04\/Blick-in-die-Ausstellung-tierSzenen-mit-Joerg-von-Manz-gallery-galerie-metzger-skulptur-kunst-ceramic-art-object-690x460.jpg 690w, https:\/\/www.galerie-metzger.de\/wp-content\/uploads\/2023\/04\/Blick-in-die-Ausstellung-tierSzenen-mit-Joerg-von-Manz-gallery-galerie-metzger-skulptur-kunst-ceramic-art-object-1090x727.jpg 1090w, https:\/\/www.galerie-metzger.de\/wp-content\/uploads\/2023\/04\/Blick-in-die-Ausstellung-tierSzenen-mit-Joerg-von-Manz-gallery-galerie-metzger-skulptur-kunst-ceramic-art-object-768x512.jpg 768w, https:\/\/www.galerie-metzger.de\/wp-content\/uploads\/2023\/04\/Blick-in-die-Ausstellung-tierSzenen-mit-Joerg-von-Manz-gallery-galerie-metzger-skulptur-kunst-ceramic-art-object-1536x1024.jpg 1536w, https:\/\/www.galerie-metzger.de\/wp-content\/uploads\/2023\/04\/Blick-in-die-Ausstellung-tierSzenen-mit-Joerg-von-Manz-gallery-galerie-metzger-skulptur-kunst-ceramic-art-object-2048x1365.jpg 2048w, https:\/\/www.galerie-metzger.de\/wp-content\/uploads\/2023\/04\/Blick-in-die-Ausstellung-tierSzenen-mit-Joerg-von-Manz-gallery-galerie-metzger-skulptur-kunst-ceramic-art-object-1500x1000.jpg 1500w, https:\/\/www.galerie-metzger.de\/wp-content\/uploads\/2023\/04\/Blick-in-die-Ausstellung-tierSzenen-mit-Joerg-von-Manz-gallery-galerie-metzger-skulptur-kunst-ceramic-art-object-705x470.jpg 705w\" sizes=\"(max-width: 690px) 100vw, 690px\" \/><\/a><\/div><\/div><\/div><\/div><\/div><!--close column table wrapper. Autoclose: 1 --><div class='flex_column_table av-av_one_full-d92ad2e9cc0eef1ebbdd4aee71a71a34 sc-av_one_full av-equal-height-column-flextable'>\n<style type=\"text\/css\" data-created_by=\"avia_inline_auto\" id=\"style-css-av-av_one_full-d92ad2e9cc0eef1ebbdd4aee71a71a34\">\n.flex_column.av-av_one_full-d92ad2e9cc0eef1ebbdd4aee71a71a34{\n-webkit-border-radius:0px 0px 0px 0px;\n-moz-border-radius:0px 0px 0px 0px;\nborder-radius:0px 0px 0px 0px;\n}\n<\/style>\n<div class='flex_column av-av_one_full-d92ad2e9cc0eef1ebbdd4aee71a71a34 av_one_full  avia-builder-el-273  el_after_av_one_half  el_before_av_one_third  jo_col_empty first flex_column_table_cell av-equal-height-column av-align-top av-animated-generic fade-in av-zero-column-padding column-top-margin'     ><section  class='av_textblock_section av-av_textblock-506c14c56273b6111dfdd9d5e43e88f2' ><div class='avia_textblock' ><p>invisible placeholder<\/p>\n<\/div><\/section><\/div><\/div><!--close column table wrapper. Autoclose: 1 --><div class='flex_column_table av-av_one_third-e3b8c1823edbe8618d8efb3f278284ff sc-av_one_third av-equal-height-column-flextable'>\n<style type=\"text\/css\" data-created_by=\"avia_inline_auto\" id=\"style-css-av-av_one_third-e3b8c1823edbe8618d8efb3f278284ff\">\n.flex_column.av-av_one_third-e3b8c1823edbe8618d8efb3f278284ff{\n-webkit-border-radius:0px 0px 0px 0px;\n-moz-border-radius:0px 0px 0px 0px;\nborder-radius:0px 0px 0px 0px;\n}\n<\/style>\n<div class='flex_column av-av_one_third-e3b8c1823edbe8618d8efb3f278284ff av_one_third  avia-builder-el-275  el_after_av_one_full  el_before_av_one_third  jo_pf_bild_bg first flex_column_table_cell av-equal-height-column av-align-middle av-animated-generic fade-in av-zero-column-padding column-top-margin'     ><style type=\"text\/css\" data-created_by=\"avia_inline_auto\" id=\"style-css-av-lh538sbo-b5ad3767bf2ebcacedfa78577cdd945a\">\n.avia-image-container.av-lh538sbo-b5ad3767bf2ebcacedfa78577cdd945a img.avia_image{\nbox-shadow:none;\n}\n.avia-image-container.av-lh538sbo-b5ad3767bf2ebcacedfa78577cdd945a .av-caption-image-overlay-bg{\nopacity:0.4;\n}\n<\/style>\n<div  class='avia-image-container av-lh538sbo-b5ad3767bf2ebcacedfa78577cdd945a av-styling-no-styling avia_animated_image av-animated-when-visible-95 fade-in avia-align-left  avia-builder-el-276  avia-builder-el-no-sibling  jo_pf_bild noHover av-overlay-hover-deactivate'  ><div class=\"avia-image-container-inner\"><div class=\"avia-image-overlay-wrap\"><a href=\"https:\/\/www.galerie-metzger.de\/wp-content\/uploads\/2023\/04\/Blick-in-die-Ausstellung-tierSzenen-mit-Beate-Kuhn-gallery-galerie-metzger-kaufen-kunst-ceramic-art-object-keramik-1090x727.jpg\" data-srcset=\"https:\/\/www.galerie-metzger.de\/wp-content\/uploads\/2023\/04\/Blick-in-die-Ausstellung-tierSzenen-mit-Beate-Kuhn-gallery-galerie-metzger-kaufen-kunst-ceramic-art-object-keramik-1090x727.jpg 1090w, https:\/\/www.galerie-metzger.de\/wp-content\/uploads\/2023\/04\/Blick-in-die-Ausstellung-tierSzenen-mit-Beate-Kuhn-gallery-galerie-metzger-kaufen-kunst-ceramic-art-object-keramik-690x460.jpg 690w, https:\/\/www.galerie-metzger.de\/wp-content\/uploads\/2023\/04\/Blick-in-die-Ausstellung-tierSzenen-mit-Beate-Kuhn-gallery-galerie-metzger-kaufen-kunst-ceramic-art-object-keramik-768x512.jpg 768w, https:\/\/www.galerie-metzger.de\/wp-content\/uploads\/2023\/04\/Blick-in-die-Ausstellung-tierSzenen-mit-Beate-Kuhn-gallery-galerie-metzger-kaufen-kunst-ceramic-art-object-keramik-1536x1024.jpg 1536w, https:\/\/www.galerie-metzger.de\/wp-content\/uploads\/2023\/04\/Blick-in-die-Ausstellung-tierSzenen-mit-Beate-Kuhn-gallery-galerie-metzger-kaufen-kunst-ceramic-art-object-keramik-2048x1365.jpg 2048w, https:\/\/www.galerie-metzger.de\/wp-content\/uploads\/2023\/04\/Blick-in-die-Ausstellung-tierSzenen-mit-Beate-Kuhn-gallery-galerie-metzger-kaufen-kunst-ceramic-art-object-keramik-1500x1000.jpg 1500w, https:\/\/www.galerie-metzger.de\/wp-content\/uploads\/2023\/04\/Blick-in-die-Ausstellung-tierSzenen-mit-Beate-Kuhn-gallery-galerie-metzger-kaufen-kunst-ceramic-art-object-keramik-705x470.jpg 705w\" data-sizes=\"(max-width: 1030px) 100vw, 1030px\" class='avia_image' ><div class=\"av-image-caption-overlay\"><div class=\"av-caption-image-overlay-bg\"><\/div><div class=\"av-image-caption-overlay-position\"><div class=\"av-image-caption-overlay-center\"><p>Beate Kuhn \u2013 Blick in die Ausstellung tierSzenen \u2013, Foto: Edi Baumann<\/p>\n<\/div><\/div><\/div><img decoding=\"async\" class='wp-image-11451 avia-img-lazy-loading-not-11451 avia_image ' src=\"https:\/\/www.galerie-metzger.de\/wp-content\/uploads\/2023\/04\/Blick-in-die-Ausstellung-tierSzenen-mit-Beate-Kuhn-gallery-galerie-metzger-kaufen-kunst-ceramic-art-object-keramik-690x460.jpg\" alt='Blick in die Ausstellung tierSzenen mit Beate Kuhn' title='Blick in die Ausstellung tierSzenen mit Beate Kuhn'  height=\"460\" width=\"690\" srcset=\"https:\/\/www.galerie-metzger.de\/wp-content\/uploads\/2023\/04\/Blick-in-die-Ausstellung-tierSzenen-mit-Beate-Kuhn-gallery-galerie-metzger-kaufen-kunst-ceramic-art-object-keramik-690x460.jpg 690w, https:\/\/www.galerie-metzger.de\/wp-content\/uploads\/2023\/04\/Blick-in-die-Ausstellung-tierSzenen-mit-Beate-Kuhn-gallery-galerie-metzger-kaufen-kunst-ceramic-art-object-keramik-1090x727.jpg 1090w, https:\/\/www.galerie-metzger.de\/wp-content\/uploads\/2023\/04\/Blick-in-die-Ausstellung-tierSzenen-mit-Beate-Kuhn-gallery-galerie-metzger-kaufen-kunst-ceramic-art-object-keramik-768x512.jpg 768w, https:\/\/www.galerie-metzger.de\/wp-content\/uploads\/2023\/04\/Blick-in-die-Ausstellung-tierSzenen-mit-Beate-Kuhn-gallery-galerie-metzger-kaufen-kunst-ceramic-art-object-keramik-1536x1024.jpg 1536w, https:\/\/www.galerie-metzger.de\/wp-content\/uploads\/2023\/04\/Blick-in-die-Ausstellung-tierSzenen-mit-Beate-Kuhn-gallery-galerie-metzger-kaufen-kunst-ceramic-art-object-keramik-2048x1365.jpg 2048w, https:\/\/www.galerie-metzger.de\/wp-content\/uploads\/2023\/04\/Blick-in-die-Ausstellung-tierSzenen-mit-Beate-Kuhn-gallery-galerie-metzger-kaufen-kunst-ceramic-art-object-keramik-1500x1000.jpg 1500w, https:\/\/www.galerie-metzger.de\/wp-content\/uploads\/2023\/04\/Blick-in-die-Ausstellung-tierSzenen-mit-Beate-Kuhn-gallery-galerie-metzger-kaufen-kunst-ceramic-art-object-keramik-705x470.jpg 705w\" sizes=\"(max-width: 690px) 100vw, 690px\" \/><\/a><\/div><\/div><\/div><\/div><div class='av-flex-placeholder'><\/div>\n<style type=\"text\/css\" data-created_by=\"avia_inline_auto\" id=\"style-css-av-av_one_third-98c47ac8396e73f5312b80b521560a76\">\n.flex_column.av-av_one_third-98c47ac8396e73f5312b80b521560a76{\n-webkit-border-radius:0px 0px 0px 0px;\n-moz-border-radius:0px 0px 0px 0px;\nborder-radius:0px 0px 0px 0px;\n}\n<\/style>\n<div class='flex_column av-av_one_third-98c47ac8396e73f5312b80b521560a76 av_one_third  avia-builder-el-277  el_after_av_one_third  el_before_av_one_third  jo_pf_bild_bg flex_column_table_cell av-equal-height-column av-align-middle av-animated-generic fade-in av-zero-column-padding column-top-margin'     ><style type=\"text\/css\" data-created_by=\"avia_inline_auto\" id=\"style-css-av-lh53gqkh-11842db8f07fc9a6694caaec98eeb923\">\n.avia-image-container.av-lh53gqkh-11842db8f07fc9a6694caaec98eeb923 img.avia_image{\nbox-shadow:none;\n}\n.avia-image-container.av-lh53gqkh-11842db8f07fc9a6694caaec98eeb923 .av-caption-image-overlay-bg{\nopacity:0.4;\n}\n<\/style>\n<div  class='avia-image-container av-lh53gqkh-11842db8f07fc9a6694caaec98eeb923 av-styling-no-styling avia_animated_image av-animated-when-visible-95 fade-in avia-align-left  avia-builder-el-278  avia-builder-el-no-sibling  jo_pf_bild noHover av-overlay-hover-deactivate'  ><div class=\"avia-image-container-inner\"><div class=\"avia-image-overlay-wrap\"><a href=\"https:\/\/www.galerie-metzger.de\/wp-content\/uploads\/2023\/04\/Blick-in-die-Ausstellung-tierSzenen-mit-Beate-Kuhn-gallery-galerie-metzger-kaufen-kunst-ceramic-art-object-1090x727.jpg\" data-srcset=\"https:\/\/www.galerie-metzger.de\/wp-content\/uploads\/2023\/04\/Blick-in-die-Ausstellung-tierSzenen-mit-Beate-Kuhn-gallery-galerie-metzger-kaufen-kunst-ceramic-art-object-1090x727.jpg 1090w, https:\/\/www.galerie-metzger.de\/wp-content\/uploads\/2023\/04\/Blick-in-die-Ausstellung-tierSzenen-mit-Beate-Kuhn-gallery-galerie-metzger-kaufen-kunst-ceramic-art-object-690x460.jpg 690w, https:\/\/www.galerie-metzger.de\/wp-content\/uploads\/2023\/04\/Blick-in-die-Ausstellung-tierSzenen-mit-Beate-Kuhn-gallery-galerie-metzger-kaufen-kunst-ceramic-art-object-768x512.jpg 768w, https:\/\/www.galerie-metzger.de\/wp-content\/uploads\/2023\/04\/Blick-in-die-Ausstellung-tierSzenen-mit-Beate-Kuhn-gallery-galerie-metzger-kaufen-kunst-ceramic-art-object-1536x1024.jpg 1536w, https:\/\/www.galerie-metzger.de\/wp-content\/uploads\/2023\/04\/Blick-in-die-Ausstellung-tierSzenen-mit-Beate-Kuhn-gallery-galerie-metzger-kaufen-kunst-ceramic-art-object-2048x1365.jpg 2048w, https:\/\/www.galerie-metzger.de\/wp-content\/uploads\/2023\/04\/Blick-in-die-Ausstellung-tierSzenen-mit-Beate-Kuhn-gallery-galerie-metzger-kaufen-kunst-ceramic-art-object-1500x1000.jpg 1500w, https:\/\/www.galerie-metzger.de\/wp-content\/uploads\/2023\/04\/Blick-in-die-Ausstellung-tierSzenen-mit-Beate-Kuhn-gallery-galerie-metzger-kaufen-kunst-ceramic-art-object-705x470.jpg 705w\" data-sizes=\"(max-width: 1030px) 100vw, 1030px\" class='avia_image' ><div class=\"av-image-caption-overlay\"><div class=\"av-caption-image-overlay-bg\"><\/div><div class=\"av-image-caption-overlay-position\"><div class=\"av-image-caption-overlay-center\"><p>Beate Kuhn \u2013 Blick in die Ausstellung tierSzenen \u2013, Foto: Edi Baumann<\/p>\n<\/div><\/div><\/div><img decoding=\"async\" class='wp-image-11453 avia-img-lazy-loading-not-11453 avia_image ' src=\"https:\/\/www.galerie-metzger.de\/wp-content\/uploads\/2023\/04\/Blick-in-die-Ausstellung-tierSzenen-mit-Beate-Kuhn-gallery-galerie-metzger-kaufen-kunst-ceramic-art-object-690x460.jpg\" alt='Blick in die Ausstellung tierSzenen mit Beate Kuhn' title='Blick in die Ausstellung tierSzenen mit Beate Kuhn'  height=\"460\" width=\"690\" srcset=\"https:\/\/www.galerie-metzger.de\/wp-content\/uploads\/2023\/04\/Blick-in-die-Ausstellung-tierSzenen-mit-Beate-Kuhn-gallery-galerie-metzger-kaufen-kunst-ceramic-art-object-690x460.jpg 690w, https:\/\/www.galerie-metzger.de\/wp-content\/uploads\/2023\/04\/Blick-in-die-Ausstellung-tierSzenen-mit-Beate-Kuhn-gallery-galerie-metzger-kaufen-kunst-ceramic-art-object-1090x727.jpg 1090w, https:\/\/www.galerie-metzger.de\/wp-content\/uploads\/2023\/04\/Blick-in-die-Ausstellung-tierSzenen-mit-Beate-Kuhn-gallery-galerie-metzger-kaufen-kunst-ceramic-art-object-768x512.jpg 768w, https:\/\/www.galerie-metzger.de\/wp-content\/uploads\/2023\/04\/Blick-in-die-Ausstellung-tierSzenen-mit-Beate-Kuhn-gallery-galerie-metzger-kaufen-kunst-ceramic-art-object-1536x1024.jpg 1536w, https:\/\/www.galerie-metzger.de\/wp-content\/uploads\/2023\/04\/Blick-in-die-Ausstellung-tierSzenen-mit-Beate-Kuhn-gallery-galerie-metzger-kaufen-kunst-ceramic-art-object-2048x1365.jpg 2048w, https:\/\/www.galerie-metzger.de\/wp-content\/uploads\/2023\/04\/Blick-in-die-Ausstellung-tierSzenen-mit-Beate-Kuhn-gallery-galerie-metzger-kaufen-kunst-ceramic-art-object-1500x1000.jpg 1500w, https:\/\/www.galerie-metzger.de\/wp-content\/uploads\/2023\/04\/Blick-in-die-Ausstellung-tierSzenen-mit-Beate-Kuhn-gallery-galerie-metzger-kaufen-kunst-ceramic-art-object-705x470.jpg 705w\" sizes=\"(max-width: 690px) 100vw, 690px\" \/><\/a><\/div><\/div><\/div><\/div><div class='av-flex-placeholder'><\/div>\n<style type=\"text\/css\" data-created_by=\"avia_inline_auto\" id=\"style-css-av-av_one_third-98c47ac8396e73f5312b80b521560a76\">\n.flex_column.av-av_one_third-98c47ac8396e73f5312b80b521560a76{\n-webkit-border-radius:0px 0px 0px 0px;\n-moz-border-radius:0px 0px 0px 0px;\nborder-radius:0px 0px 0px 0px;\n}\n<\/style>\n<div class='flex_column av-av_one_third-98c47ac8396e73f5312b80b521560a76 av_one_third  avia-builder-el-279  el_after_av_one_third  el_before_av_one_full  jo_pf_bild_bg flex_column_table_cell av-equal-height-column av-align-middle av-animated-generic fade-in av-zero-column-padding column-top-margin'     ><style type=\"text\/css\" data-created_by=\"avia_inline_auto\" id=\"style-css-av-lh537amo-dc216cd37aa6e5b100a6b31aeec615a2\">\n.avia-image-container.av-lh537amo-dc216cd37aa6e5b100a6b31aeec615a2 img.avia_image{\nbox-shadow:none;\n}\n.avia-image-container.av-lh537amo-dc216cd37aa6e5b100a6b31aeec615a2 .av-caption-image-overlay-bg{\nopacity:0.4;\n}\n<\/style>\n<div  class='avia-image-container av-lh537amo-dc216cd37aa6e5b100a6b31aeec615a2 av-styling-no-styling avia_animated_image av-animated-when-visible-95 fade-in avia-align-left  avia-builder-el-280  avia-builder-el-no-sibling  jo_pf_bild noHover av-overlay-hover-deactivate'  ><div class=\"avia-image-container-inner\"><div class=\"avia-image-overlay-wrap\"><a href=\"https:\/\/www.galerie-metzger.de\/wp-content\/uploads\/2023\/04\/Blick-in-die-Ausstellung-tierSzenen-mit-Xavier-Toubes-und-Chikako-Yoshikawa-gallery-galerie-metzger-kaufen-kunst-ceramic-art-object-1090x727.jpg\" data-srcset=\"https:\/\/www.galerie-metzger.de\/wp-content\/uploads\/2023\/04\/Blick-in-die-Ausstellung-tierSzenen-mit-Xavier-Toubes-und-Chikako-Yoshikawa-gallery-galerie-metzger-kaufen-kunst-ceramic-art-object-1090x727.jpg 1090w, https:\/\/www.galerie-metzger.de\/wp-content\/uploads\/2023\/04\/Blick-in-die-Ausstellung-tierSzenen-mit-Xavier-Toubes-und-Chikako-Yoshikawa-gallery-galerie-metzger-kaufen-kunst-ceramic-art-object-690x460.jpg 690w, https:\/\/www.galerie-metzger.de\/wp-content\/uploads\/2023\/04\/Blick-in-die-Ausstellung-tierSzenen-mit-Xavier-Toubes-und-Chikako-Yoshikawa-gallery-galerie-metzger-kaufen-kunst-ceramic-art-object-768x512.jpg 768w, https:\/\/www.galerie-metzger.de\/wp-content\/uploads\/2023\/04\/Blick-in-die-Ausstellung-tierSzenen-mit-Xavier-Toubes-und-Chikako-Yoshikawa-gallery-galerie-metzger-kaufen-kunst-ceramic-art-object-1536x1024.jpg 1536w, https:\/\/www.galerie-metzger.de\/wp-content\/uploads\/2023\/04\/Blick-in-die-Ausstellung-tierSzenen-mit-Xavier-Toubes-und-Chikako-Yoshikawa-gallery-galerie-metzger-kaufen-kunst-ceramic-art-object-2048x1365.jpg 2048w, https:\/\/www.galerie-metzger.de\/wp-content\/uploads\/2023\/04\/Blick-in-die-Ausstellung-tierSzenen-mit-Xavier-Toubes-und-Chikako-Yoshikawa-gallery-galerie-metzger-kaufen-kunst-ceramic-art-object-1500x1000.jpg 1500w, https:\/\/www.galerie-metzger.de\/wp-content\/uploads\/2023\/04\/Blick-in-die-Ausstellung-tierSzenen-mit-Xavier-Toubes-und-Chikako-Yoshikawa-gallery-galerie-metzger-kaufen-kunst-ceramic-art-object-705x470.jpg 705w\" data-sizes=\"(max-width: 1030px) 100vw, 1030px\" class='avia_image' ><div class=\"av-image-caption-overlay\"><div class=\"av-caption-image-overlay-bg\"><\/div><div class=\"av-image-caption-overlay-position\"><div class=\"av-image-caption-overlay-center\"><p>Xavier Toubes, Chikako Yoshikawa \u2013 Blick in die Ausstellung tierSzenen \u2013, Foto: Edi Baumann<\/p>\n<\/div><\/div><\/div><img decoding=\"async\" class='wp-image-11459 avia-img-lazy-loading-not-11459 avia_image ' src=\"https:\/\/www.galerie-metzger.de\/wp-content\/uploads\/2023\/04\/Blick-in-die-Ausstellung-tierSzenen-mit-Xavier-Toubes-und-Chikako-Yoshikawa-gallery-galerie-metzger-kaufen-kunst-ceramic-art-object-690x460.jpg\" alt='Blick in die Ausstellung tierSzenen mit Xavier Toubes und Chikako Yoshika' title='Blick in die Ausstellung tierSzenen mit Xavier Toubes und Chikako Yoshikawa'  height=\"460\" width=\"690\" srcset=\"https:\/\/www.galerie-metzger.de\/wp-content\/uploads\/2023\/04\/Blick-in-die-Ausstellung-tierSzenen-mit-Xavier-Toubes-und-Chikako-Yoshikawa-gallery-galerie-metzger-kaufen-kunst-ceramic-art-object-690x460.jpg 690w, https:\/\/www.galerie-metzger.de\/wp-content\/uploads\/2023\/04\/Blick-in-die-Ausstellung-tierSzenen-mit-Xavier-Toubes-und-Chikako-Yoshikawa-gallery-galerie-metzger-kaufen-kunst-ceramic-art-object-1090x727.jpg 1090w, https:\/\/www.galerie-metzger.de\/wp-content\/uploads\/2023\/04\/Blick-in-die-Ausstellung-tierSzenen-mit-Xavier-Toubes-und-Chikako-Yoshikawa-gallery-galerie-metzger-kaufen-kunst-ceramic-art-object-768x512.jpg 768w, https:\/\/www.galerie-metzger.de\/wp-content\/uploads\/2023\/04\/Blick-in-die-Ausstellung-tierSzenen-mit-Xavier-Toubes-und-Chikako-Yoshikawa-gallery-galerie-metzger-kaufen-kunst-ceramic-art-object-1536x1024.jpg 1536w, https:\/\/www.galerie-metzger.de\/wp-content\/uploads\/2023\/04\/Blick-in-die-Ausstellung-tierSzenen-mit-Xavier-Toubes-und-Chikako-Yoshikawa-gallery-galerie-metzger-kaufen-kunst-ceramic-art-object-2048x1365.jpg 2048w, https:\/\/www.galerie-metzger.de\/wp-content\/uploads\/2023\/04\/Blick-in-die-Ausstellung-tierSzenen-mit-Xavier-Toubes-und-Chikako-Yoshikawa-gallery-galerie-metzger-kaufen-kunst-ceramic-art-object-1500x1000.jpg 1500w, https:\/\/www.galerie-metzger.de\/wp-content\/uploads\/2023\/04\/Blick-in-die-Ausstellung-tierSzenen-mit-Xavier-Toubes-und-Chikako-Yoshikawa-gallery-galerie-metzger-kaufen-kunst-ceramic-art-object-705x470.jpg 705w\" sizes=\"(max-width: 690px) 100vw, 690px\" \/><\/a><\/div><\/div><\/div><\/div><\/div><!--close column table wrapper. Autoclose: 1 --><div class='flex_column_table av-av_one_full-d92ad2e9cc0eef1ebbdd4aee71a71a34 sc-av_one_full av-equal-height-column-flextable'>\n<style type=\"text\/css\" data-created_by=\"avia_inline_auto\" id=\"style-css-av-av_one_full-d92ad2e9cc0eef1ebbdd4aee71a71a34\">\n.flex_column.av-av_one_full-d92ad2e9cc0eef1ebbdd4aee71a71a34{\n-webkit-border-radius:0px 0px 0px 0px;\n-moz-border-radius:0px 0px 0px 0px;\nborder-radius:0px 0px 0px 0px;\n}\n<\/style>\n<div class='flex_column av-av_one_full-d92ad2e9cc0eef1ebbdd4aee71a71a34 av_one_full  avia-builder-el-281  el_after_av_one_third  avia-builder-el-last  jo_col_empty first flex_column_table_cell av-equal-height-column av-align-top av-animated-generic fade-in av-zero-column-padding column-top-margin'     ><section  class='av_textblock_section av-av_textblock-506c14c56273b6111dfdd9d5e43e88f2' ><div class='avia_textblock' ><p>invisible placeholder<\/p>\n<\/div><\/section><\/div><\/div><!--close column table wrapper. Autoclose: 1 --><\/div><\/div><\/main><!-- close content main element --><\/div><\/div><div id='sub_menu1'  class='av-submenu-container av-58ujtr-020fba297cc1afa8ff85f782ddfede4f main_color  avia-builder-el-283  el_after_av_section  avia-builder-el-last  waypmenu submenu-not-first container_wrap fullsize' style='z-index:301' ><div class='container av-menu-mobile-disabled av-submenu-pos-center'><ul id=\"menu-hauptmenue-deutsch\" class=\"av-subnav-menu\"><li role=\"menuitem\" id=\"menu-item-2815\" class=\"mobile menu-item menu-item-type-post_type menu-item-object-page menu-item-top-level menu-item-top-level-1\"><a href=\"https:\/\/www.galerie-metzger.de\/de\/artists\/\" tabindex=\"0\"><span class=\"avia-bullet\"><\/span><span class=\"avia-menu-text\">K\u00fcnstler<\/span><span class=\"avia-menu-fx\"><span class=\"avia-arrow-wrap\"><span class=\"avia-arrow\"><\/span><\/span><\/span><\/a><\/li>\n<li role=\"menuitem\" id=\"menu-item-2818\" class=\"mobile menu-item menu-item-type-post_type menu-item-object-page menu-item-top-level menu-item-top-level-2\"><a href=\"https:\/\/www.galerie-metzger.de\/de\/expo\/\" tabindex=\"0\"><span class=\"avia-bullet\"><\/span><span class=\"avia-menu-text\">Ausstellungen<\/span><span class=\"avia-menu-fx\"><span class=\"avia-arrow-wrap\"><span class=\"avia-arrow\"><\/span><\/span><\/span><\/a><\/li>\n<li role=\"menuitem\" id=\"menu-item-2796\" class=\"mobile menu-item menu-item-type-post_type menu-item-object-page menu-item-top-level menu-item-top-level-3\"><a href=\"https:\/\/www.galerie-metzger.de\/de\/sales\/\" tabindex=\"0\"><span class=\"avia-bullet\"><\/span><span class=\"avia-menu-text\">Verkauf<\/span><span class=\"avia-menu-fx\"><span class=\"avia-arrow-wrap\"><span class=\"avia-arrow\"><\/span><\/span><\/span><\/a><\/li>\n<li role=\"menuitem\" id=\"menu-item-12309\" class=\"mobile menu-item menu-item-type-post_type menu-item-object-post menu-item-top-level menu-item-top-level-4\"><a href=\"https:\/\/www.galerie-metzger.de\/de\/studio-ceramics\/studiokeramik\/\" tabindex=\"0\"><span class=\"avia-bullet\"><\/span><span class=\"avia-menu-text\">Studiokeramik<\/span><span class=\"avia-menu-fx\"><span class=\"avia-arrow-wrap\"><span class=\"avia-arrow\"><\/span><\/span><\/span><\/a><\/li>\n<li role=\"menuitem\" id=\"menu-item-10694\" class=\"menu-item menu-item-type-post_type menu-item-object-page menu-item-top-level menu-item-top-level-5\"><a href=\"https:\/\/www.galerie-metzger.de\/de\/keramik-marken-stempel-signaturen\/\" tabindex=\"0\"><span class=\"avia-bullet\"><\/span><span class=\"avia-menu-text\">Signaturen<\/span><span class=\"avia-menu-fx\"><span class=\"avia-arrow-wrap\"><span class=\"avia-arrow\"><\/span><\/span><\/span><\/a><\/li>\n<li role=\"menuitem\" id=\"menu-item-3559\" class=\"mobile menu-item menu-item-type-post_type menu-item-object-page menu-item-top-level menu-item-top-level-6\"><a href=\"https:\/\/www.galerie-metzger.de\/de\/gallery\/\" tabindex=\"0\"><span class=\"avia-bullet\"><\/span><span class=\"avia-menu-text\">die Galerie<\/span><span class=\"avia-menu-fx\"><span class=\"avia-arrow-wrap\"><span class=\"avia-arrow\"><\/span><\/span><\/span><\/a><\/li>\n<li role=\"menuitem\" id=\"menu-item-2715\" class=\"mobile menu-item menu-item-type-post_type menu-item-object-page menu-item-top-level menu-item-top-level-7\"><a href=\"https:\/\/www.galerie-metzger.de\/de\/contact\/\" tabindex=\"0\"><span class=\"avia-bullet\"><\/span><span class=\"avia-menu-text\">Kontakt<\/span><span class=\"avia-menu-fx\"><span class=\"avia-arrow-wrap\"><span class=\"avia-arrow\"><\/span><\/span><\/span><\/a><\/li>\n<li role=\"menuitem\" id=\"menu-item-5932\" class=\"mobile menu-item menu-item-type-custom menu-item-object-custom menu-item-top-level menu-item-top-level-8\"><a href=\"https:\/\/www.galerie-metzger.de\/de\/contact\/#site-notice\" tabindex=\"0\"><span class=\"avia-bullet\"><\/span><span class=\"avia-menu-text\">Impressum<\/span><span class=\"avia-menu-fx\"><span class=\"avia-arrow-wrap\"><span class=\"avia-arrow\"><\/span><\/span><\/span><\/a><\/li>\n<li role=\"menuitem\" id=\"menu-item-5933\" class=\"mobile menu-item menu-item-type-custom menu-item-object-custom menu-item-top-level menu-item-top-level-9\"><a href=\"https:\/\/www.galerie-metzger.de\/de\/contact\/#data\" tabindex=\"0\"><span class=\"avia-bullet\"><\/span><span class=\"avia-menu-text\">Datenschutz<\/span><span class=\"avia-menu-fx\"><span class=\"avia-arrow-wrap\"><span class=\"avia-arrow\"><\/span><\/span><\/span><\/a><\/li>\n<li role=\"menuitem\" id=\"menu-item-2994\" class=\"mobile menu-item menu-item-type-post_type menu-item-object-page menu-item-top-level menu-item-top-level-10\"><a href=\"https:\/\/www.galerie-metzger.de\/de\/links\/\" tabindex=\"0\"><span class=\"avia-bullet\"><\/span><span class=\"avia-menu-text\">Links<\/span><span class=\"avia-menu-fx\"><span class=\"avia-arrow-wrap\"><span class=\"avia-arrow\"><\/span><\/span><\/span><\/a><\/li>\n<li role=\"menuitem\" id=\"menu-item-1070\" class=\"bottom nomob menu_inv menu-item menu-item-type-custom menu-item-object-custom menu-item-top-level menu-item-top-level-11\"><a href=\"#footer\" tabindex=\"0\"><span class=\"avia-bullet\"><\/span><span class=\"avia-menu-text\">+Info<\/span><span class=\"avia-menu-fx\"><span class=\"avia-arrow-wrap\"><span class=\"avia-arrow\"><\/span><\/span><\/span><\/a><\/li>\n<li role=\"menuitem\" id=\"menu-item-1807\" class=\"menu_inv mobile address menu-item menu-item-type-custom menu-item-object-custom menu-item-top-level menu-item-top-level-12\"><a href=\"#\" tabindex=\"0\"><span class=\"avia-bullet\"><\/span><span class=\"avia-menu-text\"><p class=\"mob_menu dist top\">GALERIE <span class=\"bold\">METZGER<\/span><\/p> <p class=\"mob_menu\">Angelika Metzger<\/p> <p class=\"mob_menu\">Hauptstr. 18<\/p> <p class=\"mob_menu\">63867 Johannesberg<\/p> <p class=\"mob_menu phone\"><a href=\"tel:00496021460224\">+49 (0)6021 460224<\/a><\/p> <p class=\"mob_menu mail\"><a href=\"mailto:info@galerie-metzger.de\">info@galerie-metzger.de<\/a><\/p><\/span><span class=\"avia-menu-fx\"><span class=\"avia-arrow-wrap\"><span class=\"avia-arrow\"><\/span><\/span><\/span><\/a><\/li>\n<li role=\"menuitem\" id=\"menu-item-wpml-ls-17-de\" class=\"menu-item-language menu-item-language-current menu-item wpml-ls-slot-17 wpml-ls-item wpml-ls-item-de wpml-ls-current-language wpml-ls-menu-item wpml-ls-first-item menu-item-type-wpml_ls_menu_item menu-item-object-wpml_ls_menu_item menu-item-top-level menu-item-top-level-13\"><a href=\"https:\/\/www.galerie-metzger.de\/de\/\" tabindex=\"0\"><span class=\"avia-bullet\"><\/span><span class=\"avia-menu-text\"><span class=\"wpml-ls-native\" lang=\"de\">Deutsch<\/span><\/span><span class=\"avia-menu-fx\"><span class=\"avia-arrow-wrap\"><span class=\"avia-arrow\"><\/span><\/span><\/span><\/a><\/li>\n<li role=\"menuitem\" id=\"menu-item-wpml-ls-17-en\" class=\"menu-item-language menu-item wpml-ls-slot-17 wpml-ls-item wpml-ls-item-en wpml-ls-menu-item wpml-ls-last-item menu-item-type-wpml_ls_menu_item menu-item-object-wpml_ls_menu_item menu-item-top-level menu-item-top-level-14\"><a title=\"Zu English wechseln\" href=\"https:\/\/www.galerie-metzger.de\/en\/\" tabindex=\"0\"><span class=\"avia-bullet\"><\/span><span class=\"avia-menu-text\"><span class=\"wpml-ls-native\" lang=\"en\">English<\/span><\/span><span class=\"avia-menu-fx\"><span class=\"avia-arrow-wrap\"><span class=\"avia-arrow\"><\/span><\/span><\/span><\/a><\/li>\n<\/ul><\/div><\/div><\/p>\n","protected":false},"excerpt":{"rendered":"<p><span class=\"event_date_preview\">23.04.2023 \u2013 14.05.2023<\/span><br \/>\nnarrativ \u2013 humorvoll \u2013 skurril<\/p>\n","protected":false},"author":4,"featured_media":11282,"comment_status":"closed","ping_status":"closed","sticky":false,"template":"","format":"standard","meta":{"_lmt_disableupdate":"no","_lmt_disable":"","footnotes":""},"categories":[65,69],"tags":[],"class_list":["post-11181","post","type-post","status-publish","format-standard","has-post-thumbnail","hentry","category-expo","category-expo_past"],"yoast_head":"<!-- This site is optimized with the Yoast SEO plugin v26.8 - https:\/\/yoast.com\/product\/yoast-seo-wordpress\/ -->\n<title>tierSzenen &#8211; GALERIE METZGER<\/title>\n<meta name=\"robots\" content=\"index, follow, max-snippet:-1, max-image-preview:large, max-video-preview:-1\" \/>\n<link rel=\"canonical\" href=\"https:\/\/www.galerie-metzger.de\/de\/expo\/tierszenen\/\" \/>\n<meta property=\"og:locale\" content=\"de_DE\" \/>\n<meta property=\"og:type\" content=\"article\" \/>\n<meta property=\"og:title\" content=\"tierSzenen &#8211; GALERIE METZGER\" \/>\n<meta property=\"og:description\" content=\"23.04.2023 \u2013 14.05.2023 narrativ \u2013 humorvoll \u2013 skurril\" \/>\n<meta property=\"og:url\" content=\"https:\/\/www.galerie-metzger.de\/de\/expo\/tierszenen\/\" \/>\n<meta property=\"og:site_name\" content=\"GALERIE METZGER\" \/>\n<meta property=\"article:published_time\" content=\"2023-01-30T16:44:23+00:00\" \/>\n<meta property=\"article:modified_time\" content=\"2023-08-23T10:25:23+00:00\" \/>\n<meta property=\"og:image\" content=\"https:\/\/www.galerie-metzger.de\/wp-content\/uploads\/2023\/03\/Hans-Fischer-Hof-30-x25x15cm-galerie-metzger-skulptur-kaufen-keramikkunst-1-1090x727.jpg\" \/>\n\t<meta property=\"og:image:width\" content=\"1090\" \/>\n\t<meta property=\"og:image:height\" content=\"727\" \/>\n\t<meta property=\"og:image:type\" content=\"image\/jpeg\" \/>\n<meta name=\"author\" content=\"Angelika Metzger\" \/>\n<meta name=\"twitter:card\" content=\"summary_large_image\" \/>\n<meta name=\"twitter:label1\" content=\"Verfasst von\" \/>\n\t<meta name=\"twitter:data1\" content=\"Angelika Metzger\" \/>\n\t<meta name=\"twitter:label2\" content=\"Gesch\u00e4tzte Lesezeit\" \/>\n\t<meta name=\"twitter:data2\" content=\"58\u00a0Minuten\" \/>\n<script type=\"application\/ld+json\" class=\"yoast-schema-graph\">{\"@context\":\"https:\/\/schema.org\",\"@graph\":[{\"@type\":\"Article\",\"@id\":\"https:\/\/www.galerie-metzger.de\/de\/expo\/tierszenen\/#article\",\"isPartOf\":{\"@id\":\"https:\/\/www.galerie-metzger.de\/de\/expo\/tierszenen\/\"},\"author\":{\"name\":\"Angelika Metzger\",\"@id\":\"https:\/\/www.galerie-metzger.de\/de\/#\/schema\/person\/de40226dffedff12173595e065b355f4\"},\"headline\":\"tierSzenen\",\"datePublished\":\"2023-01-30T16:44:23+00:00\",\"dateModified\":\"2023-08-23T10:25:23+00:00\",\"mainEntityOfPage\":{\"@id\":\"https:\/\/www.galerie-metzger.de\/de\/expo\/tierszenen\/\"},\"wordCount\":23552,\"publisher\":{\"@id\":\"https:\/\/www.galerie-metzger.de\/de\/#organization\"},\"image\":{\"@id\":\"https:\/\/www.galerie-metzger.de\/de\/expo\/tierszenen\/#primaryimage\"},\"thumbnailUrl\":\"https:\/\/www.galerie-metzger.de\/wp-content\/uploads\/2023\/03\/Hans-Fischer-Hof-30-x25x15cm-galerie-metzger-skulptur-kaufen-keramikkunst-1-scaled.jpg\",\"articleSection\":[\"expo\",\"expo_past\"],\"inLanguage\":\"de\"},{\"@type\":\"WebPage\",\"@id\":\"https:\/\/www.galerie-metzger.de\/de\/expo\/tierszenen\/\",\"url\":\"https:\/\/www.galerie-metzger.de\/de\/expo\/tierszenen\/\",\"name\":\"tierSzenen &#8211; GALERIE METZGER\",\"isPartOf\":{\"@id\":\"https:\/\/www.galerie-metzger.de\/de\/#website\"},\"primaryImageOfPage\":{\"@id\":\"https:\/\/www.galerie-metzger.de\/de\/expo\/tierszenen\/#primaryimage\"},\"image\":{\"@id\":\"https:\/\/www.galerie-metzger.de\/de\/expo\/tierszenen\/#primaryimage\"},\"thumbnailUrl\":\"https:\/\/www.galerie-metzger.de\/wp-content\/uploads\/2023\/03\/Hans-Fischer-Hof-30-x25x15cm-galerie-metzger-skulptur-kaufen-keramikkunst-1-scaled.jpg\",\"datePublished\":\"2023-01-30T16:44:23+00:00\",\"dateModified\":\"2023-08-23T10:25:23+00:00\",\"breadcrumb\":{\"@id\":\"https:\/\/www.galerie-metzger.de\/de\/expo\/tierszenen\/#breadcrumb\"},\"inLanguage\":\"de\",\"potentialAction\":[{\"@type\":\"ReadAction\",\"target\":[\"https:\/\/www.galerie-metzger.de\/de\/expo\/tierszenen\/\"]}]},{\"@type\":\"ImageObject\",\"inLanguage\":\"de\",\"@id\":\"https:\/\/www.galerie-metzger.de\/de\/expo\/tierszenen\/#primaryimage\",\"url\":\"https:\/\/www.galerie-metzger.de\/wp-content\/uploads\/2023\/03\/Hans-Fischer-Hof-30-x25x15cm-galerie-metzger-skulptur-kaufen-keramikkunst-1-scaled.jpg\",\"contentUrl\":\"https:\/\/www.galerie-metzger.de\/wp-content\/uploads\/2023\/03\/Hans-Fischer-Hof-30-x25x15cm-galerie-metzger-skulptur-kaufen-keramikkunst-1-scaled.jpg\",\"width\":2560,\"height\":1707,\"caption\":\"Hans Fischer Hof 30 x25x15cm galerie metzger skulptur kaufen keramikkunst\"},{\"@type\":\"BreadcrumbList\",\"@id\":\"https:\/\/www.galerie-metzger.de\/de\/expo\/tierszenen\/#breadcrumb\",\"itemListElement\":[{\"@type\":\"ListItem\",\"position\":1,\"name\":\"Startseite\",\"item\":\"https:\/\/www.galerie-metzger.de\/de\/start-20260213-de\/\"},{\"@type\":\"ListItem\",\"position\":2,\"name\":\"tierSzenen\"}]},{\"@type\":\"WebSite\",\"@id\":\"https:\/\/www.galerie-metzger.de\/de\/#website\",\"url\":\"https:\/\/www.galerie-metzger.de\/de\/\",\"name\":\"GALERIE METZGER\",\"description\":\"Keramik \u2013\u00a0Plastik \u2013\u00a0Kunst\",\"publisher\":{\"@id\":\"https:\/\/www.galerie-metzger.de\/de\/#organization\"},\"potentialAction\":[{\"@type\":\"SearchAction\",\"target\":{\"@type\":\"EntryPoint\",\"urlTemplate\":\"https:\/\/www.galerie-metzger.de\/de\/?s={search_term_string}\"},\"query-input\":{\"@type\":\"PropertyValueSpecification\",\"valueRequired\":true,\"valueName\":\"search_term_string\"}}],\"inLanguage\":\"de\"},{\"@type\":\"Organization\",\"@id\":\"https:\/\/www.galerie-metzger.de\/de\/#organization\",\"name\":\"GALERIE METZGER\",\"url\":\"https:\/\/www.galerie-metzger.de\/de\/\",\"logo\":{\"@type\":\"ImageObject\",\"inLanguage\":\"de\",\"@id\":\"https:\/\/www.galerie-metzger.de\/de\/#\/schema\/logo\/image\/\",\"url\":\"https:\/\/www.galerie-metzger.de\/wp-content\/uploads\/2018\/01\/galerie-metzger_logo_2018.png\",\"contentUrl\":\"https:\/\/www.galerie-metzger.de\/wp-content\/uploads\/2018\/01\/galerie-metzger_logo_2018.png\",\"width\":740,\"height\":340,\"caption\":\"GALERIE METZGER\"},\"image\":{\"@id\":\"https:\/\/www.galerie-metzger.de\/de\/#\/schema\/logo\/image\/\"}},{\"@type\":\"Person\",\"@id\":\"https:\/\/www.galerie-metzger.de\/de\/#\/schema\/person\/de40226dffedff12173595e065b355f4\",\"name\":\"Angelika Metzger\",\"image\":{\"@type\":\"ImageObject\",\"inLanguage\":\"de\",\"@id\":\"https:\/\/www.galerie-metzger.de\/de\/#\/schema\/person\/image\/\",\"url\":\"https:\/\/secure.gravatar.com\/avatar\/dcd8c624421a40d9ea1372799a6665c5d7c11319774bd77bb802a0c8910009e0?s=96&d=mm&r=g\",\"contentUrl\":\"https:\/\/secure.gravatar.com\/avatar\/dcd8c624421a40d9ea1372799a6665c5d7c11319774bd77bb802a0c8910009e0?s=96&d=mm&r=g\",\"caption\":\"Angelika Metzger\"},\"sameAs\":[\"http:\/\/www.galerie-metzger.de\"]}]}<\/script>\n<!-- \/ Yoast SEO plugin. -->","yoast_head_json":{"title":"tierSzenen &#8211; GALERIE METZGER","robots":{"index":"index","follow":"follow","max-snippet":"max-snippet:-1","max-image-preview":"max-image-preview:large","max-video-preview":"max-video-preview:-1"},"canonical":"https:\/\/www.galerie-metzger.de\/de\/expo\/tierszenen\/","og_locale":"de_DE","og_type":"article","og_title":"tierSzenen &#8211; GALERIE METZGER","og_description":"23.04.2023 \u2013 14.05.2023 narrativ \u2013 humorvoll \u2013 skurril","og_url":"https:\/\/www.galerie-metzger.de\/de\/expo\/tierszenen\/","og_site_name":"GALERIE METZGER","article_published_time":"2023-01-30T16:44:23+00:00","article_modified_time":"2023-08-23T10:25:23+00:00","og_image":[{"width":1090,"height":727,"url":"https:\/\/www.galerie-metzger.de\/wp-content\/uploads\/2023\/03\/Hans-Fischer-Hof-30-x25x15cm-galerie-metzger-skulptur-kaufen-keramikkunst-1-1090x727.jpg","type":"image\/jpeg"}],"author":"Angelika Metzger","twitter_card":"summary_large_image","twitter_misc":{"Verfasst von":"Angelika Metzger","Gesch\u00e4tzte Lesezeit":"58\u00a0Minuten"},"schema":{"@context":"https:\/\/schema.org","@graph":[{"@type":"Article","@id":"https:\/\/www.galerie-metzger.de\/de\/expo\/tierszenen\/#article","isPartOf":{"@id":"https:\/\/www.galerie-metzger.de\/de\/expo\/tierszenen\/"},"author":{"name":"Angelika Metzger","@id":"https:\/\/www.galerie-metzger.de\/de\/#\/schema\/person\/de40226dffedff12173595e065b355f4"},"headline":"tierSzenen","datePublished":"2023-01-30T16:44:23+00:00","dateModified":"2023-08-23T10:25:23+00:00","mainEntityOfPage":{"@id":"https:\/\/www.galerie-metzger.de\/de\/expo\/tierszenen\/"},"wordCount":23552,"publisher":{"@id":"https:\/\/www.galerie-metzger.de\/de\/#organization"},"image":{"@id":"https:\/\/www.galerie-metzger.de\/de\/expo\/tierszenen\/#primaryimage"},"thumbnailUrl":"https:\/\/www.galerie-metzger.de\/wp-content\/uploads\/2023\/03\/Hans-Fischer-Hof-30-x25x15cm-galerie-metzger-skulptur-kaufen-keramikkunst-1-scaled.jpg","articleSection":["expo","expo_past"],"inLanguage":"de"},{"@type":"WebPage","@id":"https:\/\/www.galerie-metzger.de\/de\/expo\/tierszenen\/","url":"https:\/\/www.galerie-metzger.de\/de\/expo\/tierszenen\/","name":"tierSzenen &#8211; GALERIE METZGER","isPartOf":{"@id":"https:\/\/www.galerie-metzger.de\/de\/#website"},"primaryImageOfPage":{"@id":"https:\/\/www.galerie-metzger.de\/de\/expo\/tierszenen\/#primaryimage"},"image":{"@id":"https:\/\/www.galerie-metzger.de\/de\/expo\/tierszenen\/#primaryimage"},"thumbnailUrl":"https:\/\/www.galerie-metzger.de\/wp-content\/uploads\/2023\/03\/Hans-Fischer-Hof-30-x25x15cm-galerie-metzger-skulptur-kaufen-keramikkunst-1-scaled.jpg","datePublished":"2023-01-30T16:44:23+00:00","dateModified":"2023-08-23T10:25:23+00:00","breadcrumb":{"@id":"https:\/\/www.galerie-metzger.de\/de\/expo\/tierszenen\/#breadcrumb"},"inLanguage":"de","potentialAction":[{"@type":"ReadAction","target":["https:\/\/www.galerie-metzger.de\/de\/expo\/tierszenen\/"]}]},{"@type":"ImageObject","inLanguage":"de","@id":"https:\/\/www.galerie-metzger.de\/de\/expo\/tierszenen\/#primaryimage","url":"https:\/\/www.galerie-metzger.de\/wp-content\/uploads\/2023\/03\/Hans-Fischer-Hof-30-x25x15cm-galerie-metzger-skulptur-kaufen-keramikkunst-1-scaled.jpg","contentUrl":"https:\/\/www.galerie-metzger.de\/wp-content\/uploads\/2023\/03\/Hans-Fischer-Hof-30-x25x15cm-galerie-metzger-skulptur-kaufen-keramikkunst-1-scaled.jpg","width":2560,"height":1707,"caption":"Hans Fischer Hof 30 x25x15cm galerie metzger skulptur kaufen keramikkunst"},{"@type":"BreadcrumbList","@id":"https:\/\/www.galerie-metzger.de\/de\/expo\/tierszenen\/#breadcrumb","itemListElement":[{"@type":"ListItem","position":1,"name":"Startseite","item":"https:\/\/www.galerie-metzger.de\/de\/start-20260213-de\/"},{"@type":"ListItem","position":2,"name":"tierSzenen"}]},{"@type":"WebSite","@id":"https:\/\/www.galerie-metzger.de\/de\/#website","url":"https:\/\/www.galerie-metzger.de\/de\/","name":"GALERIE METZGER","description":"Keramik \u2013\u00a0Plastik \u2013\u00a0Kunst","publisher":{"@id":"https:\/\/www.galerie-metzger.de\/de\/#organization"},"potentialAction":[{"@type":"SearchAction","target":{"@type":"EntryPoint","urlTemplate":"https:\/\/www.galerie-metzger.de\/de\/?s={search_term_string}"},"query-input":{"@type":"PropertyValueSpecification","valueRequired":true,"valueName":"search_term_string"}}],"inLanguage":"de"},{"@type":"Organization","@id":"https:\/\/www.galerie-metzger.de\/de\/#organization","name":"GALERIE METZGER","url":"https:\/\/www.galerie-metzger.de\/de\/","logo":{"@type":"ImageObject","inLanguage":"de","@id":"https:\/\/www.galerie-metzger.de\/de\/#\/schema\/logo\/image\/","url":"https:\/\/www.galerie-metzger.de\/wp-content\/uploads\/2018\/01\/galerie-metzger_logo_2018.png","contentUrl":"https:\/\/www.galerie-metzger.de\/wp-content\/uploads\/2018\/01\/galerie-metzger_logo_2018.png","width":740,"height":340,"caption":"GALERIE METZGER"},"image":{"@id":"https:\/\/www.galerie-metzger.de\/de\/#\/schema\/logo\/image\/"}},{"@type":"Person","@id":"https:\/\/www.galerie-metzger.de\/de\/#\/schema\/person\/de40226dffedff12173595e065b355f4","name":"Angelika Metzger","image":{"@type":"ImageObject","inLanguage":"de","@id":"https:\/\/www.galerie-metzger.de\/de\/#\/schema\/person\/image\/","url":"https:\/\/secure.gravatar.com\/avatar\/dcd8c624421a40d9ea1372799a6665c5d7c11319774bd77bb802a0c8910009e0?s=96&d=mm&r=g","contentUrl":"https:\/\/secure.gravatar.com\/avatar\/dcd8c624421a40d9ea1372799a6665c5d7c11319774bd77bb802a0c8910009e0?s=96&d=mm&r=g","caption":"Angelika Metzger"},"sameAs":["http:\/\/www.galerie-metzger.de"]}]}},"modified_by":"Jochen Hilmer","_links":{"self":[{"href":"https:\/\/www.galerie-metzger.de\/de\/wp-json\/wp\/v2\/posts\/11181","targetHints":{"allow":["GET"]}}],"collection":[{"href":"https:\/\/www.galerie-metzger.de\/de\/wp-json\/wp\/v2\/posts"}],"about":[{"href":"https:\/\/www.galerie-metzger.de\/de\/wp-json\/wp\/v2\/types\/post"}],"author":[{"embeddable":true,"href":"https:\/\/www.galerie-metzger.de\/de\/wp-json\/wp\/v2\/users\/4"}],"replies":[{"embeddable":true,"href":"https:\/\/www.galerie-metzger.de\/de\/wp-json\/wp\/v2\/comments?post=11181"}],"version-history":[{"count":0,"href":"https:\/\/www.galerie-metzger.de\/de\/wp-json\/wp\/v2\/posts\/11181\/revisions"}],"wp:featuredmedia":[{"embeddable":true,"href":"https:\/\/www.galerie-metzger.de\/de\/wp-json\/wp\/v2\/media\/11282"}],"wp:attachment":[{"href":"https:\/\/www.galerie-metzger.de\/de\/wp-json\/wp\/v2\/media?parent=11181"}],"wp:term":[{"taxonomy":"category","embeddable":true,"href":"https:\/\/www.galerie-metzger.de\/de\/wp-json\/wp\/v2\/categories?post=11181"},{"taxonomy":"post_tag","embeddable":true,"href":"https:\/\/www.galerie-metzger.de\/de\/wp-json\/wp\/v2\/tags?post=11181"}],"curies":[{"name":"wp","href":"https:\/\/api.w.org\/{rel}","templated":true}]}}