{"id":10616,"date":"2022-05-07T21:16:10","date_gmt":"2022-05-07T19:16:10","guid":{"rendered":"https:\/\/www.galerie-metzger.de\/?p=10616"},"modified":"2022-10-11T19:08:28","modified_gmt":"2022-10-11T17:08:28","slug":"geerdet","status":"publish","type":"post","link":"https:\/\/www.galerie-metzger.de\/de\/expo\/geerdet\/","title":{"rendered":"GEERDET"},"content":{"rendered":"<div id='topp'  class='avia-section av-42xg0j3-0bcb458b9f7a375831d65094f4a47b1e main_color avia-section-no-padding avia-no-border-styling  avia-builder-el-0  el_before_av_submenu  avia-builder-el-first  avia-bg-style-scroll container_wrap fullsize'  ><div class='container av-section-cont-open' ><main  class='template-page content  av-content-full alpha units'><div class='post-entry post-entry-type-page post-entry-10616'><div class='entry-content-wrapper clearfix'>\n\n<style type=\"text\/css\" data-created_by=\"avia_inline_auto\" id=\"style-css-av-40t968v-44e29fb650f7fbf9481e20885390c1b2\">\n.flex_column.av-40t968v-44e29fb650f7fbf9481e20885390c1b2{\n-webkit-border-radius:0px 0px 0px 0px;\n-moz-border-radius:0px 0px 0px 0px;\nborder-radius:0px 0px 0px 0px;\n}\n<\/style>\n<div class='flex_column av-40t968v-44e29fb650f7fbf9481e20885390c1b2 av_one_full  avia-builder-el-1  el_before_av_two_third  avia-builder-el-first  jo_col_page_title first no_margin flex_column_div av-animated-generic fade-in av-zero-column-padding '     ><style type=\"text\/css\" data-created_by=\"avia_inline_auto\" id=\"style-css-av-l2w8v0aq-8c3b038ce407bbae57b7a291ccc2fa4c\">\n#top .av-special-heading.av-l2w8v0aq-8c3b038ce407bbae57b7a291ccc2fa4c{\npadding-bottom:0px;\n}\nbody .av-special-heading.av-l2w8v0aq-8c3b038ce407bbae57b7a291ccc2fa4c .av-special-heading-tag .heading-char{\nfont-size:25px;\n}\n.av-special-heading.av-l2w8v0aq-8c3b038ce407bbae57b7a291ccc2fa4c .av-subheading{\nfont-size:15px;\n}\n<\/style>\n<div  class='av-special-heading av-l2w8v0aq-8c3b038ce407bbae57b7a291ccc2fa4c av-special-heading-h2 blockquote modern-quote  avia-builder-el-2  avia-builder-el-no-sibling  jo_special_heading portfo one'><h2 class='av-special-heading-tag'  >GEERDET<\/h2><div class=\"special-heading-border\"><div class=\"special-heading-inner-border\"><\/div><\/div><\/div><\/div><div class='flex_column_table av-270tmwo-a682d0272cabc84cec1ba3dcfbc625b9 sc-av_two_third av-equal-height-column-flextable'>\n<style type=\"text\/css\" data-created_by=\"avia_inline_auto\" id=\"style-css-av-270tmwo-a682d0272cabc84cec1ba3dcfbc625b9\">\n.flex_column.av-270tmwo-a682d0272cabc84cec1ba3dcfbc625b9{\n-webkit-border-radius:0px 0px 0px 0px;\n-moz-border-radius:0px 0px 0px 0px;\nborder-radius:0px 0px 0px 0px;\n}\n<\/style>\n<div class='flex_column av-270tmwo-a682d0272cabc84cec1ba3dcfbc625b9 av_two_third  avia-builder-el-3  el_after_av_one_full  el_before_av_one_third  jo_pf_bild_bg start first flex_column_table_cell av-equal-height-column av-align-top av-animated-generic fade-in av-zero-column-padding column-top-margin'     ><p>\n<style type=\"text\/css\" data-created_by=\"avia_inline_auto\" id=\"style-css-av-l37msb6v-c9f3a4d226b847cda1e6fa2627afeecc\">\n.avia-image-container.av-l37msb6v-c9f3a4d226b847cda1e6fa2627afeecc img.avia_image{\nbox-shadow:none;\n}\n.avia-image-container.av-l37msb6v-c9f3a4d226b847cda1e6fa2627afeecc .av-caption-image-overlay-bg{\nopacity:0.4;\n}\n<\/style>\n<div  class='avia-image-container av-l37msb6v-c9f3a4d226b847cda1e6fa2627afeecc av-styling-no-styling avia_animated_image av-animated-when-visible-95 fade-in avia-align-left  avia-builder-el-4  el_before_av_textblock  avia-builder-el-first  jo_pf_bild noHover av-overlay-hover-deactivate'  ><div class=\"avia-image-container-inner\"><div class=\"avia-image-overlay-wrap\"><a href=\"https:\/\/www.galerie-metzger.de\/wp-content\/uploads\/2022\/05\/Jochen-Brandt-Schale-22x68-cm-galerie-metzger-gallery-sculpture-keramik-angewandte-kunst-1090x727.jpg\" data-srcset=\"https:\/\/www.galerie-metzger.de\/wp-content\/uploads\/2022\/05\/Jochen-Brandt-Schale-22x68-cm-galerie-metzger-gallery-sculpture-keramik-angewandte-kunst-1090x727.jpg 1090w, https:\/\/www.galerie-metzger.de\/wp-content\/uploads\/2022\/05\/Jochen-Brandt-Schale-22x68-cm-galerie-metzger-gallery-sculpture-keramik-angewandte-kunst-690x460.jpg 690w, https:\/\/www.galerie-metzger.de\/wp-content\/uploads\/2022\/05\/Jochen-Brandt-Schale-22x68-cm-galerie-metzger-gallery-sculpture-keramik-angewandte-kunst-1536x1024.jpg 1536w, https:\/\/www.galerie-metzger.de\/wp-content\/uploads\/2022\/05\/Jochen-Brandt-Schale-22x68-cm-galerie-metzger-gallery-sculpture-keramik-angewandte-kunst-2048x1365.jpg 2048w, https:\/\/www.galerie-metzger.de\/wp-content\/uploads\/2022\/05\/Jochen-Brandt-Schale-22x68-cm-galerie-metzger-gallery-sculpture-keramik-angewandte-kunst-1500x1000.jpg 1500w, https:\/\/www.galerie-metzger.de\/wp-content\/uploads\/2022\/05\/Jochen-Brandt-Schale-22x68-cm-galerie-metzger-gallery-sculpture-keramik-angewandte-kunst-705x470.jpg 705w, https:\/\/www.galerie-metzger.de\/wp-content\/uploads\/2022\/05\/Jochen-Brandt-Schale-22x68-cm-galerie-metzger-gallery-sculpture-keramik-angewandte-kunst-400x267.jpg 400w, https:\/\/www.galerie-metzger.de\/wp-content\/uploads\/2022\/05\/Jochen-Brandt-Schale-22x68-cm-galerie-metzger-gallery-sculpture-keramik-angewandte-kunst-1030x687.jpg 1030w\" data-sizes=\"(max-width: 1030px) 100vw, 1030px\" class='avia_image' ><div class=\"av-image-caption-overlay\"><div class=\"av-caption-image-overlay-bg\"><\/div><div class=\"av-image-caption-overlay-position\"><div class=\"av-image-caption-overlay-center\"><p>Jochen Brandt \u2013 Schale, Detail \u2013\u00a0, 2002, Foto: Edi Baumann<\/p>\n<\/div><\/div><\/div><img decoding=\"async\" class='wp-image-10717 avia-img-lazy-loading-not-10717 avia_image ' src=\"https:\/\/www.galerie-metzger.de\/wp-content\/uploads\/2022\/05\/Jochen-Brandt-Schale-22x68-cm-galerie-metzger-gallery-sculpture-keramik-angewandte-kunst-scaled.jpg\" alt='Jochen Brandt - Schale 22x68 cm - Detail' title='Jochen Brandt - Schale 22x68 cm - Detail'  height=\"1707\" width=\"2560\" srcset=\"https:\/\/www.galerie-metzger.de\/wp-content\/uploads\/2022\/05\/Jochen-Brandt-Schale-22x68-cm-galerie-metzger-gallery-sculpture-keramik-angewandte-kunst-scaled.jpg 2560w, https:\/\/www.galerie-metzger.de\/wp-content\/uploads\/2022\/05\/Jochen-Brandt-Schale-22x68-cm-galerie-metzger-gallery-sculpture-keramik-angewandte-kunst-690x460.jpg 690w, https:\/\/www.galerie-metzger.de\/wp-content\/uploads\/2022\/05\/Jochen-Brandt-Schale-22x68-cm-galerie-metzger-gallery-sculpture-keramik-angewandte-kunst-1090x727.jpg 1090w, https:\/\/www.galerie-metzger.de\/wp-content\/uploads\/2022\/05\/Jochen-Brandt-Schale-22x68-cm-galerie-metzger-gallery-sculpture-keramik-angewandte-kunst-1536x1024.jpg 1536w, https:\/\/www.galerie-metzger.de\/wp-content\/uploads\/2022\/05\/Jochen-Brandt-Schale-22x68-cm-galerie-metzger-gallery-sculpture-keramik-angewandte-kunst-2048x1365.jpg 2048w, https:\/\/www.galerie-metzger.de\/wp-content\/uploads\/2022\/05\/Jochen-Brandt-Schale-22x68-cm-galerie-metzger-gallery-sculpture-keramik-angewandte-kunst-1500x1000.jpg 1500w, https:\/\/www.galerie-metzger.de\/wp-content\/uploads\/2022\/05\/Jochen-Brandt-Schale-22x68-cm-galerie-metzger-gallery-sculpture-keramik-angewandte-kunst-705x470.jpg 705w, https:\/\/www.galerie-metzger.de\/wp-content\/uploads\/2022\/05\/Jochen-Brandt-Schale-22x68-cm-galerie-metzger-gallery-sculpture-keramik-angewandte-kunst-400x267.jpg 400w, https:\/\/www.galerie-metzger.de\/wp-content\/uploads\/2022\/05\/Jochen-Brandt-Schale-22x68-cm-galerie-metzger-gallery-sculpture-keramik-angewandte-kunst-1030x687.jpg 1030w\" sizes=\"(max-width: 2560px) 100vw, 2560px\" \/><\/a><\/div><\/div><\/div><br \/>\n<section  class='av_textblock_section av-l37mtd2n-009857305bdf66e3b4dee553761f4906' ><div class='avia_textblock jo_werk_anfrage' ><p><a class=\"anfrage\" href=\"mailto:info@galerie-metzger.de?subject=Jochen%20Brandt%20Schale%202002\">Anfrage zum Werk<\/a><\/p>\n<\/div><\/section><\/p><\/div><div class='av-flex-placeholder'><\/div>\n<style type=\"text\/css\" data-created_by=\"avia_inline_auto\" id=\"style-css-av-3t45tlb-eb50c92c62008bd0d518cbc23bbf5a77\">\n.flex_column.av-3t45tlb-eb50c92c62008bd0d518cbc23bbf5a77{\n-webkit-border-radius:0px 0px 0px 0px;\n-moz-border-radius:0px 0px 0px 0px;\nborder-radius:0px 0px 0px 0px;\n}\n<\/style>\n<div class='flex_column av-3t45tlb-eb50c92c62008bd0d518cbc23bbf5a77 av_one_third  avia-builder-el-6  el_after_av_two_third  el_before_av_one_full  jo_col_empty flex_column_table_cell av-equal-height-column av-align-top av-animated-generic fade-in av-zero-column-padding column-top-margin'     ><section  class='av_textblock_section av-3r6qgqn-4b451bfa416f4a1ae86133c980a69ed1' ><div class='avia_textblock' ><p>invisible placeholder<\/p>\n<\/div><\/section><\/div><\/div><!--close column table wrapper. Autoclose: 1 -->\n<style type=\"text\/css\" data-created_by=\"avia_inline_auto\" id=\"style-css-av-3pf4ar3-4bdbea76ca70bdbe62768a21f7b6dbee\">\n.flex_column.av-3pf4ar3-4bdbea76ca70bdbe62768a21f7b6dbee{\n-webkit-border-radius:0px 0px 0px 0px;\n-moz-border-radius:0px 0px 0px 0px;\nborder-radius:0px 0px 0px 0px;\n}\n<\/style>\n<div class='flex_column av-3pf4ar3-4bdbea76ca70bdbe62768a21f7b6dbee av_one_full  avia-builder-el-8  el_after_av_one_third  el_before_av_one_full  jo_col_head first no_margin flex_column_div av-animated-generic fade-in av-zero-column-padding column-top-margin'     ><p><section  class='av_textblock_section av-wtzzsqg-1742345b74ee9a53df3d73e0a5341889' ><div class='avia_textblock event_date' ><p>26.06.2022 \u2013 17.07.2022<\/p>\n<\/div><\/section><br \/>\n\n<style type=\"text\/css\" data-created_by=\"avia_inline_auto\" id=\"style-css-av-l2w8vgr2-99e56e3826556192f638ae9d94ecc6cf\">\n#top .av-special-heading.av-l2w8vgr2-99e56e3826556192f638ae9d94ecc6cf{\npadding-bottom:0px;\n}\nbody .av-special-heading.av-l2w8vgr2-99e56e3826556192f638ae9d94ecc6cf .av-special-heading-tag .heading-char{\nfont-size:25px;\n}\n.av-special-heading.av-l2w8vgr2-99e56e3826556192f638ae9d94ecc6cf .av-subheading{\nfont-size:15px;\n}\n<\/style>\n<div  class='av-special-heading av-l2w8vgr2-99e56e3826556192f638ae9d94ecc6cf av-special-heading-h1 blockquote modern-quote  avia-builder-el-10  el_after_av_textblock  el_before_av_textblock  jo_special_heading portfo two'><h1 class='av-special-heading-tag'  >GEERDET<\/h1><div class='av-subheading av-subheading_below'><p>Kerstin Abraham \u00b7 Jochen Brandt \u00b7 Andr\u00e9s Enr\u00edquez \u00b7 Margaret Curtis \u00b7 Hans Fischer \u00b7 Maria Fischer \u00b7 Helga Kanak \u00b7 Erik Hilber \u00b7 Sebastian Pertl \u00b7 Milan Peters \u00b7 Elke Sada \u00b7 Sebastian Scheid \u00b7 Iris Sch\u00f6ne \u00b7 Nawon Song \u00b7 Katharina Weber<\/p>\n<\/div><div class=\"special-heading-border\"><div class=\"special-heading-inner-border\"><\/div><\/div><\/div><br \/>\n<section  class='av_textblock_section av-l2w8xe5s-aef14579a89fb3ec338aac8d3a1fecd2' ><div class='avia_textblock' ><p>Er\u00f6ffnung am Sonntag, dem 26.6.2022, die Galerie ist von 11 \u2013 17 Uhr ge\u00f6ffnet.<\/p>\n<p>Die Ausstellung ist ge\u00f6ffnet<\/p>\n<p>\u2022 Mittwoch 14:30 \u2013 19:00 Uhr<br \/>\n\u2022 Samstag 14:30 \u2013 18:00 Uhr<br \/>\n\u2022 Sonntag 11:00 \u2013 17:00 Uhr<\/p>\n<p>und nach telefonischer Vereinbarung<\/p>\n<\/div><\/section><\/p><\/div><div class='flex_column_table av-1fsv4cv-776665db12b91e1a6b848d10d962f990 sc-av_one_full av-equal-height-column-flextable'>\n<style type=\"text\/css\" data-created_by=\"avia_inline_auto\" id=\"style-css-av-1fsv4cv-776665db12b91e1a6b848d10d962f990\">\n.flex_column.av-1fsv4cv-776665db12b91e1a6b848d10d962f990{\n-webkit-border-radius:0px 0px 0px 0px;\n-moz-border-radius:0px 0px 0px 0px;\nborder-radius:0px 0px 0px 0px;\n}\n<\/style>\n<div class='flex_column av-1fsv4cv-776665db12b91e1a6b848d10d962f990 av_one_full  avia-builder-el-12  el_after_av_one_full  el_before_av_one_full  first flex_column_table_cell av-equal-height-column av-align-top av-animated-generic fade-in av-zero-column-padding column-top-margin'     ><section  class='av_textblock_section av-w1j8ibc-6a4d7b3fe57a86ca308d292d7ec59432' ><div class='avia_textblock' ><p>Bitte denken Sie daran, aus Richtung Aschaffenburg \u00fcber Steinbach zu fahren. Alle anderen Anfahrtsm\u00f6glichkeiten sind offen.<\/p>\n<\/div><\/section><\/div><\/div><!--close column table wrapper. Autoclose: 1 --><div class='flex_column_table av-9vkfk1k-04584988030b621fef4fa041c5bc012d sc-av_one_full av-equal-height-column-flextable'>\n<style type=\"text\/css\" data-created_by=\"avia_inline_auto\" id=\"style-css-av-9vkfk1k-04584988030b621fef4fa041c5bc012d\">\n.flex_column.av-9vkfk1k-04584988030b621fef4fa041c5bc012d{\n-webkit-border-radius:0px 0px 0px 0px;\n-moz-border-radius:0px 0px 0px 0px;\nborder-radius:0px 0px 0px 0px;\n}\n<\/style>\n<div class='flex_column av-9vkfk1k-04584988030b621fef4fa041c5bc012d av_one_full  avia-builder-el-14  el_after_av_one_full  el_before_av_one_full  first flex_column_table_cell av-equal-height-column av-align-top av-animated-generic fade-in av-zero-column-padding column-top-margin'     ><section  class='av_textblock_section av-9fgycyg-ed1ace75c6dc0a86d76e8171dc801195' ><div class='avia_textblock' ><p><strong>GEERDET<\/strong> &#8211; auf diesem Untergrund pr\u00e4sentiert die neue Ausstellung Keramiken f\u00fcrs t\u00e4gliche Leben und plastische Arbeiten.<\/p>\n<\/div><\/section><\/div><\/div><!--close column table wrapper. Autoclose: 1 --><div class='flex_column_table av-3k6a13j-db3de789ed2db17bcac0008e2b9b3444 sc-av_one_full av-equal-height-column-flextable'>\n<style type=\"text\/css\" data-created_by=\"avia_inline_auto\" id=\"style-css-av-3k6a13j-db3de789ed2db17bcac0008e2b9b3444\">\n.flex_column.av-3k6a13j-db3de789ed2db17bcac0008e2b9b3444{\n-webkit-border-radius:0px 0px 0px 0px;\n-moz-border-radius:0px 0px 0px 0px;\nborder-radius:0px 0px 0px 0px;\n}\n<\/style>\n<div class='flex_column av-3k6a13j-db3de789ed2db17bcac0008e2b9b3444 av_one_full  avia-builder-el-16  el_after_av_one_full  el_before_av_one_half  jo_col_empty first flex_column_table_cell av-equal-height-column av-align-top av-animated-generic fade-in av-zero-column-padding column-top-margin'     ><section  class='av_textblock_section av-3jak9pb-28f9708a6bfe36df85bb9953da767bc1' ><div class='avia_textblock' ><p>invisible placeholder<\/p>\n<\/div><\/section><\/div><\/div><!--close column table wrapper. Autoclose: 1 --><div class='flex_column_table av-8yz4m6w-ef07caae0366c9a0df031edac37e1148 sc-av_one_half av-equal-height-column-flextable'>\n<style type=\"text\/css\" data-created_by=\"avia_inline_auto\" id=\"style-css-av-8yz4m6w-ef07caae0366c9a0df031edac37e1148\">\n.flex_column.av-8yz4m6w-ef07caae0366c9a0df031edac37e1148{\n-webkit-border-radius:0px 0px 0px 0px;\n-moz-border-radius:0px 0px 0px 0px;\nborder-radius:0px 0px 0px 0px;\n}\n<\/style>\n<div class='flex_column av-8yz4m6w-ef07caae0366c9a0df031edac37e1148 av_one_half  avia-builder-el-18  el_after_av_one_full  el_before_av_one_half  jo_pf_bild_bg first flex_column_table_cell av-equal-height-column av-align-top av-animated-generic fade-in av-zero-column-padding column-top-margin'     ><style type=\"text\/css\" data-created_by=\"avia_inline_auto\" id=\"style-css-av-l4tt8qtv-3dff5c3028c834bf6c4a5480d7ea1ab3\">\n.avia-image-container.av-l4tt8qtv-3dff5c3028c834bf6c4a5480d7ea1ab3 img.avia_image{\nbox-shadow:none;\n}\n.avia-image-container.av-l4tt8qtv-3dff5c3028c834bf6c4a5480d7ea1ab3 .av-caption-image-overlay-bg{\nopacity:0.4;\n}\n<\/style>\n<div  class='avia-image-container av-l4tt8qtv-3dff5c3028c834bf6c4a5480d7ea1ab3 av-styling-no-styling avia_animated_image av-animated-when-visible-95 fade-in avia-align-left  avia-builder-el-19  avia-builder-el-no-sibling  jo_pf_bild noHover av-overlay-hover-deactivate'  ><div class=\"avia-image-container-inner\"><div class=\"avia-image-overlay-wrap\"><a href=\"https:\/\/www.galerie-metzger.de\/wp-content\/uploads\/2022\/06\/GEERDET-Blick-in-die-Ausstellung-galerie-metzger-gallery-keramikkunst-1090x727.jpg\" data-srcset=\"https:\/\/www.galerie-metzger.de\/wp-content\/uploads\/2022\/06\/GEERDET-Blick-in-die-Ausstellung-galerie-metzger-gallery-keramikkunst-1090x727.jpg 1090w, https:\/\/www.galerie-metzger.de\/wp-content\/uploads\/2022\/06\/GEERDET-Blick-in-die-Ausstellung-galerie-metzger-gallery-keramikkunst-690x460.jpg 690w, https:\/\/www.galerie-metzger.de\/wp-content\/uploads\/2022\/06\/GEERDET-Blick-in-die-Ausstellung-galerie-metzger-gallery-keramikkunst-1536x1024.jpg 1536w, https:\/\/www.galerie-metzger.de\/wp-content\/uploads\/2022\/06\/GEERDET-Blick-in-die-Ausstellung-galerie-metzger-gallery-keramikkunst-2048x1365.jpg 2048w, https:\/\/www.galerie-metzger.de\/wp-content\/uploads\/2022\/06\/GEERDET-Blick-in-die-Ausstellung-galerie-metzger-gallery-keramikkunst-1500x1000.jpg 1500w, https:\/\/www.galerie-metzger.de\/wp-content\/uploads\/2022\/06\/GEERDET-Blick-in-die-Ausstellung-galerie-metzger-gallery-keramikkunst-705x470.jpg 705w, https:\/\/www.galerie-metzger.de\/wp-content\/uploads\/2022\/06\/GEERDET-Blick-in-die-Ausstellung-galerie-metzger-gallery-keramikkunst-400x267.jpg 400w, https:\/\/www.galerie-metzger.de\/wp-content\/uploads\/2022\/06\/GEERDET-Blick-in-die-Ausstellung-galerie-metzger-gallery-keramikkunst-1030x687.jpg 1030w\" data-sizes=\"(max-width: 1030px) 100vw, 1030px\" class='avia_image' ><div class=\"av-image-caption-overlay\"><div class=\"av-caption-image-overlay-bg\"><\/div><div class=\"av-image-caption-overlay-position\"><div class=\"av-image-caption-overlay-center\"><p>GEERDET \u2013\u00a0Blick in die Ausstellung \u2013, Foto: Edi Baumann<\/p>\n<\/div><\/div><\/div><img decoding=\"async\" class='wp-image-10897 avia-img-lazy-loading-not-10897 avia_image ' src=\"https:\/\/www.galerie-metzger.de\/wp-content\/uploads\/2022\/06\/GEERDET-Blick-in-die-Ausstellung-galerie-metzger-gallery-keramikkunst-495x400.jpg\" alt='GEERDET - Blick in die Ausstellung' title='GEERDET - Blick in die Ausstellung'  height=\"400\" width=\"495\" srcset=\"https:\/\/www.galerie-metzger.de\/wp-content\/uploads\/2022\/06\/GEERDET-Blick-in-die-Ausstellung-galerie-metzger-gallery-keramikkunst-495x400.jpg 495w, https:\/\/www.galerie-metzger.de\/wp-content\/uploads\/2022\/06\/GEERDET-Blick-in-die-Ausstellung-galerie-metzger-gallery-keramikkunst-845x684.jpg 845w\" sizes=\"(max-width: 495px) 100vw, 495px\" \/><\/a><\/div><\/div><\/div><\/div><div class='av-flex-placeholder'><\/div>\n<style type=\"text\/css\" data-created_by=\"avia_inline_auto\" id=\"style-css-av-8elv5js-f400ce278b78efa3668f46d37409c21a\">\n.flex_column.av-8elv5js-f400ce278b78efa3668f46d37409c21a{\n-webkit-border-radius:0px 0px 0px 0px;\n-moz-border-radius:0px 0px 0px 0px;\nborder-radius:0px 0px 0px 0px;\n}\n<\/style>\n<div class='flex_column av-8elv5js-f400ce278b78efa3668f46d37409c21a av_one_half  avia-builder-el-20  el_after_av_one_half  el_before_av_one_full  jo_pf_bild_bg flex_column_table_cell av-equal-height-column av-align-top av-animated-generic fade-in av-zero-column-padding column-top-margin'     ><style type=\"text\/css\" data-created_by=\"avia_inline_auto\" id=\"style-css-av-l4tt9d5s-ea3e34854abbe7c61f3d6b783c7ce83d\">\n.avia-image-container.av-l4tt9d5s-ea3e34854abbe7c61f3d6b783c7ce83d img.avia_image{\nbox-shadow:none;\n}\n.avia-image-container.av-l4tt9d5s-ea3e34854abbe7c61f3d6b783c7ce83d .av-caption-image-overlay-bg{\nopacity:0.4;\n}\n<\/style>\n<div  class='avia-image-container av-l4tt9d5s-ea3e34854abbe7c61f3d6b783c7ce83d av-styling-no-styling avia_animated_image av-animated-when-visible-95 fade-in avia-align-left  avia-builder-el-21  avia-builder-el-no-sibling  jo_pf_bild noHover av-overlay-hover-deactivate'  ><div class=\"avia-image-container-inner\"><div class=\"avia-image-overlay-wrap\"><a href=\"https:\/\/www.galerie-metzger.de\/wp-content\/uploads\/2022\/06\/GEERDET-Blick-in-die-Ausstellung-galerie-metzger-gallery-ceramic-art-angewandte-kunst-contemporary-1090x727.jpg\" data-srcset=\"https:\/\/www.galerie-metzger.de\/wp-content\/uploads\/2022\/06\/GEERDET-Blick-in-die-Ausstellung-galerie-metzger-gallery-ceramic-art-angewandte-kunst-contemporary-1090x727.jpg 1090w, https:\/\/www.galerie-metzger.de\/wp-content\/uploads\/2022\/06\/GEERDET-Blick-in-die-Ausstellung-galerie-metzger-gallery-ceramic-art-angewandte-kunst-contemporary-690x460.jpg 690w, https:\/\/www.galerie-metzger.de\/wp-content\/uploads\/2022\/06\/GEERDET-Blick-in-die-Ausstellung-galerie-metzger-gallery-ceramic-art-angewandte-kunst-contemporary-1536x1024.jpg 1536w, https:\/\/www.galerie-metzger.de\/wp-content\/uploads\/2022\/06\/GEERDET-Blick-in-die-Ausstellung-galerie-metzger-gallery-ceramic-art-angewandte-kunst-contemporary-2048x1365.jpg 2048w, https:\/\/www.galerie-metzger.de\/wp-content\/uploads\/2022\/06\/GEERDET-Blick-in-die-Ausstellung-galerie-metzger-gallery-ceramic-art-angewandte-kunst-contemporary-1500x1000.jpg 1500w, https:\/\/www.galerie-metzger.de\/wp-content\/uploads\/2022\/06\/GEERDET-Blick-in-die-Ausstellung-galerie-metzger-gallery-ceramic-art-angewandte-kunst-contemporary-705x470.jpg 705w, https:\/\/www.galerie-metzger.de\/wp-content\/uploads\/2022\/06\/GEERDET-Blick-in-die-Ausstellung-galerie-metzger-gallery-ceramic-art-angewandte-kunst-contemporary-400x267.jpg 400w, https:\/\/www.galerie-metzger.de\/wp-content\/uploads\/2022\/06\/GEERDET-Blick-in-die-Ausstellung-galerie-metzger-gallery-ceramic-art-angewandte-kunst-contemporary-1030x687.jpg 1030w\" data-sizes=\"(max-width: 1030px) 100vw, 1030px\" class='avia_image' ><div class=\"av-image-caption-overlay\"><div class=\"av-caption-image-overlay-bg\"><\/div><div class=\"av-image-caption-overlay-position\"><div class=\"av-image-caption-overlay-center\"><p>GEERDET \u2013\u00a0Blick in die Ausstellung \u2013, Foto: Edi Baumann<\/p>\n<\/div><\/div><\/div><img decoding=\"async\" class='wp-image-10893 avia-img-lazy-loading-not-10893 avia_image ' src=\"https:\/\/www.galerie-metzger.de\/wp-content\/uploads\/2022\/06\/GEERDET-Blick-in-die-Ausstellung-galerie-metzger-gallery-ceramic-art-angewandte-kunst-contemporary-495x400.jpg\" alt='GEERDET - Blick in die Ausstellung' title='GEERDET - Blick in die Ausstellung'  height=\"400\" width=\"495\" srcset=\"https:\/\/www.galerie-metzger.de\/wp-content\/uploads\/2022\/06\/GEERDET-Blick-in-die-Ausstellung-galerie-metzger-gallery-ceramic-art-angewandte-kunst-contemporary-495x400.jpg 495w, https:\/\/www.galerie-metzger.de\/wp-content\/uploads\/2022\/06\/GEERDET-Blick-in-die-Ausstellung-galerie-metzger-gallery-ceramic-art-angewandte-kunst-contemporary-845x684.jpg 845w\" sizes=\"(max-width: 495px) 100vw, 495px\" \/><\/a><\/div><\/div><\/div><\/div><\/div><!--close column table wrapper. Autoclose: 1 --><div class='flex_column_table av-80jfue0-0203b793be77bbb3a2ec60fe998f8b44 sc-av_one_full av-equal-height-column-flextable'>\n<style type=\"text\/css\" data-created_by=\"avia_inline_auto\" id=\"style-css-av-80jfue0-0203b793be77bbb3a2ec60fe998f8b44\">\n.flex_column.av-80jfue0-0203b793be77bbb3a2ec60fe998f8b44{\n-webkit-border-radius:0px 0px 0px 0px;\n-moz-border-radius:0px 0px 0px 0px;\nborder-radius:0px 0px 0px 0px;\n}\n<\/style>\n<div class='flex_column av-80jfue0-0203b793be77bbb3a2ec60fe998f8b44 av_one_full  avia-builder-el-22  el_after_av_one_half  el_before_av_one_half  jo_col_empty first flex_column_table_cell av-equal-height-column av-align-top av-animated-generic fade-in av-zero-column-padding column-top-margin'     ><section  class='av_textblock_section av-7f15m60-70b1f5a806d4ae534dd23af72cae010a' ><div class='avia_textblock' ><p>invisible placeholder<\/p>\n<\/div><\/section><\/div><\/div><!--close column table wrapper. Autoclose: 1 --><div class='flex_column_table av-3he72b3-77d10f68a1c82b62a860df953d376378 sc-av_one_half av-equal-height-column-flextable'>\n<style type=\"text\/css\" data-created_by=\"avia_inline_auto\" id=\"style-css-av-3he72b3-77d10f68a1c82b62a860df953d376378\">\n.flex_column.av-3he72b3-77d10f68a1c82b62a860df953d376378{\n-webkit-border-radius:0px 0px 0px 0px;\n-moz-border-radius:0px 0px 0px 0px;\nborder-radius:0px 0px 0px 0px;\n}\n<\/style>\n<div class='flex_column av-3he72b3-77d10f68a1c82b62a860df953d376378 av_one_half  avia-builder-el-24  el_after_av_one_full  el_before_av_one_half  jo_pf_bild_bg first flex_column_table_cell av-equal-height-column av-align-top av-animated-generic fade-in av-zero-column-padding column-top-margin'     ><p>\n<style type=\"text\/css\" data-created_by=\"avia_inline_auto\" id=\"style-css-av-q0ppa3c-05bd65b968fa93195364785b361bdfa3\">\n.avia-image-container.av-q0ppa3c-05bd65b968fa93195364785b361bdfa3 img.avia_image{\nbox-shadow:none;\n}\n.avia-image-container.av-q0ppa3c-05bd65b968fa93195364785b361bdfa3 .av-caption-image-overlay-bg{\nopacity:0.4;\n}\n<\/style>\n<div  class='avia-image-container av-q0ppa3c-05bd65b968fa93195364785b361bdfa3 av-styling-no-styling avia_animated_image av-animated-when-visible-95 fade-in avia-align-left  avia-builder-el-25  el_before_av_textblock  avia-builder-el-first  jo_pf_bild noHover av-overlay-hover-deactivate'  ><div class=\"avia-image-container-inner\"><div class=\"avia-image-overlay-wrap\"><a href=\"https:\/\/www.galerie-metzger.de\/wp-content\/uploads\/2022\/05\/Kerstin-Abraham-Ivory-Tassen-galerie-metzger-gallery-contemporary-art-keramik-kunst-1090x1090.jpg\" data-srcset=\"https:\/\/www.galerie-metzger.de\/wp-content\/uploads\/2022\/05\/Kerstin-Abraham-Ivory-Tassen-galerie-metzger-gallery-contemporary-art-keramik-kunst-1090x1090.jpg 1090w, https:\/\/www.galerie-metzger.de\/wp-content\/uploads\/2022\/05\/Kerstin-Abraham-Ivory-Tassen-galerie-metzger-gallery-contemporary-art-keramik-kunst-690x690.jpg 690w, https:\/\/www.galerie-metzger.de\/wp-content\/uploads\/2022\/05\/Kerstin-Abraham-Ivory-Tassen-galerie-metzger-gallery-contemporary-art-keramik-kunst-80x80.jpg 80w, https:\/\/www.galerie-metzger.de\/wp-content\/uploads\/2022\/05\/Kerstin-Abraham-Ivory-Tassen-galerie-metzger-gallery-contemporary-art-keramik-kunst-1536x1536.jpg 1536w, https:\/\/www.galerie-metzger.de\/wp-content\/uploads\/2022\/05\/Kerstin-Abraham-Ivory-Tassen-galerie-metzger-gallery-contemporary-art-keramik-kunst-36x36.jpg 36w, https:\/\/www.galerie-metzger.de\/wp-content\/uploads\/2022\/05\/Kerstin-Abraham-Ivory-Tassen-galerie-metzger-gallery-contemporary-art-keramik-kunst-180x180.jpg 180w, https:\/\/www.galerie-metzger.de\/wp-content\/uploads\/2022\/05\/Kerstin-Abraham-Ivory-Tassen-galerie-metzger-gallery-contemporary-art-keramik-kunst-1500x1500.jpg 1500w, https:\/\/www.galerie-metzger.de\/wp-content\/uploads\/2022\/05\/Kerstin-Abraham-Ivory-Tassen-galerie-metzger-gallery-contemporary-art-keramik-kunst-705x705.jpg 705w, https:\/\/www.galerie-metzger.de\/wp-content\/uploads\/2022\/05\/Kerstin-Abraham-Ivory-Tassen-galerie-metzger-gallery-contemporary-art-keramik-kunst-400x400.jpg 400w, https:\/\/www.galerie-metzger.de\/wp-content\/uploads\/2022\/05\/Kerstin-Abraham-Ivory-Tassen-galerie-metzger-gallery-contemporary-art-keramik-kunst-1030x1030.jpg 1030w, https:\/\/www.galerie-metzger.de\/wp-content\/uploads\/2022\/05\/Kerstin-Abraham-Ivory-Tassen-galerie-metzger-gallery-contemporary-art-keramik-kunst.jpg 1786w\" data-sizes=\"(max-width: 1030px) 100vw, 1030px\" class='avia_image' ><div class=\"av-image-caption-overlay\"><div class=\"av-caption-image-overlay-bg\"><\/div><div class=\"av-image-caption-overlay-position\"><div class=\"av-image-caption-overlay-center\"><p>Kerstin Abraham \u2013\u00a0Ivory Tasse \u2013, Foto: Kerstin Abraham<\/p>\n<\/div><\/div><\/div><img decoding=\"async\" class='wp-image-10709 avia-img-lazy-loading-not-10709 avia_image ' src=\"https:\/\/www.galerie-metzger.de\/wp-content\/uploads\/2022\/05\/Kerstin-Abraham-Ivory-Tassen-galerie-metzger-gallery-contemporary-art-keramik-kunst-1090x1090.jpg\" alt='Kerstin Abraham - Ivory Tasse' title='Kerstin Abraham - Ivory Tasse'  height=\"1030\" width=\"1030\" srcset=\"https:\/\/www.galerie-metzger.de\/wp-content\/uploads\/2022\/05\/Kerstin-Abraham-Ivory-Tassen-galerie-metzger-gallery-contemporary-art-keramik-kunst-1090x1090.jpg 1090w, https:\/\/www.galerie-metzger.de\/wp-content\/uploads\/2022\/05\/Kerstin-Abraham-Ivory-Tassen-galerie-metzger-gallery-contemporary-art-keramik-kunst-690x690.jpg 690w, https:\/\/www.galerie-metzger.de\/wp-content\/uploads\/2022\/05\/Kerstin-Abraham-Ivory-Tassen-galerie-metzger-gallery-contemporary-art-keramik-kunst-80x80.jpg 80w, https:\/\/www.galerie-metzger.de\/wp-content\/uploads\/2022\/05\/Kerstin-Abraham-Ivory-Tassen-galerie-metzger-gallery-contemporary-art-keramik-kunst-1536x1536.jpg 1536w, https:\/\/www.galerie-metzger.de\/wp-content\/uploads\/2022\/05\/Kerstin-Abraham-Ivory-Tassen-galerie-metzger-gallery-contemporary-art-keramik-kunst-36x36.jpg 36w, https:\/\/www.galerie-metzger.de\/wp-content\/uploads\/2022\/05\/Kerstin-Abraham-Ivory-Tassen-galerie-metzger-gallery-contemporary-art-keramik-kunst-180x180.jpg 180w, https:\/\/www.galerie-metzger.de\/wp-content\/uploads\/2022\/05\/Kerstin-Abraham-Ivory-Tassen-galerie-metzger-gallery-contemporary-art-keramik-kunst-1500x1500.jpg 1500w, https:\/\/www.galerie-metzger.de\/wp-content\/uploads\/2022\/05\/Kerstin-Abraham-Ivory-Tassen-galerie-metzger-gallery-contemporary-art-keramik-kunst-705x705.jpg 705w, https:\/\/www.galerie-metzger.de\/wp-content\/uploads\/2022\/05\/Kerstin-Abraham-Ivory-Tassen-galerie-metzger-gallery-contemporary-art-keramik-kunst-400x400.jpg 400w, https:\/\/www.galerie-metzger.de\/wp-content\/uploads\/2022\/05\/Kerstin-Abraham-Ivory-Tassen-galerie-metzger-gallery-contemporary-art-keramik-kunst-1030x1030.jpg 1030w, https:\/\/www.galerie-metzger.de\/wp-content\/uploads\/2022\/05\/Kerstin-Abraham-Ivory-Tassen-galerie-metzger-gallery-contemporary-art-keramik-kunst.jpg 1786w\" sizes=\"(max-width: 1030px) 100vw, 1030px\" \/><\/a><\/div><\/div><\/div><br \/>\n<section  class='av_textblock_section av-pj29c54-857fb644b681de14556b6d336d9f3ca5' ><div class='avia_textblock jo_werk_anfrage' ><p><a class=\"anfrage\" href=\"mailto:info@galerie-metzger.de?subject=Kerstin%20Abraham%20Ivory%20Tasse\">Anfrage zum Werk<\/a><\/p>\n<\/div><\/section><\/p><\/div><div class='av-flex-placeholder'><\/div>\n<style type=\"text\/css\" data-created_by=\"avia_inline_auto\" id=\"style-css-av-32vt7tk-5f2a12ad57563441cc2fa4422d695b64\">\n.flex_column.av-32vt7tk-5f2a12ad57563441cc2fa4422d695b64{\n-webkit-border-radius:0px 0px 0px 0px;\n-moz-border-radius:0px 0px 0px 0px;\nborder-radius:0px 0px 0px 0px;\n}\n<\/style>\n<div class='flex_column av-32vt7tk-5f2a12ad57563441cc2fa4422d695b64 av_one_half  avia-builder-el-27  el_after_av_one_half  el_before_av_one_full  jo_pf_bild_bg flex_column_table_cell av-equal-height-column av-align-top av-animated-generic fade-in av-zero-column-padding column-top-margin'     ><p>\n<style type=\"text\/css\" data-created_by=\"avia_inline_auto\" id=\"style-css-av-l37j8av5-b70c63b1993daf98bedadd9479c104c1\">\n.avia-image-container.av-l37j8av5-b70c63b1993daf98bedadd9479c104c1 img.avia_image{\nbox-shadow:none;\n}\n.avia-image-container.av-l37j8av5-b70c63b1993daf98bedadd9479c104c1 .av-caption-image-overlay-bg{\nopacity:0.4;\n}\n<\/style>\n<div  class='avia-image-container av-l37j8av5-b70c63b1993daf98bedadd9479c104c1 av-styling-no-styling avia_animated_image av-animated-when-visible-95 fade-in avia-align-left  avia-builder-el-28  el_before_av_textblock  avia-builder-el-first  jo_pf_bild noHover av-overlay-hover-deactivate'  ><div class=\"avia-image-container-inner\"><div class=\"avia-image-overlay-wrap\"><a href=\"https:\/\/www.galerie-metzger.de\/wp-content\/uploads\/2022\/05\/Kerstin-Abraham-Ivory-Tassen-galerie-metzger-gallery-contemporary-art-angewandte-kunst-1090x1090.jpg\" data-srcset=\"https:\/\/www.galerie-metzger.de\/wp-content\/uploads\/2022\/05\/Kerstin-Abraham-Ivory-Tassen-galerie-metzger-gallery-contemporary-art-angewandte-kunst-1090x1090.jpg 1090w, https:\/\/www.galerie-metzger.de\/wp-content\/uploads\/2022\/05\/Kerstin-Abraham-Ivory-Tassen-galerie-metzger-gallery-contemporary-art-angewandte-kunst-690x690.jpg 690w, https:\/\/www.galerie-metzger.de\/wp-content\/uploads\/2022\/05\/Kerstin-Abraham-Ivory-Tassen-galerie-metzger-gallery-contemporary-art-angewandte-kunst-80x80.jpg 80w, https:\/\/www.galerie-metzger.de\/wp-content\/uploads\/2022\/05\/Kerstin-Abraham-Ivory-Tassen-galerie-metzger-gallery-contemporary-art-angewandte-kunst-1536x1536.jpg 1536w, https:\/\/www.galerie-metzger.de\/wp-content\/uploads\/2022\/05\/Kerstin-Abraham-Ivory-Tassen-galerie-metzger-gallery-contemporary-art-angewandte-kunst-2048x2048.jpg 2048w, https:\/\/www.galerie-metzger.de\/wp-content\/uploads\/2022\/05\/Kerstin-Abraham-Ivory-Tassen-galerie-metzger-gallery-contemporary-art-angewandte-kunst-36x36.jpg 36w, https:\/\/www.galerie-metzger.de\/wp-content\/uploads\/2022\/05\/Kerstin-Abraham-Ivory-Tassen-galerie-metzger-gallery-contemporary-art-angewandte-kunst-180x180.jpg 180w, https:\/\/www.galerie-metzger.de\/wp-content\/uploads\/2022\/05\/Kerstin-Abraham-Ivory-Tassen-galerie-metzger-gallery-contemporary-art-angewandte-kunst-1500x1500.jpg 1500w, https:\/\/www.galerie-metzger.de\/wp-content\/uploads\/2022\/05\/Kerstin-Abraham-Ivory-Tassen-galerie-metzger-gallery-contemporary-art-angewandte-kunst-705x705.jpg 705w, https:\/\/www.galerie-metzger.de\/wp-content\/uploads\/2022\/05\/Kerstin-Abraham-Ivory-Tassen-galerie-metzger-gallery-contemporary-art-angewandte-kunst-400x400.jpg 400w, https:\/\/www.galerie-metzger.de\/wp-content\/uploads\/2022\/05\/Kerstin-Abraham-Ivory-Tassen-galerie-metzger-gallery-contemporary-art-angewandte-kunst-1030x1030.jpg 1030w\" data-sizes=\"(max-width: 1030px) 100vw, 1030px\" class='avia_image' ><div class=\"av-image-caption-overlay\"><div class=\"av-caption-image-overlay-bg\"><\/div><div class=\"av-image-caption-overlay-position\"><div class=\"av-image-caption-overlay-center\"><p>Kerstin Abraham \u2013\u00a0Ivory Tassen \u2013, Foto: Kerstin Abraham<\/p>\n<\/div><\/div><\/div><img decoding=\"async\" class='wp-image-10707 avia-img-lazy-loading-not-10707 avia_image ' src=\"https:\/\/www.galerie-metzger.de\/wp-content\/uploads\/2022\/05\/Kerstin-Abraham-Ivory-Tassen-galerie-metzger-gallery-contemporary-art-angewandte-kunst-1090x1090.jpg\" alt='Kerstin Abraham - Ivory Tassen' title='Kerstin Abraham - Ivory Tassen'  height=\"1030\" width=\"1030\" srcset=\"https:\/\/www.galerie-metzger.de\/wp-content\/uploads\/2022\/05\/Kerstin-Abraham-Ivory-Tassen-galerie-metzger-gallery-contemporary-art-angewandte-kunst-1090x1090.jpg 1090w, https:\/\/www.galerie-metzger.de\/wp-content\/uploads\/2022\/05\/Kerstin-Abraham-Ivory-Tassen-galerie-metzger-gallery-contemporary-art-angewandte-kunst-690x690.jpg 690w, https:\/\/www.galerie-metzger.de\/wp-content\/uploads\/2022\/05\/Kerstin-Abraham-Ivory-Tassen-galerie-metzger-gallery-contemporary-art-angewandte-kunst-80x80.jpg 80w, https:\/\/www.galerie-metzger.de\/wp-content\/uploads\/2022\/05\/Kerstin-Abraham-Ivory-Tassen-galerie-metzger-gallery-contemporary-art-angewandte-kunst-1536x1536.jpg 1536w, https:\/\/www.galerie-metzger.de\/wp-content\/uploads\/2022\/05\/Kerstin-Abraham-Ivory-Tassen-galerie-metzger-gallery-contemporary-art-angewandte-kunst-2048x2048.jpg 2048w, https:\/\/www.galerie-metzger.de\/wp-content\/uploads\/2022\/05\/Kerstin-Abraham-Ivory-Tassen-galerie-metzger-gallery-contemporary-art-angewandte-kunst-36x36.jpg 36w, https:\/\/www.galerie-metzger.de\/wp-content\/uploads\/2022\/05\/Kerstin-Abraham-Ivory-Tassen-galerie-metzger-gallery-contemporary-art-angewandte-kunst-180x180.jpg 180w, https:\/\/www.galerie-metzger.de\/wp-content\/uploads\/2022\/05\/Kerstin-Abraham-Ivory-Tassen-galerie-metzger-gallery-contemporary-art-angewandte-kunst-1500x1500.jpg 1500w, https:\/\/www.galerie-metzger.de\/wp-content\/uploads\/2022\/05\/Kerstin-Abraham-Ivory-Tassen-galerie-metzger-gallery-contemporary-art-angewandte-kunst-705x705.jpg 705w, https:\/\/www.galerie-metzger.de\/wp-content\/uploads\/2022\/05\/Kerstin-Abraham-Ivory-Tassen-galerie-metzger-gallery-contemporary-art-angewandte-kunst-400x400.jpg 400w, https:\/\/www.galerie-metzger.de\/wp-content\/uploads\/2022\/05\/Kerstin-Abraham-Ivory-Tassen-galerie-metzger-gallery-contemporary-art-angewandte-kunst-1030x1030.jpg 1030w\" sizes=\"(max-width: 1030px) 100vw, 1030px\" \/><\/a><\/div><\/div><\/div><br \/>\n<section  class='av_textblock_section av-2jr2z88-440666b41bb089db4d0ed73a949d18da' ><div class='avia_textblock jo_werk_anfrage' ><p><a class=\"anfrage\" href=\"mailto:info@galerie-metzger.de?subject=Kerstin%20Abraham%20Ivory%20Tasse\">Anfrage zum Werk<\/a><\/p>\n<\/div><\/section><\/p><\/div><\/div><!--close column table wrapper. Autoclose: 1 --><div class='flex_column_table av-6j4bla0-de60ae235714df32d50f0deb96bd42cb sc-av_one_full av-equal-height-column-flextable'>\n<style type=\"text\/css\" data-created_by=\"avia_inline_auto\" id=\"style-css-av-6j4bla0-de60ae235714df32d50f0deb96bd42cb\">\n.flex_column.av-6j4bla0-de60ae235714df32d50f0deb96bd42cb{\n-webkit-border-radius:0px 0px 0px 0px;\n-moz-border-radius:0px 0px 0px 0px;\nborder-radius:0px 0px 0px 0px;\n}\n<\/style>\n<div class='flex_column av-6j4bla0-de60ae235714df32d50f0deb96bd42cb av_one_full  avia-builder-el-30  el_after_av_one_half  el_before_av_one_half  jo_col_empty first flex_column_table_cell av-equal-height-column av-align-top av-animated-generic fade-in av-zero-column-padding column-top-margin'     ><section  class='av_textblock_section av-691fw2g-b916210a142a6cada80a00776b53cb06' ><div class='avia_textblock' ><p>invisible placeholder<\/p>\n<\/div><\/section><\/div><\/div><!--close column table wrapper. Autoclose: 1 --><div class='flex_column_table av-205olp4-95ca43cedf20f4935d221bdbe66f34ce sc-av_one_half av-equal-height-column-flextable'>\n<style type=\"text\/css\" data-created_by=\"avia_inline_auto\" id=\"style-css-av-205olp4-95ca43cedf20f4935d221bdbe66f34ce\">\n.flex_column.av-205olp4-95ca43cedf20f4935d221bdbe66f34ce{\n-webkit-border-radius:0px 0px 0px 0px;\n-moz-border-radius:0px 0px 0px 0px;\nborder-radius:0px 0px 0px 0px;\n}\n<\/style>\n<div class='flex_column av-205olp4-95ca43cedf20f4935d221bdbe66f34ce av_one_half  avia-builder-el-32  el_after_av_one_full  el_before_av_one_half  first flex_column_table_cell av-equal-height-column av-align-top av-animated-generic fade-in av-zero-column-padding column-top-margin'     ><section  class='av_textblock_section av-l2xhleoj-025a1102a84360475b9be5ac33291510' ><div class='avia_textblock' ><p>Die Ivory-Glasuren , die auf gedruckten Dekoren der Porzellanen der fr\u00fchen 50ger Jahre liegen, sind ein guter Malgrund. Manchmal bilden meine Zeichnungen dunkle H\u00f6fe aus, wenn das Eisen in meiner Farbe vom Eisen in den Industrieglasuren herausgefordert wird &#8211; manchmal nicht. Die Striche legen sich in den Innenraum der Tassen, es gibt nichts Gerades mehr, nur mehr oder weniger Krummes&#8230;<\/p>\n<p><em> Kerstin Abraham, Mai 2022 <\/em><\/p>\n<\/div><\/section><\/div><div class='av-flex-placeholder'><\/div>\n<style type=\"text\/css\" data-created_by=\"avia_inline_auto\" id=\"style-css-av-271ycyg-1971a92942d17a010d66797a7fb46298\">\n.flex_column.av-271ycyg-1971a92942d17a010d66797a7fb46298{\n-webkit-border-radius:0px 0px 0px 0px;\n-moz-border-radius:0px 0px 0px 0px;\nborder-radius:0px 0px 0px 0px;\n}\n<\/style>\n<div class='flex_column av-271ycyg-1971a92942d17a010d66797a7fb46298 av_one_half  avia-builder-el-34  el_after_av_one_half  el_before_av_one_full  jo_pf_bild_bg flex_column_table_cell av-equal-height-column av-align-top av-animated-generic fade-in av-zero-column-padding column-top-margin'     ><p>\n<style type=\"text\/css\" data-created_by=\"avia_inline_auto\" id=\"style-css-av-l37j8mo9-e4a16f5d0e34f378c11fed9bbacb706a\">\n.avia-image-container.av-l37j8mo9-e4a16f5d0e34f378c11fed9bbacb706a img.avia_image{\nbox-shadow:none;\n}\n.avia-image-container.av-l37j8mo9-e4a16f5d0e34f378c11fed9bbacb706a .av-caption-image-overlay-bg{\nopacity:0.4;\n}\n<\/style>\n<div  class='avia-image-container av-l37j8mo9-e4a16f5d0e34f378c11fed9bbacb706a av-styling-no-styling avia_animated_image av-animated-when-visible-95 fade-in avia-align-left  avia-builder-el-35  el_before_av_textblock  avia-builder-el-first  jo_pf_bild noHover av-overlay-hover-deactivate'  ><div class=\"avia-image-container-inner\"><div class=\"avia-image-overlay-wrap\"><a href=\"https:\/\/www.galerie-metzger.de\/wp-content\/uploads\/2022\/05\/Kerstin-Abraham-Ivory-Tassen-galerie-metzger-gallery-contemporary-art-angewandte-kunst-ceramic-1090x1090.jpg\" data-srcset=\"https:\/\/www.galerie-metzger.de\/wp-content\/uploads\/2022\/05\/Kerstin-Abraham-Ivory-Tassen-galerie-metzger-gallery-contemporary-art-angewandte-kunst-ceramic-1090x1090.jpg 1090w, https:\/\/www.galerie-metzger.de\/wp-content\/uploads\/2022\/05\/Kerstin-Abraham-Ivory-Tassen-galerie-metzger-gallery-contemporary-art-angewandte-kunst-ceramic-690x690.jpg 690w, https:\/\/www.galerie-metzger.de\/wp-content\/uploads\/2022\/05\/Kerstin-Abraham-Ivory-Tassen-galerie-metzger-gallery-contemporary-art-angewandte-kunst-ceramic-80x80.jpg 80w, https:\/\/www.galerie-metzger.de\/wp-content\/uploads\/2022\/05\/Kerstin-Abraham-Ivory-Tassen-galerie-metzger-gallery-contemporary-art-angewandte-kunst-ceramic-1536x1536.jpg 1536w, https:\/\/www.galerie-metzger.de\/wp-content\/uploads\/2022\/05\/Kerstin-Abraham-Ivory-Tassen-galerie-metzger-gallery-contemporary-art-angewandte-kunst-ceramic-36x36.jpg 36w, https:\/\/www.galerie-metzger.de\/wp-content\/uploads\/2022\/05\/Kerstin-Abraham-Ivory-Tassen-galerie-metzger-gallery-contemporary-art-angewandte-kunst-ceramic-180x180.jpg 180w, https:\/\/www.galerie-metzger.de\/wp-content\/uploads\/2022\/05\/Kerstin-Abraham-Ivory-Tassen-galerie-metzger-gallery-contemporary-art-angewandte-kunst-ceramic-1500x1500.jpg 1500w, https:\/\/www.galerie-metzger.de\/wp-content\/uploads\/2022\/05\/Kerstin-Abraham-Ivory-Tassen-galerie-metzger-gallery-contemporary-art-angewandte-kunst-ceramic-705x705.jpg 705w, https:\/\/www.galerie-metzger.de\/wp-content\/uploads\/2022\/05\/Kerstin-Abraham-Ivory-Tassen-galerie-metzger-gallery-contemporary-art-angewandte-kunst-ceramic-400x400.jpg 400w, https:\/\/www.galerie-metzger.de\/wp-content\/uploads\/2022\/05\/Kerstin-Abraham-Ivory-Tassen-galerie-metzger-gallery-contemporary-art-angewandte-kunst-ceramic-1030x1030.jpg 1030w, https:\/\/www.galerie-metzger.de\/wp-content\/uploads\/2022\/05\/Kerstin-Abraham-Ivory-Tassen-galerie-metzger-gallery-contemporary-art-angewandte-kunst-ceramic.jpg 1857w\" data-sizes=\"(max-width: 1030px) 100vw, 1030px\" class='avia_image' ><div class=\"av-image-caption-overlay\"><div class=\"av-caption-image-overlay-bg\"><\/div><div class=\"av-image-caption-overlay-position\"><div class=\"av-image-caption-overlay-center\"><p>Kerstin Abraham \u2013\u00a0Ivory Tasse \u2013, Foto: Kerstin Abraham<\/p>\n<\/div><\/div><\/div><img decoding=\"async\" class='wp-image-10705 avia-img-lazy-loading-not-10705 avia_image ' src=\"https:\/\/www.galerie-metzger.de\/wp-content\/uploads\/2022\/05\/Kerstin-Abraham-Ivory-Tassen-galerie-metzger-gallery-contemporary-art-angewandte-kunst-ceramic-1090x1090.jpg\" alt='Kerstin Abraham - Ivory Tassen' title='Kerstin Abraham - Ivory Tasse'  height=\"1030\" width=\"1030\" srcset=\"https:\/\/www.galerie-metzger.de\/wp-content\/uploads\/2022\/05\/Kerstin-Abraham-Ivory-Tassen-galerie-metzger-gallery-contemporary-art-angewandte-kunst-ceramic-1090x1090.jpg 1090w, https:\/\/www.galerie-metzger.de\/wp-content\/uploads\/2022\/05\/Kerstin-Abraham-Ivory-Tassen-galerie-metzger-gallery-contemporary-art-angewandte-kunst-ceramic-690x690.jpg 690w, https:\/\/www.galerie-metzger.de\/wp-content\/uploads\/2022\/05\/Kerstin-Abraham-Ivory-Tassen-galerie-metzger-gallery-contemporary-art-angewandte-kunst-ceramic-80x80.jpg 80w, https:\/\/www.galerie-metzger.de\/wp-content\/uploads\/2022\/05\/Kerstin-Abraham-Ivory-Tassen-galerie-metzger-gallery-contemporary-art-angewandte-kunst-ceramic-1536x1536.jpg 1536w, https:\/\/www.galerie-metzger.de\/wp-content\/uploads\/2022\/05\/Kerstin-Abraham-Ivory-Tassen-galerie-metzger-gallery-contemporary-art-angewandte-kunst-ceramic-36x36.jpg 36w, https:\/\/www.galerie-metzger.de\/wp-content\/uploads\/2022\/05\/Kerstin-Abraham-Ivory-Tassen-galerie-metzger-gallery-contemporary-art-angewandte-kunst-ceramic-180x180.jpg 180w, https:\/\/www.galerie-metzger.de\/wp-content\/uploads\/2022\/05\/Kerstin-Abraham-Ivory-Tassen-galerie-metzger-gallery-contemporary-art-angewandte-kunst-ceramic-1500x1500.jpg 1500w, https:\/\/www.galerie-metzger.de\/wp-content\/uploads\/2022\/05\/Kerstin-Abraham-Ivory-Tassen-galerie-metzger-gallery-contemporary-art-angewandte-kunst-ceramic-705x705.jpg 705w, https:\/\/www.galerie-metzger.de\/wp-content\/uploads\/2022\/05\/Kerstin-Abraham-Ivory-Tassen-galerie-metzger-gallery-contemporary-art-angewandte-kunst-ceramic-400x400.jpg 400w, https:\/\/www.galerie-metzger.de\/wp-content\/uploads\/2022\/05\/Kerstin-Abraham-Ivory-Tassen-galerie-metzger-gallery-contemporary-art-angewandte-kunst-ceramic-1030x1030.jpg 1030w, https:\/\/www.galerie-metzger.de\/wp-content\/uploads\/2022\/05\/Kerstin-Abraham-Ivory-Tassen-galerie-metzger-gallery-contemporary-art-angewandte-kunst-ceramic.jpg 1857w\" sizes=\"(max-width: 1030px) 100vw, 1030px\" \/><\/a><\/div><\/div><\/div><br \/>\n<section  class='av_textblock_section av-1oc88t4-150ba88085d2b04836bf00473ad40841' ><div class='avia_textblock jo_werk_anfrage' ><p><a class=\"anfrage\" href=\"mailto:info@galerie-metzger.de?subject=Kerstin%20Abraham%20Ivory%20Tasse\">Anfrage zum Werk<\/a><\/p>\n<\/div><\/section><\/p><\/div><\/div><!--close column table wrapper. Autoclose: 1 --><div class='flex_column_table av-3k6a13j-22-bdc1463344ee3cbc44bb93638f871323 sc-av_one_full av-equal-height-column-flextable'>\n<style type=\"text\/css\" data-created_by=\"avia_inline_auto\" id=\"style-css-av-3k6a13j-22-bdc1463344ee3cbc44bb93638f871323\">\n.flex_column.av-3k6a13j-22-bdc1463344ee3cbc44bb93638f871323{\n-webkit-border-radius:0px 0px 0px 0px;\n-moz-border-radius:0px 0px 0px 0px;\nborder-radius:0px 0px 0px 0px;\n}\n<\/style>\n<div class='flex_column av-3k6a13j-22-bdc1463344ee3cbc44bb93638f871323 av_one_full  avia-builder-el-37  el_after_av_one_half  el_before_av_one_half  jo_col_empty first flex_column_table_cell av-equal-height-column av-align-top av-animated-generic fade-in av-zero-column-padding column-top-margin'     ><section  class='av_textblock_section av-3jak9pb-21-7679e8f9d43736fa71946e4113d412d3' ><div class='avia_textblock' ><p>invisible placeholder<\/p>\n<\/div><\/section><\/div><\/div><!--close column table wrapper. Autoclose: 1 -->\n<style type=\"text\/css\" data-created_by=\"avia_inline_auto\" id=\"style-css-av-1qlfrq0-3e2f61d59e085054717fc24e60089965\">\n.flex_column.av-1qlfrq0-3e2f61d59e085054717fc24e60089965{\n-webkit-border-radius:0px 0px 0px 0px;\n-moz-border-radius:0px 0px 0px 0px;\nborder-radius:0px 0px 0px 0px;\n}\n<\/style>\n<div class='flex_column av-1qlfrq0-3e2f61d59e085054717fc24e60089965 av_one_half  avia-builder-el-39  el_after_av_one_full  el_before_av_one_half  jo_pf_bild_bg start first flex_column_div av-animated-generic fade-in av-zero-column-padding column-top-margin'     ><p>\n<style type=\"text\/css\" data-created_by=\"avia_inline_auto\" id=\"style-css-av-3spcoo-99e95218af0fca2b4c23a6250fd0e689\">\n.avia-image-container.av-3spcoo-99e95218af0fca2b4c23a6250fd0e689 img.avia_image{\nbox-shadow:none;\n}\n.avia-image-container.av-3spcoo-99e95218af0fca2b4c23a6250fd0e689 .av-caption-image-overlay-bg{\nopacity:0.4;\n}\n<\/style>\n<div  class='avia-image-container av-3spcoo-99e95218af0fca2b4c23a6250fd0e689 av-styling-no-styling avia_animated_image av-animated-when-visible-95 fade-in avia-align-left  avia-builder-el-40  el_before_av_textblock  avia-builder-el-first  jo_pf_bild noHover av-overlay-hover-deactivate'  ><div class=\"avia-image-container-inner\"><div class=\"avia-image-overlay-wrap\"><a href=\"https:\/\/www.galerie-metzger.de\/wp-content\/uploads\/2022\/05\/Jochen-Brandt-Schale-22x68-cm-galerie-metzger-gallery-kaufen-skulptur-1090x727.jpg\" data-srcset=\"https:\/\/www.galerie-metzger.de\/wp-content\/uploads\/2022\/05\/Jochen-Brandt-Schale-22x68-cm-galerie-metzger-gallery-kaufen-skulptur-1090x727.jpg 1090w, https:\/\/www.galerie-metzger.de\/wp-content\/uploads\/2022\/05\/Jochen-Brandt-Schale-22x68-cm-galerie-metzger-gallery-kaufen-skulptur-690x460.jpg 690w, https:\/\/www.galerie-metzger.de\/wp-content\/uploads\/2022\/05\/Jochen-Brandt-Schale-22x68-cm-galerie-metzger-gallery-kaufen-skulptur-1536x1024.jpg 1536w, https:\/\/www.galerie-metzger.de\/wp-content\/uploads\/2022\/05\/Jochen-Brandt-Schale-22x68-cm-galerie-metzger-gallery-kaufen-skulptur-2048x1365.jpg 2048w, https:\/\/www.galerie-metzger.de\/wp-content\/uploads\/2022\/05\/Jochen-Brandt-Schale-22x68-cm-galerie-metzger-gallery-kaufen-skulptur-1500x1000.jpg 1500w, https:\/\/www.galerie-metzger.de\/wp-content\/uploads\/2022\/05\/Jochen-Brandt-Schale-22x68-cm-galerie-metzger-gallery-kaufen-skulptur-705x470.jpg 705w, https:\/\/www.galerie-metzger.de\/wp-content\/uploads\/2022\/05\/Jochen-Brandt-Schale-22x68-cm-galerie-metzger-gallery-kaufen-skulptur-400x267.jpg 400w, https:\/\/www.galerie-metzger.de\/wp-content\/uploads\/2022\/05\/Jochen-Brandt-Schale-22x68-cm-galerie-metzger-gallery-kaufen-skulptur-1030x687.jpg 1030w\" data-sizes=\"(max-width: 1030px) 100vw, 1030px\" class='avia_image' ><div class=\"av-image-caption-overlay\"><div class=\"av-caption-image-overlay-bg\"><\/div><div class=\"av-image-caption-overlay-position\"><div class=\"av-image-caption-overlay-center\"><p>Jochen Brandt \u2013 Schale \u2013\u00a0, 2002, Foto: Edi Baumann<\/p>\n<\/div><\/div><\/div><img decoding=\"async\" class='wp-image-10719 avia-img-lazy-loading-not-10719 avia_image ' src=\"https:\/\/www.galerie-metzger.de\/wp-content\/uploads\/2022\/05\/Jochen-Brandt-Schale-22x68-cm-galerie-metzger-gallery-kaufen-skulptur-1090x727.jpg\" alt='Jochen Brandt - Schale 22x68 cm' title='Jochen Brandt - Schale 22x68 cm'  height=\"687\" width=\"1030\" srcset=\"https:\/\/www.galerie-metzger.de\/wp-content\/uploads\/2022\/05\/Jochen-Brandt-Schale-22x68-cm-galerie-metzger-gallery-kaufen-skulptur-1090x727.jpg 1090w, https:\/\/www.galerie-metzger.de\/wp-content\/uploads\/2022\/05\/Jochen-Brandt-Schale-22x68-cm-galerie-metzger-gallery-kaufen-skulptur-690x460.jpg 690w, https:\/\/www.galerie-metzger.de\/wp-content\/uploads\/2022\/05\/Jochen-Brandt-Schale-22x68-cm-galerie-metzger-gallery-kaufen-skulptur-1536x1024.jpg 1536w, https:\/\/www.galerie-metzger.de\/wp-content\/uploads\/2022\/05\/Jochen-Brandt-Schale-22x68-cm-galerie-metzger-gallery-kaufen-skulptur-2048x1365.jpg 2048w, https:\/\/www.galerie-metzger.de\/wp-content\/uploads\/2022\/05\/Jochen-Brandt-Schale-22x68-cm-galerie-metzger-gallery-kaufen-skulptur-1500x1000.jpg 1500w, https:\/\/www.galerie-metzger.de\/wp-content\/uploads\/2022\/05\/Jochen-Brandt-Schale-22x68-cm-galerie-metzger-gallery-kaufen-skulptur-705x470.jpg 705w, https:\/\/www.galerie-metzger.de\/wp-content\/uploads\/2022\/05\/Jochen-Brandt-Schale-22x68-cm-galerie-metzger-gallery-kaufen-skulptur-400x267.jpg 400w, https:\/\/www.galerie-metzger.de\/wp-content\/uploads\/2022\/05\/Jochen-Brandt-Schale-22x68-cm-galerie-metzger-gallery-kaufen-skulptur-1030x687.jpg 1030w\" sizes=\"(max-width: 1030px) 100vw, 1030px\" \/><\/a><\/div><\/div><\/div><br \/>\n<section  class='av_textblock_section av-nglqyg-56d97ed647e65eae1bc49bf38ccbe906' ><div class='avia_textblock jo_werk_anfrage' ><p><a class=\"anfrage\" href=\"mailto:info@galerie-metzger.de?subject=Jochen%20Brandt%20Schale%202002\">Anfrage zum Werk<\/a><\/p>\n<\/div><\/section><\/p><\/div>\n<style type=\"text\/css\" data-created_by=\"avia_inline_auto\" id=\"style-css-av-3x4m83j-e34118c8e39f1466c627a6dc1d3f50c0\">\n.flex_column.av-3x4m83j-e34118c8e39f1466c627a6dc1d3f50c0{\n-webkit-border-radius:0px 0px 0px 0px;\n-moz-border-radius:0px 0px 0px 0px;\nborder-radius:0px 0px 0px 0px;\n}\n<\/style>\n<div class='flex_column av-3x4m83j-e34118c8e39f1466c627a6dc1d3f50c0 av_one_half  avia-builder-el-42  el_after_av_one_half  el_before_av_one_full  jo_pf_bild_bg start flex_column_div av-animated-generic fade-in av-zero-column-padding column-top-margin'     ><p>\n<style type=\"text\/css\" data-created_by=\"avia_inline_auto\" id=\"style-css-av-xlrib3s-930dd6ffe70aa1e878109b300ef32a1b\">\n.avia-image-container.av-xlrib3s-930dd6ffe70aa1e878109b300ef32a1b img.avia_image{\nbox-shadow:none;\n}\n.avia-image-container.av-xlrib3s-930dd6ffe70aa1e878109b300ef32a1b .av-caption-image-overlay-bg{\nopacity:0.4;\n}\n<\/style>\n<div  class='avia-image-container av-xlrib3s-930dd6ffe70aa1e878109b300ef32a1b av-styling-no-styling avia_animated_image av-animated-when-visible-95 fade-in avia-align-left  avia-builder-el-43  el_before_av_textblock  avia-builder-el-first  jo_pf_bild noHover av-overlay-hover-deactivate'  ><div class=\"avia-image-container-inner\"><div class=\"avia-image-overlay-wrap\"><a href=\"https:\/\/www.galerie-metzger.de\/wp-content\/uploads\/2022\/05\/Jochen-Brandt-Helm-30x36cm-galerie-metzger-gallery-zeigenoessische-keramik-kunst-ceramic-art-object-1090x727.jpg\" data-srcset=\"https:\/\/www.galerie-metzger.de\/wp-content\/uploads\/2022\/05\/Jochen-Brandt-Helm-30x36cm-galerie-metzger-gallery-zeigenoessische-keramik-kunst-ceramic-art-object-1090x727.jpg 1090w, https:\/\/www.galerie-metzger.de\/wp-content\/uploads\/2022\/05\/Jochen-Brandt-Helm-30x36cm-galerie-metzger-gallery-zeigenoessische-keramik-kunst-ceramic-art-object-690x460.jpg 690w, https:\/\/www.galerie-metzger.de\/wp-content\/uploads\/2022\/05\/Jochen-Brandt-Helm-30x36cm-galerie-metzger-gallery-zeigenoessische-keramik-kunst-ceramic-art-object-1536x1024.jpg 1536w, https:\/\/www.galerie-metzger.de\/wp-content\/uploads\/2022\/05\/Jochen-Brandt-Helm-30x36cm-galerie-metzger-gallery-zeigenoessische-keramik-kunst-ceramic-art-object-2048x1365.jpg 2048w, https:\/\/www.galerie-metzger.de\/wp-content\/uploads\/2022\/05\/Jochen-Brandt-Helm-30x36cm-galerie-metzger-gallery-zeigenoessische-keramik-kunst-ceramic-art-object-1500x1000.jpg 1500w, https:\/\/www.galerie-metzger.de\/wp-content\/uploads\/2022\/05\/Jochen-Brandt-Helm-30x36cm-galerie-metzger-gallery-zeigenoessische-keramik-kunst-ceramic-art-object-705x470.jpg 705w, https:\/\/www.galerie-metzger.de\/wp-content\/uploads\/2022\/05\/Jochen-Brandt-Helm-30x36cm-galerie-metzger-gallery-zeigenoessische-keramik-kunst-ceramic-art-object-400x267.jpg 400w, https:\/\/www.galerie-metzger.de\/wp-content\/uploads\/2022\/05\/Jochen-Brandt-Helm-30x36cm-galerie-metzger-gallery-zeigenoessische-keramik-kunst-ceramic-art-object-1030x687.jpg 1030w\" data-sizes=\"(max-width: 1030px) 100vw, 1030px\" class='avia_image' ><div class=\"av-image-caption-overlay\"><div class=\"av-caption-image-overlay-bg\"><\/div><div class=\"av-image-caption-overlay-position\"><div class=\"av-image-caption-overlay-center\"><p>Jochen Brandt \u2013 Helm \u2013\u00a0, 1998, Foto: Edi Baumann<\/p>\n<\/div><\/div><\/div><img decoding=\"async\" class='wp-image-10715 avia-img-lazy-loading-not-10715 avia_image ' src=\"https:\/\/www.galerie-metzger.de\/wp-content\/uploads\/2022\/05\/Jochen-Brandt-Helm-30x36cm-galerie-metzger-gallery-zeigenoessische-keramik-kunst-ceramic-art-object-scaled.jpg\" alt='Jochen Brandt-- Helm 30x36cm' title='Jochen Brandt-- Helm 30x36cm'  height=\"1707\" width=\"2560\" srcset=\"https:\/\/www.galerie-metzger.de\/wp-content\/uploads\/2022\/05\/Jochen-Brandt-Helm-30x36cm-galerie-metzger-gallery-zeigenoessische-keramik-kunst-ceramic-art-object-scaled.jpg 2560w, https:\/\/www.galerie-metzger.de\/wp-content\/uploads\/2022\/05\/Jochen-Brandt-Helm-30x36cm-galerie-metzger-gallery-zeigenoessische-keramik-kunst-ceramic-art-object-690x460.jpg 690w, https:\/\/www.galerie-metzger.de\/wp-content\/uploads\/2022\/05\/Jochen-Brandt-Helm-30x36cm-galerie-metzger-gallery-zeigenoessische-keramik-kunst-ceramic-art-object-1090x727.jpg 1090w, https:\/\/www.galerie-metzger.de\/wp-content\/uploads\/2022\/05\/Jochen-Brandt-Helm-30x36cm-galerie-metzger-gallery-zeigenoessische-keramik-kunst-ceramic-art-object-1536x1024.jpg 1536w, https:\/\/www.galerie-metzger.de\/wp-content\/uploads\/2022\/05\/Jochen-Brandt-Helm-30x36cm-galerie-metzger-gallery-zeigenoessische-keramik-kunst-ceramic-art-object-2048x1365.jpg 2048w, https:\/\/www.galerie-metzger.de\/wp-content\/uploads\/2022\/05\/Jochen-Brandt-Helm-30x36cm-galerie-metzger-gallery-zeigenoessische-keramik-kunst-ceramic-art-object-1500x1000.jpg 1500w, https:\/\/www.galerie-metzger.de\/wp-content\/uploads\/2022\/05\/Jochen-Brandt-Helm-30x36cm-galerie-metzger-gallery-zeigenoessische-keramik-kunst-ceramic-art-object-705x470.jpg 705w, https:\/\/www.galerie-metzger.de\/wp-content\/uploads\/2022\/05\/Jochen-Brandt-Helm-30x36cm-galerie-metzger-gallery-zeigenoessische-keramik-kunst-ceramic-art-object-400x267.jpg 400w, https:\/\/www.galerie-metzger.de\/wp-content\/uploads\/2022\/05\/Jochen-Brandt-Helm-30x36cm-galerie-metzger-gallery-zeigenoessische-keramik-kunst-ceramic-art-object-1030x687.jpg 1030w\" sizes=\"(max-width: 2560px) 100vw, 2560px\" \/><\/a><\/div><\/div><\/div><br \/>\n<section  class='av_textblock_section av-xffnpw8-c17d2f6a3e7487bb7400c5754ee870bf' ><div class='avia_textblock jo_werk_anfrage' ><p><a class=\"anfrage\" href=\"mailto:info@galerie-metzger.de?subject=Jochen%20Brandt%20Helm%201998\">Anfrage zum Werk<\/a><\/p>\n<\/div><\/section><\/p><\/div><div class='flex_column_table av-3k6a13j-19-c323f8fa763a657c2aac74954eb45cea sc-av_one_full av-equal-height-column-flextable'>\n<style type=\"text\/css\" data-created_by=\"avia_inline_auto\" id=\"style-css-av-3k6a13j-19-c323f8fa763a657c2aac74954eb45cea\">\n.flex_column.av-3k6a13j-19-c323f8fa763a657c2aac74954eb45cea{\n-webkit-border-radius:0px 0px 0px 0px;\n-moz-border-radius:0px 0px 0px 0px;\nborder-radius:0px 0px 0px 0px;\n}\n<\/style>\n<div class='flex_column av-3k6a13j-19-c323f8fa763a657c2aac74954eb45cea av_one_full  avia-builder-el-45  el_after_av_one_half  el_before_av_one_full  jo_col_empty first flex_column_table_cell av-equal-height-column av-align-top av-animated-generic fade-in av-zero-column-padding column-top-margin'     ><section  class='av_textblock_section av-3jak9pb-18-5bce943e574d3b0b44c8234c54a66e71' ><div class='avia_textblock' ><p>invisible placeholder<\/p>\n<\/div><\/section><\/div><\/div><!--close column table wrapper. Autoclose: 1 --><div class='flex_column_table av-3he72b3-20-c0c3d898172d92954f3cdfc8ac63c94c sc-av_one_full av-equal-height-column-flextable'>\n<style type=\"text\/css\" data-created_by=\"avia_inline_auto\" id=\"style-css-av-3he72b3-20-c0c3d898172d92954f3cdfc8ac63c94c\">\n.flex_column.av-3he72b3-20-c0c3d898172d92954f3cdfc8ac63c94c{\n-webkit-border-radius:0px 0px 0px 0px;\n-moz-border-radius:0px 0px 0px 0px;\nborder-radius:0px 0px 0px 0px;\n}\n<\/style>\n<div class='flex_column av-3he72b3-20-c0c3d898172d92954f3cdfc8ac63c94c av_one_full  avia-builder-el-47  el_after_av_one_full  el_before_av_one_full  jo_pf_bild_bg first flex_column_table_cell av-equal-height-column av-align-top av-animated-generic fade-in av-zero-column-padding column-top-margin'     ><p>\n<style type=\"text\/css\" data-created_by=\"avia_inline_auto\" id=\"style-css-av-o7jt4bc-d038a89ee2875c25d5a65a99771daa75\">\n.avia-image-container.av-o7jt4bc-d038a89ee2875c25d5a65a99771daa75 img.avia_image{\nbox-shadow:none;\n}\n.avia-image-container.av-o7jt4bc-d038a89ee2875c25d5a65a99771daa75 .av-caption-image-overlay-bg{\nopacity:0.4;\n}\n<\/style>\n<div  class='avia-image-container av-o7jt4bc-d038a89ee2875c25d5a65a99771daa75 av-styling-no-styling avia_animated_image av-animated-when-visible-95 fade-in avia-align-left  avia-builder-el-48  el_before_av_textblock  avia-builder-el-first  jo_pf_bild noHover av-overlay-hover-deactivate'  ><div class=\"avia-image-container-inner\"><div class=\"avia-image-overlay-wrap\"><a href=\"https:\/\/www.galerie-metzger.de\/wp-content\/uploads\/2022\/05\/Andres-Enriquez-Farbspiel-Porzellanformen-galerie-metzger-gallery-angewandte-kunst-kaufen-aschaffenburg-1090x361.jpg\" data-srcset=\"https:\/\/www.galerie-metzger.de\/wp-content\/uploads\/2022\/05\/Andres-Enriquez-Farbspiel-Porzellanformen-galerie-metzger-gallery-angewandte-kunst-kaufen-aschaffenburg-1090x361.jpg 1090w, https:\/\/www.galerie-metzger.de\/wp-content\/uploads\/2022\/05\/Andres-Enriquez-Farbspiel-Porzellanformen-galerie-metzger-gallery-angewandte-kunst-kaufen-aschaffenburg-690x228.jpg 690w, https:\/\/www.galerie-metzger.de\/wp-content\/uploads\/2022\/05\/Andres-Enriquez-Farbspiel-Porzellanformen-galerie-metzger-gallery-angewandte-kunst-kaufen-aschaffenburg-1536x508.jpg 1536w, https:\/\/www.galerie-metzger.de\/wp-content\/uploads\/2022\/05\/Andres-Enriquez-Farbspiel-Porzellanformen-galerie-metzger-gallery-angewandte-kunst-kaufen-aschaffenburg-2048x678.jpg 2048w, https:\/\/www.galerie-metzger.de\/wp-content\/uploads\/2022\/05\/Andres-Enriquez-Farbspiel-Porzellanformen-galerie-metzger-gallery-angewandte-kunst-kaufen-aschaffenburg-1500x496.jpg 1500w, https:\/\/www.galerie-metzger.de\/wp-content\/uploads\/2022\/05\/Andres-Enriquez-Farbspiel-Porzellanformen-galerie-metzger-gallery-angewandte-kunst-kaufen-aschaffenburg-705x233.jpg 705w, https:\/\/www.galerie-metzger.de\/wp-content\/uploads\/2022\/05\/Andres-Enriquez-Farbspiel-Porzellanformen-galerie-metzger-gallery-angewandte-kunst-kaufen-aschaffenburg-400x132.jpg 400w, https:\/\/www.galerie-metzger.de\/wp-content\/uploads\/2022\/05\/Andres-Enriquez-Farbspiel-Porzellanformen-galerie-metzger-gallery-angewandte-kunst-kaufen-aschaffenburg-1030x341.jpg 1030w\" data-sizes=\"(max-width: 1030px) 100vw, 1030px\" class='avia_image' ><div class=\"av-image-caption-overlay\"><div class=\"av-caption-image-overlay-bg\"><\/div><div class=\"av-image-caption-overlay-position\"><div class=\"av-image-caption-overlay-center\"><p>Andr\u00e9s Enr\u00edquez \u2013\u00a0Farbspiel-Porzellanformen \u2013\u00a02022, Foto: Andr\u00e9s Enr\u00edquez<\/p>\n<\/div><\/div><\/div><img decoding=\"async\" class='wp-image-10634 avia-img-lazy-loading-not-10634 avia_image ' src=\"https:\/\/www.galerie-metzger.de\/wp-content\/uploads\/2022\/05\/Andres-Enriquez-Farbspiel-Porzellanformen-galerie-metzger-gallery-angewandte-kunst-kaufen-aschaffenburg-scaled.jpg\" alt='Andr\u00e9s Enr\u00edquez - Farbspiel-Porzellanformen' title='Andr\u00e9s Enr\u00edquez - Farbspiel-Porzellanformen'  height=\"847\" width=\"2560\" srcset=\"https:\/\/www.galerie-metzger.de\/wp-content\/uploads\/2022\/05\/Andres-Enriquez-Farbspiel-Porzellanformen-galerie-metzger-gallery-angewandte-kunst-kaufen-aschaffenburg-scaled.jpg 2560w, https:\/\/www.galerie-metzger.de\/wp-content\/uploads\/2022\/05\/Andres-Enriquez-Farbspiel-Porzellanformen-galerie-metzger-gallery-angewandte-kunst-kaufen-aschaffenburg-690x228.jpg 690w, https:\/\/www.galerie-metzger.de\/wp-content\/uploads\/2022\/05\/Andres-Enriquez-Farbspiel-Porzellanformen-galerie-metzger-gallery-angewandte-kunst-kaufen-aschaffenburg-1090x361.jpg 1090w, https:\/\/www.galerie-metzger.de\/wp-content\/uploads\/2022\/05\/Andres-Enriquez-Farbspiel-Porzellanformen-galerie-metzger-gallery-angewandte-kunst-kaufen-aschaffenburg-1536x508.jpg 1536w, https:\/\/www.galerie-metzger.de\/wp-content\/uploads\/2022\/05\/Andres-Enriquez-Farbspiel-Porzellanformen-galerie-metzger-gallery-angewandte-kunst-kaufen-aschaffenburg-2048x678.jpg 2048w, https:\/\/www.galerie-metzger.de\/wp-content\/uploads\/2022\/05\/Andres-Enriquez-Farbspiel-Porzellanformen-galerie-metzger-gallery-angewandte-kunst-kaufen-aschaffenburg-1500x496.jpg 1500w, https:\/\/www.galerie-metzger.de\/wp-content\/uploads\/2022\/05\/Andres-Enriquez-Farbspiel-Porzellanformen-galerie-metzger-gallery-angewandte-kunst-kaufen-aschaffenburg-705x233.jpg 705w, https:\/\/www.galerie-metzger.de\/wp-content\/uploads\/2022\/05\/Andres-Enriquez-Farbspiel-Porzellanformen-galerie-metzger-gallery-angewandte-kunst-kaufen-aschaffenburg-400x132.jpg 400w, https:\/\/www.galerie-metzger.de\/wp-content\/uploads\/2022\/05\/Andres-Enriquez-Farbspiel-Porzellanformen-galerie-metzger-gallery-angewandte-kunst-kaufen-aschaffenburg-1030x341.jpg 1030w\" sizes=\"(max-width: 2560px) 100vw, 2560px\" \/><\/a><\/div><\/div><\/div><br \/>\n<section  class='av_textblock_section av-np7cyyg-4abf85c688342836ec15963353d3e618' ><div class='avia_textblock jo_werk_anfrage' ><p><a class=\"anfrage\" href=\"mailto:info@galerie-metzger.de?subject=Andr\u00e9s%20Enr\u00edquez%20Farbverlauf%202022\">Anfrage zum Werk<\/a><\/p>\n<\/div><\/section><\/p><\/div><\/div><!--close column table wrapper. Autoclose: 1 --><div class='flex_column_table av-1aqh2l4-3a3bdc5e209f25d5b6d3d1df9a87c396 sc-av_one_full av-equal-height-column-flextable'>\n<style type=\"text\/css\" data-created_by=\"avia_inline_auto\" id=\"style-css-av-1aqh2l4-3a3bdc5e209f25d5b6d3d1df9a87c396\">\n.flex_column.av-1aqh2l4-3a3bdc5e209f25d5b6d3d1df9a87c396{\n-webkit-border-radius:0px 0px 0px 0px;\n-moz-border-radius:0px 0px 0px 0px;\nborder-radius:0px 0px 0px 0px;\n}\n<\/style>\n<div class='flex_column av-1aqh2l4-3a3bdc5e209f25d5b6d3d1df9a87c396 av_one_full  avia-builder-el-50  el_after_av_one_full  el_before_av_one_full  first flex_column_table_cell av-equal-height-column av-align-top av-animated-generic fade-in av-zero-column-padding column-top-margin'     ><section  class='av_textblock_section av-n1u75k-d24682e5bc177628f903809957cdcbb2' ><div class='avia_textblock' ><p>Farbverlauf<br \/>\nZarte Farben, Leichtigkeit und eine leise Bewegung bringen diese Gef\u00e4\u00dfe in Form aus dem Wunsch nach Trost und Ruhe w\u00e4hrend Zeiten von Ungewissheit und Einsamkeit.<br \/>\nUnsere gesch\u00e4tzte Ruhe hat jedoch eine fragile Natur und kann v\u00f6llig angesichts der Angst verschwinden. Diese Fragilit\u00e4t wird zugleich durch das d\u00fcnne, teilweise durchscheinende Material verk\u00f6rpert.<\/p>\n<p><em> Andr\u00e9s Enr\u00edquez, Mai 2022 <\/em><\/p>\n<\/div><\/section><\/div><\/div><!--close column table wrapper. Autoclose: 1 --><div class='flex_column_table av-3k6a13j-17-6313d06db7d5ecb99853bdd17f5e68a6 sc-av_one_full av-equal-height-column-flextable'>\n<style type=\"text\/css\" data-created_by=\"avia_inline_auto\" id=\"style-css-av-3k6a13j-17-6313d06db7d5ecb99853bdd17f5e68a6\">\n.flex_column.av-3k6a13j-17-6313d06db7d5ecb99853bdd17f5e68a6{\n-webkit-border-radius:0px 0px 0px 0px;\n-moz-border-radius:0px 0px 0px 0px;\nborder-radius:0px 0px 0px 0px;\n}\n<\/style>\n<div class='flex_column av-3k6a13j-17-6313d06db7d5ecb99853bdd17f5e68a6 av_one_full  avia-builder-el-52  el_after_av_one_full  el_before_av_one_third  jo_col_empty first flex_column_table_cell av-equal-height-column av-align-top av-animated-generic fade-in av-zero-column-padding column-top-margin'     ><section  class='av_textblock_section av-3jak9pb-16-5c8702805326c0753e943b936bcad9c6' ><div class='avia_textblock' ><p>invisible placeholder<\/p>\n<\/div><\/section><\/div><\/div><!--close column table wrapper. Autoclose: 1 --><div class='flex_column_table av-1kg98hk-ce837bd3ae232b7e3910eb5035035b0c sc-av_one_third av-equal-height-column-flextable'>\n<style type=\"text\/css\" data-created_by=\"avia_inline_auto\" id=\"style-css-av-1kg98hk-ce837bd3ae232b7e3910eb5035035b0c\">\n.flex_column.av-1kg98hk-ce837bd3ae232b7e3910eb5035035b0c{\n-webkit-border-radius:0px 0px 0px 0px;\n-moz-border-radius:0px 0px 0px 0px;\nborder-radius:0px 0px 0px 0px;\n}\n<\/style>\n<div class='flex_column av-1kg98hk-ce837bd3ae232b7e3910eb5035035b0c av_one_third  avia-builder-el-54  el_after_av_one_full  el_before_av_one_third  jo_pf_bild_bg first flex_column_table_cell av-equal-height-column av-align-top av-animated-generic fade-in av-zero-column-padding column-top-margin'     ><p>\n<style type=\"text\/css\" data-created_by=\"avia_inline_auto\" id=\"style-css-av-13wem9k-9a1e059d374f882b22b52148b3530640\">\n.avia-image-container.av-13wem9k-9a1e059d374f882b22b52148b3530640 img.avia_image{\nbox-shadow:none;\n}\n.avia-image-container.av-13wem9k-9a1e059d374f882b22b52148b3530640 .av-caption-image-overlay-bg{\nopacity:0.4;\n}\n<\/style>\n<div  class='avia-image-container av-13wem9k-9a1e059d374f882b22b52148b3530640 av-styling-no-styling avia_animated_image av-animated-when-visible-95 fade-in avia-align-left  avia-builder-el-55  el_before_av_textblock  avia-builder-el-first  jo_pf_bild noHover av-overlay-hover-deactivate'  ><div class=\"avia-image-container-inner\"><div class=\"avia-image-overlay-wrap\"><a href=\"https:\/\/www.galerie-metzger.de\/wp-content\/uploads\/2022\/05\/Hans-Fischer-Deckelgefaess-Brottopf-galerie-metzger-gallery-ceramic-art-object-angeandte-kunst-keramik-kaufen-1090x727.jpg\" data-srcset=\"https:\/\/www.galerie-metzger.de\/wp-content\/uploads\/2022\/05\/Hans-Fischer-Deckelgefaess-Brottopf-galerie-metzger-gallery-ceramic-art-object-angeandte-kunst-keramik-kaufen-1090x727.jpg 1090w, https:\/\/www.galerie-metzger.de\/wp-content\/uploads\/2022\/05\/Hans-Fischer-Deckelgefaess-Brottopf-galerie-metzger-gallery-ceramic-art-object-angeandte-kunst-keramik-kaufen-690x460.jpg 690w, https:\/\/www.galerie-metzger.de\/wp-content\/uploads\/2022\/05\/Hans-Fischer-Deckelgefaess-Brottopf-galerie-metzger-gallery-ceramic-art-object-angeandte-kunst-keramik-kaufen-1536x1024.jpg 1536w, https:\/\/www.galerie-metzger.de\/wp-content\/uploads\/2022\/05\/Hans-Fischer-Deckelgefaess-Brottopf-galerie-metzger-gallery-ceramic-art-object-angeandte-kunst-keramik-kaufen-2048x1365.jpg 2048w, https:\/\/www.galerie-metzger.de\/wp-content\/uploads\/2022\/05\/Hans-Fischer-Deckelgefaess-Brottopf-galerie-metzger-gallery-ceramic-art-object-angeandte-kunst-keramik-kaufen-1500x1000.jpg 1500w, https:\/\/www.galerie-metzger.de\/wp-content\/uploads\/2022\/05\/Hans-Fischer-Deckelgefaess-Brottopf-galerie-metzger-gallery-ceramic-art-object-angeandte-kunst-keramik-kaufen-705x470.jpg 705w, https:\/\/www.galerie-metzger.de\/wp-content\/uploads\/2022\/05\/Hans-Fischer-Deckelgefaess-Brottopf-galerie-metzger-gallery-ceramic-art-object-angeandte-kunst-keramik-kaufen-400x267.jpg 400w, https:\/\/www.galerie-metzger.de\/wp-content\/uploads\/2022\/05\/Hans-Fischer-Deckelgefaess-Brottopf-galerie-metzger-gallery-ceramic-art-object-angeandte-kunst-keramik-kaufen-1030x687.jpg 1030w\" data-sizes=\"(max-width: 1030px) 100vw, 1030px\" class='avia_image' ><div class=\"av-image-caption-overlay\"><div class=\"av-caption-image-overlay-bg\"><\/div><div class=\"av-image-caption-overlay-position\"><div class=\"av-image-caption-overlay-center\"><p>Hans Fischer \u2013\u00a0bemalter Brot-Topf \u2013\u00a02022, 9,3&#215;8,5&#215;8,2 cm, Foto: Hans Fischer<\/p>\n<\/div><\/div><\/div><img decoding=\"async\" class='wp-image-10656 avia-img-lazy-loading-not-10656 avia_image ' src=\"https:\/\/www.galerie-metzger.de\/wp-content\/uploads\/2022\/05\/Hans-Fischer-Deckelgefaess-Brottopf-galerie-metzger-gallery-ceramic-art-object-angeandte-kunst-keramik-kaufen-690x460.jpg\" alt='Hans Fischer - Deckelgef\u00e4\u00df-Brottopf' title='Hans Fischer - Deckelgef\u00e4\u00df-Brottopf'  height=\"460\" width=\"690\" srcset=\"https:\/\/www.galerie-metzger.de\/wp-content\/uploads\/2022\/05\/Hans-Fischer-Deckelgefaess-Brottopf-galerie-metzger-gallery-ceramic-art-object-angeandte-kunst-keramik-kaufen-690x460.jpg 690w, https:\/\/www.galerie-metzger.de\/wp-content\/uploads\/2022\/05\/Hans-Fischer-Deckelgefaess-Brottopf-galerie-metzger-gallery-ceramic-art-object-angeandte-kunst-keramik-kaufen-1090x727.jpg 1090w, https:\/\/www.galerie-metzger.de\/wp-content\/uploads\/2022\/05\/Hans-Fischer-Deckelgefaess-Brottopf-galerie-metzger-gallery-ceramic-art-object-angeandte-kunst-keramik-kaufen-1536x1024.jpg 1536w, https:\/\/www.galerie-metzger.de\/wp-content\/uploads\/2022\/05\/Hans-Fischer-Deckelgefaess-Brottopf-galerie-metzger-gallery-ceramic-art-object-angeandte-kunst-keramik-kaufen-2048x1365.jpg 2048w, https:\/\/www.galerie-metzger.de\/wp-content\/uploads\/2022\/05\/Hans-Fischer-Deckelgefaess-Brottopf-galerie-metzger-gallery-ceramic-art-object-angeandte-kunst-keramik-kaufen-1500x1000.jpg 1500w, https:\/\/www.galerie-metzger.de\/wp-content\/uploads\/2022\/05\/Hans-Fischer-Deckelgefaess-Brottopf-galerie-metzger-gallery-ceramic-art-object-angeandte-kunst-keramik-kaufen-705x470.jpg 705w, https:\/\/www.galerie-metzger.de\/wp-content\/uploads\/2022\/05\/Hans-Fischer-Deckelgefaess-Brottopf-galerie-metzger-gallery-ceramic-art-object-angeandte-kunst-keramik-kaufen-400x267.jpg 400w, https:\/\/www.galerie-metzger.de\/wp-content\/uploads\/2022\/05\/Hans-Fischer-Deckelgefaess-Brottopf-galerie-metzger-gallery-ceramic-art-object-angeandte-kunst-keramik-kaufen-1030x687.jpg 1030w\" sizes=\"(max-width: 690px) 100vw, 690px\" \/><\/a><\/div><\/div><\/div><br \/>\n<section  class='av_textblock_section av-vnflq0-8bc7061d003d2a85815d3e7238370a0a' ><div class='avia_textblock jo_werk_anfrage' ><p><a class=\"anfrage\" href=\"mailto:info@galerie-metzger.de?subject=Hans%20Fischer%20bemalter Brottopf%202022\">Anfrage zum Werk<\/a><\/p>\n<\/div><\/section><\/p><\/div><div class='av-flex-placeholder'><\/div>\n<style type=\"text\/css\" data-created_by=\"avia_inline_auto\" id=\"style-css-av-m13r4o-8613c82b9ebcc753367f7084a08a259c\">\n.flex_column.av-m13r4o-8613c82b9ebcc753367f7084a08a259c{\n-webkit-border-radius:0px 0px 0px 0px;\n-moz-border-radius:0px 0px 0px 0px;\nborder-radius:0px 0px 0px 0px;\n}\n<\/style>\n<div class='flex_column av-m13r4o-8613c82b9ebcc753367f7084a08a259c av_one_third  avia-builder-el-57  el_after_av_one_third  el_before_av_one_third  jo_pf_bild_bg flex_column_table_cell av-equal-height-column av-align-top av-animated-generic fade-in av-zero-column-padding column-top-margin'     ><p>\n<style type=\"text\/css\" data-created_by=\"avia_inline_auto\" id=\"style-css-av-l37m96i9-9265e24b92b90b1db1c883a91cc660b7\">\n.avia-image-container.av-l37m96i9-9265e24b92b90b1db1c883a91cc660b7 img.avia_image{\nbox-shadow:none;\n}\n.avia-image-container.av-l37m96i9-9265e24b92b90b1db1c883a91cc660b7 .av-caption-image-overlay-bg{\nopacity:0.4;\n}\n<\/style>\n<div  class='avia-image-container av-l37m96i9-9265e24b92b90b1db1c883a91cc660b7 av-styling-no-styling avia_animated_image av-animated-when-visible-95 fade-in avia-align-left  avia-builder-el-58  el_before_av_textblock  avia-builder-el-first  jo_pf_bild noHover av-overlay-hover-deactivate'  ><div class=\"avia-image-container-inner\"><div class=\"avia-image-overlay-wrap\"><a href=\"https:\/\/www.galerie-metzger.de\/wp-content\/uploads\/2020\/07\/Maria-Fischer-Schale-galerie-metzger-keramik-ceramic-art-object-gallery-aschaffenburg-1090x727.jpg\" data-srcset=\"https:\/\/www.galerie-metzger.de\/wp-content\/uploads\/2020\/07\/Maria-Fischer-Schale-galerie-metzger-keramik-ceramic-art-object-gallery-aschaffenburg-1090x727.jpg 1090w, https:\/\/www.galerie-metzger.de\/wp-content\/uploads\/2020\/07\/Maria-Fischer-Schale-galerie-metzger-keramik-ceramic-art-object-gallery-aschaffenburg-690x460.jpg 690w, https:\/\/www.galerie-metzger.de\/wp-content\/uploads\/2020\/07\/Maria-Fischer-Schale-galerie-metzger-keramik-ceramic-art-object-gallery-aschaffenburg-1536x1024.jpg 1536w, https:\/\/www.galerie-metzger.de\/wp-content\/uploads\/2020\/07\/Maria-Fischer-Schale-galerie-metzger-keramik-ceramic-art-object-gallery-aschaffenburg-2048x1365.jpg 2048w, https:\/\/www.galerie-metzger.de\/wp-content\/uploads\/2020\/07\/Maria-Fischer-Schale-galerie-metzger-keramik-ceramic-art-object-gallery-aschaffenburg-1500x1000.jpg 1500w, https:\/\/www.galerie-metzger.de\/wp-content\/uploads\/2020\/07\/Maria-Fischer-Schale-galerie-metzger-keramik-ceramic-art-object-gallery-aschaffenburg-705x470.jpg 705w, https:\/\/www.galerie-metzger.de\/wp-content\/uploads\/2020\/07\/Maria-Fischer-Schale-galerie-metzger-keramik-ceramic-art-object-gallery-aschaffenburg-400x267.jpg 400w, https:\/\/www.galerie-metzger.de\/wp-content\/uploads\/2020\/07\/Maria-Fischer-Schale-galerie-metzger-keramik-ceramic-art-object-gallery-aschaffenburg-1030x687.jpg 1030w, https:\/\/www.galerie-metzger.de\/wp-content\/uploads\/2020\/07\/Maria-Fischer-Schale-galerie-metzger-keramik-ceramic-art-object-gallery-aschaffenburg-768x512.jpg 768w, https:\/\/www.galerie-metzger.de\/wp-content\/uploads\/2020\/07\/Maria-Fischer-Schale-galerie-metzger-keramik-ceramic-art-object-gallery-aschaffenburg-300x200.jpg 300w, https:\/\/www.galerie-metzger.de\/wp-content\/uploads\/2020\/07\/Maria-Fischer-Schale-galerie-metzger-keramik-ceramic-art-object-gallery-aschaffenburg-900x600.jpg 900w, https:\/\/www.galerie-metzger.de\/wp-content\/uploads\/2020\/07\/Maria-Fischer-Schale-galerie-metzger-keramik-ceramic-art-object-gallery-aschaffenburg-450x300.jpg 450w\" data-sizes=\"(max-width: 1030px) 100vw, 1030px\" class='avia_image' ><div class=\"av-image-caption-overlay\"><div class=\"av-caption-image-overlay-bg\"><\/div><div class=\"av-image-caption-overlay-position\"><div class=\"av-image-caption-overlay-center\"><p>Maria Fischer \u2013\u00a0Schale \u2013\u00a0, Foto: Hans Fischer<\/p>\n<\/div><\/div><\/div><img decoding=\"async\" class='wp-image-8500 avia-img-lazy-loading-not-8500 avia_image ' src=\"https:\/\/www.galerie-metzger.de\/wp-content\/uploads\/2020\/07\/Maria-Fischer-Schale-galerie-metzger-keramik-ceramic-art-object-gallery-aschaffenburg-690x460.jpg\" alt='Maria Fischer - Schale' title='Maria Fischer - Schale'  height=\"460\" width=\"690\" srcset=\"https:\/\/www.galerie-metzger.de\/wp-content\/uploads\/2020\/07\/Maria-Fischer-Schale-galerie-metzger-keramik-ceramic-art-object-gallery-aschaffenburg-690x460.jpg 690w, https:\/\/www.galerie-metzger.de\/wp-content\/uploads\/2020\/07\/Maria-Fischer-Schale-galerie-metzger-keramik-ceramic-art-object-gallery-aschaffenburg-1090x727.jpg 1090w, https:\/\/www.galerie-metzger.de\/wp-content\/uploads\/2020\/07\/Maria-Fischer-Schale-galerie-metzger-keramik-ceramic-art-object-gallery-aschaffenburg-1536x1024.jpg 1536w, https:\/\/www.galerie-metzger.de\/wp-content\/uploads\/2020\/07\/Maria-Fischer-Schale-galerie-metzger-keramik-ceramic-art-object-gallery-aschaffenburg-2048x1365.jpg 2048w, https:\/\/www.galerie-metzger.de\/wp-content\/uploads\/2020\/07\/Maria-Fischer-Schale-galerie-metzger-keramik-ceramic-art-object-gallery-aschaffenburg-1500x1000.jpg 1500w, https:\/\/www.galerie-metzger.de\/wp-content\/uploads\/2020\/07\/Maria-Fischer-Schale-galerie-metzger-keramik-ceramic-art-object-gallery-aschaffenburg-705x470.jpg 705w, https:\/\/www.galerie-metzger.de\/wp-content\/uploads\/2020\/07\/Maria-Fischer-Schale-galerie-metzger-keramik-ceramic-art-object-gallery-aschaffenburg-400x267.jpg 400w, https:\/\/www.galerie-metzger.de\/wp-content\/uploads\/2020\/07\/Maria-Fischer-Schale-galerie-metzger-keramik-ceramic-art-object-gallery-aschaffenburg-1030x687.jpg 1030w, https:\/\/www.galerie-metzger.de\/wp-content\/uploads\/2020\/07\/Maria-Fischer-Schale-galerie-metzger-keramik-ceramic-art-object-gallery-aschaffenburg-768x512.jpg 768w, https:\/\/www.galerie-metzger.de\/wp-content\/uploads\/2020\/07\/Maria-Fischer-Schale-galerie-metzger-keramik-ceramic-art-object-gallery-aschaffenburg-300x200.jpg 300w, https:\/\/www.galerie-metzger.de\/wp-content\/uploads\/2020\/07\/Maria-Fischer-Schale-galerie-metzger-keramik-ceramic-art-object-gallery-aschaffenburg-900x600.jpg 900w, https:\/\/www.galerie-metzger.de\/wp-content\/uploads\/2020\/07\/Maria-Fischer-Schale-galerie-metzger-keramik-ceramic-art-object-gallery-aschaffenburg-450x300.jpg 450w\" sizes=\"(max-width: 690px) 100vw, 690px\" \/><\/a><\/div><\/div><\/div><br \/>\n<section  class='av_textblock_section av-l37m9ppi-3ceed11c651bfe81fa1f269738f543f0' ><div class='avia_textblock jo_werk_anfrage' ><p><a class=\"anfrage\" href=\"mailto:info@galerie-metzger.de?subject=Maria%20Fischer%20Schale%202022\">Anfrage zum Werk<\/a><\/p>\n<\/div><\/section><\/p><\/div><div class='av-flex-placeholder'><\/div>\n<style type=\"text\/css\" data-created_by=\"avia_inline_auto\" id=\"style-css-av-1ap3rw8-40c5557e7537cf77bd8ee135f1c72036\">\n.flex_column.av-1ap3rw8-40c5557e7537cf77bd8ee135f1c72036{\n-webkit-border-radius:0px 0px 0px 0px;\n-moz-border-radius:0px 0px 0px 0px;\nborder-radius:0px 0px 0px 0px;\n}\n<\/style>\n<div class='flex_column av-1ap3rw8-40c5557e7537cf77bd8ee135f1c72036 av_one_third  avia-builder-el-60  el_after_av_one_third  el_before_av_one_full  jo_col_empty flex_column_table_cell av-equal-height-column av-align-top av-animated-generic fade-in av-zero-column-padding column-top-margin'     ><section  class='av_textblock_section av-jb5y48-cca01338d1bddcc50b537af77966f1cf' ><div class='avia_textblock' ><p>invisible placeholder<\/p>\n<\/div><\/section><\/div><\/div><!--close column table wrapper. Autoclose: 1 --><div class='flex_column_table av-aiiocf-a4c00c26fdf70146cdaf7bf768df3677 sc-av_one_full av-equal-height-column-flextable'>\n<style type=\"text\/css\" data-created_by=\"avia_inline_auto\" id=\"style-css-av-aiiocf-a4c00c26fdf70146cdaf7bf768df3677\">\n.flex_column.av-aiiocf-a4c00c26fdf70146cdaf7bf768df3677{\n-webkit-border-radius:0px 0px 0px 0px;\n-moz-border-radius:0px 0px 0px 0px;\nborder-radius:0px 0px 0px 0px;\n}\n<\/style>\n<div class='flex_column av-aiiocf-a4c00c26fdf70146cdaf7bf768df3677 av_one_full  avia-builder-el-62  el_after_av_one_third  el_before_av_one_full  jo_col_empty first flex_column_table_cell av-equal-height-column av-align-top av-animated-generic fade-in av-zero-column-padding column-top-margin'     ><section  class='av_textblock_section av-2uvs93j-0172e4543c7dd09908e495edce0936f0' ><div class='avia_textblock' ><p>invisible placeholder<\/p>\n<\/div><\/section><\/div><\/div><!--close column table wrapper. Autoclose: 1 --><div class='flex_column_table av-3he72b3-15-334636b33ea71ccd7e9ab95d3087657f sc-av_one_full av-equal-height-column-flextable'>\n<style type=\"text\/css\" data-created_by=\"avia_inline_auto\" id=\"style-css-av-3he72b3-15-334636b33ea71ccd7e9ab95d3087657f\">\n.flex_column.av-3he72b3-15-334636b33ea71ccd7e9ab95d3087657f{\n-webkit-border-radius:0px 0px 0px 0px;\n-moz-border-radius:0px 0px 0px 0px;\nborder-radius:0px 0px 0px 0px;\n}\n<\/style>\n<div class='flex_column av-3he72b3-15-334636b33ea71ccd7e9ab95d3087657f av_one_full  avia-builder-el-64  el_after_av_one_full  el_before_av_one_full  jo_pf_bild_bg first flex_column_table_cell av-equal-height-column av-align-top av-animated-generic fade-in av-zero-column-padding column-top-margin'     ><p>\n<style type=\"text\/css\" data-created_by=\"avia_inline_auto\" id=\"style-css-av-lf8oovs-575e8df413a35b103b3e03cfc2605932\">\n.avia-image-container.av-lf8oovs-575e8df413a35b103b3e03cfc2605932 img.avia_image{\nbox-shadow:none;\n}\n.avia-image-container.av-lf8oovs-575e8df413a35b103b3e03cfc2605932 .av-caption-image-overlay-bg{\nopacity:0.4;\n}\n<\/style>\n<div  class='avia-image-container av-lf8oovs-575e8df413a35b103b3e03cfc2605932 av-styling-no-styling avia_animated_image av-animated-when-visible-95 fade-in avia-align-left  avia-builder-el-65  el_before_av_textblock  avia-builder-el-first  jo_pf_bild noHover av-overlay-hover-deactivate'  ><div class=\"avia-image-container-inner\"><div class=\"avia-image-overlay-wrap\"><a href=\"https:\/\/www.galerie-metzger.de\/wp-content\/uploads\/2022\/05\/Hans-Fischer-3-plastische-Arbeiten-galerie-metzger-gallery-skulptur-ceramic-art-object-kaufen-1090x480.jpg\" data-srcset=\"https:\/\/www.galerie-metzger.de\/wp-content\/uploads\/2022\/05\/Hans-Fischer-3-plastische-Arbeiten-galerie-metzger-gallery-skulptur-ceramic-art-object-kaufen-1090x480.jpg 1090w, https:\/\/www.galerie-metzger.de\/wp-content\/uploads\/2022\/05\/Hans-Fischer-3-plastische-Arbeiten-galerie-metzger-gallery-skulptur-ceramic-art-object-kaufen-690x304.jpg 690w, https:\/\/www.galerie-metzger.de\/wp-content\/uploads\/2022\/05\/Hans-Fischer-3-plastische-Arbeiten-galerie-metzger-gallery-skulptur-ceramic-art-object-kaufen-1536x676.jpg 1536w, https:\/\/www.galerie-metzger.de\/wp-content\/uploads\/2022\/05\/Hans-Fischer-3-plastische-Arbeiten-galerie-metzger-gallery-skulptur-ceramic-art-object-kaufen-2048x902.jpg 2048w, https:\/\/www.galerie-metzger.de\/wp-content\/uploads\/2022\/05\/Hans-Fischer-3-plastische-Arbeiten-galerie-metzger-gallery-skulptur-ceramic-art-object-kaufen-1500x660.jpg 1500w, https:\/\/www.galerie-metzger.de\/wp-content\/uploads\/2022\/05\/Hans-Fischer-3-plastische-Arbeiten-galerie-metzger-gallery-skulptur-ceramic-art-object-kaufen-705x310.jpg 705w, https:\/\/www.galerie-metzger.de\/wp-content\/uploads\/2022\/05\/Hans-Fischer-3-plastische-Arbeiten-galerie-metzger-gallery-skulptur-ceramic-art-object-kaufen-400x176.jpg 400w, https:\/\/www.galerie-metzger.de\/wp-content\/uploads\/2022\/05\/Hans-Fischer-3-plastische-Arbeiten-galerie-metzger-gallery-skulptur-ceramic-art-object-kaufen-1030x454.jpg 1030w\" data-sizes=\"(max-width: 1030px) 100vw, 1030px\" class='avia_image' ><div class=\"av-image-caption-overlay\"><div class=\"av-caption-image-overlay-bg\"><\/div><div class=\"av-image-caption-overlay-position\"><div class=\"av-image-caption-overlay-center\"><p>Hans Fischer \u2013\u00a03 plastische Arbeiten \u2013\u00a0, Foto: Hans Fischer<\/p>\n<\/div><\/div><\/div><img decoding=\"async\" class='wp-image-10723 avia-img-lazy-loading-not-10723 avia_image ' src=\"https:\/\/www.galerie-metzger.de\/wp-content\/uploads\/2022\/05\/Hans-Fischer-3-plastische-Arbeiten-galerie-metzger-gallery-skulptur-ceramic-art-object-kaufen-scaled.jpg\" alt='Hans Fischer - 3 plastische Arbeiten' title='Hans Fischer - 3 plastische Arbeiten'  height=\"1127\" width=\"2560\" srcset=\"https:\/\/www.galerie-metzger.de\/wp-content\/uploads\/2022\/05\/Hans-Fischer-3-plastische-Arbeiten-galerie-metzger-gallery-skulptur-ceramic-art-object-kaufen-scaled.jpg 2560w, https:\/\/www.galerie-metzger.de\/wp-content\/uploads\/2022\/05\/Hans-Fischer-3-plastische-Arbeiten-galerie-metzger-gallery-skulptur-ceramic-art-object-kaufen-690x304.jpg 690w, https:\/\/www.galerie-metzger.de\/wp-content\/uploads\/2022\/05\/Hans-Fischer-3-plastische-Arbeiten-galerie-metzger-gallery-skulptur-ceramic-art-object-kaufen-1090x480.jpg 1090w, https:\/\/www.galerie-metzger.de\/wp-content\/uploads\/2022\/05\/Hans-Fischer-3-plastische-Arbeiten-galerie-metzger-gallery-skulptur-ceramic-art-object-kaufen-1536x676.jpg 1536w, https:\/\/www.galerie-metzger.de\/wp-content\/uploads\/2022\/05\/Hans-Fischer-3-plastische-Arbeiten-galerie-metzger-gallery-skulptur-ceramic-art-object-kaufen-2048x902.jpg 2048w, https:\/\/www.galerie-metzger.de\/wp-content\/uploads\/2022\/05\/Hans-Fischer-3-plastische-Arbeiten-galerie-metzger-gallery-skulptur-ceramic-art-object-kaufen-1500x660.jpg 1500w, https:\/\/www.galerie-metzger.de\/wp-content\/uploads\/2022\/05\/Hans-Fischer-3-plastische-Arbeiten-galerie-metzger-gallery-skulptur-ceramic-art-object-kaufen-705x310.jpg 705w, https:\/\/www.galerie-metzger.de\/wp-content\/uploads\/2022\/05\/Hans-Fischer-3-plastische-Arbeiten-galerie-metzger-gallery-skulptur-ceramic-art-object-kaufen-400x176.jpg 400w, https:\/\/www.galerie-metzger.de\/wp-content\/uploads\/2022\/05\/Hans-Fischer-3-plastische-Arbeiten-galerie-metzger-gallery-skulptur-ceramic-art-object-kaufen-1030x454.jpg 1030w\" sizes=\"(max-width: 2560px) 100vw, 2560px\" \/><\/a><\/div><\/div><\/div><br \/>\n<section  class='av_textblock_section av-l4m7tvc-ff79a974d385c4297c0f8431116e2849' ><div class='avia_textblock jo_werk_anfrage' ><p><a class=\"anfrage\" href=\"mailto:info@galerie-metzger.de?subject=Hans%20Fischer%203 plastischef%20Arbeiten\">Anfrage zum Werk<\/a><\/p>\n<\/div><\/section><\/p><\/div><\/div><!--close column table wrapper. Autoclose: 1 --><div class='flex_column_table av-3k6a13j-14-163f4fb4342c5c900ec62af818fa1f46 sc-av_one_full av-equal-height-column-flextable'>\n<style type=\"text\/css\" data-created_by=\"avia_inline_auto\" id=\"style-css-av-3k6a13j-14-163f4fb4342c5c900ec62af818fa1f46\">\n.flex_column.av-3k6a13j-14-163f4fb4342c5c900ec62af818fa1f46{\n-webkit-border-radius:0px 0px 0px 0px;\n-moz-border-radius:0px 0px 0px 0px;\nborder-radius:0px 0px 0px 0px;\n}\n<\/style>\n<div class='flex_column av-3k6a13j-14-163f4fb4342c5c900ec62af818fa1f46 av_one_full  avia-builder-el-67  el_after_av_one_full  el_before_av_one_third  jo_col_empty first flex_column_table_cell av-equal-height-column av-align-top av-animated-generic fade-in av-zero-column-padding column-top-margin'     ><section  class='av_textblock_section av-3jak9pb-13-b0ce576ba8f5885693ad8ccb10dd68fd' ><div class='avia_textblock' ><p>invisible placeholder<\/p>\n<\/div><\/section><\/div><\/div><!--close column table wrapper. Autoclose: 1 --><div class='flex_column_table av-5yi8wvs-b2b80c3d6848c958b408dd4f28ccd712 sc-av_one_third av-equal-height-column-flextable'>\n<style type=\"text\/css\" data-created_by=\"avia_inline_auto\" id=\"style-css-av-5yi8wvs-b2b80c3d6848c958b408dd4f28ccd712\">\n.flex_column.av-5yi8wvs-b2b80c3d6848c958b408dd4f28ccd712{\n-webkit-border-radius:0px 0px 0px 0px;\n-moz-border-radius:0px 0px 0px 0px;\nborder-radius:0px 0px 0px 0px;\n}\n<\/style>\n<div class='flex_column av-5yi8wvs-b2b80c3d6848c958b408dd4f28ccd712 av_one_third  avia-builder-el-69  el_after_av_one_full  el_before_av_one_third  jo_pf_bild_bg first flex_column_table_cell av-equal-height-column av-align-top av-animated-generic fade-in av-zero-column-padding column-top-margin'     ><p>\n<style type=\"text\/css\" data-created_by=\"avia_inline_auto\" id=\"style-css-av-557u8jc-1974313972862dbcffc0944b34d96c3c\">\n.avia-image-container.av-557u8jc-1974313972862dbcffc0944b34d96c3c img.avia_image{\nbox-shadow:none;\n}\n.avia-image-container.av-557u8jc-1974313972862dbcffc0944b34d96c3c .av-caption-image-overlay-bg{\nopacity:0.4;\n}\n<\/style>\n<div  class='avia-image-container av-557u8jc-1974313972862dbcffc0944b34d96c3c av-styling-no-styling avia_animated_image av-animated-when-visible-95 fade-in avia-align-left  avia-builder-el-70  el_before_av_textblock  avia-builder-el-first  jo_pf_bild noHover av-overlay-hover-deactivate'  ><div class=\"avia-image-container-inner\"><div class=\"avia-image-overlay-wrap\"><a href=\"https:\/\/www.galerie-metzger.de\/wp-content\/uploads\/2022\/05\/Margaret-Curtis-Bowl-galerie-metzger-ceramic-art-object-gallery-keramikkunst-kaufen-1090x726.jpg\" data-srcset=\"https:\/\/www.galerie-metzger.de\/wp-content\/uploads\/2022\/05\/Margaret-Curtis-Bowl-galerie-metzger-ceramic-art-object-gallery-keramikkunst-kaufen-1090x726.jpg 1090w, https:\/\/www.galerie-metzger.de\/wp-content\/uploads\/2022\/05\/Margaret-Curtis-Bowl-galerie-metzger-ceramic-art-object-gallery-keramikkunst-kaufen-690x460.jpg 690w, https:\/\/www.galerie-metzger.de\/wp-content\/uploads\/2022\/05\/Margaret-Curtis-Bowl-galerie-metzger-ceramic-art-object-gallery-keramikkunst-kaufen-705x470.jpg 705w, https:\/\/www.galerie-metzger.de\/wp-content\/uploads\/2022\/05\/Margaret-Curtis-Bowl-galerie-metzger-ceramic-art-object-gallery-keramikkunst-kaufen-400x267.jpg 400w, https:\/\/www.galerie-metzger.de\/wp-content\/uploads\/2022\/05\/Margaret-Curtis-Bowl-galerie-metzger-ceramic-art-object-gallery-keramikkunst-kaufen-1030x686.jpg 1030w, https:\/\/www.galerie-metzger.de\/wp-content\/uploads\/2022\/05\/Margaret-Curtis-Bowl-galerie-metzger-ceramic-art-object-gallery-keramikkunst-kaufen.jpg 1166w\" data-sizes=\"(max-width: 1030px) 100vw, 1030px\" class='avia_image' ><div class=\"av-image-caption-overlay\"><div class=\"av-caption-image-overlay-bg\"><\/div><div class=\"av-image-caption-overlay-position\"><div class=\"av-image-caption-overlay-center\"><p>Margaret Curtis \u2013 Bowl \u2013 2022, 18&#215;19,5&#215;19,5 cm, Foto: Eddie Curtis<\/p>\n<\/div><\/div><\/div><img decoding=\"async\" class='wp-image-10642 avia-img-lazy-loading-not-10642 avia_image ' src=\"https:\/\/www.galerie-metzger.de\/wp-content\/uploads\/2022\/05\/Margaret-Curtis-Bowl-galerie-metzger-ceramic-art-object-gallery-keramikkunst-kaufen-690x460.jpg\" alt='Margaret Curtis - Bowl' title='Margaret Curtis - Bowl galerie metzger ceramic art object gallery keramikkunst kaufen'  height=\"460\" width=\"690\" srcset=\"https:\/\/www.galerie-metzger.de\/wp-content\/uploads\/2022\/05\/Margaret-Curtis-Bowl-galerie-metzger-ceramic-art-object-gallery-keramikkunst-kaufen-690x460.jpg 690w, https:\/\/www.galerie-metzger.de\/wp-content\/uploads\/2022\/05\/Margaret-Curtis-Bowl-galerie-metzger-ceramic-art-object-gallery-keramikkunst-kaufen-1090x726.jpg 1090w, https:\/\/www.galerie-metzger.de\/wp-content\/uploads\/2022\/05\/Margaret-Curtis-Bowl-galerie-metzger-ceramic-art-object-gallery-keramikkunst-kaufen-705x470.jpg 705w, https:\/\/www.galerie-metzger.de\/wp-content\/uploads\/2022\/05\/Margaret-Curtis-Bowl-galerie-metzger-ceramic-art-object-gallery-keramikkunst-kaufen-400x267.jpg 400w, https:\/\/www.galerie-metzger.de\/wp-content\/uploads\/2022\/05\/Margaret-Curtis-Bowl-galerie-metzger-ceramic-art-object-gallery-keramikkunst-kaufen-1030x686.jpg 1030w, https:\/\/www.galerie-metzger.de\/wp-content\/uploads\/2022\/05\/Margaret-Curtis-Bowl-galerie-metzger-ceramic-art-object-gallery-keramikkunst-kaufen.jpg 1166w\" sizes=\"(max-width: 690px) 100vw, 690px\" \/><\/a><\/div><\/div><\/div><br \/>\n<section  class='av_textblock_section av-4yfm86w-1f9ffcb35dbf28acd50f22c9205915b9' ><div class='avia_textblock jo_werk_anfrage' ><p><a class=\"anfrage\" href=\"mailto:info@galerie-metzger.de?subject=Margaret%20Curtis%20bowl%202022\">Anfrage zum Werk<\/a><\/p>\n<\/div><\/section><\/p><\/div><div class='av-flex-placeholder'><\/div>\n<style type=\"text\/css\" data-created_by=\"avia_inline_auto\" id=\"style-css-av-te1nbs-c4a90470ea105a6c39b7ff44fffe5db8\">\n.flex_column.av-te1nbs-c4a90470ea105a6c39b7ff44fffe5db8{\n-webkit-border-radius:0px 0px 0px 0px;\n-moz-border-radius:0px 0px 0px 0px;\nborder-radius:0px 0px 0px 0px;\n}\n<\/style>\n<div class='flex_column av-te1nbs-c4a90470ea105a6c39b7ff44fffe5db8 av_one_third  avia-builder-el-72  el_after_av_one_third  el_before_av_one_third  jo_pf_bild_bg flex_column_table_cell av-equal-height-column av-align-top av-animated-generic fade-in av-zero-column-padding column-top-margin'     ><p>\n<style type=\"text\/css\" data-created_by=\"avia_inline_auto\" id=\"style-css-av-l2xh9wgd-8497f562c993db004878ff7b08b9eb4d\">\n.avia-image-container.av-l2xh9wgd-8497f562c993db004878ff7b08b9eb4d img.avia_image{\nbox-shadow:none;\n}\n.avia-image-container.av-l2xh9wgd-8497f562c993db004878ff7b08b9eb4d .av-caption-image-overlay-bg{\nopacity:0.4;\n}\n<\/style>\n<div  class='avia-image-container av-l2xh9wgd-8497f562c993db004878ff7b08b9eb4d av-styling-no-styling avia_animated_image av-animated-when-visible-95 fade-in avia-align-left  avia-builder-el-73  el_before_av_textblock  avia-builder-el-first  jo_pf_bild noHover av-overlay-hover-deactivate'  ><div class=\"avia-image-container-inner\"><div class=\"avia-image-overlay-wrap\"><a href=\"https:\/\/www.galerie-metzger.de\/wp-content\/uploads\/2022\/05\/Margaret-Curtis-plate-galerie-metzger-ceramic-art-gallery-angewandte-kunst-1090x727.jpg\" data-srcset=\"https:\/\/www.galerie-metzger.de\/wp-content\/uploads\/2022\/05\/Margaret-Curtis-plate-galerie-metzger-ceramic-art-gallery-angewandte-kunst-1090x727.jpg 1090w, https:\/\/www.galerie-metzger.de\/wp-content\/uploads\/2022\/05\/Margaret-Curtis-plate-galerie-metzger-ceramic-art-gallery-angewandte-kunst-690x460.jpg 690w, https:\/\/www.galerie-metzger.de\/wp-content\/uploads\/2022\/05\/Margaret-Curtis-plate-galerie-metzger-ceramic-art-gallery-angewandte-kunst-1536x1024.jpg 1536w, https:\/\/www.galerie-metzger.de\/wp-content\/uploads\/2022\/05\/Margaret-Curtis-plate-galerie-metzger-ceramic-art-gallery-angewandte-kunst-2048x1365.jpg 2048w, https:\/\/www.galerie-metzger.de\/wp-content\/uploads\/2022\/05\/Margaret-Curtis-plate-galerie-metzger-ceramic-art-gallery-angewandte-kunst-1500x1000.jpg 1500w, https:\/\/www.galerie-metzger.de\/wp-content\/uploads\/2022\/05\/Margaret-Curtis-plate-galerie-metzger-ceramic-art-gallery-angewandte-kunst-705x470.jpg 705w, https:\/\/www.galerie-metzger.de\/wp-content\/uploads\/2022\/05\/Margaret-Curtis-plate-galerie-metzger-ceramic-art-gallery-angewandte-kunst-400x267.jpg 400w, https:\/\/www.galerie-metzger.de\/wp-content\/uploads\/2022\/05\/Margaret-Curtis-plate-galerie-metzger-ceramic-art-gallery-angewandte-kunst-1030x687.jpg 1030w\" data-sizes=\"(max-width: 1030px) 100vw, 1030px\" class='avia_image' ><div class=\"av-image-caption-overlay\"><div class=\"av-caption-image-overlay-bg\"><\/div><div class=\"av-image-caption-overlay-position\"><div class=\"av-image-caption-overlay-center\"><p>Margaret Curtis \u2013 Plate \u2013 2022, 18&#215;19,5&#215;19,5 cm, Foto: Eddie Curtis<\/p>\n<\/div><\/div><\/div><img decoding=\"async\" class='wp-image-10640 avia-img-lazy-loading-not-10640 avia_image ' src=\"https:\/\/www.galerie-metzger.de\/wp-content\/uploads\/2022\/05\/Margaret-Curtis-plate-galerie-metzger-ceramic-art-gallery-angewandte-kunst-690x460.jpg\" alt='Margaret Curtis - Plate' title='Margaret Curtis - Plate'  height=\"460\" width=\"690\" srcset=\"https:\/\/www.galerie-metzger.de\/wp-content\/uploads\/2022\/05\/Margaret-Curtis-plate-galerie-metzger-ceramic-art-gallery-angewandte-kunst-690x460.jpg 690w, https:\/\/www.galerie-metzger.de\/wp-content\/uploads\/2022\/05\/Margaret-Curtis-plate-galerie-metzger-ceramic-art-gallery-angewandte-kunst-1090x727.jpg 1090w, https:\/\/www.galerie-metzger.de\/wp-content\/uploads\/2022\/05\/Margaret-Curtis-plate-galerie-metzger-ceramic-art-gallery-angewandte-kunst-1536x1024.jpg 1536w, https:\/\/www.galerie-metzger.de\/wp-content\/uploads\/2022\/05\/Margaret-Curtis-plate-galerie-metzger-ceramic-art-gallery-angewandte-kunst-2048x1365.jpg 2048w, https:\/\/www.galerie-metzger.de\/wp-content\/uploads\/2022\/05\/Margaret-Curtis-plate-galerie-metzger-ceramic-art-gallery-angewandte-kunst-1500x1000.jpg 1500w, https:\/\/www.galerie-metzger.de\/wp-content\/uploads\/2022\/05\/Margaret-Curtis-plate-galerie-metzger-ceramic-art-gallery-angewandte-kunst-705x470.jpg 705w, https:\/\/www.galerie-metzger.de\/wp-content\/uploads\/2022\/05\/Margaret-Curtis-plate-galerie-metzger-ceramic-art-gallery-angewandte-kunst-400x267.jpg 400w, https:\/\/www.galerie-metzger.de\/wp-content\/uploads\/2022\/05\/Margaret-Curtis-plate-galerie-metzger-ceramic-art-gallery-angewandte-kunst-1030x687.jpg 1030w\" sizes=\"(max-width: 690px) 100vw, 690px\" \/><\/a><\/div><\/div><\/div><br \/>\n<section  class='av_textblock_section av-l2xha6yb-bd21ed7f049de2dc5add278a1d6bc397' ><div class='avia_textblock jo_werk_anfrage' ><p><a class=\"anfrage\" href=\"mailto:info@galerie-metzger.de?subject=Margaret%20Curtis%20plate%202022\">Anfrage zum Werk<\/a><\/p>\n<\/div><\/section><\/p><\/div><div class='av-flex-placeholder'><\/div>\n<style type=\"text\/css\" data-created_by=\"avia_inline_auto\" id=\"style-css-av-2u1waj3-74252f39b150287e3dd92954e94aaf64\">\n.flex_column.av-2u1waj3-74252f39b150287e3dd92954e94aaf64{\n-webkit-border-radius:0px 0px 0px 0px;\n-moz-border-radius:0px 0px 0px 0px;\nborder-radius:0px 0px 0px 0px;\n}\n<\/style>\n<div class='flex_column av-2u1waj3-74252f39b150287e3dd92954e94aaf64 av_one_third  avia-builder-el-75  el_after_av_one_third  el_before_av_one_full  jo_pf_bild_bg flex_column_table_cell av-equal-height-column av-align-top av-animated-generic fade-in av-zero-column-padding column-top-margin'     ><p>\n<style type=\"text\/css\" data-created_by=\"avia_inline_auto\" id=\"style-css-av-in5pwfs-0a711f94e48406c956fc04262825f8e0\">\n.avia-image-container.av-in5pwfs-0a711f94e48406c956fc04262825f8e0 img.avia_image{\nbox-shadow:none;\n}\n.avia-image-container.av-in5pwfs-0a711f94e48406c956fc04262825f8e0 .av-caption-image-overlay-bg{\nopacity:0.4;\n}\n<\/style>\n<div  class='avia-image-container av-in5pwfs-0a711f94e48406c956fc04262825f8e0 av-styling-no-styling avia_animated_image av-animated-when-visible-95 fade-in avia-align-left  avia-builder-el-76  el_before_av_textblock  avia-builder-el-first  jo_pf_bild noHover av-overlay-hover-deactivate'  ><div class=\"avia-image-container-inner\"><div class=\"avia-image-overlay-wrap\"><a href=\"https:\/\/www.galerie-metzger.de\/wp-content\/uploads\/2022\/06\/Margaret-Curtis-Shino-and-black-Katakuchi-galerie-metzger-gallery-ceramic-art-object-kaufen-keramikkunst-1090x727.jpg\" data-srcset=\"https:\/\/www.galerie-metzger.de\/wp-content\/uploads\/2022\/06\/Margaret-Curtis-Shino-and-black-Katakuchi-galerie-metzger-gallery-ceramic-art-object-kaufen-keramikkunst-1090x727.jpg 1090w, https:\/\/www.galerie-metzger.de\/wp-content\/uploads\/2022\/06\/Margaret-Curtis-Shino-and-black-Katakuchi-galerie-metzger-gallery-ceramic-art-object-kaufen-keramikkunst-690x460.jpg 690w, https:\/\/www.galerie-metzger.de\/wp-content\/uploads\/2022\/06\/Margaret-Curtis-Shino-and-black-Katakuchi-galerie-metzger-gallery-ceramic-art-object-kaufen-keramikkunst-1536x1024.jpg 1536w, https:\/\/www.galerie-metzger.de\/wp-content\/uploads\/2022\/06\/Margaret-Curtis-Shino-and-black-Katakuchi-galerie-metzger-gallery-ceramic-art-object-kaufen-keramikkunst-2048x1365.jpg 2048w, https:\/\/www.galerie-metzger.de\/wp-content\/uploads\/2022\/06\/Margaret-Curtis-Shino-and-black-Katakuchi-galerie-metzger-gallery-ceramic-art-object-kaufen-keramikkunst-1500x1000.jpg 1500w, https:\/\/www.galerie-metzger.de\/wp-content\/uploads\/2022\/06\/Margaret-Curtis-Shino-and-black-Katakuchi-galerie-metzger-gallery-ceramic-art-object-kaufen-keramikkunst-705x470.jpg 705w, https:\/\/www.galerie-metzger.de\/wp-content\/uploads\/2022\/06\/Margaret-Curtis-Shino-and-black-Katakuchi-galerie-metzger-gallery-ceramic-art-object-kaufen-keramikkunst-400x267.jpg 400w, https:\/\/www.galerie-metzger.de\/wp-content\/uploads\/2022\/06\/Margaret-Curtis-Shino-and-black-Katakuchi-galerie-metzger-gallery-ceramic-art-object-kaufen-keramikkunst-1030x687.jpg 1030w\" data-sizes=\"(max-width: 1030px) 100vw, 1030px\" class='avia_image' ><div class=\"av-image-caption-overlay\"><div class=\"av-caption-image-overlay-bg\"><\/div><div class=\"av-image-caption-overlay-position\"><div class=\"av-image-caption-overlay-center\"><p>Margaret Curtis \u2013 Shino and black Katakuchi \u2013 2020, Foto: Edi Baumann<\/p>\n<\/div><\/div><\/div><img decoding=\"async\" class='wp-image-10819 avia-img-lazy-loading-not-10819 avia_image ' src=\"https:\/\/www.galerie-metzger.de\/wp-content\/uploads\/2022\/06\/Margaret-Curtis-Shino-and-black-Katakuchi-galerie-metzger-gallery-ceramic-art-object-kaufen-keramikkunst-690x460.jpg\" alt='Margaret Curtis - Shino and black Katakuchi' title='Margaret Curtis - Shino and black Katakuchi'  height=\"460\" width=\"690\" srcset=\"https:\/\/www.galerie-metzger.de\/wp-content\/uploads\/2022\/06\/Margaret-Curtis-Shino-and-black-Katakuchi-galerie-metzger-gallery-ceramic-art-object-kaufen-keramikkunst-690x460.jpg 690w, https:\/\/www.galerie-metzger.de\/wp-content\/uploads\/2022\/06\/Margaret-Curtis-Shino-and-black-Katakuchi-galerie-metzger-gallery-ceramic-art-object-kaufen-keramikkunst-1090x727.jpg 1090w, https:\/\/www.galerie-metzger.de\/wp-content\/uploads\/2022\/06\/Margaret-Curtis-Shino-and-black-Katakuchi-galerie-metzger-gallery-ceramic-art-object-kaufen-keramikkunst-1536x1024.jpg 1536w, https:\/\/www.galerie-metzger.de\/wp-content\/uploads\/2022\/06\/Margaret-Curtis-Shino-and-black-Katakuchi-galerie-metzger-gallery-ceramic-art-object-kaufen-keramikkunst-2048x1365.jpg 2048w, https:\/\/www.galerie-metzger.de\/wp-content\/uploads\/2022\/06\/Margaret-Curtis-Shino-and-black-Katakuchi-galerie-metzger-gallery-ceramic-art-object-kaufen-keramikkunst-1500x1000.jpg 1500w, https:\/\/www.galerie-metzger.de\/wp-content\/uploads\/2022\/06\/Margaret-Curtis-Shino-and-black-Katakuchi-galerie-metzger-gallery-ceramic-art-object-kaufen-keramikkunst-705x470.jpg 705w, https:\/\/www.galerie-metzger.de\/wp-content\/uploads\/2022\/06\/Margaret-Curtis-Shino-and-black-Katakuchi-galerie-metzger-gallery-ceramic-art-object-kaufen-keramikkunst-400x267.jpg 400w, https:\/\/www.galerie-metzger.de\/wp-content\/uploads\/2022\/06\/Margaret-Curtis-Shino-and-black-Katakuchi-galerie-metzger-gallery-ceramic-art-object-kaufen-keramikkunst-1030x687.jpg 1030w\" sizes=\"(max-width: 690px) 100vw, 690px\" \/><\/a><\/div><\/div><\/div><br \/>\n<section  class='av_textblock_section av-i9v5oe0-b683b985ea24b20b625dcbb6f1c0a746' ><div class='avia_textblock jo_werk_anfrage' ><p><a class=\"anfrage\" href=\"mailto:info@galerie-metzger.de?subject=Margaret%20Curtis%20Shino and black Katakuchi %202022\">Anfrage zum Werk<\/a><\/p>\n<\/div><\/section><\/p><\/div><\/div><!--close column table wrapper. Autoclose: 1 --><div class='flex_column_table av-aiiocf-12-04000e380522175cd7bc3cb0651806ee sc-av_one_full av-equal-height-column-flextable'>\n<style type=\"text\/css\" data-created_by=\"avia_inline_auto\" id=\"style-css-av-aiiocf-12-04000e380522175cd7bc3cb0651806ee\">\n.flex_column.av-aiiocf-12-04000e380522175cd7bc3cb0651806ee{\n-webkit-border-radius:0px 0px 0px 0px;\n-moz-border-radius:0px 0px 0px 0px;\nborder-radius:0px 0px 0px 0px;\n}\n<\/style>\n<div class='flex_column av-aiiocf-12-04000e380522175cd7bc3cb0651806ee av_one_full  avia-builder-el-78  el_after_av_one_third  el_before_av_one_full  jo_col_empty first flex_column_table_cell av-equal-height-column av-align-top av-animated-generic fade-in av-zero-column-padding column-top-margin'     ><section  class='av_textblock_section av-2uvs93j-11-48c06b1c38fdfe236c9afdf19a6af00f' ><div class='avia_textblock' ><p>invisible placeholder<\/p>\n<\/div><\/section><\/div><\/div><!--close column table wrapper. Autoclose: 1 --><div class='flex_column_table av-2u1waj3-9-64dc427d3b422351add35c4b612c49e0 sc-av_one_full av-equal-height-column-flextable'>\n<style type=\"text\/css\" data-created_by=\"avia_inline_auto\" id=\"style-css-av-2u1waj3-9-64dc427d3b422351add35c4b612c49e0\">\n.flex_column.av-2u1waj3-9-64dc427d3b422351add35c4b612c49e0{\n-webkit-border-radius:0px 0px 0px 0px;\n-moz-border-radius:0px 0px 0px 0px;\nborder-radius:0px 0px 0px 0px;\n}\n<\/style>\n<div class='flex_column av-2u1waj3-9-64dc427d3b422351add35c4b612c49e0 av_one_full  avia-builder-el-80  el_after_av_one_full  el_before_av_one_full  jo_pf_bild_bg first flex_column_table_cell av-equal-height-column av-align-top av-animated-generic fade-in av-zero-column-padding column-top-margin'     ><p>\n<style type=\"text\/css\" data-created_by=\"avia_inline_auto\" id=\"style-css-av-ecdjwns-ca734519e46ee3c993926244d011d1b8\">\n.avia-image-container.av-ecdjwns-ca734519e46ee3c993926244d011d1b8 img.avia_image{\nbox-shadow:none;\n}\n.avia-image-container.av-ecdjwns-ca734519e46ee3c993926244d011d1b8 .av-caption-image-overlay-bg{\nopacity:0.4;\n}\n<\/style>\n<div  class='avia-image-container av-ecdjwns-ca734519e46ee3c993926244d011d1b8 av-styling-no-styling avia_animated_image av-animated-when-visible-95 fade-in avia-align-left  avia-builder-el-81  el_before_av_textblock  avia-builder-el-first  jo_pf_bild noHover av-overlay-hover-deactivate'  ><div class=\"avia-image-container-inner\"><div class=\"avia-image-overlay-wrap\"><a href=\"https:\/\/www.galerie-metzger.de\/wp-content\/uploads\/2022\/06\/Helga-Kanak-Bierkruege-galerie-metzger-gallery-keramik-angewandte-kunst-1090x477.jpg\" data-srcset=\"https:\/\/www.galerie-metzger.de\/wp-content\/uploads\/2022\/06\/Helga-Kanak-Bierkruege-galerie-metzger-gallery-keramik-angewandte-kunst-1090x477.jpg 1090w, https:\/\/www.galerie-metzger.de\/wp-content\/uploads\/2022\/06\/Helga-Kanak-Bierkruege-galerie-metzger-gallery-keramik-angewandte-kunst-690x302.jpg 690w, https:\/\/www.galerie-metzger.de\/wp-content\/uploads\/2022\/06\/Helga-Kanak-Bierkruege-galerie-metzger-gallery-keramik-angewandte-kunst-1536x672.jpg 1536w, https:\/\/www.galerie-metzger.de\/wp-content\/uploads\/2022\/06\/Helga-Kanak-Bierkruege-galerie-metzger-gallery-keramik-angewandte-kunst-2048x896.jpg 2048w, https:\/\/www.galerie-metzger.de\/wp-content\/uploads\/2022\/06\/Helga-Kanak-Bierkruege-galerie-metzger-gallery-keramik-angewandte-kunst-1500x656.jpg 1500w, https:\/\/www.galerie-metzger.de\/wp-content\/uploads\/2022\/06\/Helga-Kanak-Bierkruege-galerie-metzger-gallery-keramik-angewandte-kunst-705x308.jpg 705w, https:\/\/www.galerie-metzger.de\/wp-content\/uploads\/2022\/06\/Helga-Kanak-Bierkruege-galerie-metzger-gallery-keramik-angewandte-kunst-400x175.jpg 400w, https:\/\/www.galerie-metzger.de\/wp-content\/uploads\/2022\/06\/Helga-Kanak-Bierkruege-galerie-metzger-gallery-keramik-angewandte-kunst-1030x451.jpg 1030w\" data-sizes=\"(max-width: 1030px) 100vw, 1030px\" class='avia_image' ><div class=\"av-image-caption-overlay\"><div class=\"av-caption-image-overlay-bg\"><\/div><div class=\"av-image-caption-overlay-position\"><div class=\"av-image-caption-overlay-center\"><p>Helga Kanak \u2013 Bierkr\u00fcge \u2013 2022, Foto: Edi Baumann<\/p>\n<\/div><\/div><\/div><img decoding=\"async\" class='wp-image-10817 avia-img-lazy-loading-not-10817 avia_image ' src=\"https:\/\/www.galerie-metzger.de\/wp-content\/uploads\/2022\/06\/Helga-Kanak-Bierkruege-galerie-metzger-gallery-keramik-angewandte-kunst-scaled.jpg\" alt='Helga Kanak - Bierkr\u00fcge' title='Helga Kanak - Bierkr\u00fcge'  height=\"1120\" width=\"2560\" srcset=\"https:\/\/www.galerie-metzger.de\/wp-content\/uploads\/2022\/06\/Helga-Kanak-Bierkruege-galerie-metzger-gallery-keramik-angewandte-kunst-scaled.jpg 2560w, https:\/\/www.galerie-metzger.de\/wp-content\/uploads\/2022\/06\/Helga-Kanak-Bierkruege-galerie-metzger-gallery-keramik-angewandte-kunst-690x302.jpg 690w, https:\/\/www.galerie-metzger.de\/wp-content\/uploads\/2022\/06\/Helga-Kanak-Bierkruege-galerie-metzger-gallery-keramik-angewandte-kunst-1090x477.jpg 1090w, https:\/\/www.galerie-metzger.de\/wp-content\/uploads\/2022\/06\/Helga-Kanak-Bierkruege-galerie-metzger-gallery-keramik-angewandte-kunst-1536x672.jpg 1536w, https:\/\/www.galerie-metzger.de\/wp-content\/uploads\/2022\/06\/Helga-Kanak-Bierkruege-galerie-metzger-gallery-keramik-angewandte-kunst-2048x896.jpg 2048w, https:\/\/www.galerie-metzger.de\/wp-content\/uploads\/2022\/06\/Helga-Kanak-Bierkruege-galerie-metzger-gallery-keramik-angewandte-kunst-1500x656.jpg 1500w, https:\/\/www.galerie-metzger.de\/wp-content\/uploads\/2022\/06\/Helga-Kanak-Bierkruege-galerie-metzger-gallery-keramik-angewandte-kunst-705x308.jpg 705w, https:\/\/www.galerie-metzger.de\/wp-content\/uploads\/2022\/06\/Helga-Kanak-Bierkruege-galerie-metzger-gallery-keramik-angewandte-kunst-400x175.jpg 400w, https:\/\/www.galerie-metzger.de\/wp-content\/uploads\/2022\/06\/Helga-Kanak-Bierkruege-galerie-metzger-gallery-keramik-angewandte-kunst-1030x451.jpg 1030w\" sizes=\"(max-width: 2560px) 100vw, 2560px\" \/><\/a><\/div><\/div><\/div><br \/>\n<section  class='av_textblock_section av-e2lv5mg-d8fd73eeb356832179fba263fc2ab892' ><div class='avia_textblock jo_werk_anfrage' ><p><a class=\"anfrage\" href=\"mailto:info@galerie-metzger.de?subject=Helga%20Kanak%20Bierkr\u00fcge%202022\">Anfrage zum Werk<\/a><\/p>\n<\/div><\/section><\/p><\/div><\/div><!--close column table wrapper. Autoclose: 1 --><div class='flex_column_table av-gb8254-7ac4bc4f681b54a108f6889d377a05b9 sc-av_one_full av-equal-height-column-flextable'>\n<style type=\"text\/css\" data-created_by=\"avia_inline_auto\" id=\"style-css-av-gb8254-7ac4bc4f681b54a108f6889d377a05b9\">\n.flex_column.av-gb8254-7ac4bc4f681b54a108f6889d377a05b9{\n-webkit-border-radius:0px 0px 0px 0px;\n-moz-border-radius:0px 0px 0px 0px;\nborder-radius:0px 0px 0px 0px;\n}\n<\/style>\n<div class='flex_column av-gb8254-7ac4bc4f681b54a108f6889d377a05b9 av_one_full  avia-builder-el-83  el_after_av_one_full  el_before_av_one_third  jo_col_empty first flex_column_table_cell av-equal-height-column av-align-top av-animated-generic fade-in av-zero-column-padding column-top-margin'     ><section  class='av_textblock_section av-43ackm0-3ec850ab38dd28c7054991eaaed5b07b' ><div class='avia_textblock' ><p>invisible placeholder<\/p>\n<\/div><\/section><\/div><\/div><!--close column table wrapper. Autoclose: 1 --><div class='flex_column_table av-3gr3bq0-0fa64826f561c594836e411a8cfbb691 sc-av_one_third av-equal-height-column-flextable'>\n<style type=\"text\/css\" data-created_by=\"avia_inline_auto\" id=\"style-css-av-3gr3bq0-0fa64826f561c594836e411a8cfbb691\">\n.flex_column.av-3gr3bq0-0fa64826f561c594836e411a8cfbb691{\n-webkit-border-radius:0px 0px 0px 0px;\n-moz-border-radius:0px 0px 0px 0px;\nborder-radius:0px 0px 0px 0px;\n}\n<\/style>\n<div class='flex_column av-3gr3bq0-0fa64826f561c594836e411a8cfbb691 av_one_third  avia-builder-el-85  el_after_av_one_full  el_before_av_one_third  jo_pf_bild_bg first flex_column_table_cell av-equal-height-column av-align-top av-animated-generic fade-in av-zero-column-padding column-top-margin'     ><p>\n<style type=\"text\/css\" data-created_by=\"avia_inline_auto\" id=\"style-css-av-2y91pa0-64d174ffc8417bb43b5655b06d3c6235\">\n.avia-image-container.av-2y91pa0-64d174ffc8417bb43b5655b06d3c6235 img.avia_image{\nbox-shadow:none;\n}\n.avia-image-container.av-2y91pa0-64d174ffc8417bb43b5655b06d3c6235 .av-caption-image-overlay-bg{\nopacity:0.4;\n}\n<\/style>\n<div  class='avia-image-container av-2y91pa0-64d174ffc8417bb43b5655b06d3c6235 av-styling-no-styling avia_animated_image av-animated-when-visible-95 fade-in avia-align-left  avia-builder-el-86  el_before_av_textblock  avia-builder-el-first  jo_pf_bild noHover av-overlay-hover-deactivate'  ><div class=\"avia-image-container-inner\"><div class=\"avia-image-overlay-wrap\"><a href=\"https:\/\/www.galerie-metzger.de\/wp-content\/uploads\/2022\/05\/Erik-Hilber-hidden-galerie-metzger-gallery-art-object-keramik-skulptur-1090x727.jpg\" data-srcset=\"https:\/\/www.galerie-metzger.de\/wp-content\/uploads\/2022\/05\/Erik-Hilber-hidden-galerie-metzger-gallery-art-object-keramik-skulptur-1090x727.jpg 1090w, https:\/\/www.galerie-metzger.de\/wp-content\/uploads\/2022\/05\/Erik-Hilber-hidden-galerie-metzger-gallery-art-object-keramik-skulptur-690x460.jpg 690w, https:\/\/www.galerie-metzger.de\/wp-content\/uploads\/2022\/05\/Erik-Hilber-hidden-galerie-metzger-gallery-art-object-keramik-skulptur-1536x1024.jpg 1536w, https:\/\/www.galerie-metzger.de\/wp-content\/uploads\/2022\/05\/Erik-Hilber-hidden-galerie-metzger-gallery-art-object-keramik-skulptur-2048x1365.jpg 2048w, https:\/\/www.galerie-metzger.de\/wp-content\/uploads\/2022\/05\/Erik-Hilber-hidden-galerie-metzger-gallery-art-object-keramik-skulptur-1500x1000.jpg 1500w, https:\/\/www.galerie-metzger.de\/wp-content\/uploads\/2022\/05\/Erik-Hilber-hidden-galerie-metzger-gallery-art-object-keramik-skulptur-705x470.jpg 705w, https:\/\/www.galerie-metzger.de\/wp-content\/uploads\/2022\/05\/Erik-Hilber-hidden-galerie-metzger-gallery-art-object-keramik-skulptur-400x267.jpg 400w, https:\/\/www.galerie-metzger.de\/wp-content\/uploads\/2022\/05\/Erik-Hilber-hidden-galerie-metzger-gallery-art-object-keramik-skulptur-1030x687.jpg 1030w\" data-sizes=\"(max-width: 1030px) 100vw, 1030px\" class='avia_image' ><div class=\"av-image-caption-overlay\"><div class=\"av-caption-image-overlay-bg\"><\/div><div class=\"av-image-caption-overlay-position\"><div class=\"av-image-caption-overlay-center\"><p>Erik Hilber \u2013 hidden \u2013 2022, Foto: Erik Hilber<\/p>\n<\/div><\/div><\/div><img decoding=\"async\" class='wp-image-10646 avia-img-lazy-loading-not-10646 avia_image ' src=\"https:\/\/www.galerie-metzger.de\/wp-content\/uploads\/2022\/05\/Erik-Hilber-hidden-galerie-metzger-gallery-art-object-keramik-skulptur-690x460.jpg\" alt='Erik Hilber - hidden' title='Erik Hilber - hidden'  height=\"460\" width=\"690\" srcset=\"https:\/\/www.galerie-metzger.de\/wp-content\/uploads\/2022\/05\/Erik-Hilber-hidden-galerie-metzger-gallery-art-object-keramik-skulptur-690x460.jpg 690w, https:\/\/www.galerie-metzger.de\/wp-content\/uploads\/2022\/05\/Erik-Hilber-hidden-galerie-metzger-gallery-art-object-keramik-skulptur-1090x727.jpg 1090w, https:\/\/www.galerie-metzger.de\/wp-content\/uploads\/2022\/05\/Erik-Hilber-hidden-galerie-metzger-gallery-art-object-keramik-skulptur-1536x1024.jpg 1536w, https:\/\/www.galerie-metzger.de\/wp-content\/uploads\/2022\/05\/Erik-Hilber-hidden-galerie-metzger-gallery-art-object-keramik-skulptur-2048x1365.jpg 2048w, https:\/\/www.galerie-metzger.de\/wp-content\/uploads\/2022\/05\/Erik-Hilber-hidden-galerie-metzger-gallery-art-object-keramik-skulptur-1500x1000.jpg 1500w, https:\/\/www.galerie-metzger.de\/wp-content\/uploads\/2022\/05\/Erik-Hilber-hidden-galerie-metzger-gallery-art-object-keramik-skulptur-705x470.jpg 705w, https:\/\/www.galerie-metzger.de\/wp-content\/uploads\/2022\/05\/Erik-Hilber-hidden-galerie-metzger-gallery-art-object-keramik-skulptur-400x267.jpg 400w, https:\/\/www.galerie-metzger.de\/wp-content\/uploads\/2022\/05\/Erik-Hilber-hidden-galerie-metzger-gallery-art-object-keramik-skulptur-1030x687.jpg 1030w\" sizes=\"(max-width: 690px) 100vw, 690px\" \/><\/a><\/div><\/div><\/div><br \/>\n<section  class='av_textblock_section av-2l724c8-c5ab647bde58e15b9a43deac1cb3697f' ><div class='avia_textblock jo_werk_anfrage' ><p><a class=\"anfrage\" href=\"mailto:info@galerie-metzger.de?subject=Erik%20Hilber%20hidden%202022\">Anfrage zum Werk<\/a><\/p>\n<\/div><\/section><\/p><\/div><div class='av-flex-placeholder'><\/div>\n<style type=\"text\/css\" data-created_by=\"avia_inline_auto\" id=\"style-css-av-1u0ohy0-be32e0f2dff2e34e69369ca74ba1faf1\">\n.flex_column.av-1u0ohy0-be32e0f2dff2e34e69369ca74ba1faf1{\n-webkit-border-radius:0px 0px 0px 0px;\n-moz-border-radius:0px 0px 0px 0px;\nborder-radius:0px 0px 0px 0px;\n}\n<\/style>\n<div class='flex_column av-1u0ohy0-be32e0f2dff2e34e69369ca74ba1faf1 av_one_third  avia-builder-el-88  el_after_av_one_third  el_before_av_one_third  jo_pf_bild_bg flex_column_table_cell av-equal-height-column av-align-top av-animated-generic fade-in av-zero-column-padding column-top-margin'     ><p>\n<style type=\"text\/css\" data-created_by=\"avia_inline_auto\" id=\"style-css-av-l2xhs1hr-1d9bdbb96c13b93dc53fb303ead82ec6\">\n.avia-image-container.av-l2xhs1hr-1d9bdbb96c13b93dc53fb303ead82ec6 img.avia_image{\nbox-shadow:none;\n}\n.avia-image-container.av-l2xhs1hr-1d9bdbb96c13b93dc53fb303ead82ec6 .av-caption-image-overlay-bg{\nopacity:0.4;\n}\n<\/style>\n<div  class='avia-image-container av-l2xhs1hr-1d9bdbb96c13b93dc53fb303ead82ec6 av-styling-no-styling avia_animated_image av-animated-when-visible-95 fade-in avia-align-left  avia-builder-el-89  el_before_av_textblock  avia-builder-el-first  jo_pf_bild noHover av-overlay-hover-deactivate'  ><div class=\"avia-image-container-inner\"><div class=\"avia-image-overlay-wrap\"><a href=\"https:\/\/www.galerie-metzger.de\/wp-content\/uploads\/2022\/05\/Erik-Hilber-hidden-galerie-metzgerg-gallery-art-object-keramik-1090x727.jpg\" data-srcset=\"https:\/\/www.galerie-metzger.de\/wp-content\/uploads\/2022\/05\/Erik-Hilber-hidden-galerie-metzgerg-gallery-art-object-keramik-1090x727.jpg 1090w, https:\/\/www.galerie-metzger.de\/wp-content\/uploads\/2022\/05\/Erik-Hilber-hidden-galerie-metzgerg-gallery-art-object-keramik-690x460.jpg 690w, https:\/\/www.galerie-metzger.de\/wp-content\/uploads\/2022\/05\/Erik-Hilber-hidden-galerie-metzgerg-gallery-art-object-keramik-1536x1024.jpg 1536w, https:\/\/www.galerie-metzger.de\/wp-content\/uploads\/2022\/05\/Erik-Hilber-hidden-galerie-metzgerg-gallery-art-object-keramik-2048x1365.jpg 2048w, https:\/\/www.galerie-metzger.de\/wp-content\/uploads\/2022\/05\/Erik-Hilber-hidden-galerie-metzgerg-gallery-art-object-keramik-1500x1000.jpg 1500w, https:\/\/www.galerie-metzger.de\/wp-content\/uploads\/2022\/05\/Erik-Hilber-hidden-galerie-metzgerg-gallery-art-object-keramik-705x470.jpg 705w, https:\/\/www.galerie-metzger.de\/wp-content\/uploads\/2022\/05\/Erik-Hilber-hidden-galerie-metzgerg-gallery-art-object-keramik-400x267.jpg 400w, https:\/\/www.galerie-metzger.de\/wp-content\/uploads\/2022\/05\/Erik-Hilber-hidden-galerie-metzgerg-gallery-art-object-keramik-1030x687.jpg 1030w\" data-sizes=\"(max-width: 1030px) 100vw, 1030px\" class='avia_image' ><div class=\"av-image-caption-overlay\"><div class=\"av-caption-image-overlay-bg\"><\/div><div class=\"av-image-caption-overlay-position\"><div class=\"av-image-caption-overlay-center\"><p>Erik Hilber \u2013 hidden \u2013 2022, Foto: Erik Hilber<\/p>\n<\/div><\/div><\/div><img decoding=\"async\" class='wp-image-10644 avia-img-lazy-loading-not-10644 avia_image ' src=\"https:\/\/www.galerie-metzger.de\/wp-content\/uploads\/2022\/05\/Erik-Hilber-hidden-galerie-metzgerg-gallery-art-object-keramik-690x460.jpg\" alt='Erik Hilber - hidden' title='Erik Hilber - hidden'  height=\"460\" width=\"690\" srcset=\"https:\/\/www.galerie-metzger.de\/wp-content\/uploads\/2022\/05\/Erik-Hilber-hidden-galerie-metzgerg-gallery-art-object-keramik-690x460.jpg 690w, https:\/\/www.galerie-metzger.de\/wp-content\/uploads\/2022\/05\/Erik-Hilber-hidden-galerie-metzgerg-gallery-art-object-keramik-1090x727.jpg 1090w, https:\/\/www.galerie-metzger.de\/wp-content\/uploads\/2022\/05\/Erik-Hilber-hidden-galerie-metzgerg-gallery-art-object-keramik-1536x1024.jpg 1536w, https:\/\/www.galerie-metzger.de\/wp-content\/uploads\/2022\/05\/Erik-Hilber-hidden-galerie-metzgerg-gallery-art-object-keramik-2048x1365.jpg 2048w, https:\/\/www.galerie-metzger.de\/wp-content\/uploads\/2022\/05\/Erik-Hilber-hidden-galerie-metzgerg-gallery-art-object-keramik-1500x1000.jpg 1500w, https:\/\/www.galerie-metzger.de\/wp-content\/uploads\/2022\/05\/Erik-Hilber-hidden-galerie-metzgerg-gallery-art-object-keramik-705x470.jpg 705w, https:\/\/www.galerie-metzger.de\/wp-content\/uploads\/2022\/05\/Erik-Hilber-hidden-galerie-metzgerg-gallery-art-object-keramik-400x267.jpg 400w, https:\/\/www.galerie-metzger.de\/wp-content\/uploads\/2022\/05\/Erik-Hilber-hidden-galerie-metzgerg-gallery-art-object-keramik-1030x687.jpg 1030w\" sizes=\"(max-width: 690px) 100vw, 690px\" \/><\/a><\/div><\/div><\/div><br \/>\n<section  class='av_textblock_section av-15e3x14-1a1fc002b38207aca6a9977319ec9369' ><div class='avia_textblock jo_werk_anfrage' ><p><a class=\"anfrage\" href=\"mailto:info@galerie-metzger.de?subject=Erik%20Hilber%20hidden%202022\">Anfrage zum Werk<\/a><\/p>\n<\/div><\/section><\/p><\/div><div class='av-flex-placeholder'><\/div>\n<style type=\"text\/css\" data-created_by=\"avia_inline_auto\" id=\"style-css-av-jxb9tk-936d0b956c412749df9bd9e6edbe9e92\">\n.flex_column.av-jxb9tk-936d0b956c412749df9bd9e6edbe9e92{\n-webkit-border-radius:0px 0px 0px 0px;\n-moz-border-radius:0px 0px 0px 0px;\nborder-radius:0px 0px 0px 0px;\n}\n<\/style>\n<div class='flex_column av-jxb9tk-936d0b956c412749df9bd9e6edbe9e92 av_one_third  avia-builder-el-91  el_after_av_one_third  el_before_av_one_full  flex_column_table_cell av-equal-height-column av-align-top av-animated-generic fade-in av-zero-column-padding column-top-margin'     ><section  class='av_textblock_section av-l2xhvp5a-b24f8c4686667e10a9cce06e75abaee0' ><div class='avia_textblock' ><p>An jenen, von Menschen ungenutzten Pl\u00e4tzen, erschafft sich die Natur nahezu unsichtbar, eigene, spektakul\u00e4re Orte aus Lebewesen aller Art. Flora und Fauna kreieren eine fantastische Welt \u00fcber-, unter- und innerhalb begrenzter R\u00e4ume. Sei dieser auch noch so minimal und unwirklich, so atemberaubend sind die Eindr\u00fccke dieser Entdeckungsreise im Kleinen und Kleinsten.<\/p>\n<p><em> Erik Hilber, Mai 2022 <\/em><\/p>\n<\/div><\/section><\/div><\/div><!--close column table wrapper. Autoclose: 1 --><div class='flex_column_table av-8p1unz-c7f0c61b41d30315a1dcb2e0ff95cdd0 sc-av_one_full av-equal-height-column-flextable'>\n<style type=\"text\/css\" data-created_by=\"avia_inline_auto\" id=\"style-css-av-8p1unz-c7f0c61b41d30315a1dcb2e0ff95cdd0\">\n.flex_column.av-8p1unz-c7f0c61b41d30315a1dcb2e0ff95cdd0{\n-webkit-border-radius:0px 0px 0px 0px;\n-moz-border-radius:0px 0px 0px 0px;\nborder-radius:0px 0px 0px 0px;\n}\n<\/style>\n<div class='flex_column av-8p1unz-c7f0c61b41d30315a1dcb2e0ff95cdd0 av_one_full  avia-builder-el-93  el_after_av_one_third  el_before_av_one_third  jo_col_empty first flex_column_table_cell av-equal-height-column av-align-top av-animated-generic fade-in av-zero-column-padding column-top-margin'     ><section  class='av_textblock_section av-2d0tthr-226b99d6208e41fdca649db3ed8d70a2' ><div class='avia_textblock' ><p>invisible placeholder<\/p>\n<\/div><\/section><\/div><\/div><!--close column table wrapper. Autoclose: 1 --><div class='flex_column_table av-3he72b3-10-b27b54a19a1bd68746a7d840fafe2d3a sc-av_one_third av-equal-height-column-flextable'>\n<style type=\"text\/css\" data-created_by=\"avia_inline_auto\" id=\"style-css-av-3he72b3-10-b27b54a19a1bd68746a7d840fafe2d3a\">\n.flex_column.av-3he72b3-10-b27b54a19a1bd68746a7d840fafe2d3a{\n-webkit-border-radius:0px 0px 0px 0px;\n-moz-border-radius:0px 0px 0px 0px;\nborder-radius:0px 0px 0px 0px;\n}\n<\/style>\n<div class='flex_column av-3he72b3-10-b27b54a19a1bd68746a7d840fafe2d3a av_one_third  avia-builder-el-95  el_after_av_one_full  el_before_av_one_third  jo_pf_bild_bg first flex_column_table_cell av-equal-height-column av-align-top av-animated-generic fade-in av-zero-column-padding column-top-margin'     ><p>\n<style type=\"text\/css\" data-created_by=\"avia_inline_auto\" id=\"style-css-av-8sgded4-298852fb150f2a4c1a7d9fb9f96be961\">\n.avia-image-container.av-8sgded4-298852fb150f2a4c1a7d9fb9f96be961 img.avia_image{\nbox-shadow:none;\n}\n.avia-image-container.av-8sgded4-298852fb150f2a4c1a7d9fb9f96be961 .av-caption-image-overlay-bg{\nopacity:0.4;\n}\n<\/style>\n<div  class='avia-image-container av-8sgded4-298852fb150f2a4c1a7d9fb9f96be961 av-styling-no-styling avia_animated_image av-animated-when-visible-95 fade-in avia-align-left  avia-builder-el-96  el_before_av_textblock  avia-builder-el-first  jo_pf_bild noHover av-overlay-hover-deactivate'  ><div class=\"avia-image-container-inner\"><div class=\"avia-image-overlay-wrap\"><a href=\"https:\/\/www.galerie-metzger.de\/wp-content\/uploads\/2022\/05\/Erik-Hilber-Z.I.P.L.galerie-metzger-sculpture-ceramic-art-object-keramikkunst-gallery-727x1090.jpg\" data-srcset=\"https:\/\/www.galerie-metzger.de\/wp-content\/uploads\/2022\/05\/Erik-Hilber-Z.I.P.L.galerie-metzger-sculpture-ceramic-art-object-keramikkunst-gallery-727x1090.jpg 727w, https:\/\/www.galerie-metzger.de\/wp-content\/uploads\/2022\/05\/Erik-Hilber-Z.I.P.L.galerie-metzger-sculpture-ceramic-art-object-keramikkunst-gallery-690x1035.jpg 690w, https:\/\/www.galerie-metzger.de\/wp-content\/uploads\/2022\/05\/Erik-Hilber-Z.I.P.L.galerie-metzger-sculpture-ceramic-art-object-keramikkunst-gallery-1024x1536.jpg 1024w, https:\/\/www.galerie-metzger.de\/wp-content\/uploads\/2022\/05\/Erik-Hilber-Z.I.P.L.galerie-metzger-sculpture-ceramic-art-object-keramikkunst-gallery-1365x2048.jpg 1365w, https:\/\/www.galerie-metzger.de\/wp-content\/uploads\/2022\/05\/Erik-Hilber-Z.I.P.L.galerie-metzger-sculpture-ceramic-art-object-keramikkunst-gallery-1000x1500.jpg 1000w, https:\/\/www.galerie-metzger.de\/wp-content\/uploads\/2022\/05\/Erik-Hilber-Z.I.P.L.galerie-metzger-sculpture-ceramic-art-object-keramikkunst-gallery-470x705.jpg 470w, https:\/\/www.galerie-metzger.de\/wp-content\/uploads\/2022\/05\/Erik-Hilber-Z.I.P.L.galerie-metzger-sculpture-ceramic-art-object-keramikkunst-gallery-267x400.jpg 267w, https:\/\/www.galerie-metzger.de\/wp-content\/uploads\/2022\/05\/Erik-Hilber-Z.I.P.L.galerie-metzger-sculpture-ceramic-art-object-keramikkunst-gallery-687x1030.jpg 687w, https:\/\/www.galerie-metzger.de\/wp-content\/uploads\/2022\/05\/Erik-Hilber-Z.I.P.L.galerie-metzger-sculpture-ceramic-art-object-keramikkunst-gallery-scaled.jpg 1707w\" data-sizes=\"(max-width: 687px) 100vw, 687px\" class='avia_image' ><div class=\"av-image-caption-overlay\"><div class=\"av-caption-image-overlay-bg\"><\/div><div class=\"av-image-caption-overlay-position\"><div class=\"av-image-caption-overlay-center\"><p>Erik Hilber \u2013\u00a0Z.I.P.L. \u2013\u00a02020, 10&#215;6 cm, Foto: Erik Hilber<\/p>\n<\/div><\/div><\/div><img decoding=\"async\" class='wp-image-10654 avia-img-lazy-loading-not-10654 avia_image ' src=\"https:\/\/www.galerie-metzger.de\/wp-content\/uploads\/2022\/05\/Erik-Hilber-Z.I.P.L.galerie-metzger-sculpture-ceramic-art-object-keramikkunst-gallery-727x1090.jpg\" alt='Erik Hilber - Z.I.P.L.' title='Erik Hilber - Z.I.P.L.'  height=\"1030\" width=\"687\" srcset=\"https:\/\/www.galerie-metzger.de\/wp-content\/uploads\/2022\/05\/Erik-Hilber-Z.I.P.L.galerie-metzger-sculpture-ceramic-art-object-keramikkunst-gallery-727x1090.jpg 727w, https:\/\/www.galerie-metzger.de\/wp-content\/uploads\/2022\/05\/Erik-Hilber-Z.I.P.L.galerie-metzger-sculpture-ceramic-art-object-keramikkunst-gallery-690x1035.jpg 690w, https:\/\/www.galerie-metzger.de\/wp-content\/uploads\/2022\/05\/Erik-Hilber-Z.I.P.L.galerie-metzger-sculpture-ceramic-art-object-keramikkunst-gallery-1024x1536.jpg 1024w, https:\/\/www.galerie-metzger.de\/wp-content\/uploads\/2022\/05\/Erik-Hilber-Z.I.P.L.galerie-metzger-sculpture-ceramic-art-object-keramikkunst-gallery-1365x2048.jpg 1365w, https:\/\/www.galerie-metzger.de\/wp-content\/uploads\/2022\/05\/Erik-Hilber-Z.I.P.L.galerie-metzger-sculpture-ceramic-art-object-keramikkunst-gallery-1000x1500.jpg 1000w, https:\/\/www.galerie-metzger.de\/wp-content\/uploads\/2022\/05\/Erik-Hilber-Z.I.P.L.galerie-metzger-sculpture-ceramic-art-object-keramikkunst-gallery-470x705.jpg 470w, https:\/\/www.galerie-metzger.de\/wp-content\/uploads\/2022\/05\/Erik-Hilber-Z.I.P.L.galerie-metzger-sculpture-ceramic-art-object-keramikkunst-gallery-267x400.jpg 267w, https:\/\/www.galerie-metzger.de\/wp-content\/uploads\/2022\/05\/Erik-Hilber-Z.I.P.L.galerie-metzger-sculpture-ceramic-art-object-keramikkunst-gallery-687x1030.jpg 687w, https:\/\/www.galerie-metzger.de\/wp-content\/uploads\/2022\/05\/Erik-Hilber-Z.I.P.L.galerie-metzger-sculpture-ceramic-art-object-keramikkunst-gallery-scaled.jpg 1707w\" sizes=\"(max-width: 687px) 100vw, 687px\" \/><\/a><\/div><\/div><\/div><br \/>\n<section  class='av_textblock_section av-8n6mjvc-0929e5cde3cb180e69d37e1302e864df' ><div class='avia_textblock jo_werk_anfrage' ><p><a class=\"anfrage\" href=\"mailto:info@galerie-metzger.de?subject=Erik%20Hilber%20Z.I.P.L.%2010x6cm\">Anfrage zum Werk<\/a><\/p>\n<\/div><\/section><\/p><\/div><div class='av-flex-placeholder'><\/div>\n<style type=\"text\/css\" data-created_by=\"avia_inline_auto\" id=\"style-css-av-158gas8-78ba5d6387f2b1b6d835dbef2d184884\">\n.flex_column.av-158gas8-78ba5d6387f2b1b6d835dbef2d184884{\n-webkit-border-radius:0px 0px 0px 0px;\n-moz-border-radius:0px 0px 0px 0px;\nborder-radius:0px 0px 0px 0px;\n}\n<\/style>\n<div class='flex_column av-158gas8-78ba5d6387f2b1b6d835dbef2d184884 av_one_third  avia-builder-el-98  el_after_av_one_third  el_before_av_one_third  jo_pf_bild_bg flex_column_table_cell av-equal-height-column av-align-top av-animated-generic fade-in av-zero-column-padding column-top-margin'     ><p>\n<style type=\"text\/css\" data-created_by=\"avia_inline_auto\" id=\"style-css-av-l2z0peru-d976d04610896238605f094f27108678\">\n.avia-image-container.av-l2z0peru-d976d04610896238605f094f27108678 img.avia_image{\nbox-shadow:none;\n}\n.avia-image-container.av-l2z0peru-d976d04610896238605f094f27108678 .av-caption-image-overlay-bg{\nopacity:0.4;\n}\n<\/style>\n<div  class='avia-image-container av-l2z0peru-d976d04610896238605f094f27108678 av-styling-no-styling avia_animated_image av-animated-when-visible-95 fade-in avia-align-left  avia-builder-el-99  el_before_av_textblock  avia-builder-el-first  jo_pf_bild noHover av-overlay-hover-deactivate'  ><div class=\"avia-image-container-inner\"><div class=\"avia-image-overlay-wrap\"><a href=\"https:\/\/www.galerie-metzger.de\/wp-content\/uploads\/2022\/05\/Erik-Hilber-Z.L.I.P.-galerie-metzger-zeitgenoessische-keramik-skulptur-gallery-art-727x1090.jpg\" data-srcset=\"https:\/\/www.galerie-metzger.de\/wp-content\/uploads\/2022\/05\/Erik-Hilber-Z.L.I.P.-galerie-metzger-zeitgenoessische-keramik-skulptur-gallery-art-727x1090.jpg 727w, https:\/\/www.galerie-metzger.de\/wp-content\/uploads\/2022\/05\/Erik-Hilber-Z.L.I.P.-galerie-metzger-zeitgenoessische-keramik-skulptur-gallery-art-690x1035.jpg 690w, https:\/\/www.galerie-metzger.de\/wp-content\/uploads\/2022\/05\/Erik-Hilber-Z.L.I.P.-galerie-metzger-zeitgenoessische-keramik-skulptur-gallery-art-1024x1536.jpg 1024w, https:\/\/www.galerie-metzger.de\/wp-content\/uploads\/2022\/05\/Erik-Hilber-Z.L.I.P.-galerie-metzger-zeitgenoessische-keramik-skulptur-gallery-art-1365x2048.jpg 1365w, https:\/\/www.galerie-metzger.de\/wp-content\/uploads\/2022\/05\/Erik-Hilber-Z.L.I.P.-galerie-metzger-zeitgenoessische-keramik-skulptur-gallery-art-1000x1500.jpg 1000w, https:\/\/www.galerie-metzger.de\/wp-content\/uploads\/2022\/05\/Erik-Hilber-Z.L.I.P.-galerie-metzger-zeitgenoessische-keramik-skulptur-gallery-art-470x705.jpg 470w, https:\/\/www.galerie-metzger.de\/wp-content\/uploads\/2022\/05\/Erik-Hilber-Z.L.I.P.-galerie-metzger-zeitgenoessische-keramik-skulptur-gallery-art-267x400.jpg 267w, https:\/\/www.galerie-metzger.de\/wp-content\/uploads\/2022\/05\/Erik-Hilber-Z.L.I.P.-galerie-metzger-zeitgenoessische-keramik-skulptur-gallery-art-687x1030.jpg 687w, https:\/\/www.galerie-metzger.de\/wp-content\/uploads\/2022\/05\/Erik-Hilber-Z.L.I.P.-galerie-metzger-zeitgenoessische-keramik-skulptur-gallery-art-scaled.jpg 1707w\" data-sizes=\"(max-width: 687px) 100vw, 687px\" class='avia_image' ><div class=\"av-image-caption-overlay\"><div class=\"av-caption-image-overlay-bg\"><\/div><div class=\"av-image-caption-overlay-position\"><div class=\"av-image-caption-overlay-center\"><p>Erik Hilber \u2013\u00a0Z.L.I.P. \u2013\u00a02020, 9,8&#215;9,5 cm, Foto: Erik Hilber<\/p>\n<\/div><\/div><\/div><img decoding=\"async\" class='wp-image-10652 avia-img-lazy-loading-not-10652 avia_image ' src=\"https:\/\/www.galerie-metzger.de\/wp-content\/uploads\/2022\/05\/Erik-Hilber-Z.L.I.P.-galerie-metzger-zeitgenoessische-keramik-skulptur-gallery-art-727x1090.jpg\" alt='Erik Hilber - Z.L.I.P.' title='Erik Hilber - Z.L.I.P.'  height=\"1030\" width=\"687\" srcset=\"https:\/\/www.galerie-metzger.de\/wp-content\/uploads\/2022\/05\/Erik-Hilber-Z.L.I.P.-galerie-metzger-zeitgenoessische-keramik-skulptur-gallery-art-727x1090.jpg 727w, https:\/\/www.galerie-metzger.de\/wp-content\/uploads\/2022\/05\/Erik-Hilber-Z.L.I.P.-galerie-metzger-zeitgenoessische-keramik-skulptur-gallery-art-690x1035.jpg 690w, https:\/\/www.galerie-metzger.de\/wp-content\/uploads\/2022\/05\/Erik-Hilber-Z.L.I.P.-galerie-metzger-zeitgenoessische-keramik-skulptur-gallery-art-1024x1536.jpg 1024w, https:\/\/www.galerie-metzger.de\/wp-content\/uploads\/2022\/05\/Erik-Hilber-Z.L.I.P.-galerie-metzger-zeitgenoessische-keramik-skulptur-gallery-art-1365x2048.jpg 1365w, https:\/\/www.galerie-metzger.de\/wp-content\/uploads\/2022\/05\/Erik-Hilber-Z.L.I.P.-galerie-metzger-zeitgenoessische-keramik-skulptur-gallery-art-1000x1500.jpg 1000w, https:\/\/www.galerie-metzger.de\/wp-content\/uploads\/2022\/05\/Erik-Hilber-Z.L.I.P.-galerie-metzger-zeitgenoessische-keramik-skulptur-gallery-art-470x705.jpg 470w, https:\/\/www.galerie-metzger.de\/wp-content\/uploads\/2022\/05\/Erik-Hilber-Z.L.I.P.-galerie-metzger-zeitgenoessische-keramik-skulptur-gallery-art-267x400.jpg 267w, https:\/\/www.galerie-metzger.de\/wp-content\/uploads\/2022\/05\/Erik-Hilber-Z.L.I.P.-galerie-metzger-zeitgenoessische-keramik-skulptur-gallery-art-687x1030.jpg 687w, https:\/\/www.galerie-metzger.de\/wp-content\/uploads\/2022\/05\/Erik-Hilber-Z.L.I.P.-galerie-metzger-zeitgenoessische-keramik-skulptur-gallery-art-scaled.jpg 1707w\" sizes=\"(max-width: 687px) 100vw, 687px\" \/><\/a><\/div><\/div><\/div><br \/>\n<section  class='av_textblock_section av-l2z0qieq-5f083f90869add8e49953e156852a8a5' ><div class='avia_textblock jo_werk_anfrage' ><p><a class=\"anfrage\" href=\"mailto:info@galerie-metzger.de?subject=Erik%20Hilber%20Z.L.I.P.%209,8x9,5cm\">Anfrage zum Werk<\/a><\/p>\n<\/div><\/section><\/p><\/div><div class='av-flex-placeholder'><\/div>\n<style type=\"text\/css\" data-created_by=\"avia_inline_auto\" id=\"style-css-av-21vbijz-d11d88a889a2c62e8fcd01189bf58f05\">\n.flex_column.av-21vbijz-d11d88a889a2c62e8fcd01189bf58f05{\n-webkit-border-radius:0px 0px 0px 0px;\n-moz-border-radius:0px 0px 0px 0px;\nborder-radius:0px 0px 0px 0px;\n}\n<\/style>\n<div class='flex_column av-21vbijz-d11d88a889a2c62e8fcd01189bf58f05 av_one_third  avia-builder-el-101  el_after_av_one_third  el_before_av_one_full  jo_col_empty flex_column_table_cell av-equal-height-column av-align-top av-animated-generic fade-in av-zero-column-padding column-top-margin'     ><section  class='av_textblock_section av-1zuf78v-897b9c04c1dccc4a4eadeef68e034da9' ><div class='avia_textblock' ><p>invisible placeholder<\/p>\n<\/div><\/section><\/div><\/div><!--close column table wrapper. Autoclose: 1 --><div class='flex_column_table av-21vbijz-7-b7fd1eaad8472655d7333e27f38d6bdb sc-av_one_full av-equal-height-column-flextable'>\n<style type=\"text\/css\" data-created_by=\"avia_inline_auto\" id=\"style-css-av-21vbijz-7-b7fd1eaad8472655d7333e27f38d6bdb\">\n.flex_column.av-21vbijz-7-b7fd1eaad8472655d7333e27f38d6bdb{\n-webkit-border-radius:0px 0px 0px 0px;\n-moz-border-radius:0px 0px 0px 0px;\nborder-radius:0px 0px 0px 0px;\n}\n<\/style>\n<div class='flex_column av-21vbijz-7-b7fd1eaad8472655d7333e27f38d6bdb av_one_full  avia-builder-el-103  el_after_av_one_third  el_before_av_one_half  jo_col_empty first flex_column_table_cell av-equal-height-column av-align-top av-animated-generic fade-in av-zero-column-padding column-top-margin'     ><section  class='av_textblock_section av-1zuf78v-6-b676f491ea7b14e247777a01e5439365' ><div class='avia_textblock' ><p>invisible placeholder<\/p>\n<\/div><\/section><\/div><\/div><!--close column table wrapper. Autoclose: 1 --><div class='flex_column_table av-3he72b3-8-fe667d9edf3036c8ed70c429dca4e8da sc-av_one_half av-equal-height-column-flextable'>\n<style type=\"text\/css\" data-created_by=\"avia_inline_auto\" id=\"style-css-av-3he72b3-8-fe667d9edf3036c8ed70c429dca4e8da\">\n.flex_column.av-3he72b3-8-fe667d9edf3036c8ed70c429dca4e8da{\n-webkit-border-radius:0px 0px 0px 0px;\n-moz-border-radius:0px 0px 0px 0px;\nborder-radius:0px 0px 0px 0px;\n}\n<\/style>\n<div class='flex_column av-3he72b3-8-fe667d9edf3036c8ed70c429dca4e8da av_one_half  avia-builder-el-105  el_after_av_one_full  el_before_av_one_half  jo_pf_bild_bg first flex_column_table_cell av-equal-height-column av-align-top av-animated-generic fade-in av-zero-column-padding column-top-margin'     ><p>\n<style type=\"text\/css\" data-created_by=\"avia_inline_auto\" id=\"style-css-av-65uano8-cea04fda3962a9dcb7236aa673bb2bee\">\n.avia-image-container.av-65uano8-cea04fda3962a9dcb7236aa673bb2bee img.avia_image{\nbox-shadow:none;\n}\n.avia-image-container.av-65uano8-cea04fda3962a9dcb7236aa673bb2bee .av-caption-image-overlay-bg{\nopacity:0.4;\n}\n<\/style>\n<div  class='avia-image-container av-65uano8-cea04fda3962a9dcb7236aa673bb2bee av-styling-no-styling avia_animated_image av-animated-when-visible-95 fade-in avia-align-left  avia-builder-el-106  el_before_av_textblock  avia-builder-el-first  jo_pf_bild noHover av-overlay-hover-deactivate'  ><div class=\"avia-image-container-inner\"><div class=\"avia-image-overlay-wrap\"><a href=\"https:\/\/www.galerie-metzger.de\/wp-content\/uploads\/2022\/06\/Sebastian-Pertl-Deckelgefaesse-galerie-metzger-gallery-angewandte-kunst-keramik-ceramic-art-1090x727.jpg\" data-srcset=\"https:\/\/www.galerie-metzger.de\/wp-content\/uploads\/2022\/06\/Sebastian-Pertl-Deckelgefaesse-galerie-metzger-gallery-angewandte-kunst-keramik-ceramic-art-1090x727.jpg 1090w, https:\/\/www.galerie-metzger.de\/wp-content\/uploads\/2022\/06\/Sebastian-Pertl-Deckelgefaesse-galerie-metzger-gallery-angewandte-kunst-keramik-ceramic-art-690x460.jpg 690w, https:\/\/www.galerie-metzger.de\/wp-content\/uploads\/2022\/06\/Sebastian-Pertl-Deckelgefaesse-galerie-metzger-gallery-angewandte-kunst-keramik-ceramic-art-1536x1024.jpg 1536w, https:\/\/www.galerie-metzger.de\/wp-content\/uploads\/2022\/06\/Sebastian-Pertl-Deckelgefaesse-galerie-metzger-gallery-angewandte-kunst-keramik-ceramic-art-2048x1365.jpg 2048w, https:\/\/www.galerie-metzger.de\/wp-content\/uploads\/2022\/06\/Sebastian-Pertl-Deckelgefaesse-galerie-metzger-gallery-angewandte-kunst-keramik-ceramic-art-1500x1000.jpg 1500w, https:\/\/www.galerie-metzger.de\/wp-content\/uploads\/2022\/06\/Sebastian-Pertl-Deckelgefaesse-galerie-metzger-gallery-angewandte-kunst-keramik-ceramic-art-705x470.jpg 705w, https:\/\/www.galerie-metzger.de\/wp-content\/uploads\/2022\/06\/Sebastian-Pertl-Deckelgefaesse-galerie-metzger-gallery-angewandte-kunst-keramik-ceramic-art-400x267.jpg 400w, https:\/\/www.galerie-metzger.de\/wp-content\/uploads\/2022\/06\/Sebastian-Pertl-Deckelgefaesse-galerie-metzger-gallery-angewandte-kunst-keramik-ceramic-art-1030x687.jpg 1030w\" data-sizes=\"(max-width: 1030px) 100vw, 1030px\" class='avia_image' ><div class=\"av-image-caption-overlay\"><div class=\"av-caption-image-overlay-bg\"><\/div><div class=\"av-image-caption-overlay-position\"><div class=\"av-image-caption-overlay-center\"><p>Sebastian Pertl \u2013\u00a0Deckelgef\u00e4\u00dfe \u2013 2022, Foto: Edi Baumann<\/p>\n<\/div><\/div><\/div><img decoding=\"async\" class='wp-image-10823 avia-img-lazy-loading-not-10823 avia_image ' src=\"https:\/\/www.galerie-metzger.de\/wp-content\/uploads\/2022\/06\/Sebastian-Pertl-Deckelgefaesse-galerie-metzger-gallery-angewandte-kunst-keramik-ceramic-art-1090x727.jpg\" alt='Sebastian Pertl - Deckelgef\u00e4\u00dfe' title='Sebastian Pertl - Deckelgef\u00e4\u00dfe'  height=\"687\" width=\"1030\" srcset=\"https:\/\/www.galerie-metzger.de\/wp-content\/uploads\/2022\/06\/Sebastian-Pertl-Deckelgefaesse-galerie-metzger-gallery-angewandte-kunst-keramik-ceramic-art-1090x727.jpg 1090w, https:\/\/www.galerie-metzger.de\/wp-content\/uploads\/2022\/06\/Sebastian-Pertl-Deckelgefaesse-galerie-metzger-gallery-angewandte-kunst-keramik-ceramic-art-690x460.jpg 690w, https:\/\/www.galerie-metzger.de\/wp-content\/uploads\/2022\/06\/Sebastian-Pertl-Deckelgefaesse-galerie-metzger-gallery-angewandte-kunst-keramik-ceramic-art-1536x1024.jpg 1536w, https:\/\/www.galerie-metzger.de\/wp-content\/uploads\/2022\/06\/Sebastian-Pertl-Deckelgefaesse-galerie-metzger-gallery-angewandte-kunst-keramik-ceramic-art-2048x1365.jpg 2048w, https:\/\/www.galerie-metzger.de\/wp-content\/uploads\/2022\/06\/Sebastian-Pertl-Deckelgefaesse-galerie-metzger-gallery-angewandte-kunst-keramik-ceramic-art-1500x1000.jpg 1500w, https:\/\/www.galerie-metzger.de\/wp-content\/uploads\/2022\/06\/Sebastian-Pertl-Deckelgefaesse-galerie-metzger-gallery-angewandte-kunst-keramik-ceramic-art-705x470.jpg 705w, https:\/\/www.galerie-metzger.de\/wp-content\/uploads\/2022\/06\/Sebastian-Pertl-Deckelgefaesse-galerie-metzger-gallery-angewandte-kunst-keramik-ceramic-art-400x267.jpg 400w, https:\/\/www.galerie-metzger.de\/wp-content\/uploads\/2022\/06\/Sebastian-Pertl-Deckelgefaesse-galerie-metzger-gallery-angewandte-kunst-keramik-ceramic-art-1030x687.jpg 1030w\" sizes=\"(max-width: 1030px) 100vw, 1030px\" \/><\/a><\/div><\/div><\/div><br \/>\n<section  class='av_textblock_section av-5vb5tnc-017917f10a9f9ed2cda164b6c78b1aaa' ><div class='avia_textblock jo_werk_anfrage' ><p><a class=\"anfrage\" href=\"mailto:info@galerie-metzger.de?subject=Sebastian%20Pertl%20Deckelgef\u00e4\u00dfe%202022\">Anfrage zum Werk<\/a><\/p>\n<\/div><\/section><\/p><\/div><div class='av-flex-placeholder'><\/div>\n<style type=\"text\/css\" data-created_by=\"avia_inline_auto\" id=\"style-css-av-26ns8rc-89d9266203b21af5e44e50f389de7f96\">\n.flex_column.av-26ns8rc-89d9266203b21af5e44e50f389de7f96{\n-webkit-border-radius:0px 0px 0px 0px;\n-moz-border-radius:0px 0px 0px 0px;\nborder-radius:0px 0px 0px 0px;\n}\n<\/style>\n<div class='flex_column av-26ns8rc-89d9266203b21af5e44e50f389de7f96 av_one_half  avia-builder-el-108  el_after_av_one_half  el_before_av_one_full  jo_pf_bild_bg flex_column_table_cell av-equal-height-column av-align-top av-animated-generic fade-in av-zero-column-padding column-top-margin'     ><p>\n<style type=\"text\/css\" data-created_by=\"avia_inline_auto\" id=\"style-css-av-l3w01rel-0ddc3f243c611263e31da7b15dc5f02e\">\n.avia-image-container.av-l3w01rel-0ddc3f243c611263e31da7b15dc5f02e img.avia_image{\nbox-shadow:none;\n}\n.avia-image-container.av-l3w01rel-0ddc3f243c611263e31da7b15dc5f02e .av-caption-image-overlay-bg{\nopacity:0.4;\n}\n<\/style>\n<div  class='avia-image-container av-l3w01rel-0ddc3f243c611263e31da7b15dc5f02e av-styling-no-styling avia_animated_image av-animated-when-visible-95 fade-in avia-align-left  avia-builder-el-109  el_before_av_textblock  avia-builder-el-first  jo_pf_bild noHover av-overlay-hover-deactivate'  ><div class=\"avia-image-container-inner\"><div class=\"avia-image-overlay-wrap\"><a href=\"https:\/\/www.galerie-metzger.de\/wp-content\/uploads\/2022\/06\/Sebastian-Pertl-coffee-to-go-galerie-metzger-gallery-angewandte-kunst-keramik-ceramic-art-1090x385.jpg\" data-srcset=\"https:\/\/www.galerie-metzger.de\/wp-content\/uploads\/2022\/06\/Sebastian-Pertl-coffee-to-go-galerie-metzger-gallery-angewandte-kunst-keramik-ceramic-art-1090x385.jpg 1090w, https:\/\/www.galerie-metzger.de\/wp-content\/uploads\/2022\/06\/Sebastian-Pertl-coffee-to-go-galerie-metzger-gallery-angewandte-kunst-keramik-ceramic-art-690x244.jpg 690w, https:\/\/www.galerie-metzger.de\/wp-content\/uploads\/2022\/06\/Sebastian-Pertl-coffee-to-go-galerie-metzger-gallery-angewandte-kunst-keramik-ceramic-art-1536x543.jpg 1536w, https:\/\/www.galerie-metzger.de\/wp-content\/uploads\/2022\/06\/Sebastian-Pertl-coffee-to-go-galerie-metzger-gallery-angewandte-kunst-keramik-ceramic-art-2048x724.jpg 2048w, https:\/\/www.galerie-metzger.de\/wp-content\/uploads\/2022\/06\/Sebastian-Pertl-coffee-to-go-galerie-metzger-gallery-angewandte-kunst-keramik-ceramic-art-1500x530.jpg 1500w, https:\/\/www.galerie-metzger.de\/wp-content\/uploads\/2022\/06\/Sebastian-Pertl-coffee-to-go-galerie-metzger-gallery-angewandte-kunst-keramik-ceramic-art-705x249.jpg 705w, https:\/\/www.galerie-metzger.de\/wp-content\/uploads\/2022\/06\/Sebastian-Pertl-coffee-to-go-galerie-metzger-gallery-angewandte-kunst-keramik-ceramic-art-400x141.jpg 400w, https:\/\/www.galerie-metzger.de\/wp-content\/uploads\/2022\/06\/Sebastian-Pertl-coffee-to-go-galerie-metzger-gallery-angewandte-kunst-keramik-ceramic-art-1030x364.jpg 1030w\" data-sizes=\"(max-width: 1030px) 100vw, 1030px\" class='avia_image' ><div class=\"av-image-caption-overlay\"><div class=\"av-caption-image-overlay-bg\"><\/div><div class=\"av-image-caption-overlay-position\"><div class=\"av-image-caption-overlay-center\"><p>Sebastian Pertl \u2013\u00a0coffee to go \u2013 2022, Foto: Edi Baumann<\/p>\n<\/div><\/div><\/div><img decoding=\"async\" class='wp-image-10821 avia-img-lazy-loading-not-10821 avia_image ' src=\"https:\/\/www.galerie-metzger.de\/wp-content\/uploads\/2022\/06\/Sebastian-Pertl-coffee-to-go-galerie-metzger-gallery-angewandte-kunst-keramik-ceramic-art-1090x385.jpg\" alt='Sebastian Pertl - coffee to go' title='Sebastian Pertl - coffee to go'  height=\"364\" width=\"1030\" srcset=\"https:\/\/www.galerie-metzger.de\/wp-content\/uploads\/2022\/06\/Sebastian-Pertl-coffee-to-go-galerie-metzger-gallery-angewandte-kunst-keramik-ceramic-art-1090x385.jpg 1090w, https:\/\/www.galerie-metzger.de\/wp-content\/uploads\/2022\/06\/Sebastian-Pertl-coffee-to-go-galerie-metzger-gallery-angewandte-kunst-keramik-ceramic-art-690x244.jpg 690w, https:\/\/www.galerie-metzger.de\/wp-content\/uploads\/2022\/06\/Sebastian-Pertl-coffee-to-go-galerie-metzger-gallery-angewandte-kunst-keramik-ceramic-art-1536x543.jpg 1536w, https:\/\/www.galerie-metzger.de\/wp-content\/uploads\/2022\/06\/Sebastian-Pertl-coffee-to-go-galerie-metzger-gallery-angewandte-kunst-keramik-ceramic-art-2048x724.jpg 2048w, https:\/\/www.galerie-metzger.de\/wp-content\/uploads\/2022\/06\/Sebastian-Pertl-coffee-to-go-galerie-metzger-gallery-angewandte-kunst-keramik-ceramic-art-1500x530.jpg 1500w, https:\/\/www.galerie-metzger.de\/wp-content\/uploads\/2022\/06\/Sebastian-Pertl-coffee-to-go-galerie-metzger-gallery-angewandte-kunst-keramik-ceramic-art-705x249.jpg 705w, https:\/\/www.galerie-metzger.de\/wp-content\/uploads\/2022\/06\/Sebastian-Pertl-coffee-to-go-galerie-metzger-gallery-angewandte-kunst-keramik-ceramic-art-400x141.jpg 400w, https:\/\/www.galerie-metzger.de\/wp-content\/uploads\/2022\/06\/Sebastian-Pertl-coffee-to-go-galerie-metzger-gallery-angewandte-kunst-keramik-ceramic-art-1030x364.jpg 1030w\" sizes=\"(max-width: 1030px) 100vw, 1030px\" \/><\/a><\/div><\/div><\/div><br \/>\n<section  class='av_textblock_section av-l3w02824-e0afd111ba3c5c64dca6058b3db78e73' ><div class='avia_textblock jo_werk_anfrage' ><p><a class=\"anfrage\" href=\"mailto:info@galerie-metzger.de?subject=Sebastian%20Pertl%20coffee to go%202022\">Anfrage zum Werk<\/a><\/p>\n<\/div><\/section><\/p><\/div><\/div><!--close column table wrapper. Autoclose: 1 --><div class='flex_column_table av-1rcizqw-6ca5d6ccaaefb437f7ed43b5757d0bbf sc-av_one_full av-equal-height-column-flextable'>\n<style type=\"text\/css\" data-created_by=\"avia_inline_auto\" id=\"style-css-av-1rcizqw-6ca5d6ccaaefb437f7ed43b5757d0bbf\">\n.flex_column.av-1rcizqw-6ca5d6ccaaefb437f7ed43b5757d0bbf{\n-webkit-border-radius:0px 0px 0px 0px;\n-moz-border-radius:0px 0px 0px 0px;\nborder-radius:0px 0px 0px 0px;\n}\n<\/style>\n<div class='flex_column av-1rcizqw-6ca5d6ccaaefb437f7ed43b5757d0bbf av_one_full  avia-builder-el-111  el_after_av_one_half  el_before_av_one_half  jo_col_empty first flex_column_table_cell av-equal-height-column av-align-top av-animated-generic fade-in av-zero-column-padding column-top-margin'     ><section  class='av_textblock_section av-14b662g-a2a29d1d06780d9281d96486d7bb7691' ><div class='avia_textblock' ><p>invisible placeholder<\/p>\n<\/div><\/section><\/div><\/div><!--close column table wrapper. Autoclose: 1 --><div class='flex_column_table av-l3x75j51-856ffcc6cb9a7b5c7f56bb0f0b94600b sc-av_one_half av-equal-height-column-flextable'>\n<style type=\"text\/css\" data-created_by=\"avia_inline_auto\" id=\"style-css-av-l3x75j51-856ffcc6cb9a7b5c7f56bb0f0b94600b\">\n.flex_column.av-l3x75j51-856ffcc6cb9a7b5c7f56bb0f0b94600b{\n-webkit-border-radius:0px 0px 0px 0px;\n-moz-border-radius:0px 0px 0px 0px;\nborder-radius:0px 0px 0px 0px;\n}\n<\/style>\n<div class='flex_column av-l3x75j51-856ffcc6cb9a7b5c7f56bb0f0b94600b av_one_half  avia-builder-el-113  el_after_av_one_full  el_before_av_one_half  jo_pf_bild_bg first flex_column_table_cell av-equal-height-column av-align-top av-animated-generic fade-in av-zero-column-padding column-top-margin'     ><p>\n<style type=\"text\/css\" data-created_by=\"avia_inline_auto\" id=\"style-css-av-l3x75x77-13c57ff310cab3523ea2181bab1c58b9\">\n.avia-image-container.av-l3x75x77-13c57ff310cab3523ea2181bab1c58b9 img.avia_image{\nbox-shadow:none;\n}\n.avia-image-container.av-l3x75x77-13c57ff310cab3523ea2181bab1c58b9 .av-caption-image-overlay-bg{\nopacity:0.4;\n}\n<\/style>\n<div  class='avia-image-container av-l3x75x77-13c57ff310cab3523ea2181bab1c58b9 av-styling-no-styling avia_animated_image av-animated-when-visible-95 fade-in avia-align-left  avia-builder-el-114  el_before_av_textblock  avia-builder-el-first  jo_pf_bild noHover av-overlay-hover-deactivate'  ><div class=\"avia-image-container-inner\"><div class=\"avia-image-overlay-wrap\"><a href=\"https:\/\/www.galerie-metzger.de\/wp-content\/uploads\/2022\/05\/Elke-Sada-Capriccio-Becher-galerie-metzger-gallery-angewandte-kunst-art-object-1090x727.jpg\" data-srcset=\"https:\/\/www.galerie-metzger.de\/wp-content\/uploads\/2022\/05\/Elke-Sada-Capriccio-Becher-galerie-metzger-gallery-angewandte-kunst-art-object-1090x727.jpg 1090w, https:\/\/www.galerie-metzger.de\/wp-content\/uploads\/2022\/05\/Elke-Sada-Capriccio-Becher-galerie-metzger-gallery-angewandte-kunst-art-object-690x460.jpg 690w, https:\/\/www.galerie-metzger.de\/wp-content\/uploads\/2022\/05\/Elke-Sada-Capriccio-Becher-galerie-metzger-gallery-angewandte-kunst-art-object-1536x1024.jpg 1536w, https:\/\/www.galerie-metzger.de\/wp-content\/uploads\/2022\/05\/Elke-Sada-Capriccio-Becher-galerie-metzger-gallery-angewandte-kunst-art-object-2048x1365.jpg 2048w, https:\/\/www.galerie-metzger.de\/wp-content\/uploads\/2022\/05\/Elke-Sada-Capriccio-Becher-galerie-metzger-gallery-angewandte-kunst-art-object-1500x1000.jpg 1500w, https:\/\/www.galerie-metzger.de\/wp-content\/uploads\/2022\/05\/Elke-Sada-Capriccio-Becher-galerie-metzger-gallery-angewandte-kunst-art-object-705x470.jpg 705w, https:\/\/www.galerie-metzger.de\/wp-content\/uploads\/2022\/05\/Elke-Sada-Capriccio-Becher-galerie-metzger-gallery-angewandte-kunst-art-object-400x267.jpg 400w, https:\/\/www.galerie-metzger.de\/wp-content\/uploads\/2022\/05\/Elke-Sada-Capriccio-Becher-galerie-metzger-gallery-angewandte-kunst-art-object-1030x687.jpg 1030w\" data-sizes=\"(max-width: 1030px) 100vw, 1030px\" class='avia_image' ><div class=\"av-image-caption-overlay\"><div class=\"av-caption-image-overlay-bg\"><\/div><div class=\"av-image-caption-overlay-position\"><div class=\"av-image-caption-overlay-center\"><p>Elke Sada \u2013\u00a0Capriccio Becher \u2013, Foto: Michael Wurzbach<\/p>\n<\/div><\/div><\/div><img decoding=\"async\" class='wp-image-10636 avia-img-lazy-loading-not-10636 avia_image ' src=\"https:\/\/www.galerie-metzger.de\/wp-content\/uploads\/2022\/05\/Elke-Sada-Capriccio-Becher-galerie-metzger-gallery-angewandte-kunst-art-object-1090x727.jpg\" alt='Elke Sada - Capriccio Becher' title='Elke Sada - Capriccio Becher'  height=\"687\" width=\"1030\" srcset=\"https:\/\/www.galerie-metzger.de\/wp-content\/uploads\/2022\/05\/Elke-Sada-Capriccio-Becher-galerie-metzger-gallery-angewandte-kunst-art-object-1090x727.jpg 1090w, https:\/\/www.galerie-metzger.de\/wp-content\/uploads\/2022\/05\/Elke-Sada-Capriccio-Becher-galerie-metzger-gallery-angewandte-kunst-art-object-690x460.jpg 690w, https:\/\/www.galerie-metzger.de\/wp-content\/uploads\/2022\/05\/Elke-Sada-Capriccio-Becher-galerie-metzger-gallery-angewandte-kunst-art-object-1536x1024.jpg 1536w, https:\/\/www.galerie-metzger.de\/wp-content\/uploads\/2022\/05\/Elke-Sada-Capriccio-Becher-galerie-metzger-gallery-angewandte-kunst-art-object-2048x1365.jpg 2048w, https:\/\/www.galerie-metzger.de\/wp-content\/uploads\/2022\/05\/Elke-Sada-Capriccio-Becher-galerie-metzger-gallery-angewandte-kunst-art-object-1500x1000.jpg 1500w, https:\/\/www.galerie-metzger.de\/wp-content\/uploads\/2022\/05\/Elke-Sada-Capriccio-Becher-galerie-metzger-gallery-angewandte-kunst-art-object-705x470.jpg 705w, https:\/\/www.galerie-metzger.de\/wp-content\/uploads\/2022\/05\/Elke-Sada-Capriccio-Becher-galerie-metzger-gallery-angewandte-kunst-art-object-400x267.jpg 400w, https:\/\/www.galerie-metzger.de\/wp-content\/uploads\/2022\/05\/Elke-Sada-Capriccio-Becher-galerie-metzger-gallery-angewandte-kunst-art-object-1030x687.jpg 1030w\" sizes=\"(max-width: 1030px) 100vw, 1030px\" \/><\/a><\/div><\/div><\/div><br \/>\n<section  class='av_textblock_section av-oawpnc-78c01d617607bd46c540b6b99916f393' ><div class='avia_textblock jo_werk_anfrage' ><p><a class=\"anfrage\" href=\"mailto:info@galerie-metzger.de?subject=Elke%20SAda%20Capriccio Becher%202022\">Anfrage zum Werk<\/a><\/p>\n<\/div><\/section><\/p><\/div><div class='av-flex-placeholder'><\/div>\n<style type=\"text\/css\" data-created_by=\"avia_inline_auto\" id=\"style-css-av-rn44oo-dbcf55664280be85931567220773ccff\">\n.flex_column.av-rn44oo-dbcf55664280be85931567220773ccff{\n-webkit-border-radius:0px 0px 0px 0px;\n-moz-border-radius:0px 0px 0px 0px;\nborder-radius:0px 0px 0px 0px;\n}\n<\/style>\n<div class='flex_column av-rn44oo-dbcf55664280be85931567220773ccff av_one_half  avia-builder-el-116  el_after_av_one_half  el_before_av_one_full  jo_pf_bild_bg flex_column_table_cell av-equal-height-column av-align-top av-animated-generic fade-in av-zero-column-padding column-top-margin'     ><p>\n<style type=\"text\/css\" data-created_by=\"avia_inline_auto\" id=\"style-css-av-l2xien31-d55c9a76d353381f9c776de3f74a0017\">\n.avia-image-container.av-l2xien31-d55c9a76d353381f9c776de3f74a0017 img.avia_image{\nbox-shadow:none;\n}\n.avia-image-container.av-l2xien31-d55c9a76d353381f9c776de3f74a0017 .av-caption-image-overlay-bg{\nopacity:0.4;\n}\n<\/style>\n<div  class='avia-image-container av-l2xien31-d55c9a76d353381f9c776de3f74a0017 av-styling-no-styling avia_animated_image av-animated-when-visible-95 fade-in avia-align-left  avia-builder-el-117  el_before_av_textblock  avia-builder-el-first  jo_pf_bild noHover av-overlay-hover-deactivate'  ><div class=\"avia-image-container-inner\"><div class=\"avia-image-overlay-wrap\"><a href=\"https:\/\/www.galerie-metzger.de\/wp-content\/uploads\/2022\/05\/Elke-Sada-Capriccio-Tassen-galerie-metzger-gallery-angewandte-kunst-art-object-1090x727.jpg\" data-srcset=\"https:\/\/www.galerie-metzger.de\/wp-content\/uploads\/2022\/05\/Elke-Sada-Capriccio-Tassen-galerie-metzger-gallery-angewandte-kunst-art-object-1090x727.jpg 1090w, https:\/\/www.galerie-metzger.de\/wp-content\/uploads\/2022\/05\/Elke-Sada-Capriccio-Tassen-galerie-metzger-gallery-angewandte-kunst-art-object-690x460.jpg 690w, https:\/\/www.galerie-metzger.de\/wp-content\/uploads\/2022\/05\/Elke-Sada-Capriccio-Tassen-galerie-metzger-gallery-angewandte-kunst-art-object-1536x1024.jpg 1536w, https:\/\/www.galerie-metzger.de\/wp-content\/uploads\/2022\/05\/Elke-Sada-Capriccio-Tassen-galerie-metzger-gallery-angewandte-kunst-art-object-2048x1365.jpg 2048w, https:\/\/www.galerie-metzger.de\/wp-content\/uploads\/2022\/05\/Elke-Sada-Capriccio-Tassen-galerie-metzger-gallery-angewandte-kunst-art-object-1500x1000.jpg 1500w, https:\/\/www.galerie-metzger.de\/wp-content\/uploads\/2022\/05\/Elke-Sada-Capriccio-Tassen-galerie-metzger-gallery-angewandte-kunst-art-object-705x470.jpg 705w, https:\/\/www.galerie-metzger.de\/wp-content\/uploads\/2022\/05\/Elke-Sada-Capriccio-Tassen-galerie-metzger-gallery-angewandte-kunst-art-object-400x267.jpg 400w, https:\/\/www.galerie-metzger.de\/wp-content\/uploads\/2022\/05\/Elke-Sada-Capriccio-Tassen-galerie-metzger-gallery-angewandte-kunst-art-object-1030x687.jpg 1030w\" data-sizes=\"(max-width: 1030px) 100vw, 1030px\" class='avia_image' ><div class=\"av-image-caption-overlay\"><div class=\"av-caption-image-overlay-bg\"><\/div><div class=\"av-image-caption-overlay-position\"><div class=\"av-image-caption-overlay-center\"><p>Elke Sada \u2013\u00a0Capriccio Tassen \u2013, Foto: Christoph Kremtz<\/p>\n<\/div><\/div><\/div><img decoding=\"async\" class='wp-image-10638 avia-img-lazy-loading-not-10638 avia_image ' src=\"https:\/\/www.galerie-metzger.de\/wp-content\/uploads\/2022\/05\/Elke-Sada-Capriccio-Tassen-galerie-metzger-gallery-angewandte-kunst-art-object-1090x727.jpg\" alt='Elke Sada - Capriccio Tassen' title='Elke Sada - Capriccio Tassen'  height=\"687\" width=\"1030\" srcset=\"https:\/\/www.galerie-metzger.de\/wp-content\/uploads\/2022\/05\/Elke-Sada-Capriccio-Tassen-galerie-metzger-gallery-angewandte-kunst-art-object-1090x727.jpg 1090w, https:\/\/www.galerie-metzger.de\/wp-content\/uploads\/2022\/05\/Elke-Sada-Capriccio-Tassen-galerie-metzger-gallery-angewandte-kunst-art-object-690x460.jpg 690w, https:\/\/www.galerie-metzger.de\/wp-content\/uploads\/2022\/05\/Elke-Sada-Capriccio-Tassen-galerie-metzger-gallery-angewandte-kunst-art-object-1536x1024.jpg 1536w, https:\/\/www.galerie-metzger.de\/wp-content\/uploads\/2022\/05\/Elke-Sada-Capriccio-Tassen-galerie-metzger-gallery-angewandte-kunst-art-object-2048x1365.jpg 2048w, https:\/\/www.galerie-metzger.de\/wp-content\/uploads\/2022\/05\/Elke-Sada-Capriccio-Tassen-galerie-metzger-gallery-angewandte-kunst-art-object-1500x1000.jpg 1500w, https:\/\/www.galerie-metzger.de\/wp-content\/uploads\/2022\/05\/Elke-Sada-Capriccio-Tassen-galerie-metzger-gallery-angewandte-kunst-art-object-705x470.jpg 705w, https:\/\/www.galerie-metzger.de\/wp-content\/uploads\/2022\/05\/Elke-Sada-Capriccio-Tassen-galerie-metzger-gallery-angewandte-kunst-art-object-400x267.jpg 400w, https:\/\/www.galerie-metzger.de\/wp-content\/uploads\/2022\/05\/Elke-Sada-Capriccio-Tassen-galerie-metzger-gallery-angewandte-kunst-art-object-1030x687.jpg 1030w\" sizes=\"(max-width: 1030px) 100vw, 1030px\" \/><\/a><\/div><\/div><\/div><br \/>\n<section  class='av_textblock_section av-l2xiez3e-71ff02c38bcf0c25de9634459cf828ef' ><div class='avia_textblock jo_werk_anfrage' ><p><a class=\"anfrage\" href=\"mailto:info@galerie-metzger.de?subject=Elke%20SAda%20Capriccio Tassen%202022\">Anfrage zum Werk<\/a><\/p>\n<\/div><\/section><\/p><\/div><\/div><!--close column table wrapper. Autoclose: 1 --><div class='flex_column_table av-yyphnj-bd7279fc3f87f9b01ebc8ea163122c7b sc-av_one_full av-equal-height-column-flextable'>\n<style type=\"text\/css\" data-created_by=\"avia_inline_auto\" id=\"style-css-av-yyphnj-bd7279fc3f87f9b01ebc8ea163122c7b\">\n.flex_column.av-yyphnj-bd7279fc3f87f9b01ebc8ea163122c7b{\n-webkit-border-radius:0px 0px 0px 0px;\n-moz-border-radius:0px 0px 0px 0px;\nborder-radius:0px 0px 0px 0px;\n}\n<\/style>\n<div class='flex_column av-yyphnj-bd7279fc3f87f9b01ebc8ea163122c7b av_one_full  avia-builder-el-119  el_after_av_one_half  el_before_av_one_full  jo_col_empty first flex_column_table_cell av-equal-height-column av-align-top av-animated-generic fade-in av-zero-column-padding column-top-margin'     ><section  class='av_textblock_section av-3bsrf3-37d9e2f77bfd3c9bdc5c294e07cd1a5c' ><div class='avia_textblock' ><p>invisible placeholder<\/p>\n<\/div><\/section><\/div><\/div><!--close column table wrapper. Autoclose: 1 --><div class='flex_column_table av-73rck8o-9c5a8f912ac1955317b454cee57ec070 sc-av_one_full av-equal-height-column-flextable'>\n<style type=\"text\/css\" data-created_by=\"avia_inline_auto\" id=\"style-css-av-73rck8o-9c5a8f912ac1955317b454cee57ec070\">\n.flex_column.av-73rck8o-9c5a8f912ac1955317b454cee57ec070{\n-webkit-border-radius:0px 0px 0px 0px;\n-moz-border-radius:0px 0px 0px 0px;\nborder-radius:0px 0px 0px 0px;\n}\n<\/style>\n<div class='flex_column av-73rck8o-9c5a8f912ac1955317b454cee57ec070 av_one_full  avia-builder-el-121  el_after_av_one_full  el_before_av_one_full  jo_pf_bild_bg first flex_column_table_cell av-equal-height-column av-align-top av-animated-generic fade-in av-zero-column-padding column-top-margin'     ><p>\n<style type=\"text\/css\" data-created_by=\"avia_inline_auto\" id=\"style-css-av-l44eba6f-ba76b91e65516ec8e3309d2b8d686565\">\n.avia-image-container.av-l44eba6f-ba76b91e65516ec8e3309d2b8d686565 img.avia_image{\nbox-shadow:none;\n}\n.avia-image-container.av-l44eba6f-ba76b91e65516ec8e3309d2b8d686565 .av-caption-image-overlay-bg{\nopacity:0.4;\n}\n<\/style>\n<div  class='avia-image-container av-l44eba6f-ba76b91e65516ec8e3309d2b8d686565 av-styling-no-styling avia_animated_image av-animated-when-visible-95 fade-in avia-align-left  avia-builder-el-122  el_before_av_textblock  avia-builder-el-first  jo_pf_bild noHover av-overlay-hover-deactivate'  ><div class=\"avia-image-container-inner\"><div class=\"avia-image-overlay-wrap\"><a href=\"https:\/\/www.galerie-metzger.de\/wp-content\/uploads\/2022\/06\/Sebastian-Scheid-Deckelformen-galerie-metzger-gallery-ceramic-art-object-angewandte-kunst-kaufen-keramik-1090x323.jpg\" data-srcset=\"https:\/\/www.galerie-metzger.de\/wp-content\/uploads\/2022\/06\/Sebastian-Scheid-Deckelformen-galerie-metzger-gallery-ceramic-art-object-angewandte-kunst-kaufen-keramik-1090x323.jpg 1090w, https:\/\/www.galerie-metzger.de\/wp-content\/uploads\/2022\/06\/Sebastian-Scheid-Deckelformen-galerie-metzger-gallery-ceramic-art-object-angewandte-kunst-kaufen-keramik-690x205.jpg 690w, https:\/\/www.galerie-metzger.de\/wp-content\/uploads\/2022\/06\/Sebastian-Scheid-Deckelformen-galerie-metzger-gallery-ceramic-art-object-angewandte-kunst-kaufen-keramik-1536x456.jpg 1536w, https:\/\/www.galerie-metzger.de\/wp-content\/uploads\/2022\/06\/Sebastian-Scheid-Deckelformen-galerie-metzger-gallery-ceramic-art-object-angewandte-kunst-kaufen-keramik-2048x608.jpg 2048w, https:\/\/www.galerie-metzger.de\/wp-content\/uploads\/2022\/06\/Sebastian-Scheid-Deckelformen-galerie-metzger-gallery-ceramic-art-object-angewandte-kunst-kaufen-keramik-1500x445.jpg 1500w, https:\/\/www.galerie-metzger.de\/wp-content\/uploads\/2022\/06\/Sebastian-Scheid-Deckelformen-galerie-metzger-gallery-ceramic-art-object-angewandte-kunst-kaufen-keramik-705x209.jpg 705w, https:\/\/www.galerie-metzger.de\/wp-content\/uploads\/2022\/06\/Sebastian-Scheid-Deckelformen-galerie-metzger-gallery-ceramic-art-object-angewandte-kunst-kaufen-keramik-400x119.jpg 400w, https:\/\/www.galerie-metzger.de\/wp-content\/uploads\/2022\/06\/Sebastian-Scheid-Deckelformen-galerie-metzger-gallery-ceramic-art-object-angewandte-kunst-kaufen-keramik-1030x306.jpg 1030w\" data-sizes=\"(max-width: 1030px) 100vw, 1030px\" class='avia_image' ><div class=\"av-image-caption-overlay\"><div class=\"av-caption-image-overlay-bg\"><\/div><div class=\"av-image-caption-overlay-position\"><div class=\"av-image-caption-overlay-center\"><p>Sebastian Scheid \u2013\u00a0Deckelgef\u00e4\u00dfe \u2013, Foto: Edi Baumann<\/p>\n<\/div><\/div><\/div><img decoding=\"async\" class='wp-image-10884 avia-img-lazy-loading-not-10884 avia_image ' src=\"https:\/\/www.galerie-metzger.de\/wp-content\/uploads\/2022\/06\/Sebastian-Scheid-Deckelformen-galerie-metzger-gallery-ceramic-art-object-angewandte-kunst-kaufen-keramik-scaled.jpg\" alt='Sebastian Scheid - Deckelformen' title='Sebastian Scheid - Deckelformen'  height=\"759\" width=\"2560\" srcset=\"https:\/\/www.galerie-metzger.de\/wp-content\/uploads\/2022\/06\/Sebastian-Scheid-Deckelformen-galerie-metzger-gallery-ceramic-art-object-angewandte-kunst-kaufen-keramik-scaled.jpg 2560w, https:\/\/www.galerie-metzger.de\/wp-content\/uploads\/2022\/06\/Sebastian-Scheid-Deckelformen-galerie-metzger-gallery-ceramic-art-object-angewandte-kunst-kaufen-keramik-690x205.jpg 690w, https:\/\/www.galerie-metzger.de\/wp-content\/uploads\/2022\/06\/Sebastian-Scheid-Deckelformen-galerie-metzger-gallery-ceramic-art-object-angewandte-kunst-kaufen-keramik-1090x323.jpg 1090w, https:\/\/www.galerie-metzger.de\/wp-content\/uploads\/2022\/06\/Sebastian-Scheid-Deckelformen-galerie-metzger-gallery-ceramic-art-object-angewandte-kunst-kaufen-keramik-1536x456.jpg 1536w, https:\/\/www.galerie-metzger.de\/wp-content\/uploads\/2022\/06\/Sebastian-Scheid-Deckelformen-galerie-metzger-gallery-ceramic-art-object-angewandte-kunst-kaufen-keramik-2048x608.jpg 2048w, https:\/\/www.galerie-metzger.de\/wp-content\/uploads\/2022\/06\/Sebastian-Scheid-Deckelformen-galerie-metzger-gallery-ceramic-art-object-angewandte-kunst-kaufen-keramik-1500x445.jpg 1500w, https:\/\/www.galerie-metzger.de\/wp-content\/uploads\/2022\/06\/Sebastian-Scheid-Deckelformen-galerie-metzger-gallery-ceramic-art-object-angewandte-kunst-kaufen-keramik-705x209.jpg 705w, https:\/\/www.galerie-metzger.de\/wp-content\/uploads\/2022\/06\/Sebastian-Scheid-Deckelformen-galerie-metzger-gallery-ceramic-art-object-angewandte-kunst-kaufen-keramik-400x119.jpg 400w, https:\/\/www.galerie-metzger.de\/wp-content\/uploads\/2022\/06\/Sebastian-Scheid-Deckelformen-galerie-metzger-gallery-ceramic-art-object-angewandte-kunst-kaufen-keramik-1030x306.jpg 1030w\" sizes=\"(max-width: 2560px) 100vw, 2560px\" \/><\/a><\/div><\/div><\/div><br \/>\n<section  class='av_textblock_section av-l44edsza-5c7655204401f54c09bf72cbf0c4e964' ><div class='avia_textblock jo_werk_anfrage' ><p><a class=\"anfrage\" href=\"mailto:info@galerie-metzger.de?subject=Sebastian%20Scheid%20Deckelgef\u00e4\u00dfe%202022\">Anfrage zum Werk<\/a><\/p>\n<\/div><\/section><\/p><\/div><\/div><!--close column table wrapper. Autoclose: 1 --><div class='flex_column_table av-6qrzad4-3b33086da6f22db66b2724258743f327 sc-av_one_full av-equal-height-column-flextable'>\n<style type=\"text\/css\" data-created_by=\"avia_inline_auto\" id=\"style-css-av-6qrzad4-3b33086da6f22db66b2724258743f327\">\n.flex_column.av-6qrzad4-3b33086da6f22db66b2724258743f327{\n-webkit-border-radius:0px 0px 0px 0px;\n-moz-border-radius:0px 0px 0px 0px;\nborder-radius:0px 0px 0px 0px;\n}\n<\/style>\n<div class='flex_column av-6qrzad4-3b33086da6f22db66b2724258743f327 av_one_full  avia-builder-el-124  el_after_av_one_full  el_before_av_two_third  jo_col_empty first flex_column_table_cell av-equal-height-column av-align-top av-animated-generic fade-in av-zero-column-padding column-top-margin'     ><section  class='av_textblock_section av-6bhz1q0-8058c12485236c289c3dcc825a64b52c' ><div class='avia_textblock' ><p>invisible placeholder<\/p>\n<\/div><\/section><\/div><\/div><!--close column table wrapper. Autoclose: 1 --><div class='flex_column_table av-5lqm9vc-70b3bf87b95845362153684d634634cd sc-av_two_third av-equal-height-column-flextable'>\n<style type=\"text\/css\" data-created_by=\"avia_inline_auto\" id=\"style-css-av-5lqm9vc-70b3bf87b95845362153684d634634cd\">\n.flex_column.av-5lqm9vc-70b3bf87b95845362153684d634634cd{\n-webkit-border-radius:0px 0px 0px 0px;\n-moz-border-radius:0px 0px 0px 0px;\nborder-radius:0px 0px 0px 0px;\n}\n<\/style>\n<div class='flex_column av-5lqm9vc-70b3bf87b95845362153684d634634cd av_two_third  avia-builder-el-126  el_after_av_one_full  el_before_av_one_third  jo_pf_bild_bg first flex_column_table_cell av-equal-height-column av-align-top av-animated-generic fade-in av-zero-column-padding column-top-margin'     ><p>\n<style type=\"text\/css\" data-created_by=\"avia_inline_auto\" id=\"style-css-av-55cd4qg-5dbda9814cb9b55202df42fc308f1e87\">\n.avia-image-container.av-55cd4qg-5dbda9814cb9b55202df42fc308f1e87 img.avia_image{\nbox-shadow:none;\n}\n.avia-image-container.av-55cd4qg-5dbda9814cb9b55202df42fc308f1e87 .av-caption-image-overlay-bg{\nopacity:0.4;\n}\n<\/style>\n<div  class='avia-image-container av-55cd4qg-5dbda9814cb9b55202df42fc308f1e87 av-styling-no-styling avia_animated_image av-animated-when-visible-95 fade-in avia-align-left  avia-builder-el-127  el_before_av_textblock  avia-builder-el-first  jo_pf_bild noHover av-overlay-hover-deactivate'  ><div class=\"avia-image-container-inner\"><div class=\"avia-image-overlay-wrap\"><a href=\"https:\/\/www.galerie-metzger.de\/wp-content\/uploads\/2022\/06\/Iris-Schoene-Deckelgefaesse-galerie-metzger-gallery-keramik-kunst-kaufen-aschaffenburg-1090x816.jpg\" data-srcset=\"https:\/\/www.galerie-metzger.de\/wp-content\/uploads\/2022\/06\/Iris-Schoene-Deckelgefaesse-galerie-metzger-gallery-keramik-kunst-kaufen-aschaffenburg-1090x816.jpg 1090w, https:\/\/www.galerie-metzger.de\/wp-content\/uploads\/2022\/06\/Iris-Schoene-Deckelgefaesse-galerie-metzger-gallery-keramik-kunst-kaufen-aschaffenburg-690x517.jpg 690w, https:\/\/www.galerie-metzger.de\/wp-content\/uploads\/2022\/06\/Iris-Schoene-Deckelgefaesse-galerie-metzger-gallery-keramik-kunst-kaufen-aschaffenburg-1536x1150.jpg 1536w, https:\/\/www.galerie-metzger.de\/wp-content\/uploads\/2022\/06\/Iris-Schoene-Deckelgefaesse-galerie-metzger-gallery-keramik-kunst-kaufen-aschaffenburg-2048x1534.jpg 2048w, https:\/\/www.galerie-metzger.de\/wp-content\/uploads\/2022\/06\/Iris-Schoene-Deckelgefaesse-galerie-metzger-gallery-keramik-kunst-kaufen-aschaffenburg-1500x1123.jpg 1500w, https:\/\/www.galerie-metzger.de\/wp-content\/uploads\/2022\/06\/Iris-Schoene-Deckelgefaesse-galerie-metzger-gallery-keramik-kunst-kaufen-aschaffenburg-705x528.jpg 705w, https:\/\/www.galerie-metzger.de\/wp-content\/uploads\/2022\/06\/Iris-Schoene-Deckelgefaesse-galerie-metzger-gallery-keramik-kunst-kaufen-aschaffenburg-400x300.jpg 400w, https:\/\/www.galerie-metzger.de\/wp-content\/uploads\/2022\/06\/Iris-Schoene-Deckelgefaesse-galerie-metzger-gallery-keramik-kunst-kaufen-aschaffenburg-1030x771.jpg 1030w\" data-sizes=\"(max-width: 1030px) 100vw, 1030px\" class='avia_image' ><div class=\"av-image-caption-overlay\"><div class=\"av-caption-image-overlay-bg\"><\/div><div class=\"av-image-caption-overlay-position\"><div class=\"av-image-caption-overlay-center\"><p>Iris Sch\u00f6ne \u2013\u00a0Deckelgef\u00e4\u00dfe \u2013<\/p>\n<\/div><\/div><\/div><img decoding=\"async\" class='wp-image-10860 avia-img-lazy-loading-not-10860 avia_image ' src=\"https:\/\/www.galerie-metzger.de\/wp-content\/uploads\/2022\/06\/Iris-Schoene-Deckelgefaesse-galerie-metzger-gallery-keramik-kunst-kaufen-aschaffenburg-845x684.jpg\" alt='Iris Sch\u00f6ne - Deckelgef\u00e4\u00dfe' title='Iris Sch\u00f6ne - Deckelgef\u00e4\u00dfe'  height=\"684\" width=\"845\" srcset=\"https:\/\/www.galerie-metzger.de\/wp-content\/uploads\/2022\/06\/Iris-Schoene-Deckelgefaesse-galerie-metzger-gallery-keramik-kunst-kaufen-aschaffenburg-845x684.jpg 845w, https:\/\/www.galerie-metzger.de\/wp-content\/uploads\/2022\/06\/Iris-Schoene-Deckelgefaesse-galerie-metzger-gallery-keramik-kunst-kaufen-aschaffenburg-495x400.jpg 495w\" sizes=\"(max-width: 845px) 100vw, 845px\" \/><\/a><\/div><\/div><\/div><br \/>\n<section  class='av_textblock_section av-hhdjrs-648d0e31810222d65a36d0441761cb05' ><div class='avia_textblock jo_werk_anfrage' ><p><a class=\"anfrage\" href=\"mailto:info@galerie-metzger.de?subject=Iris%20Sch\u00f6ne%20Deckelgef\u00e4\u00dfe%202022\">Anfrage zum Werk<\/a><\/p>\n<\/div><\/section><\/p><\/div><div class='av-flex-placeholder'><\/div>\n<style type=\"text\/css\" data-created_by=\"avia_inline_auto\" id=\"style-css-av-4k8wlh4-0c407614787182476dbfe3b47f49223f\">\n.flex_column.av-4k8wlh4-0c407614787182476dbfe3b47f49223f{\n-webkit-border-radius:0px 0px 0px 0px;\n-moz-border-radius:0px 0px 0px 0px;\nborder-radius:0px 0px 0px 0px;\n}\n<\/style>\n<div class='flex_column av-4k8wlh4-0c407614787182476dbfe3b47f49223f av_one_third  avia-builder-el-129  el_after_av_two_third  el_before_av_one_full  jo_col_empty flex_column_table_cell av-equal-height-column av-align-top av-animated-generic fade-in av-zero-column-padding column-top-margin'     ><section  class='av_textblock_section av-3ug6ixk-c4a5cf9e812c6a46348e8dd4bbdcb1fc' ><div class='avia_textblock' ><p>invisible placeholder<\/p>\n<\/div><\/section><\/div><\/div><!--close column table wrapper. Autoclose: 1 --><div class='flex_column_table av-3kzg5fc-8f03b9017c1eaeda0ff5c055be21dd7d sc-av_one_full av-equal-height-column-flextable'>\n<style type=\"text\/css\" data-created_by=\"avia_inline_auto\" id=\"style-css-av-3kzg5fc-8f03b9017c1eaeda0ff5c055be21dd7d\">\n.flex_column.av-3kzg5fc-8f03b9017c1eaeda0ff5c055be21dd7d{\n-webkit-border-radius:0px 0px 0px 0px;\n-moz-border-radius:0px 0px 0px 0px;\nborder-radius:0px 0px 0px 0px;\n}\n<\/style>\n<div class='flex_column av-3kzg5fc-8f03b9017c1eaeda0ff5c055be21dd7d av_one_full  avia-builder-el-131  el_after_av_one_third  el_before_av_one_third  jo_col_empty first flex_column_table_cell av-equal-height-column av-align-top av-animated-generic fade-in av-zero-column-padding column-top-margin'     ><section  class='av_textblock_section av-2x53il4-5be76dbb2099c4fe61f0e7ea12ddf11c' ><div class='avia_textblock' ><p>invisible placeholder<\/p>\n<\/div><\/section><\/div><\/div><!--close column table wrapper. Autoclose: 1 --><div class='flex_column_table av-87q8d4-ba3d4affb0e82269ff6866d810494b94 sc-av_one_third av-equal-height-column-flextable'>\n<style type=\"text\/css\" data-created_by=\"avia_inline_auto\" id=\"style-css-av-87q8d4-ba3d4affb0e82269ff6866d810494b94\">\n.flex_column.av-87q8d4-ba3d4affb0e82269ff6866d810494b94{\n-webkit-border-radius:0px 0px 0px 0px;\n-moz-border-radius:0px 0px 0px 0px;\nborder-radius:0px 0px 0px 0px;\n}\n<\/style>\n<div class='flex_column av-87q8d4-ba3d4affb0e82269ff6866d810494b94 av_one_third  avia-builder-el-133  el_after_av_one_full  el_before_av_one_third  jo_pf_bild_bg first flex_column_table_cell av-equal-height-column av-align-top av-animated-generic fade-in av-zero-column-padding column-top-margin'     ><p>\n<style type=\"text\/css\" data-created_by=\"avia_inline_auto\" id=\"style-css-av-1jnqkm0-0d24e4d12d8e74fd7cd93f2c821c529e\">\n.avia-image-container.av-1jnqkm0-0d24e4d12d8e74fd7cd93f2c821c529e img.avia_image{\nbox-shadow:none;\n}\n.avia-image-container.av-1jnqkm0-0d24e4d12d8e74fd7cd93f2c821c529e .av-caption-image-overlay-bg{\nopacity:0.4;\n}\n<\/style>\n<div  class='avia-image-container av-1jnqkm0-0d24e4d12d8e74fd7cd93f2c821c529e av-styling-no-styling avia_animated_image av-animated-when-visible-95 fade-in avia-align-left  avia-builder-el-134  el_before_av_textblock  avia-builder-el-first  jo_pf_bild noHover av-overlay-hover-deactivate'  ><div class=\"avia-image-container-inner\"><div class=\"avia-image-overlay-wrap\"><a href=\"https:\/\/www.galerie-metzger.de\/wp-content\/uploads\/2022\/05\/Nawon-Song-Platten-Set-galerie-metzger-gallery-keramikkunst-ceramic-art-1090x1090.jpg\" data-srcset=\"https:\/\/www.galerie-metzger.de\/wp-content\/uploads\/2022\/05\/Nawon-Song-Platten-Set-galerie-metzger-gallery-keramikkunst-ceramic-art-1090x1090.jpg 1090w, https:\/\/www.galerie-metzger.de\/wp-content\/uploads\/2022\/05\/Nawon-Song-Platten-Set-galerie-metzger-gallery-keramikkunst-ceramic-art-690x690.jpg 690w, https:\/\/www.galerie-metzger.de\/wp-content\/uploads\/2022\/05\/Nawon-Song-Platten-Set-galerie-metzger-gallery-keramikkunst-ceramic-art-80x80.jpg 80w, https:\/\/www.galerie-metzger.de\/wp-content\/uploads\/2022\/05\/Nawon-Song-Platten-Set-galerie-metzger-gallery-keramikkunst-ceramic-art-1536x1536.jpg 1536w, https:\/\/www.galerie-metzger.de\/wp-content\/uploads\/2022\/05\/Nawon-Song-Platten-Set-galerie-metzger-gallery-keramikkunst-ceramic-art-2048x2048.jpg 2048w, https:\/\/www.galerie-metzger.de\/wp-content\/uploads\/2022\/05\/Nawon-Song-Platten-Set-galerie-metzger-gallery-keramikkunst-ceramic-art-36x36.jpg 36w, https:\/\/www.galerie-metzger.de\/wp-content\/uploads\/2022\/05\/Nawon-Song-Platten-Set-galerie-metzger-gallery-keramikkunst-ceramic-art-180x180.jpg 180w, https:\/\/www.galerie-metzger.de\/wp-content\/uploads\/2022\/05\/Nawon-Song-Platten-Set-galerie-metzger-gallery-keramikkunst-ceramic-art-1500x1500.jpg 1500w, https:\/\/www.galerie-metzger.de\/wp-content\/uploads\/2022\/05\/Nawon-Song-Platten-Set-galerie-metzger-gallery-keramikkunst-ceramic-art-705x705.jpg 705w, https:\/\/www.galerie-metzger.de\/wp-content\/uploads\/2022\/05\/Nawon-Song-Platten-Set-galerie-metzger-gallery-keramikkunst-ceramic-art-400x400.jpg 400w, https:\/\/www.galerie-metzger.de\/wp-content\/uploads\/2022\/05\/Nawon-Song-Platten-Set-galerie-metzger-gallery-keramikkunst-ceramic-art-1030x1030.jpg 1030w\" data-sizes=\"(max-width: 1030px) 100vw, 1030px\" class='avia_image' ><div class=\"av-image-caption-overlay\"><div class=\"av-caption-image-overlay-bg\"><\/div><div class=\"av-image-caption-overlay-position\"><div class=\"av-image-caption-overlay-center\"><p>Nawon Song \u2013\u00a0Tellerset \u2013\u00a0, Foto: Nawon Song<\/p>\n<\/div><\/div><\/div><img decoding=\"async\" class='wp-image-10630 avia-img-lazy-loading-not-10630 avia_image ' src=\"https:\/\/www.galerie-metzger.de\/wp-content\/uploads\/2022\/05\/Nawon-Song-Platten-Set-galerie-metzger-gallery-keramikkunst-ceramic-art-690x690.jpg\" alt='Nawon Song - Platten Set' title='Nawon Song - Platten Set'  height=\"690\" width=\"690\" srcset=\"https:\/\/www.galerie-metzger.de\/wp-content\/uploads\/2022\/05\/Nawon-Song-Platten-Set-galerie-metzger-gallery-keramikkunst-ceramic-art-690x690.jpg 690w, https:\/\/www.galerie-metzger.de\/wp-content\/uploads\/2022\/05\/Nawon-Song-Platten-Set-galerie-metzger-gallery-keramikkunst-ceramic-art-1090x1090.jpg 1090w, https:\/\/www.galerie-metzger.de\/wp-content\/uploads\/2022\/05\/Nawon-Song-Platten-Set-galerie-metzger-gallery-keramikkunst-ceramic-art-80x80.jpg 80w, https:\/\/www.galerie-metzger.de\/wp-content\/uploads\/2022\/05\/Nawon-Song-Platten-Set-galerie-metzger-gallery-keramikkunst-ceramic-art-1536x1536.jpg 1536w, https:\/\/www.galerie-metzger.de\/wp-content\/uploads\/2022\/05\/Nawon-Song-Platten-Set-galerie-metzger-gallery-keramikkunst-ceramic-art-2048x2048.jpg 2048w, https:\/\/www.galerie-metzger.de\/wp-content\/uploads\/2022\/05\/Nawon-Song-Platten-Set-galerie-metzger-gallery-keramikkunst-ceramic-art-36x36.jpg 36w, https:\/\/www.galerie-metzger.de\/wp-content\/uploads\/2022\/05\/Nawon-Song-Platten-Set-galerie-metzger-gallery-keramikkunst-ceramic-art-180x180.jpg 180w, https:\/\/www.galerie-metzger.de\/wp-content\/uploads\/2022\/05\/Nawon-Song-Platten-Set-galerie-metzger-gallery-keramikkunst-ceramic-art-1500x1500.jpg 1500w, https:\/\/www.galerie-metzger.de\/wp-content\/uploads\/2022\/05\/Nawon-Song-Platten-Set-galerie-metzger-gallery-keramikkunst-ceramic-art-705x705.jpg 705w, https:\/\/www.galerie-metzger.de\/wp-content\/uploads\/2022\/05\/Nawon-Song-Platten-Set-galerie-metzger-gallery-keramikkunst-ceramic-art-400x400.jpg 400w, https:\/\/www.galerie-metzger.de\/wp-content\/uploads\/2022\/05\/Nawon-Song-Platten-Set-galerie-metzger-gallery-keramikkunst-ceramic-art-1030x1030.jpg 1030w\" sizes=\"(max-width: 690px) 100vw, 690px\" \/><\/a><\/div><\/div><\/div><br \/>\n<section  class='av_textblock_section av-15hi36g-d69b0f7e231b47aa6d23b676113097e9' ><div class='avia_textblock jo_werk_anfrage' ><p><a class=\"anfrage\" href=\"mailto:info@galerie-metzger.de?subject=Nawon%20Song%Tellerset\">Anfrage zum Werk<\/a><\/p>\n<\/div><\/section><\/p><\/div><div class='av-flex-placeholder'><\/div>\n<style type=\"text\/css\" data-created_by=\"avia_inline_auto\" id=\"style-css-av-q37izc-e8274a9c14bef19a2957314a42174d82\">\n.flex_column.av-q37izc-e8274a9c14bef19a2957314a42174d82{\n-webkit-border-radius:0px 0px 0px 0px;\n-moz-border-radius:0px 0px 0px 0px;\nborder-radius:0px 0px 0px 0px;\n}\n<\/style>\n<div class='flex_column av-q37izc-e8274a9c14bef19a2957314a42174d82 av_one_third  avia-builder-el-136  el_after_av_one_third  el_before_av_one_third  flex_column_table_cell av-equal-height-column av-align-top av-animated-generic fade-in av-zero-column-padding column-top-margin'     ><section  class='av_textblock_section av-l3blzsfl-1759cda5cdca8248c60d4beff2e61bcc' ><div class='avia_textblock' ><p>Der Anfang der Zuf\u00e4lligkeit ist, dass sich etwas bewegt.<\/p>\n<p><em> Nawon Song, Mai 2022 <\/em><\/p>\n<\/div><\/section><\/div><div class='av-flex-placeholder'><\/div>\n<style type=\"text\/css\" data-created_by=\"avia_inline_auto\" id=\"style-css-av-tnc0d4-e046f12844af92e9457cf01c4398824b\">\n.flex_column.av-tnc0d4-e046f12844af92e9457cf01c4398824b{\n-webkit-border-radius:0px 0px 0px 0px;\n-moz-border-radius:0px 0px 0px 0px;\nborder-radius:0px 0px 0px 0px;\n}\n<\/style>\n<div class='flex_column av-tnc0d4-e046f12844af92e9457cf01c4398824b av_one_third  avia-builder-el-138  el_after_av_one_third  el_before_av_one_full  jo_pf_bild_bg flex_column_table_cell av-equal-height-column av-align-top av-animated-generic fade-in av-zero-column-padding column-top-margin'     ><p>\n<style type=\"text\/css\" data-created_by=\"avia_inline_auto\" id=\"style-css-av-l2xqxdyx-13f32a7eefdec9a0e7fe313a855aa858\">\n.avia-image-container.av-l2xqxdyx-13f32a7eefdec9a0e7fe313a855aa858 img.avia_image{\nbox-shadow:none;\n}\n.avia-image-container.av-l2xqxdyx-13f32a7eefdec9a0e7fe313a855aa858 .av-caption-image-overlay-bg{\nopacity:0.4;\n}\n<\/style>\n<div  class='avia-image-container av-l2xqxdyx-13f32a7eefdec9a0e7fe313a855aa858 av-styling-no-styling avia_animated_image av-animated-when-visible-95 fade-in avia-align-left  avia-builder-el-139  el_before_av_textblock  avia-builder-el-first  jo_pf_bild noHover av-overlay-hover-deactivate'  ><div class=\"avia-image-container-inner\"><div class=\"avia-image-overlay-wrap\"><a href=\"https:\/\/www.galerie-metzger.de\/wp-content\/uploads\/2022\/05\/Nawon-Song-Tasse-galerie-metzger-gallery-angewandte-kunst-art-object-1090x1090.jpg\" data-srcset=\"https:\/\/www.galerie-metzger.de\/wp-content\/uploads\/2022\/05\/Nawon-Song-Tasse-galerie-metzger-gallery-angewandte-kunst-art-object-1090x1090.jpg 1090w, https:\/\/www.galerie-metzger.de\/wp-content\/uploads\/2022\/05\/Nawon-Song-Tasse-galerie-metzger-gallery-angewandte-kunst-art-object-690x690.jpg 690w, https:\/\/www.galerie-metzger.de\/wp-content\/uploads\/2022\/05\/Nawon-Song-Tasse-galerie-metzger-gallery-angewandte-kunst-art-object-80x80.jpg 80w, https:\/\/www.galerie-metzger.de\/wp-content\/uploads\/2022\/05\/Nawon-Song-Tasse-galerie-metzger-gallery-angewandte-kunst-art-object-1536x1536.jpg 1536w, https:\/\/www.galerie-metzger.de\/wp-content\/uploads\/2022\/05\/Nawon-Song-Tasse-galerie-metzger-gallery-angewandte-kunst-art-object-2048x2048.jpg 2048w, https:\/\/www.galerie-metzger.de\/wp-content\/uploads\/2022\/05\/Nawon-Song-Tasse-galerie-metzger-gallery-angewandte-kunst-art-object-36x36.jpg 36w, https:\/\/www.galerie-metzger.de\/wp-content\/uploads\/2022\/05\/Nawon-Song-Tasse-galerie-metzger-gallery-angewandte-kunst-art-object-180x180.jpg 180w, https:\/\/www.galerie-metzger.de\/wp-content\/uploads\/2022\/05\/Nawon-Song-Tasse-galerie-metzger-gallery-angewandte-kunst-art-object-1500x1500.jpg 1500w, https:\/\/www.galerie-metzger.de\/wp-content\/uploads\/2022\/05\/Nawon-Song-Tasse-galerie-metzger-gallery-angewandte-kunst-art-object-705x705.jpg 705w, https:\/\/www.galerie-metzger.de\/wp-content\/uploads\/2022\/05\/Nawon-Song-Tasse-galerie-metzger-gallery-angewandte-kunst-art-object-400x400.jpg 400w, https:\/\/www.galerie-metzger.de\/wp-content\/uploads\/2022\/05\/Nawon-Song-Tasse-galerie-metzger-gallery-angewandte-kunst-art-object-1030x1030.jpg 1030w\" data-sizes=\"(max-width: 1030px) 100vw, 1030px\" class='avia_image' ><div class=\"av-image-caption-overlay\"><div class=\"av-caption-image-overlay-bg\"><\/div><div class=\"av-image-caption-overlay-position\"><div class=\"av-image-caption-overlay-center\"><p>Nawon Song \u2013\u00a0Tasse \u2013\u00a0, Foto: Nawon Song<\/p>\n<\/div><\/div><\/div><img decoding=\"async\" class='wp-image-10632 avia-img-lazy-loading-not-10632 avia_image ' src=\"https:\/\/www.galerie-metzger.de\/wp-content\/uploads\/2022\/05\/Nawon-Song-Tasse-galerie-metzger-gallery-angewandte-kunst-art-object-690x690.jpg\" alt='Nawon Song - Tasse' title='Nawon Song - Tasse'  height=\"690\" width=\"690\" srcset=\"https:\/\/www.galerie-metzger.de\/wp-content\/uploads\/2022\/05\/Nawon-Song-Tasse-galerie-metzger-gallery-angewandte-kunst-art-object-690x690.jpg 690w, https:\/\/www.galerie-metzger.de\/wp-content\/uploads\/2022\/05\/Nawon-Song-Tasse-galerie-metzger-gallery-angewandte-kunst-art-object-1090x1090.jpg 1090w, https:\/\/www.galerie-metzger.de\/wp-content\/uploads\/2022\/05\/Nawon-Song-Tasse-galerie-metzger-gallery-angewandte-kunst-art-object-80x80.jpg 80w, https:\/\/www.galerie-metzger.de\/wp-content\/uploads\/2022\/05\/Nawon-Song-Tasse-galerie-metzger-gallery-angewandte-kunst-art-object-1536x1536.jpg 1536w, https:\/\/www.galerie-metzger.de\/wp-content\/uploads\/2022\/05\/Nawon-Song-Tasse-galerie-metzger-gallery-angewandte-kunst-art-object-2048x2048.jpg 2048w, https:\/\/www.galerie-metzger.de\/wp-content\/uploads\/2022\/05\/Nawon-Song-Tasse-galerie-metzger-gallery-angewandte-kunst-art-object-36x36.jpg 36w, https:\/\/www.galerie-metzger.de\/wp-content\/uploads\/2022\/05\/Nawon-Song-Tasse-galerie-metzger-gallery-angewandte-kunst-art-object-180x180.jpg 180w, https:\/\/www.galerie-metzger.de\/wp-content\/uploads\/2022\/05\/Nawon-Song-Tasse-galerie-metzger-gallery-angewandte-kunst-art-object-1500x1500.jpg 1500w, https:\/\/www.galerie-metzger.de\/wp-content\/uploads\/2022\/05\/Nawon-Song-Tasse-galerie-metzger-gallery-angewandte-kunst-art-object-705x705.jpg 705w, https:\/\/www.galerie-metzger.de\/wp-content\/uploads\/2022\/05\/Nawon-Song-Tasse-galerie-metzger-gallery-angewandte-kunst-art-object-400x400.jpg 400w, https:\/\/www.galerie-metzger.de\/wp-content\/uploads\/2022\/05\/Nawon-Song-Tasse-galerie-metzger-gallery-angewandte-kunst-art-object-1030x1030.jpg 1030w\" sizes=\"(max-width: 690px) 100vw, 690px\" \/><\/a><\/div><\/div><\/div><br \/>\n<section  class='av_textblock_section av-l2xqxony-f5ad2d89f2308f1db6d64262df34d97a' ><div class='avia_textblock jo_werk_anfrage' ><p><a class=\"anfrage\" href=\"mailto:info@galerie-metzger.de?subject=Nawon%20Song%Tasse\">Anfrage zum Werk<\/a><\/p>\n<\/div><\/section><\/p><\/div><\/div><!--close column table wrapper. Autoclose: 1 --><div class='flex_column_table av-21vbijz-5-44819a4ffb7c093950128fb05cb914c7 sc-av_one_full av-equal-height-column-flextable'>\n<style type=\"text\/css\" data-created_by=\"avia_inline_auto\" id=\"style-css-av-21vbijz-5-44819a4ffb7c093950128fb05cb914c7\">\n.flex_column.av-21vbijz-5-44819a4ffb7c093950128fb05cb914c7{\n-webkit-border-radius:0px 0px 0px 0px;\n-moz-border-radius:0px 0px 0px 0px;\nborder-radius:0px 0px 0px 0px;\n}\n<\/style>\n<div class='flex_column av-21vbijz-5-44819a4ffb7c093950128fb05cb914c7 av_one_full  avia-builder-el-141  el_after_av_one_third  el_before_av_one_third  jo_col_empty first flex_column_table_cell av-equal-height-column av-align-top av-animated-generic fade-in av-zero-column-padding column-top-margin'     ><section  class='av_textblock_section av-1zuf78v-4-168db56275dc2cc3ec9e7dfc0db6a9ed' ><div class='avia_textblock' ><p>invisible placeholder<\/p>\n<\/div><\/section><\/div><\/div><!--close column table wrapper. Autoclose: 1 --><div class='flex_column_table av-3he72b3-3-53c0a35b1943b0c5f355ef20effc6bc4 sc-av_one_third av-equal-height-column-flextable'>\n<style type=\"text\/css\" data-created_by=\"avia_inline_auto\" id=\"style-css-av-3he72b3-3-53c0a35b1943b0c5f355ef20effc6bc4\">\n.flex_column.av-3he72b3-3-53c0a35b1943b0c5f355ef20effc6bc4{\n-webkit-border-radius:0px 0px 0px 0px;\n-moz-border-radius:0px 0px 0px 0px;\nborder-radius:0px 0px 0px 0px;\n}\n<\/style>\n<div class='flex_column av-3he72b3-3-53c0a35b1943b0c5f355ef20effc6bc4 av_one_third  avia-builder-el-143  el_after_av_one_full  el_before_av_one_third  jo_pf_bild_bg first flex_column_table_cell av-equal-height-column av-align-top av-animated-generic fade-in av-zero-column-padding column-top-margin'     ><p>\n<style type=\"text\/css\" data-created_by=\"avia_inline_auto\" id=\"style-css-av-27h721k-11afd861754dfdb421737a6fa7704135\">\n.avia-image-container.av-27h721k-11afd861754dfdb421737a6fa7704135 img.avia_image{\nbox-shadow:none;\n}\n.avia-image-container.av-27h721k-11afd861754dfdb421737a6fa7704135 .av-caption-image-overlay-bg{\nopacity:0.4;\n}\n<\/style>\n<div  class='avia-image-container av-27h721k-11afd861754dfdb421737a6fa7704135 av-styling-no-styling avia_animated_image av-animated-when-visible-95 fade-in avia-align-left  avia-builder-el-144  el_before_av_textblock  avia-builder-el-first  jo_pf_bild noHover av-overlay-hover-deactivate'  ><div class=\"avia-image-container-inner\"><div class=\"avia-image-overlay-wrap\"><a href=\"https:\/\/www.galerie-metzger.de\/wp-content\/uploads\/2022\/05\/Katharina-Weber-Becher-und-Tonhalme-galerie-metzger-gallery-angewandte-kunst-contemporary-ceramic-1090x1090.jpg\" data-srcset=\"https:\/\/www.galerie-metzger.de\/wp-content\/uploads\/2022\/05\/Katharina-Weber-Becher-und-Tonhalme-galerie-metzger-gallery-angewandte-kunst-contemporary-ceramic-1090x1090.jpg 1090w, https:\/\/www.galerie-metzger.de\/wp-content\/uploads\/2022\/05\/Katharina-Weber-Becher-und-Tonhalme-galerie-metzger-gallery-angewandte-kunst-contemporary-ceramic-690x690.jpg 690w, https:\/\/www.galerie-metzger.de\/wp-content\/uploads\/2022\/05\/Katharina-Weber-Becher-und-Tonhalme-galerie-metzger-gallery-angewandte-kunst-contemporary-ceramic-80x80.jpg 80w, https:\/\/www.galerie-metzger.de\/wp-content\/uploads\/2022\/05\/Katharina-Weber-Becher-und-Tonhalme-galerie-metzger-gallery-angewandte-kunst-contemporary-ceramic-1536x1536.jpg 1536w, https:\/\/www.galerie-metzger.de\/wp-content\/uploads\/2022\/05\/Katharina-Weber-Becher-und-Tonhalme-galerie-metzger-gallery-angewandte-kunst-contemporary-ceramic-2048x2048.jpg 2048w, https:\/\/www.galerie-metzger.de\/wp-content\/uploads\/2022\/05\/Katharina-Weber-Becher-und-Tonhalme-galerie-metzger-gallery-angewandte-kunst-contemporary-ceramic-36x36.jpg 36w, https:\/\/www.galerie-metzger.de\/wp-content\/uploads\/2022\/05\/Katharina-Weber-Becher-und-Tonhalme-galerie-metzger-gallery-angewandte-kunst-contemporary-ceramic-180x180.jpg 180w, https:\/\/www.galerie-metzger.de\/wp-content\/uploads\/2022\/05\/Katharina-Weber-Becher-und-Tonhalme-galerie-metzger-gallery-angewandte-kunst-contemporary-ceramic-1500x1500.jpg 1500w, https:\/\/www.galerie-metzger.de\/wp-content\/uploads\/2022\/05\/Katharina-Weber-Becher-und-Tonhalme-galerie-metzger-gallery-angewandte-kunst-contemporary-ceramic-705x705.jpg 705w, https:\/\/www.galerie-metzger.de\/wp-content\/uploads\/2022\/05\/Katharina-Weber-Becher-und-Tonhalme-galerie-metzger-gallery-angewandte-kunst-contemporary-ceramic-400x400.jpg 400w, https:\/\/www.galerie-metzger.de\/wp-content\/uploads\/2022\/05\/Katharina-Weber-Becher-und-Tonhalme-galerie-metzger-gallery-angewandte-kunst-contemporary-ceramic-1030x1030.jpg 1030w\" data-sizes=\"(max-width: 1030px) 100vw, 1030px\" class='avia_image' ><div class=\"av-image-caption-overlay\"><div class=\"av-caption-image-overlay-bg\"><\/div><div class=\"av-image-caption-overlay-position\"><div class=\"av-image-caption-overlay-center\"><p>Katharina Weber \u2013\u00a0Becher mit Tonhalme \u2013\u00a0, Foto: Katharina Weber<\/p>\n<\/div><\/div><\/div><img decoding=\"async\" class='wp-image-10701 avia-img-lazy-loading-not-10701 avia_image ' src=\"https:\/\/www.galerie-metzger.de\/wp-content\/uploads\/2022\/05\/Katharina-Weber-Becher-und-Tonhalme-galerie-metzger-gallery-angewandte-kunst-contemporary-ceramic-690x690.jpg\" alt='Katharina Weber - Becher und Tonhalme' title='Katharina Weber - Becher und Tonhalme'  height=\"690\" width=\"690\" srcset=\"https:\/\/www.galerie-metzger.de\/wp-content\/uploads\/2022\/05\/Katharina-Weber-Becher-und-Tonhalme-galerie-metzger-gallery-angewandte-kunst-contemporary-ceramic-690x690.jpg 690w, https:\/\/www.galerie-metzger.de\/wp-content\/uploads\/2022\/05\/Katharina-Weber-Becher-und-Tonhalme-galerie-metzger-gallery-angewandte-kunst-contemporary-ceramic-1090x1090.jpg 1090w, https:\/\/www.galerie-metzger.de\/wp-content\/uploads\/2022\/05\/Katharina-Weber-Becher-und-Tonhalme-galerie-metzger-gallery-angewandte-kunst-contemporary-ceramic-80x80.jpg 80w, https:\/\/www.galerie-metzger.de\/wp-content\/uploads\/2022\/05\/Katharina-Weber-Becher-und-Tonhalme-galerie-metzger-gallery-angewandte-kunst-contemporary-ceramic-1536x1536.jpg 1536w, https:\/\/www.galerie-metzger.de\/wp-content\/uploads\/2022\/05\/Katharina-Weber-Becher-und-Tonhalme-galerie-metzger-gallery-angewandte-kunst-contemporary-ceramic-2048x2048.jpg 2048w, https:\/\/www.galerie-metzger.de\/wp-content\/uploads\/2022\/05\/Katharina-Weber-Becher-und-Tonhalme-galerie-metzger-gallery-angewandte-kunst-contemporary-ceramic-36x36.jpg 36w, https:\/\/www.galerie-metzger.de\/wp-content\/uploads\/2022\/05\/Katharina-Weber-Becher-und-Tonhalme-galerie-metzger-gallery-angewandte-kunst-contemporary-ceramic-180x180.jpg 180w, https:\/\/www.galerie-metzger.de\/wp-content\/uploads\/2022\/05\/Katharina-Weber-Becher-und-Tonhalme-galerie-metzger-gallery-angewandte-kunst-contemporary-ceramic-1500x1500.jpg 1500w, https:\/\/www.galerie-metzger.de\/wp-content\/uploads\/2022\/05\/Katharina-Weber-Becher-und-Tonhalme-galerie-metzger-gallery-angewandte-kunst-contemporary-ceramic-705x705.jpg 705w, https:\/\/www.galerie-metzger.de\/wp-content\/uploads\/2022\/05\/Katharina-Weber-Becher-und-Tonhalme-galerie-metzger-gallery-angewandte-kunst-contemporary-ceramic-400x400.jpg 400w, https:\/\/www.galerie-metzger.de\/wp-content\/uploads\/2022\/05\/Katharina-Weber-Becher-und-Tonhalme-galerie-metzger-gallery-angewandte-kunst-contemporary-ceramic-1030x1030.jpg 1030w\" sizes=\"(max-width: 690px) 100vw, 690px\" \/><\/a><\/div><\/div><\/div><br \/>\n<section  class='av_textblock_section av-1foytqw-57618c94745ff30029e3411f8171a2cf' ><div class='avia_textblock jo_werk_anfrage' ><p><a class=\"anfrage\" href=\"mailto:info@galerie-metzger.de?subject=Katharina%20Weber%Becher mit Tonhalme\">Anfrage zum Werk<\/a><\/p>\n<\/div><\/section><\/p><\/div><div class='av-flex-placeholder'><\/div>\n<style type=\"text\/css\" data-created_by=\"avia_inline_auto\" id=\"style-css-av-tegng8-c82d0ac8d25122cc6e1e2feec6bff45a\">\n.flex_column.av-tegng8-c82d0ac8d25122cc6e1e2feec6bff45a{\n-webkit-border-radius:0px 0px 0px 0px;\n-moz-border-radius:0px 0px 0px 0px;\nborder-radius:0px 0px 0px 0px;\n}\n<\/style>\n<div class='flex_column av-tegng8-c82d0ac8d25122cc6e1e2feec6bff45a av_one_third  avia-builder-el-146  el_after_av_one_third  el_before_av_one_third  jo_pf_bild_bg flex_column_table_cell av-equal-height-column av-align-top av-animated-generic fade-in av-zero-column-padding column-top-margin'     ><p>\n<style type=\"text\/css\" data-created_by=\"avia_inline_auto\" id=\"style-css-av-l37jgzw2-575bd3f0cc06f7cee113a94a06061699\">\n.avia-image-container.av-l37jgzw2-575bd3f0cc06f7cee113a94a06061699 img.avia_image{\nbox-shadow:none;\n}\n.avia-image-container.av-l37jgzw2-575bd3f0cc06f7cee113a94a06061699 .av-caption-image-overlay-bg{\nopacity:0.4;\n}\n<\/style>\n<div  class='avia-image-container av-l37jgzw2-575bd3f0cc06f7cee113a94a06061699 av-styling-no-styling avia_animated_image av-animated-when-visible-95 fade-in avia-align-left  avia-builder-el-147  el_before_av_textblock  avia-builder-el-first  jo_pf_bild noHover av-overlay-hover-deactivate'  ><div class=\"avia-image-container-inner\"><div class=\"avia-image-overlay-wrap\"><a href=\"https:\/\/www.galerie-metzger.de\/wp-content\/uploads\/2022\/05\/Katharina-Weber-Tonhalme-galerie-metzger-gallery-angewandte-kunst-contemporary-ceramic-1090x1090.jpg\" data-srcset=\"https:\/\/www.galerie-metzger.de\/wp-content\/uploads\/2022\/05\/Katharina-Weber-Tonhalme-galerie-metzger-gallery-angewandte-kunst-contemporary-ceramic-1090x1090.jpg 1090w, https:\/\/www.galerie-metzger.de\/wp-content\/uploads\/2022\/05\/Katharina-Weber-Tonhalme-galerie-metzger-gallery-angewandte-kunst-contemporary-ceramic-690x690.jpg 690w, https:\/\/www.galerie-metzger.de\/wp-content\/uploads\/2022\/05\/Katharina-Weber-Tonhalme-galerie-metzger-gallery-angewandte-kunst-contemporary-ceramic-80x80.jpg 80w, https:\/\/www.galerie-metzger.de\/wp-content\/uploads\/2022\/05\/Katharina-Weber-Tonhalme-galerie-metzger-gallery-angewandte-kunst-contemporary-ceramic-1536x1536.jpg 1536w, https:\/\/www.galerie-metzger.de\/wp-content\/uploads\/2022\/05\/Katharina-Weber-Tonhalme-galerie-metzger-gallery-angewandte-kunst-contemporary-ceramic-2048x2048.jpg 2048w, https:\/\/www.galerie-metzger.de\/wp-content\/uploads\/2022\/05\/Katharina-Weber-Tonhalme-galerie-metzger-gallery-angewandte-kunst-contemporary-ceramic-36x36.jpg 36w, https:\/\/www.galerie-metzger.de\/wp-content\/uploads\/2022\/05\/Katharina-Weber-Tonhalme-galerie-metzger-gallery-angewandte-kunst-contemporary-ceramic-180x180.jpg 180w, https:\/\/www.galerie-metzger.de\/wp-content\/uploads\/2022\/05\/Katharina-Weber-Tonhalme-galerie-metzger-gallery-angewandte-kunst-contemporary-ceramic-1500x1500.jpg 1500w, https:\/\/www.galerie-metzger.de\/wp-content\/uploads\/2022\/05\/Katharina-Weber-Tonhalme-galerie-metzger-gallery-angewandte-kunst-contemporary-ceramic-705x705.jpg 705w, https:\/\/www.galerie-metzger.de\/wp-content\/uploads\/2022\/05\/Katharina-Weber-Tonhalme-galerie-metzger-gallery-angewandte-kunst-contemporary-ceramic-400x400.jpg 400w, https:\/\/www.galerie-metzger.de\/wp-content\/uploads\/2022\/05\/Katharina-Weber-Tonhalme-galerie-metzger-gallery-angewandte-kunst-contemporary-ceramic-1030x1030.jpg 1030w\" data-sizes=\"(max-width: 1030px) 100vw, 1030px\" class='avia_image' ><div class=\"av-image-caption-overlay\"><div class=\"av-caption-image-overlay-bg\"><\/div><div class=\"av-image-caption-overlay-position\"><div class=\"av-image-caption-overlay-center\"><p>Katharina Weber \u2013\u00a0Tonhalme \u2013\u00a0, Foto: Katharina Weber<\/p>\n<\/div><\/div><\/div><img decoding=\"async\" class='wp-image-10703 avia-img-lazy-loading-not-10703 avia_image ' src=\"https:\/\/www.galerie-metzger.de\/wp-content\/uploads\/2022\/05\/Katharina-Weber-Tonhalme-galerie-metzger-gallery-angewandte-kunst-contemporary-ceramic-690x690.jpg\" alt='Katharina Weber - Tonhalme' title='Katharina Weber - Tonhalme'  height=\"690\" width=\"690\" srcset=\"https:\/\/www.galerie-metzger.de\/wp-content\/uploads\/2022\/05\/Katharina-Weber-Tonhalme-galerie-metzger-gallery-angewandte-kunst-contemporary-ceramic-690x690.jpg 690w, https:\/\/www.galerie-metzger.de\/wp-content\/uploads\/2022\/05\/Katharina-Weber-Tonhalme-galerie-metzger-gallery-angewandte-kunst-contemporary-ceramic-1090x1090.jpg 1090w, https:\/\/www.galerie-metzger.de\/wp-content\/uploads\/2022\/05\/Katharina-Weber-Tonhalme-galerie-metzger-gallery-angewandte-kunst-contemporary-ceramic-80x80.jpg 80w, https:\/\/www.galerie-metzger.de\/wp-content\/uploads\/2022\/05\/Katharina-Weber-Tonhalme-galerie-metzger-gallery-angewandte-kunst-contemporary-ceramic-1536x1536.jpg 1536w, https:\/\/www.galerie-metzger.de\/wp-content\/uploads\/2022\/05\/Katharina-Weber-Tonhalme-galerie-metzger-gallery-angewandte-kunst-contemporary-ceramic-2048x2048.jpg 2048w, https:\/\/www.galerie-metzger.de\/wp-content\/uploads\/2022\/05\/Katharina-Weber-Tonhalme-galerie-metzger-gallery-angewandte-kunst-contemporary-ceramic-36x36.jpg 36w, https:\/\/www.galerie-metzger.de\/wp-content\/uploads\/2022\/05\/Katharina-Weber-Tonhalme-galerie-metzger-gallery-angewandte-kunst-contemporary-ceramic-180x180.jpg 180w, https:\/\/www.galerie-metzger.de\/wp-content\/uploads\/2022\/05\/Katharina-Weber-Tonhalme-galerie-metzger-gallery-angewandte-kunst-contemporary-ceramic-1500x1500.jpg 1500w, https:\/\/www.galerie-metzger.de\/wp-content\/uploads\/2022\/05\/Katharina-Weber-Tonhalme-galerie-metzger-gallery-angewandte-kunst-contemporary-ceramic-705x705.jpg 705w, https:\/\/www.galerie-metzger.de\/wp-content\/uploads\/2022\/05\/Katharina-Weber-Tonhalme-galerie-metzger-gallery-angewandte-kunst-contemporary-ceramic-400x400.jpg 400w, https:\/\/www.galerie-metzger.de\/wp-content\/uploads\/2022\/05\/Katharina-Weber-Tonhalme-galerie-metzger-gallery-angewandte-kunst-contemporary-ceramic-1030x1030.jpg 1030w\" sizes=\"(max-width: 690px) 100vw, 690px\" \/><\/a><\/div><\/div><\/div><br \/>\n<section  class='av_textblock_section av-l37jha5r-e1f80bb5512a92d1423c7a73b45414f8' ><div class='avia_textblock jo_werk_anfrage' ><p><a class=\"anfrage\" href=\"mailto:info@galerie-metzger.de?subject=Katharina%20Weber%Tonhalme\">Anfrage zum Werk<\/a><\/p>\n<\/div><\/section><\/p><\/div><div class='av-flex-placeholder'><\/div>\n<style type=\"text\/css\" data-created_by=\"avia_inline_auto\" id=\"style-css-av-1fsv4cv-23-b1a862b32fbbd595712a4bc6c9130ba0\">\n.flex_column.av-1fsv4cv-23-b1a862b32fbbd595712a4bc6c9130ba0{\n-webkit-border-radius:0px 0px 0px 0px;\n-moz-border-radius:0px 0px 0px 0px;\nborder-radius:0px 0px 0px 0px;\n}\n<\/style>\n<div class='flex_column av-1fsv4cv-23-b1a862b32fbbd595712a4bc6c9130ba0 av_one_third  avia-builder-el-149  el_after_av_one_third  el_before_av_one_full  flex_column_table_cell av-equal-height-column av-align-top av-animated-generic fade-in av-zero-column-padding column-top-margin'     ><section  class='av_textblock_section av-3m2v1o8-55bf46d6b69dcc233dc0fda5bde6448d' ><div class='avia_textblock' ><p>Der Tonhalm ist ein Objekt, welches sich immer in einem Verh\u00e4ltnis zu einem Gef\u00e4\u00df befindet. Im Zuge dieser vorangestellten Studie von dem Verh\u00e4ltnis des Bechers zum Tonhalm entstanden nun unterschiedliche H\u00f6hen. Dabei stellt das Gef\u00e4\u00df immer die Bedingung an den Tonhalm, sodass der Betrachter jetzt eingeladen wird, sich seinen individuellen Becher und Tonhalm auszusuchen. Weiterhin laden die neuen Farbkl\u00e4nge dazu ein, eigene Akzente mit den Tonhalmen 2.0 zu setzen. Das erweiterte Farbspektrum spielt mit Zweikl\u00e4ngen und Dreikl\u00e4ngen und erzeugt somit eine leuchtende Variation an Kalt-Warm-, sowie Hell-Dunkel-Kontrasten.<\/p>\n<p><em> Katharina Weber, Mai 2022 <\/em><\/p>\n<\/div><\/section><\/div><\/div><!--close column table wrapper. Autoclose: 1 --><div class='flex_column_table av-21vbijz-2-c4092a681bb5eaf8e176b7db21b86c60 sc-av_one_full av-equal-height-column-flextable'>\n<style type=\"text\/css\" data-created_by=\"avia_inline_auto\" id=\"style-css-av-21vbijz-2-c4092a681bb5eaf8e176b7db21b86c60\">\n.flex_column.av-21vbijz-2-c4092a681bb5eaf8e176b7db21b86c60{\n-webkit-border-radius:0px 0px 0px 0px;\n-moz-border-radius:0px 0px 0px 0px;\nborder-radius:0px 0px 0px 0px;\n}\n<\/style>\n<div class='flex_column av-21vbijz-2-c4092a681bb5eaf8e176b7db21b86c60 av_one_full  avia-builder-el-151  el_after_av_one_third  el_before_av_one_third  jo_col_empty first flex_column_table_cell av-equal-height-column av-align-top av-animated-generic fade-in av-zero-column-padding column-top-margin'     ><section  class='av_textblock_section av-1zuf78v-1-1b03a7dbc544d944edfc82d0ab63771c' ><div class='avia_textblock' ><p>invisible placeholder<\/p>\n<\/div><\/section><\/div><\/div><!--close column table wrapper. Autoclose: 1 --><div class='flex_column_table av-2gq0d7c-744095f87b72d62fe1d2d2c03bcdcf4d sc-av_one_third av-equal-height-column-flextable'>\n<style type=\"text\/css\" data-created_by=\"avia_inline_auto\" id=\"style-css-av-2gq0d7c-744095f87b72d62fe1d2d2c03bcdcf4d\">\n.flex_column.av-2gq0d7c-744095f87b72d62fe1d2d2c03bcdcf4d{\n-webkit-border-radius:0px 0px 0px 0px;\n-moz-border-radius:0px 0px 0px 0px;\nborder-radius:0px 0px 0px 0px;\n}\n<\/style>\n<div class='flex_column av-2gq0d7c-744095f87b72d62fe1d2d2c03bcdcf4d av_one_third  avia-builder-el-153  el_after_av_one_full  el_before_av_one_third  jo_pf_bild_bg first flex_column_table_cell av-equal-height-column av-align-top av-animated-generic fade-in av-zero-column-padding column-top-margin'     ><style type=\"text\/css\" data-created_by=\"avia_inline_auto\" id=\"style-css-av-l4ttbvwq-50766550603f0a4cff06b6188ed3b41e\">\n.avia-image-container.av-l4ttbvwq-50766550603f0a4cff06b6188ed3b41e img.avia_image{\nbox-shadow:none;\n}\n.avia-image-container.av-l4ttbvwq-50766550603f0a4cff06b6188ed3b41e .av-caption-image-overlay-bg{\nopacity:0.4;\n}\n<\/style>\n<div  class='avia-image-container av-l4ttbvwq-50766550603f0a4cff06b6188ed3b41e av-styling-no-styling avia_animated_image av-animated-when-visible-95 fade-in avia-align-left  avia-builder-el-154  avia-builder-el-no-sibling  jo_pf_bild noHover av-overlay-hover-deactivate'  ><div class=\"avia-image-container-inner\"><div class=\"avia-image-overlay-wrap\"><a href=\"https:\/\/www.galerie-metzger.de\/wp-content\/uploads\/2022\/06\/Margaret-Curtis-Blick-in-die-Ausstellung-galerie-metzger-gallery-ceramic-art-kaufen-aschaffenburg-1090x727.jpg\" data-srcset=\"https:\/\/www.galerie-metzger.de\/wp-content\/uploads\/2022\/06\/Margaret-Curtis-Blick-in-die-Ausstellung-galerie-metzger-gallery-ceramic-art-kaufen-aschaffenburg-1090x727.jpg 1090w, https:\/\/www.galerie-metzger.de\/wp-content\/uploads\/2022\/06\/Margaret-Curtis-Blick-in-die-Ausstellung-galerie-metzger-gallery-ceramic-art-kaufen-aschaffenburg-690x460.jpg 690w, https:\/\/www.galerie-metzger.de\/wp-content\/uploads\/2022\/06\/Margaret-Curtis-Blick-in-die-Ausstellung-galerie-metzger-gallery-ceramic-art-kaufen-aschaffenburg-1536x1024.jpg 1536w, https:\/\/www.galerie-metzger.de\/wp-content\/uploads\/2022\/06\/Margaret-Curtis-Blick-in-die-Ausstellung-galerie-metzger-gallery-ceramic-art-kaufen-aschaffenburg-2048x1365.jpg 2048w, https:\/\/www.galerie-metzger.de\/wp-content\/uploads\/2022\/06\/Margaret-Curtis-Blick-in-die-Ausstellung-galerie-metzger-gallery-ceramic-art-kaufen-aschaffenburg-1500x1000.jpg 1500w, https:\/\/www.galerie-metzger.de\/wp-content\/uploads\/2022\/06\/Margaret-Curtis-Blick-in-die-Ausstellung-galerie-metzger-gallery-ceramic-art-kaufen-aschaffenburg-705x470.jpg 705w, https:\/\/www.galerie-metzger.de\/wp-content\/uploads\/2022\/06\/Margaret-Curtis-Blick-in-die-Ausstellung-galerie-metzger-gallery-ceramic-art-kaufen-aschaffenburg-400x267.jpg 400w, https:\/\/www.galerie-metzger.de\/wp-content\/uploads\/2022\/06\/Margaret-Curtis-Blick-in-die-Ausstellung-galerie-metzger-gallery-ceramic-art-kaufen-aschaffenburg-1030x687.jpg 1030w\" data-sizes=\"(max-width: 1030px) 100vw, 1030px\" class='avia_image' ><div class=\"av-image-caption-overlay\"><div class=\"av-caption-image-overlay-bg\"><\/div><div class=\"av-image-caption-overlay-position\"><div class=\"av-image-caption-overlay-center\"><p>GEERDET \u2013\u00a0Blick in die Ausstellung \u2013, Foto: Edi Baumann<\/p>\n<\/div><\/div><\/div><img decoding=\"async\" class='wp-image-10901 avia-img-lazy-loading-not-10901 avia_image ' src=\"https:\/\/www.galerie-metzger.de\/wp-content\/uploads\/2022\/06\/Margaret-Curtis-Blick-in-die-Ausstellung-galerie-metzger-gallery-ceramic-art-kaufen-aschaffenburg-690x460.jpg\" alt='Margaret Curtis -Blick in die Ausstellung' title='Margaret Curtis -Blick in die Ausstellung'  height=\"460\" width=\"690\" srcset=\"https:\/\/www.galerie-metzger.de\/wp-content\/uploads\/2022\/06\/Margaret-Curtis-Blick-in-die-Ausstellung-galerie-metzger-gallery-ceramic-art-kaufen-aschaffenburg-690x460.jpg 690w, https:\/\/www.galerie-metzger.de\/wp-content\/uploads\/2022\/06\/Margaret-Curtis-Blick-in-die-Ausstellung-galerie-metzger-gallery-ceramic-art-kaufen-aschaffenburg-1090x727.jpg 1090w, https:\/\/www.galerie-metzger.de\/wp-content\/uploads\/2022\/06\/Margaret-Curtis-Blick-in-die-Ausstellung-galerie-metzger-gallery-ceramic-art-kaufen-aschaffenburg-1536x1024.jpg 1536w, https:\/\/www.galerie-metzger.de\/wp-content\/uploads\/2022\/06\/Margaret-Curtis-Blick-in-die-Ausstellung-galerie-metzger-gallery-ceramic-art-kaufen-aschaffenburg-2048x1365.jpg 2048w, https:\/\/www.galerie-metzger.de\/wp-content\/uploads\/2022\/06\/Margaret-Curtis-Blick-in-die-Ausstellung-galerie-metzger-gallery-ceramic-art-kaufen-aschaffenburg-1500x1000.jpg 1500w, https:\/\/www.galerie-metzger.de\/wp-content\/uploads\/2022\/06\/Margaret-Curtis-Blick-in-die-Ausstellung-galerie-metzger-gallery-ceramic-art-kaufen-aschaffenburg-705x470.jpg 705w, https:\/\/www.galerie-metzger.de\/wp-content\/uploads\/2022\/06\/Margaret-Curtis-Blick-in-die-Ausstellung-galerie-metzger-gallery-ceramic-art-kaufen-aschaffenburg-400x267.jpg 400w, https:\/\/www.galerie-metzger.de\/wp-content\/uploads\/2022\/06\/Margaret-Curtis-Blick-in-die-Ausstellung-galerie-metzger-gallery-ceramic-art-kaufen-aschaffenburg-1030x687.jpg 1030w\" sizes=\"(max-width: 690px) 100vw, 690px\" \/><\/a><\/div><\/div><\/div><\/div><div class='av-flex-placeholder'><\/div>\n<style type=\"text\/css\" data-created_by=\"avia_inline_auto\" id=\"style-css-av-71kqqg-9eee57b06876a8b11191d5c714ef6659\">\n.flex_column.av-71kqqg-9eee57b06876a8b11191d5c714ef6659{\n-webkit-border-radius:0px 0px 0px 0px;\n-moz-border-radius:0px 0px 0px 0px;\nborder-radius:0px 0px 0px 0px;\n}\n<\/style>\n<div class='flex_column av-71kqqg-9eee57b06876a8b11191d5c714ef6659 av_one_third  avia-builder-el-155  el_after_av_one_third  el_before_av_one_third  jo_pf_bild_bg flex_column_table_cell av-equal-height-column av-align-top av-animated-generic fade-in av-zero-column-padding column-top-margin'     ><style type=\"text\/css\" data-created_by=\"avia_inline_auto\" id=\"style-css-av-l4ttcd4v-a7f81efa561410c326d784fe5cb2608e\">\n.avia-image-container.av-l4ttcd4v-a7f81efa561410c326d784fe5cb2608e img.avia_image{\nbox-shadow:none;\n}\n.avia-image-container.av-l4ttcd4v-a7f81efa561410c326d784fe5cb2608e .av-caption-image-overlay-bg{\nopacity:0.4;\n}\n<\/style>\n<div  class='avia-image-container av-l4ttcd4v-a7f81efa561410c326d784fe5cb2608e av-styling-no-styling avia_animated_image av-animated-when-visible-95 fade-in avia-align-left  avia-builder-el-156  avia-builder-el-no-sibling  jo_pf_bild noHover av-overlay-hover-deactivate'  ><div class=\"avia-image-container-inner\"><div class=\"avia-image-overlay-wrap\"><a href=\"https:\/\/www.galerie-metzger.de\/wp-content\/uploads\/2022\/06\/GEERDET-Blick-in-die-Ausstellung-galerie-metzger-gallery-ceramic-art-1090x727.jpg\" data-srcset=\"https:\/\/www.galerie-metzger.de\/wp-content\/uploads\/2022\/06\/GEERDET-Blick-in-die-Ausstellung-galerie-metzger-gallery-ceramic-art-1090x727.jpg 1090w, https:\/\/www.galerie-metzger.de\/wp-content\/uploads\/2022\/06\/GEERDET-Blick-in-die-Ausstellung-galerie-metzger-gallery-ceramic-art-690x460.jpg 690w, https:\/\/www.galerie-metzger.de\/wp-content\/uploads\/2022\/06\/GEERDET-Blick-in-die-Ausstellung-galerie-metzger-gallery-ceramic-art-1536x1024.jpg 1536w, https:\/\/www.galerie-metzger.de\/wp-content\/uploads\/2022\/06\/GEERDET-Blick-in-die-Ausstellung-galerie-metzger-gallery-ceramic-art-2048x1365.jpg 2048w, https:\/\/www.galerie-metzger.de\/wp-content\/uploads\/2022\/06\/GEERDET-Blick-in-die-Ausstellung-galerie-metzger-gallery-ceramic-art-1500x1000.jpg 1500w, https:\/\/www.galerie-metzger.de\/wp-content\/uploads\/2022\/06\/GEERDET-Blick-in-die-Ausstellung-galerie-metzger-gallery-ceramic-art-705x470.jpg 705w, https:\/\/www.galerie-metzger.de\/wp-content\/uploads\/2022\/06\/GEERDET-Blick-in-die-Ausstellung-galerie-metzger-gallery-ceramic-art-400x267.jpg 400w, https:\/\/www.galerie-metzger.de\/wp-content\/uploads\/2022\/06\/GEERDET-Blick-in-die-Ausstellung-galerie-metzger-gallery-ceramic-art-1030x687.jpg 1030w\" data-sizes=\"(max-width: 1030px) 100vw, 1030px\" class='avia_image' ><div class=\"av-image-caption-overlay\"><div class=\"av-caption-image-overlay-bg\"><\/div><div class=\"av-image-caption-overlay-position\"><div class=\"av-image-caption-overlay-center\"><p>GEERDET \u2013\u00a0Blick in die Ausstellung \u2013, Foto: Edi Baumann<\/p>\n<\/div><\/div><\/div><img decoding=\"async\" class='wp-image-10895 avia-img-lazy-loading-not-10895 avia_image ' src=\"https:\/\/www.galerie-metzger.de\/wp-content\/uploads\/2022\/06\/GEERDET-Blick-in-die-Ausstellung-galerie-metzger-gallery-ceramic-art-690x460.jpg\" alt='GEERDET - Blick in die Ausstellung' title='GEERDET - Blick in die Ausstellung'  height=\"460\" width=\"690\" srcset=\"https:\/\/www.galerie-metzger.de\/wp-content\/uploads\/2022\/06\/GEERDET-Blick-in-die-Ausstellung-galerie-metzger-gallery-ceramic-art-690x460.jpg 690w, https:\/\/www.galerie-metzger.de\/wp-content\/uploads\/2022\/06\/GEERDET-Blick-in-die-Ausstellung-galerie-metzger-gallery-ceramic-art-1090x727.jpg 1090w, https:\/\/www.galerie-metzger.de\/wp-content\/uploads\/2022\/06\/GEERDET-Blick-in-die-Ausstellung-galerie-metzger-gallery-ceramic-art-1536x1024.jpg 1536w, https:\/\/www.galerie-metzger.de\/wp-content\/uploads\/2022\/06\/GEERDET-Blick-in-die-Ausstellung-galerie-metzger-gallery-ceramic-art-2048x1365.jpg 2048w, https:\/\/www.galerie-metzger.de\/wp-content\/uploads\/2022\/06\/GEERDET-Blick-in-die-Ausstellung-galerie-metzger-gallery-ceramic-art-1500x1000.jpg 1500w, https:\/\/www.galerie-metzger.de\/wp-content\/uploads\/2022\/06\/GEERDET-Blick-in-die-Ausstellung-galerie-metzger-gallery-ceramic-art-705x470.jpg 705w, https:\/\/www.galerie-metzger.de\/wp-content\/uploads\/2022\/06\/GEERDET-Blick-in-die-Ausstellung-galerie-metzger-gallery-ceramic-art-400x267.jpg 400w, https:\/\/www.galerie-metzger.de\/wp-content\/uploads\/2022\/06\/GEERDET-Blick-in-die-Ausstellung-galerie-metzger-gallery-ceramic-art-1030x687.jpg 1030w\" sizes=\"(max-width: 690px) 100vw, 690px\" \/><\/a><\/div><\/div><\/div><\/div><div class='av-flex-placeholder'><\/div>\n<style type=\"text\/css\" data-created_by=\"avia_inline_auto\" id=\"style-css-av-1k54fh4-59839316e10cc0a6878035db1d0a89fb\">\n.flex_column.av-1k54fh4-59839316e10cc0a6878035db1d0a89fb{\n-webkit-border-radius:0px 0px 0px 0px;\n-moz-border-radius:0px 0px 0px 0px;\nborder-radius:0px 0px 0px 0px;\n}\n<\/style>\n<div class='flex_column av-1k54fh4-59839316e10cc0a6878035db1d0a89fb av_one_third  avia-builder-el-157  el_after_av_one_third  el_before_av_one_full  jo_pf_bild_bg flex_column_table_cell av-equal-height-column av-align-top av-animated-generic fade-in av-zero-column-padding column-top-margin'     ><style type=\"text\/css\" data-created_by=\"avia_inline_auto\" id=\"style-css-av-l4ttbhll-9c35e312c1232bdde7ab4f03326c6f24\">\n.avia-image-container.av-l4ttbhll-9c35e312c1232bdde7ab4f03326c6f24 img.avia_image{\nbox-shadow:none;\n}\n.avia-image-container.av-l4ttbhll-9c35e312c1232bdde7ab4f03326c6f24 .av-caption-image-overlay-bg{\nopacity:0.4;\n}\n<\/style>\n<div  class='avia-image-container av-l4ttbhll-9c35e312c1232bdde7ab4f03326c6f24 av-styling-no-styling avia_animated_image av-animated-when-visible-95 fade-in avia-align-left  avia-builder-el-158  avia-builder-el-no-sibling  jo_pf_bild noHover av-overlay-hover-deactivate'  ><div class=\"avia-image-container-inner\"><div class=\"avia-image-overlay-wrap\"><a href=\"https:\/\/www.galerie-metzger.de\/wp-content\/uploads\/2022\/06\/Jochen-Brandt-Blick-in-diie-Ausstellung-galerie-metzger-gallery-contemporary-ceramic-keramik-1090x727.jpg\" data-srcset=\"https:\/\/www.galerie-metzger.de\/wp-content\/uploads\/2022\/06\/Jochen-Brandt-Blick-in-diie-Ausstellung-galerie-metzger-gallery-contemporary-ceramic-keramik-1090x727.jpg 1090w, https:\/\/www.galerie-metzger.de\/wp-content\/uploads\/2022\/06\/Jochen-Brandt-Blick-in-diie-Ausstellung-galerie-metzger-gallery-contemporary-ceramic-keramik-690x460.jpg 690w, https:\/\/www.galerie-metzger.de\/wp-content\/uploads\/2022\/06\/Jochen-Brandt-Blick-in-diie-Ausstellung-galerie-metzger-gallery-contemporary-ceramic-keramik-1536x1024.jpg 1536w, https:\/\/www.galerie-metzger.de\/wp-content\/uploads\/2022\/06\/Jochen-Brandt-Blick-in-diie-Ausstellung-galerie-metzger-gallery-contemporary-ceramic-keramik-2048x1365.jpg 2048w, https:\/\/www.galerie-metzger.de\/wp-content\/uploads\/2022\/06\/Jochen-Brandt-Blick-in-diie-Ausstellung-galerie-metzger-gallery-contemporary-ceramic-keramik-1500x1000.jpg 1500w, https:\/\/www.galerie-metzger.de\/wp-content\/uploads\/2022\/06\/Jochen-Brandt-Blick-in-diie-Ausstellung-galerie-metzger-gallery-contemporary-ceramic-keramik-705x470.jpg 705w, https:\/\/www.galerie-metzger.de\/wp-content\/uploads\/2022\/06\/Jochen-Brandt-Blick-in-diie-Ausstellung-galerie-metzger-gallery-contemporary-ceramic-keramik-400x267.jpg 400w, https:\/\/www.galerie-metzger.de\/wp-content\/uploads\/2022\/06\/Jochen-Brandt-Blick-in-diie-Ausstellung-galerie-metzger-gallery-contemporary-ceramic-keramik-1030x687.jpg 1030w\" data-sizes=\"(max-width: 1030px) 100vw, 1030px\" class='avia_image' ><div class=\"av-image-caption-overlay\"><div class=\"av-caption-image-overlay-bg\"><\/div><div class=\"av-image-caption-overlay-position\"><div class=\"av-image-caption-overlay-center\"><p>GEERDET \u2013\u00a0Blick in die Ausstellung \u2013, Foto: Edi Baumann<\/p>\n<\/div><\/div><\/div><img decoding=\"async\" class='wp-image-10899 avia-img-lazy-loading-not-10899 avia_image ' src=\"https:\/\/www.galerie-metzger.de\/wp-content\/uploads\/2022\/06\/Jochen-Brandt-Blick-in-diie-Ausstellung-galerie-metzger-gallery-contemporary-ceramic-keramik-690x460.jpg\" alt='Jochen Brandt - Blick in die Ausstellung' title='Jochen Brandt - Blick in die Ausstellung'  height=\"460\" width=\"690\" srcset=\"https:\/\/www.galerie-metzger.de\/wp-content\/uploads\/2022\/06\/Jochen-Brandt-Blick-in-diie-Ausstellung-galerie-metzger-gallery-contemporary-ceramic-keramik-690x460.jpg 690w, https:\/\/www.galerie-metzger.de\/wp-content\/uploads\/2022\/06\/Jochen-Brandt-Blick-in-diie-Ausstellung-galerie-metzger-gallery-contemporary-ceramic-keramik-1090x727.jpg 1090w, https:\/\/www.galerie-metzger.de\/wp-content\/uploads\/2022\/06\/Jochen-Brandt-Blick-in-diie-Ausstellung-galerie-metzger-gallery-contemporary-ceramic-keramik-1536x1024.jpg 1536w, https:\/\/www.galerie-metzger.de\/wp-content\/uploads\/2022\/06\/Jochen-Brandt-Blick-in-diie-Ausstellung-galerie-metzger-gallery-contemporary-ceramic-keramik-2048x1365.jpg 2048w, https:\/\/www.galerie-metzger.de\/wp-content\/uploads\/2022\/06\/Jochen-Brandt-Blick-in-diie-Ausstellung-galerie-metzger-gallery-contemporary-ceramic-keramik-1500x1000.jpg 1500w, https:\/\/www.galerie-metzger.de\/wp-content\/uploads\/2022\/06\/Jochen-Brandt-Blick-in-diie-Ausstellung-galerie-metzger-gallery-contemporary-ceramic-keramik-705x470.jpg 705w, https:\/\/www.galerie-metzger.de\/wp-content\/uploads\/2022\/06\/Jochen-Brandt-Blick-in-diie-Ausstellung-galerie-metzger-gallery-contemporary-ceramic-keramik-400x267.jpg 400w, https:\/\/www.galerie-metzger.de\/wp-content\/uploads\/2022\/06\/Jochen-Brandt-Blick-in-diie-Ausstellung-galerie-metzger-gallery-contemporary-ceramic-keramik-1030x687.jpg 1030w\" sizes=\"(max-width: 690px) 100vw, 690px\" \/><\/a><\/div><\/div><\/div><\/div><\/div><!--close column table wrapper. Autoclose: 1 --><div class='flex_column_table av-17i0ons-8fe44cba0d01194ee8644c26807cf76a sc-av_one_full av-equal-height-column-flextable'>\n<style type=\"text\/css\" data-created_by=\"avia_inline_auto\" id=\"style-css-av-17i0ons-8fe44cba0d01194ee8644c26807cf76a\">\n.flex_column.av-17i0ons-8fe44cba0d01194ee8644c26807cf76a{\n-webkit-border-radius:0px 0px 0px 0px;\n-moz-border-radius:0px 0px 0px 0px;\nborder-radius:0px 0px 0px 0px;\n}\n<\/style>\n<div class='flex_column av-17i0ons-8fe44cba0d01194ee8644c26807cf76a av_one_full  avia-builder-el-159  el_after_av_one_third  avia-builder-el-last  jo_col_empty first flex_column_table_cell av-equal-height-column av-align-top av-animated-generic fade-in av-zero-column-padding column-top-margin'     ><section  class='av_textblock_section av-ib7d6g-d74a749eedf3b5cf814763d5d120d391' ><div class='avia_textblock' ><p>invisible placeholder<\/p>\n<\/div><\/section><\/div><\/div><!--close column table wrapper. Autoclose: 1 --><\/div><\/div><\/main><!-- close content main element --><\/div><\/div><div id='sub_menu1'  class='av-submenu-container av-5fyyjz-a59e23e957d1d5f39b7674b5dd41b144 main_color  avia-builder-el-161  el_after_av_section  avia-builder-el-last  waypmenu submenu-not-first container_wrap fullsize' style='z-index:301' ><div class='container av-menu-mobile-disabled av-submenu-pos-center'><ul id=\"menu-hauptmenue-deutsch\" class=\"av-subnav-menu\"><li role=\"menuitem\" id=\"menu-item-2815\" class=\"mobile menu-item menu-item-type-post_type menu-item-object-page menu-item-top-level menu-item-top-level-1\"><a href=\"https:\/\/www.galerie-metzger.de\/de\/artists\/\" tabindex=\"0\"><span class=\"avia-bullet\"><\/span><span class=\"avia-menu-text\">K\u00fcnstler<\/span><span class=\"avia-menu-fx\"><span class=\"avia-arrow-wrap\"><span class=\"avia-arrow\"><\/span><\/span><\/span><\/a><\/li>\n<li role=\"menuitem\" id=\"menu-item-2818\" class=\"mobile menu-item menu-item-type-post_type menu-item-object-page menu-item-top-level menu-item-top-level-2\"><a href=\"https:\/\/www.galerie-metzger.de\/de\/expo\/\" tabindex=\"0\"><span class=\"avia-bullet\"><\/span><span class=\"avia-menu-text\">Ausstellungen<\/span><span class=\"avia-menu-fx\"><span class=\"avia-arrow-wrap\"><span class=\"avia-arrow\"><\/span><\/span><\/span><\/a><\/li>\n<li role=\"menuitem\" id=\"menu-item-2796\" class=\"mobile menu-item menu-item-type-post_type menu-item-object-page menu-item-top-level menu-item-top-level-3\"><a href=\"https:\/\/www.galerie-metzger.de\/de\/sales\/\" tabindex=\"0\"><span class=\"avia-bullet\"><\/span><span class=\"avia-menu-text\">Verkauf<\/span><span class=\"avia-menu-fx\"><span class=\"avia-arrow-wrap\"><span class=\"avia-arrow\"><\/span><\/span><\/span><\/a><\/li>\n<li role=\"menuitem\" id=\"menu-item-12309\" class=\"mobile menu-item menu-item-type-post_type menu-item-object-post menu-item-top-level menu-item-top-level-4\"><a href=\"https:\/\/www.galerie-metzger.de\/de\/studio-ceramics\/studiokeramik\/\" tabindex=\"0\"><span class=\"avia-bullet\"><\/span><span class=\"avia-menu-text\">Studiokeramik<\/span><span class=\"avia-menu-fx\"><span class=\"avia-arrow-wrap\"><span class=\"avia-arrow\"><\/span><\/span><\/span><\/a><\/li>\n<li role=\"menuitem\" id=\"menu-item-10694\" class=\"menu-item menu-item-type-post_type menu-item-object-page menu-item-top-level menu-item-top-level-5\"><a href=\"https:\/\/www.galerie-metzger.de\/de\/keramik-marken-stempel-signaturen\/\" tabindex=\"0\"><span class=\"avia-bullet\"><\/span><span class=\"avia-menu-text\">Signaturen<\/span><span class=\"avia-menu-fx\"><span class=\"avia-arrow-wrap\"><span class=\"avia-arrow\"><\/span><\/span><\/span><\/a><\/li>\n<li role=\"menuitem\" id=\"menu-item-3559\" class=\"mobile menu-item menu-item-type-post_type menu-item-object-page menu-item-top-level menu-item-top-level-6\"><a href=\"https:\/\/www.galerie-metzger.de\/de\/gallery\/\" tabindex=\"0\"><span class=\"avia-bullet\"><\/span><span class=\"avia-menu-text\">die Galerie<\/span><span class=\"avia-menu-fx\"><span class=\"avia-arrow-wrap\"><span class=\"avia-arrow\"><\/span><\/span><\/span><\/a><\/li>\n<li role=\"menuitem\" id=\"menu-item-2715\" class=\"mobile menu-item menu-item-type-post_type menu-item-object-page menu-item-top-level menu-item-top-level-7\"><a href=\"https:\/\/www.galerie-metzger.de\/de\/contact\/\" tabindex=\"0\"><span class=\"avia-bullet\"><\/span><span class=\"avia-menu-text\">Kontakt<\/span><span class=\"avia-menu-fx\"><span class=\"avia-arrow-wrap\"><span class=\"avia-arrow\"><\/span><\/span><\/span><\/a><\/li>\n<li role=\"menuitem\" id=\"menu-item-5932\" class=\"mobile menu-item menu-item-type-custom menu-item-object-custom menu-item-top-level menu-item-top-level-8\"><a href=\"https:\/\/www.galerie-metzger.de\/de\/contact\/#site-notice\" tabindex=\"0\"><span class=\"avia-bullet\"><\/span><span class=\"avia-menu-text\">Impressum<\/span><span class=\"avia-menu-fx\"><span class=\"avia-arrow-wrap\"><span class=\"avia-arrow\"><\/span><\/span><\/span><\/a><\/li>\n<li role=\"menuitem\" id=\"menu-item-5933\" class=\"mobile menu-item menu-item-type-custom menu-item-object-custom menu-item-top-level menu-item-top-level-9\"><a href=\"https:\/\/www.galerie-metzger.de\/de\/contact\/#data\" tabindex=\"0\"><span class=\"avia-bullet\"><\/span><span class=\"avia-menu-text\">Datenschutz<\/span><span class=\"avia-menu-fx\"><span class=\"avia-arrow-wrap\"><span class=\"avia-arrow\"><\/span><\/span><\/span><\/a><\/li>\n<li role=\"menuitem\" id=\"menu-item-2994\" class=\"mobile menu-item menu-item-type-post_type menu-item-object-page menu-item-top-level menu-item-top-level-10\"><a href=\"https:\/\/www.galerie-metzger.de\/de\/links\/\" tabindex=\"0\"><span class=\"avia-bullet\"><\/span><span class=\"avia-menu-text\">Links<\/span><span class=\"avia-menu-fx\"><span class=\"avia-arrow-wrap\"><span class=\"avia-arrow\"><\/span><\/span><\/span><\/a><\/li>\n<li role=\"menuitem\" id=\"menu-item-1070\" class=\"bottom nomob menu_inv menu-item menu-item-type-custom menu-item-object-custom menu-item-top-level menu-item-top-level-11\"><a href=\"#footer\" tabindex=\"0\"><span class=\"avia-bullet\"><\/span><span class=\"avia-menu-text\">+Info<\/span><span class=\"avia-menu-fx\"><span class=\"avia-arrow-wrap\"><span class=\"avia-arrow\"><\/span><\/span><\/span><\/a><\/li>\n<li role=\"menuitem\" id=\"menu-item-1807\" class=\"menu_inv mobile address menu-item menu-item-type-custom menu-item-object-custom menu-item-top-level menu-item-top-level-12\"><a href=\"#\" tabindex=\"0\"><span class=\"avia-bullet\"><\/span><span class=\"avia-menu-text\"><p class=\"mob_menu dist top\">GALERIE <span class=\"bold\">METZGER<\/span><\/p> <p class=\"mob_menu\">Angelika Metzger<\/p> <p class=\"mob_menu\">Hauptstr. 18<\/p> <p class=\"mob_menu\">63867 Johannesberg<\/p> <p class=\"mob_menu phone\"><a href=\"tel:00496021460224\">+49 (0)6021 460224<\/a><\/p> <p class=\"mob_menu mail\"><a href=\"mailto:info@galerie-metzger.de\">info@galerie-metzger.de<\/a><\/p><\/span><span class=\"avia-menu-fx\"><span class=\"avia-arrow-wrap\"><span class=\"avia-arrow\"><\/span><\/span><\/span><\/a><\/li>\n<li role=\"menuitem\" id=\"menu-item-wpml-ls-17-de\" class=\"menu-item-language menu-item-language-current menu-item wpml-ls-slot-17 wpml-ls-item wpml-ls-item-de wpml-ls-current-language wpml-ls-menu-item wpml-ls-first-item menu-item-type-wpml_ls_menu_item menu-item-object-wpml_ls_menu_item menu-item-top-level menu-item-top-level-13\"><a href=\"https:\/\/www.galerie-metzger.de\/de\/\" tabindex=\"0\"><span class=\"avia-bullet\"><\/span><span class=\"avia-menu-text\"><span class=\"wpml-ls-native\" lang=\"de\">Deutsch<\/span><\/span><span class=\"avia-menu-fx\"><span class=\"avia-arrow-wrap\"><span class=\"avia-arrow\"><\/span><\/span><\/span><\/a><\/li>\n<li role=\"menuitem\" id=\"menu-item-wpml-ls-17-en\" class=\"menu-item-language menu-item wpml-ls-slot-17 wpml-ls-item wpml-ls-item-en wpml-ls-menu-item wpml-ls-last-item menu-item-type-wpml_ls_menu_item menu-item-object-wpml_ls_menu_item menu-item-top-level menu-item-top-level-14\"><a title=\"Zu English wechseln\" href=\"https:\/\/www.galerie-metzger.de\/en\/\" tabindex=\"0\"><span class=\"avia-bullet\"><\/span><span class=\"avia-menu-text\"><span class=\"wpml-ls-native\" lang=\"en\">English<\/span><\/span><span class=\"avia-menu-fx\"><span class=\"avia-arrow-wrap\"><span class=\"avia-arrow\"><\/span><\/span><\/span><\/a><\/li>\n<\/ul><\/div><\/div><\/p>\n","protected":false},"excerpt":{"rendered":"<p><span class=\"event_date_preview\">26.06.2022 \u2013 17.07.2022<\/span><br \/>\nGEERDET &#8211; auf diesem Untergrund pr\u00e4sentiert die neue Ausstellung Keramiken f\u00fcrs t\u00e4gliche Leben und plastische Arbeiten.<\/p>\n","protected":false},"author":4,"featured_media":10658,"comment_status":"closed","ping_status":"closed","sticky":false,"template":"","format":"standard","meta":{"_lmt_disableupdate":"no","_lmt_disable":"","footnotes":""},"categories":[65,69],"tags":[],"class_list":["post-10616","post","type-post","status-publish","format-standard","has-post-thumbnail","hentry","category-expo","category-expo_past"],"yoast_head":"<!-- This site is optimized with the Yoast SEO plugin v26.8 - https:\/\/yoast.com\/product\/yoast-seo-wordpress\/ -->\n<title>GEERDET &#8211; GALERIE METZGER<\/title>\n<meta name=\"robots\" content=\"index, follow, max-snippet:-1, max-image-preview:large, max-video-preview:-1\" \/>\n<link rel=\"canonical\" href=\"https:\/\/www.galerie-metzger.de\/de\/expo\/geerdet\/\" \/>\n<meta property=\"og:locale\" content=\"de_DE\" \/>\n<meta property=\"og:type\" content=\"article\" \/>\n<meta property=\"og:title\" content=\"GEERDET &#8211; GALERIE METZGER\" \/>\n<meta property=\"og:description\" content=\"26.06.2022 \u2013 17.07.2022 GEERDET - auf diesem Untergrund pr\u00e4sentiert die neue Ausstellung Keramiken f\u00fcrs t\u00e4gliche Leben und plastische Arbeiten.\" \/>\n<meta property=\"og:url\" content=\"https:\/\/www.galerie-metzger.de\/de\/expo\/geerdet\/\" \/>\n<meta property=\"og:site_name\" content=\"GALERIE METZGER\" \/>\n<meta property=\"article:published_time\" content=\"2022-05-07T19:16:10+00:00\" \/>\n<meta property=\"article:modified_time\" content=\"2022-10-11T17:08:28+00:00\" \/>\n<meta property=\"og:image\" content=\"https:\/\/www.galerie-metzger.de\/wp-content\/uploads\/2022\/05\/Erik-Hilber-Z.I.P.L.galerie-metzger-sculpture-ceramic-art-object-keramikkunst-gallery-kaufen-1090x727.jpg\" \/>\n\t<meta property=\"og:image:width\" content=\"1090\" \/>\n\t<meta property=\"og:image:height\" content=\"727\" \/>\n\t<meta property=\"og:image:type\" content=\"image\/jpeg\" \/>\n<meta name=\"author\" content=\"Angelika Metzger\" \/>\n<meta name=\"twitter:card\" content=\"summary_large_image\" \/>\n<meta name=\"twitter:label1\" content=\"Verfasst von\" \/>\n\t<meta name=\"twitter:data1\" content=\"Angelika Metzger\" \/>\n\t<meta name=\"twitter:label2\" content=\"Gesch\u00e4tzte Lesezeit\" \/>\n\t<meta name=\"twitter:data2\" content=\"24\u00a0Minuten\" \/>\n<script type=\"application\/ld+json\" class=\"yoast-schema-graph\">{\"@context\":\"https:\/\/schema.org\",\"@graph\":[{\"@type\":\"Article\",\"@id\":\"https:\/\/www.galerie-metzger.de\/de\/expo\/geerdet\/#article\",\"isPartOf\":{\"@id\":\"https:\/\/www.galerie-metzger.de\/de\/expo\/geerdet\/\"},\"author\":{\"name\":\"Angelika Metzger\",\"@id\":\"https:\/\/www.galerie-metzger.de\/de\/#\/schema\/person\/de40226dffedff12173595e065b355f4\"},\"headline\":\"GEERDET\",\"datePublished\":\"2022-05-07T19:16:10+00:00\",\"dateModified\":\"2022-10-11T17:08:28+00:00\",\"mainEntityOfPage\":{\"@id\":\"https:\/\/www.galerie-metzger.de\/de\/expo\/geerdet\/\"},\"wordCount\":9131,\"publisher\":{\"@id\":\"https:\/\/www.galerie-metzger.de\/de\/#organization\"},\"image\":{\"@id\":\"https:\/\/www.galerie-metzger.de\/de\/expo\/geerdet\/#primaryimage\"},\"thumbnailUrl\":\"https:\/\/www.galerie-metzger.de\/wp-content\/uploads\/2022\/05\/Erik-Hilber-Z.I.P.L.galerie-metzger-sculpture-ceramic-art-object-keramikkunst-gallery-kaufen-scaled.jpg\",\"articleSection\":[\"expo\",\"expo_past\"],\"inLanguage\":\"de\"},{\"@type\":\"WebPage\",\"@id\":\"https:\/\/www.galerie-metzger.de\/de\/expo\/geerdet\/\",\"url\":\"https:\/\/www.galerie-metzger.de\/de\/expo\/geerdet\/\",\"name\":\"GEERDET &#8211; GALERIE METZGER\",\"isPartOf\":{\"@id\":\"https:\/\/www.galerie-metzger.de\/de\/#website\"},\"primaryImageOfPage\":{\"@id\":\"https:\/\/www.galerie-metzger.de\/de\/expo\/geerdet\/#primaryimage\"},\"image\":{\"@id\":\"https:\/\/www.galerie-metzger.de\/de\/expo\/geerdet\/#primaryimage\"},\"thumbnailUrl\":\"https:\/\/www.galerie-metzger.de\/wp-content\/uploads\/2022\/05\/Erik-Hilber-Z.I.P.L.galerie-metzger-sculpture-ceramic-art-object-keramikkunst-gallery-kaufen-scaled.jpg\",\"datePublished\":\"2022-05-07T19:16:10+00:00\",\"dateModified\":\"2022-10-11T17:08:28+00:00\",\"breadcrumb\":{\"@id\":\"https:\/\/www.galerie-metzger.de\/de\/expo\/geerdet\/#breadcrumb\"},\"inLanguage\":\"de\",\"potentialAction\":[{\"@type\":\"ReadAction\",\"target\":[\"https:\/\/www.galerie-metzger.de\/de\/expo\/geerdet\/\"]}]},{\"@type\":\"ImageObject\",\"inLanguage\":\"de\",\"@id\":\"https:\/\/www.galerie-metzger.de\/de\/expo\/geerdet\/#primaryimage\",\"url\":\"https:\/\/www.galerie-metzger.de\/wp-content\/uploads\/2022\/05\/Erik-Hilber-Z.I.P.L.galerie-metzger-sculpture-ceramic-art-object-keramikkunst-gallery-kaufen-scaled.jpg\",\"contentUrl\":\"https:\/\/www.galerie-metzger.de\/wp-content\/uploads\/2022\/05\/Erik-Hilber-Z.I.P.L.galerie-metzger-sculpture-ceramic-art-object-keramikkunst-gallery-kaufen-scaled.jpg\",\"width\":2560,\"height\":1707,\"caption\":\"Erik Hilber Z.I.P.L.galerie metzger sculpture ceramic art object keramikkunst gallery kaufen\"},{\"@type\":\"BreadcrumbList\",\"@id\":\"https:\/\/www.galerie-metzger.de\/de\/expo\/geerdet\/#breadcrumb\",\"itemListElement\":[{\"@type\":\"ListItem\",\"position\":1,\"name\":\"Startseite\",\"item\":\"https:\/\/www.galerie-metzger.de\/de\/start-20260213-de\/\"},{\"@type\":\"ListItem\",\"position\":2,\"name\":\"GEERDET\"}]},{\"@type\":\"WebSite\",\"@id\":\"https:\/\/www.galerie-metzger.de\/de\/#website\",\"url\":\"https:\/\/www.galerie-metzger.de\/de\/\",\"name\":\"GALERIE METZGER\",\"description\":\"Keramik \u2013\u00a0Plastik \u2013\u00a0Kunst\",\"publisher\":{\"@id\":\"https:\/\/www.galerie-metzger.de\/de\/#organization\"},\"potentialAction\":[{\"@type\":\"SearchAction\",\"target\":{\"@type\":\"EntryPoint\",\"urlTemplate\":\"https:\/\/www.galerie-metzger.de\/de\/?s={search_term_string}\"},\"query-input\":{\"@type\":\"PropertyValueSpecification\",\"valueRequired\":true,\"valueName\":\"search_term_string\"}}],\"inLanguage\":\"de\"},{\"@type\":\"Organization\",\"@id\":\"https:\/\/www.galerie-metzger.de\/de\/#organization\",\"name\":\"GALERIE METZGER\",\"url\":\"https:\/\/www.galerie-metzger.de\/de\/\",\"logo\":{\"@type\":\"ImageObject\",\"inLanguage\":\"de\",\"@id\":\"https:\/\/www.galerie-metzger.de\/de\/#\/schema\/logo\/image\/\",\"url\":\"https:\/\/www.galerie-metzger.de\/wp-content\/uploads\/2018\/01\/galerie-metzger_logo_2018.png\",\"contentUrl\":\"https:\/\/www.galerie-metzger.de\/wp-content\/uploads\/2018\/01\/galerie-metzger_logo_2018.png\",\"width\":740,\"height\":340,\"caption\":\"GALERIE METZGER\"},\"image\":{\"@id\":\"https:\/\/www.galerie-metzger.de\/de\/#\/schema\/logo\/image\/\"}},{\"@type\":\"Person\",\"@id\":\"https:\/\/www.galerie-metzger.de\/de\/#\/schema\/person\/de40226dffedff12173595e065b355f4\",\"name\":\"Angelika Metzger\",\"image\":{\"@type\":\"ImageObject\",\"inLanguage\":\"de\",\"@id\":\"https:\/\/www.galerie-metzger.de\/de\/#\/schema\/person\/image\/\",\"url\":\"https:\/\/secure.gravatar.com\/avatar\/dcd8c624421a40d9ea1372799a6665c5d7c11319774bd77bb802a0c8910009e0?s=96&d=mm&r=g\",\"contentUrl\":\"https:\/\/secure.gravatar.com\/avatar\/dcd8c624421a40d9ea1372799a6665c5d7c11319774bd77bb802a0c8910009e0?s=96&d=mm&r=g\",\"caption\":\"Angelika Metzger\"},\"sameAs\":[\"http:\/\/www.galerie-metzger.de\"]}]}<\/script>\n<!-- \/ Yoast SEO plugin. -->","yoast_head_json":{"title":"GEERDET &#8211; GALERIE METZGER","robots":{"index":"index","follow":"follow","max-snippet":"max-snippet:-1","max-image-preview":"max-image-preview:large","max-video-preview":"max-video-preview:-1"},"canonical":"https:\/\/www.galerie-metzger.de\/de\/expo\/geerdet\/","og_locale":"de_DE","og_type":"article","og_title":"GEERDET &#8211; GALERIE METZGER","og_description":"26.06.2022 \u2013 17.07.2022 GEERDET - auf diesem Untergrund pr\u00e4sentiert die neue Ausstellung Keramiken f\u00fcrs t\u00e4gliche Leben und plastische Arbeiten.","og_url":"https:\/\/www.galerie-metzger.de\/de\/expo\/geerdet\/","og_site_name":"GALERIE METZGER","article_published_time":"2022-05-07T19:16:10+00:00","article_modified_time":"2022-10-11T17:08:28+00:00","og_image":[{"width":1090,"height":727,"url":"https:\/\/www.galerie-metzger.de\/wp-content\/uploads\/2022\/05\/Erik-Hilber-Z.I.P.L.galerie-metzger-sculpture-ceramic-art-object-keramikkunst-gallery-kaufen-1090x727.jpg","type":"image\/jpeg"}],"author":"Angelika Metzger","twitter_card":"summary_large_image","twitter_misc":{"Verfasst von":"Angelika Metzger","Gesch\u00e4tzte Lesezeit":"24\u00a0Minuten"},"schema":{"@context":"https:\/\/schema.org","@graph":[{"@type":"Article","@id":"https:\/\/www.galerie-metzger.de\/de\/expo\/geerdet\/#article","isPartOf":{"@id":"https:\/\/www.galerie-metzger.de\/de\/expo\/geerdet\/"},"author":{"name":"Angelika Metzger","@id":"https:\/\/www.galerie-metzger.de\/de\/#\/schema\/person\/de40226dffedff12173595e065b355f4"},"headline":"GEERDET","datePublished":"2022-05-07T19:16:10+00:00","dateModified":"2022-10-11T17:08:28+00:00","mainEntityOfPage":{"@id":"https:\/\/www.galerie-metzger.de\/de\/expo\/geerdet\/"},"wordCount":9131,"publisher":{"@id":"https:\/\/www.galerie-metzger.de\/de\/#organization"},"image":{"@id":"https:\/\/www.galerie-metzger.de\/de\/expo\/geerdet\/#primaryimage"},"thumbnailUrl":"https:\/\/www.galerie-metzger.de\/wp-content\/uploads\/2022\/05\/Erik-Hilber-Z.I.P.L.galerie-metzger-sculpture-ceramic-art-object-keramikkunst-gallery-kaufen-scaled.jpg","articleSection":["expo","expo_past"],"inLanguage":"de"},{"@type":"WebPage","@id":"https:\/\/www.galerie-metzger.de\/de\/expo\/geerdet\/","url":"https:\/\/www.galerie-metzger.de\/de\/expo\/geerdet\/","name":"GEERDET &#8211; GALERIE METZGER","isPartOf":{"@id":"https:\/\/www.galerie-metzger.de\/de\/#website"},"primaryImageOfPage":{"@id":"https:\/\/www.galerie-metzger.de\/de\/expo\/geerdet\/#primaryimage"},"image":{"@id":"https:\/\/www.galerie-metzger.de\/de\/expo\/geerdet\/#primaryimage"},"thumbnailUrl":"https:\/\/www.galerie-metzger.de\/wp-content\/uploads\/2022\/05\/Erik-Hilber-Z.I.P.L.galerie-metzger-sculpture-ceramic-art-object-keramikkunst-gallery-kaufen-scaled.jpg","datePublished":"2022-05-07T19:16:10+00:00","dateModified":"2022-10-11T17:08:28+00:00","breadcrumb":{"@id":"https:\/\/www.galerie-metzger.de\/de\/expo\/geerdet\/#breadcrumb"},"inLanguage":"de","potentialAction":[{"@type":"ReadAction","target":["https:\/\/www.galerie-metzger.de\/de\/expo\/geerdet\/"]}]},{"@type":"ImageObject","inLanguage":"de","@id":"https:\/\/www.galerie-metzger.de\/de\/expo\/geerdet\/#primaryimage","url":"https:\/\/www.galerie-metzger.de\/wp-content\/uploads\/2022\/05\/Erik-Hilber-Z.I.P.L.galerie-metzger-sculpture-ceramic-art-object-keramikkunst-gallery-kaufen-scaled.jpg","contentUrl":"https:\/\/www.galerie-metzger.de\/wp-content\/uploads\/2022\/05\/Erik-Hilber-Z.I.P.L.galerie-metzger-sculpture-ceramic-art-object-keramikkunst-gallery-kaufen-scaled.jpg","width":2560,"height":1707,"caption":"Erik Hilber Z.I.P.L.galerie metzger sculpture ceramic art object keramikkunst gallery kaufen"},{"@type":"BreadcrumbList","@id":"https:\/\/www.galerie-metzger.de\/de\/expo\/geerdet\/#breadcrumb","itemListElement":[{"@type":"ListItem","position":1,"name":"Startseite","item":"https:\/\/www.galerie-metzger.de\/de\/start-20260213-de\/"},{"@type":"ListItem","position":2,"name":"GEERDET"}]},{"@type":"WebSite","@id":"https:\/\/www.galerie-metzger.de\/de\/#website","url":"https:\/\/www.galerie-metzger.de\/de\/","name":"GALERIE METZGER","description":"Keramik \u2013\u00a0Plastik \u2013\u00a0Kunst","publisher":{"@id":"https:\/\/www.galerie-metzger.de\/de\/#organization"},"potentialAction":[{"@type":"SearchAction","target":{"@type":"EntryPoint","urlTemplate":"https:\/\/www.galerie-metzger.de\/de\/?s={search_term_string}"},"query-input":{"@type":"PropertyValueSpecification","valueRequired":true,"valueName":"search_term_string"}}],"inLanguage":"de"},{"@type":"Organization","@id":"https:\/\/www.galerie-metzger.de\/de\/#organization","name":"GALERIE METZGER","url":"https:\/\/www.galerie-metzger.de\/de\/","logo":{"@type":"ImageObject","inLanguage":"de","@id":"https:\/\/www.galerie-metzger.de\/de\/#\/schema\/logo\/image\/","url":"https:\/\/www.galerie-metzger.de\/wp-content\/uploads\/2018\/01\/galerie-metzger_logo_2018.png","contentUrl":"https:\/\/www.galerie-metzger.de\/wp-content\/uploads\/2018\/01\/galerie-metzger_logo_2018.png","width":740,"height":340,"caption":"GALERIE METZGER"},"image":{"@id":"https:\/\/www.galerie-metzger.de\/de\/#\/schema\/logo\/image\/"}},{"@type":"Person","@id":"https:\/\/www.galerie-metzger.de\/de\/#\/schema\/person\/de40226dffedff12173595e065b355f4","name":"Angelika Metzger","image":{"@type":"ImageObject","inLanguage":"de","@id":"https:\/\/www.galerie-metzger.de\/de\/#\/schema\/person\/image\/","url":"https:\/\/secure.gravatar.com\/avatar\/dcd8c624421a40d9ea1372799a6665c5d7c11319774bd77bb802a0c8910009e0?s=96&d=mm&r=g","contentUrl":"https:\/\/secure.gravatar.com\/avatar\/dcd8c624421a40d9ea1372799a6665c5d7c11319774bd77bb802a0c8910009e0?s=96&d=mm&r=g","caption":"Angelika Metzger"},"sameAs":["http:\/\/www.galerie-metzger.de"]}]}},"modified_by":"Angelika Metzger","_links":{"self":[{"href":"https:\/\/www.galerie-metzger.de\/de\/wp-json\/wp\/v2\/posts\/10616","targetHints":{"allow":["GET"]}}],"collection":[{"href":"https:\/\/www.galerie-metzger.de\/de\/wp-json\/wp\/v2\/posts"}],"about":[{"href":"https:\/\/www.galerie-metzger.de\/de\/wp-json\/wp\/v2\/types\/post"}],"author":[{"embeddable":true,"href":"https:\/\/www.galerie-metzger.de\/de\/wp-json\/wp\/v2\/users\/4"}],"replies":[{"embeddable":true,"href":"https:\/\/www.galerie-metzger.de\/de\/wp-json\/wp\/v2\/comments?post=10616"}],"version-history":[{"count":0,"href":"https:\/\/www.galerie-metzger.de\/de\/wp-json\/wp\/v2\/posts\/10616\/revisions"}],"wp:featuredmedia":[{"embeddable":true,"href":"https:\/\/www.galerie-metzger.de\/de\/wp-json\/wp\/v2\/media\/10658"}],"wp:attachment":[{"href":"https:\/\/www.galerie-metzger.de\/de\/wp-json\/wp\/v2\/media?parent=10616"}],"wp:term":[{"taxonomy":"category","embeddable":true,"href":"https:\/\/www.galerie-metzger.de\/de\/wp-json\/wp\/v2\/categories?post=10616"},{"taxonomy":"post_tag","embeddable":true,"href":"https:\/\/www.galerie-metzger.de\/de\/wp-json\/wp\/v2\/tags?post=10616"}],"curies":[{"name":"wp","href":"https:\/\/api.w.org\/{rel}","templated":true}]}}